{"id":1011,"date":"2018-11-08T13:31:00","date_gmt":"2018-11-08T12:31:00","guid":{"rendered":"https:\/\/innerfrench.com\/?p=1011"},"modified":"2025-10-01T12:54:30","modified_gmt":"2025-10-01T10:54:30","slug":"53-beaute-tout-prix","status":"publish","type":"post","link":"https:\/\/innerfrench.com\/53-beaute-tout-prix\/","title":{"rendered":"#53 La beaut\u00e9 \u00e0 tout prix"},"content":{"rendered":"\n<p>Salut \u00e0 tous et bienvenue pour ce nouvel \u00e9pisode ! Je suis tr\u00e8s content de vous retrouver. Je sais que j&#8217;ai fait une pause un peu plus longue que pr\u00e9vu. Normalement j&#8217;\u00e9tais cens\u00e9 publier un podcast la semaine derni\u00e8re, publier un nouvel \u00e9pisode, mais malheureusement, j&#8217;avais encore un peu de travail sur le programme donc je n&#8217;ai pas eu le temps de le faire. Mais voil\u00e0, \u00e7a y est, je suis de retour et \u00e0 partir de maintenant on va reprendre le rythme r\u00e9gulier avec un nouvel \u00e9pisode toutes les 2 semaines.<\/p>\n\n\n\n<p><a id=\"sonaar_ts-6927d5bf0ef20\" class=\"srmp3_sonaar_ts_shortcode\"  style=\"\" href=\"javascript:sonaar_ts_shortcode({ trackid:'0', time:'00:00:48', ts_id:'6927d5bf0ef20', play_icon:'' }) ;\">[00:00:48]<\/a> Ah oui, j&#8217;en profite ici pour faire une petite correction. Parfois, j&#8217;ai des \u00e9l\u00e8ves qui disent &#8220;chaque 2 semaines&#8221; mais &#8220;chaque&#8221;, on l&#8217;utilise seulement quand il y a 1 unit\u00e9. Par exemple, on peut dire : &#8220;chaque jour&#8221;, &#8220;chaque mois&#8221;, &#8220;chaque ann\u00e9e&#8221;, &#8220;chaque heure&#8221;, etc. Mais, quand vous avez plusieurs unit\u00e9s, il faut utiliser &#8220;tous les&#8221; quand c&#8217;est masculin (par exemple : &#8220;tous les 3 jours&#8221;, &#8220;tous les 6 mois&#8221;) et &#8220;toutes les&#8221; quand c&#8217;est f\u00e9minin (par exemple : &#8220;toutes les 30 minutes&#8221;). Voil\u00e0, c&#8217;\u00e9tait juste une petite pr\u00e9cision pour bien commencer cet \u00e9pisode.<\/p>\n\n\n\n<p><a id=\"sonaar_ts-6927d5bf0ef2e\" class=\"srmp3_sonaar_ts_shortcode\"  style=\"\" href=\"javascript:sonaar_ts_shortcode({ trackid:'0', time:'00:01:31', ts_id:'6927d5bf0ef2e', play_icon:'' }) ;\">[00:01:31]<\/a> Je voulais aussi&#8230;vous dire quelques mots, justement, sur le programme. J&#8217;ai \u00e9t\u00e9 assez surpris, pour \u00eatre honn\u00eate, des r\u00e9sultats parce que beaucoup d&#8217;entre vous ont d\u00e9cid\u00e9 de rejoindre le programme. Et, voil\u00e0, je m&#8217;attendais pas \u00e0 avoir tellement de personnes qui seraient int\u00e9ress\u00e9es par ce programme. Donc c&#8217;est vraiment g\u00e9nial ! Je suis tr\u00e8s reconnaissant ! Merci \u00e0 tous ceux d&#8217;entre vous qui ont d\u00e9cid\u00e9 de participer au programme. On a un super groupe tous ensemble sur Facebook et je vois que vous \u00eates tr\u00e8s motiv\u00e9s pour progresser, pour pratiquer tous les jours. Donc c&#8217;est vraiment g\u00e9nial pour moi. Je suis super content d&#8217;avoir des \u00e9tudiants aussi motiv\u00e9s et d&#8217;avoir la chance de vous aider \u00e0 progresser en fran\u00e7ais.<\/p>\n\n\n\n<p><a id=\"sonaar_ts-6927d5bf0ef35\" class=\"srmp3_sonaar_ts_shortcode\"  style=\"\" href=\"javascript:sonaar_ts_shortcode({ trackid:'0', time:'00:02:29', ts_id:'6927d5bf0ef35', play_icon:'' }) ;\">[00:02:29]<\/a> Ici, vous avez vu, j&#8217;ai utilis\u00e9 le mot &#8220;s&#8217;attendre \u00e0&#8221;. Je vous ai dit que je ne m&#8217;attendais pas \u00e0 avoir tellement de participants pour le programme. Donc \u00e7a, c&#8217;est un verbe tr\u00e8s utile : &#8220;s&#8217;attendre \u00e0&#8221;. \u00c7a veut dire : &#8220;avoir certaines expectations&#8221;. En fran\u00e7ais, il y a le verbe &#8220;expecter&#8221;, mais on ne l&#8217;utilise pas vraiment. On utilise plut\u00f4t &#8220;s&#8217;attendre \u00e0&#8221;. Donc ici, j&#8217;ai dit : &#8220;Je m&#8217;attendais pas \u00e0 avoir tellement de participants.&#8221; Voil\u00e0, le verbe &#8220;s&#8217;attendre \u00e0&#8221;. Essayez de le retenir parce que c&#8217;est un verbe qui peut vraiment \u00eatre tr\u00e8s utile. Voil\u00e0, c&#8217;est tout ce que je voulais vous dire sur ce programme. Je sais que certains d&#8217;entre vous n&#8217;ont pas eu le temps de s&#8217;inscrire et qu&#8217;ils m&#8217;ont demand\u00e9 s&#8217;il \u00e9tait toujours possible de le faire. Donc malheureusement non car les inscriptions sont ferm\u00e9es pour le moment. Mais, je vais les r\u00e9ouvrir l&#8217;ann\u00e9e prochaine, d\u00e9but 2019. Donc si vous avez toujours envie, \u00e0 ce moment-l\u00e0, d&#8217;am\u00e9liorer votre fran\u00e7ais, d&#8217;utiliser ce programme pour progresser, vous aurez l&#8217;opportunit\u00e9 de le rejoindre. Mais jusqu&#8217;\u00e0 cette r\u00e9ouverture des inscriptions, c&#8217;est impossible.<\/p>\n\n\n\n<p><a id=\"sonaar_ts-6927d5bf0ef3a\" class=\"srmp3_sonaar_ts_shortcode\"  style=\"\" href=\"javascript:sonaar_ts_shortcode({ trackid:'0', time:'00:03:50', ts_id:'6927d5bf0ef3a', play_icon:'' }) ;\">[00:03:50]<\/a> Ok, maintenant j&#8217;arr\u00eate de vous emb\u00eater avec le programme, je vais plus vous en parler jusqu&#8217;\u00e0 l&#8217;ann\u00e9e prochaine et on va pouvoir se concentrer sur le podcast. Pour commencer, on va \u00e9couter un message que j&#8217;ai re\u00e7u il y a d\u00e9j\u00e0 quelques semaines d&#8217;une auditrice du podcast qui s&#8217;appelle Fabiana. C&#8217;est un message tr\u00e8s sp\u00e9cial qui m&#8217;a beaucoup touch\u00e9. Et vous allez comprendre pourquoi.<\/p>\n\n\n\n<p><a id=\"sonaar_ts-6927d5bf0ef47\" class=\"srmp3_sonaar_ts_shortcode\"  style=\"\" href=\"javascript:sonaar_ts_shortcode({ trackid:'0', time:'00:04:23', ts_id:'6927d5bf0ef47', play_icon:'' }) ;\">[00:04:23]<\/a> Salut Hugo,<br>Je m&#8217;appelle Fabiana. Je suis br\u00e9silienne. Comment vas-tu ? Cette fois, je te contacte pour raconter une histoire qui est peut-\u00eatre \u00e9mouvante. Mon cher grand-p\u00e8re est d\u00e9c\u00e9d\u00e9 hier. Il avait 91 ans et sa sant\u00e9 \u00e9tait trop fragile. Il avait Parkinson et \u00e9tait \u00e0 l&#8217;h\u00f4pital depuis presque deux mois. Alors, apr\u00e8s toute cette souffrance, il est parti. Mais tu peux te demander pourquoi je te dis \u00e7a. Eh bien, mon grand-p\u00e8re \u00e9tait ma grande inspiration pour apprendre les langues \u00e9trang\u00e8res. Sa m\u00e8re \u00e9tait anglaise et gr\u00e2ce \u00e0 elle, il a appris l&#8217;anglais. Il m&#8217;a encourag\u00e9 toute sa vie \u00e0 parler anglais et j&#8217;ai appris cette langue quand j&#8217;\u00e9tais petite. Et aujourd&#8217;hui, je suis professeure.<\/p>\n\n\n\n<p><a id=\"sonaar_ts-6927d5bf0ef4b\" class=\"srmp3_sonaar_ts_shortcode\"  style=\"\" href=\"javascript:sonaar_ts_shortcode({ trackid:'0', time:'00:05:19', ts_id:'6927d5bf0ef4b', play_icon:'' }) ;\">[00:05:19]<\/a> Mais sa grande passion, en fait, \u00e9tait la langue fran\u00e7aise. Il connaissait la langue et la culture fran\u00e7aises m\u00eame sans jamais avoir \u00e9t\u00e9 en France. Quand il \u00e9tait jeune il a \u00e9t\u00e9 professeur de fran\u00e7ais \u00e0 l&#8217;Alliance fran\u00e7aise \u00e0 Recife, la ville au bord de la mer, au nord-est du Br\u00e9sil, o\u00f9 nous habitons. Comme je l&#8217;ai d\u00e9j\u00e0 dit, sa passion pour les langues m&#8217;a influenc\u00e9e. Il y a quelques ann\u00e9es, j&#8217;ai d\u00e9cid\u00e9 d&#8217;apprendre le fran\u00e7ais.<\/p>\n\n\n\n<p><a id=\"sonaar_ts-6927d5bf0ef50\" class=\"srmp3_sonaar_ts_shortcode\"  style=\"\" href=\"javascript:sonaar_ts_shortcode({ trackid:'0', time:'00:05:54', ts_id:'6927d5bf0ef50', play_icon:'' }) ;\">[00:05:54]<\/a> Samedi dernier a \u00e9t\u00e9 la derni\u00e8re fois que je l&#8217;ai vu. Je lui ai rendu visite \u00e0 l&#8217;h\u00f4pital et je lui ai dit que j&#8217;\u00e9tais en train de me pr\u00e9parer pour passer un examen de fran\u00e7ais pour savoir si je pouvais consid\u00e9rer mon niveau plus ou moins avanc\u00e9. Il m&#8217;a regard\u00e9 avec ses yeux bleus et il m&#8217;a fait un petit sourire. Il ne pouvait pas parler. Alors, je lui ai racont\u00e9 que pour m&#8217;entra\u00eener, j&#8217;\u00e9coutais une \u00e9mission sur internet d&#8217;un prof avec une voix douce. Je lui ai demand\u00e9 s&#8217;il voulait \u00e9couter l&#8217;histoire du Petit Prince avec moi. Il a fait un petit mouvement avec sa t\u00eate (pour montrer qu&#8217;il \u00e9tait d&#8217;accord). J&#8217;ai mis ton podcast et nous avons \u00e9cout\u00e9 ensemble l&#8217;histoire du Petit Prince racont\u00e9e par toi. C&#8217;\u00e9tait un moment tr\u00e8s \u00e9mouvant pour moi, l&#8217;opportunit\u00e9 d&#8217;\u00eatre ensemble avec lui, la derni\u00e8re fois, en partageant une histoire aussi riche et pleine de philosophie.<\/p>\n\n\n\n<p><a id=\"sonaar_ts-6927d5bf0ef54\" class=\"srmp3_sonaar_ts_shortcode\"  style=\"\" href=\"javascript:sonaar_ts_shortcode({ trackid:'0', time:'00:07:03', ts_id:'6927d5bf0ef54', play_icon:'' }) ;\">[00:07:03]<\/a> Donc, je voudrais partager mon histoire avec toi et tes auditeurs et auditrices, pour te montrer qu&#8217;un prof ne sait jamais ou ses efforts peuvent arriver. Alors je te remercie une fois de plus pour tes podcasts, et je te souhaite beaucoup de succ\u00e8s dans tes projets.<\/p>\n\n\n\n<p>\u00c0 bient\u00f4t,<br>Fabiana<\/p>\n\n\n\n<p><a id=\"sonaar_ts-6927d5bf0ef59\" class=\"srmp3_sonaar_ts_shortcode\"  style=\"\" href=\"javascript:sonaar_ts_shortcode({ trackid:'0', time:'00:07:28', ts_id:'6927d5bf0ef59', play_icon:'' }) ;\">[00:07:28]<\/a> Merci Fabiana pour ton message et merci de m&#8217;avoir donn\u00e9 l&#8217;autorisation de le diffuser dans ce podcast parce que je sais que c&#8217;est quelque chose de tr\u00e8s personnel. Je suis d\u00e9sol\u00e9 d&#8217;apprendre le d\u00e9c\u00e8s de ton grand-p\u00e8re et je te pr\u00e9sente toutes mes condol\u00e9ances, comme on dit en fran\u00e7ais. C&#8217;est tr\u00e8s touchant pour moi d&#8217;apprendre que tu as d\u00e9cid\u00e9 de passer ces derniers moments avec ton grand-p\u00e8re en \u00e9coutant le podcast. Et je suis vraiment tr\u00e8s \u00e9mu d&#8217;entendre ton t\u00e9moignage. Donc voil\u00e0, un grand merci \u00e0 toi d&#8217;avoir partag\u00e9 \u00e7a avec moi. J&#8217;esp\u00e8re que tu vas r\u00e9ussir ton examen. Je trouve que tu parles vraiment tr\u00e8s bien, tu as un tr\u00e8s bon niveau. Donc \u00e0 mon avis, \u00e7a ne sera pas trop difficile pour toi.<\/p>\n\n\n\n<p><a id=\"sonaar_ts-6927d5bf0ef61\" class=\"srmp3_sonaar_ts_shortcode\"  style=\"\" href=\"javascript:sonaar_ts_shortcode({ trackid:'0', time:'00:08:25', ts_id:'6927d5bf0ef61', play_icon:'' }) ;\">[00:08:25]<\/a> C&#8217;est un peu difficile de rebondir, de continuer apr\u00e8s ce genre de message. Mais je voulais juste vous dire que je suis toujours tr\u00e8s reconnaissant et tr\u00e8s touch\u00e9 quand vous m&#8217;envoyez vos t\u00e9moignages et quand vous me dites que le podcast vous aide. Je sais qu&#8217;il y a beaucoup de personnes qui ont des professions, des m\u00e9tiers, qui sont tr\u00e8s utiles (beaucoup plus que ce podcast) et qui n&#8217;ont pas toujours la chance d&#8217;avoir des remerciements aussi directs que ceux que vous m&#8217;envoyez. Donc voil\u00e0, moi je suis vraiment conscient de la chance que j&#8217;ai de vous avoir comme auditeurs et de pouvoir \u00e9changer, de pouvoir partager tout \u00e7a avec vous. Encore une fois, je suis tr\u00e8s reconnaissant. Merci beaucoup \u00e0 vous pour tous vos messages, tous vos encouragements. \u00c7a me motive plus que jamais \u00e0 continuer ce podcast pour vous aider de mon mieux.<\/p>\n\n\n\n<p><a id=\"sonaar_ts-6927d5bf0ef69\" class=\"srmp3_sonaar_ts_shortcode\"  style=\"\" href=\"javascript:sonaar_ts_shortcode({ trackid:'0', time:'00:09:34', ts_id:'6927d5bf0ef69', play_icon:'' }) ;\">[00:09:34]<\/a> Maintenant on va passer au sujet du jour. Un sujet, j&#8217;esp\u00e8re, un peu plus l\u00e9ger. D&#8217;ailleurs, c&#8217;est un sujet qui m&#8217;a \u00e9t\u00e9 sugg\u00e9r\u00e9 par une de mes anciennes \u00e9l\u00e8ves, une \u00e9l\u00e8ve que j&#8217;avais quand je travaillais \u00e0 l&#8217;Institut fran\u00e7ais qui s&#8217;appelle Ewa. J&#8217;en profite pour la saluer : salut Ewa ! C&#8217;est un sujet qui concerne la beaut\u00e9.<\/p>\n\n\n\n<p><a id=\"sonaar_ts-6927d5bf0ef6e\" class=\"srmp3_sonaar_ts_shortcode\"  style=\"\" href=\"javascript:sonaar_ts_shortcode({ trackid:'0', time:'00:09:56', ts_id:'6927d5bf0ef6e', play_icon:'' }) ;\">[00:09:56]<\/a> Je pense que c&#8217;est un sujet int\u00e9ressant parce que l&#8217;ann\u00e9e derni\u00e8re, en 2017, la France, le gouvernement fran\u00e7ais, a adopt\u00e9 deux lois qui concernent la mode et les mannequins. Les mannequins, vous savez, ce sont ces personnes qui portent les v\u00eatements dans les d\u00e9fil\u00e9s de mode ou dans les publicit\u00e9s que vous pouvez voir dans les magazines, sur internet, par exemple. Et l&#8217;ann\u00e9e derni\u00e8re donc, le gouvernement a adopt\u00e9 deux lois qui concernent la mode et les mannequins. La premi\u00e8re loi qui a \u00e9t\u00e9 adopt\u00e9e, c&#8217;est une loi qui oblige d&#8217;ajouter une mention &#8220;Photographie retouch\u00e9e&#8221; sur une image quand cette image a \u00e9t\u00e9 modifi\u00e9e par un programme, par un logiciel comme par exemple Photoshop. Vous connaissez peut-\u00eatre Photoshop, c&#8217;est un logiciel qui permet de retoucher les photos, c&#8217;est-\u00e0-dire de les corriger, de les modifier, pour par exemple changer l&#8217;apparence d&#8217;une personne.<\/p>\n\n\n\n<p><a id=\"sonaar_ts-6927d5bf0ef72\" class=\"srmp3_sonaar_ts_shortcode\"  style=\"\" href=\"javascript:sonaar_ts_shortcode({ trackid:'0', time:'00:11:01', ts_id:'6927d5bf0ef72', play_icon:'' }) ;\">[00:11:01]<\/a> La deuxi\u00e8me loi, c&#8217;est une loi qui oblige les agences de mannequins (c&#8217;est-\u00e0-dire les agences qui recrutent les mannequins et qui les envoient travailler pour diff\u00e9rentes marques ou pour diff\u00e9rents d\u00e9fil\u00e9s). Cette loi, elle oblige les agences \u00e0 demander un certificat m\u00e9dical aux mannequins. Un certificat m\u00e9dical, c&#8217;est tout simplement un document que nous donne le m\u00e9decin pour assurer qu&#8217;on est en bonne sant\u00e9 et qu&#8217;on est capable, par exemple, de faire du sport. Je sais pas si c&#8217;est la m\u00eame chose dans les autres pays mais, en France, quand on veut s&#8217;inscrire dans un club de foot par exemple ou obtenir une licence pour jouer au tennis, on doit donner un certificat m\u00e9dical pour montrer qu&#8217;on est en bonne sant\u00e9 et que \u00e7a n&#8217;est pas dangereux pour nous de faire du sport.<\/p>\n\n\n\n<p><a id=\"sonaar_ts-6927d5bf0ef77\" class=\"srmp3_sonaar_ts_shortcode\"  style=\"\" href=\"javascript:sonaar_ts_shortcode({ trackid:'0', time:'00:11:54', ts_id:'6927d5bf0ef77', play_icon:'' }) ;\">[00:11:54]<\/a> Alors l\u00e0, vous vous demandez peut-\u00eatre : mais pourquoi les mannequins auraient besoin d&#8217;un certificat m\u00e9dical ? Parce que c&#8217;est vrai que faire un d\u00e9fil\u00e9 de mode ou des photos pour un magazine, bon c&#8217;est pas l&#8217;activit\u00e9 la plus dangereuse du monde. Mais en fait, c&#8217;est un moyen de s&#8217;assurer que les mannequins ne sont pas trop maigres. &#8220;Maigre&#8221;, c&#8217;est un adjectif, c&#8217;est le contraire de &#8220;gros&#8221;. Vous le connaissez peut-\u00eatre. Il y en a un deuxi\u00e8me, c&#8217;est l&#8217;adjectif &#8220;mince&#8221;. La diff\u00e9rence&#8230; en fait, ils ont plus ou moins le m\u00eame sens, mais la diff\u00e9rence, c&#8217;est que l&#8217;adjectif &#8220;mince&#8221; a un sens plut\u00f4t positif alors que &#8220;maigre&#8221;, c&#8217;est plus n\u00e9gatif. C&#8217;est un peu comme en anglais &#8220;slim&#8221; et &#8220;skinny&#8221;.<\/p>\n\n\n\n<p><a id=\"sonaar_ts-6927d5bf0ef7b\" class=\"srmp3_sonaar_ts_shortcode\"  style=\"\" href=\"javascript:sonaar_ts_shortcode({ trackid:'0', time:'00:12:43', ts_id:'6927d5bf0ef7b', play_icon:'' }) ;\">[00:12:43]<\/a> Donc, le probl\u00e8me, c&#8217;est que les marques de haute couture, par exemple, ou les grandes marques du secteur de la mode, veulent avoir des mannequins qui sont de plus en plus minces. Et \u00e7a, \u00e7a devient dangereux, justement, pour la sant\u00e9 de ces mannequins. Gr\u00e2ce \u00e0 cette nouvelle loi, les m\u00e9decins, en particulier les m\u00e9decins du travail, vont pouvoir s&#8217;assurer que la sant\u00e9 des mannequins n&#8217;est pas en danger, qu&#8217;elles mangent assez, qu&#8217;elles ont un indice de masse corporelle qui est correct, qui est dans la norme. Et si \u00e7a n&#8217;est pas le cas, ils ne donneront pas de certificat m\u00e9dical et en th\u00e9orie, les mannequins ne pourront pas travailler en France.<\/p>\n\n\n\n<p><a id=\"sonaar_ts-6927d5bf0ef80\" class=\"srmp3_sonaar_ts_shortcode\"  style=\"\" href=\"javascript:sonaar_ts_shortcode({ trackid:'0', time:'00:13:30', ts_id:'6927d5bf0ef80', play_icon:'' }) ;\">[00:13:30]<\/a> L&#8217;objectif de ces deux lois, c&#8217;est \u00e9videmment de prot\u00e9ger les mannequins, de prot\u00e9ger leur sant\u00e9, mais pas seulement. Quand on ouvre un magazine et qu&#8217;on voit une publicit\u00e9 avec un mannequin, ou alors qu&#8217;on regarde un d\u00e9fil\u00e9 de mode, on a une certaine image de la beaut\u00e9 et c&#8217;est une image qui n&#8217;est pas r\u00e9aliste. Elle n&#8217;est pas r\u00e9aliste parce que, d\u00e9j\u00e0, ces mannequins font \u00e9norm\u00e9ment d&#8217;efforts pour avoir le corps qu&#8217;ils ont, avoir cette apparence. Mais en plus, tr\u00e8s souvent, leur image est retouch\u00e9e par des logiciels, leur image est corrig\u00e9e sur des programmes informatiques. Mais nous, quand on voit ces images, on n&#8217;est pas toujours conscients de \u00e7a. C&#8217;est vrai que c&#8217;est peut-\u00eatre quelque chose qu&#8217;on a d\u00e9j\u00e0 entendu ou lu. On sait que c&#8217;est le cas, mais quand on voit ce genre d&#8217;images, on ne pense pas \u00e0 tout ce qu&#8217;il y a derri\u00e8re. On pense simplement \u00e0 l&#8217;id\u00e9al de beaut\u00e9 qui est repr\u00e9sent\u00e9 et assez logiquement, on a envie de ressembler \u00e0 cet id\u00e9al.<\/p>\n\n\n\n<p><a id=\"sonaar_ts-6927d5bf0ef84\" class=\"srmp3_sonaar_ts_shortcode\"  style=\"\" href=\"javascript:sonaar_ts_shortcode({ trackid:'0', time:'00:14:40', ts_id:'6927d5bf0ef84', play_icon:'' }) ;\">[00:14:40]<\/a> Et \u00e7a, \u00e7a provoque de nombreux probl\u00e8mes, notamment chez les jeunes qui sont victimes de troubles du comportement alimentaire (par exemple l&#8217;anorexie ou la boulimie). C&#8217;est pas un probl\u00e8me anodin. C&#8217;est vraiment quelque chose d&#8217;assez significatif parce que chez les 15-24 ans en France, ces troubles du comportement alimentaire sont la deuxi\u00e8me cause de mortalit\u00e9. La premi\u00e8re cause de mortalit\u00e9 chez les jeunes de 15-24 ans, ce sont les accidents de la route, les accidents de voiture, et directement apr\u00e8s, la deuxi\u00e8me cause, ce sont ces troubles du comportement alimentaire. Et on comprend que bien souvent, ces troubles sont provoqu\u00e9s justement par les images qu&#8217;ils voient sur internet, dans les magazines, etc.<\/p>\n\n\n\n<p><a id=\"sonaar_ts-6927d5bf0ef8d\" class=\"srmp3_sonaar_ts_shortcode\"  style=\"\" href=\"javascript:sonaar_ts_shortcode({ trackid:'0', time:'00:15:31', ts_id:'6927d5bf0ef8d', play_icon:'' }) ;\">[00:15:31]<\/a> Face \u00e0 ce ph\u00e9nom\u00e8ne, la question qu&#8217;on peut se poser c&#8217;est : pourquoi ces jeunes sont-ils pr\u00eats \u00e0 faire tous ces sacrifices afin d&#8217;atteindre cet id\u00e9al de beaut\u00e9 ? Pourquoi sont-ils m\u00eame pr\u00eats \u00e0 sacrifier leur vie dans le but d&#8217;\u00eatre aussi beaux ou aussi belles que les mannequins qu&#8217;ils voient dans les magazines ?<\/p>\n\n\n\n<p><a id=\"sonaar_ts-6927d5bf0ef91\" class=\"srmp3_sonaar_ts_shortcode\"  style=\"\" href=\"javascript:sonaar_ts_shortcode({ trackid:'0', time:'00:15:51', ts_id:'6927d5bf0ef91', play_icon:'' }) ;\">[00:15:51]<\/a> Pour r\u00e9pondre \u00e0 \u00e7a, il faut d&#8217;abord se demander ce qu&#8217;est la beaut\u00e9. Il faut essayer de d\u00e9finir un peu plus pr\u00e9cis\u00e9ment ce concept. La beaut\u00e9, c&#8217;est une caract\u00e9ristique qui provoque de l&#8217;admiration parce qu&#8217;elle est sup\u00e9rieure \u00e0 la norme. Elle est au-dessus de la moyenne. Bien souvent, quand on pense \u00e0 la beaut\u00e9, on pense surtout \u00e0 la beaut\u00e9 physique. Si les mannequins sont consid\u00e9r\u00e9es comme belles, c&#8217;est parce qu&#8217;elles sont plus minces que les autres. Elles sont&#8230; elles ont un physique diff\u00e9rent de la moyenne. Et aujourd&#8217;hui, la minceur, c&#8217;est une caract\u00e9ristique qui est tr\u00e8s valoris\u00e9e par notre soci\u00e9t\u00e9.<\/p>\n\n\n\n<p><a id=\"sonaar_ts-6927d5bf0ef96\" class=\"srmp3_sonaar_ts_shortcode\"  style=\"\" href=\"javascript:sonaar_ts_shortcode({ trackid:'0', time:'00:16:35', ts_id:'6927d5bf0ef96', play_icon:'' }) ;\">[00:16:35]<\/a> Mais ce qui est int\u00e9ressant, c&#8217;est que la beaut\u00e9 a \u00e9galement un objectif biologique. L&#8217;objectif biologique de la beaut\u00e9, c&#8217;est de plaire \u00e0 des partenaires sexuels potentiels pour se reproduire. Parce que chaque organisme vivant a deux objectifs, a deux buts principaux. Le premier, c&#8217;est de survivre. Et le deuxi\u00e8me, c&#8217;est de se reproduire pour propager, pour diffuser ses g\u00e8nes. Mais aujourd&#8217;hui, avec ces maladies comme l&#8217;anorexie, on comprend que cette qu\u00eate de la beaut\u00e9 est dangereuse pour la sant\u00e9. Certaines personnes sont pr\u00eates \u00e0 se priver de nourriture (c&#8217;est-\u00e0-dire \u00e0 ne pas manger ou \u00e0 manger beaucoup moins qu&#8217;elles ne le devraient) simplement pour atteindre cet id\u00e9al de beaut\u00e9. Alors que c&#8217;est assez paradoxal parce que manger, c&#8217;est un besoin primaire, un besoin qui aujourd&#8217;hui est parfois sacrifi\u00e9 au nom de la beaut\u00e9.<\/p>\n\n\n\n<p><a id=\"sonaar_ts-6927d5bf0efa9\" class=\"srmp3_sonaar_ts_shortcode\"  style=\"\" href=\"javascript:sonaar_ts_shortcode({ trackid:'0', time:'00:17:38', ts_id:'6927d5bf0efa9', play_icon:'' }) ;\">[00:17:38]<\/a> La question \u00e0 laquelle on va essayer de r\u00e9pondre dans cet \u00e9pisode, c&#8217;est pourquoi sommes nous pr\u00eats \u00e0 faire tous ces sacrifices pour la beaut\u00e9 ? Est-ce que la beaut\u00e9 m\u00e9rite vraiment qu&#8217;on fasse tant de sacrifices pour elle ?<\/p>\n\n\n\n<p><a id=\"sonaar_ts-6927d5bf0efad\" class=\"srmp3_sonaar_ts_shortcode\"  style=\"\" href=\"javascript:sonaar_ts_shortcode({ trackid:'0', time:'00:17:58', ts_id:'6927d5bf0efad', play_icon:'' }) ;\">[00:17:58]<\/a> Aujourd&#8217;hui, on peut avoir l&#8217;impression que la beaut\u00e9 est devenue une sorte de dictature. C&#8217;est vraiment un enjeu crucial dans nos soci\u00e9t\u00e9s. Un enjeu, c&#8217;est une chose que l&#8217;on peut soit gagner, soit perdre. Par exemple, si vous participez \u00e0 une comp\u00e9tition, l&#8217;enjeu de la comp\u00e9tition, c&#8217;est de devenir le champion, de gagner. Donc la beaut\u00e9 est devenue un enjeu en m\u00eame temps que les soci\u00e9t\u00e9s se d\u00e9veloppaient \u00e9conomiquement.<\/p>\n\n\n\n<p><a id=\"sonaar_ts-6927d5bf0efb2\" class=\"srmp3_sonaar_ts_shortcode\"  style=\"\" href=\"javascript:sonaar_ts_shortcode({ trackid:'0', time:'00:18:32', ts_id:'6927d5bf0efb2', play_icon:'' }) ;\">[00:18:32]<\/a> Peut-\u00eatre que vous avez d\u00e9j\u00e0 entendu parler de la pyramide des besoins. Elle a \u00e9t\u00e9 cr\u00e9\u00e9e par un psychologue qui s&#8217;appelle Maslow. La pyramide des besoins, elle explique qu&#8217;au d\u00e9but, on a des besoins primaires et au fur et \u00e0 mesure que ces besoins sont satisfaits, il y en a de nouveaux qui apparaissent. Par exemple, au d\u00e9but, les besoins primaires, ce sont les besoins de nourriture, de s\u00e9curit\u00e9, les choses qui vont assurer notre survie imm\u00e9diate. Et puis, une fois que ces besoins sont satisfaits, on se concentre sur d&#8217;autres choses, par exemple sur notre \u00e9panouissement personnel, sur l&#8217;amour, sur des choses qui ne sont pas essentielles \u00e0 notre survie biologique mais qui deviennent progressivement de plus en plus importantes pour nous. On peut dire que ce besoin de beaut\u00e9 fait justement partie de ceux qui sont apparus gr\u00e2ce \u00e0 la satisfaction des besoins primaires.<\/p>\n\n\n\n<p><a id=\"sonaar_ts-6927d5bf0efb6\" class=\"srmp3_sonaar_ts_shortcode\"  style=\"\" href=\"javascript:sonaar_ts_shortcode({ trackid:'0', time:'00:19:37', ts_id:'6927d5bf0efb6', play_icon:'' }) ;\">[00:19:37]<\/a> Aujourd&#8217;hui, si la beaut\u00e9 est devenue un besoin, c&#8217;est parce que la comp\u00e9tition sur le march\u00e9 de l&#8217;amour est de plus en plus rude, elle est de plus en plus difficile. Simplement, pour r\u00e9sumer, on peut dire qu&#8217;aujourd&#8217;hui, il y a de plus en plus de concurrence entre les individus pour trouver un partenaire. Avant, les unions \u00e9taient plut\u00f4t strat\u00e9giques. C&#8217;\u00e9taient parfois les familles qui d\u00e9cidaient de notre futur mari ou de notre future femme. Mais aujourd&#8217;hui, comme on a beaucoup plus de libert\u00e9, ce choix du partenaire se fonde sur d&#8217;autres crit\u00e8res, des crit\u00e8res qui ne sont pas seulement \u00e9conomiques mais qui concernent \u00e9galement les sentiments, l&#8217;attirance physique, etc. Donc si on veut mettre toutes les chances de notre c\u00f4t\u00e9 pour trouver le bon partenaire, on doit se rendre le plus attirant possible.<\/p>\n\n\n\n<p><a id=\"sonaar_ts-6927d5bf0efbb\" class=\"srmp3_sonaar_ts_shortcode\"  style=\"\" href=\"javascript:sonaar_ts_shortcode({ trackid:'0', time:'00:20:34', ts_id:'6927d5bf0efbb', play_icon:'' }) ;\">[00:20:34]<\/a> C&#8217;est un d\u00e9sir qui est tr\u00e8s pr\u00e9sent en nous et que les entreprises ont bien compris parce que c&#8217;est une des promesses marketing les plus puissantes : \u00eatre plus d\u00e9sirable pour augmenter ses chances. Cette d\u00e9sirabilit\u00e9, elle peut \u00eatre physique mais pas seulement. On peut \u00e9galement s&#8217;acheter une belle voiture pour \u00eatre plus attirant. Aujourd&#8217;hui, cette promesse, elle est omnipr\u00e9sente. On la trouve dans \u00e9norm\u00e9ment de publicit\u00e9s. On a aussi l&#8217;impression qu&#8217;elle n&#8217;a jamais \u00e9t\u00e9 aussi accessible. Elle peut se mat\u00e9rialiser \u00e0 travers des v\u00eatements (donc on va acheter des nouveaux v\u00eatements pour \u00eatre plus \u00e0 la mode, pour \u00eatre plus attirant) mais \u00e9galement les produits cosm\u00e9tiques, les produits de beaut\u00e9, la chirurgie esth\u00e9tique et puis toutes les salles de sport qui vous promettent qu&#8217;en quelques semaines, vous allez pouvoir devenir tr\u00e8s muscl\u00e9 et avoir le corps de vos r\u00eaves. Tous ces secteurs, aujourd&#8217;hui, ont un poids \u00e9conomique \u00e9norme. Ils repr\u00e9sentent un tr\u00e8s gros march\u00e9 et beaucoup d&#8217;opportunit\u00e9s pour les entreprises. C&#8217;est pour \u00e7a que cette qu\u00eate de beaut\u00e9&#8230; cet id\u00e9al est devenu omnipr\u00e9sent. On le voit absolument partout.<\/p>\n\n\n\n<p><a id=\"sonaar_ts-6927d5bf0efc0\" class=\"srmp3_sonaar_ts_shortcode\"  style=\"\" href=\"javascript:sonaar_ts_shortcode({ trackid:'0', time:'00:22:00', ts_id:'6927d5bf0efc0', play_icon:'' }) ;\">[00:22:00]<\/a> Paradoxalement, il y a un domaine dans lequel la beaut\u00e9 \u00e9tait tr\u00e8s pr\u00e9sente qui semble aujourd&#8217;hui l&#8217;avoir compl\u00e8tement d\u00e9laiss\u00e9e, qui semble ne plus du tout s&#8217;int\u00e9resser \u00e0 elle. Ce domaine, c&#8217;est bien s\u00fbr celui de l&#8217;art. Pendant longtemps, la fonction de l&#8217;art \u00e9tait de repr\u00e9senter l&#8217;\u0153uvre de Dieu. Et comme l&#8217;\u0153uvre, la cr\u00e9ation de Dieu \u00e9tait par d\u00e9finition parfaite, l&#8217;art devait repr\u00e9senter cette perfection, cette beaut\u00e9 parfaite. On pensait d&#8217;ailleurs que cette beaut\u00e9 \u00e9tait universelle. Par exemple, \u00e0 la Renaissance, on pensait que la nature \u00e9tait compl\u00e8tement r\u00e9gie par des lois math\u00e9matiques et que le r\u00f4le de l&#8217;Homme, c&#8217;\u00e9tait de d\u00e9chiffrer, d&#8217;analyser ces lois math\u00e9matiques pour comprendre le secret de la beaut\u00e9 universelle, de la nature et de l&#8217;Homme.<\/p>\n\n\n\n<p><a id=\"sonaar_ts-6927d5bf0efc8\" class=\"srmp3_sonaar_ts_shortcode\"  style=\"\" href=\"javascript:sonaar_ts_shortcode({ trackid:'0', time:'00:22:59', ts_id:'6927d5bf0efc8', play_icon:'' }) ;\">[00:22:59]<\/a> Mais contrairement \u00e0 ce que les Grecs pensaient, la beaut\u00e9 n&#8217;est pas universelle. Les canons de beaut\u00e9, c&#8217;est-\u00e0-dire les id\u00e9aux et r\u00e8gles, on peut dire, de beaut\u00e9, eh bien ils changent selon les \u00e9poques et les pays. Sur ce sujet, il y a une vid\u00e9o tr\u00e8s int\u00e9ressante que vous pouvez regarder sur YouTube d&#8217;une cha\u00eene qui s&#8217;appelle DirtyBiology (mais c&#8217;est une cha\u00eene avec des vid\u00e9os en fran\u00e7ais) et dans cette vid\u00e9o, ils parlent justement de la dimension biologique de la beaut\u00e9 mais aussi artistique et ils connectent les deux. Donc c&#8217;est vraiment int\u00e9ressant et je vous encourage \u00e0 la regarder. Je vais mettre le lien dans la description de l&#8217;\u00e9pisode.<\/p>\n\n\n\n<p><a id=\"sonaar_ts-6927d5bf0efcc\" class=\"srmp3_sonaar_ts_shortcode\"  style=\"\" href=\"javascript:sonaar_ts_shortcode({ trackid:'0', time:'00:23:47', ts_id:'6927d5bf0efcc', play_icon:'' }) ;\">[00:23:47]<\/a> Et justement dans cette vid\u00e9o, ils expliquent qu&#8217;au Moyen- ge, dans les peintures, dans les tableaux que vous pouvez voir par exemple au mus\u00e9e du Louvre, les corps \u00e9taient repr\u00e9sent\u00e9s sous une forme tr\u00e8s allong\u00e9e (c&#8217;est-\u00e0-dire tr\u00e8s mince et longue) parce que, \u00e0 cette \u00e9poque, la minceur, voire m\u00eame la maigreur, c&#8217;\u00e9tait le signe de privation, c&#8217;est-\u00e0-dire du fait qu&#8217;on \u00e9tait pr\u00eat \u00e0 faire des sacrifices. Et cette privation \u00e9tait tr\u00e8s valoris\u00e9e dans la religion catholique. Au contraire, \u00e0 la Renaissance, on est revenu aux canons de l&#8217;Antiquit\u00e9, \u00e0 la d\u00e9finition antique de la beaut\u00e9. Ici, c&#8217;\u00e9tait l&#8217;id\u00e9e d&#8217;une beaut\u00e9 unique qui est l&#8217;\u0153uvre de Dieu. On repr\u00e9sentait cette beaut\u00e9 sous la forme d&#8217;une jeune fille, belle, saine (en bonne sant\u00e9) parce que \u00e7a, c&#8217;\u00e9tait synonyme de f\u00e9condit\u00e9. Et cette f\u00e9condit\u00e9, c&#8217;\u00e9tait la chose la plus valoris\u00e9e, la plus importante, \u00e0 cette \u00e9poque de la Renaissance. Et puis \u00e7a a encore chang\u00e9 au XIX\u00e8me si\u00e8cle. L\u00e0, dans les tableaux, on est pass\u00e9 au r\u00e9alisme et au naturalisme, c&#8217;est-\u00e0-dire \u00e0 une repr\u00e9sentation plus fid\u00e8le des corps, une repr\u00e9sentation plus proche de la r\u00e9alit\u00e9.<\/p>\n\n\n\n<p><a id=\"sonaar_ts-6927d5bf0efd1\" class=\"srmp3_sonaar_ts_shortcode\"  style=\"\" href=\"javascript:sonaar_ts_shortcode({ trackid:'0', time:'00:25:12', ts_id:'6927d5bf0efd1', play_icon:'' }) ;\">[00:25:12]<\/a> Tout \u00e7a, c&#8217;est simplement pour montrer que la beaut\u00e9 n&#8217;est pas seulement un crit\u00e8re biologique, c&#8217;est aussi une repr\u00e9sentation sociale, c&#8217;est aussi une construction sociale. Et l&#8217;id\u00e9al de beaut\u00e9 qu&#8217;on a aujourd&#8217;hui dans nos soci\u00e9t\u00e9s, il est tr\u00e8s diff\u00e9rent de celui qui existait \u00e0 la Renaissance, par exemple, ou m\u00eame de celui qu&#8217;on avait il y a seulement 50 ans. Et puis, cet id\u00e9al de beaut\u00e9 diff\u00e8re aussi en fonction des cultures, des pays et des continents. Par exemple, dans les pays asiatiques, on n&#8217;appr\u00e9cie pas forc\u00e9ment le m\u00eame type de beaut\u00e9 que dans les pays europ\u00e9ens ou dans les pays am\u00e9ricains. Et c&#8217;est pour \u00e7a que les mannequins, par exemple, ne sont pas exactement les m\u00eames, parce que les agences s&#8217;adaptent aux pr\u00e9f\u00e9rences, aux go\u00fbts des consommateurs et \u00e0 leur propre repr\u00e9sentation de la beaut\u00e9.<\/p>\n\n\n\n<p><a id=\"sonaar_ts-6927d5bf0efd5\" class=\"srmp3_sonaar_ts_shortcode\"  style=\"\" href=\"javascript:sonaar_ts_shortcode({ trackid:'0', time:'00:26:10', ts_id:'6927d5bf0efd5', play_icon:'' }) ;\">[00:26:10]<\/a> Mais bon, on va revenir au domaine artistique. En fait, si l&#8217;art s&#8217;est d\u00e9sint\u00e9ress\u00e9 de la beaut\u00e9, c&#8217;est parce qu&#8217;elle est devenue tellement omnipr\u00e9sente dans nos soci\u00e9t\u00e9s et qu&#8217;elle s&#8217;est tellement commercialis\u00e9e qu&#8217;elle en est devenue moins int\u00e9ressante pour les artistes. C&#8217;est le po\u00e8te Charles Baudelaire qui avait \u00e9crit : &#8220;le beau est toujours bizarre [&#8230;] Une bizarrerie na\u00efve, non voulue, inconsciente.&#8221; C&#8217;est une d\u00e9finition qui illustre bien la conception moderne de la beaut\u00e9. La beaut\u00e9 doit \u00eatre quelque chose de bizarre. Or, comme on voit cette beaut\u00e9 s&#8217;exhiber partout dans les magazines, sur internet, eh bien elle a perdu ce c\u00f4t\u00e9 un peu extraordinaire, ce c\u00f4t\u00e9 un peu bizarre, et elle int\u00e9resse moins les artistes. On peut dire que, en devenant un produit industriel, la beaut\u00e9 a quitt\u00e9 le domaine artistique. Aujourd&#8217;hui, l&#8217;art ne remplit plus simplement une fonction esth\u00e9tique. Il a d&#8217;autres buts. Il a d&#8217;autres objectifs. Et d&#8217;ailleurs, la majorit\u00e9 des Fran\u00e7ais pense qu&#8217;une \u0153uvre d&#8217;art n&#8217;a pas besoin d&#8217;\u00eatre belle, qu&#8217;il y a d&#8217;autres crit\u00e8res pour \u00e9valuer une \u0153uvre d&#8217;art.<\/p>\n\n\n\n<p><a id=\"sonaar_ts-6927d5bf0efde\" class=\"srmp3_sonaar_ts_shortcode\"  style=\"\" href=\"javascript:sonaar_ts_shortcode({ trackid:'0', time:'00:27:35', ts_id:'6927d5bf0efde', play_icon:'' }) ;\">[00:27:35]<\/a> Bref, la beaut\u00e9 a quitt\u00e9 le domaine artistique mais elle s&#8217;est install\u00e9e dans notre vie quotidienne. Si bien qu&#8217;aujourd&#8217;hui, on a l&#8217;impression que notre vie enti\u00e8re doit \u00eatre esth\u00e9tis\u00e9e. C&#8217;est quelque chose qui est tr\u00e8s visible sur les r\u00e9seaux sociaux et notamment sur la plateforme Instagram qui est un des r\u00e9seaux sociaux les plus populaires aujourd&#8217;hui. On voit sur Instagram que tout dans notre vie doit \u00eatre parfait. Tout doit \u00eatre beau. Pas seulement nous-m\u00eames physiquement, mais aussi notre appartement, nos amis, nos vacances. Bref, sur ce r\u00e9seau social, tout doit \u00eatre parfait. Toutes nos images doivent montrer que notre vie ressemble \u00e0 celle qu&#8217;on peut voir dans les magazines, aux vies de c\u00e9l\u00e9brit\u00e9s.<\/p>\n\n\n\n<p><a id=\"sonaar_ts-6927d5bf0efe2\" class=\"srmp3_sonaar_ts_shortcode\"  style=\"\" href=\"javascript:sonaar_ts_shortcode({ trackid:'0', time:'00:28:27', ts_id:'6927d5bf0efe2', play_icon:'' }) ;\">[00:28:27]<\/a> Si bien qu&#8217;il y a des personnes qui passent beaucoup de temps \u00e0 mettre en sc\u00e8ne leur vie, \u00e0 esth\u00e9tiser leur vie, on pourrait dire, pour donner cette image. \u00c9videmment, vous savez que cette vie n&#8217;est pas r\u00e9elle. Il y a de plus en plus de personnes qui s&#8217;expriment sur ce sujet, qui disent que les photos et ce qu&#8217;on peut voir sur les r\u00e9seaux sociaux n&#8217;est pas la vie r\u00e9elle. Mais malgr\u00e9 \u00e7a, c&#8217;est tr\u00e8s difficile pour nous, spectateurs, de se d\u00e9tacher, de prendre du recul, de prendre de la distance. On a tendance \u00e0 entrer dans ce jeu, \u00e0 vouloir jouer le jeu et \u00e0 vouloir nous aussi poster des photos de notre vie parfaite.<\/p>\n\n\n\n<p><a id=\"sonaar_ts-6927d5bf0efe6\" class=\"srmp3_sonaar_ts_shortcode\"  style=\"\" href=\"javascript:sonaar_ts_shortcode({ trackid:'0', time:'00:29:12', ts_id:'6927d5bf0efe6', play_icon:'' }) ;\">[00:29:12]<\/a> On peut penser que c&#8217;est une r\u00e9volution technologique mais \u00e7a n&#8217;est rien de nouveau. Les Dandys au XIX\u00e8me si\u00e8cle avaient cette m\u00eame approche. Ils voulaient faire de leur vie une \u0153uvre d&#8217;art, transformer leur vie en \u0153uvre d&#8217;art. Un des dandys les plus c\u00e9l\u00e8bres, c&#8217;\u00e9tait l&#8217;\u00e9crivain irlandais Oscar Wilde. Il a \u00e9crit un roman tr\u00e8s int\u00e9ressant sur ce sujet qui s&#8217;appelle Le portrait de DorianGray. Enfin, \u00e7a c&#8217;est le titre fran\u00e7ais. C&#8217;est un livre qui a \u00e9t\u00e9 publi\u00e9 en 1890, donc \u00e0 la fin du XIX\u00e8me si\u00e8cle.<\/p>\n\n\n\n<p><a id=\"sonaar_ts-6927d5bf0efee\" class=\"srmp3_sonaar_ts_shortcode\"  style=\"\" href=\"javascript:sonaar_ts_shortcode({ trackid:'0', time:'00:29:52', ts_id:'6927d5bf0efee', play_icon:'' }) ;\">[00:29:52]<\/a> L&#8217;histoire de ce livre, c&#8217;est celle d&#8217;un jeune homme d&#8217;une immense beaut\u00e9, un jeune homme qui est tr\u00e8s tr\u00e8s beau et qui vit \u00e0 Londres. Un jour, un ami peintre fait son portrait et ce portrait mat\u00e9rialise l&#8217;immense beaut\u00e9 de Dorian Gray. Quand Dorian Gray voit son portrait, il devient tr\u00e8s jaloux. Il devient jaloux de cette beaut\u00e9 parce qu&#8217;il sait que lui va vieillir et que progressivement il va perdre sa beaut\u00e9, alors que le tableau, le portrait, lui, va la garder pour toujours. Il s&#8217;\u00e9nerve et il souhaite inverser \u00e7a. Il souhaite que le portrait vieillisse \u00e0 sa place et que lui puisse rester aussi beau qu&#8217;il ne l&#8217;est \u00e0 ce moment l\u00e0. C&#8217;est une sorte de pacte avec le diable. Au moment o\u00f9 il fait ce souhait, on peut dire qu&#8217;il conclut un pacte avec le diable. Et ce pacte fonctionne ! C&#8217;est-\u00e0-dire que c&#8217;est le tableau qui commence \u00e0 vieillir alors que lui garde la m\u00eame apparence physique qu&#8217;au moment o\u00f9 le tableau a \u00e9t\u00e9 fait.<\/p>\n\n\n\n<p><a id=\"sonaar_ts-6927d5bf0eff3\" class=\"srmp3_sonaar_ts_shortcode\"  style=\"\" href=\"javascript:sonaar_ts_shortcode({ trackid:'0', time:'00:31:02', ts_id:'6927d5bf0eff3', play_icon:'' }) ;\">[00:31:02]<\/a> \u00c0 partir de ce moment-l\u00e0, son physique ne change plus, mais par contre son comportement, oui. Il commence \u00e0 \u00eatre de plus en plus m\u00e9chant, \u00e0 \u00eatre mauvais, \u00e0 commettre des crimes et des actes immoraux. Bref, il y a une sorte de laideur int\u00e9rieure qui appara\u00eet en lui. On a \u00e0 l&#8217;ext\u00e9rieur cette beaut\u00e9 physique et \u00e0 l&#8217;int\u00e9rieur une grande laideur, une laideur qui d&#8217;ailleurs se mat\u00e9rialise sur le tableau parce que le tableau, lui, change pour repr\u00e9senter le vrai visage de Dorian Gray.<\/p>\n\n\n\n<p><a id=\"sonaar_ts-6927d5bf0eff7\" class=\"srmp3_sonaar_ts_shortcode\"  style=\"\" href=\"javascript:sonaar_ts_shortcode({ trackid:'0', time:'00:31:41', ts_id:'6927d5bf0eff7', play_icon:'' }) ;\">[00:31:41]<\/a> Si vous n&#8217;avez pas lu ce livre, je ne vais pas vous raconter la fin, je ne vais pas faire de spoiler. Je vous invite vraiment \u00e0 le lire. Vous pouvez m\u00eame le lire en fran\u00e7ais, d&#8217;ailleurs. Simplement, cette histoire permet de voir que la beaut\u00e9 ne m\u00e9rite pas de faire tous ces sacrifices. La beaut\u00e9 ne m\u00e9rite pas qu&#8217;on sacrifie notre \u00e2me pour elle en la donnant au diable.<\/p>\n\n\n\n<p><a id=\"sonaar_ts-6927d5bf0effc\" class=\"srmp3_sonaar_ts_shortcode\"  style=\"\" href=\"javascript:sonaar_ts_shortcode({ trackid:'0', time:'00:32:10', ts_id:'6927d5bf0effc', play_icon:'' }) ;\">[00:32:10]<\/a> C&#8217;est comme \u00e7a qu&#8217;on va conclure cet \u00e9pisode. Aujourd&#8217;hui, il y a de plus en plus de messages pour combattre ces id\u00e9aux irr\u00e9alistes de beaut\u00e9, pour dire qu&#8217;il existe diff\u00e9rents types de beaut\u00e9 et que le plus important, c&#8217;est de s&#8217;accepter tel qu&#8217;on est, de s&#8217;accepter soi-m\u00eame pour vraiment \u00eatre heureux. \u00c9videmment, je sais que c&#8217;est plus facile \u00e0 dire qu&#8217;\u00e0 faire. S&#8217;accepter tel qu&#8217;on est, \u00e7a demande \u00e9galement un travail sur nous-m\u00eames. \u00c7a demande une r\u00e9flexion, ce n&#8217;est pas quelque chose de simple. Mais avec des efforts et avec un travail r\u00e9gulier, c&#8217;est possible. C&#8217;est possible d&#8217;y arriver, comme avec le fran\u00e7ais !<\/p>\n\n\n\n<p><a id=\"sonaar_ts-6927d5bf0f000\" class=\"srmp3_sonaar_ts_shortcode\"  style=\"\" href=\"javascript:sonaar_ts_shortcode({ trackid:'0', time:'00:32:55', ts_id:'6927d5bf0f000', play_icon:'' }) ;\">[00:32:55]<\/a> On va s&#8217;arr\u00eater l\u00e0. J&#8217;esp\u00e8re que \u00e7a vous a plu. Comme d&#8217;habitude, je vous invite \u00e0 laisser une petite \u00e9valuation sur iTunes si vous ne l&#8217;avez pas encore fait. Vous savez que \u00e7a m&#8217;aide beaucoup. \u00c7a m&#8217;aide \u00e0 faire conna\u00eetre le podcast \u00e0 d&#8217;autres personnes. En attendant, on se retrouve dans deux semaines pour un nouvel \u00e9pisode. \u00c0 bient\u00f4t !<\/p>\n","protected":false},"excerpt":{"rendered":"<p>Salut \u00e0 tous et bienvenue pour ce nouvel \u00e9pisode ! Je suis tr\u00e8s content de vous retrouver. Je sais que j&#8217;ai fait une pause un peu plus longue que pr\u00e9vu. Normalement j&#8217;\u00e9tais cens\u00e9 publier un podcast la semaine derni\u00e8re, publier un nouvel \u00e9pisode, mais malheureusement, j&#8217;avais encore un peu de travail sur le programme donc&#8230;<\/p>\n","protected":false},"author":1,"featured_media":289638,"comment_status":"open","ping_status":"open","sticky":false,"template":"","format":[189],"meta":{"_acf_changed":false,"_kad_blocks_custom_css":"","_kad_blocks_head_custom_js":"","_kad_blocks_body_custom_js":"","_kad_blocks_footer_custom_js":"","_kad_post_transparent":"","_kad_post_title":"","_kad_post_layout":"","_kad_post_sidebar_id":"","_kad_post_content_style":"","_kad_post_vertical_padding":"","_kad_post_feature":"","_kad_post_feature_position":"","_kad_post_header":false,"_kad_post_footer":false,"_kad_post_classname":"","footnotes":""},"categories":[168],"tags":[177,173,172],"class_list":["post-1011","post","type-post","status-publish","format-standard","has-post-thumbnail","hentry","category-podcast","tag-culture","tag-feminisme","tag-societe","format-solo-hugo"],"acf":[],"taxonomy_info":{"category":[{"value":168,"label":"Podcast"}],"post_tag":[{"value":177,"label":"Culture"},{"value":173,"label":"F\u00e9minisme"},{"value":172,"label":"Soci\u00e9t\u00e9"}],"format":[{"value":189,"label":"Solo Hugo"}]},"featured_image_src_large":["https:\/\/innerfrench.com\/wp-content\/uploads\/2018\/11\/beaute-a-tout-prix-e1718020310578-750x406.jpg",750,406,true],"author_info":{"display_name":"Hugo","author_link":"https:\/\/innerfrench.com\/author\/innerfrench-2-2-2-2-2-2-2-2-2-2-2-2-2-2-2-2-2-2-2\/"},"comment_info":9,"category_info":[{"term_id":168,"name":"Podcast","slug":"podcast","term_group":0,"term_taxonomy_id":168,"taxonomy":"category","description":"","parent":0,"count":185,"filter":"raw","cat_ID":168,"category_count":185,"category_description":"","cat_name":"Podcast","category_nicename":"podcast","category_parent":0}],"tag_info":[{"term_id":177,"name":"Culture","slug":"culture","term_group":0,"term_taxonomy_id":177,"taxonomy":"post_tag","description":"","parent":0,"count":44,"filter":"raw"},{"term_id":173,"name":"F\u00e9minisme","slug":"feminisme","term_group":0,"term_taxonomy_id":173,"taxonomy":"post_tag","description":"","parent":0,"count":11,"filter":"raw"},{"term_id":172,"name":"Soci\u00e9t\u00e9","slug":"societe","term_group":0,"term_taxonomy_id":172,"taxonomy":"post_tag","description":"","parent":0,"count":94,"filter":"raw"}],"_links":{"self":[{"href":"https:\/\/innerfrench.com\/wp-json\/wp\/v2\/posts\/1011","targetHints":{"allow":["GET"]}}],"collection":[{"href":"https:\/\/innerfrench.com\/wp-json\/wp\/v2\/posts"}],"about":[{"href":"https:\/\/innerfrench.com\/wp-json\/wp\/v2\/types\/post"}],"author":[{"embeddable":true,"href":"https:\/\/innerfrench.com\/wp-json\/wp\/v2\/users\/1"}],"replies":[{"embeddable":true,"href":"https:\/\/innerfrench.com\/wp-json\/wp\/v2\/comments?post=1011"}],"version-history":[{"count":1,"href":"https:\/\/innerfrench.com\/wp-json\/wp\/v2\/posts\/1011\/revisions"}],"predecessor-version":[{"id":294251,"href":"https:\/\/innerfrench.com\/wp-json\/wp\/v2\/posts\/1011\/revisions\/294251"}],"wp:featuredmedia":[{"embeddable":true,"href":"https:\/\/innerfrench.com\/wp-json\/wp\/v2\/media\/289638"}],"wp:attachment":[{"href":"https:\/\/innerfrench.com\/wp-json\/wp\/v2\/media?parent=1011"}],"wp:term":[{"taxonomy":"category","embeddable":true,"href":"https:\/\/innerfrench.com\/wp-json\/wp\/v2\/categories?post=1011"},{"taxonomy":"post_tag","embeddable":true,"href":"https:\/\/innerfrench.com\/wp-json\/wp\/v2\/tags?post=1011"},{"taxonomy":"format","embeddable":true,"href":"https:\/\/innerfrench.com\/wp-json\/wp\/v2\/format?post=1011"}],"curies":[{"name":"wp","href":"https:\/\/api.w.org\/{rel}","templated":true}]}}