{"id":1025,"date":"2018-12-06T18:29:00","date_gmt":"2018-12-06T17:29:00","guid":{"rendered":"https:\/\/innerfrench.com\/?p=1025"},"modified":"2025-10-01T12:41:58","modified_gmt":"2025-10-01T10:41:58","slug":"55-gilets-jaunes","status":"publish","type":"post","link":"https:\/\/innerfrench.com\/55-gilets-jaunes\/","title":{"rendered":"#55 L&#8217;insurrection des gilets jaunes"},"content":{"rendered":"\n<p>Salut \u00e0 tous et bienvenue pour ce 55\u00e8me \u00e9pisode du podcast. Comme d&#8217;habitude, je suis tr\u00e8s content de vous retrouver et de pouvoir passer un petit moment avec vous. L&#8217;objectif de ce podcast, vous le savez, c&#8217;est d&#8217;apprendre le fran\u00e7ais de fa\u00e7on naturelle, et si possible plaisante, en apprenant des choses sur des sujets qui, moi, me semblent int\u00e9ressants et qui j&#8217;esp\u00e8re vous int\u00e9ressent aussi.<\/p>\n\n\n\n<p><a id=\"sonaar_ts-6927d032c5294\" class=\"srmp3_sonaar_ts_shortcode\"  style=\"\" href=\"javascript:sonaar_ts_shortcode({ trackid:'0', time:'00:00:39', ts_id:'6927d032c5294', play_icon:'' }) ;\">[00:00:39]<\/a> Je suis quasiment s\u00fbr que le sujet de cette semaine va vous int\u00e9resser parce qu&#8217;il m&#8217;a \u00e9t\u00e9 demand\u00e9 par plusieurs auditeurs du podcast, des auditeurs du podcast qui ont vu aux informations, dans leur pays, des images assez bizarres, assez \u00e9tranges, de la situation en France. Et, en particulier, des manifestations qui ont eu lieu \u00e0 Paris et dans d&#8217;autres grandes villes qui ont vu s&#8217;opposer d&#8217;un c\u00f4t\u00e9, des Fran\u00e7ais habill\u00e9s avec un gilet jaune phosphorescent et, de l&#8217;autre c\u00f4t\u00e9, les forces de l&#8217;ordre. &#8220;Les forces de l&#8217;ordre&#8221;, c&#8217;est simplement une autre expression pour d\u00e9signer la police. Parfois on dit &#8220;les forces de l&#8217;ordre&#8221; pour parler de la police.<\/p>\n\n\n\n<p><a id=\"sonaar_ts-6927d032c52a3\" class=\"srmp3_sonaar_ts_shortcode\"  style=\"\" href=\"javascript:sonaar_ts_shortcode({ trackid:'0', time:'00:01:25', ts_id:'6927d032c52a3', play_icon:'' }) ;\">[00:01:25]<\/a> Ces auditeurs qui ont vu ces images, eh bien ils se demandent : mais qu&#8217;est ce qui se passe exactement en France ? Pourquoi il y a ces manifestations, ces violences ? Et pourquoi ces Fran\u00e7ais sont v\u00eatus d&#8217;un gilet jaune ? Pourquoi ces Fran\u00e7ais portent un gilet jaune ?<\/p>\n\n\n\n<p><a id=\"sonaar_ts-6927d032c52aa\" class=\"srmp3_sonaar_ts_shortcode\"  style=\"\" href=\"javascript:sonaar_ts_shortcode({ trackid:'0', time:'00:01:41', ts_id:'6927d032c52aa', play_icon:'' }) ;\">[00:01:41]<\/a> Alors pour commencer, je vais vous expliquer rapidement ce qu&#8217;est un gilet jaune parce que, pour ceux qui n&#8217;ont pas vu les images, peut-\u00eatre que vous ne voyez pas bien de quoi je parle. Un gilet, c&#8217;est un v\u00eatement qui est comme une veste mais sans manches. En France, c&#8217;est obligatoire d&#8217;avoir dans sa voiture un gilet jaune phosporescent qui permet d&#8217;\u00eatre plus visible quand on le porte. Ou \u00e9galement, si on fait du v\u00e9lo dans la nuit et qu&#8217;on veut \u00eatre s\u00fbr que les automobilistes, que les conducteurs de voitures, nous voient, eh bien on peut porter ce gilet jaune parce que la lumi\u00e8re des phares des voitures se refl\u00e8te sur ce gilet, et comme \u00e7a, on est s\u00fbr d&#8217;\u00eatre visibles. De la m\u00eame fa\u00e7on, si on a un probl\u00e8me avec notre voiture pendant la nuit, par exemple sur une route \u00e0 l&#8217;ext\u00e9rieur d&#8217;une ville, et qu&#8217;on est oblig\u00e9 de sortir de la voiture, eh bien on peut mettre ce gilet jaune. Comme \u00e7a, on est s\u00fbr que les autres voitures qui passent \u00e0 c\u00f4t\u00e9 de nous nous verrons et qu&#8217;il n&#8217;y aura pas d&#8217;accident. Voil\u00e0 donc comme \u00e7a, j&#8217;esp\u00e8re que vous voyez un peu de quoi je parle, que vous voyez \u00e0 quoi correspond ce gilet jaune.<\/p>\n\n\n\n<p><a id=\"sonaar_ts-6927d032c52af\" class=\"srmp3_sonaar_ts_shortcode\"  style=\"\" href=\"javascript:sonaar_ts_shortcode({ trackid:'0', time:'00:02:54', ts_id:'6927d032c52af', play_icon:'' }) ;\">[00:02:54]<\/a> Je sais pas si c&#8217;est la m\u00eame chose dans votre pays, s&#8217;il est \u00e9galement obligatoire d&#8217;en avoir un dans sa voiture. Mais en France, c&#8217;est la loi. Donc chaque Fran\u00e7ais a un gilet jaune dans sa voiture. Mais maintenant, vous vous demandez peut-\u00eatre pourquoi ce gilet jaune est devenu le symbole des manifestations qui ont lieu en France en ce moment. Justement, c&#8217;est de \u00e7a dont on va parler dans l&#8217;\u00e9pisode d&#8217;aujourd&#8217;hui.<\/p>\n\n\n\n<p><a id=\"sonaar_ts-6927d032c52b4\" class=\"srmp3_sonaar_ts_shortcode\"  style=\"\" href=\"javascript:sonaar_ts_shortcode({ trackid:'0', time:'00:03:21', ts_id:'6927d032c52b4', play_icon:'' }) ;\">[00:03:21]<\/a> Mais avant \u00e7a, je vais faire une petite parenth\u00e8se. En g\u00e9n\u00e9ral, je ne traite pas vraiment de sujets d&#8217;actualit\u00e9 parce que le probl\u00e8me avec ce genre de sujets, c&#8217;est qu&#8217;apr\u00e8s quelques semaines ou quelques mois, eh bien ils ne sont plus vraiment int\u00e9ressants. Et moi, j&#8217;essaye plut\u00f4t de parler de sujets qui vont rester pertinents, qui vont toujours avoir du sens pour les futurs auditeurs qui, peut-\u00eatre, d\u00e9couvriront le podcast dans un ou deux ans. Mais aujourd&#8217;hui, c&#8217;est un peu diff\u00e9rent parce que c&#8217;est vraiment un th\u00e8me qui me semble tr\u00e8s important et qui va vous permettre de mieux comprendre la soci\u00e9t\u00e9 fran\u00e7aise. En plus, on en parle \u00e9norm\u00e9ment dans les informations en France. En fait, j&#8217;ai l&#8217;impression que les m\u00e9dias fran\u00e7ais parlent seulement de \u00e7a en ce moment. Et je sais que certains m\u00e9dias \u00e9trangers se sont aussi int\u00e9ress\u00e9s \u00e0 cette question. Donc voil\u00e0, j&#8217;avais envie de vous donner un peu mon \u00e9clairage, ma vision, de ce ph\u00e9nom\u00e8ne et de vous expliquer de mani\u00e8re assez simple de quoi il s&#8217;agit.<\/p>\n\n\n\n<p><a id=\"sonaar_ts-6927d032c52b8\" class=\"srmp3_sonaar_ts_shortcode\"  style=\"\" href=\"javascript:sonaar_ts_shortcode({ trackid:'0', time:'00:04:34', ts_id:'6927d032c52b8', play_icon:'' }) ;\">[00:04:34]<\/a> Pour commencer, on va donner quelques \u00e9l\u00e9ments de contexte. Ce mouvement des gilets jaunes, il a commenc\u00e9 vers la fin du mois d&#8217;octobre et il est toujours d&#8217;actualit\u00e9 aujourd&#8217;hui. C&#8217;est-\u00e0-dire que ce ph\u00e9nom\u00e8ne n&#8217;est pas termin\u00e9. Ce mouvement continue. Donc moi, la lecture que j&#8217;en ai et les informations que je vais vous donner aujourd&#8217;hui, eh bien elles sont susceptibles de changer \u00e0 l&#8217;avenir. Peut-\u00eatre que le mouvement va \u00e9voluer dans une direction diff\u00e9rente. Peut-\u00eatre qu&#8217;il va s&#8217;arr\u00eater la semaine prochaine. Pour le moment, on n&#8217;en sait rien. Mais je vais essayer de vous expliquer comment il a commenc\u00e9, quelles ont \u00e9t\u00e9 les \u00e9v\u00e9nements par la suite et l&#8217;analyse que certains sociologues et historiens ont commenc\u00e9 \u00e0 en faire.<\/p>\n\n\n\n<p><a id=\"sonaar_ts-6927d032c52bd\" class=\"srmp3_sonaar_ts_shortcode\"  style=\"\" href=\"javascript:sonaar_ts_shortcode({ trackid:'0', time:'00:05:27', ts_id:'6927d032c52bd', play_icon:'' }) ;\">[00:05:27]<\/a> Ce mouvement des gilets jaunes a commenc\u00e9 suite \u00e0 l&#8217;augmentation du prix des carburants. Les carburants, ce sont les \u00e9nergies qu&#8217;on utilise pour faire fonctionner des machines, par exemple des voitures, des avions, etc. Parfois, on dit aussi &#8220;l&#8217;essence&#8221; (donc le prix de l&#8217;essence ou le prix des carburants). Le prix des carburants a augment\u00e9 en France d\u00e9j\u00e0 parce que le p\u00e9trole est un peu plus cher. Le prix du p\u00e9trole a augment\u00e9. Mais \u00e7a, \u00e7a concerne pas seulement la France, c&#8217;est une \u00e9volution au niveau mondial. Par contre, la sp\u00e9cificit\u00e9 fran\u00e7aise, c&#8217;est que 60% du prix des carburants correspond \u00e0 une taxe du gouvernement. C&#8217;est-\u00e0-dire que le gouvernement fran\u00e7ais taxe tr\u00e8s fortement les carburants, en partie pour financer la transition \u00e9nerg\u00e9tique (autrement dit pour passer d&#8217;un mod\u00e8le o\u00f9 la France consomme beaucoup de carburants, d&#8217;\u00e9nergies fossiles, donc de p\u00e9trole, \u00e0 un mod\u00e8le plus vert, plus \u00e9cologique plus respectueux de l&#8217;environnement).<\/p>\n\n\n\n<p><a id=\"sonaar_ts-6927d032c52c2\" class=\"srmp3_sonaar_ts_shortcode\"  style=\"\" href=\"javascript:sonaar_ts_shortcode({ trackid:'0', time:'00:06:42', ts_id:'6927d032c52c2', play_icon:'' }) ;\">[00:06:42]<\/a> Alors \u00e0 premi\u00e8re vue, on peut penser que c&#8217;est plut\u00f4t une bonne id\u00e9e. D&#8217;ailleurs, la majorit\u00e9 des Fran\u00e7ais est favorable \u00e0 cette transition \u00e9nerg\u00e9tique. Les Fran\u00e7ais veulent bien \u00e9videmment prot\u00e9ger l&#8217;environnement et prot\u00e9ger la plan\u00e8te. Mais le probl\u00e8me, c&#8217;est qu&#8217;il y a beaucoup de Fran\u00e7ais qui n&#8217;ont pas le choix. Ils n&#8217;ont pas le choix de prendre le m\u00e9tro, le tramway ou le bus par exemple, tout simplement parce qu&#8217;ils habitent dans des petites villes et que dans ces petites villes, les transports en commun, les transports publics, sont assez rares. Ces Fran\u00e7ais, ils ont \u00e9t\u00e9 directement touch\u00e9s, directement impact\u00e9s, par l&#8217;augmentation du prix des carburants.<\/p>\n\n\n\n<p><a id=\"sonaar_ts-6927d032c52c7\" class=\"srmp3_sonaar_ts_shortcode\"  style=\"\" href=\"javascript:sonaar_ts_shortcode({ trackid:'0', time:'00:07:24', ts_id:'6927d032c52c7', play_icon:'' }) ;\">[00:07:24]<\/a> D&#8217;ailleurs, c&#8217;est pas la premi\u00e8re chose qui les a affect\u00e9s cette ann\u00e9e. Il y a une deuxi\u00e8me d\u00e9cision du gouvernement qui avait \u00e9t\u00e9 assez mal accueillie, assez mal accept\u00e9e par ces Fran\u00e7ais qui vivent dans les petites villes. C&#8217;est la limitation de la vitesse des voitures \u00e0 80 km\/h. \u00c7a aussi, c&#8217;est une d\u00e9cision, une nouvelle loi, qui avait \u00e9t\u00e9 tr\u00e8s pol\u00e9mique parce que tout simplement, ces Fran\u00e7ais qui habitent dans des petites villes ou en p\u00e9riph\u00e9rie des villes, eh bien ils sont oblig\u00e9s de prendre leur voiture pour aller au travail. Et avec cette limitation de vitesse, \u00e7a leur prend bien \u00e9videmment plus de temps pour se rendre au travail chaque jour.<\/p>\n\n\n\n<p><a id=\"sonaar_ts-6927d032c52cc\" class=\"srmp3_sonaar_ts_shortcode\"  style=\"\" href=\"javascript:sonaar_ts_shortcode({ trackid:'0', time:'00:08:10', ts_id:'6927d032c52cc', play_icon:'' }) ;\">[00:08:10]<\/a> Ce qui fait que, avec cette deuxi\u00e8me mesure, cette deuxi\u00e8me d\u00e9cision politique d&#8217;augmenter le prix des carburants, il y a beaucoup de Fran\u00e7ais qui ont commenc\u00e9 \u00e0 \u00eatre tr\u00e8s \u00e9nerv\u00e9s, \u00e0 se mettre en col\u00e8re, parce qu&#8217;ils se sentent incompris et ignor\u00e9s par le gouvernement qui ne prend pas du tout en compte leurs probl\u00e8mes. On peut dire que cette augmentation du prix des carburants, \u00e7a a \u00e9t\u00e9 la goutte d&#8217;eau qui a fait d\u00e9border le vase.<\/p>\n\n\n\n<p><a id=\"sonaar_ts-6927d032c52d1\" class=\"srmp3_sonaar_ts_shortcode\"  style=\"\" href=\"javascript:sonaar_ts_shortcode({ trackid:'0', time:'00:08:41', ts_id:'6927d032c52d1', play_icon:'' }) ;\">[00:08:41]<\/a> \u00c7a, &#8220;la goutte d&#8217;eau qui fait d\u00e9border le vase&#8221;, c&#8217;est une expression qu&#8217;on utilise en fran\u00e7ais pour dire que c&#8217;est l&#8217;\u00e9l\u00e9ment de trop, c&#8217;est la chose de trop. On ne peut pas accepter cette derni\u00e8re d\u00e9cision. Par exemple, si vous avez un coll\u00e8gue qui est tr\u00e8s \u00e9nervant avec vous mais que vous d\u00e9cidez d&#8217;\u00eatre patient et de tol\u00e9rer son comportement, peut-\u00eatre qu&#8217;un jour, il va faire la chose de trop qui va vraiment vous mettre en col\u00e8re, qui va vraiment vous \u00e9nerver. Et cette chose de trop, \u00e7a sera la goutte d&#8217;eau qui fait d\u00e9border le vase. En anglais, c&#8217;est une expression un peu diff\u00e9rente qui concerne un animal, qui concerne le chameau. Mais c&#8217;est exactement la m\u00eame id\u00e9e.<\/p>\n\n\n\n<p><a id=\"sonaar_ts-6927d032c52d5\" class=\"srmp3_sonaar_ts_shortcode\"  style=\"\" href=\"javascript:sonaar_ts_shortcode({ trackid:'0', time:'00:09:29', ts_id:'6927d032c52d5', play_icon:'' }) ;\">[00:09:29]<\/a> Bref, ce mouvement des gilets jaunes qui a commenc\u00e9 avec cette augmentation du prix des carburants, c&#8217;est un mouvement totalement in\u00e9dit parce qu&#8217;il s&#8217;est d\u00e9velopp\u00e9 sur les r\u00e9seaux sociaux, sans l&#8217;aide d&#8217;aucun syndicat ni d&#8217;aucun parti politique. En fait, ce sont tout simplement certains Fran\u00e7ais et certaines Fran\u00e7aises qui ont commenc\u00e9 \u00e0 poster des vid\u00e9os sur Facebook pour exprimer leur col\u00e8re. Ils ont dit que cette augmentation du prix des carburants, c&#8217;\u00e9tait un vrai probl\u00e8me pour eux, que \u00e7a affectait beaucoup leur budget et qu&#8217;ils \u00e9taient \u00e9nerv\u00e9s contre le gouvernement. Et tr\u00e8s rapidement, ces vid\u00e9os sont devenues virales. Elles ont \u00e9t\u00e9 vues plus de plusieurs millions de fois. Et c&#8217;est comme \u00e7a que le mouvement s&#8217;est mis en place.<\/p>\n\n\n\n<p><a id=\"sonaar_ts-6927d032c52da\" class=\"srmp3_sonaar_ts_shortcode\"  style=\"\" href=\"javascript:sonaar_ts_shortcode({ trackid:'0', time:'00:10:22', ts_id:'6927d032c52da', play_icon:'' }) ;\">[00:10:22]<\/a> Il y a un homme qui a appel\u00e9 \u00e0 bloquer certaines autoroutes et certaines routes pr\u00e8s des grandes villes pour commencer ces manifestations. Il a tout simplement cr\u00e9\u00e9 un \u00e9v\u00e9nement sur Facebook et beaucoup de personnes ont commenc\u00e9 \u00e0 rejoindre ce mouvement des gilets jaunes.<\/p>\n\n\n\n<p><a id=\"sonaar_ts-6927d032c52de\" class=\"srmp3_sonaar_ts_shortcode\"  style=\"\" href=\"javascript:sonaar_ts_shortcode({ trackid:'0', time:'00:10:44', ts_id:'6927d032c52de', play_icon:'' }) ;\">[00:10:44]<\/a> Justement, ce symbole, il s&#8217;est impos\u00e9 assez naturellement parce que chaque conducteur, chaque automobiliste, a ce gilet jaune dans sa voiture. Et comme c&#8217;\u00e9taient des lois qui concernaient en particulier les voitures, eh bien ce gilet jaune est devenu le symbole des manifestations et de cette col\u00e8re d&#8217;une partie des Fran\u00e7ais contre les d\u00e9cisions du gouvernement.<\/p>\n\n\n\n<p><a id=\"sonaar_ts-6927d032c52e3\" class=\"srmp3_sonaar_ts_shortcode\"  style=\"\" href=\"javascript:sonaar_ts_shortcode({ trackid:'0', time:'00:11:11', ts_id:'6927d032c52e3', play_icon:'' }) ;\">[00:11:11]<\/a> Maintenant, on va essayer de comprendre qui sont, exactement, ces gilets jaunes. Donc je vous ai dit que c&#8217;\u00e9taient des Fran\u00e7ais lambda, c&#8217;est-\u00e0-dire des Fran\u00e7ais comme vous et moi. Enfin, plut\u00f4t comme moi parce que moi, je suis fran\u00e7ais et j&#8217;imagine que vous, non. Mais quand on dit &#8220;un Fran\u00e7ais lambda&#8221; ou &#8220;une personne lambda&#8221;, \u00e7a veut dire &#8220;une personne quelconque&#8221;, &#8220;une personne qui n&#8217;a rien de sp\u00e9cial et qui est comme toutes les autres&#8221;. Donc ce sont des Fran\u00e7ais lambda qui ont rejoint ce mouvement des gilets jaunes. Et on peut les s\u00e9parer en trois groupes.<\/p>\n\n\n\n<p><a id=\"sonaar_ts-6927d032c52e7\" class=\"srmp3_sonaar_ts_shortcode\"  style=\"\" href=\"javascript:sonaar_ts_shortcode({ trackid:'0', time:'00:11:56', ts_id:'6927d032c52e7', play_icon:'' }) ;\">[00:11:56]<\/a> D&#8217;abord, les plus visibles, ce sont les personnes qui manifestent, les personnes qui participent activement \u00e0 ce mouvement, au blocage des autoroutes, au blocage des routes et aux manifestations dans les grandes villes.<\/p>\n\n\n\n<p><a id=\"sonaar_ts-6927d032c52ec\" class=\"srmp3_sonaar_ts_shortcode\"  style=\"\" href=\"javascript:sonaar_ts_shortcode({ trackid:'0', time:'00:12:13', ts_id:'6927d032c52ec', play_icon:'' }) ;\">[00:12:13]<\/a> Parmi ces manifestants, il y a un deuxi\u00e8me groupe, c&#8217;est le groupe des casseurs, c&#8217;est-\u00e0-dire des personnes qui viennent en grande partie pour se battre avec la police, pour br\u00fbler des voitures et pour faire beaucoup de d\u00e9g\u00e2ts, beaucoup de dommages. En particulier, souvent ce sont plut\u00f4t des jeunes et des anarchistes. Le probl\u00e8me, c&#8217;est qu&#8217;ils concentrent beaucoup l&#8217;attention des m\u00e9dias et que certains m\u00e9dias et certains responsables politiques utilisent ces casseurs pour d\u00e9cr\u00e9dibiliser le mouvement des gilets jaunes. Mais en r\u00e9alit\u00e9, ces casseurs, eh bien ils repr\u00e9sentent une minorit\u00e9 du mouvement.<\/p>\n\n\n\n<p><a id=\"sonaar_ts-6927d032c52f1\" class=\"srmp3_sonaar_ts_shortcode\"  style=\"\" href=\"javascript:sonaar_ts_shortcode({ trackid:'0', time:'00:12:58', ts_id:'6927d032c52f1', play_icon:'' }) ;\">[00:12:58]<\/a> Et puis, le dernier groupe, c&#8217;est la population fran\u00e7aise dans son ensemble parce qu&#8217;il faut savoir qu&#8217;une grande partie des Fran\u00e7ais (entre 70% et 80% selon les sondages) soutient le mouvement des gilets jaunes. C&#8217;est-\u00e0-dire qu&#8217;il y a beaucoup de Fran\u00e7ais qui ne participent pas aux manifestations mais qui pensent que les revendications des gilets jaunes sont l\u00e9gitimes et qui d\u00e9cident de soutenir le mouvement, c&#8217;est-\u00e0-dire d&#8217;\u00eatre en accord et d&#8217;apporter leur soutien \u00e0 ce mouvement des gilets jaunes.<\/p>\n\n\n\n<p><a id=\"sonaar_ts-6927d032c52f5\" class=\"srmp3_sonaar_ts_shortcode\"  style=\"\" href=\"javascript:sonaar_ts_shortcode({ trackid:'0', time:'00:13:35', ts_id:'6927d032c52f5', play_icon:'' }) ;\">[00:13:35]<\/a> Maintenant, si on s&#8217;int\u00e9resse plus au profil socio-d\u00e9mographique de ces gilets jaunes, il faut savoir que ce sont principalement des habitants de province; pas des personnes qui habitent \u00e0 Paris, mais plut\u00f4t des Fran\u00e7ais qui vivent en province, en particulier dans des petites villes (c&#8217;est \u00e0 dire des villes d&#8217;environ 50 000 habitants). Pourquoi ce sont principalement ces personnes ? Eh bien parce que, comme je vous l&#8217;ai d\u00e9j\u00e0 dit, ces personnes sont oblig\u00e9es d&#8217;utiliser leur voiture. Elles n&#8217;ont pas acc\u00e8s aux transports en commun comme dans les grandes villes donc elles sont directement affect\u00e9es par cette augmentation du prix de l&#8217;essence.<\/p>\n\n\n\n<p><a id=\"sonaar_ts-6927d032c530a\" class=\"srmp3_sonaar_ts_shortcode\"  style=\"\" href=\"javascript:sonaar_ts_shortcode({ trackid:'0', time:'00:14:18', ts_id:'6927d032c530a', play_icon:'' }) ;\">[00:14:18]<\/a> En g\u00e9n\u00e9ral, ce sont des Fran\u00e7ais qui font partie des classes moyennes et populaires. Autrement dit, des personnes qui travaillent, qui paient des imp\u00f4ts, des taxes, et qui ne profitent pas d&#8217;aides sociales mais qui, malgr\u00e9 leur travail, ont du mal \u00e0 joindre les deux bouts. &#8220;Joindre les deux bouts&#8221;, c&#8217;est une autre expression int\u00e9ressante. \u00c7a veut simplement dire : &#8220;\u00eatre capable de payer toutes ses factures \u00e0 la fin du mois&#8221;. Autrement dit, avoir un budget qui soit \u00e0 l&#8217;\u00e9quilibre. Joindre les deux bouts. Joindre les deux bouts. C&#8217;est la m\u00eame expression d&#8217;ailleurs en anglais. Donc une grande partie des gilets jaunes font partie de ces classes moyennes qui ont des difficult\u00e9s financi\u00e8res malgr\u00e9 leur travail.<\/p>\n\n\n\n<p><a id=\"sonaar_ts-6927d032c530e\" class=\"srmp3_sonaar_ts_shortcode\"  style=\"\" href=\"javascript:sonaar_ts_shortcode({ trackid:'0', time:'00:15:10', ts_id:'6927d032c530e', play_icon:'' }) ;\">[00:15:10]<\/a> On trouve aussi des jeunes qui viennent de finir leurs \u00e9tudes et qui, malgr\u00e9 leurs dipl\u00f4mes, ne trouvent pas de travail, parce qu&#8217;il faut savoir que le ch\u00f4mage touche beaucoup les jeunes en France. Parmi les gilets jaunes, il y a aussi quelques retrait\u00e9s. Autrement dit, des personnes qui ne travaillent plus parce qu&#8217;elles sont trop \u00e2g\u00e9es et donc qui sont \u00e0 la retraite : des retrait\u00e9s.<\/p>\n\n\n\n<p><a id=\"sonaar_ts-6927d032c5313\" class=\"srmp3_sonaar_ts_shortcode\"  style=\"\" href=\"javascript:sonaar_ts_shortcode({ trackid:'0', time:'00:15:36', ts_id:'6927d032c5313', play_icon:'' }) ;\">[00:15:36]<\/a> Et la derni\u00e8re chose, au niveau politique, c&#8217;est que ce mouvement des gilets jaunes rassemble des Fran\u00e7ais aux id\u00e9es tr\u00e8s diff\u00e9rentes, voire parfois aux id\u00e9es totalement oppos\u00e9es. On trouve par exemple des personnes d&#8217;extr\u00eame droite et de droite. Ce sont, en g\u00e9n\u00e9ral, les gilets jaunes qui sont le plus oppos\u00e9s \u00e0 la politique fiscale, qui sont contre les imp\u00f4ts et les taxes et qui parfois, malheureusement, commettent pendant les manifestations des agressions homophobes et x\u00e9nophobes.<\/p>\n\n\n\n<p><a id=\"sonaar_ts-6927d032c5317\" class=\"srmp3_sonaar_ts_shortcode\"  style=\"\" href=\"javascript:sonaar_ts_shortcode({ trackid:'0', time:'00:16:12', ts_id:'6927d032c5317', play_icon:'' }) ;\">[00:16:12]<\/a> Donc d&#8217;un c\u00f4t\u00e9, on a des personnes d&#8217;extr\u00eame droite et de droite, et de l&#8217;autre, on a aussi des personnes plut\u00f4t centristes, des personnes de gauche et d&#8217;extr\u00eame gauche qui, elles, participent au mouvement pour plut\u00f4t, eh bien lutter contre les in\u00e9galit\u00e9s, contre les injustices sociales et le syst\u00e8me politique actuel. D&#8217;ailleurs, on a identifi\u00e9 qu&#8217;une grande partie des casseurs \u00e9tait plut\u00f4t des personnes d&#8217;extr\u00eame gauche, plut\u00f4t des personnes qui se revendiquent du mouvement anarchiste.<\/p>\n\n\n\n<p><a id=\"sonaar_ts-6927d032c531c\" class=\"srmp3_sonaar_ts_shortcode\"  style=\"\" href=\"javascript:sonaar_ts_shortcode({ trackid:'0', time:'00:16:47', ts_id:'6927d032c531c', play_icon:'' }) ;\">[00:16:47]<\/a> Maintenant, on va voir concr\u00e8tement ce que demandent, ce que veulent, ces gilets jaunes. C&#8217;est pas toujours clair de bien comprendre leurs revendications, tout simplement parce qu&#8217;il n&#8217;y a pas de leader officiel de ce mouvement ni de vraie organisation. C&#8217;est un mouvement qui \u00e9tait spontan\u00e9, qui s&#8217;est lanc\u00e9 gr\u00e2ce aux r\u00e9seaux sociaux, comme je vous l&#8217;ai dit, donc il n&#8217;est pas tr\u00e8s structur\u00e9.<\/p>\n\n\n\n<p><a id=\"sonaar_ts-6927d032c5324\" class=\"srmp3_sonaar_ts_shortcode\"  style=\"\" href=\"javascript:sonaar_ts_shortcode({ trackid:'0', time:'00:17:18', ts_id:'6927d032c5324', play_icon:'' }) ;\">[00:17:18]<\/a> Alors comme je vous l&#8217;ai dit, au d\u00e9part, les gilets jaunes se sont mobilis\u00e9s pour combattre cette augmentation du prix des carburants. Mais tr\u00e8s rapidement, leurs revendications se sont \u00e9largies. Et on a commenc\u00e9 \u00e0 comprendre que ce que demandaient vraiment les gilets jaunes, c&#8217;\u00e9tait une augmentation de leur pouvoir d&#8217;achat.<\/p>\n\n\n\n<p><a id=\"sonaar_ts-6927d032c5329\" class=\"srmp3_sonaar_ts_shortcode\"  style=\"\" href=\"javascript:sonaar_ts_shortcode({ trackid:'0', time:'00:17:43', ts_id:'6927d032c5329', play_icon:'' }) ;\">[00:17:43]<\/a> \u00c7a, ce pouvoir d&#8217;achat, c&#8217;est une notion qui est tr\u00e8s importante si on veut comprendre ce mouvement des gilets jaunes. Le pouvoir d&#8217;achat, c&#8217;est tout simplement la quantit\u00e9 de produits et de services que vous pouvez acheter avec une certaine somme d&#8217;argent. Et le probl\u00e8me, c&#8217;est qu&#8217;il y a une grande partie des Fran\u00e7ais qui a l&#8217;impression que son pouvoir d&#8217;achat a beaucoup baiss\u00e9 ces derni\u00e8res ann\u00e9es. D&#8217;apr\u00e8s eux, d&#8217;apr\u00e8s les gilets jaunes, cette baisse du pouvoir d&#8217;achat, elle est d&#8217;abord due \u00e0 la politique fiscale du gouvernement. Beaucoup de Fran\u00e7ais ont l&#8217;impression que ce sont toujours eux qui doivent payer plus d&#8217;imp\u00f4ts, plus de taxes, alors que d&#8217;un autre c\u00f4t\u00e9, les entreprises ont beaucoup plus de libert\u00e9.<\/p>\n\n\n\n<p><a id=\"sonaar_ts-6927d032c532e\" class=\"srmp3_sonaar_ts_shortcode\"  style=\"\" href=\"javascript:sonaar_ts_shortcode({ trackid:'0', time:'00:18:30', ts_id:'6927d032c532e', play_icon:'' }) ;\">[00:18:30]<\/a> Et le pire, c&#8217;est que ces Fran\u00e7ais ont surtout l&#8217;impression que l&#8217;argent public est tr\u00e8s mal utilis\u00e9. Donc ils veulent que le gouvernement change sa politique fiscale en annulant d&#8217;abord cette augmentation du prix des carburants. Et puis \u00e9galement en r\u00e9duisant, en baissant les p\u00e9ages sur les autoroutes pour favoriser les personnes qui sont oblig\u00e9es de prendre la voiture.<\/p>\n\n\n\n<p><a id=\"sonaar_ts-6927d032c5332\" class=\"srmp3_sonaar_ts_shortcode\"  style=\"\" href=\"javascript:sonaar_ts_shortcode({ trackid:'0', time:'00:18:58', ts_id:'6927d032c5332', play_icon:'' }) ;\">[00:18:58]<\/a> Donc \u00e7a, ce sont un peu les revendications de base, de d\u00e9part, du mouvement des gilets jaunes. Mais je vous l&#8217;ai dit, ces revendications se sont \u00e9largies et il y en a d&#8217;autres qui se sont ajout\u00e9es \u00e0 la liste. Par exemple, maintenant, un autre th\u00e8me central qui revient tr\u00e8s souvent dans le discours des gilets jaunes, c&#8217;est le probl\u00e8me des in\u00e9galit\u00e9s. Ces Fran\u00e7ais ont l&#8217;impression que les riches ont de plus en plus d&#8217;argent et que les pauvres sont de plus en plus pauvres. Bref, que les in\u00e9galit\u00e9s augmentent. Donc pour combattre \u00e7a, ils demandent une augmentation des salaires et en particulier une augmentation du salaire minimum. Ils ont aussi d&#8217;autres revendications, d&#8217;autres objectifs, comme un retour de l&#8217;\u00e2ge de la retraite \u00e0 60 ans, des revendications \u00e9cologiques, des revendications f\u00e9ministes etc.<\/p>\n\n\n\n<p><a id=\"sonaar_ts-6927d032c5337\" class=\"srmp3_sonaar_ts_shortcode\"  style=\"\" href=\"javascript:sonaar_ts_shortcode({ trackid:'0', time:'00:19:53', ts_id:'6927d032c5337', play_icon:'' }) ;\">[00:19:53]<\/a> On peut dire, en fait, si on fait la synth\u00e8se de toutes ces revendications, de toutes ces demandes des gilets jaunes, eh bien qu&#8217;il y a un ras-le-bol g\u00e9n\u00e9ral. &#8220;Un ras-le-bol&#8221;, c&#8217;est une expression que vous pouvez entendre tr\u00e8s souvent dans les vid\u00e9os et parfois dans les m\u00e9dias. C&#8217;est un peu la m\u00eame id\u00e9e que cette goutte d&#8217;eau qui fait d\u00e9border le vase. Quand on dit : &#8220;j&#8217;en ai ras le bol&#8221;, \u00e7a veut dire &#8220;j&#8217;en ai assez&#8221;. Bref, ce ras-le-bol g\u00e9n\u00e9ral, \u00e7a signifie tout simplement qu&#8217;il y a beaucoup de frustrations parmi une partie des Fran\u00e7ais qui se sont cristallis\u00e9es et qui ont donn\u00e9 naissance \u00e0 ce mouvement des gilets jaunes.<\/p>\n\n\n\n<p><a id=\"sonaar_ts-6927d032c533c\" class=\"srmp3_sonaar_ts_shortcode\"  style=\"\" href=\"javascript:sonaar_ts_shortcode({ trackid:'0', time:'00:20:34', ts_id:'6927d032c533c', play_icon:'' }) ;\">[00:20:34]<\/a> Maintenant que vous avez compris qui sont les gilets jaunes, on va voir un peu quel est leur mode de fonctionnement, comment ils manifestent. Comme je vous l&#8217;ai dit, ils ont commenc\u00e9 par bloquer les routes et les autoroutes pour essayer de paralyser la France, pour essayer de paralyser le pays. Et d&#8217;ailleurs, ces blocages ont provoqu\u00e9 certains accidents avec des automobilistes et certains bless\u00e9s. Donc c&#8217;est avec ce genre d&#8217;op\u00e9ration que le mouvement des gilets jaunes a commenc\u00e9. Mais tr\u00e8s rapidement, il a d\u00e9cid\u00e9 d&#8217;organiser des manifestations dans les grandes villes et principalement \u00e0 Paris.<\/p>\n\n\n\n<p><a id=\"sonaar_ts-6927d032c5344\" class=\"srmp3_sonaar_ts_shortcode\"  style=\"\" href=\"javascript:sonaar_ts_shortcode({ trackid:'0', time:'00:21:19', ts_id:'6927d032c5344', play_icon:'' }) ;\">[00:21:19]<\/a> La premi\u00e8re grande manifestation a eu lieu le 24 novembre dans la capitale fran\u00e7aise. Et c&#8217;est l\u00e0 qu&#8217;on a vu les premiers affrontements, les premiers combats entre, d&#8217;un c\u00f4t\u00e9, les forces de l&#8217;ordre et de l&#8217;autre c\u00f4t\u00e9, une partie des gilets jaunes, en particulier les casseurs. Et depuis le 24 novembre, chaque weekend, ces manifestations reprennent. Malheureusement elles sont de plus en plus violentes. Vous avez peut-\u00eatre vu des images aux informations. Il y a des voitures br\u00fbl\u00e9es, des magasins qui sont pill\u00e9s. Samedi dernier, il y a m\u00eame l&#8217;Arc de triomphe qui a \u00e9t\u00e9 vandalis\u00e9. On voit que ces violences et l&#8217;intensit\u00e9 des combats sont de plus en plus importantes, notamment parce que les m\u00e9dias accordent beaucoup d&#8217;attention \u00e0 ces manifestations. Et on peut dire qu&#8217;ils mettent de l&#8217;huile sur le feu.<\/p>\n\n\n\n<p><a id=\"sonaar_ts-6927d032c5349\" class=\"srmp3_sonaar_ts_shortcode\"  style=\"\" href=\"javascript:sonaar_ts_shortcode({ trackid:'0', time:'00:22:18', ts_id:'6927d032c5349', play_icon:'' }) ;\">[00:22:18]<\/a> \u00c7a va \u00eatre la derni\u00e8re expression que je vais vous donner pour aujourd&#8217;hui. Je pense que c&#8217;est une expression assez facile \u00e0 imaginer, assez facile \u00e0 comprendre. S&#8217;il y a un feu que vous mettez de l&#8217;huile dessus, eh bien les flammes vont augmenter, le feu va grandir. Et c&#8217;est un peu \u00e7a que font les m\u00e9dias en cherchant des d\u00e9clarations chocs et des informations qui vont attirer l&#8217;attention de leur public.<\/p>\n\n\n\n<p><a id=\"sonaar_ts-6927d032c534d\" class=\"srmp3_sonaar_ts_shortcode\"  style=\"\" href=\"javascript:sonaar_ts_shortcode({ trackid:'0', time:'00:22:49', ts_id:'6927d032c534d', play_icon:'' }) ;\">[00:22:49]<\/a> Mais encore une fois, j&#8217;insiste l\u00e0-dessus : il faut savoir que ces violences, elles sont provoqu\u00e9es par une toute petite minorit\u00e9 des gilets jaunes, par ces casseurs et que la grande majorit\u00e9 du mouvement, des Fran\u00e7ais qui participent au mouvement, sont pacifiques. Ils ne veulent pas de ces violences. Ils veulent simplement montrer qu&#8217;ils sont en col\u00e8re et qu&#8217;ils ne sont pas d&#8217;accord avec la politique du gouvernement.<\/p>\n\n\n\n<p><a id=\"sonaar_ts-6927d032c5352\" class=\"srmp3_sonaar_ts_shortcode\"  style=\"\" href=\"javascript:sonaar_ts_shortcode({ trackid:'0', time:'00:23:16', ts_id:'6927d032c5352', play_icon:'' }) ;\">[00:23:16]<\/a> Maintenant, vous vous demandez peut-\u00eatre quelle est la r\u00e9action du gouvernement face \u00e0 ces manifestations. La premi\u00e8re r\u00e9action, c&#8217;\u00e9tait de discr\u00e9diter ce mouvement des gilets jaunes en disant qu&#8217;il n&#8217;\u00e9tait pas repr\u00e9sentatif parce qu&#8217;il n&#8217;est pas \u00e9lu d\u00e9mocratiquement comme les syndicats d&#8217;entreprise, par exemple. Le paradoxe, c&#8217;est que la grande majorit\u00e9 des Fran\u00e7ais, comme je vous l&#8217;ai dit, s&#8217;identifient aux gilets jaunes et soutiennent le mouvement.<\/p>\n\n\n\n<p><a id=\"sonaar_ts-6927d032c535a\" class=\"srmp3_sonaar_ts_shortcode\"  style=\"\" href=\"javascript:sonaar_ts_shortcode({ trackid:'0', time:'00:23:45', ts_id:'6927d032c535a', play_icon:'' }) ;\">[00:23:45]<\/a> Ensuite, apr\u00e8s avoir essay\u00e9 de discr\u00e9diter le mouvement des gilets jaunes, le gouvernement a d\u00e9clar\u00e9 qu&#8217;il \u00e9tait impossible de dialoguer parce qu&#8217;il n&#8217;y avait pas d&#8217;interlocuteurs, pas de leaders officiels parmi les gilets jaunes. Donc les gilets jaunes ont d\u00e9sign\u00e9 certains leaders pour les repr\u00e9senter et ils ont rencontr\u00e9 des membres du gouvernement. Mais les discussions n&#8217;ont rien donn\u00e9. Elles n&#8217;ont pas conduit \u00e0 des r\u00e9sultats ou \u00e0 des mesures.<\/p>\n\n\n\n<p><a id=\"sonaar_ts-6927d032c535f\" class=\"srmp3_sonaar_ts_shortcode\"  style=\"\" href=\"javascript:sonaar_ts_shortcode({ trackid:'0', time:'00:24:14', ts_id:'6927d032c535f', play_icon:'' }) ;\">[00:24:14]<\/a> Bref, on a l&#8217;impression que le gouvernement semble impuissant, qu&#8217;il ne peut rien faire, et qu&#8217;il reste sourd face aux revendications. Autrement dit, qu&#8217;il refuse d&#8217;entendre les revendications des gilets jaunes.<\/p>\n\n\n\n<p><a id=\"sonaar_ts-6927d032c5364\" class=\"srmp3_sonaar_ts_shortcode\"  style=\"\" href=\"javascript:sonaar_ts_shortcode({ trackid:'0', time:'00:24:36', ts_id:'6927d032c5364', play_icon:'' }) ;\">[00:24:36]<\/a> Cependant, on va essayer d&#8217;aller un peu plus loin. On va essayer de prendre du recul, de prendre de la distance, pour analyser un peu ce mouvement. Alors pour comprendre pourquoi ce mouvement des gilets jaunes a pris tellement d&#8217;ampleur, a pris tellement d&#8217;importance, il y a deux cat\u00e9gories de facteurs. D&#8217;abord, les facteurs conjoncturels, ceux qui concernent la conjoncture, et de l&#8217;autre c\u00f4t\u00e9, les facteurs structurels, c&#8217;est-\u00e0-dire les facteurs qui sont plut\u00f4t des tendances de long terme.<\/p>\n\n\n\n<p><a id=\"sonaar_ts-6927d032c5368\" class=\"srmp3_sonaar_ts_shortcode\"  style=\"\" href=\"javascript:sonaar_ts_shortcode({ trackid:'0', time:'00:25:12', ts_id:'6927d032c5368', play_icon:'' }) ;\">[00:25:12]<\/a> Les facteurs conjoncturels, \u00e7a concerne par exemple, l&#8217;\u00e9conomie, puisque depuis un an ou deux, la croissance \u00e9conomique en France a commenc\u00e9 \u00e0 ralentir. Donc \u00e9videmment \u00e7a, \u00e7a cr\u00e9e du ch\u00f4mage et beaucoup de difficult\u00e9s \u00e9conomiques pour une partie des Fran\u00e7ais. D&#8217;ailleurs, certains \u00e9conomistes disent que la conjoncture \u00e9conomique actuelle en France, elle ressemble beaucoup \u00e0 celle de la fin de l&#8217;ann\u00e9e 2007, autrement dit juste avant la derni\u00e8re crise \u00e9conomique. Ce qui veut dire qu&#8217;on va peut-\u00eatre bient\u00f4t conna\u00eetre une nouvelle crise en France, et d&#8217;ailleurs peut-\u00eatre m\u00eame sur l&#8217;ensemble de la plan\u00e8te.<\/p>\n\n\n\n<p><a id=\"sonaar_ts-6927d032c536d\" class=\"srmp3_sonaar_ts_shortcode\"  style=\"\" href=\"javascript:sonaar_ts_shortcode({ trackid:'0', time:'00:25:57', ts_id:'6927d032c536d', play_icon:'' }) ;\">[00:25:57]<\/a> Ensuite, un autre facteur conjoncturel, c&#8217;est la politique actuelle du gouvernement. Les Fran\u00e7ais sont tr\u00e8s critiques vis-\u00e0-vis du gouvernement d&#8217;Emmanuel Macron et de son premier ministre Edouard Philippe. Autrement dit, ils ne sont pas du tout satisfaits. Ils ne sont pas du tout contents des d\u00e9cisions qui sont prises. Par exemple, ils ont d\u00e9couvert que les recettes de la taxe sur les carburants (autrement dit l&#8217;argent que l&#8217;Etat va gagner en augmentant le prix des carburants), eh bien elles ne vont pas seulement servir \u00e0 financer la transition \u00e9nerg\u00e9tique. En fait, il y a seulement une petite partie de cette taxe, environ 20%, qui va servir \u00e0 financer la transition \u00e9nerg\u00e9tique et le reste, eh bien, c&#8217;est tout simplement pour financer les autres d\u00e9cisions du gouvernement. Donc \u00e7a, \u00e7a a beaucoup \u00e9nerv\u00e9 les gilets jaunes.<\/p>\n\n\n\n<p><a id=\"sonaar_ts-6927d032c5372\" class=\"srmp3_sonaar_ts_shortcode\"  style=\"\" href=\"javascript:sonaar_ts_shortcode({ trackid:'0', time:'00:26:55', ts_id:'6927d032c5372', play_icon:'' }) ;\">[00:26:55]<\/a> Le dernier facteur conjoncturel qui, il me semble, est assez int\u00e9ressant, c&#8217;est l&#8217;attitude du pr\u00e9sident, d&#8217;Emmanuel Macron, qui est per\u00e7u par une partie des Fran\u00e7ais comme un pr\u00e9sident jupit\u00e9rien. Jupit\u00e9rien, c&#8217;est un adjectif qui vient du dieu romain Jupiter parce que Emmanuel Macron lui-m\u00eame avait dit que la France avait besoin d&#8217;un pr\u00e9sident jupit\u00e9rien avant d&#8217;\u00eatre \u00e9lu. Et c&#8217;est un peu la vision qu&#8217;il a de lui m\u00eame et de la fonction pr\u00e9sidentielle. Autrement dit, pour faire simple, il pense que le pr\u00e9sident est le ma\u00eetre des autres dieux, comme le dieu Jupiter et \u00e9galement qu&#8217;il est au-dessus de tous les hommes.<\/p>\n\n\n\n<p><a id=\"sonaar_ts-6927d032c537c\" class=\"srmp3_sonaar_ts_shortcode\"  style=\"\" href=\"javascript:sonaar_ts_shortcode({ trackid:'0', time:'00:27:43', ts_id:'6927d032c537c', play_icon:'' }) ;\">[00:27:43]<\/a> \u00c7a, c&#8217;est une image que les Fran\u00e7ais n&#8217;appr\u00e9cient pas trop, surtout en ce moment avec les difficult\u00e9s \u00e9conomiques qu&#8217;ils connaissent. En fait, Emmanuel Macron est un peu per\u00e7u comme un aristocrate qui est compl\u00e8tement d\u00e9tach\u00e9 et insensible \u00e0 la r\u00e9alit\u00e9 d&#8217;une partie des Fran\u00e7ais. Ces Fran\u00e7ais ne se reconnaissent pas du tout dans leur pr\u00e9sident et ils ont l&#8217;impression que leur pr\u00e9sident ignore compl\u00e8tement leurs probl\u00e8mes, et m\u00eame qu&#8217;il a une attitude m\u00e9prisante. &#8220;Une attitude m\u00e9prisante&#8221;, donc \u00e7a vient du verbe &#8220;m\u00e9priser&#8221; qui est le contraire du verbe &#8220;respecter&#8221;. Quand on m\u00e9prise quelqu&#8217;un, \u00e7a veut dire qu&#8217;on n&#8217;a aucun respect pour cette personne, qu&#8217;on se sent sup\u00e9rieur \u00e0 elle. Et c&#8217;est ce que pense une partie des Fran\u00e7ais. Une partie des Fran\u00e7ais pensent que le pr\u00e9sident les m\u00e9prise totalement.<\/p>\n\n\n\n<p><a id=\"sonaar_ts-6927d032c5381\" class=\"srmp3_sonaar_ts_shortcode\"  style=\"\" href=\"javascript:sonaar_ts_shortcode({ trackid:'0', time:'00:28:36', ts_id:'6927d032c5381', play_icon:'' }) ;\">[00:28:36]<\/a> Donc \u00e7a, c&#8217;\u00e9taient les facteurs conjoncturels. Et maintenant, on va passer aux facteurs structurels pour comprendre ce mouvement des gilets jaunes. D&#8217;abord, je vous ai parl\u00e9 un peu plus t\u00f4t du probl\u00e8me du pouvoir d&#8217;achat. \u00c7a, c&#8217;est une tendance longue du fait que le co\u00fbt de la vie en France augmente plus vite que les salaires. Donc m\u00e9caniquement, le pouvoir d&#8217;achat d&#8217;une partie des Fran\u00e7ais baisse. Et \u00e7a, \u00e7a affecte directement les classes moyennes en France. Les Fran\u00e7ais qui appartiennent \u00e0 ces classes moyennes ont peur que leur situation \u00e9conomique et financi\u00e8re continue de se d\u00e9grader. Ils ont peur que le futur de leurs enfants soit moins bon que le leur. Donc c&#8217;est pour \u00e7a qu&#8217;ils r\u00e9agissent et qu&#8217;ils essaient de prot\u00e9ger ce qu&#8217;ils ont et de r\u00e9cup\u00e9rer un peu de pouvoir d&#8217;achat.<\/p>\n\n\n\n<p><a id=\"sonaar_ts-6927d032c5386\" class=\"srmp3_sonaar_ts_shortcode\"  style=\"\" href=\"javascript:sonaar_ts_shortcode({ trackid:'0', time:'00:29:33', ts_id:'6927d032c5386', play_icon:'' }) ;\">[00:29:33]<\/a> Ce qu&#8217;il faut savoir aussi, c&#8217;est qu&#8217;en France, il y a une passion pour l&#8217;\u00e9galit\u00e9. D&#8217;ailleurs, \u00e7a fait partie de la devise de la France : libert\u00e9, \u00e9galit\u00e9, fraternit\u00e9. Et beaucoup de Fran\u00e7ais ont l&#8217;impression que les in\u00e9galit\u00e9s augmentent. En r\u00e9alit\u00e9, ce n&#8217;est pas vraiment le cas. Les \u00e9tudes \u00e9conomiques montrent que le niveau d&#8217;in\u00e9galit\u00e9s en France est assez stable. Mais malgr\u00e9 \u00e7a, beaucoup de Fran\u00e7ais ont l&#8217;impression d&#8217;avoir de moins en moins d&#8217;argent tandis que les \u00e9lites, elles, continuent de s&#8217;enrichir.<\/p>\n\n\n\n<p><a id=\"sonaar_ts-6927d032c538a\" class=\"srmp3_sonaar_ts_shortcode\"  style=\"\" href=\"javascript:sonaar_ts_shortcode({ trackid:'0', time:'00:30:12', ts_id:'6927d032c538a', play_icon:'' }) ;\">[00:30:12]<\/a> Tout \u00e7a, \u00e7a fait qu&#8217;il y a un sentiment de d\u00e9fiance vis \u00e0 vis des politiciens. Une grande partie des Fran\u00e7ais n&#8217;a plus confiance dans le syst\u00e8me politique et dans les politiciens, parce qu&#8217;ils pensent que les politiciens sont simplement l\u00e0 pour repr\u00e9senter et pour servir les int\u00e9r\u00eats des \u00e9lites.<\/p>\n\n\n\n<p><a id=\"sonaar_ts-6927d032c538f\" class=\"srmp3_sonaar_ts_shortcode\"  style=\"\" href=\"javascript:sonaar_ts_shortcode({ trackid:'0', time:'00:30:33', ts_id:'6927d032c538f', play_icon:'' }) ;\">[00:30:33]<\/a> Et puis le dernier facteur structurel pour finir, c&#8217;est un facteur qui concerne plut\u00f4t la g\u00e9ographie. Je vous ai dit que les gilets jaunes viennent de la France p\u00e9riph\u00e9rique, autrement dit de la France de province, des petites villes. Ces Fran\u00e7ais se sentent abandonn\u00e9s parce que dans leur ville, beaucoup de services publics ont ferm\u00e9, il y a moins de commerces, le ch\u00f4mage est plus \u00e9lev\u00e9 et il n&#8217;y a quasiment pas d&#8217;investissements publics dans les transports parce que les investissements publics sont concentr\u00e9s dans les grandes villes. R\u00e9sultat, ces Fran\u00e7ais se sentent compl\u00e8tement abandonn\u00e9s et pas du tout repr\u00e9sent\u00e9s par les politiciens.<\/p>\n\n\n\n<p><a id=\"sonaar_ts-6927d032c5393\" class=\"srmp3_sonaar_ts_shortcode\"  style=\"\" href=\"javascript:sonaar_ts_shortcode({ trackid:'0', time:'00:31:14', ts_id:'6927d032c5393', play_icon:'' }) ;\">[00:31:14]<\/a> Apr\u00e8s cette analyse, on peut se demander quel est le futur du mouvement : que vont devenir les gilets jaunes ? \u00c0 vrai dire, c&#8217;est assez difficile \u00e0 pr\u00e9dire. On ne sait pas vraiment quelle direction \u00e7a va prendre. Mais il y a certains historiens qui font des parall\u00e8les entre ce mouvement et la R\u00e9volution de 1789. Vous savez que les Fran\u00e7ais adorent faire la r\u00e9volution et peut-\u00eatre que c&#8217;est dans cette direction que le mouvement des gilets jaunes va \u00e9voluer. Mais \u00e0 mon avis, c&#8217;est assez improbable parce qu&#8217;on n&#8217;est pas du tout dans le m\u00eame contexte. Simplement, il va \u00eatre int\u00e9ressant de voir si le mouvement va r\u00e9ussir \u00e0 se structurer et \u00e0 obtenir des r\u00e9sultats concrets ou bien s&#8217;il va lentement dispara\u00eetre. Surtout que les f\u00eates de fin d&#8217;ann\u00e9e approchent, donc j&#8217;imagine qu&#8217;une grande partie des Fran\u00e7ais va avoir envie de passer du temps en famille et pas forc\u00e9ment d&#8217;aller manifester \u00e0 Paris et combattre les policiers.<\/p>\n\n\n\n<p><a id=\"sonaar_ts-6927d032c5398\" class=\"srmp3_sonaar_ts_shortcode\"  style=\"\" href=\"javascript:sonaar_ts_shortcode({ trackid:'0', time:'00:32:27', ts_id:'6927d032c5398', play_icon:'' }) ;\">[00:32:27]<\/a> En conclusion, je voudrais dire que ce mouvement des gilets jaunes, il est assez int\u00e9ressant parce qu&#8217;il ne concerne pas seulement la France. En fait, si on s&#8217;\u00e9loigne encore un peu, si on prend encore du recul, on peut voir qu&#8217;il existe des tendances similaires dans d&#8217;autres pays. En Grande-Bretagne avec le Brexit, aux \u00c9tats-Unis avec l&#8217;\u00e9lection de Donald Trump et \u00e9galement en Italie avec la victoire du parti populiste, et m\u00eame en Pologne o\u00f9 j&#8217;habite en ce moment. Partout dans ces pays, on observe que la soci\u00e9t\u00e9 se divise en deux camps. D&#8217;un c\u00f4t\u00e9, il y a les personnes qui vivent dans les grandes villes, qui ont un bon travail, qui sont bien int\u00e9gr\u00e9es \u00e9conomiquement et qui constituent parfois les \u00e9lites des pays. Et de l&#8217;autre, on a les habitants de la campagne et des petites villes qui ont des situations \u00e9conomiques assez difficiles, qui sont oppos\u00e9es \u00e0 la mondialisation parce qu&#8217;ils ont peur que des \u00e9trangers prennent leur travail, et qui globalement se sentent abandonn\u00e9s et marginalis\u00e9s.<\/p>\n\n\n\n<p><a id=\"sonaar_ts-6927d032c539c\" class=\"srmp3_sonaar_ts_shortcode\"  style=\"\" href=\"javascript:sonaar_ts_shortcode({ trackid:'0', time:'00:33:41', ts_id:'6927d032c539c', play_icon:'' }) ;\">[00:33:41]<\/a> Le probl\u00e8me, c&#8217;est que la division entre ces deux camps est de plus en plus importante parce qu&#8217;il y a une absence totale de dialogue. Les deux camps sont incapables de communiquer entre eux. Et les politiciens, au lieu d&#8217;essayer de concilier ces deux visions, eh bien ils choisissent soit de repr\u00e9senter les int\u00e9r\u00eats d&#8217;un camp soit de l&#8217;autre. Donc en fait, ces politiciens aussi mettent de l&#8217;huile sur le feu. Et on peut dire que la situation devient assez inqui\u00e9tante.<\/p>\n\n\n\n<p><a id=\"sonaar_ts-6927d032c53a5\" class=\"srmp3_sonaar_ts_shortcode\"  style=\"\" href=\"javascript:sonaar_ts_shortcode({ trackid:'0', time:'00:34:14', ts_id:'6927d032c53a5', play_icon:'' }) ;\">[00:34:14]<\/a> On arrive \u00e0 la fin de cet \u00e9pisode. J&#8217;esp\u00e8re vous avoir aid\u00e9 \u00e0 comprendre ce mouvement des gilets jaunes. Je pense que c&#8217;\u00e9tait un \u00e9pisode peut-\u00eatre un peu plus difficile que d&#8217;habitude. Parfois, je re\u00e7ois des commentaires ou des messages pour me demander d&#8217;augmenter le niveau de difficult\u00e9 du podcast. Donc c&#8217;est ce que j&#8217;essaye de faire. Mais si vous avez l&#8217;impression que c&#8217;est devenu trop difficile, que je parle trop vite, n&#8217;h\u00e9sitez pas \u00e0 m&#8217;envoyer un message pour me dire de ralentir.<\/p>\n\n\n\n<p><a id=\"sonaar_ts-6927d032c53aa\" class=\"srmp3_sonaar_ts_shortcode\"  style=\"\" href=\"javascript:sonaar_ts_shortcode({ trackid:'0', time:'00:34:47', ts_id:'6927d032c53aa', play_icon:'' }) ;\">[00:34:47]<\/a> Pour finir, comme d&#8217;habitude, je vous invite \u00e0 laisser une petite \u00e9volution sur iTunes ou sur Facebook si vous ne l&#8217;avez pas encore fait. Vous savez que \u00e7a m&#8217;aide beaucoup \u00e0 faire conna\u00eetre le podcast. D&#8217;ailleurs, vous pouvez aussi partager ces \u00e9pisodes avec des membres de votre entourage, des personnes que vous connaissez qui apprennent le fran\u00e7ais. On se retrouve dans deux semaines pour le dernier \u00e9pisode de l&#8217;ann\u00e9e. Et en attendant, n&#8217;oubliez pas de faire un peu de fran\u00e7ais tous les jours. \u00c0 bient\u00f4t, salut !<\/p>\n","protected":false},"excerpt":{"rendered":"<p>Salut \u00e0 tous et bienvenue pour ce 55\u00e8me \u00e9pisode du podcast. Comme d&#8217;habitude, je suis tr\u00e8s content de vous retrouver et de pouvoir passer un petit moment avec vous. L&#8217;objectif de ce podcast, vous le savez, c&#8217;est d&#8217;apprendre le fran\u00e7ais de fa\u00e7on naturelle, et si possible plaisante, en apprenant des choses sur des sujets qui,&#8230;<\/p>\n","protected":false},"author":1,"featured_media":289648,"comment_status":"open","ping_status":"open","sticky":false,"template":"","format":[189],"meta":{"_acf_changed":false,"_kad_blocks_custom_css":"","_kad_blocks_head_custom_js":"","_kad_blocks_body_custom_js":"","_kad_blocks_footer_custom_js":"","_kad_post_transparent":"","_kad_post_title":"","_kad_post_layout":"","_kad_post_sidebar_id":"","_kad_post_content_style":"","_kad_post_vertical_padding":"","_kad_post_feature":"","_kad_post_feature_position":"","_kad_post_header":false,"_kad_post_footer":false,"_kad_post_classname":"","footnotes":""},"categories":[168],"tags":[175,176,172],"class_list":["post-1025","post","type-post","status-publish","format-standard","has-post-thumbnail","hentry","category-podcast","tag-france","tag-politique","tag-societe","format-solo-hugo"],"acf":[],"taxonomy_info":{"category":[{"value":168,"label":"Podcast"}],"post_tag":[{"value":175,"label":"France"},{"value":176,"label":"Politique"},{"value":172,"label":"Soci\u00e9t\u00e9"}],"format":[{"value":189,"label":"Solo Hugo"}]},"featured_image_src_large":["https:\/\/innerfrench.com\/wp-content\/uploads\/2024\/01\/55-gilets-jaunes-750x406.jpg",750,406,true],"author_info":{"display_name":"Hugo","author_link":"https:\/\/innerfrench.com\/author\/innerfrench-2-2-2-2-2-2-2-2-2-2-2-2-2-2-2-2-2-2-2\/"},"comment_info":8,"category_info":[{"term_id":168,"name":"Podcast","slug":"podcast","term_group":0,"term_taxonomy_id":168,"taxonomy":"category","description":"","parent":0,"count":185,"filter":"raw","cat_ID":168,"category_count":185,"category_description":"","cat_name":"Podcast","category_nicename":"podcast","category_parent":0}],"tag_info":[{"term_id":175,"name":"France","slug":"france","term_group":0,"term_taxonomy_id":175,"taxonomy":"post_tag","description":"","parent":0,"count":100,"filter":"raw"},{"term_id":176,"name":"Politique","slug":"politique","term_group":0,"term_taxonomy_id":176,"taxonomy":"post_tag","description":"","parent":0,"count":20,"filter":"raw"},{"term_id":172,"name":"Soci\u00e9t\u00e9","slug":"societe","term_group":0,"term_taxonomy_id":172,"taxonomy":"post_tag","description":"","parent":0,"count":94,"filter":"raw"}],"_links":{"self":[{"href":"https:\/\/innerfrench.com\/wp-json\/wp\/v2\/posts\/1025","targetHints":{"allow":["GET"]}}],"collection":[{"href":"https:\/\/innerfrench.com\/wp-json\/wp\/v2\/posts"}],"about":[{"href":"https:\/\/innerfrench.com\/wp-json\/wp\/v2\/types\/post"}],"author":[{"embeddable":true,"href":"https:\/\/innerfrench.com\/wp-json\/wp\/v2\/users\/1"}],"replies":[{"embeddable":true,"href":"https:\/\/innerfrench.com\/wp-json\/wp\/v2\/comments?post=1025"}],"version-history":[{"count":2,"href":"https:\/\/innerfrench.com\/wp-json\/wp\/v2\/posts\/1025\/revisions"}],"predecessor-version":[{"id":294239,"href":"https:\/\/innerfrench.com\/wp-json\/wp\/v2\/posts\/1025\/revisions\/294239"}],"wp:featuredmedia":[{"embeddable":true,"href":"https:\/\/innerfrench.com\/wp-json\/wp\/v2\/media\/289648"}],"wp:attachment":[{"href":"https:\/\/innerfrench.com\/wp-json\/wp\/v2\/media?parent=1025"}],"wp:term":[{"taxonomy":"category","embeddable":true,"href":"https:\/\/innerfrench.com\/wp-json\/wp\/v2\/categories?post=1025"},{"taxonomy":"post_tag","embeddable":true,"href":"https:\/\/innerfrench.com\/wp-json\/wp\/v2\/tags?post=1025"},{"taxonomy":"format","embeddable":true,"href":"https:\/\/innerfrench.com\/wp-json\/wp\/v2\/format?post=1025"}],"curies":[{"name":"wp","href":"https:\/\/api.w.org\/{rel}","templated":true}]}}