{"id":10251,"date":"2021-06-24T12:36:36","date_gmt":"2021-06-24T10:36:36","guid":{"rendered":"https:\/\/innerfrench.com\/?p=10251"},"modified":"2025-09-29T12:03:11","modified_gmt":"2025-09-29T10:03:11","slug":"96-louise-michel","status":"publish","type":"post","link":"https:\/\/innerfrench.com\/96-louise-michel\/","title":{"rendered":"#96 Louise Michel : h\u00e9ro\u00efne de la Commune et pionni\u00e8re du f\u00e9minisme"},"content":{"rendered":"\n<p>Salut \u00e0 toutes et \u00e0 tous, bienvenue ! Je suis ravi de vous retrouver pour cet \u00e9pisode un peu sp\u00e9cial puisque pour la premi\u00e8re fois, je vais laisser les r\u00eanes \u00e0 quelqu&#8217;un d&#8217;autre. \u00abLaisser les r\u00eanes\u00bb, \u00e7a veut dire donner les commandes, le contr\u00f4le \u00e0 une autre personne. On a re\u00e7u plein de commentaires positifs \u00e0 propos de l&#8217;interview avec l&#8217;historien Florent Vandepitte donc on a d\u00e9cid\u00e9 de continuer ce format. Mais en plus, aujourd&#8217;hui, c&#8217;est une autre membre de l&#8217;\u00e9quipe qui s&#8217;y colle, qui s&#8217;en charge. C&#8217;est Ingrid qui va mener l&#8217;entretien ! Elle a interview\u00e9 l&#8217;historienne Mathilde Larr\u00e8re pour parler de Louise Michel. Donc, vous voyez, aujourd&#8217;hui, c&#8217;est un \u00e9pisode 100% f\u00e9minin.<\/p>\n\n\n\n<p><a id=\"sonaar_ts-6927d0b48efa5\" class=\"srmp3_sonaar_ts_shortcode\"  style=\"\" href=\"javascript:sonaar_ts_shortcode({ trackid:'0', time:'00:01:04', ts_id:'6927d0b48efa5', play_icon:'' }) ;\">[00:01:04]<\/a> Mathilde Larr\u00e8re est enseignante-chercheuse \u00e0 l&#8217;Universit\u00e9 Paris-Est Marne la Vall\u00e9e. Elle est sp\u00e9cialiste des mouvements r\u00e9volutionnaires en France au 19\u00e8me si\u00e8cle. R\u00e9cemment, elle a publi\u00e9 deux livres : <i>Il \u00e9tait une fois les r\u00e9volutions en 2019<\/i> et <i>Rage against the machisme<\/i> l&#8217;ann\u00e9e derni\u00e8re. Elle est aussi tr\u00e8s suivie sur Twitter, o\u00f9 elle partage r\u00e9guli\u00e8rement des petits cours pour clarifier certains concepts historiques. Aujourd&#8217;hui, Mathilde Larr\u00e8re va donc nous parler de Louise Michel. Si vous avez \u00e9cout\u00e9 l&#8217;\u00e9pisode pr\u00e9c\u00e9dent, celui sur la Commune, vous avez d\u00e9j\u00e0 entendu ce nom, vous allez voir que c&#8217;est un personnage fascinant.<\/p>\n\n\n\n<p><a id=\"sonaar_ts-6927d0b48efb3\" class=\"srmp3_sonaar_ts_shortcode\"  style=\"\" href=\"javascript:sonaar_ts_shortcode({ trackid:'0', time:'00:01:52', ts_id:'6927d0b48efb3', play_icon:'' }) ;\">[00:01:52]<\/a> Louise Michel est n\u00e9e en 1830 en Haute-Marne, dans l&#8217;est de la France. Elle a commenc\u00e9 sa carri\u00e8re en tant qu&#8217;institutrice, autrement dit ma\u00eetresse d&#8217;\u00e9cole, \u00e0 l&#8217;\u00e9poque du Second Empire. Vous savez, quand le neveu de Napol\u00e9on \u00e9tait au pouvoir (on en a parl\u00e9 dans le dernier \u00e9pisode). \u00c0 partir de ce moment-l\u00e0, l&#8217;\u00e9ducation est devenue un des grands combats de sa vie. Elle s&#8217;est battue pendant des ann\u00e9es pour r\u00e9former l&#8217;\u00e9cole et la rendre accessible \u00e0 tous. \u00c0 26 ans, elle a d\u00e9m\u00e9nag\u00e9 \u00e0 Paris. Dans la capitale, elle a commenc\u00e9 \u00e0 s&#8217;engager politiquement en faveur des id\u00e9es r\u00e9publicaines.<\/p>\n\n\n\n<p><a id=\"sonaar_ts-6927d0b48efba\" class=\"srmp3_sonaar_ts_shortcode\"  style=\"\" href=\"javascript:sonaar_ts_shortcode({ trackid:'0', time:'00:02:35', ts_id:'6927d0b48efba', play_icon:'' }) ;\">[00:02:35]<\/a> Plus tard, elle a particip\u00e9 \u00e0 l&#8217;insurrection de la Commune, dont elle est devenue une des principales figures, en prenant les armes pour combattre l&#8217;arm\u00e9e versaillaise. Suite \u00e0 la d\u00e9faite des Communards, elle a \u00e9t\u00e9 d\u00e9port\u00e9e, envoy\u00e9e dans un camp de travail en Nouvelle-Cal\u00e9donie. Elle a pu rentrer \u00e0 Paris six ans plus tard, o\u00f9 elle a continu\u00e9 son combat politique, dor\u00e9navant, au sein du mouvement anarchiste. Jusqu&#8217;\u00e0 sa mort en 1905, Louise Michel a d\u00e9fendu les opprim\u00e9s, les pauvres, les femmes et les animaux. Plus tard, les mouvements f\u00e9ministes ont reconnu en elle une pionni\u00e8re de leur cause.<\/p>\n\n\n\n<p><a id=\"sonaar_ts-6927d0b48efbf\" class=\"srmp3_sonaar_ts_shortcode\"  style=\"\" href=\"javascript:sonaar_ts_shortcode({ trackid:'0', time:'00:03:19', ts_id:'6927d0b48efbf', play_icon:'' }) ;\">[00:03:19]<\/a> Voil\u00e0, je vous ai donn\u00e9 ces quelques rep\u00e8res, ces grandes lignes, pour que l&#8217;entretien soit plus facile \u00e0 comprendre. Je vous rappelle aussi que, comme d&#8217;habitude, la transcription de l&#8217;\u00e9pisode est disponible sur innerfrench.com. Et maintenant, je laisse la parole \u00e0 Mathilde Larr\u00e8re et Ingrid qui vont nous raconter comment Louise Michel a marqu\u00e9 l&#8217;histoire de la France.<\/p>\n\n\n\n<p><a id=\"sonaar_ts-6927d0b48efc3\" class=\"srmp3_sonaar_ts_shortcode\"  style=\"\" href=\"javascript:sonaar_ts_shortcode({ trackid:'0', time:'00:03:58', ts_id:'6927d0b48efc3', play_icon:'' }) ;\">[00:03:58]<\/a> Mathilde Larr\u00e8re, bonjour !<\/p>\n\n\n\n<p><a id=\"sonaar_ts-6927d0b48efc8\" class=\"srmp3_sonaar_ts_shortcode\"  style=\"\" href=\"javascript:sonaar_ts_shortcode({ trackid:'0', time:'00:03:58', ts_id:'6927d0b48efc8', play_icon:'' }) ;\">[00:03:58]<\/a> Bonjour !<\/p>\n\n\n\n<p><a id=\"sonaar_ts-6927d0b48efcc\" class=\"srmp3_sonaar_ts_shortcode\"  style=\"\" href=\"javascript:sonaar_ts_shortcode({ trackid:'0', time:'00:03:58', ts_id:'6927d0b48efcc', play_icon:'' }) ;\">[00:03:58]<\/a> Merci d&#8217;\u00eatre avec moi aujourd&#8217;hui pour cet \u00e9pisode consacr\u00e9 \u00e0 Louise-Michel. Avec vous, on va revenir sur le parcours de cette \u00e9crivaine et militante anarchiste qui a jou\u00e9 un r\u00f4le important dans la Commune il y a 150 ans. Mathilde Larr\u00e8re, vous \u00eates historienne, sp\u00e9cialiste des mouvements r\u00e9volutionnaires et vous avez \u00e9crit plusieurs livres sur les femmes dans les r\u00e9volutions. Vous \u00eates \u00e9galement active sur Twitter, o\u00f9 vous partagez des fils th\u00e9matiques sur des sujets historiques souvent li\u00e9s \u00e0 l&#8217;actualit\u00e9 politique et sociale fran\u00e7aise. Je vous avoue que je vous suis sur Twitter depuis longtemps et que j&#8217;admire votre travail de d\u00e9mocratisation de l&#8217;histoire.<\/p>\n\n\n\n<p><a id=\"sonaar_ts-6927d0b48efd1\" class=\"srmp3_sonaar_ts_shortcode\"  style=\"\" href=\"javascript:sonaar_ts_shortcode({ trackid:'0', time:'00:04:38', ts_id:'6927d0b48efd1', play_icon:'' }) ;\">[00:04:38]<\/a> Eh ben, merci !<\/p>\n\n\n\n<p><a id=\"sonaar_ts-6927d0b48efd6\" class=\"srmp3_sonaar_ts_shortcode\"  style=\"\" href=\"javascript:sonaar_ts_shortcode({ trackid:'0', time:'00:04:38', ts_id:'6927d0b48efd6', play_icon:'' }) ;\">[00:04:38]<\/a> Alors vous partagez souvent des histoires m\u00e9connues ou mal connues. C&#8217;est par exemple le cas de Louise Michel. Donc, personnellement, j&#8217;ai \u00e9t\u00e9 \u00e0 l&#8217;\u00e9cole de la R\u00e9publique fran\u00e7aise de mes 2 ans jusqu&#8217;\u00e0 mes 18 ans, puis \u00e0 l&#8217;universit\u00e9 \u00e0 Paris et c&#8217;est seulement pendant mes \u00e9tudes de journalisme que j&#8217;ai d\u00e9couvert l&#8217;existence de cette femme exceptionnelle et si importante pour comprendre notre histoire. Alors j&#8217;imagine, comme je vous disais auparavant hors micro, j&#8217;imagine que nos auditeurs, m\u00eame s&#8217;ils sont francophiles, comme ils ne sont pas fran\u00e7ais, ils n&#8217;ont pas forc\u00e9ment entendu parler de Louise Michel. Alors pour commencer, comment est-ce qu&#8217;on peut la pr\u00e9senter ? J&#8217;ai dit : \u00e9crivaine, militante, anarchiste. Est-ce-que c&#8217;est une bonne d\u00e9finition ? Elle \u00e9tait aussi f\u00e9ministe, journaliste ? Comment, en quelques mots, on la pr\u00e9sente ?<\/p>\n\n\n\n<p><a id=\"sonaar_ts-6927d0b48efda\" class=\"srmp3_sonaar_ts_shortcode\"  style=\"\" href=\"javascript:sonaar_ts_shortcode({ trackid:'0', time:'00:05:29', ts_id:'6927d0b48efda', play_icon:'' }) ;\">[00:05:29]<\/a> Oui, elle \u00e9tait tout \u00e7a donc elle est institutrice aussi et c&#8217;est tr\u00e8s important et dans sa vie, et dans ses combats. Elle a toute une part de ces combats o\u00f9 elle d\u00e9fend l&#8217;\u00e9cole, l&#8217;\u00e9cole pour toutes et pour tous et un enseignement qu&#8217;elle veut \u00e9mancipateur. Donc, c&#8217;est une institutrice, une \u00e9crivaine, une po\u00e9tesse, elle fait des po\u00e8mes aussi. Mais c\u2019est militante, socialiste puis anarchiste infatigable. Elle a milit\u00e9 toute sa vie. On l&#8217;associe souvent \u00e0 la Commune, mais il ne faut pas oublier que Louise Michel ne se limite pas \u00e0 la Commune. Elle a \u00e9t\u00e9 au c\u0153ur des combats sociaux et politiques jusqu&#8217;\u00e0 sa mort en 1905. Elle a fait de nombreuses ann\u00e9es de prison, elle a fait du bagne. Donc\u2026 donc elle a une vie extr\u00eamement longue, bien sup\u00e9rieure aux 72 jours de la Commune, d&#8217;engagement au service de la justice sociale, de l&#8217;\u00e9galit\u00e9 et de la cause des femmes.<\/p>\n\n\n\n<p><a id=\"sonaar_ts-6927d0b48efdf\" class=\"srmp3_sonaar_ts_shortcode\"  style=\"\" href=\"javascript:sonaar_ts_shortcode({ trackid:'0', time:'00:06:27', ts_id:'6927d0b48efdf', play_icon:'' }) ;\">[00:06:27]<\/a> Ok, donc vous dites que c&#8217;est une militante socialiste d&#8217;abord, puis anarchiste. On comprend donc que son positionnement a \u00e9volu\u00e9. Quel a \u00e9t\u00e9 son cheminement ? Est-ce que \u00e7a a \u00e9t\u00e9 progressif ?<\/p>\n\n\n\n<p><a id=\"sonaar_ts-6927d0b48efe3\" class=\"srmp3_sonaar_ts_shortcode\"  style=\"\" href=\"javascript:sonaar_ts_shortcode({ trackid:'0', time:'00:06:40', ts_id:'6927d0b48efe3', play_icon:'' }) ;\">[00:06:40]<\/a> Oui, c&#8217;est progressif. Alors, jeune, elle r\u00e9publicaine, mais elle d\u00e9fend ce qu&#8217;on appelle la R\u00e9publique d\u00e9mocratique et sociale donc elle est proche\u2026 alors l\u00e0 c\u2019est des gens que vos auditeurs et auditrices ne conna\u00eetront pas forc\u00e9ment, mais comme Blanqui, qui est un grand d\u00e9mocrate social qui a fait la r\u00e9volution de 1848. Donc elle est favorable \u00e0 une r\u00e9publique, mais une r\u00e9publique qui soit soucieuse d&#8217;\u00e9galit\u00e9 et pas seulement de libert\u00e9, qui est une R\u00e9publique qui fasse passer les droits sociaux comme&#8230; comme importants, donc le droit au travail, le droit \u00e0 l&#8217;instruction, le droit \u00e0 l&#8217;assistance. Et donc au d\u00e9but, elle est plut\u00f4t proche de ces milieux-l\u00e0.<\/p>\n\n\n\n<p><a id=\"sonaar_ts-6927d0b48efe8\" class=\"srmp3_sonaar_ts_shortcode\"  style=\"\" href=\"javascript:sonaar_ts_shortcode({ trackid:'0', time:'00:07:19', ts_id:'6927d0b48efe8', play_icon:'' }) ;\">[00:07:19]<\/a> Quand on se rapproche de la Commune, elle va fr\u00e9quenter de plus en plus les milieux que l&#8217;on va appeler socialistes, mais donc plut\u00f4t proche de Proudhon, pas trop de Marx parce que Marx n&#8217;est pas tr\u00e8s connu en France \u00e0 l&#8217;\u00e9poque, mais elle est proche\u2026 elle est entre les d\u00e9mocrates sociaux et les socialistes. Et c&#8217;est l&#8217;exp\u00e9rience de la Commune, c&#8217;est l&#8217;exp\u00e9rience ensuite, lorsqu&#8217;elle est en&#8230; elle va \u00eatre jug\u00e9e, condamn\u00e9e au bagne et au bagne elle va rencontrer des anarchistes, dont Nathalie Lemel et d&#8217;autres qu&#8217;elle va faire \u00e9voluer finalement sa conception politique et verser dans l&#8217;anarchisme, ce qui, pour elle, implique de ne plus faire confiance \u00e0 la d\u00e9mocratie, de ne plus faire confiance aux \u00e9lections, de ne plus faire confiance \u00e0 la repr\u00e9sentation nationale et de d\u00e9fendre une organisation politique par petites cellules autonomes et sans\u2026 sans \u00c9tat, voil\u00e0, ce qui est le propre de l&#8217;anarchisme. Elle\u2026 plus elle avance, plus elle consid\u00e8re que c&#8217;est le pouvoir qui corrompt et que donc, il faut s&#8217;en prendre au pouvoir et \u00e9viter des formes de pouvoir pour garantir les valeurs qui sont les siennes de justice.<\/p>\n\n\n\n<p><a id=\"sonaar_ts-6927d0b48efec\" class=\"srmp3_sonaar_ts_shortcode\"  style=\"\" href=\"javascript:sonaar_ts_shortcode({ trackid:'0', time:'00:08:29', ts_id:'6927d0b48efec', play_icon:'' }) ;\">[00:08:29]<\/a> Ce qui m&#8217;intrigue alors, c&#8217;est de savoir comment elle est tomb\u00e9e dans le militantisme \u00e0 l&#8217;origine. Est-ce que c&#8217;est par son \u00e9ducation ou par un \u00e9v\u00e9nement particulier ? On peut retracer l&#8217;origine de son\u2026 de son militantisme ?<\/p>\n\n\n\n<p><a id=\"sonaar_ts-6927d0b48eff0\" class=\"srmp3_sonaar_ts_shortcode\"  style=\"\" href=\"javascript:sonaar_ts_shortcode({ trackid:'0', time:'00:08:44', ts_id:'6927d0b48eff0', play_icon:'' }) ;\">[00:08:44]<\/a> Alors elle est&#8230;elle est assez t\u00f4t un proche des milieux r\u00e9publicains donc\u2026 c&#8217;est une jeune femme qui na\u00eet en Haute-Marne, qui re\u00e7oit une \u00e9ducation alors sans doute parce que&#8230; parce que son p\u00e8re \u00e9tait &#8230; qui n\u2019est pas son p\u00e8re l\u00e9gitime, qui \u00e9tait le ch\u00e2telain du ch\u00e2teau o\u00f9 exer\u00e7ait sa m\u00e8re donc c&#8217;est un\u2026 c&#8217;est une\u2026 Elle est le r\u00e9sultat d&#8217;un amour ancillaire, enfin&#8230; Quelle est la part de l&#8217;amour l\u00e0-dedans, c&#8217;est toujours difficile \u00e0 savoir. Mais elle re\u00e7oit une \u00e9ducation et elle devient institutrice. Or, bah\u2026 dans les milieux des instituteurs et des institutrices, il y avait d\u00e9j\u00e0 un souci bien souvent de justice sociale. C&#8217;\u00e9taient des milieux qui \u00e9taient d\u00e9j\u00e0 \u00e0 la base plus r\u00e9publicains.<\/p>\n\n\n\n<p><a id=\"sonaar_ts-6927d0b48effa\" class=\"srmp3_sonaar_ts_shortcode\"  style=\"\" href=\"javascript:sonaar_ts_shortcode({ trackid:'0', time:'00:09:32', ts_id:'6927d0b48effa', play_icon:'' }) ;\">[00:09:32]<\/a> Quand elle\u2026 quand elle obtient son brevet d&#8217;institutrice, c&#8217;est l\u00e0\u2026 c&#8217;est l\u00e0 qu&#8217;on a sa premi\u00e8re prise de position. Donc avant, on ne sait pas tr\u00e8s bien quand est-ce que le changement s&#8217;op\u00e8re, mais quand elle devient institutrice, on est sous le Second Empire et sous le Second Empire, en France, pour exercer le m\u00e9tier d&#8217;institutrice, il faut pr\u00eater, dans une \u00e9cole publique, il faut pr\u00eater un serment de fid\u00e9lit\u00e9 \u00e0 l&#8217;Empereur. Et elle se refuse \u00e0 pr\u00eater ce serment, comme d&#8217;ailleurs d&#8217;autres instituteurs et institutrices \u00e0 l&#8217;\u00e9poque, parce que, justement, elle refuse de soutenir l&#8217;Empereur et cela marque son positionnement plut\u00f4t r\u00e9publicain. Et elle va monter \u00e0 Paris, o\u00f9 elle va cr\u00e9er des \u00e9coles libres pour pouvoir enseigner. Et l\u00e0, elle se rapproche des milieux r\u00e9publicains, d\u00e9mocrates et sociaux fr\u00e9quentant leurs clubs, rencontrant un certain nombre d&#8217;entre eux. Elle \u00e9crit d&#8217;ailleurs dans le journal de Blanqui, elle \u00e9crit dans le journal de Vall\u00e8s et donc c&#8217;est comme \u00e7a que l&#8217;on sait qu&#8217;elle est plut\u00f4t proche de ces id\u00e9es-l\u00e0.<\/p>\n\n\n\n<p><a id=\"sonaar_ts-6927d0b48efff\" class=\"srmp3_sonaar_ts_shortcode\"  style=\"\" href=\"javascript:sonaar_ts_shortcode({ trackid:'0', time:'00:10:31', ts_id:'6927d0b48efff', play_icon:'' }) ;\">[00:10:31]<\/a> Alors, je rappelle \u00e0 nos auditeurs et auditrices que le Second Empire a eu lieu de 1852 \u00e0 1870. Dans les \u00e9pisodes pr\u00e9c\u00e9dents du podcast, Hugo vous a parl\u00e9 de Napol\u00e9on III, c&#8217;\u00e9tait le neveu de Napol\u00e9on 1er. Eh bien, c&#8217;est au tout d\u00e9but de ce r\u00e9gime que Louise Michel refuse de pr\u00eater serment. Donc elle militait d\u00e9j\u00e0 activement depuis des ann\u00e9es, pendant pr\u00e8s de vingt ans, quand la Commune (ce pourquoi elle est c\u00e9l\u00e8bre aujourd&#8217;hui) a commenc\u00e9. Alors quel a \u00e9t\u00e9 son\u2026 son r\u00f4le exactement dans la Commune ? Est-ce qu&#8217;elle a \u00e9t\u00e9 une actrice majeure de cette lutte ou est-ce qu&#8217;elle a \u00e9t\u00e9 seulement un personnage parmi d&#8217;autres ?<\/p>\n\n\n\n<p><a id=\"sonaar_ts-6927d0b48f003\" class=\"srmp3_sonaar_ts_shortcode\"  style=\"\" href=\"javascript:sonaar_ts_shortcode({ trackid:'0', time:'00:11:20', ts_id:'6927d0b48f003', play_icon:'' }) ;\">[00:11:20]<\/a> Alors elle est un parmi d&#8217;autres. D&#8217;autant que la Commune, justement, tous les gens, hommes et femmes de la Commune ont toujours \u00e9t\u00e9 soucieux qu&#8217;il n&#8217;y ait pas de personnification du pouvoir ou des pouvoirs au moment de la Commune. La Commune est un \u00e9v\u00e8nement profond\u00e9ment collectif et tout le monde veillait bien \u00e0 ce qu&#8217;il n&#8217;y ait pas des personnalit\u00e9s qui se d\u00e9gagent. Donc, il n&#8217;y a pas de pas\u2026 pas\u2026 Louise Michel, mais pas plus non plus. C&#8217;est sans doute pour \u00e7a&#8230; Parce que vous avez dit au d\u00e9but que Louise Michel est peu connue, mais c&#8217;est sans doute la plus connue, sans nul doute, des Communards et des Communardes.<\/p>\n\n\n\n<p><a id=\"sonaar_ts-6927d0b48f008\" class=\"srmp3_sonaar_ts_shortcode\"  style=\"\" href=\"javascript:sonaar_ts_shortcode({ trackid:'0', time:'00:12:01', ts_id:'6927d0b48f008', play_icon:'' }) ;\">[00:12:01]<\/a> En France quand on demande \u00e0 des gens qui connaissent peu la Commune, si on leur demande un nom de Communards ou de Communardes, c&#8217;est Louise Michel. Il y a beaucoup d&#8217;\u00e9coles \u00e0 son nom, il y a des rues \u00e0 son nom, il y a des places \u00e0 son nom. Et depuis deux ans, elle est la seule r\u00e9f\u00e9rence \u00e0 la Commune dans les programmes scolaires. Donc, c&#8217;est nouveau, mais elle est de plus en plus&#8230; elle est de plus en plus connue.<\/p>\n\n\n\n<p><a id=\"sonaar_ts-6927d0b48f00c\" class=\"srmp3_sonaar_ts_shortcode\"  style=\"\" href=\"javascript:sonaar_ts_shortcode({ trackid:'0', time:'00:12:25', ts_id:'6927d0b48f00c', play_icon:'' }) ;\">[00:12:25]<\/a> Et je pense que si elle est si connue, c&#8217;est parce que justement, la Commune n&#8217;ayant pas dans l&#8217;organisation de ces pouvoirs&#8230; il n&#8217;y a pas un chef de la Commune, il y a, il y a\u2026 c&#8217;est toujours des pouvoirs coll\u00e9giaux, collectifs. Il n&#8217;y a pas de figure de grand homme qui s&#8217;impose s&#8217;agissant de la Commune. Et finalement, c&#8217;est cette absence d&#8217;une figure de grand homme qui, dans le cadre, en plus, de notre histoire qui\u2026 de France qui valorise toujours les grands hommes au d\u00e9triment des femmes, on puisse avoir cette figure de femme qui s&#8217;illustre.<\/p>\n\n\n\n<p><a id=\"sonaar_ts-6927d0b48f010\" class=\"srmp3_sonaar_ts_shortcode\"  style=\"\" href=\"javascript:sonaar_ts_shortcode({ trackid:'0', time:'00:12:57', ts_id:'6927d0b48f010', play_icon:'' }) ;\">[00:12:57]<\/a> Alors, qu&#8217;est-ce qu&#8217;elle fait dans la Commune ? Elle avait d\u00e9j\u00e0 \u00e9t\u00e9 tr\u00e8s active avant la Commune, dans lesi\u00e8ge de Paris, parce qu&#8217;avant que Paris ne se soul\u00e8ve et ne devienne la Commune, Paris a \u00e9t\u00e9 assi\u00e9g\u00e9e par les arm\u00e9es prussiennes pendant presque trois mois, de septembre \u00e0 janvier 1870-1871. Et elle a d\u00e9j\u00e0 eu un r\u00f4le tr\u00e8s important, elle fr\u00e9quentait des clubs, elle\u2026 elle veillait beaucoup au ravitaillement, notamment elle a assur\u00e9 le ravitaillement des \u00e9l\u00e8ves de son \u00e9cole, pour \u00eatre s\u00fbre qu&#8217;ils puissent manger. Paris \u00e9tant aussi assi\u00e9g\u00e9, on a\u2026 est mort de faim dans le Paris de la Commune, on a mang\u00e9 des rats, des chats, des \u00e9l\u00e9phants, pour ceux qui avaient les moyens de manger les \u00e9l\u00e9phants du zoo.<\/p>\n\n\n\n<p><a id=\"sonaar_ts-6927d0b48f015\" class=\"srmp3_sonaar_ts_shortcode\"  style=\"\" href=\"javascript:sonaar_ts_shortcode({ trackid:'0', time:'00:13:41', ts_id:'6927d0b48f015', play_icon:'' }) ;\">[00:13:41]<\/a> Et donc, elle\u2026.elle a d\u00e9j\u00e0 un r\u00f4le important, elle \u00e9tait\u2026 elle a m\u00eame d\u00e9j\u00e0 un r\u00f4le politique important puisqu&#8217;il y a des soul\u00e8vements pendant cette p\u00e9riode, notamment juste apr\u00e8s l&#8217;armistice le 22 juin, il y a une tentative de prise de l&#8217;h\u00f4tel de ville et Louise Michel y participe. Ce qui a beaucoup marqu\u00e9 les contemporains et maintenant, c&#8217;est qu&#8217;elle y participe habill\u00e9e en homme ce qui est interdit. A l&#8217;\u00e9poque, une femme ne peut pas s&#8217;habiller en homme, c&#8217;est interdit par la loi. Et l\u00e0, elle a fait le coup de feu donc elle avait un fusil et elle a tir\u00e9, ce qui, l\u00e0 aussi, \u00e9tait inenvisageable pour une femme \u00e0 l&#8217;\u00e9poque.<\/p>\n\n\n\n<p><a id=\"sonaar_ts-6927d0b48f019\" class=\"srmp3_sonaar_ts_shortcode\"  style=\"\" href=\"javascript:sonaar_ts_shortcode({ trackid:'0', time:'00:14:20', ts_id:'6927d0b48f019', play_icon:'' }) ;\">[00:14:20]<\/a> Donc, quand la Commune commence, elle est d\u00e9j\u00e0 connue, Louise Michel. En 1869, avec d&#8217;autres femmes, elle a sign\u00e9 un manifeste pour les droits des femmes et l&#8217;\u00e9galit\u00e9 hommes-femmes. Elle est d\u00e9j\u00e0 connue aussi dans les milieux f\u00e9ministes donc ce n&#8217;est pas une personnalit\u00e9 lambda. Pendant la Commune, elle va&#8230; elle va jouer\u2026 alors la particularit\u00e9 de Louise Michel pendant la Commune, c&#8217;est que c&#8217;est vraiment une combattante alors que beaucoup de femmes de la Commune ne sont pas all\u00e9s jusqu&#8217;\u00e0 prendre les armes parce que vraiment, \u00e7a ne se faisait pas \u00e0 l&#8217;\u00e9poque. Et&#8230; ni les hommes, ni les femmes n&#8217;envisagaient que les femmes puissent combattre, or elle, elle a combattu.<\/p>\n\n\n\n<p><a id=\"sonaar_ts-6927d0b48f01e\" class=\"srmp3_sonaar_ts_shortcode\"  style=\"\" href=\"javascript:sonaar_ts_shortcode({ trackid:'0', time:'00:14:56', ts_id:'6927d0b48f01e', play_icon:'' }) ;\">[00:14:56]<\/a> Elle a d&#8217;ailleurs pass\u00e9 une grande partie de la Commune, non pas \u00e0 Paris, mais sur les lieux des combats qui opposaient les arm\u00e9es de la Commune aux arm\u00e9es de Versailles, donc l\u00e0 o\u00f9 \u00e9tait le pouvoir, dans la banlieue de Paris, \u00e0 l&#8217;ouest, donc au fort d&#8217;Issy les Moulineaux, etc. Elle s&#8217;est battue, c&#8217;\u00e9tait&#8230; elle s&#8217;est battue les armes \u00e0 la main. Elle a d&#8217;ailleurs \u00e9t\u00e9 bless\u00e9e, mais elle est l\u00e0&#8230; d\u00e8s qu&#8217;elle a \u00e9t\u00e9 remise, elle s&#8217;est rebattue. Mais sinon, elle a particip\u00e9 aux quelques clubs auxquels elle appartenait et elle a \u00e9crit beaucoup dans les journaux de la Commune.<\/p>\n\n\n\n<p><a id=\"sonaar_ts-6927d0b48f023\" class=\"srmp3_sonaar_ts_shortcode\"  style=\"\" href=\"javascript:sonaar_ts_shortcode({ trackid:'0', time:'0:15:26', ts_id:'6927d0b48f023', play_icon:'' }) ;\">[00:15:26]<\/a> Oui, elle s&#8217;est donc battue avec les armes et avec la plume, comme je vous ai entendu dire dans une de vos interviews. Je rappelle que les journaux ont jou\u00e9 un r\u00f4le tr\u00e8s important dans la mobilisation du peuple \u00e0 cette \u00e9poque. Est-ce qu&#8217;on peut dire donc qu&#8217;\u00e0 ce moment-l\u00e0, Louise Michel est une figure politique connue dans tout Paris et m\u00eame peut-\u00eatre dans toute la France ?<\/p>\n\n\n\n<p><a id=\"sonaar_ts-6927d0b48f028\" class=\"srmp3_sonaar_ts_shortcode\"  style=\"\" href=\"javascript:sonaar_ts_shortcode({ trackid:'0', time:'00:15:52', ts_id:'6927d0b48f028', play_icon:'' }) ;\">[00:15:52]<\/a> Toute la France, je ne sais pas, mais elle \u00e9tait connue dans Paris. En tout cas, elle \u00e9tait connue dans les milieux&#8230; des milieux de gauche<strong>, <\/strong>les milieux tr\u00e8s radicaux. Elle est&#8230;l\u00e0, elle \u00e9tait connue. Elle va \u00eatre encore plus connue apr\u00e8s la Commune, en fait. Pendant la Commune, elle est une parmi d&#8217;autres, mais&#8230; mais apr\u00e8s la Commune, l\u00e0, c&#8217;est l\u00e0 que commence vraiment la construction de la figure de Louise Michel. D\u00e9j\u00e0, du fait de son proc\u00e8s, elle est\u2026 elle n&#8217;est pas arr\u00eat\u00e9e, Louise Michel, elle a r\u00e9ussi \u00e0 se cacher, mais les forces de l&#8217;ordre ont arr\u00eat\u00e9 sa m\u00e8re.<\/p>\n\n\n\n<p><a id=\"sonaar_ts-6927d0b48f02c\" class=\"srmp3_sonaar_ts_shortcode\"  style=\"\" href=\"javascript:sonaar_ts_shortcode({ trackid:'0', time:'00:16:26', ts_id:'6927d0b48f02c', play_icon:'' }) ;\">[00:16:26]<\/a> Et une affiche&#8230; des affiches sont placard\u00e9es dans Paris expliquant que si Louise Michel ne se rend pas, c&#8217;est sa m\u00e8re qui sera incarc\u00e9r\u00e9e \u00e0 sa place et donc, \u00e9videmment, elle vient se rendre pour que sa m\u00e8re soit lib\u00e9r\u00e9e. Et donc elle va \u00eatre jug\u00e9e et lors de son proc\u00e8s, le 18 d\u00e9cembre 1871, elle est d&#8217;un courage qui va forcer l&#8217;admiration, ne niant absolument aucun des faits qui lui sont reproch\u00e9s, ne tendant\u2026 enfin ne prenant aucune des perches qu&#8217;on lui tend pour la sauver, notamment les juges essaient de lui faire dire qu\u2019elle a rejoint la Commune par amour. Elle aurait \u00e9t\u00e9 finalement&#8230; c&#8217;est l&#8217;amoureuse qui aurait suivi Th\u00e9ophile Ferr\u00e9 et c&#8217;est pour \u00e7a qu&#8217;elle se serait, aux dires des juges, corrompue dans la Commune. Elle dit : <i>Mais non, pas du tout. Je n&#8217;avais qu&#8217;une passion : la r\u00e9volution.<\/i><\/p>\n\n\n\n<p><a id=\"sonaar_ts-6927d0b48f030\" class=\"srmp3_sonaar_ts_shortcode\"  style=\"\" href=\"javascript:sonaar_ts_shortcode({ trackid:'0', time:'00:17:13', ts_id:'6927d0b48f030', play_icon:'' }) ;\">[00:17:13]<\/a> Et elle est l\u00e0, elle est face \u00e0 ses juges et elle est debout, elle dit : <i>Mais vous \u00eates des hommes, je suis une femme. De toute fa\u00e7on, <\/i><i>quoi que je dise<\/i><i>, vous n&#8217;allez pas changer, <\/i><i>tuez-moi<\/i><i>. Ne soyez pas <\/i><i>l\u00e2ches<\/i><i>, tuez-moi. <\/i><i>Je m\u00e9rite le plomb<\/i><i> comme mes camarades.<\/i> En fait, elle va \u00eatre condamn\u00e9e au bagne parce qu&#8217;on n\u2019a peu condamn\u00e9 \u00e0 mort des femmes. Il y avait\u2026. Leur sexe les a prot\u00e9g\u00e9es, quelque part, de la condamnation, de la condamnation \u00e0 mort.<\/p>\n\n\n\n<p><a id=\"sonaar_ts-6927d0b48f047\" class=\"srmp3_sonaar_ts_shortcode\"  style=\"\" href=\"javascript:sonaar_ts_shortcode({ trackid:'0', time:'0', ts_id:'6927d0b48f047', play_icon:'' }) ;\">[00:17:39]<\/a> Donc son proc\u00e8s, d\u00e9j\u00e0, marque le coup et puis, \u00e0 son retour du bagne, elle va \u00eatre acclam\u00e9e parce que l&#8217;on parle d&#8217;elle, parce qu&#8217;elle a des soutiens qui entretiennent sa m\u00e9moire. Et par la suite, en fait d&#8217;elle-m\u00eame, elle va entretenir sa figure. Quand elle rentre du bagne, elle propose tout de suite \u00e0 tous les journaux, quelle que soit leur bord politique, une interview en \u00e9change de sommes d&#8217;argent qu&#8217;elle va donner aux r\u00e9fugi\u00e9s ou aux amnisti\u00e9es de la Commune pour les aider \u00e0 s&#8217;en sortir financi\u00e8rement. Donc, tous les journaux de l&#8217;\u00e9poque et m\u00eame les journaux les plus conservateurs comme <i>Le Gaulois<\/i>, vont avoir leur interview de Louise Michele ou \u00e9videmment elle dit ce qu&#8217;elle pense, elle ne change pas en fonction.<\/p>\n\n\n\n<p><a id=\"sonaar_ts-6927d0b48f04c\" class=\"srmp3_sonaar_ts_shortcode\"  style=\"\" href=\"javascript:sonaar_ts_shortcode({ trackid:'0', time:'00:18:22', ts_id:'6927d0b48f04c', play_icon:'' }) ;\">[00:18:22]<\/a> Et ensuite va multiplier les conf\u00e9rences, \u00eatre l\u00e0 \u00e0 tous les moments de comm\u00e9moration de la Commune donc elle a largement particip\u00e9 \u00e0 la construction de sa figure. Louise Michel, pour montrer son importance dans la Commune, c&#8217;est une des rares femmes dont on ait fait une statue de son vivant au mus\u00e9e Gr\u00e9vin. Et le mus\u00e9e Gr\u00e9vin lui envoie des lettres pour lui dire : Vous voulez \u00eatre pr\u00e9sent\u00e9e comme \u00e7a ? Comment ? Et elle&#8230; et c&#8217;est elle qui choisit comment elle va \u00eatre mise en statue de cire dans ce fameux mus\u00e9e Gr\u00e9vin qui \u00e9tait d\u00e9j\u00e0 important \u00e0 l&#8217;\u00e9poque.<\/p>\n\n\n\n<p><a id=\"sonaar_ts-6927d0b48f055\" class=\"srmp3_sonaar_ts_shortcode\"  style=\"\" href=\"javascript:sonaar_ts_shortcode({ trackid:'0', time:'00:18:56', ts_id:'6927d0b48f055', play_icon:'' }) ;\">[00:18:56]<\/a> Donc c&#8217;est une figure tr\u00e8s importante. Elle est r\u00e9guli\u00e8rement arr\u00eat\u00e9e parce qu&#8217;elle participe \u00e0 des rassemblements et \u00e0 des rassemblements de nature insurrectionnelle. \u00c0 chaque fois qu&#8217;elle est arr\u00eat\u00e9e le pouvoir est emb\u00eat\u00e9 parce que Louise Michel en prison, \u00e7a veut dire des journaux qui appellent \u00e0 sa lib\u00e9ration, des p\u00e9titions qui disent : non, pas encore Louise Michel en prison. Donc, ils la gracient, elle dit : <i>Ah non, non. Moi, je ne sors pas <\/i><i>tant que<\/i><i> tout le monde ne sort pas<\/i>. Donc vraiment c&#8217;est voil\u00e0&#8230;c&#8217;est, c&#8217;est&#8230; elle est tr\u00e8s, tr\u00e8s connue. C&#8217;est une des personnalit\u00e9s, alors pas celles dont on parle le plus dans la presse des ann\u00e9es 1890-1900, mais apr\u00e8s\u2026 apr\u00e8s les chefs de gouvernement et les principales personnalit\u00e9s politiques du moment. C&#8217;est une des dix personnalit\u00e9s les plus cit\u00e9es dans la presse de l&#8217;\u00e9poque.<\/p>\n\n\n\n<p><a id=\"sonaar_ts-6927d0b48f059\" class=\"srmp3_sonaar_ts_shortcode\"  style=\"\" href=\"javascript:sonaar_ts_shortcode({ trackid:'0', time:'00:19:46', ts_id:'6927d0b48f059', play_icon:'' }) ;\">[00:19:46]<\/a> Ah d&#8217;accord, donc, elle \u00e9tait vraiment connue \u00e0 l&#8217;\u00e9poque. C&#8217;\u00e9tait pas&#8230; c&#8217;\u00e9tait une personne parmi d&#8217;autres, mais qui, apr\u00e8s, est devenue une superstar, on peut dire. Mais du coup, je me demande comment&#8230; comment est-ce que \u00e7a se fait que moi, j&#8217;en ai entendu parler seulement tr\u00e8s tard, quand j&#8217;ai commenc\u00e9 \u00e0 fr\u00e9quenter des milieux f\u00e9ministes ou des journalistes ? Pourquoi est-ce qu&#8217;on n&#8217;en a pas parl\u00e9 \u00e0 l&#8217;\u00e9cole ? Est-ce que c&#8217;est une volont\u00e9 de ne pas la placer dans le roman national, \u00e0 une certaine \u00e9poque, en tout cas ?<\/p>\n\n\n\n<p><a id=\"sonaar_ts-6927d0b48f05d\" class=\"srmp3_sonaar_ts_shortcode\"  style=\"\" href=\"javascript:sonaar_ts_shortcode({ trackid:'0', time:'00:20:19', ts_id:'6927d0b48f05d', play_icon:'' }) ;\">[00:20:19]<\/a> Au moment o\u00f9 vous \u00e9tiez \u00e0 l&#8217;\u00e9cole de fait, on n&#8217;en parlait pas, mais les programmes scolaires changent. Donc maintenant, les \u00e9l\u00e8ves en ont plus entendu parler. C&#8217;est le produit du fait que\u2026 bah depuis finalement une d\u00e9cennie, et c&#8217;est li\u00e9 \u00e0 l&#8217;essor du mouvement f\u00e9ministe parce que le mouvement f\u00e9ministe a port\u00e9 la figure de Louise Michel aussi, puisqu&#8217;elle m\u00eame \u00e9tait\u2026 avait des propos f\u00e9ministes tr\u00e8s clairs. On a des tr\u00e8s belles citations f\u00e9ministe de Louise Michel, qui s&#8217;opposaient \u00e0 la domination de la femme dans le cadre du mariage, qui s&#8217;opposaient \u00e0 la prostitution, qui d\u00e9fendait une \u00e9cole pour les filles et les gar\u00e7ons et \u00e0 l&#8217;\u00e9poque ce n&#8217;\u00e9tait pas si \u00e9vident que \u00e7a.<\/p>\n\n\n\n<p><a id=\"sonaar_ts-6927d0b48f062\" class=\"srmp3_sonaar_ts_shortcode\"  style=\"\" href=\"javascript:sonaar_ts_shortcode({ trackid:'0', time:'00:21:01', ts_id:'6927d0b48f062', play_icon:'' }) ;\">[00:21:01]<\/a> Donc les f\u00e9ministes ont port\u00e9 la figure de Louise Michel et l&#8217;ont mis en avant. Et d&#8217;autre part, en fait, depuis les ann\u00e9es 2000, il y a un retour aussi de la m\u00e9moire de la Commune. Et finalement, cette rencontre entre ce retour de la m\u00e9moire de la Commune et cette\u2026 cette valorisation de la figure de Louise Michel par les f\u00e9ministes fait qu&#8217;elle devient depuis&#8230; depuis, je dirais 4-5 ans une figure d\u00e9sormais beaucoup plus importante et beaucoup plus connue et que donc, elle est rentr\u00e9e dans les programmes scolaires il y a deux ans.<\/p>\n\n\n\n<p><a id=\"sonaar_ts-6927d0b48f06a\" class=\"srmp3_sonaar_ts_shortcode\"  style=\"\" href=\"javascript:sonaar_ts_shortcode({ trackid:'0', time:'00:21:34', ts_id:'6927d0b48f06a', play_icon:'' }) ;\">[00:21:34]<\/a> Donc maintenant&#8230; maintenant, c&#8217;est le cas. Mais c&#8217;est vrai que&#8230; je pense qu&#8217;entre le moment o\u00f9 vous \u00e9tiez \u00e0 l&#8217;\u00e9cole&#8230; \u00e7a s&#8217;est fait justement le moment o\u00f9 vous l&#8217;avez rencontr\u00e9e dans les milieux f\u00e9ministes et dans les \u00e9coles de journalistes, c&#8217;est aussi le moment o\u00f9 on ressort cette figure qui, avant, est connue essentiellement&#8230; La m\u00e9moire de la Commune et donc de Louise Michel elle \u00e9tait transmise uniquement dans les milieux militants, donc elle n&#8217;\u00e9tait pas dans le roman national comme la Commune ne l&#8217;\u00e9tait pas.<\/p>\n\n\n\n<p><a id=\"sonaar_ts-6927d0b48f06e\" class=\"srmp3_sonaar_ts_shortcode\"  style=\"\" href=\"javascript:sonaar_ts_shortcode({ trackid:'0', time:'00:21:59', ts_id:'6927d0b48f06e', play_icon:'' }) ;\">[00:21:59]<\/a> Le roman national qui s&#8217;est quand m\u00eame&#8230; \u00e9videmment, il \u00e9volue, mais c&#8217;est s\u00e9diment\u00e9 au d\u00e9but de la Troisi\u00e8me R\u00e9publique. Or, la Troisi\u00e8me R\u00e9publique se sent finalement assez coupable de cette r\u00e9pression de la Commune et donc, la Troisi\u00e8me R\u00e9publique veut oublier la Commune. C&#8217;est pour \u00e7a qu&#8217;elle va les amnistier : il faut oublier, il faut&#8230; comme on veut oublier une tache&#8230;une tache dans son histoire et donc, la Commune n&#8217;est jamais vraiment rentr\u00e9e dans le roman national.<\/p>\n\n\n\n<p><a id=\"sonaar_ts-6927d0b48f073\" class=\"srmp3_sonaar_ts_shortcode\"  style=\"\" href=\"javascript:sonaar_ts_shortcode({ trackid:'0', time:'00:22:30', ts_id:'6927d0b48f073', play_icon:'' }) ;\">[00:22:30]<\/a> C&#8217;est vrai qu&#8217;encore aujourd&#8217;hui, on entend encore beaucoup que la Commune a \u00e9t\u00e9 un \u00e9pisode insignifiant, en tout cas que \u00e7a n&#8217;a pas vraiment apport\u00e9 un changement concret. Est-ce que la figure de Louise Michel, enfin ses actions, son militantisme, est-ce que c&#8217;est quelque chose qui est plut\u00f4t symbolique, qu&#8217;on retient dans l&#8217;histoire comme quelque chose de beau et des grands discours ou est-ce que concr\u00e8tement, dans les lois, dans les habitudes sociales, elle a provoqu\u00e9 un r\u00e9el changement ?<\/p>\n\n\n\n<p><a id=\"sonaar_ts-6927d0b48f077\" class=\"srmp3_sonaar_ts_shortcode\"  style=\"\" href=\"javascript:sonaar_ts_shortcode({ trackid:'0', time:'00:23:04', ts_id:'6927d0b48f077', play_icon:'' }) ;\">[00:23:04]<\/a> Alors, la Commune a fait plus que ce que l&#8217;on veut bien dire souvent parce que au bout du compte, quand on regarde tout le programme de la Troisi\u00e8me R\u00e9publique entre son installation d\u00e9finitive en 1880 et 1905, la Troisi\u00e8me R\u00e9publique applique le programme de la Commune, c&#8217;est-\u00e0-dire que la Commune avait d\u00e9fendu l&#8217;\u00e9cole gratuite, la\u00efque et obligatoire, elle est mise en place par les lois Ferry en 1881-82. La Commune avait proclam\u00e9 le service militaire obligatoire pour tous, la Troisi\u00e8me R\u00e9publique le met en place entre les ann\u00e9es 90 et le d\u00e9but du vingti\u00e8me. La Commune avait proclam\u00e9 la s\u00e9paration de l&#8217;\u00c9glise et de l&#8217;\u00c9tat, l&#8217;\u00c9glise et l&#8217;\u00c9tat sont s\u00e9par\u00e9s en 1905.<\/p>\n\n\n\n<p><a id=\"sonaar_ts-6927d0b48f07b\" class=\"srmp3_sonaar_ts_shortcode\"  style=\"\" href=\"javascript:sonaar_ts_shortcode({ trackid:'0', time:'00:23:47', ts_id:'6927d0b48f07b', play_icon:'' }) ;\">[00:23:47]<\/a> Donc en fait, la plupart des programmes de la Commune, parce que la Commune a un programme r\u00e9publicain et que la R\u00e9publique install\u00e9e va reprendre le programme r\u00e9publicain qui \u00e9tait celui de la Commune, mais sans jamais en reconna\u00eetre la maternit\u00e9 communarde en fait. Comme si c&#8217;\u00e9tait la R\u00e9publique, mais en fait, c&#8217;\u00e9tait d\u00e9j\u00e0 l\u00e0, au moment de la Commune. Donc oui, ce qui a &#8230;enfin c&#8217;est difficile de dire qu&#8217;elle a agi puisque de toute fa\u00e7on c\u2019est collectif, la Commune, donc c\u2019est jamais elle toute seule, mais ces id\u00e9es d&#8217;une \u00e9cole justement plus \u00e9mancipatrice, plus ouverte pour les filles et pour les gar\u00e7ons, on va la retrouver par la suite.<\/p>\n\n\n\n<p><a id=\"sonaar_ts-6927d0b48f083\" class=\"srmp3_sonaar_ts_shortcode\"  style=\"\" href=\"javascript:sonaar_ts_shortcode({ trackid:'0', time:'00:24:27', ts_id:'6927d0b48f083', play_icon:'' }) ;\">[00:24:27]<\/a> Et d&#8217;autre part, elle a pes\u00e9, pas forc\u00e9ment dans les lois qui vont venir, mais dans les id\u00e9es. Il y a bien des choses qui restent de Louise Michel. Maintenant, quand on pense au milieu anarchiste et si l&#8217;on devait demander \u00e0 quelqu&#8217;un quel est le drapeau de l&#8217;anarchiste, naturellement, il dirait le drapeau noir. On sait que le drapeau des anarchistes est le drapeau noir, parfois noir et rouge, mais c&#8217;\u00e9tait le drapeau noir. C&#8217;est Louise Michel qui a donn\u00e9 son drapeau noir \u00e0 l\u2019anarchisme. En fait, de retour d&#8217;amnistie, elle participe \u00e0 un soul\u00e8vement parisien, \u00e0 un moment o\u00f9 le pain est cher et il y a un soul\u00e8vement des classes populaires parisiennes contre des boulangeries que l\u2019on pille et Louise Michel, avec un tissu, fabrique un drapeau noir et explique qu\u2019elle utilisera d\u00e9sormais le drapeau noir et pas le drapeau rouge, car le drapeau rouge \u00e9tait celui de la Commune, mais qu&#8217;il a \u00e9t\u00e9 souill\u00e9 du sang des Communards et que maintenant, son drapeau et le drapeau du deuil de la Commune. Et ensuite le drapeau noir deviendra le drapeau des anarchistes. D\u00e9j\u00e0 elle a laiss\u00e9 \u00e7a, elle a laiss\u00e9 dans toutes les manifestations o\u00f9 l&#8217;on voit des drapeaux anarchistes. En fait, d\u00e8s qu&#8217;il est noir, on peut dire que c&#8217;est Louise Michel qui l&#8217;a laiss\u00e9.<\/p>\n\n\n\n<p><a id=\"sonaar_ts-6927d0b48f088\" class=\"srmp3_sonaar_ts_shortcode\"  style=\"\" href=\"javascript:sonaar_ts_shortcode({ trackid:'0', time:'00:25:39', ts_id:'6927d0b48f088', play_icon:'' }) ;\">[00:25:39]<\/a> Donc elle a bien laiss\u00e9 sa marque. Et vous parlez de couleur, de symbole ce qui me fait penser que l&#8217;on voit souvent son surnom \u00abla Vierge rouge\u00bb. Est-ce que vous pouvez expliquer \u00e7a ? Pourquoi ce surnom ? Est-ce que c&#8217;est un surnom acceptable ? Qui l&#8217;a donn\u00e9 et pourquoi ?<\/p>\n\n\n\n<p><a id=\"sonaar_ts-6927d0b48f08c\" class=\"srmp3_sonaar_ts_shortcode\"  style=\"\" href=\"javascript:sonaar_ts_shortcode({ trackid:'0', time:'00:25:57', ts_id:'6927d0b48f08c', play_icon:'' }) ;\">[00:25:57]<\/a> Alors d&#8217;autant qu&#8217;elle ne s&#8217;habillait qu&#8217;en noir, Louise Michel. Toutes ces photos et repr\u00e9sentations en attestent. Elle s&#8217;habille en noir parce qu&#8217;elle porte le deuil d&#8217;un journaliste qui avait \u00e9t\u00e9 tu\u00e9 en duel par un membre de la famille de Bonaparte, lequel s&#8217;appelait Victor Noir, mais ce n&#8217;est pas parce que les elle est en noir, c\u2019est parce que c&#8217;est le noir du deuil.<\/p>\n\n\n\n<p><a id=\"sonaar_ts-6927d0b48f091\" class=\"srmp3_sonaar_ts_shortcode\"  style=\"\" href=\"javascript:sonaar_ts_shortcode({ trackid:'0', time:'00:26:16', ts_id:'6927d0b48f091', play_icon:'' }) ;\">[00:26:16]<\/a> \u00abVierge rouge\u00bb est un nom qui est donn\u00e9 d&#8217;abord par les opposants, par les Versaillais, avec deux \u00e9l\u00e9ments finalement qui sont cens\u00e9s \u00eatre p\u00e9joratifs dans ce terme : \u00abvierge\u00bb. \u00c9videmment, la vierge, on peut imaginer que c&#8217;est positif, la Sainte Vierge&#8230; mais en fait, le.. pour les hommes et les femmes du temps, la sexualit\u00e9 de Louise Michel fait l&#8217;objet de fantasmes les plus d\u00e9lirants et \u00e9videmment, comme elle est&#8230; comme elle est mal vue, vu que c&#8217;est une r\u00e9volutionnaire, soit on&#8230; les r\u00e9volutionnaires, soit on les sursexualisent et donc on en fait des prostitu\u00e9es, ce qui est difficile de faire de Louise Michel puisqu&#8217;on ne lui conna\u00eet pas de compagnon, soit on les sous-sexualisent.<\/p>\n\n\n\n<p><a id=\"sonaar_ts-6927d0b48f099\" class=\"srmp3_sonaar_ts_shortcode\"  style=\"\" href=\"javascript:sonaar_ts_shortcode({ trackid:'0', time:'00:27:01', ts_id:'6927d0b48f099', play_icon:'' }) ;\">[00:27:01]<\/a> Et donc \u00abvierge\u00bb en fait, c&#8217;est le terme utilis\u00e9, mais qui cache tout un discours sur : \u201ccette femme est \u00e9trange, cette femme n&#8217;a pas de\u2026 n\u2019a pas d&#8217;amoureux, n&#8217;est pas mari\u00e9e et n&#8217;a pas de relations sexuelles, donc elle est forc\u00e9ment folle\u201d, il y a cette id\u00e9e. Donc \u00abvierge\u00bb c&#8217;est n\u00e9gatif dans la bouche des gens de cette \u00e9poque. Il s&#8217;agit de la sous-sexualiser, finalement de la sortir du groupe des femmes parce que la&#8230; la femme doit \u00eatre m\u00e8re, elle doit \u00eatre\u2026 elle doit \u00eatre \u00e9pouse et donc si elle est vierge, c&#8217;est qu&#8217;il y a quelque chose qui ne va pas. La vieille fille, c&#8217;est forc\u00e9ment quelqu&#8217;un qui est acari\u00e2tre, qui a des tares parce que sinon, elle devrait \u00eatre avec quelqu&#8217;un, voil\u00e0, il y a le c\u00f4t\u00e9 comme \u00e7a.<\/p>\n\n\n\n<p><a id=\"sonaar_ts-6927d0b48f09e\" class=\"srmp3_sonaar_ts_shortcode\"  style=\"\" href=\"javascript:sonaar_ts_shortcode({ trackid:'0', time:'00:27:38', ts_id:'6927d0b48f09e', play_icon:'' }) ;\">[00:27:38]<\/a> Et rouge, parce que rouge, c&#8217;\u00e9tait la couleur de la Commune, c&#8217;est la couleur des d\u00e9mocrates sociaux, \u00e7a deviendra la couleur des socialistes. Donc c&#8217;est une couleur qui rassemble les deux principales familles politiques de la Commune et c&#8217;est le drapeau de la Commune qui est rouge. Et donc, on l&#8217;appelle \u00abla Vierge rouge\u00bb \u00e0 cause de \u00e7a. Cela dit, donc c&#8217;est une\u2026 c&#8217;est au d\u00e9but une appellation d\u00e9pr\u00e9ciative et critique, mais elle va \u00eatre retourn\u00e9e et un certain nombre de ses soutiens vont se mettre \u00e0 la d\u00e9signer du nom de \u00abVierge rouge\u00bb.<\/p>\n\n\n\n<p><a id=\"sonaar_ts-6927d0b48f0a3\" class=\"srmp3_sonaar_ts_shortcode\"  style=\"\" href=\"javascript:sonaar_ts_shortcode({ trackid:'0', time:'00:28:12', ts_id:'6927d0b48f0a3', play_icon:'' }) ;\">[00:28:12]<\/a> Et ce retournement, il est facile parce que \u00abvierge\u00bb, je vous l&#8217;ai dit, dans le cas, c&#8217;est dans le journal <i>Le Figaro<\/i>, le journal <i>Le Gaulois<\/i>, c&#8217;est n\u00e9gatif parce que \u00e7a veut dire l&#8217;absence de sexualit\u00e9, l&#8217;inqui\u00e9tude, la&#8230; voil\u00e0&#8230;la folle qui ne peut pas \u00eatre m\u00e8re, mais c&#8217;est aussi n\u00e9cessairement quelque chose de positif, \u00abvierge\u00bb. Il y a toujours, malgr\u00e9 tout, la figure de Marie donc \u00abvierge\u00bb n&#8217;est pas n\u00e9cessairement n\u00e9gatif. Et rouge, pour toute la famille&#8230; toute la famille d\u00e9mocrate, sociale, r\u00e9publicaine et socialiste, est une couleur connot\u00e9e tr\u00e8s, tr\u00e8s positivement. Donc, le m\u00eame mot pouvait, selon ceux qui l&#8217;utilisaient, \u00eatre connot\u00e9 tr\u00e8s n\u00e9gativement, comme \u00eatre connot\u00e9 tr\u00e8s positivement. Et donc il a \u00e9t\u00e9 retourn\u00e9 et on peut le trouver dans des textes favorables \u00e0 Louise Michel, utilis\u00e9 de fa\u00e7on positive.<\/p>\n\n\n\n<p><a id=\"sonaar_ts-6927d0b48f0a7\" class=\"srmp3_sonaar_ts_shortcode\"  style=\"\" href=\"javascript:sonaar_ts_shortcode({ trackid:'0', time:'00:29:03', ts_id:'6927d0b48f0a7', play_icon:'' }) ;\">[00:29:03]<\/a> Mhm\u2026 Finalement, c&#8217;est un petit peu comme les f\u00e9ministes \u00e0 travers le temps qui sont critiqu\u00e9es, soit parce qu&#8217;elles&#8230; on les voit comme sans sexualit\u00e9, sans homme ou au contraire, avec trop d&#8217;hommes, c&#8217;est quelque chose qui n&#8217;a pratiquement pas \u00e9volu\u00e9.<\/p>\n\n\n\n<p><a id=\"sonaar_ts-6927d0b48f0ac\" class=\"srmp3_sonaar_ts_shortcode\"  style=\"\" href=\"javascript:sonaar_ts_shortcode({ trackid:'0', time:'00:29:20', ts_id:'6927d0b48f0ac', play_icon:'' }) ;\">[00:29:20]<\/a> Ah pas du tout ! C&#8217;est toujours&#8230; Oui, enfin &#8230; pas du tout, \u00e7a n&#8217;a pas du tout \u00e9volu\u00e9, vous avez tout \u00e0 fait raison. Comme l&#8217;image de&#8230; dans la repr\u00e9sentation conventionnelle du monde, la femme doit \u00eatre \u00e9pouse et m\u00e8re, rang\u00e9e et fid\u00e8le. Eh bien toutes celles qui sortent de&#8230; de cette image, et donc au foyer donc surtout pas en politique, donc toutes celles qui sortent de cette image, et notamment celles qui rentrent en politique, sont toujours suspectes d&#8217;\u00eatre soit sur, soit sous-sexualis\u00e9es.<\/p>\n\n\n\n<p><a id=\"sonaar_ts-6927d0b48f0b4\" class=\"srmp3_sonaar_ts_shortcode\"  style=\"\" href=\"javascript:sonaar_ts_shortcode({ trackid:'0', time:'00:29:51', ts_id:'6927d0b48f0b4', play_icon:'' }) ;\">[00:29:51]<\/a> Est-ce que Louise Michel elle-m\u00eame se d\u00e9finissait comme f\u00e9ministe ou est-ce que, de fait, en tant que femme puissante, elle est devenue f\u00e9ministe, une figure f\u00e9ministe ?<\/p>\n\n\n\n<p><a id=\"sonaar_ts-6927d0b48f0b9\" class=\"srmp3_sonaar_ts_shortcode\"  style=\"\" href=\"javascript:sonaar_ts_shortcode({ trackid:'0', time:'00:30:03', ts_id:'6927d0b48f0b9', play_icon:'' }) ;\">[00:30:03]<\/a> Alors elle aurait eu du mal \u00e0 se d\u00e9finir comme f\u00e9ministe puisque au moment\u2026 en tout cas au moment de la Commune et pratiquement jusqu&#8217;\u00e0 sa mort, le mot n&#8217;existe pas encore. Donc, elle ne pouvait pas l&#8217;utiliser tout simplement parce que\u2026 alors on l&#8217;avait vu appara\u00eetre dans les ann\u00e9es 1830 mais il avait encore ensuite disparu. C&#8217;est plut\u00f4t Hubertine Auclert, donc dans les ann\u00e9es 80, qui va reprendre ce mot et lui donner finalement le sens qui est le mot, qui est le mot&#8230; qui est son sens contemporain donc\u2026 celles et ceux qui d\u00e9fendent l&#8217;\u00e9galit\u00e9 femmes hommes et se battent pour l&#8217;\u00e9mancipation et la libert\u00e9 et les droits des femmes. Mais \u00e0 l&#8217;\u00e9poque, elle ne pouvait pas le dire parce que&#8230; parce que de toute fa\u00e7on, le mot n&#8217;existait pas.<\/p>\n\n\n\n<p><a id=\"sonaar_ts-6927d0b48f0bd\" class=\"srmp3_sonaar_ts_shortcode\"  style=\"\" href=\"javascript:sonaar_ts_shortcode({ trackid:'0', time:'00:30:44', ts_id:'6927d0b48f0bd', play_icon:'' }) ;\">[00:30:44]<\/a> En revanche, elle l\u2019\u00e9tait tr\u00e8s clairement&#8230;. elle affirmait tr\u00e8s clairement son soutien \u00e0 la cause des femmes. Elle se pr\u00e9sentait comme femme soutenant la cause des femmes. Je vous le dis en 1869, elle signe, avec d&#8217;ailleurs d&#8217;autres, d&#8217;autres&#8230; puisqu&#8217;elle n&#8217;est pas la seule, d&#8217;autres femmes que, r\u00e9trospectivement, on va qualifier de f\u00e9ministes, Paule Minck, Andr\u00e9e L\u00e9o. Elle signe un texte pour l&#8217;\u00e9mancipation des femmes, un manifeste pour les droits des femmes, et elle a particip\u00e9 \u00e0 tous les clubs de femmes de la Commune donc elle\u2026 elle assume absolument sa position que maintenant, nous, nous qualifierons de f\u00e9ministe.<\/p>\n\n\n\n<p><a id=\"sonaar_ts-6927d0b48f0c1\" class=\"srmp3_sonaar_ts_shortcode\"  style=\"\" href=\"javascript:sonaar_ts_shortcode({ trackid:'0', time:'00:31:25', ts_id:'6927d0b48f0c1', play_icon:'' }) ;\">[00:31:25]<\/a> Et vous avez \u00e9crit donc plusieurs livres sur les r\u00e9volutions, sur les femmes contre le machisme, etc. Est-ce que pour vous, Louise Michel est vraiment le personnage incontournable de la lutte r\u00e9volutionnaire et de la lutte f\u00e9ministe en France ?<\/p>\n\n\n\n<p><a id=\"sonaar_ts-6927d0b48f0c5\" class=\"srmp3_sonaar_ts_shortcode\"  style=\"\" href=\"javascript:sonaar_ts_shortcode({ trackid:'0', time:'00:31:45', ts_id:'6927d0b48f0c5', play_icon:'' }) ;\">[00:31:45]<\/a> En tout cas, c&#8217;est un ou une\u2026 un des personnages et donc sans nul doute l&#8217;une des principales femmes incontournables de cette histoire, \u00e7a, c&#8217;est s\u00fbr. Je ne dirais pas que c&#8217;est la seule parce que je&#8230; je fais toujours attention \u00e0 ce qu&#8217;aucune figure fut-elle int\u00e9ressante, riche et touchante comme celle de Louise Michel, n&#8217;invisibilise la lutte collective qu&#8217;il y a derri\u00e8re.<\/p>\n\n\n\n<p><a id=\"sonaar_ts-6927d0b48f0ca\" class=\"srmp3_sonaar_ts_shortcode\"  style=\"\" href=\"javascript:sonaar_ts_shortcode({ trackid:'0', time:'00:32:12', ts_id:'6927d0b48f0ca', play_icon:'' }) ;\">[00:32:12]<\/a> Louise Michel ne doit pas \u00eatre la for\u00eat, enfin l&#8217;arbre qui cache la for\u00eat des femmes. Il y avait plein d&#8217;autres femmes qui se sont battues \u00e0 son \u00e9poque comme avant, et il n&#8217;y a pas de raison de parler d&#8217;elles et d&#8217;oublier les autres, que ce soit la Commune, Nathalie Lemel, Elisabeth Dmitrieff, Paule Minck, Andr\u00e9e L\u00e9o et tant d&#8217;autres. Et en 1848, Jeanne de Rouen, Janine de Boyer. Il y en a tellement que&#8230; il ne faut pas qu\u2019elle\u2026 il ne faut pas que ce soit la seule dont on se souvienne et qu&#8217;on oublie les autres.<\/p>\n\n\n\n<p><a id=\"sonaar_ts-6927d0b48f0d2\" class=\"srmp3_sonaar_ts_shortcode\"  style=\"\" href=\"javascript:sonaar_ts_shortcode({ trackid:'0', time:'00:32:41', ts_id:'6927d0b48f0d2', play_icon:'' }) ;\">[00:32:41]<\/a> On a tellement d\u00e9j\u00e0 oubli\u00e9 les femmes derri\u00e8re des grandes figures d&#8217;hommes. Ce n&#8217;est pas pour cr\u00e9er une grande figure de femme qui fasse la m\u00eame chose sur les autres femmes. Mais cela \u00e9tant dit, \u00e9videmment, quand il faut en citer ne serait-ce que cinq, elle est dans les cinq. Mais en g\u00e9n\u00e9ral, je me refuse \u00e0 n&#8217;en citer qu&#8217;une, mais si on me dit cinq, je la mets dedans, bien s\u00fbr, parce qu&#8217;elle rassemble tout \u00e7a, mais je la&#8230; sans la r\u00e9duire \u00e0 la Commune, en n&#8217;oubliant jamais ce qu&#8217;elle a fait apr\u00e8s, en n&#8217;oubliant jamais ses combats aux c\u00f4t\u00e9s des travailleurs et des travailleuses et des femmes.<\/p>\n\n\n\n<p><a id=\"sonaar_ts-6927d0b48f0d6\" class=\"srmp3_sonaar_ts_shortcode\"  style=\"\" href=\"javascript:sonaar_ts_shortcode({ trackid:'0', time:'00:33:12', ts_id:'6927d0b48f0d6', play_icon:'' }) ;\">[00:33:12]<\/a> Les animaux, c&#8217;est quelque chose ! En relisant les textes de Louise Michel, c&#8217;est une des premi\u00e8res \u00e0 d\u00e9fendre les droits des animaux et \u00e0 s&#8217;opposer \u00e0 la violence qui pouvait \u00eatre faite aux animaux. Dans la France de la fin du 19\u00e8me si\u00e8cle, elle a des positions extr\u00eamement avant-gardistes pour la d\u00e9fense des animaux et disons que, voil\u00e0&#8230; quand l&#8217;homme\u2026 l&#8217;homme oublie ses droits et oublie ce qu&#8217;il est, quand il maltraite un animal.<\/p>\n\n\n\n<p><a id=\"sonaar_ts-6927d0b48f0db\" class=\"srmp3_sonaar_ts_shortcode\"  style=\"\" href=\"javascript:sonaar_ts_shortcode({ trackid:'0', time:'00:33:42', ts_id:'6927d0b48f0db', play_icon:'' }) ;\">[00:33:42]<\/a> Et si nos auditeurs et auditrices ont envie d&#8217;en savoir plus, justement, sur toutes ces femmes, sur Louise Michel, ces combats qui sont si diff\u00e9rents, si diverses et aussi sur les autres femmes que vous avez cit\u00e9es, j&#8217;avais envie de leur conseiller vos deux derniers livres, notamment aux \u00c9ditions du D\u00e9tour, parce que j&#8217;ai l&#8217;impression que c&#8217;est des livres qui sont quand m\u00eame accessibles, qui permettent de vulgariser, de ne pas utiliser des mots trop compliqu\u00e9s, il y a aussi des images. Donc est-ce que \u00e7a c\u2019est&#8230; c\u2019est une volont\u00e9 que vous avez sp\u00e9cifique de pouvoir justement partager les histoires de ces femmes pour qu&#8217;elles soient plus connues pour un peu rattraper ce manquement dans le roman national et dans l&#8217;histoire ?<\/p>\n\n\n\n<p><a id=\"sonaar_ts-6927d0b48f0df\" class=\"srmp3_sonaar_ts_shortcode\"  style=\"\" href=\"javascript:sonaar_ts_shortcode({ trackid:'0', time:'00:34:29', ts_id:'6927d0b48f0df', play_icon:'' }) ;\">[00:34:29]<\/a> Oui, \u00e7a\u2026c\u2019est&#8230; je peux le dire, c&#8217;est un combat que je m\u00e8ne c&#8217;est-\u00e0-dire que je&#8230; j&#8217;essaie de passer le savoir scientifique, universitaire, acad\u00e9mique, passionnant, foisonnant, mais parfois difficile \u00e0 comprendre parce que&#8230; parce qu\u2019\u00e9crit avec une complexit\u00e9 qui n&#8217;est pas \u00e0 la port\u00e9e de tous les publics, parce que souvent allusif, comme on \u00e9crit quand on est prof, on \u00e9crit pour des gens qui sont cens\u00e9s conna\u00eetre, donc on explicite pas les concepts, on reste&#8230;<\/p>\n\n\n\n<p><a id=\"sonaar_ts-6927d0b48f0e3\" class=\"srmp3_sonaar_ts_shortcode\"  style=\"\" href=\"javascript:sonaar_ts_shortcode({ trackid:'0', time:'00:35:02', ts_id:'6927d0b48f0e3', play_icon:'' }) ;\">[00:35:02]<\/a> Il y a beaucoup de livres qui sont passionnants, mais qui ne sont pas lisibles par tout le monde. Et moi, je pense qu&#8217;il faut absolument transmettre ce savoir qui se trouve&#8230; parce qu&#8217;il est cherch\u00e9&#8230; les produits de la recherche universitaire pour le grand public, et donc, je suis tr\u00e8s attentive \u00e0 l&#8217;\u00e9ducation populaire, \u00e0 la vulgarisation et justement, \u00e0 adopter une langue simple qui soit\u2026 lisible ou \u00e9coutable par des gens qui n&#8217;ont pas forc\u00e9ment dix ann\u00e9es de formation en histoire et un \u00e9norme bagage de connaissances historiques avec eux.<\/p>\n\n\n\n<p><a id=\"sonaar_ts-6927d0b48f0ec\" class=\"srmp3_sonaar_ts_shortcode\"  style=\"\" href=\"javascript:sonaar_ts_shortcode({ trackid:'0', time:'00:35:41', ts_id:'6927d0b48f0ec', play_icon:'' }) ;\">[00:35:41]<\/a> Est-ce que ces femmes dont vous parlez dans vos livres n&#8217;ont&#8230; \u00e9taient moins prises au s\u00e9rieux parce qu&#8217;elles \u00e9taient des femmes ou parce que leurs combats \u00e9taient vus comme plus futiles parce que sociaux ? Vous parlez des animaux, par exemple. C&#8217;est vrai que souvent, on voit m\u00eame encore aujourd&#8217;hui les luttes des intellectuels que certains combats sont vus comme pas assez s\u00e9rieux. Qu&#8217;est-ce qui jouait sur le fait qu&#8217;elles soient si inconnues : leur sexe ou leur combat ?<\/p>\n\n\n\n<p><a id=\"sonaar_ts-6927d0b48f0f0\" class=\"srmp3_sonaar_ts_shortcode\"  style=\"\" href=\"javascript:sonaar_ts_shortcode({ trackid:'0', time:'00:36:05', ts_id:'6927d0b48f0f0', play_icon:'' }) ;\">[00:36:05]<\/a> Leur sexe ! Parce que &#8230; parce que les combats qu&#8217;elles menaient, on parle des animaux, mais au m\u00eame moment, Zola m\u00e8ne le m\u00eame combat et il n&#8217;est absolument pas tourn\u00e9 en ridicule parce que c&#8217;est Zola. Et par ailleurs, les combats que m\u00e8nent Louise Michel sur l&#8217;instruction, sur la justice sociale, sur la lutte contre le capitalisme, les autres le m\u00e8nent de la m\u00eame fa\u00e7on et eux, ont leur place dans l&#8217;histoire. Non, c&#8217;est parce que c&#8217;est une femme et parce que&#8230; parce que les femmes n&#8217;ont pas pendant tr\u00e8s longtemps, pas eu leur place, de toute fa\u00e7on, dans la politique, dans la cit\u00e9 etc.<\/p>\n\n\n\n<p><a id=\"sonaar_ts-6927d0b48f0f4\" class=\"srmp3_sonaar_ts_shortcode\"  style=\"\" href=\"javascript:sonaar_ts_shortcode({ trackid:'0', time:'00:36:45', ts_id:'6927d0b48f0f4', play_icon:'' }) ;\">[00:36:45]<\/a> On consid\u00e9rait que leur place \u00e9tait au foyer, donc d\u00e8s qu&#8217;elles sortaient de leur place, on essayait de les y remettre. Et apr\u00e8s, elles n&#8217;ont pas eu leur place dans l&#8217;histoire. On ne racontait pas cette histoire et le r\u00f4le qu&#8217;elles ont jou\u00e9. Et c&#8217;est depuis les ann\u00e9es 70, l&#8217;\u0153uvre de&#8230; d\u2019historiens et d&#8217;historiennes, que de rappeler et de d\u00e9montrer, d&#8217;illustrer et de faire passer cette, cette&#8230; ce r\u00f4le qu\u2019ont jou\u00e9 les femmes et des femmes dans notre histoire pour qu&#8217;on ne l&#8217;oublie pas.<\/p>\n\n\n\n<p><a id=\"sonaar_ts-6927d0b48f0f9\" class=\"srmp3_sonaar_ts_shortcode\"  style=\"\" href=\"javascript:sonaar_ts_shortcode({ trackid:'0', time:'00:37:15', ts_id:'6927d0b48f0f9', play_icon:'' }) ;\">[00:37:15]<\/a> Eh bien, merci beaucoup de participer \u00e0 la diffusion de ce savoir, c&#8217;est vrai qu&#8217;il est tr\u00e8s important. Moi, je trouve \u00e7a passionnant et je suis s\u00fbre que nos auditeurs vont&#8230; et auditrices vont aussi \u00eatre tr\u00e8s int\u00e9ress\u00e9s, vont vouloir creuser le sujet donc pour&#8230; pour que vous puissiez vous pencher sur le sujet donc vos deux derniers livres, c&#8217;est <i>Il \u00e9tait une fois les r\u00e9volutions<\/i> et, je vais peut-\u00eatre mal le prononcer pour nos auditeurs anglophones, d\u00e9sol\u00e9e, mais <i>Rage against the machisme<\/i>. Donc, voil\u00e0, n&#8217;h\u00e9sitez pas, c&#8217;est aux \u00e9ditions du D\u00e9tour. Merci beaucoup, je termine tout le temps mes interviews en demandant si on a oubli\u00e9 quelque chose d&#8217;essentiel. Alors si je vous dis Louise Michel, les r\u00e9volutions, est-ce que vous pensez qu&#8217;il y a quelque chose vraiment essentiel que vous voudriez rajouter pour qu&#8217;on sache sur elle ?<\/p>\n\n\n\n<p><a id=\"sonaar_ts-6927d0b48f0fd\" class=\"srmp3_sonaar_ts_shortcode\"  style=\"\" href=\"javascript:sonaar_ts_shortcode({ trackid:'0', time:'00:38:06', ts_id:'6927d0b48f0fd', play_icon:'' }) ;\">[00:38:06]<\/a> Qu&#8217;est-ce que je voudrais rajouter sur Louise Michel ? L\u00e0, je ne vois pas, je crois qu&#8217;on a quand m\u00eame bien fait le tour. On a dit beaucoup de choses sur Louise Michel. Elle \u00e9tait d&#8217;un courage, je pense, assez exceptionnel. Souvent, les gens me demandent ce que\u2026 si j&#8217;aurais aim\u00e9 \u00eatre Louise Michel, non, je n&#8217;aurais jamais eu le courage qu&#8217;elle a eu.<\/p>\n\n\n\n<p><a id=\"sonaar_ts-6927d0b48f10f\" class=\"srmp3_sonaar_ts_shortcode\"  style=\"\" href=\"javascript:sonaar_ts_shortcode({ trackid:'0', time:'00:38:28', ts_id:'6927d0b48f10f', play_icon:'' }) ;\">[00:38:28]<\/a> Tr\u00e8s bien. Merci beaucoup pour avoir accept\u00e9 l&#8217;invitation et pour nous avoir \u00e9clair\u00e9 sur ce sujet.<\/p>\n\n\n\n<p><a id=\"sonaar_ts-6927d0b48f117\" class=\"srmp3_sonaar_ts_shortcode\"  style=\"\" href=\"javascript:sonaar_ts_shortcode({ trackid:'0', time:'00:38:36', ts_id:'6927d0b48f117', play_icon:'' }) ;\">[00:38:36]<\/a> Merci !<\/p>\n\n\n\n<p><a id=\"sonaar_ts-6927d0b48f11b\" class=\"srmp3_sonaar_ts_shortcode\"  style=\"\" href=\"javascript:sonaar_ts_shortcode({ trackid:'0', time:'00:38:50', ts_id:'6927d0b48f11b', play_icon:'' }) ;\">[00:38:50]<\/a> Bon, je ne sais pas ce que vous en avez pens\u00e9, mais moi, j&#8217;ai trouv\u00e9 cet \u00e9pisode passionnant. J&#8217;ai appris \u00e9norm\u00e9ment de choses. Donc, un grand merci \u00e0 Mathilde Larr\u00e8re et Ingrid pour cet entretien. J&#8217;esp\u00e8re que ce nouveau format vous plait. J&#8217;imagine que certains d&#8217;entre vous en avaient marre d&#8217;entendre seulement ma voix. Donc maintenant, il y a un peu plus de diversit\u00e9. Mais si vous trouvez ces entretiens trop difficiles, dites-le nous. Tout le monde ne progresse pas \u00e0 la m\u00eame vitesse, c&#8217;est normal. Peut-\u00eatre qu&#8217;il faut cr\u00e9er un autre podcast plus avanc\u00e9 pour les interviews et continuer les \u00e9pisodes solos, ici, je ne sais pas, on exp\u00e9rimente, mais dans tous les cas, on a besoin de vos retours, de votre feedback pour savoir si on va dans la bonne direction ou non. Donc, dites nous tout \u00e7a dans les commentaires ou en envoyant un email \u00e0 bonjour@innerfrench.com.<\/p>\n\n\n\n<p><a id=\"sonaar_ts-6927d0b48f11f\" class=\"srmp3_sonaar_ts_shortcode\"  style=\"\" href=\"javascript:sonaar_ts_shortcode({ trackid:'0', time:'00:39:49', ts_id:'6927d0b48f11f', play_icon:'' }) ;\">[00:39:49]<\/a> Merci \u00e0 toutes et \u00e0 tous pour votre fid\u00e9lit\u00e9. N&#8217;oubliez pas de faire un peu de fran\u00e7ais tous les jours et on se retrouve tr\u00e8s bient\u00f4t pour un nouvel \u00e9pisode. Ciao !&nbsp;<\/p>\n","protected":false},"excerpt":{"rendered":"<p>Salut \u00e0 toutes et \u00e0 tous, bienvenue ! Je suis ravi de vous retrouver pour cet \u00e9pisode un peu sp\u00e9cial puisque pour la premi\u00e8re fois, je vais laisser les r\u00eanes \u00e0 quelqu&#8217;un d&#8217;autre. \u00abLaisser les r\u00eanes\u00bb, \u00e7a veut dire donner les commandes, le contr\u00f4le \u00e0 une autre personne. On a re\u00e7u plein de commentaires positifs&#8230;<\/p>\n","protected":false},"author":17608,"featured_media":10262,"comment_status":"open","ping_status":"open","sticky":false,"template":"","format":[193],"meta":{"_acf_changed":false,"_kad_blocks_custom_css":"","_kad_blocks_head_custom_js":"","_kad_blocks_body_custom_js":"","_kad_blocks_footer_custom_js":"","_kad_post_transparent":"","_kad_post_title":"","_kad_post_layout":"","_kad_post_sidebar_id":"","_kad_post_content_style":"","_kad_post_vertical_padding":"","_kad_post_feature":"","_kad_post_feature_position":"","_kad_post_header":false,"_kad_post_footer":false,"_kad_post_classname":"","footnotes":""},"categories":[168],"tags":[175,180],"class_list":["post-10251","post","type-post","status-publish","format-standard","has-post-thumbnail","hentry","category-podcast","tag-france","tag-histoire","format-itw-ingrid"],"acf":[],"taxonomy_info":{"category":[{"value":168,"label":"Podcast"}],"post_tag":[{"value":175,"label":"France"},{"value":180,"label":"Histoire"}],"format":[{"value":193,"label":"Interview Ingrid"}]},"featured_image_src_large":["https:\/\/innerfrench.com\/wp-content\/uploads\/2021\/06\/E96-Louise-Michel-750x406.jpg",750,406,true],"author_info":{"display_name":"Ingrid","author_link":"https:\/\/innerfrench.com\/author\/ingrid_temp\/"},"comment_info":19,"category_info":[{"term_id":168,"name":"Podcast","slug":"podcast","term_group":0,"term_taxonomy_id":168,"taxonomy":"category","description":"","parent":0,"count":185,"filter":"raw","cat_ID":168,"category_count":185,"category_description":"","cat_name":"Podcast","category_nicename":"podcast","category_parent":0}],"tag_info":[{"term_id":175,"name":"France","slug":"france","term_group":0,"term_taxonomy_id":175,"taxonomy":"post_tag","description":"","parent":0,"count":100,"filter":"raw"},{"term_id":180,"name":"Histoire","slug":"histoire","term_group":0,"term_taxonomy_id":180,"taxonomy":"post_tag","description":"","parent":0,"count":35,"filter":"raw"}],"_links":{"self":[{"href":"https:\/\/innerfrench.com\/wp-json\/wp\/v2\/posts\/10251","targetHints":{"allow":["GET"]}}],"collection":[{"href":"https:\/\/innerfrench.com\/wp-json\/wp\/v2\/posts"}],"about":[{"href":"https:\/\/innerfrench.com\/wp-json\/wp\/v2\/types\/post"}],"author":[{"embeddable":true,"href":"https:\/\/innerfrench.com\/wp-json\/wp\/v2\/users\/17608"}],"replies":[{"embeddable":true,"href":"https:\/\/innerfrench.com\/wp-json\/wp\/v2\/comments?post=10251"}],"version-history":[{"count":3,"href":"https:\/\/innerfrench.com\/wp-json\/wp\/v2\/posts\/10251\/revisions"}],"predecessor-version":[{"id":293791,"href":"https:\/\/innerfrench.com\/wp-json\/wp\/v2\/posts\/10251\/revisions\/293791"}],"wp:featuredmedia":[{"embeddable":true,"href":"https:\/\/innerfrench.com\/wp-json\/wp\/v2\/media\/10262"}],"wp:attachment":[{"href":"https:\/\/innerfrench.com\/wp-json\/wp\/v2\/media?parent=10251"}],"wp:term":[{"taxonomy":"category","embeddable":true,"href":"https:\/\/innerfrench.com\/wp-json\/wp\/v2\/categories?post=10251"},{"taxonomy":"post_tag","embeddable":true,"href":"https:\/\/innerfrench.com\/wp-json\/wp\/v2\/tags?post=10251"},{"taxonomy":"format","embeddable":true,"href":"https:\/\/innerfrench.com\/wp-json\/wp\/v2\/format?post=10251"}],"curies":[{"name":"wp","href":"https:\/\/api.w.org\/{rel}","templated":true}]}}