{"id":1042,"date":"2019-01-03T14:12:00","date_gmt":"2019-01-03T13:12:00","guid":{"rendered":"https:\/\/innerfrench.com\/?p=1042"},"modified":"2025-10-01T12:33:15","modified_gmt":"2025-10-01T10:33:15","slug":"57-mes-projets-2019","status":"publish","type":"post","link":"https:\/\/innerfrench.com\/57-mes-projets-2019\/","title":{"rendered":"#57 Mes projets pour 2019"},"content":{"rendered":"\n<p>Bienvenue pour ce 57\u00e8me \u00e9pisode ! Comme c&#8217;est le premier de 2019, je vais commencer par vous souhaiter une &#8220;bonne ann\u00e9e&#8221; et une &#8220;bonne sant\u00e9&#8221;, comme on dit en fran\u00e7ais. J&#8217;esp\u00e8re que vous avez pass\u00e9 de bonnes f\u00eates et que vous avez profit\u00e9 de votre famille, que vous vous \u00eates repos\u00e9s un peu, que vous n&#8217;avez pas trop mang\u00e9 et que vous \u00eates d&#8217;attaque, que vous \u00eates pr\u00eats pour commencer 2019. J&#8217;esp\u00e8re que vous avez fait le plein d&#8217;\u00e9nergie et de motivation.<\/p>\n\n\n\n<p><a id=\"sonaar_ts-6927d6326e4d3\" class=\"srmp3_sonaar_ts_shortcode\"  style=\"\" href=\"javascript:sonaar_ts_shortcode({ trackid:'0', time:'00:00:49', ts_id:'6927d6326e4d3', play_icon:'' }) ;\">[00:00:49]<\/a> Je vais en profiter aussi pour remercier tous les auditeurs qui m&#8217;ont envoy\u00e9 des messages ou qui ont \u00e9crit des recommandations sur iTunes ou sur Facebook. J&#8217;en ai re\u00e7u \u00e9norm\u00e9ment en d\u00e9cembre, \u00e7a m&#8217;a fait tr\u00e8s plaisir. Donc voil\u00e0, sachez que je suis vraiment reconnaissant que vous ayez pris le temps de le faire parce que voil\u00e0, il n&#8217;y a aucune obligation mais c&#8217;est vraiment tr\u00e8s gentil de votre part d&#8217;avoir fait \u00e7a et \u00e7a me touche beaucoup.<\/p>\n\n\n\n<p><a id=\"sonaar_ts-6927d6326e4e2\" class=\"srmp3_sonaar_ts_shortcode\"  style=\"\" href=\"javascript:sonaar_ts_shortcode({ trackid:'0', time:'00:01:19', ts_id:'6927d6326e4e2', play_icon:'' }) ;\">[00:01:19]<\/a> Comme \u00e0 chaque d\u00e9but d&#8217;ann\u00e9e, j&#8217;imagine que vous avez peut-\u00eatre pris quelques bonnes r\u00e9solutions. Parce que, en g\u00e9n\u00e9ral, \u00e7a fait partie des rituels de d\u00e9but d&#8217;ann\u00e9e. On prend des d\u00e9cisions sur des choses qu&#8217;on a envie de changer dans notre vie. D&#8217;ailleurs, j&#8217;ai fait une vid\u00e9o YouTube sur ce sujet, que j&#8217;ai post\u00e9e il y a quelques jours. Donc si vous ne l&#8217;avez pas encore regard\u00e9e, je vous conseille d&#8217;y jeter un coup d&#8217;oeil. Dedans, je vous explique comment vous pouvez progresser en fran\u00e7ais en 2019.<\/p>\n\n\n\n<p><a id=\"sonaar_ts-6927d6326e4ea\" class=\"srmp3_sonaar_ts_shortcode\"  style=\"\" href=\"javascript:sonaar_ts_shortcode({ trackid:'0', time:'00:01:56', ts_id:'6927d6326e4ea', play_icon:'' }) ;\">[00:01:56]<\/a> Et dans cet \u00e9pisode du podcast, je ne vais pas reparler encore une fois de la m\u00eame chose. Je vais plut\u00f4t faire un \u00e9pisode un peu plus personnel que d&#8217;habitude parce que je vais faire le bilan de 2018. Je vais vous dire ce qui a march\u00e9 pour moi ce qui n&#8217;a pas march\u00e9 et les choses que j&#8217;ai apprises. Et puis surtout, je vais partager avec vous mes projets pour cette ann\u00e9e, mes projets pour 2019.<\/p>\n\n\n\n<p><a id=\"sonaar_ts-6927d6326e4f0\" class=\"srmp3_sonaar_ts_shortcode\"  style=\"\" href=\"javascript:sonaar_ts_shortcode({ trackid:'0', time:'00:02:24', ts_id:'6927d6326e4f0', play_icon:'' }) ;\">[00:02:24]<\/a> Ce que je veux faire dans cet \u00e9pisode, c&#8217;est vous montrer que c&#8217;est difficile de tenir ses bonnes r\u00e9solutions, que \u00e7a ne fonctionne pas \u00e0 chaque fois. Parce que sur Internet, en g\u00e9n\u00e9ral, on voit plut\u00f4t des histoires de personnes qui r\u00e9ussissent tout ce qu&#8217;elles font, qui ont beaucoup de succ\u00e8s. Donc \u00e7a nous fait nous sentir un peu mal. Mais moi, je voulais vous montrer l&#8217;envers du d\u00e9cor, c&#8217;est-\u00e0-dire l&#8217;autre c\u00f4t\u00e9 des choses, les coulisses on peut dire. Comme \u00e7a, j&#8217;esp\u00e8re que \u00e7a va vous permettre de d\u00e9culpabiliser, de ne pas vous sentir coupables, si vous aussi vous n&#8217;avez pas r\u00e9ussi \u00e0 tenir toutes vos bonnes r\u00e9solutions l&#8217;ann\u00e9e derni\u00e8re. C&#8217;est quelque chose de normal.<\/p>\n\n\n\n<p><a id=\"sonaar_ts-6927d6326e4f5\" class=\"srmp3_sonaar_ts_shortcode\"  style=\"\" href=\"javascript:sonaar_ts_shortcode({ trackid:'0', time:'00:03:13', ts_id:'6927d6326e4f5', play_icon:'' }) ;\">[00:03:13]<\/a> Je pense que dans notre vie, c&#8217;est important d&#8217;exp\u00e9rimenter, de tester de nouvelles choses. Et quand on fait ce genre de tests, c&#8217;est assez logique de ne pas pouvoir tout r\u00e9ussir. On a besoin parfois d&#8217;\u00e9chouer pour pouvoir apprendre de nos \u00e9checs et progresser.<\/p>\n\n\n\n<p><a id=\"sonaar_ts-6927d6326e4fb\" class=\"srmp3_sonaar_ts_shortcode\"  style=\"\" href=\"javascript:sonaar_ts_shortcode({ trackid:'0', time:'00:03:34', ts_id:'6927d6326e4fb', play_icon:'' }) ;\">[00:03:34]<\/a> Donc dans cet \u00e9pisode, je vais faire une petite r\u00e9trospective, un petit bilan. \u00c7a va \u00eatre aussi, je pense, une forme de th\u00e9rapie pour moi et j&#8217;esp\u00e8re que vous allez pouvoir apprendre quelque chose de mes exp\u00e9riences et que, peut-\u00eatre, que \u00e7a va vous donner envie de partager vos exp\u00e9riences \u00e0 vous avec moi ou avec les autres auditeurs du podcast.<\/p>\n\n\n\n<p><a id=\"sonaar_ts-6927d6326e500\" class=\"srmp3_sonaar_ts_shortcode\"  style=\"\" href=\"javascript:sonaar_ts_shortcode({ trackid:'0', time:'00:03:59', ts_id:'6927d6326e500', play_icon:'' }) ;\">[00:03:59]<\/a> Le plan de cet \u00e9pisode, il va \u00eatre assez simple. Dans la premi\u00e8re partie, je vais vous dire si j&#8217;ai r\u00e9ussi ou pas \u00e0 atteindre mes diff\u00e9rents objectifs de 2018. Dans la deuxi\u00e8me partie, je vais vous expliquer ce que j&#8217;ai appris, concr\u00e8tement, pendant l&#8217;ann\u00e9e pass\u00e9e. Et puis pour finir, je vais partager avec vous mes plans pour 2019.<\/p>\n\n\n\n<p><a id=\"sonaar_ts-6927d6326e505\" class=\"srmp3_sonaar_ts_shortcode\"  style=\"\" href=\"javascript:sonaar_ts_shortcode({ trackid:'0', time:'00:04:25', ts_id:'6927d6326e505', play_icon:'' }) ;\">[00:04:25]<\/a> Ok vous \u00eates pr\u00eats pour cette th\u00e9rapie de groupe ? Alors, c&#8217;est parti !<\/p>\n\n\n\n<p><a id=\"sonaar_ts-6927d6326e50a\" class=\"srmp3_sonaar_ts_shortcode\"  style=\"\" href=\"javascript:sonaar_ts_shortcode({ trackid:'0', time:'00:04:29', ts_id:'6927d6326e50a', play_icon:'' }) ;\">[00:04:29]<\/a> En 2018, j&#8217;avais quatre objectifs principaux. Et le premier, c&#8217;\u00e9tait de cr\u00e9er un programme pour les interm\u00e9diaires. J&#8217;imagine que vous le savez, c&#8217;est un objectif qui a \u00e9t\u00e9 r\u00e9ussi !<\/p>\n\n\n\n<p><a id=\"sonaar_ts-6927d6326e510\" class=\"srmp3_sonaar_ts_shortcode\"  style=\"\" href=\"javascript:sonaar_ts_shortcode({ trackid:'0', time:'00:04:55', ts_id:'6927d6326e510', play_icon:'' }) ;\">[00:04:55]<\/a> Enfin&#8230; il a \u00e9t\u00e9 en partie r\u00e9ussi parce qu&#8217;au d\u00e9part, dans ma t\u00eate, j&#8217;avais l&#8217;id\u00e9e d&#8217;un programme beaucoup plus long. Mais finalement, en commen\u00e7ant \u00e0 travailler dessus, je me suis rendu compte que c&#8217;\u00e9tait peut-\u00eatre un peu trop ambitieux. Donc j&#8217;ai d\u00e9cid\u00e9 de faire quelque chose de l\u00e9g\u00e8rement plus court. En fait, j&#8217;avais largement sous-estim\u00e9 la quantit\u00e9 de travail n\u00e9cessaire pour cr\u00e9er ce programme.<\/p>\n\n\n\n<p><a id=\"sonaar_ts-6927d6326e515\" class=\"srmp3_sonaar_ts_shortcode\"  style=\"\" href=\"javascript:sonaar_ts_shortcode({ trackid:'0', time:'00:05:27', ts_id:'6927d6326e515', play_icon:'' }) ;\">[00:05:27]<\/a> Ah oui, sous-estimer, c&#8217;est un verbe assez utile. \u00c7a veut dire qu&#8217;on donne \u00e0 quelque chose une valeur qui est inf\u00e9rieure \u00e0 sa valeur r\u00e9elle. Et le contraire de &#8220;sous-estimer&#8221;, c&#8217;est &#8220;surestimer&#8221;.<\/p>\n\n\n\n<p><a id=\"sonaar_ts-6927d6326e51a\" class=\"srmp3_sonaar_ts_shortcode\"  style=\"\" href=\"javascript:sonaar_ts_shortcode({ trackid:'0', time:'00:05:44', ts_id:'6927d6326e51a', play_icon:'' }) ;\">[00:05:44]<\/a> Moi, j&#8217;ai sous-estim\u00e9 la quantit\u00e9 de travail n\u00e9cessaire \u00e0 la cr\u00e9ation de ce programme. Au final, \u00e7a a pris beaucoup plus de temps que pr\u00e9vu. \u00c7a, c&#8217;est une tr\u00e8s bonne expression : &#8220;que pr\u00e9vu&#8221;. \u00c7a vient du verbe &#8220;pr\u00e9voir&#8221;, donc c&#8217;est le participe pass\u00e9 &#8220;pr\u00e9vu&#8221;. \u00c7a veut dire que quelque chose prend plus de temps que c&#8217;\u00e9tait planifi\u00e9 au d\u00e9part. Ici, je vous dis : &#8220;la cr\u00e9ation du programme a pris plus de temps que pr\u00e9vu&#8221;. Mais vous pouvez l&#8217;utiliser aussi dans d&#8217;autres situations. Par exemple : \u00e0 la soir\u00e9e, il y a eu plus d&#8217;invit\u00e9s que pr\u00e9vu (plus d&#8217;invit\u00e9s que ce qu&#8217;on avait planifi\u00e9 \u00e0 l&#8217;origine).<\/p>\n\n\n\n<p><a id=\"sonaar_ts-6927d6326e51f\" class=\"srmp3_sonaar_ts_shortcode\"  style=\"\" href=\"javascript:sonaar_ts_shortcode({ trackid:'0', time:'00:06:30', ts_id:'6927d6326e51f', play_icon:'' }) ;\">[00:06:30]<\/a> Malgr\u00e9 le retard, il y a pas mal de personnes qui ont d\u00e9cid\u00e9 de rejoindre le programme pendant la premi\u00e8re semaine d&#8217;inscription. Donc je les en remercie. Merci pour votre patience ! Maintenant, c&#8217;est tr\u00e8s gratifiant pour moi de voir que ces personnes ont progress\u00e9, qu&#8217;elles m&#8217;envoient leurs emails pour me le dire, pour me montrer tout leurs progr\u00e8s. C&#8217;est vraiment super ! Je suis tr\u00e8s content d&#8217;avoir atteint cet objectif.<\/p>\n\n\n\n<p><a id=\"sonaar_ts-6927d6326e524\" class=\"srmp3_sonaar_ts_shortcode\"  style=\"\" href=\"javascript:sonaar_ts_shortcode({ trackid:'0', time:'00:07:00', ts_id:'6927d6326e524', play_icon:'' }) ;\">[00:07:00]<\/a> Cette ann\u00e9e je vais continuer d&#8217;am\u00e9liorer le programme, d&#8217;ajouter des exercices, etc. avec les suggestions que je re\u00e7ois. Et d&#8217;ailleurs, il y a certaines personnes qui m&#8217;ont \u00e9crit pour me demander quand seront les prochaines inscriptions. Donc elles seront \u00e0 la fin de janvier, c&#8217;est-\u00e0-dire dans trois semaines. Dans trois semaines, je vais r\u00e9ouvrir les inscriptions pour le programme mais, comme la derni\u00e8re fois, \u00e7a sera seulement pour une semaine. Les inscriptions seront ouvertes seulement pendant une semaine. Donc il faudra \u00eatre rapide !<\/p>\n\n\n\n<p><a id=\"sonaar_ts-6927d6326e529\" class=\"srmp3_sonaar_ts_shortcode\"  style=\"\" href=\"javascript:sonaar_ts_shortcode({ trackid:'0', time:'00:07:38', ts_id:'6927d6326e529', play_icon:'' }) ;\">[00:07:38]<\/a> Maintenant, mon deuxi\u00e8me objectif, c&#8217;\u00e9tait de poster plus de vid\u00e9os sur YouTube. Et l\u00e0, je dois dire que \u00e7a a \u00e9t\u00e9 un vrai \u00e9chec \ud83d\ude41<\/p>\n\n\n\n<p><a id=\"sonaar_ts-6927d6326e52f\" class=\"srmp3_sonaar_ts_shortcode\"  style=\"\" href=\"javascript:sonaar_ts_shortcode({ trackid:'0', time:'00:07:50', ts_id:'6927d6326e52f', play_icon:'' }) ;\">[00:07:50]<\/a> Je n&#8217;ai pas r\u00e9ussi \u00e0 le faire. Il me semble que j&#8217;ai post\u00e9 seulement une vid\u00e9o en 2018. J&#8217;ai essay\u00e9 d&#8217;analyser pourquoi je n&#8217;avais pas r\u00e9ussi \u00e0 tenir cette r\u00e9solution et la premi\u00e8re raison qui m&#8217;est venue \u00e0 l&#8217;esprit, la premi\u00e8re raison \u00e0 laquelle j&#8217;ai pens\u00e9, c&#8217;est le manque de temps. Et c&#8217;est vrai que c&#8217;est une excuse qu&#8217;on se donne assez souvent. On se dit qu&#8217;on ne fait pas quelque chose parce qu&#8217;on n&#8217;a pas le temps de le faire. On n&#8217;a pas le temps d&#8217;aller \u00e0 la salle de sport, on n&#8217;a pas le temps de cuisiner pour manger de mani\u00e8re plus saine. Mais en g\u00e9n\u00e9ral, quand on creuse un peu, quand on essaye d&#8217;aller un peu plus en profondeur, on se rend compte que c&#8217;est seulement un pr\u00e9texte. Le manque de temps est seulement une excuse mais, en g\u00e9n\u00e9ral, \u00e7a n&#8217;est pas la vraie raison.<\/p>\n\n\n\n<p><a id=\"sonaar_ts-6927d6326e541\" class=\"srmp3_sonaar_ts_shortcode\"  style=\"\" href=\"javascript:sonaar_ts_shortcode({ trackid:'0', time:'00:08:41', ts_id:'6927d6326e541', play_icon:'' }) ;\">[00:08:41]<\/a> Le vrai probl\u00e8me, je pense que c&#8217;\u00e9tait le fait que je suis pas tr\u00e8s \u00e0 l&#8217;aise face \u00e0 la cam\u00e9ra. Et c&#8217;est le cas pour beaucoup de personnes. En g\u00e9n\u00e9ral, la premi\u00e8re fois o\u00f9 on se met en face d&#8217;une cam\u00e9ra, on ne sait pas quoi dire, on perd tous nos moyens, on se sent un peu b\u00eate. Et puis, quand on voit les images, c&#8217;est encore pire parce que l&#8217;image qu&#8217;on a de nous-m\u00eames, dans notre t\u00eate, souvent, elle est assez diff\u00e9rente de l&#8217;image r\u00e9elle qu&#8217;on renvoie. Et \u00e7a fait toujours un peu bizarre de se voir en vid\u00e9o, de la m\u00eame fa\u00e7on que c&#8217;est bizarre d&#8217;entendre sa voix quand on s&#8217;enregistre avec un micro.<\/p>\n\n\n\n<p><a id=\"sonaar_ts-6927d6326e546\" class=\"srmp3_sonaar_ts_shortcode\"  style=\"\" href=\"javascript:sonaar_ts_shortcode({ trackid:'0', time:'00:09:23', ts_id:'6927d6326e546', play_icon:'' }) ;\">[00:09:23]<\/a> Les premi\u00e8res fois que je me suis enregistr\u00e9 pour faire un \u00e9pisode du podcast, je d\u00e9testais ma voix ! C&#8217;\u00e9tait vraiment une torture de m&#8217;\u00e9couter. Mais maintenant, apr\u00e8s 57 \u00e9pisodes, je peux dire que je me suis habitu\u00e9. Bon, je ne vais pas vous faire croire que j&#8217;\u00e9coute mon podcast le soir avant de m&#8217;endormir. C&#8217;est toujours pas la chose que je pr\u00e9f\u00e8re \u00e9couter. Mais voil\u00e0, ce n&#8217;est pas aussi d\u00e9sagr\u00e9able que \u00e7a ne l&#8217;\u00e9tait avant. Je me suis habitu\u00e9 et maintenant, \u00e7a ne me g\u00eane plus.<\/p>\n\n\n\n<p><a id=\"sonaar_ts-6927d6326e54b\" class=\"srmp3_sonaar_ts_shortcode\"  style=\"\" href=\"javascript:sonaar_ts_shortcode({ trackid:'0', time:'00:09:59', ts_id:'6927d6326e54b', play_icon:'' }) ;\">[00:09:59]<\/a> Le probl\u00e8me avec ces vid\u00e9os donc, c&#8217;est que j&#8217;\u00e9tais pas \u00e0 l&#8217;aise face \u00e0 la cam\u00e9ra et faire une vid\u00e9o, \u00e7a m&#8217;obligeait \u00e0 sortir de ma zone de confort. Et comme je venais de sortir de ma zone de confort avec le podcast, j&#8217;avais pas envie de recommencer \u00e0 le faire. Mais je pense que c&#8217;est vraiment important donc j&#8217;ai d\u00e9cid\u00e9 de changer \u00e7a cette ann\u00e9e, de changer \u00e7a en 2019. Et je vais vous expliquer un peu plus tard dans cet \u00e9pisode comment je vais le faire.<\/p>\n\n\n\n<p><a id=\"sonaar_ts-6927d6326e555\" class=\"srmp3_sonaar_ts_shortcode\"  style=\"\" href=\"javascript:sonaar_ts_shortcode({ trackid:'0', time:'00:10:30', ts_id:'6927d6326e555', play_icon:'' }) ;\">[00:10:30]<\/a> Mon troisi\u00e8me objectif, c&#8217;\u00e9tait d&#8217;atteindre le niveau B2 en polonais (parce que vous savez peut-\u00eatre que j&#8217;apprends cette langue). Le niveau B2, \u00e7a vient du cadre europ\u00e9en de r\u00e9f\u00e9rence pour les langues. \u00c7a correspond \u00e0 un niveau interm\u00e9diaire avanc\u00e9. \u00c7a veut dire qu&#8217;en g\u00e9n\u00e9ral, au niveau B2, on est capable de comprendre les m\u00e9dias, d&#8217;exprimer ses id\u00e9es de mani\u00e8re assez fluide et sans faire trop d&#8217;erreurs. L\u00e0, je pense avoir r\u00e9ussi cet objectif :).<\/p>\n\n\n\n<p><a id=\"sonaar_ts-6927d6326e55b\" class=\"srmp3_sonaar_ts_shortcode\"  style=\"\" href=\"javascript:sonaar_ts_shortcode({ trackid:'0', time:'00:11:09', ts_id:'6927d6326e55b', play_icon:'' }) ;\">[00:11:09]<\/a> \u00c0 mon avis, ma compr\u00e9hension est assez bonne parce que je suis capable de comprendre des podcasts de cours d&#8217;universit\u00e9 en psychologie par exemple, de regarder des vid\u00e9os sur internet, et je pense que, voil\u00e0, en g\u00e9n\u00e9ral, j&#8217;ai une bonne compr\u00e9hension orale et \u00e9crite. Je lis des livres aussi en polonais.<\/p>\n\n\n\n<p><a id=\"sonaar_ts-6927d6326e560\" class=\"srmp3_sonaar_ts_shortcode\"  style=\"\" href=\"javascript:sonaar_ts_shortcode({ trackid:'0', time:'00:11:30', ts_id:'6927d6326e560', play_icon:'' }) ;\">[00:11:30]<\/a> Par contre, \u00e0 l&#8217;oral, c&#8217;est encore un peu difficile pour moi. Et \u00e7a, apr\u00e8s analyse, c&#8217;est assez facile \u00e0 comprendre. C&#8217;est parce que j&#8217;ai pass\u00e9 beaucoup plus de temps \u00e0 \u00e9couter et \u00e0 lire des choses en polonais qu&#8217;\u00e0 parler. Je prends des cours de conversation avec une prof, en g\u00e9n\u00e9ral une heure par semaine. Parfois, j&#8217;ai pas toujours eu le temps de le faire. Et malheureusement, c&#8217;est pas suffisant pour s&#8217;am\u00e9liorer de fa\u00e7on significative. Donc l&#8217;ann\u00e9e prochaine, ou plut\u00f4t cette ann\u00e9e, en 2019, je vais essayer de passer \u00e0 deux heures par semaine.<\/p>\n\n\n\n<p><a id=\"sonaar_ts-6927d6326e565\" class=\"srmp3_sonaar_ts_shortcode\"  style=\"\" href=\"javascript:sonaar_ts_shortcode({ trackid:'0', time:'00:12:08', ts_id:'6927d6326e565', play_icon:'' }) ;\">[00:12:08]<\/a> Mais en plus de \u00e7a, je pense qu&#8217;il y a un deuxi\u00e8me probl\u00e8me qui est plut\u00f4t li\u00e9 \u00e0 mon attitude. Parce que, malgr\u00e9 le fait que j&#8217;habite en Pologne depuis plus de quatre ans maintenant, j&#8217;utilise assez rarement le polonais. J&#8217;ai pas rencontr\u00e9 beaucoup de personnes, je me suis pas fait beaucoup d&#8217;amis en Pologne parce que, pour \u00eatre honn\u00eate, je me suis concentr\u00e9 sur l&#8217;enseignement du fran\u00e7ais, sur la cr\u00e9ation d&#8217;innerFrench. Donc j&#8217;avais pas vraiment beaucoup de temps pour faire des rencontres, pour faire la f\u00eate, sortir, etc. \u00c0 cause de \u00e7a, je n&#8217;utilise pas beaucoup la langue, je ne parle pas polonais tr\u00e8s souvent. M\u00eame si ma copine est polonaise, on parle anglais ensemble et je parle fran\u00e7ais, bien \u00e9videmment, avec mes \u00e9l\u00e8ves.<\/p>\n\n\n\n<p><a id=\"sonaar_ts-6927d6326e56a\" class=\"srmp3_sonaar_ts_shortcode\"  style=\"\" href=\"javascript:sonaar_ts_shortcode({ trackid:'0', time:'00:13:00', ts_id:'6927d6326e56a', play_icon:'' }) ;\">[00:13:00]<\/a> Alors d&#8217;un c\u00f4t\u00e9, c&#8217;est dommage. C&#8217;est dommage de ne pas plus utiliser cette opportunit\u00e9 que j&#8217;ai de vivre en Pologne pour parler polonais. Mais d&#8217;un autre c\u00f4t\u00e9, c&#8217;est assez rassurant parce que je pense que si j&#8217;habitais en France, je pourrais progresser presque aussi rapidement en polonais que je le fais actuellement. Ma professeure donne des cours sur internet (je l&#8217;ai trouv\u00e9e sur Italki car elle habite en G\u00e9orgie). \u00c9couter des m\u00e9dias polonais, des podcasts, lire des livres, etc. c&#8217;est quelque chose que je pourrais tout aussi bien faire en habitant en France.<\/p>\n\n\n\n<p><a id=\"sonaar_ts-6927d6326e574\" class=\"srmp3_sonaar_ts_shortcode\"  style=\"\" href=\"javascript:sonaar_ts_shortcode({ trackid:'0', time:'00:13:42', ts_id:'6927d6326e574', play_icon:'' }) ;\">[00:13:42]<\/a> Je voulais vous confier \u00e7a, vous faire cette confession, pour vous montrer que m\u00eame pour moi qui suis professeur de langue, c&#8217;est parfois assez difficile, assez intimidant de parler une langue \u00e9trang\u00e8re avec quelqu&#8217;un. L&#8217;anglais, c&#8217;est devenu tr\u00e8s naturel parce que \u00e7a fait des ann\u00e9es que je le parle. L&#8217;espagnol, \u00e7a l&#8217;\u00e9tait \u00e0 un moment mais aujourd&#8217;hui beaucoup moins parce que, pour \u00eatre honn\u00eate, je ne le pratique plus du tout. Et pour le polonais, je sais que je vais avoir besoin encore de quelques ann\u00e9es, peut-\u00eatre, avant d&#8217;\u00eatre vraiment \u00e0 l&#8217;aise \u00e0 l&#8217;oral.<\/p>\n\n\n\n<p><a id=\"sonaar_ts-6927d6326e57a\" class=\"srmp3_sonaar_ts_shortcode\"  style=\"\" href=\"javascript:sonaar_ts_shortcode({ trackid:'0', time:'00:14:21', ts_id:'6927d6326e57a', play_icon:'' }) ;\">[00:14:21]<\/a> Bref, pour en finir avec ce troisi\u00e8me objectif, je voulais vous dire que je suis toujours tr\u00e8s impressionn\u00e9 quand je vois la qualit\u00e9 du travail que vous fournissez, les efforts que vous faites pour apprendre le fran\u00e7ais. C&#8217;est tr\u00e8s inspirant pour moi. Je vois que certains d&#8217;entre vous sont beaucoup plus organis\u00e9s et beaucoup plus d\u00e9termin\u00e9s que moi et \u00e7a me motive justement \u00e0 faire encore plus d&#8217;efforts pour apprendre le polonais.<\/p>\n\n\n\n<p><a id=\"sonaar_ts-6927d6326e57f\" class=\"srmp3_sonaar_ts_shortcode\"  style=\"\" href=\"javascript:sonaar_ts_shortcode({ trackid:'0', time:'00:14:50', ts_id:'6927d6326e57f', play_icon:'' }) ;\">[00:14:50]<\/a> Mon quatri\u00e8me objectif, c&#8217;\u00e9tait de m\u00e9diter quotidiennement, de m\u00e9diter chaque jour. L\u00e0 aussi, \u00e7a a \u00e9t\u00e9 un \u00e9chec cuisant. Un &#8220;\u00e9chec cuisant&#8221;, \u00e7a veut dire un gros \u00e9chec.<\/p>\n\n\n\n<p><a id=\"sonaar_ts-6927d6326e584\" class=\"srmp3_sonaar_ts_shortcode\"  style=\"\" href=\"javascript:sonaar_ts_shortcode({ trackid:'0', time:'00:15:07', ts_id:'6927d6326e584', play_icon:'' }) ;\">[00:15:07]<\/a> J&#8217;avais commenc\u00e9 \u00e0 utiliser une application qui s&#8217;appelle Headspace(qui d&#8217;ailleurs, est tr\u00e8s bien faite). C&#8217;est une application qui vous aide \u00e0 apprendre les techniques de base avec beaucoup de petites le\u00e7ons, qui tr\u00e8s facile \u00e0 utiliser, tr\u00e8s bien design\u00e9e, etc. J&#8217;\u00e9tais vraiment s\u00e9duit, je trouvais qu&#8217;elle \u00e9tait g\u00e9niale. Je la trouvais tellement g\u00e9niale que j&#8217;avais d\u00e9cid\u00e9 de prendre un abonnement pour un an. Et finalement, d\u00e8s le mois de janvier ou f\u00e9vrier, il me semble, j&#8217;ai abandonn\u00e9. J&#8217;ai compl\u00e8tement arr\u00eat\u00e9 de m\u00e9diter. Donc on peut dire que j&#8217;ai gaspill\u00e9 de l&#8217;argent.<\/p>\n\n\n\n<p><a id=\"sonaar_ts-6927d6326e589\" class=\"srmp3_sonaar_ts_shortcode\"  style=\"\" href=\"javascript:sonaar_ts_shortcode({ trackid:'0', time:'00:15:48', ts_id:'6927d6326e589', play_icon:'' }) ;\">[00:15:48]<\/a> Gaspiller, c&#8217;est un verbe qui veut dire &#8220;mal utiliser les ressources&#8221;. Par exemple, &#8220;gaspiller de l&#8217;argent&#8221;, \u00e7a veut dire que vous d\u00e9pensez de l&#8217;argent pour rien. On peut aussi gaspiller de l&#8217;\u00e9nergie, par exemple, si vous utilisez de l&#8217;\u00e9nergie pour rien. Donc moi, j&#8217;ai gaspill\u00e9 de l&#8217;argent avec cet \u00e9v\u00e9nement, avec cet abonnement, pardon, parce que j&#8217;ai achet\u00e9 un abonnement pour un an et j&#8217;ai arr\u00eat\u00e9 d&#8217;utiliser l&#8217;application au bout de deux mois.<\/p>\n\n\n\n<p><a id=\"sonaar_ts-6927d6326e59a\" class=\"srmp3_sonaar_ts_shortcode\"  style=\"\" href=\"javascript:sonaar_ts_shortcode({ trackid:'0', time:'00:16:32', ts_id:'6927d6326e59a', play_icon:'' }) ;\">[00:16:32]<\/a> On va passer \u00e0 la deuxi\u00e8me partie. Autrement dit, les choses que j&#8217;ai apprises en 2018.<\/p>\n\n\n\n<p><a id=\"sonaar_ts-6927d6326e5a0\" class=\"srmp3_sonaar_ts_shortcode\"  style=\"\" href=\"javascript:sonaar_ts_shortcode({ trackid:'0', time:'00:16:39', ts_id:'6927d6326e5a0', play_icon:'' }) ;\">[00:16:39]<\/a> Le premier enseignement majeur de 2018 pour moi, c&#8217;\u00e9tait d&#8217;accepter mes limites. Je suis quelqu&#8217;un qui a tendance \u00e0 se mettre beaucoup la pression. J&#8217;adore avoir des objectifs, que ce soit dans mon travail ou dans ma vie priv\u00e9e. Et c&#8217;est quelque chose que j&#8217;ai toujours fait. Quand j&#8217;\u00e9tais enfant, j&#8217;avais toujours envie d&#8217;avoir les meilleures notes \u00e0 l&#8217;\u00e9cole et puis, plus tard, d&#8217;avoir les meilleurs r\u00e9sultats au travail. C&#8217;est int\u00e9ressant parce que cette pression, elle ne venait pas de mon environnement, elle ne venait pas de mes parents mais de moi-m\u00eame. C&#8217;\u00e9tait moi qui me mettais cette pression sur les \u00e9paules pour r\u00e9ussir.<\/p>\n\n\n\n<p><a id=\"sonaar_ts-6927d6326e5a6\" class=\"srmp3_sonaar_ts_shortcode\"  style=\"\" href=\"javascript:sonaar_ts_shortcode({ trackid:'0', time:'00:17:23', ts_id:'6927d6326e5a6', play_icon:'' }) ;\">[00:17:23]<\/a> C&#8217;est pour \u00e7a que j&#8217;ai ador\u00e9 quand j&#8217;ai d\u00e9couvert il y a quelques ann\u00e9es tous ces livres sur la productivit\u00e9, les habitudes, etc. Et je dois dire que je suis devenu un peu obs\u00e9d\u00e9 par \u00e7a. Je suis parti dans un certain extr\u00eame qui, \u00e0 terme, a fini par avoir un effet n\u00e9gatif parce qu&#8217;avec toute cette pression, c&#8217;\u00e9tait difficile pour moi d&#8217;appr\u00e9cier la vie, d&#8217;appr\u00e9cier ce que j&#8217;avais. Tout simplement parce que je voulais en faire toujours plus.<\/p>\n\n\n\n<p><a id=\"sonaar_ts-6927d6326e5ab\" class=\"srmp3_sonaar_ts_shortcode\"  style=\"\" href=\"javascript:sonaar_ts_shortcode({ trackid:'0', time:'00:17:56', ts_id:'6927d6326e5ab', play_icon:'' }) ;\">[00:17:56]<\/a> En 2018, j&#8217;ai vraiment appris qu&#8217;on ne peut pas tout obtenir. On ne peut pas tout changer du jour au lendemain. &#8220;Du jour au lendemain&#8221;, \u00e7a, c&#8217;est une bonne expression aussi. Les anglophones disent &#8220;pendant la nuit&#8221;. Du jour au lendemain, \u00e7a signifie donc &#8220;changer quelque chose d&#8217;un jour \u00e0 l&#8217;autre&#8221;, &#8220;changer quelque chose tr\u00e8s rapidement&#8221;. Il y a peut-\u00eatre un \u00e9pisode o\u00f9 je vous ai d\u00e9j\u00e0 parl\u00e9 de cette expression.<\/p>\n\n\n\n<p><a id=\"sonaar_ts-6927d6326e5b0\" class=\"srmp3_sonaar_ts_shortcode\"  style=\"\" href=\"javascript:sonaar_ts_shortcode({ trackid:'0', time:'00:18:22', ts_id:'6927d6326e5b0', play_icon:'' }) ;\">[00:18:22]<\/a> En g\u00e9n\u00e9ral, les changements significatifs, les changements qui valent la peine, eh bien ils exigent du temps et de la pers\u00e9v\u00e9rance. On peut pas tout changer dans notre vie en quelques semaines ni m\u00eame en quelques mois. C&#8217;est pour \u00e7a que si on essaye de construire une habitude durable, une habitude qu&#8217;on va garder toute notre vie, il faut \u00eatre patient. \u00c7a demande du temps. C&#8217;est la m\u00eame chose quand on essaye d&#8217;apprendre une langue. M\u00eame si vous \u00eates capables de parler cette langue couramment apr\u00e8s deux ans, \u00e7a veut pas dire que vous allez arr\u00eater de l&#8217;apprendre. Vous allez continuer de l&#8217;utiliser et, en l&#8217;utilisant, vous allez toujours d\u00e9couvrir de nouvelles choses.<\/p>\n\n\n\n<p><a id=\"sonaar_ts-6927d6326e5b5\" class=\"srmp3_sonaar_ts_shortcode\"  style=\"\" href=\"javascript:sonaar_ts_shortcode({ trackid:'0', time:'00:19:07', ts_id:'6927d6326e5b5', play_icon:'' }) ;\">[00:19:07]<\/a> C&#8217;est pour \u00e7a que, pour r\u00e9ussir \u00e0 le faire, c&#8217;est mieux d&#8217;appr\u00e9cier le processus, d&#8217;appr\u00e9cier le parcours, l&#8217;exp\u00e9rience, et pas d&#8217;\u00eatre obs\u00e9d\u00e9 simplement par votre objectif.<\/p>\n\n\n\n<p><a id=\"sonaar_ts-6927d6326e5bf\" class=\"srmp3_sonaar_ts_shortcode\"  style=\"\" href=\"javascript:sonaar_ts_shortcode({ trackid:'0', time:'00:19:21', ts_id:'6927d6326e5bf', play_icon:'' }) ;\">[00:19:21]<\/a> Une deuxi\u00e8me chose qu&#8217;il faut accepter, \u00e0 mon avis, ce sont bien \u00e9videmment les \u00e9checs. C&#8217;est normal, quand on commence une aventure, de conna\u00eetre certains \u00e9checs, certaines choses qui ne fonctionnent pas comme vous l&#8217;aviez pr\u00e9vu. C&#8217;est comme moi avec la m\u00e9ditation. J&#8217;ai pas r\u00e9ussi l&#8217;ann\u00e9e derni\u00e8re \u00e0 m\u00e9diter chaque jour. Mais pendant les quelques semaines o\u00f9 je l&#8217;ai fait, j&#8217;ai quand m\u00eame appris des techniques de base qui vont me servir pour la suite de mon aventure avec la m\u00e9ditation (m\u00eame si j&#8217;ai fait une pause de presque dix mois). Ces \u00e9checs, ils sont importants pour notre apprentissage si on est capable de les analyser et de recommencer, de se remettre au travail avec les enseignements, avec tout ce qu&#8217;on a appris de ses \u00e9checs.<\/p>\n\n\n\n<p><a id=\"sonaar_ts-6927d6326e5c5\" class=\"srmp3_sonaar_ts_shortcode\"  style=\"\" href=\"javascript:sonaar_ts_shortcode({ trackid:'0', time:'00:20:17', ts_id:'6927d6326e5c5', play_icon:'' }) ;\">[00:20:17]<\/a> La deuxi\u00e8me chose importante que j&#8217;ai apprise en 2018, c&#8217;est de ne pas me comparer avec les autres. Donc l\u00e0, je viens de vous parler de la pression int\u00e9rieure et maintenant, c&#8217;est le domaine de la pression ext\u00e9rieure. En fait, c&#8217;est une pression qui vient aussi de notre ego parce que, en g\u00e9n\u00e9ral, notre ego se pose toujours les deux m\u00eames questions : &#8220;pourquoi moi ?&#8221; et &#8220;pourquoi pas moi ?&#8221;.<\/p>\n\n\n\n<p><a id=\"sonaar_ts-6927d6326e5ca\" class=\"srmp3_sonaar_ts_shortcode\"  style=\"\" href=\"javascript:sonaar_ts_shortcode({ trackid:'0', time:'00:20:50', ts_id:'6927d6326e5ca', play_icon:'' }) ;\">[00:20:50]<\/a> \u00c7a veut dire qu&#8217;on est sans cesse en train de se comparer aux autres et de se demander pourquoi notre situation est diff\u00e9rente. \u00c7a, c&#8217;est quelque chose qui a \u00e9t\u00e9 exacerb\u00e9 avec internet et les r\u00e9seaux sociaux. Maintenant, on a cette pression au quotidien, dans notre poche, dans notre smartphone. On voit nos amis qui sont partis en vacances et pas nous, nos amis qui ont achet\u00e9 une nouvelle voiture et pas nous. Donc notre ego est bless\u00e9, notre ego est vex\u00e9 et on a envie de corriger cette injustice. C&#8217;est la m\u00eame chose si vous voyez ces polyglottes qui r\u00e9ussissent \u00e0 apprendre une langue en trois mois et vous vous demandez pourquoi vous apprenez le fran\u00e7ais depuis trois ans sans obtenir les m\u00eames r\u00e9sultats.<\/p>\n\n\n\n<p><a id=\"sonaar_ts-6927d6326e5cf\" class=\"srmp3_sonaar_ts_shortcode\"  style=\"\" href=\"javascript:sonaar_ts_shortcode({ trackid:'0', time:'00:21:41', ts_id:'6927d6326e5cf', play_icon:'' }) ;\">[00:21:41]<\/a> En fait, encore une fois, moi j&#8217;ai appris qu&#8217;il faut simplement appr\u00e9cier ce qu&#8217;on fait. Parce que si on appr\u00e9cie ce qu&#8217;on fait, on va pas n\u00e9cessairement ressentir de jalousie pour les autres parce qu&#8217;on va \u00eatre content de notre situation. On va \u00eatre content de nos exp\u00e9riences et de nos d\u00e9couvertes.<\/p>\n\n\n\n<p><a id=\"sonaar_ts-6927d6326e5d4\" class=\"srmp3_sonaar_ts_shortcode\"  style=\"\" href=\"javascript:sonaar_ts_shortcode({ trackid:'0', time:'00:22:02', ts_id:'6927d6326e5d4', play_icon:'' }) ;\">[00:22:02]<\/a> Donc la premi\u00e8re \u00e9tape pour faire \u00e7a, \u00e0 mon avis, c&#8217;est de se pr\u00e9server au maximum, d&#8217;essayer de s&#8217;isoler un peu de cette pression ext\u00e9rieure. Donc moi par exemple, ce que j&#8217;ai fait, tr\u00e8s concr\u00e8tement, c&#8217;est que j&#8217;ai supprim\u00e9 l&#8217;application Instagram. J&#8217;imagine que vous connaissez cette application. Elle sert \u00e0 partager des photos et j&#8217;ai remarqu\u00e9 qu&#8217;elle sert surtout \u00e0 montrer aux autres \u00e0 quel point notre vie est parfaite. Moi, j&#8217;avais pas envie de perdre du temps \u00e0 faire \u00e7a et j&#8217;avais pas envie d&#8217;\u00eatre expos\u00e9 \u00e0 la fausse perfection de la vie de mes contacts. Je me suis rendu compte que cette application ne m&#8217;apportait rien donc j&#8217;ai d\u00e9cid\u00e9 de l&#8217;effacer.<\/p>\n\n\n\n<p><a id=\"sonaar_ts-6927d6326e5d9\" class=\"srmp3_sonaar_ts_shortcode\"  style=\"\" href=\"javascript:sonaar_ts_shortcode({ trackid:'0', time:'00:22:51', ts_id:'6927d6326e5d9', play_icon:'' }) ;\">[00:22:51]<\/a> La premi\u00e8re \u00e9tape, c&#8217;est de se pr\u00e9server. Et la deuxi\u00e8me \u00e9tape, je pense que c&#8217;est de comprendre ses d\u00e9sirs profonds. C&#8217;est le philosophe Aristote qui parle de \u00e7a. Il dit qu&#8217;il y a deux cat\u00e9gories de d\u00e9sirs : les d\u00e9sirs ad\u00e9quats et les d\u00e9sirs inad\u00e9quats. Les d\u00e9sirs ad\u00e9quats, ce sont ceux qui viennent de notre &#8220;nous&#8221; profond, ceux qui viennent vraiment, on pourrait dire, de notre \u00e2me. Alors que les d\u00e9sirs inad\u00e9quats, ce sont ceux qui viennent de l&#8217;ext\u00e9rieur. Nous, on doit se concentrer sur nos propres d\u00e9sirs, pas sur ceux qui nous sont dict\u00e9s par notre environnement. Quand on fait \u00e7a, \u00e7a nous permet de s\u00e9lectionner les choses ou les projets qui sont vraiment importants pour nous, et pas ceux qui sont importants pour notre entourage.<\/p>\n\n\n\n<p><a id=\"sonaar_ts-6927d6326e5e2\" class=\"srmp3_sonaar_ts_shortcode\"  style=\"\" href=\"javascript:sonaar_ts_shortcode({ trackid:'0', time:'00:23:44', ts_id:'6927d6326e5e2', play_icon:'' }) ;\">[00:23:44]<\/a> Par exemple, on a tous le d\u00e9sir de construire quelque chose. Et j&#8217;ai remarqu\u00e9 que l&#8217;ann\u00e9e derni\u00e8re, parmi mes amis, il y en a beaucoup qui ont achet\u00e9 un appartement. Moi, \u00e7a n&#8217;est pas un d\u00e9sir que j&#8217;avais \u00e0 l&#8217;origine parce que je me concentre sur d&#8217;autres choses en ce moment, dans ma vie. Mais \u00e0 force de voir tous mes amis acheter un appartement, j&#8217;ai commenc\u00e9 \u00e0 me demander : et pourquoi pas moi ? Pourquoi moi, je n&#8217;ach\u00e8te pas d&#8217;appartement ? Je me suis beaucoup pos\u00e9 de questions sur \u00e7a et j&#8217;ai compris que la chose que j&#8217;\u00e9tais en train de construire, c&#8217;est cette communaut\u00e9, c&#8217;est ce r\u00e9seau innerFrench. Et c&#8217;est \u00e7a que j&#8217;ai envie de d\u00e9velopper pour le moment. J&#8217;ai pas envie de d\u00e9penser de l&#8217;\u00e9nergie dans l&#8217;achat d&#8217;un appartement ou d&#8217;une maison parce que pour moi, ce n&#8217;est pas la priorit\u00e9 maintenant. Donc je ne fais pas comme tous mes amis. J&#8217;essaye de construire quelque chose de diff\u00e9rent. Et maintenant, j&#8217;ai accept\u00e9 \u00e7a et je n&#8217;ai aucun probl\u00e8me, aucune frustration et aucun d\u00e9sir d&#8217;acheter un appartement pour le moment.<\/p>\n\n\n\n<p><a id=\"sonaar_ts-6927d6326e5e8\" class=\"srmp3_sonaar_ts_shortcode\"  style=\"\" href=\"javascript:sonaar_ts_shortcode({ trackid:'0', time:'00:24:54', ts_id:'6927d6326e5e8', play_icon:'' }) ;\">[00:24:54]<\/a> Justement, une bonne fa\u00e7on de d\u00e9couvrir nos d\u00e9sirs profonds (parce que je sais que c&#8217;est plus facile \u00e0 dire qu&#8217;\u00e0 faire), donc une bonne fa\u00e7on de le faire, c&#8217;est de m\u00e9diter. La m\u00e9ditation, \u00e7a peut nous apprendre \u00e0 mieux nous comprendre, \u00e0 mieux nous conna\u00eetre et \u00e0 d\u00e9couvrir quels sont nos vrais d\u00e9sirs.<\/p>\n\n\n\n<p><a id=\"sonaar_ts-6927d6326e5ed\" class=\"srmp3_sonaar_ts_shortcode\"  style=\"\" href=\"javascript:sonaar_ts_shortcode({ trackid:'0', time:'00:25:16', ts_id:'6927d6326e5ed', play_icon:'' }) ;\">[00:25:16]<\/a> Pour finir cette partie sur les enseignements de 2018, je vais vous parler un peu de la reconnaissance. \u00c7a a \u00e9t\u00e9 pour moi un enseignement majeur. J&#8217;ai appris \u00e0 appr\u00e9cier davantage ce que j&#8217;ai, \u00e0 appr\u00e9cier le quotidien et \u00e0 me r\u00e9jouir m\u00eame de choses qui semblent \u00eatre des d\u00e9tails. Par exemple, me r\u00e9jouir du bon caf\u00e9 que je bois l&#8217;apr\u00e8s midi. Me r\u00e9jouir du fait que mon ordinateur fonctionne bien, qu&#8217;il n&#8217;est pas en panne. Et aussi de choses plus s\u00e9rieuses, par exemple du fait que je suis en bonne sant\u00e9 et ma famille aussi. Tout \u00e7a, ce sont des choses auxquelles on pense assez rarement, finalement, au quotidien. Mais j&#8217;ai remarqu\u00e9 que si on essaye d&#8217;y faire attention, \u00e7a nous permet d&#8217;\u00eatre de meilleure humeur et d&#8217;\u00eatre plus heureux au quotidien.<\/p>\n\n\n\n<p><a id=\"sonaar_ts-6927d6326e5f2\" class=\"srmp3_sonaar_ts_shortcode\"  style=\"\" href=\"javascript:sonaar_ts_shortcode({ trackid:'0', time:'00:26:14', ts_id:'6927d6326e5f2', play_icon:'' }) ;\">[00:26:14]<\/a> Pour faire \u00e7a, j&#8217;ai un petit carnet. Un carnet, c&#8217;est comme un petit cahier pour prendre des notes. Et dans ce petit carnet, j&#8217;\u00e9cris chaque jour deux ou trois choses pour lesquelles je suis reconnaissant. Je dois vous avouer qu&#8217;au d\u00e9but, j&#8217;\u00e9tais assez sceptique. J&#8217;ai lu plusieurs articles sur \u00e7a sur internet et je pensais que c&#8217;\u00e9tait un peu b\u00eate et que c&#8217;\u00e9tait un peu artificiel peut-\u00eatre. Donc j&#8217;ai d\u00e9cid\u00e9 de le tester et je dois dire que, pour le moment, je suis assez content des r\u00e9sultats. Je sais pas si je vais le faire toute ma vie mais, pour le moment, je vais continuer et voir si \u00e7a fonctionne, voir si je suis de meilleure humeur et plus heureux gr\u00e2ce \u00e0 \u00e7a.<\/p>\n\n\n\n<p><a id=\"sonaar_ts-6927d6326e5fc\" class=\"srmp3_sonaar_ts_shortcode\"  style=\"\" href=\"javascript:sonaar_ts_shortcode({ trackid:'0', time:'00:27:02', ts_id:'6927d6326e5fc', play_icon:'' }) ;\">[00:27:02]<\/a> En fait, c&#8217;est quelque chose qui semble assez logique parce que si on donne plus de place aux \u00e9motions positives, il va y en avoir moins pour les \u00e9motions n\u00e9gatives. Si on privil\u00e9gie ces \u00e9motions positives, on va beaucoup moins penser \u00e0 toutes ces choses qui peuvent nous tourmenter, nous stresser, etc.<\/p>\n\n\n\n<p><a id=\"sonaar_ts-6927d6326e602\" class=\"srmp3_sonaar_ts_shortcode\"  style=\"\" href=\"javascript:sonaar_ts_shortcode({ trackid:'0', time:'00:27:53', ts_id:'6927d6326e602', play_icon:'' }) ;\">[00:27:35]<\/a> Maintenant, pour finir, la troisi\u00e8me partie : mes projets pour 2019.<\/p>\n\n\n\n<p><a id=\"sonaar_ts-6927d6326e606\" class=\"srmp3_sonaar_ts_shortcode\"  style=\"\" href=\"javascript:sonaar_ts_shortcode({ trackid:'0', time:'00:27:41', ts_id:'6927d6326e606', play_icon:'' }) ;\">[00:27:41]<\/a> D&#8217;abord, je vais vous parler de certains de mes projets personnels. En 2019, je vais avoir 30 ans donc c&#8217;est une ann\u00e9e assez importante pour moi, ou en tout cas, assez symbolique. Et normalement, \u00e7a va \u00eatre ma derni\u00e8re ann\u00e9e en Pologne. J&#8217;avais d\u00e9j\u00e0 pr\u00e9vu de partir avec ma copine l&#8217;ann\u00e9e derni\u00e8re mais \u00e7a ne s&#8217;est pas fait, on n&#8217;a pas r\u00e9ussi \u00e0 le faire. Et, a priori, ce projet va se r\u00e9aliser plut\u00f4t cette ann\u00e9e, cet \u00e9t\u00e9 pour \u00eatre pr\u00e9cis. Je vous dis pas encore quelle va \u00eatre la destination, quelle va \u00eatre la prochaine \u00e9tape. Mais bien s\u00fbr, je vous en informerai un peu plus tard dans l&#8217;ann\u00e9e.<\/p>\n\n\n\n<p><a id=\"sonaar_ts-6927d6326e60c\" class=\"srmp3_sonaar_ts_shortcode\"  style=\"\" href=\"javascript:sonaar_ts_shortcode({ trackid:'0', time:'00:28:26', ts_id:'6927d6326e60c', play_icon:'' }) ;\">[00:28:26]<\/a> Un autre projet que j&#8217;avais envie d&#8217;accomplir, c&#8217;\u00e9tait de commencer \u00e0 apprendre le japonais. Mais pour \u00eatre honn\u00eate, je pense que ce n&#8217;est pas r\u00e9aliste. Cette ann\u00e9e, j&#8217;ai d&#8217;autres priorit\u00e9s. Donc j&#8217;ai pas envie de commencer quelque chose qui, \u00e0 mon avis, a peu de chance de r\u00e9ussir, et je vais garder \u00e7a pour plus tard. Par contre, bien \u00e9videmment, je vais continuer d&#8217;apprendre le polonais mais \u00e7a, c&#8217;est plus vraiment une r\u00e9solution parce que \u00e7a fait partie de mes habitudes et de ma routine quotidienne.<\/p>\n\n\n\n<p><a id=\"sonaar_ts-6927d6326e612\" class=\"srmp3_sonaar_ts_shortcode\"  style=\"\" href=\"javascript:sonaar_ts_shortcode({ trackid:'0', time:'00:29:04', ts_id:'6927d6326e612', play_icon:'' }) ;\">[00:29:04]<\/a> J&#8217;ai repris la m\u00e9ditation au mois de d\u00e9cembre et cette fois, j&#8217;ai l&#8217;intention de vraiment le faire avec s\u00e9rieux, avec r\u00e9gularit\u00e9, et de m\u00e9diter au moins dix minutes chaque jour.<\/p>\n\n\n\n<p><a id=\"sonaar_ts-6927d6326e61b\" class=\"srmp3_sonaar_ts_shortcode\"  style=\"\" href=\"javascript:sonaar_ts_shortcode({ trackid:'0', time:'00:29:18', ts_id:'6927d6326e61b', play_icon:'' }) ;\">[00:29:18]<\/a> Et puis, mon dernier projet personnel, c&#8217;est de faire plus de choses pour les autres. J&#8217;ai envie d&#8217;aider davantage les gens. Pas forc\u00e9ment avec le fran\u00e7ais, mais peut-\u00eatre dans d&#8217;autres domaines. Et je pense que 30 ans, c&#8217;est le bon \u00e2ge pour commencer \u00e0 le faire, pour peut-\u00eatre m&#8217;engager dans une association.<\/p>\n\n\n\n<p><a id=\"sonaar_ts-6927d6326e620\" class=\"srmp3_sonaar_ts_shortcode\"  style=\"\" href=\"javascript:sonaar_ts_shortcode({ trackid:'0', time:'00:29:44', ts_id:'6927d6326e620', play_icon:'' }) ;\">[00:29:44]<\/a> Au niveau professionnel, j&#8217;ai trois projets principaux pour 2019. Le premier, c&#8217;est de poster une vid\u00e9o sur YouTube chaque semaine. C&#8217;est une chose \u00e0 laquelle je me suis engag\u00e9 publiquement dans la premi\u00e8re vid\u00e9o que j&#8217;ai publi\u00e9e le 1er janvier. Et je pense que pour moi, \u00e7a va \u00eatre un bon moyen de progresser si je me force \u00e0 en faire r\u00e9guli\u00e8rement. C&#8217;est pas encore parfait, je pense que vous aurez quelques suggestions pour m&#8217;aider \u00e0 m&#8217;am\u00e9liorer. Donc si vous en avez, n&#8217;h\u00e9sitez pas et envoyez-les moi. Et surtout, abonnez-vous \u00e0 la cha\u00eene, comme \u00e7a vous serez pr\u00e9venus \u00e0 chaque fois que je publie une nouvelle vid\u00e9o.<\/p>\n\n\n\n<p><a id=\"sonaar_ts-6927d6326e625\" class=\"srmp3_sonaar_ts_shortcode\"  style=\"\" href=\"javascript:sonaar_ts_shortcode({ trackid:'0', time:'00:30:28', ts_id:'6927d6326e625', play_icon:'' }) ;\">[00:30:28]<\/a> Mon deuxi\u00e8me projet professionnel, c&#8217;est de refaire mon site internet. \u00c7a, c&#8217;est plut\u00f4t pour des raisons techniques, pour que ma plateforme de cours fonctionne mieux avec le site principal. Parce que maintenant, c&#8217;est pas toujours quelque chose de tr\u00e8s facile \u00e0 faire pour les utilisateurs donc j&#8217;ai d\u00e9cid\u00e9 de refaire \u00e7a. D&#8217;ailleurs, l\u00e0 aussi si vous avez des suggestions pour am\u00e9liorer le site internet, n&#8217;h\u00e9sitez pas \u00e0 m&#8217;\u00e9crire parce que pour moi, c&#8217;est toujours tr\u00e8s int\u00e9ressant de voir quelles id\u00e9es vous avez.<\/p>\n\n\n\n<p><a id=\"sonaar_ts-6927d6326e62a\" class=\"srmp3_sonaar_ts_shortcode\"  style=\"\" href=\"javascript:sonaar_ts_shortcode({ trackid:'0', time:'00:31:01', ts_id:'6927d6326e62a', play_icon:'' }) ;\">[00:31:01]<\/a> Et puis mon troisi\u00e8me et dernier projet professionnel, c&#8217;est de faire la suite de mon programme pour les personnes qui ont un niveau un peu plus avanc\u00e9, pour les aider \u00e0 progresser. Et j&#8217;esp\u00e8re que j&#8217;aurai le temps de le faire cette ann\u00e9e.<\/p>\n\n\n\n<p><a id=\"sonaar_ts-6927d6326e62e\" class=\"srmp3_sonaar_ts_shortcode\"  style=\"\" href=\"javascript:sonaar_ts_shortcode({ trackid:'0', time:'00:31:25', ts_id:'6927d6326e62e', play_icon:'' }) ;\">[00:31:25]<\/a> Voil\u00e0, on va s&#8217;arr\u00eater l\u00e0. C&#8217;est tout pour ce premier \u00e9pisode de 2019. J&#8217;esp\u00e8re que vous avez appris quelque chose d&#8217;int\u00e9ressant. En tout cas, moi, \u00e7a m&#8217;a permis de faire mon bilan et ma th\u00e9rapie et aussi de m&#8217;engager publiquement. Comme \u00e7a, j&#8217;esp\u00e8re que \u00e7a va me motiver \u00e0 concr\u00e9tiser tous mes projets cette ann\u00e9e. Et si je le fais pas, je sais que c&#8217;est pas grave et je ne vais pas culpabiliser \u00e0 cause de \u00e7a. Et j&#8217;esp\u00e8re que pour vous, \u00e7a sera la m\u00eame chose, que vous allez pr\u00e9parer cette ann\u00e9e avec s\u00e9r\u00e9nit\u00e9, avec calme, et qu&#8217;elle va vous permettre de progresser \u00e0 votre rythme.<\/p>\n\n\n\n<p><a id=\"sonaar_ts-6927d6326e633\" class=\"srmp3_sonaar_ts_shortcode\"  style=\"\" href=\"javascript:sonaar_ts_shortcode({ trackid:'0', time:'00:32:08', ts_id:'6927d6326e633', play_icon:'' }) ;\">[00:32:08]<\/a> On se retrouve dans deux semaines et dans le prochain \u00e9pisode, ce sera quelque chose d&#8217;un peu plus litt\u00e9raire parce que je vous raconterai une histoire, l&#8217;histoire du plus c\u00e9l\u00e8bre voleur de la litt\u00e9rature fran\u00e7aise. En attendant, n&#8217;oubliez pas de faire un peu de fran\u00e7ais tous les jours et \u00e0 bient\u00f4t !<\/p>\n","protected":false},"excerpt":{"rendered":"<p>Bienvenue pour ce 57\u00e8me \u00e9pisode ! Comme c&#8217;est le premier de 2019, je vais commencer par vous souhaiter une &#8220;bonne ann\u00e9e&#8221; et une &#8220;bonne sant\u00e9&#8221;, comme on dit en fran\u00e7ais. J&#8217;esp\u00e8re que vous avez pass\u00e9 de bonnes f\u00eates et que vous avez profit\u00e9 de votre famille, que vous vous \u00eates repos\u00e9s un peu, que vous&#8230;<\/p>\n","protected":false},"author":1,"featured_media":199263,"comment_status":"open","ping_status":"open","sticky":false,"template":"","format":[189],"meta":{"_acf_changed":false,"_kad_blocks_custom_css":"","_kad_blocks_head_custom_js":"","_kad_blocks_body_custom_js":"","_kad_blocks_footer_custom_js":"","_kad_post_transparent":"","_kad_post_title":"","_kad_post_layout":"","_kad_post_sidebar_id":"","_kad_post_content_style":"","_kad_post_vertical_padding":"","_kad_post_feature":"","_kad_post_feature_position":"","_kad_post_header":false,"_kad_post_footer":false,"_kad_post_classname":"","footnotes":""},"categories":[168],"tags":[195],"class_list":["post-1042","post","type-post","status-publish","format-standard","has-post-thumbnail","hentry","category-podcast","tag-coulisses","format-solo-hugo"],"acf":[],"taxonomy_info":{"category":[{"value":168,"label":"Podcast"}],"post_tag":[{"value":195,"label":"Coulisses"}],"format":[{"value":189,"label":"Solo Hugo"}]},"featured_image_src_large":["https:\/\/innerfrench.com\/wp-content\/uploads\/2019\/01\/projets-2019-e1718020492469-750x406.jpg",750,406,true],"author_info":{"display_name":"Hugo","author_link":"https:\/\/innerfrench.com\/author\/innerfrench-2-2-2-2-2-2-2-2-2-2-2-2-2-2-2-2-2-2-2\/"},"comment_info":6,"category_info":[{"term_id":168,"name":"Podcast","slug":"podcast","term_group":0,"term_taxonomy_id":168,"taxonomy":"category","description":"","parent":0,"count":185,"filter":"raw","cat_ID":168,"category_count":185,"category_description":"","cat_name":"Podcast","category_nicename":"podcast","category_parent":0}],"tag_info":[{"term_id":195,"name":"Coulisses","slug":"coulisses","term_group":0,"term_taxonomy_id":195,"taxonomy":"post_tag","description":"","parent":0,"count":10,"filter":"raw"}],"_links":{"self":[{"href":"https:\/\/innerfrench.com\/wp-json\/wp\/v2\/posts\/1042","targetHints":{"allow":["GET"]}}],"collection":[{"href":"https:\/\/innerfrench.com\/wp-json\/wp\/v2\/posts"}],"about":[{"href":"https:\/\/innerfrench.com\/wp-json\/wp\/v2\/types\/post"}],"author":[{"embeddable":true,"href":"https:\/\/innerfrench.com\/wp-json\/wp\/v2\/users\/1"}],"replies":[{"embeddable":true,"href":"https:\/\/innerfrench.com\/wp-json\/wp\/v2\/comments?post=1042"}],"version-history":[{"count":1,"href":"https:\/\/innerfrench.com\/wp-json\/wp\/v2\/posts\/1042\/revisions"}],"predecessor-version":[{"id":294233,"href":"https:\/\/innerfrench.com\/wp-json\/wp\/v2\/posts\/1042\/revisions\/294233"}],"wp:featuredmedia":[{"embeddable":true,"href":"https:\/\/innerfrench.com\/wp-json\/wp\/v2\/media\/199263"}],"wp:attachment":[{"href":"https:\/\/innerfrench.com\/wp-json\/wp\/v2\/media?parent=1042"}],"wp:term":[{"taxonomy":"category","embeddable":true,"href":"https:\/\/innerfrench.com\/wp-json\/wp\/v2\/categories?post=1042"},{"taxonomy":"post_tag","embeddable":true,"href":"https:\/\/innerfrench.com\/wp-json\/wp\/v2\/tags?post=1042"},{"taxonomy":"format","embeddable":true,"href":"https:\/\/innerfrench.com\/wp-json\/wp\/v2\/format?post=1042"}],"curies":[{"name":"wp","href":"https:\/\/api.w.org\/{rel}","templated":true}]}}