{"id":1056,"date":"2019-01-29T14:30:00","date_gmt":"2019-01-29T13:30:00","guid":{"rendered":"https:\/\/innerfrench.com\/?p=1056"},"modified":"2025-10-01T12:16:47","modified_gmt":"2025-10-01T10:16:47","slug":"59-vivre-sur-mars","status":"publish","type":"post","link":"https:\/\/innerfrench.com\/59-vivre-sur-mars\/","title":{"rendered":"#59 Vivre sur Mars"},"content":{"rendered":"\n<p>Salut \u00e0 tous, j&#8217;esp\u00e8re que vous allez bien. Je suis tr\u00e8s content de vous retrouver pour ce nouvel \u00e9pisode ! Ici \u00e0 Varsovie, il fait assez froid. Et l\u00e0 si je regarde par la fen\u00eatre, je vois la neige tomber. On a eu pas mal de neige cet hiver. \u00c0 vrai dire, j&#8217;avais jamais vu autant de neige \u00e0 Varsovie. Je crois que c&#8217;est le premier hiver qu&#8217;il neige autant. Mais c&#8217;est plut\u00f4t agr\u00e9able parce que moi, je peux rester tranquillement au chaud, chez moi. Je viens de boire un bon caf\u00e9 et je suis tr\u00e8s content de vous retrouver pour une trentaine de minutes pour vous aider \u00e0 apprendre le fran\u00e7ais en parlant d&#8217;un sujet qui, j&#8217;esp\u00e8re, va vous int\u00e9resser.<\/p>\n\n\n\n<p><a id=\"sonaar_ts-6927ce9931010\" class=\"srmp3_sonaar_ts_shortcode\"  style=\"\" href=\"javascript:sonaar_ts_shortcode({ trackid:'0', time:'00:00:56', ts_id:'6927ce9931010', play_icon:'' }) ;\">[00:00:56]<\/a> Assez souvent, je me dis que j&#8217;ai beaucoup de chance de faire ce m\u00e9tier, je suis tr\u00e8s chanceux d&#8217;\u00eatre prof de fran\u00e7ais, parce que je pourrais pas imaginer de meilleur travail. Surtout quand il y a des journ\u00e9es comme celle d&#8217;aujourd&#8217;hui o\u00f9 je peux passer plusieurs heures \u00e0 faire des recherches, \u00e0 lire des choses passionnantes pour pouvoir enregistrer un nouvel \u00e9pisode pour vous, et \u00e7a me permet de sans cesse me d\u00e9velopper. Et la cerise sur le g\u00e2teau, la meilleure partie, c&#8217;est qu&#8217;en plus \u00e7a vous aide. Et je sais que \u00e7a vous aide parce que vous m&#8217;envoyez des emails et des enregistrements pour me le dire. Donc c&#8217;est vraiment super ! Je suis tr\u00e8s reconnaissant d&#8217;avoir la chance de pouvoir faire \u00e7a, d&#8217;avoir la chance de vous aider tout en me d\u00e9veloppant et en apprenant sans cesse de nouvelles choses.<\/p>\n\n\n\n<p><a id=\"sonaar_ts-6927ce993101e\" class=\"srmp3_sonaar_ts_shortcode\"  style=\"\" href=\"javascript:sonaar_ts_shortcode({ trackid:'0', time:'00:01:48', ts_id:'6927ce993101e', play_icon:'' }) ;\">[00:01:48]<\/a> Justement, le sujet d&#8217;aujourd&#8217;hui, \u00e7a faisait un moment que je voulais vous en parler parce que j&#8217;ai envie de diversifier un peu le podcast. C&#8217;est vrai que j&#8217;ai tendance \u00e0 parler de sujets que je connais bien, que je ma\u00eetrise, parce que c&#8217;est plus facile pour moi et parce que ce sont des sujets qui m&#8217;int\u00e9ressent. Mais voil\u00e0, j&#8217;ai envie de diversifier, de parler de sujets dans d&#8217;autres domaines que ceux dont je parle d&#8217;habitude. C&#8217;est pour \u00e7a qu&#8217;aujourd&#8217;hui, j&#8217;ai choisi un th\u00e8me un peu plus scientifique avec la conqu\u00eate spatiale et, en particulier, la possibilit\u00e9 ou non pour l&#8217;homme de vivre sur Mars.<\/p>\n\n\n\n<p><a id=\"sonaar_ts-6927ce9931025\" class=\"srmp3_sonaar_ts_shortcode\"  style=\"\" href=\"javascript:sonaar_ts_shortcode({ trackid:'0', time:'00:02:30', ts_id:'6927ce9931025', play_icon:'' }) ;\">[00:02:30]<\/a> Je pr\u00e9f\u00e8re vous pr\u00e9venir tout de suite : je suis pas astrophysicien. Pendant mes \u00e9tudes, comme vous le savez peut-\u00eatre, j&#8217;ai plut\u00f4t \u00e9tudi\u00e9 l&#8217;\u00e9conomie, donc je suis loin d&#8217;\u00eatre un expert. Mais j&#8217;ai essay\u00e9 de lire un maximum d&#8217;articles pour bien pr\u00e9parer cet \u00e9pisode. D&#8217;ailleurs, je vais mettre les sources dans la description sur mon site. Donc vous pourrez retrouver les articles si vous voulez les lire en fran\u00e7ais et si vous voulez en apprendre un peu plus. Et peut-\u00eatre que parmi vous, il y a justement des astrophysiciens ou des personnes qui travaillent plut\u00f4t dans le domaine scientifique et qui en savent beaucoup plus que moi sur le sujet. Et si jamais il y a des erreurs, des choses qui ne sont pas correctes dans ce que je vous raconte aujourd&#8217;hui, n&#8217;h\u00e9sitez pas \u00e0 m&#8217;envoyer un email et comme \u00e7a je pourrai corriger dans l&#8217;\u00e9pisode suivant. Voil\u00e0, \u00e7a c&#8217;\u00e9tait simplement le petit disclaimer, comme disent les anglophones, pour ne pas avoir de probl\u00e8mes.<\/p>\n\n\n\n<p><a id=\"sonaar_ts-6927ce993102a\" class=\"srmp3_sonaar_ts_shortcode\"  style=\"\" href=\"javascript:sonaar_ts_shortcode({ trackid:'0', time:'00:03:35', ts_id:'6927ce993102a', play_icon:'' }) ;\">[00:03:35]<\/a> Mais avant de parler de ce sujet passionnant, je vais faire une petite minute d&#8217;auto promotion, une petite minute de publicit\u00e9. Vous avez remarqu\u00e9 que j&#8217;ai publi\u00e9 l&#8217;\u00e9pisode un peu plus t\u00f4t que d&#8217;habitude et c&#8217;est notamment pour vous dire que j&#8217;ai r\u00e9ouvert les inscriptions du programme, de Build a Strong Core. Vous savez, c&#8217;est mon programme pour aider les personnes qui ont un niveau interm\u00e9diaire \u00e0 progresser. J&#8217;en ai d\u00e9j\u00e0 parl\u00e9 assez r\u00e9guli\u00e8rement et je sais que certains d&#8217;entre vous avaient envie de le rejoindre. Donc voil\u00e0, maintenant, c&#8217;est le moment de le faire. Les inscriptions sont ouvertes pour une semaine seulement, jusqu&#8217;au 3 f\u00e9vrier. Et ensuite, je fermerai \u00e0 nouveau le programme jusqu&#8217;\u00e0 cet \u00e9t\u00e9, je pense (potentiellement le mois de juin ou de juillet).<\/p>\n\n\n\n<p><a id=\"sonaar_ts-6927ce9931036\" class=\"srmp3_sonaar_ts_shortcode\"  style=\"\" href=\"javascript:sonaar_ts_shortcode({ trackid:'0', time:'00:04:30', ts_id:'6927ce9931036', play_icon:'' }) ;\">[00:04:30]<\/a> Je vais en profiter pour r\u00e9pondre \u00e0 une question qu&#8217;on me pose souvent sur ce programme, c&#8217;est : combien de temps on a pour le finir ? Donc sachez que si vous le rejoignez, si vous achetez le programme, vous avez autant de temps que vous le voulez pour le faire. \u00c7a veut dire que vous pouvez le faire en deux semaines si vous \u00eates tr\u00e8s rapides, en un mois, en deux mois, en trois mois : \u00e7a n&#8217;a pas d&#8217;importance ! Une fois que vous achetez le programme, vous avez un acc\u00e8s \u00e0 vie. D&#8217;ailleurs, je sais qu&#8217;il y a certaines personnes qui ont d\u00e9cid\u00e9 de le refaire apr\u00e8s l&#8217;avoir fini une premi\u00e8re fois pour bien comprendre les le\u00e7ons, pour bien assimiler les diff\u00e9rents concepts. Donc \u00e7a \u00e9videmment, vous \u00eates totalement libres de le faire. Une fois que vous avez achet\u00e9 le programme, vous pouvez prendre le temps qu&#8217;il vous faut pour le finir et le refaire autant de fois que vous le voulez parce que vous avez un acc\u00e8s \u00e0 vie.<\/p>\n\n\n\n<p><a id=\"sonaar_ts-6927ce993103b\" class=\"srmp3_sonaar_ts_shortcode\"  style=\"\" href=\"javascript:sonaar_ts_shortcode({ trackid:'0', time:'00:05:26', ts_id:'6927ce993103b', play_icon:'' }) ;\">[00:05:26]<\/a> Donc voil\u00e0, si vous avez pris la bonne r\u00e9solution cette ann\u00e9e de progresser en fran\u00e7ais et si vous \u00eates \u00e0 un niveau interm\u00e9diaire, ce programme, \u00e7a peut \u00eatre la bonne opportunit\u00e9 pour vous de le faire. D&#8217;autant plus qu&#8217;on a un groupe Facebook priv\u00e9 avec toutes les personnes qui sont inscrites au programme. Donc dans ce groupe, on \u00e9change des conseils, ces personnes peuvent me poser leurs questions et puis surtout \u00e7a permet \u00e0 chacun de rester motiv\u00e9 en voyant les progr\u00e8s que font les autres, en recevant des encouragements etc etc.<\/p>\n\n\n\n<p><a id=\"sonaar_ts-6927ce993103f\" class=\"srmp3_sonaar_ts_shortcode\"  style=\"\" href=\"javascript:sonaar_ts_shortcode({ trackid:'0', time:'00:06:02', ts_id:'6927ce993103f', play_icon:'' }) ;\">[00:06:02]<\/a> OK, c&#8217;est tout pour l&#8217;autopromotion. Maintenant, on va \u00e9couter un t\u00e9moignage d&#8217;un auditeur que j&#8217;ai re\u00e7u il y a quelques semaines.<\/p>\n\n\n\n<p><a id=\"sonaar_ts-6927ce9931044\" class=\"srmp3_sonaar_ts_shortcode\"  style=\"\" href=\"javascript:sonaar_ts_shortcode({ trackid:'0', time:'00:06:12', ts_id:'6927ce9931044', play_icon:'' }) ;\">[00:06:12]<\/a> Bonjour Hugo,<\/p>\n\n\n\n<p>Je m&#8217;appelle Daniel et j&#8217;habite aux \u00c9tats-Unis dans l&#8217;\u00e9tat de New York, pr\u00e8s de la ville de Rochester. J&#8217;ai pris ma retraite en mai 2018 et j&#8217;ai d\u00e9cid\u00e9 de rafra\u00eechir mon fran\u00e7ais pendant l&#8217;\u00e9t\u00e9.<\/p>\n\n\n\n<p><a id=\"sonaar_ts-6927ce9931048\" class=\"srmp3_sonaar_ts_shortcode\"  style=\"\" href=\"javascript:sonaar_ts_shortcode({ trackid:'0', time:'00:06:31', ts_id:'6927ce9931048', play_icon:'' }) ;\">[00:06:31]<\/a> J&#8217;ai trouv\u00e9 ton podcast en juillet et je suis devenu accro tr\u00e8s vite. J&#8217;\u00e9tais comme un gamin dans une confiserie. Cette phrase est un peu plus po\u00e9tique en anglais (&#8220;kid in a candy store&#8221;) mais n\u00e9anmoins, c&#8217;est amusant en fran\u00e7ais aussi. Et c&#8217;\u00e9tait comme moi. J&#8217;\u00e9coutais en faisant de l&#8217;exercice, en travaillant dans le jardin, en conduisant. Bref, tout le temps. J&#8217;\u00e9tais un peu triste en septembre parce que j&#8217;avais \u00e9cout\u00e9 tous les \u00e9pisodes existants et il fallait attendre deux semaines pour recevoir le suivant.<\/p>\n\n\n\n<p><a id=\"sonaar_ts-6927ce993104d\" class=\"srmp3_sonaar_ts_shortcode\"  style=\"\" href=\"javascript:sonaar_ts_shortcode({ trackid:'0', time:'00:07:10', ts_id:'6927ce993104d', play_icon:'' }) ;\">[00:07:10]<\/a> En d\u00e9cembre, quand j&#8217;ai vu le titre de ton podcast final de 2018, je me suis dit : eh ben, encore une discussion sur les coutumes de No\u00ebl. J&#8217;\u00e9tais tr\u00e8s heureux de d\u00e9couvrir le sujet r\u00e9el, il \u00e9tait beaucoup plus int\u00e9ressant qu&#8217;une autre description de la b\u00fbche de No\u00ebl. Bravo ! Et c&#8217;\u00e9tait un autre cadeau de voir ta premi\u00e8re vid\u00e9o de 2019 et d&#8217;entendre parler de ton plan de faire une vid\u00e9o par semaine. Pour moi, ma bonne r\u00e9solution est de trouver un ou deux partenaires de conversation pour pratiquer mon fran\u00e7ais oral en 2019. C&#8217;est ma vraie faiblesse en fran\u00e7ais. En avant !<\/p>\n\n\n\n<p><a id=\"sonaar_ts-6927ce9931058\" class=\"srmp3_sonaar_ts_shortcode\"  style=\"\" href=\"javascript:sonaar_ts_shortcode({ trackid:'0', time:'00:07:58', ts_id:'6927ce9931058', play_icon:'' }) ;\">[00:07:58]<\/a> Il y a quelques sujets int\u00e9ressants pour moi pour un podcast ou une vid\u00e9o. \u00c7a m&#8217;int\u00e9resserait d&#8217;\u00e9couter les avis des Fran\u00e7ais sur le Brexit. C&#8217;est vrai que ce sujet change chaque jour mais il semble que le Brexit va se passer. \u00c0 mon avis, je pense que \u00e7a sera un vrai d\u00e9sastre pour les gens du Royaume-Uni. Mais on verra. Et est-ce qu&#8217;il y a une solution pour l&#8217;immigration dans l&#8217;Union europ\u00e9enne de l&#8217;Afrique et du Moyen-Orient ? Quels sont les avis des Fran\u00e7ais ?<\/p>\n\n\n\n<p><a id=\"sonaar_ts-6927ce993105d\" class=\"srmp3_sonaar_ts_shortcode\"  style=\"\" href=\"javascript:sonaar_ts_shortcode({ trackid:'0', time:'00:08:33', ts_id:'6927ce993105d', play_icon:'' }) ;\">[00:08:33]<\/a> Je pense que ton podcast est une grande ressource pour les \u00e9tudiants de fran\u00e7ais interm\u00e9diaires comme moi. Encore une fois, merci beaucoup pour tes efforts. Bonne chance et beaucoup de succ\u00e8s en 2019 !<\/p>\n\n\n\n<p><a id=\"sonaar_ts-6927ce9931061\" class=\"srmp3_sonaar_ts_shortcode\"  style=\"\" href=\"javascript:sonaar_ts_shortcode({ trackid:'0', time:'00:08:48', ts_id:'6927ce9931061', play_icon:'' }) ;\">[00:08:48]<\/a> Un grand merci, Daniel, pour ton enregistrement ! \u00c7a me fait tr\u00e8s plaisir. Je vois que tu es \u00e0 la retraite, comme tu me l&#8217;as dit, mais que tu en profites pour faire des choses utiles pour continuer d&#8217;apprendre et de te d\u00e9velopper. Et gr\u00e2ce \u00e0 \u00e7a, tu as acquis un tr\u00e8s bon niveau en fran\u00e7ais ! Je suis s\u00fbr que tu pourras avoir des discussions passionnantes avec ton ou ta futur partenaire de langue. D&#8217;ailleurs, peut-\u00eatre que tu en a d\u00e9j\u00e0 trouv\u00e9 un ou une.<\/p>\n\n\n\n<p><a id=\"sonaar_ts-6927ce9931067\" class=\"srmp3_sonaar_ts_shortcode\"  style=\"\" href=\"javascript:sonaar_ts_shortcode({ trackid:'0', time:'00:09:19', ts_id:'6927ce9931067', play_icon:'' }) ;\">[00:09:19]<\/a> Ce qui me fait plaisir dans ton enregistrement, c&#8217;est que tu me dis que tu es devenu &#8220;accro&#8221; aux podcasts. Donc pour ceux qui ne connaissent pas cette expression, &#8220;devenir accro \u00e0 quelque chose&#8221;, \u00e7a veut dire &#8220;avoir une forme d&#8217;addiction \u00e0 quelque chose.&#8221; Par exemple, on peut \u00eatre accro au caf\u00e9, au sucre ou \u00e0 des choses un peu plus graves comme les drogues. Mais bon, si on est juste accro \u00e0 un podcast fran\u00e7ais, normalement ce n&#8217;est pas trop dangereux pour la sant\u00e9 !<\/p>\n\n\n\n<p><a id=\"sonaar_ts-6927ce993106b\" class=\"srmp3_sonaar_ts_shortcode\"  style=\"\" href=\"javascript:sonaar_ts_shortcode({ trackid:'0', time:'00:09:52', ts_id:'6927ce993106b', play_icon:'' }) ;\">[00:09:52]<\/a> Merci \u00e9galement pour tes suggestions de sujets. Bon c&#8217;est pas des sujets faciles : l&#8217;avis des Fran\u00e7ais sur le Brexit et sur l&#8217;immigration dans l&#8217;Union europ\u00e9enne. Je dirais m\u00eame que c&#8217;est des sujets un peu \u00e9pineux. &#8220;\u00c9pineux&#8221;, c&#8217;est comme une rose, vous savez cette fleur, la rose, a des \u00e9pines et quand on touche ses \u00e9pines, on se pique, on se fait mal. Donc \u00e7a, c&#8217;est une tr\u00e8s belle image. Quand on dit qu&#8217;un sujet est &#8220;\u00e9pineux&#8221;, \u00e7a veut dire que c&#8217;est un sujet assez sensible, assez difficile. Donc je sais pas encore si je vais en parler. C&#8217;est des sujets que je trouve tr\u00e8s int\u00e9ressants mais j&#8217;ai pas envie de blesser certains auditeurs du podcast avec mes avis parce que c&#8217;est quelque chose de tr\u00e8s politique. Mais bon, on verra, peut-\u00eatre que j&#8217;en parlerai dans un futur \u00e9pisode.<\/p>\n\n\n\n<p><a id=\"sonaar_ts-6927ce9931070\" class=\"srmp3_sonaar_ts_shortcode\"  style=\"\" href=\"javascript:sonaar_ts_shortcode({ trackid:'0', time:'00:10:46', ts_id:'6927ce9931070', play_icon:'' }) ;\">[00:10:46]<\/a> Si vous voulez faire comme Daniel et m&#8217;envoyer votre enregistrement pour que je le diffuse dans le podcast, n&#8217;h\u00e9sitez pas \u00e0 le faire. Vous pouvez tout simplement me l&#8217;envoyer \u00e0 mon adresse email hugo@innerfrench.com. Et je le diffuserai dans un prochain \u00e9pisode.<\/p>\n\n\n\n<p><a id=\"sonaar_ts-6927ce9931075\" class=\"srmp3_sonaar_ts_shortcode\"  style=\"\" href=\"javascript:sonaar_ts_shortcode({ trackid:'0', time:'00:11:15', ts_id:'6927ce9931075', play_icon:'' }) ;\">[00:11:15]<\/a> Si j&#8217;ai d\u00e9cid\u00e9 de vous parler de Mars, c&#8217;est parce que, il y a quelques mois, le 26 novembre 2018, un \u00e9v\u00e9nement assez important s&#8217;est produit. Un \u00e9v\u00e9nement qui concerne la conqu\u00eate de la plan\u00e8te rouge. La plan\u00e8te rouge, c&#8217;est tout simplement un autre nom qu&#8217;on donne \u00e0 la plan\u00e8te Mars. Donc le 26 novembre 2018, une sonde am\u00e9ricaine de la NASA qui s&#8217;appelle Insight a atterri sur Mars.<\/p>\n\n\n\n<p><a id=\"sonaar_ts-6927ce993107a\" class=\"srmp3_sonaar_ts_shortcode\"  style=\"\" href=\"javascript:sonaar_ts_shortcode({ trackid:'0', time:'00:11:48', ts_id:'6927ce993107a', play_icon:'' }) ;\">[00:11:48]<\/a> Elle avait d\u00e9coll\u00e9 le 5 mai 2018, \u00e7a veut dire qu&#8217;elle avait quitt\u00e9 la Terre le 5 mai 2018. Et elle a atterri sur Mars le 26 novembre, \u00e7a veut dire tout simplement qu&#8217;elle est arriv\u00e9e sur Mars le 26 novembre. \u00c7a, ces deux verbes, on les utilise \u00e9galement pour les avions par exemple. Au d\u00e9part, l&#8217;avion d\u00e9colle, il quitte la surface de la terre. Et ensuite, \u00e0 l&#8217;arriv\u00e9e, il atterrit, \u00e7a veut dire qu&#8217;il rejoint \u00e0 nouveau la surface de la terre.<\/p>\n\n\n\n<p><a id=\"sonaar_ts-6927ce993107f\" class=\"srmp3_sonaar_ts_shortcode\"  style=\"\" href=\"javascript:sonaar_ts_shortcode({ trackid:'0', time:'00:12:29', ts_id:'6927ce993107f', play_icon:'' }) ;\">[00:12:29]<\/a> C&#8217;est un \u00e9v\u00e9nement vraiment important parce que \u00e7a a pris plus de sept ans de travail \u00e0 la NASA et un voyage dans l&#8217;espace de 548 millions de kilom\u00e8tres pour que la sonde InSight r\u00e9ussisse \u00e0 rejoindre la plan\u00e8te Mars. \u00c0 vrai dire, c&#8217;est pas quelque chose de compl\u00e8tement in\u00e9dit, de compl\u00e8tement nouveau, parce que depuis les ann\u00e9es 60, on envoie des missions vers Mars. On envoie des sondes, des vaisseaux, etc. Il y a eu plus d&#8217;une vingtaine de sondes am\u00e9ricaines et une vingtaine d&#8217;autres pays.<\/p>\n\n\n\n<p><a id=\"sonaar_ts-6927ce9931085\" class=\"srmp3_sonaar_ts_shortcode\"  style=\"\" href=\"javascript:sonaar_ts_shortcode({ trackid:'0', time:'00:13:08', ts_id:'6927ce9931085', play_icon:'' }) ;\">[00:13:08]<\/a> Mais malgr\u00e9 \u00e7a, c&#8217;est toujours une op\u00e9ration tr\u00e8s p\u00e9rilleuse. &#8220;P\u00e9rilleuse&#8221;, c&#8217;est un adjectif qui veut dire &#8220;pleine de dangers&#8221;. Donc cette op\u00e9ration d&#8217;envoyer une sonde sur Mars, c&#8217;est toujours assez dangereux. Alors pourquoi, malgr\u00e9 tous ces dangers, a-t-on tellement envie de coloniser la plan\u00e8te rouge ? Pourquoi a-t-on envie d&#8217;envoyer des hommes vivre l\u00e0 bas ? C&#8217;est \u00e0 ces questions qu&#8217;on va essayer de r\u00e9pondre dans cet \u00e9pisode.<\/p>\n\n\n\n<p><a id=\"sonaar_ts-6927ce993108a\" class=\"srmp3_sonaar_ts_shortcode\"  style=\"\" href=\"javascript:sonaar_ts_shortcode({ trackid:'0', time:'00:13:49', ts_id:'6927ce993108a', play_icon:'' }) ;\">[00:13:49]<\/a> Pour commencer, il faut dire que cette ambition de conqu\u00eate spatiale, et en particulier de conqu\u00eate de la plan\u00e8te rouge, c&#8217;est quelque chose qui ne date pas d&#8217;hier. \u00c7a fait tr\u00e8s longtemps que les hommes imaginent des formes de vie extraterrestre et, en g\u00e9n\u00e9ral, on imagine que cette vie se trouve sur la plan\u00e8te Mars. On parle souvent, dans les livres de science fiction ou dans les films, de ces Martiens, donc cette forme de vie qui existerait sur Mars et qui un jour peut-\u00eatre aura envie d&#8217;attaquer la terre pour nous conqu\u00e9rir. Donc on a d\u00e9cid\u00e9 de prendre de l&#8217;avance et d&#8217;attaquer Mars avant que ses habitants ne le fassent. M\u00eame si pour le moment, les scientifiques n&#8217;ont pas encore trouv\u00e9 de forme de vie sur la plan\u00e8te rouge.<\/p>\n\n\n\n<p><a id=\"sonaar_ts-6927ce9931092\" class=\"srmp3_sonaar_ts_shortcode\"  style=\"\" href=\"javascript:sonaar_ts_shortcode({ trackid:'0', time:'00:14:44', ts_id:'6927ce9931092', play_icon:'' }) ;\">[00:14:44]<\/a> Bref, tout \u00e7a pour dire que c&#8217;est un projet de long terme de l&#8217;astronautique. Tout comme l&#8217;ambition de marcher sur la Lune, l&#8217;ambition de coloniser Mars, elle est dans les esprits de tous les astronautes depuis tr\u00e8s longtemps. Et c&#8217;est un projet qui est devenu plus envisageable, plus r\u00e9aliste, une fois qu&#8217;on a \u00e9t\u00e9 capable d&#8217;atterrir sur la Lune en 1969 avec les astronautes am\u00e9ricains. C&#8217;est devenu plus r\u00e9aliste parce que maintenant, on sait qu&#8217;on est capable d&#8217;envoyer des hommes sur une autre plan\u00e8te que la Terre. Mais \u00e0 vrai dire, \u00e0 part la lune, on n&#8217;a jamais \u00e9t\u00e9 capable d&#8217;aller sur une autre plan\u00e8te ou sur un autre astre.<\/p>\n\n\n\n<p><a id=\"sonaar_ts-6927ce9931097\" class=\"srmp3_sonaar_ts_shortcode\"  style=\"\" href=\"javascript:sonaar_ts_shortcode({ trackid:'0', time:'00:15:32', ts_id:'6927ce9931097', play_icon:'' }) ;\">[00:15:32]<\/a> Alors vous vous demandez peut-\u00eatre : &#8220;mais pourquoi a-t-on choisi Mars ? Il y a beaucoup de plan\u00e8tes dans notre syst\u00e8me solaire, alors pourquoi il y a cette fascination pour Mars ?&#8221;<\/p>\n\n\n\n<p><a id=\"sonaar_ts-6927ce993109f\" class=\"srmp3_sonaar_ts_shortcode\"  style=\"\" href=\"javascript:sonaar_ts_shortcode({ trackid:'0', time:'00:15:43', ts_id:'6927ce993109f', play_icon:'' }) ;\">[00:15:43]<\/a> D&#8217;abord, tout simplement, parce qu&#8217;il est possible pour les hommes de l&#8217;atteindre. Il faut savoir qu&#8217;avec un vaisseau spatial, on peut atteindre Mars avec un voyage qui durerait entre six et neuf mois.<\/p>\n\n\n\n<p><a id=\"sonaar_ts-6927ce99310a4\" class=\"srmp3_sonaar_ts_shortcode\"  style=\"\" href=\"javascript:sonaar_ts_shortcode({ trackid:'0', time:'00:15:59', ts_id:'6927ce99310a4', play_icon:'' }) ;\">[00:15:59]<\/a> Ensuite, c&#8217;est la plan\u00e8te qui a les caract\u00e9ristiques les plus proches de celles de la Terre. Et il faut savoir que dans le pass\u00e9, l&#8217;eau a coul\u00e9 \u00e0 la surface de Mars et qu&#8217;aujourd&#8217;hui elle existe toujours, elle est toujours pr\u00e9sente sous forme de glace \u00e0 certains endroits. Et puis, les scientifiques pensent que les principaux \u00e9l\u00e9ments chimiques n\u00e9cessaires \u00e0 l&#8217;installation d&#8217;une colonie humaine sont pr\u00e9sents sur la plan\u00e8te rouge : l&#8217;oxyg\u00e8ne, l&#8217;azote, l&#8217;hydrog\u00e8ne, le carbone etc. Ils sont pr\u00e9sents soit dans l&#8217;atmosph\u00e8re, soit directement dans le sol de la plan\u00e8te. Donc tout \u00e7a, \u00e7a nous laisse penser qu&#8217;il y a une probabilit\u00e9 assez \u00e9lev\u00e9e de d\u00e9couvrir des formes de vie pr\u00e9sentes ou pass\u00e9es sur Mars. M\u00eame si pour le moment, on n&#8217;a pas encore r\u00e9ussi \u00e0 le faire.<\/p>\n\n\n\n<p><a id=\"sonaar_ts-6927ce99310a9\" class=\"srmp3_sonaar_ts_shortcode\"  style=\"\" href=\"javascript:sonaar_ts_shortcode({ trackid:'0', time:'00:16:59', ts_id:'6927ce99310a9', play_icon:'' }) ;\">[00:16:59]<\/a> Si on a toutes ces informations sur Mars, c&#8217;est parce qu&#8217;on y a d\u00e9j\u00e0 envoy\u00e9 de nombreuses sondes, comme je vous l&#8217;ai d\u00e9j\u00e0 dit, des robots qui sont pilot\u00e9s depuis la Terre et qui permettent d&#8217;analyser la composition du sol, la composition de l&#8217;air etc. Mais pour en savoir plus, pour aller plus loin, on a besoin d&#8217;envoyer des humains qui pourront faire des recherches et des analyses sur place. Une telle mission, elle aurait plusieurs objectifs.<\/p>\n\n\n\n<p><a id=\"sonaar_ts-6927ce99310ae\" class=\"srmp3_sonaar_ts_shortcode\"  style=\"\" href=\"javascript:sonaar_ts_shortcode({ trackid:'0', time:'00:17:33', ts_id:'6927ce99310ae', play_icon:'' }) ;\">[00:17:33]<\/a> D&#8217;abord, bien \u00e9videmment, des objectifs scientifiques dont le premier est de savoir une bonne fois pour toutes s&#8217;il existe une forme de vie sur Mars ou non. Ou alors, s&#8217;il a exist\u00e9 dans le pass\u00e9 une forme de vie sur Mars. Ensuite, cette mission, elle permettrait de faire une \u00e9tude g\u00e9ologique pour mieux conna\u00eetre la gen\u00e8se de Mars, comprendre l&#8217;\u00e9volution de son climat. Et \u00e7a, ce qui est int\u00e9ressant, c&#8217;est que \u00e7a nous permettrait en retour d&#8217;avoir une meilleure connaissance de la Terre. En sachant ce qui s&#8217;est pass\u00e9 sur Mars, \u00e7a nous donnerait beaucoup plus d&#8217;informations pour mieux comprendre l&#8217;histoire de notre propre plan\u00e8te.<\/p>\n\n\n\n<p><a id=\"sonaar_ts-6927ce99310b2\" class=\"srmp3_sonaar_ts_shortcode\"  style=\"\" href=\"javascript:sonaar_ts_shortcode({ trackid:'0', time:'00:18:23', ts_id:'6927ce99310b2', play_icon:'' }) ;\">[00:18:23]<\/a> Et cette \u00e9tude g\u00e9ologique, elle est d\u00e9j\u00e0 possible gr\u00e2ce \u00e0 la sonde InSight parce que cette sonde est \u00e9quip\u00e9e d&#8217;un sismom\u00e8tre fran\u00e7ais. Bravo aux Fran\u00e7ais, on a contribu\u00e9 \u00e0 ce projet ! Et ce sismom\u00e8tre, il peut \u00e9couter la plan\u00e8te Mars pour mieux comprendre ce qui s&#8217;y passe.<\/p>\n\n\n\n<p><a id=\"sonaar_ts-6927ce99310b7\" class=\"srmp3_sonaar_ts_shortcode\"  style=\"\" href=\"javascript:sonaar_ts_shortcode({ trackid:'0', time:'00:18:45', ts_id:'6927ce99310b7', play_icon:'' }) ;\">[00:18:45]<\/a> Mais d&#8217;un autre c\u00f4t\u00e9, la conqu\u00eate spatiale, elle est pas toujours motiv\u00e9e par des objectifs scientifiques. Par exemple, le programme Apollo avait \u00e9t\u00e9 cr\u00e9\u00e9 en grande partie pour combattre l&#8217;Union sovi\u00e9tique parce que, \u00e0 l&#8217;\u00e9poque de la guerre froide, l&#8217;Union sovi\u00e9tique avait pris de l&#8217;avance dans la conqu\u00eate spatiale. Et cette conqu\u00eate spatiale, c&#8217;\u00e9tait un peu le symbole de la r\u00e9ussite du mod\u00e8le sovi\u00e9tique. Donc pour montrer, au contraire, la r\u00e9ussite du mod\u00e8le am\u00e9ricain, on avait lanc\u00e9 le programme Apollo. Aujourd&#8217;hui, il n&#8217;y a plus de guerre froide (en tout cas, pas officiellement) mais un projet comme la conqu\u00eate de Mars, \u00e7a pourrait permettre d&#8217;unifier les nations derri\u00e8re un objectif commun. Donc \u00e7a, \u00e7a pourrait \u00eatre quelque chose d&#8217;assez positif.<\/p>\n\n\n\n<p><a id=\"sonaar_ts-6927ce99310bb\" class=\"srmp3_sonaar_ts_shortcode\"  style=\"\" href=\"javascript:sonaar_ts_shortcode({ trackid:'0', time:'00:19:43', ts_id:'6927ce99310bb', play_icon:'' }) ;\">[00:19:43]<\/a> \u00c7a permettrait \u00e9galement d&#8217;avoir des avanc\u00e9es technologiques. \u00c9videmment, quand on d\u00e9veloppe toutes ces technologies pour l&#8217;a\u00e9rospatiale, apr\u00e8s elles se retrouvent d&#8217;une fa\u00e7on ou d&#8217;une autre utilis\u00e9es par les entreprises pour un usage commercial. \u00c7a, \u00e7a permettrait donc d&#8217;avoir de nouveaux business, de booster la croissance etc.<\/p>\n\n\n\n<p><a id=\"sonaar_ts-6927ce99310c0\" class=\"srmp3_sonaar_ts_shortcode\"  style=\"\" href=\"javascript:sonaar_ts_shortcode({ trackid:'0', time:'00:20:10', ts_id:'6927ce99310c0', play_icon:'' }) ;\">[00:20:10]<\/a> Et puis, certaines personnes, comme l&#8217;entrepreneur Elon Musk, pensent qu&#8217;on a besoin de sauver l&#8217;humanit\u00e9 en cas de troisi\u00e8me guerre mondiale. Il pense qu&#8217;une troisi\u00e8me guerre mondiale est tr\u00e8s probable et que, pour \u00e9viter l&#8217;extinction de l&#8217;esp\u00e8ce humaine, il faudrait commencer \u00e0 cr\u00e9er des colonies sur d&#8217;autres plan\u00e8tes et en particulier, sur Mars.<\/p>\n\n\n\n<p><a id=\"sonaar_ts-6927ce99310c4\" class=\"srmp3_sonaar_ts_shortcode\"  style=\"\" href=\"javascript:sonaar_ts_shortcode({ trackid:'0', time:'00:20:42', ts_id:'6927ce99310c4', play_icon:'' }) ;\">[00:20:42]<\/a> Alors, toutes ces promesses qui sont li\u00e9es \u00e0 la conqu\u00eate de Mars, \u00e9videmment elles font r\u00eaver de nombreux scientifiques, de nombreux chercheurs. Mais malheureusement, il y a beaucoup d&#8217;obstacles sur la route.<\/p>\n\n\n\n<p><a id=\"sonaar_ts-6927ce99310cc\" class=\"srmp3_sonaar_ts_shortcode\"  style=\"\" href=\"javascript:sonaar_ts_shortcode({ trackid:'0', time:'00:20:58', ts_id:'6927ce99310cc', play_icon:'' }) ;\">[00:20:58]<\/a> Par exemple, on n&#8217;a pas envoy\u00e9 d&#8217;hommes sur une autre plan\u00e8te depuis la mission Apollo. Donc les avanc\u00e9es technologiques sont assez limit\u00e9es depuis les ann\u00e9es 60, \u00e0 part dans l&#8217;\u00e9lectronique. Par exemple, les moteurs qui sont utilis\u00e9s, les moteurs \u00e0 propulsion pour les vaisseaux, c&#8217;est les m\u00eames que ceux qui ont \u00e9t\u00e9 invent\u00e9s dans les ann\u00e9es 60. Depuis les ann\u00e9es 60, il y a pas vraiment eu de progr\u00e8s technique en ce qui concerne les moteurs.<\/p>\n\n\n\n<p><a id=\"sonaar_ts-6927ce99310d1\" class=\"srmp3_sonaar_ts_shortcode\"  style=\"\" href=\"javascript:sonaar_ts_shortcode({ trackid:'0', time:'00:21:32', ts_id:'6927ce99310d1', play_icon:'' }) ;\">[00:21:32]<\/a> Et aujourd&#8217;hui, s&#8217;il est difficile de trouver des moyens financiers pour permettre ce genre de projet, c&#8217;est tout simplement parce qu&#8217;ils sont tr\u00e8s risqu\u00e9s et qu&#8217;ils ont une probabilit\u00e9 importante d&#8217;\u00e9chec.<\/p>\n\n\n\n<p><a id=\"sonaar_ts-6927ce99310d5\" class=\"srmp3_sonaar_ts_shortcode\"  style=\"\" href=\"javascript:sonaar_ts_shortcode({ trackid:'0', time:'00:21:46', ts_id:'6927ce99310d5', play_icon:'' }) ;\">[00:21:46]<\/a> D&#8217;abord, \u00e0 cause du voyage. En g\u00e9n\u00e9ral, quand on pense aux vaisseaux spatiaux, enfin je sais pas si vous c&#8217;est comme moi mais moi, dans ma t\u00eate, je visualise quelque chose un peu \u00e0 la Star Wars avec des vaisseaux qui ont des gros r\u00e9acteurs et qui voyagent \u00e0 toute vitesse.<\/p>\n\n\n\n<p><a id=\"sonaar_ts-6927ce99310da\" class=\"srmp3_sonaar_ts_shortcode\"  style=\"\" href=\"javascript:sonaar_ts_shortcode({ trackid:'0', time:'00:22:13', ts_id:'6927ce99310da', play_icon:'' }) ;\">[00:22:13]<\/a> Mais, en r\u00e9alit\u00e9, dans le cadre de ces missions, les r\u00e9acteurs sont utilis\u00e9s simplement pour le d\u00e9collage et ensuite pour freiner \u00e0 l&#8217;atterrissage, pour \u00e9viter que le vaisseau arrive trop rapidement sur la plan\u00e8te et qu&#8217;il s&#8217;\u00e9crase. Mais pendant la majorit\u00e9 du voyage, le vaisseau n&#8217;utilise pas ses r\u00e9acteurs. Il utilise l&#8217;inertie. Donc pour \u00e7a, il faut trouver la meilleure trajectoire, la trajectoire qui n\u00e9cessite le moins de carburant (car le carburant utilis\u00e9 pour les r\u00e9acteurs est tr\u00e8s lourd et chaque kilo suppl\u00e9mentaire qu&#8217;on envoie dans l&#8217;espace, \u00e7a peut co\u00fbter des millions de dollars). Et pour avoir cette trajectoire optimale qui permet d&#8217;utiliser l&#8217;inertie, il faut que la Terre et Mars soient \u00e0 la bonne position. Et la meilleure configuration qui permet cette trajectoire, elle n&#8217;appara\u00eet qu&#8217;une fois tous les deux ans. \u00c7a veut dire qu&#8217;on ne peut pas organiser ce voyage \u00e0 n&#8217;importe quel moment. Il faut attendre cette date optimale pour que le vaisseau puisse adopter la meilleure trajectoire.<\/p>\n\n\n\n<p><a id=\"sonaar_ts-6927ce99310df\" class=\"srmp3_sonaar_ts_shortcode\"  style=\"\" href=\"javascript:sonaar_ts_shortcode({ trackid:'0', time:'00:23:33', ts_id:'6927ce99310df', play_icon:'' }) ;\">[00:23:33]<\/a> Et puis ce voyage est tr\u00e8s long. L&#8217;aller dure entre six et huit mois et un peu plus pour le retour. Et pour permettre aux astronautes de rentrer sur Terre, il est n\u00e9cessaire de construire une rampe de lancement pour pouvoir faire d\u00e9coller le vaisseau spatial. Donc vous imaginez bien que c&#8217;est quelque chose d&#8217;assez compliqu\u00e9 \u00e0 mettre en place. Et puis, il faut savoir que ce voyage, en plus d&#8217;\u00eatre tr\u00e8s long, il est assez dangereux pour les astronautes pour leur sant\u00e9. Parce que, \u00e0 cause de l&#8217;absence de gravit\u00e9 prolong\u00e9e, \u00e7a peut provoquer une atrophie des os et des muscles.<\/p>\n\n\n\n<p><a id=\"sonaar_ts-6927ce99310e3\" class=\"srmp3_sonaar_ts_shortcode\"  style=\"\" href=\"javascript:sonaar_ts_shortcode({ trackid:'0', time:'00:24:17', ts_id:'6927ce99310e3', play_icon:'' }) ;\">[00:24:17]<\/a> Si les astronautes survivent au voyage et s&#8217;ils arrivent sains et saufs sur Mars, ensuite ils vont avoir du pain sur la planche. Autrement dit, ils vont avoir beaucoup de travail \u00e0 faire.<\/p>\n\n\n\n<p><a id=\"sonaar_ts-6927ce99310ec\" class=\"srmp3_sonaar_ts_shortcode\"  style=\"\" href=\"javascript:sonaar_ts_shortcode({ trackid:'0', time:'00:24:31', ts_id:'6927ce99310ec', play_icon:'' }) ;\">[00:24:31]<\/a> Pour commencer, ils vont devoir construire la base dans laquelle ils vont vivre. Pour \u00e7a, il y a plusieurs projets qui sont actuellement \u00e9tudi\u00e9s par la NASA, notamment des bases faites gr\u00e2ce \u00e0 des imprimantes 3D avec des mat\u00e9riaux qui seraient collect\u00e9s sur Mars. \u00c7a, c&#8217;est assez int\u00e9ressant parce que \u00e7a permettrait de r\u00e9duire le poids de l&#8217;\u00e9quipement qui doit \u00eatre envoy\u00e9 sur Mars.<\/p>\n\n\n\n<p><a id=\"sonaar_ts-6927ce99310f1\" class=\"srmp3_sonaar_ts_shortcode\"  style=\"\" href=\"javascript:sonaar_ts_shortcode({ trackid:'0', time:'00:24:59', ts_id:'6927ce99310f1', play_icon:'' }) ;\">[00:24:59]<\/a> Ensuite, une fois que la base est construite, il faut assurer la survie de l&#8217;\u00e9quipage. Le besoin num\u00e9ro un, c&#8217;est d&#8217;avoir assez d&#8217;\u00e9nergie pour que la base fonctionne. Et moi, je pensais qu&#8217;ils allaient utiliser l&#8217;\u00e9nergie solaire mais apparemment non, parce que \u00e7a n\u00e9cessiterait d&#8217;installer trop de panneaux, ce serait trop difficile. Donc le projet qui est \u00e9tudi\u00e9 en ce moment, c&#8217;est une mini centrale nucl\u00e9aire qui ferait la taille d&#8217;une poubelle. C&#8217;est vraiment incroyable ! Je pensais pas qu&#8217;il \u00e9tait possible de miniaturiser une centrale nucl\u00e9aire mais apparemment, c&#8217;est l&#8217;option que privil\u00e9gie la NASA pour le moment.<\/p>\n\n\n\n<p><a id=\"sonaar_ts-6927ce99310f7\" class=\"srmp3_sonaar_ts_shortcode\"  style=\"\" href=\"javascript:sonaar_ts_shortcode({ trackid:'0', time:'00:25:43', ts_id:'6927ce99310f7', play_icon:'' }) ;\">[00:25:43]<\/a> Ensuite, il faut aussi que les astronautes se prot\u00e8gent de la temp\u00e9rature parce que la temp\u00e9rature de la surface de Mars peut descendre jusqu&#8217;\u00e0 -143 degr\u00e9s. Il peut faire vraiment tr\u00e8s froid. Et il faut \u00e9galement qu&#8217;ils se prot\u00e8gent des rayonnements cosmiques car l&#8217;atmosph\u00e8re de Mars est trop fine, elle ne permet pas de bien filtrer ces rayonnements cosmiques, et ils sont canc\u00e9rig\u00e8nes, ils peuvent provoquer des risques de cancer. Une option pour pouvoir se prot\u00e9ger de la temp\u00e9rature et de ces rayonnements cosmiques, c&#8217;est de mettre les bases sous terre, d&#8217;enterrer les bases. Comme \u00e7a, \u00e7a permettrait de se prot\u00e9ger de ces rayons et de la temp\u00e9rature.<\/p>\n\n\n\n<p><a id=\"sonaar_ts-6927ce99310fc\" class=\"srmp3_sonaar_ts_shortcode\"  style=\"\" href=\"javascript:sonaar_ts_shortcode({ trackid:'0', time:'00:26:38', ts_id:'6927ce99310fc', play_icon:'' }) ;\">[00:26:38]<\/a> Et puis bien s\u00fbr, les astronautes vont avoir besoin de pouvoir respirer et \u00e7a va \u00eatre assez compliqu\u00e9 sur Mars parce que la quantit\u00e9 d&#8217;oxyg\u00e8ne est tr\u00e8s faible, alors qu&#8217;au contraire, celle du dioxyde de carbone est tr\u00e8s \u00e9lev\u00e9e. Donc pour \u00e7a, la NASA a trouv\u00e9 une option qui est de cr\u00e9er une machine qui transforme le CO2 en O2. Comme \u00e7a, \u00e7a permettrait d&#8217;avoir assez d&#8217;oxyg\u00e8ne pour l&#8217;\u00e9quipage mais aussi pour faire pousser des l\u00e9gumes pour pouvoir manger. Car apparemment, on estime qu&#8217;il serait possible de faire pousser des pommes de terre sur Mars. Donc \u00e7a permettrait de nourrir l&#8217;\u00e9quipage.<\/p>\n\n\n\n<p><a id=\"sonaar_ts-6927ce9931101\" class=\"srmp3_sonaar_ts_shortcode\"  style=\"\" href=\"javascript:sonaar_ts_shortcode({ trackid:'0', time:'00:27:23', ts_id:'6927ce9931101', play_icon:'' }) ;\">[00:27:23]<\/a> Ensuite, en ce qui concerne l&#8217;eau, je vous ai dit qu&#8217;elle est pr\u00e9sente sur Mars mais sous forme de glace. \u00c7a veut dire qu&#8217;il faudrait la faire fondre et la purifier pour que les astronautes puissent la boire et l&#8217;utiliser pour tous leurs besoins. \u00c9videmment, comme c&#8217;est assez compliqu\u00e9 \u00e0 faire, les astronautes ne vont pas prendre de douche tous les jours. Ils ont fait une simulation il y a quelques mois \u00e0 Hawa\u00ef, ils ont envoy\u00e9 une \u00e9quipe pour s&#8217;entra\u00eener \u00e0 vivre dans des conditions similaires \u00e0 celles de Mars. Et dans cette simulation, ils avaient le droit de prendre deux douches de 30 secondes par semaine. Donc l&#8217;hygi\u00e8ne personnelle, \u00e7a va pas \u00eatre la priorit\u00e9 pour l&#8217;\u00e9quipage.<\/p>\n\n\n\n<p><a id=\"sonaar_ts-6927ce993110b\" class=\"srmp3_sonaar_ts_shortcode\"  style=\"\" href=\"javascript:sonaar_ts_shortcode({ trackid:'0', time:'00:28:13', ts_id:'6927ce993110b', play_icon:'' }) ;\">[00:28:13]<\/a> Et la derni\u00e8re difficult\u00e9 mat\u00e9rielle de la vie sur Mars, c&#8217;est la dur\u00e9e du s\u00e9jour. Parce que, comme je vous l&#8217;ai dit, il faut attendre la meilleure configuration pour que le vaisseau puisse repartir sur Terre. Et \u00e7a, avec le sc\u00e9nario actuel, \u00e7a signifie que l&#8217;\u00e9quipage devra rester 550 jours sur la plan\u00e8te Mars. Donc \u00e7a fait plus d&#8217;un an et demi \u00e0 passer \u00e0 vivre sur la plan\u00e8te rouge. Et \u00e7a, \u00e9videmment, \u00e7a va \u00eatre un vrai d\u00e9fi pour tout l&#8217;\u00e9quipage.<\/p>\n\n\n\n<p><a id=\"sonaar_ts-6927ce9931110\" class=\"srmp3_sonaar_ts_shortcode\"  style=\"\" href=\"javascript:sonaar_ts_shortcode({ trackid:'0', time:'00:28:56', ts_id:'6927ce9931110', play_icon:'' }) ;\">[00:28:56]<\/a> Malgr\u00e9 tous ces obstacles, il existe aujourd&#8217;hui des projets s\u00e9rieux qui envisagent la conqu\u00eate de Mars.<\/p>\n\n\n\n<p><a id=\"sonaar_ts-6927ce9931115\" class=\"srmp3_sonaar_ts_shortcode\"  style=\"\" href=\"javascript:sonaar_ts_shortcode({ trackid:'0', time:'00:29:04', ts_id:'6927ce9931115', play_icon:'' }) ;\">[00:29:04]<\/a> Le principal, c&#8217;est bien \u00e9videmment celui de la NASA, l&#8217;agence spatiale am\u00e9ricaine, qui pr\u00e9voit d&#8217;envoyer la premi\u00e8re mission humaine entre 2034 et 2039. Le probl\u00e8me principal \u00e0 l&#8217;heure actuelle, c&#8217;est bien \u00e9videmment le co\u00fbt de cette mission qui est estim\u00e9 \u00e0 plusieurs centaines de milliards de dollars. Donc m\u00eame pour les Etats-Unis, c&#8217;est assez difficile de financer ce genre de projets. Et pour pr\u00e9parer cette mission, la NASA envisage d&#8217;envoyer \u00e0 nouveau des hommes sur la Lune et \u00e9galement sur d&#8217;autres ast\u00e9ro\u00efdes pour pouvoir bien se pr\u00e9parer, tester le mat\u00e9riel, etc.<\/p>\n\n\n\n<p><a id=\"sonaar_ts-6927ce9931122\" class=\"srmp3_sonaar_ts_shortcode\"  style=\"\" href=\"javascript:sonaar_ts_shortcode({ trackid:'0', time:'00:29:49', ts_id:'6927ce9931122', play_icon:'' }) ;\">[00:29:49]<\/a> Mais il y a \u00e9galement une entreprise priv\u00e9e qui est tr\u00e8s int\u00e9ress\u00e9e par la conqu\u00eate de Mars, c&#8217;est l&#8217;entreprise SpaceX de l&#8217;entrepreneur Elon Musk dont j&#8217;ai d\u00e9j\u00e0 parl\u00e9. Et ils sont un peu plus ambitieux que la NASA parce qu&#8217;ils envisagent d&#8217;envoyer une mission avec des humains sur Mars d\u00e8s 2024, autrement dit, dix ans plus t\u00f4t que la mission de la NASA. C&#8217;est vraiment ambitieux. Les observateurs ne savent pas vraiment s&#8217;il faut prendre \u00e7a au s\u00e9rieux ou si c&#8217;est du bluff. Et vous savez peut-\u00eatre qu&#8217;Elon Musk est aussi le directeur de l&#8217;entreprise Tesla. Donc personnellement, je pense qu&#8217;il devrait commencer par r\u00e9gler les probl\u00e8mes d&#8217;auto pilote sur ses voitures avant d&#8217;essayer d&#8217;envoyer des gens sur Mars.<\/p>\n\n\n\n<p><a id=\"sonaar_ts-6927ce9931129\" class=\"srmp3_sonaar_ts_shortcode\"  style=\"\" href=\"javascript:sonaar_ts_shortcode({ trackid:'0', time:'00:30:48', ts_id:'6927ce9931129', play_icon:'' }) ;\">[00:30:48]<\/a> Pour conclure, je pense qu&#8217;on va beaucoup continuer de parler de la conqu\u00eate de Mars dans les prochaines ann\u00e9es. Mais il y a d\u00e9j\u00e0 certains observateurs qui se demandent pourquoi pas essayer de r\u00e9gler les probl\u00e8mes sur Terre avant d&#8217;aller coloniser d&#8217;autres plan\u00e8tes. C&#8217;est vrai qu&#8217;on a d\u00e9j\u00e0 fait tellement de d\u00e9g\u00e2ts ici sur notre environnement qu&#8217;on pourrait se demander : est-ce qu&#8217;il faut envoyer l&#8217;homme, ce parasite, pour d\u00e9truire d&#8217;autres plan\u00e8tes ? Bon enfin \u00e7a, c&#8217;est un peu mon avis personnel, comme vous pouvez le deviner.<\/p>\n\n\n\n<p><a id=\"sonaar_ts-6927ce9931133\" class=\"srmp3_sonaar_ts_shortcode\"  style=\"\" href=\"javascript:sonaar_ts_shortcode({ trackid:'0', time:'00:31:25', ts_id:'6927ce9931133', play_icon:'' }) ;\">[00:31:25]<\/a> Mais \u00e9videmment, je pense que c&#8217;est important d&#8217;avoir ce genre de projet pour f\u00e9d\u00e9rer les hommes, pour faire r\u00eaver l&#8217;humanit\u00e9. Simplement, \u00e0 mon avis, c&#8217;est un peu paradoxal de d\u00e9penser autant d&#8217;argent dans ce type de mission alors qu&#8217;il y a toujours des personnes qui meurent de faim sur Terre et qu&#8217;on pourrait essayer de se concentrer d&#8217;abord sur la r\u00e9solution de ce probl\u00e8me.<\/p>\n\n\n\n<p><a id=\"sonaar_ts-6927ce993113f\" class=\"srmp3_sonaar_ts_shortcode\"  style=\"\" href=\"javascript:sonaar_ts_shortcode({ trackid:'0', time:'00:31:56', ts_id:'6927ce993113f', play_icon:'' }) ;\">[00:31:56]<\/a> C&#8217;est tout pour aujourd&#8217;hui. J&#8217;esp\u00e8re que cet \u00e9pisode vous a plu. Comme d&#8217;habitude, si vous voulez m&#8217;aider, je vous invite \u00e0 laisser une \u00e9valuation, que ce soit sur iTunes ou sur Facebook. \u00c7a me fera tr\u00e8s plaisir et \u00e7a me permettra de promouvoir le podcast, de le faire d\u00e9couvrir \u00e0 d&#8217;autres personnes. Si vous avez des suggestions ou des questions, n&#8217;h\u00e9sitez pas \u00e0 m&#8217;envoyer un email. Et sinon, on se retrouve dans deux semaines pour un nouvel \u00e9pisode. \u00c0 bient\u00f4t !<\/p>\n","protected":false},"excerpt":{"rendered":"<p>Salut \u00e0 tous, j&#8217;esp\u00e8re que vous allez bien. Je suis tr\u00e8s content de vous retrouver pour ce nouvel \u00e9pisode ! Ici \u00e0 Varsovie, il fait assez froid. Et l\u00e0 si je regarde par la fen\u00eatre, je vois la neige tomber. On a eu pas mal de neige cet hiver. \u00c0 vrai dire, j&#8217;avais jamais vu&#8230;<\/p>\n","protected":false},"author":1,"featured_media":289659,"comment_status":"open","ping_status":"open","sticky":false,"template":"","format":[189],"meta":{"_acf_changed":false,"_kad_blocks_custom_css":"","_kad_blocks_head_custom_js":"","_kad_blocks_body_custom_js":"","_kad_blocks_footer_custom_js":"","_kad_post_transparent":"","_kad_post_title":"","_kad_post_layout":"","_kad_post_sidebar_id":"","_kad_post_content_style":"","_kad_post_vertical_padding":"","_kad_post_feature":"","_kad_post_feature_position":"","_kad_post_header":false,"_kad_post_footer":false,"_kad_post_classname":"","footnotes":""},"categories":[168],"tags":[171],"class_list":["post-1056","post","type-post","status-publish","format-standard","has-post-thumbnail","hentry","category-podcast","tag-sciences-technologie","format-solo-hugo"],"acf":[],"taxonomy_info":{"category":[{"value":168,"label":"Podcast"}],"post_tag":[{"value":171,"label":"Sciences &amp; technologies"}],"format":[{"value":189,"label":"Solo Hugo"}]},"featured_image_src_large":["https:\/\/innerfrench.com\/wp-content\/uploads\/2024\/01\/59-Mars-750x406.jpg",750,406,true],"author_info":{"display_name":"Hugo","author_link":"https:\/\/innerfrench.com\/author\/innerfrench-2-2-2-2-2-2-2-2-2-2-2-2-2-2-2-2-2-2-2\/"},"comment_info":7,"category_info":[{"term_id":168,"name":"Podcast","slug":"podcast","term_group":0,"term_taxonomy_id":168,"taxonomy":"category","description":"","parent":0,"count":185,"filter":"raw","cat_ID":168,"category_count":185,"category_description":"","cat_name":"Podcast","category_nicename":"podcast","category_parent":0}],"tag_info":[{"term_id":171,"name":"Sciences &amp; technologies","slug":"sciences-technologie","term_group":0,"term_taxonomy_id":171,"taxonomy":"post_tag","description":"","parent":0,"count":17,"filter":"raw"}],"_links":{"self":[{"href":"https:\/\/innerfrench.com\/wp-json\/wp\/v2\/posts\/1056","targetHints":{"allow":["GET"]}}],"collection":[{"href":"https:\/\/innerfrench.com\/wp-json\/wp\/v2\/posts"}],"about":[{"href":"https:\/\/innerfrench.com\/wp-json\/wp\/v2\/types\/post"}],"author":[{"embeddable":true,"href":"https:\/\/innerfrench.com\/wp-json\/wp\/v2\/users\/1"}],"replies":[{"embeddable":true,"href":"https:\/\/innerfrench.com\/wp-json\/wp\/v2\/comments?post=1056"}],"version-history":[{"count":1,"href":"https:\/\/innerfrench.com\/wp-json\/wp\/v2\/posts\/1056\/revisions"}],"predecessor-version":[{"id":294225,"href":"https:\/\/innerfrench.com\/wp-json\/wp\/v2\/posts\/1056\/revisions\/294225"}],"wp:featuredmedia":[{"embeddable":true,"href":"https:\/\/innerfrench.com\/wp-json\/wp\/v2\/media\/289659"}],"wp:attachment":[{"href":"https:\/\/innerfrench.com\/wp-json\/wp\/v2\/media?parent=1056"}],"wp:term":[{"taxonomy":"category","embeddable":true,"href":"https:\/\/innerfrench.com\/wp-json\/wp\/v2\/categories?post=1056"},{"taxonomy":"post_tag","embeddable":true,"href":"https:\/\/innerfrench.com\/wp-json\/wp\/v2\/tags?post=1056"},{"taxonomy":"format","embeddable":true,"href":"https:\/\/innerfrench.com\/wp-json\/wp\/v2\/format?post=1056"}],"curies":[{"name":"wp","href":"https:\/\/api.w.org\/{rel}","templated":true}]}}