{"id":1063,"date":"2019-02-14T14:41:00","date_gmt":"2019-02-14T13:41:00","guid":{"rendered":"https:\/\/innerfrench.com\/?p=1063"},"modified":"2025-10-01T12:10:48","modified_gmt":"2025-10-01T10:10:48","slug":"60-adorer-oeuvre-detester-auteur","status":"publish","type":"post","link":"https:\/\/innerfrench.com\/60-adorer-oeuvre-detester-auteur\/","title":{"rendered":"#60 Peut-on adorer une \u0153uvre et d\u00e9tester son auteur ?"},"content":{"rendered":"\n<p>Salut \u00e0 tous et bienvenue pour ce 60\u00e8me \u00e9pisode ! J&#8217;esp\u00e8re que vous allez bien. Moi \u00e7a va, j&#8217;ai \u00e9t\u00e9 un peu malade ces derniers jours mais je me suis soign\u00e9. Donc maintenant \u00e7a va mieux et je suis content parce que je peux enregistrer ce nouvel \u00e9pisode dans les temps pour vous. Normalement si tout va bien, je serai capable de le publier jeudi comme d&#8217;habitude.<\/p>\n\n\n\n<p><a id=\"sonaar_ts-6927d374eed37\" class=\"srmp3_sonaar_ts_shortcode\"  style=\"\" href=\"javascript:sonaar_ts_shortcode({ trackid:'0', time:'00:00:38', ts_id:'6927d374eed37', play_icon:'' }) ;\">[00:00:38]<\/a> Avant de commencer, je voudrais dire quelques mots pour remercier toutes les personnes qui ont rejoint le programme Build a Strong Core pendant la deuxi\u00e8me phase d&#8217;inscription. Donc vous savez peut-\u00eatre que j&#8217;ai r\u00e9ouvert les inscriptions du programme \u00e0 la fin du mois de janvier et il y a eu encore plus d&#8217;inscrits que pendant la premi\u00e8re phase. Donc \u00e7a me fait vraiment tr\u00e8s plaisir ! Je suis tr\u00e8s content de vous avoir avec moi et de pouvoir vous aider \u00e0 progresser avec ce programme.<\/p>\n\n\n\n<p><a id=\"sonaar_ts-6927d374eed4b\" class=\"srmp3_sonaar_ts_shortcode\"  style=\"\" href=\"javascript:sonaar_ts_shortcode({ trackid:'0', time:'00:01:11', ts_id:'6927d374eed4b', play_icon:'' }) ;\">[00:01:11]<\/a> Pour ceux et celles qui n&#8217;ont pas eu le temps de le rejoindre ou qui n&#8217;en avaient pas envie, il y aura une nouvelle phase d&#8217;inscription au mois de juin donc vous pourrez le faire \u00e0 ce moment-l\u00e0.<\/p>\n\n\n\n<p><a id=\"sonaar_ts-6927d374eed56\" class=\"srmp3_sonaar_ts_shortcode\"  style=\"\" href=\"javascript:sonaar_ts_shortcode({ trackid:'0', time:'00:01:23', ts_id:'6927d374eed56', play_icon:'' }) ;\">[00:01:23]<\/a> Je profite aussi de cette introduction pour vous rappeler que ma bonne r\u00e9solution cette ann\u00e9e, c&#8217;\u00e9tait de publier une vid\u00e9o sur YouTube chaque semaine. Et pour le moment, \u00e7a marche plut\u00f4t pas mal. J&#8217;arrive \u00e0 tenir cette bonne r\u00e9solution. Donc si vous n&#8217;avez pas eu encore le temps de jeter un coup d&#8217;oeil \u00e0 ces vid\u00e9os, je vous encourage \u00e0 aller sur la cha\u00eene innerFrench sur YouTube.<\/p>\n\n\n\n<p><a id=\"sonaar_ts-6927d374eed5e\" class=\"srmp3_sonaar_ts_shortcode\"  style=\"\" href=\"javascript:sonaar_ts_shortcode({ trackid:'0', time:'00:01:49', ts_id:'6927d374eed5e', play_icon:'' }) ;\">[00:01:49]<\/a> Dans ces vid\u00e9os, j&#8217;essaye de traiter des sujets un peu diff\u00e9rents de ceux dont je parle dans le podcast, des sujets qui sont un peu plus concrets. R\u00e9cemment, j&#8217;ai fait une vid\u00e9o pour vous montrer comment vous pouvez inviter un ami fran\u00e7ais en utilisant des expressions qui sont un peu plus naturelles que celles que vous pouvez trouver dans les livres de fran\u00e7ais traditionnels. Donc voil\u00e0, je vous encourage vraiment \u00e0 aller y jeter un coup d&#8217;oeil. Je pense que si vous avez pas encore vu ces vid\u00e9os, vous pourrez peut-\u00eatre apprendre des choses int\u00e9ressantes.<\/p>\n\n\n\n<p><a id=\"sonaar_ts-6927d374eed66\" class=\"srmp3_sonaar_ts_shortcode\"  style=\"\" href=\"javascript:sonaar_ts_shortcode({ trackid:'0', time:'00:02:26', ts_id:'6927d374eed66', play_icon:'' }) ;\">[00:02:26]<\/a> Et puis, comme d&#8217;habitude, je voudrais vous remercier pour tous les messages, tous les t\u00e9moignages et les recommandations sur Facebook que vous m&#8217;avez laiss\u00e9s. Il y en a de plus en plus donc \u00e7a me fait vraiment tr\u00e8s plaisir ! Et d&#8217;ailleurs, \u00e0 la fin de cet \u00e9pisode, on va \u00e9couter un enregistrement d&#8217;un des auditeurs que j&#8217;ai re\u00e7u il y a quelques semaines. D&#8217;ailleurs, cet auditeur me pose une question dans son enregistrement : il me demande d&#8217;o\u00f9 vient mon int\u00e9r\u00eat pour les langues, pourquoi je m&#8217;int\u00e9resse aux langues \u00e9trang\u00e8res. Si vous aussi, vous avez envie de conna\u00eetre cette r\u00e9ponse, restez jusqu&#8217;au bout, \u00e9coutez l&#8217;\u00e9pisode jusqu&#8217;\u00e0 la fin et vous le saurez.<\/p>\n\n\n\n<p><a id=\"sonaar_ts-6927d374eed6c\" class=\"srmp3_sonaar_ts_shortcode\"  style=\"\" href=\"javascript:sonaar_ts_shortcode({ trackid:'0', time:'00:03:14', ts_id:'6927d374eed6c', play_icon:'' }) ;\">[00:03:14]<\/a> Il y a un peu plus d&#8217;un an maintenant, un c\u00e9l\u00e8bre acteur am\u00e9ricain que j&#8217;adore a \u00e9t\u00e9 accus\u00e9 d&#8217;avoir agress\u00e9 sexuellement un jeune acteur de 14 ans. Donc vous savez certainement que cet acteur, c&#8217;est Kevin Spacey. \u00c7a, \u00e7a s&#8217;est pass\u00e9 dans un contexte assez particulier, celui du mouvement #metoo. Si vous n&#8217;avez pas v\u00e9cu dans une caverne ces deux derni\u00e8res ann\u00e9es, vous connaissez tr\u00e8s certainement ce mouvement.<\/p>\n\n\n\n<p><a id=\"sonaar_ts-6927d374eed71\" class=\"srmp3_sonaar_ts_shortcode\"  style=\"\" href=\"javascript:sonaar_ts_shortcode({ trackid:'0', time:'00:03:44', ts_id:'6927d374eed71', play_icon:'' }) ;\">[00:03:44]<\/a> Il a commenc\u00e9 au moment o\u00f9 des actrices ont accus\u00e9 un c\u00e9l\u00e8bre producteur, Harvey Weinstein, de les avoir agress\u00e9es sexuellement. Apr\u00e8s ces premi\u00e8res r\u00e9v\u00e9lations, les langues se sont d\u00e9li\u00e9es. \u00c7a, cette expression &#8220;les langues se sont d\u00e9li\u00e9es&#8221;, \u00e7a veut dire que des personnes ont commenc\u00e9 \u00e0 raconter des secrets qu&#8217;elles avaient ou des choses qu&#8217;elles cachaient et qui concernaient tr\u00e8s souvent des personnes de pouvoir dans l&#8217;industrie du cin\u00e9ma. Et puis tr\u00e8s rapidement, le mouvement s&#8217;est \u00e9largi et de nombreuses personnes ont pris la parole pour d\u00e9noncer des agressions sexuelles dont elles avaient \u00e9t\u00e9 victimes.<\/p>\n\n\n\n<p><a id=\"sonaar_ts-6927d374eed76\" class=\"srmp3_sonaar_ts_shortcode\"  style=\"\" href=\"javascript:sonaar_ts_shortcode({ trackid:'0', time:'00:04:29', ts_id:'6927d374eed76', play_icon:'' }) ;\">[00:04:29]<\/a> Et parmi ces personnes, il y a eu l&#8217;acteur Anthony Rapp qui a accus\u00e9 Kevin Spacey de l&#8217;avoir agress\u00e9 sexuellement. Les cons\u00e9quences ont \u00e9t\u00e9 imm\u00e9diates pour Kevin Spacey parce que Netflix, qui l&#8217;avait engag\u00e9 pour la s\u00e9rie House of Cards, a d\u00e9cid\u00e9 de se d\u00e9barrasser de lui.<\/p>\n\n\n\n<p><a id=\"sonaar_ts-6927d374eed7a\" class=\"srmp3_sonaar_ts_shortcode\"  style=\"\" href=\"javascript:sonaar_ts_shortcode({ trackid:'0', time:'00:04:51', ts_id:'6927d374eed7a', play_icon:'' }) ;\">[00:04:51]<\/a> Kevin Spacey va-t-il mettre un terme \u00e0 sa carri\u00e8re ? Les accusations d&#8217;agressions sexuelles sur mineurs se multiplient et le monde du cin\u00e9ma tourne le dos \u00e0 l&#8217;acteur am\u00e9ricain. Netflix a mis un terme \u00e0 son r\u00f4le dans la s\u00e9rie House of Cards.<\/p>\n\n\n\n<p><a id=\"sonaar_ts-6927d374eed7f\" class=\"srmp3_sonaar_ts_shortcode\"  style=\"\" href=\"javascript:sonaar_ts_shortcode({ trackid:'0', time:'00:05:04', ts_id:'6927d374eed7f', play_icon:'' }) ;\">[00:05:04]<\/a> Et en plus de \u00e7a, Kevin Spacey a perdu les r\u00e9compenses qu&#8217;il avait gagn\u00e9es pr\u00e9c\u00e9demment. Les diff\u00e9rentes institutions qui lui avait remis des r\u00e9compenses ont d\u00e9cid\u00e9 de les lui retirer. Et il a m\u00eame \u00e9t\u00e9 effac\u00e9 d&#8217;un film de Ridley Scott qui \u00e9tait cens\u00e9 sortir un peu plus tard. Donc pour ne pas avoir Kevin Spacey dans le film, ils ont pris un autre acteur et retourn\u00e9 les sc\u00e8nes dans lesquelles il apparaissait. Autrement dit, Kevin Spacey est devenu persona non grata (une personne ind\u00e9sir\u00e9e). Et \u00e7a, c&#8217;est assez dommage parce que, objectivement, Kevin Spacey est un tr\u00e8s bon acteur. Moi je l&#8217;adorais dans la s\u00e9rie House of Cards et dans les autres films qu&#8217;il avait faits.<\/p>\n\n\n\n<p><a id=\"sonaar_ts-6927d374eed86\" class=\"srmp3_sonaar_ts_shortcode\"  style=\"\" href=\"javascript:sonaar_ts_shortcode({ trackid:'0', time:'00:05:58', ts_id:'6927d374eed86', play_icon:'' }) ;\">[00:05:58]<\/a> Donc \u00e0 cause de \u00e7a, on peut se demander : est-ce qu&#8217;on peut continuer d&#8217;appr\u00e9cier les s\u00e9ries et les films dans lesquels Kevin Spacey appara\u00eet et son personnage dans House of Cards en connaissant les actes r\u00e9pr\u00e9hensibles qu&#8217;il a commis dans sa vie priv\u00e9e ? Autrement dit, est-ce qu&#8217;on peut adorer une \u0153uvre et d\u00e9tester son auteur ?<\/p>\n\n\n\n<p><a id=\"sonaar_ts-6927d374eed8b\" class=\"srmp3_sonaar_ts_shortcode\"  style=\"\" href=\"javascript:sonaar_ts_shortcode({ trackid:'0', time:'00:06:25', ts_id:'6927d374eed8b', play_icon:'' }) ;\">[00:06:25]<\/a> Si vous ne connaissez pas le mot &#8220;\u0153uvre&#8221;, c&#8217;est tout simplement le r\u00e9sultat d&#8217;un travail. Et on l&#8217;utilise aussi souvent pour d\u00e9signer une cr\u00e9ation intellectuelle ou artistique. On dit souvent &#8220;une \u0153uvre d&#8217;art&#8221;. Et &#8220;un chef d&#8217;\u0153uvre&#8221;, c&#8217;est une oeuvre d&#8217;art qui a une certaine forme de perfection, qui est bien meilleure que toutes les autres. On dit aussi par exemple pour parler des livres de Balzac &#8220;les \u0153uvres de Balzac&#8221;. Retenez bien ce mot parce qu&#8217;on l&#8217;utilise assez r\u00e9guli\u00e8rement. Et je pense que dans cet \u00e9pisode, il va revenir pas mal de fois.<\/p>\n\n\n\n<p><a id=\"sonaar_ts-6927d374eed91\" class=\"srmp3_sonaar_ts_shortcode\"  style=\"\" href=\"javascript:sonaar_ts_shortcode({ trackid:'0', time:'00:07:12', ts_id:'6927d374eed91', play_icon:'' }) ;\">[00:07:12]<\/a> Pour essayer de r\u00e9pondre \u00e0 la question, on va commencer avec un exemple assez extr\u00eame et pol\u00e9mique, celui d&#8217;Adolf Hitler. Et oui, peut-\u00eatre que vous ne le savez pas, mais avant de faire de la &#8220;politique&#8221; entre guillemets, Adolf Hitler a eu une carri\u00e8re artistique. Il a \u00e9crit le livre Mein Kampf. Mais bon, ce livre n&#8217;a aucune qualit\u00e9 litt\u00e9raire. On peut pas du tout ranger \u00e7a dans la cat\u00e9gorie litt\u00e9rature. C&#8217;est pas de \u00e7a que je veux parler, c&#8217;est plut\u00f4t de sa carri\u00e8re de peintre.<\/p>\n\n\n\n<p><a id=\"sonaar_ts-6927d374eed96\" class=\"srmp3_sonaar_ts_shortcode\"  style=\"\" href=\"javascript:sonaar_ts_shortcode({ trackid:'0', time:'00:07:47', ts_id:'6927d374eed96', play_icon:'' }) ;\">[00:07:47]<\/a> Parce que Hitler a essay\u00e9 d&#8217;entrer \u00e0 l&#8217;Acad\u00e9mie des Beaux-Arts de Vienne mais il a rat\u00e9 l&#8217;examen. Ce qui ne l&#8217;a pas emp\u00each\u00e9 de faire plusieurs tableaux qu&#8217;il a vendus et, \u00e0 cette \u00e9poque, c&#8217;\u00e9tait vraiment son m\u00e9tier. Ses tableaux n&#8217;avaient aucun lien avec ses id\u00e9es personnelles ni avec sa philosophie du nazisme qu&#8217;il n&#8217;avait pas encore th\u00e9oris\u00e9 \u00e0 cette \u00e9poque. Et les experts s&#8217;accordent pour dire que c&#8217;\u00e9taient des tableaux assez m\u00e9diocres.<\/p>\n\n\n\n<p><a id=\"sonaar_ts-6927d374eed9b\" class=\"srmp3_sonaar_ts_shortcode\"  style=\"\" href=\"javascript:sonaar_ts_shortcode({ trackid:'0', time:'00:08:24', ts_id:'6927d374eed9b', play_icon:'' }) ;\">[00:08:24]<\/a> Pourtant, depuis plusieurs ann\u00e9es, il y a r\u00e9guli\u00e8rement des ventes aux ench\u00e8res avec les tableaux d&#8217;Adolf Hitler. Une vente aux ench\u00e8res, c&#8217;est quand on propose de vendre quelque chose \u00e0 plusieurs acheteurs et que c&#8217;est l&#8217;acheteur qui propose le prix le plus \u00e9lev\u00e9 qui peut l&#8217;acqu\u00e9rir. Souvent vous savez, il y a des ventes aux ench\u00e8res avec des \u0153uvres d&#8217;art qui viennent de collections personnelles. Donc il y a des ventes aux ench\u00e8res qui sont organis\u00e9es avec les tableaux d&#8217;Hitler. Et en 2015, un de ces tableaux a \u00e9t\u00e9 vendu \u00e0 un collectionneur \u00e9tranger pour une somme de 100 000 euros. 100 000 euros pour un tableau m\u00e9diocre peint par Adolf Hitler !<\/p>\n\n\n\n<p><a id=\"sonaar_ts-6927d374eeda0\" class=\"srmp3_sonaar_ts_shortcode\"  style=\"\" href=\"javascript:sonaar_ts_shortcode({ trackid:'0', time:'00:09:13', ts_id:'6927d374eeda0', play_icon:'' }) ;\">[00:09:13]<\/a> Alors l\u00e0, j&#8217;imagine que vous vous demandez s\u00fbrement : pourquoi quelqu&#8217;un aurait envie d&#8217;acheter une telle \u0153uvre, une \u0153uvre qui n&#8217;a aucune qualit\u00e9 esth\u00e9tique ? Donc peut-\u00eatre que c&#8217;est quelqu&#8217;un qui a de tr\u00e8s mauvais go\u00fbts artistiques. Ou alors peut-\u00eatre que c&#8217;est un investissement, que cette personne pense que la cote d&#8217;Adolf Hitler va continuer d&#8217;augmenter (autrement dit, que ses tableaux vont se vendre de plus en plus cher). Ou peut-\u00eatre, et c&#8217;est l&#8217;hypoth\u00e8se la plus probable, que c&#8217;est une forme de f\u00e9tichisme.<\/p>\n\n\n\n<p><a id=\"sonaar_ts-6927d374eeda5\" class=\"srmp3_sonaar_ts_shortcode\"  style=\"\" href=\"javascript:sonaar_ts_shortcode({ trackid:'0', time:'00:09:48', ts_id:'6927d374eeda5', play_icon:'' }) ;\">[00:09:48]<\/a> Mais le plus int\u00e9ressant, \u00e0 mon avis, dans cet exemple, c&#8217;est qu&#8217;il montre que parfois, on appr\u00e9cie une \u0153uvre seulement \u00e0 cause de son auteur. L&#8217;\u0153uvre en elle-m\u00eame n&#8217;a aucune qualit\u00e9 mais on a tellement de sympathie et d&#8217;admiration pour son auteur, qu&#8217;on va la trouver magnifique. Parfois, c&#8217;est le cas quand il y a un chanteur ou une chanteuse qu&#8217;on adore et qui d\u00e9cide de faire un film au cin\u00e9ma. Le film est plut\u00f4t mauvais mais on a tellement d&#8217;admiration, on aime tellement cette personne, qu&#8217;on trouve finalement que le film est pas mal. On est plus tol\u00e9rant qu&#8217;on ne le serait avec quelqu&#8217;un d&#8217;autre.<\/p>\n\n\n\n<p><a id=\"sonaar_ts-6927d374eedab\" class=\"srmp3_sonaar_ts_shortcode\"  style=\"\" href=\"javascript:sonaar_ts_shortcode({ trackid:'0', time:'00:10:31', ts_id:'6927d374eedab', play_icon:'' }) ;\">[00:10:31]<\/a> Et \u00e7a, c&#8217;est d&#8217;autant plus vrai que depuis une trentaine d&#8217;ann\u00e9es on va dire, l&#8217;auteur est devenu un v\u00e9ritable argument marketing. C&#8217;est la personnalit\u00e9 de l&#8217;auteur qui permet de faire la promotion de ses \u0153uvres. Parfois, l&#8217;auteur est au premier plan et son \u0153uvre passe au second plan. Autrement dit, l&#8217;\u0153uvre a moins d&#8217;importance que l&#8217;auteur.<\/p>\n\n\n\n<p><a id=\"sonaar_ts-6927d374eedb0\" class=\"srmp3_sonaar_ts_shortcode\"  style=\"\" href=\"javascript:sonaar_ts_shortcode({ trackid:'0', time:'00:10:56', ts_id:'6927d374eedb0', play_icon:'' }) ;\">[00:10:56]<\/a> C&#8217;est quelque chose qui est assez visible au cin\u00e9ma par exemple. Parfois, on a envie de voir un film pas n\u00e9cessairement pour l&#8217;histoire mais parce qu&#8217;il y a notre acteur ou notre actrice pr\u00e9f\u00e9r\u00e9 qui joue dedans. Bon, c&#8217;est vrai qu&#8217;avec les films, c&#8217;est un peu particulier parce que les acteurs et les actrices sont pas vraiment les auteurs. D&#8217;ailleurs, c&#8217;est assez difficile de d\u00e9terminer qui est vraiment l&#8217;auteur d&#8217;un film. Est-ce que c&#8217;est le sc\u00e9nariste ? Est-ce que c&#8217;est le r\u00e9alisateur ? Mais les acteurs et les actrices lui donnent une certaine dimension cr\u00e9ative. Et c&#8217;est cette dimension qui est tr\u00e8s souvent pl\u00e9biscit\u00e9e par le public.<\/p>\n\n\n\n<p><a id=\"sonaar_ts-6927d374eedb7\" class=\"srmp3_sonaar_ts_shortcode\"  style=\"\" href=\"javascript:sonaar_ts_shortcode({ trackid:'0', time:'00:11:38', ts_id:'6927d374eedb7', play_icon:'' }) ;\">[00:11:38]<\/a> Si l&#8217;auteur est devenu un argument marketing, c&#8217;est parce que le public s&#8217;int\u00e9resse de tr\u00e8s pr\u00e8s \u00e0 sa vie personnelle. Parfois, la vie personnelle de l&#8217;auteur est plus int\u00e9ressante que ce qu&#8217;il peut exprimer dans ses \u0153uvres. D&#8217;ailleurs, beaucoup d&#8217;auteurs ont tr\u00e8s bien compris \u00e7a et ils sont rentr\u00e9s dans le jeu, ils ont d\u00e9cid\u00e9 de suivre ces r\u00e8gles en mettant leur vie en sc\u00e8ne. L\u00e0, j&#8217;ai un exemple qui me vient en t\u00eate, c&#8217;est celui d&#8217;Andy Warhol qui \u00e9tait, on pourrait dire, un des premiers auteurs \u00e0 donner une telle visibilit\u00e9 \u00e0 sa vie personnelle.<\/p>\n\n\n\n<p><a id=\"sonaar_ts-6927d374eedbc\" class=\"srmp3_sonaar_ts_shortcode\"  style=\"\" href=\"javascript:sonaar_ts_shortcode({ trackid:'0', time:'00:12:21', ts_id:'6927d374eedbc', play_icon:'' }) ;\">[00:12:21]<\/a> D&#8217;ailleurs, on consid\u00e8re m\u00eame parfois que la vie peut avoir une certaine dimension artistique. Par exemple, le philosophe Michel Foucault, le philosophe fran\u00e7ais, parle des &#8220;arts de l&#8217;existence&#8221;. Les arts de l&#8217;existence, c&#8217;est une fa\u00e7on de se transformer pour faire de sa vie une \u0153uvre, une \u0153uvre qui porte certains crit\u00e8res esth\u00e9tiques, un certain style. Autrement dit, l&#8217;auteur ne travaille plus sur un objet ext\u00e9rieur mais c&#8217;est sa propre vie qu&#8217;il transforme afin qu&#8217;elle devienne une \u0153uvre. Au final, avec cette vision, on peut dire que l&#8217;\u0153uvre la plus importante d&#8217;un artiste serait sa propre vie.<\/p>\n\n\n\n<p><a id=\"sonaar_ts-6927d374eedc2\" class=\"srmp3_sonaar_ts_shortcode\"  style=\"\" href=\"javascript:sonaar_ts_shortcode({ trackid:'0', time:'00:013:06', ts_id:'6927d374eedc2', play_icon:'' }) ;\">[00:13:06]<\/a> Et c&#8217;est l\u00e0 que la question pos\u00e9e dans l&#8217;introduction prend tout son sens. Parce que qu&#8217;est-ce qu&#8217;on peut faire quand notre idole commet l&#8217;irr\u00e9parable, autrement dit quand il fait une faute, une erreur impardonnable ? Est-ce qu&#8217;on doit rester aveugle face \u00e0 ses crimes pour simplement appr\u00e9cier la qualit\u00e9 de ses \u0153uvres ? Ou est-ce qu&#8217;on doit condamner ses \u0153uvres en m\u00eame temps qu&#8217;on le condamne lui ? \u00c7a, c&#8217;est ce qu&#8217;on va voir maintenant dans cette deuxi\u00e8me partie avec l&#8217;exemple d&#8217;un rockeur fran\u00e7ais qui polarise l&#8217;opinion publique depuis plusieurs ann\u00e9es.<br>Noir D\u00e9sir &#8211; Un jour en France<br>Se rappellent de la France<br>Ont des r\u00e9miniscences<br>De l&#8217;ordre, des jeux, de l&#8217;essence<br>Quand on vivait mieux<br>Il y avait Paul et Mickey<br>On pouvait discuter mais c&#8217;est Mickey<br>Qui a gagn\u00e9<br>Allez d&#8217;accord, n&#8217;en parlons plus<\/p>\n\n\n\n<p><a id=\"sonaar_ts-6927d374eedc8\" class=\"srmp3_sonaar_ts_shortcode\"  style=\"\" href=\"javascript:sonaar_ts_shortcode({ trackid:'0', time:'00:14:04', ts_id:'6927d374eedc8', play_icon:'' }) ;\">[00:14:04]<\/a> Si vous lisez un peu les m\u00e9dias fran\u00e7ais, vous avez peut-\u00eatre d\u00e9j\u00e0 vu le nom de Bertrand Cantat. Bertrand Cantat, c&#8217;\u00e9tait le chanteur d&#8217;un groupe de rock qui s&#8217;appelait Noir D\u00e9sir et qui est toujours consid\u00e9r\u00e9 aujourd&#8217;hui comme un des meilleurs groupes de rock fran\u00e7ais. Bertrand Cantat \u00e9tait en couple avec une actrice tr\u00e8s appr\u00e9ci\u00e9e qui s&#8217;appelait Marie Trintignant et ils vivaient une relation tumultueuse. Ce couple talentueux et ador\u00e9 du public semblait avoir tout pour \u00eatre heureux. Mais tout a bascul\u00e9 un soir d&#8217;\u00e9t\u00e9, en 2003.<\/p>\n\n\n\n<p><a id=\"sonaar_ts-6927d374eedcc\" class=\"srmp3_sonaar_ts_shortcode\"  style=\"\" href=\"javascript:sonaar_ts_shortcode({ trackid:'0', time:'00:14:51', ts_id:'6927d374eedcc', play_icon:'' }) ;\">[00:14:51]<\/a> Ce jour-l\u00e0, le couple se trouve \u00e0 Vilnius, dans la capitale de la Lituanie, dans sa chambre d&#8217;h\u00f4tel, et une violente dispute commence entre eux. Bertrand Cantat frappe \u00e0 plusieurs reprises Marie Trintignant et elle perd connaissance. Elle est conduite le lendemain matin \u00e0 l&#8217;h\u00f4pital. Mais quelques jours plus tard, elle meurt \u00e0 la suite de ses blessures.<\/p>\n\n\n\n<p><a id=\"sonaar_ts-6927d374eedd1\" class=\"srmp3_sonaar_ts_shortcode\"  style=\"\" href=\"javascript:sonaar_ts_shortcode({ trackid:'0', time:'00:15:25', ts_id:'6927d374eedd1', play_icon:'' }) ;\">[00:15:25]<\/a> Bertrand Cantat est alors condamn\u00e9 \u00e0 une peine de 8 ans de prison par la justice lituanienne pour homicide involontaire. Le juge a consid\u00e9r\u00e9 que, en frappant sa compagne, Cantat n&#8217;avait pas l&#8217;intention de la tuer. Ah oui, une peine de 8 ans de prison, \u00e7a veut dire que c&#8217;est la sentence qui a \u00e9t\u00e9 prononc\u00e9e contre Bertrand Cantat. Bertrand Cantat est alors envoy\u00e9 en prison mais 4 ans plus tard, en 2007, il est lib\u00e9r\u00e9, il est en libert\u00e9 conditionnelle, gr\u00e2ce \u00e0 sa bonne conduite . Comme il s&#8217;est bien comport\u00e9, et comme le pr\u00e9voit la justice, il peut b\u00e9n\u00e9ficier d&#8217;une libert\u00e9 conditionnelle.<\/p>\n\n\n\n<p><a id=\"sonaar_ts-6927d374eedd6\" class=\"srmp3_sonaar_ts_shortcode\"  style=\"\" href=\"javascript:sonaar_ts_shortcode({ trackid:'0', time:'00:16:11', ts_id:'6927d374eedd6', play_icon:'' }) ;\">[00:16:11]<\/a> Ensuite, 4 ans plus tard, en 2011, Bertrand Cantat retrouve totalement sa libert\u00e9 parce qu&#8217;il a fini de purger sa peine. \u00c0 ce moment-l\u00e0, il essaye de refaire plusieurs projets musicaux. Mais \u00e0 chaque fois, il d\u00e9clenche des pol\u00e9miques et il est boycott\u00e9 par une partie du public. L&#8217;ann\u00e9e derni\u00e8re, en 2018, apr\u00e8s les \u00e9checs de ses diff\u00e9rents projets, Bertrand Cantat annonce la fin de sa carri\u00e8re.<\/p>\n\n\n\n<p><a id=\"sonaar_ts-6927d374eedda\" class=\"srmp3_sonaar_ts_shortcode\"  style=\"\" href=\"javascript:sonaar_ts_shortcode({ trackid:'0', time:'00:16:42', ts_id:'6927d374eedda', play_icon:'' }) ;\">[00:16:42]<\/a> Alors \u00e7a, \u00e7a provoque beaucoup de d\u00e9bats. D\u00e9j\u00e0, des d\u00e9bats au sujet de sa peine. Il y a de nombreuses personnes qui consid\u00e8rent que 8 ans de prison, c&#8217;\u00e9tait une peine trop l\u00e9g\u00e8re compte tenu de la gravit\u00e9 des actes de Bertrand Cantat (parce qu&#8217;il faut pas oublier qu&#8217;il a tu\u00e9 sa compagne quand m\u00eame !). Et aussi des d\u00e9bats au sujet de sa carri\u00e8re. Parce que la justice a fait son travail, la justice a condamn\u00e9 Bertrand Cantat \u00e0 passer 8 ans en prison, mais au final, le public, lui, a choisi une peine plus longue. Le public a d\u00e9cid\u00e9 de continuer de boycotter Bertrand Cantat m\u00eame apr\u00e8s la fin de sa peine de prison parce que de nombreuses personnes consid\u00e9raient que, apr\u00e8s avoir commis de tels actes, Bertrand Cantat n&#8217;avait plus le droit d&#8217;avoir une carri\u00e8re publique.<\/p>\n\n\n\n<p><a id=\"sonaar_ts-6927d374eeddf\" class=\"srmp3_sonaar_ts_shortcode\"  style=\"\" href=\"javascript:sonaar_ts_shortcode({ trackid:'0', time:'00:17:41', ts_id:'6927d374eeddf', play_icon:'' }) ;\">[00:17:41]<\/a> Il y a eu une pol\u00e9mique assez similaire avec le r\u00e9alisateur Roman Polanski. En France, on a une c\u00e9r\u00e9monie qui est comme celle des Oscars mais qui s&#8217;appelle &#8220;les C\u00e9sars&#8221; pour r\u00e9compenser les meilleurs films et en 2017, c&#8217;est Roman Polanski qui \u00e9tait cens\u00e9 \u00eatre le pr\u00e9sident de la c\u00e9r\u00e9monie. Mais \u00e7a a d\u00e9clench\u00e9 de nombreuses pol\u00e9miques en raison du viol dont est accus\u00e9 Roman Polanski depuis de tr\u00e8s nombreuses ann\u00e9es. Et \u00e0 cause de ces pol\u00e9miques, le r\u00e9alisateur a d\u00e9cid\u00e9 de renoncer et de ne pas pr\u00e9sider cette c\u00e9r\u00e9monie.<\/p>\n\n\n\n<p><a id=\"sonaar_ts-6927d374eede4\" class=\"srmp3_sonaar_ts_shortcode\"  style=\"\" href=\"javascript:sonaar_ts_shortcode({ trackid:'0', time:'00:18:19', ts_id:'6927d374eede4', play_icon:'' }) ;\">[00:18:19]<\/a> Mais c&#8217;est un peu paradoxal parce que, en 2002 et en 2003, il avait re\u00e7u la Palme d&#8217;or \u00e0 Cannes et l&#8217;Oscar du meilleur r\u00e9alisateur pour le film Le Pianiste. Donc certaines ann\u00e9es on lui remet des r\u00e9compenses et il est consid\u00e9r\u00e9 comme un des r\u00e9alisateurs les plus talentueux du monde. Et puis d&#8217;autres ann\u00e9es, en fonction parfois du contexte politique, on d\u00e9cide de le boycotter et de lui reprocher ses anciens crimes.<\/p>\n\n\n\n<p><a id=\"sonaar_ts-6927d374eedea\" class=\"srmp3_sonaar_ts_shortcode\"  style=\"\" href=\"javascript:sonaar_ts_shortcode({ trackid:'0', time:'00:18:50', ts_id:'6927d374eedea', play_icon:'' }) ;\">[00:18:50]<\/a> Avec ces exemples, on voit que c&#8217;est vraiment un d\u00e9bat compliqu\u00e9. C&#8217;est difficile de trancher. Autrement dit, c&#8217;est difficile de d\u00e9cider en faveur d&#8217;un camp ou de l&#8217;autre. Certaines personnes pensent que les artistes poss\u00e8dent un statut particulier et que leurs \u0153uvres peuvent excuser leurs actes, que la beaut\u00e9 de leurs \u0153uvres peut faire oublier l&#8217;horreur de leurs actes. Mais d&#8217;autres consid\u00e8rent qu&#8217;au contraire, les artistes, en vertu de leur visibilit\u00e9, doivent avoir un comportement exemplaire.<\/p>\n\n\n\n<p><a id=\"sonaar_ts-6927d374eedee\" class=\"srmp3_sonaar_ts_shortcode\"  style=\"\" href=\"javascript:sonaar_ts_shortcode({ trackid:'0', time:'00:19:27', ts_id:'6927d374eedee', play_icon:'' }) ;\">[00:19:27]<\/a> Aujourd&#8217;hui, les albums de Noir D\u00e9sir (le groupe de Bertrand Cantat), les films de Polanski et de Kevin Spacey, ne sont pas interdits. Mais on peut se poser des questions quant \u00e0 la post\u00e9rit\u00e9 de ces artistes. Est-ce qu&#8217;il faudra continuer dans le futur \u00e0 c\u00e9l\u00e9brer l&#8217;\u0153uvre de personnes qui ont commis des actes monstrueux ?<\/p>\n\n\n\n<p><a id=\"sonaar_ts-6927d374eedf6\" class=\"srmp3_sonaar_ts_shortcode\"  style=\"\" href=\"javascript:sonaar_ts_shortcode({ trackid:'0', time:'00:19:55', ts_id:'6927d374eedf6', play_icon:'' }) ;\">[00:19:55]<\/a> Justement, \u00e7a, c&#8217;est une question qui revient tr\u00e8s souvent au sujet d&#8217;un auteur fran\u00e7ais qui s&#8217;appelle Louis-Ferdinand C\u00e9line. Peut-\u00eatre que vous le connaissez, c&#8217;est l&#8217;auteur d&#8217;un des plus grands romans de la litt\u00e9rature fran\u00e7aise du XX\u00e8me si\u00e8cle qui s&#8217;appelle Voyage au bout de la nuit. \u00c7a, c&#8217;est le chef d&#8217;\u0153uvre de C\u00e9line. C&#8217;est un livre qui parle de la Premi\u00e8re Guerre mondiale et de l&#8217;absurdit\u00e9 de l&#8217;existence. Il a un style familier qui, \u00e0 l&#8217;\u00e9poque, \u00e9tait tr\u00e8s novateur et qui a beaucoup influenc\u00e9 les auteurs apr\u00e8s lui. Donc Louis-Ferdinand C\u00e9line est vraiment consid\u00e9r\u00e9 comme un des plus grands \u00e9crivains fran\u00e7ais du XX\u00e8me si\u00e8cle.<\/p>\n\n\n\n<p><a id=\"sonaar_ts-6927d374eedff\" class=\"srmp3_sonaar_ts_shortcode\"  style=\"\" href=\"javascript:sonaar_ts_shortcode({ trackid:'0', time:'00:20:37', ts_id:'6927d374eedff', play_icon:'' }) ;\">[00:20:37]<\/a> Le probl\u00e8me, c&#8217;est que C\u00e9line \u00e9tait aussi antis\u00e9mite et qu&#8217;il a collabor\u00e9 avec les nazis. Il a fait de la d\u00e9lation. Autrement dit, il a d\u00e9nonc\u00e9 au r\u00e9gime nazi la pr\u00e9sence de certains juifs qui, \u00e0 cause de lui, \u00e0 cause de ses d\u00e9nonciations, ont \u00e9t\u00e9 envoy\u00e9s dans les camps de concentration.<\/p>\n\n\n\n<p><a id=\"sonaar_ts-6927d374eee06\" class=\"srmp3_sonaar_ts_shortcode\"  style=\"\" href=\"javascript:sonaar_ts_shortcode({ trackid:'0', time:'00:21:00', ts_id:'6927d374eee06', play_icon:'' }) ;\">[00:21:00]<\/a> L\u00e0, encore une fois, il y a un \u00e9norme d\u00e9calage entre la beaut\u00e9 de l&#8217;\u0153uvre de C\u00e9line et les atrocit\u00e9s qu&#8217;il a commises. On se demande s&#8217;il faut cautionner les crimes de C\u00e9line parce qu&#8217;il a \u00e9t\u00e9 l&#8217;auteur de plusieurs chefs d&#8217;\u0153uvre. Ah oui, \u00e7a, le verbe &#8220;cautionner&#8221;, \u00e7a veut dire &#8220;donner son approbation \u00e0 quelque chose ou \u00e0 quelqu&#8217;un&#8221;, &#8220;\u00eatre d&#8217;accord avec \u00e7a&#8221;. Et cette question, elle revient tr\u00e8s souvent. \u00c0 chaque anniversaire de C\u00e9line, les journalistes, les intellectuels, se demandent s&#8217;il faut c\u00e9l\u00e9brer un auteur qui est accus\u00e9 de crimes antis\u00e9mites.<\/p>\n\n\n\n<p><a id=\"sonaar_ts-6927d374eee0d\" class=\"srmp3_sonaar_ts_shortcode\"  style=\"\" href=\"javascript:sonaar_ts_shortcode({ trackid:'0', time:'00:21:40', ts_id:'6927d374eee0d', play_icon:'' }) ;\">[00:21:40]<\/a> R\u00e9cemment, l&#8217;ann\u00e9e derni\u00e8re, il y a eu une grande pol\u00e9mique avec la maison d&#8217;\u00e9dition Gallimard parce que Gallimard avait la volont\u00e9 de r\u00e9\u00e9diter trois pamphlets antis\u00e9mites de C\u00e9line qui n&#8217;avaient pas \u00e9t\u00e9 republi\u00e9s depuis la Seconde Guerre mondiale. L&#8217;argumentaire de la maison d&#8217;\u00e9dition, c&#8217;\u00e9tait de dire que ces pamphlets font partie de l&#8217;\u0153uvre de C\u00e9line et que, pour le comprendre, on a besoin d&#8217;avoir une lecture de ses pamphlets. Mais cette d\u00e9cision a choqu\u00e9 une partie du grand public et de nombreuses associations de lutte contre l&#8217;antis\u00e9mitisme parce qu&#8217;on consid\u00e8re que, non, l&#8217;artiste n&#8217;est pas au-dessus de la morale et que republier ces pamphlets, c&#8217;\u00e9tait un moyen de banaliser des propos antis\u00e9mites. Et face \u00e0 toutes ces pol\u00e9miques, la maison d&#8217;\u00e9dition Gallimard a d\u00e9cid\u00e9 de suspendre ce projet.<\/p>\n\n\n\n<p><a id=\"sonaar_ts-6927d374eee15\" class=\"srmp3_sonaar_ts_shortcode\"  style=\"\" href=\"javascript:sonaar_ts_shortcode({ trackid:'0', time:'00:22:43', ts_id:'6927d374eee15', play_icon:'' }) ;\">[00:22:43]<\/a> Ici, il y a donc la question de savoir quel est le juste milieu entre la censure, d&#8217;un c\u00f4t\u00e9, et la c\u00e9l\u00e9bration, de l&#8217;autre. Et certaines personnes disent que ce juste milieu, c&#8217;est tout simplement l&#8217;oubli. Peut-\u00eatre qu&#8217;avec le temps, ces auteurs qui ont commis des crimes ou des actes immoraux vont \u00eatre oubli\u00e9s et, avec eux, leurs \u0153uvres.<\/p>\n\n\n\n<p><a id=\"sonaar_ts-6927d374eee37\" class=\"srmp3_sonaar_ts_shortcode\"  style=\"\" href=\"javascript:sonaar_ts_shortcode({ trackid:'0', time:'00:23:21', ts_id:'6927d374eee37', play_icon:'' }) ;\">[00:23:21]<\/a> Pour conclure, on peut dire que, malheureusement, il n&#8217;y a pas de r\u00e9ponse facile \u00e0 cette question. Dans l&#8217;id\u00e9al, il devrait \u00eatre possible de s\u00e9parer l&#8217;\u0153uvre de son auteur. D&#8217;un c\u00f4t\u00e9, d&#8217;appr\u00e9cier l&#8217;oeuvre et, de l&#8217;autre, de condamner son auteur. En r\u00e9alit\u00e9, bien souvent, \u00e7a d\u00e9pend du type d&#8217;\u0153uvre, de la personnalit\u00e9 de l&#8217;auteur, des actes qu&#8217;il a commis et \u00e9galement du contexte et du public. Il y a des personnes qui admirent un auteur et d&#8217;autres pour lesquelles \u00e7a n&#8217;a pas vraiment d&#8217;importance.<\/p>\n\n\n\n<p><a id=\"sonaar_ts-6927d374eee3e\" class=\"srmp3_sonaar_ts_shortcode\"  style=\"\" href=\"javascript:sonaar_ts_shortcode({ trackid:'0', time:'00:23:55', ts_id:'6927d374eee3e', play_icon:'' }) ;\">[00:23:55]<\/a> Le vrai probl\u00e8me, \u00e0 mon avis, en ce moment, ce sont les m\u00e9dias qui alimentent les pol\u00e9miques, comme avec le cas de Kevin Spacey. Kevin Spacey, c&#8217;est s\u00fbr qu&#8217;il a commis des actes r\u00e9pr\u00e9hensibles. Mais le probl\u00e8me, c&#8217;est que ce sont les m\u00e9dias qui ont fait son proc\u00e8s avant m\u00eame que la justice ne s&#8217;en charge. Alors on peut se demander si finalement, il ne faut pas laisser le public d\u00e9cider de la post\u00e9rit\u00e9 de l&#8217;\u0153uvre et la justice d\u00e9cider du sort de son auteur.<\/p>\n\n\n\n<p><a id=\"sonaar_ts-6927d374eee4a\" class=\"srmp3_sonaar_ts_shortcode\"  style=\"\" href=\"javascript:sonaar_ts_shortcode({ trackid:'0', time:'00:24:30', ts_id:'6927d374eee4a', play_icon:'' }) ;\">[00:24:30]<\/a> Comme promis, avant de finir, on va \u00e9couter un t\u00e9moignage qui m&#8217;a \u00e9t\u00e9 envoy\u00e9 par Jonas.<\/p>\n\n\n\n<p><a id=\"sonaar_ts-6927d374eee51\" class=\"srmp3_sonaar_ts_shortcode\"  style=\"\" href=\"javascript:sonaar_ts_shortcode({ trackid:'0', time:'00:24:37', ts_id:'6927d374eee51', play_icon:'' }) ;\">[00:24:37]<\/a> Bonjour Hugo,<br>Je m&#8217;appelle Jonas. J&#8217;ai eu envie d&#8217;\u00e9crire pour te dire que je pense que tu es une personne tr\u00e8s gentille et pour te remercier pour ton travail avec les podcasts. Je pense que tes podcasts sont tr\u00e8s bons, un niveau super pour les interm\u00e9diaires. Et ils sont toujours tr\u00e8s int\u00e9ressants aussi, surtout le dernier podcast que tu as fait \u00e0 propos de la m\u00e9ditation, c&#8217;\u00e9tait tr\u00e8s bon je pense.<\/p>\n\n\n\n<p><a id=\"sonaar_ts-6927d374eee58\" class=\"srmp3_sonaar_ts_shortcode\"  style=\"\" href=\"javascript:sonaar_ts_shortcode({ trackid:'0', time:'00:25:01', ts_id:'6927d374eee58', play_icon:'' }) ;\">[00:25:01]<\/a> \u00c0 propos de moi, je suis Danois et je suis \u00e9tudiant \u00e0 l&#8217;universit\u00e9 de Roksilde qui est au centre du Danemark. Et maintenant je ne sais pas ce que je voudrais \u00eatre. Mais je pense que la vie est un voyage, n&#8217;est-ce pas ?<\/p>\n\n\n\n<p><a id=\"sonaar_ts-6927d374eee5f\" class=\"srmp3_sonaar_ts_shortcode\"  style=\"\" href=\"javascript:sonaar_ts_shortcode({ trackid:'0', time:'00:25:16', ts_id:'6927d374eee5f', play_icon:'' }) ;\">[00:25:16]<\/a> En tout cas, je sais que j&#8217;aime les langues. J&#8217;ai commenc\u00e9 d&#8217;apprendre le fran\u00e7ais il y a environ 7 mois. Et avant \u00e7a, j&#8217;ai appris le russe. Alors je pense que je partage ton int\u00e9r\u00eat pour les langues slaves. Les langues sont vraiment fantastiques je pense. Et si je pouvais, je les apprendrais toutes. Je m&#8217;int\u00e9resse un peu \u00e0 l&#8217;arabe maintenant, mais je pense que c&#8217;est vraiment plus difficile que le fran\u00e7ais et peut-\u00eatre aussi que le russe.<\/p>\n\n\n\n<p><a id=\"sonaar_ts-6927d374eee66\" class=\"srmp3_sonaar_ts_shortcode\"  style=\"\" href=\"javascript:sonaar_ts_shortcode({ trackid:'0', time:'00:25:47', ts_id:'6927d374eee66', play_icon:'' }) ;\">[00:25:47]<\/a> Alors, la vraie raison pour laquelle je t&#8217;\u00e9cris, c&#8217;est que j&#8217;ai \u00e9cris une histoire en fran\u00e7ais pour des enfants et des adultes. Et \u00e7a me ferait tr\u00e8s plaisir si tu pouvais la lire. Je vais t&#8217;envoyer les premiers chapitres. L&#8217;histoire s&#8217;appelle &#8220;L&#8217;histoire du coeur&#8221;.<br>Et j&#8217;ai une question pour toi : d&#8217;o\u00f9 te vient ton int\u00e9r\u00eat pour les langues ?<br>Bref, je voulais juste dire merci pour tout ce que tu fais. Et, au revoir !<\/p>\n\n\n\n<p><a id=\"sonaar_ts-6927d374eee6d\" class=\"srmp3_sonaar_ts_shortcode\"  style=\"\" href=\"javascript:sonaar_ts_shortcode({ trackid:'0', time:'00:26:20', ts_id:'6927d374eee6d', play_icon:'' }) ;\">[00:26:20]<\/a> Merci beaucoup Jonas pour ton message ! C&#8217;est la premi\u00e8re fois qu&#8217;un Danois m&#8217;envoie un enregistrement. Et je trouve que, pour quelqu&#8217;un qui apprend le fran\u00e7ais depuis seulement 7 mois, t&#8217;as d\u00e9j\u00e0 un tr\u00e8s bon niveau. Donc bravo ! Je suis s\u00fbr que tu travailles dur pour \u00e7a. Et j&#8217;\u00e9tais tr\u00e8s impressionn\u00e9 aussi de lire le premier chapitre de ton histoire. En plus, je trouve que c&#8217;est une excellente id\u00e9e d&#8217;\u00e9crire une histoire pour enfants en fran\u00e7ais. Comme \u00e7a, \u00e7a te permet de pratiquer, de chercher des nouvelles structures, de chercher du vocabulaire, tout en faisant quelque chose de cr\u00e9atif. J&#8217;esp\u00e8re que \u00e7a va inspirer d&#8217;autres auditeurs du podcast. Peut-\u00eatre que vous aussi, vous allez vous mettre \u00e0 \u00e9crire des histoires pour enfants. Et si vous le faites, n&#8217;h\u00e9sitez pas \u00e0 me l&#8217;envoyer.<\/p>\n\n\n\n<p><a id=\"sonaar_ts-6927d374eee78\" class=\"srmp3_sonaar_ts_shortcode\"  style=\"\" href=\"javascript:sonaar_ts_shortcode({ trackid:'0', time:'00:27:10', ts_id:'6927d374eee78', play_icon:'' }) ;\">[00:27:10]<\/a> Tu m&#8217;as demand\u00e9 dans ton enregistrement d&#8217;o\u00f9 me vient mon int\u00e9r\u00eat pour les langues. En fait, les langues \u00e9trang\u00e8res, \u00e7a a jamais \u00e9t\u00e9 ma mati\u00e8re pr\u00e9f\u00e9r\u00e9e \u00e0 l&#8217;\u00e9cole. Moi, \u00e0 l&#8217;\u00e9cole, j&#8217;aimais plut\u00f4t l&#8217;histoire, l&#8217;\u00e9conomie et la philosophie. Et les langues, \u00e7a ne m&#8217;int\u00e9ressait pas vraiment. Mais \u00e7a a chang\u00e9 quand j&#8217;ai commenc\u00e9 \u00e0 voyager parce qu&#8217;\u00e0 ce moment-l\u00e0, les langues sont devenues quelque chose de beaucoup plus concret, de beaucoup plus pratique. Et inconsciemment, j&#8217;ai commenc\u00e9 \u00e0 passer de plus en plus de temps \u00e0 les utiliser. \u00c7a, \u00e7a a \u00e9t\u00e9 le premier changement.<\/p>\n\n\n\n<p><a id=\"sonaar_ts-6927d374eee7f\" class=\"srmp3_sonaar_ts_shortcode\"  style=\"\" href=\"javascript:sonaar_ts_shortcode({ trackid:'0', time:'00:27:49', ts_id:'6927d374eee7f', play_icon:'' }) ;\">[00:27:49]<\/a> Et le deuxi\u00e8me, c&#8217;est quand j&#8217;ai commenc\u00e9 \u00e0 enseigner le fran\u00e7ais. En enseignant le fran\u00e7ais, j&#8217;ai d\u00e9couvert plein de choses que j&#8217;ignorais sur la langue, des choses vraiment passionnantes. J&#8217;ai commenc\u00e9 \u00e0 passer de plus en plus de temps \u00e0 y penser, \u00e0 lire des livres sur \u00e7a, sur la linguistique. Et \u00e0 ce moment-l\u00e0, on peut dire que je suis vraiment devenu passionn\u00e9 par les langues \u00e9trang\u00e8res. C&#8217;est pour \u00e7a que maintenant, j&#8217;apprends le polonais avec une certaine ferveur.<\/p>\n\n\n\n<p><a id=\"sonaar_ts-6927d374eee85\" class=\"srmp3_sonaar_ts_shortcode\"  style=\"\" href=\"javascript:sonaar_ts_shortcode({ trackid:'0', time:'00:28:21', ts_id:'6927d374eee85', play_icon:'' }) ;\">[00:28:21]<\/a> Si vous aussi, vous voulez m&#8217;envoyer votre enregistrement ou si vous avez des questions pour moi, n&#8217;h\u00e9sitez pas \u00e0 le faire en m&#8217;envoyant un email \u00e0 l&#8217;adresse hugo@innerfrench.com et je me ferai un plaisir de le diffuser dans un des futurs \u00e9pisodes du podcast.<\/p>\n\n\n\n<p><a id=\"sonaar_ts-6927d374eee8c\" class=\"srmp3_sonaar_ts_shortcode\"  style=\"\" href=\"javascript:sonaar_ts_shortcode({ trackid:'0', time:'00:28:44', ts_id:'6927d374eee8c', play_icon:'' }) ;\">[00:28:44]<\/a> C&#8217;est tout pour aujourd&#8217;hui. Merci de m&#8217;avoir \u00e9cout\u00e9 jusqu&#8217;au bout. On se retrouve comme d&#8217;habitude dans 2 semaines et d&#8217;ici l\u00e0, n&#8217;oubliez pas de faire un peu de fran\u00e7ais tous les jours. \u00c0 bient\u00f4t !<\/p>\n","protected":false},"excerpt":{"rendered":"<p>Salut \u00e0 tous et bienvenue pour ce 60\u00e8me \u00e9pisode ! J&#8217;esp\u00e8re que vous allez bien. Moi \u00e7a va, j&#8217;ai \u00e9t\u00e9 un peu malade ces derniers jours mais je me suis soign\u00e9. Donc maintenant \u00e7a va mieux et je suis content parce que je peux enregistrer ce nouvel \u00e9pisode dans les temps pour vous. Normalement si&#8230;<\/p>\n","protected":false},"author":1,"featured_media":1064,"comment_status":"open","ping_status":"open","sticky":false,"template":"","format":[189],"meta":{"_acf_changed":false,"_kad_blocks_custom_css":"","_kad_blocks_head_custom_js":"","_kad_blocks_body_custom_js":"","_kad_blocks_footer_custom_js":"","_kad_post_transparent":"","_kad_post_title":"","_kad_post_layout":"","_kad_post_sidebar_id":"","_kad_post_content_style":"","_kad_post_vertical_padding":"","_kad_post_feature":"","_kad_post_feature_position":"","_kad_post_header":false,"_kad_post_footer":false,"_kad_post_classname":"","footnotes":""},"categories":[168],"tags":[177,173,172],"class_list":["post-1063","post","type-post","status-publish","format-standard","has-post-thumbnail","hentry","category-podcast","tag-culture","tag-feminisme","tag-societe","format-solo-hugo"],"acf":[],"taxonomy_info":{"category":[{"value":168,"label":"Podcast"}],"post_tag":[{"value":177,"label":"Culture"},{"value":173,"label":"F\u00e9minisme"},{"value":172,"label":"Soci\u00e9t\u00e9"}],"format":[{"value":189,"label":"Solo Hugo"}]},"featured_image_src_large":["https:\/\/innerfrench.com\/wp-content\/uploads\/2019\/02\/E60-OEuvre-monstre-750x406.jpeg",750,406,true],"author_info":{"display_name":"Hugo","author_link":"https:\/\/innerfrench.com\/author\/innerfrench-2-2-2-2-2-2-2-2-2-2-2-2-2-2-2-2-2-2-2\/"},"comment_info":6,"category_info":[{"term_id":168,"name":"Podcast","slug":"podcast","term_group":0,"term_taxonomy_id":168,"taxonomy":"category","description":"","parent":0,"count":185,"filter":"raw","cat_ID":168,"category_count":185,"category_description":"","cat_name":"Podcast","category_nicename":"podcast","category_parent":0}],"tag_info":[{"term_id":177,"name":"Culture","slug":"culture","term_group":0,"term_taxonomy_id":177,"taxonomy":"post_tag","description":"","parent":0,"count":44,"filter":"raw"},{"term_id":173,"name":"F\u00e9minisme","slug":"feminisme","term_group":0,"term_taxonomy_id":173,"taxonomy":"post_tag","description":"","parent":0,"count":11,"filter":"raw"},{"term_id":172,"name":"Soci\u00e9t\u00e9","slug":"societe","term_group":0,"term_taxonomy_id":172,"taxonomy":"post_tag","description":"","parent":0,"count":94,"filter":"raw"}],"_links":{"self":[{"href":"https:\/\/innerfrench.com\/wp-json\/wp\/v2\/posts\/1063","targetHints":{"allow":["GET"]}}],"collection":[{"href":"https:\/\/innerfrench.com\/wp-json\/wp\/v2\/posts"}],"about":[{"href":"https:\/\/innerfrench.com\/wp-json\/wp\/v2\/types\/post"}],"author":[{"embeddable":true,"href":"https:\/\/innerfrench.com\/wp-json\/wp\/v2\/users\/1"}],"replies":[{"embeddable":true,"href":"https:\/\/innerfrench.com\/wp-json\/wp\/v2\/comments?post=1063"}],"version-history":[{"count":2,"href":"https:\/\/innerfrench.com\/wp-json\/wp\/v2\/posts\/1063\/revisions"}],"predecessor-version":[{"id":294220,"href":"https:\/\/innerfrench.com\/wp-json\/wp\/v2\/posts\/1063\/revisions\/294220"}],"wp:featuredmedia":[{"embeddable":true,"href":"https:\/\/innerfrench.com\/wp-json\/wp\/v2\/media\/1064"}],"wp:attachment":[{"href":"https:\/\/innerfrench.com\/wp-json\/wp\/v2\/media?parent=1063"}],"wp:term":[{"taxonomy":"category","embeddable":true,"href":"https:\/\/innerfrench.com\/wp-json\/wp\/v2\/categories?post=1063"},{"taxonomy":"post_tag","embeddable":true,"href":"https:\/\/innerfrench.com\/wp-json\/wp\/v2\/tags?post=1063"},{"taxonomy":"format","embeddable":true,"href":"https:\/\/innerfrench.com\/wp-json\/wp\/v2\/format?post=1063"}],"curies":[{"name":"wp","href":"https:\/\/api.w.org\/{rel}","templated":true}]}}