{"id":11402,"date":"2021-09-10T17:36:06","date_gmt":"2021-09-10T15:36:06","guid":{"rendered":"https:\/\/innerfrench.com\/?p=11402"},"modified":"2025-09-29T11:38:37","modified_gmt":"2025-09-29T09:38:37","slug":"100-questions-equipe","status":"publish","type":"post","link":"https:\/\/innerfrench.com\/100-questions-equipe\/","title":{"rendered":"#100 L&#8217;\u00e9quipe d&#8217;innerFrench r\u00e9pond \u00e0 vos questions !"},"content":{"rendered":"\n<p>Salut \u00e0 toutes et \u00e0 tous, bienvenue ! Je suis ravi de vous retrouver pour cet \u00e9pisode sp\u00e9cial, le 100\u00e8me \u00e9pisode. Et aujourd&#8217;hui, encore une fois, je ne suis pas seul.<\/p>\n\n\n\n<p><a id=\"sonaar_ts-6927d46e77895\" class=\"srmp3_sonaar_ts_shortcode\"  style=\"\" href=\"javascript:sonaar_ts_shortcode({ trackid:'0', time:'00:00:23', ts_id:'6927d46e77895', play_icon:'' }) ;\">[00:00:23]<\/a> Salut \u00e0 tous ! Aujourd&#8217;hui, Anna et moi \u2013donc salut, c&#8217;est moi Ingrid\u2013 on a rejoint Hugo pour cet \u00e9pisode sp\u00e9cial, le 100\u00e8me. Et pour cet \u00e9pisode, on va r\u00e9pondre \u00e0 vos questions. Alors, on a re\u00e7u beaucoup, beaucoup de questions, on les a toutes lues. On a appr\u00e9ci\u00e9 vos remerciements. Merci beaucoup pour votre participation. \u00c9videmment, avec plus d&#8217;une centaine de questions, \u00e7a a \u00e9t\u00e9 difficile de trier, donc on ne va pas pouvoir r\u00e9pondre \u00e0 tout aujourd&#8217;hui, mais on a bien gard\u00e9 vos questions de c\u00f4t\u00e9 et \u00e9ventuellement, on fera d&#8217;autres \u00e9pisodes sp\u00e9ciaux pour des th\u00e8mes en particulier.<\/p>\n\n\n\n<p><a id=\"sonaar_ts-6927d46e778a4\" class=\"srmp3_sonaar_ts_shortcode\"  style=\"\" href=\"javascript:sonaar_ts_shortcode({ trackid:'0', time:'00:01:01', ts_id:'6927d46e778a4', play_icon:'' }) ;\">[00:01:01]<\/a> Alors, on a re\u00e7u pas mal de questions sur l&#8217;apprentissage du fran\u00e7ais, sur l&#8217;enseignement, sur les examens de fran\u00e7ais. Aussi, vous nous avez demand\u00e9 comment mieux s&#8217;int\u00e9grer en France et vous nous avez demand\u00e9 beaucoup de conseils, de supports. Donc tout \u00e7a, on le garde de c\u00f4t\u00e9 pour l&#8217;instant et on va faire de nouveaux \u00e9pisodes.<\/p>\n\n\n\n<p><a id=\"sonaar_ts-6927d46e778ac\" class=\"srmp3_sonaar_ts_shortcode\"  style=\"\" href=\"javascript:sonaar_ts_shortcode({ trackid:'0', time:'00:01:25', ts_id:'6927d46e778ac', play_icon:'' }) ;\">[00:01:25]<\/a> Donc voil\u00e0, ne vous inqui\u00e9tez pas si votre question n&#8217;a pas \u00e9t\u00e9 s\u00e9lectionn\u00e9e cette fois. Normalement, on essaiera d&#8217;y r\u00e9pondre plus tard dans d&#8217;autres \u00e9pisodes sp\u00e9ciaux, comme l&#8217;a dit Ania.<\/p>\n\n\n\n<p><a id=\"sonaar_ts-6927d46e778b3\" class=\"srmp3_sonaar_ts_shortcode\"  style=\"\" href=\"javascript:sonaar_ts_shortcode({ trackid:'0', time:'00:01:38', ts_id:'6927d46e778b3', play_icon:'' }) ;\">[00:01:38]<\/a> Alors en guise d&#8217;introduction, j&#8217;aimerais qu&#8217;on commence par un \u00e9pisode, par un enregistrement pardon, assez sp\u00e9cial qu&#8217;on a re\u00e7u il y a plusieurs semaines maintenant. Pour vous donner un peu le contexte, c&#8217;est un enregistrement qui nous a \u00e9t\u00e9 envoy\u00e9 par Mygge (Miguel), qui est un musicien espagnol. Il vivait \u00e0 Londres avec sa copine et pendant le confinement, ils ont d\u00e9m\u00e9nag\u00e9 \u00e0 Gen\u00e8ve. Donc \u00e0 ce moment-l\u00e0 Miggy a commenc\u00e9 \u00e0 apprendre le fran\u00e7ais sauf qu&#8217;en m\u00eame temps, il devait aussi trouver du travail. Donc, ce qu&#8217;il a commenc\u00e9 \u00e0 faire, c&#8217;est qu&#8217;il faisait des livraisons de nourriture. Vous savez, quand on commande sur son t\u00e9l\u00e9phone pour se faire livrer \u00e0 manger. Et en faisant ses livraisons sur son v\u00e9lo, il \u00e9coutait le podcast innerFrench. Et voil\u00e0, il a fait une petite chanson pour nous remercier. C&#8217;est devenu l&#8217;hymne d&#8217;innerFrench. Donc je vous propose de l&#8217;\u00e9couter.<\/p>\n\n\n\n<p><a id=\"sonaar_ts-6927d46e778b8\" class=\"srmp3_sonaar_ts_shortcode\"  style=\"\" href=\"javascript:sonaar_ts_shortcode({ trackid:'0', time:'00:05:04', ts_id:'6927d46e778b8', play_icon:'' }) ;\">[00:05:04]<\/a> Merci beaucoup Miggy pour cette musique. Vous avez peut-\u00eatre entendu qu&#8217;il a m\u00eame repris l&#8217;ancien jingle d&#8217;introduction qu&#8217;il a adapt\u00e9. C&#8217;est tr\u00e8s impressionnant et vraiment, \u00e7a nous a beaucoup touch\u00e9s. Donc, un grand merci pour cette chanson. On mettra le lien dans la description si certains d&#8217;entre vous veulent l&#8217;\u00e9couter, elle est sur le Soundcloud de Myggy. Donc voil\u00e0, je pense que c&#8217;est une bonne fa\u00e7on d&#8217;entamer, de commencer cet \u00e9pisode. Et maintenant, on va passer aux questions qui concernent plut\u00f4t l&#8217;organisation de notre \u00e9quipe.<\/p>\n\n\n\n<p><a id=\"sonaar_ts-6927d46e778be\" class=\"srmp3_sonaar_ts_shortcode\"  style=\"\" href=\"javascript:sonaar_ts_shortcode({ trackid:'0', time:'00:05:41', ts_id:'6927d46e778be', play_icon:'' }) ;\">[00:05:41]<\/a> Bonjour, je suis Julia, j&#8217;ai 18 ans et je voulais remercier, toi, Hugo, et toute l&#8217;\u00e9quipe d&#8217;innerFrench pour le travail que vous faites au quotidien. Donc pour le 100\u00e8me \u00e9pisode, j&#8217;avais une petite curiosit\u00e9. Donc je voulais savoir un petit peu plus, avoir un regard sur les coulisses de la production d&#8217;un \u00e9pisode du podcast. Par exemple, en fonction de quoi vous choisissez les sujets ou comment est-ce que vous rep\u00e9rez les sources d&#8217;informations et il vous faut combien de temps pour produire un \u00e9pisode. Et comment \u00e7a se passe le travail d&#8217;\u00e9quipe maintenant que vous \u00eates trois. Donc, c&#8217;est tout. Et merci, merci beaucoup du fond du c\u0153ur et gros bisous d&#8217;Italie.<\/p>\n\n\n\n<p><a id=\"sonaar_ts-6927d46e778c4\" class=\"srmp3_sonaar_ts_shortcode\"  style=\"\" href=\"javascript:sonaar_ts_shortcode({ trackid:'0', time:'00:06:40', ts_id:'6927d46e778c4', play_icon:'' }) ;\">[00:06:40]<\/a> Merci beaucoup Julia pour ta question. Alors donc, pour te r\u00e9pondre au niveau du podcast, donc, depuis que j&#8217;ai rejoint l&#8217;\u00e9quipe, on travaille beaucoup avec Hugo tous les deux au niveau de la production. Donc on se fait r\u00e9guli\u00e8rement des petites r\u00e9unions qu&#8217;on appelle les r\u00e9unions \u00e9dito pour d\u00e9terminer les prochains sujets. Il faut savoir qu&#8217;on a une liste assez \u00e9norme de sujets potentiels, mais on ne peut pas les d\u00e9cider avec beaucoup d&#8217;avance. On s&#8217;adapte beaucoup \u00e0 l&#8217;actualit\u00e9 et \u00e0 nos envies aussi du moment, aux mails qu&#8217;on re\u00e7oit, etc. Donc, r\u00e9guli\u00e8rement, on refait un point et puis on se dit voil\u00e0 le mois prochain, on fera \u00e7a, on fera \u00e7a, qui s&#8217;en occupe.<\/p>\n\n\n\n<p><a id=\"sonaar_ts-6927d46e778c9\" class=\"srmp3_sonaar_ts_shortcode\"  style=\"\" href=\"javascript:sonaar_ts_shortcode({ trackid:'0', time:'00:07:26', ts_id:'6927d46e778c9', play_icon:'' }) ;\">[00:07:26]<\/a> Puis apr\u00e8s, donc, comme tu as pu voir, d&#8217;abord, on a fait des podcasts s\u00e9par\u00e9ment, donc Hugo a fait des sujets tout seul. Donc, \u00e0 partir du moment o\u00f9 je l&#8217;ai rejoint, je l&#8217;ai aid\u00e9 \u00e0 \u00e9crire les sujets. Et puis apr\u00e8s, on a d\u00e9cid\u00e9 de passer \u00e0 des podcasts un peu plus conversation qui en aura de plus en plus comme \u00e7a.<\/p>\n\n\n\n<p><a id=\"sonaar_ts-6927d46e778cf\" class=\"srmp3_sonaar_ts_shortcode\"  style=\"\" href=\"javascript:sonaar_ts_shortcode({ trackid:'0', time:'00:07:48', ts_id:'6927d46e778cf', play_icon:'' }) ;\">[00:07:48]<\/a> Donc apr\u00e8s, pour la pr\u00e9paration, comment on fait ? Bah en g\u00e9n\u00e9ral, on choisit des sujets qu&#8217;on conna\u00eet un petit peu chacun, qui nous int\u00e9ressent, donc, on a d\u00e9j\u00e0 des sources. Et puis apr\u00e8s, on multiplie nos sources. Gr\u00e2ce \u00e0 la magie d&#8217;Internet, on peut trouver beaucoup d&#8217;informations donc, chacun, on a un peu nos sites pr\u00e9f\u00e9r\u00e9s, donc les sites d&#8217;information, le Monde. Slate, voil\u00e0. Peut-\u00eatre que Hugo.. Vous voyez dans les sources qu&#8217;on met sur la page de chaque \u00e9pisode, vous voyez un peu quel type, quels types de lectures on a. \u00c7a peut \u00eatre aussi des vid\u00e9os.<\/p>\n\n\n\n<p><a id=\"sonaar_ts-6927d46e778d4\" class=\"srmp3_sonaar_ts_shortcode\"  style=\"\" href=\"javascript:sonaar_ts_shortcode({ trackid:'0', time:'00:08:23', ts_id:'6927d46e778d4', play_icon:'' }) ;\">[00:08:23]<\/a> Puis apr\u00e8s, on \u00e9crit. Alors quand c&#8217;est une conversation, on n&#8217;\u00e9crit pas tout. On n&#8217;\u00e9crit pas tout. On se fait une petite rame. Et puis on se laisse un peu guider. Et voil\u00e0, \u00e7a, c&#8217;est pour la partie pr\u00e9paration. \u00c7a ressemble beaucoup&#8230; moi, peut-\u00eatre comme vous le savez, je suis journaliste \u00e0 la base, donc \u00e7a ressemble \u00e0 un travail type de&#8230;pour \u00e9crire un article, pour pr\u00e9parer un programme et en fait le travail de journaliste ressemble aussi beaucoup dans la pr\u00e9paration \u00e0 un travail d&#8217;universitaires avec en plus parfois des interviews ou des conversations avec des personnes pour nous indiquer un petit peu quelle est la v\u00e9rit\u00e9 ou quelles sont les informations les plus importantes. Mais voil\u00e0.<\/p>\n\n\n\n<p><a id=\"sonaar_ts-6927d46e778e3\" class=\"srmp3_sonaar_ts_shortcode\"  style=\"\" href=\"javascript:sonaar_ts_shortcode({ trackid:'0', time:'00:09:03', ts_id:'6927d46e778e3', play_icon:'' }) ;\">[00:09:03]<\/a> Puis ensuite, une fois qu&#8217;on a&#8230; qu&#8217;on a enregistr\u00e9, donc, on se fait une petite r\u00e9union \u00e0 distance, on enregistre et puis on fait passer l&#8217;enregistrement \u00e0 notre ing\u00e9nieur du son, Chris. Salut Chris !<\/p>\n\n\n\n<p><a id=\"sonaar_ts-6927d46e778e9\" class=\"srmp3_sonaar_ts_shortcode\"  style=\"\" href=\"javascript:sonaar_ts_shortcode({ trackid:'0', time:'00:09:17', ts_id:'6927d46e778e9', play_icon:'' }) ;\">[00:09:17]<\/a> Salut, salut!<\/p>\n\n\n\n<p><a id=\"sonaar_ts-6927d46e778ee\" class=\"srmp3_sonaar_ts_shortcode\"  style=\"\" href=\"javascript:sonaar_ts_shortcode({ trackid:'0', time:'00:09:18', ts_id:'6927d46e778ee', play_icon:'' }) ;\">[00:09:18]<\/a> Merci beaucoup d&#8217;ailleurs \u00e0 toi parce qu&#8217;il est essentiel dans notre travail. Il s&#8217;occupe de faire en sorte que le son soit bien cal\u00e9 et qu&#8217;il n&#8217;y ait pas d\u2019interf\u00e9rences, que la voix soit \u00e0 un bon niveau sonore, etc. Et voil\u00e0 ensuite, peut-\u00eatre que je vais laisser Anna pour nous parler de ce qui est transcription. Et puis les derniers, les derniers \u00e9l\u00e9ments avant de publier<\/p>\n\n\n\n<p><a id=\"sonaar_ts-6927d46e778f3\" class=\"srmp3_sonaar_ts_shortcode\"  style=\"\" href=\"javascript:sonaar_ts_shortcode({ trackid:'0', time:'00:09:43', ts_id:'6927d46e778f3', play_icon:'' }) ;\">[00:09:43]<\/a> Quand la plus grosse, la plus grosse partie du travail est faite, c&#8217;est moi qui entre en sc\u00e8ne. Donc moi, je m&#8217;occupe de la transcription, je corrige ce qui doit \u00eatre corrig\u00e9. Je fais le dernier check, on peut dire, et c&#8217;est moi aussi qui ajoute des traductions en anglais, du vocabulaire qui pourrait vous poser un peu de probl\u00e8mes, qui est un peu sp\u00e9cifique. Et comme \u00e7a, on peut dire que\u2026 \u00e0 vrai dire que c&#8217;est toute l&#8217;\u00e9quipe d&#8217;innerFrench qui cr\u00e9e un seul \u00e9pisode du podcast.<\/p>\n\n\n\n<p><a id=\"sonaar_ts-6927d46e778f8\" class=\"srmp3_sonaar_ts_shortcode\"  style=\"\" href=\"javascript:sonaar_ts_shortcode({ trackid:'0', time:'00:10:19', ts_id:'6927d46e778f8', play_icon:'' }) ;\">[00:10:19]<\/a> Et pour le temps que \u00e7a prend, je dirais que \u00e7a d\u00e9pend vraiment des sujets. Avec Hugo, on s&#8217;est rendu compte que \u00e7a va quand m\u00eame assez&#8230;plus rapidement quand on est deux et qu&#8217;on fait une conversation parce qu&#8217;\u00e9crire le script en avance, \u00e7a peut prendre du temps, surtout quand on est perfectionniste, n&#8217;est-ce pas Hugo ? Et donc, \u00e7a peut \u00eatre une semaine, deux semaines, voire un mois, quand on commence vraiment \u00e0 s&#8217;arracher les cheveux sur ce qu&#8217;on veut faire exactement.<\/p>\n\n\n\n<p><a id=\"sonaar_ts-6927d46e778fd\" class=\"srmp3_sonaar_ts_shortcode\"  style=\"\" href=\"javascript:sonaar_ts_shortcode({ trackid:'0', time:'00:10:46', ts_id:'6927d46e778fd', play_icon:'' }) ;\">[00:10:46]<\/a> Apr\u00e8s, quand on dit une semaine, deux semaines ou un mois, ce n&#8217;est pas&#8230;ce n&#8217;est pas du 24\/24, donc c&#8217;est&#8230; Moi, en g\u00e9n\u00e9ral, ce que je fais, c&#8217;est que j&#8217;essaye de diviser ma journ\u00e9e en deux. Le matin, je fais plut\u00f4t les choses cr\u00e9atives, notamment l&#8217;\u00e9criture de script ou la pr\u00e9paration de sujets. Et l&#8217;apr\u00e8s midi, c&#8217;est plut\u00f4t&#8230; donc le travail en \u00e9quipe, les t\u00e2ches plus administratives.<\/p>\n\n\n\n<p><a id=\"sonaar_ts-6927d46e77902\" class=\"srmp3_sonaar_ts_shortcode\"  style=\"\" href=\"javascript:sonaar_ts_shortcode({ trackid:'0', time:'00:11:13', ts_id:'6927d46e77902', play_icon:'' }) ;\">[00:11:13]<\/a> C&#8217;est difficile, m\u00eame je pense pour les journalistes, c&#8217;est difficile d&#8217;\u00e9crire toute la journ\u00e9e ou d&#8217;\u00e9crire sur un sujet pendant plus de quatre heures d&#8217;affil\u00e9e. Donc c&#8217;est pour \u00e7a que \u00e7a prend du temps, parce que chaque jour, on a aussi une quantit\u00e9 d&#8217;\u00e9nergie limit\u00e9e pour ce qui&#8230; est en ce qui concerne les t\u00e2ches cr\u00e9atives, par exemple.<\/p>\n\n\n\n<p><a id=\"sonaar_ts-6927d46e77907\" class=\"srmp3_sonaar_ts_shortcode\"  style=\"\" href=\"javascript:sonaar_ts_shortcode({ trackid:'0', time:'00:11:32', ts_id:'6927d46e77907', play_icon:'' }) ;\">[00:11:32]<\/a> Effectivement. Donc, c&#8217;est un petit peu par ci, par l\u00e0 quand le cerveau est disponible pour \u00e7a,<\/p>\n\n\n\n<p><a id=\"sonaar_ts-6927d46e7790d\" class=\"srmp3_sonaar_ts_shortcode\"  style=\"\" href=\"javascript:sonaar_ts_shortcode({ trackid:'0', time:'00:11:39', ts_id:'6927d46e7790d', play_icon:'' }) ;\">[00:11:39]<\/a> OK. Ensuite, on avait une question de Jessy.<\/p>\n\n\n\n<p><a id=\"sonaar_ts-6927d46e77912\" class=\"srmp3_sonaar_ts_shortcode\"  style=\"\" href=\"javascript:sonaar_ts_shortcode({ trackid:'0', time:'00:11:42', ts_id:'6927d46e77912', play_icon:'' }) ;\">[00:11:42]<\/a> Salut Hugo, Anna et Ingrid. Tout d&#8217;abord grandes f\u00e9licitations pour le 100\u00e8me. Je m&#8217;appelle Jessy et j&#8217;habite aux \u00c9tats-Unis. J&#8217;\u00e9coute le podcast d&#8217;innerFrench depuis deux ans maintenant. Merci \u00e9norm\u00e9ment pour tout ce que vous faites. Ma question pour vous aujourd&#8217;hui, c&#8217;est que&#8230; \u00e0 votre avis, quelle est la chose la plus essentielle pour un podcast r\u00e9ussi et durable ? Merci et j&#8217;ai h\u00e2te d&#8217;\u00e9couter votre r\u00e9ponse !<\/p>\n\n\n\n<p><a id=\"sonaar_ts-6927d46e77917\" class=\"srmp3_sonaar_ts_shortcode\"  style=\"\" href=\"javascript:sonaar_ts_shortcode({ trackid:'0', time:'00:12:12', ts_id:'6927d46e77917', play_icon:'' }) ;\">[00:12:12]<\/a> Alors merci Jessy pour cette question. C&#8217;est&#8230; c&#8217;est assez difficile d&#8217;y r\u00e9pondre parce qu&#8217;en g\u00e9n\u00e9ral, on a ce qu&#8217;on appelle le biais du survivant . Ce biais, c&#8217;est un biais cognitif qui fait que quand on a r\u00e9ussi quelque chose, on a l&#8217;impression d&#8217;avoir trouv\u00e9 une recette magique. Mais en fait, on ne se rend pas compte que ce qui a march\u00e9 pour nous ne marche pas forc\u00e9ment pour les autres. Et le podcast innerFrench marche plut\u00f4t bien.<\/p>\n\n\n\n<p><a id=\"sonaar_ts-6927d46e7791c\" class=\"srmp3_sonaar_ts_shortcode\"  style=\"\" href=\"javascript:sonaar_ts_shortcode({ trackid:'0', time:'00:12:43', ts_id:'6927d46e7791c', play_icon:'' }) ;\">[00:12:43]<\/a> Moi, j&#8217;ai l&#8217;impression que c&#8217;est parce qu&#8217;il r\u00e9pond vraiment \u00e0 un besoin. Ce besoin, comme vous le savez, c&#8217;\u00e9tait d&#8217;avoir des podcasts qui traitent de sujets int\u00e9ressants, avec un niveau accessible aux apprenants interm\u00e9diaires. Il y avait vraiment une demande pour \u00e7a. Moi, je m&#8217;en suis rendu compte parce qu&#8217;en tant que prof, je voyais que mes \u00e9l\u00e8ves en avaient besoin et je trouvais pas de podcast qu&#8217;ils soient vraiment adapt\u00e9s. Donc \u00e7a, je pense que c&#8217;est le premier ingr\u00e9dient. Faire un podcast sur un sujet qui nous int\u00e9resse, c&#8217;est bien, mais il faut aussi que ce podcast r\u00e9ponde ou s&#8217;adresse \u00e0 une audience en particulier, donc essayer de trouver son audience ou sa niche.<\/p>\n\n\n\n<p><a id=\"sonaar_ts-6927d46e77921\" class=\"srmp3_sonaar_ts_shortcode\"  style=\"\" href=\"javascript:sonaar_ts_shortcode({ trackid:'0', time:'00:13:25', ts_id:'6927d46e77921', play_icon:'' }) ;\">[00:13:25]<\/a> Et puis ensuite, pour qu&#8217;il soit durable, l\u00e0, effectivement, il faut plut\u00f4t&#8230; \u00e7a d\u00e9pend de vos pr\u00e9f\u00e9rences personnelles en fait. Moi, par exemple, je ne pourrais pas faire un podcast durable sur je ne sais pas&#8230; l&#8217;ing\u00e9ni\u00e9rie parce que je ne suis pas ing\u00e9nieur et ce n&#8217;est pas des sujets qui m&#8217;int\u00e9ressent particuli\u00e8rement. Donc voil\u00e0, c&#8217;est bien de trouver un sujet qui vous plaise, que vous avez envie d&#8217;approfondir. Donc voil\u00e0, \u00e7a, c&#8217;est ce qui va faire sa durabilit\u00e9, on peut dire. Et ensuite d&#8217;avoir une \u00e9quipe. Moi, je vois que \u00e7a m&#8217;a vraiment redonner envie de continuer les \u00e9pisodes du podcast depuis qu&#8217;on fait \u00e7a \u00e0 plusieurs, parce que c&#8217;est plus marrant, \u00e7a permet de changer de format, de diversifier, etc. Donc, c&#8217;est un peu les conseils que je pourrais donner.<\/p>\n\n\n\n<p><a id=\"sonaar_ts-6927d46e77926\" class=\"srmp3_sonaar_ts_shortcode\"  style=\"\" href=\"javascript:sonaar_ts_shortcode({ trackid:'0', time:'00:14:10', ts_id:'6927d46e77926', play_icon:'' }) ;\">[00:14:10]<\/a> Et on avait une autre question d&#8217;Assan un peu&#8230; Qui est li\u00e9e en fait \u00e0 ce sujet et nous demandait quelle est la bonne m\u00e9thode pour atteindre beaucoup de spectateurs, selon vous : cr\u00e9er un podcast ou bien faire une vid\u00e9o.<\/p>\n\n\n\n<p><a id=\"sonaar_ts-6927d46e7792c\" class=\"srmp3_sonaar_ts_shortcode\"  style=\"\" href=\"javascript:sonaar_ts_shortcode({ trackid:'0', time:'00:14:25', ts_id:'6927d46e7792c', play_icon:'' }) ;\">[00:14:25]<\/a> Alors, ce qui est bien avec la vid\u00e9o, et je pense que quand il dit vid\u00e9o, il pense plut\u00f4t aux vid\u00e9os YouTube, c&#8217;est qu&#8217;avec YouTube, il y a un algorithme qui peut recommander ses vid\u00e9os \u00e0 une nouvelle audience. Donc, les vid\u00e9os, c&#8217;est tr\u00e8s bien pour toucher de nouveaux spectateurs, mais ensuite, le podcast, c&#8217;est un bon format pour fid\u00e9liser, on peut dire, son audience parce que c&#8217;est un format qui est beaucoup plus intimiste. On passe plus de temps aussi \u00e0 \u00e9couter les podcasts parce que, comme vous le savez tr\u00e8s bien, on peut le faire tout en faisant d&#8217;autres&#8230; des t\u00e2ches m\u00e9nag\u00e8res, en faisant du sport, etc. Donc, \u00e7a permet de passer plus de temps avec la personne et il y a moins de distractions que quand on est sur YouTube, o\u00f9 il y a en permanence des dizaines de vid\u00e9os qui nous sont recommand\u00e9s donc voil\u00e0, c&#8217;est plus difficile de rester concentr\u00e9 sur une chose. Donc, si l&#8217;objectif, c&#8217;est de toucher une nouvelle audience, les vid\u00e9os, c&#8217;est mieux, mais ensuite, le podcast, c&#8217;est tr\u00e8s bien pour fid\u00e9liser cette audience.<\/p>\n\n\n\n<p><a id=\"sonaar_ts-6927d46e77931\" class=\"srmp3_sonaar_ts_shortcode\"  style=\"\" href=\"javascript:sonaar_ts_shortcode({ trackid:'0', time:'00:15:23', ts_id:'6927d46e77931', play_icon:'' }) ;\">[00:15:23]<\/a> Alors, la question suivante, c&#8217;est de la part de Bora. Elle nous pose la question quelle est votre langue de travail et comment est-ce que vous vous organisez pour travailler ensemble.<\/p>\n\n\n\n<p><a id=\"sonaar_ts-6927d46e77936\" class=\"srmp3_sonaar_ts_shortcode\"  style=\"\" href=\"javascript:sonaar_ts_shortcode({ trackid:'0', time:'00:15:33', ts_id:'6927d46e77936', play_icon:'' }) ;\">[00:15:33]<\/a> Alors nous, notre langue de communication, c&#8217;est le fran\u00e7ais, rien de surprenant ici, mais peut-\u00eatre que je devrais que&#8230; je devrais motiver Hugo \u00e0 un peu plus pour parler polonais, on verra, on verra.<\/p>\n\n\n\n<p><a id=\"sonaar_ts-6927d46e7793a\" class=\"srmp3_sonaar_ts_shortcode\"  style=\"\" href=\"javascript:sonaar_ts_shortcode({ trackid:'0', time:'00:15:46', ts_id:'6927d46e7793a', play_icon:'' }) ;\">[00:15:46]<\/a> Oui, mais sans moi !<\/p>\n\n\n\n<p><a id=\"sonaar_ts-6927d46e7793f\" class=\"srmp3_sonaar_ts_shortcode\"  style=\"\" href=\"javascript:sonaar_ts_shortcode({ trackid:'0', time:'00:15:51', ts_id:'6927d46e7793f', play_icon:'' }) ;\">[00:15:51]<\/a> On verra, on verra&#8230;Et comment, comment on s&#8217;organise pour travailler ensemble ? Alors, chaque lundi, on organise une r\u00e9union d&#8217;\u00e9quipe pour s&#8217;organiser des t\u00e2ches, pour diviser les t\u00e2ches entre toute l&#8217;\u00e9quipe, parce qu&#8217;on essaye \u00e0 chaque fois de faire en sorte que personne ne soit d\u00e9bord\u00e9 de travail, mais qu&#8217;on, mais qu&#8217;on partage des t\u00e2ches de fa\u00e7on juste, de mani\u00e8re juste.<\/p>\n\n\n\n<p><a id=\"sonaar_ts-6927d46e77944\" class=\"srmp3_sonaar_ts_shortcode\"  style=\"\" href=\"javascript:sonaar_ts_shortcode({ trackid:'0', time:'00:16:25', ts_id:'6927d46e77944', play_icon:'' }) ;\">[00:16:25]<\/a> Donc, on fait \u00e7a lundi. C&#8217;est une r\u00e9union qui dure environ, je ne sais pas une heure, un peu moins et donc on fait tout le planning, on d\u00e9cide sur ce qu&#8217;on doit faire et quel jour.<\/p>\n\n\n\n<p><a id=\"sonaar_ts-6927d46e77948\" class=\"srmp3_sonaar_ts_shortcode\"  style=\"\" href=\"javascript:sonaar_ts_shortcode({ trackid:'0', time:'00:16:43', ts_id:'6927d46e77948', play_icon:'' }) ;\">[00:16:43]<\/a> Et apr\u00e8s, on utilise aussi plusieurs outils. Notre outil le plus important de communication, c&#8217;est notre chat sur lequel on a plusieurs, plusieurs cha\u00eenes th\u00e9matiques. Et si on a quelque chose \u00e0 communiquer, on s&#8217;\u00e9crit sur ce chat-l\u00e0. Puis, on a beaucoup de documents qu&#8217;on partage ensemble. Parce que si, m\u00eame si une personne travaille sur une t\u00e2che concr\u00e8te, puis il y a aussi d&#8217;autres qui.. qui ajoutent ses id\u00e9es ou ou&#8230;on fait un r\u00e9sum\u00e9 tout ensemble. Apr\u00e8s, donc, c&#8217;est vraiment. J&#8217;ai l&#8217;impression que c&#8217;est vraiment un travail collectif entre nous. Et \u00e7a, c&#8217;est super. Et bien s\u00fbr aussi chacun a ses propres t\u00e2ches dont il est responsable.<\/p>\n\n\n\n<p><a id=\"sonaar_ts-6927d46e7794d\" class=\"srmp3_sonaar_ts_shortcode\"  style=\"\" href=\"javascript:sonaar_ts_shortcode({ trackid:'0', time:'00:17:32', ts_id:'6927d46e7794d', play_icon:'' }) ;\">[00:17:32]<\/a> Et, en g\u00e9n\u00e9ral bon, cette organisation, c&#8217;est encore du work in progress, comme on dit. Donc voil\u00e0, on apprend au fur et \u00e0 mesure parce que moi, j&#8217;ai jamais eu d&#8217;\u00e9quipe avant. On travaille tous \u00e0 distance, qui est quelque chose d&#8217;assez nouveau aussi. Donc voil\u00e0, pour le moment, c&#8217;est&#8230; on essaye d&#8217;apprendre tous ensemble, de partager ce qui marche, ce qui ne marche pas. Et moi, je le vois vraiment comme quelque chose de collaboratif. Mais j&#8217;esp\u00e8re que vous aussi ?<\/p>\n\n\n\n<p><a id=\"sonaar_ts-6927d46e77952\" class=\"srmp3_sonaar_ts_shortcode\"  style=\"\" href=\"javascript:sonaar_ts_shortcode({ trackid:'0', time:'00:18:02', ts_id:'6927d46e77952', play_icon:'' }) ;\">[00:18:02]<\/a> Oui, bien s\u00fbr. Ha ha! T&#8217;inqui\u00e8te pas.<\/p>\n\n\n\n<p><a id=\"sonaar_ts-6927d46e77957\" class=\"srmp3_sonaar_ts_shortcode\"  style=\"\" href=\"javascript:sonaar_ts_shortcode({ trackid:'0', time:'00:18:04', ts_id:'6927d46e77957', play_icon:'' }) ;\">[00:18:04]<\/a> Oui, tout \u00e0 fait.<\/p>\n\n\n\n<p><a id=\"sonaar_ts-6927d46e7795c\" class=\"srmp3_sonaar_ts_shortcode\"  style=\"\" href=\"javascript:sonaar_ts_shortcode({ trackid:'0', time:'00:18:07', ts_id:'6927d46e7795c', play_icon:'' }) ;\">[00:18:07]<\/a> Ensuite, on avait une question de Judith qui est toujours \u00e0 propos du podcast qui nous demande si on surveille les \u00e9pisodes en terme du nombre d&#8217;auditeurs et s&#8217;il y a des \u00e9pisodes qui marchent mieux que d&#8217;autres. Et si oui, lequel a \u00e9t\u00e9 le plus populaire jusqu&#8217;\u00e0 pr\u00e9sent.<\/p>\n\n\n\n<p><a id=\"sonaar_ts-6927d46e77961\" class=\"srmp3_sonaar_ts_shortcode\"  style=\"\" href=\"javascript:sonaar_ts_shortcode({ trackid:'0', time:'00:18:25', ts_id:'6927d46e77961', play_icon:'' }) ;\">[00:18:25]<\/a> Alors dans l&#8217;ensemble, l\u00e0, je viens de regarder les states. On est \u00e0 quasiment 10 millions de t\u00e9l\u00e9chargements pour tous les \u00e9pisodes cumul\u00e9s depuis le d\u00e9but du podcast, depuis 4 ans, donc c&#8217;est vraiment pas mal, on est tr\u00e8s content. Et en fait, contrairement aux vid\u00e9os sur la cha\u00eene YouTube, comme il n&#8217;y a pas d&#8217;algorithme qui recommande un podcast plut\u00f4t qu&#8217;un autre, c&#8217;est vrai qu&#8217;en g\u00e9n\u00e9ral, les \u00e9pisodes font plus ou moins le m\u00eame nombre d&#8217;\u00e9coutes.<\/p>\n\n\n\n<p><a id=\"sonaar_ts-6927d46e77966\" class=\"srmp3_sonaar_ts_shortcode\"  style=\"\" href=\"javascript:sonaar_ts_shortcode({ trackid:'0', time:'00:18:25', ts_id:'6927d46e77966', play_icon:'' }) ;\">[00:18:53]<\/a> La plupart des personnes qui sont abonn\u00e9es au podcast \u00e9coutent chaque nouvel \u00e9pisode. Donc, voil\u00e0, il y en a pas sp\u00e9cialement qui sont beaucoup plus populaires que d&#8217;autres. Parfois, il y a un sujet qui marche un peu mieux, mais quand on regarde les states, l&#8217;\u00e9pisode le plus populaire, c&#8217;est tout simplement le premier, le plus ancien, parce qu&#8217;il y a beaucoup de personnes qui, logiquement, commencent par celui-l\u00e0. Ensuite, le deuxi\u00e8me, le troisi\u00e8me est dans les \u00e9pisodes plus r\u00e9cents, celui sur l&#8217;humour fran\u00e7ais a bien fonctionn\u00e9. Pourquoi l&#8217;humour fran\u00e7ais s&#8217;exporte-t-il mal ? Et \u00e9galement l&#8217;\u00e9pisode sur les anti-vaccins en France. Donc, on en parlait avec Ingrid et c&#8217;est vrai qu&#8217;on est plut\u00f4t content parce que m\u00eame les sujets pol\u00e9miques, finalement, fonctionnent assez bien.<\/p>\n\n\n\n<p><a id=\"sonaar_ts-6927d46e7796b\" class=\"srmp3_sonaar_ts_shortcode\"  style=\"\" href=\"javascript:sonaar_ts_shortcode({ trackid:'0', time:'00:19:41', ts_id:'6927d46e7796b', play_icon:'' }) ;\">[00:19:41]<\/a> Au contraire, \u00e7a fonctionne encore mieux. Vous aimez bien quand on touche \u00e0 des petites pol\u00e9miques et des d\u00e9bats.<\/p>\n\n\n\n<p><a id=\"sonaar_ts-6927d46e77970\" class=\"srmp3_sonaar_ts_shortcode\"  style=\"\" href=\"javascript:sonaar_ts_shortcode({ trackid:'0', time:'00:19:48', ts_id:'6927d46e77970', play_icon:'' }) ;\">[00:19:48]<\/a> Vous aimez bien la pol\u00e9mique et nous aussi. Donc voil\u00e0, \u00e7a tombe bien.<\/p>\n\n\n\n<p><a id=\"sonaar_ts-6927d46e77975\" class=\"srmp3_sonaar_ts_shortcode\"  style=\"\" href=\"javascript:sonaar_ts_shortcode({ trackid:'0', time:'00:19:52', ts_id:'6927d46e77975', play_icon:'' }) ;\">[00:19:52]<\/a> Ok, donc l\u00e0, c&#8217;est bon. On vous a fait un petit topo sur la mani\u00e8re dont on travaille. Maintenant, on va passer \u00e0 la seconde partie, qui est plut\u00f4t par rapport au futur d&#8217;innerFrench et \u00e0 ce qu&#8217;on envisage pour la suite. Alors tout d&#8217;abord, on va commencer avec une question de Benjamin de Berlin. On l&#8217;\u00e9coute.<\/p>\n\n\n\n<p><a id=\"sonaar_ts-6927d46e7797a\" class=\"srmp3_sonaar_ts_shortcode\"  style=\"\" href=\"javascript:sonaar_ts_shortcode({ trackid:'0', time:'00:20:13', ts_id:'6927d46e7797a', play_icon:'' }) ;\">[00:20:13]<\/a> Bonjour ch\u00e8re \u00e9quipe d&#8217;innerFrench. Je m&#8217;appelle Benjamin, je viens de Berlin et oui, tout d&#8217;abord mes f\u00e9licitations sinc\u00e8res pour votre 100\u00e8me \u00e9pisode d&#8217;innerFrench, du \u00abd\u00eener fran\u00e7ais\u00bb<strong>,<\/strong> ha ha, petite blague. Question&#8230; ma question ! En fait, Hugo, je me souviens&#8230; oui, dans un \u00e9pisode, tu avais dit donc apr\u00e8s <i>Raconte ton histoire,<\/i> tu veux faire un programme, plut\u00f4t viser ou aider les d\u00e9butants, programme de d\u00e9butant et je me suis demand\u00e9 si, je ne sais pas, peut-\u00eatre apr\u00e8s&#8230; comme projet d&#8217;apr\u00e8s&#8230; si tu peux aussi concevoir, faire un programme pour les avanc\u00e9s C1, direction C2. Donc merci beaucoup et au revoir, ciao ciao !<\/p>\n\n\n\n<p><a id=\"sonaar_ts-6927d46e77980\" class=\"srmp3_sonaar_ts_shortcode\"  style=\"\" href=\"javascript:sonaar_ts_shortcode({ trackid:'0', time:'00:21:12', ts_id:'6927d46e77980', play_icon:'' }) ;\">[00:21:12]<\/a> Merci beaucoup, Benjamin pour ta question. Donc tu es pas le seul \u00e0 nous avoir pos\u00e9 cette question. On a aussi Mike qui nous demandait si on avait l&#8217;intention de faire des podcasts pour le niveau C1, C2. On avait aussi Kevin du Mexique, qui nous demandait si on voulait faire un nouveau cours sans pr\u00e9ciser pour quel niveau. Et puis St\u00e9phanie, qui vient des Etats-Unis, qui nous pose une question un peu similaire par rapport au podcast. Donc voil\u00e0, vous \u00eates quatre \u00e0 nous avoir demand\u00e9 un peu si on allait faire soit des nouveaux podcasts, soit des nouveaux cours pour des autres niveaux. Alors Hugo, est-ce que tu pourrais nous r\u00e9pondre sur \u00e7a ?<\/p>\n\n\n\n<p><a id=\"sonaar_ts-6927d46e77985\" class=\"srmp3_sonaar_ts_shortcode\"  style=\"\" href=\"javascript:sonaar_ts_shortcode({ trackid:'0', time:'00:21:53', ts_id:'6927d46e77985', play_icon:'' }) ;\">[00:21:53]<\/a> Alors oui, c&#8217;\u00e9tait surtout des questions qui concernaient les niveaux avanc\u00e9s et on en a pas mal parl\u00e9 entre nous. Mais c&#8217;est vrai que c&#8217;est difficile en fait de cr\u00e9er un cours pour les niveaux C1, C2 parce qu&#8217;\u00e0 ces niveaux-l\u00e0, vous \u00eates d\u00e9j\u00e0 capables de comprendre les contenus pour les natifs. Donc cr\u00e9er davantage de le\u00e7ons vid\u00e9os ou m\u00eame des conversations, \u00e7a ne serait pas forc\u00e9ment tr\u00e8s utile et \u00e7a serait&#8230; au niveau de la qualit\u00e9 \u00e7a serait jamais aussi bien que de regarder un film ou une s\u00e9rie, ou m\u00eame des vid\u00e9os de Youtubeurs qui s&#8217;adressent aux natifs.<\/p>\n\n\n\n<p><a id=\"sonaar_ts-6927d46e7798a\" class=\"srmp3_sonaar_ts_shortcode\"  style=\"\" href=\"javascript:sonaar_ts_shortcode({ trackid:'0', time:'00:22:30', ts_id:'6927d46e7798a', play_icon:'' }) ;\">[00:22:30]<\/a> Et en g\u00e9n\u00e9ral, \u00e0 ce niveau l\u00e0, il faut vraiment travailler de mani\u00e8re individuelle. C&#8217;est pour \u00e7a que m\u00eame dans les instituts fran\u00e7ais, les Alliances fran\u00e7aises, il y a rarement des cours g\u00e9n\u00e9raux pour les niveaux C1, C2. En fait, il y a plut\u00f4t soit des cours de conversation, soit on vous propose des cours individuels directement avec un professeur parce qu&#8217;\u00e0 ces niveaux-l\u00e0, chacun fait un peu ses propres petites erreurs sur des petits d\u00e9tails. Donc, faire un cours g\u00e9n\u00e9ral juste pour pr\u00e9ciser quelques d\u00e9tails techniques sur la grammaire qui ne vont pas concerner certains, et puis que d&#8217;autres ne vont pas forc\u00e9ment comprendre, \u00e7a n&#8217;a pas trop de sens, en fait. Pour le moment, on n&#8217;a pas trouv\u00e9 de bonnes formules, je pense pour les niveaux C1, C2. Mais Ingrid, il me semble que tu avais peut-\u00eatre une id\u00e9e.<\/p>\n\n\n\n<p><a id=\"sonaar_ts-6927d46e7798f\" class=\"srmp3_sonaar_ts_shortcode\"  style=\"\" href=\"javascript:sonaar_ts_shortcode({ trackid:'0', time:'00:23:21', ts_id:'6927d46e7798f', play_icon:'' }) ;\">[00:23:21]<\/a> Hum, oui, moi, je pensais que peut-\u00eatre ce qui vous manquait, c&#8217;\u00e9tait avoir du vocabulaire tr\u00e8s sp\u00e9cifique sur des sujets que vous n&#8217;avez jamais partag\u00e9, vous n&#8217;avez jamais entendu. Donc \u00e9ventuellement, ce qu&#8217;on pourrait faire, c&#8217;est faire des cours ou m\u00eame des podcasts, mais sur des sujets un peu techniques, sp\u00e9cifiques, o\u00f9 il y aurait par exemple des questions culturelles ou m\u00eame si vous parlez parfaitement, vous avez une tr\u00e8s bonne compr\u00e9hension de l&#8217;oral, c&#8217;est s\u00fbr que si vous avez jamais parl\u00e9 de je ne sais pas quelque chose, un th\u00e8me scientifique en particulier, vous n&#8217;allez pas avoir le vocabulaire.<\/p>\n\n\n\n<p><a id=\"sonaar_ts-6927d46e77995\" class=\"srmp3_sonaar_ts_shortcode\"  style=\"\" href=\"javascript:sonaar_ts_shortcode({ trackid:'0', time:'00:23:58', ts_id:'6927d46e77995', play_icon:'' }) ;\">[00:23:58]<\/a> Donc, ce serait plut\u00f4t \u00e7a. L&#8217;id\u00e9e, ce serait de faire des cours ou des podcasts th\u00e9matiques sur des sujets qui soient des sciences humaines, des sciences dures, de la politique, voil\u00e0 des choses plus techniques. Apr\u00e8s, c&#8217;est un peu ce qu&#8217;on fait. Donc, naturellement, nos podcasts vont aller vers des choses plus avanc\u00e9es. Et puis apr\u00e8s, si vous voulez des choses tr\u00e8s avanc\u00e9es, de toute fa\u00e7on, vu votre niveau dans les questions que vous nous avez pos\u00e9es, vous pouvez aller aussi sur tous les nombreux podcasts qui existent en fran\u00e7ais pour les natifs.<\/p>\n\n\n\n<p><a id=\"sonaar_ts-6927d46e7799a\" class=\"srmp3_sonaar_ts_shortcode\"  style=\"\" href=\"javascript:sonaar_ts_shortcode({ trackid:'0', time:'00:24:34', ts_id:'6927d46e7799a', play_icon:'' }) ;\">[00:24:34]<\/a> D&#8217;ailleurs, il y a une application g\u00e9niale pour \u00e7a que je vous recommande, c&#8217;est l&#8217;application Radio France sur laquelle vous pouvez retrouver les podcasts des principales stations de radio publiques fran\u00e7aises, notamment France Culture, France Inter. Vous pouvez enregistrer ces podcasts dans votre biblioth\u00e8que et les \u00e9couter hors ligne aussi, il me semble. Donc c&#8217;est vraiment une tr\u00e8s bonne source de contenu. C&#8217;est des contenus de qualit\u00e9 que je vous recommande.<\/p>\n\n\n\n<p><a id=\"sonaar_ts-6927d46e779b6\" class=\"srmp3_sonaar_ts_shortcode\"  style=\"\" href=\"javascript:sonaar_ts_shortcode({ trackid:'0', time:'00:25:01', ts_id:'6927d46e779b6', play_icon:'' }) ;\">[00:25:01]<\/a> Et effectivement, nous maintenant, dans nos conversations, on parle de mani\u00e8re quasiment naturelle. Donc, vous savez que la vitesse a augment\u00e9. D&#8217;ailleurs, il y a certaines personnes qui trouvent \u00e7a un peu trop difficile. Donc nous, on essaie toujours de trouver le juste milieu. Mais dans le futur, il y aura plus de podcasts au format de conversation. On va essayer de faire plus d&#8217;interviews aussi avec des experts, comme notamment on a fait avec Florian Vandepitte et celui qu&#8217;Ingrid a fait sur Louise Michel.<\/p>\n\n\n\n<p><a id=\"sonaar_ts-6927d46e779bc\" class=\"srmp3_sonaar_ts_shortcode\"  style=\"\" href=\"javascript:sonaar_ts_shortcode({ trackid:'0', time:'00:25:35', ts_id:'6927d46e779bc', play_icon:'' }) ;\">[00:25:35]<\/a> Yhm avec Mathilde Larr\u00e8re.<\/p>\n\n\n\n<p><a id=\"sonaar_ts-6927d46e779c5\" class=\"srmp3_sonaar_ts_shortcode\"  style=\"\" href=\"javascript:sonaar_ts_shortcode({ trackid:'0', time:'00:25:37', ts_id:'6927d46e779c5', play_icon:'' }) ;\">[00:25:37]<\/a> Oui, exactement. Donc, on essaie de se diriger vers cette direction.<\/p>\n\n\n\n<p><a id=\"sonaar_ts-6927d46e779cb\" class=\"srmp3_sonaar_ts_shortcode\"  style=\"\" href=\"javascript:sonaar_ts_shortcode({ trackid:'0', time:'00:25:42', ts_id:'6927d46e779cb', play_icon:'' }) ;\">[00:25:42]<\/a> Je ne sais pas si Anna, tu voulais ajouter quelque chose par rapport \u00e0 ton exp\u00e9rience, toi qui a.. qui en est pass\u00e9 par l\u00e0, justement ?<\/p>\n\n\n\n<p><a id=\"sonaar_ts-6927d46e779d2\" class=\"srmp3_sonaar_ts_shortcode\"  style=\"\" href=\"javascript:sonaar_ts_shortcode({ trackid:'0', time:'0', ts_id:'6927d46e779d2', play_icon:'' }) ;\">[00:25:48]<\/a> Oui, moi, je suis tout \u00e0 fait en fait d&#8217;accord avec Hugo parce que c&#8217;est vrai que c&#8217;est beaucoup une histoire d&#8217;un voyage individuel, d&#8217;un parcours individuel quand on.., quand est au niveau avanc\u00e9, quand on veut avancer encore et encore, c&#8217;est vraiment la question d&#8217;\u00e9couter les natifs parler, de se trouver des \u00e9missions pour les natifs, destin\u00e9s vraiment aux natifs et essayer aussi d&#8217;\u00e9couter diff\u00e9rents accents parce que chaque personne a aussi sa propre fa\u00e7on de parler, chaque personne a son vocabulaire pr\u00e9f\u00e9r\u00e9 donc vraiment essayer de diversifier les ressources. Et aussi, moi, je voudrais vous f\u00e9liciter parce que si vous \u00e9coutez ces derniers \u00e9pisodes et que vous comprenez tout, \u00e7a veut dire que vous avez d\u00e9j\u00e0 un niveau avanc\u00e9. Donc c&#8217;est tr\u00e8s, tr\u00e8s bien.<\/p>\n\n\n\n<p><a id=\"sonaar_ts-6927d46e779d8\" class=\"srmp3_sonaar_ts_shortcode\"  style=\"\" href=\"javascript:sonaar_ts_shortcode({ trackid:'0', time:'00:26:40', ts_id:'6927d46e779d8', play_icon:'' }) ;\">[00:26:40]<\/a> Effectivement, on l&#8217;oublie parfois, mais c&#8217;est bien de vous f\u00e9liciter pour tous les progr\u00e8s que vous avez accomplis, mais on est toujours tr\u00e8s impressionn\u00e9, m\u00eame par vos enregistrements. Donc voil\u00e0, continuez comme \u00e7a.<\/p>\n\n\n\n<p><a id=\"sonaar_ts-6927d46e779dd\" class=\"srmp3_sonaar_ts_shortcode\"  style=\"\" href=\"javascript:sonaar_ts_shortcode({ trackid:'0', time:'00:26:52', ts_id:'6927d46e779dd', play_icon:'' }) ;\">[00:26:52]<\/a> Et il y a aussi ce qu&#8217;on peut appeler le syndrome du bon \u00e9l\u00e8ve, une forme d&#8217;addiction au fait aux cours. Et on a toujours envie d&#8217;avoir la suite et c&#8217;est vrai qu&#8217;avec les cours, on a un sentiment d&#8217;accomplissement, on a fait quelque chose de concret. Mais une fois que vous \u00eates au niveau avanc\u00e9, vous n&#8217;avez plus vraiment besoin d&#8217;apprendre la langue. Vous devez l&#8217;utiliser, en fait. Donc, continuer de faire des cours, que ce soit dans des \u00e9coles de langues ou sur Internet, \u00e7a n&#8217;a pas vraiment de sens.<\/p>\n\n\n\n<p><a id=\"sonaar_ts-6927d46e779e2\" class=\"srmp3_sonaar_ts_shortcode\"  style=\"\" href=\"javascript:sonaar_ts_shortcode({ trackid:'0', time:'00:27:24', ts_id:'6927d46e779e2', play_icon:'' }) ;\">[00:27:24]<\/a> Ce que vous devez faire si vous voulez am\u00e9liorer votre conversation, bah c&#8217;est avoir des partenaires de conversation, avoir des profs. Si vous voulez \u00eatre capables de lire des livres, et bien vous devez passer le plus de temps possible maintenant, \u00e0 lire des livres, vous avez le niveau qui vous permet de le faire. Apr\u00e8s, il y a diff\u00e9rentes strat\u00e9gies pour apprendre le vocabulaire, que ce soit les flashcards ou alors seulement regarder les d\u00e9finitions, etc. Mais voil\u00e0, arr\u00eatez d&#8217;avoir cette attitude ou cette approche d&#8217;\u00e9l\u00e8ve et prenez vraiment le contr\u00f4le de la langue et utilisez-la comme un outil.<\/p>\n\n\n\n<p><a id=\"sonaar_ts-6927d46e779e7\" class=\"srmp3_sonaar_ts_shortcode\"  style=\"\" href=\"javascript:sonaar_ts_shortcode({ trackid:'0', time:'00:27:56', ts_id:'6927d46e779e7', play_icon:'' }) ;\">[00:27:56]<\/a> Et on a re\u00e7u aussi une question de la part de Leticia du Br\u00e9sil et on va l&#8217;\u00e9couter maintenant.<\/p>\n\n\n\n<p><a id=\"sonaar_ts-6927d46e779f1\" class=\"srmp3_sonaar_ts_shortcode\"  style=\"\" href=\"javascript:sonaar_ts_shortcode({ trackid:'0', time:'00:28:02', ts_id:'6927d46e779f1', play_icon:'' }) ;\">[00:28:02]<\/a> Salut Hugo et Ingrid, tout le monde. J&#8217;esp\u00e8re que tout va bien. Premi\u00e8rement, f\u00e9licitations. Je m&#8217;appelle Leticia, je suis br\u00e9silienne et il y a presqu&#8217;un an je me suis mis au fran\u00e7ais. \u00c7a fait environ neuf mois que j&#8217;\u00e9coute ton podcast. Je voudrais te remercier \u00e9norm\u00e9ment pour ce podcast formidable. Il m&#8217;aide vraiment \u00e0 progresser au fran\u00e7ais et m&#8217;encourage toujours \u00e0 \u00eatre meilleure. Chaque \u00e9pisode, tu me donnes une nouvelle raison pour continuer \u00e0 suivre innerFrench. Merci encore une fois d\u2019avoir partag\u00e9 ton expertise et ta sympathie avec nous.<\/p>\n\n\n\n<p><a id=\"sonaar_ts-6927d46e779f6\" class=\"srmp3_sonaar_ts_shortcode\"  style=\"\" href=\"javascript:sonaar_ts_shortcode({ trackid:'0', time:'00:28:45', ts_id:'6927d46e779f6', play_icon:'' }) ;\">[00:28:45]<\/a> En tant qu&#8217;auditrice assidue du podcast, je me suis toujours demand\u00e9e pourquoi innerFrench, n&#8217;a pas Instagram. \u00c7a serait vraiment superbe et je suis convaincue que plusieurs auditeurs partagent mon avis \u00e0 ce sujet. Je serais tellement contente si tu pouvais me r\u00e9pondre \u00e0 cette question dans un prochain \u00e9pisode. Merci beaucoup et je te souhaite seulement le meilleur, \u00e0 bient\u00f4t !<\/p>\n\n\n\n<p><a id=\"sonaar_ts-6927d46e779fb\" class=\"srmp3_sonaar_ts_shortcode\"  style=\"\" href=\"javascript:sonaar_ts_shortcode({ trackid:'0', time:'00:29:16', ts_id:'6927d46e779fb', play_icon:'' }) ;\">[00:29:16]<\/a> Alors \u00e7a, c&#8217;est une question qu&#8217;on re\u00e7oit souvent, notamment dans les commentaires YouTube. Pourquoi on n&#8217;a pas de compte Instagram ? Pourquoi aussi la page Facebook n&#8217;est plus active depuis plusieurs ann\u00e9es ? Donc c&#8217;est un peu la m\u00eame raison.<\/p>\n\n\n\n<p><a id=\"sonaar_ts-6927d46e77a00\" class=\"srmp3_sonaar_ts_shortcode\"  style=\"\" href=\"javascript:sonaar_ts_shortcode({ trackid:'0', time:'00:29:32', ts_id:'6927d46e77a00', play_icon:'' }) ;\">[00:29:32]<\/a> Je suis pas convaincu de&#8230; au niveau p\u00e9dagogique de la pertinence de ces r\u00e9seaux sociaux, que ce soit Instagram ou Facebook. Je pense qu&#8217;il y a beaucoup de distractions. Il y a aussi de nombreuses \u00e9tudes qui ont montr\u00e9 les effets n\u00e9gatifs d&#8217;Instagram ou d&#8217;Instagram sur le moral. Donc voil\u00e0, moi, j&#8217;ai pas envie de vous encourager \u00e0 passer plus de temps sur ces plateformes. Je pense qu\u2019il y a d\u00e9j\u00e0 suffisamment de distractions et voil\u00e0 je ne pense pas qu&#8217;on soit capable de faire du contenu vraiment de qualit\u00e9 au niveau p\u00e9dagogique sur Instagram.<\/p>\n\n\n\n<p><a id=\"sonaar_ts-6927d46e77a0e\" class=\"srmp3_sonaar_ts_shortcode\"  style=\"\" href=\"javascript:sonaar_ts_shortcode({ trackid:'0', time:'00:30:16', ts_id:'6927d46e77a0e', play_icon:'' }) ;\">[00:30:16]<\/a> Donc nous, on pr\u00e9f\u00e8re se concentrer sur le podcast et sur YouTube. YouTube, c&#8217;est aussi une plateforme, dans un certain sens, c&#8217;est aussi un r\u00e9seau social. Il y a aussi des distractions, mais je pense qu&#8217;avec ces vid\u00e9os, on peut faire des choses plus int\u00e9ressantes que sur Instagram. Donc il y aura&#8230; \u00e0 mon avis, il ne faut jamais dire jamais, mais normalement, il n&#8217;y aura jamais de compte Instagram innerFrench et la page Facebook aussi. J&#8217;envisage peut-\u00eatre de la supprimer un jour. Donc voil\u00e0, globalement, on essaye de&#8230; on n&#8217;est pas sur tous les r\u00e9seaux sociaux parce qu&#8217;on n&#8217;est pas convaincu de la valeur p\u00e9dagogique qu&#8217;on pourrait apporter.<\/p>\n\n\n\n<p><a id=\"sonaar_ts-6927d46e77a14\" class=\"srmp3_sonaar_ts_shortcode\"  style=\"\" href=\"javascript:sonaar_ts_shortcode({ trackid:'0', time:'00:30:58', ts_id:'6927d46e77a14', play_icon:'' }) ;\">[00:30:58]<\/a> Mais ne vous inqui\u00e9tez pas, c&#8217;est pas parce qu&#8217;on n&#8217;a pas Instagram ni Facebook que vous ne pouvez pas rejoindre une communaut\u00e9 innerFrench. Pour \u00e7a, on a une solution.<\/p>\n\n\n\n<p><a id=\"sonaar_ts-6927d46e77a1d\" class=\"srmp3_sonaar_ts_shortcode\"  style=\"\" href=\"javascript:sonaar_ts_shortcode({ trackid:'0', time:'00:31:09', ts_id:'6927d46e77a1d', play_icon:'' }) ;\">[00:31:09]<\/a> Exactement. C&#8217;est David qui nous a pos\u00e9 cette question : Comment puis-je rejoindre un groupe dans votre communaut\u00e9 pour pratiquer la belle langue chaque semaine avec vous ?<\/p>\n\n\n\n<p><a id=\"sonaar_ts-6927d46e77a23\" class=\"srmp3_sonaar_ts_shortcode\"  style=\"\" href=\"javascript:sonaar_ts_shortcode({ trackid:'0', time:'0', ts_id:'6927d46e77a23', play_icon:'' }) ;\">[00:31:19]<\/a> Alors, en effet, on a un groupe pour les \u00e9tudiants de nos cours. On a cr\u00e9\u00e9 une communaut\u00e9 gr\u00e2ce \u00e0 la plateforme qui s&#8217;appelle Circle. C&#8217;est une plateforme am\u00e9ricaine. Elle ressemble un tout petit peu \u00e0 Facebook. Il y a moins de fonctionnalit\u00e9s, mais cette plateforme, \u00e7a nous sert surtout \u00e0 partager des contenus, \u00e0 partager des photos, des ressources parce que les \u00e9tudiants, ils ont plein de ressources int\u00e9ressantes \u00e0 partager. Gr\u00e2ce \u00e0 cette plateforme, ils s&#8217;organisent aussi des r\u00e9unions de conversation. Donc, c&#8217;est vraiment un outil g\u00e9nial, une vraie&#8230;un vrai endroit de&#8230; o\u00f9 on peut communiquer, on peut partager des trucs int\u00e9ressants et \u00e7a fonctionne tr\u00e8s, tr\u00e8s bien. Les \u00e9tudiants aiment bien cette plateforme, j&#8217;ai l&#8217;impression,<\/p>\n\n\n\n<p><a id=\"sonaar_ts-6927d46e77a27\" class=\"srmp3_sonaar_ts_shortcode\"  style=\"\" href=\"javascript:sonaar_ts_shortcode({ trackid:'0', time:'00:32:12', ts_id:'6927d46e77a27', play_icon:'' }) ;\">[00:32:12]<\/a> Ce qui me fait penser qu&#8217;on a aussi une question de Tally, donc, qui nous dit : Je veux suivre le cours <i>Raconte ton histoire<\/i>, mais je voudrais vous demander s&#8217;il y a aussi l&#8217;occasion de parler avec des autres pendant le cours ?<\/p>\n\n\n\n<p><a id=\"sonaar_ts-6927d46e77a2c\" class=\"srmp3_sonaar_ts_shortcode\"  style=\"\" href=\"javascript:sonaar_ts_shortcode({ trackid:'0', time:'00:32:25', ts_id:'6927d46e77a2c', play_icon:'' }) ;\">[00:32:25]<\/a> Alors oui, Tally et d&#8217;ailleurs. C&#8217;est aussi le cas pour les deux cours avec&#8230; sur la plateforme dont Anna vous parlait. Les \u00e9tudiants ont l&#8217;occasion de se mettre d&#8217;accord pour faire des r\u00e9unions en visio. Donc, je sais qu&#8217;ils le font beaucoup. Donc si tu veux rejoindre le cours <i>Raconte ton histoire<\/i>, tu peux le faire d\u00e8s aujourd&#8217;hui puisqu&#8217;en septembre, on ouvre les inscriptions, tous les quatre mois les inscriptions sont ouvertes, donc c&#8217;est le bon moment et vous pourrez avec tes camarades, vous mettre d&#8217;accord pour refaire r\u00e9guli\u00e8rement des petites sessions, pour discuter et vous faire de la pratique de l&#8217;oral.<\/p>\n\n\n\n<p><a id=\"sonaar_ts-6927d46e77a30\" class=\"srmp3_sonaar_ts_shortcode\"  style=\"\" href=\"javascript:sonaar_ts_shortcode({ trackid:'0', time:'00:33:09', ts_id:'6927d46e77a30', play_icon:'' }) ;\">[00:33:09]<\/a> Et d&#8217;ailleurs, en plus des cours, on a re\u00e7u une autre suggestion assez int\u00e9ressante. Ingrid, je crois que c&#8217;est un sujet qui te pla\u00eet particuli\u00e8rement.<\/p>\n\n\n\n<p><a id=\"sonaar_ts-6927d46e77a35\" class=\"srmp3_sonaar_ts_shortcode\"  style=\"\" href=\"javascript:sonaar_ts_shortcode({ trackid:'0', time:'00:33:20', ts_id:'6927d46e77a35', play_icon:'' }) ;\">[00:33:20]<\/a> Alors oui, donc, je veux remercier Eric et Courtney pour leur proposition. Donc, qui propose tous les deux une nouvelle id\u00e9e pour innerFrench, qui serait un cours en immersion ou un s\u00e9jour en immersion en France pour que les \u00e9tudiants puissent se retrouver et donc l&#8217;id\u00e9e, si je comprends bien, ce serait que nous organisions un s\u00e9jour avec voil\u00e0, \u00e9ventuellement des activit\u00e9s, des visites pour d\u00e9couvrir la France tout en parlant et tout en \u00e9tant confront\u00e9 directement aux Fran\u00e7ais.<\/p>\n\n\n\n<p><a id=\"sonaar_ts-6927d46e77a39\" class=\"srmp3_sonaar_ts_shortcode\"  style=\"\" href=\"javascript:sonaar_ts_shortcode({ trackid:'0', time:'00:33:53', ts_id:'6927d46e77a39', play_icon:'' }) ;\">[00:33:53]<\/a> Alors, je vous avoue que c&#8217;est aussi un petit r\u00eave \u00e0 moi et que \u00e7a me ferait tr\u00e8s, tr\u00e8s, tr\u00e8s plaisir d&#8217;organiser \u00e7a. Alors faudrait voir si c&#8217;est technique, si c&#8217;est possible techniquement. Evidemment, vous vous imaginez bien qu&#8217;actuellement, ce n&#8217;est pas possible. Mais un jour, peut-\u00eatre, apr\u00e8s la fin de cette pand\u00e9mie, on essayera en tout cas d&#8217;y r\u00e9fl\u00e9chir. Ce n&#8217;est pas une promesse, mais \u00e7a me plait, l&#8217;id\u00e9e me plait tout autant qu&#8217;\u00e0 vous. Donc on verra \u00e7a quand la situation sera un peu un peu meilleure.<\/p>\n\n\n\n<p><a id=\"sonaar_ts-6927d46e77a42\" class=\"srmp3_sonaar_ts_shortcode\"  style=\"\" href=\"javascript:sonaar_ts_shortcode({ trackid:'0', time:'00:34:26', ts_id:'6927d46e77a42', play_icon:'' }) ;\">[00:34:26]<\/a> C&#8217;est tr\u00e8s bien. \u00c7a permet de diversifier un peu les activit\u00e9s de l&#8217;entreprise, donc c&#8217;est parfait.<\/p>\n\n\n\n<p><a id=\"sonaar_ts-6927d46e77a47\" class=\"srmp3_sonaar_ts_shortcode\"  style=\"\" href=\"javascript:sonaar_ts_shortcode({ trackid:'0', time:'00:34:33', ts_id:'6927d46e77a47', play_icon:'' }) ;\">[00:34:33]<\/a> On a re\u00e7u une derni\u00e8re question concernant le futur d&#8217;innerFrench qui nous a \u00e9t\u00e9 pos\u00e9e par Mahad de Djibouti : Qu&#8217;est-ce que vous envisagez dans le futur pour agrandir la communaut\u00e9 ?<\/p>\n\n\n\n<p><a id=\"sonaar_ts-6927d46e77a4c\" class=\"srmp3_sonaar_ts_shortcode\"  style=\"\" href=\"javascript:sonaar_ts_shortcode({ trackid:'0', time:'00:34:46', ts_id:'6927d46e77a4c', play_icon:'' }) ;\">[00:34:46]<\/a> Alors donc, comme je vous l&#8217;ai dit, on ne va pas se mettre sur des nouveaux r\u00e9seaux sociaux. Pour nous, le plus important maintenant, c&#8217;est de&#8230; vraiment la r\u00e9gularit\u00e9. Je sais que \u00e7a fait un certain temps d\u00e9j\u00e0 que je vous le dis, mais on va essayer de publier des vid\u00e9os plus r\u00e9guli\u00e8rement sur la cha\u00eene YouTube, ce qui permet de toucher une nouvelle audience, d&#8217;agrandir la communaut\u00e9 et \u00e9galement avec le podcast parce que vous savez que vous pouvez laisser des commentaires sur le site. Donc \u00e7a, \u00e7a permet aussi d&#8217;\u00e9changer avec d&#8217;autres personnes, peut-\u00eatre ensuite de faire connaissance pour proposer des meetup, etc. Donc voil\u00e0 pour le moment, notre priorit\u00e9, c&#8217;est vraiment d&#8217;avoir une vraie r\u00e9gularit\u00e9 au niveau de la fr\u00e9quence de publication.<\/p>\n\n\n\n<p><a id=\"sonaar_ts-6927d46e77a50\" class=\"srmp3_sonaar_ts_shortcode\"  style=\"\" href=\"javascript:sonaar_ts_shortcode({ trackid:'0', time:'00:35:36', ts_id:'6927d46e77a50', play_icon:'' }) ;\">[00:35:36]<\/a> Maintenant, on passe \u00e0 la derni\u00e8re partie de notre \u00e9pisode. On a re\u00e7u beaucoup de questions personnelles de votre part, ce qui nous r\u00e9jouit. Donc, la premi\u00e8re question, c&#8217;est pour toute de l&#8217;\u00e9quipe. Quelle langue parle chacun de vous, \u00e0 quel niveau et depuis combien de temps vous apprenez chaque langue ?<\/p>\n\n\n\n<p><a id=\"sonaar_ts-6927d46e77a55\" class=\"srmp3_sonaar_ts_shortcode\"  style=\"\" href=\"javascript:sonaar_ts_shortcode({ trackid:'0', time:'00:35:58', ts_id:'6927d46e77a55', play_icon:'' }) ;\">[00:35:58]<\/a> Bon, moi, vous le savez, je pense que j&#8217;en ai d\u00e9j\u00e0 parl\u00e9, mais \u00e9videmment, je parle fran\u00e7ais, qui est ma langue maternelle, l&#8217;anglais, un petit peu l&#8217;espagnol. C&#8217;est vrai que je le dis assez souvent, mais bon, j&#8217;ai un bon niveau de compr\u00e9hension, mais comme \u00e7a fait des ann\u00e9es que je n&#8217;ai pas pratiqu\u00e9, je suis incapable de parler. Le polonais a un niveau environ B1 \/ B2. Donc l\u00e0 aussi, j&#8217;ai un bon niveau de compr\u00e9hension et je suis capable de communiquer, mais pas de mani\u00e8re aussi fluide qu&#8217;en anglais.<\/p>\n\n\n\n<p><a id=\"sonaar_ts-6927d46e77a5a\" class=\"srmp3_sonaar_ts_shortcode\"  style=\"\" href=\"javascript:sonaar_ts_shortcode({ trackid:'0', time:'00:36:31', ts_id:'6927d46e77a5a', play_icon:'' }) ;\">[00:36:31]<\/a> Ben moi, je suis native fran\u00e7ais, donc bien s\u00fbr, je parle fran\u00e7ais, je parle anglais, donc je ne sais pas vraiment \u00e0 quel moment je l&#8217;ai appris. C&#8217;est tout au long de la vie, \u00e0 l&#8217;\u00e9cole, en regardant des s\u00e9ries, etc. Ma compr\u00e9hension est parfaite, mon expression un peu moins, parce que j&#8217;ai un peu&#8230; m\u00eame beaucoup de mal avec l&#8217;accent, mais je peux me faire comprendre sans probl\u00e8me. Et je parle aussi espagnol. Donc j&#8217;ai appris aussi \u00e0 l&#8217;\u00e9cole, mais j&#8217;ai surtout perfectionn\u00e9 \u00e0 partir de 2017 en vivant en Am\u00e9rique latine et en Espagne. Puis apr\u00e8s, bon, je peux comprendre, voil\u00e0 une fois qu&#8217;on conna\u00eet l&#8217;espagnol et le fran\u00e7ais, si on me parle lentement en italien ou en portugais, \u00e7a va, mais apr\u00e8s, je ne peux pas r\u00e9pondre.<\/p>\n\n\n\n<p><a id=\"sonaar_ts-6927d46e77a62\" class=\"srmp3_sonaar_ts_shortcode\"  style=\"\" href=\"javascript:sonaar_ts_shortcode({ trackid:'0', time:'00:37:20', ts_id:'6927d46e77a62', play_icon:'' }) ;\">[00:37:20]<\/a> Alors moi, ma langue maternelle, c&#8217;est le polonais. Je parle aussi fran\u00e7ais que j&#8217;ai appris \u00e0 l&#8217;\u00e9cole, puis, pendant mes \u00e9tudes et quand j&#8217;\u00e9tais \u00e0 l&#8217;universit\u00e9, j\u2019ai commenc\u00e9 aussi \u00e0 apprendre l&#8217;espagnol comme deuxi\u00e8me langue romane. Et j&#8217;ai choisi l&#8217;espagnol parce que j&#8217;\u00e9tais attir\u00e9e par la culture espagnole et je me suis dit que c&#8217;est une langue qui est vraiment tr\u00e8s, tr\u00e8s parl\u00e9e dans le monde donc je pensais que \u00e7a serait pratique de conna\u00eetre cette langue aussi. Mais apr\u00e8s, j&#8217;ai eu une tr\u00e8s longue pause avec l&#8217;espagnol. J&#8217;ai repris r\u00e9cemment, donc maintenant, mon niveau, c&#8217;est, disons, A2, voire B1. Mais&#8230; pareil, j&#8217;ai un bon niveau de compr\u00e9hension parce que c&#8217;est vrai, comme Ingrid a dit que l&#8217;italien, le fran\u00e7ais, l&#8217;espagnol ils sont assez pareils, donc c&#8217;est assez facile de les comprendre. Et je parle aussi anglais parce que c&#8217;est une langue qui est obligatoire en Pologne, on commence \u00e0 l&#8217;apprendre \u00e0 l&#8217;\u00e2ge de 6 ans, 7 ans \u00e0 l&#8217;\u00e9cole, donc je parle aussi l&#8217;anglais.<\/p>\n\n\n\n<p><a id=\"sonaar_ts-6927d46e77a67\" class=\"srmp3_sonaar_ts_shortcode\"  style=\"\" href=\"javascript:sonaar_ts_shortcode({ trackid:'0', time:'00:38:39', ts_id:'6927d46e77a67', play_icon:'' }) ;\">[00:38:39]<\/a> Ouais, peut-\u00eatre qu&#8217;on peut continuer avec la question suivante de Posie qui nous dit : \u00e0 quel point votre vie serait-elle diff\u00e9rente si vous n&#8217;aviez pas appris une autre langue ou d&#8217;autres langues ? Quelle langue a le plus chang\u00e9 votre vie par rapport aux opportunit\u00e9s et au destin qu&#8217;elle vous a donn\u00e9 ?<\/p>\n\n\n\n<p><a id=\"sonaar_ts-6927d46e77a6c\" class=\"srmp3_sonaar_ts_shortcode\"  style=\"\" href=\"javascript:sonaar_ts_shortcode({ trackid:'0', time:'00:38:57', ts_id:'6927d46e77a6c', play_icon:'' }) ;\">[00:38:57]<\/a> Donc moi, je peux r\u00e9pondre sans h\u00e9sitation que c&#8217;est le fran\u00e7ais qui m&#8217;a donn\u00e9 le plus d&#8217;opportunit\u00e9s. Et comme je viens de vous dire, l&#8217;anglais, c&#8217;est une langue qui est obligatoire en Pologne et un peu partout dans le monde, je pense qu&#8217;on peut dire comme \u00e7a. Donc maintenant, conna\u00eetre l&#8217;anglais, ce n&#8217;est pas vraiment&#8230; bon, c&#8217;est quelque chose qui est bien vu, mais conna\u00eetre une deuxi\u00e8me langue \u00e9trang\u00e8re, comme par exemple le fran\u00e7ais, c&#8217;est vraiment une grande qualit\u00e9. Et je pense que c&#8217;est gr\u00e2ce au fran\u00e7ais&#8230; gr\u00e2ce au fran\u00e7ais, \u00e0 l&#8217;anglais, \u00e0 l&#8217;espagnol aussi, bref, gr\u00e2ce \u00e0 toutes les langues \u00e9trang\u00e8res que je connais, que je suis devenue plus tol\u00e9rante, plus ouverte que j&#8217;ai fait de tr\u00e8s, tr\u00e8s belles connaissances dans le monde. Donc oui.. \u00e7a a vraiment, \u00e7a a enrichit ma vie, les langues \u00e9trang\u00e8res, je sais pas si&#8230; si toi, Hugo tu es d&#8217;accord ?<\/p>\n\n\n\n<p><a id=\"sonaar_ts-6927d46e77a71\" class=\"srmp3_sonaar_ts_shortcode\"  style=\"\" href=\"javascript:sonaar_ts_shortcode({ trackid:'0', time:'00:40:03', ts_id:'6927d46e77a71', play_icon:'' }) ;\">[00:40:03]<\/a> Non, si clairement. Pour moi, c&#8217;est plut\u00f4t l&#8217;anglais qui m&#8217;a permis de rencontrer des gens \u00e0 l&#8217;\u00e9tranger, qui m&#8217;a permis de communiquer au d\u00e9part avec ma copine comme je ne parlais pas polonais. Et c&#8217;est vrai qu&#8217;aujourd&#8217;hui, m\u00eame quand la plupart des choses que je lis sont en anglais, les s\u00e9ries que je regarde, les films que je regarde sont en anglais aussi. Donc, je vis vraiment avec cette langue au quotidien, \u00e0 tel point que j&#8217;ai du mal \u00e0 m&#8217;en rendre compte. Maintenant, quand je suis dans une langue ou dans l&#8217;autre, j&#8217;ai vraiment le fran\u00e7ais et l&#8217;anglais qui qui cohabitent en moi au quotidien. Et pour toi, Ingrid, c&#8217;est l&#8217;espagnol ?<\/p>\n\n\n\n<p><a id=\"sonaar_ts-6927d46e77a79\" class=\"srmp3_sonaar_ts_shortcode\"  style=\"\" href=\"javascript:sonaar_ts_shortcode({ trackid:'0', time:'00:40:47', ts_id:'6927d46e77a79', play_icon:'' }) ;\">[00:40:47]<\/a> Et bah \u00e9tonnamment, je dirais que c&#8217;est plut\u00f4t l&#8217;anglais, parce que c&#8217;est l&#8217;anglais qui m&#8217;a permis de mettre un premier pied \u00e0 l&#8217;\u00e9tranger, qui m&#8217;a permis d&#8217;\u00eatre&#8230; d&#8217;avoir confiance quand je voyageais, de voyager seule et m\u00eame avec mon copain on a commenc\u00e9 en parlant l&#8217;anglais parce qu&#8217;au d\u00e9but, quand il me parlait espagnol, je comprenais rien. Donc voil\u00e0, c&#8217;est gr\u00e2ce \u00e0 l&#8217;anglais que j&#8217;ai pu ensuite perfectionner mon espagnol, que j&#8217;ai pu m&#8217;ouvrir \u00e0 d&#8217;autres cultures que j&#8217;ai pu aussi faire le travail que j&#8217;ai fait puisque l&#8217;anglais \u00e9tait absolument n\u00e9cessaire. Donc, l&#8217;anglais, \u00e7a reste quand m\u00eame la base.<\/p>\n\n\n\n<p><a id=\"sonaar_ts-6927d46e77a7e\" class=\"srmp3_sonaar_ts_shortcode\"  style=\"\" href=\"javascript:sonaar_ts_shortcode({ trackid:'0', time:'00:41:21', ts_id:'6927d46e77a7e', play_icon:'' }) ;\">[00:41:21]<\/a> On avait pas mal d&#8217;autres questions aussi \u00e0 propos de la langue, \u00e0 propos de nos exp\u00e9riences d&#8217;expatri\u00e9s \u00e0 Ingrid et moi, et on s&#8217;est dit que \u00e7a serait int\u00e9ressant d&#8217;y consacrer un \u00e9pisode en particulier. Donc voil\u00e0, c&#8217;est ce qu&#8217;on va faire. On ne va pas y r\u00e9pondre aujourd&#8217;hui, sinon l&#8217;\u00e9pisode va durer trois heures. Pour continuer, on a re\u00e7u une question audio de Noah.<\/p>\n\n\n\n<p><a id=\"sonaar_ts-6927d46e77a82\" class=\"srmp3_sonaar_ts_shortcode\"  style=\"\" href=\"javascript:sonaar_ts_shortcode({ trackid:'0', time:'00:41:49', ts_id:'6927d46e77a82', play_icon:'' }) ;\">[00:41:49]<\/a> Bonjour \u00e0 tous ! J&#8217;ai une question pour Hugo. Je sais, gr\u00e2ce \u00e0 ton cours <i>Raconte ton histoire<\/i>, que tu \u00e9tais un DJ. Donc ma question, c&#8217;est : est-ce qu&#8217;il y a des chansons disponibles sur Internet que je peux \u00e9couter ?<\/p>\n\n\n\n<p><a id=\"sonaar_ts-6927d46e77a87\" class=\"srmp3_sonaar_ts_shortcode\"  style=\"\" href=\"javascript:sonaar_ts_shortcode({ trackid:'0', time:'00:42:11', ts_id:'6927d46e77a87', play_icon:'' }) ;\">[00:42:11]<\/a> Alors oui, je pense que vous pouvez encore trouver certaines mixtape que j&#8217;avais enregistr\u00e9es \u00e0 l&#8217;\u00e9poque avec mon coll\u00e8gue. Notre nom de sc\u00e8ne, c&#8217;\u00e9tait Nordnord attach\u00e9, donc n o r d n o r d. Je pense que si vous allez sur Soundcloud, vous pourrez trouver ces mixtape et en g\u00e9n\u00e9ral, ces mixtape avaient un nom de fille. Parce que voil\u00e0, on \u00e9tait tr\u00e8s, tr\u00e8s cool \u00e0 l&#8217;\u00e9poque, donc on donnait des noms de filles \u00e0 nos mixtape. Je me souviens plus exactement lesquelles on choisissait. Mais voil\u00e0, je pense que si vous allez sur Soundcloud, vous pourrez trouver des archives de mon ancienne vie de DJ.<\/p>\n\n\n\n<p><a id=\"sonaar_ts-6927d46e77a93\" class=\"srmp3_sonaar_ts_shortcode\"  style=\"\" href=\"javascript:sonaar_ts_shortcode({ trackid:'0', time:'00:42:56', ts_id:'6927d46e77a93', play_icon:'' }) ;\">[00:42:56]<\/a> Merci, merci. On va aller voir \u00e7a avec Anna aussi.<\/p>\n\n\n\n<p><a id=\"sonaar_ts-6927d46e77a9c\" class=\"srmp3_sonaar_ts_shortcode\"  style=\"\" href=\"javascript:sonaar_ts_shortcode({ trackid:'0', time:'00:42:59', ts_id:'6927d46e77a9c', play_icon:'' }) ;\">[00:42:59]<\/a> Tout de suite.<\/p>\n\n\n\n<p><a id=\"sonaar_ts-6927d46e77aa1\" class=\"srmp3_sonaar_ts_shortcode\"  style=\"\" href=\"javascript:sonaar_ts_shortcode({ trackid:'0', time:'00:43:03', ts_id:'6927d46e77aa1', play_icon:'' }) ;\">[00:43:03]<\/a> Ensuite, on avait une question de Lorna qui nous demandait comment on allait f\u00eater cet \u00e9v\u00e8nement merveilleux et qui nous souhaite un bel avenir avec tout ce qu&#8217;on fait chez innerFrench.<\/p>\n\n\n\n<p><a id=\"sonaar_ts-6927d46e77aa5\" class=\"srmp3_sonaar_ts_shortcode\"  style=\"\" href=\"javascript:sonaar_ts_shortcode({ trackid:'0', time:'00:43:16', ts_id:'6927d46e77aa5', play_icon:'' }) ;\">[00:43:16]<\/a> Donc, je vous l&#8217;annonce, Anna et Ingrid, on va essayer de se faire une semaine ensemble, quelque part pour faire un m\u00e9lange de travail, de vacances, de team building, etc. Je ne sais pas encore o\u00f9, je ne sais pas encore quand, mais \u00e7a fait partie des projets. C&#8217;est vrai que l\u00e0, on est tous dans une ville diff\u00e9rente. C&#8217;est un peu difficile de se retrouver, surtout avec le contexte actuel. Mais je pense que, voil\u00e0 \u00e7a serait une bonne id\u00e9e de pouvoir travailler tous ensemble pendant une petite semaine.<\/p>\n\n\n\n<p><a id=\"sonaar_ts-6927d46e77aaa\" class=\"srmp3_sonaar_ts_shortcode\"  style=\"\" href=\"javascript:sonaar_ts_shortcode({ trackid:'0', time:'00:43:49', ts_id:'6927d46e77aaa', play_icon:'' }) ;\">[00:43:49]<\/a> \u00c7a y est, c&#8217;est enregistr\u00e9. C&#8217;est officiel maintenant.<\/p>\n\n\n\n<p><a id=\"sonaar_ts-6927d46e77aae\" class=\"srmp3_sonaar_ts_shortcode\"  style=\"\" href=\"javascript:sonaar_ts_shortcode({ trackid:'0', time:'00:43:52', ts_id:'6927d46e77aae', play_icon:'' }) ;\">[00:43:52]<\/a> On pourra te le ressortir.<\/p>\n\n\n\n<p><a id=\"sonaar_ts-6927d46e77ab3\" class=\"srmp3_sonaar_ts_shortcode\"  style=\"\" href=\"javascript:sonaar_ts_shortcode({ trackid:'0', time:'00:43:54', ts_id:'6927d46e77ab3', play_icon:'' }) ;\">[00:43:54]<\/a> Tr\u00e8s bien, tr\u00e8s bien. Ensuite une question de Natalia, qui voudrait savoir quels sont nos livres pr\u00e9f\u00e9r\u00e9s.<\/p>\n\n\n\n<p><a id=\"sonaar_ts-6927d46e77ab7\" class=\"srmp3_sonaar_ts_shortcode\"  style=\"\" href=\"javascript:sonaar_ts_shortcode({ trackid:'0', time:'00:44:04', ts_id:'6927d46e77ab7', play_icon:'' }) ;\">[00:44:04]<\/a> Alors \u00e7a, c&#8217;est une question&#8230; vraiment tr\u00e8s difficile de choisir seulement quelques titres. Je vous ai d\u00e9j\u00e0 recommand\u00e9 quelques de mes auteurs pr\u00e9f\u00e9r\u00e9s dans l&#8217;un des \u00e9pisodes du podcast. Et aussi avec Hugo, on a un petit projet de cr\u00e9er un podcast qui sera un club de lecture o\u00f9 peut-\u00eatre qu&#8217;on vous parlera des titres&#8230; qu&#8217;on vous donnera des propositions de titres de livres pour le niveau interm\u00e9diaire, avanc\u00e9, des livres qu&#8217;on aime bien, des livres qui nous ont marqu\u00e9s. Donc, soyez patients et on partage avec vous les titres de nos livres pr\u00e9f\u00e9r\u00e9s bient\u00f4t.<\/p>\n\n\n\n<p><a id=\"sonaar_ts-6927d46e77abc\" class=\"srmp3_sonaar_ts_shortcode\"  style=\"\" href=\"javascript:sonaar_ts_shortcode({ trackid:'0', time:'00:44:51', ts_id:'6927d46e77abc', play_icon:'' }) ;\">[00:44:51]<\/a> Ensuite, on a une question pour Hugo de Victor : Hugo, est-ce que tu es encore vegan ?<\/p>\n\n\n\n<p><a id=\"sonaar_ts-6927d46e77ac0\" class=\"srmp3_sonaar_ts_shortcode\"  style=\"\" href=\"javascript:sonaar_ts_shortcode({ trackid:'0', time:'00:44:58', ts_id:'6927d46e77ac0', play_icon:'' }) ;\">[00:44:58]<\/a> Alors oui, toujours vegan. \u00c7a n&#8217;a pas chang\u00e9 et je compte bien le rester.<\/p>\n\n\n\n<p><a id=\"sonaar_ts-6927d46e77ac5\" class=\"srmp3_sonaar_ts_shortcode\"  style=\"\" href=\"javascript:sonaar_ts_shortcode({ trackid:'0', time:'00:45:04', ts_id:'6927d46e77ac5', play_icon:'' }) ;\">[00:45:04]<\/a> Alors, David a aussi une question \u00e0 toi Hugo : est-ce que tu as une habitude que tu fais presque chaque jour ?<\/p>\n\n\n\n<p><a id=\"sonaar_ts-6927d46e77aca\" class=\"srmp3_sonaar_ts_shortcode\"  style=\"\" href=\"javascript:sonaar_ts_shortcode({ trackid:'0', time:'00:45:12', ts_id:'6927d46e77aca', play_icon:'' }) ;\">[00:45:12]<\/a> Alors, j&#8217;essaye de me laver les dents tous les jours. Voil\u00e0, c&#8217;est une de mes habitudes que j&#8217;ai depuis pas longtemps. C&#8217;est assez r\u00e9cent, mais je suis encore en train d&#8217;essayer de construire cette habitude. Je n&#8217;arrive pas tous les jours, mais voil\u00e0 c&#8217;est une des habitudes que j&#8217;aimerais bien adopter cette ann\u00e9e.<\/p>\n\n\n\n<p><a id=\"sonaar_ts-6927d46e77ad4\" class=\"srmp3_sonaar_ts_shortcode\"  style=\"\" href=\"javascript:sonaar_ts_shortcode({ trackid:'0', time:'00:45:36', ts_id:'6927d46e77ad4', play_icon:'' }) ;\">[00:45:36]<\/a> Et pour finir, on avait une question aussi qui nous a bien plus, une question de Louisa. Qu&#8217;est-ce que vous avez sur vos listes de choses \u00e0 faire ? Donc la fameuse bucket list, les choses qu&#8217;on aimerait bien faire avant de mourir. Alors, les filles ? Est-ce que vous avez quelque chose en particulier ?<\/p>\n\n\n\n<p><a id=\"sonaar_ts-6927d46e77ada\" class=\"srmp3_sonaar_ts_shortcode\"  style=\"\" href=\"javascript:sonaar_ts_shortcode({ trackid:'0', time:'00:45:36', ts_id:'6927d46e77ada', play_icon:'' }) ;\">[00:45:55]<\/a> Bah, personnellement, j&#8217;en ai plein, plein, plein. J&#8217;adore les listes. Il faut savoir que je fais une liste des choses \u00e0 faire ou que je voudrais faire chaque ann\u00e9e, chaque anniversaire, chaque dizaine. Mais si je devais en choisir qu&#8217;une seule, vraiment un gros truc, ce serait d&#8217;\u00e9crire un roman. Pas forc\u00e9ment publier, mais r\u00e9ussir \u00e0 \u00e9crire une histoire fictionnelle qui soit longue. Voil\u00e0, c&#8217;est le gros objectif bucket list. Voil\u00e0. Apr\u00e8s, je pense qu&#8217;on pourra faire un \u00e9pisode complet pour parler de tous les voyages, les aventures et les choses personnelles. Anna, toi, ce serait, quoi si tu devais en choisir qu&#8217;un ?<\/p>\n\n\n\n<p><a id=\"sonaar_ts-6927d46e77adf\" class=\"srmp3_sonaar_ts_shortcode\"  style=\"\" href=\"javascript:sonaar_ts_shortcode({ trackid:'0', time:'00:46:34', ts_id:'6927d46e77adf', play_icon:'' }) ;\">[00:46:34]<\/a> Apr\u00e8s&#8230; Maintenant, apr\u00e8s ta chose, la mienne, me semble beaucoup plus simple \u00e0 r\u00e9aliser. Donc, c&#8217;est bien, c&#8217;est tr\u00e8s bien, merci. Je suis motiv\u00e9e maintenant. Moi, j&#8217;aimerais bien faire un cours de plong\u00e9e et c&#8217;est quelque chose que&#8230; voil\u00e0, que je veux faire depuis des ann\u00e9es. Et oui, j&#8217;esp\u00e8re faire \u00e7a cette ann\u00e9e ou l&#8217;ann\u00e9e prochaine au plus tard.<\/p>\n\n\n\n<p><a id=\"sonaar_ts-6927d46e77ae9\" class=\"srmp3_sonaar_ts_shortcode\"  style=\"\" href=\"javascript:sonaar_ts_shortcode({ trackid:'0', time:'00:46:58', ts_id:'6927d46e77ae9', play_icon:'' }) ;\">[00:46:58]<\/a> Cool, on suivra \u00e7a aussi.<\/p>\n\n\n\n<p><a id=\"sonaar_ts-6927d46e77aee\" class=\"srmp3_sonaar_ts_shortcode\"  style=\"\" href=\"javascript:sonaar_ts_shortcode({ trackid:'0', time:'00:47:01', ts_id:'6927d46e77aee', play_icon:'' }) ;\">[00:47:01]<\/a> C&#8217;est bien parce que l\u00e0 aussi maintenant, c&#8217;est enregistr\u00e9, donc les auditeurs vont pouvoir vous le rappeler r\u00e9guli\u00e8rement. Je pense qu&#8217;ils vont attendre ton roman Ingrid.<\/p>\n\n\n\n<p><a id=\"sonaar_ts-6927d46e77af4\" class=\"srmp3_sonaar_ts_shortcode\"  style=\"\" href=\"javascript:sonaar_ts_shortcode({ trackid:'0', time:'00:47:10', ts_id:'6927d46e77af4', play_icon:'' }) ;\">[00:47:10]<\/a> Ah oui&#8230;c&#8217;est&#8230;dans 50 ans, peut-\u00eatre. Je n&#8217;ai pas dit de date pour le coup.<\/p>\n\n\n\n<p><a id=\"sonaar_ts-6927d46e77af9\" class=\"srmp3_sonaar_ts_shortcode\"  style=\"\" href=\"javascript:sonaar_ts_shortcode({ trackid:'0', time:'00:47:15', ts_id:'6927d46e77af9', play_icon:'' }) ;\">[00:47:15]<\/a> Il faudrait \u00eatre patient. Et toi, Hugo ?<\/p>\n\n\n\n<p><a id=\"sonaar_ts-6927d46e77afe\" class=\"srmp3_sonaar_ts_shortcode\"  style=\"\" href=\"javascript:sonaar_ts_shortcode({ trackid:'0', time:'00:47:16', ts_id:'6927d46e77afe', play_icon:'' }) ;\">[00:47:16]<\/a> Moi, c&#8217;est&#8230; ouais moi, c&#8217;est plut\u00f4t li\u00e9 \u00e0 l&#8217;apprentissage, toujours. Donc je l&#8217;ai dit plusieurs fois. Mais j&#8217;aimerais bien apprendre le japonais si voil\u00e0, si j&#8217;\u00e9tais capable, ne serait-ce que comprendre le japonais avant de mourir, je serais vraiment super content. Et avec le piano, j&#8217;aimerais bien \u00eatre capable de jouer un morceau de Chopin, n&#8217;importe lequel, vraiment. Mais voil\u00e0, si j&#8217;arrive un jour \u00e0 jouer un morceau de Chopin de mani\u00e8re \u00e0 peu pr\u00e8s correcte, je serais tr\u00e8s satisfait et tr\u00e8s content.<\/p>\n\n\n\n<p><a id=\"sonaar_ts-6927d46e77b03\" class=\"srmp3_sonaar_ts_shortcode\"  style=\"\" href=\"javascript:sonaar_ts_shortcode({ trackid:'0', time:'00:47:49', ts_id:'6927d46e77b03', play_icon:'' }) ;\">[00:47:49]<\/a> Ok. On suivra \u00e7a aussi.<\/p>\n\n\n\n<p><a id=\"sonaar_ts-6927d46e77b08\" class=\"srmp3_sonaar_ts_shortcode\"  style=\"\" href=\"javascript:sonaar_ts_shortcode({ trackid:'0', time:'00:47:52', ts_id:'6927d46e77b08', play_icon:'' }) ;\">[00:47:52]<\/a> Merci beaucoup pour toutes vos questions. \u00c7a nous a fait beaucoup plaisir d&#8217;y r\u00e9pondre. Si votre question n&#8217;a pas \u00e9t\u00e9 s\u00e9lectionn\u00e9e, peut-\u00eatre qu&#8217;elle fera l&#8217;objet d&#8217;un futur \u00e9pisode. Vous nous avez donn\u00e9 plein d&#8217;id\u00e9es, donc merci pour \u00e7a aussi. Comme d&#8217;habitude, la transcription sera disponible sur la page de l&#8217;\u00e9pisode. N&#8217;h\u00e9sitez pas \u00e0 commenter, nous envoyer un mail. On est toujours content d&#8217;avoir votre avis sur les \u00e9pisodes. \u00c0 tr\u00e8s bient\u00f4t !<\/p>\n\n\n\n<p><a id=\"sonaar_ts-6927d46e77b0d\" class=\"srmp3_sonaar_ts_shortcode\"  style=\"\" href=\"javascript:sonaar_ts_shortcode({ trackid:'0', time:'00:48:21', ts_id:'6927d46e77b0d', play_icon:'' }) ;\">[00:48:21]<\/a> Merci \u00e0 bient\u00f4t !<\/p>\n\n\n\n<p><a id=\"sonaar_ts-6927d46e77b12\" class=\"srmp3_sonaar_ts_shortcode\"  style=\"\" href=\"javascript:sonaar_ts_shortcode({ trackid:'0', time:'00:48:23', ts_id:'6927d46e77b12', play_icon:'' }) ;\">[00:48:23]<\/a> Merci, tchao!&nbsp;<\/p>\n","protected":false},"excerpt":{"rendered":"<p>Salut \u00e0 toutes et \u00e0 tous, bienvenue ! Je suis ravi de vous retrouver pour cet \u00e9pisode sp\u00e9cial, le 100\u00e8me \u00e9pisode. Et aujourd&#8217;hui, encore une fois, je ne suis pas seul. Salut \u00e0 tous ! Aujourd&#8217;hui, Anna et moi \u2013donc salut, c&#8217;est moi Ingrid\u2013 on a rejoint Hugo pour cet \u00e9pisode sp\u00e9cial, le 100\u00e8me. Et&#8230;<\/p>\n","protected":false},"author":1,"featured_media":11403,"comment_status":"open","ping_status":"open","sticky":false,"template":"","format":[194],"meta":{"_acf_changed":false,"_kad_blocks_custom_css":"","_kad_blocks_head_custom_js":"","_kad_blocks_body_custom_js":"","_kad_blocks_footer_custom_js":"","_kad_post_transparent":"","_kad_post_title":"","_kad_post_layout":"","_kad_post_sidebar_id":"","_kad_post_content_style":"","_kad_post_vertical_padding":"","_kad_post_feature":"","_kad_post_feature_position":"","_kad_post_header":false,"_kad_post_footer":false,"_kad_post_classname":"","footnotes":""},"categories":[168],"tags":[195],"class_list":["post-11402","post","type-post","status-publish","format-standard","has-post-thumbnail","hentry","category-podcast","tag-coulisses","format-equipe"],"acf":[],"taxonomy_info":{"category":[{"value":168,"label":"Podcast"}],"post_tag":[{"value":195,"label":"Coulisses"}],"format":[{"value":194,"label":"\u00c9quipe"}]},"featured_image_src_large":["https:\/\/innerfrench.com\/wp-content\/uploads\/2021\/09\/E100-thumbnail-750x406.jpg",750,406,true],"author_info":{"display_name":"Hugo","author_link":"https:\/\/innerfrench.com\/author\/innerfrench-2-2-2-2-2-2-2-2-2-2-2-2-2-2-2-2-2-2-2\/"},"comment_info":8,"category_info":[{"term_id":168,"name":"Podcast","slug":"podcast","term_group":0,"term_taxonomy_id":168,"taxonomy":"category","description":"","parent":0,"count":185,"filter":"raw","cat_ID":168,"category_count":185,"category_description":"","cat_name":"Podcast","category_nicename":"podcast","category_parent":0}],"tag_info":[{"term_id":195,"name":"Coulisses","slug":"coulisses","term_group":0,"term_taxonomy_id":195,"taxonomy":"post_tag","description":"","parent":0,"count":10,"filter":"raw"}],"_links":{"self":[{"href":"https:\/\/innerfrench.com\/wp-json\/wp\/v2\/posts\/11402","targetHints":{"allow":["GET"]}}],"collection":[{"href":"https:\/\/innerfrench.com\/wp-json\/wp\/v2\/posts"}],"about":[{"href":"https:\/\/innerfrench.com\/wp-json\/wp\/v2\/types\/post"}],"author":[{"embeddable":true,"href":"https:\/\/innerfrench.com\/wp-json\/wp\/v2\/users\/1"}],"replies":[{"embeddable":true,"href":"https:\/\/innerfrench.com\/wp-json\/wp\/v2\/comments?post=11402"}],"version-history":[{"count":4,"href":"https:\/\/innerfrench.com\/wp-json\/wp\/v2\/posts\/11402\/revisions"}],"predecessor-version":[{"id":293781,"href":"https:\/\/innerfrench.com\/wp-json\/wp\/v2\/posts\/11402\/revisions\/293781"}],"wp:featuredmedia":[{"embeddable":true,"href":"https:\/\/innerfrench.com\/wp-json\/wp\/v2\/media\/11403"}],"wp:attachment":[{"href":"https:\/\/innerfrench.com\/wp-json\/wp\/v2\/media?parent=11402"}],"wp:term":[{"taxonomy":"category","embeddable":true,"href":"https:\/\/innerfrench.com\/wp-json\/wp\/v2\/categories?post=11402"},{"taxonomy":"post_tag","embeddable":true,"href":"https:\/\/innerfrench.com\/wp-json\/wp\/v2\/tags?post=11402"},{"taxonomy":"format","embeddable":true,"href":"https:\/\/innerfrench.com\/wp-json\/wp\/v2\/format?post=11402"}],"curies":[{"name":"wp","href":"https:\/\/api.w.org\/{rel}","templated":true}]}}