{"id":1159,"date":"2019-02-28T15:40:00","date_gmt":"2019-02-28T14:40:00","guid":{"rendered":"https:\/\/innerfrench.com\/?p=1159"},"modified":"2025-10-01T11:56:06","modified_gmt":"2025-10-01T09:56:06","slug":"61-antisemitisme-france","status":"publish","type":"post","link":"https:\/\/innerfrench.com\/61-antisemitisme-france\/","title":{"rendered":"#61 L&#8217;antis\u00e9mitisme en France"},"content":{"rendered":"\n<p>Salut \u00e0 toutes et \u00e0 tous, bienvenue pour ce nouvel \u00e9pisode ! Je suis tr\u00e8s content de vous retrouver. Comme d&#8217;habitude, on va passer une trentaine de minutes ensemble et je vais essayer de vous aider \u00e0 am\u00e9liorer votre compr\u00e9hension du fran\u00e7ais tout en d\u00e9couvrant des choses int\u00e9ressantes.<\/p>\n\n\n\n<p><a id=\"sonaar_ts-6927d17326d5a\" class=\"srmp3_sonaar_ts_shortcode\"  style=\"\" href=\"javascript:sonaar_ts_shortcode({ trackid:'0', time:'00:00:30', ts_id:'6927d17326d5a', play_icon:'' }) ;\">[00:00:30]<\/a> Si c&#8217;est la premi\u00e8re fois que vous \u00e9coutez ce podcast, je vous conseille de faire une pause et d&#8217;aller plut\u00f4t \u00e9couter le premier \u00e9pisode. Comme \u00e7a, vous allez comprendre pourquoi j&#8217;ai fait ce podcast et comment il peut vous aider. Parce que, au fur et \u00e0 mesure des \u00e9pisodes, j&#8217;ai augment\u00e9 la difficult\u00e9. Maintenant, je parle beaucoup plus vite que je le faisais avant. Donc \u00e7a peut \u00eatre peut-\u00eatre un peu compliqu\u00e9 pour vous \u00e0 comprendre. Mais si vous \u00e9coutez d&#8217;abord le premier \u00e9pisode, vous allez voir qu&#8217;il est plus facile. Et puis progressivement, en \u00e9coutant les \u00e9pisodes \u00e0 la suite, vous allez am\u00e9liorer votre compr\u00e9hension et ensuite \u00e7a va vous sembler de plus en plus facile.<\/p>\n\n\n\n<p><a id=\"sonaar_ts-6927d17326d71\" class=\"srmp3_sonaar_ts_shortcode\"  style=\"\" href=\"javascript:sonaar_ts_shortcode({ trackid:'0', time:'00:01:16', ts_id:'6927d17326d71', play_icon:'' }) ;\">[00:01:16]<\/a> D&#8217;ailleurs, il y a de plus en plus souvent des personnes qui m&#8217;envoient des emails pour me demander de faire une version plus avanc\u00e9e du podcast. C&#8217;est quelque chose que j&#8217;ai envie de faire, je vous l&#8217;ai d\u00e9j\u00e0 dit. Malheureusement, j&#8217;ai toujours pas le temps de m&#8217;en occuper pour le moment. Mais j&#8217;esp\u00e8re que vous avez remarqu\u00e9 que je parle plus vite, de fa\u00e7on plus naturelle maintenant. Donc normalement, si vous continuez d&#8217;\u00e9couter chaque \u00e9pisode, je peux vous garantir que vous faites des progr\u00e8s.<\/p>\n\n\n\n<p><a id=\"sonaar_ts-6927d17326d7e\" class=\"srmp3_sonaar_ts_shortcode\"  style=\"\" href=\"javascript:sonaar_ts_shortcode({ trackid:'0', time:'00:01:45', ts_id:'6927d17326d7e', play_icon:'' }) ;\">[00:01:45]<\/a> Pour commencer, je voudrais faire les remerciements traditionnels. Je voudrais remercier toutes les personnes qui ont laiss\u00e9 des \u00e9valuations sur iTunes, sur Facebook et \u00e9galement des commentaires sur les vid\u00e9os YouTube. \u00c7a me fait tr\u00e8s plaisir ! Je vois que la communaut\u00e9 s&#8217;agrandit. En plus, vous avez toujours plein de questions int\u00e9ressantes donc pour moi, c&#8217;est tr\u00e8s b\u00e9n\u00e9fique parce que je vois les difficult\u00e9s que vous avez, les petits probl\u00e8mes techniques parfois avec la grammaire, ou alors les questions, les choses que vous voulez savoir sur la culture fran\u00e7aise. Donc c&#8217;est vraiment super pour moi de pouvoir interagir avec vous \u00e0 travers ces commentaires ou \u00e0 travers les recommandations que vous me laissez.<\/p>\n\n\n\n<p><a id=\"sonaar_ts-6927d17326d88\" class=\"srmp3_sonaar_ts_shortcode\"  style=\"\" href=\"javascript:sonaar_ts_shortcode({ trackid:'0', time:'00:02:31', ts_id:'6927d17326d88', play_icon:'' }) ;\">[00:02:31]<\/a> Justement, il y a une auditrice qui m&#8217;a envoy\u00e9 un email, il y a quelques semaines, qui s&#8217;appelle \u00c9milie et qui vient de Ta\u00efwan. Et en plus de son email, elle m&#8217;a envoy\u00e9 un enregistrement audio que je vous propose d&#8217;\u00e9couter maintenant.<\/p>\n\n\n\n<p><a id=\"sonaar_ts-6927d17326d92\" class=\"srmp3_sonaar_ts_shortcode\"  style=\"\" href=\"javascript:sonaar_ts_shortcode({ trackid:'0', time:'00:02:46', ts_id:'6927d17326d92', play_icon:'' }) ;\">[00:02:46]<\/a> Bonjour Hugo,<\/p>\n\n\n\n<p>Je m&#8217;appelle \u00c9milie Chih, je suis ta\u00efwanaise. J&#8217;ai appris le fran\u00e7ais \u00e0 l&#8217;universit\u00e9 pendant deux semestres pour mon plaisir. Mais je ne pouvais pas m&#8217;exprimer tr\u00e8s bien. Donc j&#8217;ai commenc\u00e9 un cours \u00e0 l&#8217;Alliance fran\u00e7aise de Ta\u00efwan il y a quatre mois. \u00c0 mon avis, le fran\u00e7ais est une tr\u00e8s jolie langue. J&#8217;aime beaucoup la m\u00e9lodie, la prononciation, etc. Apprendre cette langue me pla\u00eet parce que je peux conna\u00eetre mes amis fran\u00e7ais et leur parler sans changer de langue ou utiliser l&#8217;anglais.<\/p>\n\n\n\n<p><a id=\"sonaar_ts-6927d17326d9b\" class=\"srmp3_sonaar_ts_shortcode\"  style=\"\" href=\"javascript:sonaar_ts_shortcode({ trackid:'0', time:'00:03:26', ts_id:'6927d17326d9b', play_icon:'' }) ;\">[00:03:26]<\/a> C&#8217;est un peu difficile de trouver des ressources pour apprendre le fran\u00e7ais \u00e0 Ta\u00efwan. J&#8217;\u00e9coute tes podcasts depuis six mois. \u00c7a m&#8217;a beaucoup aid\u00e9e \u00e0 \u00e9couter et \u00e0 comprendre l&#8217;oral. J&#8217;ai d\u00e9cid\u00e9 de faire cet enregistrement parce que je sais que tu as commenc\u00e9 \u00e0 faire beaucoup de vid\u00e9os sur YouTube en 2019. C&#8217;est quelque chose de nouveau pour toi. \u00c7a m&#8217;encourage beaucoup pour faire des progr\u00e8s et cr\u00e9er.<\/p>\n\n\n\n<p>J&#8217;esp\u00e8re r\u00e9ussir l&#8217;examen du DELF en avril. Souhaite-moi bonne chance !<\/p>\n\n\n\n<p><a id=\"sonaar_ts-6927d17326da3\" class=\"srmp3_sonaar_ts_shortcode\"  style=\"\" href=\"javascript:sonaar_ts_shortcode({ trackid:'0', time:'00:04:06', ts_id:'6927d17326da3', play_icon:'' }) ;\">[00:04:06]<\/a> Un grand Merci \u00c9milie pour ton enregistrement. Je crois que c&#8217;est la premi\u00e8re fois que j&#8217;en re\u00e7ois un d&#8217;une Ta\u00efwanaise. Et je dois dire que j&#8217;\u00e9tais assez surpris parce que ta prononciation est vraiment excellente, surtout pour quelqu&#8217;un qui apprend la langue depuis si peu de temps. C&#8217;est tr\u00e8s agr\u00e9able de t&#8217;\u00e9couter parler fran\u00e7ais. Donc tu peux \u00eatre fi\u00e8re de toi, tu peux \u00eatre fi\u00e8re des r\u00e9sultats que tu as obtenus en si peu de temps.<\/p>\n\n\n\n<p><a id=\"sonaar_ts-6927d17326dab\" class=\"srmp3_sonaar_ts_shortcode\"  style=\"\" href=\"javascript:sonaar_ts_shortcode({ trackid:'0', time:'00:04:32', ts_id:'6927d17326dab', play_icon:'' }) ;\">[00:04:32]<\/a> Et je suis content d&#8217;avoir pu participer un petit peu \u00e0 \u00e7a en te motivant \u00e0 sortir de ta zone de confort gr\u00e2ce \u00e0 mes vid\u00e9os YouTube. Parce que oui, si vous ne le savez pas, ma bonne r\u00e9solution cette ann\u00e9e, c&#8217;est de publier une nouvelle vid\u00e9o sur YouTube chaque semaine. Et comme \u00e7a se passe plut\u00f4t pas mal pour le moment, comme j&#8217;arrive \u00e0 tenir cette bonne r\u00e9solution, \u00e7a a motiv\u00e9 \u00c9milie \u00e0 elle aussi sortir de sa zone de confort en enregistrant cet enregistrement.<\/p>\n\n\n\n<p><a id=\"sonaar_ts-6927d17326db3\" class=\"srmp3_sonaar_ts_shortcode\"  style=\"\" href=\"javascript:sonaar_ts_shortcode({ trackid:'0', time:'00:05:05', ts_id:'6927d17326db3', play_icon:'' }) ;\">[00:05:05]<\/a> Donc un grand merci \u00e0 toi encore une fois \u00c9milie. Je suis s\u00fbr que \u00e7a va motiver d&#8217;autres auditeurs et auditrices \u00e0 faire la m\u00eame chose. D&#8217;ailleurs, si vous aussi vous voulez m&#8217;envoyer votre enregistrement, vous pouvez le faire \u00e0 l&#8217;adresse hugo@innerfrench.com. Et je le diffuserai dans un des futurs \u00e9pisodes.<\/p>\n\n\n\n<p><a id=\"sonaar_ts-6927d17326dbc\" class=\"srmp3_sonaar_ts_shortcode\"  style=\"\" href=\"javascript:sonaar_ts_shortcode({ trackid:'0', time:'00:05:25', ts_id:'6927d17326dbc', play_icon:'' }) ;\">[00:05:25]<\/a> J&#8217;en profite aussi pour te souhaiter bonne chance pour le DELF. Merde ! comme on dit en fran\u00e7ais. En fran\u00e7ais, pour souhaiter bonne chance, on dit parfois dans la langue famili\u00e8re &#8220;merde !&#8221;. Je suis s\u00fbr que vous connaissez ce mot, c&#8217;est un gros mot. Mais vous pouvez l&#8217;utiliser \u00e9galement pour souhaiter bonne chance \u00e0 quelqu&#8217;un. Donc &#8220;merde !&#8221; Emilie, pour le DELF. Je suis s\u00fbr que \u00e7a va bien se passer. Et \u00e9cris-moi un email quand tu auras les r\u00e9sultats pour me dire si tu as r\u00e9ussi.<\/p>\n\n\n\n<p><a id=\"sonaar_ts-6927d17326dc4\" class=\"srmp3_sonaar_ts_shortcode\"  style=\"\" href=\"javascript:sonaar_ts_shortcode({ trackid:'0', time:'00:05:59', ts_id:'6927d17326dc4', play_icon:'' }) ;\">[00:05:59]<\/a> Avant d&#8217;attaquer notre sujet du jour, je voulais aussi vous dire que je ne sais pas si je pourrai publier un \u00e9pisode dans deux semaines parce que je pars en vacances en Tha\u00eflande. Et j&#8217;ai pas encore fait de planning donc je ne sais pas si j&#8217;aurai le temps d&#8217;enregistrer et de publier un nouvel \u00e9pisode. Donc si vous n&#8217;entendez pas parler de moi dans les deux semaines \u00e0 venir, ne vous inqui\u00e9tez pas, c&#8217;est simplement que je suis en vacances. Et je publierai un nouvel \u00e9pisode en rentrant.<\/p>\n\n\n\n<p>Par contre, j&#8217;ai d\u00e9j\u00e0 pr\u00e9par\u00e9 les vid\u00e9os que je vais publier sur YouTube. Et \u00e7a, \u00e7a va \u00eatre fait de mani\u00e8re automatique parce que je veux \u00eatre s\u00fbr de tenir ma bonne r\u00e9solution. Donc si vous avez envie de m&#8217;entendre parler, s&#8217;il n&#8217;y a pas de nouvel \u00e9pisode du podcast, je vous invite \u00e0 aller sur <a href=\"http:\/\/www.youtube.com\/channel\/UCI4xp8qHD1MDErkqxb1dPbA\">la cha\u00eene innerFrench sur YouTube<\/a>, comme \u00e7a vous pourrez voir les nouvelles vid\u00e9os.<\/p>\n\n\n\n<p><a id=\"sonaar_ts-6927d17326dcd\" class=\"srmp3_sonaar_ts_shortcode\"  style=\"\" href=\"javascript:sonaar_ts_shortcode({ trackid:'0', time:'00:07:02', ts_id:'6927d17326dcd', play_icon:'' }) ;\">[00:07:02]<\/a> Comme vous apprenez le fran\u00e7ais, j&#8217;imagine que vous suivez peut-\u00eatre l&#8217;actualit\u00e9 en France. Et si vous le faites, je suis s\u00fbr que r\u00e9cemment, vous avez entendu parler d&#8217;antis\u00e9mitisme. L&#8217;antis\u00e9mitisme, c&#8217;est une forme de haine qui vise un groupe particulier, les Juifs, qu&#8217;ils soient consid\u00e9r\u00e9s comme un groupe ethnique social ou religieux.<\/p>\n\n\n\n<p><a id=\"sonaar_ts-6927d17326dd5\" class=\"srmp3_sonaar_ts_shortcode\"  style=\"\" href=\"javascript:sonaar_ts_shortcode({ trackid:'0', time:'00:07:26', ts_id:'6927d17326dd5', play_icon:'' }) ;\">[00:07:26]<\/a> Si on parle autant d&#8217;antis\u00e9mitisme en France en ce moment, c&#8217;est parce que depuis quelques ann\u00e9es, il y a de plus en plus d&#8217;actes et de crimes antis\u00e9mites qui sont commis. En 2018, il y a eu 74% de plus de crimes antis\u00e9mites que l&#8217;ann\u00e9e pr\u00e9c\u00e9dente, qu&#8217;en 2017. Donc c&#8217;est une tendance qui est vraiment majeure et ind\u00e9niable. &#8220;Ind\u00e9niable&#8221;, \u00e7a veut dire qu&#8217;on ne peut pas nier quelque chose, qu&#8217;on ne peut pas dire que \u00e7a n&#8217;existe pas.<\/p>\n\n\n\n<p><a id=\"sonaar_ts-6927d17326dde\" class=\"srmp3_sonaar_ts_shortcode\"  style=\"\" href=\"javascript:sonaar_ts_shortcode({ trackid:'0', time:'00:07:59', ts_id:'6927d17326dde', play_icon:'' }) ;\">[00:07:59]<\/a> Alors dans cet \u00e9pisode, justement, on va essayer de comprendre pourquoi il y a cet antis\u00e9mitisme en France. Attention, je suis pas en train de dire que l&#8217;antis\u00e9mitisme existe seulement en France. Malheureusement, c&#8217;est un fl\u00e9au qu&#8217;on retrouve dans tous les pays. &#8220;Un fl\u00e9au&#8221;, \u00e7a veut dire un grand mal. L&#8217;antis\u00e9mitisme, c&#8217;est un fl\u00e9au qu&#8217;on retrouve un peu partout mais c&#8217;est vrai que, en France, il est tr\u00e8s pr\u00e9sent parce que la France, c&#8217;est le pays europ\u00e9en dans lequel il y a la plus grande communaut\u00e9 juive. Dans le monde, c&#8217;est bien \u00e9videmment Isra\u00ebl, le pays qui compte le plus grand nombre de juifs. Ensuite, il y a les Etats-Unis. Et puis \u00e0 la troisi\u00e8me place, c&#8217;est la France.<\/p>\n\n\n\n<p><a id=\"sonaar_ts-6927d17326de8\" class=\"srmp3_sonaar_ts_shortcode\"  style=\"\" href=\"javascript:sonaar_ts_shortcode({ trackid:'0', time:'00:08:47', ts_id:'6927d17326de8', play_icon:'' }) ;\">[00:08:47]<\/a> Mais la communaut\u00e9 juive en France reste quand m\u00eame assez petite parce qu&#8217;elle repr\u00e9sente moins de 1% de la population. Mais justement, quand on compare la taille de cette petite communaut\u00e9 face au nombre de ces actes antis\u00e9mites qui ne cessent d&#8217;augmenter, \u00e7a a quelque chose d&#8217;alarmant. \u00c7a veut dire que \u00e7a alarme les gens, notamment les responsables politiques et le Premier ministre, \u00c9douard Philippe, qui a dit dans un discours que &#8220;la France a un probl\u00e8me avec l&#8217;antis\u00e9mitisme&#8221;.<\/p>\n\n\n\n<p><a id=\"sonaar_ts-6927d17326df0\" class=\"srmp3_sonaar_ts_shortcode\"  style=\"\" href=\"javascript:sonaar_ts_shortcode({ trackid:'0', time:'00:09:21', ts_id:'6927d17326df0', play_icon:'' }) ;\">[00:09:21]<\/a> \u00c7a, \u00e7a a d&#8217;ailleurs pouss\u00e9 plusieurs responsables de partis politiques et d&#8217;associations \u00e0 organiser des manifestations dans plusieurs villes de France pour d\u00e9noncer ces actes antis\u00e9mites et pour montrer que les Fran\u00e7ais trouvent \u00e7a inacceptable. C&#8217;est des manifestations qui ont eu lieu le mardi 19 f\u00e9vrier. Vous pouvez facilement voir des vid\u00e9os sur Internet. Mais malgr\u00e9 ces milliers de Fran\u00e7ais qui se sont rassembl\u00e9s pour manifester, pour d\u00e9noncer cet antis\u00e9mitisme, on est en droit de se demander pourquoi ce ph\u00e9nom\u00e8ne existe en France et pourquoi il a une telle ampleur.<\/p>\n\n\n\n<p><a id=\"sonaar_ts-6927d17326df9\" class=\"srmp3_sonaar_ts_shortcode\"  style=\"\" href=\"javascript:sonaar_ts_shortcode({ trackid:'0', time:'00:10:05', ts_id:'6927d17326df9', play_icon:'' }) ;\">[00:10:05]<\/a> Justement, c&#8217;est ce qu&#8217;on va essayer de comprendre dans cet \u00e9pisode. Je vais pas vous faire toute l&#8217;histoire de l&#8217;antis\u00e9mitisme en France parce que \u00e7a serait trop long et trop compliqu\u00e9. Mais je vais vous parler de deux \u00e9v\u00e8nements majeurs de l&#8217;histoire moderne de la France, deux \u00e9v\u00e8nements que tous les Fran\u00e7ais connaissent, qui sont des \u00e9v\u00e8nements marquants. Quand on dit que quelque chose est &#8220;marquant&#8221;, \u00e7a veut dire que \u00e7a marque les esprits, que \u00e7a reste dans les t\u00eates. Deux \u00e9v\u00e8nements marquants donc, qui vont vous donner une meilleure compr\u00e9hension de cet antis\u00e9mitisme en France. Et puis pour finir, dans une troisi\u00e8me partie, on va voir quel est le visage de l&#8217;antis\u00e9mitisme en France aujourd&#8217;hui, quelle forme il prend, comment il s&#8217;exprime, et surtout comment les responsables politiques ont l&#8217;intention de le combattre.<\/p>\n\n\n\n<p>Bref, vous avez compris qu&#8217;on a un programme assez charg\u00e9. Alors sans plus attendre, on commence !<\/p>\n\n\n\n<p><a id=\"sonaar_ts-6927d17326e01\" class=\"srmp3_sonaar_ts_shortcode\"  style=\"\" href=\"javascript:sonaar_ts_shortcode({ trackid:'0', time:'00:11:11', ts_id:'6927d17326e01', play_icon:'' }) ;\">[00:11:11]<\/a> Le premier \u00e9v\u00e8nement historique auquel on va s&#8217;int\u00e9resser, c&#8217;est celui de l&#8217;affaire Dreyfus. L&#8217;affaire Dreyfus, elle a eu lieu \u00e0 la fin du XIX\u00e8me si\u00e8cle. Et il faut savoir qu&#8217;\u00e0 cette \u00e9poque, l&#8217;antis\u00e9mitisme \u00e9tait en train de se populariser. Il \u00e9tait en train d&#8217;\u00eatre de plus en plus pr\u00e9sent dans la soci\u00e9t\u00e9 fran\u00e7aise.<\/p>\n\n\n\n<p><a id=\"sonaar_ts-6927d17326e0c\" class=\"srmp3_sonaar_ts_shortcode\"  style=\"\" href=\"javascript:sonaar_ts_shortcode({ trackid:'0', time:'00:11:34', ts_id:'6927d17326e0c', play_icon:'' }) ;\">[00:11:34]<\/a> D&#8217;abord, parce que c&#8217;\u00e9tait un th\u00e8me majeur de la droite et de l&#8217;extr\u00eame droite. Pour ces partis politiques, l&#8217;antis\u00e9mitisme \u00e9tait \u00e0 la fois ancien, parce qu&#8217;il venait historiquement du catholicisme et du nationalisme, mais il avait aussi une forme plus moderne qui s&#8217;inspirait des th\u00e8ses &#8220;racialistes&#8221; qui \u00e9taient tr\u00e8s \u00e0 la mode \u00e0 cette \u00e9poque, toutes les th\u00e8ses pseudo biologiques qui faisaient une hi\u00e9rarchie entre les diff\u00e9rentes races et qui consid\u00e9raient les juifs comme une race inf\u00e9rieure \u00e0 la race blanche. Donc cet antis\u00e9mitisme \u00e0 la fois ancien (inspir\u00e9 du catholicisme et du nationalisme), et moderne (inspir\u00e9 de la biologie), on le retrouvait de plus en plus souvent \u00e0 cette \u00e9poque dans les journaux de droite et d&#8217;extr\u00eame droite.<\/p>\n\n\n\n<p><a id=\"sonaar_ts-6927d17326e14\" class=\"srmp3_sonaar_ts_shortcode\"  style=\"\" href=\"javascript:sonaar_ts_shortcode({ trackid:'0', time:'00:12:30', ts_id:'6927d17326e14', play_icon:'' }) ;\">[00:12:30]<\/a> Mais c&#8217;\u00e9tait pas seulement le &#8220;privil\u00e8ge&#8221; de ces partis politiques parce que, \u00e0 gauche aussi, il y avait une forme d&#8217;antis\u00e9mitisme. Un antis\u00e9mitisme qui s&#8217;inspirait de l&#8217;anticapitalisme parce que, pour certains membres des partis de gauche et d&#8217;extr\u00eame gauche, la figure du juif \u00e9tait associ\u00e9e \u00e0 celle du capitaliste et de l&#8217;argent. Donc dans cette id\u00e9ologie anticapitaliste, le juif \u00e9tait parfois consid\u00e9r\u00e9 comme l&#8217;ennemi du peuple.<\/p>\n\n\n\n<p><a id=\"sonaar_ts-6927d17326e1d\" class=\"srmp3_sonaar_ts_shortcode\"  style=\"\" href=\"javascript:sonaar_ts_shortcode({ trackid:'0', time:'00:13:06', ts_id:'6927d17326e1d', play_icon:'' }) ;\">[00:13:06]<\/a> \u00c0 force de se propager, ces id\u00e9es ont commenc\u00e9 \u00e0 attiser une sorte de haine publique vis-\u00e0-vis des juifs. Ah oui, &#8220;attiser&#8221;, c&#8217;est un verbe qu&#8217;on utilise pour dire &#8220;faire grandir&#8221;. Par exemple, on peut attiser le feu, \u00e7a veut dire &#8220;faire grandir un feu&#8221;, &#8220;faire grandir une \u00e9motion&#8221;, plut\u00f4t une \u00e9motion n\u00e9gative. Donc ces id\u00e9es, ces journaux, qui propageaient tous ces messages antis\u00e9mites, ont attis\u00e9 une forme de haine \u00e0 l&#8217;\u00e9gard des juifs. Une haine qui s&#8217;est parfois transform\u00e9e en agression. \u00c7a, c&#8217;\u00e9tait le contexte de la France \u00e0 cette \u00e9poque, \u00e0 la fin du XIX\u00e8me si\u00e8cle, au moment o\u00f9 l&#8217;affaire Dreyfus a commenc\u00e9.<\/p>\n\n\n\n<p><a id=\"sonaar_ts-6927d17326e25\" class=\"srmp3_sonaar_ts_shortcode\"  style=\"\" href=\"javascript:sonaar_ts_shortcode({ trackid:'0', time:'00:13:53', ts_id:'6927d17326e25', play_icon:'' }) ;\">[00:13:53]<\/a> Alors justement, qu&#8217;est-ce que c&#8217;\u00e9tait que cette affaire Dreyfus ? En fait, \u00e7a vient du nom d&#8217;Alfred Dreyfus qui \u00e9tait un capitaine de l&#8217;arm\u00e9e fran\u00e7aise d&#8217;origine juive qui a \u00e9t\u00e9 accus\u00e9 d&#8217;avoir livr\u00e9 aux Allemands des documents secrets. Il faut savoir qu&#8217;\u00e0 cette \u00e9poque, les Allemands \u00e9taient d\u00e9j\u00e0 les ennemis des Fran\u00e7ais parce qu&#8217;il y avait eu une guerre 25 ans plus t\u00f4t, en 1870, la guerre franco prussienne, qui opposait donc la France \u00e0 l&#8217;Allemagne, et qui avait \u00e9t\u00e9 largement et rapidement perdue par les Fran\u00e7ais. Donc \u00e0 cette \u00e9poque, il y avait une v\u00e9ritable hostilit\u00e9 des Fran\u00e7ais vis-\u00e0-vis des Allemands. Et \u00e0 la fin de l&#8217;ann\u00e9e 1894, il y a des r\u00e9v\u00e9lations qui sont faites qui indiquent qu&#8217;Alfred Dreyfus, capitaine de l&#8217;arm\u00e9e fran\u00e7aise, est un tra\u00eetre parce qu&#8217;il a donn\u00e9 des documents secrets \u00e0 l&#8217;ennemi.<\/p>\n\n\n\n<p><a id=\"sonaar_ts-6927d17326e2e\" class=\"srmp3_sonaar_ts_shortcode\"  style=\"\" href=\"javascript:sonaar_ts_shortcode({ trackid:'0', time:'00:14:57', ts_id:'6927d17326e2e', play_icon:'' }) ;\">[00:14:57]<\/a> Logiquement, \u00e0 la suite de son proc\u00e8s, Alfred Dreyfus est condamn\u00e9 au bagne \u00e0 perp\u00e9tuit\u00e9.Le bagne, c&#8217;\u00e9tait une forme de prison dans laquelle il y avait des travaux forc\u00e9s. Les prisonniers \u00e9taient oblig\u00e9s de travailler. Donc comme vous pouvez l&#8217;imaginer, les conditions \u00e9taient tr\u00e8s dures. Et quand on dit &#8220;\u00e0 perp\u00e9tuit\u00e9&#8221;, \u00e7a signifie &#8220;pour toujours&#8221;. Par exemple &#8220;une peine de prison \u00e0 perp\u00e9tuit\u00e9&#8221;, \u00e7a veut dire que le condamn\u00e9 va devoir passer le reste de sa vie en prison. Donc Alfred Dreyfus est condamn\u00e9 au bagne \u00e0 perp\u00e9tuit\u00e9 et il est d\u00e9port\u00e9 sur une \u00eele qui s&#8217;appelle l&#8217;\u00eele du Diable.<\/p>\n\n\n\n<p><a id=\"sonaar_ts-6927d17326e36\" class=\"srmp3_sonaar_ts_shortcode\"  style=\"\" href=\"javascript:sonaar_ts_shortcode({ trackid:'0', time:'00:15:39', ts_id:'6927d17326e36', play_icon:'' }) ;\">[00:15:39]<\/a> Cependant, sa famille refuse d&#8217;accepter cette sentence, elle refuse d&#8217;accepter ce jugement. Avec ses recherches, la famille d&#8217;Alfred Dreyfus d\u00e9couvre qu&#8217;il est innocent et qu&#8217;il n&#8217;a pas commis cette trahison. En r\u00e9alit\u00e9, c&#8217;est un autre commandant de l&#8217;arm\u00e9e fran\u00e7aise qui a donn\u00e9 ces documents secrets \u00e0 l&#8217;Allemagne. Mais malgr\u00e9 ces preuves, le tribunal refuse de revenir sur sa d\u00e9cision. Et c&#8217;est toujours Alfred Dreyfus qui est accus\u00e9 de cette trahison.<\/p>\n\n\n\n<p><a id=\"sonaar_ts-6927d17326e4b\" class=\"srmp3_sonaar_ts_shortcode\"  style=\"\" href=\"javascript:sonaar_ts_shortcode({ trackid:'0', time:'00:16:11', ts_id:'6927d17326e4b', play_icon:'' }) ;\">[00:16:11]<\/a> \u00c0 ce moment-l\u00e0, on d\u00e9couvre que ce qui est reproch\u00e9, en r\u00e9alit\u00e9, \u00e0 Dreyfus, ce n&#8217;est pas son acte (qu&#8217;il n&#8217;a pas commis, cette trahison qu&#8217;il n&#8217;a pas commise), c&#8217;est plut\u00f4t ses origines juives. Les accusateurs d&#8217;Alfred Dreyfus disent que, parce qu&#8217;il est juif, c&#8217;est forc\u00e9ment un tra\u00eetre.<\/p>\n\n\n\n<p><a id=\"sonaar_ts-6927d17326e54\" class=\"srmp3_sonaar_ts_shortcode\"  style=\"\" href=\"javascript:sonaar_ts_shortcode({ trackid:'0', time:'00:16:32', ts_id:'6927d17326e54', play_icon:'' }) ;\">[00:16:32]<\/a> Malgr\u00e9 \u00e7a, sa famille r\u00e9ussit \u00e0 convaincre certains politiciens et intellectuels de son innocence. Et un des intellectuels les plus c\u00e9l\u00e8bres qui a d\u00e9cid\u00e9 de d\u00e9fendre la cause d&#8217;Alfred Dreyfus, c&#8217;est l&#8217;\u00e9crivain et journaliste \u00c9mile Zola. Il a publi\u00e9 une lettre tr\u00e8s c\u00e9l\u00e8bre qui s&#8217;appelle &#8220;J&#8217;accuse&#8221;, une lettre qui \u00e9tait destin\u00e9e au pr\u00e9sident de la R\u00e9publique, F\u00e9lix Faure. Dans cette lettre, il d\u00e9nonce tous les responsables de l&#8217;arm\u00e9e fran\u00e7aise qui ont fait condamner Alfred Dreyfus et en m\u00eame temps qui ont cach\u00e9 le vrai tra\u00eetre.<\/p>\n\n\n\n<p><a id=\"sonaar_ts-6927d17326e5d\" class=\"srmp3_sonaar_ts_shortcode\"  style=\"\" href=\"javascript:sonaar_ts_shortcode({ trackid:'0', time:'00:17:11', ts_id:'6927d17326e5d', play_icon:'' }) ;\">[00:17:11]<\/a> J&#8217;accuse le lieutenant-colonel du Paty de Clam d&#8217;avoir \u00e9t\u00e9 l&#8217;ouvrier diabolique de l&#8217;erreur judiciaire. J&#8217;accuse le g\u00e9n\u00e9ral de Boisdeffre d&#8217;avoir eu entre les mains les preuves certaines de l&#8217;innocence de Dreyfus et de les avoir \u00e9touff\u00e9es.<\/p>\n\n\n\n<p>Source : L&#8217;Affaire Dreyfus (t\u00e9l\u00e9film), Yves Boisset, 1995<\/p>\n\n\n\n<p><a id=\"sonaar_ts-6927d17326e65\" class=\"srmp3_sonaar_ts_shortcode\"  style=\"\" href=\"javascript:sonaar_ts_shortcode({ trackid:'0', time:'00:17:30', ts_id:'6927d17326e65', play_icon:'' }) ;\">[00:17:30]<\/a> Cette lettre, J&#8217;accuse, c&#8217;est devenu un des textes les plus importants de l&#8217;histoire fran\u00e7aise. Vous pouvez tr\u00e8s facilement le trouver sur Internet. Il est tr\u00e8s beau, tr\u00e8s bien \u00e9crit. \u00c7a peut \u00eatre un peu compliqu\u00e9 pour vous \u00e0 comprendre selon votre niveau. Mais \u00e0 mon avis, \u00e7a vaut le coup d&#8217;y jeter un oeil pour voir un peu le contexte de l&#8217;\u00e9poque.<\/p>\n\n\n\n<p><a id=\"sonaar_ts-6927d17326e6d\" class=\"srmp3_sonaar_ts_shortcode\"  style=\"\" href=\"javascript:sonaar_ts_shortcode({ trackid:'0', time:'00:17:56', ts_id:'6927d17326e6d', play_icon:'' }) ;\">[00:17:56]<\/a> \u00c0 ce moment-l\u00e0, la soci\u00e9t\u00e9 se divise en deux camps. D&#8217;un c\u00f4t\u00e9, il y a les dreyfusards, ceux qui veulent d\u00e9fendre Alfred Dreyfus et prouver son innocence. Et de l&#8217;autre, les antidreyfusards qui continuent de l&#8217;accuser et qui sont en g\u00e9n\u00e9ral des nationalistes de droite et d&#8217;extr\u00eame droite. C&#8217;est \u00e7a, qui a v\u00e9ritablement donn\u00e9 sa dimension \u00e0 l&#8217;affaire Dreyfus. C&#8217;est cette division qu&#8217;elle a cr\u00e9\u00e9e en France entre dreyfusards d&#8217;un c\u00f4t\u00e9 et antidreyfusards de l&#8217;autre.<\/p>\n\n\n\n<p><a id=\"sonaar_ts-6927d17326e75\" class=\"srmp3_sonaar_ts_shortcode\"  style=\"\" href=\"javascript:sonaar_ts_shortcode({ trackid:'0', time:'00:18:30', ts_id:'6927d17326e75', play_icon:'' }) ;\">[00:18:30]<\/a> Face \u00e0 ce scandale qui commence \u00e0 appara\u00eetre, l&#8217;arm\u00e9e et une partie du gouvernement font tout pour \u00e9touffer l&#8217;affaire. &#8220;\u00c9touffer l&#8217;affaire&#8221;, peut-\u00eatre que vous connaissez pas le verbe &#8220;\u00e9touffer&#8221;. \u00c7a veut dire &#8220;asphyxier&#8221; ou &#8220;faire suffoquer&#8221; quelque chose ou quelqu&#8217;un. Donc on utilise souvent l&#8217;expression &#8220;\u00e9touffer l&#8217;affaire&#8221; quand la police, par exemple, essaye de cacher ou de dissimuler quelque chose pour que les journalistes et le public arr\u00eatent d&#8217;en parler. \u00c0 ce moment-l\u00e0, c&#8217;est donc l&#8217;arm\u00e9e et une partie du gouvernement qui essayent d&#8217;\u00e9touffer l&#8217;affaire Dreyfus pour que les gens l&#8217;oublient, pour qu&#8217;ils arr\u00eatent d&#8217;en parler.<\/p>\n\n\n\n<p><a id=\"sonaar_ts-6927d17326e7d\" class=\"srmp3_sonaar_ts_shortcode\"  style=\"\" href=\"javascript:sonaar_ts_shortcode({ trackid:'0', time:'00:19:12', ts_id:'6927d17326e7d', play_icon:'' }) ;\">[00:19:12]<\/a> Mais gr\u00e2ce \u00e0 la d\u00e9fense des dreyfusards, l&#8217;innocence d&#8217;Alfred Dreyfus est officiellement \u00e9tablie en 1906. Il est lib\u00e9r\u00e9 de prison et r\u00e9int\u00e9gr\u00e9 dans l&#8217;arm\u00e9e fran\u00e7aise. D&#8217;ailleurs, on peut dire qu&#8217;Alfred Dreyfus n&#8217;est pas rancunier parce qu&#8217;il a particip\u00e9 \u00e0 la Premi\u00e8re Guerre mondiale. &#8220;Rancunier&#8221;, c&#8217;est un adjectif qu&#8217;on utilise pour d\u00e9signer une personne qui ne pardonne pas ou qui n&#8217;oublie pas facilement. Donc Alfred Dreyfus n&#8217;est pas rancunier parce que, malgr\u00e9 le fait qu&#8217;il ait pass\u00e9 des ann\u00e9es en prison et qu&#8217;il ait \u00e9t\u00e9 accus\u00e9, il a quand m\u00eame d\u00e9cid\u00e9 d&#8217;aider l&#8217;arm\u00e9e fran\u00e7aise en participant \u00e0 la Premi\u00e8re Guerre mondiale.<\/p>\n\n\n\n<p><a id=\"sonaar_ts-6927d17326e86\" class=\"srmp3_sonaar_ts_shortcode\"  style=\"\" href=\"javascript:sonaar_ts_shortcode({ trackid:'0', time:'00:19:54', ts_id:'6927d17326e86', play_icon:'' }) ;\">[00:19:54]<\/a> Pour conclure sur cette affaire Dreyfus, on peut dire que \u00e7a a \u00e9t\u00e9 un des plus grands scandales de la fin du XIX\u00e8me si\u00e8cle. Elle a vraiment marqu\u00e9 l&#8217;histoire de la France moderne et elle a illustr\u00e9 cet antis\u00e9mitisme qui commen\u00e7ait \u00e0 gangrener la soci\u00e9t\u00e9 fran\u00e7aise, \u00e0 \u00eatre de plus en plus pr\u00e9sent dans les diff\u00e9rentes institutions, m\u00eame, de l&#8217;Etat fran\u00e7ais. D&#8217;ailleurs, c&#8217;\u00e9tait pas seulement le cas en France mais dans beaucoup d&#8217;autres pays europ\u00e9ens. Ce qui a fini par conduire un peu plus tard, comme vous le savez, aux horreurs de la Seconde Guerre mondiale.<\/p>\n\n\n\n<p><a id=\"sonaar_ts-6927d17326e8e\" class=\"srmp3_sonaar_ts_shortcode\"  style=\"\" href=\"javascript:sonaar_ts_shortcode({ trackid:'0', time:'00:20:38', ts_id:'6927d17326e8e', play_icon:'' }) ;\">[00:20:38]<\/a> Maintenant, on va avancer un peu dans l&#8217;histoire, jusque dans les ann\u00e9es 30. L\u00e0 aussi, les ann\u00e9es 30 c&#8217;est un contexte assez difficile. On est apr\u00e8s la Premi\u00e8re Guerre mondiale mais le contexte \u00e9conomique est assez compliqu\u00e9 parce que la Grande D\u00e9pression est pass\u00e9e par l\u00e0. Il y a beaucoup de personnes qui vivent dans la pauvret\u00e9 et \u00e7a, \u00e9videmment, \u00e7a alimente les tensions au sein de la soci\u00e9t\u00e9 fran\u00e7aise. Des tensions qui ont tendance \u00e0 se diriger de plus en plus souvent vers les juifs. Encore une fois, l&#8217;antis\u00e9mitisme regagne de la vigueur et se mat\u00e9rialise par exemple par les \u00e9crits de Louis-Ferdinand C\u00e9line. Vous savez, c&#8217;est l&#8217;auteur dont j&#8217;ai parl\u00e9 dans le dernier \u00e9pisode : un tr\u00e8s grand \u00e9crivain fran\u00e7ais mais qui avait le d\u00e9faut majeur d&#8217;\u00eatre aussi antis\u00e9mite.<\/p>\n\n\n\n<p><a id=\"sonaar_ts-6927d17326e97\" class=\"srmp3_sonaar_ts_shortcode\"  style=\"\" href=\"javascript:sonaar_ts_shortcode({ trackid:'0', time:'00:21:34', ts_id:'6927d17326e97', play_icon:'' }) ;\">[00:21:34]<\/a> A ce moment-l\u00e0, \u00e0 la fin des ann\u00e9es trente, il publie plusieurs pamphlets qui d\u00e9signent les juifs comme les responsables de tous les maux de la soci\u00e9t\u00e9 fran\u00e7aise. \u00c7a, c&#8217;est ce qu&#8217;on appelle un &#8220;bouc \u00e9missaire&#8221;. C&#8217;est une expression tr\u00e8s utile. Un &#8220;bouc \u00e9missaire&#8221;, c&#8217;est quand on d\u00e9signe un groupe comme responsable de tous les probl\u00e8mes. On dit &#8220;c&#8217;est la faute des juifs&#8221; s&#8217;il y a cette crise \u00e9conomique en France et si tellement de personnes vivent dans la pauvret\u00e9. Un bouc \u00e9missaire.<\/p>\n\n\n\n<p><a id=\"sonaar_ts-6927d17326e9f\" class=\"srmp3_sonaar_ts_shortcode\"  style=\"\" href=\"javascript:sonaar_ts_shortcode({ trackid:'0', time:'00:22:09', ts_id:'6927d17326e9f', play_icon:'' }) ;\">[00:22:09]<\/a> Face \u00e0 \u00e7a, il y a aussi beaucoup de ligues d&#8217;extr\u00eame droite qui apparaissent \u00e0 cette \u00e9poque, notamment une qui s&#8217;appelle &#8220;l&#8217;Action fran\u00e7aise&#8221;. Et dans ces ligues d&#8217;extr\u00eame droite, on retrouve des anciens combattants, des nationalistes, des antis\u00e9mites, des racistes, etc. Bref, un public pas vraiment recommandable.<\/p>\n\n\n\n<p><a id=\"sonaar_ts-6927d17326ea7\" class=\"srmp3_sonaar_ts_shortcode\"  style=\"\" href=\"javascript:sonaar_ts_shortcode({ trackid:'0', time:'00:22:33', ts_id:'6927d17326ea7', play_icon:'' }) ;\">[00:22:33]<\/a> Et parmi une partie de ces ligues d&#8217;extr\u00eame droite, il y en a beaucoup qui admirent Adolf Hitler qui a d\u00e9j\u00e0 pris le pouvoir en Allemagne. Et justement, ces membres de ces ligues d&#8217;extr\u00eame droite, ils aimeraient que la France imite les mesures anti juifs qui ont \u00e9t\u00e9 adopt\u00e9es par Hitler.<\/p>\n\n\n\n<p><a id=\"sonaar_ts-6927d17326ecf\" class=\"srmp3_sonaar_ts_shortcode\"  style=\"\" href=\"javascript:sonaar_ts_shortcode({ trackid:'0', time:'00:22:57', ts_id:'6927d17326ecf', play_icon:'' }) ;\">[00:22:57]<\/a> Pour r\u00e9sumer, on peut dire qu&#8217;encore une fois, les ann\u00e9es 30, c&#8217;est un contexte qui \u00e9tait assez hostile aux juifs en France.<\/p>\n\n\n\n<p><a id=\"sonaar_ts-6927d17326ed8\" class=\"srmp3_sonaar_ts_shortcode\"  style=\"\" href=\"javascript:sonaar_ts_shortcode({ trackid:'0', time:'00:23:06', ts_id:'6927d17326ed8', play_icon:'' }) ;\">[00:23:06]<\/a> La deuxi\u00e8me guerre mondiale \u00e9clate en 1939. Tr\u00e8s rapidement, la France capitule. En 1940, elle signe l&#8217;armistice et elle laisse le pouvoir au r\u00e9gime de Vichy. Le r\u00e9gime de Vichy (donc Vichy, c&#8217;est une ville qui \u00e0 cette \u00e9poque est devenue la capitale fran\u00e7aise) et le dirigeant de ce r\u00e9gime, c&#8217;\u00e9tait le mar\u00e9chal P\u00e9tain. Ce r\u00e9gime, pour obtenir la paix avec l&#8217;Allemagne nazie, a d\u00e9cid\u00e9 de collaborer. Donc il faut savoir que, \u00e0 ce moment-l\u00e0, la France \u00e9tait coup\u00e9e en deux zones : au nord avec Paris et le sud-ouest, c&#8217;\u00e9tait ce qu&#8217;on appelait &#8220;la zone occup\u00e9e&#8221;, donc la zone dans laquelle l&#8217;arm\u00e9e nazie \u00e9tait pr\u00e9sente, et au sud, il y avait la zone libre avec la capitale, Vichy.<\/p>\n\n\n\n<p><a id=\"sonaar_ts-6927d17326ee0\" class=\"srmp3_sonaar_ts_shortcode\"  style=\"\" href=\"javascript:sonaar_ts_shortcode({ trackid:'0', time:'00:24:02', ts_id:'6927d17326ee0', play_icon:'' }) ;\">[00:24:02]<\/a> Comme ce nouveau r\u00e9gime de Vichy collabore avec le r\u00e9gime nazi, il adopte des lois sur le statut des juifs. Les juifs sont exclus de certaines professions, notamment de la fonction publique, de l&#8217;arm\u00e9e et de l&#8217;enseignement. Et puis, on les oblige \u00e0 \u00eatre recens\u00e9s, c&#8217;est-\u00e0-dire qu&#8217;on fait des fichiers avec tous les juifs qui habitent en France et leurs adresses. D&#8217;ailleurs, en 1942, on les oblige \u00e0 porter cette c\u00e9l\u00e8bre \u00e9toile jaune. Vous savez, pendant la Seconde Guerre mondiale, les juifs en France et dans les autres pays occup\u00e9s, \u00e9taient oblig\u00e9s de porter une \u00e9toile jaune sur leurs v\u00eatements pour montrer qu&#8217;ils \u00e9taient juifs. Donc \u00e7a, c&#8217;est les premi\u00e8res mesures qui ont \u00e9t\u00e9 adopt\u00e9es contre les juifs.<\/p>\n\n\n\n<p><a id=\"sonaar_ts-6927d17326ee9\" class=\"srmp3_sonaar_ts_shortcode\"  style=\"\" href=\"javascript:sonaar_ts_shortcode({ trackid:'0', time:'00:24:52', ts_id:'6927d17326ee9', play_icon:'' }) ;\">[00:24:52]<\/a> Et on peut dire que la situation se d\u00e9grade encore \u00e0 partir de janvier 1942. Car c&#8217;est \u00e0 ce moment-l\u00e0 que les officiels nazis d\u00e9cide de d\u00e9finir la solution finale, autrement dit l&#8217;extermination compl\u00e8te des juifs d&#8217;Europe (les enfants y <strong>compris).<\/strong><\/p>\n\n\n\n<p><a id=\"sonaar_ts-6927d17326ef2\" class=\"srmp3_sonaar_ts_shortcode\"  style=\"\" href=\"javascript:sonaar_ts_shortcode({ trackid:'0', time:'00:25:14', ts_id:'6927d17326ef2', play_icon:'' }) ;\">[00:25:14]<\/a> Comme la France doit participer \u00e0 cette solution finale, la police fran\u00e7aise va organiser ce qu&#8217;on a appel\u00e9 &#8220;la rafle du Vel d&#8217;Hiv&#8221;. &#8220;Une rafle&#8221;, c&#8217;est une arrestation massive op\u00e9r\u00e9e par la police, quand la police d\u00e9cide d&#8217;arr\u00eater un grand nombre d&#8217;individus. Et le Vel d&#8217;Hiv, c&#8217;est une abr\u00e9viation pour dire &#8220;le V\u00e9lodrome d&#8217;hiver&#8221;. Un v\u00e9lodrome, c&#8217;\u00e9tait une sorte de stade pour les courses de v\u00e9lo en int\u00e9rieur. Parce qu&#8217;\u00e0 cette \u00e9poque, les courses de v\u00e9lo \u00e9taient tr\u00e8s populaires. Et &#8220;d&#8217;hiv&#8221; donc &#8220;d&#8217;hiver&#8221;, parce qu&#8217;on pouvait organiser ces courses en hiver comme c&#8217;\u00e9tait \u00e0 l&#8217;int\u00e9rieur d&#8217;un stade, que c&#8217;\u00e9tait couvert, donc c&#8217;\u00e9tait possible d&#8217;y faire du v\u00e9lo. La rafle du Vel d&#8217;Hiv.<\/p>\n\n\n\n<p><a id=\"sonaar_ts-6927d17326efa\" class=\"srmp3_sonaar_ts_shortcode\"  style=\"\" href=\"javascript:sonaar_ts_shortcode({ trackid:'0', time:'00:26:06', ts_id:'6927d17326efa', play_icon:'' }) ;\">[00:26:06]<\/a> \u00c7a, c&#8217;est le deuxi\u00e8me \u00e9v\u00e9nement marquant dont je voulais vous parler. Tous les Fran\u00e7ais l&#8217;ont \u00e9tudi\u00e9 \u00e0 l&#8217;\u00e9cole. Si vous leur en parlez, je suis s\u00fbr qu&#8217;ils vont pouvoir vous dire de quoi il s&#8217;agit. Et moi, je vais vous expliquer maintenant ce qui s&#8217;est pass\u00e9.<\/p>\n\n\n\n<p><a id=\"sonaar_ts-6927d17326f07\" class=\"srmp3_sonaar_ts_shortcode\"  style=\"\" href=\"javascript:sonaar_ts_shortcode({ trackid:'0', time:'00:26:27', ts_id:'6927d17326f07', play_icon:'' }) ;\">[00:26:27]<\/a> Pour collaborer avec le r\u00e9gime nazi, la France, et notamment la police fran\u00e7aise, conclut un accord. Elle donne son accord pour arr\u00eater 13 000 juifs \u00e9trangers ou r\u00e9fugi\u00e9s dont un tiers d&#8217;enfants (\u00e7a veut dire environ 30% d&#8217;enfants) qui habitaient \u00e0 Paris et en r\u00e9gion parisienne. Parce que, comme je vous l&#8217;ai dit un peu plus t\u00f4t, beaucoup de juifs s&#8217;\u00e9taient r\u00e9fugi\u00e9s d&#8217;autres pays pour venir s&#8217;installer en France parce qu&#8217;ils fuyaient justement cette oppression nazie. Et ils se cachent dans certains quartiers parisiens ou en r\u00e9gion parisienne. Et la police fran\u00e7aise donne son accord pour les arr\u00eater et les d\u00e9porter dans les camps de concentration.<\/p>\n\n\n\n<p><a id=\"sonaar_ts-6927d17326f0f\" class=\"srmp3_sonaar_ts_shortcode\"  style=\"\" href=\"javascript:sonaar_ts_shortcode({ trackid:'0', time:'00:27:17', ts_id:'6927d17326f0f', play_icon:'' }) ;\">[00:27:17]<\/a> Cette arrestation massive, cette rafle, a lieu les 16 et 17 juillet 1942. Plus de 13 000 juifs sont arr\u00eat\u00e9s et enferm\u00e9s dans le V\u00e9lodrome d&#8217;Hiver. Ceux qui essayent de s&#8217;enfuir \u00e0 ce moment-l\u00e0 sont ex\u00e9cut\u00e9s imm\u00e9diatement, et les autres sont envoy\u00e9s cinq jours plus tard vers le camp d&#8217;Auschwitz. Sur ces milliers de personnes envoy\u00e9es dans le camp de concentration, moins d&#8217;une centaine en reviendront vivantes. Par la suite, d&#8217;autres rafles similaires sont organis\u00e9es jusqu&#8217;en 1944, mais la plus importante et la plus symbolique, \u00e7a a \u00e9t\u00e9 cette premi\u00e8re, celle qui a eu lieu au V\u00e9lodrome d&#8217;Hiver, la fameuse rafle du Vel d&#8217;Hiv.<\/p>\n\n\n\n<p><a id=\"sonaar_ts-6927d17326f17\" class=\"srmp3_sonaar_ts_shortcode\"  style=\"\" href=\"javascript:sonaar_ts_shortcode({ trackid:'0', time:'00:28:11', ts_id:'6927d17326f17', play_icon:'' }) ;\">[00:28:11]<\/a> Pendant longtemps, l&#8217;attitude des pr\u00e9sidents fran\u00e7ais apr\u00e8s la Seconde Guerre mondiale, \u00e7a a \u00e9t\u00e9 de ne pas reconna\u00eetre la responsabilit\u00e9 de la France. Les pr\u00e9sidents fran\u00e7ais, notamment Charles de Gaulle et m\u00eame plus tard, Fran\u00e7ois Mitterrand, disaient que ce n&#8217;\u00e9tait pas la France qui avait proc\u00e9d\u00e9 \u00e0 ces arrestations, \u00e0 ces exactions, mais le r\u00e9gime de Vichy. Pas la R\u00e9publique fran\u00e7aise mais le r\u00e9gime de Vichy qui collaborait avec l&#8217;Allemagne nazie. Le g\u00e9n\u00e9ral de Gaulle disait que la majorit\u00e9 des Fran\u00e7ais avaient r\u00e9sist\u00e9 \u00e0 l&#8217;oppresseur et que seules quelques personnes avaient d\u00e9cid\u00e9 de collaborer avec les autorit\u00e9s allemandes.<\/p>\n\n\n\n<p><a id=\"sonaar_ts-6927d17326f1f\" class=\"srmp3_sonaar_ts_shortcode\"  style=\"\" href=\"javascript:sonaar_ts_shortcode({ trackid:'0', time:'00:28:59', ts_id:'6927d17326f1f', play_icon:'' }) ;\">[00:28:59]<\/a> Evidemment \u00e7a, c&#8217;\u00e9tait compl\u00e8tement faux. C&#8217;est une histoire qu&#8217;on a essay\u00e9 de raconter pour unir les Fran\u00e7ais apr\u00e8s les horreurs de la Seconde Guerre mondiale. Mais ce qui s&#8217;est pass\u00e9, c&#8217;est qu&#8217;il y avait en France une petite partie de r\u00e9sistants, une petite partie de collaborateurs, et une majorit\u00e9 de Fran\u00e7ais qui essayaient simplement de survivre. Il a fallu attendre le 16 juillet 1995, journ\u00e9e de comm\u00e9moration des victimes des violences antis\u00e9mites, pour qu&#8217;un pr\u00e9sident fran\u00e7ais, Jacques Chirac, reconnaisse pour la premi\u00e8re fois la responsabilit\u00e9 de l&#8217;Etat fran\u00e7ais.<\/p>\n\n\n\n<p><a id=\"sonaar_ts-6927d17326f27\" class=\"srmp3_sonaar_ts_shortcode\"  style=\"\" href=\"javascript:sonaar_ts_shortcode({ trackid:'0', time:'00:29:41', ts_id:'6927d17326f27', play_icon:'' }) ;\">[00:29:41]<\/a> Ces heures noires souillent \u00e0 jamais notre histoire et sont une injure \u00e0 notre pass\u00e9, et \u00e0 nos traditions. Oui, la folie criminelle de l&#8217;occupant a \u00e9t\u00e9, chacun le sait, second\u00e9e par des Fran\u00e7ais, second\u00e9e par l&#8217;\u00c9tat fran\u00e7ais.<\/p>\n\n\n\n<p>Source : <a href=\"http:\/\/www.youtube.com\/watch?v=Gzhhc8_JVak\">Public S\u00e9nat<\/a><\/p>\n\n\n\n<p><a id=\"sonaar_ts-6927d17326f34\" class=\"srmp3_sonaar_ts_shortcode\"  style=\"\" href=\"javascript:sonaar_ts_shortcode({ trackid:'0', time:'00:30:06', ts_id:'6927d17326f34', play_icon:'' }) ;\">[00:30:06]<\/a> Donc vous avez entendu, dans cet extrait, que le pr\u00e9sident Jacques Chirac reconna\u00eet que les horreurs qui ont \u00e9t\u00e9 commises par l&#8217;occupant, par les autorit\u00e9s nazies, ont \u00e9t\u00e9 second\u00e9s, autrement dit &#8220;accompagn\u00e9es&#8221;, par l&#8217;\u00c9tat fran\u00e7ais. Il reconna\u00eet officiellement, pour la premi\u00e8re fois, le r\u00f4le que l&#8217;Etat fran\u00e7ais a jou\u00e9 dans ces crimes antis\u00e9mites.<\/p>\n\n\n\n<p><a id=\"sonaar_ts-6927d17326f3c\" class=\"srmp3_sonaar_ts_shortcode\"  style=\"\" href=\"javascript:sonaar_ts_shortcode({ trackid:'0', time:'00:30:32', ts_id:'6927d17326f3c', play_icon:'' }) ;\">[00:30:32]<\/a> Apr\u00e8s la Seconde Guerre mondiale, l&#8217;antis\u00e9mitisme est devenu une sorte de tabou et on peut dire que, pendant quelques ann\u00e9es, il a compl\u00e8tement ou presque compl\u00e8tement disparu en France.<\/p>\n\n\n\n<p><a id=\"sonaar_ts-6927d17326f45\" class=\"srmp3_sonaar_ts_shortcode\"  style=\"\" href=\"javascript:sonaar_ts_shortcode({ trackid:'0', time:'00:30:45', ts_id:'6927d17326f45', play_icon:'' }) ;\">[00:30:45]<\/a> Mais depuis une trentaine d&#8217;ann\u00e9es, la situation change. Et comme je vous l&#8217;ai dit en introduction, on voit une certaine forme d&#8217;antis\u00e9mitisme r\u00e9appara\u00eetre.<\/p>\n\n\n\n<p>Aujourd&#8217;hui, l&#8217;antis\u00e9mitisme en France a, on peut dire, trois visages.<\/p>\n\n\n\n<p><a id=\"sonaar_ts-6927d17326f4d\" class=\"srmp3_sonaar_ts_shortcode\"  style=\"\" href=\"javascript:sonaar_ts_shortcode({ trackid:'0', time:'00:31:01', ts_id:'6927d17326f4d', play_icon:'' }) ;\">[00:31:01]<\/a> Le premier visage, c&#8217;est un antis\u00e9mitisme qu&#8217;on pourrait qualifier d&#8217;historique. En partie \u00e0 cause des \u00e9v\u00e9nements dont je vous ai parl\u00e9 pr\u00e9c\u00e9demment. Et puis aussi du christianisme parce que, si aujourd&#8217;hui la France est un pays la\u00efc, elle a pendant longtemps \u00e9t\u00e9 chr\u00e9tienne. Et comme vous le savez, il y avait beaucoup de tensions entre la religion catholique et la religion juive. Aujourd&#8217;hui, c&#8217;est peut-\u00eatre pas l&#8217;antis\u00e9mitisme le plus visible, mais on peut dire qu&#8217;il existe toujours.<\/p>\n\n\n\n<p><a id=\"sonaar_ts-6927d17326f55\" class=\"srmp3_sonaar_ts_shortcode\"  style=\"\" href=\"javascript:sonaar_ts_shortcode({ trackid:'0', time:'00:31:38', ts_id:'6927d17326f55', play_icon:'' }) ;\">[00:31:38]<\/a> Ensuite, il y a un deuxi\u00e8me visage de l&#8217;antis\u00e9mitisme qui est un antis\u00e9mitisme islamiste. Ces derni\u00e8res ann\u00e9es, il y a eu plusieurs agressions et m\u00eame des crimes qui ont \u00e9t\u00e9 commis par des personnes se revendiquant de l&#8217;islam. \u00c9videmment, c&#8217;\u00e9taient des crimes commis par des personnes isol\u00e9es, des extr\u00e9mistes. Mais on peut dire que, plus g\u00e9n\u00e9ralement, il y a des tensions de plus en plus nombreuses entre une partie de la communaut\u00e9 musulmane et une partie de la communaut\u00e9 juive. Des tensions qui sont aliment\u00e9es par le conflit isra\u00e9lo-palestinien.<\/p>\n\n\n\n<p><a id=\"sonaar_ts-6927d17326f5d\" class=\"srmp3_sonaar_ts_shortcode\"  style=\"\" href=\"javascript:sonaar_ts_shortcode({ trackid:'0', time:'00:32:17', ts_id:'6927d17326f5d', play_icon:'' }) ;\">[00:32:17]<\/a> Et puis la derni\u00e8re forme d&#8217;antis\u00e9mitisme, c&#8217;est un antis\u00e9mitisme d&#8217;extr\u00eame droite qui est de plus en plus pr\u00e9sent sur internet avec une propagation des th\u00e9ories du complot. Si vous avez \u00e9cout\u00e9 le 7\u00e8me \u00e9pisode, je crois, du podcast, j&#8217;avais parl\u00e9 des th\u00e9ories du complot, je vous avais expliqu\u00e9 de quoi il s&#8217;agissait. Et vous savez qu&#8217;aujourd&#8217;hui, elles sont de plus en plus populaires sur internet.<\/p>\n\n\n\n<p><a id=\"sonaar_ts-6927d17326f6a\" class=\"srmp3_sonaar_ts_shortcode\"  style=\"\" href=\"javascript:sonaar_ts_shortcode({ trackid:'0', time:'00:32:44', ts_id:'6927d17326f6a', play_icon:'' }) ;\">[00:32:44]<\/a> Les deux figures principales de cet antis\u00e9mitisme complotiste d&#8217;extr\u00eame droite, ce sont l&#8217;humoriste Dieudonn\u00e9 et l&#8217;auteur Alain Soral. Ce sont deux hommes qui sont tr\u00e8s influents et qui alimentent toutes ces th\u00e9ories du complot qui visent les juifs. Ils critiquent Isra\u00ebl de fa\u00e7on vraiment radicale et souvent, ils utilisent \u00e7a pour faire passer des arguments antis\u00e9mites. Autrement dit, ils masquent, ils cachent leur antis\u00e9mitisme par une forme d&#8217;antisionisme. C&#8217;est un peu ce qu&#8217;on pourrait qualifier de &#8220;droite alternative&#8221; en France (comme je sais que \u00e7a existe aux Etats-Unis) et malheureusement, beaucoup de jeunes sont sensibles \u00e0 ce genre de rh\u00e9torique.<\/p>\n\n\n\n<p><a id=\"sonaar_ts-6927d17326f72\" class=\"srmp3_sonaar_ts_shortcode\"  style=\"\" href=\"javascript:sonaar_ts_shortcode({ trackid:'0', time:'00:33:37', ts_id:'6927d17326f72', play_icon:'' }) ;\">[00:33:37]<\/a> Le probl\u00e8me, c&#8217;est que r\u00e9guli\u00e8rement, cet antis\u00e9mitisme est instrumentalis\u00e9. Autrement dit, on utilise cet antis\u00e9mitisme pour critiquer un groupe ou un autre. Par exemple, certains disent que l&#8217;antis\u00e9mitisme est exclusivement le fait des islamistes pour critiquer la communaut\u00e9 musulmane et accuser la communaut\u00e9 musulmane de tous les probl\u00e8mes.<\/p>\n\n\n\n<p><a id=\"sonaar_ts-6927d17326f7a\" class=\"srmp3_sonaar_ts_shortcode\"  style=\"\" href=\"javascript:sonaar_ts_shortcode({ trackid:'0', time:'00:34:05', ts_id:'6927d17326f7a', play_icon:'' }) ;\">[00:34:05]<\/a> Plus r\u00e9cemment, certains journalistes ont essay\u00e9 d&#8217;utiliser l&#8217;antis\u00e9mitisme pour discr\u00e9diter le mouvement des gilets jaunes parce que r\u00e9guli\u00e8rement, pendant les manifestations des gilets jaunes, il y a certaines personnes qui appartiennent \u00e0 cette extr\u00eame droite ou \u00e0 la droite alternative, qui profitent des rassemblements pour essayer de propager leurs id\u00e9es antis\u00e9mites. \u00c9videmment, \u00e7a repr\u00e9sente seulement une minorit\u00e9 du mouvement. Mais certaines personnes utilisent cette minorit\u00e9 pour discr\u00e9diter tous les gilets jaunes.<\/p>\n\n\n\n<p><a id=\"sonaar_ts-6927d17326f82\" class=\"srmp3_sonaar_ts_shortcode\"  style=\"\" href=\"javascript:sonaar_ts_shortcode({ trackid:'0', time:'00:34:43', ts_id:'6927d17326f82', play_icon:'' }) ;\">[00:34:43]<\/a> Donc au lieu de faire un diagnostic commun et d&#8217;essayer de vraiment comprendre pourquoi cet antis\u00e9mitisme devient aussi fort en France, on pr\u00e9f\u00e8re l&#8217;instrumentaliser et le politiser pour faire la critique d&#8217;une communaut\u00e9 ou d&#8217;une autre.<\/p>\n\n\n\n<p><a id=\"sonaar_ts-6927d17326f8a\" class=\"srmp3_sonaar_ts_shortcode\"  style=\"\" href=\"javascript:sonaar_ts_shortcode({ trackid:'0', time:'00:34:59', ts_id:'6927d17326f8a', play_icon:'' }) ;\">[00:34:59]<\/a> Le probl\u00e8me aujourd&#8217;hui, c&#8217;est qu&#8217;il est difficile de faire un diagnostic objectif de l&#8217;antis\u00e9mitisme en France. Comme vous l&#8217;avez vu, il a plusieurs visages et c&#8217;est un probl\u00e8me relativement complexe. En plus, il suscite toujours beaucoup d&#8217;\u00e9motion et des r\u00e9actions, mais finalement pas beaucoup de mesures pour vraiment le combattre.<\/p>\n\n\n\n<p><a id=\"sonaar_ts-6927d17326f93\" class=\"srmp3_sonaar_ts_shortcode\"  style=\"\" href=\"javascript:sonaar_ts_shortcode({ trackid:'0', time:'00:35:25', ts_id:'6927d17326f93', play_icon:'' }) ;\">[00:35:25]<\/a> C&#8217;est pour \u00e7a qu&#8217;\u00e0 pr\u00e9sent, le gouvernement et le pr\u00e9sident Macron, ont d\u00e9cid\u00e9 d&#8217;adopter des lois pour combattre l&#8217;antis\u00e9mitisme, notamment sur internet, et l&#8217;antisionisme. \u00c7a, \u00e7a va poser d&#8217;autres probl\u00e8mes parce que \u00e7a va peut-\u00eatre devenir difficile en France de critiquer la politique d&#8217;Isra\u00ebl sans \u00eatre accus\u00e9 imm\u00e9diatement d&#8217;antis\u00e9mitisme. Mais bon, \u00e7a c&#8217;est un autre d\u00e9bat. J&#8217;ai pas le temps d&#8217;en parler dans cet \u00e9pisode.<\/p>\n\n\n\n<p><a id=\"sonaar_ts-6927d17326f9f\" class=\"srmp3_sonaar_ts_shortcode\"  style=\"\" href=\"javascript:sonaar_ts_shortcode({ trackid:'0', time:'00:35:55', ts_id:'6927d17326f9f', play_icon:'' }) ;\">[00:35:55]<\/a> Personnellement je sais pas si ces lois vont permettre de r\u00e9soudre le probl\u00e8me de l&#8217;antis\u00e9mitisme. Je pense qu&#8217;il a des racines plus profondes. \u00c0 mon avis, ce dont on a v\u00e9ritablement besoin, c&#8217;est de plus d&#8217;\u00e9ducation pour \u00e9viter que ce genre d&#8217;id\u00e9es ne se propagent.<\/p>\n\n\n\n<p><a id=\"sonaar_ts-6927d17326fa8\" class=\"srmp3_sonaar_ts_shortcode\"  style=\"\" href=\"javascript:sonaar_ts_shortcode({ trackid:'0', time:'00:36:18', ts_id:'6927d17326fa8', play_icon:'' }) ;\">[00:36:18]<\/a> Voil\u00e0, c&#8217;est tout pour aujourd&#8217;hui. Je sais que c&#8217;\u00e9tait un \u00e9pisode peut-\u00eatre un peu plus difficile que d&#8217;habitude. Mais j&#8217;esp\u00e8re que \u00e7a vous a donn\u00e9 envie de vous int\u00e9resser \u00e0 l&#8217;histoire de France, \u00e0 cette affaire Dreyfus, \u00e0 la rafle du Vel d&#8217;Hiv. D&#8217;ailleurs, je vais mettre les liens vers diff\u00e9rents articles int\u00e9ressants que j&#8217;ai utilis\u00e9s pour pr\u00e9parer cet \u00e9pisode. Je vais mettre les liens dans les notes de l&#8217;\u00e9pisode sur mon site. Comme \u00e7a, vous pourrez les consulter.<\/p>\n\n\n\n<p><a id=\"sonaar_ts-6927d17326fb0\" class=\"srmp3_sonaar_ts_shortcode\"  style=\"\" href=\"javascript:sonaar_ts_shortcode({ trackid:'0', time:'00:36:49', ts_id:'6927d17326fb0', play_icon:'' }) ;\">[00:36:49]<\/a> Si vous voulez me soutenir, si vous voulez m&#8217;aider \u00e0 faire la promotion de ce podcast, vous pouvez, comme d&#8217;habitude, laisser une \u00e9valuation sur iTunes ou sur Facebook, ou \u00e9galement le partager avec des gens que vous connaissez qui apprennent le fran\u00e7ais.<\/p>\n\n\n\n<p><a id=\"sonaar_ts-6927d17326fb8\" class=\"srmp3_sonaar_ts_shortcode\"  style=\"\" href=\"javascript:sonaar_ts_shortcode({ trackid:'0', time:'00:37:06', ts_id:'6927d17326fb8', play_icon:'' }) ;\">[00:37:06]<\/a> On se retrouve dans deux semaines, peut-\u00eatre, sinon dans un mois. Et en attendant, n&#8217;oubliez pas de faire un peu de fran\u00e7ais tous les jours. A bient\u00f4t, ciao !<\/p>\n","protected":false},"excerpt":{"rendered":"<p>Salut \u00e0 toutes et \u00e0 tous, bienvenue pour ce nouvel \u00e9pisode ! Je suis tr\u00e8s content de vous retrouver. Comme d&#8217;habitude, on va passer une trentaine de minutes ensemble et je vais essayer de vous aider \u00e0 am\u00e9liorer votre compr\u00e9hension du fran\u00e7ais tout en d\u00e9couvrant des choses int\u00e9ressantes. Si c&#8217;est la premi\u00e8re fois que vous&#8230;<\/p>\n","protected":false},"author":1,"featured_media":289661,"comment_status":"open","ping_status":"open","sticky":false,"template":"","format":[189],"meta":{"_acf_changed":false,"_kad_blocks_custom_css":"","_kad_blocks_head_custom_js":"","_kad_blocks_body_custom_js":"","_kad_blocks_footer_custom_js":"","_kad_post_transparent":"","_kad_post_title":"","_kad_post_layout":"","_kad_post_sidebar_id":"","_kad_post_content_style":"","_kad_post_vertical_padding":"","_kad_post_feature":"","_kad_post_feature_position":"","_kad_post_header":false,"_kad_post_footer":false,"_kad_post_classname":"","footnotes":""},"categories":[168],"tags":[175,180,172],"class_list":["post-1159","post","type-post","status-publish","format-standard","has-post-thumbnail","hentry","category-podcast","tag-france","tag-histoire","tag-societe","format-solo-hugo"],"acf":[],"taxonomy_info":{"category":[{"value":168,"label":"Podcast"}],"post_tag":[{"value":175,"label":"France"},{"value":180,"label":"Histoire"},{"value":172,"label":"Soci\u00e9t\u00e9"}],"format":[{"value":189,"label":"Solo Hugo"}]},"featured_image_src_large":["https:\/\/innerfrench.com\/wp-content\/uploads\/2024\/01\/antisemitisme-750x406.jpg",750,406,true],"author_info":{"display_name":"Hugo","author_link":"https:\/\/innerfrench.com\/author\/innerfrench-2-2-2-2-2-2-2-2-2-2-2-2-2-2-2-2-2-2-2\/"},"comment_info":14,"category_info":[{"term_id":168,"name":"Podcast","slug":"podcast","term_group":0,"term_taxonomy_id":168,"taxonomy":"category","description":"","parent":0,"count":185,"filter":"raw","cat_ID":168,"category_count":185,"category_description":"","cat_name":"Podcast","category_nicename":"podcast","category_parent":0}],"tag_info":[{"term_id":175,"name":"France","slug":"france","term_group":0,"term_taxonomy_id":175,"taxonomy":"post_tag","description":"","parent":0,"count":100,"filter":"raw"},{"term_id":180,"name":"Histoire","slug":"histoire","term_group":0,"term_taxonomy_id":180,"taxonomy":"post_tag","description":"","parent":0,"count":35,"filter":"raw"},{"term_id":172,"name":"Soci\u00e9t\u00e9","slug":"societe","term_group":0,"term_taxonomy_id":172,"taxonomy":"post_tag","description":"","parent":0,"count":94,"filter":"raw"}],"_links":{"self":[{"href":"https:\/\/innerfrench.com\/wp-json\/wp\/v2\/posts\/1159","targetHints":{"allow":["GET"]}}],"collection":[{"href":"https:\/\/innerfrench.com\/wp-json\/wp\/v2\/posts"}],"about":[{"href":"https:\/\/innerfrench.com\/wp-json\/wp\/v2\/types\/post"}],"author":[{"embeddable":true,"href":"https:\/\/innerfrench.com\/wp-json\/wp\/v2\/users\/1"}],"replies":[{"embeddable":true,"href":"https:\/\/innerfrench.com\/wp-json\/wp\/v2\/comments?post=1159"}],"version-history":[{"count":1,"href":"https:\/\/innerfrench.com\/wp-json\/wp\/v2\/posts\/1159\/revisions"}],"predecessor-version":[{"id":294214,"href":"https:\/\/innerfrench.com\/wp-json\/wp\/v2\/posts\/1159\/revisions\/294214"}],"wp:featuredmedia":[{"embeddable":true,"href":"https:\/\/innerfrench.com\/wp-json\/wp\/v2\/media\/289661"}],"wp:attachment":[{"href":"https:\/\/innerfrench.com\/wp-json\/wp\/v2\/media?parent=1159"}],"wp:term":[{"taxonomy":"category","embeddable":true,"href":"https:\/\/innerfrench.com\/wp-json\/wp\/v2\/categories?post=1159"},{"taxonomy":"post_tag","embeddable":true,"href":"https:\/\/innerfrench.com\/wp-json\/wp\/v2\/tags?post=1159"},{"taxonomy":"format","embeddable":true,"href":"https:\/\/innerfrench.com\/wp-json\/wp\/v2\/format?post=1159"}],"curies":[{"name":"wp","href":"https:\/\/api.w.org\/{rel}","templated":true}]}}