{"id":13523,"date":"2021-10-07T15:02:06","date_gmt":"2021-10-07T13:02:06","guid":{"rendered":"https:\/\/innerfrench.com\/?p=13523"},"modified":"2025-09-29T10:52:00","modified_gmt":"2025-09-29T08:52:00","slug":"102-expatriation","status":"publish","type":"post","link":"https:\/\/innerfrench.com\/102-expatriation\/","title":{"rendered":"#102 Faire sa vie \u00e0 l&#8217;\u00e9tranger"},"content":{"rendered":"\n<p>Hugo : Salut \u00e0 toutes et \u00e0 tous, je suis ravi de vous retrouver pour ce nouvel \u00e9pisode et je suis encore une fois en compagnie d&#8217;Ingrid aujourd&#8217;hui.<\/p>\n\n\n\n<p><a id=\"sonaar_ts-6927d3030e34a\" class=\"srmp3_sonaar_ts_shortcode\"  style=\"\" href=\"javascript:sonaar_ts_shortcode({ trackid:'0', time:'00:00:22', ts_id:'6927d3030e34a', play_icon:'' }) ;\">Ingrid: [00:00:22]<\/a> Salut !<\/p>\n\n\n\n<p><a id=\"sonaar_ts-6927d3030e35a\" class=\"srmp3_sonaar_ts_shortcode\"  style=\"\" href=\"javascript:sonaar_ts_shortcode({ trackid:'0', time:'00:00:23', ts_id:'6927d3030e35a', play_icon:'' }) ;\">Hugo: [00:00:23]<\/a> Ingrid, il me semble que tu es un peu malade.<\/p>\n\n\n\n<p><a id=\"sonaar_ts-6927d3030e361\" class=\"srmp3_sonaar_ts_shortcode\"  style=\"\" href=\"javascript:sonaar_ts_shortcode({ trackid:'0', time:'00:00:25', ts_id:'6927d3030e361', play_icon:'' }) ;\">Ingrid: [00:00:25]<\/a> Oui, un petit peu. L\u00e0, c&#8217;est d\u00e9but octobre, donc, en France, il y a les rhumes, les angines et j&#8217;y ai pas manqu\u00e9. Donc voil\u00e0, d\u00e9sol\u00e9e si ma voix est un peu chancelante. En tout cas, j&#8217;essaierai de faire au mieux.<\/p>\n\n\n\n<p><a id=\"sonaar_ts-6927d3030e366\" class=\"srmp3_sonaar_ts_shortcode\"  style=\"\" href=\"javascript:sonaar_ts_shortcode({ trackid:'0', time:'00:00:38', ts_id:'6927d3030e366', play_icon:'' }) ;\">Hugo: [00:00:38]<\/a> Qu&#8217;est-ce que \u00e7a veut dire, une voix chancelante ?<\/p>\n\n\n\n<p><a id=\"sonaar_ts-6927d3030e36b\" class=\"srmp3_sonaar_ts_shortcode\"  style=\"\" href=\"javascript:sonaar_ts_shortcode({ trackid:'0', time:'00:00:40', ts_id:'6927d3030e36b', play_icon:'' }) ;\">Ingrid: [00:00:40]<\/a> Bah c&#8217;est qui tient pas vraiment droit. Voil\u00e0 qui est proche de tomber. On peut dire aussi qu&#8217;on a la voix cass\u00e9e, quand par moment, \u00e7a bug, en fait. Donc, je vais faire au mieux. Mais c&#8217;est possible qu&#8217;\u00e0 un moment, \u00e7a vous fasse un peu mal aux oreilles. D\u00e9sol\u00e9e !<\/p>\n\n\n\n<p><a id=\"sonaar_ts-6927d3030e36f\" class=\"srmp3_sonaar_ts_shortcode\"  style=\"\" href=\"javascript:sonaar_ts_shortcode({ trackid:'0', time:'00:00:58', ts_id:'6927d3030e36f', play_icon:'' }) ;\">Hugo: [00:00:58]<\/a> Et moi, comme je suis un chef tyrannique, je force mes employ\u00e9s \u00e0 travailler m\u00eame quand ils sont malades. Donc voil\u00e0, vous en avez la preuve.<\/p>\n\n\n\n<p><a id=\"sonaar_ts-6927d3030e374\" class=\"srmp3_sonaar_ts_shortcode\"  style=\"\" href=\"javascript:sonaar_ts_shortcode({ trackid:'0', time:'00:01:07', ts_id:'6927d3030e374', play_icon:'' }) ;\">Ingrid: [00:01:07]<\/a> C&#8217;est vrai&#8230;<\/p>\n\n\n\n<p><a id=\"sonaar_ts-6927d3030e379\" class=\"srmp3_sonaar_ts_shortcode\"  style=\"\" href=\"javascript:sonaar_ts_shortcode({ trackid:'0', time:'00:01:07', ts_id:'6927d3030e379', play_icon:'' }) ;\">Hugo: [00:01:07]<\/a> Alors, on a choisi l&#8217;expression &#8220;faire sa vie&#8221; aujourd&#8217;hui dans le titre de l&#8217;\u00e9pisode. Qu&#8217;est-ce que \u00e7a veut dire, &#8220;faire sa vie&#8221; ? Comment on pourrait expliquer \u00e7a ?<\/p>\n\n\n\n<p><a id=\"sonaar_ts-6927d3030e37e\" class=\"srmp3_sonaar_ts_shortcode\"  style=\"\" href=\"javascript:sonaar_ts_shortcode({ trackid:'0', time:'00:01:17', ts_id:'6927d3030e37e', play_icon:'' }) ;\">Ingrid: [00:01:17]<\/a> Bah &#8220;faire sa vie&#8221;, c&#8217;est tout simplement s&#8217;installer, s&#8217;int\u00e9grer, \u00eatre quelque part, comme si c&#8217;\u00e9tait chez soi et l\u00e0 o\u00f9 on a toutes ses habitudes. En fran\u00e7ais, on utilise beaucoup faire pour tout, non ?<\/p>\n\n\n\n<p><a id=\"sonaar_ts-6927d3030e382\" class=\"srmp3_sonaar_ts_shortcode\"  style=\"\" href=\"javascript:sonaar_ts_shortcode({ trackid:'0', time:'00:01:34', ts_id:'6927d3030e382', play_icon:'' }) ;\">Hugo: [00:01:34]<\/a> C&#8217;est vrai. Et on a aussi l&#8217;expression &#8220;refaire sa vie&#8221; quand on a un \u00e9v\u00e8nement important qui s&#8217;est pass\u00e9 dans notre vie. Peut-\u00eatre une rupture amoureuse, par exemple, et qu&#8217;on doit recommencer quelque chose, recommencer une nouvelle histoire. Ou alors apprendre \u00e0 vivre sans son compagnon ou sa compagne. On peut dire qu&#8217;on refait notre vie. &#8220;Je refais ma vie.&#8221;<\/p>\n\n\n\n<p><a id=\"sonaar_ts-6927d3030e387\" class=\"srmp3_sonaar_ts_shortcode\"  style=\"\" href=\"javascript:sonaar_ts_shortcode({ trackid:'0', time:'00:01:59', ts_id:'6927d3030e387', play_icon:'' }) ;\">Ingrid: [00:01:59]<\/a> Ouais, c&#8217;est vrai.<\/p>\n\n\n\n<p><a id=\"sonaar_ts-6927d3030e38b\" class=\"srmp3_sonaar_ts_shortcode\"  style=\"\" href=\"javascript:sonaar_ts_shortcode({ trackid:'0', time:'00:01:59', ts_id:'6927d3030e38b', play_icon:'' }) ;\">Hugo: [00:01:59]<\/a> Donc nous, on ne va pas parler de relations amoureuses aujourd&#8217;hui, mais d&#8217;expatriation plut\u00f4t parce qu&#8217;on a dit &#8220;faire sa vie \u00e0 l&#8217;\u00e9tranger&#8221;. Donc on a choisi le terme d&#8217;expatriation et pas immigration ou installation, parce qu&#8217;on va parler de nos exemples personnels. Et en particulier, on va r\u00e9pondre \u00e0 des questions que vous nous aviez envoy\u00e9es pour l&#8217;\u00e9pisode 100 et qui concernent cette exp\u00e9rience de l&#8217;expatriation. Est-ce qu&#8217;on rappelle la diff\u00e9rence entre expatriation et immigration ?<\/p>\n\n\n\n<p><a id=\"sonaar_ts-6927d3030e390\" class=\"srmp3_sonaar_ts_shortcode\"  style=\"\" href=\"javascript:sonaar_ts_shortcode({ trackid:'0', time:'00:02:32', ts_id:'6927d3030e390', play_icon:'' }) ;\">Ingrid: [00:02:32]<\/a> Ben, tu avais fait un \u00e9pisode dessus, non ?<\/p>\n\n\n\n<p><a id=\"sonaar_ts-6927d3030e394\" class=\"srmp3_sonaar_ts_shortcode\"  style=\"\" href=\"javascript:sonaar_ts_shortcode({ trackid:'0', time:'00:02:35', ts_id:'6927d3030e394', play_icon:'' }) ;\">Hugo: [00:02:35]<\/a> Ouais, ouais, ouais. C&#8217;\u00e9tait l&#8217;\u00e9pisode 81.<\/p>\n\n\n\n<p><a id=\"sonaar_ts-6927d3030e398\" class=\"srmp3_sonaar_ts_shortcode\"  style=\"\" href=\"javascript:sonaar_ts_shortcode({ trackid:'0', time:'00:02:38', ts_id:'6927d3030e398', play_icon:'' }) ;\">Ingrid: [00:02:38]<\/a> Tu te rappelles de tous tes \u00e9pisodes comme \u00e7a ou tu l&#8217;as r\u00e9vis\u00e9 ?<\/p>\n\n\n\n<p><a id=\"sonaar_ts-6927d3030e39d\" class=\"srmp3_sonaar_ts_shortcode\"  style=\"\" href=\"javascript:sonaar_ts_shortcode({ trackid:'0', time:'00:02:43', ts_id:'6927d3030e39d', play_icon:'' }) ;\">Hugo: [00:02:43]<\/a> Non, j&#8217;ai r\u00e9vis\u00e9. On a bien pr\u00e9par\u00e9 cet \u00e9pisode forc\u00e9ment. Non, non, je connais pas tous les num\u00e9ros d&#8217;\u00e9pisodes par c\u0153ur. D&#8217;ailleurs, je me souviens pas non plus de ce que je dis dans chaque \u00e9pisode. Donc l\u00e0, je l&#8217;ai relu un peu avant qu&#8217;on enregistre. Et c&#8217;est vrai que l&#8217;expatriation en g\u00e9n\u00e9ral, c&#8217;est plut\u00f4t pour les personnes qui viennent d&#8217;un pays occidental, d&#8217;un pays riche et qui d\u00e9m\u00e9nagent dans un autre pays pour une opportunit\u00e9 professionnelle, ou alors pour vivre quelques mois \u00e0 l&#8217;\u00e9tranger et vivre de nouvelles exp\u00e9riences. Alors que l&#8217;immigration en g\u00e9n\u00e9ral, c&#8217;est plut\u00f4t parce qu&#8217;on a des contraintes. Ce n&#8217;est pas forc\u00e9ment un choix, mais plut\u00f4t une contrainte. Par exemple, si on vit dans un pays extr\u00eamement pauvre, qu&#8217;il n&#8217;y a pas de travail, on est contraint de d\u00e9m\u00e9nager \u00e0 l&#8217;\u00e9tranger, d&#8217;aller dans un pays un peu plus riche, tout simplement pour essayer de survivre. On parle aussi de plus en plus de migrations climatiques qui sont li\u00e9es au r\u00e9chauffement climatique et \u00e0 tous ces changements qui font que de plus en plus de r\u00e9gions sont inhabitables et donc les habitants sont oblig\u00e9s de quitter leur pays d&#8217;origine. Encore une fois pour pour survivre.<\/p>\n\n\n\n<p><a id=\"sonaar_ts-6927d3030e3a1\" class=\"srmp3_sonaar_ts_shortcode\"  style=\"\" href=\"javascript:sonaar_ts_shortcode({ trackid:'0', time:'00:03:57', ts_id:'6927d3030e3a1', play_icon:'' }) ;\">Ingrid: [00:03:57]<\/a> Et c&#8217;est vrai que du coup, immigration, expatriation, il n&#8217;y a pas vraiment de d\u00e9finition officielle qui les diff\u00e9rencie. Mais nous, quand on parle d&#8217;expatriation comme on parle de quelque chose qui est choisi, on parle d&#8217;une position un peu privil\u00e9gi\u00e9e o\u00f9 il y a la possibilit\u00e9 de partir, revenir, aller dans plusieurs pays diff\u00e9rents, etc. \u00c7a peut \u00eatre dans le cadre des \u00e9tudes, \u00e7a peut \u00eatre dans le cadre d&#8217;une relation amoureuse ou encore de vouloir avoir une exp\u00e9rience professionnelle \u00e0 l&#8217;\u00e9tranger, mais sans \u00eatre un peu forc\u00e9 d&#8217;\u00eatre d\u00e9racin\u00e9, etc. Donc voil\u00e0, c&#8217;est sur ce c\u00f4t\u00e9 l\u00e0 qu&#8217;on voudrait insister, sur des expatriations ou des immigrations choisies, avec des possibilit\u00e9s de le faire dans des bonnes conditions.<\/p>\n\n\n\n<p><a id=\"sonaar_ts-6927d3030e3a6\" class=\"srmp3_sonaar_ts_shortcode\"  style=\"\" href=\"javascript:sonaar_ts_shortcode({ trackid:'0', time:'00:04:44', ts_id:'6927d3030e3a6', play_icon:'' }) ;\">Hugo: [00:04:44]<\/a> Oui, justement, nous, nos exp\u00e9riences personnelles, c&#8217;\u00e9tait plut\u00f4t des expatriations. Moi, comme vous le savez, j&#8217;ai v\u00e9cu \u00e0 Londres pendant mes \u00e9tudes et maintenant, j&#8217;habite en Pologne. \u00c7a fait sept ans que j&#8217;habite en Pologne. Et toi, Ingrid, c&#8217;est quoi tes exp\u00e9riences d&#8217;expatriation ?<\/p>\n\n\n\n<p><a id=\"sonaar_ts-6927d3030e3aa\" class=\"srmp3_sonaar_ts_shortcode\"  style=\"\" href=\"javascript:sonaar_ts_shortcode({ trackid:'0', time:'00:05:02', ts_id:'6927d3030e3aa', play_icon:'' }) ;\">Ingrid : [00:05:02]<\/a> Alors du coup, moi, j&#8217;ai v\u00e9cu au P\u00e9rou pendant longtemps. Je suis revenue il y a pas longtemps et j&#8217;ai \u00e9t\u00e9 a S\u00e9ville pendant un semestre, qui \u00e9tait pour&#8230; Moi, c&#8217;\u00e9tait pour travailler, mais mon copain allait \u00e9tudier l\u00e0-bas, donc je l&#8217;ai suivi et j&#8217;ai d\u00fb trouver du travail, etc. Donc, le P\u00e9rou et l&#8217;Espagne.<\/p>\n\n\n\n<p><a id=\"sonaar_ts-6927d3030e3af\" class=\"srmp3_sonaar_ts_shortcode\"  style=\"\" href=\"javascript:sonaar_ts_shortcode({ trackid:'0', time:'00:05:21', ts_id:'6927d3030e3af', play_icon:'' }) ;\">Hugo: [00:05:21]<\/a> D&#8217;accord. Et t&#8217;es rest\u00e9e combien de temps en Espagne ?<\/p>\n\n\n\n<p><a id=\"sonaar_ts-6927d3030e3b3\" class=\"srmp3_sonaar_ts_shortcode\"  style=\"\" href=\"javascript:sonaar_ts_shortcode({ trackid:'0', time:'00:05:24', ts_id:'6927d3030e3b3', play_icon:'' }) ;\">Ingrid: [00:05:24]<\/a> Six mois.<\/p>\n\n\n\n<p><a id=\"sonaar_ts-6927d3030e3b7\" class=\"srmp3_sonaar_ts_shortcode\"  style=\"\" href=\"javascript:sonaar_ts_shortcode({ trackid:'0', time:'00:05:25', ts_id:'6927d3030e3b7', play_icon:'' }) ;\">Hugo: [00:05:25]<\/a> Six mois.<\/p>\n\n\n\n<p><a id=\"sonaar_ts-6927d3030e3bb\" class=\"srmp3_sonaar_ts_shortcode\"  style=\"\" href=\"javascript:sonaar_ts_shortcode({ trackid:'0', time:'00:05:26', ts_id:'6927d3030e3bb', play_icon:'' }) ;\">Ingrid: [00:05:26]<\/a> Une demi-ann\u00e9e quoi.<\/p>\n\n\n\n<p><a id=\"sonaar_ts-6927d3030e3c0\" class=\"srmp3_sonaar_ts_shortcode\"  style=\"\" href=\"javascript:sonaar_ts_shortcode({ trackid:'0', time:'00:05:27', ts_id:'6927d3030e3c0', play_icon:'' }) ;\">Hugo: [00:05:27]<\/a> Et \u00e7a, c&#8217;\u00e9tait avant ou apr\u00e8s le P\u00e9rou ?<\/p>\n\n\n\n<p><a id=\"sonaar_ts-6927d3030e3c4\" class=\"srmp3_sonaar_ts_shortcode\"  style=\"\" href=\"javascript:sonaar_ts_shortcode({ trackid:'0', time:'00:05:30', ts_id:'6927d3030e3c4', play_icon:'' }) ;\">Ingrid: [00:05:30]<\/a> Au milieu.<\/p>\n\n\n\n<p><a id=\"sonaar_ts-6927d3030e3c8\" class=\"srmp3_sonaar_ts_shortcode\"  style=\"\" href=\"javascript:sonaar_ts_shortcode({ trackid:'0', time:'00:05:31', ts_id:'6927d3030e3c8', play_icon:'' }) ;\">Hugo: [00:05:31]<\/a> Au milieu. Ok.<\/p>\n\n\n\n<p><a id=\"sonaar_ts-6927d3030e3cc\" class=\"srmp3_sonaar_ts_shortcode\"  style=\"\" href=\"javascript:sonaar_ts_shortcode({ trackid:'0', time:'00:05:32', ts_id:'6927d3030e3cc', play_icon:'' }) ;\">Ingrid: [00:05:32]<\/a> Donc, j&#8217;ai v\u00e9cu quelques ann\u00e9es au P\u00e9rou. J&#8217;ai eu une coupure, je suis all\u00e9e en Europe et puis apr\u00e8s, je suis retourn\u00e9e au P\u00e9rou par la suite.<\/p>\n\n\n\n<p><a id=\"sonaar_ts-6927d3030e3d1\" class=\"srmp3_sonaar_ts_shortcode\"  style=\"\" href=\"javascript:sonaar_ts_shortcode({ trackid:'0', time:'00:00:00', ts_id:'6927d3030e3d1', play_icon:'' }) ;\">Hugo: [00:05:39]<\/a> Ok, ok. Alors, pour commencer, on va r\u00e9pondre peut-\u00eatre \u00e0 la question de Claudia,<\/p>\n\n\n\n<p><a id=\"sonaar_ts-6927d3030e3d5\" class=\"srmp3_sonaar_ts_shortcode\"  style=\"\" href=\"javascript:sonaar_ts_shortcode({ trackid:'0', time:'00:00:00', ts_id:'6927d3030e3d5', play_icon:'' }) ;\">Ingrid: [00:05:47]<\/a> Donc Claudia du P\u00e9rou, nous a envoy\u00e9 une question quand on a fait l&#8217;\u00e9pisode sur l&#8217;\u00e9pisode 100, donc on a gard\u00e9 cette question pr\u00e9cieusement pour maintenant.<\/p>\n\n\n\n<p><a id=\"sonaar_ts-6927d3030e3d9\" class=\"srmp3_sonaar_ts_shortcode\"  style=\"\" href=\"javascript:sonaar_ts_shortcode({ trackid:'0', time:'00:05:57', ts_id:'6927d3030e3d9', play_icon:'' }) ;\">Hugo: [00:05:57]<\/a> Allez. On l&#8217;\u00e9coute tout de suite.<\/p>\n\n\n\n<p><a id=\"sonaar_ts-6927d3030e3de\" class=\"srmp3_sonaar_ts_shortcode\"  style=\"\" href=\"javascript:sonaar_ts_shortcode({ trackid:'0', time:'00:05:58', ts_id:'6927d3030e3de', play_icon:'' }) ;\">Claudia: [00:05:58]<\/a> Bonjour, Hugo, et toute l&#8217;\u00e9quipe de innerFrench. Je suis ravie que vous f\u00eatiez votre anniversaire bient\u00f4t. Vous avez de quoi c\u00e9l\u00e9brer, car je suis une de vos followers depuis l&#8217;ann\u00e9e 2019. Ah, je suis tomb\u00e9e amoureuse de la voix calme et rassurante de Hugo qui, \u00e0 tout moment, m&#8217;a encourag\u00e9e \u00e0 parler fran\u00e7ais sans avoir peur des erreurs. Je m&#8217;en souviens, \u00e0 ce moment-l\u00e0, je ne pouvais pas finir une phrase enti\u00e8re. Trois ans apr\u00e8s, ma vie a radicalement chang\u00e9, car j&#8217;ai d\u00e9m\u00e9nag\u00e9 en France avec ma petite famille. Ma question est la suivante : comment vous vous \u00eates rendu compte que votre vie allait \u00eatre \u00e0 l&#8217;\u00e9tranger ? Qui n&#8217;est pas, bien s\u00fbr, votre lieu de naissance et le choix correct&#8230; Je suis curieuse. Nous nous sommes parmi une minorit\u00e9 de courageux qui part vivre \u00e0 l&#8217;\u00e9tranger. Bon, merci et f\u00e9licitations encore. Claudia du P\u00e9rou.<\/p>\n\n\n\n<p><a id=\"sonaar_ts-6927d3030e3e2\" class=\"srmp3_sonaar_ts_shortcode\"  style=\"\" href=\"javascript:sonaar_ts_shortcode({ trackid:'0', time:'00:06:54', ts_id:'6927d3030e3e2', play_icon:'' }) ;\">Hugo: [00:06:54]<\/a> Merci Claudia pour ta r\u00e9ponse. D\u00e9sol\u00e9, j&#8217;ai \u00e9corch\u00e9 ton pr\u00e9nom. C&#8217;est vrai que j&#8217;ai compl\u00e8tement oubli\u00e9 la prononciation espagnole. Alors moi, en fait, comme je l&#8217;avais racont\u00e9 dans cet \u00e9pisode sur l&#8217;expatriation, j&#8217;ai pris cette d\u00e9cision un peu sur un coup de t\u00eate. &#8220;Un coup de t\u00eate&#8221;, c&#8217;est donc quand on prend une d\u00e9cision de mani\u00e8re qui n&#8217;est pas tr\u00e8s r\u00e9fl\u00e9chie, de mani\u00e8re assez impulsive. Moi, j&#8217;ai d\u00e9m\u00e9nag\u00e9 en Pologne sur un coup de t\u00eate pour suivre mon meilleur ami pour tenter une aventure entrepreneuriale. Mais c&#8217;est vrai que quand j&#8217;\u00e9tais plus jeune ou m\u00eame pendant mes \u00e9tudes, je me disais pas &#8220;ah il faut absolument que je vive \u00e0 l&#8217;\u00e9tranger plus tard&#8221;. Je r\u00eavais pas d&#8217;\u00eatre expatri\u00e9, mais en fait, je pensais plut\u00f4t que j&#8217;allais rester en France. Quand j&#8217;ai fait mon \u00e9change \u00e9tudiant \u00e0 Londres, j&#8217;ai vraiment ador\u00e9. Mais apr\u00e8s, j&#8217;\u00e9tais assez content de rentrer en France, de retrouver mes petites habitudes, etc. Et ensuite, quand j&#8217;ai commenc\u00e9 \u00e0 travailler \u00e0 Paris, je me suis vraiment dit que j&#8217;allais rester \u00e0 Paris maintenant, que ma vie \u00e9tait l\u00e0. Et c&#8217;est justement \u00e7a, en fait, qui m&#8217;a pouss\u00e9 \u00e0 m&#8217;expatrier parce que quand mon ami m&#8217;a fait cette proposition, je me suis dit que c&#8217;\u00e9tait le bon moment parce que si je restais plus longtemps \u00e0 Paris, j&#8217;avais peur de ne plus pouvoir en partir et de jamais d\u00e9m\u00e9nager, de ne jamais avoir cette exp\u00e9rience, de vivre \u00e0 l&#8217;\u00e9tranger. Donc, je me suis dit c&#8217;est maintenant ou jamais et j&#8217;ai suivi mon ami. Mais c&#8217;\u00e9tait une d\u00e9cision qui \u00e9tait, qui \u00e9tait plut\u00f4t impulsive.<\/p>\n\n\n\n<p><a id=\"sonaar_ts-6927d3030e3e7\" class=\"srmp3_sonaar_ts_shortcode\"  style=\"\" href=\"javascript:sonaar_ts_shortcode({ trackid:'0', time:'00:08:32', ts_id:'6927d3030e3e7', play_icon:'' }) ;\">Ingrid: [00:08:32]<\/a> Mais quand tu es parti avec ton ami, tu pensais d\u00e9j\u00e0 que tu allais rester ? Ou tu pensais que tu allais rester un petit moment, puis rentrer \u00e0 Paris ou en France apr\u00e8s ?<\/p>\n\n\n\n<p><a id=\"sonaar_ts-6927d3030e3eb\" class=\"srmp3_sonaar_ts_shortcode\"  style=\"\" href=\"javascript:sonaar_ts_shortcode({ trackid:'0', time:'00:08:41', ts_id:'6927d3030e3eb', play_icon:'' }) ;\">Hugo: [00:08:41]<\/a> Je n&#8217;avais pas de plan particulier, mais comme on voulait cr\u00e9er une entreprise, c&#8217;\u00e9tait quand m\u00eame pour quelques ann\u00e9es. Et voil\u00e0, je ne m&#8217;\u00e9tais pas fix\u00e9 de limite. Je ne m&#8217;\u00e9tais pas dit &#8220;bon, c&#8217;est pour trois ans et je rentre&#8221;. Simplement, je m&#8217;\u00e9tais dit que j&#8217;allais essayer pendant un an et que si au bout d&#8217;un an, \u00e7a ne marchait pas du tout, l\u00e0 je rentrerai. Mais finalement, au bout de trois mois, il s&#8217;est av\u00e9r\u00e9 que \u00e7a ne marchait pas et j&#8217;ai quand m\u00eame d\u00e9cid\u00e9 de rester parce que \u00e7a me plaisait en fait d&#8217;\u00eatre \u00e0 Varsovie. J&#8217;avais envie d&#8217;essayer un peu plus, on va dire, de rester un peu plus longtemps. Et j&#8217;ai trouv\u00e9 des moyens pour \u00e7a. Et c&#8217;est comme \u00e7a, notamment, que j&#8217;ai fini \u00e0 l&#8217;Institut fran\u00e7ais. Mais ce n&#8217;\u00e9tait pas, ce n&#8217;\u00e9tait pas pr\u00e9vu et on en parlera plus tard d&#8217;ailleurs. Mais bon, je ne sais pas pour combien de temps je vais rester en Pologne. Certainement pas pour toute ma vie en tout cas.<\/p>\n\n\n\n<p><a id=\"sonaar_ts-6927d3030e3ef\" class=\"srmp3_sonaar_ts_shortcode\"  style=\"\" href=\"javascript:sonaar_ts_shortcode({ trackid:'0', time:'00:09:33', ts_id:'6927d3030e3ef', play_icon:'' }) ;\">Ingrid: [00:09:33]<\/a> D&#8217;accord, teasing. Sachant que moi non plus, je ne sais pas ce que tu vas me dire \u00e0 la fin. Donc j&#8217;attends avec impatience. Ouais, mais en tout cas, on a un petit peu&#8230;. On n&#8217;a pas du tout la m\u00eame exp\u00e9rience, mais par contre, je vois un d\u00e9nominateur commun, c&#8217;est un peu la peur de rester toute sa vie \u00e0 Paris. Moi, c&#8217;est vrai que je suis partie au P\u00e9rou et en g\u00e9n\u00e9ral en Am\u00e9rique latine (parce que je voulais voyager en Am\u00e9rique latine) en gardant mon appartement \u00e0 Paris. Donc je n&#8217;avais pas pr\u00e9vu de partir sur le long terme. Mais j&#8217;avais aucune envie de rester \u00e0 Paris. Mais vraiment, j&#8217;avais&#8230; C&#8217;\u00e9tait une angoisse totale et je suis partie en me disant &#8220;Il faut que je voyage, il faut que je voie autre chose, je reviendrai. Je ne sais pas quand.&#8221; Je suis partie avec un billet aller et pas de billet de retour. Et au final, \u00e0 l&#8217;opportunit\u00e9 que j&#8217;ai eue de construire quelque chose avec quelqu&#8217;un au P\u00e9rou, je l&#8217;ai saisie sans penser &#8220;ah mince, ma vie est en France&#8221;. Et en fait, je me suis rendu compte que vraiment, ma vie n&#8217;allait pas \u00eatre en France, au moins pour un moment, quand je voulais partir du P\u00e9rou. \u00c7a m&#8217;est arriv\u00e9 de me dire &#8220;oh j&#8217;aimerais bien&#8230;&#8221; Je voulais aller ailleurs, partout, sauf en France. Je me disais &#8220;oh j&#8217;irais bien en Colombie, oh pourquoi pas vivre en Espagne ? Pourquoi &#8230;?&#8221; Mais jamais je me disais &#8220;il faut que je rentre en France, l\u00e0 quand m\u00eame&#8221;. Donc voil\u00e0, au bout de quelques mois, sur place, je me suis rendu compte que ce que je voulais, c&#8217;\u00e9tait continuer \u00e0 explorer le monde et pas retourner dans dans mon pays d&#8217;origine et encore moins dans ma ville, Paris, o\u00f9 je me sentais pas \u00e0 ma place.<\/p>\n\n\n\n<p><a id=\"sonaar_ts-6927d3030e3f5\" class=\"srmp3_sonaar_ts_shortcode\"  style=\"\" href=\"javascript:sonaar_ts_shortcode({ trackid:'0', time:'00:11:06', ts_id:'6927d3030e3f5', play_icon:'' }) ;\">Hugo: [00:11:06]<\/a> Et parmi tes amis, notamment les amis que tu t&#8217;es fait pendant tes \u00e9tudes, est-ce qu&#8217;il y en a beaucoup qui ont fait le choix de l&#8217;expatriation ou est-ce que tu \u00e9tais plut\u00f4t une exception ?<\/p>\n\n\n\n<p><a id=\"sonaar_ts-6927d3030e3fa\" class=\"srmp3_sonaar_ts_shortcode\"  style=\"\" href=\"javascript:sonaar_ts_shortcode({ trackid:'0', time:'00:11:17', ts_id:'6927d3030e3fa', play_icon:'' }) ;\">Ingrid: [00:11:17]<\/a> Il y en a pas beaucoup, mais il y en a assez pour que j&#8217;aie des mod\u00e8les ou des personnes avec qui parler. Au moins, j&#8217;ai un couple de mes meilleurs amis qui ont v\u00e9cu \u00e0 Londres pendant longtemps et j&#8217;ai une de mes meilleures amies, pareil, qui a \u00e9norm\u00e9ment voyag\u00e9, qui habite en \u00c9cosse maintenant. Donc, ce n&#8217;\u00e9tait pas beaucoup de personnes&#8230; Ah oui, et bien s\u00fbr, ma petite s\u0153ur avait pr\u00e9vu, faisait des \u00e9tudes dans le but de vivre sa vie comme expatri\u00e9e. Elle bosse dans l&#8217;humanitaire. Donc voil\u00e0, \u00e7a me faisait assez de contacts pour ne pas me sentir perdue. Mais ce n&#8217;\u00e9tait pas la majorit\u00e9 <strong>du tout. La grande majorit\u00e9 de mes amis sont en France, m\u00eame encore \u00e0 Paris.<\/strong><\/p>\n\n\n\n<p><a id=\"sonaar_ts-6927d3030e3fe\" class=\"srmp3_sonaar_ts_shortcode\"  style=\"\" href=\"javascript:sonaar_ts_shortcode({ trackid:'0', time:'00:11:59', ts_id:'6927d3030e3fe', play_icon:'' }) ;\">Hugo: [00:11:59]<\/a> Ouais, moi, c&#8217;est pareil. Alors qu&#8217;en \u00e9cole de commerce, pour avoir son dipl\u00f4me, on est oblig\u00e9 d&#8217;avoir une exp\u00e9rience \u00e0 l&#8217;\u00e9tranger, que ce soit un \u00e9change ou alors des \u00e9tudes. Donc, tout le monde a fait cette exp\u00e9rience de vivre \u00e0 l&#8217;\u00e9tranger. Mais parmi mes amis, je dirais qu&#8217;au moins 80% sont rest\u00e9s \u00e0 Paris, finalement. Et ceux qui ont d\u00e9m\u00e9nag\u00e9 \u00e0 l&#8217;\u00e9tranger, c&#8217;\u00e9tait souvent parce qu&#8217;ils avaient des racines. Par exemple, j&#8217;ai un ami qui habite \u00e0 Berlin maintenant, mais il est franco-allemand. Mon meilleur ami, donc, qui est d&#8217;origine polonaise, qui est rentr\u00e9 en Pologne. Quelques amis aussi, effectivement, qui se sont install\u00e9s \u00e0 Londres. Parce que c&#8217;est vrai que&#8230; Bon, il y a beaucoup d&#8217;opportunit\u00e9s professionnelles int\u00e9ressantes \u00e0 Londres. On reste assez proche de la France avec l&#8217;Eurostar. C&#8217;\u00e9tait avant le Brexit, bien s\u00fbr, maintenant, la situation a un peu chang\u00e9. Mais globalement, les gens sont quand m\u00eame plut\u00f4t rest\u00e9s \u00e0 Paris, de mon c\u00f4t\u00e9.<\/p>\n\n\n\n<p><a id=\"sonaar_ts-6927d3030e402\" class=\"srmp3_sonaar_ts_shortcode\"  style=\"\" href=\"javascript:sonaar_ts_shortcode({ trackid:'0', time:'00:12:57', ts_id:'6927d3030e402', play_icon:'' }) ;\">Ingrid: [00:12:57]<\/a> Ouais, comme quoi, on n&#8217;a pas juste suivi la masse.<\/p>\n\n\n\n<p><a id=\"sonaar_ts-6927d3030e407\" class=\"srmp3_sonaar_ts_shortcode\"  style=\"\" href=\"javascript:sonaar_ts_shortcode({ trackid:'0', time:'00:13:02', ts_id:'6927d3030e407', play_icon:'' }) ;\">Hugo: [00:13:02]<\/a> Effectivement. Alors maintenant, on va parler un peu de l&#8217;installation des premiers pas, on peut dire \u00e0 l&#8217;\u00e9tranger du d\u00e9but et en particulier des premi\u00e8res semaines, quand on arrive sur place et qu&#8217;on a plein de choses \u00e0 g\u00e9rer, de d\u00e9marches administratives, etc. Et pour \u00e7a, on va \u00e9couter une autre question, il me semble.<\/p>\n\n\n\n<p><a id=\"sonaar_ts-6927d3030e40b\" class=\"srmp3_sonaar_ts_shortcode\"  style=\"\" href=\"javascript:sonaar_ts_shortcode({ trackid:'0', time:'00:13:27', ts_id:'6927d3030e40b', play_icon:'' }) ;\">Ingrid: [00:13:27]<\/a> Alors on va plut\u00f4t lire. Donc, parmi les questions qu&#8217;on a re\u00e7ues, il y en a beaucoup qui \u00e9taient aussi \u00e9crites. Donc l\u00e0, en fait, pour introduire cette partie, on va r\u00e9pondre \u00e0 la question de Safa. On va d&#8217;abord parler de nous, mais Safa se demandait si pour s&#8217;installer en France, car elle voudrait s&#8217;installer en France dans un an, si c&#8217;est difficile quand on ne s&#8217;exprime pas forc\u00e9ment bien ou si c&#8217;est compl\u00e8tement&#8230; Voil\u00e0, est-ce que c&#8217;est une bonne id\u00e9e, est-ce que c&#8217;est une solution radicale pour r\u00e9ussir \u00e0 parler une autre langue que de s&#8217;installer dans l&#8217;autre pays ?<\/p>\n\n\n\n<p><a id=\"sonaar_ts-6927d3030e40f\" class=\"srmp3_sonaar_ts_shortcode\"  style=\"\" href=\"javascript:sonaar_ts_shortcode({ trackid:'0', time:'00:14:04', ts_id:'6927d3030e40f', play_icon:'' }) ;\">Hugo: [00:14:04]<\/a> Alors c&#8217;est une bonne question. Et c&#8217;est vrai que c&#8217;est assez difficile d&#8217;y r\u00e9pondre. Je me rends compte qu&#8217;en Pologne, il y a de plus en plus de choses qui sont traduites en anglais au niveau administratif. Donc souvent, sur les sites officiels, on peut choisir la version anglaise. Mais je me suis aussi rendu compte que souvent, dans la version anglaise, il y a 10 fois moins d&#8217;informations que dans la version polonaise. Ou alors c&#8217;est une version tr\u00e8s simplifi\u00e9e. Et par exemple, sur la version polonaise, on peut r\u00e9server un rendez vous, etc. Et si on passe sur la version anglaise, c&#8217;est simplement des informations g\u00e9n\u00e9rales. Mais il n&#8217;y a pas la possibilit\u00e9 de parler \u00e0 quelqu&#8217;un ou de prendre un rendez-vous. Je ne sais pas trop comment c&#8217;est en France, mais d&#8217;apr\u00e8s ce que j&#8217;ai pu voir, j&#8217;ai l&#8217;impression que c&#8217;est encore assez limit\u00e9 et que si on ne parle pas fran\u00e7ais, \u00e7a reste tr\u00e8s compliqu\u00e9.<\/p>\n\n\n\n<p><a id=\"sonaar_ts-6927d3030e414\" class=\"srmp3_sonaar_ts_shortcode\"  style=\"\" href=\"javascript:sonaar_ts_shortcode({ trackid:'0', time:'00:14:56', ts_id:'6927d3030e414', play_icon:'' }) ;\">Ingrid: [00:14:56]<\/a> Ouais, ouais, donc c&#8217;est pour \u00e7a, je pense que c&#8217;est comparable pour moi, en tout cas. Au P\u00e9rou, clairement, tout est en espagnol. Et maintenant, je vois en plus, maintenant que je suis en France pour un temps, c&#8217;est \u00e0 peu pr\u00e8s la m\u00eame chose quoi. Il y a quelques options. Il y a quelques personnes qui parlent anglais, mais de mani\u00e8re g\u00e9n\u00e9rale, la vie se fait dans la langue locale : en France, en fran\u00e7ais, en Am\u00e9rique latine, en espagnol. Et voil\u00e0. Peut-\u00eatre que dans les pays de l&#8217;est de l&#8217;Europe, il y a un peu plus de traduction. Je sais qu&#8217;ils sont quand m\u00eame un peu meilleurs en langues et en anglais, un peu moins fiers de leur langue, peut-\u00eatre. C&#8217;est le probl\u00e8me du fran\u00e7ais.<\/p>\n\n\n\n<p><a id=\"sonaar_ts-6927d3030e418\" class=\"srmp3_sonaar_ts_shortcode\"  style=\"\" href=\"javascript:sonaar_ts_shortcode({ trackid:'0', time:'00:15:30', ts_id:'6927d3030e418', play_icon:'' }) ;\">Hugo: [00:15:30]<\/a> Un peu plus pragmatique; je dirais.<\/p>\n\n\n\n<p><a id=\"sonaar_ts-6927d3030e41d\" class=\"srmp3_sonaar_ts_shortcode\"  style=\"\" href=\"javascript:sonaar_ts_shortcode({ trackid:'0', time:'00:15:31', ts_id:'6927d3030e41d', play_icon:'' }) ;\">Ingrid: [00:15:31]<\/a> Un peu plus pragmatique. Un peu plus dans l&#8217;envie d&#8217;accueillir les gens qui viennent. Donc, voil\u00e0. Donc pour les premi\u00e8res d\u00e9marches qu&#8217;on doit faire quand on arrive dans un pays ou m\u00eame avant de partir finalement. J&#8217;avais pens\u00e9 qu&#8217;on pouvait parler tr\u00e8s rapidement du visa. Alors toi, est-ce que tu avais d\u00e9j\u00e0 d\u00fb faire un visa ?<\/p>\n\n\n\n<p><a id=\"sonaar_ts-6927d3030e421\" class=\"srmp3_sonaar_ts_shortcode\"  style=\"\" href=\"javascript:sonaar_ts_shortcode({ trackid:'0', time:'00:15:52', ts_id:'6927d3030e421', play_icon:'' }) ;\">Hugo: [00:15:52]<\/a> Si je pense qu&#8217;on avait d\u00fb demander un visa, mais c&#8217;\u00e9tait seulement \u00e0 la fronti\u00e8re, donc on l&#8217;obtenait imm\u00e9diatement. Mais sinon, c&#8217;est vrai que dans l&#8217;Union europ\u00e9enne, il n&#8217;y a pas besoin de visa si vous \u00eates citoyen de l&#8217;Union europ\u00e9enne, donc \u00e7a, c&#8217;est tr\u00e8s pratique. Mais bon, si vous \u00eates citoyen de l&#8217;Union europ\u00e9enne, vous le savez d\u00e9j\u00e0. Mais par contre, si vous n&#8217;\u00eates pas originaire d&#8217;un pays de l&#8217;Union europ\u00e9enne, l\u00e0, pour travailler ou \u00e9tudier en France, vous allez avoir besoin d&#8217;un visa. Donc, c&#8217;est bien de se renseigner avant \u00e7a.<\/p>\n\n\n\n<p><a id=\"sonaar_ts-6927d3030e425\" class=\"srmp3_sonaar_ts_shortcode\"  style=\"\" href=\"javascript:sonaar_ts_shortcode({ trackid:'0', time:'00:16:21', ts_id:'6927d3030e425', play_icon:'' }) ;\">Ingrid: [00:16:21]<\/a> C&#8217;est un visa de long s\u00e9jour valant titre de s\u00e9jour pour la France, je le sais. J&#8217;ai d\u00fb m&#8217;occuper de ces papiers pour mon copain de coup et moi j&#8217;avais eu aussi \u00e0 faire un visa quand j&#8217;ai voulu m&#8217;installer au P\u00e9rou. Donc moi, j&#8217;\u00e9tais d\u00e9j\u00e0 sur place. Quand on veut rentrer comme touriste, il n&#8217;y a pas de probl\u00e8me. C&#8217;est un visa de trois mois juste en tamponnant le passeport. Par contre, pour rester plus longtemps, j&#8217;ai eu de la chance parce que j&#8217;ai pu faire un visa de journaliste aupr\u00e8s du minist\u00e8re des Affaires \u00e9trang\u00e8res, il me semble, mais donc que j&#8217;avais \u00e9t\u00e9 aid\u00e9e \u00e0 ce moment-l\u00e0 par un r\u00e9seau. Donc voil\u00e0, c&#8217;est quelque chose que je conseille dans tous les cas. C&#8217;est 1) si c&#8217;est possible de vraiment faire les papiers avant de partir, notamment pour la France 2) bien se renseigner sur les conditions parce que au P\u00e9rou, par exemple, moi, un visa de travail, \u00e7a aurait \u00e9t\u00e9 tr\u00e8s difficile \u00e0 obtenir comme \u00e7a. Et je sais qu&#8217;en France, il y a des surprises. Par exemple, quand on arrive, il faut payer, alors que quand on fait toutes les d\u00e9marches, c&#8217;est pas forc\u00e9ment sp\u00e9cifi\u00e9. Et mon troisi\u00e8me conseil, ce serait de se rapprocher de personnes qui font les m\u00eames d\u00e9marches. C&#8217;est vrai que \u00e7a aide beaucoup et en g\u00e9n\u00e9ral, on peut trouver voil\u00e0 sur des forums, des groupes. Il y a toujours moyen de trouver des concitoyens qui veulent partir dans le m\u00eame pays que soi et de se dire &#8220;Alors ils ont dit quoi ?&#8221; Parce que c&#8217;est beaucoup d&#8217;emails, beaucoup de coups de t\u00e9l\u00e9phone, donc, si on peut \u00eatre deux ou trois \u00e0 le faire ensemble, c&#8217;est toujours bien pratique pour se donner les infos.<\/p>\n\n\n\n<p><a id=\"sonaar_ts-6927d3030e42a\" class=\"srmp3_sonaar_ts_shortcode\"  style=\"\" href=\"javascript:sonaar_ts_shortcode({ trackid:'0', time:'00:17:54', ts_id:'6927d3030e42a', play_icon:'' }) ;\">Hugo: [00:17:54]<\/a> C&#8217;est vrai. Dans les groupes Facebook notamment, il y a beaucoup de groupes Facebook, par exemple &#8220;les Am\u00e9ricains \u00e0 Paris&#8221;, ou des choses comme \u00e7a o\u00f9 les gens \u00e9changent des informations et c&#8217;est des informations qui sont toujours \u00e0 jour parce que c&#8217;est ce que les gens sont en train de vivre, les d\u00e9marches qu&#8217;ils sont en train de faire, notamment si vous avez \u00e9cout\u00e9 l&#8217;interview que j&#8217;avais faite avec Damon Dominique. Lui, il a fait plusieurs vid\u00e9os sur sa cha\u00eene dans lesquelles il montre tout le processus pour obtenir un visa, pour renouveler son visa ensuite. C&#8217;est assez dr\u00f4le aussi parce qu&#8217;il se filme au t\u00e9l\u00e9phone avec les conseillers et bon on voit un peu toutes&#8230; Comment on peut dire \u00e7a de mani\u00e8re politiquement correcte ? Tout le professionnalisme de l&#8217;administration fran\u00e7aise.<\/p>\n\n\n\n<p><a id=\"sonaar_ts-6927d3030e42e\" class=\"srmp3_sonaar_ts_shortcode\"  style=\"\" href=\"javascript:sonaar_ts_shortcode({ trackid:'0', time:'00:00:00', ts_id:'6927d3030e42e', play_icon:'' }) ;\">Ingrid: [00:18:45]<\/a> \u00c7a me fait toujours penser \u00e0 cet \u00e9pisode du dessin anim\u00e9 Ast\u00e9rix et Ob\u00e9lix. Les douze travaux d&#8217;Ast\u00e9rix. Si vous ne l&#8217;avez pas vu, il y a des vid\u00e9os sur YouTube. C&#8217;est trop dr\u00f4le. C&#8217;est vraiment l&#8217;illustration de l&#8217;administration fran\u00e7aise : Ast\u00e9rix qui doit r\u00e9ussir \u00e0 trouver un formulaire. Et voil\u00e0, c&#8217;est ridicule. Tous tous les pas qu&#8217;il faut faire&#8230;<\/p>\n\n\n\n<p><a id=\"sonaar_ts-6927d3030e433\" class=\"srmp3_sonaar_ts_shortcode\"  style=\"\" href=\"javascript:sonaar_ts_shortcode({ trackid:'0', time:'00:19:05', ts_id:'6927d3030e433', play_icon:'' }) ;\">Hugo: [00:19:05]<\/a> Ouais il est dans un labyrinthe administratif o\u00f9 il doit aller d&#8217;une personne \u00e0 l&#8217;autre pour obtenir un formulaire pour obtenir un autre formulaire qui n&#8217;existe pas. Enfin bon c&#8217;est&#8230;<\/p>\n\n\n\n<p><a id=\"sonaar_ts-6927d3030e437\" class=\"srmp3_sonaar_ts_shortcode\"  style=\"\" href=\"javascript:sonaar_ts_shortcode({ trackid:'0', time:'00:19:17', ts_id:'6927d3030e437', play_icon:'' }) ;\">Ingrid: [00:19:17]<\/a> Trop bien fait ouais.<\/p>\n\n\n\n<p><a id=\"sonaar_ts-6927d3030e43b\" class=\"srmp3_sonaar_ts_shortcode\"  style=\"\" href=\"javascript:sonaar_ts_shortcode({ trackid:'0', time:'00:19:18', ts_id:'6927d3030e43b', play_icon:'' }) ;\">Hugo: [00:19:18]<\/a> \u00c7a illustre bien. Mais bon, je pense que ce n&#8217;est pas le cas simplement en France. Dans tous les cas, effectivement, c&#8217;est mieux de se pr\u00e9parer avant de partir parce qu&#8217;on est, on est moins dans l&#8217;urgence. On a le temps de faire ses recherches, de traduire. On se pr\u00e9pare. On sait un peu \u00e0 quoi s&#8217;attendre, alors que quand on fait tout sur place, c&#8217;est vrai qu&#8217;on a \u00e9norm\u00e9ment de choses \u00e0 faire en m\u00eame temps. Et du coup, c&#8217;est encore plus stressant. Notamment la recherche du logement, donc \u00e7a aussi, on a fait un \u00e9pisode dessus. Mais c&#8217;est vrai que m\u00eame si vous pouvez essayer de contacter les propri\u00e9taires, etc. avant d&#8217;arriver, c&#8217;est compliqu\u00e9. Vous ne pouvez pas faire les visites et en g\u00e9n\u00e9ral, \u00e0 chaque fois qu&#8217;il y a une annonce, il y a beaucoup de candidats qui viennent visiter dont vous n&#8217;allez pas avoir la priorit\u00e9. Donc \u00e7a, c&#8217;est vraiment quelque chose que vous pouvez faire uniquement une fois que vous \u00eates sur place. Donc toutes les choses que vous pouvez faire avant, essayez de les faire avant.<\/p>\n\n\n\n<p><a id=\"sonaar_ts-6927d3030e440\" class=\"srmp3_sonaar_ts_shortcode\"  style=\"\" href=\"javascript:sonaar_ts_shortcode({ trackid:'0', time:'00:20:16', ts_id:'6927d3030e440', play_icon:'' }) ;\">Ingrid: [00:20:16]<\/a> Oui, ce que vous pouvez faire avant, par exemple, c&#8217;est prendre une assurance puisque les assurances en g\u00e9n\u00e9ral, il faut prendre celles de son pays d&#8217;origine. Bon, apr\u00e8s, il y a peut \u00eatre des options suivant les pays, mais en tout cas, dans mon exp\u00e9rience&#8230; Moi, je suis tr\u00e8s mal plac\u00e9e parce que j&#8217;ai souvent \u00e9t\u00e9 sans assurance. Mais ce n&#8217;est pas bien. Ne faites pas comme moi. Essayez de prendre une bonne assurance pour la sant\u00e9, les&#8230; Enfin tout ce qui est basique quoi, m\u00eame \u00e9ventuellement vos objets de valeur, qui seraient plut\u00f4t des assurances de votre pays, sp\u00e9cialis\u00e9es pour soit les personnes qui s&#8217;expatrient, soit les personnes qui vont faire leurs \u00e9tudes \u00e0 l&#8217;\u00e9tranger. Voil\u00e0 donc apr\u00e8s \u00e7a, il y en a plein. Il faut bien chercher et pareil, pourquoi pas \u00eatre en contact avec des personnes qui sont dans la m\u00eame situation et qui peuvent donc vous aider \u00e0 trouver la bonne solution ?<\/p>\n\n\n\n<p><a id=\"sonaar_ts-6927d3030e444\" class=\"srmp3_sonaar_ts_shortcode\"  style=\"\" href=\"javascript:sonaar_ts_shortcode({ trackid:'0', time:'00:21:07', ts_id:'6927d3030e444', play_icon:'' }) ;\">Hugo: [00:21:07]<\/a> Ok, je pense qu&#8217;on a fait le tour un peu au niveau administratif.<\/p>\n\n\n\n<p><a id=\"sonaar_ts-6927d3030e449\" class=\"srmp3_sonaar_ts_shortcode\"  style=\"\" href=\"javascript:sonaar_ts_shortcode({ trackid:'0', time:'00:21:12', ts_id:'6927d3030e449', play_icon:'' }) ;\">Ingrid: [00:21:12]<\/a> Oui, apr\u00e8s, y a des d\u00e9tails tout \u00e0 faire sur place. Prenez&#8230; Pr\u00e9voyez que vous aurez une semaine, un mois, o\u00f9 vous devrez peut-\u00eatre prendre une banque locale, peut-\u00eatre trouver une carte SIM locale, etc.<\/p>\n\n\n\n<p><a id=\"sonaar_ts-6927d3030e44d\" class=\"srmp3_sonaar_ts_shortcode\"  style=\"\" href=\"javascript:sonaar_ts_shortcode({ trackid:'0', time:'00:21:25', ts_id:'6927d3030e44d', play_icon:'' }) ;\">Hugo: [00:21:25]<\/a> Ce qui est bien maintenant, c&#8217;est qu&#8217;il y a \u00e9norm\u00e9ment de banques sur Internet dont les services sont meilleurs que les banques traditionnelles et souvent, elles ont leur page en anglais. Donc c&#8217;est plus facile d&#8217;ouvrir un compte. Elles ont des comptes aussi sp\u00e9ciaux pour les \u00e9tudiants, etc. Je ne sais pas si elles en ont pour les \u00e9tudiants \u00e9trangers, mais maintenant, je ne vous apprends rien, mais on peut faire quand m\u00eame pas mal de choses sur Internet, tranquillement \u00e0 la maison, avec un traducteur \u00e0 c\u00f4t\u00e9, dans la fen\u00eatre d&#8217;\u00e0 c\u00f4t\u00e9 pour pour traduire tous les textes. Donc voil\u00e0, c&#8217;est assez pratique. Ensuite, il y a cette question de la langue et donc toi, quand tu es arriv\u00e9e au P\u00e9rou, tu m&#8217;avais dit la derni\u00e8re fois que ton niveau d&#8217;espagnol n&#8217;\u00e9tait pas non plus extraordinaire.<\/p>\n\n\n\n<p><a id=\"sonaar_ts-6927d3030e46b\" class=\"srmp3_sonaar_ts_shortcode\"  style=\"\" href=\"javascript:sonaar_ts_shortcode({ trackid:'0', time:'00:22:18', ts_id:'6927d3030e46b', play_icon:'' }) ;\">Ingrid: [00:22:18]<\/a> Ouais, il \u00e9tait nul, on peut le dire. Je ne comprenais rien. Je suis arriv\u00e9e et je pensais comprendre un petit peu. Mais en fait, d\u00e9j\u00e0, \u00e7a faisait une dizaine d&#8217;ann\u00e9es, peut-\u00eatre&#8230; Bon, peut-\u00eatre pas autant, mais bref, \u00e7a faisait des longues ann\u00e9es que je n&#8217;avais pas pratiqu\u00e9 l&#8217;espagnol, ni m\u00eame \u00e0 l&#8217;\u00e9cole. Ce n&#8217;est pas comme si je regardais des s\u00e9ries en espagnol ou je voyais beaucoup d&#8217;espagnol en g\u00e9n\u00e9ral. Donc, quand je suis arriv\u00e9, je me suis rendu compte que mes pauvres cours d&#8217;espagnol europ\u00e9en du coll\u00e8ge lyc\u00e9e, c&#8217;est bon, \u00e7a servait pas en fait. \u00c7a m&#8217;a servi plus tard, quand j&#8217;ai commenc\u00e9 \u00e0 apprendre, \u00e0 faire un effort, j&#8217;ai des bases qui sont revenues. Mais quand au d\u00e9but, t&#8217;arrives &#8220;******. &#8211; Ah ok euh&#8230;&#8221; Et voil\u00e0, donc c&#8217;\u00e9tait assez difficile. En plus, ils parlent assez mal anglais, donc parfois, quand ils me parlaient en anglais, je comprenais encore moins bien parce que du coup, je disais : bon, c&#8217;est mieux de parler en espagnol tr\u00e8s lentement, avec des gestes qu&#8217;essayer de se mettre \u00e0 l&#8217;anglais. Mais voil\u00e0.<\/p>\n\n\n\n<p><a id=\"sonaar_ts-6927d3030e473\" class=\"srmp3_sonaar_ts_shortcode\"  style=\"\" href=\"javascript:sonaar_ts_shortcode({ trackid:'0', time:'00:23:19', ts_id:'6927d3030e473', play_icon:'' }) ;\">Hugo: [00:23:19]<\/a> Il faisait des efforts pour t&#8217;aider \u00e0 comprendre ?<\/p>\n\n\n\n<p><a id=\"sonaar_ts-6927d3030e478\" class=\"srmp3_sonaar_ts_shortcode\"  style=\"\" href=\"javascript:sonaar_ts_shortcode({ trackid:'0', time:'00:23:22', ts_id:'6927d3030e478', play_icon:'' }) ;\">Ingrid: [00:23:22]<\/a> Oui, oui, oui, ils font, ils font des efforts. En fait, finalement, c&#8217;est plut\u00f4t quand je suis arriv\u00e9e \u00e0 S\u00e9ville. Donc s&#8217;il y a des Espagnols qui m&#8217;\u00e9coutent, ils vont comprendre de quoi je parle. L&#8217;accent andalou est vraiment hardcore. Et donc je parlais d\u00e9j\u00e0, \u00e7a faisait d\u00e9j\u00e0 pratiquement 2 ans, je pense que j&#8217;\u00e9tais, voire plus, que j&#8217;avais v\u00e9cu au P\u00e9rou. Je parlais bien espagnol, mais l\u00e0, j&#8217;ai eu une deuxi\u00e8me&#8230; L\u00e0, c&#8217;\u00e9tait plus frustrant parce que j&#8217;\u00e9tais cens\u00e9e parler espagnol et je me disais &#8220;Mais attends, c&#8217;est quoi \u00e7a ? C&#8217;est pas possible !&#8221; Mais c&#8217;est gr\u00e2ce \u00e0 l&#8217;accent andalou que j&#8217;ai vraiment perfectionn\u00e9 mon oreille. L\u00e0, maintenant, je peux tout comprendre, n&#8217;importe quel accent, m\u00eame le chilien&#8230;<\/p>\n\n\n\n<p><a id=\"sonaar_ts-6927d3030e47c\" class=\"srmp3_sonaar_ts_shortcode\"  style=\"\" href=\"javascript:sonaar_ts_shortcode({ trackid:'0', time:'00:23:58', ts_id:'6927d3030e47c', play_icon:'' }) ;\">Hugo: [00:23:58]<\/a> T&#8217;as un espagnol tout terrain.<\/p>\n\n\n\n<p><a id=\"sonaar_ts-6927d3030e481\" class=\"srmp3_sonaar_ts_shortcode\"  style=\"\" href=\"javascript:sonaar_ts_shortcode({ trackid:'0', time:'00:23:59', ts_id:'6927d3030e481', play_icon:'' }) ;\">Ingrid: [00:23:59]<\/a> Ouais, tout terrain. Toi&#8230; Ben, en Pologne, comment \u00e7a s&#8217;est&#8230; C&#8217;\u00e9tait encore pire pour toi !<\/p>\n\n\n\n<p><a id=\"sonaar_ts-6927d3030e485\" class=\"srmp3_sonaar_ts_shortcode\"  style=\"\" href=\"javascript:sonaar_ts_shortcode({ trackid:'0', time:'00:24:05', ts_id:'6927d3030e485', play_icon:'' }) ;\">Hugo: [00:24:05]<\/a> Ouais. Quand je suis arriv\u00e9, c&#8217;\u00e9tait vraiment 0 0 et j&#8217;avais&#8230; Voil\u00e0 quand les gens me parlaient, j&#8217;avais aucune id\u00e9e de ce qu&#8217;ils racontaient parce que contrairement \u00e0 l&#8217;espagnol et \u00e0 l&#8217;anglais, o\u00f9 bon, c&#8217;est des langues qu&#8217;on apprend \u00e0 l&#8217;\u00e9cole et en plus, il y a beaucoup de mots qui se retrouvent. L\u00e0, Le vocabulaire polonais, c&#8217;\u00e9tait quelque chose de compl\u00e8tement diff\u00e9rent et c&#8217;\u00e9tait impossible de deviner vraiment. Il y a quelques mots qui sont repris du fran\u00e7ais, mais bon, c&#8217;est souvent des mots qui concerne le mobilier. Par exemple, le mot je sais pas &#8220;sofa&#8221;, mais c&#8217;est peut \u00eatre un mot anglais d&#8217;ailleurs. &#8220;Sofa&#8221;, &#8220;lampa&#8221;, etc, etc. Mais bon, apr\u00e8s, pour les mots vraiment du quotidien, c&#8217;est tr\u00e8s compliqu\u00e9. Et donc, au d\u00e9but, j&#8217;\u00e9tais compl\u00e8tement d\u00e9pendant de mon ami en fait, et tr\u00e8s rapidement, \u00e7a m&#8217;a \u00e9nerv\u00e9 parce que d\u00e8s que je devais faire quelque chose, il fallait qu&#8217;il soit avec moi, sinon je ne pouvais pas le faire tout seul. Et j&#8217;\u00e9tais un peu dans cette attitude o\u00f9 je ne voulais pas parler anglais pour me forcer \u00e0 parler polonais. Mais comme j&#8217;\u00e9tais \u00e0 un niveau vraiment z\u00e9ro, bah c&#8217;\u00e9tait tout simplement pas possible. Donc, la premi\u00e8re ann\u00e9e, \u00e7a a \u00e9t\u00e9 assez compliqu\u00e9 et une fois que j&#8217;ai eu les bases, ne serait-ce en fait que de pouvoir dire &#8220;Ah, je comprends pas&#8221; ou &#8220;D\u00e9sol\u00e9, je ne parle pas bien polonais&#8221;, \u00e7a a permis de me mettre plus en confiance, en fait, en me disant bon bah, peu importe la situation, je peux r\u00e9pondre quelque chose de mani\u00e8re un peu polie et \u00e7a va permettre de me sauver. La personne va passer en anglais ou alors elle va arr\u00eater de me parler. Mais voil\u00e0, une fois que j&#8217;avais un peu cette phrase de base, d\u00e9j\u00e0, je me suis senti plus \u00e0 l&#8217;aise.<\/p>\n\n\n\n<p><a id=\"sonaar_ts-6927d3030e489\" class=\"srmp3_sonaar_ts_shortcode\"  style=\"\" href=\"javascript:sonaar_ts_shortcode({ trackid:'0', time:'00:25:49', ts_id:'6927d3030e489', play_icon:'' }) ;\">Ingrid: [00:25:49]<\/a> Cool.<\/p>\n\n\n\n<p><a id=\"sonaar_ts-6927d3030e492\" class=\"srmp3_sonaar_ts_shortcode\"  style=\"\" href=\"javascript:sonaar_ts_shortcode({ trackid:'0', time:'00:25:49', ts_id:'6927d3030e492', play_icon:'' }) ;\">Hugo: [00:25:49]<\/a> Et&#8230; Parce que souvent, on a ce d\u00e9bat sur qu&#8217;est ce que \u00e7a veut dire que parler couramment une langue. Et moi, je pense que quand vous vous \u00eates capable en fait de vous d\u00e9brouiller un peu dans toutes les situations, m\u00eame si vous comprenez pas tout, mais que vous n&#8217;\u00eates pas stress\u00e9 parce que vous pouvez dire &#8220;ah d\u00e9sol\u00e9, mais je comprends pas ce mot-l\u00e0&#8221;, ou alors, &#8220;qu&#8217;est-ce que \u00e7a, \u00e7a veut dire ?&#8221;, vous vous rapprochez&#8230; Enfin, moi, c&#8217;est un peu ma d\u00e9finition de parler couramment en fait : quand, peu importe la situation, vous \u00eates capable de demander \u00e0 la personne d&#8217;expliquer quelque chose, voil\u00e0, vous n&#8217;\u00eates pas compl\u00e8tement perdu.<\/p>\n\n\n\n<p><a id=\"sonaar_ts-6927d3030e496\" class=\"srmp3_sonaar_ts_shortcode\"  style=\"\" href=\"javascript:sonaar_ts_shortcode({ trackid:'0', time:'00:26:27', ts_id:'6927d3030e496', play_icon:'' }) ;\">Ingrid: [00:26:27]<\/a> Ouais. Je pense que le plus difficile, c&#8217;est comprendre. Se faire comprendre, on n&#8217;a pas besoin, voil\u00e0&#8230; Moi, par exemple, c&#8217;\u00e9tait \u00e7a qui \u00e9tait difficile au d\u00e9but au P\u00e9rou, c&#8217;\u00e9tait quand j&#8217;avais aucune id\u00e9e de ce qu&#8217;on me disait. Et c&#8217;est vrai que j&#8217;avais cet avantage que je savais formuler une phrase d&#8217;un enfant de 5 ans et apr\u00e8s, on a de la chance c&#8217;est qu&#8217;aujourd&#8217;hui, on a des moyens qui peuvent nous aider. Par exemple, je me rappelle d&#8217;une fois, je voulais acheter des courgettes. Et alors je ne savais pas dire &#8220;courgette&#8221;. Et&#8230; Je ne sais pas. Je trouvais des traductions sur le traducteur, mais en fait, c&#8217;\u00e9tait des traductions d&#8217;Espagne et au P\u00e9rou, ils utilisaient pas du tout le mot, donc on me comprenait pas et donc j&#8217;ai montr\u00e9 une photo sur Google. Alors au d\u00e9but, ils m&#8217;ont tendu un concombre. Et j&#8217;\u00e9tais l\u00e0 : &#8220;Non, non, non, non, pas pas pour manger froid, pas pour la salade, pour cuire&#8221;. Et il y a une autre dame qui a dit : &#8220;non, non, elle veut dire \u00e7a&#8221;. Et on a fini par&#8230; Mais alors, sans l&#8217;image, j&#8217;aurais jamais r\u00e9ussi. Mais tu vois on r\u00e9ussit, au bout d&#8217;un moment, on a de la ressource et donc pareil, ce que je conseillerais, c&#8217;est : qu&#8217;on soit au niveau z\u00e9ro ou un niveau o\u00f9 on n&#8217;a pas trop confiance, c&#8217;est tout essayer. Montrer des images, ne pas h\u00e9siter \u00e0 tr\u00e8s poliment, dire &#8220;pardon, est-ce que vous pouvez parler lentement&#8221; des choses comme \u00e7a.<\/p>\n\n\n\n<p><a id=\"sonaar_ts-6927d3030e49a\" class=\"srmp3_sonaar_ts_shortcode\"  style=\"\" href=\"javascript:sonaar_ts_shortcode({ trackid:'0', time:'00:27:48', ts_id:'6927d3030e49a', play_icon:'' }) ;\">Hugo: [00:27:48]<\/a> Et comment on dit &#8220;courgette&#8221; en espagnol ? Parce que je ne sais pas.<\/p>\n\n\n\n<p><a id=\"sonaar_ts-6927d3030e4a2\" class=\"srmp3_sonaar_ts_shortcode\"  style=\"\" href=\"javascript:sonaar_ts_shortcode({ trackid:'0', time:'00:27:51', ts_id:'6927d3030e4a2', play_icon:'' }) ;\">Ingrid: [00:27:51]<\/a> Bah du coup, en Espagne, ils disent &#8220;calabac\u00edn&#8221;. Mais au P\u00e9rou. Au P\u00e9rou, en fait, ils disent &#8220;zucchini&#8221;, le mot italien. Ou alors ils disent &#8220;zapallo italiano&#8221;. Donc, en fait, ils ont pas. Il n&#8217;y en a pas beaucoup l\u00e0-bas, donc. Et souvent, c&#8217;est comme \u00e7a, j&#8217;imagine que pour quand on va dans un pays anglophone, il y a aussi le probl\u00e8me, voil\u00e0, de la culture. Donc, si on regarde un dictionnaire qui nous qui nous donne les mots d&#8217;Espagne, \u00e7a fonctionne pas toujours. Donc voil\u00e0.<\/p>\n\n\n\n<p><a id=\"sonaar_ts-6927d3030e4a7\" class=\"srmp3_sonaar_ts_shortcode\"  style=\"\" href=\"javascript:sonaar_ts_shortcode({ trackid:'0', time:'00:28:20', ts_id:'6927d3030e4a7', play_icon:'' }) ;\">Hugo: [00:28:20]<\/a> C&#8217;est vrai&#8230; Tu vois en polonais, c&#8217;est &#8220;cukinia&#8221;. Donc finalement, \u00e7a se comprend. Et c&#8217;est plus le mot fran\u00e7ais qui est bizarre, finalement&#8230; Parce que COURGETTE.<\/p>\n\n\n\n<p><a id=\"sonaar_ts-6927d3030e4ab\" class=\"srmp3_sonaar_ts_shortcode\"  style=\"\" href=\"javascript:sonaar_ts_shortcode({ trackid:'0', time:'00:28:26', ts_id:'6927d3030e4ab', play_icon:'' }) ;\">Ingrid: [00:28:26]<\/a> &#8220;Courgette&#8221;, d&#8217;o\u00f9 \u00e7a sort \u00e7a ?<\/p>\n\n\n\n<p><a id=\"sonaar_ts-6927d3030e4b0\" class=\"srmp3_sonaar_ts_shortcode\"  style=\"\" href=\"javascript:sonaar_ts_shortcode({ trackid:'0', time:'00:28:29', ts_id:'6927d3030e4b0', play_icon:'' }) ;\">Hugo: [00:28:29]<\/a> Je pense&#8230; Ouais. Je pense que parmi les auditeurs, bon, maintenant on l&#8217;a traduit dans 3 langues donc vous savez ce que c&#8217;est. Mais quand Ingrid l&#8217;a dit pour la premi\u00e8re fois, j&#8217;imagine que beaucoup d&#8217;entre vous connaissaient pas ce mot, surtout si vous vivez pas dans un pays francophone.<\/p>\n\n\n\n<p><a id=\"sonaar_ts-6927d3030e4b4\" class=\"srmp3_sonaar_ts_shortcode\"  style=\"\" href=\"javascript:sonaar_ts_shortcode({ trackid:'0', time:'00:28:44', ts_id:'6927d3030e4b4', play_icon:'' }) ;\">Ingrid: [00:28:44]<\/a> Comment dire en anglais ? Tu sais ?<\/p>\n\n\n\n<p><a id=\"sonaar_ts-6927d3030e4b8\" class=\"srmp3_sonaar_ts_shortcode\"  style=\"\" href=\"javascript:sonaar_ts_shortcode({ trackid:'0', time:'00:28:49', ts_id:'6927d3030e4b8', play_icon:'' }) ;\">Hugo: [00:28:49]<\/a> &#8220;Zucchini&#8221;.<\/p>\n\n\n\n<p><a id=\"sonaar_ts-6927d3030e4bd\" class=\"srmp3_sonaar_ts_shortcode\"  style=\"\" href=\"javascript:sonaar_ts_shortcode({ trackid:'0', time:'00:28:49', ts_id:'6927d3030e4bd', play_icon:'' }) ;\">[00:28:49]<\/a> Ah aussi ?<\/p>\n\n\n\n<p><a id=\"sonaar_ts-6927d3030e4c1\" class=\"srmp3_sonaar_ts_shortcode\"  style=\"\" href=\"javascript:sonaar_ts_shortcode({ trackid:'0', time:'00:28:53', ts_id:'6927d3030e4c1', play_icon:'' }) ;\">Hugo: [00:28:53]<\/a> Ouais, je crois. Ou &#8220;Zucchini&#8221;. Je sais plus. Je m\u00e9lange.<\/p>\n\n\n\n<p><a id=\"sonaar_ts-6927d3030e4c6\" class=\"srmp3_sonaar_ts_shortcode\"  style=\"\" href=\"javascript:sonaar_ts_shortcode({ trackid:'0', time:'00:28:53', ts_id:'6927d3030e4c6', play_icon:'' }) ;\">Ingrid: [00:28:53]<\/a> J&#8217;aurais d\u00fb savoir. J&#8217;aurais pu&#8230; Mais je ne savais pas le dire. Ni en anglais, ni en italien.<\/p>\n\n\n\n<p><a id=\"sonaar_ts-6927d3030e4cb\" class=\"srmp3_sonaar_ts_shortcode\"  style=\"\" href=\"javascript:sonaar_ts_shortcode({ trackid:'0', time:'00:28:58', ts_id:'6927d3030e4cb', play_icon:'' }) ;\">Hugo: [00:28:58]<\/a> Courgette.<br>Donc \u00e7a, c&#8217;\u00e9tait plut\u00f4t sur la partie linguistique. Et apr\u00e8s, au niveau des chocs culturels, \u00e7a, je sais que c&#8217;est un sujet qui passionne les auditeurs. Toi, est-ce que tu as eu des chocs culturels au P\u00e9rou ou alors en Espagne ?<\/p>\n\n\n\n<p><a id=\"sonaar_ts-6927d3030e4cf\" class=\"srmp3_sonaar_ts_shortcode\"  style=\"\" href=\"javascript:sonaar_ts_shortcode({ trackid:'0', time:'00:29:19', ts_id:'6927d3030e4cf', play_icon:'' }) ;\">Ingrid: [00:29:19]<\/a> Ouais, plein. Donc je ne vais pas tout dire, ce qu&#8217;on pourrait faire&#8230; Je pourrais faire un \u00e9pisode entier d&#8217;une heure en parlant des diff\u00e9rences entre les Fran\u00e7ais et les P\u00e9ruviens ou les Latinos en g\u00e9n\u00e9ral. Il y a beaucoup de choses qui sont communes \u00e0 toute l&#8217;Am\u00e9rique latine et je pense, apr\u00e8s \u00eatre all\u00e9e en Andalousie, que c&#8217;est import\u00e9&#8230; Enfin, il y a beaucoup de choses. Par exemple, les horaires et les rendez-vous en g\u00e9n\u00e9ral. Moi, j&#8217;ai toujours \u00e9t\u00e9 habitu\u00e9e en France, surtout \u00e0 Paris, \u00e0 avoir un emploi du temps hyper charg\u00e9 et \u00e0 dire \u00e0 mes amis, \u00e0 ma famille on se voit tel jour et pr\u00e9voir des semaines \u00e0 l&#8217;avance. En, j&#8217;avais&#8230; J&#8217;imagine que pour toi, \u00e0 Paris, c&#8217;\u00e9tait pareil. Tu sais que tu vas d\u00eener avec qui, lundi, mardi, jusqu&#8217;au vendredi, tu pars en week-end, etc. etc. Au P\u00e9rou, bah en fait, quand tu dis &#8220;ouais, je t&#8217;appelle mardi. Ah mardi, on va au cin\u00e9.&#8221; \u00c7a ne veut pas du tout dire que mardi, on va au cin\u00e9. \u00c7a veut dire J&#8217;ai envie de socialiser avec toi, donc&#8230; (Sociabiliser ? Socialiser ?) Donc je voil\u00e0, je te dis que j&#8217;aimerais bien sortir avec toi, mais je ne vais pas du tout m&#8217;en rappeler. Je vais pas du tout le noter. Et voil\u00e0. Et pareil sur les heures, si tu dis rendez-vous \u00e0 12 heures, \u00e7a veut dire que \u00e0 12 heures, la personne va t&#8217;appeler pour savoir si \u00e7a tient toujours. Donc, faut surtout pas&#8230;<\/p>\n\n\n\n<p><a id=\"sonaar_ts-6927d3030e4d7\" class=\"srmp3_sonaar_ts_shortcode\"  style=\"\" href=\"javascript:sonaar_ts_shortcode({ trackid:'0', time:'00:30:40', ts_id:'6927d3030e4d7', play_icon:'' }) ;\">Hugo: [00:30:40]<\/a> Qu&#8217;est-ce que \u00e7a veut dire ? Cette expression, elle est pas mal : &#8220;si \u00e7a tient toujours&#8221;.<\/p>\n\n\n\n<p><a id=\"sonaar_ts-6927d3030e4dc\" class=\"srmp3_sonaar_ts_shortcode\"  style=\"\" href=\"javascript:sonaar_ts_shortcode({ trackid:'0', time:'00:30:44', ts_id:'6927d3030e4dc', play_icon:'' }) ;\">Ingrid: [00:30:44]<\/a> Si \u00e7a tient toujours, c&#8217;est si c&#8217;est toujours bon, si le plan est toujours pr\u00e9vu et si on est toujours d&#8217;accord sur ce plan. Donc voil\u00e0, il faut&#8230; Apr\u00e8s, j&#8217;ai appris, je me suis adapt\u00e9e. Et \u00e7a fonctionne plut\u00f4t bien pour moi, finalement, cette fa\u00e7on de faire. Mais c&#8217;est vrai que \u00e7a a \u00e9t\u00e9 une adaptation \u00e9norme quoi. De pas arriver \u00e0 l&#8217;heure qu&#8217;on avait dit, de pas penser qu&#8217;un &#8220;je t&#8217;appelle&#8221;, \u00e7a voulait dire &#8220;je t&#8217;appelle pour de vrai&#8221; et \u00e7a \u00e9vite des frustrations une fois qu&#8217;on s&#8217;habitue. \u00c7a a \u00e9t\u00e9 un gros truc. Et toi&#8230; Ouais ?<\/p>\n\n\n\n<p><a id=\"sonaar_ts-6927d3030e4e0\" class=\"srmp3_sonaar_ts_shortcode\"  style=\"\" href=\"javascript:sonaar_ts_shortcode({ trackid:'0', time:'00:31:17', ts_id:'6927d3030e4e0', play_icon:'' }) ;\">Hugo: [00:31:17]<\/a> J&#8217;ai entendu une anecdote similaire sur les Br\u00e9siliens, notamment \u00e0 Rio. Et apparemment, une des phrases qui se disent souvent en partant, c&#8217;est &#8220;ah ! on se voit \u00e0 la plage !&#8221;. La plage \u00e0 Rio fait des kilom\u00e8tres et des kilom\u00e8tres et voil\u00e0, ils donnent pas d&#8217;heure particuli\u00e8re. Donc bon, c&#8217;est quasiment impossible de retrouver quelqu&#8217;un \u00e0 la plage, mais c&#8217;est plus, voil\u00e0 une formule de politesse. Ou alors, ils se disent que peut-\u00eatre qu&#8217;ils vont se retrouver \u00e0 la plage par hasard. Mais c&#8217;est vrai qu&#8217;en France, on est un peu plus formel au niveau des rendez-vous, des horaires, etc. On n&#8217;est pas toujours tr\u00e8s, tr\u00e8s ponctuels, notamment dans les grandes villes, j&#8217;ai plusieurs amis qui sont des sp\u00e9cialistes de la demi-heure de retard quand on a rendez-vous.<\/p>\n\n\n\n<p><a id=\"sonaar_ts-6927d3030e4e4\" class=\"srmp3_sonaar_ts_shortcode\"  style=\"\" href=\"javascript:sonaar_ts_shortcode({ trackid:'0', time:'00:32:04', ts_id:'6927d3030e4e4', play_icon:'' }) ;\">Ingrid: [00:32:04]<\/a> Alors demi-heure&#8230; Ouais.<\/p>\n\n\n\n<p><a id=\"sonaar_ts-6927d3030e4ec\" class=\"srmp3_sonaar_ts_shortcode\"  style=\"\" href=\"javascript:sonaar_ts_shortcode({ trackid:'0', time:'00:32:05', ts_id:'6927d3030e4ec', play_icon:'' }) ;\">Hugo: [00:32:05]<\/a> Toujours \u00e0 cause du m\u00e9tro, etc. Bon, c&#8217;est vrai qu&#8217;\u00e0 Paris, il peut y avoir quand m\u00eame, m\u00eame si la ville n&#8217;est pas tr\u00e8s grande, on peut souvent se retrouver avec un m\u00e9tro en panne ou quelque chose comme \u00e7a. Mais&#8230;<\/p>\n\n\n\n<p><a id=\"sonaar_ts-6927d3030e4f1\" class=\"srmp3_sonaar_ts_shortcode\"  style=\"\" href=\"javascript:sonaar_ts_shortcode({ trackid:'0', time:'00:32:16', ts_id:'6927d3030e4f1', play_icon:'' }) ;\">Ingrid: [00:32:16]<\/a> Mais alors, eux, tu vois, tu as une heure de retard, t&#8217;es toujours dans&#8230; T&#8217;es toujours \u00e0 l&#8217;heure quoi. Donc&#8230;<\/p>\n\n\n\n<p><a id=\"sonaar_ts-6927d3030e4f6\" class=\"srmp3_sonaar_ts_shortcode\"  style=\"\" href=\"javascript:sonaar_ts_shortcode({ trackid:'0', time:'00:32:22', ts_id:'6927d3030e4f6', play_icon:'' }) ;\">Hugo: [00:32:22]<\/a> Ouais non, en France, 5-10 minutes, c&#8217;est acceptable et il y a pas de probl\u00e8me. Mais plus de 10 minutes&#8230;<\/p>\n\n\n\n<p><a id=\"sonaar_ts-6927d3030e4fa\" class=\"srmp3_sonaar_ts_shortcode\"  style=\"\" href=\"javascript:sonaar_ts_shortcode({ trackid:'0', time:'00:32:28', ts_id:'6927d3030e4fa', play_icon:'' }) ;\">Ingrid: [00:32:28]<\/a> Et on se pr\u00e9vient en g\u00e9n\u00e9ral.<\/p>\n\n\n\n<p><a id=\"sonaar_ts-6927d3030e4fe\" class=\"srmp3_sonaar_ts_shortcode\"  style=\"\" href=\"javascript:sonaar_ts_shortcode({ trackid:'0', time:'00:32:28', ts_id:'6927d3030e4fe', play_icon:'' }) ;\">Hugo: [00:32:28]<\/a> Ouais on se pr\u00e9vient.<\/p>\n\n\n\n<p><a id=\"sonaar_ts-6927d3030e503\" class=\"srmp3_sonaar_ts_shortcode\"  style=\"\" href=\"javascript:sonaar_ts_shortcode({ trackid:'0', time:'00:32:29', ts_id:'6927d3030e503', play_icon:'' }) ;\">Ingrid: [00:32:29]<\/a> On s&#8217;\u00e9crit&#8230; Tu vois. &#8220;J&#8217;arrive dans&#8230;&#8221; Et c&#8217;est normal. C&#8217;est vrai que le quart d&#8217;heure de politesse, d\u00e9j\u00e0, quand tu es invit\u00e9 chez quelqu&#8217;un en France, il faut arriver quand m\u00eame un peu en retard au cas o\u00f9 la personne ne soit pas compl\u00e8tement pr\u00eate. Mais voil\u00e0, mais je pense dans toutes les cultures, voil\u00e0. La France, c&#8217;est un peu un entre deux entre l&#8217;extr\u00eame latino et peut-\u00eatre je crois qu&#8217;en Suisse ou en Allemagne, ils sont un peu plus ponctuels.<\/p>\n\n\n\n<p><a id=\"sonaar_ts-6927d3030e507\" class=\"srmp3_sonaar_ts_shortcode\"  style=\"\" href=\"javascript:sonaar_ts_shortcode({ trackid:'0', time:'00:32:51', ts_id:'6927d3030e507', play_icon:'' }) ;\">Hugo: [00:32:51]<\/a> Ils sont tr\u00e8s ponctuels ouais.<\/p>\n\n\n\n<p><a id=\"sonaar_ts-6927d3030e50b\" class=\"srmp3_sonaar_ts_shortcode\"  style=\"\" href=\"javascript:sonaar_ts_shortcode({ trackid:'0', time:'00:32:53', ts_id:'6927d3030e50b', play_icon:'' }) ;\">Ingrid: [00:32:53]<\/a> Et en Pologne ?<\/p>\n\n\n\n<p><a id=\"sonaar_ts-6927d3030e50f\" class=\"srmp3_sonaar_ts_shortcode\"  style=\"\" href=\"javascript:sonaar_ts_shortcode({ trackid:'0', time:'00:32:53', ts_id:'6927d3030e50f', play_icon:'' }) ;\">Hugo: [00:32:53]<\/a> En Pologne, ils sont assez ponctuels aussi. Mais je me souviens qu&#8217;\u00e0 Londres, pendant mes mes \u00e9tudes, on devait trouver un stage et on avait eu une formatrice anglaise qui nous avait aid\u00e9s \u00e0 pr\u00e9parer nos CV, etc. Et une des premi\u00e8res choses qu&#8217;elle nous avait dites, c&#8217;est &#8216;Quand vous avez un entretien, venez 10 ou 15 minutes avant, mais vraiment n&#8217;arrivez pas \u00e0 l&#8217;heure. Arrivez 10, 15 minutes avant. Si vous avez ne serait-ce qu&#8217;une minute de retard, c&#8217;est tr\u00e8s, tr\u00e8s mal vu en Angleterre&#8221;. Donc voil\u00e0. C&#8217;\u00e9tait peut-\u00eatre aussi une question de parce que c&#8217;\u00e9tait dans le cadre professionnel. C&#8217;est vrai qu&#8217;en France, arriver en retard \u00e0 un entretien d&#8217;embauche ou un entretien pour un stage, \u00e7a fait plut\u00f4t mauvaise impression, mais \u00e7a m&#8217;avait marqu\u00e9 en fait. Elle avait dit que c&#8217;\u00e9tait vraiment important d&#8217;\u00eatre en avance et que les Fran\u00e7ais avaient tendance \u00e0 arriver pile \u00e0 l&#8217;heure ou avec une ou deux minutes de retard et que \u00e7a s&#8217;\u00e9tait pas acceptable en Angleterre.<\/p>\n\n\n\n<p><a id=\"sonaar_ts-6927d3030e513\" class=\"srmp3_sonaar_ts_shortcode\"  style=\"\" href=\"javascript:sonaar_ts_shortcode({ trackid:'0', time:'00:32:52', ts_id:'6927d3030e513', play_icon:'' }) ;\">Ingrid: [00:33:52]<\/a> Oui, c&#8217;est \u00e7a. En France. 5 minutes de retard, c&#8217;est toujours l&#8217;heure, alors qu&#8217;en Angleterre, c&#8217;est&#8230; Il faut \u00eatre l\u00e0 avant.<\/p>\n\n\n\n<p><a id=\"sonaar_ts-6927d3030e51b\" class=\"srmp3_sonaar_ts_shortcode\"  style=\"\" href=\"javascript:sonaar_ts_shortcode({ trackid:'0', time:'00:33:58', ts_id:'6927d3030e51b', play_icon:'' }) ;\">Hugo: [00:33:58]<\/a> Ouais, ouais,<\/p>\n\n\n\n<p><a id=\"sonaar_ts-6927d3030e520\" class=\"srmp3_sonaar_ts_shortcode\"  style=\"\" href=\"javascript:sonaar_ts_shortcode({ trackid:'0', time:'00:34:00', ts_id:'6927d3030e520', play_icon:'' }) ;\">Ingrid: [00:34:00]<\/a> T&#8217;as eu d&#8217;autres chocs culturels ? Enfin voil\u00e0. Moi, c&#8217;\u00e9tait mon exemple, on fera&#8230; Je pourrais en donner d&#8217;autres, mais on va pas rester l\u00e0-dessus. Mais toi, est-ce que t&#8217;as un ou deux exemples de chocs culturels avec la Pologne ?<\/p>\n\n\n\n<p><a id=\"sonaar_ts-6927d3030e525\" class=\"srmp3_sonaar_ts_shortcode\"  style=\"\" href=\"javascript:sonaar_ts_shortcode({ trackid:'0', time:'00:34:12', ts_id:'6927d3030e525', play_icon:'' }) ;\">Hugo: [00:34:12]<\/a> Bah, en fait, pas tant que \u00e7a. Et il y a beaucoup de choses auxquelles je me suis habitu\u00e9. Et maintenant, \u00e7a me choque. Au contraire, quand je rentre en France, par exemple, dans les rest&#8230; En Pologne, on peut manger \u00e0 toute heure dans les restaurants, ils sont ouverts de 11 heures. Le soir, ils ferment assez t\u00f4t, vers 22 23 heures. Mais entre l&#8217;heure d&#8217;ouverture et l&#8217;heure de fermeture, peu importe quand vous arrivez, vous pouvez commander \u00e0 manger, alors qu&#8217;en France, il y a vraiment ces services. Donc si on arrive \u00e0 15h dans un restaurant, on ne peut plus manger parce que la cuisine est ferm\u00e9e. Mais \u00e7a, maintenant, je me suis tellement habitu\u00e9 \u00e0 la facilit\u00e9, en fait, en Pologne, o\u00f9 on n&#8217;a pas besoin de r\u00e9server de table, on arrive, on mange quand on veut, etc. Que quand je rentre en France, il faut que je sois un peu mieux organis\u00e9 et que je retrouve tous tous ces r\u00e9flexes de r\u00e9server avant, etc. C&#8217;est pas vraiment un choc culturel. C&#8217;est plus une question d&#8217;organisation, peut-\u00eatre.<\/p>\n\n\n\n<p><a id=\"sonaar_ts-6927d3030e529\" class=\"srmp3_sonaar_ts_shortcode\"  style=\"\" href=\"javascript:sonaar_ts_shortcode({ trackid:'0', time:'00:35:07', ts_id:'6927d3030e529', play_icon:'' }) ;\">Ingrid: [00:35:07]<\/a> Non, mais si, si. Moi, je trouve que c&#8217;est un choc culturel. J&#8217;ai la m\u00eame chose. Je pense qu&#8217;il y a&#8230; La France, c&#8217;est plut\u00f4t une raret\u00e9 \u00e0 mon avis dans le monde. Et c&#8217;est vrai que c&#8217;est &#8220;relou&#8221;. &#8220;Re-lou&#8221;, je sais pas si vous connaissez le mot, mais c&#8217;est l&#8217;inverse de &#8220;lourd&#8221;, donc \u00e7a veut dire c&#8217;est emb\u00eatant, \u00e7a pose probl\u00e8me.<\/p>\n\n\n\n<p><a id=\"sonaar_ts-6927d3030e52d\" class=\"srmp3_sonaar_ts_shortcode\"  style=\"\" href=\"javascript:sonaar_ts_shortcode({ trackid:'0', time:'00:35:28', ts_id:'6927d3030e52d', play_icon:'' }) ;\">Hugo: [00:35:28]<\/a> Ouais. J&#8217;ai un ami qui \u00e9tait \u00e0 Paris l\u00e0 r\u00e9cemment, mon ami polonais, justement, et il m&#8217;a appel\u00e9 au moins 3 fois pour se plaindre de Paris en 2 jours, notamment quand il est rentr\u00e9 dans un restaurant \u00e0 14h, il a demand\u00e9 s&#8217;il pouvait commander et o\u00f9 la serveuse l&#8217;a regard\u00e9 comme s&#8217;il \u00e9tait compl\u00e8tement abruti, et elle lui a dit &#8220;Mais non, il est 14h heures, la cuisine est ferm\u00e9e&#8221;. Il a demand\u00e9 s&#8217;il pouvait avoir un caf\u00e9 : &#8220;bah non, on vient de nettoyer la machine \u00e0 caf\u00e9, c&#8217;est pas possible&#8221;. Enfin&#8230;<\/p>\n\n\n\n<p><a id=\"sonaar_ts-6927d3030e532\" class=\"srmp3_sonaar_ts_shortcode\"  style=\"\" href=\"javascript:sonaar_ts_shortcode({ trackid:'0', time:'00:35:56', ts_id:'6927d3030e532', play_icon:'' }) ;\">Ingrid: [00:35:56]<\/a> La politesse.<\/p>\n\n\n\n<p><a id=\"sonaar_ts-6927d3030e53a\" class=\"srmp3_sonaar_ts_shortcode\"  style=\"\" href=\"javascript:sonaar_ts_shortcode({ trackid:'0', time:'00:35:58', ts_id:'6927d3030e53a', play_icon:'' }) ;\">Hugo: [00:35:58]<\/a> La politesse. Bon c&#8217;est vrai que ce n&#8217;est plus le cas \u00e0 Paris. En Province, c&#8217;est un peu moins comme \u00e7a, mais on a souvent l&#8217;impression d&#8217;emb\u00eater les gens, les restaurateurs. Ils n&#8217;ont pas envie d&#8217;avoir de clients, finalement, ils sont ouverts, mais ce n&#8217;est pas pour servir les clients. C&#8217;est juste voil\u00e0, pour \u00eatre ouverts.<\/p>\n\n\n\n<p><a id=\"sonaar_ts-6927d3030e53e\" class=\"srmp3_sonaar_ts_shortcode\"  style=\"\" href=\"javascript:sonaar_ts_shortcode({ trackid:'0', time:'00:36:15', ts_id:'6927d3030e53e', play_icon:'' }) ;\">Ingrid: [00:36:15]<\/a> Je pense qu&#8217;on aurait de quoi aussi faire beaucoup de&#8230; &#8220;des choses qu&#8217;on ne supporte plus en France&#8221;. Mais bon\u2026<\/p>\n\n\n\n<p><a id=\"sonaar_ts-6927d3030e543\" class=\"srmp3_sonaar_ts_shortcode\"  style=\"\" href=\"javascript:sonaar_ts_shortcode({ trackid:'0', time:'00:36:22', ts_id:'6927d3030e543', play_icon:'' }) ;\">Hugo: [00:36:22]<\/a> C&#8217;est vrai. Et souvent, les \u00e9trangers ont l&#8217;impression que c&#8217;est parce qu&#8217;ils parlent pas bien fran\u00e7ais ou parce qu&#8217;il y a quelque chose qu&#8217;ils n&#8217;ont pas compris etc. Mais en fait, il faut savoir que les Fran\u00e7ais sont trait\u00e9s exactement de la m\u00eame mani\u00e8re. Donc, ce n&#8217;est pas du tout une question.<\/p>\n\n\n\n<p><a id=\"sonaar_ts-6927d3030e547\" class=\"srmp3_sonaar_ts_shortcode\"  style=\"\" href=\"javascript:sonaar_ts_shortcode({ trackid:'0', time:'00:36:34', ts_id:'6927d3030e547', play_icon:'' }) ;\">Ingrid: [00:36:34]<\/a> Ah oui oui compl\u00e8tement. La diff\u00e9rence, peut-\u00eatre, c&#8217;est que nous, on r\u00e9pond. Enfin voil\u00e0, on est habitu\u00e9. Donc moi, parfois, il faut voir comme je leur parle quand ils me parlent mal. Alors, est-ce que tu voulais dire quelque chose d&#8217;autre sur les chocs culturels, peut-\u00eatre ?<\/p>\n\n\n\n<p><a id=\"sonaar_ts-6927d3030e54b\" class=\"srmp3_sonaar_ts_shortcode\"  style=\"\" href=\"javascript:sonaar_ts_shortcode({ trackid:'0', time:'00:36:50', ts_id:'6927d3030e54b', play_icon:'' }) ;\">Hugo: [00:36:50]<\/a> Non. Peut-\u00eatre que&#8230;<\/p>\n\n\n\n<p><a id=\"sonaar_ts-6927d3030e550\" class=\"srmp3_sonaar_ts_shortcode\"  style=\"\" href=\"javascript:sonaar_ts_shortcode({ trackid:'0', time:'00:36:50', ts_id:'6927d3030e550', play_icon:'' }) ;\">Ingrid: [00:36:50]<\/a> On va continuer sur&#8230;?<\/p>\n\n\n\n<p><a id=\"sonaar_ts-6927d3030e554\" class=\"srmp3_sonaar_ts_shortcode\"  style=\"\" href=\"javascript:sonaar_ts_shortcode({ trackid:'0', time:'00:36:53', ts_id:'6927d3030e554', play_icon:'' }) ;\">Hugo: [00:36:53]<\/a> Effectivement, on pourrait faire tout un \u00e9pisode sur \u00e7a donc je ne sais pas, si jamais \u00e7a vous int\u00e9resse, dites-le nous et on pourra faire un \u00e9pisode sur les chocs culturels.<\/p>\n\n\n\n<p><a id=\"sonaar_ts-6927d3030e558\" class=\"srmp3_sonaar_ts_shortcode\"  style=\"\" href=\"javascript:sonaar_ts_shortcode({ trackid:'0', time:'00:37:00', ts_id:'6927d3030e558', play_icon:'' }) ;\">Ingrid: [00:37:00]<\/a> Grave. Ouais, ouais, ouais, ouais. Euh, du coup, est-ce qu&#8217;on pourrait parler, pour terminer sur l&#8217;installation, de comment trouver du travail ? Peut-\u00eatre rapidement ? Toi, tu as eu au moins une exp\u00e9rience de travail \u00e0 l&#8217;\u00e9tranger, n&#8217;est-ce pas ?<\/p>\n\n\n\n<p><a id=\"sonaar_ts-6927d3030e55d\" class=\"srmp3_sonaar_ts_shortcode\"  style=\"\" href=\"javascript:sonaar_ts_shortcode({ trackid:'0', time:'00:37:16', ts_id:'6927d3030e55d', play_icon:'' }) ;\">Hugo: [00:37:16]<\/a> Ouais, bah j&#8217;avais ce stage \u00e0 Londres que j&#8217;ai fait dans un label de musique. Et l\u00e0 aussi, on avait re\u00e7u en bons conseils de cette formatrice qui nous avait dit &#8220;Il faut envoyer une centaine de CV&#8221;. \u00c7a peut sembler \u00e9norme, et en plus, c&#8217;\u00e9tait pour un stage. La plupart du temps, les stages, je ne sais pas si c&#8217;est le cas partout au Royaume-Uni, mais \u00e0 Londres, les stages ne sont pas r\u00e9mun\u00e9r\u00e9s, ne sont pas pay\u00e9s. Mais malgr\u00e9 \u00e7a, c&#8217;est vraiment la loi du nombre. Donc si vous voulez \u00eatre s\u00fbr d&#8217;avoir un stage, il faut envoyer une centaine de candidatures, ce qui peut sembler \u00e9norme, mais c&#8217;est la m\u00eame chose partout en fait. Donc, si vous voulez mettre toutes les chances de votre c\u00f4t\u00e9, il faut envoyer un maximum de candidatures, tout simplement.<\/p>\n\n\n\n<p><a id=\"sonaar_ts-6927d3030e565\" class=\"srmp3_sonaar_ts_shortcode\"  style=\"\" href=\"javascript:sonaar_ts_shortcode({ trackid:'0', time:'00:37:59', ts_id:'6927d3030e565', play_icon:'' }) ;\">Ingrid: [00:37:59]<\/a> Ouais. Ben moi, je dirais. Alors pour le coup, quand j&#8217;ai travaill\u00e9 \u00e0 l&#8217;\u00e9tranger, j&#8217;ai eu de la chance&#8230; Non, mais&#8230; J&#8217;ai boss\u00e9 au P\u00e9rou comme prof. Et puis \u00e0 S\u00e9ville, j&#8217;ai \u00e9t\u00e9 guide touristique. Et du coup, moi, mon conseil, encore une fois, \u00e7a se rapproche de ce que je disais par rapport aux visas. C&#8217;est bien se renseigner sur les conditions de travail, ce qui est autoris\u00e9, etc. Parce que, par exemple, m\u00eame quand on est dans l&#8217;espace Schengen, on n&#8217;a pas le droit de&#8230; On a le droit de rester autant qu&#8217;on veut dans un pays, un autre pays que le sien. \u00c7a ne veut pas dire que le permis de travail est automatique, par exemple. Donc voil\u00e0, moi j&#8217;ai eu&#8230; \u00c7a a \u00e9t\u00e9 finalement le plus difficile pour moi, c&#8217;est de r\u00e9ussir \u00e0 convaincre que c&#8217;\u00e9tait bon, je pouvais bosser parce que j&#8217;ai mon entreprise ou parce que ce visa-l\u00e0 est possible, etc. Mais voil\u00e0, apr\u00e8s, sinon, je retiens aussi : m\u00eame conseil, le CV, et bien adapter son CV \u00e0 la culture locale. Les CV sont pas toujours les m\u00eames. Voil\u00e0, on pourra \u00e9ventuellement vous dire comment faire si vous venez en France, mais s&#8217;adapter et voil\u00e0. Et avoir beaucoup de courage.<\/p>\n\n\n\n<p><a id=\"sonaar_ts-6927d3030e569\" class=\"srmp3_sonaar_ts_shortcode\"  style=\"\" href=\"javascript:sonaar_ts_shortcode({ trackid:'0', time:'00:39:11', ts_id:'6927d3030e569', play_icon:'' }) ;\">Hugo: [00:39:11]<\/a> C&#8217;est vrai. On r\u00e9fl\u00e9chit peut-\u00eatre \u00e0 faire un cours sur le travail en France, donc comment pr\u00e9parer sa candidature, son CV, quelle plateforme utiliser, etc. On ne va pas vous en dire plus dans cet \u00e9pisode. \u00c7a serait trop long.<\/p>\n\n\n\n<p><a id=\"sonaar_ts-6927d3030e56d\" class=\"srmp3_sonaar_ts_shortcode\"  style=\"\" href=\"javascript:sonaar_ts_shortcode({ trackid:'0', time:'00:39:26', ts_id:'6927d3030e56d', play_icon:'' }) ;\">Ingrid: [00:39:26]<\/a> Encore une fois ouais.<\/p>\n\n\n\n<p><a id=\"sonaar_ts-6927d3030e572\" class=\"srmp3_sonaar_ts_shortcode\"  style=\"\" href=\"javascript:sonaar_ts_shortcode({ trackid:'0', time:'00:39:28', ts_id:'6927d3030e572', play_icon:'' }) ;\">Hugo: [00:39:28]<\/a> Mais pareil, si c&#8217;est un sujet qui vous int\u00e9resse? N&#8217;h\u00e9sitez pas \u00e0 nous le dire dans les commentaires. Maintenant, on va plut\u00f4t s&#8217;int\u00e9resser \u00e0 l&#8217;aspect social de l&#8217;int\u00e9gration, les relations humaines. Et pour \u00e7a, on va \u00e9couter ou lire un message ?<\/p>\n\n\n\n<p><a id=\"sonaar_ts-6927d3030e576\" class=\"srmp3_sonaar_ts_shortcode\"  style=\"\" href=\"javascript:sonaar_ts_shortcode({ trackid:'0', time:'00:39:43', ts_id:'6927d3030e576', play_icon:'' }) ;\">Ingrid: [00:39:43]<\/a> Lire. Ouais, on a fini avec les \u00e9coutes, donc \u00e7a sera maintenant des lectures. Si vous voyez&#8230; Si tu veux je le dis. Donc, on a une question de Tom. Donc Tom, qui nous dit qu&#8217;il est anglais, qu&#8217;il habite avec sa fianc\u00e9e fran\u00e7aise en France. Ah non : qu&#8217;il va probablement habiter plus tard en France avec sa fianc\u00e9e. Et donc, il est un peu inquiet parce qu&#8217;il voudrait vraiment se sentir chez lui. S&#8217;int\u00e9grer au maximum. Et il a peur que son accent soit toujours un probl\u00e8me ou voire son caract\u00e8re. Donc voil\u00e0, c&#8217;est un peu \u00e0 partir de la question de Tom, on va parler de nos exp\u00e9riences, peut-\u00eatre si \u00e7a peut vous inspirer. Voil\u00e0 comment on fait pour s&#8217;int\u00e9grer, pour parler la langue, pour adapter son caract\u00e8re, \u00e9ventuellement. Voil\u00e0. Donc peut-\u00eatre la premi\u00e8re chose, la plus importante, c&#8217;est les amis, se faire des amis. Hugo, est-ce que tu t&#8217;es d\u00e9j\u00e0 senti seul quand \u00e9tait loin de ton pays ?<\/p>\n\n\n\n<p><a id=\"sonaar_ts-6927d3030e57a\" class=\"srmp3_sonaar_ts_shortcode\"  style=\"\" href=\"javascript:sonaar_ts_shortcode({ trackid:'0', time:'00:40:44', ts_id:'6927d3030e57a', play_icon:'' }) ;\">Hugo: [00:40:44]<\/a> Ouais, surtout au d\u00e9but en Pologne, parce que j&#8217;avais seulement mon meilleur ami. Et on a mis un peu de temps avant de se faire un r\u00e9seau. Donc se faire en r\u00e9seau, \u00e7a veut dire rencontrer des personnes. Le r\u00e9seau en g\u00e9n\u00e9ral, c&#8217;est l&#8217;ensemble des personnes que vous connaissez. On l&#8217;utilise plut\u00f4t dans le domaine professionnel mais bon, l\u00e0, je parle de mani\u00e8re g\u00e9n\u00e9rale. Donc, il y a eu quelques moments effectivement de solitude au d\u00e9but. Et puis apr\u00e8s, j&#8217;ai rencontr\u00e9 ma copine. Donc l\u00e0, \u00e7a a \u00e9t\u00e9 plus facile. Mais c&#8217;est vrai que la meilleure fa\u00e7on, \u00e0 mon avis, de rencontrer des gens naturellement, c&#8217;est de faire des activit\u00e9s, notamment du sport. Moi, l\u00e0 aussi, je n&#8217;ai pas pris la bonne d\u00e9cision parce que je vais \u00e0 la salle de sport, donc ce n&#8217;est pas le meilleur endroit pour se faire des amis. Mais j&#8217;ai des amis ici qui jouent dans des clubs de rugby, par exemple, dans des clubs de foot qui jouent au basket aussi avec des Polonais. Donc c&#8217;est une tr\u00e8s bonne fa\u00e7on de s&#8217;int\u00e9grer, de rencontrer des gens, parce que sinon, c&#8217;est vrai que \u00e7a peut \u00eatre un peu compliqu\u00e9. Voil\u00e0, vous n&#8217;allez pas \u00e9crire \u00e0 des gens que vous connaissez pas. Et quand on a une excuse ou un pr\u00e9texte, donc une activit\u00e9 \u00e0 faire ensemble, c&#8217;est plus facile de cr\u00e9er des liens, je pense. Et toi, comment t&#8217;a fait au P\u00e9rou ?<\/p>\n\n\n\n<p><a id=\"sonaar_ts-6927d3030e583\" class=\"srmp3_sonaar_ts_shortcode\"  style=\"\" href=\"javascript:sonaar_ts_shortcode({ trackid:'0', time:'00:41:54', ts_id:'6927d3030e583', play_icon:'' }) ;\">Ingrid: [00:41:54]<\/a> Alors ben pour le coup, si moi j&#8217;ai \u00e9crit des gens, mais plut\u00f4t dans des contextes des groupes Facebook de Fran\u00e7ais, par exemple. Apr\u00e8s, j&#8217;ai pris des cours d&#8217;espagnol plus tard, une fois que je parlais d\u00e9j\u00e0 bien espagnol, des cours avanc\u00e9s pour perfectionner. Et j&#8217;avoue que quand j&#8217;ai fait ces cours, c&#8217;\u00e9tait pour avoir d\u00e9j\u00e0 une routine et pour me faire des amis, ce qui a bien fonctionn\u00e9. J&#8217;ai rencontr\u00e9 des personnes super de tous les pays. Apr\u00e8s, j&#8217;ai eu de la chance au travers de mon copain, mais c&#8217;est vrai que ce n&#8217;est pas la m\u00eame chose, quoi. Quand c&#8217;est les amis de ton copain, la famille, ma belle-soeur, etc. Donc je conseille effectivement de faire des activit\u00e9s. Si vous n&#8217;\u00eates pas trop sport, ce qui est mon cas, il y a plein de cours qui peuvent \u00eatre sympas. Voil\u00e0 de langue, de peinture, etc. Et il n&#8217;y a pas mal d&#8217;applications maintenant. C&#8217;est vrai qu&#8217;on pense aux applications de rencontres amoureuses, donc d\u00e9j\u00e0 \u00e7a peut \u00eatre effectivement un bon moyen de rencontrer des personnes et de pratiquer la langue. Mais il y a aussi des applications de rencontres amicales, des applications m\u00eame de voyageurs, par exemple, qui vont faire des visites. Ah oui, d&#8217;ailleurs, j&#8217;ai fait des&#8230; Je me suis fait des amis comme \u00e7a aussi en faisant des visites touristiques, en partant un peu de la ville. Et puis l\u00e0, c&#8217;est quand m\u00eame assez facile de parler aux gens. Donc ouais, je pense qu&#8217;il faut tendre ses filets et beaucoup de filets, faire beaucoup d&#8217;activit\u00e9s et envoyer des messages sur les&#8230; &#8220;Qui veut aller boire un verre ce soir ?&#8221; Et il suffit de trouver une ou deux personnes pour se sentir moins seul.<\/p>\n\n\n\n<p><a id=\"sonaar_ts-6927d3030e587\" class=\"srmp3_sonaar_ts_shortcode\"  style=\"\" href=\"javascript:sonaar_ts_shortcode({ trackid:'0', time:'00:43:26', ts_id:'6927d3030e587', play_icon:'' }) ;\">Hugo: [00:43:26]<\/a> Et aussi&#8230; Parce que moi, au d\u00e9but, j&#8217;avais un peu&#8230; J&#8217;\u00e9vitais les Fran\u00e7ais. Je n&#8217;avais pas envie d&#8217;\u00eatre seulement avec les expatri\u00e9s fran\u00e7ais, donc je snobais les Fran\u00e7ais, on peut dire. Mais finalement, ce n&#8217;\u00e9tait pas une bonne id\u00e9e parce que c&#8217;est toujours plus facile quand m\u00eame de s&#8217;entendre avec des gens qui viennent du m\u00eame pays que nous et qui sont en train de vivre la m\u00eame chose parce qu&#8217;ils sont expatri\u00e9s eux aussi. Et \u00e0 travers ces gens, on peut rencontrer des locaux. Ben oui. Donc, voil\u00e0, s&#8217;il y a des expatri\u00e9s de votre pays, c&#8217;est plus facile de s&#8217;int\u00e9grer \u00e0 leur communaut\u00e9. Et \u00e0 travers eux, vous allez rencontrer des francophones.<\/p>\n\n\n\n<p><a id=\"sonaar_ts-6927d3030e590\" class=\"srmp3_sonaar_ts_shortcode\"  style=\"\" href=\"javascript:sonaar_ts_shortcode({ trackid:'0', time:'00:44:02', ts_id:'6927d3030e590', play_icon:'' }) ;\">Ingrid: [00:44:02]<\/a> Bah par exemple, je pense \u00e0 Tom qui nous pose la question. C&#8217;est s\u00fbr que s&#8217;il va rencontrer d&#8217;autres Anglais qui sont en France, la bonne moiti\u00e9 sera en couple avec des Fran\u00e7ais&#8230; souvent, il y a voil\u00e0&#8230; ou auront des amis fran\u00e7ais, donc au final, on finit par rencontrer des locaux et des personnes de toutes les nationalit\u00e9s parce que souvent, les \u00e9trangers, \u00e7a fait des groupes souvent internationaux. Et il y a beaucoup de locaux qui ont un lien avec ces personnes l\u00e0 \u00e0 un moment donn\u00e9.<\/p>\n\n\n\n<p><a id=\"sonaar_ts-6927d3030e595\" class=\"srmp3_sonaar_ts_shortcode\"  style=\"\" href=\"javascript:sonaar_ts_shortcode({ trackid:'0', time:'00:44:31', ts_id:'6927d3030e595', play_icon:'' }) ;\">Hugo: [00:44:31]<\/a> Mais je trouvais que le message de Tom \u00e9tait un peu triste parce qu&#8217;il disait notamment \u00e0 la fin &#8220;je veux que mes futurs enfants soient fiers de leurs deux parents et \u00eatre compl\u00e8tement \u00e0 l&#8217;aise dans la soci\u00e9t\u00e9&#8221;. Donc, en fait, c&#8217;est un peu comme s&#8217;il avait honte d&#8217;\u00eatre anglais et qu&#8217;ils voulaient le cacher pour vraiment, pour que les gens croient qu&#8217;il est fran\u00e7ais, tout simplement. Mais&#8230;<\/p>\n\n\n\n<p><a id=\"sonaar_ts-6927d3030e599\" class=\"srmp3_sonaar_ts_shortcode\"  style=\"\" href=\"javascript:sonaar_ts_shortcode({ trackid:'0', time:'00:44:55', ts_id:'6927d3030e599', play_icon:'' }) ;\">Ingrid: [00:44:55]<\/a> Il ne faut pas.<\/p>\n\n\n\n<p><a id=\"sonaar_ts-6927d3030e59d\" class=\"srmp3_sonaar_ts_shortcode\"  style=\"\" href=\"javascript:sonaar_ts_shortcode({ trackid:'0', time:'00:44:58', ts_id:'6927d3030e59d', play_icon:'' }) ;\">Hugo: [00:44:58]<\/a> Je pense pas. \u00c7a fait partie de notre identit\u00e9, le pays d&#8217;o\u00f9 on vient, et on peut \u00eatre tr\u00e8s bien int\u00e9gr\u00e9s en France, m\u00eame si on est anglais, si on a un accent, etc. Et je ne pense pas que \u00e7a doive \u00eatre un objectif d&#8217;essayer de cacher \u00e0 tout prix son identit\u00e9, ses origines pour \u00eatre 100% fran\u00e7ais.<\/p>\n\n\n\n<p><a id=\"sonaar_ts-6927d3030e5a2\" class=\"srmp3_sonaar_ts_shortcode\"  style=\"\" href=\"javascript:sonaar_ts_shortcode({ trackid:'0', time:'00:45:25', ts_id:'6927d3030e5a2', play_icon:'' }) ;\">Ingrid: [00:45:25]<\/a> Non, vraiment pas. En plus, par rapport aux futurs enfants, je suis s\u00fbre qu&#8217;ils seront au contraire tr\u00e8s fiers d&#8217;avoir des parents qui ont un accent diff\u00e9rent, qui ont des cultures diff\u00e9rentes. C&#8217;est quelque chose en g\u00e9n\u00e9ral qui plait. Enfin, je ne sais pas, moi, je sais que quand j&#8217;\u00e9tais petite, en France surtout, il y a beaucoup de diversit\u00e9, je r\u00eavais d&#8217;avoir des origines \u00e9trang\u00e8res. C&#8217;\u00e9tait&#8230; C&#8217;est trop cool !<\/p>\n\n\n\n<p><a id=\"sonaar_ts-6927d3030e5a6\" class=\"srmp3_sonaar_ts_shortcode\"  style=\"\" href=\"javascript:sonaar_ts_shortcode({ trackid:'0', time:'00:45:45', ts_id:'6927d3030e5a6', play_icon:'' }) ;\">Hugo: [00:45:45]<\/a> C&#8217;est vrai. De parler deux langues \u00e0 la maison, surtout bon, avec l&#8217;anglais, c&#8217;est un \u00e9norme avantage.<\/p>\n\n\n\n<p><a id=\"sonaar_ts-6927d3030e5ae\" class=\"srmp3_sonaar_ts_shortcode\"  style=\"\" href=\"javascript:sonaar_ts_shortcode({ trackid:'0', time:'00:45:49', ts_id:'6927d3030e5ae', play_icon:'' }) ;\">Ingrid: [00:45:49]<\/a> Mais ouais. C&#8217;est super cool. Les enfants, je pense vraiment qu&#8217;ils seront super fiers d\u00e9j\u00e0 d&#8217;avoir deux origines.<\/p>\n\n\n\n<p><a id=\"sonaar_ts-6927d3030e5b2\" class=\"srmp3_sonaar_ts_shortcode\"  style=\"\" href=\"javascript:sonaar_ts_shortcode({ trackid:'0', time:'00:45:57', ts_id:'6927d3030e5b2', play_icon:'' }) ;\">Hugo: [00:45:57]<\/a> C&#8217;est s\u00fbr. Donc Tom, moi, je te dirais plut\u00f4t d&#8217;essayer de toi, te sentir bien en France en rencontrant des gens, en faisant des choses, des activit\u00e9s qui te plaisent, etc. Et que&#8230; Et d&#8217;\u00eatre patient parce que tout simplement, avec le temps, avec la pratique, \u00e7a va devenir de plus en plus facile pour toi de communiquer. Et m\u00eame si tu gardes un accent, ce n&#8217;est pas grave en fait. Et \u00e7a fait partie de&#8230; Voil\u00e0 de ton identit\u00e9. Moi, je parle anglais couramment depuis des ann\u00e9es, mais j&#8217;ai toujours mon accent fran\u00e7ais que je perdrai jamais.<\/p>\n\n\n\n<p><a id=\"sonaar_ts-6927d3030e5b6\" class=\"srmp3_sonaar_ts_shortcode\"  style=\"\" href=\"javascript:sonaar_ts_shortcode({ trackid:'0', time:'00:46:27', ts_id:'6927d3030e5b6', play_icon:'' }) ;\">Ingrid: [00:46:27]<\/a> Mais c&#8217;est bien l&#8217;accent fran\u00e7ais en anglais. Il para\u00eet que \u00e7a pla\u00eet donc&#8230;<\/p>\n\n\n\n<p><a id=\"sonaar_ts-6927d3030e5bb\" class=\"srmp3_sonaar_ts_shortcode\"  style=\"\" href=\"javascript:sonaar_ts_shortcode({ trackid:'0', time:'00:46:31', ts_id:'6927d3030e5bb', play_icon:'' }) ;\">[00:46:31]<\/a> Ouais, en plus il a plut\u00f4t une bonne&#8230; Bon, j&#8217;essaye au maximum quand m\u00eame de&#8230;<\/p>\n\n\n\n<p><a id=\"sonaar_ts-6927d3030e5bf\" class=\"srmp3_sonaar_ts_shortcode\"  style=\"\" href=\"javascript:sonaar_ts_shortcode({ trackid:'0', time:'00:46:34', ts_id:'6927d3030e5bf', play_icon:'' }) ;\">Ingrid: [00:46:34]<\/a> Mais l&#8217;accent britannique en fran\u00e7ais aussi a vraiment&#8230; Il a ses fans&#8230; Donc ne le perds surtout pas.<\/p>\n\n\n\n<p><a id=\"sonaar_ts-6927d3030e5c4\" class=\"srmp3_sonaar_ts_shortcode\"  style=\"\" href=\"javascript:sonaar_ts_shortcode({ trackid:'0', time:'00:46:41', ts_id:'6927d3030e5c4', play_icon:'' }) ;\">Hugo: [00:46:41]<\/a> Ouais c&#8217;est vrai. On aime bien le petit accent des anglophones, effectivement. Donc voil\u00e0, ne t&#8217;inqui\u00e8te pas, Tom, je suis s\u00fbr que tes enfants seront fiers de leurs deux parents. Et voil\u00e0, sois patient et fais tout ce que tu peux pour te sentir bien en France, t&#8217;int\u00e9grer, te faire des amis et le reste, \u00e7a viendra naturellement.<\/p>\n\n\n\n<p><a id=\"sonaar_ts-6927d3030e5c8\" class=\"srmp3_sonaar_ts_shortcode\"  style=\"\" href=\"javascript:sonaar_ts_shortcode({ trackid:'0', time:'00:47:05', ts_id:'6927d3030e5c8', play_icon:'' }) ;\">Ingrid: [00:47:05]<\/a> Alors donc maintenant, on va passer \u00e0 une derni\u00e8re partie o\u00f9 on devrait parler du fait de se sentir chez soi une fois qu&#8217;on a fait un peu tout ce qu&#8217;on a dit pour s&#8217;int\u00e9grer. \u00c0 quel moment est-ce qu&#8217;on a vraiment l&#8217;impression d&#8217;\u00eatre comme \u00e0 la maison ? Et est-ce qu&#8217;on est transform\u00e9 d&#8217;une certaine mani\u00e8re quand on vit \u00e0 l&#8217;\u00e9tranger ? Alors on avait une question de C\u00e9lia. Hugo, est-ce que tu veux la lire ?<\/p>\n\n\n\n<p><a id=\"sonaar_ts-6927d3030e5cc\" class=\"srmp3_sonaar_ts_shortcode\"  style=\"\" href=\"javascript:sonaar_ts_shortcode({ trackid:'0', time:'00:47:31', ts_id:'6927d3030e5cc', play_icon:'' }) ;\">Hugo: [00:47:31]<\/a> Oui, alors. C\u00e9lia nous avait \u00e9crit : &#8220;J&#8217;aimerais savoir si vous, Hugo et Ingrid, trouvez que l&#8217;exp\u00e9rience d&#8217;\u00eatre expatri\u00e9s a chang\u00e9 vos id\u00e9es en ce qui concerne certaines particularit\u00e9s fran\u00e7aises. Est-ce que la distance vous a permis de voir diff\u00e9remment les coutumes et le mode de vie en France ? La vie dans un autre pays vous a-t-elle fait changer d&#8217;avis en ce qui concerne les immigr\u00e9s ? \u00cates-vous devenus plus patients, plus compr\u00e9hensifs ?&#8221; Alors pas mal de questions int\u00e9ressantes.<\/p>\n\n\n\n<p><a id=\"sonaar_ts-6927d3030e5d1\" class=\"srmp3_sonaar_ts_shortcode\"  style=\"\" href=\"javascript:sonaar_ts_shortcode({ trackid:'0', time:'00:48:04', ts_id:'6927d3030e5d1', play_icon:'' }) ;\">Ingrid: [00:48:04]<\/a> Alors oui, je suis devenue beaucoup plus patiente. Oui, beaucoup plus patiente.<\/p>\n\n\n\n<p><a id=\"sonaar_ts-6927d3030e5d9\" class=\"srmp3_sonaar_ts_shortcode\"  style=\"\" href=\"javascript:sonaar_ts_shortcode({ trackid:'0', time:'00:48:10', ts_id:'6927d3030e5d9', play_icon:'' }) ;\">Hugo: [00:48:10]<\/a> Pourquoi tu es devenue plus patiente ?<\/p>\n\n\n\n<p><a id=\"sonaar_ts-6927d3030e5de\" class=\"srmp3_sonaar_ts_shortcode\"  style=\"\" href=\"javascript:sonaar_ts_shortcode({ trackid:'0', time:'00:48:11', ts_id:'6927d3030e5de', play_icon:'' }) ;\">Ingrid: [00:48:11]<\/a> Parce qu&#8217;il faut toujours attendre au P\u00e9rou. Donc maintenant, je peux arriver \u00e0 un rendez-vous, la personne n&#8217;est pas l\u00e0, au lieu de m&#8217;\u00e9nerver, j&#8217;attends. Il n&#8217;y a pas de probl\u00e8me.<\/p>\n\n\n\n<p><a id=\"sonaar_ts-6927d3030e5e2\" class=\"srmp3_sonaar_ts_shortcode\"  style=\"\" href=\"javascript:sonaar_ts_shortcode({ trackid:'0', time:'00:48:23', ts_id:'6927d3030e5e2', play_icon:'' }) ;\">Hugo: [00:48:23]<\/a> Et je pense que l\u00e0, elle voulait aussi dire : est-ce que de mani\u00e8re g\u00e9n\u00e9rale, on est plus&#8230; on a plus d&#8217;empathie avec les \u00e9trangers qui vivent en France ? Parce que nous, on a v\u00e9cu cette exp\u00e9rience d&#8217;\u00eatre \u00e9trangers. Donc moi, je pense que j&#8217;\u00e9tais d\u00e9j\u00e0&#8230; J&#8217;avais pas mal d&#8217;empathie d\u00e9j\u00e0, \u00e0 la base. J&#8217;\u00e9tais assez patient. J&#8217;\u00e9tais toujours content de rencontrer des \u00e9trangers, de parler avec eux. Donc je pense pas que \u00e7a ait chang\u00e9 particuli\u00e8rement. Mais c&#8217;est vrai que je me suis rendu compte \u00e0 quel point c&#8217;est difficile et aussi \u00e0 quel point c&#8217;est difficile d&#8217;apprendre la langue, notamment en donnant des cours de fran\u00e7ais. Parce que c&#8217;est vrai qu&#8217;en France, on a cette tendance&#8230; Enfin, on a beaucoup d&#8217;exemples d&#8217;\u00e9trangers qui ont appris parfaitement le fran\u00e7ais et du coup, on se dit que c&#8217;est seulement une question de bonne volont\u00e9 et que si quelqu&#8217;un veut vraiment apprendre le fran\u00e7ais, eh bien il peut le faire en deux ou trois ans sans probl\u00e8me. Et c&#8217;est loin d&#8217;\u00eatre si facile. Donc moi, je m&#8217;en suis rendu compte, notamment avec le Polonais. Il faut \u00eatre patient et m\u00eame si quelqu&#8217;un parle en faisant des erreurs, \u00e7a ne veut pas dire qu&#8217;il ne met pas de bonne volont\u00e9 pour apprendre la langue, mais simplement que c&#8217;est un processus qui prend du temps.<\/p>\n\n\n\n<p><a id=\"sonaar_ts-6927d3030e5e6\" class=\"srmp3_sonaar_ts_shortcode\"  style=\"\" href=\"javascript:sonaar_ts_shortcode({ trackid:'0', time:'00:49:34', ts_id:'6927d3030e5e6', play_icon:'' }) ;\">Ingrid: [00:49:34]<\/a> Moi, je pense que j&#8217;ai toujours \u00e9t\u00e9 bon, de toute fa\u00e7on, plut\u00f4t pro-immigr\u00e9s, etc. Mais sans m&#8217;identifier. Un peu par nature : voil\u00e0, c&#8217;est mes valeurs, j&#8217;essaye d&#8217;\u00eatre ouverte avec tout le monde, mais sans avoir sp\u00e9cialement de l&#8217;empathie, en me disant que c&#8217;\u00e9tait difficile. \u00c0 part au niveau, \u00e9videmment, j&#8217;avais conscience que certains souffraient de racisme, mais l\u00e0, on parle un peu plus, m\u00eame au-del\u00e0 de \u00e7a, qui peut aussi arriver entre deux personnes qui viennent du m\u00eame pays. En fait, il y a un dicton, un dicton un peu un peu bateau, un peu clich\u00e9, mais que j&#8217;ai compris. C&#8217;est &#8220;un accent est un signe de courage&#8221;. En fait, c&#8217;est au contraire quand je&#8230; Maintenant, quand j&#8217;entends quelqu&#8217;un avec un accent&#8230; Avant, c&#8217;\u00e9tait plut\u00f4t neutre pour moi. Cette personne, elle a un accent. Maintenant, je me dis &#8220;ouais, dis donc, il parle super bien assez. \u00c7a se voit que c&#8217;est pas sa langue maternelle. Et c&#8217;est trop bien&#8221;. Et voil\u00e0. Et j&#8217;ai appris \u00e0 \u00eatre fi\u00e8re de mon accent. Je sais que j&#8217;aurai toujours un accent en espagnol et donc par rebond je trouve que ceux qui parlent en fran\u00e7ais avec un accent ont vachement de m\u00e9rite.<\/p>\n\n\n\n<p><a id=\"sonaar_ts-6927d3030e5eb\" class=\"srmp3_sonaar_ts_shortcode\"  style=\"\" href=\"javascript:sonaar_ts_shortcode({ trackid:'0', time:'00:50:47', ts_id:'6927d3030e5eb', play_icon:'' }) ;\">Hugo: [00:50:47]<\/a> C&#8217;est vrai, c&#8217;est vrai. Et concernant les coutumes et le mode de vie en France, \u00e0 part cette histoire de restaurant, est-ce que tu t&#8217;es rendu compte de choses dont tu n&#8217;avais pas vraiment conscience avant ton expatriation ?<\/p>\n\n\n\n<p><a id=\"sonaar_ts-6927d3030e5f3\" class=\"srmp3_sonaar_ts_shortcode\"  style=\"\" href=\"javascript:sonaar_ts_shortcode({ trackid:'0', time:'00:51:00', ts_id:'6927d3030e5f3', play_icon:'' }) ;\">Ingrid: [00:51:00]<\/a> Alors, il y a quelque chose de tr\u00e8s important et plut\u00f4t positif pour la France, pour pas seulement descendre la France. Je me suis rendu compte \u00e0 quel point on avait des droits sociaux et \u00e0 quel point on a une mentalit\u00e9 de chercher ses droits, de se battre, etc. C&#8217;est vrai que j&#8217;ai souvent \u00e9t\u00e9, quand j&#8217;\u00e9tais avec des \u00e9trangers, la grande gueule, celle qui ne veut pas laisser passer les choses, celle qui dit &#8220;non, on va leur dire&#8221;, &#8220;il faut appeler&#8221;, &#8220;il faut&#8230;&#8221;. Alors qu&#8217;en France, tout le monde est comme \u00e7a. Enfin tout le monde&#8230; En tout cas, je suis jamais sortie du lot plus que \u00e7a. Mais c&#8217;est vrai que finalement, je me suis rendu compte, bah, c&#8217;est vrai qu&#8217;on a une mentalit\u00e9 diff\u00e9rente et c&#8217;est plut\u00f4t pour moi une bonne chose. Donc voil\u00e0. Et puis \u00e9videmment, apr\u00e8s, tu parlais des restos. Encore une fois, il y a plein de petits d\u00e9tails qui sont plut\u00f4t du c\u00f4t\u00e9 n\u00e9gatif. Voil\u00e0. Que les Fran\u00e7ais soient aussi stricts sur les horaires des choses comme \u00e7a. Mais mais voil\u00e0. Et toi, du coup, t&#8217;as d&#8217;autres exemples de choses qui t&#8217;ont fait voir diff\u00e9remment la France ?<\/p>\n\n\n\n<p><a id=\"sonaar_ts-6927d3030e5f7\" class=\"srmp3_sonaar_ts_shortcode\"  style=\"\" href=\"javascript:sonaar_ts_shortcode({ trackid:'0', time:'00:52:09', ts_id:'6927d3030e5f7', play_icon:'' }) ;\">Hugo: [00:52:09]<\/a> Ouais, ben en fait, moi, il y a eu. Mais bon, c&#8217;est li\u00e9 \u00e0 un changement qui est arriv\u00e9 dans ma vie. Mais le fait que je sois devenu vegan, \u00e7a m&#8217;a fait prendre conscience d&#8217;\u00e0 quel point la cuisine fran\u00e7aise est accro \u00e0 la viande, aux produits laitiers, aux mati\u00e8res grasses et c&#8217;est vrai qu&#8217;on ne peut pas cuisiner quoi que ce soit en France sans qu&#8217;il y ait de la viande, du beurre et c&#8217;est tr\u00e8s, tr\u00e8s difficile d&#8217;\u00eatre vegan en France. C&#8217;est en train de changer. Mais c&#8217;est vrai qu&#8217;il y a des cuisines qui se pr\u00eatent ou qui s&#8217;adaptent mieux au v\u00e9ganisme que la cuisine fran\u00e7aise. Donc j&#8217;ai vraiment pris conscience de \u00e7a ces derni\u00e8res ann\u00e9es. Il y avait autre chose. Ce n&#8217;est pas vraiment un choc culturel mais c&#8217;est quelque chose qui est assez bizarre, c&#8217;est quand je pars en vacances \u00e0 l&#8217;\u00e9tranger que je rentre en Pologne et que rentrer en Pologne, en fait, c&#8217;est ma maison. C&#8217;est toujours une exp\u00e9rience un peu bizarre.<\/p>\n\n\n\n<p><a id=\"sonaar_ts-6927d3030e5fb\" class=\"srmp3_sonaar_ts_shortcode\"  style=\"\" href=\"javascript:sonaar_ts_shortcode({ trackid:'0', time:'00:53:08', ts_id:'6927d3030e5fb', play_icon:'' }) ;\">Ingrid: [00:53:08]<\/a> Ah ouais ?<\/p>\n\n\n\n<p><a id=\"sonaar_ts-6927d3030e600\" class=\"srmp3_sonaar_ts_shortcode\"  style=\"\" href=\"javascript:sonaar_ts_shortcode({ trackid:'0', time:'00:53:08', ts_id:'6927d3030e600', play_icon:'' }) ;\">Hugo: [00:53:08]<\/a> Tu vois ? De me dire<\/p>\n\n\n\n<p><a id=\"sonaar_ts-6927d3030e608\" class=\"srmp3_sonaar_ts_shortcode\"  style=\"\" href=\"javascript:sonaar_ts_shortcode({ trackid:'0', time:'00:53:10', ts_id:'6927d3030e608', play_icon:'' }) ;\">Ingrid: [00:53:10]<\/a> Ah que c&#8217;est chez toi. Que c&#8217;est pas un autre voyage quoi. C&#8217;est la maison.<\/p>\n\n\n\n<p><a id=\"sonaar_ts-6927d3030e60d\" class=\"srmp3_sonaar_ts_shortcode\"  style=\"\" href=\"javascript:sonaar_ts_shortcode({ trackid:'0', time:'00:53:13', ts_id:'6927d3030e60d', play_icon:'' }) ;\">Hugo: [00:53:13]<\/a> Exactement. Exactement que je pars en vacances, je sais pas. Ou m\u00eame je vais voir des amis en Allemagne. Et quand je rentre chez moi, bah chez moi, c&#8217;est Varsovie. C&#8217;est pas la France.<\/p>\n\n\n\n<p><a id=\"sonaar_ts-6927d3030e611\" class=\"srmp3_sonaar_ts_shortcode\"  style=\"\" href=\"javascript:sonaar_ts_shortcode({ trackid:'0', time:'00:53:23', ts_id:'6927d3030e611', play_icon:'' }) ;\">Ingrid: [00:53:23]<\/a> Ah oui.<\/p>\n\n\n\n<p><a id=\"sonaar_ts-6927d3030e615\" class=\"srmp3_sonaar_ts_shortcode\"  style=\"\" href=\"javascript:sonaar_ts_shortcode({ trackid:'0', time:'00:53:24', ts_id:'6927d3030e615', play_icon:'' }) ;\">Hugo: [00:53:24]<\/a> Mais apr\u00e8s, quand je rentre en France, voir ma famille, c&#8217;est aussi chez moi. Donc \u00e7a, c&#8217;est toujours une exp\u00e9rience un peu un peu bizarre.<\/p>\n\n\n\n<p><a id=\"sonaar_ts-6927d3030e61a\" class=\"srmp3_sonaar_ts_shortcode\"  style=\"\" href=\"javascript:sonaar_ts_shortcode({ trackid:'0', time:'00:53:32', ts_id:'6927d3030e61a', play_icon:'' }) ;\">Ingrid: [00:53:32]<\/a> Ah oui, tu as deux chez toi maintenant.<\/p>\n\n\n\n<p><a id=\"sonaar_ts-6927d3030e61e\" class=\"srmp3_sonaar_ts_shortcode\"  style=\"\" href=\"javascript:sonaar_ts_shortcode({ trackid:'0', time:'00:53:34', ts_id:'6927d3030e61e', play_icon:'' }) ;\">Hugo: [00:53:34]<\/a> Ouais, ouais ouais ouais. Les premi\u00e8res ann\u00e9es, c&#8217;\u00e9tait un peu&#8230; Parfois, c&#8217;\u00e9tait c&#8217;\u00e9tait un peu d\u00e9primant, surtout quand je rentrais en Pologne et que c&#8217;\u00e9tait l&#8217;hiver et Varsovie peut \u00eatre un peu d\u00e9primante en hiver. Et l\u00e0, la France me manquait. Mais maintenant, j&#8217;ai vraiment. Quand je rentre \u00e0 Varsovie apr\u00e8s les vacances, c&#8217;est chez moi et je suis content d&#8217;\u00eatre \u00e0 Varsovie.<\/p>\n\n\n\n<p><a id=\"sonaar_ts-6927d3030e622\" class=\"srmp3_sonaar_ts_shortcode\"  style=\"\" href=\"javascript:sonaar_ts_shortcode({ trackid:'0', time:'00:53:55', ts_id:'6927d3030e622', play_icon:'' }) ;\">Ingrid: [00:53:55]<\/a> C&#8217;\u00e9tait vrai, c&#8217;est un peu \u00e7a qu&#8217;on&#8230; Attends, je voudrais juste dire un truc parce que&#8230; L\u00e0, ce que t&#8217;as dit \u00e0 la fin sur le v\u00e9ganisme, \u00e7a m&#8217;a fait penser \u00e0 quelque chose que je voulais dire \u00e0 un moment donn\u00e9 et que je n&#8217;ai pas dit et qui va peut \u00eatre te d\u00e9cevoir.<\/p>\n\n\n\n<p><a id=\"sonaar_ts-6927d3030e627\" class=\"srmp3_sonaar_ts_shortcode\"  style=\"\" href=\"javascript:sonaar_ts_shortcode({ trackid:'0', time:'00:54:12', ts_id:'6927d3030e627', play_icon:'' }) ;\">Hugo: [00:54:12]<\/a> Ok !<\/p>\n\n\n\n<p><a id=\"sonaar_ts-6927d3030e62b\" class=\"srmp3_sonaar_ts_shortcode\"  style=\"\" href=\"javascript:sonaar_ts_shortcode({ trackid:'0', time:'00:54:12', ts_id:'6927d3030e62b', play_icon:'' }) ;\">Ingrid: [00:54:12]<\/a> Alors que je suis partie au P\u00e9rou, j&#8217;\u00e9tais v\u00e9g\u00e9tarienne depuis au moins deux ans et je n&#8217;ai pas tenu. Je n&#8217;ai pas tenu&#8230; Bah un peu par manque de volont\u00e9 en \u00e9tant isol\u00e9e, parce que je pense que quand vraiment vraiment tu veux, tu peux. Mais l\u00e0-bas, en fait le mot pour dire viande, qui est la traduction de viande. Si tu dis que tu n&#8217;en veux pas, tu ne veux pas de &#8220;carne&#8221;, ils te donnent du poulet. Voil\u00e0, par exemple. Donc, surtout au moment o\u00f9 j&#8217;y suis all\u00e9e, donc, c&#8217;\u00e9tait il y a d\u00e9j\u00e0 quatre ans. Maintenant, peut-\u00eatre que \u00e7a commence \u00e0 se d\u00e9velopper, petit \u00e0 petit, mais dans les restaurants, il n&#8217;y a pas d&#8217;option v\u00e9g\u00e9tarienne, \u00e0 la maison quand tu es avec la famille, si tu demandes sans viande, ils ont&#8230; \u00c7a les g\u00eane parce qu&#8217;ils ont l&#8217;impression de pas assez bien te servir, etc. Et donc, petit \u00e0 petit, j&#8217;ai fait des exceptions et l&#8217;exception est devenue arr\u00eater compl\u00e8tement.<\/p>\n\n\n\n<p><a id=\"sonaar_ts-6927d3030e630\" class=\"srmp3_sonaar_ts_shortcode\"  style=\"\" href=\"javascript:sonaar_ts_shortcode({ trackid:'0', time:'00:55:05', ts_id:'6927d3030e630', play_icon:'' }) ;\">Hugo: [00:55:05]<\/a> La r\u00e8gle.<\/p>\n\n\n\n<p><a id=\"sonaar_ts-6927d3030e639\" class=\"srmp3_sonaar_ts_shortcode\"  style=\"\" href=\"javascript:sonaar_ts_shortcode({ trackid:'0', time:'00:55:06', ts_id:'6927d3030e639', play_icon:'' }) ;\">Ingrid: [00:55:06]<\/a> Je suis une croyante non pratiquante en mati\u00e8re de v\u00e9g\u00e9tarisme, m\u00eame de v\u00e9ganisme. Je trouve que voil\u00e0 c&#8217;est ce qu&#8217;on devrait tous faire. Mais le fait de vivre \u00e0 l&#8217;\u00e9tranger et de vouloir m&#8217;adapter et ne pas me compliquer la vie, bah j&#8217;ai arr\u00eat\u00e9. Donc voil\u00e0, c&#8217;\u00e9tait un d\u00e9tail que comme \u00e7a, je te l&#8217;avoue.<\/p>\n\n\n\n<p><a id=\"sonaar_ts-6927d3030e63e\" class=\"srmp3_sonaar_ts_shortcode\"  style=\"\" href=\"javascript:sonaar_ts_shortcode({ trackid:'0', time:'00:55:24', ts_id:'6927d3030e63e', play_icon:'' }) ;\">Hugo: [00:55:24]<\/a> Il faut venir en Pologne ! En Pologne, c&#8217;est tr\u00e8s facile donc&#8230;<\/p>\n\n\n\n<p><a id=\"sonaar_ts-6927d3030e643\" class=\"srmp3_sonaar_ts_shortcode\"  style=\"\" href=\"javascript:sonaar_ts_shortcode({ trackid:'0', time:'00:55:27', ts_id:'6927d3030e643', play_icon:'' }) ;\">Ingrid: [00:55:27]<\/a> Ben voil\u00e0, bah je ferais \u00e7a peut-\u00eatre. Qui sait ? Peut-\u00eatre que&#8230; Parce que l\u00e0, je suis retourn\u00e9e en France, tu parlais d&#8217;\u00eatre, de se sentir chez soi. Moi, je sais pas, je me sens&#8230; Le P\u00e9rou, c&#8217;est ma maison, vraiment, c&#8217;est ma maison. En plus, c&#8217;est l\u00e0 o\u00f9 j&#8217;ai v\u00e9cu longtemps, o\u00f9 il y a ma belle-famille, etc. Mais ce n&#8217;est pas l&#8217;endroit o\u00f9 je veux vivre toute ma vie. Et l\u00e0, je suis rentr\u00e9e en France et ce n&#8217;est pas l&#8217;endroit o\u00f9 je veux vivre toute ma vie non plus. Donc, qui sait, peut-\u00eatre, peut-\u00eatre un jour, un autre pays qui soit plus vegan friendly. Mais voil\u00e0. Toi, tu disais que tu te sens comme \u00e0 la maison, mais en m\u00eame temps, tu nous a dit au d\u00e9but que tu n&#8217;\u00e9tais pas s\u00fbr d&#8217;y rester tout le temps. Comment tu te situes par rapport \u00e0 \u00e7a ?<\/p>\n\n\n\n<p><a id=\"sonaar_ts-6927d3030e648\" class=\"srmp3_sonaar_ts_shortcode\"  style=\"\" href=\"javascript:sonaar_ts_shortcode({ trackid:'0', time:'00:56:08', ts_id:'6927d3030e648', play_icon:'' }) ;\">Hugo: [00:56:08]<\/a> Ouais, c&#8217;est vrai. Simplement&#8230; Bon, depuis quelques ann\u00e9es, j&#8217;ai envie d&#8217;\u00eatre plus proche de ma famille et de mes amis et je me consid\u00e8re toujours quand m\u00eame 100% Fran\u00e7ais. Et bon \u00e7a fait d\u00e9j\u00e0 quelques ann\u00e9es qu&#8217;on en parle avec ma copine, mais je pense qu&#8217;on va finir par rentrer en France. Enfin, moi, je vais rentrer en France et elle, elle va d\u00e9m\u00e9nager en France. Mais le probl\u00e8me, c&#8217;est que si on rentre en France, la plupart de mes amis sont \u00e0 Paris. Ma famille habite pas tr\u00e8s loin de Paris, donc ce serait un peu le choix logique. Mais je n&#8217;ai pas du tout envie de recommencer \u00e0 vivre \u00e0 Paris pour plein de raisons, mais notamment les raisons mat\u00e9rielles, etc. Donc, si on rentre en France, je ne sais pas o\u00f9 on s&#8217;installerait.<\/p>\n\n\n\n<p><a id=\"sonaar_ts-6927d3030e64c\" class=\"srmp3_sonaar_ts_shortcode\"  style=\"\" href=\"javascript:sonaar_ts_shortcode({ trackid:'0', time:'00:56:56', ts_id:'6927d3030e64c', play_icon:'' }) ;\">Ingrid: [00:56:56]<\/a> Venez \u00e0 Toulouse !<\/p>\n\n\n\n<p><a id=\"sonaar_ts-6927d3030e651\" class=\"srmp3_sonaar_ts_shortcode\"  style=\"\" href=\"javascript:sonaar_ts_shortcode({ trackid:'0', time:'00:56:58', ts_id:'6927d3030e651', play_icon:'' }) ;\">Hugo: [00:56:58]<\/a> Peut-\u00eatre \u00e0 Toulouse effectivement.<\/p>\n\n\n\n<p><a id=\"sonaar_ts-6927d3030e656\" class=\"srmp3_sonaar_ts_shortcode\"  style=\"\" href=\"javascript:sonaar_ts_shortcode({ trackid:'0', time:'00:56:58', ts_id:'6927d3030e656', play_icon:'' }) ;\">Ingrid: [00:56:58]<\/a> Comme \u00e7a on ouvre des bureaux \u00e0 Toulouse.<\/p>\n\n\n\n<p><a id=\"sonaar_ts-6927d3030e65e\" class=\"srmp3_sonaar_ts_shortcode\"  style=\"\" href=\"javascript:sonaar_ts_shortcode({ trackid:'0', time:'00:57:01', ts_id:'6927d3030e65e', play_icon:'' }) ;\">Hugo: [00:57:01]<\/a> C&#8217;est \u00e7a, on ouvre une \u00e9cole \u00e0 Toulouse.<\/p>\n\n\n\n<p><a id=\"sonaar_ts-6927d3030e663\" class=\"srmp3_sonaar_ts_shortcode\"  style=\"\" href=\"javascript:sonaar_ts_shortcode({ trackid:'0', time:'00:57:01', ts_id:'6927d3030e663', play_icon:'' }) ;\">Ingrid: [00:57:01]<\/a> Moi je serais peut-\u00eatre partie d&#8217;ici l\u00e0.<\/p>\n\n\n\n<p><a id=\"sonaar_ts-6927d3030e670\" class=\"srmp3_sonaar_ts_shortcode\"  style=\"\" href=\"javascript:sonaar_ts_shortcode({ trackid:'0', time:'00:57:06', ts_id:'6927d3030e670', play_icon:'' }) ;\">Hugo: [00:57:06]<\/a> Non mais j&#8217;ai pas mal, j&#8217;ai des amis fran\u00e7ais qui ont trouv\u00e9 une bonne solution maintenant. C&#8217;est qu&#8217;ils passent l&#8217;hiver \u00e0 Tenerife ou dans les \u00eeles Canaries, etc. Donc comme \u00e7a.. Parce que l&#8217;\u00e9t\u00e9 en Pologne, c&#8217;est assez sympa. Il fait beau, mais il ne fait pas non plus excessivement chaud. Mais c&#8217;est vrai que l&#8217;hiver est assez difficile et d\u00e9primant parfois. Donc, eux, ils passent l&#8217;hiver au chaud et l&#8217;\u00e9t\u00e9 au frais.<\/p>\n\n\n\n<p><a id=\"sonaar_ts-6927d3030e677\" class=\"srmp3_sonaar_ts_shortcode\"  style=\"\" href=\"javascript:sonaar_ts_shortcode({ trackid:'0', time:'00:57:32', ts_id:'6927d3030e677', play_icon:'' }) ;\">Ingrid: [00:57:32]<\/a> Ah oui. C&#8217;est vrai que moi, je pourrais faire l&#8217;\u00e9t\u00e9 au P\u00e9rou et l&#8217;\u00e9t\u00e9 en France parce que comme les saisons sont invers\u00e9es&#8230;<\/p>\n\n\n\n<p><a id=\"sonaar_ts-6927d3030e67b\" class=\"srmp3_sonaar_ts_shortcode\"  style=\"\" href=\"javascript:sonaar_ts_shortcode({ trackid:'0', time:'00:57:39', ts_id:'6927d3030e67b', play_icon:'' }) ;\">Hugo: [00:57:39]<\/a> Par exemple. Donc c&#8217;est peut-\u00eatre \u00e7a la solution, d&#8217;\u00eatre tout le temps entre deux pays, mais je pense que l\u00e0, on a le risque de devenir schizophr\u00e8ne.<\/p>\n\n\n\n<p><a id=\"sonaar_ts-6927d3030e680\" class=\"srmp3_sonaar_ts_shortcode\"  style=\"\" href=\"javascript:sonaar_ts_shortcode({ trackid:'0', time:'00:57:47', ts_id:'6927d3030e680', play_icon:'' }) ;\">Ingrid: [00:57:47]<\/a> Ouais, c&#8217;est vrai. Et puis \u00e7a d\u00e9pend qui est dans notre vie aussi apr\u00e8s, donc, il y a plein de questions qui se posent. Mais en tout cas, on peut se sentir chez soi quelque part, sans vouloir y rester. On peut s&#8217;expatrier et rentrer un moment. Et repartir. Enfin, il n&#8217;y a pas de r\u00e8gle. Et tout ce qu&#8217;on a dit avant, \u00e7a s&#8217;applique, que ce soit pour six mois, un an ou une dur\u00e9e illimit\u00e9e.<\/p>\n\n\n\n<p><a id=\"sonaar_ts-6927d3030e685\" class=\"srmp3_sonaar_ts_shortcode\"  style=\"\" href=\"javascript:sonaar_ts_shortcode({ trackid:'0', time:'00:58:09', ts_id:'6927d3030e685', play_icon:'' }) ;\">Hugo: [00:58:09]<\/a> Exactement. Je pense que \u00e7a va \u00eatre la conclusion de cet \u00e9pisode. Cette note optimiste. Merci \u00e0 tous de nous avoir \u00e9cout\u00e9s. On esp\u00e8re que \u00e7a vous a plu. Comme d&#8217;habitude, n&#8217;h\u00e9sitez pas \u00e0 laisser un commentaire, \u00e0 aller sur le site pour lire la transcription \u00e9galement, \u00e0 nous poser vos questions, faire vos remarques, suggestions, etc. Et on se retrouve bient\u00f4t pour le prochain \u00e9pisode.<\/p>\n\n\n\n<p><a id=\"sonaar_ts-6927d3030e689\" class=\"srmp3_sonaar_ts_shortcode\"  style=\"\" href=\"javascript:sonaar_ts_shortcode({ trackid:'0', time:'00:58:33', ts_id:'6927d3030e689', play_icon:'' }) ;\">Ingrid: [00:58:33]<\/a> Salut !<\/p>\n\n\n\n<p><a id=\"sonaar_ts-6927d3030e68e\" class=\"srmp3_sonaar_ts_shortcode\"  style=\"\" href=\"javascript:sonaar_ts_shortcode({ trackid:'0', time:'00:58:35', ts_id:'6927d3030e68e', play_icon:'' }) ;\">Hugo: [00:58:35]<\/a> Ciao !<\/p>\n","protected":false},"excerpt":{"rendered":"<p>Hugo : Salut \u00e0 toutes et \u00e0 tous, je suis ravi de vous retrouver pour ce nouvel \u00e9pisode et je suis encore une fois en compagnie d&#8217;Ingrid aujourd&#8217;hui. Salut ! Ingrid, il me semble que tu es un peu malade. Oui, un petit peu. L\u00e0, c&#8217;est d\u00e9but octobre, donc, en France, il y a les&#8230;<\/p>\n","protected":false},"author":17473,"featured_media":199183,"comment_status":"open","ping_status":"open","sticky":false,"template":"","format":[191],"meta":{"_acf_changed":false,"_kad_blocks_custom_css":"","_kad_blocks_head_custom_js":"","_kad_blocks_body_custom_js":"","_kad_blocks_footer_custom_js":"","_kad_post_transparent":"","_kad_post_title":"","_kad_post_layout":"","_kad_post_sidebar_id":"","_kad_post_content_style":"","_kad_post_vertical_padding":"","_kad_post_feature":"","_kad_post_feature_position":"","_kad_post_header":false,"_kad_post_footer":false,"_kad_post_classname":"","footnotes":""},"categories":[168],"tags":[177,175],"class_list":["post-13523","post","type-post","status-publish","format-standard","has-post-thumbnail","hentry","category-podcast","tag-culture","tag-france","format-duo-hugo-ingrid"],"acf":[],"taxonomy_info":{"category":[{"value":168,"label":"Podcast"}],"post_tag":[{"value":177,"label":"Culture"},{"value":175,"label":"France"}],"format":[{"value":191,"label":"Duo Hugo &amp; Ingrid"}]},"featured_image_src_large":["https:\/\/innerfrench.com\/wp-content\/uploads\/2021\/10\/Lima-e1718021899929-750x406.jpg",750,406,true],"author_info":{"display_name":"Hugo &amp; Ingrid","author_link":"https:\/\/innerfrench.com\/author\/hugo_ingrid\/"},"comment_info":6,"category_info":[{"term_id":168,"name":"Podcast","slug":"podcast","term_group":0,"term_taxonomy_id":168,"taxonomy":"category","description":"","parent":0,"count":185,"filter":"raw","cat_ID":168,"category_count":185,"category_description":"","cat_name":"Podcast","category_nicename":"podcast","category_parent":0}],"tag_info":[{"term_id":177,"name":"Culture","slug":"culture","term_group":0,"term_taxonomy_id":177,"taxonomy":"post_tag","description":"","parent":0,"count":44,"filter":"raw"},{"term_id":175,"name":"France","slug":"france","term_group":0,"term_taxonomy_id":175,"taxonomy":"post_tag","description":"","parent":0,"count":100,"filter":"raw"}],"_links":{"self":[{"href":"https:\/\/innerfrench.com\/wp-json\/wp\/v2\/posts\/13523","targetHints":{"allow":["GET"]}}],"collection":[{"href":"https:\/\/innerfrench.com\/wp-json\/wp\/v2\/posts"}],"about":[{"href":"https:\/\/innerfrench.com\/wp-json\/wp\/v2\/types\/post"}],"author":[{"embeddable":true,"href":"https:\/\/innerfrench.com\/wp-json\/wp\/v2\/users\/17473"}],"replies":[{"embeddable":true,"href":"https:\/\/innerfrench.com\/wp-json\/wp\/v2\/comments?post=13523"}],"version-history":[{"count":3,"href":"https:\/\/innerfrench.com\/wp-json\/wp\/v2\/posts\/13523\/revisions"}],"predecessor-version":[{"id":293772,"href":"https:\/\/innerfrench.com\/wp-json\/wp\/v2\/posts\/13523\/revisions\/293772"}],"wp:featuredmedia":[{"embeddable":true,"href":"https:\/\/innerfrench.com\/wp-json\/wp\/v2\/media\/199183"}],"wp:attachment":[{"href":"https:\/\/innerfrench.com\/wp-json\/wp\/v2\/media?parent=13523"}],"wp:term":[{"taxonomy":"category","embeddable":true,"href":"https:\/\/innerfrench.com\/wp-json\/wp\/v2\/categories?post=13523"},{"taxonomy":"post_tag","embeddable":true,"href":"https:\/\/innerfrench.com\/wp-json\/wp\/v2\/tags?post=13523"},{"taxonomy":"format","embeddable":true,"href":"https:\/\/innerfrench.com\/wp-json\/wp\/v2\/format?post=13523"}],"curies":[{"name":"wp","href":"https:\/\/api.w.org\/{rel}","templated":true}]}}