{"id":18217,"date":"2022-03-06T16:36:02","date_gmt":"2022-03-06T15:36:02","guid":{"rendered":"https:\/\/innerfrench.com\/?p=18217"},"modified":"2025-09-29T10:26:38","modified_gmt":"2025-09-29T08:26:38","slug":"la-guerre-vue-par-les-ukrainiens","status":"publish","type":"post","link":"https:\/\/innerfrench.com\/la-guerre-vue-par-les-ukrainiens\/","title":{"rendered":"La guerre vue par les Ukrainiens"},"content":{"rendered":"\n<p>Salut \u00e0 toutes et \u00e0 tous, aujourd&#8217;hui on se retrouve pour un \u00e9pisode sp\u00e9cial, vous avez entendu qu&#8217;il n&#8217;a pas de num\u00e9ro. C&#8217;\u00e9tait Ingrid qui \u00e9tait cens\u00e9e faire cet \u00e9pisode mais \u00e0 cause des \u00e9v\u00e9nements r\u00e9cents en Ukraine, on a d\u00e9cid\u00e9 de changer notre planning \u00e9ditorial. D&#8217;ailleurs, excusez-moi si le podcast est un peu moins fluide que d&#8217;habitude. Je n&#8217;ai pas eu le temps d&#8217;\u00e9crire de script. Je vais improviser parce que je voulais sortir cet \u00e9pisode le plus vite possible. Je pense que le temps presse, comme on dit. Le temps presse, \u00e7a veut dire que quelque chose est urgent.<\/p>\n\n\n\n<p><a id=\"sonaar_ts-6927d44cdbcee\" class=\"srmp3_sonaar_ts_shortcode\"  style=\"\" href=\"javascript:sonaar_ts_shortcode({ trackid:'0', time:'00:00:50', ts_id:'6927d44cdbcee', play_icon:'' }) ;\">[00:00:50]<\/a> Alors, normalement, chez InnerFrench, on essaye d\u2019\u00e9viter les sujets d\u2019actualit\u00e9, parce qu&#8217;on n&#8217;est pas un m\u00e9dia d\u2019information. Nous, on traite plut\u00f4t des sujets de fond, des sujets structurels, en particulier ceux qui concernent la France, parce que je pense que je suis un peu plus l\u00e9gitime pour parler de \u00e7a et comme vous apprenez le fran\u00e7ais, je me dis que ce sont des sujets qui vous int\u00e9ressent.<\/p>\n\n\n\n<p><a id=\"sonaar_ts-6927d44cdbcfc\" class=\"srmp3_sonaar_ts_shortcode\"  style=\"\" href=\"javascript:sonaar_ts_shortcode({ trackid:'0', time:'00:01:19', ts_id:'6927d44cdbcfc', play_icon:'' }) ;\">[00:01:19]<\/a> Mais aujourd\u2019hui, je suis oblig\u00e9 de faire une exception pour vous parler de ce qui se passe en Ukraine. Alors, certains vont me demander pourquoi je le fais alors que je n\u2019ai pas parl\u00e9 de l\u2019Afghanistan, de la Syrie, du Y\u00e9men, de la Palestine ou encore de la Birmanie. Bien s\u00fbr, ces \u00e9v\u00e8nements sont importants et ils m\u00e9ritent aussi votre attention. Il se passe des choses graves dans ces pays. Mais je pense que \u00e7a n\u2019est pas le r\u00f4le de ce podcast. D\u2019ailleurs, j\u2019ai encore du mal \u00e0 me dire que ce podcast a un r\u00f4le. Au d\u00e9part, je l&#8217;ai cr\u00e9\u00e9 seulement pour vous aider \u00e0 apprendre le fran\u00e7ais, c&#8217;\u00e9tait son but, sa vocation. Mais au fur et \u00e0 mesure que l&#8217;audience grandissait, que vous \u00e9tiez de plus en plus nombreux \u00e0 l\u2019\u00e9couter, j\u2019ai commenc\u00e9 \u00e0 me dire inconsciemment qu\u2019il fallait que je traite des sujets plus importants. Des sujets plus importants par exemple que \u201cfaut-il se lever t\u00f4t ?\u201d, un des premiers sujets que j&#8217;ai trait\u00e9s. Peut-\u00eatre que j\u2019ai tort, peut-\u00eatre que vous pr\u00e9f\u00e9rez ces sujets plus l\u00e9gers. Mais voil\u00e0, je me suis dit que maintenant j&#8217;avais une sorte de responsabilit\u00e9 d&#8217;utiliser cette audience pour vous parler de sujets qui me tenaient \u00e0 c\u0153ur et qui me semblaient m\u00e9riter votre attention. Alors, \u00e0 chaque fois j\u2019essaye de le faire de la mani\u00e8re la plus honn\u00eate possible, mais comme vous le savez, je ne suis pas journaliste et en g\u00e9n\u00e9ral je ne suis pas non plus un expert dans ces domaines, par rapport aux sujets dont je vous parle. InnerFrench, ce n\u2019est pas, comme je le disais, un m\u00e9dia g\u00e9n\u00e9raliste comme RFI, que vous \u00e9coutez peut-\u00eatre avec leur journal en fran\u00e7ais facile. Non, InnerFrench c\u2019est un podcast fait par des profs de fran\u00e7ais passionn\u00e9s qui vous parlent de sujets qui leur tiennent \u00e0 c\u0153ur. C\u2019est pour \u00e7a qu\u2019aujourd\u2019hui, je vais vous parler de l\u2019Ukraine.<\/p>\n\n\n\n<p><a id=\"sonaar_ts-6927d44cdbd03\" class=\"srmp3_sonaar_ts_shortcode\"  style=\"\" href=\"javascript:sonaar_ts_shortcode({ trackid:'0', time:'00:03:22', ts_id:'6927d44cdbd03', play_icon:'' }) ;\">[00:03:22]<\/a> Vous avez \u00e9t\u00e9 nombreux \u00e0 nous \u00e9crire pour savoir si tout allait bien parce que vous savez qu\u2019une partie de l\u2019\u00e9quipe vit en Pologne (Ania et moi), et qu\u2019une guerre fait rage dans un pays voisin : l\u2019Ukraine.<\/p>\n\n\n\n<p><a id=\"sonaar_ts-6927d44cdbd09\" class=\"srmp3_sonaar_ts_shortcode\"  style=\"\" href=\"javascript:sonaar_ts_shortcode({ trackid:'0', time:'00:03:38', ts_id:'6927d44cdbd09', play_icon:'' }) ;\">[00:03:38]<\/a> Alors oui, en Pologne, tout va bien. Quand on marche dans les rues de Varsovie ou de Cracovie, c&#8217;est difficile d\u2019imaginer qu\u2019\u00e0 quelques centaines de kilom\u00e8tres, il y a d\u2019autres villes, des villes ukrainiennes, qui sont en train d\u2019\u00eatre d\u00e9truites par des bombardements. Bien s\u00fbr, quand on regarde d\u2019un peu plus pr\u00e8s, l\u00e0 on remarque que quelque chose est en train de se passer. Il y a des bus et des voitures remplies de personnes qui portent leurs valises et qui n&#8217;ont clairement pas l&#8217;air d&#8217;\u00eatre des touristes : des femmes avec leurs enfants qui ont des visages tristes et fatigu\u00e9s. Et l\u00e0 \u00e9videmment, je fais r\u00e9f\u00e9rence aux r\u00e9fug\u00e9s&#8230; aux r\u00e9fugi\u00e9s, pardon, ukrainiens. Ils sont d\u00e9j\u00e0 plus d\u2019un million \u00e0 avoir fui la guerre, et environ 700 000 d\u2019entre eux sont arriv\u00e9s en Pologne.<\/p>\n\n\n\n<p><a id=\"sonaar_ts-6927d44cdbd0e\" class=\"srmp3_sonaar_ts_shortcode\"  style=\"\" href=\"javascript:sonaar_ts_shortcode({ trackid:'0', time:'00:04:30', ts_id:'6927d44cdbd0e', play_icon:'' }) ;\">[00:04:30]<\/a> C\u2019est cette proximit\u00e9 qui m\u2019a pouss\u00e9 \u00e0 faire cet \u00e9pisode. Je sais que ce n\u2019est peut-\u00eatre pas juste vis-\u00e0-vis de tous les autres pays qui sont victimes de conflits tout aussi graves et dont je n\u2019ai jamais parl\u00e9 ici. Mais c\u2019est comme \u00e7a, l\u2019empathie n\u2019a pas besoin d\u2019\u00eatre rationnelle.<\/p>\n\n\n\n<p><a id=\"sonaar_ts-6927d44cdbd13\" class=\"srmp3_sonaar_ts_shortcode\"  style=\"\" href=\"javascript:sonaar_ts_shortcode({ trackid:'0', time:'00:04:50', ts_id:'6927d44cdbd13', play_icon:'' }) ;\">[00:04:50]<\/a> Alors, je ne vais pas vous faire une analyse de cet \u00e9v\u00e8nement. Il existe d\u00e9j\u00e0 des centaines d\u2019articles et de vid\u00e9os qui le font tr\u00e8s bien. Si vous n\u2019\u00eates vraiment pas familier avec ce sujet, il y a une vid\u00e9o du YouTuber Hugo D\u00e9crypte qui explique bien le contexte g\u00e9opolitique et les enjeux, donc je vous invite \u00e0 la regarder avant d\u2019\u00e9couter la suite de cet \u00e9pisode. Je vais mettre le lien d&#8217;ailleurs sur la page de l\u2019\u00e9pisode, sur InnerFrench.com.<\/p>\n\n\n\n<p><a id=\"sonaar_ts-6927d44cdbd18\" class=\"srmp3_sonaar_ts_shortcode\"  style=\"\" href=\"javascript:sonaar_ts_shortcode({ trackid:'0', time:'00:05:21', ts_id:'6927d44cdbd18', play_icon:'' }) ;\">[00:05:21]<\/a> Nous, l\u2019avantage qu\u2019on a chez innerFrench, c\u2019est qu\u2019on a des auditeurs dans le monde entier. Et \u00e9videmment, dans cette communaut\u00e9, il y a des Ukrainiens et des Ukrainiennes. Donc je me suis dit que le plus int\u00e9ressant de les \u00e9couter eux, de les laisser raconter la guerre comme ils la vivent.<\/p>\n\n\n\n<p><a id=\"sonaar_ts-6927d44cdbd1c\" class=\"srmp3_sonaar_ts_shortcode\"  style=\"\" href=\"javascript:sonaar_ts_shortcode({ trackid:'0', time:'00:05:41', ts_id:'6927d44cdbd1c', play_icon:'' }) ;\">[00:05:41]<\/a> J\u2019ai pu interviewer ou \u00e9changer des emails avec une quinzaine d\u2019entre eux. Et j\u2019ai appris beaucoup plus de choses en les \u00e9coutant qu\u2019avec tous les articles que j\u2019avais lus avant. Donc je les remercie de m\u2019avoir accord\u00e9 du temps, et j\u2019esp\u00e8re que leurs t\u00e9moignages vous permettront de mieux comprendre l\u2019urgence et la gravit\u00e9 de la situation.<\/p>\n\n\n\n<p><a id=\"sonaar_ts-6927d44cdbd21\" class=\"srmp3_sonaar_ts_shortcode\"  style=\"\" href=\"javascript:sonaar_ts_shortcode({ trackid:'0', time:'00:06:19', ts_id:'6927d44cdbd21', play_icon:'' }) ;\">[00:06:19]<\/a> Hugo : Dans la nuit du 23 au 24 f\u00e9vrier, l\u2019arm\u00e9e russe a lanc\u00e9 une offensive contre l\u2019Ukraine en bombardant des a\u00e9roports et des infrastructures militaires, et en envoyant des troupes au sol.<\/p>\n\n\n\n<p>On va \u00e9couter Lana nous raconter comment elle a v\u00e9cu le d\u00e9but de cette invasion. Lana a 25 ans, elle habite \u00e0 Odessa et avec son copain, elle a une agence qui cr\u00e9e des identit\u00e9s sonores pour des marques et des jeux vid\u00e9o.<\/p>\n\n\n\n<p><a id=\"sonaar_ts-6927d44cdbd2b\" class=\"srmp3_sonaar_ts_shortcode\"  style=\"\" href=\"javascript:sonaar_ts_shortcode({ trackid:'0', time:'00:06:48', ts_id:'6927d44cdbd2b', play_icon:'' }) ;\">[00:06:48]<\/a> Lana : Et puis \u00e0 5 heures du mat&#8217;, je me suis r\u00e9veill\u00e9e \u00e0 cause des sons d&#8217;explosion. Et tu sais, c&#8217;est le genre de son, quand tu les entends, et tu comprends ce qu&#8217;il se passe. Tu comprends que&#8230; Pardon. Je vais pas pleurer pour toutes les journ\u00e9es&#8230; Pardon&#8230;<\/p>\n\n\n\n<p><a id=\"sonaar_ts-6927d44cdbd30\" class=\"srmp3_sonaar_ts_shortcode\"  style=\"\" href=\"javascript:sonaar_ts_shortcode({ trackid:'0', time:'00:07:20', ts_id:'6927d44cdbd30', play_icon:'' }) ;\">[00:07:20]<\/a> Hugo : Pas de probl\u00e8me.<\/p>\n\n\n\n<p><a id=\"sonaar_ts-6927d44cdbd35\" class=\"srmp3_sonaar_ts_shortcode\"  style=\"\" href=\"javascript:sonaar_ts_shortcode({ trackid:'0', time:'00:07:23', ts_id:'6927d44cdbd35', play_icon:'' }) ;\">[00:07:23]<\/a> Lana : Et donc, tu les entends, et tu comprends que c&#8217;est d\u00e9j\u00e0, \u00e7a y est, c&#8217;est la guerre.<\/p>\n\n\n\n<p><a id=\"sonaar_ts-6927d44cdbd3a\" class=\"srmp3_sonaar_ts_shortcode\"  style=\"\" href=\"javascript:sonaar_ts_shortcode({ trackid:'0', time:'00:07:27', ts_id:'6927d44cdbd3a', play_icon:'' }) ;\">[00:07:27]<\/a> Hugo : Je pense qu\u2019en entendant Lana, on se rend compte du choc qu\u2019on doit ressentir quand on est r\u00e9veill\u00e9 par le bruit des bombes. Moi, je n\u2019ai jamais entendu de bombe exploser. Je ne suis pas s\u00fbr que je comprendrais imm\u00e9diatement de quoi il s\u2019agit. Mais pour Lana et ses compatriotes, ce matin du 24 f\u00e9vrier, il n\u2019y avait pas de doute possible. \u00c7a faisait d\u00e9j\u00e0 plusieurs semaines que Vladimir Poutine les mena\u00e7ait, qu\u2019il mena\u00e7ait d\u2019attaquer l\u2019Ukraine. C\u2019est ce que nous rappelle Olga, une musicienne et prof de fran\u00e7ais de 33 ans.<\/p>\n\n\n\n<p><a id=\"sonaar_ts-6927d44cdbd3e\" class=\"srmp3_sonaar_ts_shortcode\"  style=\"\" href=\"javascript:sonaar_ts_shortcode({ trackid:'0', time:'00:08:00', ts_id:'6927d44cdbd3e', play_icon:'' }) ;\">[00:08:00]<\/a> Olga : On attendait tous que quelque chose allait nous arriver. Mais on ne pouvait jamais croire que ce serait comme \u00e7a, que ce serait comme \u00e7a : en m\u00eame temps, dans tous les coins de l&#8217;Ukraine, en m\u00eame temps partout, dans la nuit, \u00e0 5 heures du matin. Donc on pensait que quelque chose allait nous arriver, mais nous avons tous dit que de toute fa\u00e7on \u00e7a va peut-\u00eatre de nouveau commencer \u00e0 l&#8217;est et puis peut-\u00eatre&#8230; puis l\u00e0 on verra, etc. Mais en fait non, c&#8217;\u00e9tait 5 heures du matin, \u00e7a a commenc\u00e9 partout en m\u00eame temps. Les bombes ont commenc\u00e9 juste \u00e0 tomber \u00e0 Kyiv et partout.<\/p>\n\n\n\n<p><a id=\"sonaar_ts-6927d44cdbd43\" class=\"srmp3_sonaar_ts_shortcode\"  style=\"\" href=\"javascript:sonaar_ts_shortcode({ trackid:'0', time:'00:08:41', ts_id:'6927d44cdbd43', play_icon:'' }) ;\">[00:08:41]<\/a> Hugo : Donc Olga nous dit que m\u00eame si les Ukrainiens s\u2019attendaient \u00e0 une attaque, ils ont \u00e9t\u00e9 surpris par son ampleur. Ils ne s\u2019attendaient pas \u00e0 ce que l\u2019arm\u00e9e russe attaque leur territoire dans toutes les directions. Mais ce n\u2019est pas juste l\u2019ampleur de l\u2019attaque qui les a surpris. Tous les Ukrainiens \u00e0 qui j\u2019ai parl\u00e9 m\u2019ont dit \u00e0 quel point cette situation leur semblait irr\u00e9elle.<\/p>\n\n\n\n<p><a id=\"sonaar_ts-6927d44cdbd47\" class=\"srmp3_sonaar_ts_shortcode\"  style=\"\" href=\"javascript:sonaar_ts_shortcode({ trackid:'0', time:'00:09:04', ts_id:'6927d44cdbd47', play_icon:'' }) ;\">[00:09:04]<\/a> Daria : quand je dis que je me suis r\u00e9veill\u00e9e \u00e0 cause des bombardements, je ne le croyais m\u00eame pas parce que j&#8217;avais beaucoup de r\u00eaves comme \u00e7a. Oui, quand je dormais, que &#8220;\u00e7a commence ! \u00c7a commence !&#8221;. Puisque j&#8217;habite \u00e0 c\u00f4t\u00e9 de l&#8217;a\u00e9roport, il y a beaucoup d&#8217;avions qui volent \u00e0 c\u00f4t\u00e9, il y a le son sp\u00e9cifique et chaque fois je me disais : &#8220;\u00e7a commence ! \u00c7a commence !&#8221;. Mais c&#8217;\u00e9tait pas vrai, c&#8217;\u00e9tait juste les avions. Mais cette situation stressante et tendue, elle \u00e9tait je pense depuis deux ou trois mois. Mais bien s\u00fbr que chaque Ukrainien se disait : &#8220;mais bon \u00e7a va aller, nous sommes dans le monde civilis\u00e9, ce n&#8217;est pas possible qu&#8217;un pays voisin peut attaquer l&#8217;autre violemment, ce n&#8217;est pas possible. Mais du coup c&#8217;\u00e9tait vrai. Et donc, on s&#8217;y attendait, on peut dire, mais bien s\u00fbr que personne ne pouvait y croire vraiment parce qu&#8217;au 21e si\u00e8cle, \u00e0 l&#8217;\u00e9poque d&#8217;Internet et d&#8217;Elon Musk qui lance, je sais pas, qui invente des nouvelles technologies, que quelqu&#8217;un peut agir de mani\u00e8re si barbare. Ouais, c&#8217;\u00e9tait difficile d&#8217;y croire.<\/p>\n\n\n\n<p><a id=\"sonaar_ts-6927d44cdbd4c\" class=\"srmp3_sonaar_ts_shortcode\"  style=\"\" href=\"javascript:sonaar_ts_shortcode({ trackid:'0', time:'00:10:21', ts_id:'6927d44cdbd4c', play_icon:'' }) ;\">[00:10:21]<\/a> Hugo : L\u00e0, on vient d\u2019entendre Daria, elle a 25 ans. Avant la guerre, elle habitait \u00e0 Kyiv mais elle a d\u00fb se r\u00e9fugier dans l\u2019ouest du pays au d\u00e9but du conflit. Comme elle, beaucoup d\u2019Ukrainiens ont encore du mal \u00e0 comprendre comment un tel \u00e9v\u00e8nement a pu se produire au XXI\u00e8me si\u00e8cle, dans un pays ind\u00e9pendant qui est aux portes de l\u2019Union europ\u00e9enne.<\/p>\n\n\n\n<p><a id=\"sonaar_ts-6927d44cdbd51\" class=\"srmp3_sonaar_ts_shortcode\"  style=\"\" href=\"javascript:sonaar_ts_shortcode({ trackid:'0', time:'00:10:44', ts_id:'6927d44cdbd51', play_icon:'' }) ;\">[00:10:44]<\/a> Je ne peux pas me mettre \u00e0 la place des Ukrainiens, mais je vous avoue que pour moi aussi, cette invasion semble irr\u00e9elle. J\u2019ai pass\u00e9 des vacances en Ukraine il y a six ans, je suis all\u00e9 \u00e0 Kyiv et Odessa. C\u2019\u00e9tait apr\u00e8s les \u00e9v\u00e8nements de Ma\u00efdan, mais les gens vivaient comme dans d\u2019autres grandes villes europ\u00e9ennes. Donc quand je vois ces sc\u00e8nes de guerre dans les rues dans lesquelles je me suis promen\u00e9 avec des amis il y a seulement quelques ann\u00e9es, \u00e7a me semble \u00e0 la fois proche et irr\u00e9el.<\/p>\n\n\n\n<p>Une fois le choc de l\u2019invasion pass\u00e9, les Ukrainiens ont d\u00fb rapidement r\u00e9agir. Comme Daria, beaucoup de ceux qui vivaient dans la capitale ont d\u00e9cid\u00e9 de partir pour \u00e9chapper aux bombardements. C\u2019est aussi ce qu\u2019a fait Olga.<\/p>\n\n\n\n<p><a id=\"sonaar_ts-6927d44cdbd55\" class=\"srmp3_sonaar_ts_shortcode\"  style=\"\" href=\"javascript:sonaar_ts_shortcode({ trackid:'0', time:'00:11:28', ts_id:'6927d44cdbd55', play_icon:'' }) ;\">[00:11:28]<\/a> Olga : Et maintenant, je suis, bah je peux dire que je suis r\u00e9fugi\u00e9e, dans mon pays, parce que l\u00e0 o\u00f9 j&#8217;habitais il y a huit jours, c&#8217;est une banlieue de Kyiv qui s&#8217;appelle Irpin, et l\u00e0 hier matin j&#8217;ai vu dans les nouvelles que ma maison \u00e9tait d\u00e9truite, en fait, par les avions.<\/p>\n\n\n\n<p><a id=\"sonaar_ts-6927d44cdbd5a\" class=\"srmp3_sonaar_ts_shortcode\"  style=\"\" href=\"javascript:sonaar_ts_shortcode({ trackid:'0', time:'00:11:49', ts_id:'6927d44cdbd5a', play_icon:'' }) ;\">[00:11:49]<\/a> Hugo : Juste avant de parler \u00e0 Olga, j\u2019avais vu les images des immeubles bombard\u00e9s \u00e0 Irpin. Pour moi, c\u2019\u00e9tait des images de b\u00e2timents d\u00e9truits comme on en voit assez souvent aux informations, mais pour elle, c\u2019\u00e9tait sa maison. Mettez-vous \u00e0 la place d\u2019Olga une seconde. Vous allumez la t\u00e9l\u00e9vision le matin pour regarder les informations, et vous voyez des images de votre appartement qui a \u00e9t\u00e9 d\u00e9truit par des bombes. \u00c9videmment, on est content d\u2019y avoir \u00e9chapp\u00e9, mais je n\u2019imagine pas ce qu\u2019on doit ressentir \u00e0 ce moment-l\u00e0.<\/p>\n\n\n\n<p>Bien s\u00fbr, tous les Ukrainiens ne sont pas partis de Kyiv. Il y en a qui n\u2019ont pas de voitures, et il est tr\u00e8s difficile de trouver un billet de train ou de car pour quitter les grandes villes. Alors, comment vivent les gens qui sont encore l\u00e0-bas ? C\u2019est ce que va nous raconter Nicolas, un jeune lyc\u00e9en de 17 ans.<\/p>\n\n\n\n<p><a id=\"sonaar_ts-6927d44cdbd68\" class=\"srmp3_sonaar_ts_shortcode\"  style=\"\" href=\"javascript:sonaar_ts_shortcode({ trackid:'0', time:'00:12:39', ts_id:'6927d44cdbd68', play_icon:'' }) ;\">[00:12:39]<\/a> Nicolas : Parce que maintenant dans les grandes villes de l&#8217;Ukraine, les civils sont forc\u00e9s de vivre dans les sous-sols, sans \u00e9lectricit\u00e9 ni eau.<\/p>\n\n\n\n<p><a id=\"sonaar_ts-6927d44cdbd6d\" class=\"srmp3_sonaar_ts_shortcode\"  style=\"\" href=\"javascript:sonaar_ts_shortcode({ trackid:'0', time:'00:12:51', ts_id:'6927d44cdbd6d', play_icon:'' }) ;\">[00:12:51]<\/a> Hugo : Vous avez s\u00fbrement vu ces images des stations de m\u00e9tro de Kyiv qui ont \u00e9t\u00e9 transform\u00e9es en abri anti-bombes. Un abri, c\u2019est un endroit pour se prot\u00e9ger. D\u2019ailleurs, il existe le verbe \u00abs\u2019abriter\u00bb, se prot\u00e9ger de quelque chose. Quand il pleut, on s\u2019abrite pour \u00e9viter la pluie. Depuis le 24 f\u00e9vrier, les Ukrainiens s\u2019abritent pour se prot\u00e9ger des bombes. Ils vivent dans le m\u00e9tro, dans les caves ou les sous-sol de leurs immeubles. Et comme le dit Daria, il y a m\u00eame des femmes enceintes qui doivent accoucher dans ces conditions.<\/p>\n\n\n\n<p><a id=\"sonaar_ts-6927d44cdbd72\" class=\"srmp3_sonaar_ts_shortcode\"  style=\"\" href=\"javascript:sonaar_ts_shortcode({ trackid:'0', time:'00:13:25', ts_id:'6927d44cdbd72', play_icon:'' }) ;\">[00:13:25]<\/a> Daria : Il y a des gens qui passent un jour, deux jours, trois jours par la suite dans la cave. Il y a des femmes qui accouchent dans les sous-sols, dans les abris.<\/p>\n\n\n\n<p><a id=\"sonaar_ts-6927d44cdbd7b\" class=\"srmp3_sonaar_ts_shortcode\"  style=\"\" href=\"javascript:sonaar_ts_shortcode({ trackid:'0', time:'00:13:37', ts_id:'6927d44cdbd7b', play_icon:'' }) ;\">[00:13:37]<\/a> Hugo : Malheureusement, s\u2019abriter dans les stations de m\u00e9tro et les sous-sols ne suffit pas toujours. Apr\u00e8s cette premi\u00e8re semaine de conflit, le gouvernement ukrainien a indiqu\u00e9 que 2000 civils ont \u00e9t\u00e9 tu\u00e9s. De plus en plus d\u2019Ukrainiens consid\u00e8rent que les attaques de l\u2019arm\u00e9e russe sont en r\u00e9alit\u00e9 des attentats, comme le dit Daria :<\/p>\n\n\n\n<p><a id=\"sonaar_ts-6927d44cdbd80\" class=\"srmp3_sonaar_ts_shortcode\"  style=\"\" href=\"javascript:sonaar_ts_shortcode({ trackid:'0', time:'00:13:57', ts_id:'6927d44cdbd80', play_icon:'' }) ;\">[00:13:57]<\/a> Daria : Ce qui se passe maintenant, je peux le dire, ce sont des attentats, parce qu&#8217;ils attaquent les orphelinats, les \u00e9coles maternelles. Il y a des enfants, des petits enfants qui sont morts, c&#8217;est horrible. Je peux dire que ce sont des attentats, m\u00eame pas la guerre.<\/p>\n\n\n\n<p><a id=\"sonaar_ts-6927d44cdbd85\" class=\"srmp3_sonaar_ts_shortcode\"  style=\"\" href=\"javascript:sonaar_ts_shortcode({ trackid:'0', time:'00:14:14', ts_id:'6927d44cdbd85', play_icon:'' }) ;\">[00:14:14]<\/a> Hugo : Et depuis quelques jours, on parle m\u00eame d\u2019un risque nucl\u00e9aire parce que l\u2019arm\u00e9e russe essaye de prendre le contr\u00f4le des centrales nucl\u00e9aires du pays. Dans la nuit du 3 au 4 mars, elle a provoqu\u00e9 un incendie dans la centrale d\u2019Enerhodar, une centrale qui a six r\u00e9acteurs nucl\u00e9aires alors qu\u2019\u00e0 titre de comparaison, la centrale de Tchernobyle n\u2019en avait qu\u2019un. De nombreux experts internationaux ont sonn\u00e9 l\u2019alarme pour dire \u00e0 quel point cette situation est dangereuse.<\/p>\n\n\n\n<p><a id=\"sonaar_ts-6927d44cdbd8a\" class=\"srmp3_sonaar_ts_shortcode\"  style=\"\" href=\"javascript:sonaar_ts_shortcode({ trackid:'0', time:'00:14:58', ts_id:'6927d44cdbd8a', play_icon:'' }) ;\">[00:14:58]<\/a> Hugo : En voyant tout \u00e7a, on se demande pourquoi il n\u2019y a pas plus d\u2019Ukrainiens qui ont fui leur pays. \u00c0 l\u2019heure o\u00f9 j\u2019enregistre cet \u00e9pisode, le samedi 5 mars, 1,3 millions de personnes ont quitt\u00e9 l\u2019Ukraine, sur 44 millions d\u2019habitants, soit environ 3%.<\/p>\n\n\n\n<p>Bien s\u00fbr, comme je vous l\u2019ai dit, c\u2019est tr\u00e8s difficile de quitter le pays en ce moment. D\u00e9j\u00e0, parce que les hommes qui sont en \u00e2ge de se battre ont l\u2019obligation de rester. C\u2019est pour \u00e7a que Lana et sa m\u00e8re ne sont pas parties.<\/p>\n\n\n\n<p><a id=\"sonaar_ts-6927d44cdbd8e\" class=\"srmp3_sonaar_ts_shortcode\"  style=\"\" href=\"javascript:sonaar_ts_shortcode({ trackid:'0', time:'00:15:29', ts_id:'6927d44cdbd8e', play_icon:'' }) ;\">[00:15:29]<\/a> Lana : On a lu que c&#8217;est d\u00e9j\u00e0 la mobilisation totale, donc les hommes ne peuvent pas traverser les fronti\u00e8res. Et ma m\u00e8re, ma s\u0153ur et moi, qui ne sommes pas des hommes, on ne veut pas vraiment les laisser ici. Parce que je n&#8217;imagine pas, tu sais. Je n&#8217;imagine pas laisser mon p\u00e8re, mon partenaire.<\/p>\n\n\n\n<p><a id=\"sonaar_ts-6927d44cdbd94\" class=\"srmp3_sonaar_ts_shortcode\"  style=\"\" href=\"javascript:sonaar_ts_shortcode({ trackid:'0', time:'00:16:05', ts_id:'6927d44cdbd94', play_icon:'' }) ;\">[00:16:05]<\/a> Hugo : Mais ce n\u2019est pas toujours \u00e0 cause des hommes. Pour Yuliana, une \u00e9tudiante de 23 ans, c\u2019est sa m\u00e8re qu\u2019elle ne veut pas abandonner. Et pour Alina, une professeur qui vit pr\u00e8s de la capitale, ce sont ses animaux qui rendent le voyage un peu difficile.<\/p>\n\n\n\n<p><a id=\"sonaar_ts-6927d44cdbd9e\" class=\"srmp3_sonaar_ts_shortcode\"  style=\"\" href=\"javascript:sonaar_ts_shortcode({ trackid:'0', time:'00:16:21', ts_id:'6927d44cdbd9e', play_icon:'' }) ;\">[00:16:21]<\/a> Hugo : Et pourquoi tu as d\u00e9cid\u00e9 de rester ?<\/p>\n\n\n\n<p><a id=\"sonaar_ts-6927d44cdbda3\" class=\"srmp3_sonaar_ts_shortcode\"  style=\"\" href=\"javascript:sonaar_ts_shortcode({ trackid:'0', time:'00:16:25', ts_id:'6927d44cdbda3', play_icon:'' }) ;\">[00:16:25]<\/a> Yuliana : Parce que ma maison est ici, ma maman est ici aussi. Elle ne voulait pas quitter notre pays et moi je ne veux pas aller quelque part et laisser ma maman.<\/p>\n\n\n\n<p><a id=\"sonaar_ts-6927d44cdbda8\" class=\"srmp3_sonaar_ts_shortcode\"  style=\"\" href=\"javascript:sonaar_ts_shortcode({ trackid:'0', time:'00:16:38', ts_id:'6927d44cdbda8', play_icon:'' }) ;\">[00:16:38]<\/a> Alina : J&#8217;ai d\u00e9cid\u00e9 de rester l\u00e0 parce que c&#8217;est tr\u00e8s difficile d&#8217;aller \u00e0 la fronti\u00e8re. C&#8217;est tr\u00e8s tr\u00e8s difficile. Et j&#8217;ai les animaux. Je ne peux pas quitter mes animaux, c&#8217;est impossible.<\/p>\n\n\n\n<p><a id=\"sonaar_ts-6927d44cdbdac\" class=\"srmp3_sonaar_ts_shortcode\"  style=\"\" href=\"javascript:sonaar_ts_shortcode({ trackid:'0', time:'00:16:59', ts_id:'6927d44cdbdac', play_icon:'' }) ;\">[00:16:59]<\/a> Hugo : Mais si autant d\u2019Ukrainiens et d&#8217;Ukrainiennes ont d\u00e9cid\u00e9 de rester, ce n\u2019est pas seulement \u00e0 cause de probl\u00e8mes logistiques ni pour rester avec leur famille.<\/p>\n\n\n\n<p>Il me semble vous avoir d\u00e9j\u00e0 dit dans un \u00e9pisode que pendant mes cours d\u2019histoire \u00e0 l\u2019\u00e9cole, je me demandais souvent pourquoi les gens ne quittaient pas leur pays \u00e0 l\u2019approche d\u2019une guerre, dans un r\u00e9flexe de survie. Il y a toujours des signes annonciateurs, des choses qui peuvent nous laisser penser qu\u2019une guerre est imminente. Alors pourquoi ne pas fuir avant que \u00e7a n\u2019arrive ?<\/p>\n\n\n\n<p><a id=\"sonaar_ts-6927d44cdbdb0\" class=\"srmp3_sonaar_ts_shortcode\"  style=\"\" href=\"javascript:sonaar_ts_shortcode({ trackid:'0', time:'00:17:28', ts_id:'6927d44cdbdb0', play_icon:'' }) ;\">[00:17:28]<\/a> Je ne sais pas si c\u2019est juste moi ou un r\u00e9flexe fran\u00e7ais. C\u2019est vrai que depuis la 2\u00e8me guerre mondiale, on est connus pour sortir le drapeau blanc assez vite. Mais peut-\u00eatre que si la France \u00e9tait attaqu\u00e9e, je r\u00e9agirais diff\u00e9remment, peut-\u00eatre que j\u2019aurais envie de prendre les armes pour la d\u00e9fendre. C\u2019est ce que font les Ukrainiens. Ils ont d\u00e9cid\u00e9 de rester pour se battre pour leur pays, comme me l\u2019a dit Fr\u00e9d\u00e9ric, un jeune prof d\u2019anglais fan de Victor Hugo.<\/p>\n\n\n\n<p><a id=\"sonaar_ts-6927d44cdbdb5\" class=\"srmp3_sonaar_ts_shortcode\"  style=\"\" href=\"javascript:sonaar_ts_shortcode({ trackid:'0', time:'00:17:57', ts_id:'6927d44cdbdb5', play_icon:'' }) ;\">[00:17:57]<\/a> Fr\u00e9d\u00e9ric : Ma premi\u00e8re r\u00e9action \u00e9tait de partir, juste partir de l&#8217;Ukraine parce que&#8230; Mais apr\u00e8s, j&#8217;ai pens\u00e9 que non. Non, je reste ici. Je reste ici. Je pouvais, et encore, je peux envoyer ma femme, mais elle m&#8217;a dit qu&#8217;elle reste avec moi. Donc peut-\u00eatre qu&#8217;on va rester. Je ne veux pas partir parce qu&#8217;il y a beaucoup de gens qui d\u00e9fendent l&#8217;Ukraine, et moi je veux \u00eatre parmi eux parce que c&#8217;est ma terre. Pourquoi je dois partir ?<\/p>\n\n\n\n<p><a id=\"sonaar_ts-6927d44cdbdba\" class=\"srmp3_sonaar_ts_shortcode\"  style=\"\" href=\"javascript:sonaar_ts_shortcode({ trackid:'0', time:'00:18:47', ts_id:'6927d44cdbdba', play_icon:'' }) ;\">[00:18:47]<\/a> Hugo : Mais pourquoi Vladimir Poutine a-t-il d\u00e9cid\u00e9 d\u2019envahir l\u2019Ukraine ? Selon lui, il ne s\u2019agit pas d\u2019une guerre mais, je cite, d\u2019une \u00ab op\u00e9ration militaire sp\u00e9ciale pour d\u00e9militariser et d\u00e9nazifier l\u2019Ukraine \u00bb. Le pr\u00e9sident russe consid\u00e8re que le gouvernement ukrainien est compos\u00e9 de nationalistes qu\u2019il compare \u00e0 des nazis.<\/p>\n\n\n\n<p>Pour comprendre son raisonnement, il faut conna\u00eetre un peu l\u2019histoire et la g\u00e9ographie de l\u2019Ukraine. Pour faire simple, la partie est de l\u2019Ukraine est proche de la Russie et une grande partie de ses habitants ont le russe comme langue maternelle, alors qu\u2019\u00e0 l\u2019ouest, les gens parlent plut\u00f4t l\u2019ukrainien. Et Poutine dit que les Ukrainiens russophones sont pers\u00e9cut\u00e9s par les nationalistes. Donc j\u2019ai demand\u00e9 \u00e0 Daria si les Ukrainiens de l\u2019est sont vraiment diff\u00e9rents de ceux de l\u2019ouest.<\/p>\n\n\n\n<p><a id=\"sonaar_ts-6927d44cdbdbe\" class=\"srmp3_sonaar_ts_shortcode\"  style=\"\" href=\"javascript:sonaar_ts_shortcode({ trackid:'0', time:'00:19:43', ts_id:'6927d44cdbdbe', play_icon:'' }) ;\">[00:19:43]<\/a> Daria : Oui, c&#8217;est vrai qu&#8217;il y a une diff\u00e9rence entre nous, je ne veux pas le nier. Parce qu&#8217;historiquement, oui si on plonge dans l&#8217;Histoire, notre pays \u00e9tait divis\u00e9, d\u00e9chir\u00e9, entre les \u00c9tats diff\u00e9rents. Il y avait une partie de l&#8217;Ukraine qui \u00e9tait sous la Pologne, sous la Roumanie, sous l&#8217;Empire russe, etc, etc. Mais moi je viens de l&#8217;Ukraine de l&#8217;Est, c&#8217;est Soumy, c&#8217;est la ville qui se trouve vraiment pas loin de la fronti\u00e8re avec la Russie. Et jamais personne de ma vie ne voulait \u00eatre membre de la Russie. Parce que nous connaissons tr\u00e8s bien notre Histoire, vraiment tr\u00e8s bien. Nous savons que nous sommes Ukrainiens. Nous connaissons tr\u00e8s bien notre langue. M\u00eame si c&#8217;est vrai qu&#8217;\u00e0 Soumy, c&#8217;est la ville o\u00f9 on parle russe, c&#8217;est vrai. Mais tout le monde conna\u00eet l&#8217;ukrainien. Tout le monde sait l&#8217;utiliser. Je veux dire, si nous parlons des institutions formelles, les documents, tout \u00e7a c&#8217;est en ukrainien. Tout le monde sait l&#8217;utiliser. Mais en m\u00eame temps personne n&#8217;\u00e9tait jamais discrimin\u00e9 par &#8220;tu parles russe, comment \u00e7a ?&#8221;. Non, si tu veux tu parles russe. J&#8217;ai des amis qui parlent ukrainien vivant \u00e0 Soumy, ils n&#8217;avaient jamais aucun probl\u00e8me.<\/p>\n\n\n\n<p><a id=\"sonaar_ts-6927d44cdbdc6\" class=\"srmp3_sonaar_ts_shortcode\"  style=\"\" href=\"javascript:sonaar_ts_shortcode({ trackid:'0', time:'00:21:18', ts_id:'6927d44cdbdc6', play_icon:'' }) ;\">[00:21:18]<\/a> Donc pour nous, oui, nous acceptons le fait que nous parlons beaucoup de langues : par exemple, \u00e0 l&#8217;Ouest de l&#8217;Ukraine il y a des gens qui parlent roumain, c&#8217;est vrai, m\u00eame s&#8217;ils sont Ukrainiens, ils habitent en Ukraine. Mais ils parlent roumain parce qu&#8217;historiquement ils habitent \u00e0 la fronti\u00e8re avec la Roumanie, et leurs grands-p\u00e8res parlaient roumain, eux ils parlent roumain. En m\u00eame temps, ils connaissent bien l&#8217;ukrainien, ils l&#8217;utilisent un peu partout si nous parlons des trucs officiels. Mais historiquement, c&#8217;est comme \u00e7a.<\/p>\n\n\n\n<p><a id=\"sonaar_ts-6927d44cdbdcb\" class=\"srmp3_sonaar_ts_shortcode\"  style=\"\" href=\"javascript:sonaar_ts_shortcode({ trackid:'0', time:'00:21:50', ts_id:'6927d44cdbdcb', play_icon:'' }) ;\">[00:21:50]<\/a> Donc le fait qu&#8217;\u00e0 l&#8217;est il y a des gens qui parlent russe, \u00e7a ne veut pas dire qu&#8217;ils ne comprennent pas qu&#8217;ils sont ukrainiens et qui veulent vivre en Ukraine, en Ukraine ind\u00e9pendante, en Ukraine souveraine. Et personne n&#8217;attendait jamais Poutine qui devrait les sauver ou je ne sais pas quoi.<\/p>\n\n\n\n<p><a id=\"sonaar_ts-6927d44cdbdcf\" class=\"srmp3_sonaar_ts_shortcode\"  style=\"\" href=\"javascript:sonaar_ts_shortcode({ trackid:'0', time:'00:22:10', ts_id:'6927d44cdbdcf', play_icon:'' }) ;\">[00:22:10]<\/a> M\u00eame les gens du Donetsk et Louhansk, ce territoire du Donbass, on dit qu&#8217;ils attendaient Poutine et tout \u00e7a, mais en fait c&#8217;est pas vrai. C&#8217;est juste que le temps \u00e9tait instable. C&#8217;\u00e9tait juste apr\u00e8s la R\u00e9volution en Ukraine. Et vous comprenez ce que c&#8217;est la R\u00e9volution, les gens \u00e9taient choqu\u00e9s, ils ne savaient pas quoi faire. Ils ne comprenaient pas qui fait quoi. Et pendant ce temps instable, Poutine a profit\u00e9 de cette situation et il a envahi ce territoire. Mais je sais, ma tante vient du Donetsk, j&#8217;ai beaucoup d&#8217;amis qui habitent \u00e0 Kyiv mais qui sont r\u00e9fugi\u00e9s. Ils ne voulaient pas vivre sous ce r\u00e9gime parce que pendant ces huit ans l\u00e0-bas, vraiment c&#8217;est une calamit\u00e9 : il n&#8217;y a pas de r\u00e8gles, il n&#8217;y a pas de normes, les gens peuvent \u00eatre agress\u00e9s, viol\u00e9s dans la rue, par le r\u00e9gime russe. Et beaucoup de gens, ils sont maintenant r\u00e9fugi\u00e9s partout en Ukraine, \u00e0 Kyiv, \u00e0 Lviv, \u00e0 Odessa, \u00e0 Soumy, il y a beaucoup de r\u00e9fugi\u00e9s du Donbass. Et personne n&#8217;attendait Poutine. Et c&#8217;est juste la propagande russe qui le dit. Et maintenant, d&#8217;ailleurs, vous pouvez le voir, il n&#8217;y a aucune ville, aucune ville o\u00f9 on rencontre Poutine, l&#8217;arm\u00e9e russe, avec des fleurs ou des trucs comme \u00e7a. Personne ne l&#8217;attend. Tout le monde r\u00e9siste. Chaque ville. M\u00eame la toute petite ville, dans ma r\u00e9gion, Soumy je ne sais pas si vous avez entendu, il y a Okhtyrka et Konotop. Ce sont des petites petites villes, vraiment tr\u00e8s petites, mais elles r\u00e9sistent comme des lions. Ils ne laissent pas l&#8217;arm\u00e9e russe entrer sur leur territoire. Toute la population sort dans la rue, arr\u00eate des tanks, sans avoir des armes, juste comme \u00e7a. Personne ne l&#8217;attend, personne ne veut qu&#8217;ils entrent sur notre territoire.<\/p>\n\n\n\n<p><a id=\"sonaar_ts-6927d44cdbdd4\" class=\"srmp3_sonaar_ts_shortcode\"  style=\"\" href=\"javascript:sonaar_ts_shortcode({ trackid:'0', time:'00:24:18', ts_id:'6927d44cdbdd4', play_icon:'' }) ;\">[00:24:18]<\/a> Hugo : Parmi les Ukrainiens et les Ukrainiennes que j\u2019ai interview\u00e9s, plusieurs \u00e9taient russophones. Donc je leur ai demand\u00e9 \u00e0 eux aussi ce qu\u2019ils pensaient de l\u2019argument de Poutine. Voil\u00e0 ce qu\u2019ils m\u2019ont r\u00e9pondu.<\/p>\n\n\n\n<p><a id=\"sonaar_ts-6927d44cdbddb\" class=\"srmp3_sonaar_ts_shortcode\"  style=\"\" href=\"javascript:sonaar_ts_shortcode({ trackid:'0', time:'00:24:30', ts_id:'6927d44cdbddb', play_icon:'' }) ;\">[00:24:30]<\/a> Mykyta : La raison pour laquelle Poutine essaye de prendre le contr\u00f4le de l&#8217;Ukraine, c&#8217;est de prot\u00e9ger la population russophone. C&#8217;est-\u00e0-dire prot\u00e9ger la population russophone ? Mais je peux dire que j&#8217;ai parl\u00e9 russe toute ma vie et personne n&#8217;a jamais port\u00e9 atteinte \u00e0 mes droits russophones. Donc je pense que c&#8217;est juste un pr\u00e9texte pour Poutine d&#8217;envahir l&#8217;Ukraine.<\/p>\n\n\n\n<p><a id=\"sonaar_ts-6927d44cdbde0\" class=\"srmp3_sonaar_ts_shortcode\"  style=\"\" href=\"javascript:sonaar_ts_shortcode({ trackid:'0', time:'00:25:07', ts_id:'6927d44cdbde0', play_icon:'' }) ;\">[00:25:07]<\/a> Oleksandra : Historiquement, il y a la partie de l&#8217;Ukraine qui parle russe. Moi aussi parce que je suis n\u00e9e dans la r\u00e9gion du Donbass, o\u00f9 le conflit a commenc\u00e9 en 2014. Mais tous on apprend l&#8217;ukrainien \u00e0 l&#8217;\u00e9cole. Je peux parler russe dans la rue, personne ne viole mes droits. Mais l&#8217;ukrainien, \u00e7a reste toujours la langue officielle. Donc il n&#8217;y a aucun trait de nazisme ici en Ukraine. C&#8217;est tout \u00e0 fait faux.<\/p>\n\n\n\n<p><a id=\"sonaar_ts-6927d44cdbde4\" class=\"srmp3_sonaar_ts_shortcode\"  style=\"\" href=\"javascript:sonaar_ts_shortcode({ trackid:'0', time:'00:25:44', ts_id:'6927d44cdbde4', play_icon:'' }) ;\">[00:25:44]<\/a> Hugo : L\u00e0, vous venez d\u2019entendre Mykyta, un \u00e9tudiant de Kyiv et Oleksandra, une autre prof de fran\u00e7ais. Selon eux, et tous les Ukrainiens \u00e0 qui j\u2019ai parl\u00e9, l\u2019argument de Poutine concernant la pers\u00e9cution des russophones n\u2019\u00e9tait qu\u2019un pr\u00e9texte. C&#8217;\u00e9tait seulement un pr\u00e9texte. De nombreux experts internationaux pensent la m\u00eame chose. Ils disent que Poutine a d\u00e9cid\u00e9 d\u2019attaquer l\u2019Ukraine pour des raisons g\u00e9ostrat\u00e9giques, notamment pour prendre possession des ressources naturelles du pays.<\/p>\n\n\n\n<p>Le point positif dans tout \u00e7a, c\u2019est que Poutine a r\u00e9ussi \u00e0 unir toute l\u2019Ukraine contre lui. Toutes les personnes que j\u2019ai interview\u00e9es m\u2019ont dit que la solidarit\u00e9 entre les Ukrainiens est plus forte que jamais.<\/p>\n\n\n\n<p><a id=\"sonaar_ts-6927d44cdbde9\" class=\"srmp3_sonaar_ts_shortcode\"  style=\"\" href=\"javascript:sonaar_ts_shortcode({ trackid:'0', time:'00:26:29', ts_id:'6927d44cdbde9', play_icon:'' }) ;\">[00:26:29]<\/a> Beaucoup d\u2019habitants des r\u00e9gions de l\u2019est se sont r\u00e9fugi\u00e9s \u00e0 l\u2019ouest, et ils ont \u00e9t\u00e9 accueillis \u00e0 bras ouverts. \u00abAccueillir quelqu\u2019un \u00e0 bras ouverts\u00bb, c\u2019est une expression pour dire \u00abaccueillir quelqu\u2019un chaleureusement, avec bienveillance\u00bb, \u00abmontrer \u00e0 cette personne qu\u2019elle est la bienvenue\u00bb. C\u2019est ce que nous explique Julia, une Ukrainienne qui vient de Marioupol, une ville de l\u2019est du pays.<\/p>\n\n\n\n<p><a id=\"sonaar_ts-6927d44cdbdf2\" class=\"srmp3_sonaar_ts_shortcode\"  style=\"\" href=\"javascript:sonaar_ts_shortcode({ trackid:'0', time:'00:26:54', ts_id:'6927d44cdbdf2', play_icon:'' }) ;\">[00:26:54]<\/a> Julia : Oui, il y a une division entre Est et Ouest, oui c&#8217;est vrai parce que dans l&#8217;Est nous parlons russe et dans l&#8217;Ouest tout le monde parle ukrainien. Ici, dans l&#8217;Est il y a beaucoup de personnes qui ont de la famille en Russie, par exemple, et des choses comme \u00e7a. Beaucoup de connexions avec la Russie, je peux le dire comme \u00e7a. Et dans l&#8217;Ouest, ce n&#8217;est pas le cas. Tout le monde a de la famille en Pologne, par exemple. Et c&#8217;est pour \u00e7a qu&#8217;il y a cette division. Mais je pense que maintenant ce n&#8217;est pas le cas, tout le monde est super uni. Ce n&#8217;est pas important si on parle russe ou ukrainien ou&#8230;<\/p>\n\n\n\n<p><a id=\"sonaar_ts-6927d44cdbdf7\" class=\"srmp3_sonaar_ts_shortcode\"  style=\"\" href=\"javascript:sonaar_ts_shortcode({ trackid:'0', time:'00:27:47', ts_id:'6927d44cdbdf7', play_icon:'' }) ;\">[00:27:47]<\/a> Hugo : Comme vous l\u2019avez entendu un peu plus t\u00f4t, beaucoup d\u2019Ukrainiens ont de la famille et des amis en Russie. Donc pour arr\u00eater cette invasion, ils essayent de les informer de ce qui se passe r\u00e9ellement en Ukraine, ils essayent de d\u00e9mentir la propagande de Poutine. Parce qu\u2019en Russie, les m\u00e9dias donnent une image totalement diff\u00e9rente de ce conflit, comme le dit Fr\u00e9d\u00e9ric.<\/p>\n\n\n\n<p><a id=\"sonaar_ts-6927d44cdbdfb\" class=\"srmp3_sonaar_ts_shortcode\"  style=\"\" href=\"javascript:sonaar_ts_shortcode({ trackid:'0', time:'00:28:09', ts_id:'6927d44cdbdfb', play_icon:'' }) ;\">[00:28:09]<\/a> Fr\u00e9d\u00e9ric : Beaucoup de gens russes ne comprennent pas la situation. Quelquefois, j&#8217;essaye de les comprendre. J&#8217;essaye de comprendre que ce n&#8217;est pas eux mais c&#8217;est la t\u00e9l\u00e9. C&#8217;est le gouvernement. C&#8217;est les m\u00e9dias. Beaucoup de mes amis de Russie m&#8217;ont \u00e9crit et m&#8217;on dit : &#8220;Nous sommes tr\u00e8s d\u00e9sol\u00e9s. Pardonnez-nous pour notre Pr\u00e9sident&#8221;. Etc. Donc, je ne sais pas si c&#8217;est la majorit\u00e9, mais il y a beaucoup de Russes qui veulent faire quelque chose. Comme peut-\u00eatre eux-m\u00eame sortent de chez eux, mais la police est&#8230;<\/p>\n\n\n\n<p><a id=\"sonaar_ts-6927d44cdbe00\" class=\"srmp3_sonaar_ts_shortcode\"  style=\"\" href=\"javascript:sonaar_ts_shortcode({ trackid:'0', time:'00:29:12', ts_id:'6927d44cdbe00', play_icon:'' }) ;\">[00:29:12]<\/a> Hugo : arm\u00e9e.<\/p>\n\n\n\n<p><a id=\"sonaar_ts-6927d44cdbe04\" class=\"srmp3_sonaar_ts_shortcode\"  style=\"\" href=\"javascript:sonaar_ts_shortcode({ trackid:'0', time:'00:29:15', ts_id:'6927d44cdbe04', play_icon:'' }) ;\">[00:29:15]<\/a> Fr\u00e9d\u00e9ric : Oui, oui. Donc c&#8217;est difficile un peu parce que, surtout quand j&#8217;\u00e9coute certains Russes, ils disent : &#8220;Soyez patients, nous allons vous lib\u00e9rer&#8221; ou quelque chose comme \u00e7a. Et moi [rires] ! Je ne sais pas comment je peux expliquer parce que, c&#8217;est tr\u00e8s difficile. C&#8217;est tr\u00e8s difficile.<\/p>\n\n\n\n<p><a id=\"sonaar_ts-6927d44cdbe09\" class=\"srmp3_sonaar_ts_shortcode\"  style=\"\" href=\"javascript:sonaar_ts_shortcode({ trackid:'0', time:'00:29:58', ts_id:'6927d44cdbe09', play_icon:'' }) ;\">[00:29:58]<\/a> Hugo : Donc cette guerre, c\u2019est aussi une guerre de l\u2019information, une guerre \u00e0 laquelle beaucoup de jeunes Ukrainiens participent sur les r\u00e9seaux sociaux. Ils pensent que pour arr\u00eater cette invasion, les Russes doivent se mobiliser et s\u2019opposer \u00e0 leur gouvernement.<\/p>\n\n\n\n<p><a id=\"sonaar_ts-6927d44cdbe0e\" class=\"srmp3_sonaar_ts_shortcode\"  style=\"\" href=\"javascript:sonaar_ts_shortcode({ trackid:'0', time:'00:30:13', ts_id:'6927d44cdbe0e', play_icon:'' }) ;\">[00:30:13]<\/a> Olga : Bien s\u00fbr que les Russes sont diff\u00e9rents. Mais en m\u00eame temps, ils m&#8217;\u00e9crivent tous&#8230; Enfin, pas tous mais&#8230; Il y a des amis russes qui m&#8217;\u00e9crivent que nous ne voulons pas de guerre, nous ne sommes pas comme Poutine, nous avons peur, on ne sait pas quoi faire. Mais \u00e7a pourrait marcher avant la guerre, que bon, on ne veut pas de guerre. Mais maintenant il faut faire quelque chose ! Ils ont tous peur de sortir dans la rue. Ils ont peur d&#8217;\u00eatre retenus pour 5 jours ou 15 jours mais, je sais pas, c&#8217;est ridicule \u00e0 mon avis. Parce qu&#8217;il faut faire quelque chose. S&#8217;il appuie sur le bouton nucl\u00e9aire, en fait c&#8217;est le probl\u00e8me du monde, pas juste de l&#8217;Ukraine. Donc voil\u00e0&#8230; Je ne peux plus entendre toutes ces choses. &#8220;Nous sommes d\u00e9sol\u00e9s.&#8221;.&#8221;Nous ne savons pas quoi faire ! &#8221; On vous dit quoi faire ! Il faut sortir dans les rues, il faut faire quelque chose.<\/p>\n\n\n\n<p><a id=\"sonaar_ts-6927d44cdbe16\" class=\"srmp3_sonaar_ts_shortcode\"  style=\"\" href=\"javascript:sonaar_ts_shortcode({ trackid:'0', time:'00:31:11', ts_id:'6927d44cdbe16', play_icon:'' }) ;\">[00:31:11]<\/a> Hugo : Bref, d\u2019un c\u00f4t\u00e9, les Ukrainiens savent que les citoyens russes ne sont pas responsables de cette guerre, que beaucoup d\u2019entre eux sont contre et que certains ont m\u00eame \u00e9t\u00e9 arr\u00eat\u00e9s parce qu\u2019ils participaient \u00e0 des manifestations anti-guerre. Mais de l\u2019autre, ils sont d\u00e9\u00e7us que la mobilisation contre Poutine ne soit pas plus massive.<\/p>\n\n\n\n<p><a id=\"sonaar_ts-6927d44cdbe1a\" class=\"srmp3_sonaar_ts_shortcode\"  style=\"\" href=\"javascript:sonaar_ts_shortcode({ trackid:'0', time:'00:31:35', ts_id:'6927d44cdbe1a', play_icon:'' }) ;\">[00:31:35]<\/a> Une autre raison invoqu\u00e9e par Poutine pour justifier cette attaque, c\u2019est celle de l\u2019OTAN : l\u2019Organisation du Trait\u00e9 de l&#8217;Atlantique Nord (NATO en anglais). C\u2019est une organisation qui a \u00e9t\u00e9 cr\u00e9\u00e9e pendant la Guerre froide et qui r\u00e9unit aujourd\u2019hui 28 pays europ\u00e9ens plus les \u00c9tats-Unis et le Canada. Si un pays de l\u2019OTAN est attaqu\u00e9, tous les autres ont l\u2019obligation de le d\u00e9fendre.<\/p>\n\n\n\n<p><a id=\"sonaar_ts-6927d44cdbe1f\" class=\"srmp3_sonaar_ts_shortcode\"  style=\"\" href=\"javascript:sonaar_ts_shortcode({ trackid:'0', time:'00:31:59', ts_id:'6927d44cdbe1f', play_icon:'' }) ;\">[00:31:59]<\/a> Le probl\u00e8me selon Poutine, c\u2019est que l\u2019OTAN menace la s\u00e9curit\u00e9 de la Russie parce qu\u2019elle s\u2019\u00e9tend vers l\u2019est, elle se rapproche des fronti\u00e8res russes. Et quand il a \u00e9t\u00e9 question que l\u2019Ukraine, un ancien pays de l\u2019Union sovi\u00e9tique, rejoigne l\u2019OTAN, Poutine a vu rouge. \u00c7a ne lui a pas plu du tout. Il y a quelques semaines, il a pos\u00e9 un ultimatum aux pays de l\u2019OTAN en leur disant de signer un document qui interdisait \u00e0 l\u2019organisation de s\u2019\u00e9tendre vers l\u2019est. Mais les dirigeants de l\u2019OTAN ont refus\u00e9.<\/p>\n\n\n\n<p><a id=\"sonaar_ts-6927d44cdbe23\" class=\"srmp3_sonaar_ts_shortcode\"  style=\"\" href=\"javascript:sonaar_ts_shortcode({ trackid:'0', time:'00:32:36', ts_id:'6927d44cdbe23', play_icon:'' }) ;\">[00:32:36]<\/a> Depuis, certains disent que l\u2019OTAN a mis de l\u2019huile sur le feu. &#8220;Mettre de l&#8217;huile sur le feu&#8221;, \u00e7a veut dire amplifier une situation qui est d\u00e9j\u00e0 grave, aggraver une situation. Certains disent que l\u2019OTAN a mis de l&#8217;huile sur le feu, que l&#8217;OTAN a provoqu\u00e9 Poutine en voulant int\u00e9grer l\u2019Ukraine au lieu d\u2019essayer de calmer les choses. C\u2019est une opinion que l\u2019on entend m\u00eame dans les pays de l\u2019ouest, comme en France ou en Belgique. J\u2019ai demand\u00e9 \u00e0 Daria ce qu\u2019elle en pensait.<\/p>\n\n\n\n<p><a id=\"sonaar_ts-6927d44cdbe28\" class=\"srmp3_sonaar_ts_shortcode\"  style=\"\" href=\"javascript:sonaar_ts_shortcode({ trackid:'0', time:'00:33:07', ts_id:'6927d44cdbe28', play_icon:'' }) ;\">[00:33:07]<\/a> Daria : D&#8217;abord, je trouve cette id\u00e9e absolument absurde puisque le but de l&#8217;OTAN c&#8217;est la protection. Ce n&#8217;est pas une attaque, c&#8217;est la protection. C&#8217;est pourquoi je ne vois aucun probl\u00e8me ou aucune possibilit\u00e9 de l&#8217;attaque envers la Russie puisque l&#8217;OTAN ce n&#8217;est pas une alliance qui essaye d&#8217;attaquer quelqu&#8217;un. C&#8217;est une alliance qui vise \u00e0 sauvegarder la s\u00e9curit\u00e9 et la protection de leur territoire. C&#8217;est pourquoi d\u00e9j\u00e0, l&#8217;id\u00e9e est absurde que la Russie \u00e9tait, je ne sais pas, sous le danger de l&#8217;OTAN, puisque l&#8217;OTAN n&#8217;apporte pas de danger. C&#8217;est faux, c&#8217;est absurde. Deuxi\u00e8me point, c&#8217;est : pourquoi Poutine a le droit de d\u00e9cider quels pays doit ou ne doit pas adh\u00e9rer \u00e0 l&#8217;OTAN ? Ce n&#8217;est pas \u00e0 lui de le d\u00e9cider, pas du tout. Parce que l&#8217;Ukraine c&#8217;est un pays souverain. C&#8217;est un pays ind\u00e9pendant qui peut prendre la d\u00e9cision tout seul. Et si on a l&#8217;intention d&#8217;adh\u00e9rer \u00e0 l&#8217;OTAN et d&#8217;\u00eatre prot\u00e9g\u00e9s par cette alliance, pourquoi devons-nous demander \u00e0 Poutine ce qu&#8217;il en pense ? Et je ne pense pas que ce soit une provocation parce que, comme j&#8217;ai d\u00e9j\u00e0 dit, l&#8217;OTAN vise \u00e0 prot\u00e9ger le territoire, pas \u00e0 attaquer quelqu&#8217;un.<\/p>\n\n\n\n<p><a id=\"sonaar_ts-6927d44cdbe30\" class=\"srmp3_sonaar_ts_shortcode\"  style=\"\" href=\"javascript:sonaar_ts_shortcode({ trackid:'0', time:'00:34:47', ts_id:'6927d44cdbe30', play_icon:'' }) ;\">[00:34:47]<\/a> Hugo : Mais est-ce que les Ukrainiens veulent vraiment adh\u00e9rer \u00e0 l\u2019OTAN ? D\u2019apr\u00e8s les sondages r\u00e9cents, il n\u2019y a pas de doute.<\/p>\n\n\n\n<p><a id=\"sonaar_ts-6927d44cdbe35\" class=\"srmp3_sonaar_ts_shortcode\"  style=\"\" href=\"javascript:sonaar_ts_shortcode({ trackid:'0', time:'00:34:53', ts_id:'6927d44cdbe35', play_icon:'' }) ;\">[00:34:53]<\/a> Olga : Parce que maintenant, comme on n&#8217;est pas \u00e0 l&#8217;OTAN, nous nous d\u00e9fendons nous-m\u00eames. Et si on \u00e9tait \u00e0 l&#8217;OTAN, on aurait eu beaucoup plus de support r\u00e9el. Donc bien s\u00fbr que c&#8217;est important. D&#8217;apr\u00e8s les statistiques, de nouveau, qu&#8217;on a eu avant-hier je crois, il y avait 76% des Ukrainiens qui sont pour l&#8217;OTAN et je crois que c&#8217;\u00e9tait 86% pour l&#8217;Union Europ\u00e9enne. Voil\u00e0. Ce sont aussi des chiffres incroyables. Ce n&#8217;\u00e9tait pas du tout comme \u00e7a avant.<\/p>\n\n\n\n<p><a id=\"sonaar_ts-6927d44cdbe3a\" class=\"srmp3_sonaar_ts_shortcode\"  style=\"\" href=\"javascript:sonaar_ts_shortcode({ trackid:'0', time:'00:35:31', ts_id:'6927d44cdbe3a', play_icon:'' }) ;\">[00:35:31]<\/a> Hugo : Ce que le pr\u00e9sident ukrainien Volodymyr Zelensky demande \u00e0 l\u2019OTAN depuis le d\u00e9but du conflit, c\u2019est de prot\u00e9ger son espace a\u00e9rien contre les avions russes. Il estime que l\u2019arm\u00e9e ukrainienne est capable de d\u00e9fendre son territoire au sol, mais qu\u2019elle n\u2019a pas les moyens de se prot\u00e9ger des bombardements russes. Il a r\u00e9ussi \u00e0 faire passer le message aupr\u00e8s de ses citoyens car tous les Ukrainiens \u00e0 qui j\u2019ai parl\u00e9 m\u2019ont dit que c\u2019\u00e9tait la priorit\u00e9.<\/p>\n\n\n\n<p><a id=\"sonaar_ts-6927d44cdbe3e\" class=\"srmp3_sonaar_ts_shortcode\"  style=\"\" href=\"javascript:sonaar_ts_shortcode({ trackid:'0', time:'00:36:01', ts_id:'6927d44cdbe3e', play_icon:'' }) ;\">[00:36:01]<\/a> Olga : Les sanctions c&#8217;est tr\u00e8s bien et nous appr\u00e9cions vraiment le soutien de l&#8217;Europe et des \u00c9tats-Unis et de tout le monde de l&#8217;Ouest. Mais c&#8217;est vrai que maintenant, ce serait bien de fermer le ciel quand m\u00eame. Je comprends que les \u00c9tats-Unis ont peur de faire \u00e7a. Enfin, pas peur mais ils ne veulent pas \u00eatre engag\u00e9s dans cette guerre, et s&#8217;ils ferment le ciel, bien s\u00fbr qu&#8217;ils seront oblig\u00e9s de participer \u00e0 la guerre. Mais maintenant c&#8217;est ce qui peut sauver tout le monde. Pas juste l&#8217;Ukraine. Maintenant ce n&#8217;est plus le cas juste de l&#8217;Ukraine, c&#8217;est le cas de toute l&#8217;Europe, c&#8217;est le cas du monde. Voil\u00e0 donc \u00e0 mon avis, il faut quand m\u00eame r\u00e9agir un peu plus activement, parce que les sanctions c&#8217;est bien, mais les gens meurent ici tout le temps. Et les gens peuvent mourir aussi plus loin que l&#8217;Ukraine. Donc \u00e0 mon avis, il faut fermer le ciel.<\/p>\n\n\n\n<p><a id=\"sonaar_ts-6927d44cdbe42\" class=\"srmp3_sonaar_ts_shortcode\"  style=\"\" href=\"javascript:sonaar_ts_shortcode({ trackid:'0', time:'00:36:59', ts_id:'6927d44cdbe42', play_icon:'' }) ;\">[00:36:59]<\/a> Hugo : Malheureusement, l\u2019OTAN a prouv\u00e9 ces derniers jours qu\u2019elle ne viendrait pas au secours de l\u2019Ukraine, du moins pas de mani\u00e8re directe. Certes, plusieurs pays de l\u2019OTAN ont adopt\u00e9 des sanctions \u00e9conomiques contre la Russie, comme l\u2019a rappel\u00e9 Olga. Ils ont aussi envoy\u00e9 du mat\u00e9riel \u00e0 l\u2019arm\u00e9e ukrainienne. Mais plusieurs responsables de l\u2019OTAN ont d\u00e9clar\u00e9 hier, le vendredi 4 mars, qu\u2019il n\u2019\u00e9tait pas question de prot\u00e9ger l\u2019espace a\u00e9rien ukrainien car \u00e7a reviendrait \u00e0 entrer en guerre avec la Russie.<\/p>\n\n\n\n<p>Ce refus est un vrai coup dur pour les Ukrainiens, d\u2019autant plus qu\u2019ils consid\u00e8rent que ce conflit n\u2019est pas seulement leur probl\u00e8me. On va \u00e9couter Lana et Daria nous expliquer pourquoi.<\/p>\n\n\n\n<p><a id=\"sonaar_ts-6927d44cdbe4a\" class=\"srmp3_sonaar_ts_shortcode\"  style=\"\" href=\"javascript:sonaar_ts_shortcode({ trackid:'0', time:'00:37:42', ts_id:'6927d44cdbe4a', play_icon:'' }) ;\">[00:37:42]<\/a> Lana : Le message que je voulais vraiment faire passer, c&#8217;est qu&#8217;on se bat pour l&#8217;instant pas juste pour notre territoire ou pour nos vies. On se bat aussi pour toute l&#8217;Europe. Et c&#8217;est vraiment important pour les Europ\u00e9ens de comprendre \u00e7a. Parce qu&#8217;aussi, en se battant contre la Russie, c&#8217;est pour tout le monde en Europe, en fait.<\/p>\n\n\n\n<p><a id=\"sonaar_ts-6927d44cdbe4f\" class=\"srmp3_sonaar_ts_shortcode\"  style=\"\" href=\"javascript:sonaar_ts_shortcode({ trackid:'0', time:'00:38:16', ts_id:'6927d44cdbe4f', play_icon:'' }) ;\">[00:38:16]<\/a> Daria : C&#8217;est pour \u00e7a que d&#8217;ailleurs notre Pr\u00e9sident, Zelensky, il dit que c&#8217;est pas juste notre guerre mais c&#8217;est vraiment la guerre pour les valeurs europ\u00e9ennes. M\u00eame le slogan de la France, oui c&#8217;est la &#8220;libert\u00e9, \u00e9galit\u00e9, fraternit\u00e9&#8221;. Et c&#8217;est ces valeurs que l&#8217;Ukraine maintenant prot\u00e8ge. Parce que nous luttons pour la libert\u00e9. Parce que si vous savez, en Russie il n&#8217;y a aucune libert\u00e9, les gens ne peuvent pas sortir comme en France. Oui, si les Fran\u00e7ais ne sont pas d&#8217;accord avec quelque chose, ils font la gr\u00e8ve. Ils font la gr\u00e8ve et c&#8217;est tout. Il n&#8217;y a pas d&#8217;autre solution. Les gens sortent dans les rues, les gens protestent, manifestent, et ils ont le droit de le faire. En Russie, personne ne peut le faire, personne. Si tu sors deux minutes, tu es en prison. En Ukraine, on peut le faire donc nous luttons pour la libert\u00e9. La m\u00eame chose pour l&#8217;\u00e9galit\u00e9, parce qu&#8217;encore une fois en Russie, il y a un tr\u00e8s grand d\u00e9calage entre les couches sociales des gens. En Ukraine, nous travaillons beaucoup pour \u00e9liminer ces diff\u00e9rences. Nous travaillons pour l&#8217;\u00e9galit\u00e9 des gens. Et fraternit\u00e9, on peut voir comment toute l&#8217;Ukraine est solidaire. En Ukraine de l&#8217;Ouest, oui, on est en s\u00e9curit\u00e9 relative mais on fait tout pour aider notre arm\u00e9e. On fait des dons. On travaille. Moi, personnellement, je fais des masques pour prot\u00e9ger&#8230;<\/p>\n\n\n\n<p><a id=\"sonaar_ts-6927d44cdbe54\" class=\"srmp3_sonaar_ts_shortcode\"  style=\"\" href=\"javascript:sonaar_ts_shortcode({ trackid:'0', time:'00:39:59', ts_id:'6927d44cdbe54', play_icon:'' }) ;\">[sonaar_ts time=\"00:39:59\"][00:39:59]<\/a> Hugo : Des gilets pare-balles, des choses comme \u00e7a ?<\/p>\n\n\n\n<p><a id=\"sonaar_ts-6927d44cdbe58\" class=\"srmp3_sonaar_ts_shortcode\"  style=\"\" href=\"javascript:sonaar_ts_shortcode({ trackid:'0', time:'00:40:01', ts_id:'6927d44cdbe58', play_icon:'' }) ;\">[00:40:01]<\/a> Daria : Oui oui oui, c&#8217;est \u00e7a. Et on essaye d&#8217;appuyer les r\u00e9fugi\u00e9s, d&#8217;obtenir des logements gratuits, d&#8217;organiser l&#8217;\u00e9vacuation, de tout faire pour aider notre arm\u00e9e. Donc ce troisi\u00e8me point, c&#8217;est la fraternit\u00e9.<\/p>\n\n\n\n<p><a id=\"sonaar_ts-6927d44cdbe60\" class=\"srmp3_sonaar_ts_shortcode\"  style=\"\" href=\"javascript:sonaar_ts_shortcode({ trackid:'0', time:'00:40:17', ts_id:'6927d44cdbe60', play_icon:'' }) ;\">[00:40:17]<\/a> Hugo: Voil\u00e0, je pense que ce dernier message est une conclusion parfaite pour cet \u00e9pisode. Je remercie encore une fois toutes celles et ceux qui ont pris le temps de r\u00e9pondre \u00e0 mes questions : Alina, Bohdan, Daria, Elena, Fr\u00e9d\u00e9ric, Julia, Lana, Mykyta, Nicolas, Nina, Oleksandra, Olga, Olena, Solomiia, Tatyana, Viktoryia, Vlad, Yuliana et tous ceux que j&#8217;oublie. Je n\u2019ai pas pu inclure tous vos t\u00e9moignages, mais vous m\u2019avez tous aid\u00e9 \u00e0 mieux comprendre la situation.<\/p>\n\n\n\n<p><a id=\"sonaar_ts-6927d44cdbe65\" class=\"srmp3_sonaar_ts_shortcode\"  style=\"\" href=\"javascript:sonaar_ts_shortcode({ trackid:'0', time:'00:40:49', ts_id:'6927d44cdbe65', play_icon:'' }) ;\">[00:40:49]<\/a> Maintenant, chers auditeurs et auditrices, pour aider les Ukrainiens, je vous invite \u00e0 visiter la page supportukrainenow.org. Si vous ne comprenez pas mon accent, il y aura le lien sur la page de l&#8217;\u00e9pisode. Vous verrez qu\u2019il existe plein de mani\u00e8res d\u2019apporter votre soutien, que ce soit un soutien mon\u00e9taire, mat\u00e9riel ou logistique. Vraiment, les besoins ne manquent pas, je suis s\u00fbr que vous trouverez un moyen d\u2019aider, peu importe votre situation.<\/p>\n\n\n\n<p>Force et courage \u00e0 nos amis ukrainiens pour les jours \u00e0 venir, et \u00e0 bient\u00f4t.\u00a0<\/p>\n","protected":false},"excerpt":{"rendered":"<p>Salut \u00e0 toutes et \u00e0 tous, aujourd&#8217;hui on se retrouve pour un \u00e9pisode sp\u00e9cial, vous avez entendu qu&#8217;il n&#8217;a pas de num\u00e9ro. C&#8217;\u00e9tait Ingrid qui \u00e9tait cens\u00e9e faire cet \u00e9pisode mais \u00e0 cause des \u00e9v\u00e9nements r\u00e9cents en Ukraine, on a d\u00e9cid\u00e9 de changer notre planning \u00e9ditorial. D&#8217;ailleurs, excusez-moi si le podcast est un peu moins&#8230;<\/p>\n","protected":false},"author":1,"featured_media":204686,"comment_status":"closed","ping_status":"open","sticky":false,"template":"","format":[192],"meta":{"_acf_changed":false,"_kad_blocks_custom_css":"","_kad_blocks_head_custom_js":"","_kad_blocks_body_custom_js":"","_kad_blocks_footer_custom_js":"","_kad_post_transparent":"","_kad_post_title":"","_kad_post_layout":"","_kad_post_sidebar_id":"","_kad_post_content_style":"","_kad_post_vertical_padding":"","_kad_post_feature":"","_kad_post_feature_position":"","_kad_post_header":false,"_kad_post_footer":false,"_kad_post_classname":"","footnotes":""},"categories":[168],"tags":[196],"class_list":["post-18217","post","type-post","status-publish","format-standard","has-post-thumbnail","hentry","category-podcast","tag-actualite","format-itw-hugo"],"acf":[],"taxonomy_info":{"category":[{"value":168,"label":"Podcast"}],"post_tag":[{"value":196,"label":"Actualit\u00e9"}],"format":[{"value":192,"label":"Interview Hugo"}]},"featured_image_src_large":["https:\/\/innerfrench.com\/wp-content\/uploads\/2024\/01\/Ukraine-750x406.jpg",750,406,true],"author_info":{"display_name":"Hugo","author_link":"https:\/\/innerfrench.com\/author\/innerfrench-2-2-2-2-2-2-2-2-2-2-2-2-2-2-2-2-2-2-2\/"},"comment_info":108,"category_info":[{"term_id":168,"name":"Podcast","slug":"podcast","term_group":0,"term_taxonomy_id":168,"taxonomy":"category","description":"","parent":0,"count":185,"filter":"raw","cat_ID":168,"category_count":185,"category_description":"","cat_name":"Podcast","category_nicename":"podcast","category_parent":0}],"tag_info":[{"term_id":196,"name":"Actualit\u00e9","slug":"actualite","term_group":0,"term_taxonomy_id":196,"taxonomy":"post_tag","description":"","parent":0,"count":10,"filter":"raw"}],"_links":{"self":[{"href":"https:\/\/innerfrench.com\/wp-json\/wp\/v2\/posts\/18217","targetHints":{"allow":["GET"]}}],"collection":[{"href":"https:\/\/innerfrench.com\/wp-json\/wp\/v2\/posts"}],"about":[{"href":"https:\/\/innerfrench.com\/wp-json\/wp\/v2\/types\/post"}],"author":[{"embeddable":true,"href":"https:\/\/innerfrench.com\/wp-json\/wp\/v2\/users\/1"}],"replies":[{"embeddable":true,"href":"https:\/\/innerfrench.com\/wp-json\/wp\/v2\/comments?post=18217"}],"version-history":[{"count":1,"href":"https:\/\/innerfrench.com\/wp-json\/wp\/v2\/posts\/18217\/revisions"}],"predecessor-version":[{"id":293756,"href":"https:\/\/innerfrench.com\/wp-json\/wp\/v2\/posts\/18217\/revisions\/293756"}],"wp:featuredmedia":[{"embeddable":true,"href":"https:\/\/innerfrench.com\/wp-json\/wp\/v2\/media\/204686"}],"wp:attachment":[{"href":"https:\/\/innerfrench.com\/wp-json\/wp\/v2\/media?parent=18217"}],"wp:term":[{"taxonomy":"category","embeddable":true,"href":"https:\/\/innerfrench.com\/wp-json\/wp\/v2\/categories?post=18217"},{"taxonomy":"post_tag","embeddable":true,"href":"https:\/\/innerfrench.com\/wp-json\/wp\/v2\/tags?post=18217"},{"taxonomy":"format","embeddable":true,"href":"https:\/\/innerfrench.com\/wp-json\/wp\/v2\/format?post=18217"}],"curies":[{"name":"wp","href":"https:\/\/api.w.org\/{rel}","templated":true}]}}