{"id":18579,"date":"2022-03-17T17:18:45","date_gmt":"2022-03-17T16:18:45","guid":{"rendered":"https:\/\/innerfrench.com\/?p=18579"},"modified":"2025-09-29T10:17:58","modified_gmt":"2025-09-29T08:17:58","slug":"107-faire-garder-son-enfant-en-france","status":"publish","type":"post","link":"https:\/\/innerfrench.com\/107-faire-garder-son-enfant-en-france\/","title":{"rendered":"#107 Faire garder son enfant en France"},"content":{"rendered":"\n<p>Bonjour \u00e0 toutes et \u00e0 tous ! C\u2019est moi, Ingrid et je suis heureuse de vous retrouver pour mon tout premier \u00e9pisode solo de l\u2019ann\u00e9e.<\/p>\n\n\n\n<p><a id=\"sonaar_ts-6927d4878aef1\" class=\"srmp3_sonaar_ts_shortcode\"  style=\"\" href=\"javascript:sonaar_ts_shortcode({ trackid:'0', time:'00:00:23', ts_id:'6927d4878aef1', play_icon:'' }) ;\">[00:00:23]<\/a> Avant de commencer, je voulais vous souhaiter une excellente nouvelle ann\u00e9e ! Qu\u2019elle soit remplie de bonheur et de r\u00e9ussites. Je vous souhaite \u00e9videmment de continuer \u00e0 progresser en fran\u00e7ais et d\u2019apprendre plein de nouvelles choses sur la culture francophone. De mon c\u00f4t\u00e9, j\u2019ai pris une bonne r\u00e9solution vous concernant : en 2022, j\u2019ai envie de plus participer au podcast.<\/p>\n\n\n\n<p><a id=\"sonaar_ts-6927d4878af00\" class=\"srmp3_sonaar_ts_shortcode\"  style=\"\" href=\"javascript:sonaar_ts_shortcode({ trackid:'0', time:'00:00:54', ts_id:'6927d4878af00', play_icon:'' }) ;\">[00:00:54]<\/a> Surtout, n\u2019h\u00e9sitez pas \u00e0 laisser des commentaires sur la page de l\u2019\u00e9pisode et \u00e0 m\u2019envoyer vos suggestions par mail. J\u2019adore recevoir vos retours et je vous remercie chaleureusement pour vos encouragements. Quand j\u2019ai fait l\u2019\u00e9pisode sur la PMA, la procr\u00e9ation m\u00e9dicalement assist\u00e9e, c\u2019\u00e9tait l\u2019\u00e9pisode 99, vous \u00eates beaucoup \u00e0 m\u2019avoir \u00e9crit et \u00e7a m\u2019a fait tr\u00e8s plaisir.<\/p>\n\n\n\n<p><a id=\"sonaar_ts-6927d4878af07\" class=\"srmp3_sonaar_ts_shortcode\"  style=\"\" href=\"javascript:sonaar_ts_shortcode({ trackid:'0', time:'00:01:22', ts_id:'6927d4878af07', play_icon:'' }) ;\">[00:01:22]<\/a> D\u2019ailleurs, je d\u00e9dicace ce nouvel \u00e9pisode \u00e0 l\u2019une d\u2019entre vous : Beth. Beth, tu m\u2019as \u00e9crit en septembre en me disant ceci :<\/p>\n\n\n\n<p><a id=\"sonaar_ts-6927d4878af0d\" class=\"srmp3_sonaar_ts_shortcode\"  style=\"\" href=\"javascript:sonaar_ts_shortcode({ trackid:'0', time:'00:01:33', ts_id:'6927d4878af0d', play_icon:'' }) ;\">[00:01:33]<\/a> \u00abJ\u2019ai beaucoup appr\u00e9ci\u00e9 le podcast sur la PMA et comment les diff\u00e9rentes <\/p>\n\n\n<p>lois nous affectent dans nos vies. Au Canada, il semble que nous ayons plus d\u2019options mais la PMA n\u2019est vraiment pas financ\u00e9e publiquement. Ici, on peut choisir entre se payer une petite maison ou une f\u00e9condation in vitro.<\/p>\n<p><a id=\"sonaar_ts-6927d4878af12\" class=\"srmp3_sonaar_ts_shortcode\"  style=\"\" href=\"javascript:sonaar_ts_shortcode({ trackid:'0', time:'00:01:56', ts_id:'6927d4878af12', play_icon:'' }) ;\">[00:01:56]<\/a> Cela fait un moment que je voulais vous demander : serait-il possible de parler dans le podcast de la cr\u00e8che et de son impact sur la population active en France, sur les travailleurs de la petite enfance, etc. ?\u00bb<\/p>\n<p><a id=\"sonaar_ts-6927d4878af17\" class=\"srmp3_sonaar_ts_shortcode\"  style=\"\" href=\"javascript:sonaar_ts_shortcode({ trackid:'0', time:'00:02:12', ts_id:'6927d4878af17', play_icon:'' }) ;\">[00:02:12]<\/a> Alors, je trouve que c\u2019est une super id\u00e9e, et c\u2019est en plus une bonne suite au sujet sur la PMA. Eh oui, parce qu\u2019une fois qu\u2019on a r\u00e9ussi \u00e0 avoir un b\u00e9b\u00e9, apr\u00e8s la naissance, ce n\u2019est pas encore gagn\u00e9<\/p>\n\n\n\n<p>, il y a d\u2019autres complications qui se pr\u00e9sentent, et en particulier comment les faire garder.<\/p>\n\n\n\n<p><\/p>\n\n\n\n<p><a id=\"sonaar_ts-6927d4878af1b\" class=\"srmp3_sonaar_ts_shortcode\"  style=\"\" href=\"javascript:sonaar_ts_shortcode({ trackid:'0', time:'00:02:36', ts_id:'6927d4878af1b', play_icon:'' }) ;\">[00:02:36]<\/a> Aujourd\u2019hui, la garde des \u00abtout-petits\u00bb est un enjeu social. D\u2019une bonne organisation de cette garde d\u00e9pend l\u2019\u00e9galit\u00e9 entre les hommes et les femmes au travail comme \u00e0 la maison et aussi l\u2019\u00e9galit\u00e9 entre les riches et les pauvres.<\/p>\n\n\n\n<p><a id=\"sonaar_ts-6927d4878af29\" class=\"srmp3_sonaar_ts_shortcode\"  style=\"\" href=\"javascript:sonaar_ts_shortcode({ trackid:'0', time:'00:02:53', ts_id:'6927d4878af29', play_icon:'' }) ;\">[00:02:53]<\/a> Alors, aujourd&#8217;hui on va parler de la politique familiale en France. La politique familiale, c\u2019est, et l\u00e0 je cite le site officiel du gouvernement, la politique familiale \u00e7a correspond \u00e0 \u00abtoutes les mesures prises par l\u2019\u00c9tat, les collectivit\u00e9s territoriales et les organismes de S\u00e9curit\u00e9 sociale pour aider les familles \u00e0 \u00e9lever leurs enfants et \u00e0 faire face aux charges financi\u00e8res qu\u2019entra\u00eenent leur naissance et leur \u00e9ducation.\u00bb<\/p>\n\n\n\n<p><a id=\"sonaar_ts-6927d4878af2f\" class=\"srmp3_sonaar_ts_shortcode\"  style=\"\" href=\"javascript:sonaar_ts_shortcode({ trackid:'0', time:'00:03:27', ts_id:'6927d4878af2f', play_icon:'' }) ;\">[00:03:27]<\/a> Selon les Fran\u00e7ais, la politique familiale devrait avoir principalement deux objectifs. Premier objectif : permettre une meilleure conciliation entre vie familiale et vie professionnelle et deuxi\u00e8me objectif : rapproche les niveaux de vie entre les familles ais\u00e9es et les familles modestes.<\/p>\n\n\n\n<p><a id=\"sonaar_ts-6927d4878af33\" class=\"srmp3_sonaar_ts_shortcode\"  style=\"\" href=\"javascript:sonaar_ts_shortcode({ trackid:'0', time:'00:03:48', ts_id:'6927d4878af33', play_icon:'' }) ;\">[00:03:48]<\/a> Alors, \u00e7a c\u2019est assez int\u00e9ressant parce qu\u2019avant la politique familiale c&#8217;\u00e9tait plut\u00f4t utilis\u00e9e pour booster la natalit\u00e9, pour donner envie aux familles de faire des enfants pour avoir plus de monde dans le pays. Mais maintenant, il semble que la politique familiale a d\u2019autres objectifs.<\/p>\n\n\n\n<p><a id=\"sonaar_ts-6927d4878af38\" class=\"srmp3_sonaar_ts_shortcode\"  style=\"\" href=\"javascript:sonaar_ts_shortcode({ trackid:'0', time:'00:04:11', ts_id:'6927d4878af38', play_icon:'' }) ;\">[00:04:11]<\/a> Donc, dans cet \u00e9pisode, on va progresser chronologiquement. Dans une premi\u00e8re partie, on parlera de l\u2019accueil du petit enfant juste apr\u00e8s sa naissance, disons jusqu\u2019\u00e0 quelques mois. Dans une deuxi\u00e8me partie, je vous parlerai des diff\u00e9rents modes de garde pour les enfants de moins de 3 ans. Et enfin, on parlera dans une troisi\u00e8me partie de l\u2019\u00e9cole maternelle.<\/p>\n\n\n\n<p><a id=\"sonaar_ts-6927d4878af3d\" class=\"srmp3_sonaar_ts_shortcode\"  style=\"\" href=\"javascript:sonaar_ts_shortcode({ trackid:'0', time:'00:04:49', ts_id:'6927d4878af3d', play_icon:'' }) ;\">[00:04:49]<\/a> Commen\u00e7ons par un petit point de vocabulaire. Pour nommer un enfant qui vient de na\u00eetre, on peut utiliser bien \u00e9videmment le mot \u00abb\u00e9b\u00e9\u00bb. \u00c7a, vous connaissez s\u00fbrement. Il y a m\u00eame peut-\u00eatre un mot similaire dans votre langue : en anglais, c\u2019est \u00abbaby\u00bb, en espagnol on peut dire \u00abb\u00e9b\u00e9\u00bb. En pr\u00e9parant ce podcast, j\u2019ai \u00e9t\u00e9 surprise d\u2019apprendre que \u00abb\u00e9b\u00e9\u00bb en fran\u00e7ais est un terme assez r\u00e9cent, utilis\u00e9 dans la langue courante seulement depuis le XXe si\u00e8cle. Avant, on disait plut\u00f4t nouveau-n\u00e9, nourrisson ou enfan\u00e7on. Alors, enfan\u00e7on, vous pouvez l\u2019oublier tout de suite, \u00e7a ne se dit plus du tout.<\/p>\n\n\n\n<p><a id=\"sonaar_ts-6927d4878af41\" class=\"srmp3_sonaar_ts_shortcode\"  style=\"\" href=\"javascript:sonaar_ts_shortcode({ trackid:'0', time:'00:05:36', ts_id:'6927d4878af41', play_icon:'' }) ;\">[00:05:36]<\/a> Par contre, le mot \u00abnouveau-n\u00e9\u00bb est toujours employ\u00e9 pour d\u00e9signer un enfant de la naissance, jusqu\u2019\u00e0 un mois environ. On utilise ce mot dans la langue courante, mais aussi dans le milieu m\u00e9dical. D\u2019ailleurs, les docteurs qui s\u2019occupent exclusivement des enfants de moins de 28 jours travaillent dans un service qui s\u2019appelle \u00abn\u00e9onatologie\u00bb, d\u00e9riv\u00e9 de \u00abnouveau-n\u00e9\u00bb.<\/p>\n\n\n\n<p><a id=\"sonaar_ts-6927d4878af46\" class=\"srmp3_sonaar_ts_shortcode\"  style=\"\" href=\"javascript:sonaar_ts_shortcode({ trackid:'0', time:'00:06:08', ts_id:'6927d4878af46', play_icon:'' }) ;\">[00:06:08]<\/a> Ensuite, on a le mot \u00abnourrisson\u00bb qui d\u00e9signe un enfant qui ne mange pas encore de nourriture solide, donc un enfant jusqu\u2019\u00e0 environ 6 mois. L\u2019\u00e9tymologie de \u00abnourrisson\u00bb, c\u2019est le verbe \u00ab nourrir \u00bb ou plus exactement le mot \u00abnourrice\u00bb. Jusqu\u2019\u00e0 la fin du 19e si\u00e8cle, les \u00abnourrices\u00bb \u00e9taient les femmes charg\u00e9es non seulement de s\u2019occuper des b\u00e9b\u00e9s, mais aussi de leur donner le sein, de les allaiter. Cette pratique a disparu avec l\u2019arriv\u00e9e des biberons mais les mots \u00abnourrice\u00bb et \u00abnourrisson\u00bb sont rest\u00e9s !<\/p>\n\n\n\n<p><a id=\"sonaar_ts-6927d4878af4a\" class=\"srmp3_sonaar_ts_shortcode\"  style=\"\" href=\"javascript:sonaar_ts_shortcode({ trackid:'0', time:'00:06:52', ts_id:'6927d4878af4a', play_icon:'' }) ;\">[00:06:52]<\/a> Par contre, une fois pass\u00e9 les 6 mois-1 an, on n\u2019a pas vraiment de mot pour d\u00e9signer les petits enfants&#8230; Je sais qu\u2019en anglais, il y a le mot \u00abtoddler\u00bb, en allemand j\u2019ai trouv\u00e9 sur un traducteur le mot Kleinkind (d\u00e9sol\u00e9e pour mon accent, je ne parle pas du tout allemand !). En fran\u00e7ais, on peut \u00e9ventuellement dire \u00abenfant en bas \u00e2ge\u00bb ou encore \u00abtout-petit\u00bb ou \u00abpetit enfant\u00bb. Mais bon, je crois honn\u00eatement qu\u2019il nous manque un mot.<\/p>\n\n\n\n<p><a id=\"sonaar_ts-6927d4878af54\" class=\"srmp3_sonaar_ts_shortcode\"  style=\"\" href=\"javascript:sonaar_ts_shortcode({ trackid:'0', time:'00:07:28', ts_id:'6927d4878af54', play_icon:'' }) ;\">[00:07:28]<\/a> Maintenant que vous \u00eates au point sur le vocabulaire, je vais vous expliquer ce qui est pr\u00e9vu pour accueillir le nouveau-n\u00e9 ou le nourrisson.<\/p>\n\n\n\n<p><a id=\"sonaar_ts-6927d4878af59\" class=\"srmp3_sonaar_ts_shortcode\"  style=\"\" href=\"javascript:sonaar_ts_shortcode({ trackid:'0', time:'00:07:39', ts_id:'6927d4878af59', play_icon:'' }) ;\">[00:07:39]<\/a> Quand un b\u00e9b\u00e9 vient de na\u00eetre dans une famille, les parents ont le droit \u00e0 des jours non travaill\u00e9s pour l\u2019accueillir, pour passer du temps avec lui, et bien s\u00fbr pour se reposer un peu, parce qu\u2019il parait que c\u2019est sacr\u00e9ment fatigant !<\/p>\n\n\n\n<p><a id=\"sonaar_ts-6927d4878af5e\" class=\"srmp3_sonaar_ts_shortcode\"  style=\"\" href=\"javascript:sonaar_ts_shortcode({ trackid:'0', time:'00:07:55', ts_id:'6927d4878af5e', play_icon:'' }) ;\">[00:07:55]<\/a> Il existe deux types de cong\u00e9s \u00e0 ce moment-l\u00e0 : le cong\u00e9 maternit\u00e9 qui s\u2019adresse \u00e0 la femme qui accouche, et le cong\u00e9 paternit\u00e9, qu\u2019on appelle maintenant parfois cong\u00e9 \u00abdeuxi\u00e8me parent\u00bb qui s\u2019adresse soit au p\u00e8re, soit \u00e0 la deuxi\u00e8me maman.<\/p>\n\n\n\n<p><a id=\"sonaar_ts-6927d4878af62\" class=\"srmp3_sonaar_ts_shortcode\"  style=\"\" href=\"javascript:sonaar_ts_shortcode({ trackid:'0', time:'00:08:16', ts_id:'6927d4878af62', play_icon:'' }) ;\">[00:08:16]<\/a> Alors, dans cet \u00e9pisode, je vais plut\u00f4t parler de cong\u00e9 paternit\u00e9 parce qu\u2019en fait on va surtout parler de la diff\u00e9rence entre les hommes et les femmes. Donc, on va s&#8217;int\u00e9resser vraiment aux papas.<\/p>\n\n\n\n<p><a id=\"sonaar_ts-6927d4878af67\" class=\"srmp3_sonaar_ts_shortcode\"  style=\"\" href=\"javascript:sonaar_ts_shortcode({ trackid:'0', time:'00:08:29', ts_id:'6927d4878af67', play_icon:'' }) ;\">[00:08:29]<\/a> Alors, ces cong\u00e9s, maternit\u00e9 et paternit\u00e9, ont plusieurs points communs. Premi\u00e8rement, ils sont bien pay\u00e9s. Le salaire est suspendu mais la S\u00e9curit\u00e9 Sociale se charge de verser une indemnit\u00e9 \u00e0 peu pr\u00e8s \u00e9quivalente au salaire. En gros, si vous gagnez normalement \u00e0 peu pr\u00e8s disons 1500 euros par mois, la S\u00e9curit\u00e9 Sociale vous verse pendant votre cong\u00e9 \u00e0 peu pr\u00e8s 1500 euros par mois.<\/p>\n\n\n\n<p><a id=\"sonaar_ts-6927d4878af6c\" class=\"srmp3_sonaar_ts_shortcode\"  style=\"\" href=\"javascript:sonaar_ts_shortcode({ trackid:'0', time:'00:09:04', ts_id:'6927d4878af6c', play_icon:'' }) ;\">[00:09:04]<\/a> Un autre point commun entre ces deux cong\u00e9s c\u2019est qu\u2019une partie est obligatoire. \u00c7a veut dire que pendant cette partie obligatoire vous n\u2019avez pas besoin de faire la demande \u00e0 votre employeur et votre employeur n\u2019a pas le droit de vous demander de travailler, c\u2019est automatique.<\/p>\n\n\n\n<p><a id=\"sonaar_ts-6927d4878af70\" class=\"srmp3_sonaar_ts_shortcode\"  style=\"\" href=\"javascript:sonaar_ts_shortcode({ trackid:'0', time:'00:09:25', ts_id:'6927d4878af70', play_icon:'' }) ;\">[00:09:25]<\/a> Par contre, il existe une grosse diff\u00e9rence entre le cong\u00e9 maternit\u00e9 et le cong\u00e9 paternit\u00e9 : c\u2019est la dur\u00e9e. Pour la m\u00e8re qui accouche d\u2019un premier enfant, le cong\u00e9 est de 3 \u00e0 6 semaines avant la naissance et de 10 \u00e0 13 semaines apr\u00e8s l\u2019accouchement. Le p\u00e8re, ou le deuxi\u00e8me parent, a le droit au total \u00e0 28 jours de cong\u00e9s dont 7 jours obligatoires. Vous trouvez que ce n\u2019est pas beaucoup ? Sachez qu\u2019il y a un an, il n\u2019avait le droit qu\u2019\u00e0 14 jours et aucune journ\u00e9e n\u2019\u00e9tait obligatoire. R\u00e9sultat : plus de deux p\u00e8res sur dix n\u2019exer\u00e7aient pas leur droit. C\u2019est pour rem\u00e9diera ce probl\u00e8me qu\u2019une r\u00e9forme a \u00e9t\u00e9 vot\u00e9e.<\/p>\n\n\n\n<p><a id=\"sonaar_ts-6927d4878af75\" class=\"srmp3_sonaar_ts_shortcode\"  style=\"\" href=\"javascript:sonaar_ts_shortcode({ trackid:'0', time:'00:10:21', ts_id:'6927d4878af75', play_icon:'' }) ;\">[00:10:21]<\/a> D\u2019ailleurs, la commission charg\u00e9e de faire des propositions avait m\u00eame conseill\u00e9 d\u2019allonger le cong\u00e9 du second parent \u00e0 9 semaines, avec la possibilit\u00e9 d\u2019en prendre une partie avant la naissance. La loi qui a finalement \u00e9t\u00e9 vot\u00e9e n\u2019a pas \u00e9t\u00e9 aussi loin, mais elle a rajout\u00e9 une obligation d\u2019une semaine. Et on va donc essayer de comprendre pourquoi cette obligation.<\/p>\n\n\n\n<p><a id=\"sonaar_ts-6927d4878af7a\" class=\"srmp3_sonaar_ts_shortcode\"  style=\"\" href=\"javascript:sonaar_ts_shortcode({ trackid:'0', time:'00:10:47', ts_id:'6927d4878af7a', play_icon:'' }) ;\">[00:10:47]<\/a> Donc, l&#8217;objectif de la r\u00e9forme c\u2019est que le deuxi\u00e8me parent puisse passer plus de temps avec son b\u00e9b\u00e9 parce que c\u2019est bon pour le d\u00e9veloppement de l\u2019enfant. Mais ce n\u2019est pas l\u2019unique objectif. Un autre objectif est de favoriser l\u2019\u00e9galit\u00e9 entre les hommes et les femmes dans le monde professionnel comme \u00e0 la maison. En effet, permettre (et m\u00eame obliger) les hommes \u00e0 lever le pied au travail pour s\u2019occuper de leur nouveau-n\u00e9, c\u2019est un signal fort qui permet de faire changer les mentalit\u00e9s. \u00ab Lever le pied \u00bb, c\u2019est une expression qui veut dire freiner, ralentir, faire les choses un peu moins intens\u00e9ment.<\/p>\n\n\n\n<p><a id=\"sonaar_ts-6927d4878af7e\" class=\"srmp3_sonaar_ts_shortcode\"  style=\"\" href=\"javascript:sonaar_ts_shortcode({ trackid:'0', time:'00:11:36', ts_id:'6927d4878af7e', play_icon:'' }) ;\">[00:11:36]<\/a> En France, comme dans beaucoup de soci\u00e9t\u00e9s, on a consid\u00e9r\u00e9 pendant longtemps que la garde des enfants, et en particulier quand ils sont tout-petits, \u00e9tait une \u00abaffaire de femme\u00bb. On parlait d\u2019un instinct maternel mais pas d\u2019un instinct paternel. On reconnaissait collectivement que le b\u00e9b\u00e9 avait besoin de sa maman pour se d\u00e9velopper correctement, mais que le papa \u00e9tait moins n\u00e9cessaire. Au contraire, il \u00e9tait collectivement admis que le r\u00f4le du p\u00e8re \u00e9tait de travailler beaucoup pour faire vivre la famille.<\/p>\n\n\n\n<p><a id=\"sonaar_ts-6927d4878af83\" class=\"srmp3_sonaar_ts_shortcode\"  style=\"\" href=\"javascript:sonaar_ts_shortcode({ trackid:'0', time:'00:12:16', ts_id:'6927d4878af83', play_icon:'' }) ;\">[00:12:16]<\/a> Le probl\u00e8me, c\u2019est que cette vision archa\u00efque des r\u00f4les de chaque genre est une des sources des in\u00e9galit\u00e9s au travail. En effet, toutes les femmes ont un risque d\u2019\u00eatre victimes de discrimination \u00e0 l\u2019embauche et de discrimination au salaire parce qu\u2019elles sont toujours vues comme des potentielles futures m\u00e8res qui prendront potentiellement un futur cong\u00e9 maternit\u00e9. Toutes les femmes, qu\u2019elles souhaitent \u00eatre m\u00e8res ou non, ont donc \u00e9conomiquement int\u00e9r\u00eat \u00e0 ce que les mentalit\u00e9s et les habitudes changent.<\/p>\n\n\n\n<p><a id=\"sonaar_ts-6927d4878af88\" class=\"srmp3_sonaar_ts_shortcode\"  style=\"\" href=\"javascript:sonaar_ts_shortcode({ trackid:'0', time:'00:12:54', ts_id:'6927d4878af88', play_icon:'' }) ;\">[00:12:54]<\/a> Et les hommes, pour eux, quel est l\u2019int\u00e9r\u00eat de la r\u00e9forme ? Pour eux, c\u2019est plut\u00f4t l\u2019inverse : dans le monde du travail, \u00e7a peut \u00eatre mal vu pour un homme de demander du temps pour s&#8217;occuper des enfants, et pour sa vie personnelle en g\u00e9n\u00e9ral. Le fait qu\u2019une partie du cong\u00e9 paternit\u00e9 soit obligatoire est un bon moyen pour eux de prendre du temps pour leur famille sans avoir \u00e0 le demander ni \u00e0 la justifier.<\/p>\n\n\n\n<p><a id=\"sonaar_ts-6927d4878af8c\" class=\"srmp3_sonaar_ts_shortcode\"  style=\"\" href=\"javascript:sonaar_ts_shortcode({ trackid:'0', time:'00:13:27', ts_id:'6927d4878af8c', play_icon:'' }) ;\">[00:13:27]<\/a> Alors aujourd\u2019hui, c\u2019est vrai qu\u2019il reste toujours une grande in\u00e9galit\u00e9 de dur\u00e9e entre le cong\u00e9 paternit\u00e9 et le cong\u00e9 maternit\u00e9, mais petit \u00e0 petit, la France op\u00e8re des changements symboliques pour \u00e9quilibrer les r\u00f4les entre femmes et hommes \u00e0 la maison, avec de grandes r\u00e9percussions dans le monde du travail.<\/p>\n\n\n\n<p><a id=\"sonaar_ts-6927d4878af91\" class=\"srmp3_sonaar_ts_shortcode\"  style=\"\" href=\"javascript:sonaar_ts_shortcode({ trackid:'0', time:'00:13:43', ts_id:'6927d4878af91', play_icon:'' }) ;\">[00:13:43]<\/a> Alors donc, si vous avez bien suivi, vous avez compris que tout ce que je vous ai dit concerne les nouveaux-n\u00e9s et les nourrissons. Mais une fois que les cong\u00e9s paternit\u00e9 et maternit\u00e9 sont pass\u00e9s, qu\u2019est-ce qu\u2019il se passe ? On va voir \u00e7a dans une deuxi\u00e8me partie.<\/p>\n\n\n\n<p><a id=\"sonaar_ts-6927d4878afa0\" class=\"srmp3_sonaar_ts_shortcode\"  style=\"\" href=\"javascript:sonaar_ts_shortcode({ trackid:'0', time:'00:14:24', ts_id:'6927d4878afa0', play_icon:'' }) ;\">[00:14:24]<\/a> Jusqu\u2019aux trois ans de l\u2019enfant, les parents ont le droit \u00e0 un cong\u00e9 parental. C\u2019est diff\u00e9rent de ceux dont je vous ai parl\u00e9 avant. Le cong\u00e9 parental peut \u00eatre pris en plusieurs fois jusqu\u2019aux trois ans de l\u2019enfant. Il peut \u00eatre \u00e0 temps plein ou \u00e0 mi-temps. Il permet donc en th\u00e9orie aux deux parents de rester chacun leur tour \u00e0 la maison avec leur enfant jusqu\u2019\u00e0 ce que celui-ci entre en maternelle.<\/p>\n\n\n\n<p><a id=\"sonaar_ts-6927d4878afa5\" class=\"srmp3_sonaar_ts_shortcode\"  style=\"\" href=\"javascript:sonaar_ts_shortcode({ trackid:'0', time:'00:14:58', ts_id:'6927d4878afa5', play_icon:'' }) ;\">[00:14:58]<\/a> En th\u00e9orie certes&#8230; Mais en pratique, ce n\u2019est pas du tout comme \u00e7a que \u00e7a se passe. Moins de la moiti\u00e9 des parents prennent un cong\u00e9 parental, et surtout ce sont les femmes qui s\u2019y collent. \u00ab S\u2019y coller \u00bb c\u2019est une expression qui veut dire \u00abqui font le travail\u00bb, \u00abqui se d\u00e9vouent.\u00bb Donc, l\u00e0, c\u2019est pour vous dire que, majoritairement, le cong\u00e9 parental est pris par les femmes. Eh oui, moins de 1% des p\u00e8res prennent leur cong\u00e9 parental \u00e0 taux plein.<\/p>\n\n\n\n<p><a id=\"sonaar_ts-6927d4878afaa\" class=\"srmp3_sonaar_ts_shortcode\"  style=\"\" href=\"javascript:sonaar_ts_shortcode({ trackid:'0', time:'00:15:36', ts_id:'6927d4878afaa', play_icon:'' }) ;\">[00:15:36]<\/a> Pour compenser ce d\u00e9s\u00e9quilibre, il y a eu une r\u00e9forme en 2014 dans le cadre de la loi sur l\u2019\u00e9galit\u00e9 r\u00e9elle entre les hommes et les femmes. Depuis 2015, la dur\u00e9e du cong\u00e9 parental d\u00e9pend de sa r\u00e9partition : une partie est r\u00e9serv\u00e9e pour le deuxi\u00e8me parent. S\u2019il n\u2019en profite pas, c\u2019est perdu. Tout simplement.<\/p>\n\n\n\n<p><a id=\"sonaar_ts-6927d4878afae\" class=\"srmp3_sonaar_ts_shortcode\"  style=\"\" href=\"javascript:sonaar_ts_shortcode({ trackid:'0', time:'00:15:59', ts_id:'6927d4878afae', play_icon:'' }) ;\">[00:15:59]<\/a> Le probl\u00e8me c\u2019est que cette r\u00e9forme a \u00e9t\u00e9 un \u00e9chec total : l&#8217;ann\u00e9e derni\u00e8re, donc 5 ans apr\u00e8s, \u00e0 peu pr\u00e8s, la proportion de p\u00e8re prenant un cong\u00e9 parental \u00e0 temps plein \u00e9tait pass\u00e9 de 0,5% \u00e0 0,8%. Tu parles d\u2019un changement ?<\/p>\n\n\n\n<p><a id=\"sonaar_ts-6927d4878afb3\" class=\"srmp3_sonaar_ts_shortcode\"  style=\"\" href=\"javascript:sonaar_ts_shortcode({ trackid:'0', time:'00:16:21', ts_id:'6927d4878afb3', play_icon:'' }) ;\">[00:16:21]<\/a> Pourquoi un tel \u00e9chec ? En fait c\u2019est simple : le cong\u00e9 parental n\u2019est pas pay\u00e9 sur la base du salaire ! Peu importe sa situation initiale, le parent qui prend un cong\u00e9 parental recevra une indemnisation forfaitaire d\u2019un montant vraiment tr\u00e8s bas. C\u2019est environ 400 euros. Et encore, c\u2019est seulement pendant une partie du cong\u00e9. Le parent qui voudra prendre trois ans pour la naissance de son premier enfant n\u2019aura pas le droit \u00e0 une indemnisation pendant 3 ans. Il recevra une indemnisation pendant 6 mois et le reste du temps ne sera pas du tout pay\u00e9.<\/p>\n\n\n\n<p><a id=\"sonaar_ts-6927d4878afb7\" class=\"srmp3_sonaar_ts_shortcode\"  style=\"\" href=\"javascript:sonaar_ts_shortcode({ trackid:'0', time:'00:17:06', ts_id:'6927d4878afb7', play_icon:'' }) ;\">[00:17:06]<\/a> Alors, pour les parents, le calcul est vite fait : soit ils d\u00e9cident de ne pas du tout prendre de cong\u00e9 parental parce que ce n\u2019est pas correct financi\u00e8rement, soit ils d\u00e9cident qu\u2019un seul des deux va prendre le cong\u00e9 et forc\u00e9ment, ce sera celui qui gagne le moins d\u2019argent. Comme \u00e7a, celui qui continue \u00e0 travailler ram\u00e8ne plus d\u2019argent \u00e0 la maison. Et en g\u00e9n\u00e9ral le parent qui gagne le mieux c\u2019est l\u2019homme, le papa.<\/p>\n\n\n\n<p><a id=\"sonaar_ts-6927d4878afc0\" class=\"srmp3_sonaar_ts_shortcode\"  style=\"\" href=\"javascript:sonaar_ts_shortcode({ trackid:'0', time:'00:17:38', ts_id:'6927d4878afc0', play_icon:'' }) ;\">[00:17:38]<\/a> Donc voil\u00e0, on est pris dans un cercle vicieux : les femmes sont moins bien pay\u00e9es, parce qu\u2019elles sont soup\u00e7onn\u00e9es de prendre, \u00e9ventuellement, un cong\u00e9 parental et elles sont pouss\u00e9es \u00e0 prendre plus le cong\u00e9 parental que les papas parce qu\u2019elles sont moins bien pay\u00e9es. Il y a vraiment un probl\u00e8me dans cette histoire.<\/p>\n\n\n\n<p><a id=\"sonaar_ts-6927d4878afc5\" class=\"srmp3_sonaar_ts_shortcode\"  style=\"\" href=\"javascript:sonaar_ts_shortcode({ trackid:'0', time:'00:18:00', ts_id:'6927d4878afc5', play_icon:'' }) ;\">[00:18:00]<\/a> Alors, bien s\u00fbr, il existe d\u2019autres solutions. 60% des enfants sont gard\u00e9s par des professionnels de la petite enfance. Le premier choix qui s\u2019offre aux parents est la garde collective, dans des endroits qu\u2019on appelle des cr\u00e8ches. Il existe pr\u00e8s de 2000 cr\u00e8ches en France et les places sont difficiles \u00e0 obtenir.<\/p>\n\n\n\n<p><a id=\"sonaar_ts-6927d4878afca\" class=\"srmp3_sonaar_ts_shortcode\"  style=\"\" href=\"javascript:sonaar_ts_shortcode({ trackid:'0', time:'00:18:24', ts_id:'6927d4878afca', play_icon:'' }) ;\">[00:18:24]<\/a> Le mot \u00abcr\u00e8che\u00bb d\u00e9signe \u00e0 l\u2019origine une mangeoire pour les animaux comme les vaches ou les moutons. C\u2019est le mot qu\u2019on utilise pour d\u00e9signer une sc\u00e8ne de la naissance du Christ. Vous savez, avec le b\u00e9b\u00e9 J\u00e9sus, Marie, Joseph, les Rois Mages et les animaux. Par extension, c\u2019est le mot qu\u2019on utilise pour d\u00e9signer un endroit o\u00f9 les parents peuvent laisser leurs enfants la journ\u00e9e pendant qu\u2019ils vont au travail.<\/p>\n\n\n\n<p><a id=\"sonaar_ts-6927d4878afce\" class=\"srmp3_sonaar_ts_shortcode\"  style=\"\" href=\"javascript:sonaar_ts_shortcode({ trackid:'0', time:'00:18:57', ts_id:'6927d4878afce', play_icon:'' }) ;\">[00:18:57]<\/a> La premi\u00e8re cr\u00e8che a \u00e9t\u00e9 cr\u00e9\u00e9e en 1884 \u00e0 Paris par un \u00e9lu municipal. L\u2019objectif \u00e9tait d\u2019offrir aux enfants des ouvri\u00e8res un endroit sain o\u00f9 passer leurs journ\u00e9es et \u00eatre soign\u00e9s pendant que leurs mamans allaient au travail. Le concept a tr\u00e8s bien fonctionn\u00e9 et des cr\u00e8ches ont \u00e9t\u00e9 ouvertes partout en France. Puis, quand les femmes des autres classes sociales ont commenc\u00e9 \u00e0 travailler, les places en cr\u00e8che ont \u00e9t\u00e9 de plus en plus demand\u00e9es. Aujourd\u2019hui, il existe plusieurs types de cr\u00e8ches : collective, familiale, parentale, d\u2019entreprise, haltes garderie et jardins d\u2019enfants. Tous ces \u00e9tablissements sont similaires et ils ont en commun d\u2019\u00eatre en partie financ\u00e9s par l\u2019\u00c9tat. Les parents doivent payer une partie, mais le montant va d\u00e9pendre des revenus des parents et c\u2019est calcul\u00e9 par l\u2019Etat.<\/p>\n\n\n\n<p><a id=\"sonaar_ts-6927d4878afd2\" class=\"srmp3_sonaar_ts_shortcode\"  style=\"\" href=\"javascript:sonaar_ts_shortcode({ trackid:'0', time:'00:20:06', ts_id:'6927d4878afd2', play_icon:'' }) ;\">[00:20:06]<\/a> Le probl\u00e8me, c\u2019est qu\u2019il n\u2019y a pas du tout assez de place pour tout le monde. Dans certaines villes, il y a 6 places pour 100 enfants de moins de 3 ans. Dans les villes o\u00f9 il y a plus de places, on attend peut-\u00eatre 40% des places. En plus, les conditions d\u2019attribution sont opaques. \u00abOpaque\u00bb, \u00e7a veut dire qui n\u2019est pas transparent, c\u2019est quand il n\u2019y a pas de r\u00e8gles claires. Certaines enqu\u00eates journalistiques ont r\u00e9v\u00e9l\u00e9 qu\u2019il \u00e9tait possible d\u2019obtenir une place en \u00e9crivant des lettres aux \u00e9lus municipaux, en passant des appels. En clair, en se faisant pistonner. \u00ab Se faire pistonner \u00bb, \u00e7a veut dire r\u00e9ussir \u00e0 avoir quelque chose gr\u00e2ce \u00e0 une personne \u00e0 l\u2019int\u00e9rieur du syst\u00e8me. Forc\u00e9ment, les parents avec un plus grand capital culturel et \u00e9conomique sont favoris\u00e9s. Tout le monde n\u2019a pas les outils pour r\u00e9ussir \u00e0 convaincre Monsieur ou Madame le Maire.<\/p>\n\n\n\n<p><a id=\"sonaar_ts-6927d4878afd7\" class=\"srmp3_sonaar_ts_shortcode\"  style=\"\" href=\"javascript:sonaar_ts_shortcode({ trackid:'0', time:'00:21:10', ts_id:'6927d4878afd7', play_icon:'' }) ;\">[00:21:10]<\/a> Au final, ce sont 20% des enfants de moins de 3 ans qui r\u00e9ussissent \u00e0 aller en cr\u00e8che ou dans un autre type de garde collective. Pour les autres, donc un peu plus de 30% des enfants, l\u2019autre option c\u2019est la garde individuelle, c\u2019est-\u00e0-dire de faire garder son enfant par une nounou.<\/p>\n\n\n\n<p><a id=\"sonaar_ts-6927d4878afe0\" class=\"srmp3_sonaar_ts_shortcode\"  style=\"\" href=\"javascript:sonaar_ts_shortcode({ trackid:'0', time:'00:21:38', ts_id:'6927d4878afe0', play_icon:'' }) ;\">[00:21:38]<\/a> \u00ab Nounou \u00bb, c\u2019est le diminutif de \u00abnourrice\u00bb. Donc la nourrice on en parlait avant, c\u2019\u00e9tait la personne qui s&#8217;occupait anciennement des enfants des familles ais\u00e9es. Aujourd\u2019hui, on utilise encore le mot \u00abnourrice\u00bb mais je pense que c\u2019est quand m\u00eame plus commun de dire \u00abnounou\u00bb. Dans tous les cas, \u00abnourrice\u00bb ou \u00abnounou\u00bb, ce ne sont pas des mots administratifs, c\u2019est plut\u00f4t une fa\u00e7on g\u00e9n\u00e9rale, voire affective, de d\u00e9signer toute personne dont le m\u00e9tier est de s\u2019occuper de son enfant. Enfin\u2026des enfants des autres.<\/p>\n\n\n\n<p><a id=\"sonaar_ts-6927d4878afe5\" class=\"srmp3_sonaar_ts_shortcode\"  style=\"\" href=\"javascript:sonaar_ts_shortcode({ trackid:'0', time:'00:22:16', ts_id:'6927d4878afe5', play_icon:'' }) ;\">[00:22:16]<\/a> La \u00abnounou\u00bb \u00e7a peut \u00eatre simplement une baby-sitter qui n\u2019est pas forc\u00e9ment qualifi\u00e9e, \u00e7a peut \u00eatre une jeune fille au pair, mais souvent les parents pr\u00e9f\u00e8rent opter pour une nourrice agr\u00e9\u00e9e, une professionnelle qui est dipl\u00f4m\u00e9e, qui sait ce qu\u2019elle fait. Dans ce cas-l\u00e0, \u00e7a peut \u00eatre soit une auxiliaire parentale, quand elle se rend chez les parents, soit, la plus courante, c\u2019est l\u2019assistante maternelle, qui accueille les enfants chez elle. Pour les nourrices agr\u00e9\u00e9es \u00e9galement, il y a un prix fix\u00e9 par l\u2019Etat avec une partie pay\u00e9e par les parents et une partie qui est financ\u00e9e par diff\u00e9rentes aides.<\/p>\n\n\n\n<p><a id=\"sonaar_ts-6927d4878afe9\" class=\"srmp3_sonaar_ts_shortcode\"  style=\"\" href=\"javascript:sonaar_ts_shortcode({ trackid:'0', time:'00:23:04', ts_id:'6927d4878afe9', play_icon:'' }) ;\">[00:23:04]<\/a> Alors, peut-\u00eatre que vous avez remarqu\u00e9, je parle de tous ces m\u00e9tiers au f\u00e9minin : une baby-sitter, une jeune fille au pair, une auxiliaire parentale et une assistante maternelle. Je le fais expr\u00e8s, parce que c\u2019est plus proche de la r\u00e9alit\u00e9 : la tr\u00e8s grande majorit\u00e9 des professionnelles de la petite enfance sont des femmes. Et cette pr\u00e9cision n\u2019est pas un d\u00e9tail. Vous allez comprendre pourquoi.<\/p>\n\n\n\n<p><a id=\"sonaar_ts-6927d4878afee\" class=\"srmp3_sonaar_ts_shortcode\"  style=\"\" href=\"javascript:sonaar_ts_shortcode({ trackid:'0', time:'00:23:30', ts_id:'6927d4878afee', play_icon:'' }) ;\">[00:23:30]<\/a> Je vous ai dit que trouver une place en cr\u00e8che peut \u00eatre tr\u00e8s difficile. Eh bien, trouver la nounou id\u00e9ale peut aussi \u00eatre un parcours du combattant. Pour certaines familles, c\u2019est surtout tr\u00e8s cher. Pour d\u2019autres, c\u2019est une difficult\u00e9 \u00e0 trouver une nounou qui r\u00e9ussisse \u00e0 les accommoder avec leurs horaires. Face \u00e0 la difficult\u00e9 \u00e0 faire garder ses enfants, certains parents n\u2019h\u00e9sitent pas \u00e0 faire appel \u00e0 des femmes sans papiers, c\u2019est-\u00e0-dire des personnes migrantes en situation irr\u00e9guli\u00e8re, ou encore \u00e0 des femmes en situation de grande pr\u00e9carit\u00e9 qui ne sont pas exigeantes sur les conditions de travail. Ces femmes travaillent pour moins que le salaire minimum et font des heures bien au-del\u00e0 du maximum l\u00e9gal.<\/p>\n\n\n\n<p><a id=\"sonaar_ts-6927d4878aff3\" class=\"srmp3_sonaar_ts_shortcode\"  style=\"\" href=\"javascript:sonaar_ts_shortcode({ trackid:'0', time:'00:24:25', ts_id:'6927d4878aff3', play_icon:'' }) ;\">[00:24:25]<\/a> Ainsi, malheureusement, la boucle des in\u00e9galit\u00e9s est boucl\u00e9e: dans l\u2019absence de politique familiale efficace, les femmes des classes moyennes et ais\u00e9es sont d\u00e9favoris\u00e9es au travail. Et pour que celles-ci puissent continuer \u00e0 travailler malgr\u00e9 tout, elles se retrouvent \u00e0 exploiter des femmes en situation de pr\u00e9carit\u00e9 pr\u00eates \u00e0 accepter des mauvaises conditions de travail. C\u2019est donc une chaine dans laquelle aucune femme n\u2019est epargn\u00e9e.<\/p>\n\n\n\n<p><a id=\"sonaar_ts-6927d4878affe\" class=\"srmp3_sonaar_ts_shortcode\"  style=\"\" href=\"javascript:sonaar_ts_shortcode({ trackid:'0', time:'00:25:08', ts_id:'6927d4878affe', play_icon:'' }) ;\">[00:25:08]<\/a> Vous avez donc compris, faire garder ses enfants est tr\u00e8s difficile en France et cela d\u00e9s\u00e9quilibre les relations entre les hommes et les femmes \u00e0 la maison comme au travail. Heureusement, \u00e0 partir de 2 ou 3 ans, \u00e7a commence \u00e0 devenir un petit peu plus facile, gr\u00e2ce \u00e0 l\u2019\u00e9cole maternelle. Et ce sera notre troisi\u00e8me et derni\u00e8re partie : comment l\u2019\u00e9cole est utilis\u00e9e comme un moyen de garde.<\/p>\n\n\n\n<p><a id=\"sonaar_ts-6927d4878b003\" class=\"srmp3_sonaar_ts_shortcode\"  style=\"\" href=\"javascript:sonaar_ts_shortcode({ trackid:'0', time:'00:25:41', ts_id:'6927d4878b003', play_icon:'' }) ;\">[00:25:41]<\/a> La maternelle est l\u2019\u00e9cole o\u00f9 vont les enfants \u00e0 partir de 3 ans et jusqu\u2019\u00e0 l\u2019\u00e2ge de 6 ans. Depuis la rentr\u00e9e 2020, en France, la scolarisation est obligatoire \u00e0 partir de 3 ans. Avant cela, c\u2019\u00e9tait \u00e0 partir de 6 ans. Mais en r\u00e9alit\u00e9, cela fait des ann\u00e9es que la France a le taux record de scolarisation des enfants de 3 ans parmi tous les pays de l\u2019OCDE. En 2019, selon les chiffres de l\u2019OCDE, 100% des enfants de 3 ans \u00e9taient scolaris\u00e9s en France, bien au-dessus des 80% de la Finlande ou des 66% de l\u2019Australie. Les deux seuls autres pays de l\u2019OCDE qui comptent 100% des enfants de 3 ans scolaris\u00e9s sont l&#8217;Isra\u00ebl et le Royaume-Uni.<\/p>\n\n\n\n<p><a id=\"sonaar_ts-6927d4878b008\" class=\"srmp3_sonaar_ts_shortcode\"  style=\"\" href=\"javascript:sonaar_ts_shortcode({ trackid:'0', time:'00:26:40', ts_id:'6927d4878b008', play_icon:'' }) ;\">[00:26:40]<\/a> Donc, c\u2019est pour \u00e7a que je vous disais que l\u2019\u00e9cole maternelle sert aussi de mode de garde en France : sans qu\u2019elle soit obligatoire, les parents y inscrivaient syst\u00e9matiquement leurs enfants d\u00e8s la petite section.<\/p>\n\n\n\n<p><a id=\"sonaar_ts-6927d4878b00d\" class=\"srmp3_sonaar_ts_shortcode\"  style=\"\" href=\"javascript:sonaar_ts_shortcode({ trackid:'0', time:'00:26:57', ts_id:'6927d4878b00d', play_icon:'' }) ;\">[00:26:57]<\/a> Pourtant, dans son fonctionnement, l\u2019\u00e9cole maternelle fran\u00e7aise est tr\u00e8s loin de ressembler \u00e0 un simple jardin d\u2019enfants o\u00f9 les petits jouent librement, comme \u00e7a peut \u00eatre le cas dans certains pays. En France, d\u00e8s l\u2019\u00e2ge de 3 ans, les enfants sont divis\u00e9s en classes de niveaux : l\u2019ann\u00e9e de ses 3 ans, un enfant entre en petite section, ensuite il passe en moyenne section, et la troisi\u00e8me ann\u00e9e, c\u2019est la grande section. ll y a environ 25 \u00e9l\u00e8ves par classe, et \u00e0 chaque classe un ou une prof, que les enfants appellent \u00abma\u00eetre\u00bb ou \u00abma\u00eetresse\u00bb. Le ma\u00eetre ou la ma\u00eetresse a un programme scolaire \u00e0 respecter. Si les enfants n\u2019ont pas toutes les connaissances requises ou si au contraire ils sont en avance, ils peuvent redoubler ou sauter une classe. \u00ab Redoubler \u00bb, \u00e7a veut dire rester une ann\u00e9e de plus dans le m\u00eame niveau. Et \u00ab sauter une classe \u00bb, \u00e7a veut dire passer directement deux niveaux au-dessus.<\/p>\n\n\n\n<p><a id=\"sonaar_ts-6927d4878b012\" class=\"srmp3_sonaar_ts_shortcode\"  style=\"\" href=\"javascript:sonaar_ts_shortcode({ trackid:'0', time:'00:28:05', ts_id:'6927d4878b012', play_icon:'' }) ;\">[00:28:05]<\/a> Ce syst\u00e8me tr\u00e8s scolaire et rigide surprend souvent les \u00e9trangers qui ont des enfants en France. J\u2019ai vu plusieurs t\u00e9moignages de personnes qui exprimaient leur surprise, par exemple une maman allemande qui expliquait qu\u2019en Allemagne les enfants jouent librement sans \u00eatre s\u00e9par\u00e9s par \u00e2ges ou par niveaux. Si vous \u00eates surpris, ou si au contraire vous avez un syst\u00e8me similaire dans votre pays, \u00e7a m\u2019int\u00e9resserait beaucoup d\u2019en savoir plus, alors n\u2019h\u00e9sitez pas \u00e0 laisser un commentaire ou \u00e0 m\u2019envoyer un message.<\/p>\n\n\n\n<p><a id=\"sonaar_ts-6927d4878b016\" class=\"srmp3_sonaar_ts_shortcode\"  style=\"\" href=\"javascript:sonaar_ts_shortcode({ trackid:'0', time:'00:28:41', ts_id:'6927d4878b016', play_icon:'' }) ;\">[00:28:41]<\/a> Enfin, je vous partage une derni\u00e8re info sur l\u2019\u00e9cole maternelle avant de vous laisser : dans les quartiers les plus pauvres, le gouvernement met en place des moyens pour favoriser la scolarisation pr\u00e9coce, c\u2019est-\u00e0-dire pour permettre aux enfants d\u2019aller \u00e0 l\u2019\u00e9cole d\u00e8s qu\u2019ils ont 2 ans. Ainsi, ils ont une ann\u00e9e d\u2019adaptation avant d\u2019entrer en petite section. Officiellement, l\u2019objectif est de pr\u00e9venir les diff\u00e9rences d\u2019apprentissage entre les enfants qui n\u2019ont pas acc\u00e8s aux m\u00eames outils \u00e0 la maison. Mais dans les faits, la scolarisation pr\u00e9coce, c\u2019est aussi un moyen pour les mamans les plus pauvres d\u2019avoir du temps pour travailler.<\/p>\n\n\n\n<p><a id=\"sonaar_ts-6927d4878b01f\" class=\"srmp3_sonaar_ts_shortcode\"  style=\"\" href=\"javascript:sonaar_ts_shortcode({ trackid:'0', time:'00:29:28', ts_id:'6927d4878b01f', play_icon:'' }) ;\">[00:29:28]<\/a> Bien \u00e9videmment, le temps de l\u2019\u00e9cole n\u2019est pas aussi long que le temps du travail, donc m\u00eame si cela permet de lib\u00e9rer quelques heures, c\u2019est loin d\u2019\u00eatre un mode de garde \u00e0 lui tout seul&#8230; En plus, ce n\u2019est pas son objectif. Mais dans un contexte o\u00f9 faire garder ses enfants est un vrai enjeu d\u2019\u00e9galit\u00e9 et de pouvoir \u00e9conomique, l\u2019\u00e9cole maternelle est un vrai plus que les mamans ne n\u00e9gligent pas.<\/p>\n\n\n\n<p><a id=\"sonaar_ts-6927d4878b024\" class=\"srmp3_sonaar_ts_shortcode\"  style=\"\" href=\"javascript:sonaar_ts_shortcode({ trackid:'0', time:'00:30:03', ts_id:'6927d4878b024', play_icon:'' }) ;\">[00:30:03]<\/a> Voil\u00e0, j&#8217;esp\u00e8re que cet \u00e9pisode vous aura \u00e9clair\u00e9 sur les diff\u00e9rents modes de garde pour les enfants en France. J&#8217;esp\u00e8re que vous aurez appris du vocabulaire. Sur la page de l&#8217;\u00e9pisode, bien s\u00fbr vous retrouverez la transcription avec le vocabulaire que vous pourrez apprendre. Si vous avez des remarques, des suggestions, n&#8217;h\u00e9sitez pas \u00e0 m&#8217;\u00e9crire. Je serai ravie de vous lire ! Merci \u00e0 tous et \u00e0 tr\u00e8s bient\u00f4t pour un prochain \u00e9pisode.&nbsp;<\/p>\n","protected":false},"excerpt":{"rendered":"<p>Bonjour \u00e0 toutes et \u00e0 tous ! C\u2019est moi, Ingrid et je suis heureuse de vous retrouver pour mon tout premier \u00e9pisode solo de l\u2019ann\u00e9e. Avant de commencer, je voulais vous souhaiter une excellente nouvelle ann\u00e9e ! Qu\u2019elle soit remplie de bonheur et de r\u00e9ussites. Je vous souhaite \u00e9videmment de continuer \u00e0 progresser en fran\u00e7ais&#8230;<\/p>\n","protected":false},"author":17608,"featured_media":289672,"comment_status":"open","ping_status":"open","sticky":false,"template":"","format":[190],"meta":{"_acf_changed":false,"_kad_blocks_custom_css":"","_kad_blocks_head_custom_js":"","_kad_blocks_body_custom_js":"","_kad_blocks_footer_custom_js":"","_kad_post_transparent":"","_kad_post_title":"","_kad_post_layout":"","_kad_post_sidebar_id":"","_kad_post_content_style":"","_kad_post_vertical_padding":"","_kad_post_feature":"","_kad_post_feature_position":"","_kad_post_header":false,"_kad_post_footer":false,"_kad_post_classname":"","footnotes":""},"categories":[168],"tags":[173,175,172],"class_list":["post-18579","post","type-post","status-publish","format-standard","has-post-thumbnail","hentry","category-podcast","tag-feminisme","tag-france","tag-societe","format-solo-ingrid"],"acf":[],"taxonomy_info":{"category":[{"value":168,"label":"Podcast"}],"post_tag":[{"value":173,"label":"F\u00e9minisme"},{"value":175,"label":"France"},{"value":172,"label":"Soci\u00e9t\u00e9"}],"format":[{"value":190,"label":"Solo Ingrid"}]},"featured_image_src_large":["https:\/\/innerfrench.com\/wp-content\/uploads\/2022\/03\/garder-son-enfant-e1718021838516-750x406.jpg",750,406,true],"author_info":{"display_name":"Ingrid","author_link":"https:\/\/innerfrench.com\/author\/ingrid_temp\/"},"comment_info":34,"category_info":[{"term_id":168,"name":"Podcast","slug":"podcast","term_group":0,"term_taxonomy_id":168,"taxonomy":"category","description":"","parent":0,"count":185,"filter":"raw","cat_ID":168,"category_count":185,"category_description":"","cat_name":"Podcast","category_nicename":"podcast","category_parent":0}],"tag_info":[{"term_id":173,"name":"F\u00e9minisme","slug":"feminisme","term_group":0,"term_taxonomy_id":173,"taxonomy":"post_tag","description":"","parent":0,"count":11,"filter":"raw"},{"term_id":175,"name":"France","slug":"france","term_group":0,"term_taxonomy_id":175,"taxonomy":"post_tag","description":"","parent":0,"count":100,"filter":"raw"},{"term_id":172,"name":"Soci\u00e9t\u00e9","slug":"societe","term_group":0,"term_taxonomy_id":172,"taxonomy":"post_tag","description":"","parent":0,"count":94,"filter":"raw"}],"_links":{"self":[{"href":"https:\/\/innerfrench.com\/wp-json\/wp\/v2\/posts\/18579","targetHints":{"allow":["GET"]}}],"collection":[{"href":"https:\/\/innerfrench.com\/wp-json\/wp\/v2\/posts"}],"about":[{"href":"https:\/\/innerfrench.com\/wp-json\/wp\/v2\/types\/post"}],"author":[{"embeddable":true,"href":"https:\/\/innerfrench.com\/wp-json\/wp\/v2\/users\/17608"}],"replies":[{"embeddable":true,"href":"https:\/\/innerfrench.com\/wp-json\/wp\/v2\/comments?post=18579"}],"version-history":[{"count":1,"href":"https:\/\/innerfrench.com\/wp-json\/wp\/v2\/posts\/18579\/revisions"}],"predecessor-version":[{"id":293753,"href":"https:\/\/innerfrench.com\/wp-json\/wp\/v2\/posts\/18579\/revisions\/293753"}],"wp:featuredmedia":[{"embeddable":true,"href":"https:\/\/innerfrench.com\/wp-json\/wp\/v2\/media\/289672"}],"wp:attachment":[{"href":"https:\/\/innerfrench.com\/wp-json\/wp\/v2\/media?parent=18579"}],"wp:term":[{"taxonomy":"category","embeddable":true,"href":"https:\/\/innerfrench.com\/wp-json\/wp\/v2\/categories?post=18579"},{"taxonomy":"post_tag","embeddable":true,"href":"https:\/\/innerfrench.com\/wp-json\/wp\/v2\/tags?post=18579"},{"taxonomy":"format","embeddable":true,"href":"https:\/\/innerfrench.com\/wp-json\/wp\/v2\/format?post=18579"}],"curies":[{"name":"wp","href":"https:\/\/api.w.org\/{rel}","templated":true}]}}