{"id":18754,"date":"2022-03-31T19:13:01","date_gmt":"2022-03-31T17:13:01","guid":{"rendered":"https:\/\/innerfrench.com\/?p=18754"},"modified":"2025-09-28T20:47:45","modified_gmt":"2025-09-28T18:47:45","slug":"108-qui-sera-le-prochain-president","status":"publish","type":"post","link":"https:\/\/innerfrench.com\/108-qui-sera-le-prochain-president\/","title":{"rendered":"#108 Qui sera le prochain Pr\u00e9sident des Fran\u00e7ais ?"},"content":{"rendered":"\n<p>Hugo: <a id=\"sonaar_ts-6927cdcc4e98c\" class=\"srmp3_sonaar_ts_shortcode\"  style=\"\" href=\"javascript:sonaar_ts_shortcode({ trackid:'0', time:'00:00:14', ts_id:'6927cdcc4e98c', play_icon:'' }) ;\">[00:00:14]<\/a> Salut \u00e0 toutes et \u00e0 tous! Bienvenue! Aujourd&#8217;hui, comme vous l&#8217;avez entendu, je suis en compagnie d&#8217;Ingrid.<\/p>\n\n\n\n<p>Ingrid: <a id=\"sonaar_ts-6927cdcc4e99e\" class=\"srmp3_sonaar_ts_shortcode\"  style=\"\" href=\"javascript:sonaar_ts_shortcode({ trackid:'0', time:'00:00:20', ts_id:'6927cdcc4e99e', play_icon:'' }) ;\">[00:00:20]<\/a> Salut \u00e0 tous.<\/p>\n\n\n\n<p>Hugo: <a id=\"sonaar_ts-6927cdcc4e9a6\" class=\"srmp3_sonaar_ts_shortcode\"  style=\"\" href=\"javascript:sonaar_ts_shortcode({ trackid:'0', time:'00:00:22', ts_id:'6927cdcc4e9a6', play_icon:'' }) ;\">[00:00:22]<\/a> Pour vous parler des prochaines \u00e9lections pr\u00e9sidentielles. C&#8217;est LE sujet d&#8217;actualit\u00e9 en ce moment en France. En plus \u00e9videmment de la guerre en Ukraine et de la fin ou non de la pand\u00e9mie de covid, dont on parle beaucoup. Alors l&#8217;id\u00e9e de cet \u00e9pisode, c&#8217;est de vous pr\u00e9senter comment fonctionnent les \u00e9lections pr\u00e9sidentielles en France, de vous expliquer pourquoi ce sont les \u00e9lections les plus importantes pour les Fran\u00e7ais. On va aussi vous parler des candidats qui se pr\u00e9sentent cette ann\u00e9e et un petit peu des mesures qu&#8217;ils proposent. Et pour finir, on vous parlera des \u00e9lecteurs, les personnes qui vont voter. D&#8217;ailleurs Ingrid, est-ce que tu sais d\u00e9j\u00e0 pour qui tu vas voter?<\/p>\n\n\n\n<p>Ingrid: <a id=\"sonaar_ts-6927cdcc4e9ad\" class=\"srmp3_sonaar_ts_shortcode\"  style=\"\" href=\"javascript:sonaar_ts_shortcode({ trackid:'0', time:'00:01:11', ts_id:'6927cdcc4e9ad', play_icon:'' }) ;\">[00:01:11]<\/a> Oui, c&#8217;est bon. Je sais, j&#8217;ai pris ma d\u00e9cision. Et toi?<\/p>\n\n\n\n<p>Hugo: <a id=\"sonaar_ts-6927cdcc4e9b2\" class=\"srmp3_sonaar_ts_shortcode\"  style=\"\" href=\"javascript:sonaar_ts_shortcode({ trackid:'0', time:'00:01:15', ts_id:'6927cdcc4e9b2', play_icon:'' }) ;\">[00:01:15]<\/a> Ouais, je sais aussi. Je sais aussi, en tout cas pour le premier tour et puis au second tour&#8230; Bon, il n&#8217;y a pas trop trop de suspense, mais on verra.<\/p>\n\n\n\n<p>Ingrid: <a id=\"sonaar_ts-6927cdcc4e9b8\" class=\"srmp3_sonaar_ts_shortcode\"  style=\"\" href=\"javascript:sonaar_ts_shortcode({ trackid:'0', time:'00:01:22', ts_id:'6927cdcc4e9b8', play_icon:'' }) ;\">[00:01:22]<\/a> Bah on verra. On verra. En tout cas, moi, je ne prends pas de d\u00e9cision en avance, je n&#8217;ai pas de boule de cristal, donc on ne sait jamais.<\/p>\n\n\n\n<p>Hugo: <a id=\"sonaar_ts-6927cdcc4e9bd\" class=\"srmp3_sonaar_ts_shortcode\"  style=\"\" href=\"javascript:sonaar_ts_shortcode({ trackid:'0', time:'00:01:31', ts_id:'6927cdcc4e9bd', play_icon:'' }) ;\">[00:01:31]<\/a> On ne sait jamais. Alors le premier tour des \u00e9lections pr\u00e9sidentielles, ce sera le dimanche 10 avril et le deuxi\u00e8me tour le 24 avril, 2 semaines plus tard. Est-ce que j&#8217;ai bien fait le calcul? Oui. Deux semaines plus tard.<\/p>\n\n\n\n<p>Ingrid: <a id=\"sonaar_ts-6927cdcc4e9cd\" class=\"srmp3_sonaar_ts_shortcode\"  style=\"\" href=\"javascript:sonaar_ts_shortcode({ trackid:'0', time:'00:01:49', ts_id:'6927cdcc4e9cd', play_icon:'' }) ;\">[00:01:49]<\/a> Ouais, c&#8217;est bien \u00e7a ouais.<\/p>\n\n\n\n<p>Hugo: <a id=\"sonaar_ts-6927cdcc4e9d3\" class=\"srmp3_sonaar_ts_shortcode\"  style=\"\" href=\"javascript:sonaar_ts_shortcode({ trackid:'0', time:'00:01:49', ts_id:'6927cdcc4e9d3', play_icon:'' }) ;\">[00:01:49]<\/a> Donc, comme je vous l&#8217;ai dit, c&#8217;est des \u00e9lections un peu particuli\u00e8res \u00e0 cause du contexte actuel, de la guerre en Ukraine et du covid. On va voir aussi comment \u00e7a influence la campagne pr\u00e9sidentielle. Et sans plus attendre, je vous propose de commencer cet \u00e9pisode.<\/p>\n\n\n\n<p>Hugo: <a id=\"sonaar_ts-6927cdcc4e9d8\" class=\"srmp3_sonaar_ts_shortcode\"  style=\"\" href=\"javascript:sonaar_ts_shortcode({ trackid:'0', time:'00:02:17', ts_id:'6927cdcc4e9d8', play_icon:'' }) ;\">[00:02:17]<\/a> Alors pour commencer, pourquoi ces \u00e9lections, les \u00e9lections pr\u00e9sidentielles, sont celles qui sont les plus importantes, et de loin, pour les Fran\u00e7ais? En fait, c&#8217;est quelque chose qui est li\u00e9 au r\u00e9gime, donc la Cinqui\u00e8me R\u00e9publique, en France. C&#8217;est un r\u00e9gime qui a fait suite \u00e0 la quatri\u00e8me R\u00e9publique \u00e9videmment. Alors pour vous situer un peu le contexte historique, la quatri\u00e8me R\u00e9publique, elle a \u00e9t\u00e9 cr\u00e9\u00e9e apr\u00e8s la Seconde Guerre mondiale pour reconstruire la France apr\u00e8s le conflit. Et la particularit\u00e9 de la quatri\u00e8me R\u00e9publique, c&#8217;\u00e9tait que c&#8217;\u00e9tait un r\u00e9gime parlementaire. Autrement dit, c&#8217;est l&#8217;Assembl\u00e9e nationale qui avait le plus de pouvoir. L&#8217;assembl\u00e9e nationale contr\u00f4lait les gouvernements. Et les ministres et le Pr\u00e9sident \u00e9taient en grande partie d\u00e9pendants de la bonne volont\u00e9 de cette Assembl\u00e9e. Le probl\u00e8me, c&#8217;est qu&#8217;\u00e0 l&#8217;\u00e9poque, il y avait beaucoup de partis politiques et c&#8217;\u00e9tait difficile d&#8217;avoir une majorit\u00e9 claire \u00e0 l&#8217;Assembl\u00e9e. Donc, c&#8217;\u00e9tait un r\u00e9gime qui \u00e9tait vraiment tr\u00e8s instable. Il y avait beaucoup de divisions sur des questions importantes, comme par exemple la guerre froide -\u00e9videmment, on \u00e9tait en pleine guerre froide- mais aussi la question de l&#8217;Alg\u00e9rie, qui \u00e9tait \u00e0 cette \u00e9poque&#8230; qui appartenait \u00e0 la France. Donc, il y avait beaucoup de divisions \u00e0 l&#8217;Assembl\u00e9e, des d\u00e9bats incessants et il y avait cette instabilit\u00e9. Donc, notamment le fait que, en douze ans d&#8217;existence, le gouvernement a chang\u00e9 24 fois. Donc \u00e7a fait une moyenne d&#8217;un nouveau gouvernement tous les six mois. Donc voil\u00e0, vous avez un peu une id\u00e9e de cette instabilit\u00e9. Alors en 1958, les tensions \u00e0 propos de l&#8217;Alg\u00e9rie commencent \u00e0 augmenter fortement et les Fran\u00e7ais et certains membres du Parlement et du gouvernement font appel au g\u00e9n\u00e9ral De Gaulle, le h\u00e9ros de la Seconde Guerre mondiale, en se disant qu&#8217;il va pouvoir sauver la France une fois de plus pour r\u00e9gler cette question de l&#8217;Alg\u00e9rie. Alors il est, on pourrait dire, appel\u00e9 \u00e0 la rescousse. Appeler quelqu&#8217;un \u00e0 la rescousse, \u00e7a veut dire au secours de quelqu&#8217;un. Quand vous avez besoin d&#8217;aide, vous pouvez appeler Superman ou Charles De Gaulle \u00e0 la rescousse.<\/p>\n\n\n\n<p>Ingrid: <a id=\"sonaar_ts-6927cdcc4e9e1\" class=\"srmp3_sonaar_ts_shortcode\"  style=\"\" href=\"javascript:sonaar_ts_shortcode({ trackid:'0', time:'0', ts_id:'6927cdcc4e9e1', play_icon:'' }) ;\">[00:04:50]<\/a> C&#8217;est presque la m\u00eame chose.<\/p>\n\n\n\n<p>Hugo: <a id=\"sonaar_ts-6927cdcc4e9e7\" class=\"srmp3_sonaar_ts_shortcode\"  style=\"\" href=\"javascript:sonaar_ts_shortcode({ trackid:'0', time:'00:04:51', ts_id:'6927cdcc4e9e7', play_icon:'' }) ;\">[00:04:51]<\/a> C&#8217;est presque la m\u00eame chose.<\/p>\n\n\n\n<p>Ingrid: <a id=\"sonaar_ts-6927cdcc4e9ed\" class=\"srmp3_sonaar_ts_shortcode\"  style=\"\" href=\"javascript:sonaar_ts_shortcode({ trackid:'0', time:'00:04:53', ts_id:'6927cdcc4e9ed', play_icon:'' }) ;\">[00:04:53]<\/a> C&#8217;est notre Superman fran\u00e7ais.<\/p>\n\n\n\n<p>Hugo: <a id=\"sonaar_ts-6927cdcc4e9f2\" class=\"srmp3_sonaar_ts_shortcode\"  style=\"\" href=\"javascript:sonaar_ts_shortcode({ trackid:'0', time:'00:04:55', ts_id:'6927cdcc4e9f2', play_icon:'' }) ;\">[00:04:55]<\/a> C&#8217;est notre Superman fran\u00e7ais. D&#8217;ailleurs, maintenant, beaucoup de politiciens, la plupart des politiciens fran\u00e7ais se r\u00e9clament de De Gaulle. Tout le monde est gaulliste en France, mais \u00e7a n&#8217;a pas toujours \u00e9t\u00e9 le cas. Mais voil\u00e0, c&#8217;est vrai que depuis une vingtaine, une trentaine d&#8217;ann\u00e9es, De Gaulle est vraiment tr\u00e8s \u00e0 la mode en France. C&#8217;est \u00e0 la mode d&#8217;\u00eatre gaulliste. Alors De Gaulle arrive \u00e0 la rescousse et il obtient l&#8217;autorisation de r\u00e9diger une nouvelle constitution qu&#8217;il fait voter aux Fran\u00e7ais. Donc il la soumet aux Fran\u00e7ais par un r\u00e9f\u00e9rendum. Les Fran\u00e7ais acceptent \u00e0 82 % et c&#8217;est la cr\u00e9ation de la Cinqui\u00e8me R\u00e9publique dont Charles De Gaulle a \u00e9t\u00e9 \u00e9lu Pr\u00e9sident juste apr\u00e8s.<\/p>\n\n\n\n<p>Ingrid: <a id=\"sonaar_ts-6927cdcc4e9f7\" class=\"srmp3_sonaar_ts_shortcode\"  style=\"\" href=\"javascript:sonaar_ts_shortcode({ trackid:'0', time:'00:05:41', ts_id:'6927cdcc4e9f7', play_icon:'' }) ;\">[00:05:41]<\/a> Oui d&#8217;ailleurs tu viens de dire que De Gaulle organisait un r\u00e9f\u00e9rendum. Je sais pas si tout le monde sait ce que c&#8217;est, mais on va peut \u00eatre expliquer. Un r\u00e9f\u00e9rendum, c&#8217;est quand le Pr\u00e9sident de la R\u00e9publique pose une question aux Fran\u00e7ais, \u00e0 sa population -\u00e7a peut, \u00e7a peut \u00eatre le cas dans un autre pays- et que la population est appel\u00e9e \u00e0 voter soit oui, soit non. Donc voil\u00e0, c&#8217;est simplement une question par oui ou par non. Et souvent, c&#8217;est une mani\u00e8re aussi pour le Pr\u00e9sident de la R\u00e9publique d&#8217;assurer un peu sa l\u00e9gitimit\u00e9, de montrer que les Fran\u00e7ais sont d&#8217;accord avec lui. Voil\u00e0, c&#8217;est un des pouvoirs, notamment d\u00e9tenu par le Pr\u00e9sident de la R\u00e9publique en France. Donc, euh&#8230; Et c&#8217;est vrai que c&#8217;est quelque chose que De Gaulle va faire beaucoup par la suite. Comme tu l&#8217;as expliqu\u00e9, il a une pratique du pouvoir qui n&#8217;est pas tr\u00e8s parlementaire, c&#8217;est-\u00e0-dire qu&#8217;il ne donne pas un r\u00f4le important aux d\u00e9put\u00e9s et aux s\u00e9nateurs. Quand il prend des d\u00e9cisions pour le pays, il le fait souvent un peu tout seul parce qu&#8217;il se consid\u00e8re comme repr\u00e9sentant de la population, et il estime qu&#8217;il peut d\u00e9cider, voil\u00e0, au nom de tous les Fran\u00e7ais. Le probl\u00e8me, c&#8217;est que, au d\u00e9but de la Cinqui\u00e8me R\u00e9publique, le Pr\u00e9sident n&#8217;\u00e9tait pas \u00e9lu directement par le peuple. Il \u00e9tait \u00e9lu par un coll\u00e8ge de grands \u00e9lecteurs. \u00c7a s&#8217;appelle le suffrage universel indirect. Alors, les parlementaires -donc les parlementaires, c&#8217;est les d\u00e9put\u00e9s et les s\u00e9nateurs- ils estimaient que De Gaulle n&#8217;avait pas assez de l\u00e9gitimit\u00e9 pour se revendiquer &#8220;repr\u00e9sentant du peuple&#8221;. Ils voulaient que toutes les d\u00e9cisions soient prises avec le Parlement, c&#8217;est \u00e0 dire avec l&#8217;Assembl\u00e9e et le S\u00e9nat.<\/p>\n\n\n\n<p><a id=\"sonaar_ts-6927cdcc4ea08\" class=\"srmp3_sonaar_ts_shortcode\"  style=\"\" href=\"javascript:sonaar_ts_shortcode({ trackid:'0', time:'00:07:32', ts_id:'6927cdcc4ea08', play_icon:'' }) ;\">[00:07:32]<\/a> Alors, pour contourner ce probl\u00e8me, Charles De Gaulle a eu deux bonnes id\u00e9es. La premi\u00e8re bonne id\u00e9e donc, c&#8217;est de multiplier les r\u00e9f\u00e9rendums. Il en a fait notamment pour terminer la guerre d&#8217;Alg\u00e9rie, pour accorder l&#8217;ind\u00e9pendance au pays et aussi pour changer la Constitution, une nouvelle fois, en 1962. Alors l\u00e0, j&#8217;en viens \u00e0 la deuxi\u00e8me chose, la deuxi\u00e8me id\u00e9e que De Gaulle a eue pour assurer sa l\u00e9gitimit\u00e9, c&#8217;est qu&#8217;il a chang\u00e9 la Constitution pour changer le mode d&#8217;\u00e9lection du Pr\u00e9sident de la R\u00e9publique. Apr\u00e8s 1962, le Pr\u00e9sident de la R\u00e9publique est \u00e9lu par suffrage universel direct. \u00c7a veut dire que chaque Fran\u00e7ais vote directement pour celui qu&#8217;il veut comme Pr\u00e9sident. Les Fran\u00e7ais ont en majorit\u00e9 r\u00e9pondu qu&#8217;ils voulaient ce nouveau syst\u00e8me et c&#8217;est comme \u00e7a que De Gaulle a pu s&#8217;assurer d&#8217;\u00eatre le vrai repr\u00e9sentant des Fran\u00e7ais.<\/p>\n\n\n\n<p><a id=\"sonaar_ts-6927cdcc4ea10\" class=\"srmp3_sonaar_ts_shortcode\"  style=\"\" href=\"javascript:sonaar_ts_shortcode({ trackid:'0', time:'00:08:33', ts_id:'6927cdcc4ea10', play_icon:'' }) ;\">[00:08:33]<\/a> Donc, depuis cette date, le Pr\u00e9sident est \u00e9lu directement par la population lors d&#8217;un vote qui se passe en deux tours. On vote d&#8217;abord pour celui qu&#8217;on pr\u00e9f\u00e8re parmi une ribambelle de candidats. Ribambelle, \u00e7a veut dire beaucoup. Et ensuite, il y a un deuxi\u00e8me tour o\u00f9 les deux qui ont obtenu le meilleur score s&#8217;affrontent. Et finalement, celui qui devient Pr\u00e9sident, celui ou celle -ce n&#8217;est pas encore arriv\u00e9, mais on ne sait jamais- c&#8217;est la personne qui a obtenu le meilleur score au deuxi\u00e8me tour. Cette personne est \u00e9lue pour cinq ans. Enfin, avant, c&#8217;\u00e9tait sept ans. Mais depuis 2000, il y a eu une r\u00e9forme par r\u00e9f\u00e9rendum encore et maintenant on est pass\u00e9 d&#8217;un septennat \u00e0 un quinquennat.<\/p>\n\n\n\n<p>Hugo: <a id=\"sonaar_ts-6927cdcc4ea18\" class=\"srmp3_sonaar_ts_shortcode\"  style=\"\" href=\"javascript:sonaar_ts_shortcode({ trackid:'0', time:'00:09:24', ts_id:'6927cdcc4ea18', play_icon:'' }) ;\">[00:09:24]<\/a> Et tu sais pourquoi on est pass\u00e9 \u00e0 un quinquennat, justement?<\/p>\n\n\n\n<p>Ingrid: <a id=\"sonaar_ts-6927cdcc4ea25\" class=\"srmp3_sonaar_ts_shortcode\"  style=\"\" href=\"javascript:sonaar_ts_shortcode({ trackid:'0', time:'00:09:27', ts_id:'6927cdcc4ea25', play_icon:'' }) ;\">[00:09:27]<\/a> Ben oui, du coup c&#8217;est pour \u00e9viter la cohabitation. Ben tu vas me dire : et c&#8217;est quoi une cohabitation?<\/p>\n\n\n\n<p>Hugo: <a id=\"sonaar_ts-6927cdcc4ea2c\" class=\"srmp3_sonaar_ts_shortcode\"  style=\"\" href=\"javascript:sonaar_ts_shortcode({ trackid:'0', time:'00:09:33', ts_id:'6927cdcc4ea2c', play_icon:'' }) ;\">[00:09:33]<\/a> Non, moi je sais ce que c&#8217;est, mais les auditeurs peut-\u00eatre pas.<\/p>\n\n\n\n<p>Ingrid: <a id=\"sonaar_ts-6927cdcc4ea34\" class=\"srmp3_sonaar_ts_shortcode\"  style=\"\" href=\"javascript:sonaar_ts_shortcode({ trackid:'0', time:'00:09:35', ts_id:'6927cdcc4ea34', play_icon:'' }) ;\">[00:09:35]<\/a> Il faut qu&#8217;on explique? Bon d&#8217;accord. D&#8217;accord. Alors concr\u00e8tement donc, le Pr\u00e9sident a le pouvoir ex\u00e9cutif, \u00e7a veut dire qu&#8217;il peut prendre une d\u00e9cision pour la vie du pays en publiant des d\u00e9crets ou des arr\u00eat\u00e9s. Il a aussi le pouvoir de nommer le Premier ministre et les ministres. D&#8217;un autre c\u00f4t\u00e9, l&#8217;Assembl\u00e9e nationale, elle, a le pouvoir l\u00e9gislatif. Elle est charg\u00e9e de voter les lois. Les lois, elles peuvent \u00eatre propos\u00e9es par des d\u00e9put\u00e9s ou par le gouvernement, mais dans tous les cas, \u00e0 la fin, c&#8217;est l&#8217;Assembl\u00e9e, donc les d\u00e9put\u00e9s, qui votent pour les approuver ou non. Pour respecter la d\u00e9mocratie, le Pr\u00e9sident nomme toujours un Premier ministre et des membres du gouvernement qui sont du m\u00eame parti que la majorit\u00e9 \u00e0 l&#8217;Assembl\u00e9e. Mais avant, il y avait un d\u00e9calage temporel entre les \u00e9lections pr\u00e9sidentielles qui avaient lieu tous les sept ans et les \u00e9lections l\u00e9gislatives qui avaient lieu tous les cinq ans.<\/p>\n\n\n\n<p>Hugo: <a id=\"sonaar_ts-6927cdcc4ea3c\" class=\"srmp3_sonaar_ts_shortcode\"  style=\"\" href=\"javascript:sonaar_ts_shortcode({ trackid:'0', time:'00:10:41', ts_id:'6927cdcc4ea3c', play_icon:'' }) ;\">[00:10:41]<\/a> Donc en fait, le Pr\u00e9sident \u00e9tait d&#8217;abord \u00e9lu et au bout de deux ans, l\u00e0, il y avait les \u00e9lections l\u00e9gislatives, c&#8217;est \u00e7a?<\/p>\n\n\n\n<p>Ingrid: <a id=\"sonaar_ts-6927cdcc4ea44\" class=\"srmp3_sonaar_ts_shortcode\"  style=\"\" href=\"javascript:sonaar_ts_shortcode({ trackid:'0', time:'00:10:50', ts_id:'6927cdcc4ea44', play_icon:'' }) ;\">[00:10:50]<\/a> Ouais, c&#8217;est \u00e7a. Donc les \u00e9lections l\u00e9gislatives, juste je rappelle qu&#8217;elles servent \u00e0 \u00e9lire les d\u00e9put\u00e9s et les d\u00e9put\u00e9s, ils forment l&#8217;Assembl\u00e9e nationale. D&#8217;ailleurs les prochaines sont en juin 2022. Donc avant, comme les d\u00e9put\u00e9s et le Pr\u00e9sident n&#8217;\u00e9taient pas \u00e9lus en m\u00eame temps, forc\u00e9ment, la majorit\u00e9 \u00e0 l&#8217;Assembl\u00e9e parfois, n&#8217;\u00e9tait pas celle du Pr\u00e9sident. Donc le Pr\u00e9sident \u00e9tait oblig\u00e9 de nommer un Premier ministre qui n&#8217;\u00e9tait pas de son camp et c&#8217;\u00e9tait assez bloquant. En fait, pour faire des r\u00e9formes, le Pr\u00e9sident perdait presque tous ses pouvoirs et il ne pouvait pas mener son projet jusqu&#8217;au bout, etc. Donc l&#8217;id\u00e9e en changeant, en passant du septennat au quinquennat, c&#8217;est de caler les \u00e9lections pr\u00e9sidentielles et les \u00e9lections l\u00e9gislatives en m\u00eame temps, comme c&#8217;est le cas cette ann\u00e9e. Comme \u00e7a, il y a plus de chances que l&#8217;Assembl\u00e9e en fait soit d&#8217;accord avec tout ce que dit le Pr\u00e9sident et le gouvernement. C&#8217;est un peu ce qu&#8217;il s&#8217;est pass\u00e9 ces cinq derni\u00e8res ann\u00e9es. C&#8217;est mieux pour le Pr\u00e9sident, mais d&#8217;un c\u00f4t\u00e9, \u00e7a emp\u00eache parfois d&#8217;avoir un vrai d\u00e9bat d\u00e9mocratique. Voil\u00e0.<\/p>\n\n\n\n<p>Hugo: <a id=\"sonaar_ts-6927cdcc4ea4b\" class=\"srmp3_sonaar_ts_shortcode\"  style=\"\" href=\"javascript:sonaar_ts_shortcode({ trackid:'0', time:'00:12:02', ts_id:'6927cdcc4ea4b', play_icon:'' }) ;\">[00:12:02]<\/a> C&#8217;est vrai. Disons que c&#8217;est plus efficace. Donc finalement, c&#8217;est plus en accord avec l&#8217;id\u00e9e que De Gaulle se faisait de la Cinqui\u00e8me R\u00e9publique. Le Parlement n&#8217;est pas l\u00e0 pour mettre des b\u00e2tons dans les roues au Pr\u00e9sident. Mettre des b\u00e2tons dans les roues, c&#8217;est une expression pour dire, cr\u00e9er des obstacles, cr\u00e9er des difficult\u00e9s pour quelqu&#8217;un. Alors qu&#8217;avant, quand le Pr\u00e9sident \u00e9tait \u00e9lu pour sept ans, il commen\u00e7ait son mandat, et puis, au bout de deux ans, il y avait les \u00e9lections l\u00e9gislatives, et si les Fran\u00e7ais \u00e9taient pas vraiment contents de ces deux premi\u00e8res ann\u00e9es, eh bien ils pouvaient voter pour le parti de l&#8217;opposition \u00e0 l&#8217;Assembl\u00e9e. Et l\u00e0, c&#8217;\u00e9tait plus difficile pour le Pr\u00e9sident de gouverner comme il le voulait. Donc \u00e7a a \u00e9t\u00e9 le cas avec Mitterrand qui a \u00e9t\u00e9 oblig\u00e9 de nommer Chirac, il me semble, comme Premier ministre.<\/p>\n\n\n\n<p>Ingrid: <a id=\"sonaar_ts-6927cdcc4ea58\" class=\"srmp3_sonaar_ts_shortcode\"  style=\"\" href=\"javascript:sonaar_ts_shortcode({ trackid:'0', time:'00:12:56', ts_id:'6927cdcc4ea58', play_icon:'' }) ;\">[00:12:56]<\/a> Ouais, je pense que c&#8217;est \u00e7a.<\/p>\n\n\n\n<p>Hugo: <a id=\"sonaar_ts-6927cdcc4ea64\" class=\"srmp3_sonaar_ts_shortcode\"  style=\"\" href=\"javascript:sonaar_ts_shortcode({ trackid:'0', time:'00:12:57', ts_id:'6927cdcc4ea64', play_icon:'' }) ;\">[00:12:57]<\/a> Et ensuite Chirac quand&#8230; Jacques Chirac, quand lui, il est devenu Pr\u00e9sident de la R\u00e9publique, il a \u00e9t\u00e9 oblig\u00e9 de nommer Lionel Jospin. Et cette exp\u00e9rience de la cohabitation, je pense que \u00e7a l&#8217;a marqu\u00e9, parce que c&#8217;est lui qui a \u00e9t\u00e9 \u00e0 l&#8217;origine ensuite, du changement du septennat au quinquennat en 2000.<\/p>\n\n\n\n<p>Ingrid: <a id=\"sonaar_ts-6927cdcc4ea6d\" class=\"srmp3_sonaar_ts_shortcode\"  style=\"\" href=\"javascript:sonaar_ts_shortcode({ trackid:'0', time:'00:13:19', ts_id:'6927cdcc4ea6d', play_icon:'' }) ;\">[00:13:19]<\/a> Oui, c&#8217;est \u00e7a. Jacques Chirac a fait un premier mandat de sept ans et apr\u00e8s il y a eu le changement. Il a fait un deuxi\u00e8me mandat de cinq ans. Et effectivement, il avait d\u00fb \u00eatre un peu traumatis\u00e9, sachant que donc Chirac \u00e9tait du parti de droite et Lionel Jospin, c&#8217;\u00e9tait le parti socialiste et ils ont \u00e9t\u00e9 oblig\u00e9s de cohabiter, donc de vivre ensemble. Et c&#8217;\u00e9tait difficile.<\/p>\n\n\n\n<p>Hugo: <a id=\"sonaar_ts-6927cdcc4ea75\" class=\"srmp3_sonaar_ts_shortcode\"  style=\"\" href=\"javascript:sonaar_ts_shortcode({ trackid:'0', time:'00:13:41', ts_id:'6927cdcc4ea75', play_icon:'' }) ;\">[00:13:41]<\/a> \u00c7a ne s&#8217;est pas tr\u00e8s bien pass\u00e9.<\/p>\n\n\n\n<p>Ingrid: <a id=\"sonaar_ts-6927cdcc4ea7b\" class=\"srmp3_sonaar_ts_shortcode\"  style=\"\" href=\"javascript:sonaar_ts_shortcode({ trackid:'0', time:'00:13:46', ts_id:'6927cdcc4ea7b', play_icon:'' }) ;\">[00:13:46]<\/a> Exact.<\/p>\n\n\n\n<p>Hugo: <a id=\"sonaar_ts-6927cdcc4ea81\" class=\"srmp3_sonaar_ts_shortcode\"  style=\"\" href=\"javascript:sonaar_ts_shortcode({ trackid:'0', time:'00:13:46', ts_id:'6927cdcc4ea81', play_icon:'' }) ;\">[00:13:46]<\/a> Alors maintenant, on va passer \u00e0 la campagne actuelle, l&#8217;\u00e9lection pr\u00e9sidentielle de 2022. D&#8217;ailleurs, je pr\u00e9cise qu&#8217;on utilise soit le singulier, soit le pluriel. Parfois, on dit &#8220;l&#8217;\u00e9lection pr\u00e9sidentielle&#8221; au singulier, parfois &#8220;les \u00e9lections pr\u00e9sidentielles&#8221;. On le fait indiff\u00e9remment. Alors on va parler des candidats, peut-\u00eatre? Et d&#8217;abord, je vais vous dire comment on peut se pr\u00e9senter \u00e0 l&#8217;\u00e9lection. Ingrid, est-ce que toi, tu penses que tu peux te pr\u00e9senter comme Pr\u00e9sidente, pour l&#8217;\u00e9lection pr\u00e9sidentielle?<\/p>\n\n\n\n<p>Ingrid: <a id=\"sonaar_ts-6927cdcc4ea87\" class=\"srmp3_sonaar_ts_shortcode\"  style=\"\" href=\"javascript:sonaar_ts_shortcode({ trackid:'0', time:'00:14:17', ts_id:'6927cdcc4ea87', play_icon:'' }) ;\">[00:14:17]<\/a> \u00c9coute, Hugo, si tu veux, tu te pr\u00e9sentes. Et puis je peux \u00eatre ta Premi\u00e8re Ministre si tu veux.<\/p>\n\n\n\n<p>Hugo: <a id=\"sonaar_ts-6927cdcc4ea8c\" class=\"srmp3_sonaar_ts_shortcode\"  style=\"\" href=\"javascript:sonaar_ts_shortcode({ trackid:'0', time:'00:14:22', ts_id:'6927cdcc4ea8c', play_icon:'' }) ;\">[00:14:22]<\/a> Ok, donc c&#8217;est moi, c&#8217;est moi qui vais prendre les risques et puis&#8230;<\/p>\n\n\n\n<p>Ingrid: <a id=\"sonaar_ts-6927cdcc4ea91\" class=\"srmp3_sonaar_ts_shortcode\"  style=\"\" href=\"javascript:sonaar_ts_shortcode({ trackid:'0', time:'00:14:25', ts_id:'6927cdcc4ea91', play_icon:'' }) ;\">[00:14:25]<\/a> Donc explique-nous comment tu dois faire pour te pr\u00e9senter !<\/p>\n\n\n\n<p>Hugo: <a id=\"sonaar_ts-6927cdcc4ea97\" class=\"srmp3_sonaar_ts_shortcode\"  style=\"\" href=\"javascript:sonaar_ts_shortcode({ trackid:'0', time:'00:14:29', ts_id:'6927cdcc4ea97', play_icon:'' }) ;\">[00:14:29]<\/a> Alors, d&#8217;ailleurs&#8230; D&#8217;abord, il y a des conditions \u00e0 remplir, notamment avoir la nationalit\u00e9 fran\u00e7aise. Donc \u00e7a, c&#8217;est bon. \u00catre majeur. La majorit\u00e9 en France, c&#8217;est \u00e0 18 ans, c&#8217;est bon. J&#8217;ai 32 ans, je vais sur mes 33. Il faut \u00eatre \u00e9lecteur. \u00c7a veut dire qu&#8217;il faut \u00eatre en capacit\u00e9 de voter, ce qui est mon cas. Ingrid, tu nous expliqueras un peu plus tard comment on peut \u00eatre \u00e9lecteur en France, quelles sont les conditions \u00e0 remplir.<\/p>\n\n\n\n<p>Ingrid: <a id=\"sonaar_ts-6927cdcc4ea9c\" class=\"srmp3_sonaar_ts_shortcode\"  style=\"\" href=\"javascript:sonaar_ts_shortcode({ trackid:'0', time:'00:14:59', ts_id:'6927cdcc4ea9c', play_icon:'' }) ;\">[00:14:59]<\/a> \u00c7a marche.<\/p>\n\n\n\n<p>Hugo: <a id=\"sonaar_ts-6927cdcc4eaa1\" class=\"srmp3_sonaar_ts_shortcode\"  style=\"\" href=\"javascript:sonaar_ts_shortcode({ trackid:'0', time:'00:15:01', ts_id:'6927cdcc4eaa1', play_icon:'' }) ;\">[00:15:01]<\/a> Un autre crit\u00e8re, c&#8217;est de ne pas \u00eatre priv\u00e9 de ses droits d&#8217;\u00e9ligibilit\u00e9 par une d\u00e9cision de justice. Si vous avez commis un crime, la justice peut d\u00e9cider que vous \u00eates in\u00e9ligible. Donc vous n&#8217;avez pas le droit de vous pr\u00e9senter \u00e0 une \u00e9lection. L\u00e0 non plus, c&#8217;est pas le cas.<\/p>\n\n\n\n<p>Ingrid: <a id=\"sonaar_ts-6927cdcc4eaa6\" class=\"srmp3_sonaar_ts_shortcode\"  style=\"\" href=\"javascript:sonaar_ts_shortcode({ trackid:'0', time:'00:15:18', ts_id:'6927cdcc4eaa6', play_icon:'' }) ;\">[00:15:18]<\/a> C&#8217;est bon, pour toi ?<\/p>\n\n\n\n<p>Hugo: <a id=\"sonaar_ts-6927cdcc4eaac\" class=\"srmp3_sonaar_ts_shortcode\"  style=\"\" href=\"javascript:sonaar_ts_shortcode({ trackid:'0', time:'00:15:19', ts_id:'6927cdcc4eaac', play_icon:'' }) ;\">[00:15:19]<\/a> C&#8217;est pas le cas. En France, non. En Pologne je ne sais pas, mais en France, c&#8217;est bon. Et la derni\u00e8re condition qui est une particularit\u00e9 fran\u00e7aise -je sais qu&#8217;on a re\u00e7u d&#8217;ailleurs quelques questions \u00e0 ce sujet- c&#8217;est d&#8217;obtenir 500 parrainages. Un parrainage, \u00e7a veut dire que si moi je me pr\u00e9sente pour devenir Pr\u00e9sident, ma candidature doit \u00eatre soutenue, ou en tout cas, doit \u00eatre valid\u00e9e, par 500 \u00e9lus. Donc \u00e7a peut \u00eatre des Maires, par exemple, de diff\u00e9rentes villes. Et d&#8217;ailleurs, il faut que ces \u00e9lus proviennent d&#8217;au moins 30 d\u00e9partements diff\u00e9rents. \u00c7a veut dire que m\u00eame si moi je suis tr\u00e8s populaire dans la r\u00e9gion Centre et que j&#8217;arrive \u00e0 obtenir 500 signatures d&#8217;\u00e9lus qui sont seulement dans la r\u00e9gion Centre, eh bah, \u00e7a ne sera pas bon. Il faut qu&#8217;ils soient r\u00e9partis dans diff\u00e9rents d\u00e9partements. D&#8217;ailleurs, je ne sais m\u00eame pas s&#8217;il y a suffisamment d&#8217;\u00e9lus en r\u00e9gion Centre.<\/p>\n\n\n\n<p>Ingrid: <a id=\"sonaar_ts-6927cdcc4eab1\" class=\"srmp3_sonaar_ts_shortcode\"  style=\"\" href=\"javascript:sonaar_ts_shortcode({ trackid:'0', time:'00:16:21', ts_id:'6927cdcc4eab1', play_icon:'' }) ;\">[00:16:21]<\/a> C&#8217;est exactement ce que je pensais. Je me disais : &#8220;mais il n&#8217;y a personne&#8221;.<\/p>\n\n\n\n<p>Hugo: <a id=\"sonaar_ts-6927cdcc4eab6\" class=\"srmp3_sonaar_ts_shortcode\"  style=\"\" href=\"javascript:sonaar_ts_shortcode({ trackid:'0', time:'00:16:25', ts_id:'6927cdcc4eab6', play_icon:'' }) ;\">[00:16:25]<\/a> Je sais pas, je sais pas combien on a d&#8217;\u00e9lus. Oh peut-\u00eatre !<\/p>\n\n\n\n<p>Ingrid: <a id=\"sonaar_ts-6927cdcc4eac8\" class=\"srmp3_sonaar_ts_shortcode\"  style=\"\" href=\"javascript:sonaar_ts_shortcode({ trackid:'0', time:'00:16:27', ts_id:'6927cdcc4eac8', play_icon:'' }) ;\">[00:16:27]<\/a> Bah quand m\u00eame !<\/p>\n\n\n\n<p>Hugo: <a id=\"sonaar_ts-6927cdcc4eacd\" class=\"srmp3_sonaar_ts_shortcode\"  style=\"\" href=\"javascript:sonaar_ts_shortcode({ trackid:'0', time:'00:16:29', ts_id:'6927cdcc4eacd', play_icon:'' }) ;\">[00:16:29]<\/a> Je ne sais pas, je ne sais pas. Mais voil\u00e0 donc \u00e7a, c&#8217;est un syst\u00e8me qui a \u00e9t\u00e9 mis en place pour \u00e9viter que tout le monde puisse se pr\u00e9senter aux \u00e9lections pr\u00e9sidentielles, pour s&#8217;assurer que les candidats sont assez s\u00e9rieux, qu&#8217;ils ont le soutien de diff\u00e9rents \u00e9lus et que le candidat a une envergure nationale. Une envergure nationale, \u00e7a veut dire qu&#8217;il est connu dans tout le pays et pas seulement dans sa r\u00e9gion. Mais en fait, c&#8217;est tr\u00e8s difficile d&#8217;obtenir ces 500 signatures sans avoir le soutien, l&#8217;appui, de son parti. Donc, si vous ne faites pas partie d&#8217;un parti politique qui est \u00e9tabli et qui a un r\u00e9seau d&#8217;\u00e9lus importants, c&#8217;est assez difficile d&#8217;obtenir ces signatures. Et on l&#8217;a vu pour l&#8217;\u00e9lection cette ann\u00e9e, il y a des candidats qui \u00e9taient tr\u00e8s bien plac\u00e9s dans les sondages, comme Marine Le Pen ou Jean-Luc M\u00e9lenchon, qui ont eu du mal \u00e0 obtenir leurs 500 signatures, contrairement \u00e0 d&#8217;autres candidats qui \u00e9taient moins bien class\u00e9s mais qui appartenaient \u00e0 des grands partis, comme \u00e0 Anne Hidalgo par exemple, la candidate du Parti socialiste qui, eux, ont obtenu tr\u00e8s facilement leurs 500 parrainages.<\/p>\n\n\n\n<p>Ingrid: <a id=\"sonaar_ts-6927cdcc4ead2\" class=\"srmp3_sonaar_ts_shortcode\"  style=\"\" href=\"javascript:sonaar_ts_shortcode({ trackid:'0', time:'00:17:49', ts_id:'6927cdcc4ead2', play_icon:'' }) ;\">[00:17:49]<\/a> D&#8217;autant plus que maintenant, les parrainages sont publics. Donc il y a beaucoup d&#8217;\u00e9lus qui h\u00e9sitent, voil\u00e0, \u00e0 parrainer. Parce qu&#8217;ils peuvent parrainer plusieurs personnes, m\u00eame qui ne sont pas de leur parti, mais ils ne le font pas souvent parce que \u00e7a peut \u00eatre un peu compliqu\u00e9 pour eux, vu que tout le monde va le savoir.<\/p>\n\n\n\n<p>Hugo: <a id=\"sonaar_ts-6927cdcc4ead7\" class=\"srmp3_sonaar_ts_shortcode\"  style=\"\" href=\"javascript:sonaar_ts_shortcode({ trackid:'0', time:'00:18:07', ts_id:'6927cdcc4ead7', play_icon:'' }) ;\">[00:18:07]<\/a> C&#8217;est \u00e7a le probl\u00e8me, parce qu&#8217;en plus, quand un \u00e9lu parraine un candidat, \u00e7a ne veut pas n\u00e9cessairement dire qu&#8217;il le soutient ce candidat, mais qu&#8217;il consid\u00e8re que c&#8217;est un candidat s\u00e9rieux qui doit avoir le droit de se pr\u00e9senter aux \u00e9lections pr\u00e9sidentielles. Mais comme les parrainages sont publics, on peut reprocher \u00e0 cet \u00e9lu d&#8217;avoir parrain\u00e9 tel ou tel candidat. Donc c&#8217;est \u00e7a qui est un peu compliqu\u00e9. Et il y a beaucoup de personnes qui demandent \u00e0 ce que les parrainages soient anonymes pour que les \u00e9lus puissent d\u00e9cider de parrainer n&#8217;importe quel candidat simplement pour&#8230; par souci d\u00e9mocratique en fait, pour respecter la d\u00e9mocratie, m\u00eame si ce n&#8217;est pas un candidat dont ils appr\u00e9cient le programme ou les id\u00e9es politiques.<\/p>\n\n\n\n<p>Hugo: <a id=\"sonaar_ts-6927cdcc4eadc\" class=\"srmp3_sonaar_ts_shortcode\"  style=\"\" href=\"javascript:sonaar_ts_shortcode({ trackid:'0', time:'00:18:55', ts_id:'6927cdcc4eadc', play_icon:'' }) ;\">[00:18:55]<\/a> Il y a deux autres conditions \u00e0 remplir qui sont assez int\u00e9ressantes. La premi\u00e8re, c&#8217;est que chaque candidat, donc les candidats qui ont obtenu leurs 500 signatures et qui peuvent se pr\u00e9senter, doivent envoyer une d\u00e9claration de patrimoine. Le patrimoine, c&#8217;est l&#8217;ensemble des choses que vous poss\u00e9dez, aussi bien votre maison, votre appartement, votre voiture, l&#8217;argent que vous avez sur votre compte en banque, etc. Donc en fait, dans un souci de transparence, les candidats sont oblig\u00e9s de dire exactement tout ce qu&#8217;ils poss\u00e8dent, de faire la liste de leur richesse. Et cette liste est publi\u00e9e par la Haute Autorit\u00e9 de transparence de la vie publique.<\/p>\n\n\n\n<p>Ingrid: <a id=\"sonaar_ts-6927cdcc4eae2\" class=\"srmp3_sonaar_ts_shortcode\"  style=\"\" href=\"javascript:sonaar_ts_shortcode({ trackid:'0', time:'00:19:44', ts_id:'6927cdcc4eae2', play_icon:'' }) ;\">[00:19:44]<\/a> Ouais, d&#8217;ailleurs, c&#8217;est assez dr\u00f4le. Enfin, c&#8217;est toujours un sujet de discussion quand ils publient leurs d\u00e9clarations, on va voir un petit peu. L\u00e0, cette ann\u00e9e, c&#8217;\u00e9tait un petit peu, je crois&#8230; On a beaucoup parl\u00e9 de celle d&#8217;Emmanuel Macron, notamment parce qu&#8217;il a un nombre \u00e9tonnant de comptes en banque. Il y en a plein, plein, plein, m\u00eame avec des petites sommes. Et par contre, il n&#8217;a pas, par rapport \u00e0 sa carri\u00e8re, il n&#8217;a pas tant d&#8217;argent que \u00e7a. Mais en fait, c&#8217;est parce qu&#8217;il a donn\u00e9 beaucoup d&#8217;argent \u00e0 sa femme, Brigitte Macron, pour refaire compl\u00e8tement son&#8230; sa maison, je crois. Donc finalement, lui, il n&#8217;a pas grand chose, mais en fait, c&#8217;est parce que c&#8217;est elle qui a tout dans la maison.<\/p>\n\n\n\n<p>Hugo: <a id=\"sonaar_ts-6927cdcc4eaeb\" class=\"srmp3_sonaar_ts_shortcode\"  style=\"\" href=\"javascript:sonaar_ts_shortcode({ trackid:'0', time:'00:20:28', ts_id:'6927cdcc4eaeb', play_icon:'' }) ;\">[00:20:28]<\/a> C&#8217;est \u00e7a. D&#8217;ailleurs, lui, il n&#8217;est pas propri\u00e9taire, il poss\u00e8de pas de maison ni d&#8217;appartement. Et c&#8217;est vrai que quand on regarde sa d\u00e9claration de patrimoine, il semble pas tr\u00e8s riche. Et il y a d&#8217;autres candidats qui poss\u00e8dent un appartement \u00e0 Paris, par exemple Jean-Luc M\u00e9lenchon, qui du coup ont un patrimoine beaucoup plus \u00e9lev\u00e9. Alors que Jean-Luc M\u00e9lenchon avant \u00e9tait prof de philosophie, il a \u00e9t\u00e9 journaliste. Donc ce n&#8217;est pas quelqu&#8217;un qui a \u00e9t\u00e9, qui a travaill\u00e9 en banque d&#8217;affaires chez Rothschild comme Macron, mais sur sa d\u00e9claration de patrimoine, il a beaucoup plus d&#8217;argent que Macron. Donc si \u00e7a vous int\u00e9resse, vous pouvez aller voir la d\u00e9claration de patrimoine d&#8217;Emmanuel Macron et tous les comptes en banque qu&#8217;il a ouverts dans diff\u00e9rentes banques.<\/p>\n\n\n\n<p>Ingrid: <a id=\"sonaar_ts-6927cdcc4eaf1\" class=\"srmp3_sonaar_ts_shortcode\"  style=\"\" href=\"javascript:sonaar_ts_shortcode({ trackid:'0', time:'00:21:18', ts_id:'6927cdcc4eaf1', play_icon:'' }) ;\">[00:21:18]<\/a> Pas banquier pour rien !<\/p>\n\n\n\n<p>Hugo: <a id=\"sonaar_ts-6927cdcc4eaf6\" class=\"srmp3_sonaar_ts_shortcode\"  style=\"\" href=\"javascript:sonaar_ts_shortcode({ trackid:'0', time:'00:21:20', ts_id:'6927cdcc4eaf6', play_icon:'' }) ;\">[00:21:20]<\/a> Pas banquier pour rien. Alors il y a&#8230;<\/p>\n\n\n\n<p>Ingrid: <a id=\"sonaar_ts-6927cdcc4eafb\" class=\"srmp3_sonaar_ts_shortcode\"  style=\"\" href=\"javascript:sonaar_ts_shortcode({ trackid:'0', time:'00:21:24', ts_id:'6927cdcc4eafb', play_icon:'' }) ;\">[00:21:24]<\/a> C&#8217;est&#8230; Pardon, j&#8217;allais demander : c&#8217;est quoi la seconde obligation du coup?<\/p>\n\n\n\n<p>Hugo: <a id=\"sonaar_ts-6927cdcc4eb01\" class=\"srmp3_sonaar_ts_shortcode\"  style=\"\" href=\"javascript:sonaar_ts_shortcode({ trackid:'0', time:'00:21:28', ts_id:'6927cdcc4eb01', play_icon:'' }) ;\">[00:21:28]<\/a> Bah la seconde obligation, c&#8217;est une autre d\u00e9claration. Cette fois, une d\u00e9claration d&#8217;int\u00e9r\u00eats et d&#8217;activit\u00e9. Autrement dit, les candidats doivent dire s&#8217;ils ont eu des activit\u00e9s r\u00e9mun\u00e9r\u00e9es, des activit\u00e9s pay\u00e9es au cours des cinq derni\u00e8res ann\u00e9es pour telle ou telle entreprise par exemple. Ou alors s&#8217;ils ont fait des missions de conseil, s&#8217;ils sont pr\u00e9sents \u00e0 la direction d&#8217;une entreprise publique ou priv\u00e9e, ou s&#8217;ils sont membres du conseil d&#8217;administration. En fait, cette d\u00e9claration, c&#8217;est pour \u00eatre s\u00fbr qu&#8217;il n&#8217;y a pas de conflits d&#8217;int\u00e9r\u00eats, qu&#8217;un candidat ne prend pas certaines d\u00e9cisions ou certaines mesures seulement pour servir les int\u00e9r\u00eats d&#8217;une grande entreprise ou quelque chose comme \u00e7a. Donc \u00e7a, c&#8217;est une obligation qui existe depuis 2017 pour am\u00e9liorer la transparence de la vie publique. Parce qu&#8217;il y a eu quelques scandales ces derni\u00e8res ann\u00e9es, notamment aux derni\u00e8res \u00e9lections pr\u00e9sidentielles avec le candidat de droite Fran\u00e7ois Fillon. Qui&#8230; Comment dire \u00e7a ?<\/p>\n\n\n\n<p>Ingrid: <a id=\"sonaar_ts-6927cdcc4eb06\" class=\"srmp3_sonaar_ts_shortcode\"  style=\"\" href=\"javascript:sonaar_ts_shortcode({ trackid:'0', time:'00:22:34', ts_id:'6927cdcc4eb06', play_icon:'' }) ;\">[00:22:34]<\/a> Comment r\u00e9sumer \u00e7a ?<\/p>\n\n\n\n<p>Hugo: <a id=\"sonaar_ts-6927cdcc4eb0f\" class=\"srmp3_sonaar_ts_shortcode\"  style=\"\" href=\"javascript:sonaar_ts_shortcode({ trackid:'0', time:'00:22:37', ts_id:'6927cdcc4eb0f', play_icon:'' }) ;\">[00:22:37]<\/a> On ne va pas parler de l&#8217;affaire Fillon, mais disons que les Fran\u00e7ais ont vraiment une image assez n\u00e9gative des politiciens et ils ont un peu perdu de leur confiance. Donc ces mesures, cette d\u00e9claration de patrimoine et d\u00e9claration d&#8217;int\u00e9r\u00eats ont pour objectif de r\u00e9tablir la confiance entre les Fran\u00e7ais et les hommes et les femmes politiques.<\/p>\n\n\n\n<p>Ingrid: <a id=\"sonaar_ts-6927cdcc4eb15\" class=\"srmp3_sonaar_ts_shortcode\"  style=\"\" href=\"javascript:sonaar_ts_shortcode({ trackid:'0', time:'00:23:01', ts_id:'6927cdcc4eb15', play_icon:'' }) ;\">[00:23:01]<\/a> Bon, apr\u00e8s, c&#8217;est pas forc\u00e9ment&#8230; Il y a toujours des surprises, donc on s&#8217;attend quand m\u00eame \u00e0 avoir des nouvelles qui sortent avec tel candidat qui est li\u00e9 \u00e0 telle personne d&#8217;une entreprise ou quoi. Mais bon, au moins on essaye de mettre un peu plus d&#8217;honn\u00eatet\u00e9 et de transparence dans tout \u00e7a. Mais comme ils sont quand m\u00eame beaucoup, on ne peut pas&#8230; On ne peut pas tout voir et il y a forc\u00e9ment des choses qui \u00e9chappent. Puisque cette ann\u00e9e, ils sont quand m\u00eame douze candidats.<\/p>\n\n\n\n<p>Ingrid: <a id=\"sonaar_ts-6927cdcc4eb1a\" class=\"srmp3_sonaar_ts_shortcode\"  style=\"\" href=\"javascript:sonaar_ts_shortcode({ trackid:'0', time:'00:23:32', ts_id:'6927cdcc4eb1a', play_icon:'' }) ;\">[00:23:32]<\/a> Donc peut-\u00eatre qu&#8217;on peut un petit peu&#8230; Bon, on va peut-\u00eatre pas pouvoir vous donner tous les noms parce que de toute fa\u00e7on j&#8217;imagine que \u00e7a va \u00eatre trop compliqu\u00e9 \u00e0 retenir, etc. Mais on peut vous faire une esp\u00e8ce de petit paysage quoi. On peut sch\u00e9matiser. Donc d\u00e9j\u00e0, je tiens \u00e0 commencer par \u00e7a, bonne nouvelle, on va dire assez bonne nouvelle : il y a quatre femmes pour huit hommes, donc la derni\u00e8re fois il y avait deux femmes et il me semble que l&#8217;\u00e9lection encore pr\u00e9c\u00e9dente, il y en avait trois, donc quatre \u00e0 mon avis&#8230; J&#8217;ai pas v\u00e9rifi\u00e9, mais \u00e0 mon avis \u00e7a doit \u00eatre le meilleur score jusqu&#8217;ici de toute l&#8217;histoire des Pr\u00e9sidentielles en France.<\/p>\n\n\n\n<p>Hugo: <a id=\"sonaar_ts-6927cdcc4eb20\" class=\"srmp3_sonaar_ts_shortcode\"  style=\"\" href=\"javascript:sonaar_ts_shortcode({ trackid:'0', time:'00:24:16', ts_id:'6927cdcc4eb20', play_icon:'' }) ;\">[00:24:16]<\/a> Ouais je pense aussi.<\/p>\n\n\n\n<p>Ingrid: <a id=\"sonaar_ts-6927cdcc4eb29\" class=\"srmp3_sonaar_ts_shortcode\"  style=\"\" href=\"javascript:sonaar_ts_shortcode({ trackid:'0', time:'00:24:18', ts_id:'6927cdcc4eb29', play_icon:'' }) ;\">[00:24:18]<\/a> Donc petit \u00e0 petit on y arrive. Et puis en terme de r\u00e9partition politique, on peut dire qu&#8217;on a trois personnes, trois candidats, de droite (droite, \u00e9conomie lib\u00e9rale), trois candidats de droite, m\u00eame d&#8217;extr\u00eame droite nationaliste (bon, ils acceptent pas forc\u00e9ment ce terme, mais sch\u00e9matiquement c&#8217;est \u00e7a), et puis apr\u00e8s on a six personnes de gauche, certains qu&#8217;on peut mettre plus ou moins mod\u00e9r\u00e9 mais globalement, honn\u00eatement, \u00e0 gauche, on a six candidats qui ont des programmes tr\u00e8s tr\u00e8s similaires, avec des valeurs \u00e0 peu pr\u00e8s \u00e9quivalentes.<\/p>\n\n\n\n<p>Hugo: <a id=\"sonaar_ts-6927cdcc4eb2e\" class=\"srmp3_sonaar_ts_shortcode\"  style=\"\" href=\"javascript:sonaar_ts_shortcode({ trackid:'0', time:'00:24:57', ts_id:'6927cdcc4eb2e', play_icon:'' }) ;\">[00:24:57]<\/a> C&#8217;est vrai, avec certains qui sont un peu plus proches du centre et d&#8217;autres qui sont plus proches de l&#8217;extr\u00eame gauche.<\/p>\n\n\n\n<p>Ingrid: <a id=\"sonaar_ts-6927cdcc4eb34\" class=\"srmp3_sonaar_ts_shortcode\"  style=\"\" href=\"javascript:sonaar_ts_shortcode({ trackid:'0', time:'00:25:03', ts_id:'6927cdcc4eb34', play_icon:'' }) ;\">[00:25:03]<\/a> Voil\u00e0.<\/p>\n\n\n\n<p>Hugo: <a id=\"sonaar_ts-6927cdcc4eb39\" class=\"srmp3_sonaar_ts_shortcode\"  style=\"\" href=\"javascript:sonaar_ts_shortcode({ trackid:'0', time:'00:25:05', ts_id:'6927cdcc4eb39', play_icon:'' }) ;\">[00:25:05]<\/a> D&#8217;ailleurs on va parler peut-\u00eatre de ces candidats de gauche, en tout cas des principaux ?<\/p>\n\n\n\n<p>Ingrid: <a id=\"sonaar_ts-6927cdcc4eb3e\" class=\"srmp3_sonaar_ts_shortcode\"  style=\"\" href=\"javascript:sonaar_ts_shortcode({ trackid:'0', time:'00:25:11', ts_id:'6927cdcc4eb3e', play_icon:'' }) ;\">[00:25:11]<\/a> Ouais ben ouais. Du coup en fait. Donc pourquoi il y a six candidats \u00e0 gauche? Parce qu&#8217;ils n&#8217;ont pas r\u00e9ussi \u00e0 se mettre d&#8217;accord pour avoir ce qu&#8217;on pourrait appeler un Front de gauche, une union, etc. \u00c7a a beaucoup \u00e9t\u00e9 reproch\u00e9 de la part des \u00e9lecteurs, aussi les journalistes ont beaucoup pos\u00e9 la question. Mais en fait il y en a un qui est un peu devant les autres dans tous les sondages. C&#8217;est Jean-Luc M\u00e9lenchon. Donc Jean-Luc M\u00e9lenchon, c&#8217;est d\u00e9j\u00e0 la troisi\u00e8me fois qu&#8217;il se pr\u00e9sente et lors des derni\u00e8res \u00e9lections, il a fait un bon score. Il \u00e9tait quatri\u00e8me et donc cette ann\u00e9e, dans tous les sondages, il est devant les autres, les autres qui sont les candidats des \u00e9cologistes, du parti socialiste, etc., etc. Alors pour vous resituer, Jean-Luc M\u00e9lenchon, c&#8217;est le candidat d&#8217;un parti qu&#8217;il a cr\u00e9\u00e9 qui s&#8217;appelle la France insoumise. Et avant \u00e7a, il \u00e9tait au Parti socialiste. Donc voil\u00e0, il reste quand m\u00eame assez proche au niveau des id\u00e9es de Anne Hidalgo, du Parti socialiste et puis m\u00eame de ceux qui sont un peu plus, un peu plus de l&#8217;autre c\u00f4t\u00e9, les communistes. D&#8217;ailleurs, il \u00e9tait en candidature commune avec le candidat du Parti communiste la derni\u00e8re fois. Mais cette fois-ci, le candidat du Parti communiste n&#8217;a pas voulu. Donc voil\u00e0, c&#8217;est pour \u00e7a qu&#8217;on a autant de candidatures. Mais globalement, leurs id\u00e9es, c&#8217;est l&#8217;inverse d&#8217;Emmanuel Macron dont tu vas peut-\u00eatre parler apr\u00e8s. Mais c&#8217;est permettre aux Fran\u00e7ais de travailler moins, r\u00e9partir plus les richesses. Donc ils veulent tous, tous les candidats de gauche, augmenter le SMIC, renforcer les services publics. Ah pardon le SMIC&#8230;<\/p>\n\n\n\n<p>Hugo: <a id=\"sonaar_ts-6927cdcc4eb43\" class=\"srmp3_sonaar_ts_shortcode\"  style=\"\" href=\"javascript:sonaar_ts_shortcode({ trackid:'0', time:'00:27:09', ts_id:'6927cdcc4eb43', play_icon:'' }) ;\">[00:27:09]<\/a> Qu&#8217;est-ce que c&#8217;est le SMIC?<\/p>\n\n\n\n<p>Ingrid: <a id=\"sonaar_ts-6927cdcc4eb49\" class=\"srmp3_sonaar_ts_shortcode\"  style=\"\" href=\"javascript:sonaar_ts_shortcode({ trackid:'0', time:'00:27:09', ts_id:'6927cdcc4eb49', play_icon:'' }) ;\">[00:27:09]<\/a> Le SMIC, c&#8217;est le salaire minimum. Donc le salaire minimum qui doit \u00eatre \u00e0 1\u202f200 \u20ac nets en ce moment et donc que je crois que M\u00e9lenchon veut l&#8217;augmenter \u00e0 1400. Voil\u00e0 les autres, \u00e7a va \u00eatre des chiffres diff\u00e9rents, mais tous veulent que les personnes qui sont pay\u00e9es avec le minimum soient pay\u00e9es mieux. Tous veulent faire payer plus d&#8217;imp\u00f4ts aux plus riches et moins d&#8217;imp\u00f4ts aux plus pauvres. Et tous ont l&#8217;\u00e9cologie qui tient une place centrale dans le programme.<\/p>\n\n\n\n<p>Hugo: <a id=\"sonaar_ts-6927cdcc4eb4e\" class=\"srmp3_sonaar_ts_shortcode\"  style=\"\" href=\"javascript:sonaar_ts_shortcode({ trackid:'0', time:'00:27:42', ts_id:'6927cdcc4eb4e', play_icon:'' }) ;\">[00:27:42]<\/a> Et c&#8217;est vrai que&#8230; Parce que on parlait un peu du Parti socialiste, ce qui se dit en France, c&#8217;est que depuis une vingtaine d&#8217;ann\u00e9es, le Parti socialiste, s&#8217;est quand m\u00eame pas mal rapproch\u00e9 du centre. Donc c&#8217;est pour \u00e7a aussi que Jean-Luc M\u00e9lenchon s&#8217;est distanci\u00e9 du Parti socialiste parce que lui, il est quand m\u00eame plus \u00e0 gauche que le Parti Socialiste.<\/p>\n\n\n\n<p>Ingrid: <a id=\"sonaar_ts-6927cdcc4eb53\" class=\"srmp3_sonaar_ts_shortcode\"  style=\"\" href=\"javascript:sonaar_ts_shortcode({ trackid:'0', time:'00:28:04', ts_id:'6927cdcc4eb53', play_icon:'' }) ;\">[00:28:04]<\/a> Oui, voil\u00e0, c&#8217;est pour \u00e7a que c&#8217;est un peu difficile de vous dire comme \u00e7a. Qui est de droite, qui est de gauche&#8230; Parce que M\u00e9lenchon, beaucoup, certains, le consid\u00e8rent comme gauche radicale, parce que du coup, il est vraiment parti du Parti socialiste, parce qu&#8217;il consid\u00e9rait que le Parti socialiste n&#8217;\u00e9tait plus assez \u00e0 gauche. Mais parmi les militants de gauche, certains disent au contraire que c&#8217;est seulement un ancien du Parti socialiste qui fait la m\u00eame politique qu&#8217;eux. Donc bon, c&#8217;est un peu compliqu\u00e9 \u00e0 situer. Mais c&#8217;est vrai que en tous les cas, beaucoup le critiquent \u00e0 cause de certaines prises de parole, prises de position tr\u00e8s extr\u00eames ou tr\u00e8s fermes. Voil\u00e0. Donc c&#8217;est aussi pour \u00e7a que les partis de gauche ne se sont pas tous entendus pour des esp\u00e8ces de questions de communication et de philosophie. Mais&#8230;<\/p>\n\n\n\n<p>Hugo: <a id=\"sonaar_ts-6927cdcc4eb5c\" class=\"srmp3_sonaar_ts_shortcode\"  style=\"\" href=\"javascript:sonaar_ts_shortcode({ trackid:'0', time:'00:29:00', ts_id:'6927cdcc4eb5c', play_icon:'' }) ;\">[00:29:00]<\/a> Et d&#8217;\u00e9go.<\/p>\n\n\n\n<p>Ingrid: <a id=\"sonaar_ts-6927cdcc4eb62\" class=\"srmp3_sonaar_ts_shortcode\"  style=\"\" href=\"javascript:sonaar_ts_shortcode({ trackid:'0', time:'00:29:02', ts_id:'6927cdcc4eb62', play_icon:'' }) ;\">[00:29:02]<\/a> De quoi?<\/p>\n\n\n\n<p>Hugo: <a id=\"sonaar_ts-6927cdcc4eb67\" class=\"srmp3_sonaar_ts_shortcode\"  style=\"\" href=\"javascript:sonaar_ts_shortcode({ trackid:'0', time:'00:29:04', ts_id:'6927cdcc4eb67', play_icon:'' }) ;\">[00:29:04]<\/a> D&#8217;\u00e9go, ouais c&#8217;est \u00e7a. Ils ont quand m\u00eame tous un ego assez surdimensionn\u00e9. Donc \u00e7a aussi, \u00e7a complique les choses.<\/p>\n\n\n\n<p>Hugo: <a id=\"sonaar_ts-6927cdcc4eb6c\" class=\"srmp3_sonaar_ts_shortcode\"  style=\"\" href=\"javascript:sonaar_ts_shortcode({ trackid:'0', time:'00:29:12', ts_id:'6927cdcc4eb6c', play_icon:'' }) ;\">[00:29:12]<\/a> C&#8217;est s\u00fbr, c&#8217;est s\u00fbr. Alors maintenant, moi, je vais vous parler un peu de l&#8217;extr\u00eame droite. Cette ann\u00e9e, on a trois candidats d&#8217;extr\u00eame droite, dont deux qui sont tr\u00e8s bien class\u00e9s. Le premier peut-\u00eatre, dont je vais vous parler, c&#8217;est celui qui a le plus surpris les Fran\u00e7ais, on pourrait dire parce qu&#8217;il n&#8217;est pas politicien \u00e0 la base. C&#8217;est un ancien journaliste. Il a \u00e9t\u00e9 journaliste au Figaro. Il s&#8217;appelle \u00c9ric Zemmour. Alors Eric Zemmour, il s&#8217;est fait conna\u00eetre pas vraiment en tant que journaliste, mais plut\u00f4t ensuite sur les plateaux t\u00e9l\u00e9. Il \u00e9tait chroniqueur, \u00e9ditorialiste, pol\u00e9miste aussi. Et en fait, il s&#8217;est fait conna\u00eetre parce qu&#8217;il faisait r\u00e9guli\u00e8rement des d\u00e9clarations assez pol\u00e9miques, par exemple sur les musulmans et sur l&#8217;immigration, \u00e7a c&#8217;est ses deux sujets de pr\u00e9dilection.<\/p>\n\n\n\n<p>Ingrid: <a id=\"sonaar_ts-6927cdcc4eb71\" class=\"srmp3_sonaar_ts_shortcode\"  style=\"\" href=\"javascript:sonaar_ts_shortcode({ trackid:'0', time:'00:30:16', ts_id:'6927cdcc4eb71', play_icon:'' }) ;\">[00:30:16]<\/a> Tu te souviens notamment, par exemple, de quand il avait pratiquement insult\u00e9 Hapsatou Sy en plateau? Tu peux nous raconter peut-\u00eatre cette anecdote pour qu&#8217;ils comprennent le personnage.<\/p>\n\n\n\n<p>Hugo: <a id=\"sonaar_ts-6927cdcc4eb76\" class=\"srmp3_sonaar_ts_shortcode\"  style=\"\" href=\"javascript:sonaar_ts_shortcode({ trackid:'0', time:'00:30:28', ts_id:'6927cdcc4eb76', play_icon:'' }) ;\">[00:30:28]<\/a> Ouais, \u00e7a, c&#8217;est vraiment&#8230; C&#8217;\u00e9tait un fait m\u00e9diatique qui a marqu\u00e9 l&#8217;opinion publique et qui a vraiment fait conna\u00eetre Eric Zemmour. Il faisait la promotion d&#8217;un de ses livres -parce qu&#8217;il est \u00e9crivain aussi- sur un plateau t\u00e9l\u00e9, et il \u00e9tait en train d&#8217;expliquer que les Fran\u00e7ais devraient choisir les pr\u00e9noms de leurs enfants dans le calendrier. Le calendrier chr\u00e9tien.<\/p>\n\n\n\n<p>Ingrid: <a id=\"sonaar_ts-6927cdcc4eb7f\" class=\"srmp3_sonaar_ts_shortcode\"  style=\"\" href=\"javascript:sonaar_ts_shortcode({ trackid:'0', time:'00:30:54', ts_id:'6927cdcc4eb7f', play_icon:'' }) ;\">[00:30:54]<\/a> N&#8217;importe quoi.<\/p>\n\n\n\n<p>Hugo: <a id=\"sonaar_ts-6927cdcc4eb85\" class=\"srmp3_sonaar_ts_shortcode\"  style=\"\" href=\"javascript:sonaar_ts_shortcode({ trackid:'0', time:'00:30:54', ts_id:'6927cdcc4eb85', play_icon:'' }) ;\">[00:30:54]<\/a> \u00c7a veut dire que vous n&#8217;aurez&#8230; les parents ne devraient pas appeler leurs enfants Kevin ou Mohamed. Il faudrait seulement utiliser des pr\u00e9noms comme Pierre, Mathieu, etc. Et une chroniqueuse, donc une dame qui \u00e9tait pr\u00e9sente sur le plateau pour poser des questions \u00e0 Eric Zemmour, lui a dit que son pr\u00e9nom c&#8217;\u00e9tait Hapsatou et elle lui a demand\u00e9 si c&#8217;\u00e9tait un probl\u00e8me. Et Eric Zemmour lui a r\u00e9pondu que oui, sa m\u00e8re avait eu tort de l&#8217;appeler Hapsatou. Avoir tort, c&#8217;est le contraire d&#8217;avoir raison. Et il a dit que son pr\u00e9nom \u00e9tait une insulte \u00e0 la France. Donc voil\u00e0, \u00e7a vous situe un peu le personnage. Ah oui! Et ensuite, il lui a dit que sa m\u00e8re aurait d\u00fb l&#8217;appeler Corinne. Et d&#8217;ailleurs, j&#8217;ai vu que depuis cet incident, elle a eu beaucoup de probl\u00e8mes avec des militants d&#8217;extr\u00eame droite qui ont trouv\u00e9 ou elle habite et qui lui envoient des menaces de mort r\u00e9guli\u00e8rement, etc. C&#8217;est vraiment pas une histoire amusante. Mais voil\u00e0, \u00e7a, \u00e7a vous donne un peu une image d&#8217;Eric Zemmour.<\/p>\n\n\n\n<p>Hugo: <a id=\"sonaar_ts-6927cdcc4eb8a\" class=\"srmp3_sonaar_ts_shortcode\"  style=\"\" href=\"javascript:sonaar_ts_shortcode({ trackid:'0', time:'00:32:02', ts_id:'6927cdcc4eb8a', play_icon:'' }) ;\">[00:32:02]<\/a> Et puis plus r\u00e9cemment, il y a une autre affaire, quand il a d\u00e9clar\u00e9 que le Mar\u00e9chal P\u00e9tain&#8230; Le Mar\u00e9chal P\u00e9tain, c&#8217;\u00e9tait le Pr\u00e9sident fran\u00e7ais sous l&#8217;occupation nazie, donc quand les nazis occupaient la France, le Pr\u00e9sident en France, c&#8217;\u00e9tait le mar\u00e9chal P\u00e9tain. Eric Zemmour a d\u00e9clar\u00e9 que le Mar\u00e9chal P\u00e9tain avait sauv\u00e9 des juifs fran\u00e7ais en envoyant \u00e0 la place des juifs \u00e9trangers dans les camps de concentration. Donc \u00e7a aussi c&#8217;est une d\u00e9claration qui non seulement est historiquement compl\u00e8tement fausse, mais qui vous montre un peu qui est ce ce personnage. Mais en fait, Eric Zemmour est tellement pr\u00e9sent sur les plateaux t\u00e9l\u00e9 parce qu&#8217;\u00e0 chaque fois ses pol\u00e9miques, \u00e7a permet de faire de l&#8217;audience, de faire de l&#8217;audimat. Il est tellement pr\u00e9sent qu&#8217;on peut dire qu&#8217;il est omnipr\u00e9sent et il a commenc\u00e9 \u00e0 \u00eatre appr\u00e9ci\u00e9 par une partie des Fran\u00e7ais. Ce qui fait qu&#8217;il a d\u00e9cid\u00e9 de se pr\u00e9senter \u00e0 l&#8217;\u00e9lection pr\u00e9sidentielle. Pour \u00e7a, il a cr\u00e9\u00e9 son propre parti politique qui s&#8217;appelle Reconqu\u00eates, en r\u00e9f\u00e9rence \u00e0 la Reconquista espagnole qui a eu lieu au Moyen ge, quand des souverains chr\u00e9tiens ont chass\u00e9 les musulmans d&#8217;Espagne. Donc voil\u00e0, \u00e7a, c&#8217;est \u00c9ric Zemmour. Il a \u00e9t\u00e9 un moment deuxi\u00e8me dans les sondages, en novembre 2021. Mais l\u00e0, depuis quelques mois, il est en perte de vitesse. Et aujourd&#8217;hui, il est plut\u00f4t en cinqui\u00e8me position.<\/p>\n\n\n\n<p>Ingrid: <a id=\"sonaar_ts-6927cdcc4eb8f\" class=\"srmp3_sonaar_ts_shortcode\"  style=\"\" href=\"javascript:sonaar_ts_shortcode({ trackid:'0', time:'00:33:41', ts_id:'6927cdcc4eb8f', play_icon:'' }) ;\">[00:33:41]<\/a> Bah en fait, moi, je pense que c&#8217;\u00e9tait un peu un ph\u00e9nom\u00e8ne m\u00e9diatique. Il faut savoir que, comme tu l&#8217;a dit, Zemmour, il \u00e9tait avant beaucoup sur les plateaux t\u00e9l\u00e9, mais \u00e7a fait, \u00e7a fait bien une vingtaine d&#8217;ann\u00e9es en fait, donc il \u00e9tait d\u00e9j\u00e0 probl\u00e9matique, on va dire. Il disait des choses qui \u00e9taient de l&#8217;ordre du racisme. Il a \u00e9t\u00e9 condamn\u00e9 plusieurs fois d&#8217;ailleurs pour injure raciale ou des choses comme \u00e7a. Mais j&#8217;ai eu l&#8217;impression que \u00e7a allait de pire en pire en fait. Et comme \u00e7a a \u00e9t\u00e9 progressif et qu&#8217;il a eu une place de plus importante \u00e0 la t\u00e9l\u00e9, il s&#8217;est senti un peu pousser des ailes. Se sentir pousser des ailes, \u00e7a veut dire qu&#8217;on a confiance tout d&#8217;un coup, on a l&#8217;impression qu&#8217;on peut r\u00e9ussir quelque chose. Et donc, il a d\u00e9cid\u00e9 de se pr\u00e9senter. Et il y a une bulle autour de lui \u00e0 un moment, c&#8217;\u00e9tait un peu le ph\u00e9nom\u00e8ne. &#8220;Oh! Eric Zemmour se pr\u00e9sente !&#8221; Et puis finalement, \u00e7a a commenc\u00e9 \u00e0 descendre. Et donc l\u00e0, il essaye de se rattraper tant qu&#8217;il peut en disant des choses de plus en plus probl\u00e9matiques j&#8217;ai l&#8217;impression. Parce que sa derni\u00e8re sortie, c&#8217;est quand m\u00eame : dans son programme, maintenant, il a mis un Minist\u00e8re de la remigration, non? C&#8217;est \u00e7a? Tu l&#8217;as vu?<\/p>\n\n\n\n<p>Hugo: <a id=\"sonaar_ts-6927cdcc4eb94\" class=\"srmp3_sonaar_ts_shortcode\"  style=\"\" href=\"javascript:sonaar_ts_shortcode({ trackid:'0', time:'00:34:58', ts_id:'6927cdcc4eb94', play_icon:'' }) ;\">[00:34:58]<\/a> Ouais, c&#8217;est \u00e7a. Donc \u00e7a, c&#8217;est vraiment son sujet de pr\u00e9dilection, l&#8217;immigration. En fait, pour lui, tous les probl\u00e8mes en France viennent des \u00e9trangers et de l&#8217;immigration. Donc il a propos\u00e9 de cr\u00e9er un Minist\u00e8re de la remigration qui aura pour but de renvoyer chaque ann\u00e9e 100\u202f000 \u00e9trangers dans leur pays. Alors il n&#8217;a pas dit exactement comment ces \u00e9trangers seront s\u00e9lectionn\u00e9s, mais il a dit que ce seraient &#8220;les criminels, les d\u00e9linquants, tous les \u00e9trangers dont [la France] ne veut plus&#8221;. Et \u00e7a, c&#8217;est vraiment la strat\u00e9gie de Zemmour, c&#8217;est de faire les d\u00e9clarations les plus choquantes possibles pour faire du buzz. \u00c7a a tr\u00e8s bien march\u00e9 pour lui. Pour faire la promotion de ses livres, il a compris que plus il faisait ce genre de d\u00e9clarations, plus on parlait de lui et plus il devenait populaire. Donc maintenant, il est dans la surench\u00e8re. Il surench\u00e9rit, il essaie de faire les d\u00e9clarations les plus choquantes possibles.<\/p>\n\n\n\n<p>Ingrid: <a id=\"sonaar_ts-6927cdcc4eba0\" class=\"srmp3_sonaar_ts_shortcode\"  style=\"\" href=\"javascript:sonaar_ts_shortcode({ trackid:'0', time:'00:36:00', ts_id:'6927cdcc4eba0', play_icon:'' }) ;\">[00:36:00]<\/a> Je ne sais m\u00eame pas si il a vraiment envie d&#8217;\u00eatre \u00e9lu, mais en tout cas, il a permis de faire que Marine Le Pen a l&#8217;air presque un peu douce \u00e0 c\u00f4t\u00e9 de lui. Donc c&#8217;est&#8230;<\/p>\n\n\n\n<p>Hugo: <a id=\"sonaar_ts-6927cdcc4eba6\" class=\"srmp3_sonaar_ts_shortcode\"  style=\"\" href=\"javascript:sonaar_ts_shortcode({ trackid:'0', time:'00:36:13', ts_id:'6927cdcc4eba6', play_icon:'' }) ;\">[00:36:13]<\/a> C&#8217;est \u00e7a, c&#8217;est \u00e7a. D&#8217;ailleurs, donc, on va parler de Marine Le Pen, la candidate, l&#8217;autre candidate d&#8217;extr\u00eame droite qui, elle, est deuxi\u00e8me des sondages, qui a de grandes chances d&#8217;\u00eatre au deuxi\u00e8me tour. Elle a d\u00e9j\u00e0 \u00e9t\u00e9 au deuxi\u00e8me tour des pr\u00e9c\u00e9dentes \u00e9lections pr\u00e9sidentielles face \u00e0 Emmanuel Macron. Elle, elle est Pr\u00e9sidente du Rassemblement national qui avant s&#8217;appelait le Front national. C&#8217;\u00e9tait un parti cr\u00e9\u00e9 par son papa, Jean-Marie Le Pen. Et effectivement, \u00e0 c\u00f4t\u00e9 de Zemmour maintenant, on a presque l&#8217;impression que Marine Le Pen est mod\u00e9r\u00e9e. Le probl\u00e8me pour elle, c&#8217;est qu&#8217;elle a perdu des \u00e9lecteurs au profit de Zemmour. Alors qu&#8217;avant qu&#8217;Eric Zemmour d\u00e9cide de se pr\u00e9senter, elle \u00e9tait vraiment au coude \u00e0 coude dans les sondages avec Emmanuel Macron. \u00catre au coude \u00e0 coude (le coude, c&#8217;est cette articulation du bras), c&#8217;est quand vous faites une course et que vous \u00eates au m\u00eame niveau que vos adversaires, que vous \u00eates vraiment juste \u00e0 c\u00f4t\u00e9. Par exemple, c&#8217;est quelque chose qu&#8217;on peut voir dans les courses cyclistes, les courses de v\u00e9lo, les coureurs qui font un sprint et qui sont vraiment au coude \u00e0 coude, qui sont c\u00f4te \u00e0 c\u00f4te, pour essayer de franchir la ligne d&#8217;arriv\u00e9e en premier. Donc Marine Le Pen \u00e9tait au coude \u00e0 coude. Elle \u00e9tait tr\u00e8s haut plac\u00e9e dans les sondages, mais quand Eric Zemmour a annonc\u00e9 qu&#8217;il allait se pr\u00e9senter, elle a perdu ses \u00e9lecteurs les plus radicaux au profit d&#8217;\u00c9ric Zemmour. Elle a m\u00eame perdu sa propre ni\u00e8ce. Donc la ni\u00e8ce de Marine Le Pen, Marion Mar\u00e9chal, qui faisait partie de son parti politique, le Rassemblement national, mais qui a d\u00e9cid\u00e9 de l&#8217;abandonner, elle a quitt\u00e9 sa tante pour rejoindre Eric Zemmour. Donc effectivement, d&#8217;un c\u00f4t\u00e9 maintenant, Marine Le Pen semble plus mod\u00e9r\u00e9e et disons qu&#8217;elle a&#8230; Elle peut plus facilement avoir une image de Pr\u00e9sidente, elle a une image qui a \u00e9t\u00e9 d\u00e9diabolis\u00e9e. Mais de l&#8217;autre c\u00f4t\u00e9, \u00e7a veut dire que ses \u00e9lecteurs les plus radicaux pr\u00e9f\u00e8rent maintenant voter pour Eric Zemmour. Donc elle est dans une position un peu compliqu\u00e9e.<\/p>\n\n\n\n<p>Ingrid: <a id=\"sonaar_ts-6927cdcc4ebac\" class=\"srmp3_sonaar_ts_shortcode\"  style=\"\" href=\"javascript:sonaar_ts_shortcode({ trackid:'0', time:'00:38:30', ts_id:'6927cdcc4ebac', play_icon:'' }) ;\">[00:38:30]<\/a> Oui, parce que du coup, je disais que, \u00e0 gauche, il y a six candidats qui ont presque le m\u00eame programme. Mais du coup, \u00e0 l&#8217;extr\u00eame droite, on en a deux&#8230; Bon trois, parce qu&#8217;il y en a un tout petit qu&#8217;on va pas citer&#8230; Mais voil\u00e0. Et du coup, en fait, il y a le m\u00eame ph\u00e9nom\u00e8ne, je pense, du c\u00f4t\u00e9 de la droite, plus&#8230; La droite on va dire, qui est plut\u00f4t lib\u00e9rale \u00e9conomiquement, qui est repr\u00e9sent\u00e9e donc d&#8217;abord par Val\u00e9rie P\u00e9cresse. Donc peut-\u00eatre que l\u00e0, on peut passer \u00e0 une autre partie. Pour pour vous parler globalement de cette droite l\u00e0?<\/p>\n\n\n\n<p>Ingrid: <a id=\"sonaar_ts-6927cdcc4ebb5\" class=\"srmp3_sonaar_ts_shortcode\"  style=\"\" href=\"javascript:sonaar_ts_shortcode({ trackid:'0', time:'00:39:09', ts_id:'6927cdcc4ebb5', play_icon:'' }) ;\">[00:39:09]<\/a> Donc, d&#8217;abord, on a Val\u00e9rie P\u00e9cresse, qui est donc du parti Les R\u00e9publicains. Les R\u00e9publicains, c&#8217;est le parti historique de droite en France, il a eu d&#8217;autres noms avant, mais c&#8217;est le m\u00eame parti que celui de l&#8217;ex Pr\u00e9sident Jacques Chirac, de Nicolas Sarkozy apr\u00e8s lui. Et donc la candidate a \u00e9t\u00e9 d\u00e9sign\u00e9e par une primaire. Une primaire, vous savez, c&#8217;est quand plusieurs personnes du m\u00eame parti s&#8217;affrontent pour savoir lequel va repr\u00e9senter le parti aux \u00e9lections. Et elle a gagn\u00e9. Depuis, elle a un peu de mal \u00e0 faire d\u00e9coller sa candidature et sa candidature a encore plus de mal \u00e0 d\u00e9coller depuis que Emmanuel Macron a d\u00e9clar\u00e9 la sienne. Parce que Emmanuel Macron, il faut savoir que tout le monde s&#8217;attendait \u00e0 ce qui se pr\u00e9sente. On le savait, c&#8217;\u00e9tait couru d&#8217;avance. Quand quelque chose est couru d&#8217;avance, \u00e7a veut dire que c&#8217;\u00e9tait pr\u00e9visible. Mais jusqu&#8217;au dernier moment, pratiquement jusqu&#8217;au moment en fait, de d\u00e9poser les signatures, les parrainages, Emmanuel Macron n&#8217;avait pas encore d\u00e9clar\u00e9 officiellement qu&#8217;il \u00e9tait candidat, donc il n&#8217;avait pas propos\u00e9 de programme. Et il l&#8217;a fait finalement d\u00e9but mars, donc l\u00e0, il y a vraiment pas longtemps et on a pu constater que le programme d&#8217;Emmanuel Macron est tr\u00e8s, tr\u00e8s similaire au programme de Val\u00e9rie P\u00e9cresse. Ce n&#8217;est pas moi qui le dis, c&#8217;est Val\u00e9rie P\u00e9cresse elle-m\u00eame. Je la cite, elle a dit : &#8220;Aujourd&#8217;hui, sa campagne, c&#8217;est d\u00e9bauchage et p\u00e2le copie de mon projet sur la r\u00e9forme des retraites, le nucl\u00e9aire, le RSA&#8221;. Donc l\u00e0, elle donne des exemples de mesures que propose Emmanuel Macron et qui est aussi propos\u00e9e par la droite plus traditionnelle, historique. En gros, ces deux partis, ces deux mouvements, proposent de faire travailler plus les Fran\u00e7ais. Ils sont tr\u00e8s attach\u00e9s \u00e0 la valeur travail, au fait qu&#8217;il faut m\u00e9riter son salaire, qu&#8217;il faut bien travailler dans la vie. Et donc ils proposent des choses comme allonger l&#8217;\u00e2ge de la retraite, \u00e7a veut dire qu&#8217;on partirait \u00e0 la retraite plus tard, comme aussi ne pas laisser aussi facilement ceux qui ne travaillent pas, avoir des allocations pour les aider, leur demander de faire des petits travaux, de participer de fa\u00e7on obligatoire \u00e0 certaines activit\u00e9s. Ils veulent aussi renforcer la formation professionnelle pour les jeunes d\u00e8s le coll\u00e8ge. Voil\u00e0. Et puis, au niveau des des imp\u00f4ts, ils veulent faire baisser les imp\u00f4ts pour tout le monde et baisser les charges des entreprises pour que les entreprises ne payent pas autant d&#8217;imp\u00f4ts. Je ne sais pas si c&#8217;est bien r\u00e9sum\u00e9?<\/p>\n\n\n\n<p>Hugo: <a id=\"sonaar_ts-6927cdcc4ebbb\" class=\"srmp3_sonaar_ts_shortcode\"  style=\"\" href=\"javascript:sonaar_ts_shortcode({ trackid:'0', time:'00:42:20', ts_id:'6927cdcc4ebbb', play_icon:'' }) ;\">[00:42:20]<\/a> Je pense que si si, effectivement. Et c&#8217;est int\u00e9ressant ce que tu disais sur Macron, parce qu&#8217;\u00e0 l&#8217;origine il a fait son entr\u00e9e en politique via le parti socialiste et ensuite il s&#8217;est d\u00e9plac\u00e9 vers le centre en cr\u00e9ant son propre parti La R\u00e9publique en marche. Et son slogan, c&#8217;\u00e9tait de dire qu&#8217;il \u00e9tait ni de droite ni de gauche. Mais ensuite, pendant son mandat, il a eu tendance \u00e0 aller de plus en plus vers la droite. Ce qui fait qu&#8217;il a d\u00e9\u00e7u une grande partie de ses \u00e9lecteurs de gauche et qu&#8217;au contraire maintenant il est de plus en plus soutenu par les \u00e9lecteurs de droite. Donc, on peut imaginer qu&#8217;une partie des \u00e9lecteurs potentiels de Val\u00e9rie P\u00e9cresse vont plut\u00f4t voter pour Emmanuel Macron.<\/p>\n\n\n\n<p>Ingrid: <a id=\"sonaar_ts-6927cdcc4ebc5\" class=\"srmp3_sonaar_ts_shortcode\"  style=\"\" href=\"javascript:sonaar_ts_shortcode({ trackid:'0', time:'00:43:08', ts_id:'6927cdcc4ebc5', play_icon:'' }) ;\">[00:43:08]<\/a> Oui c&#8217;est s\u00fbr. Surtout que&#8230; Donc ce que je disais au d\u00e9but, quand je parlais des candidats pour tous, c&#8217;est un peu difficile de dire est-ce qu&#8217;ils sont de droite, de gauche, d&#8217;extr\u00eame droite, d&#8217;extr\u00eame gauche. Et pour Emmanuel Macron, c&#8217;est vrai que si on l&#8217;\u00e9coute, il n&#8217;est ni de droite ni de gauche. Mais donc d\u00e9j\u00e0 j&#8217;ai vu il n&#8217;y a pas longtemps que selon les sondages, \u00e7a y est, les Fran\u00e7ais commencent \u00e0 penser en grande majorit\u00e9 qu&#8217;il est plut\u00f4t de droite. Et puis, si on regarde de ses gouvernements, en fait les personnes avec qui il s&#8217;est alli\u00e9, ses deux premiers ministres \u00e9taient des personnes du parti Les R\u00e9publicains, donc le parti de Val\u00e9rie P\u00e9cresse, sa majorit\u00e9 \u00e0 l&#8217;Assembl\u00e9e, enfin ses lois, ses projets ont quand m\u00eame \u00e9t\u00e9 beaucoup plus soutenus par la droite que par la gauche, voire pas du tout soutenus par la gauche et m\u00eame les ministres, les ministres importants comme ceux exemple, par exemple celui de l&#8217;Int\u00e9rieur, celui de l&#8217;Economie, ce sont des personnes qui viennent du parti de Val\u00e9rie P\u00e9cresse. Donc il y a clairement une&#8230; la concurrence pour les \u00e9lecteurs de droite entre Emmanuel Macron et Val\u00e9rie P\u00e9cresse.<\/p>\n\n\n\n<p>Hugo: <a id=\"sonaar_ts-6927cdcc4ebcb\" class=\"srmp3_sonaar_ts_shortcode\"  style=\"\" href=\"javascript:sonaar_ts_shortcode({ trackid:'0', time:'00:44:16', ts_id:'6927cdcc4ebcb', play_icon:'' }) ;\">[00:44:16]<\/a> Ouais, ce qui est int\u00e9ressant depuis une vingtaine d&#8217;ann\u00e9es, c&#8217;est que la sc\u00e8ne politique a \u00e9t\u00e9 vraiment&#8230; a compl\u00e8tement explos\u00e9 en France. Avant, c&#8217;\u00e9tait comme dans beaucoup de pays, il y avait le candidat de gauche du Parti socialiste et le candidat de droite du parti des R\u00e9publicains qui \u00e9taient syst\u00e9matiquement au second tour. Et il y avait vraiment cette opposition gauche droite. Mais depuis 2002, \u00e7a a chang\u00e9. Parce qu&#8217;en 2002, pour la premi\u00e8re fois, un candidat d&#8217;extr\u00eame droite est pass\u00e9 au second tour Jean-Marie Le Pen, le p\u00e8re de Marine Le Pen. Et \u00e7a, \u00e7a, \u00e7a a \u00e9t\u00e9 vraiment un \u00e9lectrochoc sur la sc\u00e8ne politique fran\u00e7aise. Et un peu plus tard, Emmanuel Macron, qui a cr\u00e9\u00e9 un parti centriste \u00e0 la base pour d\u00e9passer cette opposition gauche droite. Et aujourd&#8217;hui, voil\u00e0. Donc on a en t\u00eate des sondages Emmanuel Macron avec son parti, entre guillemets centriste, mais plut\u00f4t de droite. Ensuite, la candidate d&#8217;extr\u00eame droite Marine Le Pen en deuxi\u00e8me position. Un candidat d&#8217;extr\u00eame gauche, Jean-Luc M\u00e9lenchon, en troisi\u00e8me position, troisi\u00e8me ou quatri\u00e8me selon les sondages. Donc voil\u00e0, la sc\u00e8ne politique a compl\u00e8tement chang\u00e9 au cours des 20 derni\u00e8res ann\u00e9es et c&#8217;est peut \u00eatre un peu plus difficile pour les Fran\u00e7ais de s&#8217;y retrouver.<\/p>\n\n\n\n<p>Ingrid: <a id=\"sonaar_ts-6927cdcc4ebd0\" class=\"srmp3_sonaar_ts_shortcode\"  style=\"\" href=\"javascript:sonaar_ts_shortcode({ trackid:'0', time:'00:45:40', ts_id:'6927cdcc4ebd0', play_icon:'' }) ;\">[00:45:40]<\/a> Ouais mais c&#8217;est vrai que tu disais l\u00e0 tout \u00e0 l&#8217;heure, Macron en t\u00eate des sondages, et je pense que c&#8217;est quand m\u00eame au-del\u00e0 de tout ce qu&#8217;on vient de dire et des programmes et des id\u00e9es. Bon, on a quand m\u00eame une campagne qui est aussi bas\u00e9e plut\u00f4t sur les personnalit\u00e9s. Et l\u00e0, Macron gagne quand m\u00eame pour l&#8217;instant la bataille, non?<\/p>\n\n\n\n<p>Hugo: <a id=\"sonaar_ts-6927cdcc4ebda\" class=\"srmp3_sonaar_ts_shortcode\"  style=\"\" href=\"javascript:sonaar_ts_shortcode({ trackid:'0', time:'00:46:01', ts_id:'6927cdcc4ebda', play_icon:'' }) ;\">[00:46:01]<\/a> C&#8217;est vrai parce que d\u00e9j\u00e0 il a son statut de Pr\u00e9sident sortant, il a \u00e9t\u00e9 Pr\u00e9sident pendant cinq ans, donc il a vraiment cette stature, on peut dire de Pr\u00e9sident. On sait qu&#8217;il est capable de faire le boulot parce que \u00e7a fait cinq ans qu&#8217;il le fait. Et il a beaucoup b\u00e9n\u00e9fici\u00e9, entre guillemets, de la guerre en Ukraine parce que \u00e7a a renforc\u00e9 encore cette image de Pr\u00e9sident avec ce qu&#8217;on appelle l&#8217;effet drapeau. Donc, quand il y a un probl\u00e8me sur la sc\u00e8ne internationale et que la France s&#8217;impose, \u00e7a redonne&#8230; Les Fran\u00e7ais, \u00e7a leur redonne confiance en eux, \u00e7a leur donne une bonne image de leur pays. Et l\u00e0, Emmanuel Macron a beaucoup jou\u00e9 sur \u00e7a en appelant presque quotidiennement Vladimir Poutine pour essayer de n\u00e9gocier une sortie de crise. Donc \u00e7a lui donne vraiment cette stature de Pr\u00e9sident qui a du pouvoir et qui a de l&#8217;importance. Et \u00e7a, \u00e7a lui a permis de ne pas vraiment faire campagne. Il a organis\u00e9 seulement un meeting, il me semble. Et comme tu le disais, il a annonc\u00e9 sa candidature au tout dernier moment en publiant une lettre dans la presse r\u00e9gionale. Donc on a un peu l&#8217;impression qu&#8217;il prend cette campagne de haut, qu&#8217;il dit : &#8220;Voil\u00e0, moi je suis le Pr\u00e9sident, donc je n&#8217;ai pas besoin de d\u00e9battre avec tous ces candidats. J&#8217;ai des choses plus importantes \u00e0 faire, comme r\u00e9soudre cette guerre en Ukraine&#8221;. Et \u00e7a, \u00e7a, \u00e7a lui donne une certaine stature.<\/p>\n\n\n\n<p>Ingrid: <a id=\"sonaar_ts-6927cdcc4ebdf\" class=\"srmp3_sonaar_ts_shortcode\"  style=\"\" href=\"javascript:sonaar_ts_shortcode({ trackid:'0', time:'00:47:35', ts_id:'6927cdcc4ebdf', play_icon:'' }) ;\">[00:47:35]<\/a> Ouais l\u00e0, clairement, Macron a une telle avance dans les sondages que \u00e7a donne un peu cette impression que le match est d\u00e9j\u00e0 pli\u00e9. Un match qui est d\u00e9j\u00e0 pli\u00e9, \u00e7a veut dire qu&#8217;on conna\u00eet d\u00e9j\u00e0 le r\u00e9sultat. C&#8217;est le r\u00e9sultat final, on l&#8217;a d\u00e9j\u00e0 \u00e0 la premi\u00e8re mi-temps, quoi. Et d&#8217;ailleurs, il y a beaucoup de personnes qui parlent d\u00e9j\u00e0 du deuxi\u00e8me tour, en disant : &#8220;Ah, je sais pas si je voterais Macron au deuxi\u00e8me tour face \u00e0 Le Pen ou je ne sais pas&#8221;. Comme si on \u00e9tait d\u00e9j\u00e0 tous persuad\u00e9s que dans tous les cas, Emmanuel Macron va \u00eatre au deuxi\u00e8me tour et il va probablement gagner ! On est&#8230; Dans nos t\u00eates, c&#8217;est d\u00e9j\u00e0 parti pour cinq ans, peu importe qu&#8217;on soit en fait pro ou anti Macron, on a cette id\u00e9e que c&#8217;est d\u00e9j\u00e0 fait.<\/p>\n\n\n\n<p>Hugo: <a id=\"sonaar_ts-6927cdcc4ebe4\" class=\"srmp3_sonaar_ts_shortcode\"  style=\"\" href=\"javascript:sonaar_ts_shortcode({ trackid:'0', time:'00:48:26', ts_id:'6927cdcc4ebe4', play_icon:'' }) ;\">[00:48:26]<\/a> Ouais. Mais par contre le risque pour lui, c&#8217;est que si ses \u00e9lecteurs consid\u00e8rent que le match est pli\u00e9 d&#8217;avance, eh bien ils vont se dire qu&#8217;ils n&#8217;ont pas besoin d&#8217;aller voter parce que de toute fa\u00e7on il va \u00eatre \u00e9lu. Donc pourquoi se d\u00e9placer et pourquoi perdre son dimanche \u00e0 aller voter? Donc \u00e7a, c&#8217;est un risque pour pour Macron. Et s&#8217;il est \u00e9lu, mais avec une faible majorit\u00e9, \u00e7a va \u00eatre aussi probl\u00e9matique pour sa l\u00e9gitimit\u00e9. Donc l\u00e0, depuis plusieurs semaines, il essaie vraiment de dire que l&#8217;\u00e9lection n&#8217;est pas encore jou\u00e9e, qu&#8217;il faut se mobiliser et que ses \u00e9lecteurs doivent aller voter. C&#8217;est un peu le message qu&#8217;il essaye de faire passer. Et s&#8217;il est \u00e9lu, il fera son deuxi\u00e8me mandat. Donc il entrera dans le club assez ferm\u00e9 des Pr\u00e9sidents de la Cinqui\u00e8me R\u00e9publique qui ont fait deux mandats aux c\u00f4t\u00e9s de De Gaulle, Mitterrand et Jacques Chirac.<\/p>\n\n\n\n<p>Ingrid: <a id=\"sonaar_ts-6927cdcc4ebee\" class=\"srmp3_sonaar_ts_shortcode\"  style=\"\" href=\"javascript:sonaar_ts_shortcode({ trackid:'0', time:'00:49:24', ts_id:'6927cdcc4ebee', play_icon:'' }) ;\">[00:49:24]<\/a> \u00c7a fait longtemps que ce n&#8217;est pas arriv\u00e9 du coup, puisque les deux derniers, les deux derniers Pr\u00e9sidents avant Emmanuel Macron, n&#8217;ont pas \u00e9t\u00e9 r\u00e9\u00e9lus. Ils ont fait qu&#8217;un seul mandat.<\/p>\n\n\n\n<p>Hugo: <a id=\"sonaar_ts-6927cdcc4ebf4\" class=\"srmp3_sonaar_ts_shortcode\"  style=\"\" href=\"javascript:sonaar_ts_shortcode({ trackid:'0', time:'00:49:35', ts_id:'6927cdcc4ebf4', play_icon:'' }) ;\">[00:49:35]<\/a> Effectivement, c&#8217;\u00e9tait Nicolas Sarkozy et Fran\u00e7ois Hollande. Mais globalement, les analystes politiques disent que cette campagne, c&#8217;est une campagne Tefal.<\/p>\n\n\n\n<p>Ingrid: <a id=\"sonaar_ts-6927cdcc4ebf9\" class=\"srmp3_sonaar_ts_shortcode\"  style=\"\" href=\"javascript:sonaar_ts_shortcode({ trackid:'0', time:'00:49:45', ts_id:'6927cdcc4ebf9', play_icon:'' }) ;\">[00:49:45]<\/a> Tefal ! Tefal !<\/p>\n\n\n\n<p>Hugo: <a id=\"sonaar_ts-6927cdcc4ebfe\" class=\"srmp3_sonaar_ts_shortcode\"  style=\"\" href=\"javascript:sonaar_ts_shortcode({ trackid:'0', time:'00:49:49', ts_id:'6927cdcc4ebfe', play_icon:'' }) ;\">[00:49:49]<\/a> Tefal, si vous connaissez pas ces marques d&#8217;ustensiles de cuisine qui font des po\u00eales par exemple, et leur grande qualit\u00e9, c&#8217;est qu&#8217;elles n&#8217;accrochent pas. Quand vous faites cuire quelque chose dans une po\u00eale, normalement, vous devez ajouter de l&#8217;huile ou du beurre pour \u00e9viter que les aliments accrochent au fond de la po\u00eale. Eh bien Tefal a mis au point une technologie pour qu&#8217;on puisse faire cuire ces aliments sans utiliser de beurre ou d&#8217;huile. \u00c7a ne marche pas toujours tr\u00e8s bien. Mais pourquoi les analystes appellent cette campagne la campagne Tefal? Eh bien, parce qu&#8217;elle n&#8217;accroche pas. Elle n&#8217;attire pas vraiment l&#8217;attention des Fran\u00e7ais. Les Fran\u00e7ais s&#8217;int\u00e9ressent moins \u00e0 cette \u00e9lection pr\u00e9sidentielle qu&#8217;aux pr\u00e9c\u00e9dentes. Et \u00e7a, c&#8217;est li\u00e9 notamment au contexte international, avec la guerre en Ukraine qui pr\u00e9occupe beaucoup les Fran\u00e7ais et le covid. M\u00eame si on a tendance \u00e0 penser qu&#8217;on est plut\u00f4t \u00e0 la fin de la pand\u00e9mie, le risque d&#8217;un nouveau variant est toujours pr\u00e9sent donc les Fran\u00e7ais continuent de s&#8217;inqui\u00e9ter \u00e0 propos de \u00e7a.<\/p>\n\n\n\n<p>Ingrid: <a id=\"sonaar_ts-6927cdcc4ec04\" class=\"srmp3_sonaar_ts_shortcode\"  style=\"\" href=\"javascript:sonaar_ts_shortcode({ trackid:'0', time:'00:50:56', ts_id:'6927cdcc4ec04', play_icon:'' }) ;\">[00:50:56]<\/a> Les Fran\u00e7ais d&#8217;ailleurs ! Parlons-en. Parce que pour l&#8217;instant, on a parl\u00e9 de De Gaulle, des candidats, mais qui vote alors? Donc je vais vous r\u00e9sumer globalement les conditions pour voter. Donc pour voter, il faut avoir 18 ans, donc la majorit\u00e9. Il faut \u00eatre fran\u00e7ais, avoir la nationalit\u00e9 fran\u00e7aise. Il faut savoir que pour certaines \u00e9lections, les \u00e9lections locales, on peut voter quand on r\u00e9side en France, m\u00eame si on n&#8217;a pas la nationalit\u00e9 fran\u00e7aise. Mais pour cette \u00e9lection et toutes les \u00e9lections nationales en g\u00e9n\u00e9ral, il faut donc \u00eatre fran\u00e7ais. Le vote est un droit, ce n&#8217;est pas un devoir. Donc on peut tr\u00e8s bien choisir de ne pas y aller et on n&#8217;est pas oblig\u00e9 de r\u00e9sider en France pour voter. Hugo en est la preuve vivante. Hugo, toi tu vas voter o\u00f9 ?<\/p>\n\n\n\n<p>Hugo: <a id=\"sonaar_ts-6927cdcc4ec0d\" class=\"srmp3_sonaar_ts_shortcode\"  style=\"\" href=\"javascript:sonaar_ts_shortcode({ trackid:'0', time:'00:51:52', ts_id:'6927cdcc4ec0d', play_icon:'' }) ;\">[00:51:52]<\/a> Moi je vote \u00e0 Varsovie, \u00e0 l&#8217;Ambassade de France de Varsovie. Et toi, tu votes \u00e0 Toulouse?<\/p>\n\n\n\n<p>Ingrid: <a id=\"sonaar_ts-6927cdcc4ec12\" class=\"srmp3_sonaar_ts_shortcode\"  style=\"\" href=\"javascript:sonaar_ts_shortcode({ trackid:'0', time:'00:51:59', ts_id:'6927cdcc4ec12', play_icon:'' }) ;\">[00:51:59]<\/a> \u00c0 Toulouse. Ouais, ouais, ouais. Parce que oui donc chaque Fran\u00e7ais est inscrit \u00e0 un bureau de vote, donc les bureaux de vote, ils d\u00e9pendent de l&#8217;adresse de la personne. Donc moi, par exemple, quand j&#8217;ai d\u00e9m\u00e9nag\u00e9 \u00e0 Toulouse, que j&#8217;ai eu une adresse, que je savais o\u00f9 j&#8217;allais \u00eatre \u00e0 ce moment-l\u00e0, j&#8217;ai pu juste faire une d\u00e9claration sur Internet et on m&#8217;a inscrit sur&#8230; au bureau de vote, qui est donc l&#8217;\u00e9cole juste \u00e0 c\u00f4t\u00e9. En g\u00e9n\u00e9ral, c&#8217;est des \u00e9coles. Et puis pour ceux qui habitent \u00e0 l&#8217;\u00e9tranger, c&#8217;est le les ambassades ou les consulats, il me semble. \u00c7a d\u00e9pend, \u00e7a d\u00e9pend des villes.<\/p>\n\n\n\n<p>Hugo: <a id=\"sonaar_ts-6927cdcc4ec17\" class=\"srmp3_sonaar_ts_shortcode\"  style=\"\" href=\"javascript:sonaar_ts_shortcode({ trackid:'0', time:'00:52:38', ts_id:'6927cdcc4ec17', play_icon:'' }) ;\">[00:52:38]<\/a> Ouais, c&#8217;est \u00e7a. Mais c&#8217;est m\u00eame pas obligatoire. Je pourrais continuer de voter en France, par exemple \u00e0 l&#8217;adresse de mes parents. C&#8217;est moi qui ai fait la demande de changer de bureau de vote pour que ce soit plus pratique et que je ne sois pas oblig\u00e9 de rentrer en France \u00e0 chaque \u00e9lection.<\/p>\n\n\n\n<p>Ingrid: <a id=\"sonaar_ts-6927cdcc4ec1d\" class=\"srmp3_sonaar_ts_shortcode\"  style=\"\" href=\"javascript:sonaar_ts_shortcode({ trackid:'0', time:'00:52:51', ts_id:'6927cdcc4ec1d', play_icon:'' }) ;\">[00:52:51]<\/a> Oui, voil\u00e0. Parce que pour les \u00e9trangers, du coup, il y a deux solutions. Effectivement, on peut voter en France et donc \u00e7a peut \u00eatre soit dans la ville o\u00f9 on est n\u00e9, soit dans la derni\u00e8re ville o\u00f9 on a habit\u00e9, soit&#8230; Enfin, voil\u00e0, il y a des conditions pour quand m\u00eame avoir une certaine flexibilit\u00e9. Bah je vous donne un exemple moi, ma s\u0153ur, ma petite s\u0153ur, elle est&#8230; elle travaille dans l&#8217;humanitaire. Et donc elle n&#8217;est pas souvent en France, mais elle ne peut pas s&#8217;inscrire sur les listes \u00e0 l&#8217;\u00e9tranger puisqu&#8217;elle change r\u00e9guli\u00e8rement, donc elle est toujours inscrite chez mes parents. Et ce qu&#8217;elle fait&#8230; Et donc l\u00e0, je vais vous parler de ce qu&#8217;on appelle la procuration. Je vous donne le cas de ma s\u0153ur, mais en fait, tout le monde peut le faire, et il y a beaucoup de jeunes \u00e9tudiants qui le font par exemple. Quand on ne peut pas aller dans son bureau de vote, soit parce qu&#8217;on n&#8217;habite pas vraiment dans cette ville, soit parce qu&#8217;on est en vacances, soit n&#8217;importe quelle raison. On d\u00e9clare (on peut, ce n&#8217;est pas obligatoire) faire une procuration en d\u00e9clarant qu&#8217;on sera absent et qu&#8217;on confie notre vote \u00e0 une autre personne. Il faut donc faire une d\u00e9claration et il faut la faire valider au commissariat de police. Ou pareil, si on a l&#8217;\u00e9tranger, au consulat. Voil\u00e0. Mais en tout cas c&#8217;est une d\u00e9marche qui est assez simple mais qui est quand m\u00eame tr\u00e8s encadr\u00e9e<\/p>\n\n\n\n<p><a id=\"sonaar_ts-6927cdcc4ec26\" class=\"srmp3_sonaar_ts_shortcode\"  style=\"\" href=\"javascript:sonaar_ts_shortcode({ trackid:'0', time:'00:54:16', ts_id:'6927cdcc4ec26', play_icon:'' }) ;\">[00:54:16]<\/a>Et ensuite, la personne qui vit dans la m\u00eame ville que nous doit se rendre dans le bureau de vote de celui pour qui elle vote et&#8230; Eh bah voter tout simplement au nom de&#8230; Donc souvent c&#8217;est les parents qui votent pour les enfants. Les amis. Moi, \u00e7a m&#8217;\u00e9tait d\u00e9j\u00e0 arriv\u00e9 \u00e0 Paris de demander \u00e0 une amie d&#8217;aller voter pour moi. Et voil\u00e0. Donc \u00e7a, c&#8217;est des solutions qu&#8217;il y a, qui existent, pour que tout le monde puisse voter. Donc il faut \u00eatre inscrit sur les listes \u00e9lectorales. Et pour \u00eatre inscrits sur les listes \u00e9lectorales, \u00e7a se fait automatiquement \u00e0 18 ans. Et quand on veut changer parce que par exemple on a d\u00e9m\u00e9nag\u00e9, il faut le faire, c&#8217;est assez rapide. Alors par contre, on a un ph\u00e9nom\u00e8ne. Je pense que c&#8217;est assez int\u00e9ressant de le mentionner, qui est la mal inscription. La mal inscription, \u00e7a peut \u00eatre, alors c&#8217;est souvent, c&#8217;est des personnes qui sont pas bien inscrites sur les listes \u00e9lectorales et qui le savent pas, qui sont inscrites mais qui ne le savent pas ou qui ont \u00e9t\u00e9 inscrites dans une ville ou elles n&#8217;habitent plus et donc elles ne peuvent plus y aller. Et en fait, il y a beaucoup de ph\u00e9nom\u00e8nes comme \u00e7a qui rendent les choses un peu compliqu\u00e9es. On peut \u00eatre radi\u00e9 des listes, par exemple. Si on ne r\u00e9pond pas \u00e0 certains courriers, on peut consid\u00e9rer au bout d&#8217;un moment qu&#8217;on n&#8217;habite plus l\u00e0 ou on \u00e9tait inscrit et du coup, on d\u00e9cide de nous radier. Moi, \u00e7a m&#8217;est arriv\u00e9 quand j&#8217;ai d\u00e9m\u00e9nag\u00e9 de Paris. Pendant un moment, j&#8217;\u00e9tais bien, j&#8217;\u00e9tais inscrite nulle part. Et puis voil\u00e0. Apr\u00e8s, je sais que certaines personnes ne savent pas qu&#8217;elles peuvent aller voter parce qu&#8217;elles n&#8217;ont pas re\u00e7u de carte \u00e9lectorale qui est une esp\u00e8ce de petit papier qu&#8217;on doit apporter, qu&#8217;on peut apporter, mais en fait qui n&#8217;est pas du tout obligatoire. Donc si vous avez des Fran\u00e7ais autour de vous, n&#8217;h\u00e9sitez pas \u00e0 leur dire qu&#8217;ils ont pas du tout besoin de ce papier pour aller voter. Donc voil\u00e0, je pense que j&#8217;ai fait le tour. Donc avoir 18 ans, \u00eatre fran\u00e7ais, \u00eatre inscrit sur les listes, c&#8217;est fait automatiquement. Mais parfois, il faut faire la d\u00e9marche de changer, faire une procuration si on ne peut pas y aller le jour m\u00eame dans son bureau de vote. Et c&#8217;est tout. Alors certains candidats proposent des modifications. Par exemple, certains candidats veulent que les jeunes puissent voter \u00e0 partir de seize ans ou que les \u00e9trangers puissent voter. Et il me semble que certains aussi veulent rendre le vote obligatoire. Voil\u00e0.<\/p>\n\n\n\n<p>Hugo: <a id=\"sonaar_ts-6927cdcc4ec2b\" class=\"srmp3_sonaar_ts_shortcode\"  style=\"\" href=\"javascript:sonaar_ts_shortcode({ trackid:'0', time:'00:57:03', ts_id:'6927cdcc4ec2b', play_icon:'' }) ;\">[00:57:03]<\/a> Ouais, \u00e7a c&#8217;est vrai que c&#8217;est un gros d\u00e9bat qui existe en France. Est-ce qu&#8217;il faut forcer les Fran\u00e7ais \u00e0 voter en leur donnant une amende, par exemple s&#8217;ils ne vont pas voter? Et \u00e0 ce moment-l\u00e0, le vote deviendrait r\u00e9ellement un devoir et pas seulement un droit. Donc \u00e7a changerait un peu la dynamique, peut-\u00eatre.<\/p>\n\n\n\n<p>Ingrid: <a id=\"sonaar_ts-6927cdcc4ec31\" class=\"srmp3_sonaar_ts_shortcode\"  style=\"\" href=\"javascript:sonaar_ts_shortcode({ trackid:'0', time:'00:57:22', ts_id:'6927cdcc4ec31', play_icon:'' }) ;\">[00:57:22]<\/a> Ouais, parce que pour l&#8217;instant, c&#8217;est pas&#8230; C&#8217;est pas vraiment \u00e7a quoi. Les Fran\u00e7ais ne vont pas beaucoup voter. De mani\u00e8re g\u00e9n\u00e9rale, il y a beaucoup quelque chose qu&#8217;on appelle l&#8217;abstention. Bon, c&#8217;est vrai qu&#8217;aux \u00e9lections pr\u00e9sidentielles, il n&#8217;y a pas beaucoup d&#8217;abstention. Attention pour ceux chez qui le vote est obligatoire, \u00e7a va peut \u00eatre vous surprendre, mais la derni\u00e8re fois, au deuxi\u00e8me tour, il y a eu 25% d&#8217;abstention. Et \u00e7a, ce n&#8217;est pas beaucoup.<\/p>\n\n\n\n<p>Hugo: <a id=\"sonaar_ts-6927cdcc4ec36\" class=\"srmp3_sonaar_ts_shortcode\"  style=\"\" href=\"javascript:sonaar_ts_shortcode({ trackid:'0', time:'00:57:55', ts_id:'6927cdcc4ec36', play_icon:'' }) ;\">[00:57:55]<\/a> Effectivement, pour des \u00e9lections en France, 25% d&#8217;abstention, c&#8217;est plut\u00f4t un bon r\u00e9sultat. Et sachant que \u00e7a ne prend pas en compte, il me semble, le vote blanc et le vote nul. Donc le vote blanc, c&#8217;est quand quelqu&#8217;un d\u00e9cide de quelqu&#8217;un va voter. Mais au lieu de mettre le bulletin d&#8217;un candidat dans une petite enveloppe et de la mettre dans la bo\u00eete, il met l&#8217;enveloppe vide ou simplement avec un morceau de papier blanc, pour montrer qu&#8217;aucun candidat ne correspond \u00e0 ses id\u00e9es et qu&#8217;il a personne pour qui voter, qu&#8217;il n&#8217;est pas satisfait de l&#8217;offre \u00e9lectorale. Donc voil\u00e0. 25% c&#8217;est seulement le taux d&#8217;abstention et \u00e7a ne prend pas en compte le vote blanc qui peut \u00eatre aussi assez important. Je crois qu&#8217;il \u00e9tait de 8% \u00e0 ce deuxi\u00e8me tour de la derni\u00e8re \u00e9lection pr\u00e9sidentielle, plus les votes nuls, donc les personnes qui ont \u00e9crit quelque chose sur le papier ou qui ont d\u00e9chir\u00e9 le papier etc&#8230; Donc le vote n&#8217;est pas pris en compte.<\/p>\n\n\n\n<p>Ingrid: <a id=\"sonaar_ts-6927cdcc4ec3f\" class=\"srmp3_sonaar_ts_shortcode\"  style=\"\" href=\"javascript:sonaar_ts_shortcode({ trackid:'0', time:'00:59:02', ts_id:'6927cdcc4ec3f', play_icon:'' }) ;\">[00:59:02]<\/a> Qui ont \u00e9crit le nom d&#8217;une autre personne : &#8220;Hugo !&#8221;<\/p>\n\n\n\n<p>Hugo: <a id=\"sonaar_ts-6927cdcc4ec44\" class=\"srmp3_sonaar_ts_shortcode\"  style=\"\" href=\"javascript:sonaar_ts_shortcode({ trackid:'0', time:'00:59:05', ts_id:'6927cdcc4ec44', play_icon:'' }) ;\">[00:59:05]<\/a> Exactement. &#8220;Hugo Cotton Pr\u00e9sident !&#8221; Eh ben si vous votez \u00e7a, c&#8217;est un vote nul, c&#8217;est un vote qui n&#8217;est pas pris en compte. Donc si on ajoute l&#8217;abstention, plus les votes nuls, plus les votes blancs, on \u00e9tait au deuxi\u00e8me tour de l&#8217;\u00e9lection pr\u00e9sidentielle \u00e0 plus de 35%, voire 40%. Donc \u00e7a, \u00e7a met en cause la l\u00e9gitimit\u00e9 d&#8217;Emmanuel Macron, qui a \u00e9t\u00e9 \u00e9lu, et du candidat qui est \u00e9lu. Si on est \u00e9lu avec une abstention aussi forte, est ce qu&#8217;on est vraiment l\u00e9gitime pour \u00eatre le Pr\u00e9sident de tous les Fran\u00e7ais? Donc \u00e7a, c&#8217;\u00e9tait la question de l&#8217;abstention. Pour finir, on va dire peut \u00eatre un mot aussi sur la Sixi\u00e8me R\u00e9publique. C&#8217;est vrai que l&#8217;\u00e9pisode est assez long. On est d\u00e9sol\u00e9, on avait beaucoup trop de choses \u00e0 dire comme d&#8217;habitude, mais encore un peu de courage, on y est presque. Alors l\u00e0, Sixi\u00e8me R\u00e9publique, qu&#8217;est ce que c&#8217;est? Depuis quelques ann\u00e9es, de plus en plus de politiciens appellent \u00e0 cr\u00e9er une Sixi\u00e8me R\u00e9publique pour succ\u00e9der \u00e0 la Cinqui\u00e8me R\u00e9publique. Parce qu&#8217;ils disent que la Cinqui\u00e8me R\u00e9publique n&#8217;est plus adapt\u00e9e \u00e0 la r\u00e9alit\u00e9 des Fran\u00e7ais, qu&#8217;elle, a \u00e9t\u00e9 cr\u00e9\u00e9e par et pour le g\u00e9n\u00e9ral De Gaulle. Mais qu&#8217;aujourd&#8217;hui on doit modifier radicalement la Constitution. On doit \u00e9crire une nouvelle Constitution qui correspond mieux \u00e0 la r\u00e9alit\u00e9 des Fran\u00e7ais. Par exemple, une des critiques, c&#8217;est que la Cinqui\u00e8me R\u00e9publique donne trop de pouvoirs au Pr\u00e9sident. Parfois, on appelle \u00e7a une Monarchie r\u00e9publicaine, pour dire que le Pr\u00e9sident a tellement de pouvoirs qu&#8217;il est plus proche d&#8217;un Monarque que d&#8217;un Pr\u00e9sident. Et \u00e7a, \u00e7a a \u00e9t\u00e9 amplifi\u00e9 encore avec Emmanuel Macron, qui avait une pratique tr\u00e8s verticale du pouvoir, il avait vraiment tendance \u00e0 prendre les d\u00e9cisions tout seul, sans demander l&#8217;avis de qui que ce soit. Et d&#8217;ailleurs, on l&#8217;a surnomm\u00e9 Jupiter pour montrer qu&#8217;il avait vraiment cette image de Dieu tout puissant qui gouvernait seul son royaume. Donc, ceux qui veulent cr\u00e9er une Sixi\u00e8me R\u00e9publique veulent limiter les pouvoirs du Pr\u00e9sident et au contraire augmenter ceux du Parlement. Avec le risque, encore une fois, de revenir \u00e0 la quatri\u00e8me R\u00e9publique et \u00e0 cette instabilit\u00e9. Et ils veulent aussi que le vote blanc soit pris en compte. Donc si plus de 50% des Fran\u00e7ais votent blanc \u00e0 une \u00e9lection, il faudrait annuler cette \u00e9lection, ce qui n&#8217;est pas le cas aujourd&#8217;hui. Aujourd&#8217;hui, si aux prochaines \u00e9lections pr\u00e9sidentielles, plus de la moiti\u00e9 des Fran\u00e7ais d\u00e9cide de voter blanc, bah l&#8217;\u00e9lection sera quand m\u00eame valide et le candidat qui aura gagn\u00e9 deviendra Pr\u00e9sident. Et il y a d&#8217;autres mesures, comme la possibilit\u00e9 de r\u00e9voquer les \u00e9lus. \u00c7a veut dire qu&#8217;on ne serait pas oblig\u00e9 d&#8217;attendre la fin du mandat d&#8217;un \u00e9lu pour pour \u00e9lire quelqu&#8217;un d&#8217;autre. On pourra d\u00e9cider pendant son mandat de le r\u00e9voquer, de le renvoyer, de lui dire tu as mal fait ton travail, donc c&#8217;est fini, tu ne plus, tu ne peux plus \u00eatre notre \u00e9lu. Et une derni\u00e8re mesure importante, c&#8217;est qu&#8217;ils veulent davantage de d\u00e9mocratie participative, impliquer plus les citoyens dans la prise de d\u00e9cision, pas seulement aux \u00e9lections, mais vraiment au quotidien. Que les Fran\u00e7ais puissent donner leur avis r\u00e9guli\u00e8rement sur les mesures et les d\u00e9cisions politiques qui sont prises.<\/p>\n\n\n\n<p>Ingrid: <a id=\"sonaar_ts-6927cdcc4ec4a\" class=\"srmp3_sonaar_ts_shortcode\"  style=\"\" href=\"javascript:sonaar_ts_shortcode({ trackid:'0', time:'01:02:35', ts_id:'6927cdcc4ec4a', play_icon:'' }) ;\">[01:02:35]<\/a> Et au-del\u00e0 des candidats \u00e0 l&#8217;\u00e9lection Pr\u00e9sidentielle en France et du cas fran\u00e7ais, il y a beaucoup de r\u00e9flexions en ce moment qui sont faites sur comment apporter plus de d\u00e9mocratie avec des modes de vote qui sont diff\u00e9rents, par exemple en disant en donnant des notes aux candidats ou en faisant un classement, etc. Donc voil\u00e0, c&#8217;est un sujet qui peut \u00eatre \u00e9largi \u00e0 bien au-del\u00e0 de la France et bien au-del\u00e0 de ces \u00e9lections : comment avoir plus de d\u00e9mocratie en g\u00e9n\u00e9ral dans toutes nos soci\u00e9t\u00e9s?<\/p>\n\n\n\n<p>Hugo: <a id=\"sonaar_ts-6927cdcc4ec54\" class=\"srmp3_sonaar_ts_shortcode\"  style=\"\" href=\"javascript:sonaar_ts_shortcode({ trackid:'0', time:'01:03:10', ts_id:'6927cdcc4ec54', play_icon:'' }) ;\">[01:03:10]<\/a> Effectivement. Je pense qu&#8217;on va conclure sur ces belles paroles. Bravo \u00e0 toutes celles et ceux qui ont \u00e9cout\u00e9 l&#8217;\u00e9pisode jusqu&#8217;au bout. Je pense qu&#8217;on a parl\u00e9 assez vite, surtout moi.<\/p>\n\n\n\n<p>Ingrid: <a id=\"sonaar_ts-6927cdcc4ec59\" class=\"srmp3_sonaar_ts_shortcode\"  style=\"\" href=\"javascript:sonaar_ts_shortcode({ trackid:'0', time:'01:03:24', ts_id:'6927cdcc4ec59', play_icon:'' }) ;\">[01:03:24]<\/a> Ouais surtout moi. Au d\u00e9but, j&#8217;ai fait attention et apr\u00e8s j&#8217;ai pardon, je me suis un peu laiss\u00e9e emporter.<\/p>\n\n\n\n<p>Hugo: <a id=\"sonaar_ts-6927cdcc4ec5e\" class=\"srmp3_sonaar_ts_shortcode\"  style=\"\" href=\"javascript:sonaar_ts_shortcode({ trackid:'0', time:'01:03:30', ts_id:'6927cdcc4ec5e', play_icon:'' }) ;\">[01:03:30]<\/a> On essaye vraiment de se rapprocher le plus possible d&#8217;une conversation naturelle. Dites nous encore une fois dans les commentaires si c&#8217;est trop difficile, si on va trop vite. Au contraire, si vous aimez bien ce format un peu plus informel, on essaye, comme vous le savez d&#8217;ajuster au maximum pour pour pouvoir vous aider tout simplement. Et est-ce qu&#8217;on choisit un mot \u00e0 leur donner dans les commentaires pour nous montrer qu&#8217;ils ont bien \u00e9cout\u00e9 l&#8217;\u00e9pisode jusqu&#8217;au bout?<\/p>\n\n\n\n<p>Ingrid: <a id=\"sonaar_ts-6927cdcc4ec64\" class=\"srmp3_sonaar_ts_shortcode\"  style=\"\" href=\"javascript:sonaar_ts_shortcode({ trackid:'0', time:'01:04:00', ts_id:'6927cdcc4ec64', play_icon:'' }) ;\">[01:04:00]<\/a> Ouais, vas-y.<\/p>\n\n\n\n<p>Hugo: <a id=\"sonaar_ts-6927cdcc4ec6d\" class=\"srmp3_sonaar_ts_shortcode\"  style=\"\" href=\"javascript:sonaar_ts_shortcode({ trackid:'0', time:'01:04:04', ts_id:'6927cdcc4ec6d', play_icon:'' }) ;\">[01:04:04]<\/a> Qu&#8217;est ce qu&#8217;on pourrait choisir&#8230; Koala?<\/p>\n\n\n\n<p>Ingrid: <a id=\"sonaar_ts-6927cdcc4ec72\" class=\"srmp3_sonaar_ts_shortcode\"  style=\"\" href=\"javascript:sonaar_ts_shortcode({ trackid:'0', time:'01:04:06', ts_id:'6927cdcc4ec72', play_icon:'' }) ;\">[01:04:06]<\/a> Tr\u00e8s bien. Koala, ce sera. On attend vos commentaires.<\/p>\n\n\n\n<p>Hugo: <a id=\"sonaar_ts-6927cdcc4ec77\" class=\"srmp3_sonaar_ts_shortcode\"  style=\"\" href=\"javascript:sonaar_ts_shortcode({ trackid:'0', time:'01:04:09', ts_id:'6927cdcc4ec77', play_icon:'' }) ;\">[01:04:09]<\/a> Koala, voil\u00e0. \u00c0 chaque fois, c&#8217;est un animal diff\u00e9rent donc cette fois, ce sera le koala. Merci \u00e0 toutes et \u00e0 tous. Et \u00e0 bient\u00f4t. Ciao.<\/p>\n\n\n\n<p>Ingrid: <a id=\"sonaar_ts-6927cdcc4ec7d\" class=\"srmp3_sonaar_ts_shortcode\"  style=\"\" href=\"javascript:sonaar_ts_shortcode({ trackid:'0', time:'01:04:18', ts_id:'6927cdcc4ec7d', play_icon:'' }) ;\">[01:04:18]<\/a> Merci. Ciao.<\/p>\n","protected":false},"excerpt":{"rendered":"<p>Hugo: Salut \u00e0 toutes et \u00e0 tous! Bienvenue! Aujourd&#8217;hui, comme vous l&#8217;avez entendu, je suis en compagnie d&#8217;Ingrid. Ingrid: Salut \u00e0 tous. Hugo: Pour vous parler des prochaines \u00e9lections pr\u00e9sidentielles. C&#8217;est LE sujet d&#8217;actualit\u00e9 en ce moment en France. En plus \u00e9videmment de la guerre en Ukraine et de la fin ou non de la&#8230;<\/p>\n","protected":false},"author":17473,"featured_media":205684,"comment_status":"open","ping_status":"open","sticky":false,"template":"","format":[191],"meta":{"_acf_changed":false,"_kad_blocks_custom_css":"","_kad_blocks_head_custom_js":"","_kad_blocks_body_custom_js":"","_kad_blocks_footer_custom_js":"","_kad_post_transparent":"","_kad_post_title":"","_kad_post_layout":"","_kad_post_sidebar_id":"","_kad_post_content_style":"","_kad_post_vertical_padding":"","_kad_post_feature":"","_kad_post_feature_position":"","_kad_post_header":false,"_kad_post_footer":false,"_kad_post_classname":"","footnotes":""},"categories":[168],"tags":[196,175,180,176],"class_list":["post-18754","post","type-post","status-publish","format-standard","has-post-thumbnail","hentry","category-podcast","tag-actualite","tag-france","tag-histoire","tag-politique","format-duo-hugo-ingrid"],"acf":[],"taxonomy_info":{"category":[{"value":168,"label":"Podcast"}],"post_tag":[{"value":196,"label":"Actualit\u00e9"},{"value":175,"label":"France"},{"value":180,"label":"Histoire"},{"value":176,"label":"Politique"}],"format":[{"value":191,"label":"Duo Hugo &amp; Ingrid"}]},"featured_image_src_large":["https:\/\/innerfrench.com\/wp-content\/uploads\/2022\/03\/E108-Prochain-president-francais-750x406.jpg",750,406,true],"author_info":{"display_name":"Hugo &amp; Ingrid","author_link":"https:\/\/innerfrench.com\/author\/hugo_ingrid\/"},"comment_info":128,"category_info":[{"term_id":168,"name":"Podcast","slug":"podcast","term_group":0,"term_taxonomy_id":168,"taxonomy":"category","description":"","parent":0,"count":185,"filter":"raw","cat_ID":168,"category_count":185,"category_description":"","cat_name":"Podcast","category_nicename":"podcast","category_parent":0}],"tag_info":[{"term_id":196,"name":"Actualit\u00e9","slug":"actualite","term_group":0,"term_taxonomy_id":196,"taxonomy":"post_tag","description":"","parent":0,"count":10,"filter":"raw"},{"term_id":175,"name":"France","slug":"france","term_group":0,"term_taxonomy_id":175,"taxonomy":"post_tag","description":"","parent":0,"count":100,"filter":"raw"},{"term_id":180,"name":"Histoire","slug":"histoire","term_group":0,"term_taxonomy_id":180,"taxonomy":"post_tag","description":"","parent":0,"count":35,"filter":"raw"},{"term_id":176,"name":"Politique","slug":"politique","term_group":0,"term_taxonomy_id":176,"taxonomy":"post_tag","description":"","parent":0,"count":20,"filter":"raw"}],"_links":{"self":[{"href":"https:\/\/innerfrench.com\/wp-json\/wp\/v2\/posts\/18754","targetHints":{"allow":["GET"]}}],"collection":[{"href":"https:\/\/innerfrench.com\/wp-json\/wp\/v2\/posts"}],"about":[{"href":"https:\/\/innerfrench.com\/wp-json\/wp\/v2\/types\/post"}],"author":[{"embeddable":true,"href":"https:\/\/innerfrench.com\/wp-json\/wp\/v2\/users\/17473"}],"replies":[{"embeddable":true,"href":"https:\/\/innerfrench.com\/wp-json\/wp\/v2\/comments?post=18754"}],"version-history":[{"count":1,"href":"https:\/\/innerfrench.com\/wp-json\/wp\/v2\/posts\/18754\/revisions"}],"predecessor-version":[{"id":293701,"href":"https:\/\/innerfrench.com\/wp-json\/wp\/v2\/posts\/18754\/revisions\/293701"}],"wp:featuredmedia":[{"embeddable":true,"href":"https:\/\/innerfrench.com\/wp-json\/wp\/v2\/media\/205684"}],"wp:attachment":[{"href":"https:\/\/innerfrench.com\/wp-json\/wp\/v2\/media?parent=18754"}],"wp:term":[{"taxonomy":"category","embeddable":true,"href":"https:\/\/innerfrench.com\/wp-json\/wp\/v2\/categories?post=18754"},{"taxonomy":"post_tag","embeddable":true,"href":"https:\/\/innerfrench.com\/wp-json\/wp\/v2\/tags?post=18754"},{"taxonomy":"format","embeddable":true,"href":"https:\/\/innerfrench.com\/wp-json\/wp\/v2\/format?post=18754"}],"curies":[{"name":"wp","href":"https:\/\/api.w.org\/{rel}","templated":true}]}}