{"id":19302,"date":"2022-05-05T11:00:38","date_gmt":"2022-05-05T09:00:38","guid":{"rendered":"https:\/\/innerfrench.com\/?p=19302"},"modified":"2025-09-28T20:20:10","modified_gmt":"2025-09-28T18:20:10","slug":"110-qui-vote-pour-qui","status":"publish","type":"post","link":"https:\/\/innerfrench.com\/110-qui-vote-pour-qui\/","title":{"rendered":"#110 Qui vote pour qui ?"},"content":{"rendered":"\n<p>Hugo: Salut \u00e0 toutes et \u00e0 tous. Bienvenue pour ce 110\u1d49 \u00e9pisode.<\/p>\n\n\n\n<p>Ingrid: <a id=\"sonaar_ts-6927ce1a2d4f7\" class=\"srmp3_sonaar_ts_shortcode\"  style=\"\" href=\"javascript:sonaar_ts_shortcode({ trackid:'0', time:'00:00:17', ts_id:'6927ce1a2d4f7', play_icon:'' }) ;\">[00:00:17]<\/a> Salut, salut !<\/p>\n\n\n\n<p>Hugo: <a id=\"sonaar_ts-6927ce1a2d505\" class=\"srmp3_sonaar_ts_shortcode\"  style=\"\" href=\"javascript:sonaar_ts_shortcode({ trackid:'0', time:'00:00:19', ts_id:'6927ce1a2d505', play_icon:'' }) ;\">[00:00:19]<\/a> Encore une fois, on va discuter de politique avec Ingrid. Alors c&#8217;est vrai qu&#8217;on en parle beaucoup en ce moment, mais comme vous le savez, c&#8217;est une ann\u00e9e particuli\u00e8re pour les Fran\u00e7ais. C&#8217;est une ann\u00e9e d&#8217;\u00e9lections pr\u00e9sidentielles. Et ce qui est int\u00e9ressant, c&#8217;est que cette \u00e9lection (donc on est en 2022, pour ceux qui \u00e9couteront l&#8217;\u00e9pisode plus tard), cette \u00e9lection de 2022 a confirm\u00e9 un bouleversement profond de la sc\u00e8ne politique fran\u00e7aise. Un bouleversement, comment on pourrait expliquer \u00e7a ? C&#8217;est un changement assez radical, un changement profond ?<\/p>\n\n\n\n<p>Ingrid: <a id=\"sonaar_ts-6927ce1a2d50c\" class=\"srmp3_sonaar_ts_shortcode\"  style=\"\" href=\"javascript:sonaar_ts_shortcode({ trackid:'0', time:'00:00:58', ts_id:'6927ce1a2d50c', play_icon:'' }) ;\">[00:00:58]<\/a> Mmmh mmmh. Oui.<\/p>\n\n\n\n<p>Hugo: <a id=\"sonaar_ts-6927ce1a2d511\" class=\"srmp3_sonaar_ts_shortcode\"  style=\"\" href=\"javascript:sonaar_ts_shortcode({ trackid:'0', time:'00:00:58', ts_id:'6927ce1a2d511', play_icon:'' }) ;\">[00:00:58]<\/a> Ouais, un bouleversement. Alors, qu&#8217;est-ce qui a chang\u00e9 exactement dans la sc\u00e8ne politique fran\u00e7aise ? En fait, depuis les ann\u00e9es 80, sur la sc\u00e8ne politique fran\u00e7aise, il y avait une opposition entre gauche et droite, comme dans beaucoup de pays. La gauche, incarn\u00e9e par le Parti socialiste et la droite par le Parti r\u00e9publicain, qui a chang\u00e9 de nom plusieurs fois pendant cette p\u00e9riode et qui maintenant s&#8217;appelle Les R\u00e9publicains. Il y a eu juste une exception en 2002, quand le parti d&#8217;extr\u00eame droite, le Front national, est arriv\u00e9 au second tour de l&#8217;\u00e9lection pr\u00e9sidentielle avec la candidature de Jean-Marie Le Pen, qui est le p\u00e8re de l&#8217;actuelle Pr\u00e9sidente du parti d&#8217;extr\u00eame droite, Marine Le Pen. Donc \u00e7a, c&#8217;\u00e9tait juste une exception. Mais jusqu&#8217;\u00e0 2017, il y avait vraiment cette opposition classique gauche droite avec ces deux grands partis qui repr\u00e9sentaient la grande majorit\u00e9 des \u00e9lecteurs fran\u00e7ais. Mais depuis 2017, les cartes ont \u00e9t\u00e9 rebattues. La donne a chang\u00e9. Et maintenant, en France, on peut dire qu&#8217;il y a trois blocs sur la sc\u00e8ne politique, deux extr\u00eames (extr\u00eame gauche, extr\u00eame droite). Bon, il y a quelques pol\u00e9miques \u00e0 ce sujet. Tous les analystes ne sont pas d&#8217;accord, mais de mani\u00e8re un peu sch\u00e9matique, un peu caricaturale, on peut le voir comme \u00e7a. Il y a les deux blocs extr\u00eames et au centre, un troisi\u00e8me bloc qui est le bloc majoritaire repr\u00e9sent\u00e9 par Emmanuel Macron. Alors dans cet \u00e9pisode avec Ingrid, on va essayer de vous aider \u00e0 mieux comprendre le r\u00e9sultat de cette \u00e9lection pr\u00e9sidentielle en analysant un peu le profil des \u00e9lecteurs et vous aider \u00e0 mieux comprendre cette nouvelle dynamique avec ces trois blocs qui sont aujourd&#8217;hui en place.<\/p>\n\n\n\n<p>Ingrid: <a id=\"sonaar_ts-6927ce1a2d516\" class=\"srmp3_sonaar_ts_shortcode\"  style=\"\" href=\"javascript:sonaar_ts_shortcode({ trackid:'0', time:'00:03:03', ts_id:'6927ce1a2d516', play_icon:'' }) ;\">[00:03:03]<\/a> Dans une premi\u00e8re partie, on va vous parler, bien s\u00fbr d&#8217;Emmanuel Macron, Emmanuel Macron, qui vient juste d&#8217;\u00eatre r\u00e9\u00e9lu Pr\u00e9sident de la R\u00e9publique fran\u00e7aise. Alors c&#8217;est quelque chose d&#8217;assez int\u00e9ressant puisque c&#8217;est le premier Pr\u00e9sident de la cinqui\u00e8me R\u00e9publique \u00e0 avoir \u00e9t\u00e9 r\u00e9\u00e9lu. Il y avait aussi Jacques Chirac et Fran\u00e7ois Mitterrand, mais pour ces deux-l\u00e0, c&#8217;est un peu particulier parce que c&#8217;\u00e9tait une p\u00e9riode de cohabitation. On vous a parl\u00e9 de la cohabitation dans notre podcast num\u00e9ro 108, je crois. C&#8217;est \u00e7a ? Sur les \u00e9lections pr\u00e9sidentielles. Mais donc, Emmanuel Macron est le tout premier Pr\u00e9sident \u00e0 avoir \u00e9t\u00e9 r\u00e9\u00e9lu sans avoir v\u00e9cu une p\u00e9riode de cohabitation avec un autre parti. Mais \u00e7a, c&#8217;est pour la bonne nouvelle. Apr\u00e8s, il y a une nouvelle un peu moins bonne pour notre Pr\u00e9sident. C&#8217;est qu&#8217;on dit beaucoup que c&#8217;est le Pr\u00e9sident le plus mal \u00e9lu de la cinqui\u00e8me R\u00e9publique. Alors, qu&#8217;est-ce que \u00e7a veut dire ? \u00c7a veut dire que finalement, en terme de nombre d&#8217;\u00e9lecteurs, ou plut\u00f4t de pourcentage d&#8217;\u00e9lecteurs inscrits sur les listes \u00e9lectorales, son score est tr\u00e8s bas. Alors, par rapport \u00e0 2017, au deuxi\u00e8me tour, Emmanuel Macron a perdu pr\u00e8s de 2 millions d&#8217;\u00e9lecteurs. A titre de comparaison, Marine Le Pen, elle a gagn\u00e9 2,5 millions d&#8217;\u00e9lecteurs entre le deuxi\u00e8me tour de 2017 et celui de 2022.<\/p>\n\n\n\n<p>Au total, Emmanuel Macron a \u00e9t\u00e9 r\u00e9\u00e9lu par seulement 38,52 % des \u00e9lecteurs inscrits, donc m\u00eame pas 40 %. C&#8217;est le deuxi\u00e8me pire taux de la cinqui\u00e8me R\u00e9publique, juste apr\u00e8s Georges Pompidou. Alors Georges Pompidou, il avait fait un tout petit peu moins que \u00e7a et c&#8217;\u00e9tait une situation tr\u00e8s, tr\u00e8s particuli\u00e8re puisque Charles de Gaulle venait juste de d\u00e9missionner apr\u00e8s les manifestations \u00e9tudiantes, et donc Pompidou est un peu arriv\u00e9 comme \u00e7a, sorti de nulle part, sans avoir pu faire une campagne, en p\u00e9riode de crise. Donc, on peut dire que Emmanuel Macron, lui, n&#8217;a pas eu ce contexte l\u00e0. Et donc son score, son tr\u00e8s mauvais score par rapport au nombre d&#8217;inscrits ne s&#8217;explique pas forc\u00e9ment par un contexte sp\u00e9cial actuel. Donc on vous expliquera apr\u00e8s, au fur et \u00e0 mesure du podcast, on essayera d&#8217;expliquer pourquoi une si basse popularit\u00e9. Il y a eu beaucoup, beaucoup d&#8217;abstention d\u00e9j\u00e0. Donc c&#8217;est une des raisons qui expliquent ce score bas chez le Pr\u00e9sident \u00e9lu. Il y a eu une abstention quasiment deux fois plus \u00e9lev\u00e9e dans les Dom Tom, par exemple. Dans les&#8230; Alors Hugo, tu me notais&#8230;<\/p>\n\n\n\n<p>Hugo: <a id=\"sonaar_ts-6927ce1a2d51b\" class=\"srmp3_sonaar_ts_shortcode\"  style=\"\" href=\"javascript:sonaar_ts_shortcode({ trackid:'0', time:'00:06:12', ts_id:'6927ce1a2d51b', play_icon:'' }) ;\">[00:06:12]<\/a> Les DROM-COM, il faut dire.<\/p>\n\n\n\n<p>Ingrid: <a id=\"sonaar_ts-6927ce1a2d520\" class=\"srmp3_sonaar_ts_shortcode\"  style=\"\" href=\"javascript:sonaar_ts_shortcode({ trackid:'0', time:'00:06:13', ts_id:'6927ce1a2d520', play_icon:'' }) ;\">[00:06:13]<\/a> Les DROM-COM, c&#8217;est le nouveau nom, c&#8217;est \u00e7a ?<\/p>\n\n\n\n<p>Hugo: <a id=\"sonaar_ts-6927ce1a2d525\" class=\"srmp3_sonaar_ts_shortcode\"  style=\"\" href=\"javascript:sonaar_ts_shortcode({ trackid:'0', time:'00:06:15', ts_id:'6927ce1a2d525', play_icon:'' }) ;\">[00:06:15]<\/a> Ouais. Maintenant, il faut dire de DROM-COM. Je crois que \u00e7a veut dire d\u00e9partements et r\u00e9gions d&#8217;Outre-mer. Et COM, c&#8217;est peut-\u00eatre communaut\u00e9 d&#8217;Outre-mer. \u00c0 v\u00e9rifier.<\/p>\n\n\n\n<p>Ingrid: <a id=\"sonaar_ts-6927ce1a2d52a\" class=\"srmp3_sonaar_ts_shortcode\"  style=\"\" href=\"javascript:sonaar_ts_shortcode({ trackid:'0', time:'00:06:28', ts_id:'6927ce1a2d52a', play_icon:'' }) ;\">[00:06:28]<\/a> Ok.<\/p>\n\n\n\n<p>Hugo: <a id=\"sonaar_ts-6927ce1a2d52f\" class=\"srmp3_sonaar_ts_shortcode\"  style=\"\" href=\"javascript:sonaar_ts_shortcode({ trackid:'0', time:'00:06:29', ts_id:'6927ce1a2d52f', play_icon:'' }) ;\">[00:06:29]<\/a> Dans les DROM-COM.<\/p>\n\n\n\n<p>Ingrid: <a id=\"sonaar_ts-6927ce1a2d535\" class=\"srmp3_sonaar_ts_shortcode\"  style=\"\" href=\"javascript:sonaar_ts_shortcode({ trackid:'0', time:'00:06:30', ts_id:'6927ce1a2d535', play_icon:'' }) ;\">[00:06:30]<\/a> C&#8217;est bizarre, j&#8217;avais&#8230; Je pense que je l&#8217;ai vu \u00e9crit, mais je l&#8217;ai jamais entendu, donc c&#8217;est pour \u00e7a, j&#8217;ai eu un peu de difficult\u00e9 \u00e0 le prononcer. Comment je dis \u00e7a ?<\/p>\n\n\n\n<p>Hugo: <a id=\"sonaar_ts-6927ce1a2d539\" class=\"srmp3_sonaar_ts_shortcode\"  style=\"\" href=\"javascript:sonaar_ts_shortcode({ trackid:'0', time:'00:06:39', ts_id:'6927ce1a2d539', play_icon:'' }) ;\">[00:06:39]<\/a> Donc pour expliquer ce que c&#8217;est, ce sont les r\u00e9gions et les d\u00e9partements qui ne sont pas en France m\u00e9tropolitaine.<\/p>\n\n\n\n<p>Ingrid: <a id=\"sonaar_ts-6927ce1a2d53e\" class=\"srmp3_sonaar_ts_shortcode\"  style=\"\" href=\"javascript:sonaar_ts_shortcode({ trackid:'0', time:'00:06:49', ts_id:'6927ce1a2d53e', play_icon:'' }) ;\">[00:06:49]<\/a> Ouais, donc, il y a La R\u00e9union et Mayotte qui sont vers l&#8217;Afrique, dans l&#8217;oc\u00e9an Indien, il y en a trois autres dans les Cara\u00efbes. Et puis je pense que \u00e7a a aussi tout ceux du Pacifique : Tahiti, la Polyn\u00e9sie fran\u00e7aise, etc. Voil\u00e0.<\/p>\n\n\n\n<p>Hugo: <a id=\"sonaar_ts-6927ce1a2d543\" class=\"srmp3_sonaar_ts_shortcode\"  style=\"\" href=\"javascript:sonaar_ts_shortcode({ trackid:'0', time:'00:07:05', ts_id:'6927ce1a2d543', play_icon:'' }) ;\">[00:07:05]<\/a> C&#8217;est \u00e7a.<\/p>\n\n\n\n<p>Ingrid: <a id=\"sonaar_ts-6927ce1a2d548\" class=\"srmp3_sonaar_ts_shortcode\"  style=\"\" href=\"javascript:sonaar_ts_shortcode({ trackid:'0', time:'00:07:06', ts_id:'6927ce1a2d548', play_icon:'' }) ;\">[00:07:06]<\/a> C&#8217;est compliqu\u00e9 la g\u00e9ographie de la France. Donc dans ces territoires-l\u00e0, qui sont \u00e9loign\u00e9s donc de ce qu&#8217;on appelle la France m\u00e9tropolitaine, il y a eu plus de la moiti\u00e9 des \u00e9lecteurs qui ne sont pas all\u00e9s voter, 53 %. Chez les Fran\u00e7ais \u00e9tablis hors de France, donc bah comme toi Hugo&#8230;<\/p>\n\n\n\n<p>Hugo: <a id=\"sonaar_ts-6927ce1a2d54c\" class=\"srmp3_sonaar_ts_shortcode\"  style=\"\" href=\"javascript:sonaar_ts_shortcode({ trackid:'0', time:'00:07:29', ts_id:'6927ce1a2d54c', play_icon:'' }) ;\">[00:07:29]<\/a> Moi. Les expatri\u00e9s.<\/p>\n\n\n\n<p>Ingrid: <a id=\"sonaar_ts-6927ce1a2d551\" class=\"srmp3_sonaar_ts_shortcode\"  style=\"\" href=\"javascript:sonaar_ts_shortcode({ trackid:'0', time:'00:07:30', ts_id:'6927ce1a2d551', play_icon:'' }) ;\">[00:07:30]<\/a> Il y a eu 60 % d&#8217;abstention, dont tu ne fais pas partie Hugo, puisque tu es all\u00e9 voter aux deux tours.<\/p>\n\n\n\n<p>Hugo: <a id=\"sonaar_ts-6927ce1a2d556\" class=\"srmp3_sonaar_ts_shortcode\"  style=\"\" href=\"javascript:sonaar_ts_shortcode({ trackid:'0', time:'00:07:36', ts_id:'6927ce1a2d556', play_icon:'' }) ;\">[00:07:36]<\/a> Non, moi j&#8217;ai rempli mon devoir de citoyen, j&#8217;ai vot\u00e9 aux deux tours. Et \u00e0 titre de comparaison, la moyenne nationale de l&#8217;abstention, il me semble que c&#8217;\u00e9tait aux alentours de 32 % quelque chose comme \u00e7a. Donc quasiment un tiers des \u00e9lecteurs fran\u00e7ais ne sont pas all\u00e9s voter \u00e0 cette \u00e9lection.<\/p>\n\n\n\n<p>Ingrid: <a id=\"sonaar_ts-6927ce1a2d55a\" class=\"srmp3_sonaar_ts_shortcode\"  style=\"\" href=\"javascript:sonaar_ts_shortcode({ trackid:'0', time:'00:07:55', ts_id:'6927ce1a2d55a', play_icon:'' }) ;\">[00:07:55]<\/a> Oui, voil\u00e0. Donc il y a des cat\u00e9gories qui sont qui sont encore moins aller voter. Comme dans ces territoires ou les jeunes par exemple. Les jeunes de 18 \u00e0 24 ans sont 41 % \u00e0 ne pas \u00eatre all\u00e9s voter. Mais de mani\u00e8re g\u00e9n\u00e9rale, de toute fa\u00e7on, il y a eu beaucoup d&#8217;abstention chez toute la population. Je pense que finalement, ceux qui votent le plus, c&#8217;est les plus \u00e2g\u00e9s. Il me semble. J&#8217;ai pas les chiffres l\u00e0 sous les yeux&#8230; Voil\u00e0.<\/p>\n\n\n\n<p>Hugo: <a id=\"sonaar_ts-6927ce1a2d55f\" class=\"srmp3_sonaar_ts_shortcode\"  style=\"\" href=\"javascript:sonaar_ts_shortcode({ trackid:'0', time:'00:08:22', ts_id:'6927ce1a2d55f', play_icon:'' }) ;\">[00:08:22]<\/a> Oui. Oui, oui. Les plus \u00e2g\u00e9s. Il me semble que chez les plus de 70 ans, il y a seulement 15 % d&#8217;abstention ou quelque chose comme \u00e7a. Donc les personnes \u00e2g\u00e9es remplissent leur devoir.<\/p>\n\n\n\n<p>Ingrid: <a id=\"sonaar_ts-6927ce1a2d563\" class=\"srmp3_sonaar_ts_shortcode\"  style=\"\" href=\"javascript:sonaar_ts_shortcode({ trackid:'0', time:'00:08:31', ts_id:'6927ce1a2d563', play_icon:'' }) ;\">[00:08:31]<\/a> Ouais, ouais, ouais, mais bon. On va vous dire juste apr\u00e8s pour qui votent les personnes \u00e2g\u00e9es et \u00e7a explique beaucoup de choses. Alors, donc pourquoi les gens ne sont pas all\u00e9s voter ? Bah d\u00e9j\u00e0 il y a la guerre en Ukraine qui a beaucoup jou\u00e9. La campagne a \u00e9t\u00e9 \u00e9clips\u00e9e par la guerre en Ukraine, mais aussi avant par la crise sanitaire. Aussi, il y a eu des mouvements protestataires dans les territoires d&#8217;Outre-mer ou en Corse qui ont exacerb\u00e9 la d\u00e9fiance vis-\u00e0-vis du syst\u00e8me politique actuel. Alors, \u00abexacerb\u00e9\u00bb, \u00e7a veut dire exag\u00e9r\u00e9, mis en relief. Euh voil\u00e0&#8230;<\/p>\n\n\n\n<p>Hugo: <a id=\"sonaar_ts-6927ce1a2d568\" class=\"srmp3_sonaar_ts_shortcode\"  style=\"\" href=\"javascript:sonaar_ts_shortcode({ trackid:'0', time:'00:09:10', ts_id:'6927ce1a2d568', play_icon:'' }) ;\">[00:09:10]<\/a> Amplifi\u00e9.<\/p>\n\n\n\n<p>Ingrid: <a id=\"sonaar_ts-6927ce1a2d56d\" class=\"srmp3_sonaar_ts_shortcode\"  style=\"\" href=\"javascript:sonaar_ts_shortcode({ trackid:'0', time:'00:09:11', ts_id:'6927ce1a2d56d', play_icon:'' }) ;\">[00:09:11]<\/a> Amplifi\u00e9. Et voil\u00e0. Et puis il y a en g\u00e9n\u00e9ral un sentiment de m\u00e9pris des pouvoirs publics dans chez ces populations. Et puis il y a aussi eu des mouvements ind\u00e9pendantistes qui ont relay\u00e9 des appels au boycott du scrutin pr\u00e9sidentiel. Donc voil\u00e0, beaucoup de raisons m\u00e9lang\u00e9es, mais globalement beaucoup de raisons de se m\u00e9fier de la politique et aussi un sentiment que les jeux \u00e9taient d\u00e9j\u00e0 faits, que de toute fa\u00e7on, le vote ne sert \u00e0 rien. Beaucoup, je pense la majorit\u00e9 des Fran\u00e7ais pensaient : \u00abde toute fa\u00e7on \u00e7a va \u00eatre Macron-Le Pen, Macron va gagner. C&#8217;est bon, mon vote ne sert \u00e0 rien\u00bb. Euh donc voil\u00e0. Voil\u00e0.<\/p>\n\n\n\n<p>Hugo: <a id=\"sonaar_ts-6927ce1a2d571\" class=\"srmp3_sonaar_ts_shortcode\"  style=\"\" href=\"javascript:sonaar_ts_shortcode({ trackid:'0', time:'00:10:02', ts_id:'6927ce1a2d571', play_icon:'' }) ;\">[00:10:02]<\/a> C&#8217;est vrai que c&#8217;\u00e9tait un peu le r\u00e9sultat annonc\u00e9 par les m\u00e9dias depuis d\u00e9j\u00e0 un ou deux ans.<\/p>\n\n\n\n<p>Ingrid: <a id=\"sonaar_ts-6927ce1a2d576\" class=\"srmp3_sonaar_ts_shortcode\"  style=\"\" href=\"javascript:sonaar_ts_shortcode({ trackid:'0', time:'00:10:07', ts_id:'6927ce1a2d576', play_icon:'' }) ;\">[00:10:07]<\/a> Oui.<\/p>\n\n\n\n<p>Hugo: <a id=\"sonaar_ts-6927ce1a2d57a\" class=\"srmp3_sonaar_ts_shortcode\"  style=\"\" href=\"javascript:sonaar_ts_shortcode({ trackid:'0', time:'00:10:07', ts_id:'6927ce1a2d57a', play_icon:'' }) ;\">[00:10:07]<\/a> Donc effectivement on avait l&#8217;impression que voil\u00e0. Comme tu as dit, les d\u00e9s avaient d\u00e9j\u00e0 \u00e9t\u00e9 jet\u00e9s, les jeux \u00e9taient d\u00e9j\u00e0 faits et que notre vote ne changerait rien au r\u00e9sultat final.<\/p>\n\n\n\n<p>Ingrid: <a id=\"sonaar_ts-6927ce1a2d57f\" class=\"srmp3_sonaar_ts_shortcode\"  style=\"\" href=\"javascript:sonaar_ts_shortcode({ trackid:'0', time:'00:10:23', ts_id:'6927ce1a2d57f', play_icon:'' }) ;\">[00:10:23]<\/a> Voil\u00e0 donc Emmanuel Macron a \u00e9t\u00e9 \u00e9lu par finalement peu de personnes dans un contexte o\u00f9 beaucoup ne sont pas all\u00e9s voter. Et puis beaucoup ont vot\u00e9 pour lui, pas forc\u00e9ment pour les bonnes raisons. Et \u00e7a, Hugo, je te laisse expliquer un petit peu qui, pourquoi, les gens sont all\u00e9s voter pour Emmanuel Macron.<\/p>\n\n\n\n<p>Hugo: <a id=\"sonaar_ts-6927ce1a2d58a\" class=\"srmp3_sonaar_ts_shortcode\"  style=\"\" href=\"javascript:sonaar_ts_shortcode({ trackid:'0', time:'00:10:43', ts_id:'6927ce1a2d58a', play_icon:'' }) ;\">[00:10:43]<\/a> C&#8217;est vrai effectivement que parmi les \u00e9lecteurs d&#8217;Emmanuel Macron, il y a beaucoup de castors. Alors \u00e7a, c&#8217;est une expression que j&#8217;ai expliqu\u00e9e dans la vid\u00e9o que j&#8217;ai publi\u00e9e la semaine derni\u00e8re justement sur la cha\u00eene YouTube, pour parler des dix expressions pr\u00e9f\u00e9r\u00e9es d&#8217;Emmanuel Macron. Alors, <\/p>\n\n\n<p>castor, qu&#8217;est-ce que c&#8217;est ? C&#8217;est un animal qui vit en g\u00e9n\u00e9ral dans les lacs ou les rivi\u00e8res, qui a une queue plate et c&#8217;est un rongeur, donc comme un esp\u00e8ce de, une esp\u00e8ce de gros rat, qui est tr\u00e8s connu parce qu&#8217;il construit des barrages. Il construit des barrages pour retenir l&#8217;eau. Et donc, pourquoi on dit que certains des \u00e9lecteurs d&#8217;Emmanuel Macron sont des castors ? Simplement parce qu&#8217;ils ont vot\u00e9 pour lui uniquement pour faire barrage. Faire barrage \u00e0 qui ? \u00c0 Marine Le Pen et \u00e0 l&#8217;extr\u00eame droite. \u00c7a, c&#8217;est une expression qu&#8217;on entend tr\u00e8s souvent et maintenant, qui devient de plus en plus populaire au moment des \u00e9lections pr\u00e9sidentielles. Quand un ou une candidate d&#8217;extr\u00eame droite se retrouve au second tour, les Fran\u00e7ais se transforment en castors pour lui faire barrage, pour emp\u00eacher ce candidat de gagner. Alors c&#8217;est difficile d&#8217;estimer exactement le nombre de personnes qui ont vot\u00e9 pour Emmanuel Macron uniquement pour faire barrage \u00e0 Marine Le Pen. Mais d&#8217;apr\u00e8s les diff\u00e9rents sondages, \u00e7a repr\u00e9sente entre 40 et 50% des \u00e9lecteurs. C&#8217;est assez \u00e9norme. Moi, j&#8217;\u00e9tais assez choqu\u00e9 de voir \u00e7a. Quasiment la moiti\u00e9 des personnes qui ont vot\u00e9 pour Emmanuel Macron l&#8217;ont fait uniquement pour faire barrage \u00e0 Marine Le Pen et pas parce qu&#8217;ils \u00e9taient d&#8217;accord avec son programme ou par adh\u00e9sion personnelle. D&#8217;ailleurs, m\u00eame Emmanuel Macron en est conscient et il l&#8217;a admis dans son discours de victoire. Il a dit, je cite : \u00abJe sais aussi que nombre de nos compatriotes ont vot\u00e9 ce jour pour moi, non pour soutenir les id\u00e9es que je porte, mais pour faire barrage \u00e0 celles de l&#8217;extr\u00eame droite\u00bb. Dans tous les cas, Emmanuel Macron, c&#8217;est le candidat qui a le moins convaincu, convaincu les \u00e9lecteurs (pardon) sur son programme ou son projet politique. En fait, une grande partie de ces \u00e9lecteurs ont vot\u00e9 pour lui simplement par d\u00e9faut. Quand on fait quelque chose par d\u00e9faut, \u00e7a veut dire parce qu&#8217;on n&#8217;a pas de meilleure option. C&#8217;est la seule option qui nous reste, \u00abfaire quelque chose par d\u00e9faut\u00bb. Donc les Fran\u00e7ais ont vot\u00e9 pour lui, en premier lieu, pas pour ses id\u00e9es politiques, mais pour faire barrage. Et aussi ceux qui n&#8217;ont pas vot\u00e9 pour faire barrage, ils l&#8217;ont fait parce qu&#8217;ils se disaient qu&#8217;Emmanuel Macron ferait un bon Pr\u00e9sident, parce qu&#8217;il a ce qu&#8217;on appelle une stature pr\u00e9sidentielle. C&#8217;est facile de l&#8217;imaginer comme Pr\u00e9sident, d&#8217;autant plus facile qu&#8217;il l&#8217;a d\u00e9j\u00e0 \u00e9t\u00e9 pendant cinq ans. Donc on se dit qu&#8217;il a les \u00e9paules pour assurer ce r\u00f4le. \u00c7a aussi, cette expression, \u00abavoir les \u00e9paules pour faire quelque chose\u00bb. Les \u00e9paules, c&#8217;est la partie sup\u00e9rieure des bras. Par exemple, quand on porte un sac, on le met sur ses \u00e9paules. Donc, avoir les \u00e9paules pour faire quelque chose, \u00e7a veut dire avoir la force ou le courage pour faire quelque chose. On se dit qu&#8217;Emmanuel Macron a les \u00e9paules pour \u00eatre Pr\u00e9sident. Il l&#8217;a d\u00e9j\u00e0 prouv\u00e9 parce qu&#8217;il l&#8217;a \u00e9t\u00e9 pendant cinq ans, qu&#8217;on consid\u00e8re qu&#8217;il a \u00e9t\u00e9 un bon ou un mauvais Pr\u00e9sident, voil\u00e0, on sait qu&#8217;il est capable de remplir cette fonction. Et une partie de ses \u00e9lecteurs ont aussi vot\u00e9 pour lui parce que c&#8217;est celui qui les rassurait le plus sur les questions internationales. C&#8217;est vrai qu&#8217;il a \u00e9t\u00e9 assez bon dans sa gestion du conflit en Ukraine et on a vu qu&#8217;il \u00e9tait tr\u00e8s actif sur la question. Le Pr\u00e9sident ukrainien Volodymyr Zelenski, a notamment salu\u00e9 la victoire d&#8217;Emmanuel Macron en disant qu&#8217;il \u00e9tait un vrai ami de l&#8217;Ukraine. Donc voil\u00e0, c&#8217;est vrai qu&#8217;Emmanuel Macron a cet avantage de rassurer au niveau de sa capacit\u00e9 \u00e0 g\u00e9rer les conflits diplomatiques, \u00e9galement tout ce qui concerne l&#8217;Union europ\u00e9enne et l&#8217;\u00e9conomie.<\/p>\n<p>Ingrid: <a id=\"sonaar_ts-6927ce1a2d58f\" class=\"srmp3_sonaar_ts_shortcode\"  style=\"\" href=\"javascript:sonaar_ts_shortcode({ trackid:'0', time:'00:15:04', ts_id:'6927ce1a2d58f', play_icon:'' }) ;\">[00:15:04]<\/a> Ouais, c&#8217;est vrai que par rapport \u00e0 ce que tu disais sur la stature pr\u00e9sidentielle, c&#8217;est le seul qui a b\u00e9n\u00e9fici\u00e9 de cette de cette image. Finalement, je regardais les crit\u00e8res qui ont fait que les personnes ont vot\u00e9 pour chaque candidat et absolument aucun autre candidat n&#8217;a b\u00e9n\u00e9fici\u00e9 d&#8217;une impression d&#8217;\u00eatre un \u00e9ventuel bon Pr\u00e9sident alors que pour d&#8217;autres, c&#8217;\u00e9tait plut\u00f4t le programme. Mais pour Emmanuel Macron, c&#8217;est le seul qui a, vraiment pour qui on a vot\u00e9 pour la personne.<\/p>\n<p>Hugo: <a id=\"sonaar_ts-6927ce1a2d594\" class=\"srmp3_sonaar_ts_shortcode\"  style=\"\" href=\"javascript:sonaar_ts_shortcode({ trackid:'0', time:'00:15:41', ts_id:'6927ce1a2d594', play_icon:'' }) ;\">[00:15:41]<\/a> C&#8217;est vrai. C&#8217;est ce qui p\u00e9nalise d&#8217;ailleurs souvent Marine Le Pen. M\u00eame parmi ses \u00e9lecteurs, il y a beaucoup de personnes qui pensent qu&#8217;elle n&#8217;a pas les \u00e9paules, qu&#8217;elle n&#8217;a pas la stature pour \u00eatre Pr\u00e9sidente de la R\u00e9publique, parce qu&#8217;elle manque d&#8217;exp\u00e9rience, parce que voil\u00e0.<\/p>\n<p>Ingrid: <a id=\"sonaar_ts-6927ce1a2d599\" class=\"srmp3_sonaar_ts_shortcode\"  style=\"\" href=\"javascript:sonaar_ts_shortcode({ trackid:'0', time:'00:15:57', ts_id:'6927ce1a2d599', play_icon:'' }) ;\">[00:15:57]<\/a> C&#8217;est une femme.<\/p>\n<p>Hugo: <a id=\"sonaar_ts-6927ce1a2d59d\" class=\"srmp3_sonaar_ts_shortcode\"  style=\"\" href=\"javascript:sonaar_ts_shortcode({ trackid:'0', time:'00:15:57', ts_id:'6927ce1a2d59d', play_icon:'' }) ;\">[00:15:57]<\/a> C&#8217;est une femme, donc \u00e7a aussi, \u00e7a la p\u00e9nalise effectivement. Mais il y a des personnes qui adh\u00e8rent totalement \u00e0 ses id\u00e9es, \u00e0 son programme, mais qui consid\u00e8rent qu&#8217;elle n&#8217;a pas la stature d&#8217;une Pr\u00e9sidente de la R\u00e9publique.<\/p>\n<p>Ingrid: <a id=\"sonaar_ts-6927ce1a2d5a2\" class=\"srmp3_sonaar_ts_shortcode\"  style=\"\" href=\"javascript:sonaar_ts_shortcode({ trackid:'0', time:'00:16:12', ts_id:'6927ce1a2d5a2', play_icon:'' }) ;\">[00:16:12]<\/a> Ouais. On est en encore vraiment sur une figure du Pr\u00e9sident qui est tr\u00e8s&#8230;<\/p>\n<p>Hugo: <a id=\"sonaar_ts-6927ce1a2d5a7\" class=\"srmp3_sonaar_ts_shortcode\"  style=\"\" href=\"javascript:sonaar_ts_shortcode({ trackid:'0', time:'00:16:20', ts_id:'6927ce1a2d5a7', play_icon:'' }) ;\">[00:16:20]<\/a> Tr\u00e8s masculine.<\/p>\n<p>Ingrid: <a id=\"sonaar_ts-6927ce1a2d5ac\" class=\"srmp3_sonaar_ts_shortcode\"  style=\"\" href=\"javascript:sonaar_ts_shortcode({ trackid:'0', time:'00:16:22', ts_id:'6927ce1a2d5ac', play_icon:'' }) ;\">[00:16:22]<\/a> Ouais. Qui est vraiment symbolique, qui a beaucoup de symboles importants. Mais donc ceux qui ont vot\u00e9 pour Emmanuel Macron. Donc maintenant, on sait pourquoi. Mais qui sont ces personnes exactement ? Donc, \u00e0 partir des sondages et des statistiques, on peut \u00e9tablir un profil sociologique de ceux qui votent pour Emmanuel Macron. Donc d&#8217;abord, on peut commencer par la cat\u00e9gorie d&#8217;\u00e2ge, puisqu&#8217;on en a d\u00e9j\u00e0 un peu parl\u00e9. C&#8217;est simple : plus on est \u00e2g\u00e9, plus on vote pour Emmanuel Macron. Il est largement au-dessus des autres chez les plus de 50 ans et il faisait carr\u00e9ment 40 % d\u00e8s le premier tour chez les plus de 70 ans. Donc l\u00e0, \u00e7a reprend ce qu&#8217;on disait : les plus de 70 ans sont ceux qui votent le plus et ils votent en masse pour Emmanuel Macron. Donc, si on prenait en compte que les votes des jeunes, par exemple, il n&#8217;aurait m\u00eame pas \u00e9t\u00e9 au second tour. Voil\u00e0. Il fait son pire score chez les 25 \u00e0 34 ans. Donc chez des personnes comme nous, toi et moi, Hugo. Les 25-34 ans, c&#8217;est globalement les jeunes actifs. Hum. Apr\u00e8s il a une bonne aussi popularit\u00e9 chez les cadres. Au deuxi\u00e8me tour, les cadres ont vot\u00e9 pour lui \u00e0 73%. Donc les cadres, c&#8217;est les personnes qui travaillent dans des entreprises, \u00e0 des postes de direction ou \u00e0 des bons postes. C&#8217;est ceux qui gagnent plut\u00f4t bien leur leur vie et qui&#8230;<\/p>\n<p>Hugo: <a id=\"sonaar_ts-6927ce1a2d5b0\" class=\"srmp3_sonaar_ts_shortcode\"  style=\"\" href=\"javascript:sonaar_ts_shortcode({ trackid:'0', time:'00:18:06', ts_id:'6927ce1a2d5b0', play_icon:'' }) ;\">[00:18:06]<\/a> Les managers.<\/p>\n<p>Ingrid: <a id=\"sonaar_ts-6927ce1a2d5b6\" class=\"srmp3_sonaar_ts_shortcode\"  style=\"\" href=\"javascript:sonaar_ts_shortcode({ trackid:'0', time:'00:18:06', ts_id:'6927ce1a2d5b6', play_icon:'' }) ;\">[00:18:06]<\/a> C&#8217;est \u00e7a, on&#8230; C&#8217;est \u00e7a, c&#8217;est un bon terme : manager. Et puis apr\u00e8s, au contraire (si je puis dire, au contraire), il y a une autre cat\u00e9gorie qui vote beaucoup pour Emmanuel Macron, c&#8217;est les \u00e9tudiants de moins de 25 ans. Pas tous. On verra apr\u00e8s que les \u00e9tudiants votent aussi pour une autre personne. Je fais du suspens. Mais globalement, par exemple, les \u00e9tudiants qui sont en \u00e9cole de commerce, les \u00e9tudiants qui \u00e9tudient, je sais pas, l&#8217;\u00e9conomie. Il y en a, il y a certains types de fili\u00e8res o\u00f9 Emmanuel Macron est largement majoritaire. Ensuite, il a aussi du succ\u00e8s chez les Parisiens, qui ont vot\u00e9 pour lui \u00e0 85 % au deuxi\u00e8me tour, en \u00cele-de-France en g\u00e9n\u00e9ral, donc la r\u00e9gion parisienne. Et il est aussi le plus populaire chez les Fran\u00e7ais de l&#8217;\u00e9tranger. Hein, chez toi Hugo.<\/p>\n<p>Hugo: <a id=\"sonaar_ts-6927ce1a2d5bb\" class=\"srmp3_sonaar_ts_shortcode\"  style=\"\" href=\"javascript:sonaar_ts_shortcode({ trackid:'0', time:'00:19:07', ts_id:'6927ce1a2d5bb', play_icon:'' }) ;\">[00:19:07]<\/a> Effectivement.<\/p>\n<p>Ingrid <a id=\"sonaar_ts-6927ce1a2d5c0\" class=\"srmp3_sonaar_ts_shortcode\"  style=\"\" href=\"javascript:sonaar_ts_shortcode({ trackid:'0', time:'00:19:08', ts_id:'6927ce1a2d5c0', play_icon:'' }) ;\">[00:19:08]<\/a> Un petit peu moins qu&#8217;en 2017, \u00e7a a baiss\u00e9. En 2017, c&#8217;\u00e9tait 89 %. Il \u00e9tait \u00e0 fond derri\u00e8re lui. Maintenant, c&#8217;est 86%. Except\u00e9 dans en Russie, en Russie, c&#8217;est Marine Le Pen au second tour qui a battu Emmanuel Macron avec 58 %. Mais c&#8217;est plut\u00f4t facile \u00e0 expliquer. Voil\u00e0, si vous avez suivi un peu, Marine Le Pen et elle est tr\u00e8s proche du pouvoir russe et a d\u00e9fendu Vladimir Poutine pendant tr\u00e8s tr\u00e8s longtemps. Voil\u00e0 donc, lors de sa premi\u00e8re \u00e9lection en 2017, Emmanuel Macron avait d\u00e9clar\u00e9 qu&#8217;il ferait tout pour que les Fran\u00e7ais n&#8217;aient plus aucune raison de voter pour les extr\u00eames. Au vu des r\u00e9sultats, il a compl\u00e8tement \u00e9chou\u00e9. La sc\u00e8ne politique fran\u00e7aise a \u00e9t\u00e9 profond\u00e9ment boulevers\u00e9e. \u00abBoulevers\u00e9\u00bb, tu as d\u00e9j\u00e0 expliqu\u00e9 ce mot en introduction, n&#8217;est-ce pas ?<\/p>\n<p>Hugo: <a id=\"sonaar_ts-6927ce1a2d5c5\" class=\"srmp3_sonaar_ts_shortcode\"  style=\"\" href=\"javascript:sonaar_ts_shortcode({ trackid:'0', time:'00:20:11', ts_id:'6927ce1a2d5c5', play_icon:'' }) ;\">[00:20:11]<\/a> Un grand changement ?<\/p>\n<p>Ingrid: <a id=\"sonaar_ts-6927ce1a2d5ca\" class=\"srmp3_sonaar_ts_shortcode\"  style=\"\" href=\"javascript:sonaar_ts_shortcode({ trackid:'0', time:'00:20:12', ts_id:'6927ce1a2d5ca', play_icon:'' }) ;\">[00:20:12]<\/a> Voil\u00e0. Donc, le 10 avril dernier, le premier tour a confirm\u00e9 la liquidation de Les R\u00e9publicains, le parti traditionnel de droite, et du Parti socialiste, le parti traditionnel de gauche, comme piliers du dispositif de pouvoir \u00e9tabli depuis des d\u00e9cennies.<\/p>\n<p>Hugo: <a id=\"sonaar_ts-6927ce1a2d5d0\" class=\"srmp3_sonaar_ts_shortcode\"  style=\"\" href=\"javascript:sonaar_ts_shortcode({ trackid:'0', time:'00:20:33', ts_id:'6927ce1a2d5d0', play_icon:'' }) ;\">[00:20:33]<\/a> C&#8217;est vrai d&#8217;ailleurs, ces deux, les deux candidats de ces partis ont fait des scores inf\u00e9rieurs \u00e0 5%. Maintenant..<\/p>\n<p>Ingrid: <a id=\"sonaar_ts-6927ce1a2d5d5\" class=\"srmp3_sonaar_ts_shortcode\"  style=\"\" href=\"javascript:sonaar_ts_shortcode({ trackid:'0', time:'00:20:38', ts_id:'6927ce1a2d5d5', play_icon:'' }) ;\">[00:20:38]<\/a> Ridicules.<\/p>\n<p>Hugo: <a id=\"sonaar_ts-6927ce1a2d5da\" class=\"srmp3_sonaar_ts_shortcode\"  style=\"\" href=\"javascript:sonaar_ts_shortcode({ trackid:'0', time:'00:20:40', ts_id:'6927ce1a2d5da', play_icon:'' }) ;\">[00:20:40]<\/a> C&#8217;\u00e9tait vraiment une humiliation pour leur parti et \u00e7a les met en difficult\u00e9 au niveau financier parce qu&#8217;il faut savoir que l&#8217;Etat fran\u00e7ais rembourse les frais de campagne, mais seulement si le candidat fait au moins 5% au premier tour. Donc pour que l&#8217;Etat couvre, paye, tout ce que vous avez d\u00fb financer pour les meetings de campagne, les affiches etc, il faut faire au moins 5%. L\u00e0, comme la candidate du PS, Anne Hidalgo et la candidate des R\u00e9publicains, Val\u00e9rie P\u00e9cresse, ont fait moins de 5%, eh bien, c&#8217;est leur parti, et elles aussi, parce qu&#8217;elles en ont pay\u00e9 une partie de leur poche, qui vont devoir, voil\u00e0, financer compl\u00e8tement leur campagne. Et leur campagne ne va pas \u00eatre rembours\u00e9e par l&#8217;Etat fran\u00e7ais. Donc c&#8217;est une situation assez compliqu\u00e9e pour ces deux partis.<\/p>\n<p>Ingrid: <a id=\"sonaar_ts-6927ce1a2d5df\" class=\"srmp3_sonaar_ts_shortcode\"  style=\"\" href=\"javascript:sonaar_ts_shortcode({ trackid:'0', time:'00:21:36', ts_id:'6927ce1a2d5df', play_icon:'' }) ;\">[00:21:36]<\/a> Surtout pour le Parti socialiste, je pense, parce qu&#8217;ils ont pas autant de donateurs, de personnes qui les soutiennent, qui vont faire, qui vont envoyer des ch\u00e8ques pour aider \u00e0 rembourser. Donc on verra mais c&#8217;est possiblement la mort du Parti socialiste qui s&#8217;annonce.<\/p>\n<p>Hugo: <a id=\"sonaar_ts-6927ce1a2d5e5\" class=\"srmp3_sonaar_ts_shortcode\"  style=\"\" href=\"javascript:sonaar_ts_shortcode({ trackid:'0', time:'00:21:55', ts_id:'6927ce1a2d5e5', play_icon:'' }) ;\">[00:21:55]<\/a> Ouais, \u00e7a va \u00eatre compliqu\u00e9 dans les ann\u00e9es \u00e0 venir.<\/p>\n\n\n\n<p>.<\/p>\n\n\n\n<p><\/p>\n\n\n\n<p>Hugo: <a id=\"sonaar_ts-6927ce1a2d5ea\" class=\"srmp3_sonaar_ts_shortcode\"  style=\"\" href=\"javascript:sonaar_ts_shortcode({ trackid:'0', time:'00:22:09', ts_id:'6927ce1a2d5ea', play_icon:'' }) ;\">[00:22:09]<\/a> Alors maintenant, on va passer \u00e0 l&#8217;adversaire d&#8217;Emmanuel Macron, Marine Le Pen, qui \u00e9tait au second tour face \u00e0 lui. Donc, contrairement \u00e0 Emmanuel Macron, Marine Le Pen, elle, a gagn\u00e9 des \u00e9lecteurs par rapport \u00e0 2017. Il y a plus de personnes qui ont vot\u00e9 pour elle qu&#8217;en 2017. Et \u00e7a, c&#8217;est une chose que les analystes ont un peu de mal \u00e0 expliquer ou disons qu&#8217;il y a diff\u00e9rentes th\u00e9ories pour essayer de comprendre cette mont\u00e9e de l&#8217;extr\u00eame droite en France. Pourquoi maintenant l&#8217;extr\u00eame droite se retrouve syst\u00e9matiquement au second tour ? Quelque chose qui \u00e9tait assez exceptionnel avant. Alors d\u00e9j\u00e0, il faut savoir qu&#8217;il y a aussi des castors du c\u00f4t\u00e9 de Marine Le Pen. Donc moi, vous avez compris que je suis le responsable Castors dans cet \u00e9pisode. Donc cette fois, il y a une partie des \u00e9lecteurs de Marine Le Pen qui ont vot\u00e9 pour elle pour faire barrage \u00e0 Emmanuel Macron. Eux, ce qu&#8217;ils voulaient, c&#8217;\u00e9tait tout sauf Emmanuel Macron. Donc Marine Le Pen incarnait la seule alternative possible. Donc l\u00e0 aussi, c&#8217;est difficile \u00e0 estimer, mais selon les sondages, on imagine aussi qu&#8217;environ la moiti\u00e9 des personnes qui ont vot\u00e9 pour Marine Le Pen l&#8217;ont fait, pas forc\u00e9ment par conviction, mais pour faire barrage \u00e0 Emmanuel Macron. \u00c7a, \u00e7a a \u00e9t\u00e9 particuli\u00e8rement visible, encore une fois dans les DROM-COM. Par exemple, en Guadeloupe, 70% des \u00e9lecteurs ont vot\u00e9 pour Marine Le Pen et 61% en Martinique, alors qu&#8217;au premier tour, c&#8217;est&#8230; Dans les DROM-COM, c&#8217;\u00e9tait Jean-Luc M\u00e9lenchon qui \u00e9tait arriv\u00e9 largement en t\u00eate. Donc Jean-Luc M\u00e9lenchon, c&#8217;est l&#8217;extr\u00eame gauche, Marine Le Pen, c&#8217;est en th\u00e9orie l&#8217;oppos\u00e9 total, l&#8217;extr\u00eame droite. Mais dans les DROM-COM beaucoup d&#8217;\u00e9lecteurs de Jean-Luc M\u00e9lenchon, se sont report\u00e9s sur Marine Le Pen pour faire barrage \u00e0 Emmanuel Macron. Et en g\u00e9n\u00e9ral, cette popularit\u00e9 de l&#8217;extr\u00eame droite, \u00e7a montre que la strat\u00e9gie de Marine Le Pen est payante. Alors, la strat\u00e9gie de Marine Le Pen et de son parti depuis maintenant une dizaine d&#8217;ann\u00e9es, c&#8217;est la d\u00e9diabolisation du Rassemblement national. Donc \u00abd\u00e9diaboliser\u00bb : vous avez peut-\u00eatre reconnu le mot \u00abdiable\u00bb dans ce mot. Donc le diable, c&#8217;est Lucifer, l&#8217;ange d\u00e9chu. Le contraire d&#8217;un ange, le diable. D\u00e9diabolisation, d\u00e9diaboliser, \u00e7a veut dire essayer de donner une image plus positive \u00e0 quelqu&#8217;un ou quelque chose. Donc le Rassemblement national essaye de montrer que c&#8217;est un parti comme les autres, que c&#8217;est un parti normal qui devrait pouvoir pr\u00e9tendre \u00e0 l&#8217;\u00e9lection pr\u00e9sidentielle et qui est diabolis\u00e9 en fait par les m\u00e9dias, qui a une tr\u00e8s mauvaise image \u00e0 cause des m\u00e9dias. Donc la strat\u00e9gie depuis une dizaine d&#8217;ann\u00e9es, c&#8217;est de lutter contre cette image et \u00e7a a plut\u00f4t bien fonctionn\u00e9, comme je l&#8217;ai dit, parce que Marine Le Pen r\u00e9alise des scores qui sont de plus en plus \u00e9lev\u00e9s. Donc de plus en plus de Fran\u00e7ais ont l&#8217;impression que le Rassemblement national et Marine Le Pen sont, repr\u00e9sentent une alternative tout \u00e0 fait normale et constituent un parti normal au m\u00eame titre que La R\u00e9publique en marche d&#8217;Emmanuel Macron.<\/p>\n\n\n\n<p>Ingrid: <a id=\"sonaar_ts-6927ce1a2d603\" class=\"srmp3_sonaar_ts_shortcode\"  style=\"\" href=\"javascript:sonaar_ts_shortcode({ trackid:'0', time:'00:25:56', ts_id:'6927ce1a2d603', play_icon:'' }) ;\">[00:25:56]<\/a> Hum, ouais, c&#8217;est s\u00fbr que maintenant la strat\u00e9gie, enfin le discours de s&#8217;opposer \u00e0 Marine Le Pen seulement en disant qu&#8217;elle est d&#8217;extr\u00eame droite et que c&#8217;est le diable en fait, que c&#8217;est pire que tout, que c&#8217;est l&#8217;horreur, \u00e7a ne fonctionne plus parce qu&#8217;elle a r\u00e9ussi \u00e0 aller chercher certains, certaines populations qui se sentent d\u00e9laiss\u00e9es. Donc on constate quand on regarde par exemple la carte de France du deuxi\u00e8me tour suivant le r\u00e9sultat par ville que la France est en quelque sorte coup\u00e9e en deux, donc elle n&#8217;est pas coup\u00e9e en deux, par exemple nord sud. Non, c&#8217;est plut\u00f4t qu&#8217;il y a une opposition entre d&#8217;un c\u00f4t\u00e9 les m\u00e9tropoles, donc m\u00e9tropole, dans le sens les grandes villes, plut\u00f4t les conglom\u00e9rats de villes, par exemple l&#8217;\u00cele-de-France, c&#8217;est une m\u00e9tropole. L&#8217;Ile de France, c&#8217;est la r\u00e9gion parisienne, avec Paris au centre et des villes moyennes autour qui d\u00e9pendent de la ville principale o\u00f9 il y a beaucoup de travail, des transports en commun et puis une grande offre culturelle, etc etc. Les m\u00e9tropoles c&#8217;est Paris, Toulouse, Lyon, Lille. Voil\u00e0, il y en a pas mal. Et si on regarde la carte, il y a une opposition entre ces zones-l\u00e0 et les campagnes. Les campagnes dans le sens d&#8217;une part, les zones rurales vraiment o\u00f9 il y a de l&#8217;agriculture etc. et aussi ce qu&#8217;on appelle les p\u00e9riph\u00e9ries. Les p\u00e9riph\u00e9ries, c&#8217;est ce qui est juste en sortant des m\u00e9tropoles, l\u00e0 o\u00f9 il n&#8217;y a plus acc\u00e8s aux transports en commun, l\u00e0 o\u00f9 il n&#8217;y a plus vraiment de connexions avec les villes. Et c&#8217;est des villes, des petites villes ou des villages ou les gens sont plus isol\u00e9s ou ils ne vont pas aller jusqu&#8217;\u00e0 Paris le weekend, aller jusqu&#8217;\u00e0 Lyon le weekend. Donc il y a vraiment une opposition entre ces diff\u00e9rentes zones plus citadines et plus campagne. Marine Le Pen a fait ses meilleurs scores dans les communes rurales. Une commune, c&#8217;est un synonyme de ville. C&#8217;est une d\u00e9signation administrative pour dire une ville. Donc elle a fait ses meilleurs scores dans les communes rurales et dans les petites communes. Pour le deuxi\u00e8me tour, dans ce qu&#8217;on appelle les zones rurales, c&#8217;\u00e9tait vraiment du 50-50 entre Marine Le Pen et Emmanuel Macron. Pourquoi est-ce qu&#8217;elle a une telle popularit\u00e9 dans ces zones alors que elle-m\u00eame, il faut rappeler, c&#8217;est une ch\u00e2telaine. \u00abCh\u00e2telaine\u00bb, c&#8217;est un mot qui veut dire quelqu&#8217;un qui habite dans un ch\u00e2teau. La famille le Pen c\u2019est une famille d\u2019une grande fortune et elle est h\u00e9riti\u00e8re en fait. Mais elle r\u00e9ussit quand m\u00eame \u00e0 parler \u00e0 l&#8217;\u00e9lectorat populaire. Et cette ann\u00e9e, notamment, en 2022, son th\u00e8me de campagne principal, \u00e7a a \u00e9t\u00e9 le pouvoir d&#8217;achat. Le pouvoir d&#8217;achat, c&#8217;est la capacit\u00e9 qu&#8217;on a de compr&#8230; De&#8230; Pardon, j&#8217;ai pas&#8230;<\/p>\n\n\n\n<p>Hugo: <a id=\"sonaar_ts-6927ce1a2d60d\" class=\"srmp3_sonaar_ts_shortcode\"  style=\"\" href=\"javascript:sonaar_ts_shortcode({ trackid:'0', time:'00:29:21', ts_id:'6927ce1a2d60d', play_icon:'' }) ;\">[00:29:21]<\/a> Comprar.<\/p>\n\n\n\n<p>Ingrid: <a id=\"sonaar_ts-6927ce1a2d617\" class=\"srmp3_sonaar_ts_shortcode\"  style=\"\" href=\"javascript:sonaar_ts_shortcode({ trackid:'0', time:'00:29:23', ts_id:'6927ce1a2d617', play_icon:'' }) ;\">[00:29:23]<\/a> \u00c7a m&#8217;arrive souvent, mais en podcast normalement&#8230; C&#8217;est que je suis en train de parler de mani\u00e8re si naturelle que je fais mon mix habituel dans&#8230; Le pouvoir d&#8217;achat. Voil\u00e0. Donc c&#8217;est la capacit\u00e9 des personnes \u00e0 pouvoir s&#8217;acheter des choses et vivre correctement. C&#8217;est un peu l&#8217;\u00e9quilibre entre les salaires et le prix des denr\u00e9es, des aliments. C&#8217;est beaucoup le carburant, l&#8217;essence pour se d\u00e9placer en voiture. \u00c7a a \u00e9t\u00e9 la premi\u00e8re cause de d\u00e9sespoir et de col\u00e8re par rapport au pouvoir d&#8217;achat. Donc Marine Le Pen, elle, a parl\u00e9 pratiquement que de \u00e7a pendant les derniers mois de la campagne pr\u00e9sidentielle. Cette th\u00e9matique du pouvoir d&#8217;achat, elle r\u00e9sonne particuli\u00e8rement dans l&#8217;\u00e9lectorat, donc, comme j&#8217;ai dit, des campagnes, mais aussi dans l&#8217;\u00e9lectorat ultramarin, c&#8217;est \u00e0 dire dans l&#8217;\u00e9lectorat de l&#8217;Outre-mer, des territoires qui ne sont pas en France m\u00e9tropolitaine, les DROM-COM. Pourquoi ? Parce que ce sont des territoires qui sont pauvres. Les plus pauvres de France. O\u00f9 les jeunes sont tr\u00e8s fortement touch\u00e9s par le ch\u00f4mage et o\u00f9 la pr\u00e9carit\u00e9 est importante. Elle a fait une campagne en plus, pour revenir donc sur Marine Le Pen, tr\u00e8s ancr\u00e9e dans les territoires, avec un tour de France et des meetings dans les communes rurales, dans les DROM-COM aussi. Et pendant en fait que d&#8217;autres candidats \u00e9taient beaucoup sur les cha\u00eenes nationales et faisaient une campagne \u00e0 l&#8217;\u00e9chelle du pays tout entier, Marine Le Pen s&#8217;est beaucoup d\u00e9plac\u00e9e pour aller voir les gens dans les plus petites villes. Et puis enfin, je vais terminer pour ce petit profil social des \u00e9lecteurs de Marine Le Pen. En termes de cat\u00e9gories, elle fait son meilleur score chez les ouvriers et chez les jeunes actifs de 25 \u00e0 34 ans. En revanche&#8230;<\/p>\n\n\n\n<p>Hugo: <a id=\"sonaar_ts-6927ce1a2d61c\" class=\"srmp3_sonaar_ts_shortcode\"  style=\"\" href=\"javascript:sonaar_ts_shortcode({ trackid:'0', time:'00:31:35', ts_id:'6927ce1a2d61c', play_icon:'' }) ;\">[00:31:35]<\/a> Donc les ouvriers peut-\u00eatre, on peut expliquer : les personnes qui travaillent dans les usines, qui ont des professions plut\u00f4t manuelles.<\/p>\n\n\n\n<p>Ingrid: <a id=\"sonaar_ts-6927ce1a2d621\" class=\"srmp3_sonaar_ts_shortcode\"  style=\"\" href=\"javascript:sonaar_ts_shortcode({ trackid:'0', time:'00:31:44', ts_id:'6927ce1a2d621', play_icon:'' }) ;\">[00:31:44]<\/a> Ouais, c&#8217;est \u00e7a.<\/p>\n\n\n\n<p>Hugo: <a id=\"sonaar_ts-6927ce1a2d626\" class=\"srmp3_sonaar_ts_shortcode\"  style=\"\" href=\"javascript:sonaar_ts_shortcode({ trackid:'0', time:'00:31:45', ts_id:'6927ce1a2d626', play_icon:'' }) ;\">[00:31:45]<\/a> Mais dans les entreprises.<\/p>\n\n\n\n<p>Ingrid: <a id=\"sonaar_ts-6927ce1a2d62b\" class=\"srmp3_sonaar_ts_shortcode\"  style=\"\" href=\"javascript:sonaar_ts_shortcode({ trackid:'0', time:'00:31:46', ts_id:'6927ce1a2d62b', play_icon:'' }) ;\">[00:31:46]<\/a> Oui, on peut dire c&#8217;est une partie des cat\u00e9gories socioprofessionnelles qui sont plut\u00f4t pauvres. C&#8217;est ceux qui travaillent pour, dans l&#8217;industrie, pour des grosses entreprises en g\u00e9n\u00e9ral, en France, c&#8217;est beaucoup d&#8217;entreprises quoi, de ?<\/p>\n\n\n\n<p>Hugo: <a id=\"sonaar_ts-6927ce1a2d631\" class=\"srmp3_sonaar_ts_shortcode\"  style=\"\" href=\"javascript:sonaar_ts_shortcode({ trackid:'0', time:'00:32:04', ts_id:'6927ce1a2d631', play_icon:'' }) ;\">[00:32:04]<\/a> Dans l&#8217;automobile.<\/p>\n\n\n\n<p>Ingrid: <a id=\"sonaar_ts-6927ce1a2d636\" class=\"srmp3_sonaar_ts_shortcode\"  style=\"\" href=\"javascript:sonaar_ts_shortcode({ trackid:'0', time:'00:32:05', ts_id:'6927ce1a2d636', play_icon:'' }) ;\">[00:32:05]<\/a> L&#8217;automobile. Ouais c&#8217;est \u00e7a ou l&#8217;agroalimentaire aussi, il y a des ouvriers. Et puis c&#8217;est&#8230; En fait, \u00e7a se recoupe avec ce qu&#8217;on disait, parce que c&#8217;est des personnes qui vivent souvent dans des, assez \u00e9loign\u00e9es de la ville, o\u00f9 il y a des, dans des campagnes, o\u00f9 il y a des grosses usines. Et puis souvent toute la ville travaille dans la m\u00eame usine. Voil\u00e0, c&#8217;est un petit peu ce profil-l\u00e0. Et donc je disais les jeunes actifs de 25 \u00e0 34 ans et les jeunes en g\u00e9n\u00e9ral qui n&#8217;ont pas de dipl\u00f4me. Puisque les \u00e9tudiants, ils sont plut\u00f4t partag\u00e9s entre Emmanuel Macron et Jean-Luc M\u00e9lenchon dont on parlera apr\u00e8s.<\/p>\n\n\n\n<p>Hugo: <a id=\"sonaar_ts-6927ce1a2d63b\" class=\"srmp3_sonaar_ts_shortcode\"  style=\"\" href=\"javascript:sonaar_ts_shortcode({ trackid:'0', time:'00:32:42', ts_id:'6927ce1a2d63b', play_icon:'' }) ;\">[00:32:42]<\/a> Ouais donc c&#8217;est vrai que cette th\u00e9matique du pouvoir d&#8217;achat \u00e9tait vraiment au c\u0153ur de la campagne de Marine Le Pen et \u00e7a lui a permis de s\u00e9duire de nouveaux \u00e9lecteurs. Mais il ne faut pas oublier que le fond de commerce du Rassemblement national, donc le fond de commerce, \u00e7a veut dire&#8230; Comment on peut expliquer \u00e7a, le fond de commerce ?<\/p>\n\n\n\n<p>Ingrid: <a id=\"sonaar_ts-6927ce1a2d644\" class=\"srmp3_sonaar_ts_shortcode\"  style=\"\" href=\"javascript:sonaar_ts_shortcode({ trackid:'0', time:'00:33:03', ts_id:'6927ce1a2d644', play_icon:'' }) ;\">[00:33:03]<\/a> C&#8217;est le th\u00e8me principal, non ? Ce qu&#8217;il fait fonctionner.<\/p>\n\n\n\n<p>Hugo: <a id=\"sonaar_ts-6927ce1a2d64a\" class=\"srmp3_sonaar_ts_shortcode\"  style=\"\" href=\"javascript:sonaar_ts_shortcode({ trackid:'0', time:'00:33:08', ts_id:'6927ce1a2d64a', play_icon:'' }) ;\">[00:33:08]<\/a> C&#8217;est \u00e7a. Ce qui permet vraiment au, ce qui permet historiquement au Rassemblement national de fonctionner, de rassembler les \u00e9lecteurs. C&#8217;est ses propositions anti-immigration. Donc on ne peut pas n\u00e9gliger que cet aspect est rest\u00e9 tr\u00e8s important dans le programme du Rassemblement national. Et une bonne partie des \u00e9lecteurs du Rassemblement national ont vot\u00e9 pour Marine Le Pen en adh\u00e9sion \u00e0 ces mesures anti-immigration. Donc \u00e7a, \u00e7a restait quand m\u00eame au c\u0153ur du programme de Marine Le Pen, ce qu&#8217;elle a appel\u00e9 avec le terme de pr\u00e9f\u00e9rence nationale qui semble un peu plus politiquement correct. Ce qu&#8217;elle dit, en gros, c&#8217;est qu&#8217;il faut toujours, syst\u00e9matiquement, privil\u00e9gier, favoriser les Fran\u00e7ais. Donc \u00e7a, pour les personnes qui ont un pouvoir d&#8217;achat r\u00e9duit par exemple, c&#8217;est un argument qui est assez s\u00e9duisant de se dire \u00abje suis fran\u00e7ais, je suis dans mon pays, donc je devrais \u00eatre avantag\u00e9 par rapport aux immigr\u00e9s qui, selon l&#8217;argumentation classique du Front, du Rassemblement national, volent notre notre travail\u00bb. Donc \u00e7a, c&#8217;est rest\u00e9 quand m\u00eame au c\u0153ur aussi du programme de Marine Le Pen.<\/p>\n\n\n\n<p>Ingrid: <a id=\"sonaar_ts-6927ce1a2d64f\" class=\"srmp3_sonaar_ts_shortcode\"  style=\"\" href=\"javascript:sonaar_ts_shortcode({ trackid:'0', time:'00:34:40', ts_id:'6927ce1a2d64f', play_icon:'' }) ;\">[00:34:40]<\/a> \u00c7a, c&#8217;\u00e9tait donc pour nos deux candidats du deuxi\u00e8me tour. Et puis, on va peut-\u00eatre terminer avec le num\u00e9ro trois, celui qui est arriv\u00e9 en troisi\u00e8me position au premier tour, Jean-Luc M\u00e9lenchon, puisqu&#8217;il concentre beaucoup d&#8217;\u00e9lecteurs qui ont un profil encore diff\u00e9rent de celui de Marine Le Pen et de Emmanuel Macron. D&#8217;ailleurs, c&#8217;est vrai que Jean-Luc M\u00e9lenchon, apr\u00e8s le premier tour, a dit explicitement qu&#8217;il ne fallait pas donner de voix \u00e0 Marine Le Pen. Il a dit pas une voix pour Marine Le Pen.<\/p>\n\n\n\n<p>Hugo: <a id=\"sonaar_ts-6927ce1a2d654\" class=\"srmp3_sonaar_ts_shortcode\"  style=\"\" href=\"javascript:sonaar_ts_shortcode({ trackid:'0', time:'00:35:23', ts_id:'6927ce1a2d654', play_icon:'' }) ;\">[00:35:23]<\/a> Il l&#8217;a m\u00eame a r\u00e9p\u00e9t\u00e9 trois ou quatre fois d&#8217;affil\u00e9e. Il me semble qu&#8217;il a vraiment \u00e9t\u00e9 tr\u00e8s clair par rapport \u00e0 \u00e7a.<\/p>\n\n\n\n<p>Ingrid: <a id=\"sonaar_ts-6927ce1a2d659\" class=\"srmp3_sonaar_ts_shortcode\"  style=\"\" href=\"javascript:sonaar_ts_shortcode({ trackid:'0', time:'00:35:30', ts_id:'6927ce1a2d659', play_icon:'' }) ;\">[00:35:30]<\/a> Exactement. Donc on pourrait se dire que Jean-Luc M\u00e9lenchon est plus proche de Emmanuel Macron, par exemple. En tout cas qu&#8217;il est compl\u00e8tement oppos\u00e9 \u00e0 Marine Le Pen. Mais ces \u00e9lecteurs, pas forc\u00e9ment. Il y a des \u00e9lecteurs qui sont pass\u00e9s de Jean-Luc M\u00e9lenchon \u00e0 Marine Le Pen, et puis beaucoup qui se sont abstenus. Alors, qui sont ces personnes ? Donc Jean-Luc M\u00e9lenchon, il a d&#8217;abord, il y a un ph\u00e9nom\u00e8ne assez int\u00e9ressant \u00e0 souligner, c&#8217;est qu&#8217;il a r\u00e9ussi \u00e0 cr\u00e9er une mobilisation exceptionnelle des populations de ce qu&#8217;on appelle les quartiers. Alors personnellement, je n&#8217;aime pas du tout cette expression puisque quartiers, \u00e7a veut rien dire. Enfin, c&#8217;est une appellation g\u00e9n\u00e9rale, mais ce qu&#8217;on veut dire c&#8217;est les quartiers populaires, c&#8217;est les banlieues, certaines banlieues o\u00f9 la population est plut\u00f4t immigr\u00e9e ou descendante d&#8217;immigr\u00e9s, o\u00f9 la population est plut\u00f4t pauvre mais quand m\u00eame en connexion avec les grandes villes, etc. C&#8217;est des quartiers qu&#8217;on peut dire \u00abdifficiles\u00bb. Donc dans les banlieues de Paris, de Marseille, de Lyon, il y a une tr\u00e8s forte mobilisation juste pour Jean-Luc M\u00e9lenchon et notamment beaucoup de personnes qui d&#8217;habitude ne votent pas sont all\u00e9es voter \u00e0 ce premier tour au lieu de s&#8217;abstenir comme d&#8217;habitude. Alors je vous donne juste trois chiffres un peu que j&#8217;ai cherch\u00e9 un peu au hasard en me disant tiens cette ville, je pense que \u00e7a a vot\u00e9 Jean-Luc M\u00e9lenchon et effectivement !<\/p>\n\n\n\n<p><a id=\"sonaar_ts-6927ce1a2d662\" class=\"srmp3_sonaar_ts_shortcode\"  style=\"\" href=\"javascript:sonaar_ts_shortcode({ trackid:'0', time:'00:37:05', ts_id:'6927ce1a2d662', play_icon:'' }) ;\">[00:37:05]<\/a> \u00c0 Saint-Denis, donc c&#8217;est une ville de banlieue parisienne, du nord de Paris, on a vot\u00e9, enfin ils ont vot\u00e9 au premier tour \u00e0 61 % pour Jean-Luc M\u00e9lenchon. Dans Les Mureaux, qui est une commune des Yvelines, donc dans le sud ouest de Paris, proche de l\u00e0 ou j&#8217;ai grandi d&#8217;ailleurs, ils ont vot\u00e9 \u00e0 60 % pour Jean-Luc M\u00e9lenchon et dans le 15\u1d49 arrondissement de Marseille, donc dans les quartiers nord de Marseille, il y a eu 51 % pour Jean-Luc M\u00e9lenchon. Donc vous voyez, il y a des villes o\u00f9 M\u00e9lenchon est arriv\u00e9 carr\u00e9ment premier au premier tour. Ensuite, il y a eu aussi un vote important des musulmans. Il y a eu un sondage fait par le m\u00e9dia La Croix qui a montr\u00e9 que sept musulmans sur dix ont vot\u00e9 pour Jean-Luc M\u00e9lenchon. Alors j&#8217;ai vu un petit peu des pol\u00e9miques, comme quoi ce serait un vote communautaire, voire islamiste. Mais en fait, je trouve que c&#8217;est plut\u00f4t logique puisque Jean-Luc M\u00e9lenchon, \u00e7a a \u00e9t\u00e9 le seul, je pense pendant la campagne qui a vraiment insist\u00e9 pour d\u00e9fendre le droit des musulmans \u00e0 exprimer leur religion \u00e0 tout simplement exister. Et il a clairement appel\u00e9 les musulmans \u00e0 voter pour lui. Donc \u00e7a a fonctionn\u00e9 et c&#8217;est une des premi\u00e8res cat\u00e9gories qui ont particip\u00e9 \u00e0 son si bon score.<\/p>\n\n\n\n<p>Hugo: <a id=\"sonaar_ts-6927ce1a2d668\" class=\"srmp3_sonaar_ts_shortcode\"  style=\"\" href=\"javascript:sonaar_ts_shortcode({ trackid:'0', time:'00:38:45', ts_id:'6927ce1a2d668', play_icon:'' }) ;\">[00:38:45]<\/a> Effectivement, et parmi les autres \u00e9lecteurs de Jean-Luc M\u00e9lenchon, on trouve aussi une partie forc\u00e9ment des classes populaires. Parce que le parti de Jean-Luc M\u00e9lenchon, qui s&#8217;appelle La France insoumise, est un parti qui se situe entre la gauche et l&#8217;extr\u00eame gauche et qui a plut\u00f4t vocation \u00e0 d\u00e9fendre les Fran\u00e7ais les plus pauvres, les plus d\u00e9favoris\u00e9s. Il se dispute cet \u00e9lectorat avec Marine Le Pen. Donc \u00e0 la fois Marine Le Pen et Jean-Luc M\u00e9lenchon ont essay\u00e9 de s\u00e9duire cet \u00e9lectorat et on peut dire que Marine Le Pen a plus de succ\u00e8s parmi les ouvriers, alors que Jean-Luc M\u00e9lenchon a obtenu plus de voix parmi les employ\u00e9s. Les employ\u00e9s qui travaillent dans les bureaux et qui, comme les ouvriers, ont des salaires assez bas. Ensuite, il y a aussi les \u00e9tudiants. Donc Jean-Luc M\u00e9lenchon est tr\u00e8s populaire parmi les \u00e9tudiants. L\u00e0, il est plut\u00f4t face \u00e0 Emmanuel Macron. On a vu tout \u00e0 l&#8217;heure qu&#8217;une partie des jeunes de 21&#8230; Non, c&#8217;\u00e9tait 18-24 ans ?<\/p>\n\n\n\n<p>Ingrid: <a id=\"sonaar_ts-6927ce1a2d66d\" class=\"srmp3_sonaar_ts_shortcode\"  style=\"\" href=\"javascript:sonaar_ts_shortcode({ trackid:'0', time:'00:39:39', ts_id:'6927ce1a2d66d', play_icon:'' }) ;\">[00:39:39]<\/a> 18-24 ans, ouais.<\/p>\n\n\n\n<p>Hugo: <a id=\"sonaar_ts-6927ce1a2d676\" class=\"srmp3_sonaar_ts_shortcode\"  style=\"\" href=\"javascript:sonaar_ts_shortcode({ trackid:'0', time:'00:40:00', ts_id:'6927ce1a2d676', play_icon:'' }) ;\">[00:40:00]<\/a> 18-24 ans votent plut\u00f4t pour Emmanuel Macron. Donc \u00e7a d\u00e9pend un peu de ce que vous \u00e9tudiez \u00e0 l&#8217;universit\u00e9. Si vous \u00e9tudiez l&#8217;\u00e9conomie ou vous \u00eates en \u00e9cole de commerce, vous avez plut\u00f4t vot\u00e9 pour Emmanuel Macron, comme mes camarades par exemple. Mais j&#8217;\u00e9tais surpris parce que Jean-Luc M\u00e9lenchon devient aussi assez populaire dans certaines \u00e9coles de commerce. Au contraire, si vous \u00e9tudiez la sociologie, si vous \u00eates \u00e9l\u00e8ve \u00e0 l&#8217;Acad\u00e9mie des Beaux-Arts par exemple, bon bah l\u00e0 il y a plus de chances que vous votiez pour Jean-Luc M\u00e9lenchon. Et enfin, ouais, Jean-Luc M\u00e9lenchon, en g\u00e9n\u00e9ral, fait de tr\u00e8s bons scores parmi les jeunes de 18 \u00e0 34 ans, alors que Marine Le Pen a plus de succ\u00e8s chez les jeunes qui sont non dipl\u00f4m\u00e9s, donc qui n&#8217;ont pas de dipl\u00f4me universitaire.<\/p>\n\n\n\n<p>Ingrid: <a id=\"sonaar_ts-6927ce1a2d67c\" class=\"srmp3_sonaar_ts_shortcode\"  style=\"\" href=\"javascript:sonaar_ts_shortcode({ trackid:'0', time:'00:40:54', ts_id:'6927ce1a2d67c', play_icon:'' }) ;\">[00:40:54]<\/a> Et puis, sans oublier, donc on a parl\u00e9 de ceux qui votent vraiment pour Jean-Luc M\u00e9lenchon par adh\u00e9sion. Mais on n&#8217;oublie pas les petits castors. Cette fois-ci, c&#8217;est moi qui vais en parler, mais on a aussi des castors \u00e0 gauche qui, d\u00e8s le premier tour, ont d\u00e9cid\u00e9 de jouer strat\u00e9gie. Donc on peut dire qu&#8217;ils ont voulu soit faire barrage \u00e0 Marine Le Pen. En fait, ils voulaient que Marine Le Pen n&#8217;aille pas au deuxi\u00e8me tour, soit qui ont vot\u00e9 utile. C&#8217;est le m\u00eame r\u00e9sultat. Mais quand on dit vote utile, c&#8217;est plut\u00f4t l&#8217;id\u00e9e que on va voter pour celui de notre camp (donc la gauche) qui a le plus de chances de remporter, d&#8217;arriver au deuxi\u00e8me tour. Donc l\u00e0, pareil, les sondages ne nous permettent pas d&#8217;avoir un chiffre tr\u00e8s exact, mais ce serait \u00e0 peu pr\u00e8s 20 \u00e0 30 % des personnes qui ont vot\u00e9 pour Jean-Luc M\u00e9lenchon au premier tour, qui l&#8217;ont fait juste parce que c&#8217;\u00e9tait le mieux plac\u00e9 dans les sondages. Et de mani\u00e8re g\u00e9n\u00e9rale, il y a eu beaucoup de reports de voix. \u00abReports de voix\u00bb, \u00e7a veut dire que c&#8217;est des votes qui sont pass\u00e9s d&#8217;un candidat \u00e0 un autre pour x raisons. Pour certaines raisons, celles que je viens de vous d&#8217;\u00e9voquer. J&#8217;ai vu qu&#8217;il y avait un tiers des \u00e9lecteurs habituels du Parti socialiste qui ont vot\u00e9 pour Jean-Luc M\u00e9lenchon au premier tour. Et aussi un tiers des \u00e9lecteurs habituels de Europe Ecologie-Les Verts, donc le parti \u00e9cologiste. Il y a eu un mouvement assez important \u00e0 gauche de vote pour Jean-Luc M\u00e9lenchon, m\u00eame si ce n&#8217;\u00e9tait pas le candidat de pr\u00e9dilection \u00e0 la base. Et il y a quand m\u00eame eu on en parlait, je pense, tout \u00e0 l&#8217;heure, Hugo, avant de commencer \u00e0 enregistrer, il y a quand m\u00eame beaucoup de personnes qui normalement votent \u00e0 gauche mais qui n&#8217;ont pas voulu voter pour Jean-Luc M\u00e9lenchon parce que en r\u00e9alit\u00e9, ils sont plus centristes sur la ligne du Parti socialiste qui est beaucoup moins \u00e0 gauche que celle de Jean-Luc M\u00e9lenchon. Et il y en a beaucoup qui ont peur de lui, de sa position \u00e0 l&#8217;international, de sa personnalit\u00e9 un peu extr\u00eame aussi, on peut le dire.<\/p>\n\n\n\n<p>Hugo: <a id=\"sonaar_ts-6927ce1a2d68a\" class=\"srmp3_sonaar_ts_shortcode\"  style=\"\" href=\"javascript:sonaar_ts_shortcode({ trackid:'0', time:'00:43:28', ts_id:'6927ce1a2d68a', play_icon:'' }) ;\">[00:43:28]<\/a> Oui, c&#8217;est un peu notre Bernie Sanders national. Donc effectivement, il a une personnalit\u00e9 assez clivante. Il y a des gens qui l&#8217;adorent. Il est connu notamment pour \u00eatre un tr\u00e8s bon tribun. \u00c7a veut dire qu&#8217;il s&#8217;exprime extr\u00eamement bien. Il est tr\u00e8s fort en d\u00e9bat. Mais d&#8217;un autre c\u00f4t\u00e9, beaucoup de personnes lui reprochent d&#8217;\u00eatre assez \u00e9gocentrique, d&#8217;accaparer toute toute l&#8217;attention et de ne pas laisser de la place pour les autres membres de son parti, etc. Donc c&#8217;est vrai qu&#8217;il a tendance \u00e0 polariser un peu les opinions. On a tout dit sur Jean-Luc M\u00e9lenchon ?<\/p>\n\n\n\n<p>Ingrid: <a id=\"sonaar_ts-6927ce1a2d694\" class=\"srmp3_sonaar_ts_shortcode\"  style=\"\" href=\"javascript:sonaar_ts_shortcode({ trackid:'0', time:'00:44:07', ts_id:'6927ce1a2d694', play_icon:'' }) ;\">[00:44:07]<\/a> Bah oui hein. Les cat\u00e9gories socioprofessionnelles, les quartiers populaires, les \u00e9tudiants, on a tout !<\/p>\n\n\n\n<p>Hugo: <a id=\"sonaar_ts-6927ce1a2d699\" class=\"srmp3_sonaar_ts_shortcode\"  style=\"\" href=\"javascript:sonaar_ts_shortcode({ trackid:'0', time:'00:44:14', ts_id:'6927ce1a2d699', play_icon:'' }) ;\">[00:44:14]<\/a> Tr\u00e8s bien. Bon, donc, on va conclure l&#8217;\u00e9pisode l\u00e0-dessus. J&#8217;esp\u00e8re que \u00e7a vous aide \u00e0 y voir plus clair, que vous comprenez mieux les enjeux des ann\u00e9es \u00e0 venir avec les nouveaux blocs qui sont en place. Vous pouvez mieux \u00e9galement interpr\u00e9ter cette victoire d&#8217;Emmanuel Macron. Maintenant, il reste les \u00e9lections l\u00e9gislatives qui auront lieu en juin et qui vont \u00eatre d\u00e9terminantes, qui vont \u00eatre tr\u00e8s importantes parce que le Pr\u00e9sident en France, m\u00eame s&#8217;il a beaucoup de pouvoir, ne peut pas tout. Il a besoin d&#8217;avoir une majorit\u00e9 au Parlement pour \u00eatre en mesure de faire passer ses projets. Donc Emmanuel Macron a besoin que son parti, La R\u00e9publique en marche, remporte une majorit\u00e9 \u00e0 l&#8217;Assembl\u00e9e. Et dans tous les cas, Emmanuel Macron et ses proches savent que ce deuxi\u00e8me mandat va \u00eatre tr\u00e8s difficile. Il a notamment le projet de ce qu&#8217;on appelle la retraite \u00e0 65 ans, \u00e7a veut dire que l&#8217;\u00e2ge de la retraite va passer de 60 \u00e0 65 ans. Donc \u00e7a, c&#8217;est un projet qui est tr\u00e8s impopulaire et qu&#8217;Emmanuel Macron va essayer de faire passer. Il faut s&#8217;attendre \u00e0 de grandes manifestations en France, \u00e0 mon avis, dans les prochaines ann\u00e9es. D&#8217;autant plus que, \u00e0 gauche, Jean-Luc M\u00e9lenchon essaie vraiment de se poser comme principal opposant en organisant ces mouvements de contestation sociale. Et c\u00f4t\u00e9 extr\u00eame droite, le Rassemblement national va aussi essayer de faire un bon score aux l\u00e9gislatives. Pour peser, pour compter, pour avoir de l&#8217;importance entre ces \u00e9lections pr\u00e9sidentielles. Voil\u00e0. Je pense qu&#8217;on a tout dit. Comme d&#8217;habitude, n&#8217;h\u00e9sitez pas \u00e0 laisser un commentaire. Je ne sais pas si on continue avec ces expressions \u00e0 mettre dans les commentaires ou pas.<\/p>\n\n\n\n<p>Ingrid: <a id=\"sonaar_ts-6927ce1a2d69e\" class=\"srmp3_sonaar_ts_shortcode\"  style=\"\" href=\"javascript:sonaar_ts_shortcode({ trackid:'0', time:'00:46:13', ts_id:'6927ce1a2d69e', play_icon:'' }) ;\">[00:46:13]<\/a> Ou pas, mais l\u00e0 on a un bon mot quand m\u00eame. Si on parle d&#8217;un animal. Allez la derni\u00e8re fois. Bon ou vous nous dites si vous en avez marre de&#8230; Mais on peut leur dire \u00abcastor\u00bb ?<\/p>\n\n\n\n<p>Hugo: <a id=\"sonaar_ts-6927ce1a2d6a3\" class=\"srmp3_sonaar_ts_shortcode\"  style=\"\" href=\"javascript:sonaar_ts_shortcode({ trackid:'0', time:'00:46:26', ts_id:'6927ce1a2d6a3', play_icon:'' }) ;\">[00:46:26]<\/a> C&#8217;est \u00e7a. Ok, donc si vous avez \u00e9cout\u00e9 l&#8217;\u00e9pisode jusqu&#8217;au bout, vous pouvez \u00e9crire \u00abcastor\u00bb. Ou alors \u00abfaire barrage\u00bb, dans les commentaires. Les deux comptent. Et voil\u00e0. Merci de nous avoir \u00e9cout\u00e9 et on se retrouve bient\u00f4t pour un nouvel \u00e9pisode. Ciao !<\/p>\n\n\n\n<p>Ingrid: <a id=\"sonaar_ts-6927ce1a2d6a9\" class=\"srmp3_sonaar_ts_shortcode\"  style=\"\" href=\"javascript:sonaar_ts_shortcode({ trackid:'0', time:'00:46:42', ts_id:'6927ce1a2d6a9', play_icon:'' }) ;\">[00:46:42]<\/a> Merci. Salut!\u00a0<\/p>\n","protected":false},"excerpt":{"rendered":"<p>Hugo: Salut \u00e0 toutes et \u00e0 tous. Bienvenue pour ce 110\u1d49 \u00e9pisode. Ingrid: Salut, salut ! Hugo: Encore une fois, on va discuter de politique avec Ingrid. Alors c&#8217;est vrai qu&#8217;on en parle beaucoup en ce moment, mais comme vous le savez, c&#8217;est une ann\u00e9e particuli\u00e8re pour les Fran\u00e7ais. C&#8217;est une ann\u00e9e d&#8217;\u00e9lections pr\u00e9sidentielles. Et&#8230;<\/p>\n","protected":false},"author":17473,"featured_media":289670,"comment_status":"open","ping_status":"open","sticky":false,"template":"","format":[191],"meta":{"_acf_changed":false,"_kad_blocks_custom_css":"","_kad_blocks_head_custom_js":"","_kad_blocks_body_custom_js":"","_kad_blocks_footer_custom_js":"","_kad_post_transparent":"","_kad_post_title":"","_kad_post_layout":"","_kad_post_sidebar_id":"","_kad_post_content_style":"","_kad_post_vertical_padding":"","_kad_post_feature":"","_kad_post_feature_position":"","_kad_post_header":false,"_kad_post_footer":false,"_kad_post_classname":"","footnotes":""},"categories":[168],"tags":[196,175,176],"class_list":["post-19302","post","type-post","status-publish","format-standard","has-post-thumbnail","hentry","category-podcast","tag-actualite","tag-france","tag-politique","format-duo-hugo-ingrid"],"acf":[],"taxonomy_info":{"category":[{"value":168,"label":"Podcast"}],"post_tag":[{"value":196,"label":"Actualit\u00e9"},{"value":175,"label":"France"},{"value":176,"label":"Politique"}],"format":[{"value":191,"label":"Duo Hugo &amp; Ingrid"}]},"featured_image_src_large":["https:\/\/innerfrench.com\/wp-content\/uploads\/2022\/05\/urne-de-vote-e1718022224818-750x406.jpg",750,406,true],"author_info":{"display_name":"Hugo &amp; Ingrid","author_link":"https:\/\/innerfrench.com\/author\/hugo_ingrid\/"},"comment_info":76,"category_info":[{"term_id":168,"name":"Podcast","slug":"podcast","term_group":0,"term_taxonomy_id":168,"taxonomy":"category","description":"","parent":0,"count":185,"filter":"raw","cat_ID":168,"category_count":185,"category_description":"","cat_name":"Podcast","category_nicename":"podcast","category_parent":0}],"tag_info":[{"term_id":196,"name":"Actualit\u00e9","slug":"actualite","term_group":0,"term_taxonomy_id":196,"taxonomy":"post_tag","description":"","parent":0,"count":10,"filter":"raw"},{"term_id":175,"name":"France","slug":"france","term_group":0,"term_taxonomy_id":175,"taxonomy":"post_tag","description":"","parent":0,"count":100,"filter":"raw"},{"term_id":176,"name":"Politique","slug":"politique","term_group":0,"term_taxonomy_id":176,"taxonomy":"post_tag","description":"","parent":0,"count":20,"filter":"raw"}],"_links":{"self":[{"href":"https:\/\/innerfrench.com\/wp-json\/wp\/v2\/posts\/19302","targetHints":{"allow":["GET"]}}],"collection":[{"href":"https:\/\/innerfrench.com\/wp-json\/wp\/v2\/posts"}],"about":[{"href":"https:\/\/innerfrench.com\/wp-json\/wp\/v2\/types\/post"}],"author":[{"embeddable":true,"href":"https:\/\/innerfrench.com\/wp-json\/wp\/v2\/users\/17473"}],"replies":[{"embeddable":true,"href":"https:\/\/innerfrench.com\/wp-json\/wp\/v2\/comments?post=19302"}],"version-history":[{"count":1,"href":"https:\/\/innerfrench.com\/wp-json\/wp\/v2\/posts\/19302\/revisions"}],"predecessor-version":[{"id":293691,"href":"https:\/\/innerfrench.com\/wp-json\/wp\/v2\/posts\/19302\/revisions\/293691"}],"wp:featuredmedia":[{"embeddable":true,"href":"https:\/\/innerfrench.com\/wp-json\/wp\/v2\/media\/289670"}],"wp:attachment":[{"href":"https:\/\/innerfrench.com\/wp-json\/wp\/v2\/media?parent=19302"}],"wp:term":[{"taxonomy":"category","embeddable":true,"href":"https:\/\/innerfrench.com\/wp-json\/wp\/v2\/categories?post=19302"},{"taxonomy":"post_tag","embeddable":true,"href":"https:\/\/innerfrench.com\/wp-json\/wp\/v2\/tags?post=19302"},{"taxonomy":"format","embeddable":true,"href":"https:\/\/innerfrench.com\/wp-json\/wp\/v2\/format?post=19302"}],"curies":[{"name":"wp","href":"https:\/\/api.w.org\/{rel}","templated":true}]}}