{"id":19349,"date":"2022-05-20T15:12:00","date_gmt":"2022-05-20T13:12:00","guid":{"rendered":"https:\/\/innerfrench.com\/?p=19349"},"modified":"2025-10-02T12:06:16","modified_gmt":"2025-10-02T10:06:16","slug":"111-vincent-bollore-lhomme-le-plus-puissant-de-france","status":"publish","type":"post","link":"https:\/\/innerfrench.com\/111-vincent-bollore-lhomme-le-plus-puissant-de-france\/","title":{"rendered":"#111 Vincent Bollor\u00e9, l&#8217;homme le plus puissant de France"},"content":{"rendered":"\n<p><a id=\"sonaar_ts-6927cfbbd71b5\" class=\"srmp3_sonaar_ts_shortcode\"  style=\"\" href=\"javascript:sonaar_ts_shortcode({ trackid:'0', time:'00:00:17', ts_id:'6927cfbbd71b5', play_icon:'' }) ;\">[00:00:17]<\/a> Bonjour \u00e0 toutes et \u00e0 tous. C&#8217;est moi, Ingrid. J&#8217;esp\u00e8re que vous allez bien. Personnellement, je suis tr\u00e8s contente parce qu&#8217;en France, en ce moment, il fait super beau, il y a du soleil, il fait chaud et \u00e7a me met de bonne humeur. Pour ceux qui \u00e9couteront ce podcast un peu plus tard, sachez que je l&#8217;enregistre au mois de mai 2022. Et en France, on a un dicton qui dit : &#8220;en avril, ne te d\u00e9couvre pas d&#8217;un fil, mais en mai fais ce qu&#8217;il te plait.&#8221; En gros, \u00e7a veut dire que, en avril, il y a encore des risques d&#8217;avoir froid. Donc il faut bien garder le manteau, le pull, bref, des v\u00eatements chauds, vous comprenez. Par contre, en mai, \u00e7a y est, c&#8217;est la libert\u00e9. On peut sortir les shorts, les robes, les tongs. Vous savez, les tongs, c&#8217;est ces petites sandales avec une sangle, avec quelque chose entre les deux orteils. Vous voyez ? Euh&#8230; On ne dit pas tongs dans toutes les parties de France, je pense. Mais en tout cas, moi, je dis \u00e7a comme \u00e7a. Bref, tout \u00e7a pour vous dire qu&#8217;il fait beau et que Hugo en a profit\u00e9 pour partir en vacances. Bon, je sais pas s&#8217;il est parti pour \u00e7a, mais en tout cas, il a de la chance parce que ses vacances tombent pendant le d\u00e9but du printemps, voire le d\u00e9but de l&#8217;\u00e9t\u00e9. Donc c&#8217;est pour \u00e7a que, aujourd&#8217;hui, comme vous l&#8217;aurez compris, je suis toute seule pour vous pr\u00e9senter ce podcast.<\/p>\n\n\n\n<p><a id=\"sonaar_ts-6927cfbbd71cb\" class=\"srmp3_sonaar_ts_shortcode\"  style=\"\" href=\"javascript:sonaar_ts_shortcode({ trackid:'0', time:'00:01:53', ts_id:'6927cfbbd71cb', play_icon:'' }) ;\">[00:01:53]<\/a> Comme Hugo n&#8217;est pas disponible et qu&#8217;on ne voulait pas vous faire attendre, on s&#8217;est dit que c&#8217;\u00e9tait l&#8217;occasion pour que je vous parle d&#8217;un sujet dont je voulais vous parler depuis longtemps. Comme les deux derni\u00e8res fois, c&#8217;est un sujet un peu franco-fran\u00e7ais. Quand on dit que quelque chose est &#8220;franco-fran\u00e7ais&#8221;, \u00e7a veut dire que, bah, \u00e7a concerne que la France et les Fran\u00e7ais. A priori, \u00e7a ne devrait pas int\u00e9resser des personnes qui ne sont pas fran\u00e7aises. Mais vous, c&#8217;est diff\u00e9rent parce que je sais que vous \u00eates tr\u00e8s int\u00e9ress\u00e9s par l&#8217;actualit\u00e9 et la soci\u00e9t\u00e9 fran\u00e7aises. Alors aujourd&#8217;hui, je vais vous parler de celui que j&#8217;appelle l&#8217;homme le plus puissant de France. Pas de panique, je ne vais pas encore parler du nouveau pr\u00e9sident de la R\u00e9publique. On a d\u00e9j\u00e0 beaucoup parl\u00e9 des \u00e9lections pr\u00e9sidentielles avec Hugo. Donc je vous&#8230; vais vous changer un peu de sujet. Non, je vais vous parler plut\u00f4t d&#8217;un monsieur qui s&#8217;appelle Vincent Bollor\u00e9. Vincent Bollor\u00e9, c&#8217;est une des plus grandes fortunes de France. Il est \u00e0 la t\u00eate d&#8217;une multinationale qui s&#8217;appelle le groupe Bollor\u00e9. Mais si je dis qu&#8217;il est puissant, alors ce n&#8217;est pas seulement parce qu&#8217;il est riche. C&#8217;est plut\u00f4t parce que c&#8217;est un grand propri\u00e9taire de m\u00e9dias. Il est propri\u00e9taire de cha\u00eenes de t\u00e9l\u00e9vision, de radios, de journaux et puis m\u00eame de maisons d&#8217;\u00e9dition, etc&#8230; Je vous en dirai plus tout \u00e0 l&#8217;heure. Et surtout, il est puissant parce qu&#8217;il utilise ses m\u00e9dias pour faire passer des messages politiques.<\/p>\n\n\n\n<p><a id=\"sonaar_ts-6927cfbbd71d7\" class=\"srmp3_sonaar_ts_shortcode\"  style=\"\" href=\"javascript:sonaar_ts_shortcode({ trackid:'0', time:'00:03:42', ts_id:'6927cfbbd71d7', play_icon:'' }) ;\">[00:03:42]<\/a> En effet, Vincent Bollor\u00e9 est un catholique conservateur qui a des id\u00e9es bien arr\u00eat\u00e9es sur la soci\u00e9t\u00e9 fran\u00e7aise. Alors &#8220;avoir une id\u00e9e arr\u00eat\u00e9e&#8221;, \u00e7a veut dire qu&#8217;on a une opinion tr\u00e8s marqu\u00e9e et que personne ne peut nous faire changer d&#8217;avis. En l&#8217;occurrence, la vision de Vincent Bollor\u00e9 pour la France, c&#8217;est en gros la m\u00eame que celle d&#8217;\u00c9ric Zemmour, son prot\u00e9g\u00e9. Il d\u00e9fend l&#8217;id\u00e9e que la France devrait retrouver ses racines chr\u00e9tiennes. Oui, j&#8217;avoue en derni\u00e8re partie de cet \u00e9pisode, on parlera quand m\u00eame des \u00e9lections pr\u00e9sidentielles puisque c&#8217;est impossible de parler de Vincent Bollor\u00e9 sans parler de son soutien \u00e0 \u00c9ric Zemmour. \u00c9ric Zemmour, vous savez, je crois qu&#8217;on vous a parl\u00e9, mais un petit peu, de lui dans l&#8217;\u00e9pisode 108, avec Hugo. Et donc il \u00e9tait candidat de l&#8217;extr\u00eame droite aux \u00e9lections pr\u00e9sidentielles. On parlera de lui tout \u00e0 l&#8217;heure, plut\u00f4t \u00e0 la fin du podcast. Donc avant, il faut qu&#8217;on fasse d\u00e9j\u00e0 le bilan sur qui est Vincent Bollor\u00e9. Alors, dans une premi\u00e8re partie, je vais vous expliquer d&#8217;o\u00f9 vient sa fortune, comment il a r\u00e9ussi \u00e0 gagner autant d&#8217;argent et donc \u00e0 acqu\u00e9rir du pouvoir \u00e9conomique. Et dans une deuxi\u00e8me partie, je vous parlerai plus des m\u00e9dias qu&#8217;il poss\u00e8de. Et enfin, \u00e0 la fin, on parlera de ses id\u00e9es et de comment il a essay\u00e9 d&#8217;influencer (il essaye toujours d&#8217;influencer) la politique fran\u00e7aise. Euh, n&#8217;h\u00e9sitez pas \u00e0 commenter. Je vous le dis maintenant, je sais pas trop \u00e0 quel rythme parler. Vous m&#8217;avez parfois dit que je parlais beaucoup trop lentement et puis parfois le contraire. Je sais pas, je fais des efforts, mais n&#8217;h\u00e9sitez pas \u00e0 continuer \u00e0 commenter. \u00c7a peut m&#8217;aider \u00e0 am\u00e9liorer pour les prochaine fois. Voil\u00e0. Eh bien c&#8217;est parti ? On commence !<\/p>\n\n\n\n<p><a id=\"sonaar_ts-6927cfbbd71e4\" class=\"srmp3_sonaar_ts_shortcode\"  style=\"\" href=\"javascript:sonaar_ts_shortcode({ trackid:'0', time:'0', ts_id:'6927cfbbd71e4', play_icon:'' }) ;\">[00:06:05]<\/a> Vincent Bollor\u00e9 est riche, tr\u00e8s riche. Il fait partie des quinze premi\u00e8res fortunes de France. Sa famille poss\u00e8de, comme je vous le disais, une multinationale qui s&#8217;appelle tout simplement le groupe Bollor\u00e9. Pour Vincent Bollor\u00e9, pour sa famille et pour son entreprise, l&#8217;ann\u00e9e 2022 \u00e9tait d&#8217;ailleurs une ann\u00e9e importante. Et ce pour trois raisons. Alors, la premi\u00e8re raison, c&#8217;est que Vincent Bollor\u00e9 vient de f\u00eater ses 70 ans. La deuxi\u00e8me raison, c&#8217;est que le groupe Bollor\u00e9 a f\u00eat\u00e9 cette ann\u00e9e ses 200 ans. Et enfin, pourquoi cette ann\u00e9e est importante ? Parce que, \u00e0 cette double occasion pour ce double anniversaire, Vincent Bollor\u00e9 a pris officiellement sa retraite. Depuis quelques mois, ce sont ses fils qui ont repris la direction du groupe. L&#8217;un est PDG. Alors PDG c&#8217;est &#8220;Pr\u00e9sident directeur g\u00e9n\u00e9ral&#8221;. C&#8217;est comme le CEO en anglais. Et l&#8217;autre de ses fils est Vice-pr\u00e9sident. Mais attention, j&#8217;ai dit qu&#8217;il a pris officiellement sa retraite parce que, en r\u00e9alit\u00e9, m\u00eame si ses fils ont les postes de direction, c&#8217;est bien Vincent Bollor\u00e9 qui continue \u00e0 \u00eatre aux commandes puisqu&#8217;il est toujours l&#8217;actionnaire principal du groupe. L&#8217;actionnaire principal d&#8217;une soci\u00e9t\u00e9, c&#8217;est celui qui, en gros, met le plus d&#8217;argent et donc qui a souvent le plus grand pouvoir de d\u00e9cision. D&#8217;ailleurs, souvent, l&#8217;actionnaire a un vote plus&#8230; Enfin, plus on a d&#8217;actions dans une entreprise, plus on a un pouvoir de vote au conseil d&#8217;administration. Bon, c&#8217;est sch\u00e9matique ce que je dis, mais en gros, Vincent Bollor\u00e9, c&#8217;est toujours lui le big boss de l&#8217;entreprise, c&#8217;est lui qui est au sommet de la pyramide financi\u00e8re, c&#8217;est le patriarche. Et puis, a priori, dans la famille, personne ne s&#8217;oppose \u00e0 son pouvoir. Et c&#8217;est plut\u00f4t logique, parce que, concr\u00e8tement, si la famille est aussi riche aujourd&#8217;hui, eh bien c&#8217;est gr\u00e2ce \u00e0 lui. Pour comprendre le r\u00f4le qu&#8217;il a jou\u00e9 dans l&#8217;enrichissement de sa famille, il faut revenir dans le pass\u00e9.<\/p>\n\n\n\n<p><a id=\"sonaar_ts-6927cfbbd71ed\" class=\"srmp3_sonaar_ts_shortcode\"  style=\"\" href=\"javascript:sonaar_ts_shortcode({ trackid:'0', time:'00:08:38', ts_id:'6927cfbbd71ed', play_icon:'' }) ;\">[00:08:38]<\/a> Il y a 200 ans, en 1822, un homme appel\u00e9 Nicolas le Mari\u00e9 a fond\u00e9 la papeterie Odet. C&#8217;est une petite usine de papier donc, construite dans un coin d\u00e9sert, dans une ville qui s&#8217;appelle Eugu\u00e9&#8230; Ergu\u00e9-Gab\u00e9ric en Bretagne. Oui, Ergu\u00e9-Gab\u00e9ric, c&#8217;est bien \u00e7a. Donc la famille Bollor\u00e9 est bretonne et d&#8217;ailleurs elle est toujours tr\u00e8s attach\u00e9e \u00e0 ses racines bretonnes. Donc plus tard, cette usine, donc papeterie Odet, sera dirig\u00e9e par Ren\u00e9-Guillaume Bollor\u00e9. C&#8217;est le petit neveu de Nicolas le mari\u00e9. Et \u00e0 partir de ce moment-l\u00e0, la soci\u00e9t\u00e9 va grandir et elle va passer entre les mains de plusieurs g\u00e9n\u00e9rations de Bollor\u00e9. Parfois, c&#8217;est de p\u00e8re en fils, de fr\u00e8re en fr\u00e8re, mais toujours d&#8217;un homme Bollor\u00e9 \u00e0 un autre homme, Bollor\u00e9. C&#8217;est pour \u00e7a que depuis presque 200 ans, la direction est toujours entre les mains d&#8217;une personne qui s&#8217;appelle Monsieur Bollor\u00e9.<\/p>\n\n\n\n<p><a id=\"sonaar_ts-6927cfbbd71f5\" class=\"srmp3_sonaar_ts_shortcode\"  style=\"\" href=\"javascript:sonaar_ts_shortcode({ trackid:'0', time:'00:09:53', ts_id:'6927cfbbd71f5', play_icon:'' }) ;\">[00:09:53]<\/a> Alors, dans la premi\u00e8re moiti\u00e9 du XX\u1d49 si\u00e8cle, donc autour de la Premi\u00e8re Guerre mondiale, la papeterie devient une entreprise familiale industrielle de taille moyenne. Elle s&#8217;agrandit et elle se sp\u00e9cialise dans la production de papier fin. Le papier fin, c&#8217;est le type de papier qui est utilis\u00e9 par exemple pour les sachets de th\u00e9 ou encore pour les feuilles de papier \u00e0 rouler des cigarettes. D&#8217;ailleurs, peut-\u00eatre que vous avez d\u00e9j\u00e0 vu cette marque qui s&#8217;appelle &#8220;OCB&#8221;. C&#8217;est une marque de, bah, de feuilles \u00e0 rouler des cigarettes. Eh bien, le B de OCB, c&#8217;est pour Bollor\u00e9, \u00e7a a \u00e9t\u00e9 lanc\u00e9 par cette famille. Depuis, la marque a \u00e9t\u00e9 revendue \u00e0 une autre multinationale, mais pendant longtemps, les feuilles de papier OCB, c&#8217;\u00e9tait le produit phare du groupe.<\/p>\n\n\n\n<p><a id=\"sonaar_ts-6927cfbbd71fd\" class=\"srmp3_sonaar_ts_shortcode\"  style=\"\" href=\"javascript:sonaar_ts_shortcode({ trackid:'0', time:'00:10:54', ts_id:'6927cfbbd71fd', play_icon:'' }) ;\">[00:10:54]<\/a> Dans les ann\u00e9es 70, quand le p\u00e8re de Vincent Bollor\u00e9 est aux commandes, l&#8217;entreprise bat de l&#8217;aile. &#8220;Battre de l&#8217;aile&#8221;, \u00e7a, c&#8217;est une bonne expression. \u00c7a veut dire ne pas aller tr\u00e8s bien, ne plus fonctionner correctement. C&#8217;est une m\u00e9taphore en fait, \u00e7a fait r\u00e9f\u00e9rence \u00e0 un oiseau qui n&#8217;aurait plus qu&#8217;une seule aile pour avancer. C&#8217;est une expression qu&#8217;on peut utiliser dans plusieurs contextes. Par exemple, c&#8217;est beaucoup utilis\u00e9 pour des couples. Un couple qui bat de l&#8217;aile, c&#8217;est un couple qui ne fonctionne plus tr\u00e8s bien, qui aurait besoin d&#8217;une petite th\u00e9rapie de couple. Bref. Donc j&#8217;\u00e9tais dans les ann\u00e9es 70 avec Michel. Michel, le p\u00e8re de Vincent, il est ruin\u00e9 et il perd presque l&#8217;entreprise. C&#8217;est l\u00e0 que Vincent Bollor\u00e9 intervient.<\/p>\n\n\n\n<p><a id=\"sonaar_ts-6927cfbbd7204\" class=\"srmp3_sonaar_ts_shortcode\"  style=\"\" href=\"javascript:sonaar_ts_shortcode({ trackid:'0', time:'00:11:47', ts_id:'6927cfbbd7204', play_icon:'' }) ;\">[00:11:47]<\/a> En 1981, il prend la direction de la bo\u00eete avec son fr\u00e8re Michel-Yves. Michel-Yves, il est ing\u00e9nieur, donc lui, il s&#8217;occupera de la partie industrielle. Vincent, lui, il va s&#8217;occuper de redresser les finances de la soci\u00e9t\u00e9. \u00c0 ce moment-l\u00e0, m\u00eame s&#8217;il est encore jeune, il a de l&#8217;exp\u00e9rience dans le domaine bancaire et financier. Il est dipl\u00f4m\u00e9 en droit des affaires et il utilise donc ses connaissances en finance pour sauver l&#8217;entreprise. Et&#8230; Eh ben, je vous le donne en mille : \u00e7a fonctionne ! En 1987, \u00e0 35 ans, Vincent Bollor\u00e9 re\u00e7oit le prix du Manager de l&#8217;ann\u00e9e par Le Nouvel Economiste et il sera surnomm\u00e9 \u00ab le Petit Prince du cashflow.\u00bb Bon, j&#8217;avoue que je ne sais pas tr\u00e8s bien expliquer ce que c&#8217;est &#8220;cashflow&#8221;, mais en gros il \u00e9tait tr\u00e8s dou\u00e9 pour faire fructifier l&#8217;argent. Je suis en train de me dire que si j&#8217;avais fait un podcast en conversation avec Hugo, peut-\u00eatre qu&#8217;il aurait bien su expliqu\u00e9 &#8220;cashflow&#8221;, je lui demanderai d\u00e8s qu&#8217;il rentre de vacances. Bon alors, comment est-ce que Vincent Bollor\u00e9 a fait pour redresser les finances de l&#8217;entreprise ? Il a mis en place deux strat\u00e9gies.<\/p>\n\n\n\n<p><a id=\"sonaar_ts-6927cfbbd720c\" class=\"srmp3_sonaar_ts_shortcode\"  style=\"\" href=\"javascript:sonaar_ts_shortcode({ trackid:'0', time:'00:13:15', ts_id:'6927cfbbd720c', play_icon:'' }) ;\">[00:13:15]<\/a> La premi\u00e8re strat\u00e9gie, c&#8217;est de miser sur la production de produits de niche. Un produit de niche, c&#8217;est un produit qui correspond \u00e0 un petit segment de march\u00e9 tr\u00e8s cibl\u00e9. En choisissant ce type de produits, l&#8217;entreprise prend un positionnement unique et elle devient essentielle \u00e0 d&#8217;autres entreprises. Par exemple, au lieu de produire des sachets de th\u00e9 ou du papier \u00e0 rouler des cigarettes, ce qui est beaucoup trop commun, les deux fr\u00e8res se mettent \u00e0 produire du papier ultrafin. En gros, c&#8217;est un papier tr\u00e8s, tr\u00e8s sp\u00e9cifique qui est utilis\u00e9 dans l&#8217;industrie. Comme \u00e7a, ils deviennent un fournisseur essentiel et exp\u00e9riment\u00e9 pour d&#8217;autres entreprises. Les autres entreprises, au lieu de vouloir racheter le groupe Bollor\u00e9, elles pr\u00e9f\u00e8rent travailler avec eux.<\/p>\n\n\n\n<p><a id=\"sonaar_ts-6927cfbbd7214\" class=\"srmp3_sonaar_ts_shortcode\"  style=\"\" href=\"javascript:sonaar_ts_shortcode({ trackid:'0', time:'00:14:15', ts_id:'6927cfbbd7214', play_icon:'' }) ;\">[00:14:15]<\/a> Et puis, il y a une deuxi\u00e8me strat\u00e9gie qui est payante pour Vincent Bollor\u00e9. Cette deuxi\u00e8me strat\u00e9gie, c&#8217;est de diversifier les activit\u00e9s du groupe et de le transformer en ce qu&#8217;on appelle un conglom\u00e9rat. Un conglom\u00e9rat, c&#8217;est un assemblage de plusieurs \u00e9l\u00e9ments qui, a priori, ne vont pas ensemble. Ce mot peut \u00eatre utilis\u00e9 pour d\u00e9signer plein de choses diff\u00e9rentes, pas seulement pour les entreprises. \u00c0 la base, c&#8217;est m\u00eame en termes de g\u00e9ologie, donc de l&#8217;\u00e9tude des pierres. \u00c7a d\u00e9signe un genre de pierres compos\u00e9es de plein de petites autres pierres qui ne vont pas ensemble. Bref, vous avez compris. Donc le groupe devient un conglom\u00e9rat puisque, au lieu de se concentrer seulement sur la production de papier, ils vont aussi se lancer dans les transports, la logistique ou la distribution d&#8217;\u00e9nergie. Et plus r\u00e9cemment, c&#8217;est notre sujet, dans les m\u00e9dias. Un des avantages de ce type d&#8217;organisation est que si un des secteurs est en crise, les autres activit\u00e9s peuvent compenser les pertes.<\/p>\n\n\n\n<p><a id=\"sonaar_ts-6927cfbbd721c\" class=\"srmp3_sonaar_ts_shortcode\"  style=\"\" href=\"javascript:sonaar_ts_shortcode({ trackid:'0', time:'00:15:32', ts_id:'6927cfbbd721c', play_icon:'' }) ;\">[00:15:32]<\/a> Aujourd&#8217;hui, le groupe Bollor\u00e9 est compos\u00e9 d&#8217;au moins 5 filiales, qui elles-m\u00eames sont d\u00e9coup\u00e9es en plusieurs filiales et ainsi de suite. Une filiale, c&#8217;est une entreprise qui est contr\u00f4l\u00e9e par une autre et l&#8217;autre, on l&#8217;appelle la soci\u00e9t\u00e9-m\u00e8re. C&#8217;est un peu comme un arbre g\u00e9n\u00e9alogique, mais d&#8217;une entreprise. Le contr\u00f4le se fait \u00e0 travers des actions et \u00e7a fait finalement un genre de millefeuille financier, dans lequel il est parfois compliqu\u00e9 de se retrouver. Un millefeuille, vous savez, c&#8217;est une p\u00e2tisserie faite avec plein de couches de p\u00e2te feuillet\u00e9e. En France, on utilise souvent ce mot comme m\u00e9taphore pour une organisation complexe. On parle parfois de millefeuille administratif ou de millefeuille territorial. Par exemple, quand Fran\u00e7ois Hollande, il me semble, a fait une r\u00e9forme des r\u00e9gions, c&#8217;\u00e9tait l&#8217;objectif, c&#8217;\u00e9tait de simplifier ce qu&#8217;on appelait le &#8220;millefeuille territorial&#8221;.<\/p>\n\n\n\n<p><a id=\"sonaar_ts-6927cfbbd7224\" class=\"srmp3_sonaar_ts_shortcode\"  style=\"\" href=\"javascript:sonaar_ts_shortcode({ trackid:'0', time:'00:16:38', ts_id:'6927cfbbd7224', play_icon:'' }) ;\">[00:16:38]<\/a> Donc, quand on regarde de pr\u00e8s ce millefeuille financier du groupe Bollor\u00e9, on voit bien que, comme je vous le disais tout \u00e0 l&#8217;heure, c&#8217;est clairement Vincent qui a le pouvoir d\u00e9cisionnaire dans tous les domaines. Et c&#8217;est important de se rendre compte de \u00e7a parce que r\u00e9cemment, le groupe Bollor\u00e9, je vous le disais, a commenc\u00e9 \u00e0 investir dans un nouveau domaine, celui des m\u00e9dias. Et peu importe que les m\u00e9dias ne rapportent pas toujours d&#8217;argent (en g\u00e9n\u00e9ral, \u00e7a en fait perdre m\u00eame), puisque les finances du groupe s&#8217;\u00e9quilibrent gr\u00e2ce \u00e0 d&#8217;autres secteurs. Donc, le choix d&#8217;investir dans les m\u00e9dias, c&#8217;est une d\u00e9marche plut\u00f4t personnelle qui a commenc\u00e9 il y a un peu moins de 20 ans. Je vous explique maintenant tout \u00e7a.<\/p>\n\n\n\n<p><a id=\"sonaar_ts-6927cfbbd722c\" class=\"srmp3_sonaar_ts_shortcode\"  style=\"\" href=\"javascript:sonaar_ts_shortcode({ trackid:'0', time:'00:17:44', ts_id:'6927cfbbd722c', play_icon:'' }) ;\">[00:17:44]<\/a> Depuis les ann\u00e9es 2000, Vincent Bollor\u00e9 a commenc\u00e9 \u00e0 investir dans un nouveau domaine : les m\u00e9dias. Il a fait son trou dans ce secteur de mani\u00e8re tr\u00e8s progressive. Au d\u00e9but d&#8217;ailleurs, il n&#8217;\u00e9tait pas vraiment pris au s\u00e9rieux et \u00e7a lui a permis d&#8217;avancer discr\u00e8tement, sans que l&#8217;opinion publique ne se m\u00e9fie. Ah oui! &#8220;Faire son trou&#8221;, \u00e7a veut dire s&#8217;installer, trouver sa place. C&#8217;est une expression qui fait r\u00e9f\u00e9rence aux animaux. Quand ils creusent leur terrier en faisant un trou dans la terre, c&#8217;est par exemple les lapins ou les taupes qui font \u00e7a. Donc je disais que, au d\u00e9but, Vincent Bollor\u00e9, il n&#8217;\u00e9tait pas pris au s\u00e9rieux quand il s&#8217;est lanc\u00e9 dans les m\u00e9dias. Il n&#8217;a pas vraiment inqui\u00e9t\u00e9. Normal, puisque sa premi\u00e8re cha\u00eene de t\u00e9l\u00e9vision, c&#8217;\u00e9tait Direct8. Et franchement, elle \u00e9tait un petit peu ridicule. C&#8217;\u00e9tait en 2005, au tout d\u00e9but de la TNT, la t\u00e9l\u00e9vision num\u00e9rique terrestre. J&#8217;imagine que vous connaissez, vous avez eu \u00e7a aussi dans vos pays. Il y a eu un moment (donc en France, c&#8217;\u00e9tait en 2005, je crois que c&#8217;\u00e9tait dans toute l&#8217;Europe d&#8217;ailleurs que c&#8217;\u00e9tait en 2005 ?) Il y a eu un un changement profond dans le paysage de la t\u00e9l\u00e9vision puisqu&#8217;on est pass\u00e9 de six cha\u00eenes (quand j&#8217;\u00e9tais petite, il y avait six cha\u00eenes) \u00e0 une vingtaine de cha\u00eenes accessibles via un canal num\u00e9rique. Donc, parmi ces nouvelles cha\u00eenes, il y avait Direct8, lanc\u00e9e personnellement par Vincent Bollor\u00e9. C&#8217;\u00e9tait une cha\u00eene sur laquelle passaient des \u00e9missions de divertissement. Les animateurs, ils avaient aucune exp\u00e9rience et il n&#8217;y avait pas beaucoup de financement. Les d\u00e9cors \u00e9taient vraiment primaires : primaires, simples, pas travaill\u00e9s, comme s&#8217;il n&#8217;y avait pas beaucoup de financement derri\u00e8re. Donc \u00e0 ce moment-l\u00e0, c&#8217;est difficile d&#8217;avoir des soup\u00e7ons envers le milliardaire, de penser qu&#8217;il a un projet politique derri\u00e8re. J&#8217;imagine qu&#8217;\u00e0 l&#8217;\u00e9poque, les gens se disaient juste que voil\u00e0, il voulait s&#8217;amuser, d\u00e9couvrir un nouveau domaine, peut-\u00eatre gagner de l&#8217;argent dans le futur avec la t\u00e9l\u00e9vision.<\/p>\n\n\n\n<p><a id=\"sonaar_ts-6927cfbbd723a\" class=\"srmp3_sonaar_ts_shortcode\"  style=\"\" href=\"javascript:sonaar_ts_shortcode({ trackid:'0', time:'00:20:15', ts_id:'6927cfbbd723a', play_icon:'' }) ;\">[00:20:15]<\/a> En parall\u00e8le, \u00e0 peu pr\u00e8s \u00e0 la m\u00eame \u00e9poque, donc autour des, dans les ann\u00e9es 2000, en fin d&#8217;ann\u00e9e 2000 m\u00eame plut\u00f4t, il lance un quotidien d&#8217;information gratuit qui a eu plusieurs noms : Matin Plus, Matin Direct, \u00e0 la fin c&#8217;\u00e9tait CNews. Mais le nom le plus connu que personnellement j&#8217;ai connu d&#8217;ailleurs, c&#8217;est Matin Direct&#8230; Euh non&#8230; C&#8217;est Direct Matin. Donc Direct matin, c&#8217;\u00e9tait quoi ? C&#8217;\u00e9tait un journal papier de quelques pages, distribu\u00e9 gratuitement dans le m\u00e9tro ou dans la rue, dans plusieurs grandes villes de France, dont Paris, donc o\u00f9 personnellement j&#8217;\u00e9tudiais \u00e0 l&#8217;\u00e9poque. Le journal n&#8217;existe plus aujourd&#8217;hui, mais de toute fa\u00e7on, c&#8217;\u00e9tait un journal qui n&#8217;\u00e9tait pas vraiment pris au s\u00e9rieux. C&#8217;\u00e9tait un journal qu&#8217;on lisait pour passer le temps sur le trajet, pour aller au travail. Moi, je le prenais tous les jours, par exemple, pour faire les mots crois\u00e9s. Voil\u00e0, tout simplement. Donc Direct Matin, c&#8217;\u00e9tait pour Bollor\u00e9 un moyen de faire de la publicit\u00e9 pour ses entreprises ou pour des entreprises avec lesquelles il partageait des int\u00e9r\u00eats. Il y a eu quelques petits scandales sur des articles, par exemple, qu&#8217;il a demand\u00e9 \u00e0 faire retirer parce qu&#8217;il n&#8217;\u00e9tait pas en accord avec ses int\u00e9r\u00eats ou avec ses valeurs. Mais comme c&#8217;\u00e9tait seulement un journal gratuit qu&#8217;on ne lisait pas s\u00e9rieusement, personne ne s&#8217;est vraiment inqui\u00e9t\u00e9, \u00e0 part peut-\u00eatre les journalistes concern\u00e9s.<\/p>\n\n\n\n<p><a id=\"sonaar_ts-6927cfbbd7243\" class=\"srmp3_sonaar_ts_shortcode\"  style=\"\" href=\"javascript:sonaar_ts_shortcode({ trackid:'0', time:'00:22:00', ts_id:'6927cfbbd7243', play_icon:'' }) ;\">[00:22:00]<\/a> Mais derri\u00e8re ces lancements a priori anodins, il y avait toute une strat\u00e9gie de positionnement. Petit \u00e0 petit, les m\u00e9dias poss\u00e9d\u00e9s par Vincent Bollor\u00e9 se sont professionnalis\u00e9s. Ils ont obtenu plus de moyens. Ils ont attir\u00e9 des chroniqueurs plus exp\u00e9riment\u00e9s. La cha\u00eene Direct8 est devenue D8 puis C8. Elle fait maintenant partie du groupe Canal+, groupe qui a \u00e9t\u00e9 rachet\u00e9 par Vincent Bollor\u00e9. Et aujourd&#8217;hui, sur 26 cha\u00eenes de la TNT, il en poss\u00e8de cinq, dont certaines sont tr\u00e8s regard\u00e9es et tr\u00e8s prises au s\u00e9rieux. En parall\u00e8le, Vincent Bollor\u00e9 fait l&#8217;acquisition d&#8217;autres moyens de communication. Alors je ne vais pas vous faire tout le d\u00e9tail des ventes achat transformation de m\u00e9dias parce qu&#8217;on y passerait la journ\u00e9e, mais sachez qu&#8217;aujourd&#8217;hui il est propri\u00e9taire de nombreuses cha\u00eenes de t\u00e9l\u00e9vision, donc on en a parl\u00e9, mais aussi de radios, de journaux et de magazines. Et ce n&#8217;est pas tout. Il est aussi propri\u00e9taire d&#8217;une des plus grosses agences de communication du pays. Il est \u00e0 la t\u00eate de plusieurs studios de production (donc ceux qui font des films, des vid\u00e9os, etc.) Et r\u00e9cemment, il a m\u00eame fait l&#8217;acquisition de maisons d&#8217;\u00e9dition. Il a m\u00eame beaucoup, beaucoup de maisons d&#8217;\u00e9dition. Les maisons d&#8217;\u00e9dition, ce sont les entreprises qui s\u00e9lectionnent et publient des livres, puis qui s&#8217;occupent de leur publicit\u00e9. Si vous avez achet\u00e9 un livre en fran\u00e7ais il y a pas longtemps, il y a de grandes chances que Vincent Bollor\u00e9 poss\u00e8de la maison d&#8217;\u00e9dition qui l&#8217;a publi\u00e9, en particulier si c&#8217;est un livre d&#8217;\u00e9ducation, par exemple pour apprendre la langue fran\u00e7aise.<\/p>\n\n\n\n<p><a id=\"sonaar_ts-6927cfbbd724b\" class=\"srmp3_sonaar_ts_shortcode\"  style=\"\" href=\"javascript:sonaar_ts_shortcode({ trackid:'0', time:'00:24:02', ts_id:'6927cfbbd724b', play_icon:'' }) ;\">[00:24:02]<\/a> Bien s\u00fbr, pour devenir aussi puissant dans le monde des m\u00e9dias, Vincent Bollor\u00e9, il l&#8217;a jou\u00e9 malin. Il a pris progressivement des parts dans certaines soci\u00e9t\u00e9s, il a rachet\u00e9 des entreprises quand elles \u00e9taient au bord de la faillite. Et d&#8217;ailleurs, aujourd&#8217;hui, ce n&#8217;est pas \u00e9vident de trouver une liste des m\u00e9dias contr\u00f4l\u00e9s par Vincent Bollor\u00e9. Justement, \u00e0 cause de ce millefeuille financier. On ne peut pas voir directement &#8220;ah tel m\u00e9dia, c&#8217;est Bollor\u00e9 qui le contr\u00f4le&#8221;. Non, il faut remonter : &#8220;tel media, c&#8217;est cette soci\u00e9t\u00e9 qui est actionnaire principal. Cette soci\u00e9t\u00e9 appartient au groupe Bollor\u00e9, etc, etc.&#8221; Souvent pour comprendre qui est aux commandes, il faut \u00e9tudier de tr\u00e8s pr\u00e8s l&#8217;organigramme d&#8217;une entreprise. Et je vais vous donner un exemple tr\u00e8s pr\u00e9cis. Donc, au sein du groupe Bollor\u00e9, il y a une filiale qui s&#8217;appelle Vivendi. Vivendi, c&#8217;est la filiale qui poss\u00e8de tous les m\u00e9dias. C&#8217;est la filiale m\u00e9dia du groupe Bollor\u00e9.<\/p>\n\n\n\n<p><a id=\"sonaar_ts-6927cfbbd7252\" class=\"srmp3_sonaar_ts_shortcode\"  style=\"\" href=\"javascript:sonaar_ts_shortcode({ trackid:'0', time:'00:25:17', ts_id:'6927cfbbd7252', play_icon:'' }) ;\">[00:25:17]<\/a> Donc il y a une entreprise qui s&#8217;appelle Lagard\u00e8re. Lagard\u00e8re, c&#8217;est un conglom\u00e9rat. On a d\u00e9j\u00e0 appris ce mot, donc c&#8217;est un conglom\u00e9rat dirig\u00e9 par un milliardaire qui s&#8217;appelle Arnaud Lagard\u00e8re. Cette entreprise poss\u00e8de plusieurs filiales, dont une dans la presse et une dans l&#8217;\u00e9dition. Il y a la filiale Lagard\u00e8re News, qui comprend trois radios et deux journaux. Et il y a la filiale Lagard\u00e8re Publishing, qui comprend plein plein de maisons d&#8217;\u00e9dition. Bref, c&#8217;est une entreprise qui est importante dans le monde de l&#8217;information. A priori, on peut penser que Arnaud Lagard\u00e8re a le pouvoir dans ce conglom\u00e9rat. C&#8217;est lui qui dirige l&#8217;entreprise. L&#8217;entreprise porte son nom, ce serait assez logique. Mais si on y regarde de plus pr\u00e8s, c&#8217;est en fait Vivendi qui poss\u00e8de la majorit\u00e9 des actions de Lagard\u00e8re. Et ce qui s&#8217;est pass\u00e9, c&#8217;est qu&#8217;il n&#8217;y a pas longtemps, le groupe Lagard\u00e8re \u00e9tait en crise \u00e9conomique. Et donc Vincent Bollor\u00e9 a rachet\u00e9 des parts. Et depuis, petit \u00e0 petit, Vincent Bollor\u00e9, avec des amis qui sont aussi actionnaires ou qui ont des int\u00e9r\u00eats dans ce groupe, fait en sorte d&#8217;avoir de plus en plus de pouvoir et d&#8217;\u00e9vincer, de mettre de c\u00f4t\u00e9, Arnaud Lagard\u00e8re. Il y a une rumeur qui dit que, en fait, Vincent Bollor\u00e9 est en train de prendre petit \u00e0 petit le contr\u00f4le total de Lagard\u00e8re.<\/p>\n\n\n\n<p><a id=\"sonaar_ts-6927cfbbd725a\" class=\"srmp3_sonaar_ts_shortcode\"  style=\"\" href=\"javascript:sonaar_ts_shortcode({ trackid:'0', time:'00:27:02', ts_id:'6927cfbbd725a', play_icon:'' }) ;\">[00:27:02]<\/a> Donc voil\u00e0, il faut parfois regarder un petit peu en d\u00e9tail les organigrammes pour comprendre que Vincent Bollor\u00e9 est aux commandes, contr\u00f4le des tas de m\u00e9dias, des maisons d&#8217;\u00e9dition etc etc. Alors pourquoi est-ce qu&#8217;il fait \u00e7a ? Donc j&#8217;ai d\u00e9j\u00e0 commenc\u00e9 en introduction, je vous ai dit le plus important pour que vous sachiez o\u00f9 on va. Mais donc Vincent Bollor\u00e9, il a des id\u00e9es bien arr\u00eat\u00e9es sur ce \u00e0 quoi devrait ressembler la France. Et pour partager ses id\u00e9es, il utilise ses m\u00e9dias. Donc dans une troisi\u00e8me partie, je vais vous pr\u00e9senter quelles sont les id\u00e9es de Bollor\u00e9 et comment il fait pour les diffuser dans ses m\u00e9dias.<\/p>\n\n\n\n<p><a id=\"sonaar_ts-6927cfbbd7263\" class=\"srmp3_sonaar_ts_shortcode\"  style=\"\" href=\"javascript:sonaar_ts_shortcode({ trackid:'0', time:'00:28:06', ts_id:'6927cfbbd7263', play_icon:'' }) ;\">[00:28:06]<\/a> On dit souvent que les m\u00e9dias repr\u00e9sentent un quatri\u00e8me pouvoir. Il y a le pouvoir ex\u00e9cutif (en France, c&#8217;est le pr\u00e9sident de la R\u00e9publique qui le d\u00e9tient, qui le poss\u00e8de). Il y a ensuite le pouvoir l\u00e9gislatif (en France, il appartient par exemple aux d\u00e9put\u00e9s). Et puis il y a le troisi\u00e8me pouvoir, qui est le pouvoir judiciaire, celui des juges qui rendent la justice. Enfin, on dit souvent qu&#8217;\u00e0 ces trois pouvoirs officiels s&#8217;ajoute le pouvoir de la presse, le pouvoir des m\u00e9dias, de l&#8217;information. Eh oui, parce que la presse repr\u00e9sente en th\u00e9orie les citoyens, et les journalistes exercent au nom des citoyens une forme de contr\u00f4le des trois autres pouvoirs. Cependant, pour que ce quatri\u00e8me pouvoir fonctionne, il faut que deux conditions soient r\u00e9unies. La premi\u00e8re condition, c&#8217;est qu&#8217;il existe une pluralit\u00e9 des m\u00e9dias. \u00c7a veut dire que plus il y a de journaux, de radios, de cha\u00eenes de t\u00e9l\u00e9, etc, etc, plus la presse a du pouvoir. Pourquoi ? Parce que \u00e7a permet de multiplier les points de vue et d&#8217;\u00e9viter qu&#8217;on parle toujours des m\u00eames sujets. La deuxi\u00e8me condition pour que la presse soit un quatri\u00e8me pouvoir, c&#8217;est son ind\u00e9pendance, en particulier son ind\u00e9pendance vis-\u00e0-vis des puissances financi\u00e8res. Eh oui, le plus grand ennemi du journalisme, c&#8217;est le patron de presse qui met son nez dans les copies des journalistes.<\/p>\n\n\n\n<p><a id=\"sonaar_ts-6927cfbbd726a\" class=\"srmp3_sonaar_ts_shortcode\"  style=\"\" href=\"javascript:sonaar_ts_shortcode({ trackid:'0', time:'00:29:54', ts_id:'6927cfbbd726a', play_icon:'' }) ;\">[00:29:54]<\/a> Alors certains journaux ont des financements divers et ne d\u00e9pendent pas d&#8217;une seule personne ou d&#8217;une seule famille. Mais d&#8217;autres, en revanche, sont tr\u00e8s d\u00e9pendants. Par exemple, le journal Les \u00c9chos appartient \u00e0 la famille Arnault, qui poss\u00e8de aussi Dior ou Louis Vuitton. Le Figaro appartient \u00e0 la famille Dassault, un fabricant d&#8217;armes. Ou encore, la cha\u00eene de t\u00e9l\u00e9vision BFMTV appartient \u00e0 Patrick Drahi, patron de l&#8217;op\u00e9rateur t\u00e9l\u00e9phonique SFR. Bref, c&#8217;est probl\u00e9matique parce que ces milliardaires ont a priori le pouvoir de d\u00e9cider de certains d\u00e9tails qui vont \u00eatre publi\u00e9s. Ils peuvent interdire ou faire pression pour que certaines choses ne soient pas publi\u00e9es, ne soient pas diffus\u00e9es. Ils peuvent aussi choisir de mettre en avant certains de leurs amis. Et c&#8217;est exactement ce qu&#8217;il se passe dans le cas des m\u00e9dias contr\u00f4l\u00e9s par Vincent Bollor\u00e9. Au d\u00e9but, il a pu intervenir de fa\u00e7on discr\u00e8te, comme je vous le disais tout \u00e0 l&#8217;heure. Mais petit \u00e0 petit, en m\u00eame temps que ses m\u00e9dias grandissaient, sa ligne politique s&#8217;est fait de plus en plus sentir.<\/p>\n\n\n\n<p><a id=\"sonaar_ts-6927cfbbd7277\" class=\"srmp3_sonaar_ts_shortcode\"  style=\"\" href=\"javascript:sonaar_ts_shortcode({ trackid:'0', time:'00:31:18', ts_id:'6927cfbbd7277', play_icon:'' }) ;\">[00:31:18]<\/a> C&#8217;est donc un catholique conservateur. Il affirme en effet croire \u00e0 tout ce qui est \u00e9crit dans la Bible. Il d\u00e9clare avoir une foi enfantine. La foi, c&#8217;est le fait de croire. Donc lui, il dirait qu&#8217;il croit de fa\u00e7on quasi litt\u00e9rale, comme un enfant peut croire. Il est d&#8217;ailleurs tr\u00e8s attach\u00e9 \u00e0 des symboles comme les reliques, les chapelets, les f\u00eates religieuses. Il para\u00eetrait qu&#8217;il a toujours des images de Saints dans son portefeuille et qu&#8217;il a toujours aussi un m\u00e9daillon religieux autour du cou.<\/p>\n\n\n\n<p><a id=\"sonaar_ts-6927cfbbd727f\" class=\"srmp3_sonaar_ts_shortcode\"  style=\"\" href=\"javascript:sonaar_ts_shortcode({ trackid:'0', time:'00:31:59', ts_id:'6927cfbbd727f', play_icon:'' }) ;\">[00:31:59]<\/a> En plus, il d\u00e9pense sa fortune pour des institutions religieuses. Alors \u00e7a, il est plut\u00f4t discret sur la question. Mais on sait par exemple qu&#8217;il a financ\u00e9 la r\u00e9novation d&#8217;un ancien couvent du 16\u1d49 arrondissement, le Foyer Jean-Bosco. Un foyer, c&#8217;est un endroit ou il y a des chambres et des espaces communs, en l&#8217;occurrence le foyer Jean-Bosco c&#8217;est un lieu de vie pour des \u00e9tudiants, o\u00f9 il y a aussi une chapelle pour prier, des activit\u00e9s religieuses, etc, etc. Dans ce foyer situ\u00e9 pr\u00e8s du Parc des Princes (vous savez, c&#8217;est le stade du PSG), Vincent Bollor\u00e9 a fait installer l&#8217;abb\u00e9 Grimaud, un pr\u00eatre traditionaliste aupr\u00e8s de qui il se confesse deux fois par semaine. Se confesser dans la religion catholique, c&#8217;est avouer ses p\u00e9ch\u00e9s \u00e0 un pr\u00eatre dans le but qu&#8217;il vous accorde le pardon de Dieu. Donc \u00e7a, c&#8217;est une activit\u00e9, c&#8217;est une pratique religieuse que pratique r\u00e9guli\u00e8rement Vincent Bollor\u00e9. Un autre indice de son attachement \u00e0 la religion, c&#8217;est le fait qu&#8217;il ait rachet\u00e9 en 2018 l&#8217;hebdomadaire &#8220;France catholique&#8221;. C&#8217;est une r\u00e9f\u00e9rence pour les catholiques fran\u00e7ais, mais ce n&#8217;est pas un journal qui appartient \u00e0 un grand groupe, il n&#8217;est pas beaucoup diffus\u00e9. Donc la seule explication \u00e0 ce rachat, c&#8217;est que c&#8217;est un attachement personnel \u00e0 ce journal.<\/p>\n\n\n\n<p><a id=\"sonaar_ts-6927cfbbd7287\" class=\"srmp3_sonaar_ts_shortcode\"  style=\"\" href=\"javascript:sonaar_ts_shortcode({ trackid:'0', time:'00:33:40', ts_id:'6927cfbbd7287', play_icon:'' }) ;\">[00:33:40]<\/a> Comme sa foi, la vision de la soci\u00e9t\u00e9 de Vincent Bollor\u00e9 est traditionaliste. D&#8217;apr\u00e8s les r\u00e9v\u00e9lations de plusieurs m\u00e9dias, il serait, je cite, \u00ab sinc\u00e8rement inquiet pour la France.\u00bb Il se serait donn\u00e9 comme objectif de freiner la d\u00e9christianisation du pays et pour lui, une certaine vision de l&#8217;homme aujourd&#8217;hui est menac\u00e9e. Rien que \u00e7a. Mais alors, pourquoi \u00e7a nous int\u00e9resse de savoir quelles sont les opinions politiques et religieuses de Vincent Bollor\u00e9 ? Eh bien parce que ses opinions sont diffus\u00e9es \u00e0 travers ses m\u00e9dias. Alors je vous donne quelques exemples et apr\u00e8s on va s&#8217;arr\u00eater.<\/p>\n\n\n\n<p>Alors d\u00e9j\u00e0 il y a eu l&#8217;histoire du 15 ao\u00fbt l&#8217;ann\u00e9e derni\u00e8re, donc en 2021, \u00e0 l&#8217;occasion de la f\u00eate de l&#8217;Ascension qui a lieu donc tous les ans le 15 ao\u00fbt. C&#8217;est un jour f\u00e9ri\u00e9 en France d&#8217;ailleurs. Donc, \u00e0 cette occasion, la cha\u00eene C8 a consacr\u00e9 la journ\u00e9e enti\u00e8re \u00e0 diffuser des programmes religieux, que ce soit la messe ou des s\u00e9ries qui parlent de la vie du Pape, des choses comme \u00e7a. Ensuite, le lendemain, la m\u00eame cha\u00eene donc, a diffus\u00e9 un film am\u00e9ricain anti-avortement. Un film intitul\u00e9 &#8220;Unplanned&#8221;, produit par un studio chr\u00e9tien \u00e9vang\u00e9lique. La diffusion de ce film juste apr\u00e8s une journ\u00e9e enti\u00e8re consacr\u00e9e \u00e0 une f\u00eate chr\u00e9tienne, \u00e7a a choqu\u00e9. D&#8217;autant plus que le film pr\u00e9sente de fa\u00e7on mensong\u00e8re ce qui se passe pendant un avortement. \u00c7a a \u00e9t\u00e9 consid\u00e9r\u00e9 comme culpabilisant et compl\u00e8tement antif\u00e9ministe. Bon, c&#8217;est vrai que, \u00e0 part quelques incidents, on ne peut pas dire non plus que les cha\u00eenes de Vincent Bollor\u00e9 soient des purs programmes religieux. De toute fa\u00e7on, si c&#8217;\u00e9tait le cas, ce ne serait plus des cha\u00eenes g\u00e9n\u00e9ralistes. En fait, c&#8217;est plut\u00f4t au niveau des \u00e9missions politiques et des \u00e9missions de d\u00e9bats sur la soci\u00e9t\u00e9 que le point de vue de Vincent Bollor\u00e9 transpara\u00eet. Et ce, surtout \u00e0 travers le choix des chroniqueurs, le choix des journalistes et le choix des th\u00e8mes. Alors l\u00e0 encore, je vais vous donner quelques exemples. On va parler tr\u00e8s exactement de trois cha\u00eenes poss\u00e9d\u00e9es par Vincent Bollor\u00e9.<\/p>\n\n\n\n<p><a id=\"sonaar_ts-6927cfbbd7293\" class=\"srmp3_sonaar_ts_shortcode\"  style=\"\" href=\"javascript:sonaar_ts_shortcode({ trackid:'0', time:'00:36:19', ts_id:'6927cfbbd7293', play_icon:'' }) ;\">[00:36:19]<\/a> La premi\u00e8re, c&#8217;est Canal+. Canal+ avant, c&#8217;\u00e9tait une cha\u00eene sur laquelle il y avait beaucoup d&#8217;\u00e9missions parodiques, dans lesquelles on se moquait des chefs d&#8217;entreprise, des artistes, des hommes et femmes politiques. Il y avait ce qu&#8217;on appelait un &#8220;esprit canal&#8221;, c&#8217;est-\u00e0-dire un esprit bon enfant dans lequel on pouvait parler de politique avec humour. Par exemple, moi, j&#8217;ai grandi avec une \u00e9mission qui s&#8217;appelait &#8220;Les Guignols de l&#8217;info&#8221;, c&#8217;\u00e9tait une parodie du journal de 20h de TF1 et \u00e7a permettait, \u00e0 travers des marionnettes, d&#8217;imiter la soci\u00e9t\u00e9 fran\u00e7aise pour la critiquer. Bon, eh bien, quand Bollor\u00e9 a rachet\u00e9 Canal+, il y a beaucoup d&#8217;\u00e9missions de ce genre qui se sont arr\u00eat\u00e9es petit \u00e0 petit, il y a des chroniqueurs qui sont partis, et finalement Canal+ a perdu l&#8217;esprit Canal.<\/p>\n\n\n\n<p><a id=\"sonaar_ts-6927cfbbd729f\" class=\"srmp3_sonaar_ts_shortcode\"  style=\"\" href=\"javascript:sonaar_ts_shortcode({ trackid:'0', time:'00:37:21', ts_id:'6927cfbbd729f', play_icon:'' }) ;\">[00:37:21]<\/a> Ensuite, il y a deux autres cha\u00eenes que Vincent Bollor\u00e9 a d\u00e9velopp\u00e9es, deux autres cha\u00eenes qui sont aussi&#8230; qui font aussi partie, du groupe Canal+. Alors d&#8217;abord, il y a CNews. CNews, c&#8217;est une cha\u00eene d&#8217;information en continu et elle a comme particularit\u00e9 d&#8217;avoir \u00e9t\u00e9 la cha\u00eene qui a, on peut dire, propuls\u00e9 \u00c9ric Zemmour en politique. Les journalistes et chroniqueurs de CNews ne cachent pas le fait qu&#8217;ils partagent aussi l&#8217;id\u00e9e que la France doit r\u00e9affirmer ses racines chr\u00e9tiennes. Les sujets abord\u00e9s sont souvent des sujets comme l&#8217;islamisme, le voile, l&#8217;ins\u00e9curit\u00e9, la fraude aux allocations, etc. Vous voyez le genre de sujets. Sur cette cha\u00eene, les chroniqueurs et journalistes n&#8217;h\u00e9sitent pas \u00e0 utiliser des termes comme &#8220;islamo-gauchisme&#8221; ou &#8220;wokisme&#8221;. Le wokisme, Hugo vous en a parl\u00e9 dans l&#8217;\u00e9pisode 106. C&#8217;\u00e9tait&#8230; Donc il vous expliquait quel est ce concept qui n&#8217;a pas vraiment de d\u00e9finition. Bref, donc, il y a plein de chroniqueurs qui ont ces id\u00e9es-l\u00e0.<\/p>\n\n\n\n<p>Et il y a eu un tournant particulier en octobre 2019. En octobre 2019, Vincent Bollor\u00e9 a rencontr\u00e9 \u00c9ric Zemmour et il lui a demand\u00e9 personnellement de rejoindre sa cha\u00eene. \u00c0 partir de ce moment-l\u00e0, \u00c9ric Zemmour a eu une \u00e9mission t\u00e9l\u00e9 pour lui, dans laquelle il pouvait d\u00e9battre tous les jours de tous les sujets qu&#8217;il voulait, avec d&#8217;autres chroniqueurs qui \u00e9taient \u00e9galement pr\u00e9sents. Avant \u00e7a, \u00c9ric Zemmour, je pense qu&#8217;on vous en a parl\u00e9 dans l&#8217;\u00e9pisode 108, il \u00e9tait d\u00e9j\u00e0 pol\u00e9miste. Pol\u00e9miste, c&#8217;est-\u00e0-dire que son travail, c&#8217;\u00e9tait de donner son opinion dans les journaux, dans ses livres ou dans les \u00e9missions de t\u00e9l\u00e9. Mais avec Vincent Bollor\u00e9, il a eu vraiment une une publicit\u00e9 pour ses id\u00e9es quotidienne. Et avec l&#8217;arriv\u00e9e, son arriv\u00e9e, sur le plateau de l&#8217;\u00e9mission &#8220;Face \u00e0 l&#8217;info&#8221;, avec une autre chroniqueuse qui s&#8217;appelle Christine Kelly, CNews, a commenc\u00e9 \u00e0 avoir de plus en plus de t\u00e9l\u00e9spectateurs et \u00e0 \u00eatre l&#8217;\u00e9mission la plus regard\u00e9e de l&#8217;horaire 19h-20h.<\/p>\n\n\n\n<p><a id=\"sonaar_ts-6927cfbbd72a7\" class=\"srmp3_sonaar_ts_shortcode\"  style=\"\" href=\"javascript:sonaar_ts_shortcode({ trackid:'0', time:'00:40:05', ts_id:'6927cfbbd72a7', play_icon:'' }) ;\">[00:40:05]<\/a> Et \u00c9ric Zemmour a eu tellement de poids en politique gr\u00e2ce \u00e0 cette \u00e9mission que le CSA, le Conseil sup\u00e9rieur de l&#8217;audiovisuel, qui est en gros la police de la t\u00e9l\u00e9 et la radio, a d\u00e9cid\u00e9, avant qu&#8217;\u00c9ric Zemmour ne soit candidat officiellement \u00e0 l&#8217;\u00e9lection pr\u00e9sidentielle, de comptabiliser ses apparitions dans cette \u00e9mission comme du temps de parole politique. Parce que oui, en France, il y a des r\u00e8gles qui font que, \u00e0 la t\u00e9l\u00e9 et \u00e0 la radio, il y a des obligations de partager correctement, de fa\u00e7on \u00e9quilibr\u00e9e, le temps de parole entre les diff\u00e9rents partis politiques. Donc voil\u00e0, \u00e0 travers \u00c9ric Zemmour sur CNews, Vincent Bollor\u00e9 a pu diffuser ses id\u00e9es, ses id\u00e9es d&#8217;une France qui serait mieux si elle \u00e9tait chr\u00e9tienne, ses id\u00e9es selon lesquelles l&#8217;islamisme (et m\u00eame l&#8217;Islam en fait) serait le plus grand danger pour la civilisation fran\u00e7aise, etc, etc. Alors, on ne peut pas affirmer \u00e0 100 % que \u00c9ric Zemmour \u00e9tait le candidat pr\u00e9f\u00e9r\u00e9 de Vincent Bollor\u00e9, mais en tout cas, c&#8217;\u00e9tait un bon moyen pour lui de faire peser ses id\u00e9es dans le d\u00e9bat politique, de faire en sorte que les d\u00e9bats politiques soient orient\u00e9s sur ces sujets qui lui tiennent \u00e0 c\u0153ur.<\/p>\n\n\n\n<p><a id=\"sonaar_ts-6927cfbbd72ae\" class=\"srmp3_sonaar_ts_shortcode\"  style=\"\" href=\"javascript:sonaar_ts_shortcode({ trackid:'0', time:'00:41:56', ts_id:'6927cfbbd72ae', play_icon:'' }) ;\">[00:41:56]<\/a> Et enfin, je vous ai dit que j&#8217;allais vous citer trois cha\u00eenes, donc du groupe Canal+. La derni\u00e8re, c&#8217;est la cha\u00eene C8, la cha\u00eene C8, c&#8217;est une cha\u00eene plut\u00f4t de divertissement qui est anciennement Direct8, mais qui fait intervenir sur le ton du divertissement, des sujets politiques et des hommes et femmes politiques. Et c&#8217;est surtout \u00e0 travers l&#8217;\u00e9mission &#8220;Touche pas \u00e0 mon poste&#8221; et d&#8217;autres \u00e9missions anim\u00e9es par le chroniqueur qui s&#8217;appelle Cyril Hanouna, que C8 a pu aussi peser dans le d\u00e9bat politique. Il y a eu des chiffres, il y a eu des calculs et les partis politiques, les id\u00e9es politiques, qui sont les plus repr\u00e9sent\u00e9es dans les \u00e9missions de Cyril Hanouna, ce sont les personnes qui sont d&#8217;extr\u00eame droite. Donc pour le coup, c&#8217;\u00e9tait pas directement \u00c9ric Zemmour qui intervenait, mais c&#8217;\u00e9taient ses amis, des gens qui pensent comme lui. Et dans les \u00e9missions de Cyril Hanouna, souvent il y a des d\u00e9bats qui sont sur le ton de la rigolade, mais qui permettent de diffuser des id\u00e9es d&#8217;extr\u00eame-droite aussi.<\/p>\n\n\n\n<p><a id=\"sonaar_ts-6927cfbbd72b5\" class=\"srmp3_sonaar_ts_shortcode\"  style=\"\" href=\"javascript:sonaar_ts_shortcode({ trackid:'0', time:'00:43:21', ts_id:'6927cfbbd72b5', play_icon:'' }) ;\">[00:43:21]<\/a> Voil\u00e0, vous en savez plus sur Vincent Bollor\u00e9, sur qui il est, et sur le pouvoir politique qu&#8217;il a pu exercer \u00e0 travers des m\u00e9dias et \u00e0 travers finalement sa fortune. Sa fortune lui a servi pour acheter des m\u00e9dias. Les m\u00e9dias lui servent pour diffuser ses id\u00e9es. Et voil\u00e0 comment la boucle est boucl\u00e9e.<\/p>\n\n\n\n<p><a id=\"sonaar_ts-6927cfbbd72c0\" class=\"srmp3_sonaar_ts_shortcode\"  style=\"\" href=\"javascript:sonaar_ts_shortcode({ trackid:'0', time:'00:43:48', ts_id:'6927cfbbd72c0', play_icon:'' }) ;\">[00:43:48]<\/a> J&#8217;esp\u00e8re que ces explications vous ont plu, que c&#8217;est clair, que \u00e7a vous permet de r\u00e9fl\u00e9chir. N&#8217;h\u00e9sitez pas \u00e0 partager votre opinion sur ce podcast et sur le sujet, plus globalement, de l&#8217;ind\u00e9pendance des m\u00e9dias dans les commentaires, je suis toujours contente de vous lire et si vous \u00eates arriv\u00e9s jusqu&#8217;au bout du podcast, je vous propose de m&#8217;\u00e9crire dans les commentaires le mot \u00ab lapin \u00bb ou l&#8217;expression \u00ab faire son trou.\u00bb Je vous retrouve une prochaine fois avec Hugo. En attendant, je vous souhaite une bonne journ\u00e9e ! Au revoir !<\/p>\n","protected":false},"excerpt":{"rendered":"<p>Bonjour \u00e0 toutes et \u00e0 tous. C&#8217;est moi, Ingrid. J&#8217;esp\u00e8re que vous allez bien. Personnellement, je suis tr\u00e8s contente parce qu&#8217;en France, en ce moment, il fait super beau, il y a du soleil, il fait chaud et \u00e7a me met de bonne humeur. Pour ceux qui \u00e9couteront ce podcast un peu plus tard, sachez&#8230;<\/p>\n","protected":false},"author":17608,"featured_media":19385,"comment_status":"open","ping_status":"open","sticky":false,"template":"","format":[190],"meta":{"_acf_changed":false,"_kad_blocks_custom_css":"","_kad_blocks_head_custom_js":"","_kad_blocks_body_custom_js":"","_kad_blocks_footer_custom_js":"","_kad_post_transparent":"","_kad_post_title":"","_kad_post_layout":"","_kad_post_sidebar_id":"","_kad_post_content_style":"","_kad_post_vertical_padding":"","_kad_post_feature":"","_kad_post_feature_position":"","_kad_post_header":false,"_kad_post_footer":false,"_kad_post_classname":"","footnotes":""},"categories":[168],"tags":[175,176,172],"class_list":["post-19349","post","type-post","status-publish","format-standard","has-post-thumbnail","hentry","category-podcast","tag-france","tag-politique","tag-societe","format-solo-ingrid"],"acf":[],"taxonomy_info":{"category":[{"value":168,"label":"Podcast"}],"post_tag":[{"value":175,"label":"France"},{"value":176,"label":"Politique"},{"value":172,"label":"Soci\u00e9t\u00e9"}],"format":[{"value":190,"label":"Solo Ingrid"}]},"featured_image_src_large":["https:\/\/innerfrench.com\/wp-content\/uploads\/2022\/05\/\u00a9-Copyleft-Vincent-Bollore-a-la-Global-Conference-750x406.jpeg",750,406,true],"author_info":{"display_name":"Ingrid","author_link":"https:\/\/innerfrench.com\/author\/ingrid_temp\/"},"comment_info":126,"category_info":[{"term_id":168,"name":"Podcast","slug":"podcast","term_group":0,"term_taxonomy_id":168,"taxonomy":"category","description":"","parent":0,"count":185,"filter":"raw","cat_ID":168,"category_count":185,"category_description":"","cat_name":"Podcast","category_nicename":"podcast","category_parent":0}],"tag_info":[{"term_id":175,"name":"France","slug":"france","term_group":0,"term_taxonomy_id":175,"taxonomy":"post_tag","description":"","parent":0,"count":100,"filter":"raw"},{"term_id":176,"name":"Politique","slug":"politique","term_group":0,"term_taxonomy_id":176,"taxonomy":"post_tag","description":"","parent":0,"count":20,"filter":"raw"},{"term_id":172,"name":"Soci\u00e9t\u00e9","slug":"societe","term_group":0,"term_taxonomy_id":172,"taxonomy":"post_tag","description":"","parent":0,"count":94,"filter":"raw"}],"_links":{"self":[{"href":"https:\/\/innerfrench.com\/wp-json\/wp\/v2\/posts\/19349","targetHints":{"allow":["GET"]}}],"collection":[{"href":"https:\/\/innerfrench.com\/wp-json\/wp\/v2\/posts"}],"about":[{"href":"https:\/\/innerfrench.com\/wp-json\/wp\/v2\/types\/post"}],"author":[{"embeddable":true,"href":"https:\/\/innerfrench.com\/wp-json\/wp\/v2\/users\/17608"}],"replies":[{"embeddable":true,"href":"https:\/\/innerfrench.com\/wp-json\/wp\/v2\/comments?post=19349"}],"version-history":[{"count":3,"href":"https:\/\/innerfrench.com\/wp-json\/wp\/v2\/posts\/19349\/revisions"}],"predecessor-version":[{"id":294441,"href":"https:\/\/innerfrench.com\/wp-json\/wp\/v2\/posts\/19349\/revisions\/294441"}],"wp:featuredmedia":[{"embeddable":true,"href":"https:\/\/innerfrench.com\/wp-json\/wp\/v2\/media\/19385"}],"wp:attachment":[{"href":"https:\/\/innerfrench.com\/wp-json\/wp\/v2\/media?parent=19349"}],"wp:term":[{"taxonomy":"category","embeddable":true,"href":"https:\/\/innerfrench.com\/wp-json\/wp\/v2\/categories?post=19349"},{"taxonomy":"post_tag","embeddable":true,"href":"https:\/\/innerfrench.com\/wp-json\/wp\/v2\/tags?post=19349"},{"taxonomy":"format","embeddable":true,"href":"https:\/\/innerfrench.com\/wp-json\/wp\/v2\/format?post=19349"}],"curies":[{"name":"wp","href":"https:\/\/api.w.org\/{rel}","templated":true}]}}