{"id":201852,"date":"2023-04-03T16:55:03","date_gmt":"2023-04-03T14:55:03","guid":{"rendered":"https:\/\/innerfrench.com\/?p=201852"},"modified":"2025-09-26T12:05:59","modified_gmt":"2025-09-26T10:05:59","slug":"129-les-habitudes-bizarres-des-francais","status":"publish","type":"post","link":"https:\/\/innerfrench.com\/129-les-habitudes-bizarres-des-francais\/","title":{"rendered":"#129 Les habitudes bizarres des Fran\u00e7ais"},"content":{"rendered":"\n<p><a id=\"sonaar_ts-6927d3e0147c9\" class=\"srmp3_sonaar_ts_shortcode\"  style=\"\" href=\"javascript:sonaar_ts_shortcode({ trackid:'0', time:'00:00:13', ts_id:'6927d3e0147c9', play_icon:'' }) ;\">[00:00:13]<\/a> &#8211; Hugo<br>Salut \u00e0 toutes et \u00e0 tous et salut Ingrid.<\/p>\n\n\n\n<p><a id=\"sonaar_ts-6927d3e0147d9\" class=\"srmp3_sonaar_ts_shortcode\"  style=\"\" href=\"javascript:sonaar_ts_shortcode({ trackid:'0', time:'00:00:16', ts_id:'6927d3e0147d9', play_icon:'' }) ;\">[00:00:16]<\/a> &#8211; Ingrid<br>Salut Hugo, comment tu vas ?<\/p>\n\n\n\n<p><a id=\"sonaar_ts-6927d3e0147e1\" class=\"srmp3_sonaar_ts_shortcode\"  style=\"\" href=\"javascript:sonaar_ts_shortcode({ trackid:'0', time:'00:00:18', ts_id:'6927d3e0147e1', play_icon:'' }) ;\">[00:00:18]<\/a> &#8211; Hugo<br>\u00c7a va et toi ?<\/p>\n\n\n\n<p><a id=\"sonaar_ts-6927d3e0147e7\" class=\"srmp3_sonaar_ts_shortcode\"  style=\"\" href=\"javascript:sonaar_ts_shortcode({ trackid:'0', time:'00:00:19', ts_id:'6927d3e0147e7', play_icon:'' }) ;\">[00:00:19]<\/a> &#8211; Ingrid<br>\u00c7a va, tranquille.<\/p>\n\n\n\n<p><a id=\"sonaar_ts-6927d3e0147ec\" class=\"srmp3_sonaar_ts_shortcode\"  style=\"\" href=\"javascript:sonaar_ts_shortcode({ trackid:'0', time:'00:00:21', ts_id:'6927d3e0147ec', play_icon:'' }) ;\">[00:00:21]<\/a> &#8211; Hugo<br>Tu as v\u00e9cu des aventures hier ? On en parlait avant le d\u00e9but de l&#8217;\u00e9pisode et je pense que \u00e7a peut faire une bonne introduction pour notre sujet du jour.<\/p>\n\n\n\n<p><a id=\"sonaar_ts-6927d3e0147f1\" class=\"srmp3_sonaar_ts_shortcode\"  style=\"\" href=\"javascript:sonaar_ts_shortcode({ trackid:'0', time:'00:00:31', ts_id:'6927d3e0147f1', play_icon:'' }) ;\">[00:00:31]<\/a> &#8211; Ingrid<br>Ouais, c&#8217;est vrai. Euh alors, hier, c&#8217;\u00e9tait la manifestation, une des manifestations contre la r\u00e9forme des retraites et plus exactement, c&#8217;\u00e9tait une manifestation contre l&#8217;utilisation du 49.3 par le gouvernement. Le 49.3, je pense que beaucoup d&#8217;entre vous en ont entendu parler, mais c&#8217;est un article de loi qui permet au gouvernement de faire passer une loi sans que le Parlement ne vote. Donc c&#8217;est ce qui s&#8217;est pass\u00e9, l\u00e0, la semaine derni\u00e8re. La loi sur la r\u00e9forme des retraites a \u00e9t\u00e9, entre guillemets, \u00ab approuv\u00e9e \u00bb parce qu&#8217;en r\u00e9alit\u00e9, c&#8217;est comme si elle \u00e9tait approuv\u00e9e sans que le Parlement n&#8217;ait vot\u00e9. Donc c&#8217;est consid\u00e9r\u00e9 par beaucoup, dont moi, comme quelque chose qui, m\u00eame si c&#8217;est l\u00e9gal, n&#8217;est pas d\u00e9mocratique et est, on peut le dire, un peu abus\u00e9 de la part du gouvernement et du Pr\u00e9sident, puisqu&#8217;on sait que c&#8217;est le pr\u00e9sident Emmanuel Macron qui prend beaucoup ces d\u00e9cisions.<\/p>\n\n\n\n<p><a id=\"sonaar_ts-6927d3e0147f7\" class=\"srmp3_sonaar_ts_shortcode\"  style=\"\" href=\"javascript:sonaar_ts_shortcode({ trackid:'0', time:'00:01:42', ts_id:'6927d3e0147f7', play_icon:'' }) ;\">[00:01:42]<\/a> &#8211; Ingrid<br>Donc hier, grosse, grosse manifestation. J&#8217;avais entendu dire que s&#8217;il fallait aller \u00e0 une manifestation, c&#8217;\u00e9tait celle-l\u00e0, donc j&#8217;ai pris ma journ\u00e9e. Je t&#8217;ai pr\u00e9venu Hugo, on \u00e9tait d&#8217;accord sur le fait que, voil\u00e0, \u00e7a valait le coup. Et j&#8217;ai pass\u00e9 l&#8217;apr\u00e8s-midi dans les rues de Toulouse \u00e0 manifester. \u00c7a a un peu d\u00e9g\u00e9n\u00e9r\u00e9 \u00e0 la fin avec les gaz lacrymog\u00e8nes, les affrontements, etc., donc je suis encore un peu fatigu\u00e9e et \u00e9mue par les \u00e9v\u00e9nements. Mais bon voil\u00e0.<\/p>\n\n\n\n<p><a id=\"sonaar_ts-6927d3e014801\" class=\"srmp3_sonaar_ts_shortcode\"  style=\"\" href=\"javascript:sonaar_ts_shortcode({ trackid:'0', time:'00:02:17', ts_id:'6927d3e014801', play_icon:'' }) ;\">[00:02:17]<\/a> &#8211; Hugo<br>Aujourd&#8217;hui, on a un sujet un peu plus l\u00e9ger que ces manifestations, mais je trouvais que c&#8217;\u00e9tait une bonne introduction justement parce que c&#8217;est vrai qu&#8217;\u00e0 l&#8217;\u00e9tranger, on a l&#8217;impression que les Fran\u00e7ais sont souvent en gr\u00e8ve, qu&#8217;ils passent leur temps \u00e0 manifester. Et je ne sais pas s&#8217;il y a des \u00e9tudes objectives sur \u00e7a, sur le nombre de jours manifest\u00e9s et des comparaisons internationales, mais c&#8217;est vrai que j&#8217;ai l&#8217;impression que mes compatriotes manifestent souvent. Et l\u00e0, en particulier avec les retraites, effectivement, il y a beaucoup de manifestations.<\/p>\n\n\n\n<p><a id=\"sonaar_ts-6927d3e014806\" class=\"srmp3_sonaar_ts_shortcode\"  style=\"\" href=\"javascript:sonaar_ts_shortcode({ trackid:'0', time:'00:02:56', ts_id:'6927d3e014806', play_icon:'' }) ;\">[00:02:56]<\/a> &#8211; Hugo<br>J&#8217;ai vu une vid\u00e9o du Wall Street Journal, je pense, sur YouTube, qui expliquait les raisons de ces manifestations au public am\u00e9ricain. Et c&#8217;\u00e9tait assez int\u00e9ressant dans les commentaires parce que je m&#8217;attendais \u00e0 beaucoup de <i>French bashing<\/i>, \u00e0 ce que tout le monde dise : \u00ab Ah, les Fran\u00e7ais ne veulent pas travailler. C&#8217;est pour \u00e7a qu&#8217;ils sont contre l&#8217;allongement de l&#8217;\u00e2ge du d\u00e9part \u00e0 la retraite \u00bb, etc. Mais, en fait, il y avait pas mal de commentaires assez positifs qui disaient que les Fran\u00e7ais ont raison de se battre pour leurs droits.<\/p>\n\n\n\n<p><a id=\"sonaar_ts-6927d3e01480f\" class=\"srmp3_sonaar_ts_shortcode\"  style=\"\" href=\"javascript:sonaar_ts_shortcode({ trackid:'0', time:'00:03:28', ts_id:'6927d3e01480f', play_icon:'' }) ;\">[00:03:28]<\/a> &#8211; Hugo<br>Il y avait des Anglais qui disaient : \u00ab Nous, au Royaume Uni, on pourrait nous mettre la retraite \u00e0 75 ans et personne ne dirait rien. \u00bb Euh voil\u00e0, je ne sais pas si c&#8217;\u00e9tait des Fran\u00e7ais qui se faisaient passer pour des Anglais ou si c&#8217;\u00e9tait vraiment des Anglais et des Am\u00e9ricains, mais globalement, j&#8217;ai l&#8217;impression qu&#8217;une partie des \u00e9trangers trouve que les Fran\u00e7ais ont raison de manifester, de descendre dans la rue quand ils ne sont pas d&#8217;accord avec le pouvoir politique.<\/p>\n\n\n\n<p><a id=\"sonaar_ts-6927d3e01481c\" class=\"srmp3_sonaar_ts_shortcode\"  style=\"\" href=\"javascript:sonaar_ts_shortcode({ trackid:'0', time:'00:03:56', ts_id:'6927d3e01481c', play_icon:'' }) ;\">[00:03:56]<\/a> &#8211; Ingrid<br>Ouais, j&#8217;ai l&#8217;impression qu&#8217;\u00e0 l&#8217;\u00e9tranger, c&#8217;est une habitude fran\u00e7aise, faire la gr\u00e8ve ou manifester, qui est tr\u00e8s connue, mais qui est pr\u00e9sent\u00e9e un peu comme quelque chose de cool de la part des Fran\u00e7ais. Parfois, avec un peu de moquerie (\u00ab Oh, les Fran\u00e7ais sont encore en gr\u00e8ve ! \u00bb), mais quand c&#8217;est pour des sujets comme \u00e7a et qu&#8217;il y a des images qui sont quand m\u00eame impressionnantes, je n&#8217;ai pas l&#8217;impression que ce soit critiqu\u00e9 \u00e0 l&#8217;\u00e9tranger. En tout cas, dans beaucoup de milieux, c&#8217;est vu comme : \u00ab Waouh, les Fran\u00e7ais font encore la r\u00e9volution. \u00bb Et je pense que statistiquement, on fait beaucoup de manifestations et de gr\u00e8ves, c&#8217;est vrai.<\/p>\n\n\n\n<p><a id=\"sonaar_ts-6927d3e014822\" class=\"srmp3_sonaar_ts_shortcode\"  style=\"\" href=\"javascript:sonaar_ts_shortcode({ trackid:'0', time:'00:04:38', ts_id:'6927d3e014822', play_icon:'' }) ;\">[00:04:38]<\/a> &#8211; Hugo<br>Et \u00e7a va bien avec notre image et notre r\u00e9putation de r\u00e2leurs. &#8220;R\u00e2leurs&#8221; qui vient du verbe &#8220;r\u00e2ler&#8221;. &#8220;R\u00e2ler&#8221;, se plaindre de quelque chose. C&#8217;est vrai qu&#8217;on est un peu per\u00e7us comme des r\u00e2leurs. On n&#8217;est jamais contents, on n&#8217;est jamais satisfaits. Quand tout va bien, on trouve toujours une raison quand m\u00eame de r\u00e2ler, de nous plaindre. Et la manifestation, c&#8217;est peut-\u00eatre l&#8217;acte le plus visible. C&#8217;est notre fa\u00e7on \u00e0 nous de r\u00e2ler.<\/p>\n\n\n\n<p><a id=\"sonaar_ts-6927d3e014827\" class=\"srmp3_sonaar_ts_shortcode\"  style=\"\" href=\"javascript:sonaar_ts_shortcode({ trackid:'0', time:'00:05:06', ts_id:'6927d3e014827', play_icon:'' }) ;\">[00:05:06]<\/a> &#8211; Ingrid<br>R\u00e2ler collectivement.<\/p>\n\n\n\n<p><a id=\"sonaar_ts-6927d3e01482c\" class=\"srmp3_sonaar_ts_shortcode\"  style=\"\" href=\"javascript:sonaar_ts_shortcode({ trackid:'0', time:'00:05:08', ts_id:'6927d3e01482c', play_icon:'' }) ;\">[00:05:08]<\/a> &#8211; Hugo<br>R\u00e2ler collectivement, exactement.<\/p>\n\n\n\n<p><a id=\"sonaar_ts-6927d3e014831\" class=\"srmp3_sonaar_ts_shortcode\"  style=\"\" href=\"javascript:sonaar_ts_shortcode({ trackid:'0', time:'00:05:18', ts_id:'6927d3e014831', play_icon:'' }) ;\">[00:05:18]<\/a> &#8211; Hugo<br>Justement, aujourd&#8217;hui, c&#8217;est ce dont on va parler, les habitudes bizarres des Fran\u00e7ais, de nos compatriotes. C&#8217;est vrai qu&#8217;avec Ingrid, on a un point de vue un peu particulier parce que moi, je vis \u00e0 l&#8217;\u00e9tranger depuis bient\u00f4t neuf ans. Toi, Ingrid, tu as v\u00e9cu aussi au P\u00e9rou, tu as pass\u00e9 pas mal de temps \u00e0 l&#8217;\u00e9tranger, tu as beaucoup voyag\u00e9. Donc, on a eu l&#8217;occasion d&#8217;entendre, avec les gens qu&#8217;on a rencontr\u00e9s, on a eu l&#8217;occasion d&#8217;entendre que, voil\u00e0, les Fran\u00e7ais font \u00e7a, pourquoi ils font \u00e7a, c&#8217;est bizarre, c&#8217;est \u00e9trange, etc. Donc, on a d\u00e9cid\u00e9 de faire une petite liste de ces habitudes. On ne s&#8217;est pas vraiment concert\u00e9s avant l&#8217;\u00e9pisode, donc \u00e7a va \u00eatre la surprise. On va voir quelles habitudes vous trouvez bizarres. Alors, on va commencer peut-\u00eatre en parlant de la nourriture.<\/p>\n\n\n\n<p><a id=\"sonaar_ts-6927d3e014837\" class=\"srmp3_sonaar_ts_shortcode\"  style=\"\" href=\"javascript:sonaar_ts_shortcode({ trackid:'0', time:'00:06:08', ts_id:'6927d3e014837', play_icon:'' }) ;\">[00:06:08]<\/a> &#8211; Ingrid<br>Ouais, le sujet le plus important quand on parle de culture, je pense, pas qu&#8217;en France, mais en France en particulier. La premi\u00e8re chose que j&#8217;ai not\u00e9e, moi, et qu&#8217;on m&#8217;a beaucoup dit. Quand je dis \u00ab on \u00bb, c&#8217;est les personnes que j&#8217;ai rencontr\u00e9es, mon mari, etc&#8230;<\/p>\n\n\n\n<p><a id=\"sonaar_ts-6927d3e01483c\" class=\"srmp3_sonaar_ts_shortcode\"  style=\"\" href=\"javascript:sonaar_ts_shortcode({ trackid:'0', time:'00:06:27', ts_id:'6927d3e01483c', play_icon:'' }) ;\">[00:06:27]<\/a> &#8211; Hugo<br>Ton mari qui est&#8230;<\/p>\n\n\n\n<p><a id=\"sonaar_ts-6927d3e014841\" class=\"srmp3_sonaar_ts_shortcode\"  style=\"\" href=\"javascript:sonaar_ts_shortcode({ trackid:'0', time:'00:06:29', ts_id:'6927d3e014841', play_icon:'' }) ;\">[00:06:29]<\/a> &#8211; Ingrid<br>P\u00e9ruvien.<\/p>\n\n\n\n<p><a id=\"sonaar_ts-6927d3e014846\" class=\"srmp3_sonaar_ts_shortcode\"  style=\"\" href=\"javascript:sonaar_ts_shortcode({ trackid:'0', time:'00:06:30', ts_id:'6927d3e014846', play_icon:'' }) ;\">[00:06:30]<\/a> &#8211; Hugo<br>P\u00e9ruvien, rappelons-le.<\/p>\n\n\n\n<p><a id=\"sonaar_ts-6927d3e01484b\" class=\"srmp3_sonaar_ts_shortcode\"  style=\"\" href=\"javascript:sonaar_ts_shortcode({ trackid:'0', time:'00:06:33', ts_id:'6927d3e01484b', play_icon:'' }) ;\">[00:06:33]<\/a> &#8211; Ingrid<br>Ouais. Et donc, lui, par exemple, une des choses qui l&#8217;a marqu\u00e9, une des choses qui l&#8217;ont marqu\u00e9, c&#8217;est qu&#8217;en France, on passe beaucoup de temps \u00e0 table. On peut faire des d\u00e9jeuners, des d\u00eeners qui durent des heures et des heures. Et c&#8217;est le cas dans tous les contextes, que ce soit en famille, entre amis, quand on est au restaurant, quand on est avec les coll\u00e8gues de travail et m\u00eame les enfants, \u00e0 l&#8217;\u00e9cole primaire, souvent, ils ont deux heures pour manger et vu de l&#8217;\u00e9tranger, c&#8217;est vraiment beaucoup.<\/p>\n\n\n\n<p><a id=\"sonaar_ts-6927d3e014850\" class=\"srmp3_sonaar_ts_shortcode\"  style=\"\" href=\"javascript:sonaar_ts_shortcode({ trackid:'0', time:'00:07:07', ts_id:'6927d3e014850', play_icon:'' }) ;\">[00:07:07]<\/a> &#8211; Hugo<br>C&#8217;est beaucoup et on dit m\u00eame parfois que les repas, surtout les repas de famille, sont interminables. Ils ne se terminent jamais. Moi, c&#8217;est une des raisons pour lesquelles je suis un peu r\u00e9ticent \u00e0 aller en France avec ma copine et \u00e0 aller rendre visite avec ma famille, parce que je sais qu&#8217;on va passer deux, trois, quatre heures \u00e0 table pendant les repas de famille. Et puis bon en tant que v\u00e9gan, ce n&#8217;est pas toujours tr\u00e8s agr\u00e9able d&#8217;avoir des plats de viande qui nous passent sous le nez en permanence. Donc voil\u00e0, c&#8217;est vrai qu&#8217;on passe beaucoup de temps \u00e0 table et pour les enfants, c&#8217;est assez difficile au d\u00e9but, mais on leur dit qu&#8217;ils doivent rester \u00e0 table avec les adultes. \u00c7a fait partie de l&#8217;\u00e9ducation. Je ne sais pas si toi, c&#8217;\u00e9tait comme \u00e7a dans ta famille, Ingrid ?<\/p>\n\n\n\n<p><a id=\"sonaar_ts-6927d3e014855\" class=\"srmp3_sonaar_ts_shortcode\"  style=\"\" href=\"javascript:sonaar_ts_shortcode({ trackid:'0', time:'00:07:57', ts_id:'6927d3e014855', play_icon:'' }) ;\">[00:07:57]<\/a> &#8211; Ingrid<br>Euh ouais, mais moi, je n&#8217;ai vraiment pas la m\u00eame exp\u00e9rience, dans le sens o\u00f9, bah au contraire, les enfants&#8230; Enfin, moi, en tout cas comme enfant, j&#8217;\u00e9tais tr\u00e8s contente, mais on avait toujours la table des adultes et la table des enfants. Et aujourd&#8217;hui encore, j&#8217;adore les repas de famille parce que \u00e7a dure longtemps. En fait, on fait des pauses entre chaque plat et on discute. Voil\u00e0, m\u00eame les enfants, maintenant que je suis adulte, viennent \u00e0 la table pour, je ne sais pas, faire des blagues, des jeux. Et puis on voit qu&#8217;ils s&#8217;amusent bien entre eux. Et \u00e7a me rappelle qu&#8217;\u00e0 l&#8217;\u00e9poque aussi, avec mes cousins, cousines, on rigolait bien. On avait aussi le droit de temps en temps, quand, voil\u00e0, il y avait des moments de pause entre des plats, de se lever, d&#8217;aller jouer, d&#8217;aller un peu dehors. Et puis apr\u00e8s, il fallait revenir. Donc voil\u00e0, je trouve \u00e7a sympa et encore aujourd&#8217;hui, bah c&#8217;est une des choses que j&#8217;appr\u00e9cie.<\/p>\n\n\n\n<p><a id=\"sonaar_ts-6927d3e01485b\" class=\"srmp3_sonaar_ts_shortcode\"  style=\"\" href=\"javascript:sonaar_ts_shortcode({ trackid:'0', time:'00:08:55', ts_id:'6927d3e01485b', play_icon:'' }) ;\">[00:08:55]<\/a> &#8211; Ingrid<br>C&#8217;est vrai que pour mon mari, parfois, c&#8217;est un peu long, surtout quand il ne parlait pas tr\u00e8s bien fran\u00e7ais. Mais en m\u00eame temps, c&#8217;est quelque chose qui est positif pour lui, qu&#8217;il aime bien quand m\u00eame, de dire : \u00ab Ah, on va aller dans ta famille, cool. Puis il y a ton oncle qui va faire plein de blagues. Et puis apr\u00e8s, on va trop bien manger. Et puis on va me dire \u00ab &#8220;Est-ce que tu en re-veux ?&#8221; \u00bb. Il va se resservir. Et voil\u00e0, c&#8217;est un peu ce truc, \u00e7a ne s&#8217;arr\u00eate jamais. Par contre, il me dit qu&#8217;apr\u00e8s, il a faim. Parce que \u00e7a met tellement de temps qu&#8217;il a le temps de dig\u00e9rer entre chaque plat, alors que dans sa culture, c&#8217;est plut\u00f4t on mange plus rapidement, mais beaucoup, beaucoup, on a mal au ventre apr\u00e8s, et ce qui fait qu&#8217;on ne peut pas remanger avant des heures et des heures.<\/p>\n\n\n\n<p><a id=\"sonaar_ts-6927d3e014860\" class=\"srmp3_sonaar_ts_shortcode\"  style=\"\" href=\"javascript:sonaar_ts_shortcode({ trackid:'0', time:'00:09:41', ts_id:'6927d3e014860', play_icon:'' }) ;\">[00:09:41]<\/a> &#8211; Hugo<br>Ouais, c&#8217;est la m\u00eame chose en Pologne, notamment \u00e0 No\u00ebl. Il y a douze, ouais il me semble que c&#8217;est 12 plats traditionnels, et on am\u00e8ne et on sert les 12 plats en m\u00eame temps sur la table. Donc tout arrive en m\u00eame temps et on doit se servir. Et effectivement, on mange beaucoup plus vite. Le repas dure moins longtemps qu&#8217;en France. Et souvent apr\u00e8s, on a mal au ventre et je sais qu&#8217;il y a beaucoup de Polonais qui finissent \u00e0 l&#8217;h\u00f4pital aux urgences apr\u00e8s les f\u00eates de No\u00ebl.<\/p>\n\n\n\n<p><a id=\"sonaar_ts-6927d3e014865\" class=\"srmp3_sonaar_ts_shortcode\"  style=\"\" href=\"javascript:sonaar_ts_shortcode({ trackid:'0', time:'00:10:09', ts_id:'6927d3e014865', play_icon:'' }) ;\">[00:10:09]<\/a> &#8211; Ingrid<br>Ah ouais ? <i>Oh my god.<\/i><\/p>\n\n\n\n<p><a id=\"sonaar_ts-6927d3e01486a\" class=\"srmp3_sonaar_ts_shortcode\"  style=\"\" href=\"javascript:sonaar_ts_shortcode({ trackid:'0', time:'00:10:11', ts_id:'6927d3e01486a', play_icon:'' }) ;\">[00:10:11]<\/a> &#8211; Hugo<br>Donc c&#8217;est vrai, le rythme n&#8217;est pas le m\u00eame.<\/p>\n\n\n\n<p><a id=\"sonaar_ts-6927d3e01486f\" class=\"srmp3_sonaar_ts_shortcode\"  style=\"\" href=\"javascript:sonaar_ts_shortcode({ trackid:'0', time:'00:10:16', ts_id:'6927d3e01486f', play_icon:'' }) ;\">[00:10:16]<\/a> &#8211; Ingrid<br>Au-del\u00e0 des repas de famille, sur le temps, et des enfants, un truc que j&#8217;ai vu qui est assez int\u00e9ressant, c&#8217;est au restaurant. J&#8217;ai vu plusieurs vid\u00e9os, donc l\u00e0 d&#8217;Am\u00e9ricains en France ou de Fran\u00e7ais aux \u00c9tats-Unis, qui ont eu des quiproquos parce qu&#8217;en France, au restaurant, on ne nous apporte pas l&#8217;addition. On ne nous dit jamais \u00ab C&#8217;est bon, il faut partir maintenant. \u00bb On peut rester pendant des heures, discuter et puis, au bout d&#8217;une heure peut-\u00eatre, dire \u00ab Ah on reprendrait pas un petit verre ? \u00bb ou \u00ab On va prendre un dessert \u00bb mais longtemps apr\u00e8s, et c&#8217;est normal. Alors qu&#8217;aux \u00c9tats-Unis, les serveurs vont venir demander \u00ab Vous voulez autre chose ? \u00bb et apr\u00e8s sinon dire \u00ab Il faut partir pour qu&#8217;il y ait d&#8217;autres clients. \u00bb Donc voil\u00e0, m\u00eame dans les habitudes au restaurant, le fait de rester longtemps \u00e0 table, \u00e7a se ressent.<\/p>\n\n\n\n<p><a id=\"sonaar_ts-6927d3e014874\" class=\"srmp3_sonaar_ts_shortcode\"  style=\"\" href=\"javascript:sonaar_ts_shortcode({ trackid:'0', time:'00:11:07', ts_id:'6927d3e014874', play_icon:'' }) ;\">[00:11:07]<\/a> &#8211; Hugo<br>C&#8217;est vrai. Je crois que \u00e7a commence \u00e0 changer quand m\u00eame, parce que, notamment dans les grandes villes o\u00f9 il y a plusieurs services, je sais que dans pas mal de restaurants \u00e0 Paris par exemple, il y a un premier service \u00e0 19h, 20h, etc. Donc, on sent qu&#8217;il faut lib\u00e9rer la table \u00e0 un moment s&#8217;il y a un autre service qui vient apr\u00e8s nous. Mais c&#8217;est vrai que dans les restaurants traditionnels, il y a un seul service le midi, un seul service le soir et on peut rester autant de temps qu&#8217;on veut.<\/p>\n\n\n\n<p><a id=\"sonaar_ts-6927d3e01487a\" class=\"srmp3_sonaar_ts_shortcode\"  style=\"\" href=\"javascript:sonaar_ts_shortcode({ trackid:'0', time:'00:11:38', ts_id:'6927d3e01487a', play_icon:'' }) ;\">[00:11:38]<\/a> &#8211; Hugo<br>Et \u00e7a, \u00e7a me fait penser aussi \u00e0 l&#8217;heure des repas. \u00c7a d\u00e9pend aussi des pays, mais en France, c&#8217;est vrai qu&#8217;on&#8230; Je l&#8217;ai d\u00e9j\u00e0 dit plusieurs fois, je pense, mais on mange \u00e0 heures fixes. Je sais qu&#8217;en Pologne, ils sont beaucoup plus flexibles et ils ont plut\u00f4t tendance \u00e0 manger quand ils ont faim. Mais nous, on est vraiment programm\u00e9 pour avoir le petit-d\u00e9jeuner \u00e0 telle heure, le d\u00e9jeuner entre midi et 14h, et apr\u00e8s le d\u00eener entre 19h et 21h. Et c&#8217;est un peu les repas qui rythment la journ\u00e9e, ce qui n&#8217;est pas la m\u00eame chose en Pologne o\u00f9 c&#8217;est plut\u00f4t le travail qui d\u00e9cide et on mange quand on a le temps entre deux r\u00e9unions, etc.<\/p>\n\n\n\n<p><a id=\"sonaar_ts-6927d3e01487f\" class=\"srmp3_sonaar_ts_shortcode\"  style=\"\" href=\"javascript:sonaar_ts_shortcode({ trackid:'0', time:'00:12:18', ts_id:'6927d3e01487f', play_icon:'' }) ;\">[00:12:18]<\/a> &#8211; Hugo<br>Alors que nous, en France, la pause d\u00e9jeuner, c&#8217;est vraiment quelque chose de sacr\u00e9. On ne peut pas avoir de r\u00e9union \u00e0 ces heures-l\u00e0. Et \u00e7a se refl\u00e8te aussi dans les restaurants. Je sais que souvent, les touristes ont la mauvaise surprise d&#8217;aller dans un restaurant pour essayer de manger \u00e0 16h, par exemple, entre le d\u00e9jeuner et le d\u00eener. Et c&#8217;est pas possible. Le restaurant ne sert pas parce qu&#8217;il y a le service du midi et le service du soir. Et entre ces deux services, soit le restaurant est ferm\u00e9, soit on peut seulement prendre un caf\u00e9, un verre, mais la cuisine est ferm\u00e9e.<\/p>\n\n\n\n<p><a id=\"sonaar_ts-6927d3e014884\" class=\"srmp3_sonaar_ts_shortcode\"  style=\"\" href=\"javascript:sonaar_ts_shortcode({ trackid:'0', time:'00:12:53', ts_id:'6927d3e014884', play_icon:'' }) ;\">[00:12:53]<\/a> &#8211; Ingrid<br>Ouais, c&#8217;est vrai. J&#8217;ai eu beaucoup de personnes qui m&#8217;ont rendu visite \u00e0 Toulouse, l\u00e0 ces derni\u00e8res ann\u00e9es, cette derni\u00e8re ann\u00e9e. Et c&#8217;est une conversation qui est souvent revenue, de dire \u00ab Par contre, attention, entre 2h et 18h30\/19h, vous ne pouvez pas manger au restaurant donc il faut se d\u00e9brouiller pour faire autrement. \u00bb<\/p>\n\n\n\n<p><a id=\"sonaar_ts-6927d3e01488a\" class=\"srmp3_sonaar_ts_shortcode\"  style=\"\" href=\"javascript:sonaar_ts_shortcode({ trackid:'0', time:'00:13:17', ts_id:'6927d3e01488a', play_icon:'' }) ;\">[00:13:17]<\/a> &#8211; Hugo<br>Et c&#8217;est vrai que moi, en Pologne, je me suis habitu\u00e9 \u00e0 ce luxe de pouvoir aller au restaurant \u00e0 n&#8217;importe quelle heure et pouvoir manger vraiment \u00e0 n&#8217;importe quelle heure. Et maintenant, quand je rentre en France, \u00e7a m&#8217;arrive d&#8217;oublier que, voil\u00e0, on ne peut pas manger entre le d\u00e9jeuner et le d\u00eener, donc je dois me reprogrammer pour, voil\u00e0, reprendre l&#8217;heure des repas.<\/p>\n\n\n\n<p><a id=\"sonaar_ts-6927d3e01488f\" class=\"srmp3_sonaar_ts_shortcode\"  style=\"\" href=\"javascript:sonaar_ts_shortcode({ trackid:'0', time:'00:13:38', ts_id:'6927d3e01488f', play_icon:'' }) ;\">[00:13:38]<\/a> &#8211; Ingrid<br>Ouais, moi aussi.<\/p>\n\n\n\n<p><a id=\"sonaar_ts-6927d3e014894\" class=\"srmp3_sonaar_ts_shortcode\"  style=\"\" href=\"javascript:sonaar_ts_shortcode({ trackid:'0', time:'00:13:48', ts_id:'6927d3e014894', play_icon:'' }) ;\">[00:13:48]<\/a> &#8211; Ingrid<br>Et dans une autre habitude des Fran\u00e7ais qui peut surprendre, il y a aussi ce qu&#8217;on consomme, vraiment, concr\u00e8tement, et notamment la nourriture favorite des Fran\u00e7ais, la plus habituelle, c&#8217;est le pain, en particulier la baguette. En France, c&#8217;est tr\u00e8s normal d&#8217;aller chercher sa baguette \u00e0 la boulangerie tous les jours. C&#8217;est vraiment une tradition qui est importante. Dans toutes les maisons, on va avoir une baguette \u00e0 chaque repas qui est sur la table.<\/p>\n\n\n\n<p><a id=\"sonaar_ts-6927d3e01489a\" class=\"srmp3_sonaar_ts_shortcode\"  style=\"\" href=\"javascript:sonaar_ts_shortcode({ trackid:'0', time:'00:14:22', ts_id:'6927d3e01489a', play_icon:'' }) ;\">[00:14:22]<\/a> &#8211; Ingrid<br>M\u00eame au restaurant, tr\u00e8s, tr\u00e8s souvent, je dirais la majorit\u00e9 du temps, on sert une corbeille de pain gratuitement. Peu importe ce qu&#8217;on mange, m\u00eame si on mange des p\u00e2tes ou du riz, ce qui peut surprendre. Souvent, les gens se disent \u00ab Pourquoi du pain ? \u00bb mais en fait, \u00e7a fait partie de nos habitudes. On a toujours du pain. Et \u00e0 la maison, souvent, il y a ce fameux \u00ab t&#8217;es all\u00e9 chercher le pain ? \u00bb ou \u00ab c&#8217;est \u00e0 moi d&#8217;aller chercher le pain ? \u00bb, \u00ab est-ce qu&#8217;il reste du pain \u00e0 la maison ou je passe \u00e0 la boulangerie ? \u00bb Voil\u00e0, et \u00e7a, \u00e7a surprend parfois les \u00e9trangers, mais je crois que beaucoup s&#8217;y habituent tr\u00e8s tr\u00e8s vite quand ils sont en France et finissent par faire la m\u00eame chose.<\/p>\n\n\n\n<p><a id=\"sonaar_ts-6927d3e01489f\" class=\"srmp3_sonaar_ts_shortcode\"  style=\"\" href=\"javascript:sonaar_ts_shortcode({ trackid:'0', time:'00:15:01', ts_id:'6927d3e01489f', play_icon:'' }) ;\">[00:15:01]<\/a> &#8211; Hugo<br>C&#8217;est vrai. Et en pr\u00e9parant l&#8217;\u00e9pisode, je me suis rendu compte qu&#8217;on a aussi une fa\u00e7on un peu sp\u00e9ciale de manger ces baguettes. O\u00f9 bon, quand on est au restaurant ou pendant un repas de famille, on tranche le pain, on le coupe pour avoir vraiment des tranches, mais quand on l&#8217;ach\u00e8te juste pour soi \u00e0 la boulangerie, apr\u00e8s, on sort et on en d\u00e9chire un petit morceau et on commence \u00e0 manger la baguette comme \u00e7a. Et moi, \u00e7a m&#8217;est arriv\u00e9 plusieurs fois, je ne sais pas si \u00e0 toi aussi, Ingrid, mais de rentrer \u00e0 la maison et d&#8217;avoir d\u00e9j\u00e0 mang\u00e9 la moiti\u00e9 de la baguette juste en prenant petit morceau par petit morceau. Et voil\u00e0, je ne m&#8217;\u00e9tais pas rendu compte qu&#8217;effectivement, on mange les baguettes comme \u00e7a et c&#8217;est quelque chose d&#8217;assez fran\u00e7ais, apparemment.<\/p>\n\n\n\n<p><a id=\"sonaar_ts-6927d3e0148ab\" class=\"srmp3_sonaar_ts_shortcode\"  style=\"\" href=\"javascript:sonaar_ts_shortcode({ trackid:'0', time:'00:15:46', ts_id:'6927d3e0148ab', play_icon:'' }) ;\">[00:15:46]<\/a> &#8211; Ingrid<br>Ouais, je me rappelle, quand j&#8217;\u00e9tais enfant, il y avait ce truc de \u00ab Va chercher le pain, mais ne mange pas tout sur le chemin ! \u00bb Et donc, on avait le droit de manger juste le crouton ou un tout petit peu, mais il fallait faire attention. Et moi qui suis gourmande, je devais vraiment me retenir. J&#8217;avais le pain dans les mains et j&#8217;\u00e9tais l\u00e0 : \u00ab Non, ne mange pas, ne mange pas \u00bb.<\/p>\n\n\n\n<p><a id=\"sonaar_ts-6927d3e0148b1\" class=\"srmp3_sonaar_ts_shortcode\"  style=\"\" href=\"javascript:sonaar_ts_shortcode({ trackid:'0', time:'00:16:06', ts_id:'6927d3e0148b1', play_icon:'' }) ;\">[00:16:06]<\/a> &#8211; Hugo<br>C&#8217;est vrai, \u00e7a fait effectivement partie du repas. C&#8217;est la premi\u00e8re chose qu&#8217;on voit sur la table quand on arrive au restaurant. Donc c&#8217;est important pour le restaurant d&#8217;avoir du bon pain parce que c&#8217;est forc\u00e9ment la premi\u00e8re chose que les gens vont manger. D&#8217;ailleurs, je me souviens, quand mon p\u00e8re est venu me voir en Pologne, il \u00e9tait tr\u00e8s surpris parce qu&#8217;il n&#8217;y a pas de pain au restaurant, \u00e0 part quand on a vraiment un plat sp\u00e9cifique qui requiert d&#8217;avoir du pain, des tartines, des choses comme \u00e7a. Mais sinon, il n&#8217;y a pas de pain et c&#8217;\u00e9tait quelque chose que mon p\u00e8re trouvait tr\u00e8s bizarre.<\/p>\n\n\n\n<p><a id=\"sonaar_ts-6927d3e0148b6\" class=\"srmp3_sonaar_ts_shortcode\"  style=\"\" href=\"javascript:sonaar_ts_shortcode({ trackid:'0', time:'00:16:42', ts_id:'6927d3e0148b6', play_icon:'' }) ;\">[00:16:42]<\/a> &#8211; Hugo<br>Mais voil\u00e0, nous, les Fran\u00e7ais, on a vraiment l&#8217;impression que le pain, c&#8217;est quelque chose d&#8217;universel. C&#8217;est comme de manger avec des couverts. Bon, il y a d&#8217;autres pays dans lesquels ils mangent avec des baguettes, mais voil\u00e0 on a l&#8217;impression que tout le monde mange du pain partout. Mais en fait, non, c&#8217;est vraiment quelque chose de tr\u00e8s fran\u00e7ais.<\/p>\n\n\n\n<p><a id=\"sonaar_ts-6927d3e0148e8\" class=\"srmp3_sonaar_ts_shortcode\"  style=\"\" href=\"javascript:sonaar_ts_shortcode({ trackid:'0', time:'00:16:58', ts_id:'6927d3e0148e8', play_icon:'' }) ;\">[00:16:58]<\/a> &#8211; Ingrid<br>Il y a plein de choses comme \u00e7a. Moi, j&#8217;en ai not\u00e9 plein, plein, plein, mais c&#8217;est vrai qu&#8217;au niveau nourriture, on pourrait continuer pendant des heures. Il y a des choses sur le fromage, le petit-d\u00e9jeuner sucr\u00e9, m\u00eame les eaux sont&#8230; Les eaux dans le sens eau qu&#8217;on boit. Il y a des petites particularit\u00e9s, mais je me dis : peut-\u00eatre qu&#8217;on peut passer \u00e0 une autre cat\u00e9gorie parce que sinon, on pourrait faire tout un \u00e9pisode juste sur la nourriture. Mais il y a plein d&#8217;autres choses dans plein d&#8217;autres habitudes de la vie en g\u00e9n\u00e9ral.<\/p>\n\n\n\n<p><a id=\"sonaar_ts-6927d3e0148ed\" class=\"srmp3_sonaar_ts_shortcode\"  style=\"\" href=\"javascript:sonaar_ts_shortcode({ trackid:'0', time:'00:17:28', ts_id:'6927d3e0148ed', play_icon:'' }) ;\">[00:17:28]<\/a> &#8211; Hugo<br>Oui, on va essayer de ne pas parler des choses qui sont d\u00e9j\u00e0 vues et revues, mais je voulais quand m\u00eame dire un mot sur la baguette parce que j&#8217;ai lu quelque chose d&#8217;assez int\u00e9ressant dans une grande enqu\u00eate sur la France qui s&#8217;appelle &#8220;La France sous nos yeux&#8221;, qui analyse l&#8217;\u00e9volution du pays ces 40 derni\u00e8res ann\u00e9es, une \u00e9volution qui concerne les boulangeries. Alors, avant, toutes les boulangeries avaient plus ou moins la m\u00eame offre, donc on trouvait le m\u00eame pain \u00e0 un prix \u00e0 peu pr\u00e8s similaire, les m\u00eames p\u00e2tisseries, etc.<\/p>\n\n\n\n<p><a id=\"sonaar_ts-6927d3e0148f2\" class=\"srmp3_sonaar_ts_shortcode\"  style=\"\" href=\"javascript:sonaar_ts_shortcode({ trackid:'0', time:'00:17:58', ts_id:'6927d3e0148f2', play_icon:'' }) ;\">[00:17:58]<\/a> &#8211; Hugo<br>Et depuis une quinzaine d&#8217;ann\u00e9es, l&#8217;offre de boulangerie s&#8217;est divis\u00e9e en deux. \u00c7a, c&#8217;est plut\u00f4t pour les grandes villes, mais on a d&#8217;un c\u00f4t\u00e9 les boulangeries de centre-ville qui ont une offre plut\u00f4t premium avec du pain un peu plus cher, de meilleure qualit\u00e9, fabriqu\u00e9 de mani\u00e8re artisanale, etc. Et ensuite, en p\u00e9riph\u00e9rie des villes, un peu \u00e0 l&#8217;ext\u00e9rieur, on a des boulangeries qui sont souvent \u00e0 c\u00f4t\u00e9 d&#8217;un supermarch\u00e9, qui sont moins ch\u00e8res et qui ont plut\u00f4t du pain surgel\u00e9 qu&#8217;elles font seulement cuire sur place. Donc \u00ab surgel\u00e9 \u00bb, \u00e7a veut dire que c&#8217;est du pain qui a \u00e9t\u00e9 fait avant et mis au cong\u00e9lateur.<\/p>\n\n\n\n<p><a id=\"sonaar_ts-6927d3e0148f7\" class=\"srmp3_sonaar_ts_shortcode\"  style=\"\" href=\"javascript:sonaar_ts_shortcode({ trackid:'0', time:'00:18:39', ts_id:'6927d3e0148f7', play_icon:'' }) ;\">[00:18:39]<\/a> &#8211; Hugo<br>Donc maintenant, on a vraiment cette division en deux cat\u00e9gories des boulangeries : les boulangeries plut\u00f4t premium de centre ville et les boulangeries industrielles qui sont en p\u00e9riph\u00e9rie. Et je trouvais que c&#8217;\u00e9tait int\u00e9ressant parce qu&#8217;avant, voil\u00e0, c&#8217;\u00e9tait vraiment quelque chose d&#8217;universel et c&#8217;est \u00e7a aussi qui faisait le succ\u00e8s du pain et de la baguette. C&#8217;est que c&#8217;\u00e9tait pas cher et tout le monde aimait \u00e7a, tout le monde mangeait la m\u00eame chose. Et maintenant, \u00e7a aussi, \u00e7a a tendance \u00e0 se diff\u00e9rencier.<\/p>\n\n\n\n<p><a id=\"sonaar_ts-6927d3e014900\" class=\"srmp3_sonaar_ts_shortcode\"  style=\"\" href=\"javascript:sonaar_ts_shortcode({ trackid:'0', time:'00:19:06', ts_id:'6927d3e014900', play_icon:'' }) ;\">[00:19:06]<\/a> &#8211; Ingrid<br>C&#8217;est vrai que c&#8217;est devenu de plus en plus cher. Et du coup, tu me relances parce que \u00e7a m&#8217;a fait penser encore \u00e0 autre chose sur la baguette, c&#8217;est qu&#8217;effectivement, c&#8217;est un artisanat tr\u00e8s important en France. On peut trouver des m\u00e9dailles, il y a des classements, il y a des concours, etc. Donc moi, je sais qu&#8217;\u00e0 c\u00f4t\u00e9 de chez moi, j&#8217;ai une boulangerie trop bonne et qui est num\u00e9ro 3 en Haute-Garonne, le d\u00e9partement. Et comme \u00e7a, il y a plein de m\u00e9dailles, il y a des \u00e9missions de t\u00e9l\u00e9, etc. Et ces \u00e9missions ou ces m\u00e9dailles, souvent, elles se basent sur la baguette tradition.<\/p>\n\n\n\n<p><a id=\"sonaar_ts-6927d3e014906\" class=\"srmp3_sonaar_ts_shortcode\"  style=\"\" href=\"javascript:sonaar_ts_shortcode({ trackid:'0', time:'00:19:50', ts_id:'6927d3e014906', play_icon:'' }) ;\">[00:19:50]<\/a> &#8211; Ingrid<br>Alors, si vous allez en France, surtout, je vous conseille de demander plut\u00f4t les baguettes tradition et \u00e7a va \u00eatre une baguette qui suit certaines r\u00e9glementations, qui vont \u00eatre plus naturelles, on va dire. Et chaque boulangerie fait la sienne comme elle veut, tant qu&#8217;elle suit les r\u00e8gles basiques. Alors qu&#8217;une baguette simple, elle va \u00eatre un peu moins bonne, un peu moins sp\u00e9ciale pour chaque boulangerie. C&#8217;est une recette avec certains types de c\u00e9r\u00e9ales. C&#8217;est vraiment un art.<\/p>\n\n\n\n<p><a id=\"sonaar_ts-6927d3e01490b\" class=\"srmp3_sonaar_ts_shortcode\"  style=\"\" href=\"javascript:sonaar_ts_shortcode({ trackid:'0', time:'00:20:35', ts_id:'6927d3e01490b', play_icon:'' }) ;\">[00:20:35]<\/a> &#8211; Hugo<br>Tr\u00e8s bien. Alors, on va fermer ce chapitre sur la nourriture et les baguettes parce que non seulement \u00e7a me donne faim, mais en plus, \u00e7a fait d\u00e9j\u00e0 un moment qu&#8217;on en parle. On va passer peut-\u00eatre aux v\u00eatements. Moi, on m&#8217;a fait remarquer que les Fran\u00e7ais portent beaucoup d&#8217;\u00e9charpes. Je ne sais pas ce que tu en penses.<\/p>\n\n\n\n<p><a id=\"sonaar_ts-6927d3e014911\" class=\"srmp3_sonaar_ts_shortcode\"  style=\"\" href=\"javascript:sonaar_ts_shortcode({ trackid:'0', time:'00:20:54', ts_id:'6927d3e014911', play_icon:'' }) ;\">[00:20:54]<\/a> &#8211; Ingrid<br>J&#8217;ai entendu \u00e7a aussi, ouais.<\/p>\n\n\n\n<p><a id=\"sonaar_ts-6927d3e014916\" class=\"srmp3_sonaar_ts_shortcode\"  style=\"\" href=\"javascript:sonaar_ts_shortcode({ trackid:'0', time:'00:20:55', ts_id:'6927d3e014916', play_icon:'' }) ;\">[00:20:55]<\/a> &#8211; Hugo<br>Une \u00e9charpe, c&#8217;est un long morceau de tissu qu&#8217;on porte autour de son cou, normalement plut\u00f4t en hiver pour se prot\u00e9ger du froid, mais les Fran\u00e7ais ont tendance \u00e0 en porter un peu \u00e0 toutes les saisons, principalement les hommes. C&#8217;est vrai qu&#8217;il y a aussi des \u00e9charpes en lin, par exemple. Donc pour nous, c&#8217;est plus un accessoire de mode que vraiment quelque chose qui sert \u00e0 nous prot\u00e9ger du froid. Et il y a certains hommes politiques aussi ou journalistes qui sont connus pour leur \u00e9charpe. Je pense \u00e0 Christophe Barbier, par exemple, qui&#8230; Il est quoi ? Il est directeur du journal de <i>L&#8217;Express<\/i> ?<\/p>\n\n\n\n<p><a id=\"sonaar_ts-6927d3e01491b\" class=\"srmp3_sonaar_ts_shortcode\"  style=\"\" href=\"javascript:sonaar_ts_shortcode({ trackid:'0', time:'00:21:37', ts_id:'6927d3e01491b', play_icon:'' }) ;\">[00:21:37]<\/a> &#8211; Ingrid<br>De <i>L&#8217;Express<\/i>. Enfin, je ne sais plus o\u00f9 est-ce qu&#8217;il en est, mais en tout cas, pendant longtemps, c&#8217;\u00e9tait une figure importante de L&#8217;Express.<\/p>\n\n\n\n<p><a id=\"sonaar_ts-6927d3e014924\" class=\"srmp3_sonaar_ts_shortcode\"  style=\"\" href=\"javascript:sonaar_ts_shortcode({ trackid:'0', time:'00:21:45', ts_id:'6927d3e014924', play_icon:'' }) ;\">[00:21:45]<\/a> &#8211; Hugo<br>Voil\u00e0, donc un journaliste tr\u00e8s connu qui porte une \u00e9charpe rouge \u00e0 toutes les saisons, \u00e0 toute \u00e9poque de l&#8217;ann\u00e9e et qui est connu pour \u00e7a.<\/p>\n\n\n\n<p><a id=\"sonaar_ts-6927d3e01492a\" class=\"srmp3_sonaar_ts_shortcode\"  style=\"\" href=\"javascript:sonaar_ts_shortcode({ trackid:'0', time:'00:21:54', ts_id:'6927d3e01492a', play_icon:'' }) ;\">[00:21:54]<\/a> &#8211; Ingrid<br>Ouais, c&#8217;est vrai. En plus, apparemment, les Fran\u00e7ais ont des mani\u00e8res tr\u00e8s sp\u00e9cifiques de mettre leur \u00e9charpe, de la nouer. J&#8217;ai vu une vid\u00e9o \u00e0 un moment, quelqu&#8217;un qui pr\u00e9sentait : \u00ab en France, il y a trois mani\u00e8res de porter son \u00e9charpe \u00bb. Et moi, je me disais \u00ab bah c&#8217;est normal \u00bb. Je ne pensais pas du tout que c&#8217;\u00e9tait un truc particulier parce que, bah, on porte des \u00e9charpes souvent et donc forc\u00e9ment, il y a plusieurs fa\u00e7ons de la porter. Et \u00e7a ne me paraissait pas \u00eatre si sp\u00e9cifique.<\/p>\n\n\n\n<p><a id=\"sonaar_ts-6927d3e01492f\" class=\"srmp3_sonaar_ts_shortcode\"  style=\"\" href=\"javascript:sonaar_ts_shortcode({ trackid:'0', time:'00:22:25', ts_id:'6927d3e01492f', play_icon:'' }) ;\">[00:22:25]<\/a> &#8211; Ingrid<br>Moi, au niveau des v\u00eatements, j&#8217;ai not\u00e9 pas mal de choses. D\u00e9j\u00e0, on pourrait commencer par le fait qu&#8217;en France, c&#8217;est pas aussi normal, c&#8217;est m\u00eame anormal, de porter des leggings ou des joggings pour sortir dans la rue, pour aller \u00e0 l&#8217;universit\u00e9, pour aller m\u00eame acheter son pain. En France, c&#8217;est plut\u00f4t habituel de s&#8217;habiller \u00ab correctement \u00bb, entre guillemets.. Je ne sais pas trop comment le dire, mais voil\u00e0, de s&#8217;habiller, pas avec des v\u00eatements de sport ou des v\u00eatements de maison, quand on sort. J&#8217;ai vu des images de personnes aux \u00c9tats-Unis, par exemple, comme elles vont \u00e0 l&#8217;universit\u00e9, c&#8217;est hyper dr\u00f4le pour les Fran\u00e7ais de voir \u00e7a parce qu&#8217;on a l&#8217;impression que, bah, ils sortent en pyjama. Je sais qu&#8217;au Royaume-Uni aussi, souvent, les gens sortent litt\u00e9ralement en pyjama. En France, \u00e7a ne se fait pas trop.<\/p>\n\n\n\n<p><a id=\"sonaar_ts-6927d3e014934\" class=\"srmp3_sonaar_ts_shortcode\"  style=\"\" href=\"javascript:sonaar_ts_shortcode({ trackid:'0', time:'00:23:33', ts_id:'6927d3e014934', play_icon:'' }) ;\">[00:23:33]<\/a> &#8211; Ingrid<br>Le legging, moi, c&#8217;est quelque chose, quand j&#8217;ai commenc\u00e9 \u00e0 habiter au P\u00e9rou, j&#8217;ai commenc\u00e9 \u00e0 sortir de chez moi en legging, j&#8217;ai trouv\u00e9 \u00e7a, mais, g\u00e9nial et je ne l&#8217;avais jamais fait avant. Et d&#8217;ailleurs, je me rappelle qu&#8217;en rentrant en France, j&#8217;\u00e9tais beaucoup plus souvent en legging et ma s\u0153ur m&#8217;avait fait la remarque de \u00ab Qu&#8217;est-ce qui t&#8217;arrive ? Pourquoi tu sors comme \u00e7a ? \u00bb Et ouais, on m&#8217;a dit que les \u00e9trangers souvent qui vont \u00e0 Paris et en France en g\u00e9n\u00e9ral, se rendent compte que, voil\u00e0, les gens sont habill\u00e9s tout le temps, comme s&#8217;ils allaient faire quelque chose d&#8217;important, qu&#8217;ils allaient travailler ou quoi.<\/p>\n\n\n\n<p><a id=\"sonaar_ts-6927d3e014939\" class=\"srmp3_sonaar_ts_shortcode\"  style=\"\" href=\"javascript:sonaar_ts_shortcode({ trackid:'0', time:'00:24:10', ts_id:'6927d3e014939', play_icon:'' }) ;\">[00:24:10]<\/a> &#8211; Hugo<br>Mais ce qui est bizarre, c&#8217;est que quand on sort, par exemple quand on va en club, on ne fait pas d&#8217;efforts particuliers. Donc on s&#8217;habille \u00e0 peu pr\u00e8s comme on s&#8217;habille pendant la journ\u00e9e et \u00e7a aussi, c&#8217;est quelque chose que les \u00e9trangers trouvent assez bizarre, surtout pour les filles. Parce que c&#8217;est vrai qu&#8217;\u00e0 l&#8217;\u00e9tranger, les filles, quand elles sortent en bo\u00eete, elles mettent des robes, des talons, etc. Alors qu&#8217;en France, c&#8217;est quelque chose qu&#8217;on voit plus rarement. Donc c&#8217;est un peu comme si on avait une esp\u00e8ce d&#8217;uniforme qu&#8217;on porte, voil\u00e0, que ce soit pour aller \u00e0 l&#8217;\u00e9cole, pour aller acheter le pain, pour sortir en club. On a une fa\u00e7on de s&#8217;habiller qui est un peu passe-partout, autrement dit, qui peut correspondre \u00e0 diff\u00e9rentes situations, qui n&#8217;attirent pas l&#8217;attention, etc.<\/p>\n\n\n\n<p><a id=\"sonaar_ts-6927d3e014942\" class=\"srmp3_sonaar_ts_shortcode\"  style=\"\" href=\"javascript:sonaar_ts_shortcode({ trackid:'0', time:'00:25:00', ts_id:'6927d3e014942', play_icon:'' }) ;\">[00:25:00]<\/a> &#8211; Ingrid<br>Et d&#8217;ailleurs, j&#8217;avais not\u00e9 effectivement, je sais que c&#8217;est quelque chose qui surprend beaucoup, surtout au niveau des filles, c&#8217;est que m\u00eame quand on est invit\u00e9, par exemple, \u00e0 un mariage, on ne va pas acheter une robe sp\u00e9ciale pour aller \u00e0 chaque mariage o\u00f9 on est invit\u00e9. On ne va pas porter de robe \u00e0 volants, de paillettes. Et surtout au niveau du maquillage, en France, le maquillage, il est tr\u00e8s uniforme, que ce soit pour la journ\u00e9e ou le soir. Et surtout, on ne va jamais aller se faire maquiller pour une occasion o\u00f9 on est invit\u00e9. \u00c0 la limite, pour son propre mariage. Et encore, moi, la plupart des mariages o\u00f9 j&#8217;ai \u00e9t\u00e9 invit\u00e9e, la mari\u00e9e elle-m\u00eame se faisait son propre maquillage avec peut-\u00eatre une petite touche un peu plus sp\u00e9ciale, un peu plus forc\u00e9e que dans la vie quotidienne, mais pas exag\u00e9r\u00e9e quoi. Donc \u00e7a, je sais que c&#8217;est quelque chose qui surprend. Il y a des pays o\u00f9 on adore, au contraire, dire \u00ab Waouh, ma pote m&#8217;a invit\u00e9 \u00e0 son mariage, je vais faire les magasins, mettre une tenue de princesse et tout. \u00bb \u00c7a, on ne fait pas en France.<\/p>\n\n\n\n<p><a id=\"sonaar_ts-6927d3e014947\" class=\"srmp3_sonaar_ts_shortcode\"  style=\"\" href=\"javascript:sonaar_ts_shortcode({ trackid:'0', time:'00:26:14', ts_id:'6927d3e014947', play_icon:'' }) ;\">[00:26:14]<\/a> &#8211; Hugo<br>Ouais, c&#8217;est vrai qu&#8217;on se met rarement sur notre 31. \u00c7a, c&#8217;est une expression, \u00ab se mettre sur son 31 \u00bb, \u00e7a veut dire s&#8217;habiller de mani\u00e8re tr\u00e8s sophistiqu\u00e9e, s&#8217;habiller du mieux possible, mettre un beau costume pour les hommes ou une belle robe pour les femmes pour une occasion sp\u00e9ciale. Et d&#8217;ailleurs, quand j&#8217;\u00e9tais \u00e0 un mariage en Italie, \u00e0 Rome, l&#8217;\u00e9t\u00e9 dernier, on voyait assez rapidement les Fran\u00e7ais et les Italiens, aussi bien c\u00f4t\u00e9 gar\u00e7on que c\u00f4t\u00e9 fille, m\u00eame si c&#8217;est vrai que les gar\u00e7ons mettent en g\u00e9n\u00e9ral un costume quand ils sont invit\u00e9s \u00e0 un mariage. Et les Fran\u00e7aises aussi portent une robe, mais ce n&#8217;est pas effectivement une robe de princesse tr\u00e8s \u00e9labor\u00e9e. C&#8217;est une robe assez simple qu&#8217;elles pourraient aussi bien porter pour aller au travail en g\u00e9n\u00e9ral. Ce n&#8217;est pas forc\u00e9ment quelque chose de sp\u00e9cial.<\/p>\n\n\n\n<p><a id=\"sonaar_ts-6927d3e01494c\" class=\"srmp3_sonaar_ts_shortcode\"  style=\"\" href=\"javascript:sonaar_ts_shortcode({ trackid:'0', time:'00:27:08', ts_id:'6927d3e01494c', play_icon:'' }) ;\">[00:27:08]<\/a> &#8211; Ingrid<br>Qu&#8217;on r\u00e9utilise de fait.<\/p>\n\n\n\n<p><a id=\"sonaar_ts-6927d3e014951\" class=\"srmp3_sonaar_ts_shortcode\"  style=\"\" href=\"javascript:sonaar_ts_shortcode({ trackid:'0', time:'00:27:10', ts_id:'6927d3e014951', play_icon:'' }) ;\">[00:27:10]<\/a> &#8211; Hugo<br>Voil\u00e0. Qu&#8217;on r\u00e9utilise, qui n&#8217;a pas \u00e9t\u00e9 achet\u00e9e sp\u00e9cialement pour l&#8217;occasion, alors que les Italiens et les Italiennes \u00e9taient vraiment beaucoup plus chics. On sentait que, voil\u00e0, c&#8217;\u00e9tait des costumes et des robes qu&#8217;ils ne mettaient pas pour aller au travail ou pour, voil\u00e0, sortir dans la rue. Donc \u00e7a aussi, \u00e7a fait partie des habitudes des Fran\u00e7ais.<\/p>\n\n\n\n<p><a id=\"sonaar_ts-6927d3e014955\" class=\"srmp3_sonaar_ts_shortcode\"  style=\"\" href=\"javascript:sonaar_ts_shortcode({ trackid:'0', time:'00:27:30', ts_id:'6927d3e014955', play_icon:'' }) ;\">[00:27:30]<\/a> &#8211; Ingrid<br>Et derni\u00e8re chose qui rejoint tout \u00e7a, c&#8217;est qu&#8217;en g\u00e9n\u00e9ral, en France, on utilise beaucoup la couleur noire pour s&#8217;habiller. Et \u00e7a, c&#8217;est aussi quelque chose qui marque beaucoup les \u00e9trangers qui visitent la France, parce que d&#8217;un seul coup d&#8217;\u0153il, quand on se balade dans la rue, quand on est dans le m\u00e9tro ou quoi, on voit qu&#8217;il y a peu de couleurs qui sont port\u00e9es. C&#8217;est noir, gris.<\/p>\n\n\n\n<p><a id=\"sonaar_ts-6927d3e01495f\" class=\"srmp3_sonaar_ts_shortcode\"  style=\"\" href=\"javascript:sonaar_ts_shortcode({ trackid:'0', time:'00:27:57', ts_id:'6927d3e01495f', play_icon:'' }) ;\">[00:27:57]<\/a> &#8211; Hugo<br>Bleu marine.<\/p>\n\n\n\n<p><a id=\"sonaar_ts-6927d3e014964\" class=\"srmp3_sonaar_ts_shortcode\"  style=\"\" href=\"javascript:sonaar_ts_shortcode({ trackid:'0', time:'00:27:59', ts_id:'6927d3e014964', play_icon:'' }) ;\">[00:27:59]<\/a> &#8211; Ingrid<br>Bleu marine, voil\u00e0. Et donc, pour toutes les occasions comme \u00e7a, \u00e7a fonctionne, \u00e7a reste \u00e9l\u00e9gant et on ne se prend pas la t\u00eate, en fait, avec des couleurs un peu plus fantaisie.<\/p>\n\n\n\n<p><a id=\"sonaar_ts-6927d3e014969\" class=\"srmp3_sonaar_ts_shortcode\"  style=\"\" href=\"javascript:sonaar_ts_shortcode({ trackid:'0', time:'00:28:11', ts_id:'6927d3e014969', play_icon:'' }) ;\">[00:28:11]<\/a> &#8211; Hugo<br>C&#8217;est vrai. J&#8217;ai l&#8217;impression qu&#8217;on a trouv\u00e9 un style fran\u00e7ais et qu&#8217;on ne prend pas trop de risques, qu&#8217;on n&#8217;essaye pas de nouvelles tenues, de nouvelles modes et, voil\u00e0, qu&#8217;on reste sur ce style qu&#8217;on a trouv\u00e9 et qui nous semble bien adapt\u00e9 \u00e0 toutes les situations. On va passer peut-\u00eatre aux habitudes de la vie quotidienne maintenant.<\/p>\n\n\n\n<p><a id=\"sonaar_ts-6927d3e01496e\" class=\"srmp3_sonaar_ts_shortcode\"  style=\"\" href=\"javascript:sonaar_ts_shortcode({ trackid:'0', time:'00:28:42', ts_id:'6927d3e01496e', play_icon:'' }) ;\">[00:28:42]<\/a> &#8211; Ingrid<br>Peut-\u00eatre qu&#8217;on peut commencer par le d\u00e9but de la journ\u00e9e et je pense notamment \u00e0 la fa\u00e7on de se saluer. En France, il y a quelque chose qui s&#8217;appelle &#8220;la bise&#8221;. C&#8217;est la mani\u00e8re dont on se dit bonjour et au revoir aussi, mais surtout bonjour. On se fait des bisous sur la joue et il y a des codes hyper bizarres, m\u00eame pour nous, Fran\u00e7ais, je pense que \u00e7a reste bizarre, parce que suivant les r\u00e9gions o\u00f9 on se trouve, on va devoir faire soit deux bisous, soit quatre. Peut-\u00eatre qu&#8217;il y a m\u00eame des r\u00e9gions o\u00f9 il y en a trois, je ne sais pas. Et puis pareil, il y a des diff\u00e9rences. Parfois, on commence par la joue droite et puis parfois par la joue gauche. Donc, il faut un peu savoir, voil\u00e0, comment \u00e7a se fait dans la r\u00e9gion o\u00f9 on est. Et voil\u00e0, c&#8217;est quelque chose qui est tr\u00e8s traditionnel, qu&#8217;on fait tout le temps, qu&#8217;on fait dans beaucoup d&#8217;occasions. Et souvent, les \u00e9trangers sont un peu perturb\u00e9s par cette fa\u00e7on de se saluer.<\/p>\n\n\n\n<p><a id=\"sonaar_ts-6927d3e014973\" class=\"srmp3_sonaar_ts_shortcode\"  style=\"\" href=\"javascript:sonaar_ts_shortcode({ trackid:'0', time:'00:29:46', ts_id:'6927d3e014973', play_icon:'' }) ;\">[00:29:46]<\/a> &#8211; Hugo<br>Ouais, les hommes aussi se font la bise quand ils se connaissent bien ou quand ils font partie de la m\u00eame famille. Mais sinon, quand c&#8217;est au travail ou des coll\u00e8gues dont on n&#8217;est pas sp\u00e9cialement proches, on a plut\u00f4t tendance \u00e0 se serrer la main. Mais un homme et une femme se feront en g\u00e9n\u00e9ral la bise. Et je sais que pour les Fran\u00e7ais, c&#8217;est assez bizarre de voir un homme serrer la main d&#8217;une femme. Par exemple, je sais qu&#8217;en Pologne, \u00e7a se fait et les femmes se serrent la main aussi entre elles quand c&#8217;est des relations un peu plus formelles. Et nous, avec nos yeux de Fran\u00e7ais, c&#8217;est un peu \u00e9trange parce que, et bon, c&#8217;est aussi un h\u00e9ritage de notre soci\u00e9t\u00e9 patriarcale, mais d\u00e8s qu&#8217;il y a une femme, forc\u00e9ment, on doit faire la bise. C&#8217;est assez bizarre, non, qu&#8217;une femme serre la main en France ?<\/p>\n\n\n\n<p><a id=\"sonaar_ts-6927d3e014978\" class=\"srmp3_sonaar_ts_shortcode\"  style=\"\" href=\"javascript:sonaar_ts_shortcode({ trackid:'0', time:'00:30:36', ts_id:'6927d3e014978', play_icon:'' }) ;\">[00:30:36]<\/a> &#8211; Ingrid<br>Ouais, \u00e7a arrive de temps en temps. Par exemple, si je vais \u00e0 un entretien d&#8217;embauche et que c&#8217;est une femme qui me fait passer l&#8217;entretien, on va se serrer la main. Je ne vais jamais faire la bise \u00e0 quelqu&#8217;un dans un contexte tr\u00e8s, tr\u00e8s formel. Apr\u00e8s, au travail, souvent, on finit par ne pas dire bonjour individuellement. Voil\u00e0, quand on voit les gens tous les jours, on fait \u00ab bonjour \u00bb g\u00e9n\u00e9ral, de loin, mais quand m\u00eame, il y a beaucoup, beaucoup d&#8217;occasions o\u00f9 on fait la bise. Et pour les femmes, c&#8217;est tr\u00e8s rare de ne pas faire la bise.<\/p>\n\n\n\n<p><a id=\"sonaar_ts-6927d3e014980\" class=\"srmp3_sonaar_ts_shortcode\"  style=\"\" href=\"javascript:sonaar_ts_shortcode({ trackid:'0', time:'00:30:55', ts_id:'6927d3e014980', play_icon:'' }) ;\">[00:30:55]<\/a> &#8211; Ingrid<br>Avec le Covid, il y a eu un peu de changement, mais j&#8217;ai l&#8217;impression qu&#8217;il y a eu un moment o\u00f9 \u00e7a se faisait moins et puis c&#8217;est revenu de plus en plus. Voil\u00e0. Personnellement, je trouve que ce serait bien que \u00e7a s&#8217;arr\u00eate. Moi, \u00e7a ne me d\u00e9range pas du tout. Je suis quelqu&#8217;un de tr\u00e8s sociable, chaleureuse, \u00e7a ne me d\u00e9range pas, mais je sais que pour beaucoup de femmes, c&#8217;est g\u00eanant, et donc que ce serait bien que ce ne soit pas la r\u00e8gle. \u00c7a, c&#8217;est mon avis quand je vois les t\u00e9moignages de certaines y a une femme qui se sent tr\u00e8s g\u00ean\u00e9es, qui aimeraient ne pas le faire. Et c&#8217;est vrai que je me dis \u00ab bah pourquoi on est oblig\u00e9, on se sent oblig\u00e9, d&#8217;avoir un contact aussi physique avec les autres ? \u00bb Apr\u00e8s, le c\u00e2lin que les gens font dans d&#8217;autres pays, ce n&#8217;est pas forc\u00e9ment beaucoup plus agr\u00e9able, je pense, quand on conna\u00eet pas ou quand on n&#8217;appr\u00e9cie pas trop la personne en face.<\/p>\n\n\n\n<p><a id=\"sonaar_ts-6927d3e014985\" class=\"srmp3_sonaar_ts_shortcode\"  style=\"\" href=\"javascript:sonaar_ts_shortcode({ trackid:'0', time:'00:32:06', ts_id:'6927d3e014985', play_icon:'' }) ;\">[00:32:06]<\/a> &#8211; Hugo<br>C&#8217;est vrai, c&#8217;est vrai. En plus, on dit \u00ab faire la bise \u00bb, mais en g\u00e9n\u00e9ral, on n&#8217;embrasse pas vraiment la joue de la personne.<\/p>\n\n\n\n<p><a id=\"sonaar_ts-6927d3e01498a\" class=\"srmp3_sonaar_ts_shortcode\"  style=\"\" href=\"javascript:sonaar_ts_shortcode({ trackid:'0', time:'00:32:12', ts_id:'6927d3e01498a', play_icon:'' }) ;\">[00:32:12]<\/a> &#8211; Ingrid<br>On ne fait pas de bisous.<\/p>\n\n\n\n<p><a id=\"sonaar_ts-6927d3e01498e\" class=\"srmp3_sonaar_ts_shortcode\"  style=\"\" href=\"javascript:sonaar_ts_shortcode({ trackid:'0', time:'00:32:13', ts_id:'6927d3e01498e', play_icon:'' }) ;\">[00:32:13]<\/a> &#8211; Hugo<br>Voil\u00e0, on colle juste notre joue sur celle de la personne \u00e0 qui on dit bonjour.<\/p>\n\n\n\n<p><a id=\"sonaar_ts-6927d3e014993\" class=\"srmp3_sonaar_ts_shortcode\"  style=\"\" href=\"javascript:sonaar_ts_shortcode({ trackid:'0', time:'00:32:18', ts_id:'6927d3e014993', play_icon:'' }) ;\">[00:32:18]<\/a> &#8211; Ingrid<br>On fait un bisou un peu dans l&#8217;air. D&#8217;ailleurs, c&#8217;est bizarre, non ? Il y a des personnes qui font vraiment *bruit de bise*, qui tournent la t\u00eate pour faire un vrai bisou sur la joue.<\/p>\n\n\n\n<p><a id=\"sonaar_ts-6927d3e014998\" class=\"srmp3_sonaar_ts_shortcode\"  style=\"\" href=\"javascript:sonaar_ts_shortcode({ trackid:'0', time:'00:32:27', ts_id:'6927d3e014998', play_icon:'' }) ;\">[00:32:27]<\/a> &#8211; Hugo<br>Et l\u00e0, \u00e7a, c&#8217;est un peu \u00e9trange. Oui, donc, un conseil qu&#8217;on vous donne : si vous faites la bise en France, n&#8217;embrassez pas la joue de la personne, mais voil\u00e0, essayez simplement de coller votre joue et puis vous faites le bruit avec vos l\u00e8vres. Vous faites *bruit de bise*. Mais, voil\u00e0, c&#8217;est plut\u00f4t, comme tu dis, un bisou dans l&#8217;air que vraiment un bisou sur la joue de la personne qu&#8217;on veut saluer. D&#8217;ailleurs, je ne me souviens pas la premi\u00e8re fois qu&#8217;on s&#8217;est vu, si on s&#8217;est fait la bise ou comment on s&#8217;est dit bonjour. Peut-\u00eatre qu&#8217;on s&#8217;est juste dit bonjour \u00e0 distance, je ne sais pas.<\/p>\n\n\n\n<p><a id=\"sonaar_ts-6927d3e0149a0\" class=\"srmp3_sonaar_ts_shortcode\"  style=\"\" href=\"javascript:sonaar_ts_shortcode({ trackid:'0', time:'00:32:57', ts_id:'6927d3e0149a0', play_icon:'' }) ;\">[00:32:57]<\/a> &#8211; Ingrid<br>Je ne me rappelle plus. Tu vois, enfin, c&#8217;est tellement&#8230; C&#8217;est possible qu&#8217;on se soit fait la bise sans m\u00eame s&#8217;en rappeler, puisque c&#8217;est tellement les habitudes. Mais c&#8217;est vrai que moi, je le fais pas tout le temps donc&#8230; \u00c7a arrive parfois qu&#8217;il y ait des grands groupes, par exemple, et que j&#8217;arrive en m\u00eame temps qu&#8217;une autre personne et que l&#8217;autre personne se mette \u00e0 faire la bise \u00e0 tout le monde et je me dise : \u00ab Oh non ! \u00bb<\/p>\n\n\n\n<p><a id=\"sonaar_ts-6927d3e0149a5\" class=\"srmp3_sonaar_ts_shortcode\"  style=\"\" href=\"javascript:sonaar_ts_shortcode({ trackid:'0', time:'00:33:20', ts_id:'6927d3e0149a5', play_icon:'' }) ;\">[00:33:20]<\/a> &#8211; Hugo<br>Toi aussi tu dois le faire.<\/p>\n\n\n\n<p><a id=\"sonaar_ts-6927d3e0149a9\" class=\"srmp3_sonaar_ts_shortcode\"  style=\"\" href=\"javascript:sonaar_ts_shortcode({ trackid:'0', time:'00:33:21', ts_id:'6927d3e0149a9', play_icon:'' }) ;\">[00:33:21]<\/a> &#8211; Ingrid<br>\u00ab \u00c7a veut dire que je vais devoir faire la m\u00eame chose. \u00bb<\/p>\n\n\n\n<p><a id=\"sonaar_ts-6927d3e0149ae\" class=\"srmp3_sonaar_ts_shortcode\"  style=\"\" href=\"javascript:sonaar_ts_shortcode({ trackid:'0', time:'00:33:25', ts_id:'6927d3e0149ae', play_icon:'' }) ;\">[00:33:25]<\/a> &#8211; Hugo<br>Voil\u00e0, donc vous voyez, m\u00eame pour les Fran\u00e7ais, la bise, ce n&#8217;est pas toujours \u00e9vident. Donc ne vous inqui\u00e9tez pas si vous allez en France et si vous n&#8217;\u00eates pas s\u00fbr de savoir combien il faut faire de bises, etc. On vous pardonnera, on comprendra aucun probl\u00e8me.<\/p>\n\n\n\n<p><a id=\"sonaar_ts-6927d3e0149b3\" class=\"srmp3_sonaar_ts_shortcode\"  style=\"\" href=\"javascript:sonaar_ts_shortcode({ trackid:'0', time:'00:33:40', ts_id:'6927d3e0149b3', play_icon:'' }) ;\">[00:33:40]<\/a> &#8211; Hugo<br>Il y a une autre habitude dont je me suis rendu compte la derni\u00e8re fois que j&#8217;\u00e9tais en France avec ma copine, c&#8217;est qu&#8217;on ne prend pas en compte les feux de signalisation quand on est pi\u00e9ton. Autrement dit, on traverse syst\u00e9matiquement quand le feu est rouge pour les pi\u00e9tons, on fait plus confiance \u00e0 notre propre capacit\u00e9 \u00e0 \u00e9valuer s&#8217;il y a une voiture ou pas plut\u00f4t qu&#8217;aux feux de signalisation. Et c&#8217;est vrai qu&#8217;en Pologne, c&#8217;est quelque chose que les gens respectent beaucoup. Si le feu est rouge, m\u00eame s&#8217;il n&#8217;y a pas de voiture, on ne traverse pas. D&#8217;ailleurs, il y a des policiers qui distribuent des amendes r\u00e9guli\u00e8rement aux touristes, notamment aux Fran\u00e7ais, qui s&#8217;amusent \u00e0 traverser quand le feu est rouge.<\/p>\n\n\n\n<p><a id=\"sonaar_ts-6927d3e0149b7\" class=\"srmp3_sonaar_ts_shortcode\"  style=\"\" href=\"javascript:sonaar_ts_shortcode({ trackid:'0', time:'00:34:26', ts_id:'6927d3e0149b7', play_icon:'' }) ;\">[00:34:26]<\/a> &#8211; Ingrid<br>Ah ouais ? Aux pi\u00e9tons ?<\/p>\n\n\n\n<p><a id=\"sonaar_ts-6927d3e0149bc\" class=\"srmp3_sonaar_ts_shortcode\"  style=\"\" href=\"javascript:sonaar_ts_shortcode({ trackid:'0', time:'00:34:26', ts_id:'6927d3e0149bc', play_icon:'' }) ;\">[00:34:26]<\/a> &#8211; Hugo<br>Et au contraire, quand on \u00e9tait \u00e0 Paris, ma copine n&#8217;osait pas traverser la rue et moi, voil\u00e0, d\u00e8s que je pose le pied \u00e0 Paris, c&#8217;est bon. La ville est mon terrain de jeu, donc, voil\u00e0, je ne fais pas du tout attention au feu et s&#8217;il n&#8217;y a pas de voiture, je traverse. Et \u00e7a a pris deux ou trois jours, mais j&#8217;ai r\u00e9ussi \u00e0 la convaincre et \u00e0 la fin, voil\u00e0, elle aussi, elle traversait quand le feu \u00e9tait rouge. Donc, elle a r\u00e9ussi \u00e0 prendre une bonne habitude.<\/p>\n\n\n\n<p><a id=\"sonaar_ts-6927d3e0149c0\" class=\"srmp3_sonaar_ts_shortcode\"  style=\"\" href=\"javascript:sonaar_ts_shortcode({ trackid:'0', time:'00:34:52', ts_id:'6927d3e0149c0', play_icon:'' }) ;\">[00:34:52]<\/a> &#8211; Ingrid<br>Bien les Fran\u00e7ais, qui convertissent les \u00e9trangers&#8230;<\/p>\n\n\n\n<p><a id=\"sonaar_ts-6927d3e0149c9\" class=\"srmp3_sonaar_ts_shortcode\"  style=\"\" href=\"javascript:sonaar_ts_shortcode({ trackid:'0', time:'00:34:57', ts_id:'6927d3e0149c9', play_icon:'' }) ;\">[00:34:57]<\/a> &#8211; Hugo<br>C&#8217;est comme \u00e7a au P\u00e9rou et en Am\u00e9rique latine, les gens traversent aussi au rouge ?<\/p>\n\n\n\n<p><a id=\"sonaar_ts-6927d3e0149ce\" class=\"srmp3_sonaar_ts_shortcode\"  style=\"\" href=\"javascript:sonaar_ts_shortcode({ trackid:'0', time:'00:35:01', ts_id:'6927d3e0149ce', play_icon:'' }) ;\">[00:35:01]<\/a> &#8211; Ingrid<br>Il n&#8217;y a pas de r\u00e8gle en Am\u00e9rique latine. Il y en a beaucoup qui ne traversent pas au rouge parce qu&#8217;ils ont peur. Et ils ont raison d&#8217;avoir peur. Donc, au P\u00e9rou en tout cas. Enfin, Lima, c&#8217;est une des villes avec la pire circulation au monde. Donc \u00e7a d\u00e9pend. C&#8217;est plut\u00f4t, \u00e0 Lima, je dirais, les gens ne traversent pas toujours au vert. Parce que les voitures, ce n&#8217;est pas parce que c&#8217;est vert qu&#8217;elles vont te laisser passer et elles pourraient t&#8217;\u00e9craser sans aucun probl\u00e8me, alors m\u00eame que le feu est vert pour toi. Donc c&#8217;est plut\u00f4t le contraire. Moi, en tant que Fran\u00e7aise, j&#8217;ai tendance \u00e0 traverser parce que c&#8217;est vert en mettant ma main vraiment pour dire \u00ab stop \u00bb, en faisant genre \u00ab merci \u00bb et en for\u00e7ant les voitures alors que beaucoup qui sont habitu\u00e9s au fait qu&#8217;il y a beaucoup d&#8217;accidents disent : \u00ab mais non, mais t&#8217;es folle, ils vont t&#8217;\u00e9craser ! \u00bb Donc voil\u00e0.<\/p>\n\n\n\n<p><a id=\"sonaar_ts-6927d3e0149d3\" class=\"srmp3_sonaar_ts_shortcode\"  style=\"\" href=\"javascript:sonaar_ts_shortcode({ trackid:'0', time:'00:35:56', ts_id:'6927d3e0149d3', play_icon:'' }) ;\">[00:35:56]<\/a> &#8211; Ingrid<br>Je pense qu&#8217;\u00e0 Paris, en France en g\u00e9n\u00e9ral, les gens, quand m\u00eame, laissent beaucoup passer et que j&#8217;ai l&#8217;impression qu&#8217;en France, la r\u00e8gle, c&#8217;est plut\u00f4t que le feu, \u00e7a sert plut\u00f4t pour les voitures, pour que les voitures s&#8217;arr\u00eatent et laissent passer quand c&#8217;est un endroit o\u00f9 il y a beaucoup de circulation. Mais personne ne s&#8217;attend \u00e0 ce que les pi\u00e9tons traversent seulement quand c&#8217;est vert. Et de fait, la loi, c&#8217;est qu&#8217;\u00e0 partir du moment o\u00f9 le pi\u00e9ton a pos\u00e9 un pied ou a montr\u00e9 qu&#8217;il allait s&#8217;engager, peu importe que le feu soit vert ou rouge pour qui, c&#8217;est \u00e0 la voiture de laisser passer. En France, c&#8217;est toujours le pi\u00e9ton qui a raison, peu importe les feux. Donc je pense que \u00e7a, \u00e7a fait que nous, on est beaucoup plus \u00e0 cheval sur \u00ab J&#8217;ai le droit de passer \u00bb et en m\u00eame temps, ce n&#8217;est pas parce que c&#8217;est rouge que je ne vais pas passer. Je ne sais pas si c&#8217;est compr\u00e9hensible.<\/p>\n\n\n\n<p><a id=\"sonaar_ts-6927d3e0149d8\" class=\"srmp3_sonaar_ts_shortcode\"  style=\"\" href=\"javascript:sonaar_ts_shortcode({ trackid:'0', time:'00:36:54', ts_id:'6927d3e0149d8', play_icon:'' }) ;\">[00:36:54]<\/a> &#8211; Hugo<br>Si, le pi\u00e9ton est roi en France.<\/p>\n\n\n\n<p><a id=\"sonaar_ts-6927d3e0149dd\" class=\"srmp3_sonaar_ts_shortcode\"  style=\"\" href=\"javascript:sonaar_ts_shortcode({ trackid:'0', time:'00:36:56', ts_id:'6927d3e0149dd', play_icon:'' }) ;\">[00:36:56]<\/a> &#8211; Ingrid<br>Exactement, c&#8217;est \u00e7a. Le pi\u00e9ton est roi.<\/p>\n\n\n\n<p><a id=\"sonaar_ts-6927d3e0149e2\" class=\"srmp3_sonaar_ts_shortcode\"  style=\"\" href=\"javascript:sonaar_ts_shortcode({ trackid:'0', time:'00:36:58', ts_id:'6927d3e0149e2', play_icon:'' }) ;\">[00:36:58]<\/a> &#8211; Hugo<br>Une derni\u00e8re habitude pour terminer l&#8217;\u00e9pisode ? Parce que je pense qu&#8217;on a largement d\u00e9pass\u00e9 les 30 minutes.<\/p>\n\n\n\n<p><a id=\"sonaar_ts-6927d3e0149ec\" class=\"srmp3_sonaar_ts_shortcode\"  style=\"\" href=\"javascript:sonaar_ts_shortcode({ trackid:'0', time:'00:37:04', ts_id:'6927d3e0149ec', play_icon:'' }) ;\">[00:37:04]<\/a> &#8211; Ingrid<br>Bah je pense qu&#8217;on peut terminer avec quelque chose qui choque beaucoup les \u00e9trangers, je pense : c&#8217;est le fait qu&#8217;en France, tout le monde fume. Quand je dis \u00ab tout le monde \u00bb, c&#8217;est exag\u00e9r\u00e9, mais \u00e0 peine. Euh vraiment, il y a de la cigarette partout, partout. Dans tous les bars, il va y avoir sur la terrasse que des tables fumeurs, on va forc\u00e9ment se prendre de la fum\u00e9e dans la figure. Et personnellement, je connais vraiment tr\u00e8s peu de personnes&#8230; Je pense que je peux compter sur une main les personnes que je connais qui n&#8217;ont jamais fum\u00e9 de leur vie, qui n&#8217;ont jamais \u00e9t\u00e9 fumeurs. Parce qu&#8217;apr\u00e8s, on arr\u00eate. De temps en temps, pour certaines personnes, c&#8217;est occasionnel. Mais c&#8217;est vrai que c&#8217;est quelque chose qui est tr\u00e8s fran\u00e7ais et c&#8217;est un gros clich\u00e9 sur la France, mais qui se v\u00e9rifie, il faut le dire.<\/p>\n\n\n\n<p><a id=\"sonaar_ts-6927d3e0149f2\" class=\"srmp3_sonaar_ts_shortcode\"  style=\"\" href=\"javascript:sonaar_ts_shortcode({ trackid:'0', time:'00:37:57', ts_id:'6927d3e0149f2', play_icon:'' }) ;\">[00:37:57]<\/a> &#8211; Hugo<br>Maintenant, j&#8217;ai l&#8217;impression qu&#8217;il y a de plus en plus de Fran\u00e7ais qui ont arr\u00eat\u00e9 de fumer et qui vapotent \u00e0 la place, qui utilisent une cigarette \u00e9lectronique, ce qui est un peu moins g\u00eanant au niveau de l&#8217;odeur et de la fum\u00e9e pour les autres. Mais de mani\u00e8re g\u00e9n\u00e9rale, j&#8217;ai l&#8217;impression quand m\u00eame que les gens fument beaucoup moins maintenant qu&#8217;il y a 20 ans, par exemple.<\/p>\n\n\n\n<p><a id=\"sonaar_ts-6927d3e0149f7\" class=\"srmp3_sonaar_ts_shortcode\"  style=\"\" href=\"javascript:sonaar_ts_shortcode({ trackid:'0', time:'00:38:20', ts_id:'6927d3e0149f7', play_icon:'' }) ;\">[00:38:20]<\/a> &#8211; Ingrid<br>Ouais, moins, mais par rapport \u00e0&#8230; Il faudrait voir les statistiques, mais je crois que la France reste un pays de gros fumeurs compar\u00e9 \u00e0 certains pays o\u00f9 c&#8217;est quelque chose qui est vraiment tr\u00e8s rare. C&#8217;est s\u00fbr qu&#8217;on ne peut pas faire pire que ce que c&#8217;\u00e9tait il y a 20 ans, je pense.<\/p>\n\n\n\n<p><a id=\"sonaar_ts-6927d3e0149fc\" class=\"srmp3_sonaar_ts_shortcode\"  style=\"\" href=\"javascript:sonaar_ts_shortcode({ trackid:'0', time:'00:38:35', ts_id:'6927d3e0149fc', play_icon:'' }) ;\">[00:38:35]<\/a> &#8211; Hugo<br>C&#8217;est vrai, notamment aussi parce que le prix du paquet de cigarettes a beaucoup augment\u00e9 ces derni\u00e8res ann\u00e9es. Je crois qu&#8217;il est \u00e0 quasiment plus de 10 \u20ac maintenant pour certaines marques.<\/p>\n\n\n\n<p><a id=\"sonaar_ts-6927d3e014a01\" class=\"srmp3_sonaar_ts_shortcode\"  style=\"\" href=\"javascript:sonaar_ts_shortcode({ trackid:'0', time:'00:38:44', ts_id:'6927d3e014a01', play_icon:'' }) ;\">[00:38:44]<\/a> &#8211; Ingrid<br>Plus de 10 \u20ac, ouais.<\/p>\n\n\n\n<p><a id=\"sonaar_ts-6927d3e014a07\" class=\"srmp3_sonaar_ts_shortcode\"  style=\"\" href=\"javascript:sonaar_ts_shortcode({ trackid:'0', time:'00:38:45', ts_id:'6927d3e014a07', play_icon:'' }) ;\">[00:38:45]<\/a> &#8211; Hugo<br>Donc pour les jeunes, \u00e7a devient tr\u00e8s difficile de fumer, d&#8217;acheter des paquets de cigarettes. Et c&#8217;est pour \u00e7a qu&#8217;il me semble qu&#8217;on commence \u00e0 fumer de plus en plus tard maintenant en France.<\/p>\n\n\n\n<p><a id=\"sonaar_ts-6927d3e014a0c\" class=\"srmp3_sonaar_ts_shortcode\"  style=\"\" href=\"javascript:sonaar_ts_shortcode({ trackid:'0', time:'00:39:06', ts_id:'6927d3e014a0c', play_icon:'' }) ;\">[00:39:06]<\/a> &#8211; Hugo<br>Tr\u00e8s bien, alors vous entendez qu&#8217;en g\u00e9n\u00e9ral, dans nos conversations, nos \u00e9pisodes \u00e0 deux, on parle de mani\u00e8re de plus en plus naturelle, de plus en plus informelle. \u00c7a fait partie de notre objectif, comme on vous le dit, de vous aider \u00e0 comprendre les Fran\u00e7ais et pas seulement les profs de fran\u00e7ais. Mais si c&#8217;est quelque chose qui vous pose encore probl\u00e8me, je profite de la fin de cet \u00e9pisode pour vous dire que le cours Raconte ton histoire est ouvert. J&#8217;en ai d\u00e9j\u00e0 beaucoup parl\u00e9. Je pense que vous savez de quoi il s&#8217;agit. C&#8217;est un cours, justement, pour comprendre les Fran\u00e7ais. Dedans, en fait, je discute avec plusieurs de mes amis et je vous aide \u00e0 comprendre nos conversations. Il y a des quiz de compr\u00e9hension, des quiz de vocabulaire. J&#8217;analyse avec vous ces interviews comme si j&#8217;\u00e9tais \u00e0 c\u00f4t\u00e9 de vous pour vous expliquer certaines expressions, certaines r\u00e8gles de grammaire, etc.<\/p>\n\n\n\n<p><a id=\"sonaar_ts-6927d3e014a16\" class=\"srmp3_sonaar_ts_shortcode\"  style=\"\" href=\"javascript:sonaar_ts_shortcode({ trackid:'0', time:'00:40:03', ts_id:'6927d3e014a16', play_icon:'' }) ;\">[00:40:03]<\/a> &#8211; Hugo<br>Et Ingrid, c&#8217;est toi qui r\u00e9pond \u00e0 la plupart des questions dans le cours, aux commentaires, parce qu&#8217;\u00e9videmment, s&#8217;il y a des points que les \u00e9l\u00e8ves ne comprennent pas, ils peuvent poser leurs questions directement dans le cours, faire les exercices, etc. Et toi, tu es l\u00e0 pour r\u00e9pondre \u00e0 toutes leurs questions.<\/p>\n\n\n\n<p><a id=\"sonaar_ts-6927d3e014a1b\" class=\"srmp3_sonaar_ts_shortcode\"  style=\"\" href=\"javascript:sonaar_ts_shortcode({ trackid:'0', time:'00:40:20', ts_id:'6927d3e014a1b', play_icon:'' }) ;\">[00:40:20]<\/a> &#8211; Ingrid<br>Oui ! Je vous attends avec impatience dans les commentaires. Vous pouvez me poser toutes les questions que vous voulez.<\/p>\n\n\n\n<p><a id=\"sonaar_ts-6927d3e014a20\" class=\"srmp3_sonaar_ts_shortcode\"  style=\"\" href=\"javascript:sonaar_ts_shortcode({ trackid:'0', time:'00:40:27', ts_id:'6927d3e014a20', play_icon:'' }) ;\">[00:40:27]<\/a> &#8211; Hugo<br>C&#8217;est tout pour cet \u00e9pisode. D\u00e9sol\u00e9, on a \u00e9t\u00e9 un peu longs, on avait beaucoup de choses \u00e0 dire. Si le sujet vous a plu, dites le nous dans les commentaires. On pourra faire une partie deux parce qu&#8217;il nous restait pas mal d&#8217;habitudes dont on n&#8217;a pas parl\u00e9. En tout cas, moi, je me suis bien amus\u00e9. Je ne sais pas si toi aussi, Ingrid.<\/p>\n\n\n\n<p><a id=\"sonaar_ts-6927d3e014a25\" class=\"srmp3_sonaar_ts_shortcode\"  style=\"\" href=\"javascript:sonaar_ts_shortcode({ trackid:'0', time:'00:40:44', ts_id:'6927d3e014a25', play_icon:'' }) ;\">[00:40:44]<\/a> &#8211; Ingrid<br>Ouais, moi aussi. Et c&#8217;est vrai que j&#8217;avais not\u00e9 encore plein de choses.Donc si jamais \u00e7a vous a plu, c&#8217;est rigolo pour nous, donc n&#8217;h\u00e9sitez pas \u00e0 nous le dire.<\/p>\n\n\n\n<p><a id=\"sonaar_ts-6927d3e014a2b\" class=\"srmp3_sonaar_ts_shortcode\"  style=\"\" href=\"javascript:sonaar_ts_shortcode({ trackid:'0', time:'00:40:54', ts_id:'6927d3e014a2b', play_icon:'' }) ;\">[00:40:54]<\/a> &#8211; Ingrid<br>Merci Hugo.<\/p>\n\n\n\n<p><a id=\"sonaar_ts-6927d3e014a31\" class=\"srmp3_sonaar_ts_shortcode\"  style=\"\" href=\"javascript:sonaar_ts_shortcode({ trackid:'0', time:'00:40:56', ts_id:'6927d3e014a31', play_icon:'' }) ;\">[00:40:56]<\/a> &#8211; Hugo<br>Merci \u00e0 toi, Ingrid. Merci aux auditeurs pour votre attention.<\/p>\n\n\n\n<p><a id=\"sonaar_ts-6927d3e014a36\" class=\"srmp3_sonaar_ts_shortcode\"  style=\"\" href=\"javascript:sonaar_ts_shortcode({ trackid:'0', time:'00:40:59', ts_id:'6927d3e014a36', play_icon:'' }) ;\">[00:40:59]<\/a> &#8211; Ingrid<br>Et on se retrouve tr\u00e8s bient\u00f4t. Salut, salut.<\/p>\n\n\n\n<p><a id=\"sonaar_ts-6927d3e014a3b\" class=\"srmp3_sonaar_ts_shortcode\"  style=\"\" href=\"javascript:sonaar_ts_shortcode({ trackid:'0', time:'00:41:02', ts_id:'6927d3e014a3b', play_icon:'' }) ;\">[00:41:02]<\/a> &#8211; Hugo<br>\u00c0 bient\u00f4t.<\/p>\n","protected":false},"excerpt":{"rendered":"<p>&#8211; HugoSalut \u00e0 toutes et \u00e0 tous et salut Ingrid. &#8211; IngridSalut Hugo, comment tu vas ? &#8211; Hugo\u00c7a va et toi ? &#8211; Ingrid\u00c7a va, tranquille. &#8211; HugoTu as v\u00e9cu des aventures hier ? On en parlait avant le d\u00e9but de l&#8217;\u00e9pisode et je pense que \u00e7a peut faire une bonne introduction pour notre&#8230;<\/p>\n","protected":false},"author":17473,"featured_media":201853,"comment_status":"open","ping_status":"open","sticky":false,"template":"","format":[191],"meta":{"_acf_changed":false,"_kad_blocks_custom_css":"","_kad_blocks_head_custom_js":"","_kad_blocks_body_custom_js":"","_kad_blocks_footer_custom_js":"","_kad_post_transparent":"","_kad_post_title":"","_kad_post_layout":"","_kad_post_sidebar_id":"","_kad_post_content_style":"","_kad_post_vertical_padding":"","_kad_post_feature":"","_kad_post_feature_position":"","_kad_post_header":false,"_kad_post_footer":false,"_kad_post_classname":"","footnotes":""},"categories":[168],"tags":[175,172],"class_list":["post-201852","post","type-post","status-publish","format-standard","has-post-thumbnail","hentry","category-podcast","tag-france","tag-societe","format-duo-hugo-ingrid"],"acf":[],"taxonomy_info":{"category":[{"value":168,"label":"Podcast"}],"post_tag":[{"value":175,"label":"France"},{"value":172,"label":"Soci\u00e9t\u00e9"}],"format":[{"value":191,"label":"Duo Hugo &amp; Ingrid"}]},"featured_image_src_large":["https:\/\/innerfrench.com\/wp-content\/uploads\/2023\/03\/Baguette-750x406.jpeg",750,406,true],"author_info":{"display_name":"Hugo &amp; Ingrid","author_link":"https:\/\/innerfrench.com\/author\/hugo_ingrid\/"},"comment_info":60,"category_info":[{"term_id":168,"name":"Podcast","slug":"podcast","term_group":0,"term_taxonomy_id":168,"taxonomy":"category","description":"","parent":0,"count":185,"filter":"raw","cat_ID":168,"category_count":185,"category_description":"","cat_name":"Podcast","category_nicename":"podcast","category_parent":0}],"tag_info":[{"term_id":175,"name":"France","slug":"france","term_group":0,"term_taxonomy_id":175,"taxonomy":"post_tag","description":"","parent":0,"count":100,"filter":"raw"},{"term_id":172,"name":"Soci\u00e9t\u00e9","slug":"societe","term_group":0,"term_taxonomy_id":172,"taxonomy":"post_tag","description":"","parent":0,"count":94,"filter":"raw"}],"_links":{"self":[{"href":"https:\/\/innerfrench.com\/wp-json\/wp\/v2\/posts\/201852","targetHints":{"allow":["GET"]}}],"collection":[{"href":"https:\/\/innerfrench.com\/wp-json\/wp\/v2\/posts"}],"about":[{"href":"https:\/\/innerfrench.com\/wp-json\/wp\/v2\/types\/post"}],"author":[{"embeddable":true,"href":"https:\/\/innerfrench.com\/wp-json\/wp\/v2\/users\/17473"}],"replies":[{"embeddable":true,"href":"https:\/\/innerfrench.com\/wp-json\/wp\/v2\/comments?post=201852"}],"version-history":[{"count":3,"href":"https:\/\/innerfrench.com\/wp-json\/wp\/v2\/posts\/201852\/revisions"}],"predecessor-version":[{"id":293415,"href":"https:\/\/innerfrench.com\/wp-json\/wp\/v2\/posts\/201852\/revisions\/293415"}],"wp:featuredmedia":[{"embeddable":true,"href":"https:\/\/innerfrench.com\/wp-json\/wp\/v2\/media\/201853"}],"wp:attachment":[{"href":"https:\/\/innerfrench.com\/wp-json\/wp\/v2\/media?parent=201852"}],"wp:term":[{"taxonomy":"category","embeddable":true,"href":"https:\/\/innerfrench.com\/wp-json\/wp\/v2\/categories?post=201852"},{"taxonomy":"post_tag","embeddable":true,"href":"https:\/\/innerfrench.com\/wp-json\/wp\/v2\/tags?post=201852"},{"taxonomy":"format","embeddable":true,"href":"https:\/\/innerfrench.com\/wp-json\/wp\/v2\/format?post=201852"}],"curies":[{"name":"wp","href":"https:\/\/api.w.org\/{rel}","templated":true}]}}