{"id":20453,"date":"2022-09-19T11:08:20","date_gmt":"2022-09-19T09:08:20","guid":{"rendered":"https:\/\/innerfrench.com\/?p=20453"},"modified":"2025-09-28T11:47:19","modified_gmt":"2025-09-28T09:47:19","slug":"115-le-minimalisme-sauvera-t-il-la-planete","status":"publish","type":"post","link":"https:\/\/innerfrench.com\/115-le-minimalisme-sauvera-t-il-la-planete\/","title":{"rendered":"#115 Le minimalisme sauvera-t-il la plan\u00e8te ?"},"content":{"rendered":"\n<p>Hugo : <a id=\"sonaar_ts-6927c7d71fdc4\" class=\"srmp3_sonaar_ts_shortcode\"  style=\"\" href=\"javascript:sonaar_ts_shortcode({ trackid:'0', time:'00:00:02', ts_id:'6927c7d71fdc4', play_icon:'' }) ;\">[00:00:02]<\/a> \u00c9pisode 115. Le minimalisme sauvera-t-il la plan\u00e8te\u2009?<\/p>\n\n\n\n<p>Hugo : <a id=\"sonaar_ts-6927c7d71fddc\" class=\"srmp3_sonaar_ts_shortcode\"  style=\"\" href=\"javascript:sonaar_ts_shortcode({ trackid:'0', time:'00:00:19', ts_id:'6927c7d71fddc', play_icon:'' }) ;\">[00:00:19]<\/a> Salut Ingrid\u2009!<\/p>\n\n\n\n<p>Ingrid : <a id=\"sonaar_ts-6927c7d71fde9\" class=\"srmp3_sonaar_ts_shortcode\"  style=\"\" href=\"javascript:sonaar_ts_shortcode({ trackid:'0', time:'00:00:20', ts_id:'6927c7d71fde9', play_icon:'' }) ;\">[00:00:20]<\/a> Salut Hugo\u2009!<\/p>\n\n\n\n<p>Hugo : <a id=\"sonaar_ts-6927c7d71fdf3\" class=\"srmp3_sonaar_ts_shortcode\"  style=\"\" href=\"javascript:sonaar_ts_shortcode({ trackid:'0', time:'00:00:21', ts_id:'6927c7d71fdf3', play_icon:'' }) ;\">[00:00:21]<\/a> \u00c7a va\u2009?<\/p>\n\n\n\n<p>Ingrid : <a id=\"sonaar_ts-6927c7d71fdfc\" class=\"srmp3_sonaar_ts_shortcode\"  style=\"\" href=\"javascript:sonaar_ts_shortcode({ trackid:'0', time:'00:00:22', ts_id:'6927c7d71fdfc', play_icon:'' }) ;\">[00:00:22]<\/a> \u00c7a va et toi\u2009?<\/p>\n\n\n\n<p>Hugo : <a id=\"sonaar_ts-6927c7d71fe06\" class=\"srmp3_sonaar_ts_shortcode\"  style=\"\" href=\"javascript:sonaar_ts_shortcode({ trackid:'0', time:'00:00:23', ts_id:'6927c7d71fe06', play_icon:'' }) ;\">[00:00:23]<\/a> \u00c7a va, \u00e7a va. Aujourd&#8217;hui, on va parler de minimalisme.<\/p>\n\n\n\n<p>Ingrid : <a id=\"sonaar_ts-6927c7d71fe0e\" class=\"srmp3_sonaar_ts_shortcode\"  style=\"\" href=\"javascript:sonaar_ts_shortcode({ trackid:'0', time:'00:00:26', ts_id:'6927c7d71fe0e', play_icon:'' }) ;\">[00:00:26]<\/a> Ouais.<\/p>\n\n\n\n<p>Hugo : <a id=\"sonaar_ts-6927c7d71fe17\" class=\"srmp3_sonaar_ts_shortcode\"  style=\"\" href=\"javascript:sonaar_ts_shortcode({ trackid:'0', time:'00:00:28', ts_id:'6927c7d71fe17', play_icon:'' }) ;\">[00:00:28]<\/a> Il me semble que, bon, \u00e0 mon avis, tu l&#8217;as remarqu\u00e9, mais c&#8217;est un sujet qui est tr\u00e8s \u00e0 la mode depuis quelques ann\u00e9es. Moi, je sais que sur YouTube par exemple, il y avait un moment o\u00f9 toutes les vid\u00e9os qui m&#8217;\u00e9taient sugg\u00e9r\u00e9es, c&#8217;\u00e9tait des vid\u00e9os en lien avec le minimalisme. Je ne sais pas si toi, tu \u00e9tais dans la m\u00eame bulle ou pas ?<\/p>\n\n\n\n<p>Ingrid : <a id=\"sonaar_ts-6927c7d71fe20\" class=\"srmp3_sonaar_ts_shortcode\"  style=\"\" href=\"javascript:sonaar_ts_shortcode({ trackid:'0', time:'00:00:47', ts_id:'6927c7d71fe20', play_icon:'' }) ;\">[00:00:47]<\/a> J&#8217;ai pas mal, ouais, entendu parler de \u00e7a ces derni\u00e8res ann\u00e9es et c&#8217;est vrai que c&#8217;\u00e9tait tr\u00e8s \u00e0 la mode. Et puis, quand j&#8217;ai travaill\u00e9, comme je travaillais comme journaliste \u00e0 Paris sur les sujets un peu&#8230; sur ce qui int\u00e9ressait les jeunes, notre g\u00e9n\u00e9ration, qui \u00e9tait jeune \u00e0 l&#8217;\u00e9poque, les millennials, c&#8217;est vrai que c&#8217;\u00e9tait un sujet tr\u00e8s, tr\u00e8s \u00e0 la mode, ouais, il y a cinq\u2026 dans&#8230; les dix derni\u00e8res ann\u00e9es, on va dire.<\/p>\n\n\n\n<p>Hugo : <a id=\"sonaar_ts-6927c7d71fe2a\" class=\"srmp3_sonaar_ts_shortcode\"  style=\"\" href=\"javascript:sonaar_ts_shortcode({ trackid:'0', time:'00:01:15', ts_id:'6927c7d71fe2a', play_icon:'' }) ;\">[00:01:15]<\/a> Mais l\u00e0, on va adopter un angle un peu diff\u00e9rent\u2009?<\/p>\n\n\n\n<p>Ingrid : <a id=\"sonaar_ts-6927c7d71fe32\" class=\"srmp3_sonaar_ts_shortcode\"  style=\"\" href=\"javascript:sonaar_ts_shortcode({ trackid:'0', time:'00:01:20', ts_id:'6927c7d71fe32', play_icon:'' }) ;\">[00:01:20]<\/a> Oui. Plut\u00f4t critique, non\u2009?<\/p>\n\n\n\n<p>Hugo : <a id=\"sonaar_ts-6927c7d71fe3a\" class=\"srmp3_sonaar_ts_shortcode\"  style=\"\" href=\"javascript:sonaar_ts_shortcode({ trackid:'0', time:'00:01:22', ts_id:'6927c7d71fe3a', play_icon:'' }) ;\">[00:01:22]<\/a> Plut\u00f4t critique, ouais. On va r\u00e9agir \u00e0 un article qu&#8217;on a lu tous les deux, un article qui a \u00e9t\u00e9 publi\u00e9 sur Slate en janvier. Et le titre de cet article, c&#8217;\u00e9tait : \u00ab\u2009Le minimalisme pourra-t-il sauver la plan\u00e8te\u2009?\u2009\u00bb C&#8217;est \u00e7a\u2009?<\/p>\n\n\n\n<p>Ingrid : <a id=\"sonaar_ts-6927c7d71fe42\" class=\"srmp3_sonaar_ts_shortcode\"  style=\"\" href=\"javascript:sonaar_ts_shortcode({ trackid:'0', time:'00:01:37', ts_id:'6927c7d71fe42', play_icon:'' }) ;\">[00:01:37]<\/a> Quelque chose comme \u00e7a. Bon, c&#8217;est un peu plus compliqu\u00e9. L\u00e0, je l&#8217;ai, c&#8217;est : \u00ab\u2009D\u00e9croissance, sobri\u00e9t\u00e9, minimalisme : des pratiques de riches\u2009?\u2009\u00bb<\/p>\n\n\n\n<p>Hugo : <a id=\"sonaar_ts-6927c7d71fe4b\" class=\"srmp3_sonaar_ts_shortcode\"  style=\"\" href=\"javascript:sonaar_ts_shortcode({ trackid:'0', time:'00:01:47', ts_id:'6927c7d71fe4b', play_icon:'' }) ;\">[00:01:47]<\/a> Voil\u00e0.<\/p>\n\n\n\n<p>Ingrid : <a id=\"sonaar_ts-6927c7d71fe53\" class=\"srmp3_sonaar_ts_shortcode\"  style=\"\" href=\"javascript:sonaar_ts_shortcode({ trackid:'0', time:'00:01:47', ts_id:'6927c7d71fe53', play_icon:'' }) ;\">[00:01:47]<\/a> C&#8217;est plut\u00f4t un angle, ouais, critique, sur pour qui et pourquoi est fait le minimalisme.<\/p>\n\n\n\n<p>Hugo : <a id=\"sonaar_ts-6927c7d71fe5c\" class=\"srmp3_sonaar_ts_shortcode\"  style=\"\" href=\"javascript:sonaar_ts_shortcode({ trackid:'0', time:'00:01:56', ts_id:'6927c7d71fe5c', play_icon:'' }) ;\">[00:01:56]<\/a> Exactement. Bon, il faut qu&#8217;on commence peut-\u00eatre par d\u00e9finir ce qu&#8217;est le minimalisme.<\/p>\n\n\n\n<p>Ingrid : <a id=\"sonaar_ts-6927c7d71fe65\" class=\"srmp3_sonaar_ts_shortcode\"  style=\"\" href=\"javascript:sonaar_ts_shortcode({ trackid:'0', time:'00:02:01', ts_id:'6927c7d71fe65', play_icon:'' }) ;\">[00:02:01]<\/a> Qu&#8217;est-ce que le minimalisme\u2009?<\/p>\n\n\n\n<p>Hugo : <a id=\"sonaar_ts-6927c7d71fe6c\" class=\"srmp3_sonaar_ts_shortcode\"  style=\"\" href=\"javascript:sonaar_ts_shortcode({ trackid:'0', time:'00:02:03', ts_id:'6927c7d71fe6c', play_icon:'' }) ;\">[00:02:03]<\/a> Moi, j&#8217;ai fait quelques recherches et le mot est apparu dans le domaine de l&#8217;art dans les ann\u00e9es 60 par un critique d&#8217;art qui, justement, trouvait que les artistes \u00e9taient&#8230; produisaient des \u0153uvres qui \u00e9taient de moins en moins approfondies, on pourrait dire, qui \u00e9taient tr\u00e8s simplistes, avec des formes assez d\u00e9pouill\u00e9es. Je pense qu&#8217;il faut expliquer ce que veut dire \u00ab\u2009d\u00e9pouill\u00e9\u2009\u00bb.<\/p>\n\n\n\n<p>Ingrid : <a id=\"sonaar_ts-6927c7d71fe74\" class=\"srmp3_sonaar_ts_shortcode\"  style=\"\" href=\"javascript:sonaar_ts_shortcode({ trackid:'0', time:'00:02:33', ts_id:'6927c7d71fe74', play_icon:'' }) ;\">[00:02:33]<\/a> Ouais.<\/p>\n\n\n\n<p>Hugo : <a id=\"sonaar_ts-6927c7d71fe7d\" class=\"srmp3_sonaar_ts_shortcode\"  style=\"\" href=\"javascript:sonaar_ts_shortcode({ trackid:'0', time:'00:02:34', ts_id:'6927c7d71fe7d', play_icon:'' }) ;\">[00:02:34]<\/a> Comment on peut expliquer, \u00ab\u2009d\u00e9pouill\u00e9\u2009\u00bb\u2009?<\/p>\n\n\n\n<p>Ingrid : <a id=\"sonaar_ts-6927c7d71fe86\" class=\"srmp3_sonaar_ts_shortcode\"  style=\"\" href=\"javascript:sonaar_ts_shortcode({ trackid:'0', time:'00:02:36', ts_id:'6927c7d71fe86', play_icon:'' }) ;\">[00:02:36]<\/a> C&#8217;est une bonne question. C&#8217;est compliqu\u00e9 comme mot, l\u00e0.<\/p>\n\n\n\n<p>Hugo : <a id=\"sonaar_ts-6927c7d71fe8f\" class=\"srmp3_sonaar_ts_shortcode\"  style=\"\" href=\"javascript:sonaar_ts_shortcode({ trackid:'0', time:'00:02:40', ts_id:'6927c7d71fe8f', play_icon:'' }) ;\">[00:02:40]<\/a> \u00ab\u2009D\u00e9pouill\u00e9\u2009\u00bb, par exemple, \u00ab\u2009une \u0153uvre d&#8217;art d\u00e9pouill\u00e9e\u2009\u00bb, \u00e7a veut dire une \u0153uvre d&#8217;art tr\u00e8s minimaliste, tout simplement, qui n&#8217;a pas beaucoup d&#8217;\u00e9l\u00e9ments, on pourrait dire.<\/p>\n\n\n\n<p>Ingrid : <a id=\"sonaar_ts-6927c7d71fe97\" class=\"srmp3_sonaar_ts_shortcode\"  style=\"\" href=\"javascript:sonaar_ts_shortcode({ trackid:'0', time:'00:02:53', ts_id:'6927c7d71fe97', play_icon:'' }) ;\">[00:02:53]<\/a> Oui, \u00ab\u2009d\u00e9pouiller\u2009\u00bb, c&#8217;est \u00e0 l&#8217;origine un mot qui, aussi, peut \u00eatre une action. \u00ab\u2009D\u00e9pouiller quelqu&#8217;un\u2009\u00bb, c&#8217;est lui enlever ses richesses, le voler. Et donc, par extension, quelque chose qui est d\u00e9pouill\u00e9, c&#8217;est quelque chose qui n&#8217;a pas de d\u00e9corations, de richesse, de petits d\u00e9tails qui en font quelque chose d&#8217;un peu compliqu\u00e9 ou joli. Tr\u00e8s simple.<\/p>\n\n\n\n<p>Hugo : <a id=\"sonaar_ts-6927c7d71fe9f\" class=\"srmp3_sonaar_ts_shortcode\"  style=\"\" href=\"javascript:sonaar_ts_shortcode({ trackid:'0', time:'00:03:19', ts_id:'6927c7d71fe9f', play_icon:'' }) ;\">[00:03:19]<\/a> Tr\u00e8s simple. Tr\u00e8s sobre, aussi, on pourrait dire.<\/p>\n\n\n\n<p>Ingrid : <a id=\"sonaar_ts-6927c7d71fea8\" class=\"srmp3_sonaar_ts_shortcode\"  style=\"\" href=\"javascript:sonaar_ts_shortcode({ trackid:'0', time:'00:03:22', ts_id:'6927c7d71fea8', play_icon:'' }) ;\">[00:03:22]<\/a> Ouais.<\/p>\n\n\n\n<p>Hugo : <a id=\"sonaar_ts-6927c7d71feb1\" class=\"srmp3_sonaar_ts_shortcode\"  style=\"\" href=\"javascript:sonaar_ts_shortcode({ trackid:'0', time:'00:03:23', ts_id:'6927c7d71feb1', play_icon:'' }) ;\">[00:03:23]<\/a> Donc, ce critique d&#8217;art dont j&#8217;ai oubli\u00e9 le nom avait invent\u00e9 ce terme de \u00ab\u2009minimalisme\u2009\u00bb pour dire que, voil\u00e0, les \u0153uvres d&#8217;art de cette \u00e9poque \u00e9taient de moins en moins riches. Mais justement, ces artistes ont repris ce mot \u00e0 leur compte et en ont fait quelque chose de positif en affirmant que le minimalisme, c&#8217;\u00e9tait quelque chose o\u00f9 la forme se suffisait \u00e0 elle-m\u00eame. On n&#8217;a pas besoin d&#8217;ajouter des tonnes de d\u00e9tails, de fioritures, etc., d&#8217;essayer d&#8217;imiter parfaitement la nature. Mais on peut r\u00e9aliser une \u0153uvre d&#8217;art puissante, simplement avec quelques formes qui peuvent exciter notre imagination. Donc, c&#8217;\u00e9tait un peu la naissance de ce terme et ensuite, c&#8217;est devenu quelque chose d&#8217;un peu plus philosophique, \u00e9conomique, culturel, etc.<\/p>\n\n\n\n<p>Ingrid : <a id=\"sonaar_ts-6927c7d71feb9\" class=\"srmp3_sonaar_ts_shortcode\"  style=\"\" href=\"javascript:sonaar_ts_shortcode({ trackid:'0', time:'00:04:14', ts_id:'6927c7d71feb9', play_icon:'' }) ;\">[00:04:14]<\/a> On trouve du minimalisme dans beaucoup de domaines, comme dans le graphisme. C&#8217;est plut\u00f4t \u00e0 la mode maintenant d&#8217;avoir du graphisme pour les logos, les choses comme \u00e7a. Assez simple, donc minimaliste. Dans le design, la d\u00e9coration d&#8217;int\u00e9rieur et finalement m\u00eame dans les modes de vie. Et c&#8217;est \u00e7a qui va nous int\u00e9resser, l\u00e0, c&#8217;est plut\u00f4t le terme \u00ab\u2009minimalisme\u2009\u00bb appliqu\u00e9 au mode de vie, \u00e0 la vie quotidienne.<\/p>\n\n\n\n<p>Hugo : <a id=\"sonaar_ts-6927c7d71fec1\" class=\"srmp3_sonaar_ts_shortcode\"  style=\"\" href=\"javascript:sonaar_ts_shortcode({ trackid:'0', time:'00:04:41', ts_id:'6927c7d71fec1', play_icon:'' }) ;\">[00:04:41]<\/a> Exactement. Et toi, tu te consid\u00e8res comme minimaliste\u2009?<\/p>\n\n\n\n<p>Ingrid : <a id=\"sonaar_ts-6927c7d71fed9\" class=\"srmp3_sonaar_ts_shortcode\"  style=\"\" href=\"javascript:sonaar_ts_shortcode({ trackid:'0', time:'00:04:45', ts_id:'6927c7d71fed9', play_icon:'' }) ;\">[00:04:45]<\/a> Non, pas du tout. Je sais&#8230; donc, comme j&#8217;ai beaucoup vu de, comme toi, de vid\u00e9os, lu des articles, etc., je sais \u00e0 quoi ressemble la vie des personnes qui sont vraiment minimalistes. Donc, m\u00eame si je ne me consid\u00e8re pas minimaliste, je ne pense pas \u00eatre une super consommatrice, j&#8217;ai tr\u00e8s peu d&#8217;affaires, du fait de voyager \u00e9norm\u00e9ment, etc., mais en tout cas, je ne suis pas une minimaliste pratiquante qui fait tout pour avoir le moins de choses possible.<br>Alors peut-\u00eatre&#8230; Est-ce que toi tu te consid\u00e8res minimaliste\u2009? Est-ce que peut-\u00eatre, tu peux un peu d\u00e9velopper sur \u00e0 quoi \u00e7a ressemble, un minimaliste, finalement, un vrai\u2009?<\/p>\n\n\n\n<p>Hugo : <a id=\"sonaar_ts-6927c7d71fee3\" class=\"srmp3_sonaar_ts_shortcode\"  style=\"\" href=\"javascript:sonaar_ts_shortcode({ trackid:'0', time:'00:05:27', ts_id:'6927c7d71fee3', play_icon:'' }) ;\">[00:05:27]<\/a> Ouais, c&#8217;est vrai que c&#8217;\u00e9tait une tendance qui \u00e9tait tr\u00e8s pr\u00e9sente dans la d\u00e9coration d&#8217;int\u00e9rieur, notamment des meubles avec des formes tr\u00e8s \u00e9pur\u00e9es. Et on a tous en t\u00eate, quand on pense au minimalisme, ces photos d&#8217;int\u00e9rieurs de maisons ou d&#8217;appartements qui sont compl\u00e8tement\u2026 o\u00f9 tout est blanc et noir, o\u00f9 il y a seulement des formes tr\u00e8s basiques, tr\u00e8s \u00e9pur\u00e9es, tr\u00e8s peu de meubles, etc. C&#8217;est un peu ce clich\u00e9 qu&#8217;on a en t\u00eate. Mais c&#8217;est vrai qu&#8217;ensuite, sur YouTube, \u00e7a s&#8217;est d\u00e9velopp\u00e9 avec des youtubeurs qui comptaient le nombre d&#8217;objets et le nombre d&#8217;affaires qu&#8217;ils poss\u00e9daient pour essayer d&#8217;en avoir le moins possible. Tu connais aussi s\u00fbrement Marie Kondo, j&#8217;imagine\u2009?<\/p>\n\n\n\n<p>Ingrid : <a id=\"sonaar_ts-6927c7d71feec\" class=\"srmp3_sonaar_ts_shortcode\"  style=\"\" href=\"javascript:sonaar_ts_shortcode({ trackid:'0', time:'00:06:10', ts_id:'6927c7d71feec', play_icon:'' }) ;\">[00:06:10]<\/a> Oui, bien s\u00fbr.<\/p>\n\n\n\n<p>Hugo : <a id=\"sonaar_ts-6927c7d71fefa\" class=\"srmp3_sonaar_ts_shortcode\"  style=\"\" href=\"javascript:sonaar_ts_shortcode({ trackid:'0', time:'00:06:12', ts_id:'6927c7d71fefa', play_icon:'' }) ;\">[00:06:12]<\/a> Donc, la grande pr\u00eatresse du minimalisme qui a eu sa propre s\u00e9rie sur Netflix, il me semble. Et moi, il y a un youtubeur am\u00e9ricain que j&#8217;aime bien, qui s&#8217;appelle Matt D&#8217;Avella, qui a r\u00e9alis\u00e9 deux documentaires sur le minimalisme qui sont sur Netflix. Et moi, c&#8217;est quelque chose qui me plaisait bien et pendant un certain temps, je me consid\u00e9rais un peu comme minimaliste. Mais quand je regardais autour de moi dans mon appartement, je me rendais compte que non, ce n&#8217;\u00e9tait pas du tout le cas. Donc, je suis minimaliste seulement dans ma t\u00eate, mais dans la r\u00e9alit\u00e9, quand j&#8217;ai envie d&#8217;acheter quelque chose en g\u00e9n\u00e9ral, je l&#8217;ach\u00e8te. Et surtout, je me rends compte, avec le mat\u00e9riel photo, audio, vid\u00e9o dont j&#8217;ai besoin pour la cha\u00eene YouTube, j&#8217;ai tendance \u00e0, voil\u00e0, vouloir toujours une meilleure cam\u00e9ra, \u00e0 acheter diff\u00e9rents objectifs, diff\u00e9rents micros pour tester, etc. Donc je ne suis pas tr\u00e8s, tr\u00e8s minimaliste, malheureusement. Mais c&#8217;est vrai que maintenant, j&#8217;essaye de faire plus attention, quand j&#8217;ach\u00e8te quelque chose, \u00e0 retarder un peu l&#8217;achat de quelques jours. Et \u00e7a, c&#8217;est une bonne astuce que j&#8217;ai apprise : retarder l&#8217;achat pendant deux, trois jours pour voir si deux, trois jours plus tard, j&#8217;ai encore envie d&#8217;acheter ce truc-l\u00e0 ou pas, pour essayer de voir si j&#8217;en ai besoin ou si c&#8217;\u00e9tait juste une envie passag\u00e8re<\/p>\n\n\n\n<p>Ingrid : <a id=\"sonaar_ts-6927c7d71ff04\" class=\"srmp3_sonaar_ts_shortcode\"  style=\"\" href=\"javascript:sonaar_ts_shortcode({ trackid:'0', time:'00:07:41', ts_id:'6927c7d71ff04', play_icon:'' }) ;\">[00:07:41]<\/a> Une lubie.<\/p>\n\n\n\n<p>Hugo : <a id=\"sonaar_ts-6927c7d71ff0d\" class=\"srmp3_sonaar_ts_shortcode\"  style=\"\" href=\"javascript:sonaar_ts_shortcode({ trackid:'0', time:'00:07:42', ts_id:'6927c7d71ff0d', play_icon:'' }) ;\">[00:07:42]<\/a> Une lubie. Exactement. Donc toi, tu es minimaliste un peu par d\u00e9faut, on pourrait dire.<\/p>\n\n\n\n<p>Ingrid : <a id=\"sonaar_ts-6927c7d71ff15\" class=\"srmp3_sonaar_ts_shortcode\"  style=\"\" href=\"javascript:sonaar_ts_shortcode({ trackid:'0', time:'00:07:47', ts_id:'6927c7d71ff15', play_icon:'' }) ;\">[00:07:47]<\/a> Oui, moi, par exemple, tous mes v\u00eatements tiennent dans deux valises. Je ne peux pas faire plus parce que si apr\u00e8s, je veux changer d&#8217;endroit o\u00f9 je vis, il faut que \u00e7a tienne, j&#8217;ai tr\u00e8s peu&#8230; Voil\u00e0, il y a plein de choses que j&#8217;ach\u00e8te pas, parce que pour moi, c&#8217;est automatique de dire : \u00ab\u2009Non, je n&#8217;ai pas la place.\u2009\u00bb Je n&#8217;ai pas d&#8217;appartement \u00e0 moi. J&#8217;ai toujours v\u00e9cu dans des \u00ab\u2009meubl\u00e9s\u2009\u00bb, donc des endroits o\u00f9 les meubles existaient d\u00e9j\u00e0 et je compl\u00e8te avec vraiment le minimum. Mais voil\u00e0, ce n&#8217;est pas forc\u00e9ment&#8230; Parfois, je me fais plaisir. Mais je pense que le minimalisme, \u00e7a va de pair (\u00ab\u2009\u00e7a va de pair\u2009\u00bb, \u00e7a veut dire \u00ab\u2009c&#8217;est associ\u00e9, toujours\u2009\u00bb) avec, par exemple, le z\u00e9ro d\u00e9chet. La mode du \u00ab\u2009z\u00e9ro d\u00e9chet\u2009\u00bb, \u00e7a veut dire ne pas avoir beaucoup de poubelles, en fait. Donc, \u00e7a veut dire acheter sans emballage, sans bo\u00eete en carton, en plastique. \u00c7a veut dire faire du compost par exemple, donc recycler toutes ses mati\u00e8res organiques pour qu&#8217;elles servent \u00e0 quelque chose. Et finalement, tout \u00e7a, c&#8217;est des choses que je ne fais pas. Philosophiquement, je trouve \u00e7a super. Apr\u00e8s, on verra si c&#8217;est vraiment utile ou pas, mais en tout cas, c&#8217;est bien d&#8217;essayer. Mais pour moi, c&#8217;est trop difficile, ce n&#8217;est pas dans mes modes de vie, ce n&#8217;est pas dans mon mode de consommation. Donc c&#8217;est pour \u00e7a que je ne me consid\u00e8re pas comme minimaliste. Ce n&#8217;est pas parce que je n&#8217;ai pas beaucoup de v\u00eatements que tout \u00e0 coup, je peux me mettre une \u00e9tiquette \u00ab\u2009je suis minimaliste\u2009\u00bb. Voil\u00e0.<\/p>\n\n\n\n<p>Hugo : <a id=\"sonaar_ts-6927c7d71ff1d\" class=\"srmp3_sonaar_ts_shortcode\"  style=\"\" href=\"javascript:sonaar_ts_shortcode({ trackid:'0', time:'00:09:27', ts_id:'6927c7d71ff1d', play_icon:'' }) ;\">[00:09:27]<\/a> Et toi, tu r\u00e9fl\u00e9chis plut\u00f4t en termes de valise. Est-ce que \u00e7a tient dans la valise ou pas\u2009?<\/p>\n\n\n\n<p>Ingrid : <a id=\"sonaar_ts-6927c7d71ff2b\" class=\"srmp3_sonaar_ts_shortcode\"  style=\"\" href=\"javascript:sonaar_ts_shortcode({ trackid:'0', time:'00:09:31', ts_id:'6927c7d71ff2b', play_icon:'' }) ;\">[00:09:31]<\/a> Ouais, exactement.<\/p>\n\n\n\n<p>Hugo : <a id=\"sonaar_ts-6927c7d71ff35\" class=\"srmp3_sonaar_ts_shortcode\"  style=\"\" href=\"javascript:sonaar_ts_shortcode({ trackid:'0', time:'00:09:31', ts_id:'6927c7d71ff35', play_icon:'' }) ;\">[00:09:31]<\/a> C&#8217;est \u00e7a ton crit\u00e8re d\u00e9terminant.<\/p>\n\n\n\n<p>Ingrid : <a id=\"sonaar_ts-6927c7d71ff3e\" class=\"srmp3_sonaar_ts_shortcode\"  style=\"\" href=\"javascript:sonaar_ts_shortcode({ trackid:'0', time:'00:09:31', ts_id:'6927c7d71ff3e', play_icon:'' }) ;\">[00:09:31]<\/a> Oui.<\/p>\n\n\n\n<p>Hugo : <a id=\"sonaar_ts-6927c7d71ff46\" class=\"srmp3_sonaar_ts_shortcode\"  style=\"\" href=\"javascript:sonaar_ts_shortcode({ trackid:'0', time:'00:09:35', ts_id:'6927c7d71ff46', play_icon:'' }) ;\">[00:09:35]<\/a> Alors, dans cet article, ils disaient que le minimalisme, c&#8217;est une tendance qui a \u00e9t\u00e9 plut\u00f4t adopt\u00e9e par les classes moyennes et moyennes sup\u00e9rieures, notamment celles qui ont un bon capital intellectuel, donc les personnes qui ont fait des \u00e9tudes, qui sont dipl\u00f4m\u00e9es. Et pour elles, le minimalisme, \u00e7a permet trois choses. La premi\u00e8re, c&#8217;est de se distinguer des autres, une fonction de distinction sociale, de dire \u00ab\u2009Voil\u00e0, moi, je suis diff\u00e9rent, je suis minimaliste\u2009\u00bb, ou alors \u00ab\u2009Je suis vegan\u2009\u00bb. Voil\u00e0, se mettre un peu ces esp\u00e8ces d&#8217;\u00e9tiquettes pour se diff\u00e9rencier. C&#8217;est aussi une fa\u00e7on de critiquer la soci\u00e9t\u00e9 de consommation et d&#8217;afficher une certaine sup\u00e9riorit\u00e9 morale, de dire \u00ab\u2009Voil\u00e0, moi, je suis mieux que les autres parce que je fais attention \u00e0 ma consommation\u2009\u00bb, \u00ab\u2009J&#8217;essaye de r\u00e9duire mon bilan carbone\u2009\u00bb, etc. Et la troisi\u00e8me fonction de ce minimalisme, c&#8217;est que \u00e7a leur permet d&#8217;am\u00e9liorer leur qualit\u00e9 de vie en achetant moins, mais en achetant mieux, des produits de meilleure qualit\u00e9, des fruits et l\u00e9gumes bio au supermarch\u00e9, etc. Donc ici, on pourrait dire que c&#8217;est une certaine forme d&#8217;\u00e9go\u00efsme. En tout cas, c&#8217;est une motivation purement personnelle pour soi et pour sa famille, et pas n\u00e9cessairement pour la plan\u00e8te.<strong><br><\/strong><\/p>\n\n\n\n<p>Ingrid : <a id=\"sonaar_ts-6927c7d71ff4e\" class=\"srmp3_sonaar_ts_shortcode\"  style=\"\" href=\"javascript:sonaar_ts_shortcode({ trackid:'0', time:'00:11:02', ts_id:'6927c7d71ff4e', play_icon:'' }) ;\">[00:11:02]<\/a> Oui, parce qu&#8217;on peut avoir cette impression, je ne sais pas si on l&#8217;a dit au d\u00e9but, mais voil\u00e0, que le minimalisme est plut\u00f4t un tr\u00e8s bon geste pour la plan\u00e8te, puisque je pense que \u00e7a, on l&#8217;a beaucoup dit sur le podcast, et tous les auditeurs ont un peu d\u00e9j\u00e0 cette id\u00e9e que la surconsommation est directement responsable de\u2026 bah, du r\u00e9chauffement climatique, etc., et donc on pourrait penser qu&#8217;en consommant moins, on fait un geste pour la plan\u00e8te. Mais a priori, ceux qui consomment moins, qui sont minimalistes, n&#8217;ont pas forc\u00e9ment cette motivation en premier lieu. Et quand on n&#8217;a pas la motivation de faire quelque chose, bah en g\u00e9n\u00e9ral, nos actions ne vont pas forc\u00e9ment vers cet objectif par hasard. Donc, les personnes les plus riches, les classes moyennes \u00e0 ais\u00e9es, qui sont minimalistes pour les raisons que tu as \u00e9voqu\u00e9es, ont quand m\u00eame, finalement, a priori, une empreinte carbone \u00e9lev\u00e9e. \u00ab\u2009Empreinte carbone\u2009\u00bb, donc, c&#8217;est ce que chacun, individuellement, laisse comme marque\u2009; comment, \u00e0 quel point on pollue.<\/p>\n\n\n\n<p><\/p>\n","protected":false},"excerpt":{"rendered":"<p>Hugo : \u00c9pisode 115. Le minimalisme sauvera-t-il la plan\u00e8te\u2009? Hugo : Salut Ingrid\u2009! Ingrid : Salut Hugo\u2009! Hugo : \u00c7a va\u2009? Ingrid : \u00c7a va et toi\u2009? Hugo : \u00c7a va, \u00e7a va. Aujourd&#8217;hui, on va parler de minimalisme. Ingrid : Ouais. Hugo : Il me semble que, bon, \u00e0 mon avis, tu l&#8217;as remarqu\u00e9,&#8230;<\/p>\n","protected":false},"author":17473,"featured_media":199115,"comment_status":"open","ping_status":"open","sticky":false,"template":"","format":[191],"meta":{"_acf_changed":false,"_kad_blocks_custom_css":"","_kad_blocks_head_custom_js":"","_kad_blocks_body_custom_js":"","_kad_blocks_footer_custom_js":"","_kad_post_transparent":"","_kad_post_title":"","_kad_post_layout":"","_kad_post_sidebar_id":"","_kad_post_content_style":"","_kad_post_vertical_padding":"","_kad_post_feature":"","_kad_post_feature_position":"","_kad_post_header":false,"_kad_post_footer":false,"_kad_post_classname":"","footnotes":""},"categories":[168],"tags":[177,171,172],"class_list":["post-20453","post","type-post","status-publish","format-standard","has-post-thumbnail","hentry","category-podcast","tag-culture","tag-sciences-technologie","tag-societe","format-duo-hugo-ingrid"],"acf":[],"taxonomy_info":{"category":[{"value":168,"label":"Podcast"}],"post_tag":[{"value":177,"label":"Culture"},{"value":171,"label":"Sciences &amp; technologies"},{"value":172,"label":"Soci\u00e9t\u00e9"}],"format":[{"value":191,"label":"Duo Hugo &amp; Ingrid"}]},"featured_image_src_large":["https:\/\/innerfrench.com\/wp-content\/uploads\/2022\/09\/minimalism-e1718022157895-750x406.jpg",750,406,true],"author_info":{"display_name":"Hugo &amp; Ingrid","author_link":"https:\/\/innerfrench.com\/author\/hugo_ingrid\/"},"comment_info":29,"category_info":[{"term_id":168,"name":"Podcast","slug":"podcast","term_group":0,"term_taxonomy_id":168,"taxonomy":"category","description":"","parent":0,"count":185,"filter":"raw","cat_ID":168,"category_count":185,"category_description":"","cat_name":"Podcast","category_nicename":"podcast","category_parent":0}],"tag_info":[{"term_id":177,"name":"Culture","slug":"culture","term_group":0,"term_taxonomy_id":177,"taxonomy":"post_tag","description":"","parent":0,"count":44,"filter":"raw"},{"term_id":171,"name":"Sciences &amp; technologies","slug":"sciences-technologie","term_group":0,"term_taxonomy_id":171,"taxonomy":"post_tag","description":"","parent":0,"count":17,"filter":"raw"},{"term_id":172,"name":"Soci\u00e9t\u00e9","slug":"societe","term_group":0,"term_taxonomy_id":172,"taxonomy":"post_tag","description":"","parent":0,"count":94,"filter":"raw"}],"_links":{"self":[{"href":"https:\/\/innerfrench.com\/wp-json\/wp\/v2\/posts\/20453","targetHints":{"allow":["GET"]}}],"collection":[{"href":"https:\/\/innerfrench.com\/wp-json\/wp\/v2\/posts"}],"about":[{"href":"https:\/\/innerfrench.com\/wp-json\/wp\/v2\/types\/post"}],"author":[{"embeddable":true,"href":"https:\/\/innerfrench.com\/wp-json\/wp\/v2\/users\/17473"}],"replies":[{"embeddable":true,"href":"https:\/\/innerfrench.com\/wp-json\/wp\/v2\/comments?post=20453"}],"version-history":[{"count":1,"href":"https:\/\/innerfrench.com\/wp-json\/wp\/v2\/posts\/20453\/revisions"}],"predecessor-version":[{"id":293628,"href":"https:\/\/innerfrench.com\/wp-json\/wp\/v2\/posts\/20453\/revisions\/293628"}],"wp:featuredmedia":[{"embeddable":true,"href":"https:\/\/innerfrench.com\/wp-json\/wp\/v2\/media\/199115"}],"wp:attachment":[{"href":"https:\/\/innerfrench.com\/wp-json\/wp\/v2\/media?parent=20453"}],"wp:term":[{"taxonomy":"category","embeddable":true,"href":"https:\/\/innerfrench.com\/wp-json\/wp\/v2\/categories?post=20453"},{"taxonomy":"post_tag","embeddable":true,"href":"https:\/\/innerfrench.com\/wp-json\/wp\/v2\/tags?post=20453"},{"taxonomy":"format","embeddable":true,"href":"https:\/\/innerfrench.com\/wp-json\/wp\/v2\/format?post=20453"}],"curies":[{"name":"wp","href":"https:\/\/api.w.org\/{rel}","templated":true}]}}