{"id":204668,"date":"2024-01-31T13:57:54","date_gmt":"2024-01-31T12:57:54","guid":{"rendered":"https:\/\/innerfrench.com\/?p=204668"},"modified":"2025-09-26T10:07:45","modified_gmt":"2025-09-26T08:07:45","slug":"137-pourquoi-les-francais-boivent-de-moins-en-moins-dalcool","status":"publish","type":"post","link":"https:\/\/innerfrench.com\/137-pourquoi-les-francais-boivent-de-moins-en-moins-dalcool\/","title":{"rendered":"#137 Pourquoi les Fran\u00e7ais boivent de moins en moins d&#8217;alcool ?"},"content":{"rendered":"\n<p><a id=\"sonaar_ts-6927cf2999714\" class=\"srmp3_sonaar_ts_shortcode\"  style=\"\" href=\"javascript:sonaar_ts_shortcode({ trackid:'0', time:'00:00:03', ts_id:'6927cf2999714', play_icon:'' }) ;\">[00:00:03]<\/a> &#8211; Hugo<\/p>\n\n\n\n<p>\u00c9pisode 137 Pourquoi les Fran\u00e7ais boivent-ils de moins en moins d&#8217;alcool ?<\/p>\n\n\n\n<p><a id=\"sonaar_ts-6927cf2999722\" class=\"srmp3_sonaar_ts_shortcode\"  style=\"\" href=\"javascript:sonaar_ts_shortcode({ trackid:'0', time:'00:00:12', ts_id:'6927cf2999722', play_icon:'' }) ;\">[00:00:12]<\/a> &#8211; Hugo<\/p>\n\n\n\n<p>Salut \u00e0 toutes et \u00e0 tous. Salut Ingrid.<\/p>\n\n\n\n<p><a id=\"sonaar_ts-6927cf2999728\" class=\"srmp3_sonaar_ts_shortcode\"  style=\"\" href=\"javascript:sonaar_ts_shortcode({ trackid:'0', time:'00:00:14', ts_id:'6927cf2999728', play_icon:'' }) ;\">[00:00:14]<\/a> &#8211; Ingrid<\/p>\n\n\n\n<p>Salut Hugo. Comment tu vas aujourd&#8217;hui ?<\/p>\n\n\n\n<p><a id=\"sonaar_ts-6927cf299972d\" class=\"srmp3_sonaar_ts_shortcode\"  style=\"\" href=\"javascript:sonaar_ts_shortcode({ trackid:'0', time:'00:00:16', ts_id:'6927cf299972d', play_icon:'' }) ;\">[00:00:16]<\/a> &#8211; Hugo<\/p>\n\n\n\n<p>\u00c7a va. Et toi ? Le week-end s&#8217;est bien pass\u00e9 ?<\/p>\n\n\n\n<p><a id=\"sonaar_ts-6927cf2999731\" class=\"srmp3_sonaar_ts_shortcode\"  style=\"\" href=\"javascript:sonaar_ts_shortcode({ trackid:'0', time:'00:00:19', ts_id:'6927cf2999731', play_icon:'' }) ;\">[00:00:19]<\/a> &#8211; Ingrid<\/p>\n\n\n\n<p>Ouais, le week-end s&#8217;est bien pass\u00e9, plut\u00f4t tranquille. Et toi, est-ce que tu as fait la f\u00eate ce week-end ?<\/p>\n\n\n\n<p><a id=\"sonaar_ts-6927cf2999739\" class=\"srmp3_sonaar_ts_shortcode\"  style=\"\" href=\"javascript:sonaar_ts_shortcode({ trackid:'0', time:'00:00:25', ts_id:'6927cf2999739', play_icon:'' }) ;\">[00:00:25]<\/a> &#8211; Hugo<\/p>\n\n\n\n<p>Non, je n&#8217;ai pas fait la f\u00eate, donc je suis bien ce matin. Je n&#8217;ai pas la gueule de bois. \u00ab Gueule de bois \u00bb, expression qui est particuli\u00e8rement pertinente pour cet \u00e9pisode, je pense. Il me semble qu&#8217;on en avait d\u00e9j\u00e0 parl\u00e9. C&#8217;est une expression aussi que les profs de fran\u00e7ais aiment bien expliquer sur YouTube. Est-ce que tu peux dire ce que \u00e7a signifie avoir la gueule de bois ?<\/p>\n\n\n\n<p><a id=\"sonaar_ts-6927cf2999740\" class=\"srmp3_sonaar_ts_shortcode\"  style=\"\" href=\"javascript:sonaar_ts_shortcode({ trackid:'0', time:'00:00:47', ts_id:'6927cf2999740', play_icon:'' }) ;\">[00:00:47]<\/a> &#8211; Ingrid<\/p>\n\n\n\n<p>\u00ab Avoir la gueule de bois \u00bb, c&#8217;est \u00eatre malade, ne pas se sentir bien parce qu&#8217;on a bu trop d&#8217;alcool. Donc voil\u00e0. C&#8217;est une expression qui est assez imag\u00e9e. Et comme tu dis, elle tombe bien aujourd&#8217;hui puisqu&#8217;on va parler de la consommation d&#8217;alcool des Fran\u00e7ais. On s&#8217;est dit qu&#8217;aujourd&#8217;hui, c&#8217;\u00e9tait une bonne journ\u00e9e pour parler de ce sujet puisque c&#8217;est la fin d&#8217;un ph\u00e9nom\u00e8ne qui s&#8217;appelle le &#8220;Dry January&#8221;, donc le &#8220;Janvier Sec&#8221;. Et comme le mois de janvier vient de se terminer, le Dry January vient de se terminer. C&#8217;est-\u00e0-dire que c&#8217;est un d\u00e9fi pendant lequel on ne doit boire d&#8217;alcool pendant tout le mois de janvier.<\/p>\n\n\n\n<p><a id=\"sonaar_ts-6927cf2999747\" class=\"srmp3_sonaar_ts_shortcode\"  style=\"\" href=\"javascript:sonaar_ts_shortcode({ trackid:'0', time:'00:01:33', ts_id:'6927cf2999747', play_icon:'' }) ;\">[00:01:33]<\/a> &#8211; Hugo<\/p>\n\n\n\n<p>Exactement. Pas une goutte d&#8217;alcool. Et c&#8217;est une op\u00e9ration qui a \u00e9t\u00e9 mise en place pour rem\u00e9dier aux exc\u00e8s du mois de d\u00e9cembre. Parce que c&#8217;est vrai qu&#8217;en d\u00e9cembre, avec les f\u00eates de fin d&#8217;ann\u00e9e, on a tendance \u00e0 faire quelques exc\u00e8s, aussi bien au niveau de la nourriture que de notre consommation d&#8217;alcool. Donc, en janvier, une nouvelle ann\u00e9e commence. C&#8217;est l&#8217;occasion de prendre des bonnes r\u00e9solutions, notamment celles d&#8217;essayer peut-\u00eatre de r\u00e9duire sa consommation d&#8217;alcool. C&#8217;est pour \u00e7a que cette op\u00e9ration a \u00e9t\u00e9 mise en place. On va vous en reparler un peu plus tard, mais globalement, on va essayer de vous aider \u00e0 comprendre pourquoi la consommation d&#8217;alcool des Fran\u00e7ais baisse. Et c&#8217;est une tendance de fond, d&#8217;ailleurs, qu&#8217;on observe depuis une soixantaine d&#8217;ann\u00e9es, c&#8217;est \u00e7a ?<\/p>\n\n\n\n<p><a id=\"sonaar_ts-6927cf299974f\" class=\"srmp3_sonaar_ts_shortcode\"  style=\"\" href=\"javascript:sonaar_ts_shortcode({ trackid:'0', time:'00:02:21', ts_id:'6927cf299974f', play_icon:'' }) ;\">[00:02:21]<\/a> &#8211; Ingrid<\/p>\n\n\n\n<p>Oui, c&#8217;est \u00e7a. Il y a plusieurs statistiques qui montrent qu&#8217;en France, en g\u00e9n\u00e9ral, la population a tendance \u00e0 boire de moins en moins d&#8217;alcool. Chaque ann\u00e9e, chaque g\u00e9n\u00e9ration, la consommation est moins \u00e9lev\u00e9e. Et donc on s&#8217;est dit que peu importe si les Fran\u00e7ais ont vraiment particip\u00e9 au petit d\u00e9fi de janvier, dans tous les cas, c&#8217;est un sujet qui est int\u00e9ressant puisque c&#8217;est une tendance, une mode, qui est plut\u00f4t globale et plut\u00f4t v\u00e9rifi\u00e9e, qu&#8217;on boit de moins en moins d&#8217;alcool en France. Il y a plusieurs raisons \u00e0 \u00e7a. Donc c&#8217;est le sujet de l&#8217;\u00e9pisode aujourd&#8217;hui.<\/p>\n\n\n\n<p><a id=\"sonaar_ts-6927cf2999757\" class=\"srmp3_sonaar_ts_shortcode\"  style=\"\" href=\"javascript:sonaar_ts_shortcode({ trackid:'0', time:'00:03:07', ts_id:'6927cf2999757', play_icon:'' }) ;\">[00:03:07]<\/a> &#8211; Hugo<\/p>\n\n\n\n<p>Alors, on va revenir un peu sur les origines de cette op\u00e9ration, du Dry January. On vous a dit qu&#8217;en fran\u00e7ais, \u00e7a se traduit par &#8220;janvier sec&#8221;, mais on a gard\u00e9 l&#8217;expression anglaise. Je ne sais pas si c&#8217;est parce que c&#8217;est plus cool ou parce qu&#8217;on veut garder une certaine distance avec \u00e7a. Parce que c&#8217;est que nous, les Fran\u00e7ais, on est assez connu pour notre consommation d&#8217;alcool. Chez certains, c&#8217;est aussi un signe, une source de fiert\u00e9 d&#8217;\u00eatre capable de boire. Et d&#8217;autant plus que chez nous, on se vante d&#8217;avoir un alcool de bonne qualit\u00e9. Donc, voil\u00e0 tout \u00e7a pour dire que \u00e7a peut vous sembler bizarre, mais en France, dans les m\u00e9dias, etc, on parle du Dry January. C&#8217;est quelque chose qui vient du Royaume-Uni ? C&#8217;est \u00e7a, Ingrid ?<\/p>\n\n\n\n<p><a id=\"sonaar_ts-6927cf299975c\" class=\"srmp3_sonaar_ts_shortcode\"  style=\"\" href=\"javascript:sonaar_ts_shortcode({ trackid:'0', time:'00:03:55', ts_id:'6927cf299975c', play_icon:'' }) ;\">[00:03:55]<\/a> &#8211; Ingrid<\/p>\n\n\n\n<p>Oui, c&#8217;est \u00e7a. En fait, c&#8217;est une op\u00e9ration qui existe depuis beaucoup plus longtemps au Royaume-Uni. Donc une campagne, une marque d\u00e9pos\u00e9e qui s&#8217;appelle Dry January et qui a \u00e9t\u00e9 import\u00e9e en France il n&#8217;y a pas si longtemps. Et donc en France, c&#8217;est un collectif d&#8217;associations qui participent et qui font de la publicit\u00e9 pour cette op\u00e9ration. C&#8217;est des associations diverses \u2013 par exemple de lutte contre des maladies ou de lutte, de pr\u00e9vention pour la s\u00e9curit\u00e9 routi\u00e8re, voil\u00e0, des choses comme \u00e7a \u2013 qui essayent d&#8217;inciter les Fran\u00e7ais \u00e0 participer \u00e0 cette op\u00e9ration \u00e0 travers les r\u00e9seaux sociaux, des affiches dans la rue, des publicit\u00e9s \u00e0 la radio etc. Apparemment, c&#8217;est assez suivi et c&#8217;est particuli\u00e8rement suivi par les jeunes. Et donc, avec ce nom, Dry January, moi, j&#8217;imagine qu&#8217;il y a un c\u00f4t\u00e9 un peu, comme tu dis, cool, mais aussi international. Quand on est sur les r\u00e9seaux sociaux, on a tendance \u00e0 ne pas traduire parce que \u00e7a permet de montrer qu&#8217;on fait la m\u00eame chose que les voisins.<\/p>\n\n\n\n<p><a id=\"sonaar_ts-6927cf2999760\" class=\"srmp3_sonaar_ts_shortcode\"  style=\"\" href=\"javascript:sonaar_ts_shortcode({ trackid:'0', time:'00:05:07', ts_id:'6927cf2999760', play_icon:'' }) ;\">[00:05:07]<\/a> &#8211; Hugo<\/p>\n\n\n\n<p>C&#8217;est vrai. M\u00eame si pour nous, les Fran\u00e7ais, c&#8217;est assez compliqu\u00e9 \u00e0 prononcer, quand m\u00eame. Dry January ? Je ne sais pas.<\/p>\n\n\n\n<p><a id=\"sonaar_ts-6927cf2999764\" class=\"srmp3_sonaar_ts_shortcode\"  style=\"\" href=\"javascript:sonaar_ts_shortcode({ trackid:'0', time:'00:05:13', ts_id:'6927cf2999764', play_icon:'' }) ;\">[00:05:13]<\/a> &#8211; Ingrid<\/p>\n\n\n\n<p>Ouais, je gal\u00e8re l\u00e0, perso, c&#8217;est un peu compliqu\u00e9.<\/p>\n\n\n\n<p><a id=\"sonaar_ts-6927cf2999769\" class=\"srmp3_sonaar_ts_shortcode\"  style=\"\" href=\"javascript:sonaar_ts_shortcode({ trackid:'0', time:'00:05:16', ts_id:'6927cf2999769', play_icon:'' }) ;\">[00:05:16]<\/a> &#8211; Hugo<\/p>\n\n\n\n<p>C&#8217;est un peu compliqu\u00e9. Et \u00e7a fait penser \u00e0 une autre op\u00e9ration, le mois Sans tabac. Le mois Sans tabac, je ne sais plus \u00e0 quel mois de l&#8217;ann\u00e9e c&#8217;est&#8230;<\/p>\n\n\n\n<p><a id=\"sonaar_ts-6927cf299976d\" class=\"srmp3_sonaar_ts_shortcode\"  style=\"\" href=\"javascript:sonaar_ts_shortcode({ trackid:'0', time:'00:05:26', ts_id:'6927cf299976d', play_icon:'' }) ;\">[00:05:26]<\/a> &#8211; Ingrid<\/p>\n\n\n\n<p>C&#8217;est au mois de novembre.<\/p>\n\n\n\n<p><a id=\"sonaar_ts-6927cf2999772\" class=\"srmp3_sonaar_ts_shortcode\"  style=\"\" href=\"javascript:sonaar_ts_shortcode({ trackid:'0', time:'00:05:28', ts_id:'6927cf2999772', play_icon:'' }) ;\">[00:05:28]<\/a> &#8211; Hugo<\/p>\n\n\n\n<p>Peut-\u00eatre qu&#8217;on y consacrera un un \u00e9pisode en novembre. Mais l\u00e0, l&#8217;objectif est un peu diff\u00e9rent parce que le mois Sans tabac, c&#8217;est vraiment pour que les gens arr\u00eatent de fumer de mani\u00e8re d\u00e9finitive, pour les accompagner. Alors qu&#8217;officiellement, Dry January, c&#8217;est plut\u00f4t l&#8217;occasion de faire un point sur sa consommation d&#8217;alcool, de voir si on est capable de ne pas boire pendant 30 jours, d&#8217;observer les effets que \u00e7a peut avoir sur notre sant\u00e9 et peut-\u00eatre de se rendre compte qu&#8217;on a un probl\u00e8me d&#8217;addiction avec l&#8217;alcool. Mais la promesse de cette campagne, ce n&#8217;est pas de dire : vous allez compl\u00e8tement arr\u00eater de boire de l&#8217;alcool \u00e0 partir du mois de janvier. C&#8217;est seulement quelque chose de temporel pour faire le point. Et je sais que \u00e7a existe aussi d&#8217;ailleurs avec le v\u00e9ganisme depuis quelques ann\u00e9es. Le &#8220;Veganrary&#8221;, \u00e7a s&#8217;appelle, o\u00f9 aussi, c&#8217;est l&#8217;occasion de faire le point sur sa consommation de viande et de produits d&#8217;origine animale et d&#8217;essayer de s&#8217;en passer. Ah, c&#8217;est une bonne expression : &#8220;se passer de quelque chose&#8221;, est-ce que tu peux expliquer ce que \u00e7a veut dire ?<\/p>\n\n\n\n<p><a id=\"sonaar_ts-6927cf2999776\" class=\"srmp3_sonaar_ts_shortcode\"  style=\"\" href=\"javascript:sonaar_ts_shortcode({ trackid:'0', time:'00:06:34', ts_id:'6927cf2999776', play_icon:'' }) ;\">[00:06:34]<\/a> &#8211; Ingrid<\/p>\n\n\n\n<p>\u00c7a veut dire vivre sans cette chose, r\u00e9ussir \u00e0 faire sa vie, tout simplement en n&#8217;ayant pas cette chose dans son quotidien.<\/p>\n\n\n\n<p><a id=\"sonaar_ts-6927cf299977b\" class=\"srmp3_sonaar_ts_shortcode\"  style=\"\" href=\"javascript:sonaar_ts_shortcode({ trackid:'0', time:'00:06:42', ts_id:'6927cf299977b', play_icon:'' }) ;\">[00:06:42]<\/a> &#8211; Hugo<\/p>\n\n\n\n<p>Exactement. &#8220;Se passer de caf\u00e9&#8221;, &#8220;se passer d&#8217;alcool&#8221;, &#8220;se passer de produits d&#8217;origine animale&#8221;.<\/p>\n\n\n\n<p><a id=\"sonaar_ts-6927cf299978b\" class=\"srmp3_sonaar_ts_shortcode\"  style=\"\" href=\"javascript:sonaar_ts_shortcode({ trackid:'0', time:'00:06:48', ts_id:'6927cf299978b', play_icon:'' }) ;\">[00:06:48]<\/a> &#8211; Ingrid<\/p>\n\n\n\n<p>Ouais, moi, je me rappelle que j&#8217;avais fait un mois. Ce n&#8217;\u00e9tait pas lors d&#8217;une op\u00e9ration, mais j&#8217;avais fait un mois sans viande et \u00e7a avait dur\u00e9 deux ans et demi, finalement. Trois ans m\u00eame, je crois. Donc comme quoi, \u00e7a peut fonctionner dans certains cas d&#8217;arr\u00eater compl\u00e8tement une fois qu&#8217;on a fait un test. Et dans le cas de l&#8217;alcool, je pense qu&#8217;en France, on a une culture tellement port\u00e9e sur l&#8217;alcool&#8230;<\/p>\n\n\n\n<p><a id=\"sonaar_ts-6927cf2999792\" class=\"srmp3_sonaar_ts_shortcode\"  style=\"\" href=\"javascript:sonaar_ts_shortcode({ trackid:'0', time:'0', ts_id:'6927cf2999792', play_icon:'' }) ;\">&#8220;][00:07:13]<\/a> &#8211; Hugo<\/p>\n\n\n\n<p>&#8220;\u00catre port\u00e9 sur quelque chose&#8221;, \u00e7a signifie qu&#8217;on a un int\u00e9r\u00eat pour cette chose. C&#8217;est une chose qu&#8217;on fait r\u00e9guli\u00e8rement. Donc, on peut dire qu&#8217;une personne qui est port\u00e9e sur l&#8217;alcool, c&#8217;est une personne qui consomme beaucoup d&#8217;alcool.<\/p>\n\n\n\n<p><a id=\"sonaar_ts-6927cf2999797\" class=\"srmp3_sonaar_ts_shortcode\"  style=\"\" href=\"javascript:sonaar_ts_shortcode({ trackid:'0', time:'00:07:26', ts_id:'6927cf2999797', play_icon:'' }) ;\">[00:07:26]<\/a> &#8211; Ingrid<\/p>\n\n\n\n<p>Ouais.<\/p>\n\n\n\n<p><a id=\"sonaar_ts-6927cf299979c\" class=\"srmp3_sonaar_ts_shortcode\"  style=\"\" href=\"javascript:sonaar_ts_shortcode({ trackid:'0', time:'00:07:27', ts_id:'6927cf299979c', play_icon:'' }) ;\">[00:07:27]<\/a> &#8211; Hugo<\/p>\n\n\n\n<p>Et c&#8217;est vrai que \u00e7a fait vraiment partie de notre culture notamment parce qu&#8217;on est un grand producteur de vin et de champagne. Donc c&#8217;est quelque chose qu&#8217;on a toujours mis en avant. Mais malgr\u00e9 \u00e7a, l&#8217;op\u00e9ration du Dry January est de plus en plus populaire et cette ann\u00e9e, il y a un tiers des Fran\u00e7ais qui ont d\u00e9clar\u00e9 vouloir y participer. Alors apr\u00e8s, est-ce que tout le monde a r\u00e9ussi \u00e0 passer tout le mois de janvier sans boire une goutte d&#8217;alcool ? C&#8217;est moins s\u00fbr, mais en tout cas, de plus en plus de Fran\u00e7ais d\u00e9clarent avoir l&#8217;intention de \u00e0 cette op\u00e9ration.<\/p>\n\n\n\n<p><a id=\"sonaar_ts-6927cf29997a1\" class=\"srmp3_sonaar_ts_shortcode\"  style=\"\" href=\"javascript:sonaar_ts_shortcode({ trackid:'0', time:'00:08:02', ts_id:'6927cf29997a1', play_icon:'' }) ;\">[00:08:02]<\/a> &#8211; Ingrid<\/p>\n\n\n\n<p>Ouais, en tout cas, c&#8217;est l&#8217;intention qui compte, comme on dit. Et c&#8217;est vrai qu&#8217;il y a de plus en plus de Fran\u00e7ais qui sont int\u00e9ress\u00e9s par cette id\u00e9e de r\u00e9duire leur consommation. Pourtant, l&#8217;\u00c9tat n&#8217;est pas forc\u00e9ment tr\u00e8s d&#8217;accord avec \u00e7a. Et en faisant des recherches pour cet \u00e9pisode, on a vu que la campagne du Dry January, m\u00eame si elle est soutenue par beaucoup d&#8217;associations, en fait, elle n&#8217;a pas \u00e9t\u00e9 soutenue par l&#8217;Agence de sant\u00e9 publique de France. Normalement, il y avait eu des discussions. L&#8217;\u00e9tat fran\u00e7ais \u00e9tait cens\u00e9 soutenir l&#8217;op\u00e9ration, donc par exemple en donnant de l&#8217;argent, etc. Il devait s&#8217;occuper de piloter, de faire en sorte de faire la coordination de l&#8217;op\u00e9ration, et finalement, \u00e7a a \u00e9t\u00e9 abandonn\u00e9. On ne sait pas exactement pourquoi, mais il y a des grandes chances que ce soit \u00e0 cause des lobbies de l&#8217;alcool qui sont tr\u00e8s puissants quand m\u00eame en France, notamment les lobbies du vin, mais pas que, parce qu&#8217;il y a d&#8217;autres alcools qui sont produits en France, qui sont des alcools bien fran\u00e7ais et bien vendus en France. Je pense par exemple au pastis de l&#8217;entreprise Ricard. Et donc, m\u00eame si en France, on a quand m\u00eame pas mal de campagnes qui sont en pr\u00e9vention pour \u00e9viter les exc\u00e8s d&#8217;alcool, l&#8217;\u00c9tat ne soutient pas vraiment l&#8217;id\u00e9e d&#8217;arr\u00eater compl\u00e8tement. Et je pense qu&#8217;avec cette op\u00e9ration, il y a le risque de quand on arr\u00eate l&#8217;alcool pendant un mois entier, \u00e9ventuellement d&#8217;avoir de plus en plus de personnes qui se disent que finalement, \u00eatre sobre, ce n&#8217;est pas si mal. Et \u00e7a, ce n&#8217;est pas tr\u00e8s bon pour le business.<\/p>\n\n\n\n<p><a id=\"sonaar_ts-6927cf29997a5\" class=\"srmp3_sonaar_ts_shortcode\"  style=\"\" href=\"javascript:sonaar_ts_shortcode({ trackid:'0', time:'00:09:46', ts_id:'6927cf29997a5', play_icon:'' }) ;\">[00:09:46]<\/a> &#8211; Hugo<\/p>\n\n\n\n<p>Oui, c&#8217;est vrai que l&#8217;\u00c9tat fran\u00e7ais a un peu \u00ab le cul entre deux chaises \u00bb. Tu sais que j&#8217;aime bien cette expression, \u00ab avoir le cul entre deux chaises \u00bb. Vous entendez qu&#8217;il y a le mot \u00ab cul \u00bb, donc c&#8217;est une expression plut\u00f4t famili\u00e8re. Je vous d\u00e9conseille l&#8217;utiliser pendant un entretien d&#8217;embauche. Mais je pense que l&#8217;image est assez parlante. \u00c7a veut dire qu&#8217;on a un dilemme. On est entre deux positions qui sont un peu contradictoires. On se trouve peut-\u00eatre dans un conflit d&#8217;int\u00e9r\u00eat. D&#8217;un c\u00f4t\u00e9, l&#8217;\u00c9tat fran\u00e7ais veut faire de la pr\u00e9vention pour am\u00e9liorer la sant\u00e9 publique, parce que \u00e7a co\u00fbte aussi de l&#8217;argent dans les h\u00f4pitaux, etc. \u00c7a co\u00fbte de l&#8217;argent \u00e0 l&#8217;\u00c9tat. Donc, on essaye de faire de la pr\u00e9vention. Mais de l&#8217;autre, il y a les lobbies de l&#8217;alcool qui font pression pour pouvoir continuer \u00e0 vendre leurs produits. Ce qui fait que, comme tu l&#8217;as dit, Ingrid, l&#8217;\u00c9tat a plut\u00f4t des recommandations pour mieux encadrer la consommation d&#8217;alcool et pour la limiter, mais pas pour arr\u00eater compl\u00e8tement. D&#8217;ailleurs, \u00e7a me fait penser \u00e0 un chiffre qui m&#8217;a vraiment choqu\u00e9 en pr\u00e9parant cet \u00e9pisode. Je pense que c&#8217;est \u00e7a, mais que 58% de l&#8217;alcool consomm\u00e9 est consomm\u00e9 par 10% des Fran\u00e7ais. Donc, c&#8217;est toutes les personnes qui ont vraiment un probl\u00e8me d&#8217;alcoolisme et qui ont une consommation assez d\u00e9mesur\u00e9e. Et forc\u00e9ment, ces personnes-l\u00e0, si pendant un mois, elles arr\u00eatent compl\u00e8tement de boire de l&#8217;alcool, elles vont peut-\u00eatre r\u00e9ussir \u00e0 se sevrer. \u00ab Se sevrer \u00bb, c&#8217;est quand on a une addiction, que ce soit au niveau des drogues, de l&#8217;alcool, etc. Et arrive \u00e0 se d\u00e9barrasser de cette addiction.<\/p>\n\n\n\n<p><a id=\"sonaar_ts-6927cf29997aa\" class=\"srmp3_sonaar_ts_shortcode\"  style=\"\" href=\"javascript:sonaar_ts_shortcode({ trackid:'0', time:'00:11:17', ts_id:'6927cf29997aa', play_icon:'' }) ;\">[00:11:17]<\/a> &#8211; Ingrid<\/p>\n\n\n\n<p>Oui, c&#8217;est quand on arr\u00eate de consommer quelque chose. \u00c7a fonctionne aussi pour les b\u00e9b\u00e9s qui sont sevr\u00e9s quand ils arr\u00eatent le lait maternel. Mais donc, c&#8217;est en g\u00e9n\u00e9ral, on est sevr\u00e9 quand le corps n&#8217;a plus besoin de consommer quelque chose qui, avant, \u00e9tait n\u00e9cessaire.<\/p>\n\n\n\n<p><a id=\"sonaar_ts-6927cf29997ae\" class=\"srmp3_sonaar_ts_shortcode\"  style=\"\" href=\"javascript:sonaar_ts_shortcode({ trackid:'0', time:'00:11:35', ts_id:'6927cf29997ae', play_icon:'' }) ;\">[00:11:35]<\/a> &#8211; Hugo<\/p>\n\n\n\n<p>Sachant qu&#8217;une grande partie de l&#8217;alcool vendu est le fait d&#8217;un petit nombre de Fran\u00e7ais, finalement, mais qui consomment de grandes quantit\u00e9s, c&#8217;est s\u00fbr qu&#8217;une op\u00e9ration comme le Dry January, \u00e7a pourrait faire baisser significativement les ventes d&#8217;alcool \u00e0 long terme.<\/p>\n\n\n\n<p><a id=\"sonaar_ts-6927cf29997b2\" class=\"srmp3_sonaar_ts_shortcode\"  style=\"\" href=\"javascript:sonaar_ts_shortcode({ trackid:'0', time:'00:11:49', ts_id:'6927cf29997b2', play_icon:'' }) ;\">[00:11:49]<\/a> &#8211; Ingrid<\/p>\n\n\n\n<p>Oui, l&#8217;\u00c9tat pr\u00e9f\u00e8re avoir des campagnes dans lesquelles il va plut\u00f4t promouvoir des consommations d&#8217;alcool responsables. Donc, par exemple, il va nous dire quelle est la quantit\u00e9 d&#8217;alcool qu&#8217;on peut consommer pour ne pas \u00eatre en \u00e9tat d&#8217;alcool\u00e9mie, quelle est la quantit\u00e9 d&#8217;alcool qu&#8217;on peut consommer pour \u00eatre en bonne sant\u00e9.<\/p>\n\n\n\n<p><a id=\"sonaar_ts-6927cf29997b7\" class=\"srmp3_sonaar_ts_shortcode\"  style=\"\" href=\"javascript:sonaar_ts_shortcode({ trackid:'0', time:'00:12:11', ts_id:'6927cf29997b7', play_icon:'' }) ;\">[00:12:11]<\/a> &#8211; Hugo<\/p>\n\n\n\n<p>Ce qui est recommand\u00e9 par l&#8217;\u00c9tat fran\u00e7ais, c&#8217;est maximum 10 verres par semaine, c&#8217;est \u00e7a ?<\/p>\n\n\n\n<p><a id=\"sonaar_ts-6927cf29997bc\" class=\"srmp3_sonaar_ts_shortcode\"  style=\"\" href=\"javascript:sonaar_ts_shortcode({ trackid:'0', time:'00:12:17', ts_id:'6927cf29997bc', play_icon:'' }) ;\">[00:12:17]<\/a> &#8211; Ingrid<\/p>\n\n\n\n<p>C&#8217;est \u00e7a, avec maximum deux verres par jour. \u00c0 savoir que quand on dit deux verres, c&#8217;est deux verres qui repr\u00e9sentent une certaine quantit\u00e9 d&#8217;alcool. Donc, le deux verres de vin de 12,5 centilitres, le demi de bi\u00e8re, donc c&#8217;est 25 centilitres. En France, on dit \u00ab un demi \u00bb quand c&#8217;est 25 centilitres, \u00ab une pinte \u00bb quand c&#8217;est 50 centilitres. Et \u00e7a, la pinte, \u00e7a compte pour deux verres. Et puis, pour l&#8217;alcool fort, c&#8217;est une quantit\u00e9 d&#8217;un verre classique, par exemple un cocktail, un verre de whisky, etc. Mais aussi avec des jours dans la semaine de pause. Moi, il me semble qu&#8217;on m&#8217;avait dit que c&#8217;\u00e9tait un jour sur deux. Donc, ce qui revient \u00e0 dire au moins trois jours de pause dans la semaine. Donc, voil\u00e0.<\/p>\n\n\n\n<p><a id=\"sonaar_ts-6927cf29997c9\" class=\"srmp3_sonaar_ts_shortcode\"  style=\"\" href=\"javascript:sonaar_ts_shortcode({ trackid:'0', time:'00:13:09', ts_id:'6927cf29997c9', play_icon:'' }) ;\">[00:13:09]<\/a> &#8211; Hugo<\/p>\n\n\n\n<p>Et m\u00eame au niveau de la s\u00e9curit\u00e9 routi\u00e8re, on a du mal vraiment avec le z\u00e9ro alcool. Je ne sais pas si c&#8217;est toujours le cas, mais il me semble qu&#8217;en France, on a toujours le droit \u00e0 0,5 g ?<\/p>\n\n\n\n<p><a id=\"sonaar_ts-6927cf29997cf\" class=\"srmp3_sonaar_ts_shortcode\"  style=\"\" href=\"javascript:sonaar_ts_shortcode({ trackid:'0', time:'00:13:22', ts_id:'6927cf29997cf', play_icon:'' }) ;\">[00:13:22]<\/a> &#8211; Ingrid<\/p>\n\n\n\n<p>0,5, mais il me semble&#8230; Quand j&#8217;ai pass\u00e9 mon permis, il y a d\u00e9j\u00e0 quelque temps, c&#8217;\u00e9tait \u00e7a. C&#8217;\u00e9tait 0,5 g dans le sang, c&#8217;est OK pour conduire. Et moi, je sais que \u00e7a m&#8217;a rendu compl\u00e8tement parano\u00efaque. Je ne voulais pas du tout boire avant de conduire, mais parfois, on me disait \u00ab mais si, tu as le droit \u00e0 deux verres \u00bb. Et du coup, je me retrouvais sur une application du gouvernement \u00e0 calculer. \u00ab OK, mais j&#8217;ai bu un verre de vin \u00e0 telle heure. Et puis apr\u00e8s, j&#8217;ai bu une pinte, donc normalement, c&#8217;est trop&#8230; Alors, il faut que j&#8217;attende combien de temps \u00bb, etc. Bon, c&#8217;est la preuve quand m\u00eame que chez certaines personnes, pas tout le monde, au moins, la pr\u00e9vention, \u00e7a fonctionne. Et en parlant de pr\u00e9vention sur la s\u00e9curit\u00e9 routi\u00e8re, je pense que notre g\u00e9n\u00e9ration, on a \u00e9t\u00e9 marqu\u00e9s par quelqu&#8217;un en particulier. Hugo, est-ce que tu te rappelles de Sam ?<\/p>\n\n\n\n<p><a id=\"sonaar_ts-6927cf29997d4\" class=\"srmp3_sonaar_ts_shortcode\"  style=\"\" href=\"javascript:sonaar_ts_shortcode({ trackid:'0', time:'00:14:18', ts_id:'6927cf29997d4', play_icon:'' }) ;\">[00:14:18]<\/a> &#8211; Hugo<\/p>\n\n\n\n<p>Oui, bien s\u00fbr. \u00ab Sam, celui qui conduit, c&#8217;est celui qui ne boit pas. \u00bb \u00c7a, c&#8217;\u00e9tait un slogan de la s\u00e9curit\u00e9 routi\u00e8re et c&#8217;\u00e9tait pour inciter les jeunes \u00e0 toujours avoir une personne qui ne boit pour pouvoir les ramener de soir\u00e9e. Et cette personne, elle avait le pr\u00e9nom de Sam. Donc on demandait \u00ab Ah, c&#8217;est qui Sam ce soir ? Est-ce que c&#8217;est toi Sam ? C&#8217;est toujours moi Sam. J&#8217;en ai marre, j&#8217;ai envie de boire \u00bb, etc.<\/p>\n\n\n\n<p><a id=\"sonaar_ts-6927cf29997ea\" class=\"srmp3_sonaar_ts_shortcode\"  style=\"\" href=\"javascript:sonaar_ts_shortcode({ trackid:'0', time:'00:14:41', ts_id:'6927cf29997ea', play_icon:'' }) ;\">[00:14:41]<\/a> &#8211; Ingrid<\/p>\n\n\n\n<p>C&#8217;\u00e9tait toi Sam, Hugo, non ?<\/p>\n\n\n\n<p><a id=\"sonaar_ts-6927cf29997ee\" class=\"srmp3_sonaar_ts_shortcode\"  style=\"\" href=\"javascript:sonaar_ts_shortcode({ trackid:'0', time:'00:14:45', ts_id:'6927cf29997ee', play_icon:'' }) ;\">[00:14:45]<\/a> &#8211; Hugo<\/p>\n\n\n\n<p>Assez rarement, m\u00eame quand j&#8217;ai eu le&#8230; Non, parce que oui, c&#8217;est vrai que j&#8217;ai eu le permis&#8230; J&#8217;avais des amis plus \u00e2g\u00e9s, donc ils avaient le permis avant moi. Du coup, j&#8217;avais une bonne excuse. Et ensuite, je n&#8217;ai pas eu ma propre voiture avant un certain temps. Donc c&#8217;\u00e9tait rarement moi, Sam. Mais ce que je voulais dire aussi, c&#8217;est qu&#8217;il y a beaucoup de pays qui ont d\u00e9cid\u00e9 d&#8217;avoir une tol\u00e9rance z\u00e9ro. Et c&#8217;est beaucoup plus clair, en fait, de dire \u00ab bon bah voil\u00e0, on n&#8217;a pas le droit du tout de boire de l&#8217;alcool avant de prendre le volant \u00bb. Et nous, en France, non, on a d\u00e9cid\u00e9 quand m\u00eame, encore une fois, s\u00fbrement du fait de la pression des lobbies de l&#8217;alcool, de tol\u00e9rer une petite quantit\u00e9 d&#8217;alcool au volant, ce qui en fait rend les choses beaucoup plus complexe, comme tu l&#8217;as dit, o\u00f9 on est oblig\u00e9 d&#8217;\u00eatre sur une application \u00e0 calculer, etc, au lieu de se dire \u00ab je conduis, je ne bois pas du tout, c&#8217;est clair \u00bb.<\/p>\n\n\n\n<p><a id=\"sonaar_ts-6927cf29997f3\" class=\"srmp3_sonaar_ts_shortcode\"  style=\"\" href=\"javascript:sonaar_ts_shortcode({ trackid:'0', time:'00:15:39', ts_id:'6927cf29997f3', play_icon:'' }) ;\">[00:15:39]<\/a> &#8211; Ingrid<\/p>\n\n\n\n<p>Mais la bonne nouvelle, c&#8217;est que de toute fa\u00e7on, les campagnes fonctionnent ou en tout cas que la mode fonctionne. Et globalement, on a de moins en moins de consommation d&#8217;alcool en France. Et ce sera notre prochaine partie.<\/p>\n\n\n\n<p><a id=\"sonaar_ts-6927cf29997fb\" class=\"srmp3_sonaar_ts_shortcode\"  style=\"\" href=\"javascript:sonaar_ts_shortcode({ trackid:'0', time:'00:16:00', ts_id:'6927cf29997fb', play_icon:'' }) ;\">[00:16:00]<\/a> &#8211; Hugo<\/p>\n\n\n\n<p>Comme on l&#8217;a dit, les Fran\u00e7ais sont connus pour \u00eatre de gros buveurs, mais ce qu&#8217;il faut savoir, c&#8217;est que depuis une soixantaine d&#8217;ann\u00e9es, la consommation a baiss\u00e9 drastiquement puisqu&#8217;elle a \u00e9t\u00e9 divis\u00e9e par plus de deux. Il faut savoir que dans les ann\u00e9es 60, un Fran\u00e7ais buvait en moyenne 200 litres d&#8217;alcool par an, ce qui est vraiment pas mal. On avait \u00ab une bonne descente \u00bb. Alors une autre expression. On va avoir pas mal d&#8217;expressions, je pense, dans cet \u00e9pisode, parce qu&#8217;on a \u00e9norm\u00e9ment d&#8217;expressions autour de l&#8217;alcool. \u00ab Avoir une bonne descente. \u00bb Tu peux expliquer ce que \u00e7a veut dire, Ingrid ?<\/p>\n\n\n\n<p><a id=\"sonaar_ts-6927cf2999800\" class=\"srmp3_sonaar_ts_shortcode\"  style=\"\" href=\"javascript:sonaar_ts_shortcode({ trackid:'0', time:'00:16:38', ts_id:'6927cf2999800', play_icon:'' }) ;\">[00:16:38]<\/a> &#8211; Ingrid<\/p>\n\n\n\n<p>Avoir une bonne descente, \u00e7a veut dire \u00eatre capable de boire beaucoup d&#8217;alcool. En g\u00e9n\u00e9ral, celui qui a une bonne descente, c&#8217;est celui qui, par exemple, a d\u00e9j\u00e0 fini son verre quand tout le monde a \u00e0 peine commenc\u00e9, celui qui finit deux bouteilles quand on en est \u00e0 deux verres. Donc voil\u00e0, c&#8217;est quelqu&#8217;un qui \u00ab l\u00e8ve beaucoup le coude \u00bb. Autre expression.<\/p>\n\n\n\n<p><a id=\"sonaar_ts-6927cf2999805\" class=\"srmp3_sonaar_ts_shortcode\"  style=\"\" href=\"javascript:sonaar_ts_shortcode({ trackid:'0', time:'00:17:00', ts_id:'6927cf2999805', play_icon:'' }) ;\">[00:17:00]<\/a> &#8211; Hugo<\/p>\n\n\n\n<p>J&#8217;y pensais. Ouais. \u00ab Lever le coude \u00bb. \u00ab Le coude \u00bb, c&#8217;est cette articulation au niveau du bras, entre le bras et l&#8217;avant-bras. C&#8217;est comme le genou pour les jambes, mais c&#8217;est pour les bras, le coude. Quelqu&#8217;un qui l\u00e8ve le coude, \u00e7a veut dire, il fait ce geste de lever le coude pour boire son verre. Et on a d&#8217;autres expressions d&#8217;ailleurs avec \u00e7a. On dit aussi \u00ab lever le pied \u00bb, qui a un sens compl\u00e8tement diff\u00e9rent. Tu peux expliquer ce que \u00e7a veut dire, lever le pied ?<\/p>\n\n\n\n<p><a id=\"sonaar_ts-6927cf2999809\" class=\"srmp3_sonaar_ts_shortcode\"  style=\"\" href=\"javascript:sonaar_ts_shortcode({ trackid:'0', time:'00:17:28', ts_id:'6927cf2999809', play_icon:'' }) ;\">[00:17:28]<\/a> &#8211; Ingrid<\/p>\n\n\n\n<p>Bah c&#8217;est le contraire. M\u00eame si ce n&#8217;est pas li\u00e9 \u00e0 l&#8217;alcool n\u00e9cessairement, mais en g\u00e9n\u00e9ral, quand on \u00ab l\u00e8ve le pied \u00bb, \u00e7a veut dire qu&#8217;on ralentit. L\u00e0, c&#8217;est l&#8217;image de la voiture parce que \u00e7a veut dire lever le pied de l&#8217;acc\u00e9l\u00e9rateur. Donc, on a pas mal d&#8217;expressions, ouais, qui sont assez imag\u00e9es avec des parties du corps, avec des mouvements qu&#8217;on fait. Et par rapport \u00e0 l&#8217;alcool, c&#8217;est une expression que j&#8217;aime bien, moi, \u00ab lever le coude \u00bb. \u00c7a fait tr\u00e8s \u00ab vieille France \u00bb.<\/p>\n\n\n\n<p><a id=\"sonaar_ts-6927cf299980e\" class=\"srmp3_sonaar_ts_shortcode\"  style=\"\" href=\"javascript:sonaar_ts_shortcode({ trackid:'0', time:'00:17:58', ts_id:'6927cf299980e', play_icon:'' }) ;\">[00:17:58]<\/a> &#8211; Hugo<\/p>\n\n\n\n<p>C&#8217;est vrai. En \u00e9cole de commerce, on utilisait souvent cette expression parce que c&#8217;est vrai que c&#8217;est un peu vieille France aussi de temps en temps. Et l&#8217;alcool, c&#8217;est un sujet central pendant les \u00e9tudes sup\u00e9rieures en France. Donc, voil\u00e0, on parlait beaucoup du \u00ab lever de coude \u00bb. Et c&#8217;est vrai que maintenant, les Fran\u00e7ais l\u00e8vent moins le coude qu&#8217;il y a 60 ans puisqu&#8217;ils ne boivent plus que, autrement dit, seulement 80 litres par an et par personne.<\/p>\n\n\n\n<p><a id=\"sonaar_ts-6927cf2999812\" class=\"srmp3_sonaar_ts_shortcode\"  style=\"\" href=\"javascript:sonaar_ts_shortcode({ trackid:'0', time:'00:18:28', ts_id:'6927cf2999812', play_icon:'' }) ;\">[00:18:28]<\/a> &#8211; Ingrid<\/p>\n\n\n\n<p>Et d&#8217;ailleurs, m\u00eame au niveau du vin, si on regarde seulement le vin qui est quand m\u00eame, je pense, l&#8217;alcool le plus consomm\u00e9 et en tout cas le plus marquant de la culture fran\u00e7aise, il y a une quarantaine d&#8217;ann\u00e9es, la majorit\u00e9 des Fran\u00e7ais buvait du vin tous les jours, alors que maintenant, c&#8217;est seulement 15% des Fran\u00e7ais qui d\u00e9clare boire du vin quotidiennement. On est vraiment sur une baisse compl\u00e8te, une baisse significative de cette consommation. Avant, on peut dire que les gens buvaient leur petit verre de le midi, le soir, c&#8217;\u00e9tait comme de l&#8217;eau sur la table, alors que maintenant, \u00e7a a quand m\u00eame assez disparu. Je ne sais pas ce que tu en penses.<\/p>\n\n\n\n<p><a id=\"sonaar_ts-6927cf299981b\" class=\"srmp3_sonaar_ts_shortcode\"  style=\"\" href=\"javascript:sonaar_ts_shortcode({ trackid:'0', time:'00:19:08', ts_id:'6927cf299981b', play_icon:'' }) ;\">[00:19:08]<\/a> &#8211; Hugo<\/p>\n\n\n\n<p>Oui, c&#8217;est vrai qu&#8217;on le voit moins et m\u00eame au travail. Je pense qu&#8217;avant, quand il&#8230; Bon, quand il y a des d\u00e9jeuners d&#8217;\u00e9quipe, que c&#8217;est quelque chose d&#8217;un peu festif, par exemple quand on a r\u00e9ussi un projet ou quelque chose comme \u00e7a, il n&#8217;est pas rare encore d&#8217;avoir du vin le midi. Mais c&#8217;est vrai que sinon, surtout parmi notre g\u00e9n\u00e9ration, je pense, pour le d\u00e9jeuner, on boit de l&#8217;eau en g\u00e9n\u00e9ral et pas forc\u00e9ment de l&#8217;alcool. Mais ce qui est int\u00e9ressant aussi, c&#8217;est que depuis 2010, cette baisse a fortement ralenti. Donc, on est un peu arriv\u00e9 \u00e0 un niveau, maintenant, j&#8217;ai l&#8217;impression, o\u00f9 c&#8217;est assez difficile de descendre en dessous de ce seuil de consommation. Notamment parce qu&#8217;il y a, comme je l&#8217;ai dit un peu au d\u00e9but, toutes ces personnes qui sont alcooliques et pour lesquelles c&#8217;est quasiment impossible de r\u00e9duire leur consommation. Et l\u00e0, c&#8217;est un peu comme si on \u00e9tait arriv\u00e9 au niveau des irr\u00e9ductibles, comme ces irr\u00e9ductibles Gaulois, les personnes qui n&#8217;arr\u00eateront pas de toute fa\u00e7on de boire de l&#8217;alcool et les occasions pendant lesquelles c&#8217;est la tradition de boire. Et \u00e7a, c&#8217;est quelque chose qui, a priori, n&#8217;est pas pr\u00e8s de dispara\u00eetre, par exemple comme les f\u00eates de fin d&#8217;ann\u00e9e.<\/p>\n\n\n\n<p><a id=\"sonaar_ts-6927cf299981f\" class=\"srmp3_sonaar_ts_shortcode\"  style=\"\" href=\"javascript:sonaar_ts_shortcode({ trackid:'0', time:'00:20:29', ts_id:'6927cf299981f', play_icon:'' }) ;\">[00:20:29]<\/a> &#8211; Ingrid<\/p>\n\n\n\n<p>Oui, apr\u00e8s, il faudra voir comment \u00e7a \u00e9volue, peut-\u00eatre dans les prochaines ann\u00e9es, quand il y aura des nouvelles g\u00e9n\u00e9rations qui vont appara\u00eetre et d&#8217;autres qui vont dispara\u00eetre. Parce que, par exemple, quand on parle du verre de vin au quotidien, moi, je pense \u00e0 mon grand-p\u00e8re. Peu importe qu&#8217;il ait&#8230; Il a quel \u00e2ge ? Il a presque 100 ans et puis il continue \u00e0 boire son vin, c&#8217;est tous les jours sur la table comme si c&#8217;\u00e9tait de l&#8217;eau. Et donc, voil\u00e0, maintenant, on a une stagnation parce qu&#8217;on a toujours cette population qui continue ses habitudes et on aura toujours un probl\u00e8me d&#8217;alcoolisme puisque c&#8217;est une maladie quand m\u00eame qui est assez universelle. Mais voil\u00e0, il y a une question de g\u00e9n\u00e9ration \u00e0 voir comment \u00e7a \u00e9volue.<\/p>\n\n\n\n<p><a id=\"sonaar_ts-6927cf2999824\" class=\"srmp3_sonaar_ts_shortcode\"  style=\"\" href=\"javascript:sonaar_ts_shortcode({ trackid:'0', time:'00:21:11', ts_id:'6927cf2999824', play_icon:'' }) ;\">[00:21:11]<\/a> &#8211; Hugo<\/p>\n\n\n\n<p>Et c&#8217;est vrai que cette diminution de la consommation d&#8217;alcool, elle est plus prononc\u00e9e chez les jeunes. Elle vient principalement des jeunes. Et d&#8217;ailleurs, ce n&#8217;est pas du tout la m\u00eame consommation puisque parmi les personnes plus \u00e2g\u00e9es, on a davantage une consommation quotidienne d&#8217;alcool, mais en plus petites quantit\u00e9s. Alors que pour les jeunes, on parle d&#8217;une &#8220;alcoolisation ponctuelle importante&#8221;, API. Autrement dit, c&#8217;est \u00ab se mettre une cuite \u00bb ou \u00ab se prendre une cuite \u00bb. Encore une expression. \u00ab Se prendre une cuite \u00bb, \u00e7a veut dire boire beaucoup d&#8217;alcool d&#8217;un seul coup, en g\u00e9n\u00e9ral parce qu&#8217;on fait la f\u00eate avec ses amis. Et c&#8217;est vrai que les jeunes, c&#8217;est plut\u00f4t de cette fa\u00e7on qu&#8217;ils consomment de l&#8217;alcool.<\/p>\n\n\n\n<p><a id=\"sonaar_ts-6927cf299982c\" class=\"srmp3_sonaar_ts_shortcode\"  style=\"\" href=\"javascript:sonaar_ts_shortcode({ trackid:'0', time:'00:21:57', ts_id:'6927cf299982c', play_icon:'' }) ;\">[00:21:57]<\/a> &#8211; Ingrid<\/p>\n\n\n\n<p>Ouais, c&#8217;est vrai. La premi\u00e8re cuite, en moyenne, elle a lieu \u00e0 partir de 15 ans, alors que l&#8217;alcool, on rappelle, est l\u00e9gal seulement \u00e0 partir de 18 ans. Et \u00e0 17 ans, plus de huit adolescents sur dix a d\u00e9j\u00e0 bu de l&#8217;alcool. Mais ce qui est int\u00e9ressant avec ce chiffre, c&#8217;est qu&#8217;il ne fait que de baisser. Il y a 20 ans, seuls 4,4% des jeunes de 17 ans n&#8217;avaient jamais bu d&#8217;alcool. Alors que maintenant, comme je disais, si 8 sur 10 en ont d\u00e9j\u00e0 bu, \u00e7a veut dire qu&#8217;il y en a 20% qui en ont pas bu. Et c&#8217;est vraiment pas mal. Franchement, \u00e7a fait de plus en plus de jeunes adolescents qui sont pas int\u00e9ress\u00e9s, qui n&#8217;ont pas d\u00e9j\u00e0 go\u00fbt\u00e9 entre copains, qui n&#8217;ont pas pris le petit verre en famille et qui se sont \u00ab bourr\u00e9s la gueule \u00bb. \u00ab Se bourrer la gueule \u00bb, c&#8217;est la m\u00eame chose que se prendre une cuite, c&#8217;est boire en exc\u00e8s jusqu&#8217;\u00e0 vomir, etc. Et \u00e7a, c&#8217;est vrai qu&#8217;apparemment, c&#8217;est moins \u00e0 la mode chez les jeunes. C&#8217;est plut\u00f4t bien parce qu&#8217;\u00e0 notre \u00e9poque, c&#8217;\u00e9tait quand m\u00eame cool de boire quand on \u00e9tait adolescent.<\/p>\n\n\n\n<p><a id=\"sonaar_ts-6927cf2999831\" class=\"srmp3_sonaar_ts_shortcode\"  style=\"\" href=\"javascript:sonaar_ts_shortcode({ trackid:'0', time:'00:23:04', ts_id:'6927cf2999831', play_icon:'' }) ;\">[00:23:04]<\/a> &#8211; Hugo<\/p>\n\n\n\n<p>Oui, c&#8217;est vrai, c&#8217;\u00e9tait vraiment&#8230; La premi\u00e8re cuite, c&#8217;\u00e9tait le rite de passage. C&#8217;\u00e9tait une esp\u00e8ce de d\u00e9fi qui nous permettait ou en tout cas qui nous donnait l&#8217;impression de devenir un adulte. \u00c7a y est, on se prend sa premi\u00e8re cuite, \u00e7a veut dire qu&#8217;on passe \u00e0 l&#8217;\u00e2ge adulte, un peu comme le bac. Cet examen \u00e0 la fin du lyc\u00e9e, c&#8217;est aussi un rite de passage. Moi, je sais que c&#8217;\u00e9tait vraiment quelque chose&#8230; Voil\u00e0, tous mes amis le faisaient. Moi, je l&#8217;ai fait comme tout le monde. Je n&#8217;ai pas fait exception \u00e0 la r\u00e8gle. Et \u00e9videmment, \u00e0 l&#8217;\u00e9poque, je ne le voyais pas de mani\u00e8re aussi objective. Je me disais pas \u00ab ah voil\u00e0, c&#8217;est mon rite de passage, je dois me mettre une cuite \u00bb, etc. C&#8217;est arriv\u00e9 de mani\u00e8re assez naturelle, en vacances, quand&#8230; Je ne sais plus si j&#8217;avais 14 ou 15 ans, mais c&#8217;\u00e9tait aussi dans ces eaux-l\u00e0 o\u00f9, voil\u00e0, on avait rencontr\u00e9 des gens un peu plus \u00e2g\u00e9s, on avait d\u00e9couvert les cocktails rhum-orange et j&#8217;\u00e9tais rentr\u00e9 chez moi tr\u00e8s tard et tout vert. Et je sais que d&#8217;ailleurs, ma m\u00e8re ne m&#8217;avait m\u00eame pas sermonn\u00e9. Voil\u00e0, c&#8217;\u00e9tait quelque chose&#8230; Bon, \u00e9videmment, elle n&#8217;\u00e9tait pas ravie, mais elle savait que \u00e7a faisait partie des rites de passage des adolescents. Toi, tu te souviens de ta premi\u00e8re cuite ?<\/p>\n\n\n\n<p><a id=\"sonaar_ts-6927cf2999836\" class=\"srmp3_sonaar_ts_shortcode\"  style=\"\" href=\"javascript:sonaar_ts_shortcode({ trackid:'0', time:'00:24:24', ts_id:'6927cf2999836', play_icon:'' }) ;\">[00:24:24]<\/a> &#8211; Ingrid<\/p>\n\n\n\n<p>Ouais, je m&#8217;en souviens. Je pense que c&#8217;\u00e9tait en vacances, sur la plage, \u00e7a devait \u00eatre de la manzana ou un alcool comme \u00e7a. On avait des alcools, les jeunes&#8230;<\/p>\n\n\n\n<p><a id=\"sonaar_ts-6927cf299983e\" class=\"srmp3_sonaar_ts_shortcode\"  style=\"\" href=\"javascript:sonaar_ts_shortcode({ trackid:'0', time:'00:24:36', ts_id:'6927cf299983e', play_icon:'' }) ;\">[00:24:36]<\/a> &#8211; Hugo<\/p>\n\n\n\n<p>Bien sucr\u00e9s.<\/p>\n\n\n\n<p><a id=\"sonaar_ts-6927cf2999842\" class=\"srmp3_sonaar_ts_shortcode\"  style=\"\" href=\"javascript:sonaar_ts_shortcode({ trackid:'0', time:'00:24:37', ts_id:'6927cf2999842', play_icon:'' }) ;\">[00:24:37]<\/a> &#8211; Ingrid<\/p>\n\n\n\n<p>Ouais, bien sucr\u00e9s, bien d\u00e9gueu.<\/p>\n\n\n\n<p><a id=\"sonaar_ts-6927cf2999847\" class=\"srmp3_sonaar_ts_shortcode\"  style=\"\" href=\"javascript:sonaar_ts_shortcode({ trackid:'0', time:'00:24:40', ts_id:'6927cf2999847', play_icon:'' }) ;\">[00:24:40]<\/a> &#8211; Hugo<\/p>\n\n\n\n<p>Bien chimiques.<\/p>\n\n\n\n<p><a id=\"sonaar_ts-6927cf299984b\" class=\"srmp3_sonaar_ts_shortcode\"  style=\"\" href=\"javascript:sonaar_ts_shortcode({ trackid:'0', time:'00:24:41', ts_id:'6927cf299984b', play_icon:'' }) ;\">[00:24:41]<\/a> &#8211; Ingrid<\/p>\n\n\n\n<p>Maintenant&#8230; Ouais, c&#8217;est \u00e7a. Et par contre, j&#8217;ai la chance d&#8217;avoir une grande s\u0153ur. Donc c&#8217;est ma grande s\u0153ur qui m&#8217;a ramen\u00e9e \u00e0 la maison, qui m&#8217;a mis sous la douche et qui s&#8217;est occup\u00e9e de moi. Je ne sais m\u00eame pas si mes parents ont \u00e9t\u00e9 au courant. \u00c0 mon avis, s&#8217;ils s&#8217;en \u00e9taient rendu compte, ils auraient rien dit non plus. Ils auraient dit \u00ab oh bah dis-donc \u00bb. Ils le savent, les parents, et puis apr\u00e8s, \u00e0 partir du moment o\u00f9 ils font attention \u00e0 toi, je pense qu&#8217;ils savent que \u00e7a ne va pas forc\u00e9ment se r\u00e9p\u00e9ter. Pour ma part, c&#8217;\u00e9tait une fois o\u00f9 je ne savais pas, je n&#8217;ai pas compris que m\u00eame si c&#8217;\u00e9tait tr\u00e8s sucr\u00e9, en fait, \u00e7a montait tr\u00e8s vite \u00e0 la t\u00eate et que \u00e7a faisait mal au ventre. Et apr\u00e8s, une fois que j&#8217;ai compris \u00e7a, je me suis calm\u00e9e jusqu&#8217;\u00e0 devenir \u00e9tudiante. Apr\u00e8s, c&#8217;est avec les \u00e9tudes que la la consommation est redevenue plus importante. Et l\u00e0, c&#8217;\u00e9tait vraiment le vin. Je ne sais pas si toi aussi, les ann\u00e9es d&#8217;\u00e9tudes, c&#8217;est&#8230; En France, on se fait des bouteilles de vin vraiment pas ch\u00e8res.<\/p>\n\n\n\n<p><a id=\"sonaar_ts-6927cf2999850\" class=\"srmp3_sonaar_ts_shortcode\"  style=\"\" href=\"javascript:sonaar_ts_shortcode({ trackid:'0', time:'00:25:43', ts_id:'6927cf2999850', play_icon:'' }) ;\">[00:25:43]<\/a> &#8211; Hugo<\/p>\n\n\n\n<p>Ouais, il y avait \u00e7a et moi, il y avait beaucoup la bi\u00e8re en \u00e9cole de commerce. Alors, en pr\u00e9pa, pendant deux ans, comme on ne faisait que travailler, on avait \u00e0 peu pr\u00e8s deux f\u00eates par an o\u00f9 l\u00e0, effectivement, on buvait beaucoup, mais le reste de l&#8217;ann\u00e9e, on avait tellement de choses \u00e0 apprendre et d&#8217;examens.<\/p>\n\n\n\n<p><a id=\"sonaar_ts-6927cf2999854\" class=\"srmp3_sonaar_ts_shortcode\"  style=\"\" href=\"javascript:sonaar_ts_shortcode({ trackid:'0', time:'00:26:00', ts_id:'6927cf2999854', play_icon:'' }) ;\">[00:26:00]<\/a> &#8211; Ingrid<\/p>\n\n\n\n<p>Ah bah, les pr\u00e9pas litt\u00e9raires, je peux te dire que \u00e7a boit du vin, m\u00eame avec les examens&#8230;<\/p>\n\n\n\n<p><a id=\"sonaar_ts-6927cf2999858\" class=\"srmp3_sonaar_ts_shortcode\"  style=\"\" href=\"javascript:sonaar_ts_shortcode({ trackid:'0', time:'00:26:06', ts_id:'6927cf2999858', play_icon:'' }) ;\">[00:26:06]<\/a> &#8211; Hugo<\/p>\n\n\n\n<p>Non, nous, c&#8217;\u00e9tait&#8230; En plus, j&#8217;\u00e9tais en internat, donc ce n&#8217;\u00e9tait pas possible. Du coup, j&#8217;avais une consommation tr\u00e8s raisonnable. Mais apr\u00e8s, on savait aussi qu&#8217;une fois en \u00e9cole de commerce, l\u00e0, on allait pouvoir se l\u00e2cher, faire des exc\u00e8s. Et nous, dans notre \u00e9cole, et c&#8217;est le cas dans beaucoup d&#8217;\u00e9coles de commerce, il y avait un bar qui \u00e9tait tenu par des \u00e9tudiants qui servaient de la bi\u00e8re. Donc tr\u00e8s souvent, m\u00eame parfois, entre les cours, il y avait des personnes qui descendaient boire une bi\u00e8re, voil\u00e0, pendant la journ\u00e9e. Et on avait aussi, ce qui a \u00e9t\u00e9 interdit depuis, mais on avait les soir\u00e9es &#8220;open bar&#8221;. Donc on payait, je ne sais plus, c&#8217;\u00e9tait ridicule, l&#8217;\u00e9quivalent de 5 ou 10 \u20ac. Et ensuite, on pouvait boire de mani\u00e8re illimit\u00e9e toute la soir\u00e9e dans des bars, encore une fois, tenus par les \u00e9tudiants. Et l\u00e0, voil\u00e0, ces soir\u00e9es, c&#8217;\u00e9tait vraiment du grand n&#8217;importe quoi. Mais il me semble que \u00e7a a \u00e9t\u00e9 interdit depuis parce que comme vous pouvez l&#8217;imaginer, \u00e7a donnait des choses qui n&#8217;\u00e9taient pas toujours top pour l&#8217;image et la r\u00e9putation de l&#8217;\u00e9cole.<\/p>\n\n\n\n<p><a id=\"sonaar_ts-6927cf299985d\" class=\"srmp3_sonaar_ts_shortcode\"  style=\"\" href=\"javascript:sonaar_ts_shortcode({ trackid:'0', time:'00:27:10', ts_id:'6927cf299985d', play_icon:'' }) ;\">[00:27:10]<\/a> &#8211; Ingrid<\/p>\n\n\n\n<p>Oui, j&#8217;ai entendu beaucoup de choses assez n\u00e9gatives sur les \u00e9coles de commerce. Donc en tant que personne ext\u00e9rieure, je peux confirmer que ce n&#8217;\u00e9tait pas tr\u00e8s bon pour l&#8217;image. Donc heureusement, \u00e7a a \u00e9t\u00e9 interdit. Et tout ce qu&#8217;on dit de mani\u00e8re g\u00e9n\u00e9rale, l\u00e0, sur notre exp\u00e9rience, comme vous le savez, c&#8217;est une exp\u00e9rience de Millenial, donc de g\u00e9n\u00e9ration Y. Nous, on est n\u00e9s au d\u00e9but des ann\u00e9es 90. Donc, ce qu&#8217;on dit, en fait, ce n&#8217;est plus d&#8217;actualit\u00e9. La g\u00e9n\u00e9ration Z, la g\u00e9n\u00e9ration suivante, ceux qui sont actuellement en d\u00e9but d&#8217;\u00e9tudes, je pense \u00e0 peu pr\u00e8s, ils n&#8217;ont pas du tout ces m\u00eames habitudes. Pour eux, apparemment, c&#8217;est beaucoup moins cool de boire. Donc, comme on le disait, pour les adolescents, ils prennent leur premi\u00e8re cuite plus tard ou alors ils ne touchent pas l&#8217;alcool. Mais aussi les \u00e9tudiants, apparemment, maintenant, pour la g\u00e9n\u00e9ration Z, c&#8217;est beaucoup plus normal d&#8217;aller aux f\u00eates \u00e9tudiants sans boire. Il n&#8217;y a pas cette pression de dire \u00ab mais pourquoi tu ne bois pas ? C&#8217;est pas normal \u00bb, etc. Moi, je sais que j&#8217;ai quelques personnes autour de moi qui ont 10 ans de moins et c&#8217;est vrai qu&#8217;elles ne boivent pas d&#8217;alcool, qu&#8217;on a l&#8217;air d&#8217;\u00eatre des vieux pas cool quand on l\u00e8ve un peu trop le coude, par exemple, dans les f\u00eates de famille et qui disent qu&#8217;avec leurs copains, copines, ils font la f\u00eate, ils font des soir\u00e9es un peu plus tranquilles o\u00f9 ils discutent de mani\u00e8re diff\u00e9rente et ils ne se bourrent pas la gueule, pour reprendre encore cette expression, pour qu&#8217;elle rentre dans votre t\u00eate, cette expression.<\/p>\n\n\n\n<p><a id=\"sonaar_ts-6927cf2999864\" class=\"srmp3_sonaar_ts_shortcode\"  style=\"\" href=\"javascript:sonaar_ts_shortcode({ trackid:'0', time:'00:28:51', ts_id:'6927cf2999864', play_icon:'' }) ;\">[00:28:51]<\/a> &#8211; Hugo<\/p>\n\n\n\n<p>C&#8217;est vrai. C&#8217;est ce que nous, \u00e0 notre \u00e9poque, les m\u00e9dias, quand ils parlaient de ce probl\u00e8me d&#8217;alcool chez les jeunes, ils mentionnaient toujours le \u00ab binge drinking \u00bb, encore une fois, comme si c&#8217;\u00e9tait quelque chose qui avait \u00e9t\u00e9 invent\u00e9 par les Am\u00e9ricains ou les Anglais. Et maintenant, chez, effectivement, la g\u00e9n\u00e9ration Z, on parle plut\u00f4t de la tendance \u00ab straight edge \u00bb. L\u00e0 aussi, on a gard\u00e9 le terme anglais, pour les jeunes qui d\u00e9cident de ne pas consommer une goutte d&#8217;alcool, de ne pas toucher aux drogues, etc. Et j&#8217;ai l&#8217;impression que \u00e7a, c&#8217;est quelque chose qui est consid\u00e9r\u00e9 comme assez cool par une partie de cette g\u00e9n\u00e9ration, alors qu&#8217;\u00e0 notre \u00e9poque, quelqu&#8217;un qui ne buvait jamais d&#8217;alcool, c&#8217;\u00e9tait vraiment une personne qu&#8217;on n&#8217;invitait pas en soir\u00e9e, en g\u00e9n\u00e9ral.<\/p>\n\n\n\n<p><a id=\"sonaar_ts-6927cf2999869\" class=\"srmp3_sonaar_ts_shortcode\"  style=\"\" href=\"javascript:sonaar_ts_shortcode({ trackid:'0', time:'00:29:42', ts_id:'6927cf2999869', play_icon:'' }) ;\">[00:29:42]<\/a> &#8211; Ingrid<\/p>\n\n\n\n<p>Mais alors pourquoi ? Pourquoi est-ce que c&#8217;est de plus en plus \u00e0 la mode de ne pas boire d&#8217;alcool. C&#8217;est ce qu&#8217;on va voir dans la prochaine partie.<\/p>\n\n\n\n<p><a id=\"sonaar_ts-6927cf2999872\" class=\"srmp3_sonaar_ts_shortcode\"  style=\"\" href=\"javascript:sonaar_ts_shortcode({ trackid:'0', time:'00:29:57', ts_id:'6927cf2999872', play_icon:'' }) ;\">[00:29:57]<\/a> &#8211; Hugo<\/p>\n\n\n\n<p>Comme vous avez d\u00fb le remarquer aussi dans votre pays, depuis une quinzaine d&#8217;ann\u00e9es, il y a cette pr\u00e9occupation pour le bien-\u00eatre physique et mental qui est omnipr\u00e9sente sur les r\u00e9seaux sociaux. Peut-\u00eatre pas une quinzaine d&#8217;ann\u00e9es, du coup, mais une dizaine d&#8217;ann\u00e9es. Ce qu&#8217;on appelle aussi le \u00ab healthy lifestyle \u00bb, \u00ab mode de vie healthy \u00bb. L\u00e0 aussi, on a gard\u00e9 le terme anglais. Je ne sais pas pourquoi. \u00c7a va \u00eatre un \u00e9pisode bourr\u00e9 d&#8217;anglicisme. Mais pour les jeunes, c&#8217;est \u00e0 la mode de faire attention \u00e0 sa sant\u00e9. \u00c7a passe \u00e0 la fois par le sport, par son alimentation. Donc, on met en avant le fait d&#8217;avoir une di\u00e8te saine, de manger des choses de qualit\u00e9 sans exc\u00e8s. Et puis aussi tout ce qui concerne les routines beaut\u00e9 qui sont tr\u00e8s populaires sur YouTube, TikTok, comment prendre soin de ses cheveux, de sa peau, etc. Il y a vraiment cette exigence d&#8217;\u00eatre au top dans tous les domaines. Et \u00e7a, c&#8217;est difficilement compatible avec une consommation d&#8217;alcool quotidienne.<\/p>\n\n\n\n<p><a id=\"sonaar_ts-6927cf2999876\" class=\"srmp3_sonaar_ts_shortcode\"  style=\"\" href=\"javascript:sonaar_ts_shortcode({ trackid:'0', time:'00:31:05', ts_id:'6927cf2999876', play_icon:'' }) ;\">[00:31:05]<\/a> &#8211; Ingrid<\/p>\n\n\n\n<p>Ouais, c&#8217;est s\u00fbr. Le sport, la di\u00e8te, avoir une belle peau, etc. Tout \u00e7a, si on boit de l&#8217;alcool, d\u00e9j\u00e0, on perd beaucoup de points. Et puis, au-del\u00e0 de la pr\u00e9occupation pour le bien-\u00eatre physique, il y a aussi une tendance \u00e0 pr\u00e9server plus sa sant\u00e9 mentale. C&#8217;est vrai que chez les g\u00e9n\u00e9rations les plus jeunes, il y a beaucoup plus de pr\u00e9vention au niveau de tout ce qui est psychologique, connaissance de soi. Les nouvelles g\u00e9n\u00e9rations vont beaucoup plus en th\u00e9rapie, par exemple, et recherchent des relations saines. Si on regarde les r\u00e9seaux sociaux, ce que consomment \u00e0 la fois la g\u00e9n\u00e9ration Z, mais aussi les Millenials, on a tendance \u00e0 voir beaucoup de choses sur comment avoir des relations qui sont moins, entre guillemets, \u00ab toxiques \u00bb, comment r\u00e9ussir \u00e0 se reconnecter \u00e0 soi-m\u00eame, des incitations \u00e0 aller voir un ou une psychologue, etc. Et donc, c&#8217;est vrai que \u00e7a aussi, \u00e7a ne va pas trop de pair avec une consommation d&#8217;alcool qui, souvent, est utilis\u00e9e au au contraire, pour oublier, pour se d\u00e9connecter, pour avoir des relations assez superficielles. Et c&#8217;est vrai que m\u00eame au niveau du dating, il me semble qu&#8217;il y a des chiffres qui montrent qu&#8217;il y a beaucoup moins de consommation d&#8217;alcool associ\u00e9e au date, Tinder, etc.<\/p>\n\n\n\n<p><a id=\"sonaar_ts-6927cf299987b\" class=\"srmp3_sonaar_ts_shortcode\"  style=\"\" href=\"javascript:sonaar_ts_shortcode({ trackid:'0', time:'00:32:31', ts_id:'6927cf299987b', play_icon:'' }) ;\">[00:32:31]<\/a> &#8211; Hugo<\/p>\n\n\n\n<p>Oui, effectivement. Et \u00e7a va avec cette id\u00e9e de contr\u00f4le. On veut \u00eatre capable de tout contr\u00f4ler au niveau de notre sant\u00e9, au niveau de notre travail, pour rester productif. Et \u00e7a passe effectivement aussi par les rencontres, o\u00f9&#8230; D\u00e9j\u00e0, avant de rencontrer la personne, on la scanne sur une application de rencontre, ou voil\u00e0, on essaye de filtrer avant de s&#8217;engager, ne serait-ce que pour boire un verre. Et quand on a notre fameux date, maintenant, c&#8217;est plus courant de ne pas boire d&#8217;alcool pour voir si vraiment on s&#8217;entend bien avec cette personne et pas simplement si on a&#8230; si on s&#8217;entend bien gr\u00e2ce \u00e0 l&#8217;alcool. Voir si on a des atomes crochus. Encore une expression. \u00ab Avoir des atomes crochus \u00bb avec quelqu&#8217;un, \u00e7a veut dire que vous vous entendez bien avec cette personne, il y a une bonne alchimie. \u00ab Avoir des atomes crochus \u00bb. Donc, on essaye d&#8217;exclure le facteur alcool de cette premi\u00e8re rencontre pour voir vraiment comment on s&#8217;entend avec cette personne.<\/p>\n\n\n\n<p><a id=\"sonaar_ts-6927cf2999880\" class=\"srmp3_sonaar_ts_shortcode\"  style=\"\" href=\"javascript:sonaar_ts_shortcode({ trackid:'0', time:'00:33:39', ts_id:'6927cf2999880', play_icon:'' }) ;\">[00:33:39]<\/a> &#8211; Ingrid<\/p>\n\n\n\n<p>Et en parlant de relations un peu plus saines avec une alchimie, avec une des connexion et avec des conversations beaucoup plus r\u00e9elles et profondes, il y a une tendance qui renforce aussi \u00e7a. C&#8217;est la tendance qui a lieu depuis le Covid en fait, depuis les confinements, \u00e0 \u00eatre casanier. C&#8217;est la tendance du cocooning, on peut dire, la tendance \u00e0 \u00eatre dans son cocon. Alors, \u00ab cocooning \u00bb, c&#8217;est aussi un anglicisme. Je pr\u00e9cise que ce n&#8217;est pas nouveau. Le cocooning, \u00e7a fait 20 ans, je pense, que le mot existe en fran\u00e7ais, mais par contre, il est beaucoup plus \u00e0 la mode, de plus en plus, et chez les plus jeunes. Avant, le cocooning, c&#8217;\u00e9tait un peu un truc qu&#8217;on aimait faire en hiver, au moment de No\u00ebl, ou qu&#8217;on aimait faire \u00e0 partir de 30 ans, alors que maintenant, m\u00eame \u00e0 20 ans, en fait, les personnes aiment bien \u00eatre chez soi, se retrouver seulement \u00e0 deux ou trois personnes autour d&#8217;une tasse de th\u00e9 pour discuter, pour jouer \u00e0 un jeu de soci\u00e9t\u00e9, pour voir un film, etc. Et \u00e7a, c&#8217;est quelque chose dont on a eu l&#8217;apprentissage avec le Covid. On a \u00e9t\u00e9 forc\u00e9s de le faire et finalement, beaucoup de personnes se sont rendus compte que \u00e7a pouvait \u00eatre sympa, voire certaines personnes ont connu que \u00e7a. Il y a des qui ont commenc\u00e9 toutes leurs relations sociales sur ce mode assez casanier. \u00ab Casanier \u00bb, je ne sais pas si c&#8217;est un mot simple ou&#8230; On peut peut-\u00eatre l&#8217;expliquer ?<\/p>\n\n\n\n<p><a id=\"sonaar_ts-6927cf2999888\" class=\"srmp3_sonaar_ts_shortcode\"  style=\"\" href=\"javascript:sonaar_ts_shortcode({ trackid:'0', time:'00:35:09', ts_id:'6927cf2999888', play_icon:'' }) ;\">[00:35:09]<\/a> &#8211; Hugo<\/p>\n\n\n\n<p>\u00ab \u00catre casanier \u00bb, \u00e7a veut dire qu&#8217;on pr\u00e9f\u00e8re rester chez soi, qu&#8217;on n&#8217;aime pas trop sortir vivre, aller dans les bars, rencontrer de nouvelles personnes. On se sent mieux quand on reste chez soi, \u00eatre casanier. Je ne sais pas d&#8217;ailleurs d&#8217;o\u00f9 \u00e7a vient, mais \u00e7a fait penser au mot casa en espagnol.<\/p>\n\n\n\n<p><a id=\"sonaar_ts-6927cf299988d\" class=\"srmp3_sonaar_ts_shortcode\"  style=\"\" href=\"javascript:sonaar_ts_shortcode({ trackid:'0', time:'00:35:27', ts_id:'6927cf299988d', play_icon:'' }) ;\">[00:35:27]<\/a> &#8211; Ingrid<\/p>\n\n\n\n<p>Et du coup&#8230; Bon, il y a d&#8217;autres raisons, mais \u00e7a, je pense qu&#8217;on peut s&#8217;arr\u00eater l\u00e0. C&#8217;est les raisons principales, les raisons qui sont un peu tendances, qui sont li\u00e9es aux r\u00e9seaux sociaux, qui sont internationales. Apr\u00e8s, il y a d&#8217;autres raisons qui sont un peu plus s\u00e9rieuses, \u00e9conomiques, socio-\u00e9conomiques, etc.<\/p>\n\n\n\n<p><a id=\"sonaar_ts-6927cf2999891\" class=\"srmp3_sonaar_ts_shortcode\"  style=\"\" href=\"javascript:sonaar_ts_shortcode({ trackid:'0', time:'00:35:46', ts_id:'6927cf2999891', play_icon:'' }) ;\">[00:35:46]<\/a> &#8211; Hugo<\/p>\n\n\n\n<p>J&#8217;aime bien ce genre d&#8217;explication donc je vais les mentionner, mais rapidement. On ne va pas rentrer dans les d\u00e9tails. Mais les experts parlent aussi de l&#8217;\u00e9volution de la structure familiale. Il y a de plus en plus de familles monoparentales en France \u00e0 cause des divorces. Et en g\u00e9n\u00e9ral, dans les familles monoparentales, la consommation d&#8217;alcool est plus faible. C&#8217;est vrai qu&#8217;une m\u00e8re seule avec ses enfants, par exemple, parce que normalement, consommer de l&#8217;alcool, c&#8217;est souvent quelque chose qu&#8217;on fait \u00e0 plusieurs, notamment quand on est un couple, on ouvre une petite bouteille de vin, on boit un verre, mais ouvrir une bouteille de vin seulement pour soi, c&#8217;est peut-\u00eatre pas aussi sympa. Donc, dans les familles monoparentales, la consommation d&#8217;alcool est plus faible. Il y a des raisons \u00e9conomiques aussi. Vous avez s\u00fbrement entendu parler de l&#8217;inflation qui s\u00e9vit depuis plus d&#8217;un an. \u00c7a, \u00e7a a beaucoup r\u00e9duit le pouvoir d&#8217;achat des Fran\u00e7ais, donc ils font plus attention \u00e0 ce qu&#8217;ils ach\u00e8tent. Et c&#8217;est vrai que l&#8217;alcool, c&#8217;est assez cher. \u00c7a qui a vite repr\u00e9senter une part importante du budget. Et puis, il y a l&#8217;apparition de nombreuses drogues alternatives. Bon, le cannabis, ce n&#8217;est pas vraiment quelque chose de nouveau, mais c&#8217;est vrai que m\u00eame si les jeunes boivent boivent moins d&#8217;alcool, par contre, ils fument plus de cannabis. Et il y a d&#8217;autres drogues qui sont apparues plus r\u00e9cemment, en particulier les opio\u00efdes, qui ne sont pas forc\u00e9ment des drogues \u00e0 la base, mais plut\u00f4t des m\u00e9dicaments. Mais l\u00e0 aussi, on a import\u00e9 cette mode des \u00c9tats-Unis. Et il y a une part significative des jeunes qui, maintenant, sont devenus accros aux opio\u00efdes, aux antid\u00e9presseurs, etc, et qui les utilisent un peu de la m\u00eame mani\u00e8re que notre g\u00e9n\u00e9ration utilisait l&#8217;alcool. Je me sens un peu vieux en disant \u00e7a, mais c&#8217;est vrai qu&#8217;on observe une diff\u00e9rence entre les millennials et la Gen Z, la g\u00e9n\u00e9ration Z.<\/p>\n\n\n\n<p><a id=\"sonaar_ts-6927cf2999896\" class=\"srmp3_sonaar_ts_shortcode\"  style=\"\" href=\"javascript:sonaar_ts_shortcode({ trackid:'0', time:'00:37:40', ts_id:'6927cf2999896', play_icon:'' }) ;\">[00:37:40]<\/a> &#8211; Ingrid<\/p>\n\n\n\n<p>Bon et puisque tu as voulu rajouter tes derni\u00e8res explications, je termine avec une derni\u00e8re, l&#8217;explication f\u00e9ministe qui est aussi le fait qu&#8217;il y a eu une baisse de la consommation d&#8217;alcool apr\u00e8s les mouvements #metoo, puisqu&#8217;il y a eu une prise de conscience du fait que pour les femmes, les soir\u00e9es alcoolis\u00e9es pouvaient \u00eatre un facteur o\u00f9 il y avait plus d&#8217;agressions et o\u00f9 la soci\u00e9t\u00e9 avait tendance \u00e0 les rendre coupables alors qu&#8217;elles \u00e9taient victimes. Et donc, m\u00eame si dans une soci\u00e9t\u00e9 id\u00e9ale, on n&#8217;aurait pas besoin de ne pas boire pour ne pas \u00eatre accus\u00e9 de l&#8217;avoir bien cherch\u00e9, on s&#8217;est rendu compte que la soci\u00e9t\u00e9 est toujours patriarcale et que donc, si on veut se prot\u00e9ger, il vaut mieux qu&#8217;on \u00e9vite de trop boire d&#8217;alcool et qu&#8217;on privil\u00e9gie d&#8217;autres types de relations et de soir\u00e9es.<\/p>\n\n\n\n<p><a id=\"sonaar_ts-6927cf299989e\" class=\"srmp3_sonaar_ts_shortcode\"  style=\"\" href=\"javascript:sonaar_ts_shortcode({ trackid:'0', time:'00:38:41', ts_id:'6927cf299989e', play_icon:'' }) ;\">[00:38:41]<\/a> &#8211; Hugo<\/p>\n\n\n\n<p>Pour conclure cet \u00e9pisode, retenez simplement que m\u00eame en France, terre du vin et des bons vivants, on boit de moins en moins d&#8217;alcool depuis une soixantaine d&#8217;ann\u00e9es, m\u00eame si c&#8217;est une tendance qui a un peu ralenti depuis les ann\u00e9es 2010. C&#8217;est principalement le fait des jeunes g\u00e9n\u00e9rations. Les jeunes en France boivent de moins en moins d&#8217;alcool et ils n&#8217;en boivent pas quotidiennement, contrairement \u00e0 une partie de leurs a\u00een\u00e9s. Et puis, c&#8217;est li\u00e9 aussi aux \u00e9volutions soci\u00e9tales r\u00e9centes dont on vous a parl\u00e9 dans cette derni\u00e8re partie.<\/p>\n\n\n\n<p><a id=\"sonaar_ts-6927cf29998a2\" class=\"srmp3_sonaar_ts_shortcode\"  style=\"\" href=\"javascript:sonaar_ts_shortcode({ trackid:'0', time:'00:39:17', ts_id:'6927cf29998a2', play_icon:'' }) ;\">[00:39:17]<\/a> &#8211; Ingrid<\/p>\n\n\n\n<p>Apr\u00e8s, c&#8217;est vrai que la France n&#8217;est pas un cas isol\u00e9. C&#8217;est une tendance qui est plut\u00f4t internationale. En tout cas, dans les pays occidentaux, on observe cette baisse de mani\u00e8re assez globale. Donc voil\u00e0, c&#8217;est un ph\u00e9nom\u00e8ne que vous avez peut-\u00eatre observ\u00e9. Vous allez peut-\u00eatre vous reconna\u00eetre ou reconna\u00eetre vos enfants, petits-enfants, dans ce qu&#8217;on raconte. Alors n&#8217;h\u00e9sitez pas \u00e0 nous partager vos impressions en commentaire. Et nous, on vous dit \u00e0 dans deux semaines pour un prochain \u00e9pisode.<\/p>\n\n\n\n<p><a id=\"sonaar_ts-6927cf29998a7\" class=\"srmp3_sonaar_ts_shortcode\"  style=\"\" href=\"javascript:sonaar_ts_shortcode({ trackid:'0', time:'00:39:49', ts_id:'6927cf29998a7', play_icon:'' }) ;\">[00:39:49]<\/a> &#8211; Hugo<\/p>\n\n\n\n<p>\u00c0 bient\u00f4t. Ciao.<\/p>\n\n\n\n<p><a id=\"sonaar_ts-6927cf29998af\" class=\"srmp3_sonaar_ts_shortcode\"  style=\"\" href=\"javascript:sonaar_ts_shortcode({ trackid:'0', time:'00:39:50', ts_id:'6927cf29998af', play_icon:'' }) ;\">[00:39:50]<\/a> &#8211; Ingrid<\/p>\n\n\n\n<p>Ciao.<\/p>\n","protected":false},"excerpt":{"rendered":"<p>&#8211; Hugo \u00c9pisode 137 Pourquoi les Fran\u00e7ais boivent-ils de moins en moins d&#8217;alcool ? &#8211; Hugo Salut \u00e0 toutes et \u00e0 tous. Salut Ingrid. &#8211; Ingrid Salut Hugo. Comment tu vas aujourd&#8217;hui ? &#8211; Hugo \u00c7a va. Et toi ? Le week-end s&#8217;est bien pass\u00e9 ? &#8211; Ingrid Ouais, le week-end s&#8217;est bien pass\u00e9, plut\u00f4t&#8230;<\/p>\n","protected":false},"author":17473,"featured_media":204989,"comment_status":"open","ping_status":"open","sticky":false,"template":"","format":[191],"meta":{"_acf_changed":false,"_kad_blocks_custom_css":"","_kad_blocks_head_custom_js":"","_kad_blocks_body_custom_js":"","_kad_blocks_footer_custom_js":"","_kad_post_transparent":"","_kad_post_title":"","_kad_post_layout":"","_kad_post_sidebar_id":"","_kad_post_content_style":"","_kad_post_vertical_padding":"","_kad_post_feature":"","_kad_post_feature_position":"","_kad_post_header":false,"_kad_post_footer":false,"_kad_post_classname":"","footnotes":""},"categories":[168],"tags":[175,172],"class_list":["post-204668","post","type-post","status-publish","format-standard","has-post-thumbnail","hentry","category-podcast","tag-france","tag-societe","format-duo-hugo-ingrid"],"acf":[],"taxonomy_info":{"category":[{"value":168,"label":"Podcast"}],"post_tag":[{"value":175,"label":"France"},{"value":172,"label":"Soci\u00e9t\u00e9"}],"format":[{"value":191,"label":"Duo Hugo &amp; Ingrid"}]},"featured_image_src_large":["https:\/\/innerfrench.com\/wp-content\/uploads\/2024\/01\/E137-750x404.jpeg",750,404,true],"author_info":{"display_name":"Hugo &amp; Ingrid","author_link":"https:\/\/innerfrench.com\/author\/hugo_ingrid\/"},"comment_info":25,"category_info":[{"term_id":168,"name":"Podcast","slug":"podcast","term_group":0,"term_taxonomy_id":168,"taxonomy":"category","description":"","parent":0,"count":185,"filter":"raw","cat_ID":168,"category_count":185,"category_description":"","cat_name":"Podcast","category_nicename":"podcast","category_parent":0}],"tag_info":[{"term_id":175,"name":"France","slug":"france","term_group":0,"term_taxonomy_id":175,"taxonomy":"post_tag","description":"","parent":0,"count":100,"filter":"raw"},{"term_id":172,"name":"Soci\u00e9t\u00e9","slug":"societe","term_group":0,"term_taxonomy_id":172,"taxonomy":"post_tag","description":"","parent":0,"count":94,"filter":"raw"}],"_links":{"self":[{"href":"https:\/\/innerfrench.com\/wp-json\/wp\/v2\/posts\/204668","targetHints":{"allow":["GET"]}}],"collection":[{"href":"https:\/\/innerfrench.com\/wp-json\/wp\/v2\/posts"}],"about":[{"href":"https:\/\/innerfrench.com\/wp-json\/wp\/v2\/types\/post"}],"author":[{"embeddable":true,"href":"https:\/\/innerfrench.com\/wp-json\/wp\/v2\/users\/17473"}],"replies":[{"embeddable":true,"href":"https:\/\/innerfrench.com\/wp-json\/wp\/v2\/comments?post=204668"}],"version-history":[{"count":5,"href":"https:\/\/innerfrench.com\/wp-json\/wp\/v2\/posts\/204668\/revisions"}],"predecessor-version":[{"id":293361,"href":"https:\/\/innerfrench.com\/wp-json\/wp\/v2\/posts\/204668\/revisions\/293361"}],"wp:featuredmedia":[{"embeddable":true,"href":"https:\/\/innerfrench.com\/wp-json\/wp\/v2\/media\/204989"}],"wp:attachment":[{"href":"https:\/\/innerfrench.com\/wp-json\/wp\/v2\/media?parent=204668"}],"wp:term":[{"taxonomy":"category","embeddable":true,"href":"https:\/\/innerfrench.com\/wp-json\/wp\/v2\/categories?post=204668"},{"taxonomy":"post_tag","embeddable":true,"href":"https:\/\/innerfrench.com\/wp-json\/wp\/v2\/tags?post=204668"},{"taxonomy":"format","embeddable":true,"href":"https:\/\/innerfrench.com\/wp-json\/wp\/v2\/format?post=204668"}],"curies":[{"name":"wp","href":"https:\/\/api.w.org\/{rel}","templated":true}]}}