{"id":208620,"date":"2025-07-02T15:31:06","date_gmt":"2025-07-02T13:31:06","guid":{"rendered":"https:\/\/innerfrench.com\/?p=208620"},"modified":"2025-09-25T08:52:45","modified_gmt":"2025-09-25T06:52:45","slug":"e174-apprendre-le-francais-en-immersion-dans-lutah","status":"publish","type":"post","link":"https:\/\/innerfrench.com\/e174-apprendre-le-francais-en-immersion-dans-lutah\/","title":{"rendered":"#174 Apprendre le fran\u00e7ais en immersion dans l&#8217;Utah"},"content":{"rendered":"\n<p><b><a id=\"sonaar_ts-6927c68927721\" class=\"srmp3_sonaar_ts_shortcode\"  style=\"\" href=\"javascript:sonaar_ts_shortcode({ trackid:'0', time:'00:00:00', ts_id:'6927c68927721', play_icon:'' }) ;\">[00:00:00]<\/a> &#8211; Hugo<\/b><\/p>\n\n\n\n<p>Apprendre le fran\u00e7ais en immersion dans l&#8217;Utah.<\/p>\n\n\n\n<p><b><a id=\"sonaar_ts-6927c68927730\" class=\"srmp3_sonaar_ts_shortcode\"  style=\"\" href=\"javascript:sonaar_ts_shortcode({ trackid:'0', time:'00:00:11', ts_id:'6927c68927730', play_icon:'' }) ;\">[00:00:11]<\/a> &#8211; Alexandra<\/b><\/p>\n\n\n\n<p>Salut \u00e0 toutes et \u00e0 tous, j&#8217;esp\u00e8re que vous allez bien. Peut-\u00eatre que certains d&#8217;entre vous sont en vacances. Si c&#8217;est le cas, profitez-en bien. Chez InnerFrench, on ne fait pas de pause cet \u00e9t\u00e9. Comme l&#8217;ann\u00e9e derni\u00e8re, on continuera de publier un nouvel \u00e9pisode toutes les deux semaines pour vous accompagner \u00e0 la plage, \u00e0 la montagne ou au bureau si vous partez pas en vacances. Rassurez-vous, on va prendre des vacances quand m\u00eame chez InnerFrench, mais on s&#8217;est organis\u00e9 pour qu&#8217;il y ait toujours quelqu&#8217;un pour publier les \u00e9pisodes. Et \u00e7a, c&#8217;est en grande partie gr\u00e2ce \u00e0 Ingrid, donc merci \u00e0 elle. Bref, aujourd&#8217;hui, vous l&#8217;avez entendu, on va parler d&#8217;immersion. On dit souvent que c&#8217;est la meilleure fa\u00e7on d&#8217;apprendre une langue, aller passer du temps dans un pays o\u00f9 elle est parl\u00e9e, mais ce n&#8217;est pas donn\u00e9 \u00e0 tout le monde. Quand on est jeune, on n&#8217;a pas forc\u00e9ment les moyens financiers de le faire. Et plus tard, quand on a une famille, une carri\u00e8re, c&#8217;est la logistique qui bloque. Mais si je vous disais qu&#8217;on peut apprendre en immersion sans quitter son pays. C&#8217;est ce qu&#8217;on va voir aujourd&#8217;hui avec mon invit\u00e9e, Alexandra.<\/p>\n\n\n\n<p><b><a id=\"sonaar_ts-6927c68927737\" class=\"srmp3_sonaar_ts_shortcode\"  style=\"\" href=\"javascript:sonaar_ts_shortcode({ trackid:'0', time:'00:01:22', ts_id:'6927c68927737', play_icon:'' }) ;\">[00:01:22]<\/a> &#8211; Alexandra<\/b><\/p>\n\n\n\n<p>Elle est Marseillaise, mais ce n&#8217;est pas \u00e0 Marseille que j&#8217;ai fait sa connaissance puisqu&#8217;elle vit aux \u00c9tats-Unis. Non, je l&#8217;ai rencontr\u00e9e gr\u00e2ce \u00e0 son mari, qui est un fid\u00e8le auditeur du podcast. J&#8217;ai d\u00e9couvert qu&#8217;Alexandra est prof dans un programme d&#8217;immersion dans l&#8217;Utah. Et quand je dis immersion, ce n&#8217;est pas juste quelques heures de fran\u00e7ais par semaine. Non, les \u00e9l\u00e8ves d&#8217;Alexandra apprennent toutes leurs mati\u00e8res en fran\u00e7ais. Les maths, les sciences, l&#8217;histoire. Tout se passe dans la langue de Moli\u00e8re d\u00e8s le premier jour d&#8217;\u00e9cole. Alors, j&#8217;\u00e9tais tr\u00e8s curieux de comprendre comment comment ce genre de programme fonctionne, quelles m\u00e9thodes ils utilisent et surtout si \u00e7a marche vraiment. Alexandra a gentiment accept\u00e9 de r\u00e9pondre \u00e0 toutes mes questions et de vous en faire profiter dans le podcast. Donc maintenant, je vous laisse \u00e9couter notre conversation.<\/p>\n\n\n\n<p><b><a id=\"sonaar_ts-6927c6892773c\" class=\"srmp3_sonaar_ts_shortcode\"  style=\"\" href=\"javascript:sonaar_ts_shortcode({ trackid:'0', time:'00:02:23', ts_id:'6927c6892773c', play_icon:'' }) ;\">[00:02:23]<\/a> &#8211; Hugo<\/b><\/p>\n\n\n\n<p>Salut Alexandra.<\/p>\n\n\n\n<p><b><a id=\"sonaar_ts-6927c68927741\" class=\"srmp3_sonaar_ts_shortcode\"  style=\"\" href=\"javascript:sonaar_ts_shortcode({ trackid:'0', time:'00:02:25', ts_id:'6927c68927741', play_icon:'' }) ;\">[00:02:25]<\/a> &#8211; Alexandra<\/b><\/p>\n\n\n\n<p>Salut Hugo.<\/p>\n\n\n\n<p><b><a id=\"sonaar_ts-6927c68927745\" class=\"srmp3_sonaar_ts_shortcode\"  style=\"\" href=\"javascript:sonaar_ts_shortcode({ trackid:'0', time:'00:02:26', ts_id:'6927c68927745', play_icon:'' }) ;\">[00:02:26]<\/a> &#8211; Hugo<\/b><\/p>\n\n\n\n<p>Merci d&#8217;avoir accept\u00e9 mon invitation. Je suis ravi de te recevoir aujourd&#8217;hui dans le podcast pour parler de l&#8217;apprentissage du fran\u00e7ais en immersion. Mais pour commencer, toi, tu nous parles aujourd&#8217;hui depuis Salt Lake City, dans l&#8217;\u00c9tat de l&#8217;Utah, aux \u00c9tats-Unis. Il me semble que tu es marseillaise d&#8217;origine. Donc peut-\u00eatre que tu peux nous raconter comment tu t&#8217;es retrouv\u00e9e l\u00e0-bas.<\/p>\n\n\n\n<p><b><a id=\"sonaar_ts-6927c6892774a\" class=\"srmp3_sonaar_ts_shortcode\"  style=\"\" href=\"javascript:sonaar_ts_shortcode({ trackid:'0', time:'00:02:53', ts_id:'6927c6892774a', play_icon:'' }) ;\">[00:02:53]<\/a> &#8211; Alexandra<\/b><\/p>\n\n\n\n<p>Oui, alors merci Hugo, tout d&#8217;abord de me recevoir dans ton podcast. En effet, je suis Earseillaise et Je me suis retrouv\u00e9e en Utah il y a environ huit ans de cela, suite \u00e0 la rencontre de mon mari sur une plage \u00e0 Marseille. Il s&#8217;av\u00e8re que lorsque je lui ai rendu visite, ici en Utah, je me suis rendu compte qu&#8217;il y avait un programme d&#8217;immersion. Donc, \u00e9tant prof, moi-m\u00eame, de l&#8217;\u00c9ducation Nationale \u00e0 ce moment-l\u00e0, j&#8217;ai demand\u00e9 une disponibilit\u00e9. Me voici.<\/p>\n\n\n\n<p><b><a id=\"sonaar_ts-6927c6892774f\" class=\"srmp3_sonaar_ts_shortcode\"  style=\"\" href=\"javascript:sonaar_ts_shortcode({ trackid:'0', time:'00:03:31', ts_id:'6927c6892774f', play_icon:'' }) ;\">[00:03:31]<\/a> &#8211; Hugo<\/b><\/p>\n\n\n\n<p>Ok. Donc ton mari est originaire de l&#8217;Utah, si j&#8217;ai bien compris ?<\/p>\n\n\n\n<p><b><a id=\"sonaar_ts-6927c68927753\" class=\"srmp3_sonaar_ts_shortcode\"  style=\"\" href=\"javascript:sonaar_ts_shortcode({ trackid:'0', time:'00:03:34', ts_id:'6927c68927753', play_icon:'' }) ;\">[00:03:34]<\/a> &#8211; Alexandra<\/b><\/p>\n\n\n\n<p>Oui, c&#8217;est \u00e7a.<\/p>\n\n\n\n<p><b><a id=\"sonaar_ts-6927c68927758\" class=\"srmp3_sonaar_ts_shortcode\"  style=\"\" href=\"javascript:sonaar_ts_shortcode({ trackid:'0', time:'00:03:35', ts_id:'6927c68927758', play_icon:'' }) ;\">[00:03:35]<\/a> &#8211; Hugo<\/b><\/p>\n\n\n\n<p>D&#8217;accord.<\/p>\n\n\n\n<p><b><a id=\"sonaar_ts-6927c6892775c\" class=\"srmp3_sonaar_ts_shortcode\"  style=\"\" href=\"javascript:sonaar_ts_shortcode({ trackid:'0', time:'00:03:35', ts_id:'6927c6892775c', play_icon:'' }) ;\">[00:03:35]<\/a> &#8211; Alexandra<\/b><\/p>\n\n\n\n<p>Il est n\u00e9 \u00e0 Salt Lake City. Il faisait un petit voyage, un petit tour d&#8217;Europe avant d&#8217;atterrir dans les calanques de Marseille.<\/p>\n\n\n\n<p><b><a id=\"sonaar_ts-6927c68927761\" class=\"srmp3_sonaar_ts_shortcode\"  style=\"\" href=\"javascript:sonaar_ts_shortcode({ trackid:'0', time:'00:03:43', ts_id:'6927c68927761', play_icon:'' }) ;\">[00:03:43]<\/a> &#8211; Hugo<\/b><\/p>\n\n\n\n<p>Ok, donc une rencontre dans les calanques. Les calanques, c&#8217;est un concept que j&#8217;ai eu pas mal de difficult\u00e9 \u00e0 expliquer \u00e0 ma copine avant qu&#8217;on d\u00e9m\u00e9nage \u00e0 Marseille. Le plus simple, c&#8217;est vraiment que vous alliez dans un moteur de recherche et que vous cherchiez des images de calanques, vous allez comprendre ce que c&#8217;est. C&#8217;est un parc naturel dans la r\u00e9gion entre Marseille, Cassis, etc. Et c&#8217;est l&#8217;endroit o\u00f9 la terre rencontre la mer. Il y a une topographie assez particuli\u00e8re, avec des toutes petites montagnes, on pourrait dire, qui plongent dans la mer. \u00c7a, c&#8217;est ce qu&#8217;on appelle les calanques et c&#8217;est vraiment un des joyaux de la r\u00e9gion, on pourrait dire. Je pense que tu ne vas pas me contredire l\u00e0-dessus.<\/p>\n\n\n\n<p><b><a id=\"sonaar_ts-6927c68927765\" class=\"srmp3_sonaar_ts_shortcode\"  style=\"\" href=\"javascript:sonaar_ts_shortcode({ trackid:'0', time:'00:04:29', ts_id:'6927c68927765', play_icon:'' }) ;\">[00:04:29]<\/a> &#8211; Alexandra<\/b><\/p>\n\n\n\n<p>Non, absolument pas. Les calanques, c&#8217;est ma grande fiert\u00e9. En tant que Marseillaise, je conseille \u00e0 n&#8217;importe quelle personne qui souhaite visiter la France d&#8217;y faire un petit tour. C&#8217;est magnifique.<\/p>\n\n\n\n<p><b><a id=\"sonaar_ts-6927c68927769\" class=\"srmp3_sonaar_ts_shortcode\"  style=\"\" href=\"javascript:sonaar_ts_shortcode({ trackid:'0', time:'00:04:41', ts_id:'6927c68927769', play_icon:'' }) ;\">[00:04:41]<\/a> &#8211; Hugo<\/b><\/p>\n\n\n\n<p>Et depuis combien de temps tu as d\u00e9m\u00e9nag\u00e9 aux \u00c9tats-Unis ?<\/p>\n\n\n\n<p><b><a id=\"sonaar_ts-6927c6892776d\" class=\"srmp3_sonaar_ts_shortcode\"  style=\"\" href=\"javascript:sonaar_ts_shortcode({ trackid:'0', time:'00:04:45', ts_id:'6927c6892776d', play_icon:'' }) ;\">[00:04:45]<\/a> &#8211; Alexandra<\/b><\/p>\n\n\n\n<p>Donc cela va faire huit ans bient\u00f4t.<\/p>\n\n\n\n<p><b><a id=\"sonaar_ts-6927c68927772\" class=\"srmp3_sonaar_ts_shortcode\"  style=\"\" href=\"javascript:sonaar_ts_shortcode({ trackid:'0', time:'00:04:47', ts_id:'6927c68927772', play_icon:'' }) ;\">[00:04:47]<\/a> &#8211; Hugo<\/b><\/p>\n\n\n\n<p>D&#8217;accord. Et tu t&#8217;y plais ? Tu te plais \u00e0 Salt Lake ?<\/p>\n\n\n\n<p><b><a id=\"sonaar_ts-6927c68927776\" class=\"srmp3_sonaar_ts_shortcode\"  style=\"\" href=\"javascript:sonaar_ts_shortcode({ trackid:'0', time:'00:04:50', ts_id:'6927c68927776', play_icon:'' }) ;\">[00:04:50]<\/a> &#8211; Alexandra<\/b><\/p>\n\n\n\n<p>Oui, l&#8217;adaptation a \u00e9t\u00e9 un peu rude \u00e9tant donn\u00e9 que, comme on en rigole souvent avec mon mari, la culture marseillaise, de pure sudiste, et vraiment \u00e0 l&#8217;oppos\u00e9 complet de la culture et de la fa\u00e7on d&#8217;\u00eatre ici, \u00e0 Salt Lake City, en Utah. Donc, j&#8217;ai vraiment d\u00fb r\u00e9apprendre \u00e0 communiquer et vraiment \u00e0 m&#8217;adapter. C&#8217;est rigolo. Souvent, les personnes pensaient que j&#8217;\u00e9tais en col\u00e8re dans ma fa\u00e7on juste de m&#8217;exprimer, de de regarder les gens, alors qu&#8217;en fait non, pas du tout.<\/p>\n\n\n\n<p><b><a id=\"sonaar_ts-6927c6892777a\" class=\"srmp3_sonaar_ts_shortcode\"  style=\"\" href=\"javascript:sonaar_ts_shortcode({ trackid:'0', time:'00:05:33', ts_id:'6927c6892777a', play_icon:'' }) ;\">[00:05:33]<\/a> &#8211; Hugo<\/b><\/p>\n\n\n\n<p>C&#8217;est vrai que les Marseillais sont tr\u00e8s expressifs et ils ont tendance \u00e0 parler assez fort aussi. Donc ma copine me faisait la r\u00e9flexion aussi au d\u00e9but, quand on entendait des gens parfois parler dans la rue ou dans le bus, elle me demandait: Mais \u00e0 propos de quoi ils se disputaient ? Et je lui disais: Non, non. C&#8217;\u00e9tait juste une conversation normale. Ils se disputaient pas du tout. Mais bon, c&#8217;est vrai qu&#8217;ils sont tr\u00e8s expressifs, un peu comme les Italiens, sans tomber dans les clich\u00e9s, mais il y a un peu ce temp\u00e9rament du sud, comme tu l&#8217;as dit.<\/p>\n\n\n\n<p><b><a id=\"sonaar_ts-6927c6892777f\" class=\"srmp3_sonaar_ts_shortcode\"  style=\"\" href=\"javascript:sonaar_ts_shortcode({ trackid:'0', time:'00:06:05', ts_id:'6927c6892777f', play_icon:'' }) ;\">[00:06:05]<\/a> &#8211; Alexandra<\/b><\/p>\n\n\n\n<p>Compl\u00e8tement. Et puis, vraiment, le parler avec les mains, les&#8230; \u00c9norm\u00e9ment d&#8217;expressions faciales que j&#8217;ai d\u00fb r\u00e9apprendre. J&#8217;ai vraiment d\u00fb aussi faire attention \u00e0 la fa\u00e7on dont je m&#8217;exprime, \u00e0 mon d\u00e9bit de parole \u00e9galement. Et j&#8217;essaie toujours d&#8217;\u00eatre assez souriante ici lorsque je discute. Et c&#8217;est int\u00e9ressant, c&#8217;est que maintenant, lorsque je reviens en France, lorsque je reviens \u00e0 Marseille, j&#8217;ai besoin d&#8217;avoir un petit temps de r\u00e9adaptation. La premi\u00e8re heure o\u00f9 je sors de l&#8217;avion et o\u00f9 je me retrouve avec ma s\u0153ur, par exemple, dans la voiture et je lui dis : Ouh l\u00e0 l\u00e0 ! Va doucement parce que l\u00e0, c&#8217;est beaucoup d&#8217;informations d&#8217;un coup.<\/p>\n\n\n\n<p><b><a id=\"sonaar_ts-6927c68927783\" class=\"srmp3_sonaar_ts_shortcode\"  style=\"\" href=\"javascript:sonaar_ts_shortcode({ trackid:'0', time:'00:06:50', ts_id:'6927c68927783', play_icon:'' }) ;\">[00:06:50]<\/a> &#8211; Hugo<\/b><\/p>\n\n\n\n<p>Ok. Et Marseille te manque pas trop ?<\/p>\n\n\n\n<p><b><a id=\"sonaar_ts-6927c68927788\" class=\"srmp3_sonaar_ts_shortcode\"  style=\"\" href=\"javascript:sonaar_ts_shortcode({ trackid:'0', time:'00:06:53', ts_id:'6927c68927788', play_icon:'' }) ;\">[00:06:53]<\/a> &#8211; Alexandra<\/b><\/p>\n\n\n\n<p>Si, \u00e7a me manque \u00e9norm\u00e9ment, surtout de vivre pr\u00e8s de la mer. Je me rappelle, apr\u00e8s le travail, j&#8217;allais souvent soit dans les calanques ou soit dans des points de vue comme par exemple la route des Cr\u00eates. Je ne sais pas si tu as eu l&#8217;occasion de l&#8217;exp\u00e9rimenter.<\/p>\n\n\n\n<p><b><a id=\"sonaar_ts-6927c6892778c\" class=\"srmp3_sonaar_ts_shortcode\"  style=\"\" href=\"javascript:sonaar_ts_shortcode({ trackid:'0', time:'00:07:06', ts_id:'6927c6892778c', play_icon:'' }) ;\">[00:07:06]<\/a> &#8211; Alexandra<\/b><\/p>\n\n\n\n<p>Si, bien s\u00fbr.<\/p>\n\n\n\n<p><b><a id=\"sonaar_ts-6927c68927791\" class=\"srmp3_sonaar_ts_shortcode\"  style=\"\" href=\"javascript:sonaar_ts_shortcode({ trackid:'0', time:'00:07:08', ts_id:'6927c68927791', play_icon:'' }) ;\">[00:07:08]<\/a> &#8211; Alexandra<\/b><\/p>\n\n\n\n<p>Et quand j&#8217;ai am\u00e9nag\u00e9 ici, c&#8217;est Salt Lake City, c&#8217;est les montagnes. Et quand on regarde l&#8217;horizon, il n&#8217;y a pas de mer. Il y a les montagnes et les montagnes. Il n&#8217;y a pas cette humidit\u00e9 dans l&#8217;air, l&#8217;odeur de l&#8217;eau sal\u00e9e, la nourriture, les fruits de mer. C&#8217;est tr\u00e8s diff\u00e9rent, \u00e7a prend du temps, mais oui, je m&#8217;y plais. Salt Lake City, je le consid\u00e8re vraiment comme le paradis des enfants, surtout si vous avez une famille. Il y a tellement de choses \u00e0 faire pour les enfants. C&#8217;est un bonheur d&#8217;\u00e9lever des enfants ici.<\/p>\n\n\n\n<p><b><a id=\"sonaar_ts-6927c68927795\" class=\"srmp3_sonaar_ts_shortcode\"  style=\"\" href=\"javascript:sonaar_ts_shortcode({ trackid:'0', time:'00:07:44', ts_id:'6927c68927795', play_icon:'' }) ;\">[00:07:44]<\/a> &#8211; Hugo<\/b><\/p>\n\n\n\n<p>Donc, pour le moment, avec ton mari et ta famille, vous n&#8217;envisagez pas d&#8217;aller vous installer en France ? Vous comptez rester \u00e0 Salt Lake City ?<\/p>\n\n\n\n<p><b><a id=\"sonaar_ts-6927c68927799\" class=\"srmp3_sonaar_ts_shortcode\"  style=\"\" href=\"javascript:sonaar_ts_shortcode({ trackid:'0', time:'00:07:52', ts_id:'6927c68927799', play_icon:'' }) ;\">[00:07:52]<\/a> &#8211; Alexandra<\/b><\/p>\n\n\n\n<p>Pour le moment, \u00e7a nous va tr\u00e8s bien comme \u00e7a. Peut-\u00eatre lorsque les enfants seront plus \u00e2g\u00e9s, je voudrais leur offrir la possibilit\u00e9 de venir \u00e0 l&#8217;universit\u00e9 en France, par exemple, et \u00e9galement de d\u00e9couvrir la culture dans laquelle j&#8217;ai grandi et d&#8217;avoir l&#8217;occasion de supporter l&#8217;OM.<\/p>\n\n\n\n<p><b><a id=\"sonaar_ts-6927c6892779d\" class=\"srmp3_sonaar_ts_shortcode\"  style=\"\" href=\"javascript:sonaar_ts_shortcode({ trackid:'0', time:'00:08:08', ts_id:'6927c6892779d', play_icon:'' }) ;\">[00:08:08]<\/a> &#8211; Hugo<\/b><\/p>\n\n\n\n<p>L&#8217;Olympique de Marseille, le fameux club de foot de la ville, effectivement, c&#8217;est quasiment une religion ici. Dans l&#8217;Utah, il y a les Mormons et \u00e0 Marseille, il y a l&#8217;OM.<\/p>\n\n\n\n<p><b><a id=\"sonaar_ts-6927c689277a2\" class=\"srmp3_sonaar_ts_shortcode\"  style=\"\" href=\"javascript:sonaar_ts_shortcode({ trackid:'0', time:'00:08:21', ts_id:'6927c689277a2', play_icon:'' }) ;\">[00:08:21]<\/a> &#8211; Alexandra<\/b><\/p>\n\n\n\n<p>C&#8217;est \u00e7a, c&#8217;est bien r\u00e9sum\u00e9.<\/p>\n\n\n\n<p><b><a id=\"sonaar_ts-6927c689277a6\" class=\"srmp3_sonaar_ts_shortcode\"  style=\"\" href=\"javascript:sonaar_ts_shortcode({ trackid:'0', time:'00:08:24', ts_id:'6927c689277a6', play_icon:'' }) ;\">[00:08:24]<\/a> &#8211; Hugo<\/b><\/p>\n\n\n\n<p>Ok. Et donc, tu dis qu&#8217;avant de d\u00e9m\u00e9nager, tu \u00e9tais dans l&#8217;\u00e9ducation nationale en France. Donc, quand on dit qu&#8217;on est dans l&#8217;\u00e9ducation nationale, \u00e7a veut dire en g\u00e9n\u00e9ral qu&#8217;on est professeur, soit \u00e0 l&#8217;\u00e9cole, au lyc\u00e9e. \u00c7a peut \u00eatre \u00e0 diff\u00e9rents niveaux. Et tu parlais d\u00e9j\u00e0 anglais couramment avant de d\u00e9m\u00e9nager l\u00e0-bas ou tu as appris surtout apr\u00e8s avoir d\u00e9m\u00e9nag\u00e9 ?<\/p>\n\n\n\n<p><b><a id=\"sonaar_ts-6927c689277aa\" class=\"srmp3_sonaar_ts_shortcode\"  style=\"\" href=\"javascript:sonaar_ts_shortcode({ trackid:'0', time:'00:08:49', ts_id:'6927c689277aa', play_icon:'' }) ;\">[00:08:49]<\/a> &#8211; Alexandra<\/b><\/p>\n\n\n\n<p>Je n&#8217;avais pas un bon niveau d&#8217;anglais, des cours \u00e0 l&#8217;\u00e9cole que j&#8217;ai eu l&#8217;occasion d&#8217;avoir. Apr\u00e8s, c&#8217;\u00e9tait un anglais assez scolaire et il m&#8217;a fallu, je dirais, une bonne ann\u00e9e pour m&#8217;adapter et surtout pouvoir suivre une conversation de groupe. C&#8217;est ce qui \u00e9tait le plus compliqu\u00e9 pour moi de de comprendre une conversation et de la suivre lorsque plusieurs personnes parlent en m\u00eame temps et \u00e9galement comprendre les expressions locales.<\/p>\n\n\n\n<p><b><a id=\"sonaar_ts-6927c689277af\" class=\"srmp3_sonaar_ts_shortcode\"  style=\"\" href=\"javascript:sonaar_ts_shortcode({ trackid:'0', time:'00:09:23', ts_id:'6927c689277af', play_icon:'' }) ;\">[00:09:23]<\/a> &#8211; Hugo<\/b><\/p>\n\n\n\n<p>Je pense que beaucoup d&#8217;auditeurs et d&#8217;auditrices peuvent compatir parce que c&#8217;est un probl\u00e8me qui revient vient tr\u00e8s souvent chez les apprenants de langues \u00e9trang\u00e8res et avec le fran\u00e7ais aussi. Il y a souvent des personnes qui nous disent : Je comprends bien quand&#8230; C&#8217;est juste moi, quand il y a une seule personne qui me parle dans une conversation, \u00e7a va, mais quand il y a des Fran\u00e7ais qui parlent entre eux, je ne comprends rien \u00e0 ce qu&#8217;ils disent. Effectivement, c&#8217;est s\u00fbr que c&#8217;est un exercice assez difficile. Ok. Donc toi, tu es devenu prof dans un programme d&#8217;immersion \u00e0 Salt Lake City. Est-ce que tu peux nous peux expliquer un peu ce que c&#8217;est, ce programme, l&#8217;\u00e9cole o\u00f9 tu travailles, etc. ?<\/p>\n\n\n\n<p><b><a id=\"sonaar_ts-6927c689277b3\" class=\"srmp3_sonaar_ts_shortcode\"  style=\"\" href=\"javascript:sonaar_ts_shortcode({ trackid:'0', time:'00:10:04', ts_id:'6927c689277b3', play_icon:'' }) ;\">[00:10:04]<\/a> &#8211; Alexandra<\/b><\/p>\n\n\n\n<p>Donc c&#8217;est un programme qui a \u00e9t\u00e9 cr\u00e9\u00e9, qui a vu le jour en 2008, suite \u00e0 l&#8217;adoption d&#8217;une loi en Utah qui a permis le lancement et le financement de ces premi\u00e8res classes d&#8217;immersion en fran\u00e7ais, en chinois et en espagnol. D&#8217;autres langues ont suivi par la suite, mais les trois premi\u00e8res langues \u00e9taient fran\u00e7ais, chinois, espagnols. Ce qu&#8217;il y a de super, je trouve, c&#8217;est que c&#8217;est un programme qui est ouvert \u00e0 tous et qui est implant\u00e9 dans les \u00e9coles publiques et qui est compl\u00e8tement gratuit. Pour y acc\u00e9der, c&#8217;est une forme de loterie en CP, c&#8217;est-\u00e0-dire pour les \u00e9l\u00e8ves de six ans lorsqu&#8217;ils arrivent en \u00e9cole \u00e9l\u00e9mentaire.<\/p>\n\n\n\n<p><b><a id=\"sonaar_ts-6927c689277b7\" class=\"srmp3_sonaar_ts_shortcode\"  style=\"\" href=\"javascript:sonaar_ts_shortcode({ trackid:'0', time:'00:10:42', ts_id:'6927c689277b7', play_icon:'' }) ;\">[00:10:42]<\/a> &#8211; Alexandra<\/b><\/p>\n\n\n\n<p>La fa\u00e7on dont ce programme fonctionne C&#8217;est qu&#8217;en fait, il y a deux groupes d&#8217;environ 25, 30 \u00e9l\u00e8ves. Donc, chaque jour, on a un groupe qui commence la journ\u00e9e avec un enseignant qui est am\u00e9ricain et l&#8217;autre avec l&#8217;enseignant de langue. Et environ au milieu de journ\u00e9e, on fait une rotation entre les deux groupes. Et ce mod\u00e8le-l\u00e0 est le mod\u00e8le qui est vraiment propre \u00e0 l&#8217;Utah. C&#8217;est ce qu&#8217;on appelle couramment le mod\u00e8le 50, 50. Et afin de pouvoir recevoir le financement de l&#8217;\u00c9tat, chaque \u00e9cole qui a ce programme doit vraiment respecter ce mod\u00e8le.<\/p>\n\n\n\n<p><b><a id=\"sonaar_ts-6927c689277bc\" class=\"srmp3_sonaar_ts_shortcode\"  style=\"\" href=\"javascript:sonaar_ts_shortcode({ trackid:'0', time:'00:11:16', ts_id:'6927c689277bc', play_icon:'' }) ;\">[00:11:16]<\/a> &#8211; Hugo<\/b><\/p>\n\n\n\n<p>D&#8217;accord. Donc c&#8217;est int\u00e9ressant. C&#8217;est vraiment dans les \u00e9coles publiques, ce n&#8217;est pas quelque chose r\u00e9serv\u00e9 aux familles ais\u00e9es, les \u00e9coles priv\u00e9es, les parents qui ont les moyens de payer pour que leurs enfants aient des cours de langue tr\u00e8s t\u00f4t. Non, l\u00e0, c&#8217;est ouvert \u00e0 tous et tu as dit que \u00e7a d\u00e9pendait d&#8217;une loterie. Donc bon, il faut juste avoir de la chance.<\/p>\n\n\n\n<p><b><a id=\"sonaar_ts-6927c689277c0\" class=\"srmp3_sonaar_ts_shortcode\"  style=\"\" href=\"javascript:sonaar_ts_shortcode({ trackid:'0', time:'00:11:39', ts_id:'6927c689277c0', play_icon:'' }) ;\">[00:11:39]<\/a> &#8211; Alexandra<\/b><\/p>\n\n\n\n<p>C&#8217;est \u00e7a. Alors, on peut avoir plus de, entre guillemets, tickets dans la loterie si jamais on a des parents qui parlent d\u00e9j\u00e0 le fran\u00e7ais. \u00c7a permet aux familles d&#8217;augmenter leur chance. Et \u00e9galement lorsqu&#8217;il y a un membre de la fratrie qui est d\u00e9j\u00e0 dans le programme, les autres fr\u00e8res et s\u0153urs ont \u00e9galement un peu plus de chances d&#8217;acc\u00e9der au programme qu&#8217;un autre \u00e9l\u00e8ve, par exemple.<\/p>\n\n\n\n<p><b><a id=\"sonaar_ts-6927c689277c4\" class=\"srmp3_sonaar_ts_shortcode\"  style=\"\" href=\"javascript:sonaar_ts_shortcode({ trackid:'0', time:'00:12:07', ts_id:'6927c689277c4', play_icon:'' }) ;\">[00:12:07]<\/a> &#8211; Hugo<\/b><\/p>\n\n\n\n<p>Donc c&#8217;est dans une \u00e9cole \u00e9l\u00e9mentaire, c&#8217;est \u00e7a, pour les enfants qui ont entre 6 et 10, 11 ans ?<\/p>\n\n\n\n<p><b><a id=\"sonaar_ts-6927c689277c8\" class=\"srmp3_sonaar_ts_shortcode\"  style=\"\" href=\"javascript:sonaar_ts_shortcode({ trackid:'0', time:'00:12:13', ts_id:'6927c689277c8', play_icon:'' }) ;\">[00:12:13]<\/a> &#8211; Alexandra<\/b><\/p>\n\n\n\n<p>C&#8217;est \u00e7a, exactement. J&#8217;ai du CP au CM2. Donc ce mod\u00e8le 50-50 est appliqu\u00e9 dans les \u00e9coles \u00e9l\u00e9mentaires. Ensuite, il y a encore ce qu&#8217;on appelle des classes d&#8217;immersion en coll\u00e8ge et lyc\u00e9e, mais le format est l\u00e9g\u00e8rement diff\u00e9rent.<\/p>\n\n\n\n<p><b><a id=\"sonaar_ts-6927c689277cd\" class=\"srmp3_sonaar_ts_shortcode\"  style=\"\" href=\"javascript:sonaar_ts_shortcode({ trackid:'0', time:'00:12:26', ts_id:'6927c689277cd', play_icon:'' }) ;\">[00:12:26]<\/a> &#8211; Hugo<\/b><\/p>\n\n\n\n<p>D&#8217;accord. Et tu as dit que \u00e7a a \u00e9t\u00e9 lanc\u00e9 en 2008, donc c&#8217;est encore un programme assez r\u00e9cent ?<\/p>\n\n\n\n<p><b><a id=\"sonaar_ts-6927c689277d1\" class=\"srmp3_sonaar_ts_shortcode\"  style=\"\" href=\"javascript:sonaar_ts_shortcode({ trackid:'0', time:'00:12:33', ts_id:'6927c689277d1', play_icon:'' }) ;\">[00:12:33]<\/a> &#8211; Alexandra<\/b><\/p>\n\n\n\n<p>Oui, \u00e7a reste assez r\u00e9cent. Les premi\u00e8res \u00e9tudes commencent \u00e0 sortir pour voir par rapport aux \u00e9l\u00e8ves qui ont termin\u00e9 le lyc\u00e9e, o\u00f9 on peut voir \u00e0 quel point ce programme est effectif. Il y a eu plusieurs \u00e9tudes, par exemple, qui ont \u00e9t\u00e9 faites pour savoir est-ce que les \u00e9l\u00e8ves qui font partie d&#8217;un programme de fran\u00e7ais ont plus de difficult\u00e9s dans d&#8217;autres d&#8217;autres domaines. Et \u00e0 la grande surprise, non, pas du tout. M\u00eame au contraire, les \u00e9l\u00e8ves qui apprennent, par exemple, la science en fran\u00e7ais ont des r\u00e9sultats \u00e9quivalents, m\u00eame sup\u00e9rieurs aux \u00e9l\u00e8ves qui apprennent la science en anglais.<\/p>\n\n\n\n<p><b><a id=\"sonaar_ts-6927c689277d5\" class=\"srmp3_sonaar_ts_shortcode\"  style=\"\" href=\"javascript:sonaar_ts_shortcode({ trackid:'0', time:'00:13:12', ts_id:'6927c689277d5', play_icon:'' }) ;\">[00:13:12]<\/a> &#8211; Hugo<\/b><\/p>\n\n\n\n<p>D&#8217;accord. \u00c7a rejoint un peu toutes les \u00e9tudes qui sont faites sur les enfants qui grandissent dans des familles o\u00f9 on parle plusieurs langues, o\u00f9 \u00e7a encourage une certaine mall\u00e9abilit\u00e9 du cerveau. \u00c7a les force \u00e0 faire pas mal d&#8217;efforts. Et souvent, pas toujours, mais souvent, \u00e7a leur permet d&#8217;avoir des facilit\u00e9s dans plein d&#8217;autres mati\u00e8res et pas seulement dans les langues.<\/p>\n\n\n\n<p><b><a id=\"sonaar_ts-6927c689277da\" class=\"srmp3_sonaar_ts_shortcode\"  style=\"\" href=\"javascript:sonaar_ts_shortcode({ trackid:'0', time:'00:13:36', ts_id:'6927c689277da', play_icon:'' }) ;\">[00:13:36]<\/a> &#8211; Alexandra<\/b><\/p>\n\n\n\n<p>\u00c9galement, \u00e7a permet d&#8217;\u00eatre r\u00e9silient et d&#8217;augmenter la connexion entre les neurones dans le cerveau, de pouvoir vraiment apprendre un domaine, une mati\u00e8re sp\u00e9cifique dans une langue \u00e9trang\u00e8re.<\/p>\n\n\n\n<p><b><a id=\"sonaar_ts-6927c689277de\" class=\"srmp3_sonaar_ts_shortcode\"  style=\"\" href=\"javascript:sonaar_ts_shortcode({ trackid:'0', time:'00:14:00', ts_id:'6927c689277de', play_icon:'' }) ;\">[00:14:00]<\/a> &#8211; Hugo<\/b><\/p>\n\n\n\n<p>Et donc, tu as expliqu\u00e9 que c&#8217;\u00e9tait un syst\u00e8me de loterie pour int\u00e9grer ce programme. Mais est-ce qu&#8217;il faut s&#8217;inscrire \u00e0 cette loterie ou est-ce que automatiquement tous les enfants de Salt Lake qui entrent \u00e0 l&#8217;\u00e9cole primaire sont inscrits d&#8217;office \u00e0 cette loterie ?<\/p>\n\n\n\n<p><b><a id=\"sonaar_ts-6927c689277e3\" class=\"srmp3_sonaar_ts_shortcode\"  style=\"\" href=\"javascript:sonaar_ts_shortcode({ trackid:'0', time:'00:14:16', ts_id:'6927c689277e3', play_icon:'' }) ;\">[00:14:16]<\/a> &#8211; Alexandra<\/b><\/p>\n\n\n\n<p>Oui, il faut s&#8217;y inscrire. L&#8217;inscription se fait en g\u00e9n\u00e9ral vers le mois de f\u00e9vrier pour l&#8217;ann\u00e9e suivante. Et \u00e0 ce moment-l\u00e0, on fait ce qu&#8217;on appelle une r\u00e9union d&#8217;information o\u00f9 les profs de fran\u00e7ais rencontrent les familles qui ont de l&#8217;int\u00e9r\u00eat pour le programme. On pr\u00e9sente le programme. Parfois, on a des anciens \u00e9l\u00e8ves qui viennent et qui interagissent avec nous afin que les familles puissent voir le niveau de langue de ces enfants qui ont commenc\u00e9 dans le programme et qui maintenant se parlent couramment en fran\u00e7ais.<\/p>\n\n\n\n<p><b><a id=\"sonaar_ts-6927c689277e7\" class=\"srmp3_sonaar_ts_shortcode\"  style=\"\" href=\"javascript:sonaar_ts_shortcode({ trackid:'0', time:'00:14:45', ts_id:'6927c689277e7', play_icon:'' }) ;\">[00:14:45]<\/a> &#8211; Hugo<\/b><\/p>\n\n\n\n<p>D&#8217;accord. Donc, il n&#8217;y a pas d&#8217;enfants qui se retrouvent dans ce programme et qui n&#8217;ont pas du tout envie d&#8217;apprendre le fran\u00e7ais et qui se retrouvent un peu contraints et forc\u00e9s.<\/p>\n\n\n\n<p><b><a id=\"sonaar_ts-6927c689277eb\" class=\"srmp3_sonaar_ts_shortcode\"  style=\"\" href=\"javascript:sonaar_ts_shortcode({ trackid:'0', time:'00:14:54', ts_id:'6927c689277eb', play_icon:'' }) ;\">[00:14:54]<\/a> &#8211; Alexandra<\/b><\/p>\n\n\n\n<p>Souvent, la plupart du temps, les enfants sont super excit\u00e9s \u00e0 l&#8217;id\u00e9e d&#8217;apprendre une nouvelle langue, surtout parce que les \u00e9l\u00e8ves qui se retrouvent dans le programme sont soit des enfants qui sont natifs. C&#8217;est une minorit\u00e9, mais il y a beaucoup de&#8230; J&#8217;ai rencontr\u00e9 pas mal de familles qui ont \u00e9t\u00e9 mut\u00e9es en Utah et pour qui c&#8217;\u00e9tait un peu une bouff\u00e9e d&#8217;air d&#8217;avoir une ma\u00eetresse fran\u00e7aise. Comme tu l&#8217;as \u00e9voqu\u00e9 plus t\u00f4t, Salt Lake City, c&#8217;est une ville assez mormone. Donc chaque Mormon, lorsqu&#8217;ils atteignent environ la vingtaine font ce qu&#8217;on appelle une mission dans un pays \u00e9tranger. J&#8217;ai rencontr\u00e9 beaucoup de familles dont les parents ou les grands-parents ont pratiqu\u00e9 leur mission en France ou dans un pays francophone. Ils souhaitent que leurs enfants ou petits-enfants puissent apprendre cette m\u00eame langue qu&#8217;eux-m\u00eames ont apprise. Il y a eu des enfants une fois, mais c&#8217;est assez rare, o\u00f9 une fois, il y a eu un parent qui est venu me voir et qui m&#8217;a dit : \u00ab Mon fils ne comprend toujours pas pourquoi vous ne parlez pas anglais \u00bb. Mais \u00e7a m&#8217;est arriv\u00e9 une fois.<\/p>\n\n\n\n<p><b><a id=\"sonaar_ts-6927c689277f0\" class=\"srmp3_sonaar_ts_shortcode\"  style=\"\" href=\"javascript:sonaar_ts_shortcode({ trackid:'0', time:'00:16:05', ts_id:'6927c689277f0', play_icon:'' }) ;\">[00:16:05]<\/a> &#8211; Hugo<\/b><\/p>\n\n\n\n<p>Au bout de combien de temps ?<\/p>\n\n\n\n<p><b><a id=\"sonaar_ts-6927c689277f4\" class=\"srmp3_sonaar_ts_shortcode\"  style=\"\" href=\"javascript:sonaar_ts_shortcode({ trackid:'0', time:'00:16:07', ts_id:'6927c689277f4', play_icon:'' }) ;\">[00:16:07]<\/a> &#8211; Alexandra<\/b><\/p>\n\n\n\n<p>Au bout de six mois.<\/p>\n\n\n\n<p><b><a id=\"sonaar_ts-6927c689277f8\" class=\"srmp3_sonaar_ts_shortcode\"  style=\"\" href=\"javascript:sonaar_ts_shortcode({ trackid:'0', time:'00:16:10', ts_id:'6927c689277f8', play_icon:'' }) ;\">[00:16:10]<\/a> &#8211; Hugo<\/b><\/p>\n\n\n\n<p>Il devait vraiment \u00eatre frustr\u00e9. \u00c7a me fait penser \u00e0 mon meilleur ami, dont j&#8217;ai d\u00e9j\u00e0 parl\u00e9 pas mal dans le podcast, dont les parents sont polonais et ils ont d\u00e9m\u00e9nag\u00e9 en France quand lui, il avait trois ans. \u00c0 la maison, il parlait seulement polonais. Donc quand il est arriv\u00e9 \u00e0 l&#8217;\u00e9cole maternelle, lui, il ne parlait que polonais. Les ma\u00eetresses ne comprenaient pas ce qu&#8217;il disait. Donc, il avait l&#8217;impression que les ma\u00eetresses \u00e9taient vraiment stupides parce qu&#8217;il parlait et personne ne les comprenait. Les d\u00e9buts ont \u00e9t\u00e9 assez frustrants.<\/p>\n\n\n\n<p><b><a id=\"sonaar_ts-6927c689277fd\" class=\"srmp3_sonaar_ts_shortcode\"  style=\"\" href=\"javascript:sonaar_ts_shortcode({ trackid:'0', time:'00:16:43', ts_id:'6927c689277fd', play_icon:'' }) ;\">[00:16:43]<\/a> &#8211; Alexandra<\/b><\/p>\n\n\n\n<p>C&#8217;est \u00e7a. \u00c7a reste assez rare quand m\u00eame. En g\u00e9n\u00e9ral, les enfants ont super h\u00e2te. Ils ont d\u00e9j\u00e0 lu des livres en fran\u00e7ais, \u00e9cout\u00e9 des petites vid\u00e9os sur YouTube. Ils ont un certain degr\u00e9 de familiarit\u00e9, on va dire \u00e7a.<\/p>\n\n\n\n<p><b><a id=\"sonaar_ts-6927c68927801\" class=\"srmp3_sonaar_ts_shortcode\"  style=\"\" href=\"javascript:sonaar_ts_shortcode({ trackid:'0', time:'00:16:58', ts_id:'6927c68927801', play_icon:'' }) ;\">[00:16:58]<\/a> &#8211; Hugo<\/b><\/p>\n\n\n\n<p>D&#8217;accord. Donc, il n&#8217;y a pas d&#8217;enfants qui arrivent avec un niveau z\u00e9ro sans vraiment parler aucun mot de fran\u00e7ais ? Ils ont quelques bases en g\u00e9n\u00e9ral ?<\/p>\n\n\n\n<p><b><a id=\"sonaar_ts-6927c68927805\" class=\"srmp3_sonaar_ts_shortcode\"  style=\"\" href=\"javascript:sonaar_ts_shortcode({ trackid:'0', time:'00:17:08', ts_id:'6927c68927805', play_icon:'' }) ;\">[00:17:08]<\/a> &#8211; Alexandra<\/b><\/p>\n\n\n\n<p>La plupart ont un niveau z\u00e9ro parce qu&#8217;ils ont une certaine familiarit\u00e9 avec la langue dans le sens o\u00f9 ils ont appris des chansons, \u00e0 compter jusqu&#8217;\u00e0 cinq. Mais une fois qu&#8217;on se retrouve compl\u00e8tement immerg\u00e9, ce qui est assez diff\u00e9rent d&#8217;un cours classique de fran\u00e7ais, c&#8217;est l\u00e0 que vraiment ils r\u00e9alisent que ce n&#8217;est plus simplement les petites vid\u00e9os qu&#8217;on voit sur YouTube o\u00f9 on apprend \u00e0 compter en chantant. M\u00eame si en effet, \u00e7a fait partie de ce qu&#8217;on fait en classe, mais lorsqu&#8217;il se rend compte qu&#8217;absolument tout est en fran\u00e7ais, que ce soit les consignes de classes, les interactions, la r\u00e9solution de conflits. C&#8217;est l\u00e0 que \u00e7a devient un peu plus compliqu\u00e9 et challenging pour les \u00e9l\u00e8ves, comme on dit.<\/p>\n\n\n\n<p><b><a id=\"sonaar_ts-6927c6892780a\" class=\"srmp3_sonaar_ts_shortcode\"  style=\"\" href=\"javascript:sonaar_ts_shortcode({ trackid:'0', time:'00:17:59', ts_id:'6927c6892780a', play_icon:'' }) ;\">[00:17:59]<\/a> &#8211; Hugo<\/b><\/p>\n\n\n\n<p>Donc toi, tu tu parles uniquement fran\u00e7ais pendant tout le cours ? Il n&#8217;y a aucun moment o\u00f9 tu passes en anglais pour expliquer quelque chose ? Non, c&#8217;est 100% fran\u00e7ais d\u00e8s le premier cours ?<\/p>\n\n\n\n<p><b><a id=\"sonaar_ts-6927c6892780e\" class=\"srmp3_sonaar_ts_shortcode\"  style=\"\" href=\"javascript:sonaar_ts_shortcode({ trackid:'0', time:'00:18:12', ts_id:'6927c6892780e', play_icon:'' }) ;\">[00:18:12]<\/a> &#8211; Alexandra<\/b><\/p>\n\n\n\n<p>C&#8217;est \u00e7a. C&#8217;est vraiment 100% fran\u00e7ais. Parfois, lorsqu&#8217;il y a certains conflits en classe ou il y a des \u00e9l\u00e8ves qui, par exemple, leurs parents leur manquent, surtout quand ils sont tout petits, quand ils sont en CP, on les sortir de la classe et les r\u00e9conforter, dire : Tout va bien, ne t&#8217;inqui\u00e8tes pas, etc. Mais du moment qu&#8217;on rentre en classe, on passe au fran\u00e7ais de nouveau.<\/p>\n\n\n\n<p><b><a id=\"sonaar_ts-6927c68927812\" class=\"srmp3_sonaar_ts_shortcode\"  style=\"\" href=\"javascript:sonaar_ts_shortcode({ trackid:'0', time:'00:18:40', ts_id:'6927c68927812', play_icon:'' }) ;\">[00:18:40]<\/a> &#8211; Hugo<\/b><\/p>\n\n\n\n<p>Oui, c&#8217;est vrai que l&#8217;\u00e9cole \u00e0 cet \u00e2ge-l\u00e0, c&#8217;est d\u00e9j\u00e0 un sacr\u00e9 d\u00e9fine, une sacr\u00e9e immersion. Donc si en plus, on ajoute une nouvelle langue, effectivement, \u00e7a peut \u00eatre un peu intimidant.<\/p>\n\n\n\n<p><b><a id=\"sonaar_ts-6927c68927816\" class=\"srmp3_sonaar_ts_shortcode\"  style=\"\" href=\"javascript:sonaar_ts_shortcode({ trackid:'0', time:'00:18:52', ts_id:'6927c68927816', play_icon:'' }) ;\">[00:18:52]<\/a> &#8211; Alexandra<\/b><\/p>\n\n\n\n<p>Oui, surtout qu&#8217;ici, aux \u00c9tats-Unis, l&#8217;\u00e9cole maternelle n&#8217;est pas obligatoire. Donc, on a des enfants qui n&#8217;ont \u00e9t\u00e9 qu&#8217;\u00e0 l&#8217;\u00e9quivalence de la grande section maternelle qu&#8217;on appelle kindergarden ici. Il y a m\u00eame certains enfants qui n&#8217;ont pas forc\u00e9ment \u00e9t\u00e9 tr\u00e8s assidus en kindergarden et qui se retrouvent dans une classe de CP o\u00f9 non seulement ils doivent apprendre \u00e0 lire, \u00e0 \u00e9crire, \u00e0 compter dans les deux langues, mais aussi devoir faire face \u00e0 une langue dont ils ne connaissent absolument rien. C&#8217;est un peu d\u00e9stabilisant quand on a six ans.<\/p>\n\n\n\n<p><b><a id=\"sonaar_ts-6927c6892781b\" class=\"srmp3_sonaar_ts_shortcode\"  style=\"\" href=\"javascript:sonaar_ts_shortcode({ trackid:'0', time:'00:19:24', ts_id:'6927c6892781b', play_icon:'' }) ;\">[00:19:24]<\/a> &#8211; Hugo<\/b><\/p>\n\n\n\n<p>J&#8217;imagine. Alors, tu nous as dit que ce programme, c&#8217;est organis\u00e9 autour une structure 50\/50. Ils commencent le matin avec le fran\u00e7ais, c&#8217;est \u00e7a ?<\/p>\n\n\n\n<p><b><a id=\"sonaar_ts-6927c6892781f\" class=\"srmp3_sonaar_ts_shortcode\"  style=\"\" href=\"javascript:sonaar_ts_shortcode({ trackid:'0', time:'00:19:34', ts_id:'6927c6892781f', play_icon:'' }) ;\">[00:19:34]<\/a> &#8211; Alexandra<\/b><\/p>\n\n\n\n<p>\u00c7a d\u00e9pend du groupe. Il y a un groupe qui commence le matin avec le fran\u00e7ais et l&#8217;autre groupe qui commence avec l&#8217;anglais. Chaque paire d&#8217;enseignants a une fa\u00e7on diff\u00e9rente de fonctionner. Par exemple, il y a des enseignants qui font une rotation des groupes chaque semaine afin que ce ne soit pas toujours le m\u00eame groupe qui commence par le fran\u00e7ais le matin. Par exemple, ma coll\u00e8gue et moi, nous, on change tous les trimestres. D&#8217;autres le font tous les mois. \u00c7a d\u00e9pend vraiment des pr\u00e9f\u00e9rences des enseignants.<\/p>\n\n\n\n<p><b><a id=\"sonaar_ts-6927c68927823\" class=\"srmp3_sonaar_ts_shortcode\"  style=\"\" href=\"javascript:sonaar_ts_shortcode({ trackid:'0', time:'00:20:00', ts_id:'6927c68927823', play_icon:'' }) ;\">[00:20:00]<\/a> &#8211; Hugo<\/b><\/p>\n\n\n\n<p>Toi, les cours que tu donnes, ce n&#8217;est pas seulement des cours de fran\u00e7ais, comme tu disais. Vous faites des maths en fran\u00e7ais, d&#8217;autres sciences, peut-\u00eatre des cours d&#8217;histoire, j&#8217;imagine, c&#8217;est \u00e7a ?<\/p>\n\n\n\n<p><b><a id=\"sonaar_ts-6927c68927828\" class=\"srmp3_sonaar_ts_shortcode\"  style=\"\" href=\"javascript:sonaar_ts_shortcode({ trackid:'0', time:'00:20:09', ts_id:'6927c68927828', play_icon:'' }) ;\">[00:20:09]<\/a> &#8211; Alexandra<\/b><\/p>\n\n\n\n<p>Oui, alors, en CP, CE1 et C2, c&#8217;est-\u00e0-dire pour les \u00e9l\u00e8ves de 6, 7, 8 ans, les maths sont compl\u00e8tement en fran\u00e7ais. On fait \u00e9galement un peu ce qu&#8217;on appelle du renforcement en sciences, o\u00f9 on apprend vraiment le vocabulaire basique qui va servir pour les classes un petit peu plus grandes. Le programme de sciences, c&#8217;est ce qu&#8217;on appelle un programme assez spiralaire, c&#8217;est-\u00e0-dire qu&#8217;on voit les bases en CP et ensuite on va vraiment en profondeur au fur et \u00e0 mesure qu&#8217;on \u00e9volue dans les classes sup\u00e9rieures.<\/p>\n\n\n\n<p><b><a id=\"sonaar_ts-6927c68927835\" class=\"srmp3_sonaar_ts_shortcode\"  style=\"\" href=\"javascript:sonaar_ts_shortcode({ trackid:'0', time:'00:20:40', ts_id:'6927c68927835', play_icon:'' }) ;\">[00:20:40]<\/a> &#8211; Alexandra<\/b><\/p>\n\n\n\n<p>On apprend \u00e9galement la litt\u00e9rature en fran\u00e7ais. On utilise une m\u00e9thode de lecture fran\u00e7aise qui s&#8217;appelle Taoki. On travaille \u00e9galement avec ce qu&#8217;on appelle la m\u00e9thode Borel-Maisonny. C&#8217;est une m\u00e9thode dans laquelle chaque son de la langue est associ\u00e9 \u00e0 un geste. Ensuite, on associe ces gestes ensemble afin travailler la combinatoire. La journ\u00e9e est rythm\u00e9e comme \u00e7a d&#8217;un domaine \u00e0 l&#8217;autre. La diff\u00e9rence avec un cours de fran\u00e7ais classique, c&#8217;est que dans un cours de fran\u00e7ais classique, le fran\u00e7ais est la mati\u00e8re qu&#8217;on \u00e9tudie. L&#8217;id\u00e9e, c&#8217;est vraiment de d\u00e9couvrir la langue et de la comprendre, mais on ne s&#8217;attend pas forc\u00e9ment \u00e0 ce que les \u00e9l\u00e8ves deviennent bilingues \u00e0 la suite d&#8217;un cours de fran\u00e7ais comme on peut avoir en \u00e9l\u00e9mentaire en France ou en coll\u00e8ge.<\/p>\n\n\n\n<p><b><a id=\"sonaar_ts-6927c6892783a\" class=\"srmp3_sonaar_ts_shortcode\"  style=\"\" href=\"javascript:sonaar_ts_shortcode({ trackid:'0', time:'00:21:28', ts_id:'6927c6892783a', play_icon:'' }) ;\">[00:21:28]<\/a> &#8211; Alexandra<\/b><\/p>\n\n\n\n<p>Alors qu&#8217;ici, dans le contexte de l&#8217;immersion, la langue est vraiment utilis\u00e9e pour enseigner les autres mati\u00e8res. Les enfants peuvent la vivre au quotidien, la pratiquer dans le contexte, dans avec une personne qui est native. Et c&#8217;est un apprentissage qui est relativement plus actif et naturel et qui permet d&#8217;ancrer ses comp\u00e9tences linguistiques sur le long terme.<\/p>\n\n\n\n<p><b><a id=\"sonaar_ts-6927c6892783f\" class=\"srmp3_sonaar_ts_shortcode\"  style=\"\" href=\"javascript:sonaar_ts_shortcode({ trackid:'0', time:'00:21:58', ts_id:'6927c6892783f', play_icon:'' }) ;\">[00:21:58]<\/a> &#8211; Hugo<\/b><\/p>\n\n\n\n<p>Et au bout de combien de temps il commence \u00e0 s&#8217;exprimer en fran\u00e7ais ?<\/p>\n\n\n\n<p><b><a id=\"sonaar_ts-6927c68927843\" class=\"srmp3_sonaar_ts_shortcode\"  style=\"\" href=\"javascript:sonaar_ts_shortcode({ trackid:'0', time:'00:22:02', ts_id:'6927c68927843', play_icon:'' }) ;\">[00:22:02]<\/a> &#8211; Alexandra<\/b><\/p>\n\n\n\n<p>Alors, il y a plusieurs niveaux de d\u00e9clic, si je puis dire. Ce qu&#8217;il faut savoir, c&#8217;est que j&#8217;ai enseign\u00e9 en CP pendant six ans et ensuite&#8230;<\/p>\n\n\n\n<p><b><a id=\"sonaar_ts-6927c68927848\" class=\"srmp3_sonaar_ts_shortcode\"  style=\"\" href=\"javascript:sonaar_ts_shortcode({ trackid:'0', time:'00:22:16', ts_id:'6927c68927848', play_icon:'' }) ;\">[00:22:16]<\/a> &#8211; Hugo<\/b><\/p>\n\n\n\n<p>Donc le CP, c&#8217;est la premi\u00e8re classe de l&#8217;\u00e9cole \u00e9l\u00e9mentaire.<\/p>\n\n\n\n<p><b><a id=\"sonaar_ts-6927c6892784c\" class=\"srmp3_sonaar_ts_shortcode\"  style=\"\" href=\"javascript:sonaar_ts_shortcode({ trackid:'0', time:'00:22:20', ts_id:'6927c6892784c', play_icon:'' }) ;\">[00:22:20]<\/a> &#8211; Alexandra<\/b><\/p>\n\n\n\n<p>C&#8217;est \u00e7a. Et l\u00e0, actuellement, j&#8217;enseigne en C1. Ce sont des \u00e9l\u00e8ves qui ont neuf ans. Donc, lorsqu&#8217;on enseigne en CP, j&#8217;ai pu observer les premiers d\u00e9clics, c&#8217;est-\u00e0-dire les moments o\u00f9 les \u00e9l\u00e8ves essayent vraiment de cr\u00e9er une phrase basique avec un sujet, verbe, compl\u00e9ment, en g\u00e9n\u00e9ral vers octobre, novembre. \u00c7a, c&#8217;est vraiment la premi\u00e8re vague. Il n&#8217;y en a pas beaucoup, quelques-uns. Les plus grosses vagues, en g\u00e9n\u00e9ral de d\u00e9clics arrive vers le mois de f\u00e9vrier, puis ensuite vers fin avril. La plupart des \u00e9l\u00e8ves commencent \u00e0 parler plus de mani\u00e8re spontan\u00e9e en fin d&#8217;ann\u00e9e scolaire et plus sp\u00e9cifiquement vers le CE1.<\/p>\n\n\n\n<p><b><a id=\"sonaar_ts-6927c68927851\" class=\"srmp3_sonaar_ts_shortcode\"  style=\"\" href=\"javascript:sonaar_ts_shortcode({ trackid:'0', time:'00:22:59', ts_id:'6927c68927851', play_icon:'' }) ;\">[00:22:59]<\/a> &#8211; Hugo<\/b><\/p>\n\n\n\n<p>\u00c0 partir de la deuxi\u00e8me ann\u00e9e, ils commencent \u00e0 \u00eatre capables de s&#8217;exprimer assez librement. C&#8217;est \u00e7a ?<\/p>\n\n\n\n<p><b><a id=\"sonaar_ts-6927c68927859\" class=\"srmp3_sonaar_ts_shortcode\"  style=\"\" href=\"javascript:sonaar_ts_shortcode({ trackid:'0', time:'00:23:08', ts_id:'6927c68927859', play_icon:'' }) ;\">[00:23:08]<\/a> &#8211; Alexandra<\/b><\/p>\n\n\n\n<p>La mani\u00e8re dont ils s&#8217;expriment en CP, souvent, c&#8217;est avec un mot anglais au milieu de la phrase. Alors que lorsqu&#8217;ils arrivent en CE1, ils ont un peu plus de vocabulaire et les phrases de base sont acquises. Donc, ils sont un petit peu plus libres \u00e0 ce niveau-l\u00e0. Apr\u00e8s, comme j&#8217;explique souvent aux parents, chaque enfant est diff\u00e9rent et a son propre rythme. J&#8217;ai vu des enfants qui n&#8217;ont pas commenc\u00e9 \u00e0 parler avant le CE1 et qui maintenant, que j&#8217;ai en CM1 et qui sont super. Donc, il ne faut pas&#8230; Ce n&#8217;est pas une comp\u00e9tition et c&#8217;est vraiment quelque chose qui est important pour les parents de se rappeler, m\u00eame si \u00e9tant maman moi-m\u00eame, je sais qu&#8217;on a tendance \u00e0 regarder un peu les autres. Mais c&#8217;est vraiment important de comprendre que oui, c&#8217;est bien, s&#8217;il commence \u00e0 s&#8217;exprimer en CP, mais \u00e7a ne va pas \u00e0 tout dire.<\/p>\n\n\n\n<p><b><a id=\"sonaar_ts-6927c6892785e\" class=\"srmp3_sonaar_ts_shortcode\"  style=\"\" href=\"javascript:sonaar_ts_shortcode({ trackid:'0', time:'00:24:02', ts_id:'6927c6892785e', play_icon:'' }) ;\">[00:24:02]<\/a> &#8211; Hugo<\/b><\/p>\n\n\n\n<p>Et l&#8217;avantage aussi de commencer aussi t\u00f4t, c&#8217;est par rapport \u00e0 la prononciation, \u00e0 l&#8217;accent. Parce que moi, d&#8217;apr\u00e8s les \u00e9tudes que j&#8217;avais lues, on peut vraiment apprendre \u00e0 parler couramment une langue \u00e0 n&#8217;importe quel \u00e2ge. Mais en ce qui concerne la prononciation, si on veut \u00eatre capable d&#8217;avoir un accent qui ressemble plus ou moins \u00e0 celui d&#8217;un locuteur natif, c&#8217;est mieux d&#8217;apprendre la langue avant 10 ou 11 ans. Il me semble que c&#8217;est \u00e7a l&#8217;\u00e2ge butoir, parce qu&#8217;apr\u00e8s, notre syst\u00e8me phon\u00e9tique se fige d&#8217;une certaine mani\u00e8re, il est beaucoup moins mall\u00e9able. Beaucoup moins flexible. Et l\u00e0, \u00e7a devient, m\u00eame s&#8217;il y a des exceptions, on conna\u00eet tous des polyglottes qui ont un excellent accent et qui ont appris la langue \u00e0 l&#8217;\u00e2ge adulte. Mais c&#8217;est quand m\u00eame plus simple quand on commence un peu plus t\u00f4t.<\/p>\n\n\n\n<p><b><a id=\"sonaar_ts-6927c68927863\" class=\"srmp3_sonaar_ts_shortcode\"  style=\"\" href=\"javascript:sonaar_ts_shortcode({ trackid:'0', time:'00:25:01', ts_id:'6927c68927863', play_icon:'' }) ;\">[00:25:01]<\/a> &#8211; Alexandra<\/b><\/p>\n\n\n\n<p>Oui, compl\u00e8tement. D&#8217;ailleurs, cette ann\u00e9e, j&#8217;ai une \u00e9l\u00e8ve que je n&#8217;avais pas eue en CP. Parce que le groupe que j&#8217;ai eu cette ann\u00e9e, c&#8217;est un groupe que j&#8217;ai eu en CP. Il y a une nouvelle \u00e9l\u00e8ve qui est arriv\u00e9e en CE1 et j&#8217;\u00e9tais persuad\u00e9e qu&#8217;elle \u00e9tait fran\u00e7aise parce que son fran\u00e7ais \u00e9tait tellement parfait, son accent \u00e9tait tellement parfait. Et au bout de deux mois, j&#8217;ai fait une activit\u00e9 o\u00f9 je demandais aux \u00e9l\u00e8ves qui \u00e9taient fran\u00e7ais, parce que j&#8217;en avais deux ou dans la classe \u00e0 ce moment-l\u00e0, de ne pas se mettre ensemble, justement, parce que je voulais qu&#8217;il puisse \u00eatre en situation de tutorat avec d&#8217;autres \u00e9l\u00e8ves. Et elle, je l&#8217;ai mise en situation de tutorat comme tuteur et celle-l\u00e0, elle m&#8217;a dit : Non, mais je ne suis pas fran\u00e7aise. Je m&#8217;en suis rendu compte deux mois apr\u00e8s parce qu&#8217;elle \u00e9tait tellement excellente.<\/p>\n\n\n\n<p><b><a id=\"sonaar_ts-6927c68927867\" class=\"srmp3_sonaar_ts_shortcode\"  style=\"\" href=\"javascript:sonaar_ts_shortcode({ trackid:'0', time:'00:25:47', ts_id:'6927c68927867', play_icon:'' }) ;\">[00:25:47]<\/a> &#8211; Hugo<\/b><\/p>\n\n\n\n<p>Et comment \u00e7a se fait qu&#8217;elle parlait si bien ?<\/p>\n\n\n\n<p><b><a id=\"sonaar_ts-6927c6892786c\" class=\"srmp3_sonaar_ts_shortcode\"  style=\"\" href=\"javascript:sonaar_ts_shortcode({ trackid:'0', time:'00:25:50', ts_id:'6927c6892786c', play_icon:'' }) ;\">[00:25:50]<\/a> &#8211; Alexandra<\/b><\/p>\n\n\n\n<p>Je pense que \u00e7a d\u00e9pend vraiment des \u00e9l\u00e8ves et de leur capacit\u00e9 \u00e0 s&#8217;exprimer sans retenue. Les \u00e9l\u00e8ves qui sont le plus en situation de succ\u00e8s sont vraiment des \u00e9l\u00e8ves qui n&#8217;ont pas peur d&#8217;essayer et de faire des erreurs. Et cette petite fille, Mary Kate, si tu m&#8217;entends, n&#8217;a jamais vraiment eu peur de s&#8217;exprimer. Toujours la main lev\u00e9e et toujours accepte les redirections afin de pouvoir s&#8217;am\u00e9liorer quotidiennement.<\/p>\n\n\n\n<p><b><a id=\"sonaar_ts-6927c68927870\" class=\"srmp3_sonaar_ts_shortcode\"  style=\"\" href=\"javascript:sonaar_ts_shortcode({ trackid:'0', time:'00:26:23', ts_id:'6927c68927870', play_icon:'' }) ;\">[00:26:23]<\/a> &#8211; Hugo<\/b><\/p>\n\n\n\n<p>\u00c7a, c&#8217;est une bonne le\u00e7on aussi qu&#8217;on r\u00e9p\u00e8te souvent \u00e0 nos \u00e9l\u00e8ves, mais se comparer aux autres et \u00e7a vaut pour l&#8217;apprentissage des langues, mais de mani\u00e8re g\u00e9n\u00e9rale, dans tous les domaines de la vie, \u00e7a n&#8217;apporte pas grand-chose. Chacun avance \u00e0 son rythme. Et l\u00e0, c&#8217;est un bon exemple parce que tu as des \u00e9l\u00e8ves qui arrivent plus ou moins avec le m\u00eame niveau et qui ont les m\u00eames cours. Mais tr\u00e8s rapidement, il y a des \u00e9carts qui apparaissent et qui sont li\u00e9s \u00e0 des capacit\u00e9s personnelles, \u00e0 des personnalit\u00e9s diff\u00e9rentes. Donc chacun avance \u00e0 son rythme. Et l&#8217;important, c&#8217;est de ne pas se d\u00e9courager et d&#8217;essayer de pas trop se comparer. Sauf \u00e9ventuellement se comparer \u00e0 soi-m\u00eame et au progr\u00e8s qu&#8217;on fait d&#8217;une ann\u00e9e sur l&#8217;autre. Mais se comparer aux autres, c&#8217;est pas le plus productif.<\/p>\n\n\n\n<p><b><a id=\"sonaar_ts-6927c68927875\" class=\"srmp3_sonaar_ts_shortcode\"  style=\"\" href=\"javascript:sonaar_ts_shortcode({ trackid:'0', time:'00:27:14', ts_id:'6927c68927875', play_icon:'' }) ;\">[00:27:14]<\/a> &#8211; Alexandra<\/b><\/p>\n\n\n\n<p>C&#8217;est \u00e7a. Et je pense que vraiment, ne pas avoir peur de faire des erreurs, c&#8217;est un \u00e9l\u00e9ment cl\u00e9. Souvent, les parents me demandent, lorsque je faisais cette r\u00e9union de formation en CP, quels sont les crit\u00e8res de succ\u00e8s ? Comment est-ce que je peux \u00eatre s\u00fbr que mon enfant va bien s&#8217;adapter au programme ? Je leur expliquais toujours, ce n&#8217;est pas forc\u00e9ment les \u00e9l\u00e8ves les plus proprement dits scolaires qui r\u00e9ussissent le mieux, le plus rapidement possible. Ce sont vraiment les enfants qui ont cette capacit\u00e9 \u00e0 \u00eatre r\u00e9silient \u00e0 comprendre et \u00e0 accepter le fait qu&#8217;ils ne peuvent pas tout contr\u00f4ler, qu&#8217;ils ne peuvent pas tout comprendre d\u00e8s le d\u00e9part et qui se laissent guider et qui n&#8217;ont pas peur d&#8217;essayer. Et \u00e0 force \u00e0 force d&#8217;essayer, c&#8217;est l\u00e0 qu&#8217;ils progressent le plus.<\/p>\n\n\n\n<p><b><a id=\"sonaar_ts-6927c68927879\" class=\"srmp3_sonaar_ts_shortcode\"  style=\"\" href=\"javascript:sonaar_ts_shortcode({ trackid:'0', time:'00:28:01', ts_id:'6927c68927879', play_icon:'' }) ;\">[00:28:01]<\/a> &#8211; Hugo<\/b><\/p>\n\n\n\n<p>Oui, et j&#8217;imagine qu&#8217;il y a des \u00e9l\u00e8ves qui sont plus passionn\u00e9s par la langue et qui, en rentrant chez eux, comme tu l&#8217;as dit, vont regarder des vid\u00e9os, vont continuer cette immersion \u00e0 la maison, alors que pour d&#8217;autres, c&#8217;est peut-\u00eatre un peu moins&#8230; Comme tu disais, ils sont moins excit\u00e9s par la langue et ils vont moins la travailler \u00e0 l&#8217;ext\u00e9rieur et forc\u00e9ment, ils vont progresser un peu moins vite.<\/p>\n\n\n\n<p><b><a id=\"sonaar_ts-6927c6892787d\" class=\"srmp3_sonaar_ts_shortcode\"  style=\"\" href=\"javascript:sonaar_ts_shortcode({ trackid:'0', time:'00:28:27', ts_id:'6927c6892787d', play_icon:'' }) ;\">[00:28:27]<\/a> &#8211; Alexandra<\/b><\/p>\n\n\n\n<p>C&#8217;est \u00e7a. Mais en g\u00e9n\u00e9ral, les \u00e9l\u00e8ves que je revois maintenant qui sont en coll\u00e8ge. M\u00eame ceux qui avaient eu un petit peu plus de mal parlent tr\u00e8s bien et sont en g\u00e9n\u00e9ral tr\u00e8s contents d&#8217;avoir eu cette exp\u00e9rience.<\/p>\n\n\n\n<p><b><a id=\"sonaar_ts-6927c68927882\" class=\"srmp3_sonaar_ts_shortcode\"  style=\"\" href=\"javascript:sonaar_ts_shortcode({ trackid:'0', time:'00:28:41', ts_id:'6927c68927882', play_icon:'' }) ;\">[00:28:41]<\/a> &#8211; Hugo<\/b><\/p>\n\n\n\n<p>Et donc, pour en revenir \u00e0 cette question de l&#8217;accent, de la prononciation, tu dirais qu&#8217;ils arrivent \u00e0 avoir un accent proche de celui des natifs ou est-ce qu&#8217;ils gardent quand m\u00eame un accent am\u00e9ricain ?<\/p>\n\n\n\n<p><b><a id=\"sonaar_ts-6927c68927886\" class=\"srmp3_sonaar_ts_shortcode\"  style=\"\" href=\"javascript:sonaar_ts_shortcode({ trackid:'0', time:'00:28:54', ts_id:'6927c68927886', play_icon:'' }) ;\">[00:28:54]<\/a> &#8211; Alexandra<\/b><\/p>\n\n\n\n<p>Il y a quand m\u00eame un petit accent am\u00e9ricain, surtout d&#8217;un point de vue d&#8217;un natif. Mais par exemple, lorsqu&#8217;ils sont dans une situation de lecture \u00e0 voix haute, ils prononcent relativement bien, surtout les R, toutes ces lettres un peu propres \u00e0 la langue fran\u00e7aise. Et d&#8217;ailleurs, ma coll\u00e8gue am\u00e9ricaine, on en rigole souvent parce qu&#8217;elle me dit que quand elle est en situation de lecture avec ses m\u00eames \u00e9l\u00e8ves, il continue \u00e0 prononcer le R \u00e0 la fran\u00e7aise, m\u00eame dans le cours d&#8217;anglais.<\/p>\n\n\n\n<p><b><a id=\"sonaar_ts-6927c6892788b\" class=\"srmp3_sonaar_ts_shortcode\"  style=\"\" href=\"javascript:sonaar_ts_shortcode({ trackid:'0', time:'00:29:37', ts_id:'6927c6892788b', play_icon:'' }) ;\">[00:29:37]<\/a> &#8211; Hugo<\/b><\/p>\n\n\n\n<p>C&#8217;est dr\u00f4le. Finalement, ils prennent un accent fran\u00e7ais en anglais quand ils le lisent, c&#8217;est \u00e7a ?<\/p>\n\n\n\n<p><b><a id=\"sonaar_ts-6927c6892788f\" class=\"srmp3_sonaar_ts_shortcode\"  style=\"\" href=\"javascript:sonaar_ts_shortcode({ trackid:'0', time:'00:29:44', ts_id:'6927c6892788f', play_icon:'' }) ;\">[00:29:44]<\/a> &#8211; Alexandra<\/b><\/p>\n\n\n\n<p>C&#8217;est \u00e7a. Ils prennent un peu l&#8217;accent marseillais, parfois.<\/p>\n\n\n\n<p><b><a id=\"sonaar_ts-6927c68927894\" class=\"srmp3_sonaar_ts_shortcode\"  style=\"\" href=\"javascript:sonaar_ts_shortcode({ trackid:'0', time:'00:29:48', ts_id:'6927c68927894', play_icon:'' }) ;\">[00:29:48]<\/a> &#8211; Hugo<\/b><\/p>\n\n\n\n<p>Un sacr\u00e9 mix.<\/p>\n\n\n\n<p><b><a id=\"sonaar_ts-6927c68927898\" class=\"srmp3_sonaar_ts_shortcode\"  style=\"\" href=\"javascript:sonaar_ts_shortcode({ trackid:'0', time:'00:29:50', ts_id:'6927c68927898', play_icon:'' }) ;\">[00:29:50]<\/a> &#8211; Alexandra<\/b><\/p>\n\n\n\n<p>Lorsqu&#8217;ils comptent, lorsqu&#8217;ils disent 5. Une fois, il y a un papa qui est venu me voir \u00e0 la fin de la journ\u00e9e et qui qui avait fait sa mission, justement, dans le sud de la France. Il me demande : Est-ce que tu es marseillaise ? Je lui dis : Oui, mais comment tu sais ? Il me dit : Mon fils comptait hier \u00e0 la maison, il comptait &#8220;un, deux, trois, quatre, cinq [avec l&#8217;accent marseillais]&#8221;. C&#8217;est \u00e0 ce moment-l\u00e0, j&#8217;ai compris que la ma\u00eetresse \u00e9tait Marseillaise.<\/p>\n\n\n\n<p><b><a id=\"sonaar_ts-6927c6892789d\" class=\"srmp3_sonaar_ts_shortcode\"  style=\"\" href=\"javascript:sonaar_ts_shortcode({ trackid:'0', time:'00:30:22', ts_id:'6927c6892789d', play_icon:'' }) ;\">[00:30:22]<\/a> &#8211; Hugo<\/b><\/p>\n\n\n\n<p>Bon mais pour dire aux auditeurs, tu n&#8217;as pas non plus un accent qui est tr\u00e8s fort, tr\u00e8s prononc\u00e9. Il est quand m\u00eame assez soft ton accent Marseillais.<\/p>\n\n\n\n<p><b><a id=\"sonaar_ts-6927c689278a2\" class=\"srmp3_sonaar_ts_shortcode\"  style=\"\" href=\"javascript:sonaar_ts_shortcode({ trackid:'0', time:'00:30:30', ts_id:'6927c689278a2', play_icon:'' }) ;\">[00:30:30]<\/a> &#8211; Alexandra<\/b><\/p>\n\n\n\n<p>Oui, mon accent marseillais, j&#8217;y fais vraiment tr\u00e8s attention. Lorsque j&#8217;ai emm\u00e9nag\u00e9 ici, on va dire que je l&#8217;ai mis dans une petite bo\u00eete et je l&#8217;ai enferm\u00e9 avec mon \u00e9charpe de l&#8217;OM. Et je le ressors occasionnellement lorsque je conduis ou lorsqu&#8217;il y a un match. Mais comme il me semble que tu l&#8217;as \u00e9voqu\u00e9 dans un de tes podcasts, parfois l&#8217;accent marseillais peut sembler un peu pas forc\u00e9ment professionnel. Donc lorsqu&#8217;on lorsqu&#8217;on est en formation avec les autres enseignants qui viennent de partout en France, j&#8217;essaie vraiment de faire attention.<\/p>\n\n\n\n<p><b><a id=\"sonaar_ts-6927c689278a6\" class=\"srmp3_sonaar_ts_shortcode\"  style=\"\" href=\"javascript:sonaar_ts_shortcode({ trackid:'0', time:'00:31:11', ts_id:'6927c689278a6', play_icon:'' }) ;\">[00:31:11]<\/a> &#8211; Hugo<\/b><\/p>\n\n\n\n<p>Oui, c&#8217;est vrai. Je crois que c&#8217;\u00e9tait dans une vid\u00e9o que j&#8217;avais faite sur la glottophobie et le fait qu&#8217;en France, il y a ce fran\u00e7ais un peu mythique qu&#8217;on appelle le fran\u00e7ais standard, l&#8217;accent neutre, entre guillemets, qui existe, qui est en r\u00e9alit\u00e9 plut\u00f4t l&#8217;accent parisien. Et quand on a un accent r\u00e9gional, que ce soit l&#8217;accent marseillais, l&#8217;accent toulousain, etc, effectivement, ce n&#8217;est pas consid\u00e9r\u00e9 comme professionnel. Et \u00e0 part dans certains domaines, comme par exemple les animateurs sportifs. L\u00e0, c&#8217;est tol\u00e9r\u00e9 qu&#8217;ils aient l&#8217;accent du Sud parce que c&#8217;est associ\u00e9 au sport collectif, etc. Mais \u00e7a fait partie un peu de cette tyrannie du fran\u00e7ais standard.<\/p>\n\n\n\n<p><b><a id=\"sonaar_ts-6927c689278ab\" class=\"srmp3_sonaar_ts_shortcode\"  style=\"\" href=\"javascript:sonaar_ts_shortcode({ trackid:'0', time:'00:32:03', ts_id:'6927c689278ab', play_icon:'' }) ;\">[00:32:03]<\/a> &#8211; Hugo<\/b><\/p>\n\n\n\n<p>Est-ce que vous faites des cours de grammaire dans ce programme en immersion ?<\/p>\n\n\n\n<p><b><a id=\"sonaar_ts-6927c689278af\" class=\"srmp3_sonaar_ts_shortcode\"  style=\"\" href=\"javascript:sonaar_ts_shortcode({ trackid:'0', time:'00:32:08', ts_id:'6927c689278af', play_icon:'' }) ;\">[00:32:08]<\/a> &#8211; Alexandra<\/b><\/p>\n\n\n\n<p>Alors oui, on fait de la grammaire, mais il n&#8217;y a pas vraiment de cours de grammaire proprement dit telle qu&#8217;on l&#8217;a connu, nous, \u00e0 l&#8217;\u00e9cole. En fait, on \u00e9tudie la grammaire en observant les r\u00e9gularit\u00e9s de la langue, gr\u00e2ce \u00e0 ce qu&#8217;on appelle une approche int\u00e9gr\u00e9e. Par exemple, je vais expliquer ce qui est une approche int\u00e9gr\u00e9e au travers du premier ouvrage qu&#8217;on \u00e9tudie dans ma classe de CM1 qui s&#8217;appelle <i>Le Loup sentimental<\/i>. C&#8217;est un petit album \u00e9crit par Geoffroy de Penard. Une fois qu&#8217;on a travaill\u00e9 sur la compr\u00e9hension globale, le vocabulaire, on aborde la grammaire qui est pr\u00e9sente dans le texte. On a la chance d&#8217;avoir de super coordinateurs ici. Ils sont comme des conseillers p\u00e9dagogiques qui ont cr\u00e9\u00e9 des supports adapt\u00e9s \u00e0 cette d\u00e9marche. Par exemple, dans le cas du <i>Loup sentimental<\/i>, certains passages ont \u00e9t\u00e9 r\u00e9\u00e9crits en insistant sur, par exemple, les adjectifs. Et ensuite, on va demander aux \u00e9l\u00e8ves : Qu&#8217;est-ce que tu remarques de sp\u00e9cial dans ce passage ? \u00c0 quoi servent ces mots ? Est-ce qu&#8217;on peut les remplacer ? Est-ce qu&#8217;on peut les supprimer ? Est-ce qu&#8217;on peut les d\u00e9placer ?<\/p>\n\n\n\n<p><b><a id=\"sonaar_ts-6927c689278b4\" class=\"srmp3_sonaar_ts_shortcode\"  style=\"\" href=\"javascript:sonaar_ts_shortcode({ trackid:'0', time:'00:33:21', ts_id:'6927c689278b4', play_icon:'' }) ;\">[00:33:21]<\/a> &#8211; Alexandra<\/b><\/p>\n\n\n\n<p>Ensuite, on va avoir le m\u00eame passage, mais par exemple, au pluriel et on r\u00e9p\u00e8te la d\u00e9marche. Qu&#8217;est-ce que vous remarquez ? Qu&#8217;est-ce qu&#8217;il y a \u00e0 la fin de ce mot ? Il s&#8217;accorde. Il y a un S \u00e9galement lorsque la phrase est au pluriel et ensuite, \u00e7a va \u00eatre aux \u00e9l\u00e8ves \u00e0 leur tour de cr\u00e9er leur propre phrase avec des adjectifs, de les accorder, etc. On aborde la grammaire, l&#8217;orthographe, la conjugaison de cette mani\u00e8re-l\u00e0.<\/p>\n\n\n\n<p><b><a id=\"sonaar_ts-6927c689278b8\" class=\"srmp3_sonaar_ts_shortcode\"  style=\"\" href=\"javascript:sonaar_ts_shortcode({ trackid:'0', time:'00:33:47', ts_id:'6927c689278b8', play_icon:'' }) ;\">[00:33:47]<\/a> &#8211; Hugo<\/b><\/p>\n\n\n\n<p>D&#8217;accord. Donc, \u00e0 partir d&#8217;exemples concrets, ensuite, eux, ils doivent essayer de deviner les r\u00e8gles et de comprendre instinctivement, entre guillemets, la grammaire fran\u00e7aise.<\/p>\n\n\n\n<p><b><a id=\"sonaar_ts-6927c689278bd\" class=\"srmp3_sonaar_ts_shortcode\"  style=\"\" href=\"javascript:sonaar_ts_shortcode({ trackid:'0', time:'00:33:57', ts_id:'6927c689278bd', play_icon:'' }) ;\">[00:33:57]<\/a> &#8211; Alexandra<\/b><\/p>\n\n\n\n<p>C&#8217;est exactement \u00e7a. Tout \u00e7a, \u00e7a nous permet de voir le niveau de ma\u00eetrise des \u00e9l\u00e8ves et \u00e9galement de leur donner plusieurs opportunit\u00e9s de r\u00e9ussir la t\u00e2che propos\u00e9e. Et \u00e7a permet \u00e9galement \u00e0 l&#8217;enseignant d&#8217;avoir une id\u00e9e de quels \u00e9l\u00e8ves auront besoin d&#8217;un \u00e9tayage suppl\u00e9mentaire.<\/p>\n\n\n\n<p><b><a id=\"sonaar_ts-6927c689278c9\" class=\"srmp3_sonaar_ts_shortcode\"  style=\"\" href=\"javascript:sonaar_ts_shortcode({ trackid:'0', time:'00:34:23', ts_id:'6927c689278c9', play_icon:'' }) ;\">[00:34:23]<\/a> &#8211; Hugo<\/b><\/p>\n\n\n\n<p>Et donc, \u00e0 la fin de ce programme en immersion \u00e0 l&#8217;\u00e9cole primaire, est-ce que tous les \u00e9l\u00e8ves d\u00e9cident de continuer cette immersion au coll\u00e8ge ou pas n\u00e9cessairement ?<\/p>\n\n\n\n<p><b><a id=\"sonaar_ts-6927c689278d2\" class=\"srmp3_sonaar_ts_shortcode\"  style=\"\" href=\"javascript:sonaar_ts_shortcode({ trackid:'0', time:'00:34:34', ts_id:'6927c689278d2', play_icon:'' }) ;\">[00:34:34]<\/a> &#8211; Alexandra<\/b><\/p>\n\n\n\n<p>La plupart, oui, ils continuent, parce que si on continue ce programme jusqu&#8217;au lyc\u00e9e. \u00c7a permet d&#8217;avoir ce qu&#8217;on appelle des College Credits, qui sont assez pr\u00e9cieux et qui co\u00fbtent cher de mani\u00e8re g\u00e9n\u00e9rale. Mais lorsqu&#8217;on passe par le programme d&#8217;immersion, c&#8217;est vraiment un prix assez d\u00e9risoire. Donc les \u00e9l\u00e8ves ont vraiment tout int\u00e9r\u00eat. \u00c7a leur permet d&#8217;avoir \u00e9galement une sorte de petit&#8230; Pas un dipl\u00f4me universitaire en fran\u00e7ais, mais ils se l&#8217;appellent Minor.<\/p>\n\n\n\n<p><b><a id=\"sonaar_ts-6927c689278d9\" class=\"srmp3_sonaar_ts_shortcode\"  style=\"\" href=\"javascript:sonaar_ts_shortcode({ trackid:'0', time:'00:35:12', ts_id:'6927c689278d9', play_icon:'' }) ;\">[00:35:12]<\/a> &#8211; Hugo<\/b><\/p>\n\n\n\n<p>Un quoi, pardon ?<\/p>\n\n\n\n<p><b><a id=\"sonaar_ts-6927c689278e0\" class=\"srmp3_sonaar_ts_shortcode\"  style=\"\" href=\"javascript:sonaar_ts_shortcode({ trackid:'0', time:'00:35:13', ts_id:'6927c689278e0', play_icon:'' }) ;\">[00:35:13]<\/a> &#8211; Alexandra<\/b><\/p>\n\n\n\n<p>Minor. Je ne connais pas vraiment l&#8217;\u00e9quivalent de \u00e7a.<\/p>\n\n\n\n<p><b><a id=\"sonaar_ts-6927c689278e5\" class=\"srmp3_sonaar_ts_shortcode\"  style=\"\" href=\"javascript:sonaar_ts_shortcode({ trackid:'0', time:'00:35:18', ts_id:'6927c689278e5', play_icon:'' }) ;\">[00:35:18]<\/a> &#8211; Hugo<\/b><\/p>\n\n\n\n<p>On n&#8217;a pas ce syst\u00e8me en France de Major, Minor.<\/p>\n\n\n\n<p><b><a id=\"sonaar_ts-6927c689278ea\" class=\"srmp3_sonaar_ts_shortcode\"  style=\"\" href=\"javascript:sonaar_ts_shortcode({ trackid:'0', time:'00:35:23', ts_id:'6927c689278ea', play_icon:'' }) ;\">[00:35:23]<\/a> &#8211; Alexandra<\/b><\/p>\n\n\n\n<p>En g\u00e9n\u00e9ral, oui, les \u00e9l\u00e8ves continuent, \u00e0 moins que l&#8217;immersion \u00e9tait vraiment compliqu\u00e9e en \u00e9l\u00e9mentaire, mais \u00e7a, c&#8217;est rare qu&#8217;ils abandonnent. En g\u00e9n\u00e9ral, ils continuent.<\/p>\n\n\n\n<p><b><a id=\"sonaar_ts-6927c689278ee\" class=\"srmp3_sonaar_ts_shortcode\"  style=\"\" href=\"javascript:sonaar_ts_shortcode({ trackid:'0', time:'00:35:37', ts_id:'6927c689278ee', play_icon:'' }) ;\">[00:35:37]<\/a> &#8211; Hugo<\/b><\/p>\n\n\n\n<p>Est-ce que tu les entends parfois discuter en fran\u00e7ais en dehors des cours, dans la cour de r\u00e9cr\u00e9ation, par exemple ? Ou est-ce que globalement, Ils utilisent seulement la langue en classe ?<\/p>\n\n\n\n<p><b><a id=\"sonaar_ts-6927c689278f3\" class=\"srmp3_sonaar_ts_shortcode\"  style=\"\" href=\"javascript:sonaar_ts_shortcode({ trackid:'0', time:'00:35:48', ts_id:'6927c689278f3', play_icon:'' }) ;\">[00:35:48]<\/a> &#8211; Alexandra<\/b><\/p>\n\n\n\n<p>Globalement, ils l&#8217;utilisent plus en classe. Par contre, lorsque, par exemple, on est de service pendant la r\u00e9cr\u00e9ation, s&#8217;il y a un probl\u00e8me, les \u00e9l\u00e8ves doivent le dire en fran\u00e7ais. Ils utilisent quand m\u00eame le fran\u00e7ais \u00e0 l&#8217;ext\u00e9rieur de la classe. \u00c9galement, quand on a des enfants francophones qui arrivent, qui ne ma\u00eetrisent pas l&#8217;anglais, l\u00e0, nos \u00e9l\u00e8ves en immersion vont vraiment aider ces enfants nouvellement arriv\u00e9s, ils vont jouer exclusivement en fran\u00e7ais.<\/p>\n\n\n\n<p><b><a id=\"sonaar_ts-6927c689278f7\" class=\"srmp3_sonaar_ts_shortcode\"  style=\"\" href=\"javascript:sonaar_ts_shortcode({ trackid:'0', time:'00:36:19', ts_id:'6927c689278f7', play_icon:'' }) ;\">[00:36:19]<\/a> &#8211; Hugo<\/b><\/p>\n\n\n\n<p>Super. Je pense que c&#8217;est un programme qui doit faire r\u00eaver pas mal d&#8217;auditeurs qui se disent s\u00fbrement : Si j&#8217;avais eu \u00e7a quand j&#8217;\u00e9tais \u00e0 l&#8217;\u00e9cole primaire, aujourd&#8217;hui, ce serait beaucoup plus facile pour moi de continuer mon apprentissage en fran\u00e7ais. Il faut esp\u00e9rer que ce soit quelque chose qui se d\u00e9mocratise, pas seulement pour le fran\u00e7ais, mais pour toutes les langues, parce que comme tu l&#8217;as \u00e9voqu\u00e9, \u00e7a permet aux \u00e9l\u00e8ves de se d\u00e9velopper sur plein d&#8217;aspects diff\u00e9rents, pas uniquement la langue. Donc c&#8217;est vraiment quelque chose de b\u00e9n\u00e9fique, d&#8217;apr\u00e8s les diff\u00e9rentes \u00e9tudes qu&#8217;on a sur le sujet. Pour terminer, est-ce que tu aurais un ou deux conseils \u00e0 donner \u00e0 nos auditeurs qui sont plut\u00f4t des adultes qui apprennent le fran\u00e7ais ? Toi, qu&#8217;est-ce que tu leur conseillerais pour continuer leur apprentissage ?<\/p>\n\n\n\n<p><b><a id=\"sonaar_ts-6927c689278fc\" class=\"srmp3_sonaar_ts_shortcode\"  style=\"\" href=\"javascript:sonaar_ts_shortcode({ trackid:'0', time:'00:37:10', ts_id:'6927c689278fc', play_icon:'' }) ;\">[00:37:10]<\/a> &#8211; Alexandra<\/b><\/p>\n\n\n\n<p>Je pense que vraiment, pour moi, la cl\u00e9, c&#8217;est de pratiquer, c&#8217;est de le parler. Je vois l&#8217;exemple de mon mari qui, des fois, est un peu timide. Il a un peu honte de faire des erreurs, mais je pense que c&#8217;est en faisant des erreurs qu&#8217;on apprend le plus. Donc, vraiment, n&#8217;h\u00e9sitez pas \u00e0 pratiquer la langue, \u00e0 l&#8217;\u00e9couter. L&#8217;\u00e9coute, c&#8217;est en g\u00e9n\u00e9ral ce qui arrive en premier, ce qui est le plus&#8230; Pas simple, mais c&#8217;est ce qui se d\u00e9bloque en premier. Le parler arrive par la suite. Vraiment, parlez autant que possible. Ce n&#8217;est pas grave si vous faites des erreurs. Je sais que les Fran\u00e7ais, on a la r\u00e9putation de ne pas appr\u00e9cier apparemment lorsque des personnes \u00e9trang\u00e8res essayent de parler dans notre langue. C&#8217;est un clich\u00e9 qui serait bon d&#8217;adresser. Non, ce n&#8217;est pas le cas. Si vous \u00eates des auditeurs \u00e9trangers, parlez-nous en fran\u00e7ais, on est patient et on est toujours heureux de pouvoir aider \u00e0 soutenir votre apprentissage.<\/p>\n\n\n\n<p><b><a id=\"sonaar_ts-6927c68927900\" class=\"srmp3_sonaar_ts_shortcode\"  style=\"\" href=\"javascript:sonaar_ts_shortcode({ trackid:'0', time:'00:38:18', ts_id:'6927c68927900', play_icon:'' }) ;\">[00:38:18]<\/a> &#8211; Hugo<\/b><\/p>\n\n\n\n<p>C&#8217;est vrai. Je pense que j&#8217;ai pas mal contribu\u00e9 \u00e0 propager ce clich\u00e9 parce que c&#8217;est quelque chose dont j&#8217;ai \u00e9t\u00e9 t\u00e9moin plusieurs fois et qui m&#8217;\u00e9nerve tr\u00e8s rapidement. Mais l\u00e0, depuis que je vis \u00e0 et que je vois ma copine qui essaye de pratiquer le fran\u00e7ais, je dois dire que je suis agr\u00e9ablement surpris. C&#8217;est peut-\u00eatre une sp\u00e9cificit\u00e9 du sud, mais je trouve que les gens sont tr\u00e8s patients. Personne ne l&#8217;a corrig\u00e9 pour le moment dans les interactions qu&#8217;elle a eues. Je ne sais pas si c&#8217;est sp\u00e9cifique au sud ou si, en g\u00e9n\u00e9ral, les Fran\u00e7ais \u00e9voluent sur cette question-l\u00e0 depuis qu&#8217;eux aussi, ils essayent d&#8217;apprendre des langues \u00e9trang\u00e8res et qu&#8217;ils se rendent compte \u00e0 quel point c&#8217;est difficile. Mais comme tu le dis, effectivement, n&#8217;ayez pas peur. Et si jamais vous tombez sur quelqu&#8217;un qui n&#8217;est pas sympa, qui vous corrige, ce n&#8217;est pas vous qui avez un probl\u00e8me, c&#8217;est vraiment cette personne. Donc, passez \u00e0 quelqu&#8217;un d&#8217;autre, ne le prenez pas personnellement et voil\u00e0.<\/p>\n\n\n\n<p><b><a id=\"sonaar_ts-6927c68927905\" class=\"srmp3_sonaar_ts_shortcode\"  style=\"\" href=\"javascript:sonaar_ts_shortcode({ trackid:'0', time:'00:39:15', ts_id:'6927c68927905', play_icon:'' }) ;\">[00:39:15]<\/a> &#8211; Alexandra<\/b><\/p>\n\n\n\n<p>Oui, ne pas se renfermer lorsqu&#8217;on tombe sur une personne qui est un peu malpolie et qui n&#8217;est pas patiente. Pas tout le monde est comme \u00e7a.<\/p>\n\n\n\n<p><b><a id=\"sonaar_ts-6927c68927909\" class=\"srmp3_sonaar_ts_shortcode\"  style=\"\" href=\"javascript:sonaar_ts_shortcode({ trackid:'0', time:'00:39:27', ts_id:'6927c68927909', play_icon:'' }) ;\">[00:39:27]<\/a> &#8211; Hugo<\/b><\/p>\n\n\n\n<p>D&#8217;accord, tr\u00e8s bien. Merci beaucoup, Alexandra. Je te souhaite une bonne continuation avec ce programme et ta vie \u00e0 Salt Lake City. On se croisera peut-\u00eatre un jour \u00e0 Marseille, qui sait ? Merci beaucoup.<\/p>\n\n\n\n<p><b><a id=\"sonaar_ts-6927c6892790f\" class=\"srmp3_sonaar_ts_shortcode\"  style=\"\" href=\"javascript:sonaar_ts_shortcode({ trackid:'0', time:'00:39:41', ts_id:'6927c6892790f', play_icon:'' }) ;\">[00:39:41]<\/a> &#8211; Alexandra<\/b><\/p>\n\n\n\n<p>Merci \u00e0 toi, Hugo.<\/p>\n","protected":false},"excerpt":{"rendered":"<p>&#8211; Hugo Apprendre le fran\u00e7ais en immersion dans l&#8217;Utah. &#8211; Alexandra Salut \u00e0 toutes et \u00e0 tous, j&#8217;esp\u00e8re que vous allez bien. Peut-\u00eatre que certains d&#8217;entre vous sont en vacances. Si c&#8217;est le cas, profitez-en bien. Chez InnerFrench, on ne fait pas de pause cet \u00e9t\u00e9. Comme l&#8217;ann\u00e9e derni\u00e8re, on continuera de publier un nouvel&#8230;<\/p>\n","protected":false},"author":1,"featured_media":289723,"comment_status":"open","ping_status":"open","sticky":false,"template":"","format":[192],"meta":{"_acf_changed":false,"_kad_blocks_custom_css":"","_kad_blocks_head_custom_js":"","_kad_blocks_body_custom_js":"","_kad_blocks_footer_custom_js":"","_kad_post_transparent":"","_kad_post_title":"","_kad_post_layout":"","_kad_post_sidebar_id":"","_kad_post_content_style":"","_kad_post_vertical_padding":"","_kad_post_feature":"","_kad_post_feature_position":"","_kad_post_header":false,"_kad_post_footer":false,"_kad_post_classname":"","footnotes":""},"categories":[168],"tags":[169],"class_list":["post-208620","post","type-post","status-publish","format-standard","has-post-thumbnail","hentry","category-podcast","tag-apprentissage","format-itw-hugo"],"acf":[],"taxonomy_info":{"category":[{"value":168,"label":"Podcast"}],"post_tag":[{"value":169,"label":"Apprentissage"}],"format":[{"value":192,"label":"Interview Hugo"}]},"featured_image_src_large":["https:\/\/innerfrench.com\/wp-content\/uploads\/2025\/07\/E174-Apprendre-en-immersion-Utah-750x406.jpg",750,406,true],"author_info":{"display_name":"Hugo","author_link":"https:\/\/innerfrench.com\/author\/innerfrench-2-2-2-2-2-2-2-2-2-2-2-2-2-2-2-2-2-2-2\/"},"comment_info":12,"category_info":[{"term_id":168,"name":"Podcast","slug":"podcast","term_group":0,"term_taxonomy_id":168,"taxonomy":"category","description":"","parent":0,"count":185,"filter":"raw","cat_ID":168,"category_count":185,"category_description":"","cat_name":"Podcast","category_nicename":"podcast","category_parent":0}],"tag_info":[{"term_id":169,"name":"Apprentissage","slug":"apprentissage","term_group":0,"term_taxonomy_id":169,"taxonomy":"post_tag","description":"","parent":0,"count":31,"filter":"raw"}],"_links":{"self":[{"href":"https:\/\/innerfrench.com\/wp-json\/wp\/v2\/posts\/208620","targetHints":{"allow":["GET"]}}],"collection":[{"href":"https:\/\/innerfrench.com\/wp-json\/wp\/v2\/posts"}],"about":[{"href":"https:\/\/innerfrench.com\/wp-json\/wp\/v2\/types\/post"}],"author":[{"embeddable":true,"href":"https:\/\/innerfrench.com\/wp-json\/wp\/v2\/users\/1"}],"replies":[{"embeddable":true,"href":"https:\/\/innerfrench.com\/wp-json\/wp\/v2\/comments?post=208620"}],"version-history":[{"count":3,"href":"https:\/\/innerfrench.com\/wp-json\/wp\/v2\/posts\/208620\/revisions"}],"predecessor-version":[{"id":292784,"href":"https:\/\/innerfrench.com\/wp-json\/wp\/v2\/posts\/208620\/revisions\/292784"}],"wp:featuredmedia":[{"embeddable":true,"href":"https:\/\/innerfrench.com\/wp-json\/wp\/v2\/media\/289723"}],"wp:attachment":[{"href":"https:\/\/innerfrench.com\/wp-json\/wp\/v2\/media?parent=208620"}],"wp:term":[{"taxonomy":"category","embeddable":true,"href":"https:\/\/innerfrench.com\/wp-json\/wp\/v2\/categories?post=208620"},{"taxonomy":"post_tag","embeddable":true,"href":"https:\/\/innerfrench.com\/wp-json\/wp\/v2\/tags?post=208620"},{"taxonomy":"format","embeddable":true,"href":"https:\/\/innerfrench.com\/wp-json\/wp\/v2\/format?post=208620"}],"curies":[{"name":"wp","href":"https:\/\/api.w.org\/{rel}","templated":true}]}}