{"id":22757,"date":"2022-11-14T10:54:58","date_gmt":"2022-11-14T09:54:58","guid":{"rendered":"https:\/\/innerfrench.com\/?p=22757"},"modified":"2025-09-28T11:16:51","modified_gmt":"2025-09-28T09:16:51","slug":"119-le-teletravail-va-t-il-changer-la-societe","status":"publish","type":"post","link":"https:\/\/innerfrench.com\/119-le-teletravail-va-t-il-changer-la-societe\/","title":{"rendered":"#119 Le t\u00e9l\u00e9travail va-t-il changer la soci\u00e9t\u00e9 ?"},"content":{"rendered":"\n<p>Salut \u00e0 toutes et \u00e0 tous, je suis ravi de vous retrouver pour un nouvel \u00e9pisode en compagnie d&#8217;Ingrid.<\/p>\n\n\n\n<p>Ingrid : <a id=\"sonaar_ts-6927d3eed2f33\" class=\"srmp3_sonaar_ts_shortcode\"  style=\"\" href=\"javascript:sonaar_ts_shortcode({ trackid:'0', time:'00:00:21', ts_id:'6927d3eed2f33', play_icon:'' }) ;\">[00:00:21]<\/a> Bonjour tout le monde.<\/p>\n\n\n\n<p>Hugo : <a id=\"sonaar_ts-6927d3eed2f41\" class=\"srmp3_sonaar_ts_shortcode\"  style=\"\" href=\"javascript:sonaar_ts_shortcode({ trackid:'0', time:'00:00:22', ts_id:'6927d3eed2f41', play_icon:'' }) ;\">[00:00:22]<\/a> Alors, Ingrid, aujourd&#8217;hui on va parler de travail et plus pr\u00e9cis\u00e9ment de t\u00e9l\u00e9travail. Et c&#8217;est quelque chose qui nous concerne de pr\u00e8s chez InnerFrench parce que toute l&#8217;\u00e9quipe est en t\u00e9l\u00e9travail. Alors, on va parler des avantages, des inconv\u00e9nients, en essayant de prendre les diff\u00e9rents points de vue, \u00e0 la fois celui de l&#8217;entreprise, des salari\u00e9s et plus g\u00e9n\u00e9ralement de la soci\u00e9t\u00e9. Parce que c&#8217;est vrai que le t\u00e9l\u00e9travail constitue un bouleversement, un changement radical, qui a d\u00e9j\u00e0 eu quelques effets sur ces diff\u00e9rents acteurs et qui, a priori, n&#8217;a pas fini de changer la soci\u00e9t\u00e9.<\/p>\n\n\n\n<p>Ingrid : <a id=\"sonaar_ts-6927d3eed2f48\" class=\"srmp3_sonaar_ts_shortcode\"  style=\"\" href=\"javascript:sonaar_ts_shortcode({ trackid:'0', time:'00:01:10', ts_id:'6927d3eed2f48', play_icon:'' }) ;\">[00:01:10]<\/a> Eh oui, nous, c&#8217;est un sujet qu&#8217;on conna\u00eet bien parce que chez InnerFrench, on est en 100 % t\u00e9l\u00e9travail. Donc qu&#8217;est-ce que \u00e7a veut dire, \u00e7a\u2009? Bah, tout simplement qu&#8217;on n&#8217;a pas de bureau et on travaille seulement \u00e0 distance. \u00ab\u2009T\u00e9l\u00e9-\u2009\u00bb, \u00e7a veut dire \u00ab\u2009\u00e0 distance\u2009\u00bb, et donc \u00ab\u2009t\u00e9l\u00e9travail\u2009\u00bb, c&#8217;est le travail qu&#8217;on peut faire de n&#8217;importe o\u00f9, sans avoir besoin d&#8217;aller dans l&#8217;entreprise tous les jours.<\/p>\n\n\n\n<p>Hugo : <a id=\"sonaar_ts-6927d3eed2f4d\" class=\"srmp3_sonaar_ts_shortcode\"  style=\"\" href=\"javascript:sonaar_ts_shortcode({ trackid:'0', time:'00:01:37', ts_id:'6927d3eed2f4d', play_icon:'' }) ;\">[00:01:37]<\/a> D&#8217;ailleurs, je ne sais pas ce que tu en penses, mais je trouve que ce mot \u00ab\u2009t\u00e9l\u00e9travail\u2009\u00bb, il est assez&#8230; Je ne sais pas, \u00e7a fait un peu d\u00e9mod\u00e9 compar\u00e9 \u00e0 l&#8217;anglais par exemple, parce que \u00ab\u2009t\u00e9l\u00e9-\u2009\u00bb, \u00e7a fait penser \u00e0 \u00ab\u2009t\u00e9l\u00e9vision\u2009\u00bb, mais bon, pas vraiment \u00e0 Internet et aux nouvelles technologies. Donc moi, j&#8217;ai toujours trouv\u00e9 que ce mot, \u00ab\u2009t\u00e9l\u00e9travail\u2009\u00bb, il \u00e9tait un peu <i>vintage<\/i>, peut-\u00eatre.<\/p>\n\n\n\n<p>Ingrid : <a id=\"sonaar_ts-6927d3eed2f52\" class=\"srmp3_sonaar_ts_shortcode\"  style=\"\" href=\"javascript:sonaar_ts_shortcode({ trackid:'0', time:'00:01:59', ts_id:'6927d3eed2f52', play_icon:'' }) ;\">[00:01:59]<\/a> Ouais, je suis d&#8217;accord. Et puis \u00e7a donne aussi une impression que ce n&#8217;est pas vraiment du travail, c&#8217;est du t\u00e9l\u00e9travail, comme si c&#8217;\u00e9tait une branche parall\u00e8le du travail. Alors que quand on utilise le mot travail avec un adjectif, comme c&#8217;est le cas en anglais, c&#8217;est du travail, mais on pr\u00e9cise en particulier quel type.<\/p>\n\n\n\n<p>Hugo : <a id=\"sonaar_ts-6927d3eed2f57\" class=\"srmp3_sonaar_ts_shortcode\"  style=\"\" href=\"javascript:sonaar_ts_shortcode({ trackid:'0', time:'00:02:19', ts_id:'6927d3eed2f57', play_icon:'' }) ;\">[00:02:19]<\/a> C&#8217;est vrai. Le travail \u00e0 distance, par exemple. Bon c&#8217;est un peu plus long, mais je trouve que, ouais, t&#8217;as raison, effectivement, on a moins cette id\u00e9e de t\u00e9l\u00e9travail qui n&#8217;est pas vraiment du travail. Un peu travail-vacances, on va en parler. Mais c&#8217;est le mot qui a \u00e9t\u00e9 adopt\u00e9 et qu&#8217;on utilise en France.<\/p>\n\n\n\n<p>Ingrid : <a id=\"sonaar_ts-6927d3eed2f5b\" class=\"srmp3_sonaar_ts_shortcode\"  style=\"\" href=\"javascript:sonaar_ts_shortcode({ trackid:'0', time:'00:02:39', ts_id:'6927d3eed2f5b', play_icon:'' }) ;\">[00:02:39]<\/a> Oui. C&#8217;est le mot vraiment tr\u00e8s, tr\u00e8s courant. Tout le monde le dit, donc vous pouvez apprendre ce mot et l&#8217;utiliser. C&#8217;est celui-l\u00e0 qu&#8217;il faut utiliser.<\/p>\n\n\n\n<p>Hugo : <a id=\"sonaar_ts-6927d3eed2f60\" class=\"srmp3_sonaar_ts_shortcode\"  style=\"\" href=\"javascript:sonaar_ts_shortcode({ trackid:'0', time:'00:02:47', ts_id:'6927d3eed2f60', play_icon:'' }) ;\">[00:02:47]<\/a> Alors, avant InnerFrench, toi, tu faisais d\u00e9j\u00e0 du t\u00e9l\u00e9travail, non\u2009?<\/p>\n\n\n\n<p>Ingrid : <a id=\"sonaar_ts-6927d3eed2f64\" class=\"srmp3_sonaar_ts_shortcode\"  style=\"\" href=\"javascript:sonaar_ts_shortcode({ trackid:'0', time:'00:02:52', ts_id:'6927d3eed2f64', play_icon:'' }) ;\">[00:02:52]<\/a> Oui, alors je travaillais en ind\u00e9pendante. Parfois avec des contrats r\u00e9guliers pour certaines entreprises, certains m\u00e9dias ou \u00e9coles de langues. Mais globalement, j&#8217;\u00e9tais quand m\u00eame assez ind\u00e9pendante. On peut dire aussi \u00ab\u2009<i>freelance<\/i>\u2009\u00bb. Donc de fait, je faisais du t\u00e9l\u00e9travail puisque je travaillais chez moi.<\/p>\n\n\n\n<p>Hugo : <a id=\"sonaar_ts-6927d3eed2f68\" class=\"srmp3_sonaar_ts_shortcode\"  style=\"\" href=\"javascript:sonaar_ts_shortcode({ trackid:'0', time:'00:03:15', ts_id:'6927d3eed2f68', play_icon:'' }) ;\">[00:03:15]<\/a> Et tu as d\u00e9j\u00e0 travaill\u00e9 dans une entreprise pour laquelle tu devais aller dans les bureaux\u2009?<\/p>\n\n\n\n<p>Ingrid : <a id=\"sonaar_ts-6927d3eed2f6d\" class=\"srmp3_sonaar_ts_shortcode\"  style=\"\" href=\"javascript:sonaar_ts_shortcode({ trackid:'0', time:'00:03:21', ts_id:'6927d3eed2f6d', play_icon:'' }) ;\">[00:03:21]<\/a> Ouais, ouais, ouais. D\u00e9j\u00e0, j&#8217;ai fait beaucoup de <i>jobs<\/i> \u00e9tudiants, genre[\/simple_tooltip] vendeuse. Et apr\u00e8s, quand j&#8217;\u00e9tudiais et \u00e0 la fin de mes \u00e9tudes, j&#8217;ai eu l&#8217;occasion de travailler dans des r\u00e9dactions, pour des m\u00e9dias \u00e0 Paris. Donc j&#8217;ai un peu d&#8217;exp\u00e9rience, oui.<\/p>\n\n\n\n<p>Hugo : <a id=\"sonaar_ts-6927d3eed2f72\" class=\"srmp3_sonaar_ts_shortcode\"  style=\"\" href=\"javascript:sonaar_ts_shortcode({ trackid:'0', time:'00:03:37', ts_id:'6927d3eed2f72', play_icon:'' }) ;\">[00:03:37]<\/a> Tu sais ce que c&#8217;est d&#8217;aller au bureau et tu connais la joie des transports parisiens [simple_tooltip content=&#8217;at peak times&#8217;]<strong>aux heures de pointe.<\/strong><\/p>\n\n\n\n<p>Ingrid : <a id=\"sonaar_ts-6927d3eed2f76\" class=\"srmp3_sonaar_ts_shortcode\"  style=\"\" href=\"javascript:sonaar_ts_shortcode({ trackid:'0', time:'00:03:43', ts_id:'6927d3eed2f76', play_icon:'' }) ;\">[00:03:43]<\/a> Ouais, toi aussi, non\u2009?<\/p>\n\n\n\n<p>Hugo : <a id=\"sonaar_ts-6927d3eed2f7b\" class=\"srmp3_sonaar_ts_shortcode\"  style=\"\" href=\"javascript:sonaar_ts_shortcode({ trackid:'0', time:'00:03:45', ts_id:'6927d3eed2f7b', play_icon:'' }) ;\">[00:03:45]<\/a> Moi aussi. Moi aussi, j&#8217;ai fait plusieurs stages. Et puis, j&#8217;ai commenc\u00e9 ma carri\u00e8re professionnelle \u00e0 Paris en agence de publicit\u00e9, comme je l&#8217;ai d\u00e9j\u00e0 dit. Et je n&#8217;ai jamais eu de cas extr\u00eame, comme certains de mes amis qui avaient besoin parfois d&#8217;une heure et demie pour aller au travail en prenant le RER, le m\u00e9tro, donc \u00e7a faisait trois heures par jour aller et retour. Moi, le maximum que j&#8217;ai eu, il me semble, c&#8217;est 45 minutes. Mais j&#8217;en garde un souvenir imp\u00e9rissable. Parce que voil\u00e0, ces 45 minutes de m\u00e9tro le matin, en particulier l&#8217;\u00e9t\u00e9, quand il faisait chaud, on se retrouve avec des personnes qui ont parfois une hygi\u00e8ne un peu douteuse, donc il y a cette odeur vraiment caract\u00e9ristique du m\u00e9tro parisien aux heures de pointe. \u00ab\u2009Les heures de pointe\u2009\u00bb, c&#8217;est les heures&#8230; Je crois qu&#8217;on en a d\u00e9j\u00e0 parl\u00e9 dans un \u00e9pisode, je ne sais plus lequel\u2009?<\/p>\n\n\n\n<p>Ingrid : <a id=\"sonaar_ts-6927d3eed2f86\" class=\"srmp3_sonaar_ts_shortcode\"  style=\"\" href=\"javascript:sonaar_ts_shortcode({ trackid:'0', time:'00:04:41', ts_id:'6927d3eed2f86', play_icon:'' }) ;\">[00:04:41]<\/a> Peut-\u00eatre.<\/p>\n\n\n\n<p>Hugo : <a id=\"sonaar_ts-6927d3eed2f92\" class=\"srmp3_sonaar_ts_shortcode\"  style=\"\" href=\"javascript:sonaar_ts_shortcode({ trackid:'0', time:'00:04:42', ts_id:'6927d3eed2f92', play_icon:'' }) ;\">[00:04:42]<\/a> Donc, \u00ab\u2009les heures de pointe\u2009\u00bb, les heures o\u00f9 il y a beaucoup de&#8230; o\u00f9 tout le monde va au travail, ou alors, tout le monde part du travail. Les heures o\u00f9 il y a beaucoup de circulation et beaucoup de monde dans les transports en commun : \u00ab\u2009les heures de pointe\u2009\u00bb. Donc oui, \u00e7a je m&#8217;en souviens.<\/p>\n\n\n\n<p>Ingrid : <a id=\"sonaar_ts-6927d3eed2f96\" class=\"srmp3_sonaar_ts_shortcode\"  style=\"\" href=\"javascript:sonaar_ts_shortcode({ trackid:'0', time:'00:04:57', ts_id:'6927d3eed2f96', play_icon:'' }) ;\">[00:04:57]<\/a> Et pour toi, du coup, quand tu as mont\u00e9 InnerFrench, c&#8217;\u00e9tait \u00e9vident que tu ne voulais pas revivre ce genre de sc\u00e9nario\u2009?<\/p>\n\n\n\n<p>Hugo : <a id=\"sonaar_ts-6927d3eed2f9b\" class=\"srmp3_sonaar_ts_shortcode\"  style=\"\" href=\"javascript:sonaar_ts_shortcode({ trackid:'0', time:'00:05:06', ts_id:'6927d3eed2f9b', play_icon:'' }) ;\">[00:05:06]<\/a> Alors, \u00e7a s&#8217;est fait de mani\u00e8re plus organique, un peu par hasard. Ce n&#8217;\u00e9tait pas vraiment une d\u00e9cision pr\u00e9m\u00e9dit\u00e9e, on pourrait dire, \u00e7a s&#8217;est fait \u00ab\u2009par la force des choses\u2009\u00bb. \u00ab\u2009Par la force des choses\u2009\u00bb, c&#8217;est une expression qui signifie : quelque chose qui n&#8217;est pas vraiment choisi, mais \u00e0 cause du contexte ou de l&#8217;environnement, vous \u00eates oblig\u00e9 de faire quelque chose. Parce que quand j&#8217;ai commenc\u00e9 ma carri\u00e8re de prof, j&#8217;\u00e9tais \u00e0 l&#8217;Institut fran\u00e7ais de Varsovie, donc je donnais des cours en pr\u00e9sentiel \u00e0 l&#8217;\u00e9cole et je donnais aussi des cours particuliers chez moi. Donc l\u00e0, il y a&#8230; Je n&#8217;avais pas du tout de t\u00e9l\u00e9travail. Et puis, progressivement, j&#8217;ai commenc\u00e9 \u00e0 avoir des \u00e9l\u00e8ves qui \u00e9taient \u00e0 l&#8217;\u00e9tranger, donc on devait faire les cours sur Internet. Et je me suis dit que ce n&#8217;\u00e9tait pas mal d&#8217;avoir des cours sur Internet parce que \u00e7a permettait plus de flexibilit\u00e9. Aussi, \u00e0 l&#8217;\u00e9poque, je vivais en colocation, donc quand il y avait des personnes qui venaient \u00e0 l&#8217;appartement pour prendre des cours, ce n&#8217;\u00e9tait pas toujours sympa pour mon colocataire qui voulait \u00eatre tranquille. Mais donc, j&#8217;ai commenc\u00e9 \u00e0 avoir de plus en plus de cours en ligne, et puis j&#8217;ai arr\u00eat\u00e9 mes cours \u00e0 l&#8217;Institut fran\u00e7ais. Donc l\u00e0, j&#8217;\u00e9tais 100 % en t\u00e9l\u00e9travail. Et quand j&#8217;ai cherch\u00e9 \u00e0 recruter la premi\u00e8re salari\u00e9e chez InnerFrench, qui \u00e9tait donc Ania, je savais que j&#8217;aurais beaucoup plus de possibilit\u00e9s si je ne me limitais pas seulement \u00e0 Varsovie ni \u00e0 la Pologne, d&#8217;ailleurs. \u00c0 la base, je voulais vraiment avoir quelqu&#8217;un&#8230; avoir un Fran\u00e7ais ou une Fran\u00e7aise, un natif. Mais donc, j&#8217;ai re\u00e7u la candidature d&#8217;Ania qui \u00e9tait super, tr\u00e8s convaincante, qui avait beaucoup d&#8217;exp\u00e9rience. Et comme elle habitait en Pologne, c&#8217;\u00e9tait plus facile d&#8217;un point de vue l\u00e9gal, pour l&#8217;entreprise, donc, de la recruter. Pour une premi\u00e8re salari\u00e9e, je me suis dit que \u00e7a serait plus facile. Mais manque de pot\u2026 Alors, une autre expression : \u00ab\u2009manque de pot\u2009\u00bb, ou manque&#8230; \u00e7a veut dire \u00ab\u2009manque de chance\u2009\u00bb. \u00ab\u2009Le pot\u2009\u00bb, de mani\u00e8re famili\u00e8re, \u00e7a veut dire \u00ab\u2009la chance\u2009\u00bb. Manque de chance, Ania ne vit pas \u00e0 Varsovie mais \u00e0 Cracovie, donc elle \u00e9tait quand m\u00eame en t\u00e9l\u00e9travail.<\/p>\n\n\n\n<p>Ingrid : <a id=\"sonaar_ts-6927d3eed2fa0\" class=\"srmp3_sonaar_ts_shortcode\"  style=\"\" href=\"javascript:sonaar_ts_shortcode({ trackid:'0', time:'00:07:24', ts_id:'6927d3eed2fa0', play_icon:'' }) ;\">[00:07:24]<\/a> Mais en tout cas, c&#8217;est vrai que quand tu nous as recrut\u00e9es, Ania et moi, c&#8217;\u00e9tait en plein Covid, c&#8217;\u00e9tait apr\u00e8s m\u00eame les plus gros moments de confinement, et en fait, j&#8217;imagine que c&#8217;\u00e9tait assez \u00e9vident, puisque le monde entier s&#8217;\u00e9tait mis au t\u00e9l\u00e9travail. Et aujourd&#8217;hui, en 2022, on a toujours les effets post-Covid qui font que, en France en tout cas, il y a de plus en plus de salari\u00e9s qui ont pris go\u00fbt au t\u00e9l\u00e9travail. \u00ab\u2009Prendre go\u00fbt\u2009\u00bb, \u00e7a veut dire qu&#8217;on aime bien et que finalement, on va continuer. Apparemment, huit salari\u00e9s sur dix, vous&#8230; euh, disent vouloir t\u00e9l\u00e9travailler entre un et trois jours par semaine. Ce n&#8217;\u00e9tait pas autant avant le Covid.<\/p>\n\n\n\n<p>Hugo : <a id=\"sonaar_ts-6927d3eed2fa5\" class=\"srmp3_sonaar_ts_shortcode\"  style=\"\" href=\"javascript:sonaar_ts_shortcode({ trackid:'0', time:'00:08:14', ts_id:'6927d3eed2fa5', play_icon:'' }) ;\">[00:08:14]<\/a> Oui, c&#8217;est vrai, parce qu&#8217;en France, on est plut\u00f4t r\u00e9ticents, en particulier les entreprises. Parce qu&#8217;on voit que les salari\u00e9s appr\u00e9cient le t\u00e9l\u00e9travail, mais pendant longtemps, les entreprises \u00e9taient r\u00e9ticentes. Elles n&#8217;avaient pas envie de passer au t\u00e9l\u00e9travail, parce que je pense qu&#8217;en France, on a ce style de management qui est assez&#8230; qui est tr\u00e8s hi\u00e9rarchis\u00e9, avec beaucoup de contr\u00f4le, qui est un peu infantilisant aussi. Les managers ont tendance \u00e0 traiter les employ\u00e9s un peu comme des enfants, donc ils essaient de les surveiller. Et \u00e0 cause de ces facteurs culturels, en 2017, la France comptait seulement 7 % de salari\u00e9s en t\u00e9l\u00e9travail. C&#8217;est beaucoup moins que dans les autres pays de l&#8217;Union europ\u00e9enne. Et il a fallu un \u00e9v\u00e9nement ext\u00e9rieur, un bouleversement, le Covid, pour que la situation change et que les entreprises soient contraintes de passer au t\u00e9l\u00e9travail, ce qui a montr\u00e9 encore une fois, par la force des choses, que c&#8217;\u00e9tait tout \u00e0 fait possible.<\/p>\n\n\n\n<p>Ingrid : <a id=\"sonaar_ts-6927d3eed2fa9\" class=\"srmp3_sonaar_ts_shortcode\"  style=\"\" href=\"javascript:sonaar_ts_shortcode({ trackid:'0', time:'00:09:18', ts_id:'6927d3eed2fa9', play_icon:'' }) ;\">[00:09:18]<\/a> C&#8217;est vrai que pour moi, c&#8217;\u00e9tait un peu une chance inesp\u00e9r\u00e9e, notre fa\u00e7on de nous organiser o\u00f9, voil\u00e0, on travaille ensemble \u00e0 temps plein, on a des vrais projets, etc., mais en \u00e9tant compl\u00e8tement en t\u00e9l\u00e9travail. Pour une entreprise fran\u00e7aise&#8230; enfin, d&#8217;ailleurs, ton entreprise n&#8217;est pas fran\u00e7aise, mais voil\u00e0, pour un contrat fran\u00e7ais en tout cas, puisque moi je travaille en tant que Fran\u00e7aise, c&#8217;est assez inesp\u00e9r\u00e9 et peu habituel. M\u00eame si effectivement beaucoup d&#8217;entreprises pendant le Covid ont \u00e9t\u00e9 forc\u00e9es d&#8217;avoir recours au t\u00e9l\u00e9travail. Donc, \u00ab\u2009avoir recours\u2009\u00bb, c&#8217;est mettre en place, tout simplement.<\/p>\n\n\n\n<p>Hugo : <a id=\"sonaar_ts-6927d3eed2fae\" class=\"srmp3_sonaar_ts_shortcode\"  style=\"\" href=\"javascript:sonaar_ts_shortcode({ trackid:'0', time:'00:10:00', ts_id:'6927d3eed2fae', play_icon:'' }) ;\">[00:10:00]<\/a> Ouais, utiliser&#8230;<\/p>\n\n\n\n<p>Ingrid : <a id=\"sonaar_ts-6927d3eed2fb2\" class=\"srmp3_sonaar_ts_shortcode\"  style=\"\" href=\"javascript:sonaar_ts_shortcode({ trackid:'0', time:'00:10:01', ts_id:'6927d3eed2fb2', play_icon:'' }) ;\">[00:10:01]<\/a> Ouais, c&#8217;est une expression assez s\u00e9rieuse.<\/p>\n\n\n\n<p>Hugo : <a id=\"sonaar_ts-6927d3eed2fb7\" class=\"srmp3_sonaar_ts_shortcode\"  style=\"\" href=\"javascript:sonaar_ts_shortcode({ trackid:'0', time:'00:10:05', ts_id:'6927d3eed2fb7', play_icon:'' }) ;\">[00:10:05]<\/a> Assez formelle.<\/p>\n\n\n\n<p>Ingrid : <a id=\"sonaar_ts-6927d3eed2fbb\" class=\"srmp3_sonaar_ts_shortcode\"  style=\"\" href=\"javascript:sonaar_ts_shortcode({ trackid:'0', time:'00:10:05', ts_id:'6927d3eed2fbb', play_icon:'' }) ;\">[00:10:05]<\/a> C&#8217;est ce que le pr\u00e9sident disait : \u00ab\u2009Il faut que les entreprises aient de plus en plus recours au t\u00e9l\u00e9travail.\u2009\u00bb Mais voil\u00e0, on n&#8217;est pas non plus tr\u00e8s, tr\u00e8s nombreux \u00e0 avoir cette chance (moi, je le vois comme une chance, mais on va encore voir que \u00e7a d\u00e9pend pour qui), mais il y en a de plus en plus.<\/p>\n\n\n\n<p>Hugo : <a id=\"sonaar_ts-6927d3eed2fbf\" class=\"srmp3_sonaar_ts_shortcode\"  style=\"\" href=\"javascript:sonaar_ts_shortcode({ trackid:'0', time:'00:10:24', ts_id:'6927d3eed2fbf', play_icon:'' }) ;\">[00:10:24]<\/a> Il y en a de plus en plus, mais il ne faut pas oublier que pour la majorit\u00e9 des actifs&#8230; Les actifs, c&#8217;est les personnes qui travaillent, qui sont en \u00e2ge de travailler et qui travaillent. Pour la majorit\u00e9 des actifs, le t\u00e9l\u00e9travail reste impossible. Donc en France, le minist\u00e8re du Travail estime qu&#8217;entre 50 et 70 % des actifs ne peuvent pas t\u00e9l\u00e9travailler. Non pas parce que l&#8217;entreprise ne le veut pas \u2014 parfois, c&#8217;est la raison \u2014, mais principalement parce que leur poste, leurs responsabilit\u00e9s impliquent qu&#8217;il est impossible de faire leur travail \u00e0 distance. Et on appelle ces salari\u00e9s \u00ab\u2009les travailleurs du front\u2009\u00bb. On les appelait comme \u00e7a principalement pendant le Covid. C&#8217;\u00e9tait tous ces salari\u00e9s qui \u00e9taient oblig\u00e9s soit d&#8217;aller au bureau, soit d&#8217;aller travailler dans les supermarch\u00e9s, dans les h\u00f4pitaux \u00e9videmment, et qui \u00e9taient au front comme \u00e0 la guerre. On a une autre expression qui est assez rigolote, mais en m\u00eame temps un peu triste : \u00ab\u2009les premiers de corv\u00e9e\u2009\u00bb, qui fait r\u00e9f\u00e9rence \u00e0 cette expression utilis\u00e9e il y a quelques ann\u00e9es par Emmanuel Macron, \u00ab\u2009les premiers de cord\u00e9e\u2009\u00bb. Les premiers de cord\u00e9e, \u00e0 la montagne, c&#8217;est ceux qui doivent tirer les autres, ceux qui sont devant et qui doivent faire le plus d&#8217;efforts pour aider ceux qui sont derri\u00e8re \u00e0 faire l&#8217;ascension de la montagne. On a un peu chang\u00e9 ce terme en \u00ab\u2009premier de corv\u00e9e\u2009\u00bb. Une corv\u00e9e, c&#8217;est une chose qu&#8217;on est oblig\u00e9 de faire, mais qui est assez d\u00e9sagr\u00e9able. On parle par exemple des corv\u00e9es m\u00e9nag\u00e8res. C&#8217;est toutes ces choses qu&#8217;on doit faire \u00e0 la maison qui ne sont pas tr\u00e8s fun, par exemple faire la vaisselle, faire la lessive, etc. Les premiers de corv\u00e9e, ce sont tous ces salari\u00e9s qui doivent travailler dans les services, dans les supermarch\u00e9s, etc., et qui n&#8217;ont pas du tout la possibilit\u00e9 de faire du travail \u00e0 distance.<\/p>\n\n\n\n<p>Ingrid : <a id=\"sonaar_ts-6927d3eed2fc4\" class=\"srmp3_sonaar_ts_shortcode\"  style=\"\" href=\"javascript:sonaar_ts_shortcode({ trackid:'0', time:'00:12:27', ts_id:'6927d3eed2fc4', play_icon:'' }) ;\">[00:12:27]<\/a> C&#8217;est vrai, et ouais, on ne voulait pas les oublier, c&#8217;est pour \u00e7a qu&#8217;on a tenu \u00e0 parler de \u00e7a dans l&#8217;introduction, pour montrer que le t\u00e9l\u00e9travail, \u00e7a concerne quand m\u00eame seulement quelques privil\u00e9gi\u00e9s. Maintenant qu&#8217;on a dit \u00e7a, on peut passer au c\u0153ur de l&#8217;\u00e9pisode qui est : quels sont les avantages et les inconv\u00e9nients du t\u00e9l\u00e9travail\u2009?<\/p>\n\n\n\n<p>Hugo : <a id=\"sonaar_ts-6927d3eed2fc8\" class=\"srmp3_sonaar_ts_shortcode\"  style=\"\" href=\"javascript:sonaar_ts_shortcode({ trackid:'0', time:'00:13:03', ts_id:'6927d3eed2fc8', play_icon:'' }) ;\">[00:13:03]<\/a> Alors pour commencer, on va parler de productivit\u00e9. Un des avantages du t\u00e9l\u00e9travail, c&#8217;est qu&#8217;il n&#8217;y a pas de pr\u00e9sent\u00e9isme. Le pr\u00e9sent\u00e9isme, c&#8217;est quand vous devez faire acte de pr\u00e9sence. Autrement dit, vous devez rester au bureau pour montrer que vous travaillez. Et moi, c&#8217;est quelque chose que je d\u00e9testais en entreprise : on ne pouvait pas partir avant une certaine heure, m\u00eame si on avait fini son travail, parce que sinon, \u00e7a montrait qu&#8217;on n&#8217;avait pas assez de travail ou alors qu&#8217;on \u00e9tait paresseux. \u00c7a faisait mauvaise impression. Alors que, au contraire, \u00e7a pouvait \u00eatre peut-\u00eatre qu&#8217;on partait plus t\u00f4t parce qu&#8217;on arrivait \u00e0 mieux s&#8217;organiser et \u00eatre plus productif. Mais \u00e7a, au lieu d&#8217;\u00eatre valoris\u00e9, c&#8217;\u00e9tait puni. Et moi, je me souviens, en particulier en agence de pub, il y avait vraiment une&#8230; cette tendance au pr\u00e9sent\u00e9isme. Je me souviens une fois, j&#8217;\u00e9tais parti \u00e0 17 heures 30, \u00e0 5 heures et demie, parce que j&#8217;avais fini mon travail, et un de mes coll\u00e8gues m&#8217;avait demand\u00e9 si je prenais mon apr\u00e8s-midi. Donc&#8230;<\/p>\n\n\n\n<p>Ingrid : <a id=\"sonaar_ts-6927d3eed2fcd\" class=\"srmp3_sonaar_ts_shortcode\"  style=\"\" href=\"javascript:sonaar_ts_shortcode({ trackid:'0', time:'00:14:12', ts_id:'6927d3eed2fcd', play_icon:'' }) ;\">[00:14:12]<\/a> La blague&#8230;<\/p>\n\n\n\n<p>Hugo : <a id=\"sonaar_ts-6927d3eed2fd1\" class=\"srmp3_sonaar_ts_shortcode\"  style=\"\" href=\"javascript:sonaar_ts_shortcode({ trackid:'0', time:'00:14:15', ts_id:'6927d3eed2fd1', play_icon:'' }) ;\">[00:14:15]<\/a> La bonne blague.<\/p>\n\n\n\n<p>Ingrid : <a id=\"sonaar_ts-6927d3eed2fd6\" class=\"srmp3_sonaar_ts_shortcode\"  style=\"\" href=\"javascript:sonaar_ts_shortcode({ trackid:'0', time:'00:14:15', ts_id:'6927d3eed2fd6', play_icon:'' }) ;\">[00:14:15]<\/a> Ouais, \u00ab\u2009prendre son apr\u00e8s-midi\u2009\u00bb, \u00e7a veut dire avoir pos\u00e9 son apr\u00e8s-midi comme non travaill\u00e9e.<\/p>\n\n\n\n<p>Hugo : <a id=\"sonaar_ts-6927d3eed2fda\" class=\"srmp3_sonaar_ts_shortcode\"  style=\"\" href=\"javascript:sonaar_ts_shortcode({ trackid:'0', time:'00:14:25', ts_id:'6927d3eed2fda', play_icon:'' }) ;\">[00:14:25]<\/a> Exactement. Comme on dit \u00ab\u2009prendre des vacances\u2009\u00bb. Parfois, on dit \u00ab\u2009prendre une journ\u00e9e\u2009\u00bb. Prendre une apr\u00e8s-midi, \u00e7a veut dire que vous ne travaillez pas \u00e0 ce moment-l\u00e0. Vous posez des cong\u00e9s. Donc, en agence de publicit\u00e9, on consid\u00e9rait que si vous quittiez l&#8217;entreprise \u00e0 17 heures 30, \u00e7a veut dire que vous preniez votre apr\u00e8s-midi. Donc voil\u00e0, je d\u00e9testais le pr\u00e9sent\u00e9isme. Je ne sais pas si c&#8217;est quelque chose que tu as v\u00e9cu, toi aussi, en entreprise ?<\/p>\n\n\n\n<p>Ingrid : <a id=\"sonaar_ts-6927d3eed2fde\" class=\"srmp3_sonaar_ts_shortcode\"  style=\"\" href=\"javascript:sonaar_ts_shortcode({ trackid:'0', time:'00:14:50', ts_id:'6927d3eed2fde', play_icon:'' }) ;\">[00:14:50]<\/a> Oui, un petit peu. Je pense que suivant les secteurs, \u00e7a peut \u00eatre plus ou moins important. Mais c&#8217;est vrai que ouais. Enfin, il fallait au moins faire un minimum d&#8217;horaires et j&#8217;ai beaucoup connu aussi des moments o\u00f9 j&#8217;\u00e9tais moins productive et o\u00f9 j&#8217;aurais pu partir et arriver plus t\u00f4t le lendemain parce que j&#8217;aurais&#8230; je me serais bien repos\u00e9e. Et j&#8217;aurais eu besoin au moins de faire une pause ou quoi. Et c&#8217;est vrai que ce n&#8217;\u00e9tait pas tr\u00e8s bien vu. Heureusement, j&#8217;avais une cheffe directe qui&#8230; avec qui on \u00e9tait assez proches, et donc on arrivait un peu \u00e0 g\u00e9rer \u00e7a. Mais parfois, elle me disait : \u00ab\u2009Il y a quand m\u00eame les grands chefs, s&#8217;ils voient que tu n&#8217;es pas l\u00e0&#8230; Reste encore deux heures.\u2009\u00bb Et elle le savait. Mais on savait tr\u00e8s bien que c&#8217;est les r\u00e8gles stupides de l&#8217;entreprise.<\/p>\n\n\n\n<p>Hugo : <a id=\"sonaar_ts-6927d3eed2fe3\" class=\"srmp3_sonaar_ts_shortcode\"  style=\"\" href=\"javascript:sonaar_ts_shortcode({ trackid:'0', time:'00:15:43', ts_id:'6927d3eed2fe3', play_icon:'' }) ;\">[00:15:43]<\/a> Exactement. Donc avec le t\u00e9l\u00e9travail, il y a moins ce probl\u00e8me. Bien qu&#8217;il y ait quand m\u00eame certaines entreprises qui essaient de mettre en place une surveillance avec des programmes, avec des logiciels pour forcer les salari\u00e9s \u00e0&#8230; ou plut\u00f4t pour contr\u00f4ler, pour s&#8217;assurer que les salari\u00e9s sont bien derri\u00e8re leur \u00e9cran de telle heure \u00e0 telle heure. Et \u00e9ventuellement pour contr\u00f4ler les sites Internet sur lesquels ils vont, etc. Donc ce n&#8217;est pas quelque chose qui a compl\u00e8tement disparu. D&#8217;ailleurs, je pense peut-\u00eatre le mettre en place chez InnerFrench.<\/p>\n\n\n\n<p>Ingrid : <a id=\"sonaar_ts-6927d3eed2fe7\" class=\"srmp3_sonaar_ts_shortcode\"  style=\"\" href=\"javascript:sonaar_ts_shortcode({ trackid:'0', time:'00:16:18', ts_id:'6927d3eed2fe7', play_icon:'' }) ;\">[00:16:18]<\/a> Ah, bah bien s\u00fbr\u2009! Tu ne vas pas \u00eatre d\u00e9\u00e7u. Tous les sites Internet, ce sera pour les recherches, pour le podcast. Tr\u00e8s h\u00e9t\u00e9roclite.<\/p>\n\n\n\n<p>Hugo : <a id=\"sonaar_ts-6927d3eed2feb\" class=\"srmp3_sonaar_ts_shortcode\"  style=\"\" href=\"javascript:sonaar_ts_shortcode({ trackid:'0', time:'00:16:25', ts_id:'6927d3eed2feb', play_icon:'' }) ;\">[00:16:25]<\/a> Oui, oui, oui. Je pense que j&#8217;ai besoin de m&#8217;assurer un peu plus de ce que vous faites sur vos ordinateurs. Non, mais moi, au contraire, voil\u00e0, vous avez deux approches assez diff\u00e9rentes. Donc, Ania, elle est vraiment de telle heure \u00e0 telle heure derri\u00e8re son ordinateur. Je sais qu&#8217;elle est l\u00e0. Toi, je pense que tu es plus flexible. Donc voil\u00e0, je sais par exemple que parfois le week-end, tu travailles. Peut-\u00eatre qu&#8217;il y a des jours dans la semaine o\u00f9 tu travailles un peu moins, etc. Donc moi, c&#8217;est vraiment&#8230; Les deux me conviennent, en fait, et je suis content que vous ayez cette autonomie. Je pense que c&#8217;est un des avantages du t\u00e9l\u00e9travail.<\/p>\n\n\n\n<p>Ingrid : <a id=\"sonaar_ts-6927d3eed2ff0\" class=\"srmp3_sonaar_ts_shortcode\"  style=\"\" href=\"javascript:sonaar_ts_shortcode({ trackid:'0', time:'00:17:04', ts_id:'6927d3eed2ff0', play_icon:'' }) ;\">[00:17:04]<\/a> C&#8217;est vrai que l&#8217;avantage, c&#8217;est que chacun fait comme c&#8217;est le mieux. En g\u00e9n\u00e9ral, c&#8217;est la nature humaine quand m\u00eame, c&#8217;est qu&#8217;on va choisir ce qui nous convient le mieux. Donc si un salari\u00e9 travaille avec des horaires fixes, c&#8217;est que c&#8217;est comme \u00e7a qu&#8217;il va \u00eatre le plus productif. Si un autre choisit un autre mode, c&#8217;est que c&#8217;est comme \u00e7a qu&#8217;il va \u00eatre le plus productif. Et donc au final, on s&#8217;\u00e9vite, voil\u00e0, des obligations qui ralentissent tout le monde.<\/p>\n\n\n\n<p>Hugo : <a id=\"sonaar_ts-6927d3eed2ff4\" class=\"srmp3_sonaar_ts_shortcode\"  style=\"\" href=\"javascript:sonaar_ts_shortcode({ trackid:'0', time:'00:17:34', ts_id:'6927d3eed2ff4', play_icon:'' }) ;\">[00:17:34]<\/a> Exactement. Dans les autres avantages, qu&#8217;est-ce qu&#8217;on a\u2009?<\/p>\n\n\n\n<p>Ingrid : <a id=\"sonaar_ts-6927d3eed2ff9\" class=\"srmp3_sonaar_ts_shortcode\"  style=\"\" href=\"javascript:sonaar_ts_shortcode({ trackid:'0', time:'00:17:38', ts_id:'6927d3eed2ff9', play_icon:'' }) ;\">[00:17:38]<\/a> L&#8217;\u00e9quilibre entre la vie pro et perso peut \u00eatre favoris\u00e9 parce que, bah, on prend moins les transports, par exemple. Comme tu disais, on n&#8217;a plus besoin d&#8217;\u00eatre bloqu\u00e9 dans les transports pendant les heures de pointe, et puis on peut s&#8217;adapter. Donc j&#8217;imagine (j&#8217;imagine\u2009!) que par exemple, pour ceux qui sont parents, quand il y a besoin d&#8217;aller rapidement \u00e0 l&#8217;\u00e9cole parce qu&#8217;il s&#8217;est pass\u00e9 quelque chose ou quoi, on n&#8217;est pas oblig\u00e9 de compl\u00e8tement d\u00e9sorganiser sa journ\u00e9e. On peut y aller et puis on s&#8217;occupe de l&#8217;urgence, et on se remet au travail apr\u00e8s. Et \u00e7a ne pose pas de probl\u00e8me. Donc, par rapport \u00e0 la vie personnelle, \u00e7a peut \u00eatre un avantage de pouvoir moduler son travail sans qu&#8217;il y ait un imb\u00e9cile qui nous dise : \u00ab\u2009Oh, tu prends ton apr\u00e8s-midi\u2009?\u2009\u00bb Non, j&#8217;ai un rendez-vous, j&#8217;y vais, je reviens, je n&#8217;ai pas besoin de me justifier. \u00c7a, \u00e7a peut \u00eatre un avantage.<\/p>\n\n\n\n<p>Hugo : <a id=\"sonaar_ts-6927d3eed2ffe\" class=\"srmp3_sonaar_ts_shortcode\"  style=\"\" href=\"javascript:sonaar_ts_shortcode({ trackid:'0', time:'00:18:33', ts_id:'6927d3eed2ffe', play_icon:'' }) ;\">[00:18:33]<\/a> Exactement. On a plus d&#8217;autonomie, plus de flexibilit\u00e9. On peut aller faire ses courses \u00e0 une heure o\u00f9 il y a moins de monde et travailler un peu plus tard pour rattraper. Donc \u00e7a permet aux salari\u00e9s de s&#8217;organiser un peu plus facilement. Et puis, il y a un dernier avantage non n\u00e9gligeable pour les salari\u00e9s, c&#8217;est la libert\u00e9 g\u00e9ographique. On a la possibilit\u00e9 de travailler d\u2019o\u00f9 on veut. Et \u00e7a, je pense que pour toi, c&#8217;est assez important.<\/p>\n\n\n\n<p>Ingrid : <a id=\"sonaar_ts-6927d3eed3003\" class=\"srmp3_sonaar_ts_shortcode\"  style=\"\" href=\"javascript:sonaar_ts_shortcode({ trackid:'0', time:'00:19:02', ts_id:'6927d3eed3003', play_icon:'' }) ;\">[00:19:02]<\/a> Oui, bah c&#8217;est m\u00eame essentiel. Une des raisons pour lesquelles j&#8217;aime t\u00e9l\u00e9travailler, ce n&#8217;est pas n\u00e9cessairement parce que j&#8217;aime rester chez moi toute la journ\u00e9e. \u00c7a peut m\u00eame \u00eatre peut-\u00eatre un d\u00e9savantage dont on va parler apr\u00e8s, mais largement compens\u00e9 par cette possibilit\u00e9 de pouvoir voyager, d\u00e9m\u00e9nager, passer du temps dans des nouvelles villes. Voil\u00e0, moi j&#8217;adore \u00e7a et \u00e7a permet de le faire sans avoir besoin de poser des vacances, de s&#8217;organiser d&#8217;une fa\u00e7on compliqu\u00e9e ou quoi. Donc \u00e7a, clairement, pour moi, c&#8217;est \u00e7a&#8230; J&#8217;aurais m\u00eame d\u00fb le dire en tout premier : pour moi, c&#8217;est le premier avantage.<\/p>\n\n\n\n<p>Hugo : <a id=\"sonaar_ts-6927d3eed3007\" class=\"srmp3_sonaar_ts_shortcode\"  style=\"\" href=\"javascript:sonaar_ts_shortcode({ trackid:'0', time:'00:19:43', ts_id:'6927d3eed3007', play_icon:'' }) ;\">[00:19:43]<\/a> C&#8217;est le crit\u00e8re num\u00e9ro un. Pour les entreprises aussi, le t\u00e9l\u00e9travail a des avantages. Le principal, c&#8217;est la r\u00e9duction des co\u00fbts, notamment le loyer. Pour les bureaux, on a besoin de moins de bureaux, ou alors si toute l&#8217;entreprise, si tous les salari\u00e9s sont en t\u00e9l\u00e9travail, on peut compl\u00e8tement arr\u00eater de payer pour des bureaux. Nous, chez InnerFrench, on n&#8217;a pas de bureaux, donc \u00e7a fait un co\u00fbt en moins. Et un co\u00fbt qui g\u00e9n\u00e9ralement est non n\u00e9gligeable. Il y a aussi les fournitures de bureau, donc l&#8217;achat, je ne sais pas, qu&#8217;est-ce qu&#8217;on a comme fournitures de bureau\u2009? Acheter des stylos, du papier, du caf\u00e9 pour la machine \u00e0 caf\u00e9, etc. Et puis, on fait des \u00e9conomies d&#8217;\u00e9nergie parce qu&#8217;on n&#8217;a pas besoin, encore une fois, de chauffer ou d&#8217;\u00e9clairer des bureaux. Donc \u00e7a, \u00e7a permet de r\u00e9duire la facture de l&#8217;entreprise. Et puis, quand on cherche des candidats, ce qui s&#8217;est pass\u00e9 pour moi avec InnerFrench, \u00e7a permet d&#8217;avoir un vivier plus important\u2009; autrement dit, on peut recruter des candidats non seulement dans notre ville, mais aussi dans d&#8217;autres villes, dans d&#8217;autres pays, etc. Et puis, c&#8217;est devenu un argument, comme tu l&#8217;as dit, c&#8217;est devenu un argument pour attirer les meilleurs candidats. Aujourd&#8217;hui, pour les jeunes dipl\u00f4m\u00e9s, c&#8217;est tr\u00e8s important d&#8217;avoir la possibilit\u00e9 de t\u00e9l\u00e9travailler. Donc, si on est une entreprise qui a ce mod\u00e8le ou si au moins on propose quelques jours par semaine en t\u00e9l\u00e9travail, c&#8217;est un argument pour s\u00e9duire les futurs employ\u00e9s.<\/p>\n\n\n\n<p>Ingrid : <a id=\"sonaar_ts-6927d3eed300b\" class=\"srmp3_sonaar_ts_shortcode\"  style=\"\" href=\"javascript:sonaar_ts_shortcode({ trackid:'0', time:'00:21:18', ts_id:'6927d3eed300b', play_icon:'' }) ;\">[00:21:18]<\/a> Ouais, donc c&#8217;est positif et pour les salari\u00e9s, et pour l&#8217;entreprise. Et m\u00eame, en dernier, on peut peut-\u00eatre parler des avantages pour la soci\u00e9t\u00e9, puisque le t\u00e9l\u00e9travail, en r\u00e9duisant les d\u00e9placements, l&#8217;utilisation des transports et en \u00e9vitant de cr\u00e9er ces fameuses heures de pointe, est meilleur pour la plan\u00e8te. \u00c7a permet de r\u00e9duire les \u00e9missions de gaz \u00e0 effet de serre. \u00c7a permet de r\u00e9duire dans une certaine limite l&#8217;utilisation de l&#8217;\u00e9nergie, puisque voil\u00e0, il y a un \u00e9talement des horaires de travail, un \u00e9talement des d\u00e9placements et donc moins de pics \u00e9nerg\u00e9tiques. Et \u00e7a permet d&#8217;\u00e9viter d&#8217;avoir des grandes villes compl\u00e8tement surpeupl\u00e9es, ce qui est en soi un facteur n\u00e9gatif et pour la qualit\u00e9 de vie, et pour la qualit\u00e9 de l&#8217;air et de l&#8217;\u00e9cologie en g\u00e9n\u00e9ral.<\/p>\n\n\n\n<p>Hugo : <a id=\"sonaar_ts-6927d3eed3010\" class=\"srmp3_sonaar_ts_shortcode\"  style=\"\" href=\"javascript:sonaar_ts_shortcode({ trackid:'0', time:'00:22:17', ts_id:'6927d3eed3010', play_icon:'' }) ;\">[00:22:17]<\/a> Exactement. On passe aux inconv\u00e9nients\u2009?<\/p>\n\n\n\n<p>Ingrid : <a id=\"sonaar_ts-6927d3eed3014\" class=\"srmp3_sonaar_ts_shortcode\"  style=\"\" href=\"javascript:sonaar_ts_shortcode({ trackid:'0', time:'00:22:20', ts_id:'6927d3eed3014', play_icon:'' }) ;\">[00:22:20]<\/a> Oui.<\/p>\n\n\n\n<p>Hugo : <a id=\"sonaar_ts-6927d3eed3019\" class=\"srmp3_sonaar_ts_shortcode\"  style=\"\" href=\"javascript:sonaar_ts_shortcode({ trackid:'0', time:'00:22:33', ts_id:'6927d3eed3019', play_icon:'' }) ;\">[00:22:33]<\/a> Les inconv\u00e9nients pour les salari\u00e9s, il y en a plusieurs. D\u00e9j\u00e0, au niveau de la productivit\u00e9, \u00e7a peut poser quelques probl\u00e8mes, quand le t\u00e9l\u00e9travail est subi. \u00ab\u2009Subi\u2009\u00bb, c&#8217;est le contraire de \u00ab\u2009choisi\u2009\u00bb : quand on ne choisit pas une situation, on la subit. Certains salari\u00e9s qui se sont retrouv\u00e9s en t\u00e9l\u00e9travail ont \u00e9t\u00e9 livr\u00e9s \u00e0 eux-m\u00eames. Donc \u00e7a, c&#8217;est une expression. \u00ab\u2009\u00catre livr\u00e9 \u00e0 soi-m\u00eame\u2009\u00bb, \u00e7a veut dire que personne ne vous aide, que vous \u00eates seul avec vos probl\u00e8mes et vous devez trouver une solution tout seul. Vous devez vous d\u00e9brouiller, vous \u00eates livr\u00e9 \u00e0 vous-m\u00eame. Donc il y a certains salari\u00e9s, on leur a dit du jour au lendemain : \u00ab\u2009Bon, maintenant, vous \u00eates en t\u00e9l\u00e9travail, d\u00e9brouillez-vous.\u2009\u00bb Donc, c&#8217;est \u00e0 eux de s&#8217;organiser, de savoir comment prioriser certaines t\u00e2ches plut\u00f4t que d&#8217;autres, etc. Et \u00e7a, \u00e7a peut \u00eatre compliqu\u00e9 pour certaines personnes. Et puis, le deuxi\u00e8me inconv\u00e9nient concernant la productivit\u00e9, c&#8217;est qu&#8217;il y a moins d&#8217;\u00e9mulation entre coll\u00e8gues.<\/p>\n\n\n\n<p>Ingrid : <a id=\"sonaar_ts-6927d3eed3030\" class=\"srmp3_sonaar_ts_shortcode\"  style=\"\" href=\"javascript:sonaar_ts_shortcode({ trackid:'0', time:'00:23:38', ts_id:'6927d3eed3030', play_icon:'' }) ;\">[00:23:38]<\/a> L&#8217;\u00e9mulation, c&#8217;est le fait de se tirer vers le haut, donc qu&#8217;un coll\u00e8gue permette d&#8217;aider l&#8217;autre coll\u00e8gue \u00e0 r\u00e9ussir \u00e0 trouver des nouvelles id\u00e9es, \u00e0 r\u00e9ussir \u00e0 se motiver. Voil\u00e0, on sait qu&#8217;en g\u00e9n\u00e9ral, que ce soit \u00e0 l&#8217;\u00e9cole ou au travail, c&#8217;est toujours bien d&#8217;\u00e9changer avec des personnes qui soit font le m\u00eame m\u00e9tier, soit connaissent l&#8217;entreprise, etc. Et c&#8217;est vrai que pour avoir ces petits moments d&#8217;\u00e9changes qui ne sont pas forc\u00e9ment des moments officiels de r\u00e9union ou quoi, bah c&#8217;est bien d&#8217;\u00eatre \u00e0 c\u00f4t\u00e9 et d&#8217;avoir, voil\u00e0, des petits \u00e9changes \u00e0 la machine \u00e0 caf\u00e9, la pause cigarette pour certains, o\u00f9, voil\u00e0, pouvoir papoter, discuter avec ses coll\u00e8gues, c&#8217;est aussi important pour la productivit\u00e9.<\/p>\n\n\n\n<p>Hugo : <a id=\"sonaar_ts-6927d3eed3038\" class=\"srmp3_sonaar_ts_shortcode\"  style=\"\" href=\"javascript:sonaar_ts_shortcode({ trackid:'0', time:'00:24:26', ts_id:'6927d3eed3038', play_icon:'' }) ;\">[00:24:26]<\/a> D&#8217;ailleurs, j&#8217;ai vu que certaines entreprises ont tent\u00e9 de mettre en place des pauses caf\u00e9 virtuelles. Donc, elles d\u00e9finissaient certaines heures pendant lesquelles les salari\u00e9s pouvaient se connecter \u00e0 un <i>tchat<\/i> sur Zoom, par exemple, pour discuter, pour faire une pause caf\u00e9 virtuelle. Mais \u00e7a n&#8217;a pas du tout march\u00e9. Donc on n&#8217;a pas encore r\u00e9ussi \u00e0 adapter la pause caf\u00e9 au t\u00e9l\u00e9travail. Ensuite, la s\u00e9paration entre la vie priv\u00e9e et la vie professionnelle est de plus en plus floue. \u00ab\u2009Flou\u2009\u00bb, c&#8217;est le contraire de clair, comme quand on prend une photo. Une photo qui n&#8217;est pas claire, c&#8217;est une photo floue. Donc cette s\u00e9paration entre les deux sph\u00e8res, priv\u00e9e et professionnelle, est de plus en plus floue. Et \u00e7a, \u00e7a peut \u00eatre assez dangereux pour la sant\u00e9 mentale. Moi, je m&#8217;en suis rendu compte aussi pour moi, c&#8217;est vraiment&#8230; \u00c0 mon avis, c&#8217;est le principal probl\u00e8me du t\u00e9l\u00e9travail. Je ne sais pas ce que t&#8217;en penses, mais&#8230;?<\/p>\n\n\n\n<p>Ingrid : <a id=\"sonaar_ts-6927d3eed303d\" class=\"srmp3_sonaar_ts_shortcode\"  style=\"\" href=\"javascript:sonaar_ts_shortcode({ trackid:'0', time:'00:25:20', ts_id:'6927d3eed303d', play_icon:'' }) ;\">[00:25:20]<\/a> Ouais, \u00e7a&#8230; J&#8217;ai essay\u00e9 de dire \u00ab\u2009\u00e7a a ses avantages\u2009\u00bb. En th\u00e9orie, \u00e7a peut avoir ses avantages et \u00e7a, c&#8217;est s\u00fbr. Mais il y a les inconv\u00e9nients qui vont avec, bah, dans le sens o\u00f9 on s&#8217;arr\u00eate moins facilement de travailler, on travaille plus facilement sur des moments o\u00f9 on est cens\u00e9 \u00eatre dans sa vie personnelle et pas en train de travailler. Je parlais des parents tout \u00e0 l&#8217;heure, mais j&#8217;ai beaucoup entendu pendant le Covid qu&#8217;il y avait le probl\u00e8me inverse en fait, que du coup, les parents se retrouvaient \u00e0 faire tout ce qu&#8217;il fallait pour les enfants pendant le travail et donc \u00e0 ne rien faire correctement, ni les moments avec les enfants ni le travail. Donc ouais, il y a plein de choses. Tout se m\u00e9lange. Et puis au final, on ne sait plus quand est-ce qu&#8217;on doit se reposer et quand est-ce qu&#8217;on doit travailler. Et on prend des mauvaises habitudes. D&#8217;ailleurs, est-ce que tu as entendu parler de ce nouveau concept qui s&#8217;appelle \u00ab\u2009les tracances\u2009\u00bb\u2009?<\/p>\n\n\n\n<p>Hugo : <a id=\"sonaar_ts-6927d3eed3041\" class=\"srmp3_sonaar_ts_shortcode\"  style=\"\" href=\"javascript:sonaar_ts_shortcode({ trackid:'0', time:'00:26:28', ts_id:'6927d3eed3041', play_icon:'' }) ;\">[00:26:28]<\/a> Non, non, \u00e7a ne me dit rien. Qu&#8217;est-ce que c&#8217;est\u2009?<\/p>\n\n\n\n<p>Ingrid : <a id=\"sonaar_ts-6927d3eed304b\" class=\"srmp3_sonaar_ts_shortcode\"  style=\"\" href=\"javascript:sonaar_ts_shortcode({ trackid:'0', time:'00:26:31', ts_id:'6927d3eed304b', play_icon:'' }) ;\">[00:26:31]<\/a> Bah \u00ab\u2009tra\u2009\u00bb, c&#8217;est pour \u00ab\u2009travail\u2009\u00bb et \u00ab\u2009cances\u2009\u00bb&#8230;<\/p>\n\n\n\n<p>Hugo : <a id=\"sonaar_ts-6927d3eed3050\" class=\"srmp3_sonaar_ts_shortcode\"  style=\"\" href=\"javascript:sonaar_ts_shortcode({ trackid:'0', time:'00:26:35', ts_id:'6927d3eed3050', play_icon:'' }) ;\">[00:26:35]<\/a> Ok\u2026<\/p>\n\n\n\n<p>Ingrid : <a id=\"sonaar_ts-6927d3eed3054\" class=\"srmp3_sonaar_ts_shortcode\"  style=\"\" href=\"javascript:sonaar_ts_shortcode({ trackid:'0', time:'00:26:36', ts_id:'6927d3eed3054', play_icon:'' }) ;\">[00:26:36]<\/a> &#8230; pour \u00ab\u2009vacances\u2009\u00bb. C&#8217;est un nouveau concept qui consiste pour certains salari\u00e9s \u00e0 partir t\u00e9l\u00e9travailler au bord de la mer, par exemple, dans un endroit paradisiaque, et \u00e0 penser que c&#8217;est suffisant pour appeler \u00e7a des pseudo-vacances. Le probl\u00e8me, c&#8217;est que les vacances, normalement, c&#8217;est fait pour se reposer, pour d\u00e9connecter. Et donc, il y a de plus en plus de personnes avec le t\u00e9l\u00e9travail qui prennent moins de vacances, donc qui se reposent moins et finalement qui sont \u00e9puis\u00e9es. Donc \u00e7a, c&#8217;est quelque chose qui est compl\u00e8tement \u00e0 surveiller.<\/p>\n\n\n\n<p>Hugo : <a id=\"sonaar_ts-6927d3eed3059\" class=\"srmp3_sonaar_ts_shortcode\"  style=\"\" href=\"javascript:sonaar_ts_shortcode({ trackid:'0', time:'00:27:16', ts_id:'6927d3eed3059', play_icon:'' }) ;\">[00:27:16]<\/a> Ouais, exactement. Maintenant, peut-\u00eatre les inconv\u00e9nients pour l&#8217;entreprise. Alors, le principal, c&#8217;est qu&#8217;il faut compl\u00e8tement changer notre mode de management. Je vous disais qu&#8217;en France, pendant longtemps, les entreprises \u00e9taient r\u00e9ticentes \u00e0 adopter le t\u00e9l\u00e9travail parce qu&#8217;elles ont plut\u00f4t tendance \u00e0 fliquer leurs employ\u00e9s. \u00ab\u2009Fliquer\u2009\u00bb, c&#8217;est un verbe familier qui fait r\u00e9f\u00e9rence au mot \u00ab\u2009flic\u2009\u00bb. \u00ab\u2009Un flic\u2009\u00bb, dans la langue famili\u00e8re, c&#8217;est un policier. Donc \u00ab\u2009fliquer quelqu&#8217;un\u2009\u00bb, \u00e7a veut dire faire la police avec quelqu&#8217;un, surveiller quelqu&#8217;un de mani\u00e8re assez intensive. Donc, tout l&#8217;enjeu maintenant pour les entreprises, c&#8217;est comment g\u00e9rer leurs employ\u00e9s sans les fliquer, sans les surveiller \u00e0 outrance et sans tomber dans cette tendance \u00e0 les contr\u00f4ler de mani\u00e8re infantilisante. Il faut mettre en place un nouveau mod\u00e8le qui serait plut\u00f4t bas\u00e9 sur la confiance. C&#8217;\u00e9tait d\u00e9j\u00e0 quelque chose de difficile quand les employ\u00e9s \u00e9taient au bureau. Donc l\u00e0, maintenant, avec les employ\u00e9s qui sont chez eux, c&#8217;est vraiment un casse-t\u00eate pour les employeurs. Je ne sais pas si c&#8217;est la m\u00eame chose dans les autres pays, mais en France, on a vraiment ce probl\u00e8me de confiance, j&#8217;ai l&#8217;impression.<\/p>\n\n\n\n<p>Ingrid : <a id=\"sonaar_ts-6927d3eed305e\" class=\"srmp3_sonaar_ts_shortcode\"  style=\"\" href=\"javascript:sonaar_ts_shortcode({ trackid:'0', time:'00:28:33', ts_id:'6927d3eed305e', play_icon:'' }) ;\">[00:28:33]<\/a> Comment tu le sens, toi\u2009?<\/p>\n\n\n\n<p>Hugo : <a id=\"sonaar_ts-6927d3eed3062\" class=\"srmp3_sonaar_ts_shortcode\"  style=\"\" href=\"javascript:sonaar_ts_shortcode({ trackid:'0', time:'00:28:34', ts_id:'6927d3eed3062', play_icon:'' }) ;\">[00:28:34]<\/a> Moi, je pense que si on recrute les bonnes personnes, apr\u00e8s, on peut leur faire confiance. Donc moi, voil\u00e0, je n&#8217;ai pas du tout de probl\u00e8me avec vous, je vous fais totalement confiance. Et apr\u00e8s, on peut, au lieu justement de contr\u00f4ler les salari\u00e9s en fonction de leurs heures de travail, plut\u00f4t les contr\u00f4ler en fonction des r\u00e9sultats, mettre en place des projets, leur dire exactement ce qu&#8217;ils doivent faire et s&#8217;assurer ensuite que les projets sont faits dans les temps. \u00c7a, c&#8217;est une mani\u00e8re de gagner la confiance de l&#8217;employeur. Et pour l&#8217;employeur, c&#8217;est une mani\u00e8re de voir si les employ\u00e9s sont autonomes, s&#8217;ils respectent les <i>deadlines<\/i>, etc.<\/p>\n\n\n\n<p>Ingrid : <a id=\"sonaar_ts-6927d3eed306a\" class=\"srmp3_sonaar_ts_shortcode\"  style=\"\" href=\"javascript:sonaar_ts_shortcode({ trackid:'0', time:'00:29:15', ts_id:'6927d3eed306a', play_icon:'' }) ;\">[00:29:15]<\/a> Ouais. C&#8217;est un inconv\u00e9nient parce qu&#8217;il faut s&#8217;adapter, mais finalement, \u00e7a d\u00e9pend des personnes. Et peut-\u00eatre que tous les managers ne sont pas faits pour le t\u00e9l\u00e9travail et tous les salari\u00e9s ne sont pas faits pour le t\u00e9l\u00e9travail. Il faut que \u00e7a convienne \u00e0 tout le monde.<\/p>\n\n\n\n<p>Hugo : <a id=\"sonaar_ts-6927d3eed306f\" class=\"srmp3_sonaar_ts_shortcode\"  style=\"\" href=\"javascript:sonaar_ts_shortcode({ trackid:'0', time:'00:29:31', ts_id:'6927d3eed306f', play_icon:'' }) ;\">[00:29:31]<\/a> Exactement. Ensuite, il y a aussi la question de la motivation : comment on fait pour motiver les salari\u00e9s quand on ne les voit pas ou quand on les voit seulement sur Zoom\u2009? Et puis, plus g\u00e9n\u00e9ralement, la question de la culture d&#8217;entreprise : comment faire pour cr\u00e9er une culture d&#8217;entreprise, pour partager ses valeurs, etc.\u2009? \u00c7a, c&#8217;est quelque chose qui peut sembler un peu artificiel, mais on voit que les salari\u00e9s, maintenant, ont vraiment besoin de faire un travail qui a un sens. \u00c7a leur permet de justifier tous les efforts qu&#8217;ils font pour ce travail, \u00e7a les motive, etc. \u00c7a peut \u00eatre un peu difficile d&#8217;expliquer ce sens, d&#8217;expliquer ses valeurs et de cr\u00e9er une culture d&#8217;entreprise quand toutes les \u00e9quipes sont en t\u00e9l\u00e9travail.<\/p>\n\n\n\n<p>Ingrid : <a id=\"sonaar_ts-6927d3eed3073\" class=\"srmp3_sonaar_ts_shortcode\"  style=\"\" href=\"javascript:sonaar_ts_shortcode({ trackid:'0', time:'00:30:18', ts_id:'6927d3eed3073', play_icon:'' }) ;\">[00:30:18]<\/a> Oui, c&#8217;est vrai qu&#8217;il faut en fait cette \u00e9mulation entre coll\u00e8gues, qu&#8217;elle passe aussi avec les managers, etc. Et donc voil\u00e0. Nous, on essaie encore de&#8230; Enfin, je sais qu&#8217;Hugo, pour toi, c&#8217;est important qu&#8217;on se voie, qu&#8217;on se fasse des r\u00e9unions. Puis, heureusement, on peut discuter avec tous les abonn\u00e9s en vous faisant partager ces conversations dans des podcasts.<\/p>\n\n\n\n<p>Hugo : <a id=\"sonaar_ts-6927d3eed3077\" class=\"srmp3_sonaar_ts_shortcode\"  style=\"\" href=\"javascript:sonaar_ts_shortcode({ trackid:'0', time:'00:30:40', ts_id:'6927d3eed3077', play_icon:'' }) ;\">[00:30:40]<\/a> Exactement.<\/p>\n\n\n\n<p>Ingrid : <a id=\"sonaar_ts-6927d3eed307c\" class=\"srmp3_sonaar_ts_shortcode\"  style=\"\" href=\"javascript:sonaar_ts_shortcode({ trackid:'0', time:'00:30:40', ts_id:'6927d3eed307c', play_icon:'' }) ;\">[00:30:40]<\/a> \u00c7a nous permet d&#8217;avoir une culture d&#8217;entreprise en m\u00eame temps.<\/p>\n\n\n\n<p>Hugo : <a id=\"sonaar_ts-6927d3eed3080\" class=\"srmp3_sonaar_ts_shortcode\"  style=\"\" href=\"javascript:sonaar_ts_shortcode({ trackid:'0', time:'00:30:45', ts_id:'6927d3eed3080', play_icon:'' }) ;\">[00:30:45]<\/a> Et transparente, une culture extr\u00eamement transparente. Sans tabou.<br>Ensuite, qu&#8217;est-ce qu&#8217;on a d&#8217;autre comme inconv\u00e9nients\u2009? Bah, pour le pays, il y a le risque de l&#8217;exode des cadres, des travailleurs qualifi\u00e9s. Parce que si ces personnes peuvent travailler de n&#8217;importe quel pays, elles vont avoir tendance \u00e0 comparer les syst\u00e8mes d&#8217;imp\u00f4ts, les syst\u00e8mes de protection sociale, et \u00e0 choisir tout simplement le meilleur pays pour elles. \u00c7a va \u00eatre une s\u00e9lection, on peut dire, des pays \u00ab\u2009\u00e0 la carte\u2009\u00bb et \u00e7a, \u00e7a peut cr\u00e9er un probl\u00e8me si&#8230; Par exemple, pour la France, parce que ses travailleurs qualifi\u00e9s vont aller payer leurs imp\u00f4ts dans d&#8217;autres pays. Donc \u00e7a peut \u00eatre un manque \u00e0 gagner pour le pays. Et puis, \u00e7a peut mettre en concurrence les syst\u00e8mes sociaux et fiscaux des pays, ce qui peut avoir tendance \u00e0 tirer les choses vers le bas. Les pays vont essayer de r\u00e9duire leurs imp\u00f4ts le plus possible pour \u00eatre attractifs pour ces travailleurs qualifi\u00e9s.<\/p>\n\n\n\n<p>Ingrid : [<a id=\"sonaar_ts-6927d3eed3085\" class=\"srmp3_sonaar_ts_shortcode\"  style=\"\" href=\"javascript:sonaar_ts_shortcode({ trackid:'0', time:'00:31:51', ts_id:'6927d3eed3085', play_icon:'' }) ;\">00:31:51]<\/a> Oui, \u00e7a fait un nouveau mod\u00e8le \u00e9conomique finalement, qu&#8217;il faut r\u00e9inventer pour tout le monde. Parce que m\u00eame pour le salari\u00e9 et pour l&#8217;entreprise, il faut r\u00e9ussir \u00e0 trouver le bon \u00e9quilibre par rapport \u00e0 toutes les d\u00e9penses qui sont entra\u00een\u00e9es par le travail, etc. Donc c&#8217;est vrai qu&#8217;on est encore dans une p\u00e9riode assez floue par rapport \u00e0 quel est le mod\u00e8le \u00e9conomique mondial si tout le monde\u2026 enfin tout le monde, si beaucoup de personnes se mettent \u00e0 t\u00e9l\u00e9travailler\u2009; et \u00e7a, on n&#8217;a pas encore vraiment la r\u00e9ponse.<\/p>\n\n\n\n<p>Hugo : <a id=\"sonaar_ts-6927d3eed308d\" class=\"srmp3_sonaar_ts_shortcode\"  style=\"\" href=\"javascript:sonaar_ts_shortcode({ trackid:'0', time:'00:32:25', ts_id:'6927d3eed308d', play_icon:'' }) ;\">[00:32:25]<\/a> Ouais. Et puis on va finir, peut-\u00eatre, en parlant des in\u00e9galit\u00e9s. Ce ne serait pas un \u00e9pisode InnerFrench si on ne parlait pas d&#8217;in\u00e9galit\u00e9s. Alors, le t\u00e9l\u00e9travail, \u00e7a provoque aussi des in\u00e9galit\u00e9s et on n&#8217;est pas les seuls \u00e0 le dire, \u00e9videmment. Il y a m\u00eame un rapport du S\u00e9nat fran\u00e7ais qui a mis en lumi\u00e8re ces diff\u00e9rentes in\u00e9galit\u00e9s. D&#8217;abord, il y a la question des classes sociales. On peut se demander si le t\u00e9l\u00e9travail est un privil\u00e8ge de classe. On a dit que \u00e7a concernait en fait une minorit\u00e9 des employ\u00e9s. Une minorit\u00e9 des employ\u00e9s ont la possibilit\u00e9 de t\u00e9l\u00e9travailler, mais pour la grande majorit\u00e9, le travail doit encore \u00eatre fait sur site. \u00ab\u2009Sur site\u2009\u00bb, \u00e7a veut dire \u00ab\u2009dans l&#8217;entreprise\u2009\u00bb, \u00ab\u2009au bureau\u2009\u00bb. Donc \u00e7a, \u00e7a cr\u00e9e une nouvelle source d&#8217;in\u00e9galit\u00e9s entre les travailleurs, ceux qui ont le privil\u00e8ge de pouvoir t\u00e9l\u00e9travailler plusieurs jours \u00e0 la maison ou alors d&#8217;\u00eatre 100 % en t\u00e9l\u00e9travail, et les autres qui doivent continuer d&#8217;aller au bureau, de prendre les transports, etc.<\/p>\n\n\n\n<p>Ingrid : <a id=\"sonaar_ts-6927d3eed3092\" class=\"srmp3_sonaar_ts_shortcode\"  style=\"\" href=\"javascript:sonaar_ts_shortcode({ trackid:'0', time:'00:33:31', ts_id:'6927d3eed3092', play_icon:'' }) ;\">[00:33:31]<\/a> Et apr\u00e8s, en termes d&#8217;in\u00e9galit\u00e9s, il y a d&#8217;autres in\u00e9galit\u00e9s assez classiques. \u00c9videmment, il faut bien qu&#8217;on parle de \u00e7a. Entre les hommes et les femmes, la situation face au t\u00e9l\u00e9travail n&#8217;est pas la m\u00eame, notamment pour les femmes qui ont des enfants, m\u00eame, avant, les femmes qui vivent en couple. Comme souvent, les t\u00e2ches m\u00e9nag\u00e8res ne sont pas bien r\u00e9parties entre les hommes et les femmes et que \u00e7a, c&#8217;est exag\u00e9r\u00e9 encore plus quand il y a des enfants, eh bien, quand on est en t\u00e9l\u00e9travail, pour une femme, \u00e7a veut souvent dire avoir encore plus de t\u00e2ches m\u00e9nag\u00e8res, que le conjoint compte encore plus sur vous pour faire des choses puisque \u00ab\u2009si tu es \u00e0 la maison, pourquoi tu ne l&#8217;as pas fait\u2009?\u2009\u00bb, et des choses comme \u00e7a. Alors que pour les hommes, <i>a priori<\/i>, c&#8217;est moins p\u00e9nalisant.<\/p>\n\n\n\n<p>Hugo : <a id=\"sonaar_ts-6927d3eed3096\" class=\"srmp3_sonaar_ts_shortcode\"  style=\"\" href=\"javascript:sonaar_ts_shortcode({ trackid:'0', time:'00:34:23', ts_id:'6927d3eed3096', play_icon:'' }) ;\">[00:34:23]<\/a> Exactement. Et d&#8217;apr\u00e8s un sondage qui a \u00e9t\u00e9 r\u00e9alis\u00e9 cette ann\u00e9e ou l&#8217;ann\u00e9e derni\u00e8re par le cabinet de conseil du <i>Boston Consulting Group<\/i>, le t\u00e9l\u00e9travail g\u00e9n\u00e8re plus d&#8217;angoisse, d&#8217;anxi\u00e9t\u00e9, pour les femmes que pour les hommes. Pendant le Covid, les hommes ont mieux v\u00e9cu cette p\u00e9riode en t\u00e9l\u00e9travail que les femmes, parce que les femmes avaient plus de choses \u00e0 g\u00e9rer, que la charge mentale n&#8217;\u00e9tait pas toujours partag\u00e9e, n&#8217;\u00e9tait pas r\u00e9partie de mani\u00e8re tr\u00e8s \u00e9quitable. Donc \u00e7a aussi, c&#8217;est une question sur laquelle il faudra \u00eatre vigilant. Une question \u00e0 laquelle il faudra faire attention par la suite.<\/p>\n\n\n\n<p>Ingrid : <a id=\"sonaar_ts-6927d3eed309e\" class=\"srmp3_sonaar_ts_shortcode\"  style=\"\" href=\"javascript:sonaar_ts_shortcode({ trackid:'0', time:'00:35:04', ts_id:'6927d3eed309e', play_icon:'' }) ;\">[00:35:04]<\/a> Exactement. Bon, bah on a fait un petit bilan assez complet, je pense, sur les avantages et les inconv\u00e9nients du t\u00e9l\u00e9travail. On aimerait bien savoir ce que vous en pensez. Est-ce que vous avez d\u00e9j\u00e0 fait du t\u00e9l\u00e9travail\u2009? Est-ce que pour vous, \u00e7a fonctionne bien ou est-ce qu&#8217;au contraire, vous avez l&#8217;impression que vous ne pourriez pas travailler en t\u00e9l\u00e9travail\u2009? \u00c7a nous int\u00e9resse, donc dites-nous tout en commentaire et n&#8217;h\u00e9sitez pas \u00e0 vous r\u00e9pondre entre vous dans les commentaires. C&#8217;est aussi possible.<\/p>\n\n\n\n<p>Hugo : <a id=\"sonaar_ts-6927d3eed30a3\" class=\"srmp3_sonaar_ts_shortcode\"  style=\"\" href=\"javascript:sonaar_ts_shortcode({ trackid:'0', time:'00:35:37', ts_id:'6927d3eed30a3', play_icon:'' }) ;\">[00:35:37]<\/a> En fran\u00e7ais, bien s\u00fbr\u2009!<\/p>\n\n\n\n<p>Ingrid : <a id=\"sonaar_ts-6927d3eed30a7\" class=\"srmp3_sonaar_ts_shortcode\"  style=\"\" href=\"javascript:sonaar_ts_shortcode({ trackid:'0', time:'00:35:37', ts_id:'6927d3eed30a7', play_icon:'' }) ;\">[00:35:37]<\/a> Bien s\u00fbr.<\/p>\n\n\n\n<p>Hugo : <a id=\"sonaar_ts-6927d3eed30ab\" class=\"srmp3_sonaar_ts_shortcode\"  style=\"\" href=\"javascript:sonaar_ts_shortcode({ trackid:'0', time:'00:35:38', ts_id:'6927d3eed30ab', play_icon:'' }) ;\">[00:35:38]<\/a> Voil\u00e0, merci Ingrid. Et puis, on se retrouve bient\u00f4t.<\/p>\n\n\n\n<p>Ingrid : <a id=\"sonaar_ts-6927d3eed30b0\" class=\"srmp3_sonaar_ts_shortcode\"  style=\"\" href=\"javascript:sonaar_ts_shortcode({ trackid:'0', time:'00:35:42', ts_id:'6927d3eed30b0', play_icon:'' }) ;\">[00:35:42]<\/a> Oui, on se retrouve bient\u00f4t.<\/p>\n\n\n\n<p>Hugo : <a id=\"sonaar_ts-6927d3eed30b4\" class=\"srmp3_sonaar_ts_shortcode\"  style=\"\" href=\"javascript:sonaar_ts_shortcode({ trackid:'0', time:'00:35:46', ts_id:'6927d3eed30b4', play_icon:'' }) ;\">[00:35:46]<\/a> Ciao\u2009!<\/p>\n","protected":false},"excerpt":{"rendered":"<p>Salut \u00e0 toutes et \u00e0 tous, je suis ravi de vous retrouver pour un nouvel \u00e9pisode en compagnie d&#8217;Ingrid. Ingrid : Bonjour tout le monde. Hugo : Alors, Ingrid, aujourd&#8217;hui on va parler de travail et plus pr\u00e9cis\u00e9ment de t\u00e9l\u00e9travail. Et c&#8217;est quelque chose qui nous concerne de pr\u00e8s chez InnerFrench parce que toute l&#8217;\u00e9quipe&#8230;<\/p>\n","protected":false},"author":17473,"featured_media":289682,"comment_status":"open","ping_status":"open","sticky":false,"template":"","format":[191],"meta":{"_acf_changed":false,"_kad_blocks_custom_css":"","_kad_blocks_head_custom_js":"","_kad_blocks_body_custom_js":"","_kad_blocks_footer_custom_js":"","_kad_post_transparent":"","_kad_post_title":"","_kad_post_layout":"","_kad_post_sidebar_id":"","_kad_post_content_style":"","_kad_post_vertical_padding":"","_kad_post_feature":"","_kad_post_feature_position":"","_kad_post_header":false,"_kad_post_footer":false,"_kad_post_classname":"","footnotes":""},"categories":[168],"tags":[175,172],"class_list":["post-22757","post","type-post","status-publish","format-standard","has-post-thumbnail","hentry","category-podcast","tag-france","tag-societe","format-duo-hugo-ingrid"],"acf":[],"taxonomy_info":{"category":[{"value":168,"label":"Podcast"}],"post_tag":[{"value":175,"label":"France"},{"value":172,"label":"Soci\u00e9t\u00e9"}],"format":[{"value":191,"label":"Duo Hugo &amp; Ingrid"}]},"featured_image_src_large":["https:\/\/innerfrench.com\/wp-content\/uploads\/2022\/11\/teletravail2-e1718022334847-750x406.jpg",750,406,true],"author_info":{"display_name":"Hugo &amp; Ingrid","author_link":"https:\/\/innerfrench.com\/author\/hugo_ingrid\/"},"comment_info":26,"category_info":[{"term_id":168,"name":"Podcast","slug":"podcast","term_group":0,"term_taxonomy_id":168,"taxonomy":"category","description":"","parent":0,"count":185,"filter":"raw","cat_ID":168,"category_count":185,"category_description":"","cat_name":"Podcast","category_nicename":"podcast","category_parent":0}],"tag_info":[{"term_id":175,"name":"France","slug":"france","term_group":0,"term_taxonomy_id":175,"taxonomy":"post_tag","description":"","parent":0,"count":100,"filter":"raw"},{"term_id":172,"name":"Soci\u00e9t\u00e9","slug":"societe","term_group":0,"term_taxonomy_id":172,"taxonomy":"post_tag","description":"","parent":0,"count":94,"filter":"raw"}],"_links":{"self":[{"href":"https:\/\/innerfrench.com\/wp-json\/wp\/v2\/posts\/22757","targetHints":{"allow":["GET"]}}],"collection":[{"href":"https:\/\/innerfrench.com\/wp-json\/wp\/v2\/posts"}],"about":[{"href":"https:\/\/innerfrench.com\/wp-json\/wp\/v2\/types\/post"}],"author":[{"embeddable":true,"href":"https:\/\/innerfrench.com\/wp-json\/wp\/v2\/users\/17473"}],"replies":[{"embeddable":true,"href":"https:\/\/innerfrench.com\/wp-json\/wp\/v2\/comments?post=22757"}],"version-history":[{"count":2,"href":"https:\/\/innerfrench.com\/wp-json\/wp\/v2\/posts\/22757\/revisions"}],"predecessor-version":[{"id":293620,"href":"https:\/\/innerfrench.com\/wp-json\/wp\/v2\/posts\/22757\/revisions\/293620"}],"wp:featuredmedia":[{"embeddable":true,"href":"https:\/\/innerfrench.com\/wp-json\/wp\/v2\/media\/289682"}],"wp:attachment":[{"href":"https:\/\/innerfrench.com\/wp-json\/wp\/v2\/media?parent=22757"}],"wp:term":[{"taxonomy":"category","embeddable":true,"href":"https:\/\/innerfrench.com\/wp-json\/wp\/v2\/categories?post=22757"},{"taxonomy":"post_tag","embeddable":true,"href":"https:\/\/innerfrench.com\/wp-json\/wp\/v2\/tags?post=22757"},{"taxonomy":"format","embeddable":true,"href":"https:\/\/innerfrench.com\/wp-json\/wp\/v2\/format?post=22757"}],"curies":[{"name":"wp","href":"https:\/\/api.w.org\/{rel}","templated":true}]}}