{"id":2278,"date":"2019-05-23T10:05:36","date_gmt":"2019-05-23T08:05:36","guid":{"rendered":"https:\/\/innerfrench.com\/?p=2278"},"modified":"2025-10-01T10:46:00","modified_gmt":"2025-10-01T08:46:00","slug":"66-francais-europeen","status":"publish","type":"post","link":"https:\/\/innerfrench.com\/66-francais-europeen\/","title":{"rendered":"#66 Fran\u00e7ais ou Europ\u00e9en ?"},"content":{"rendered":"\n<p>Salut \u00e0 toutes et \u00e0 tous, j&#8217;esp\u00e8re que vous allez bien. Bienvenue pour ce nouvel \u00e9pisode ! Si vous m&#8217;avez \u00e9cout\u00e9 la derni\u00e8re fois, vous savez que je suis rentr\u00e9 en France pour quelques jours. J&#8217;en ai profit\u00e9 pour voir mes amis, passer du temps avec ma famille, recharger les batteries. C&#8217;\u00e9tait vraiment bien. Et c&#8217;\u00e9tait tellement bien que j&#8217;ai oubli\u00e9 mon sac \u00e0 dos avec mon ordinateur portable chez un ami \u00e0 Paris. Ce qui fait que la semaine derni\u00e8re, j&#8217;ai pas pu publier de vid\u00e9o sur YouTube. Vous savez que c&#8217;est ma bonne r\u00e9solution cette ann\u00e9e, de poster une nouvelle vid\u00e9o sur YouTube chaque semaine. Mais malheureusement, j&#8217;ai pas pu le faire la semaine derni\u00e8re donc je m&#8217;en excuse pour ceux qui sont abonn\u00e9s \u00e0 la cha\u00eene et qui attendaient la nouvelle vid\u00e9o. Malheureusement, il n&#8217;y en a pas eu. Mais &#8220;c&#8217;est la vie&#8221;, comme on dit en fran\u00e7ais. Ce sont des choses qui arrivent et je vais essayer de me rattraper dans le futur.<\/p>\n\n\n\n<p><a id=\"sonaar_ts-6927d512ebf27\" class=\"srmp3_sonaar_ts_shortcode\"  style=\"\" href=\"javascript:sonaar_ts_shortcode({ trackid:'0', time:'00:01:11', ts_id:'6927d512ebf27', play_icon:'' }) ;\">[00:01:11]<\/a> Maintenant, je suis de retour et je suis tr\u00e8s content de repasser derri\u00e8re le micro pour pouvoir vous parler un peu. On va, dans cet \u00e9pisode, parler de l&#8217;Union europ\u00e9enne parce que, comme vous le savez peut-\u00eatre, ce weekend, il y a des \u00e9lections assez importantes pour les citoyens europ\u00e9ens; des \u00e9lections pour \u00e9lire les membres du Parlement europ\u00e9en. Alors on va parler de \u00e7a mais avant, on va \u00e9couter le t\u00e9moignage d&#8217;un auditeur du podcast. Vous savez que c&#8217;est notre petit rituel. Donc je vais laisser la parole \u00e0 Noah.<\/p>\n\n\n\n<p><a id=\"sonaar_ts-6927d512ebf35\" class=\"srmp3_sonaar_ts_shortcode\"  style=\"\" href=\"javascript:sonaar_ts_shortcode({ trackid:'0', time:'00:01:47', ts_id:'6927d512ebf35', play_icon:'' }) ;\">[00:01:47]<\/a> Salut Hugo<\/p>\n\n\n\n<p>Je m&#8217;appelle Noah et j&#8217;habite aux \u00c9tats-Unis, plus pr\u00e9cis\u00e9ment \u00e0 New York. C&#8217;est un plaisir de te rencontrer, m\u00eame si c&#8217;est pas face \u00e0 face. J&#8217;esp\u00e8re que tu vas bien et je voudrais que tu saches que tes podcasts, et plus r\u00e9cemment tes vid\u00e9os, m&#8217;ont beaucoup aid\u00e9 \u00e0 am\u00e9liorer mes comp\u00e9tences de compr\u00e9hension en fran\u00e7ais. Mais de plus, ils m&#8217;ont vraiment motiv\u00e9.<\/p>\n\n\n\n<p>Il est \u00e9vident que tu comprends bien l&#8217;exp\u00e9rience d&#8217;un apprenant de langue et que tu souhaites plut\u00f4t rendre l&#8217;apprentissage plus vivant, plus agr\u00e9able et plus efficace. J&#8217;apprends le fran\u00e7ais depuis environ un an et tes ressources sont parmi mes pr\u00e9f\u00e9r\u00e9es. Tu as bien trouv\u00e9 ta niche.<\/p>\n\n\n\n<p><a id=\"sonaar_ts-6927d512ebf3c\" class=\"srmp3_sonaar_ts_shortcode\"  style=\"\" href=\"javascript:sonaar_ts_shortcode({ trackid:'0', time:'00:02:39', ts_id:'6927d512ebf3c', play_icon:'' }) ;\">[00:02:39]<\/a> Il me semble que toi et moi avons des int\u00e9r\u00eats assez similaires, \u00e9tant donn\u00e9 que je suis aussi int\u00e9ress\u00e9 par les langues, le d\u00e9veloppement personnel, la psychologie et je suis aussi v\u00e9gane. J&#8217;ai trouv\u00e9 \u00e9tonnant le fait que tu n&#8217;aies pas mentionn\u00e9 les raisons d&#8217;\u00eatre vegan qui concernent la sant\u00e9 pendant l&#8217;\u00e9pisode, \u00e9tant donn\u00e9 qu&#8217;elles sont tr\u00e8s tr\u00e8s tr\u00e8s tr\u00e8s convaincantes et, selon moi, ce sont les raisons les plus motivantes. Mais peut-\u00eatre que \u00e7a me donne l&#8217;air plut\u00f4t \u00e9go\u00efste mais d\u00e9sol\u00e9, j&#8217;ai peur de mourir. Je te conseille de lire le livre How not to die de l&#8217;auteur Michael Greger. Je suis vraiment s\u00fbr que tu l&#8217;aimerais.<\/p>\n\n\n\n<p>Bref, c&#8217;est tout pour l&#8217;instant. Mon message est d\u00e9j\u00e0 un peu long. Merci pour tout ce que tu fais. Et ciao !<\/p>\n\n\n\n<p><a id=\"sonaar_ts-6927d512ebf42\" class=\"srmp3_sonaar_ts_shortcode\"  style=\"\" href=\"javascript:sonaar_ts_shortcode({ trackid:'0', time:'00:03:43', ts_id:'6927d512ebf42', play_icon:'' }) ;\">[00:03:43]<\/a> Merci Noah pour ton enregistrement. Bon, je dois dire que vous m&#8217;impressionnez beaucoup, vous, les auditeurs et les auditrices du podcast, parce que vous \u00eates capables de parler fran\u00e7ais en tr\u00e8s peu de temps. Tu nous dis que \u00e7a fait seulement un an que tu apprends le fran\u00e7ais et tu es d\u00e9j\u00e0 capable d&#8217;exprimer tes id\u00e9es de mani\u00e8re tr\u00e8s claire. On te comprend tr\u00e8s facilement m\u00eame si ce sont des id\u00e9es un peu complexes. Et en plus, tu utilises de tr\u00e8s bonnes expressions qui sont vraiment naturelles. Donc je dois dire que je suis assez impressionn\u00e9. Moi, apr\u00e8s avoir appris le polonais pendant un an, je n&#8217;\u00e9tais pas du tout capable de parler aussi bien que toi. Bon, maintenant \u00e7a fait 5 ans, j&#8217;ai un peu plus d&#8217;exp\u00e9rience donc je peux parler de mani\u00e8re plus fluide. Mais c&#8217;est vraiment impressionnant.<\/p>\n\n\n\n<p><a id=\"sonaar_ts-6927d512ebf46\" class=\"srmp3_sonaar_ts_shortcode\"  style=\"\" href=\"javascript:sonaar_ts_shortcode({ trackid:'0', time:'00:04:36', ts_id:'6927d512ebf46', play_icon:'' }) ;\">[00:04:36]<\/a> Bon, si vous, vous n&#8217;avez pas un niveau aussi bon que Noah alors que vous apprenez le fran\u00e7ais depuis un an ou plus, ne vous inqui\u00e9tez pas, c&#8217;est normal ! Chacun \u00e9volue \u00e0 une vitesse diff\u00e9rente. Chacun fait des progr\u00e8s \u00e0 son propre rythme. \u00c7a ne veut pas dire que vous \u00eates nuls ou que vous n&#8217;allez jamais \u00eatre capables d&#8217;apprendre le fran\u00e7ais. \u00c7a veut simplement dire que vous avez besoin d&#8217;un peu plus de temps. Et comme vous le savez : apprendre une langue, c&#8217;est un marathon. Donc on a besoin d&#8217;\u00eatre patient si on veut voir des progr\u00e8s. Mais \u00e7a, c&#8217;est pas grave parce que si vous faites des choses que vous aimez, des choses qui vous plaisent, vous n&#8217;allez pas voir le temps passer et vous allez prendre du plaisir dans votre apprentissage.<\/p>\n\n\n\n<p><a id=\"sonaar_ts-6927d512ebf4b\" class=\"srmp3_sonaar_ts_shortcode\"  style=\"\" href=\"javascript:sonaar_ts_shortcode({ trackid:'0', time:'00:05:26', ts_id:'6927d512ebf4b', play_icon:'' }) ;\">[00:05:26]<\/a> Noah, dans ton message, tu nous parles aussi de v\u00e9ganisme tu nous dis que tu es v\u00e9gane, comme moi. Et c&#8217;est vrai que dans l&#8217;\u00e9pisode que j&#8217;ai consacr\u00e9 \u00e0 ce sujet, j&#8217;ai pas vraiment abord\u00e9 les questions de sant\u00e9. Toi, tu dis que ce sont les raisons qui t&#8217;ont pouss\u00e9 \u00e0 adopter un r\u00e9gime v\u00e9g\u00e9talien et que, peut-\u00eatre, c&#8217;est quelque chose d&#8217;un peu \u00e9go\u00efste. Alors non, personnellement je ne pense pas que ce soit quelque chose d&#8217;\u00e9go\u00efste ! Chacun peut d\u00e9cider d&#8217;adopter ce r\u00e9gime pour diff\u00e9rentes raisons. \u00c7a peut \u00eatre pour la sant\u00e9, comme toi, ou pour des raisons \u00e9thiques, comme moi. \u00c9galement pour l&#8217;environnement parce qu&#8217;il y a beaucoup d&#8217;\u00e9tudes qui montrent que le r\u00e9gime v\u00e9g\u00e9talien est meilleur pour l&#8217;environnement parce que la production de fruits et de l\u00e9gumes consomme moins de ressources que l&#8217;\u00e9levage d&#8217;animaux. Donc voil\u00e0, comme vous le voyez, il y a plein de bonnes raisons d&#8217;adopter un r\u00e9gime v\u00e9g\u00e9talien.<\/p>\n\n\n\n<p><a id=\"sonaar_ts-6927d512ebf59\" class=\"srmp3_sonaar_ts_shortcode\"  style=\"\" href=\"javascript:sonaar_ts_shortcode({ trackid:'0', time:'00:06:28', ts_id:'6927d512ebf59', play_icon:'' }) ;\">[00:06:28]<\/a> Mais la sant\u00e9, c&#8217;est quelque chose d&#8217;assez pol\u00e9mique parce qu&#8217;il y a plein d&#8217;\u00e9tudes sur ce sujet, des \u00e9tudes qui, parfois, se contredisent. Donc j&#8217;avais pas vraiment envie d&#8217;entrer dans les d\u00e9tails et d&#8217;en parler dans cet \u00e9pisode.<\/p>\n\n\n\n<p><a id=\"sonaar_ts-6927d512ebf5f\" class=\"srmp3_sonaar_ts_shortcode\"  style=\"\" href=\"javascript:sonaar_ts_shortcode({ trackid:'0', time:'00:06:44', ts_id:'6927d512ebf5f', play_icon:'' }) ;\">[00:06:44]<\/a> Personnellement, quand je suis pass\u00e9 \u00e0 un r\u00e9gime 100% v\u00e9g\u00e9tal, c&#8217;est vrai que j&#8217;ai vu certains effets sur ma sant\u00e9. Des effets qui \u00e9taient assez inattendus parce que c&#8217;\u00e9tait pas du tout pour \u00e7a que j&#8217;avais d\u00e9cid\u00e9 de changer mon alimentation. Mais apr\u00e8s quelques mois, je me suis rendu compte que globalement, j&#8217;avais plus d&#8217;\u00e9nergie. Par exemple, le matin, j&#8217;ai plus besoin de boire de caf\u00e9 quand je me r\u00e9veille. Je suis d\u00e9j\u00e0 plein d&#8217;\u00e9nergie et \u00e7a, c&#8217;est assez diff\u00e9rent de comment je me sentais avant. Avant, j&#8217;avais syst\u00e9matiquement besoin de boire un caf\u00e9 pour me r\u00e9veiller. Et maintenant, c\u02bcest plus le cas. \u00c0 mon avis, c&#8217;est li\u00e9 \u00e0 des questions de digestion. Je dig\u00e8re mieux parce que je mange des choses qui sont moins lourdes. Et tout \u00e7a, \u00e7a me permet \u00e9galement de faire du sport. J&#8217;ai plein d&#8217;\u00e9nergie pour faire du sport. Je m&#8217;entra\u00eene quatre fois par semaine \u00e0 la salle. Donc voil\u00e0, c&#8217;est vrai qu&#8217;il y a beaucoup de b\u00e9n\u00e9fices. Je sais pas dans quelle mesure ce sont des choses qui sont li\u00e9es plut\u00f4t \u00e0 des effets placebo ou alors \u00e0 des vrais b\u00e9n\u00e9fices sur la sant\u00e9. Mais voil\u00e0, en tout cas, pour moi \u00e7a marche donc j&#8217;en suis tr\u00e8s content.<\/p>\n\n\n\n<p><a id=\"sonaar_ts-6927d512ebf63\" class=\"srmp3_sonaar_ts_shortcode\"  style=\"\" href=\"javascript:sonaar_ts_shortcode({ trackid:'0', time:'00:08:00', ts_id:'6927d512ebf63', play_icon:'' }) ;\">[00:08:00]<\/a> Merci Noah de m&#8217;avoir rappel\u00e9 \u00e7a, \u00e7a me permet de faire encore un peu de pros\u00e9lytisme pro v\u00e9gane !<\/p>\n\n\n\n<p><a id=\"sonaar_ts-6927d512ebf68\" class=\"srmp3_sonaar_ts_shortcode\"  style=\"\" href=\"javascript:sonaar_ts_shortcode({ trackid:'0', time:'00:08:08', ts_id:'6927d512ebf68', play_icon:'' }) ;\">[00:08:08]<\/a> Maintenant, je vais fermer la parenth\u00e8se et on va pouvoir attaquer notre sujet du jour. Comme vous le savez peut-\u00eatre si vous suivez un peu l&#8217;actualit\u00e9 politique, ce weekend, \u00e7a va \u00eatre un moment assez important pour les citoyens europ\u00e9ens parce qu&#8217;ils vont aller \u00e9lire les membres du Parlement europ\u00e9en. Ils vont aller \u00e9lire leurs repr\u00e9sentants.<\/p>\n\n\n\n<p><a id=\"sonaar_ts-6927d512ebf6d\" class=\"srmp3_sonaar_ts_shortcode\"  style=\"\" href=\"javascript:sonaar_ts_shortcode({ trackid:'0', time:'00:08:31', ts_id:'6927d512ebf6d', play_icon:'' }) ;\">[00:08:31]<\/a> Mais c&#8217;est vrai que depuis quelques ann\u00e9es, il y a de plus en plus de d\u00e9fiance vis-\u00e0-vis de l&#8217;Union europ\u00e9enne. Il y a de plus en plus de citoyens qui se demandent si l&#8217;Union europ\u00e9enne est bien utile. Ce qui fait que l&#8217;abstention \u00e0 ces \u00e9lections est de plus en plus \u00e9lev\u00e9e. Les premi\u00e8res \u00e9lections europ\u00e9ennes ont eu lieu en 1979 et, \u00e0 ce moment-l\u00e0, il y avait 39% d&#8217;abstention en France. Par contre, aux derni\u00e8res \u00e9lections en 2014, l&#8217;abstention \u00e9tait de 58%. Autrement dit, la majorit\u00e9 des Fran\u00e7ais en \u00e2ge de voter ne s&#8217;est pas d\u00e9plac\u00e9e pour voter \u00e0 ces \u00e9lections. Il y a eu une abstention assez \u00e9norme et les sondages pr\u00e9voient que cette ann\u00e9e, \u00e7a va \u00eatre plus ou moins la m\u00eame chose. Et depuis quelques ann\u00e9es, il y a de plus en plus de signes qui illustrent cette d\u00e9fiance vis-\u00e0-vis de l&#8217;Union europ\u00e9enne, notamment Brexit.<\/p>\n\n\n\n<p><a id=\"sonaar_ts-6927d512ebf72\" class=\"srmp3_sonaar_ts_shortcode\"  style=\"\" href=\"javascript:sonaar_ts_shortcode({ trackid:'0', time:'00:09:32', ts_id:'6927d512ebf72', play_icon:'' }) ;\">[00:09:32]<\/a> Alors on peut se demander pourquoi il y a un tel d\u00e9samour de l&#8217;Union europ\u00e9enne ? Pourquoi une partie des citoyens ne se reconna\u00eet plus dans cette union politique et mon\u00e9taire ? Alors, dans cet \u00e9pisode on va s&#8217;int\u00e9resser un peu \u00e0 cette question. Je vais pas vous faire toute l&#8217;histoire d\u00e9taill\u00e9e de la construction europ\u00e9enne parce que \u00e7a serait assez technique et peut \u00eatre ennuyeux pour une partie d&#8217;entre vous. En plus, ce sont des informations que vous pouvez trouver tr\u00e8s facilement en ligne.<\/p>\n\n\n\n<p><a id=\"sonaar_ts-6927d512ebf76\" class=\"srmp3_sonaar_ts_shortcode\"  style=\"\" href=\"javascript:sonaar_ts_shortcode({ trackid:'0', time:'00:10:06', ts_id:'6927d512ebf76', play_icon:'' }) ;\">[00:10:06]<\/a> Moi, je vais plut\u00f4t vous parler de mon histoire personnelle avec l&#8217;Union europ\u00e9enne. Je vais vous d\u00e9crire l&#8217;Union europ\u00e9enne \u00e0 travers mes propres yeux : comment je l&#8217;ai d\u00e9couverte et ce qu&#8217;elle m&#8217;a permis de faire, concr\u00e8tement, tout au long de ma vie. Parce que c&#8217;est vrai que quand on fait partie d&#8217;un Etat membre de l&#8217;Union europ\u00e9enne, on a un peu cette double citoyennet\u00e9. D&#8217;un c\u00f4t\u00e9, on est citoyen de notre pays, donc moi je suis citoyen fran\u00e7ais. Mais de l&#8217;autre, on est aussi citoyen de l&#8217;Union europ\u00e9enne. Et ce que je vais essayer de vous montrer dans cet \u00e9pisode, c&#8217;est \u00e0 quel moment je me sens plut\u00f4t fran\u00e7ais et \u00e0 quel moment je me sens europ\u00e9en.<\/p>\n\n\n\n<p><a id=\"sonaar_ts-6927d512ebf7b\" class=\"srmp3_sonaar_ts_shortcode\"  style=\"\" href=\"javascript:sonaar_ts_shortcode({ trackid:'0', time:'00:10:51', ts_id:'6927d512ebf7b', play_icon:'' }) ;\">[00:10:51]<\/a> Alors avant de commencer, je vais faire une petite remarque. Quand je dis &#8220;Europ\u00e9en&#8221;, \u00e9videmment c&#8217;est un raccourci pour dire &#8220;citoyen de l&#8217;Union europ\u00e9enne&#8221;. Ici, je fais pas r\u00e9f\u00e9rence \u00e0 la d\u00e9finition g\u00e9ographique de l&#8217;Europe mais plut\u00f4t \u00e0 l&#8217;Union europ\u00e9enne. Je pr\u00e9f\u00e8re faire cette petite pr\u00e9cision parce que parfois, c&#8217;est pas vraiment clair pour certaines personnes. Donc voil\u00e0, quand je dis &#8220;europ\u00e9en&#8221;, je fais r\u00e9f\u00e9rence \u00e0 l&#8217;Union europ\u00e9enne et pas au continent europ\u00e9en.<\/p>\n\n\n\n<p><a id=\"sonaar_ts-6927d512ebf8a\" class=\"srmp3_sonaar_ts_shortcode\"  style=\"\" href=\"javascript:sonaar_ts_shortcode({ trackid:'0', time:'00:11:34', ts_id:'6927d512ebf8a', play_icon:'' }) ;\">[00:11:34]<\/a> Quand j&#8217;\u00e9tais petit, l&#8217;Union europ\u00e9enne, pour moi, c&#8217;\u00e9tait quelque chose d&#8217;assez abstrait. J&#8217;en entendais parler aux informations \u00e0 la t\u00e9l\u00e9 et puis \u00e0 l&#8217;\u00e9cole et pendant les cours d&#8217;histoire. Je sais pas comment c&#8217;est dans les autres pays, sur les autres continents, mais en France, on passe beaucoup de temps \u00e0 \u00e9tudier les diff\u00e9rentes guerres parce que c&#8217;est vrai que la France a pass\u00e9 une grande partie de son histoire \u00e0 faire la guerre \u00e0 ses voisins : \u00e0 l&#8217;Angleterre (notamment avec la c\u00e9l\u00e8bre guerre de Cent Ans aux XIV\u00e8me et XV\u00e8me si\u00e8cles), et puis plus tard, avec les guerres napol\u00e9oniennes dans toute l&#8217;Europe et enfin, au XX\u00e8me si\u00e8cle, les deux guerres mondiales qui opposaient, au d\u00e9part, la France et l&#8217;Allemagne.<\/p>\n\n\n\n<p><a id=\"sonaar_ts-6927d512ebf8f\" class=\"srmp3_sonaar_ts_shortcode\"  style=\"\" href=\"javascript:sonaar_ts_shortcode({ trackid:'0', time:'00:12:23', ts_id:'6927d512ebf8f', play_icon:'' }) ;\">[00:12:23]<\/a> Apr\u00e8s le massacre de la Seconde Guerre mondiale et ses 60 millions de victimes, tout \u00e7a s&#8217;est arr\u00eat\u00e9 un peu par magie. Enfin, pas vraiment par magie mais plut\u00f4t gr\u00e2ce \u00e0 la cr\u00e9ation d&#8217;une Communaut\u00e9 europ\u00e9enne. L&#8217;id\u00e9e ici, c&#8217;\u00e9tait de reprendre cette phrase de Montesquieu qui dit : &#8220;le commerce adoucit les m\u0153urs&#8221;. C&#8217;est vrai que, pendant longtemps, les guerres \u00e9taient motiv\u00e9es par une strat\u00e9gie de conqu\u00eate des territoires des adversaires parce que les pays pensaient qu&#8217;en prenant ces territoires, ils allaient pouvoir s&#8217;enrichir et avoir plus de ressources. Mais malheureusement, \u00e7a a pas tr\u00e8s bien march\u00e9 et surtout \u00e7a a co\u00fbt\u00e9 \u00e9norm\u00e9ment de vies et de ressources de faire la guerre.<\/p>\n\n\n\n<p><a id=\"sonaar_ts-6927d512ebf94\" class=\"srmp3_sonaar_ts_shortcode\"  style=\"\" href=\"javascript:sonaar_ts_shortcode({ trackid:'0', time:'00:13:13', ts_id:'6927d512ebf94', play_icon:'' }) ;\">[00:13:13]<\/a> Alors les dirigeants europ\u00e9ens, \u00e0 partir des ann\u00e9es 50, ont d\u00e9cid\u00e9 de changer un peu de strat\u00e9gie et de cr\u00e9er une communaut\u00e9 qui serait plut\u00f4t fond\u00e9e sur une union \u00e9conomique. Cette union \u00e9conomique a vu le jour en 1951, en partie gr\u00e2ce \u00e0 l&#8217;initiative du ministre fran\u00e7ais des Affaires \u00e9trang\u00e8res Robert Schumann et du commissaire Jean Monnet. Leur id\u00e9e, c&#8217;\u00e9tait de cr\u00e9er une Communaut\u00e9 europ\u00e9enne du charbon et de l&#8217;acier parce que, \u00e0 l&#8217;\u00e9poque, c&#8217;\u00e9taient deux ressources strat\u00e9giques pour l&#8217;industrie. Cette premi\u00e8re union \u00e9conomique, elle a \u00e9t\u00e9 faite entre la France, l&#8217;Allemagne de l&#8217;Ouest, l&#8217;Italie et le B\u00e9n\u00e9lux. Quand on dit &#8220;le B\u00e9n\u00e9lux&#8221;, c&#8217;est un groupe de trois pays : la Belgique, les Pays-Bas et le Luxembourg.<\/p>\n\n\n\n<p><a id=\"sonaar_ts-6927d512ebf99\" class=\"srmp3_sonaar_ts_shortcode\"  style=\"\" href=\"javascript:sonaar_ts_shortcode({ trackid:'0', time:'00:14:10', ts_id:'6927d512ebf99', play_icon:'' }) ;\">[00:14:10]<\/a> Cette premi\u00e8re Communaut\u00e9 europ\u00e9enne du charbon et de l&#8217;acier, elle a permis de poser les bases d&#8217;une coop\u00e9ration entre pays europ\u00e9ens. Comme ces pays europ\u00e9ens avaient des int\u00e9r\u00eats \u00e9conomiques communs, ils ont d\u00e9cid\u00e9 de coop\u00e9rer au lieu de se faire la guerre.<\/p>\n\n\n\n<p><a id=\"sonaar_ts-6927d512ebfa2\" class=\"srmp3_sonaar_ts_shortcode\"  style=\"\" href=\"javascript:sonaar_ts_shortcode({ trackid:'0', time:'00:14:29', ts_id:'6927d512ebfa2', play_icon:'' }) ;\">[00:14:29]<\/a> Quelques ann\u00e9es plus tard, en 1957, ils ont sign\u00e9 le trait\u00e9 de Rome et ce trait\u00e9 de Rome a permis de cr\u00e9er la Communaut\u00e9 \u00e9conomique europ\u00e9enne avec quatre institutions : la Commission europ\u00e9enne, le Conseil des ministres, l&#8217;Assembl\u00e9e parlementaire et la Cour de justice. Ces institutions ont permis d&#8217;approfondir les comp\u00e9tences de cette communaut\u00e9 \u00e9conomique. Et ensuite, la strat\u00e9gie, \u00e7a a \u00e9t\u00e9 d&#8217;accepter plus de pays pour \u00e9largir cette communaut\u00e9 avec un premier \u00e9largissement en 1973 qui a permis au Royaume-Uni, \u00e0 l&#8217;Irlande et au Danemark de rejoindre cette communaut\u00e9 \u00e9conomique europ\u00e9enne.<\/p>\n\n\n\n<p><a id=\"sonaar_ts-6927d512ebfa6\" class=\"srmp3_sonaar_ts_shortcode\"  style=\"\" href=\"javascript:sonaar_ts_shortcode({ trackid:'0', time:'00:15:18', ts_id:'6927d512ebfa6', play_icon:'' }) ;\">[00:15:18]<\/a> Ensuite, les dirigeants europ\u00e9ens ont d\u00e9cid\u00e9 de donner une dimension plus politique \u00e0 cette communaut\u00e9 en organisant, en 1979, les premi\u00e8res \u00e9lections du Parlement europ\u00e9en au suffrage universel direct. Autrement dit, les citoyens des \u00c9tats membres ont pu voter pour \u00e9lire directement leurs repr\u00e9sentants.<\/p>\n\n\n\n<p><a id=\"sonaar_ts-6927d512ebfab\" class=\"srmp3_sonaar_ts_shortcode\"  style=\"\" href=\"javascript:sonaar_ts_shortcode({ trackid:'0', time:'00:15:43', ts_id:'6927d512ebfab', play_icon:'' }) ;\">[00:15:43]<\/a> Un peu plus tard, en 1985, il y a eu les c\u00e9l\u00e8bres accords de Schengen qui ont permis de cr\u00e9er un espace de libre circulation \u00e0 l&#8217;int\u00e9rieur des fronti\u00e8res europ\u00e9ennes. Autrement dit, il n&#8217;y avait plus besoin de passeport pour aller d&#8217;un Etat membre \u00e0 l&#8217;autre. \u00c7a, \u00e7a s&#8217;est mis en place un peu plus tard, dix ans plus tard, parce qu&#8217;\u00e9videmment, il y avait beaucoup de contraintes techniques et beaucoup de choses \u00e0 tester avant de pouvoir impl\u00e9menter ces accords.<\/p>\n\n\n\n<p><a id=\"sonaar_ts-6927d512ebfb0\" class=\"srmp3_sonaar_ts_shortcode\"  style=\"\" href=\"javascript:sonaar_ts_shortcode({ trackid:'0', time:'00:16:17', ts_id:'6927d512ebfb0', play_icon:'' }) ;\">[00:16:17]<\/a> Et puis, en 1992, il y a eu le trait\u00e9 de Maastricht qui a permis de cr\u00e9er v\u00e9ritablement l&#8217;Union europ\u00e9enne. C&#8217;est \u00e0 ce moment-l\u00e0 que l&#8217;Union europ\u00e9enne a adopt\u00e9 son nom actuel et le trait\u00e9 a \u00e9galement annonc\u00e9 le passage \u00e0 une monnaie unique : l&#8217;euro. \u00c7a aussi, \u00e7a a pris un peu de temps et le d\u00e9lai qui \u00e9tait fix\u00e9 \u00e0 cette \u00e9poque, c&#8217;\u00e9tait un d\u00e9lai de dix ans.<\/p>\n\n\n\n<p><a id=\"sonaar_ts-6927d512ebfb5\" class=\"srmp3_sonaar_ts_shortcode\"  style=\"\" href=\"javascript:sonaar_ts_shortcode({ trackid:'0', time:'00:16:46', ts_id:'6927d512ebfb5', play_icon:'' }) ;\">[00:16:46]<\/a> \u00c7a, ce sont les grandes \u00e9tapes de la cr\u00e9ation de l&#8217;Union europ\u00e9enne dont je me rappelle gr\u00e2ce \u00e0 mes cours d&#8217;histoire. Bon, pour \u00eatre totalement honn\u00eate, j&#8217;ai d\u00fb r\u00e9viser un petit peu avant de faire cet \u00e9pisode parce que je ne me rappelais pas forc\u00e9ment des dates exactes. Mais on peut dire que, de ce point de vue, l&#8217;Union europ\u00e9enne, \u00e7a a \u00e9t\u00e9 une belle r\u00e9ussite. \u00c7a a vraiment permis de remplir cet objectif et d&#8217;assurer la paix dans cette zone de l&#8217;Europe.<\/p>\n\n\n\n<p><a id=\"sonaar_ts-6927d512ebfb9\" class=\"srmp3_sonaar_ts_shortcode\"  style=\"\" href=\"javascript:sonaar_ts_shortcode({ trackid:'0', time:'00:17:17', ts_id:'6927d512ebfb9', play_icon:'' }) ;\">[00:17:17]<\/a> Par contre, l&#8217;autre chose, \u00e0 c\u00f4t\u00e9 de \u00e7a, qui m&#8217;a marqu\u00e9 pendant mes cours d&#8217;histoire, c&#8217;est la complexit\u00e9 de ce processus. Aujourd&#8217;hui, il existe sept institutions dans l&#8217;Union europ\u00e9enne (en tout cas, celles qui sont les plus importantes). On a la Commission europ\u00e9enne, le Parlement europ\u00e9en, le Conseil de l&#8217;Union europ\u00e9enne, le Conseil europ\u00e9en, la Cour de justice de l&#8217;Union europ\u00e9enne, la Cour des comptes europ\u00e9enne et la Banque centrale europ\u00e9enne.<\/p>\n\n\n\n<p><a id=\"sonaar_ts-6927d512ebfc2\" class=\"srmp3_sonaar_ts_shortcode\"  style=\"\" href=\"javascript:sonaar_ts_shortcode({ trackid:'0', time:'00:17:51', ts_id:'6927d512ebfc2', play_icon:'' }) ;\">[00:17:51]<\/a> Avec tout \u00e7a, c&#8217;est parfois un peu difficile de s&#8217;y retrouver pour les citoyens. Ah oui, \u00e7a, c&#8217;est une expression. Quand on dit &#8220;c&#8217;est difficile de s&#8217;y retrouver&#8221; (donc &#8220;s&#8217;y&#8221; c&#8217;est S apostrophe Y), \u00e7a veut dire qu&#8217;il y a beaucoup d&#8217;\u00e9l\u00e9ments, c&#8217;est un peu le bazar, donc c&#8217;est difficile \u00e0 comprendre. C&#8217;est difficile de s&#8217;y retrouver. C&#8217;est difficile pour les citoyens de s&#8217;y retrouver parce qu&#8217;il y a \u00e9norm\u00e9ment d&#8217;institutions diff\u00e9rentes. Des institutions qui ont chang\u00e9 de nom au cours de leur histoire. Et globalement, le fonctionnement de l&#8217;Union europ\u00e9enne est assez opaque pour beaucoup de citoyens. En tout cas, je sais que pour beaucoup de Fran\u00e7ais, c&#8217;est assez opaque. Ah oui, &#8220;opaque&#8221;, c&#8217;est un adjectif. C&#8217;est le contraire de &#8220;transparent&#8221;. Peut-\u00eatre que je vous en ai d\u00e9j\u00e0 parl\u00e9 dans un \u00e9pisode. &#8220;Opaque&#8221;, \u00e7a veut dire que quelque chose n&#8217;est pas clair, quelque chose n&#8217;est pas transparent.<\/p>\n\n\n\n<p><a id=\"sonaar_ts-6927d512ebfc7\" class=\"srmp3_sonaar_ts_shortcode\"  style=\"\" href=\"javascript:sonaar_ts_shortcode({ trackid:'0', time:'00:18:48', ts_id:'6927d512ebfc7', play_icon:'' }) ;\">[00:18:48]<\/a> Par exemple, on accuse souvent l&#8217;Union europ\u00e9enne d&#8217;\u00eatre une union de technocrates, des personnes qui sont des experts qui prennent des d\u00e9cisions tr\u00e8s techniques mais qui ne sont pas forc\u00e9ment l\u00e0 pour servir les int\u00e9r\u00eats des citoyens de l&#8217;Union europ\u00e9enne. On entend aux informations que des d\u00e9cisions ont \u00e9t\u00e9 prises \u00e0 Bruxelles (donc cette capitale de l&#8217;Union europ\u00e9enne, en Belgique). Et les citoyens ont l&#8217;impression de ne pas vraiment avoir d&#8217;influence sur ces d\u00e9cisions. Ils ont l&#8217;impression que tout cela est fait sans leur accord.<\/p>\n\n\n\n<p><a id=\"sonaar_ts-6927d512ebfcc\" class=\"srmp3_sonaar_ts_shortcode\"  style=\"\" href=\"javascript:sonaar_ts_shortcode({ trackid:'0', time:'00:19:30', ts_id:'6927d512ebfcc', play_icon:'' }) ;\">[00:19:30]<\/a> D&#8217;ailleurs, certains pensent que la France perd sa souverainet\u00e9 \u00e0 cause de l&#8217;Union europ\u00e9enne et qu&#8217;aujourd&#8217;hui, elle n&#8217;est plus capable de prendre ses propres d\u00e9cisions parce que tout est d\u00e9cid\u00e9 \u00e0 Bruxelles.<\/p>\n\n\n\n<p><a id=\"sonaar_ts-6927d512ebfd0\" class=\"srmp3_sonaar_ts_shortcode\"  style=\"\" href=\"javascript:sonaar_ts_shortcode({ trackid:'0', time:'00:19:45', ts_id:'6927d512ebfd0', play_icon:'' }) ;\">[00:19:45]<\/a> Alors tout \u00e7a, \u00e7a peut sembler assez abstrait. En tout cas moi, quand j&#8217;\u00e9tais plus jeune, \u00e7a me semblait abstrait. Mais en 2002, \u00e7a a vraiment chang\u00e9. Et l&#8217;Union europ\u00e9enne, soudainement, est devenue, \u00e0 mes yeux, quelque chose de tr\u00e8s concret.<\/p>\n\n\n\n<p><a id=\"sonaar_ts-6927d512ebfd5\" class=\"srmp3_sonaar_ts_shortcode\"  style=\"\" href=\"javascript:sonaar_ts_shortcode({ trackid:'0', time:'00:20:11', ts_id:'6927d512ebfd5', play_icon:'' }) ;\">[00:20:11]<\/a> En 1999, onze pays ont officiellement adopt\u00e9 une monnaie unique : l&#8217;euro. Et un peu plus tard, la Gr\u00e8ce a, elle aussi, rejoint cette nouvelle zone euro.<\/p>\n\n\n\n<p><a id=\"sonaar_ts-6927d512ebfdd\" class=\"srmp3_sonaar_ts_shortcode\"  style=\"\" href=\"javascript:sonaar_ts_shortcode({ trackid:'0', time:'00:20:30', ts_id:'6927d512ebfdd', play_icon:'' }) ;\">[00:20:30]<\/a> Alors moi, en 1999, j&#8217;avais 10 ans donc \u00e7a ne m&#8217;int\u00e9ressait pas trop. Par contre, le 1er janvier 2002, c&#8217;est devenu tr\u00e8s concret parce que, \u00e0 cette date, la transition a \u00e9t\u00e9 officielle en France et les premi\u00e8res pi\u00e8ces et les premiers billets en euros ont commenc\u00e9 \u00e0 circuler. Donc moi, j&#8217;avais 13 ans \u00e0 cette \u00e9poque et j&#8217;ai re\u00e7u, je m&#8217;en rappelle tr\u00e8s bien, j&#8217;ai re\u00e7u mes premiers euros en pi\u00e8ces et en billets. C&#8217;est mon grand p\u00e8re qui me les a offerts.<\/p>\n\n\n\n<p><a id=\"sonaar_ts-6927d512ebfe2\" class=\"srmp3_sonaar_ts_shortcode\"  style=\"\" href=\"javascript:sonaar_ts_shortcode({ trackid:'0', time:'00:21:07', ts_id:'6927d512ebfe2', play_icon:'' }) ;\">[00:21:07]<\/a> Donc \u00e0 ce moment-l\u00e0, je me suis rendu compte qu&#8217;il y avait quelque chose qui \u00e9tait en train de changer parce que, par exemple, sur ces pi\u00e8ces, on pouvait voir les symboles de diff\u00e9rents pays de la zone euro, des autres pays europ\u00e9ens. Donc je me rappelle que j&#8217;ai eu ce sentiment, pour la premi\u00e8re fois, d&#8217;appartenir \u00e0 une communaut\u00e9 qui d\u00e9passait les fronti\u00e8res de la France. C&#8217;est devenu quelque chose de tr\u00e8s concret \u00e0 mes yeux. Je me rappelle aussi que les prix ont chang\u00e9 dans les magasins. Donc on a arr\u00eat\u00e9 d&#8217;afficher les prix en francs et on les a affich\u00e9s en euros.<\/p>\n\n\n\n<p><a id=\"sonaar_ts-6927d512ebfe7\" class=\"srmp3_sonaar_ts_shortcode\"  style=\"\" href=\"javascript:sonaar_ts_shortcode({ trackid:'0', time:'00:21:44', ts_id:'6927d512ebfe7', play_icon:'' }) ;\">[00:21:44]<\/a> Au moment de cette transition, le taux de change, c&#8217;\u00e9tait 1 euro pour 6,6 francs. Pour acheter 1 euro, il fallait donner environ 6,6 francs. Vous imaginez bien que c&#8217;\u00e9tait pas facile de calculer tout \u00e7a. Donc une fa\u00e7on plus simple de le faire, je me rappelle, c&#8217;\u00e9tait de se dire que pour avoir 15 euros, il fallait donner 100 francs; que 100 francs \u00e9quivalait \u00e0 15 euros.<\/p>\n\n\n\n<p><a id=\"sonaar_ts-6927d512ebfec\" class=\"srmp3_sonaar_ts_shortcode\"  style=\"\" href=\"javascript:sonaar_ts_shortcode({ trackid:'0', time:'00:22:14', ts_id:'6927d512ebfec', play_icon:'' }) ;\">[00:22:14]<\/a> Je garde d&#8217;assez bons souvenirs de cette \u00e9poque. Il y avait des choses un peu bizarres. Par exemple pendant quelques mois, quand on payait dans un commerce avec des francs, les commer\u00e7ants nous rendaient la monnaie en euros. Ah oui \u00e7a, &#8220;rendre la monnaie&#8221;, c&#8217;est par exemple quand quelque chose co\u00fbte 8 euros, vous donnez un billet de 10 euros et le commer\u00e7ant vous rend 2 euros. \u00c7a, \u00e7a s&#8217;appelle &#8220;rendre la monnaie&#8221;. Donc pour assurer cette transition, pour remplacer les francs par des euros, dans les commerces il a \u00e9t\u00e9 possible pendant quelques semaines de payer en francs et en \u00e9change les commer\u00e7ants nous rendaient la monnaie en euros.<\/p>\n\n\n\n<p><a id=\"sonaar_ts-6927d512ebff0\" class=\"srmp3_sonaar_ts_shortcode\"  style=\"\" href=\"javascript:sonaar_ts_shortcode({ trackid:'0', time:'00:22:59', ts_id:'6927d512ebff0', play_icon:'' }) ;\">[00:22:59]<\/a> Tout \u00e7a, pour moi, en tant qu&#8217;enfant, c&#8217;\u00e9tait assez cool. C&#8217;\u00e9tait nouveau, il y avait des choses qui changeaient. Donc \u00e0 ce moment-l\u00e0, je me suis rendu compte de la dimension \u00e9conomique de l&#8217;Union europ\u00e9enne. Je me suis rendu compte que l&#8217;Union europ\u00e9enne avait une v\u00e9ritable influence sur ma vie quotidienne en France.<\/p>\n\n\n\n<p><a id=\"sonaar_ts-6927d512ebff5\" class=\"srmp3_sonaar_ts_shortcode\"  style=\"\" href=\"javascript:sonaar_ts_shortcode({ trackid:'0', time:'00:23:21', ts_id:'6927d512ebff5', play_icon:'' }) ;\">[00:23:21]<\/a> Ensuite, quelques ann\u00e9es plus tard, en 2005, quand j&#8217;\u00e9tais au lyc\u00e9e, il y a un autre \u00e9v\u00e8nement qui m&#8217;a fait prendre conscience de l&#8217;importance de l&#8217;Union europ\u00e9enne. A cette \u00e9poque, l&#8217;Union europ\u00e9enne voulait adopter une Constitution pour am\u00e9liorer son fonctionnement parce qu&#8217;il y avait 25 Etats membres donc \u00e7a devenait difficile de gouverner avec les institutions qui \u00e9taient en place \u00e0 l&#8217;\u00e9poque. Donc pour faciliter tout \u00e7a, l&#8217;Union europ\u00e9enne a voulu se doter d&#8217;une Constitution. Pour la valider, chaque Etat membre devait accepter cette Constitution soit par vote parlementaire \u00e0 l&#8217;Assembl\u00e9e, soit par r\u00e9f\u00e9rendum. Et en France, le pr\u00e9sident de l&#8217;\u00e9poque, Jacques Chirac, a choisi le r\u00e9f\u00e9rendum.<\/p>\n\n\n\n<p><a id=\"sonaar_ts-6927d512ebffe\" class=\"srmp3_sonaar_ts_shortcode\"  style=\"\" href=\"javascript:sonaar_ts_shortcode({ trackid:'0', time:'00:24:15', ts_id:'6927d512ebffe', play_icon:'' }) ;\">[00:24:15]<\/a> Tous les grands partis de l&#8217;\u00e9poque (le Parti socialiste, l&#8217;UMP,) etc. ont appel\u00e9 \u00e0 voter &#8220;oui&#8221;. Ils ont fait campagne pour que les Fran\u00e7ais acceptent cette Constitution europ\u00e9enne. Moi, j&#8217;\u00e9tais pas en \u00e2ge de voter parce que j&#8217;avais seulement 15 ans. Mais avec ce que j&#8217;entendais aux informations et avec ce que j&#8217;avais appris pendant mes cours d&#8217;histoire, \u00e7a me semblait \u00eatre plut\u00f4t une bonne id\u00e9e d&#8217;adopter une Constitution europ\u00e9enne.<\/p>\n\n\n\n<p><a id=\"sonaar_ts-6927d512ec002\" class=\"srmp3_sonaar_ts_shortcode\"  style=\"\" href=\"javascript:sonaar_ts_shortcode({ trackid:'0', time:'00:24:46', ts_id:'6927d512ec002', play_icon:'' }) ;\">[00:24:46]<\/a> Par contre, j&#8217;avais un ami qui \u00e9tait plus \u00e2g\u00e9 que moi (il avait deux ans de plus que moi) et cet ami, il \u00e9tait tr\u00e8s engag\u00e9 dans la campagne pour le &#8220;non&#8221;. Lui, il voulait absolument que la France refuse d&#8217;adopter cette nouvelle Constitution. Son principal argument, c&#8217;\u00e9tait de dire que cette Constitution avait une vision trop lib\u00e9rale de l&#8217;Union europ\u00e9enne. C&#8217;est vrai que, quand on regardait dans le texte, on voyait souvent appara\u00eetre les termes &#8220;march\u00e9 libre&#8221;, &#8220;concurrence libre&#8221;. Et d&#8217;ailleurs, on parlait plus souvent de &#8220;consommateurs&#8221; que de &#8220;citoyens&#8221;. C&#8217;\u00e9tait clair, avec cette Constitution, que la priorit\u00e9, c&#8217;\u00e9tait vraiment l&#8217;\u00e9conomie et la concurrence entre les pays, et pas forc\u00e9ment une v\u00e9ritable union politique avec des objectifs communs.<\/p>\n\n\n\n<p><a id=\"sonaar_ts-6927d512ec007\" class=\"srmp3_sonaar_ts_shortcode\"  style=\"\" href=\"javascript:sonaar_ts_shortcode({ trackid:'0', time:'00:25:38', ts_id:'6927d512ec007', play_icon:'' }) ;\">[00:25:38]<\/a> Moi, j&#8217;\u00e9tais assez cr\u00e9dule. &#8220;Cr\u00e9dule&#8221;, \u00e7a veut dire qu&#8217;on croit facilement ce qu&#8217;on nous dit. Et j&#8217;ai fait confiance \u00e0 mon ami parce que je trouvais qu&#8217;il avait des arguments vraiment convaincants. Donc si j&#8217;avais \u00e9t\u00e9 en \u00e2ge de voter, j&#8217;aurais certainement vot\u00e9 &#8220;non&#8221;. Mais heureusement, c&#8217;\u00e9tait pas le cas donc j&#8217;ai pas vot\u00e9 \u00e0 ces \u00e9lections.<\/p>\n\n\n\n<p><a id=\"sonaar_ts-6927d512ec00b\" class=\"srmp3_sonaar_ts_shortcode\"  style=\"\" href=\"javascript:sonaar_ts_shortcode({ trackid:'0', time:'00:26:01', ts_id:'6927d512ec00b', play_icon:'' }) ;\">[00:26:01]<\/a> Simplement, je me suis rendu compte \u00e0 ce moment-l\u00e0 que l&#8217;Union europ\u00e9enne avait aussi une v\u00e9ritable dimension politique parce que \u00e7a impliquait que les citoyens votent et fassent des choix assez concrets quant \u00e0 leur avenir. Plus tard, j&#8217;ai eu la chance de voter \u00e0 deux \u00e9lections europ\u00e9ennes : j&#8217;ai vot\u00e9 en 2009 et en 2014 pour \u00e9lire les membres du Parlement europ\u00e9en. Et ce weekend, je vais participer \u00e0 ma troisi\u00e8me \u00e9lection europ\u00e9enne.<\/p>\n\n\n\n<p><a id=\"sonaar_ts-6927d512ec010\" class=\"srmp3_sonaar_ts_shortcode\"  style=\"\" href=\"javascript:sonaar_ts_shortcode({ trackid:'0', time:'00:26:38', ts_id:'6927d512ec010', play_icon:'' }) ;\">[00:26:38]<\/a> Mais c&#8217;est un peu plus tard, \u00e0 19 ans, que je me suis rendu compte de tous les avantages de l&#8217;Union europ\u00e9enne. \u00c0 19 ans, j&#8217;ai fait mon premier voyage \u00e0 l&#8217;\u00e9tranger parce que je voulais am\u00e9liorer mon anglais avec un ami. Au d\u00e9part, on avait pour id\u00e9e de partir \u00e0 Londres mais quand on a regard\u00e9 les prix de la vie sur place, on s&#8217;est dit que c&#8217;\u00e9tait peut \u00eatre pas raisonnable. Donc on a cherch\u00e9 la deuxi\u00e8me ville la plus dynamique au Royaume-Uni apr\u00e8s Londres et on a vu que c&#8217;\u00e9tait Glasgow. Donc c&#8217;est l\u00e0 qu&#8217;on a d\u00e9cid\u00e9 de partir pour trois semaines.<\/p>\n\n\n\n<p><a id=\"sonaar_ts-6927d512ec019\" class=\"srmp3_sonaar_ts_shortcode\"  style=\"\" href=\"javascript:sonaar_ts_shortcode({ trackid:'0', time:'00:27:15', ts_id:'6927d512ec019', play_icon:'' }) ;\">[00:27:15]<\/a> Et une fois qu&#8217;on a pris cette d\u00e9cision, \u00e7a a \u00e9t\u00e9 tr\u00e8s facile \u00e0 faire, notamment parce qu&#8217;on n&#8217;avait pas besoin de passeport gr\u00e2ce, justement, \u00e0 cet espace Schengen dans lequel on peut voyager librement. Et puis parce que, depuis quelques ann\u00e9es, il existait des compagnies a\u00e9riennes low cost (donc oui, on utilise le terme anglais, on dit &#8220;low cost&#8221;). Et je me rappelle qu&#8217;on a achet\u00e9 des billets chez Ryanair qui \u00e9taient vraiment pas chers parce qu&#8217;on a pay\u00e9, il me semble, 60 euros pour l&#8217;aller-retour. Donc voil\u00e0, on a achet\u00e9 tout \u00e7a sur internet, on a r\u00e9serv\u00e9 une auberge de jeunesse et on est partis \u00e0 Glasgow en \u00e9t\u00e9.<\/p>\n\n\n\n<p><a id=\"sonaar_ts-6927d512ec01e\" class=\"srmp3_sonaar_ts_shortcode\"  style=\"\" href=\"javascript:sonaar_ts_shortcode({ trackid:'0', time:'00:27:58', ts_id:'6927d512ec01e', play_icon:'' }) ;\">[00:27:58]<\/a> \u00c7a a \u00e9t\u00e9 une exp\u00e9rience g\u00e9niale. On a rencontr\u00e9 beaucoup de personnes de pays diff\u00e9rents. \u00c7a m&#8217;a permis d&#8217;apprendre des mots d&#8217;anglais que j&#8217;avais jamais vus \u00e0 l&#8217;\u00e9cole mais qui sont tr\u00e8s utiles. Bref, \u00e7a a \u00e9t\u00e9 un peu comme dans ce film, L&#8217;Auberge espagnole, ce film culte dont je vous ai d\u00e9j\u00e0 parl\u00e9 parce que j&#8217;ai fait <a href=\"https:\/\/www.youtube.com\/watch?v=6kKPeXnHJ30\">une vid\u00e9o<\/a> sur ce sujet. C&#8217;\u00e9tait vraiment un m\u00e9lange de cultures et \u00e7a a chang\u00e9 ma vision du monde. \u00c7a m&#8217;a donn\u00e9 envie de voyager et de d\u00e9couvrir les autres pays de mes voisins europ\u00e9ens.<\/p>\n\n\n\n<p><a id=\"sonaar_ts-6927d512ec023\" class=\"srmp3_sonaar_ts_shortcode\"  style=\"\" href=\"javascript:sonaar_ts_shortcode({ trackid:'0', time:'00:28:35', ts_id:'6927d512ec023', play_icon:'' }) ;\">[00:28:35]<\/a> Evidemment, \u00e7a aurait pu \u00eatre le cas si j&#8217;avais voyag\u00e9 dans un pays \u00e0 l&#8217;ext\u00e9rieur de l&#8217;Union europ\u00e9enne. Simplement, en tant qu&#8217;\u00e9tudiant, c&#8217;\u00e9tait plus facile pour moi de rester dans l&#8217;Union europ\u00e9enne parce que c&#8217;\u00e9tait moins cher, \u00e7a demandait pas de d\u00e9marches administratives particuli\u00e8res. Et \u00e7a, c&#8217;est une vraie chance, \u00e0 mon avis, qu&#8217;ont les jeunes Europ\u00e9ens. Il y a beaucoup de programmes et d&#8217;initiatives, notamment le programme Erasmus, qui permettent de faire ses \u00e9tudes dans d&#8217;autres pays de l&#8217;Union europ\u00e9enne et de d\u00e9couvrir des cultures diff\u00e9rentes. \u00c7a, c&#8217;est vraiment g\u00e9nial et c&#8217;est une grande chance qu&#8217;on a en Europe \u00e0 mon avis.<\/p>\n\n\n\n<p><a id=\"sonaar_ts-6927d512ec027\" class=\"srmp3_sonaar_ts_shortcode\"  style=\"\" href=\"javascript:sonaar_ts_shortcode({ trackid:'0', time:'00:29:19', ts_id:'6927d512ec027', play_icon:'' }) ;\">[00:29:19]<\/a> D&#8217;ailleurs, j&#8217;en ai profit\u00e9 parce que j&#8217;ai pass\u00e9, pendant mes \u00e9tudes, j&#8217;ai pass\u00e9 un an \u00e0 Londres et l\u00e0 aussi, \u00e7a m&#8217;a permis de beaucoup apprendre. C&#8217;\u00e9tait pas dans le cadre du programme Erasmus mais c&#8217;\u00e9tait vraiment une exp\u00e9rience tr\u00e8s enrichissante.<\/p>\n\n\n\n<p><a id=\"sonaar_ts-6927d512ec02c\" class=\"srmp3_sonaar_ts_shortcode\"  style=\"\" href=\"javascript:sonaar_ts_shortcode({ trackid:'0', time:'00:29:36', ts_id:'6927d512ec02c', play_icon:'' }) ;\">[00:29:36]<\/a> \u00c0 ce moment-l\u00e0, avec ce premier voyage et ensuite mes \u00e9tudes \u00e0 Londres, j&#8217;ai vraiment pris conscience de cette dimension sociale et culturelle de l&#8217;Union europ\u00e9enne, de notre histoire commune et de certaines valeurs qu&#8217;on partage.<\/p>\n\n\n\n<p><a id=\"sonaar_ts-6927d512ec035\" class=\"srmp3_sonaar_ts_shortcode\"  style=\"\" href=\"javascript:sonaar_ts_shortcode({ trackid:'0', time:'00:30:00', ts_id:'6927d512ec035', play_icon:'' }) ;\">[00:30:00]<\/a> Aujourd&#8217;hui, je dois dire que j&#8217;ai vraiment l&#8217;impression d&#8217;\u00eatre un citoyen europ\u00e9en. J&#8217;ai visit\u00e9 plus de la moiti\u00e9 des pays de l&#8217;Union europ\u00e9enne, 14, et quand je vais dans ces pays, il n&#8217;y a pas de d\u00e9paysement comme quand j&#8217;\u00e9tais aux \u00c9tats-Unis ou en Asie. Je trouve que toutes les villes europ\u00e9ennes ont certains points communs, que ce soit au niveau architectural, au niveau de leur organisation, au niveau de l&#8217;urbanisme. Ce qui fait que quand je suis en Europe, je me sens toujours un peu chez moi. Alors certes, les langues sont diff\u00e9rentes, mais c&#8217;est vrai que gr\u00e2ce \u00e0 l&#8217;anglais, \u00e7a reste assez facile de communiquer et de vivre dans ces diff\u00e9rents pays.<\/p>\n\n\n\n<p><a id=\"sonaar_ts-6927d512ec03a\" class=\"srmp3_sonaar_ts_shortcode\"  style=\"\" href=\"javascript:sonaar_ts_shortcode({ trackid:'0', time:'00:30:50', ts_id:'6927d512ec03a', play_icon:'' }) ;\">[00:30:50]<\/a> Comme vous le savez, aujourd&#8217;hui je vis en Pologne, \u00e7a va faire bient\u00f4t 5 ans que j&#8217;y habite, dans un autre pays de l&#8217;Union europ\u00e9enne. J&#8217;y ai cr\u00e9\u00e9 une entreprise. Mes meilleurs amis sont dans trois pays diff\u00e9rents : la France, l&#8217;Allemagne et la Pologne. Gr\u00e2ce \u00e0 l&#8217;Union europ\u00e9enne, c&#8217;est tr\u00e8s facile pour nous d&#8217;aller se voir, de passer du temps chez les uns et chez les autres. Bref, j&#8217;ai vraiment un attachement profond pour l&#8217;Union europ\u00e9enne et je me sens europ\u00e9en.<\/p>\n\n\n\n<p><a id=\"sonaar_ts-6927d512ec03e\" class=\"srmp3_sonaar_ts_shortcode\"  style=\"\" href=\"javascript:sonaar_ts_shortcode({ trackid:'0', time:'00:31:24', ts_id:'6927d512ec03e', play_icon:'' }) ;\">[00:31:24]<\/a> C&#8217;est pour \u00e7a que je suis assez triste, depuis quelques ann\u00e9es, de voir cette division qui est en train de se dessiner en Europe avec les pro-europ\u00e9ens d&#8217;un c\u00f4t\u00e9 et les anti europ\u00e9ens de l&#8217;autre. C&#8217;est \u00e7a qui explique en partie la d\u00e9cision du Brexit qui m&#8217;attriste beaucoup. Et puis aussi, la mont\u00e9e de certains partis populistes. D&#8217;un c\u00f4t\u00e9, je comprends que certaines personnes se sentent exclues de cette Union europ\u00e9enne, des personnes qui n&#8217;ont peut-\u00eatre pas eu la chance de voyager dans ces autres pays, qui sont dans une situation \u00e9conomique pr\u00e9caire et qui ont l&#8217;impression que la concurrence des autres pays europ\u00e9ens leur est d\u00e9favorable.<\/p>\n\n\n\n<p><a id=\"sonaar_ts-6927d512ec043\" class=\"srmp3_sonaar_ts_shortcode\"  style=\"\" href=\"javascript:sonaar_ts_shortcode({ trackid:'0', time:'00:32:11', ts_id:'6927d512ec043', play_icon:'' }) ;\">[00:32:11]<\/a> Il y a aussi beaucoup de partis politiques qui agitent la menace de l&#8217;immigration, qui disent qu&#8217;avec l&#8217;Union europ\u00e9enne, c&#8217;est tr\u00e8s facile pour les migrants d&#8217;autres pays d&#8217;entrer et de venir leur &#8220;voler&#8221; leur travail (&#8220;voler&#8221; entre guillements).<\/p>\n\n\n\n<p><a id=\"sonaar_ts-6927d512ec047\" class=\"srmp3_sonaar_ts_shortcode\"  style=\"\" href=\"javascript:sonaar_ts_shortcode({ trackid:'0', time:'00:32:30', ts_id:'6927d512ec047', play_icon:'' }) ;\">[00:32:30]<\/a> Je comprends tous ces arguments mais je trouve que c&#8217;est dommage parce qu&#8217;\u00e0 mes yeux, l&#8217;Union europ\u00e9enne a d\u00e9j\u00e0 fait ses preuves. Elle a d\u00e9j\u00e0 prouv\u00e9 qu&#8217;elle \u00e9tait capable d&#8217;assurer la paix entre les pays membres de cette communaut\u00e9 et \u00e7a, quand on regarde l&#8217;histoire, c&#8217;\u00e9tait pas gagn\u00e9.<\/p>\n\n\n\n<p><a id=\"sonaar_ts-6927d512ec04c\" class=\"srmp3_sonaar_ts_shortcode\"  style=\"\" href=\"javascript:sonaar_ts_shortcode({ trackid:'0', time:'00:32:48', ts_id:'6927d512ec04c', play_icon:'' }) ;\">[00:32:48]<\/a> Donc j&#8217;esp\u00e8re que cette tendance va s&#8217;inverser et que les citoyens europ\u00e9ens vont continuer de soutenir la construction de l&#8217;Union europ\u00e9enne. Certes, il y a s\u00fbrement beaucoup de choses \u00e0 changer, par exemple au niveau des d\u00e9cisions \u00e9conomiques, mais l&#8217;id\u00e9e initiale, l&#8217;id\u00e9e de construire une communaut\u00e9 qui permette d&#8217;assurer la paix, je pense qu&#8217;elle est toujours aussi vitale aujourd&#8217;hui.<\/p>\n\n\n\n<p><a id=\"sonaar_ts-6927d512ec054\" class=\"srmp3_sonaar_ts_shortcode\"  style=\"\" href=\"javascript:sonaar_ts_shortcode({ trackid:'0', time:'00:33:24', ts_id:'6927d512ec054', play_icon:'' }) ;\">[00:33:24]<\/a> Voil\u00e0, on verra ce weekend ce que les citoyens europ\u00e9ens auront d\u00e9cid\u00e9. On verra les r\u00e9sultats des diff\u00e9rentes \u00e9lections. Je pense aller faire une petite vid\u00e9o \u00e0 l&#8217;ambassade fran\u00e7aise \u00e0 Varsovie parce que je vais aller voter l\u00e0-bas et je vais essayer de faire quelques interviews des Fran\u00e7ais que je vais rencontrer. Je posterai la vid\u00e9o mardi prochain sur YouTube. Bon, je suis pas s\u00fbr d&#8217;en \u00eatre capable mais je le dis publiquement pour m&#8217;engager \u00e0 le faire comme \u00e7a, \u00e7a sera une source de motivation suppl\u00e9mentaire.<\/p>\n\n\n\n<p><a id=\"sonaar_ts-6927d512ec059\" class=\"srmp3_sonaar_ts_shortcode\"  style=\"\" href=\"javascript:sonaar_ts_shortcode({ trackid:'0', time:'00:33:59', ts_id:'6927d512ec059', play_icon:'' }) ;\">[00:33:59]<\/a> Avant de terminer cet \u00e9pisode, je voulais vous rappeler que les inscriptions pour mon programme <em>Build a Strong Core<\/em> seront ouvertes la semaine prochaine, \u00e0 partir de lundi prochain, vous pourrez rejoindre le programme. Ce programme, il est plus complet que le podcast parce qu&#8217;il y a une trentaine de le\u00e7ons en vid\u00e9o qui sont tr\u00e8s structur\u00e9es avec de la grammaire, de la phon\u00e9tique, des exercices pour s&#8217;entra\u00eener. Et, \u00e0 c\u00f4t\u00e9 de \u00e7a, il y a \u00e9galement une communaut\u00e9 priv\u00e9e, comme l&#8217;Union europ\u00e9enne, avec les membres du programme, pour me poser vos questions directement et surtout pour se soutenir mutuellement, pour faire des progr\u00e8s et aller au bout de ce programme.<\/p>\n\n\n\n<p><a id=\"sonaar_ts-6927d512ec05e\" class=\"srmp3_sonaar_ts_shortcode\"  style=\"\" href=\"javascript:sonaar_ts_shortcode({ trackid:'0', time:'00:34:50', ts_id:'6927d512ec05e', play_icon:'' }) ;\">[00:34:50]<\/a> Si \u00e7a vous int\u00e9resse, je vous encourage \u00e0 visiter mon site pour voir tous les d\u00e9tails ou \u00e0 m&#8217;envoyer un email si vous avez des questions. Sinon, bien entendu, vous pouvez continuer d&#8217;\u00e9couter le podcast et de lire les transcriptions gratuitement.<\/p>\n\n\n\n<p><a id=\"sonaar_ts-6927d512ec062\" class=\"srmp3_sonaar_ts_shortcode\"  style=\"\" href=\"javascript:sonaar_ts_shortcode({ trackid:'0', time:'00:35:04', ts_id:'6927d512ec062', play_icon:'' }) ;\">[00:35:04]<\/a> Pour terminer et pour respecter la parit\u00e9, cette fois, on va \u00e9couter le t\u00e9moignage d&#8217;une auditrice du podcast.<\/p>\n\n\n\n<p><a id=\"sonaar_ts-6927d512ec067\" class=\"srmp3_sonaar_ts_shortcode\"  style=\"\" href=\"javascript:sonaar_ts_shortcode({ trackid:'0', time:'00:35:13', ts_id:'6927d512ec067', play_icon:'' }) ;\">[00:35:13]<\/a> Bonjour Hugo,.<\/p>\n\n\n\n<p>Je m&#8217;appelle Holly, je viens d&#8217;Angleterre et je suis en train de faire mes A-levels au lyc\u00e9e. En fait, j&#8217;ai commenc\u00e9 \u00e0 apprendre le fran\u00e7ais quand j&#8217;avais environ 5 ans. Et bien que j&#8217;aie \u00e9t\u00e9 \u00e9lev\u00e9e en Angleterre, j&#8217;ai aussi des membres de ma famille qui vivent au Luxembourg et \u00e0 Gen\u00e8ve, et qui parlent le fran\u00e7ais.<\/p>\n\n\n\n<p><a id=\"sonaar_ts-6927d512ec06b\" class=\"srmp3_sonaar_ts_shortcode\"  style=\"\" href=\"javascript:sonaar_ts_shortcode({ trackid:'0', time:'00:35:39', ts_id:'6927d512ec06b', play_icon:'' }) ;\">[00:35:39]<\/a> Je n&#8217;ai pas toujours \u00e9t\u00e9 inspir\u00e9e par la langue en fait. Au d\u00e9but de l&#8217;\u00e9cole secondaire, j&#8217;avais des notes tr\u00e8s basses en fran\u00e7ais et je pense que si je n&#8217;avais pas eu l&#8217;obligation de continuer avec une langue pour mes GCSE (les GCSE, c&#8217;est l&#8217;\u00e9quivalent du brevet en fait), je pense que j&#8217;aurais compl\u00e8tement arr\u00eat\u00e9 d&#8217;apprendre le fran\u00e7ais.<\/p>\n\n\n\n<p><a id=\"sonaar_ts-6927d512ec070\" class=\"srmp3_sonaar_ts_shortcode\"  style=\"\" href=\"javascript:sonaar_ts_shortcode({ trackid:'0', time:'00:36:04', ts_id:'6927d512ec070', play_icon:'' }) ;\">[00:36:04]<\/a> Mais c&#8217;est gr\u00e2ce \u00e0 \u00e7a que j&#8217;ai trouv\u00e9 ma passion. J&#8217;ai travaill\u00e9 dur et \u00e7a m&#8217;a donn\u00e9 la confiance de continuer avec le fran\u00e7ais au lyc\u00e9e. Cependant, j&#8217;ai red\u00e9couvert sa difficult\u00e9 pendant ma premi\u00e8re ann\u00e9e au lyc\u00e9e. \u00c0 la fin de l&#8217;ann\u00e9e, mes r\u00e9sultats n&#8217;ont pas \u00e9t\u00e9 assez bons pour poursuivre avec la deuxi\u00e8me ann\u00e9e. Donc j&#8217;ai choisi de pers\u00e9v\u00e9rer et de redoubler. Maintenant, je suis tr\u00e8s proche de passer mes examens de A-level et j&#8217;ai postul\u00e9 pour \u00e9tudier le fran\u00e7ais \u00e0 l&#8217;universit\u00e9 en septembre.<\/p>\n\n\n\n<p><a id=\"sonaar_ts-6927d512ec078\" class=\"srmp3_sonaar_ts_shortcode\"  style=\"\" href=\"javascript:sonaar_ts_shortcode({ trackid:'0', time:'00:36:42', ts_id:'6927d512ec078', play_icon:'' }) ;\">[00:36:42]<\/a> L&#8217;\u00e9t\u00e9 dernier, je suis all\u00e9 \u00e0 Montpellier et j&#8217;y ai pass\u00e9 trois semaines dans une \u00e9cole de langues pour am\u00e9liorer mon fran\u00e7ais. C&#8217;\u00e9tait une exp\u00e9rience incroyable dans laquelle j&#8217;ai rencontr\u00e9 beaucoup de nouveaux amis qui venaient de beaucoup de pays diff\u00e9rents comme l&#8217;Italie, la Suisse, l&#8217;Allemagne, les Etats-Unis etc. Et je suis rest\u00e9e en contact avec eux sur les r\u00e9seaux sociaux. J&#8217;ai aussi une correspondante qui habite en Normandie et apr\u00e8s avoir pass\u00e9 trois semaines \u00e0 Montpellier, je lui ai rendu visite, \u00e0 elle et sa famille.<\/p>\n\n\n\n<p><a id=\"sonaar_ts-6927d512ec07d\" class=\"srmp3_sonaar_ts_shortcode\"  style=\"\" href=\"javascript:sonaar_ts_shortcode({ trackid:'0', time:'00:37:21', ts_id:'6927d512ec07d', play_icon:'' }) ;\">[00:37:21]<\/a> Ce que je trouve malheureux, c&#8217;est que, en Angleterre, la popularit\u00e9 des langues, y compris du fran\u00e7ais, est en d\u00e9clin. Je pense que c&#8217;est d\u00fb au fait que choisir une langue au niveau du GCSE, ce n&#8217;est plus obligatoire. Et les \u00e9tudiants de 13 \u00e0 14 ans ne choisissent pas les langues parce qu&#8217;elles semblent difficiles. Et \u00e7a, je pense que \u00e7a d\u00e9courage les \u00e9tudiants en fait.<\/p>\n\n\n\n<p><a id=\"sonaar_ts-6927d512ec082\" class=\"srmp3_sonaar_ts_shortcode\"  style=\"\" href=\"javascript:sonaar_ts_shortcode({ trackid:'0', time:'00:37:50', ts_id:'6927d512ec082', play_icon:'' }) ;\">[00:37:50]<\/a> Je pense que c&#8217;est aussi parce que presque tout le monde peut parler en anglais et malheureusement, les Anglais ne pensent pas qu&#8217;il soit n\u00e9cessaire d&#8217;apprendre d&#8217;autres langues. Mais je pense qu&#8217;il y a un besoin croissant de personnes bilingues dans le monde du travail. Et je crois qu&#8217;il faut rester unis, surtout avec la situation tr\u00e8s pr\u00e9caire de l&#8217;Angleterre en ce moment.<\/p>\n\n\n\n<p><a id=\"sonaar_ts-6927d512ec087\" class=\"srmp3_sonaar_ts_shortcode\"  style=\"\" href=\"javascript:sonaar_ts_shortcode({ trackid:'0', time:'00:38:18', ts_id:'6927d512ec087', play_icon:'' }) ;\">[00:38:18]<\/a> Apprendre une langue n&#8217;est pas facile. Il faut \u00eatre d\u00e9termin\u00e9 et pers\u00e9v\u00e9rant. Bien s\u00fbr, on fait des erreurs mais c&#8217;est tr\u00e8s naturel et \u00e7a va prendre du temps, surtout si on ne vit pas dans un pays francophone. Il est n\u00e9cessaire d&#8217;\u00eatre patient et de faire des progr\u00e8s peu \u00e0 peu. Mais le r\u00e9sultat est tr\u00e8s gratifiant et en y r\u00e9fl\u00e9chissant, je suis tr\u00e8s heureuse d&#8217;avoir trouv\u00e9 ma passion pour les langues et je suis pr\u00eate \u00e0 faire encore plus de progr\u00e8s.<\/p>\n\n\n\n<p>Avant de finir cet enregistrement, je veux te remercier. J&#8217;\u00e9coute quotidiennement tes podcasts depuis plus d&#8217;un an quand je me maquille le matin. Tes podcasts n&#8217;ont pas seulement am\u00e9lior\u00e9 ma compr\u00e9hension orale mais ils m&#8217;ont aussi aid\u00e9 \u00e0 prendre confiance en moi pour parler de sujets tr\u00e8s int\u00e9ressants et captivants.<\/p>\n\n\n\n<p>Merci beaucoup, au revoir !<\/p>\n\n\n\n<p><a id=\"sonaar_ts-6927d512ec08b\" class=\"srmp3_sonaar_ts_shortcode\"  style=\"\" href=\"javascript:sonaar_ts_shortcode({ trackid:'0', time:'00:39:20', ts_id:'6927d512ec08b', play_icon:'' }) ;\">[00:39:20]<\/a> Merci pour ton t\u00e9moignage Holly ! Je trouve que toi aussi, tu as un tr\u00e8s tr\u00e8s bon niveau de fran\u00e7ais. \u00c0 mon avis, tu vas avoir aucun probl\u00e8me pour r\u00e9ussir ton A-level. Et je vois aussi que tu es vraiment motiv\u00e9e et que tu a une bonne discipline, une bonne strat\u00e9gie, parce que tu as nou\u00e9 des liens (autrement dit, tu as cr\u00e9\u00e9 diff\u00e9rents contacts) en te faisant des amis \u00e0 l&#8217;\u00e9cole de langues de Montpellier, et \u00e9galement ta correspondante. \u00c7a, je pense que c&#8217;est quelque chose d&#8217;essentiel quand on apprend une langue; d&#8217;avoir des liens avec cette langue et, en particulier, de conna\u00eetre des gens qui la parlent et avec lesquels on peut communiquer r\u00e9guli\u00e8rement.<\/p>\n\n\n\n<p><a id=\"sonaar_ts-6927d512ec094\" class=\"srmp3_sonaar_ts_shortcode\"  style=\"\" href=\"javascript:sonaar_ts_shortcode({ trackid:'0', time:'00:40:09', ts_id:'6927d512ec094', play_icon:'' }) ;\">[00:40:09]<\/a> Je partage compl\u00e8tement ton avis sur l&#8217;apprentissage des langues. Il faut \u00eatre patient et c&#8217;est vrai qu&#8217;ensuite, les r\u00e9sultats sont tr\u00e8s gratifiants.<\/p>\n\n\n\n<p><a id=\"sonaar_ts-6927d512ec099\" class=\"srmp3_sonaar_ts_shortcode\"  style=\"\" href=\"javascript:sonaar_ts_shortcode({ trackid:'0', time:'00:40:18', ts_id:'6927d512ec099', play_icon:'' }) ;\">[00:40:18]<\/a> Merci encore une fois d&#8217;avoir pris le temps de faire cet enregistrement et merci, plus g\u00e9n\u00e9ralement, \u00e0 tous les auditeurs et toutes les auditrices du podcast. Merci pour vos commentaires sur Facebook, sur iTunes. Je les lis tous et \u00e7a me fait \u00e9norm\u00e9ment plaisir de voir comment ce podcast vous aide dans votre apprentissage du fran\u00e7ais. Continuez de m&#8217;\u00e9crire. Pour moi, c&#8217;est une grosse source de motivation.<\/p>\n\n\n\n<p><a id=\"sonaar_ts-6927d512ec09e\" class=\"srmp3_sonaar_ts_shortcode\"  style=\"\" href=\"javascript:sonaar_ts_shortcode({ trackid:'0', time:'00:40:47', ts_id:'6927d512ec09e', play_icon:'' }) ;\">[00:40:47]<\/a> On se retrouve dans deux semaines pour un nouvel \u00e9pisode et en attendant, n&#8217;oubliez pas de faire un peu de fran\u00e7ais tous les jours. \u00c0 bient\u00f4t, ciao !<\/p>\n","protected":false},"excerpt":{"rendered":"<p>Salut \u00e0 toutes et \u00e0 tous, j&#8217;esp\u00e8re que vous allez bien. Bienvenue pour ce nouvel \u00e9pisode ! Si vous m&#8217;avez \u00e9cout\u00e9 la derni\u00e8re fois, vous savez que je suis rentr\u00e9 en France pour quelques jours. J&#8217;en ai profit\u00e9 pour voir mes amis, passer du temps avec ma famille, recharger les batteries. C&#8217;\u00e9tait vraiment bien. Et&#8230;<\/p>\n","protected":false},"author":1,"featured_media":289660,"comment_status":"open","ping_status":"open","sticky":false,"template":"","format":[189],"meta":{"_acf_changed":false,"_kad_blocks_custom_css":"","_kad_blocks_head_custom_js":"","_kad_blocks_body_custom_js":"","_kad_blocks_footer_custom_js":"","_kad_post_transparent":"","_kad_post_title":"","_kad_post_layout":"","_kad_post_sidebar_id":"","_kad_post_content_style":"","_kad_post_vertical_padding":"","_kad_post_feature":"","_kad_post_feature_position":"","_kad_post_header":false,"_kad_post_footer":false,"_kad_post_classname":"","footnotes":""},"categories":[168],"tags":[175,172],"class_list":["post-2278","post","type-post","status-publish","format-standard","has-post-thumbnail","hentry","category-podcast","tag-france","tag-societe","format-solo-hugo"],"acf":[],"taxonomy_info":{"category":[{"value":168,"label":"Podcast"}],"post_tag":[{"value":175,"label":"France"},{"value":172,"label":"Soci\u00e9t\u00e9"}],"format":[{"value":189,"label":"Solo Hugo"}]},"featured_image_src_large":["https:\/\/innerfrench.com\/wp-content\/uploads\/2024\/01\/96-Francais-ou-Europeen-750x406.jpg",750,406,true],"author_info":{"display_name":"Hugo","author_link":"https:\/\/innerfrench.com\/author\/innerfrench-2-2-2-2-2-2-2-2-2-2-2-2-2-2-2-2-2-2-2\/"},"comment_info":3,"category_info":[{"term_id":168,"name":"Podcast","slug":"podcast","term_group":0,"term_taxonomy_id":168,"taxonomy":"category","description":"","parent":0,"count":185,"filter":"raw","cat_ID":168,"category_count":185,"category_description":"","cat_name":"Podcast","category_nicename":"podcast","category_parent":0}],"tag_info":[{"term_id":175,"name":"France","slug":"france","term_group":0,"term_taxonomy_id":175,"taxonomy":"post_tag","description":"","parent":0,"count":100,"filter":"raw"},{"term_id":172,"name":"Soci\u00e9t\u00e9","slug":"societe","term_group":0,"term_taxonomy_id":172,"taxonomy":"post_tag","description":"","parent":0,"count":94,"filter":"raw"}],"_links":{"self":[{"href":"https:\/\/innerfrench.com\/wp-json\/wp\/v2\/posts\/2278","targetHints":{"allow":["GET"]}}],"collection":[{"href":"https:\/\/innerfrench.com\/wp-json\/wp\/v2\/posts"}],"about":[{"href":"https:\/\/innerfrench.com\/wp-json\/wp\/v2\/types\/post"}],"author":[{"embeddable":true,"href":"https:\/\/innerfrench.com\/wp-json\/wp\/v2\/users\/1"}],"replies":[{"embeddable":true,"href":"https:\/\/innerfrench.com\/wp-json\/wp\/v2\/comments?post=2278"}],"version-history":[{"count":5,"href":"https:\/\/innerfrench.com\/wp-json\/wp\/v2\/posts\/2278\/revisions"}],"predecessor-version":[{"id":294201,"href":"https:\/\/innerfrench.com\/wp-json\/wp\/v2\/posts\/2278\/revisions\/294201"}],"wp:featuredmedia":[{"embeddable":true,"href":"https:\/\/innerfrench.com\/wp-json\/wp\/v2\/media\/289660"}],"wp:attachment":[{"href":"https:\/\/innerfrench.com\/wp-json\/wp\/v2\/media?parent=2278"}],"wp:term":[{"taxonomy":"category","embeddable":true,"href":"https:\/\/innerfrench.com\/wp-json\/wp\/v2\/categories?post=2278"},{"taxonomy":"post_tag","embeddable":true,"href":"https:\/\/innerfrench.com\/wp-json\/wp\/v2\/tags?post=2278"},{"taxonomy":"format","embeddable":true,"href":"https:\/\/innerfrench.com\/wp-json\/wp\/v2\/format?post=2278"}],"curies":[{"name":"wp","href":"https:\/\/api.w.org\/{rel}","templated":true}]}}