{"id":22867,"date":"2022-11-28T14:03:59","date_gmt":"2022-11-28T13:03:59","guid":{"rendered":"https:\/\/innerfrench.com\/?p=22867"},"modified":"2025-09-28T11:13:57","modified_gmt":"2025-09-28T09:13:57","slug":"120-footix-boycotte-coupe-du-monde-qatar","status":"publish","type":"post","link":"https:\/\/innerfrench.com\/120-footix-boycotte-coupe-du-monde-qatar\/","title":{"rendered":"#120 Footix boycotte la Coupe du monde"},"content":{"rendered":"\n<p><a id=\"sonaar_ts-6927d43bdbefb\" class=\"srmp3_sonaar_ts_shortcode\"  style=\"\" href=\"javascript:sonaar_ts_shortcode({ trackid:'0', time:'0', ts_id:'6927d43bdbefb', play_icon:'' }) ;\">[00:00:11]<\/a> Salut \u00e0 toutes et \u00e0 tous, bienvenue pour ce nouvel \u00e9pisode au titre pas facile ! Footix boycotte la Coupe du monde. Essayez de le r\u00e9p\u00e9ter, c&#8217;est un bon moyen d&#8217;am\u00e9liorer votre prononciation.<\/p>\n\n\n\n<p><a id=\"sonaar_ts-6927d43bdbf0a\" class=\"srmp3_sonaar_ts_shortcode\"  style=\"\" href=\"javascript:sonaar_ts_shortcode({ trackid:'0', time:'0', ts_id:'6927d43bdbf0a', play_icon:'' }) ;\">[00:00:25]<\/a> Alors aujourd&#8217;hui, c&#8217;est un \u00e9pisode un peu \u00e0 l&#8217;arrache. \u00ab \u00c0 l&#8217;arrache \u00bb, c&#8217;est une expression informelle pour dire que quelque chose est fait sans pr\u00e9paration, de mani\u00e8re assez spontan\u00e9e. C&#8217;est un \u00e9pisode \u00e0 l&#8217;arrache parce que je n&#8217;ai pas de script, donc vous allez s\u00fbrement entendre que c&#8217;est un peu moins fluide que d&#8217;habitude, qu&#8217;il y a quelques h\u00e9sitations, des \u00ab donc \u00bb, des \u00ab euh&#8230;\u00bb. Bref, tous ces petits mots que j&#8217;utilise pour gagner du temps.<\/p>\n\n\n\n<p><a id=\"sonaar_ts-6927d43bdbf11\" class=\"srmp3_sonaar_ts_shortcode\"  style=\"\" href=\"javascript:sonaar_ts_shortcode({ trackid:'0', time:'0', ts_id:'6927d43bdbf11', play_icon:'' }) ;\">[00:00:54]<\/a> Alors pourquoi c&#8217;est un \u00e9pisode \u00e0 l&#8217;arrache ? Eh bien parce que j&#8217;ai procrastin\u00e9 toute la semaine. J&#8217;ai travaill\u00e9 sur d&#8217;autres sujets et puis j&#8217;ai chang\u00e9 d&#8217;avis au dernier moment et j&#8217;ai d\u00e9cid\u00e9 de vous parler de la Coupe du monde. C&#8217;est la force des choses, la force des \u00e9v\u00e8nements qui a impos\u00e9 ce sujet. Vous allez comprendre pourquoi.<\/p>\n\n\n\n<p><a id=\"sonaar_ts-6927d43bdbf18\" class=\"srmp3_sonaar_ts_shortcode\"  style=\"\" href=\"javascript:sonaar_ts_shortcode({ trackid:'0', time:'0', ts_id:'6927d43bdbf18', play_icon:'' }) ;\">[00:01:15]<\/a> Et je voulais absolument l&#8217;enregistrer pour le publier lundi parce qu&#8217;on a \u00e9t\u00e9 tr\u00e8s r\u00e9guliers avec Ingrid depuis le retour des vacances. J&#8217;esp\u00e8re que vous l&#8217;avez remarqu\u00e9 ! On a vraiment r\u00e9ussi \u00e0 publier un \u00e9pisode toutes les deux semaines, ce qui n&#8217;\u00e9tait pas arriv\u00e9 depuis quelques ann\u00e9es, je pense. Et moi, j&#8217;avais pas envie de casser cette r\u00e9gularit\u00e9.<\/p>\n\n\n\n<p><a id=\"sonaar_ts-6927d43bdbf1d\" class=\"srmp3_sonaar_ts_shortcode\"  style=\"\" href=\"javascript:sonaar_ts_shortcode({ trackid:'0', time:'0', ts_id:'6927d43bdbf1d', play_icon:'' }) ;\">[00:01:38]<\/a> Donc aujourd&#8217;hui, on est samedi \u00e0 18 h. L&#8217;\u00e9pisode doit sortir apr\u00e8s-demain et je n&#8217;ai pas eu le temps d&#8217;\u00e9crire de script, mais j&#8217;esp\u00e8re que je vais quand m\u00eame r\u00e9ussir \u00e0 vous dire deux trois trucs int\u00e9ressants. Et dans tous les cas, j&#8217;essaierai de placer quelques expressions pour enrichir votre magnifique vocabulaire en fran\u00e7ais !<\/p>\n\n\n\n<p><a id=\"sonaar_ts-6927d43bdbf22\" class=\"srmp3_sonaar_ts_shortcode\"  style=\"\" href=\"javascript:sonaar_ts_shortcode({ trackid:'0', time:'0', ts_id:'6927d43bdbf22', play_icon:'' }) ;\">[00:01:59]<\/a> Alors, je vous l&#8217;ai dit, je n&#8217;avais pas pr\u00e9vu de faire cet \u00e9pisode sur la Coupe du monde. Je voulais vous parler d&#8217;un tout autre sujet. Mais c&#8217;est vrai qu&#8217;en ce moment, dans les m\u00e9dias, c&#8217;est l&#8217;\u00e9v\u00e8nement dont tout le monde parle. Et aussi autour de moi, j&#8217;entends constamment parler de la Coupe du monde. Cette semaine, il y avait le premier match de l&#8217;\u00e9quipe de France contre l&#8217;Australie, et ce match a r\u00e9uni 12 millions de t\u00e9l\u00e9spectateurs, autrement dit un Fran\u00e7ais sur cinq. Et c&#8217;\u00e9tait la plus grosse audience t\u00e9l\u00e9vis\u00e9e depuis le mois de juin 2021, donc depuis plus d&#8217;un an.<\/p>\n\n\n\n<p><a id=\"sonaar_ts-6927d43bdbf27\" class=\"srmp3_sonaar_ts_shortcode\"  style=\"\" href=\"javascript:sonaar_ts_shortcode({ trackid:'0', time:'0', ts_id:'6927d43bdbf27', play_icon:'' }) ;\">[00:02:38]<\/a> Alors moi, je vous ai d\u00e9j\u00e0 dit que je suis pas un grand fan de foot. Enfin, je pense que je vous l&#8217;ai dit dans l&#8217;\u00e9pisode que j&#8217;ai consacr\u00e9 \u00e0 ce sujet, j&#8217;ai v\u00e9rifi\u00e9 et c&#8217;\u00e9tait l&#8217;\u00e9pisode 45, je crois, sur le foot en France. Moi je suis pas un grand fan de foot, ni un grand fan de sport t\u00e9l\u00e9vis\u00e9 en g\u00e9n\u00e9ral, \u00e0 part la NBA que je regarde de temps en temps parce que quand j&#8217;\u00e9tais petit, j&#8217;ai fait du basket pendant quelques ann\u00e9es. Donc voil\u00e0, de temps en temps j&#8217;aime bien regarder quelques matchs de NBA et on en parle avec mon fr\u00e8re parce que lui aussi, il regarde le championnat am\u00e9ricain.<\/p>\n\n\n\n<p><a id=\"sonaar_ts-6927d43bdbf2c\" class=\"srmp3_sonaar_ts_shortcode\"  style=\"\" href=\"javascript:sonaar_ts_shortcode({ trackid:'0', time:'0', ts_id:'6927d43bdbf2c', play_icon:'' }) ;\">[00:03:17]<\/a> Mais en ce qui concerne le foot, moi je suis plut\u00f4t un footix. Un footix, qu&#8217;est-ce que c&#8217;est ? Vous avez entendu ce mot dans le titre de l&#8217;\u00e9pisode, c&#8217;est le nom de la mascotte de l&#8217;\u00e9quipe de France en 1998. Une mascotte, c&#8217;est en g\u00e9n\u00e9ral un animal qui repr\u00e9sente une \u00e9quipe sportive ou bien une entreprise, etc. Une mascotte.<\/p>\n\n\n\n<p><a id=\"sonaar_ts-6927d43bdbf31\" class=\"srmp3_sonaar_ts_shortcode\"  style=\"\" href=\"javascript:sonaar_ts_shortcode({ trackid:'0', time:'0', ts_id:'6927d43bdbf31', play_icon:'' }) ;\">[00:03:42]<\/a> Le nom de la mascotte de l&#8217;\u00e9quipe de France pendant la Coupe du monde 1998, c&#8217;\u00e9tait Footix et c&#8217;\u00e9tait un coq, l&#8217;animal. Un coq qui s&#8217;appelait Footix. Ensuite, par extension, on a donn\u00e9 ce nom \u00e0, ou plut\u00f4t aux, personnes qui s&#8217;int\u00e9ressent au foot seulement quand il y a une grande comp\u00e9tition, une comp\u00e9tition internationale avec l&#8217;\u00e9quipe de France, par exemple la Coupe du monde ou l&#8217;euro, autrement dit le tournoi qui a lieu entre toutes les meilleures \u00e9quipes europ\u00e9ennes. Moi, je suis un footix parce que je ne regarde pas le foot. Je n&#8217;ai pas vraiment d&#8217;\u00e9quipe pr\u00e9f\u00e9r\u00e9e. Bon, pendant un moment, mon \u00e9quipe de c\u0153ur, c&#8217;\u00e9tait Bordeaux, euh dans le championnat de France. Mais en g\u00e9n\u00e9ral, je ne suis pas le foot, je ne regarde pas le foot, sauf de temps en temps quand il y a ces grandes comp\u00e9titions.<\/p>\n\n\n\n<p><a id=\"sonaar_ts-6927d43bdbf35\" class=\"srmp3_sonaar_ts_shortcode\"  style=\"\" href=\"javascript:sonaar_ts_shortcode({ trackid:'0', time:'0', ts_id:'6927d43bdbf35', play_icon:'' }) ;\">[00:04:38]<\/a> Et dans l&#8217;\u00e9pisode sur le foot, je vous avais par exemple parl\u00e9 de la Coupe du monde 1998. J&#8217;avais neuf ans \u00e0 cette \u00e9poque et je m&#8217;en souviens tr\u00e8s bien parce que c&#8217;\u00e9tait un \u00e9v\u00e9nement \u00e9norme. D\u00e9j\u00e0 parce que le tournoi \u00e9tait organis\u00e9 en France, il avait lieu en France et parce que c&#8217;est la premi\u00e8re Coupe du monde que l&#8217;\u00e9quipe de France a remport\u00e9, qu&#8217;elle a remport\u00e9 \u00e0 domicile. Donc c&#8217;\u00e9tait vraiment un moment de liesse populaire, autrement dit de tr\u00e8s grande joie. Tous les Fran\u00e7ais \u00e9taient soud\u00e9s, \u00e9taient ensemble pour soutenir leur \u00e9quipe. Et moi, \u00e0 travers mes yeux de petit gar\u00e7on de neuf ans, c&#8217;\u00e9tait un \u00e9v\u00e9nement qui m&#8217;avait vraiment marqu\u00e9, qui m&#8217;avait vraiment impressionn\u00e9.<\/p>\n\n\n\n<p><a id=\"sonaar_ts-6927d43bdbf3c\" class=\"srmp3_sonaar_ts_shortcode\"  style=\"\" href=\"javascript:sonaar_ts_shortcode({ trackid:'0', time:'0', ts_id:'6927d43bdbf3c', play_icon:'' }) ;\">[00:05:22]<\/a> Mais aujourd&#8217;hui, je n&#8217;ai pas vraiment cette passion pour le foot et je regarde seulement les grands matches de temps en temps. Mais \u00e0 l&#8217;heure o\u00f9 j&#8217;enregistre cet \u00e9pisode, il y a un match qui a lieu entre l&#8217;\u00e9quipe de France et le Danemark, le deuxi\u00e8me match de l&#8217;\u00e9quipe de France. Et je ne le regarde pas. Non pas seulement parce que j&#8217;enregistre cet \u00e9pisode, mais parce que j&#8217;ai d\u00e9cid\u00e9 de boycotter cette Coupe du monde. Je sais qu&#8217;il y a ce match parce que j&#8217;ai des amis fran\u00e7ais ici \u00e0 Varsovie, qui m&#8217;ont invit\u00e9 \u00e0 le regarder avec eux. Et pour \u00eatre honn\u00eate, je n&#8217;ai pas encore os\u00e9 leur dire que je boycotte la Coupe du monde, donc je ne leur ai pas r\u00e9pondu et j&#8217;ai fait le mort.<\/p>\n\n\n\n<p><a id=\"sonaar_ts-6927d43bdbf41\" class=\"srmp3_sonaar_ts_shortcode\"  style=\"\" href=\"javascript:sonaar_ts_shortcode({ trackid:'0', time:'0', ts_id:'6927d43bdbf41', play_icon:'' }) ;\">[00:06:08]<\/a> \u00ab Faire le mort \u00bb, c&#8217;est une expression qui signifie qu&#8217;on ne r\u00e9pond pas \u00e0 quelqu&#8217;un, qu&#8217;on fait comme si on n&#8217;existait pas, comme si on \u00e9tait mort. Moi, je fais le mort. Je ne r\u00e9ponds pas \u00e0 mes amis qui m&#8217;ont invit\u00e9 \u00e0 regarder cette Coupe du monde parce que j&#8217;ai pas envie d&#8217;avoir cette discussion avec eux. Je ne me sens pas encore pr\u00eat. Alors \u00e7a peut vous faire sourire. Peut-\u00eatre que vous trouvez \u00e7a bizarre que j&#8217;ai peur d&#8217;avoir une conversation \u00e0 propos du foot avec mes amis. Mais il faut savoir qu&#8217;en ce moment, c&#8217;est un d\u00e9bat qui divise profond\u00e9ment les Fran\u00e7ais. D&#8217;autant plus que cette ann\u00e9e, il n&#8217;y a pas d&#8217;\u00e9lections pr\u00e9sidentielles, donc on doit trouver un autre sujet pour se disputer. Et ce sujet, c&#8217;est la Coupe du monde. J&#8217;ai vu un sondage r\u00e9cemment qui disait que 40 % des Fran\u00e7ais affirment qu&#8217;ils ne vont pas la regarder. Et d&#8217;ailleurs, la plupart des grandes villes fran\u00e7aises ont d\u00e9clar\u00e9 qu&#8217;elles n&#8217;auraient pas de fanzone. \u00ab Les fanzones \u00bb, ce sont des zones avec des \u00e9crans g\u00e9ants pour pouvoir regarder les matchs de l&#8217;\u00e9quipe de France.<\/p>\n\n\n\n<p><a id=\"sonaar_ts-6927d43bdbf45\" class=\"srmp3_sonaar_ts_shortcode\"  style=\"\" href=\"javascript:sonaar_ts_shortcode({ trackid:'0', time:'0', ts_id:'6927d43bdbf45', play_icon:'' }) ;\">[00:07:15]<\/a> C&#8217;est quelque chose qui est mis en place r\u00e9guli\u00e8rement quand il y a des grands \u00e9v\u00e9nements sportifs, des grandes comp\u00e9titions. Mais l\u00e0, cette ann\u00e9e, les maires de plusieurs grandes villes, notamment Paris, ont d\u00e9clar\u00e9 qu&#8217;il n&#8217;y aurait pas de fanzone pour boycotter cette Coupe du monde au Qatar. Bref, pour en revenir \u00e0 mes amis, eux ce ne sont pas des footix, ils aiment vraiment le foot, ils suivent les championnats europ\u00e9ens toute l&#8217;ann\u00e9e, pas seulement quand il y a une comp\u00e9tition internationale, ils en discutent entre eux r\u00e9guli\u00e8rement, etc. Pour moi, \u00e9videmment, c&#8217;est facile de boycotter cette Coupe du monde. Ce n&#8217;est pas un grand sacrifice, mais pour eux, c&#8217;est quelque chose de plus difficile parce que c&#8217;est vraiment un \u00e9v\u00e9nement qu&#8217;ils adorent. Un \u00e9v\u00e9nement qui a lieu tous les quatre ans et qui leur rappelle beaucoup de bons souvenirs. Ces amis ne sont pas tous fran\u00e7ais, mais voil\u00e0 ils adorent regarder les matchs, les diff\u00e9rentes \u00e9quipes nationales, etc. Et ces amis, ce sont mes amis, donc ils sont tr\u00e8s gentils, tr\u00e8s sympa, mais ils ne comprennent pas forc\u00e9ment certaines de mes d\u00e9cisions, notamment le v\u00e9ganisme.<\/p>\n\n\n\n<p><a id=\"sonaar_ts-6927d43bdbf4b\" class=\"srmp3_sonaar_ts_shortcode\"  style=\"\" href=\"javascript:sonaar_ts_shortcode({ trackid:'0', time:'0', ts_id:'6927d43bdbf4b', play_icon:'' }) ;\">[00:08:29]<\/a> On a d\u00e9j\u00e0 quelques d\u00e9bats \u00e0 propos de ces questions de morale, d&#8217;\u00e9thique, etc. Et moi je n&#8217;ai pas envie d&#8217;avoir l&#8217;image d&#8217;un donneur de le\u00e7ons. \u00ab Un donneur de le\u00e7ons \u00bb, c&#8217;est une expression qui a une connotation assez n\u00e9gative. C&#8217;est quelqu&#8217;un qui passe son temps \u00e0 faire la morale aux autres. Quelqu&#8217;un qui passe son temps \u00e0 dire aux autres comment ils devraient se comporter, ce qui est moral et immoral, etc. Bon, en m\u00eame temps, moi je suis professeur donc c&#8217;est un peu normal que je fasse des le\u00e7ons, mais je n&#8217;ai pas envie d&#8217;avoir cette image de donneur de le\u00e7ons, de quelqu&#8217;un qui passe son temps \u00e0 dire aux autres comment ils devraient vivre.<\/p>\n\n\n\n<p><a id=\"sonaar_ts-6927d43bdbf50\" class=\"srmp3_sonaar_ts_shortcode\"  style=\"\" href=\"javascript:sonaar_ts_shortcode({ trackid:'0', time:'0', ts_id:'6927d43bdbf50', play_icon:'' }) ;\">[00:09:10]<\/a> Mais si l&#8217;\u00e9quipe de France se qualifie pour la suite du tournoi, ils vont encore m&#8217;inviter \u00e0 regarder des matchs et je pense qu&#8217;au bout d&#8217;un moment, il va falloir que je crache le morceau alors cracher le morceau. Une autre expression qui veut dire dire la v\u00e9rit\u00e9, tout simplement, \u00ab cracher le morceau \u00bb. C&#8217;est un peu informel, mais bon, ce n&#8217;est pas vulgaire. Si vous voulez que quelqu&#8217;un vous dise la v\u00e9rit\u00e9, vous pouvez lui dire crache le morceau, crache le morceau, dis moi la v\u00e9rit\u00e9. Moi, il va falloir que je crache le morceau et que je dise \u00e0 mes amis pourquoi je ne veux pas regarder la Coupe du monde et j&#8217;ai peur que \u00e7a cr\u00e9e un malaise, que \u00e7a cr\u00e9e un malaise entre nous. Ils vont s\u00fbrement me demander pourquoi je boycotte la Coupe du monde, mais je suis s\u00fbr qu&#8217;ils connaissent d\u00e9j\u00e0 tr\u00e8s bien ma r\u00e9ponse et mes arguments.<\/p>\n\n\n\n<p><a id=\"sonaar_ts-6927d43bdbf55\" class=\"srmp3_sonaar_ts_shortcode\"  style=\"\" href=\"javascript:sonaar_ts_shortcode({ trackid:'0', time:'0', ts_id:'6927d43bdbf55', play_icon:'' }) ;\">[00:10:03]<\/a> Mais vous, ce n&#8217;est peut \u00eatre pas le cas. Je ne sais pas \u00e0 quel point vous \u00eates inform\u00e9s de ce qui se passe autour de cette Coupe du monde. Je pense que c&#8217;est un sujet passionnant qui touche \u00e0 plein de dimensions diff\u00e9rentes, donc on va en parler ensemble.<\/p>\n\n\n\n<p><a id=\"sonaar_ts-6927d43bdbf60\" class=\"srmp3_sonaar_ts_shortcode\"  style=\"\" href=\"javascript:sonaar_ts_shortcode({ trackid:'0', time:'0', ts_id:'6927d43bdbf60', play_icon:'' }) ;\">[00:10:32]<\/a> Le premier point qui fait d\u00e9bat autour de cette Coupe du monde, c&#8217;est le pays organisateur, le pays qui organise la comp\u00e9tition. Il faut savoir que la Coupe du monde de foot a lieu tous les quatre ans et pour cette \u00e9dition, c&#8217;est le Qatar qui l&#8217;organise.<\/p>\n\n\n\n<p><a id=\"sonaar_ts-6927d43bdbf65\" class=\"srmp3_sonaar_ts_shortcode\"  style=\"\" href=\"javascript:sonaar_ts_shortcode({ trackid:'0', time:'0', ts_id:'6927d43bdbf65', play_icon:'' }) ;\">[00:10:49]<\/a> Le Qatar, c&#8217;est un \u00e9mirat arabe qui se trouve au Moyen-Orient et qui compte environ 3 millions d&#8217;habitants. C&#8217;est un petit pays. Le probl\u00e8me, c&#8217;est que le Qatar n&#8217;a pas vraiment de tradition de football. Il n&#8217;est pas connu pour son amour du foot. Par exemple, son \u00e9quipe nationale ne s&#8217;est jamais qualifi\u00e9e pour la Coupe du monde jusqu&#8217;\u00e0 cette \u00e9dition, parce que le pays organisateur a son \u00e9quipe nationale qui est automatiquement qualifi\u00e9e. Mais avant \u00e7a, avant cette Coupe du monde, le Qatar ne s&#8217;\u00e9tait jamais qualifi\u00e9.<\/p>\n\n\n\n<p><a id=\"sonaar_ts-6927d43bdbf6a\" class=\"srmp3_sonaar_ts_shortcode\"  style=\"\" href=\"javascript:sonaar_ts_shortcode({ trackid:'0', time:'0', ts_id:'6927d43bdbf6a', play_icon:'' }) ;\">[00:11:25]<\/a> Alors, qui d\u00e9cide du pays organisateur ? Eh bien, c&#8217;est une organisation internationale, la FIFA, la F\u00e9d\u00e9ration internationale de foot. \u00c0 la surprise g\u00e9n\u00e9rale, en 2010, la FIFA a annonc\u00e9 que ce serait le Qatar qui organiserait la Coupe du monde en 2022. Et le Qatar a gagn\u00e9 face aux Etats-Unis. Ils \u00e9taient en comp\u00e9tition avec les Etats-Unis, mais c&#8217;est le Qatar qui a remport\u00e9 la possibilit\u00e9 d&#8217;organiser la Coupe du monde. Et \u00e7a, les Etats-Unis l&#8217;ont eu en travers de la gorge. \u00ab Avoir quelque chose en travers de la gorge\u00bb, je crois que j&#8217;ai d\u00e9j\u00e0 utilis\u00e9 cette expression, \u00e7a veut dire que vous avez du mal \u00e0 dig\u00e9rer, \u00e0 accepter quelque chose. Les Etats-Unis ont eu du mal \u00e0 accepter leur d\u00e9faite face au Qatar pour l&#8217;organisation de cette Coupe du monde. Ils l&#8217;ont eu en travers de la gorge.<\/p>\n\n\n\n<p><a id=\"sonaar_ts-6927d43bdbf6e\" class=\"srmp3_sonaar_ts_shortcode\"  style=\"\" href=\"javascript:sonaar_ts_shortcode({ trackid:'0', time:'0', ts_id:'6927d43bdbf6e', play_icon:'' }) ;\">[00:12:21]<\/a> Alors c&#8217;est vrai que les Etats-Unis, ce n&#8217;est pas non plus une terre de football. Ce n&#8217;est pas un des sports les plus populaires l\u00e0-bas, mais au moins, ils ont les infrastructures, ils ont de nombreux stades. Alors que le Qatar, quand ils ont remport\u00e9 la possibilit\u00e9 d&#8217;organiser la Coupe du monde, ils n&#8217;avaient qu&#8217;un seul stade et ensuite ils ont d\u00fb en construire sept pour pouvoir accueillir cette Coupe du monde. En plus, il faut savoir que la comp\u00e9tition, la Coupe du monde, a lieu en g\u00e9n\u00e9ral l&#8217;\u00e9t\u00e9 et que l&#8217;\u00e9t\u00e9, au Qatar, il fait souvent plus de 40 degr\u00e9s, voire m\u00eame 50 degr\u00e9s quand il y a des vagues de chaleur. Donc, pour pouvoir accommoder le Qatar, eh bien ils ont d\u00e9cid\u00e9 de d\u00e9caler la Coupe du monde en l&#8217;organisant pour la premi\u00e8re fois en hiver.<\/p>\n\n\n\n<p><a id=\"sonaar_ts-6927d43bdbf74\" class=\"srmp3_sonaar_ts_shortcode\"  style=\"\" href=\"javascript:sonaar_ts_shortcode({ trackid:'0', time:'0', ts_id:'6927d43bdbf74', play_icon:'' }) ;\">[00:13:13]<\/a> C&#8217;est pour \u00e7a qu&#8217;elle a lieu en ce moment, en novembre, alors que d&#8217;habitude elle a plut\u00f4t lieu \u00e0 la fin du mois de juin et au d\u00e9but du mois de juillet. Alors il y a de nombreux soup\u00e7ons de corruption autour de l&#8217;attribution de cette Coupe du monde. On dit que des pots de vin ont \u00e9t\u00e9 vers\u00e9s \u00e0 des membres du comit\u00e9 de la FIFA. \u00ab Des pots de vin \u00bb, ce sont des sommes d&#8217;argent qu&#8217;on donne \u00e0 quelqu&#8217;un pour le corrompre, pour obtenir des avantages, des pots de vin. J&#8217;ai dit : \u00ab on dit que \u00bb des pots de vin ont \u00e9t\u00e9 vers\u00e9s \u00e0 des membres du comit\u00e9 de la FIFA, mais ce ne sont pas seulement des rumeurs. Il y a diff\u00e9rentes enqu\u00eates qui sont en cours et des proc\u00e8s qui ont montr\u00e9 que certains membres du comit\u00e9 de la FIFA ont re\u00e7u de l&#8217;argent pour voter pour le Qatar. Et en France, c&#8217;est une affaire qui a fait beaucoup de bruit parce que certaines personnalit\u00e9s fran\u00e7aises seraient impliqu\u00e9es elles aussi dans ces affaires de corruption. Je pense notamment \u00e0 l&#8217;ancien pr\u00e9sident de la R\u00e9publique, Nicolas Sarkozy, mais aussi \u00e0 une l\u00e9gende du foot fran\u00e7ais, Michel Platini.<\/p>\n\n\n\n<p><a id=\"sonaar_ts-6927d43bdbf81\" class=\"srmp3_sonaar_ts_shortcode\"  style=\"\" href=\"javascript:sonaar_ts_shortcode({ trackid:'0', time:'0', ts_id:'6927d43bdbf81', play_icon:'' }) ;\">[00:14:23]<\/a> Comment \u00e7a s&#8217;est pass\u00e9 ? Michel Platini \u00e9tait membre du comit\u00e9 de la FIFA et selon certains enqu\u00eateurs, son vote aurait \u00e9t\u00e9 achet\u00e9 en \u00e9change du rachat du PSG par des investisseurs qataris. Alors j&#8217;explique \u00e7a parce que c&#8217;est un peu compliqu\u00e9. Le PSG, c&#8217;est le club de foot de la capitale fran\u00e7aise, le Paris Saint-Germain. En 2011, le PSG a \u00e9t\u00e9 rachet\u00e9 par des investisseurs du Qatar. Et on dit, ou en tout cas des enqu\u00eateurs semblent avoir trouv\u00e9, que Michel Platini aurait accept\u00e9 de voter pour le Qatar en \u00e9change que les investisseurs qataris rach\u00e8tent le PSG pour pouvoir investir beaucoup d&#8217;argent et en faire un des meilleurs clubs du monde. Ce qui est d&#8217;ailleurs arriv\u00e9. Nicolas Sarkozy est aussi impliqu\u00e9 dans cette affaire parce qu&#8217;il aurait d\u00e9jeun\u00e9 avec Michel Platini et des dirigeants qataris au moment de la d\u00e9cision de l&#8217;attribution de la Coupe du monde. Donc voil\u00e0, c&#8217;est une histoire qui fait beaucoup parler en France d&#8217;ailleurs, parce qu&#8217;il y a un autre grand footballeur fran\u00e7ais qui est impliqu\u00e9 dans cette affaire, Zin\u00e9dine Zidane, qui est connu sous le nom de Zizou.<\/p>\n\n\n\n<p><a id=\"sonaar_ts-6927d43bdbf88\" class=\"srmp3_sonaar_ts_shortcode\"  style=\"\" href=\"javascript:sonaar_ts_shortcode({ trackid:'0', time:'0', ts_id:'6927d43bdbf88', play_icon:'' }) ;\">[00:15:39]<\/a> Zizou a touch\u00e9 11 millions d&#8217;euros pour \u00eatre un des ambassadeurs du Qatar pour organiser la Coupe du monde. Bref, en France, on parle beaucoup de ces affaires de corruption et de toutes les personnalit\u00e9s qui sont impliqu\u00e9es. Mais pour \u00eatre honn\u00eate, si c&#8217;\u00e9tait juste cette histoire de changement de calendrier et de corruption, moi \u00e7a ne m&#8217;aurait pas vraiment g\u00ean\u00e9 et j&#8217;aurais quand m\u00eame regard\u00e9 quelques matchs de la Coupe du monde. Ce n&#8217;est pas la premi\u00e8re fois que la FIFA est accus\u00e9e de corruption. \u00c7a fait des ann\u00e9es et des ann\u00e9es que ce ph\u00e9nom\u00e8ne existe. D&#8217;ailleurs, l&#8217;ancien pr\u00e9sident de la FIFA, Sepp Blatter, a d\u00fb d\u00e9missionner \u00e0 cause de tous ces scandales. \u00c7a s&#8217;est d\u00e9j\u00e0 produit avec la Coupe du monde en Russie en 2018. Il y a des soup\u00e7ons aussi \u00e0 propos de l&#8217;organisation de la Coupe du monde en Allemagne en 2006 et m\u00eame celle qui a \u00e9t\u00e9 organis\u00e9e en France en 1998. Donc la corruption, \u00e7a fait vraiment partie de l&#8217;ADN de la FIFA.<\/p>\n\n\n\n<p><a id=\"sonaar_ts-6927d43bdbf8d\" class=\"srmp3_sonaar_ts_shortcode\"  style=\"\" href=\"javascript:sonaar_ts_shortcode({ trackid:'0', time:'0', ts_id:'6927d43bdbf8d', play_icon:'' }) ;\">[00:16:42]<\/a> Et d&#8217;un autre c\u00f4t\u00e9, choisir le Qatar, c&#8217;est quelque chose d&#8217;assez positif parce que c&#8217;est la premi\u00e8re fois que la Coupe du monde a lieu dans un pays arabe. \u00c7a apporte un peu de diversit\u00e9 au paysage footballistique. C&#8217;est vrai que pour le Qatar, organiser ce genre d&#8217;\u00e9v\u00e9nement, c&#8217;est comme une grande op\u00e9ration de communication, une grande campagne marketing. Et plus s\u00e9rieusement, c&#8217;est une fa\u00e7on de renforcer son soft power, autrement dit son influence. Malheureusement pour eux, je ne suis pas s\u00fbr que \u00e7a ait fonctionn\u00e9. Alors oui, ils ont construit des stades magnifiques et l&#8217;organisation de la comp\u00e9tition est tr\u00e8s professionnelle. Mais il y a jamais eu de pol\u00e9mique aussi forte que celle qu&#8217;il y a en ce moment autour de la Coupe du monde au Qatar. Donc c&#8217;est un peu contre-productif.<\/p>\n\n\n\n<p><a id=\"sonaar_ts-6927d43bdbf93\" class=\"srmp3_sonaar_ts_shortcode\"  style=\"\" href=\"javascript:sonaar_ts_shortcode({ trackid:'0', time:'0', ts_id:'6927d43bdbf93', play_icon:'' }) ;\">[00:17:34]<\/a> Les stades, justement, parlons en des stades flambant neufs, autrement dit des stades qui sont tout nouveaux, tout beaux, \u00ab flambant neufs \u00bb. Quand on ach\u00e8te une nouvelle voiture par exemple, et une voiture qui est neuve, on peut dire qu&#8217;elle est flambant neuve. Autrement dit qu&#8217;elle brille, qu&#8217;elle est tr\u00e8s jolie et qu&#8217;on voit qu&#8217;elle sort tout juste du magasin. Au Qatar, il y a sept stades flambant neufs, sept stades qui ont \u00e9t\u00e9 construits en l&#8217;espace de dix ans.<\/p>\n\n\n\n<p><a id=\"sonaar_ts-6927d43bdbf99\" class=\"srmp3_sonaar_ts_shortcode\"  style=\"\" href=\"javascript:sonaar_ts_shortcode({ trackid:'0', time:'0', ts_id:'6927d43bdbf99', play_icon:'' }) ;\">[00:18:04]<\/a> Alors \u00e9videmment, pour r\u00e9ussir une telle prouesse, un tel exploit, le Qatar a eu besoin d&#8217;\u00e9norm\u00e9ment de main d&#8217;oeuvre. Et comme c&#8217;est un pays de seulement 3 millions d&#8217;habitants, il a d\u00fb faire massivement appel \u00e0 de la main d&#8217;\u0153uvre \u00e9trang\u00e8re \u00e0 des travailleurs migrants. En particulier des travailleurs qui venaient de pays d&#8217;Asie comme l&#8217;Inde, le N\u00e9pal, le Bangladesh, le Pakistan ou le Sri Lanka. Alors \u00e7a, en soi, ce n&#8217;est pas un probl\u00e8me. Le probl\u00e8me, c&#8217;est la fa\u00e7on dont ces travailleurs \u00e9trangers ont \u00e9t\u00e9 trait\u00e9s au Qatar. Plusieurs organisations non gouvernementales internationales ont montr\u00e9 que ces travailleurs avaient des conditions de travail d\u00e9plorables. D\u00e9j\u00e0, ils \u00e9taient totalement sous l&#8217;autorit\u00e9 de leur employeur, ils n&#8217;avaient par exemple pas le droit de d\u00e9missionner ni de voyager sur le territoire sans autorisation, ce qui parfois pouvait \u00eatre assimil\u00e9 \u00e0 une forme de travail forc\u00e9. Et il faut savoir qu&#8217;en moyenne, les ouvriers qui ont construit ces stades travaillaient plus de dix heures par jour, six jours sur sept, et qu&#8217;ils \u00e9taient pay\u00e9s en moyenne 1 \u20ac de l&#8217;heure pour des travaux qui \u00e9taient tr\u00e8s physiques et tr\u00e8s difficiles.<\/p>\n\n\n\n<p><a id=\"sonaar_ts-6927d43bdbf9e\" class=\"srmp3_sonaar_ts_shortcode\"  style=\"\" href=\"javascript:sonaar_ts_shortcode({ trackid:'0', time:'0', ts_id:'6927d43bdbf9e', play_icon:'' }) ;\">[00:19:22]<\/a> D&#8217;ailleurs, certains d&#8217;entre eux n&#8217;ont m\u00eame pas \u00e9t\u00e9 pay\u00e9s, ou alors ils ont \u00e9t\u00e9 pay\u00e9s avec des mois de retard. Et quand ils n&#8217;\u00e9taient pas au travail, ils \u00e9taient entass\u00e9s par milliers dans des camps o\u00f9 ils devaient manger et dormir ensemble, des camps qui \u00e9taient lou\u00e9s par leurs employeurs. Et l\u00e0 encore, on s&#8217;est rendu compte que certains de ces camps n&#8217;avaient pas d&#8217;eau courante ou qu&#8217;ils n&#8217;avaient pas d&#8217;\u00e9lectricit\u00e9, qu&#8217;ils \u00e9taient dans des zones industrielles tr\u00e8s pollu\u00e9es et qu&#8217;ils \u00e9taient vraiment sous surveillance, avec des cam\u00e9ras, des vigiles partout. Voil\u00e0, l\u00e0 encore, pas des conditions de travail qui font r\u00eaver.<\/p>\n\n\n\n<p><a id=\"sonaar_ts-6927d43bdbfa3\" class=\"srmp3_sonaar_ts_shortcode\"  style=\"\" href=\"javascript:sonaar_ts_shortcode({ trackid:'0', time:'0', ts_id:'6927d43bdbfa3', play_icon:'' }) ;\">[00:20:01]<\/a> Mais une des choses les plus difficiles, c&#8217;\u00e9tait \u00e9videmment le climat, la chaleur au Qatar, la chaleur et l&#8217;humidit\u00e9 qui rendaient leur travail encore plus difficile, encore plus p\u00e9nible. R\u00e9sultat, il y a eu \u00e9norm\u00e9ment de morts pendant la construction de ces stades, beaucoup plus que pendant les Coupes du monde pr\u00e9c\u00e9dentes en Afrique du Sud, au Br\u00e9sil et en Russie. Dans ces pays en g\u00e9n\u00e9ral, il y avait entre deux et une vingtaine de morts par Coupe du monde, ce qui est d\u00e9j\u00e0 beaucoup trop, \u00e9videmment. Mais l\u00e0, au Qatar, les enqu\u00eates montrent qu&#8217;il y aurait eu plusieurs milliers de morts. C&#8217;est difficile de conna\u00eetre le chiffre exact, mais les diff\u00e9rentes organisations qui ont enqu\u00eat\u00e9 sont plus ou moins d&#8217;accord pour dire que ce chiffre se compte en quelques milliers, autrement dit beaucoup plus que pendant les chantiers de toutes les Coupes du monde pr\u00e9c\u00e9dentes.<\/p>\n\n\n\n<p><a id=\"sonaar_ts-6927d43bdbfa8\" class=\"srmp3_sonaar_ts_shortcode\"  style=\"\" href=\"javascript:sonaar_ts_shortcode({ trackid:'0', time:'0', ts_id:'6927d43bdbfa8', play_icon:'' }) ;\">[00:21:04]<\/a> Et l\u00e0, on voit le cynisme de la FIFA. C&#8217;est quand son pr\u00e9sident a \u00e9t\u00e9 interrog\u00e9 par un journaliste \u00e0 propos de ces milliers de morts et qu&#8217;il a d\u00e9clar\u00e9 : \u00ab Les travailleurs ont gagn\u00e9 de la dignit\u00e9 et de la fiert\u00e9 puisque gr\u00e2ce \u00e0 eux, les conditions de travail se sont am\u00e9lior\u00e9es au Qatar \u00bb. Oui, parce qu&#8217;\u00e0 cause des pressions de ces organisations internationales, le Qatar a finalement d\u00e9cid\u00e9 d&#8217;am\u00e9liorer son droit du travail, de le rendre plus favorable aux salari\u00e9s, mais ces am\u00e9liorations ont eu lieu seulement en 2020, quand la plupart des travaux \u00e9taient d\u00e9j\u00e0 termin\u00e9s. Bref, pour le pr\u00e9sident de la FIFA, Gianni Infantino, ces milliers de morts qui ont \u00e9t\u00e9 caus\u00e9s par la construction des stades au Qatar, c&#8217;est une forme de progr\u00e8s parce que \u00e7a a permis d&#8217;am\u00e9liorer le droit du travail. Mais quand on regarde un match de cette Coupe du monde, c&#8217;est comme si on regardait les joueurs jouer dans un cimeti\u00e8re parce que ces stades ont \u00e9t\u00e9 construits avec la mort de milliers de personnes.<\/p>\n\n\n\n<p><a id=\"sonaar_ts-6927d43bdbfae\" class=\"srmp3_sonaar_ts_shortcode\"  style=\"\" href=\"javascript:sonaar_ts_shortcode({ trackid:'0', time:'0', ts_id:'6927d43bdbfae', play_icon:'' }) ;\">[00:22:25]<\/a> Ensuite, le deuxi\u00e8me gros probl\u00e8me autour de l&#8217;organisation de cette Coupe du monde, c&#8217;est les droits des personnes LGBTQ+. Il faut savoir que le Qatar est un pays wahhabite comme l&#8217;Arabie Saoudite. Alors au Qatar, les femmes ont un peu plus de droits qu&#8217;en Arabie Saoudite. Par exemple, elles ont le droit de conduire une voiture depuis beaucoup plus longtemps qu&#8217;en Arabie Saoudite. En Arabie Saoudite, \u00e7a fait seulement quatre ans il me semble que les femmes ont le droit de conduire une voiture. Mais il y a quand m\u00eame les traditions wahhabites. Par exemple, les hommes et les femmes ne peuvent pas faire de d\u00e9monstrations affectives en public. On n&#8217;a pas le droit de boire d&#8217;alcool en public non plus, seulement dans certaines, dans certains \u00e9tablissements, par exemple dans les grands h\u00f4tels, dans les palaces de la ville. Mais le gros probl\u00e8me, c&#8217;est surtout l&#8217;homosexualit\u00e9 qui est consid\u00e9r\u00e9e au Qatar comme un d\u00e9lit.<\/p>\n\n\n\n<p><a id=\"sonaar_ts-6927d43bdbfb8\" class=\"srmp3_sonaar_ts_shortcode\"  style=\"\" href=\"javascript:sonaar_ts_shortcode({ trackid:'0', time:'0', ts_id:'6927d43bdbfb8', play_icon:'' }) ;\">[00:23:27]<\/a> L&#8217;homosexualit\u00e9 est passible d&#8217;une peine qui peut aller jusqu&#8217;\u00e0 sept ans de prison. On peut \u00eatre emprisonn\u00e9 pendant sept ans au Qatar si on est homosexuel. \u00c0 cause de \u00e7a, les autorit\u00e9s qataries doivent faire le grand \u00e9cart. \u00ab Faire le grand \u00e9cart \u00bb c&#8217;est en gymnastique quand vous \u00e9cartez les jambes au maximum et que vous arrivez \u00e0 avoir les deux jambes perpendiculaires au sol. \u00c7a, c&#8217;est le grand \u00e9cart. Mais on peut dire aussi qu&#8217;une personne fait le grand \u00e9cart quand elle essaie de faire un compromis entre deux positions qui sont totalement oppos\u00e9es. Les autorit\u00e9s qataris essaient de faire le grand \u00e9cart. D&#8217;un c\u00f4t\u00e9, elles veulent donner une bonne image, une image moderne, donc elles disent que tout le monde est le bienvenu au Mondial, \u00e0 la Coupe du monde de foot, mais qu&#8217;il faut respecter la culture et les traditions du pays. Autrement dit, vous pouvez venir au Qatar voir la Coupe du monde si vous \u00eates homosexuels, mais vous ne devez pas montrer que vous \u00eates homosexuel, sinon c&#8217;est une insulte \u00e0 la culture qatari.<\/p>\n\n\n\n<p><a id=\"sonaar_ts-6927d43bdbfbe\" class=\"srmp3_sonaar_ts_shortcode\"  style=\"\" href=\"javascript:sonaar_ts_shortcode({ trackid:'0', time:'0', ts_id:'6927d43bdbfbe', play_icon:'' }) ;\">[00:24:41]<\/a> R\u00e9sultat : les drapeaux arc-en-ciel, les drapeaux one love, qui font la promotion des droits LGBTQ, sont interdits dans les stades. Officiellement, ils sont interdits pour la s\u00e9curit\u00e9 des supporters. Le responsable de la s\u00e9curit\u00e9 qatari a dit que ces drapeaux \u00e9taient interdits parce que les personnes qui les brandissaient risquaient d&#8217;avoir des probl\u00e8mes avec les locaux, avec les Qataris. Pour s&#8217;opposer \u00e0 \u00e7a, les capitaines de certaines \u00e9quipes \u2013 de sept \u00e9quipes europ\u00e9ennes, pour \u00eatre plus pr\u00e9cis \u2013 avaient pr\u00e9vu de porter un brassard arc-en-ciel pendant les matchs, autrement dit de montrer leur soutien pour la cause LGBTQ+. Les capitaines de sept \u00e9quipes europ\u00e9ennes, dont la France ne faisaient pas partie. L&#8217;\u00e9quipe de France, toujours aussi courageuse. Mais la FIFA, encore une fois, a menac\u00e9 ces \u00e9quipes de leur mettre un carton jaune, de mettre un carton jaune au capitaine au d\u00e9but de la rencontre, si le capitaine portait ce brassard arc-en-ciel. R\u00e9sultat : les capitaines de ces \u00e9quipes ont renonc\u00e9 \u00e0 porter ce brassard.<\/p>\n\n\n\n<p><a id=\"sonaar_ts-6927d43bdbfc3\" class=\"srmp3_sonaar_ts_shortcode\"  style=\"\" href=\"javascript:sonaar_ts_shortcode({ trackid:'0', time:'0', ts_id:'6927d43bdbfc3', play_icon:'' }) ;\">[00:25:57]<\/a> Mais les joueurs de l&#8217;\u00e9quipe allemande ont quand m\u00eame protest\u00e9 \u00e0 leur mani\u00e8re avant leur premier match. Pendant la photo d&#8217;\u00e9quipe, tous les joueurs ont mis la main devant leur bouche pour protester contre la FIFA. C&#8217;\u00e9tait une mani\u00e8re symbolique de montrer que la FIFA avait voulu les faire taire. \u00ab Faire taire quelqu&#8217;un \u00bb, c&#8217;est deux verbes, \u00ab faire \u00bb et \u00ab taire \u00bb, \u00e7a veut dire emp\u00eacher quelqu&#8217;un de parler, emp\u00eacher quelqu&#8217;un de s&#8217;exprimer.<\/p>\n\n\n\n<p><a id=\"sonaar_ts-6927d43bdbfc8\" class=\"srmp3_sonaar_ts_shortcode\"  style=\"\" href=\"javascript:sonaar_ts_shortcode({ trackid:'0', time:'0', ts_id:'6927d43bdbfc8', play_icon:'' }) ;\">[00:26:38]<\/a> On en arrive au troisi\u00e8me et dernier grand probl\u00e8me \u00e0 propos de cette Coupe du monde au Qatar : son impact environnemental. Alors il faut savoir que les Qataris ont investi \u00e9norm\u00e9ment d&#8217;argent pour que les stades soient construits en respectant les derni\u00e8res normes environnementales. Ils ont \u00e9t\u00e9 con\u00e7us par les meilleurs cabinet d&#8217;architecture au monde. Donc, ils utilisent de l&#8217;\u00e9nergie solaire, ils ont \u00e9t\u00e9 construits avec des mat\u00e9riaux recycl\u00e9s, etc. Mais tout \u00e7a, \u00e7a n&#8217;impacte que marginalement le co\u00fbt \u00e9norme de la construction de ces stades. On ne peut pas construire sept stades de 40 ou 80\u202f000 places en dix ans sans que cela ait un impact \u00e9norme et d\u00e9sastreux sur l&#8217;environnement. Un autre argument que les Qataris utilisent pour se d\u00e9fendre, c&#8217;est que pour une fois, les stades sont tr\u00e8s proches les uns des autres.<\/p>\n\n\n\n<p><a id=\"sonaar_ts-6927d43bdbfcd\" class=\"srmp3_sonaar_ts_shortcode\"  style=\"\" href=\"javascript:sonaar_ts_shortcode({ trackid:'0', time:'0', ts_id:'6927d43bdbfcd', play_icon:'' }) ;\">[00:27:37]<\/a> C&#8217;est vrai que normalement, les Coupes du monde sont organis\u00e9es au sein d&#8217;un pays. Les stades sont dans diff\u00e9rentes villes, donc les supporters doivent voyager d&#8217;une ville \u00e0 l&#8217;autre pour voir les matchs. \u00c7a, \u00e7a a \u00e9videmment un impact environnemental. Mais comme le Qatar est un petit pays, les stades sont tr\u00e8s proches les uns des autres et les supporters peuvent aller voir un match puis un autre en prenant un bus \u00e9lectrique. Alors que par exemple, la prochaine Coupe du monde va \u00eatre organis\u00e9e entre trois pays, les \u00c9tats-Unis, le Canada et le Mexique. Donc les supporters vont \u00eatre oblig\u00e9s de prendre des vols \u00e0 chaque fois s&#8217;ils veulent voir plusieurs matchs. Mais \u00e7a, malheureusement, c&#8217;est pas le c\u0153ur du probl\u00e8me puisque 70 % de l&#8217;empreinte carbone li\u00e9e \u00e0 une Coupe du monde vient des trajets effectu\u00e9s pour se rendre \u00e0 la comp\u00e9tition, pas les trajets entre les matchs, mais tous les supporters, les \u00e9quipes et les staffs qui prennent l&#8217;avion pour venir \u00e0 la comp\u00e9tition. \u00c7a, \u00e7a repr\u00e9sente 70 % de l&#8217;empreinte carbone. Et le fait que la Coupe du monde ait lieu au Qatar, et bien \u00e7a n&#8217;a pas du tout permis de r\u00e9duire cette empreinte carbone.<\/p>\n\n\n\n<p><a id=\"sonaar_ts-6927d43bdbfd5\" class=\"srmp3_sonaar_ts_shortcode\"  style=\"\" href=\"javascript:sonaar_ts_shortcode({ trackid:'0', time:'0', ts_id:'6927d43bdbfd5', play_icon:'' }) ;\">[00:28:54]<\/a> En plus, il faut savoir que le Qatar n&#8217;avait pas assez de chambres d&#8217;h\u00f4tel pour accueillir tous les supporters. Donc il y a beaucoup de supporters qui s\u00e9journent dans des pays voisins, par exemple \u00e0 Duba\u00ef, ce qui fait qu&#8217;ils sont oblig\u00e9s de prendre des vols chaque jour entre Duba\u00ef et le Qatar pour assister aux matchs. Donc \u00e7a aussi, \u00e9videmment, c&#8217;est une aberration \u00e9cologique. Et puis la cerise sur le g\u00e2teau, c&#8217;est que les stades sont climatis\u00e9s alors qu&#8217;il ne fait pas si chaud que \u00e7a en ce moment. Il fait entre 25 et 30 degr\u00e9s l&#8217;apr\u00e8s-midi. Et j&#8217;ai lu dans un article que certains supporters s&#8217;\u00e9taient plaint d&#8217;avoir froid \u00e0 cause de la climatisation, \u00e0 cause de l&#8217;air conditionn\u00e9. Donc quand on voit tout \u00e7a, on se rend compte que cette Coupe du monde au Qatar, c&#8217;est un v\u00e9ritable d\u00e9sastre environnemental. Mais officiellement, le Qatar a obtenu une certification disant que cette Coupe du monde est neutre en carbone gr\u00e2ce \u00e0 des compensations, etc., etc. L\u00e0 aussi, les organisations environnementales disent que c&#8217;est une \u00e9norme op\u00e9ration de greenwashing et que cette Coupe du monde au Qatar, neutre en carbone, est une \u00e9norme blague. C&#8217;est un peu comme quand on plante des arbres pour prendre un vol et aller \u00e0 l&#8217;autre bout du monde. En fait, \u00e7a ne compense quasiment rien.<\/p>\n\n\n\n<p><a id=\"sonaar_ts-6927d43bdbfda\" class=\"srmp3_sonaar_ts_shortcode\"  style=\"\" href=\"javascript:sonaar_ts_shortcode({ trackid:'0', time:'0', ts_id:'6927d43bdbfda', play_icon:'' }) ;\">[00:30:33]<\/a> Alors pour conclure, \u00e9videmment, \u00e7a ne va pas changer grand chose, le fait que je ne regarde pas cette Coupe du monde. Et encore une fois, c&#8217;est plus facile pour moi de prendre cette d\u00e9cision que pour tous mes amis qui sont fans de foot. D&#8217;ailleurs, \u00e0 ce sujet, j&#8217;ai vu une vid\u00e9o que vient de publier Cyrus North, un youtubeur que j&#8217;adore et que je vous recommande. Cyrus C Y R U S et North N O R T H. Je mettrai le lien dans les sources de la vid\u00e9o, euh dans les sources de l&#8217;\u00e9pisode, pardon. Alors dans cette vid\u00e9o, Cyrus explique que le boycott ce n&#8217;est pas vraiment une question de sacrifice, mais plut\u00f4t une question d&#8217;envie. Quand l&#8217;envie de faire changer les choses est plus forte que l&#8217;envie de regarder le match. Pour moi, clairement, l&#8217;envie de d\u00e9noncer ce qui s&#8217;est pass\u00e9 au Qatar est plus forte que l&#8217;envie de regarder les matchs de la Coupe du monde parce que de toute fa\u00e7on, je n&#8217;avais pas sp\u00e9cialement envie de regarder la Coupe du monde.<\/p>\n\n\n\n<p><a id=\"sonaar_ts-6927d43bdbfdf\" class=\"srmp3_sonaar_ts_shortcode\"  style=\"\" href=\"javascript:sonaar_ts_shortcode({ trackid:'0', time:'0', ts_id:'6927d43bdbfdf', play_icon:'' }) ;\">[00:31:36]<\/a> C&#8217;est aussi pour \u00e7a que j&#8217;ai fait cet \u00e9pisode. Je me dis que \u00e7a aura peut-\u00eatre un peu plus d&#8217;impact. \u00c9videmment, je ne pense pas avoir r\u00e9ussi \u00e0 convaincre ceux d&#8217;entre vous qui sont fans de foot. D&#8217;ailleurs, je vous ai peut-\u00eatre un peu \u00e9nerv\u00e9s, d\u00e9sol\u00e9. Euh. Ah, je viens de recevoir un message de mes amis, donc apparemment la France est qualifi\u00e9e pour les huiti\u00e8mes de finale. Bon, j&#8217;imagine qu&#8217;il va s\u00fbrement falloir que j&#8217;aie cette conversation avec eux. Au moins, j&#8217;ai pu m&#8217;\u00e9chauffer, j&#8217;ai pu me pr\u00e9parer en faisant cet \u00e9pisode. J&#8217;esp\u00e8re que je r\u00e9ussirai \u00e0 en parler avec eux calmement. En tout cas, je vous invite \u00e0 vous montrer le bon exemple en ayant une conversation polie, civilis\u00e9e et courtoise dans les commentaires, comme vous en avez l&#8217;habitude. Vos commentaires sont toujours tr\u00e8s polis donc continuez comme \u00e7a. Merci pour votre attention, Merci d&#8217;avoir \u00e9cout\u00e9 cet \u00e9pisode et on se retrouve dans deux semaines. Tchao.<\/p>\n","protected":false},"excerpt":{"rendered":"<p>Salut \u00e0 toutes et \u00e0 tous, bienvenue pour ce nouvel \u00e9pisode au titre pas facile ! Footix boycotte la Coupe du monde. Essayez de le r\u00e9p\u00e9ter, c&#8217;est un bon moyen d&#8217;am\u00e9liorer votre prononciation. Alors aujourd&#8217;hui, c&#8217;est un \u00e9pisode un peu \u00e0 l&#8217;arrache. \u00ab \u00c0 l&#8217;arrache \u00bb, c&#8217;est une expression informelle pour dire que quelque chose&#8230;<\/p>\n","protected":false},"author":1,"featured_media":22869,"comment_status":"open","ping_status":"open","sticky":false,"template":"","format":[189],"meta":{"_acf_changed":false,"_kad_blocks_custom_css":"","_kad_blocks_head_custom_js":"","_kad_blocks_body_custom_js":"","_kad_blocks_footer_custom_js":"","_kad_post_transparent":"","_kad_post_title":"","_kad_post_layout":"","_kad_post_sidebar_id":"","_kad_post_content_style":"","_kad_post_vertical_padding":"","_kad_post_feature":"","_kad_post_feature_position":"","_kad_post_header":false,"_kad_post_footer":false,"_kad_post_classname":"","footnotes":""},"categories":[168],"tags":[196,175,172,184],"class_list":["post-22867","post","type-post","status-publish","format-standard","has-post-thumbnail","hentry","category-podcast","tag-actualite","tag-france","tag-societe","tag-sport","format-solo-hugo"],"acf":[],"taxonomy_info":{"category":[{"value":168,"label":"Podcast"}],"post_tag":[{"value":196,"label":"Actualit\u00e9"},{"value":175,"label":"France"},{"value":172,"label":"Soci\u00e9t\u00e9"},{"value":184,"label":"Sport"}],"format":[{"value":189,"label":"Solo Hugo"}]},"featured_image_src_large":["https:\/\/innerfrench.com\/wp-content\/uploads\/2022\/11\/E120-Footix-boycotte-750x406.jpg",750,406,true],"author_info":{"display_name":"Hugo","author_link":"https:\/\/innerfrench.com\/author\/innerfrench-2-2-2-2-2-2-2-2-2-2-2-2-2-2-2-2-2-2-2\/"},"comment_info":59,"category_info":[{"term_id":168,"name":"Podcast","slug":"podcast","term_group":0,"term_taxonomy_id":168,"taxonomy":"category","description":"","parent":0,"count":185,"filter":"raw","cat_ID":168,"category_count":185,"category_description":"","cat_name":"Podcast","category_nicename":"podcast","category_parent":0}],"tag_info":[{"term_id":196,"name":"Actualit\u00e9","slug":"actualite","term_group":0,"term_taxonomy_id":196,"taxonomy":"post_tag","description":"","parent":0,"count":10,"filter":"raw"},{"term_id":175,"name":"France","slug":"france","term_group":0,"term_taxonomy_id":175,"taxonomy":"post_tag","description":"","parent":0,"count":100,"filter":"raw"},{"term_id":172,"name":"Soci\u00e9t\u00e9","slug":"societe","term_group":0,"term_taxonomy_id":172,"taxonomy":"post_tag","description":"","parent":0,"count":94,"filter":"raw"},{"term_id":184,"name":"Sport","slug":"sport","term_group":0,"term_taxonomy_id":184,"taxonomy":"post_tag","description":"","parent":0,"count":5,"filter":"raw"}],"_links":{"self":[{"href":"https:\/\/innerfrench.com\/wp-json\/wp\/v2\/posts\/22867","targetHints":{"allow":["GET"]}}],"collection":[{"href":"https:\/\/innerfrench.com\/wp-json\/wp\/v2\/posts"}],"about":[{"href":"https:\/\/innerfrench.com\/wp-json\/wp\/v2\/types\/post"}],"author":[{"embeddable":true,"href":"https:\/\/innerfrench.com\/wp-json\/wp\/v2\/users\/1"}],"replies":[{"embeddable":true,"href":"https:\/\/innerfrench.com\/wp-json\/wp\/v2\/comments?post=22867"}],"version-history":[{"count":3,"href":"https:\/\/innerfrench.com\/wp-json\/wp\/v2\/posts\/22867\/revisions"}],"predecessor-version":[{"id":293618,"href":"https:\/\/innerfrench.com\/wp-json\/wp\/v2\/posts\/22867\/revisions\/293618"}],"wp:featuredmedia":[{"embeddable":true,"href":"https:\/\/innerfrench.com\/wp-json\/wp\/v2\/media\/22869"}],"wp:attachment":[{"href":"https:\/\/innerfrench.com\/wp-json\/wp\/v2\/media?parent=22867"}],"wp:term":[{"taxonomy":"category","embeddable":true,"href":"https:\/\/innerfrench.com\/wp-json\/wp\/v2\/categories?post=22867"},{"taxonomy":"post_tag","embeddable":true,"href":"https:\/\/innerfrench.com\/wp-json\/wp\/v2\/tags?post=22867"},{"taxonomy":"format","embeddable":true,"href":"https:\/\/innerfrench.com\/wp-json\/wp\/v2\/format?post=22867"}],"curies":[{"name":"wp","href":"https:\/\/api.w.org\/{rel}","templated":true}]}}