{"id":2388,"date":"2019-06-06T09:59:16","date_gmt":"2019-06-06T07:59:16","guid":{"rendered":"https:\/\/innerfrench.com\/?p=2388"},"modified":"2025-10-01T10:30:41","modified_gmt":"2025-10-01T08:30:41","slug":"67-menace-plastique","status":"publish","type":"post","link":"https:\/\/innerfrench.com\/67-menace-plastique\/","title":{"rendered":"#67 La menace plastique"},"content":{"rendered":"\n<p>Salut \u00e0 toutes et \u00e0 tous, bienvenue ! On se retrouve pour un nouvel \u00e9pisode, l&#8217;\u00e9pisode num\u00e9ro 67. Je suis tr\u00e8s content d&#8217;\u00eatre avec vous. Il fait un peu chaud aujourd&#8217;hui parce que l&#8217;\u00e9t\u00e9 est arriv\u00e9 \u00e0 Varsovie. Et on peut dire qu&#8217;il est arriv\u00e9 d\u2019un seul coup. Les semaines pr\u00e9c\u00e9dentes, il faisait assez froid, il pleuvait tous les jours. C&#8217;\u00e9tait pas un temps tr\u00e8s agr\u00e9able. Mais l\u00e0, depuis quelques jours, il fait super beau et il fait tr\u00e8s chaud. On pourrait m\u00eame dire qu&#8217;il fait excessivement chaud ! Mais bon, c&#8217;est plut\u00f4t agr\u00e9able. \u00c7a fait du bien d&#8217;avoir enfin du soleil et je pense qu&#8217;on va avoir un bel \u00e9t\u00e9 dans les mois \u00e0 venir.<\/p>\n\n\n\n<p><a id=\"sonaar_ts-6927ce7f8df7a\" class=\"srmp3_sonaar_ts_shortcode\"  style=\"\" href=\"javascript:sonaar_ts_shortcode({ trackid:'0', time:'00:00:51', ts_id:'6927ce7f8df7a', play_icon:'' }) ;\">[00:00:51]<\/a> La semaine derni\u00e8re, \u00e7a a \u00e9t\u00e9 une semaine tr\u00e8s charg\u00e9e pour moi parce que, comme vous le savez (j&#8217;imagine que vous avez re\u00e7u des emails), comme vous le savez, j&#8217;ai ouvert les inscriptions pour mon programme. Donc \u00e0 chaque fois, ces semaines, j&#8217;ai beaucoup de travail. Il y a beaucoup d&#8217;emails auxquels je dois r\u00e9pondre. Parfois des petits probl\u00e8mes techniques \u00e0 r\u00e9gler. Mais je suis vraiment content parce qu&#8217;il y a eu encore plus d&#8217;inscrits que la derni\u00e8re fois. En fait, \u00e0 chaque fois que je rouvre les inscriptions, il y a de plus en plus d&#8217;inscrits. Donc \u00e7a me fait vraiment plaisir. \u00c7a prouve que la communaut\u00e9 grandit.<\/p>\n\n\n\n<p><a id=\"sonaar_ts-6927ce7f8df88\" class=\"srmp3_sonaar_ts_shortcode\"  style=\"\" href=\"javascript:sonaar_ts_shortcode({ trackid:'0', time:'00:01:27', ts_id:'6927ce7f8df88', play_icon:'' }) ;\">[00:01:27]<\/a> Et puis, pour \u00eatre totalement transparent avec vous, moi, c&#8217;est vraiment les ventes de ce programme qui me permettent de gagner ma vie. Et gr\u00e2ce \u00e0 \u00e7a, j&#8217;ai du temps pour enregistrer ces podcasts gratuits, faire les vid\u00e9os sur YouTube etc. etc. Donc l\u00e0, comme les ventes se sont bien pass\u00e9es, je vais avoir le temps de continuer le podcast et de continuer les vid\u00e9os. Donc j&#8217;esp\u00e8re que pour vous, c&#8217;est plut\u00f4t une bonne nouvelle.<\/p>\n\n\n\n<p><a id=\"sonaar_ts-6927ce7f8df8f\" class=\"srmp3_sonaar_ts_shortcode\"  style=\"\" href=\"javascript:sonaar_ts_shortcode({ trackid:'0', time:'00:01:58', ts_id:'6927ce7f8df8f', play_icon:'' }) ;\">[00:01:58]<\/a> Dans cet \u00e9pisode, on va parler d&#8217;un sujet qui concerne l&#8217;environnement et en particulier le probl\u00e8me avec le plastique. Donc l\u00e0, vous vous dites peut-\u00eatre que \u00e7a va \u00eatre ennuyeux et je vous comprends ! Moi, c&#8217;est vrai qu&#8217;\u00e0 chaque fois qu&#8217;on veut me parler d&#8217;environnement, de pollution, etc., j&#8217;ai tendance \u00e0 bailler. &#8220;Bailler&#8221;, vous savez quand vous \u00eates fatigu\u00e9s et que vous ouvrez tr\u00e8s grand la bouche, vous baillez. Donc moi, ces sujets, \u00e7a me fait un peu bailler parce que c&#8217;est des choses que j&#8217;entends depuis des ann\u00e9es et des ann\u00e9es. Je sais que c&#8217;est des sujets qui sont importants mais j&#8217;ai vraiment du mal \u00e0 m&#8217;y int\u00e9resser. Peut-\u00eatre que pour vous, c&#8217;est la m\u00eame chose. Mais dans cet \u00e9pisode, je vous promets que je vais essayer de rendre \u00e7a suffisamment int\u00e9ressant pour garder toute votre attention.<\/p>\n\n\n\n<p><a id=\"sonaar_ts-6927ce7f8df95\" class=\"srmp3_sonaar_ts_shortcode\"  style=\"\" href=\"javascript:sonaar_ts_shortcode({ trackid:'0', time:'00:02:48', ts_id:'6927ce7f8df95', play_icon:'' }) ;\">[00:02:48]<\/a> Mais avant d&#8217;attaquer ce sujet, on va comme d&#8217;habitude \u00e9couter le t\u00e9moignage d&#8217;une auditrice du podcast qui s&#8217;appelle Marie.<\/p>\n\n\n\n<p><a id=\"sonaar_ts-6927ce7f8df9b\" class=\"srmp3_sonaar_ts_shortcode\"  style=\"\" href=\"javascript:sonaar_ts_shortcode({ trackid:'0', time:'00:02:58', ts_id:'6927ce7f8df9b', play_icon:'' }) ;\">[00:02:58]<\/a> Salut Hugo,<\/p>\n\n\n\n<p>J&#8217;esp\u00e8re que vous allez bien et que vous \u00eates en forme. Moi je m&#8217;appelle Marie et j&#8217;habite en Australie. Je voudrais commencer par vous remercier pour votre podcast. C&#8217;est gr\u00e2ce \u00e0 vous que je n&#8217;ai pas abandonn\u00e9 l&#8217;apprentissage de la langue fran\u00e7aise, m\u00eame quand c&#8217;est devenu difficile. Vous m&#8217;avez vraiment vraiment inspir\u00e9e.<\/p>\n\n\n\n<p>\u00c7a fait d\u00e9j\u00e0 un an que j&#8217;ai commenc\u00e9 l&#8217;apprentissage de la langue fran\u00e7aise et avant cela, ma compr\u00e9hension \u00e9tait vraiment nulle et j&#8217;h\u00e9sitais \u00e0 parler. J&#8217;avais m\u00eame honte. J&#8217;ai trouv\u00e9 que lorsque ma compr\u00e9hension s&#8217;est am\u00e9lior\u00e9e, ma confiance en mes mots et pour parler se sont \u00e9galement am\u00e9lior\u00e9es.<\/p>\n\n\n\n<p>Les choses qui m&#8217;ont vraiment aid\u00e9 \u00e0 am\u00e9liorer mon fran\u00e7ais \u00e9taient :<\/p>\n\n\n\n<ul class=\"wp-block-list\">\n<li>Num\u00e9ro 1, d&#8217;\u00eatre accro \u00e0 innerFrench.<\/li>\n\n\n\n<li>Num\u00e9ro 2, de me plonger dans la culture fran\u00e7aise, \u00e7a veut dire de regarder les films en fran\u00e7ais, des vid\u00e9os YouTube et m\u00eame changer mon t\u00e9l\u00e9phone en fran\u00e7ais.<\/li>\n\n\n\n<li>Enfin, de vraiment mettre la langue en pratique.<\/li>\n<\/ul>\n\n\n\n<p>M\u00eame si je suis n\u00e9e dans un pays francophone en Afrique, j&#8217;ai trouv\u00e9 que, quand je suis arriv\u00e9e en Australie, c&#8217;\u00e9tait tr\u00e8s difficile de retenir la langue. C&#8217;est pour cela que je me suis fait des amis fran\u00e7ais \u00e0 travers des sites comme Italki et l&#8217;application Busuu. Je trouve que cette fa\u00e7on d&#8217;apprendre la langue m&#8217;a plus aid\u00e9e que la mani\u00e8re traditionnelle que nous suivons \u00e0 l&#8217;\u00e9cole.<\/p>\n\n\n\n<p>F\u00e9licitations pour l&#8217;anniversaire de votre site ! Je te souhaite le meilleur et \u00e0 bient\u00f4t.<\/p>\n\n\n\n<p><a id=\"sonaar_ts-6927ce7f8df9f\" class=\"srmp3_sonaar_ts_shortcode\"  style=\"\" href=\"javascript:sonaar_ts_shortcode({ trackid:'0', time:'00:04:39', ts_id:'6927ce7f8df9f', play_icon:'' }) ;\">[00:04:39]<\/a> Merci beaucoup Marie de m&#8217;avoir envoy\u00e9 ce message. T&#8217;as dit plusieurs choses assez importantes, par exemple que ta confiance en toi, ta confiance pour parler, elle t&#8217;est venue au moment o\u00f9 ta compr\u00e9hension s&#8217;est am\u00e9lior\u00e9e. \u00c7a, c&#8217;est un processus qui, \u00e0 mes yeux, est assez naturel.<\/p>\n\n\n\n<p><a id=\"sonaar_ts-6927ce7f8dfa5\" class=\"srmp3_sonaar_ts_shortcode\"  style=\"\" href=\"javascript:sonaar_ts_shortcode({ trackid:'0', time:'00:04:58', ts_id:'6927ce7f8dfa5', play_icon:'' }) ;\">[00:04:58]<\/a> D&#8217;abord, on se concentre sur notre compr\u00e9hension, la compr\u00e9hension orale et la compr\u00e9hension \u00e9crite. C&#8217;est \u00e0 ce moment-l\u00e0 qu&#8217;on doit essayer d&#8217;emmagasiner un maximum d&#8217;input, autrement dit de lire, d&#8217;\u00e9couter des choses etc. comme dans la th\u00e9orie de mon professeur pr\u00e9f\u00e9r\u00e9, Stephen Krashen. Et une fois qu&#8217;on a fait \u00e7a, on commence \u00e0 acqu\u00e9rir du vocabulaire, on commence \u00e0 mieux comprendre les phrases. Et naturellement, on devient capable de former nos propres phrases. C&#8217;est un processus qui me semble assez naturel. C&#8217;est pour \u00e7a que je vous encourage toujours \u00e0 vous immerger au maximum dans la culture fran\u00e7aise. Et toi, c&#8217;est exactement ce que tu as fait.<\/p>\n\n\n\n<p><a id=\"sonaar_ts-6927ce7f8dfa9\" class=\"srmp3_sonaar_ts_shortcode\"  style=\"\" href=\"javascript:sonaar_ts_shortcode({ trackid:'0', time:'00:05:44', ts_id:'6927ce7f8dfa9', play_icon:'' }) ;\">[00:05:44]<\/a> Marie, tu nous dis que tu regardes des films, des vid\u00e9os sur YouTube et m\u00eame que tu as mis ton portable en fran\u00e7ais. Tout \u00e7a, c&#8217;est des petites choses que vous pouvez faire vous aussi \u00e0 la maison. Il n&#8217;y a pas forc\u00e9ment besoin d&#8217;habiter dans un pays francophone pour s&#8217;immerger dans la culture fran\u00e7aise. On vit vraiment \u00e0 une \u00e9poque formidable sous plein d&#8217;aspects, notamment parce qu&#8217;on peut apprendre une langue depuis chez nous, m\u00eame si on n&#8217;a pas de personnes qui parlent cette langue dans notre entourage.<\/p>\n\n\n\n<p><a id=\"sonaar_ts-6927ce7f8dfae\" class=\"srmp3_sonaar_ts_shortcode\"  style=\"\" href=\"javascript:sonaar_ts_shortcode({ trackid:'0', time:'00:06:16', ts_id:'6927ce7f8dfae', play_icon:'' }) ;\">[00:06:16]<\/a> Ensuite, il y a \u00e9galement un \u00e9l\u00e9ment tr\u00e8s important que tu as soulign\u00e9 : celui de mettre la langue en pratique. C&#8217;est bien d&#8217;absorber un maximum de contenus, mais il faut essayer de les r\u00e9utiliser. Il faut essayer de se les approprier. Toi, ce que tu as fait, Marie, c&#8217;est de trouver des amis fran\u00e7ais sur Italki. \u00c7a aussi, c&#8217;est un site que je recommande souvent, un site sur lequel vous pouvez prendre des cours avec des profs particuliers, avec des tuteurs ou bien tout simplement trouver des partenaires de langue. Je vous encourage \u00e0 tous de le faire. Si vous n&#8217;avez pas encore de partenaire de langue, vraiment, fa\u00eetes-le ! J&#8217;insiste sur \u00e7a. Essayez de trouver quelqu&#8217;un.<\/p>\n\n\n\n<p><a id=\"sonaar_ts-6927ce7f8dfb3\" class=\"srmp3_sonaar_ts_shortcode\"  style=\"\" href=\"javascript:sonaar_ts_shortcode({ trackid:'0', time:'00:06:56', ts_id:'6927ce7f8dfb3', play_icon:'' }) ;\">[00:06:56]<\/a> Et puis Marie, tu m&#8217;as f\u00e9licit\u00e9 pour l&#8217;anniversaire du podcast. \u00c7a, \u00e7a vous montre que j&#8217;ai re\u00e7u ce message il y a d\u00e9j\u00e0 un certain temps parce que, comme je vous l&#8217;ai dit, j&#8217;ai \u00e9norm\u00e9ment d&#8217;enregistrements en stock et maintenant, il y a une longue queue. Ce qui fait que si vous m&#8217;envoyez un enregistrement maintenant, vous allez devoir attendre plusieurs semaines, voire m\u00eame peut-\u00eatre plusieurs mois, avant de vous entendre dans le podcast. Donc je suis d\u00e9sol\u00e9 de \u00e7a. Je pense que cette initiative est un peu victime de son succ\u00e8s, comme on dit (autrement dit, elle a tellement bien fonctionn\u00e9, qu&#8217;aujourd&#8217;hui, \u00e7a pose quelques probl\u00e8mes parce qu&#8217;il y a cette queue). Mais voil\u00e0, c&#8217;est que du positif ! Et si vous aussi, vous avez envie de vous entendre dans le podcast, je vous encourage \u00e0 m&#8217;envoyer votre message et \u00e0 \u00eatre patient.<\/p>\n\n\n\n<p><a id=\"sonaar_ts-6927ce7f8dfb8\" class=\"srmp3_sonaar_ts_shortcode\"  style=\"\" href=\"javascript:sonaar_ts_shortcode({ trackid:'0', time:'00:07:49', ts_id:'6927ce7f8dfb8', play_icon:'' }) ;\">[00:07:49]<\/a> Alors notre sujet du jour, comme vous l&#8217;avez compris, c&#8217;est pas un sujet qui me serait venu \u00e0 l&#8217;esprit moi-m\u00eame. En fait, il m&#8217;a \u00e9t\u00e9 propos\u00e9 par un auditeur du podcast qui fait aussi partie du cours <em>Build a Strong Core<\/em>. Cet auditeur, c&#8217;est Stephen et il est b\u00e9n\u00e9vole dans une association de San Diego qui s&#8217;appelle <em>Clear Blue Sea<\/em>. Donc c&#8217;est une association \u00e0 but non lucratif. &#8220;Une association \u00e0 but non lucratif&#8221;, \u00e7a signifie tout simplement &#8220;une association qui n&#8217;essaye pas de gagner d&#8217;argent, qui n&#8217;essaye pas de faire des profits&#8221;. Et cette association, <em>Clear Blue Sea<\/em>, elle a pour but de combattre le probl\u00e8me de la pollution plastique dans les oc\u00e9ans.<\/p>\n\n\n\n<p><a id=\"sonaar_ts-6927ce7f8dfbd\" class=\"srmp3_sonaar_ts_shortcode\"  style=\"\" href=\"javascript:sonaar_ts_shortcode({ trackid:'0', time:'00:08:36', ts_id:'6927ce7f8dfbd', play_icon:'' }) ;\">[00:08:36]<\/a> Pour \u00e7a, elle d\u00e9veloppe un robot, un robot flottant qui s&#8217;appelle FRED. \u00c7a ressemble un peu \u00e0 un gros bateau avec des panneaux solaires dessus (donc \u00e9videmment, \u00e7a veut dire qu&#8217;il fonctionne \u00e0 l&#8217;\u00e9nergie solaire). Et ce robot flotte sur l&#8217;eau pour essayer de collecter tous les d\u00e9chets plastiques qui se trouvent \u00e0 la surface des oc\u00e9ans. \u00c7a, \u00e7a va \u00eatre un mot important : le mot &#8220;d\u00e9chet&#8221;. &#8220;Un d\u00e9chet&#8221;, on dit aussi parfois &#8220;une ordure&#8221;, c&#8217;est quelque chose qu&#8217;on jette \u00e0 la poubelle parce qu&#8217;on ne l&#8217;utilise plus. Donc &#8220;les d\u00e9chets&#8221; ou &#8220;les ordures&#8221;, \u00e7a va beaucoup revenir dans cet \u00e9pisode. J&#8217;esp\u00e8re que vous connaissez ce mot. Sinon, je suis s\u00fbr qu&#8217;\u00e0 la fin, vous allez vous en rappeler.<\/p>\n\n\n\n<p><a id=\"sonaar_ts-6927ce7f8dfc1\" class=\"srmp3_sonaar_ts_shortcode\"  style=\"\" href=\"javascript:sonaar_ts_shortcode({ trackid:'0', time:'00:09:21', ts_id:'6927ce7f8dfc1', play_icon:'' }) ;\">[00:09:21]<\/a> Stephen est, comme je vous l&#8217;ai dit, b\u00e9n\u00e9vole dans cette association. \u00c7a veut dire qu&#8217;il en est membre et qu&#8217;il les aide sans \u00eatre salari\u00e9, sans gagner d&#8217;argent. Il m&#8217;a envoy\u00e9 un email pour m&#8217;en parler un peu et pour me sugg\u00e9rer quelques quelques articles et quelques vid\u00e9os \u00e0 regarder. Et je me suis dit que \u00e7a serait une opportunit\u00e9 parfaite pour moi d&#8217;en apprendre plus sur ce probl\u00e8me et de partager toutes ces informations avec vous.<\/p>\n\n\n\n<p><a id=\"sonaar_ts-6927ce7f8dfd2\" class=\"srmp3_sonaar_ts_shortcode\"  style=\"\" href=\"javascript:sonaar_ts_shortcode({ trackid:'0', time:'00:09:50', ts_id:'6927ce7f8dfd2', play_icon:'' }) ;\">[00:09:50]<\/a> Je pense que c&#8217;est un sujet int\u00e9ressant parce que, par exemple, vous savez que je suis v\u00e9gane et une des raisons pour lesquelles je suis v\u00e9gane, c&#8217;est pour sauver les animaux. Par contre, je ne suis pas tr\u00e8s attentif \u00e0 toutes ces questions qui concernent la pollution et notamment la pollution plastique. Ce qui est un peu paradoxal parce que le plastique est responsable de la mort d&#8217;\u00e9norm\u00e9ment d&#8217;animaux, notamment, comme vous l&#8217;avez devin\u00e9, les animaux marins (les animaux qui vivent dans les oc\u00e9ans).<\/p>\n\n\n\n<p><a id=\"sonaar_ts-6927ce7f8dfd7\" class=\"srmp3_sonaar_ts_shortcode\"  style=\"\" href=\"javascript:sonaar_ts_shortcode({ trackid:'0', time:'00:10:22', ts_id:'6927ce7f8dfd7', play_icon:'' }) ;\">[00:10:22]<\/a> Moi et ma copine, chaque semaine, on a deux \u00e9normes poubelles qu&#8217;on doit sortir, deux \u00e9normes poubelles qui sont remplies de d\u00e9chets. Je dois dire que je me sens assez coupable \u00e0 cause de \u00e7a, notamment quand je regarde des vid\u00e9os sur TED. Vous savez, les fameux TED Talks o\u00f9 on voit parfois des partisans d&#8217;un mode de vie zero waste, z\u00e9ro d\u00e9chet. Et ces personnes arrivent sur sc\u00e8ne pour faire la pr\u00e9sentation avec un petit pot dans lequel il y a l&#8217;ensemble de leurs d\u00e9chets pour l&#8217;ann\u00e9e. Moi, \u00e7a me semble toujours extraordinaire parce que chaque semaine, j&#8217;ai deux \u00e9normes poubelles d&#8217;environ 60 litres de d\u00e9chets. Et ces personnes, en un an, elles accumulent tout simplement un petit pot de d\u00e9chets, pas plus. \u00c7a veut dire qu&#8217;elles ont trouv\u00e9 des alternatives pour consommer moins et, en tout cas, pour produire moins de d\u00e9chets.<\/p>\n\n\n\n<p><a id=\"sonaar_ts-6927ce7f8dfdc\" class=\"srmp3_sonaar_ts_shortcode\"  style=\"\" href=\"javascript:sonaar_ts_shortcode({ trackid:'0', time:'00:11:23', ts_id:'6927ce7f8dfdc', play_icon:'' }) ;\">[00:11:23]<\/a> Donc moi, je suis pas du tout capable de faire \u00e7a et j&#8217;ai de plus en plus ce sentiment de culpabilit\u00e9. Je me sens coupable. N\u00e9anmoins, c&#8217;est un sentiment qui est pas encore assez fort pour me faire changer mes habitudes. Alors je me suis dit que j&#8217;allais me pencher sur ce probl\u00e8me pour faire cet \u00e9pisode et comprendre pourquoi le plastique est si dangereux pour notre plan\u00e8te.<\/p>\n\n\n\n<p><a id=\"sonaar_ts-6927ce7f8dfe1\" class=\"srmp3_sonaar_ts_shortcode\"  style=\"\" href=\"javascript:sonaar_ts_shortcode({ trackid:'0', time:'00:11:52', ts_id:'6927ce7f8dfe1', play_icon:'' }) ;\">[00:11:52]<\/a> Quand je regarde sur mon bureau en enregistrant cet \u00e9pisode, je vois du plastique partout : les touches du clavier de mon ordinateur, les pieds du micro que j&#8217;utilise, les \u00e9couteurs que j&#8217;ai dans les oreilles, mon appareil photo, mes lunettes, mon classeur pour ranger des documents. Bref, tous les objets du quotidien qu&#8217;on utilise sont faits en partie de plastique. On a du plastique partout : dans nos poches, dans nos meubles \u00e0 la maison, et on en porte m\u00eame une partie sur nous parce que les v\u00eatements synth\u00e9tiques qu&#8217;on a, \u00e9videmment, sont faits \u00e0 partir de micro fibres plastiques.<\/p>\n\n\n\n<p><a id=\"sonaar_ts-6927ce7f8dfe5\" class=\"srmp3_sonaar_ts_shortcode\"  style=\"\" href=\"javascript:sonaar_ts_shortcode({ trackid:'0', time:'00:12:34', ts_id:'6927ce7f8dfe5', play_icon:'' }) ;\">[00:12:34]<\/a> Bref, cette mati\u00e8re est tellement pr\u00e9sente qu&#8217;aujourd&#8217;hui, certains observateurs disent qu&#8217;on vit \u00e0 l&#8217;\u00e2ge du plastique. Il y a eu l&#8217;\u00e2ge de pierre, l&#8217;\u00e2ge de bronze et maintenant, c&#8217;est l&#8217;\u00e2ge du plastique. Mais pourquoi cette mati\u00e8re est tellement populaire ?<\/p>\n\n\n\n<p><a id=\"sonaar_ts-6927ce7f8dfed\" class=\"srmp3_sonaar_ts_shortcode\"  style=\"\" href=\"javascript:sonaar_ts_shortcode({ trackid:'0', time:'00:12:51', ts_id:'6927ce7f8dfed', play_icon:'' }) ;\">[00:12:51]<\/a> Eh bien, parce qu&#8217;elle a \u00e9norm\u00e9ment de qualit\u00e9s : elle est polyvalente (on peut l&#8217;utiliser pour diff\u00e9rentes choses), elle est r\u00e9sistante, elle est durable et surtout elle est bon march\u00e9 (autrement dit, elle est pas ch\u00e8re \u00e0 produire, elle est bon march\u00e9). Faites attention \u00e0 \u00e7a : &#8220;bon march\u00e9&#8221;, c&#8217;est le contraire de &#8220;cher&#8221;. On n&#8217;a pas de meilleur adjectif pour \u00e7a. On dit en g\u00e9n\u00e9ral &#8220;cher&#8221; \/ &#8220;pas cher&#8221;, ou parfois on peut dire &#8220;bon march\u00e9&#8221;. Mais on ne l&#8217;accorde pas au nom. Ici, j&#8217;ai dit : le plastique est une mati\u00e8re (donc \u00e7a, c&#8217;est f\u00e9minin) mais on dit pas &#8220;une mati\u00e8re bonne march\u00e9&#8221;, on dit &#8220;une mati\u00e8re bon march\u00e9&#8221; parce qu&#8217;ici, l&#8217;adjectif &#8220;bon&#8221; s&#8217;accorde au nom &#8220;march\u00e9&#8221; et pas au nom &#8220;mati\u00e8re&#8221;. Le plastique est une mati\u00e8re bon march\u00e9.<\/p>\n\n\n\n<p><a id=\"sonaar_ts-6927ce7f8dff2\" class=\"srmp3_sonaar_ts_shortcode\"  style=\"\" href=\"javascript:sonaar_ts_shortcode({ trackid:'0', time:'00:13:44', ts_id:'6927ce7f8dff2', play_icon:'' }) ;\">[00:13:44]<\/a> Le plastique, avec toutes ces qualit\u00e9s, est une mati\u00e8re parfaite pour les emballages. Les emballages, vous savez, ce sont par exemple les bo\u00eetes qu&#8217;on utilise pour prot\u00e9ger les produits ou pour les conditionner. Aujourd&#8217;hui, les emballages, en Europe, ils repr\u00e9sentent 40% de la demande de plastique. \u00c7a veut dire qu&#8217;une \u00e9norme partie de la production de plastique est destin\u00e9e \u00e0 faire les emballages pour les autres produits qu&#8217;on consomme.<\/p>\n\n\n\n<p><a id=\"sonaar_ts-6927ce7f8dff8\" class=\"srmp3_sonaar_ts_shortcode\"  style=\"\" href=\"javascript:sonaar_ts_shortcode({ trackid:'0', time:'00:14:14', ts_id:'6927ce7f8dff8', play_icon:'' }) ;\">[00:14:14]<\/a> Le probl\u00e8me, c&#8217;est que pour produire du plastique, on a besoin de certaines \u00e9nergies non renouvelables, notamment, principalement, le p\u00e9trole mais aussi parfois le gaz ou le charbon. \u00c7a, c&#8217;est les mati\u00e8res premi\u00e8res qui vont permettre, en les transformant, de faire du plastique. Mais en plus de \u00e7a, la production en elle-m\u00eame, l&#8217;activit\u00e9 de production de plastique, est tr\u00e8s \u00e9nergivore. Elle consomme \u00e9norm\u00e9ment d&#8217;eau. Donc \u00e7a, \u00e9videmment c&#8217;est tr\u00e8s mauvais pour l&#8217;environnement.<\/p>\n\n\n\n<p><a id=\"sonaar_ts-6927ce7f8dffd\" class=\"srmp3_sonaar_ts_shortcode\"  style=\"\" href=\"javascript:sonaar_ts_shortcode({ trackid:'0', time:'00:14:47', ts_id:'6927ce7f8dffd', play_icon:'' }) ;\">[00:14:47]<\/a> Aujourd&#8217;hui, la situation est vraiment pr\u00e9occupante. Elle est vraiment alarmante. Comme je l&#8217;ai dit, une des qualit\u00e9s du plastique, c&#8217;est sa durabilit\u00e9. Pour qu&#8217;un objet en plastique se d\u00e9grade, il y a besoin de plusieurs centaines d&#8217;ann\u00e9es. Et la situation est vraiment pr\u00e9occupante parce qu&#8217;en dix ans, la production mondiale de plastique est pass\u00e9e de 245 millions de tonnes \u00e0 350 millions de tonnes en 2017 selon les chiffres de la F\u00e9d\u00e9ration europ\u00e9enne Plastics Europe. Pour vous donner une id\u00e9e, \u00e7a repr\u00e9sente environ 50 kilos de plastique par habitant. Vous imaginez, 50 kilos de plastique par an par habitant ?! Bon, il faut toujours faire attention avec ce genre de donn\u00e9es, les donn\u00e9es macro\u00e9conomiques, parce qu&#8217;elles sont faites en compilant diff\u00e9rentes sources donc parfois, il y a une marge d&#8217;erreur qui est assez importante. Mais bon, c&#8217;est simplement pour vous donner un ordre d&#8217;id\u00e9e de ce que la production annuelle de plastique repr\u00e9sente aujourd&#8217;hui.<\/p>\n\n\n\n<p><a id=\"sonaar_ts-6927ce7f8e002\" class=\"srmp3_sonaar_ts_shortcode\"  style=\"\" href=\"javascript:sonaar_ts_shortcode({ trackid:'0', time:'00:15:55', ts_id:'6927ce7f8e002', play_icon:'' }) ;\">[00:15:55]<\/a> Et \u00e7a, c&#8217;est pas \u00e9tonnant quand on sait qu&#8217;un sac plastique, par exemple, est utilis\u00e9 en moyenne 20 minutes avant de finir \u00e0 la poubelle. C&#8217;est tellement pas cher de produire un sac plastique qu&#8217;on en produit des tonnes, on les utilise quelques minutes pour rapporter ses courses \u00e0 la maison, et puis ensuite on le jette parce que, de toute fa\u00e7on, \u00e7a ne co\u00fbte rien \u00e0 produire. Et, pendant longtemps, les supermarch\u00e9s les donnaient gratuitement. Aujourd&#8217;hui, c&#8217;est plus le cas, en tout cas je sais qu&#8217;en France, c&#8217;est plus le cas ni en Pologne d&#8217;ailleurs. Si vous voulez un sac au supermarch\u00e9, il faut l&#8217;acheter. Mais malgr\u00e9 \u00e7a, c&#8217;est vrai que le prix reste d\u00e9risoire, il reste vraiment tr\u00e8s faible.<\/p>\n\n\n\n<p><a id=\"sonaar_ts-6927ce7f8e00b\" class=\"srmp3_sonaar_ts_shortcode\"  style=\"\" href=\"javascript:sonaar_ts_shortcode({ trackid:'0', time:'00:16:36', ts_id:'6927ce7f8e00b', play_icon:'' }) ;\">[00:16:36]<\/a> Ce qui est assez alarmant, c&#8217;est que la production de plastique va peut-\u00eatre, selon certaines projections, tripler d&#8217;ici 2050. Elle va \u00eatre multipli\u00e9e par trois. Tout simplement parce que cette production de plastique, elle va de pair avec le d\u00e9veloppement \u00e9conomique. \u00c7a, c&#8217;est une bonne expression : aller de pair avec quelque chose. \u00c7a veut dire que deux tendances vont dans la m\u00eame direction, qu&#8217;elles vont ensemble. La production de plastique va de pair avec le d\u00e9veloppement \u00e9conomique parce que, plus une soci\u00e9t\u00e9 se d\u00e9veloppe \u00e9conomiquement, plus les habitants vont consommer du plastique sous une forme ou une autre.<\/p>\n\n\n\n<p><a id=\"sonaar_ts-6927ce7f8e011\" class=\"srmp3_sonaar_ts_shortcode\"  style=\"\" href=\"javascript:sonaar_ts_shortcode({ trackid:'0', time:'00:17:18', ts_id:'6927ce7f8e011', play_icon:'' }) ;\">[00:17:18]<\/a> Bref, aujourd&#8217;hui, beaucoup d&#8217;\u00e9cologistes disent que la menace que repr\u00e9sente le plastique est aussi s\u00e9rieuse que celle du r\u00e9chauffement climatique. Donc ils essayent d&#8217;alarmer l&#8217;opinion publique sur les dangers de cette production et cette consommation excessives de plastique.<\/p>\n\n\n\n<p><a id=\"sonaar_ts-6927ce7f8e016\" class=\"srmp3_sonaar_ts_shortcode\"  style=\"\" href=\"javascript:sonaar_ts_shortcode({ trackid:'0', time:'00:17:44', ts_id:'6927ce7f8e016', play_icon:'' }) ;\">[00:17:44]<\/a> Maintenant, on va essayer de comprendre pourquoi, concr\u00e8tement, le plastique est si dangereux pour l&#8217;environnement et a fortiori pour nous, les humains.<\/p>\n\n\n\n<p><a id=\"sonaar_ts-6927ce7f8e01c\" class=\"srmp3_sonaar_ts_shortcode\"  style=\"\" href=\"javascript:sonaar_ts_shortcode({ trackid:'0', time:'00:17:53', ts_id:'6927ce7f8e01c', play_icon:'' }) ;\">[00:17:53]<\/a> D\u00e9j\u00e0, il faut savoir qu&#8217;entre 4 et 12 millions de tonnes de plastique se retrouvent dans l&#8217;oc\u00e9an chaque ann\u00e9e. Aujourd&#8217;hui, les observateurs parlent de &#8220;continents de plastique&#8221;. Il y a de telles masses de d\u00e9chets plastiques qui s&#8217;accumulent dans les oc\u00e9ans qu&#8217;on peut avoir l&#8217;impression qu&#8217;il s&#8217;agit de petits continents. Par exemple dans le Pacifique, il y a une masse de plastiques qui flotte \u00e0 la surface et qui s&#8217;est concentr\u00e9e, et cette surface repr\u00e9sente trois fois la taille de la France. Trois fois la taille de la France sous forme de d\u00e9chets plastiques au milieu de l&#8217;oc\u00e9an Pacifique !<\/p>\n\n\n\n<p><a id=\"sonaar_ts-6927ce7f8e020\" class=\"srmp3_sonaar_ts_shortcode\"  style=\"\" href=\"javascript:sonaar_ts_shortcode({ trackid:'0', time:'00:18:35', ts_id:'6927ce7f8e020', play_icon:'' }) ;\">[00:18:35]<\/a> Alors, on peut se demander d&#8217;o\u00f9 viennent ces d\u00e9chets. \u00c9videmment, il y a les d\u00e9chets des touristes \u00e0 la plage. Donc c&#8217;est vrai que l&#8217;activit\u00e9 touristique est tr\u00e8s polluante pour l&#8217;environnement. \u00c9galement, les activit\u00e9s \u00e9conomiques dans les ports qui, elles aussi, produisent une quantit\u00e9 non n\u00e9gligeable de d\u00e9chets. Il y a aussi parfois les catastrophes naturelles comme les tsunamis. Ou alors des bateaux commerciaux qui perdent leur cargaison, qui perdent les marchandises \u00e0 cause d&#8217;un naufrage, par exemple, quand un bateau coule. Mais c&#8217;est surtout les d\u00e9chets qu&#8217;on jette dans la nature qui se retrouvent dans l&#8217;oc\u00e9an.<\/p>\n\n\n\n<p><a id=\"sonaar_ts-6927ce7f8e025\" class=\"srmp3_sonaar_ts_shortcode\"  style=\"\" href=\"javascript:sonaar_ts_shortcode({ trackid:'0', time:'00:19:15', ts_id:'6927ce7f8e025', play_icon:'' }) ;\">[00:19:15]<\/a> Et puis, il y a une autre forme de pollution plastique qui est encore plus surprenante. En tout cas, moi, j&#8217;en \u00e9tais pas du tout conscient. C&#8217;est la lessive. Vous savez qu&#8217;une partie de nos v\u00eatements sont faits avec des micro fibres synth\u00e9tiques. Et quand on lave ces v\u00eatements, ces micro fibres passent dans l&#8217;eau de la lessive, dans les canalisations, dans les \u00e9gouts, les rivi\u00e8res et elles arrivent \u00e9videmment dans les oc\u00e9ans. \u00c7a peut sembler un peu marginal mais \u00e7a repr\u00e9sente l&#8217;\u00e9quivalent de 50 milliards de bouteilles d&#8217;eau en plastique par an. Vous vous rendez compte ?! L&#8217;\u00e9quivalent de 50 milliards de bouteilles d&#8217;eau en plastique qui sont rejet\u00e9es dans les oc\u00e9ans chaque ann\u00e9e parce qu&#8217;on lave nos v\u00eatements synth\u00e9tiques ! \u00c7a, c&#8217;est quelque chose d&#8217;assez \u00e9norme et d&#8217;assez visuel, \u00e0 mon avis. En tout cas moi, \u00e7a m&#8217;a vraiment alert\u00e9 sur tous ces risques qui concernent les micro fibres dans les v\u00eatements.<\/p>\n\n\n\n<p><a id=\"sonaar_ts-6927ce7f8e030\" class=\"srmp3_sonaar_ts_shortcode\"  style=\"\" href=\"javascript:sonaar_ts_shortcode({ trackid:'0', time:'00:20:18', ts_id:'6927ce7f8e030', play_icon:'' }) ;\">[00:20:18]<\/a> Cette pollution plastique dans les oc\u00e9ans, c&#8217;est bien \u00e9videmment un fl\u00e9au pour la vie aquatique. Elle menace directement la vie de nombreuses esp\u00e8ces marines, des poissons, des crustac\u00e9s etc.. Parce qu&#8217;au fur et \u00e0 mesure des ann\u00e9es, ces d\u00e9chets plastiques sont cass\u00e9s par les vagues, par l&#8217;oc\u00e9an, ils sont divis\u00e9s et ils sont d&#8217;une taille de plus en plus petite. Ce qui fait qu&#8217;ils peuvent ressembler, pour certains poissons, \u00e0 de la nourriture. Et les poissons mangent ces petits morceaux de plastique et s&#8217;empoisonnent \u00e0 cause de \u00e7a.<\/p>\n\n\n\n<p><a id=\"sonaar_ts-6927ce7f8e035\" class=\"srmp3_sonaar_ts_shortcode\"  style=\"\" href=\"javascript:sonaar_ts_shortcode({ trackid:'0', time:'00:20:55', ts_id:'6927ce7f8e035', play_icon:'' }) ;\">[00:20:55]<\/a> Ce que certains scientifiques ont d\u00e9couvert il y a quelques ann\u00e9es, c&#8217;est que \u00e7a ne menace pas seulement les poissons mais \u00e7a nous menace nous directement, les humains, parce que ces poissons qui mangent ces petits morceaux de plastique, ils sont parfois au d\u00e9but de la cha\u00eene alimentaire. Ensuite, ils sont mang\u00e9s par d&#8217;autres poissons plus gros et, \u00e0 la fin de la cha\u00eene alimentaire, il y a nous, les humains, qui mangeons ces poissons qui ont dans leur estomac des petits morceaux de plastique, ou en tout cas des microparticules de plastique. Donc ces poissons se retrouvent dans nos assiettes.<\/p>\n\n\n\n<p><a id=\"sonaar_ts-6927ce7f8e039\" class=\"srmp3_sonaar_ts_shortcode\"  style=\"\" href=\"javascript:sonaar_ts_shortcode({ trackid:'0', time:'00:21:34', ts_id:'6927ce7f8e039', play_icon:'' }) ;\">[00:21:34]<\/a> Enfin, pas pour tout le monde, pas pour les v\u00e9g\u00e9tariens ni les v\u00e9g\u00e9taliens. Voil\u00e0, je fais encore un petit peu de pub pour le v\u00e9ganisme, comme d&#8217;habitude ! Mais, moi, je mange pas de poisson donc je suis pas directement concern\u00e9 par ce danger.<\/p>\n\n\n\n<p><a id=\"sonaar_ts-6927ce7f8e03e\" class=\"srmp3_sonaar_ts_shortcode\"  style=\"\" href=\"javascript:sonaar_ts_shortcode({ trackid:'0', time:'00:21:53', ts_id:'6927ce7f8e03e', play_icon:'' }) ;\">[00:21:53]<\/a> Le probl\u00e8me, c&#8217;est qu&#8217;on ignore encore aujourd&#8217;hui les effets de cette consommation de plastique sur la sant\u00e9. Il n&#8217;y a pas vraiment d&#8217;\u00e9tudes pour analyser les effets \u00e0 long terme de cette consommation de plastique. Je vous ai dit que les v\u00e9g\u00e9tariens et v\u00e9g\u00e9taliens ne sont pas directement touch\u00e9s par \u00e7a, mais m\u00eame nous qui ne mangeons pas de poisson, on peut avoir une consommation de plastique parce que les aliments qu&#8217;on mange sont emball\u00e9s dans du plastique. Donc on retrouve souvent des traces de ce plastique dans cette nourriture.<\/p>\n\n\n\n<p><a id=\"sonaar_ts-6927ce7f8e042\" class=\"srmp3_sonaar_ts_shortcode\"  style=\"\" href=\"javascript:sonaar_ts_shortcode({ trackid:'0', time:'00:22:33', ts_id:'6927ce7f8e042', play_icon:'' }) ;\">[00:22:33]<\/a> Heureusement, aujourd&#8217;hui, il y a de nombreuses organisations qui ont pris conscience de ce probl\u00e8me et qui essayent de le combattre m\u00eame si, a priori, \u00e7a peut sembler impossible de nettoyer les oc\u00e9ans. Les oc\u00e9ans repr\u00e9sentent des surfaces immenses et mouvantes, des surfaces qui bougent avec les diff\u00e9rents courants. Je sais pas si vous avez d\u00e9j\u00e0 essay\u00e9 d&#8217;attraper un petit objet qui flotte dans l&#8217;eau mais c&#8217;est quelque chose d&#8217;assez difficile \u00e0 faire.<\/p>\n\n\n\n<p><a id=\"sonaar_ts-6927ce7f8e047\" class=\"srmp3_sonaar_ts_shortcode\"  style=\"\" href=\"javascript:sonaar_ts_shortcode({ trackid:'0', time:'00:23:02', ts_id:'6927ce7f8e047', play_icon:'' }) ;\">[00:23:02]<\/a> Et, parmi ces personnes qui essayent de lutter contre cette pollution plastique, il y a le N\u00e9erlandais Boyan Slat. Il est tr\u00e8s jeune et quand il \u00e9tait encore au lyc\u00e9e, il est parti faire de la plong\u00e9e en Gr\u00e8ce. Et l\u00e0, il s&#8217;est rendu compte de l&#8217;ampleur de cette pollution plastique et il a d\u00e9cid\u00e9 d&#8217;essayer de faire quelque chose pour changer \u00e7a. Donc un peu plus tard, il a lanc\u00e9 un projet qui s&#8217;appelle <em>The Ocean Cleanup<\/em>, quand il \u00e9tait encore au lyc\u00e9e. Et \u00e0 travers ce projet, il a r\u00e9ussi \u00e0 lever plusieurs millions d&#8217;euros (autrement dit, \u00e0 collecter plusieurs millions d&#8217;euros) pour construire une machine qui serait capable de collecter ces d\u00e9chets plastiques \u00e0 la surface des oc\u00e9ans.<\/p>\n\n\n\n<p><a id=\"sonaar_ts-6927ce7f8e04c\" class=\"srmp3_sonaar_ts_shortcode\"  style=\"\" href=\"javascript:sonaar_ts_shortcode({ trackid:'0', time:'00:23:53', ts_id:'6927ce7f8e04c', play_icon:'' }) ;\">[00:23:53]<\/a> Cette machine qu&#8217;il a imagin\u00e9e avec son \u00e9quipe, c&#8217;est en fait une esp\u00e8ce d&#8217;\u00e9norme barri\u00e8re flottante en forme de U qu&#8217;on pose sur l&#8217;oc\u00e9an et qui permet de collecter ces d\u00e9chets plastiques. C&#8217;est assez intelligent parce que, contrairement \u00e0 toutes les autres machines qui avaient \u00e9t\u00e9 imagin\u00e9es jusque-l\u00e0, ici, c&#8217;est pas quelque chose qui se d\u00e9place avec un moteur pour nettoyer les oc\u00e9ans. C&#8217;est quelque chose qui flotte et qui, avec la force du vent et surtout des courants, peut collecter ces d\u00e9chets.<\/p>\n\n\n\n<p><a id=\"sonaar_ts-6927ce7f8e050\" class=\"srmp3_sonaar_ts_shortcode\"  style=\"\" href=\"javascript:sonaar_ts_shortcode({ trackid:'0', time:'00:24:31', ts_id:'6927ce7f8e050', play_icon:'' }) ;\">[00:24:31]<\/a> Donc \u00e7a, je trouve que c&#8217;est un projet tr\u00e8s inspirant. C&#8217;est une tr\u00e8s belle initiative. Je vous invite \u00e0 aller regarder les vid\u00e9os de Boyan Slat parce que, quand il parle de ce probl\u00e8me, on voit qu&#8217;il est vraiment passionn\u00e9 et qu&#8217;il a vraiment envie de changer quelque chose. Il a une \u00e9nergie tr\u00e8s communicative. On a vraiment envie de l&#8217;aider.<\/p>\n\n\n\n<p><a id=\"sonaar_ts-6927ce7f8e055\" class=\"srmp3_sonaar_ts_shortcode\"  style=\"\" href=\"javascript:sonaar_ts_shortcode({ trackid:'0', time:'00:24:59', ts_id:'6927ce7f8e055', play_icon:'' }) ;\">[00:24:59]<\/a> Malheureusement, tout le monde ne peut pas \u00eatre comme Boyan Slat. Alors peut-\u00eatre que vous vous demandez : qu&#8217;est ce que vous, vous pouvez faire \u00e0 votre \u00e9chelle pour inverser la tendance et pour combattre cette pollution plastique ?<\/p>\n\n\n\n<p><a id=\"sonaar_ts-6927ce7f8e05a\" class=\"srmp3_sonaar_ts_shortcode\"  style=\"\" href=\"javascript:sonaar_ts_shortcode({ trackid:'0', time:'00:25:11', ts_id:'6927ce7f8e05a', play_icon:'' }) ;\">[00:25:11]<\/a> D&#8217;abord, il y a tout ce qui concerne le tri s\u00e9lectif et le recyclage. Le tri, \u00e7a vient du verbe &#8220;trier&#8221;, \u00e7a veut dire &#8220;s\u00e9parer diff\u00e9rentes choses pour les mettre dans diff\u00e9rentes cat\u00e9gories&#8221;. Et quand on parle du &#8220;tri s\u00e9lectif&#8221;, \u00e7a veut dire qu&#8217;on met les d\u00e9chets dans diff\u00e9rentes poubelles pour qu&#8217;ils puissent \u00eatre recycl\u00e9s : le plastique avec le plastique, le verre avec le verre, le carton avec le carton etc. etc. \u00c7a, c&#8217;est quelque chose qui est de plus en plus ancr\u00e9 dans les mentalit\u00e9s, quelque chose qui devient naturel parce qu&#8217;il y a eu beaucoup d&#8217;\u00e9ducation sur ce sujet.<\/p>\n\n\n\n<p><a id=\"sonaar_ts-6927ce7f8e062\" class=\"srmp3_sonaar_ts_shortcode\"  style=\"\" href=\"javascript:sonaar_ts_shortcode({ trackid:'0', time:'00:25:50', ts_id:'6927ce7f8e062', play_icon:'' }) ;\">[00:25:50]<\/a> Et on voit qu&#8217;on a d\u00e9j\u00e0 fait du chemin (autrement dit, qu&#8217;on a d\u00e9j\u00e0 bien \u00e9volu\u00e9, on a bien avanc\u00e9 sur cette question) parce que je me rappelle d&#8217;un \u00e9pisode de la s\u00e9rie <em>Mad Men<\/em> (si vous connaissez pas cette s\u00e9rie, c&#8217;est une s\u00e9rie qui se passe aux \u00c9tats-Unis dans les ann\u00e9es 60) et \u00e0 un moment, il y a une sc\u00e8ne o\u00f9 une famille am\u00e9ricaine typique, traditionnelle, fait un pique-nique. \u00c0 la fin du pique-nique, le p\u00e8re prend la nappe sur laquelle \u00e9taient tous les emballages du pique-nique (les paquets de chips, les canettes de coca etc.), le p\u00e8re prend la nappe et il jette tous les d\u00e9chets dans l&#8217;herbe, l\u00e0 o\u00f9 la famille \u00e9tait install\u00e9e. Et la famille s&#8217;en va comme \u00e7a, en laissant tous les d\u00e9chets sur l&#8217;herbe.<\/p>\n\n\n\n<p><a id=\"sonaar_ts-6927ce7f8e066\" class=\"srmp3_sonaar_ts_shortcode\"  style=\"\" href=\"javascript:sonaar_ts_shortcode({ trackid:'0', time:'00:26:37', ts_id:'6927ce7f8e066', play_icon:'' }) ;\">[00:26:37]<\/a> Aujourd&#8217;hui, si on voyait une sc\u00e8ne comme \u00e7a, je pense qu&#8217;on irait parler \u00e0 la personne qui a fait \u00e7a pour lui dire de ramasser ses d\u00e9chets et d&#8217;aller les mettre \u00e0 la poubelle. Mais dans les ann\u00e9es 60, c&#8217;\u00e9tait encore quelque chose de normal.<\/p>\n\n\n\n<p><a id=\"sonaar_ts-6927ce7f8e06b\" class=\"srmp3_sonaar_ts_shortcode\"  style=\"\" href=\"javascript:sonaar_ts_shortcode({ trackid:'0', time:'00:26:51', ts_id:'6927ce7f8e06b', play_icon:'' }) ;\">[00:26:51]<\/a> Le probl\u00e8me, c&#8217;est que \u00e7a, ce tri s\u00e9lectif, \u00e7a peut pas compl\u00e8tement \u00e9radiquer la pollution parce que dans l&#8217;Union europ\u00e9enne par exemple, seulement 10% du plastique est recycl\u00e9. En France, parmi les 7 cat\u00e9gories de plastique qui existent, il y en a seulement 2 qui sont recycl\u00e9es. Donc vous voyez, \u00e7a, \u00e7a permet pas de r\u00e9soudre tous les probl\u00e8mes li\u00e9s \u00e0 la pollution plastique.<\/p>\n\n\n\n<p><a id=\"sonaar_ts-6927ce7f8e070\" class=\"srmp3_sonaar_ts_shortcode\"  style=\"\" href=\"javascript:sonaar_ts_shortcode({ trackid:'0', time:'00:27:19', ts_id:'6927ce7f8e070', play_icon:'' }) ;\">[00:27:19]<\/a> Ensuite il y a l&#8217;engagement citoyen. Donc comme Stephen, vous pouvez par exemple rejoindre une association, devenir b\u00e9n\u00e9vole, pour essayer de nettoyer les oc\u00e9ans, nettoyer les for\u00eats etc.<\/p>\n\n\n\n<p><a id=\"sonaar_ts-6927ce7f8e074\" class=\"srmp3_sonaar_ts_shortcode\"  style=\"\" href=\"javascript:sonaar_ts_shortcode({ trackid:'0', time:'00:27:36', ts_id:'6927ce7f8e074', play_icon:'' }) ;\">[00:27:36]<\/a> Une autre possibilit\u00e9 &#8211; \u00e7a, c&#8217;est un choix que font de plus en plus de citoyens europ\u00e9ens, comme l&#8217;ont montr\u00e9 les derni\u00e8res \u00e9lections &#8211; c&#8217;est de voter pour les partis \u00e9cologistes, les partis dont l&#8217;objectif principal est de prot\u00e9ger l&#8217;environnement.<\/p>\n\n\n\n<p><a id=\"sonaar_ts-6927ce7f8e079\" class=\"srmp3_sonaar_ts_shortcode\"  style=\"\" href=\"javascript:sonaar_ts_shortcode({ trackid:'0', time:'00:27:52', ts_id:'6927ce7f8e079', play_icon:'' }) ;\">[00:27:52]<\/a> Et puis, plus g\u00e9n\u00e9ralement, il faut essayer de faire pression sur les gouvernements. En France, depuis 2017, les sacs plastiques fins (donc les petits sacs plastiques qu&#8217;on utilise au supermarch\u00e9 pour mettre les fruits ou les l\u00e9gumes), ces sacs plastiques sont compl\u00e8tement interdits. Et maintenant, il y a une alternative dans les supermarch\u00e9s, ce sont des sacs qui ressemblent \u00e0 ces sacs plastiques fins mais qui sont compostables, qu&#8217;on peut composter.<\/p>\n\n\n\n<p><a id=\"sonaar_ts-6927ce7f8e081\" class=\"srmp3_sonaar_ts_shortcode\"  style=\"\" href=\"javascript:sonaar_ts_shortcode({ trackid:'0', time:'00:28:20', ts_id:'6927ce7f8e081', play_icon:'' }) ;\">[00:28:20]<\/a> Et puis, une autre avanc\u00e9e importante qui a eu lieu \u00e0 la fin du mois de mars 2019, c&#8217;est l&#8217;adoption par le Parlement europ\u00e9en d&#8217;une loi pour interdire compl\u00e8tement les produits en plastique \u00e0 usage unique \u00e0 partir de 2021. Ces produits en plastique \u00e0 usage unique, \u00e7a veut dire qu&#8217;on les utilise une seule fois. Par exemple les cotons-tiges (un coton-tige, c&#8217;est un petit b\u00e2ton dont les extr\u00e9mit\u00e9s sont recouvertes de coton qu&#8217;on utilise pour se nettoyer les oreilles) mais aussi les pailles (une paille, c&#8217;est un tube fin qu&#8217;on utilise pour boire quelque chose, si vous ne voulez pas que vos l\u00e8vres soient directement en contact avec le verre, vous pouvez utiliser une paille) mais aussi les touillettes \u00e0 caf\u00e9 (une touillette, c&#8217;est comme un petit b\u00e2ton de plastique qu&#8217;on utilise pour touiller, pour remuer son caf\u00e9, pour le m\u00e9langer par exemple avec le sucre) puis \u00e9galement tous les couverts jetables : les fourchettes, les couteaux, les assiettes, toutes ces choses qui sont en plastique et qu&#8217;on utilise une fois pour manger et qu&#8217;ensuite on jette \u00e0 la poubelle. Donc tous ces objets vont \u00eatre interdits dans les pays membres de l&#8217;Union europ\u00e9enne \u00e0 partir de 2021.<\/p>\n\n\n\n<p><a id=\"sonaar_ts-6927ce7f8e086\" class=\"srmp3_sonaar_ts_shortcode\"  style=\"\" href=\"javascript:sonaar_ts_shortcode({ trackid:'0', time:'00:29:41', ts_id:'6927ce7f8e086', play_icon:'' }) ;\">[00:29:41]<\/a> Il y a d&#8217;autres initiatives int\u00e9ressantes. Par exemple, les lois sur la responsabilit\u00e9 \u00e9largie des producteurs. Autrement dit, certains Etats veulent forcer les producteurs \u00e0 prendre en charge une partie du co\u00fbt de collecte et de traitement des d\u00e9chets. Comme ce sont ces entreprises qui fabriquent tous ces produits plastiques et qui choisissent d&#8217;utiliser du plastique, c&#8217;est normal qu&#8217;elles prennent en charge une partie de tout le processus de traitement des d\u00e9chets, qu&#8217;elles contribuent \u00e0 financer tout \u00e7a et que ce soient pas seulement les Etats qui s&#8217;occupent de ce probl\u00e8me.<\/p>\n\n\n\n<p><a id=\"sonaar_ts-6927ce7f8e08a\" class=\"srmp3_sonaar_ts_shortcode\"  style=\"\" href=\"javascript:sonaar_ts_shortcode({ trackid:'0', time:'00:30:22', ts_id:'6927ce7f8e08a', play_icon:'' }) ;\">[00:30:22]<\/a> Et pour finir, ce qu&#8217;on peut faire pour combattre cette pollution plastique, c&#8217;est bien \u00e9videmment de faire attention \u00e0 notre consommation. Essayer de choisir des emballages qui sont plut\u00f4t en carton ou en verre, qui sont plus faciles \u00e0 recycler que des emballages plastiques. Et \u00e7a, \u00e7a va permettre de faire pression sur les industriels, faire pression sur les entreprises pour qu&#8217;elles d\u00e9cident d&#8217;utiliser moins de plastique et de privil\u00e9gier d&#8217;autres types d&#8217;emballages. Si les entreprises voient que les consommateurs pr\u00e9f\u00e8rent les emballages en verre ou en carton, eh bien elles vont pas s\u2019acharner \u00e0 utiliser du plastique, elles vont changer vers le carton ou le verre.<\/p>\n\n\n\n<p><a id=\"sonaar_ts-6927ce7f8e08f\" class=\"srmp3_sonaar_ts_shortcode\"  style=\"\" href=\"javascript:sonaar_ts_shortcode({ trackid:'0', time:'00:31:04', ts_id:'6927ce7f8e08f', play_icon:'' }) ;\">[00:31:04]<\/a> Et \u00e0 terme, l&#8217;objectif le plus ambitieux peut-\u00eatre, c&#8217;est de changer nos modes de consommation pour essayer de moins consommer. Vous vous rappelez peut-\u00eatre de l&#8217;\u00e9pisode que j&#8217;avais fait sur la d\u00e9croissance. Il y a de plus en plus de personnes qui adh\u00e8rent \u00e0 ce mouvement. Des personnes qui se disent qu&#8217;on n&#8217;est pas oblig\u00e9 d&#8217;acheter un nouveau portable chaque ann\u00e9e, qu&#8217;on peut essayer de r\u00e9parer les choses au lieu de les jeter et d&#8217;en acheter de nouvelles. Bref, sortir un peu de cette logique consum\u00e9riste et faire attention aux choses qu&#8217;on ach\u00e8te. Acheter des choses de meilleure qualit\u00e9 mais en acheter moins souvent.<\/p>\n\n\n\n<p><a id=\"sonaar_ts-6927ce7f8e094\" class=\"srmp3_sonaar_ts_shortcode\"  style=\"\" href=\"javascript:sonaar_ts_shortcode({ trackid:'0', time:'00:31:54', ts_id:'6927ce7f8e094', play_icon:'' }) ;\">[00:31:54]<\/a> Il y a quelques jours, j&#8217;ai eu une discussion assez anim\u00e9e avec un de mes amis, et c&#8217;est en partie cette discussion qui m&#8217;a pouss\u00e9 \u00e0 faire cet \u00e9pisode. On se demandait si changer quelque chose \u00e0 notre \u00e9chelle, \u00e7a pouvait vraiment avoir un impact. Le point de vue de mon ami, c&#8217;\u00e9tait de dire : &#8220;bah, \u00e7a sert \u00e0 rien tout \u00e7a, \u00e7a ne va rien changer. On peut pas avoir d&#8217;impact, nous, \u00e0 notre niveau. Et le probl\u00e8me a une telle ampleur que finalement, on est condamn\u00e9s. L&#8217;esp\u00e8ce humaine est condamn\u00e9e. On court \u00e0 notre perte et on ne peut rien y faire. Donc autant en profiter, autant consommer. Et c&#8217;est pas la peine de se prendre la tete avec \u00e7a. C&#8217;est pas la peine de se pr\u00e9occuper avec ce genre de probl\u00e8mes.&#8221;.<\/p>\n\n\n\n<p><a id=\"sonaar_ts-6927ce7f8e09d\" class=\"srmp3_sonaar_ts_shortcode\"  style=\"\" href=\"javascript:sonaar_ts_shortcode({ trackid:'0', time:'00:32:43', ts_id:'6927ce7f8e09d', play_icon:'' }) ;\">[00:32:43]<\/a> \u00c9videmment, on peut penser que c&#8217;est une attitude un peu \u00e9go\u00efste mais d&#8217;un certain point de vue, \u00e7a peut se justifier. Moi, je suis pas compl\u00e8tement d&#8217;accord avec \u00e7a. Je pense que c&#8217;est vrai que parfois, on peut avoir l&#8217;impression d&#8217;\u00eatre impuissant. On peut se dire que tous ces petits efforts qu&#8217;on va faire nous, de notre c\u00f4t\u00e9, au final, ils ne vont avoir aucun impact. Mais si tout le monde essaye de changer ne serait-ce qu&#8217;une petite habitude, par exemple faire attention \u00e0 sa consommation de plastique et privil\u00e9gier les emballages en carton, si tout le monde commence \u00e0 faire \u00e7a, ensuite les entreprises vont s&#8217;adapter \u00e0 cette demande et finalement \u00e7a va cr\u00e9er un cercle vertueux. Vous savez, &#8220;un cercle vertueux&#8221;, c&#8217;est le contraire d&#8217;un cercle vicieux. Tous ces petits gestes vont avoir des cons\u00e9quences positives qui vont en provoquer, \u00e0 leur tour, de nouvelles etc etc.<\/p>\n\n\n\n<p><a id=\"sonaar_ts-6927ce7f8e0a2\" class=\"srmp3_sonaar_ts_shortcode\"  style=\"\" href=\"javascript:sonaar_ts_shortcode({ trackid:'0', time:'00:33:40', ts_id:'6927ce7f8e0a2', play_icon:'' }) ;\">[00:33:40]<\/a> Et puis, quand on voit des personnes comme ce N\u00e9erlandais; comme Boyan Slat, qui sont capables d&#8217;imaginer ce genre de projet et qui croient vraiment en la possibilit\u00e9 de nettoyer les oc\u00e9ans, je pense que \u00e7a nous donne vraiment de l&#8217;\u00e9nergie pour nous dire que si les humains ont \u00e9t\u00e9 capables de cr\u00e9er un tel d\u00e9sordre, on doit aussi \u00eatre capable de le r\u00e9parer.<\/p>\n\n\n\n<p><a id=\"sonaar_ts-6927ce7f8e0a7\" class=\"srmp3_sonaar_ts_shortcode\"  style=\"\" href=\"javascript:sonaar_ts_shortcode({ trackid:'0', time:'00:34:09', ts_id:'6927ce7f8e0a7', play_icon:'' }) ;\">[00:34:09]<\/a> Pour finir sur une note positive, on va \u00e9couter un message qui nous vient du Nicaragua, d&#8217;un auditeur du podcast qui s&#8217;appelle Marcelo.<\/p>\n\n\n\n<p><a id=\"sonaar_ts-6927ce7f8e0ac\" class=\"srmp3_sonaar_ts_shortcode\"  style=\"\" href=\"javascript:sonaar_ts_shortcode({ trackid:'0', time:'00:34:19', ts_id:'6927ce7f8e0ac', play_icon:'' }) ;\">[00:34:19]<\/a> Salut Hugo,<\/p>\n\n\n\n<p>Je m&#8217;appelle Marcello, j&#8217;ai 18 ans et j&#8217;habite au Nicaragua (c&#8217;est d&#8217;un pays qui est situ\u00e9 en Am\u00e9rique centrale) et je veux te remercier pour ton podcast.<\/p>\n\n\n\n<p>Maintenant, je parle bien l&#8217;espagnol, je parle bien l&#8217;anglais. Je suis en train d&#8217;apprendre le fran\u00e7ais et ton podcast m&#8217;a beaucoup aid\u00e9. C&#8217;est-\u00e0-dire que, dans mon processus d&#8217;apprentissage du fran\u00e7ais, ton podcast, je l&#8217;\u00e9coute tous les jours et tu m&#8217;as aid\u00e9 \u00e0 am\u00e9liorer ma compr\u00e9hension orale et aussi \u00e0 apprendre du nouveau vocabulaire.<\/p>\n\n\n\n<p>Maintenant, je suis en train de chercher un meilleur travail et je pense que le fran\u00e7ais me donnera beaucoup d&#8217;opportunit\u00e9s de le faire.<\/p>\n\n\n\n<p>Quand j&#8217;\u00e9tais petit, j&#8217;avais beaucoup de probl\u00e8mes \u00e9conomiques. Et heureusement, j&#8217;ai surmont\u00e9 ces obstacles quand j&#8217;ai appris \u00e0 parler anglais. Et maintenant, j&#8217;esp\u00e8re trouver un meilleur travail avec le fran\u00e7ais. Et je peux dire que \u00e7a n&#8217;aurait \u00e9t\u00e9 possible sans ton podcast.<\/p>\n\n\n\n<p>Et voil\u00e0, c&#8217;est mon histoire. Peut-\u00eatre qu&#8217;elle est trop br\u00e8ve mais c&#8217;est tout ce que je voulais dire. Merci beaucoup Hugo. Merci de m&#8217;aider \u00e0 apprendre ma troisi\u00e8me langue.<\/p>\n\n\n\n<p><a id=\"sonaar_ts-6927ce7f8e0b8\" class=\"srmp3_sonaar_ts_shortcode\"  style=\"\" href=\"javascript:sonaar_ts_shortcode({ trackid:'0', time:'00:36:29', ts_id:'6927ce7f8e0b8', play_icon:'' }) ;\">[00:36:29]<\/a> Merci Marcello ! Ton message m&#8217;a fait tr\u00e8s plaisir. C&#8217;est vrai que j&#8217;entends pas souvent ce genre d&#8217;histoires. Mais les langues peuvent aussi nous aider \u00e0 am\u00e9liorer notre situation \u00e9conomique. Tu nous dis qu&#8217;apprendre l&#8217;anglais t&#8217;a permis d&#8217;am\u00e9liorer tes conditions de vie. Et maintenant, gr\u00e2ce au fran\u00e7ais, tu souhaites pouvoir trouver un meilleur travail. Moi, je suis vraiment flatt\u00e9. Je suis vraiment touch\u00e9 que, gr\u00e2ce \u00e0 ce podcast, en partie (parce que je suis s\u00fbr que tu utilises aussi plein d&#8217;autres ressources), mais en partie gr\u00e2ce \u00e0 ce podcast, tu peux apprendre le fran\u00e7ais. Et \u00e7a, \u00e7a va te permettre de trouver un meilleur travail et d&#8217;am\u00e9liorer tes conditions de vie.<\/p>\n\n\n\n<p><a id=\"sonaar_ts-6927ce7f8e0c2\" class=\"srmp3_sonaar_ts_shortcode\"  style=\"\" href=\"javascript:sonaar_ts_shortcode({ trackid:'0', time:'00:37:17', ts_id:'6927ce7f8e0c2', play_icon:'' }) ;\"><\/a>[00:37:17] Quand j&#8217;ai commenc\u00e9 innerFrench, j&#8217;avais pas du tout cette id\u00e9e en t\u00eate. Je pensais pas pouvoir avoir ce genre d&#8217;impact sur la vie des gens. Mais je suis vraiment touch\u00e9 que tu m&#8217;aies envoy\u00e9 ce message pour me dire \u00e7a. Et j&#8217;esp\u00e8re pouvoir continuer \u00e0 t&#8217;aider le plus longtemps possible en publiant de nouveaux \u00e9pisodes.<\/p>\n\n\n\n<p><a id=\"sonaar_ts-6927ce7f8e0c7\" class=\"srmp3_sonaar_ts_shortcode\"  style=\"\" href=\"javascript:sonaar_ts_shortcode({ trackid:'0', time:'00:37:40', ts_id:'6927ce7f8e0c7', play_icon:'' }) ;\"><\/a>[00:37:40] Justement, on va s&#8217;arr\u00eater l\u00e0 mais il y aura un nouvel \u00e9pisode, comme d&#8217;habitude, dans deux semaines. Et en attendant, n&#8217;oubliez pas de faire un peu de fran\u00e7ais tous les jours ! Bonne semaine, ciao !<\/p>\n","protected":false},"excerpt":{"rendered":"<p>Salut \u00e0 toutes et \u00e0 tous, bienvenue ! On se retrouve pour un nouvel \u00e9pisode, l&#8217;\u00e9pisode num\u00e9ro 67. Je suis tr\u00e8s content d&#8217;\u00eatre avec vous. Il fait un peu chaud aujourd&#8217;hui parce que l&#8217;\u00e9t\u00e9 est arriv\u00e9 \u00e0 Varsovie. Et on peut dire qu&#8217;il est arriv\u00e9 d\u2019un seul coup. Les semaines pr\u00e9c\u00e9dentes, il faisait assez froid,&#8230;<\/p>\n","protected":false},"author":1,"featured_media":199258,"comment_status":"open","ping_status":"open","sticky":false,"template":"","format":[189],"meta":{"_acf_changed":false,"_kad_blocks_custom_css":"","_kad_blocks_head_custom_js":"","_kad_blocks_body_custom_js":"","_kad_blocks_footer_custom_js":"","_kad_post_transparent":"","_kad_post_title":"","_kad_post_layout":"","_kad_post_sidebar_id":"","_kad_post_content_style":"","_kad_post_vertical_padding":"","_kad_post_feature":"","_kad_post_feature_position":"","_kad_post_header":false,"_kad_post_footer":false,"_kad_post_classname":"","footnotes":""},"categories":[168],"tags":[178,171,172],"class_list":["post-2388","post","type-post","status-publish","format-standard","has-post-thumbnail","hentry","category-podcast","tag-ecologie","tag-sciences-technologie","tag-societe","format-solo-hugo"],"acf":[],"taxonomy_info":{"category":[{"value":168,"label":"Podcast"}],"post_tag":[{"value":178,"label":"Ecologie"},{"value":171,"label":"Sciences &amp; technologies"},{"value":172,"label":"Soci\u00e9t\u00e9"}],"format":[{"value":189,"label":"Solo Hugo"}]},"featured_image_src_large":["https:\/\/innerfrench.com\/wp-content\/uploads\/2019\/06\/menace-plastique-e1718021068408-750x406.jpg",750,406,true],"author_info":{"display_name":"Hugo","author_link":"https:\/\/innerfrench.com\/author\/innerfrench-2-2-2-2-2-2-2-2-2-2-2-2-2-2-2-2-2-2-2\/"},"comment_info":7,"category_info":[{"term_id":168,"name":"Podcast","slug":"podcast","term_group":0,"term_taxonomy_id":168,"taxonomy":"category","description":"","parent":0,"count":185,"filter":"raw","cat_ID":168,"category_count":185,"category_description":"","cat_name":"Podcast","category_nicename":"podcast","category_parent":0}],"tag_info":[{"term_id":178,"name":"Ecologie","slug":"ecologie","term_group":0,"term_taxonomy_id":178,"taxonomy":"post_tag","description":"","parent":0,"count":7,"filter":"raw"},{"term_id":171,"name":"Sciences &amp; technologies","slug":"sciences-technologie","term_group":0,"term_taxonomy_id":171,"taxonomy":"post_tag","description":"","parent":0,"count":17,"filter":"raw"},{"term_id":172,"name":"Soci\u00e9t\u00e9","slug":"societe","term_group":0,"term_taxonomy_id":172,"taxonomy":"post_tag","description":"","parent":0,"count":94,"filter":"raw"}],"_links":{"self":[{"href":"https:\/\/innerfrench.com\/wp-json\/wp\/v2\/posts\/2388","targetHints":{"allow":["GET"]}}],"collection":[{"href":"https:\/\/innerfrench.com\/wp-json\/wp\/v2\/posts"}],"about":[{"href":"https:\/\/innerfrench.com\/wp-json\/wp\/v2\/types\/post"}],"author":[{"embeddable":true,"href":"https:\/\/innerfrench.com\/wp-json\/wp\/v2\/users\/1"}],"replies":[{"embeddable":true,"href":"https:\/\/innerfrench.com\/wp-json\/wp\/v2\/comments?post=2388"}],"version-history":[{"count":1,"href":"https:\/\/innerfrench.com\/wp-json\/wp\/v2\/posts\/2388\/revisions"}],"predecessor-version":[{"id":294191,"href":"https:\/\/innerfrench.com\/wp-json\/wp\/v2\/posts\/2388\/revisions\/294191"}],"wp:featuredmedia":[{"embeddable":true,"href":"https:\/\/innerfrench.com\/wp-json\/wp\/v2\/media\/199258"}],"wp:attachment":[{"href":"https:\/\/innerfrench.com\/wp-json\/wp\/v2\/media?parent=2388"}],"wp:term":[{"taxonomy":"category","embeddable":true,"href":"https:\/\/innerfrench.com\/wp-json\/wp\/v2\/categories?post=2388"},{"taxonomy":"post_tag","embeddable":true,"href":"https:\/\/innerfrench.com\/wp-json\/wp\/v2\/tags?post=2388"},{"taxonomy":"format","embeddable":true,"href":"https:\/\/innerfrench.com\/wp-json\/wp\/v2\/format?post=2388"}],"curies":[{"name":"wp","href":"https:\/\/api.w.org\/{rel}","templated":true}]}}