{"id":2423,"date":"2019-06-20T18:15:00","date_gmt":"2019-06-20T16:15:00","guid":{"rendered":"https:\/\/innerfrench.com\/?p=2423"},"modified":"2025-10-02T12:16:31","modified_gmt":"2025-10-02T10:16:31","slug":"68-homosexuel-france","status":"publish","type":"post","link":"https:\/\/innerfrench.com\/68-homosexuel-france\/","title":{"rendered":"#68 \u00catre homosexuel en France"},"content":{"rendered":"\n<p>Salut \u00e0 toutes et \u00e0 tous, bienvenue. Je suis tr\u00e8s content de vous retrouver pour ce nouvel \u00e9pisode. On va passer une trentaine de minutes ensemble pour parler un peu en fran\u00e7ais. Enfin, c&#8217;est surtout moi qui vais parler et vous, vous allez m&#8217;\u00e9couter !<\/p>\n\n\n\n<p><a id=\"sonaar_ts-6927d506125b2\" class=\"srmp3_sonaar_ts_shortcode\"  style=\"\" href=\"javascript:sonaar_ts_shortcode({ trackid:'0', time:'00:00:26', ts_id:'6927d506125b2', play_icon:'' }) ;\">[00:00:26]<\/a> L&#8217;objectif de ce podcast, si c&#8217;est la premi\u00e8re fois que vous l&#8217;\u00e9coutez, c&#8217;est de vous aider \u00e0 am\u00e9liorer votre compr\u00e9hension en fran\u00e7ais, en particulier votre compr\u00e9hension orale. Et pour faire \u00e7a, au lieu de faire des le\u00e7ons de grammaire traditionnelles, moi, je pr\u00e9f\u00e8re vous parler de sujets qui me semblent int\u00e9ressants d&#8217;une mani\u00e8re intelligible, compr\u00e9hensible, m\u00eame si le fran\u00e7ais n&#8217;est pas votre langue maternelle.<\/p>\n\n\n\n<p><a id=\"sonaar_ts-6927d506125c0\" class=\"srmp3_sonaar_ts_shortcode\"  style=\"\" href=\"javascript:sonaar_ts_shortcode({ trackid:'0', time:'00:00:53', ts_id:'6927d506125c0', play_icon:'' }) ;\">[00:00:53]<\/a> Si vous avez l&#8217;impression que je parle un peu vite maintenant, que le niveau de difficult\u00e9 est un peu trop \u00e9lev\u00e9, je vous conseille de commencer par les premiers \u00e9pisodes parce que quand j&#8217;ai lanc\u00e9 ce podcast, je parlais un peu plus lentement, je faisais plus d&#8217;efforts au niveau de mon \u00e9locution pour bien articuler etc. Et maintenant, je me suis adapt\u00e9 parce que les auditeurs et les auditrices ont fait des progr\u00e8s, vous avez fait des progr\u00e8s, et je parle d&#8217;une mani\u00e8re qui est plus naturelle, plus d\u00e9tendue.<\/p>\n\n\n\n<p><a id=\"sonaar_ts-6927d506125c7\" class=\"srmp3_sonaar_ts_shortcode\"  style=\"\" href=\"javascript:sonaar_ts_shortcode({ trackid:'0', time:'00:01:26', ts_id:'6927d506125c7', play_icon:'' }) ;\">[00:01:26]<\/a> On a beaucoup de choses \u00e0 se dire aujourd&#8217;hui, on a un programme tr\u00e8s charg\u00e9. Ah oui, d&#8217;ailleurs, une petite pr\u00e9cision parce que j&#8217;ai vu cette erreur r\u00e9cemment. &#8220;Charg\u00e9&#8221;, on l&#8217;utilise en g\u00e9n\u00e9ral avec une chose ou une p\u00e9riode de temps. Par exemple, vous pouvez dire, comme je l&#8217;ai fait, on a &#8220;un programme charg\u00e9&#8221;, &#8220;une journ\u00e9e charg\u00e9e&#8221;, &#8220;une semaine charg\u00e9e&#8221;.<\/p>\n\n\n\n<p><a id=\"sonaar_ts-6927d506125cc\" class=\"srmp3_sonaar_ts_shortcode\"  style=\"\" href=\"javascript:sonaar_ts_shortcode({ trackid:'0', time:'00:01:51', ts_id:'6927d506125cc', play_icon:'' }) ;\">[00:01:51]<\/a> Mais si vous utilisez \u00e7a pour une personne, si vous dites &#8220;je suis charg\u00e9&#8221;, \u00e7a fait plut\u00f4t r\u00e9f\u00e9rence \u00e0 une charge physique. Par exemple, si vous allez \u00e0 l&#8217;a\u00e9roport et que vous avez beaucoup de valises avec vous parce que vous partez en vacances pour plusieurs semaines, vous pouvez dire : &#8220;je suis charg\u00e9&#8221; ou alors &#8220;la voiture est charg\u00e9e&#8221; dans le sens o\u00f9 vous avez mis beaucoup de valises, de bagages, dans le coffre.<\/p>\n\n\n\n<p><a id=\"sonaar_ts-6927d506125d1\" class=\"srmp3_sonaar_ts_shortcode\"  style=\"\" href=\"javascript:sonaar_ts_shortcode({ trackid:'0', time:'00:02:19', ts_id:'6927d506125d1', play_icon:'' }) ;\">[00:02:19]<\/a> Donc si vous avez beaucoup de travail en ce moment, beaucoup de choses \u00e0 faire, ne dites pas &#8220;je suis charg\u00e9&#8221; mais dites plut\u00f4t &#8220;je suis occup\u00e9&#8221;, &#8220;je suis tr\u00e8s occup\u00e9&#8221;, &#8220;j&#8217;ai beaucoup de travail&#8221;, &#8220;j&#8217;ai plein de choses \u00e0 faire&#8221;. Ok, j&#8217;esp\u00e8re que cette distinction est plus claire maintenant pour vous.<\/p>\n\n\n\n<p><a id=\"sonaar_ts-6927d506125d6\" class=\"srmp3_sonaar_ts_shortcode\"  style=\"\" href=\"javascript:sonaar_ts_shortcode({ trackid:'0', time:'00:02:35', ts_id:'6927d506125d6', play_icon:'' }) ;\">[00:02:35]<\/a> Comme d&#8217;habitude, pour commencer, on va \u00e9couter un t\u00e9moignage. Et aujourd&#8217;hui, c&#8217;est le t\u00e9moignage d&#8217;une auditrice du podcast qui s&#8217;appelle Aldina et qui vient d&#8217;Indon\u00e9sie.<\/p>\n\n\n\n<p><a id=\"sonaar_ts-6927d506125db\" class=\"srmp3_sonaar_ts_shortcode\"  style=\"\" href=\"javascript:sonaar_ts_shortcode({ trackid:'0', time:'00:02:47', ts_id:'6927d506125db', play_icon:'' }) ;\">[00:02:47]<\/a> <em>Salut Hugo,<\/em><\/p>\n\n\n\n<p><em>Je m&#8217;appelle Aldina, je suis indon\u00e9sienne. Depuis deux semaines, j&#8217;habite \u00e0 Paris et je viens de commencer \u00e0 travailler dans une entreprise fran\u00e7aise. En ce moment, je travaille surtout en anglais mais j&#8217;esp\u00e8re am\u00e9liorer mon fran\u00e7ais.<\/em><\/p>\n\n\n\n<p><em>\u00c7a fait \u00e0 peu pr\u00e8s six mois que j&#8217;apprends le fran\u00e7ais et jadore vraiment ton podcast, \u00e7a m&#8217;aide beaucoup dans mon apprentissage de la langue fran\u00e7aise. Je l&#8217;\u00e9coute r\u00e9guli\u00e8rement depuis que j&#8217;ai commenc\u00e9 mes cours de fran\u00e7ais en Indon\u00e9sie et je continue toujours de l&#8217;\u00e9couter dans le m\u00e9tro parisien. <\/em><\/p>\n\n\n\n<p><em>En fait, j&#8217;ai du mal \u00e0 r\u00e9agir \u00e0 ce que mes coll\u00e8gues disent lors d&#8217;une conversation en fran\u00e7ais. Est-ce que tu as des conseils pour r\u00e9agir plus naturellement ou des expressions que les Fran\u00e7ais utilisent souvent pour r\u00e9agir ? <\/em><\/p>\n\n\n\n<p><em>Je te remercie et je te souhaite encore plus de succ\u00e8s pour innerFrench. <\/em><\/p>\n\n\n\n<p><a id=\"sonaar_ts-6927d506125df\" class=\"srmp3_sonaar_ts_shortcode\"  style=\"\" href=\"javascript:sonaar_ts_shortcode({ trackid:'0', time:'00:03:45', ts_id:'6927d506125df', play_icon:'' }) ;\">[00:03:45]<\/a> Merci Aldina de m&#8217;avoir envoy\u00e9 ton enregistrement. Je pense que c&#8217;est la premi\u00e8re fois qu&#8217;on a une Indon\u00e9sienne dans ce podcast donc \u00e7a me fait tr\u00e8s plaisir. En plus, vous allez voir que, dans cet \u00e9pisode, on va surtout entendre des auditeurs asiatiques. Donc \u00e7a change un peu et \u00e7a montre que l&#8217;audience du podcast grandit. InnerFrench ne conna\u00eet pas de fronti\u00e8res ! \u00c7a me fait vraiment plaisir de voir que le podcast est \u00e9cout\u00e9 dans plein de pays diff\u00e9rents, plein de cultures diff\u00e9rentes. Et moi, je suis tr\u00e8s content aussi de vous rencontrer \u00e0 travers ces messages que vous m&#8217;envoyez, ces enregistrements. \u00c7a me fait tr\u00e8s plaisir !<\/p>\n\n\n\n<p><a id=\"sonaar_ts-6927d506125e9\" class=\"srmp3_sonaar_ts_shortcode\"  style=\"\" href=\"javascript:sonaar_ts_shortcode({ trackid:'0', time:'00:04:27', ts_id:'6927d506125e9', play_icon:'' }) ;\">[00:04:27]<\/a> Aldina, \u00e7a fait seulement 6 mois que tu apprends le fran\u00e7ais et tu as d\u00e9j\u00e0 un excellent niveau ! Donc je pense que tu as soit une tr\u00e8s bonne m\u00e9thode, soit tu as pass\u00e9 \u00e9norm\u00e9ment de temps, \u00e9norm\u00e9ment d&#8217;heures, \u00e0 apprendre la langue. Ou alors tu es tout simplement une prodige parce que c&#8217;est vraiment impressionnant d&#8217;avoir un tel niveau apr\u00e8s seulement 6 mois !<\/p>\n\n\n\n<p><a id=\"sonaar_ts-6927d506125ee\" class=\"srmp3_sonaar_ts_shortcode\"  style=\"\" href=\"javascript:sonaar_ts_shortcode({ trackid:'0', time:'00:04:50', ts_id:'6927d506125ee', play_icon:'' }) ;\">[00:04:50]<\/a> Tu nous dis que tu as un peu de mal \u00e0 r\u00e9agir aux phrases de tes coll\u00e8gues. Quand ils te disent des choses, t&#8217;aimerais bien avoir diff\u00e9rentes r\u00e9actions, leur montrer que tu les \u00e9coutes, que \u00e7a t&#8217;int\u00e9resse, et tu sais pas forc\u00e9ment quoi dire. Alors, pour \u00eatre honn\u00eate avec toi, moi aussi j&#8217;ai un peu le m\u00eame probl\u00e8me ! C&#8217;est vrai que, dans une conversation, c&#8217;est agr\u00e9able si votre interlocuteur vous montre de l&#8217;int\u00e9r\u00eat avec des petits mots, des petites expressions. Moi, c&#8217;est quelque chose que j&#8217;ai pas du tout l&#8217;habitude de faire. C&#8217;est pas du tout naturel pour moi. Parfois je me force un peu mais bon, c&#8217;est un peu bizarre.<\/p>\n\n\n\n<p><a id=\"sonaar_ts-6927d506125f3\" class=\"srmp3_sonaar_ts_shortcode\"  style=\"\" href=\"javascript:sonaar_ts_shortcode({ trackid:'0', time:'00:05:28', ts_id:'6927d506125f3', play_icon:'' }) ;\">[00:05:28]<\/a> Plus s\u00e9rieusement, j&#8217;ai fait un guide avec 198 expressions pour mieux comprendre le fran\u00e7ais oral et, dedans, il y a aussi certaines expressions pour vous aider \u00e0 r\u00e9agir, justement, \u00e0 des choses ou \u00e0 des phrases que vous pouvez entendre. Donc si tu l&#8217;as pas encore t\u00e9l\u00e9charg\u00e9, tu peux le trouver gratuitement sur mon site, sur la page &#8220;guide&#8221;, tout simplement. Et je ferai peut-\u00eatre une vid\u00e9o un peu plus d\u00e9taill\u00e9e, uniquement sur ce genre de r\u00e9actions, sur des petits mots qu&#8217;on peut utiliser pour exprimer la surprise, l&#8217;approbation, etc. Il faut que je trouve un format un peu int\u00e9ressant pour le faire parce que si c&#8217;est juste une liste d&#8217;expressions, \u00e7a va pas \u00eatre passionnant, \u00e0 mon avis. Donc je vais r\u00e9fl\u00e9chir \u00e0 \u00e7a, je vais essayer de le faire et de publier cette vid\u00e9o sur ma cha\u00eene YouTube.<\/p>\n\n\n\n<p><a id=\"sonaar_ts-6927d506125f7\" class=\"srmp3_sonaar_ts_shortcode\"  style=\"\" href=\"javascript:sonaar_ts_shortcode({ trackid:'0', time:'00:06:21', ts_id:'6927d506125f7', play_icon:'' }) ;\">[00:06:21]<\/a> Mais toi, Aldina, tu as la chance d&#8217;\u00eatre en France donc tu peux observer les Fran\u00e7ais dans leur milieu naturel. Et \u00e7a, c&#8217;est g\u00e9nial parce que tu peux voir directement quelles expressions tes coll\u00e8gues utilisent. \u00c0 mon avis, c&#8217;est la fa\u00e7on la plus naturelle de le faire parce que quand on apprend des expressions ou des phrases toutes faites dans un guide par exemple ou dans un livre, on n&#8217;a pas toujours le contexte. Et parfois, c&#8217;est des livres qui sont un peu d\u00e9mod\u00e9s donc les expressions ne s&#8217;utilisent plus vraiment. Du coup, si tu veux \u00eatre s\u00fbre d&#8217;utiliser des expressions qui sont toujours d\u2019actualit\u00e9, on pourrait dire, eh bien \u00e9coute tout simplement tes coll\u00e8gues, prends des notes et essaye de r\u00e9utiliser certaines expressions que tu entends au travail. \u00c0 mon avis, c&#8217;est la fa\u00e7on la plus naturelle. Moi, c&#8217;est ce que je fais \u00e9galement en Pologne. J&#8217;apprends le polonais et j&#8217;ai la chance de vivre \u00e0 Varsovie donc je peux, dans mon environnement, entendre diff\u00e9rentes expressions et parfois j&#8217;ai un petit carnet, ou alors je les note sur mon portable pour pouvoir les r\u00e9utiliser plus tard.<\/p>\n\n\n\n<p><a id=\"sonaar_ts-6927d506125fc\" class=\"srmp3_sonaar_ts_shortcode\"  style=\"\" href=\"javascript:sonaar_ts_shortcode({ trackid:'0', time:'00:07:35', ts_id:'6927d506125fc', play_icon:'' }) ;\">[00:07:35]<\/a> Le mois de juin, comme vous le savez peut-\u00eatre, c&#8217;est, depuis quelques ann\u00e9es, un mois qu&#8217;on appelle &#8220;le mois des fiert\u00e9s&#8221;. &#8220;Le mois des fiert\u00e9s&#8221; parce qu&#8217;il y a plusieurs communaut\u00e9s qui sont, on peut dire, c\u00e9l\u00e9br\u00e9es au mois de juin, notamment les communaut\u00e9s homosexuelles, lesbiennes, transsexuelles, queer etc. Et justement, il y a un auditeur qui s&#8217;appelle Tanmoy, qui est indien, qui m&#8217;a envoy\u00e9 un message sur Facebook pour me demander de parler un peu de ce sujet. C&#8217;est int\u00e9ressant parce que, en Inde, l&#8217;homosexualit\u00e9 a \u00e9t\u00e9 d\u00e9p\u00e9nalis\u00e9e l&#8217;ann\u00e9e derni\u00e8re, en 2018. &#8220;D\u00e9p\u00e9nalis\u00e9e&#8221;, \u00e7a veut dire qu&#8217;\u00e0 pr\u00e9sent, l&#8217;homosexualit\u00e9 n&#8217;est plus punie par la loi, \u00e7a n&#8217;est plus consid\u00e9r\u00e9 comme un crime. Donc Tanmoy m&#8217;a demand\u00e9 de parler un peu de la situation des LGBTQ+ en France.<\/p>\n\n\n\n<p><a id=\"sonaar_ts-6927d50612601\" class=\"srmp3_sonaar_ts_shortcode\"  style=\"\" href=\"javascript:sonaar_ts_shortcode({ trackid:'0', time:'00:08:33', ts_id:'6927d50612601', play_icon:'' }) ;\">[00:08:33]<\/a> LGBTQ+, c&#8217;est pour lesbiennes, gays, bisexuels, transsexuels, queers (donc au fur et \u00e0 mesure, il y a des lettres qui s&#8217;ajoutent pour les nouvelles cat\u00e9gories, on pourrait dire, qui sont de plus en plus reconnues, de plus en plus visibles dans nos soci\u00e9t\u00e9s). En France, on reprend certaines d\u00e9nominations anglaises. Donc par exemple, on utilise aussi le mot &#8220;queer&#8221;. On utilise \u00e9galement le mot &#8220;gay&#8221; pour dire homosexuel. Donc voil\u00e0, parfois dans cet \u00e9pisode, je vais utiliser les mots fran\u00e7ais, les mots anglais parce que les Fran\u00e7ais eux-m\u00eames ont tendance \u00e0 utiliser les deux versions.<\/p>\n\n\n\n<p><a id=\"sonaar_ts-6927d50612606\" class=\"srmp3_sonaar_ts_shortcode\"  style=\"\" href=\"javascript:sonaar_ts_shortcode({ trackid:'0', time:'00:09:20', ts_id:'6927d50612606', play_icon:'' }) ;\">[00:09:20]<\/a> En France, la d\u00e9p\u00e9nalisation de l&#8217;homosexualit\u00e9 remonte \u00e0 1982 sous l&#8217;impulsion, \u00e0 l&#8217;\u00e9poque, du ministre de la Justice Robert Badinter. Robert Badinter, c&#8217;est quelqu&#8217;un de tr\u00e8s important pour l&#8217;histoire de France parce qu&#8217;il a notamment beaucoup contribu\u00e9 \u00e0 l&#8217;abolition de la peine de mort (la peine de mort qu&#8217;on appelle aussi parfois &#8220;la peine capitale&#8221;). Donc lui, Robert Badinter, \u00e9tait avocat et ensuite il est devenu ministre de la justice. Et il s&#8217;est beaucoup battu \u00e0 la fois pour abolir cette peine de mort et, plus tard, pour d\u00e9p\u00e9naliser l&#8217;homosexualit\u00e9. Donc c&#8217;est ce qui a \u00e9t\u00e9 fait en 1982 et, depuis cette date, les droits des homosexuels en France ont beaucoup \u00e9volu\u00e9.<\/p>\n\n\n\n<p><a id=\"sonaar_ts-6927d5061260b\" class=\"srmp3_sonaar_ts_shortcode\"  style=\"\" href=\"javascript:sonaar_ts_shortcode({ trackid:'0', time:'00:10:10', ts_id:'6927d5061260b', play_icon:'' }) ;\">[00:10:10]<\/a> Ce qu&#8217;on va essayer de faire dans cet \u00e9pisode, c&#8217;est de se mettre \u00e0 la place d&#8217;une personne homosexuelle. Alors c&#8217;est un exercice un peu d\u00e9licat. Moi, je suis h\u00e9t\u00e9rosexuel donc c&#8217;est un peu difficile pour moi d&#8217;imaginer exactement par quoi passe une personne homosexuelle. Mais j&#8217;ai lu plusieurs articles, j&#8217;ai lu des livres, j&#8217;ai vu des films sur ce sujet. Donc \u00e0 partir de toutes ces observations, on peut essayer d&#8217;imaginer un peu quelles sont les difficult\u00e9s que rencontre une personne homosexuelle tout au long de sa vie.<\/p>\n\n\n\n<p><a id=\"sonaar_ts-6927d50612610\" class=\"srmp3_sonaar_ts_shortcode\"  style=\"\" href=\"javascript:sonaar_ts_shortcode({ trackid:'0', time:'00:10:44', ts_id:'6927d50612610', play_icon:'' }) ;\">[00:10:44]<\/a> Et je vais faire \u00e7a parce que je pense que c&#8217;est important d&#8217;essayer de se mettre \u00e0 la place des gens. C&#8217;est un message que je r\u00e9p\u00e8te souvent dans le podcast mais, pour mieux comprendre les autres, pour mieux comprendre leurs difficult\u00e9s, pour mieux comprendre leurs r\u00e9actions, eh bien \u00e7a vaut la peine d&#8217;essayer de se mettre \u00e0 leur place, d&#8217;essayer d&#8217;imaginer leur quotidien. Parce que comme \u00e7a, je pense qu&#8217;ensuite, on a un peu plus d&#8217;empathie. C&#8217;est ce qu&#8217;on va essayer de faire dans cet \u00e9pisode. On va voir les diff\u00e9rentes \u00e9tapes de la vie d&#8217;une personne homosexuelle, \u00e0 commencer par l&#8217;enfance, logiquement. Et puis, on va voir un peu quels sont les obstacles, quelles sont les difficult\u00e9s, que peut rencontrer cette personne.<\/p>\n\n\n\n<p><a id=\"sonaar_ts-6927d50612614\" class=\"srmp3_sonaar_ts_shortcode\"  style=\"\" href=\"javascript:sonaar_ts_shortcode({ trackid:'0', time:'00:11:34', ts_id:'6927d50612614', play_icon:'' }) ;\">[00:11:34]<\/a> Commen\u00e7ons par l&#8217;enfance avec une question, avec un d\u00e9bat qui est assez \u00e9pineux. La question de savoir si l&#8217;homosexualit\u00e9 est quelque chose d&#8217;inn\u00e9 ou d&#8217;acquis.<\/p>\n\n\n\n<p><a id=\"sonaar_ts-6927d50612619\" class=\"srmp3_sonaar_ts_shortcode\"  style=\"\" href=\"javascript:sonaar_ts_shortcode({ trackid:'0', time:'00:11:47', ts_id:'6927d50612619', play_icon:'' }) ;\">[00:11:47]<\/a> Quand on dit qu&#8217;une caract\u00e9ristique est &#8220;inn\u00e9e&#8221;, \u00e7a veut dire qu&#8217;on l&#8217;a d\u00e8s la naissance. Donc c&#8217;est plut\u00f4t quelque chose de biologique, quelque chose qu&#8217;on a dans nos g\u00e8nes. Et en effet, il y a des chercheurs qui se disent que l&#8217;homosexualit\u00e9 est quelque chose qui vient des g\u00e8nes, que certains g\u00e8nes peuvent provoquer l&#8217;homosexualit\u00e9 d&#8217;une personne. Et ces chercheurs essayent de d\u00e9tecter, justement, quels g\u00e8nes sont responsables de l&#8217;homosexualit\u00e9.<\/p>\n\n\n\n<p><a id=\"sonaar_ts-6927d5061261d\" class=\"srmp3_sonaar_ts_shortcode\"  style=\"\" href=\"javascript:sonaar_ts_shortcode({ trackid:'0', time:'00:12:17', ts_id:'6927d5061261d', play_icon:'' }) ;\">[00:12:17]<\/a> De l&#8217;autre c\u00f4t\u00e9, il y a un autre groupe qui pense que l&#8217;homosexualit\u00e9 est quelque chose d&#8217;acquis, autrement dit, quelque chose qu&#8217;on acquiert avec le temps \u00e0 travers notre environnement, \u00e0 travers notre \u00e9ducation. Donc \u00e0 ce moment-l\u00e0, l&#8217;homosexualit\u00e9, c&#8217;est pas quelque chose de biologique mais plut\u00f4t de psychologique. Et il y a des psychologues et des psychiatres qui essayent de comprendre quels sont les facteurs qui peuvent favoriser cette homosexualit\u00e9<\/p>\n\n\n\n<p><a id=\"sonaar_ts-6927d50612626\" class=\"srmp3_sonaar_ts_shortcode\"  style=\"\" href=\"javascript:sonaar_ts_shortcode({ trackid:'0', time:'00:12:46', ts_id:'6927d50612626', play_icon:'' }) ;\">[00:12:46]<\/a> Alors, \u00e7a peut \u00eatre int\u00e9ressant d&#8217;un point de vue scientifique, d&#8217;essayer de comprendre \u00e7a, d&#8217;essayer de comprendre si l&#8217;homosexualit\u00e9 est plut\u00f4t inn\u00e9e ou acquise. Mais le probl\u00e8me, c&#8217;est que souvent, cette question donne lieu \u00e0 certaines d\u00e9rives. Qu&#8217;on consid\u00e8re l&#8217;homosexualit\u00e9 comme quelque chose d&#8217;inn\u00e9 ou comme quelque chose d&#8217;acquis, il y a dans les deux cas des groupes de personnes qui veulent consid\u00e9rer l&#8217;homosexualit\u00e9 comme une maladie : soit comme une maladie g\u00e9n\u00e9tique, soit comme une maladie mentale<\/p>\n\n\n\n<p><a id=\"sonaar_ts-6927d5061262b\" class=\"srmp3_sonaar_ts_shortcode\"  style=\"\" href=\"javascript:sonaar_ts_shortcode({ trackid:'0', time:'00:13:16', ts_id:'6927d5061262b', play_icon:'' }) ;\">[00:13:16]<\/a> \u00c7a, \u00e7a a donn\u00e9 lieu \u00e0 des pratiques assez barbares, par exemple \u00e0 des lobotomies. Je sais que \u00e7a avait lieu en France, aux Etats-Unis, en URSS. &#8220;Des lobotomies&#8221;, autrement dit on enlevait une partie du cerveau de certaines personnes pour essayer de leur faire &#8220;perdre&#8221; leur homosexualit\u00e9.<\/p>\n\n\n\n<p><a id=\"sonaar_ts-6927d5061262f\" class=\"srmp3_sonaar_ts_shortcode\"  style=\"\" href=\"javascript:sonaar_ts_shortcode({ trackid:'0', time:'00:13:34', ts_id:'6927d5061262f', play_icon:'' }) ;\">[00:13:34]<\/a> Il existe \u00e9galement toujours aujourd&#8217;hui des centres de r\u00e9\u00e9ducation o\u00f9 on essaye de &#8220;traiter&#8221; les patients pour qu&#8217;ils cessent d&#8217;\u00eatre homosexuels. A ce moment-l\u00e0, on consid\u00e8re que l&#8217;homosexualit\u00e9, c&#8217;est plut\u00f4t quelque chose qui vient de l&#8217;environnement, qui est li\u00e9 \u00e0 la psychologie, et on essaye de traiter ces personnes pour qu&#8217;elles arr\u00eatent d&#8217;\u00eatre homosexuelles<\/p>\n\n\n\n<p><a id=\"sonaar_ts-6927d50612634\" class=\"srmp3_sonaar_ts_shortcode\"  style=\"\" href=\"javascript:sonaar_ts_shortcode({ trackid:'0', time:'00:14:00', ts_id:'6927d50612634', play_icon:'' }) ;\">[00:14:00]<\/a> C&#8217;est vrai que l&#8217;homosexualit\u00e9 a \u00e9t\u00e9 consid\u00e9r\u00e9e comme une maladie mentale pendant tr\u00e8s longtemps. D&#8217;ailleurs, elle a \u00e9t\u00e9 retir\u00e9e officiellement de la liste des maladies mentales en 1981 en France (donc il y a un peu moins d&#8217;une quarantaine d&#8217;ann\u00e9es) et en 1990 pour l&#8217;Organisation mondiale de la sant\u00e9.<\/p>\n\n\n\n<p><a id=\"sonaar_ts-6927d50612638\" class=\"srmp3_sonaar_ts_shortcode\"  style=\"\" href=\"javascript:sonaar_ts_shortcode({ trackid:'0', time:'00:14:23', ts_id:'6927d50612638', play_icon:'' }) ;\">[00:14:23]<\/a> Mais cette question de l&#8217;homosexualit\u00e9 inn\u00e9e ou acquise, je sais pas si elle int\u00e9resse beaucoup les enfants homosexuels. A mon avis, ce sont plut\u00f4t les parents qui se posent ce genre de questions. Ils essayent de comprendre pourquoi leur enfant est homosexuel, surtout les parents qui refusent cette homosexualit\u00e9. Ils se disent qu&#8217;ils ont peut-\u00eatre commis des erreurs (&#8220;des erreurs&#8221; entre guillemets) dans leur \u00e9ducation et ils culpabilisent \u00e0 cause de \u00e7a, ils se sentent coupables.<\/p>\n\n\n\n<p><a id=\"sonaar_ts-6927d5061263d\" class=\"srmp3_sonaar_ts_shortcode\"  style=\"\" href=\"javascript:sonaar_ts_shortcode({ trackid:'0', time:'00:14:55', ts_id:'6927d5061263d', play_icon:'' }) ;\">[00:14:55]<\/a> Mais je pense que, quand on est enfant, on ne raisonne pas forc\u00e9ment en termes de sexualit\u00e9. Quand on a 5 ou 6 ans, on se dit pas : &#8220;je suis h\u00e9t\u00e9rosexuel&#8221; ou &#8220;je suis homosexuel&#8221;. C&#8217;est des choses qui sont assez abstraites et dont on n&#8217;a pas forc\u00e9ment connaissance \u00e0 cet \u00e2ge-l\u00e0. Vers 5 ou 6 ans, on a simplement nos premi\u00e8res attirances pour certaines personnes. Parfois, ce sont des personnes du sexe oppos\u00e9, quand on est h\u00e9t\u00e9rosexuel, et parfois, des personnes du m\u00eame sexe.<\/p>\n\n\n\n<p><a id=\"sonaar_ts-6927d50612641\" class=\"srmp3_sonaar_ts_shortcode\"  style=\"\" href=\"javascript:sonaar_ts_shortcode({ trackid:'0', time:'00:15:28', ts_id:'6927d50612641', play_icon:'' }) ;\">[00:15:28]<\/a> Par contre, ce qui va influencer l&#8217;enfant, ce sont les r\u00e9actions de son environnement face \u00e0 ses d\u00e9sirs. Peut-\u00eatre que l&#8217;enfant va partager l&#8217;objet de ses d\u00e9sirs avec ses parents, qu&#8217;il va en parler \u00e0 ses parents, dire qu&#8217;il est amoureux par exemple, d&#8217;une personne ou d&#8217;une autre. Et l&#8217;enfant va voir la r\u00e9action de ses parents face \u00e0 \u00e7a. Peut-\u00eatre que ses parents vont lui dire qu&#8217;on ne peut pas aimer une personne du m\u00eame sexe que nous, que si on est un petit gar\u00e7on, on doit aimer une petite fille et vice-versa. \u00c0 ce moment-l\u00e0, l&#8217;enfant va identifier ce qui est acceptable ou non au sein de sa famille. Et ce genre de r\u00e9actions va avoir une influence sur la sexualit\u00e9 de l&#8217;enfant et comment il se positionne par rapport \u00e0 \u00e7a.<\/p>\n\n\n\n<p><a id=\"sonaar_ts-6927d5061264b\" class=\"srmp3_sonaar_ts_shortcode\"  style=\"\" href=\"javascript:sonaar_ts_shortcode({ trackid:'0', time:'00:16:23', ts_id:'6927d5061264b', play_icon:'' }) ;\">[00:16:23]<\/a> Ce qui est \u00e9galement int\u00e9ressant, c&#8217;est qu&#8217;on raisonne souvent en se disant que l&#8217;homosexualit\u00e9 et l&#8217;h\u00e9t\u00e9rosexualit\u00e9 sont deux sexualit\u00e9s mutuellement exclusives : soit on est homosexuel, soit on est h\u00e9t\u00e9rosexuel. En r\u00e9alit\u00e9, c&#8217;est pas vraiment le cas. Et c&#8217;est quelque chose qui est bien connu du milieu scientifique depuis des dizaines d&#8217;ann\u00e9es parce qu&#8217;une des premi\u00e8res personnes \u00e0 avoir r\u00e9fl\u00e9chi \u00e0 ce sujet, c&#8217;est un professeur de biologie am\u00e9ricain qui s&#8217;appelle Charles Kinsey. Et lui, il \u00e9tait sp\u00e9cialis\u00e9 dans l&#8217;\u00e9tude de la sexualit\u00e9. Et dans les ann\u00e9es 30, il a cr\u00e9\u00e9 une \u00e9chelle qu&#8217;on appelle &#8220;l&#8217;\u00e9chelle de Kinsey&#8221; qui va de 0 \u00e0 6. Donc c&#8217;est une \u00e9chelle qui est gradu\u00e9e de 0 \u00e0 6. Quand on est \u00e0 0, on est 100% h\u00e9t\u00e9rosexuel et \u00e0 6, on est 100% homosexuel. Mais en r\u00e9alit\u00e9, la majorit\u00e9 des personnes se trouvent sur les chiffres interm\u00e9diaires, \u00e0 1 2 3 4 5. Tr\u00e8s souvent, on se situe entre les deux avec une attirance plus forte pour les personnes du sexe oppos\u00e9 ou les personnes du m\u00eame sexe. Mais ce sont pas deux sexualit\u00e9s qui sont mutuellement exclusives.<\/p>\n\n\n\n<p><a id=\"sonaar_ts-6927d50612650\" class=\"srmp3_sonaar_ts_shortcode\"  style=\"\" href=\"javascript:sonaar_ts_shortcode({ trackid:'0', time:'00:17:42', ts_id:'6927d50612650', play_icon:'' }) ;\">[00:17:42]<\/a> Autrement dit, c&#8217;est une question qui est beaucoup plus complexe que ce qu&#8217;on peut croire quand on voit les d\u00e9bats m\u00e9diatiques sur ce sujet. Donc c&#8217;est int\u00e9ressant d&#8217;avoir le recul scientifique, on peut dire, sur cette question, pour montrer que c&#8217;est beaucoup plus subtil que les caricatures qu&#8217;on peut voir dans certains m\u00e9dias.<\/p>\n\n\n\n<p><a id=\"sonaar_ts-6927d50612664\" class=\"srmp3_sonaar_ts_shortcode\"  style=\"\" href=\"javascript:sonaar_ts_shortcode({ trackid:'0', time:'00:18:11', ts_id:'6927d50612664', play_icon:'' }) ;\">[00:18:11]<\/a> L&#8217;\u00e9tape suivante, c&#8217;est l&#8217;adolescence (autrement dit, quand on a entre 11 et 16-17 ans). L&#8217;adolescence, c&#8217;est une phase qui est extr\u00eamement compliqu\u00e9e. On se pose beaucoup de questions sur notre identit\u00e9, sur notre sexualit\u00e9, sur la personne qu&#8217;on aimerait devenir, et on n&#8217;y trouve pas forc\u00e9ment de r\u00e9ponse. On a \u00e9norm\u00e9ment de doutes et peu de certitudes. Le probl\u00e8me, c&#8217;est que c&#8217;est l&#8217;\u00e2ge auquel la sexualit\u00e9 devient plus concr\u00e8te, donc on doit trouver des r\u00e9ponses rapidement.<\/p>\n\n\n\n<p><a id=\"sonaar_ts-6927d50612669\" class=\"srmp3_sonaar_ts_shortcode\"  style=\"\" href=\"javascript:sonaar_ts_shortcode({ trackid:'0', time:'00:18:43', ts_id:'6927d50612669', play_icon:'' }) ;\">[00:18:43]<\/a> Et pour les personnes homosexuelles, c&#8217;est encore plus compliqu\u00e9. Parce que, imaginez que vous \u00eates attir\u00e9 par quelqu&#8217;un, qu&#8217;une personne dans votre classe vous pla\u00eet beaucoup. La premi\u00e8re question, c&#8217;est de savoir si vous, vous lui plaisez. Donc \u00e7a, c&#8217;est une question que se pose tout le monde, les h\u00e9t\u00e9rosexuels et les homosexuels. Mais pour les personnes homosexuelles, il y a un deuxi\u00e8me risque : le risque que cette personne ne soit pas homosexuelle, qu&#8217;elle ne soit pas attir\u00e9e par les personnes du m\u00eame sexe. Autrement dit, il y a un double risque d&#8217;\u00eatre rejet\u00e9.<\/p>\n\n\n\n<p><a id=\"sonaar_ts-6927d50612671\" class=\"srmp3_sonaar_ts_shortcode\"  style=\"\" href=\"javascript:sonaar_ts_shortcode({ trackid:'0', time:'00:19:20', ts_id:'6927d50612671', play_icon:'' }) ;\">[00:19:20]<\/a> C&#8217;est vraiment difficile, \u00e0 cet \u00e2ge-l\u00e0, d&#8217;avoir le courage d&#8217;avouer son homosexualit\u00e9 \u00e0 quelqu&#8217;un d&#8217;autre ou d&#8217;avouer son attirance \u00e0 une autre personne. \u00c7a, c&#8217;est quelque chose qui a \u00e9t\u00e9 tr\u00e8s bien illustr\u00e9 par un film qui s&#8217;appelle La Vie d&#8217;Ad\u00e8le r\u00e9alis\u00e9 par Abdellatif Kechiche. C&#8217;est un film qui a re\u00e7u la Palme d&#8217;or au Festival de Cannes en 2013 et qui raconte l&#8217;histoire d&#8217;Ad\u00e8le, une jeune fille de 15 ans qui, comme toutes ses copines au lyc\u00e9e, commence une relation avec un gar\u00e7on. Mais cette relation se passe pas tr\u00e8s bien. Ad\u00e8le ne ressent pas vraiment d&#8217;attirance pour ce gar\u00e7on donc \u00e7a ne marche pas et elle d\u00e9cide de le quitter.<\/p>\n\n\n\n<p><a id=\"sonaar_ts-6927d50612676\" class=\"srmp3_sonaar_ts_shortcode\"  style=\"\" href=\"javascript:sonaar_ts_shortcode({ trackid:'0', time:'00:20:06', ts_id:'6927d50612676', play_icon:'' }) ;\">[00:20:06]<\/a> Et puis, un peu plus tard, elle rencontre Emma, une autre jeune fille qui est un peu plus \u00e2g\u00e9e qu&#8217;elle, qui a 22 ans, qui est \u00e9tudiante aux Beaux-Arts (elle a les cheveux bleus). Et l\u00e0, entre Ad\u00e8le et Emma, c&#8217;est le coup de foudre (autrement dit Ad\u00e8le tombe imm\u00e9diatement amoureuse d&#8217;Emma &#8211; le coup de foudre). \u00c0 ce moment-l\u00e0, Ad\u00e8le ressent une r\u00e9elle attraction et elle va d\u00e9couvrir sa sexualit\u00e9 avec Emma qui a un peu plus d&#8217;exp\u00e9rience qu&#8217;elle.<\/p>\n\n\n\n<p><a id=\"sonaar_ts-6927d5061267b\" class=\"srmp3_sonaar_ts_shortcode\"  style=\"\" href=\"javascript:sonaar_ts_shortcode({ trackid:'0', time:'00:20:36', ts_id:'6927d5061267b', play_icon:'' }) ;\">[00:20:36]<\/a> Malheureusement, c&#8217;est assez difficile \u00e0 cet \u00e2ge d&#8217;assumer son homosexualit\u00e9 parce que, au coll\u00e8ge et au lyc\u00e9e, il y a une \u00e9norme pression pour se fondre dans la masse. &#8220;Se fondre dans la masse&#8221;, c&#8217;est une expression pour dire que vous allez vous conformer au groupe, que vous allez faire exactement les m\u00eames choses que le groupe. Comme \u00e7a, vous allez pouvoir dispara\u00eetre \u00e0 l&#8217;int\u00e9rieur &#8211; se fondre dans la masse.<\/p>\n\n\n\n<p><a id=\"sonaar_ts-6927d50612680\" class=\"srmp3_sonaar_ts_shortcode\"  style=\"\" href=\"javascript:sonaar_ts_shortcode({ trackid:'0', time:'00:21:05', ts_id:'6927d50612680', play_icon:'' }) ;\">[00:21:05]<\/a> Donc le coll\u00e8ge et le lyc\u00e9e, comme tous les \u00e9l\u00e8ves se posent \u00e9norm\u00e9ment de questions sur leur propre identit\u00e9, et peut-\u00eatre leur propre sexualit\u00e9, eh bien il y a cette forme de pression. Il faut s&#8217;affirmer et rejoindre un groupe. Et \u00e0 ce moment-l\u00e0, il y a \u00e9norm\u00e9ment d&#8217;\u00e9l\u00e8ves qui n&#8217;arrivent pas \u00e0 se conformer, qui n&#8217;arrivent pas \u00e0 rentrer dans un groupe. Et \u00e0 ce moment-l\u00e0, ils se font attaquer, ils se font insulter par les autres. Et une cat\u00e9gorie d&#8217;insultes qui est tr\u00e8s populaire dans les cours de r\u00e9cr\u00e9ation au coll\u00e8ge et au lyc\u00e9e, ce sont les insultes sur l&#8217;homosexualit\u00e9.<\/p>\n\n\n\n<p><a id=\"sonaar_ts-6927d50612685\" class=\"srmp3_sonaar_ts_shortcode\"  style=\"\" href=\"javascript:sonaar_ts_shortcode({ trackid:'0', time:'00:21:45', ts_id:'6927d50612685', play_icon:'' }) ;\">[00:21:45]<\/a> En plus de cette pression au coll\u00e8ge et au lyc\u00e9e, il y a une pression aussi au sein de la famille. L&#8217;adolescence, c&#8217;est souvent l&#8217;\u00e2ge auquel les personnes homosexuelles d\u00e9cident de faire leur coming out. Donc oui, vous voyez, on utilise aussi le mot, l&#8217;expression anglaise ici, on dit &#8220;faire son coming out&#8221;. Ou la version fran\u00e7aise c&#8217;est &#8220;sortir du placard&#8221;, une traduction litt\u00e9rale, l\u00e0 aussi, de l&#8217;anglais, &#8220;sortir du placard&#8221;. Mais je dirais qu&#8217;on l&#8217;utilise un peu moins souvent que &#8220;faire son coming out&#8221;.<\/p>\n\n\n\n<p><a id=\"sonaar_ts-6927d5061268d\" class=\"srmp3_sonaar_ts_shortcode\"  style=\"\" href=\"javascript:sonaar_ts_shortcode({ trackid:'0', time:'00:22:21', ts_id:'6927d5061268d', play_icon:'' }) ;\">[00:22:21]<\/a> Et comme vous pouvez l&#8217;imaginer, faire ce genre d&#8217;annonce \u00e0 ses proches, \u00e0 sa famille, c&#8217;est quelque chose qui demande une sacr\u00e9e dose de courage. Parce que c&#8217;est difficile de savoir quelle va \u00eatre la r\u00e9action de notre famille. Est-ce que notre famille va accepter notre homosexualit\u00e9 ? Est-ce qu&#8217;elle va, peut-\u00eatre, \u00eatre d\u00e9\u00e7ue (montrer de la d\u00e9ception) ou carr\u00e9ment nous rejeter ?<\/p>\n\n\n\n<p><a id=\"sonaar_ts-6927d50612693\" class=\"srmp3_sonaar_ts_shortcode\"  style=\"\" href=\"javascript:sonaar_ts_shortcode({ trackid:'0', time:'00:22:50', ts_id:'6927d50612693', play_icon:'' }) ;\">[00:22:50]<\/a> Apr\u00e8s le lyc\u00e9e, on entre vraiment \u00e0 l&#8217;\u00e2ge adulte et une grande partie des jeunes d\u00e9cide de faire des \u00e9tudes.<\/p>\n\n\n\n<p><a id=\"sonaar_ts-6927d50612698\" class=\"srmp3_sonaar_ts_shortcode\"  style=\"\" href=\"javascript:sonaar_ts_shortcode({ trackid:'0', time:'00:22:58', ts_id:'6927d50612698', play_icon:'' }) ;\">[00:22:58]<\/a> \u00c0 ce moment-l\u00e0, pour les personnes homosexuelles, \u00e7a peut \u00eatre une v\u00e9ritable phase de lib\u00e9ration parce que beaucoup d&#8217;entre elles quittent la ville o\u00f9 elles ont fait leur coll\u00e8ge et leur lyc\u00e9e pour aller, souvent, dans une ville plus grande, dans une universit\u00e9.<\/p>\n\n\n\n<p><a id=\"sonaar_ts-6927d5061269c\" class=\"srmp3_sonaar_ts_shortcode\"  style=\"\" href=\"javascript:sonaar_ts_shortcode({ trackid:'0', time:'00:23:18', ts_id:'6927d5061269c', play_icon:'' }) ;\">[00:23:18]<\/a> Je dis que c&#8217;est une lib\u00e9ration parce que, dans les petites villes, c&#8217;est souvent plus difficile de vivre son homosexualit\u00e9 au grand jour (autrement dit, vivre son homosexualit\u00e9 ouvertement). C&#8217;est plus difficile parce que, dans les petites villes, tout le monde se conna\u00eet donc la famille a peur du qu\u2019en-dira-t-on. \u00c7a, &#8220;avoir peur du qu&#8217;en-dira-t-on&#8221;, autrement dit &#8220;qu&#8217;est ce qu&#8217;on va dire de \u00e7a ?&#8221;, &#8220;qu&#8217;en-dira-t-on&#8221;, c&#8217;est une expression pour dire que la famille a peur des r\u00e9actions des voisins, des r\u00e9actions des autres habitants, par rapport \u00e0 l&#8217;homosexualit\u00e9 de leurs enfants. Et certaines familles qui refusent cette homosexualit\u00e9 disent \u00e0 leur enfant que cette homosexualit\u00e9 leur fait honte, qu&#8217;elle provoque de la honte chez elles.<\/p>\n\n\n\n<p><a id=\"sonaar_ts-6927d506126a1\" class=\"srmp3_sonaar_ts_shortcode\"  style=\"\" href=\"javascript:sonaar_ts_shortcode({ trackid:'0', time:'00:24:10', ts_id:'6927d506126a1', play_icon:'' }) ;\">[00:24:10]<\/a> \u00c7a, \u00e7a a \u00e9t\u00e9 bien illustr\u00e9 par un roman qui s&#8217;appelle <em>En finir avec Eddy Bellgueule<\/em>, qui a \u00e9t\u00e9 \u00e9crit par un jeune auteur, Edouard Louis. Donc c&#8217;est un roman qui est largement inspir\u00e9 de sa propre vie, un roman autobiographique.<\/p>\n\n\n\n<p><a id=\"sonaar_ts-6927d506126a5\" class=\"srmp3_sonaar_ts_shortcode\"  style=\"\" href=\"javascript:sonaar_ts_shortcode({ trackid:'0', time:'00:24:30', ts_id:'6927d506126a5', play_icon:'' }) ;\">[00:24:30]<\/a> \u00c9douard Louis, il a grandi dans un village de Picardie et il avait des mani\u00e8res assez eff\u00e9min\u00e9es. Et \u00e0 cause de ses mani\u00e8res, il se faisait tr\u00e8s souvent insulter, \u00e0 la fois par ses camarades \u00e0 l&#8217;\u00e9cole et par sa propre famille qui l&#8217;humiliait r\u00e9guli\u00e8rement \u00e0 cause de ses mani\u00e8res qui ne correspondaient pas aux codes de son milieu social. Donc \u00c9douard Louis a essay\u00e9 de rentrer dans le moule, de se fondre dans la masse, mais il a pas r\u00e9ussi. Il a pas r\u00e9ussi \u00e0 faire semblant d&#8217;\u00eatre h\u00e9t\u00e9rosexuel. Donc finalement, il a d\u00e9cid\u00e9 de s&#8217;enfuir, d&#8217;aller au lyc\u00e9e dans une autre ville dans laquelle il a d\u00e9couvert un environnement diff\u00e9rent o\u00f9 il a pu assumer son homosexualit\u00e9 et la vivre au grand jour.<\/p>\n\n\n\n<p><a id=\"sonaar_ts-6927d506126ae\" class=\"srmp3_sonaar_ts_shortcode\"  style=\"\" href=\"javascript:sonaar_ts_shortcode({ trackid:'0', time:'00:25:22', ts_id:'6927d506126ae', play_icon:'' }) ;\">[00:25:22]<\/a> Donc c&#8217;est vrai que les grandes villes offrent une certaine forme de protection parce qu&#8217;il y a un certain anonymat. Donc on n&#8217;a pas peur de croiser quelqu&#8217;un qu&#8217;on conna\u00eet ou qui conna\u00eet notre famille. C&#8217;est plus facile d&#8217;assumer son homosexualit\u00e9 et de se montrer en public avec notre notre compagnon, avec une personne du m\u00eame sexe. Et puis dans les grandes villes, il y a aussi souvent des quartiers homosexuels, des quartiers gays. Par exemple en France, \u00e0 Paris, c&#8217;est le quartier du Marais. Un quartier dans lequel, dans les ann\u00e9es 80, il y avait beaucoup de bars et de restaurants pour une client\u00e8le gay, qui a permis \u00e0 ce public de se montrer ouvertement et d&#8217;assumer leur homosexualit\u00e9.<\/p>\n\n\n\n<p><a id=\"sonaar_ts-6927d506126b3\" class=\"srmp3_sonaar_ts_shortcode\"  style=\"\" href=\"javascript:sonaar_ts_shortcode({ trackid:'0', time:'00:26:23', ts_id:'6927d506126b3', play_icon:'' }) ;\">[00:26:23]<\/a> Apr\u00e8s les \u00e9tudes, on entre pleinement dans la vie adulte. On a notre premier travail, on a une certaine stabilit\u00e9 et peut-\u00eatre qu&#8217;on a rencontr\u00e9 quelqu&#8217;un qu&#8217;on fr\u00e9quente depuis plusieurs ann\u00e9es. Et on a envie que cette union devienne plus officielle. \u00c0 ce moment-l\u00e0, les gens d\u00e9cident en g\u00e9n\u00e9ral de se marier. Mais \u00e7a, c&#8217;\u00e9tait pas possible pour les personnes homosexuelles pendant tr\u00e8s longtemps.<\/p>\n\n\n\n<p><a id=\"sonaar_ts-6927d506126b8\" class=\"srmp3_sonaar_ts_shortcode\"  style=\"\" href=\"javascript:sonaar_ts_shortcode({ trackid:'0', time:'00:26:50', ts_id:'6927d506126b8', play_icon:'' }) ;\">[00:26:50]<\/a> Il y a eu une premi\u00e8re \u00e9tape qui \u00e9tait le Pacs, la cr\u00e9ation du Pacs. Donc le Pacs, c&#8217;est le pacte civil de solidarit\u00e9. Il a \u00e9t\u00e9 cr\u00e9\u00e9 en 1999 et son objectif, c&#8217;\u00e9tait de l\u00e9galiser les couples non mari\u00e9s, dont les couples homosexuels. Donc c&#8217;\u00e9tait pas une union qui \u00e9tait r\u00e9serv\u00e9e aux couples homosexuels, c&#8217;\u00e9tait une union pour tous les couples. Mais le Pacs a permis aux couples homosexuels de l\u00e9galiser leur union en leur donnant certains droits sociaux, certains droits fiscaux (qui concernent la fiscalit\u00e9, les imp\u00f4ts) et des droits successoraux (autrement dit, pour les questions d&#8217;h\u00e9ritage).<\/p>\n\n\n\n<p><a id=\"sonaar_ts-6927d506126bc\" class=\"srmp3_sonaar_ts_shortcode\"  style=\"\" href=\"javascript:sonaar_ts_shortcode({ trackid:'0', time:'00:27:36', ts_id:'6927d506126bc', play_icon:'' }) ;\">[00:27:36]<\/a> La cr\u00e9ation du Pacs, elle a \u00e9t\u00e9 en partie motiv\u00e9e par l&#8217;h\u00e9catombe du sida. Pendant les ann\u00e9es 80 et d\u00e9but des ann\u00e9es 90, cette nouvelle maladie, le sida, est apparue et elle a fait \u00e9norm\u00e9ment de morts parmi la communaut\u00e9 homosexuelle. Et comme les homosexuels n&#8217;avaient pas la possibilit\u00e9 de se marier, \u00e7a posait beaucoup de probl\u00e8mes ensuite pour les questions de succession et les questions d&#8217;h\u00e9ritage. Donc c&#8217;est en partie pour \u00e7a que le Pacs a \u00e9t\u00e9 cr\u00e9\u00e9.<\/p>\n\n\n\n<p><a id=\"sonaar_ts-6927d506126c1\" class=\"srmp3_sonaar_ts_shortcode\"  style=\"\" href=\"javascript:sonaar_ts_shortcode({ trackid:'0', time:'00:28:06', ts_id:'6927d506126c1', play_icon:'' }) ;\">[00:28:06]<\/a> En fait, c&#8217;\u00e9tait une sorte de statut interm\u00e9diaire qui \u00e9tait moins contraignant que le mariage. Par exemple quand on est pacs\u00e9, c&#8217;est plus facile de se s\u00e9parer que quand on est mari\u00e9 o\u00f9 il y a une proc\u00e9dure de divorce qui est assez longue et assez lourde. Quand on est pacs\u00e9, on peut se s\u00e9parer facilement, c&#8217;est une simple formalit\u00e9 administrative.<\/p>\n\n\n\n<p><a id=\"sonaar_ts-6927d506126c9\" class=\"srmp3_sonaar_ts_shortcode\"  style=\"\" href=\"javascript:sonaar_ts_shortcode({ trackid:'0', time:'00:28:29', ts_id:'6927d506126c9', play_icon:'' }) ;\">[00:28:29]<\/a> Bref, le Pacs, en 1999, a permis de donner un statut l\u00e9gal aux couples homosexuels. Aujourd&#8217;hui, le Pacs existe toujours et il est utilis\u00e9 aussi bien par les couples h\u00e9t\u00e9rosexuels qu&#8217;homosexuels. \u00c7a permet de donner plus de flexibilit\u00e9 et \u00e7a peut \u00eatre une premi\u00e8re \u00e9tape avant le mariage.<\/p>\n\n\n\n<p><a id=\"sonaar_ts-6927d506126ce\" class=\"srmp3_sonaar_ts_shortcode\"  style=\"\" href=\"javascript:sonaar_ts_shortcode({ trackid:'0', time:'00:28:50', ts_id:'6927d506126ce', play_icon:'' }) ;\">[00:28:50]<\/a> Une dizaine d&#8217;ann\u00e9es plus tard, en 2012, le gouvernement socialiste a ouvert les discussions concernant la possibilit\u00e9 pour les homosexuels de se marier. \u00c7a, \u00e7a a provoqu\u00e9 des d\u00e9bats tr\u00e8s intenses. La France a \u00e9t\u00e9 compl\u00e8tement divis\u00e9e en deux camps avec d&#8217;un c\u00f4t\u00e9, les personnes pro mariage gay (donc les personnes en faveur du mariage homosexuel) et d&#8217;un autre c\u00f4t\u00e9, le camp qui \u00e9tait oppos\u00e9 \u00e0 cette \u00e9volution, qui \u00e9tait repr\u00e9sent\u00e9 en grande partie par les \u00e9lecteurs de droite, d&#8217;extr\u00eame droite et les personnes catholiques.<\/p>\n\n\n\n<p><a id=\"sonaar_ts-6927d506126d2\" class=\"srmp3_sonaar_ts_shortcode\"  style=\"\" href=\"javascript:sonaar_ts_shortcode({ trackid:'0', time:'00:29:33', ts_id:'6927d506126d2', play_icon:'' }) ;\">[00:29:33]<\/a> Donc vraiment, il y a eu des d\u00e9bats tr\u00e8s virulents, des d\u00e9bats tr\u00e8s intenses. La soci\u00e9t\u00e9 \u00e9tait compl\u00e8tement divis\u00e9e sur cette question. Mais finalement, en 2013, la loi du mariage pour tous a \u00e9t\u00e9 adopt\u00e9e. Elle a \u00e9t\u00e9 vot\u00e9e au Parlement. Et \u00e0 ce moment-l\u00e0, la France est devenue le quatorzi\u00e8me pays du monde \u00e0 autoriser le mariage homosexuel. Depuis cette date, depuis le 23 avril 2013, la France a c\u00e9l\u00e9br\u00e9 plus de 40 000 mariages homosexuels.<\/p>\n\n\n\n<p><a id=\"sonaar_ts-6927d506126d7\" class=\"srmp3_sonaar_ts_shortcode\"  style=\"\" href=\"javascript:sonaar_ts_shortcode({ trackid:'0', time:'00:30:06', ts_id:'6927d506126d7', play_icon:'' }) ;\">[00:30:06]<\/a> En plus de la question du mariage, il y a aussi la question de la parentalit\u00e9. Donc en France, un couple mari\u00e9 a le droit d&#8217;adopter un enfant. Autrement dit, si un couple mari\u00e9 adopte un enfant, les deux membres du couple sont consid\u00e9r\u00e9s comme des parents. \u00c7a, c&#8217;\u00e9tait donc pas possible pour les homosexuels jusqu&#8217;\u00e0 l&#8217;adoption du mariage pour tous. Mais depuis cette loi, c&#8217;est l\u00e9gal pour les couples mari\u00e9s homosexuels d&#8217;adopter un enfant.<\/p>\n\n\n\n<p><a id=\"sonaar_ts-6927d506126dc\" class=\"srmp3_sonaar_ts_shortcode\"  style=\"\" href=\"javascript:sonaar_ts_shortcode({ trackid:'0', time:'00:30:41', ts_id:'6927d506126dc', play_icon:'' }) ;\">[00:30:41]<\/a> Une autre solution, c&#8217;est ce qu&#8217;on appelle &#8220;la procr\u00e9ation m\u00e9dicalement assist\u00e9e&#8221; (la PMA). Et \u00e7a, c&#8217;est un d\u00e9bat qui est toujours d&#8217;actualit\u00e9 aujourd&#8217;hui. En fait, la PMA, \u00e7a consiste \u00e0 recourir \u00e0 un don de sperme. Autrement dit, utiliser un don de sperme pour f\u00e9conder un ovule et pour avoir un enfant. La PMA, en France, est r\u00e9serv\u00e9e aux couples qui ont un probl\u00e8me de f\u00e9condit\u00e9, qui ont un probl\u00e8me biologique qui fait qu&#8217;ils ne peuvent pas avoir d&#8217;enfant.<\/p>\n\n\n\n<p><a id=\"sonaar_ts-6927d506126e0\" class=\"srmp3_sonaar_ts_shortcode\"  style=\"\" href=\"javascript:sonaar_ts_shortcode({ trackid:'0', time:'00:31:17', ts_id:'6927d506126e0', play_icon:'' }) ;\">[00:31:17]<\/a> Donc de facto, les couples homosexuels n&#8217;ont pas acc\u00e8s \u00e0 la PMA en France, \u00e0 la procr\u00e9ation m\u00e9dicalement assist\u00e9e. Ce qui fait que certaines femmes vont en Belgique ou en Espagne pour se faire ins\u00e9miner. Puis, ensuite, elles reviennent en France pour avoir cet enfant en France, et l&#8217;enfant est adopt\u00e9 par la conjointe. Autrement dit, gr\u00e2ce \u00e0 \u00e7a, les deux femmes du couple peuvent \u00eatre consid\u00e9r\u00e9es comme parents de cet enfant biologique. Donc \u00e7a, c&#8217;est une pratique qui est tol\u00e9r\u00e9e par la loi mais c&#8217;est pas tr\u00e8s pratique parce que \u00e7a oblige ces couples \u00e0 aller se faire ins\u00e9miner \u00e0 l&#8217;\u00e9tranger.<\/p>\n\n\n\n<p><a id=\"sonaar_ts-6927d506126e9\" class=\"srmp3_sonaar_ts_shortcode\"  style=\"\" href=\"javascript:sonaar_ts_shortcode({ trackid:'0', time:'00:32:02', ts_id:'6927d506126e9', play_icon:'' }) ;\">[00:32:02]<\/a> C&#8217;est pour \u00e7a que le pr\u00e9sident Emmanuel Macron, pendant la campagne pr\u00e9sidentielle, quand il \u00e9tait encore candidat, il a promis d&#8217;ouvrir la procr\u00e9ation m\u00e9dicalement assist\u00e9e \u00e0 tous les couples, donc \u00e9galement les couples homosexuels. Mais depuis sa promesse, il a pas fait de v\u00e9ritables efforts dans cette direction parce que, encore une fois, c&#8217;est un d\u00e9bat, c&#8217;est une question tr\u00e8s \u00e9pineuse en France, \u00e7a suscite beaucoup de pol\u00e9miques. Donc pour le moment, on peut dire que c&#8217;est un peu en standby.<\/p>\n\n\n\n<p><a id=\"sonaar_ts-6927d506126ed\" class=\"srmp3_sonaar_ts_shortcode\"  style=\"\" href=\"javascript:sonaar_ts_shortcode({ trackid:'0', time:'00:32:43', ts_id:'6927d506126ed', play_icon:'' }) ;\">[00:32:43]<\/a> Avec tout \u00e7a, on peut avoir l&#8217;impression que la situation pour les personnes LGBTQ+ en France est assez favorable. C&#8217;est vrai qu&#8217;en th\u00e9orie, les couples homosexuels ont les m\u00eames droits que les couples h\u00e9t\u00e9rosexuels.<\/p>\n\n\n\n<p><a id=\"sonaar_ts-6927d506126f2\" class=\"srmp3_sonaar_ts_shortcode\"  style=\"\" href=\"javascript:sonaar_ts_shortcode({ trackid:'0', time:'00:32:59', ts_id:'6927d506126f2', play_icon:'' }) ;\">[00:32:59]<\/a> Malheureusement, on voit dans la r\u00e9alit\u00e9 des faits que le droit \u00e9volue plus rapidement que les mentalit\u00e9s. C&#8217;est plus difficile de faire changer les mentalit\u00e9s que de changer la loi. Je dis \u00e7a parce que les discriminations homophobes sont toujours tr\u00e8s pr\u00e9sentes, notamment dans le monde du travail. Malheureusement, les insultes ne s&#8217;arr\u00eatent pas \u00e0 la cour de r\u00e9cr\u00e9ation. M\u00eame plus tard, quand on est adulte et qu&#8217;on travaille, on peut \u00eatre victime d&#8217;insultes ou d&#8217;agressions de la part de certains de nos coll\u00e8gues.<\/p>\n\n\n\n<p><a id=\"sonaar_ts-6927d506126f7\" class=\"srmp3_sonaar_ts_shortcode\"  style=\"\" href=\"javascript:sonaar_ts_shortcode({ trackid:'0', time:'00:33:35', ts_id:'6927d506126f7', play_icon:'' }) ;\">[00:33:35]<\/a> Dans le rapport de SOS Homophobie, on voit que la moiti\u00e9 des personnes homosexuelles interrog\u00e9es d\u00e9cident de ne pas faire leur coming out au travail parce qu&#8217;elles ont peur des cons\u00e9quences. Elles ont peur de la r\u00e9action de leurs coll\u00e8gues, mais aussi des cons\u00e9quences, des effets n\u00e9gatifs que ce coming out pourrait avoir pour leur carri\u00e8re. Ce qui fait que beaucoup de personnes homosexuelles sont oblig\u00e9es de cacher leur sexualit\u00e9, ce qui peut \u00eatre assez compliqu\u00e9 parce qu&#8217;au travail, on parle souvent de notre weekend, de nos vacances, de notre conjoint, de la personne qui partage notre vie. Donc c&#8217;est quelque chose qui est assez difficile \u00e0 cacher, qui oblige peut-\u00eatre \u00e0 mentir. Ce qui fait que c&#8217;est difficile d&#8217;\u00eatre \u00e0 l&#8217;aise dans ce contexte.<\/p>\n\n\n\n<p><a id=\"sonaar_ts-6927d506126fb\" class=\"srmp3_sonaar_ts_shortcode\"  style=\"\" href=\"javascript:sonaar_ts_shortcode({ trackid:'0', time:'00:34:26', ts_id:'6927d506126fb', play_icon:'' }) ;\">[00:34:26]<\/a> Un autre signe qui montre que la situation n&#8217;est pas rose pour les personnes homosexuelles, c&#8217;est que le nombre d&#8217;agressions homophobes augmente depuis 2016. \u00c7a, c&#8217;est toujours selon le m\u00eame rapport, le rapport de SOS homophobie. Donc c&#8217;est des agressions qui peuvent \u00eatre physiques, des agressions verbales avec des insultes, qui tr\u00e8s souvent ont lieu dans les espaces publics suite \u00e0 un geste d&#8217;affection. Vous pouvez imaginer un couple homosexuel qui se tient par la main ou qui d\u00e9cide de s&#8217;embrasser. Et ce geste provoque des r\u00e9actions parfois violentes des personnes qui se trouvent dans le m\u00eame lieu et qui voient cette sc\u00e8ne.<\/p>\n\n\n\n<p><a id=\"sonaar_ts-6927d50612700\" class=\"srmp3_sonaar_ts_shortcode\"  style=\"\" href=\"javascript:sonaar_ts_shortcode({ trackid:'0', time:'00:35:12', ts_id:'6927d50612700', play_icon:'' }) ;\">[00:35:12]<\/a> Ces agressions, elles ont lieu \u00e9galement sur les r\u00e9seaux sociaux. Donc on voit \u00e9norm\u00e9ment de haine, que ce soit sur Facebook ou sur Twitter parfois, qui visent les personnes homosexuelles avec, encore une fois, des insultes, des menaces.<\/p>\n\n\n\n<p><a id=\"sonaar_ts-6927d50612708\" class=\"srmp3_sonaar_ts_shortcode\"  style=\"\" href=\"javascript:sonaar_ts_shortcode({ trackid:'0', time:'00:35:26', ts_id:'6927d50612708', play_icon:'' }) ;\">[00:35:26]<\/a> Et puis \u00e9videmment, il y a des agressions qui peuvent venir de la part des voisins ou alors des personnes de notre club de sport, m\u00eame parfois des m\u00e9decins qu&#8217;on doit fr\u00e9quenter. Bref, quand je regardais ce rapport de SOS homophobie et toutes les diff\u00e9rentes cat\u00e9gories, tous les diff\u00e9rents domaines dans lesquels les personnes \u00e9taient victimes de ces agressions, j&#8217;\u00e9tais vraiment choqu\u00e9 parce que, quand on n&#8217;est pas victime de discrimination ou d&#8217;agression, quand on est blanc privil\u00e9gi\u00e9 comme moi, c&#8217;est difficile de se rendre compte de l&#8217;\u00e9chelle, de l&#8217;\u00e9tendue de tous ces risques qu&#8217;on court au quotidien, et de tous ces domaines dans lesquels on peut \u00eatre victime d&#8217;agressions ou d&#8217;insultes.<\/p>\n\n\n\n<p><a id=\"sonaar_ts-6927d5061270d\" class=\"srmp3_sonaar_ts_shortcode\"  style=\"\" href=\"javascript:sonaar_ts_shortcode({ trackid:'0', time:'00:36:23', ts_id:'6927d5061270d', play_icon:'' }) ;\">[00:36:23]<\/a> En conclusion, vous voyez que la situation des personnes LGBTQ+ en France a beaucoup progress\u00e9 au niveau l\u00e9gal. Aujourd&#8217;hui, les couples homosexuels ont quasiment les m\u00eames droits que les couples h\u00e9t\u00e9rosexuels. Il reste encore cette question de la PMA, de la procr\u00e9ation m\u00e9dicalement assist\u00e9e. Mais \u00e0 c\u00f4t\u00e9 de \u00e7a, le nombre d&#8217;agressions physiques et verbales, les insultes, montrent qu&#8217;il reste encore beaucoup de chemin \u00e0 parcourir pour que les mentalit\u00e9s \u00e9voluent.<\/p>\n\n\n\n<p><a id=\"sonaar_ts-6927d50612711\" class=\"srmp3_sonaar_ts_shortcode\"  style=\"\" href=\"javascript:sonaar_ts_shortcode({ trackid:'0', time:'00:36:57', ts_id:'6927d50612711', play_icon:'' }) ;\">[00:36:57]<\/a> Avant de finir, on va \u00e9couter un deuxi\u00e8me t\u00e9moignage, celui de Chakrit.<\/p>\n\n\n\n<p><em>Salut Hugo,<\/em><\/p>\n\n\n\n<p><em>Je m&#8217;appelle Chakrit, je suis tha\u00eflandais mais maintenant j&#8217;habite \u00e0 Pompano Beach. C&#8217;est une ville qui se trouve \u00e0 60 km au nord de Miami, en Floride, aux Etats-Unis. <\/em><\/p>\n\n\n\n<p><em>F\u00e9licitations pour les deux ans de ton podcast. Je trouve que ton podcast est parfait pour mon niveau de fran\u00e7ais.<\/em><\/p>\n\n\n\n<p><em>J&#8217;ai commenc\u00e9 d&#8217;apprendre le fran\u00e7ais \u00e0 l&#8217;Alliance fran\u00e7aise de Bangkok il y a dix ans. \u00c0 cette \u00e9poque, je voulais apprendre une troisi\u00e8me langue. J&#8217;ai pens\u00e9 \u00e0 apprendre le mandarin mais je ne voulais pas apprendre \u00e0 l&#8217;\u00e9crire. Alors j&#8217;ai choisi le fran\u00e7ais parce que je connaissais l&#8217;alphabet et c&#8217;est une des langues internationales. <\/em><\/p>\n\n\n\n<p><em>J&#8217;ai trouv\u00e9 ton podcast sur Google et je suis devenu fan. Mes \u00e9pisodes pr\u00e9f\u00e9r\u00e9s sont ceux du Petit Prince, la beaut\u00e9 et surtout tes vacances en Tha\u00eflande ! Je suis ravi que tu te sois amus\u00e9 l\u00e0-bas. <\/em><\/p>\n\n\n\n<p><em>Merci encore pour ton travail. J&#8217;attends avec impatience d&#8217;\u00eatre dans deux semaines pour un nouvel \u00e9pisode.<\/em><\/p>\n\n\n\n<p><a id=\"sonaar_ts-6927d50612716\" class=\"srmp3_sonaar_ts_shortcode\"  style=\"\" href=\"javascript:sonaar_ts_shortcode({ trackid:'0', time:'00:38:30', ts_id:'6927d50612716', play_icon:'' }) ;\">[00:38:30]<\/a> Merci Chakrit pour cet enregistrement. \u00c7a me fait plaisir parce que je vois que tu as une longue histoire avec le fran\u00e7ais, \u00e7a fait d\u00e9j\u00e0 10 ans que tu as commenc\u00e9 ton aventure. Donc \u00e7a, \u00e7a vous montre que c&#8217;est quelque chose qui prend du temps, et je vous le r\u00e9p\u00e8te souvent. On a, dans le podcast, beaucoup de t\u00e9moignages de personnes qui ont appris le fran\u00e7ais rapidement donc \u00e7a peut \u00eatre un peu d\u00e9courageant (si \u00e7a n&#8217;est pas votre cas). Mais la r\u00e8gle g\u00e9n\u00e9rale, c&#8217;est plut\u00f4t qu&#8217;apprendre une langue, \u00e7a prend des ann\u00e9es. C&#8217;est un marathon. Donc ne vous d\u00e9couragez pas et faites comme Chakrit : continuez d&#8217;apprendre et soyez patient.<\/p>\n\n\n\n<p><a id=\"sonaar_ts-6927d5061271f\" class=\"srmp3_sonaar_ts_shortcode\"  style=\"\" href=\"javascript:sonaar_ts_shortcode({ trackid:'0', time:'00:39:09', ts_id:'6927d5061271f', play_icon:'' }) ;\">[00:39:09]<\/a> Ensuite, concernant tes \u00e9pisodes pr\u00e9f\u00e9r\u00e9s, bah sache que tu n&#8217;es pas le seul parce que cet \u00e9pisode sur mes vacances en Tha\u00eflande, c&#8217;est un des plus populaires de l&#8217;histoire du podcast. Moi, j&#8217;en \u00e9tais un peu surpris. C&#8217;\u00e9tait un peu bizarre de voir que ces \u00e9pisodes plus personnels vous int\u00e9ressent autant. Donc je pense que je vais peut-\u00eatre essayer d&#8217;en faire d&#8217;autres dans ce style-l\u00e0 \u00e0 l&#8217;avenir.<\/p>\n\n\n\n<p><a id=\"sonaar_ts-6927d50612723\" class=\"srmp3_sonaar_ts_shortcode\"  style=\"\" href=\"javascript:sonaar_ts_shortcode({ trackid:'0', time:'00:39:33', ts_id:'6927d50612723', play_icon:'' }) ;\">[00:39:33]<\/a> Ok, c&#8217;est tout pour aujourd&#8217;hui. On va s&#8217;arr\u00eater l\u00e0. J&#8217;esp\u00e8re que cet \u00e9pisode vous a plu. On se retrouve dans deux semaines pour un nouvel \u00e9pisode et en attendant, n&#8217;oubliez pas de faire un peu de fran\u00e7ais tous les jours. \u00c0 bient\u00f4t, ciao !<\/p>\n\n\n\n<p><\/p>\n","protected":false},"excerpt":{"rendered":"<p>Salut \u00e0 toutes et \u00e0 tous, bienvenue. Je suis tr\u00e8s content de vous retrouver pour ce nouvel \u00e9pisode. On va passer une trentaine de minutes ensemble pour parler un peu en fran\u00e7ais. Enfin, c&#8217;est surtout moi qui vais parler et vous, vous allez m&#8217;\u00e9couter ! L&#8217;objectif de ce podcast, si c&#8217;est la premi\u00e8re fois que&#8230;<\/p>\n","protected":false},"author":1,"featured_media":199253,"comment_status":"open","ping_status":"open","sticky":false,"template":"","format":[189],"meta":{"_acf_changed":false,"_kad_blocks_custom_css":"","_kad_blocks_head_custom_js":"","_kad_blocks_body_custom_js":"","_kad_blocks_footer_custom_js":"","_kad_post_transparent":"","_kad_post_title":"","_kad_post_layout":"","_kad_post_sidebar_id":"","_kad_post_content_style":"","_kad_post_vertical_padding":"","_kad_post_feature":"","_kad_post_feature_position":"","_kad_post_header":false,"_kad_post_footer":false,"_kad_post_classname":"","footnotes":""},"categories":[168],"tags":[173,175,172],"class_list":["post-2423","post","type-post","status-publish","format-standard","has-post-thumbnail","hentry","category-podcast","tag-feminisme","tag-france","tag-societe","format-solo-hugo"],"acf":[],"taxonomy_info":{"category":[{"value":168,"label":"Podcast"}],"post_tag":[{"value":173,"label":"F\u00e9minisme"},{"value":175,"label":"France"},{"value":172,"label":"Soci\u00e9t\u00e9"}],"format":[{"value":189,"label":"Solo Hugo"}]},"featured_image_src_large":["https:\/\/innerfrench.com\/wp-content\/uploads\/2019\/06\/LGBTQ-e1718021006804-750x406.jpg",750,406,true],"author_info":{"display_name":"Hugo","author_link":"https:\/\/innerfrench.com\/author\/innerfrench-2-2-2-2-2-2-2-2-2-2-2-2-2-2-2-2-2-2-2\/"},"comment_info":9,"category_info":[{"term_id":168,"name":"Podcast","slug":"podcast","term_group":0,"term_taxonomy_id":168,"taxonomy":"category","description":"","parent":0,"count":185,"filter":"raw","cat_ID":168,"category_count":185,"category_description":"","cat_name":"Podcast","category_nicename":"podcast","category_parent":0}],"tag_info":[{"term_id":173,"name":"F\u00e9minisme","slug":"feminisme","term_group":0,"term_taxonomy_id":173,"taxonomy":"post_tag","description":"","parent":0,"count":11,"filter":"raw"},{"term_id":175,"name":"France","slug":"france","term_group":0,"term_taxonomy_id":175,"taxonomy":"post_tag","description":"","parent":0,"count":100,"filter":"raw"},{"term_id":172,"name":"Soci\u00e9t\u00e9","slug":"societe","term_group":0,"term_taxonomy_id":172,"taxonomy":"post_tag","description":"","parent":0,"count":94,"filter":"raw"}],"_links":{"self":[{"href":"https:\/\/innerfrench.com\/wp-json\/wp\/v2\/posts\/2423","targetHints":{"allow":["GET"]}}],"collection":[{"href":"https:\/\/innerfrench.com\/wp-json\/wp\/v2\/posts"}],"about":[{"href":"https:\/\/innerfrench.com\/wp-json\/wp\/v2\/types\/post"}],"author":[{"embeddable":true,"href":"https:\/\/innerfrench.com\/wp-json\/wp\/v2\/users\/1"}],"replies":[{"embeddable":true,"href":"https:\/\/innerfrench.com\/wp-json\/wp\/v2\/comments?post=2423"}],"version-history":[{"count":3,"href":"https:\/\/innerfrench.com\/wp-json\/wp\/v2\/posts\/2423\/revisions"}],"predecessor-version":[{"id":294451,"href":"https:\/\/innerfrench.com\/wp-json\/wp\/v2\/posts\/2423\/revisions\/294451"}],"wp:featuredmedia":[{"embeddable":true,"href":"https:\/\/innerfrench.com\/wp-json\/wp\/v2\/media\/199253"}],"wp:attachment":[{"href":"https:\/\/innerfrench.com\/wp-json\/wp\/v2\/media?parent=2423"}],"wp:term":[{"taxonomy":"category","embeddable":true,"href":"https:\/\/innerfrench.com\/wp-json\/wp\/v2\/categories?post=2423"},{"taxonomy":"post_tag","embeddable":true,"href":"https:\/\/innerfrench.com\/wp-json\/wp\/v2\/tags?post=2423"},{"taxonomy":"format","embeddable":true,"href":"https:\/\/innerfrench.com\/wp-json\/wp\/v2\/format?post=2423"}],"curies":[{"name":"wp","href":"https:\/\/api.w.org\/{rel}","templated":true}]}}