{"id":2467,"date":"2019-07-04T09:36:07","date_gmt":"2019-07-04T07:36:07","guid":{"rendered":"https:\/\/innerfrench.com\/?p=2467"},"modified":"2025-10-01T09:59:28","modified_gmt":"2025-10-01T07:59:28","slug":"69-tour-de-france","status":"publish","type":"post","link":"https:\/\/innerfrench.com\/69-tour-de-france\/","title":{"rendered":"#69 Le Tour de France"},"content":{"rendered":"\n<p>Salut \u00e0 toutes et \u00e0 tous, bienvenue pour ce nouvel \u00e9pisode ! J&#8217;esp\u00e8re que vous \u00eates en forme. Moi oui parce que je rentre juste d&#8217;un petit week end \u00e0 Paris. Si vous \u00eates abonn\u00e9 \u00e0 ma cha\u00eene Youtube, vous le savez d\u00e9j\u00e0 parce que j&#8217;ai publi\u00e9 <a href=\"https:\/\/www.youtube.com\/watch?v=e7VAXU8gJ_Q\" target=\"_blank\" rel=\"noopener\">une vid\u00e9o<\/a> sur ce sujet. Pour ceux qui ne l&#8217;ont pas vue, c&#8217;est une vid\u00e9o un peu diff\u00e9rente avec un nouveau format : le vlogabulaire. En fait, dans cette vid\u00e9o, j&#8217;essaye de vous montrer du vocabulaire en contexte. Et cette fois, c&#8217;\u00e9tait du vocabulaire qui concernait l&#8217;a\u00e9roport, prendre l&#8217;avion etc. Si vous ne l&#8217;avez pas encore vue, je vous encourage \u00e0 aller faire un tour sur ma cha\u00eene YouTube. Je pense que \u00e7a pourrait peut-\u00eatre vous int\u00e9resser.<\/p>\n\n\n\n<p><a id=\"sonaar_ts-6927d15990f83\" class=\"srmp3_sonaar_ts_shortcode\"  style=\"\" href=\"javascript:sonaar_ts_shortcode({ trackid:'0', time:'00:00:57', ts_id:'6927d15990f83', play_icon:'' }) ;\">[00:00:57]<\/a> En fait, j&#8217;\u00e9tais \u00e0 Paris pas pour le plaisir mais parce que j&#8217;ai commenc\u00e9 \u00e0 travailler sur mon nouveau cours. Donc c&#8217;est la suite de <em>Build a Strong Core<\/em>. Et dans ce cours, je vais int\u00e9grer davantage de conversations entre Fran\u00e7ais. Pour \u00e7a, je suis all\u00e9 faire des interviews \u00e0 Paris donc, je suis all\u00e9 interviewer diff\u00e9rents amis pour leur faire raconter des histoires personnelles, des anecdotes. Je suis tr\u00e8s content du r\u00e9sultat ! Ils ont vraiment racont\u00e9 des choses tr\u00e8s int\u00e9ressantes. Je suis s\u00fbr que \u00e7a va vous plaire et je suis impatient de pouvoir terminer ce cours pour vous le proposer. Bon, \u00e7a va me prendre encore un peu de temps, il reste beaucoup de travail. Mais j&#8217;esp\u00e8re que je pourrai le sortir \u00e0 la rentr\u00e9e, au mois de septembre.<\/p>\n\n\n\n<p><a id=\"sonaar_ts-6927d15990f93\" class=\"srmp3_sonaar_ts_shortcode\"  style=\"\" href=\"javascript:sonaar_ts_shortcode({ trackid:'0', time:'00:01:49', ts_id:'6927d15990f93', play_icon:'' }) ;\">[00:01:49]<\/a> Je suis tr\u00e8s content \u00e9galement parce que la semaine derni\u00e8re, le podcast a d\u00e9pass\u00e9 le million de t\u00e9l\u00e9chargements ! Le podcast innerFrench a \u00e9t\u00e9 t\u00e9l\u00e9charg\u00e9 plus d&#8217;un million de fois. C&#8217;est vraiment incroyable ! Quand j&#8217;ai commenc\u00e9 ce podcast, il y a un peu plus de deux ans maintenant, j&#8217;imaginais pas qu&#8217;il y aurait autant de personnes qui seraient int\u00e9ress\u00e9es et qui auraient envie de l&#8217;\u00e9couter. J&#8217;en profite pour vous remercier : un grand merci \u00e0 vous. C&#8217;est vraiment gr\u00e2ce \u00e0 vous que ce podcast existe, gr\u00e2ce \u00e0 vos encouragements, aux email que vous m&#8217;envoyez. On a fait du bon travail tous ensemble et je suis motiv\u00e9 pour continuer le plus longtemps possible !<\/p>\n\n\n\n<p><a id=\"sonaar_ts-6927d15990f9a\" class=\"srmp3_sonaar_ts_shortcode\"  style=\"\" href=\"javascript:sonaar_ts_shortcode({ trackid:'0', time:'00:02:33', ts_id:'6927d15990f9a', play_icon:'' }) ;\">[00:02:33]<\/a> Notre sujet du jour, c&#8217;est un grand \u00e9v\u00e8nement sportif. Et il ne s&#8217;agit pas de la Coupe du Monde de foot f\u00e9minin. Parce que peut-\u00eatre que vous le savez, mais la Coupe du Monde de foot f\u00e9minin a lieu en France cette ann\u00e9e, et malheureusement l&#8217;\u00e9quipe de France a \u00e9t\u00e9 \u00e9limin\u00e9e. Mais bon, on n&#8217;est pas trop tristes parce qu&#8217;elle a perdu face \u00e0 l&#8217;\u00e9quipe am\u00e9ricaine qui est consid\u00e9r\u00e9e comme la meilleure du monde. Donc voil\u00e0, c&#8217;\u00e9tait une d\u00e9faite assez logique et l&#8217;\u00e9quipe de France s&#8217;est bien battue donc on n&#8217;a pas vraiment de regrets. Et le match a offert un beau spectacle.<\/p>\n\n\n\n<p><a id=\"sonaar_ts-6927d15990fa0\" class=\"srmp3_sonaar_ts_shortcode\"  style=\"\" href=\"javascript:sonaar_ts_shortcode({ trackid:'0', time:'00:03:11', ts_id:'6927d15990fa0', play_icon:'' }) ;\">[00:03:11]<\/a> On va pas parler de foot, aujourd&#8217;hui, mais d&#8217;un autre grand \u00e9v\u00e8nement sportif : le Tour de France. Alors moi, personnellement, je suis pas un amateur de cyclisme, c&#8217;est pas le sport que je pr\u00e9f\u00e8re regarder. J&#8217;aime bien faire du v\u00e9lo mais bon, je suis loin d&#8217;avoir les performances des coureurs du Tour de France ! Par contre, c&#8217;est un \u00e9v\u00e8nement qui occupe une place tr\u00e8s importante dans l&#8217;imaginaire collectif des Fran\u00e7ais. Alors je me suis demand\u00e9 pourquoi et comment le Tour de France est devenu une course aussi l\u00e9gendaire. Et c&#8217;est ce que je vais essayer de vous expliquer dans cet \u00e9pisode. Mais avant \u00e7a, comme d&#8217;habitude, on va \u00e9couter le t\u00e9moignage d&#8217;un auditeur du podcast.<\/p>\n\n\n\n<p><a id=\"sonaar_ts-6927d15990fa5\" class=\"srmp3_sonaar_ts_shortcode\"  style=\"\" href=\"javascript:sonaar_ts_shortcode({ trackid:'0', time:'00:03:55', ts_id:'6927d15990fa5', play_icon:'' }) ;\">[00:03:55]<\/a> <em>Salut Hugo et salut \u00e0 tous,<\/em><\/p>\n\n\n\n<p><em>Je m&#8217;appelle Mingzhe ou vous pouvez m&#8217;appeler Brandon si c&#8217;est plus facile pour vous (c&#8217;est mon nom anglais). Je suis chinois mais j&#8217;habite et travaille comme ing\u00e9nieur logiciel aux Etats-Unis. J&#8217;apprends le fran\u00e7ais depuis novembre 2018 et j&#8217;\u00e9coute le podcast depuis un mois environ. J&#8217;aime beaucoup ce podcast, pas seulement parce qu&#8217;il est tr\u00e8s utile pour apprendre le fran\u00e7ais, mais aussi parce qu&#8217;il y a des sujets tr\u00e8s int\u00e9ressants. Moi, je pr\u00e9f\u00e8re les sujets culturels.<\/em><\/p>\n\n\n\n<p><a id=\"sonaar_ts-6927d15990fab\" class=\"srmp3_sonaar_ts_shortcode\"  style=\"\" href=\"javascript:sonaar_ts_shortcode({ trackid:'0', time:'00:04:33', ts_id:'6927d15990fab', play_icon:'' }) ;\">[00:04:33]<\/a><em>J&#8217;ai toujours l&#8217;impression que le fran\u00e7ais est plus difficile \u00e0 apprendre que l&#8217;anglais et que le chinois. Je pense que c&#8217;est \u00e0 cause des diff\u00e9rences entre les trois langues, pas forc\u00e9ment parce qu&#8217;elle est vraiment plus difficile. Je crois que beaucoup de personnes ont du mal \u00e0 apprendre le chinois.<\/em><\/p>\n\n\n\n<p><em>Au d\u00e9but, j&#8217;\u00e9tais presque s\u00fbr que le plus difficile avec le fran\u00e7ais, c&#8217;\u00e9tait la prononciation. Mais \u00e0 mesure que le temps passe, \u00e7a semble \u00eatre le plus facile. Le plus difficile pour moi maintenant, c&#8217;est la compr\u00e9hension orale et l&#8217;expression orale. J&#8217;ai fini Harry Potter 1 et 2 en fran\u00e7ais. Donc je n&#8217;ai pas de probl\u00e8me avec la compr\u00e9hension \u00e9crite.<\/em><\/p>\n\n\n\n<p><a id=\"sonaar_ts-6927d15990fb0\" class=\"srmp3_sonaar_ts_shortcode\"  style=\"\" href=\"javascript:sonaar_ts_shortcode({ trackid:'0', time:'00:05:22', ts_id:'6927d15990fb0', play_icon:'' }) ;\">[00:05:22]<\/a><em>En revanche, pour \u00e9couter et pour parler, je ne savais pas quoi faire pour m&#8217;am\u00e9liorer. Je me souviens, la premi\u00e8re fois que j&#8217;ai regard\u00e9 une vid\u00e9o de Cyprien sur YouTube, j&#8217;\u00e9tais totalement perdu. J&#8217;ai eu l&#8217;impression que je n&#8217;arriverais jamais \u00e0 apprendre la langue. C&#8217;est pour \u00e7a que je suis tr\u00e8s content d&#8217;avoir d\u00e9couvert ce podcast qui me rend courageux et motiv\u00e9, et m&#8217;aide \u00e0 parvenir au niveau suivant. Je pense que je suis sur le bon chemin pour apprendre le fran\u00e7ais.<\/em><\/p>\n\n\n\n<p><a id=\"sonaar_ts-6927d15990fbc\" class=\"srmp3_sonaar_ts_shortcode\"  style=\"\" href=\"javascript:sonaar_ts_shortcode({ trackid:'0', time:'00:06:00', ts_id:'6927d15990fbc', play_icon:'' }) ;\">[00:06:00]<\/a><em>Cependant, j&#8217;ai encore un probl\u00e8me. Je dois avouer que j&#8217;ai une personnalit\u00e9 tr\u00e8s introvertie et tr\u00e8s timide depuis que je suis petit. Parfois, j&#8217;avais tellement peur de parler dans des grandes occasions ou avec des personnes inconnues, que j&#8217;\u00e9tais compl\u00e8tement bloqu\u00e9. Je sais que je ne devrais pas rester dans ma zone de confort. D&#8217;ailleurs, je pr\u00e9vois de prendre des vacances en France en octobre. De toute fa\u00e7on, je dois trouver une m\u00e9thode pour me d\u00e9tendre et progresser.<\/em><\/p>\n\n\n\n<p><em>Quoiqu&#8217;il en soit, je souhaite bonne chance \u00e0 tous les \u00e9l\u00e8ves et tous les auditeurs. Soyez courageux, soyez motiv\u00e9s ! Et merci \u00e0 Hugo pour ce tr\u00e8s bon podcast. J&#8217;esp\u00e8re que plus de personnes qui apprennent le fran\u00e7ais vont en profiter. Au revoir !<\/em><\/p>\n\n\n\n<p><a id=\"sonaar_ts-6927d15990fc2\" class=\"srmp3_sonaar_ts_shortcode\"  style=\"\" href=\"javascript:sonaar_ts_shortcode({ trackid:'0', time:'00:07:00', ts_id:'6927d15990fc2', play_icon:'' }) ;\">[00:07:00]<\/a> Merci Mingzhe pour ton message. \u00c7a m&#8217;a fait tr\u00e8s plaisir de t&#8217;entendre. Tu dis dedans que tu as l&#8217;impression que le fran\u00e7ais est plus difficile \u00e0 apprendre que l&#8217;anglais et le chinois. En fait, tu as compris toi-m\u00eame que c&#8217;est simplement une question de diff\u00e9rence des langues, \u00e0 quel point ces langues sont diff\u00e9rentes les unes des autres. Et toi, tu as l&#8217;impression que le fran\u00e7ais est plus \u00e9loign\u00e9 de ta langue maternelle que l&#8217;anglais. Donc c&#8217;est assez int\u00e9ressant, je savais pas que pour les Chinois, l&#8217;anglais \u00e9tait plus simple que le fran\u00e7ais. Et puis, bon, c&#8217;est peut-\u00eatre une g\u00e9n\u00e9ralit\u00e9. Peut-\u00eatre que toi, c&#8217;est ton cas, mais que c&#8217;est pas forc\u00e9ment le cas pour l&#8217;ensemble des Chinois. Mais bon, c&#8217;est int\u00e9ressant pour moi d&#8217;apprendre \u00e7a.<\/p>\n\n\n\n<p><a id=\"sonaar_ts-6927d15990fc7\" class=\"srmp3_sonaar_ts_shortcode\"  style=\"\" href=\"javascript:sonaar_ts_shortcode({ trackid:'0', time:'00:07:47', ts_id:'6927d15990fc7', play_icon:'' }) ;\">[00:07:47]<\/a> Ce que tu dis aussi, c&#8217;est que beaucoup de personnes ont du mal \u00e0 apprendre le chinois et \u00e7a c&#8217;est vrai ! D&#8217;ailleurs, en France, on a une expression quand quelque chose est tr\u00e8s compliqu\u00e9, qu&#8217;on n&#8217;arrive pas du tout \u00e0 comprendre, par exemple quand il s&#8217;agit d&#8217;une explication tr\u00e8s technique avec des mots vraiment sp\u00e9cifiques et qu&#8217;on est compl\u00e8tement perdu. On dit : &#8220;c&#8217;est du chinois&#8221;. Donc quand on dit de quelque chose que &#8220;c&#8217;est du chinois&#8221;, \u00e7a veut dire qu&#8217;on n&#8217;arrive pas du tout \u00e0 comprendre de quoi il s&#8217;agit. \u00c7a, c&#8217;est une expression int\u00e9ressante \u00e0 retenir &#8211; c&#8217;est du chinois.<\/p>\n\n\n\n<p><a id=\"sonaar_ts-6927d15990fcc\" class=\"srmp3_sonaar_ts_shortcode\"  style=\"\" href=\"javascript:sonaar_ts_shortcode({ trackid:'0', time:'00:08:24', ts_id:'6927d15990fcc', play_icon:'' }) ;\">[00:08:24]<\/a> Aller, sans plus attendre, on va passer \u00e0 notre sujet du jour. Je vais partager une petite anecdote avec vous. Parce que, pendant longtemps, pour moi, le Tour de France, c&#8217;\u00e9tait quelque chose que j&#8217;associais \u00e0 mon grand p\u00e8re et aux vacances.<\/p>\n\n\n\n<p><a id=\"sonaar_ts-6927d15990fd2\" class=\"srmp3_sonaar_ts_shortcode\"  style=\"\" href=\"javascript:sonaar_ts_shortcode({ trackid:'0', time:'00:08:39', ts_id:'6927d15990fd2', play_icon:'' }) ;\">[00:08:39]<\/a> Le Tour de France a lieu au mois de juillet et, quand j&#8217;\u00e9tais petit, j&#8217;allais passer mon mois de juillet en vacances au bord de la mer. Je crois que je vous en ai d\u00e9j\u00e0 parl\u00e9 dans un \u00e9pisode du podcast. Et l\u00e0, mon grand p\u00e8re insistait chaque apr\u00e8s midi pour mettre le Tour de France \u00e0 la t\u00e9l\u00e9. Alors c&#8217;\u00e9tait assez dr\u00f4le parce qu&#8217;il commen\u00e7ait \u00e0 regarder le Tour de France en buvant son caf\u00e9 et puis ensuite, au bout de 30 minutes ou une heure, il avait tendance \u00e0 s&#8217;endormir et il faisait la sieste devant le Tour de France pendant quasiment l&#8217;int\u00e9gralit\u00e9 de l&#8217;\u00e9tape ! Et ensuite, il se r\u00e9veillait seulement au moment de l&#8217;arriv\u00e9e. Et moi, je comprenais pas pourquoi on \u00e9tait oblig\u00e9s de regarder le Tour de France \u00e0 la t\u00e9l\u00e9 alors que mon grand p\u00e8re s&#8217;endormait \u00e0 chaque fois !<\/p>\n\n\n\n<p><a id=\"sonaar_ts-6927d15990fd8\" class=\"srmp3_sonaar_ts_shortcode\"  style=\"\" href=\"javascript:sonaar_ts_shortcode({ trackid:'0', time:'00:09:26', ts_id:'6927d15990fd8', play_icon:'' }) ;\">[00:09:26]<\/a> Mais pour lui, c&#8217;\u00e9tait tr\u00e8s important d&#8217;avoir ce bruit de fond. Donc quand on dit &#8220;un bruit de fond&#8221;, c&#8217;est quelque chose qu&#8217;on entend derri\u00e8re, qui n&#8217;est pas au premier plan. Par exemple, si vous mettez de la musique mais que vous ne pr\u00eatez pas vraiment attention \u00e0 la musique, qu&#8217;elle fait seulement un peu de bruit dans la pi\u00e8ce, on peut dire que la musique est &#8220;un bruit de fond&#8221;. Ou si vous allumez la t\u00e9l\u00e9 pas pour la regarder mais seulement pour entendre un peu quelque chose, l\u00e0 aussi, on peut dire que la t\u00e9l\u00e9 est &#8220;un bruit de fond&#8221;. Donc mon grand p\u00e8re, le bruit de fond du Tour de France, je pense que \u00e7a l&#8217;aidait vraiment \u00e0 dormir. Mais moi, quand j&#8217;avais une dizaine d&#8217;ann\u00e9es, je trouvais que c&#8217;\u00e9tait assez ennuyeux. J&#8217;avais envie de regarder autre chose \u00e0 la t\u00e9l\u00e9 avant d&#8217;aller \u00e0 la plage. Mais bon, c&#8217;\u00e9tait comme \u00e7a. C&#8217;\u00e9tait mon grand p\u00e8re qui d\u00e9cidait. C&#8217;\u00e9tait la tradition. On devait regarder le Tour de France chaque apr\u00e8s midi.<\/p>\n\n\n\n<p><a id=\"sonaar_ts-6927d15990fdd\" class=\"srmp3_sonaar_ts_shortcode\"  style=\"\" href=\"javascript:sonaar_ts_shortcode({ trackid:'0', time:'00:10:33', ts_id:'6927d15990fdd', play_icon:'' }) ;\">[00:10:33]<\/a> &#8220;Une minute encore ! Ouais, il va y arriver, il va y arriver ! Allez Thomas, allez petit ! Tu peux le faire petit aujourd&#8217;hui, garder ton maillot jaune ! \u00c7a veut dire que tu peux encore gagner le Tour de France ! Et attention&#8230;&#8221;<\/p>\n\n\n\n<p><a id=\"sonaar_ts-6927d15990fe3\" class=\"srmp3_sonaar_ts_shortcode\"  style=\"\" href=\"javascript:sonaar_ts_shortcode({ trackid:'0', time:'00:10:38', ts_id:'6927d15990fe3', play_icon:'' }) ;\">[00:10:38]<\/a> Pour commencer, il faut savoir que le Tour de France est le troisi\u00e8me \u00e9v\u00e8nement sportif le plus regard\u00e9 \u00e0 la t\u00e9l\u00e9vision dans le monde. Vous savez quels sont les deux autres \u00e9v\u00e9nements qui sont devant le Tour de France ? D&#8217;abord, en num\u00e9ro 1, c&#8217;est la Coupe du Monde de foot. Et en num\u00e9ro deux, les Jeux olympiques d&#8217;\u00e9t\u00e9. Mais c&#8217;est vraiment impressionnant de savoir que cet \u00e9v\u00e8nement sportif qui est 100% fran\u00e7ais, qui se d\u00e9roule en France, est tellement populaire dans le monde. \u00c7a peut sembler un peu invraisemblable.<\/p>\n\n\n\n<p><a id=\"sonaar_ts-6927d15990ff2\" class=\"srmp3_sonaar_ts_shortcode\"  style=\"\" href=\"javascript:sonaar_ts_shortcode({ trackid:'0', time:'00:11:13', ts_id:'6927d15990ff2', play_icon:'' }) ;\">[00:11:13]<\/a> Alors, pour essayer de comprendre d&#8217;o\u00f9 vient cette popularit\u00e9, on va d&#8217;abord s&#8217;int\u00e9resser \u00e0 l&#8217;histoire du Tour (parce qu&#8217;il faut savoir que cette ann\u00e9e, \u00e7a va \u00eatre la 106\u00e8me \u00e9dition du Tour de France, donc c&#8217;est une course qui existe depuis tr\u00e8s longtemps). Ensuite, on va voir \u00e0 quoi ressemble le Tour aujourd&#8217;hui, quelle est son organisation. Et puis, pour finir, on va s&#8217;int\u00e9resser aux ingr\u00e9dients qui font la popularit\u00e9 du Tour de France. Et pour nuancer un peu \u00e7a, on va voir que depuis une dizaine d&#8217;ann\u00e9es, le Tour de France conna\u00eet quelques difficult\u00e9s et quelques pol\u00e9miques, donc on va essayer de s&#8217;int\u00e9resser un peu \u00e0 tout \u00e7a.<\/p>\n\n\n\n<p><a id=\"sonaar_ts-6927d15990ff7\" class=\"srmp3_sonaar_ts_shortcode\"  style=\"\" href=\"javascript:sonaar_ts_shortcode({ trackid:'0', time:'00:12:00', ts_id:'6927d15990ff7', play_icon:'' }) ;\">[00:12:00]<\/a> &#8220;T\u2019auras pas le maillot jaune<br>Si tu joues les amateurs<br>Si tu montes en amazone<br>En danseuse<br>En sauteur<br>Pour ne pas qu\u2019on te d\u00e9tr\u00f4ne<br>Fais voir que t\u2019es un coureur<br>Alors, t\u2019auras le maillot jaune<br>C\u2019est le maillot du vainqueur.&#8221;<\/p>\n\n\n\n<p>Fredo Gardoni &#8211; Le maillot jaune<\/p>\n\n\n\n<p><a id=\"sonaar_ts-6927d15990ffd\" class=\"srmp3_sonaar_ts_shortcode\"  style=\"\" href=\"javascript:sonaar_ts_shortcode({ trackid:'0', time:'00:12:29', ts_id:'6927d15990ffd', play_icon:'' }) ;\">[00:12:29]<\/a> L&#8217;homme qui a eu l&#8217;id\u00e9e du Tour de France s&#8217;appelle Henri Desgrange. En 1903, Henri Desgrange souhaite publier un nouveau magazine d\u00e9di\u00e9 \u00e0 la fois au v\u00e9lo et \u00e0 l&#8217;automobile. Et pour en faire la promotion, il d\u00e9cide d&#8217;organiser une grande course dans toute la France. Alors \u00e7a, c&#8217;\u00e9tait quelque chose de tr\u00e8s novateur \u00e0 l&#8217;\u00e9poque parce qu&#8217;il n&#8217;existait pas de course aussi longue. Dans le projet initial d&#8217;Henri Desgrange, le Tour de France \u00e9tait constitu\u00e9 de seulement six \u00e9tapes entre les principales villes fran\u00e7aises. Donc \u00e7a faisait pas exactement le tour complet de la France, mais c&#8217;\u00e9tait quand m\u00eame quelque chose de tr\u00e8s innovant \u00e0 l&#8217;\u00e9poque. Et \u00e7a, \u00e7a a permis d&#8217;attirer l&#8217;attention du public sur cette course.<\/p>\n\n\n\n<p><a id=\"sonaar_ts-6927d15991002\" class=\"srmp3_sonaar_ts_shortcode\"  style=\"\" href=\"javascript:sonaar_ts_shortcode({ trackid:'0', time:'00:13:17', ts_id:'6927d15991002', play_icon:'' }) ;\">[00:13:17]<\/a> La premi\u00e8re \u00e9dition a eu lieu en 1903 et, \u00e0 cette \u00e9poque, il faut savoir que les conditions \u00e9taient tr\u00e8s diff\u00e9rentes de maintenant. \u00c9videmment, il y avait pas de voitures et de cam\u00e9ras pour suivre les coureurs. Ah oui, un coureur, c&#8217;est quelqu&#8217;un qui court, c&#8217;est le verbe &#8220;courir&#8221;. Mais on l&#8217;utilise aussi dans le cyclisme. Donc les personnes qui participent \u00e0 une course cycliste s&#8217;appellent \u00e9galement des &#8220;coureurs&#8221;. Les coureurs du premier tour de France, ils \u00e9taient pas suivis par des voitures et des cam\u00e9ras. Et puis, comme les \u00e9tapes \u00e9taient beaucoup plus longues, il leur arrivait souvent de devoir rouler pendant la nuit.<\/p>\n\n\n\n<p><a id=\"sonaar_ts-6927d1599100b\" class=\"srmp3_sonaar_ts_shortcode\"  style=\"\" href=\"javascript:sonaar_ts_shortcode({ trackid:'0', time:'00:13:59', ts_id:'6927d1599100b', play_icon:'' }) ;\">[00:13:59]<\/a> Avec ces conditions, c&#8217;\u00e9tait plus facile pour eux de tricher. &#8220;Tricher&#8221;, \u00e7a veut dire qu&#8217;on ne respecte pas les r\u00e8gles du jeu pour essayer d&#8217;obtenir un avantage. Le verbe &#8220;tricher&#8221;. Donc lors des premi\u00e8res \u00e9ditions du Tour de France, il y avait beaucoup de tricherie. Il y avait beaucoup de coureurs qui ne respectaient pas les r\u00e8gles. C&#8217;\u00e9tait pas encore une course tr\u00e8s professionnelle.<\/p>\n\n\n\n<p><a id=\"sonaar_ts-6927d15991011\" class=\"srmp3_sonaar_ts_shortcode\"  style=\"\" href=\"javascript:sonaar_ts_shortcode({ trackid:'0', time:'00:14:25', ts_id:'6927d15991011', play_icon:'' }) ;\">[00:14:25]<\/a> Et puis, il y avait d&#8217;autres probl\u00e8mes sur le bord de la route parce que les premiers spectateurs qui venaient assister \u00e0 cette course, ils \u00e9taient un peu chauvins. &#8220;Chauvin&#8221;, c&#8217;est un adjectif qui signifie qu&#8217;on a une fiert\u00e9 excessive de notre pays, de notre r\u00e9gion ou de notre ville. Alors quel rapport entre le chauvinisme et le Tour de France ? Eh bien, c&#8217;est tout simplement parce que la majorit\u00e9 des coureurs \u00e0 l&#8217;\u00e9poque \u00e9taient parisiens. C&#8217;\u00e9taient des cyclistes parisiens. La course commen\u00e7ait et finissait \u00e0 Paris. Donc il y avait des spectateurs qui n&#8217;\u00e9taient pas tr\u00e8s contents de \u00e7a et \u00e7a les \u00e9nervait de voir tous ces Parisiens passer dans leur ville. Donc ils leur faisaient des sales coups. Ils les attaquaient, ils les poussaient, ils mettaient des clous sur la route pour crever les pneus des v\u00e9los. Bref, c&#8217;\u00e9tait assez folklorique.<\/p>\n\n\n\n<p><a id=\"sonaar_ts-6927d15991016\" class=\"srmp3_sonaar_ts_shortcode\"  style=\"\" href=\"javascript:sonaar_ts_shortcode({ trackid:'0', time:'00:15:25', ts_id:'6927d15991016', play_icon:'' }) ;\">[00:15:25]<\/a> Tous ces probl\u00e8mes ont fait que Henri Desgrange \u00e9tait pas s\u00fbr de pouvoir organiser d&#8217;autres \u00e9ditions du Tour de France. Ces difficult\u00e9s techniques, au d\u00e9part, elles ont menac\u00e9 la p\u00e9rennit\u00e9 du Tour. Mais comme c&#8217;\u00e9tait une course qui devenait assez populaire, Henri Desgrange a d\u00e9cid\u00e9 d&#8217;organiser les \u00e9ditions suivantes. D&#8217;autant plus que \u00e7a lui permettait de vendre son journal parce qu&#8217;au d\u00e9part, il \u00e9tait le seul \u00e0 faire le r\u00e9sum\u00e9 des diff\u00e9rentes \u00e9tapes.<\/p>\n\n\n\n<p><a id=\"sonaar_ts-6927d1599101b\" class=\"srmp3_sonaar_ts_shortcode\"  style=\"\" href=\"javascript:sonaar_ts_shortcode({ trackid:'0', time:'00:16:00', ts_id:'6927d1599101b', play_icon:'' }) ;\">[00:16:00]<\/a> Ah oui, &#8220;\u00e9tape&#8221;, \u00e7a aussi, c&#8217;est un nom important. Une \u00e9tape, dans une course, \u00e7a veut dire &#8220;une partie de la course&#8221; (donc il y a la premi\u00e8re \u00e9tape, c&#8217;est la premi\u00e8re partie, la deuxi\u00e8me \u00e9tape, la deuxi\u00e8me partie etc.). Et puis, on utilise souvent ce mot pour parler des grands moments de la vie. On dit que dans la vie, il y a plusieurs \u00e9tapes. La premi\u00e8re \u00e9tape, c&#8217;est l&#8217;enfance, apr\u00e8s l&#8217;adolescence, les \u00e9tudes, le premier travail etc. etc. Tous ces moments importants, on les qualifie parfois d&#8217;\u00e9tapes.<\/p>\n\n\n\n<p><a id=\"sonaar_ts-6927d15991025\" class=\"srmp3_sonaar_ts_shortcode\"  style=\"\" href=\"javascript:sonaar_ts_shortcode({ trackid:'0', time:'00:16:35', ts_id:'6927d15991025', play_icon:'' }) ;\">[00:16:35]<\/a> Le journal d&#8217;Henri Desgrange \u00e9tait le seul \u00e0 avoir les r\u00e9sum\u00e9s des diff\u00e9rentes \u00e9tapes. Comme il n&#8217;y avait pas la radio ni la t\u00e9l\u00e9vision \u00e0 cette \u00e9poque, pour conna\u00eetre les performances des coureurs, pour savoir qui avait gagn\u00e9 l&#8217;\u00e9tape, eh bien il fallait acheter ce journal.<\/p>\n\n\n\n<p><a id=\"sonaar_ts-6927d1599102a\" class=\"srmp3_sonaar_ts_shortcode\"  style=\"\" href=\"javascript:sonaar_ts_shortcode({ trackid:'0', time:'00:16:54', ts_id:'6927d1599102a', play_icon:'' }) ;\">[00:16:54]<\/a> Bref, vous l&#8217;aurez compris, le Tour de France est vite devenu une course tr\u00e8s rentable, une course qui faisait gagner beaucoup d&#8217;argent. Ce qui fait que Henri Desgrange a d\u00e9cid\u00e9 d&#8217;augmenter la taille de la course, d&#8217;avoir un trac\u00e9 plus long, et de la faire passer par des \u00e9tapes difficiles comme par exemple dans les montagnes, avec un premier passage par les Pyr\u00e9n\u00e9es en 1910. Les Pyr\u00e9n\u00e9es, vous savez, c&#8217;est cette cha\u00eene de montagnes qui se trouve au Sud-Ouest de la France.<\/p>\n\n\n\n<p><a id=\"sonaar_ts-6927d1599102f\" class=\"srmp3_sonaar_ts_shortcode\"  style=\"\" href=\"javascript:sonaar_ts_shortcode({ trackid:'0', time:'00:17:26', ts_id:'6927d1599102f', play_icon:'' }) ;\">[00:17:26]<\/a> Avec ces nouvelles difficult\u00e9s, ces nouveaux obstacles, on a commenc\u00e9 \u00e0 cr\u00e9er une certaine mythologie autour du Tour. Les coureurs ont tr\u00e8s vite \u00e9t\u00e9 assimil\u00e9s \u00e0 des h\u00e9ros, des h\u00e9ros qui franchissent tous les obstacles \u00e0 l&#8217;aide d&#8217;un simple v\u00e9lo, des h\u00e9ros qui souffrent pour arracher la victoire, pour finir la course, avec des moments parfois dramatiques, des accidents, des courses pleines de dangers. Tous ces ingr\u00e9dients ont fait que, d\u00e8s les premi\u00e8res \u00e9ditions du Tour de France, un public de passionn\u00e9s s&#8217;est r\u00e9uni autour de cette course.<\/p>\n\n\n\n<p><a id=\"sonaar_ts-6927d15991034\" class=\"srmp3_sonaar_ts_shortcode\"  style=\"\" href=\"javascript:sonaar_ts_shortcode({ trackid:'0', time:'00:18:07', ts_id:'6927d15991034', play_icon:'' }) ;\">[00:18:07]<\/a> Malheureusement, la Premi\u00e8re Guerre mondiale a frein\u00e9 la course dans son \u00e9lan. Autrement dit, elle a arr\u00eat\u00e9 cette dynamique. Parce qu&#8217;\u00e9videmment, \u00e0 ce moment-l\u00e0, les conditions faisaient qu&#8217;il \u00e9tait impossible d&#8217;organiser le Tour de France. Mais il a repris d\u00e8s 1919 et \u00e7a a \u00e9t\u00e9 une date importante parce que cette ann\u00e9e-l\u00e0, on a cr\u00e9\u00e9 le maillot jaune. Le maillot jaune, c&#8217;est le T-shirt, on pourrait dire, que porte le coureur qui est premier au classement g\u00e9n\u00e9ral, le leader au classement g\u00e9n\u00e9ral. Et \u00e7a, c&#8217;est devenu un des symboles forts du Tour de France, le maillot jaune.<\/p>\n\n\n\n<p><a id=\"sonaar_ts-6927d15991039\" class=\"srmp3_sonaar_ts_shortcode\"  style=\"\" href=\"javascript:sonaar_ts_shortcode({ trackid:'0', time:'00:18:49', ts_id:'6927d15991039', play_icon:'' }) ;\">[00:18:49]<\/a> Ensuite, dans les ann\u00e9es 20 et les ann\u00e9es 30, on peut dire que le Tour de France s&#8217;est v\u00e9ritablement professionnalis\u00e9. Parce qu&#8217;avant \u00e7a, il y avait surtout des amateurs qui participaient \u00e0 cette course. Mais progressivement, la tendance s&#8217;est invers\u00e9e et on a vu de plus en plus de professionnels. Et puis, on a essay\u00e9 de cr\u00e9er des \u00e9quipes nationales pour dynamiser un peu la course, pour la rendre plus int\u00e9ressante. Surtout qu&#8217;\u00e0 cette \u00e9poque, dans les ann\u00e9es 30, il y avait une v\u00e9ritable mont\u00e9e des nationalismes en Europe. Donc voir diff\u00e9rentes \u00e9quipes nationales s&#8217;affronter pendant le Tour de France, c&#8217;\u00e9tait une bonne fa\u00e7on d&#8217;exprimer ce nationalisme et de capitaliser sur ce sentiment.<\/p>\n\n\n\n<p><a id=\"sonaar_ts-6927d1599103e\" class=\"srmp3_sonaar_ts_shortcode\"  style=\"\" href=\"javascript:sonaar_ts_shortcode({ trackid:'0', time:'00:19:38', ts_id:'6927d1599103e', play_icon:'' }) ;\">[00:19:38]<\/a> \u00c0 nouveau, la Seconde Guerre mondiale a mis un terme au Tour de France. Le Tour de France a d\u00fb s&#8217;arr\u00eater pendant ces ann\u00e9es. Et puis ensuite, il a repris d\u00e8s la fin du conflit. Et on peut dire que dans les ann\u00e9es 50, les ann\u00e9es 60 et 70, c&#8217;est \u00e0 ce moment-l\u00e0 que le Tour de France est devenu un v\u00e9ritable \u00e9v\u00e9nement m\u00e9diatique avec les premi\u00e8res diffusions de la course \u00e0 la t\u00e9l\u00e9vision.<\/p>\n\n\n\n<p><a id=\"sonaar_ts-6927d1599104f\" class=\"srmp3_sonaar_ts_shortcode\"  style=\"\" href=\"javascript:sonaar_ts_shortcode({ trackid:'0', time:'00:20:08', ts_id:'6927d1599104f', play_icon:'' }) ;\">[00:20:08]<\/a> Plus tard, dans les ann\u00e9es 80, le Tour s&#8217;est internationalis\u00e9 avec l&#8217;arriv\u00e9e, par exemple, d&#8217;une \u00e9quipe am\u00e9ricaine. On a commenc\u00e9 \u00e0 voir de plus en plus de coureurs qui venaient des quatre coins du monde, de Colombie par exemple, alors qu&#8217;avant, en tout cas jusqu&#8217;\u00e0 ce moment-l\u00e0, c&#8217;\u00e9taient surtout des coureurs fran\u00e7ais, belges, luxembourgeois, italiens, espagnols. Bref, plut\u00f4t des coureurs d&#8217;Europe de l&#8217;Ouest. Mais dans les ann\u00e9es 80, la course s&#8217;est \u00e9largie et elle a commenc\u00e9 \u00e0 attirer des coureurs du monde entier.<\/p>\n\n\n\n<p><a id=\"sonaar_ts-6927d15991054\" class=\"srmp3_sonaar_ts_shortcode\"  style=\"\" href=\"javascript:sonaar_ts_shortcode({ trackid:'0', time:'00:20:47', ts_id:'6927d15991054', play_icon:'' }) ;\">[00:20:47]<\/a> C&#8217;est aussi \u00e0 cette \u00e9poque-l\u00e0 que le Tour est devenu encore plus rentable avec l&#8217;arriv\u00e9e de gros sponsors, des cha\u00eenes de t\u00e9l\u00e9vision du monde entier qui ont voulu acheter les droits de rediffusion (autrement dit, acheter les droits pour montrer le Tour de France sur leur cha\u00eene, \u00e0 la t\u00e9l\u00e9). On peut dire que le Tour de France a acquis sa position h\u00e9g\u00e9monique. \u00c0 ce moment-l\u00e0, il est vraiment devenu la course cycliste de r\u00e9f\u00e9rence et un des \u00e9v\u00e9nements sportifs les plus populaires du monde.<\/p>\n\n\n\n<p><a id=\"sonaar_ts-6927d1599105a\" class=\"srmp3_sonaar_ts_shortcode\"  style=\"\" href=\"javascript:sonaar_ts_shortcode({ trackid:'0', time:'00:21:31', ts_id:'6927d1599105a', play_icon:'' }) ;\">[00:21:31]<\/a> \u00c0 quoi ressemble le Tour de France aujourd&#8217;hui ? La course fait 3500 km, \u00e0 travers la France, en 21 \u00e9tapes. Donc si vous faites le calcul, \u00e7a correspond \u00e0 167 km par jour. Faire 167 km de v\u00e9lo par jour, c&#8217;est d\u00e9j\u00e0 beaucoup. Moi, personnellement, j&#8217;en serais pas capable. Mais en plus, il faut savoir que les coureurs parcourent cette distance avec une vitesse moyenne de 40 km\/h. 40 km\/h, c&#8217;est vraiment tr\u00e8s rapide ! Surtout si on compare au champion du tout premier Tour de France, au champion qui avait gagn\u00e9 la course en 1903. Lui, \u00e0 cette \u00e9poque, il avait fini le Tour avec une vitesse moyenne de 25 km\/h. Donc vous voyez, en l&#8217;espace d&#8217;un peu plus d&#8217;un si\u00e8cle, la vitesse moyenne a augment\u00e9 de 15 km\/h. C&#8217;est vraiment \u00e9norme !<\/p>\n\n\n\n<p><a id=\"sonaar_ts-6927d1599105f\" class=\"srmp3_sonaar_ts_shortcode\"  style=\"\" href=\"javascript:sonaar_ts_shortcode({ trackid:'0', time:'00:22:30', ts_id:'6927d1599105f', play_icon:'' }) ;\">[00:22:30]<\/a> \u00c7a, c&#8217;est li\u00e9 \u00e0 plusieurs choses, notamment l&#8217;am\u00e9lioration des routes (donc c&#8217;est plus facile de rouler \u00e0 v\u00e9lo), l&#8217;am\u00e9lioration du mat\u00e9riel, des performances des coureurs, et aussi l&#8217;acc\u00e8s \u00e0 certains produits dopants (mais \u00e7a, on va en reparler un peu plus tard).<\/p>\n\n\n\n<p><a id=\"sonaar_ts-6927d15991065\" class=\"srmp3_sonaar_ts_shortcode\"  style=\"\" href=\"javascript:sonaar_ts_shortcode({ trackid:'0', time:'00:22:50', ts_id:'6927d15991065', play_icon:'' }) ;\">[00:22:50]<\/a> Il y a 22 \u00e9quipes qui participent \u00e0 cette course. Ce sont des \u00e9quipes qui ont un sponsor principal et dans chaque \u00e9quipe, il y a 8 coureurs. Ce qui fait 176 coureurs au total.<\/p>\n\n\n\n<p><a id=\"sonaar_ts-6927d1599106e\" class=\"srmp3_sonaar_ts_shortcode\"  style=\"\" href=\"javascript:sonaar_ts_shortcode({ trackid:'0', time:'00:23:06', ts_id:'6927d1599106e', play_icon:'' }) ;\">[00:23:06]<\/a> Comme je vous l&#8217;ai dit, le Tour de France a diff\u00e9rents symboles, comme par exemple le maillot jaune que porte le leader au classement g\u00e9n\u00e9ral. Mais il y a aussi le maillot \u00e0 pois (donc il est blanc avec des pois rouges dessus). \u00c7a, c&#8217;est le maillot que porte le meilleur grimpeur (autrement dit, le coureur qui est le meilleur dans les \u00e9tapes de montagne). Apr\u00e8s, il y a le maillot vert pour le meilleur sprinter et le maillot blanc pour le meilleur jeune. Et enfin, il y a aussi la lanterne rouge. Alors \u00e7a, c&#8217;est pas un maillot mais c&#8217;est un surnom qu&#8217;on donne au coureur qui est dernier au classement. On l&#8217;appelle &#8220;la lanterne rouge&#8221;.<\/p>\n\n\n\n<p><a id=\"sonaar_ts-6927d15991073\" class=\"srmp3_sonaar_ts_shortcode\"  style=\"\" href=\"javascript:sonaar_ts_shortcode({ trackid:'0', time:'00:23:49', ts_id:'6927d15991073', play_icon:'' }) ;\">[00:23:49]<\/a> \u00c0 votre avis, pourquoi cette course est aussi populaire ? Pourquoi le Tour de France est-il un des \u00e9v\u00e8nements sportifs pr\u00e9f\u00e9r\u00e9s des Fran\u00e7ais ? Il faut savoir qu&#8217;il y a jusqu&#8217;\u00e0 12 millions de Fran\u00e7ais, et de spectateurs en g\u00e9n\u00e9ral, qui se rendent au bord des routes pour voir passer les coureurs dans les diff\u00e9rentes \u00e9tapes. \u00c0 la t\u00e9l\u00e9vision, il y a entre 33 et 39 millions de t\u00e9l\u00e9spectateurs en cumul\u00e9 qui regardent les diff\u00e9rentes \u00e9tapes du Tour. Mais le tour est \u00e9galement diffus\u00e9 dans 190 pays, ce qui repr\u00e9sente environ 3,5 milliards de t\u00e9l\u00e9spectateurs. Donc c&#8217;est pas un \u00e9v\u00e9nement qui est seulement populaire en France, mais il l&#8217;est dans l&#8217;ensemble du monde.<\/p>\n\n\n\n<p><a id=\"sonaar_ts-6927d15991078\" class=\"srmp3_sonaar_ts_shortcode\"  style=\"\" href=\"javascript:sonaar_ts_shortcode({ trackid:'0', time:'00:24:38', ts_id:'6927d15991078', play_icon:'' }) ;\">[00:24:38]<\/a> Si les Fran\u00e7ais appr\u00e9cient tellement le Tour de France, c&#8217;est parce qu&#8217;il est une sorte de f\u00eate populaire. Il y a tous ces spectateurs qui se r\u00e9unissent sur les routes pour faire la f\u00eate, pour voir passer les coureurs. Ils organisent des barbecues. Bref, c&#8217;est un vrai moment de convivialit\u00e9.<\/p>\n\n\n\n<p><a id=\"sonaar_ts-6927d1599107d\" class=\"srmp3_sonaar_ts_shortcode\"  style=\"\" href=\"javascript:sonaar_ts_shortcode({ trackid:'0', time:'00:24:57', ts_id:'6927d1599107d', play_icon:'' }) ;\">[00:24:57]<\/a> Une des sp\u00e9cificit\u00e9s du Tour de France, c&#8217;est qu&#8217;il s&#8217;agit d&#8217;une comp\u00e9tition de trois semaines (donc une comp\u00e9tition assez longue) qui est totalement gratuite. Bah oui, \u00e7a co\u00fbte rien du tout de voir le Tour de France. Il suffit simplement d&#8217;aller au bord de la route et de voir passer les coureurs. Vous avez pas besoin d&#8217;acheter de billets. \u00c7a, \u00e7a en fait un \u00e9v\u00e9nement assez populaire et d\u00e9mocratique. En plus, il a l&#8217;avantage de m\u00e9langer toutes les classes sociales. Le v\u00e9lo, c&#8217;est un sport qui est appr\u00e9ci\u00e9 aussi bien par les classes populaires que par les classes sup\u00e9rieures.<\/p>\n\n\n\n<p><a id=\"sonaar_ts-6927d15991083\" class=\"srmp3_sonaar_ts_shortcode\"  style=\"\" href=\"javascript:sonaar_ts_shortcode({ trackid:'0', time:'00:25:37', ts_id:'6927d15991083', play_icon:'' }) ;\">[00:25:37]<\/a> Et puis, surtout, pour les spectateurs et les t\u00e9l\u00e9spectateurs, c&#8217;est l&#8217;occasion de voyager. \u00c0 travers le Tour de France, on peut d\u00e9couvrir toute la richesse du patrimoine fran\u00e7ais : les Alpes, les Pyr\u00e9n\u00e9es, la Normandie, la Bretagne avec le Mont Saint-Michel ou encore les Champs \u00c9lys\u00e9es o\u00f9 arrive le Tour de France. Bref, quand on regarde le Tour de France \u00e0 la t\u00e9l\u00e9, on voit toutes ces r\u00e9gions magnifiques. Et souvent, les commentateurs expliquent un peu de quelle r\u00e9gion il s&#8217;agit, quelles sont les sp\u00e9cialit\u00e9s locales etc. Donc il y a v\u00e9ritablement une dimension culturelle. C&#8217;est pas seulement un \u00e9v\u00e8nement sportif mais aussi un \u00e9v\u00e9nement culturel.<\/p>\n\n\n\n<p><a id=\"sonaar_ts-6927d15991088\" class=\"srmp3_sonaar_ts_shortcode\"  style=\"\" href=\"javascript:sonaar_ts_shortcode({ trackid:'0', time:'00:26:25', ts_id:'6927d15991088', play_icon:'' }) ;\">[00:26:25]<\/a> Pour les Fran\u00e7ais, c&#8217;est aussi une fiert\u00e9 quand le Tour de France passe dans notre ville. Moi, je me rappelle qu&#8217;une fois, il est pass\u00e9 \u00e0 Ch\u00e2teauroux et on est all\u00e9s voir les coureurs avec mon p\u00e8re. \u00c7a, c&#8217;\u00e9tait v\u00e9ritablement un \u00e9v\u00e9nement pour les habitants de la ville, ils \u00e9taient super contents de pouvoir passer \u00e0 la t\u00e9l\u00e9vision et que Ch\u00e2teauroux soit sur la carte du Tour de France.<\/p>\n\n\n\n<p><a id=\"sonaar_ts-6927d15991091\" class=\"srmp3_sonaar_ts_shortcode\"  style=\"\" href=\"javascript:sonaar_ts_shortcode({ trackid:'0', time:'00:26:51', ts_id:'6927d15991091', play_icon:'' }) ;\">[00:26:51]<\/a> Ce qui attire \u00e9galement les spectateurs qui viennent sur les routes, c&#8217;est la caravane publicitaire. Avant que les coureurs arrivent, il y a un ensemble de voitures et de petits camions qui sont financ\u00e9s par des marques et qui distribuent plein d&#8217;objets, par exemple des porte-cl\u00e9s, des bonbons etc., \u00e0 la fois pour les enfants et pour les adultes. Donc si vous \u00eates spectateur, si vous allez sur la route pour attendre les coureurs, avant vous allez voir passer la caravane et vous allez pouvoir r\u00e9cup\u00e9rer des petits gadgets etc. \u00c7a, c&#8217;est quelque chose qui est tr\u00e8s appr\u00e9ci\u00e9 par le public.<\/p>\n\n\n\n<p><a id=\"sonaar_ts-6927d15991096\" class=\"srmp3_sonaar_ts_shortcode\"  style=\"\" href=\"javascript:sonaar_ts_shortcode({ trackid:'0', time:'00:27:33', ts_id:'6927d15991096', play_icon:'' }) ;\">[00:27:33]<\/a> Bref, au final, le Tour de France fait vraiment partie de l&#8217;imaginaire collectif. C&#8217;est un \u00e9v\u00e9nement important qui marque l&#8217;\u00e9t\u00e9, qui marque le mois de juillet, notamment parce qu&#8217;il n&#8217;y a pas grand chose d&#8217;autre qui se passe \u00e0 ce moment-l\u00e0 de l&#8217;ann\u00e9e. Donc les gens se r\u00e9unissent autour de cet \u00e9v\u00e9nement et \u00e7a leur permet de c\u00e9l\u00e9brer la France, de faire la f\u00eate, d&#8217;\u00eatre fiers d&#8217;\u00eatre Fran\u00e7ais.<\/p>\n\n\n\n<p><a id=\"sonaar_ts-6927d1599109c\" class=\"srmp3_sonaar_ts_shortcode\"  style=\"\" href=\"javascript:sonaar_ts_shortcode({ trackid:'0', time:'00:28:04', ts_id:'6927d1599109c', play_icon:'' }) ;\">[00:28:04]<\/a> Mais comme je vous l&#8217;ai dit en introduction, depuis quelques ann\u00e9es le Tour de France a perdu en popularit\u00e9. Et \u00e7a, c&#8217;est li\u00e9 \u00e0 plusieurs probl\u00e8mes dont, en num\u00e9ro 1, le probl\u00e8me du dopage. Le dopage, c&#8217;est quand un sportif prend un ou plusieurs produits qui sont interdits pour am\u00e9liorer ses performances. Le dopage, c&#8217;est pas quelque chose de nouveau, \u00e7a existe depuis la fin du XIX\u00e8me si\u00e8cle. Et d\u00e8s les premi\u00e8res \u00e9ditions du Tour de France, on sait qu&#8217;il y avait des coureurs qui se dopaient. Mais jusqu&#8217;aux ann\u00e9es 50, c&#8217;\u00e9tait pas vraiment un sujet d&#8217;inqui\u00e9tude majeur. On peut dire que les organisateurs fermaient les yeux sur ce probl\u00e8me, qu&#8217;ils n&#8217;y faisait pas attention.<\/p>\n\n\n\n<p><a id=\"sonaar_ts-6927d159910a1\" class=\"srmp3_sonaar_ts_shortcode\"  style=\"\" href=\"javascript:sonaar_ts_shortcode({ trackid:'0', time:'00:28:51', ts_id:'6927d159910a1', play_icon:'' }) ;\">[00:28:51]<\/a> Et puis, petit \u00e0 petit, le public a commenc\u00e9 \u00e0 prendre conscience de ce probl\u00e8me, de l&#8217;utilisation de produits dopants par les coureurs. Et \u00e7a, \u00e9videmment, \u00e7a enlevait un peu de magie \u00e0 cette course. Parce qu&#8217;avant, on voyait les coureurs comme des h\u00e9ros qui devaient se d\u00e9passer, qui devaient donner le meilleur d&#8217;eux-m\u00eames pour pouvoir finir une \u00e9tape. Et puis, on a fini par comprendre que pour r\u00e9aliser ces performances, ils prenaient des produits dopants.<\/p>\n\n\n\n<p><a id=\"sonaar_ts-6927d159910a6\" class=\"srmp3_sonaar_ts_shortcode\"  style=\"\" href=\"javascript:sonaar_ts_shortcode({ trackid:'0', time:'00:29:23', ts_id:'6927d159910a6', play_icon:'' }) ;\">[00:29:23]<\/a> En 1998, il y a eu un grand scandale qu&#8217;on a appel\u00e9 &#8220;l&#8217;affaire Festina&#8221;. Festina, c&#8217;\u00e9tait une des \u00e9quipes du Tour qui avait pris l&#8217;habitude de faire du dopage une esp\u00e8ce de pratique obligatoire pour ses coureurs. Donc presque tous les coureurs de l&#8217;\u00e9quipe Festina devaient se doper (\u00e7a faisait partie des pratiques de l&#8217;\u00e9quipe, \u00e7a faisait partie de l&#8217;entra\u00eenement) avec un produit qui s&#8217;appelle l&#8217;EPO. A ce moment-l\u00e0, le public a pris conscience de l&#8217;ampleur du probl\u00e8me. Le public s&#8217;est rendu compte qu&#8217;une grande partie des coureurs se dopaient.<\/p>\n\n\n\n<p><a id=\"sonaar_ts-6927d159910b1\" class=\"srmp3_sonaar_ts_shortcode\"  style=\"\" href=\"javascript:sonaar_ts_shortcode({ trackid:'0', time:'00:30:05', ts_id:'6927d159910b1', play_icon:'' }) ;\">[00:30:05]<\/a> Mais celui qui a le plus fait parler de lui dans ce domaine, c&#8217;est le coureur am\u00e9ricain Lance Armstrong. Lance Armstrong a remport\u00e9 7 fois le Tour de France, de 1999 \u00e0 2005. Et \u00e7a, \u00e7a a \u00e9veill\u00e9 les soup\u00e7ons (autrement dit, \u00e7a a provoqu\u00e9 de la m\u00e9fiance de la part des organisateurs et du public). C&#8217;\u00e9tait la premi\u00e8re fois qu&#8217;un coureur remportait 7 fois d\u2019affil\u00e9e le Tour de France. En ao\u00fbt 2012, l&#8217;Agence am\u00e9ricaine antidopage a d\u00e9clar\u00e9 que Lance Armstrong s&#8217;\u00e9tait dop\u00e9 et elle l&#8217;a condamn\u00e9 \u00e0 une suspension \u00e0 vie (autrement dit, il n&#8217;avait plus le droit de participer \u00e0 des courses professionnelles et il a \u00e9galement perdu ses 7 titres, ses 7 victoires au Tour de France) pour violation du code mondial antidopage.<\/p>\n\n\n\n<p><a id=\"sonaar_ts-6927d159910b7\" class=\"srmp3_sonaar_ts_shortcode\"  style=\"\" href=\"javascript:sonaar_ts_shortcode({ trackid:'0', time:'00:31:02', ts_id:'6927d159910b7', play_icon:'' }) ;\">[00:31:02]<\/a> Aujourd&#8217;hui, \u00e0 c\u00f4t\u00e9 du probl\u00e8me du dopage, il y a \u00e9galement le probl\u00e8me de l&#8217;argent parce qu&#8217;il y a une \u00e9quipe qui domine le Tour de France depuis plusieurs ann\u00e9es. C&#8217;est l&#8217;\u00e9quipe britannique Sky. Aujourd&#8217;hui, elle a chang\u00e9 de nom, elle s&#8217;appelle Ineos. Mais cette \u00e9quipe, elle a gagn\u00e9 6 fois le Tour de France sur les 7 derni\u00e8res \u00e9ditions. \u00c7a, \u00e7a fait qu&#8217;il y a plus vraiment de suspense pour les spectateurs. On sait que c&#8217;est un coureur de l&#8217;\u00e9quipe Sky qui va gagner le Tour de France. Pendant longtemps, c&#8217;\u00e9tait Christopher Froome, et l&#8217;ann\u00e9e derni\u00e8re, c&#8217;\u00e9tait Geraint Thomas. Bref, il n&#8217;y a plus vraiment de suspense. Les spectateurs ont pas envie de regarder la course qui est gagn\u00e9e d&#8217;avance, on peut dire, par les coureurs de l&#8217;\u00e9quipe Sky.<\/p>\n\n\n\n<p><a id=\"sonaar_ts-6927d159910bc\" class=\"srmp3_sonaar_ts_shortcode\"  style=\"\" href=\"javascript:sonaar_ts_shortcode({ trackid:'0', time:'00:31:58', ts_id:'6927d159910bc', play_icon:'' }) ;\">[00:31:58]<\/a> Pour essayer de remettre du suspense dans tout \u00e7a, le directeur du Tour de France aimerait mettre une limite au budget des \u00e9quipes. Parce que le probl\u00e8me, c&#8217;est que l&#8217;\u00e9quipe Sky a un budget beaucoup plus important donc elle peut offrir de meilleurs salaires et attirer tous les meilleurs coureurs du monde. Donc le directeur du Tour de France aimerait mettre fin \u00e0 \u00e7a en imposant une limite. Si une \u00e9quipe d\u00e9passe cette limite, si une \u00e9quipe a un budget sup\u00e9rieur, eh bien elle ne pourra pas participer au Tour de France. Pour le moment, c&#8217;est juste un projet et c&#8217;est pas s\u00fbr qu&#8217;il arrive \u00e0 le faire.<\/p>\n\n\n\n<p><a id=\"sonaar_ts-6927d159910c1\" class=\"srmp3_sonaar_ts_shortcode\"  style=\"\" href=\"javascript:sonaar_ts_shortcode({ trackid:'0', time:'00:32:38', ts_id:'6927d159910c1', play_icon:'' }) ;\">[00:32:38]<\/a> Je vous ai dit que le Tour de France \u00e9tait un \u00e9v\u00e8nement tr\u00e8s rentable, \u00e0 la fois pour les cha\u00eenes de t\u00e9l\u00e9vision, pour les sponsors, qui d\u00e9pensent beaucoup d&#8217;argent mais qui en re\u00e7oivent encore plus en retour (comme le Tour de France, c&#8217;est un \u00e9v\u00e9nement extr\u00eamement populaire, \u00e7a permet d&#8217;exposer les marques \u00e0 un public tr\u00e8s large).<\/p>\n\n\n\n<p><a id=\"sonaar_ts-6927d159910ca\" class=\"srmp3_sonaar_ts_shortcode\"  style=\"\" href=\"javascript:sonaar_ts_shortcode({ trackid:'0', time:'00:32:59', ts_id:'6927d159910ca', play_icon:'' }) ;\">[00:32:59]<\/a> Mais malgr\u00e9 \u00e7a, les coureurs ceux qui participent au Tour de France, eh bien ils sont plut\u00f4t mal pay\u00e9s. Bon, le vainqueur, \u00e7a va, parce qu&#8217;il remporte 450 000 euros. Le vainqueur du Tour de France obtient une prime de 450 000 euros. 200 000 euros pour le 2\u00e8me, 100 000 euros pour le 3\u00e8me, 8000 euros pour un vainqueur d&#8217;\u00e9tape (si on gagne une \u00e9tape, on obtient 8000 euros). Mais \u00e0 partir de la 90\u00e8me place, on gagne seulement 400 euros. Donc c&#8217;est vraiment pas beaucoup pour trois semaines de course et 3500 km.<\/p>\n\n\n\n<p><a id=\"sonaar_ts-6927d159910cf\" class=\"srmp3_sonaar_ts_shortcode\"  style=\"\" href=\"javascript:sonaar_ts_shortcode({ trackid:'0', time:'00:33:38', ts_id:'6927d159910cf', play_icon:'' }) ;\">[00:33:38]<\/a> Donc \u00e7a, \u00e7a montre que l&#8217;argent du Tour de France est pas n\u00e9cessairement utilis\u00e9 pour r\u00e9compenser les coureurs mais plut\u00f4t pour faire plaisir aux marques et leur donner l&#8217;exposition la plus grande possible.<\/p>\n\n\n\n<p><a id=\"sonaar_ts-6927d159910d5\" class=\"srmp3_sonaar_ts_shortcode\"  style=\"\" href=\"javascript:sonaar_ts_shortcode({ trackid:'0', time:'00:33:53', ts_id:'6927d159910d5', play_icon:'' }) ;\">[00:33:53]<\/a> Il y a un autre probl\u00e8me qui concerne le comportement des supporters fran\u00e7ais, surtout les supporters qui vont sur les routes, parce qu&#8217;il leur arrive d&#8217;attaquer par exemple certains coureurs. Donc il faut savoir qu&#8217;Armstrong \u00e9tait pas tr\u00e8s populaire, il \u00e9tait pas tr\u00e8s appr\u00e9ci\u00e9 du public fran\u00e7ais; comme c&#8217;\u00e9tait lui qui gagnait \u00e0 chaque fois, \u00e7a \u00e9nervait beaucoup de supporters et ils le soup\u00e7onnaient de se doper. Et puis maintenant, il y a cette m\u00eame col\u00e8re vis-\u00e0-vis du Britannique Christopher Froome. Ce qui fait que certains supporters insultent les coureurs quand ils passent, ils les attaquent, ils leur donnent des coups, ils essayent de les faire tomber de leur v\u00e9lo. Donc c&#8217;est vraiment pas des bonnes conditions. Ce sont des comportements qui sont intol\u00e9rables. Mais c&#8217;est difficile pour les organisateurs d&#8217;encadrer tout \u00e7a et de prot\u00e9ger les coureurs. Ce qui fait que certains coureurs se plaignent de \u00e7a, ils se plaignent du comportement des supporters fran\u00e7ais.<\/p>\n\n\n\n<p><a id=\"sonaar_ts-6927d159910da\" class=\"srmp3_sonaar_ts_shortcode\"  style=\"\" href=\"javascript:sonaar_ts_shortcode({ trackid:'0', time:'00:35:00', ts_id:'6927d159910da', play_icon:'' }) ;\">[00:35:00]<\/a> Le dernier probl\u00e8me, c&#8217;est l&#8217;image du Tour de France. Aujourd&#8217;hui, le Tour de France, c&#8217;est un peu ringard (autrement dit, c&#8217;est pas tr\u00e8s \u00e0 la mode). Le public de la course, c&#8217;est un public plut\u00f4t \u00e2g\u00e9 qui a grandi avec le Tour de France, mais les jeunes pr\u00e9f\u00e8rent regarder le foot. Dans le foot, il y a plus de stars fran\u00e7aises, il y a beaucoup de Fran\u00e7ais parmi les meilleurs footballeurs du monde. Ils sont tr\u00e8s charismatiques, ils gagnent \u00e9norm\u00e9ment d&#8217;argent. Au contraire, les coureurs fran\u00e7ais sont assez rarement dans le haut du classement. La derni\u00e8re fois qu&#8217;un Fran\u00e7ais a remport\u00e9 le Tour de France, c&#8217;\u00e9tait en 1985, c&#8217;\u00e9tait Bernard Hinault. Donc aujourd&#8217;hui, les jeunes pr\u00e9f\u00e8rent s&#8217;identifier aux meilleurs footballeur qu&#8217;aux coureurs fran\u00e7ais.<\/p>\n\n\n\n<p><a id=\"sonaar_ts-6927d159910df\" class=\"srmp3_sonaar_ts_shortcode\"  style=\"\" href=\"javascript:sonaar_ts_shortcode({ trackid:'0', time:'00:35:53', ts_id:'6927d159910df', play_icon:'' }) ;\">[00:35:53]<\/a> Ce qui fait que l&#8217;image du v\u00e9lo est devenue un peu ringarde en France. Et assez souvent, on dit que le Tour de France est un \u00e9v\u00e9nement pour les beaufs. Si vous ne savez pas ce qu&#8217;est un beauf, je vais pas vous l&#8217;expliquer parce que j&#8217;ai fait toute une vid\u00e9o sur ce sujet donc je vous invite \u00e0 aller la voir sur ma cha\u00eene YouTube.<\/p>\n\n\n\n<p><a id=\"sonaar_ts-6927d159910e8\" class=\"srmp3_sonaar_ts_shortcode\"  style=\"\" href=\"javascript:sonaar_ts_shortcode({ trackid:'0', time:'00:36:14', ts_id:'6927d159910e8', play_icon:'' }) ;\">[00:36:14]<\/a> Bref, aujourd&#8217;hui le Tour de France a du mal \u00e0 s\u00e9duire un public plus jeune. Et il a du mal \u00e0 rajeunir et moderniser son image.<\/p>\n\n\n\n<p><a id=\"sonaar_ts-6927d159910ee\" class=\"srmp3_sonaar_ts_shortcode\"  style=\"\" href=\"javascript:sonaar_ts_shortcode({ trackid:'0', time:'00:36:32', ts_id:'6927d159910ee', play_icon:'' }) ;\">[00:36:32]<\/a> Avant de terminer cet \u00e9pisode, on va \u00e9couter un deuxi\u00e8me t\u00e9moignage et pour respecter la parit\u00e9, cette fois ce sera celui d&#8217;une auditrice.<\/p>\n\n\n\n<p><a id=\"sonaar_ts-6927d159910f3\" class=\"srmp3_sonaar_ts_shortcode\"  style=\"\" href=\"javascript:sonaar_ts_shortcode({ trackid:'0', time:'00:36:44', ts_id:'6927d159910f3', play_icon:'' }) ;\">[00:36:44]<\/a> Bonjour Hugo,<\/p>\n\n\n\n<p>Je m&#8217;appelle Lily et j&#8217;habite \u00e0 Shangha\u00ef, en Chine. Je suis hollandaise et chinoise. Merci beaucoup pour votre podcast. Cela m&#8217;a beaucoup aid\u00e9. Je l&#8217;\u00e9coute toute la journ\u00e9e quand je vais \u00e0 l&#8217;\u00e9cole et quand je rentre \u00e0 la maison. Au total, je pratique le fran\u00e7ais environ 80 minutes par jour.<\/p>\n\n\n\n<p><a id=\"sonaar_ts-6927d159910f8\" class=\"srmp3_sonaar_ts_shortcode\"  style=\"\" href=\"javascript:sonaar_ts_shortcode({ trackid:'0', time:'00:37:08', ts_id:'6927d159910f8', play_icon:'' }) ;\">[00:37:08]<\/a> Pour me rendre utile, je voudrais parler un peu de la fa\u00e7on dont j&#8217;ai appris cette langue en deux ans. Je pense que vos auditeurs connaissent d\u00e9j\u00e0 les bases pour apprendre une nouvelle langue. Donc je voudrais leur donner quelques petites astuces qui m&#8217;ont beaucoup aid\u00e9.<\/p>\n\n\n\n<p><a id=\"sonaar_ts-6927d159910fd\" class=\"srmp3_sonaar_ts_shortcode\"  style=\"\" href=\"javascript:sonaar_ts_shortcode({ trackid:'0', time:'00:37:30', ts_id:'6927d159910fd', play_icon:'' }) ;\">[00:37:30]<\/a> Tout d&#8217;abord, un moyen inter\u00e9ssant d&#8217;apprendre des nouveaux mots de vocabulaire et de vous en entourer. J&#8217;ai \u00e9crit des noms et des phrases courtes sur des sticky notes et je les ai coll\u00e9es dans toute ma maison. Par exemple, j&#8217;ai \u00e9crit le mot &#8220;une cuill\u00e8re&#8221; et &#8220;une fourchette&#8221; sur un post-it et je l&#8217;ai laiss\u00e9 sur la table de ma cuisine. Ou alors, j&#8217;ai \u00e9crit la phrase &#8220;je m&#8217;\u00e9tire tous les matins&#8221; sur mon bureau. De cette fa\u00e7on, je m&#8217;entoure de la langue fran\u00e7aise et je peux la voir toute la journ\u00e9e.<\/p>\n\n\n\n<p><a id=\"sonaar_ts-6927d15991102\" class=\"srmp3_sonaar_ts_shortcode\"  style=\"\" href=\"javascript:sonaar_ts_shortcode({ trackid:'0', time:'00:38:16', ts_id:'6927d15991102', play_icon:'' }) ;\">[00:38:16]<\/a> Une autre chose que j&#8217;ai faite est de lire des livres en fran\u00e7ais. Je sais que vous avez dit qu&#8217;ils ne sont pas toujours les plus utiles, mais je les appr\u00e9cie vraiment. Par exemple, je lis Le Petit Prince en ce moment. Et ce que je fais, c&#8217;est que je lis chaque chapitre une ou deux fois avant de chercher les mots que j&#8217;ai du mal \u00e0 comprendre. Apr\u00e8s cela, j&#8217;\u00e9coute le livre audio sur YouTube et le r\u00e9p\u00e8te avec l&#8217;orateur. De cette fa\u00e7on, vous pouvez am\u00e9liorer votre prononciation facilement.<\/p>\n\n\n\n<p><a id=\"sonaar_ts-6927d15991108\" class=\"srmp3_sonaar_ts_shortcode\"  style=\"\" href=\"javascript:sonaar_ts_shortcode({ trackid:'0', time:'00:39:01', ts_id:'6927d15991108', play_icon:'' }) ;\">[00:39:01]<\/a> Enfin, mon dernier conseil est de trouver un correspondant pour \u00e9crire chaque semaine ou chaque mois. J&#8217;ai envoy\u00e9 un message sur une app pour les \u00e9tudiants et j&#8217;ai trouv\u00e9 deux autres \u00e9tudiants fran\u00e7ais \u00e0 qui j&#8217;ai parl\u00e9 pendant quelques mois. Je conseille \u00e0 vos auditeurs de regarder aussi des films ou s\u00e9ries fran\u00e7ais. Mon film pr\u00e9f\u00e9r\u00e9 est Nothing to hide et la s\u00e9rie, The Hookup Plan. Si vous avez Netflix, vous pouvez les trouver facilement. Et pour la musique, je trouve que la chanteuse Ang\u00e8le a beaucoup de chansons dans lesquelles elle chante tr\u00e8s clairement.<\/p>\n\n\n\n<p><a id=\"sonaar_ts-6927d1599110d\" class=\"srmp3_sonaar_ts_shortcode\"  style=\"\" href=\"javascript:sonaar_ts_shortcode({ trackid:'0', time:'00:39:47', ts_id:'6927d1599110d', play_icon:'' }) ;\">[00:39:47]<\/a> Bref, merci de m&#8217;avoir \u00e9cout\u00e9e et je vous souhaite du succ\u00e8s dans l&#8217;avenir.<\/p>\n\n\n\n<p><a id=\"sonaar_ts-6927d15991116\" class=\"srmp3_sonaar_ts_shortcode\"  style=\"\" href=\"javascript:sonaar_ts_shortcode({ trackid:'0', time:'00:39:53', ts_id:'6927d15991116', play_icon:'' }) ;\">[00:39:53]<\/a> Un grand merci, Lily, pour tous les conseils que tu as donn\u00e9s. Je pense que \u00e7a va aider et inspirer les auditeurs du podcast. Le mot &#8220;sticky notes&#8221;, en fran\u00e7ais, on le dit &#8220;post-it&#8221; (donc c&#8217;est la marque, en fait, de ce produit &#8211; post-it). Et je trouve que c&#8217;est une bonne id\u00e9e de mettre des post-it dans toute sa maison pour apprendre le vocabulaire. Bon, c&#8217;est pas toujours facile ou c&#8217;est pas toujours possible en fonction des personnes avec qui on vit. Mais pour celles et ceux qui ont une m\u00e9moire visuelle, effectivement \u00e7a peut vous aider de mettre des post-it avec le nom des meubles, avec le nom de diff\u00e9rentes activit\u00e9s que vous faites, pour vous aider \u00e0 les m\u00e9moriser.<\/p>\n\n\n\n<p><a id=\"sonaar_ts-6927d1599111b\" class=\"srmp3_sonaar_ts_shortcode\"  style=\"\" href=\"javascript:sonaar_ts_shortcode({ trackid:'0', time:'00:40:39', ts_id:'6927d1599111b', play_icon:'' }) ;\">[00:40:39]<\/a> Pour finir, un grand merci \u00e0 celles et ceux qui ont laiss\u00e9 des \u00e9valuations sur iTunes, des recommandations sur Facebook, des commentaires sur YouTube. Merci pour votre soutien. Sans vous, \u00e7a aurait aucun sens de faire tout \u00e7a. Donc c&#8217;est tr\u00e8s gentil de prendre le temps de m&#8217;\u00e9crire et de me remercier. \u00c7a me fait extr\u00eamement plaisir. On se retrouve dans deux semaines pour un nouvel \u00e9pisode et d&#8217;ici l\u00e0, n&#8217;oubliez pas de faire un peu de fran\u00e7ais tous les jours. \u00c0 bient\u00f4t, ciao !<\/p>\n","protected":false},"excerpt":{"rendered":"<p>Salut \u00e0 toutes et \u00e0 tous, bienvenue pour ce nouvel \u00e9pisode ! J&#8217;esp\u00e8re que vous \u00eates en forme. Moi oui parce que je rentre juste d&#8217;un petit week end \u00e0 Paris. Si vous \u00eates abonn\u00e9 \u00e0 ma cha\u00eene Youtube, vous le savez d\u00e9j\u00e0 parce que j&#8217;ai publi\u00e9 une vid\u00e9o sur ce sujet. Pour ceux qui&#8230;<\/p>\n","protected":false},"author":1,"featured_media":289657,"comment_status":"open","ping_status":"open","sticky":false,"template":"","format":[189],"meta":{"_acf_changed":false,"_kad_blocks_custom_css":"","_kad_blocks_head_custom_js":"","_kad_blocks_body_custom_js":"","_kad_blocks_footer_custom_js":"","_kad_post_transparent":"","_kad_post_title":"","_kad_post_layout":"","_kad_post_sidebar_id":"","_kad_post_content_style":"","_kad_post_vertical_padding":"","_kad_post_feature":"","_kad_post_feature_position":"","_kad_post_header":false,"_kad_post_footer":false,"_kad_post_classname":"","footnotes":""},"categories":[168],"tags":[175,180,184],"class_list":["post-2467","post","type-post","status-publish","format-standard","has-post-thumbnail","hentry","category-podcast","tag-france","tag-histoire","tag-sport","format-solo-hugo"],"acf":[],"taxonomy_info":{"category":[{"value":168,"label":"Podcast"}],"post_tag":[{"value":175,"label":"France"},{"value":180,"label":"Histoire"},{"value":184,"label":"Sport"}],"format":[{"value":189,"label":"Solo Hugo"}]},"featured_image_src_large":["https:\/\/innerfrench.com\/wp-content\/uploads\/2019\/07\/tour-de-France-e1718020984283-750x406.jpg",750,406,true],"author_info":{"display_name":"Hugo","author_link":"https:\/\/innerfrench.com\/author\/innerfrench-2-2-2-2-2-2-2-2-2-2-2-2-2-2-2-2-2-2-2\/"},"comment_info":7,"category_info":[{"term_id":168,"name":"Podcast","slug":"podcast","term_group":0,"term_taxonomy_id":168,"taxonomy":"category","description":"","parent":0,"count":185,"filter":"raw","cat_ID":168,"category_count":185,"category_description":"","cat_name":"Podcast","category_nicename":"podcast","category_parent":0}],"tag_info":[{"term_id":175,"name":"France","slug":"france","term_group":0,"term_taxonomy_id":175,"taxonomy":"post_tag","description":"","parent":0,"count":100,"filter":"raw"},{"term_id":180,"name":"Histoire","slug":"histoire","term_group":0,"term_taxonomy_id":180,"taxonomy":"post_tag","description":"","parent":0,"count":35,"filter":"raw"},{"term_id":184,"name":"Sport","slug":"sport","term_group":0,"term_taxonomy_id":184,"taxonomy":"post_tag","description":"","parent":0,"count":5,"filter":"raw"}],"_links":{"self":[{"href":"https:\/\/innerfrench.com\/wp-json\/wp\/v2\/posts\/2467","targetHints":{"allow":["GET"]}}],"collection":[{"href":"https:\/\/innerfrench.com\/wp-json\/wp\/v2\/posts"}],"about":[{"href":"https:\/\/innerfrench.com\/wp-json\/wp\/v2\/types\/post"}],"author":[{"embeddable":true,"href":"https:\/\/innerfrench.com\/wp-json\/wp\/v2\/users\/1"}],"replies":[{"embeddable":true,"href":"https:\/\/innerfrench.com\/wp-json\/wp\/v2\/comments?post=2467"}],"version-history":[{"count":1,"href":"https:\/\/innerfrench.com\/wp-json\/wp\/v2\/posts\/2467\/revisions"}],"predecessor-version":[{"id":294182,"href":"https:\/\/innerfrench.com\/wp-json\/wp\/v2\/posts\/2467\/revisions\/294182"}],"wp:featuredmedia":[{"embeddable":true,"href":"https:\/\/innerfrench.com\/wp-json\/wp\/v2\/media\/289657"}],"wp:attachment":[{"href":"https:\/\/innerfrench.com\/wp-json\/wp\/v2\/media?parent=2467"}],"wp:term":[{"taxonomy":"category","embeddable":true,"href":"https:\/\/innerfrench.com\/wp-json\/wp\/v2\/categories?post=2467"},{"taxonomy":"post_tag","embeddable":true,"href":"https:\/\/innerfrench.com\/wp-json\/wp\/v2\/tags?post=2467"},{"taxonomy":"format","embeddable":true,"href":"https:\/\/innerfrench.com\/wp-json\/wp\/v2\/format?post=2467"}],"curies":[{"name":"wp","href":"https:\/\/api.w.org\/{rel}","templated":true}]}}