{"id":289567,"date":"2021-03-18T11:03:47","date_gmt":"2021-03-18T10:03:47","guid":{"rendered":"https:\/\/innerfrench.com\/?p=198691"},"modified":"2025-09-30T10:45:58","modified_gmt":"2025-09-30T08:45:58","slug":"90-apprendre-francais-sans-vivre-pays-francophone","status":"publish","type":"post","link":"https:\/\/innerfrench.com\/90-apprendre-francais-sans-vivre-pays-francophone\/","title":{"rendered":"#90 Apprendre le fran\u00e7ais sans vivre dans un pays francophone"},"content":{"rendered":"\n<p><a id=\"sonaar_ts-6927d1bc12763\" class=\"srmp3_sonaar_ts_shortcode\"  style=\"\" href=\"javascript:sonaar_ts_shortcode({ trackid:'0', time:'00:00:16', ts_id:'6927d1bc12763', play_icon:'' }) ;\">[00:00:16]<\/a> Salut \u00e0 toutes et \u00e0 tous. Bienvenue ! Je suis tr\u00e8s content de vous retrouver avec un nouveau jingle. Vous avez entendu que la musique d&#8217;introduction a chang\u00e9. \u00c7a faisait un moment que j&#8217;avais envie d&#8217;une nouvelle musique pour le podcast, donc j&#8217;ai demand\u00e9 \u00e0 Chris, mon ing\u00e9nieur du son, qui a demand\u00e9 \u00e0 un de ses amis musiciens et voil\u00e0 le r\u00e9sultat. Je sais pas ce que vous en pensez, mais moi, j&#8217;adore ce nouveau jingle. J&#8217;en suis tr\u00e8s content. Donc, j&#8217;esp\u00e8re qu&#8217;il va vous plaire \u00e0 vous aussi.<\/p>\n\n\n\n<p><a id=\"sonaar_ts-6927d1bc12773\" class=\"srmp3_sonaar_ts_shortcode\"  style=\"\" href=\"javascript:sonaar_ts_shortcode({ trackid:'0', time:'00:00:47', ts_id:'6927d1bc12773', play_icon:'' }) ;\">[00:00:47]<\/a> Dans l&#8217;\u00e9pisode d&#8217;aujourd&#8217;hui, je vous propose d&#8217;\u00e9couter une interview, et pas n&#8217;importe laquelle : une interview d&#8217;Anna. Anna, comme vous le savez peut-\u00eatre, c&#8217;est la premi\u00e8re recrue d&#8217;innerFrench. Elle a rejoint l&#8217;entreprise au mois de septembre. Donc maintenant, elle est prof, chez innerFrench. Dans cette interview, vous allez entendre comment Anna a appris le fran\u00e7ais. Et ce qui est vraiment impressionnant, c&#8217;est qu&#8217;elle n&#8217;a jamais v\u00e9cu en France ni dans un pays francophone. Elle a appris le fran\u00e7ais tout en restant en Pologne. Parfois, on entend que c&#8217;est impossible d&#8217;apprendre une langue sans vivre dans le pays o\u00f9 elle est parl\u00e9e. Eh bien, Anna est la preuve du contraire.<\/p>\n\n\n\n<p><a id=\"sonaar_ts-6927d1bc1277b\" class=\"srmp3_sonaar_ts_shortcode\"  style=\"\" href=\"javascript:sonaar_ts_shortcode({ trackid:'0', time:'00:01:33', ts_id:'6927d1bc1277b', play_icon:'' }) ;\">[00:01:33]<\/a> Dans cet \u00e9pisode, elle va nous expliquer quelle m\u00e9thode et quels outils elle a utilis\u00e9s pour apprendre le fran\u00e7ais. Elle va vous donner, par exemple, quelques conseils de lecture qui sont tr\u00e8s originaux, des livres qu&#8217;on voit rarement recommand\u00e9s pour apprendre le fran\u00e7ais. Elle va aussi vous raconter comment elle a fait pour enfin comprendre les films fran\u00e7ais sans les sous-titres. \u00c7a, je sais que c&#8217;est une difficult\u00e9 que beaucoup d&#8217;entre vous ont, cette diff\u00e9rence entre le fran\u00e7ais formel que vous apprenez, dans les cours ou dans les livres de fran\u00e7ais, et le fran\u00e7ais informel que vous pouvez entendre dans les films.<\/p>\n\n\n\n<p><a id=\"sonaar_ts-6927d1bc12784\" class=\"srmp3_sonaar_ts_shortcode\"  style=\"\" href=\"javascript:sonaar_ts_shortcode({ trackid:'0', time:'00:02:21', ts_id:'6927d1bc12784', play_icon:'' }) ;\">[00:02:21]<\/a> On va parler de tous ces sujets dans cet \u00e9pisode. \u00c7a va aussi \u00eatre l&#8217;occasion pour vous de faire la connaissance d&#8217;Anna. Et j&#8217;esp\u00e8re que son histoire va vous motiver \u00e0 continuer d&#8217;apprendre la langue de Moli\u00e8re. Voil\u00e0, sans plus attendre, je vous propose d&#8217;\u00e9couter l&#8217;interview avec Anna.<\/p>\n\n\n\n<p>Hugo: <a id=\"sonaar_ts-6927d1bc1278a\" class=\"srmp3_sonaar_ts_shortcode\"  style=\"\" href=\"javascript:sonaar_ts_shortcode({ trackid:'0', time:'00:02:52', ts_id:'6927d1bc1278a', play_icon:'' }) ;\">[00:02:52]<\/a> Bon, salut Anna !<\/p>\n\n\n\n<p>Anna: <a id=\"sonaar_ts-6927d1bc1278e\" class=\"srmp3_sonaar_ts_shortcode\"  style=\"\" href=\"javascript:sonaar_ts_shortcode({ trackid:'0', time:'00:02:55', ts_id:'6927d1bc1278e', play_icon:'' }) ;\">][00:02:55]<\/a> Salut !<\/p>\n\n\n\n<p>Hugo: <a id=\"sonaar_ts-6927d1bc12793\" class=\"srmp3_sonaar_ts_shortcode\"  style=\"\" href=\"javascript:sonaar_ts_shortcode({ trackid:'0', time:'00:02:55', ts_id:'6927d1bc12793', play_icon:'' }) ;\">[00:02:55]<\/a> Merci d&#8217;avoir accept\u00e9 mon invitation.<\/p>\n\n\n\n<p>Anna: <a id=\"sonaar_ts-6927d1bc12798\" class=\"srmp3_sonaar_ts_shortcode\"  style=\"\" href=\"javascript:sonaar_ts_shortcode({ trackid:'0', time:'00:02:57', ts_id:'6927d1bc12798', play_icon:'' }) ;\">[00:02:57]<\/a> De rien, avec plaisir.<\/p>\n\n\n\n<p>Hugo: <a id=\"sonaar_ts-6927d1bc1279d\" class=\"srmp3_sonaar_ts_shortcode\"  style=\"\" href=\"javascript:sonaar_ts_shortcode({ trackid:'0', time:'00:02:59', ts_id:'6927d1bc1279d', play_icon:'' }) ;\">[00:02:59]<\/a> Bon de toute fa\u00e7on, tu as pas vraiment le choix mais&#8230;<br>Alors, je suis tr\u00e8s content d&#8217;\u00eatre l\u00e0 avec toi. En plus, on peut faire cette interview ensemble, dans la m\u00eame pi\u00e8ce et pas sur Internet. Parce que, comme vous le savez, je suis \u00e0 Cracovie en ce moment. Et Anna, toi, tu es originaire aussi de Cracovie.<\/p>\n\n\n\n<p>Anna: <a id=\"sonaar_ts-6927d1bc127a1\" class=\"srmp3_sonaar_ts_shortcode\"  style=\"\" href=\"javascript:sonaar_ts_shortcode({ trackid:'0', time:'00:03:18', ts_id:'6927d1bc127a1', play_icon:'' }) ;\">[00:03:18]<\/a> C&#8217;est \u00e7a, exactement. Je suis n\u00e9e ici. C&#8217;est ma ville natale. Donc \u00e0 Cracovie, l&#8217;ancienne capitale de la Pologne.<\/p>\n\n\n\n<p>Hugo: <a id=\"sonaar_ts-6927d1bc127a6\" class=\"srmp3_sonaar_ts_shortcode\"  style=\"\" href=\"javascript:sonaar_ts_shortcode({ trackid:'0', time:'00:03:25', ts_id:'6927d1bc127a6', play_icon:'' }) ;\">[00:03:25]<\/a> Ok, ok, et tu as jamais quitt\u00e9 Cracovie ?<\/p>\n\n\n\n<p>Anna: <a id=\"sonaar_ts-6927d1bc127aa\" class=\"srmp3_sonaar_ts_shortcode\"  style=\"\" href=\"javascript:sonaar_ts_shortcode({ trackid:'0', time:'00:03:28', ts_id:'6927d1bc127aa', play_icon:'' }) ;\">[00:03:28]<\/a> J&#8217;ai jamais quitt\u00e9 Cracovie pour longtemps. Oui, c&#8217;est vrai. Mon voyage le plus long, c&#8217;\u00e9tait l&#8217;ann\u00e9e derni\u00e8re. J&#8217;ai voyag\u00e9 un peu en Australie et en Nouvelle-Z\u00e9lande. Donc le projet, a priori c&#8217;\u00e9tait d&#8217;y rester un an. Mais malheureusement, \u00e0 cause de la pand\u00e9mie, j&#8217;ai d\u00fb changer mes plans et j&#8217;ai d\u00fb revenir en Pologne.<\/p>\n\n\n\n<p>Hugo: <a id=\"sonaar_ts-6927d1bc127af\" class=\"srmp3_sonaar_ts_shortcode\"  style=\"\" href=\"javascript:sonaar_ts_shortcode({ trackid:'0', time:'00:03:48', ts_id:'6927d1bc127af', play_icon:'' }) ;\">[00:03:48]<\/a> Bon, je sais que c&#8217;est un peu difficile \u00e0 dire quand on habite quelque part pendant des ann\u00e9es, c&#8217;est difficile de savoir encore ce qu&#8217;on appr\u00e9cie dans cet endroit. Mais, toi, quand tu rencontres des touristes, par exemple \u00e0 l&#8217;\u00e9tranger, comment tu leur d\u00e9cris Cracovie ?<\/p>\n\n\n\n<p>Anna: <a id=\"sonaar_ts-6927d1bc127b3\" class=\"srmp3_sonaar_ts_shortcode\"  style=\"\" href=\"javascript:sonaar_ts_shortcode({ trackid:'0', time:'00:04:08', ts_id:'6927d1bc127b3', play_icon:'' }) ;\">[00:04:08]<\/a> Ce que j&#8217;appr\u00e9cie toujours dans cette ville, je sais que les touristes, ils l&#8217;appr\u00e9cient aussi, c&#8217;est l&#8217;ambiance de la ville. C&#8217;est une ville tr\u00e8s artistique. Plein d&#8217;\u00e9tudiants, plein d&#8217;\u00e9trangers aussi, qui apportent, je pense, beaucoup de couleurs, ici, dans notre ville. Je dis aussi que Cracovie, c&#8217;est peut-\u00eatre la seule ville qui a \u00e9t\u00e9 \u00e9pargn\u00e9e pendant la Deuxi\u00e8me Guerre mondiale. Donc c&#8217;est pourquoi on peut trouver des traces de toutes les \u00e9poques ici. Les immeubles, ils sont parfaitement conserv\u00e9s. Donc c&#8217;est une ville qui est&#8230; C&#8217;est une ville qui est tr\u00e8s&#8230; C&#8217;est une ville historique, qui est pleine de&#8230; Je sais pas quoi&#8230;<\/p>\n\n\n\n<p>Hugo: <a id=\"sonaar_ts-6927d1bc127b7\" class=\"srmp3_sonaar_ts_shortcode\"  style=\"\" href=\"javascript:sonaar_ts_shortcode({ trackid:'0', time:'00:04:57', ts_id:'6927d1bc127b7', play_icon:'' }) ;\">[00:04:57]<\/a> Nan ok, c&#8217;est vrai que, architecturalement&#8230;, moi, en venant de Varsovie, effectivement, c&#8217;est tr\u00e8s diff\u00e9rent.<\/p>\n\n\n\n<p>Anna: <a id=\"sonaar_ts-6927d1bc127bc\" class=\"srmp3_sonaar_ts_shortcode\"  style=\"\" href=\"javascript:sonaar_ts_shortcode({ trackid:'0', time:'00:05:03', ts_id:'6927d1bc127bc', play_icon:'' }) ;\">[00:05:03]<\/a> C&#8217;est vrai, oui.<\/p>\n\n\n\n<p>Hugo: <a id=\"sonaar_ts-6927d1bc127c0\" class=\"srmp3_sonaar_ts_shortcode\"  style=\"\" href=\"javascript:sonaar_ts_shortcode({ trackid:'0', time:'00:05:05', ts_id:'6927d1bc127c0', play_icon:'' }) ;\">[00:05:05]<\/a> Je sais pas si c&#8217;est le cas, mais j&#8217;imagine que Varsovie, avant d&#8217;\u00eatre totalement d\u00e9truite pendant la Seconde Guerre mondiale, \u00e7a ressemblait peut-\u00eatre un peu plus \u00e0 Cracovie.<\/p>\n\n\n\n<p>Anna: <a id=\"sonaar_ts-6927d1bc127c5\" class=\"srmp3_sonaar_ts_shortcode\"  style=\"\" href=\"javascript:sonaar_ts_shortcode({ trackid:'0', time:'00:05:14', ts_id:'6927d1bc127c5', play_icon:'' }) ;\">[00:05:14]<\/a> Oui, c&#8217;est s\u00fbr, c&#8217;est s\u00fbr. Donc malheureusement, Varsovie n&#8217;a pas \u00e9t\u00e9 \u00e9pargn\u00e9e comme Cracovie, et on a d\u00fb reconstruire. Je pense que les constructions sont assez fid\u00e8les, mais quand m\u00eame, ce sont seulement les reconstructions de ce qui existait avant.<\/p>\n\n\n\n<p>Hugo: <a id=\"sonaar_ts-6927d1bc127ca\" class=\"srmp3_sonaar_ts_shortcode\"  style=\"\" href=\"javascript:sonaar_ts_shortcode({ trackid:'0', time:'00:05:29', ts_id:'6927d1bc127ca', play_icon:'' }) ;\">[00:05:29]<\/a> Ouais, et c&#8217;est seulement dans la vieille ville, en plus, de Varsovie, que tout \u00e7a a \u00e9t\u00e9 reconstruit. Et c&#8217;est vrai que, bon, pour les personnes qui y sont d\u00e9j\u00e0 all\u00e9es, \u00e7a ressemble un peu \u00e0 un d\u00e9cor de th\u00e9\u00e2tre, parfois.<\/p>\n\n\n\n<p>Anna: <a id=\"sonaar_ts-6927d1bc127ce\" class=\"srmp3_sonaar_ts_shortcode\"  style=\"\" href=\"javascript:sonaar_ts_shortcode({ trackid:'0', time:'00:05:40', ts_id:'6927d1bc127ce', play_icon:'' }) ;\">[00:05:40]<\/a> C&#8217;est vrai, oui.<\/p>\n\n\n\n<p>Hugo: <a id=\"sonaar_ts-6927d1bc127d2\" class=\"srmp3_sonaar_ts_shortcode\"  style=\"\" href=\"javascript:sonaar_ts_shortcode({ trackid:'0', time:'00:05:41', ts_id:'6927d1bc127d2', play_icon:'' }) ;\">[00:05:41]<\/a> \u00c7a fait un peu, un peu, Disneyland. Un peu artificiel. Mais c&#8217;est tr\u00e8s joli quand m\u00eame. Et il y a une petite rivalit\u00e9 entre Varsovie et Cracovie, non ?<\/p>\n\n\n\n<p>Anna: <a id=\"sonaar_ts-6927d1bc127d7\" class=\"srmp3_sonaar_ts_shortcode\"  style=\"\" href=\"javascript:sonaar_ts_shortcode({ trackid:'0', time:'00:05:50', ts_id:'6927d1bc127d7', play_icon:'' }) ;\">[00:05:50]<\/a> Une petite. Une petite, oui. Je pense que quand j&#8217;\u00e9tais plus jeune, je n&#8217;aimais pas trop Varsovie. Mais tu sais j&#8217;\u00e9tais&#8230; C&#8217;\u00e9tait pas pour une raison concr\u00e8te, je pense, mais c&#8217;\u00e9tait&#8230; Oui, c&#8217;\u00e9tait quelque part, je sais pas, dans mon ADN, je sais pas, de Cracovienne, que Varsovie, c&#8217;est pas trop sympa. Mais en fait, maintenant, j&#8217;aime beaucoup. C&#8217;est diff\u00e9rent de Cracovie. C&#8217;est plus&#8230; Il y a plus d&#8217;espace, d&#8217;espaces verts aussi. Et j&#8217;aime bien. J&#8217;appr\u00e9cie beaucoup de choses \u00e0 Varsovie. Des choses qui sont diff\u00e9rentes de Cracovie.<\/p>\n\n\n\n<p>Hugo: <a id=\"sonaar_ts-6927d1bc127dc\" class=\"srmp3_sonaar_ts_shortcode\"  style=\"\" href=\"javascript:sonaar_ts_shortcode({ trackid:'0', time:'00:06:26', ts_id:'6927d1bc127dc', play_icon:'' }) ;\">[00:06:26]<\/a> Je pense que dans beaucoup de pays, il y a toujours cette&#8230; peut-\u00eatre pas jalousie, mais un peu cette rivalit\u00e9 avec la capitale. Surtout que&#8230; Non, Cracovie, c&#8217;est pas la deuxi\u00e8me ville en Pologne ? C&#8217;est la troisi\u00e8me en termes d&#8217;habitants ?<\/p>\n\n\n\n<p>Anna: <a id=\"sonaar_ts-6927d1bc127e0\" class=\"srmp3_sonaar_ts_shortcode\"  style=\"\" href=\"javascript:sonaar_ts_shortcode({ trackid:'0', time:'00:06:40', ts_id:'6927d1bc127e0', play_icon:'' }) ;\">[00:06:40]<\/a> Troisi\u00e8me, il me semble, oui.<\/p>\n\n\n\n<p>Hugo: <a id=\"sonaar_ts-6927d1bc127e5\" class=\"srmp3_sonaar_ts_shortcode\"  style=\"\" href=\"javascript:sonaar_ts_shortcode({ trackid:'0', time:'00:06:41', ts_id:'6927d1bc127e5', play_icon:'' }) ;\">[00:06:41]<\/a> \u0141\u00f3d\u017c, il me semble que c&#8217;est la deuxi\u00e8me.<\/p>\n\n\n\n<p><a id=\"sonaar_ts-6927d1bc127e9\" class=\"srmp3_sonaar_ts_shortcode\"  style=\"\" href=\"javascript:sonaar_ts_shortcode({ trackid:'0', time:'00:06:42', ts_id:'6927d1bc127e9', play_icon:'' }) ;\">[00:06:42]<\/a> Oui peut-\u00eatre. Oui, oui.<\/p>\n\n\n\n<p>Hugo: <a id=\"sonaar_ts-6927d1bc127ee\" class=\"srmp3_sonaar_ts_shortcode\"  style=\"\" href=\"javascript:sonaar_ts_shortcode({ trackid:'0', time:'00:06:42', ts_id:'6927d1bc127ee', play_icon:'' }) ;\">[00:06:42]<\/a> Ouais ok&#8230; Mais bon voil\u00e0, il y a toujours un peu ces rivalit\u00e9s entre les grandes villes et la capitale. Et bon, la Pologne ne fait pas exception, on va dire.<\/p>\n\n\n\n<p>Hugo: <a id=\"sonaar_ts-6927d1bc127f2\" class=\"srmp3_sonaar_ts_shortcode\"  style=\"\" href=\"javascript:sonaar_ts_shortcode({ trackid:'0', time:'00:06:50', ts_id:'6927d1bc127f2', play_icon:'' }) ;\">[00:06:50]<\/a> Oui, oui. Je pense que c&#8217;est plut\u00f4t commun \u00e0 tous les pays.<\/p>\n\n\n\n<p>Hugo: <a id=\"sonaar_ts-6927d1bc127f6\" class=\"srmp3_sonaar_ts_shortcode\"  style=\"\" href=\"javascript:sonaar_ts_shortcode({ trackid:'0', time:'00:00:00', ts_id:'6927d1bc127f6', play_icon:'' }) ;\">[00:06:54]<\/a> Ok. Alors, dans cet \u00e9pisode, j&#8217;aimerais qu&#8217;on parle de ton apprentissage du fran\u00e7ais parce que, voil\u00e0, comme vous l&#8217;avez entendu, Anna, est polonaise, elle est n\u00e9e \u00e0 Cracovie, elle a grandi \u00e0 Cracovie. Donc voil\u00e0, t&#8217;es 100% Polonaise. T&#8217;avais pas de Fran\u00e7ais dans ta famille quelque part ?<\/p>\n\n\n\n<p><a id=\"sonaar_ts-6927d1bc127fb\" class=\"srmp3_sonaar_ts_shortcode\"  style=\"\" href=\"javascript:sonaar_ts_shortcode({ trackid:'0', time:'00:07:14', ts_id:'6927d1bc127fb', play_icon:'' }) ;\">[00:07:14]<\/a> 100 % polonaise, je confirme.<\/p>\n\n\n\n<p>Hugo: <a id=\"sonaar_ts-6927d1bc127ff\" class=\"srmp3_sonaar_ts_shortcode\"  style=\"\" href=\"javascript:sonaar_ts_shortcode({ trackid:'0', time:'00:07:16', ts_id:'6927d1bc127ff', play_icon:'' }) ;\">[00:07:16]<\/a> Donc, comment \u00e7a a commenc\u00e9, ton aventure avec le fran\u00e7ais ? Est-ce que tu te souviens un peu de tes premiers contacts avec la langue ?<\/p>\n\n\n\n<p>Anna: <a id=\"sonaar_ts-6927d1bc12803\" class=\"srmp3_sonaar_ts_shortcode\"  style=\"\" href=\"javascript:sonaar_ts_shortcode({ trackid:'0', time:'00:07:26', ts_id:'6927d1bc12803', play_icon:'' }) ;\">[00:07:26]<\/a> Je pense que mes premiers contacts, vraiment premiers contacts, c&#8217;\u00e9tait des chansons fran\u00e7aises qui passaient \u00e0 la radio. Parce que vous devez savoir que les Polonais, ils sont tr\u00e8s francophiles. Ils adorent surtout la musique fran\u00e7aise. Donc, je pense que c&#8217;est l\u00e0 o\u00f9 j&#8217;ai entendu pour la premi\u00e8re fois quelqu&#8217;un parler ou plut\u00f4t chanter en fran\u00e7ais. Mais j&#8217;ai commenc\u00e9 \u00e0 apprendre le fran\u00e7ais \u00e0 l&#8217;\u00e2ge de 13 ans, vraiment. Donc c&#8217;est l\u00e0 que j&#8217;ai d\u00e9couvert vraiment la langue.<\/p>\n\n\n\n<p>Hugo : <a id=\"sonaar_ts-6927d1bc12808\" class=\"srmp3_sonaar_ts_shortcode\"  style=\"\" href=\"javascript:sonaar_ts_shortcode({ trackid:'0', time:'00:07:53', ts_id:'6927d1bc12808', play_icon:'' }) ;\">[00:07:53]<\/a> Et tu te souviens du type de chansons qui passaient \u00e0 la radio ? Est-ce que c&#8217;\u00e9tait, voil\u00e0, \u00c9dith Piaf, etc., la vieille vari\u00e9t\u00e9 ou des choses un peu plus modernes ?<\/p>\n\n\n\n<p><a id=\"sonaar_ts-6927d1bc1280c\" class=\"srmp3_sonaar_ts_shortcode\"  style=\"\" href=\"javascript:sonaar_ts_shortcode({ trackid:'0', time:'00:08:01', ts_id:'6927d1bc1280c', play_icon:'' }) ;\">[00:08:01]<\/a> Oui. C&#8217;\u00e9taient pas des chansons si vieilles que \u00e7a, que par exemple Edith Piaf (m\u00eame si les Polonais, ils aiment bien Edith Piaf, Charles Aznavour, bien s\u00fbr). Non, c&#8217;\u00e9tait plut\u00f4t des chansons pop, des chansons qui peut-\u00eatre passaient aussi \u00e0 la radio en France, je sais pas. Je me souviens pas malheureusement des titres maintenant.<\/p>\n\n\n\n<p><a id=\"sonaar_ts-6927d1bc12810\" class=\"srmp3_sonaar_ts_shortcode\"  style=\"\" href=\"javascript:sonaar_ts_shortcode({ trackid:'0', time:'00:08:24', ts_id:'6927d1bc12810', play_icon:'' }) ;\">[00:08:24]<\/a> OK. Donc il y avait aussi des choses un peu plus actuelles ?<\/p>\n\n\n\n<p><a id=\"sonaar_ts-6927d1bc12815\" class=\"srmp3_sonaar_ts_shortcode\"  style=\"\" href=\"javascript:sonaar_ts_shortcode({ trackid:'0', time:'00:08:27', ts_id:'6927d1bc12815', play_icon:'' }) ;\">[00:08:27]<\/a> Oui. Plus actuelles, oui.<\/p>\n\n\n\n<p><a id=\"sonaar_ts-6927d1bc12819\" class=\"srmp3_sonaar_ts_shortcode\"  style=\"\" href=\"javascript:sonaar_ts_shortcode({ trackid:'0', time:'00:08:30', ts_id:'6927d1bc12819', play_icon:'' }) ;\">[00:08:30]<\/a> OK. OK. Donc, tu dis que tu as commenc\u00e9 \u00e0 apprendre le fran\u00e7ais \u00e0 13 ans, \u00e0 l&#8217;\u00e9cole ?<\/p>\n\n\n\n<p>Anna: <a id=\"sonaar_ts-6927d1bc1281e\" class=\"srmp3_sonaar_ts_shortcode\"  style=\"\" href=\"javascript:sonaar_ts_shortcode({ trackid:'0', time:'00:08:34', ts_id:'6927d1bc1281e', play_icon:'' }) ;\">[00:08:34]<\/a> C&#8217;est \u00e7a, oui.<\/p>\n\n\n\n<p>Hugo: <a id=\"sonaar_ts-6927d1bc12822\" class=\"srmp3_sonaar_ts_shortcode\"  style=\"\" href=\"javascript:sonaar_ts_shortcode({ trackid:'0', time:'00:08:34', ts_id:'6927d1bc12822', play_icon:'' }) ;\">[00:08:34]<\/a> Tu as commenc\u00e9 l&#8217;anglais avant, j&#8217;imagine.<\/p>\n\n\n\n<p>Anna: <a id=\"sonaar_ts-6927d1bc12826\" class=\"srmp3_sonaar_ts_shortcode\"  style=\"\" href=\"javascript:sonaar_ts_shortcode({ trackid:'0', time:'00:08:37', ts_id:'6927d1bc12826', play_icon:'' }) ;\">[00:08:37]<\/a> Oui, j&#8217;ai commenc\u00e9 l&#8217;anglais \u00e0 l&#8217;\u00e2ge de 7 ans. Et c&#8217;est comme \u00e7a qu&#8217;en Pologne on commence&#8230; M\u00eame \u00e0 l&#8217;\u00e2ge de 6 ans, parfois, d\u00e9j\u00e0 \u00e0 l&#8217;\u00e9cole maternelle. Puis \u00e0 l&#8217;\u00e9cole primaire. Et moi, j&#8217;ai commenc\u00e9 le fran\u00e7ais au coll\u00e8ge. Donc, c&#8217;est&#8230; Oui, \u00e0 l&#8217;\u00e2ge de 13 ans, quand j&#8217;ai d\u00fb choisir une deuxi\u00e8me langue \u00e9trang\u00e8re, apr\u00e8s l&#8217;anglais.<\/p>\n\n\n\n<p>Hugo: <a id=\"sonaar_ts-6927d1bc1282b\" class=\"srmp3_sonaar_ts_shortcode\"  style=\"\" href=\"javascript:sonaar_ts_shortcode({ trackid:'0', time:'00:08:59', ts_id:'6927d1bc1282b', play_icon:'' }) ;\">[00:08:59]<\/a> Et tu avais le choix entre plusieurs langues dans ton \u00e9cole ou c&#8217;\u00e9tait seulement le fran\u00e7ais ?<\/p>\n\n\n\n<p>Anna: <a id=\"sonaar_ts-6927d1bc12833\" class=\"srmp3_sonaar_ts_shortcode\"  style=\"\" href=\"javascript:sonaar_ts_shortcode({ trackid:'0', time:'00:09:05', ts_id:'6927d1bc12833', play_icon:'' }) ;\">[00:09:05]<\/a> Dans mon \u00e9cole, il y avait aussi l&#8217;allemand et le fran\u00e7ais. Donc c&#8217;\u00e9tait seulement ces deux langues. Mais moi, \u00e0 l&#8217;\u00e9cole primaire, comme je ne voulais pas trop apprendre l&#8217;allemand, \u00e7a ne me tentait pas vraiment comme langue \u00e0 apprendre, et en plus, j&#8217;ai entendu parler d&#8217;une classe fran\u00e7aise dans mon coll\u00e8ge, une classe qui pr\u00e9parait aussi \u00e0 l&#8217;examen DELF, une classe o\u00f9 on pouvait apprendre le fran\u00e7ais de mani\u00e8re assez intense, donc, je me suis dit que peut-\u00eatre, \u00e7a serait une bonne id\u00e9e. Et voil\u00e0, je me suis inscrite \u00e0 cette classe dans ce coll\u00e8ge.<\/p>\n\n\n\n<p>Hugo: <a id=\"sonaar_ts-6927d1bc12838\" class=\"srmp3_sonaar_ts_shortcode\"  style=\"\" href=\"javascript:sonaar_ts_shortcode({ trackid:'0', time:'00:09:43', ts_id:'6927d1bc12838', play_icon:'' }) ;\">[00:09:43]<\/a> Et tu \u00e9tais d\u00e9j\u00e0 attir\u00e9e par les langues \u00e9trang\u00e8res \u00e0 cette \u00e9poque ou pas sp\u00e9cialement ?<\/p>\n\n\n\n<p>Anna: <a id=\"sonaar_ts-6927d1bc1283d\" class=\"srmp3_sonaar_ts_shortcode\"  style=\"\" href=\"javascript:sonaar_ts_shortcode({ trackid:'0', time:'00:09:49', ts_id:'6927d1bc1283d', play_icon:'' }) ;\">[00:09:49]<\/a> Pas sp\u00e9cialement. Pas sp\u00e9cialement. J&#8217;aimais l&#8217;anglais, m\u00eame si \u00e0 la fin de l&#8217;\u00e9cole primaire, j&#8217;avais un prof qui m&#8217;a d\u00e9courag\u00e9e un peu. Je sais pas de&#8230; Je trouvais que ses le\u00e7ons \u00e9taient assez ennuyeuses, r\u00e9p\u00e9titives. Donc voil\u00e0. Donc je suis pas&#8230; J&#8217;\u00e9tais pas tr\u00e8s, tr\u00e8s fan des langues \u00e9trang\u00e8res \u00e0 l&#8217;\u00e9poque, mais je le suis devenue au fur et \u00e0 mesure.<\/p>\n\n\n\n<p>Hugo: <a id=\"sonaar_ts-6927d1bc12841\" class=\"srmp3_sonaar_ts_shortcode\"  style=\"\" href=\"javascript:sonaar_ts_shortcode({ trackid:'0', time:'00:10:16', ts_id:'6927d1bc12841', play_icon:'' }) ;\">[00:10:16]<\/a> OK. Donc c&#8217;est un peu le fran\u00e7ais qui t&#8217;a r\u00e9concili\u00e9e avec les langues \u00e9trang\u00e8res.<\/p>\n\n\n\n<p>Anna: <a id=\"sonaar_ts-6927d1bc12846\" class=\"srmp3_sonaar_ts_shortcode\"  style=\"\" href=\"javascript:sonaar_ts_shortcode({ trackid:'0', time:'00:10:19', ts_id:'6927d1bc12846', play_icon:'' }) ;\">[00:10:19]<\/a> On peut le dire comme \u00e7a, oui.<\/p>\n\n\n\n<p>Hugo: <a id=\"sonaar_ts-6927d1bc1284a\" class=\"srmp3_sonaar_ts_shortcode\"  style=\"\" href=\"javascript:sonaar_ts_shortcode({ trackid:'0', time:'00:10:22', ts_id:'6927d1bc1284a', play_icon:'' }) ;\">[00:10:22]<\/a> OK. Et c&#8217;\u00e9tait comment ces cours \u00e0 l&#8217;\u00e9cole primaire, ces cours plus intensifs ? Comment \u00e7a s&#8217;est pass\u00e9 au d\u00e9but, ton apprentissage du fran\u00e7ais ?<\/p>\n\n\n\n<p>Anna: <a id=\"sonaar_ts-6927d1bc1284e\" class=\"srmp3_sonaar_ts_shortcode\"  style=\"\" href=\"javascript:sonaar_ts_shortcode({ trackid:'0', time:'00:10:30', ts_id:'6927d1bc1284e', play_icon:'' }) ;\">[00:10:30]<\/a> Oui, donc \u00e7a a commenc\u00e9 au coll\u00e8ge. J&#8217;avais des cours 4, 5 heures par semaine. Et c&#8217;\u00e9tait des cours&#8230; Bien s\u00fbr, on apprenait la langue, mais aussi on apprenait beaucoup de l&#8217;histoire de la France, de la culture et je pense que c&#8217;est \u00e7a qui m&#8217;a motiv\u00e9e le plus parce que c&#8217;\u00e9tait nouveau. C&#8217;\u00e9tait tr\u00e8s int\u00e9ressant. C&#8217;\u00e9tait aussi ma prof qui m&#8217;a beaucoup encourag\u00e9e \u00e0 apprendre le fran\u00e7ais. Nous avions une prof g\u00e9niale. Et j&#8217;apprenais surtout \u00e0 l&#8217;\u00e9cole pendant&#8230; en premi\u00e8re et en deuxi\u00e8me classe. Et je pense qu&#8217;en 3\u00e8me, j&#8217;ai commenc\u00e9 \u00e0 prendre aussi des cours particuliers pour pour parler plus, pour enrichir encore plus mon vocabulaire, etc.<\/p>\n\n\n\n<p>Hugo: <a id=\"sonaar_ts-6927d1bc12853\" class=\"srmp3_sonaar_ts_shortcode\"  style=\"\" href=\"javascript:sonaar_ts_shortcode({ trackid:'0', time:'00:11:15', ts_id:'6927d1bc12853', play_icon:'' }) ;\">[00:11:15]<\/a> OK. Donc une petite pr\u00e9cision ici : le &#8220;coll\u00e8ge&#8221; en fran\u00e7ais, c&#8217;est avant le lyc\u00e9e, donc c&#8217;est pas comme l&#8217;universit\u00e9 en anglais. Le coll\u00e8ge, c&#8217;est avant le lyc\u00e9e. Donc tu disais que tu avais entre 13 et 15 ans, c&#8217;est \u00e7a ?<\/p>\n\n\n\n<p>Anna: <a id=\"sonaar_ts-6927d1bc12858\" class=\"srmp3_sonaar_ts_shortcode\"  style=\"\" href=\"javascript:sonaar_ts_shortcode({ trackid:'0', time:'00:11:027', ts_id:'6927d1bc12858', play_icon:'' }) ;\">[00:11:27]<\/a> C&#8217;est \u00e7a, exactement, oui.<\/p>\n\n\n\n<p>Hugo: <a id=\"sonaar_ts-6927d1bc1285c\" class=\"srmp3_sonaar_ts_shortcode\"  style=\"\" href=\"javascript:sonaar_ts_shortcode({ trackid:'0', time:'00:11:30', ts_id:'6927d1bc1285c', play_icon:'' }) ;\">[00:11:30]<\/a> Donc ensuite, tu as continu\u00e9 au lyc\u00e9e et tu avais des cours avec cette prof particuli\u00e8re, c&#8217;est \u00e7a ?<\/p>\n\n\n\n<p>Anna: <a id=\"sonaar_ts-6927d1bc12861\" class=\"srmp3_sonaar_ts_shortcode\"  style=\"\" href=\"javascript:sonaar_ts_shortcode({ trackid:'0', time:'00:11:39', ts_id:'6927d1bc12861', play_icon:'' }) ;\">[00:11:39]<\/a> Oui, j&#8217;ai commenc\u00e9 en troisi\u00e8me classe au coll\u00e8ge. Et puis j&#8217;ai continu\u00e9 \u00e0 prendre des cours particuliers un peu au lyc\u00e9e. M\u00eame pendant mes \u00e9tudes aussi, parce que je trouvais que oui, m\u00eame si je parle, tu sais, en classe avec d&#8217;autres \u00e9l\u00e8ves, avec ma prof. Je pensais que c&#8217;est pas assez, qu&#8217;il me faut plus d&#8217;occasions pour parler parce que je trouvais que c&#8217;est \u00e7a le plus important de pouvoir communiquer. Et dans la classe, m\u00eame si la prof \u00e9tait tr\u00e8s bien organis\u00e9e, elle essayait tu sais d&#8217;encourager tout le monde \u00e0 parler&#8230; C&#8217;est pas assez. Il y a pas assez d&#8217;occasions pour vraiment s&#8217;exprimer.<\/p>\n\n\n\n<p>Hugo: <a id=\"sonaar_ts-6927d1bc12865\" class=\"srmp3_sonaar_ts_shortcode\"  style=\"\" href=\"javascript:sonaar_ts_shortcode({ trackid:'0', time:'00:12:18', ts_id:'6927d1bc12865', play_icon:'' }) ;\">[00:12:18]<\/a> C&#8217;est vrai. On re\u00e7oit souvent des emails chez innerFrench de personnes qui nous posent des questions par rapport \u00e0 nos cours, par exemple, en nous demandant si c&#8217;est une bonne id\u00e9e, parce que&#8230; Parce qu&#8217;elles ont envie d&#8217;apprendre \u00e0 mieux parler, \u00e0 mieux s&#8217;exprimer en fran\u00e7ais. Et honn\u00eatement, nous, souvent, on vous r\u00e9pond que non. Le mieux, c&#8217;est toujours d&#8217;avoir un prof particulier. Bon, les cours individuels ne sont pas toujours accessibles \u00e0 tout le monde. \u00c7a peut \u00eatre cher, mais c&#8217;est vrai que maintenant, il y a des plateformes comme iTalki, qu&#8217;on cite r\u00e9guli\u00e8rement, sur lesquelles vous pouvez trouver, peut-\u00eatre pas des profs professionnels, mais des tuteurs ou des personnes avec lesquelles vous pouvez avoir des cours pour&#8230; J&#8217;ai vu des prix comme 7 ou 8 euros de l&#8217;heure, ce qui est assez accessible.<\/p>\n\n\n\n<p>Anna: <a id=\"sonaar_ts-6927d1bc1286a\" class=\"srmp3_sonaar_ts_shortcode\"  style=\"\" href=\"javascript:sonaar_ts_shortcode({ trackid:'0', time:'00:13:06', ts_id:'6927d1bc1286a', play_icon:'' }) ;\">[00:13:06]<\/a> Oui, exactement. Et en plus, on peut aussi essayer de proposer d&#8217;enseigner une autre langue \u00e0 cette personne. Donc, moi aussi, j&#8217;ai travaill\u00e9 pendant 2 ans en bin\u00f4me avec une fille qui&#8230; Elle m&#8217;enseignait l&#8217;anglais, moi je lui enseignais le fran\u00e7ais et c&#8217;\u00e9tait tr\u00e8s bien. \u00c7a marchait tr\u00e8s bien.<\/p>\n\n\n\n<p>Hugo: <a id=\"sonaar_ts-6927d1bc1286e\" class=\"srmp3_sonaar_ts_shortcode\"  style=\"\" href=\"javascript:sonaar_ts_shortcode({ trackid:'0', time:'00:13:25', ts_id:'6927d1bc1286e', play_icon:'' }) ;\">[00:13:25]<\/a> Ok. C&#8217;\u00e9tait une Polonaise ?<\/p>\n\n\n\n<p>Anna: <a id=\"sonaar_ts-6927d1bc12872\" class=\"srmp3_sonaar_ts_shortcode\"  style=\"\" href=\"javascript:sonaar_ts_shortcode({ trackid:'0', time:'00:13:26', ts_id:'6927d1bc12872', play_icon:'' }) ;\">[00:13:26]<\/a> Euh elle \u00e9tait&#8230; Une Polonaise, oui.<\/p>\n\n\n\n<p>Hugo: <a id=\"sonaar_ts-6927d1bc12877\" class=\"srmp3_sonaar_ts_shortcode\"  style=\"\" href=\"javascript:sonaar_ts_shortcode({ trackid:'0', time:'00:13:29', ts_id:'6927d1bc12877', play_icon:'' }) ;\">[00:13:29]<\/a> Et donc tes profs aussi, pour tes cours particuliers, c&#8217;\u00e9tait toujours des Polonais ? T&#8217;avais pas de prof de fran\u00e7ais ?<\/p>\n\n\n\n<p>Anna: <a id=\"sonaar_ts-6927d1bc1287b\" class=\"srmp3_sonaar_ts_shortcode\"  style=\"\" href=\"javascript:sonaar_ts_shortcode({ trackid:'0', time:'00:13:38', ts_id:'6927d1bc1287b', play_icon:'' }) ;\">[00:13:38]<\/a> \u00c0 partir de mes \u00e9tudes, j&#8217;avais des profs fran\u00e7ais. J&#8217;avais que des profs fran\u00e7ais, oui.<\/p>\n\n\n\n<p>Hugo: <a id=\"sonaar_ts-6927d1bc12880\" class=\"srmp3_sonaar_ts_shortcode\"  style=\"\" href=\"javascript:sonaar_ts_shortcode({ trackid:'0', time:'00:13:44', ts_id:'6927d1bc12880', play_icon:'' }) ;\">[00:13:44]<\/a> OK. Donc, justement apr\u00e8s le lyc\u00e9e, pourquoi tu as d\u00e9cid\u00e9 d&#8217;\u00e9tudier le fran\u00e7ais \u00e0 l&#8217;universit\u00e9 ?<\/p>\n\n\n\n<p>Anna: <a id=\"sonaar_ts-6927d1bc12884\" class=\"srmp3_sonaar_ts_shortcode\"  style=\"\" href=\"javascript:sonaar_ts_shortcode({ trackid:'0', time:'00:13:51', ts_id:'6927d1bc12884', play_icon:'' }) ;\">[00:13:51]<\/a> Je pense que je voyais que le fran\u00e7ais ou que la connaissance d&#8217;une langue \u00e9trang\u00e8re, \u00e7a, \u00e7a peut m&#8217;apporter beaucoup d&#8217;opportunit\u00e9s, de d\u00e9bouch\u00e9s professionnels. Je me suis dit que m\u00eame si, je sais pas&#8230; Si un jour, je d\u00e9cide d&#8217;abandonner mes \u00e9tudes, que je veux plus \u00e9tudier les langues \u00e9trang\u00e8res, au moins, je vais ma\u00eetriser une langue. Donc \u00e7a va pas \u00eatre du temps perdu. Et oui, je pense qu&#8217;apr\u00e8s mes \u00e9tudes, je me suis dit que si je peux devenir soit traductrice, soit prof, soit travailler dans une grande entreprise, dans le tourisme, donc je voyais vraiment beaucoup de chances, d&#8217;opportunit\u00e9s. Donc, j&#8217;ai d\u00e9cid\u00e9 d&#8217;\u00e9tudier le fran\u00e7ais sans avoir vraiment d\u00e9cid\u00e9 sur ma carri\u00e8re professionnelle un peu.<\/p>\n\n\n\n<p>Hugo: <a id=\"sonaar_ts-6927d1bc12889\" class=\"srmp3_sonaar_ts_shortcode\"  style=\"\" href=\"javascript:sonaar_ts_shortcode({ trackid:'0', time:'00:14:43', ts_id:'6927d1bc12889', play_icon:'' }) ;\">[00:14:43]<\/a> OK donc, pour toi, c&#8217;\u00e9tait vraiment, voil\u00e0, une comp\u00e9tence. Et tu pensais que cette comp\u00e9tence pourrait te permettre de faire diff\u00e9rents m\u00e9tiers apr\u00e8s ?<\/p>\n\n\n\n<p>Anna: <a id=\"sonaar_ts-6927d1bc1288d\" class=\"srmp3_sonaar_ts_shortcode\"  style=\"\" href=\"javascript:sonaar_ts_shortcode({ trackid:'0', time:'00:14:49', ts_id:'6927d1bc1288d', play_icon:'' }) ;\">[00:14:49]<\/a> Oui, oui, c&#8217;\u00e9tait plut\u00f4t \u00e7a, exactement.<br>Hugo: <a id=\"sonaar_ts-6927d1bc12892\" class=\"srmp3_sonaar_ts_shortcode\"  style=\"\" href=\"javascript:sonaar_ts_shortcode({ trackid:'0', time:'00:14:52', ts_id:'6927d1bc12892', play_icon:'' }) ;\">[00:14:52]<\/a> OK, t&#8217;avais pas le r\u00eave de devenir prof de fran\u00e7ais ?<\/p>\n\n\n\n<p>Anna: <a id=\"sonaar_ts-6927d1bc12896\" class=\"srmp3_sonaar_ts_shortcode\"  style=\"\" href=\"javascript:sonaar_ts_shortcode({ trackid:'0', time:'00:14:55', ts_id:'6927d1bc12896', play_icon:'' }) ;\">[00:14:55]<\/a> Non, pas encore. Non, j&#8217;\u00e9tais pas s\u00fbre que&#8230;<\/p>\n\n\n\n<p>Hugo: <a id=\"sonaar_ts-6927d1bc1289a\" class=\"srmp3_sonaar_ts_shortcode\"  style=\"\" href=\"javascript:sonaar_ts_shortcode({ trackid:'0', time:'00:14:56', ts_id:'6927d1bc1289a', play_icon:'' }) ;\">[00:14:56]<\/a> Et les cours \u00e0 l&#8217;universit\u00e9, commencent c&#8217;\u00e9tait ? Parce que je sais que bon, quand on aime bien un sujet, une mati\u00e8re, apr\u00e8s \u00e0 l&#8217;universit\u00e9, quand on commence \u00e0 en faire, je sais pas, 30, 40 heures par semaine, \u00e7a peut devenir un peu&#8230; \u00c9nervant, un peu frustrant. Comment c&#8217;\u00e9tait, tes cours \u00e0 l&#8217;universit\u00e9 ?<\/p>\n\n\n\n<p><a id=\"sonaar_ts-6927d1bc1289f\" class=\"srmp3_sonaar_ts_shortcode\"  style=\"\" href=\"javascript:sonaar_ts_shortcode({ trackid:'0', time:'00:15:15', ts_id:'6927d1bc1289f', play_icon:'' }) ;\">[00:15:15]<\/a> C&#8217;\u00e9tait un peu \u00e7a. C&#8217;\u00e9tait un grand&#8230; Tu sais un grand&#8230; C&#8217;\u00e9tait un peu un foss\u00e9 entre le lyc\u00e9e et les \u00e9tudes. Parce que, \u00e0 l&#8217;universit\u00e9, c&#8217;\u00e9tait vraiment tr\u00e8s, tr\u00e8s intense. La plupart des cours \u00e9tait en fran\u00e7ais. Mais en g\u00e9n\u00e9ral, j&#8217;\u00e9tais plut\u00f4t contente de tous mes cours. Bien s\u00fbr, il y avait des cours, des mati\u00e8res, que je trouvais moins utiles ou moins passionnants.<\/p>\n\n\n\n<p>Hugo: <a id=\"sonaar_ts-6927d1bc128a4\" class=\"srmp3_sonaar_ts_shortcode\"  style=\"\" href=\"javascript:sonaar_ts_shortcode({ trackid:'0', time:'00:15:41', ts_id:'6927d1bc128a4', play_icon:'' }) ;\">[00:15:41]<\/a> Comme quoi par exemple ?<\/p>\n\n\n\n<p>Anna: <a id=\"sonaar_ts-6927d1bc128a9\" class=\"srmp3_sonaar_ts_shortcode\"  style=\"\" href=\"javascript:sonaar_ts_shortcode({ trackid:'0', time:'00:15:45', ts_id:'6927d1bc128a9', play_icon:'' }) ;\">[00:15:45]<\/a> Par exemple, je sais pas&#8230; Je pense qu&#8217;on avait beaucoup, mais vraiment beaucoup de cours, de psychologie et de p\u00e9dagogie. Il y avait des choses qui se r\u00e9p\u00e9taient plusieurs fois, donc peut-\u00eatre qu&#8217;on pourrait le faire de mani\u00e8re un peu diff\u00e9rente, de traiter ces sujets de mani\u00e8re un peu diff\u00e9rente, je sais pas.<\/p>\n\n\n\n<p>Hugo: <a id=\"sonaar_ts-6927d1bc128ae\" class=\"srmp3_sonaar_ts_shortcode\"  style=\"\" href=\"javascript:sonaar_ts_shortcode({ trackid:'0', time:'00:16:06', ts_id:'6927d1bc128ae', play_icon:'' }) ;\">[00:16:06]<\/a> Moi, je me souviens quand je donnais des cours \u00e0 des \u00e9l\u00e8ves justement de l&#8217;universit\u00e9 de Varsovie qui, comme toi, prenaient des cours particuliers, avec moi&#8230; En premi\u00e8re ann\u00e9e, ils avaient un cours de litt\u00e9rature fran\u00e7aise. Et comme c&#8217;\u00e9tait dans l&#8217;ordre chronologique, ils commen\u00e7aient par la litt\u00e9rature du Moyen \u00c2ge, donc La Chanson de Roland.<\/p>\n\n\n\n<p>Anna: <a id=\"sonaar_ts-6927d1bc128b3\" class=\"srmp3_sonaar_ts_shortcode\"  style=\"\" href=\"javascript:sonaar_ts_shortcode({ trackid:'0', time:'00:16:26', ts_id:'6927d1bc128b3', play_icon:'' }) ;\">[00:16:26]<\/a> Ah oui.<\/p>\n\n\n\n<p>Hugo: <a id=\"sonaar_ts-6927d1bc128b8\" class=\"srmp3_sonaar_ts_shortcode\"  style=\"\" href=\"javascript:sonaar_ts_shortcode({ trackid:'0', time:'00:16:29', ts_id:'6927d1bc128b8', play_icon:'' }) ;\">[00:16:29]<\/a> Et voil\u00e0, pour moi, c&#8217;\u00e9tait totalement absurde parce que c&#8217;\u00e9tait \u00e9crit en vieux fran\u00e7ais, dans vraiment une langue tr\u00e8s difficile \u00e0 comprendre, m\u00eame pour les Fran\u00e7ais. Et comme c&#8217;\u00e9taient des \u00e9tudiants de premi\u00e8re ann\u00e9e, ils avaient pas un niveau de fran\u00e7ais exceptionnel. Et ils commen\u00e7aient la litt\u00e9rature avec des textes comme \u00e7a. Et voil\u00e0, pour moi, \u00e7a fait vraiment partie de ces absurdit\u00e9s, parfois&#8230; Bon, j&#8217;adore l&#8217;universit\u00e9, il y a de tr\u00e8s bons cours, etc. Mais parfois dans la conception du curriculum, il y a vraiment des choses o\u00f9 on a l&#8217;impression que, voil\u00e0, ils ne prennent pas du tout en compte le c\u00f4t\u00e9 p\u00e9dagogique et c&#8217;est simplement : voil\u00e0, c&#8217;est l&#8217;ordre chronologique, on va respecter cet ordre chronologique, et c&#8217;est tout.<\/p>\n\n\n\n<p>Anna: <a id=\"sonaar_ts-6927d1bc128bd\" class=\"srmp3_sonaar_ts_shortcode\"  style=\"\" href=\"javascript:sonaar_ts_shortcode({ trackid:'0', time:'00:17:08', ts_id:'6927d1bc128bd', play_icon:'' }) ;\">[00:17:08]<\/a> Oui, tu as tout \u00e0 fait raison, oui. Au d\u00e9but, c&#8217;\u00e9tait vraiment d\u00e9courageant. C&#8217;\u00e9tait vraiment d\u00e9courageant. Moi aussi, j&#8217;ai commenc\u00e9 par La Chanson de Roland. Et&#8230; Et je pense que finalement, je l&#8217;ai lue en polonais parce que, ben, le lire en fran\u00e7ais, c&#8217;\u00e9tait trop. C&#8217;\u00e9tait un peu trop pour moi, donc je l&#8217;ai fait en polonais. Puis j&#8217;ai lu aussi la version fran\u00e7aise pour avoir le vocabulaire, pour pouvoir en parler pendant les cours. Mais oui, c&#8217;\u00e9tait vraiment difficile, oui.<\/p>\n\n\n\n<p>Hugo: <a id=\"sonaar_ts-6927d1bc128c2\" class=\"srmp3_sonaar_ts_shortcode\"  style=\"\" href=\"javascript:sonaar_ts_shortcode({ trackid:'0', time:'00:17:37', ts_id:'6927d1bc128c2', play_icon:'' }) ;\">[00:17:37]<\/a> Oui, en plus c&#8217;est pas un texte&#8230; On le compare parfois, je sais pas, \u00e0 l&#8217;Iliade, l&#8217;Odyss\u00e9e, mais c&#8217;est pas aussi int\u00e9ressant, \u00e0 mon avis. Et voil\u00e0, quand on est \u00e9tudiant en premi\u00e8re ann\u00e9e \u00e0 l&#8217;universit\u00e9. Bon, c&#8217;est une esp\u00e8ce de r\u00e9cit guerrier, en fait, du Moyen ge. C&#8217;est pas un sujet passionnant, \u00e0 mon avis.<\/p>\n\n\n\n<p>Anna: <a id=\"sonaar_ts-6927d1bc128c7\" class=\"srmp3_sonaar_ts_shortcode\"  style=\"\" href=\"javascript:sonaar_ts_shortcode({ trackid:'0', time:'00:17:56', ts_id:'6927d1bc128c7', play_icon:'' }) ;\">[00:17:56]<\/a> Oui, oui. Il y a d&#8217;autres livres quand m\u00eame, qui sont un peu plus passionnants.<\/p>\n\n\n\n<p>Hugo: <a id=\"sonaar_ts-6927d1bc128cc\" class=\"srmp3_sonaar_ts_shortcode\"  style=\"\" href=\"javascript:sonaar_ts_shortcode({ trackid:'0', time:'00:18:02', ts_id:'6927d1bc128cc', play_icon:'' }) ;\">[00:18:02]<\/a> Ok, Ok. Mais globalement, t&#8217;\u00e9tais contente de tes cours \u00e0 l&#8217;universit\u00e9.<\/p>\n\n\n\n<p>Anna: <a id=\"sonaar_ts-6927d1bc128d7\" class=\"srmp3_sonaar_ts_shortcode\"  style=\"\" href=\"javascript:sonaar_ts_shortcode({ trackid:'0', time:'00:18:06', ts_id:'6927d1bc128d7', play_icon:'' }) ;\">[00:18:06]<\/a> Oui, oui, je dois dire que, par exemple, au niveau des cours de langue, c&#8217;\u00e9tait assez pratique, assez intense aussi. Les profs, ils \u00e9taient vraiment&#8230; M\u00eame si la plupart de mes profs \u00e9taient des Polonais, j&#8217;avais seulement un prof qui \u00e9tait fran\u00e7ais, ils \u00e9taient tr\u00e8s, tr\u00e8s bien pr\u00e9par\u00e9s pour ce cours, tr\u00e8s cultiv\u00e9s. Et vraiment des vrais passionn\u00e9s de la langue. Et \u00e7a, \u00e7a se sentait. Et&#8230; En g\u00e9n\u00e9ral, j&#8217;\u00e9tais vraiment contente.<\/p>\n\n\n\n<p>Hugo: <a id=\"sonaar_ts-6927d1bc128de\" class=\"srmp3_sonaar_ts_shortcode\"  style=\"\" href=\"javascript:sonaar_ts_shortcode({ trackid:'0', time:'00:18:39', ts_id:'6927d1bc128de', play_icon:'' }) ;\">[00:18:39]<\/a> Et&#8230; Donc parmi les autres \u00e9l\u00e8ves, est-ce que vous avez vraiment senti une progression entre la premi\u00e8re et la derni\u00e8re ann\u00e9e ? Est-ce que tout le monde parlait couramment \u00e0 la fin des \u00e9tudes ?<\/p>\n\n\n\n<p>Anna: <a id=\"sonaar_ts-6927d1bc128f9\" class=\"srmp3_sonaar_ts_shortcode\"  style=\"\" href=\"javascript:sonaar_ts_shortcode({ trackid:'0', time:'00:18:52', ts_id:'6927d1bc128f9', play_icon:'' }) ;\">[00:18:52]<\/a> Alors, nous, quand nous avons commenc\u00e9 nos \u00e9tudes, on \u00e9tait divis\u00e9s en trois groupes, au niveau&#8230; en fonction du niveau de langue. Donc, il y avait trois groupes. Le premier groupe, c&#8217;\u00e9tait le groupe des faux d\u00e9butants ou des d\u00e9butants d\u00e9butants. Donc il y avait m\u00eame des gens qui ont&#8230; qui ont juste&#8230; venaient, tu sais, de commencer \u00e0 apprendre le fran\u00e7ais. Donc eux, je sais qu&#8217;ils ont beaucoup progress\u00e9. Ils ont vraiment beaucoup travaill\u00e9. Moi, j&#8217;\u00e9tais dans le troisi\u00e8me groupe, donc c&#8217;\u00e9tait le groupe le plus avanc\u00e9. Mais pour tout te dire, j&#8217;\u00e9tais l&#8217;une des plus mauvaises \u00e9l\u00e8ves parce qu&#8217;il y avait&#8230; Dans mon groupe, il y avait des personnes qui avaient v\u00e9cu en France pendant quelques ann\u00e9es, qui avaient fr\u00e9quent\u00e9 le lyc\u00e9e fran\u00e7ais. Donc, j&#8217;avais la possibilit\u00e9 de changer de groupe pour \u00eatre dans le groupe interm\u00e9diaire. Mais je me suis dit : je pr\u00e9f\u00e8re \u00eatre, tu sais, la plus mauvaise \u00e9l\u00e8ve du meilleur groupe. Et comme \u00e7a, je vais&#8230; Peut-\u00eatre que je vais progresser plus vite. Et c&#8217;est ce que j&#8217;ai fait. Donc j&#8217;ai travaill\u00e9 dur, surtout pendant les premiers mois. Et puis, j&#8217;ai quand j&#8217;ai vu que je progressais, \u00e7a m&#8217;a motiv\u00e9e. Ce n&#8217;\u00e9tait pas trop pour moi. Je me suis dit que j&#8217;allais rester dans ce groupe et que j&#8217;allais continuer comme \u00e7a.<\/p>\n\n\n\n<p>Hugo: <a id=\"sonaar_ts-6927d1bc128fe\" class=\"srmp3_sonaar_ts_shortcode\"  style=\"\" href=\"javascript:sonaar_ts_shortcode({ trackid:'0', time:'00:20:14', ts_id:'6927d1bc128fe', play_icon:'' }) ;\">[00:20:14]<\/a> Ok, donc tu regrettes pas ta d\u00e9cision ?<\/p>\n\n\n\n<p>Anna: <a id=\"sonaar_ts-6927d1bc12908\" class=\"srmp3_sonaar_ts_shortcode\"  style=\"\" href=\"javascript:sonaar_ts_shortcode({ trackid:'0', time:'00:20:16', ts_id:'6927d1bc12908', play_icon:'' }) ;\">[00:20:16]<\/a> Non, pas du tout. Pas du tout.<\/p>\n\n\n\n<p>Hugo: <a id=\"sonaar_ts-6927d1bc1290d\" class=\"srmp3_sonaar_ts_shortcode\"  style=\"\" href=\"javascript:sonaar_ts_shortcode({ trackid:'0', time:'00:20:18', ts_id:'6927d1bc1290d', play_icon:'' }) ;\">[00:20:18]<\/a> Et \u00e0 l&#8217;universit\u00e9, qu&#8217;est-ce que tu faisais \u00e0 c\u00f4t\u00e9 des cours pour continuer d&#8217;am\u00e9liorer ton fran\u00e7ais ?<\/p>\n\n\n\n<p>Anna: <a id=\"sonaar_ts-6927d1bc12912\" class=\"srmp3_sonaar_ts_shortcode\"  style=\"\" href=\"javascript:sonaar_ts_shortcode({ trackid:'0', time:'00:20:24', ts_id:'6927d1bc12912', play_icon:'' }) ;\">[00:20:24]<\/a> Je lisais beaucoup, surtout. Je me souviens d&#8217;une situation assez&#8230; assez amusante, \u00e0 l&#8217;universit\u00e9. C&#8217;\u00e9tait avant mon examen, j&#8217;\u00e9tais assise quelque part dans le couloir et j&#8217;avais un gros ouvrage sur les articles. Tu sais, avec mille r\u00e8gles \u00e0 m\u00e9moriser, mille exceptions. Et mon prof, le Fran\u00e7ais avec qui j&#8217;avais les cours, il m&#8217;a vue, dans ce couloir. Il s&#8217;est approch\u00e9. Et il m&#8217;a dit de mani\u00e8re, mais tr\u00e8s, tr\u00e8s discr\u00e8te : &#8220;Mademoiselle, mais laissez ce livre parce que \u00e7a sert \u00e0 rien d&#8217;apprendre toutes ces r\u00e8gles par c\u0153ur. Laissez ce livre et allez lire des articles, des livres, plut\u00f4t que&#8230; qu&#8217;essayer d&#8217;apprendre tout \u00e7a par coeur.&#8221; Et j&#8217;ai suivi son conseil. J&#8217;ai fait comme \u00e7a. Donc j&#8217;ai commenc\u00e9 \u00e0 lire beaucoup et c&#8217;est comme \u00e7a que&#8230; voil\u00e0, que j&#8217;ai appris \u00e0 utiliser les articles, \u00e0 utiliser les temps. Parce que quand je lisais, je lisais de mani\u00e8re r\u00e9fl\u00e9chie. Donc \u00e0 chaque fois, je me posais la question : pourquoi ici, c&#8217;est le pass\u00e9 compos\u00e9, non pas l&#8217;imparfait, etc. Donc c&#8217;\u00e9tait \u00e7a, un peu, ma m\u00e9thode pour progresser, pour travailler encore plus.<\/p>\n\n\n\n<p>Hugo: <a id=\"sonaar_ts-6927d1bc12917\" class=\"srmp3_sonaar_ts_shortcode\"  style=\"\" href=\"javascript:sonaar_ts_shortcode({ trackid:'0', time:'00:21:34', ts_id:'6927d1bc12917', play_icon:'' }) ;\">[00:21:34]<\/a> Et quel type de livres tu aimais lire, ou quel auteur en particulier?<\/p>\n\n\n\n<p>Anna: <a id=\"sonaar_ts-6927d1bc1291c\" class=\"srmp3_sonaar_ts_shortcode\"  style=\"\" href=\"javascript:sonaar_ts_shortcode({ trackid:'0', time:'00:21:39', ts_id:'6927d1bc1291c', play_icon:'' }) ;\">[00:21:39]<\/a> Tout au d\u00e9but de mes \u00e9tudes, je pense que j&#8217;ai commenc\u00e9 par les livres que je connaissais d\u00e9j\u00e0&#8230; Et c&#8217;\u00e9tait m\u00eame parfois des contes de f\u00e9es pour les enfants. Parce que c&#8217;\u00e9tait des textes qui \u00e9taient plus courts. C&#8217;\u00e9tait les textes que je connaissais d\u00e9j\u00e0. Donc je connaissais d\u00e9j\u00e0 le contexte. Et pour moi, c&#8217;\u00e9tait beaucoup plus facile de comprendre toute l&#8217;histoire, de comprendre les adjectifs qui \u00e9taient utilis\u00e9s pour d\u00e9crire les personnages, par exemple. Et puis, petit \u00e0 petit, je&#8230; voil\u00e0 j&#8217;ai commenc\u00e9 \u00e0 lire la litt\u00e9rature fran\u00e7aise. Et surtout, je suis tomb\u00e9e amoureuse des auteurs maghr\u00e9bins. De la litt\u00e9rature maghr\u00e9bine, d&#8217;expression fran\u00e7aise, bien s\u00fbr. Et l&#8217;un de mes auteurs pr\u00e9f\u00e9r\u00e9s, jusqu&#8217;\u00e0&#8230; jusqu&#8217;aujourd&#8217;hui, c&#8217;est Tahar Ben Jelloun, que je recommande chaudement. Ses livres sont vraiment tr\u00e8s, tr\u00e8s beaux.<\/p>\n\n\n\n<p>Hugo: <a id=\"sonaar_ts-6927d1bc12921\" class=\"srmp3_sonaar_ts_shortcode\"  style=\"\" href=\"javascript:sonaar_ts_shortcode({ trackid:'0', time:'00:22:33', ts_id:'6927d1bc12921', play_icon:'' }) ;\">[00:22:33]<\/a> De quoi il parle en g\u00e9n\u00e9ral ? Quels sont ses sujets de pr\u00e9dilection ?<\/p>\n\n\n\n<p>Anna: <a id=\"sonaar_ts-6927d1bc1292a\" class=\"srmp3_sonaar_ts_shortcode\"  style=\"\" href=\"javascript:sonaar_ts_shortcode({ trackid:'0', time:'00:22:38', ts_id:'6927d1bc1292a', play_icon:'' }) ;\">[00:22:38]<\/a> Dans ses livres, il parle beaucoup de l&#8217;identit\u00e9, par exemple, de notre identit\u00e9. Il parle un peu du racisme, du bonheur. Donc&#8230; Des th\u00e8mes un peu philosophiques, on peut dire, mais, il \u00e9crit de mani\u00e8re tr\u00e8s claire. Pour moi, \u00e7a a \u00e9t\u00e9 assez facile de comprendre. Et je trouve que c&#8217;est une tr\u00e8s belle litt\u00e9rature.<\/p>\n\n\n\n<p>Hugo: <a id=\"sonaar_ts-6927d1bc12930\" class=\"srmp3_sonaar_ts_shortcode\"  style=\"\" href=\"javascript:sonaar_ts_shortcode({ trackid:'0', time:'00:23:08', ts_id:'6927d1bc12930', play_icon:'' }) ;\">[00:23:08]<\/a> OK. Et tu te souviens de comment tu as d\u00e9couvert cet auteur ? Est-ce que c&#8217;est un de tes profs qui te l&#8217;a recommand\u00e9 ou&#8230; ? Parce que c&#8217;est pas&#8230; Souvent voil\u00e0, les profs de fran\u00e7ais, \u00e0 l&#8217;universit\u00e9, ils recommandent plut\u00f4t des auteurs fran\u00e7ais, j&#8217;imagine. Et c&#8217;est un peu plus exotique.<\/p>\n\n\n\n<p>Anna: <a id=\"sonaar_ts-6927d1bc12935\" class=\"srmp3_sonaar_ts_shortcode\"  style=\"\" href=\"javascript:sonaar_ts_shortcode({ trackid:'0', time:'00:23:23', ts_id:'6927d1bc12935', play_icon:'' }) ;\">[00:23:23]<\/a> Oui, oui, c&#8217;est pas tr\u00e8s \u00e9vident comme choix de litt\u00e9rature. Mais justement, c&#8217;\u00e9tait l&#8217;une de mes profs qui \u00e9tait passionn\u00e9e. Comme&#8230; Quand j&#8217;ai vu sa passion pour cette litt\u00e9rature, je me suis dit : \u00abil faut que je parte \u00e0 la d\u00e9couverte, il faut que je vois pourquoi elle est tellement passionn\u00e9e !\u00bb Et je la comprends maintenant.<\/p>\n\n\n\n<p>Hugo: <a id=\"sonaar_ts-6927d1bc1293b\" class=\"srmp3_sonaar_ts_shortcode\"  style=\"\" href=\"javascript:sonaar_ts_shortcode({ trackid:'0', time:'00:23:44', ts_id:'6927d1bc1293b', play_icon:'' }) ;\">[00:23:44]<\/a> Donc elle t&#8217;a transmis sa passion.<\/p>\n\n\n\n<p>Anna: <a id=\"sonaar_ts-6927d1bc1293f\" class=\"srmp3_sonaar_ts_shortcode\"  style=\"\" href=\"javascript:sonaar_ts_shortcode({ trackid:'0', time:'00:23:46', ts_id:'6927d1bc1293f', play_icon:'' }) ;\">[00:23:46]<\/a> Elle m&#8217;a transmis sa passion, oui.<\/p>\n\n\n\n<p>Hugo: <a id=\"sonaar_ts-6927d1bc12943\" class=\"srmp3_sonaar_ts_shortcode\"  style=\"\" href=\"javascript:sonaar_ts_shortcode({ trackid:'0', time:'00:23:48', ts_id:'6927d1bc12943', play_icon:'' }) ;\">[00:23:48]<\/a> OK. Donc, tu lisais beaucoup. C&#8217;\u00e9tait vraiment \u00e7a, ton arme secr\u00e8te ?<\/p>\n\n\n\n<p>Anna: <a id=\"sonaar_ts-6927d1bc12948\" class=\"srmp3_sonaar_ts_shortcode\"  style=\"\" href=\"javascript:sonaar_ts_shortcode({ trackid:'0', time:'00:23:52', ts_id:'6927d1bc12948', play_icon:'' }) ;\">[00:23:52]<\/a> C&#8217;\u00e9tait \u00e7a oui, mon arme secr\u00e8te. Surtout que je pouvais lire, tu sais, dans le tram, dans le bus, un peu partout. C&#8217;\u00e9taient des livres, mais c&#8217;\u00e9taient aussi des articles sur Internet. Donc je lisais un peu partout, un peu de tout.<\/p>\n\n\n\n<p>Hugo: <a id=\"sonaar_ts-6927d1bc1294c\" class=\"srmp3_sonaar_ts_shortcode\"  style=\"\" href=\"javascript:sonaar_ts_shortcode({ trackid:'0', time:'00:24:08', ts_id:'6927d1bc1294c', play_icon:'' }) ;\">[00:24:08]<\/a> Et c&#8217;\u00e9tait facile d&#8217;acheter des livres fran\u00e7ais en Pologne ?<\/p>\n\n\n\n<p>Anna: <a id=\"sonaar_ts-6927d1bc12951\" class=\"srmp3_sonaar_ts_shortcode\"  style=\"\" href=\"javascript:sonaar_ts_shortcode({ trackid:'0', time:'00:24:12', ts_id:'6927d1bc12951', play_icon:'' }) ;\">[00:24:12]<\/a> Alors heureusement, \u00e0 Cracovie, il y a cette librairie qui s&#8217;appelle Edukator, o\u00f9 on peut commander des livres fran\u00e7ais sans aucun probl\u00e8me. Et les gens qui travaillent dans cette librairie sont vraiment tr\u00e8s sympas. Donc, plusieurs fois ils m&#8217;ont aussi recommand\u00e9 des livres que je pourrais lire. Donc oui, donc, je profitais de cette librairie pour acheter mes livres.<\/p>\n\n\n\n<p>Hugo: <a id=\"sonaar_ts-6927d1bc12959\" class=\"srmp3_sonaar_ts_shortcode\"  style=\"\" href=\"javascript:sonaar_ts_shortcode({ trackid:'0', time:'00:24:43', ts_id:'6927d1bc12959', play_icon:'' }) ;\">[00:24:43]<\/a> OK. Et&#8230; Parce que parfois, justement, au niveau des conseils de lecture, moi, j&#8217;ai un peu du mal \u00e0 recommander certains livres parce qu&#8217;il y a beaucoup de descriptions avec beaucoup de vocabulaire. Et \u00e7a peut \u00eatre un peu d\u00e9courageant parce que c&#8217;est pas forc\u00e9ment des mots qui sont tr\u00e8s utiles au quotidien. Et c&#8217;est un peu difficile de trouver le juste milieu entre une histoire int\u00e9ressante, avec du vocabulaire quand m\u00eame utile, et un peu limit\u00e9, mais en m\u00eame temps, voil\u00e0, des auteurs contemporains, etc.<\/p>\n\n\n\n<p>Anna: <a id=\"sonaar_ts-6927d1bc1295d\" class=\"srmp3_sonaar_ts_shortcode\"  style=\"\" href=\"javascript:sonaar_ts_shortcode({ trackid:'0', time:'00:25:13', ts_id:'6927d1bc1295d', play_icon:'' }) ;\">[00:25:13]<\/a> Oui, je pense que oui, plut\u00f4t les auteurs contemporains. Et aussi pour commencer, pourquoi pas lire, voil\u00e0, des contes de f\u00e9es, des textes qui sont plus courts. C&#8217;est toujours de la litt\u00e9rature, \u00e7a reste de la litt\u00e9rature. Mais c&#8217;est plus simple. C&#8217;est un peu plus facile. M\u00eame si parfois, on peut m\u00eame trouver le pass\u00e9 simple, dans ces contes de f\u00e9es. Mais&#8230; Mais oui, c&#8217;est comme \u00e7a qu&#8217;on prend aussi l&#8217;habitude de, voil\u00e0, de voir diff\u00e9rents temps, m\u00eame le pass\u00e9 simple.<\/p>\n\n\n\n<p>Hugo: <a id=\"sonaar_ts-6927d1bc12962\" class=\"srmp3_sonaar_ts_shortcode\"  style=\"\" href=\"javascript:sonaar_ts_shortcode({ trackid:'0', time:'00:25:38', ts_id:'6927d1bc12962', play_icon:'' }) ;\">[00:25:38]<\/a> C&#8217;est vrai, effectivement, qui est tr\u00e8s utile, le pass\u00e9 simple. Et qui est en voie de disparition.<\/p>\n\n\n\n<p>Anna: <a id=\"sonaar_ts-6927d1bc12966\" class=\"srmp3_sonaar_ts_shortcode\"  style=\"\" href=\"javascript:sonaar_ts_shortcode({ trackid:'0', time:'00:25:45', ts_id:'6927d1bc12966', play_icon:'' }) ;\">[00:25:45]<\/a> Il faut le pr\u00e9server.<\/p>\n\n\n\n<p>Hugo: <a id=\"sonaar_ts-6927d1bc1296b\" class=\"srmp3_sonaar_ts_shortcode\"  style=\"\" href=\"javascript:sonaar_ts_shortcode({ trackid:'0', time:'00:25:47', ts_id:'6927d1bc1296b', play_icon:'' }) ;\">[00:25:47]<\/a> Il faut le pr\u00e9server, exactement. Et pendant tes \u00e9tudes, tu as pas d\u00e9cid\u00e9 de faire un \u00e9change avec une universit\u00e9 fran\u00e7aise ? C&#8217;\u00e9tait pas possible ?<\/p>\n\n\n\n<p>Anna: <a id=\"sonaar_ts-6927d1bc12971\" class=\"srmp3_sonaar_ts_shortcode\"  style=\"\" href=\"javascript:sonaar_ts_shortcode({ trackid:'0', time:'00:25:55', ts_id:'6927d1bc12971', play_icon:'' }) ;\">[00:25:55]<\/a> Si c&#8217;\u00e9tait possible. C&#8217;\u00e9tait possible, mais je ne l&#8217;ai pas fait. Oui, j&#8217;ai rencontr\u00e9 plusieurs personnes qui m&#8217;ont pos\u00e9 cette question : pourquoi je ne suis pas partie ? C&#8217;est vrai que oui, mon universit\u00e9, par exemple, je sais qu&#8217;elle collaborait avec plusieurs universit\u00e9s en France, m\u00eame avec une ou deux universit\u00e9s en Belgique. Donc, c&#8217;est pas comme si je n&#8217;avais pas cette possibilit\u00e9. Mais pour certaines raisons, j&#8217;ai d\u00e9cid\u00e9 de rester ici \u00e0 Cracovie. Alors, tout d&#8217;abord, j&#8217;ai entendu plusieurs histoires de mes copines, par exemple, qui sont parties en Erasmus. Et elles m&#8217;ont dit que, par exemple, les cours qu&#8217;elles avaient \u00e0 l&#8217;universit\u00e9 en France \u00e9taient en anglais. Parce qu&#8217;il y avait&#8230; C&#8217;\u00e9tait des cours, je sais pas, pr\u00e9par\u00e9s sp\u00e9cialement pour un groupe d&#8217;Erasmus. Et comme les gens, ils se sentaient pas forc\u00e9ment tr\u00e8s \u00e0 l&#8217;aise avec le fran\u00e7ais, ces cours \u00e9taient en anglais.<br>Et puis, elles&#8230; Je parle de mes copines parce que la plupart des \u00e9tudiants, voil\u00e0, de mon universit\u00e9, c&#8217;\u00e9tait quand m\u00eame des filles&#8230;<\/p>\n\n\n\n<p>Hugo: <a id=\"sonaar_ts-6927d1bc12975\" class=\"srmp3_sonaar_ts_shortcode\"  style=\"\" href=\"javascript:sonaar_ts_shortcode({ trackid:'0', time:'00:27:01', ts_id:'6927d1bc12975', play_icon:'' }) ;\">[00:27:01]<\/a> Des \u00e9tudiantes.<\/p>\n\n\n\n<p>Anna: <a id=\"sonaar_ts-6927d1bc1297e\" class=\"srmp3_sonaar_ts_shortcode\"  style=\"\" href=\"javascript:sonaar_ts_shortcode({ trackid:'0', time:'00:27:02', ts_id:'6927d1bc1297e', play_icon:'' }) ;\">[00:27:02]<\/a> Des \u00e9tudiantes, exactement. Seulement 4&#8230; 3 ou 4 gar\u00e7ons. Donc oui, elles m&#8217;ont dit qu&#8217;aussi, elles restaient&#8230; Elles passaient la plupart de leur temps entre Erasmus et que eux aussi parlaient anglais. En plus, entre elles, parce que dans la plupart des cas, elles partaient \u00e0 deux ou \u00e0 trois, et entre elles, elles parlaient polonais. Donc je me suis dit que&#8230; Bah OK, si je veux que tout ce d\u00e9part ait du sens, tout d&#8217;abord, il faut que je parte seule plut\u00f4t. Et puis, il faut que, je sais pas, sur place, que je fasse vraiment un effort pour trouver quelqu&#8217;un avec qui je pourrais parler fran\u00e7ais et&#8230; Et je sais pas, d&#8217;organiser un peu tout \u00e7a.<\/p>\n\n\n\n<p><a id=\"sonaar_ts-6927d1bc12982\" class=\"srmp3_sonaar_ts_shortcode\"  style=\"\" href=\"javascript:sonaar_ts_shortcode({ trackid:'0', time:'00:27:48', ts_id:'6927d1bc12982', play_icon:'' }) ;\">[00:27:48]<\/a> Et oui moi, tout d&#8217;abord, je d\u00e9teste voyager seule. Et je sais pas, je pense que j&#8217;ai flipp\u00e9, tout simplement, pour tout te dire. \u00c7a me mettait vraiment mal \u00e0 l&#8217;aise l&#8217;id\u00e9e de voyager toute seule dans un pays \u00e9tranger, faire mes \u00e9tudes dans une langue \u00e9trang\u00e8re. Je sais pas. Et aussi, j&#8217;\u00e9tais assez attach\u00e9e \u00e0 ma vie ici \u00e0 Cracovie, parce qu&#8217;\u00e0 cette \u00e9poque l\u00e0, j&#8217;\u00e9tais une danseuse professionnelle. J&#8217;avais des entra\u00eenements quatre \u00e0 cinq fois par semaine. Je participais \u00e0 des comp\u00e9titions. J&#8217;enseignais la danse aussi. Donc tout \u00e7a, c&#8217;\u00e9tait encore une autre raison -une excuse, quelqu&#8217;un pourrait dire- pour rester ici. Donc voil\u00e0, c&#8217;est comme \u00e7a que je suis rest\u00e9e, bien, \u00e0 Cracovie.<\/p>\n\n\n\n<p>Hugo: <a id=\"sonaar_ts-6927d1bc12987\" class=\"srmp3_sonaar_ts_shortcode\"  style=\"\" href=\"javascript:sonaar_ts_shortcode({ trackid:'0', time:'00:28:36', ts_id:'6927d1bc12987', play_icon:'' }) ;\">[00:28:36]<\/a> Et qu&#8217;est ce que \u00e7a veut dire, flipper ? Tu as dit &#8220;j&#8217;ai flipp\u00e9&#8221;.<\/p>\n\n\n\n<p>Anna: <a id=\"sonaar_ts-6927d1bc1298b\" class=\"srmp3_sonaar_ts_shortcode\"  style=\"\" href=\"javascript:sonaar_ts_shortcode({ trackid:'0', time:'00:28:39', ts_id:'6927d1bc1298b', play_icon:'' }) ;\">[00:28:39]<\/a> Oui. &#8220;Flipper&#8221;, \u00e7a veut dire &#8220;avoir peur&#8221;, mais c&#8217;est plut\u00f4t de la langue famili\u00e8re.<\/p>\n\n\n\n<p>Hugo: <a id=\"sonaar_ts-6927d1bc12990\" class=\"srmp3_sonaar_ts_shortcode\"  style=\"\" href=\"javascript:sonaar_ts_shortcode({ trackid:'0', time:'00:28:45', ts_id:'6927d1bc12990', play_icon:'' }) ;\">[00:28:45]<\/a> Ok, bon en tout cas, c&#8217;est une r\u00e9ponse tr\u00e8s honn\u00eate. Donc merci.<\/p>\n\n\n\n<p>Anna: <a id=\"sonaar_ts-6927d1bc12994\" class=\"srmp3_sonaar_ts_shortcode\"  style=\"\" href=\"javascript:sonaar_ts_shortcode({ trackid:'0', time:'00:28:48', ts_id:'6927d1bc12994', play_icon:'' }) ;\">[00:28:48]<\/a> Je t&#8217;en prie.<\/p>\n\n\n\n<p>Hugo: <a id=\"sonaar_ts-6927d1bc12999\" class=\"srmp3_sonaar_ts_shortcode\"  style=\"\" href=\"javascript:sonaar_ts_shortcode({ trackid:'0', time:'00:28:00', ts_id:'6927d1bc12999', play_icon:'' }) ;\">[00:28:48]<\/a> Et t&#8217;es vraiment l&#8217;exemple qu&#8217;on peut apprendre une langue \u00e9trang\u00e8re, voil\u00e0, sans vivre dans le pays. Sans vivre dans un pays francophone, on peut tr\u00e8s bien apprendre le fran\u00e7ais. Peut-\u00eatre que \u00e7a demande un peu plus d&#8217;efforts. Parce que voil\u00e0, toi, tu as cherch\u00e9 \u00e0 avoir des cours en plus de tes cours \u00e0 l&#8217;universit\u00e9. J&#8217;ai l&#8217;impression que tu \u00e9tais vraiment tr\u00e8s active, en fait, dans ton apprentissage.<\/p>\n\n\n\n<p>Anna: <a id=\"sonaar_ts-6927d1bc1299d\" class=\"srmp3_sonaar_ts_shortcode\"  style=\"\" href=\"javascript:sonaar_ts_shortcode({ trackid:'0', time:'00:29:10', ts_id:'6927d1bc1299d', play_icon:'' }) ;\">[00:29:10]<\/a> Oui, oui, c&#8217;est \u00e7a. Il faut \u00eatre plus actif. Il faut faire plus d&#8217;efforts. Parce qu&#8217;il faut se cr\u00e9er des occasions pour parler fran\u00e7ais. C&#8217;est pas comme si on \u00e9tait en France. Il y a plein d&#8217;occasions o\u00f9 tu peux parler fran\u00e7ais, tu peux entendre le fran\u00e7ais dans le bus, dans le tram. C&#8217;est pas comme \u00e7a. Donc&#8230; Si tu restes, par exemple en Pologne, il faut que tu cherches. Il faut que tu te trouves des occasions pour parler, pour lire en fran\u00e7ais.<\/p>\n\n\n\n<p>Hugo: <a id=\"sonaar_ts-6927d1bc129a6\" class=\"srmp3_sonaar_ts_shortcode\"  style=\"\" href=\"javascript:sonaar_ts_shortcode({ trackid:'0', time:'00:29:40', ts_id:'6927d1bc129a6', play_icon:'' }) ;\">[00:29:40]<\/a> Justement, moi, je suis l&#8217;exemple inverse parce que je vis en Pologne. Et je suis tellement passif dans mon apprentissage du polonais que voil\u00e0, l\u00e0 \u00e7a va faire 6 ans&#8230; 6 ans et demi. Et voil\u00e0, je suis tr\u00e8s, tr\u00e8s loin de pouvoir parler couramment comme toi. Et je pense que bon, c&#8217;est totalement de ma faute parce que je n&#8217;ai pas cherch\u00e9 vraiment les opportunit\u00e9s de pratiquer. J&#8217;ai pris quelques cours, mais voil\u00e0, j&#8217;\u00e9tais plut\u00f4t concentr\u00e9 sur InnerFrench, des choses comme \u00e7a. Et&#8230; ma copine est polonaise, mais on parle anglais ensemble. Donc c&#8217;est 100% ma faute. J&#8217;ai aucune excuse. Donc c&#8217;est voil\u00e0&#8230;<\/p>\n\n\n\n<p><a id=\"sonaar_ts-6927d1bc129aa\" class=\"srmp3_sonaar_ts_shortcode\"  style=\"\" href=\"javascript:sonaar_ts_shortcode({ trackid:'0', time:'00:30:16', ts_id:'6927d1bc129aa', play_icon:'' }) ;\">[00:30:16]<\/a> Parce que souvent, on est un peu&#8230; Voil\u00e0 on se donne ce genre d&#8217;excuses : ah mais j&#8217;habite pas dans le pays, donc je peux pas apprendre la langue. Ah, si seulement j&#8217;habitais en France, m\u00eame six mois, l\u00e0, je suis s\u00fbr que j&#8217;apprendrais \u00e0 parler couramment fran\u00e7ais. Mais ce n&#8217;est pas si simple que \u00e7a en fait. C&#8217;est vraiment une question, voil\u00e0, d&#8217;\u00eatre actif, de faire des efforts. Quand on est enfant, peut-\u00eatre, \u00e7a vient plus naturellement parce qu&#8217;on est forc\u00e9 \u00e0 avoir des interactions \u00e0 l&#8217;\u00e9cole, etc. Mais quand on est adulte, c&#8217;est tout \u00e0 fait possible, m\u00eame dans un pays \u00e9tranger, de limiter ses contacts avec sa langue ou d&#8217;utiliser seulement l&#8217;anglais.<\/p>\n\n\n\n<p>Anna: <a id=\"sonaar_ts-6927d1bc129af\" class=\"srmp3_sonaar_ts_shortcode\"  style=\"\" href=\"javascript:sonaar_ts_shortcode({ trackid:'0', time:'00:30:52', ts_id:'6927d1bc129af', play_icon:'' }) ;\">[00:30:52]<\/a> Oui, oui, il faut juste, voil\u00e0, un peu d&#8217;effort pour \u00e7a.<\/p>\n\n\n\n<p>Hugo: <a id=\"sonaar_ts-6927d1bc129b3\" class=\"srmp3_sonaar_ts_shortcode\"  style=\"\" href=\"javascript:sonaar_ts_shortcode({ trackid:'0', time:'00:30:55', ts_id:'6927d1bc129b3', play_icon:'' }) ;\">[00:30:55]<\/a> OK. Par contre, il y a quelque chose. C&#8217;est la diff\u00e9rence entre le fran\u00e7ais formel et informel. Parce que j&#8217;imagine qu&#8217;\u00e0 l&#8217;universit\u00e9, c&#8217;\u00e9tait plut\u00f4t le fran\u00e7ais formel.<\/p>\n\n\n\n<p>Anna: <a id=\"sonaar_ts-6927d1bc129b8\" class=\"srmp3_sonaar_ts_shortcode\"  style=\"\" href=\"javascript:sonaar_ts_shortcode({ trackid:'0', time:'00:31:05', ts_id:'6927d1bc129b8', play_icon:'' }) ;\">[00:31:05]<\/a> Oui, oui, bien s\u00fbr, c&#8217;\u00e9tait plut\u00f4t le fran\u00e7ais formel. Et \u00e7a a \u00e9t\u00e9 un grand d\u00e9fi pour moi, en fait, d&#8217;essayer d&#8217;apprendre m\u00eame un peu de fran\u00e7ais qui est plus familier. Et je l&#8217;ai pas fait \u00e0 l&#8217;universit\u00e9. Je l&#8217;ai fait avec, justement, mes profs qui me donnaient des cours particuliers. Et je l&#8217;ai fait aussi apr\u00e8s mes \u00e9tudes. Donc voil\u00e0, je cherchais&#8230; Apr\u00e8s mes \u00e9tudes, je cherchais plut\u00f4t des ressources avec lesquelles je pourrais apprendre plus de fran\u00e7ais familier.<\/p>\n\n\n\n<p>Hugo: <a id=\"sonaar_ts-6927d1bc129bd\" class=\"srmp3_sonaar_ts_shortcode\"  style=\"\" href=\"javascript:sonaar_ts_shortcode({ trackid:'0', time:'00:31:40', ts_id:'6927d1bc129bd', play_icon:'' }) ;\">[00:31:40]<\/a> Et est-ce que t&#8217;\u00e9tais capable de comprendre les films et les s\u00e9ries d\u00e9j\u00e0, par exemple ?<\/p>\n\n\n\n<p>Anna: <a id=\"sonaar_ts-6927d1bc129c5\" class=\"srmp3_sonaar_ts_shortcode\"  style=\"\" href=\"javascript:sonaar_ts_shortcode({ trackid:'0', time:'00:31:44', ts_id:'6927d1bc129c5', play_icon:'' }) ;\">[00:31:44]<\/a> Bien s\u00fbr que non, au d\u00e9but ! Donc je comprends tr\u00e8s bien les gens qui sont un peu stress\u00e9s ou d\u00e9courag\u00e9s. Oui, au d\u00e9but, c&#8217;est vraiment difficile. Donc je regardais&#8230; Au d\u00e9but, je regardais tout avec des sous-titres. J&#8217;\u00e9tais une cliente tr\u00e8s fid\u00e8le, on peut dire, de l&#8217;Institut fran\u00e7ais. Parce que \u00e0 l&#8217;Institut fran\u00e7ais, \u00e0 Cracovie, on peut emprunter des DVD en fran\u00e7ais, des livres, des magazines. Donc voil\u00e0, j&#8217;y allais chaque semaine ou toutes les deux semaines pour emprunter un film en fran\u00e7ais avec des sous-titres. Et le premier film que j&#8217;ai vu, par exemple, c&#8217;\u00e9tait Harry Potter. C&#8217;\u00e9tait la premi\u00e8re partie, donc &#8220;La Pierre philosophale&#8221;. Et j&#8217;ai vu ce film trois fois. Pour vraiment comprendre. Pour noter le vocabulaire. Pour apprendre des expressions. Donc oui, les d\u00e9buts sont difficiles. Mais apr\u00e8s, petit \u00e0 petit, \u00e7a change. Et on se sent plus \u00e0 l&#8217;aise. Et on finit par, voil\u00e0, pouvoir regarder des films, m\u00eame sans les sous-titres.<\/p>\n\n\n\n<p>Hugo: <a id=\"sonaar_ts-6927d1bc129ca\" class=\"srmp3_sonaar_ts_shortcode\"  style=\"\" href=\"javascript:sonaar_ts_shortcode({ trackid:'0', time:'00:32:59', ts_id:'6927d1bc129ca', play_icon:'' }) ;\">[00:32:59]<\/a> Et \u00e7a prend du temps et beaucoup d&#8217;efforts. Effectivement.<\/p>\n\n\n\n<p>Anna: <a id=\"sonaar_ts-6927d1bc129ce\" class=\"srmp3_sonaar_ts_shortcode\"  style=\"\" href=\"javascript:sonaar_ts_shortcode({ trackid:'0', time:'00:33:00', ts_id:'6927d1bc129ce', play_icon:'' }) ;\">[00:33:00]<\/a> Mais \u00e7a prend du temps, oui. Il faut de la patience.<\/p>\n\n\n\n<p>Hugo: <a id=\"sonaar_ts-6927d1bc129d8\" class=\"srmp3_sonaar_ts_shortcode\"  style=\"\" href=\"javascript:sonaar_ts_shortcode({ trackid:'0', time:'00:33:03', ts_id:'6927d1bc129d8', play_icon:'' }) ;\">[00:33:03]<\/a> Et c&#8217;est vrai que souvent, les films \u00e9trangers qui sont doubl\u00e9s en fran\u00e7ais, ils sont un peu plus faciles \u00e0 comprendre. Parce que les&#8230; Je ne sais pas si c&#8217;est parce que, en version originale, les r\u00e9pliques, les dialogues des personnages sont peu plus directs en anglais qu&#8217;en fran\u00e7ais. Ou alors, si c&#8217;est parce que dans la traduction, on enl\u00e8ve certains \u00e9l\u00e9ments, on a tendance \u00e0 simplifier. Je sais pas, mais en tout cas, c&#8217;est vrai que souvent, les films am\u00e9ricains doubl\u00e9s en fran\u00e7ais sont plus faciles \u00e0 comprendre que les films qui sont en fran\u00e7ais \u00e0 l&#8217;origine.<\/p>\n\n\n\n<p>Anna: <a id=\"sonaar_ts-6927d1bc129df\" class=\"srmp3_sonaar_ts_shortcode\"  style=\"\" href=\"javascript:sonaar_ts_shortcode({ trackid:'0', time:'00:33:34', ts_id:'6927d1bc129df', play_icon:'' }) ;\">[00:33:34]<\/a> Oui, oui, cette id\u00e9e. Oui, c&#8217;est aussi une bonne id\u00e9e de regarder peut-\u00eatre comme \u00e7a, oui, si quelqu&#8217;un veut regarder des films en fran\u00e7ais.<\/p>\n\n\n\n<p>Hugo: <a id=\"sonaar_ts-6927d1bc129e3\" class=\"srmp3_sonaar_ts_shortcode\"  style=\"\" href=\"javascript:sonaar_ts_shortcode({ trackid:'0', time:'00:33:42', ts_id:'6927d1bc129e3', play_icon:'' }) ;\">[00:33:42]<\/a> En plus, c&#8217;est des films que les gens connaissent d\u00e9j\u00e0, en g\u00e9n\u00e9ral. Ils connaissent d\u00e9j\u00e0 l&#8217;histoire donc&#8230;<\/p>\n\n\n\n<p>Anna: <a id=\"sonaar_ts-6927d1bc129e8\" class=\"srmp3_sonaar_ts_shortcode\"  style=\"\" href=\"javascript:sonaar_ts_shortcode({ trackid:'0', time:'00:33:47', ts_id:'6927d1bc129e8', play_icon:'' }) ;\">[00:33:47]<\/a> Oui, c&#8217;est \u00e7a.<\/p>\n\n\n\n<p>Hugo: <a id=\"sonaar_ts-6927d1bc129f0\" class=\"srmp3_sonaar_ts_shortcode\"  style=\"\" href=\"javascript:sonaar_ts_shortcode({ trackid:'0', time:'00:33:48', ts_id:'6927d1bc129f0', play_icon:'' }) ;\">[00:33:48]<\/a> Alors, et ensuite, apr\u00e8s l&#8217;universit\u00e9, comment tu as commenc\u00e9 ta carri\u00e8re ?<\/p>\n\n\n\n<p>Anna: <a id=\"sonaar_ts-6927d1bc129f4\" class=\"srmp3_sonaar_ts_shortcode\"  style=\"\" href=\"javascript:sonaar_ts_shortcode({ trackid:'0', time:'00:33:52', ts_id:'6927d1bc129f4', play_icon:'' }) ;\">[00:33:52]<\/a> Apr\u00e8s l&#8217;universit\u00e9, j&#8217;ai commenc\u00e9 \u00e0 travailler dans une entreprise internationale, ce qui n&#8217;\u00e9tait pas vraiment ma tasse de th\u00e9. Mais je me suis dit que le plus important, c&#8217;est que je garde le contact avec le fran\u00e7ais. Donc, j&#8217;ai tout fait pour pouvoir travailler avec la langue. Oui&#8230; Et \u00e0 ce moment-l\u00e0, j&#8217;ai trouv\u00e9 ce boulot et je me suis dit que&#8230; voil\u00e0, que j&#8217;allais essayer.<\/p>\n\n\n\n<p>Hugo: <a id=\"sonaar_ts-6927d1bc129f9\" class=\"srmp3_sonaar_ts_shortcode\"  style=\"\" href=\"javascript:sonaar_ts_shortcode({ trackid:'0', time:'00:34:22', ts_id:'6927d1bc129f9', play_icon:'' }) ;\">[00:34:22]<\/a> Et qu&#8217;est-ce que tu faisais dans cette entreprise ?<\/p>\n\n\n\n<p>Anna: <a id=\"sonaar_ts-6927d1bc129fd\" class=\"srmp3_sonaar_ts_shortcode\"  style=\"\" href=\"javascript:sonaar_ts_shortcode({ trackid:'0', time:'00:34:25', ts_id:'6927d1bc129fd', play_icon:'' }) ;\">[00:34:25]<\/a> En gros, je travaillais dans la comptabilit\u00e9. Je travaillais dans la comptabilit\u00e9. J&#8217;avais des contacts&#8230; J&#8217;avais le contact avec les Fran\u00e7ais par \u00e9crit, donc par mail, mais aussi par t\u00e9l\u00e9phone.<\/p>\n\n\n\n<p>Hugo: <a id=\"sonaar_ts-6927d1bc12a02\" class=\"srmp3_sonaar_ts_shortcode\"  style=\"\" href=\"javascript:sonaar_ts_shortcode({ trackid:'0', time:'00:34:39', ts_id:'6927d1bc12a02', play_icon:'' }) ;\">[00:34:39]<\/a> Et comment \u00e7a s&#8217;est pass\u00e9, cette premi\u00e8re exp\u00e9rience \u00e0 travailler avec des Fran\u00e7ais ?<\/p>\n\n\n\n<p>Anna: <a id=\"sonaar_ts-6927d1bc12a06\" class=\"srmp3_sonaar_ts_shortcode\"  style=\"\" href=\"javascript:sonaar_ts_shortcode({ trackid:'0', time:'00:34:46', ts_id:'6927d1bc12a06', play_icon:'' }) ;\">[00:34:46]<\/a> C&#8217;\u00e9tait quelque chose de nouveau. C&#8217;\u00e9tait quelque chose de nouveau parce que oui, c&#8217;\u00e9tait pas des profs qui veulent t&#8217;apprendre des choses, qui sont indulgents avec toi, patients. Ce sont, voil\u00e0, des clients qui&#8230; qui ont certaines&#8230;<\/p>\n\n\n\n<p>Hugo: <a id=\"sonaar_ts-6927d1bc12a0b\" class=\"srmp3_sonaar_ts_shortcode\"  style=\"\" href=\"javascript:sonaar_ts_shortcode({ trackid:'0', time:'00:35:05', ts_id:'6927d1bc12a0b', play_icon:'' }) ;\">[00:35:05]<\/a> Certaines exigences, certaines attentes&#8230;<\/p>\n\n\n\n<p>Anna: <a id=\"sonaar_ts-6927d1bc12a0f\" class=\"srmp3_sonaar_ts_shortcode\"  style=\"\" href=\"javascript:sonaar_ts_shortcode({ trackid:'0', time:'00:35:05', ts_id:'6927d1bc12a0f', play_icon:'' }) ;\">[00:35:05]<\/a> Certaines exigences, oui, par exemple. Donc l\u00e0, non seulement il faut que tu ma\u00eetrises bien la langue, mais il faut que tu te mettes aussi dans&#8230; Voil\u00e0 dans cette situation. Client&#8230; Euh&#8230;<\/p>\n\n\n\n<p>Hugo <a id=\"sonaar_ts-6927d1bc12a14\" class=\"srmp3_sonaar_ts_shortcode\"  style=\"\" href=\"javascript:sonaar_ts_shortcode({ trackid:'0', time:'00:35:23', ts_id:'6927d1bc12a14', play_icon:'' }) ;\">[00:35:23]<\/a> Euh&#8230; Client&#8230; Ouais, toi tu \u00e9tais le prestataire.<\/p>\n\n\n\n<p>Anna: <a id=\"sonaar_ts-6927d1bc12a18\" class=\"srmp3_sonaar_ts_shortcode\"  style=\"\" href=\"javascript:sonaar_ts_shortcode({ trackid:'0', time:'00:35:27', ts_id:'6927d1bc12a18', play_icon:'' }) ;\">[00:35:27]<\/a> Le prestataire oui. Client-prestataire. Donc c&#8217;\u00e9tait plus difficile. Il y avait encore plus de choses qu&#8217;il fallait prendre en compte. Mais j&#8217;\u00e9tais plut\u00f4t une bonne&#8230; Pour moi, c&#8217;\u00e9tait une bonne exp\u00e9rience.<\/p>\n\n\n\n<p>Hugo : <a id=\"sonaar_ts-6927d1bc12a1d\" class=\"srmp3_sonaar_ts_shortcode\"  style=\"\" href=\"javascript:sonaar_ts_shortcode({ trackid:'0', time:'00:35:42', ts_id:'6927d1bc12a1d', play_icon:'' }) ;\">[00:35:42]<\/a> C&#8217;est vrai que c&#8217;est un contexte un peu particulier. J&#8217;avais aussi des \u00e9l\u00e8ves \u00e0 Varsovie qui travaillaient justement dans ce type de service parce qu&#8217;il y a beaucoup de grandes entreprises fran\u00e7aises maintenant qui externalisent une partie de leurs \u00e9quipes en Pologne. Parce qu&#8217;en Pologne, il y a plein de gens qui parlent fran\u00e7ais et les salaires sont plus bas qu&#8217;en France, \u00e7a co\u00fbte moins cher. Et donc, en plus, il y a aussi ce c\u00f4t\u00e9 o\u00f9 les gens qui sont en France savent qu&#8217;une partie de leur entreprise est externalis\u00e9e en Pologne. Donc voil\u00e0, peut-\u00eatre qu&#8217;ils ont peur de perdre leur travail. Mais toi, c&#8217;\u00e9tait pas exactement ce type d&#8217;entreprise ? Toi c&#8217;\u00e9tait vraiment du service pour&#8230;<\/p>\n\n\n\n<p>Anna: <a id=\"sonaar_ts-6927d1bc12a25\" class=\"srmp3_sonaar_ts_shortcode\"  style=\"\" href=\"javascript:sonaar_ts_shortcode({ trackid:'0', time:'00:36:21', ts_id:'6927d1bc12a25', play_icon:'' }) ;\">[00:36:21]<\/a> Alors c&#8217;\u00e9tait la comptabilit\u00e9, pour les Fran\u00e7ais, pour la France. Mais&#8230; Mais non, j&#8217;avais pas trop de&#8230; Cette exp\u00e9rience d&#8217;externalisation de services. Non.<\/p>\n\n\n\n<p>Hugo: <a id=\"sonaar_ts-6927d1bc12a2a\" class=\"srmp3_sonaar_ts_shortcode\"  style=\"\" href=\"javascript:sonaar_ts_shortcode({ trackid:'0', time:'00:36:30', ts_id:'6927d1bc12a2a', play_icon:'' }) ;\">[00:36:30]<\/a> Donc, cette premi\u00e8re exp\u00e9rience, c&#8217;\u00e9tait pas vraiment ta tasse de th\u00e9, comme tu as dit. Et qu&#8217;est-ce que tu fais apr\u00e8s \u00e7a, apr\u00e8s \u00e7a ?<\/p>\n\n\n\n<p>Anna: <a id=\"sonaar_ts-6927d1bc12a2e\" class=\"srmp3_sonaar_ts_shortcode\"  style=\"\" href=\"javascript:sonaar_ts_shortcode({ trackid:'0', time:'00:36:37', ts_id:'6927d1bc12a2e', play_icon:'' }) ;\">[00:36:37]<\/a> Apr\u00e8s \u00e7a, heureusement, j&#8217;ai re\u00e7u une proposition pour travailler \u00e0 l&#8217;\u00e9cole. Et c&#8217;\u00e9tait mon ancien lyc\u00e9e. Donc c&#8217;\u00e9tait&#8230; Oui, j&#8217;\u00e9tais vraiment tr\u00e8s contente de pouvoir y revenir.<\/p>\n\n\n\n<p>Hugo: <a id=\"sonaar_ts-6927d1bc12a33\" class=\"srmp3_sonaar_ts_shortcode\"  style=\"\" href=\"javascript:sonaar_ts_shortcode({ trackid:'0', time:'00:36:52', ts_id:'6927d1bc12a33', play_icon:'' }) ;\">00:36:52]<\/a> En tant que prof, cette fois.<\/p>\n\n\n\n<p>Anna: <a id=\"sonaar_ts-6927d1bc12a38\" class=\"srmp3_sonaar_ts_shortcode\"  style=\"\" href=\"javascript:sonaar_ts_shortcode({ trackid:'0', time:'00:36:53', ts_id:'6927d1bc12a38', play_icon:'' }) ;\">[00:36:53]<\/a> En tant que prof cette fois-ci, voil\u00e0. M\u00eame si beaucoup de monde me prenait toujours pour une \u00e9l\u00e8ve parce que j&#8217;\u00e9tais assez jeune \u00e0 l&#8217;\u00e9poque. Donc voil\u00e0, je me suis fait virer plusieurs fois de la salle des profs, par exemple, ce qui \u00e9tait tr\u00e8s marrant, d&#8217;ailleurs. Et oui&#8230; Mais j&#8217;ai enseign\u00e9 seulement pendant un an parce que j&#8217;ai fait de l&#8217;int\u00e9rim. Donc je rempla\u00e7ais une autre prof de fran\u00e7ais.<\/p>\n\n\n\n<p>Hugo: <a id=\"sonaar_ts-6927d1bc12a3c\" class=\"srmp3_sonaar_ts_shortcode\"  style=\"\" href=\"javascript:sonaar_ts_shortcode({ trackid:'0', time:'00:37:17', ts_id:'6927d1bc12a3c', play_icon:'' }) ;\">[00:37:17]<\/a> Tu peux expliquer, &#8220;faire de l&#8217;int\u00e9rim&#8221;, ce que \u00e7a veut dire ?<\/p>\n\n\n\n<p>Anna: <a id=\"sonaar_ts-6927d1bc12a40\" class=\"srmp3_sonaar_ts_shortcode\"  style=\"\" href=\"javascript:sonaar_ts_shortcode({ trackid:'0', time:'00:37:19', ts_id:'6927d1bc12a40', play_icon:'' }) ;\">[00:37:19]<\/a> Oui, j&#8217;\u00e9tais&#8230; Alors, j&#8217;\u00e9tais une rempla\u00e7ante. Je rempla\u00e7ais une prof qui \u00e9tait partie pour un cong\u00e9 maladie, il me semble. Donc c&#8217;\u00e9tait seulement pour un an. C&#8217;\u00e9tait un travail temporaire.<\/p>\n\n\n\n<p>Hugo: <a id=\"sonaar_ts-6927d1bc12a45\" class=\"srmp3_sonaar_ts_shortcode\"  style=\"\" href=\"javascript:sonaar_ts_shortcode({ trackid:'0', time:'00:37:34', ts_id:'6927d1bc12a45', play_icon:'' }) ;\">[00:37:34]<\/a> Et comment \u00e7a s&#8217;est pass\u00e9 ces cours, avec tes \u00e9l\u00e8ves ?<\/p>\n\n\n\n<p>Anna: <a id=\"sonaar_ts-6927d1bc12a49\" class=\"srmp3_sonaar_ts_shortcode\"  style=\"\" href=\"javascript:sonaar_ts_shortcode({ trackid:'0', time:'00:37:38', ts_id:'6927d1bc12a49', play_icon:'' }) ;\">[00:37:38]<\/a> Tr\u00e8s bien. Ils \u00e9taient vraiment tr\u00e8s sympas. Bon, c&#8217;est un bon lyc\u00e9e. C&#8217;est l&#8217;un des meilleurs lyc\u00e9es \u00e0 Cracovie. Je pense, toujours. Donc les \u00e9l\u00e8ves, ils \u00e9taient vraiment tr\u00e8s sympas. Dans la majorit\u00e9 des cas, encore une fois, c&#8217;\u00e9tait des filles. Et j&#8217;aimais vraiment ces cours avec avec elles&#8230; Avec eux.<\/p>\n\n\n\n<p>Hugo: <a id=\"sonaar_ts-6927d1bc12a52\" class=\"srmp3_sonaar_ts_shortcode\"  style=\"\" href=\"javascript:sonaar_ts_shortcode({ trackid:'0', time:'00:37:59', ts_id:'6927d1bc12a52', play_icon:'' }) ;\">[00:37:59]<\/a> Et c&#8217;\u00e9tait quel type de cours ?<\/p>\n\n\n\n<p>Anna: <a id=\"sonaar_ts-6927d1bc12a56\" class=\"srmp3_sonaar_ts_shortcode\"  style=\"\" href=\"javascript:sonaar_ts_shortcode({ trackid:'0', time:'00:38:03', ts_id:'6927d1bc12a56', play_icon:'' }) ;\">[00:38:03]<\/a> Tu peux expliquer ?<\/p>\n\n\n\n<p>Hugo: <a id=\"sonaar_ts-6927d1bc12a5b\" class=\"srmp3_sonaar_ts_shortcode\"  style=\"\" href=\"javascript:sonaar_ts_shortcode({ trackid:'0', time:'00:38:03', ts_id:'6927d1bc12a5b', play_icon:'' }) ;\">[00:38:03]<\/a> C&#8217;\u00e9tait des cours g\u00e9n\u00e9raux sur, voil\u00e0, apprendre le fran\u00e7ais&#8230;?<\/p>\n\n\n\n<p>Anna: <a id=\"sonaar_ts-6927d1bc12a5f\" class=\"srmp3_sonaar_ts_shortcode\"  style=\"\" href=\"javascript:sonaar_ts_shortcode({ trackid:'0', time:'00:38:07', ts_id:'6927d1bc12a5f', play_icon:'' }) ;\">[00:38:07]<\/a> Oui, oui. C&#8217;\u00e9tait des cours g\u00e9n\u00e9raux et le fran\u00e7ais, voil\u00e0 comme deuxi\u00e8me langue.<\/p>\n\n\n\n<p>Hugo: <a id=\"sonaar_ts-6927d1bc12a64\" class=\"srmp3_sonaar_ts_shortcode\"  style=\"\" href=\"javascript:sonaar_ts_shortcode({ trackid:'0', time:'00:38:14', ts_id:'6927d1bc12a64', play_icon:'' }) ;\">[00:38:14]<\/a> OK. Donc tu utilisais un manuel et tu avais un programme \u00e0 suivre, etc. ?<\/p>\n\n\n\n<p>Anna: <a id=\"sonaar_ts-6927d1bc12a68\" class=\"srmp3_sonaar_ts_shortcode\"  style=\"\" href=\"javascript:sonaar_ts_shortcode({ trackid:'0', time:'00:38:17', ts_id:'6927d1bc12a68', play_icon:'' }) ;\">[00:38:17]<\/a> Oui. Oui, oui, oui. Comme c&#8217;\u00e9tait \u00e0 l&#8217;\u00e9cole, donc voil\u00e0. Le syst\u00e8me \u00e9tait assez rigide, avec des manuels plut\u00f4t impos\u00e9s. Donc vraiment peu de temps et peu d&#8217;espace pour faire des choses assez cr\u00e9atives. Malheureusement.<\/p>\n\n\n\n<p>Hugo: <a id=\"sonaar_ts-6927d1bc12ab7\" class=\"srmp3_sonaar_ts_shortcode\"  style=\"\" href=\"javascript:sonaar_ts_shortcode({ trackid:'0', time:'00:38:35', ts_id:'6927d1bc12ab7', play_icon:'' }) ;\">[00:38:35]<\/a> Et est-ce que tu as observ\u00e9 des diff\u00e9rences entre toi&#8230; la fa\u00e7on dont toi, tu apprenais le fran\u00e7ais au lyc\u00e9e, et l\u00e0, les \u00e9l\u00e8ves qui \u00e9taient un peu plus jeunes, que tu avais en face de toi. Est-ce que parce que, par exemple, je ne sais pas, ils utilisaient plus Internet, des applications, des choses comme \u00e7a ? Ou est-ce que globalement, c&#8217;\u00e9tait plus ou moins la m\u00eame chose ?<\/p>\n\n\n\n<p>Anna: <a id=\"sonaar_ts-6927d1bc12abd\" class=\"srmp3_sonaar_ts_shortcode\"  style=\"\" href=\"javascript:sonaar_ts_shortcode({ trackid:'0', time:'00:38:55', ts_id:'6927d1bc12abd', play_icon:'' }) ;\">[00:38:55]<\/a> Oui, je pense que si&#8230; Oui, si je pense \u00e0 des diff\u00e9rences entre ma g\u00e9n\u00e9ration et la g\u00e9n\u00e9ration de mes \u00e9l\u00e8ves. Oui, c&#8217;est qu&#8217;ils utilisent beaucoup, beaucoup plus Internet, leur portable. Ils n&#8217;\u00e9taient pas capables, tu sais, de tenir 45 minutes sans avoir regard\u00e9 leur portable. Donc je me suis dit : OK, il faut que j&#8217;utilise les portables, mais dans des buts p\u00e9dagogiques. Donc oui, je leur proposais parfois des exercices \u00e0 faire sur les portables, des quizz, des trucs comme \u00e7a. Comme \u00e7a, ils se sentaient un peu plus rassur\u00e9s et c&#8217;\u00e9tait plus fun, des exercices comme \u00e7a. Donc oui, j&#8217;essayais d&#8217;utiliser des ressources sur Internet aussi et je voyais que \u00e7a, \u00e7a leur parle. C&#8217;est leur monde. Internet, tu sais, YouTube, des choses comme \u00e7a, donc ils \u00e9taient vraiment int\u00e9ress\u00e9s.<\/p>\n\n\n\n<p>Hugo: <a id=\"sonaar_ts-6927d1bc12ac2\" class=\"srmp3_sonaar_ts_shortcode\"  style=\"\" href=\"javascript:sonaar_ts_shortcode({ trackid:'0', time:'00:39:49', ts_id:'6927d1bc12ac2', play_icon:'' }) ;\">[00:39:49]<\/a> On parle comme des vieux, d\u00e9j\u00e0.<\/p>\n\n\n\n<p>Anna: <a id=\"sonaar_ts-6927d1bc12acb\" class=\"srmp3_sonaar_ts_shortcode\"  style=\"\" href=\"javascript:sonaar_ts_shortcode({ trackid:'0', time:'00:39:53', ts_id:'6927d1bc12acb', play_icon:'' }) ;\">[00:39:53]<\/a> Ouais.<\/p>\n\n\n\n<p>Hugo: <a id=\"sonaar_ts-6927d1bc12ad0\" class=\"srmp3_sonaar_ts_shortcode\"  style=\"\" href=\"javascript:sonaar_ts_shortcode({ trackid:'0', time:'00:39:53', ts_id:'6927d1bc12ad0', play_icon:'' }) ;\">[00:39:53]<\/a> Parce que toi&#8230; Non, tu as m\u00eame pas 30 ans, tu as 29 ans, c&#8217;est \u00e7a ?<\/p>\n\n\n\n<p>Anna: <a id=\"sonaar_ts-6927d1bc12ad5\" class=\"srmp3_sonaar_ts_shortcode\"  style=\"\" href=\"javascript:sonaar_ts_shortcode({ trackid:'0', time:'00:39:56', ts_id:'6927d1bc12ad5', play_icon:'' }) ;\">[00:39:56]<\/a> Je suis un peu plus jeune que toi, oui.<\/p>\n\n\n\n<p>Hugo: <a id=\"sonaar_ts-6927d1bc12ada\" class=\"srmp3_sonaar_ts_shortcode\"  style=\"\" href=\"javascript:sonaar_ts_shortcode({ trackid:'0', time:'00:40:02', ts_id:'6927d1bc12ada', play_icon:'' }) ;\">[00:40:02]<\/a> Donc ensuite, tu as continu\u00e9 ta carri\u00e8re de prof dans diff\u00e9rentes \u00e9coles \u00e0 Cracovie ?<\/p>\n\n\n\n<p>Anna: <a id=\"sonaar_ts-6927d1bc12adf\" class=\"srmp3_sonaar_ts_shortcode\"  style=\"\" href=\"javascript:sonaar_ts_shortcode({ trackid:'0', time:'00:40:06', ts_id:'6927d1bc12adf', play_icon:'' }) ;\">[00:40:06]<\/a> Oui, apr\u00e8s cette ann\u00e9e dans mon lyc\u00e9e, j&#8217;ai continu\u00e9 \u00e0 enseigner le fran\u00e7ais, mais plut\u00f4t dans des \u00e9coles de langues. Et en m\u00eame temps, je travaillais aussi pour une autre entreprise. Mais cette fois-ci, c&#8217;\u00e9tait une petite entreprise, donc l&#8217;atmosph\u00e8re \u00e9tait plus d\u00e9tendue. C&#8217;\u00e9tait plus sympa.<\/p>\n\n\n\n<p>Hugo: <a id=\"sonaar_ts-6927d1bc12ae4\" class=\"srmp3_sonaar_ts_shortcode\"  style=\"\" href=\"javascript:sonaar_ts_shortcode({ trackid:'0', time:'00:40:27', ts_id:'6927d1bc12ae4', play_icon:'' }) ;\">[00:40:27]<\/a> Il y avait une meilleure ambiance.<\/p>\n\n\n\n<p>Anna: <a id=\"sonaar_ts-6927d1bc12ae9\" class=\"srmp3_sonaar_ts_shortcode\"  style=\"\" href=\"javascript:sonaar_ts_shortcode({ trackid:'0', time:'00:40:29', ts_id:'6927d1bc12ae9', play_icon:'' }) ;\">[00:40:29]<\/a> Oui, oui. L&#8217;ambiance \u00e9tait meilleure, oui.<\/p>\n\n\n\n<p>Hugo: <a id=\"sonaar_ts-6927d1bc12aee\" class=\"srmp3_sonaar_ts_shortcode\"  style=\"\" href=\"javascript:sonaar_ts_shortcode({ trackid:'0', time:'00:40:31', ts_id:'6927d1bc12aee', play_icon:'' }) ;\">[00:40:31]<\/a> Qu&#8217;est-ce que tu faisais dans cette entreprise ?<\/p>\n\n\n\n<p>Anna: <a id=\"sonaar_ts-6927d1bc12af4\" class=\"srmp3_sonaar_ts_shortcode\"  style=\"\" href=\"javascript:sonaar_ts_shortcode({ trackid:'0', time:'00:40:34', ts_id:'6927d1bc12af4', play_icon:'' }) ;\">[00:40:34]<\/a> Dans cette entreprise, j&#8217;\u00e9tais au service client, on peut dire comme \u00e7a. Et c&#8217;\u00e9tait une entreprise qui s&#8217;occupait de&#8230; Des publicit\u00e9s en ligne. Donc, tout ce qui est retargeting. Des publicit\u00e9s en gros, en g\u00e9n\u00e9ral.<\/p>\n\n\n\n<p>Hugo: <a id=\"sonaar_ts-6927d1bc12af9\" class=\"srmp3_sonaar_ts_shortcode\"  style=\"\" href=\"javascript:sonaar_ts_shortcode({ trackid:'0', time:'00:40:53', ts_id:'6927d1bc12af9', play_icon:'' }) ;\">[00:40:53]<\/a> Mais pour des clients fran\u00e7ais ?<\/p>\n\n\n\n<p>Anna: <a id=\"sonaar_ts-6927d1bc12afe\" class=\"srmp3_sonaar_ts_shortcode\"  style=\"\" href=\"javascript:sonaar_ts_shortcode({ trackid:'0', time:'00:40:55', ts_id:'6927d1bc12afe', play_icon:'' }) ;\">[00:40:55]<\/a> Pour des clients fran\u00e7ais et anglophones aussi. Parce que je travaille aussi en anglais.<\/p>\n\n\n\n<p>Hugo: <a id=\"sonaar_ts-6927d1bc12b02\" class=\"srmp3_sonaar_ts_shortcode\"  style=\"\" href=\"javascript:sonaar_ts_shortcode({ trackid:'0', time:'00:41:00', ts_id:'6927d1bc12b02', play_icon:'' }) ;\">[00:41:00]<\/a> Et ensuite, tu as eu une exp\u00e9rience aussi avec une agence de tourisme ?<\/p>\n\n\n\n<p>Anna: <a id=\"sonaar_ts-6927d1bc12b07\" class=\"srmp3_sonaar_ts_shortcode\"  style=\"\" href=\"javascript:sonaar_ts_shortcode({ trackid:'0', time:'00:41:04', ts_id:'6927d1bc12b07', play_icon:'' }) ;\">[00:41:04]<\/a> Oui, oui. Apr\u00e8s, j&#8217;ai travaill\u00e9 pendant deux ans et demi dans une agence de tourisme, ce qui \u00e9tait une exp\u00e9rience compl\u00e8tement diff\u00e9rente de celle des entreprises. C&#8217;\u00e9tait un travail tr\u00e8s dynamique, qui demandait beaucoup d&#8217;engagement, de temps aussi. Donc j&#8217;organisais des s\u00e9jours pour des groupes de jeunes Fran\u00e7ais, aussi pour des adultes. Et on s&#8217;occupait aussi des conf\u00e9rences. Donc, tout ce qui est le business, donc des groupes, voil\u00e0&#8230; Pour des adultes, pour des entreprises.<\/p>\n\n\n\n<p>Hugo: <a id=\"sonaar_ts-6927d1bc12b0f\" class=\"srmp3_sonaar_ts_shortcode\"  style=\"\" href=\"javascript:sonaar_ts_shortcode({ trackid:'0', time:'00:41:47', ts_id:'6927d1bc12b0f', play_icon:'' }) ;\">[00:41:47]<\/a> OK. Donc c&#8217;\u00e9tait vraiment des visites guid\u00e9es, des choses comme \u00e7a, dans&#8230; pour leur faire d\u00e9couvrir Cracovie ?<\/p>\n\n\n\n<p>Anna: <a id=\"sonaar_ts-6927d1bc12b14\" class=\"srmp3_sonaar_ts_shortcode\"  style=\"\" href=\"javascript:sonaar_ts_shortcode({ trackid:'0', time:'00:41:53', ts_id:'6927d1bc12b14', play_icon:'' }) ;\">[00:41:53]<\/a> Oui, Cracovie et toute la Pologne. On organisait aussi, on proposait aussi des circuits dans toute la Pologne, donc pas seulement Cracovie.<\/p>\n\n\n\n<p>Hugo: <a id=\"sonaar_ts-6927d1bc12b18\" class=\"srmp3_sonaar_ts_shortcode\"  style=\"\" href=\"javascript:sonaar_ts_shortcode({ trackid:'0', time:'00:42:02', ts_id:'6927d1bc12b18', play_icon:'' }) ;\">[00:42:02]<\/a> Ok. Et donc un peu plus tard, tu as fini par rejoindre InnerFrench.<\/p>\n\n\n\n<p>Anna: <a id=\"sonaar_ts-6927d1bc12b1d\" class=\"srmp3_sonaar_ts_shortcode\"  style=\"\" href=\"javascript:sonaar_ts_shortcode({ trackid:'0', time:'00:42:06', ts_id:'6927d1bc12b1d', play_icon:'' }) ;\">[00:42:06]<\/a> Oui.<\/p>\n\n\n\n<p>Hugo: <a id=\"sonaar_ts-6927d1bc12b21\" class=\"srmp3_sonaar_ts_shortcode\"  style=\"\" href=\"javascript:sonaar_ts_shortcode({ trackid:'0', time:'00:42:08', ts_id:'6927d1bc12b21', play_icon:'' }) ;\">[00:42:08]<\/a> Voil\u00e0. Et maintenant, tu fais ton premier \u00e9pisode du podcast.<\/p>\n\n\n\n<p>Anna: <a id=\"sonaar_ts-6927d1bc12b26\" class=\"srmp3_sonaar_ts_shortcode\"  style=\"\" href=\"javascript:sonaar_ts_shortcode({ trackid:'0', time:'00:42:10', ts_id:'6927d1bc12b26', play_icon:'' }) ;\">[00:42:10]<\/a> Exact.<\/p>\n\n\n\n<p>Hugo: <a id=\"sonaar_ts-6927d1bc12b2a\" class=\"srmp3_sonaar_ts_shortcode\"  style=\"\" href=\"javascript:sonaar_ts_shortcode({ trackid:'0', time:'00:42:11', ts_id:'6927d1bc12b2a', play_icon:'' }) ;\">[00:42:11]<\/a> OK, tr\u00e8s bien.<br>Bon bah je pense que vous avez appris beaucoup de choses gr\u00e2ce \u00e0 cet \u00e9pisode. Anna a donn\u00e9 plein de bons conseils. On va continuer de vous proposer de nouvelles choses, des nouveaux contenus. On pensait peut-\u00eatre aussi \u00e0 des recommandations de lecture. Donc, si cet \u00e9pisode vous a plu, n&#8217;h\u00e9sitez pas \u00e0 laisser un commentaire sur le site. Et si vous avez des questions \u00e9galement, posez vos questions. Anna est tr\u00e8s occup\u00e9e en ce moment, parce qu&#8217;elle aide les \u00e9tudiants qui se sont inscrits \u00e0 Build a Strong Core. Et il y a eu beaucoup d&#8217;inscriptions, donc voil\u00e0&#8230; Anna a beaucoup de travail. Mais si on a un moment, voil\u00e0, on essaiera de vous r\u00e9pondre.<\/p>\n\n\n\n<p>Anna: <a id=\"sonaar_ts-6927d1bc12b2f\" class=\"srmp3_sonaar_ts_shortcode\"  style=\"\" href=\"javascript:sonaar_ts_shortcode({ trackid:'0', time:'00:42:51', ts_id:'6927d1bc12b2f', play_icon:'' }) ;\">[00:42:51]<\/a> Bien s\u00fbr, avec plaisir !<\/p>\n\n\n\n<p>Hugo: <a id=\"sonaar_ts-6927d1bc12b33\" class=\"srmp3_sonaar_ts_shortcode\"  style=\"\" href=\"javascript:sonaar_ts_shortcode({ trackid:'0', time:'00:42:52', ts_id:'6927d1bc12b33', play_icon:'' }) ;\">[00:42:52]<\/a> Merci beaucoup, Anna, d&#8217;avoir r\u00e9pondu.<\/p>\n\n\n\n<p>Anna: <a id=\"sonaar_ts-6927d1bc12b38\" class=\"srmp3_sonaar_ts_shortcode\"  style=\"\" href=\"javascript:sonaar_ts_shortcode({ trackid:'0', time:'00:42:54', ts_id:'6927d1bc12b38', play_icon:'' }) ;\">[00:42:54]<\/a> Merci.<\/p>\n\n\n\n<p>Hugo: <a id=\"sonaar_ts-6927d1bc12b40\" class=\"srmp3_sonaar_ts_shortcode\"  style=\"\" href=\"javascript:sonaar_ts_shortcode({ trackid:'0', time:'00:42:55', ts_id:'6927d1bc12b40', play_icon:'' }) ;\">[00:42:55]<\/a> \u00c0 bient\u00f4t.<\/p>\n\n\n\n<p>Anna: <a id=\"sonaar_ts-6927d1bc12b45\" class=\"srmp3_sonaar_ts_shortcode\"  style=\"\" href=\"javascript:sonaar_ts_shortcode({ trackid:'0', time:'00:43:03', ts_id:'6927d1bc12b45', play_icon:'' }) ;\">[00:43:03]<\/a> \u00c0 bient\u00f4t.<\/p>\n\n\n\n<p>Hugo: <a id=\"sonaar_ts-6927d1bc12b4a\" class=\"srmp3_sonaar_ts_shortcode\"  style=\"\" href=\"javascript:sonaar_ts_shortcode({ trackid:'0', time:'00:43:03', ts_id:'6927d1bc12b4a', play_icon:'' }) ;\">[00:43:03]<\/a> Voil\u00e0, j&#8217;esp\u00e8re que cet \u00e9pisode vous a plu. Comme vous le voyez, il est possible d&#8217;apprendre le fran\u00e7ais m\u00eame si vous ne vivez pas en France ou dans un autre pays francophone. M\u00eame si en ce moment, c&#8217;est difficile de voyager. Vous voyez qu&#8217;Anna a r\u00e9ussi \u00e0 apprendre le fran\u00e7ais et \u00e0 le parler couramment tout en restant en Pologne. Bon, elle \u00e9tait tr\u00e8s motiv\u00e9e, tr\u00e8s active, mais elle a partag\u00e9 avec vous tous ses conseils. Donc, vous pouvez faire comme Anna, suivre ses conseils. \u00c7a demande du temps, \u00e7a demande des efforts. Mais si vous \u00eates patients et motiv\u00e9s, je suis s\u00fbr que vous aussi, vous r\u00e9ussirez un jour \u00e0 parler fran\u00e7ais couramment.<\/p>\n\n\n\n<p><a id=\"sonaar_ts-6927d1bc12b4e\" class=\"srmp3_sonaar_ts_shortcode\"  style=\"\" href=\"javascript:sonaar_ts_shortcode({ trackid:'0', time:'00:43:47', ts_id:'6927d1bc12b4e', play_icon:'' }) ;\">[00:43:47]<\/a> Pour finir, je vous rappelle que vous pouvez trouver la transcription compl\u00e8te de l&#8217;\u00e9pisode sur InnerFrench.com. On va aussi mettre une liste de toutes les ressources recommand\u00e9es par Anna, notamment les livres, si vous avez envie d&#8217;en lire quelques-uns.<br>Comme je vous l&#8217;ai dit, je vais essayer de faire plus d&#8217;interviews dans ce style \u00e0 l&#8217;avenir, pour que vous entendiez d&#8217;autres personnes parler. Pas seulement moi. J&#8217;esp\u00e8re que \u00e7a va vous plaire, que \u00e7a va vous permettre de progresser. En attendant, je vous remercie pour votre attention et on se retrouve tr\u00e8s bient\u00f4t pour un nouvel \u00e9pisode. Ciao !<\/p>\n","protected":false},"excerpt":{"rendered":"<p>Salut \u00e0 toutes et \u00e0 tous. Bienvenue ! Je suis tr\u00e8s content de vous retrouver avec un nouveau jingle. Vous avez entendu que la musique d&#8217;introduction a chang\u00e9. \u00c7a faisait un moment que j&#8217;avais envie d&#8217;une nouvelle musique pour le podcast, donc j&#8217;ai demand\u00e9 \u00e0 Chris, mon ing\u00e9nieur du son, qui a demand\u00e9 \u00e0 un&#8230;<\/p>\n","protected":false},"author":1,"featured_media":9111,"comment_status":"open","ping_status":"open","sticky":false,"template":"","format":[194],"meta":{"_acf_changed":false,"_kad_blocks_custom_css":"","_kad_blocks_head_custom_js":"","_kad_blocks_body_custom_js":"","_kad_blocks_footer_custom_js":"","_kad_post_transparent":"","_kad_post_title":"","_kad_post_layout":"","_kad_post_sidebar_id":"","_kad_post_content_style":"","_kad_post_vertical_padding":"","_kad_post_feature":"","_kad_post_feature_position":"","_kad_post_header":false,"_kad_post_footer":false,"_kad_post_classname":"","footnotes":""},"categories":[168],"tags":[169,181],"class_list":["post-289567","post","type-post","status-publish","format-standard","has-post-thumbnail","hentry","category-podcast","tag-apprentissage","tag-francophonie","format-equipe"],"acf":[],"taxonomy_info":{"category":[{"value":168,"label":"Podcast"}],"post_tag":[{"value":169,"label":"Apprentissage"},{"value":181,"label":"Francophonie"}],"format":[{"value":194,"label":"\u00c9quipe"}]},"featured_image_src_large":["https:\/\/innerfrench.com\/wp-content\/uploads\/2021\/03\/E90-Interview-Anna-750x406.jpg",750,406,true],"author_info":{"display_name":"Hugo","author_link":"https:\/\/innerfrench.com\/author\/innerfrench-2-2-2-2-2-2-2-2-2-2-2-2-2-2-2-2-2-2-2\/"},"comment_info":6,"category_info":[{"term_id":168,"name":"Podcast","slug":"podcast","term_group":0,"term_taxonomy_id":168,"taxonomy":"category","description":"","parent":0,"count":185,"filter":"raw","cat_ID":168,"category_count":185,"category_description":"","cat_name":"Podcast","category_nicename":"podcast","category_parent":0}],"tag_info":[{"term_id":169,"name":"Apprentissage","slug":"apprentissage","term_group":0,"term_taxonomy_id":169,"taxonomy":"post_tag","description":"","parent":0,"count":31,"filter":"raw"},{"term_id":181,"name":"Francophonie","slug":"francophonie","term_group":0,"term_taxonomy_id":181,"taxonomy":"post_tag","description":"","parent":0,"count":10,"filter":"raw"}],"_links":{"self":[{"href":"https:\/\/innerfrench.com\/wp-json\/wp\/v2\/posts\/289567","targetHints":{"allow":["GET"]}}],"collection":[{"href":"https:\/\/innerfrench.com\/wp-json\/wp\/v2\/posts"}],"about":[{"href":"https:\/\/innerfrench.com\/wp-json\/wp\/v2\/types\/post"}],"author":[{"embeddable":true,"href":"https:\/\/innerfrench.com\/wp-json\/wp\/v2\/users\/1"}],"replies":[{"embeddable":true,"href":"https:\/\/innerfrench.com\/wp-json\/wp\/v2\/comments?post=289567"}],"version-history":[{"count":4,"href":"https:\/\/innerfrench.com\/wp-json\/wp\/v2\/posts\/289567\/revisions"}],"predecessor-version":[{"id":293927,"href":"https:\/\/innerfrench.com\/wp-json\/wp\/v2\/posts\/289567\/revisions\/293927"}],"wp:featuredmedia":[{"embeddable":true,"href":"https:\/\/innerfrench.com\/wp-json\/wp\/v2\/media\/9111"}],"wp:attachment":[{"href":"https:\/\/innerfrench.com\/wp-json\/wp\/v2\/media?parent=289567"}],"wp:term":[{"taxonomy":"category","embeddable":true,"href":"https:\/\/innerfrench.com\/wp-json\/wp\/v2\/categories?post=289567"},{"taxonomy":"post_tag","embeddable":true,"href":"https:\/\/innerfrench.com\/wp-json\/wp\/v2\/tags?post=289567"},{"taxonomy":"format","embeddable":true,"href":"https:\/\/innerfrench.com\/wp-json\/wp\/v2\/format?post=289567"}],"curies":[{"name":"wp","href":"https:\/\/api.w.org\/{rel}","templated":true}]}}