{"id":289571,"date":"2023-02-06T16:47:39","date_gmt":"2023-02-06T15:47:39","guid":{"rendered":"https:\/\/innerfrench.com\/?p=199570"},"modified":"2025-10-02T12:03:54","modified_gmt":"2025-10-02T10:03:54","slug":"125-pourquoi-la-retraite-des-francais-fait-debat","status":"publish","type":"post","link":"https:\/\/innerfrench.com\/125-pourquoi-la-retraite-des-francais-fait-debat\/","title":{"rendered":"#125 Pourquoi la retraite des Fran\u00e7ais fait d\u00e9bat ?"},"content":{"rendered":"\n<p><a id=\"sonaar_ts-6927cd863a235\" class=\"srmp3_sonaar_ts_shortcode\"  style=\"\" href=\"javascript:sonaar_ts_shortcode({ trackid:'0', time:'00:00:13', ts_id:'6927cd863a235', play_icon:'' }) ;\">[00:00:13]<\/a> Salut tout le monde et bienvenue dans ce nouvel \u00e9pisode. J&#8217;esp\u00e8re que vous allez bien et que votre mois de janvier a \u00e9t\u00e9 profitable. De mon c\u00f4t\u00e9, \u00e7a va super puisque j&#8217;enregistre cet \u00e9pisode depuis Rio de Janeiro au Br\u00e9sil o\u00f9 je passe une dizaine de jours avant de rentrer \u00e0 Toulouse apr\u00e8s un mois et demi de voyage. Alors j&#8217;ai beaucoup de chance parce que je travaille dans un cadre tr\u00e8s relaxant, ce qui me permet de me concentrer sans aucun stress. Il faut bien que j&#8217;en profite parce que l&#8217;ambiance n&#8217;est pas aussi zen en France. Eh oui, pendant que je me la coule douce, c&#8217;est-\u00e0-dire pendant que je passe du bon temps sans me faire de soucis, la France traverse une p\u00e9riode de gr\u00e8ves et de manifestations. Vous me direz, c&#8217;est assez habituel chez nous, c&#8217;est vrai, mais cette fois c&#8217;est un mouvement particuli\u00e8rement important parce qu\u2019il concerne tous les Fran\u00e7ais. C&#8217;est un mouvement de manifestations et de gr\u00e8ves qui est largement soutenu par la population et qui risque de durer longtemps.<\/p>\n\n\n\n<p><a id=\"sonaar_ts-6927cd863a243\" class=\"srmp3_sonaar_ts_shortcode\"  style=\"\" href=\"javascript:sonaar_ts_shortcode({ trackid:'0', time:'00:01:31', ts_id:'6927cd863a243', play_icon:'' }) ;\">[00:01:31]<\/a> Alors si vous habitez en France ou si vous aviez pr\u00e9vu un voyage en France prochainement, sachez que probablement dans les prochaines semaines, voire dans les prochains mois, il y aura \u00e0 intervalles r\u00e9guliers des trains bloqu\u00e9s, des rues bloqu\u00e9es et des personnes dans la rue en train de manifester. Mais alors, pourquoi ? Bon, vous l&#8217;aurez peut-\u00eatre devin\u00e9 avec le titre, mais bien s\u00fbr, \u00e7a a \u00e0 voir avec la retraite. Plus exactement, les Fran\u00e7ais manifestent contre une r\u00e9forme des retraites qui est sur le point d&#8217;\u00eatre vot\u00e9e. Alors la r\u00e9forme des retraites, c&#8217;est un projet qui faisait partie du programme du pr\u00e9sident Emmanuel Macron cet \u00e9t\u00e9, quand il a \u00e9t\u00e9 \u00e9lu. Et si elle fait d\u00e9bat maintenant cette r\u00e9forme, c&#8217;est parce que le gouvernement vient juste de la pr\u00e9senter en d\u00e9tail et qu&#8217;elle vient juste d&#8217;arriver \u00e0 l&#8217;Assembl\u00e9e. En fait, si vous \u00e9coutez cet \u00e9pisode le jour de sa mise en ligne, donc le lundi 6 f\u00e9vrier, sachez que c&#8217;est aujourd&#8217;hui que l&#8217;Assembl\u00e9e nationale commence \u00e0 examiner le texte. Il y a d\u00e9j\u00e0 eu deux grosses journ\u00e9es de mobilisation, de manifestations et de gr\u00e8ves, les 19 et 31 janvier.<\/p>\n\n\n\n<p><a id=\"sonaar_ts-6927cd863a24a\" class=\"srmp3_sonaar_ts_shortcode\"  style=\"\" href=\"javascript:sonaar_ts_shortcode({ trackid:'0', time:'00:03:07', ts_id:'6927cd863a24a', play_icon:'' }) ;\">[00:03:07]<\/a> Et alors, ce qui est particuli\u00e8rement impressionnant, c&#8217;est que la manif du 31 janvier a \u00e9t\u00e9, selon la police \u2013 je pr\u00e9cise, c&#8217;est bien selon la police, donc les chiffres qui sont les plus neutres, on va dire \u2013, la manifestation du 31 janvier a rassembl\u00e9 le plus de monde en France depuis 1995. Et en 1995, devinez contre quoi \u00e9taient les manifestations ? Et bien c&#8217;\u00e9tait d\u00e9j\u00e0 contre une r\u00e9forme des retraites. Comme quoi, c&#8217;est un sujet qui rassemble beaucoup en France. Et oui, parce que des projets pour r\u00e9former le syst\u00e8me de retraites, il y en a eu d\u00e9j\u00e0 plein et pratiquement \u00e0 chaque fois les gens sont all\u00e9s dans la rue pour s&#8217;y opposer. Aussi loin que je m&#8217;en souvienne, ce sujet a toujours fait d\u00e9bat. Par exemple, je me rappelle que quand j&#8217;\u00e9tais au lyc\u00e9e, il y a donc une quinzaine d&#8217;ann\u00e9es, il y a eu une grosse vague de manifestations contre une de ces r\u00e9formes. Les professeurs faisaient gr\u00e8ve et les \u00e9l\u00e8ves bloquaient les lyc\u00e9es. Un peu plus tard, quand j&#8217;\u00e9tais \u00e0 l&#8217;Universit\u00e9, il y en a eu d&#8217;autres, en 2010, puis en 2013. Et enfin, plus r\u00e9cemment, Emmanuel Macron, le Pr\u00e9sident actuel \u2013 qui \u00e9tait d\u00e9j\u00e0 Pr\u00e9sident les cinq derni\u00e8res ann\u00e9es \u2013, il avait d\u00e9j\u00e0 essay\u00e9 de faire passer une r\u00e9forme en 2019 et donc il y avait d\u00e9j\u00e0 eu une mobilisation dans la rue fin 2019, d\u00e9but 2020. Et en fait, tout avait stopp\u00e9 avec le Covid. La r\u00e9forme a \u00e9t\u00e9 retir\u00e9e. Et puis bien s\u00fbr, avec le confinement, plus personne n&#8217;est all\u00e9 manifester. Donc vous voyez, c&#8217;est un sujet qui revient tr\u00e8s r\u00e9guli\u00e8rement. Parfois, les mouvements dans la rue permettent de faire annuler le projet. C&#8217;\u00e9tait le cas notamment en 1995, parce que c&#8217;\u00e9tait un nombre historique de personnes oppos\u00e9es. Mais d&#8217;autres fois, la r\u00e9forme est quand m\u00eame pass\u00e9e, ce qui fait qu&#8217;on a quand m\u00eame eu des changements au cours des ann\u00e9es par rapport \u00e0 ce sujet. Alors donc, je parle de ce sujet, mais on n&#8217;a toujours pas d\u00e9fini ce qu&#8217;\u00e9tait la retraite et comment \u00e7a fonctionne de mani\u00e8re g\u00e9n\u00e9rale en France. Alors, c&#8217;est ce qu&#8217;on va faire. Dans une premi\u00e8re partie, je vais vous d\u00e9crire \u00e0 quoi ressemble la retraite des Fran\u00e7ais et selon quels principes \u00e7a fonctionne. Et puis apr\u00e8s, je vous expliquerai en quoi consiste la r\u00e9forme qui va \u00eatre vot\u00e9e peut-\u00eatre prochainement. Et enfin, on parlera des arguments des opposants. C&#8217;est parti !<\/p>\n\n\n\n<p><a id=\"sonaar_ts-6927cd863a24f\" class=\"srmp3_sonaar_ts_shortcode\"  style=\"\" href=\"javascript:sonaar_ts_shortcode({ trackid:'0', time:'00:06:21', ts_id:'6927cd863a24f', play_icon:'' }) ;\">[00:06:21]<\/a> En France, comme dans beaucoup d&#8217;autres pays, les personnes qui ont travaill\u00e9 toute leur vie adulte ont le droit, \u00e0 un moment donn\u00e9, d&#8217;arr\u00eater de travailler pour se reposer tout en touchant une pension qui leur est distribu\u00e9e par l&#8217;Etat. \u00c0 ce moment-l\u00e0, on dit qu&#8217;on \u00ab prend sa retraite \u00bb ou bien qu&#8217;on \u00ab part \u00e0 la retraite \u00bb et alors on devient un \u00ab retrait\u00e9 \u00bb. Je crois d&#8217;ailleurs qu&#8217;il y a beaucoup de retrait\u00e9s parmi nos auditeurs et je vous salue sp\u00e9cialement et chaleureusement. Merci \u00e0 vous d&#8217;utiliser votre temps de repos bien m\u00e9rit\u00e9 pour apprendre le fran\u00e7ais et \u00e9couter InnerFrench. Le \u00ab retraite \u00bb a pour \u00e9tymologie le verbe \u00ab se retirer \u00bb parce qu&#8217;on se retire du monde du travail, on quitte le monde du travail. Ce mot est utilis\u00e9 aussi bien dans le langage courant quand on parle entre amis \u2013 on dit \u00ab je pars \u00e0 la retraite \u00bb, \u00ab je suis retrait\u00e9 \u00bb \u2013 que dans le langage administratif, puisque c&#8217;est le terme officiel qu&#8217;on va trouver sur les documents du gouvernement.<\/p>\n\n\n\n<p><a id=\"sonaar_ts-6927cd863a255\" class=\"srmp3_sonaar_ts_shortcode\"  style=\"\" href=\"javascript:sonaar_ts_shortcode({ trackid:'0', time:'00:07:35', ts_id:'6927cd863a255', play_icon:'' }) ;\">[00:07:35]<\/a> La retraite, en France, elle repose sur un syst\u00e8me par r\u00e9partition. \u00c7a veut dire que les actifs d&#8217;aujourd&#8217;hui, les personnes qui travaillent en ce moment, payent collectivement les pensions des personnes qui sont \u00e0 la retraite. Pour cela, l&#8217;\u00c9tat pr\u00e9l\u00e8ve, prend, automatiquement chaque mois un pourcentage de ce que gagnent les travailleurs. Si vous avez d\u00e9j\u00e0 travaill\u00e9 en France comme salari\u00e9, vous avez s\u00fbrement remarqu\u00e9 qu&#8217;il y a une diff\u00e9rence entre le salaire brut en haut de votre fiche de paye et le salaire net tout en bas. Les sommes qui y sont pr\u00e9lev\u00e9es qui sont prises par l&#8217;Etat, s&#8217;appellent des cotisations. Certaines cotisations servent \u00e0 financer par exemple le ch\u00f4mage ou l&#8217;assurance maladie. Et donc il y a une ligne sur la fiche de paye qui correspond aux cotisations qui servent \u00e0 payer la caisse des retraites. En \u00e9change de cette participation au financement des retraites, les actifs gagnent, petit \u00e0 petit, le droit \u00e0 b\u00e9n\u00e9ficier un jour eux-m\u00eames du m\u00eame syst\u00e8me. En effet, pour partir \u00e0 la retraite et toucher une pension, il faut remplir trois conditions.<\/p>\n\n\n\n<p><a id=\"sonaar_ts-6927cd863a259\" class=\"srmp3_sonaar_ts_shortcode\"  style=\"\" href=\"javascript:sonaar_ts_shortcode({ trackid:'0', time:'00:08:58', ts_id:'6927cd863a259', play_icon:'' }) ;\">[00:08:58]<\/a> La premi\u00e8re condition, c&#8217;est d&#8217;avoir atteint l&#8217;\u00e2ge l\u00e9gal de d\u00e9part \u00e0 la retraite. La deuxi\u00e8me condition, c&#8217;est d&#8217;avoir cotis\u00e9 un certain nombre d&#8217;ann\u00e9es. Et la troisi\u00e8me condition, c&#8217;est d&#8217;avoir cotis\u00e9 un montant minimum pour avoir le droit \u00e0 une pension. Donc \u00e7a, c&#8217;est les grands principes, qui ne bougent pas depuis tr\u00e8s longtemps, puisque ces principes g\u00e9n\u00e9raux ont \u00e9t\u00e9 mis en place en 1945. C&#8217;\u00e9tait en m\u00eame temps que la S\u00e9curit\u00e9 sociale, juste apr\u00e8s la Seconde Guerre mondiale. En effet, le syst\u00e8me des retraites par r\u00e9partition faisait partie d&#8217;une s\u00e9rie de droits sociaux qui ont \u00e9t\u00e9 instaur\u00e9s \u00e0 un moment o\u00f9 il semblait important qu&#8217;il existe plus de solidarit\u00e9 entre les citoyens afin de garantir une meilleure qualit\u00e9 de vie \u00e0 tout le monde. C&#8217;\u00e9tait m\u00eame dans le programme du Conseil national de la R\u00e9sistance, ce groupe politique qui a pris le pouvoir apr\u00e8s la fin de la guerre. Dans leur programme, il \u00e9tait pr\u00e9vu, je cite, \u00ab une retraite permettant aux vieux travailleurs de finir dignement leurs jours \u00bb. D&#8217;ailleurs, au d\u00e9part, j&#8217;ai vu que ce droit \u00e9tait appel\u00e9 \u00ab la retraite des vieux \u00bb et personnellement je trouve \u00e7a assez mignon comme description. Alors, \u00e0 ce moment-l\u00e0, donc juste apr\u00e8s la guerre, les hommes avaient le droit de partir \u00e0 la retraite \u00e0 partir de 65 ans \u00e0 condition d&#8217;avoir cotis\u00e9 pendant au moins 37 ans, donc \u00e0 condition d&#8217;avoir travaill\u00e9 l\u00e9galement pendant au moins 37 ans. Et pour les femmes, c&#8217;\u00e9tait \u00e0 partir de 60 ans, \u00e0 condition d&#8217;avoir travaill\u00e9 au moins 32 ans.<\/p>\n\n\n\n<p><a id=\"sonaar_ts-6927cd863a25e\" class=\"srmp3_sonaar_ts_shortcode\"  style=\"\" href=\"javascript:sonaar_ts_shortcode({ trackid:'0', time:'00:10:59', ts_id:'6927cd863a25e', play_icon:'' }) ;\">[00:10:59]<\/a> Depuis, il y a eu plusieurs \u00e9volutions, notamment, l&#8217;\u00e2ge l\u00e9gal est pass\u00e9 \u00e0 60 ans sous le gouvernement de Fran\u00e7ois Mitterrand dans les ann\u00e9es 80, et puis apr\u00e8s il a \u00e9t\u00e9 remont\u00e9, etc., etc. Comme vous comprenez, on a un m\u00e9canisme g\u00e9n\u00e9ral et apr\u00e8s, les diff\u00e9rentes r\u00e9formes, elles vont changer soit l&#8217;\u00e2ge, soit la dur\u00e9e de cotisation, soit, voil\u00e0, des petites choses comme \u00e7a. Donc finalement, aujourd&#8217;hui, pour ma g\u00e9n\u00e9ration&#8230; Alors attention, l\u00e0 on entre dans trois minutes de d\u00e9tails techniques, mais je pense que c&#8217;est trois minutes qui vont \u00eatre int\u00e9ressantes pour vous, si vous avez un syst\u00e8me de retraite chez vous et que vous voulez comparer vraiment la France avec votre pays. Donc je disais : finalement pour ma g\u00e9n\u00e9ration \u2013 donc moi je suis n\u00e9e en 1991, donc tous ceux qui sont n\u00e9s apr\u00e8s 1975 il me semble \u2013, pour nous, l&#8217;\u00e2ge minimum de d\u00e9part \u00e0 la retraite est aujourd&#8217;hui fix\u00e9 \u00e0 62 ans et pour avoir une pension compl\u00e8te, il faut avoir cotis\u00e9 au moins 43 ans.<\/p>\n\n\n\n<p><a id=\"sonaar_ts-6927cd863a263\" class=\"srmp3_sonaar_ts_shortcode\"  style=\"\" href=\"javascript:sonaar_ts_shortcode({ trackid:'0', time:'00:12:17', ts_id:'6927cd863a263', play_icon:'' }) ;\">[00:12:17]<\/a> Donc, moi, si je voulais partir \u00e0 la retraite avec une pension compl\u00e8te \u00e0 62 ans, il faudrait que j&#8217;aie travaill\u00e9 non-stop depuis mes 19 ans. Alors, autant vous dire : ce n&#8217;est pas le cas. Donc mes solutions, ce serait soit de partir quand m\u00eame \u00e0 62 ans, mais de pas avoir une pension compl\u00e8te, soit d&#8217;attendre 67 ans. Quand on part \u00e0 la retraite en France, maintenant, avec les lois actuelles, \u00e0 67 ans, m\u00eame si on n&#8217;a pas cotis\u00e9 le nombre d&#8217;ann\u00e9es suffisant, on a quand m\u00eame le droit \u00e0 une pension compl\u00e8te. Et alors, qu&#8217;est-ce que c&#8217;est une pension compl\u00e8te ? Eh bien, quand on dit qu&#8217;on a une retraite \u00e0 taux plein, \u00e7a veut dire qu\u2019on a, on re\u00e7oit, 50 % du salaire moyen des 25 meilleures ann\u00e9es de carri\u00e8re. C&#8217;est un peu compliqu\u00e9, mais c&#8217;est peut-\u00eatre comme \u00e7a dans votre pays. On prend toutes les ann\u00e9es pendant lesquelles on a travaill\u00e9. On garde les 25 pendant lesquelles le salaire a \u00e9t\u00e9 le plus \u00e9lev\u00e9. On fait une moyenne et on prend la moiti\u00e9 de \u00e7a. Et c&#8217;est la pension que l&#8217;\u00c9tat va verser \u00e0 la personne qui part \u00e0 la retraite. Si jamais on part \u00e0 la retraite sans avoir cotis\u00e9 assez longtemps, on n&#8217;aura pas 50 % mais 49,5 %, 48 % etc, etc.<\/p>\n\n\n\n<p><a id=\"sonaar_ts-6927cd863a26d\" class=\"srmp3_sonaar_ts_shortcode\"  style=\"\" href=\"javascript:sonaar_ts_shortcode({ trackid:'0', time:'00:13:55', ts_id:'6927cd863a26d', play_icon:'' }) ;\">[00:13:55]<\/a> Donc voil\u00e0. Et puis petit d\u00e9tail, avant de passer tout de suite \u00e0 la suite, en plus de ces r\u00e8gles g\u00e9n\u00e9rales, il y a des petites sp\u00e9cialit\u00e9s. Par exemple, il y a des r\u00e9gimes sp\u00e9ciaux : certaines professions ont le droit \u00e0 une retraite anticip\u00e9e, \u00e0 une retraite plus t\u00f4t que les autres, parce qu&#8217;il y a des accords qui ont \u00e9t\u00e9 n\u00e9goci\u00e9s il y a longtemps. Il y a aussi des petits am\u00e9nagements pour les personnes qui ont commenc\u00e9 \u00e0 travailler tr\u00e8s t\u00f4t, par exemple \u00e0 seize ans. Il y a bien s\u00fbr des am\u00e9nagements pour les personnes qui ont eu des enfants, notamment des femmes, etc., etc. Donc il y a la r\u00e8gle g\u00e9n\u00e9rale et apr\u00e8s il y a des petits d\u00e9tails dans lesquels, bien s\u00fbr, on ne peut pas rentrer si on veut faire quelque chose de compr\u00e9hensible. Voil\u00e0.<\/p>\n\n\n\n<p><a id=\"sonaar_ts-6927cd863a272\" class=\"srmp3_sonaar_ts_shortcode\"  style=\"\" href=\"javascript:sonaar_ts_shortcode({ trackid:'0', time:'00:14:50', ts_id:'6927cd863a272', play_icon:'' }) ;\">[00:14:50]<\/a> Alors, je ne sais pas si \u00e7a s&#8217;entend, mais j&#8217;avais pr\u00e9par\u00e9 un texte et je suis pas du tout en train de lire le texte, donc j&#8217;esp\u00e8re que ce n&#8217;est pas d\u00e9rangeant. Mais pour moi, sur ce sujet qui est si compliqu\u00e9, c&#8217;est parfois plus facile de balancer les informations comme on dit, de lancer les informations telles qu&#8217;elles me viennent \u00e0 l&#8217;esprit, parce que parfois c&#8217;est un peu plus simple de l&#8217;expliquer comme \u00e7a. Donc voil\u00e0 pour les r\u00e8gles g\u00e9n\u00e9rales, vous avez \u00e0 peu pr\u00e8s toutes les informations et maintenant on va expliquer en quoi ces r\u00e8gles pourraient changer bient\u00f4t.<\/p>\n\n\n\n<p><a id=\"sonaar_ts-6927cd863a277\" class=\"srmp3_sonaar_ts_shortcode\"  style=\"\" href=\"javascript:sonaar_ts_shortcode({ trackid:'0', time:'00:15:34', ts_id:'6927cd863a277', play_icon:'' }) ;\">[00:15:34]<\/a> C&#8217;\u00e9tait une promesse de campagne du Pr\u00e9sident de la R\u00e9publique. En mai 2022, il a dit que s&#8217;il \u00e9tait \u00e9lu, il r\u00e9formerait une fois pour toutes la retraite et qu&#8217;il ferait reculer l&#8217;\u00e2ge l\u00e9gal de d\u00e9part. Il a bien tenu sa promesse puisque, dans le projet de loi qui vient d&#8217;\u00eatre pr\u00e9sent\u00e9, une des mesures consiste \u00e0 reculer l&#8217;\u00e2ge de d\u00e9part \u00e0 la retraite \u00e0 64 ans. En plus, il y a d&#8217;autres mesures dans le projet. La dur\u00e9e de cotisation devrait passer \u00e0 43 ans, plus seulement pour ma g\u00e9n\u00e9ration, mais aussi pour les g\u00e9n\u00e9rations d&#8217;avant qui jusque-l\u00e0 devaient travailler un petit peu moins pour avoir le droit de partir \u00e0 la retraite. En plus, le projet pr\u00e9voit de supprimer les r\u00e9gimes sp\u00e9ciaux dont je vous parlais dans la premi\u00e8re partie. Et il y a aussi une histoire d&#8217;augmentation de 100 \u20ac bruts du montant de la pension minimale. Bref, \u00e7a, c&#8217;est beaucoup de petits d\u00e9tails. Je pense que le plus important, sur lequel on va se concentrer aujourd&#8217;hui, c&#8217;est l&#8217;id\u00e9e de travailler plus longtemps, donc d&#8217;avoir le droit de partir \u00e0 la retraite seulement \u00e0 partir de 64 ans et en ayant travaill\u00e9 un peu plus longtemps que ce qui est pr\u00e9vu jusqu&#8217;\u00e0 maintenant. Alors pourquoi cette r\u00e9forme ? Selon le Pr\u00e9sident de la R\u00e9publique, cette r\u00e9forme est n\u00e9cessaire. Pourquoi ?<\/p>\n\n\n\n<p><a id=\"sonaar_ts-6927cd863a27b\" class=\"srmp3_sonaar_ts_shortcode\"  style=\"\" href=\"javascript:sonaar_ts_shortcode({ trackid:'0', time:'00:17:18', ts_id:'6927cd863a27b', play_icon:'' }) ;\">[00:17:18]<\/a> Le premier argument en faveur de cette r\u00e9forme, il est d\u00e9mographique. En effet, l&#8217;esp\u00e9rance de vie ne cesse d&#8217;augmenter. En 20 ans, elle a augment\u00e9 d&#8217;environ trois ans pour les femmes et m\u00eame presque cinq ans pour les hommes. Et en plus, en parall\u00e8le, les naissances stagnent, voire baissent. Donc tout \u00e7a, \u00e7a cr\u00e9e un d\u00e9s\u00e9quilibre du syst\u00e8me par r\u00e9partition. Et la crainte de la majorit\u00e9, c&#8217;est que, \u00e0 un moment donn\u00e9, si on continue de partir \u00e0 la retraite \u00e0 62 ans, il n&#8217;y aura plus assez d&#8217;actifs pour cotiser et payer les retraites. \u00c7a pourrait arriver par exemple d&#8217;ici une vingtaine d&#8217;ann\u00e9es. Donc en fait, c&#8217;est \u00e0 peu pr\u00e8s quand moi je partirais \u00e0 la retraite qu&#8217;il y a des chances qu&#8217;on soit trop de retrait\u00e9s par rapport aux actifs. Et donc c&#8217;est pour \u00e7a qu&#8217;il faudrait commencer d\u00e8s maintenant \u00e0 r\u00e9\u00e9quilibrer ce syst\u00e8me.<\/p>\n\n\n\n<p><a id=\"sonaar_ts-6927cd863a280\" class=\"srmp3_sonaar_ts_shortcode\"  style=\"\" href=\"javascript:sonaar_ts_shortcode({ trackid:'0', time:'00:18:19', ts_id:'6927cd863a280', play_icon:'' }) ;\">[00:18:19]<\/a> La deuxi\u00e8me raison, elle est budg\u00e9taire. Le gouvernement met en avant le fait qu&#8217;il y a un risque vraiment beaucoup plus urgent que le syst\u00e8me des retraites soit d\u00e9ficitaire. \u00c7a veut dire qu&#8217;il n\u2019y a pas assez d&#8217;argent dans les caisses, tout simplement, qu&#8217;on d\u00e9pense plus que ce qu&#8217;on gagne. Alors, pour dire \u00e7a, le gouvernement s&#8217;appuie sur un rapport du COR, C-O-R. C&#8217;est le Conseil d&#8217;orientation des retraites et c&#8217;est une institution qui fait des projections, qui imagine, selon plusieurs sc\u00e9narios, comment pourrait \u00e9voluer une situation \u00e9conomique. Et donc, selon cette institution, il est possible, suivant le taux de ch\u00f4mage etc., que le syst\u00e8me des retraites soit d\u00e9ficitaire. Et donc la meilleure solution pour \u00e9quilibrer le syst\u00e8me, c&#8217;est tout simplement de faire cotiser les gens plus longtemps, comme \u00e7a il y a quelques ann\u00e9es en plus pendant lesquelles on paye une cotisation et un peu moins d&#8217;ann\u00e9es pendant lesquelles on re\u00e7oit une pension.<\/p>\n\n\n\n<p><a id=\"sonaar_ts-6927cd863a286\" class=\"srmp3_sonaar_ts_shortcode\"  style=\"\" href=\"javascript:sonaar_ts_shortcode({ trackid:'0', time:'0', ts_id:'6927cd863a286', play_icon:'' }) ;\">[00:19:31]<\/a> La troisi\u00e8me raison, elle est \u00e9conomique, macro-\u00e9conomique. C&#8217;est une question de relance de la croissance. L\u00e0, on est sur une th\u00e9orie \u00e0 peu pr\u00e8s classique en \u00e9conomie. C&#8217;est une th\u00e9orie lib\u00e9rale qui veut que plus on travaille, plus on produit et plus on relance la croissance et donc \u00e7a cr\u00e9e m\u00e9caniquement des emplois. Donc en gros, le camp de la majorit\u00e9 estime que si plus de Fran\u00e7ais travaillent plus longtemps, \u00e7a va m\u00e9caniquement cr\u00e9er des emplois et donc faire baisser le ch\u00f4mage.<\/p>\n\n\n\n<p><a id=\"sonaar_ts-6927cd863a28c\" class=\"srmp3_sonaar_ts_shortcode\"  style=\"\" href=\"javascript:sonaar_ts_shortcode({ trackid:'0', time:'00:20:14', ts_id:'6927cd863a28c', play_icon:'' }) ;\">[00:20:14]<\/a> La quatri\u00e8me raison, elle est sociale. L&#8217;id\u00e9e avec cette r\u00e9forme, c&#8217;est de repartir \u00e0 z\u00e9ro pour mettre tout le monde sur un pied d&#8217;\u00e9galit\u00e9. Je pense que cette expression, elle est facile \u00e0 comprendre. \u00ab Mettre tout le monde sur un pied d&#8217;\u00e9galit\u00e9 \u00bb, c&#8217;est faire en sorte que toutes les personnes aient la m\u00eame situation de d\u00e9part. C&#8217;est pour \u00e7a qu&#8217;il y a l&#8217;id\u00e9e, par exemple, de supprimer les r\u00e9gimes sp\u00e9ciaux, puisque ce sont des r\u00e9gimes qui d\u00e9pendent d&#8217;accords tr\u00e8s anciens et qui ne correspondent plus forc\u00e9ment \u00e0 la r\u00e9alit\u00e9 aujourd&#8217;hui. Par exemple, les employ\u00e9s de la SNCF, pas tous, mais beaucoup, ont le droit \u00e0 partir un peu plus t\u00f4t \u00e0 la retraite que les personnes qui n&#8217;ont pas le droit \u00e0 un r\u00e9gime sp\u00e9cial. Et donc certaines personnes trouvent que ce n&#8217;est pas juste. Donc l\u00e0, c&#8217;est un argument qui est social dans le sens o\u00f9 c&#8217;est pour aller vers plus de justice.<\/p>\n\n\n\n<p><a id=\"sonaar_ts-6927cd863a290\" class=\"srmp3_sonaar_ts_shortcode\"  style=\"\" href=\"javascript:sonaar_ts_shortcode({ trackid:'0', time:'00:21:24', ts_id:'6927cd863a290', play_icon:'' }) ;\">[00:21:24]<\/a> Et enfin, la cinqui\u00e8me raison qui est beaucoup r\u00e9p\u00e9t\u00e9e sous diff\u00e9rentes formes, c&#8217;est finalement une raison philosophique. Dans le camp de la majorit\u00e9 pr\u00e9sidentielle, et l\u00e0, on va retrouver cette id\u00e9e dans la plupart des partis de droite, il y a une valeur qui est importante, c&#8217;est ce qui est appel\u00e9 \u00ab la valeur travail \u00bb. Si vous regardez des interviews d&#8217;hommes politiques, c&#8217;est souvent r\u00e9p\u00e9t\u00e9 : \u00ab nous, pour nous, c&#8217;est important la valeur travail \u00bb, etc. C&#8217;est l&#8217;id\u00e9e, en fait, qu&#8217;une personne est digne, une personne a de la valeur dans la soci\u00e9t\u00e9 \u00e0 partir du moment o\u00f9 elle travaille. C&#8217;est l&#8217;id\u00e9e que quand on travaille, on se sent plus utile, que quand on travaille, on participe activement \u00e0 la soci\u00e9t\u00e9. Et donc, il y a une id\u00e9e qui est philosophiquement tr\u00e8s logique pour les personnes qui d\u00e9fendent cette r\u00e9forme, c&#8217;est que si on vit plus longtemps, forc\u00e9ment, on doit pouvoir \u2013 et on doit vouloir m\u00eame \u2013 travailler plus longtemps parce que ce n&#8217;est pas profitable pour une personne ni pour la soci\u00e9t\u00e9 qu&#8217;on se repose trop longtemps. L&#8217;id\u00e9e, c&#8217;est que dans la vie, il faut forc\u00e9ment passer plus d&#8217;ann\u00e9es \u00e0 travailler, que plus d&#8217;ann\u00e9es \u00e0 se reposer, sinon l&#8217;humanit\u00e9 ne s&#8217;en portera pas tr\u00e8s bien.<\/p>\n\n\n\n<p><a id=\"sonaar_ts-6927cd863a298\" class=\"srmp3_sonaar_ts_shortcode\"  style=\"\" href=\"javascript:sonaar_ts_shortcode({ trackid:'0', time:'00:23:01', ts_id:'6927cd863a298', play_icon:'' }) ;\">[00:23:01]<\/a> On vient d&#8217;\u00e9noncer cinq grands arguments en faveur d&#8217;une r\u00e9forme des retraites, et notamment en faveur d&#8217;un allongement de la dur\u00e9e de travail. Et pourtant, malgr\u00e9 ces arguments tr\u00e8s rationnels, une majorit\u00e9 de Fran\u00e7ais est contre cette r\u00e9forme. Les chiffres m&#8217;ont assez impressionn\u00e9e, puisque je viens de v\u00e9rifier et selon le dernier sondage qui a \u00e9t\u00e9 fait, 71 % de la population est contre la r\u00e9forme et 66 % souhaite que la mobilisation continue. Un autre chiffre permet de montrer qu&#8217;il y a une opposition tr\u00e8s forte, c&#8217;est que toutes <\/p>\n\n\n<p>les organisations syndicales ont appel\u00e9 \u00e0 manifester ensemble et cela faisait douze ans que ce n&#8217;\u00e9tait pas arriv\u00e9. Il y a donc une opposition qui est forte et qui est unie. \u00c7a promet d&#8217;\u00eatre assez compliqu\u00e9 pour les prochaines semaines. Mais alors, quels sont les arguments de ces personnes ? Comme je vous ai pr\u00e9sent\u00e9 cinq arguments en faveur de la r\u00e9forme, j&#8217;ai d\u00e9cid\u00e9 de vous pr\u00e9senter cinq arguments contre la r\u00e9forme en faisant un genre de parall\u00e8le entre les premiers et les deuxi\u00e8mes. Comme \u00e7a, avec un peu de sym\u00e9trie, on s&#8217;y retrouve toujours un peu plus facilement.<\/p>\n<p><a id=\"sonaar_ts-6927cd863a29d\" class=\"srmp3_sonaar_ts_shortcode\"  style=\"\" href=\"javascript:sonaar_ts_shortcode({ trackid:'0', time:'00:24:35', ts_id:'6927cd863a29d', play_icon:'' }) ;\">[00:24:35]<\/a> Donc pour les premiers arguments, j&#8217;avais commenc\u00e9 avec une raison d\u00e9mographique. Alors, commen\u00e7ons donc par un argument d\u00e9mographique. L&#8217;id\u00e9e donc pour l&#8217;opposition, c&#8217;est de dire que d\u00e9mographiquement on a un probl\u00e8me parce que la plupart des plus pauvres ne pourront pas profiter de leur retraite. Soit ils mourront avant de partir \u00e0 la retraite, soit ils n&#8217;en profiteront pas forc\u00e9ment tr\u00e8s longtemps. Il y a notamment un chiffre qui tourne en boucle en ce moment dans les m\u00e9dias. Il est beaucoup utilis\u00e9 par les opposants, les syndicats, les manifestants, les hommes et femmes politiques. C&#8217;est le fait que parmi les 5 % d&#8217;hommes les plus pauvres en France, un quart meurent avant 60 ans et un tiers meurt avant 65 ans.<\/p>\n<p><a id=\"sonaar_ts-6927cd863a2a5\" class=\"srmp3_sonaar_ts_shortcode\"  style=\"\" href=\"javascript:sonaar_ts_shortcode({ trackid:'0', time:'00:25:36', ts_id:'6927cd863a2a5', play_icon:'' }) ;\">[00:25:36]<\/a> Le deuxi\u00e8me argument, on avait dit, c&#8217;\u00e9tait un argument budg\u00e9taire. Alors l\u00e0, c&#8217;est assez dr\u00f4le parce que du c\u00f4t\u00e9 de l&#8217;opposition, c&#8217;est aussi le COR, Conseil d&#8217;orientation des retraites, la m\u00eame institution que celle qu&#8217;on a cit\u00e9e pr\u00e9c\u00e9demment, qui est largement cit\u00e9e pour justifier le fait qu&#8217;il n&#8217;y aura pas forc\u00e9ment de d\u00e9ficit. Alors l\u00e0 c&#8217;est normal puisque en fait le COR, il n&#8217;a pas de boule magique, il ne voit pas dans le futur, mais il fait des propositions en fonction de plein de sc\u00e9narios diff\u00e9rents. Donc en fait, on ne peut pas savoir s&#8217;il y aura un d\u00e9ficit ou non. Ce que l&#8217;opposition dit, c&#8217;est que des choix politiques peuvent \u00eatre faits pour \u00eatre s\u00fbrs que le budget sera \u00e9quilibr\u00e9, comme par exemple augmenter les cotisations, rajouter des imp\u00f4ts pour les entreprises ou pour les plus riches, etc., etc. L\u00e0, on est sur des oppositions en termes de budget qui sont assez classiques entre la droite et la gauche.<\/p>\n<p><a id=\"sonaar_ts-6927cd863a2b0\" class=\"srmp3_sonaar_ts_shortcode\"  style=\"\" href=\"javascript:sonaar_ts_shortcode({ trackid:'0', time:'00:26:49', ts_id:'6927cd863a2b0', play_icon:'' }) ;\">[00:26:49]<\/a> Ensuite, on avait vu qu&#8217;il y avait un argument \u00e9conomique par rapport au ch\u00f4mage. Alors l\u00e0, c&#8217;est encore une fois assez dr\u00f4le. Alors je sais pas si c&#8217;est dr\u00f4le dans le sens o\u00f9 \u00e7a fait beaucoup rire, mais en tout cas c&#8217;est assez curieux puisque l&#8217;opposition dit tout le contraire par rapport \u00e0 la majorit\u00e9. Selon eux, les seniors sont largement au ch\u00f4mage \u2013 selon les chiffres, c&#8217;est vrai qu&#8217;\u00e0 partir de 50 ans, le taux d&#8217;emploi commence \u00e0 baisser \u2013, et donc beaucoup de personnes, au lieu de partir \u00e0 la retraite, vont tout simplement \u00eatre au ch\u00f4mage plus longtemps. Et au contraire, ceux qui pourront trouver un emploi et rester en emploi plus longtemps, il est possible qu&#8217;ils, entre guillemets, \u00ab prennent le travail \u00bb des plus jeunes. Donc m\u00e9caniquement, \u00e7a pourrait faire augmenter le ch\u00f4mage des jeunes et le ch\u00f4mage des seniors. Donc l\u00e0, encore une fois, on est sur des arguments qui s&#8217;opposent compl\u00e8tement.<\/p>\n<p><a id=\"sonaar_ts-6927cd863a2b5\" class=\"srmp3_sonaar_ts_shortcode\"  style=\"\" href=\"javascript:sonaar_ts_shortcode({ trackid:'0', time:'00:28:00', ts_id:'6927cd863a2b5', play_icon:'' }) ;\">[00:28:00]<\/a> Enfin, l&#8217;avant-dernier argument, c&#8217;\u00e9tait, vous vous rappelez, un argument social par rapport \u00e0 l&#8217;\u00e9galit\u00e9 entre tous les citoyens. Alors l\u00e0, l&#8217;opposition a aussi un argument, mais plut\u00f4t plein de petits arguments que je ne vais pas d\u00e9velopper. Mais en gros, ils font des simulations pour des cas particuliers et montrent, pour chaque cas, que forc\u00e9ment ce n&#8217;est pas toujours tr\u00e8s avantageux, au contraire. Par exemple, les femmes seraient plus p\u00e9nalis\u00e9es ou les personnes qui font un travail difficile ne seraient pas forc\u00e9ment pris en compte. L\u00e0, je vous invite, si vous voulez avoir des d\u00e9monstrations de cas particuliers, \u00e0 aller fouiller<\/p>\n\n\n\n<p> sur YouTube, sur les journaux, etc., comme \u00e7a, \u00e7a vous permettra aussi de voir d&#8217;autres sources et avec le vocabulaire qu&#8217;on a vu et les explications qu&#8217;on a faites, vous pouvez maintenant r\u00e9ussir \u00e0 lire ces articles sans trop de probl\u00e8me.<\/p>\n\n\n\n<p><\/p>\n\n\n\n<p><a id=\"sonaar_ts-6927cd863a2ba\" class=\"srmp3_sonaar_ts_shortcode\"  style=\"\" href=\"javascript:sonaar_ts_shortcode({ trackid:'0', time:'00:29:10', ts_id:'6927cd863a2ba', play_icon:'' }) ;\">[00:29:10]<\/a> Et enfin, l&#8217;argument philosophique. Alors l\u00e0, on est encore une fois sur une opposition assez classique, et sur ce coup, je pense que vous savez tr\u00e8s bien quelle est ma position et quelle est la position d&#8217;Hugo puisqu&#8217;on en parle assez sur ce podcast. Mais l&#8217;argument philosophique oppos\u00e9, c&#8217;est le fait que ben on ne devrait pas vivre pour travailler et qu\u2019il n&#8217;y a pas seulement le travail pour avoir de la valeur dans la soci\u00e9t\u00e9. Et l\u00e0, en plus, les opposants \u00e0 la r\u00e9forme disent que, certes, pour certaines personnes \u2013 pas les plus pauvres, mais pour certaines personnes \u2013, c&#8217;est vrai qu&#8217;on vit plus longtemps, par contre, on ne vit pas forc\u00e9ment plus longtemps en bonne sant\u00e9. Dans tous les cas, \u00e0 partir de 65 ans, il commence \u00e0 y avoir beaucoup de maladies, de probl\u00e8mes physiques, etc. Et l&#8217;id\u00e9e philosophique, l\u00e0, c&#8217;est que on est fait pour profiter, pour se reposer et puis pour cr\u00e9er de la valeur autrement, par exemple en participant \u00e0 des associations, en faisant d&#8217;autres activit\u00e9s ou par exemple m\u00eame en participant \u00e0 la politique.<\/p>\n\n\n\n<p><a id=\"sonaar_ts-6927cd863a2be\" class=\"srmp3_sonaar_ts_shortcode\"  style=\"\" href=\"javascript:sonaar_ts_shortcode({ trackid:'0', time:'00:30:24', ts_id:'6927cd863a2be', play_icon:'' }) ;\">[00:30:24]<\/a> Donc voil\u00e0, maintenant vous savez ce qu&#8217;il se passe en France, pourquoi les Fran\u00e7ais sont dans la rue, pourquoi ils sont \u00e9nerv\u00e9s. Et vous savez quels sont les arguments des deux c\u00f4t\u00e9s, donc je vous laisse commenter, d\u00e9battre. N&#8217;h\u00e9sitez pas en commentaire \u00e0 nous dire comment c&#8217;est dans votre pays et ce que vous pensez du fait que les Fran\u00e7ais manifestent pour \u00e7a. Je vous laisse et je vous dis \u00e0 dans deux semaines pour une conversation avec Hugo. Salut ! Salut !<\/p>\n","protected":false},"excerpt":{"rendered":"<p>Salut tout le monde et bienvenue dans ce nouvel \u00e9pisode. J&#8217;esp\u00e8re que vous allez bien et que votre mois de janvier a \u00e9t\u00e9 profitable. De mon c\u00f4t\u00e9, \u00e7a va super puisque j&#8217;enregistre cet \u00e9pisode depuis Rio de Janeiro au Br\u00e9sil o\u00f9 je passe une dizaine de jours avant de rentrer \u00e0 Toulouse apr\u00e8s un mois&#8230;<\/p>\n","protected":false},"author":17608,"featured_media":289683,"comment_status":"open","ping_status":"open","sticky":false,"template":"","format":[190],"meta":{"_acf_changed":false,"_kad_blocks_custom_css":"","_kad_blocks_head_custom_js":"","_kad_blocks_body_custom_js":"","_kad_blocks_footer_custom_js":"","_kad_post_transparent":"","_kad_post_title":"","_kad_post_layout":"","_kad_post_sidebar_id":"","_kad_post_content_style":"","_kad_post_vertical_padding":"","_kad_post_feature":"","_kad_post_feature_position":"","_kad_post_header":false,"_kad_post_footer":false,"_kad_post_classname":"","footnotes":""},"categories":[168],"tags":[196,175,176,172],"class_list":["post-289571","post","type-post","status-publish","format-standard","has-post-thumbnail","hentry","category-podcast","tag-actualite","tag-france","tag-politique","tag-societe","format-solo-ingrid"],"acf":[],"taxonomy_info":{"category":[{"value":168,"label":"Podcast"}],"post_tag":[{"value":196,"label":"Actualit\u00e9"},{"value":175,"label":"France"},{"value":176,"label":"Politique"},{"value":172,"label":"Soci\u00e9t\u00e9"}],"format":[{"value":190,"label":"Solo Ingrid"}]},"featured_image_src_large":["https:\/\/innerfrench.com\/wp-content\/uploads\/2023\/02\/Retraite-750x406.jpeg",750,406,true],"author_info":{"display_name":"Ingrid","author_link":"https:\/\/innerfrench.com\/author\/ingrid_temp\/"},"comment_info":63,"category_info":[{"term_id":168,"name":"Podcast","slug":"podcast","term_group":0,"term_taxonomy_id":168,"taxonomy":"category","description":"","parent":0,"count":185,"filter":"raw","cat_ID":168,"category_count":185,"category_description":"","cat_name":"Podcast","category_nicename":"podcast","category_parent":0}],"tag_info":[{"term_id":196,"name":"Actualit\u00e9","slug":"actualite","term_group":0,"term_taxonomy_id":196,"taxonomy":"post_tag","description":"","parent":0,"count":10,"filter":"raw"},{"term_id":175,"name":"France","slug":"france","term_group":0,"term_taxonomy_id":175,"taxonomy":"post_tag","description":"","parent":0,"count":100,"filter":"raw"},{"term_id":176,"name":"Politique","slug":"politique","term_group":0,"term_taxonomy_id":176,"taxonomy":"post_tag","description":"","parent":0,"count":20,"filter":"raw"},{"term_id":172,"name":"Soci\u00e9t\u00e9","slug":"societe","term_group":0,"term_taxonomy_id":172,"taxonomy":"post_tag","description":"","parent":0,"count":94,"filter":"raw"}],"_links":{"self":[{"href":"https:\/\/innerfrench.com\/wp-json\/wp\/v2\/posts\/289571","targetHints":{"allow":["GET"]}}],"collection":[{"href":"https:\/\/innerfrench.com\/wp-json\/wp\/v2\/posts"}],"about":[{"href":"https:\/\/innerfrench.com\/wp-json\/wp\/v2\/types\/post"}],"author":[{"embeddable":true,"href":"https:\/\/innerfrench.com\/wp-json\/wp\/v2\/users\/17608"}],"replies":[{"embeddable":true,"href":"https:\/\/innerfrench.com\/wp-json\/wp\/v2\/comments?post=289571"}],"version-history":[{"count":2,"href":"https:\/\/innerfrench.com\/wp-json\/wp\/v2\/posts\/289571\/revisions"}],"predecessor-version":[{"id":294440,"href":"https:\/\/innerfrench.com\/wp-json\/wp\/v2\/posts\/289571\/revisions\/294440"}],"wp:featuredmedia":[{"embeddable":true,"href":"https:\/\/innerfrench.com\/wp-json\/wp\/v2\/media\/289683"}],"wp:attachment":[{"href":"https:\/\/innerfrench.com\/wp-json\/wp\/v2\/media?parent=289571"}],"wp:term":[{"taxonomy":"category","embeddable":true,"href":"https:\/\/innerfrench.com\/wp-json\/wp\/v2\/categories?post=289571"},{"taxonomy":"post_tag","embeddable":true,"href":"https:\/\/innerfrench.com\/wp-json\/wp\/v2\/tags?post=289571"},{"taxonomy":"format","embeddable":true,"href":"https:\/\/innerfrench.com\/wp-json\/wp\/v2\/format?post=289571"}],"curies":[{"name":"wp","href":"https:\/\/api.w.org\/{rel}","templated":true}]}}