{"id":289574,"date":"2023-11-07T18:54:38","date_gmt":"2023-11-07T17:54:38","guid":{"rendered":"https:\/\/innerfrench.com\/?p=204004"},"modified":"2025-09-26T12:06:52","modified_gmt":"2025-09-26T10:06:52","slug":"131-une-rentree-mouvementee","status":"publish","type":"post","link":"https:\/\/innerfrench.com\/131-une-rentree-mouvementee\/","title":{"rendered":"#131 Une rentre\u0301e mouvemente\u0301e"},"content":{"rendered":"\n<p><a id=\"sonaar_ts-6927d42e9b15c\" class=\"srmp3_sonaar_ts_shortcode\"  style=\"\" href=\"javascript:sonaar_ts_shortcode({ trackid:'0', time:'00:00:03', ts_id:'6927d42e9b15c', play_icon:'' }) ;\">[00:00:03]<\/a><br>Salut \u00e0 toutes et \u00e0 tous, j&#8217;esp\u00e8re que vous allez bien. Moi, je suis ravi de vous retrouver apr\u00e8s cette longue absence, cette tr\u00e8s longue absence m\u00eame. Je sais que certains d&#8217;entre vous commen\u00e7aient \u00e0 s&#8217;inqui\u00e9ter. On a re\u00e7u beaucoup de messages ces derni\u00e8res semaines pour nous demander si tout allait bien, si le podcast allait recommencer. C&#8217;est pour \u00e7a que je fais cet \u00e9pisode aujourd&#8217;hui, pour vous donner des nouvelles et pour vous dire que tout va bien, enfin presque. Vous allez voir qu&#8217;il nous est arriv\u00e9 quelques p\u00e9rip\u00e9ties ces derni\u00e8res semaines, quelques aventures pas forc\u00e9ment toujours positives, ce qui explique pourquoi le podcast a \u00e9t\u00e9 en pause aussi longtemps.<\/p>\n\n\n\n<p><a id=\"sonaar_ts-6927d42e9b16b\" class=\"srmp3_sonaar_ts_shortcode\"  style=\"\" href=\"javascript:sonaar_ts_shortcode({ trackid:'0', time:'00:00:55', ts_id:'6927d42e9b16b', play_icon:'' }) ;\">[00:00:55]<\/a><br>Si vous aviez \u00e9cout\u00e9 le dernier \u00e9pisode qu&#8217;on avait publi\u00e9 en mai, vous savez d\u00e9j\u00e0 pourquoi on avait d\u00e9cid\u00e9 de mettre le podcast en pause avec Ingrid. C&#8217;\u00e9tait pour travailler sur notre nouveau cours, le cours avanc\u00e9 qui s&#8217;appelle \u00ab Les visages de Paris \u00bb. Mais quand on a fait cette annonce, on pensait qu&#8217;on aurait termin\u00e9 aux alentours du mois de septembre et qu&#8217;on reprendrait le podcast dans la foul\u00e9e. Mais ce n&#8217;est pas ce qui s&#8217;est pass\u00e9 et aujourd&#8217;hui, je vais vous raconter tout \u00e7a.<\/p>\n\n\n\n<p><a id=\"sonaar_ts-6927d42e9b172\" class=\"srmp3_sonaar_ts_shortcode\"  style=\"\" href=\"javascript:sonaar_ts_shortcode({ trackid:'0', time:'00:01:29', ts_id:'6927d42e9b172', play_icon:'' }) ;\">[00:01:29]<\/a><br>C&#8217;est un \u00e9pisode plus spontan\u00e9 que d&#8217;habitude. Je n&#8217;ai pas de script. L&#8217;id\u00e9e, c&#8217;est simplement de vous donner des nouvelles et de vous rassurer. Donc, je vous rassure, le podcast va continuer. On n&#8217;a pas envie d&#8217;arr\u00eater, mais certains incidents ont fait que cette pause a dur\u00e9 plus longtemps que pr\u00e9vu.<\/p>\n\n\n\n<p><a id=\"sonaar_ts-6927d42e9b177\" class=\"srmp3_sonaar_ts_shortcode\"  style=\"\" href=\"javascript:sonaar_ts_shortcode({ trackid:'0', time:'00:01:50', ts_id:'6927d42e9b177', play_icon:'' }) ;\">[00:01:50]<\/a><br>D&#8217;abord, je vais vous dire o\u00f9 on en est avec le cours avanc\u00e9. Et la mauvaise nouvelle, c&#8217;est qu&#8217;on ne l&#8217;a toujours pas termin\u00e9. Alors c&#8217;est en grande partie de ma faute. Comme d&#8217;habitude, j&#8217;ai sous-estim\u00e9\u00a0la quantit\u00e9 de travail. Je pensais qu&#8217;en trois mois, on aurait suffisamment de temps pour tout finir, mais \u00e7a n&#8217;a pas \u00e9t\u00e9 le cas. D&#8217;abord parce qu&#8217;un cours avanc\u00e9, \u00e7a demande plus de travail qu&#8217;un cours interm\u00e9diaire. La grammaire est plus technique, par exemple, il y a plus de subtilit\u00e9s, de choses \u00e0 expliquer. Donc \u00e7a, \u00e7a nous a pris un peu plus de temps.<\/p>\n\n\n\n<p><a id=\"sonaar_ts-6927d42e9b17c\" class=\"srmp3_sonaar_ts_shortcode\"  style=\"\" href=\"javascript:sonaar_ts_shortcode({ trackid:'0', time:'00:02:28', ts_id:'6927d42e9b17c', play_icon:'' }) ;\">[00:02:28]<\/a><br>Et comme c&#8217;\u00e9tait le premier cours qu&#8217;on cr\u00e9ait \u00e0 plusieurs, moi, je pensais que \u00e7a irait plus vite. Comme il y avait Ingrid et Ania pour m&#8217;aider, je me disais que \u00e7a irait trois fois plus vite que pour les autres cours que j&#8217;avais cr\u00e9\u00e9s moi-m\u00eame. Mais \u00e7a n&#8217;a pas \u00e9t\u00e9 le cas parce que quand on travaille \u00e0 plusieurs, l&#8217;organisation est diff\u00e9rente. Je n&#8217;ai pas forc\u00e9ment non plus la m\u00eame \u00e9nergie que j&#8217;avais il y a quelques ann\u00e9es. Donc voil\u00e0, on a \u00e9t\u00e9 un peu ralentis.<\/p>\n\n\n\n<p><a id=\"sonaar_ts-6927d42e9b181\" class=\"srmp3_sonaar_ts_shortcode\"  style=\"\" href=\"javascript:sonaar_ts_shortcode({ trackid:'0', time:'00:02:57', ts_id:'6927d42e9b181', play_icon:'' }) ;\">[00:02:57]<\/a><br>D&#8217;ailleurs, \u00e7a me fait penser \u00e0 un proverbe. Il me semble que c&#8217;est un proverbe africain. Je ne sais pas du tout de quel pays. Je ne sais pas d&#8217;ailleurs si c&#8217;est vraiment un proverbe africain, mais \u00e7a dit que quand on est seul, on va plus vite mais \u00e0 plusieurs, on va plus loin. Donc l\u00e0, \u00e7a a \u00e9t\u00e9 exactement le cas avec ce cours. On n&#8217;est pas all\u00e9s plus vite, mais je pense qu&#8217;on est all\u00e9s plus loin et je suis tr\u00e8s content du travail qu&#8217;on a fourni jusque-l\u00e0. Je pense que \u00e7a va \u00eatre un cours vraiment int\u00e9ressant, mais il nous reste encore un peu de travail pour apporter la touche finale. \u00ab La touche finale \u00bb, je crois que c&#8217;est la m\u00eame expression en anglais, autrement dit, les derniers pr\u00e9paratifs. C&#8217;est comme quand on fait un tableau, une peinture, \u00e0 la fin, le peintre apporte la touche finale, le dernier coup de pinceau. Donc nous, c&#8217;est ce qu&#8217;il nous reste \u00e0 faire avec ce cours avanc\u00e9.<\/p>\n\n\n\n<p><a id=\"sonaar_ts-6927d42e9b185\" class=\"srmp3_sonaar_ts_shortcode\"  style=\"\" href=\"javascript:sonaar_ts_shortcode({ trackid:'0', time:'00:03:58', ts_id:'6927d42e9b185', play_icon:'' }) ;\">[00:03:58]<\/a><br>Mais ce qui nous a aussi ralentis, c&#8217;est plut\u00f4t des circonstances personnelles. Alors je ne vais pas forc\u00e9ment vous donner trop de d\u00e9tails. Je vais rester volontairement vague sur certains points parce que je n&#8217;ai pas n\u00e9cessairement envie de partager toute ma vie priv\u00e9e dans le podcast, m\u00eame si j&#8217;aime bien vous dire o\u00f9 on en est, j&#8217;aime bien vous donner des nouvelles. Mais voil\u00e0, je n&#8217;ai pas non plus envie que tout soit public sur Internet, d&#8217;autant plus qu&#8217;\u00e0 l&#8217;origine, je suis quelqu&#8217;un de plut\u00f4t pudique. Quand on dit qu&#8217;une personne est pudique, \u00e7a veut dire qu&#8217;elle est un peu secr\u00e8te ou pas forc\u00e9ment secr\u00e8te&#8230; Comment on pourrait expliquer \u00e7a ? Par exemple, une personne pudique, c&#8217;est une personne qui n&#8217;aime pas \u00eatre vue nue, sans v\u00eatements. Quand quelqu&#8217;un n&#8217;aime pas trop montrer son corps, on dit que cette personne est pudique. Mais \u00e7a peut avoir une d\u00e9finition un peu plus large : quand une personne n&#8217;aime pas trop parler d&#8217;elle-m\u00eame, par exemple. Alors, \u00e7a peut vous sembler bizarre parce que je parle beaucoup de moi dans ce podcast, mais dans la vraie vie, je suis quelqu&#8217;un d&#8217;assez pudique.<\/p>\n\n\n\n<p><a id=\"sonaar_ts-6927d42e9b191\" class=\"srmp3_sonaar_ts_shortcode\"  style=\"\" href=\"javascript:sonaar_ts_shortcode({ trackid:'0', time:'00:05:11', ts_id:'6927d42e9b191', play_icon:'' }) ;\">[00:05:11]<\/a><br>Bon, je vais arr\u00eater de tourner autour du pot. \u00ab Tourner autour du pot \u00bb, c&#8217;est une expression pour dire qu&#8217;on veut parler de quelque chose, mais on \u00e9vite de le faire. On parle de choses qui sont autour de ce sujet, mais on n&#8217;entre pas vraiment dans le vif du sujet. \u00ab Tourner autour du pot \u00bb. Par exemple, quand vous voyez que quelqu&#8217;un veut vous demander quelque chose, mais qu&#8217;il n&#8217;ose pas le faire, qu&#8217;il n&#8217;ose pas vous demander directement, vous pouvez lui dire : \u00ab Arr\u00eate de tourner autour du pot. \u00bb \u00ab Arr\u00eate de tourner autour du pot. Dis-moi directement ce que tu as envie de me demander. \u00bb<\/p>\n\n\n\n<p><a id=\"sonaar_ts-6927d42e9b195\" class=\"srmp3_sonaar_ts_shortcode\"  style=\"\" href=\"javascript:sonaar_ts_shortcode({ trackid:'0', time:'00:05:49', ts_id:'6927d42e9b195', play_icon:'' }) ;\">[00:05:49]<\/a><br>Alors, moi, je vais arr\u00eater de tourner autour du pot. Je vais vous dire ce qui s&#8217;est pass\u00e9 dans ma vie personnelle. \u00c7a ne va pas vous sembler exceptionnel, mais simplement, j&#8217;ai d\u00e9m\u00e9nag\u00e9.<\/p>\n\n\n\n<p><a id=\"sonaar_ts-6927d42e9b19a\" class=\"srmp3_sonaar_ts_shortcode\"  style=\"\" href=\"javascript:sonaar_ts_shortcode({ trackid:'0', time:'00:05:59', ts_id:'6927d42e9b19a', play_icon:'' }) ;\">[00:05:59]<\/a><br>J&#8217;avais d\u00e9j\u00e0 annonc\u00e9 dans le podcast, il me semble, qu&#8217;avec ma copine, on avait pr\u00e9vu de d\u00e9m\u00e9nager \u00e0 Barcelone, mais finalement, ce n&#8217;est pas ce qui s&#8217;est pass\u00e9. On a chang\u00e9 nos plans. Je pense que je ferai un autre \u00e9pisode pour vous raconter tout \u00e7a, pour vous expliquer pourquoi on a d\u00e9cid\u00e9 de d\u00e9m\u00e9nager ailleurs. Mais pour le moment, je vais simplement vous dire qu&#8217;on a d\u00e9m\u00e9nag\u00e9 en France et plus particuli\u00e8rement dans ma ville natale, \u00e0 Ch\u00e2teauroux. Donc apr\u00e8s 15 ans d&#8217;absence, il me semble, je suis de retour dans ma ville natale avec ma copine et nos deux chattes, dans des circonstances qui sont un peu diff\u00e9rentes par rapport \u00e0 quand je suis parti.<\/p>\n\n\n\n<p><a id=\"sonaar_ts-6927d42e9b19e\" class=\"srmp3_sonaar_ts_shortcode\"  style=\"\" href=\"javascript:sonaar_ts_shortcode({ trackid:'0', time:'00:06:45', ts_id:'6927d42e9b19e', play_icon:'' }) ;\">[00:06:45]<\/a><br>C&#8217;est seulement provisoire, c&#8217;est seulement pour quelques mois. Apr\u00e8s \u00e7a, on a pr\u00e9vu de d\u00e9m\u00e9nager dans le Sud-Ouest, du c\u00f4t\u00e9 de Biarritz. Vous avez peut-\u00eatre vu ma vid\u00e9o sur Biarritz, vous savez que c&#8217;est une ville que j&#8217;aime bien et c&#8217;est l\u00e0-bas qu&#8217;on a envie de s&#8217;installer ensuite avec ma copine. Mais pour le moment, on est \u00e0 Ch\u00e2teauroux. Et si on est \u00e0 Ch\u00e2teauroux, c&#8217;est \u00e0 cause de circonstances familiales. Il y a eu un \u00e9v\u00e9nement dans ma famille qui a fait que<strong style=\"color: var( --e-global-color-text );\">&nbsp;<\/strong>j&#8217;ai senti le besoin de me rapprocher des miens, me rapprocher de mes proches. \u00c7a fait bizarre de dire \u00e7a, se rapprocher de ses proches, mais c&#8217;est exactement ce qui s&#8217;est pass\u00e9 et ma copine a gentiment accept\u00e9 de m&#8217;accompagner.<\/p>\n\n\n\n<p><a id=\"sonaar_ts-6927d42e9b1a7\" class=\"srmp3_sonaar_ts_shortcode\"  style=\"\" href=\"javascript:sonaar_ts_shortcode({ trackid:'0', time:'00:07:31', ts_id:'6927d42e9b1a7', play_icon:'' }) ;\">[00:07:31]<\/a><br>Bref, tout \u00e7a pour dire que ce d\u00e9m\u00e9nagement a \u00e9t\u00e9 organis\u00e9 un petit peu en urgence et \u00e7a a perturb\u00e9 nos plans. Et \u00e7a a perturb\u00e9 nos plans [simple_tooltip content=&#8217;I didn\u2019t necessarily always feel like working&#8217;]je n&#8217;avais pas forc\u00e9ment toujours la t\u00eate \u00e0 travailler, \u00e0 avancer sur notre cours ni \u00e0 faire le podcast. Voil\u00e0, j&#8217;\u00e9tais un petit peu chamboul\u00e9, comme on dit. \u00ab \u00catre chamboul\u00e9 \u00bb, c&#8217;est quand on ressent des \u00e9motions assez fortes qui nous perturbent\u00a0un peu, qui nous basculent. On dit qu&#8217;on se sent chamboul\u00e9. Moi, je me sentais chamboul\u00e9 et je n&#8217;avais pas forc\u00e9ment la t\u00eate \u00e0 reprendre le podcast.<\/p>\n\n\n\n<p><a id=\"sonaar_ts-6927d42e9b1ac\" class=\"srmp3_sonaar_ts_shortcode\"  style=\"\" href=\"javascript:sonaar_ts_shortcode({ trackid:'0', time:'00:08:12', ts_id:'6927d42e9b1ac', play_icon:'' }) ;\">[00:08:12]<\/a><br>Donc \u00e7a, c&#8217;est le premier \u00e9v\u00e9nement. Et le deuxi\u00e8me \u00e9v\u00e9nement, c&#8217;est un accident qui concerne Ingrid. Ingrid a eu un accident quand elle traversait un passage pi\u00e9ton \u00e0 Toulouse. Elle a \u00e9t\u00e9 renvers\u00e9e par un scooter. Donc elle a \u00e9t\u00e9 hospitalis\u00e9e et elle a eu une op\u00e9ration de la jambe. Elle a d\u00fb se faire op\u00e9rer parce qu&#8217;elle avait la jambe cass\u00e9e. Je vous rassure maintenant, tout va bien. Ingrid va bien, mais elle a \u00e9t\u00e9 arr\u00eat\u00e9e pendant deux mois. Elle a re\u00e7u ce qu&#8217;on appelle un arr\u00eat de travail. \u00ab Un arr\u00eat de travail \u00bb, c&#8217;est, comme son nom l&#8217;indique, quand on ne travaille pas pendant une p\u00e9riode donn\u00e9e, soit parce qu&#8217;on est malade, soit parce qu&#8217;on a eu un accident. Donc je ne vais pas vous en dire plus parce qu&#8217;il me semble qu&#8217;Ingrid a pr\u00e9vu de vous en parler elle-m\u00eame dans le podcast quand elle sera de retour. Mais \u00e7a aussi, \u00e7a explique pourquoi, encore une fois, on n&#8217;a pas repris le podcast plus t\u00f4t. Elle a eu son accident mi-septembre et elle a \u00e9t\u00e9 arr\u00eat\u00e9e pour deux mois. Donc, si vous faites le calcul, \u00e7a signifie qu&#8217;elle reviendra \u00e0 la mi-novembre, dans quelques semaines.<\/p>\n\n\n\n<p><a id=\"sonaar_ts-6927d42e9b1b5\" class=\"srmp3_sonaar_ts_shortcode\"  style=\"\" href=\"javascript:sonaar_ts_shortcode({ trackid:'0', time:'00:09:028', ts_id:'6927d42e9b1b5', play_icon:'' }) ;\">[00:09:28]<\/a><br>Heureusement, du c\u00f4t\u00e9 d&#8217;Ania, tout va bien. Ania est en bonne sant\u00e9. Elle est toujours \u00e0 Lisbonne. Elle vous passe le bonjour d&#8217;ailleurs. Pendant l&#8217;absence d&#8217;Ingrid, elle m&#8217;a beaucoup aid\u00e9 \u00e0 continuer le travail sur le cours avanc\u00e9. Donc, je lui en suis tr\u00e8s reconnaissant.<\/p>\n\n\n\n<p><a id=\"sonaar_ts-6927d42e9b1ba\" class=\"srmp3_sonaar_ts_shortcode\"  style=\"\" href=\"javascript:sonaar_ts_shortcode({ trackid:'0', time:'00:09:45', ts_id:'6927d42e9b1ba', play_icon:'' }) ;\">[00:09:45]<\/a><br>Voil\u00e0, maintenant, vous connaissez les derni\u00e8res nouvelles, mais avant de terminer, je voulais aussi vous dire quelques mots sur le futur du podcast. Pour \u00eatre honn\u00eate avec vous, \u00e7a me fait un peu bizarre d&#8217;\u00eatre \u00e0 nouveau derri\u00e8re le micro. J&#8217;ai l&#8217;impression d&#8217;avoir perdu mes marques. \u00ab Perdre ses marques \u00bb, c&#8217;est une expression. On dit aussi parfois \u00ab perdre ses rep\u00e8res \u00bb. \u00c7a signifie qu&#8217;on a perdu l&#8217;habitude de faire quelque chose ou qu&#8217;on ne sait plus exactement comment faire quelque chose. Par exemple, si vous d\u00e9m\u00e9nagez \u00e0 l&#8217;\u00e9tranger, dans un nouveau pays, vous allez peut-\u00eatre perdre vos marques. Vous ne saurez pas exactement dans quel magasin aller pour acheter tel ou tel objet, ni \u00e0 quelle administration vous adresser pour obtenir tel ou tel document, voil\u00e0. Vous aurez perdu vos marques, perdu vos rep\u00e8res. Moi, \u00e7a fait tellement longtemps que je n&#8217;ai pas enregistr\u00e9 d&#8217;\u00e9pisode dans le podcast que j&#8217;ai perdu mes marques. Mais je pense que \u00e7a va me revenir petit \u00e0 petit. C&#8217;est mon objectif de recommencer \u00e0 publier des \u00e9pisodes r\u00e9guli\u00e8rement.<\/p>\n\n\n\n<p><a id=\"sonaar_ts-6927d42e9b1bf\" class=\"srmp3_sonaar_ts_shortcode\"  style=\"\" href=\"javascript:sonaar_ts_shortcode({ trackid:'0', time:'00:10:55', ts_id:'6927d42e9b1bf', play_icon:'' }) ;\">[00:10:55]<\/a><br>Mais je dois aussi vous dire que cette longue pause m&#8217;a fait du bien. J&#8217;\u00e9tais content de pouvoir mettre le podcast en pause parce que \u00e7a m&#8217;a permis d&#8217;y r\u00e9fl\u00e9chir pendant tous ces mois. Et je me suis rendu compte que ces derni\u00e8res ann\u00e9es, le podcast \u00e9tait un peu devenu une contrainte. Quand je l&#8217;ai commenc\u00e9, c&#8217;\u00e9tait vraiment un plaisir. J&#8217;adorais faire de nouveaux \u00e9pisodes, mais petit \u00e0 petit, c&#8217;est plut\u00f4t devenu une sorte d&#8217;obligation. J&#8217;y prenais moins de plaisir. Et mon objectif maintenant, c&#8217;est de retrouver le plaisir que j&#8217;avais au d\u00e9part \u00e0 faire ces \u00e9pisodes.<\/p>\n\n\n\n<p><a id=\"sonaar_ts-6927d42e9b1c3\" class=\"srmp3_sonaar_ts_shortcode\"  style=\"\" href=\"javascript:sonaar_ts_shortcode({ trackid:'0', time:'00:11:32', ts_id:'6927d42e9b1c3', play_icon:'' }) ;\">[00:11:32]<\/a><br>J&#8217;ai identifi\u00e9 plusieurs probl\u00e8mes. Un de ces probl\u00e8mes, je pense que c&#8217;\u00e9tait que j&#8217;avais trop de choses \u00e0 faire en m\u00eame temps, entre le podcast, YouTube, les cours, etc. M\u00eame avec l&#8217;aide d&#8217;Ania et Ingrid, \u00e7a faisait trop de travail. Et l&#8217;autre probl\u00e8me, c&#8217;\u00e9tait la contrainte du format. Parce que faire un \u00e9pisode de 30 minutes, \u00e7a implique beaucoup de recherches, surtout si on veut faire les choses bien pour traiter le sujet. Et moi, plus \u00e7a allait, plus j&#8217;avais envie de traiter chaque sujet de mani\u00e8re exhaustive. Donc je passais de plus en plus de temps \u00e0 rechercher, \u00e0 lire des choses, etc. Sauf que je ne suis pas un expert dans ces domaines, ce qui fait qu&#8217;\u00e0 chaque nouvel \u00e9pisode, je partais de z\u00e9ro pour me documenter, pour faire ces recherches et \u00e7a prenait de plus en plus de temps. Donc, j&#8217;ai envie de retrouver une certaine l\u00e9g\u00e8ret\u00e9, une certaine spontan\u00e9it\u00e9.<\/p>\n\n\n\n<p><a id=\"sonaar_ts-6927d42e9b1c8\" class=\"srmp3_sonaar_ts_shortcode\"  style=\"\" href=\"javascript:sonaar_ts_shortcode({ trackid:'0', time:'00:12:33', ts_id:'6927d42e9b1c8', play_icon:'' }) ;\">[00:12:33]<\/a><br>Je pense que \u00e7a va impacter le format du podcast. Peut-\u00eatre que je vais faire des \u00e9pisodes un peu moins longs et plus spontan\u00e9s comme celui que je fais aujourd&#8217;hui. Je sais que vous aimez bien ces \u00e9pisodes en g\u00e9n\u00e9ral et moi aussi, c&#8217;est vrai que quand j&#8217;\u00e9coute d&#8217;autres podcasts, j&#8217;aime bien les \u00e9pisodes un peu plus personnels, quand le pr\u00e9sentateur ou la pr\u00e9sentatrice raconte des choses de sa vie priv\u00e9e. Je suis tr\u00e8s curieux, moi aussi, donc je comprends que vous ayez peut-\u00eatre cette curiosit\u00e9.<\/p>\n\n\n\n<p><a id=\"sonaar_ts-6927d42e9b1cc\" class=\"srmp3_sonaar_ts_shortcode\"  style=\"\" href=\"javascript:sonaar_ts_shortcode({ trackid:'0', time:'00:13:04', ts_id:'6927d42e9b1cc', play_icon:'' }) ;\">[00:13:04]<\/a><br>Bien s\u00fbr, \u00e7a ne veut pas dire qu&#8217;on va abandonner les sujets importants, les sujets de fond qui concernent la France, les Fran\u00e7ais, la politique, la philosophie, etc. On a toujours envie de parler de ces choses-l\u00e0, mais je pense qu&#8217;on aura plus de conversations dans le podcast. C&#8217;est vrai que les conversations que je faisais avec Ingrid, c&#8217;\u00e9taient des \u00e9pisodes qui \u00e9taient plus faciles \u00e0 pr\u00e9parer, plus spontan\u00e9s, mais qui me donnaient aussi plus de plaisir. Et je pense que pour vous, c&#8217;est un bon challenge. \u00c7a doit vraiment \u00eatre votre objectif d&#8217;\u00eatre capable de comprendre ce genre de conversation.<\/p>\n\n\n\n<p><a id=\"sonaar_ts-6927d42e9b1d4\" class=\"srmp3_sonaar_ts_shortcode\"  style=\"\" href=\"javascript:sonaar_ts_shortcode({ trackid:'0', time:'00:13:44', ts_id:'6927d42e9b1d4', play_icon:'' }) ;\">[00:13:44]<\/a><br>On ne va pas non plus abandonner les \u00e9pisodes solo. Il y aura toujours des \u00e9pisodes solo, mais on en fera quand on aura vraiment un sujet qui nous passionne et dont on a envie de vous parler. Mais en attendant, je pense que les \u00e9pisodes seront plut\u00f4t des choses personnelles, des choses plus l\u00e9g\u00e8res, avec du vocabulaire informel pour vous aider aussi \u00e0 apprendre ce fran\u00e7ais informel. Je pense que maintenant, vous avez d\u00e9j\u00e0 un bon niveau, donc \u00e7a aussi, \u00e7a peut \u00eatre un nouveau challenge pour vous.<\/p>\n\n\n\n<p><a id=\"sonaar_ts-6927d42e9b1d9\" class=\"srmp3_sonaar_ts_shortcode\"  style=\"\" href=\"javascript:sonaar_ts_shortcode({ trackid:'0', time:'00:14:18', ts_id:'6927d42e9b1d9', play_icon:'' }) ;\">[00:14:18]<\/a><br>Voil\u00e0, tout \u00e7a pour dire que l&#8217;objectif, c&#8217;est de reprendre un rythme de publication r\u00e9gulier avec un \u00e9pisode toutes les deux semaines, ce qu&#8217;on avait r\u00e9ussi \u00e0 faire \u00e0 un moment avec Ingrid, mais l\u00e0, avec toutes ces p\u00e9rip\u00e9ties, \u00e7a a \u00e9t\u00e9 un peu boulevers\u00e9. Et je pense qu&#8217;une solution pour y arriver, c&#8217;est justement de faire ces \u00e9pisodes plus l\u00e9gers, plus spontan\u00e9s.<\/p>\n\n\n\n<p><a id=\"sonaar_ts-6927d42e9b1dd\" class=\"srmp3_sonaar_ts_shortcode\"  style=\"\" href=\"javascript:sonaar_ts_shortcode({ trackid:'0', time:'00:14:40', ts_id:'6927d42e9b1dd', play_icon:'' }) ;\">[00:14:40]<\/a><br>J&#8217;esp\u00e8re que \u00e7a vous plaira toujours. \u00c9videmment, c&#8217;est notre objectif num\u00e9ro 1, que vous ayez envie d&#8217;\u00e9couter ces \u00e9pisodes. D&#8217;ailleurs, je vous remercie pour votre patience, vous qui \u00eates l\u00e0 \u00e0 nous \u00e9couter apr\u00e8s ces longs mois d&#8217;absence. On appr\u00e9cie vraiment votre fid\u00e9lit\u00e9, votre loyaut\u00e9 et on a envie de continuer \u00e0 cr\u00e9er des \u00e9pisodes pour vous le plus longtemps possible.<\/p>\n\n\n\n<p><a id=\"sonaar_ts-6927d42e9b1e2\" class=\"srmp3_sonaar_ts_shortcode\"  style=\"\" href=\"javascript:sonaar_ts_shortcode({ trackid:'0', time:'00:15:08', ts_id:'6927d42e9b1e2', play_icon:'' }) ;\">[00:15:08]<\/a><br>Voil\u00e0, j&#8217;ai h\u00e2te de savoir ce que vous pensez de tout \u00e7a. J&#8217;esp\u00e8re que vous nous laisserez un petit commentaire sur le site. On les lit toujours avec grand plaisir, m\u00eame Ingrid qui ne travaille pas officiellement comme elle est en arr\u00eat de travail, mais je sais qu&#8217;elle va jeter un coup d&#8217;\u0153il aux commentaires de temps en temps. Donc si vous voulez lui dire quelque chose, lui souhaiter un bon r\u00e9tablissement, par exemple, je pense qu&#8217;elle sera tr\u00e8s contente de lire vos messages.<\/p>\n\n\n\n<p><a id=\"sonaar_ts-6927d42e9b1e6\" class=\"srmp3_sonaar_ts_shortcode\"  style=\"\" href=\"javascript:sonaar_ts_shortcode({ trackid:'0', time:'00:15:36', ts_id:'6927d42e9b1e6', play_icon:'' }) ;\">[00:15:36]<\/a><br>Merci encore pour votre fid\u00e9lit\u00e9, votre patience. On a vraiment de la chance d&#8217;avoir des auditeurs comme vous. Moi, \u00e7a m&#8217;a fait tr\u00e8s plaisir aussi de vous retrouver avec cet \u00e9pisode. J&#8217;ai h\u00e2te d\u00e9j\u00e0 d&#8217;enregistrer le prochain. Je pense que je vous ai tout dit, donc je vais m&#8217;arr\u00eater l\u00e0. Merci \u00e0 toutes et \u00e0 tous et je vous dis \u00e0 tr\u00e8s bient\u00f4t. Ciao.<\/p>\n","protected":false},"excerpt":{"rendered":"<p>Salut \u00e0 toutes et \u00e0 tous, j&#8217;esp\u00e8re que vous allez bien. Moi, je suis ravi de vous retrouver apr\u00e8s cette longue absence, cette tr\u00e8s longue absence m\u00eame. Je sais que certains d&#8217;entre vous commen\u00e7aient \u00e0 s&#8217;inqui\u00e9ter. On a re\u00e7u beaucoup de messages ces derni\u00e8res semaines pour nous demander si tout allait bien, si le podcast&#8230;<\/p>\n","protected":false},"author":1,"featured_media":204985,"comment_status":"open","ping_status":"open","sticky":false,"template":"","format":[189],"meta":{"_acf_changed":false,"_kad_blocks_custom_css":"","_kad_blocks_head_custom_js":"","_kad_blocks_body_custom_js":"","_kad_blocks_footer_custom_js":"","_kad_post_transparent":"","_kad_post_title":"","_kad_post_layout":"","_kad_post_sidebar_id":"","_kad_post_content_style":"","_kad_post_vertical_padding":"","_kad_post_feature":"","_kad_post_feature_position":"","_kad_post_header":false,"_kad_post_footer":false,"_kad_post_classname":"","footnotes":""},"categories":[168],"tags":[195],"class_list":["post-289574","post","type-post","status-publish","format-standard","has-post-thumbnail","hentry","category-podcast","tag-coulisses","format-solo-hugo"],"acf":[],"taxonomy_info":{"category":[{"value":168,"label":"Podcast"}],"post_tag":[{"value":195,"label":"Coulisses"}],"format":[{"value":189,"label":"Solo Hugo"}]},"featured_image_src_large":["https:\/\/innerfrench.com\/wp-content\/uploads\/2023\/11\/E131-750x406.jpeg",750,406,true],"author_info":{"display_name":"Hugo","author_link":"https:\/\/innerfrench.com\/author\/innerfrench-2-2-2-2-2-2-2-2-2-2-2-2-2-2-2-2-2-2-2\/"},"comment_info":83,"category_info":[{"term_id":168,"name":"Podcast","slug":"podcast","term_group":0,"term_taxonomy_id":168,"taxonomy":"category","description":"","parent":0,"count":185,"filter":"raw","cat_ID":168,"category_count":185,"category_description":"","cat_name":"Podcast","category_nicename":"podcast","category_parent":0}],"tag_info":[{"term_id":195,"name":"Coulisses","slug":"coulisses","term_group":0,"term_taxonomy_id":195,"taxonomy":"post_tag","description":"","parent":0,"count":10,"filter":"raw"}],"_links":{"self":[{"href":"https:\/\/innerfrench.com\/wp-json\/wp\/v2\/posts\/289574","targetHints":{"allow":["GET"]}}],"collection":[{"href":"https:\/\/innerfrench.com\/wp-json\/wp\/v2\/posts"}],"about":[{"href":"https:\/\/innerfrench.com\/wp-json\/wp\/v2\/types\/post"}],"author":[{"embeddable":true,"href":"https:\/\/innerfrench.com\/wp-json\/wp\/v2\/users\/1"}],"replies":[{"embeddable":true,"href":"https:\/\/innerfrench.com\/wp-json\/wp\/v2\/comments?post=289574"}],"version-history":[{"count":4,"href":"https:\/\/innerfrench.com\/wp-json\/wp\/v2\/posts\/289574\/revisions"}],"predecessor-version":[{"id":293417,"href":"https:\/\/innerfrench.com\/wp-json\/wp\/v2\/posts\/289574\/revisions\/293417"}],"wp:featuredmedia":[{"embeddable":true,"href":"https:\/\/innerfrench.com\/wp-json\/wp\/v2\/media\/204985"}],"wp:attachment":[{"href":"https:\/\/innerfrench.com\/wp-json\/wp\/v2\/media?parent=289574"}],"wp:term":[{"taxonomy":"category","embeddable":true,"href":"https:\/\/innerfrench.com\/wp-json\/wp\/v2\/categories?post=289574"},{"taxonomy":"post_tag","embeddable":true,"href":"https:\/\/innerfrench.com\/wp-json\/wp\/v2\/tags?post=289574"},{"taxonomy":"format","embeddable":true,"href":"https:\/\/innerfrench.com\/wp-json\/wp\/v2\/format?post=289574"}],"curies":[{"name":"wp","href":"https:\/\/api.w.org\/{rel}","templated":true}]}}