{"id":289575,"date":"2023-11-22T20:02:00","date_gmt":"2023-11-22T19:02:00","guid":{"rendered":"https:\/\/innerfrench.com\/?p=204026"},"modified":"2025-09-26T10:48:56","modified_gmt":"2025-09-26T08:48:56","slug":"132-petit-eloge-de-la-radio-francaise","status":"publish","type":"post","link":"https:\/\/innerfrench.com\/132-petit-eloge-de-la-radio-francaise\/","title":{"rendered":"#132 Petit \u00e9loge de la radio fran\u00e7aise"},"content":{"rendered":"\n<p>Salut \u00e0 toutes et \u00e0 tous ! Je ne sais pas quel temps il fait chez vous, mais chez moi, \u00e0 Ch\u00e2teauroux, on a un automne pourri ! Il fait gris, il pleut quasiment tous les jours, il y a des rafales de vent\u2026 Avec ma copine, on a quitt\u00e9 la Pologne pour avoir un climat plus cl\u00e9ment. Mais depuis qu\u2019on est arriv\u00e9s ici, le temps est encore pire ! Je lui ai dit que c\u2019est exceptionnel, que d\u2019habitude il ne pleut pas autant, mais j\u2019ai du mal \u00e0 la convaincre.<\/p>\n\n\n\n<p><a id=\"sonaar_ts-6927d04306f77\" class=\"srmp3_sonaar_ts_shortcode\"  style=\"\" href=\"javascript:sonaar_ts_shortcode({ trackid:'0', time:'00:00:44', ts_id:'6927d04306f77', play_icon:'' }) ;\">[00:00:44]<\/a> En m\u00eame temps, le centre de la France n\u2019est pas sp\u00e9cialement r\u00e9put\u00e9 pour son climat et, comme vous le savez, ce n\u2019\u00e9tait pas notre plan initial. Donc j\u2019esp\u00e8re que quand on d\u00e9m\u00e9nagera du c\u00f4t\u00e9 de Biarritz, on aura un peu plus de soleil. M\u00eame si l\u00e0-bas aussi, il pleut souvent \u00e0 cause de la proximit\u00e9 des Pyr\u00e9n\u00e9es.<\/p>\n\n\n\n<p><a id=\"sonaar_ts-6927d04306f86\" class=\"srmp3_sonaar_ts_shortcode\"  style=\"\" href=\"javascript:sonaar_ts_shortcode({ trackid:'0', time:'00:01:04', ts_id:'6927d04306f86', play_icon:'' }) ;\">[00:01:04]<\/a> Bref, au milieu de cet automne d\u00e9primant, il y a une chose qui me remonte le moral, une chose que j\u2019ai red\u00e9couverte depuis que je suis rentr\u00e9 en France.<\/p>\n\n\n\n<p><a id=\"sonaar_ts-6927d04306f8e\" class=\"srmp3_sonaar_ts_shortcode\"  style=\"\" href=\"javascript:sonaar_ts_shortcode({ trackid:'0', time:'00:01:20', ts_id:'6927d04306f8e', play_icon:'' }) ;\">[00:01:20]<\/a> Oui, on est en 2023 et moi, je d\u00e9couvre la radio ! Toujours \u00e0 la pointe de l\u2019innovation, un vrai pr\u00e9curseur\u2026<\/p>\n\n\n\n<p><a id=\"sonaar_ts-6927d04306f93\" class=\"srmp3_sonaar_ts_shortcode\"  style=\"\" href=\"javascript:sonaar_ts_shortcode({ trackid:'0', time:'00:01:28', ts_id:'6927d04306f93', play_icon:'' }) ;\">[00:01:28]<\/a> Non, s\u00e9rieusement, si je dis \u00e7a, c\u2019est parce que \u00e7a faisait des ann\u00e9es que je n\u2019\u00e9coutais plus la radio. Je pense que j\u2019ai arr\u00eat\u00e9 de l\u2019\u00e9couter quand j\u2019ai quitt\u00e9 le domicile familial pour aller faire mes \u00e9tudes.<\/p>\n\n\n\n<p><a id=\"sonaar_ts-6927d04306f98\" class=\"srmp3_sonaar_ts_shortcode\"  style=\"\" href=\"javascript:sonaar_ts_shortcode({ trackid:'0', time:'00:01:40', ts_id:'6927d04306f98', play_icon:'' }) ;\">[00:01:40]<\/a> Mais dans la maison qu\u2019on loue maintenant avec ma copine, il y a une radio dans la cuisine. Le premier matin o\u00f9 je me suis r\u00e9veill\u00e9 ici, je suis descendu dans la cuisine et j\u2019ai allum\u00e9 la radio, presque inconsciemment. Et l\u00e0, plein de souvenirs d\u2019enfance me sont revenus d\u2019un coup, comme une madeleine de Proust !<\/p>\n\n\n\n<p><a id=\"sonaar_ts-6927d04306f9d\" class=\"srmp3_sonaar_ts_shortcode\"  style=\"\" href=\"javascript:sonaar_ts_shortcode({ trackid:'0', time:'00:02:00', ts_id:'6927d04306f9d', play_icon:'' }) ;\">[00:02:00]<\/a> Alors, il faut que je vous explique cette jolie expression : une madeleine de Proust. Ou peut-\u00eatre que je vous en ai d\u00e9j\u00e0 parl\u00e9 ? Je ne sais plus. Bon, au cas o\u00f9, je vais le faire quand m\u00eame. La madeleine, c\u2019est un petit g\u00e2teau sucr\u00e9 en forme de coquille, un g\u00e2teau tr\u00e8s populaire en France. Et \u00ab Proust \u00bb, c\u2019est Marcel Proust, l\u2019auteur du c\u00e9l\u00e8bre roman \u00c0 la recherche du temps perdu.<\/p>\n\n\n\n<p><a id=\"sonaar_ts-6927d04306fa3\" class=\"srmp3_sonaar_ts_shortcode\"  style=\"\" href=\"javascript:sonaar_ts_shortcode({ trackid:'0', time:'0', ts_id:'6927d04306fa3', play_icon:'' }) ;\">[00:02:24]<\/a> Dans ce roman, il y a une sc\u00e8ne o\u00f9 le narrateur est avec sa m\u00e8re, et elle lui sert un th\u00e9 avec une madeleine. Quand il croque dans cette madeleine, il a plein de souvenirs d\u2019enfance qui remonte \u00e0 la surface, qu\u2019il se rem\u00e9more, parce que quand il \u00e9tait petit, sa tante lui donnait des madeleines qui avaient \u00e9t\u00e9 tremp\u00e9es dans du th\u00e9. Donc ce go\u00fbt de madeleine avec du th\u00e9 d\u00e9clenche chez lui un sentiment de nostalgie.<\/p>\n\n\n\n<p><a id=\"sonaar_ts-6927d04306fa8\" class=\"srmp3_sonaar_ts_shortcode\"  style=\"\" href=\"javascript:sonaar_ts_shortcode({ trackid:'0', time:'00:02:49', ts_id:'6927d04306fa8', play_icon:'' }) ;\">[00:02:49]<\/a> J\u2019imagine que vous avez d\u00e9j\u00e0 v\u00e9cu ce genre d\u2019exp\u00e9rience, peut-\u00eatre pas avec un g\u00e2teau, mais avec une odeur, un objet, un \u00e9v\u00e9nement ou un paysage qui vous a rappel\u00e9 votre enfance. Eh bien, en France, on appelle les choses qui provoquent ce sentiment des \u00ab madeleines de Proust \u00bb.<\/p>\n\n\n\n<p><a id=\"sonaar_ts-6927d04306fad\" class=\"srmp3_sonaar_ts_shortcode\"  style=\"\" href=\"javascript:sonaar_ts_shortcode({ trackid:'0', time:'0', ts_id:'6927d04306fad', play_icon:'' }) ;\">[00:03:08]<\/a> Moi, une de mes madeleines de Proust, c\u2019est la radio dans la cuisine le matin. Ah et aussi l\u2019odeur de pain grill\u00e9. \u00c7a me ram\u00e8ne imm\u00e9diatement en enfance, quand mes parents prenaient leur petit d\u00e9jeuner dans la cuisine en \u00e9coutant la radio. Et c\u2019est d\u2019autant plus vrai que, comme je vous l\u2019ai dit, je n\u2019ai pas gard\u00e9 cette habitude apr\u00e8s. Que ce soit \u00e0 Paris ou en Pologne, je n\u2019avais pas de radio ni de grille-pain !<\/p>\n\n\n\n<p><a id=\"sonaar_ts-6927d04306fb2\" class=\"srmp3_sonaar_ts_shortcode\"  style=\"\" href=\"javascript:sonaar_ts_shortcode({ trackid:'0', time:'00:03:34', ts_id:'6927d04306fb2', play_icon:'' }) ;\">[00:03:34]<\/a> Pourtant, la radio, c\u2019est quelque chose de tr\u00e8s important pour les Fran\u00e7ais, tellement important que notre monument le plus c\u00e9l\u00e8bre est une antenne radio !<\/p>\n\n\n\n<p><a id=\"sonaar_ts-6927d04306fb7\" class=\"srmp3_sonaar_ts_shortcode\"  style=\"\" href=\"javascript:sonaar_ts_shortcode({ trackid:'0', time:'00:03:44', ts_id:'6927d04306fb7', play_icon:'' }) ;\">[00:03:44]<\/a> Alors, oui, \u00e0 l\u2019origine, ce n\u2019\u00e9tait pas la fonction principale de la tour Eiffel. Elle a \u00e9t\u00e9 construite pour montrer la ma\u00eetrise technique de la France \u00e0 l\u2019Exposition universelle de 1889. Et \u00e7a a plut\u00f4t bien fonctionn\u00e9, elle a impressionn\u00e9 les visiteurs du monde entier. Enfin, tous les visiteurs, sauf les Parisiens ! Oui, c\u2019est difficile d\u2019impressionner les Parisiens. Au d\u00e9part, ils n\u2019appr\u00e9ciaient pas du tout la Tour Eiffel. Ils trouvaient qu\u2019elle g\u00e2chait le paysage et ils voulaient qu\u2019elle soit d\u00e9mont\u00e9e apr\u00e8s l\u2019exposition.<\/p>\n\n\n\n<p><a id=\"sonaar_ts-6927d04306fbb\" class=\"srmp3_sonaar_ts_shortcode\"  style=\"\" href=\"javascript:sonaar_ts_shortcode({ trackid:'0', time:'00:04:18', ts_id:'6927d04306fbb', play_icon:'' }) ;\">[00:04:18]<\/a> Pour la sauver, son cr\u00e9ateur Gustave Eiffel a essay\u00e9 de montrer qu\u2019elle pouvait servir \u00e0 mener des exp\u00e9riences scientifiques, par exemple dans le domaine de la m\u00e9t\u00e9orologie.<\/p>\n\n\n\n<p><a id=\"sonaar_ts-6927d04306fbf\" class=\"srmp3_sonaar_ts_shortcode\"  style=\"\" href=\"javascript:sonaar_ts_shortcode({ trackid:'0', time:'00:04:30', ts_id:'6927d04306fbf', play_icon:'' }) ;\">[00:04:30]<\/a> Mais ce qui a vraiment convaincu les autorit\u00e9s de ne pas la d\u00e9truire, c\u2019est quand Gustave Eiffel et Gustave Ferri\u00e9 (un Capitaine de l\u2019arm\u00e9e fran\u00e7aise) ont install\u00e9 une antenne \u00e0 son sommet pour d\u00e9velopper la t\u00e9l\u00e9graphie sans fil, autrement dit la radio ! Ils ont eu cette id\u00e9e parce que gr\u00e2ce \u00e0 sa hauteur, la tour Eiffel permettait d\u2019envoyer des ondes radio tr\u00e8s loin, ce qui s\u2019est av\u00e9r\u00e9 particuli\u00e8rement utile pendant la Premi\u00e8re guerre mondiale.<\/p>\n\n\n\n<p><a id=\"sonaar_ts-6927d04306fc4\" class=\"srmp3_sonaar_ts_shortcode\"  style=\"\" href=\"javascript:sonaar_ts_shortcode({ trackid:'0', time:'00:05:01', ts_id:'6927d04306fc4', play_icon:'' }) ;\">[00:05:01]<\/a> D\u2019ailleurs, anecdote rigolote, l\u2019Arm\u00e9e fran\u00e7aise a refus\u00e9 de financer l\u2019installation de cette antenne parce qu\u2019elle ne croyait pas en cette technologie. Pour elle, les vraies technologies d\u2019avenir, c\u2019\u00e9taient les signaux optiques et\u2026 les pigeons voyageurs ! Elle pensait que c\u2019\u00e9tait plus fiable que les ondes radio. Donc heureusement que nos deux Gustaves ont eu plus de flair !<\/p>\n\n\n\n<p><a id=\"sonaar_ts-6927d04306fce\" class=\"srmp3_sonaar_ts_shortcode\"  style=\"\" href=\"javascript:sonaar_ts_shortcode({ trackid:'0', time:'00:05:27', ts_id:'6927d04306fce', play_icon:'' }) ;\">[00:05:27]<\/a> Ensuite, quelques ann\u00e9es plus tard, la radio est pass\u00e9e d\u2019un usage strictement militaire \u00e0 un usage civil. La premi\u00e8re station de radio fran\u00e7aise a vu le jour en 1922] sous le nom de Radio Tour Eiffel ! Elle diffusait des bulletins m\u00e9t\u00e9o et de la musique dans Paris, mais \u00e9videmment, son audience \u00e9tait plut\u00f4t limit\u00e9e vu que peu de gens \u00e9taient \u00e9quip\u00e9s d\u2019un poste de radio.<\/p>\n\n\n\n<p><a id=\"sonaar_ts-6927d04306fd3\" class=\"srmp3_sonaar_ts_shortcode\"  style=\"\" href=\"javascript:sonaar_ts_shortcode({ trackid:'0', time:'00:05:56', ts_id:'6927d04306fd3', play_icon:'' }) ;\">[00:05:56]<\/a> Vous vous demandez peut-\u00eatre si la Tour Eiffel sert encore d\u2019antenne radio aujourd\u2019hui. Eh bien oui, elle est toujours \u00e9quip\u00e9e de plusieurs antennes, \u00e0 la fois pour la radio et la t\u00e9l\u00e9vision, dont une qui a \u00e9t\u00e9 ajout\u00e9e l\u2019ann\u00e9e derni\u00e8re pour pr\u00e9parer la diffusion de la radio num\u00e9rique. Avec ses 6 m\u00e8tres, cette nouvelle antenne a fait passer la taille de la tour Eiffel \u00e0 330 m\u00e8tres.<\/p>\n\n\n\n<p><a id=\"sonaar_ts-6927d04306fd8\" class=\"srmp3_sonaar_ts_shortcode\"  style=\"\" href=\"javascript:sonaar_ts_shortcode({ trackid:'0', time:'00:06:23', ts_id:'6927d04306fd8', play_icon:'' }) ;\">[00:06:23]<\/a> Et puis, il y a un autre symbole important de la culture fran\u00e7aise qui est li\u00e9 \u00e0 la radio, ou plut\u00f4t un \u00e9v\u00e8nement historique : l\u2019appel du 18 juin.<\/p>\n\n\n\n<p><a id=\"sonaar_ts-6927d04306fdc\" class=\"srmp3_sonaar_ts_shortcode\"  style=\"\" href=\"javascript:sonaar_ts_shortcode({ trackid:'0', time:'00:06:33', ts_id:'6927d04306fdc', play_icon:'' }) ;\">[00:06:33]<\/a> Alors, petit rappel du contexte. On est en 1940. La France a \u00e9t\u00e9 envahie par l&#8217;Allemagne nazie et elle est en mauvaise posture, elle est dans une situation difficile. Le nouveau gouvernement fran\u00e7ais qui vient d\u2019\u00eatre form\u00e9 est sur le point de capituler, de se rendre.<\/p>\n\n\n\n<p><a id=\"sonaar_ts-6927d04306fe1\" class=\"srmp3_sonaar_ts_shortcode\"  style=\"\" href=\"javascript:sonaar_ts_shortcode({ trackid:'0', time:'00:06:52', ts_id:'6927d04306fe1', play_icon:'' }) ;\">[00:06:52]<\/a> Mais certains politiciens et militaires refusent cette d\u00e9cision, dont le G\u00e9n\u00e9ral Charles de Gaulle, un officier fran\u00e7ais qui n\u2019\u00e9tait pas encore tr\u00e8s connu \u00e0 l\u2019\u00e9poque. De Gaulle s\u2019enfuit en Angleterre, et il fait une annonce \u00e0 la radio, sur la station de la BBC. Il dit aux Fran\u00e7ais que m\u00eame si la bataille en France semble perdue, la guerre contre l&#8217;Allemagne nazie n&#8217;est pas termin\u00e9e. Il les encourage \u00e0 r\u00e9sister et \u00e0 le rejoindre \u00e0 Londres pour continuer le combat aux c\u00f4t\u00e9s de l\u2019Angleterre.<\/p>\n\n\n\n<p><a id=\"sonaar_ts-6927d04306fe5\" class=\"srmp3_sonaar_ts_shortcode\"  style=\"\" href=\"javascript:sonaar_ts_shortcode({ trackid:'0', time:'00:07:26', ts_id:'6927d04306fe5', play_icon:'' }) ;\">[00:07:26]<\/a> [extrait de l&#8217;appel du 18 juin]<\/p>\n\n\n\n<p><a id=\"sonaar_ts-6927d04306fea\" class=\"srmp3_sonaar_ts_shortcode\"  style=\"\" href=\"javascript:sonaar_ts_shortcode({ trackid:'0', time:'00:07:39', ts_id:'6927d04306fea', play_icon:'' }) ;\">[00:07:39]<\/a> En r\u00e9alit\u00e9, peu de Fran\u00e7ais ont entendu son appel ce jour-l\u00e0 parce qu\u2019ils \u00e9taient sur les routes en train defuir les zones de combat, et aussi parce que ce n\u2019\u00e9tait pas simple de capter la BBC en France. Mais beaucoup de journaux l\u2019ont relay\u00e9 dans les jours qui ont suivi. Et cet appel est devenu un des symboles de la r\u00e9sistance fran\u00e7aise contre l\u2019occupation nazie. Donc c\u2019est une autre raison qui explique l\u2019attachement des Fran\u00e7ais \u00e0 la radio.<\/p>\n\n\n\n<p><a id=\"sonaar_ts-6927d04306fee\" class=\"srmp3_sonaar_ts_shortcode\"  style=\"\" href=\"javascript:sonaar_ts_shortcode({ trackid:'0', time:'00:08:08', ts_id:'6927d04306fee', play_icon:'' }) ;\">[00:08:08]<\/a> Apr\u00e8s la Seconde Guerre mondiale, on entre dans l\u2019\u00e2ge d\u2019or de la radio en France, dans les ann\u00e9es 1950] et 1960. Quasiment tous les foyers sont \u00e9quip\u00e9s d\u2019un poste de radio, contrairement \u00e0 la t\u00e9l\u00e9vision qui est encore inaccessible pour la plupart des m\u00e9nages. Donc la radio devient la principale source d\u2019information des Fran\u00e7ais (en plus de la presse \u00e9crite, bien s\u00fbr).<\/p>\n\n\n\n<p><a id=\"sonaar_ts-6927d04306ff3\" class=\"srmp3_sonaar_ts_shortcode\"  style=\"\" href=\"javascript:sonaar_ts_shortcode({ trackid:'0', time:'00:08:33', ts_id:'6927d04306ff3', play_icon:'' }) ;\">[00:08:33]<\/a> C\u2019est \u00e0 cette \u00e9poque que certaines \u00e9missions cultes sont cr\u00e9\u00e9es, comme \u00ab Le Masque et la Plume \u00bb, une \u00e9mission qui existe encore aujourd\u2019hui. Son concept est simple : un animateur et quatre critiques qui discutent de livres, films ou pi\u00e8ces de th\u00e9\u00e2tre qui viennent de sortir.<\/p>\n\n\n\n<p><a id=\"sonaar_ts-6927d04306ff7\" class=\"srmp3_sonaar_ts_shortcode\"  style=\"\" href=\"javascript:sonaar_ts_shortcode({ trackid:'0', time:'00:08:53', ts_id:'6927d04306ff7', play_icon:'' }) ;\">[00:08:53]<\/a> Les Fran\u00e7ais adorent cette \u00e9mission parce que souvent les critiques ne sont pas d\u2019accord entre elles donc elles font des petites remarques assassines pour se moquer de l\u2019analyse de leurs coll\u00e8gues. Et puis comme \u00ab Le Masque et la Plume \u00bb est diffus\u00e9 le dimanche soir, on peut l\u2019\u00e9couter dans la voiture en rentrant de weekend pour avoir l\u2019air intelligent aupr\u00e8s de ses coll\u00e8gues le lundi.<\/p>\n\n\n\n<p><a id=\"sonaar_ts-6927d04306ffb\" class=\"srmp3_sonaar_ts_shortcode\"  style=\"\" href=\"javascript:sonaar_ts_shortcode({ trackid:'0', time:'00:09:16', ts_id:'6927d04306ffb', play_icon:'' }) ;\">[00:09:16]<\/a> [Extrait Le Masque et la plume]<\/p>\n\n\n\n<p><a id=\"sonaar_ts-6927d04307000\" class=\"srmp3_sonaar_ts_shortcode\"  style=\"\" href=\"javascript:sonaar_ts_shortcode({ trackid:'0', time:'00:09:38', ts_id:'6927d04307000', play_icon:'' }) ;\">[00:09:38]<\/a> Aujourd\u2019hui, l\u2019\u00e2ge d\u2019or de la radio est loin derri\u00e8re nous. Depuis, il y a eu l\u2019arriv\u00e9e de la t\u00e9l\u00e9 et d\u2019internet. Donc est-ce que les Fran\u00e7ais \u00e9coutent encore la radio ?<\/p>\n\n\n\n<p><a id=\"sonaar_ts-6927d04307004\" class=\"srmp3_sonaar_ts_shortcode\"  style=\"\" href=\"javascript:sonaar_ts_shortcode({ trackid:'0', time:'00:09:47', ts_id:'6927d04307004', play_icon:'' }) ;\">[00:09:47]<\/a> Eh bien oui. Environ 70% des Fran\u00e7ais \u00e9coutent la radio tous les jours. M\u00eame parmi les jeunes (les 13-24 ans), plus de la moiti\u00e9 sont des auditeurs quotidiens !<\/p>\n\n\n\n<p><a id=\"sonaar_ts-6927d04307009\" class=\"srmp3_sonaar_ts_shortcode\"  style=\"\" href=\"javascript:sonaar_ts_shortcode({ trackid:'0', time:'00:09:59', ts_id:'6927d04307009', play_icon:'' }) ;\">[00:09:59]<\/a> Les \u00e9missions les plus populaires, ce sont les matinales, les \u00e9missions qui pr\u00e9sentent l\u2019actualit\u00e9 le matin, notamment le 7\/10] de France Inter avec Nicolas Demorand et L\u00e9a Salam\u00e9.<\/p>\n\n\n\n<p><a id=\"sonaar_ts-6927d0430700d\" class=\"srmp3_sonaar_ts_shortcode\"  style=\"\" href=\"javascript:sonaar_ts_shortcode({ trackid:'0', time:'00:10:14', ts_id:'6927d0430700d', play_icon:'' }) ;\">[00:10:14]<\/a> [extrait de la matinale]<\/p>\n\n\n\n<p><a id=\"sonaar_ts-6927d04307012\" class=\"srmp3_sonaar_ts_shortcode\"  style=\"\" href=\"javascript:sonaar_ts_shortcode({ trackid:'0', time:'00:10:26', ts_id:'6927d04307012', play_icon:'' }) ;\">[00:10:26]<\/a> France Inter, c\u2019est une station de radio publique. Et elle n\u2019est pas la seule. Elle fait partie d\u2019un grand groupe public, le groupe Radio France. Dedans, on trouve aussi France Info, RFI (Radio France Internationale) que vous connaissez peut-\u00eatre, mais aussi France Culture, France Musique et d\u2019autres stations.<\/p>\n\n\n\n<p><a id=\"sonaar_ts-6927d04307022\" class=\"srmp3_sonaar_ts_shortcode\"  style=\"\" href=\"javascript:sonaar_ts_shortcode({ trackid:'0', time:'00:10:46', ts_id:'6927d04307022', play_icon:'' }) ;\">[00:10:46]<\/a> \u00c7a, c\u2019est quelque chose que j\u2019appr\u00e9cie particuli\u00e8rement en France. On a une radio publique de tr\u00e8s grande qualit\u00e9. On consid\u00e8re que la radio est d\u2019utilit\u00e9 publique parce qu\u2019elle est importante pour le d\u00e9bat d\u00e9mocratique. Elle a pour mission de rendre l\u2019information accessible \u00e0 toutes et \u00e0 tous. Pour \u00e7a, elle b\u00e9n\u00e9ficie d\u2019un budget annuel d\u2019environ 600] millions d\u2019euros, budget qui est financ\u00e9 par un imp\u00f4t appel\u00e9 \u00ab redevance \u00bb. Gr\u00e2ce \u00e0 la redevance, elle n\u2019a pas besoin de diffuser de publicit\u00e9 pour se financer et elle peut recruter d\u2019excellents journalistes.<\/p>\n\n\n\n<p><a id=\"sonaar_ts-6927d04307027\" class=\"srmp3_sonaar_ts_shortcode\"  style=\"\" href=\"javascript:sonaar_ts_shortcode({ trackid:'0', time:'00:11:27', ts_id:'6927d04307027', play_icon:'' }) ;\">[00:11:27]<\/a> Elle est aussi relativement ind\u00e9pendante du pouvoir politique. Par exemple, le pr\u00e9sident Emmanuel Macron est souvent critiqu\u00e9 dans les \u00e9missions de France Inter, la principale station du groupe.<\/p>\n\n\n\n<p><a id=\"sonaar_ts-6927d0430702f\" class=\"srmp3_sonaar_ts_shortcode\"  style=\"\" href=\"javascript:sonaar_ts_shortcode({ trackid:'0', time:'00:11:39', ts_id:'6927d0430702f', play_icon:'' }) ;\">[00:11:39]<\/a> En th\u00e9orie, les stations ont un imp\u00e9ratif de neutralit\u00e9 politique. Elles doivent donner le m\u00eame temps de parole \u00e0 tous les partis politiques. Mais malgr\u00e9 \u00e7a, il y a des auditeurs qui trouvent que telle ou telle station est trop \u00e0 gauche, trop \u00e0 droite ou trop proche de la majorit\u00e9 pr\u00e9sidentielle. Donc ils se plaignent que leurs imp\u00f4ts servent \u00e0 financer des \u00e9missions avec lesquelles ils ne sont pas d\u2019accord.<\/p>\n\n\n\n<p><a id=\"sonaar_ts-6927d04307034\" class=\"srmp3_sonaar_ts_shortcode\"  style=\"\" href=\"javascript:sonaar_ts_shortcode({ trackid:'0', time:'00:12:06', ts_id:'6927d04307034', play_icon:'' }) ;\">[00:12:06]<\/a> Enfin, ce sont surtout les auditeurs de droite qui se plaignent. Et c\u2019est vrai que m\u00eame si les \u00e9missions invitent des politiciens de tous bords, on a souvent l\u2019impression que les animateurs sont plut\u00f4t de gauche. C\u2019est tr\u00e8s visible sur France Inter (\u00e0 part dans sa Matinale o\u00f9 les animateurs sont plut\u00f4t de droite). Et c\u2019est pour \u00e7a que les auditeurs de droite pr\u00e9f\u00e8rent \u00e9couter les stations priv\u00e9es comme RMC, RTL ou Europe 1.<\/p>\n\n\n\n<p><a id=\"sonaar_ts-6927d04307039\" class=\"srmp3_sonaar_ts_shortcode\"  style=\"\" href=\"javascript:sonaar_ts_shortcode({ trackid:'0', time:'00:12:35', ts_id:'6927d04307039', play_icon:'' }) ;\">[00:12:35]<\/a> Moi, vous vous en doutez, j\u2019aime bien France Inter. Mais si vous cherchez une station plus neutre, je vous recommande FranceInfo ou RFI qui diffuse un Journal en fran\u00e7ais facile tous les jours. C\u2019est une \u00e9mission qui est tr\u00e8s bien faite.<\/p>\n\n\n\n<p><a id=\"sonaar_ts-6927d0430703d\" class=\"srmp3_sonaar_ts_shortcode\"  style=\"\" href=\"javascript:sonaar_ts_shortcode({ trackid:'0', time:'00:12:53', ts_id:'6927d0430703d', play_icon:'' }) ;\">[00:12:53]<\/a> [extrait de RFI]<\/p>\n\n\n\n<p><a id=\"sonaar_ts-6927d04307042\" class=\"srmp3_sonaar_ts_shortcode\"  style=\"\" href=\"javascript:sonaar_ts_shortcode({ trackid:'0', time:'00:13:08', ts_id:'6927d04307042', play_icon:'' }) ;\">[00:13:08]<\/a> Mais la radio publique a une autre mission, celle d\u2019\u00e9duquer et de cultiver les Fran\u00e7ais. C\u2019est pour \u00e7a qu\u2019il y a des stations comme France Culture ou France Musique.<\/p>\n\n\n\n<p><a id=\"sonaar_ts-6927d04307046\" class=\"srmp3_sonaar_ts_shortcode\"  style=\"\" href=\"javascript:sonaar_ts_shortcode({ trackid:'0', time:'00:13:19', ts_id:'6927d04307046', play_icon:'' }) ;\">[00:13:19]<\/a> D\u2019ailleurs, vous pouvez \u00e9couter tous leurs programmes sur l\u2019application Radio France. C\u2019est vraiment une source de contenus tr\u00e8s riche avec des \u00e9missions aussi bien sur l\u2019histoire, que la litt\u00e9rature, la philosophie ou le cin\u00e9ma. Vous pouvez m\u00eame les t\u00e9l\u00e9charger dans l\u2019application pour les \u00e9couter hors ligne, comme un podcast. Le probl\u00e8me, c\u2019est que ces \u00e9missions sont parfois assez \u00e9litistes. Si vous n\u2019avez pas un minimum de connaissance sur le sujet, vous aurez du mal \u00e0 suivre la conversation. Et les invit\u00e9s sont parfois des experts qui sont excellents dans leur domaine mais qui ne sont pas tr\u00e8s p\u00e9dagogues, qui ne font pas l\u2019effort d\u2019expliquer leur sujet de mani\u00e8re accessible.<\/p>\n\n\n\n<p><a id=\"sonaar_ts-6927d0430704b\" class=\"srmp3_sonaar_ts_shortcode\"  style=\"\" href=\"javascript:sonaar_ts_shortcode({ trackid:'0', time:'00:14:04', ts_id:'6927d0430704b', play_icon:'' }) ;\">[00:14:04]<\/a> Mais s\u2019il y a un th\u00e8me ou un domaine qui vous int\u00e9resse, \u00e7a vaut la peine de le chercher sur l\u2019application Radio France et d\u2019essayer d\u2019\u00e9couter une ou deux \u00e9missions. Vous en trouverez peut-\u00eatre une qui vous plaira !<\/p>\n\n\n\n<p><a id=\"sonaar_ts-6927d0430704f\" class=\"srmp3_sonaar_ts_shortcode\"  style=\"\" href=\"javascript:sonaar_ts_shortcode({ trackid:'0', time:'00:14:16', ts_id:'6927d0430704f', play_icon:'' }) ;\">[00:14:16]<\/a> [extrait France Culture]<\/p>\n\n\n\n<p><a id=\"sonaar_ts-6927d04307058\" class=\"srmp3_sonaar_ts_shortcode\"  style=\"\" href=\"javascript:sonaar_ts_shortcode({ trackid:'0', time:'00:14:38', ts_id:'6927d04307058', play_icon:'' }) ;\">[00:14:38]<\/a> Jusqu\u2019ici, je vous ai seulement parl\u00e9 des stations d\u2019information, de d\u00e9bat et d\u2019\u00e9ducation. Mais il existe une autre cat\u00e9gorie tr\u00e8s populaire : les stations musicales.<\/p>\n\n\n\n<p><a id=\"sonaar_ts-6927d0430705d\" class=\"srmp3_sonaar_ts_shortcode\"  style=\"\" href=\"javascript:sonaar_ts_shortcode({ trackid:'0', time:'00:14:50', ts_id:'6927d0430705d', play_icon:'' }) ;\">[00:14:50]<\/a> L\u00e0 aussi, on retrouve la distinction entre public et priv\u00e9. Mais ici, les stations les plus \u00e9cout\u00e9es sont les stations priv\u00e9es comme NRJ (qui passe plut\u00f4t de la musique actuelle), Nostalgie (pour les musiques plus anciennes) ou encore Skyrock qui, contrairement \u00e0 ce qu\u2019on pourrait croire, est sp\u00e9cialis\u00e9e dans le rap, pas dans le rock. Du c\u00f4t\u00e9 des stations publiques, les plus populaires sont France Musique et FIP.<\/p>\n\n\n\n<p><a id=\"sonaar_ts-6927d04307061\" class=\"srmp3_sonaar_ts_shortcode\"  style=\"\" href=\"javascript:sonaar_ts_shortcode({ trackid:'0', time:'00:15:18', ts_id:'6927d04307061', play_icon:'' }) ;\">[00:15:18]<\/a> Mais peu importe qu\u2019elles soient priv\u00e9es ou publiques, ces stations doivent toutesob\u00e9ir \u00e0 certaines r\u00e8gles, dont celle de diffuser au moins 40% de musique francophone. (Bon l\u00e0, je simplifie un peu. En r\u00e9alit\u00e9, il existe trois quotas qui d\u00e9pendent du profil de la station). Mais ce qu\u2019il faut retenir, c\u2019est que la France a vot\u00e9 cette loi en 1986 pour prot\u00e9ger et encourager la cr\u00e9ation musicale francophone. Oui parce que sur ce quota de 40%, il faut que la moiti\u00e9 soit des artistes \u00e9mergents, des nouveaux talents. Les stations ne peuvent pas se contenter de passer du Johnny Halliday ou du Charles Aznavour en boucle.<\/p>\n\n\n\n<p><a id=\"sonaar_ts-6927d04307066\" class=\"srmp3_sonaar_ts_shortcode\"  style=\"\" href=\"javascript:sonaar_ts_shortcode({ trackid:'0', time:'00:16:03', ts_id:'6927d04307066', play_icon:'' }) ;\">[00:16:03]<\/a> Beaucoup de stations se plaignent de cette loi. Elles la trouvent trop contraignante, d\u2019autant plus depuis que les plateformes de streaming musical sont arriv\u00e9es sur le march\u00e9. Pour elles, c\u2019est de la concurrence d\u00e9loyale puisque Spotify, Deezer et les autres n\u2019ont pas cette contrainte. Elles offrent aux auditeurs exactement la musique qu\u2019ils ont envie d\u2019\u00e9couter. Et on peut comprendre l\u2019inqui\u00e9tude des stations musicales vu que leur audience ne fait que baisser d\u2019ann\u00e9e en ann\u00e9e, \u00e0 quelques exceptions pr\u00e8s.<\/p>\n\n\n\n<p><a id=\"sonaar_ts-6927d0430706a\" class=\"srmp3_sonaar_ts_shortcode\"  style=\"\" href=\"javascript:sonaar_ts_shortcode({ trackid:'0', time:'00:16:38', ts_id:'6927d0430706a', play_icon:'' }) ;\">[00:16:38]<\/a> Une de ces exceptions, c\u2019est FIP (F-I-P), la station que j\u2019\u00e9coute le matin et qui m\u2019a donn\u00e9 envie de faire cet \u00e9pisode. D\u2019ailleurs, il para\u00eet que c\u2019est aussi la station pr\u00e9f\u00e9r\u00e9e de Jack Dorsey, un des cofondateurs de Twitter. Oui parce que FIP est aussi diffus\u00e9e sur internet donc on peut l\u2019\u00e9couter partout dans le monde.<\/p>\n\n\n\n<p><a id=\"sonaar_ts-6927d0430706f\" class=\"srmp3_sonaar_ts_shortcode\"  style=\"\" href=\"javascript:sonaar_ts_shortcode({ trackid:'0', time:'00:16:59', ts_id:'6927d0430706f', play_icon:'' }) ;\">[00:16:59]<\/a> FIP diffuse exclusivement de la musique, et il n\u2019y a que des animatrices, pas d\u2019animateurs. D\u2019ailleurs, elles ont toutes un peu le m\u00eame genre de voix. Donc quand on les entend, on reconna\u00eet tout de suite qu\u2019on est sur FIP.<\/p>\n\n\n\n<p><a id=\"sonaar_ts-6927d04307073\" class=\"srmp3_sonaar_ts_shortcode\"  style=\"\" href=\"javascript:sonaar_ts_shortcode({ trackid:'0', time:'00:17:16', ts_id:'6927d04307073', play_icon:'' }) ;\">[00:17:16]<\/a> [extrait FIP]<\/p>\n\n\n\n<p><a id=\"sonaar_ts-6927d0430707c\" class=\"srmp3_sonaar_ts_shortcode\"  style=\"\" href=\"javascript:sonaar_ts_shortcode({ trackid:'0', time:'00:17:22', ts_id:'6927d0430707c', play_icon:'' }) ;\">[00:17:22]<\/a> Ce qui fait la force de FIP, c\u2019est la qualit\u00e9 de sa s\u00e9lection musicale, une s\u00e9lection \u00e0 la fois \u00e9clectique et pointue. C\u2019est tr\u00e8s rare que je reconnaisse un morceau qui passe sur FIP, alors que je pense avoir une bonne culture musicale ! Par exemple, ce matin j\u2019ai entendu un morceau dont je n\u2019ai m\u00eame pas reconnu la langue :<\/p>\n\n\n\n<p><a id=\"sonaar_ts-6927d04307081\" class=\"srmp3_sonaar_ts_shortcode\"  style=\"\" href=\"javascript:sonaar_ts_shortcode({ trackid:'0', time:'00:17:43', ts_id:'6927d04307081', play_icon:'' }) ;\">[00:17:43]<\/a> [Extrait FIP 2]<\/p>\n\n\n\n<p><a id=\"sonaar_ts-6927d04307085\" class=\"srmp3_sonaar_ts_shortcode\"  style=\"\" href=\"javascript:sonaar_ts_shortcode({ trackid:'0', time:'00:17:57', ts_id:'6927d04307085', play_icon:'' }) ;\">[00:17:57]<\/a> Bref, on sent que toutes les personnes qui travaillent chez FIP sont des passionn\u00e9es qui veulent nous faire d\u00e9couvrir leur univers. Et elles arrivent \u00e0 parfaitement adapter leur s\u00e9lection pour accompagner les auditeurs tout au long de la journ\u00e9e. Personnellement, je trouve \u00e7a g\u00e9nial parce que \u00e7a me permet de d\u00e9couvrir des morceaux voire des genres entiers auxquels je ne me serais jamais int\u00e9ress\u00e9 autrement. Bien s\u00fbr, parfois, il y a des morceaux que je n\u2019aime pas. Mais c\u2019est toujours une exp\u00e9rience plus enrichissante qu\u2019avec les plateformes de streaming qui ne font que nous recommander des morceaux similaires \u00e0 ceux qu\u2019on \u00e9coute d\u00e9j\u00e0.<\/p>\n\n\n\n<p><a id=\"sonaar_ts-6927d0430708a\" class=\"srmp3_sonaar_ts_shortcode\"  style=\"\" href=\"javascript:sonaar_ts_shortcode({ trackid:'0', time:'00:18:34', ts_id:'6927d0430708a', play_icon:'' }) ;\">[00:18:34]<\/a> Voil\u00e0, cet \u00e9pisode n\u2019est pas sponsoris\u00e9 par FIP mais si vous avez envie de faire des d\u00e9couvertes musicales, je vous conseille vraiment d\u2019aller sur leur site ou de l\u2019\u00e9couter via l\u2019application Radio France.<\/p>\n\n\n\n<p><a id=\"sonaar_ts-6927d0430708e\" class=\"srmp3_sonaar_ts_shortcode\"  style=\"\" href=\"javascript:sonaar_ts_shortcode({ trackid:'0', time:'00:18:48', ts_id:'6927d0430708e', play_icon:'' }) ;\">[00:18:48]<\/a> Dans tous les cas, j\u2019esp\u00e8re vous avoir donn\u00e9 envie de vous int\u00e9resser \u00e0 la radio fran\u00e7aise si vous ne l\u2019avez pas encore fait. Et si vous avez une \u00e9mission de radio qui vous pla\u00eet, n\u2019h\u00e9sitez pas \u00e0 la partager dans les commentaires. Je suis s\u00fbr que \u00e7a int\u00e9ressera d\u2019autres auditeurs.<br><a id=\"sonaar_ts-6927d04307093\" class=\"srmp3_sonaar_ts_shortcode\"  style=\"\" href=\"javascript:sonaar_ts_shortcode({ trackid:'0', time:'00:19:05', ts_id:'6927d04307093', play_icon:'' }) ;\">[00:19:05]<\/a> Merci et \u00e0 bient\u00f4t !<\/p>\n","protected":false},"excerpt":{"rendered":"<p>Salut \u00e0 toutes et \u00e0 tous ! Je ne sais pas quel temps il fait chez vous, mais chez moi, \u00e0 Ch\u00e2teauroux, on a un automne pourri ! Il fait gris, il pleut quasiment tous les jours, il y a des rafales de vent\u2026 Avec ma copine, on a quitt\u00e9 la Pologne pour avoir un&#8230;<\/p>\n","protected":false},"author":1,"featured_media":204986,"comment_status":"open","ping_status":"open","sticky":false,"template":"","format":[189],"meta":{"_acf_changed":false,"_kad_blocks_custom_css":"","_kad_blocks_head_custom_js":"","_kad_blocks_body_custom_js":"","_kad_blocks_footer_custom_js":"","_kad_post_transparent":"","_kad_post_title":"","_kad_post_layout":"","_kad_post_sidebar_id":"","_kad_post_content_style":"","_kad_post_vertical_padding":"","_kad_post_feature":"","_kad_post_feature_position":"","_kad_post_header":false,"_kad_post_footer":false,"_kad_post_classname":"","footnotes":""},"categories":[168],"tags":[177,175,180],"class_list":["post-289575","post","type-post","status-publish","format-standard","has-post-thumbnail","hentry","category-podcast","tag-culture","tag-france","tag-histoire","format-solo-hugo"],"acf":[],"taxonomy_info":{"category":[{"value":168,"label":"Podcast"}],"post_tag":[{"value":177,"label":"Culture"},{"value":175,"label":"France"},{"value":180,"label":"Histoire"}],"format":[{"value":189,"label":"Solo Hugo"}]},"featured_image_src_large":["https:\/\/innerfrench.com\/wp-content\/uploads\/2023\/11\/E132-750x406.jpeg",750,406,true],"author_info":{"display_name":"Hugo","author_link":"https:\/\/innerfrench.com\/author\/innerfrench-2-2-2-2-2-2-2-2-2-2-2-2-2-2-2-2-2-2-2\/"},"comment_info":25,"category_info":[{"term_id":168,"name":"Podcast","slug":"podcast","term_group":0,"term_taxonomy_id":168,"taxonomy":"category","description":"","parent":0,"count":185,"filter":"raw","cat_ID":168,"category_count":185,"category_description":"","cat_name":"Podcast","category_nicename":"podcast","category_parent":0}],"tag_info":[{"term_id":177,"name":"Culture","slug":"culture","term_group":0,"term_taxonomy_id":177,"taxonomy":"post_tag","description":"","parent":0,"count":44,"filter":"raw"},{"term_id":175,"name":"France","slug":"france","term_group":0,"term_taxonomy_id":175,"taxonomy":"post_tag","description":"","parent":0,"count":100,"filter":"raw"},{"term_id":180,"name":"Histoire","slug":"histoire","term_group":0,"term_taxonomy_id":180,"taxonomy":"post_tag","description":"","parent":0,"count":35,"filter":"raw"}],"_links":{"self":[{"href":"https:\/\/innerfrench.com\/wp-json\/wp\/v2\/posts\/289575","targetHints":{"allow":["GET"]}}],"collection":[{"href":"https:\/\/innerfrench.com\/wp-json\/wp\/v2\/posts"}],"about":[{"href":"https:\/\/innerfrench.com\/wp-json\/wp\/v2\/types\/post"}],"author":[{"embeddable":true,"href":"https:\/\/innerfrench.com\/wp-json\/wp\/v2\/users\/1"}],"replies":[{"embeddable":true,"href":"https:\/\/innerfrench.com\/wp-json\/wp\/v2\/comments?post=289575"}],"version-history":[{"count":2,"href":"https:\/\/innerfrench.com\/wp-json\/wp\/v2\/posts\/289575\/revisions"}],"predecessor-version":[{"id":293376,"href":"https:\/\/innerfrench.com\/wp-json\/wp\/v2\/posts\/289575\/revisions\/293376"}],"wp:featuredmedia":[{"embeddable":true,"href":"https:\/\/innerfrench.com\/wp-json\/wp\/v2\/media\/204986"}],"wp:attachment":[{"href":"https:\/\/innerfrench.com\/wp-json\/wp\/v2\/media?parent=289575"}],"wp:term":[{"taxonomy":"category","embeddable":true,"href":"https:\/\/innerfrench.com\/wp-json\/wp\/v2\/categories?post=289575"},{"taxonomy":"post_tag","embeddable":true,"href":"https:\/\/innerfrench.com\/wp-json\/wp\/v2\/tags?post=289575"},{"taxonomy":"format","embeddable":true,"href":"https:\/\/innerfrench.com\/wp-json\/wp\/v2\/format?post=289575"}],"curies":[{"name":"wp","href":"https:\/\/api.w.org\/{rel}","templated":true}]}}