{"id":289577,"date":"2023-12-20T18:45:29","date_gmt":"2023-12-20T17:45:29","guid":{"rendered":"https:\/\/innerfrench.com\/?p=204183"},"modified":"2025-09-26T10:34:52","modified_gmt":"2025-09-26T08:34:52","slug":"134-ciao-2023","status":"publish","type":"post","link":"https:\/\/innerfrench.com\/134-ciao-2023\/","title":{"rendered":"#134 Ciao 2023 !"},"content":{"rendered":"\n<p><a id=\"sonaar_ts-6927d2bb1e9b0\" class=\"srmp3_sonaar_ts_shortcode\"  style=\"\" href=\"javascript:sonaar_ts_shortcode({ trackid:'0', time:'0:00:06', ts_id:'6927d2bb1e9b0', play_icon:'' }) ;\">[00:00:06]<\/a> &#8211; Hugo : \u00c9pisode 134. Ciao 2023.<\/p>\n\n\n\n<p><a id=\"sonaar_ts-6927d2bb1e9bf\" class=\"srmp3_sonaar_ts_shortcode\"  style=\"\" href=\"javascript:sonaar_ts_shortcode({ trackid:'0', time:'00:00:10', ts_id:'6927d2bb1e9bf', play_icon:'' }) ;\">[00:00:10]<\/a> &#8211; Hugo: Salut \u00e0 toutes et \u00e0 tous. Salut Ingrid, salut Ania.<\/p>\n\n\n\n<p><a id=\"sonaar_ts-6927d2bb1e9c6\" class=\"srmp3_sonaar_ts_shortcode\"  style=\"\" href=\"javascript:sonaar_ts_shortcode({ trackid:'0', time:'00:00:13', ts_id:'6927d2bb1e9c6', play_icon:'' }) ;\">[00:00:13]<\/a> &#8211; Ania : Salut.<\/p>\n\n\n\n<p><a id=\"sonaar_ts-6927d2bb1e9cb\" class=\"srmp3_sonaar_ts_shortcode\"  style=\"\" href=\"javascript:sonaar_ts_shortcode({ trackid:'0', time:'00:00:14', ts_id:'6927d2bb1e9cb', play_icon:'' }) ;\">[00:00:14]<\/a> &#8211; Ingrid : Salut Hugo. Comment \u00e7a va ?<\/p>\n\n\n\n<p><a id=\"sonaar_ts-6927d2bb1e9d0\" class=\"srmp3_sonaar_ts_shortcode\"  style=\"\" href=\"javascript:sonaar_ts_shortcode({ trackid:'0', time:'00:00:17', ts_id:'6927d2bb1e9d0', play_icon:'' }) ;\">[00:00:17]<\/a> &#8211; Hugo : \u00c7a va, \u00e7a va et vous ?<\/p>\n\n\n\n<p><a id=\"sonaar_ts-6927d2bb1e9d5\" class=\"srmp3_sonaar_ts_shortcode\"  style=\"\" href=\"javascript:sonaar_ts_shortcode({ trackid:'0', time:'00:00:18', ts_id:'6927d2bb1e9d5', play_icon:'' }) ;\">[00:00:18]<\/a> &#8211; Ania : \u00c7a va tr\u00e8s bien, merci.<\/p>\n\n\n\n<p><a id=\"sonaar_ts-6927d2bb1e9da\" class=\"srmp3_sonaar_ts_shortcode\"  style=\"\" href=\"javascript:sonaar_ts_shortcode({ trackid:'0', time:'00:00:20', ts_id:'6927d2bb1e9da', play_icon:'' }) ;\">[00:00:20]<\/a> &#8211; Ingrid : \u00c7a va.<\/p>\n\n\n\n<p><a id=\"sonaar_ts-6927d2bb1e9de\" class=\"srmp3_sonaar_ts_shortcode\"  style=\"\" href=\"javascript:sonaar_ts_shortcode({ trackid:'0', time:'00:00:21', ts_id:'6927d2bb1e9de', play_icon:'' }) ;\">[00:00:21]<\/a> &#8211; Hugo : Alors je suis tr\u00e8s content de vous retrouver pour cet \u00e9pisode qui devient petit \u00e0 petit une tradition, notre \u00e9pisode de fin d&#8217;ann\u00e9e. \u00c7a va \u00eatre l&#8217;occasion de partager nos coups de c\u0153ur avec les auditeurs, avec vous. Donc aussi bien au niveau des podcasts que des films, des s\u00e9ries, des livres, etc. Vous avez pr\u00e9par\u00e9 votre liste, les filles ? C&#8217;est bon ?<\/p>\n\n\n\n<p><a id=\"sonaar_ts-6927d2bb1e9e4\" class=\"srmp3_sonaar_ts_shortcode\"  style=\"\" href=\"javascript:sonaar_ts_shortcode({ trackid:'0', time:'00:00:45', ts_id:'6927d2bb1e9e4', play_icon:'' }) ;\">[00:00:45]<\/a> &#8211; Ania : Oui, c&#8217;est bon.<\/p>\n\n\n\n<p><a id=\"sonaar_ts-6927d2bb1e9e9\" class=\"srmp3_sonaar_ts_shortcode\"  style=\"\" href=\"javascript:sonaar_ts_shortcode({ trackid:'0', time:'00:00:46', ts_id:'6927d2bb1e9e9', play_icon:'' }) ;\">[00:00:46]<\/a> &#8211; Ingrid : Ouais. J&#8217;ai not\u00e9 quelques trucs.<\/p>\n\n\n\n<p><a id=\"sonaar_ts-6927d2bb1e9ed\" class=\"srmp3_sonaar_ts_shortcode\"  style=\"\" href=\"javascript:sonaar_ts_shortcode({ trackid:'0', time:'00:00:49', ts_id:'6927d2bb1e9ed', play_icon:'' }) ;\">[00:00:49]<\/a> &#8211; Hugo : Ok. Bon \u00e7a va \u00eatre la surprise. On ne sait pas ce que les uns et les autres vont recommander. Je pense que vous allez me donner des id\u00e9es \u00e0 moi aussi. Peut-\u00eatre pour commencer, parler rapidement du podcast. C&#8217;est vrai que cette ann\u00e9e, on n&#8217;a pas publi\u00e9 autant d&#8217;\u00e9pisodes que ce qu&#8217;on aurait souhait\u00e9 et vous en connaissez la raison. On a d\u00e9cid\u00e9 de se concentrer sur notre cours avanc\u00e9. \u00c7a a pris pas mal de travail, mais la bonne nouvelle, c&#8217;est que \u00e7a y est, le cours est termin\u00e9 et les inscriptions sont ouvertes jusqu&#8217;\u00e0 la fin de l&#8217;ann\u00e9e. Donc on profite de cet \u00e9pisode pour faire un peu de promotion. Ingrid, tu veux parler du cours, dire un peu ce qu&#8217;il y a dedans ?<\/p>\n\n\n\n<p><a id=\"sonaar_ts-6927d2bb1e9f2\" class=\"srmp3_sonaar_ts_shortcode\"  style=\"\" href=\"javascript:sonaar_ts_shortcode({ trackid:'0', time:'00:01:32', ts_id:'6927d2bb1e9f2', play_icon:'' }) ;\">[00:01:32]<\/a> &#8211; Ingrid : Ouais, bien s\u00fbr. Le cours avanc\u00e9, c&#8217;est un cours qui s&#8217;adresse aux personnes qui ont d\u00e9j\u00e0 un bon niveau, mais qui veulent vraiment am\u00e9liorer tout \u00e7a avec du vocabulaire sp\u00e9cifique, avec des expressions un peu plus pouss\u00e9es, de l&#8217;analyse de phrases un peu plus compl\u00e8tes que seulement des petits exercices de grammaire. Et donc, pour \u00e7a, on est all\u00e9 interviewer des experts et on vous transmet ces interviews qui ne sont pas du tout faites avec des personnes qui font expr\u00e8s de parler lentement, de faire attention \u00e0 leur vocabulaire. Donc, c&#8217;est vraiment du 100 % naturel. \u00c9videmment, apr\u00e8s, on vous accompagne avec des quiz, de compr\u00e9hension, de vocabulaire, des explications de syntaxe, etc. Donc voil\u00e0, on esp\u00e8re que \u00e7a va vous plaire. Nous, en tout cas, on s&#8217;est beaucoup amus\u00e9 \u00e0 le faire et on a beaucoup r\u00e9fl\u00e9chi pour trouver la meilleure formule. Alors, n&#8217;h\u00e9sitez pas \u00e0 vous inscrire et \u00e0 nous faire vos retours pour nous dire ce que vous en pensez.<\/p>\n\n\n\n<p><a id=\"sonaar_ts-6927d2bb1e9f7\" class=\"srmp3_sonaar_ts_shortcode\"  style=\"\" href=\"javascript:sonaar_ts_shortcode({ trackid:'0', time:'00:02:45', ts_id:'6927d2bb1e9f7', play_icon:'' }) ;\">[00:02:45]<\/a> &#8211; Hugo : Oui, l\u00e0 \u00e7a va \u00eatre la premi\u00e8re promotion du cours, les premi\u00e8res personnes qui vont participer et \u00e7a va \u00eatre l&#8217;occasion, justement, de faire le cours tous ensemble, de voir ce qui vous pla\u00eet, peut-\u00eatre d&#8217;am\u00e9liorer, de tester certaines choses. On va \u00eatre vraiment avec vous pour vous demander votre feedback, pour essayer d&#8217;optimiser ce cours au maximum. Donc cette premi\u00e8re promotion, c&#8217;est l&#8217;occasion aussi pour vous d&#8217;avoir un impact sur le d\u00e9veloppement du cours. Et par rapport \u00e0 Raconte ton histoire, l\u00e0, on est sur un niveau un peu plus avanc\u00e9, un niveau C1. Et la diff\u00e9rence, c&#8217;est que ce sont des experts qui parlent vraiment de leur domaine d&#8217;expertise, donc on a un vocabulaire un peu plus technique, un fran\u00e7ais un peu plus formel aussi, avec des expressions qui peuvent \u00eatre tr\u00e8s utiles, par exemple, si vous pr\u00e9parez un examen DALF, des expressions comme des connecteurs logiques qui vous permettent d&#8217;organiser votre discours. Et voil\u00e0, on n&#8217;avait pas sp\u00e9cialement de plan en faisant ce cours. On savait qu&#8217;on voulait interviewer des experts pour nous parler de Paris sous diff\u00e9rents angles, mais on n&#8217;avait pas pr\u00e9vu une liste de points de grammaire \u00e0 illustrer. Nous, ce qu&#8217;on voulait, c&#8217;\u00e9tait vraiment d&#8217;avoir de la mati\u00e8re brute et \u00e0 partir de cette mati\u00e8re, d&#8217;extraire les structures grammaticales et les expressions que les Fran\u00e7ais utilisent r\u00e9ellement.<\/p>\n\n\n\n<p><a id=\"sonaar_ts-6927d2bb1e9fc\" class=\"srmp3_sonaar_ts_shortcode\"  style=\"\" href=\"javascript:sonaar_ts_shortcode({ trackid:'0', time:'00:04:18', ts_id:'6927d2bb1e9fc', play_icon:'' }) ;\">[00:04:18]<\/a> &#8211; Hugo : Donc effectivement, on est tr\u00e8s contents du r\u00e9sultat et on esp\u00e8re que \u00e7a va vous plaire aussi. Quelque chose \u00e0 ajouter sur le cours avanc\u00e9 ?<\/p>\n\n\n\n<p><a id=\"sonaar_ts-6927d2bb1ea01\" class=\"srmp3_sonaar_ts_shortcode\"  style=\"\" href=\"javascript:sonaar_ts_shortcode({ trackid:'0', time:'00:04:28', ts_id:'6927d2bb1ea01', play_icon:'' }) ;\">[00:04:28]<\/a> &#8211; Ingrid : Non, je pense qu&#8217;on peut y aller. On peut commencer en parlant de nos coups de c\u0153ur de 2023.<\/p>\n\n\n\n<p><a id=\"sonaar_ts-6927d2bb1ea06\" class=\"srmp3_sonaar_ts_shortcode\"  style=\"\" href=\"javascript:sonaar_ts_shortcode({ trackid:'0', time:'00:04:4', ts_id:'6927d2bb1ea06', play_icon:'' }) ;\">[00:04:41]<\/a> &#8211; Hugo : Qui veut commencer ?<\/p>\n\n\n\n<p><a id=\"sonaar_ts-6927d2bb1ea0b\" class=\"srmp3_sonaar_ts_shortcode\"  style=\"\" href=\"javascript:sonaar_ts_shortcode({ trackid:'0', time:'00:04:43', ts_id:'6927d2bb1ea0b', play_icon:'' }) ;\">[00:04:43]<\/a> &#8211; Ania : Alors, je peux commencer par un coup de c\u0153ur musical, dans mon cas. Alors j&#8217;adore \u00e9couter en g\u00e9n\u00e9ral de la musique et j&#8217;\u00e9coute de la musique aussi quand je travaille. Mais c&#8217;est vrai que quand je travaille, \u00e7a d\u00e9pend aussi un peu des t\u00e2ches. Si \u00e7a demande beaucoup de concentration, je n&#8217;\u00e9coute pas de musique. Mais si j&#8217;\u00e9coute de la musique, c&#8217;est surtout des musiques sans parole. Donc l\u00e0 o\u00f9 il n&#8217;y a que de la m\u00e9lodie, pour me concentrer mieux. Et aussi, si je trouve un artiste ou un album qui me pla\u00eet beaucoup, j&#8217;ai souvent cette tendance d&#8217;\u00e9couter \u00e7a vraiment en boucle, sans cesse, et \u00e7a, \u00e7a dure plusieurs mois, m\u00eame plusieurs semaines ou m\u00eame plusieurs mois. Donc cette ann\u00e9e, j&#8217;ai pass\u00e9 beaucoup de temps avec l&#8217;artiste qui s&#8217;appelle Saint Germain, qui est fran\u00e7ais, \u00e9videmment. Son pseudonyme, \u00e7a doit vous dire d\u00e9j\u00e0 quelque chose parce que oui, Saint-Germain, c&#8217;est sa vie natale, donc Saint-Germain-en-Laye, mais il fait aussi r\u00e9f\u00e9rence \u00e0 un quartier tr\u00e8s connu de Paris, donc Saint-Germain-des-pr\u00e9s, qui est situ\u00e9 rive gauche et qui est un quartier, c&#8217;est un lieu embl\u00e9matique pour des clubs de jazz. D&#8217;ailleurs, dans les ann\u00e9es 60, on pouvait m\u00eame y croiser, par exemple, Miles Davis, donc un musicien tr\u00e8s connu.<\/p>\n\n\n\n<p><a id=\"sonaar_ts-6927d2bb1ea10\" class=\"srmp3_sonaar_ts_shortcode\"  style=\"\" href=\"javascript:sonaar_ts_shortcode({ trackid:'0', time:'00:06:06', ts_id:'6927d2bb1ea10', play_icon:'' }) ;\">[00:06:06]<\/a> &#8211; Ania : Et donc oui, ce musicien, il fait surtout du jazz, mais du jazz moderne. Il s&#8217;inspire beaucoup de musique \u00e9lectronique parce qu&#8217;\u00e0 la base, il \u00e9tait DJ. Donc voil\u00e0, c&#8217;est un m\u00e9lange de jazz, d&#8217;\u00e9lectro, de Detroit House. C&#8217;est vraiment tr\u00e8s int\u00e9ressant. Et donc j&#8217;ai \u00e9cout\u00e9 en boucle cette ann\u00e9e ses trois albums, mais l&#8217;album que je peux vous recommander, c&#8217;est vraiment son album phare, c&#8217;est l&#8217;album intitul\u00e9 <em>Tourist<\/em>. Donc \u00e7a, le titre est en anglais. Avec son morceau le plus connu, \u00abRose rouge\u00bb. Donc si vous avez envie d&#8217;\u00e9couter un peu cet artiste, je vous recommande surtout cet album.<\/p>\n\n\n\n<p><a id=\"sonaar_ts-6927d2bb1ea15\" class=\"srmp3_sonaar_ts_shortcode\"  style=\"\" href=\"javascript:sonaar_ts_shortcode({ trackid:'0', time:'00:06:50', ts_id:'6927d2bb1ea15', play_icon:'' }) ;\">[00:06:50]<\/a> &#8211; Hugo : Ok. C&#8217;est vrai que j&#8217;ai souvent entendu son nom, mais j&#8217;ai jamais vraiment \u00e9cout\u00e9 ce qu&#8217;il faisait. J&#8217;avais une vague id\u00e9e que c&#8217;\u00e9tait de l&#8217;\u00e9lectro, mais bon \u00e7a m&#8217;a donn\u00e9 envie de tester \u00e7a. Donc, tu recommandes pour faire le m\u00e9nage, Saint-Germain, c&#8217;est pas mal ?<\/p>\n\n\n\n<p><a id=\"sonaar_ts-6927d2bb1ea19\" class=\"srmp3_sonaar_ts_shortcode\"  style=\"\" href=\"javascript:sonaar_ts_shortcode({ trackid:'0', time:'00:07:03', ts_id:'6927d2bb1ea19', play_icon:'' }) ;\">[00:07:03]<\/a> &#8211; Ania : Oui, pourquoi pas ? Pourquoi pas&#8230; Oui. Pour travailler aussi, pour apprendre. C&#8217;est bon pour tout, vraiment. Pour toutes les t\u00e2ches.<\/p>\n\n\n\n<p><a id=\"sonaar_ts-6927d2bb1ea1e\" class=\"srmp3_sonaar_ts_shortcode\"  style=\"\" href=\"javascript:sonaar_ts_shortcode({ trackid:'0', time:'00:07:13', ts_id:'6927d2bb1ea1e', play_icon:'' }) ;\">[00:07:13]<\/a> &#8211; Ingrid : Ok, tr\u00e8s bien. Bah merci pour le conseil. C&#8217;est vrai que je l&#8217;avais vu un petit peu sur TikTok, il me semble, mais comme il y a beaucoup d&#8217;artistes fran\u00e7ais qui passent, j&#8217;ai tendance \u00e0, apr\u00e8s, ne pas aller \u00e9couter plus en d\u00e9tail. Donc, je vais le faire. Merci pour la recommandation.<\/p>\n\n\n\n<p><a id=\"sonaar_ts-6927d2bb1ea23\" class=\"srmp3_sonaar_ts_shortcode\"  style=\"\" href=\"javascript:sonaar_ts_shortcode({ trackid:'0', time:'00:07:31', ts_id:'6927d2bb1ea23', play_icon:'' }) ;\">[00:07:31]<\/a> &#8211; Ania : De rien.<\/p>\n\n\n\n<p><a id=\"sonaar_ts-6927d2bb1ea27\" class=\"srmp3_sonaar_ts_shortcode\"  style=\"\" href=\"javascript:sonaar_ts_shortcode({ trackid:'0', time:'00:07:31', ts_id:'6927d2bb1ea27', play_icon:'' }) ;\">[00:07:31]<\/a> &#8211; Ingrid : Bah moi aussi, j&#8217;ai not\u00e9 un coup de c\u0153ur musical. Alors, ce n&#8217;est pas du tout quelque chose de&#8230; un artiste nouveau, parce qu&#8217;en fait, c&#8217;est mon chanteur pr\u00e9f\u00e9r\u00e9 depuis, je ne sais pas, depuis que j&#8217;ai sept ans peut- \u00eatre. C&#8217;est un&#8230; Depuis son tout premier album qui a \u00e9t\u00e9 le premier CD que j&#8217;ai eu. Et c&#8217;est un rappeur qui s&#8217;appelle Disiz&#8230; Donc \u00e0 l&#8217;\u00e9poque, il s&#8217;appelait Disiz La Peste. Et en fait, il a jamais arr\u00eat\u00e9 de produire et de faire de la musique, mais il a eu un peu des hauts et des bas dans sa carri\u00e8re en termes de popularit\u00e9. Il \u00e9tait tr\u00e8s, tr\u00e8s connu dans les ann\u00e9es 90. Et puis apr\u00e8s, il y a eu un peu un stop dans la diffusion de sa musique. Mais moi, j&#8217;ai jamais arr\u00eat\u00e9 de l&#8217;\u00e9couter. En fait, \u00e7a a toujours \u00e9t\u00e9 dans mes artistes les plus \u00e9cout\u00e9s, sur les plateformes de streaming, etc.<\/p>\n\n\n\n<p><a id=\"sonaar_ts-6927d2bb1ea2b\" class=\"srmp3_sonaar_ts_shortcode\"  style=\"\" href=\"javascript:sonaar_ts_shortcode({ trackid:'0', time:'00:08:31', ts_id:'6927d2bb1ea2b', play_icon:'' }) ;\">[00:08:31]<\/a> &#8211; Ingrid : Et en fait, il a fait un dernier album, je crois que c&#8217;\u00e9tait en 2022. Il en a fait la promotion en 2023 et moi, je l&#8217;ai vu en festival. Donc en 2023, \u00e0 Toulouse, il y a eu un festival et j&#8217;y suis all\u00e9e expr\u00e8s pour lui. J&#8217;y suis all\u00e9e toute seule parce que c&#8217;est un festival assez cher et assez jeune. La moyenne d&#8217;\u00e2ge est quand m\u00eame tr\u00e8s&#8230; La vingtaine, je dirais. Du coup, moi, je me suis juste dit \u00ab Vraiment, cet artiste, je veux le voir depuis tr\u00e8s longtemps. \u00bb Et voil\u00e0. Donc son dernier album, c&#8217;est L&#8217;amour. Et ce que j&#8217;aime beaucoup chez lui, c&#8217;est ses textes. Alors, c&#8217;est d\u00e9j\u00e0 son flow, parce qu&#8217;il rappe et il chante en m\u00eame temps. Ce n&#8217;est pas du rap pur. Il r\u00e9invente souvent le style musical. Si on \u00e9coute l&#8217;\u00e9volution, \u00e0 chaque fois, il fait des essais avec des nouveaux instruments, avec des nouvelles collaborations. Et surtout, ses textes sont magnifiques. Pour moi, c&#8217;est un po\u00e8te. Pour ceux qui apprennent le fran\u00e7ais, je trouve que c&#8217;est g\u00e9nial parce que c&#8217;est pas comme certains raps o\u00f9 on comprend pas ce qu&#8217;il dit ou c&#8217;est des sujets un peu violents, etc. Non, l\u00e0, c&#8217;est magnifique, parfois dr\u00f4le, parfois \u00e7a fait pleurer, parfois \u00e7a met de bonne humeur.<\/p>\n\n\n\n<p><a id=\"sonaar_ts-6927d2bb1ea30\" class=\"srmp3_sonaar_ts_shortcode\"  style=\"\" href=\"javascript:sonaar_ts_shortcode({ trackid:'0', time:'00:10:02', ts_id:'6927d2bb1ea30', play_icon:'' }) ;\">[00:10:02]<\/a> &#8211; Ingrid : Je recommande particuli\u00e8rement deux chansons. Une qu&#8217;il a chant\u00e9e quand je l&#8217;ai vue et j&#8217;ai pleur\u00e9. Alors, je ne sais pas de quand elle date la chanson, mais en tout cas, moi, c&#8217;\u00e9tait un coup de c\u0153ur nouveau en 2023 parce que je la connaissais d\u00e9j\u00e0, mais l\u00e0, je l&#8217;ai v\u00e9cue tr\u00e8s intens\u00e9ment. \u00c7a s&#8217;appelle \u00abQu&#8217;ils ont de la chance\u00bb et c&#8217;est sur le deuil. Et une autre chanson qui est vraiment \u00e7a, 2023, il l&#8217;a chant\u00e9e quand j&#8217;\u00e9tais au festival et il venait de la sortir la veille, en fait. \u00c7a s&#8217;appelle \u00abOh Madeleine\u00bb et c&#8217;est en hommage \u00e0 sa fille. Donc voil\u00e0, je recommande chaudement tous ses albums, en particulier, les derniers sont encore plus po\u00e9tiques, parce qu&#8217;avec l&#8217;\u00e2ge, il devient de plus en plus sage. Donc voil\u00e0.<\/p>\n\n\n\n<p><a id=\"sonaar_ts-6927d2bb1ea34\" class=\"srmp3_sonaar_ts_shortcode\"  style=\"\" href=\"javascript:sonaar_ts_shortcode({ trackid:'0', time:'00:10:58', ts_id:'6927d2bb1ea34', play_icon:'' }) ;\">[00:10:58]<\/a> &#8211; Ania : L\u00e0 du coup, il faut vraiment se concentrer sur la parole.<\/p>\n\n\n\n<p><a id=\"sonaar_ts-6927d2bb1ea39\" class=\"srmp3_sonaar_ts_shortcode\"  style=\"\" href=\"javascript:sonaar_ts_shortcode({ trackid:'0', time:'00:11:02', ts_id:'6927d2bb1ea39', play_icon:'' }) ;\">[00:11:02]<\/a> &#8211; Ingrid : Oui, l\u00e0, je ne recommande pas de le mettre en fond. Ouais. Plut\u00f4t \u00e9couter attentivement, limite en lisant les paroles en m\u00eame temps.<\/p>\n\n\n\n<p><a id=\"sonaar_ts-6927d2bb1ea3e\" class=\"srmp3_sonaar_ts_shortcode\"  style=\"\" href=\"javascript:sonaar_ts_shortcode({ trackid:'0', time:'00:11:11', ts_id:'6927d2bb1ea3e', play_icon:'' }) ;\">[00:11:11]<\/a> &#8211; Hugo : Moi, je l&#8217;avais rencontr\u00e9 il y a quelques ann\u00e9es, quand je travaillais chez SFR, un op\u00e9rateur de t\u00e9l\u00e9com en France. J&#8217;\u00e9tais dans une \u00e9quipe qui organisait des concerts et des festivals, ou plut\u00f4t qui sponsorisait des concerts et des festivals. Et on avait organis\u00e9 un petit concert priv\u00e9. Il y avait, je pense, 100, 150 personnes pour une partie des abonn\u00e9s, avec Disiz, justement. Et c&#8217;est vraiment quelqu&#8217;un d&#8217;adorable, de tr\u00e8s humble. Il n&#8217;a pas du tout la grosse t\u00eate, comme on dit. Donc \u00abavoir la grosse t\u00eate\u00bb, on dit aussi \u00abavoir le melon \u00bb, \u00e7a veut dire que vous vous comportez comme une star, vous prenez les autres de haut, etc. Donc lui, il n&#8217;est pas du tout comme \u00e7a. Mais c&#8217;est vrai que dans ses morceaux, souvent, il a pas peur de montrer sa vuln\u00e9rabilit\u00e9. Et je pense que \u00e7a a \u00e9t\u00e9 un des premiers rappeurs \u00e0 faire \u00e7a, \u00e0 pas juste jouer le gros dur qui a plein d&#8217;argent, ach\u00e8te des voitures et a des dizaines de filles autour de lui, mais \u00e0 parler de sujets plus personnels et montrer ses doutes et sa vuln\u00e9rabilit\u00e9. C&#8217;est vrai qu&#8217;il a de tr\u00e8s beaux textes et en plus, maintenant, \u00e7a fait tellement longtemps que voil\u00e0 il fait \u00e7a qu&#8217;il a une grande maturit\u00e9. Et au niveau de ses textes, effectivement, c&#8217;est toujours un rappeur tr\u00e8s int\u00e9ressant \u00e0 \u00e9couter.<\/p>\n\n\n\n<p><a id=\"sonaar_ts-6927d2bb1ea42\" class=\"srmp3_sonaar_ts_shortcode\"  style=\"\" href=\"javascript:sonaar_ts_shortcode({ trackid:'0', time:'00:12:31', ts_id:'6927d2bb1ea42', play_icon:'' }) ;\">[00:12:31]<\/a> &#8211; Hugo : Moi, c&#8217;est vrai qu&#8217;on s&#8217;en parlait avant aussi, mais je n&#8217;\u00e9coute pas \u00e9norm\u00e9ment de musique fran\u00e7aise. Mais cette ann\u00e9e, j&#8217;ai quand m\u00eame d\u00e9couvert un rappeur. Enfin, j&#8217;ai d\u00e9couvert en fin d&#8217;ann\u00e9e derni\u00e8re, mais je n&#8217;ai que lui \u00e0 recommander. Il est pas aussi mature que Disiz La Peste et ses textes&#8230; Voil\u00e0, je sais pas si c&#8217;est une bonne id\u00e9e de vous le recommander, mais c&#8217;est un rappeur qui s&#8217;appelle BB Jacques. BB, donc les lettres, BB Jacques, qui est d&#8217;origine libanaise, il me semble. Il est assez jeune, il doit avoir 23, 24 ans. Il a vraiment explos\u00e9 \u00e0 partir de l&#8217;ann\u00e9e derni\u00e8re. Il a commenc\u00e9 \u00e0 bien bien marcher parce qu&#8217;il me semble qu&#8217;il a gagn\u00e9 un concours de rap sur Netflix ou qu&#8217;il a particip\u00e9 \u00e0 une \u00e9mission qui organise des concours de rap.<\/p>\n\n\n\n<p><a id=\"sonaar_ts-6927d2bb1ea47\" class=\"srmp3_sonaar_ts_shortcode\"  style=\"\" href=\"javascript:sonaar_ts_shortcode({ trackid:'0', time:'00:13:22', ts_id:'6927d2bb1ea47', play_icon:'' }) ;\">[00:13:22]<\/a> &#8211; Ingrid : Nouvelle \u00c9cole, non ?<\/p>\n\n\n\n<p><a id=\"sonaar_ts-6927d2bb1ea4c\" class=\"srmp3_sonaar_ts_shortcode\"  style=\"\" href=\"javascript:sonaar_ts_shortcode({ trackid:'0', time:'00:13:23', ts_id:'6927d2bb1ea4c', play_icon:'' }) ;\">[00:13:23]<\/a> &#8211; Hugo : Ouais, je crois que \u00e7a s&#8217;appelle Nouvelle \u00c9cole, c&#8217;est \u00e7a. Il a particip\u00e9, il me semble, \u00e0 la premi\u00e8re saison. Je ne sais pas s&#8217;il a gagn\u00e9 ou pas, mais c&#8217;est vraiment un rappeur qui a un gros charisme et qui a un flow ou en tout cas une fa\u00e7on de rapper qui est assez diff\u00e9rente des autres rappeurs d&#8217;aujourd&#8217;hui, qui est tr\u00e8s singuli\u00e8re, qui vraiment lui appartient. Et ses clips aussi sont toujours tr\u00e8s travaill\u00e9s, tr\u00e8s esth\u00e9tiques, donc on sent que c&#8217;est vraiment quelqu&#8217;un qui a un go\u00fbt et une esth\u00e9tique qui lui sont propres, qu&#8217;on ne retrouve pas forc\u00e9ment chez d&#8217;autres rappeurs. Donc voil\u00e0. Je vous conseille de regarder \u00e9ventuellement ses clips. Il en a sorti un il n&#8217;y a pas longtemps avec Oxmo Puccino, qui est un peu comme Disiz La Peste, un des rappeurs old school tr\u00e8s connus en France. Et le morceau est assez sympa. Donc voil\u00e0, BB Jacques, ce serait ma recommandation musicale pour cette ann\u00e9e.<\/p>\n\n\n\n<p><a id=\"sonaar_ts-6927d2bb1ea51\" class=\"srmp3_sonaar_ts_shortcode\"  style=\"\" href=\"javascript:sonaar_ts_shortcode({ trackid:'0', time:'00:14:16', ts_id:'6927d2bb1ea51', play_icon:'' }) ;\">[00:14:16]<\/a> &#8211; Ania : Ok, parfait, je me note les deux.<\/p>\n\n\n\n<p><a id=\"sonaar_ts-6927d2bb1ea55\" class=\"srmp3_sonaar_ts_shortcode\"  style=\"\" href=\"javascript:sonaar_ts_shortcode({ trackid:'0', time:'00:14:18', ts_id:'6927d2bb1ea55', play_icon:'' }) ;\">[00:14:18]<\/a> &#8211; Ingrid : Ok on note.<\/p>\n\n\n\n<p><a id=\"sonaar_ts-6927d2bb1ea5a\" class=\"srmp3_sonaar_ts_shortcode\"  style=\"\" href=\"javascript:sonaar_ts_shortcode({ trackid:'0', time:'00:14:25', ts_id:'6927d2bb1ea5a', play_icon:'' }) ;\">[00:14:25]<\/a> &#8211; Ingrid : Alors est-ce qu&#8217;il y a d&#8217;autres coups de c\u0153ur ? Cette fois-ci pas musique. Ania, tu avais not\u00e9 quoi, toi, comme coup de c\u0153ur ?<\/p>\n\n\n\n<p><a id=\"sonaar_ts-6927d2bb1ea5e\" class=\"srmp3_sonaar_ts_shortcode\"  style=\"\" href=\"javascript:sonaar_ts_shortcode({ trackid:'0', time:'00:14:34', ts_id:'6927d2bb1ea5e', play_icon:'' }) ;\">[00:14:34]<\/a> &#8211; Ania : Alors mon coup de c\u0153ur tr\u00e8s r\u00e9cent, c&#8217;est un coup de c\u0153ur pour un endroit. Cette ann\u00e9e, comme j&#8217;habite toujours \u00e0 Lisbonne, je profite un peu de cette proximit\u00e9 que j&#8217;ai avec la France. Donc j&#8217;ai eu la chance de visiter quelques fois la France cette ann\u00e9e. Donc je suis retourn\u00e9e un peu dans des endroits que je connais d\u00e9j\u00e0, donc Nice, Antibes, des petits villages de C\u00f4te d&#8217;Azur. J&#8217;ai enfin visit\u00e9 Marseille et Lyon, mais mon vrai coup de c\u0153ur, \u00e7a a \u00e9t\u00e9 Toulouse.<\/p>\n\n\n\n<p><a id=\"sonaar_ts-6927d2bb1ea63\" class=\"srmp3_sonaar_ts_shortcode\"  style=\"\" href=\"javascript:sonaar_ts_shortcode({ trackid:'0', time:'00:15:07', ts_id:'6927d2bb1ea63', play_icon:'' }) ;\">[00:15:07]<\/a> &#8211; Ingrid : Ouiii.<\/p>\n\n\n\n<p><a id=\"sonaar_ts-6927d2bb1ea67\" class=\"srmp3_sonaar_ts_shortcode\"  style=\"\" href=\"javascript:sonaar_ts_shortcode({ trackid:'0', time:'00:15:08', ts_id:'6927d2bb1ea67', play_icon:'' }) ;\">[00:15:08]<\/a> &#8211; Ania : La ville rose ou la ville d&#8217;Ingrid, comme on peut l&#8217;appeler maintenant aussi. C&#8217;est vraiment une ville charmante, mais absolument charmante. \u00c7a me fait penser un tout petit peu \u00e0 Cracovie aussi. Elle n&#8217;est pas tr\u00e8s grande, elle n&#8217;est pas trop petite. On peut se balader partout \u00e0 pied, surtout dans le centre. Et c&#8217;est vrai que le centre, c&#8217;est vraiment&#8230; C&#8217;est tr\u00e8s joli parce que tout est en brique. Je ne sais pas si la ville rose, c&#8217;est la meilleure description. Je dirais que c&#8217;est plut\u00f4t rouge ou roux, mais bon. Et en plus, on est arriv\u00e9 juste au moment o\u00f9 le march\u00e9 de No\u00ebl a commenc\u00e9. Donc voil\u00e0, on a pu aussi profiter du march\u00e9 de No\u00ebl, de boire un peu de vin chaud et c&#8217;\u00e9tait vraiment cool.<\/p>\n\n\n\n<p><a id=\"sonaar_ts-6927d2bb1ea6c\" class=\"srmp3_sonaar_ts_shortcode\"  style=\"\" href=\"javascript:sonaar_ts_shortcode({ trackid:'0', time:'00:16:01', ts_id:'6927d2bb1ea6c', play_icon:'' }) ;\">[00:16:01]<\/a> &#8211; Hugo : Et pourquoi tu pr\u00e9f\u00e8res Toulouse \u00e0 Nice, par exemple ?<\/p>\n\n\n\n<p><a id=\"sonaar_ts-6927d2bb1ea71\" class=\"srmp3_sonaar_ts_shortcode\"  style=\"\" href=\"javascript:sonaar_ts_shortcode({ trackid:'0', time:'00:16:0', ts_id:'6927d2bb1ea71', play_icon:'' }) ;\">[00:16:06]<\/a> &#8211; Ania : Justement, je pense qu&#8217;\u00e0 cause de cette ambiance, que ce n&#8217;est pas une ville tr\u00e8s grande, pas trop petite. Nice, j&#8217;aime bien aussi parce que c&#8217;est juste \u00e0 c\u00f4t\u00e9 de la mer, donc \u00e7a a une autre ambiance. Mais Toulouse, je la trouve plus jolie, plus historique. L\u00e0, on peut vraiment sentir que c&#8217;est une ville historique. Il y a vraiment beaucoup de monuments, de b\u00e2timents qui datent, qui appartiennent vraiment au pass\u00e9. Oui, c&#8217;est \u00e7a ce que j&#8217;aime beaucoup et c&#8217;est \u00e7a ce que j&#8217;aime aussi \u00e0 Cracovie d&#8217;ailleurs, ce c\u00f4t\u00e9 historique, ce c\u00f4t\u00e9 vrai, authentique. On sent vraiment que c&#8217;est de l&#8217;authentique, alors que Nice, c&#8217;est une autre ambiance. J&#8217;aime beaucoup, mais c&#8217;est une autre ambiance.<\/p>\n\n\n\n<p><a id=\"sonaar_ts-6927d2bb1ea75\" class=\"srmp3_sonaar_ts_shortcode\"  style=\"\" href=\"javascript:sonaar_ts_shortcode({ trackid:'0', time:'00:16:55', ts_id:'6927d2bb1ea75', play_icon:'' }) ;\">[00:16:55]<\/a> &#8211; Hugo : Et en m\u00eame temps, \u00e7a fait pas ville-mus\u00e9e non plus \u00e0 Toulouse.<\/p>\n\n\n\n<p><a id=\"sonaar_ts-6927d2bb1ea7a\" class=\"srmp3_sonaar_ts_shortcode\"  style=\"\" href=\"javascript:sonaar_ts_shortcode({ trackid:'0', time:'00:16:59', ts_id:'6927d2bb1ea7a', play_icon:'' }) ;\">[00:16:59]<\/a> &#8211; Ania : Oui, oui.<\/p>\n\n\n\n<p><a id=\"sonaar_ts-6927d2bb1ea7e\" class=\"srmp3_sonaar_ts_shortcode\"  style=\"\" href=\"javascript:sonaar_ts_shortcode({ trackid:'0', time:'00:17:00', ts_id:'6927d2bb1ea7e', play_icon:'' }) ;\">[00:17:00]<\/a> &#8211; Ingrid : Tu me donnes envie de visiter Cracovie, en fait, puisque tu dis que&#8230; Moi, Toulouse, je suis convaincue et j&#8217;adore. Et justement, pour moi, ce n&#8217;est pas un coup de c\u0153ur de 2023, parce que \u00e7a a \u00e9t\u00e9 un coup de c\u0153ur de 2021, je crois, j&#8217;\u00e9tais arriv\u00e9e. Mais je te comprends compl\u00e8tement. Et toute ville qui peut faire penser \u00e0 Toulouse, il faut que j&#8217;aille les visiter.<\/p>\n\n\n\n<p><a id=\"sonaar_ts-6927d2bb1ea83\" class=\"srmp3_sonaar_ts_shortcode\"  style=\"\" href=\"javascript:sonaar_ts_shortcode({ trackid:'0', time:'00:17:28', ts_id:'6927d2bb1ea83', play_icon:'' }) ;\">[00:17:28]<\/a> &#8211; Ania : Oui, vas-y, vas-y. T&#8217;es bienvenue absolument \u00e0 Cracovie.<\/p>\n\n\n\n<p><a id=\"sonaar_ts-6927d2bb1ea88\" class=\"srmp3_sonaar_ts_shortcode\"  style=\"\" href=\"javascript:sonaar_ts_shortcode({ trackid:'0', time:'00:17:31', ts_id:'6927d2bb1ea88', play_icon:'' }) ;\">[00:17:31]<\/a> &#8211; Ingrid : \u00c7a marche.<\/p>\n\n\n\n<p><a id=\"sonaar_ts-6927d2bb1ea8c\" class=\"srmp3_sonaar_ts_shortcode\"  style=\"\" href=\"javascript:sonaar_ts_shortcode({ trackid:'0', time:'00:17:31', ts_id:'6927d2bb1ea8c', play_icon:'' }) ;\">[00:17:31]<\/a> &#8211; Hugo : Cet \u00e9pisode n&#8217;est pas sponsoris\u00e9 par la ville de Toulouse. Ce sont des avis compl\u00e8tement impartiaux.<\/p>\n\n\n\n<p><a id=\"sonaar_ts-6927d2bb1ea91\" class=\"srmp3_sonaar_ts_shortcode\"  style=\"\" href=\"javascript:sonaar_ts_shortcode({ trackid:'0', time:'00:17:41', ts_id:'6927d2bb1ea91', play_icon:'' }) ;\">[00:17:41]<\/a> &#8211; Ingrid : Toi Hugo, est-ce que tu avais un coup de c\u0153ur d&#8217;un endroit aussi ? Parce que moi, oui. Donc on peut faire chacun notre endroit.<\/p>\n\n\n\n<p><a id=\"sonaar_ts-6927d2bb1ea95\" class=\"srmp3_sonaar_ts_shortcode\"  style=\"\" href=\"javascript:sonaar_ts_shortcode({ trackid:'0', time:'00:17:49', ts_id:'6927d2bb1ea95', play_icon:'' }) ;\">[00:17:49]<\/a> &#8211; Hugo : Moi aussi, j&#8217;en ai un et c&#8217;est aussi un coup de c\u0153ur tr\u00e8s r\u00e9cent parce que j&#8217;y suis all\u00e9 le week- end dernier. Donc Ch\u00e2teauroux, en fait, il faut savoir que \u00e7a se trouve dans ce qu&#8217;on appelle \u00abla diagonale du vide\u00bb en France. Donc si vous regardez la carte, il y a toute une partie de la France en diagonale o\u00f9 il ne se passe pas grand-chose. C&#8217;est beaucoup moins dens\u00e9ment peupl\u00e9. C&#8217;est plut\u00f4t la campagne. Il n&#8217;y a pas de tr\u00e8s, tr\u00e8s grandes villes. C&#8217;est la diagonale du vide et Ch\u00e2teauroux est au centre de cette diagonale du vide. Si on va un peu plus&#8230; Si on s&#8217;\u00e9loigne un peu \u00e0 100 kilom\u00e8tres, il y a la ville de Tours et il y a pas mal de ch\u00e2teaux, donc la rue r\u00e9gion de la Touraine qui est tr\u00e8s jolie. Ch\u00e2teauroux, c&#8217;est beaucoup moins connu, mais pas tr\u00e8s loin de Ch\u00e2teauroux, \u00e0 une trentaine de kilom\u00e8tres, il y a un petit coin qui s&#8217;appelle la Brenne, B-R-E-N-N-E. Et c&#8217;est un coin o\u00f9 il y a beaucoup d&#8217;\u00e9tangs, de lacs et d&#8217;\u00e9tangs et des chemins de randonn\u00e9e pour se balader. Et l&#8217;avantage, c&#8217;est que comme \u00e7a se trouve dans la diagonale du vide, il n&#8217;y a pas grand monde quand on y va. Moi, j&#8217;y suis all\u00e9 le week-end dernier avec ma copine et en trois heures, on a crois\u00e9 seulement un autre couple. Sinon, on n&#8217;a vu personne pendant trois heures. On a pu faire une balade d&#8217;une dizaine de kilom\u00e8tres. Et c&#8217;\u00e9tait tr\u00e8s joli, les \u00e9tangs sont tr\u00e8s beaux. On peut voir beaucoup d&#8217;oiseaux aussi. Donc c&#8217;est une bonne id\u00e9e d&#8217;amener une paire de jumelles pour pouvoir observer les oiseaux. Il y a plein de points, justement, d&#8217;observation. Si jamais vous vous retrouvez dans cette diagonale du vide, je vous conseille d&#8217;aller visiter la Brenne. C&#8217;est vraiment un petit coin tr\u00e8s sympa.<\/p>\n\n\n\n<p><a id=\"sonaar_ts-6927d2bb1ea9a\" class=\"srmp3_sonaar_ts_shortcode\"  style=\"\" href=\"javascript:sonaar_ts_shortcode({ trackid:'0', time:'00:19:31', ts_id:'6927d2bb1ea9a', play_icon:'' }) ;\">[00:19:31]<\/a> &#8211; Ania : Si tu nous invites \u00e0 Ch\u00e2teauroux, bien s\u00fbr.<\/p>\n\n\n\n<p><a id=\"sonaar_ts-6927d2bb1ea9f\" class=\"srmp3_sonaar_ts_shortcode\"  style=\"\" href=\"javascript:sonaar_ts_shortcode({ trackid:'0', time:'00:19:3', ts_id:'6927d2bb1ea9f', play_icon:'' }) ;\">[00:19:34]<\/a> &#8211; Ingrid : J&#8217;allais dire&#8230; Vous pourrez peut-\u00eatre croiser Hugo si vous y allez, parmi les trois promeneurs.<\/p>\n\n\n\n<p><a id=\"sonaar_ts-6927d2bb1eaa3\" class=\"srmp3_sonaar_ts_shortcode\"  style=\"\" href=\"javascript:sonaar_ts_shortcode({ trackid:'0', time:'00:19:41', ts_id:'6927d2bb1eaa3', play_icon:'' }) ;\">[00:19:41]<\/a> &#8211; Hugo : Exactement. Et toi, Ingrid, alors ?<\/p>\n\n\n\n<p><a id=\"sonaar_ts-6927d2bb1eaa8\" class=\"srmp3_sonaar_ts_shortcode\"  style=\"\" href=\"javascript:sonaar_ts_shortcode({ trackid:'0', time:'00:19:45', ts_id:'6927d2bb1eaa8', play_icon:'' }) ;\">[00:19:45]<\/a> &#8211; Ingrid : Alors moi, mon coup de c\u0153ur d&#8217;endroit, c&#8217;est un peu moins secret, c&#8217;est quand m\u00eame plus connu. Cette ann\u00e9e, cet \u00e9t\u00e9, je suis all\u00e9e \u00e0 Biscarrosse et sur le bassin d&#8217;Arcachon, c&#8217;est juste \u00e0 c\u00f4t\u00e9. Et j&#8217;\u00e9tais jamais all\u00e9e<\/p>\n\n\n\n<p><a id=\"sonaar_ts-6927d2bb1eaad\" class=\"srmp3_sonaar_ts_shortcode\"  style=\"\" href=\"javascript:sonaar_ts_shortcode({ trackid:'0', time:'00:20:05', ts_id:'6927d2bb1eaad', play_icon:'' }) ;\">[00:20:05]<\/a> &#8211; Hugo : Donc le bassin d&#8217;Arcachon, c&#8217;est vers Bordeaux.<\/p>\n\n\n\n<p><a id=\"sonaar_ts-6927d2bb1eab1\" class=\"srmp3_sonaar_ts_shortcode\"  style=\"\" href=\"javascript:sonaar_ts_shortcode({ trackid:'0', time:'00:20:07', ts_id:'6927d2bb1eab1', play_icon:'' }) ;\">[00:20:07]<\/a> &#8211; Ingrid : C&#8217;est en-dessous, ouais, de Bordeaux, pour situer. C&#8217;est un peu l\u00e0 o\u00f9 je pense que les Bordelais peuvent aller le plus facilement pour aller faire du surf ou pour aller prendre le soleil. C&#8217;est au bord de l&#8217;oc\u00e9an. C&#8217;est vrai que j&#8217;\u00e9tais jamais all\u00e9e ou alors, peut-\u00eatre, quand j&#8217;\u00e9tais enfant et je m&#8217;en souvenais plus. Et jusqu&#8217;ici, moi, j&#8217;ai toujours \u00e9t\u00e9 plus fan de la M\u00e9diterran\u00e9e, plus habitu\u00e9e \u00e0 aller en vacances au bord de la mer, l\u00e0 o\u00f9 c&#8217;est plus calme. C&#8217;est vraiment une autre ambiance. Et puis, le fait d&#8217;avoir voyag\u00e9, d&#8217;avoir habit\u00e9 au P\u00e9rou, j&#8217;ai commenc\u00e9 un peu \u00e0 m&#8217;int\u00e9resser aussi \u00e0 l&#8217;oc\u00e9an. Et donc, cette ann\u00e9e, j&#8217;ai visit\u00e9 cette r\u00e9gion et j&#8217;ai vraiment ador\u00e9. Donc, gros coup de c\u0153ur \u00e0 ne pas n\u00e9gliger parmi les zones o\u00f9 aller en France en \u00e9t\u00e9 pour avoir un peu d&#8217;eau, du soleil, etc. Tr\u00e8s, tr\u00e8s chouette comme endroit.<\/p>\n\n\n\n<p><a id=\"sonaar_ts-6927d2bb1eab5\" class=\"srmp3_sonaar_ts_shortcode\"  style=\"\" href=\"javascript:sonaar_ts_shortcode({ trackid:'0', time:'00:21:13', ts_id:'6927d2bb1eab5', play_icon:'' }) ;\">[00:21:13]<\/a> &#8211; Hugo : M\u00eame si on ne fait pas de surf ?<\/p>\n\n\n\n<p><a id=\"sonaar_ts-6927d2bb1eaba\" class=\"srmp3_sonaar_ts_shortcode\"  style=\"\" href=\"javascript:sonaar_ts_shortcode({ trackid:'0', time:'00:21:14', ts_id:'6927d2bb1eaba', play_icon:'' }) ;\">[00:21:14]<\/a> &#8211; Ingrid : M\u00eame si on ne fait pas de surf. Apr\u00e8s c&#8217;est l&#8217;oc\u00e9an, c&#8217;est toujours plus d\u00e9licat pour se baigner. Il faut faire attention \u00e0 la m\u00e9t\u00e9o, etc. Mais \u00e7a vaut carr\u00e9ment le coup et il y a largement de quoi faire en termes d&#8217;activit\u00e9 pour toute la famille et pour tous les profils.<\/p>\n\n\n\n<p><a id=\"sonaar_ts-6927d2bb1eabf\" class=\"srmp3_sonaar_ts_shortcode\"  style=\"\" href=\"javascript:sonaar_ts_shortcode({ trackid:'0', time:'00:21:33', ts_id:'6927d2bb1eabf', play_icon:'' }) ;\">[00:21:33]<\/a> &#8211; Ania : Il n&#8217;est pas trop froid \u00e0 l&#8217;oc\u00e9an l\u00e0- bas ? Parce qu&#8217;ici, \u00e0 Lisbonne, c&#8217;est vraiment&#8230; C&#8217;est beaucoup trop froid pour y nager.<\/p>\n\n\n\n<p><a id=\"sonaar_ts-6927d2bb1eac3\" class=\"srmp3_sonaar_ts_shortcode\"  style=\"\" href=\"javascript:sonaar_ts_shortcode({ trackid:'0', time:'00:21:41', ts_id:'6927d2bb1eac3', play_icon:'' }) ;\">[00:21:41]<\/a> &#8211; Ingrid : Ah ouais ? Non, moi, je trouvais que \u00e7a allait. Non, non, non. En tout cas cet \u00e9t\u00e9, je me suis baign\u00e9e sans aucun probl\u00e8me. C&#8217;\u00e9tait agr\u00e9able. Alors peut- \u00eatre que peut-\u00eatre un peu plus tard dans l&#8217;ann\u00e9e que pour la M\u00e9diterran\u00e9e et apr\u00e8s, \u00e7a commence. Il faut peut-\u00eatre viser pile pile les deux mois d&#8217;\u00e9t\u00e9, mais en tout cas, au moment o\u00f9 j&#8217;y suis all\u00e9e, c&#8217;\u00e9tait tr\u00e8s agr\u00e9able.<\/p>\n\n\n\n<p><a id=\"sonaar_ts-6927d2bb1eac8\" class=\"srmp3_sonaar_ts_shortcode\"  style=\"\" href=\"javascript:sonaar_ts_shortcode({ trackid:'0', time:'00:22:02', ts_id:'6927d2bb1eac8', play_icon:'' }) ;\">[00:22:02]<\/a> &#8211; Hugo : Justement, moi, je m&#8217;int\u00e9ressais un peu \u00e0 ce coin-l\u00e0 parce que quand on a d\u00e9cid\u00e9 de rentrer en France avec ma copine, on ne savait pas exactement dans quel coin on allait aller, mais on avait plut\u00f4t envie d&#8217;\u00eatre au bord de l&#8217;oc\u00e9an. Et justement, on regardait un peu cette r\u00e9gion entre Bordeaux et Biarritz, le Sud, toute la c\u00f4te des Landes, etc. Et c&#8217;est vrai qu&#8217;il y a des coins tr\u00e8s, tr\u00e8s sympas. Apr\u00e8s, ce que j&#8217;ai entendu dire, c&#8217;est que hors saison, c&#8217;est un peu mort. \u00abC&#8217;est un peu mort\u00bb, donc il se passe pas grand-chose, c&#8217;est vraiment des stations baln\u00e9aires. Donc, y vivre \u00e0 l&#8217;ann\u00e9e. Je ne sais pas si c&#8217;est forc\u00e9ment une bonne id\u00e9e, mais je pense qu&#8217;on va aller justement visiter tout ce coin-l\u00e0, nous, en d\u00e9but d&#8217;ann\u00e9e prochaine pour voir un peu comment \u00e7a se passe hors saison et s&#8217;il y a un peu d&#8217;activit\u00e9 ou pas.<\/p>\n\n\n\n<p><a id=\"sonaar_ts-6927d2bb1eacc\" class=\"srmp3_sonaar_ts_shortcode\"  style=\"\" href=\"javascript:sonaar_ts_shortcode({ trackid:'0', time:'00:22:51', ts_id:'6927d2bb1eacc', play_icon:'' }) ;\">[00:22:51]<\/a> &#8211; Ingrid : Moi aussi, j&#8217;y pense un petit peu dans mes options peut-\u00eatre pour d\u00e9m\u00e9nager plus tard, pour m&#8217;installer d\u00e9finitivement, mais en tout cas, avoir quelque chose \u00e0 moi en France. Tu me diras. Voir si je te suis.<\/p>\n\n\n\n<p><a id=\"sonaar_ts-6927d2bb1ead1\" class=\"srmp3_sonaar_ts_shortcode\"  style=\"\" href=\"javascript:sonaar_ts_shortcode({ trackid:'0', time:'00:23:04', ts_id:'6927d2bb1ead1', play_icon:'' }) ;\">[00:23:04]<\/a> &#8211; Hugo : Justement, je te recommande un podcast qui s&#8217;appelle Ciao Paris, que j&#8217;ai beaucoup \u00e9cout\u00e9 cette ann\u00e9e. C&#8217;est un podcast qui s&#8217;adresse aux Parisiens qui veulent quitter Paris et qui ne savent pas exactement o\u00f9 aller. Donc c&#8217;est pas mal parce que c&#8217;est des interviews avec des personnes qui ont franchi le pas, qui ont saut\u00e9 le pas, autrement dit, qui sont pass\u00e9es \u00e0 l&#8217;action et qui ont d\u00e9m\u00e9nag\u00e9 et qui racontent comment \u00e7a s&#8217;est pass\u00e9, comment est leur r\u00e9gion d&#8217;accueil, ce qu&#8217;ils aiment, ce qu&#8217;ils n&#8217;aiment pas. Et ce n&#8217;est pas mal parce que c&#8217;est vrai que quand on vient d&#8217;une tr\u00e8s grande ville et qu&#8217;on a envie de plus de nature ou d&#8217;\u00eatre plus proche de la campagne, parfois, on a tendance \u00e0 fantasmer un peu la vie qu&#8217;on va avoir et on ne se rend pas forc\u00e9ment compte de ce qui va nous manquer par rapport \u00e0 la grande ville. On a tendance \u00e0 avoir tous les inconv\u00e9nients de Paris, mais il y a aussi beaucoup de personnes qui adorent Paris et il y a plein de bonnes raisons de vivre \u00e0 Paris. Donc voil\u00e0, avec ce podcast, \u00e7a nous permet d&#8217;avoir des t\u00e9moignages et d&#8217;avoir des id\u00e9es peut-\u00eatre de coins o\u00f9 aller s&#8217;installer.<\/p>\n\n\n\n<p><a id=\"sonaar_ts-6927d2bb1ead5\" class=\"srmp3_sonaar_ts_shortcode\"  style=\"\" href=\"javascript:sonaar_ts_shortcode({ trackid:'0', time:'00:24:11', ts_id:'6927d2bb1ead5', play_icon:'' }) ;\">[00:24:11]<\/a> &#8211; Hugo : Et moi, c&#8217;est un des podcasts que j&#8217;ai le plus \u00e9cout\u00e9s cette ann\u00e9e et \u00e7a m&#8217;a donn\u00e9 envie, justement, d&#8217;aller voir du c\u00f4t\u00e9 des Landes ou un peu plus au Sud, du c\u00f4t\u00e9 des Pyr\u00e9n\u00e9es-Atlantiques avec Biarritz, etc. Donc voil\u00e0, je vous recommande ce podcast, m\u00eame si vous avez pas sp\u00e9cialement&#8230; m\u00eame si vous vivez pas en France, mais si vous cherchez peut-\u00eatre un coin o\u00f9 aller en vacances ou si vous avez envie d&#8217;\u00e9couter des t\u00e9moignages de personnes qui ont fait ce d\u00e9m\u00e9nagement, c&#8217;est assez int\u00e9ressant. \u00c7a s&#8217;appelle Ciao Paris. Et il y a un deuxi\u00e8me podcast parce que&#8230; Il y a un autre podcast exactement sur le m\u00eame th\u00e8me, parce que c&#8217;est un th\u00e8me tr\u00e8s populaire en ce moment, qui s&#8217;appelle Paris, je te quitte. L\u00e0, c&#8217;est des interviews un peu plus formelles, mais c&#8217;est pas mal non plus. Donc voil\u00e0, Ciao Paris ou Paris, je te quitte.<\/p>\n\n\n\n<p><a id=\"sonaar_ts-6927d2bb1eada\" class=\"srmp3_sonaar_ts_shortcode\"  style=\"\" href=\"javascript:sonaar_ts_shortcode({ trackid:'0', time:'00:24:58', ts_id:'6927d2bb1eada', play_icon:'' }) ;\">[00:24:58]<\/a> &#8211; Ingrid : Ok, cool. Je vais \u00e9couter. C&#8217;est vrai que \u00e7a&#8230; Pas encore, mais quand je me rapprocherai de la date fatidique de retour en France, j&#8217;\u00e9couterai ce podcast pour prendre un petit peu la temp\u00e9rature.<\/p>\n\n\n\n<p><a id=\"sonaar_ts-6927d2bb1eade\" class=\"srmp3_sonaar_ts_shortcode\"  style=\"\" href=\"javascript:sonaar_ts_shortcode({ trackid:'0', time:'00:25:10', ts_id:'6927d2bb1eade', play_icon:'' }) ;\">[00:25:10]<\/a> &#8211; Hugo : Et tu ne veux pas rentrer \u00e0 Toulouse ?<\/p>\n\n\n\n<p><a id=\"sonaar_ts-6927d2bb1eafc\" class=\"srmp3_sonaar_ts_shortcode\"  style=\"\" href=\"javascript:sonaar_ts_shortcode({ trackid:'0', time:'00:25:12', ts_id:'6927d2bb1eafc', play_icon:'' }) ;\">[00:25:12]<\/a> &#8211; Ingrid : Bah j&#8217;h\u00e9site. J&#8217;ai beaucoup aim\u00e9 Toulouse, j&#8217;adore, mais est-ce que peut- \u00eatre&#8230; \u00c7a d\u00e9pend des projets, \u00e7a d\u00e9pend de ce que je veux faire, de quel type de vie je vais avoir, mais si je veux quelque chose de plus tranquille, avec une maison, voil\u00e0, \u00e7a remet un peu en perspective les choses.<\/p>\n\n\n\n<p><a id=\"sonaar_ts-6927d2bb1eb01\" class=\"srmp3_sonaar_ts_shortcode\"  style=\"\" href=\"javascript:sonaar_ts_shortcode({ trackid:'0', time:'00:25:33', ts_id:'6927d2bb1eb01', play_icon:'' }) ;\">[00:25:33]<\/a> &#8211; Hugo : Peut-\u00eatre qu&#8217;on va tous se retrouver \u00e0 Toulouse d&#8217;ici quelques mois. Je ne sais pas, on verra.<\/p>\n\n\n\n<p><a id=\"sonaar_ts-6927d2bb1eb06\" class=\"srmp3_sonaar_ts_shortcode\"  style=\"\" href=\"javascript:sonaar_ts_shortcode({ trackid:'0', time:'00:25:45', ts_id:'6927d2bb1eb06', play_icon:'' }) ;\">[00:25:45]<\/a> &#8211; Hugo : Est-ce que vous avez d&#8217;autres coups de c\u0153ur, Ania ?<\/p>\n\n\n\n<p><a id=\"sonaar_ts-6927d2bb1eb0a\" class=\"srmp3_sonaar_ts_shortcode\"  style=\"\" href=\"javascript:sonaar_ts_shortcode({ trackid:'0', time:'00:25:49', ts_id:'6927d2bb1eb0a', play_icon:'' }) ;\">[00:25:49]<\/a> &#8211; Ania : Oui, je peux partager encore un autre coup de c\u0153ur, cette fois litt\u00e9raire. C&#8217;est un livre qui n&#8217;est pas tr\u00e8s r\u00e9cent, mais que je vous recommande chaudement et je vous recommande aussi cet auteur qui s&#8217;appelle David Foenkinos. C&#8217;est un auteur assez connu, tr\u00e8s r\u00e9compens\u00e9. Et cette ann\u00e9e, j&#8217;ai lu quelques-uns de ses livres parce que cette ann\u00e9e, c&#8217;est vraiment un auteur que j&#8217;ai commenc\u00e9 \u00e0 d\u00e9couvrir et j&#8217;aime beaucoup lire quand m\u00eame quelques livres d&#8217;un auteur pour avoir une meilleure image de ce qu&#8217;il \u00e9crit, une meilleure vision. Et donc le livre que je peux recommander, c&#8217;est le livre intitul\u00e9 <em>Je vais mieux<\/em>. Pour vous raconter juste tr\u00e8s vite l&#8217;histoire, c&#8217;est une histoire d&#8217;un homme qui a une vie assez r\u00e9ussie. Il a une femme, il a deux enfants, il a un tr\u00e8s bon poste parce qu&#8217;il est architecte, mais un jour, il se retrouve pli\u00e9 \u00e0 cause d&#8217;une douleur tr\u00e8s forte de dos. Et c&#8217;est une douleur qui va vraiment avoir une tr\u00e8s forte influence sur toute sa vie, sur tous les domaines de sa vie. Et petit \u00e0 petit, apr\u00e8s avoir consult\u00e9 plusieurs m\u00e9decins, il d\u00e9couvre que sa douleur, ce n&#8217;est pas une douleur physique, mais c&#8217;est plut\u00f4t caus\u00e9e par une douleur mentale. Et pour se d\u00e9barrasser de cette douleur, il doit faire quand m\u00eame un travail pour r\u00e9parer certaines choses dans sa vie. Je ne vais pas vous d\u00e9voiler trop. Je vous laisse d\u00e9couvrir vous-m\u00eames l&#8217;histoire. Mais voil\u00e0, il y a un travail qu&#8217;il doit faire pour se d\u00e9barrasser de cette douleur.<\/p>\n\n\n\n<p><a id=\"sonaar_ts-6927d2bb1eb0f\" class=\"srmp3_sonaar_ts_shortcode\"  style=\"\" href=\"javascript:sonaar_ts_shortcode({ trackid:'0', time:'00:27:36', ts_id:'6927d2bb1eb0f', play_icon:'' }) ;\">[00:27:36]<\/a> &#8211; Ania : Et ce que j&#8217;ai beaucoup aim\u00e9 dans ce livre, c&#8217;est surtout l&#8217;\u00e9criture de David Foenkinos, que je trouve vraiment remarquable. C&#8217;est tr\u00e8s bien \u00e9crit. Il d\u00e9crit cette crise, toute cette histoire avec beaucoup de bienveillance, mais aussi avec beaucoup d&#8217;humour. J&#8217;adore les dialogues, j&#8217;adore les r\u00e9pliques qui sont vraiment tr\u00e8s dr\u00f4les, m\u00eame comme je viens de dire, il y a des histoires qui ne sont pas tr\u00e8s sympas et quand m\u00eame que le h\u00e9ros principal traverse une grande crise, il y a beaucoup de probl\u00e8mes. Tout \u00e7a est d\u00e9crit avec beaucoup d&#8217;humour. J&#8217;ai trouv\u00e9 cette histoire vraiment int\u00e9ressante parce que moi aussi, de temps en temps, je souffre de mal de dos donc \u00e7a m&#8217;a pouss\u00e9e \u00e0 r\u00e9fl\u00e9chir un peu, peut-\u00eatre, il faut chercher un peu ailleurs d&#8217;o\u00f9 \u00e7a vient. Je rigole un peu, mais c&#8217;est souvent comme \u00e7a dans la vie, donc notre corps nous envoie des signes qui vont nous dire quelque chose, mais en fait, il s&#8217;agit de notre sant\u00e9 mentale. Donc voil\u00e0, c&#8217;est l\u00e0 o\u00f9 il faut vraiment chercher, il faut vraiment creuser. Donc voil\u00e0, l&#8217;histoire est int\u00e9ressante et le livre est absolument \u00e0 d\u00e9couvrir.<\/p>\n\n\n\n<p><a id=\"sonaar_ts-6927d2bb1eb17\" class=\"srmp3_sonaar_ts_shortcode\"  style=\"\" href=\"javascript:sonaar_ts_shortcode({ trackid:'0', time:'00:28:58', ts_id:'6927d2bb1eb17', play_icon:'' }) ;\">[00:28:58]<\/a> &#8211; Ingrid : \u00c7a donne envie.<\/p>\n\n\n\n<p><a id=\"sonaar_ts-6927d2bb1eb1c\" class=\"srmp3_sonaar_ts_shortcode\"  style=\"\" href=\"javascript:sonaar_ts_shortcode({ trackid:'0', time:'00:28:59', ts_id:'6927d2bb1eb1c', play_icon:'' }) ;\">[00:28:59]<\/a> &#8211; Hugo : Je l&#8217;ai lu il y a quelques ann\u00e9es et c&#8217;est vrai que je me souviens que \u00e7a m&#8217;avait fait beaucoup rire. Et c&#8217;est assez rare de lire un livre et de rire \u00e0 haute voix, mais \u00e7a m&#8217;\u00e9tait arriv\u00e9 quelques fois. Effectivement, c&#8217;est assez dr\u00f4le et c&#8217;est vrai qu&#8217;on a parfois ces douleurs, je crois qu&#8217;on dit psychosomatiques, ces douleurs qu&#8217;on s&#8217;inflige nous-m\u00eames, qu&#8217;on se cause nous-m\u00eames. Et ce n&#8217;est pas toujours facile de d\u00e9terminer l&#8217;origine du mal. Mais effectivement. Et il a un style aussi qui est assez accessible, je trouve. Donc si vous avez un niveau B2, je pense que vous n&#8217;aurez pas trop de mal \u00e0 comprendre. Il y a beaucoup de dialogues aussi, des descriptions qui sont pas trop longues et il n&#8217;y a pas des adjectifs trop exotiques.<\/p>\n\n\n\n<p><a id=\"sonaar_ts-6927d2bb1eb21\" class=\"srmp3_sonaar_ts_shortcode\"  style=\"\" href=\"javascript:sonaar_ts_shortcode({ trackid:'0', time:'00:29:52', ts_id:'6927d2bb1eb21', play_icon:'' }) ;\">[00:29:52]<\/a> &#8211; Ania : Oui, c&#8217;est \u00e7a. Pour moi, c&#8217;est un peu un livre de chevet qu&#8217;on peut lire juste avant d&#8217;aller dormir parce que \u00e7a demande pas \u00e9norm\u00e9ment de concentration donc voil\u00e0.<\/p>\n\n\n\n<p><a id=\"sonaar_ts-6927d2bb1eb2a\" class=\"srmp3_sonaar_ts_shortcode\"  style=\"\" href=\"javascript:sonaar_ts_shortcode({ trackid:'0', time:'00:30:02', ts_id:'6927d2bb1eb2a', play_icon:'' }) ;\">[00:30:02]<\/a> &#8211; Ingrid : C&#8217;est vrai, je ne l&#8217;ai pas lu, ce livre, mais j&#8217;ai d\u00e9j\u00e0 lu des livres de cet auteur et je trouve qu&#8217;il a un style vraiment int\u00e9ressant, \u00e0 la fois simple et po\u00e9tique. Ce n&#8217;est pas simple juste parce que ce n&#8217;est pas tr\u00e8s bien \u00e9crit comme certains livres qui peuvent \u00eatre divertissants, mais sans recherche litt\u00e9raire. L\u00e0, non, c&#8217;est bien \u00e9crit, mais simple. Parfait si vous ne sentez pas encore de lire des choses un peu compliqu\u00e9es. Et ouais, parce que je sais que beaucoup d&#8217;entre vous, en fait, parmi les auditeurs, il y a un petit peu de tout. Il y en a qui lisent tous les prix Goncourt, des trucs qui sont compliqu\u00e9s et tout. Et il y en a d&#8217;autres qui osent pas trop lire un roman complet. Donc \u00e7a, \u00e7a fait un bon compromis. Voil\u00e0. Et du coup, je veux bien encha\u00eener avec&#8230; J&#8217;ai h\u00e9sit\u00e9 entre plusieurs recommandations, entre des trucs tr\u00e8s politiques, soci\u00e9t\u00e9, livres de sociologue. Et puis, finalement, je me suis dit que vous aviez besoin parfois d&#8217;un peu de recommandations un peu plus l\u00e9g\u00e8res et avec des styles parl\u00e9s un peu diff\u00e9rents. Et moi, j&#8217;ai un coup de c\u0153ur d&#8217;une s\u00e9rie que j&#8217;ai vue cette ann\u00e9e, qui est sortie en 2023 sur Netflix.<\/p>\n\n\n\n<p><a id=\"sonaar_ts-6927d2bb1eb2e\" class=\"srmp3_sonaar_ts_shortcode\"  style=\"\" href=\"javascript:sonaar_ts_shortcode({ trackid:'0', time:'00:31:21', ts_id:'6927d2bb1eb2e', play_icon:'' }) ;\">[00:31:21]<\/a> &#8211; Ingrid : Et le nom, c&#8217;est <em>En place<\/em>. Alors, c&#8217;est une s\u00e9rie qui est tr\u00e8s, tr\u00e8s dr\u00f4le et o\u00f9 c&#8217;est c&#8217;est un humoriste qui est le personnage principal. Et c&#8217;est l&#8217;humoriste Jean-Pascal Zadi, si vous l&#8217;avez d\u00e9j\u00e0 crois\u00e9 dans des vid\u00e9os sur Internet ou dans des sketchs \u00e0 la t\u00e9l\u00e9vision. Et en fait, cet humoriste joue le r\u00f4le d&#8217;un mec qui se retrouve compl\u00e8tement par hasard candidat aux \u00e9lections pr\u00e9sidentielles. Et c&#8217;est un mec de banlieue, avec un vocabulaire de mec de cit\u00e9, un peu, on peut dire, un argot de gens qui ont grandi en banlieue parisienne. Et puis, il y a d&#8217;autres personnages tr\u00e8s caricaturaux, en fait. Il y a un personnage qui caricature un peu les partis f\u00e9ministes, \u00e9cologistes. Il y a un petit peu&#8230; C&#8217;est une caricature de la politique fran\u00e7aise et c&#8217;est une mini-s\u00e9rie. Il n&#8217;y a que quelques \u00e9pisodes. Et moi perso, j&#8217;ai trouv\u00e9 \u00e7a hilarant et j&#8217;ai regard\u00e9 avec mon copain qui commence \u00e0 comprendre le fran\u00e7ais, mais ce n&#8217;\u00e9tait pas encore 100 % bilingue. Et \u00e7a l&#8217;a beaucoup aussi fait rire, comme \u00e7a se moque de la France et tout. C&#8217;est ma petite recommandation culturelle pour changer un petit peu des trucs intellos. C&#8217;est vraiment tr\u00e8s dr\u00f4le.<\/p>\n\n\n\n<p><a id=\"sonaar_ts-6927d2bb1eb34\" class=\"srmp3_sonaar_ts_shortcode\"  style=\"\" href=\"javascript:sonaar_ts_shortcode({ trackid:'0', time:'00:32:59', ts_id:'6927d2bb1eb34', play_icon:'' }) ;\">[00:32:59]<\/a> &#8211; Hugo : J&#8217;avais commenc\u00e9 \u00e0 la regarder et j&#8217;avais trouv\u00e9 \u00e7a tr\u00e8s dr\u00f4le aussi et je ne sais pas pourquoi je n&#8217;ai pas continu\u00e9. Donc l\u00e0, tu me donnes envie, je vais reprendre l\u00e0 o\u00f9 je m&#8217;\u00e9tais arr\u00eat\u00e9 et je me souviens, il y a Beno\u00eet Poelvoorde, non, qui joue un politicien ?<\/p>\n\n\n\n<p><a id=\"sonaar_ts-6927d2bb1eb38\" class=\"srmp3_sonaar_ts_shortcode\"  style=\"\" href=\"javascript:sonaar_ts_shortcode({ trackid:'0', time:'00:33:13', ts_id:'6927d2bb1eb38', play_icon:'' }) ;\">[00:33:13]<\/a> &#8211; Ingrid : Oui, Beno\u00eet Poelvoorde. Il joue en joue le centriste, en gros. \u00c7a caricature un peu les Macronistes, on va dire.<\/p>\n\n\n\n<p><a id=\"sonaar_ts-6927d2bb1eb3d\" class=\"srmp3_sonaar_ts_shortcode\"  style=\"\" href=\"javascript:sonaar_ts_shortcode({ trackid:'0', time:'00:33:21', ts_id:'6927d2bb1eb3d', play_icon:'' }) ;\">[00:33:21]<\/a> &#8211; Hugo : Beno\u00eet Poelvoorde, tr\u00e8s grand acteur belge, excellent com\u00e9dien. Hilarant.<\/p>\n\n\n\n<p><a id=\"sonaar_ts-6927d2bb1eb46\" class=\"srmp3_sonaar_ts_shortcode\"  style=\"\" href=\"javascript:sonaar_ts_shortcode({ trackid:'0', time:'00:33:25', ts_id:'6927d2bb1eb46', play_icon:'' }) ;\">[00:33:25]<\/a> &#8211; Ingrid : Tr\u00e8s grand acteur. Et en fait, tous les acteurs qui jouent dedans, ils sont connus en France. C&#8217;est des com\u00e9diens humoristiques tr\u00e8s connus. Il y a aussi Eric Judor. Il y a Marina Fo\u00efs, c&#8217;est elle la f\u00e9ministe. Et il y a&#8230; Comment il s&#8217;appelle ? Je suis s\u00fbre que tu dois bien l&#8217;aimer, Hugo. Il est assez trash. Il y en a un qui caricature l&#8217;extr\u00eame droite et c&#8217;est un humoriste qui&#8230; Pierre-Emmanuel Barr\u00e9.<\/p>\n\n\n\n<p><a id=\"sonaar_ts-6927d2bb1eb4b\" class=\"srmp3_sonaar_ts_shortcode\"  style=\"\" href=\"javascript:sonaar_ts_shortcode({ trackid:'0', time:'00:34:03', ts_id:'6927d2bb1eb4b', play_icon:'' }) ;\">[00:34:03]<\/a> &#8211; Hugo : Mon p\u00e8re surtout est un tr\u00e8s, tr\u00e8s grand fan de Pierre-Emmanuel Barr\u00e9.<\/p>\n\n\n\n<p><a id=\"sonaar_ts-6927d2bb1eb4f\" class=\"srmp3_sonaar_ts_shortcode\"  style=\"\" href=\"javascript:sonaar_ts_shortcode({ trackid:'0', time:'00:34:08', ts_id:'6927d2bb1eb4f', play_icon:'' }) ;\">[00:34:08]<\/a> &#8211; Ingrid : \u00c7a m&#8217;\u00e9tonne pas, c&#8217;est le profil.<\/p>\n\n\n\n<p><a id=\"sonaar_ts-6927d2bb1eb54\" class=\"srmp3_sonaar_ts_shortcode\"  style=\"\" href=\"javascript:sonaar_ts_shortcode({ trackid:'0', time:'00:34:11', ts_id:'6927d2bb1eb54', play_icon:'' }) ;\">[00:34:11]<\/a> &#8211; Hugo : Un humoriste qui \u00e9tait sur France Inter et qui a fini par se faire virer, il me semble, de France Inter parce qu&#8217;il \u00e9tait un peu trop trash. Effectivement, il allait trop loin dans ses blagues.<\/p>\n\n\n\n<p><a id=\"sonaar_ts-6927d2bb1eb58\" class=\"srmp3_sonaar_ts_shortcode\"  style=\"\" href=\"javascript:sonaar_ts_shortcode({ trackid:'0', time:'00:34:23', ts_id:'6927d2bb1eb58', play_icon:'' }) ;\">[00:34:23]<\/a> &#8211; Ania : Alors, Hugo, est-ce que toi, tu as une s\u00e9rie \u00e0 nous recommander ?<\/p>\n\n\n\n<p><a id=\"sonaar_ts-6927d2bb1eb5d\" class=\"srmp3_sonaar_ts_shortcode\"  style=\"\" href=\"javascript:sonaar_ts_shortcode({ trackid:'0', time:'00:34:27', ts_id:'6927d2bb1eb5d', play_icon:'' }) ;\">[00:34:27]<\/a> &#8211; Hugo : Malheureusement, non. Je n&#8217;ai pas regard\u00e9 de s\u00e9rie fran\u00e7aise cette ann\u00e9e, mais ma m\u00e8re m&#8217;en a recommand\u00e9 une qui est disponible sur Arte. C&#8217;est pas mal parce que Arte, c&#8217;est une cha\u00eene de t\u00e9l\u00e9vision en France et en Allemagne. C&#8217;est une cha\u00eene franco-allemande. Elle est disponible maintenant dans d&#8217;autres pays europ\u00e9ens. Je sais qu&#8217;elle est arriv\u00e9e en Pologne il y a quelques ann\u00e9es. Ils ont toujours de tr\u00e8s bons programmes, de tr\u00e8s bons documentaires et de bonnes s\u00e9ries aussi. Pas toujours fran\u00e7aises, il y a aussi pas mal de s\u00e9ries scandinaves. Et dans les s\u00e9ries fran\u00e7aises, il y en a une que ma m\u00e8re m&#8217;a recommand\u00e9e, \u00e7a s&#8217;appelle Polar Park, il me semble. Et je sais qu&#8217;elle est disponible sur YouTube. Alors, pas dans tous les pays, mais dans les pays o\u00f9 Arte est disponible, il y a cette s\u00e9rie. Vous pouvez la regarder. \u00c7a se passe dans le village le plus froid de France et c&#8217;est l&#8217;histoire, il me semble, d&#8217;un auteur qui va \u00e9crire son livre l\u00e0-bas et il se retrouve \u00e0 mener une enqu\u00eate par rapport \u00e0 un crime ou plusieurs crimes qui ont \u00e9t\u00e9 commis dans ce village. Voil\u00e0, ce n&#8217;est pas tr\u00e8s pr\u00e9cis, mais apparemment, c&#8217;est assez dr\u00f4le. C&#8217;est de l&#8217;humour noir et voil\u00e0, c&#8217;est une s\u00e9rie qui m&#8217;a \u00e9t\u00e9 recommand\u00e9e. Donc je peux en parler. Mais moi, sinon, j&#8217;avais une recommandation litt\u00e9raire pour terminer. Un livre, un premier roman d&#8217;un auteur qui s&#8217;appelle Panayotis Pascot. Contrairement \u00e0 ce qu&#8217;on pourrait penser avec son&#8230;<\/p>\n\n\n\n<p><a id=\"sonaar_ts-6927d2bb1eb62\" class=\"srmp3_sonaar_ts_shortcode\"  style=\"\" href=\"javascript:sonaar_ts_shortcode({ trackid:'0', time:'00:35:55', ts_id:'6927d2bb1eb62', play_icon:'' }) ;\">[00:35:55]<\/a> &#8211; Ingrid : J&#8217;ai failli recommander son spectacle !<\/p>\n\n\n\n<p><a id=\"sonaar_ts-6927d2bb1eb6b\" class=\"srmp3_sonaar_ts_shortcode\"  style=\"\" href=\"javascript:sonaar_ts_shortcode({ trackid:'0', time:'00:35:57', ts_id:'6927d2bb1eb6b', play_icon:'' }) ;\">[00:35:57]<\/a> &#8211; Hugo : Ah ! Alors il a une trajectoire assez fulgurante parce qu&#8217;il a commenc\u00e9 \u00e0 faire des interviews \u00e0 l&#8217;\u00e2ge de 12 ou 13 ans, il me semble. En fait, il contactait des stars sur Facebook. C&#8217;\u00e9tait les d\u00e9buts de Facebook et les stars r\u00e9pondaient elles-m\u00eames \u00e0 leurs messages, certaines c\u00e9l\u00e9brit\u00e9s, des personnes qu&#8217;il appr\u00e9ciait et il leur disait \u00ab J&#8217;aimerais bien t&#8217;interviewer. Je peux venir \u00e0 Paris, est-ce que t&#8217;es disponible ? \u00bb Et parfois, certaines c\u00e9l\u00e9brit\u00e9s trouvaient \u00e7a amusant, donc elles acceptaient. Et c&#8217;est comme \u00e7a qu&#8217;il a commenc\u00e9 \u00e0 se faire conna\u00eetre. Apr\u00e8s, il a \u00e9t\u00e9 recrut\u00e9 chez Canal+, et je pense qu&#8217;il avait 15 ou 16 ans. Et l\u00e0 aussi, il faisait des interviews, des chroniques et tout \u00e7a. Donc quelqu&#8217;un de tr\u00e8s talentueux qui a vraiment commenc\u00e9 assez t\u00f4t. Et ensuite, il s&#8217;est lanc\u00e9 dans le stand- up avec le spectacle que tu voulais recommander, Ingrid. Je crois qu&#8217;il est sur Netflix. Je ne l&#8217;ai pas vu.<\/p>\n\n\n\n<p><a id=\"sonaar_ts-6927d2bb1eb70\" class=\"srmp3_sonaar_ts_shortcode\"  style=\"\" href=\"javascript:sonaar_ts_shortcode({ trackid:'0', time:'00:36:52', ts_id:'6927d2bb1eb70', play_icon:'' }) ;\">[00:36:52]<\/a> &#8211; Ingrid : Ouais, il est g\u00e9nial. Je m&#8217;attendais \u00e0 pas grand chose. Vu le profil, je me suis dit c&#8217;est un petit rigolo. Et le spectacle, vraiment, je te le conseille, il est g\u00e9nial.<\/p>\n\n\n\n<p><a id=\"sonaar_ts-6927d2bb1eb76\" class=\"srmp3_sonaar_ts_shortcode\"  style=\"\" href=\"javascript:sonaar_ts_shortcode({ trackid:'0', time:'00:37:02', ts_id:'6927d2bb1eb76', play_icon:'' }) ;\">[00:37:02]<\/a> &#8211; Hugo : Ok donc \u00e7a, si vous avez Netflix, je pense qu&#8217;il est disponible un peu partout. Quoique ce n&#8217;est pas s\u00fbr, parce qu&#8217;avec les droits, ce n&#8217;est pas toujours disponible dans tous les pays.<\/p>\n\n\n\n<p><a id=\"sonaar_ts-6927d2bb1eb7b\" class=\"srmp3_sonaar_ts_shortcode\"  style=\"\" href=\"javascript:sonaar_ts_shortcode({ trackid:'0', time:'00:37:12', ts_id:'6927d2bb1eb7b', play_icon:'' }) ;\">[00:37:12]<\/a> &#8211; Ingrid : En tout cas, il est disponible dans les pays d&#8217;Asie o\u00f9 je suis all\u00e9e. Je l&#8217;ai vu quand j&#8217;ai pr\u00e9par\u00e9 cet \u00e9pisode, donc peut-\u00eatre qu&#8217;il est quand m\u00eame assez international.<\/p>\n\n\n\n<p><a id=\"sonaar_ts-6927d2bb1eb80\" class=\"srmp3_sonaar_ts_shortcode\"  style=\"\" href=\"javascript:sonaar_ts_shortcode({ trackid:'0', time:'00:37:23', ts_id:'6927d2bb1eb80', play_icon:'' }) ;\">[00:37:23]<\/a> &#8211; Hugo : D&#8217;accord. Ingrid vous recommande son spectacle et moi, je vous recommande son premier roman.<\/p>\n\n\n\n<p><a id=\"sonaar_ts-6927d2bb1eb85\" class=\"srmp3_sonaar_ts_shortcode\"  style=\"\" href=\"javascript:sonaar_ts_shortcode({ trackid:'0', time:'00:37:28', ts_id:'6927d2bb1eb85', play_icon:'' }) ;\">[00:37:28]<\/a> &#8211; Ingrid : D\u00e9sol\u00e9e.<\/p>\n\n\n\n<p><a id=\"sonaar_ts-6927d2bb1eb8a\" class=\"srmp3_sonaar_ts_shortcode\"  style=\"\" href=\"javascript:sonaar_ts_shortcode({ trackid:'0', time:'00:37:29', ts_id:'6927d2bb1eb8a', play_icon:'' }) ;\">[00:37:29]<\/a> &#8211; Hugo : N&#8217;essaye pas de highjacker mes coups de c\u0153ur. Qui s&#8217;appelle La prochaine fois que tu mordras la poussi\u00e8re. C&#8217;est un roman autobiographique et dedans, il raconte comment il a d\u00e9couvert qu&#8217;il \u00e9tait homosexuel et aussi sa relation avec son p\u00e8re. Il a, comme beaucoup de gar\u00e7ons, je pense, une relation assez compliqu\u00e9e avec son p\u00e8re. Et donc il explique comment leur relation a \u00e9volu\u00e9. Et c&#8217;est un roman assez introspectif, mais dr\u00f4le, forc\u00e9ment, parce que c&#8217;est quelqu&#8217;un qui a fait du stand-up, donc il n&#8217;h\u00e9site pas \u00e0 se moquer de lui-m\u00eame. Ce n&#8217;est pas trop pr\u00e9tentieux. M\u00eame si parfois on voit qu&#8217;il a pas encore, je pense, trouv\u00e9 compl\u00e8tement son style. Donc il l&#8217;emprunte un peu \u00e0 certains auteurs. C&#8217;est assez facile de voir ses influences, notamment Emmanuel Carr\u00e8re, un autre auteur que j&#8217;aime beaucoup, que je vous recommande. Et voil\u00e0, \u00e7a se lit tr\u00e8s bien. Moi, je l&#8217;ai lu en deux nuits, je pense. On n&#8217;a pas envie de le reposer. Les pages se tournent toutes seules et ce n&#8217;est pas trop compliqu\u00e9. Je pense que si vous avez un bon niveau B2, voire C1, \u00e7a devrait \u00eatre assez accessible. Donc voil\u00e0, je r\u00e9p\u00e8te le titre : <em>La prochaine fois que tu mordras la poussi\u00e8re<\/em>. Et de toute fa\u00e7on, on mettra tous les liens dans la description de l&#8217;\u00e9pisode, comme d&#8217;habitude, si vous voulez retrouver nos coups de c\u0153ur.<\/p>\n\n\n\n<p><a id=\"sonaar_ts-6927d2bb1eb8f\" class=\"srmp3_sonaar_ts_shortcode\"  style=\"\" href=\"javascript:sonaar_ts_shortcode({ trackid:'0', time:'00:39:00', ts_id:'6927d2bb1eb8f', play_icon:'' }) ;\">[00:39:00]<\/a> &#8211; Ingrid : Trop bien. Je le note aussi, je vais le lire.<\/p>\n\n\n\n<p><a id=\"sonaar_ts-6927d2bb1eb99\" class=\"srmp3_sonaar_ts_shortcode\"  style=\"\" href=\"javascript:sonaar_ts_shortcode({ trackid:'0', time:'00:39:04', ts_id:'6927d2bb1eb99', play_icon:'' }) ;\">[00:39:04]<\/a> &#8211; Hugo : C&#8217;est un gros succ\u00e8s de librairie d&#8217;ailleurs, son roman, \u00e7a a tr\u00e8s bien fonctionn\u00e9.<\/p>\n\n\n\n<p><a id=\"sonaar_ts-6927d2bb1eb9f\" class=\"srmp3_sonaar_ts_shortcode\"  style=\"\" href=\"javascript:sonaar_ts_shortcode({ trackid:'0', time:'00:39:09', ts_id:'6927d2bb1eb9f', play_icon:'' }) ;\">[00:39:09]<\/a> &#8211; Ingrid : Oui, j&#8217;ai vu beaucoup d&#8217;interviews passer, etc.<\/p>\n\n\n\n<p><a id=\"sonaar_ts-6927d2bb1eba4\" class=\"srmp3_sonaar_ts_shortcode\"  style=\"\" href=\"javascript:sonaar_ts_shortcode({ trackid:'0', time:'00:39:13', ts_id:'6927d2bb1eba4', play_icon:'' }) ;\">[00:39:13]<\/a> &#8211; Hugo : On va s&#8217;arr\u00eater l\u00e0, je pense.<\/p>\n\n\n\n<p><a id=\"sonaar_ts-6927d2bb1ebaa\" class=\"srmp3_sonaar_ts_shortcode\"  style=\"\" href=\"javascript:sonaar_ts_shortcode({ trackid:'0', time:'0', ts_id:'6927d2bb1ebaa', play_icon:'' }) ;\">[00:39:16]<\/a> &#8211; Ingrid : Oui, on a beaucoup parl\u00e9.<\/p>\n\n\n\n<p><a id=\"sonaar_ts-6927d2bb1ebb0\" class=\"srmp3_sonaar_ts_shortcode\"  style=\"\" href=\"javascript:sonaar_ts_shortcode({ trackid:'0', time:'00:39:18', ts_id:'6927d2bb1ebb0', play_icon:'' }) ;\">[00:39:18]<\/a> &#8211; Hugo : On a beaucoup parl\u00e9.<\/p>\n\n\n\n<p><a id=\"sonaar_ts-6927d2bb1ebb4\" class=\"srmp3_sonaar_ts_shortcode\"  style=\"\" href=\"javascript:sonaar_ts_shortcode({ trackid:'0', time:'00:39:20', ts_id:'6927d2bb1ebb4', play_icon:'' }) ;\">[00:39:20]<\/a> &#8211; Ingrid : On a beaucoup aim\u00e9 faire cet \u00e9pisode.<\/p>\n\n\n\n<p><a id=\"sonaar_ts-6927d2bb1ebba\" class=\"srmp3_sonaar_ts_shortcode\"  style=\"\" href=\"javascript:sonaar_ts_shortcode({ trackid:'0', time:'00:39:22', ts_id:'6927d2bb1ebba', play_icon:'' }) ;\">[00:39:22]<\/a> &#8211; Hugo : On s&#8217;arr\u00eate l\u00e0. Merci \u00e0 toutes les deux et on a pass\u00e9 encore une bonne ann\u00e9e ensemble.<\/p>\n\n\n\n<p><a id=\"sonaar_ts-6927d2bb1ebbf\" class=\"srmp3_sonaar_ts_shortcode\"  style=\"\" href=\"javascript:sonaar_ts_shortcode({ trackid:'0', time:'00:39:30', ts_id:'6927d2bb1ebbf', play_icon:'' }) ;\">[00:39:30]<\/a> &#8211; Ania : Merci pour toutes vos recommandations.<\/p>\n\n\n\n<p><a id=\"sonaar_ts-6927d2bb1ebc4\" class=\"srmp3_sonaar_ts_shortcode\"  style=\"\" href=\"javascript:sonaar_ts_shortcode({ trackid:'0', time:'00:39:35', ts_id:'6927d2bb1ebc4', play_icon:'' }) ;\">[00:39:35]<\/a> &#8211; Ingrid : Merci \u00e0 vous.<\/p>\n\n\n\n<p><a id=\"sonaar_ts-6927d2bb1ebc9\" class=\"srmp3_sonaar_ts_shortcode\"  style=\"\" href=\"javascript:sonaar_ts_shortcode({ trackid:'0', time:'00:39:40', ts_id:'6927d2bb1ebc9', play_icon:'' }) ;\">[00:39:40]<\/a> &#8211; Hugo : On se retrouve l&#8217;ann\u00e9e prochaine. J&#8217;esp\u00e8re bien.<\/p>\n\n\n\n<p><a id=\"sonaar_ts-6927d2bb1ebce\" class=\"srmp3_sonaar_ts_shortcode\"  style=\"\" href=\"javascript:sonaar_ts_shortcode({ trackid:'0', time:'00:39:47', ts_id:'6927d2bb1ebce', play_icon:'' }) ;\">[00:39:47]<\/a> &#8211; Ingrid : \u00c0 l&#8217;ann\u00e9e prochaine. \u00c0 l&#8217;ann\u00e9e prochaine.<\/p>\n\n\n\n<p><a id=\"sonaar_ts-6927d2bb1ebd7\" class=\"srmp3_sonaar_ts_shortcode\"  style=\"\" href=\"javascript:sonaar_ts_shortcode({ trackid:'0', time:'00:39:50', ts_id:'6927d2bb1ebd7', play_icon:'' }) ;\">[00:39:50]<\/a> &#8211; Hugo : Bonne f\u00eate de fin d&#8217;ann\u00e9e \u00e0 toutes et \u00e0 tous. Bonne f\u00eate \u00e0 toutes les deux et \u00e0 l&#8217;ann\u00e9e prochaine.<\/p>\n\n\n\n<p><a id=\"sonaar_ts-6927d2bb1ebdc\" class=\"srmp3_sonaar_ts_shortcode\"  style=\"\" href=\"javascript:sonaar_ts_shortcode({ trackid:'0', time:'00:39:55', ts_id:'6927d2bb1ebdc', play_icon:'' }) ;\">[00:39:55]<\/a> &#8211; Ania : Merci.<\/p>\n\n\n\n<p><a id=\"sonaar_ts-6927d2bb1ebe2\" class=\"srmp3_sonaar_ts_shortcode\"  style=\"\" href=\"javascript:sonaar_ts_shortcode({ trackid:'0', time:'00:39:56', ts_id:'6927d2bb1ebe2', play_icon:'' }) ;\">[00:39:56]<\/a> &#8211; Ingrid : Joyeuses f\u00eates. \u00c0 l&#8217;ann\u00e9e prochaine. Bonne f\u00eate. Salut !<\/p>\n","protected":false},"excerpt":{"rendered":"<p>&#8211; Hugo : \u00c9pisode 134. Ciao 2023. &#8211; Hugo: Salut \u00e0 toutes et \u00e0 tous. Salut Ingrid, salut Ania. &#8211; Ania : Salut. &#8211; Ingrid : Salut Hugo. Comment \u00e7a va ? &#8211; Hugo : \u00c7a va, \u00e7a va et vous ? &#8211; Ania : \u00c7a va tr\u00e8s bien, merci. &#8211; Ingrid : \u00c7a va&#8230;.<\/p>\n","protected":false},"author":17473,"featured_media":289688,"comment_status":"open","ping_status":"open","sticky":false,"template":"","format":[194],"meta":{"_acf_changed":false,"_kad_blocks_custom_css":"","_kad_blocks_head_custom_js":"","_kad_blocks_body_custom_js":"","_kad_blocks_footer_custom_js":"","_kad_post_transparent":"","_kad_post_title":"","_kad_post_layout":"","_kad_post_sidebar_id":"","_kad_post_content_style":"","_kad_post_vertical_padding":"","_kad_post_feature":"","_kad_post_feature_position":"","_kad_post_header":false,"_kad_post_footer":false,"_kad_post_classname":"","footnotes":""},"categories":[168],"tags":[177],"class_list":["post-289577","post","type-post","status-publish","format-standard","has-post-thumbnail","hentry","category-podcast","tag-culture","format-equipe"],"acf":[],"taxonomy_info":{"category":[{"value":168,"label":"Podcast"}],"post_tag":[{"value":177,"label":"Culture"}],"format":[{"value":194,"label":"\u00c9quipe"}]},"featured_image_src_large":["https:\/\/innerfrench.com\/wp-content\/uploads\/2023\/12\/E134-Ciao-2023-750x406.jpg",750,406,true],"author_info":{"display_name":"Hugo &amp; Ingrid","author_link":"https:\/\/innerfrench.com\/author\/hugo_ingrid\/"},"comment_info":7,"category_info":[{"term_id":168,"name":"Podcast","slug":"podcast","term_group":0,"term_taxonomy_id":168,"taxonomy":"category","description":"","parent":0,"count":185,"filter":"raw","cat_ID":168,"category_count":185,"category_description":"","cat_name":"Podcast","category_nicename":"podcast","category_parent":0}],"tag_info":[{"term_id":177,"name":"Culture","slug":"culture","term_group":0,"term_taxonomy_id":177,"taxonomy":"post_tag","description":"","parent":0,"count":44,"filter":"raw"}],"_links":{"self":[{"href":"https:\/\/innerfrench.com\/wp-json\/wp\/v2\/posts\/289577","targetHints":{"allow":["GET"]}}],"collection":[{"href":"https:\/\/innerfrench.com\/wp-json\/wp\/v2\/posts"}],"about":[{"href":"https:\/\/innerfrench.com\/wp-json\/wp\/v2\/types\/post"}],"author":[{"embeddable":true,"href":"https:\/\/innerfrench.com\/wp-json\/wp\/v2\/users\/17473"}],"replies":[{"embeddable":true,"href":"https:\/\/innerfrench.com\/wp-json\/wp\/v2\/comments?post=289577"}],"version-history":[{"count":3,"href":"https:\/\/innerfrench.com\/wp-json\/wp\/v2\/posts\/289577\/revisions"}],"predecessor-version":[{"id":293372,"href":"https:\/\/innerfrench.com\/wp-json\/wp\/v2\/posts\/289577\/revisions\/293372"}],"wp:featuredmedia":[{"embeddable":true,"href":"https:\/\/innerfrench.com\/wp-json\/wp\/v2\/media\/289688"}],"wp:attachment":[{"href":"https:\/\/innerfrench.com\/wp-json\/wp\/v2\/media?parent=289577"}],"wp:term":[{"taxonomy":"category","embeddable":true,"href":"https:\/\/innerfrench.com\/wp-json\/wp\/v2\/categories?post=289577"},{"taxonomy":"post_tag","embeddable":true,"href":"https:\/\/innerfrench.com\/wp-json\/wp\/v2\/tags?post=289577"},{"taxonomy":"format","embeddable":true,"href":"https:\/\/innerfrench.com\/wp-json\/wp\/v2\/format?post=289577"}],"curies":[{"name":"wp","href":"https:\/\/api.w.org\/{rel}","templated":true}]}}