{"id":289578,"date":"2024-01-03T14:09:38","date_gmt":"2024-01-03T13:09:38","guid":{"rendered":"https:\/\/innerfrench.com\/?p=204237"},"modified":"2025-09-26T10:28:03","modified_gmt":"2025-09-26T08:28:03","slug":"135-2024-le-grand-retour-du-train","status":"publish","type":"post","link":"https:\/\/innerfrench.com\/135-2024-le-grand-retour-du-train\/","title":{"rendered":"#135 2024, le grand retour du train ?"},"content":{"rendered":"\n<p><a id=\"sonaar_ts-6927cf7d47834\" class=\"srmp3_sonaar_ts_shortcode\"  style=\"\" href=\"javascript:sonaar_ts_shortcode({ trackid:'0', time:'00:00:04', ts_id:'6927cf7d47834', play_icon:'' }) ;\">[00:00:04]<\/a> &#8211; Hugo<br>\u00c9pisode 135. 2024, le grand retour du train ?<\/p>\n\n\n\n<p><a id=\"sonaar_ts-6927cf7d47843\" class=\"srmp3_sonaar_ts_shortcode\"  style=\"\" href=\"javascript:sonaar_ts_shortcode({ trackid:'0', time:'00:00:13', ts_id:'6927cf7d47843', play_icon:'' }) ;\">[00:00:13]<\/a> &#8211; Hugo<br>Salut \u00e0 toutes et \u00e0 tous. Salut Ingrid.<\/p>\n\n\n\n<p><a id=\"sonaar_ts-6927cf7d4784b\" class=\"srmp3_sonaar_ts_shortcode\"  style=\"\" href=\"javascript:sonaar_ts_shortcode({ trackid:'0', time:'00:00:15', ts_id:'6927cf7d4784b', play_icon:'' }) ;\">[00:00:15]<\/a> &#8211; Ingrid<br>Salut Hugo, comment tu vas ?<\/p>\n\n\n\n<p><a id=\"sonaar_ts-6927cf7d47851\" class=\"srmp3_sonaar_ts_shortcode\"  style=\"\" href=\"javascript:sonaar_ts_shortcode({ trackid:'0', time:'00:00:17', ts_id:'6927cf7d47851', play_icon:'' }) ;\">[00:00:17]<\/a> &#8211; Hugo<br>\u00c7a va. Je te souhaite un joyeux No\u00ebl d&#8217;abord, vu que No\u00ebl vient de se terminer. J&#8217;esp\u00e8re que tu l&#8217;as c\u00e9l\u00e9br\u00e9 quand m\u00eame en Inde.<\/p>\n\n\n\n<p><a id=\"sonaar_ts-6927cf7d47857\" class=\"srmp3_sonaar_ts_shortcode\"  style=\"\" href=\"javascript:sonaar_ts_shortcode({ trackid:'0', time:'00:00:27', ts_id:'6927cf7d47857', play_icon:'' }) ;\">[00:00:27]<\/a> &#8211; Ingrid<br>Oui, bien s\u00fbr. Joyeux No\u00ebl \u00e0 toi aussi. C&#8217;est vrai qu&#8217;au moment o\u00f9 on enregistre l&#8217;\u00e9pisode, on est pile entre No\u00ebl et le jour de l&#8217;an. Donc voil\u00e0, on vous souhaite \u00e0 tous aussi un joyeux No\u00ebl, des belles f\u00eates, etc. Normalement, vous, vous devriez nous \u00e9couter un petit peu apr\u00e8s&#8230;<\/p>\n\n\n\n<p><a id=\"sonaar_ts-6927cf7d4785c\" class=\"srmp3_sonaar_ts_shortcode\"  style=\"\" href=\"javascript:sonaar_ts_shortcode({ trackid:'0', time:'00:00:47', ts_id:'6927cf7d4785c', play_icon:'' }) ;\">[00:00:47]<\/a> &#8211; Hugo<br>Le 3 janvier.<\/p>\n\n\n\n<p><a id=\"sonaar_ts-6927cf7d47861\" class=\"srmp3_sonaar_ts_shortcode\"  style=\"\" href=\"javascript:sonaar_ts_shortcode({ trackid:'0', time:'00:00:47', ts_id:'6927cf7d47861', play_icon:'' }) ;\">[00:00:47]<\/a> &#8211; Ingrid<br>C&#8217;est \u00e7a, voil\u00e0. Donc ne vous inqui\u00e9tez pas si nous, on ne se dit que joyeux No\u00ebl, c&#8217;est parce qu&#8217;on enregistre forc\u00e9ment un petit peu avant.<\/p>\n\n\n\n<p><a id=\"sonaar_ts-6927cf7d47867\" class=\"srmp3_sonaar_ts_shortcode\"  style=\"\" href=\"javascript:sonaar_ts_shortcode({ trackid:'0', time:'00:00:56', ts_id:'6927cf7d47867', play_icon:'' }) ;\"> [00:00:56]<\/a> &#8211; Hugo<br>Mais vous, on vous souhaite une bonne ann\u00e9e, par contre.<br><br><a id=\"sonaar_ts-6927cf7d4786c\" class=\"srmp3_sonaar_ts_shortcode\"  style=\"\" href=\"javascript:sonaar_ts_shortcode({ trackid:'0', time:'00:00:59', ts_id:'6927cf7d4786c', play_icon:'' }) ;\">[00:00:59]<\/a> &#8211; Ingrid<br>Et oui, une bonne ann\u00e9e. Voil\u00e0. Et pour r\u00e9pondre \u00e0 ta question, oui, j&#8217;ai f\u00eat\u00e9 No\u00ebl, m\u00eame si c&#8217;est vrai que l\u00e0 o\u00f9 je suis, donc en Inde et dans l&#8217;\u00e9tat du Rajasthan, No\u00ebl, ce n&#8217;est pas une grosse f\u00eate donc il n&#8217;y avait pas du tout d&#8217;ambiance de No\u00ebl dans la rue. Mais du coup, j&#8217;ai fait quelque chose d&#8217;un peu original et j&#8217;ai pass\u00e9 le 24 au soir dans le d\u00e9sert, dans le d\u00e9sert du Thar plus exactement. Et voil\u00e0, c&#8217;\u00e9tait original, c&#8217;\u00e9tait sympa. J&#8217;ai dormi \u00e0 la belle \u00e9toile et je suis rentr\u00e9e le 25 au matin.<\/p>\n\n\n\n<p><a id=\"sonaar_ts-6927cf7d47872\" class=\"srmp3_sonaar_ts_shortcode\"  style=\"\" href=\"javascript:sonaar_ts_shortcode({ trackid:'0', time:'00:01:38', ts_id:'6927cf7d47872', play_icon:'' }) ;\">[00:01:38]<\/a> &#8211; Hugo<br>Qu&#8217;est-ce que \u00e7a veut dire dormir \u00e0 la belle \u00e9toile ?<\/p>\n\n\n\n<p><a id=\"sonaar_ts-6927cf7d47877\" class=\"srmp3_sonaar_ts_shortcode\"  style=\"\" href=\"javascript:sonaar_ts_shortcode({ trackid:'0', time:'00:01:41', ts_id:'6927cf7d47877', play_icon:'' }) ;\">[00:01:41]<\/a> &#8211; Ingrid<br>Dormir \u00e0 la belle \u00e9toile, c&#8217;est tout simplement dormir dehors avec rien au-dessus de sa t\u00eate, donc pas dans une tente, pas dans une cabane, mais tout simplement un lit par terre dehors et quand on ouvre les yeux, on voit directement les \u00e9toiles. Donc c&#8217;est, j&#8217;avoue, quelque chose qui \u00e9tait assez sympa et j&#8217;avais l&#8217;impression un petit peu d&#8217;\u00eatre comme les Rois mages \u00e0 Bethl\u00e9em. Donc voil\u00e0, je m&#8217;imaginais un petit peu que c&#8217;\u00e9tait un truc de No\u00ebl.<\/p>\n\n\n\n<p><a id=\"sonaar_ts-6927cf7d47889\" class=\"srmp3_sonaar_ts_shortcode\"  style=\"\" href=\"javascript:sonaar_ts_shortcode({ trackid:'0', time:'00:02:12', ts_id:'6927cf7d47889', play_icon:'' }) ;\">[00:02:12]<\/a> &#8211; Hugo<br>Donc c&#8217;\u00e9tait quand m\u00eame un peu dans l&#8217;esprit de No\u00ebl, malgr\u00e9 tout.<\/p>\n\n\n\n<p><a id=\"sonaar_ts-6927cf7d4788f\" class=\"srmp3_sonaar_ts_shortcode\"  style=\"\" href=\"javascript:sonaar_ts_shortcode({ trackid:'0', time:'00:02:16', ts_id:'6927cf7d4788f', play_icon:'' }) ;\">[00:02:16]<\/a> &#8211; Ingrid<br>Un petit peu. En tout cas, moi, c&#8217;est ce que je me suis invent\u00e9, on va dire, pour consid\u00e9rer \u00e7a comme \u00e9tant une f\u00eate de No\u00ebl. Et toi ? Est-ce que tu as pass\u00e9 un No\u00ebl un peu plus classique ? Comment \u00e7a s&#8217;est pass\u00e9 pour toi ?<\/p>\n\n\n\n<p><a id=\"sonaar_ts-6927cf7d47894\" class=\"srmp3_sonaar_ts_shortcode\"  style=\"\" href=\"javascript:sonaar_ts_shortcode({ trackid:'0', time:'00:02:30', ts_id:'6927cf7d47894', play_icon:'' }) ;\">[00:02:30]<\/a> &#8211; Hugo<br>Alors oui, moi, c&#8217;\u00e9tait beaucoup moins original. Je l&#8217;ai f\u00eat\u00e9 tranquillement en famille \u00e0 Ch\u00e2teauroux, mais c&#8217;\u00e9tait tr\u00e8s sympa parce que pour une fois, personne n&#8217;\u00e9tait malade \u00e0 part moi. J&#8217;ai un petit rhume d&#8217;ailleurs, vous l&#8217;entendez peut-\u00eatre \u00e0 ma voix, mais tout s&#8217;est tr\u00e8s bien pass\u00e9. C&#8217;\u00e9tait un peu moins stressant que les autres ann\u00e9es quand je devais rentrer de Pologne pour venir f\u00eater No\u00ebl en famille parce qu&#8217;\u00e0 chaque fois, c&#8217;\u00e9tait un peu la course. Je n&#8217;avais pas beaucoup de temps et c&#8217;\u00e9tait un peu plus difficile d&#8217;en profiter, alors que l\u00e0, c&#8217;\u00e9tait plus calme, c&#8217;\u00e9tait plus tranquille. On a f\u00eat\u00e9 No\u00ebl chez moi d&#8217;ailleurs, dans la petite maison que je loue et c&#8217;\u00e9tait tr\u00e8s sympa.<\/p>\n\n\n\n<p><a id=\"sonaar_ts-6927cf7d47899\" class=\"srmp3_sonaar_ts_shortcode\"  style=\"\" href=\"javascript:sonaar_ts_shortcode({ trackid:'0', time:'00:03:12', ts_id:'6927cf7d47899', play_icon:'' }) ;\">[00:03:12]<\/a> &#8211; Ingrid<br>\u00c7a y est, c&#8217;est la vie d&#8217;adulte ? C&#8217;est toi qui organise pour toute la famille ?<\/p>\n\n\n\n<p><a id=\"sonaar_ts-6927cf7d4789f\" class=\"srmp3_sonaar_ts_shortcode\"  style=\"\" href=\"javascript:sonaar_ts_shortcode({ trackid:'0', time:'00:03:17', ts_id:'6927cf7d4789f', play_icon:'' }) ;\">[00:03:17]<\/a> &#8211; Hugo<br>Exactement. Pour \u00eatre honn\u00eate, c&#8217;est une collaboration avec ma maman. Ce n&#8217;est pas moi qui ai tout cuisin\u00e9. Ma m\u00e8re et ma grand-m\u00e8re ont quand m\u00eame amen\u00e9 pas mal de choses, notamment parce que moi, \u00e9videmment, je n&#8217;aurais pas pu pas cuisiner de viande ni de poisson. Je n&#8217;ai pas encore r\u00e9ussi \u00e0 convaincre ma famille de faire un No\u00ebl v\u00e9gan. Je pense qu&#8217;il me faudra encore quelques si\u00e8cles pour que \u00e7a arrive. Mais c&#8217;\u00e9tait quand m\u00eame&#8230; On a pass\u00e9 un bon moment tous ensemble en famille et c&#8217;\u00e9tait le plus important. Et d&#8217;ailleurs, petite transition, mais une des choses qui \u00e9taient souvent assez stressantes quand je rentrais en France pour No\u00ebl, c&#8217;\u00e9tait le train.<\/p>\n\n\n\n<p><a id=\"sonaar_ts-6927cf7d478a4\" class=\"srmp3_sonaar_ts_shortcode\"  style=\"\" href=\"javascript:sonaar_ts_shortcode({ trackid:'0', time:'00:03:57', ts_id:'6927cf7d478a4', play_icon:'' }) ;\">[00:03:57]<\/a> &#8211; Ingrid<br>La belle transition.<\/p>\n\n\n\n<p><a id=\"sonaar_ts-6927cf7d478a9\" class=\"srmp3_sonaar_ts_shortcode\"  style=\"\" href=\"javascript:sonaar_ts_shortcode({ trackid:'0', time:'00:03:59', ts_id:'6927cf7d478a9', play_icon:'' }) ;\">[00:03:59]<\/a> &#8211; Hugo<br>Oui, parce qu&#8217;en g\u00e9n\u00e9ral, les f\u00eates de fin d&#8217;ann\u00e9e, c&#8217;est la p\u00e9riode privil\u00e9gi\u00e9e que les employ\u00e9s de la SNCF choisissent pour organiser des gr\u00e8ves. Il y a souvent des trains qui sont annul\u00e9s. \u00c7a leur permet de n\u00e9gocier avec la direction pour obtenir des augmentations de salaires et des choses comme \u00e7a. Ce qui fait que, voil\u00e0, les f\u00eates de fin d&#8217;ann\u00e9e, c&#8217;est parfois un peu stressant quand on doit prendre le train, parce qu&#8217;on ne sait pas si \u00e7a va \u00eatre possible, si notre train va \u00eatre annul\u00e9 ou pas \u00e0 cause d&#8217;une gr\u00e8ve. \u00c7a m&#8217;est d\u00e9j\u00e0 arriv\u00e9 quelques fois et j&#8217;\u00e9tais assez en col\u00e8re contre la SNCF, mais dans cet \u00e9pisode, on va essayer d&#8217;\u00eatre objectifs, parce qu&#8217;on a plut\u00f4t de bonnes nouvelles, \u00e0 priori, en ce qui concerne le train.<br><br><a id=\"sonaar_ts-6927cf7d478ae\" class=\"srmp3_sonaar_ts_shortcode\"  style=\"\" href=\"javascript:sonaar_ts_shortcode({ trackid:'0', time:'00:04:48', ts_id:'6927cf7d478ae', play_icon:'' }) ;\">[00:04:48]<\/a> &#8211; Ingrid<br>Ouais, carr\u00e9ment. Donc on va parler du train en 2024 avec une projection de comment \u00e7a pourrait se passer, quelles sont les bonnes nouvelles et pourquoi le train est probablement le mode de transport de l&#8217;ann\u00e9e 2024.<\/p>\n\n\n\n<p><a id=\"sonaar_ts-6927cf7d478b3\" class=\"srmp3_sonaar_ts_shortcode\"  style=\"\" href=\"javascript:sonaar_ts_shortcode({ trackid:'0', time:'00:05:13', ts_id:'6927cf7d478b3', play_icon:'' }) ;\">[00:05:13]<\/a> &#8211; Hugo<br>C&#8217;est parti. Alors j&#8217;ai d\u00e9j\u00e0 \u00e9voqu\u00e9 la SNCF. La SNCF, c&#8217;est la Soci\u00e9t\u00e9 Nationale des Chemins de Fer fran\u00e7ais. Le chemin de fer, c&#8217;est tout simplement les rails sur lesquels les trains circulent. \u00ab Chemins de fer \u00bb, on n&#8217;utilise plus trop cette expression aujourd&#8217;hui. C&#8217;\u00e9tait davantage au XIX\u1d49 si\u00e8cle. Maintenant, on dit plut\u00f4t les rails en g\u00e9n\u00e9ral. Et la SNCF, c&#8217;est une entreprise publique. Autrement dit, elle est poss\u00e9d\u00e9e par l&#8217;\u00c9tat fran\u00e7ais. Et jusqu&#8217;\u00e0 2020, c&#8217;\u00e9tait un monopole. Donc en France, il y avait uniquement des trains de la SNCF qui avaient le droit de circuler. Mais depuis 2020, il y a eu ce qu&#8217;on appelle une ouverture \u00e0 la concurrence, donc en th\u00e9orie, d&#8217;autres entreprises ferroviaires, des entreprises de trains peuvent faire circuler leurs trains en France et vendre des billets. Alors, dans les faits, c&#8217;est encore peu pr\u00e9sent aujourd&#8217;hui en France. Il y a deux entreprises, il me semble, qui le font. C&#8217;est l&#8217;entreprise italienne, REN ITALIA, qui a une connexion qui va de Paris \u00e0 Lyon et jusqu&#8217;\u00e0 Milan. Et il me semble qu&#8217;il y a aussi quelques trains espagnols qui circulent. C&#8217;est la Renfe, il me semble, l&#8217;entreprise espagnole ?<\/p>\n\n\n\n<p><a id=\"sonaar_ts-6927cf7d478c1\" class=\"srmp3_sonaar_ts_shortcode\"  style=\"\" href=\"javascript:sonaar_ts_shortcode({ trackid:'0', time:'00:06:27', ts_id:'6927cf7d478c1', play_icon:'' }) ;\">[00:06:27]<\/a> &#8211; Ingrid<br>Ouais, la Renfe, ouais.<\/p>\n\n\n\n<p><a id=\"sonaar_ts-6927cf7d478c7\" class=\"srmp3_sonaar_ts_shortcode\"  style=\"\" href=\"javascript:sonaar_ts_shortcode({ trackid:'0', time:'00:06:27', ts_id:'6927cf7d478c7', play_icon:'' }) ;\">[00:06:27]<\/a> &#8211; Hugo<br>La Renfe. Donc voil\u00e0, mais c&#8217;est encore assez marginal et pour le moment, la SNCF a quasiment un monopole sur le territoire fran\u00e7ais.<\/p>\n\n\n\n<p><a id=\"sonaar_ts-6927cf7d478cd\" class=\"srmp3_sonaar_ts_shortcode\"  style=\"\" href=\"javascript:sonaar_ts_shortcode({ trackid:'0', time:'00:06:38', ts_id:'6927cf7d478cd', play_icon:'' }) ;\">[00:06:38]<\/a> &#8211; Ingrid<br>Oui, c&#8217;est vrai. Je n&#8217;ai jamais vu de train, moi, perso, qui n&#8217;\u00e9tait pas en partie, en tout cas, g\u00e9r\u00e9 par la SNCF.<\/p>\n\n\n\n<p><a id=\"sonaar_ts-6927cf7d478d2\" class=\"srmp3_sonaar_ts_shortcode\"  style=\"\" href=\"javascript:sonaar_ts_shortcode({ trackid:'0', time:'00:06:45', ts_id:'6927cf7d478d2', play_icon:'' }) ;\">[00:06:45]<\/a> &#8211; Hugo<br>Apparemment, les trains de la Ren Italia, ils sont tr\u00e8s visibles parce qu&#8217;ils sont de couleur rouge, donc on ne les rate pas. Et tu peux les voir si tu vas \u00e0 Gare de Lyon, \u00e0 Paris, parce qu&#8217;il y a cette connexion. Il y a cinq trains par jour, il me semble, pour aller de Paris \u00e0 Lyon jusqu&#8217;\u00e0 Milan. Donc \u00e7a arrive petit \u00e0 petit, mais forc\u00e9ment, la SNCF d\u00e9fend son territoire, donc ce n&#8217;est pas toujours simple pour les compagnies \u00e9trang\u00e8res de s&#8217;imposer sur le territoire fran\u00e7ais. \u00c7a, c&#8217;est pour la SNCF et les employ\u00e9s de la SNCF s&#8217;appellent les&#8230;<\/p>\n\n\n\n<p><a id=\"sonaar_ts-6927cf7d478d6\" class=\"srmp3_sonaar_ts_shortcode\"  style=\"\" href=\"javascript:sonaar_ts_shortcode({ trackid:'0', time:'00:07:17', ts_id:'6927cf7d478d6', play_icon:'' }) ;\">[00:07:17]<\/a> &#8211; Ingrid<br>Les cheminots. C&#8217;est \u00e7a ?<\/p>\n\n\n\n<p><a id=\"sonaar_ts-6927cf7d478db\" class=\"srmp3_sonaar_ts_shortcode\"  style=\"\" href=\"javascript:sonaar_ts_shortcode({ trackid:'0', time:'00:07:19', ts_id:'6927cf7d478db', play_icon:'' }) ;\">[00:07:19]<\/a> &#8211; Hugo<br>Ouais, les cheminots, exactement. Ce n&#8217;est pas seulement pour la SNCF. Je pense qu&#8217;on peut utiliser aussi cette expression pour les personnes qui travaillent dans les trains dans les autres pays \u00e0 l&#8217;\u00e9tranger, mais voil\u00e0, un cheminot, c&#8217;est quelqu&#8217;un qui travaille dans le train. Donc \u00e7a peut \u00eatre soit le conducteur, par exemple, du train, mais aussi les m\u00e9caniciens, les personnes qui doivent maintenir le bon \u00e9tat des rails, entretenir les rails et m\u00eame les personnes qui sont dans es bureaux, etc. On les appelle les cheminots. Alors, on parle souvent des cheminots en France. Vous en avez peut- \u00eatre d\u00e9j\u00e0 entendu parler dans les m\u00e9dias parce que c&#8217;est un statut assez particulier qui donne droit \u00e0 de nombreux avantages. On ne va pas faire tout l&#8217;historique, mais en gros, pour synth\u00e9tiser, au d\u00e9but du 20\u00e8me si\u00e8cle, pardon, c&#8217;\u00e9tait assez difficile de recruter des personnes pour travailler dans les trains parce que c&#8217;\u00e9tait des m\u00e9tiers avec des conditions tr\u00e8s difficiles. Donc, pour attirer des nouveaux employ\u00e9s, on a cr\u00e9\u00e9 le statut de cheminot avec plein d&#8217;avantages qui permettaient de rendre ce statut plus attractif. Par exemple, des cong\u00e9s pay\u00e9s en plus, des billets de train pas chers, et surtout une retraite qui arrivait plus t\u00f4t.<\/p>\n\n\n\n<p><a id=\"sonaar_ts-6927cf7d478df\" class=\"srmp3_sonaar_ts_shortcode\"  style=\"\" href=\"javascript:sonaar_ts_shortcode({ trackid:'0', time:'00:08:34', ts_id:'6927cf7d478df', play_icon:'' }) ;\">[00:08:34]<\/a> &#8211; Hugo<br>Les conducteurs de train pouvaient prendre leur retraite \u00e0 partir de 50 ans, 52 ans maintenant, et les autres employ\u00e9s aussi pouvaient prendre leur retraite un peu plus t\u00f4t. Donc \u00e7a, \u00e7a a permis d&#8217;attirer de nombreux employ\u00e9s et de rendre le statut de cheminot tr\u00e8s attractif, mais \u00e7a a aussi cr\u00e9\u00e9 un peu de jalousie dans la soci\u00e9t\u00e9 fran\u00e7aise o\u00f9 les autres Fran\u00e7ais, les autres salari\u00e9s du secteur priv\u00e9 n&#8217;ont pas autant d&#8217;avantages et surtout, depuis une trentaine d&#8217;ann\u00e9es, le m\u00e9tier de cheminot n&#8217;est plus aussi p\u00e9nible qu&#8217;avant. Donc, on se demandait : \u00ab Est-ce que ces avantages sont toujours justifi\u00e9s ? \u00bb Et voil\u00e0, il y avait beaucoup de d\u00e9bats par rapport \u00e0 \u00e7a. Vous avez peut-\u00eatre entendu parler des cheminots dans les m\u00e9dias. Mais il faut savoir qu&#8217;aujourd&#8217;hui, le statut de cheminot n&#8217;existe plus depuis 2020. Il existe toujours pour les personnes qui ont \u00e9t\u00e9 recrut\u00e9es avant 2020, mais celles qui ont \u00e9t\u00e9 recrut\u00e9es apr\u00e8s maintenant ont un r\u00e9gime normal. Elles n&#8217;ont plus tous les avantages que permettait le statut de cheminot.<\/p>\n\n\n\n<p><a id=\"sonaar_ts-6927cf7d478e4\" class=\"srmp3_sonaar_ts_shortcode\"  style=\"\" href=\"javascript:sonaar_ts_shortcode({ trackid:'0', time:'00:09:31', ts_id:'6927cf7d478e4', play_icon:'' }) ;\">[00:09:31]<\/a> &#8211; Ingrid<br>Bien. Bon r\u00e9sum\u00e9. Et du coup, on a parl\u00e9 des trains, que c&#8217;\u00e9tait plus un monopole, etc. Mais quand m\u00eame, la plupart des trains qu&#8217;on voit circuler en France, c&#8217;est des trains de la SNCF. Donc \u00e7a peut \u00eatre plein de trains diff\u00e9rents. Il y a quoi, par exemple, comme train qu&#8217;on trouve ?<\/p>\n\n\n\n<p><a id=\"sonaar_ts-6927cf7d478e9\" class=\"srmp3_sonaar_ts_shortcode\"  style=\"\" href=\"javascript:sonaar_ts_shortcode({ trackid:'0', time:'00:09:49', ts_id:'6927cf7d478e9', play_icon:'' }) ;\">[00:09:49]<\/a> &#8211; Hugo<br>Alors, le plus connu, le roi des trains, c&#8217;est \u00e9videmment le TGV, train \u00e0 grande vitesse, une fiert\u00e9 nationale parce qu&#8217;on en vend \u00e9galement \u00e0 l&#8217;\u00e9tranger. C&#8217;est un train qui permet de circuler jusqu&#8217;\u00e0 320 km\/h, tr\u00e8s rapide, uniquement s&#8217;il se trouve effectivement sur des rails adapt\u00e9s. Donc il faut qu&#8217;il se trouve sur une ligne grande vitesse (LGV). Il faut un TGV sur une LGV pour qu&#8217;il puisse circuler \u00e0 sa vitesse maximale. Parce que s&#8217;il est sur des rails normales, il ne pourra pas aller aussi vite. Donc les TGV, il y en a deux types. Les TGV INOUI, I-N-O-U-I, qui sont de couleur violette. Et \u00e7a, ce sont les TGV Premium avec plein de services, avec le Wi-Fi notamment, des facilit\u00e9s pour \u00e9changer, se faire rembourser les billets, etc. \u00c7a, on les trouve par exemple sur les connexions Paris- Bordeaux, Paris- Lyon, Paris- Marseille. Et puis, il y a aussi des TGV moins chers, avec moins de services. Ce sont les TGV OUIGO, O-U-I-G-O, qui sont, eux, de couleur bleu et rose. Et par exemple, pour les OUIGO, on peut trouver des billets qui commencent \u00e0 partir de 10 \u20ac. Je ne sais pas si toi, tu as d\u00e9j\u00e0 r\u00e9ussi \u00e0 en acheter ?<\/p>\n\n\n\n<p><a id=\"sonaar_ts-6927cf7d478ee\" class=\"srmp3_sonaar_ts_shortcode\"  style=\"\" href=\"javascript:sonaar_ts_shortcode({ trackid:'0', time:'00:11:08', ts_id:'6927cf7d478ee', play_icon:'' }) ;\">[00:11:08]<\/a> &#8211; Ingrid<br>Au tout d\u00e9but. Au tout d\u00e9but, pas mal. Mais maintenant, j&#8217;ai l&#8217;impression que c&#8217;est un mythe. \u00c7a n&#8217;existe plus.<\/p>\n\n\n\n<p><a id=\"sonaar_ts-6927cf7d478f3\" class=\"srmp3_sonaar_ts_shortcode\"  style=\"\" href=\"javascript:sonaar_ts_shortcode({ trackid:'0', time:'00:11:15', ts_id:'6927cf7d478f3', play_icon:'' }) ;\">[00:11:15]<\/a> &#8211; Hugo<br>Ouais, c&#8217;est tr\u00e8s difficile. Il faut vraiment \u00eatre au bon moment quand les billets sont mis en vente parce qu&#8217;ils partent tr\u00e8s vite, ils sont vendus tr\u00e8s vite. Mais il y a pas mal de billets, apparemment, \u00e0 10 \u20ac, qui sont mis en vente. Mais comme ils sont tr\u00e8s populaires et ils sont tr\u00e8s victimes de leur succ\u00e8s. Donc \u00e7a, voil\u00e0, les TGV circulent dans toute la France et c&#8217;est pour faire les liaisons entre les grandes villes fran\u00e7aises le plus rapidement possible. Ensuite, on a une autre cat\u00e9gorie de trains, ce sont les Intercit\u00e9s que tu connais peut-\u00eatre Ingrid, j&#8217;imagine.<\/p>\n\n\n\n<p><a id=\"sonaar_ts-6927cf7d478f7\" class=\"srmp3_sonaar_ts_shortcode\"  style=\"\" href=\"javascript:sonaar_ts_shortcode({ trackid:'0', time:'00:11:46', ts_id:'6927cf7d478f7', play_icon:'' }) ;\">[00:11:46]<\/a> &#8211; Ingrid<br>Oui, que je connais tr\u00e8s bien. D&#8217;ailleurs, je vous en parlerai peut-\u00eatre un petit peu apr\u00e8s parce que moi, je l&#8217;ai pris beaucoup, l&#8217;Intercit\u00e9s. Il y en a un entre Toulouse et Paris. Et les Intercit\u00e9s, c&#8217;est c&#8217;est des trains qui vont beaucoup plus lentement et qui font beaucoup, beaucoup d&#8217;arr\u00eats. Donc par exemple, entre Paris et Toulouse, il met 7 heures, alors que le TGV, qui est seulement \u00e0 moiti\u00e9 \u00e0 grande vitesse, il met 4 heures. Donc, on est quand m\u00eame sur un train tr\u00e8s, tr\u00e8s lent, moins cher et avec plus d&#8217;arr\u00eats.<\/p>\n\n\n\n<p><a id=\"sonaar_ts-6927cf7d47907\" class=\"srmp3_sonaar_ts_shortcode\"  style=\"\" href=\"javascript:sonaar_ts_shortcode({ trackid:'0', time:'00:12:23', ts_id:'6927cf7d47907', play_icon:'' }) ;\">[00:12:23]<\/a> &#8211; Hugo<br>C&#8217;est vrai, effectivement. Je ne l&#8217;ai pas pr\u00e9cis\u00e9, mais les TGV, en g\u00e9n\u00e9ral, desservent moins de gares. Donc desservir, quand on parle d&#8217;un mode de transport, \u00e7a veut dire s&#8217;arr\u00eater quelque part. Par exemple, \u00abce train dessert la gare de Bordeaux\u00bb, \u00e7a veut dire que le train s&#8217;arr\u00eatera en gare de Bordeaux, on pourra monter, descendre, etc. En g\u00e9n\u00e9ral, les TGV, l&#8217;objectif, c&#8217;est d&#8217;arriver le plus vite possible, donc ils s&#8217;arr\u00eatent seulement \u00e0 quelques gares entre la gare de d\u00e9part et la gare d&#8217;arriv\u00e9e, pour gagner du temps, alors que les Intercit\u00e9s, non seulement ils circulent plus lentement, mais en plus, ils marquent l&#8217;arr\u00eat, ils desservent davantage de gares. Et ils sont moins chers aussi que les TGV, logiquement. Et la derni\u00e8re cat\u00e9gorie de trains, ce sont les TER. Les TER, c&#8217;est tout simplement les trains r\u00e9gionaux. Alors l\u00e0, \u00e7a permet justement de relier toutes les petites villes d&#8217;une r\u00e9gion entre elles et aussi aux grands axes. Donc si vous voulez aller dans une petite ville qui est \u00e0 c\u00f4t\u00e9 de Bordeaux, mais pas \u00e0 Bordeaux m\u00eame et que vous partez de Paris, vous allez d&#8217;abord prendre par exemple le TGV jusqu&#8217;\u00e0 Bordeaux et ensuite vous prendrez un TER qui vous am\u00e8nera dans cette petite ville. L\u00e0 aussi, les TER, ils desservent plein de petites gares et ils sont plus lents. D&#8217;ailleurs, il me semble qu&#8217;ils ont diff\u00e9rents noms selon les r\u00e9gions, les TER ?<\/p>\n\n\n\n<p><a id=\"sonaar_ts-6927cf7d4790c\" class=\"srmp3_sonaar_ts_shortcode\"  style=\"\" href=\"javascript:sonaar_ts_shortcode({ trackid:'0', time:'00:13:46', ts_id:'6927cf7d4790c', play_icon:'' }) ;\">[00:13:46]<\/a> &#8211; Ingrid<br>Oui, par exemple, celui de l&#8217;\u00cele-de-France, donc la r\u00e9gion parisienne, est tr\u00e8s connu : c&#8217;est le RER. Mais en fait, le RER, c&#8217;est seulement la version parisienne, on va dire, du TER. Moi qui ai v\u00e9cu \u00e0 Toulouse, je sais qu&#8217;\u00e0 Toulouse, par exemple, c&#8217;est le liO pour Occitanie. C&#8217;est la r\u00e9gion Occitanie. Voil\u00e0, vous pouvez vous amuser \u00e0 chercher : dans chaque r\u00e9gion, il y a un petit nom comme \u00e7a bien trouv\u00e9, bien marketing, mais en fait, c&#8217;est tout simplement des TER. C&#8217;est tous le m\u00eame principe et c&#8217;est g\u00e9r\u00e9 par la SNCF aussi.<\/p>\n\n\n\n<p><a id=\"sonaar_ts-6927cf7d47915\" class=\"srmp3_sonaar_ts_shortcode\"  style=\"\" href=\"javascript:sonaar_ts_shortcode({ trackid:'0', time:'00:14:22', ts_id:'6927cf7d47915', play_icon:'' }) ;\">[00:14:22]<\/a> &#8211; Hugo<br>Donc pour r\u00e9sumer, si vous voulez aller vite et que vous avez les moyens, on vous conseille de prendre un billet de TGV, plut\u00f4t TGV INOUI si vous voulez davantage de services ou OUIGO si vous avez un budget plus limit\u00e9. Si vous avez le temps et que vous ne voulez pas trop d\u00e9penser, vous pouvez prendre un Intercit\u00e9s. Et puis, si vous devez vous rendre dans une plus petite ville, vous allez finir votre trajet en TER. Mais de toute fa\u00e7on, vous n\u2019avez pas vraiment besoin de vous pr\u00e9occuper de \u00e7a parce que quand vous allez sur le site de la SNCF, vous mettez votre destination d&#8217;origine et votre destination d&#8217;arriv\u00e9e et la SNCF va vous proposer un ensemble de trains \u00e0 prendre et vous, vous verrez le temps que \u00e7a prend, le prix, et voil\u00e0. Vous vous rendrez pas forc\u00e9ment compte que vous allez prendre un Intercit\u00e9s plut\u00f4t qu&#8217;un TGV, etc. Mais on voulait quand m\u00eame vous l&#8217;expliquer pour vous aider \u00e0 y voir plus clair.<\/p>\n\n\n\n<p><a id=\"sonaar_ts-6927cf7d4791a\" class=\"srmp3_sonaar_ts_shortcode\"  style=\"\" href=\"javascript:sonaar_ts_shortcode({ trackid:'0', time:'00:15:25', ts_id:'6927cf7d4791a', play_icon:'' }) ;\">[00:15:25]<\/a> &#8211; Hugo<br>Peut-\u00eatre que maintenant, on va parler des avantages et des inconv\u00e9nients du train ?<\/p>\n\n\n\n<p><a id=\"sonaar_ts-6927cf7d4791e\" class=\"srmp3_sonaar_ts_shortcode\"  style=\"\" href=\"javascript:sonaar_ts_shortcode({ trackid:'0', time:'00:15:30', ts_id:'6927cf7d4791e', play_icon:'' }) ;\">[00:15:30]<\/a> &#8211; Ingrid<br>Ouais, bah c&#8217;est vrai que comme on part du principe, parce qu&#8217;on l&#8217;a lu, que le train va \u00eatre le mode de transport de 2024, il faut bien se demander pourquoi \u00e7a pourrait vraiment \u00eatre tr\u00e8s populaire et pourquoi, au contraire, il pourrait y avoir des freins. Alors, commen\u00e7ons par les avantages. Les avantages, moi, j&#8217;en ai not\u00e9 deux. Tu me diras, Hugo, ce que tu en penses. C&#8217;est assez subjectif, mais d\u00e9j\u00e0, il y a l&#8217;exp\u00e9rience. C&#8217;est vrai que l&#8217;exp\u00e9rience du voyage en train, c&#8217;est quelque chose qui est assez agr\u00e9able, notamment depuis le Covid, je sais qu&#8217;il y a beaucoup de personnes qui ont r\u00e9-appris \u00e0 aimer, \u00e0 appr\u00e9cier, prendre le train. Comme on dit parfois, ce qui compte, ce n&#8217;est pas la destination, c&#8217;est le voyage. Mais c&#8217;est clair que quand on fait un voyage en voiture \u00e0 cinq dans la voiture, tous serr\u00e9s, ou quand on fait un voyage dans un avion low cost avec aucune place pour les jambes, c&#8217;est vachement moins agr\u00e9able qu&#8217;un voyage en train o\u00f9 on a beaucoup d&#8217;espace, o\u00f9 il y a parfois, comme tu disais, comme dans les TGV, tout le confort mat\u00e9riel.<\/p>\n\n\n\n<p><a id=\"sonaar_ts-6927cf7d47923\" class=\"srmp3_sonaar_ts_shortcode\"  style=\"\" href=\"javascript:sonaar_ts_shortcode({ trackid:'0', time:'00:16:50', ts_id:'6927cf7d47923', play_icon:'' }) ;\">[00:16:50]<\/a> &#8211; Ingrid<br>Et puis les paysages qui d\u00e9filent. Il y a un peu ce romantisme autour des gares. Quand on est en gare, on voit des gens passer avec leurs valises. Et puis, c&#8217;est quand m\u00eame assez facile d&#8217;aller en gare par rapport \u00e0 un a\u00e9roport, par exemple. Donc, c&#8217;est vrai que toute l&#8217;exp\u00e9rience est assez sympa et parfois, on a envie de prendre le train comme partie int\u00e9grante du voyage. Moi, par exemple, je vous disais que je voulais vous parler de l&#8217;Intercit\u00e9s, mais parce que, par exemple, j&#8217;ai beaucoup pris l&#8217;Intercit\u00e9s de Toulouse \u00e0 Paris et pas seulement pour son prix, c&#8217;est vrai que c&#8217;\u00e9tait aussi pour le prix, mais parce qu&#8217;en fait, je me bloquais ma journ\u00e9e. Et puis, j&#8217;avais m\u00eame mon ordinateur. Quand c&#8217;\u00e9tait un jour o\u00f9 je travaillais, je travaillais, je pouvais r\u00e9diger un petit peu mes id\u00e9es pour les prochains \u00e9pisodes, etc. \u00c7a m&#8217;est arriv\u00e9 aussi d&#8217;\u00e9crire des choses un petit peu plus personnelles, de lire, d&#8217;\u00e9couter de la musique en regardant les paysages d\u00e9filer. Voil\u00e0, il y a tout un c\u00f4t\u00e9 un peu sympa qui fait que l&#8217;exp\u00e9rience en elle-m\u00eame est d\u00e9j\u00e0 un avantage. Est-ce que tu es d&#8217;accord avec moi ?<\/p>\n\n\n\n<p><a id=\"sonaar_ts-6927cf7d4792b\" class=\"srmp3_sonaar_ts_shortcode\"  style=\"\" href=\"javascript:sonaar_ts_shortcode({ trackid:'0', time:'00:17:59', ts_id:'6927cf7d4792b', play_icon:'' }) ;\">[00:17:59]<\/a> &#8211; Hugo<br>Compl\u00e8tement d&#8217;accord. C&#8217;est vrai qu&#8217;en g\u00e9n\u00e9ral, les trains fran\u00e7ais sont assez spacieux. On a beaucoup de place. C&#8217;est assez silencieux aussi. Les gens respectent bien les consignes. En g\u00e9n\u00e9ral. Il y a toujours des exceptions, mais en g\u00e9n\u00e9ral, on ne peut pas parler au t\u00e9l\u00e9phone dans tous les wagons. Il y a des wagons silencieux et c&#8217;est pas mal pour travailler. Effectivement, il y a toujours une petite tablette sur laquelle on peut poser son ordinateur. Bon, le Wi-Fi, c&#8217;est plus ou moins fiable. Il ne faut pas forc\u00e9ment compter dessus. Il faut plut\u00f4t se pr\u00e9parer \u00e0 travailler hors ligne. Mais c&#8217;est vrai que pour travailler, pour se concentrer, ce n&#8217;est pas mal. Et comme il n&#8217;y a pas que le travail dans la vie, on peut aussi appr\u00e9cier les paysages, la magnifique campagne fran\u00e7aise. C&#8217;est vrai que, bon effectivement, prendre l&#8217;avion, \u00eatre au- dessus des nuages, c&#8217;est aussi assez magique. Mais il y a moins de diversit\u00e9.<\/p>\n\n\n\n<p><a id=\"sonaar_ts-6927cf7d47930\" class=\"srmp3_sonaar_ts_shortcode\"  style=\"\" href=\"javascript:sonaar_ts_shortcode({ trackid:'0', time:'00:18:55', ts_id:'6927cf7d47930', play_icon:'' }) ;\">[00:18:55]<\/a> &#8211; Hugo<br>C&#8217;est clair, on ne s&#8217;en lasse plus vite.<\/p>\n\n\n\n<p><a id=\"sonaar_ts-6927cf7d47934\" class=\"srmp3_sonaar_ts_shortcode\"  style=\"\" href=\"javascript:sonaar_ts_shortcode({ trackid:'0', time:'00:18:57', ts_id:'6927cf7d47934', play_icon:'' }) ;\">[00:18:57]<\/a> &#8211; Hugo<br>On peut s&#8217;en lasser plus vite que quand on voyage en train.<\/p>\n\n\n\n<p><a id=\"sonaar_ts-6927cf7d4793d\" class=\"srmp3_sonaar_ts_shortcode\"  style=\"\" href=\"javascript:sonaar_ts_shortcode({ trackid:'0', time:'00:19:03', ts_id:'6927cf7d4793d', play_icon:'' }) ;\">[00:19:03]<\/a> &#8211; Ingrid<br>Du coup un autre avantage que j&#8217;ai not\u00e9 (alors, il y en a probablement beaucoup d&#8217;autres, mais on va en garder deux). Et le plus \u00e9vident et on ne peut pas passer \u00e0 c\u00f4t\u00e9, c&#8217;est que voyager en train, c&#8217;est \u00e9colo. C&#8217;est beaucoup plus \u00e9cologique que voyager en voiture ou voyager en avion. J&#8217;ai fait quelques recherches et alors, les chiffres pour dire \u00e0 quel point c&#8217;est mieux, c&#8217;est toujours un petit peu difficile parce que j&#8217;ai trouv\u00e9 par exemple dans un rapport de Greenpeace que l&#8217;avion est 100 fois plus polluant que le train. Alors, j&#8217;ai vu dans un autre rapport d&#8217;un autre organisme que le train \u00e9tait 23 fois moins polluant. Mais j&#8217;ai envie de dire on s&#8217;en fiche un petit peu du d\u00e9tail. Je pense que c&#8217;est assez \u00e9vident pour tout le monde. On comprend la logique, on est assez \u00e9duqu\u00e9s, l\u00e0-dessus maintenant pour savoir qu&#8217;il vaut mieux pour la plan\u00e8te prendre le train plut\u00f4t que prendre la voiture, surtout quand la voiture n&#8217;est pas remplie, ou que prendre l&#8217;avion. C&#8217;est pour \u00e7a qu&#8217;on essaye de limiter&#8230; La loi, en tout cas en Europe, essaye de plus en plus de limiter les voyages courts en avion, de taxer plus les compagnies, notamment les compagnies a\u00e9riennes low cost, etc.<\/p>\n\n\n\n<p><a id=\"sonaar_ts-6927cf7d47942\" class=\"srmp3_sonaar_ts_shortcode\"  style=\"\" href=\"javascript:sonaar_ts_shortcode({ trackid:'0', time:'00:20:29', ts_id:'6927cf7d47942', play_icon:'' }) ;\">[00:20:29]<\/a> &#8211; Ingrid<br>Donc, il y a vraiment un effort qui est fait de la part des autorit\u00e9s. Certains diront que ces efforts ne sont pas du tout encore assez pouss\u00e9s, mais en tout cas, il y a un mouvement pour avantager le train par rapport \u00e0 l&#8217;avion ou \u00e0 la voiture. \u00c7a, c&#8217;est peut- \u00eatre l&#8217;argument le plus important et l&#8217;argument qui fait qu&#8217;en 2024, le train&#8230; En tout cas, on est dans ce mouvement vers plus d&#8217;utilisation de ce mode de transport parce qu&#8217;\u00e9videmment, la population est plus sensibilis\u00e9e et \u00e7a fait toujours plaisir de se dire que non seulement on s&#8217;est fait plaisir \u00e0 soi, mais qu&#8217;en plus, on n&#8217;a pas trop pollu\u00e9. Donc voil\u00e0, un des avantages qui fait que c&#8217;est assez populaire et c&#8217;est de plus en plus populaire.<\/p>\n\n\n\n<p><a id=\"sonaar_ts-6927cf7d47947\" class=\"srmp3_sonaar_ts_shortcode\"  style=\"\" href=\"javascript:sonaar_ts_shortcode({ trackid:'0', time:'00:21:22', ts_id:'6927cf7d47947', play_icon:'' }) ;\">[00:21:22]<\/a> &#8211; Hugo<br>Ouais, et on commence \u00e0 comprendre que planter un arbre pour se faire un week-end \u00e0 Barcelone et prendre l&#8217;avion Paris-Barcelone ce n&#8217;est pas forc\u00e9ment suffisant pour compenser tout \u00e7a. Donc, il vaut mieux prendre le train, m\u00eame si \u00e7a demande un peu plus de temps. Alors, dit comme \u00e7a, \u00e7a semble \u00eatre le mode de transport id\u00e9al, mais j&#8217;imagine qu&#8217;il y a aussi quelques inconv\u00e9nients.<\/p>\n\n\n\n<p><a id=\"sonaar_ts-6927cf7d4794b\" class=\"srmp3_sonaar_ts_shortcode\"  style=\"\" href=\"javascript:sonaar_ts_shortcode({ trackid:'0', time:'00:21:44', ts_id:'6927cf7d4794b', play_icon:'' }) ;\">[00:21:44]<\/a> &#8211; Ingrid<br>Eh oui, bien vu. Bon \u00e9coute, l\u00e0 pareil, pour ne pas non plus la faire trop longue, m\u00eame si j&#8217;imagine que vous pourrez, en commentaire, nous donner plein d&#8217;autres inconv\u00e9nients. Mais j&#8217;en ai soulign\u00e9 deux en particulier. Le premier, c&#8217;est le prix et le deuxi\u00e8me, c&#8217;est le temps. Le prix, parce que le train, \u00e7a co\u00fbte quand m\u00eame tr\u00e8s cher. En Europe, en moyenne, le train co\u00fbte deux fois plus cher pour un m\u00eame trajet que l&#8217;avion. Et en France en particulier, c&#8217;est 2,6 fois plus cher. Donc on est quand m\u00eame sur un vrai vrai inconv\u00e9nient et \u00e7a donne pas envie d&#8217;utiliser ce mode de transport, surtout quand on n&#8217;a pas forc\u00e9ment les moyens. Et puis, en plus, si on veut partir un petit peu loin, il y a des prix qui sont vraiment hallucinants. Par exemple, j&#8217;ai vu dans un rapport de Greenpeace, toujours, qu&#8217;on mettra dans les sources sur la page de l&#8217;\u00e9pisode, j&#8217;ai vu qu&#8217;un trajet entre Barcelone et Londres, \u00e7a co\u00fbte jusqu&#8217;\u00e0 30 fois plus cher en train qu&#8217;en avion. On a plein d&#8217;exemples comme \u00e7a o\u00f9 vraiment, c&#8217;est hallucinant. Je ne sais pas si toi, tu as d\u00e9j\u00e0 eu ce cas de figure, mais moi, c&#8217;est vrai que \u00e7a m&#8217;est d\u00e9j\u00e0 arriv\u00e9 de faire la comparaison et d&#8217;avoir envie de pleurer face \u00e0 ce constat.<\/p>\n\n\n\n<p><a id=\"sonaar_ts-6927cf7d47950\" class=\"srmp3_sonaar_ts_shortcode\"  style=\"\" href=\"javascript:sonaar_ts_shortcode({ trackid:'0', time:'00:23:19', ts_id:'6927cf7d47950', play_icon:'' }) ;\">[00:23:19]<\/a> &#8211; Hugo<br>Compl\u00e8tement ouais. Moi, plusieurs fois, j&#8217;ai h\u00e9sit\u00e9 \u00e0 rentrer en France en prenant le train \u00e0 partir de Varsovie. Je regardais un peu ce qu&#8217;il \u00e9tait possible de faire et non seulement \u00e7a prenait environ 24 heures compar\u00e9 \u00e0 deux heures et demie en avion, mais en plus, \u00e7a co\u00fbtait, oui, deux ou trois fois plus cher. Et logistiquement aussi, c&#8217;est \u00e7a qui m&#8217;avait le plus refroidi, c&#8217;\u00e9tait assez compliqu\u00e9 avec beaucoup de changements de train dans diff\u00e9rents pays, ce qui fait que je n&#8217;ai jamais pris le train pour rentrer en France. Et j&#8217;ai toujours privil\u00e9gi\u00e9 l&#8217;avion.<\/p>\n\n\n\n<p><a id=\"sonaar_ts-6927cf7d47958\" class=\"srmp3_sonaar_ts_shortcode\"  style=\"\" href=\"javascript:sonaar_ts_shortcode({ trackid:'0', time:'00:23:54', ts_id:'6927cf7d47958', play_icon:'' }) ;\">[00:23:54]<\/a> &#8211; Ingrid<br>Ouais, \u00e7a se comprend. En plus, pour ce genre de trajet, il y a un deuxi\u00e8me inconv\u00e9nient, donc je le disais, c&#8217;est la dur\u00e9e. Effectivement, l\u00e0, par rapport \u00e0 l&#8217;avion, il n&#8217;y a pas de comparaison possible. Plus la distance est longue, plus le trajet en train va \u00eatre d\u00e9savantageux par rapport \u00e0 l&#8217;avion. Ce n&#8217;est pas le cas pour la voiture. Et encore, pour la voiture, il y a cet avantage de la voiture, c&#8217;est qu&#8217;on peut arriver directement jusqu&#8217;\u00e0 sa destination, alors que le train, il n&#8217;y a pas forc\u00e9ment tous les petits villages ou villes qui sont desservis. Donc parfois, voil\u00e0, dans certains cas, on va aller beaucoup plus vite en voiture parce qu&#8217;on n&#8217;a pas besoin de faire de changement, etc. Et dans d&#8217;autres cas, quand on va assez loin, c&#8217;est l&#8217;avion qui va \u00eatre avantageux. Tout \u00e7a pour dire qu&#8217;il faut quand m\u00eame qu&#8217;il y ait des efforts qui soient faits pour que les avantages soient plus importants que les inconv\u00e9nients.<\/p>\n\n\n\n<p><a id=\"sonaar_ts-6927cf7d4795d\" class=\"srmp3_sonaar_ts_shortcode\"  style=\"\" href=\"javascript:sonaar_ts_shortcode({ trackid:'0', time:'00:24:54', ts_id:'6927cf7d4795d', play_icon:'' }) ;\">[00:24:54]<\/a> &#8211; Hugo<br>C&#8217;est vrai qu&#8217;en g\u00e9n\u00e9ral, l&#8217;argument du prix et du temps, c&#8217;est les arguments principaux. Donc tant que le train ne sera pas plus comp\u00e9titif \u00e0 ce niveau-l\u00e0, \u00e7a va \u00eatre compliqu\u00e9 de concurrencer l&#8217;avion.<\/p>\n\n\n\n<p><a id=\"sonaar_ts-6927cf7d47962\" class=\"srmp3_sonaar_ts_shortcode\"  style=\"\" href=\"javascript:sonaar_ts_shortcode({ trackid:'0', time:'00:25:09', ts_id:'6927cf7d47962', play_icon:'' }) ;\">[00:25:09]<\/a> &#8211; Ingrid<br>Mais du coup, il y a quand m\u00eame des petites choses qui sont faites pour \u00e9quilibrer \u00e7a. Alors, on peut commencer par le temps. Est-ce qu&#8217;il y a quelque chose qui existe, qui permet un petit peu de compenser cet inconv\u00e9nient ?<\/p>\n\n\n\n<p><a id=\"sonaar_ts-6927cf7d47966\" class=\"srmp3_sonaar_ts_shortcode\"  style=\"\" href=\"javascript:sonaar_ts_shortcode({ trackid:'0', time:'00:25:20', ts_id:'6927cf7d47966', play_icon:'' }) ;\">[00:25:20]<\/a> &#8211; Hugo<br>Eh bien, depuis quelques ann\u00e9es, il y a le grand retour des trains de nuit, les trains qui circulent la nuit et dans lesquels on peut dormir. Il faut savoir qu&#8217;ils avaient \u00e9t\u00e9 arr\u00eat\u00e9s en 2016, mais depuis 2021, ils sont remis en service, notamment la connexion Paris-Nice qui a repris du service en 2021. Et tout \u00e7a, \u00e7a fonctionne ensemble en fait depuis le Covid, o\u00f9 les gens ont eu plus de difficult\u00e9s pour voyager \u00e0 l&#8217;\u00e9tranger, alors que dans les ann\u00e9es 2010, les compagnies a\u00e9riennes low cost avaient vraiment d\u00e9mocratis\u00e9 le voyage \u00e0 l&#8217;\u00e9tranger. L\u00e0, depuis le Covid, on recommence \u00e0 voyager local et nous, en France, on a de la chance parce qu&#8217;on a les montagnes, on a la mer, on a plein de paysages diff\u00e9rents. D&#8217;ailleurs, c&#8217;est pour \u00e7a que la France est un pays tr\u00e8s touristique. Mais c&#8217;est vrai que depuis une vingtaine d&#8217;ann\u00e9es, les Fran\u00e7ais commen\u00e7aient \u00e0 snober un peu leur propre pays et \u00e0 profiter des compagnies a\u00e9riennes low cost pour aller passer leurs vacances \u00e0 l&#8217;\u00e9tranger. Mais l\u00e0, depuis le Covid, \u00e7a redevient \u00e0 la mode de passer ses vacances en France et le meilleur mode de transport pour \u00e7a, c&#8217;est le train et notamment maintenant les trains de nuit.<\/p>\n\n\n\n<p><a id=\"sonaar_ts-6927cf7d4796f\" class=\"srmp3_sonaar_ts_shortcode\"  style=\"\" href=\"javascript:sonaar_ts_shortcode({ trackid:'0', time:'00:26:34', ts_id:'6927cf7d4796f', play_icon:'' }) ;\">[00:26:34]<\/a> &#8211; Hugo<br>L\u00e0 aussi, \u00e7a s&#8217;inscrit toujours dans cette optique de lutter contre le r\u00e9chauffement climatique. Prendre le train de nuit, c&#8217;est un peu voyager d&#8217;une fa\u00e7on diff\u00e9rente parce que \u00e7a prend beaucoup plus de temps, mais on peut dormir dans ce qu&#8217;on appelle des trains-couchettes. Des trains-couchettes, se coucher, dormir. Et en fait, ils avaient \u00e9t\u00e9 supprim\u00e9s parce qu&#8217;ils n&#8217;\u00e9taient pas rentables. Donc, \u00e7a demande plus de personnel de s&#8217;occuper d&#8217;un train de nuit. Et l&#8217;autre inconv\u00e9nient, c&#8217;est que le train de nuit peut circuler seulement une fois par nuit, alors que les trains, pendant la journ\u00e9e, peuvent faire plusieurs connexions. Donc voil\u00e0, les trains de nuit n&#8217;\u00e9taient pas vraiment rentables, ils avaient \u00e9t\u00e9 supprim\u00e9s. Mais l\u00e0, dans cette optique de relancer le voyage local en France, on s&#8217;est dit qu&#8217;il fallait remettre les trains de nuit en service. Mais un des obstacles aussi par rapport \u00e0 \u00e7a, c&#8217;est que beaucoup de trains de nuit sont assez v\u00e9tustes. Ils n&#8217;ont pas \u00e9t\u00e9 modernis\u00e9s depuis une quarantaine d&#8217;ann\u00e9es. Donc les gens s&#8217;attendent quand m\u00eame \u00e0 un certain niveau de confort quand ils prennent un train de nuit. Et la SNCF a besoin d&#8217;investir pour moderniser, r\u00e9nover ces trains de nuit pour pouvoir attirer des gens. Toi, il me semble que tu l&#8217;avais pris, non, le train de nuit pour Paris-Toulouse ?<\/p>\n\n\n\n<p><a id=\"sonaar_ts-6927cf7d47974\" class=\"srmp3_sonaar_ts_shortcode\"  style=\"\" href=\"javascript:sonaar_ts_shortcode({ trackid:'0', time:'00:27:56', ts_id:'6927cf7d47974', play_icon:'' }) ;\">[00:27:56]<\/a> &#8211; Ingrid<br>Il y a un train Paris-Toulouse, effectivement, mais moi, j&#8217;ai carr\u00e9ment vraiment fait le truc d&#8217;aventuri\u00e8re. J&#8217;avais pris un si\u00e8ge assis. Il y avait l&#8217;option couchette et l&#8217;option si\u00e8ge assis. Apr\u00e8s, c&#8217;est quand m\u00eame des si\u00e8ges qui sont tr\u00e8s confortables, donc j&#8217;avais quand m\u00eame pu dormir. Mais effectivement, j&#8217;avais fait ce trajet. Je ne sais plus si c&#8217;\u00e9tait parce que le prix de la couchette \u00e9tait tr\u00e8s \u00e9lev\u00e9 ou si peut-\u00eatre il n&#8217;y en avait plus, parce que je m&#8217;y prends rarement \u00e0 l&#8217;avance pour ce genre de choses, donc je me retrouve souvent \u00e0 devoir choisir ce qui reste. Mais effectivement, je l&#8217;avais fait et l&#8217;avantage, c&#8217;est que \u00e7a ne coupe pas du tout la journ\u00e9e, qu&#8217;on peut partir en pleine semaine, par exemple. On part le soir, on arrive le matin et c&#8217;est comme si de rien n&#8217;\u00e9tait. On est peut-\u00eatre un peu fatigu\u00e9 le lendemain, mais on fait une journ\u00e9e tranquille et \u00e7a va. Et puis, quand on veut carr\u00e9ment voyager quelque part o\u00f9 on veut faire du tourisme, \u00e7a \u00e9vite de payer une nuit d&#8217;h\u00f4tel, c&#8217;est plut\u00f4t pas mal. On arrive d\u00e8s le matin et puis on peut tout de suite visiter et on se prend un logement seulement le soir.<\/p>\n\n\n\n<p><a id=\"sonaar_ts-6927cf7d47978\" class=\"srmp3_sonaar_ts_shortcode\"  style=\"\" href=\"javascript:sonaar_ts_shortcode({ trackid:'0', time:'00:29:12', ts_id:'6927cf7d47978', play_icon:'' }) ;\">[00:29:12]<\/a> &#8211; Ingrid<br>Donc c&#8217;est vrai qu&#8217;au niveau du prix, de l&#8217;avantage financier, le train de nuit, c&#8217;est quand m\u00eame vraiment top pour \u00e7a. On gagne une nuit. Finalement, on gagne du temps et de l&#8217;argent. Donc, pas mal le train de nuit.<\/p>\n\n\n\n<p><a id=\"sonaar_ts-6927cf7d47981\" class=\"srmp3_sonaar_ts_shortcode\"  style=\"\" href=\"javascript:sonaar_ts_shortcode({ trackid:'0', time:'00:29:26', ts_id:'6927cf7d47981', play_icon:'' }) ;\">[00:29:26]<\/a> &#8211; Hugo<br>C&#8217;est vrai. Et maintenant, il y a m\u00eame des trains de nuit pour aller \u00e0 l&#8217;\u00e9tranger, notamment une connexion Paris-Berlin qui vient d&#8217;\u00eatre r\u00e9ouverte. Je pense qu&#8217;elle va tr\u00e8s bien fonctionner pour tous les Parisiens qui veulent aller faire la f\u00eate \u00e0 Berlin. Ils vont pouvoir prendre un train de nuit, arriver le matin, passer une petite journ\u00e9e tranquille et puis aller dans les clubs berlinois. Donc voil\u00e0, je pense que \u00e7a, c&#8217;est une liaison qui devrait bien marcher. Et c&#8217;est vrai que aussi par rapport \u00e0 prendre l&#8217;avion, comme on l&#8217;avait d\u00e9j\u00e0 dit, c&#8217;est plus agr\u00e9able et plus facile d&#8217;aller \u00e0 la gare, de monter dans le train, de s&#8217;endormir, de se r\u00e9veiller dans une autre ville. C&#8217;est quand m\u00eame plus sympa que de devoir faire le check-in \u00e0 l&#8217;a\u00e9roport, d&#8217;\u00eatre stress\u00e9, etc.<\/p>\n\n\n\n<p><a id=\"sonaar_ts-6927cf7d47986\" class=\"srmp3_sonaar_ts_shortcode\"  style=\"\" href=\"javascript:sonaar_ts_shortcode({ trackid:'0', time:'00:30:16', ts_id:'6927cf7d47986', play_icon:'' }) ;\">[00:30:16]<\/a> &#8211; Ingrid<br>Et en termes de prix, sinon, assez rapidement, je ne vais peut-\u00eatre pas rentrer dans les d\u00e9tails, mais on disait qu&#8217;il y avait l&#8217;inconv\u00e9nient du temps, l&#8217;inconv\u00e9nient de l&#8217;argent. Et bah, de plus en plus, il y a des options de passes ou de cartes qui permettent de payer le train moins cher \u00e0 partir du moment o\u00f9 on le prend souvent. Donc en France, la SNCF propose des cartes &#8220;Avantage&#8221;. Il y en a beaucoup. Il y a &#8220;carte Avantage Jeunes&#8221;, par exemple, il y a la &#8220;carte Libert\u00e9&#8221;&#8230; Pendant un moment, il y avait une &#8220;carte Weekend&#8221;. J&#8217;ai vu que cette ann\u00e9e, elle n&#8217;y est plus, mais&#8230; Il y a &#8220;Max&#8221;. Enfin, les actifs, etc. Je vous passe les d\u00e9tails. \u00c0 chaque fois, c&#8217;est des conditions tr\u00e8s particuli\u00e8res. Et en fait, on ach\u00e8te une carte pour un an et \u00e0 partir du moment o\u00f9 on a sa carte, on a certains trains qui sont beaucoup moins chers et qui sont plafonn\u00e9s. Donc &#8220;plaffon\u00e9s&#8221;, Plein \u00e7a veut dire qu&#8217;il y a une limite au-dessus de laquelle le prix ne peut pas passer. Donc c&#8217;est vrai que \u00e7a, pour les personnes qui prennent souvent le train, \u00e7a peut \u00eatre tr\u00e8s int\u00e9ressant.<\/p>\n\n\n\n<p><a id=\"sonaar_ts-6927cf7d4798a\" class=\"srmp3_sonaar_ts_shortcode\"  style=\"\" href=\"javascript:sonaar_ts_shortcode({ trackid:'0', time:'00:31:26', ts_id:'6927cf7d4798a', play_icon:'' }) ;\">[00:31:26]<\/a> &#8211; Hugo<br>Ouais, il y a m\u00eame certaines cartes qui peuvent \u00eatre rentables assez vite \u00e0 partir de, je ne sais pas, six trajets par an, par exemple, parce que c&#8217;est des r\u00e9ductions parfois qui peuvent aller jusqu&#8217;\u00e0 30 %. Donc, si vous ne vivez pas en France, mais que vous allez en vacances plusieurs fois par an, \u00e7a peut valoir le coup de regarder ces cartes avantages et de faire vos calculs, faire vos simulations pour \u00e9ventuellement en acheter une \u00e0 l&#8217;ann\u00e9e.<\/p>\n\n\n\n<p><a id=\"sonaar_ts-6927cf7d4798f\" class=\"srmp3_sonaar_ts_shortcode\"  style=\"\" href=\"javascript:sonaar_ts_shortcode({ trackid:'0', time:'00:31:53', ts_id:'6927cf7d4798f', play_icon:'' }) ;\">[00:31:53]<\/a> &#8211; Ingrid<br>Et en France, il a \u00e9t\u00e9 question aussi, et l\u00e0, c&#8217;est encore en pourparler, donc c&#8217;est encore en discussion, de lancer carr\u00e9ment un pass illimit\u00e9, notamment pour les jeunes. \u00c7a, c&#8217;est parce que l&#8217;Allemagne a lanc\u00e9 un passe illimit\u00e9 qui permet de prendre le train r\u00e9gional, mais aussi de prendre les transports en commun dans toutes les villes d&#8217;Allemagne. Et il me semble que ce passe est \u00e0 49 \u20ac. Oui.<\/p>\n\n\n\n<p><a id=\"sonaar_ts-6927cf7d47997\" class=\"srmp3_sonaar_ts_shortcode\"  style=\"\" href=\"javascript:sonaar_ts_shortcode({ trackid:'0', time:'00:32:27', ts_id:'6927cf7d47997', play_icon:'' }) ;\">[00:32:27]<\/a> &#8211; Hugo<br>Ah, c&#8217;est pas cher.<\/p>\n\n\n\n<p><a id=\"sonaar_ts-6927cf7d4799c\" class=\"srmp3_sonaar_ts_shortcode\"  style=\"\" href=\"javascript:sonaar_ts_shortcode({ trackid:'0', time:'00:32:29', ts_id:'6927cf7d4799c', play_icon:'' }) ;\">[00:32:29]<\/a> &#8211; Ingrid<br>Ouais, c&#8217;est vraiment pas cher. Apr\u00e8s, comme pour tout, il y a des critiques qui ont \u00e9t\u00e9 faites parce que c&#8217;est pas forc\u00e9ment tr\u00e8s avantageux pour les personnes qui habitent, par exemple, \u00e0 la campagne et qui n&#8217;ont pas l&#8217;habitude de prendre les transports en commun. \u00c7a fait quand m\u00eame devoir payer tous les mois 49 \u20ac.<\/p>\n\n\n\n<p><a id=\"sonaar_ts-6927cf7d479a0\" class=\"srmp3_sonaar_ts_shortcode\"  style=\"\" href=\"javascript:sonaar_ts_shortcode({ trackid:'0', time:'00:32:48', ts_id:'6927cf7d479a0', play_icon:'' }) ;\">[00:32:48]<\/a> &#8211; Hugo<br>Ah c&#8217;est par mois ? Ok ok<\/p>\n\n\n\n<p><a id=\"sonaar_ts-6927cf7d479a5\" class=\"srmp3_sonaar_ts_shortcode\"  style=\"\" href=\"javascript:sonaar_ts_shortcode({ trackid:'0', time:'00:32:51', ts_id:'6927cf7d479a5', play_icon:'' }) ;\">[00:32:51]<\/a> &#8211; Ingrid<br>Oui ! Ah oui, petit d\u00e9tail important. Oui, c&#8217;est par mois. Donc en fait, c&#8217;est un passe qui est int\u00e9ressant si on prend beaucoup le train et qu&#8217;on prend les transports en commun, etc. Et \u00e0 partir de cette initiative allemande, il y avait un YouTubeur d&#8217;information, donc Hugo D\u00e9crypte, qui avait interview\u00e9 le pr\u00e9sident de la R\u00e9publique, Emmanuel Macron, et qui lui avait demand\u00e9 s&#8217;il pouvait faire la m\u00eame chose. Et le pr\u00e9sident s&#8217;\u00e9tait engag\u00e9 \u00e0 y r\u00e9fl\u00e9chir et apparemment, c&#8217;est&#8230; Je sais, je sais. On va essayer de rester neutre, on verra. On fait le bilan pour 2025, on verra s&#8217;il y a vraiment quelque chose qui a \u00e9t\u00e9 fait. Mais bon, d\u00e9j\u00e0 comme on voit qu&#8217;en Allemagne, il y a d\u00e9j\u00e0 des critiques, on s&#8217;imagine qu&#8217;en France, \u00e7a risque d&#8217;\u00eatre assez compliqu\u00e9. Mais en tout cas, il y a des choses. Il y a des options et les gouvernements, les entreprises, etc, sont oblig\u00e9s de commencer \u00e0 y r\u00e9fl\u00e9chir.<\/p>\n\n\n\n<p><a id=\"sonaar_ts-6927cf7d479a9\" class=\"srmp3_sonaar_ts_shortcode\"  style=\"\" href=\"javascript:sonaar_ts_shortcode({ trackid:'0', time:'00:33:53', ts_id:'6927cf7d479a9', play_icon:'' }) ;\">[00:33:53]<\/a> &#8211; Ingrid<br>Et peut-\u00eatre dernier point, m\u00eame si je pense que des initiatives comme \u00e7a, on pourrait en sortir beaucoup un peu partout en Europe, mais concernant l&#8217;Europe enti\u00e8re, je pense que c&#8217;est important de parler du pass Interrail parce que je trouve \u00e7a vraiment&#8230; Pour nos auditeurs, si vous ne connaissez pas, je pense que \u00e7a peut \u00eatre quelque chose de tr\u00e8s int\u00e9ressant. C&#8217;est un pass qui permet de voyager sur tous les trains europ\u00e9ens, en tout cas sur une grande gamme de trains europ\u00e9ens. Et en fait, on peut choisir sa formule. Donc, il y a plein d&#8217;options possibles. Je vous invite \u00e0 aller sur le site d&#8217;Interrail. Vous verrez que vous pouvez acheter tout type de pass qui permettent de prendre de mani\u00e8re soit illimit\u00e9e, soit avec certaines conditions, mais plein de trains et \u00e7a permet d&#8217;organiser un super voyage de quelques jours jusqu&#8217;\u00e0 plusieurs mois.<\/p>\n\n\n\n<p><a id=\"sonaar_ts-6927cf7d479ae\" class=\"srmp3_sonaar_ts_shortcode\"  style=\"\" href=\"javascript:sonaar_ts_shortcode({ trackid:'0', time:'00:34:53', ts_id:'6927cf7d479ae', play_icon:'' }) ;\">[00:34:53]<\/a> &#8211; Hugo<br>Oui, \u00e7a me rappelle un peu le JR Pass au Japon que j&#8217;avais achet\u00e9 quand j&#8217;y \u00e9tais au printemps dernier et qui permet aussi de voyager de mani\u00e8re quasi- limit\u00e9e pendant une p\u00e9riode de temps donn\u00e9e dans le pays. L\u00e0, c&#8217;est carr\u00e9ment \u00e0 l&#8217;\u00e9chelle de l&#8217;Europe, mais au Japon, \u00e7a nous avait encourag\u00e9s \u00e0 visiter plus de villes, etc. C&#8217;\u00e9tait vraiment une bonne id\u00e9e.<\/p>\n\n\n\n<p><a id=\"sonaar_ts-6927cf7d479b7\" class=\"srmp3_sonaar_ts_shortcode\"  style=\"\" href=\"javascript:sonaar_ts_shortcode({ trackid:'0', time:'00:35:21', ts_id:'6927cf7d479b7', play_icon:'' }) ;\">[00:35:21]<\/a> &#8211; Ingrid<br>Ouais, c&#8217;est vraiment chouette. Donc h\u00e2te de voir ce qui va continuer \u00e0 se faire, les nouvelles initiatives qui vont exister. Et voil\u00e0, h\u00e2te d&#8217;entendre les histoires de tout le monde, de tous ceux qui prennent le train sur ce qu&#8217;ils ont r\u00e9ussi \u00e0 faire et comment ils ont r\u00e9ussi \u00e0 explorer le monde gr\u00e2ce au train<\/p>\n\n\n\n<p><a id=\"sonaar_ts-6927cf7d479bc\" class=\"srmp3_sonaar_ts_shortcode\"  style=\"\" href=\"javascript:sonaar_ts_shortcode({ trackid:'0', time:'00:35:39', ts_id:'6927cf7d479bc', play_icon:'' }) ;\">[00:35:39]<\/a> &#8211; Hugo<br>Exactement. Et si vous voulez aussi partager vos exp\u00e9riences avec la SNCF, avec le train en France, on a h\u00e2te de lire tout \u00e7a dans les commentaires. En tout cas, vous l&#8217;avez entendu, nous, on adore le train. Il y a pas mal de raisons d&#8217;\u00eatre optimistes pour les prochaines ann\u00e9es. On esp\u00e8re que c&#8217;est un mode de transport qui va qu&#8217;on continuer de se d\u00e9velopper, pouvoir proposer des prix encore plus attractifs et de plus en plus de liaisons, de gares, desservies, etc. Et e pense qu&#8217;on va s&#8217;arr\u00eater l\u00e0 pour cet \u00e9pisode ?<\/p>\n\n\n\n<p><a id=\"sonaar_ts-6927cf7d479c0\" class=\"srmp3_sonaar_ts_shortcode\"  style=\"\" href=\"javascript:sonaar_ts_shortcode({ trackid:'0', time:'00:36:11', ts_id:'6927cf7d479c0', play_icon:'' }) ;\">[00:36:11]<\/a> &#8211; Ingrid<br>Oui, c&#8217;est d\u00e9j\u00e0 pas mal. On a bien balay\u00e9 le sujet.<\/p>\n\n\n\n<p><a id=\"sonaar_ts-6927cf7d479c5\" class=\"srmp3_sonaar_ts_shortcode\"  style=\"\" href=\"javascript:sonaar_ts_shortcode({ trackid:'0', time:'00:36:16', ts_id:'6927cf7d479c5', play_icon:'' }) ;\">[00:36:16]<\/a> &#8211; Hugo<br>Merci \u00e0 toutes et \u00e0 tous de nous avoir \u00e9cout\u00e9s jusqu&#8217;ici et on se retrouve dans deux semaines pour un nouvel \u00e9pisode.<\/p>\n\n\n\n<p><a id=\"sonaar_ts-6927cf7d479c9\" class=\"srmp3_sonaar_ts_shortcode\"  style=\"\" href=\"javascript:sonaar_ts_shortcode({ trackid:'0', time:'00:36:23', ts_id:'6927cf7d479c9', play_icon:'' }) ;\">[00:36:23]<\/a> &#8211; Ingrid<br>\u00c0 dans deux semaines. Salut.<\/p>\n","protected":false},"excerpt":{"rendered":"<p>&#8211; Hugo\u00c9pisode 135. 2024, le grand retour du train ? &#8211; HugoSalut \u00e0 toutes et \u00e0 tous. Salut Ingrid. &#8211; IngridSalut Hugo, comment tu vas ? &#8211; Hugo\u00c7a va. Je te souhaite un joyeux No\u00ebl d&#8217;abord, vu que No\u00ebl vient de se terminer. J&#8217;esp\u00e8re que tu l&#8217;as c\u00e9l\u00e9br\u00e9 quand m\u00eame en Inde. &#8211; IngridOui, bien&#8230;<\/p>\n","protected":false},"author":17473,"featured_media":289690,"comment_status":"open","ping_status":"open","sticky":false,"template":"","format":[191],"meta":{"_acf_changed":false,"_kad_blocks_custom_css":"","_kad_blocks_head_custom_js":"","_kad_blocks_body_custom_js":"","_kad_blocks_footer_custom_js":"","_kad_post_transparent":"","_kad_post_title":"","_kad_post_layout":"","_kad_post_sidebar_id":"","_kad_post_content_style":"","_kad_post_vertical_padding":"","_kad_post_feature":"","_kad_post_feature_position":"","_kad_post_header":false,"_kad_post_footer":false,"_kad_post_classname":"","footnotes":""},"categories":[168],"tags":[175,172],"class_list":["post-289578","post","type-post","status-publish","format-standard","has-post-thumbnail","hentry","category-podcast","tag-france","tag-societe","format-duo-hugo-ingrid"],"acf":[],"taxonomy_info":{"category":[{"value":168,"label":"Podcast"}],"post_tag":[{"value":175,"label":"France"},{"value":172,"label":"Soci\u00e9t\u00e9"}],"format":[{"value":191,"label":"Duo Hugo &amp; Ingrid"}]},"featured_image_src_large":["https:\/\/innerfrench.com\/wp-content\/uploads\/2024\/01\/E135-e1718205685467-750x406.jpeg",750,406,true],"author_info":{"display_name":"Hugo &amp; Ingrid","author_link":"https:\/\/innerfrench.com\/author\/hugo_ingrid\/"},"comment_info":24,"category_info":[{"term_id":168,"name":"Podcast","slug":"podcast","term_group":0,"term_taxonomy_id":168,"taxonomy":"category","description":"","parent":0,"count":185,"filter":"raw","cat_ID":168,"category_count":185,"category_description":"","cat_name":"Podcast","category_nicename":"podcast","category_parent":0}],"tag_info":[{"term_id":175,"name":"France","slug":"france","term_group":0,"term_taxonomy_id":175,"taxonomy":"post_tag","description":"","parent":0,"count":100,"filter":"raw"},{"term_id":172,"name":"Soci\u00e9t\u00e9","slug":"societe","term_group":0,"term_taxonomy_id":172,"taxonomy":"post_tag","description":"","parent":0,"count":94,"filter":"raw"}],"_links":{"self":[{"href":"https:\/\/innerfrench.com\/wp-json\/wp\/v2\/posts\/289578","targetHints":{"allow":["GET"]}}],"collection":[{"href":"https:\/\/innerfrench.com\/wp-json\/wp\/v2\/posts"}],"about":[{"href":"https:\/\/innerfrench.com\/wp-json\/wp\/v2\/types\/post"}],"author":[{"embeddable":true,"href":"https:\/\/innerfrench.com\/wp-json\/wp\/v2\/users\/17473"}],"replies":[{"embeddable":true,"href":"https:\/\/innerfrench.com\/wp-json\/wp\/v2\/comments?post=289578"}],"version-history":[{"count":2,"href":"https:\/\/innerfrench.com\/wp-json\/wp\/v2\/posts\/289578\/revisions"}],"predecessor-version":[{"id":293368,"href":"https:\/\/innerfrench.com\/wp-json\/wp\/v2\/posts\/289578\/revisions\/293368"}],"wp:featuredmedia":[{"embeddable":true,"href":"https:\/\/innerfrench.com\/wp-json\/wp\/v2\/media\/289690"}],"wp:attachment":[{"href":"https:\/\/innerfrench.com\/wp-json\/wp\/v2\/media?parent=289578"}],"wp:term":[{"taxonomy":"category","embeddable":true,"href":"https:\/\/innerfrench.com\/wp-json\/wp\/v2\/categories?post=289578"},{"taxonomy":"post_tag","embeddable":true,"href":"https:\/\/innerfrench.com\/wp-json\/wp\/v2\/tags?post=289578"},{"taxonomy":"format","embeddable":true,"href":"https:\/\/innerfrench.com\/wp-json\/wp\/v2\/format?post=289578"}],"curies":[{"name":"wp","href":"https:\/\/api.w.org\/{rel}","templated":true}]}}