{"id":289580,"date":"2024-02-28T12:13:14","date_gmt":"2024-02-28T11:13:14","guid":{"rendered":"https:\/\/innerfrench.com\/?p=204813"},"modified":"2025-09-25T11:43:03","modified_gmt":"2025-09-25T09:43:03","slug":"139-joel-dicker-nous-parle-de-son-nouveau-roman","status":"publish","type":"post","link":"https:\/\/innerfrench.com\/139-joel-dicker-nous-parle-de-son-nouveau-roman\/","title":{"rendered":"#139 Jo\u00ebl Dicker nous parle de son nouveau roman"},"content":{"rendered":"\n<p><a id=\"sonaar_ts-6927cd5d97168\" class=\"srmp3_sonaar_ts_shortcode\"  style=\"\" href=\"javascript:sonaar_ts_shortcode({ trackid:'0', time:'00:00:02', ts_id:'6927cd5d97168', play_icon:'' }) ;\">[00:00:02]<\/a> &#8211; Ingrid<\/p>\n\n\n\n<p>\u00c9pisode 139 : Jo\u00ebl Dicker nous parle de son nouveau roman.<\/p>\n\n\n\n<p><a id=\"sonaar_ts-6927cd5d97176\" class=\"srmp3_sonaar_ts_shortcode\"  style=\"\" href=\"javascript:sonaar_ts_shortcode({ trackid:'0', time:'00:00:14', ts_id:'6927cd5d97176', play_icon:'' }) ;\">[00:00:14]<\/a> &#8211; Ingrid<\/p>\n\n\n\n<p>Bonjour \u00e0 toutes et \u00e0 tous et bienvenue pour cet \u00e9pisode un peu sp\u00e9cial, ou plut\u00f4t, devrais-je dire, pour cet \u00e9pisode dans lequel il y aura un invit\u00e9 un peu sp\u00e9cial. Cet invit\u00e9, c&#8217;est un auteur suisse qui vient de Gen\u00e8ve. Il a 38 ans. Il a d\u00e9j\u00e0 \u00e0 son actif sept romans dont certains ont \u00e9t\u00e9 de gros succ\u00e8s \u00e0 l&#8217;international. Vous le connaissez donc peut-\u00eatre. Il s&#8217;appelle Jo\u00ebl Dicker. \u00c0 l&#8217;occasion de la sortie de son nouveau livre intitul\u00e9 <i>Un animal sauvage<\/i>, j&#8217;ai eu l&#8217;occasion de l&#8217;interviewer et j&#8217;\u00e9tais tr\u00e8s contente parce que c&#8217;est un romancier que j&#8217;aime beaucoup. Alors, peut-\u00eatre que certains ont d\u00e9j\u00e0 lu son livre le plus connu qui s&#8217;appelle <i>La v\u00e9rit\u00e9 sur l&#8217;affaire Harry Quebert<\/i>. Et pour ceux qui ne le connaissent pas encore, j&#8217;esp\u00e8re que cette conversation vous donnera envie de le lire.<\/p>\n\n\n\n<p><a id=\"sonaar_ts-6927cd5d9717c\" class=\"srmp3_sonaar_ts_shortcode\"  style=\"\" href=\"javascript:sonaar_ts_shortcode({ trackid:'0', time:'00:01:21', ts_id:'6927cd5d9717c', play_icon:'' }) ;\">[00:01:21]<\/a> &#8211; Ingrid<\/p>\n\n\n\n<p>Mais on ne va pas commencer tout de suite par cette conversation parce que j&#8217;avais un peu peur que ce soit trop difficile comme \u00e7a, sans contexte. Donc, cet \u00e9pisode sera compos\u00e9 de deux parties. D&#8217;abord, je vais vous parler de Jo\u00ebl Dicker et je vais vous pr\u00e9senter son nouveau roman, sans vous <\/p>\n\n\n<p>[simple_tooltip content=&#8217;to reveal spoilers&#8217;]<b>spoiler<\/b>[\/simple_tooltip]<\/p>\n\n\n\n<p>, bien s\u00fbr. Spoiler, vous savez, \u00e7a veut dire \u00abr\u00e9v\u00e9ler ce qu&#8217;il se passe dans l&#8217;histoire.\u00bb C&#8217;est un anglicisme qui s&#8217;est install\u00e9 dans la langue fran\u00e7aise avec le boom des s\u00e9ries sur les plateformes de streaming. On peut utiliser le verbe \u00abspoiler\u00bb, on peut aussi utiliser le nom un \u00abspoiler\u00bb. Donc, je ne ferai pas de spoiler dans cet \u00e9pisode, ne vous inqui\u00e9tez pas. Mais je vais au moins vous faire une petite pr\u00e9sentation de la carri\u00e8re de l&#8217;auteur et de ce roman avant de passer \u00e0 la partie interview. Ce sera une conversation en deuxi\u00e8me partie d&#8217;une quinzaine de minutes compl\u00e8tement naturelle dans laquelle on n&#8217;a fait aucun effort pour parler plus lentement ou pour expliquer des mots de vocabulaire. Donc, voil\u00e0, c&#8217;est parti.<\/p>\n\n\n\n<p><\/p>\n\n\n\n<p><a id=\"sonaar_ts-6927cd5d97182\" class=\"srmp3_sonaar_ts_shortcode\"  style=\"\" href=\"javascript:sonaar_ts_shortcode({ trackid:'0', time:'00:02:42', ts_id:'6927cd5d97182', play_icon:'' }) ;\">[00:02:42]<\/a> &#8211; Ingrid<\/p>\n\n\n\n<p>Le nouveau roman de Joel Dicker, <i>Un animal sauvage<\/i>, vient de sortir en librairie. Plus exactement, il est sorti le 27 f\u00e9vrier, donc <\/p>\n\n\n<p>[simple_tooltip content=&#8217;the day before&#8217;]<b>la veille<\/b>[\/simple_tooltip]<\/p>\n\n\n\n<p> du moment o\u00f9 cet \u00e9pisode de podcast sort. Alors moi, j&#8217;ai eu la chance de recevoir le livre un peu avant sa sortie pour pouvoir pr\u00e9parer cet \u00e9pisode et je l&#8217;ai lu. Je dois avouer que je l&#8217;ai lu m\u00eame en deux jours, c&#8217;est-\u00e0-dire que <\/p>\n\n\n<p>[simple_tooltip content=&#8217;I devoured it&#8217;]<b>je l&#8217;ai d\u00e9vor\u00e9<\/b>[\/simple_tooltip]<\/p>\n\n\n\n<p>. Quand on lit un livre tr\u00e8s vite, on utilise le mot d\u00e9vorer qui, normalement, s&#8217;applique \u00e0 la nourriture. Et donc, \u00e9videmment, j&#8217;ai beaucoup aim\u00e9 et je vous le conseille.<\/p>\n\n\n\n<p><\/p>\n\n\n\n<p><a id=\"sonaar_ts-6927cd5d97187\" class=\"srmp3_sonaar_ts_shortcode\"  style=\"\" href=\"javascript:sonaar_ts_shortcode({ trackid:'0', time:'00:03:27', ts_id:'6927cd5d97187', play_icon:'' }) ;\">[00:03:27]<\/a> &#8211; Ingrid<\/p>\n\n\n\n<p>Donc, l&#8217;histoire, elle se passe principalement en Suisse, \u00e0 Gen\u00e8ve, mais aussi un peu en France, notamment \u00e0 Saint-Tropez, sur la C\u00f4te d&#8217;Azur. Donc, d\u00e8s la premi\u00e8re page, on apprend qu&#8217;il y a eu un braquage \u00e0 Gen\u00e8ve. Puis, \u00e0 la page suivante, on comprend qu&#8217;on va d\u00e9couvrir petit \u00e0 petit ce qu&#8217;il s&#8217;est pass\u00e9 pendant les jours qui pr\u00e9c\u00e8dent ce braquage. On va suivre pendant quelques semaines le quotidien de deux familles qui vivent dans le m\u00eame quartier, en banlieue pavillonnaire de Gen\u00e8ve. Donc d&#8217;un c\u00f4t\u00e9, on a un couple <\/p>\n\n\n<p>[simple_tooltip content=&#8217;who seem to have everything&#8217;]<b>\u00e0 qui tout semble sourire<\/b>[\/simple_tooltip]<\/p>\n\n\n\n<p>. Ils sont beaux, ils sont amoureux, ils sont riches. Et de l&#8217;autre c\u00f4t\u00e9, on a un autre couple un peu plus modeste, donc qui a moins d&#8217;argent, qui ont l&#8217;air un peu moins heureux, <\/p>\n\n\n<p>[simple_tooltip content=&#8217;who are not on a winning streak&#8217;]<b>qui ne sont pas dans une tr\u00e8s bonne passe<\/b>[\/simple_tooltip]<\/p>\n\n\n\n<p> en ce moment et qui sont tr\u00e8s jaloux du bonheur de leurs voisins.<\/p>\n\n\n\n<p><\/p>\n\n\n\n<p><a id=\"sonaar_ts-6927cd5d9718d\" class=\"srmp3_sonaar_ts_shortcode\"  style=\"\" href=\"javascript:sonaar_ts_shortcode({ trackid:'0', time:'00:04:29', ts_id:'6927cd5d9718d', play_icon:'' }) ;\">[00:04:29]<\/a> &#8211; Ingrid<\/p>\n\n\n\n<p>Alors, quel est le lien entre les deux ? Quel est le lien entre le braquage de la premi\u00e8re page et les personnages principaux qui sont ces deux couples ? Eh bien, on ne sait pas. Au d\u00e9but, on ne comprend pas. Et puis, petit \u00e0 petit, on va tirer des fils pour r\u00e9ussir \u00e0 comprendre qui a fait quoi. Et on revient \u00e9videmment dans le pass\u00e9. Donc, on va suivre ce couple pendant les quelques semaines qui pr\u00e9c\u00e8dent le braquage, mais il va y avoir aussi beaucoup de retours en arri\u00e8re dans leur vie pass\u00e9e.<\/p>\n\n\n\n<p><a id=\"sonaar_ts-6927cd5d97191\" class=\"srmp3_sonaar_ts_shortcode\"  style=\"\" href=\"javascript:sonaar_ts_shortcode({ trackid:'0', time:'00:05:02', ts_id:'6927cd5d97191', play_icon:'' }) ;\">[00:05:02]<\/a> &#8211; Ingrid<\/p>\n\n\n\n<p>Voil\u00e0, je ne vous raconte rien de plus, mais ce que je peux vous dire, en tout cas, c&#8217;est que je pense que c&#8217;est une bonne lecture pour votre niveau de fran\u00e7ais, parce que l&#8217;auteur \u00e9crit dans un style direct et accrocheur. Vous pourrez apprendre du vocabulaire et r\u00e9viser la syntaxe sans pour autant passer votre temps \u00e0 relire et \u00e0 analyser chaque phrase. Et je parie que vous serez tellement captiv\u00e9s par l&#8217;histoire que vous oublierez m\u00eame que le fran\u00e7ais n&#8217;est pas votre langue maternelle.<\/p>\n\n\n\n<p><a id=\"sonaar_ts-6927cd5d97196\" class=\"srmp3_sonaar_ts_shortcode\"  style=\"\" href=\"javascript:sonaar_ts_shortcode({ trackid:'0', time:'00:05:39', ts_id:'6927cd5d97196', play_icon:'' }) ;\">[00:05:39]<\/a> &#8211; Ingrid<\/p>\n\n\n\n<p>D&#8217;ailleurs, sur \u00e7a, je vous conseille de mani\u00e8re g\u00e9n\u00e9rale tous les romans de Jo\u00ebl Dicker pour ces m\u00eames raisons. Ses livres sont toujours construits de telle mani\u00e8re qu&#8217;on ne veut pas les l\u00e2cher. Il y a toujours un <\/p>\n\n\n<p>[simple_tooltip content=&#8217;mystery to unravel&#8217;]<b>myst\u00e8re \u00e0 r\u00e9soudre<\/b>[\/simple_tooltip]<\/p>\n\n\n\n<p>. Souvent, c&#8217;est un crime ou une disparition. Donc l\u00e0, c&#8217;est un peu diff\u00e9rent cette fois-ci. Il y a toujours plusieurs temporalit\u00e9s avec des allers-retours dans le temps. Et il y a aussi plusieurs points de vue et beaucoup de rebondissements. Donc voil\u00e0, c&#8217;est une formule qui fait qu&#8217;on a vraiment envie de continuer \u00e0 lire parce qu&#8217;on veut savoir ce qu&#8217;il se passe apr\u00e8s.<\/p>\n\n\n\n<p><\/p>\n\n\n\n<p><a id=\"sonaar_ts-6927cd5d9719a\" class=\"srmp3_sonaar_ts_shortcode\"  style=\"\" href=\"javascript:sonaar_ts_shortcode({ trackid:'0', time:'00:06:20', ts_id:'6927cd5d9719a', play_icon:'' }) ;\">[00:06:20]<\/a> &#8211; Ingrid<\/p>\n\n\n\n<p>Moi, je me rappelle encore tr\u00e8s bien la premi\u00e8re fois que j&#8217;ai ouvert un livre de Jo\u00ebl Dicker. C&#8217;\u00e9tait en 2012, \u00e0 No\u00ebl. Sous le sapin, ma tante avait <\/p>\n\n\n<p>[simple_tooltip content=&#8217;slipped&#8217;]<b>gliss\u00e9<\/b>[\/simple_tooltip]<\/p>\n\n\n\n<p> un cadeau pour moi. C&#8217;\u00e9tait <i>La v\u00e9rit\u00e9 sur l&#8217;affaire Harry Quebert<\/i>. Je me souviens avoir commenc\u00e9 \u00e0 feuilleter le livre dans le salon, au milieu des membres de ma famille qui continuaient \u00e0 discuter. Et l\u00e0, j&#8217;ai \u00e9t\u00e9 compl\u00e8tement absorb\u00e9e. D\u00e8s les premi\u00e8res pages, un myst\u00e8re s&#8217;installait et j&#8217;avais besoin de savoir ce qu&#8217;il s&#8217;\u00e9tait pass\u00e9. J&#8217;ai fini le livre en quelques jours.<\/p>\n\n\n\n<p><\/p>\n\n\n\n<p><a id=\"sonaar_ts-6927cd5d9719f\" class=\"srmp3_sonaar_ts_shortcode\"  style=\"\" href=\"javascript:sonaar_ts_shortcode({ trackid:'0', time:'00:07:00', ts_id:'6927cd5d9719f', play_icon:'' }) ;\">[00:07:00]<\/a> &#8211; Ingrid<\/p>\n\n\n\n<p>Et je ne suis pas la seule \u00e0 avoir \u00e9t\u00e9 s\u00e9duite. <i>La v\u00e9rit\u00e9 sur l&#8217;affaire Harry Quebert<\/i>, paru en 2012, a \u00e9t\u00e9 le premier gros succ\u00e8s de Joel Dicker \u00e0 l&#8217;international. En France, ce roman a remport\u00e9 le prix Goncourt des lyc\u00e9ens et le Grand Prix du roman de l&#8217;Acad\u00e9mie fran\u00e7aise. Et aux \u00c9tats-Unis, il a \u00e9t\u00e9 adapt\u00e9 dans une s\u00e9rie t\u00e9l\u00e9vis\u00e9e avec comme acteur principal, le c\u00e9l\u00e8bre Patrick Dempsey. Mais si vous savez, Patrick Dempsey, c&#8217;\u00e9tait un des acteurs principaux de la s\u00e9rie m\u00e9dicale Grey&#8217;s Anatomy. C&#8217;est quand m\u00eame une reconnaissance assez exceptionnelle pour un auteur francophone et d&#8217;autant plus pour un Suisse. Apr\u00e8s \u00e7a, Jo\u00ebl Dicker a publi\u00e9 d&#8217;autres romans qui ont aussi eu beaucoup de succ\u00e8s \u00e0 l&#8217;international, si bien qu&#8217;aujourd&#8217;hui, c&#8217;est un des auteurs francophones contemporains les plus traduits et les plus lus dans le monde.<\/p>\n\n\n\n<p><a id=\"sonaar_ts-6927cd5d971aa\" class=\"srmp3_sonaar_ts_shortcode\"  style=\"\" href=\"javascript:sonaar_ts_shortcode({ trackid:'0', time:'00:08:03', ts_id:'6927cd5d971aa', play_icon:'' }) ;\">[00:08:03]<\/a> &#8211; Ingrid<\/p>\n\n\n\n<p>Ce succ\u00e8s international, c&#8217;est un des sujets que j&#8217;ai voulu \u00e9voquer avec Jo\u00ebl Dicker dans notre conversation. J&#8217;ai aussi voulu lui poser des questions sur son nouveau roman parce que je l&#8217;ai beaucoup aim\u00e9, mais j&#8217;ai aussi senti qu&#8217;il y avait vraiment des diff\u00e9rences importantes entre ce nouveau livre et les anciens qui avaient fait son succ\u00e8s et je voulais savoir si c&#8217;\u00e9tait une volont\u00e9. Notamment le fait que ce roman n&#8217;est pas autant une enqu\u00eate polici\u00e8re que les pr\u00e9c\u00e9dents. Et aussi le fait, tr\u00e8s important, je pense pour vous, que cette histoire se passe \u00e0 Gen\u00e8ve et en France, ce qui est plut\u00f4t cool pour des apprenants du fran\u00e7ais. Je sais que c&#8217;est toujours assez sympa de lire des livres qui se trouvent dans l&#8217;endroit o\u00f9 on parle la langue qu&#8217;on apprend. Voil\u00e0, donc j&#8217;ai pos\u00e9 toutes ces questions-l\u00e0 \u00e0 Jo\u00ebl Dicker. Il m&#8217;a expliqu\u00e9 quelles \u00e9taient ses intentions et maintenant, vous allez pouvoir \u00e9couter cette conversation. J&#8217;esp\u00e8re que \u00e7a va vous plaire.<\/p>\n\n\n\n<p><a id=\"sonaar_ts-6927cd5d971af\" class=\"srmp3_sonaar_ts_shortcode\"  style=\"\" href=\"javascript:sonaar_ts_shortcode({ trackid:'0', time:'00:09:18', ts_id:'6927cd5d971af', play_icon:'' }) ;\">[00:09:18]<\/a> &#8211; Jo\u00ebl Dicker<\/p>\n\n\n\n<p>Bonjour Jo\u00ebl Dicker et merci beaucoup d&#8217;avoir accept\u00e9 notre invitation sur le podcast.<\/p>\n\n\n\n<p><a id=\"sonaar_ts-6927cd5d971b4\" class=\"srmp3_sonaar_ts_shortcode\"  style=\"\" href=\"javascript:sonaar_ts_shortcode({ trackid:'0', time:'00:09:24', ts_id:'6927cd5d971b4', play_icon:'' }) ;\">[00:09:24]<\/a> &#8211; Jo\u00ebl Dicker<\/p>\n\n\n\n<p>Bonjour, merci \u00e0 vous. Tr\u00e8s heureux d&#8217;\u00eatre l\u00e0.<\/p>\n\n\n\n<p><a id=\"sonaar_ts-6927cd5d971ba\" class=\"srmp3_sonaar_ts_shortcode\"  style=\"\" href=\"javascript:sonaar_ts_shortcode({ trackid:'0', time:'0', ts_id:'6927cd5d971ba', play_icon:'' }) ;\">[00:09:26]<\/a> &#8211; Ingrid<\/p>\n\n\n\n<p>Alors moi, je suis vraiment honor\u00e9e de vous recevoir parce que je suis une grande lectrice de vos livres et donc j&#8217;\u00e9tais ravie d&#8217;apprendre qu&#8217;il y en avait un nouveau qui sortait. Et <\/p>\n\n\n<p>[simple_tooltip content=&#8217;jumped at the chance&#8217;]<b>j&#8217;ai saut\u00e9 sur l&#8217;occasion<\/b>[\/simple_tooltip]<\/p>\n\n\n\n<p>.<\/p>\n\n\n\n<p><\/p>\n\n\n\n<p><a id=\"sonaar_ts-6927cd5d971c0\" class=\"srmp3_sonaar_ts_shortcode\"  style=\"\" href=\"javascript:sonaar_ts_shortcode({ trackid:'0', time:'00:09:40', ts_id:'6927cd5d971c0', play_icon:'' }) ;\">[00:09:40]<\/a> &#8211; Jo\u00ebl Dicker<\/p>\n\n\n\n<p>Merci beaucoup.<\/p>\n\n\n\n<p><a id=\"sonaar_ts-6927cd5d971c4\" class=\"srmp3_sonaar_ts_shortcode\"  style=\"\" href=\"javascript:sonaar_ts_shortcode({ trackid:'0', time:'00:09:41', ts_id:'6927cd5d971c4', play_icon:'' }) ;\">[00:09:41]<\/a> &#8211; Ingrid<\/p>\n\n\n\n<p>Donc on va parler aujourd&#8217;hui particuli\u00e8rement de ce livre, <i>Un animal sauvage<\/i>, en librairie le 27 f\u00e9vrier. D\u00e9j\u00e0, il faut que je vous dise que je l&#8217;ai lu en deux jours, <\/p>\n\n\n<p>[simple_tooltip content=&#8217;in one go&#8217;]<b>d&#8217;une traite<\/b>[\/simple_tooltip]<\/p>\n\n\n\n<p>. J&#8217;ai d\u00e9vor\u00e9 \u00e7a. C&#8217;est vrai que vous avez un style d&#8217;\u00e9criture et des histoires qui font qu&#8217;on n&#8217;a pas envie de l\u00e2cher vos livres en g\u00e9n\u00e9ral. Et l\u00e0, \u00e7a a \u00e9t\u00e9 encore le cas. Et on peut dire que, en tout cas, moi, j&#8217;ai trouv\u00e9 que je retrouvais votre recette, entre guillemets, habituelle, avec du myst\u00e8re, <\/p>\n\n\n<p>[simple_tooltip content=&#8217;twists and turns&#8217;]<b>des rebondissements<\/b>[\/simple_tooltip]<\/p>\n\n\n\n<p>, des allers-retours dans plusieurs temporalit\u00e9s et plusieurs points de vue de personnages. Mais par contre, contrairement \u00e0 d&#8217;autres livres qui ont fait votre succ\u00e8s, on n&#8217;a pas de grands meurtres, on n&#8217;a pas de disparition et on ne suit pas non plus un policier ou un romancier qui va mener l&#8217;enqu\u00eate. Et j&#8217;ai trouv\u00e9 que c&#8217;\u00e9tait assez int\u00e9ressant et je me suis dit que c&#8217;\u00e9tait m\u00eame peut-\u00eatre plus difficile pour vous. Est-ce que c&#8217;est quelque chose que vous vouliez intentionnellement faire ? Est-ce que vous pouvez nous parler de \u00e7a, un peu de ce choix ?<\/p>\n\n\n\n<p><\/p>\n\n\n\n<p><a id=\"sonaar_ts-6927cd5d971ca\" class=\"srmp3_sonaar_ts_shortcode\"  style=\"\" href=\"javascript:sonaar_ts_shortcode({ trackid:'0', time:'00:10:48', ts_id:'6927cd5d971ca', play_icon:'' }) ;\">[00:10:48]<\/a> &#8211; Jo\u00ebl Dicker<\/p>\n\n\n\n<p>Oui, mais c&#8217;est tr\u00e8s amusant dans ce que vous dites et qui m&#8217;int\u00e9resse et qui me pla\u00eet, c&#8217;est que dans la m\u00eame phrase, vous dites : \u00abon retrouve la m\u00eame chose et en m\u00eame temps, on ne retrouve rien de ce qu&#8217;on avait avant.\u00bb Et je crois que ce que vous retrouvez, c&#8217;est le plaisir de lecture qui est inh\u00e9rent pas seulement \u00e0 mes livres, mais qui est un plaisir de lecture qu&#8217;on a quand on trouve un livre dans lequel <\/p>\n\n\n<p>[simple_tooltip content=&#8217;we dive&#8217;]<b>on se plonge<\/b>[\/simple_tooltip]<\/p>\n\n\n\n<p> et on s&#8217;accroche \u00e0 ses personnages, on les rencontre, on les d\u00e9couvre et on a envie de savoir ce qui se passe. C&#8217;est le plaisir de lecture qui n&#8217;est pas une recette parce que je crois que \u00e7a ne vient pas uniquement de l&#8217;auteur, mais \u00e7a vient aussi, \u00e7a vient en partie de l&#8217;auteur puisqu&#8217;il \u00e9crit un texte, mais \u00e7a vient aussi du lecteur qui accepte les r\u00e8gles du jeu et qui se lance dans le jeu et qui va \u00eatre, lui, partie prenante. Et un livre, on a ce sentiment tr\u00e8s fort parce que dans un livre, le lecteur, il est cr\u00e9ateur.<\/p>\n\n\n\n<p><\/p>\n\n\n\n<p><a id=\"sonaar_ts-6927cd5d971cf\" class=\"srmp3_sonaar_ts_shortcode\"  style=\"\" href=\"javascript:sonaar_ts_shortcode({ trackid:'0', time:'00:11:41', ts_id:'6927cd5d971cf', play_icon:'' }) ;\">[00:11:41]<\/a> &#8211; Jo\u00ebl Dicker<\/p>\n\n\n\n<p>Ensuite, c&#8217;est vrai, et comme vous dites, c&#8217;est un livre qui est quand m\u00eame diff\u00e9rent des autres parce qu&#8217;il n&#8217;y a pas un meurtre, il n&#8217;y a pas un enqu\u00eateur. C&#8217;est un livre qui, en plus, est racont\u00e9 \u00e0 la troisi\u00e8me personne. Donc, on a un narrateur omniscient et pas la premi\u00e8re personne, ce qui change un peu des derniers livres. Mais je ne me pose pas tellement la question quand je commence un livre, de me dire : \u00abQu&#8217;est-ce que je devrais ou qu&#8217;est-ce que je devrais pas faire ? Qu&#8217;est-ce qu&#8217;on attend de moi ou qu&#8217;est-ce que les autres esp\u00e8rent ?\u00bb C&#8217;est pas&#8230; Le livre, il est vraiment en rapport \u00e0 moi, il n&#8217;est pas un rapport aux autres, \u00e0 mes lecteurs que je ch\u00e9ris, que j&#8217;aime beaucoup, que je remercie d&#8217;\u00eatre si pr\u00e9sents et si fid\u00e8les, mais pour \u00eatre capable d&#8217;offrir \u00e0 mes lecteurs et de leur offrir ce que je peux faire de mieux, il faut justement que j&#8217;arrive \u00e0 me d\u00e9tacher d&#8217;eux et \u00e0 faire ce que je pense \u00eatre ou ce que je sens \u00eatre ce qui est important pour moi.<\/p>\n\n\n\n<p><a id=\"sonaar_ts-6927cd5d971d4\" class=\"srmp3_sonaar_ts_shortcode\"  style=\"\" href=\"javascript:sonaar_ts_shortcode({ trackid:'0', time:'00:12:29', ts_id:'6927cd5d971d4', play_icon:'' }) ;\">[00:12:29]<\/a> &#8211; Jo\u00ebl Dicker<\/p>\n\n\n\n<p>J&#8217;avais dans ce livre-l\u00e0 envie de raconter Gen\u00e8ve, la ville dans laquelle je suis n\u00e9 et o\u00f9 je vis toujours. J&#8217;avais dans ce livre envie d&#8217;avoir justement un narrateur qui soit omniscient, qui soit \u00e0 la troisi\u00e8me personne, parce que c&#8217;est un livre aussi o\u00f9 chacun s&#8217;observe. Donc, dans ce roman, les personnages s&#8217;observent et <\/p>\n\n\n<p>[simple_tooltip content=&#8217;spy&#8217;]<strong>s&#8217;\u00e9pient<\/strong>[\/simple_tooltip]<\/p>\n\n\n\n<p> les uns les autres. Et je trouvais qu&#8217;en ayant un narrateur \u00e0 la troisi\u00e8me personne, le lecteur se retrouve aussi, lui, <\/p>\n\n\n<p>[simple_tooltip content=&#8217;spy&#8217;]<b>espionnant<\/b>[\/simple_tooltip]<\/p>\n\n\n\n<p> les personnages du livre, donc il est partie prenante. Donc voil\u00e0, c&#8217;est plut\u00f4t ces \u00e9l\u00e9ments-l\u00e0 qui se mettent peu \u00e0 peu ensemble et o\u00f9 j&#8217;avance assez lentement parce que \u00e7a prend beaucoup de temps, parce que je n&#8217;ai pas de plan, parce que \u00e7a avance <\/p>\n\n\n<p>[simple_tooltip content=&#8217;layer by layer&#8217;]<b>couche par couche<\/b>[\/simple_tooltip]<\/p>\n\n\n\n<p>, beaucoup de recommencements, mais beaucoup de plaisir. Et \u00e7a, pour moi, c&#8217;est le ma\u00eetre mot quand j&#8217;\u00e9cris : avoir du plaisir.<\/p>\n\n\n\n<p><\/p>\n\n\n\n<p><a id=\"sonaar_ts-6927cd5d971da\" class=\"srmp3_sonaar_ts_shortcode\"  style=\"\" href=\"javascript:sonaar_ts_shortcode({ trackid:'0', time:'00:13:15', ts_id:'6927cd5d971da', play_icon:'' }) ;\">[00:13:15]<\/a> &#8211; Ingrid<\/p>\n\n\n\n<p>L\u00e0, c&#8217;est un livre comme les autres qui vous a fait tout autant plaisir ou est-ce que \u00e7a vous a peut-\u00eatre fait plus plaisir ? Parce que je pense qu&#8217;il y a beaucoup de vos lecteurs qui attendaient justement une histoire qui se passe \u00e0 Gen\u00e8ve et on en a une l\u00e0, vraiment, qui est tr\u00e8s implant\u00e9e. On se retrouve plong\u00e9 dans cette ville et puis aussi \u00e0 Saint-Tropez. Donc voil\u00e0, pour une fois, m\u00eame si vous l&#8217;aviez fait, il me semble dans un de vos romans, qui \u00e9tait un peu particulier, mais disons que d&#8217;habitude, on est plut\u00f4t sur la c\u00f4te Est des \u00c9tats-Unis. Et cette fois-ci (\u00e7a va plaire, je pense, \u00e0 nos auditeurs qui veulent aller justement dans les pays francophones), on est plong\u00e9 au bord du lac L\u00e9man, sur la C\u00f4te d&#8217;Azur. Est-ce que c&#8217;est quelque chose que vous aviez envie de faire et que vous ne pouviez pas faire avant ? Pourquoi cette fois-ci, on est dans ce d\u00e9cor-l\u00e0 ?<\/p>\n\n\n\n<p><a id=\"sonaar_ts-6927cd5d971f5\" class=\"srmp3_sonaar_ts_shortcode\"  style=\"\" href=\"javascript:sonaar_ts_shortcode({ trackid:'0', time:'00:14:09', ts_id:'6927cd5d971f5', play_icon:'' }) ;\">[00:14:09]<\/a> &#8211; Jo\u00ebl Dicker<\/p>\n\n\n\n<p>Oui, c&#8217;est quelque chose que j&#8217;avais tr\u00e8s envie de faire depuis longtemps, c&#8217;est-\u00e0-dire raconter la Suisse, Gen\u00e8ve, situer l&#8217;action dans cette ville qui est une ville <\/p>\n\n\n<p>[simple_tooltip content=&#8217;very dear to me&#8217;]<b>qui m&#8217;est tr\u00e8s ch\u00e8re<\/b>[\/simple_tooltip]<\/p>\n\n\n\n<p>, puisque j&#8217;y suis n\u00e9 et que j&#8217;y vis. Ce n&#8217;\u00e9tait pas facile au d\u00e9part, parce que c&#8217;est beaucoup plus facile pour moi, comme je fais de la fiction, c&#8217;est beaucoup plus facile de <\/p>\n\n\n<p>[simple_tooltip content=&#8217;distance myself from&#8217;]<b>me d\u00e9tacher de<\/b>[\/simple_tooltip]<\/p>\n\n\n\n<p> ma r\u00e9alit\u00e9 en cr\u00e9ant ma fiction dans un monde qui est lointain. Et en \u00e9crivant un roman \u00e0 Gen\u00e8ve, moi, je suis \u00e0 Gen\u00e8ve, je l&#8217;\u00e9cris, l&#8217;histoire se passe sur la c\u00f4te Est des \u00c9tats-Unis, cette distance, elle me permet, pour une raison que j&#8217;ignore, mais elle me permet de me sentir plus libre dans la fiction. Et j&#8217;avais \u00e0 un moment donn\u00e9, quand j&#8217;\u00e9crivais, j&#8217;avais l&#8217;impression d&#8217;avoir beaucoup moins de probl\u00e8mes \u00e0 inventer une rue \u00e0 New York qu&#8217;\u00e0 inventer une rue \u00e0 Gen\u00e8ve. Parce qu&#8217;\u00e0 New York, de toute fa\u00e7on, c&#8217;est si loin de moi. Alors que Gen\u00e8ve je me dis : \u00abMais non, mais j&#8217;y vis, j&#8217;y vais, je suis l\u00e0, c&#8217;est mon univers, je vois bien que ce n&#8217;est pas possible. Et donc, il m&#8217;a fallu beaucoup de temps.<\/p>\n\n\n\n<p><\/p>\n\n\n\n<p><a id=\"sonaar_ts-6927cd5d971fb\" class=\"srmp3_sonaar_ts_shortcode\"  style=\"\" href=\"javascript:sonaar_ts_shortcode({ trackid:'0', time:'00:15:03', ts_id:'6927cd5d971fb', play_icon:'' }) ;\">[00:15:03]<\/a> &#8211; Jo\u00ebl Dicker<\/p>\n\n\n\n<p>Vous mentionniez avant, effectivement, un pr\u00e9c\u00e9dent roman, <i>La chambre 622<\/i>, <i>L&#8217;\u00e9nigme de la chambre 622<\/i>, dans lequel Gen\u00e8ve figure d\u00e9j\u00e0, je dirais, plus comme d\u00e9cor. C&#8217;\u00e9tait un peu une premi\u00e8re pour moi de mettre Gen\u00e8ve, mais c&#8217;\u00e9tait plus comme d\u00e9cor du livre. L\u00e0, j&#8217;ai le sentiment, en tout cas, ce que j&#8217;ai essay\u00e9 de faire et j&#8217;esp\u00e8re que \u00e7a sera r\u00e9ussi, c&#8217;est de faire que Gen\u00e8ve soit quasiment un personnage de l&#8217;histoire, qu&#8217;on ait l&#8217;impression d&#8217;avoir vraiment v\u00e9cu Gen\u00e8ve et d&#8217;avoir une petite perception de l&#8217;ADN de cette ville.<\/p>\n\n\n\n<p><a id=\"sonaar_ts-6927cd5d97204\" class=\"srmp3_sonaar_ts_shortcode\"  style=\"\" href=\"javascript:sonaar_ts_shortcode({ trackid:'0', time:'00:15:34', ts_id:'6927cd5d97204', play_icon:'' }) ;\">[00:15:34]<\/a> &#8211; Ingrid<\/p>\n\n\n\n<p>Personnellement, je ne connais pas cette ville. J&#8217;ai d\u00e9j\u00e0 \u00e9t\u00e9 au bord du lac L\u00e9man, mais je n&#8217;ai jamais pass\u00e9 la fronti\u00e8re. Et effectivement, j&#8217;ai senti que c&#8217;\u00e9tait un personnage, \u00e7a m&#8217;a donn\u00e9 envie. Et justement, je me demandais \u00e0 quel point c&#8217;est r\u00e9aliste, \u00e0 quel point, quand on se balade avec les personnages dans cette ville, et \u00e9galement pour Saint-Tropez, qu&#8217;on voit aussi beaucoup, est-ce qu&#8217;on est dans quelque chose de tr\u00e8s r\u00e9aliste ou vous avez quand m\u00eame laiss\u00e9 un peu de fantaisie, d&#8217;invention dans tout \u00e7a ?<\/p>\n\n\n\n<p><a id=\"sonaar_ts-6927cd5d97208\" class=\"srmp3_sonaar_ts_shortcode\"  style=\"\" href=\"javascript:sonaar_ts_shortcode({ trackid:'0', time:'00:16:04', ts_id:'6927cd5d97208', play_icon:'' }) ;\">[00:16:04]<\/a> &#8211; Jo\u00ebl Dicker<\/p>\n\n\n\n<p>Non, c&#8217;est tr\u00e8s r\u00e9aliste. La Gen\u00e8ve que je raconte, elle est r\u00e9aliste et notamment dans la r\u00e9alit\u00e9 de la ville. Pas seulement&#8230; Alors ce qui est vrai, c&#8217;est que je cite des lieux qui existent. Les rues sont bien l\u00e0. Quand il va d&#8217;un endroit \u00e0 un autre, les chemins sont les bons, les d\u00e9cors sont les vrais. Mais je crois que ce qui est encore plus r\u00e9aliste que l&#8217;image-m\u00eame et la r\u00e9alit\u00e9-m\u00eame de la topographie, c&#8217;est-\u00e0-dire de la g\u00e9ographie de la des lieux, c&#8217;est ce sentiment \u00e0 Gen\u00e8ve, c&#8217;est cette couleur de Gen\u00e8ve tr\u00e8s particuli\u00e8re. On a une ville qui est entour\u00e9e par la nature, par les montagnes. Quand vous \u00eates \u00e0 Gen\u00e8ve, vous avez cette ville qui est entour\u00e9e par le Mont Blanc, par les Alpes, par le Jura. On voit de la neige, m\u00eame s&#8217;il n&#8217;y a pas de neige, \u00e0 Gen\u00e8ve m\u00eame, tout l&#8217;hiver, vous voyez les cimes enneig\u00e9es, c&#8217;est tr\u00e8s beau. Et puis, vous avez cette ville qui est une petite ville dont la campagne et dont la nature est tr\u00e8s proche. Vous \u00eates en un quart d&#8217;heure de route, vous passez de l&#8217;hypercentre \u00e0 la campagne, aux ch\u00e8vres et aux vaches, aux for\u00eats, aux grands espaces, ce qui est un peu impensable quand on pense aux grandes villes europ\u00e9ennes. On imagine mal \u00eatre au c\u0153ur de Londres et se dire dans un quart d&#8217;heure, je suis dans le Surrey avec la campagne anglaise autour de moi. Et \u00e0 Gen\u00e8ve, c&#8217;est \u00e7a. Donc il y a cette ville, elle est tr\u00e8s particuli\u00e8re parce qu&#8217;elle a cette qualit\u00e9 de vie et c&#8217;est \u00e7a dont je parle pas mal dans ce livre-l\u00e0, c&#8217;est qu&#8217;il y a une qualit\u00e9 de vie assez extraordinaire.<\/p>\n\n\n\n<p><a id=\"sonaar_ts-6927cd5d9720e\" class=\"srmp3_sonaar_ts_shortcode\"  style=\"\" href=\"javascript:sonaar_ts_shortcode({ trackid:'0', time:'00:17:35', ts_id:'6927cd5d9720e', play_icon:'' }) ;\">[00:17:35]<\/a> &#8211; Ingrid<\/p>\n\n\n\n<p>C&#8217;est vrai que c&#8217;est quelque chose que, par exemple, moi, je ne savais pas et qu&#8217;on retrouve vraiment cette campagne tr\u00e8s proche de la ville. Et par contre, il y a quelque chose qu&#8217;on sait un peu plus et qu&#8217;on imagine plus de Gen\u00e8ve et qu&#8217;on retrouve. Et je me demandais pourquoi vous aviez fait ce choix, si \u00e7a avait \u00e9t\u00e9 quelque chose de r\u00e9fl\u00e9chi, mais on trouve cette population, cette classe sociale tr\u00e8s ais\u00e9e. Voil\u00e0, on est clairement chez les riches, avec aussi une comparaison entre deux familles, une tr\u00e8s ais\u00e9e et une un peu moins, avec un peu de jalousie. Est-ce que c&#8217;est parce que plut\u00f4t, \u00e7a marche bien pour un polar, ce genre de profil ? Ou est-ce que vous aviez vraiment envie de raconter cette classe sociale-l\u00e0 ?<\/p>\n\n\n\n<p><a id=\"sonaar_ts-6927cd5d97217\" class=\"srmp3_sonaar_ts_shortcode\"  style=\"\" href=\"javascript:sonaar_ts_shortcode({ trackid:'0', time:'00:18:21', ts_id:'6927cd5d97217', play_icon:'' }) ;\">[00:18:21]<\/a> &#8211; Jo\u00ebl Dicker<\/p>\n\n\n\n<p>Il y a plusieurs raisons. Il y a une raison li\u00e9e \u00e0 l&#8217;intrigue elle-m\u00eame, mais dont je ne parle pas trop parce que je ne veux pas spoiler le livre. Mais il y a aussi l&#8217;id\u00e9e qu&#8217;effectivement, une des deux familles a beaucoup de moyens visiblement (une grande maison, des belles voitures, etc. elle est avocate, il est banquier). L&#8217;autre famille, qui sont les voisins, ont un peu moins de moyens. Et donc il y a ce rapport entre eux o\u00f9 les uns se regardent en disant : \u00abMais eux ont plus, eux sont mieux, eux sont \u00e7a.\u00bb<\/p>\n\n\n\n<p><a id=\"sonaar_ts-6927cd5d9721d\" class=\"srmp3_sonaar_ts_shortcode\"  style=\"\" href=\"javascript:sonaar_ts_shortcode({ trackid:'0', time:'00:18:50', ts_id:'6927cd5d9721d', play_icon:'' }) ;\">[00:18:50]<\/a> &#8211; Jo\u00ebl Dicker<\/p>\n\n\n\n<p>Mais en m\u00eame temps, si on s&#8217;arr\u00eate, il n&#8217;y a pas une immense diff\u00e9rence entre eux. Chacune de ces deux familles est propri\u00e9taire de sa maison. Alors l&#8217;une est plus modeste que l&#8217;autre, mais ce que je veux dire, c&#8217;est qu&#8217;on n&#8217;est pas dans un rapport entre des gens qui n&#8217;ont absolument rien et des gens qui ont absolument tout. Et \u00e7a, c&#8217;\u00e9tait aussi pour raconter un peu cette insatiabilit\u00e9 : on n&#8217;a jamais assez. Qui qu&#8217;on soit et quoi qu&#8217;on ait, on va toujours regarder ce que l&#8217;autre a, que ce soit en possession ou en bonheur ou en autre chose.<\/p>\n\n\n\n<p><a id=\"sonaar_ts-6927cd5d97222\" class=\"srmp3_sonaar_ts_shortcode\"  style=\"\" href=\"javascript:sonaar_ts_shortcode({ trackid:'0', time:'00:19:21', ts_id:'6927cd5d97222', play_icon:'' }) ;\">[00:19:21]<\/a> &#8211; Jo\u00ebl Dicker<\/p>\n\n\n\n<p>Et dans ce livre-l\u00e0, \u00e7a tourne comme \u00e7a parce que chacun a envie d&#8217;\u00eatre l&#8217;autre. Et y compris \u00e0 un moment donn\u00e9, celui qui a plus, est jaloux d&#8217;un tiers. Je ne vais pas en dire trop, mais est jaloux d&#8217;un tiers qui, au fond, n&#8217;a pas grand-chose et n&#8217;a m\u00eame rien de ce qu&#8217;il a, ni en termes de famille et de vie sociale et de carri\u00e8re, enfin rien. Et pourtant, celui qui, sans l&#8217;avoir tout, est jaloux de lui. Donc, c&#8217;est un peu un cercle sans fin. Vous voyez ? Et c&#8217;est de \u00e7a plut\u00f4t dont je parle.<\/p>\n\n\n\n<p><a id=\"sonaar_ts-6927cd5d97227\" class=\"srmp3_sonaar_ts_shortcode\"  style=\"\" href=\"javascript:sonaar_ts_shortcode({ trackid:'0', time:'00:19:51', ts_id:'6927cd5d97227', play_icon:'' }) ;\">[00:19:51]<\/a> &#8211; Ingrid<\/p>\n\n\n\n<p>Oui, je vois bien. J&#8217;invite nos auditeurs \u00e0 \u00e9couter cette interview, puis lire le livre et peut-\u00eatre r\u00e9\u00e9couter l&#8217;interview pour comprendre aussi&#8230;<\/p>\n\n\n\n<p><a id=\"sonaar_ts-6927cd5d97232\" class=\"srmp3_sonaar_ts_shortcode\"  style=\"\" href=\"javascript:sonaar_ts_shortcode({ trackid:'0', time:'00:20:02', ts_id:'6927cd5d97232', play_icon:'' }) ;\">[00:20:02]<\/a> &#8211; Jo\u00ebl Dicker<\/p>\n\n\n<p>[simple_tooltip content=&#8217;the keys&#8217;]<b>Les cl\u00e9s<\/b>[\/simple_tooltip]<\/p>\n\n\n\n<p>.<\/p>\n\n\n\n<p><\/p>\n\n\n\n<p><a id=\"sonaar_ts-6927cd5d97237\" class=\"srmp3_sonaar_ts_shortcode\"  style=\"\" href=\"javascript:sonaar_ts_shortcode({ trackid:'0', time:'00:20:03', ts_id:'6927cd5d97237', play_icon:'' }) ;\">[00:20:03]<\/a> &#8211; Ingrid<\/p>\n\n\n\n<p>Voil\u00e0, tout ce que vous dites, parce qu&#8217;il y a plusieurs couches dans le discours.<\/p>\n\n\n\n<p><a id=\"sonaar_ts-6927cd5d9723c\" class=\"srmp3_sonaar_ts_shortcode\"  style=\"\" href=\"javascript:sonaar_ts_shortcode({ trackid:'0', time:'00:20:14', ts_id:'6927cd5d9723c', play_icon:'' }) ;\">[00:20:14]<\/a> &#8211; Ingrid<\/p>\n\n\n\n<p>Tr\u00e8s bien. Je voulais juste terminer peut-\u00eatre en parlant plus globalement de la langue fran\u00e7aise, pour \u00e9viter de trop spoiler le livre effectivement, on ne peut pas non plus trop en dire. Mais je voulais quand m\u00eame vous poser une ou deux questions par rapport \u00e0 votre rapport \u00e0 la langue fran\u00e7aise. Et c&#8217;est un peu particulier parce que vous \u00eates donc l&#8217;un des auteurs francophones les plus lus dans le monde, les plus traduits dans le monde. Donc, vous plaisez \u00e0 des lecteurs tr\u00e8s diff\u00e9rents. Et je me demandais si pour vous, c&#8217;est un statut un peu particulier, s\u2019l y avait peut-\u00eatre une certaine fiert\u00e9 \u00e0 \u00eatre un Suisse qui est un des francophones les plus vendus, alors que les Fran\u00e7ais se plaisent tellement \u00e0 repr\u00e9senter la francophonie.<\/p>\n\n\n\n<p><a id=\"sonaar_ts-6927cd5d97241\" class=\"srmp3_sonaar_ts_shortcode\"  style=\"\" href=\"javascript:sonaar_ts_shortcode({ trackid:'0', time:'00:21:05', ts_id:'6927cd5d97241', play_icon:'' }) ;\">[00:21:05]<\/a> &#8211; Jo\u00ebl Dicker<\/p>\n\n\n\n<p>Non, pour moi, il n&#8217;y a pas de <\/p>\n\n\n<p>[simple_tooltip content=&#8217;squabble&#8217;]<b>gu\u00e9guerre<\/b>[\/simple_tooltip]<\/p>\n\n\n\n<p>&nbsp; entre un pays ou l&#8217;autre. Pour moi, il y a ce rappel tr\u00e8s important, au contraire, de dire que la francophonie, qu&#8217;est-ce que c&#8217;est ? C&#8217;est un ensemble de gens, de peuples, de pays, de langues au pluriel, de fran\u00e7ais qui sont justement diff\u00e9rents, mais qui font que nous sommes ensemble, une globalit\u00e9. Et cette diversit\u00e9 qui rend la francophonie aussi belle. Et je crois qu&#8217;on doit d\u00e9passer <\/p>\n\n\n<p>[simple_tooltip content=&#8217;village feuds&#8217;]<b>les querelles de villages<\/b>[\/simple_tooltip]<\/p>\n\n\n\n<p>&nbsp; en se demandant : \u00abest-ce qu&#8217;un auteur suisse ou est-ce que c&#8217;est un auteur fran\u00e7ais ou belge ou je ne sais quoi ?\u00bb Mais de se dire la francophonie fait lire \u00e0 l&#8217;\u00e9tranger aussi. Et de rappeler \u00e0 quel point la francophonie est un acteur important de la litt\u00e9rature \u00e0 l&#8217;\u00e9chelle du monde et du monde entier. Et \u00e7a, pour moi, c&#8217;est vraiment quelque chose de tr\u00e8s important de rappeler la force de la francophonie et de ne pas nous endormir sur les acquis de la francophonie, mais au contraire, continuer \u00e0 faire rayonner le fran\u00e7ais. C&#8217;est pour moi un combat tr\u00e8s important.<\/p>\n\n\n\n<p><\/p>\n\n\n\n<p><a id=\"sonaar_ts-6927cd5d97247\" class=\"srmp3_sonaar_ts_shortcode\"  style=\"\" href=\"javascript:sonaar_ts_shortcode({ trackid:'0', time:'00:22:11', ts_id:'6927cd5d97247', play_icon:'' }) ;\">[00:22:11]<\/a> &#8211; Ingrid<\/p>\n\n\n\n<p>Et en tout cas, vous faites partie du combat et vous \u00eates un vrai soldat, on va dire, pour ce combat. Et je trouve que&#8230; Voil\u00e0, je conseille vraiment \u00e0 nos auditeurs de lire votre livre. Je trouve que \u00e7a convient bien \u00e0 ce qu&#8217;ils recherchent en g\u00e9n\u00e9ral et je suis s\u00fbr qu&#8217;ils vont \u00eatre tr\u00e8s contents, voil\u00e0 de pouvoir lire un Suisse. \u00c7a change un petit peu et puis \u00e7a permet de montrer la diversit\u00e9 de la francophonie. Et juste pour finir, j&#8217;avais envie de vous poser une petite question <\/p>\n\n\n<p>[simple_tooltip content=&#8217;funny\u2019]<b>rigolote<\/b>[\/simple_tooltip]<\/p>\n\n\n\n<p> . En tant que Suisse, pour nos auditeurs, est-ce qu&#8217;il y a une expression typiquement suisse que vous aimez bien et que vous voudriez leur partager ?<\/p>\n\n\n\n<p><\/p>\n\n\n\n<p><a id=\"sonaar_ts-6927cd5d9724c\" class=\"srmp3_sonaar_ts_shortcode\"  style=\"\" href=\"javascript:sonaar_ts_shortcode({ trackid:'0', time:'00:22:52', ts_id:'6927cd5d9724c', play_icon:'' }) ;\">[00:22:52]<\/a> &#8211; Jo\u00ebl Dicker<\/p>\n\n\n\n<p>Il y en a plein. Celle qui me parle le plus parce que je me prends les pieds dans le plat, j&#8217;ai envie de dire, \u00e0 chaque fois que je vais en en France ou presque : les serviettes de bain en fran\u00e7ais de Suisse, c&#8217;est un linge. Et donc quand je suis \u00e0 l&#8217;h\u00f4tel (et je voyage souvent) et que j&#8217;ai besoin d&#8217;une serviette pour prendre ma douche et que j&#8217;appelle \u00e0 la r\u00e9ception ou que je demande un linge, personne ne comprend. Un petit mot de suisse : un linge. Un linge, c&#8217;est une serviette de bain pour s&#8217;essuyer le corps apr\u00e8s sa douche ou son bain.<\/p>\n\n\n\n<p><a id=\"sonaar_ts-6927cd5d97254\" class=\"srmp3_sonaar_ts_shortcode\"  style=\"\" href=\"javascript:sonaar_ts_shortcode({ trackid:'0', time:'00:23:22', ts_id:'6927cd5d97254', play_icon:'' }) ;\">[00:23:22]<\/a> &#8211; Ingrid<\/p>\n\n\n\n<p>Ok, tr\u00e8s bien. Merci beaucoup pour ce petit point vocabulaire. C&#8217;\u00e9tait sympa. Encore merci et bonne fin de journ\u00e9e, bonne continuation et encore bravo pour vos livres.<\/p>\n\n\n\n<p><a id=\"sonaar_ts-6927cd5d97258\" class=\"srmp3_sonaar_ts_shortcode\"  style=\"\" href=\"javascript:sonaar_ts_shortcode({ trackid:'0', time:'00:23:33', ts_id:'6927cd5d97258', play_icon:'' }) ;\">[00:23:33]<\/a> &#8211; Jo\u00ebl Dicker<\/p>\n\n\n\n<p>Merci beaucoup. Tr\u00e8s belle journ\u00e9e \u00e0 vous.<\/p>\n\n\n\n<p><a id=\"sonaar_ts-6927cd5d9725d\" class=\"srmp3_sonaar_ts_shortcode\"  style=\"\" href=\"javascript:sonaar_ts_shortcode({ trackid:'0', time:'00:23:35', ts_id:'6927cd5d9725d', play_icon:'' }) ;\">[00:23:35]<\/a> &#8211; Ingrid<\/p>\n\n\n\n<p>\u00c0 vous aussi. Au revoir.<\/p>\n\n\n\n<p><a id=\"sonaar_ts-6927cd5d97261\" class=\"srmp3_sonaar_ts_shortcode\"  style=\"\" href=\"javascript:sonaar_ts_shortcode({ trackid:'0', time:'00:23:36', ts_id:'6927cd5d97261', play_icon:'' }) ;\">[00:23:36]<\/a> &#8211; Jo\u00ebl Dicker<\/p>\n\n\n\n<p>Au revoir.<\/p>\n\n\n\n<p><a id=\"sonaar_ts-6927cd5d97266\" class=\"srmp3_sonaar_ts_shortcode\"  style=\"\" href=\"javascript:sonaar_ts_shortcode({ trackid:'0', time:'00:23:44', ts_id:'6927cd5d97266', play_icon:'' }) ;\">[00:23:44]<\/a> &#8211; Ingrid<\/p>\n\n\n\n<p>J&#8217;esp\u00e8re que cet \u00e9pisode vous a plu. Sur notre site, vous retrouverez comme d&#8217;habitude la transcription, mais aussi les sources. Donc, je vous mettrai la liste des romans de Jo\u00ebl Dicker. Et n&#8217;h\u00e9sitez pas \u00e0 commenter pour nous vous avez aim\u00e9 ce format et ce que vous pensez de cet \u00e9pisode. Merci \u00e0 tous et \u00e0 tr\u00e8s bient\u00f4t. Salut.<\/p>\n","protected":false},"excerpt":{"rendered":"<p>&#8211; Ingrid \u00c9pisode 139 : Jo\u00ebl Dicker nous parle de son nouveau roman. &#8211; Ingrid Bonjour \u00e0 toutes et \u00e0 tous et bienvenue pour cet \u00e9pisode un peu sp\u00e9cial, ou plut\u00f4t, devrais-je dire, pour cet \u00e9pisode dans lequel il y aura un invit\u00e9 un peu sp\u00e9cial. Cet invit\u00e9, c&#8217;est un auteur suisse qui vient de&#8230;<\/p>\n","protected":false},"author":17608,"featured_media":204837,"comment_status":"open","ping_status":"open","sticky":false,"template":"","format":[193],"meta":{"_acf_changed":false,"_kad_blocks_custom_css":"","_kad_blocks_head_custom_js":"","_kad_blocks_body_custom_js":"","_kad_blocks_footer_custom_js":"","_kad_post_transparent":"","_kad_post_title":"","_kad_post_layout":"","_kad_post_sidebar_id":"","_kad_post_content_style":"","_kad_post_vertical_padding":"","_kad_post_feature":"","_kad_post_feature_position":"","_kad_post_header":false,"_kad_post_footer":false,"_kad_post_classname":"","footnotes":""},"categories":[168],"tags":[177,172],"class_list":["post-289580","post","type-post","status-publish","format-standard","has-post-thumbnail","hentry","category-podcast","tag-culture","tag-societe","format-itw-ingrid"],"acf":[],"taxonomy_info":{"category":[{"value":168,"label":"Podcast"}],"post_tag":[{"value":177,"label":"Culture"},{"value":172,"label":"Soci\u00e9t\u00e9"}],"format":[{"value":193,"label":"Interview Ingrid"}]},"featured_image_src_large":["https:\/\/innerfrench.com\/wp-content\/uploads\/2024\/02\/E139-Joel-Dicker-Un-animal-sauvage-750x406.jpg",750,406,true],"author_info":{"display_name":"Ingrid","author_link":"https:\/\/innerfrench.com\/author\/ingrid_temp\/"},"comment_info":47,"category_info":[{"term_id":168,"name":"Podcast","slug":"podcast","term_group":0,"term_taxonomy_id":168,"taxonomy":"category","description":"","parent":0,"count":185,"filter":"raw","cat_ID":168,"category_count":185,"category_description":"","cat_name":"Podcast","category_nicename":"podcast","category_parent":0}],"tag_info":[{"term_id":177,"name":"Culture","slug":"culture","term_group":0,"term_taxonomy_id":177,"taxonomy":"post_tag","description":"","parent":0,"count":44,"filter":"raw"},{"term_id":172,"name":"Soci\u00e9t\u00e9","slug":"societe","term_group":0,"term_taxonomy_id":172,"taxonomy":"post_tag","description":"","parent":0,"count":94,"filter":"raw"}],"_links":{"self":[{"href":"https:\/\/innerfrench.com\/wp-json\/wp\/v2\/posts\/289580","targetHints":{"allow":["GET"]}}],"collection":[{"href":"https:\/\/innerfrench.com\/wp-json\/wp\/v2\/posts"}],"about":[{"href":"https:\/\/innerfrench.com\/wp-json\/wp\/v2\/types\/post"}],"author":[{"embeddable":true,"href":"https:\/\/innerfrench.com\/wp-json\/wp\/v2\/users\/17608"}],"replies":[{"embeddable":true,"href":"https:\/\/innerfrench.com\/wp-json\/wp\/v2\/comments?post=289580"}],"version-history":[{"count":2,"href":"https:\/\/innerfrench.com\/wp-json\/wp\/v2\/posts\/289580\/revisions"}],"predecessor-version":[{"id":293169,"href":"https:\/\/innerfrench.com\/wp-json\/wp\/v2\/posts\/289580\/revisions\/293169"}],"wp:featuredmedia":[{"embeddable":true,"href":"https:\/\/innerfrench.com\/wp-json\/wp\/v2\/media\/204837"}],"wp:attachment":[{"href":"https:\/\/innerfrench.com\/wp-json\/wp\/v2\/media?parent=289580"}],"wp:term":[{"taxonomy":"category","embeddable":true,"href":"https:\/\/innerfrench.com\/wp-json\/wp\/v2\/categories?post=289580"},{"taxonomy":"post_tag","embeddable":true,"href":"https:\/\/innerfrench.com\/wp-json\/wp\/v2\/tags?post=289580"},{"taxonomy":"format","embeddable":true,"href":"https:\/\/innerfrench.com\/wp-json\/wp\/v2\/format?post=289580"}],"curies":[{"name":"wp","href":"https:\/\/api.w.org\/{rel}","templated":true}]}}