{"id":289581,"date":"2024-03-27T13:09:04","date_gmt":"2024-03-27T12:09:04","guid":{"rendered":"https:\/\/innerfrench.com\/?p=205075"},"modified":"2025-09-25T11:24:36","modified_gmt":"2025-09-25T09:24:36","slug":"141-la-france-sera-t-elle-prete-pour-les-jeux-olympiques","status":"publish","type":"post","link":"https:\/\/innerfrench.com\/141-la-france-sera-t-elle-prete-pour-les-jeux-olympiques\/","title":{"rendered":"#141 La France sera-t-elle pr\u00eate pour les Jeux olympiques\u00a0?"},"content":{"rendered":"\n<p><b><a id=\"sonaar_ts-6927cd789448e\" class=\"srmp3_sonaar_ts_shortcode\"  style=\"\" href=\"javascript:sonaar_ts_shortcode({ trackid:'0', time:'00:00:03', ts_id:'6927cd789448e', play_icon:'' }) ;\">[00:00:03]<\/a> &#8211; Hugo<\/b><\/p>\n\n\n\n<p>\u00c9pisode 141. La France sera-t-elle pr\u00eate pour les Jeux olympiques ?<\/p>\n\n\n\n<p><b><a id=\"sonaar_ts-6927cd789449c\" class=\"srmp3_sonaar_ts_shortcode\"  style=\"\" href=\"javascript:sonaar_ts_shortcode({ trackid:'0', time:'00:00:13', ts_id:'6927cd789449c', play_icon:'' }) ;\">[00:00:13]<\/a> &#8211; Hugo<\/b><\/p>\n\n\n\n<p>Salut \u00e0 toutes et \u00e0 tous. Salut Ingrid.<\/p>\n\n\n\n<p><b><a id=\"sonaar_ts-6927cd78944a4\" class=\"srmp3_sonaar_ts_shortcode\"  style=\"\" href=\"javascript:sonaar_ts_shortcode({ trackid:'0', time:'00:00:16', ts_id:'6927cd78944a4', play_icon:'' }) ;\">[00:00:16]<\/a> &#8211; Ingrid<\/b><\/p>\n\n\n\n<p>Salut Hugo.<\/p>\n\n\n\n<p><b><a id=\"sonaar_ts-6927cd78944ab\" class=\"srmp3_sonaar_ts_shortcode\"  style=\"\" href=\"javascript:sonaar_ts_shortcode({ trackid:'0', time:'00:00:17', ts_id:'6927cd78944ab', play_icon:'' }) ;\">[00:00:17]<\/a> &#8211; Hugo<\/b><\/p>\n\n\n\n<p>Comment \u00e7a va aujourd&#8217;hui ?<\/p>\n\n\n\n<p><b><a id=\"sonaar_ts-6927cd78944b0\" class=\"srmp3_sonaar_ts_shortcode\"  style=\"\" href=\"javascript:sonaar_ts_shortcode({ trackid:'0', time:'00:00:19', ts_id:'6927cd78944b0', play_icon:'' }) ;\">[00:00:19]<\/a> &#8211; Ingrid<\/b><\/p>\n\n\n\n<p>\u00c7a va bien. Je suis maintenant au Cambodge, \u00e0 Siem Raep. Et je suis plut\u00f4t contente d&#8217;\u00eatre arriv\u00e9e ici. J&#8217;aime beaucoup l&#8217;ambiance du Cambodge, je m&#8217;y sens tr\u00e8s bien, donc m\u00eame s&#8217;il fait chaud, je peux dire que je vais tr\u00e8s bien. Et toi, comment \u00e7a va ? Quelles sont les nouvelles ?<\/p>\n\n\n\n<p><b><a id=\"sonaar_ts-6927cd78944b6\" class=\"srmp3_sonaar_ts_shortcode\"  style=\"\" href=\"javascript:sonaar_ts_shortcode({ trackid:'0', time:'00:00:39', ts_id:'6927cd78944b6', play_icon:'' }) ;\">[00:00:39]<\/a> &#8211; Hugo<\/b><\/p>\n\n\n\n<p>Moi, \u00e7a va. Les semaines sont assez charg\u00e9es en ce moment parce qu&#8217;on est en plein d\u00e9m\u00e9nagement. Et d&#8217;ailleurs, c&#8217;est un double d\u00e9m\u00e9nagement parce qu&#8217;on a \u00e0 la fois les affaires qu&#8217;on a amen\u00e9es \u00e0 Ch\u00e2teauroux, qu&#8217;on doit mettre dans les cartons, et celles qui restaient \u00e0 Varsovie parce qu&#8217;on n&#8217;avait pas fini de compl\u00e8tement d\u00e9m\u00e9nager notre appartement de Varsovie. Et donc voil\u00e0, on doit g\u00e9rer ces deux trucs-l\u00e0 en m\u00eame temps. C&#8217;est un peu stressant. Mais la bonne nouvelle, c&#8217;est que \u00e7a y est, on a trouv\u00e9 la ville dans laquelle on va s&#8217;installer. Je ne sais pas si je vais le dire tout de suite parce que je pense peut-\u00eatre en parler plus tard, soit dans un \u00e9pisode, soit dans une vid\u00e9o. Donc, voil\u00e0, je vous laisse essayer de deviner.<\/p>\n\n\n\n<p><b><a id=\"sonaar_ts-6927cd78944bb\" class=\"srmp3_sonaar_ts_shortcode\"  style=\"\" href=\"javascript:sonaar_ts_shortcode({ trackid:'0', time:'00:01:22', ts_id:'6927cd78944bb', play_icon:'' }) ;\">[00:01:22]<\/a> &#8211; Ingrid<\/b><\/p>\n\n\n\n<p>Suspense. Moi, je sais, en tout cas.<\/p>\n\n\n\n<p><b><a id=\"sonaar_ts-6927cd78944c1\" class=\"srmp3_sonaar_ts_shortcode\"  style=\"\" href=\"javascript:sonaar_ts_shortcode({ trackid:'0', time:'00:01:25', ts_id:'6927cd78944c1', play_icon:'' }) ;\">[00:01:25]<\/a> &#8211; Hugo<\/b><\/p>\n\n\n\n<p>Toi, tu le sais. Il n&#8217;y a pas de suspense. Mais on d\u00e9m\u00e9nage \u00e0 la fin du mois de ce mois, \u00e0 la fin du mois de mars. Donc, voil\u00e0, c&#8217;est assez charg\u00e9.<\/p>\n\n\n\n<p><b><a id=\"sonaar_ts-6927cd78944c6\" class=\"srmp3_sonaar_ts_shortcode\"  style=\"\" href=\"javascript:sonaar_ts_shortcode({ trackid:'0', time:'00:01:36', ts_id:'6927cd78944c6', play_icon:'' }) ;\">[00:01:36]<\/a> &#8211; Ingrid<\/b><\/p>\n\n\n\n<p>\u00c7a va arriver vite.<\/p>\n\n\n\n<p><b><a id=\"sonaar_ts-6927cd78944cb\" class=\"srmp3_sonaar_ts_shortcode\"  style=\"\" href=\"javascript:sonaar_ts_shortcode({ trackid:'0', time:'00:01:37', ts_id:'6927cd78944cb', play_icon:'' }) ;\">[00:01:37]<\/a> &#8211; Hugo<\/b><\/p>\n\n\n\n<p>\u00c7a va arriver vite, exactement.<\/p>\n\n\n\n<p><b><a id=\"sonaar_ts-6927cd78944d0\" class=\"srmp3_sonaar_ts_shortcode\"  style=\"\" href=\"javascript:sonaar_ts_shortcode({ trackid:'0', time:'00:01:39', ts_id:'6927cd78944d0', play_icon:'' }) ;\">[00:01:39]<\/a> &#8211; Ingrid<\/b><\/p>\n\n\n\n<p>Bon courage. Merci d&#8217;avoir pris du temps pour continuer \u00e0 produire le podcast InnerFrench. Mais c&#8217;est vrai qu&#8217;on avait un sujet dont on voulait parler depuis pas mal de temps et l\u00e0, on s&#8217;est dit que c&#8217;\u00e9tait le bon moment.<\/p>\n\n\n\n<p><b><a id=\"sonaar_ts-6927cd78944d6\" class=\"srmp3_sonaar_ts_shortcode\"  style=\"\" href=\"javascript:sonaar_ts_shortcode({ trackid:'0', time:'00:01:56', ts_id:'6927cd78944d6', play_icon:'' }) ;\">[00:01:56]<\/a> &#8211; Hugo<\/b><\/p>\n\n\n\n<p>Exactement, c&#8217;est le sujet dont tout le monde parle en ce moment parce que c&#8217;est un autre \u00e9v\u00e9nement qui approche \u00e0 grands pas, qui est un peu plus important que mon d\u00e9m\u00e9nagement. C&#8217;est, comme vous vous en doutez, les Jeux olympiques qui se tiendront \u00e0 Paris du 26 juillet au 11 ao\u00fbt et qui seront suivis des Jeux Paralympiques juste apr\u00e8s. Donc, pour les Fran\u00e7ais, \u00e9videmment, c&#8217;est un peu le sujet chaud en ce moment, notamment parce que \u00e7a faisait longtemps qu&#8217;on attendait de pouvoir organiser les Jeux olympiques \u00e0 Paris. On avait d\u00e9j\u00e0 pr\u00e9sent\u00e9 notre candidature en 2015. Non, pardon, on avait d\u00e9j\u00e0 tent\u00e9 notre chance en 92, en 2008 et en 2012. \u00c0 chaque fois, notre candidature n&#8217;avait pas \u00e9t\u00e9 retenue. Et l\u00e0, finalement, \u00e7a a \u00e9t\u00e9 bon. Donc c&#8217;est bien Paris qui va organiser les prochains JO.<\/p>\n\n\n\n<p><b><a id=\"sonaar_ts-6927cd78944db\" class=\"srmp3_sonaar_ts_shortcode\"  style=\"\" href=\"javascript:sonaar_ts_shortcode({ trackid:'0', time:'00:02:57', ts_id:'6927cd78944db', play_icon:'' }) ;\">[00:02:57]<\/a> &#8211; Ingrid<\/b><\/p>\n\n\n\n<p>Et c&#8217;est vrai que symboliquement, c&#8217;est assez cool que \u00e7a tombe finalement cette ann\u00e9e parce que Paris n&#8217;avait pas organis\u00e9 les Jeux olympiques depuis 1924, donc \u00e7a fait 100 ans. Avant \u00e7a, il y avait eu aussi en 1900, ce qui fait que fait qu&#8217;au total, Paris organisera pour la troisi\u00e8me fois les Jeux cette ann\u00e9e. C&#8217;est une des seules villes \u00e0 avoir organis\u00e9 les Jeux aussi souvent. La seule autre, c&#8217;est Londres, voil\u00e0, qui aussi l&#8217;avait fait trois fois.<\/p>\n\n\n\n<p><b><a id=\"sonaar_ts-6927cd78944e0\" class=\"srmp3_sonaar_ts_shortcode\"  style=\"\" href=\"javascript:sonaar_ts_shortcode({ trackid:'0', time:'00:03:32', ts_id:'6927cd78944e0', play_icon:'' }) ;\">[00:03:32]<\/a> &#8211; Hugo<\/b><\/p>\n\n\n\n<p>Oui, ce n&#8217;est pas tr\u00e8s \u00e9tonnant qu&#8217;on ait organis\u00e9 les Jeux aussi souvent parce qu&#8217;il y a un Fran\u00e7ais qui est tr\u00e8s important dans l&#8217;histoire des Jeux olympiques, c&#8217;est le baron Pierre de Coubertin, parce que \u00e7a a \u00e9t\u00e9 l&#8217;artisan principal du retour des Jeux olympiques \u00e0 l&#8217;\u00e9poque moderne. Il a vraiment \u0153uvr\u00e9 \u00e0 la fin du XIX\u1d49 si\u00e8cle pour que les Jeux olympiques reviennent apr\u00e8s avoir \u00e9t\u00e9 organis\u00e9s et invent\u00e9s, \u00e9videmment, par les Grecs dans l&#8217;Antiquit\u00e9. Mais ensuite, ils avaient \u00e9t\u00e9 abolis par un empereur romain, il me semble, au III\u1d49 ou IV\u1d49 si\u00e8cle apr\u00e8s J\u00e9sus-Christ. Et les Jeux olympiques ont fait leur grand retour en 1896, sous l&#8217;impulsion du baron Pierre de Coubertin. Et la premi\u00e8re \u00e9dition \u00e0 l&#8217;\u00e9poque moderne, avait \u00e9t\u00e9 organis\u00e9e \u00e0 Ath\u00e8nes, \u00e9videmment en hommage aux Jeux olympiques de l&#8217;Antiquit\u00e9. Et la deuxi\u00e8me \u00e9dition, en 1900, avait \u00e9t\u00e9 organis\u00e9e organis\u00e9e \u00e0 Paris.<\/p>\n\n\n\n<p><b><a id=\"sonaar_ts-6927cd78944e7\" class=\"srmp3_sonaar_ts_shortcode\"  style=\"\" href=\"javascript:sonaar_ts_shortcode({ trackid:'0', time:'00:04:31', ts_id:'6927cd78944e7', play_icon:'' }) ;\">[00:04:31]<\/a> &#8211; Ingrid<\/b><\/p>\n\n\n\n<p>C&#8217;est vrai que ce nom Pierre de Coubertin, je l&#8217;ai beaucoup vu. Il y a pas mal de stades, par exemple, de gymnases, qui s&#8217;appellent comme \u00e7a en France. Donc voil\u00e0, \u00e7a vient donc de l\u00e0. Et m\u00eame si \u00e7a fait quand m\u00eame assez longtemps, donc 100 ans que Paris n&#8217;avait pas organis\u00e9 les Jeux. Il faut quand m\u00eame pr\u00e9ciser que la France, elle, a organis\u00e9 des Jeux olympiques plus r\u00e9cemment parce qu&#8217;on est quand m\u00eame assez champions sur l&#8217;organisation des Jeux d&#8217;hiver, notamment donc dans les Alpes, puisqu&#8217;il y a d\u00e9j\u00e0 eu trois Jeux olympiques d&#8217;hiver qui ont eu lieu en France. Et apparemment, \u00e7a, c&#8217;est encore en discussion, mais les prochains en 2030, devraient aussi avoir lieu dans les Alpes fran\u00e7aises. Donc, voil\u00e0, c&#8217;est vrai que la France, niveau JO, est quand m\u00eame assez int\u00e9ress\u00e9e et dans le top des organisatrices.<\/p>\n\n\n\n<p><b><a id=\"sonaar_ts-6927cd78944ec\" class=\"srmp3_sonaar_ts_shortcode\"  style=\"\" href=\"javascript:sonaar_ts_shortcode({ trackid:'0', time:'00:05:27', ts_id:'6927cd78944ec', play_icon:'' }) ;\">[00:05:27]<\/a> &#8211; Hugo<\/b><\/p>\n\n\n\n<p>C&#8217;est vrai que l&#8217;organisation de ces grandes comp\u00e9titions sportives internationales, c&#8217;est toujours l&#8217;occasion de faire la promotion, soit d&#8217;un pays, soit d&#8217;une ville. Et il y a beaucoup de grandes villes qui se battent pour pouvoir organiser les Jeux olympiques. M\u00eame si au niveau financier, c&#8217;est rarement une bonne op\u00e9ration. Souvent, les villes perdent de l&#8217;argent en organisant ces comp\u00e9titions. Mais un des arguments qui a convaincu le Comit\u00e9 olympique d&#8217;accepter la candidature de Paris pour cette prochaine \u00e9dition, c&#8217;est le fait que la plupart des infrastructures sportives \u00e9taient d\u00e9j\u00e0 pr\u00e9sentes. Donc, contrairement \u00e0 d&#8217;autres villes pour lesquelles il avait fallu construire des stades, des piscines, etc., \u00e0 partir de z\u00e9ro. L\u00e0, \u00e0 Paris, on avait d\u00e9j\u00e0 la majeure partie des infrastructures n\u00e9cessaires. Donc, c&#8217;\u00e9tait un des arguments de la candidature de la ville de Paris, c&#8217;\u00e9tait de dire : \u00e7a va des Jeux olympiques tr\u00e8s verts, tr\u00e8s \u00e9cologiques, parce qu&#8217;on ne va pas avoir besoin de faire sortir d&#8217;immenses stades du sol.<\/p>\n\n\n\n<p><b><a id=\"sonaar_ts-6927cd78944f1\" class=\"srmp3_sonaar_ts_shortcode\"  style=\"\" href=\"javascript:sonaar_ts_shortcode({ trackid:'0', time:'00:06:39', ts_id:'6927cd78944f1', play_icon:'' }) ;\">[00:06:39]<\/a> &#8211; Ingrid<\/b><\/p>\n\n\n\n<p>C&#8217;est vrai que c&#8217;\u00e9tait important aussi pour les Fran\u00e7ais et les Parisiens de savoir que cette organisation n&#8217;allait pas signifier des grands travaux qui allaient faire perdre beaucoup d&#8217;argent comme \u00e7a a pu \u00eatre le cas dans d&#8217;autres villes. Et finalement, c&#8217;est vrai qu&#8217;on pose la question : la France sera-t-elle pr\u00eate pour les les Jeux olympiques ? Alors, on va voir tous les doutes qu&#8217;on peut avoir, mais en tout cas, au niveau des infrastructures, au niveau des gymnases, des stades, des piscines, etc, \u00e7a, a priori, c&#8217;est bon. Il y avait quelques r\u00e9novations \u00e0 faire, il y avait quelques constructions \u00e0 faire ou choses temporaires \u00e0 mettre en place, mais globalement, ce n&#8217;\u00e9tait pas si important puisque comme tu l&#8217;as dit, on utilise beaucoup d&#8217;infrastructures qui existent d\u00e9j\u00e0. Et sinon, il y a eu une loi olympique qui a \u00e9t\u00e9 mise en place exceptionnellement et qui a permis d&#8217;acc\u00e9l\u00e9rer certaines constructions en contournant des r\u00e8glements, normalement, qui font que \u00e7a met beaucoup de temps en termes d&#8217;urbanisme, etc. L\u00e0, \u00e7a a \u00e9t\u00e9 plut\u00f4t fluide et rapide, donc normalement, c&#8217;est pr\u00eat. Et comme tu disais, c&#8217;est l&#8217;occasion de mettre en lumi\u00e8re une ville. L\u00e0, c&#8217;est Paris, mais aussi un pays. En fait, les jeux n&#8217;auront pas lieu seulement \u00e0 Paris. Est-ce que tu as vu la liste \u00e0 peu pr\u00e8s des endroits o\u00f9 \u00e7a allait se passer ?<\/p>\n\n\n\n<p><b><a id=\"sonaar_ts-6927cd78944f7\" class=\"srmp3_sonaar_ts_shortcode\"  style=\"\" href=\"javascript:sonaar_ts_shortcode({ trackid:'0', time:'00:08:15', ts_id:'6927cd78944f7', play_icon:'' }) ;\">[00:08:15]<\/a> &#8211; Hugo<\/b><\/p>\n\n\n\n<p>Oui, donc d\u00e9j\u00e0, on dit Paris, mais \u00e7a va \u00eatre plus g\u00e9n\u00e9ralement en r\u00e9gion parisienne, parce que vous savez que la ville de Paris en elle-m\u00eame est tr\u00e8s dense, mais aussi tr\u00e8s petite, si on la compare \u00e0 d&#8217;autres capitales europ\u00e9ennes comme Londres ou Berlin. Elle est tr\u00e8s concentr\u00e9e \u00e0 l&#8217;int\u00e9rieur du p\u00e9riph\u00e9rique, cette autoroute qui fait le tour de la ville. Donc voil\u00e0, \u00e7a va \u00eatre plus g\u00e9n\u00e9ralement en \u00cele-de-France. L&#8217;\u00cele-de-france, c&#8217;est la r\u00e9gion o\u00f9 se trouve Paris, par exemple dans les d\u00e9partements de Seine-Saint-Denis, du Bourget, de Nanterre, Versailles, etc. L\u00e0 o\u00f9 il y a pas mal d&#8217;\u00e9quipements sportifs, mais aussi dans des villes de province comme Marseille, Nice, Toulouse, Bordeaux, Nantes et m\u00eame Ch\u00e2teauroux. Et oui, attention, \u00e0 Ch\u00e2teauroux, on va avoir des \u00e9preuves de tir sportif. Donc, le tir, c&#8217;est cette discipline dans laquelle on doit viser des cibles avec une arme, un fusil, je pense, ou peut-\u00eatre un pistolet, je ne sais pas. Je regarde rarement le tir sportif. Ce n&#8217;est pas forc\u00e9ment la discipline la plus populaire. Et il me semble, en plus, que les \u00e9preuves vont \u00eatre ferm\u00e9es au public pour des raisons de s\u00e9curit\u00e9. Donc, voil\u00e0, e ne sais pas si \u00e7a va attirer beaucoup de spectateurs \u00e0 Ch\u00e2teauroux, mais en tout cas, Ch\u00e2teauroux est fier de participer aux Jeux olympiques de cette ann\u00e9e.<\/p>\n\n\n\n<p><b><a id=\"sonaar_ts-6927cd78944fd\" class=\"srmp3_sonaar_ts_shortcode\"  style=\"\" href=\"javascript:sonaar_ts_shortcode({ trackid:'0', time:'00:09:41', ts_id:'6927cd78944fd', play_icon:'' }) ;\">[00:09:41]<\/a> &#8211; Ingrid<\/b><\/p>\n\n\n\n<p>Ah oui, donc tu ne pourras pas forc\u00e9ment aller chez tes parents pour pouvoir assister \u00e0 une \u00e9preuve. M\u00eame si c&#8217;est quelque chose qui ne t&#8217;int\u00e9resse pas forc\u00e9ment, \u00e7a aurait pu \u00eatre rigolo, mais si c&#8217;est ferm\u00e9 au public, c&#8217;est vrai que \u00e7a n&#8217;a pas trop d&#8217;int\u00e9r\u00eat pour toi. Alors que moi, par contre, mes parents, eux, ils dans leur ville et dans les villes d&#8217;\u00e0 c\u00f4t\u00e9, plusieurs \u00e9preuves qui sont organis\u00e9es, puisqu&#8217;\u00e0 Elancourt et Saint-Quentin-en-Yvelines, c&#8217;est les \u00e9preuves de v\u00e9lo qui sont organis\u00e9es. Et je pense que si elles sont ouvertes au public. Et c&#8217;est vrai qu&#8217;\u00e0 Elancourt, la ville o\u00f9 j&#8217;ai grandi, on en a d\u00e9j\u00e0 parl\u00e9 dans ce podcast, on a une colline qui est le point culminant, donc le point le plus \u00e9lev\u00e9 de toute l&#8217;\u00cele-de-France. On en est tr\u00e8s fiers et c&#8217;est l\u00e0 que vont avoir lieu certaines \u00e9preuves de v\u00e9lo. Donc bon, moi, comme vous savez, je ne suis pas en France et je ne compte pas du tout rentrer en France pour les Jeux olympiques. Bien au contraire, c&#8217;est plut\u00f4t \u00e0 \u00e9viter. On va voir pourquoi. Mais mes parents, eux, peut-\u00eatre qu&#8217;ils pourront assister \u00e0 ces \u00e9preuves. Je ne sais pas, mais c&#8217;est assez rigolo, en tout cas, de voir que chez toi comme chez moi, les endroits o\u00f9 on a grandi, il y a des \u00e9preuves. Donc c&#8217;est bien la preuve que ce n&#8217;est pas seulement Paris, Paris Centre.<\/p>\n\n\n\n<p><b><a id=\"sonaar_ts-6927cd7894503\" class=\"srmp3_sonaar_ts_shortcode\"  style=\"\" href=\"javascript:sonaar_ts_shortcode({ trackid:'0', time:'00:11:02', ts_id:'6927cd7894503', play_icon:'' }) ;\">[00:11:02]<\/a> &#8211; Hugo<\/b><\/p>\n\n\n\n<p>Oui, je comprends que tu n&#8217;aies pas sp\u00e9cialement envie de rentrer pour les Jeux olympiques. C&#8217;est vrai que parmi les Parisiens, on entend deux discours. Il y a ceux qui sont ravis de ces Jeux olympiques, qui veulent assister \u00e0 des \u00e9preuves et voir les d\u00e9l\u00e9gations de sportifs venues de tous les pays et qui sont fiers que Paris organise ces Jeux olympiques. Mais il y a aussi une grande partie de sceptiques qui pensent, si on r\u00e9sume, que Paris n&#8217;est pas du tout pr\u00eate pour ces Jeux olympiques, que \u00e7a va \u00eatre un grand bazar et qui font tout pour partir et ne pas \u00eatre \u00e0 Paris au moment des Jeux olympiques. On va vous expliquer dans cet \u00e9pisode pourquoi il y a tellement de doutes.<\/p>\n\n\n\n<p><b><a id=\"sonaar_ts-6927cd7894508\" class=\"srmp3_sonaar_ts_shortcode\"  style=\"\" href=\"javascript:sonaar_ts_shortcode({ trackid:'0', time:'00:11:58', ts_id:'6927cd7894508', play_icon:'' }) ;\">[00:11:58]<\/a> &#8211; Ingrid<\/b><\/p>\n\n\n\n<p>Oui, c&#8217;est vrai qu&#8217;il y a plusieurs indices qui nous montrent qu&#8217;il y a des doutes \u00e0 avoir. Donc, d\u00e9j\u00e0, la premi\u00e8re chose, c&#8217;est qu&#8217;il y a pas mal de promesses qui n&#8217;ont pas \u00e9t\u00e9 tenues, des choses qui \u00e9taient annonc\u00e9es au d\u00e9part et finalement, \u00e7a ne va pas se passer comme pr\u00e9vu, donc l\u00e0, \u00e7a permet d\u00e9j\u00e0 de se poser des questions sur l&#8217;organisation. Donc notamment, j&#8217;ai not\u00e9 trois choses, mais il y en a plein d&#8217;autres. Les transports \u00e9taient cens\u00e9s \u00eatre gratuits pour les d\u00e9tenteurs des billets qui allaient assister aux \u00e9preuves et finalement, il n&#8217;y a pas de gratuit\u00e9 et au contraire, il y a un pass qui est plut\u00f4t cher par rapport au prix normal des transports parisiens. Ensuite, la deuxi\u00e8me chose que j&#8217;ai not\u00e9e comme promesse non tenue, c&#8217;est qu&#8217;on va en reparler plus en d\u00e9tails, mais la c\u00e9r\u00e9monie d&#8217;ouverture, qui est LE gros \u00e9v\u00e9nement des jeux, aurait d\u00fb pouvoir accueillir un million de spectateurs. Et puis, finalement, c&#8217;est descendu \u00e0 600 000 et maintenant, on est \u00e0 300 000. Donc, on est vraiment dans la r\u00e9duction des pr\u00e9visions. Et puis enfin, je ne sais pas si tu avais vu \u00e7a, mais j&#8217;ai vu en faisant des recherches qu&#8217;au d\u00e9part, ils nous avaient promis qu&#8217;on aurait Daft Punk pour la c\u00e9r\u00e9monie d&#8217;ouverture. Et finalement, on ne sait toujours pas qui chantera ou qui fera un show pour la c\u00e9r\u00e9monie, mais apparemment, ce n&#8217;est pas du tout Daft Punk, ce n&#8217;est pas au programme.<\/p>\n\n\n\n<p><b><a id=\"sonaar_ts-6927cd789450e\" class=\"srmp3_sonaar_ts_shortcode\"  style=\"\" href=\"javascript:sonaar_ts_shortcode({ trackid:'0', time:'00:13:33', ts_id:'6927cd789450e', play_icon:'' }) ;\">[00:13:33]<\/a> &#8211; Hugo<\/b><\/p>\n\n\n\n<p>Alors, moi, j&#8217;ai vu qu&#8217;ils n&#8217;avaient pas explicitement promis Daft Punk, mais ils avaient laiss\u00e9 entendre que ce serait s\u00fbrement Daft Punk et que ce serait difficile d&#8217;imaginer un autre groupe que Daft Punk pour cette c\u00e9r\u00e9monie d&#8217;ouverture, compte tenu de leur renomm\u00e9e internationale, de leur succ\u00e8s. Mais Daft Punk, le duo qui forme ce groupe s&#8217;est s\u00e9par\u00e9 il y a deux ou trois ans. Je me souviens plus exactement. Ils ont fait une vid\u00e9o, un petit clip pour annoncer leur&#8230; Pas leur s\u00e9paration, mais en fait, la fin officielle de Daft Punk. Donc, c&#8217;est peut-\u00eatre pour \u00e7a qu&#8217;ils ont refus\u00e9 ou peut-\u00eatre parce qu&#8217;ils n&#8217;avaient pas envie de participer \u00e0 ce genre d&#8217;\u00e9v\u00e9nement. C&#8217;est difficile \u00e0 dire, mais il y a pas mal de gens qui \u00e9taient d\u00e9\u00e7us de cette annonce.<\/p>\n\n\n\n<p><b><a id=\"sonaar_ts-6927cd7894514\" class=\"srmp3_sonaar_ts_shortcode\"  style=\"\" href=\"javascript:sonaar_ts_shortcode({ trackid:'0', time:'00:14:2', ts_id:'6927cd7894514', play_icon:'' }) ;\">[00:14:20]<\/a> &#8211; Ingrid<\/b><\/p>\n\n\n\n<p>Donc voil\u00e0, en g\u00e9n\u00e9ral, il y a plut\u00f4t pas mal d&#8217;inqui\u00e9tudes et on n&#8217;est pas les seuls \u00e0 le penser. Les Parisiens le pensent. La maire de Paris, \u00e0 un moment, Anne Hidalgo a \u00e9mis aussi des doutes. Le pr\u00e9fet de Paris, \u00e0 un moment, a \u00e9mis des doutes. Donc, on peut se poser la question : est-ce que Paris va \u00eatre pr\u00eate ? Et les trois cat\u00e9gories qui posent question en particulier et qu&#8217;on va voir, c&#8217;est les transports, la s\u00e9curit\u00e9 et le logement.<\/p>\n\n\n\n<p><b><a id=\"sonaar_ts-6927cd789451a\" class=\"srmp3_sonaar_ts_shortcode\"  style=\"\" href=\"javascript:sonaar_ts_shortcode({ trackid:'0', time:'00:15:00', ts_id:'6927cd789451a', play_icon:'' }) ;\">[00:15:00]<\/a> &#8211; Hugo<\/b><\/p>\n\n\n\n<p>Alors, les transports. Comme on l&#8217;a dit un peu plus t\u00f4t, au niveau des infrastructures sportives, des \u00e9quipements, on est globalement pr\u00eats. Par contre, la ville de Paris avait besoin d&#8217;augmenter le nombre de transports pour que tous les spectateurs puissent acc\u00e9der \u00e0 ces diff\u00e9rentes infrastructures. \u00c7a, c&#8217;\u00e9tait le gros chantier pour les Jeux olympiques. Et il \u00e9tait question, au d\u00e9part, de la construction du Grand Paris Express. Le Grand Paris Express, c&#8217;est un train qui doit faire le tour de toute la ville de Paris. Paris, un peu comme les RER que vous connaissez d\u00e9j\u00e0, ces trains r\u00e9gionaux. Sauf que l\u00e0, au lieu de traverser Paris du nord au sud et d&#8217;est en ouest, le Grand Paris Express, \u00e7a fait le tour et c&#8217;est cens\u00e9 desservir les villes qui sont dans la proche banlieue parisienne. Donc \u00e7a, c&#8217;est un chantier qui date, ou un projet en tout cas, qui date d&#8217;avant les Jeux olympiques, mais qui devait \u00eatre pr\u00eat pour les Jeux olympiques. Et finalement, il ne sera pas pr\u00eat avant 2027 ou 2028, je crois. Parce que c&#8217;est un chantier pharaonique, un chantier \u00e9norme. Et voil\u00e0, le Grand Paris Express ne sera pas op\u00e9rationnel pour les Jeux olympiques. On a parl\u00e9 aussi de cette question de gratuit\u00e9 qui \u00e9tait la promesse symbolique, encore une fois, pour renforcer cette candidature de Paris comme les Jeux olympiques les plus verts, les plus \u00e9co-friendly. Mais finalement, il va y avoir un passe hebdomadaire \u00e0 70 \u20ac, je crois. Donc c&#8217;est assez cher, 70 \u20ac pour pouvoir se balader dans toute l&#8217;\u00cele-de-France en m\u00e9tro ou en RER. Et le ticket de m\u00e9tro passe \u00e0 4 \u20ac alors que normalement, il est \u00e0 2,20 \u20ac, un truc comme \u00e7a. Donc, le prix a quasiment doubl\u00e9.<\/p>\n\n\n\n<p><b><a id=\"sonaar_ts-6927cd789451f\" class=\"srmp3_sonaar_ts_shortcode\"  style=\"\" href=\"javascript:sonaar_ts_shortcode({ trackid:'0', time:'00:16:58', ts_id:'6927cd789451f', play_icon:'' }) ;\">[00:16:58]<\/a> &#8211; Ingrid<\/b><\/p>\n\n\n\n<p>Apr\u00e8s, pour les habitants qui peuvent prouver qu&#8217;ils sont habitants de la r\u00e9gion, les prix restent les m\u00eames. Mais pour les spectateurs qui, justement, devaient avoir la gratuit\u00e9, les prix sont tr\u00e8s \u00e9lev\u00e9s. Et effectivement, c&#8217;est vrai que tout ce qui \u00e9tait pr\u00e9vu \u00e0 la base, finalement, ne va pas se passer comme pr\u00e9vu. Donc, tu disais, il y a le Grand Paris Express qui n&#8217;a finalement pas \u00e9t\u00e9 termin\u00e9. C&#8217;est le cas de plein d&#8217;autres lignes. Quand on regarde, le plan pr\u00e9vu, il devait y avoir plusieurs nouvelles lignes de m\u00e9tro, un train express pour l&#8217;a\u00e9roport, etc. Tout \u00e7a, \u00e7a n&#8217;existe pas finalement. Alors quand m\u00eame, il y a des choses qui ont \u00e9t\u00e9 mises en place. \u00c7a ne veut pas dire qu&#8217;il n&#8217;y a rien du tout qui a \u00e9t\u00e9 construit, mais on a plut\u00f4t des prolongements de lignes. Parfois, il y en a certaines qui vont ouvrir juste avant les Jeux olympiques, donc les trains seront encore en phase de mise en place et donc il n&#8217;y en aura pas forc\u00e9ment beaucoup. C&#8217;est le cas du prolongement de la ligne de RER E. Mais voil\u00e0, en g\u00e9n\u00e9ral, il y a des choses qui \u00e9taient pr\u00e9vues et finalement, il ne va pas y avoir beaucoup de trains. Et c&#8217;est vrai que c&#8217;est assez inqui\u00e9tant parce qu&#8217;actuellement, d\u00e9j\u00e0 avec seulement la population francilienne actuelles, les transports sont assez compliqu\u00e9s en ce moment depuis le covid. C&#8217;est vrai qu&#8217;il y a eu beaucoup de retard sur les trains. Il y a certaines lignes qui ont \u00e9t\u00e9 r\u00e9duites. Le personnel de la RATP, donc la soci\u00e9t\u00e9 qui s&#8217;occupe du m\u00e9tro dans Paris, a \u00e9t\u00e9 r\u00e9duit. Ils ont du mal \u00e0 recruter. Donc, en ce moment, quand on regarde, par exemple, les r\u00e9seaux sociaux, on peut voir que les Parisiens et les Franciliens qui, normalement, sont globalement satisfaits, on peut dire que Paris a quand m\u00eame un bon syst\u00e8me de transport, bah depuis le Covid, commencent \u00e0 pas mal se plaindre du fait que c&#8217;est devenu un peu le grand n&#8217;importe quoi. Moi-m\u00eame, en tant que Francilienne, quand je retourne chez mes parents, depuis quelques ann\u00e9es, je vois que c&#8217;est vraiment tr\u00e8s compliqu\u00e9 parce qu&#8217;il y a des travaux partout, il y a des trains qui sont annul\u00e9s. Et c&#8217;est vrai que souvent, je me plains moi-m\u00eame et je dis \u00e0 ma m\u00e8re, par exemple : \u00ab mais ce n&#8217;est pas possible maintenant quand je viens chez vous et \u00e0 chaque fois que je veux aller \u00e0 Paris, les trains sont annul\u00e9s. Je ne sait pas quoi faire \u00bb, etc. Donc, quand on voit \u00e7a, on se dit : mais comment \u00e7a va \u00eatre quand il va y avoir beaucoup de touristes et beaucoup d&#8217;\u00e9preuves et un dispositif de s\u00e9curit\u00e9 hyper important, quoi ?<\/p>\n\n\n\n<p><b><a id=\"sonaar_ts-6927cd7894525\" class=\"srmp3_sonaar_ts_shortcode\"  style=\"\" href=\"javascript:sonaar_ts_shortcode({ trackid:'0', time:'00:19:51', ts_id:'6927cd7894525', play_icon:'' }) ;\">[00:19:51]<\/a> &#8211; Hugo<\/b><\/p>\n\n\n\n<p>C&#8217;est vrai. Donc, c&#8217;est li\u00e9 en partie au covid qui a augment\u00e9 apparemment le taux d&#8217;absent\u00e9isme parmi le personnel de la RATP. Il y a de plus en plus d&#8217;absence. Le taux d&#8217;absent\u00e9isme. Il y a de plus en plus d&#8217;absence parmi les employ\u00e9s. C&#8217;est li\u00e9 aussi justement \u00e0 tous ces travaux pour agrandir et moderniser le r\u00e9seau qui cr\u00e9ent des retards. Donc, on peut esp\u00e9rer qu&#8217;une partie de ces travaux sera termin\u00e9e d&#8217;ici les JO, ce qui permettra de circuler de mani\u00e8re plus fluide. Mais c&#8217;est vrai qu&#8217;il y a de grosses craintes par rapport \u00e0 \u00e7a, notamment aussi parce que certains syndicats ne sont pas satisfaits des conditions de travail des employ\u00e9s qui travaillent dans les m\u00e9tros, etc. Et ils menacent d\u00e9j\u00e0 de faire gr\u00e8ve pendant les Jeux olympiques. Donc, si en plus de tous ces probl\u00e8mes logistiques, on ajoute des gr\u00e8ves, \u00e7a risque d&#8217;\u00eatre assez compliqu\u00e9 de prendre le m\u00e9tro et le bus \u00e0 Paris pendant les Jeux olympiques.<\/p>\n\n\n\n<p><b><a id=\"sonaar_ts-6927cd789452a\" class=\"srmp3_sonaar_ts_shortcode\"  style=\"\" href=\"javascript:sonaar_ts_shortcode({ trackid:'0', time:'00:20:56', ts_id:'6927cd789452a', play_icon:'' }) ;\">[00:20:56]<\/a> &#8211; Ingrid<\/b><\/p>\n\n\n\n<p>\u00c7a, ce serait dr\u00f4le. \u00c7a ferait une grande d\u00e9monstration fran\u00e7aise.<\/p>\n\n\n\n<p><b><a id=\"sonaar_ts-6927cd789452f\" class=\"srmp3_sonaar_ts_shortcode\"  style=\"\" href=\"javascript:sonaar_ts_shortcode({ trackid:'0', time:'00:21:01', ts_id:'6927cd789452f', play_icon:'' }) ;\">[00:21:01]<\/a> &#8211; Hugo<\/b><\/p>\n\n\n\n<p>Du grand french bashing. Et ce qui \u00e9tait dr\u00f4le aussi dans une des vid\u00e9os qu&#8217;on a regard\u00e9es pour pr\u00e9parer cet \u00e9pisode, c&#8217;est que depuis le covid, il y a seulement quatre lignes de m\u00e9tro sur 17, il me semble, qui respectent leurs objectifs de ponctualit\u00e9. Et deux de ces lignes sont des lignes automatiques, qui sont des lignes o\u00f9 il n&#8217;y a pas de chauffeurs de m\u00e9tro, mais ce sont des lignes totalement automatis\u00e9es. Donc, voil\u00e0, on a de gros probl\u00e8mes d\u00e9j\u00e0 de ponctualit\u00e9 et avec le nombre de voyageurs qui va \u00eatre multipli\u00e9 par je ne sais pas combien pendant les Jeux olympiques, \u00e7a risque de ne pas arranger nos affaires.<\/p>\n\n\n\n<p><b><a id=\"sonaar_ts-6927cd7894535\" class=\"srmp3_sonaar_ts_shortcode\"  style=\"\" href=\"javascript:sonaar_ts_shortcode({ trackid:'0', time:'00:21:46', ts_id:'6927cd7894535', play_icon:'' }) ;\">[00:21:46]<\/a> &#8211; Ingrid<\/b><\/p>\n\n\n\n<p>Une autre grande inqui\u00e9tude qu&#8217;il y a par rapport \u00e0 l&#8217;organisation des Jeux olympiques, c&#8217;est la question de la s\u00e9curit\u00e9. C&#8217;est vrai que c&#8217;est un \u00e9v\u00e9nement international, le plus grand \u00e9v\u00e9nement sportif au monde, avec plus de 15 millions de visiteurs. Donc, il y a beaucoup de possibilit\u00e9s d&#8217;attaquer d&#8217;attaques, par exemple d&#8217;attaques terroristes physiques. Il y a aussi des possibilit\u00e9s de cyberattaques. Et l\u00e0, les inqui\u00e9tudes vont plut\u00f4t du c\u00f4t\u00e9 de la Russie. C&#8217;est vrai que la Russie n&#8217;a pas \u00e9t\u00e9 invit\u00e9e aux Jeux olympiques. Leurs sportifs vont \u00eatre sous banni\u00e8re neutre et il n&#8217;y aura pas de drapeau, de d\u00e9l\u00e9gation, d&#8217;\u00e9quipe officielle de la Russie. Et donc, apparemment, il y a d\u00e9j\u00e0 des de petites attaques qui ont \u00e9t\u00e9 mises en place et qui risquent de s&#8217;acc\u00e9l\u00e9rer. Donc, voil\u00e0, entre les attaques terroristes, entre guillemets, &#8220;habituelles&#8221; auxquelles la France a d\u00e9j\u00e0 fait face et les attaques cyber du c\u00f4t\u00e9 de la Russie, il y a pas mal d&#8217;inqui\u00e9tudes, et notamment par rapport \u00e0 la c\u00e9r\u00e9monie d&#8217;ouverture. Alors, en plus, la France aime bien faire les choses en grand, donc, pour la premi\u00e8re fois de l&#8217;histoire des Jeux olympiques, la c\u00e9r\u00e9monie d&#8217;ouverture va avoir lieu \u00e0 l&#8217;ext\u00e9rieur et non pas dans un stade ferm\u00e9. Et sur une surface tr\u00e8s longue, puisque ce sera sur 6 kilom\u00e8tres, sur des bateaux, sur la Seine. Je pense que c&#8217;est entre le pont de I\u00e9na et le pont d&#8217;Austerlitz. Donc vraiment un p\u00e9rim\u00e8tre tr\u00e8s important et difficile \u00e0 s\u00e9curiser. Donc, pour tout \u00e7a, il y a quand m\u00eame pas mal d&#8217;inqui\u00e9tudes.<\/p>\n\n\n\n<p><b><a id=\"sonaar_ts-6927cd789454d\" class=\"srmp3_sonaar_ts_shortcode\"  style=\"\" href=\"javascript:sonaar_ts_shortcode({ trackid:'0', time:'00:23:42', ts_id:'6927cd789454d', play_icon:'' }) ;\">[00:23:42]<\/a> &#8211; Hugo<\/b><\/p>\n\n\n\n<p>Oui, c&#8217;est vrai que tous les yeux sont riv\u00e9s sur cette c\u00e9r\u00e9monie d&#8217;ouverture. Elle cristallise toutes les inqui\u00e9tudes parce que c&#8217;est vraiment l&#8217;endroit id\u00e9al pour faire une attaque terroriste et avoir \u00e9norm\u00e9ment de visibilit\u00e9. Tous les Parisiens et tous les Fran\u00e7ais, de mani\u00e8re g\u00e9n\u00e9rale, ont encore en t\u00eate les attentats de 2015, qui avaient eu lieu au Bataclan, dans la salle de concert. Donc, c&#8217;est vrai que plusieurs fois, l&#8217;\u00e9chelle de cette c\u00e9r\u00e9monie d&#8217;ouverture a \u00e9t\u00e9 un peu r\u00e9duite. Comme tu l&#8217;avais dit, au d\u00e9part, on devait avoir un million de spectateurs et maintenant, on parle plut\u00f4t de 300 000. Mais \u00e7a reste quand m\u00eame un gros d\u00e9fi au niveau technique et au niveau de la s\u00e9curit\u00e9. C&#8217;est pour \u00e7a que le gouvernement, l&#8217;\u00c9tat, de mani\u00e8re g\u00e9n\u00e9rale, essaye de recruter des dizaines de milliers de nouveaux policiers, des agents de s\u00e9curit\u00e9, m\u00eame au niveau priv\u00e9. Par exemple, pour les a\u00e9roports, en plus de cette c\u00e9r\u00e9monie d&#8217;ouverture. Le probl\u00e8me, c&#8217;est que \u00e7a prend du temps de former ces personnes et aussi de v\u00e9rifier tous leurs dossiers, leurs ant\u00e9c\u00e9dents, pour s&#8217;assurer que ce sont des personnes habilit\u00e9es \u00e0 occuper ce genre de poste. Donc, d\u00e9j\u00e0, avant les Jeux olympiques, il y avait une p\u00e9nurie. On avait du mal \u00e0 recruter suffisamment d&#8217;agents de s\u00e9curit\u00e9 et de policiers. Et l\u00e0, on a besoin d&#8217;encore plus de nouveaux policiers. Donc, voil\u00e0, la situation est assez tendue.<\/p>\n\n\n\n<p><b><a id=\"sonaar_ts-6927cd7894557\" class=\"srmp3_sonaar_ts_shortcode\"  style=\"\" href=\"javascript:sonaar_ts_shortcode({ trackid:'0', time:'00:25:19', ts_id:'6927cd7894557', play_icon:'' }) ;\">[00:25:19]<\/a> &#8211; Ingrid<\/b><\/p>\n\n\n\n<p>Oui, c&#8217;est vrai qu&#8217;au niveau des agents de s\u00e9curit\u00e9, il faut faire une enqu\u00eate assez pouss\u00e9e pour les recruter. Et justement, dans un contexte comme celui-l\u00e0, c&#8217;est assez inqui\u00e9tant parce que si on doit recruter des personnes au dernier moment, c&#8217;est l\u00e0 o\u00f9 on peut prendre le plus de risques. Mais aussi au niveau des spectateurs, il n&#8217;y aura pas que les agents de s\u00e9curit\u00e9 qui vont \u00eatre extr\u00eamement contr\u00f4l\u00e9s, mais aussi les spectateurs. Ce qui fait que si jamais vous voulez assister aux Jeux olympiques, vous vous en rendrez compte assez rapidement, il y aura des contr\u00f4les partout sur place, mais m\u00eame au niveau de la distribution des tickets, pour la c\u00e9r\u00e9monie d&#8217;ouverture, notamment, il va y avoir un esp\u00e8ce de principe appel\u00e9 &#8220;le tiers de confiance&#8221;. Donc, les billets vont \u00eatre distribu\u00e9s par l&#8217;\u00c9tat, par les mairies, par la r\u00e9gion. Et \u00e0 chaque fois, il y aura un contr\u00f4le d&#8217;identit\u00e9 strict des personnes qui vont assister. Donc, voil\u00e0, c&#8217;est quelque chose d&#8217;assez lourd, on va dire. Voil\u00e0. Et on ne sait pas trop comment ils vont r\u00e9ussir \u00e0 mettre \u00e7a en place. Donc \u00e7a, il y a des grosses questions pour savoir si la France sera pr\u00eate au niveau de la s\u00e9curit\u00e9 pour les Jeux olympiques.<\/p>\n\n\n\n<p><b><a id=\"sonaar_ts-6927cd789455c\" class=\"srmp3_sonaar_ts_shortcode\"  style=\"\" href=\"javascript:sonaar_ts_shortcode({ trackid:'0', time:'00:26:52', ts_id:'6927cd789455c', play_icon:'' }) ;\">[00:26:52]<\/a> &#8211; Hugo<\/b><\/p>\n\n\n\n<p>Enfin, dernier domaine dans lequel il y a pas mal de doute quant \u00e0 l&#8217;organisation de ces Jeux olympiques de Paris, c&#8217;est le logement. On se demande comment on va faire pour loger tous les spectateurs, mais aussi les b\u00e9n\u00e9voles qui viennent pour aider \u00e0 l&#8217;organisation de ces jeux. Donc, un ou une b\u00e9n\u00e9vole, c&#8217;est une personne qui fait une activit\u00e9 sans \u00eatre pay\u00e9. Normalement, c&#8217;est plut\u00f4t dans les associations, mais dans l&#8217;organisation de grands \u00e9v\u00e9nements, il y a aussi des b\u00e9n\u00e9voles, des personnes qui viennent aider gratuitement et en \u00e9change, elles peuvent assister \u00e0 l&#8217;\u00e9v\u00e9nement. On attend 45 000 b\u00e9n\u00e9voles venus du monde entier pour ces Jeux olympiques, mais le probl\u00e8me, c&#8217;est que ces personnes ne trouvent pas d&#8217;endroit pour se loger \u00e0 Paris. \u00c7a co\u00fbte tr\u00e8s cher, comme vous le savez, de prendre un h\u00f4tel ou un Airbnb \u00e0 Paris en temps normal. Donc l\u00e0, pendant les Jeux olympiques, vous pouvez imaginer combien \u00e7a va co\u00fbter. Et il y a vraiment une p\u00e9nurie d&#8217;offres et la demande est plus \u00e9lev\u00e9e que jamais.<\/p>\n\n\n\n<p><b><a id=\"sonaar_ts-6927cd7894566\" class=\"srmp3_sonaar_ts_shortcode\"  style=\"\" href=\"javascript:sonaar_ts_shortcode({ trackid:'0', time:'00:27:56', ts_id:'6927cd7894566', play_icon:'' }) ;\">[00:27:56]<\/a> &#8211; Ingrid<\/b><\/p>\n\n\n\n<p>Ouais, c&#8217;est vrai que du coup, il y a beaucoup de b\u00e9n\u00e9voles qui vont devoir renoncer \u00e0 venir. Il y a quelques petites choses qui sont mises en place, mais on n&#8217;en sait pas encore beaucoup plus. En tout cas, ce qu&#8217;on sait, c&#8217;est qu&#8217;il y a une des solutions trouv\u00e9es par l&#8217;\u00c9tat qui ne pla\u00eet pas vraiment \u00e0 tout le monde et qui n&#8217;est pas tr\u00e8s &#8220;french friendly&#8221;, j&#8217;ai envie de dire, parce que \u00e7a consiste \u00e0 virer de Paris des \u00e9tudiants fran\u00e7ais pour pouvoir accueillir d&#8217;autres publics. Et en plus, ce sont les \u00e9tudiants les plus pauvres. J&#8217;explique. C&#8217;est en fait les \u00e9tudiants qui b\u00e9n\u00e9ficient d&#8217;un logement pas cher de la part de l&#8217;\u00c9tat. On les appelle les logements CROUS. Et en fait, il y a apparemment 7% de ces logements, donc \u00e7a fait 3 000 logements \u00e0 peu pr\u00e8s, qui vont \u00eatre tout simplement r\u00e9quisitionn\u00e9s. C&#8217;est-\u00e0-dire qu&#8217;on demande aux \u00e9tudiants qui vivent dedans de partir le temps des Jeux olympiques. Et c&#8217;est vrai que \u00e7a ne pla\u00eet pas du tout parce que souvent, c&#8217;est des \u00e9tudiants qui donc n&#8217;ont pas forc\u00e9ment une famille pour les accueillir ailleurs, qui sont install\u00e9s dans ces logements parce qu&#8217;\u00e0 c\u00f4t\u00e9, ils ont aussi besoin d&#8217;avoir un job, un petit travail qui leur permet de payer leurs \u00e9tudes.<\/p>\n\n\n\n<p><b><a id=\"sonaar_ts-6927cd789456b\" class=\"srmp3_sonaar_ts_shortcode\"  style=\"\" href=\"javascript:sonaar_ts_shortcode({ trackid:'0', time:'00:29:25', ts_id:'6927cd789456b', play_icon:'' }) ;\">[00:29:25]<\/a> &#8211; Ingrid<\/b><\/p>\n\n\n\n<p>Et on sait que pendant les vacances d&#8217;\u00e9t\u00e9, quand on est \u00e9tudiant, en fait on ne part pas en vacances, on travaille \u00e0 100%, donc on les fait partir d&#8217;une ville o\u00f9 il y a \u00e9ventuellement leur travail, leurs amis, leur connexion sociale, etc. Et en plus, on ne pr\u00e9voit pas grand-chose, apparemment, pour les compenser puisqu&#8217;on leur offre 100 \u20ac d&#8217;indemnisation. Alors si vous avez d\u00e9j\u00e0 pris le train en France, vous savez qu&#8217;avec 100 \u20ac, on ne fait rien, on fait \u00e0 peine l&#8217;aller-retour pour aller quelque part o\u00f9 on peut \u00e9ventuellement avoir une autre solution. Mais on ne peut pas trouver au dernier moment en France, en plein Jeux olympiques, un logement pour le m\u00eame prix que ce qu&#8217;on paye normalement dans un logement pas cher \u00e9tudiant. Donc, c&#8217;est vrai que \u00e7a, c&#8217;est quelque chose qui pose des questions et qui fait qu&#8217;on se demande vraiment si on en vient \u00e0 \u00e7a, \u00e7a veut dire qu&#8217;il y a un gros probl\u00e8me avec les logements en France pendant les Jeux olympiques.<\/p>\n\n\n\n<p><b><a id=\"sonaar_ts-6927cd7894571\" class=\"srmp3_sonaar_ts_shortcode\"  style=\"\" href=\"javascript:sonaar_ts_shortcode({ trackid:'0', time:'00:30:30', ts_id:'6927cd7894571', play_icon:'' }) ;\">[00:30:30]<\/a> &#8211; Hugo<\/b><\/p>\n\n\n\n<p>C&#8217;est vrai. Et d&#8217;ailleurs, on expulse m\u00eame les personnes qui n&#8217;ont pas de logement. Je fais r\u00e9f\u00e9rence ici au SDF, les sans domicile fixe, les personnes qui vivent dans la rue. \u00c0 Paris, il y en a beaucoup qui vivent sous les ponts pour s&#8217;abriter. Le probl\u00e8me, comme on vous l&#8217;a dit, c&#8217;est que cette c\u00e9r\u00e9monie d&#8217;ouverture va se passer sur la Seine. Donc une grande partie des spectateurs vont \u00eatre sur les quais au bord de la sc\u00e8ne pour assister \u00e0 la c\u00e9r\u00e9monie. Ce qui fait que la ville a d\u00e9j\u00e0 commenc\u00e9 \u00e0 organiser l&#8217;expulsion de milliers de SDF et de leurs tentes. Et \u00e0 la place, ils ont mis ce qu&#8217;on appelle des \u00e9quipements anti-SDF, par exemple des gros rochers pour occuper la place et que les SDF ne puissent pas revenir. Donc \u00e7a aussi, \u00e7a a cr\u00e9\u00e9 pas mal de pol\u00e9miques en France. Et c&#8217;est vrai que la situation pour une partie des \u00e9tudiants et pour les SDF n&#8217;est pas tr\u00e8s agr\u00e9able et ils ne vont pas vraiment pouvoir profiter des Jeux olympiques.<\/p>\n\n\n\n<p><b><a id=\"sonaar_ts-6927cd789457a\" class=\"srmp3_sonaar_ts_shortcode\"  style=\"\" href=\"javascript:sonaar_ts_shortcode({ trackid:'0', time:'00:31:38', ts_id:'6927cd789457a', play_icon:'' }) ;\">[00:31:38]<\/a> &#8211; Hugo<\/b><\/p>\n\n\n\n<p>Mais je ne sais pas si tu en as parl\u00e9 avec tes amis. Moi, de mon c\u00f4t\u00e9, l\u00e0 aussi, il y a deux discours. Il y a ceux qui veulent absolument rester \u00e0 Paris pour y assister et il y en a d&#8217;autres qui ont d\u00e9cid\u00e9 de partir en province, notamment parce que \u00e7a va \u00eatre la p\u00e9riode des vacances, et qui vont louer leur logement, qui vont pouvoir se faire pas mal d&#8217;argent, justement, gr\u00e2ce aux Jeux olympiques. Donc voil\u00e0, les Parisiens sont assez divis\u00e9s aussi quant \u00e0 leur plan pour les Jeux olympiques.<\/p>\n\n\n\n<p><b><a id=\"sonaar_ts-6927cd7894580\" class=\"srmp3_sonaar_ts_shortcode\"  style=\"\" href=\"javascript:sonaar_ts_shortcode({ trackid:'0', time:'00:32:07', ts_id:'6927cd7894580', play_icon:'' }) ;\">[00:32:07]<\/a> &#8211; Ingrid<\/b><\/p>\n\n\n\n<p>C&#8217;est pareil de mon c\u00f4t\u00e9. J&#8217;entends les deux sons de cloche. C&#8217;est vrai que je connais quelques personnes qui ont pris des billets pour assister \u00e0 certaines \u00e9preuves, donc qui vont rester et d&#8217;autres, au contraire, qui veulent fuir parce qu&#8217;ils pr\u00e9voient une ambiance horrible, beaucoup trop de monde et des complications. Donc voil\u00e0. Bon, je ne connais personne, par contre, qui met en location son logement. J&#8217;ai essay\u00e9 de le dire \u00e0 certains amis. J&#8217;essaye avec mes parents aussi de leur dire d&#8217;offrir une chambre ou deux dans leur maison, puisqu&#8217;ils ont la place que nous, moi et mes s\u0153urs, on a laiss\u00e9. Mais ils ont l&#8217;air de penser que \u00e7a va \u00eatre vraiment trop le bazar et qu&#8217;ils ne veulent pas participer \u00e0 \u00e7a. Donc, voil\u00e0. \u00c0 voir comment \u00e7a se passe, finalement. Qui aura raison ?<\/p>\n\n\n\n<p><b><a id=\"sonaar_ts-6927cd7894585\" class=\"srmp3_sonaar_ts_shortcode\"  style=\"\" href=\"javascript:sonaar_ts_shortcode({ trackid:'0', time:'00:32:59', ts_id:'6927cd7894585', play_icon:'' }) ;\">[00:32:59]<\/a> &#8211; Hugo<\/b><\/p>\n\n\n\n<p>Alors, pour conclure, on peut se demander si Paris n&#8217;essaye pas d&#8217;organiser des Jeux olympiques un peu trop ambitieux. Parce que, en fait, en pr\u00e9parant cet \u00e9pisode, j&#8217;avais une citation qui me revenait toujours \u00e0 l&#8217;esprit, c&#8217;est : &#8220;\u00e0 vaincre sans p\u00e9ril en triomphe sans gloire&#8221;. Autrement dit, pour qu&#8217;une victoire ait de la valeur, il faut prendre des risques et voir les choses en grand. Et l\u00e0, c&#8217;est vraiment ce qu&#8217;essaye de faire Paris avec cette c\u00e9r\u00e9monie d&#8217;ouverture sur la Seine, toutes ces nouvelles lignes de m\u00e9tro qui \u00e9taient pr\u00e9vues. Mais finalement, on peut se demander si elle avait les moyens de ses ambitions. Bon, \u00e0 sa d\u00e9charge, on peut dire aussi qu&#8217;il y a eu le Covid qui a fortement perturb\u00e9 les travaux, les chantiers. Donc, voil\u00e0, tout n&#8217;est pas de la faute du comit\u00e9 d&#8217;organisation des Jeux olympiques. Mais \u00e7a se m\u00e9lange aussi un peu avec les promesses du gouvernement parce que le gouvernement et le pr\u00e9sident de la R\u00e9publique ont essay\u00e9 \u00e9videmment de r\u00e9cup\u00e9rer ces Jeux olympiques pour regagner du capital sympathie aupr\u00e8s de l&#8217;opinion publique en faisant toutes ces belles promesses. Mais on voit que la plupart de ces promesses ne seront pas tenues. Et j&#8217;entends beaucoup de Fran\u00e7ais dire : &#8220;c&#8217;est exactement comme pour le reste. Emmanuel Macron, quand il a \u00e9t\u00e9 \u00e9lu, a fait de nombreuses promesses qu&#8217;il n&#8217;a pas tenues. Et l\u00e0, c&#8217;est pareil avec les Jeux olympiques&#8221;. Donc, il y a un esp\u00e8ce d&#8217;amalgame, ce qui fait que l&#8217;ambiance avant ces Jeux olympiques n&#8217;est pas forc\u00e9ment tr\u00e8s festive.<\/p>\n\n\n\n<p><b><a id=\"sonaar_ts-6927cd789458a\" class=\"srmp3_sonaar_ts_shortcode\"  style=\"\" href=\"javascript:sonaar_ts_shortcode({ trackid:'0', time:'00:34:39', ts_id:'6927cd789458a', play_icon:'' }) ;\">[00:34:39]<\/a> &#8211; Ingrid<\/b><\/p>\n\n\n\n<p>C&#8217;est vrai, mais bon, on sait que les Fran\u00e7ais, parfois, aiment bien r\u00e2ler. Donc peut-\u00eatre que c&#8217;est juste ce petit d\u00e9faut des Fran\u00e7ais qui ressort, que finalement, \u00e7a va bien se passer. C&#8217;est vrai que \u00e7a sera de toute fa\u00e7on, c&#8217;est s\u00fbr et certain, pas au niveau de ce qui \u00e9tait promis, mais \u00e7a ne veut pas dire que \u00e7a va mal se passer. Il y a des chances que ce soit quand m\u00eame un bel \u00e9v\u00e9nement et de toute fa\u00e7on, \u00e7a fera forc\u00e9ment rayonner la France. M\u00eame s&#8217;il y a des gr\u00e8ves, on sera quand m\u00eame fiers.<\/p>\n\n\n\n<p><b><a id=\"sonaar_ts-6927cd7894594\" class=\"srmp3_sonaar_ts_shortcode\"  style=\"\" href=\"javascript:sonaar_ts_shortcode({ trackid:'0', time:'00:35:15', ts_id:'6927cd7894594', play_icon:'' }) ;\">[00:35:15]<\/a> &#8211; Hugo<\/b><\/p>\n\n\n\n<p>C&#8217;est vrai, c&#8217;est vrai. Donc, rendez-vous le 26 juillet avec la c\u00e9r\u00e9monie d&#8217;ouverture pour voir qui sera le groupe, le chanteur ou la chanteuse de cette c\u00e9r\u00e9monie et comment se passera cette belle c\u00e9r\u00e9monie sur la sc\u00e8ne. On s&#8217;arr\u00eate l\u00e0. Je pense qu&#8217;on a tout dit. Merci \u00e0 toutes et \u00e0 tous pour votre attention et on se retrouve dans deux semaines.<\/p>\n\n\n\n<p><b><a id=\"sonaar_ts-6927cd7894599\" class=\"srmp3_sonaar_ts_shortcode\"  style=\"\" href=\"javascript:sonaar_ts_shortcode({ trackid:'0', time:'00:35:39', ts_id:'6927cd7894599', play_icon:'' }) ;\">[00:35:39]<\/a> &#8211; Ingrid<\/b><\/p>\n\n\n\n<p>Merci \u00e0 tous. Salut.<\/p>\n","protected":false},"excerpt":{"rendered":"<p>&#8211; Hugo \u00c9pisode 141. La France sera-t-elle pr\u00eate pour les Jeux olympiques ? &#8211; Hugo Salut \u00e0 toutes et \u00e0 tous. Salut Ingrid. &#8211; Ingrid Salut Hugo. &#8211; Hugo Comment \u00e7a va aujourd&#8217;hui ? &#8211; Ingrid \u00c7a va bien. Je suis maintenant au Cambodge, \u00e0 Siem Raep. Et je suis plut\u00f4t contente d&#8217;\u00eatre arriv\u00e9e ici&#8230;.<\/p>\n","protected":false},"author":17473,"featured_media":289691,"comment_status":"open","ping_status":"open","sticky":false,"template":"","format":[191],"meta":{"_acf_changed":false,"_kad_blocks_custom_css":"","_kad_blocks_head_custom_js":"","_kad_blocks_body_custom_js":"","_kad_blocks_footer_custom_js":"","_kad_post_transparent":"","_kad_post_title":"","_kad_post_layout":"","_kad_post_sidebar_id":"","_kad_post_content_style":"","_kad_post_vertical_padding":"","_kad_post_feature":"","_kad_post_feature_position":"","_kad_post_header":false,"_kad_post_footer":false,"_kad_post_classname":"","footnotes":""},"categories":[168],"tags":[175,172,184],"class_list":["post-289581","post","type-post","status-publish","format-standard","has-post-thumbnail","hentry","category-podcast","tag-france","tag-societe","tag-sport","format-duo-hugo-ingrid"],"acf":[],"taxonomy_info":{"category":[{"value":168,"label":"Podcast"}],"post_tag":[{"value":175,"label":"France"},{"value":172,"label":"Soci\u00e9t\u00e9"},{"value":184,"label":"Sport"}],"format":[{"value":191,"label":"Duo Hugo &amp; Ingrid"}]},"featured_image_src_large":["https:\/\/innerfrench.com\/wp-content\/uploads\/2024\/03\/Illustration-JO-750x403.jpeg",750,403,true],"author_info":{"display_name":"Hugo &amp; Ingrid","author_link":"https:\/\/innerfrench.com\/author\/hugo_ingrid\/"},"comment_info":18,"category_info":[{"term_id":168,"name":"Podcast","slug":"podcast","term_group":0,"term_taxonomy_id":168,"taxonomy":"category","description":"","parent":0,"count":185,"filter":"raw","cat_ID":168,"category_count":185,"category_description":"","cat_name":"Podcast","category_nicename":"podcast","category_parent":0}],"tag_info":[{"term_id":175,"name":"France","slug":"france","term_group":0,"term_taxonomy_id":175,"taxonomy":"post_tag","description":"","parent":0,"count":100,"filter":"raw"},{"term_id":172,"name":"Soci\u00e9t\u00e9","slug":"societe","term_group":0,"term_taxonomy_id":172,"taxonomy":"post_tag","description":"","parent":0,"count":94,"filter":"raw"},{"term_id":184,"name":"Sport","slug":"sport","term_group":0,"term_taxonomy_id":184,"taxonomy":"post_tag","description":"","parent":0,"count":5,"filter":"raw"}],"_links":{"self":[{"href":"https:\/\/innerfrench.com\/wp-json\/wp\/v2\/posts\/289581","targetHints":{"allow":["GET"]}}],"collection":[{"href":"https:\/\/innerfrench.com\/wp-json\/wp\/v2\/posts"}],"about":[{"href":"https:\/\/innerfrench.com\/wp-json\/wp\/v2\/types\/post"}],"author":[{"embeddable":true,"href":"https:\/\/innerfrench.com\/wp-json\/wp\/v2\/users\/17473"}],"replies":[{"embeddable":true,"href":"https:\/\/innerfrench.com\/wp-json\/wp\/v2\/comments?post=289581"}],"version-history":[{"count":3,"href":"https:\/\/innerfrench.com\/wp-json\/wp\/v2\/posts\/289581\/revisions"}],"predecessor-version":[{"id":293161,"href":"https:\/\/innerfrench.com\/wp-json\/wp\/v2\/posts\/289581\/revisions\/293161"}],"wp:featuredmedia":[{"embeddable":true,"href":"https:\/\/innerfrench.com\/wp-json\/wp\/v2\/media\/289691"}],"wp:attachment":[{"href":"https:\/\/innerfrench.com\/wp-json\/wp\/v2\/media?parent=289581"}],"wp:term":[{"taxonomy":"category","embeddable":true,"href":"https:\/\/innerfrench.com\/wp-json\/wp\/v2\/categories?post=289581"},{"taxonomy":"post_tag","embeddable":true,"href":"https:\/\/innerfrench.com\/wp-json\/wp\/v2\/tags?post=289581"},{"taxonomy":"format","embeddable":true,"href":"https:\/\/innerfrench.com\/wp-json\/wp\/v2\/format?post=289581"}],"curies":[{"name":"wp","href":"https:\/\/api.w.org\/{rel}","templated":true}]}}