{"id":289582,"date":"2024-04-12T11:52:21","date_gmt":"2024-04-12T09:52:21","guid":{"rendered":"https:\/\/innerfrench.com\/?p=205255"},"modified":"2025-10-02T12:01:29","modified_gmt":"2025-10-02T10:01:29","slug":"142-les-roms","status":"publish","type":"post","link":"https:\/\/innerfrench.com\/142-les-roms\/","title":{"rendered":"#142 Les Roms en France : pr\u00e9jug\u00e9s et exclusion"},"content":{"rendered":"\n<p><a id=\"sonaar_ts-6927cef33cd7f\" class=\"srmp3_sonaar_ts_shortcode\"  style=\"\" href=\"javascript:sonaar_ts_shortcode({ trackid:'0', time:'00:00:14', ts_id:'6927cef33cd7f', play_icon:'' }) ;\">[00:00:14]<\/a> Salut \u00e0 toutes et \u00e0 tous ! Aujourd\u2019hui, on se retrouve pour parler d\u2019un sujet qui a \u00e9t\u00e9 propos\u00e9 par un auditeur du podcast, Matthias. Je ne sais pas s\u2019il nous \u00e9coute encore vu qu\u2019il nous a \u00e9crit il y a quasiment trois ans\u2026 Mais mieux vaut tard que jamais ! Et si j\u2019ai d\u00e9cid\u00e9 de vous en parler cette semaine, c\u2019est parce que lundi dernier, le 8 avril, c\u2019\u00e9tait la journ\u00e9e internationale des Roms.<\/p>\n\n\n\n<p><a id=\"sonaar_ts-6927cef33cd8d\" class=\"srmp3_sonaar_ts_shortcode\"  style=\"\" href=\"javascript:sonaar_ts_shortcode({ trackid:'0', time:'00:00:40', ts_id:'6927cef33cd8d', play_icon:'' }) ;\">[00:00:40]<\/a> Pour \u00eatre honn\u00eate avec vous, si j\u2019ai mis tellement de temps \u00e0 faire cet \u00e9pisode, c\u2019est parce que je ne savais vraiment pas grand-chose sur les Roms. J\u2019imagine que c\u2019est peut-\u00eatre votre cas aussi, surtout si vous ne vivez pas en Europe. Oui parce que les Roms, c\u2019est une communaut\u00e9 qui est principalement pr\u00e9sente en Europe. On estime qu\u2019ils sont entre 10 et 12 millions, ce qui fait d\u2019eux la plus grande minorit\u00e9 du continent. D\u2019ailleurs, je suis s\u00fbr qu\u2019il y a des Roms parmi les auditeurs du podcast, donc j\u2019en profite pour les saluer !<\/p>\n\n\n\n<p><a id=\"sonaar_ts-6927cef33cd94\" class=\"srmp3_sonaar_ts_shortcode\"  style=\"\" href=\"javascript:sonaar_ts_shortcode({ trackid:'0', time:'00:01:14', ts_id:'6927cef33cd94', play_icon:'' }) ;\">[00:01:14]<\/a> Malheureusement, depuis une quinzaine d\u2019ann\u00e9es, les Roms ont mauvaise presse en France. \u00c0 la t\u00e9l\u00e9vision et sur internet, il y a r\u00e9guli\u00e8rement des reportages dans lesquels on voit des familles extr\u00eamement pauvres qui vivent dans des caravanes pr\u00e8s des grandes villes. Parfois, ils montrent des op\u00e9rations de police o\u00f9 les forces de l\u2019ordre d\u00e9truisent un campement de Roms. Et puis, il y a aussi des reportages en cam\u00e9ra cach\u00e9e sur des enfants roms qui sont forc\u00e9s de faire la manche ou de voler (faire la manche, \u00e7a signifie \u00abmendier\u00bb, \u00abdemander de l\u2019argent \u00e0 des inconnus\u00bb).<\/p>\n\n\n\n<p><a id=\"sonaar_ts-6927cef33cd99\" class=\"srmp3_sonaar_ts_shortcode\"  style=\"\" href=\"javascript:sonaar_ts_shortcode({ trackid:'0', time:'00:01:54', ts_id:'6927cef33cd99', play_icon:'' }) ;\">[00:01:54]<\/a> Mais l\u00e0 o\u00f9 mon p\u00e8re habite depuis quelques ann\u00e9es, dans un petit village \u00e0 la campagne, j\u2019ai rencontr\u00e9 des Roms totalement diff\u00e9rents de ceux que l\u2019on voit dans les reportages. On les croisait en allant d\u00e9jeuner au restaurant du village. En \u00e9coutant mon p\u00e8re discuter avec eux, j\u2019ai appris qu\u2019ils vivaient l\u00e0 depuis plusieurs g\u00e9n\u00e9rations, qu\u2019ils \u00e9taient propri\u00e9taires de leur maison et qu\u2019ils avaient cr\u00e9\u00e9 une entreprise de BTP qui marchait tr\u00e8s bien (BTP, \u00e7a signifie \u00abb\u00e2timents et travaux publics\u00bb, autrement dit une entreprise de construction). Donc j\u2019avais du mal \u00e0 trouver les points communs entre les Roms que je voyais dans les m\u00e9dias et ceux du village de mon p\u00e8re.<\/p>\n\n\n\n<p><a id=\"sonaar_ts-6927cef33cd9e\" class=\"srmp3_sonaar_ts_shortcode\"  style=\"\" href=\"javascript:sonaar_ts_shortcode({ trackid:'0', time:'00:02:41', ts_id:'6927cef33cd9e', play_icon:'' }) ;\">[00:02:41]<\/a> C\u2019est d\u2019autant plus compliqu\u00e9 qu\u2019il existe plein de noms pour d\u00e9signer cette communaut\u00e9 : Roms, Tsiganes, Manouches, Sint\u00e9s, Gitans, Boh\u00e9miens\u2026 Il y en a tellement que c\u2019est difficile d\u2019y voir clair, de savoir s\u2019ils sont synonymes ou pas, lesquels sont corrects ou p\u00e9joratifs. Par exemple, je me souviens qu\u2019\u00e0 l\u2019\u00e9cole, le mot \u00abGitan\u00bb \u00e9tait utilis\u00e9 comme une insulte.<\/p>\n\n\n\n<p><a id=\"sonaar_ts-6927cef33cda3\" class=\"srmp3_sonaar_ts_shortcode\"  style=\"\" href=\"javascript:sonaar_ts_shortcode({ trackid:'0', time:'00:03:09', ts_id:'6927cef33cda3', play_icon:'' }) ;\">[00:03:09]<\/a> Bref, comme beaucoup de mes compatriotes, j\u2019avais des pr\u00e9jug\u00e9s sur les Roms. Donc pour \u00e9viter de dire des b\u00eatises dans cet \u00e9pisode, j\u2019ai pr\u00e9f\u00e9r\u00e9 faire appel \u00e0 quelqu\u2019un qui conna\u00eet le sujet de pr\u00e8s : Leonard Velicu. En plus d\u2019\u00eatre Rom, Leonard est le fondateur d\u2019une association qui vient en aide aux populations roms de Bordeaux, l\u2019association Eurrom. Il a r\u00e9pondu avec patience et bienveillance aux questions que je me posais. Donc je vais ins\u00e9rer des extraits de notre conversation tout au long de l\u2019\u00e9pisode pour vous aider \u00e0 mieux comprendre qui sont les Roms et les difficult\u00e9s qu\u2019ils rencontrent en France.<\/p>\n\n\n\n<p>1. Aux origines des Roms<\/p>\n\n\n\n<p><a id=\"sonaar_ts-6927cef33cda8\" class=\"srmp3_sonaar_ts_shortcode\"  style=\"\" href=\"javascript:sonaar_ts_shortcode({ trackid:'0', time:'00:04:01', ts_id:'6927cef33cda8', play_icon:'' }) ;\">[00:04:01]<\/a> Quand j\u2019ai discut\u00e9 avec Leonard, on a surtout parl\u00e9 de la situation actuelle des Roms en France. On n\u2019a pas eu le temps d\u2019\u00e9voquer leur histoire et leur culture. Mais je pense que c\u2019est important d\u2019avoir quelques r\u00e9f\u00e9rences, quelques \u00e9l\u00e9ments de contexte.<\/p>\n\n\n\n<p><a id=\"sonaar_ts-6927cef33cdac\" class=\"srmp3_sonaar_ts_shortcode\"  style=\"\" href=\"javascript:sonaar_ts_shortcode({ trackid:'0', time:'00:04:17', ts_id:'6927cef33cdac', play_icon:'' }) ;\">[00:04:17]<\/a> Bon, c\u2019est assez p\u00e9rilleux, assez risqu\u00e9 d\u2019essayer de r\u00e9sumer des si\u00e8cles d\u2019histoire en dix minutes. D\u2019ailleurs, c\u2019est aussi \u00e0 cause de \u00e7a que je publie cet \u00e9pisode en retard. Je me suis un peu perdu dans mes recherches. Donc comme d\u2019habitude, si \u00e7a vous int\u00e9resse et que vous voulez approfondir le sujet, je mettrai des liens d\u2019articles et de vid\u00e9os sur la page de l\u2019\u00e9pisode.<\/p>\n\n\n\n<p><a id=\"sonaar_ts-6927cef33cdb1\" class=\"srmp3_sonaar_ts_shortcode\"  style=\"\" href=\"javascript:sonaar_ts_shortcode({ trackid:'0', time:'00:04:37', ts_id:'6927cef33cdb1', play_icon:'' }) ;\">[00:04:37]<\/a> La premi\u00e8re chose essentielle \u00e0 comprendre, c\u2019est que les Roms ne sont pas unis par une nationalit\u00e9 mais par une ethnie. Autrement dit, ils partagent une culture, une langue et des traditions qui se transmettent de g\u00e9n\u00e9ration en g\u00e9n\u00e9ration. Leur langue s\u2019appelle le romani (ou le roman\u00e8s). Et c\u2019est en l\u2019\u00e9tudiant que les linguistes ont d\u00e9couvert l\u2019origine des Roms. Selon ces th\u00e9ories, les Roms viendraient du nord de l\u2019Inde, r\u00e9gion qu\u2019ils auraient quitt\u00e9e vers la fin du 1er mill\u00e9naire apr\u00e8s J\u00e9sus Christ. Ils ont migr\u00e9 vers l\u2019ouest, d\u2019abord dans les \u00c9tats grecs de l\u2019Empire byzantin puis une partie d\u2019entre eux sont arriv\u00e9s en Europe au Moyen-\u00c2ge.<\/p>\n\n\n\n<p><a id=\"sonaar_ts-6927cef33cdb6\" class=\"srmp3_sonaar_ts_shortcode\"  style=\"\" href=\"javascript:sonaar_ts_shortcode({ trackid:'0', time:'00:05:26', ts_id:'6927cef33cdb6', play_icon:'' }) ;\">[00:05:26]<\/a> Mais bien s\u00fbr, les Roms d\u2019aujourd\u2019hui n\u2019ont plus grand-chose \u00e0 voir avec leurs anc\u00eatres indiens. C\u2019est pareil pour nous, les Fran\u00e7ais : on n\u2019a plus beaucoup de points communs avec nos anc\u00eatres gaulois. D\u2019ailleurs, la culture rom est plus li\u00e9e \u00e0 l\u2019h\u00e9ritage grec qu\u2019\u00e0 l\u2019h\u00e9ritage indien, tout comme le reste des Europ\u00e9ens. En fait, rappeler la lointaine origine indienne des Roms, c\u2019est souvent un moyen d\u2019insister sur leur suppos\u00e9e diff\u00e9rence, d\u2019expliquer qu\u2019ils ne sont pas comme les autres Europ\u00e9ens.<\/p>\n\n\n\n<p><a id=\"sonaar_ts-6927cef33cdba\" class=\"srmp3_sonaar_ts_shortcode\"  style=\"\" href=\"javascript:sonaar_ts_shortcode({ trackid:'0', time:'00:05:59', ts_id:'6927cef33cdba', play_icon:'' }) ;\">[00:00:00]<\/a> Mais en r\u00e9alit\u00e9, l\u2019Europe enti\u00e8re est fond\u00e9e sur des migrations semblables. Si on \u00e9tait capables de retrouver nos anc\u00eatres d\u2019il y a un mill\u00e9naire, je pense qu\u2019on serait tous tr\u00e8s surpris en les voyant, et pas seulement \u00e0 cause de leurs v\u00eatements ! Et puis, rappelons-le, les Roms sont arriv\u00e9s en Europe d\u00e8s le Moyen-\u00e2ge. \u00c7a signifie qu\u2019ils \u00e9taient l\u00e0 bien avant la naissance des nations modernes.<\/p>\n\n\n\n<p><a id=\"sonaar_ts-6927cef33cdbe\" class=\"srmp3_sonaar_ts_shortcode\"  style=\"\" href=\"javascript:sonaar_ts_shortcode({ trackid:'0', time:'00:06:25', ts_id:'6927cef33cdbe', play_icon:'' }) ;\">[00:06:25]<\/a> Et contrairement \u00e0 ce qu\u2019on entend souvent, les Roms se sont int\u00e9gr\u00e9s aux populations locales d\u00e8s leur arriv\u00e9e. Ils ont appris leur langue, ils se sont convertis au christianisme en m\u00eame temps que l\u2019ensemble des Europ\u00e9ens. Autrement dit, ils \u00e9taient catholiques dans les pays catholiques comme l\u2019Espagne ou la France, et orthodoxes dans les pays orthodoxes comme la Roumanie.<\/p>\n\n\n\n<p><a id=\"sonaar_ts-6927cef33cdc3\" class=\"srmp3_sonaar_ts_shortcode\"  style=\"\" href=\"javascript:sonaar_ts_shortcode({ trackid:'0', time:'00:06:50', ts_id:'6927cef33cdc3', play_icon:'' }) ;\">[00:06:50]<\/a> R\u00e9sultat, la communaut\u00e9 rom europ\u00e9enne s\u2019est divis\u00e9e en plusieurs sous-communaut\u00e9s. Donc d\u00e8s la fin du Moyen-\u00c2ge, les Roms d\u2019Espagne \u00e9taient devenus relativement diff\u00e9rents de ceux install\u00e9s en Roumanie. Ils n\u2019avaient plus la m\u00eame religion et ne parlaient plus exactement le m\u00eame romani; ils avaient d\u00e9velopp\u00e9 diff\u00e9rents dialectes influenc\u00e9s en partie par la langue locale.&nbsp;<\/p>\n\n\n\n<p><a id=\"sonaar_ts-6927cef33cdc7\" class=\"srmp3_sonaar_ts_shortcode\"  style=\"\" href=\"javascript:sonaar_ts_shortcode({ trackid:'0', time:'00:07:17', ts_id:'6927cef33cdc7', play_icon:'' }) ;\">[00:07:17]<\/a> D\u2019ailleurs, on ne les traitait pas de la m\u00eame mani\u00e8re et on ne leur donnait pas le m\u00eame nom d\u2019un pays \u00e0 l\u2019autre. En Espagne, on les appelait \u00abGitanos\u00bb. En France, \u00abManouches\u00bb. En Grande Bretagne, \u00abGypsies\u00bb ou \u00abRomanichels\u00bb. En Allemagne, \u00abSint\u00e9s\u00bb. On utilisait aussi le mot \u00abTziganes\u00bb ou \u00abBoh\u00e9miens\u00bb un peu partout.&nbsp;<\/p>\n\n\n\n<p><a id=\"sonaar_ts-6927cef33cdcc\" class=\"srmp3_sonaar_ts_shortcode\"  style=\"\" href=\"javascript:sonaar_ts_shortcode({ trackid:'0', time:'00:07:40', ts_id:'6927cef33cdcc', play_icon:'' }) ;\">[00:07:40]<\/a> Mais malgr\u00e9 ces diff\u00e9rences et la distance qui les s\u00e9paraient, les Roms n\u2019ont jamais renonc\u00e9 \u00e0 leur langue et leurs traditions. Et \u00e7a, quand on y pense, c\u2019est vraiment remarquable. Les Roms ont r\u00e9ussi \u00e0 maintenir une culture commune pendant des si\u00e8cles sans avoir de pays ni d\u2019institution.<\/p>\n\n\n\n<p><a id=\"sonaar_ts-6927cef33cdd0\" class=\"srmp3_sonaar_ts_shortcode\"  style=\"\" href=\"javascript:sonaar_ts_shortcode({ trackid:'0', time:'00:08:02', ts_id:'6927cef33cdd0', play_icon:'' }) ;\">[00:08:02]<\/a> Malheureusement, cette unicit\u00e9 les a longtemps condamn\u00e9s \u00e0 \u00eatre per\u00e7us comme des \u00e9trangers, donc, par d\u00e9finition, des suspects. Partout o\u00f9 les Roms sont all\u00e9s, ils ont nourri les peurs et les superstitions. On les a accus\u00e9s d\u2019\u00eatre des pa\u00efens, des espions, des voleurs, des arnaqueurs. Et comme les Roms n\u2019avaient ni arm\u00e9e ni institution religieuse pour se d\u00e9fendre, ils \u00e9taient les boucs \u00e9missaires id\u00e9als. On pouvait les condamner pour n\u2019importe quel crime en toute impunit\u00e9.<\/p>\n\n\n\n<p><a id=\"sonaar_ts-6927cef33cdd4\" class=\"srmp3_sonaar_ts_shortcode\"  style=\"\" href=\"javascript:sonaar_ts_shortcode({ trackid:'0', time:'00:08:37', ts_id:'6927cef33cdd4', play_icon:'' }) ;\">[00:08:37]<\/a> Ces pers\u00e9cutions ont pris diff\u00e9rentes formes selon les pays et les \u00e9poques. En Roumanie, les Roms ont \u00e9t\u00e9 r\u00e9duits en esclavage jusqu\u2019au milieu du XIX\u00e8me si\u00e8cle. En France, Louis XIV les a condamn\u00e9s \u00e0 des travaux forc\u00e9s. Partout en Europe, ils ont \u00e9t\u00e9 discrimin\u00e9s, emprisonn\u00e9s ou chass\u00e9s, ce qui a conduit certains d\u2019entre eux \u00e0 \u00e9migrer aux \u00c9tats-Unis ou en Australie \u00e0 la recherche d\u2019une vie meilleure.<\/p>\n\n\n\n<p><a id=\"sonaar_ts-6927cef33cdde\" class=\"srmp3_sonaar_ts_shortcode\"  style=\"\" href=\"javascript:sonaar_ts_shortcode({ trackid:'0', time:'00:09:04', ts_id:'6927cef33cdde', play_icon:'' }) ;\">[00:09:04]<\/a> Mais c\u2019est au XX\u00e8me si\u00e8cle que les Roms ont connu l\u2019\u00e9v\u00e8nement le plus tragique de leur histoire. Entre 1935 et 1945, 500 000 Roms ont \u00e9t\u00e9 extermin\u00e9s dans les camps de concentration nazis.<\/p>\n\n\n\n<p><a id=\"sonaar_ts-6927cef33cde3\" class=\"srmp3_sonaar_ts_shortcode\"  style=\"\" href=\"javascript:sonaar_ts_shortcode({ trackid:'0', time:'00:09:21', ts_id:'6927cef33cde3', play_icon:'' }) ;\">[00:09:21]<\/a> Apr\u00e8s ces si\u00e8cles de haine qui se sont conclus par un g\u00e9nocide, les Roms ont d\u00e9cid\u00e9 de cr\u00e9er un mouvement politique international pour d\u00e9fendre leur communaut\u00e9. Le Comit\u00e9 international tsigane s\u2019est r\u00e9uni pour la premi\u00e8re fois en 1971 \u00e0 Londres. Mais il a fallu attendre encore onze ans, jusqu\u2019en 1982, pour que l\u2019Allemagne f\u00e9d\u00e9rale reconnaisse officiellement le g\u00e9nocide des Roms. Et malheureusement, aujourd\u2019hui, quarante ans plus tard, les Roms continuent d\u2019\u00eatre victimes de discriminations en Europe.<\/p>\n\n\n\n<p>2. L\u2019immigration des Roms de Roumanie et de Bulgarie apr\u00e8s l\u2019entr\u00e9e dans l\u2019Union europ\u00e9enne<\/p>\n\n\n\n<p><a id=\"sonaar_ts-6927cef33cde8\" class=\"srmp3_sonaar_ts_shortcode\"  style=\"\" href=\"javascript:sonaar_ts_shortcode({ trackid:'0', time:'00:10:10', ts_id:'6927cef33cde8', play_icon:'' }) ;\">[00:10:10]<\/a> Maintenant qu\u2019on a cette perspective historique, on va s\u2019int\u00e9resser \u00e0 la situation actuelle des Roms.<\/p>\n\n\n\n<p><a id=\"sonaar_ts-6927cef33cdec\" class=\"srmp3_sonaar_ts_shortcode\"  style=\"\" href=\"javascript:sonaar_ts_shortcode({ trackid:'0', time:'00:10:17', ts_id:'6927cef33cdec', play_icon:'' }) ;\">[00:10:17]<\/a> Comme je vous l\u2019ai dit plus t\u00f4t, on estime qu\u2019il y a entre 10 et 12 millions de Roms en Europe, ce qui en fait la premi\u00e8re minorit\u00e9 ethnique du continent. Mais il faut bien comprendre que leur situation d\u2019un pays \u00e0 l\u2019autre est tr\u00e8s diff\u00e9rente.<\/p>\n\n\n\n<p><a id=\"sonaar_ts-6927cef33cdf1\" class=\"srmp3_sonaar_ts_shortcode\"  style=\"\" href=\"javascript:sonaar_ts_shortcode({ trackid:'0', time:'00:10:31', ts_id:'6927cef33cdf1', play_icon:'' }) ;\">[00:10:31]<\/a> Les communaut\u00e9s Roms qui vivent en Europe de l\u2019ouest sont g\u00e9n\u00e9ralement plut\u00f4t bien int\u00e9gr\u00e9es, comme les Gitans en Espagne et les Manouches en France. Les Roms sont des membres de la soci\u00e9t\u00e9 \u00e0 part enti\u00e8re. Mais malheureusement, \u00e7a ne veut pas dire que les discriminations ont compl\u00e8tement disparu. En France, c\u2019est difficile \u00e0 \u00e9valuer parce que les statistiques ethniques sont interdites. Mais en Espagne, les \u00e9tudes ont montr\u00e9 que les Roms sont souvent plus pauvres que le reste de la population.<\/p>\n\n\n\n<p><a id=\"sonaar_ts-6927cef33cdf6\" class=\"srmp3_sonaar_ts_shortcode\"  style=\"\" href=\"javascript:sonaar_ts_shortcode({ trackid:'0', time:'00:11:06', ts_id:'6927cef33cdf6', play_icon:'' }) ;\">[00:11:06]<\/a> Cependant, c\u2019est en Europe centrale et orientale que les Roms sont les plus nombreux, notamment en Roumanie et en Bulgarie. Il y a environ 2 millions de Roms en Roumanie. D\u2019ailleurs, \u00e7a donne lieu \u00e0 une confusion. Je ne sais pas si c\u2019est pareil dans les autres pays europ\u00e9ens, mais en France, on confond souvent les Roms et les Roumains. Donc j\u2019ai demand\u00e9 \u00e0 Leonard de clarifier \u00e7a.<\/p>\n\n\n\n<p><i>[<\/i>sonaar_ts time=&#8221;00:11:31&#8243;][00:11:31][\/sonaar_ts] <i>La diff\u00e9rence entre Roumain et Rom, c&#8217;est en fait le Roumain, c&#8217;est le pays (la Roumanie), et le Rom, c&#8217;est la traduction du mot\u2026 \u00e7a veut dire \u00abhomme\u00bb dans la langue roman\u00e8s. Mais en 1971, quand il y a eu ce trait\u00e9 \u00e0 [Londres] pour la journ\u00e9e du 8 avril, [le 1er congr\u00e8s international] a pr\u00e9f\u00e9r\u00e9 changer de mot \u00abTzigane\u00bb qui \u00e9tait un peu raciste tu vois. Du coup, ils ont dit \u00abben on va plus les appeler Tziganes, on va les appeler Roms\u00bb,&nbsp; ce qui fait qu&#8217;il y a toujours cet amalgame entre le Rom et le Roumain.<\/i><\/p>\n\n\n\n<p><a id=\"sonaar_ts-6927cef33cdfb\" class=\"srmp3_sonaar_ts_shortcode\"  style=\"\" href=\"javascript:sonaar_ts_shortcode({ trackid:'0', time:'00:12:16', ts_id:'6927cef33cdfb', play_icon:'' }) ;\">[00:12:16]<\/a> Donc, vous voyez : il ne faut pas confondre \u00abRom\u00bb et \u00abRoumain\u00bb. Certains Roms sont roumains parce qu\u2019ils habitent en Roumanie. Mais tous les Roumains ne sont pas Roms. D\u2019ailleurs, selon les statistiques, seuls 9% des Roumains sont roms.<\/p>\n\n\n\n<p><a id=\"sonaar_ts-6927cef33cdff\" class=\"srmp3_sonaar_ts_shortcode\"  style=\"\" href=\"javascript:sonaar_ts_shortcode({ trackid:'0', time:'00:12:33', ts_id:'6927cef33cdff', play_icon:'' }) ;\">[00:12:33]<\/a> Si on fait cet amalgame, c\u2019est \u00e9videmment \u00e0 cause de la ressemblance phon\u00e9tique de ces deux noms, mais aussi \u00e0 cause de la vague migratoire qui a commenc\u00e9 avec l\u2019entr\u00e9e de la Roumanie et de la Bulgarie dans l\u2019Union europ\u00e9enne en 2007. Quand ces deux pays ont rejoint l\u2019Union europ\u00e9enne, beaucoup de leurs habitants ont d\u00e9cid\u00e9 d\u2019\u00e9migrer en Europe de l\u2019ouest. C\u2019est ce qu\u2019a fait Leonard.<\/p>\n\n\n\n<p><i>[<\/i>sonaar_ts time=&#8221;00:12:59&#8243;][00:12:59][\/sonaar_ts] <i>Je ne te cache pas que l&#8217;entr\u00e9e de la Roumanie et de la Bulgarie en Europe en 2007\u2026 d&#8217;un c\u00f4t\u00e9, on \u00e9tait tr\u00e8s contents parce qu&#8217;on pouvait migrer. Et de l&#8217;autre c\u00f4t\u00e9, il y a plein d&#8217;usines qui ont coul\u00e9. Une fois que la Roumanie est entr\u00e9e dans la communaut\u00e9 europ\u00e9enne, le r\u00e8glement a chang\u00e9. Et tous les patrons des grosses entreprises, ils ont pr\u00e9f\u00e9r\u00e9 mettre leurs affaires en Moldavie, le pays voisin [qui lui, n\u2019est pas dans l\u2019UE]. Ce qui fait que beaucoup d\u2019usines ont coul\u00e9.&nbsp;<\/i><\/p>\n\n\n\n<p><i>[<\/i>sonaar_ts time=&#8221;00:13:41&#8243;][00:13:41][\/sonaar_ts] <i>Et moi \u00e0 l&#8217;\u00e9poque, je travaillais dans la boucherie. J&#8217;ai vu tous mes coll\u00e8gues partir dans tous les pays de l&#8217;Europe et je me suis dit : \u00abpeut-\u00eatre que moi aussi je dois faire pareil\u00bb parce que \u00e9conomique\u2026 d&#8217;un point de vue \u00e9conomique, \u00e7a n\u2019allait pas bien du tout, parce qu&#8217;avec cette entr\u00e9e dans la communaut\u00e9 europ\u00e9enne, on sentait un peu la crise financi\u00e8re du pays, le manque d&#8217;emploi et puis les usines qui coulaient derri\u00e8re. Et on s&#8217;est dit : \u00abben, il faut qu&#8217;on parte\u00bb. Donc du coup, mes compatriotes, ils m&#8217;ont dit : \u00ab c&#8217;est tr\u00e8s bien, il y a du boulot, il y a de quoi manger tout \u00e7a\u00bb. Alors j&#8217;ai d\u00e9cid\u00e9 de partir en France avec des compatriotes \u00e0 moi.&nbsp;<\/i><\/p>\n\n\n\n<p><a id=\"sonaar_ts-6927cef33ce04\" class=\"srmp3_sonaar_ts_shortcode\"  style=\"\" href=\"javascript:sonaar_ts_shortcode({ trackid:'0', time:'00:14:32', ts_id:'6927cef33ce04', play_icon:'' }) ;\">[00:14:32]<\/a> J\u2019\u00e9tais un peu surpris quand Leonard m\u2019a racont\u00e9 son parcours parce que nous, dans les pays d\u2019Europe de l\u2019ouest, on n\u2019a pas vraiment conscience de ces probl\u00e8mes \u00e9conomiques. Quand les pays d\u2019Europe de l\u2019Est sont entr\u00e9s dans l\u2019Union europ\u00e9enne, on avait surtout peur que nos entreprises d\u00e9localisent leurs usines l\u00e0-bas et que \u00e7a cr\u00e9e du ch\u00f4mage chez nous. Mais on ne pensait pas que les entreprises roumaines ou bulgares feraient la m\u00eame chose, qu\u2019elles d\u00e9localiseraient vers l\u2019est (en l&#8217;occurrence en Moldavie). Oui parce que comme la Moldavie ne fait pas partie de l\u2019Union europ\u00e9enne, la main-d&#8217;\u0153uvre y est moins ch\u00e8re, les salaires y sont plus bas.<\/p>\n\n\n\n<p><a id=\"sonaar_ts-6927cef33ce09\" class=\"srmp3_sonaar_ts_shortcode\"  style=\"\" href=\"javascript:sonaar_ts_shortcode({ trackid:'0', time:'00:15:11', ts_id:'6927cef33ce09', play_icon:'' }) ;\">[00:15:11]<\/a> Bref, tout \u00e7a pour dire que depuis 2007, plusieurs millions de Roumains et de Bulgares ont \u00e9migr\u00e9 en Europe de l\u2019Ouest. Et comme dans ces pays, les Roms sont souvent plus pauvres et plus touch\u00e9s par le ch\u00f4mage que le reste de la population, ils \u00e9taient logiquement parmi les premiers \u00e0 partir.&nbsp;<\/p>\n\n\n\n<p><i>[<\/i>sonaar_ts time=&#8221;00:15:32&#8243;][00:15:32][\/sonaar_ts] <i>Tu sais, l\u00e0, nous, \u00e0 Bordeaux, on a des familles qui sont tr\u00e8s bien (ils sont tr\u00e8s riches) et qui viennent ici pour travailler et d\u00e8s qu&#8217;ils ont leur salaire\u2026 pendant trois mois, ils savent qu&#8217;il y a du boulot\u2026&nbsp; d\u00e8s qu&#8217;ils finissent la la saison de travail, ils rentrent en Roumanie. Parce qu&#8217;en fait, \u00e7a sert \u00e0 rien que tu aies une grande maison en Roumanie o\u00f9 t&#8217;as rien pour te nourrir, o\u00f9 t&#8217;as rien pour vivre, pour payer les charges et tout \u00e7a. C&#8217;est parce que, en fait, ils ont besoin d&#8217;argent pour acheter, par exemple, pour l&#8217;hiver, du bois. Et avec le salaire que tu gagnes en Roumanie, tu ne peux pas mettre de c\u00f4t\u00e9 parce que tout \u00e7a part dans la nourriture, dans les charges et tout \u00e7a. Du coup, en travaillant ici, tu peux payer une partie des charges l\u00e0-bas, une partie des charges ici, et mettre un peu de c\u00f4t\u00e9 et envoyer en Roumanie pour pouvoir sortir un peu de cette crise-l\u00e0.&nbsp;<\/i><\/p>\n\n\n\n<p><i>[<\/i>sonaar_ts time=&#8221;00:16:27&#8243;][00:16:27][\/sonaar_ts]<i> Donc la plupart des gens, ils pr\u00e9f\u00e8rent jongler entre la Roumanie et d&#8217;autres pays pour pouvoir travailler le temps que l&#8217;\u00e9conomie de notre pays commence \u00e0 augmenter. L\u00e0 maintenant, je trouve que l&#8217;\u00e9conomie de la Roumanie commence \u00e0 monter et il y a beaucoup de familles qui commencent \u00e0 se stabiliser \u00e0 nouveau en Roumanie. Mais \u00e7a prend du temps<\/i><\/p>\n\n\n\n<p><a id=\"sonaar_ts-6927cef33ce0e\" class=\"srmp3_sonaar_ts_shortcode\"  style=\"\" href=\"javascript:sonaar_ts_shortcode({ trackid:'0', time:'00:16:53', ts_id:'6927cef33ce0e', play_icon:'' }) ;\">[00:16:53]<\/a> Mais il ne faut pas croire que ces Roms venus d\u2019Europe de l\u2019Est formaient un groupe homog\u00e8ne. Il y avait \u00e0 la fois des travailleurs qualifi\u00e9s comme Leonard qui ont trouv\u00e9 du boulot assez vite, mais aussi des familles qui \u00e9taient dans une situation beaucoup plus pr\u00e9caire.<\/p>\n\n\n\n<p><a id=\"sonaar_ts-6927cef33ce13\" class=\"srmp3_sonaar_ts_shortcode\"  style=\"\" href=\"javascript:sonaar_ts_shortcode({ trackid:'0', time:'00:17:09', ts_id:'6927cef33ce13', play_icon:'' }) ;\">[00:17:09]<\/a><i> J\u2019ai \u00e9t\u00e9 \u00e0 l&#8217;\u00e9cole comme tout le monde. J&#8217;ai pu faire une formation professionnelle et tout \u00e7a. Donc c&#8217;est pas parce que t&#8217;es Rom que&#8230; apr\u00e8s il y a des familles qui n&#8217;ont pas eu cette possibilit\u00e9 d&#8217;aller \u00e0 l&#8217;\u00e9cole parce que leur situation financi\u00e8re&#8230; ils \u00e9taient oblig\u00e9s de bouger l\u00e0 o\u00f9 il y avait du travail. Donc du coup, \u00e0 force de bouger \u00e0 gauche \u00e0 droite, les enfants, ils ont pas pu suivre leur scolarit\u00e9. Ce qui fait que \u00e7a tourne en boucle, tu vois, tout le temps en fonction de la situation politique et aussi \u00e9conomique, les familles bougent. Et puis souvent, les enfants, c&#8217;est les premiers \u00e0 ne pas pouvoir suivre leur scolarit\u00e9. Puis apr\u00e8s, ils deviennent des parents illettr\u00e9s et tout \u00e7a tu vois.<\/i>&nbsp;<\/p>\n\n\n\n<p><a id=\"sonaar_ts-6927cef33ce17\" class=\"srmp3_sonaar_ts_shortcode\"  style=\"\" href=\"javascript:sonaar_ts_shortcode({ trackid:'0', time:'00:17:51', ts_id:'6927cef33ce17', play_icon:'' }) ;\">[00:17:51]<\/a> Comme l\u2019explique Leonard, certains des Roms qui sont arriv\u00e9s en France \u00e0 cette \u00e9poque \u00e9taient analphab\u00e8tes. Donc non seulement ils ne parlaient pas un mot de fran\u00e7ais, mais en plus ils ne savaient ni lire ni \u00e9crire. Vous imaginez bien que pour eux, trouver du travail, c\u2019\u00e9tait mission impossible. D\u2019autant plus que jusqu\u2019en 2014, les travailleurs roumains et bulgares avaient besoin d\u2019une autorisation sp\u00e9ciale pour travailler en France, autrement dit ils n\u2019avaient pas les m\u00eames droits que les autres citoyens europ\u00e9ens. Et si vous avez d\u00e9j\u00e0 eu affaire \u00e0 l\u2019administration fran\u00e7aise, vous savez qu\u2019obtenir ce genre de document, \u00e7a peut prendre des mois. Alors imaginez si en plus vous ne parlez pas fran\u00e7ais et que vous \u00eates analphab\u00e8te\u2026<\/p>\n\n\n\n<p><a id=\"sonaar_ts-6927cef33ce2b\" class=\"srmp3_sonaar_ts_shortcode\"  style=\"\" href=\"javascript:sonaar_ts_shortcode({ trackid:'0', time:'00:18:38', ts_id:'6927cef33ce2b', play_icon:'' }) ;\">[00:18:38]<\/a> Bref, tout \u00e7a explique comment 15 000 immigr\u00e9s Roms se sont retrouv\u00e9s \u00e0 la rue en arrivant en France. Et m\u00eame s\u2019ils ne sont qu\u2019une goutte d\u2019eau compar\u00e9 aux millions d\u2019immigr\u00e9s Roumains et Bulgares qui sont venus&nbsp; en Europe de l\u2019Ouest au m\u00eame moment, c\u2019est sur eux que l\u2019attention m\u00e9diatique et politique s\u2019est rapidement focalis\u00e9e.<\/p>\n\n\n\n<h5 class=\"wp-block-heading\">3. La situation des Roms migrants en France<\/h5>\n\n\n\n<p><a id=\"sonaar_ts-6927cef33ce2f\" class=\"srmp3_sonaar_ts_shortcode\"  style=\"\" href=\"javascript:sonaar_ts_shortcode({ trackid:'0', time:'00:19:17', ts_id:'6927cef33ce2f', play_icon:'' }) ;\">[00:19:17]<\/a> Alors, pourquoi ces Roms migrants ont autant attir\u00e9 l\u2019attention des m\u00e9dias et des politiciens malgr\u00e9 leur faible nombre ? Tout simplement parce qu\u2019ils \u00e9taient plus visibles. Ils \u00e9taient plus visibles parce qu\u2019ils se sont install\u00e9s en groupe dans des bidonvilles. Un bidonville, c\u2019est un ensemble d\u2019habitations extr\u00eamement pr\u00e9caires, des logements souvent construits avec des d\u00e9chets qui n\u2019ont ni l\u2019eau courante ni l\u2019\u00e9lectricit\u00e9. En g\u00e9n\u00e9ral, on les trouve en p\u00e9riph\u00e9rie des grandes villes, comme par exemple les c\u00e9l\u00e8bres bidonvilles de Rio de Janeiro.<\/p>\n\n\n\n<p><a id=\"sonaar_ts-6927cef33ce38\" class=\"srmp3_sonaar_ts_shortcode\"  style=\"\" href=\"javascript:sonaar_ts_shortcode({ trackid:'0', time:'00:19:52', ts_id:'6927cef33ce38', play_icon:'' }) ;\">[00:19:52]<\/a> En France, les bidonvilles avaient disparu du paysage dans les ann\u00e9es 70. Mais ils ont r\u00e9apparu avec cette immigration rom. Les Roms qui venaient en France et qui ne trouvaient pas de travail, ils ont bien d\u00fb s\u2019installer quelque part. Or, sans travail pas de revenus. Et sans revenus, pas de logement. Donc ils ont construit des campements de fortune avec les v\u00e9hicules qu\u2019ils avaient utilis\u00e9s pour venir en France (des camionnettes, des caravanes). Certains de ces campements ont grossi avec l\u2019arriv\u00e9e de nouvelles familles, et ils sont devenus des bidonvilles o\u00f9 vivent parfois plusieurs centaines de personnes.<\/p>\n\n\n\n<p><a id=\"sonaar_ts-6927cef33ce3c\" class=\"srmp3_sonaar_ts_shortcode\"  style=\"\" href=\"javascript:sonaar_ts_shortcode({ trackid:'0', time:'00:20:33', ts_id:'6927cef33ce3c', play_icon:'' }) ;\">[00:20:33]<\/a> Au d\u00e9part, \u00e7a n\u2019a pas trop \u00e9tonn\u00e9 les Fran\u00e7ais. On s\u2019est dit : \u00abc\u2019est normal, c\u2019est leur fa\u00e7on de vivre\u00bb. C\u2019est cette ancienne croyance selon laquelle tous les Roms seraient nomades, une croyance compl\u00e8tement fausse puisque la grande majorit\u00e9 des Roms sont s\u00e9dentaires depuis des si\u00e8cles. Et m\u00eame les Roms qui vivent dans les bidonvilles en France avaient souvent une maison avant d\u2019\u00e9migrer. Ils vivaient dans les villages des campagnes roumaines et bulgares. Donc pour eux, habiter dans un campement, c\u2019est pas un style de vie, mais une question de survie. On va voir pourquoi un peu plus tard.<\/p>\n\n\n\n<p><a id=\"sonaar_ts-6927cef33ce41\" class=\"srmp3_sonaar_ts_shortcode\"  style=\"\" href=\"javascript:sonaar_ts_shortcode({ trackid:'0', time:'00:21:10', ts_id:'6927cef33ce41', play_icon:'' }) ;\">[00:21:10]<\/a> Dans tous les cas, m\u00eame si \u00e7a ne nous a pas trop \u00e9tonn\u00e9s, on a commenc\u00e9 \u00e0 voir ces campements d\u2019un mauvais \u0153il. \u00abVoir d\u2019un mauvais \u0153il\u00bb, \u00e7a signifie qu\u2019on est d\u00e9favorable ou hostile \u00e0 quelqu\u2019un ou quelque chose. Les Fran\u00e7ais ont commenc\u00e9 \u00e0 voir ces campements roms d\u2019un mauvais \u0153il, d\u2019autant plus que certains m\u00e9dias ont amplifi\u00e9 le ph\u00e9nom\u00e8ne en faisant des reportages sensationnalistes qui donnaient l\u2019impression que des millions de Roms \u00e9taient soudainement arriv\u00e9s en France (alors que, je le rappelle, ils sont seulement 15 000).<\/p>\n\n\n\n<p><a id=\"sonaar_ts-6927cef33ce45\" class=\"srmp3_sonaar_ts_shortcode\"  style=\"\" href=\"javascript:sonaar_ts_shortcode({ trackid:'0', time:'00:21:45', ts_id:'6927cef33ce45', play_icon:'' }) ;\">[00:21:45]<\/a> Les plus m\u00e9contents \u00e9videmment, c\u2019\u00e9taient les Fran\u00e7ais qui voyaient un campement s\u2019installer juste \u00e0 c\u00f4t\u00e9 de chez eux. Mais je ne leur jette pas la pierre, je peux les comprendre. Si vous vivez dans un petit village o\u00f9 tout le monde se conna\u00eet, \u00e7a peut \u00eatre intimidant de voir un campement appara\u00eetre du jour au lendemain, surtout quand ces nouveaux habitants ne parlent pas fran\u00e7ais et que vous ne connaissez rien \u00e0 leur culture.&nbsp;<\/p>\n\n\n\n<p><a id=\"sonaar_ts-6927cef33ce49\" class=\"srmp3_sonaar_ts_shortcode\"  style=\"\" href=\"javascript:sonaar_ts_shortcode({ trackid:'0', time:'00:22:10', ts_id:'6927cef33ce49', play_icon:'' }) ;\">[00:22:10]<\/a> Mais cette peur est en grande partie fond\u00e9e sur tout un tas de pr\u00e9jug\u00e9s. L\u2019un d\u2019entre eux, c\u2019est le suppos\u00e9 nomadisme des Roms. Comme on l\u2019a d\u00e9j\u00e0 dit, ce st\u00e9r\u00e9otype est faux. Les Roms qui vivent dans une caravane dans un bidonville pr\u00e9f\u00e8reraient \u00e9videmment avoir un logement avec l\u2019eau courante et l\u2019\u00e9lectricit\u00e9.<\/p>\n\n\n\n<p><a id=\"sonaar_ts-6927cef33ce4e\" class=\"srmp3_sonaar_ts_shortcode\"  style=\"\" href=\"javascript:sonaar_ts_shortcode({ trackid:'0', time:'00:22:33', ts_id:'6927cef33ce4e', play_icon:'' }) ;\">[00:22:33]<\/a> <i>Les bidonvilles, c&#8217;est un lieu de passage le temps que tu trouves un logement social. Mais cette demande, \u00e7a peut aller\u2026 le temps qu&#8217;ils comprennent les d\u00e9marches, le temps qu&#8217;ils apprennent le fran\u00e7ais, le temps qu&#8217;ils trouvent un emploi stable, le temps qu&#8217;ils comprennent comment les d\u00e9marches pourront se faire et tout \u00e7a, \u00e7a peut prendre de cinq \u00e0 dix ans.<\/i><\/p>\n\n\n\n<p><a id=\"sonaar_ts-6927cef33ce56\" class=\"srmp3_sonaar_ts_shortcode\"  style=\"\" href=\"javascript:sonaar_ts_shortcode({ trackid:'0', time:'00:22:58', ts_id:'6927cef33ce56', play_icon:'' }) ;\">[00:22:58]<\/a> Il y a deux choses essentielles pour r\u00e9ussir \u00e0 quitter le bidonville : apprendre le fran\u00e7ais et trouver un emploi. Vous \u00eates bien plac\u00e9s pour savoir \u00e0 quel point apprendre le fran\u00e7ais peut \u00eatre difficile. Et m\u00eame si ces personnes ont l\u2019avantage de vivre en France, je vous assure qu\u2019elles ont beaucoup moins de ressources que la plupart d\u2019entre vous. Quant \u00e0 trouver un travail, c\u2019est l\u00e0 aussi un v\u00e9ritable parcours du combattant.<\/p>\n\n\n\n<p><a id=\"sonaar_ts-6927cef33ce5b\" class=\"srmp3_sonaar_ts_shortcode\"  style=\"\" href=\"javascript:sonaar_ts_shortcode({ trackid:'0', time:'00:23:25', ts_id:'6927cef33ce5b', play_icon:'' }) ;\">[00:23:25]<\/a><i> Ah oui, c&#8217;est pas facile, c&#8217;est pas facile. Mais apr\u00e8s, c&#8217;est aussi le fait que t&#8217;as pas d\u2019appartement et que tu vis en bidonville. C&#8217;est tr\u00e8s compliqu\u00e9 parce qu&#8217;en fait, tu vas au travail, tu dis \u00abbah je suis pas douch\u00e9, je sens mauvais\u2026\u00bb surtout si tu fais du nettoyage dans les bureaux\u2026<\/i><\/p>\n\n\n\n<p><a id=\"sonaar_ts-6927cef33ce60\" class=\"srmp3_sonaar_ts_shortcode\"  style=\"\" href=\"javascript:sonaar_ts_shortcode({ trackid:'0', time:'00:23:42', ts_id:'6927cef33ce60', play_icon:'' }) ;\">[00:23:42]<\/a> Eh oui, difficile d\u2019\u00eatre propre quand on n\u2019a pas de salle de bain ni l\u2019eau courante. Sans compter qu\u2019il faut expliquer \u00e0 l\u2019employeur pourquoi on n\u2019a pas d\u2019adresse postale. Donc face \u00e0 toutes ces difficult\u00e9s, la seule solution qu\u2019il reste pour gagner un peu d\u2019argent, c\u2019est le syst\u00e8me d. Le syst\u00e8me d, \u00e7a veut dire \u00abse d\u00e9brouiller\u00bb, improviser par tous les moyens pour r\u00e9soudre ses probl\u00e8mes.<\/p>\n\n\n\n<p><a id=\"sonaar_ts-6927cef33ce64\" class=\"srmp3_sonaar_ts_shortcode\"  style=\"\" href=\"javascript:sonaar_ts_shortcode({ trackid:'0', time:'00:24:08', ts_id:'6927cef33ce64', play_icon:'' }) ;\">[00:24:08]<\/a> Donc concr\u00e8tement, pour ces Roms migrants, le syst\u00e8me d, c\u2019est le travail au noir, autrement dit le travail non d\u00e9clar\u00e9, sans contrat ni protection, souvent pour un salaire de mis\u00e8re. Certains d\u2019entre eux gagnent un peu d\u2019argent en faisant les poubelles pour trouver des choses \u00e0 revendre comme de la ferraille ou des appareils qu\u2019ils r\u00e9parent. Mais dans tous les cas, comme vous pouvez l\u2019imaginer, ces boulots ne rapportent pas assez pour payer un loyer tous les mois.<\/p>\n\n\n\n<p><a id=\"sonaar_ts-6927cef33ce69\" class=\"srmp3_sonaar_ts_shortcode\"  style=\"\" href=\"javascript:sonaar_ts_shortcode({ trackid:'0', time:'00:24:39', ts_id:'6927cef33ce69', play_icon:'' }) ;\">[00:24:39]<\/a> Alors, on ne va pas faire de langue de bois, il y a aussi des Roms qui tombent dans la d\u00e9linquance et le vol. \u00c9videmment, ce n\u2019est pas sp\u00e9cifique aux Roms. Partout dans le monde, quand les gens vivent dans la pauvret\u00e9, c\u2019est parfois la seule solution qui leur reste pour survivre. Le probl\u00e8me avec les Roms en France, c\u2019est que les m\u00e9faits de quelques individus sont g\u00e9n\u00e9ralis\u00e9s \u00e0 l\u2019ensemble de la communaut\u00e9.<\/p>\n\n\n\n<p><a id=\"sonaar_ts-6927cef33ce6d\" class=\"srmp3_sonaar_ts_shortcode\"  style=\"\" href=\"javascript:sonaar_ts_shortcode({ trackid:'0', time:'00:25:04', ts_id:'6927cef33ce6d', play_icon:'' }) ;\">[00:25:04]<\/a> Comme je l\u2019ai mentionn\u00e9 en introduction, il y a aussi le probl\u00e8me des enfants qui sont utilis\u00e9s pour mendier ou voler. L\u00e0 encore, il ne s\u2019agit pas d\u2019un trait propre \u00e0 la culture rom mais d\u2019une strat\u00e9gie de survie r\u00e9pandue partout o\u00f9 il y a de la pauvret\u00e9. \u00c0 c\u00f4t\u00e9 de \u00e7a, il existe bel et bien des r\u00e9seaux criminels, des r\u00e9seaux de trafiquants qui ach\u00e8tent ou kidnappent des enfants dans les pays pauvres pour les exploiter. Mais l\u00e0 non plus, ce ne sont pas des r\u00e9seaux qui sont li\u00e9s \u00e0 une ethnie ou une communaut\u00e9 en particulier, mais bien plut\u00f4t \u00e0 des conditions \u00e9conomiques.<\/p>\n\n\n\n<p><a id=\"sonaar_ts-6927cef33ce75\" class=\"srmp3_sonaar_ts_shortcode\"  style=\"\" href=\"javascript:sonaar_ts_shortcode({ trackid:'0', time:'00:25:41', ts_id:'6927cef33ce75', play_icon:'' }) ;\">[00:25:41]<\/a> S\u2019il y a tous ces pr\u00e9jug\u00e9s sur les Roms depuis des si\u00e8cles, c\u2019est en partie parce qu\u2019on a l\u2019impression qu\u2019ils sont communautaires, qu\u2019ils refusent de se m\u00e9langer aux autres. Encore aujourd\u2019hui, on leur fait ce reproche en voyant leurs campements. On dit qu\u2019ils pr\u00e9f\u00e8rent vivre enferm\u00e9s dans un bidonville que d\u2019essayer de s\u2019int\u00e9grer \u00e0 la soci\u00e9t\u00e9.<\/p>\n\n\n\n<p><i>[<\/i>sonaar_ts time=&#8221;00:26:02&#8243;][00:26:02][\/sonaar_ts] <i>Tu sais pourquoi ils ont ce choix l\u00e0 de dire \u00abon pr\u00e9f\u00e8re vivre en communaut\u00e9\u00bb ?&nbsp; C&#8217;est\u2026 Vivre en communaut\u00e9, \u00e7a veut dire s\u00e9curit\u00e9. Ils se sentent en s\u00e9curit\u00e9. Pourquoi ? Parce qu&#8217;en fait, s&#8217;il y a des petits groupes qui sont par exemple au fond d&#8217;un parking \u00e0 Auchan, tu vois, des personnes qui ne les aiment pas, ils vont aller mettre une bouteille\u2026 un cocktail molotov sur leur caravane (c\u2019est d\u00e9j\u00e0 arriv\u00e9). Ou sinon, il y a des gens qui les emb\u00eatent, qui ne les laissent pas rester l\u00e0, qui emb\u00eatent leurs enfants, qui cr\u00e8vent les pneus de leur caravane\u2026 Ces situations-l\u00e0, tu vois, des fois ils se demandent pourquoi il n&#8217;y a pas de petits emplacements \u00e0 gauche et \u00e0 droite et pourquoi ils restent toujours en groupe, surtout dans des des grosses communaut\u00e9s tu vois. Mais en fait, plus tu es gros, plus tu es imposant, plus tu es en s\u00e9curit\u00e9.<\/i><\/p>\n\n\n\n<p><i>[<\/i>sonaar_ts time=&#8221;00:27:00&#8243;][00:27:00][\/sonaar_ts]<i> C&#8217;est \u00e7a. S\u2019il n\u2019y avait pas eu ce probl\u00e8me d&#8217;ins\u00e9curit\u00e9, peut-\u00eatre que les gens, ils auraient pu se disperser un peu partout. On ne les verrait m\u00eame pas, tu vois. Mais il y a ces probl\u00e8mes d&#8217;ins\u00e9curit\u00e9, m\u00eame dans les quartiers o\u00f9 il y a des grandes HLM. Si tu vois un bidonville qui s&#8217;installe \u00e0 c\u00f4t\u00e9, s\u00fbrement, ils ne vont pas pouvoir rester parce que les gens des quartiers, ils vont mettre le feu, ils vont les emb\u00eater. Ils vont emb\u00eater les enfants \u00e0 la sortie de l&#8217;\u00e9cole. Et tout \u00e7a, c&#8217;est tr\u00e8s compliqu\u00e9. Donc plus le bidonville est imposant, plus les gens, ils disent : \u00abben je vais pas me rapprocher parce qu\u2019ils sont beaucoup, on ne sait jamais comment \u00e7a peut se finir.\u00bb Donc du coup, ils \u00e9vitent.<\/i><\/p>\n\n\n\n<p><a id=\"sonaar_ts-6927cef33ce7b\" class=\"srmp3_sonaar_ts_shortcode\"  style=\"\" href=\"javascript:sonaar_ts_shortcode({ trackid:'0', time:'00:27:43', ts_id:'6927cef33ce7b', play_icon:'' }) ;\">[00:27:43]<\/a> Eh oui, comme l\u2019explique Leonard, c\u2019est d\u2019abord une question de s\u00e9curit\u00e9. Ce que les Roms recherchent avant tout, comme n\u2019importe quel \u00eatre humain, c\u2019est de vivre en s\u00e9curit\u00e9. Or quand on arrive dans un pays dont on ne parle pas la langue et qu\u2019on sent une hostilit\u00e9 constante envers nous, c\u2019est normal de rechercher la protection offerte par sa communaut\u00e9.<\/p>\n\n\n\n<p><a id=\"sonaar_ts-6927cef33ce80\" class=\"srmp3_sonaar_ts_shortcode\"  style=\"\" href=\"javascript:sonaar_ts_shortcode({ trackid:'0', time:'00:28:05', ts_id:'6927cef33ce80', play_icon:'' }) ;\">[00:28:05]<\/a> Malheureusement, cette protection reste pr\u00e9caire, elle a des limites \u00e9videntes. Ces communaut\u00e9s sont toujours \u00e0 la merci des autorit\u00e9s. Elles ne peuvent rien faire contre les d\u00e9cisions administratives. Par exemple, si le maire d\u2019un village d\u00e9cide de faire \u00e9vacuer un camp de Roms, les forces de l\u2019ordre arrivent et en quelques heures, le camp est d\u00e9truit sans autre forme de proc\u00e8s. Les Roms n\u2019ont plus qu\u2019\u00e0 trouver un nouvel endroit o\u00f9 s\u2019installer avant d\u2019\u00eatre \u00e0 nouveau \u00e9vacu\u00e9s quelques semaines ou, s\u2019ils ont de la chance, quelques mois plus tard.<\/p>\n\n\n\n<p><a id=\"sonaar_ts-6927cef33ce84\" class=\"srmp3_sonaar_ts_shortcode\"  style=\"\" href=\"javascript:sonaar_ts_shortcode({ trackid:'0', time:'00:28:40', ts_id:'6927cef33ce84', play_icon:'' }) ;\">[00:28:40]<\/a> H\u00e9las, les enfants sont les premi\u00e8res victimes de cette pr\u00e9carit\u00e9 et de cette instabilit\u00e9.<\/p>\n\n\n\n<p><i>[<\/i>sonaar_ts time=&#8221;00:28:47&#8243;][00:28:47][\/sonaar_ts] <i>Par contre, il y a aussi d&#8217;autres familles qui sont l\u00e0 depuis plus de dix ans. C&#8217;est parce que les dispositifs existants demandent une certaine autonomie dans les d\u00e9marches. Tu dois faire une d\u00e9claration aux imp\u00f4ts, remplir un formulaire, tout \u00e7a. Sauf que, tu sais, ces familles-l\u00e0 qui sont l\u00e0 depuis plus de dix ans, c&#8217;est des familles o\u00f9 leurs parents \u00e9taient illettr\u00e9s et que, eux non plus, ils n&#8217;ont pas eu cette possibilit\u00e9 d&#8217;aller \u00e0 l&#8217;\u00e9cole. Parce qu&#8217;en fait, \u00e0 force de faire \u00e9vacuer des bidonvilles d&#8217;une ville \u00e0 l&#8217;autre tous les deux mois, \u00e7a ne permet pas aux parents de de pouvoir stabiliser leurs enfants dans une \u00e9cole. Parce qu&#8217;en fait, il y a aussi l&#8217;emploi qui fait que tu as du mal \u00e0 t&#8217;organiser avec les autres qui sont sur le bidonville (parce que la plupart, ils vont aller au travail). Personne ne pourra amener leurs enfants \u00e0 l&#8217;\u00e9cole. La mairie ne peut pas s&#8217;impliquer pour assurer le transport scolaire. Et ce qui fait que les enfants de maintenant vont devenir les parents de demain qui ne savent pas lire et \u00e9crire.<\/i><\/p>\n\n\n\n<p><i>[<\/i>sonaar_ts time=&#8221;00:29:52&#8243;][00:29:52][\/sonaar_ts]<i> Et ce qui fait que dans ces moments-l\u00e0, c&#8217;est pour \u00e7a qu&#8217;on n&#8217;arrive jamais \u00e0 r\u00e9sorber des bidonvilles. C&#8217;est parce que tant que les autorit\u00e9s locales ne veulent pas s&#8217;investir sur le transport scolaire, sur l&#8217;organisation\u2026 surtout de suivre un peu l&#8217;assiduit\u00e9 des enfants qui vont \u00e0 l&#8217;\u00e9cole, ceux qui ne vont pas. C&#8217;est tr\u00e8s tr\u00e8s compliqu\u00e9<\/i>.&nbsp;<\/p>\n\n\n\n<p><a id=\"sonaar_ts-6927cef33ce8d\" class=\"srmp3_sonaar_ts_shortcode\"  style=\"\" href=\"javascript:sonaar_ts_shortcode({ trackid:'0', time:'00:30:15', ts_id:'6927cef33ce8d', play_icon:'' }) ;\">[00:30:15]<\/a> Leonard montre bien qu\u2019on est face \u00e0 un cercle vicieux. Les parents qui viennent en France en \u00e9tant analphab\u00e8tes ont beaucoup de mal \u00e0 trouver un travail. Ils ne savent pas non plus comment inscrire leurs enfants \u00e0 l\u2019\u00e9cole. Et m\u00eame quand ils y arrivent avec l\u2019aide d\u2019une assistante sociale ou d\u2019une association, les enfants ne peuvent pas suivre une scolarit\u00e9 normale parce qu\u2019on les force constamment \u00e0 d\u00e9m\u00e9nager. Donc au lieu d\u2019\u00eatre \u00e0 l\u2019\u00e9cole, ils grandissent dans le bidonville sans apprendre \u00e0 lire ni \u00e9crire, et une fois adultes, ils ne trouvent pas de travail non plus.<\/p>\n\n\n\n<p><a id=\"sonaar_ts-6927cef33ce91\" class=\"srmp3_sonaar_ts_shortcode\"  style=\"\" href=\"javascript:sonaar_ts_shortcode({ trackid:'0', time:'00:30:50', ts_id:'6927cef33ce91', play_icon:'' }) ;\">[00:30:50]<\/a> Heureusement, des associations comme celle de Leonard essayent de rompre ce cercle vicieux. Mais comme il le dit lui-m\u00eame, il reste encore beaucoup de travail \u00e0 faire, surtout quand on compare la France \u00e0 ses voisins europ\u00e9ens.<\/p>\n\n\n\n<p><i>[<\/i>sonaar_ts time=&#8221;00:31:04&#8243;][00:31:04][\/sonaar_ts] <i>Moi, je pense que \u00e7a commence \u00e0 s&#8217;am\u00e9liorer. Parce que maintenant on a plein de services qui sont mis en place. Mais il y a encore des choses [sur lesquelles il faut] travailler. Parce qu&#8217;en fait, le fait que chacun travaille \u00e0 sa mani\u00e8re et sans les personnes qui sont sur les bidonvilles, ils arrivent pas \u00e0 trouver la solution. Si on arrive \u00e0 se mettre tous autour de la table avec les premiers concern\u00e9s et qu&#8217;on trouve une solution qui pourra \u00eatre accept\u00e9e par eux, peut-\u00eatre que \u00e7a va changer les choses. Peut-\u00eatre qu&#8217;il n&#8217;y aura pas autant de bidonvilles.&nbsp;<\/i><\/p>\n\n\n\n<p><i>[<\/i>sonaar_ts time=&#8221;00:31:39&#8243;][00:31:39][\/sonaar_ts]<i> Tu vois, la France, c&#8217;est un pays o\u00f9 il y a \u00e9norm\u00e9ment de bidonvilles. Si tu vas en Allemagne, ils ont des services d&#8217;accueil des personnes qui sont \u00e0 la rue qui sont tr\u00e8s bien. Tu vois pas de bidonvilles en Allemagne, ni en Italie, ni ailleurs. Il y avait une \u00e9poque en Italie, il y avait des bidonvilles, mais maintenant il n&#8217;y a plus de bidonvilles. Pourquoi ? Parce qu\u2019ils ont compris qu\u2019il faut mettre plus d&#8217;argent pour qu\u2019il y ait plus de places en service d&#8217;accueil d&#8217;urgence.<\/i><\/p>\n\n\n\n<p><i>[<\/i>sonaar_ts time=&#8221;00:32:08&#8243;][00:32:08][\/sonaar_ts]<i> Mais \u00e7a commence \u00e0 se mettre en place tout \u00e7a, mais il faut du travail, il faut que, eux, ils comprennent, qu&#8217;ils voient un peu le terrain, qu&#8217;ils rencontrent les personnes. Et il y a des choses qui pourront [s\u2019am\u00e9liorer]. Mais des choses qui pourront [s\u2019am\u00e9liorer] sans eux\u2026 C&#8217;est comme si tu as fait un projet et que, eux, ils sont pas participants, tu vois ? Il faut que les premiers concern\u00e9s y participent. S&#8217;ils participent pas, \u00e7a ne marchera pas.<\/i><\/p>\n\n\n\n<p><a id=\"sonaar_ts-6927cef33ce97\" class=\"srmp3_sonaar_ts_shortcode\"  style=\"\" href=\"javascript:sonaar_ts_shortcode({ trackid:'0', time:'00:32:36', ts_id:'6927cef33ce97', play_icon:'' }) ;\">[00:32:36]<\/a> Voil\u00e0, on va terminer sur ce message optimiste. Merci \u00e0 Leonard Velicu pour son temps et son aide pr\u00e9cieuse. Merci aussi \u00e0 l\u2019association Romeurope qui m\u2019a mis en contact avec lui. Si vous voulez soutenir leur travail, vous trouverez les liens sur la page de l\u2019\u00e9pisode.<\/p>\n\n\n\n<p><a id=\"sonaar_ts-6927cef33ce9f\" class=\"srmp3_sonaar_ts_shortcode\"  style=\"\" href=\"javascript:sonaar_ts_shortcode({ trackid:'0', time:'00:32:54', ts_id:'6927cef33ce9f', play_icon:'' }) ;\">[00:32:54]<\/a> Bien s\u00fbr, on ne peut pas s\u2019engager dans toutes les causes, \u00eatre de tous les combats. Il y a tellement de probl\u00e8mes dans le monde que c\u2019est impossible.&nbsp;<\/p>\n\n\n\n<p><a id=\"sonaar_ts-6927cef33cea4\" class=\"srmp3_sonaar_ts_shortcode\"  style=\"\" href=\"javascript:sonaar_ts_shortcode({ trackid:'0', time:'00:33:01', ts_id:'6927cef33cea4', play_icon:'' }) ;\">[00:33:01]<\/a> Mais je pense qu\u2019on peut au moins \u00eatre curieux, s\u2019int\u00e9resser \u00e0 l\u2019histoire et la culture de celles et ceux qui nous semblent \u00e9trangers. C\u2019est une premi\u00e8re \u00e9tape essentielle pour d\u00e9passer nos pr\u00e9jug\u00e9s et avoir plus d\u2019empathie.<\/p>\n\n\n\n<p><a id=\"sonaar_ts-6927cef33cea9\" class=\"srmp3_sonaar_ts_shortcode\"  style=\"\" href=\"javascript:sonaar_ts_shortcode({ trackid:'0', time:'00:33:16', ts_id:'6927cef33cea9', play_icon:'' }) ;\">[00:33:16]<\/a> Personnellement, mon regard sur les Roms a beaucoup chang\u00e9 en pr\u00e9parant cet \u00e9pisode et en discutant avec Leonard. Donc j\u2019esp\u00e8re qu\u2019il aura le m\u00eame effet sur vous.<\/p>\n\n\n\n<p><a id=\"sonaar_ts-6927cef33ceae\" class=\"srmp3_sonaar_ts_shortcode\"  style=\"\" href=\"javascript:sonaar_ts_shortcode({ trackid:'0', time:'00:33:27', ts_id:'6927cef33ceae', play_icon:'' }) ;\">[00:33:27]<\/a> Merci pour votre attention et je vous donne rendez-vous dans deux semaines pour un nouvel \u00e9pisode. Ciao !&nbsp;<\/p>\n","protected":false},"excerpt":{"rendered":"<p>Salut \u00e0 toutes et \u00e0 tous ! Aujourd\u2019hui, on se retrouve pour parler d\u2019un sujet qui a \u00e9t\u00e9 propos\u00e9 par un auditeur du podcast, Matthias. Je ne sais pas s\u2019il nous \u00e9coute encore vu qu\u2019il nous a \u00e9crit il y a quasiment trois ans\u2026 Mais mieux vaut tard que jamais ! Et si j\u2019ai d\u00e9cid\u00e9&#8230;<\/p>\n","protected":false},"author":1,"featured_media":289692,"comment_status":"open","ping_status":"open","sticky":false,"template":"","format":[189],"meta":{"_acf_changed":false,"_kad_blocks_custom_css":"","_kad_blocks_head_custom_js":"","_kad_blocks_body_custom_js":"","_kad_blocks_footer_custom_js":"","_kad_post_transparent":"","_kad_post_title":"","_kad_post_layout":"","_kad_post_sidebar_id":"","_kad_post_content_style":"","_kad_post_vertical_padding":"","_kad_post_feature":"","_kad_post_feature_position":"","_kad_post_header":false,"_kad_post_footer":false,"_kad_post_classname":"","footnotes":""},"categories":[168],"tags":[175,180,172],"class_list":["post-289582","post","type-post","status-publish","format-standard","has-post-thumbnail","hentry","category-podcast","tag-france","tag-histoire","tag-societe","format-solo-hugo"],"acf":[],"taxonomy_info":{"category":[{"value":168,"label":"Podcast"}],"post_tag":[{"value":175,"label":"France"},{"value":180,"label":"Histoire"},{"value":172,"label":"Soci\u00e9t\u00e9"}],"format":[{"value":189,"label":"Solo Hugo"}]},"featured_image_src_large":["https:\/\/innerfrench.com\/wp-content\/uploads\/2024\/04\/E142-Les-Roms-en-France-750x406.jpg",750,406,true],"author_info":{"display_name":"Hugo","author_link":"https:\/\/innerfrench.com\/author\/innerfrench-2-2-2-2-2-2-2-2-2-2-2-2-2-2-2-2-2-2-2\/"},"comment_info":21,"category_info":[{"term_id":168,"name":"Podcast","slug":"podcast","term_group":0,"term_taxonomy_id":168,"taxonomy":"category","description":"","parent":0,"count":185,"filter":"raw","cat_ID":168,"category_count":185,"category_description":"","cat_name":"Podcast","category_nicename":"podcast","category_parent":0}],"tag_info":[{"term_id":175,"name":"France","slug":"france","term_group":0,"term_taxonomy_id":175,"taxonomy":"post_tag","description":"","parent":0,"count":100,"filter":"raw"},{"term_id":180,"name":"Histoire","slug":"histoire","term_group":0,"term_taxonomy_id":180,"taxonomy":"post_tag","description":"","parent":0,"count":35,"filter":"raw"},{"term_id":172,"name":"Soci\u00e9t\u00e9","slug":"societe","term_group":0,"term_taxonomy_id":172,"taxonomy":"post_tag","description":"","parent":0,"count":94,"filter":"raw"}],"_links":{"self":[{"href":"https:\/\/innerfrench.com\/wp-json\/wp\/v2\/posts\/289582","targetHints":{"allow":["GET"]}}],"collection":[{"href":"https:\/\/innerfrench.com\/wp-json\/wp\/v2\/posts"}],"about":[{"href":"https:\/\/innerfrench.com\/wp-json\/wp\/v2\/types\/post"}],"author":[{"embeddable":true,"href":"https:\/\/innerfrench.com\/wp-json\/wp\/v2\/users\/1"}],"replies":[{"embeddable":true,"href":"https:\/\/innerfrench.com\/wp-json\/wp\/v2\/comments?post=289582"}],"version-history":[{"count":3,"href":"https:\/\/innerfrench.com\/wp-json\/wp\/v2\/posts\/289582\/revisions"}],"predecessor-version":[{"id":294439,"href":"https:\/\/innerfrench.com\/wp-json\/wp\/v2\/posts\/289582\/revisions\/294439"}],"wp:featuredmedia":[{"embeddable":true,"href":"https:\/\/innerfrench.com\/wp-json\/wp\/v2\/media\/289692"}],"wp:attachment":[{"href":"https:\/\/innerfrench.com\/wp-json\/wp\/v2\/media?parent=289582"}],"wp:term":[{"taxonomy":"category","embeddable":true,"href":"https:\/\/innerfrench.com\/wp-json\/wp\/v2\/categories?post=289582"},{"taxonomy":"post_tag","embeddable":true,"href":"https:\/\/innerfrench.com\/wp-json\/wp\/v2\/tags?post=289582"},{"taxonomy":"format","embeddable":true,"href":"https:\/\/innerfrench.com\/wp-json\/wp\/v2\/format?post=289582"}],"curies":[{"name":"wp","href":"https:\/\/api.w.org\/{rel}","templated":true}]}}