{"id":289583,"date":"2024-04-23T18:33:44","date_gmt":"2024-04-23T16:33:44","guid":{"rendered":"https:\/\/innerfrench.com\/?p=205304"},"modified":"2025-09-25T11:01:28","modified_gmt":"2025-09-25T09:01:28","slug":"143-la-france-entre-en-guerre-contre-la-fast-fashion","status":"publish","type":"post","link":"https:\/\/innerfrench.com\/143-la-france-entre-en-guerre-contre-la-fast-fashion\/","title":{"rendered":"#143 La France entre en guerre contre la fast fashion"},"content":{"rendered":"\n<p><b><a id=\"sonaar_ts-6927c959bf9d4\" class=\"srmp3_sonaar_ts_shortcode\"  style=\"\" href=\"javascript:sonaar_ts_shortcode({ trackid:'0', time:'00:00:03', ts_id:'6927c959bf9d4', play_icon:'' }) ;\">[00:00:03]<\/a> &#8211; Hugo<\/b><\/p>\n\n\n\n<p>\u00c9pisode 143. La France entre en guerre contre la fast fashion.<\/p>\n\n\n\n<p><b><a id=\"sonaar_ts-6927c959bf9e3\" class=\"srmp3_sonaar_ts_shortcode\"  style=\"\" href=\"javascript:sonaar_ts_shortcode({ trackid:'0', time:'00:00:12', ts_id:'6927c959bf9e3', play_icon:'' }) ;\">[00:00:12]<\/a> &#8211; Hugo<\/b><\/p>\n\n\n\n<p>Salut \u00e0 toutes et \u00e0 tous. Salut Ingrid.<\/p>\n\n\n\n<p><b><a id=\"sonaar_ts-6927c959bf9eb\" class=\"srmp3_sonaar_ts_shortcode\"  style=\"\" href=\"javascript:sonaar_ts_shortcode({ trackid:'0', time:'00:00:15', ts_id:'6927c959bf9eb', play_icon:'' }) ;\">[00:00:15]<\/a> &#8211; Ingrid<\/b><\/p>\n\n\n\n<p>Salut Hugo. Comment \u00e7a va aujourd&#8217;hui ?<\/p>\n\n\n\n<p><b><a id=\"sonaar_ts-6927c959bf9f0\" class=\"srmp3_sonaar_ts_shortcode\"  style=\"\" href=\"javascript:sonaar_ts_shortcode({ trackid:'0', time:'00:00:19', ts_id:'6927c959bf9f0', play_icon:'' }) ;\">[00:00:19]<\/a> &#8211; Hugo<\/b><\/p>\n\n\n\n<p>\u00c7a va. Comme je te disais, je viens de terminer mon caf\u00e9, mais la caf\u00e9ine n&#8217;a pas encore fait effet. Donc, le d\u00e9marrage risque d&#8217;\u00eatre un peu lent. Mais bon, j&#8217;esp\u00e8re qu&#8217;au fur et \u00e0 mesure de l&#8217;\u00e9pisode, \u00e7a va repartir. Et toi, comment \u00e7a va ?<\/p>\n\n\n\n<p><b><a id=\"sonaar_ts-6927c959bf9f6\" class=\"srmp3_sonaar_ts_shortcode\"  style=\"\" href=\"javascript:sonaar_ts_shortcode({ trackid:'0', time:'00:00:36', ts_id:'6927c959bf9f6', play_icon:'' }) ;\">[00:00:36]<\/a> &#8211; Ingrid<\/b><\/p>\n\n\n\n<p>Moi, \u00e7a va. Comme tu le sais, il y a un d\u00e9calage horaire, donc je ne suis pas du tout au m\u00eame stade que toi. Je suis plut\u00f4t en train de dig\u00e9rer mon d\u00e9jeuner. Donc, \u00e7a me va si on y va doucement et qu&#8217;on aborde le sujet d&#8217;aujourd&#8217;hui tranquillement, sans se prendre la t\u00eate. Et d&#8217;ailleurs, c&#8217;est un sujet assez sympa, je trouve. Pas trop, trop technique, un petit quand m\u00eame.<\/p>\n\n\n\n<p><b><a id=\"sonaar_ts-6927c959bf9fb\" class=\"srmp3_sonaar_ts_shortcode\"  style=\"\" href=\"javascript:sonaar_ts_shortcode({ trackid:'0', time:'00:01:00', ts_id:'6927c959bf9fb', play_icon:'' }) ;\">[00:01:00]<\/a> &#8211; Hugo<\/b><\/p>\n\n\n\n<p>Ouais, je pense qu&#8217;on va avoir pas mal de vocabulaire utile, du vocabulaire du quotidien qui concerne la mode, parce que comme vous l&#8217;avez entendu avec le titre, on va parler de fast fashion. Alors, il va y avoir pas mal d&#8217;anglicismes dans cet \u00e9pisode. D\u00e9sol\u00e9. Mais c&#8217;est vrai que dans ce domaine, d&#8217;ailleurs comme dans d&#8217;autres domaines assez nombreux, on utilise de plus en plus les termes anglais. C&#8217;est peut-\u00eatre une mani\u00e8re pour nous de prendre nos distances avec ce ph\u00e9nom\u00e8ne. Mais on va voir qu&#8217;il y a un peu d&#8217;hypocrisie par rapport \u00e0 \u00e7a, parce qu&#8217;en France, on est des gros consommateurs de fast fashion, mais on a tendance \u00e0 critiquer cette pratique assez publiquement.<\/p>\n\n\n\n<p><b><a id=\"sonaar_ts-6927c959bfa09\" class=\"srmp3_sonaar_ts_shortcode\"  style=\"\" href=\"javascript:sonaar_ts_shortcode({ trackid:'0', time:'00:01:47', ts_id:'6927c959bfa09', play_icon:'' }) ;\">[00:01:47]<\/a> &#8211; Ingrid<\/b><\/p>\n\n\n\n<p>Alors, qu&#8217;est-ce que c&#8217;est comme pratique, d\u00e9j\u00e0 ? La fast fashion, bon je pense que tout le monde, tous ceux qui nous entendent savent de quoi on parle, surtout que c&#8217;est vrai que c&#8217;est un terme international qu&#8217;on a gard\u00e9 comme \u00e7a en fran\u00e7ais, c&#8217;est un secteur de l&#8217;industrie vestimentaire qui se caract\u00e9rise par le renouvellement tr\u00e8s rapide des v\u00eatements qui sont propos\u00e9s \u00e0 la vente avec plein de saisons. Parfois, ce n&#8217;est m\u00eame pas vraiment des saisons, c&#8217;est juste qu&#8217;il y a continuellement des nouvelles collections. Et c&#8217;est vrai qu&#8217;on voulait en parler aujourd&#8217;hui, particuli\u00e8rement pour deux raisons. Alors, d\u00e9j\u00e0 parce qu&#8217;effectivement, comme on le dit dans le titre, la France entre en guerre contre la fast fashion. On va vous expliquer pourquoi. Mais on a aussi choisi aujourd&#8217;hui comme jour particulier, parce qu&#8217;aujourd&#8217;hui, le 24 avril, donc au moment o\u00f9 vous \u00e9coutez ce podcast, normalement, c&#8217;est le Fashion Revolution Day, donc encore un anglicisme, soit la journ\u00e9e internationale, et m\u00eame la semaine, pour la promotion de la mode responsable et donc contre la fast fashion.<\/p>\n\n\n\n<p><b><a id=\"sonaar_ts-6927c959bfa10\" class=\"srmp3_sonaar_ts_shortcode\"  style=\"\" href=\"javascript:sonaar_ts_shortcode({ trackid:'0', time:'00:03:00', ts_id:'6927c959bfa10', play_icon:'' }) ;\">[00:03:00]<\/a> &#8211; Hugo<\/b><\/p>\n\n\n\n<p>Exactement. Alors, les enseignes de fast fashion les plus connues, en tout cas en France, mais c&#8217;est des entreprises qui sont pr\u00e9sentes dans le monde entier, donc je suis \u00e0 peu pr\u00e8s s\u00fbr que vous en avez d\u00e9j\u00e0 entendu parler, ce sont le g\u00e9ant su\u00e9dois H&amp;M. Donc oui, en France, on ne dit pas H&amp;M, mais H&amp;M. L&#8217;entreprise espagnole Inditex. Donc celle-l\u00e0, vous ne la connaissez peut-\u00eatre pas, mais vous connaissez les marques qu&#8217;elle poss\u00e8de, la marque Zara, mais aussi la marque Mango. Et aujourd&#8217;hui, il y a une nouvelle cat\u00e9gorie d&#8217;acteurs qui appara\u00eet sur le march\u00e9. Enfin, \u00e7a fait d\u00e9j\u00e0 quelques ann\u00e9es. Mais maintenant, on commence \u00e0 parler d&#8217;ultra fast fashion avec des entreprises comme Shein, une entreprise chinoise.<\/p>\n\n\n\n<p><b><a id=\"sonaar_ts-6927c959bfa16\" class=\"srmp3_sonaar_ts_shortcode\"  style=\"\" href=\"javascript:sonaar_ts_shortcode({ trackid:'0', time:'00:03:52', ts_id:'6927c959bfa16', play_icon:'' }) ;\">[00:03:52]<\/a> &#8211; Ingrid<\/b><\/p>\n\n\n\n<p>Qui est un site en ligne qui fonctionne apparemment tr\u00e8s bien en France. Et donc on trouve \u00e7a assez int\u00e9ressant parce que justement, nous, on se demandait : est-ce que les Fran\u00e7ais sont consommateurs de cette fast fashion ? Et apparemment oui, puisque Shein est arriv\u00e9 en t\u00eate des ventes de mode en ligne en France en 2022. Bon c&#8217;est le dernier chiffre qu&#8217;on a trouv\u00e9, mais le g\u00e9ant chinois a enregistr\u00e9 des ventes d&#8217;une valeur de 963 millions d&#8217;euros. C&#8217;est un gros chiffre, mais en en gros, tous les chiffres montrent que toutes les enseignes type H&amp;M, Zara et aussi les enseignes d&#8217;ultra fast fashion comme Shein fonctionnent tr\u00e8s bien en France. Et \u00e7a, c&#8217;est quelque chose qui n&#8217;est pas forc\u00e9ment tr\u00e8s bien vu. Donc, on a d\u00e9cid\u00e9, ou en tout cas, les politiques ont d\u00e9cid\u00e9 de r\u00e9pliquer.<\/p>\n\n\n\n<p><b><a id=\"sonaar_ts-6927c959bfa1b\" class=\"srmp3_sonaar_ts_shortcode\"  style=\"\" href=\"javascript:sonaar_ts_shortcode({ trackid:'0', time:'00:04:50', ts_id:'6927c959bfa1b', play_icon:'' }) ;\">[00:04:50]<\/a> &#8211; Hugo<\/b><\/p>\n\n\n\n<p>Oui, ils ont d\u00e9cid\u00e9 de voter une loi pour adopter des actions concr\u00e8tes afin de lutter d&#8217;\u00eatre en guerre contre ces entreprises de fast fashion. Cette loi, elle a \u00e9t\u00e9 vot\u00e9e il y a environ un mois et elle a trois mesures phares, trois mesures, trois grandes mesures pour lutter concr\u00e8tement contre les entreprises de fast fashion. C&#8217;est une loi qui a \u00e9t\u00e9 adopt\u00e9e avec une grande majorit\u00e9. Il n&#8217;y a pas vraiment d&#8217;opposition. Donc, on peut dire qu&#8217;elle fait l&#8217;unanimit\u00e9 parmi les partis politiques fran\u00e7ais, mais parfois pour des raisons un peu diff\u00e9rentes. On en reparlera plus tard.<\/p>\n\n\n\n<p><b><a id=\"sonaar_ts-6927c959bfa20\" class=\"srmp3_sonaar_ts_shortcode\"  style=\"\" href=\"javascript:sonaar_ts_shortcode({ trackid:'0', time:'00:05:36', ts_id:'6927c959bfa20', play_icon:'' }) ;\">[00:05:36]<\/a> &#8211; Ingrid<\/b><\/p>\n\n\n\n<p>Oui, donc on va creuser ce sujet dans l&#8217;\u00e9pisode d&#8217;aujourd&#8217;hui. \u00c7a, c&#8217;\u00e9tait plut\u00f4t une introduction o\u00f9 on vous a un peu balay\u00e9 le sujet pour que vous compreniez de quoi on va parler. Et maintenant, on va y aller \u00e0 fond. C&#8217;est parti.<\/p>\n\n\n\n<p><b><a id=\"sonaar_ts-6927c959bfa26\" class=\"srmp3_sonaar_ts_shortcode\"  style=\"\" href=\"javascript:sonaar_ts_shortcode({ trackid:'0', time:'00:05:59', ts_id:'6927c959bfa26', play_icon:'' }) ;\">[00:05:59]<\/a> &#8211; Hugo<\/b><\/p>\n\n\n\n<p>Alors, pour commencer, on va essayer de mieux comprendre ce qu&#8217;est l&#8217;ultra fast fashion. La date du 24 avril, qu&#8217;on a choisie pour cette journ\u00e9e internationale de la mode responsable, elle n&#8217;a pas \u00e9t\u00e9 choisie au hasard. En fait, c&#8217;est un jour de comm\u00e9moration. On comm\u00e9more un drame qui a eu lieu au Bangladesh le 24 avril 2013. C&#8217;est le c\u00e9l\u00e8bre effondrement de l&#8217;immeuble du Rana Plaza. Alors, le Rana Plaza, c&#8217;\u00e9tait un immeuble dans lequel plusieurs enseignes comme Mango ou Primark produisaient une partie de leurs v\u00eatements. Et ce 24 avril, le b\u00e2timent s&#8217;est effondr\u00e9, il s&#8217;est \u00e9croul\u00e9, ce qui a fait plus de 1 000 morts et environ 2 500 personnes qui ont \u00e9t\u00e9 rescap\u00e9es. Ces personnes, \u00e9videmment, c&#8217;\u00e9taient des ouvriers qui travaillaient \u00e0 la production de ces v\u00eatements. Et on en a beaucoup discut\u00e9 ensuite au niveau mondial. Et \u00e7a a attir\u00e9 l&#8217;attention du grand public sur les conditions de production des v\u00eatements qu&#8217;ils ach\u00e8tent.<\/p>\n\n\n\n<p><b><a id=\"sonaar_ts-6927c959bfa2b\" class=\"srmp3_sonaar_ts_shortcode\"  style=\"\" href=\"javascript:sonaar_ts_shortcode({ trackid:'0', time:'00:07:16', ts_id:'6927c959bfa2b', play_icon:'' }) ;\">[00:07:16]<\/a> &#8211; Ingrid<\/b><\/p>\n\n\n\n<p>Oui, parce qu&#8217;\u00e0 l&#8217;\u00e9poque, on avait su qu&#8217;il y avait eu des consignes d&#8217;\u00e9vacuation qui avaient \u00e9t\u00e9 donn\u00e9es la veille, donc le jour d&#8217;avant, apr\u00e8s l&#8217;apparition de fissures. Des fissures, c&#8217;est quand le mur est cass\u00e9, qu&#8217;on voit que le mur pourrait se fendre, se couper en deux. Et les responsables de ces usines avaient su cela, mais ils avaient d\u00e9cid\u00e9 de l&#8217;ignorer. Pourquoi ? Parce que le profit est beaucoup plus important que la vie de ces ouvriers. Donc, ils avaient d\u00e9cid\u00e9 de prendre le risque quand m\u00eame. Et c&#8217;est vrai qu&#8217;ensuite, il y avait eu beaucoup d&#8217;\u00e9motion dans le monde entier et notamment les entreprises qui embauchent ces ouvriers, qui font travailler ces personnes dans ces pays, avaient \u00e9t\u00e9 beaucoup critiqu\u00e9es. Il y avait eu un mouvement un petit peu, d\u00e9j\u00e0, pour s&#8217;opposer \u00e0 cette industrie. Et \u00e0 l&#8217;\u00e9poque, c&#8217;\u00e9tait plut\u00f4t l&#8217;id\u00e9e que c&#8217;\u00e9tait une industrie qui \u00e9tait tr\u00e8s mauvaise pour les droits humains, qui, pour pouvoir produire de fa\u00e7on tr\u00e8s peu co\u00fbteuse, ne faisait pas du tout attention aux conditions de travail de leurs ouvriers.<\/p>\n\n\n\n<p><b><a id=\"sonaar_ts-6927c959bfa30\" class=\"srmp3_sonaar_ts_shortcode\"  style=\"\" href=\"javascript:sonaar_ts_shortcode({ trackid:'0', time:'00:08:31', ts_id:'6927c959bfa30', play_icon:'' }) ;\">[00:08:31]<\/a> &#8211; Hugo<\/b><\/p>\n\n\n\n<p>Oui, et c&#8217;est vrai que je ne sais pas si tu t&#8217;en souviens et si c&#8217;\u00e9tait le cas pour toi, mais avant \u00e7a, moi, souvent, pendant mes cours d&#8217;anglais, au lyc\u00e9e et puis apr\u00e8s en pr\u00e9pa, on parlait des conditions de travail dans les &#8220;sweatshops&#8221; en Asie. Donc c&#8217;\u00e9tait les usines dans lesquelles Nike produisait ses baskets et ses v\u00eatements. Je me souviens qu&#8217;on en parlait assez souvent au d\u00e9but des ann\u00e9es 2000, mais \u00e7a concernait principalement les \u00e9quipementiers sportifs, donc Nike, Adidas, etc. Toutes ces entreprises qui produisaient, par exemple, au Vietnam. Mais \u00e0 partir des ann\u00e9es 2010, les enseignes qui \u00e9taient dans le viseur, autrement dit, les enseignes qui \u00e9taient cibl\u00e9es, qui \u00e9taient critiqu\u00e9es, c&#8217;\u00e9tait plut\u00f4t les enseignes de la fast fashion comme H&amp;M, Primark, etc.<\/p>\n\n\n\n<p><b><a id=\"sonaar_ts-6927c959bfa36\" class=\"srmp3_sonaar_ts_shortcode\"  style=\"\" href=\"javascript:sonaar_ts_shortcode({ trackid:'0', time:'00:09:28', ts_id:'6927c959bfa36', play_icon:'' }) ;\">[00:09:28]<\/a> &#8211; Ingrid<\/b><\/p>\n\n\n\n<p>Oui, c&#8217;est vrai qu&#8217;avant, on entendait beaucoup, par exemple, que les baskets Nike \u00e9taient fabriqu\u00e9es par des pauvres enfants en Asie, mais sur H&amp;M ou Zara, il n&#8217;y avait pas du tout de discours critique. Et c&#8217;est \u00e0 ce moment-l\u00e0 qu&#8217;on s&#8217;est rendu compte que pour avoir ces prix qui d\u00e9fient toute concurrence, des T-shirts \u00e0 5 \u20ac ou des robes \u00e0 10 \u20ac, il faut absolument avoir des conditions de travail m\u00e9diocres avec beaucoup d&#8217;heures de travail, avec une cadence qui ne permet pas de se reposer, pas de respect de la sant\u00e9 des ouvriers, etc. Alors, depuis, ces marques-l\u00e0 ont un peu fait ce qu&#8217;on appelle du greenwashing. Vous savez, il y a H&amp;M qui, par exemple, propose de recycler des v\u00eatements ou ils nous proposent des collections vertes, des choses comme \u00e7a, pour montrer qu&#8217;ils font leur part pour r\u00e9duire les risques. Mais c&#8217;est vrai que personnellement, depuis cette \u00e9poque, j&#8217;ai toujours gard\u00e9 un \u0153il tr\u00e8s mauvais sur ces marques-l\u00e0.<\/p>\n\n\n\n<p><b><a id=\"sonaar_ts-6927c959bfa3b\" class=\"srmp3_sonaar_ts_shortcode\"  style=\"\" href=\"javascript:sonaar_ts_shortcode({ trackid:'0', time:'00:10:35', ts_id:'6927c959bfa3b', play_icon:'' }) ;\">[00:10:35]<\/a> &#8211; Hugo<\/b><\/p>\n\n\n\n<p>Oui, c&#8217;est vrai. Et comme tu le soulignais, avant, la principale critique concernait les conditions de travail et les salaires dans ces pays-l\u00e0. Mais depuis une dizaine, voire une quinzaine d&#8217;ann\u00e9es, on parle surtout de l&#8217;impact environnemental de la fast fashion. Et c&#8217;est \u00e7a qui concentre la plupart des critiques.<\/p>\n\n\n\n<p><b><a id=\"sonaar_ts-6927c959bfa40\" class=\"srmp3_sonaar_ts_shortcode\"  style=\"\" href=\"javascript:sonaar_ts_shortcode({ trackid:'0', time:'00:10:56', ts_id:'6927c959bfa40', play_icon:'' }) ;\">[00:10:56]<\/a> &#8211; Ingrid<\/b><\/p>\n\n\n\n<p>Oui, c&#8217;est vrai. Et alors l\u00e0, c&#8217;est un avis tr\u00e8s personnel mais moi, je pense que le fait de se concentrer sur l&#8217;impact environnemental, \u00e7a rend la critique internationale et \u00e7a rend les mesures de surveillance plus faciles parce qu&#8217;on peut facilement critiquer l&#8217;impact environnemental de la production de v\u00eatements, alors que depuis l&#8217;Europe, c&#8217;est plus difficile d&#8217;aller imposer des conditions de travail meilleures pour des ouvriers \u00e0 l&#8217;autre bout du monde. Ou alors, il faudrait carr\u00e9ment interdire l&#8217;exportation, mais \u00e7a, c&#8217;est un peu contre tout notre syst\u00e8me de mondialisation. Donc maintenant, on a un bon argument pour lutter contre ces entreprises, c&#8217;est l&#8217;\u00e9cologie.<\/p>\n\n\n\n<p><b><a id=\"sonaar_ts-6927c959bfa46\" class=\"srmp3_sonaar_ts_shortcode\"  style=\"\" href=\"javascript:sonaar_ts_shortcode({ trackid:'0', time:'00:11:46', ts_id:'6927c959bfa46', play_icon:'' }) ;\">[00:11:46]<\/a> &#8211; Hugo<\/b><\/p>\n\n\n\n<p>Oui, et de mani\u00e8re peut-\u00eatre un peu plus cynique, on peut imaginer que les gens se sentent plus concern\u00e9s par ces probl\u00e8mes \u00e9cologiques que par les conditions de travail des ouvriers au Vietnam ou dans d&#8217;autres pays d&#8217;Asie. On peut avoir cette attitude de dire : \u00ab bon, c&#8217;est pas mon probl\u00e8mei, si les gens acceptent de travailler pour deux dollars de l&#8217;heure dans ces pays-l\u00e0, moi, je vais quand m\u00eame continuer d&#8217;acheter mes baskets. \u00bb Mais si ma consommation contribue directement au r\u00e9chauffement climatique, c&#8217;est quelque chose qui va avoir un impact sur ma vie. Donc, bon c&#8217;est vrai que de mani\u00e8re g\u00e9n\u00e9rale, les gens ont un peu de mal aussi \u00e0 imaginer les cons\u00e9quences du r\u00e9chauffement climatique, m\u00eame quand ils les ont sous les yeux. Mais voil\u00e0, de mani\u00e8re plus cynique, peut-\u00eatre que les gens se sentent plus concern\u00e9s par les probl\u00e8mes \u00e9cologiques que par les conditions de travail des ouvriers de ces pays.<\/p>\n\n\n\n<p><b><a id=\"sonaar_ts-6927c959bfa4b\" class=\"srmp3_sonaar_ts_shortcode\"  style=\"\" href=\"javascript:sonaar_ts_shortcode({ trackid:'0', time:'00:12:51', ts_id:'6927c959bfa4b', play_icon:'' }) ;\">[00:12:51]<\/a> &#8211; Ingrid<\/b><\/p>\n\n\n\n<p>Et surtout que maintenant, on ne parle plus seulement, comme tu le disais en introduction, des entreprises de fast fashion classiques, mais on a des nouveaux acteurs comme le Chinois SHEIN qui font de l&#8217;ultra fast fashion. Et c&#8217;est vrai que l\u00e0, c&#8217;est vraiment flagrant la cadence avec laquelle ils produisent des v\u00eatements. La cadence, c&#8217;est la vitesse, le rythme. On est vraiment sur une acc\u00e9l\u00e9ration de la production parce que Shein, c&#8217;est 7 500 mod\u00e8les par jour, alors que Zara, par exemple, c&#8217;est une centaine de mod\u00e8les par semaine. Donc, on est vraiment sur des chiffres de dingue. On a aussi, je pense que tous ceux qui ont d\u00e9j\u00e0 vu des produits Shein, m\u00eame que ce soit seulement dans des vid\u00e9os sur Internet, on sait tous que c&#8217;est de la tr\u00e8s mauvaise qualit\u00e9, que c&#8217;est, voil\u00e0, des produits qui sont faits pour \u00eatre renouvel\u00e9s et jet\u00e9s tout le temps. Donc, c&#8217;est beaucoup plus flagrant. Et maintenant, c&#8217;est plut\u00f4t ce mod\u00e8le-l\u00e0 qui est, entre guillemets, &#8220;l&#8217;ennemi&#8221; de l&#8217;\u00e9cologie et qui est critiqu\u00e9 plus que les anciennes classiques qui \u00e9taient responsables de l&#8217;effondrement du Rana Plaza.<\/p>\n\n\n\n<p><b><a id=\"sonaar_ts-6927c959bfa51\" class=\"srmp3_sonaar_ts_shortcode\"  style=\"\" href=\"javascript:sonaar_ts_shortcode({ trackid:'0', time:'00:14:10', ts_id:'6927c959bfa51', play_icon:'' }) ;\">[00:14:10]<\/a> &#8211; Hugo<\/b><\/p>\n\n\n\n<p>Oui, parce qu&#8217;il y a la question, comme tu l&#8217;as dit, du nombre de nouveaux produits, de nouveaux mod\u00e8les. Parce que d\u00e9j\u00e0, au moment de la fast fashion, je me souviens qu&#8217;on trouvait \u00e7a incroyable et assez inqui\u00e9tant que Zara soit capable de lancer aussi rapidement de nouvelles collections. Mais l\u00e0, on est pass\u00e9 \u00e0 une \u00e9chelle compl\u00e8tement diff\u00e9rente. Et ce qui change aussi, c&#8217;est la livraison. Parce que les enseignes de fast fashion \u00e9taient principalement vendues en boutique, alors que maintenant, chaque client se fait livrer \u00e0 domicile. Donc l\u00e0, au niveau de l&#8217;impact environnemental, c&#8217;est facile d&#8217;imaginer \u00e0 quel point c&#8217;est pire que la fast fashion.<\/p>\n\n\n\n<p><b><a id=\"sonaar_ts-6927c959bfa56\" class=\"srmp3_sonaar_ts_shortcode\"  style=\"\" href=\"javascript:sonaar_ts_shortcode({ trackid:'0', time:'00:14:54', ts_id:'6927c959bfa56', play_icon:'' }) ;\">[00:14:54]<\/a> &#8211; Ingrid<\/b><\/p>\n\n\n\n<p>Et alors, pour donner quelques indications suppl\u00e9mentaires sur ce mod\u00e8le d&#8217;entreprise \u2013 SHEIN en fait, qui est pratiquement le seul, mais il va probablement y avoir avec le temps si on ne fait rien de plus en plus d&#8217;acteurs similaires&#8230; Mais donc Shein, son mod\u00e8le repose sur un algorithme et c&#8217;est cet algorithme qui lui permet de produire tr\u00e8s rapidement des nouveaux mod\u00e8les puisqu&#8217;en fait, il va capter, il va r\u00e9cup\u00e9rer les donn\u00e9es des utilisateurs sur Internet, pas que sur son propre site, mais aussi sur d&#8217;autres sites. Et il va pouvoir identifier quelles sont les nouveaut\u00e9s que les gens recherchent. Il va pouvoir aussi identifier tr\u00e8s vite quels sont les mod\u00e8les qui fonctionnent. D\u00e8s qu&#8217;un mod\u00e8le ne fonctionne pas vraiment, ilsent le sort de la vente et ils en mettent des nouveaux. Et \u00e7a, c&#8217;est vraiment la base du mod\u00e8le. \u00c7a, en plus d&#8217;avoir des ouvriers tr\u00e8s, tr\u00e8s proches, puisque la maison-m\u00e8re est en Chine et juste \u00e0 c\u00f4t\u00e9, il y a des \u00e9normes usines \u00e0 Guanghzou. J&#8217;esp\u00e8re que je le dis correctement. Voil\u00e0, c&#8217;est un endroit o\u00f9 il y a des milliers et des milliers d&#8217;ouvriers du textile qui peuvent produire des v\u00eatements tr\u00e8s rapides.<\/p>\n\n\n\n<p><b><a id=\"sonaar_ts-6927c959bfa63\" class=\"srmp3_sonaar_ts_shortcode\"  style=\"\" href=\"javascript:sonaar_ts_shortcode({ trackid:'0', time:'00:16:10', ts_id:'6927c959bfa63', play_icon:'' }) ;\">[00:16:10]<\/a> &#8211; Hugo<\/b><\/p>\n\n\n\n<p>Oui, c&#8217;est vrai que ce mod\u00e8le est tr\u00e8s critiqu\u00e9. Donc, en plus de ce que tu as d\u00e9j\u00e0 cit\u00e9, il y a aussi la question de la collecte de donn\u00e9es. Comment fait Shein pour capter toutes ces nouvelles tendances et ce que les internautes recherchent ? Donc \u00e7a, \u00e7a pose question par rapport au respect de la confidentialit\u00e9 de la vie priv\u00e9e. On sait qu&#8217;en Chine, les lois sont beaucoup moins restrictives et moins protectrices qu&#8217;en Europe, par exemple. Il y a aussi des critiques qui concernent le plagiat. La Chine est r\u00e9guli\u00e8rement accus\u00e9 de plagier, de copier des produits de grandes marques, voire m\u00eame de marques de fast fashion comme Uniqlo, l&#8217;enseigne japonaise, ou H&amp;M. \u00c7a, c&#8217;est une critique qui \u00e9tait souvent faite \u00e0 Zara aussi \u00e0 l&#8217;\u00e9poque. Zara qui copiait les produits des d\u00e9fil\u00e9s des grandes maisons de haute couture et qui en faisait des produits pas chers, accessibles. Donc maintenant, c&#8217;est plut\u00f4t Shein qui est accus\u00e9 de plagiat. Donc c&#8217;est assez difficile de contr\u00f4ler et de suivre \u00e7a quand on sait, comme tu l&#8217;as dit, qu&#8217;ils peuvent cr\u00e9er quasiment 7 500 nouveaux produits par jour.<\/p>\n\n\n\n<p><b><a id=\"sonaar_ts-6927c959bfa78\" class=\"srmp3_sonaar_ts_shortcode\"  style=\"\" href=\"javascript:sonaar_ts_shortcode({ trackid:'0', time:'00:17:30', ts_id:'6927c959bfa78', play_icon:'' }) ;\">[00:17:30]<\/a> &#8211; Ingrid<\/b><\/p>\n\n\n\n<p>De toute fa\u00e7on, on pourrait continuer comme \u00e7a. La liste des critiques qui sont faites \u00e0 l&#8217;\u00e9gard de Shein est \u00e9norme, entre la s\u00e9curit\u00e9, les produits qui sont mis dans les v\u00eatements, les livraisons qui se font par avion, etc. Je pense qu&#8217;on est sur une entreprise qui est quasi ind\u00e9fendable, \u00e0 part si on d\u00e9fend simplement sa libert\u00e9. Mais sinon, il y a tellement de choses qui ne vont pas qu&#8217;en France, en tout cas, il n&#8217;y a pas de d\u00e9bat sur le fait qu&#8217;en soi, c&#8217;est une entreprise qui est tr\u00e8s, tr\u00e8s critiquable.<\/p>\n\n\n\n<p><b><a id=\"sonaar_ts-6927c959bfa82\" class=\"srmp3_sonaar_ts_shortcode\"  style=\"\" href=\"javascript:sonaar_ts_shortcode({ trackid:'0', time:'00:18:07', ts_id:'6927c959bfa82', play_icon:'' }) ;\">[00:18:07]<\/a> &#8211; Hugo<\/b><\/p>\n\n\n\n<p>Oui, et on est encore moins tol\u00e9rant vis-\u00e0-vis de cette entreprise, parce que, contrairement \u00e0 H&amp;M ou Zara, elle ne cr\u00e9e pas d&#8217;emploi en France, vu qu&#8217;elle n&#8217;a pas, \u00e0 ma connaissance, elle n&#8217;a pas de boutique physique. Donc tous les emplois sont en Chine pour la production, ensuite la livraison. Donc voil\u00e0, il n&#8217;y a pas vraiment de lobby qui puisse se d\u00e9fendre Shein en France.<\/p>\n\n\n\n<p><b><a id=\"sonaar_ts-6927c959bfa87\" class=\"srmp3_sonaar_ts_shortcode\"  style=\"\" href=\"javascript:sonaar_ts_shortcode({ trackid:'0', time:'00:18:32', ts_id:'6927c959bfa87', play_icon:'' }) ;\">[00:18:32]<\/a> &#8211; Ingrid<\/b><\/p>\n\n\n\n<p>C&#8217;est vrai que de temps en temps, je crois qu&#8217;ils ont fait des &#8220;pop-up stores&#8221;, encore un anglicisme qu&#8217;on utilise en fran\u00e7ais, ces esp\u00e8ces de points de vente \u00e9ph\u00e9m\u00e8res. Et je me rappelle qu&#8217;en France, \u00e7a avait beaucoup, beaucoup fonctionn\u00e9 et certaines personnes \u00e9taient choqu\u00e9es de penser : &#8220;mais pourquoi les Fran\u00e7ais vont autant faire la queue pour cette entreprise qui est pourtant tellement critiquable ?&#8221; Et c&#8217;est un paradoxe que justement, au nom de l&#8217;\u00e9cologie, les politiques essayent de corriger en mettant des limites \u00e0 cette entreprise.<\/p>\n\n\n\n<p><b><a id=\"sonaar_ts-6927c959bfa8d\" class=\"srmp3_sonaar_ts_shortcode\"  style=\"\" href=\"javascript:sonaar_ts_shortcode({ trackid:'0', time:'00:19:12', ts_id:'6927c959bfa8d', play_icon:'' }) ;\">[00:19:12]<\/a> &#8211; Hugo<\/b><\/p>\n\n\n\n<p>Et maintenant, peut-\u00eatre qu&#8217;on pourrait donner deux ou trois juste pour \u00eatre conscient de l&#8217;\u00e9chelle du probl\u00e8me. Alors, par exemple, l&#8217;industrie textile au niveau mondial, c&#8217;est environ 10 pour cent des gaz \u00e0 effet de serre. Donc, c&#8217;est une des les industries les plus polluantes au niveau mondial.<\/p>\n\n\n\n<p><b><a id=\"sonaar_ts-6927c959bfa92\" class=\"srmp3_sonaar_ts_shortcode\"  style=\"\" href=\"javascript:sonaar_ts_shortcode({ trackid:'0', time:'00:19:33', ts_id:'6927c959bfa92', play_icon:'' }) ;\">[00:19:33]<\/a> &#8211; Ingrid<\/b><\/p>\n\n\n\n<p>Ouais, pour donner un autre chiffre, par exemple, il faut 7 500 litres d&#8217;eau pour fabriquer un jean. C&#8217;est l&#8217;\u00e9quivalent de l&#8217;eau bue par un \u00eatre humain pendant sept ans.<\/p>\n\n\n\n<p><b><a id=\"sonaar_ts-6927c959bfa98\" class=\"srmp3_sonaar_ts_shortcode\"  style=\"\" href=\"javascript:sonaar_ts_shortcode({ trackid:'0', time:'00:19:46', ts_id:'6927c959bfa98', play_icon:'' }) ;\">[00:19:46]<\/a> &#8211; Hugo<\/b><\/p>\n\n\n\n<p>Oui, et peut-\u00eatre un dernier chiffre qui concerne plut\u00f4t la consommation en France. Il faut savoir qu&#8217;en France, m\u00eame si on a ces maisons de haute couture et toutes ces belles marques, eh bien 95% des v\u00eatements qui sont vendus en France sont des v\u00eatements import\u00e9s, donc qui ont \u00e9t\u00e9 produits dans d&#8217;autres pays.<\/p>\n\n\n\n<p><b><a id=\"sonaar_ts-6927c959bfaa2\" class=\"srmp3_sonaar_ts_shortcode\"  style=\"\" href=\"javascript:sonaar_ts_shortcode({ trackid:'0', time:'00:20:07', ts_id:'6927c959bfaa2', play_icon:'' }) ;\">[00:20:07]<\/a> &#8211; Ingrid<\/b><\/p>\n\n\n\n<p>Alors, comment on va r\u00e9agir face \u00e0 \u00e7a ?<\/p>\n\n\n\n<p><b><a id=\"sonaar_ts-6927c959bfaa7\" class=\"srmp3_sonaar_ts_shortcode\"  style=\"\" href=\"javascript:sonaar_ts_shortcode({ trackid:'0', time:'00:20:11', ts_id:'6927c959bfaa7', play_icon:'' }) ;\">[00:20:11]<\/a> &#8211; Hugo<\/b><\/p>\n\n\n\n<p>Alors, pour lutter contre la fast fashion, et en particulier l&#8217;ultra fast fashion en France, pour essayer de d\u00e9courager les Fran\u00e7ais d&#8217;acheter autant de v\u00eatements de mauvaise qualit\u00e9 produits \u00e0 l&#8217;\u00e9tranger, les politiciens fran\u00e7ais ont d\u00e9cid\u00e9 de voter une loi, et cette loi a \u00e9t\u00e9 adopt\u00e9e \u00e0 une grande majorit\u00e9. Alors, elle est compos\u00e9e de trois mesures. Peut-\u00eatre que tu peux nous parler de la premi\u00e8re mesure, Ingrid ?<\/p>\n\n\n\n<p><b><a id=\"sonaar_ts-6927c959bfaac\" class=\"srmp3_sonaar_ts_shortcode\"  style=\"\" href=\"javascript:sonaar_ts_shortcode({ trackid:'0', time:'00:20:41', ts_id:'6927c959bfaac', play_icon:'' }) ;\">[00:20:41]<\/a> &#8211; Ingrid<\/b><\/p>\n\n\n\n<p>Alors, la toute premi\u00e8re mesure, d\u00e9j\u00e0, elle consiste tout simplement \u00e0 donner un cadre et \u00e0 obliger les marques d&#8217;ultra fast fashion \u00e0 mettre un message sur leur site pour pr\u00e9venir de l&#8217;impact \u00e9cologique qu&#8217;elles peuvent avoir. Alors quand je dis &#8220;donner un cadre&#8221;, c&#8217;est-\u00e0-dire que bah forc\u00e9ment, quand on fait une loi, il faut d\u00e9finir qui est concern\u00e9 par cette loi. Et donc c&#8217;est pour \u00e7a qu&#8217;en France, il va \u00eatre introduit dans le code de l&#8217;environnement une d\u00e9finition de la pratique commerciale de la fast fashion, donc c&#8217;est-\u00e0-dire que pour l&#8217;instant, on ne sait pas exactement quel va \u00eatre le seuil, mais il va y avoir un seuil qui va d\u00e9finir que si on produit tant de nouveaux v\u00eatements, de nouveaux mod\u00e8les par jour, par mois, on rentre dans la cat\u00e9gorie de fast fashion. Et si on rentre dans cette cat\u00e9gorie, on va devoir mettre sur le site au moment de terminer l&#8217;achat pour les clients, un message qui dise : &#8220;attention, ce produit est nocif pour l&#8217;environnement, etc&#8221;. C&#8217;est un peu le m\u00eame principe que ce qu&#8217;on a d\u00e9j\u00e0, par exemple, sur les paquets de cigarettes ou sur les bouteilles d&#8217;alcool. Voil\u00e0, c&#8217;est des produits qui sont mauvais pour la sant\u00e9, en l&#8217;occurrence, et qui sont forc\u00e9ment vendus avec un message de pr\u00e9vention. H\u00e9 bien l\u00e0, ce serait la m\u00eame chose pour les entreprises comme Shein qui d\u00e9passent des seuils de production. Alors apparemment, les entreprises type Zara ne seraient pas concern\u00e9es. Mais bon, \u00e7a, \u00e7a reste \u00e0 voir puisque la loi, elle a \u00e9t\u00e9 accept\u00e9e dans sa premi\u00e8re version, mais il faut encore beaucoup d&#8217;\u00e9tapes pour qu&#8217;il y ait tous les petits d\u00e9tails qui soient propos\u00e9s et valid\u00e9s.<\/p>\n\n\n\n<p><b><a id=\"sonaar_ts-6927c959bfab1\" class=\"srmp3_sonaar_ts_shortcode\"  style=\"\" href=\"javascript:sonaar_ts_shortcode({ trackid:'0', time:'00:22:36', ts_id:'6927c959bfab1', play_icon:'' }) ;\">[00:22:36]<\/a> &#8211; Hugo<\/b><\/p>\n\n\n\n<p>Ouais, et ils veulent aussi ajouter l&#8217;\u00c9co-score, non ? Que l&#8217;\u00c9co-score soit mentionn\u00e9 sur le site. \u00c7a, je trouve que c&#8217;est assez int\u00e9ressant, je l&#8217;ai vu d\u00e9j\u00e0 sur des produits alimentaires en France. Donc, il y a le Nutri-score qui nous informe sur la qualit\u00e9 nutritionnelle d&#8217;un aliment. Il y a aussi son \u00c9co-score qui, l\u00e0, refl\u00e8te son impact environnemental, donc plut\u00f4t au niveau de la production. Je trouve que c&#8217;est un indicateur plut\u00f4t clair, donc c&#8217;est not\u00e9 de A \u00e0 F, il me semble. Et quand on ach\u00e8te quelque chose, si on a le choix entre un produit avec un score de A ou un autre avec un \u00c9co-score de C, on va plut\u00f4t acheter l&#8217;\u00e9co-score de A, en tout cas si le prix est le m\u00eame. \u00c7a, c&#8217;est vraiment le genre d&#8217;informations, le genre d&#8217;indicateur qui est clair, facile \u00e0 comprendre. Donc, \u00e7a peut \u00eatre une bonne id\u00e9e de l&#8217;ajouter dans le secteur textile.<\/p>\n\n\n\n<p><b><a id=\"sonaar_ts-6927c959bfab7\" class=\"srmp3_sonaar_ts_shortcode\"  style=\"\" href=\"javascript:sonaar_ts_shortcode({ trackid:'0', time:'00:23:36', ts_id:'6927c959bfab7', play_icon:'' }) ;\">[00:23:36]<\/a> &#8211; Ingrid<\/b><\/p>\n\n\n\n<p>\u00c7a existe d\u00e9j\u00e0 sur quoi ? Les frigos, l&#8217;\u00e9lectrom\u00e9nager, les choses comme \u00e7a, c&#8217;est \u00e7a ?<\/p>\n\n\n\n<p><b><a id=\"sonaar_ts-6927c959bfac1\" class=\"srmp3_sonaar_ts_shortcode\"  style=\"\" href=\"javascript:sonaar_ts_shortcode({ trackid:'0', time:'00:23:42', ts_id:'6927c959bfac1', play_icon:'' }) ;\">[00:23:42]<\/a> &#8211; Hugo<\/b><\/p>\n\n\n\n<p>Ouais, aussi sur tous l&#8217;\u00e9lectrom\u00e9nager, effectivement, il y a un \u00c9co-score qui concerne la production de ces \u00e9quipements. Et l\u00e0, \u00e7a va \u00eatre mis en place normalement pour les v\u00eatements aussi. Et puis, il y a une deuxi\u00e8me mesure qui, l\u00e0, est moins symbolique, mais qui va plut\u00f4t avoir un impact direct au niveau \u00e9conomique, c&#8217;est un malus \u00e9cologique. Malus, c&#8217;est le contraire de bonus. Concr\u00e8tement, \u00e7a veut dire qu&#8217;il va y avoir une taxe suppl\u00e9mentaire sur les produits de fast fashion. Et cette taxe va pouvoir aller jusqu&#8217;\u00e0 50% du prix. \u00c7a va \u00eatre progressif, elle va augmenter au fur et \u00e0 mesure des ann\u00e9es. Mais concr\u00e8tement, \u00e7a veut dire qu&#8217;un pull qui est vendu 8 \u20ac, he bien il sera tax\u00e9 \u00e0 4 \u20ac.<\/p>\n\n\n\n<p><b><a id=\"sonaar_ts-6927c959bfac7\" class=\"srmp3_sonaar_ts_shortcode\"  style=\"\" href=\"javascript:sonaar_ts_shortcode({ trackid:'0', time:'00:24:35', ts_id:'6927c959bfac7', play_icon:'' }) ;\">[00:24:35]<\/a> &#8211; Ingrid<\/b><\/p>\n\n\n\n<p>Maximum. On ne sait pas encore exactement, mais \u00e7a va \u00eatre progressif et \u00e7a d\u00e9pendra \u00e0 quel point le produit est mauvais. Mais donc, effectivement, \u00e7a peut augmenter assez vite pour ces produits-l\u00e0 qui ont comme super avantage d&#8217;\u00eatre peu chers maintenant, donc \u00e7a risque de faire envoler les prix. Et sinon, la troisi\u00e8me mesure, c&#8217;est l&#8217;interdiction de la publicit\u00e9. Donc \u00e0 partir du 1\u1d49\u02b3 janvier 2025, la publicit\u00e9 pour les produits de la mode type fast fashion devrait \u00eatre interdite. Apparemment, \u00e7a a d\u00e9j\u00e0 \u00e9t\u00e9 fait pour les \u00e9nergies fossiles, donc il y a d\u00e9j\u00e0 une loi qui existe pour d&#8217;autres produits. Donc, ce sera la m\u00eame chose pour ces produits-l\u00e0. Et il y aura l&#8217;interdiction de la promotion de ces entreprises, notamment pour les influenceurs. Donc, les influenceurs, c&#8217;est les ambassadeurs principaux de ces marques-l\u00e0. Est-ce que tu peux nous en dire plus sur \u00e7a ?<\/p>\n\n\n\n<p><b><a id=\"sonaar_ts-6927c959bfacc\" class=\"srmp3_sonaar_ts_shortcode\"  style=\"\" href=\"javascript:sonaar_ts_shortcode({ trackid:'0', time:'00:25:43', ts_id:'6927c959bfacc', play_icon:'' }) ;\">[00:25:43]<\/a> &#8211; Hugo<\/b><\/p>\n\n\n\n<p>Concr\u00e8tement, \u00e7a veut dire que moi, je ne vais pas pouvoir faire de publicit\u00e9 pour Shein sur la cha\u00eene YouTube ou m\u00eame dans le podcast. Ce n&#8217;\u00e9tait pas pr\u00e9vu. Ils ne m&#8217;ont jamais contact\u00e9. Je ne sais pas si&#8230; Peut-\u00eatre qu&#8217;ils ne me consid\u00e8rent pas comme un influenceur ou en tout cas, je n&#8217;ai pas la bonne image. Je plaisante, mais en fait, \u00e7a fait vraiment partie du business model de ces entreprises. Shein a \u00e9t\u00e9 une des premi\u00e8res \u00e0 faire reposer son marketing, ou une grande partie de son marketing, sur les influenceurs, \u00e0 la fois sur les gros influenceurs avec des millions d&#8217;abonn\u00e9s, mais aussi sur les plus petits influenceurs en leur donnant des produits gratuits, des codes de promotion, etc. Et c&#8217;est principalement ces influenceurs qui font la promotion des produits Shein et qui leur donnent une telle visibilit\u00e9 sur les r\u00e9seaux sociaux. Donc \u00e7a, en France, quand cette loi sera d\u00e9finitivement promulgu\u00e9e, ce ne sera plus possible. Ou alors, il faudra \u00eatre \u00e0 \u00eatre pr\u00eats \u00e0 payer une grosse amende.<\/p>\n\n\n\n<p><b><a id=\"sonaar_ts-6927c959bfad1\" class=\"srmp3_sonaar_ts_shortcode\"  style=\"\" href=\"javascript:sonaar_ts_shortcode({ trackid:'0', time:'00:26:47', ts_id:'6927c959bfad1', play_icon:'' }) ;\">[00:26:47]<\/a> &#8211; Ingrid<\/b><\/p>\n\n\n\n<p>Donc voil\u00e0, c&#8217;est \u00e7a, concr\u00e8tement, les trois mesures. Elles sont simples, elles sont pr\u00e9cises, mais elles sont quand m\u00eame assez importantes et in\u00e9dites. C&#8217;est la premi\u00e8re fois qu&#8217;il y a un pays qui met en place ce genre de loi, donc elle risque d&#8217;avoir un gros impact quand m\u00eame.<\/p>\n\n\n\n<p><b><a id=\"sonaar_ts-6927c959bfada\" class=\"srmp3_sonaar_ts_shortcode\"  style=\"\" href=\"javascript:sonaar_ts_shortcode({ trackid:'0', time:'00:27:13', ts_id:'6927c959bfada', play_icon:'' }) ;\">[00:27:13]<\/a> &#8211; Ingrid<\/b><\/p>\n\n\n\n<p>Alors, comment \u00e7a r\u00e9agit en France ? Maintenant, \u00e7a va \u00eatre notre derni\u00e8re partie. On va voir quelles sont les r\u00e9actions face \u00e0 ces mesures.<\/p>\n\n\n\n<p><b><a id=\"sonaar_ts-6927c959bfadf\" class=\"srmp3_sonaar_ts_shortcode\"  style=\"\" href=\"javascript:sonaar_ts_shortcode({ trackid:'0', time:'00:27:21', ts_id:'6927c959bfadf', play_icon:'' }) ;\">[00:27:21]<\/a> &#8211; Hugo<\/b><\/p>\n\n\n\n<p>Alors, comme on le disait, cette loi n&#8217;a pas \u00e9t\u00e9 pol\u00e9mique en France pour une fois. D&#8217;habitude, on vous dit toujours que cette loi a suscit\u00e9 la pol\u00e9mique, mais l\u00e0, ici, en tout cas \u00e0 l&#8217;Assembl\u00e9e, elle a plut\u00f4t fait l&#8217;unanimit\u00e9. Globalement, tous les d\u00e9put\u00e9s, ou en tout cas tous les partis, sont d&#8217;accord pour dire que l&#8217;ultra fast fashion est un d\u00e9sastre \u00e9cologique. Mais du c\u00f4t\u00e9 de la droite, on insiste aussi sur les raisons \u00e9conomiques parce qu&#8217;on consid\u00e8re que les entreprises comme Shein repr\u00e9sentent une concurrence d\u00e9loyale, donc une concurrence injuste vis-\u00e0-vis des entreprises implant\u00e9es en France et plus largement en Europe. Et puis, comme je l&#8217;avais dit aussi, ces entreprises ne cr\u00e9ent pas ni de richesse ni d&#8217;emplois dans l&#8217;Hexagone. Donc, on est d&#8217;accord pour dire que ce serait mieux de les limiter au maximum.<\/p>\n\n\n\n<p><b><a id=\"sonaar_ts-6927c959bfae4\" class=\"srmp3_sonaar_ts_shortcode\"  style=\"\" href=\"javascript:sonaar_ts_shortcode({ trackid:'0', time:'00:28:22', ts_id:'6927c959bfae4', play_icon:'' }) ;\">[00:28:22]<\/a> &#8211; Ingrid<\/b><\/p>\n\n\n\n<p>Alors, par contre, il y a quand m\u00eame quelques personnes qui sont oppos\u00e9es \u00e0 cette loi. Globalement, ce sont les personnes qui sont les plus pauvres. C&#8217;est-\u00e0-dire que ces produits sont surtout consomm\u00e9s par des personnes qui n&#8217;ont pas beaucoup d&#8217;argent. Et par exemple, il y a un sondage qui montrait que parmi les Fran\u00e7ais qui gagnent moins de 1 500 \u20ac, donc des Fran\u00e7ais qui sont assez pauvres, 63% \u00e9taient contre le malus parce qu&#8217;ils avaient peur que ce soit r\u00e9percut\u00e9 sur les prix, donc que finalement, ils n&#8217;aient plus acc\u00e8s \u00e0 une mode pas ch\u00e8re, avec cette id\u00e9e, parfois, du &#8220;droit \u00e0 la mode&#8221;, comme si c&#8217;\u00e9tait un droit qui \u00e9tait tr\u00e8s important et que peu importe son niveau de revenu, il est tr\u00e8s important de pouvoir s&#8217;acheter r\u00e9guli\u00e8rement des v\u00eatements. Voil\u00e0, c&#8217;est une id\u00e9e, parfois, qui est un petit peu diffus\u00e9e.<\/p>\n\n\n\n<p><b><a id=\"sonaar_ts-6927c959bfae9\" class=\"srmp3_sonaar_ts_shortcode\"  style=\"\" href=\"javascript:sonaar_ts_shortcode({ trackid:'0', time:'00:29:21', ts_id:'6927c959bfae9', play_icon:'' }) ;\">[00:29:21]<\/a> &#8211; Hugo<\/b><\/p>\n\n\n\n<p>Ah oui, c&#8217;est vrai que dans un pays comme la France, o\u00f9 la mode a une telle importance, on pourrait presque consid\u00e9rer qu&#8217;\u00eatre \u00e0 la mode, \u00e7a fait partie des droits fondamentaux. Bon je dis \u00e7a avec un peu d&#8217;ironie, mais c&#8217;est vrai que ces entreprises comme Shein, elles ont donn\u00e9 la possibilit\u00e9 aux personnes qui ont des revenus modestes de pouvoir s&#8217;habiller, d&#8217;\u00eatre \u00e0 la mode et de se sentir mieux, tout simplement parce qu&#8217;elles ont des v\u00eatements qu&#8217;elles appr\u00e9cient. Donc, elles ont permis de d\u00e9mocratiser la mode. Et je que m\u00eame l\u00e0 o\u00f9 vit mon p\u00e8re, dans un tout petit village, les petites filles l\u00e0-bas, o\u00f9 en g\u00e9n\u00e9ral, les familles n&#8217;ont pas beaucoup d&#8217;argent, les petites filles commandent sur Shein et elles ont des cartons entiers qui arrivent avec plein de produits Shein une ou deux fois par mois. Elles se r\u00e9unissent avec toutes leurs copines et elles sont super contentes de pouvoir avoir des v\u00eatements qu&#8217;elles voient sur les r\u00e9seaux sociaux. Donc c&#8217;est un cercle vicieux, mais d&#8217;un autre c\u00f4t\u00e9, je comprends cet argument en faveur des personnes qui ont des revenus modestes.<\/p>\n\n\n\n<p><b><a id=\"sonaar_ts-6927c959bfaef\" class=\"srmp3_sonaar_ts_shortcode\"  style=\"\" href=\"javascript:sonaar_ts_shortcode({ trackid:'0', time:'00:30:36', ts_id:'6927c959bfaef', play_icon:'' }) ;\">[00:30:36]<\/a> &#8211; Ingrid<\/b><\/p>\n\n\n\n<p>C&#8217;est vrai qu&#8217;avant le d\u00e9but de la fast fashion, la mode, c&#8217;\u00e9tait r\u00e9serv\u00e9 aux plus riches et c&#8217;\u00e9tait des produits de luxe. Mais maintenant qu&#8217;on a eu cette habitude de voir certains prix tr\u00e8s bas pour les v\u00eatements, pour les chaussures, pour les accessoires, forc\u00e9ment, on est biais\u00e9 maintenant. C&#8217;est-\u00e0-dire qu&#8217;on a un biais qui fait qu&#8217;on croit que les v\u00eatements sont cens\u00e9s co\u00fbter si peu cher, si bien que maintenant, la majorit\u00e9 des Fran\u00e7ais trouvent que les v\u00eatements sont trop chers, que c&#8217;est hors de prix de s&#8217;habiller. Alors que peut bon peut-\u00eatre en fait, l&#8217;id\u00e9e est fausse, c&#8217;est qu&#8217;on devrait pouvoir changer de v\u00eatement tous les ans, alors qu&#8217;avant, les gens reprisaient leurs v\u00eatements. Reprisaient, recousaient, ils raccommodaient&#8230; C&#8217;est plein de mots qui sont tous synonymes pour dire la m\u00eame chose et qu&#8217;on n&#8217;utilise plus du tout. \u00c0 l&#8217;\u00e9poque, c&#8217;\u00e9tait des mots qui \u00e9taient hyper courants, mais plus maintenant. Et donc, voil\u00e0, \u00e7a, c&#8217;est les critiques que les plus pauvres, que ce soient les consommateurs ou m\u00eame les petits influenceurs, ceux qui font que \u00e7a, en fait, c&#8217;est leur m\u00e9tier de recevoir des v\u00eatements et de faire des pr\u00e9sentations sur les r\u00e9seaux sociaux de ce qu&#8217;ils ont re\u00e7u, ces personnes-l\u00e0 vont souffrir de la nouvelle loi et donc ce serait injuste.<\/p>\n\n\n\n<p><b><a id=\"sonaar_ts-6927c959bfaf8\" class=\"srmp3_sonaar_ts_shortcode\"  style=\"\" href=\"javascript:sonaar_ts_shortcode({ trackid:'0', time:'00:32:03', ts_id:'6927c959bfaf8', play_icon:'' }) ;\">[00:32:03]<\/a> &#8211; Hugo<\/b><\/p>\n\n\n\n<p>Oui, et puis, il y a ce concept tr\u00e8s int\u00e9ressant d&#8217;obsolescence \u00e9motionnelle. On parle souvent pour les produits comme les t\u00e9l\u00e9phones, les ordinateurs, etc. Les produits avec des nouvelles technologies, on parle d&#8217;obsolescence programm\u00e9e, que ces produits sont programm\u00e9s pour tomber en panne \u00e0 un certain moment. Mais les v\u00eatements de l&#8217;ultra fast fashion ont cette obsolescence \u00e9motionnelle o\u00f9 en fait, au bout d&#8217;un mois, le produit qu&#8217;on a achet\u00e9 n&#8217;a plus aucune valeur parce qu&#8217;il est d\u00e9j\u00e0 d\u00e9mod\u00e9. Et soit on le jette \u00e0 la poubelle, soit il reste en boule au fond d&#8217;un placard. Et \u00e7a, malheureusement, \u00e7a fait vraiment partie du business model de ces entreprises, cr\u00e9er cette obsolescence \u00e9motionnelle pour sans cesse donner envie d&#8217;acheter de nouveaux v\u00eatements pour rester \u00e0 la mode.<\/p>\n\n\n\n<p><b><a id=\"sonaar_ts-6927c959bfafe\" class=\"srmp3_sonaar_ts_shortcode\"  style=\"\" href=\"javascript:sonaar_ts_shortcode({ trackid:'0', time:'00:32:56', ts_id:'6927c959bfafe', play_icon:'' }) ;\">[00:32:56]<\/a> &#8211; Ingrid<\/b><\/p>\n\n\n\n<p>Oui, et c&#8217;est vrai que quand j&#8217;ai fait les recherches pour cet \u00e9pisode, j&#8217;ai vu beaucoup de t\u00e9moignages, de sondages, qui montraient que beaucoup de Fran\u00e7ais sont pour cette loi alors m\u00eame qu&#8217;eux, ils consomment de la fast fashion parce qu&#8217;ils ont l&#8217;impression qu&#8217;ils sont toujours tent\u00e9s. Ils ne pensent pas que c&#8217;est des entreprises responsables ou que c&#8217;est bien de consommer en commandant sur ces sites, mais c&#8217;est juste qu&#8217;ils ne peuvent pas s&#8217;en emp\u00eacher et qu&#8217;ils ont tr\u00e8s envie d&#8217;avoir souvent des nouveaux produits. M\u00eame si c&#8217;est vrai que la plupart des Fran\u00e7ais disent qu&#8217;ils se consid\u00e8rent comme des acheteurs responsables, c&#8217;est-\u00e0-dire que, par exemple, ils commandent sur des sites de seconde main ou ils vont dans des des friperies, donc c&#8217;est des magasins vintage. Et voil\u00e0, en g\u00e9n\u00e9ral, on essaye, on essaye, mais c&#8217;est vrai que la tentation, parfois, est tellement grande face \u00e0 des g\u00e9ants qui collectent nos donn\u00e9es et qui nous envahissent sur nos r\u00e9seaux sociaux. Donc finalement, la population est plut\u00f4t pour. Et m\u00eame ceux qui pourraient \u00eatre impact\u00e9s, certains trouvent que c&#8217;est bien quand m\u00eame. Un peu comme pour la cigarette, finalement, il y avait des fumeurs qui \u00e9taient compl\u00e8tement pour l&#8217;augmentation des prix et les messages de pr\u00e9vention, parce qu&#8217;ils savent que c&#8217;est mal, au fond.<\/p>\n\n\n\n<p><b><a id=\"sonaar_ts-6927c959bfb07\" class=\"srmp3_sonaar_ts_shortcode\"  style=\"\" href=\"javascript:sonaar_ts_shortcode({ trackid:'0', time:'00:34:22', ts_id:'6927c959bfb07', play_icon:'' }) ;\">[00:34:22]<\/a> &#8211; Hugo<\/b><\/p>\n\n\n\n<p>C&#8217;est vrai. Apr\u00e8s, c&#8217;est encore une mani\u00e8re de mettre la responsabilit\u00e9 sur le consommateur en lui disant : \u00ab voil\u00e0 l&#8217;\u00c9co-score de ce produit, on vous montre clairement que c&#8217;est mauvais pour l&#8217;environnement et si vous voulez l&#8217;acheter, c&#8217;est votre probl\u00e8me \u00bb. Alors que bon, avec ce malus \u00e9conomique, faire ajouter une taxe, l\u00e0, je pense que \u00e7a peut \u00eatre un peu plus dissuasif, comme quand on a fait augmenter le prix des paquets de cigarettes. C&#8217;est vrai qu&#8217;il y a beaucoup de parall\u00e8les entre ces deux industries. Mais voil\u00e0, c&#8217;est toujours un peu compliqu\u00e9 de dire d&#8217;un c\u00f4t\u00e9, on veut laisser la libert\u00e9 d&#8217;entreprendre, donc on ne peut pas interdire ces entreprises. On veut laisser la libert\u00e9 d&#8217;acheter, de consommer ce qu&#8217;on veut. Mais de l&#8217;autre, on essaye quand m\u00eame de vous dissuader comme on peut, avec ces scores, ces informations, etc. Puis, il y a une derni\u00e8re injustice aussi, c&#8217;est qu&#8217;ici, l&#8217;entreprise qui est principalement vis\u00e9e par cette loi, c&#8217;est Shein, donc une entreprise chinoise. Alors que d&#8217;autres entreprises de fast fashion comme H&amp;M et Zara qui sont aussi tr\u00e8s mauvaises pour l&#8217;environnement, elles ne vont pas \u00eatre touch\u00e9es ou elles ne vont pas \u00eatre impact\u00e9es par cette loi. Et ce sont des entreprises europ\u00e9ennes.<\/p>\n\n\n\n<p><b><a id=\"sonaar_ts-6927c959bfb0c\" class=\"srmp3_sonaar_ts_shortcode\"  style=\"\" href=\"javascript:sonaar_ts_shortcode({ trackid:'0', time:'00:35:41', ts_id:'6927c959bfb0c', play_icon:'' }) ;\">[00:35:41]<\/a> &#8211; Hugo<\/b><\/p>\n\n\n\n<p>Donc, on peut se dire : quand ce sont des entreprises europ\u00e9ennes, on est plus cl\u00e9ments, on ferme les yeux plus facilement. Mais d\u00e8s qu&#8217;il s&#8217;agit d&#8217;une entreprise chinoise, l\u00e0, tout de suite, on met en place des mesures protectionnistes. Donc c&#8217;est un peu deux poids, deux mesures. On n&#8217;applique pas vraiment le m\u00eame traitement \u00e0 tout le monde.<\/p>\n\n\n\n<p><b><a id=\"sonaar_ts-6927c959bfb11\" class=\"srmp3_sonaar_ts_shortcode\"  style=\"\" href=\"javascript:sonaar_ts_shortcode({ trackid:'0', time:'00:36:01', ts_id:'6927c959bfb11', play_icon:'' }) ;\">[00:36:01]<\/a> &#8211; Ingrid<\/b><\/p>\n\n\n\n<p>C&#8217;est vrai que peut-\u00eatre qu&#8217;il y a aussi des raisons \u00e9conomiques qui sont bien plus importantes et de lutte d&#8217;un continent contre un autre. Mais en tout cas, la loi a \u00e9t\u00e9 approuv\u00e9e. Elle va probablement \u00eatre mise en place prochainement. \u00c7a va mettre encore un peu de temps, mais on va continuer \u00e0 suivre \u00e7a et on verra qu&#8217;elles sont realmente&#8230;<\/p>\n\n\n\n<p><b><a id=\"sonaar_ts-6927c959bfb16\" class=\"srmp3_sonaar_ts_shortcode\"  style=\"\" href=\"javascript:sonaar_ts_shortcode({ trackid:'0', time:'00:36:28', ts_id:'6927c959bfb16', play_icon:'' }) ;\">[00:36:28]<\/a> &#8211; Hugo<\/b><\/p>\n\n\n\n<p>Realmente. On passe en espagnol. Voil\u00e0. Maintenant, c&#8217;est inner spanish pour finir cet \u00e9pisode. Je pense qu&#8217;on va pouvoir s&#8217;arr\u00eater l\u00e0. Ingrid commence vraiment \u00e0 fatiguer.<\/p>\n\n\n\n<p><b><a id=\"sonaar_ts-6927c959bfb1e\" class=\"srmp3_sonaar_ts_shortcode\"  style=\"\" href=\"javascript:sonaar_ts_shortcode({ trackid:'0', time:'00:36:42', ts_id:'6927c959bfb1e', play_icon:'' }) ;\">[00:36:42]<\/a> &#8211; Ingrid<\/b><\/p>\n\n\n\n<p>C&#8217;est bon, \u00e7a y est. On a parl\u00e9 de Zara et tout, \u00e7a m&#8217;a&#8230;<\/p>\n\n\n\n<p><b><a id=\"sonaar_ts-6927c959bfb23\" class=\"srmp3_sonaar_ts_shortcode\"  style=\"\" href=\"javascript:sonaar_ts_shortcode({ trackid:'0', time:'00:36:44', ts_id:'6927c959bfb23', play_icon:'' }) ;\">[00:36:44]<\/a> &#8211; Hugo<\/b><\/p>\n\n\n\n<p>\u00c7a t&#8217;a rappel\u00e9 les cours d&#8217;espagnol.<\/p>\n\n\n\n<p><b><a id=\"sonaar_ts-6927c959bfb29\" class=\"srmp3_sonaar_ts_shortcode\"  style=\"\" href=\"javascript:sonaar_ts_shortcode({ trackid:'0', time:'00:36:47', ts_id:'6927c959bfb29', play_icon:'' }) ;\">[00:36:47]<\/a> &#8211; Ingrid<\/b><\/p>\n\n\n\n<p>Ouais, c&#8217;est \u00e7a. Bon bah on s&#8217;arr\u00eate l\u00e0 ?<\/p>\n\n\n\n<p><b><a id=\"sonaar_ts-6927c959bfb2f\" class=\"srmp3_sonaar_ts_shortcode\"  style=\"\" href=\"javascript:sonaar_ts_shortcode({ trackid:'0', time:'00:36:5', ts_id:'6927c959bfb2f', play_icon:'' }) ;\">[00:36:50]<\/a> &#8211; Hugo<\/b><\/p>\n\n\n\n<p>On va s&#8217;arr\u00eater aqu\u00ed. Et voil\u00e0. Merci \u00e0 toutes et \u00e0 tous de nous avoir \u00e9cout\u00e9s. Dites-nous aussi si c&#8217;est un d\u00e9bat qui a lieu dans votre pays. N&#8217;h\u00e9sitez pas \u00e0 laisser un commentaire. Peut-\u00eatre que chez vous aussi, il y a des lois similaires qui sont en discussion. On est curieux de le savoir. Si vous voulez en savoir plus, comme d&#8217;habitude, il y aura des liens sur la page de l&#8217;\u00e9pisode pour approfondir vos recherches. Et nous, on vous dit \u00e0 bient\u00f4t pour un nouvel \u00e9pisode. Ciao.<\/p>\n\n\n\n<p><b><a id=\"sonaar_ts-6927c959bfb34\" class=\"srmp3_sonaar_ts_shortcode\"  style=\"\" href=\"javascript:sonaar_ts_shortcode({ trackid:'0', time:'00:37:23', ts_id:'6927c959bfb34', play_icon:'' }) ;\">[00:37:23]<\/a> &#8211; Ingrid<\/b><\/p>\n\n\n\n<p>Salut.<\/p>\n","protected":false},"excerpt":{"rendered":"<p>&#8211; Hugo \u00c9pisode 143. La France entre en guerre contre la fast fashion. &#8211; Hugo Salut \u00e0 toutes et \u00e0 tous. Salut Ingrid. &#8211; Ingrid Salut Hugo. Comment \u00e7a va aujourd&#8217;hui ? &#8211; Hugo \u00c7a va. Comme je te disais, je viens de terminer mon caf\u00e9, mais la caf\u00e9ine n&#8217;a pas encore fait effet. Donc,&#8230;<\/p>\n","protected":false},"author":17473,"featured_media":289693,"comment_status":"open","ping_status":"open","sticky":false,"template":"","format":[191],"meta":{"_acf_changed":false,"_kad_blocks_custom_css":"","_kad_blocks_head_custom_js":"","_kad_blocks_body_custom_js":"","_kad_blocks_footer_custom_js":"","_kad_post_transparent":"","_kad_post_title":"","_kad_post_layout":"","_kad_post_sidebar_id":"","_kad_post_content_style":"","_kad_post_vertical_padding":"","_kad_post_feature":"","_kad_post_feature_position":"","_kad_post_header":false,"_kad_post_footer":false,"_kad_post_classname":"","footnotes":""},"categories":[168],"tags":[175,176,172],"class_list":["post-289583","post","type-post","status-publish","format-standard","has-post-thumbnail","hentry","category-podcast","tag-france","tag-politique","tag-societe","format-duo-hugo-ingrid"],"acf":[],"taxonomy_info":{"category":[{"value":168,"label":"Podcast"}],"post_tag":[{"value":175,"label":"France"},{"value":176,"label":"Politique"},{"value":172,"label":"Soci\u00e9t\u00e9"}],"format":[{"value":191,"label":"Duo Hugo &amp; Ingrid"}]},"featured_image_src_large":["https:\/\/innerfrench.com\/wp-content\/uploads\/2024\/04\/E143-France-guerre-fast-fashion-750x406.jpg",750,406,true],"author_info":{"display_name":"Hugo &amp; Ingrid","author_link":"https:\/\/innerfrench.com\/author\/hugo_ingrid\/"},"comment_info":18,"category_info":[{"term_id":168,"name":"Podcast","slug":"podcast","term_group":0,"term_taxonomy_id":168,"taxonomy":"category","description":"","parent":0,"count":185,"filter":"raw","cat_ID":168,"category_count":185,"category_description":"","cat_name":"Podcast","category_nicename":"podcast","category_parent":0}],"tag_info":[{"term_id":175,"name":"France","slug":"france","term_group":0,"term_taxonomy_id":175,"taxonomy":"post_tag","description":"","parent":0,"count":100,"filter":"raw"},{"term_id":176,"name":"Politique","slug":"politique","term_group":0,"term_taxonomy_id":176,"taxonomy":"post_tag","description":"","parent":0,"count":20,"filter":"raw"},{"term_id":172,"name":"Soci\u00e9t\u00e9","slug":"societe","term_group":0,"term_taxonomy_id":172,"taxonomy":"post_tag","description":"","parent":0,"count":94,"filter":"raw"}],"_links":{"self":[{"href":"https:\/\/innerfrench.com\/wp-json\/wp\/v2\/posts\/289583","targetHints":{"allow":["GET"]}}],"collection":[{"href":"https:\/\/innerfrench.com\/wp-json\/wp\/v2\/posts"}],"about":[{"href":"https:\/\/innerfrench.com\/wp-json\/wp\/v2\/types\/post"}],"author":[{"embeddable":true,"href":"https:\/\/innerfrench.com\/wp-json\/wp\/v2\/users\/17473"}],"replies":[{"embeddable":true,"href":"https:\/\/innerfrench.com\/wp-json\/wp\/v2\/comments?post=289583"}],"version-history":[{"count":3,"href":"https:\/\/innerfrench.com\/wp-json\/wp\/v2\/posts\/289583\/revisions"}],"predecessor-version":[{"id":293125,"href":"https:\/\/innerfrench.com\/wp-json\/wp\/v2\/posts\/289583\/revisions\/293125"}],"wp:featuredmedia":[{"embeddable":true,"href":"https:\/\/innerfrench.com\/wp-json\/wp\/v2\/media\/289693"}],"wp:attachment":[{"href":"https:\/\/innerfrench.com\/wp-json\/wp\/v2\/media?parent=289583"}],"wp:term":[{"taxonomy":"category","embeddable":true,"href":"https:\/\/innerfrench.com\/wp-json\/wp\/v2\/categories?post=289583"},{"taxonomy":"post_tag","embeddable":true,"href":"https:\/\/innerfrench.com\/wp-json\/wp\/v2\/tags?post=289583"},{"taxonomy":"format","embeddable":true,"href":"https:\/\/innerfrench.com\/wp-json\/wp\/v2\/format?post=289583"}],"curies":[{"name":"wp","href":"https:\/\/api.w.org\/{rel}","templated":true}]}}