{"id":289586,"date":"2024-06-03T15:13:22","date_gmt":"2024-06-03T13:13:22","guid":{"rendered":"https:\/\/innerfrench.com\/?p=205639"},"modified":"2025-09-25T08:50:31","modified_gmt":"2025-09-25T06:50:31","slug":"146-la-france-restera-t-elle-europeenne","status":"publish","type":"post","link":"https:\/\/innerfrench.com\/146-la-france-restera-t-elle-europeenne\/","title":{"rendered":"#146 La France restera-t-elle europ\u00e9enne ?"},"content":{"rendered":"\n<p><a id=\"sonaar_ts-6927c93b5669f\" class=\"srmp3_sonaar_ts_shortcode\"  style=\"\" href=\"javascript:sonaar_ts_shortcode({ trackid:'0', time:'00:00:01', ts_id:'6927c93b5669f', play_icon:'' }) ;\">[00:00:01]<\/a> Avant de commencer cet \u00e9pisode, j\u2019ai une petite annonce \u00e0 faire : les inscriptions pour notre cours <a href=\"https:\/\/innerfrench.com\/vdp-en-landing\/\" target=\"_blank\" rel=\"noopener\"><b><i>Les Visages de Paris<\/i><\/b><\/a>&nbsp;sont ouvertes. C\u2019est un cours avanc\u00e9 pour les personnes qui ont un niveau C1. Si vous n\u2019\u00eates pas s\u00fbrs de votre niveau, je dirais que si vous comprenez bien les conversations que j\u2019ai avec Ingrid dans ce podcast, vous \u00eates pr\u00eats pour ce cours. Contrairement au podcast, dans les visages de Paris, vous allez pouvoir \u00e9couter diff\u00e9rentes personnes, pas seulement Ingrid ou moi. Les le\u00e7ons sont des interviews avec des experts sur diff\u00e9rents sujets en rapport avec la capitale fran\u00e7aise.&nbsp;<\/p>\n\n\n\n<p><a id=\"sonaar_ts-6927c93b566ae\" class=\"srmp3_sonaar_ts_shortcode\"  style=\"\" href=\"javascript:sonaar_ts_shortcode({ trackid:'0', time:'00:00:3', ts_id:'6927c93b566ae', play_icon:'' }) ;\">[00:00:39]<\/a> Gr\u00e2ce \u00e0 ces interviews, vous allez d\u00e9couvrir le vrai Paris d\u2019aujourd\u2019hui, pas l\u2019image de carte postale que tout le monde conna\u00eet. Par exemple, pourquoi les arrondissements riches sont \u00e0 l\u2019ouest et les arrondissements populaires \u00e0 l\u2019est ? Pourquoi Paris est plus vuln\u00e9rable face au r\u00e9chauffement climatique que les autres capitales europ\u00e9ennes ? Mais aussi, ce que les Parisiens et les Parisiennes pensent de leur ville.<\/p>\n\n\n\n<p><a id=\"sonaar_ts-6927c93b566b7\" class=\"srmp3_sonaar_ts_shortcode\"  style=\"\" href=\"javascript:sonaar_ts_shortcode({ trackid:'0', time:'00:01:05', ts_id:'6927c93b566b7', play_icon:'' }) ;\">[00:01:05]<\/a> On a vraiment essay\u00e9 de faire un cours qui soit aussi int\u00e9ressant qu\u2019un bon documentaire. Et en plus, il y a plein d\u2019exercices pour que vous soyez actifs, pour que vous pratiquiez votre fran\u00e7ais. Et Ingrid et moi sommes l\u00e0 pour vous encourager et r\u00e9pondre \u00e0 toutes vos questions personnellement. Comme dans nos autres cours, il y a aussi des le\u00e7ons de grammaire. L\u00e0, on se concentre sur les subtilit\u00e9s pour perfectionner votre fran\u00e7ais en s\u2019inspirant de la fa\u00e7on de parler des experts qu\u2019on a interview\u00e9s.<\/p>\n\n\n\n<p><a id=\"sonaar_ts-6927c93b566bd\" class=\"srmp3_sonaar_ts_shortcode\"  style=\"\" href=\"javascript:sonaar_ts_shortcode({ trackid:'0', time:'00:01:40', ts_id:'6927c93b566bd', play_icon:'' }) ;\">[00:01:40]<\/a> Bref, si vous avez envie de faire progresser votre fran\u00e7ais cet \u00e9t\u00e9, je vous invite \u00e0 venir d\u00e9couvrir les Visages de Paris avec nous. Pour \u00e7a, il suffit de cliquer sur le lien qui est dans la description de l\u2019\u00e9pisode ou de taper innerfrench.com\/vdp. Et maintenant, place \u00e0 l\u2019\u00e9pisode !<\/p>\n\n\n\n<p><a id=\"sonaar_ts-6927c93b566d0\" class=\"srmp3_sonaar_ts_shortcode\"  style=\"\" href=\"javascript:sonaar_ts_shortcode({ trackid:'0', time:'00:02:07', ts_id:'6927c93b566d0', play_icon:'' }) ;\">[00:02:07]<\/a> &#8211; Hugo<\/p>\n\n\n\n<p>\u00c9pisode 146. La France restera-t-elle europ\u00e9enne ?<\/p>\n\n\n\n<p><a id=\"sonaar_ts-6927c93b566da\" class=\"srmp3_sonaar_ts_shortcode\"  style=\"\" href=\"javascript:sonaar_ts_shortcode({ trackid:'0', time:'00:02:13', ts_id:'6927c93b566da', play_icon:'' }) ;\">[00:02:13]<\/a> &#8211; Hugo<\/p>\n\n\n\n<p>Salut \u00e0 toutes et \u00e0 tous. Salut Ingrid.<\/p>\n\n\n\n<p><a id=\"sonaar_ts-6927c93b566df\" class=\"srmp3_sonaar_ts_shortcode\"  style=\"\" href=\"javascript:sonaar_ts_shortcode({ trackid:'0', time:'00:02:15', ts_id:'6927c93b566df', play_icon:'' }) ;\">[00:02:15]<\/a> &#8211; Ingrid<\/p>\n\n\n\n<p>Salut Hugo. \u00c7a va bien aujourd&#8217;hui ?<\/p>\n\n\n\n<p><a id=\"sonaar_ts-6927c93b566e5\" class=\"srmp3_sonaar_ts_shortcode\"  style=\"\" href=\"javascript:sonaar_ts_shortcode({ trackid:'0', time:'00:02:16', ts_id:'6927c93b566e5', play_icon:'' }) ;\">[00:02:16]<\/a> &#8211; Hugo<\/p>\n\n\n\n<p>Ouais, \u00e7a va, \u00e7a va. Plut\u00f4t en forme. J&#8217;ai bu mon petit caf\u00e9, donc tout devrait bien se passer. Et toi ?<\/p>\n\n\n\n<p><a id=\"sonaar_ts-6927c93b566ea\" class=\"srmp3_sonaar_ts_shortcode\"  style=\"\" href=\"javascript:sonaar_ts_shortcode({ trackid:'0', time:'00:02:23', ts_id:'6927c93b566ea', play_icon:'' }) ;\">[00:02:23]<\/a> &#8211; Ingrid<\/p>\n\n\n\n<p>Tr\u00e8s bien. Moi aussi, \u00e7a va. J&#8217;ai aussi bu mon caf\u00e9, mon caf\u00e9 du d\u00e9but d&#8217;apr\u00e8s-midi, donc on est par\u00e9.<\/p>\n\n\n\n<p><a id=\"sonaar_ts-6927c93b566ef\" class=\"srmp3_sonaar_ts_shortcode\"  style=\"\" href=\"javascript:sonaar_ts_shortcode({ trackid:'0', time:'00:02:30', ts_id:'6927c93b566ef', play_icon:'' }) ;\">[00:02:30]<\/a> &#8211; Hugo<\/p>\n\n\n\n<p>On est bien caf\u00e9in\u00e9. C&#8217;est parfait. Alors, l&#8217;\u00e9pisode d&#8217;aujourd&#8217;hui, il va traiter des \u00e9lections europ\u00e9ennes qui auront lieu entre demain et ce week-end, au moment o\u00f9 vous \u00e9couterez l&#8217;\u00e9pisode. Mais nous, on l&#8217;enregistre un peu en avance. Donc l\u00e0, on est le 22 mai, \u00e0 l&#8217;heure o\u00f9 on enregistre cet \u00e9pisode, parce qu&#8217;on a voulu \u00eatre pr\u00e9par\u00e9, prendre de l&#8217;avance. Donc, on esp\u00e8re qu&#8217;il ne va pas y avoir trop de rebondissements entre temps, trop d&#8217;\u00e9v\u00e9nements qui vont changer ce qu&#8217;on va vous expliquer dans cet \u00e9pisode. Mais a priori, je pense que, bon, il y a peu de chances que les choses changent drastiquement. Qu&#8217;est-ce que tu en penses ?<\/p>\n\n\n\n<p><a id=\"sonaar_ts-6927c93b566f4\" class=\"srmp3_sonaar_ts_shortcode\"  style=\"\" href=\"javascript:sonaar_ts_shortcode({ trackid:'0', time:'00:03:16', ts_id:'6927c93b566f4', play_icon:'' }) ;\">[00:03:16]<\/a> &#8211; Ingrid<\/p>\n\n\n\n<p>Non, je ne pense pas. Ce n&#8217;est pas non plus des \u00e9lections qui ont beaucoup de rebondissements et pour lesquelles les \u00e9lecteurs sont passionn\u00e9s. Donc normalement, \u00e0 moins qu&#8217;il y ait des scandales, on ne sait jamais en politique, \u00e7a devrait plut\u00f4t rester stable.<\/p>\n\n\n\n<p><a id=\"sonaar_ts-6927c93b566f9\" class=\"srmp3_sonaar_ts_shortcode\"  style=\"\" href=\"javascript:sonaar_ts_shortcode({ trackid:'0', time:'00:03:34', ts_id:'6927c93b566f9', play_icon:'' }) ;\">[00:03:34]<\/a> &#8211; Hugo<\/p>\n\n\n\n<p>Auquel cas, peut-\u00eatre qu&#8217;on essaiera d&#8217;enregistrer un autre \u00e9pisode, une mise \u00e0 jour, je ne sais pas, on verra. Mais dans cet \u00e9pisode, on va essayer de r\u00e9pondre \u00e0 plusieurs questions. On sait que vous n&#8217;\u00eates pas toutes et tous passionn\u00e9s de politique et que vous n&#8217;\u00eates pas non plus europ\u00e9ens, forc\u00e9ment, pour une grande majorit\u00e9 d&#8217;entre vous. Ce qui fait que ces \u00e9lections europ\u00e9ennes, peut-\u00eatre que vous avez un peu du mal \u00e0 les comprendre. Peut-\u00eatre que \u00e7a vous int\u00e9resse pas plus que \u00e7a, mais on va essayer de vous donner envie de vous y int\u00e9resser en r\u00e9pondant \u00e0 plusieurs questions, notamment : en quoi elles consistent, ces \u00e9lections, et quels en sont les enjeux ?<\/p>\n\n\n\n<p><a id=\"sonaar_ts-6927c93b566fe\" class=\"srmp3_sonaar_ts_shortcode\"  style=\"\" href=\"javascript:sonaar_ts_shortcode({ trackid:'0', time:'00:04:16', ts_id:'6927c93b566fe', play_icon:'' }) ;\">[00:04:16]<\/a> &#8211; Ingrid<\/p>\n\n\n\n<p>Ensuite, on va aussi vous parler du point de vue plut\u00f4t fran\u00e7ais : est-ce que les Fran\u00e7ais y accordent de l&#8217;importance ?<\/p>\n\n\n\n<p><a id=\"sonaar_ts-6927c93b56703\" class=\"srmp3_sonaar_ts_shortcode\"  style=\"\" href=\"javascript:sonaar_ts_shortcode({ trackid:'0', time:'00:04:24', ts_id:'6927c93b56703', play_icon:'' }) ;\">[00:04:24]<\/a> &#8211; Hugo<\/p>\n\n\n\n<p>Et puis, on va vous dire quel est le parti qui est en t\u00eate en France dans les sondages. \u00c7a va peut-\u00eatre vous surprendre ou pas, mais on va vous expliquer tout \u00e7a.<\/p>\n\n\n\n<p><a id=\"sonaar_ts-6927c93b56709\" class=\"srmp3_sonaar_ts_shortcode\"  style=\"\" href=\"javascript:sonaar_ts_shortcode({ trackid:'0', time:'00:04:36', ts_id:'6927c93b56709', play_icon:'' }) ;\">[00:04:36]<\/a> &#8211; Ingrid<\/p>\n\n\n\n<p>Et bien s\u00fbr, une fois qu&#8217;on vous aura r\u00e9v\u00e9l\u00e9 ce parti \u2013 moi, je ne pense pas que ce sera une grande surprise, vous nous direz dans les commentaires \u2013, On vous parlera plus sp\u00e9cifiquement de la t\u00eate de liste de ce parti qui est un personnage assez int\u00e9ressant, \u00e0 suivre dans la politique fran\u00e7aise et qui a seulement 28 ans.<\/p>\n\n\n\n<p><a id=\"sonaar_ts-6927c93b5670e\" class=\"srmp3_sonaar_ts_shortcode\"  style=\"\" href=\"javascript:sonaar_ts_shortcode({ trackid:'0', time:'00:05:02', ts_id:'6927c93b5670e', play_icon:'' }) ;\">[00:05:02]<\/a> &#8211; Hugo<\/p>\n\n\n\n<p>Exactement. Et puis, pour finir, on essaiera de r\u00e9pondre \u00e0 la question, au titre de cet \u00e9pisode : est-ce que la France va rester europ\u00e9enne ou bien est-ce qu&#8217;il y a un risque de Frexit ?<\/p>\n\n\n\n<p><a id=\"sonaar_ts-6927c93b56713\" class=\"srmp3_sonaar_ts_shortcode\"  style=\"\" href=\"javascript:sonaar_ts_shortcode({ trackid:'0', time:'00:05:14', ts_id:'6927c93b56713', play_icon:'' }) ;\">[00:05:14]<\/a> &#8211; Ingrid<\/p>\n\n\n\n<p>Tout un programme.<\/p>\n\n\n\n<p><a id=\"sonaar_ts-6927c93b56718\" class=\"srmp3_sonaar_ts_shortcode\"  style=\"\" href=\"javascript:sonaar_ts_shortcode({ trackid:'0', time:'00:05:15', ts_id:'6927c93b56718', play_icon:'' }) ;\">[00:05:15]<\/a> &#8211; Hugo<\/p>\n\n\n\n<p>Allez, on y va ?<\/p>\n\n\n\n<p><a id=\"sonaar_ts-6927c93b5671d\" class=\"srmp3_sonaar_ts_shortcode\"  style=\"\" href=\"javascript:sonaar_ts_shortcode({ trackid:'0', time:'00:05:16', ts_id:'6927c93b5671d', play_icon:'' }) ;\">[00:05:16]<\/a> &#8211; Ingrid<\/p>\n\n\n\n<p>Allez.<\/p>\n\n\n\n<p><a id=\"sonaar_ts-6927c93b56723\" class=\"srmp3_sonaar_ts_shortcode\"  style=\"\" href=\"javascript:sonaar_ts_shortcode({ trackid:'0', time:'00:05:25', ts_id:'6927c93b56723', play_icon:'' }) ;\">[00:05:25]<\/a> &#8211; Ingrid<\/p>\n\n\n\n<p>Pour commencer, on va parler des \u00e9lections europ\u00e9ennes en g\u00e9n\u00e9ral pour expliquer assez rapidement, ne vous inqui\u00e9tez pas, quels sont les enjeux et comment \u00e7a fonctionne. Moi, il faut que je vous avoue que quand j&#8217;ai fait les recherches pour cet \u00e9pisode, je me suis rendu compte que je ne connaissais pas si bien que \u00e7a le fonctionnement de l&#8217;Union europ\u00e9enne. Donc, c&#8217;est peut-\u00eatre bien de faire un petit rappel. Alors, l&#8217;Union europ\u00e9enne, c&#8217;est plusieurs institutions et l&#8217;une de ces institutions, c&#8217;est le Parlement europ\u00e9en. Donc, cette semaine, les Europ\u00e9ens vont voter pour renouveler ce Parlement. Les \u00e9lections, elles se font sur liste, c&#8217;est-\u00e0-dire que chaque parti pr\u00e9sente une liste o\u00f9 il y a plusieurs candidats qui sont mis dans un ordre pr\u00e9cis.<\/p>\n\n\n\n<p><a id=\"sonaar_ts-6927c93b56728\" class=\"srmp3_sonaar_ts_shortcode\"  style=\"\" href=\"javascript:sonaar_ts_shortcode({ trackid:'0', time:'00:06:22', ts_id:'6927c93b56728', play_icon:'' }) ;\">[00:06:22]<\/a> &#8211; Hugo<\/p>\n\n\n\n<p>Et ces \u00e9lections, corrige-moi si je me trompe, mais il me semble que ce sont des \u00e9lections quinquennales, autrement On dit des \u00e9lections qui ont lieu tous les cinq ans, c&#8217;est \u00e7a ?<\/p>\n\n\n\n<p><a id=\"sonaar_ts-6927c93b5672d\" class=\"srmp3_sonaar_ts_shortcode\"  style=\"\" href=\"javascript:sonaar_ts_shortcode({ trackid:'0', time:'00:06:32', ts_id:'6927c93b5672d', play_icon:'' }) ;\">[00:06:32]<\/a> &#8211; Ingrid<\/p>\n\n\n\n<p>Oui, c&#8217;est \u00e7a. Donc, la derni\u00e8re fois qu&#8217;on a vot\u00e9, c&#8217;\u00e9tait en 2019. Et maintenant donc, on renouvelle. Et donc, c&#8217;est des \u00e9lections europ\u00e9ennes , donc tous les pays des 27 membres de l&#8217;Union europ\u00e9enne vont voter, mais par contre, chaque pays vote pour ses eurod\u00e9put\u00e9s, c&#8217;est-\u00e0-dire qu&#8217;il y a des listes nationales. Ou alors, il peut y avoir \u00e9ventuellement des listes r\u00e9gionales qui correspondent \u00e0 une circonscription dans un pays.<\/p>\n\n\n\n<p><a id=\"sonaar_ts-6927c93b56732\" class=\"srmp3_sonaar_ts_shortcode\"  style=\"\" href=\"javascript:sonaar_ts_shortcode({ trackid:'0', time:'00:06:04', ts_id:'6927c93b56732', play_icon:'' }) ;\">[00:06:04]<\/a> &#8211; Hugo<\/p>\n\n\n\n<p>Mais tous les pays n&#8217;ont pas le m\u00eame nombre de d\u00e9put\u00e9s, par contre. \u00c7a d\u00e9pend de la taille du pays. Donc, plus un pays est grand en termes de population, plus il a d&#8217;eurod\u00e9put\u00e9s au Parlement europ\u00e9en.<\/p>\n\n\n\n<p><a id=\"sonaar_ts-6927c93b56744\" class=\"srmp3_sonaar_ts_shortcode\"  style=\"\" href=\"javascript:sonaar_ts_shortcode({ trackid:'0', time:'00:07:18', ts_id:'6927c93b56744', play_icon:'' }) ;\">[00:07:18]<\/a> &#8211; Ingrid<\/p>\n\n\n\n<p>Oui, c&#8217;est proportionnel. Donc, il y a quand m\u00eame un seuil minimum. Les plus petits pays vont avoir au moins six eurod\u00e9put\u00e9s et les pays qui ont le plus de population, forc\u00e9ment, en auront plus. Bon alors, ce n&#8217;est pas exactement proportionnel, mais, voil\u00e0, il y a un calcul qui est fait. Avant chaque \u00e9lection, on sait combien de d\u00e9put\u00e9s aura chaque pays. Et la France, \u00e9videmment, comme la population est importante, est un des pays qui a le plus de d\u00e9put\u00e9s.<\/p>\n\n\n\n<p><a id=\"sonaar_ts-6927c93b56749\" class=\"srmp3_sonaar_ts_shortcode\"  style=\"\" href=\"javascript:sonaar_ts_shortcode({ trackid:'0', time:'00:07:49', ts_id:'6927c93b56749', play_icon:'' }) ;\">[00:07:49]<\/a> &#8211; Hugo<\/p>\n\n\n\n<p>Donc ouais, comme tu l&#8217;as dit, ce sont des \u00e9lections importantes parce que ce sont les seules \u00e9lections pour lesquelles les citoyens et citoyennes europ\u00e9ens \u00e9lisent directement leurs repr\u00e9sentants. Mais par contre, c&#8217;est vrai que les eurod\u00e9put\u00e9s n&#8217;ont pas un \u00e9norme pouvoir. Par exemple, ils ne peuvent pas proposer directement de loi. Ils n&#8217;ont pas ce qu&#8217;on appelle le pouvoir d&#8217;initiative. En fait, c&#8217;est une autre institution, la Commission europ\u00e9enne, qui propose des lois, des directives, et les eurod\u00e9put\u00e9s peuvent seulement les amender. Donc, ils votent ces lois, ils peuvent proposer des amendements, des modifications des lois, mais ils ne peuvent pas proposer directement de nouvelles lois. Et ce Parlement europ\u00e9en, si vous vous demandez o\u00f9 il se trouve, il se trouve en France, \u00e0 Strasbourg. D&#8217;ailleurs, je l&#8217;ai visit\u00e9 avec mon \u00e9cole. Il me semble que toi aussi, non ? Tu l&#8217;as d\u00e9j\u00e0 visit\u00e9 ?<\/p>\n\n\n\n<p><a id=\"sonaar_ts-6927c93b56753\" class=\"srmp3_sonaar_ts_shortcode\"  style=\"\" href=\"javascript:sonaar_ts_shortcode({ trackid:'0', time:'00:08:52', ts_id:'6927c93b56753', play_icon:'' }) ;\">[00:08:52]<\/a> &#8211; Ingrid<\/p>\n\n\n\n<p>Ouais. Comme quoi c&#8217;est une activit\u00e9, un rite de passage pour les Europ\u00e9ens, surtout pour les Fran\u00e7ais.<\/p>\n\n\n\n<p><a id=\"sonaar_ts-6927c93b56759\" class=\"srmp3_sonaar_ts_shortcode\"  style=\"\" href=\"javascript:sonaar_ts_shortcode({ trackid:'0', time:'00:09:00', ts_id:'6927c93b56759', play_icon:'' }) ;\">[00:09:00]<\/a> &#8211; Hugo<\/p>\n\n\n\n<p>C&#8217;\u00e9tait aussi avec ton universit\u00e9 ?<\/p>\n\n\n\n<p><a id=\"sonaar_ts-6927c93b5675f\" class=\"srmp3_sonaar_ts_shortcode\"  style=\"\" href=\"javascript:sonaar_ts_shortcode({ trackid:'0', time:'00:09:02', ts_id:'6927c93b5675f', play_icon:'' }) ;\">[00:09:02]<\/a> &#8211; Ingrid<\/p>\n\n\n\n<p>Non, non. Moi, c&#8217;est quand j&#8217;ai visit\u00e9 Strasbourg par ma propre initiative, j&#8217;y suis all\u00e9e. C&#8217;\u00e9tait assez int\u00e9ressant.<\/p>\n\n\n\n<p><a id=\"sonaar_ts-6927c93b56764\" class=\"srmp3_sonaar_ts_shortcode\"  style=\"\" href=\"javascript:sonaar_ts_shortcode({ trackid:'0', time:'00:09:10', ts_id:'6927c93b56764', play_icon:'' }) ;\">[00:09:10]<\/a> &#8211; Hugo<\/p>\n\n\n\n<p>Toi, tu es une bonne citoyenne europ\u00e9enne qui veut conna\u00eetre ces institutions.<\/p>\n\n\n\n<p><a id=\"sonaar_ts-6927c93b56769\" class=\"srmp3_sonaar_ts_shortcode\"  style=\"\" href=\"javascript:sonaar_ts_shortcode({ trackid:'0', time:'00:09:15', ts_id:'6927c93b56769', play_icon:'' }) ;\">[00:09:15]<\/a> &#8211; Ingrid<\/p>\n\n\n\n<p>Ouais, j&#8217;aime bien.<\/p>\n\n\n\n<p><a id=\"sonaar_ts-6927c93b5676e\" class=\"srmp3_sonaar_ts_shortcode\"  style=\"\" href=\"javascript:sonaar_ts_shortcode({ trackid:'0', time:'00:09:1', ts_id:'6927c93b5676e', play_icon:'' }) ;\">[00:09:17]<\/a> &#8211; Hugo<\/p>\n\n\n\n<p>Non, moi, j&#8217;ai \u00e9t\u00e9 oblig\u00e9 pendant mon \u00e9cole de commerce. Mais c&#8217;\u00e9tait tr\u00e8s sympa parce qu&#8217;on y est all\u00e9 deux ou trois jours. Ils avaient organis\u00e9 pas mal d&#8217;activit\u00e9s, de jeux de r\u00f4le. Donc, on a si\u00e9g\u00e9 dans le Parlement europ\u00e9en. Je ne sais plus si on a fait semblant de voter des lois ou pas, mais c&#8217;\u00e9tait assez dr\u00f4le parce que dans mon \u00e9cole, qui a chang\u00e9 de nom, mais \u00e0 l&#8217;\u00e9poque, elle s&#8217;appelait l&#8217;ESCP Europe. Donc on avait effectivement des \u00e9tudiants qui venaient d&#8217;un peu partout en Europe. Et on avait, voil\u00e0, je me souviens d&#8217;un Italien qui avait fait une pr\u00e9sentation devant le Parlement avec l&#8217;accent italien en anglais, donc voil\u00e0, on se croyait vraiment \u00e0 l&#8217;Assembl\u00e9e, c&#8217;\u00e9tait cool. Mais m\u00eame sans visite organis\u00e9e avec une \u00e9cole, vous pouvez, vous aussi, si vous \u00eates \u00e0 Strasbourg, aller visiter le Parlement europ\u00e9en.<\/p>\n\n\n\n<p><a id=\"sonaar_ts-6927c93b56773\" class=\"srmp3_sonaar_ts_shortcode\"  style=\"\" href=\"javascript:sonaar_ts_shortcode({ trackid:'0', time:'00:10:07', ts_id:'6927c93b56773', play_icon:'' }) ;\">[00:10:07]<\/a> &#8211; Ingrid<\/p>\n\n\n\n<p>Oui, oui, c&#8217;est ouvert et il y a des petites animations qui permettent de comprendre comment \u00e7a fonctionne. Et surtout, les d\u00e9put\u00e9s ne si\u00e8gent \u00e0 Strasbourg que quatre jours par mois, au moment o\u00f9, justement, ils doivent amender les lois et les voter. Le reste du temps, ils sont \u00e0 Bruxelles. Donc, ce qui fait que si vous allez \u00e0 Strasbourg pendant un moment o\u00f9 les d\u00e9put\u00e9s ne sont pas l\u00e0, en fait, c&#8217;est bien parce que c&#8217;est vide, entre guillemets. Il n&#8217;y a que les personnes qui travaillent l\u00e0-bas tout le temps, mais il n&#8217;y a pas de cession parlementaire. Donc, \u00e7a permet de faire un peu ce que tu as fait ou de pouvoir visiter le Parlement vide avec des pr\u00e9sentations, etc. Donc c&#8217;est assez sympa, ouais. Je le conseille.<\/p>\n\n\n\n<p><a id=\"sonaar_ts-6927c93b5677d\" class=\"srmp3_sonaar_ts_shortcode\"  style=\"\" href=\"javascript:sonaar_ts_shortcode({ trackid:'0', time:'00:10:53', ts_id:'6927c93b5677d', play_icon:'' }) ;\">[00:10:53]<\/a> &#8211; Hugo<\/p>\n\n\n\n<p>Alors, si on reprend maintenant les pouvoirs du Parlement europ\u00e9en. Donc comme je l&#8217;ai d\u00e9j\u00e0 mentionn\u00e9, ce sont les eurod\u00e9put\u00e9s qui amendent et votent les directives, les lois propos\u00e9es par la Commission europ\u00e9enne. Ils peuvent les approuver ou \u00e9ventuellement les rejeter. Mais ce sont aussi eux qui contr\u00f4lent d&#8217;une certaine mani\u00e8re la Commission europ\u00e9enne. La Commission europ\u00e9enne, c&#8217;est l&#8217;\u00e9quivalent du gouvernement de l&#8217;UE. Elle est compos\u00e9e de 27 commissaires qui sont d\u00e9sign\u00e9s par chaque \u00c9tat membre et le Parlement europ\u00e9en peut approuver le pr\u00e9sident de cette Commission europ\u00e9enne ou pas. Et il peut aussi renverser cette Commission europ\u00e9enne en votant ce qu&#8217;on appelle une motion de censure. Mais il me semble que \u00e7a arrive assez rarement. Et puis, le troisi\u00e8me et dernier pouvoir, rapidement, c&#8217;est celui de la modification du budget de l&#8217;Union europ\u00e9enne. Donc, ils peuvent modifier, approuver le budget de l&#8217;Union europ\u00e9enne. Donc voil\u00e0, c&#8217;est quand m\u00eame trois pouvoirs assez importants.<\/p>\n\n\n\n<p><a id=\"sonaar_ts-6927c93b56783\" class=\"srmp3_sonaar_ts_shortcode\"  style=\"\" href=\"javascript:sonaar_ts_shortcode({ trackid:'0', time:'00:11:59', ts_id:'6927c93b56783', play_icon:'' }) ;\">[00:11:59]<\/a> &#8211; Ingrid<\/p>\n\n\n\n<p>Donc voil\u00e0, \u00e7a, c&#8217;est pour le fonctionnement g\u00e9n\u00e9ral du Parlement et de ces \u00e9lections. Mais pourquoi est-ce que c&#8217;est important ? Il y a des enjeux quand m\u00eame, parce que le droit communautaire qui est d\u00e9cid\u00e9 par les \u00c9tats membres et les eurod\u00e9put\u00e9s, priment parfois sur les droits nationaux. C&#8217;est-\u00e0-dire que les d\u00e9put\u00e9s peuvent voter des directives, des lois europ\u00e9ennes qui vont \u00eatre plus importantes que les lois de chaque pays. Donc, c&#8217;est le seul moment o\u00f9 vraiment les citoyens europ\u00e9ens peuvent d\u00e9cider directement des personnes qui vont proposer ces lois, qui vont les approuver, puisque comme on vous l&#8217;a dit, ce sont les commissaires qui proposent et les commissaires, on ne peut pas les \u00e9lire directement.<\/p>\n\n\n\n<p><a id=\"sonaar_ts-6927c93b56788\" class=\"srmp3_sonaar_ts_shortcode\"  style=\"\" href=\"javascript:sonaar_ts_shortcode({ trackid:'0', time:'00:12:50', ts_id:'6927c93b56788', play_icon:'' }) ;\">[00:12:50]<\/a> &#8211; Hugo<\/p>\n\n\n\n<p>Ouais, mais ce qui est paradoxal, c&#8217;est que m\u00eame si ces \u00e9lections sont assez importantes et m\u00eame si c&#8217;est la seule opportunit\u00e9 des citoyens europ\u00e9ens de d\u00e9lire leurs repr\u00e9sentants, la participation est assez faible. En 1979, il y avait un taux de participation de 62%, mais depuis cette date, \u00e0 chaque \u00e9lection, le taux de participation est de plus en plus faible. Il est tomb\u00e9 \u00e0 42% en 2014. Mais aux derni\u00e8res \u00e9lections, il y a eu un petit rebond. La participation a \u00e0 nouveau un peu augment\u00e9 et 51% des citoyens europ\u00e9ens ont vot\u00e9 aux \u00e9lections europ\u00e9ennes. \u00c7a, je pense que c&#8217;est d\u00fb en partie au Brexit, peut-\u00eatre qui a, voil\u00e0, r\u00e9veill\u00e9, remotiv\u00e9 les Europ\u00e9ens, je ne sais pas. Mais il y a deux grandes raisons qui peuvent expliquer ce d\u00e9sengouement, cette d\u00e9motivation, on pourrait dire, des citoyens europ\u00e9ens. La premi\u00e8re, c&#8217;est que, comme on vous l&#8217;a un peu dit avant, les institutions europ\u00e9ennes et leur fonctionnement sont assez complexes. C&#8217;est assez difficile de comprendre comment tout \u00e7a fonctionne concr\u00e8tement.<\/p>\n\n\n\n<p><a id=\"sonaar_ts-6927c93b5678d\" class=\"srmp3_sonaar_ts_shortcode\"  style=\"\" href=\"javascript:sonaar_ts_shortcode({ trackid:'0', time:'00:14:04', ts_id:'6927c93b5678d', play_icon:'' }) ;\">[00:14:04]<\/a> &#8211; Hugo<\/p>\n\n\n\n<p>Et puis, la deuxi\u00e8me explication, c&#8217;est qu&#8217;au d\u00e9part, au moment de la construction de l&#8217;Union europ\u00e9enne, l&#8217;utilit\u00e9 \u00e9tait tr\u00e8s claire. On savait qu&#8217;il fallait construire cette Union europ\u00e9enne pour, notamment, \u00e9viter une troisi\u00e8me guerre mondiale. Donc \u00e7a, c&#8217;\u00e9tait vraiment un bon facteur de motivation. Mais bah maintenant, la Seconde Guerre mondiale, elle remonte d\u00e9j\u00e0 \u00e0 un certain temps, ce qui fait que pour les citoyens europ\u00e9ens, c&#8217;est peut-\u00eatre un peu moins \u00e9vident maintenant de savoir quel est vraiment le r\u00f4le et l&#8217;utilit\u00e9 de l&#8217;Union europ\u00e9enne.<\/p>\n\n\n\n<p><a id=\"sonaar_ts-6927c93b56796\" class=\"srmp3_sonaar_ts_shortcode\"  style=\"\" href=\"javascript:sonaar_ts_shortcode({ trackid:'0', time:'00:14:38', ts_id:'6927c93b56796', play_icon:'' }) ;\">[00:14:38]<\/a> &#8211; Ingrid<\/p>\n\n\n\n<p>Et puis, un autre enjeu, c&#8217;est que pour chaque pays, les \u00e9lections europ\u00e9ennes servent un peu \u00e0 prendre la temp\u00e9rature du paysage politique. C&#8217;est-\u00e0-dire que certains chercheurs en sciences politiques qualifient ces \u00e9lections de nationales, vu qu&#8217;elles sont organis\u00e9es par chaque pays au niveau national, selon des r\u00e8gles nationales, puisque ce sont des r\u00e8gles de vote qui sont \u00e9tablies par chaque pays. Par exemple, dans certains pays, il peut y avoir le droit de vote obligatoire ou alors le jour du scrutin est diff\u00e9rent, l&#8217;\u00e2ge l\u00e9gal aussi, etc. Donc, en France, notamment, c&#8217;est consid\u00e9r\u00e9 un petit peu comme un vote de mi-mandat, c&#8217;est-\u00e0-dire qu&#8217;Emmanuel Macron a \u00e9t\u00e9 \u00e9lu il y a deux ans donc, on peut consid\u00e9rer que c&#8217;est un petit peu un moment pour les Fran\u00e7ais pour donner leur avis sur la politique actuelle nationale.<\/p>\n\n\n\n<p><a id=\"sonaar_ts-6927c93b5679c\" class=\"srmp3_sonaar_ts_shortcode\"  style=\"\" href=\"javascript:sonaar_ts_shortcode({ trackid:'0', time:'00:15:43', ts_id:'6927c93b5679c', play_icon:'' }) ;\">[00:15:43]<\/a> &#8211; Hugo<\/p>\n\n\n\n<p>C&#8217;est vrai. Et les sondages le montrent d&#8217;ailleurs, parce que dans les sondages r\u00e9cents, une majorit\u00e9 de Fran\u00e7ais d\u00e9clare que pour leur vote, ils tiendront compte avant tout des propositions des partis sur les questions nationales. Pas n\u00e9cessairement les enjeux europ\u00e9ens, mais plut\u00f4t les enjeux nationaux pour d\u00e9terminer leur choix de vote. Et en plus, 52% d&#8217;entre eux disent qu&#8217;ils votent avant tout pour manifester leur soutien ou leur opposition au pr\u00e9sident de la R\u00e9publique ou \u00e0 son gouvernement. Donc, ce vote, finalement, \u00e7a se transforme un peu comme un vote de sanction de la politique du gouvernement actuel.<\/p>\n\n\n\n<p><a id=\"sonaar_ts-6927c93b567a1\" class=\"srmp3_sonaar_ts_shortcode\"  style=\"\" href=\"javascript:sonaar_ts_shortcode({ trackid:'0', time:'00:16:27', ts_id:'6927c93b567a1', play_icon:'' }) ;\">[00:16:27]<\/a> &#8211; Ingrid<\/p>\n\n\n\n<p>Alors, on ne va pas vous faire toute la liste des partis qui sont candidats en France, parce qu&#8217;on a en tout 37 listes. Donc, on va juste vous parler des trois plus importantes, celles qui sont en haut dans les sondages. Donc, tout d&#8217;abord, on a ce qu&#8217;on peut appeler le Centre gauche, le Parti Place Publique, qui est en fait le Parti Socialiste, qui est repr\u00e9sent\u00e9 par Rapha\u00ebl Glucksmann, qui est d\u00e9j\u00e0 eurod\u00e9put\u00e9. Et ce parti est un parti bien install\u00e9, qui fait partie de l&#8217;Alliance Progressiste des Socialistes et D\u00e9mocrates, S&amp;D, que vous connaissez s\u00fbrement si vous \u00eates Europ\u00e9en, parce qu&#8217;il y a des partis comme le SPD allemand ou le PSOE en Espagne, qui sont dans la m\u00eame alliance. \u00c7a, c&#8217;est le parti qui, a priori, pourrait arriver peut-\u00eatre troisi\u00e8me avec 13 \u00e0 15% des intentions de vote. Bon, il faut toujours prendre ces chiffres avec des pincettes, mais voil\u00e0, c&#8217;est ce que les sondages annoncent.<\/p>\n\n\n\n<p><a id=\"sonaar_ts-6927c93b567a6\" class=\"srmp3_sonaar_ts_shortcode\"  style=\"\" href=\"javascript:sonaar_ts_shortcode({ trackid:'0', time:'00:17:27', ts_id:'6927c93b567a6', play_icon:'' }) ;\">[00:17:27]<\/a> &#8211; Hugo<\/p>\n\n\n\n<p>Ensuite, on a la liste de centre-droit. Donc en fait, c&#8217;est la liste de la majorit\u00e9 pr\u00e9sidentielle qui s&#8217;appelle Renaissance et dont la t\u00eate de liste est Val\u00e9rie&#8230; Alors, je ne sais jamais comment prononcer. Val\u00e9rie Hayer ?<\/p>\n\n\n\n<p><a id=\"sonaar_ts-6927c93b567b0\" class=\"srmp3_sonaar_ts_shortcode\"  style=\"\" href=\"javascript:sonaar_ts_shortcode({ trackid:'0', time:'00:17:52', ts_id:'6927c93b567b0', play_icon:'' }) ;\">[00:17:52]<\/a> &#8211; Ingrid<\/p>\n\n\n\n<p>Moi non plus.<\/p>\n\n\n\n<p><a id=\"sonaar_ts-6927c93b567b5\" class=\"srmp3_sonaar_ts_shortcode\"  style=\"\" href=\"javascript:sonaar_ts_shortcode({ trackid:'0', time:'00:17:52', ts_id:'6927c93b567b5', play_icon:'' }) ;\">[00:17:52]<\/a> &#8211; Hugo<\/p>\n\n\n\n<p>Ok. Donc, c&#8217;est H-A-Y-E-R, Val\u00e9rie Hayer, peut-\u00eatre, et qui, elle, devrait arriver deuxi\u00e8me avec entre 15 et 17% des votes d&#8217;apr\u00e8s les sondages.<\/p>\n\n\n\n<p><a id=\"sonaar_ts-6927c93b567ba\" class=\"srmp3_sonaar_ts_shortcode\"  style=\"\" href=\"javascript:sonaar_ts_shortcode({ trackid:'0', time:'00:18:06', ts_id:'6927c93b567ba', play_icon:'' }) ;\">[00:18:06]<\/a> &#8211; Ingrid<\/p>\n\n\n\n<p>Et puis, enfin, en t\u00eate, on aurait apparemment le Rassemblement National, donc l&#8217;extr\u00eame-droite, que vous connaissez d&#8217;habitude en France gr\u00e2ce \u00e0 Marine Le Pen. Mais l\u00e0, la t\u00eate de liste, c&#8217;est&#8230; Roulement de tambour&#8230; Jordan Bardella. Oui, on ne vous a pas donn\u00e9 son nom avant, mais c&#8217;est de Jordan Bardella, dont on aimerait vous parler ensuite, qui en ce moment est dans tous les m\u00e9dias et qui pourrait arriver en t\u00eate avec apparemment 30 \u00e0 35% d&#8217;intentions de vote. Donc, c&#8217;est quand m\u00eame beaucoup et assez important pour se pencher sur la question.<\/p>\n\n\n\n<p><a id=\"sonaar_ts-6927c93b567bf\" class=\"srmp3_sonaar_ts_shortcode\"  style=\"\" href=\"javascript:sonaar_ts_shortcode({ trackid:'0', time:'00:18:52', ts_id:'6927c93b567bf', play_icon:'' }) ;\">[00:18:52]<\/a> &#8211; Hugo<\/p>\n\n\n\n<p>Ouais, et il faut savoir qu&#8217;aux derni\u00e8res \u00e9lections europ\u00e9ennes, c&#8217;est d\u00e9j\u00e0 la liste du Rassemblement national qui \u00e9tait arriv\u00e9e en t\u00eate devant celle de la majorit\u00e9 pr\u00e9sidentielle, mais l&#8217;\u00e9cart \u00e9tait beaucoup moins important. Il y avait eu 23% pour la liste du Rassemblement National et 22% pour la liste de la majorit\u00e9 pr\u00e9sidentielle. \u00c7a s&#8217;\u00e9tait jou\u00e9 dans un mouchoir de poche. \u00c7a, c&#8217;est une bonne expression, \u00ab se jouer dans un mouchoir de poche \u00bb. Ce n&#8217;est pas facile \u00e0 dire d&#8217;ailleurs. \u00c7a signifie que \u00e7a se joue \u00e0 presque rien, que la diff\u00e9rence ou l&#8217;\u00e9cart est vraiment tout petit et \u00e7a aurait pu se passer d&#8217;une mani\u00e8re ou de l&#8217;autre. \u00c7a s&#8217;est jou\u00e9 dans un mouchoir de poche. Je ne connais pas du tout l&#8217;origine de cette expression. Il faudra la chercher. Mais voil\u00e0, l&#8217;\u00e9cart \u00e9tait tr\u00e8s faible alors que cette fois, en tout cas, quand on regarde les sondages, il y a la Liste du Rassemblement National qui fait course en t\u00eate. La liste du Rassemblement National qui est loin devant celle de la majorit\u00e9 pr\u00e9sidentielle.<\/p>\n\n\n\n<p><a id=\"sonaar_ts-6927c93b567c4\" class=\"srmp3_sonaar_ts_shortcode\"  style=\"\" href=\"javascript:sonaar_ts_shortcode({ trackid:'0', time:'00:20:02', ts_id:'6927c93b567c4', play_icon:'' }) ;\">[00:20:02]<\/a> &#8211; Ingrid<\/p>\n\n\n\n<p>Alors, qui est Jordan Bardella ? C&#8217;est une figure politique que vous allez peut-\u00eatre revoir beaucoup, donc on va faire un peu son portrait. Pour commencer, il a grandi \u00e0 Drancy, en Seine-Saint-Denis, dans un HLM. \u00c7a, c&#8217;est une donn\u00e9e qui est assez importante parce qu&#8217;il a cr\u00e9\u00e9 tout un r\u00e9cit de vie, on peut aussi dire un storytelling, donc c&#8217;est une mani\u00e8re de se pr\u00e9senter qu&#8217;il a bien choisie, autour d&#8217;une jeunesse dans un quartier d\u00e9favoris\u00e9, avec de l&#8217;ins\u00e9curit\u00e9. Et selon lui, ces conditions de vie un petit peu difficiles seraient \u00e0 l&#8217;origine de son engagement politique dans un parti d&#8217;extr\u00eame droite.<\/p>\n\n\n\n<p><a id=\"sonaar_ts-6927c93b567ce\" class=\"srmp3_sonaar_ts_shortcode\"  style=\"\" href=\"javascript:sonaar_ts_shortcode({ trackid:'0', time:'00:20:52', ts_id:'6927c93b567ce', play_icon:'' }) ;\">[00:20:52]<\/a> &#8211; Hugo<\/p>\n\n\n\n<p>Oui, et juste pour pr\u00e9ciser, ceux qui ont fait le cours &#8220;Les visages de Paris&#8221; le savent, mais pour les autres, un HLM, c&#8217;est une habitation \u00e0 loyer mod\u00e9r\u00e9, autrement dit un logement social, un logement o\u00f9 le loyer n&#8217;est pas trop \u00e9lev\u00e9 pour permettre aux familles les plus modestes de se loger dignement.<\/p>\n\n\n\n<p><a id=\"sonaar_ts-6927c93b567d4\" class=\"srmp3_sonaar_ts_shortcode\"  style=\"\" href=\"javascript:sonaar_ts_shortcode({ trackid:'0', time:'00:21:1', ts_id:'6927c93b567d4', play_icon:'' }) ;\">[00:21:13]<\/a> &#8211; Ingrid<\/p>\n\n\n\n<p>Oui, et en r\u00e9alit\u00e9, quand on fouille un peu, quand on creuse dans la vie de Jordan Bardella, on se rend compte que, premi\u00e8rement, cette banlieue d\u00e9favoris\u00e9e o\u00f9 il a grandi n&#8217;\u00e9tait pas si d\u00e9favoris\u00e9e. C&#8217;\u00e9tait une banlieue modeste, mais pas une des pires, avec beaucoup d&#8217;ins\u00e9curit\u00e9. C&#8217;\u00e9tait un endroit qui \u00e9tait plut\u00f4t bien connect\u00e9 \u00e0 Paris, donc on est quand m\u00eame loin de l&#8217;histoire qu&#8217;il raconte. Mais en plus, c&#8217;\u00e9tait un fils de parents divorc\u00e9s et son p\u00e8re, lui, venait d&#8217;un milieu ais\u00e9. Donc, il avait quand m\u00eame acc\u00e8s \u00e0 un milieu qui lui permettait d&#8217;avoir un peu plus, entre guillemets, de chances dans la vie. On parle d&#8217;\u00e9galit\u00e9 ou d&#8217;in\u00e9galit\u00e9 des chances. Voil\u00e0, c&#8217;est un peu facile pour lui de se pr\u00e9senter en choisissant seulement les \u00e9l\u00e9ments qui lui permettent de dresser un profil populaire qui fonctionne avec les \u00e9lecteurs.<\/p>\n\n\n\n<p><a id=\"sonaar_ts-6927c93b567d9\" class=\"srmp3_sonaar_ts_shortcode\"  style=\"\" href=\"javascript:sonaar_ts_shortcode({ trackid:'0', time:'00:22:15', ts_id:'6927c93b567d9', play_icon:'' }) ;\">[00:22:15]<\/a> &#8211; Hugo<\/p>\n\n\n\n<p>Exactement. Ce qui est int\u00e9ressant aussi avec Jordan Bardella, c&#8217;est qu&#8217;il s&#8217;est lanc\u00e9 tr\u00e8s jeune en politique puisqu&#8217;il a rejoint le Front National, donc l&#8217;anc\u00eatre du Rassemblement National, \u00e0 seulement 17 ans, quand il \u00e9tait encore lyc\u00e9en. Et tr\u00e8s rapidement, il est devenu porte-parole, autrement dit, principal repr\u00e9sentant, et le directeur du Parti G\u00e9n\u00e9ration Nation, qui est la branche jeune du Front National, du Rassemblement National. Donc, c&#8217;est le Parti des jeunes d&#8217;extr\u00eame droite.<\/p>\n\n\n\n<p><a id=\"sonaar_ts-6927c93b567de\" class=\"srmp3_sonaar_ts_shortcode\"  style=\"\" href=\"javascript:sonaar_ts_shortcode({ trackid:'0', time:'00:22:50', ts_id:'6927c93b567de', play_icon:'' }) ;\">[00:22:50]<\/a> &#8211; Ingrid<\/p>\n\n\n\n<p>Ah oui, et fun fact, \u00e0 cette \u00e9poque, j&#8217;avais particip\u00e9 \u00e0 une de ces interviews, puisque je travaillais pour un m\u00e9dia qui \u00e9tait centr\u00e9 particuli\u00e8rement sur les jeunes. C&#8217;\u00e9tait en 2017, juste avant les \u00e9lections, et on avait organis\u00e9 un d\u00e9bat entre le repr\u00e9sentant des jeunes avec Macron et le repr\u00e9sentant des jeunes du Rassemblement National, donc Jordan Bardella. Et \u00e0 ce moment-l\u00e0, il n&#8217;\u00e9tait pas du tout aussi connu comme maintenant, c&#8217;\u00e9tait juste un petit politique qui montait. Donc voil\u00e0, c&#8217;est assez dr\u00f4le pour moi.<\/p>\n\n\n\n<p><a id=\"sonaar_ts-6927c93b567e4\" class=\"srmp3_sonaar_ts_shortcode\"  style=\"\" href=\"javascript:sonaar_ts_shortcode({ trackid:'0', time:'00:23:28', ts_id:'6927c93b567e4', play_icon:'' }) ;\">[00:23:28]<\/a> &#8211; Hugo<\/p>\n\n\n\n<p>Et qu&#8217;est-ce que tu avais pens\u00e9 de lui ? Quelle impression il t&#8217;avait faite ?<\/p>\n\n\n\n<p><a id=\"sonaar_ts-6927c93b567ed\" class=\"srmp3_sonaar_ts_shortcode\"  style=\"\" href=\"javascript:sonaar_ts_shortcode({ trackid:'0', time:'00:23:33', ts_id:'6927c93b567ed', play_icon:'' }) ;\">[00:23:33]<\/a> &#8211; Ingrid<\/p>\n\n\n\n<p>Bah j&#8217;avais trouv\u00e9 qu&#8217;il avait bien parl\u00e9, qu&#8217;il r\u00e9pondait bien aux questions et c&#8217;est quelque chose qu&#8217;on va \u00e9voquer apr\u00e8s. C&#8217;est vrai que Jordan Bardella est quand m\u00eame quelqu&#8217;un qui est bien entra\u00een\u00e9, qui sait bien se tenir face aux cam\u00e9ras. Parce que oui, c&#8217;\u00e9tait une interview film\u00e9e et qui, m\u00eame s&#8217;il \u00e9tait tr\u00e8s jeune, avait d\u00e9j\u00e0 beaucoup d&#8217;assurance. Voil\u00e0.<\/p>\n\n\n\n<p><a id=\"sonaar_ts-6927c93b567f3\" class=\"srmp3_sonaar_ts_shortcode\"  style=\"\" href=\"javascript:sonaar_ts_shortcode({ trackid:'0', time:'00:23:58', ts_id:'6927c93b567f3', play_icon:'' }) ;\">[00:23:58]<\/a> &#8211; Hugo<\/p>\n\n\n\n<p>D&#8217;accord. Et cette carri\u00e8re politique, elle a \u00e9t\u00e9 fulgurante puisqu&#8217;aujourd&#8217;hui, il cumule plusieurs postes. Il est conseiller r\u00e9gional d&#8217;\u00cele-de-France, la r\u00e9gion de Paris, depuis 2015. Il est aussi eurod\u00e9put\u00e9 depuis les derni\u00e8res \u00e9lections et il est surtout pr\u00e9sident du Rassemblement national depuis 2022. C&#8217;est d&#8217;ailleurs le plus jeune pr\u00e9sident de l&#8217;histoire de ce parti et aussi le premier \u00e0 ne pas \u00eatre un Le Pen. Il ne fait pas partie de la la famille Le Pen et c&#8217;est la premi\u00e8re fois qu&#8217;il y a un pr\u00e9sident \u00e0 la t\u00eate de ce parti qui n&#8217;est pas un Le Pen.<\/p>\n\n\n\n<p><a id=\"sonaar_ts-6927c93b567f8\" class=\"srmp3_sonaar_ts_shortcode\"  style=\"\" href=\"javascript:sonaar_ts_shortcode({ trackid:'0', time:'00:24:44', ts_id:'6927c93b567f8', play_icon:'' }) ;\">[00:24:44]<\/a> &#8211; Ingrid<\/p>\n\n\n\n<p>Mais quand m\u00eame, si on s&#8217;int\u00e9resse \u00e0 sa vie priv\u00e9e, il a des liens avec la famille Le Pen. On peut souligner qu&#8217;il a rencontr\u00e9 Marine Le Pen en partie gr\u00e2ce \u00e0 la relation qu&#8217;il entretenait \u00e0 l&#8217;\u00e9poque avec la fille d&#8217;une figure de l&#8217;extr\u00eame droite. Donc, c&#8217;\u00e9tait la fille de Fr\u00e9d\u00e9ric Chatillon, qui s&#8217;appelle Kerridwen Chatillon. Et il se trouve que Marine Le Pen les avait rencontr\u00e9s lors d&#8217;un \u00e9v\u00e9nement et c&#8217;est l\u00e0 qu&#8217;elle avait rep\u00e9r\u00e9 Jordan Bardella. Alors, lui, il dit qu&#8217;il n&#8217;a pas utilis\u00e9 cette relation pour se faire un nom en politique, mais quand on conna\u00eet bien le fonctionnement du Front National devenu Rassemblement National, on sait que les relations interpersonnelles comptent beaucoup. Il y a beaucoup, dans ce parti, de couples, de neveux, de ni\u00e8ces, de filles, de fils. Et d&#8217;ailleurs, Jordan Bardella, il n&#8217;est plus en couple avec cette personne, mais maintenant, il est en couple avec une ni\u00e8ce de Marine Le Pen, qui est \u00e9galement la fille d&#8217;un conseiller de Marine Le Pen. Donc, vous voyez, on s&#8217;y perd un peu dans leur arbre g\u00e9n\u00e9alogique. Et Jordan Bardella est plut\u00f4t mis dans l&#8217;arbre g\u00e9n\u00e9alogique.<\/p>\n\n\n\n<p><a id=\"sonaar_ts-6927c93b567fd\" class=\"srmp3_sonaar_ts_shortcode\"  style=\"\" href=\"javascript:sonaar_ts_shortcode({ trackid:'0', time:'00:26:09', ts_id:'6927c93b567fd', play_icon:'' }) ;\">[00:26:09]<\/a> &#8211; Hugo<\/p>\n\n\n\n<p>Oui, donc on peut dire qu&#8217;il appartient \u00e0 la famille \u00e9largie des Le Pen. En tout cas, il les fr\u00e9quente tr\u00e8s souvent et il a un acc\u00e8s privil\u00e9gi\u00e9 \u00e0 la famille Le Pen, ce qui l&#8217;a \u00e9videmment aid\u00e9 \u00e0 gravir les \u00e9chelons du parti pour arriver \u00e0 sa t\u00eate.<\/p>\n\n\n\n<p><a id=\"sonaar_ts-6927c93b56802\" class=\"srmp3_sonaar_ts_shortcode\"  style=\"\" href=\"javascript:sonaar_ts_shortcode({ trackid:'0', time:'00:26:31', ts_id:'6927c93b56802', play_icon:'' }) ;\">[00:26:31]<\/a> &#8211; Ingrid<\/p>\n\n\n\n<p>Mais alors, pourquoi est-ce qu&#8217;il est aussi populaire aupr\u00e8s des Fran\u00e7ais ? Il est quand m\u00eame dans le classement des 50 personnalit\u00e9s pr\u00e9f\u00e9r\u00e9es des Fran\u00e7ais.<\/p>\n\n\n\n<p><a id=\"sonaar_ts-6927c93b5680b\" class=\"srmp3_sonaar_ts_shortcode\"  style=\"\" href=\"javascript:sonaar_ts_shortcode({ trackid:'0', time:'00:26:41', ts_id:'6927c93b5680b', play_icon:'' }) ;\">[00:26:41]<\/a> &#8211; Hugo<\/p>\n\n\n\n<p>Oui, et d&#8217;ailleurs, c&#8217;est le seul politique \u00e0 faire partie des 50 premiers. Il me semble qu&#8217;Emmanuel Macron est 60\u00e8me. Donc, on voit que cette popularit\u00e9, elle n&#8217;est pas seulement imagin\u00e9e et fantasm\u00e9e par les m\u00e9dias, mais que concr\u00e8tement, les Fran\u00e7ais aiment beaucoup Jordan Bardella. Alors, c&#8217;est li\u00e9 \u00e0 plusieurs raisons. Comme tu l&#8217;as dit, son storytelling, son arc narratif autour de ses origines populaires, le fait qu&#8217;il ait grandi dans un HLM, contrairement \u00e0 Marine Le Pen, qui, elle, vient d&#8217;une famille extr\u00eamement riche et tr\u00e8s privil\u00e9gi\u00e9e, les Le Pen. Donc, c&#8217;est quelque chose qui lui est souvent reproch\u00e9, d&#8217;ailleurs. On lui reproche d&#8217;\u00eatre un peu d\u00e9connect\u00e9 du peuple parce qu&#8217;elle a grandi avec une cuill\u00e8re en or dans la bouche. Ce qui n&#8217;est pas le cas de Jordan Bardella, qui vraiment, m\u00eame si ses origines populaires sont peut-\u00eatre un peu exag\u00e9r\u00e9es, en tout cas, il est arriv\u00e9 en politique et il a fait cette ascension fulgurante tout seul. Ensuite, il a aussi une image de gendre id\u00e9al. Donc, le gendre, pour expliquer, c&#8217;est : si j&#8217;avais une fille et qu&#8217;elle \u00e9pousait quelqu&#8217;un, cette personne serait mon gendre.<\/p>\n\n\n\n<p><a id=\"sonaar_ts-6927c93b56811\" class=\"srmp3_sonaar_ts_shortcode\"  style=\"\" href=\"javascript:sonaar_ts_shortcode({ trackid:'0', time:'00:27:58', ts_id:'6927c93b56811', play_icon:'' }) ;\">[00:27:58]<\/a> &#8211; Ingrid<\/p>\n\n\n\n<p>Si elle \u00e9pousait Jordan Bardella ?<\/p>\n\n\n\n<p><a id=\"sonaar_ts-6927c93b56816\" class=\"srmp3_sonaar_ts_shortcode\"  style=\"\" href=\"javascript:sonaar_ts_shortcode({ trackid:'0', time:'00:28:00', ts_id:'6927c93b56816', play_icon:'' }) ;\">[00:28:00]<\/a> &#8211; Hugo<\/p>\n\n\n\n<p>Si j&#8217;ai une fille, j&#8217;esp\u00e8re qu&#8217;elle n&#8217;\u00e9pousera pas Jordan Bardella. En tout cas, elle sera bien trop jeune. Donc, il y a peu de chance. Mais en tout cas, voil\u00e0, Jordan Bardella, il a cette image de gendre id\u00e9al qu&#8217;on peut inviter au repas de famille le dimanche. Il est souriant, il est toujours bien peign\u00e9. Il a cette coiffure impeccable, cette coiffure parfaite. Il s&#8217;exprime bien. Voil\u00e0, il a vraiment cette image de gendre id\u00e9al et c&#8217;est aussi un tr\u00e8s bon communicant. Il est tr\u00e8s fort dans les m\u00e9dias, sur les plateaux t\u00e9l\u00e9. Il est tr\u00e8s fort en d\u00e9bat \u00e9galement, comme tu l&#8217;as dit, c&#8217;est l&#8217;impression que tu avais eu en le rencontrant. On a l&#8217;impression que rien ne peut le d\u00e9shar\u00e7onner. \u00ab D\u00e9sar\u00e7onner \u00bb, c&#8217;est un verbe un peu avanc\u00e9 pour dire tomber de quelque chose. En g\u00e9n\u00e9ral, on peut dire tomber de cheval, par exemple, on est d\u00e9shar\u00e7onn\u00e9 et dans un d\u00e9bat, on est d\u00e9sar\u00e7onn\u00e9 quand on n&#8217;arrive pas \u00e0 r\u00e9pondre \u00e0 une question, quand on perd ses moyens et on est d\u00e9s\u00e9quilibr\u00e9. Donc, Jordan Barbella, il arrive toujours \u00e0 garder son calme et \u00e0 bien r\u00e9pondre aux questions.<\/p>\n\n\n\n<p><a id=\"sonaar_ts-6927c93b5681b\" class=\"srmp3_sonaar_ts_shortcode\"  style=\"\" href=\"javascript:sonaar_ts_shortcode({ trackid:'0', time:'00:29:07', ts_id:'6927c93b5681b', play_icon:'' }) ;\">[00:29:07]<\/a> &#8211; Ingrid<\/p>\n\n\n\n<p>Et ce n&#8217;est pas un hasard puisqu&#8217;il a \u00e9t\u00e9 sp\u00e9cifiquement form\u00e9 pour \u00e7a. \u00c0 priori, l&#8217;histoire qui se raconte, c&#8217;est que Marine Le Pen s&#8217;est rendu compte qu&#8217;il avait du potentiel et elle a mis\u00e9 dessus en lui payant des formations de media training. Donc, elle a mis\u00e9 dessus, \u00e7a veut dire qu&#8217;elle a fait un pari, elle a voulu investir sur lui. Et le media training, vous savez, c&#8217;est ces formations dans lesquelles on apprend \u00e0 parler aux journalistes, on apprend \u00e0 r\u00e9pondre aux questions, on apprend \u00e0 \u00eatre bien devant la cam\u00e9ra, etc.<\/p>\n\n\n\n<p><a id=\"sonaar_ts-6927c93b56820\" class=\"srmp3_sonaar_ts_shortcode\"  style=\"\" href=\"javascript:sonaar_ts_shortcode({ trackid:'0', time:'00:29:47', ts_id:'6927c93b56820', play_icon:'' }) ;\">[00:29:47]<\/a> &#8211; Hugo<\/p>\n\n\n\n<p>Oui, on peut dire qu&#8217;elle l&#8217;a bien choisie parce que, comme je l&#8217;ai mentionn\u00e9, Jordan Bardella peut s\u00e9duire une partie des classes populaires gr\u00e2ce \u00e0 ses origines. Et puis, il s\u00e9duit les jeunes. Marine Le Pen a plus de mal \u00e0 convaincre les jeunes, mais Jordan Bardella, de par son \u00e2ge, c&#8217;est quelqu&#8217;un qui est tr\u00e8s populaire, tr\u00e8s appr\u00e9ci\u00e9 par les jeunes. Il a, par exemple, plus d&#8217;un million d&#8217;abonn\u00e9s sur TikTok. Il est tr\u00e8s actif sur TikTok.<\/p>\n\n\n\n<p><a id=\"sonaar_ts-6927c93b56829\" class=\"srmp3_sonaar_ts_shortcode\"  style=\"\" href=\"javascript:sonaar_ts_shortcode({ trackid:'0', time:'00:30:15', ts_id:'6927c93b56829', play_icon:'' }) ;\">[00:30:15]<\/a> &#8211; Ingrid<\/p>\n\n\n\n<p>Et toutes ces qualit\u00e9s, c&#8217;est vrai qu&#8217;elles sont importantes pour Marine Le Pen parce que c&#8217;est des qualit\u00e9s qu&#8217;elle n&#8217;a pas. Ils se compl\u00e8tent plut\u00f4t bien. Elle, par exemple, \u00e7a lui est arriv\u00e9 souvent d&#8217;\u00eatre pi\u00e9g\u00e9 par les m\u00e9dias, de perdre ses moyens. Ensuite, elle, elle ne s\u00e9duit pas beaucoup les jeunes. Elle est plut\u00f4t populaire chez les personnes un peu plus \u00e2g\u00e9es. Et lui, il est plut\u00f4t un monsieur de la ville bien propre sur lui, alors qu&#8217;elle, elle g\u00e8re plut\u00f4t bien le terrain. Donc voil\u00e0, \u00e7a fait un peu un ticket gagnant, un duo qui fonctionne bien pour les \u00e9lections. Et d&#8217;ailleurs, a priori, elle avait d\u00e9j\u00e0 annonc\u00e9 que si elle devenait pr\u00e9sidente, il serait son Premier ministre.<\/p>\n\n\n\n<p><a id=\"sonaar_ts-6927c93b5682e\" class=\"srmp3_sonaar_ts_shortcode\"  style=\"\" href=\"javascript:sonaar_ts_shortcode({ trackid:'0', time:'00:31:01', ts_id:'6927c93b5682e', play_icon:'' }) ;\">[00:31:01]<\/a> &#8211; Hugo<\/p>\n\n\n\n<p>Exactement. Et il y a m\u00eame certains membres de son parti qui commencent \u00e0 dire que ce serait mieux que ce soit Bardella qui soit le candidat aux \u00e9lections pr\u00e9sidentielles, qu&#8217;il aurait plus de chances de gagner. Mais bon, pour le moment, c&#8217;est Marine Le Pen qui reste la patronne de l&#8217;extr\u00eame droite. C&#8217;est elle qui est vraiment la chef de l&#8217;extr\u00eame droite en France. Donc, je pense que Jordan Bardella n&#8217;a pas int\u00e9r\u00eat \u00e0 essayer de la trahir. Il a trop \u00e0 perdre. Mais \u00e7a pourrait \u00eatre tr\u00e8s utile au Rassemblement National si Marine Le Pen est condamn\u00e9e dans l&#8217;affaire des assistants parlementaires. Parce qu&#8217;il Il faut savoir que Marine Le Pen est en proc\u00e8s en ce moment. Elle est accus\u00e9e d&#8217;avoir utilis\u00e9 de l&#8217;argent de l&#8217;Union europ\u00e9enne qui \u00e9tait destin\u00e9 \u00e0 payer des assistants pour ses eurod\u00e9put\u00e9s au Parlement europ\u00e9en et d&#8217;avoir utilis\u00e9 cet argent, de l&#8217;avoir d\u00e9tourn\u00e9 pour, au contraire, payer des membres de son parti, des membres de son parti qui ne travaillaient pas du tout au Parlement europ\u00e9en. Donc, si elle est condamn\u00e9e dans cette affaire, elle sera in\u00e9ligible pour 10 ans, donc elle ne pourra pas se pr\u00e9senter aux prochaines \u00e9lections pr\u00e9sidentielles. Et \u00e0 ce moment-l\u00e0, le Rassemblement National sera bien content d&#8217;avoir un candidat aussi populaire que Jordan Bardella en plan B.<\/p>\n\n\n\n<p><a id=\"sonaar_ts-6927c93b56834\" class=\"srmp3_sonaar_ts_shortcode\"  style=\"\" href=\"javascript:sonaar_ts_shortcode({ trackid:'0', time:'00:32:18', ts_id:'6927c93b56834', play_icon:'' }) ;\">[00:32:18]<\/a> &#8211; Ingrid<\/p>\n\n\n\n<p>On verra bien.<\/p>\n\n\n\n<p><a id=\"sonaar_ts-6927c93b5683d\" class=\"srmp3_sonaar_ts_shortcode\"  style=\"\" href=\"javascript:sonaar_ts_shortcode({ trackid:'0', time:'00:32:26', ts_id:'6927c93b5683d', play_icon:'' }) ;\">[00:32:26]<\/a> &#8211; Ingrid<\/p>\n\n\n\n<p>Pour finir, on va juste balayer, r\u00e9sumer quels sont les grands th\u00e8mes de campagne de Jordan Bardella et donc ce qui pourrait arriver pour la France dans le futur, apr\u00e8s les \u00e9lections europ\u00e9ennes ou si jamais le Rassemblement National arrive un jour au pouvoir en France. Bien s\u00fbr, le th\u00e8me le plus important pour eux, \u00e7a reste l&#8217;immigration. Pour Jordan Bardella, les \u00e9lections europ\u00e9ennes sont un r\u00e9f\u00e9rendum sur l&#8217;immigration. Alors, les mesures qu&#8217;il d\u00e9fend, bien s\u00fbr, c&#8217;est les mesures plut\u00f4t classiques de l&#8217;extr\u00eame droite. Par exemple, ils ne veulent pas qu&#8217;il y ait de nouveaux pays dans l&#8217;Union europ\u00e9enne, ils veulent qu&#8217;il y ait un retour des contr\u00f4les aux fronti\u00e8res nationales, donc supprimer une partie de l&#8217;espace Schengen. Ils voudraient, par exemple, que seulement les Europ\u00e9ens puissent circuler librement dans l&#8217;espace Schengen. Et voil\u00e0, donc c&#8217;est quand m\u00eame leurs mesures les plus importantes. Et il y a une figure importante qui est la troisi\u00e8me personne sur la liste du Rassemblement National et qui montre bien quelle est la mentalit\u00e9 de ce parti par rapport \u00e0 l&#8217;immigration, c&#8217;est Fabrice Leggeri, qui a \u00e9t\u00e9 le directeur de Frontex. Frontex, c&#8217;est l&#8217;agence qui contr\u00f4le l&#8217;immigration en Europe. Et il faut savoir que cette personne a d\u00fb carr\u00e9ment d\u00e9missionner de Frontex parce qu&#8217;il \u00e9tait impliqu\u00e9 dans des all\u00e9gations, dans des accusations, d&#8217;avoir refoul\u00e9 ill\u00e9galement des migrants en violant les droits de l&#8217;homme et donc avoir particip\u00e9 \u00e0 la mort de migrants dans la mer aux fronti\u00e8res de l&#8217;Europe. Voil\u00e0, c&#8217;est un gros r\u00e9sum\u00e9, mais je pense qu&#8217;avec \u00e7a, on a tout dit sur un peu quel est le plan du Rassemblement National pour les fronti\u00e8res et pour les immigr\u00e9s en Europe.<\/p>\n\n\n\n<p><a id=\"sonaar_ts-6927c93b56843\" class=\"srmp3_sonaar_ts_shortcode\"  style=\"\" href=\"javascript:sonaar_ts_shortcode({ trackid:'0', time:'00:34:32', ts_id:'6927c93b56843', play_icon:'' }) ;\">[00:34:32]<\/a> &#8211; Hugo<\/p>\n\n\n\n<p>Apr\u00e8s, c&#8217;est un peu la m\u00eame chose au niveau \u00e9conomique. Le Rassemblement National veut promouvoir un certain protectionnisme. Donc l&#8217;id\u00e9e, c&#8217;est de prot\u00e9ger la France au niveau \u00e9conomique du reste de l&#8217;Union europ\u00e9enne. Donc, concr\u00e8tement, il y a des mesures comme l&#8217;opposition au travail d\u00e9tach\u00e9. Travail d\u00e9tach\u00e9, c&#8217;est quelque chose qui est en d\u00e9bat depuis de nombreuses ann\u00e9es. C&#8217;est par exemple quand une entreprise polonaise envoie en France ses salari\u00e9s pour conduire des camions et faire du transport en France, tout en payant ses salari\u00e9s avec des conditions polonaises. Donc \u00e7a, c&#8217;est souvent consid\u00e9r\u00e9 comme une forme de concurrence d\u00e9loyale pour les entreprises fran\u00e7aises, mais c&#8217;est quelque chose qui est plut\u00f4t permis par l&#8217;Union europ\u00e9enne et en vertu de la libert\u00e9 de circulation et de travail dans l&#8217;Union europ\u00e9enne. Et c&#8217;est quelque chose que Jordan Bardella veut arr\u00eater. Il y a aussi cette notion de priorit\u00e9 nationale, donc donner la priorit\u00e9 \u00e0 la France, notamment dans les march\u00e9s publics. Quand il y a un march\u00e9 public en France pour, je sais pas, construire un nouveau b\u00e2timent public, une institution, etc, il est ill\u00e9gal de donner un avantage \u00e0 des entreprises fran\u00e7aises. Toutes les entreprises europ\u00e9ennes doivent avoir les m\u00eames conditions, les m\u00eames chances d&#8217;obtenir ce march\u00e9 public. C&#8217;est la libre concurrence dans l&#8217;Union europ\u00e9enne, mais Jordan Bardella veut mettre fin \u00e0 \u00e7a et donner la pr\u00e9f\u00e9rence aux entreprises fran\u00e7aises. Donc, en fait, au niveau \u00e9conomique, il y a cette id\u00e9e de redonner l&#8217;avantage \u00e0 la France et c&#8217;est toujours la position un peu ambigu\u00eb du Rassemblement National : d&#8217;un c\u00f4t\u00e9, on veut profiter de l&#8217;Europe, de ce qu&#8217;elle peut offrir, mais de l&#8217;autre c\u00f4t\u00e9, on veut y contribuer le moins possible et donner la priorit\u00e9 et l&#8217;avantage \u00e0 la France.<\/p>\n\n\n\n<p><a id=\"sonaar_ts-6927c93b56848\" class=\"srmp3_sonaar_ts_shortcode\"  style=\"\" href=\"javascript:sonaar_ts_shortcode({ trackid:'0', time:'00:36:27', ts_id:'6927c93b56848', play_icon:'' }) ;\">[00:36:27]<\/a> &#8211; Ingrid<\/p>\n\n\n\n<p>Et pour r\u00e9pondre \u00e0 la grande question qu&#8217;on a pos\u00e9e au d\u00e9part : est-ce que la France va rester dans l&#8217;Union europ\u00e9enne si jamais le Rassemblement National arrive au pouvoir ? Alors la r\u00e9ponse, c&#8217;est plut\u00f4t oui. Avant, le Rassemblement National, il y a quelques ann\u00e9es, vraiment, voulait la sortie de l&#8217;Union europ\u00e9enne, mais maintenant, ils d\u00e9fendent plut\u00f4t une &#8220;Alliance europ\u00e9enne des Nations&#8221;, c&#8217;est leurs mots. Et en fait, c&#8217;est l&#8217;id\u00e9e plut\u00f4t de r\u00e9\u00e9crire les trait\u00e9s, de faire le tri et de choisir un peu une Union europ\u00e9enne \u00e0 la carte. Comme ce que tu disais, au niveau \u00e9conomique, c&#8217;est vraiment juste prendre ceux qui les arrangent, mais sans les d\u00e9savantages selon eux, donc notamment l&#8217;immigration.<\/p>\n\n\n\n<p><a id=\"sonaar_ts-6927c93b56851\" class=\"srmp3_sonaar_ts_shortcode\"  style=\"\" href=\"javascript:sonaar_ts_shortcode({ trackid:'0', time:'00:37:17', ts_id:'6927c93b56851', play_icon:'' }) ;\">[00:37:17]<\/a> &#8211; Hugo<\/p>\n\n\n\n<p>Oui, c&#8217;est vrai que la probabilit\u00e9 de Frexit est tr\u00e8s faible, notamment parce que les eurod\u00e9put\u00e9s n&#8217;en ont pas le pouvoir. Les Eurod\u00e9put\u00e9s fran\u00e7ais ne peuvent pas d\u00e9cider que la France quitte l&#8217;Union europ\u00e9enne. Pour que \u00e7a arrive, il faudrait, par exemple, que le Rassemblement national gagne les prochaines \u00e9lections pr\u00e9sidentielles en France et qu&#8217;ils organisent \u00e9ventuellement un r\u00e9f\u00e9rendum pour demander aux Fran\u00e7ais si oui ou non, ils veulent quitter l&#8217;Union europ\u00e9enne. Mais je pense que ce qui s&#8217;est pass\u00e9 avec le Brexit, \u00e7a a refroidi m\u00eame le Rassemblement national. C&#8217;est vrai qu&#8217;avant \u00e7a, le Rassemblement national voulait sortir de l&#8217;euro, sortir de l&#8217;Union europ\u00e9enne. Et quand on voit les difficult\u00e9s que rencontre le Royaume-Uni depuis le Brexit, je pense que maintenant, les \u00c9tats membres y r\u00e9fl\u00e9chissent \u00e0 deux fois avant de menacer de quitter l&#8217;Union europ\u00e9enne. Donc, finalement, le plus gros enjeu de ces \u00e9lections, comme on l&#8217;a un peu dit dans cet \u00e9pisode, ce n&#8217;est peut-\u00eatre pas pour la France les enjeux europ\u00e9ens, mais que ces \u00e9lections vont \u00eatre un avant-go\u00fbt de ce qui pourrait se passer dans notre pays aux prochaines \u00e9lections pr\u00e9sidentielles qui ont lieu, comme tu l&#8217;as dit, dans trois ans, en 2027.<\/p>\n\n\n\n<p><a id=\"sonaar_ts-6927c93b56857\" class=\"srmp3_sonaar_ts_shortcode\"  style=\"\" href=\"javascript:sonaar_ts_shortcode({ trackid:'0', time:'00:38:29', ts_id:'6927c93b56857', play_icon:'' }) ;\">[00:38:29]<\/a> &#8211; Ingrid<\/p>\n\n\n\n<p>Voil\u00e0, je pense qu&#8217;on a quand m\u00eame donn\u00e9 beaucoup d&#8217;informations, donc on va s&#8217;arr\u00eater l\u00e0. J&#8217;esp\u00e8re que cet \u00e9pisode vous a plu. On vous retrouve dans deux semaines et si vous \u00eates Europ\u00e9en, surtout, n&#8217;oubliez pas d&#8217;aller voter ce week-end.<\/p>\n\n\n\n<p><a id=\"sonaar_ts-6927c93b5685d\" class=\"srmp3_sonaar_ts_shortcode\"  style=\"\" href=\"javascript:sonaar_ts_shortcode({ trackid:'0', time:'00:38:42', ts_id:'6927c93b5685d', play_icon:'' }) ;\">[00:38:42]<\/a> &#8211; Hugo<\/p>\n\n\n\n<p>Allez voter, salut, \u00e0 bient\u00f4t.<\/p>\n\n\n\n<p><a id=\"sonaar_ts-6927c93b56861\" class=\"srmp3_sonaar_ts_shortcode\"  style=\"\" href=\"javascript:sonaar_ts_shortcode({ trackid:'0', time:'00:38:42', ts_id:'6927c93b56861', play_icon:'' }) ;\">[00:38:42]<\/a> &#8211; Ingrid<\/p>\n\n\n\n<p>Salut, salut.<\/p>\n","protected":false},"excerpt":{"rendered":"<p>Avant de commencer cet \u00e9pisode, j\u2019ai une petite annonce \u00e0 faire : les inscriptions pour notre cours Les Visages de Paris&nbsp;sont ouvertes. C\u2019est un cours avanc\u00e9 pour les personnes qui ont un niveau C1. Si vous n\u2019\u00eates pas s\u00fbrs de votre niveau, je dirais que si vous comprenez bien les conversations que j\u2019ai avec Ingrid&#8230;<\/p>\n","protected":false},"author":17473,"featured_media":289695,"comment_status":"open","ping_status":"open","sticky":false,"template":"","format":[191],"meta":{"_acf_changed":false,"_kad_blocks_custom_css":"","_kad_blocks_head_custom_js":"","_kad_blocks_body_custom_js":"","_kad_blocks_footer_custom_js":"","_kad_post_transparent":"","_kad_post_title":"","_kad_post_layout":"","_kad_post_sidebar_id":"","_kad_post_content_style":"","_kad_post_vertical_padding":"","_kad_post_feature":"","_kad_post_feature_position":"","_kad_post_header":false,"_kad_post_footer":false,"_kad_post_classname":"","footnotes":""},"categories":[168],"tags":[175,176,172],"class_list":["post-289586","post","type-post","status-publish","format-standard","has-post-thumbnail","hentry","category-podcast","tag-france","tag-politique","tag-societe","format-duo-hugo-ingrid"],"acf":[],"taxonomy_info":{"category":[{"value":168,"label":"Podcast"}],"post_tag":[{"value":175,"label":"France"},{"value":176,"label":"Politique"},{"value":172,"label":"Soci\u00e9t\u00e9"}],"format":[{"value":191,"label":"Duo Hugo &amp; Ingrid"}]},"featured_image_src_large":["https:\/\/innerfrench.com\/wp-content\/uploads\/2024\/06\/Europe-750x406.jpeg",750,406,true],"author_info":{"display_name":"Hugo &amp; Ingrid","author_link":"https:\/\/innerfrench.com\/author\/hugo_ingrid\/"},"comment_info":16,"category_info":[{"term_id":168,"name":"Podcast","slug":"podcast","term_group":0,"term_taxonomy_id":168,"taxonomy":"category","description":"","parent":0,"count":185,"filter":"raw","cat_ID":168,"category_count":185,"category_description":"","cat_name":"Podcast","category_nicename":"podcast","category_parent":0}],"tag_info":[{"term_id":175,"name":"France","slug":"france","term_group":0,"term_taxonomy_id":175,"taxonomy":"post_tag","description":"","parent":0,"count":100,"filter":"raw"},{"term_id":176,"name":"Politique","slug":"politique","term_group":0,"term_taxonomy_id":176,"taxonomy":"post_tag","description":"","parent":0,"count":20,"filter":"raw"},{"term_id":172,"name":"Soci\u00e9t\u00e9","slug":"societe","term_group":0,"term_taxonomy_id":172,"taxonomy":"post_tag","description":"","parent":0,"count":94,"filter":"raw"}],"_links":{"self":[{"href":"https:\/\/innerfrench.com\/wp-json\/wp\/v2\/posts\/289586","targetHints":{"allow":["GET"]}}],"collection":[{"href":"https:\/\/innerfrench.com\/wp-json\/wp\/v2\/posts"}],"about":[{"href":"https:\/\/innerfrench.com\/wp-json\/wp\/v2\/types\/post"}],"author":[{"embeddable":true,"href":"https:\/\/innerfrench.com\/wp-json\/wp\/v2\/users\/17473"}],"replies":[{"embeddable":true,"href":"https:\/\/innerfrench.com\/wp-json\/wp\/v2\/comments?post=289586"}],"version-history":[{"count":2,"href":"https:\/\/innerfrench.com\/wp-json\/wp\/v2\/posts\/289586\/revisions"}],"predecessor-version":[{"id":292862,"href":"https:\/\/innerfrench.com\/wp-json\/wp\/v2\/posts\/289586\/revisions\/292862"}],"wp:featuredmedia":[{"embeddable":true,"href":"https:\/\/innerfrench.com\/wp-json\/wp\/v2\/media\/289695"}],"wp:attachment":[{"href":"https:\/\/innerfrench.com\/wp-json\/wp\/v2\/media?parent=289586"}],"wp:term":[{"taxonomy":"category","embeddable":true,"href":"https:\/\/innerfrench.com\/wp-json\/wp\/v2\/categories?post=289586"},{"taxonomy":"post_tag","embeddable":true,"href":"https:\/\/innerfrench.com\/wp-json\/wp\/v2\/tags?post=289586"},{"taxonomy":"format","embeddable":true,"href":"https:\/\/innerfrench.com\/wp-json\/wp\/v2\/format?post=289586"}],"curies":[{"name":"wp","href":"https:\/\/api.w.org\/{rel}","templated":true}]}}