{"id":289589,"date":"2024-07-17T13:57:49","date_gmt":"2024-07-17T11:57:49","guid":{"rendered":"https:\/\/innerfrench.com\/?p=206632"},"modified":"2025-09-25T08:50:29","modified_gmt":"2025-09-25T06:50:29","slug":"149-la-france-est-elle-ingouvernable","status":"publish","type":"post","link":"https:\/\/innerfrench.com\/149-la-france-est-elle-ingouvernable\/","title":{"rendered":"#149 La France est-elle devenue ingouvernable ?"},"content":{"rendered":"\n<p><a id=\"sonaar_ts-6927c8faa6978\" class=\"srmp3_sonaar_ts_shortcode\"  style=\"\" href=\"javascript:sonaar_ts_shortcode({ trackid:'0', time:'00:00:04', ts_id:'6927c8faa6978', play_icon:'' }) ;\">[00:00:04]<\/a> &#8211; Hugo<\/p>\n\n\n\n<p>\u00c9pisode 149. La France est-elle devenue ingouvernable ?<\/p>\n\n\n\n<p><a id=\"sonaar_ts-6927c8faa698e\" class=\"srmp3_sonaar_ts_shortcode\"  style=\"\" href=\"javascript:sonaar_ts_shortcode({ trackid:'0', time:'00:00:12', ts_id:'6927c8faa698e', play_icon:'' }) ;\">[00:00:12]<\/a> &#8211; Hugo<\/p>\n\n\n\n<p>Salut \u00e0 toutes et \u00e0 tous. Salut Ingrid.<\/p>\n\n\n\n<p><a id=\"sonaar_ts-6927c8faa699c\" class=\"srmp3_sonaar_ts_shortcode\"  style=\"\" href=\"javascript:sonaar_ts_shortcode({ trackid:'0', time:'00:00:15', ts_id:'6927c8faa699c', play_icon:'' }) ;\">[00:00:15]<\/a> &#8211; Ingrid<\/p>\n\n\n\n<p>Salut Hugo, tu vas bien ?<\/p>\n\n\n\n<p><a id=\"sonaar_ts-6927c8faa69a5\" class=\"srmp3_sonaar_ts_shortcode\"  style=\"\" href=\"javascript:sonaar_ts_shortcode({ trackid:'0', time:'00:00:17', ts_id:'6927c8faa69a5', play_icon:'' }) ;\">[00:00:17]<\/a> &#8211; Hugo<\/p>\n\n\n\n<p>Ouais, ouais, ouais, \u00e7a va et toi ?<\/p>\n\n\n\n<p><a id=\"sonaar_ts-6927c8faa69af\" class=\"srmp3_sonaar_ts_shortcode\"  style=\"\" href=\"javascript:sonaar_ts_shortcode({ trackid:'0', time:'00:00:20', ts_id:'6927c8faa69af', play_icon:'' }) ;\">[00:00:20]<\/a> &#8211; Ingrid<\/p>\n\n\n\n<p>\u00c7a va. Soulag\u00e9e par rapport \u00e0 il n&#8217;y a pas si longtemps o\u00f9 j&#8217;\u00e9tais stress\u00e9e par les \u00e9lections. Donc maintenant, je peux dire que je vais mieux.<\/p>\n\n\n\n<p><a id=\"sonaar_ts-6927c8faa69b7\" class=\"srmp3_sonaar_ts_shortcode\"  style=\"\" href=\"javascript:sonaar_ts_shortcode({ trackid:'0', time:'00:00:29', ts_id:'6927c8faa69b7', play_icon:'' }) ;\">[00:00:29]<\/a> &#8211; Hugo<\/p>\n\n\n\n<p>Oui, car L\u00e0, au moment o\u00f9 on enregistre l&#8217;\u00e9pisode, on est presque une semaine apr\u00e8s le r\u00e9sultat d\u00e9finitif des \u00e9lections l\u00e9gislatives qui ont eu lieu en France. Vous en avez peut-\u00eatre entendu parler. C&#8217;est le sujet de notre \u00e9pisode aujourd&#8217;hui. Et bon, on voudrait pr\u00e9senter nos excuses parce que c&#8217;est vrai que ces derni\u00e8res ann\u00e9es, on a fait pas mal d&#8217;\u00e9pisodes sur la politique et on sait que \u00e7a n&#8217;int\u00e9resse pas forc\u00e9ment tout le monde. Mais vous qui avez envie de mieux comprendre la France, la soci\u00e9t\u00e9 fran\u00e7aise, eh ben, \u00e9videmment, ce qui se passe en politique, c&#8217;est assez important. Donc aujourd&#8217;hui, avec Ingrid, on va vous expliquer pourquoi les derni\u00e8res \u00e9lections l\u00e9gislatives qui ont eu lieu en France \u00e9taient particuli\u00e8rement cruciales.<\/p>\n\n\n\n<p><a id=\"sonaar_ts-6927c8faa69c2\" class=\"srmp3_sonaar_ts_shortcode\"  style=\"\" href=\"javascript:sonaar_ts_shortcode({ trackid:'0', time:'00:01:19', ts_id:'6927c8faa69c2', play_icon:'' }) ;\">[00:01:19]<\/a> &#8211; Ingrid<\/p>\n\n\n\n<p>Oui, et surtout, on voudrait petit \u00e0 petit vous expliquer comment on est arriv\u00e9 \u00e0 la situation actuelle. C&#8217;est-\u00e0-dire qu&#8217;aujourd&#8217;hui, \u00e0 l&#8217;heure o\u00f9 on en l&#8217;\u00e9pisode, on n&#8217;a pas vraiment de gouvernement ou plut\u00f4t, on garde l&#8217;ancien gouvernement alors qu&#8217;il y a pourtant eu des \u00e9lections. Il se trouve que, traditionnellement, quand on a des \u00e9lections l\u00e9gislatives, le Pr\u00e9sident nomme un nouveau Premier ministre ou une nouvelle Premi\u00e8re ministre, mais cette fois-ci, il ne l&#8217;a toujours pas fait. Le Premier ministre, Gabriel Attal, a pr\u00e9sent\u00e9 sa d\u00e9mission, mais le pr\u00e9sident Emmanuel Macron lui a dit : \u00ab Non, je refuse parce que je ne sais pas qui nommer \u00e0 ta place \u00bb. Et voil\u00e0, on est dans cette situation aujourd&#8217;hui et on va vous expliquer pourquoi.<\/p>\n\n\n\n<p><a id=\"sonaar_ts-6927c8faa69cc\" class=\"srmp3_sonaar_ts_shortcode\"  style=\"\" href=\"javascript:sonaar_ts_shortcode({ trackid:'0', time:'00:02:10', ts_id:'6927c8faa69cc', play_icon:'' }) ;\">[00:02:10]<\/a> &#8211; Hugo<\/p>\n\n\n\n<p>Oui, alors pour comprendre comment on en est arriv\u00e9 l\u00e0, on va d&#8217;abord vous expliquer ce qu&#8217;est la dissolution, la dissolution de l&#8217;Assembl\u00e9e nationale. Donc, pour le dire simplement, c&#8217;est quand le pr\u00e9sident de la R\u00e9publique d\u00e9cide de &#8220;virer&#8221;, pour le dire famili\u00e8rement, tous les d\u00e9put\u00e9s de l&#8217;Assembl\u00e9e. Il dit : \u00ab Bon, les d\u00e9put\u00e9s, vous partez, on organise de nouvelles \u00e9lections et on va \u00e9lire de nouveaux d\u00e9put\u00e9s pour repr\u00e9senter les Fran\u00e7ais au Parlement \u00bb. Alors \u00e7a, \u00e7a fait partie des pouvoirs du pr\u00e9sident de la R\u00e9publique et Emmanuel Macron a d\u00e9cid\u00e9 de l&#8217;utiliser, mais c&#8217;\u00e9tait une d\u00e9cision compl\u00e8tement inattendue, une d\u00e9cision qui a surpris tout le monde. Donc, avec cet \u00e9pisode, on va essayer de vous aider \u00e0 mieux de comprendre tout \u00e7a.<\/p>\n\n\n\n<p><a id=\"sonaar_ts-6927c8faa69d4\" class=\"srmp3_sonaar_ts_shortcode\"  style=\"\" href=\"javascript:sonaar_ts_shortcode({ trackid:'0', time:'00:03:01', ts_id:'6927c8faa69d4', play_icon:'' }) ;\">[00:03:01]<\/a> &#8211; Ingrid<\/p>\n\n\n\n<p>Pour vous expliquer \u00e7a, on va r\u00e9pondre \u00e0 la question Pourquoi Emmanuel Macron a-t-il d\u00e9cid\u00e9 de dissoudre l&#8217;Assembl\u00e9e ? Quels \u00e9taient ses objectifs et pourquoi \u00e7a n&#8217;a pas march\u00e9 ? On va faire \u00e7a en trois parties.<\/p>\n\n\n\n<p><a id=\"sonaar_ts-6927c8faa69dd\" class=\"srmp3_sonaar_ts_shortcode\"  style=\"\" href=\"javascript:sonaar_ts_shortcode({ trackid:'0', time:'00:03:16', ts_id:'6927c8faa69dd', play_icon:'' }) ;\">[00:03:16]<\/a> &#8211; Hugo<\/p>\n\n\n\n<p>Donc dans la premi\u00e8re partie, on va vous expliquer l&#8217;\u00e9quilibre des pouvoirs en France, comment la politique fonctionne en France.<\/p>\n\n\n\n<p><a id=\"sonaar_ts-6927c8faa69e6\" class=\"srmp3_sonaar_ts_shortcode\"  style=\"\" href=\"javascript:sonaar_ts_shortcode({ trackid:'0', time:'00:03:25', ts_id:'6927c8faa69e6', play_icon:'' }) ;\">[00:03:25]<\/a> &#8211; Ingrid<\/p>\n\n\n\n<p>Ensuite, on verra comment cet \u00e9quilibre a \u00e9t\u00e9 fragilis\u00e9 ces derni\u00e8res ann\u00e9es et comment \u00e7a a permis au Rassemblement National de monter.<\/p>\n\n\n\n<p><a id=\"sonaar_ts-6927c8faa69f2\" class=\"srmp3_sonaar_ts_shortcode\"  style=\"\" href=\"javascript:sonaar_ts_shortcode({ trackid:'0', time:'00:03:35', ts_id:'6927c8faa69f2', play_icon:'' }) ;\">[00:03:35]<\/a> &#8211; Hugo<\/p>\n\n\n\n<p>Et puis, pour terminer, on vous expliquera ce qui s&#8217;est pass\u00e9 concr\u00e8tement \u00e0 ces \u00e9lections l\u00e9gislatives, ce qui fait qu&#8217;aujourd&#8217;hui, on a l&#8217;impression que la France est devenue ingouvernable.<\/p>\n\n\n\n<p><a id=\"sonaar_ts-6927c8faa69fc\" class=\"srmp3_sonaar_ts_shortcode\"  style=\"\" href=\"javascript:sonaar_ts_shortcode({ trackid:'0', time:'00:03:55', ts_id:'6927c8faa69fc', play_icon:'' }) ;\">[00:03:55]<\/a> &#8211; Hugo<\/p>\n\n\n\n<p>Pour comprendre le syst\u00e8me politique en France, il y a trois institutions importantes \u00e0 conna\u00eetre. On a s\u00fbrement d\u00e9j\u00e0 expliqu\u00e9 \u00e7a dans un des pr\u00e9c\u00e9dents \u00e9pisodes, mais on va faire un petit rappel pour vous rafra\u00eechir la m\u00e9moire. Alors, en France, le pouvoir est partag\u00e9 entre le pr\u00e9sident de la R\u00e9publique, Emmanuel Macron, le gouvernement qui est dirig\u00e9 par le Premier ministre et le Parlement.<\/p>\n\n\n\n<p><a id=\"sonaar_ts-6927c8faa6a04\" class=\"srmp3_sonaar_ts_shortcode\"  style=\"\" href=\"javascript:sonaar_ts_shortcode({ trackid:'0', time:'00:04:23', ts_id:'6927c8faa6a04', play_icon:'' }) ;\">[00:04:23]<\/a> &#8211; Ingrid<\/p>\n\n\n\n<p>Alors, le pr\u00e9sident, c&#8217;est le chef de l&#8217;\u00c9tat. Il a diff\u00e9rents pouvoirs, notamment celui de nommer le Premier ministre et de dissoudre l&#8217;Assembl\u00e9e.<\/p>\n\n\n\n<p><a id=\"sonaar_ts-6927c8faa6a0c\" class=\"srmp3_sonaar_ts_shortcode\"  style=\"\" href=\"javascript:sonaar_ts_shortcode({ trackid:'0', time:'00:04:34', ts_id:'6927c8faa6a0c', play_icon:'' }) ;\">[00:04:34]<\/a> &#8211; Hugo<\/p>\n\n\n\n<p>Oui, et c&#8217;est aussi le chef des arm\u00e9es. C&#8217;est lui qui a le code de l&#8217;arme nucl\u00e9aire. Ensuite, le gouvernement, c&#8217;est, comme je l&#8217;ai dit, le Premier ministre, qui est le chef du gouvernement, et son \u00e9quipe de ministres. Par exemple, le ministre de l&#8217;\u00c9conomie, le ministre du Travail, etc. Eux, ils s&#8217;occupent de l&#8217;application des lois. Ils font en sorte que les lois soient bien appliqu\u00e9es et en fait, ils repr\u00e9sentent avec le pr\u00e9sident de la R\u00e9publique ce qu&#8217;on appelle le pouvoir ex\u00e9cutif.<\/p>\n\n\n\n<p><a id=\"sonaar_ts-6927c8faa6a15\" class=\"srmp3_sonaar_ts_shortcode\"  style=\"\" href=\"javascript:sonaar_ts_shortcode({ trackid:'0', time:'00:05:07', ts_id:'6927c8faa6a15', play_icon:'' }) ;\">[00:05:07]<\/a> &#8211; Ingrid<\/p>\n\n\n\n<p>Et ensuite, on a le Parlement qui repr\u00e9sente, lui, le pouvoir l\u00e9gislatif. Donc, l\u00e9gislatif, \u00e7a veut dire loi. Le Parlement s&#8217;occupe de voter les lois. Il est compos\u00e9 de deux chambres, le S\u00e9nat et l&#8217;Assembl\u00e9e nationale, mais on va dire que la plus importante, celle qui a vraiment du pouvoir, c&#8217;est l&#8217;Assembl\u00e9e nationale et c&#8217;est pour \u00e7a qu&#8217;on s&#8217;int\u00e9resse en g\u00e9n\u00e9ral surtout \u00e0 cette chambre-l\u00e0. L&#8217;assembl\u00e9e nationale, c&#8217;est 577 d\u00e9put\u00e9s.<\/p>\n\n\n\n<p><a id=\"sonaar_ts-6927c8faa6a1e\" class=\"srmp3_sonaar_ts_shortcode\"  style=\"\" href=\"javascript:sonaar_ts_shortcode({ trackid:'0', time:'00:05:39', ts_id:'6927c8faa6a1e', play_icon:'' }) ;\">[00:05:39]<\/a> &#8211; Hugo<\/p>\n\n\n\n<p>Oui, et c&#8217;est pour \u00e7a qu&#8217;en France, on n&#8217;est ni dans un r\u00e9gime purement pr\u00e9sidentiel, ni dans un r\u00e9gime parlementaire, mais dans ce qu&#8217;on appelle un r\u00e9gime semi-parlementaire. Le pr\u00e9sident a du pouvoir, il n&#8217;a pas juste un r\u00f4le repr\u00e9sentatif comme dans certains pays et il a notamment un pouvoir de contr\u00f4le sur le gouvernement et sur le Parlement, mais le Parlement a, lui aussi, beaucoup de pouvoir.<\/p>\n\n\n\n<p><a id=\"sonaar_ts-6927c8faa6a28\" class=\"srmp3_sonaar_ts_shortcode\"  style=\"\" href=\"javascript:sonaar_ts_shortcode({ trackid:'0', time:'00:06:05', ts_id:'6927c8faa6a28', play_icon:'' }) ;\">[00:06:05]<\/a> &#8211; Ingrid<\/p>\n\n\n\n<p>On peut dire aussi que c&#8217;est un r\u00e9gime semi-pr\u00e9sidentiel, \u00e7a d\u00e9pend. Les deux termes sont accept\u00e9s, mais donc en gros, \u00e7a veut dire qu&#8217;il y a un \u00e9quilibre des pouvoirs avec quand m\u00eame beaucoup de place faite au pr\u00e9sident de la R\u00e9publique.<\/p>\n\n\n\n<p><a id=\"sonaar_ts-6927c8faa6a30\" class=\"srmp3_sonaar_ts_shortcode\"  style=\"\" href=\"javascript:sonaar_ts_shortcode({ trackid:'0', time:'00:06:22', ts_id:'6927c8faa6a30', play_icon:'' }) ;\">[00:06:22]<\/a> &#8211; Hugo<\/p>\n\n\n\n<p>Oui, parce que c&#8217;est vrai qu&#8217;on est dans le r\u00e9gime de la cinqui\u00e8me R\u00e9publique, qui a \u00e9t\u00e9 imagin\u00e9 en grande partie par le g\u00e9n\u00e9ral de Gaulle. Et pour de Gaulle, la France avait besoin d&#8217;un homme fort, parce que surtout \u00e0 cette \u00e9poque, on n&#8217;envisageait pas vraiment d&#8217;avoir une femme pr\u00e9sidente, mais d&#8217;un homme fort pour diriger le pays. C&#8217;est pour \u00e7a que, voil\u00e0, c&#8217;est un r\u00e9gime qui donne quand m\u00eame beaucoup de pouvoir au pr\u00e9sident.<\/p>\n\n\n\n<p><a id=\"sonaar_ts-6927c8faa6a3a\" class=\"srmp3_sonaar_ts_shortcode\"  style=\"\" href=\"javascript:sonaar_ts_shortcode({ trackid:'0', time:'00:06:47', ts_id:'6927c8faa6a3a', play_icon:'' }) ;\">[00:06:47]<\/a> &#8211; Ingrid<\/p>\n\n\n\n<p>Mais Charles de Gaulle avait quand m\u00eame pr\u00e9vu dans la Constitution certains m\u00e9canismes qui permettent un certain contr\u00f4le mutuel de l&#8217;ex\u00e9cutif et du pouvoir l\u00e9gislatif.<\/p>\n\n\n\n<p><a id=\"sonaar_ts-6927c8faa6a44\" class=\"srmp3_sonaar_ts_shortcode\"  style=\"\" href=\"javascript:sonaar_ts_shortcode({ trackid:'0', time:'00:07:00', ts_id:'6927c8faa6a44', play_icon:'' }) ;\">[00:07:00]<\/a> &#8211; Hugo<\/p>\n\n\n\n<p>Alors, justement, quels sont ces m\u00e9canismes de contr\u00f4le mutuel entre le pr\u00e9sident et le gouvernement d&#8217;un c\u00f4t\u00e9 et l&#8217;Assembl\u00e9e de l&#8217;autre ? Alors, comme Ingrid vous l&#8217;a dit, il y a 577 d\u00e9put\u00e9s \u00e0 l&#8217;Assembl\u00e9e, ce n&#8217;est pas facile \u00e0 dire. Ces d\u00e9put\u00e9s sont \u00e9lus au suffrage universel direct. Les Fran\u00e7ais votent directement pour envoyer leurs d\u00e9put\u00e9s locales les repr\u00e9senter \u00e0 l&#8217;Assembl\u00e9e nationale. \u00c7a, on en reparlera un peu plus en d\u00e9tail dans la troisi\u00e8me partie.<\/p>\n\n\n\n<p><a id=\"sonaar_ts-6927c8faa6a4e\" class=\"srmp3_sonaar_ts_shortcode\"  style=\"\" href=\"javascript:sonaar_ts_shortcode({ trackid:'0', time:'00:07:32', ts_id:'6927c8faa6a4e', play_icon:'' }) ;\">[00:07:32]<\/a> &#8211; Ingrid<\/p>\n\n\n\n<p>Et ces 577 d\u00e9put\u00e9s, c&#8217;est vrai que c&#8217;est difficile \u00e0 dire, ils si\u00e8gent \u00e0 l&#8217;Assembl\u00e9e nationale par groupes. Ils sont tous r\u00e9unis au sein de partis ou de coalitions. Et donc, dans chaque groupe, on vote en g\u00e9n\u00e9ral la m\u00eame chose, on propose des lois ensemble en fonction d&#8217;un programme et de valeurs communes.<\/p>\n\n\n\n<p><a id=\"sonaar_ts-6927c8faa6a58\" class=\"srmp3_sonaar_ts_shortcode\"  style=\"\" href=\"javascript:sonaar_ts_shortcode({ trackid:'0', time:'00:07:56', ts_id:'6927c8faa6a58', play_icon:'' }) ;\">[00:07:56]<\/a> &#8211; Hugo<\/p>\n\n\n\n<p>Et le parti qui a le plus de d\u00e9put\u00e9s au Parlement c&#8217;est le parti ou le groupe majoritaire. Cette majorit\u00e9, elle peut \u00eatre absolue quand le parti a plus de la moiti\u00e9 des d\u00e9put\u00e9s, donc 577 divis\u00e9 par deux, \u00e7a fait combien ?<\/p>\n\n\n\n<p><a id=\"sonaar_ts-6927c8faa6a64\" class=\"srmp3_sonaar_ts_shortcode\"  style=\"\" href=\"javascript:sonaar_ts_shortcode({ trackid:'0', time:'00:08:14', ts_id:'6927c8faa6a64', play_icon:'' }) ;\">[00:08:14]<\/a> &#8211; Ingrid<\/p>\n\n\n\n<p>Je crois que c&#8217;est 289 plus 1 ? Non, 288 plus 1.<\/p>\n\n\n\n<p><a id=\"sonaar_ts-6927c8faa6a6c\" class=\"srmp3_sonaar_ts_shortcode\"  style=\"\" href=\"javascript:sonaar_ts_shortcode({ trackid:'0', time:'00:08:20', ts_id:'6927c8faa6a6c', play_icon:'' }) ;\">[00:08:20]<\/a> &#8211; Hugo<\/p>\n\n\n\n<p>Ouais, bon vous pourrez v\u00e9rifier. On n&#8217;a pas notre calculette sous la main, mais il me semble que pour avoir une majorit\u00e9 absolue \u00e0 l&#8217;Assembl\u00e9e, il faut 289 d\u00e9put\u00e9s. D&#8217;ailleurs, on n&#8217;a pas regard\u00e9 pourquoi il y a 577 d\u00e9put\u00e9s. C&#8217;est un peu bizarre comme nombre, je ne sais pas.<\/p>\n\n\n\n<p><a id=\"sonaar_ts-6927c8faa6a75\" class=\"srmp3_sonaar_ts_shortcode\"  style=\"\" href=\"javascript:sonaar_ts_shortcode({ trackid:'0', time:'00:08:37', ts_id:'6927c8faa6a75', play_icon:'' }) ;\">[00:08:37]<\/a> &#8211; Ingrid<\/p>\n\n\n\n<p>C&#8217;est un calcul fait \u00e0 partir de la d\u00e9mographie. \u00c7a fera un autre \u00e9pisode.<\/p>\n\n\n\n<p><a id=\"sonaar_ts-6927c8faa6a7e\" class=\"srmp3_sonaar_ts_shortcode\"  style=\"\" href=\"javascript:sonaar_ts_shortcode({ trackid:'0', time:'00:08:44', ts_id:'6927c8faa6a7e', play_icon:'' }) ;\">[00:08:44]<\/a> &#8211; Hugo<\/p>\n\n\n\n<p>C&#8217;est la bureaucratie fran\u00e7aise dans toute sa splendeur. Donc, si le parti a 289 d\u00e9put\u00e9s \u00e0 l&#8217;Assembl\u00e9e nationale, il a une majorit\u00e9 absolue. Par contre, si c&#8217;est le groupe qui a le plus de d\u00e9put\u00e9s, mais qui en a moins de 289, c&#8217;est ce qu&#8217;on appelle une majorit\u00e9 relative.<\/p>\n\n\n\n<p><a id=\"sonaar_ts-6927c8faa6a87\" class=\"srmp3_sonaar_ts_shortcode\"  style=\"\" href=\"javascript:sonaar_ts_shortcode({ trackid:'0', time:'00:09:04', ts_id:'6927c8faa6a87', play_icon:'' }) ;\">[00:09:04]<\/a> &#8211; Ingrid<\/p>\n\n\n\n<p>Alors, je vous le disais en introduction, traditionnellement, le pr\u00e9sident nomme un Premier ministre ou une Premi\u00e8re ministre qui est dans le parti majoritaire \u00e0 l&#8217;Assembl\u00e9e nationale. Rien ne l&#8217;y oblige. Il peut nommer n&#8217;importe qui en th\u00e9orie et le Premier ministre n&#8217;est pas oblig\u00e9 non plus de demander \u00e0 l&#8217;Assembl\u00e9e de valider son gouvernement. Il peut le faire, mais ce n&#8217;est pas obligatoire.<\/p>\n\n\n\n<p><a id=\"sonaar_ts-6927c8faa6a91\" class=\"srmp3_sonaar_ts_shortcode\"  style=\"\" href=\"javascript:sonaar_ts_shortcode({ trackid:'0', time:'00:09:34', ts_id:'6927c8faa6a91', play_icon:'' }) ;\">[00:09:34]<\/a> &#8211; Hugo<\/p>\n\n\n\n<p>Alors, si rien n&#8217;oblige le pr\u00e9sident \u00e0 choisir un Premier ministre du parti majoritaire, pourquoi il le fait ? He bien c&#8217;est parce que si le gouvernement veut pouvoir travailler efficacement, il vaut mieux que l&#8217;Assembl\u00e9e nationale soit de son c\u00f4t\u00e9, et ce, pour deux raisons. D&#8217;abord parce que c&#8217;est le Parlement qui vote les lois. Donc, si le Parlement vote syst\u00e9matiquement contre les lois propos\u00e9es par le gouvernement, par les ministres, le gouvernement ne peut pas appliquer son programme. Et aussi parce que l&#8217;Assembl\u00e9e a le pouvoir de renverser le gouvernement. \u00c7a, c&#8217;est un m\u00e9canisme qu&#8217;on appelle la motion de censure. Si une majorit\u00e9 de d\u00e9put\u00e9s vote une motion de censure, eh bien le gouvernement et le Premier ministre sont oblig\u00e9s de d\u00e9missionner.<\/p>\n\n\n\n<p><a id=\"sonaar_ts-6927c8faa6a9a\" class=\"srmp3_sonaar_ts_shortcode\"  style=\"\" href=\"javascript:sonaar_ts_shortcode({ trackid:'0', time:'00:10:26', ts_id:'6927c8faa6a9a', play_icon:'' }) ;\">[00:10:26]<\/a> &#8211; Ingrid<\/p>\n\n\n\n<p>Et le Pr\u00e9sident doit nommer quelqu&#8217;un d&#8217;autre. \u00c7a n&#8217;arrive pas souvent parce que \u00e7a m\u00e8ne \u00e0 une situation tr\u00e8s compliqu\u00e9e. Alors, disons que la situation la plus courante et la plus facile, c&#8217;est quand le Pr\u00e9sident est du m\u00eame parti que la majorit\u00e9 \u00e0 l&#8217;Assembl\u00e9e nationale. Comme \u00e7a, il peut nommer un Premier ministre qui est de son parti. En g\u00e9n\u00e9ral, le pr\u00e9sident nomme quelqu&#8217;un qui ne lui fait pas trop d&#8217;ombres, c&#8217;est-\u00e0-dire quelqu&#8217;un avec qui il peut travailler en coh\u00e9sion mais qui, dans les m\u00e9dias, dans les discours, etc, ne prendra pas sa place. Et donc, \u00e7a permet d&#8217;avoir une \u00e9quipe qui travaille ensemble : Pr\u00e9sident, gouvernement et Assembl\u00e9e nationale.<\/p>\n\n\n\n<p><a id=\"sonaar_ts-6927c8faa6aa3\" class=\"srmp3_sonaar_ts_shortcode\"  style=\"\" href=\"javascript:sonaar_ts_shortcode({ trackid:'0', time:'00:11:15', ts_id:'6927c8faa6aa3', play_icon:'' }) ;\">[00:11:15]<\/a> &#8211; Hugo<\/p>\n\n\n\n<p>Ouais, en fait, le Premier ministre en France, c&#8217;est un peu celui qui fait le sale boulot. C&#8217;est pour \u00e7a qu&#8217;Emmanuel Macron a eu pendant son premier mandat, il a eu combien de Premier ministres ? Quatre ou cinq, je crois, quelque chose comme \u00e7a. Parce qu&#8217;en fait, il nomme un Premier ministre, notamment pour faire appliquer les mesures impopulaires qu&#8217;il avait dans son programme. Et puis, la col\u00e8re des Fran\u00e7ais se cristallise un peu autour de ce Premier ministre. On a l&#8217;impression que le Premier ministre est responsable de toutes ces lois qu&#8217;on n&#8217;aime pas. Et donc, au bout d&#8217;un moment, quand la col\u00e8re est trop grande, le pr\u00e9sident d\u00e9cide de renvoyer le Premier ministre et d&#8217;en nommer un autre pour le remplacer. On dit aussi parfois que c&#8217;est le fusible&#8230; Non.<\/p>\n\n\n\n<p><a id=\"sonaar_ts-6927c8faa6aad\" class=\"srmp3_sonaar_ts_shortcode\"  style=\"\" href=\"javascript:sonaar_ts_shortcode({ trackid:'0', time:'00:11:58', ts_id:'6927c8faa6aad', play_icon:'' }) ;\">[00:11:58]<\/a> &#8211; Ingrid<\/p>\n\n\n\n<p>Fusible d&#8217;ajustement, je crois.<\/p>\n\n\n\n<p><a id=\"sonaar_ts-6927c8faa6ab5\" class=\"srmp3_sonaar_ts_shortcode\"  style=\"\" href=\"javascript:sonaar_ts_shortcode({ trackid:'0', time:'00:11:59', ts_id:'6927c8faa6ab5', play_icon:'' }) ;\">[00:11:59]<\/a> &#8211; Hugo<\/p>\n\n\n\n<p>Le fusible d&#8217;ajustement, ouais, quelque chose comme \u00e7a.<\/p>\n\n\n\n<p><a id=\"sonaar_ts-6927c8faa6abd\" class=\"srmp3_sonaar_ts_shortcode\"  style=\"\" href=\"javascript:sonaar_ts_shortcode({ trackid:'0', time:'00:12:02', ts_id:'6927c8faa6abd', play_icon:'' }) ;\">[00:12:02]<\/a> &#8211; Ingrid<\/p>\n\n\n\n<p>Et quand le pr\u00e9sident change de Premier ministre ou quand on change pas mal de ministres, on appelle \u00e7a un remaniement minist\u00e9riel. Et donc, c&#8217;est une mani\u00e8re de changer les choses mais sans vraiment changer, puisque c&#8217;est toujours le m\u00eame parti qui continue \u00e0 gouverner.<\/p>\n\n\n\n<p><a id=\"sonaar_ts-6927c8faa6ac5\" class=\"srmp3_sonaar_ts_shortcode\"  style=\"\" href=\"javascript:sonaar_ts_shortcode({ trackid:'0', time:'00:12:20', ts_id:'6927c8faa6ac5', play_icon:'' }) ;\">[00:12:20]<\/a> &#8211; Hugo<\/p>\n\n\n\n<p>Exactement. Donc c&#8217;\u00e9tait la strat\u00e9gie de Macron pour dire : \u00ab Je fais passer toutes mes mesures. Vous n&#8217;\u00eates pas content, je vous \u00e9coute. Je fais un remaniement minist\u00e9riel. Voil\u00e0, il y a un nouveau Premier ministre, mais en fait, il va continuer d&#8217;appliquer plus ou moins la m\u00eame politique \u00bb.<\/p>\n\n\n\n<p><a id=\"sonaar_ts-6927c8faa6ace\" class=\"srmp3_sonaar_ts_shortcode\"  style=\"\" href=\"javascript:sonaar_ts_shortcode({ trackid:'0', time:'00:12:35', ts_id:'6927c8faa6ace', play_icon:'' }) ;\">[00:12:35]<\/a> &#8211; Ingrid<\/p>\n\n\n\n<p>Donc \u00e7a, c&#8217;est le cas o\u00f9 le Pr\u00e9sident a la majorit\u00e9 \u00e0 l&#8217;Assembl\u00e9e nationale. Par contre, quand la majorit\u00e9 \u00e0 l&#8217;Assembl\u00e9e est d&#8217;un autre parti, le pr\u00e9sident se retrouve un peu oblig\u00e9 de nommer un Premier ministre ou une Premi\u00e8re ministre d&#8217;un autre parti. Dans ce cas-l\u00e0, on dit qu&#8217;il y a une cohabitation. \u00ab Cohabiter \u00bb, \u00e7a veut dire vivre ensemble. Et dans le cas d&#8217;une cohabitation, le Pr\u00e9sident est un peu oblig\u00e9 de s&#8217;effacer puisque finalement, les pouvoirs sont partag\u00e9s et on est un peu oblig\u00e9 d&#8217;appliquer des lois de la majorit\u00e9 \u00e0 l&#8217;Assembl\u00e9e nationale. En tout, il y a d\u00e9j\u00e0 eu trois cohabitations dans l&#8217;histoire de la V\u1d49 R\u00e9publique. Elles ont toutes eu lieu dans la deuxi\u00e8me moiti\u00e9 du XX\u1d49 si\u00e8cle. Donc, pour r\u00e9sumer, il y a un \u00e9quilibre des pouvoirs parce que un, le pr\u00e9sident peut dissoudre l&#8217;Assembl\u00e9e, deux, l&#8217;Assembl\u00e9e peut faire le gouvernement avec une motion de censure. Et troisi\u00e8mement, le pr\u00e9sident peut \u00eatre forc\u00e9 de s&#8217;effacer quand il n&#8217;a pas de majorit\u00e9. Alors \u00e7a, c&#8217;est l&#8217;\u00e9quilibre des pouvoirs, mais on va vous expliquer pourquoi, depuis 2000, on avait quand m\u00eame une certaine stabilit\u00e9.<\/p>\n\n\n\n<p><a id=\"sonaar_ts-6927c8faa6adb\" class=\"srmp3_sonaar_ts_shortcode\"  style=\"\" href=\"javascript:sonaar_ts_shortcode({ trackid:'0', time:'00:14:02', ts_id:'6927c8faa6adb', play_icon:'' }) ;\">[00:14:02]<\/a> &#8211; Hugo<\/p>\n\n\n\n<p>Oui, parce que comme vous l&#8217;imaginez, quand il y a une cohabitation, c&#8217;est assez difficile de gouverner. Quand le pr\u00e9sident de la R\u00e9publique et le Premier ministre sont oppos\u00e9s, on a du mal \u00e0 faire adopter de nouvelles lois. C&#8217;est pour \u00e7a qu&#8217;en 2000, il y a eu une r\u00e9forme. Parce qu&#8217;avant 2000, le pr\u00e9sident \u00e9tait \u00e9lu pour sept ans et les d\u00e9put\u00e9s \u00e9taient \u00e9lus pour cinq ans. Donc, Les \u00e9lections n&#8217;\u00e9taient pas vraiment align\u00e9es et parfois, les Fran\u00e7ais \u00e9lisaient un pr\u00e9sident. Deux ans plus tard, il y avait les \u00e9lections l\u00e9gislatives et comme les Fran\u00e7ais \u00e9taient d\u00e9j\u00e0 d\u00e9\u00e7us de ce pr\u00e9sident, ils votaient contre lui pour un parti de l&#8217;opposition, ce qui donnait une cohabitation. Donc, pour \u00e9viter ces situations et pour permettre de gouverner plus facilement, on a d\u00e9cid\u00e9 en 2000 que le Pr\u00e9sident serait \u00e9lu pour cinq ans, pour un quinquennat, comme les d\u00e9put\u00e9s. Donc, ce qui se passe, c&#8217;est qu&#8217;il y a les \u00e9lections pr\u00e9sidentielles et deux mois plus tard, il me semble, il y a les \u00e9lections l\u00e9gislatives. Donc, pendant ce d\u00e9lai, les Fran\u00e7ais, g\u00e9n\u00e9ralement, n&#8217;ont pas eu le temps de changer d&#8217;avis. Ils sont coh\u00e9rents, donc ils votent pour le parti du pr\u00e9sident qu&#8217;ils ont \u00e9lu, ce qui permet au pr\u00e9sident de se gouverner plus facilement.<\/p>\n\n\n\n<p><a id=\"sonaar_ts-6927c8faa6ae6\" class=\"srmp3_sonaar_ts_shortcode\"  style=\"\" href=\"javascript:sonaar_ts_shortcode({ trackid:'0', time:'00:15:51', ts_id:'6927c8faa6ae6', play_icon:'' }) ;\">[00:15:51]<\/a> &#8211; Ingrid<\/p>\n\n\n\n<p>Depuis 2000, on a eu plusieurs \u00e9lections et pratiquement \u00e0 chaque fois, cette th\u00e9orie a \u00e9t\u00e9 valid\u00e9e. En 2002, les \u00e9lections l\u00e9gislatives ont donn\u00e9 une majorit\u00e9 au r\u00e9sident Jacques Chirac. Dans ce cas-l\u00e0, on dit que c&#8217;est donc une majorit\u00e9 pr\u00e9sidentielle. Puis apr\u00e8s, en 2007, Nicolas Sarkozy a aussi eu une majorit\u00e9 pr\u00e9sidentielle. En 2012, c&#8217;\u00e9tait Fran\u00e7ois Hollande. En 2017, Emmanuel Macron a aussi eu le droit \u00e0 sa majorit\u00e9 pr\u00e9sidentielle. Et puis, patatras.<\/p>\n\n\n\n<p><a id=\"sonaar_ts-6927c8faa6aee\" class=\"srmp3_sonaar_ts_shortcode\"  style=\"\" href=\"javascript:sonaar_ts_shortcode({ trackid:'0', time:'00:16:28', ts_id:'6927c8faa6aee', play_icon:'' }) ;\">[00:16:38]<\/a> &#8211; Hugo<\/p>\n\n\n\n<p>Patatras, ouais. En 2022, \u00e7a a \u00e9t\u00e9 plus compliqu\u00e9 parce que le parti d&#8217;Emmanuel Macron a obtenu une majorit\u00e9 relative et pas une majorit\u00e9 absolue. Donc, pour pouvoir faire passer ces lois, le parti pr\u00e9sidentiel, \u00e0 l&#8217;Assembl\u00e9e, \u00e9tait oblig\u00e9 de faire des alliances avec d&#8217;autres partis en fonction des lois qu&#8217;il proposait.<\/p>\n\n\n\n<p><a id=\"sonaar_ts-6927c8faa6af7\" class=\"srmp3_sonaar_ts_shortcode\"  style=\"\" href=\"javascript:sonaar_ts_shortcode({ trackid:'0', time:'00:16:52', ts_id:'6927c8faa6af7', play_icon:'' }) ;\">[00:16:52]<\/a> &#8211; Ingrid<\/p>\n\n\n\n<p>Oui, donc Emmanuel Macron a commenc\u00e9 son dernier mandat en \u00e9tant tr\u00e8s faible parce que les partis d&#8217;opposition, notamment, \u00e9taient tr\u00e8s \u00e9nerv\u00e9s contre lui et c&#8217;\u00e9tait compliqu\u00e9 pour lui de r\u00e9ussir \u00e0 avoir une majorit\u00e9. Et \u00e7a, c&#8217;est important pour comprendre comment on en est arriv\u00e9 l\u00e0.<\/p>\n\n\n\n<p><a id=\"sonaar_ts-6927c8faa6b18\" class=\"srmp3_sonaar_ts_shortcode\"  style=\"\" href=\"javascript:sonaar_ts_shortcode({ trackid:'0', time:'00:17:16', ts_id:'6927c8faa6b18', play_icon:'' }) ;\">[00:17:16]<\/a> &#8211; Hugo<\/p>\n\n\n\n<p>Alors, dans la premi\u00e8re partie, on vous a expliqu\u00e9 les m\u00e9canismes qui permettent au syst\u00e8me politique de s&#8217;\u00e9quilibrer. Maintenant, on va voir comment cet \u00e9quilibre a \u00e9t\u00e9 rompu, comment le syst\u00e8me politique a \u00e9t\u00e9 d\u00e9s\u00e9quilibr\u00e9 au cours des 15 derni\u00e8res ann\u00e9es.<\/p>\n\n\n\n<p><a id=\"sonaar_ts-6927c8faa6b21\" class=\"srmp3_sonaar_ts_shortcode\"  style=\"\" href=\"javascript:sonaar_ts_shortcode({ trackid:'0', time:'00:17:35', ts_id:'6927c8faa6b21', play_icon:'' }) ;\">[00:17:35]<\/a> &#8211; Ingrid<\/p>\n\n\n\n<p>Alors, on vous en a d\u00e9j\u00e0 beaucoup parl\u00e9, mais Emmanuel Macron, il est arriv\u00e9 au pouvoir avec une th\u00e9orie, on va dire, du \u00ab ni-ni \u00bb, c&#8217;est-\u00e0-dire ni de droite ni de gauche. \u00c7a, c&#8217;\u00e9tait en 2017. Il est arriv\u00e9 \u00e0 un moment o\u00f9 dans la politique fran\u00e7aise, il y avait un peu un rejet du syst\u00e8me habituel o\u00f9 on avait un gros parti \u00e0 gauche, le Parti Socialiste, et un autre gros parti \u00e0 droite, c&#8217;\u00e9tait l&#8217;UMP, non, c&#8217;\u00e9tait les R\u00e9publicains. En gros, c&#8217;est un parti de droite qui d\u00e9fend une \u00e9conomie lib\u00e9rale et qui sont plut\u00f4t conservateurs au niveau social. \u00c7a, c&#8217;est le syst\u00e8me habituel qui favorisait l&#8217;alternance, c&#8217;est-\u00e0-dire qu&#8217;un coup, on avait un gouvernement d&#8217;un de ses partis et puis, quand les Fran\u00e7ais \u00e9taient d\u00e9\u00e7us, hop, on avait un gouvernement de l&#8217;autre parti. Emmanuel Macron est arriv\u00e9 et il a dit : \u00ab C&#8217;est fini, moi, je ne suis ni de l&#8217;un ni de l&#8217;autre \u00bb.<\/p>\n\n\n\n<p><a id=\"sonaar_ts-6927c8faa6b29\" class=\"srmp3_sonaar_ts_shortcode\"  style=\"\" href=\"javascript:sonaar_ts_shortcode({ trackid:'0', time:'00:18:40', ts_id:'6927c8faa6b29', play_icon:'' }) ;\">[00:18:40]<\/a> &#8211; Hugo<\/p>\n\n\n\n<p>Exactement. Il est arriv\u00e9 au bon endroit au bon moment parce que, comme tu viens de le dire, les Fran\u00e7ais commen\u00e7aient \u00e0 en avoir marre de cette alternance. Ils avaient \u00e9t\u00e9 d\u00e9\u00e7us \u00e0 la fois par la gauche et par la droite. Donc Emmanuel Macron a dit : \u00ab Ce syst\u00e8me, c&#8217;est du pass\u00e9, \u00e7a ne fonctionne pas. Moi, je vais gouverner avec tout le monde \u00bb. Donc, on peut dire soit ni la gauche ni la droite, soit \u00e0 la fois la gauche, \u00e0 la fois la droite. Sachant qu&#8217;Emmanuel Macron \u00e9tait devenu Ministre dans le gouvernement de Fran\u00e7ois Hollande, donc plut\u00f4t du Parti socialiste, on s&#8217;attendait \u00e0 ce qu&#8217;il soit plut\u00f4t de gauche, mais bon finalement, on peut dire qu&#8217;il a retourn\u00e9 sa veste ?<\/p>\n\n\n\n<p><a id=\"sonaar_ts-6927c8faa6b32\" class=\"srmp3_sonaar_ts_shortcode\"  style=\"\" href=\"javascript:sonaar_ts_shortcode({ trackid:'0', time:'00:19:23', ts_id:'6927c8faa6b32', play_icon:'' }) ;\">[00:19:23]<\/a> &#8211; Ingrid<\/p>\n\n\n\n<p>Je mettrais un peu d&#8217;eau dans mon vin, c&#8217;est-\u00e0-dire que &#8220;mettre un petit peu de&#8221;&#8230; Comment on pourrait expliquer ? &#8220;Mettre de l&#8217;eau dans son vin&#8221;, \u00e7a veut dire att\u00e9nuer un peu le propos. Je pense qu&#8217;en fait, certains s&#8217;attendaient \u00e0 ce qu&#8217;Emmanuel Macron soit plut\u00f4t de gauche parce qu&#8217;il voyait son c\u00f4t\u00e9 jeune, progressiste, qui a fait partie d&#8217;un gouvernement socialiste. Mais il y en a d&#8217;autres qui voyaient plut\u00f4t son c\u00f4t\u00e9 banquier, qui favorise l&#8217;\u00e9conomie lib\u00e9rale, qui est en tr\u00e8s bons termes avec les chefs d&#8217;entreprises. Donc, finalement, il donnait un peu de l&#8217;espoir \u00e0 tout le monde. Et c&#8217;est pour \u00e7a que dans son gouvernement, dans son groupe majoritaire \u00e0 l&#8217;Assembl\u00e9e, il y avait des d\u00e9put\u00e9s qui venaient en fait d&#8217;un peu partout : des anciens du Parti Socialiste, des anciens du Parti Les R\u00e9publicains. Et tout le monde croyait un peu \u00e0 ce projet, m\u00eame si ce projet n&#8217;\u00e9tait pas tr\u00e8s clair puisque comme il n&#8217;avait jamais gouvern\u00e9, on ne savait pas vraiment o\u00f9 il voulait aller. C&#8217;\u00e9tait un peu comme un gourou, on peut dire, qui avait une \u00e9nergie folle, qui a \u00e9t\u00e9 hyper populaire, mais on ne savait pas vraiment o\u00f9 on allait.<\/p>\n\n\n\n<p><a id=\"sonaar_ts-6927c8faa6b3c\" class=\"srmp3_sonaar_ts_shortcode\"  style=\"\" href=\"javascript:sonaar_ts_shortcode({ trackid:'0', time:'00:20:40', ts_id:'6927c8faa6b3c', play_icon:'' }) ;\">[00:20:40]<\/a> &#8211; Hugo<\/p>\n\n\n\n<p>Effectivement. En tout cas, ce qu&#8217;on peut dire, c&#8217;est que sa strat\u00e9gie a fonctionn\u00e9 pour son premier mandat. Le parti qu&#8217;il a cr\u00e9\u00e9 en quelques ann\u00e9es, qui s&#8217;appelait La R\u00e9publique En Marche \u00e0 l&#8217;\u00e9poque, a obtenu une majorit\u00e9 absolue \u00e0 l&#8217;Assembl\u00e9e. Il a pu gouverner comme il voulait, faire passer toutes ces lois. Et \u00e0 c\u00f4t\u00e9, le Parti socialiste et les R\u00e9publicains ont \u00e9t\u00e9 totalement lamin\u00e9s. Ils ont continu\u00e9 de perdre des \u00e9lecteurs et d&#8217;\u00eatre tr\u00e8s fragilis\u00e9s. La preuve, c&#8217;est qu&#8217;aux \u00e9lections pr\u00e9sidentielles de 2022, donc aux derni\u00e8res \u00e9lections pr\u00e9sidentielles, le Parti des R\u00e9publicains est arriv\u00e9 cinqui\u00e8me et le Parti socialiste, dixi\u00e8me. Donc, les deux partis qui \u00e9taient les partis traditionnels qui alternaient au pouvoir se sont trouv\u00e9s compl\u00e8tement rel\u00e9gu\u00e9es et c&#8217;est le parti d&#8217;Emmanuel Macron qui a pris tout le pouvoir.<\/p>\n\n\n\n<p><a id=\"sonaar_ts-6927c8faa6b4b\" class=\"srmp3_sonaar_ts_shortcode\"  style=\"\" href=\"javascript:sonaar_ts_shortcode({ trackid:'0', time:'00:21:34', ts_id:'6927c8faa6b4b', play_icon:'' }) ;\">[00:21:34]<\/a> &#8211; Ingrid<\/p>\n\n\n\n<p>Donc \u00e7a, c&#8217;est pour expliquer comment Emmanuel Macron a \u00e9t\u00e9 \u00e9lu la premi\u00e8re fois. Et alors, comment \u00e7a s&#8217;est pass\u00e9 ensuite, une fois qu&#8217;il a \u00e9t\u00e9 \u00e9lu ? Bah finalement, \u00e7a ne s&#8217;est pas aussi bien pass\u00e9 qu&#8217;il voulait. Pendant les cinq ann\u00e9es de son premier mandat, il y a eu beaucoup de d\u00e9sillusions. Beaucoup de personnes ont \u00e9t\u00e9 d\u00e9\u00e7ues parce que finalement, il n&#8217;a pas r\u00e9ussi \u00e0 mettre tout le monde d&#8217;accord. Il a eu beaucoup d&#8217;opposition. \u00c7a, on pourrait en parler pendant longtemps, mais on peut citer, par exemple, l&#8217;exemple des gilets jaunes dont vous avez entendu parler, qui se sont oppos\u00e9s \u00e0 lui et qui ont \u00e9t\u00e9 violemment r\u00e9prim\u00e9s pendant les manifestations. \u00c7a, \u00e7a a donn\u00e9 l&#8217;image que finalement, Emmanuel Macron n&#8217;\u00e9tait pas l&#8217;homme providentiel qui pouvait r\u00e9concilier tout le monde. Et il a commenc\u00e9 \u00e0 \u00eatre d\u00e9test\u00e9.<\/p>\n\n\n\n<p><a id=\"sonaar_ts-6927c8faa6b55\" class=\"srmp3_sonaar_ts_shortcode\"  style=\"\" href=\"javascript:sonaar_ts_shortcode({ trackid:'0', time:'00:22:30', ts_id:'6927c8faa6b55', play_icon:'' }) ;\">[00:22:30]<\/a> &#8211; Hugo<\/p>\n\n\n\n<p>Et c&#8217;est vrai que cette strat\u00e9gie du ni-ni, elle est \u00e0 double tranchant parce que soit on peut se dire : \u00ab je vais r\u00e9ussir \u00e0 convaincre \u00e0 la fois les gens de gauche et les gens de droite \u00bb, ou au contraire : \u00ab je vais d\u00e9cevoir et les gens de gauche et les gens de droite \u00bb. Bon Emmanuel Macron, il a principalement d\u00e9\u00e7u les \u00e9lecteurs de gauche parce qu&#8217;au niveau social, il n&#8217;a vraiment rien fait pendant ce premier mandat. Mais parmi les \u00e9lecteurs de droite, tout le monde n&#8217;\u00e9tait pas non plus totalement satisfait des mesures qu&#8217;il a adopt\u00e9es. Donc, apr\u00e8s son premier mandat, il a \u00e9t\u00e9 fragilis\u00e9. Il s&#8217;est retrouv\u00e9 dans une position un peu plus compliqu\u00e9e au moment de sa r\u00e9\u00e9lection.<\/p>\n\n\n\n<p><a id=\"sonaar_ts-6927c8faa6b5e\" class=\"srmp3_sonaar_ts_shortcode\"  style=\"\" href=\"javascript:sonaar_ts_shortcode({ trackid:'0', time:'00:23:10', ts_id:'6927c8faa6b5e', play_icon:'' }) ;\">[00:23:10]<\/a> &#8211; Ingrid<\/p>\n\n\n\n<p>Et oui, parce que comme on vous le disait, lors de sa deuxi\u00e8me r\u00e9\u00e9lection, Emmanuel Macron n&#8217;a pas eu la majorit\u00e9 absolue \u00e9lu \u00e0 l&#8217;Assembl\u00e9e. Ce qui fait que pendant deux ans, entre 2022 et 2024, il a eu des grosses difficult\u00e9s \u00e0 gouverner. Pour chaque loi, le gouvernement devait trouver une majorit\u00e9 en n\u00e9gociant avec d&#8217;autres partis. Parfois, \u00e7a a fonctionn\u00e9. Par exemple, la loi Immigration a \u00e9t\u00e9 vot\u00e9e avec le Rassemblement National, mais la majorit\u00e9 du temps, ce n&#8217;\u00e9tait pas possible. Alors l\u00e0, c&#8217;est \u00e0 ce moment-l\u00e0 que le camp macroniste a utilis\u00e9 un article de la Constitution qui est tr\u00e8s contest\u00e9.<\/p>\n\n\n\n<p><a id=\"sonaar_ts-6927c8faa6b75\" class=\"srmp3_sonaar_ts_shortcode\"  style=\"\" href=\"javascript:sonaar_ts_shortcode({ trackid:'0', time:'00:23:53', ts_id:'6927c8faa6b75', play_icon:'' }) ;\">[00:23:53]<\/a> &#8211; Hugo<\/p>\n\n\n\n<p>Oui, il a utilis\u00e9 son arme secr\u00e8te, c&#8217;est l&#8217;article 49.3 de la Constitution, le fameux 49.3, dont on a beaucoup parl\u00e9 dans les m\u00e9dias, parce que le Parti pr\u00e9sidentiel l&#8217;a \u00e9norm\u00e9ment utilis\u00e9, comme tu l&#8217;as dit, Ingrid. C&#8217;est un article qui permet de faire passer une loi, de faire adopter une loi sans qu&#8217;elle soit vot\u00e9e \u00e0 l&#8217;Assembl\u00e9e. Donc c&#8217;est assez dangereux parce que si le Parti en abuse, s&#8217;il l&#8217;utilise trop, l&#8217;Assembl\u00e9e peut d\u00e9cider de voter une motion de censure contre le gouvernement, comme on vous l&#8217;a dit. Mais l\u00e0, \u00e0 l&#8217;Assembl\u00e9e nationale, les partis d&#8217;opposition n&#8217;ont jamais r\u00e9ussi \u00e0 \u00eatre suffisamment nombreux pour faire voter une motion de censure. Donc, le Parti pr\u00e9sidentiel a pu faire adopter toutes ces lois, notamment celles sur la r\u00e9forme des retraites qui a \u00e9t\u00e9 \u00e9norm\u00e9ment contest\u00e9e en France en utilisant ce fameux 49.3..<\/p>\n\n\n\n<p><a id=\"sonaar_ts-6927c8faa6b80\" class=\"srmp3_sonaar_ts_shortcode\"  style=\"\" href=\"javascript:sonaar_ts_shortcode({ trackid:'0', time:'00:24:49', ts_id:'6927c8faa6b80', play_icon:'' }) ;\">[00:24:49]<\/a> &#8211; Ingrid<\/p>\n\n\n\n<p>Oui, parce que juste pour pr\u00e9ciser, dans la derni\u00e8re Assembl\u00e9e entre 2022 et 2024, m\u00eame si Emmanuel Macron n&#8217;avait pas eu une majorit\u00e9 avec lui, il n&#8217;avait pas non plus une majorit\u00e9 contre lui \u00e0 tel point qu&#8217;ils voulaient faire tomber le gouvernement. Parfois, le Rassemblement National votait une motion de censure, mais la gauche ne voulait pas voter avec eux. Parfois, c&#8217;\u00e9tait la gauche qui votait, mais pas le Rassemblement National. Et en g\u00e9n\u00e9ral, les quelques d\u00e9put\u00e9s de droite traditionnelle ne voulaient pas mettre le chaos, donc ils avaient tendance \u00e0 dire : \u00ab Non, on garde le m\u00eame gouvernement, m\u00eame si on ne l&#8217;aime pas \u00bb.<\/p>\n\n\n\n<p><a id=\"sonaar_ts-6927c8faa6b8b\" class=\"srmp3_sonaar_ts_shortcode\"  style=\"\" href=\"javascript:sonaar_ts_shortcode({ trackid:'0', time:'00:25:29', ts_id:'6927c8faa6b8b', play_icon:'' }) ;\">[00:25:29]<\/a> &#8211; Hugo<\/p>\n\n\n\n<p>Donc, vous l&#8217;avez compris, Emmanuel Macron et son parti se sont retrouv\u00e9s dans une position un peu d\u00e9licate. Et toute cette col\u00e8re qui s&#8217;est accumul\u00e9e au fil des ann\u00e9es, elle a favoris\u00e9 les partis d&#8217;opposition, en particulier le Rassemblement National, le parti d&#8217;extr\u00eame droite qui, avant, s&#8217;appelait le Front National, dont on vous a d\u00e9j\u00e0 beaucoup parl\u00e9 dans le podcast, dont le leader est Marine Le Pen et le pr\u00e9sident est Jordan Bardella. Au cours des derni\u00e8res ann\u00e9es, le Rassemblement National n&#8217;a cess\u00e9 de gagner du terrain.<\/p>\n\n\n\n<p><a id=\"sonaar_ts-6927c8faa6b93\" class=\"srmp3_sonaar_ts_shortcode\"  style=\"\" href=\"javascript:sonaar_ts_shortcode({ trackid:'0', time:'00:26:04', ts_id:'6927c8faa6b93', play_icon:'' }) ;\">[00:26:04]<\/a> &#8211; Ingrid<\/p>\n\n\n\n<p>Alors, il y a plein de choses qui expliquent pourquoi l&#8217;extr\u00eame droite gagne du terrain. La France n&#8217;est pas un cas isol\u00e9. Je suis s\u00fbre que parmi nos auditeurs, beaucoup comprennent cette situation. Mais disons qu&#8217;une partie des raisons sont li\u00e9es \u00e0 la mani\u00e8re de pr\u00e9sider d&#8217;Emmanuel Macron. Attention, je dis bien que ce n&#8217;est pas le seul coupable, sinon on va nous tomber dessus dans les commentaires, mais lui, il voulait \u00eatre un rempart contre le Rassemblement National, mais finalement, il a permis que ce parti monte et monte pendant que lui gouvernait.<\/p>\n\n\n\n<p><a id=\"sonaar_ts-6927c8faa6ba1\" class=\"srmp3_sonaar_ts_shortcode\"  style=\"\" href=\"javascript:sonaar_ts_shortcode({ trackid:'0', time:'00:26:46', ts_id:'6927c8faa6ba1', play_icon:'' }) ;\">[00:26:46]<\/a> &#8211; Hugo<\/p>\n\n\n\n<p>Oui, parce que la mont\u00e9e de l&#8217;extr\u00eame droite en France a commenc\u00e9 bien avant qu&#8217;Emmanuel Macron n&#8217;arrive sur la sc\u00e8ne politique. En 2002, d\u00e9j\u00e0, \u00e7a avait \u00e9t\u00e9 un choc quand Jean-Marie Le Pen s&#8217;\u00e9tait retrouv\u00e9 au deuxi\u00e8me tour de l&#8217;\u00e9lection pr\u00e9sidentielle. Mais l\u00e0, depuis les ann\u00e9es Macron, on peut dire que cette tendance s&#8217;est acc\u00e9l\u00e9r\u00e9e.<\/p>\n\n\n\n<p><a id=\"sonaar_ts-6927c8faa6baa\" class=\"srmp3_sonaar_ts_shortcode\"  style=\"\" href=\"javascript:sonaar_ts_shortcode({ trackid:'0', time:'00:27:07', ts_id:'6927c8faa6baa', play_icon:'' }) ;\">[00:27:07]<\/a> &#8211; Ingrid<\/p>\n\n\n\n<p>Si bien que cette ann\u00e9e, on a eu une \u00e9lection tr\u00e8s importante, enfin pas si importante d&#8217;habitude, mais l\u00e0, elle a beaucoup compt\u00e9, c&#8217;est les \u00e9lections europ\u00e9ennes pendant lesquelles c&#8217;\u00e9tait Jordan Bardella qui \u00e9tait le num\u00e9ro un de la liste. Et pendant la campagne, on vous en a parl\u00e9 dans un \u00e9pisode, le Rassemblement National disait que ces \u00e9lections permettraient de montrer quelle est l&#8217;opinion des Fran\u00e7ais sur la politique nationale, ce qui fait que quand le r\u00e9sultat est tomb\u00e9, eh bah \u00e7a a \u00e9t\u00e9 tr\u00e8s important en France.<\/p>\n\n\n\n<p><a id=\"sonaar_ts-6927c8faa6bb2\" class=\"srmp3_sonaar_ts_shortcode\"  style=\"\" href=\"javascript:sonaar_ts_shortcode({ trackid:'0', time:'00:27:47', ts_id:'6927c8faa6bb2', play_icon:'' }) ;\">[00:27:47]<\/a> &#8211; Hugo<\/p>\n\n\n\n<p>Oui, \u00e7a a \u00e9t\u00e9 une sorte d&#8217;\u00e9lectrochoc, on pourrait dire, parce que c&#8217;est le Rassemblement National qui est arriv\u00e9 premier aux \u00e9lections europ\u00e9ennes, avec plus de 30% des voix, ce qui \u00e9tait le double du score du parti d&#8217;Emmanuel Macron. Donc l\u00e0, \u00e7a a \u00e9t\u00e9 une v\u00e9ritable claque.<\/p>\n\n\n\n<p><a id=\"sonaar_ts-6927c8faa6bba\" class=\"srmp3_sonaar_ts_shortcode\"  style=\"\" href=\"javascript:sonaar_ts_shortcode({ trackid:'0', time:'00:28:07', ts_id:'6927c8faa6bba', play_icon:'' }) ;\">[00:28:07]<\/a> &#8211; Ingrid<\/p>\n\n\n\n<p>Et le 9 juin, juste apr\u00e8s l&#8217;annonce des r\u00e9sultats, Jordan Bardella a fait un discours et dans son discours, il a appel\u00e9 Emmanuel Macron \u00e0 organiser de nouvelles \u00e9lections l\u00e9gislatives pour que l&#8217;Assembl\u00e9e repr\u00e9sente mieux les choix des Fran\u00e7ais.<\/p>\n\n\n\n<p><a id=\"sonaar_ts-6927c8faa6bc3\" class=\"srmp3_sonaar_ts_shortcode\"  style=\"\" href=\"javascript:sonaar_ts_shortcode({ trackid:'0', time:'00:28:26', ts_id:'6927c8faa6bc3', play_icon:'' }) ;\">[00:28:26]<\/a> &#8211; Hugo<\/p>\n\n\n\n<p>Oui, et ce n&#8217;\u00e9tait pas la premi\u00e8re fois parce que m\u00eame pendant la campagne, m\u00eame avant le r\u00e9sultat des \u00e9lections, le RN a fait de ces \u00e9lections europ\u00e9ennes des \u00e9lections nationales en disant qu&#8217;elles allaient permettre au peuple fran\u00e7ais de s&#8217;exprimer et que s&#8217;il gagnait, eh bien il faudrait dissoudre l&#8217;Assembl\u00e9e et organiser de nouvelles \u00e9lections.<\/p>\n\n\n\n<p><a id=\"sonaar_ts-6927c8faa6bcc\" class=\"srmp3_sonaar_ts_shortcode\"  style=\"\" href=\"javascript:sonaar_ts_shortcode({ trackid:'0', time:'00:28:49', ts_id:'6927c8faa6bcc', play_icon:'' }) ;\">[00:28:49]<\/a> &#8211; Ingrid<\/p>\n\n\n\n<p>Et qu&#8217;est ce qu&#8217;a fait Emmanuel Macron face \u00e0 cette demande ? On vous en parle dans la troisi\u00e8me partie.<\/p>\n\n\n\n<p><a id=\"sonaar_ts-6927c8faa6bd6\" class=\"srmp3_sonaar_ts_shortcode\"  style=\"\" href=\"javascript:sonaar_ts_shortcode({ trackid:'0', time:'00:29:02', ts_id:'6927c8faa6bd6', play_icon:'' }) ;\">[00:29:02]<\/a> &#8211; Hugo<\/p>\n\n\n\n<p>Alors, personne ne pensait qu&#8217;Emmanuel Macron allait \u00e9couter les consignes du Rassemblement National, mais le 9 juin, apr\u00e8s les r\u00e9sultats des \u00e9lections europ\u00e9ennes, il a bel et bien d\u00e9cid\u00e9 de dissoudre l&#8217;Assembl\u00e9e. Et \u00e7a, \u00e7a a surpris tout le monde, m\u00eame dans son propre camp, personne ne s&#8217;attendait \u00e0 cette d\u00e9cision.<\/p>\n\n\n\n<p><a id=\"sonaar_ts-6927c8faa6be4\" class=\"srmp3_sonaar_ts_shortcode\"  style=\"\" href=\"javascript:sonaar_ts_shortcode({ trackid:'0', time:'00:29:24', ts_id:'6927c8faa6be4', play_icon:'' }) ;\">[00:29:24]<\/a> &#8211; Ingrid<\/p>\n\n\n\n<p>Le plus surprenant dans son annonce, \u00e7a a \u00e9t\u00e9 que les \u00e9lections allaient avoir lieu trois semaines plus tard. Il a laiss\u00e9 deux jours aux \u00e9lecteurs pour s&#8217;inscrire sur les listes \u00e9lectorales, pour ceux qui n&#8217;\u00e9taient pas encore inscrits, et il a laiss\u00e9 une semaine aux partis pour d\u00e9poser les candidatures.<\/p>\n\n\n\n<p><a id=\"sonaar_ts-6927c8faa6bf9\" class=\"srmp3_sonaar_ts_shortcode\"  style=\"\" href=\"javascript:sonaar_ts_shortcode({ trackid:'0', time:'00:29:43', ts_id:'6927c8faa6bf9', play_icon:'' }) ;\">[00:29:43]<\/a> &#8211; Hugo<\/p>\n\n\n\n<p>Donc, tout le monde s&#8217;est demand\u00e9 pourquoi il avait fait \u00e7a et il y a deux th\u00e9ories, deux sc\u00e9narios qui pourraient l&#8217;expliquer. La premi\u00e8re th\u00e9orie, c&#8217;est qu&#8217;Emmanuel Macron pensait que les \u00e9lecteurs feraient encore une fois barrage, qu&#8217;ils allaient soutenir, qu&#8217;ils allaient voter massivement pour son parti pour emp\u00eacher le Rassemblement National de gagner ses \u00e9lections l\u00e9gislatives. Et la deuxi\u00e8me th\u00e9orie, c&#8217;\u00e9tait que si le Rassemblement National gagnait les \u00e9lections l\u00e9gislatives, \u00e0 ce moment-l\u00e0, il aurait nomm\u00e9 Jordan Bardella, Premier ministre. Et comme il est persuad\u00e9 que le Rassemblement National n&#8217;est pas capable de gouverner, qu&#8217;il n&#8217;a ni l&#8217;exp\u00e9rience ni les comp\u00e9tences, \u00e7a aurait prouv\u00e9 son incapacit\u00e9 \u00e0 gouverner et \u00e7a l&#8217;aurait renforc\u00e9, lui, Emmanuel Macron et son parti, pour les prochaines \u00e9lections pr\u00e9sidentielles.<\/p>\n\n\n\n<p><a id=\"sonaar_ts-6927c8faa6c02\" class=\"srmp3_sonaar_ts_shortcode\"  style=\"\" href=\"javascript:sonaar_ts_shortcode({ trackid:'0', time:'00:30:39', ts_id:'6927c8faa6c02', play_icon:'' }) ;\">[00:30:39]<\/a> &#8211; Ingrid<\/p>\n\n\n\n<p>Mais malheureusement pour lui, son plan n&#8217;a pas du tout fonctionn\u00e9.<\/p>\n\n\n\n<p><a id=\"sonaar_ts-6927c8faa6c0e\" class=\"srmp3_sonaar_ts_shortcode\"  style=\"\" href=\"javascript:sonaar_ts_shortcode({ trackid:'0', time:'00:30:44', ts_id:'6927c8faa6c0e', play_icon:'' }) ;\">[00:30:44]<\/a> &#8211; Hugo<\/p>\n\n\n\n<p>Alors, on imagine que vous avez s\u00fbrement d\u00e9j\u00e0 vu les r\u00e9sultats des l\u00e9gislatives. Donc, il n&#8217;y a pas de suspense. On ne va pas faire durer le suspense. Le Rassemblement National est finalement arriv\u00e9 troisi\u00e8me et c&#8217;est la gauche, c&#8217;est le Parti du Nouveau Front populaire qui a remport\u00e9 ces \u00e9lections. Et le Parti d&#8217;Emmanuel Macron, le Parti pr\u00e9sidentiel est arriv\u00e9 deuxi\u00e8me.<\/p>\n\n\n\n<p><a id=\"sonaar_ts-6927c8faa6c16\" class=\"srmp3_sonaar_ts_shortcode\"  style=\"\" href=\"javascript:sonaar_ts_shortcode({ trackid:'0', time:'00:31:08', ts_id:'6927c8faa6c16', play_icon:'' }) ;\">[00:31:08]<\/a> &#8211; Ingrid<\/p>\n\n\n\n<p>Alors, il y a trois choses qui expliquent ce r\u00e9sultat. La premi\u00e8re, et \u00e7a, \u00e7a a \u00e9t\u00e9 s\u00fbrement une grosse surprise pour Emmanuel Macron, c&#8217;est qu&#8217;\u00e0 peine la dissolution annonc\u00e9e, les partis de gauche se sont r\u00e9unis et ils ont d\u00e9cid\u00e9 tr\u00e8s rapidement de former une coalition. Ils ont appel\u00e9 leur coalition Nouveau Front populaire, ce qui est un gros symbole parce que c&#8217;est une r\u00e9f\u00e9rence au Front populaire qui avait r\u00e9ussi \u00e0 gagner les \u00e9lections en 1936. Et puis, apr\u00e8s \u00e7a, ils ont m\u00eame r\u00e9ussi \u00e0 pr\u00e9senter un programme commun assez complet.<\/p>\n\n\n\n<p><a id=\"sonaar_ts-6927c8faa6c1f\" class=\"srmp3_sonaar_ts_shortcode\"  style=\"\" href=\"javascript:sonaar_ts_shortcode({ trackid:'0', time:'00:31:46', ts_id:'6927c8faa6c1f', play_icon:'' }) ;\">[00:31:46]<\/a> &#8211; Hugo<\/p>\n\n\n\n<p>Oui, et c&#8217;est vrai qu&#8217;autant pour les \u00e9lections pr\u00e9sidentielles, on ne s&#8217;int\u00e9resse pas beaucoup au programme, on vote plut\u00f4t pour une personne, si on aime bien sa t\u00eate ou pas. Autant l\u00e0, pour les \u00e9lections l\u00e9gislatives, les discussions, les d\u00e9bats concernaient principalement les programmes et le NFP, le Nouveau Front populaire a r\u00e9ussi \u00e0 proposer rapidement un programme concret et relativement clair, m\u00eame si c&#8217;est vrai que ce programme a \u00e9t\u00e9 tr\u00e8s critiqu\u00e9, notamment sur le plan \u00e9conomique, parce qu&#8217;il pr\u00e9sentait une rupture radicale avec la politique \u00e9conomique men\u00e9e jusqu&#8217;ici. En gros, beaucoup d&#8217;\u00e9conomistes plut\u00f4t lib\u00e9raux disaient que ce programme \u00e9tait impossible \u00e0 financer.<\/p>\n\n\n\n<p><a id=\"sonaar_ts-6927c8faa6c2c\" class=\"srmp3_sonaar_ts_shortcode\"  style=\"\" href=\"javascript:sonaar_ts_shortcode({ trackid:'0', time:'00:32:32', ts_id:'6927c8faa6c2c', play_icon:'' }) ;\">[00:32:32]<\/a> &#8211; Ingrid<\/p>\n\n\n\n<p>Mais d&#8217;un autre c\u00f4t\u00e9, le Rassemblement National avait un programme plut\u00f4t bancal. Il s&#8217;est trouv\u00e9 qu&#8217;au fur et \u00e0 mesure des interviews, ils n&#8217;\u00e9taient pas capables d&#8217;expliquer leurs mesures et ils n&#8217;ont pas arr\u00eat\u00e9 de r\u00e9trop\u00e9daler, c&#8217;est-\u00e0-dire de faire marche arri\u00e8re de dire : \u00ab on va faire \u00e7a \u00bb et le lendemain : \u00ab ah non, finalement, on ne va pas le faire \u00bb. Ce qui fait qu&#8217;entre les trois partis, un parti qui est d\u00e9j\u00e0 au pouvoir et qui, donc, ne peut pas vraiment pr\u00e9senter de programme parce qu&#8217;\u00e0 chaque fois, on lui dit : \u00ab bah pourquoi vous ne l&#8217;avez pas fait avant ?\u00bb, un parti qui a un programme assez clair et structur\u00e9 et un autre qui ne fait que de revenir en arri\u00e8re, bah finalement, \u00e0 la grande surprise d&#8217;Emmanuel Macron, dans les d\u00e9bats, la gauche a quand m\u00eame r\u00e9ussi \u00e0 bien s&#8217;en sortir.<\/p>\n\n\n\n<p><a id=\"sonaar_ts-6927c8faa6c34\" class=\"srmp3_sonaar_ts_shortcode\"  style=\"\" href=\"javascript:sonaar_ts_shortcode({ trackid:'0', time:'00:33:22', ts_id:'6927c8faa6c34', play_icon:'' }) ;\">[00:33:22]<\/a> &#8211; Hugo<\/p>\n\n\n\n<p>Oui. Et on pense aussi qu&#8217;Emmanuel Macron imaginait que les Fran\u00e7ais n&#8217;allaient pas beaucoup participer \u00e0 cette \u00e9lection, notamment parce que, comme tu l&#8217;as dit, il y avait seulement trois semaines de campagne et que la date du premier tour arrivait d\u00e9but juillet, autrement dit, au d\u00e9but des vacances. Et vous le savez, pour les Fran\u00e7ais, les vacances, c&#8217;est sacr\u00e9. De juillet \u00e0 ao\u00fbt, le pays fonctionne au ralenti. Donc Emmanuel Macron s&#8217;\u00e9tait peut-\u00eatre dit que les Fran\u00e7ais n&#8217;allaient pas beaucoup participer. Et souvent, quand le taux de participation est faible, \u00e7a peut profiter au parti pr\u00e9sidentiel. Mais comme on l&#8217;a dit, \u00e7a ne s&#8217;est pas du tout pass\u00e9 comme pr\u00e9vu. Les Fran\u00e7ais se sont d\u00e9plac\u00e9s massivement. Ils sont all\u00e9s voter aux urnes et il y a eu un tr\u00e8s bon taux de participation puisque deux tiers des Fran\u00e7ais ont vot\u00e9, alors qu&#8217;aux pr\u00e9c\u00e9dentes \u00e9lections l\u00e9gislatives, en 2022 et 2017, ils \u00e9taient moins de la moiti\u00e9, moins de la moiti\u00e9 des Fran\u00e7ais avaient vot\u00e9 aux \u00e9lections l\u00e9gislatives.<\/p>\n\n\n\n<p><a id=\"sonaar_ts-6927c8faa6c3d\" class=\"srmp3_sonaar_ts_shortcode\"  style=\"\" href=\"javascript:sonaar_ts_shortcode({ trackid:'0', time:'00:34:26', ts_id:'6927c8faa6c3d', play_icon:'' }) ;\">[00:34:26]<\/a> &#8211; Ingrid<\/p>\n\n\n\n<p>Du coup, le r\u00e9sultat, c&#8217;est qu&#8217;au premier tour, la gauche unie est pass\u00e9e devant le parti de Macron, qui s&#8217;est retrouv\u00e9 seulement troisi\u00e8me avec les deux autres loin devant lui. Donc, le Rassemblement National a eu 29,25%, le Nouveau Front populaire 27,99, donc on peut dire 29 et 28. Et ensuite, le parti d&#8217;Emmanuel Macron, derri\u00e8re 20% seulement.<\/p>\n\n\n\n<p><a id=\"sonaar_ts-6927c8faa6c47\" class=\"srmp3_sonaar_ts_shortcode\"  style=\"\" href=\"javascript:sonaar_ts_shortcode({ trackid:'0', time:'00:34:55', ts_id:'6927c8faa6c47', play_icon:'' }) ;\">[00:34:55]<\/a> &#8211; Hugo<\/p>\n\n\n\n<p>Mais attention, \u00e7a, c&#8217;est le r\u00e9sultat du premier tour. Or, on vous a dit qu&#8217;aux \u00e9lections l\u00e9gislatives, il y a deux tours. Et pour comprendre les r\u00e9sultats d\u00e9finitifs, il y a une petite particularit\u00e9 du syst\u00e8me fran\u00e7ais, comme on aime bien en imaginer. Et on va vous expliquer \u00e7a. C&#8217;est important de le comprendre pour comprendre les r\u00e9sultats de ces \u00e9lections l\u00e9gislatives.<\/p>\n\n\n\n<p><a id=\"sonaar_ts-6927c8faa6c53\" class=\"srmp3_sonaar_ts_shortcode\"  style=\"\" href=\"javascript:sonaar_ts_shortcode({ trackid:'0', time:'00:35:26', ts_id:'6927c8faa6c53', play_icon:'' }) ;\">[00:35:26]<\/a> &#8211; Ingrid<\/p>\n\n\n\n<p>Alors, accrochez-vous, c&#8217;est notre derni\u00e8re partie, mais elle est un peu technique, mais elle est quand m\u00eame tr\u00e8s importante. Alors, on vous explique. D\u00e9j\u00e0, vous avez remarqu\u00e9 s\u00fbrement qu&#8217;on dit l&#8217;\u00e9lection pr\u00e9sidentielle au singulier, mais on parle tout le temps de : &#8220;les \u00e9lections l\u00e9gislatives&#8221;, au pluriel. Pourquoi ? Parce qu&#8217;on n&#8217;a pas une \u00e9lection l\u00e9gislative, on en a 577 qui ont lieu le m\u00eame jour.<\/p>\n\n\n\n<p><a id=\"sonaar_ts-6927c8faa6c5c\" class=\"srmp3_sonaar_ts_shortcode\"  style=\"\" href=\"javascript:sonaar_ts_shortcode({ trackid:'0', time:'00:35:56', ts_id:'6927c8faa6c5c', play_icon:'' }) ;\">[00:35:56]<\/a> &#8211; Hugo<\/p>\n\n\n\n<p>Oui, parce qu&#8217;en fait, le pays est divis\u00e9 en 577 circonscriptions, donc des espaces g\u00e9ographiques dans lesquelles il y a \u00e0 chaque fois le m\u00eame nombre d&#8217;\u00e9lecteurs. Et dans chaque circonscription, on vote pour \u00e9lire un ou une candidate.<\/p>\n\n\n\n<p><a id=\"sonaar_ts-6927c8faa6c65\" class=\"srmp3_sonaar_ts_shortcode\"  style=\"\" href=\"javascript:sonaar_ts_shortcode({ trackid:'0', time:'00:36:13', ts_id:'6927c8faa6c65', play_icon:'' }) ;\">[00:36:13]<\/a> &#8211; Ingrid<\/p>\n\n\n\n<p>Donc, quand on va voter au moment des \u00e9lections l\u00e9gislatives, on vote pour le ou la d\u00e9put\u00e9e locale qui nous repr\u00e9sentera \u00e0 l&#8217;Assembl\u00e9e.<\/p>\n\n\n\n<p><a id=\"sonaar_ts-6927c8faa6c6d\" class=\"srmp3_sonaar_ts_shortcode\"  style=\"\" href=\"javascript:sonaar_ts_shortcode({ trackid:'0', time:'00:36:21', ts_id:'6927c8faa6c6d', play_icon:'' }) ;\">[00:36:21]<\/a> &#8211; Hugo<\/p>\n\n\n\n<p>Et comme on vous l&#8217;a dit, il y a deux tours. Au premier tour, il y a un nombre illimit\u00e9 de candidats dans chaque circonscription. En th\u00e9orie, il pourrait y avoir 150 candidats, alors qu&#8217;au deuxi\u00e8me tour, il y en a seulement entre deux et quatre.<\/p>\n\n\n\n<p><a id=\"sonaar_ts-6927c8faa6c76\" class=\"srmp3_sonaar_ts_shortcode\"  style=\"\" href=\"javascript:sonaar_ts_shortcode({ trackid:'0', time:'00:36:35', ts_id:'6927c8faa6c76', play_icon:'' }) ;\">[00:36:35]<\/a> &#8211; Ingrid<\/p>\n\n\n\n<p>\u00c7a fait qu&#8217;au premier tour, on vote pour qui on veut, pour le candidat qui repr\u00e9sente le parti qu&#8217;on aime le plus, mais au deuxi\u00e8me tour, on vote souvent pour le moins pire ou alors pour bloquer le candidat qu&#8217;on ne veut vraiment pas voir arriver \u00e0 l&#8217;Assembl\u00e9e nationale.<\/p>\n\n\n\n<p><a id=\"sonaar_ts-6927c8faa6c7e\" class=\"srmp3_sonaar_ts_shortcode\"  style=\"\" href=\"javascript:sonaar_ts_shortcode({ trackid:'0', time:'00:36:55', ts_id:'6927c8faa6c7e', play_icon:'' }) ;\">[00:36:55]<\/a> &#8211; Hugo<\/p>\n\n\n\n<p>Et avant ce mode de scrutin \u00e0 deux tours, il avait tendance \u00e0 favoriser les partis de gouvernement, au d\u00e9triment des petits partis qui avaient plus de mal \u00e0 faire \u00e9lire des d\u00e9put\u00e9s \u00e0 l&#8217;Assembl\u00e9e. Oui, parce que pour avoir des d\u00e9put\u00e9s, il faut non seulement avoir beaucoup d&#8217;\u00e9lecteurs qui adh\u00e8rent \u00e0 vos id\u00e9es, avoir beaucoup de partisans, mais il faut aussi ne pas avoir trop d&#8217;\u00e9lecteurs qui sont compl\u00e8tement contre vous. Parce que si vous avez trop d&#8217;\u00e9lecteurs qui vous d\u00e9testent, ils vont faire barrage au deuxi\u00e8me tour et votre candidat ne pourra pas \u00eatre \u00e9lu. C&#8217;est pour \u00e7a que pour un candidat communiste, par exemple, c&#8217;est tr\u00e8s difficile d&#8217;\u00eatre \u00e9lu et d&#8217;aller \u00e0 l&#8217;Assembl\u00e9e nationale.<\/p>\n\n\n\n<p><a id=\"sonaar_ts-6927c8faa6c86\" class=\"srmp3_sonaar_ts_shortcode\"  style=\"\" href=\"javascript:sonaar_ts_shortcode({ trackid:'0', time:'00:37:43', ts_id:'6927c8faa6c86', play_icon:'' }) ;\">[00:37:43]<\/a> &#8211; Ingrid<\/p>\n\n\n\n<p>Et donc l\u00e0, on arrive \u00e0 une derni\u00e8re explication qui montre pourquoi le Rassemblement national est arriv\u00e9 seulement troisi\u00e8me. C&#8217;est parce que dans beaucoup de cas, quand il y avait trois candidats pour le deuxi\u00e8me tour, il y a un candidat qui s&#8217;est retir\u00e9 pour que tous les \u00e9lecteurs, entre guillemets, r\u00e9publicains, en tout cas ceux qui sont contre l&#8217;extr\u00eame droite, puissent voter pour le m\u00eame candidat et faire donc barrage. &#8220;Barrage, je rappelle qu&#8217;on avait expliqu\u00e9 cette notion dans l&#8217;\u00e9pisode qu&#8217;on avait fait d\u00e9j\u00e0 en 2022.<\/p>\n\n\n\n<p><a id=\"sonaar_ts-6927c8faa6c95\" class=\"srmp3_sonaar_ts_shortcode\"  style=\"\" href=\"javascript:sonaar_ts_shortcode({ trackid:'0', time:'00:38:22', ts_id:'6927c8faa6c95', play_icon:'' }) ;\">[00:38:22]<\/a> &#8211; Hugo<\/p>\n\n\n\n<p>Oui, l&#8217;\u00e9pisode sur les castors, donc cet animal qui construit des barrages. Et on vous avait dit que certains Fran\u00e7ais en avaient marre d&#8217;\u00eatre pris pour des castors et de passer chaque \u00e9lection, de passer leur temps \u00e0 faire des barrages au lieu de vraiment voter pour le candidat qui repr\u00e9sente leurs id\u00e9es. Donc \u00e7a, on vous a dit que c&#8217;\u00e9tait important \u00e0 comprendre parce qu&#8217;en fait, c&#8217;est le Rassemblement National qui a obtenu le plus de voix au deuxi\u00e8me tour. Il a obtenu 32% des voix, mais \u00e7a ne s&#8217;est pas transform\u00e9 en nombre de d\u00e9put\u00e9s parce qu&#8217;au niveau du nombre de d\u00e9put\u00e9s, c&#8217;est seulement le troisi\u00e8me parti. Donc, il est arriv\u00e9 en t\u00eate pour le nombre de voix, mais seulement troisi\u00e8me pour le nombre de d\u00e9put\u00e9s.<\/p>\n\n\n\n<p><a id=\"sonaar_ts-6927c8faa6c9e\" class=\"srmp3_sonaar_ts_shortcode\"  style=\"\" href=\"javascript:sonaar_ts_shortcode({ trackid:'0', time:'00:39:05', ts_id:'6927c8faa6c9e', play_icon:'' }) ;\">[00:39:05]<\/a> &#8211; Ingrid<\/p>\n\n\n\n<p>Oui, parce que du coup, il y a des endroits o\u00f9 le candidat du Rassemblement National a eu une majorit\u00e9, mais vraiment tr\u00e8s importante, alors qu&#8217;il y a plein d&#8217;autres endroits en France o\u00f9, finalement, ils ont \u00e9t\u00e9 bloqu\u00e9s. \u00c7a cr\u00e9e un certain d\u00e9s\u00e9quilibre. Ce qui fait que maintenant, \u00e0 l&#8217;Assembl\u00e9e, on a trois groupes. Le groupe majoritaire, c&#8217;est celui du Nouveau Front Populaire, mais c&#8217;est une majorit\u00e9 relative, tr\u00e8s relative. Ils sont tr\u00e8s loin d&#8217;avoir la moiti\u00e9 des d\u00e9put\u00e9s. Ensuite, on a les d\u00e9put\u00e9s du camp de Macron. Et enfin, en troisi\u00e8me position, le groupe le plus important, c&#8217;est celui du Rassemblement National. Alors, on a quand m\u00eame un ordre avec en premier, la gauche, en deuxi\u00e8me, le centre droit et en troisi\u00e8me, l&#8217;extr\u00eame droite.<\/p>\n\n\n\n<p><a id=\"sonaar_ts-6927c8faa6ca6\" class=\"srmp3_sonaar_ts_shortcode\"  style=\"\" href=\"javascript:sonaar_ts_shortcode({ trackid:'0', time:'00:40:01', ts_id:'6927c8faa6ca6', play_icon:'' }) ;\">[00:40:01]<\/a> &#8211; Hugo<\/p>\n\n\n\n<p>Mais c&#8217;est vrai que quand on regarde le nombre de d\u00e9put\u00e9s, la diff\u00e9rence est assez marginale. Il me semble que le NFP en a 189, \u00e0 v\u00e9rifier. Et ensuite, le parti de Macron en a 170, quelque chose comme \u00e7a. Donc il n&#8217;y a pas une \u00e9norme diff\u00e9rence. Donc on a vraiment maintenant ces trois blocs qui s&#8217;opposent. Et comme on vous le disait, cette d\u00e9cision de Macron de dissoudre l&#8217;Assembl\u00e9e s&#8217;est totalement retourn\u00e9e contre lui parce qu&#8217;il est pass\u00e9 d&#8217;une position o\u00f9 il avait une majorit\u00e9, alors une majorit\u00e9 relative, mais quand m\u00eame une majorit\u00e9 qui lui permettait de gouverner \u00e0 une situation o\u00f9 son parti est maintenant deuxi\u00e8me. Et c&#8217;est un parti d&#8217;opposition, le NFP, qui a une majorit\u00e9 relative.<\/p>\n\n\n\n<p><a id=\"sonaar_ts-6927c8faa6cb0\" class=\"srmp3_sonaar_ts_shortcode\"  style=\"\" href=\"javascript:sonaar_ts_shortcode({ trackid:'0', time:'00:40:48', ts_id:'6927c8faa6cb0', play_icon:'' }) ;\">[00:40:48]<\/a> &#8211; Ingrid<\/p>\n\n\n\n<p>Alors maintenant, comme on vous le disait, il y a toujours un gouvernement qui est l&#8217;ancien gouvernement et Emmanuel Macron ne se d\u00e9cide pas \u00e0 nommer quelqu&#8217;un. Il attend, il attend. Il attend de voir si peut-\u00eatre il y a des coalitions qui se cr\u00e9ent pour avoir une majorit\u00e9 absolue avec plusieurs partis qui seraient r\u00e9unis. Ou alors, il attend un miracle, je ne sais pas, mais en tout cas, la situation est assez compliqu\u00e9e. La gauche estime qu&#8217;elle devrait quand m\u00eame gouverner. Et en tout cas, ce qui est s\u00fbr, c&#8217;est qu&#8217;Emmanuel Macron n&#8217;a pas le droit de redissoudre l&#8217;Assembl\u00e9e avant un an.<\/p>\n\n\n\n<p><a id=\"sonaar_ts-6927c8faa6cbf\" class=\"srmp3_sonaar_ts_shortcode\"  style=\"\" href=\"javascript:sonaar_ts_shortcode({ trackid:'0', time:'00:41:30', ts_id:'6927c8faa6cbf', play_icon:'' }) ;\">[00:41:30]<\/a> &#8211; Hugo<\/p>\n\n\n\n<p>Voil\u00e0. Donc, l&#8217;Assembl\u00e9e va rester dans cette configuration pour au moins un an. Il faut dire aussi qu&#8217;au sein du NFP, la situation est un peu compliqu\u00e9e parce que c&#8217;est le rassemblement du Parti socialiste de la France insoumise et du Parti des Verts, le Parti \u00e9cologiste, et ils n&#8217;arrivent pas \u00e0 se mettre d&#8217;accord pour proposer un Premier ministre qu&#8217;Emmanuel Macron pourrait nommer. Donc tout \u00e7a, \u00e7a fait que c&#8217;est un peu le bazar, pour le dire poliment. C&#8217;est la raison pour laquelle on n&#8217;a pas voulu, dans cet \u00e9pisode, faire trop de sc\u00e9narios parce que c&#8217;est assez difficile de savoir comment \u00e7a va se passer dans les prochaines semaines. On a pr\u00e9f\u00e9r\u00e9 vous expliquer les m\u00e9canismes, la situation, les m\u00e9canismes qui ont conduit \u00e0 la situation actuelle et on esp\u00e8re que \u00e7a vous aidera \u00e0 mieux comprendre tout ce que vous pourrez lire dans les m\u00e9dias fran\u00e7ais dans ces prochaines semaines.<\/p>\n\n\n\n<p><a id=\"sonaar_ts-6927c8faa6cc7\" class=\"srmp3_sonaar_ts_shortcode\"  style=\"\" href=\"javascript:sonaar_ts_shortcode({ trackid:'0', time:'00:42:28', ts_id:'6927c8faa6cc7', play_icon:'' }) ;\">[00:42:28]<\/a> &#8211; Ingrid<\/p>\n\n\n\n<p>On s&#8217;arr\u00eate l\u00e0 ? J&#8217;esp\u00e8re qu&#8217;on aura \u00e9t\u00e9 assez clair.<\/p>\n\n\n\n<p><a id=\"sonaar_ts-6927c8faa6cd0\" class=\"srmp3_sonaar_ts_shortcode\"  style=\"\" href=\"javascript:sonaar_ts_shortcode({ trackid:'0', time:'00:42:33', ts_id:'6927c8faa6cd0', play_icon:'' }) ;\">[00:42:33]<\/a> &#8211; Hugo<\/p>\n\n\n\n<p>Oui, je pense que c&#8217;\u00e9tait assez dense comme \u00e9pisode. N&#8217;h\u00e9sitez pas \u00e0 poser vos questions dans les commentaires si vous avez besoin de clarifier certaines choses. On essaiera de prendre le temps de vous expliquer s&#8217;il y a encore des choses qui ne sont pas claires. Merci \u00e0 toutes celles et ceux qui ont eu le courage et la patience de nous \u00e9couter jusqu&#8217;au bout. Et on se retrouve dans deux semaines pour un \u00e9pisode plus l\u00e9ger.<\/p>\n\n\n\n<p><a id=\"sonaar_ts-6927c8faa6cda\" class=\"srmp3_sonaar_ts_shortcode\"  style=\"\" href=\"javascript:sonaar_ts_shortcode({ trackid:'0', time:'00:42:58', ts_id:'6927c8faa6cda', play_icon:'' }) ;\">[00:42:58]<\/a> &#8211; Ingrid<\/p>\n\n\n\n<p>Salut, \u00e0 dans deux semaines.<\/p>\n","protected":false},"excerpt":{"rendered":"<p>&#8211; Hugo \u00c9pisode 149. La France est-elle devenue ingouvernable ? &#8211; Hugo Salut \u00e0 toutes et \u00e0 tous. Salut Ingrid. &#8211; Ingrid Salut Hugo, tu vas bien ? &#8211; Hugo Ouais, ouais, ouais, \u00e7a va et toi ? &#8211; Ingrid \u00c7a va. Soulag\u00e9e par rapport \u00e0 il n&#8217;y a pas si longtemps o\u00f9 j&#8217;\u00e9tais stress\u00e9e&#8230;<\/p>\n","protected":false},"author":17473,"featured_media":289699,"comment_status":"open","ping_status":"open","sticky":false,"template":"","format":[191],"meta":{"_acf_changed":false,"_kad_blocks_custom_css":"","_kad_blocks_head_custom_js":"","_kad_blocks_body_custom_js":"","_kad_blocks_footer_custom_js":"","_kad_post_transparent":"","_kad_post_title":"","_kad_post_layout":"","_kad_post_sidebar_id":"","_kad_post_content_style":"","_kad_post_vertical_padding":"","_kad_post_feature":"","_kad_post_feature_position":"","_kad_post_header":false,"_kad_post_footer":false,"_kad_post_classname":"","footnotes":""},"categories":[168],"tags":[180,176,172],"class_list":["post-289589","post","type-post","status-publish","format-standard","has-post-thumbnail","hentry","category-podcast","tag-histoire","tag-politique","tag-societe","format-duo-hugo-ingrid"],"acf":[],"taxonomy_info":{"category":[{"value":168,"label":"Podcast"}],"post_tag":[{"value":180,"label":"Histoire"},{"value":176,"label":"Politique"},{"value":172,"label":"Soci\u00e9t\u00e9"}],"format":[{"value":191,"label":"Duo Hugo &amp; Ingrid"}]},"featured_image_src_large":["https:\/\/innerfrench.com\/wp-content\/uploads\/2024\/07\/macron-750x406.jpg",750,406,true],"author_info":{"display_name":"Hugo &amp; Ingrid","author_link":"https:\/\/innerfrench.com\/author\/hugo_ingrid\/"},"comment_info":31,"category_info":[{"term_id":168,"name":"Podcast","slug":"podcast","term_group":0,"term_taxonomy_id":168,"taxonomy":"category","description":"","parent":0,"count":185,"filter":"raw","cat_ID":168,"category_count":185,"category_description":"","cat_name":"Podcast","category_nicename":"podcast","category_parent":0}],"tag_info":[{"term_id":180,"name":"Histoire","slug":"histoire","term_group":0,"term_taxonomy_id":180,"taxonomy":"post_tag","description":"","parent":0,"count":35,"filter":"raw"},{"term_id":176,"name":"Politique","slug":"politique","term_group":0,"term_taxonomy_id":176,"taxonomy":"post_tag","description":"","parent":0,"count":20,"filter":"raw"},{"term_id":172,"name":"Soci\u00e9t\u00e9","slug":"societe","term_group":0,"term_taxonomy_id":172,"taxonomy":"post_tag","description":"","parent":0,"count":94,"filter":"raw"}],"_links":{"self":[{"href":"https:\/\/innerfrench.com\/wp-json\/wp\/v2\/posts\/289589","targetHints":{"allow":["GET"]}}],"collection":[{"href":"https:\/\/innerfrench.com\/wp-json\/wp\/v2\/posts"}],"about":[{"href":"https:\/\/innerfrench.com\/wp-json\/wp\/v2\/types\/post"}],"author":[{"embeddable":true,"href":"https:\/\/innerfrench.com\/wp-json\/wp\/v2\/users\/17473"}],"replies":[{"embeddable":true,"href":"https:\/\/innerfrench.com\/wp-json\/wp\/v2\/comments?post=289589"}],"version-history":[{"count":3,"href":"https:\/\/innerfrench.com\/wp-json\/wp\/v2\/posts\/289589\/revisions"}],"predecessor-version":[{"id":292841,"href":"https:\/\/innerfrench.com\/wp-json\/wp\/v2\/posts\/289589\/revisions\/292841"}],"wp:featuredmedia":[{"embeddable":true,"href":"https:\/\/innerfrench.com\/wp-json\/wp\/v2\/media\/289699"}],"wp:attachment":[{"href":"https:\/\/innerfrench.com\/wp-json\/wp\/v2\/media?parent=289589"}],"wp:term":[{"taxonomy":"category","embeddable":true,"href":"https:\/\/innerfrench.com\/wp-json\/wp\/v2\/categories?post=289589"},{"taxonomy":"post_tag","embeddable":true,"href":"https:\/\/innerfrench.com\/wp-json\/wp\/v2\/tags?post=289589"},{"taxonomy":"format","embeddable":true,"href":"https:\/\/innerfrench.com\/wp-json\/wp\/v2\/format?post=289589"}],"curies":[{"name":"wp","href":"https:\/\/api.w.org\/{rel}","templated":true}]}}