{"id":289593,"date":"2024-09-11T15:02:57","date_gmt":"2024-09-11T13:02:57","guid":{"rendered":"https:\/\/innerfrench.com\/?p=206917"},"modified":"2025-09-25T08:50:28","modified_gmt":"2025-09-25T06:50:28","slug":"e153-les-jeux-olympiques-une-victoire-pour-la-france","status":"publish","type":"post","link":"https:\/\/innerfrench.com\/e153-les-jeux-olympiques-une-victoire-pour-la-france\/","title":{"rendered":"#153 Les Jeux Olympiques, une victoire pour la France ?"},"content":{"rendered":"\n<p><b>&nbsp;<a id=\"sonaar_ts-6927cc2c2fa67\" class=\"srmp3_sonaar_ts_shortcode\"  style=\"\" href=\"javascript:sonaar_ts_shortcode({ trackid:'0', time:'00:00:01', ts_id:'6927cc2c2fa67', play_icon:'' }) ;\">[00:00:01]<\/a> &#8211; Hugo<\/b><\/p>\n\n\n\n<p>Les Jeux olympiques, une victoire pour la France ?<\/p>\n\n\n\n<p><b>&nbsp;<a id=\"sonaar_ts-6927cc2c2fa76\" class=\"srmp3_sonaar_ts_shortcode\"  style=\"\" href=\"javascript:sonaar_ts_shortcode({ trackid:'0', time:'00:00:10', ts_id:'6927cc2c2fa76', play_icon:'' }) ;\">[00:00:10]<\/a> &#8211; Hugo<\/b><\/p>\n\n\n\n<p>Salut \u00e0 toutes et \u00e0 tous. Je suis tr\u00e8s content de vous retrouver pour cet \u00e9pisode de rentr\u00e9e. Et je suis comme d&#8217;habitude en compagnie d&#8217;Ingrid.<\/p>\n\n\n\n<p><b>&nbsp;<a id=\"sonaar_ts-6927cc2c2fa7d\" class=\"srmp3_sonaar_ts_shortcode\"  style=\"\" href=\"javascript:sonaar_ts_shortcode({ trackid:'0', time:'00:00:20', ts_id:'6927cc2c2fa7d', play_icon:'' }) ;\">[00:00:20]<\/a> &#8211; Ingrid<\/b><\/p>\n\n\n\n<p>Salut tout le monde. Moi aussi, je suis tr\u00e8s contente. J&#8217;esp\u00e8re que vous avez pass\u00e9 un bel \u00e9t\u00e9. Et bienvenue de nouveau avec nous pour cette cette nouvelle saison.<\/p>\n\n\n\n<p><b>&nbsp;<a id=\"sonaar_ts-6927cc2c2fa83\" class=\"srmp3_sonaar_ts_shortcode\"  style=\"\" href=\"javascript:sonaar_ts_shortcode({ trackid:'0', time:'00:00:31', ts_id:'6927cc2c2fa83', play_icon:'' }) ;\">[00:00:31]<\/a> &#8211; Hugo<\/b><\/p>\n\n\n\n<p>Alors&#8230; Je ne sais pas si c&#8217;est une nouvelle saison. On va voir. On n&#8217;a jamais fait de saison dans le podcast, mais pourquoi pas ?<\/p>\n\n\n\n<p><b>&nbsp;<a id=\"sonaar_ts-6927cc2c2fa88\" class=\"srmp3_sonaar_ts_shortcode\"  style=\"\" href=\"javascript:sonaar_ts_shortcode({ trackid:'0', time:'00:00:36', ts_id:'6927cc2c2fa88', play_icon:'' }) ;\">[00:00:36]<\/a> &#8211; Ingrid<\/b><\/p>\n\n\n\n<p>Cette rentr\u00e9e.<\/p>\n\n\n\n<p><b>&nbsp;<a id=\"sonaar_ts-6927cc2c2fa8d\" class=\"srmp3_sonaar_ts_shortcode\"  style=\"\" href=\"javascript:sonaar_ts_shortcode({ trackid:'0', time:'00:00:37', ts_id:'6927cc2c2fa8d', play_icon:'' }) ;\">[00:00:37]<\/a> &#8211; Hugo<\/b><\/p>\n\n\n\n<p>Je ne sais m\u00eame pas quelle saison c&#8217;est, si on devait compter, mais je vous laisse faire le compte si vous avez envie. Alors, aujourd&#8217;hui, on va encore parler des Jeux olympiques parce qu&#8217;au moment o\u00f9 l&#8217;\u00e9pisode sera diffus\u00e9, le 11 septembre, ce sera officiellement la fin des Jeux paralympiques et donc des Jeux aussi olympiques. Donc, on s&#8217;est dit que c&#8217;\u00e9tait le bon moment pour faire le bilan de ces Jeux olympiques.<\/p>\n\n\n\n<p><b>&nbsp;<a id=\"sonaar_ts-6927cc2c2fa92\" class=\"srmp3_sonaar_ts_shortcode\"  style=\"\" href=\"javascript:sonaar_ts_shortcode({ trackid:'0', time:'00:01:07', ts_id:'6927cc2c2fa92', play_icon:'' }) ;\">[00:01:07]<\/a> &#8211; Ingrid<\/b><\/p>\n\n\n\n<p>Et on s&#8217;est dit que pour faire le bilan, ce serait bien de parler de l&#8217;h\u00e9ritage olympique. Alors, h\u00e9ritage olympique, ce n&#8217;est pas nous qui inventons ce mot, c&#8217;est un terme qui est utilis\u00e9 en g\u00e9n\u00e9ral dans la communication des JO. \u00ab JO \u00bb, on peut utiliser cette abr\u00e9viation pour Jeux olympiques. Et donc, \u00e7a d\u00e9signe en tous les bienfaits des JO sur le long terme pour la population et le pays organisateur.<\/p>\n\n\n\n<p><b>&nbsp;<a id=\"sonaar_ts-6927cc2c2fa97\" class=\"srmp3_sonaar_ts_shortcode\"  style=\"\" href=\"javascript:sonaar_ts_shortcode({ trackid:'0', time:'00:01:38', ts_id:'6927cc2c2fa97', play_icon:'' }) ;\">[00:01:38]<\/a> &#8211; Hugo<\/b><\/p>\n\n\n\n<p>Donc les bienfaits. \u00ab Un bienfait \u00bb, c&#8217;est quelque chose qui est b\u00e9n\u00e9fique, qui est positif pour nous. Par exemple, on peut dire qu&#8217;un aliment a des bienfaits pour la sant\u00e9. Et l\u00e0, on va se demander si les Jeux olympiques ont eu des bienfaits pour la France. Alors, ces bienfaits, ils sont de diff\u00e9rentes natures. Il y a par exemple les bienfaits \u00e9conomiques, on dit plut\u00f4t les retomb\u00e9es \u00e9conomiques. Autrement dit, ce que cet \u00e9v\u00e9nement a rapport\u00e9 \u00e0 la France en termes d&#8217;argent, tout simplement, mais aussi plein d&#8217;autres choses, notamment en ce qui concerne le rayonnement. Tu peux expliquer ce que c&#8217;est, Ingrid, le rayonnement ?<\/p>\n\n\n\n<p><b>&nbsp;<a id=\"sonaar_ts-6927cc2c2fa9b\" class=\"srmp3_sonaar_ts_shortcode\"  style=\"\" href=\"javascript:sonaar_ts_shortcode({ trackid:'0', time:'00:02:22', ts_id:'6927cc2c2fa9b', play_icon:'' }) ;\">[00:02:22]<\/a> &#8211; Ingrid<\/b><\/p>\n\n\n\n<p>Le rayonnement, c&#8217;est l&#8217;image d&#8217;un pays \u00e0 l&#8217;\u00e9tranger. Donc on parle souvent de rayonnement culturel, par exemple. C&#8217;est l&#8217;image tout simplement d&#8217;un&#8230; Comme le soleil qui a des rayons qui permettent d&#8217;\u00e9clairer jusqu&#8217;\u00e0 tr\u00e8s loin, eh bien, un pays peut avoir un rayonnement gr\u00e2ce \u00e0 diff\u00e9rents de choses comme le cin\u00e9ma, sa litt\u00e9rature. Voil\u00e0. Et donc, \u00e9ventuellement, le sport et les \u00e9v\u00e9nements internationaux, \u00e7a peut permettre de rayonner \u00e0 l&#8217;\u00e9tranger.<\/p>\n\n\n\n<p><b>&nbsp;<a id=\"sonaar_ts-6927cc2c2faa5\" class=\"srmp3_sonaar_ts_shortcode\"  style=\"\" href=\"javascript:sonaar_ts_shortcode({ trackid:'0', time:'00:02:59', ts_id:'6927cc2c2faa5', play_icon:'' }) ;\">[00:02:59]<\/a> &#8211; Hugo<\/b><\/p>\n\n\n\n<p>Tr\u00e8s bien. Donc, je te propose d&#8217;entrer tout de suite dans le vif du sujet parce qu&#8217;on a un programme assez charg\u00e9.<\/p>\n\n\n\n<p><b>&nbsp;<a id=\"sonaar_ts-6927cc2c2faaa\" class=\"srmp3_sonaar_ts_shortcode\"  style=\"\" href=\"javascript:sonaar_ts_shortcode({ trackid:'0', time:'00:03:13', ts_id:'6927cc2c2faaa', play_icon:'' }) ;\">[00:03:13]<\/a> &#8211; Hugo<\/b><\/p>\n\n\n\n<p>Alors bien s\u00fbr, on ne peut pas faire le bilan des Jeux olympiques sans parler des retomb\u00e9es sportives. Parce que les Jeux olympiques, comme beaucoup de grands \u00e9v\u00e9nements sportifs, font partie de ce qu&#8217;on appelle la diplomatie sportive. Autrement dit, on utilise le sport comme un outil pour rayonner, comme on l&#8217;a dit en introduction, et pour renforcer l&#8217;attractivit\u00e9 d&#8217;un pays en organisant de grands \u00e9v\u00e9nements sportifs internationaux. En fait, c&#8217;est un moyen de garder un contact pour les pays, notamment les pays qui ont parfois des relations diplomatiques un peu difficiles. Eh bien, le sport, \u00e7a permet de de f\u00e9d\u00e9rer et de r\u00e9unir tous les pays dans un \u00e9v\u00e9nement qui est plut\u00f4t joyeux et positif, enfin en g\u00e9n\u00e9ral.<\/p>\n\n\n\n<p><b>&nbsp;<a id=\"sonaar_ts-6927cc2c2faaf\" class=\"srmp3_sonaar_ts_shortcode\"  style=\"\" href=\"javascript:sonaar_ts_shortcode({ trackid:'0', time:'00:04:08', ts_id:'6927cc2c2faaf', play_icon:'' }) ;\">[00:04:08]<\/a> &#8211; Ingrid<\/b><\/p>\n\n\n\n<p>Et \u00e0 travers les Jeux olympiques, la France a pu montrer justement sa capacit\u00e9 \u00e0 f\u00e9d\u00e9rer, c&#8217;est-\u00e0-dire \u00e0 faire en sorte que la population se r\u00e9unisse et soit heureuse ensemble. La France a aussi pu montrer gr\u00e2ce aux Jeux olympiques sa capacit\u00e9 \u00e0 construire des infrastructures, donc des b\u00e2timents de qualit\u00e9, \u00e0 accueillir le tourisme et \u00e0 organiser en g\u00e9n\u00e9ral un des \u00e9v\u00e9nements les plus importants du monde.<\/p>\n\n\n\n<p><b>&nbsp;<a id=\"sonaar_ts-6927cc2c2fab3\" class=\"srmp3_sonaar_ts_shortcode\"  style=\"\" href=\"javascript:sonaar_ts_shortcode({ trackid:'0', time:'00:04:38', ts_id:'6927cc2c2fab3', play_icon:'' }) ;\">[00:04:38]<\/a> &#8211; Hugo<\/b><\/p>\n\n\n\n<p>Voil\u00e0, donc \u00e7a, c&#8217;est pour la partie un peu logistique. Et maintenant, si on s&#8217;int\u00e9resse plus particuli\u00e8rement aux performances sportives, la France avait un objectif assez clair pour ces Jeux olympiques. On voulait faire partie du top 5 des nations au classement des m\u00e9dailles. Autrement dit, \u00eatre dans les cinq premiers pays en ce qui concerne le nombre de m\u00e9dailles et plus particuli\u00e8rement les m\u00e9dailles d&#8217;or. Et cocorico, on a r\u00e9ussi puisque la France a remport\u00e9 64 m\u00e9dailles pendant ces Jeux olympiques, dont 16 m\u00e9dailles d&#8217;or. Donc la m\u00e9daille d&#8217;or, c&#8217;est la meilleure m\u00e9daille, 22 m\u00e9dailles d&#8217;argent et 22 m\u00e9dailles de bronze. Donc voil\u00e0, \u00e7a vous permet de r\u00e9viser un peu les m\u00e9taux en m\u00eame temps. Et gr\u00e2ce \u00e0 \u00e7a, \u00e7a nous a permis de battre notre dernier record de m\u00e9dailles qui \u00e9tait de 48, un record qu&#8217;on a obtenu aux Jeux olympiques de P\u00e9kin en 2008.<\/p>\n\n\n\n<p><b>&nbsp;<a id=\"sonaar_ts-6927cc2c2fab8\" class=\"srmp3_sonaar_ts_shortcode\"  style=\"\" href=\"javascript:sonaar_ts_shortcode({ trackid:'0', time:'00:05:42', ts_id:'6927cc2c2fab8', play_icon:'' }) ;\">[00:05:42]<\/a> &#8211; Ingrid<\/b><\/p>\n\n\n\n<p>Alors, il y a plusieurs sports dans lesquels la France a \u00e9t\u00e9 particuli\u00e8rement bonne, dans lesquelles la France se d\u00e9marque. Il y a par exemple les sports de combat et en particulier le judo et l&#8217;escrime. Donc, la France a eu 22 m\u00e9dailles au total en sports de combat. Le seul pays qui fait mieux, c&#8217;est le Japon. Et bon c&#8217;est un peu normal puisque c&#8217;est quand m\u00eame les inventeurs de ces sports. Mais la France, voil\u00e0, les suit, donc on peut \u00eatre vraiment fiers. Et en France, on a une superstar. C&#8217;est un athl\u00e8te que vous connaissez peut-\u00eatre, m\u00eame s\u00fbrement. Il s&#8217;appelle Teddy Riner et c&#8217;est un judoka qui est vraiment champion dans sa cat\u00e9gorie. C&#8217;est le sportif pr\u00e9f\u00e9r\u00e9 des Fran\u00e7ais depuis plusieurs ann\u00e9es et \u00e0 chaque comp\u00e9tition, il continue \u00e0 impressionner. Cette fois-ci, il est m\u00eame devenu triple champion olympique.<\/p>\n\n\n\n<p><b>&nbsp;<a id=\"sonaar_ts-6927cc2c2fac0\" class=\"srmp3_sonaar_ts_shortcode\"  style=\"\" href=\"javascript:sonaar_ts_shortcode({ trackid:'0', time:'00:06:42', ts_id:'6927cc2c2fac0', play_icon:'' }) ;\">[00:06:42]<\/a> &#8211; Hugo<\/b><\/p>\n\n\n\n<p>Ouais, il a remport\u00e9 trois m\u00e9dailles d&#8217;or. D&#8217;ailleurs, il me semble que tu as une anecdote, non, \u00e0 propos de Teddy Riner ?<\/p>\n\n\n\n<p><b>&nbsp;<a id=\"sonaar_ts-6927cc2c2fac5\" class=\"srmp3_sonaar_ts_shortcode\"  style=\"\" href=\"javascript:sonaar_ts_shortcode({ trackid:'0', time:'00:06:48', ts_id:'6927cc2c2fac5', play_icon:'' }) ;\">[00:06:48]<\/a> &#8211; Ingrid<\/b><\/p>\n\n\n\n<p>Oui, parce que donc dans ma famille, on a tous fait du judo et m\u00eame des sports de combat en g\u00e9n\u00e9ral. Mon grand-p\u00e8re faisait du taekwondo, ma m\u00e8re du judo et donc mes s\u0153urs et moi, on a aussi fait du judo. Alors, je dois avouer que moi, j&#8217;\u00e9tais assez nulle. J&#8217;ai fait \u00e7a surtout pour copier ma s\u0153ur. Mais par contre, ma grande s\u0153ur, elle, elle est plut\u00f4t forte, elle est ceinture noire et elle a fait des stages quand elle \u00e9tait ado avec Teddy Riner. Et voil\u00e0, donc c&#8217;est assez sympa parce qu&#8217;elle continue \u00e0 \u00eatre une grande supportrice et elle \u00e9tait aux \u00e9preuves, l\u00e0, pendant les Jeux olympiques. Elle \u00e9tait compl\u00e8tement folle. On recevait des messages d&#8217;elle, hyper enthousiastes. Et c&#8217;est vrai qu&#8217;elle dit tout le temps que d\u00e9j\u00e0, quand ils \u00e9taient jeunes, c&#8217;\u00e9tait impressionnant \u00e0 quel point il \u00e9tait fort. Et \u00e7a lui arrivait parfois de combattre avec lui pour faire les d\u00e9monstrations, m\u00eame s&#8217;ils \u00e9taient \u00e9videmment pas dans les m\u00eames cat\u00e9gories et bah que \u00e7a reste un tr\u00e8s bon souvenir pour elle. Il faisait attention quand m\u00eame \u00e0 ne pas lui faire mal, mais c&#8217;est clair que c&#8217;\u00e9tait vraiment un monstre quoi.<\/p>\n\n\n\n<p><b>&nbsp;<a id=\"sonaar_ts-6927cc2c2faca\" class=\"srmp3_sonaar_ts_shortcode\"  style=\"\" href=\"javascript:sonaar_ts_shortcode({ trackid:'0', time:'00:07:57', ts_id:'6927cc2c2faca', play_icon:'' }) ;\">[00:07:57]<\/a> &#8211; Hugo<\/b><\/p>\n\n\n\n<p>Ouais parce que&#8230; Il fait plus de 100 kilos, il me semble. Je crois qu&#8217;il est champion dans la cat\u00e9gorie plus de 100 kilos. M\u00eame pour une d\u00e9monstration, moi, je ne pense pas que je me mettrais face \u00e0 Teddy Riner donc ta s\u0153ur est vraiment courageuse. Et c&#8217;est int\u00e9ressant parce que quand on pense au sport, en France, je ne pense pas que les sports de combat sont ceux qui viennent naturellement \u00e0 l&#8217;esprit ou spontan\u00e9ment. Quand on se demande \u00ab ah dans quel sport la France est forte ? \u00bb, on pense plut\u00f4t aux sports qui sont tr\u00e8s m\u00e9diatis\u00e9s comme le foot. Mais c&#8217;est vrai que l\u00e0, aux Jeux olympiques, on a brill\u00e9 dans les sports de combat. On a \u00e9t\u00e9 plut\u00f4t bon en cyclisme aussi. On est arriv\u00e9 deuxi\u00e8me derri\u00e8re la Grande-Bretagne. Et dans ce sport, notre grande star, c&#8217;est une femme qui s&#8217;appelle Pauline Ferrand-Pr\u00e9vost. Et moi, pendant ces Jeux olympiques, j&#8217;ai principalement regard\u00e9 le basket. J&#8217;avais beaucoup d&#8217;espoir pour l&#8217;\u00e9quipe de France parce qu&#8217;on a aussi une superstar, un jeune qui s&#8217;appelle Victor Wembanyama, qui est devenue une star en NBA cette ann\u00e9e. C&#8217;\u00e9tait sa premi\u00e8re ann\u00e9e en NBA. Et l\u00e0, lui, il est originaire aussi de r\u00e9gion parisienne. Donc, il avait dit qu&#8217;il voulait absolument remporter la m\u00e9daille d&#8217;or avec l&#8217;\u00e9quipe de France.<\/p>\n\n\n\n<p><b>&nbsp;<a id=\"sonaar_ts-6927cc2c2fad9\" class=\"srmp3_sonaar_ts_shortcode\"  style=\"\" href=\"javascript:sonaar_ts_shortcode({ trackid:'0', time:'00:09:14', ts_id:'6927cc2c2fad9', play_icon:'' }) ;\">[00:09:14]<\/a> &#8211; Hugo<\/b><\/p>\n\n\n\n<p>Et on s&#8217;est retrouv\u00e9 en finale contre l&#8217;\u00e9quipe des \u00c9tats-Unis, qui \u00e9tait vraiment une \u00e9quipe exceptionnelle, aussi bien chez les hommes que chez les femmes. Et les deux matchs ont \u00e9t\u00e9 tr\u00e8s serr\u00e9s. Quand on dit qu&#8217;un match est \u00ab serr\u00e9 \u00bb, \u00e7a veut dire qu&#8217;il n&#8217;y a pas beaucoup de diff\u00e9rences entre les deux \u00e9quipes. Et jusqu&#8217;\u00e0 la fin, on ne sait pas vraiment qui va gagner. Donc l\u00e0, il y avait beaucoup de suspense. Moi, j&#8217;\u00e9tais vraiment accroch\u00e9 \u00e0 mon canap\u00e9 en regardant la finale. Et malheureusement, ce sont les \u00c9tats-Unis qui ont gagn\u00e9. Chez les hommes comme chez les femmes. Chez les femmes, elles ont gagn\u00e9 avec seulement un point de diff\u00e9rence, donc c&#8217;\u00e9tait extr\u00eamement serr\u00e9. Mais voil\u00e0, les deux matchs, c&#8217;\u00e9tait de tr\u00e8s beaux matchs.<\/p>\n\n\n\n<p><b>&nbsp;<a id=\"sonaar_ts-6927cc2c2fae1\" class=\"srmp3_sonaar_ts_shortcode\"  style=\"\" href=\"javascript:sonaar_ts_shortcode({ trackid:'0', time:'00:10:00', ts_id:'6927cc2c2fae1', play_icon:'' }) ;\">[00:10:00]<\/a> &#8211; Ingrid<\/b><\/p>\n\n\n\n<p>Et comment ne pas parler de la vraie superstar de ces JO ? Alors moi, je dois dire que je n&#8217;ai pas du tout suivi les \u00e9preuves, mais par contre, il y a une personne \u00e0 c\u00f4t\u00e9 de qui je ne pouvais pas passer. C&#8217;\u00e9tait partout sur les r\u00e9seaux sociaux, dans les journaux, etc. C&#8217;\u00e9tait le nageur L\u00e9on Marchand. C&#8217;est l&#8217;athl\u00e8te qui a remport\u00e9 le plus de m\u00e9dailles de tous ces Jeux olympiques. Et en France&#8230;<\/p>\n\n\n\n<p><b>&nbsp;<a id=\"sonaar_ts-6927cc2c2fae6\" class=\"srmp3_sonaar_ts_shortcode\"  style=\"\" href=\"javascript:sonaar_ts_shortcode({ trackid:'0', time:'00:10:29', ts_id:'6927cc2c2fae6', play_icon:'' }) ;\">[00:10:29]<\/a> &#8211; Hugo<\/b><\/p>\n\n\n\n<p>Le plus de m\u00e9dailles d&#8217;or ?<\/p>\n\n\n\n<p><b>&nbsp;<a id=\"sonaar_ts-6927cc2c2faea\" class=\"srmp3_sonaar_ts_shortcode\"  style=\"\" href=\"javascript:sonaar_ts_shortcode({ trackid:'0', time:'00:10:31', ts_id:'6927cc2c2faea', play_icon:'' }) ;\">[00:10:31]<\/a> &#8211; Ingrid<\/b><\/p>\n\n\n\n<p>D&#8217;or.<\/p>\n\n\n\n<p><b>&nbsp;<a id=\"sonaar_ts-6927cc2c2faef\" class=\"srmp3_sonaar_ts_shortcode\"  style=\"\" href=\"javascript:sonaar_ts_shortcode({ trackid:'0', time:'00:10:32', ts_id:'6927cc2c2faef', play_icon:'' }) ;\">[00:10:32]<\/a> &#8211; Hugo<\/b><\/p>\n\n\n\n<p>Il a remport\u00e9 quatre m\u00e9dailles d&#8217;or. Je ne sais pas. Peut-\u00eatre que c&#8217;est aussi le plus de m\u00e9dailles.<\/p>\n\n\n\n<p><b>&nbsp;<a id=\"sonaar_ts-6927cc2c2faf3\" class=\"srmp3_sonaar_ts_shortcode\"  style=\"\" href=\"javascript:sonaar_ts_shortcode({ trackid:'0', time:'00:10:36', ts_id:'6927cc2c2faf3', play_icon:'' }) ;\">[00:10:36]<\/a> &#8211; Ingrid<\/b><\/p>\n\n\n\n<p>Non, je crois que c&#8217;est le plus de m\u00e9dailles tout court.<\/p>\n\n\n\n<p><b>&nbsp;<a id=\"sonaar_ts-6927cc2c2faf8\" class=\"srmp3_sonaar_ts_shortcode\"  style=\"\" href=\"javascript:sonaar_ts_shortcode({ trackid:'0', time:'00:10:39', ts_id:'6927cc2c2faf8', play_icon:'' }) ;\">[00:10:39]<\/a> &#8211; Hugo<\/b><\/p>\n\n\n\n<p>Ok. \u00c0 v\u00e9rifier. On vous laissera v\u00e9rifier \u00e7a.<\/p>\n\n\n\n<p><b>&nbsp;<a id=\"sonaar_ts-6927cc2c2fafc\" class=\"srmp3_sonaar_ts_shortcode\"  style=\"\" href=\"javascript:sonaar_ts_shortcode({ trackid:'0', time:'00:10:44', ts_id:'6927cc2c2fafc', play_icon:'' }) ;\">[00:10:44]<\/a> &#8211; Ingrid<\/b><\/p>\n\n\n\n<p>Il a remport\u00e9 quatre m\u00e9dailles d&#8217;or et je crois qu&#8217;en nombre de m\u00e9dailles totales&#8230;<\/p>\n\n\n\n<p><b>&nbsp;<a id=\"sonaar_ts-6927cc2c2fb00\" class=\"srmp3_sonaar_ts_shortcode\"  style=\"\" href=\"javascript:sonaar_ts_shortcode({ trackid:'0', time:'00:10:51', ts_id:'6927cc2c2fb00', play_icon:'' }) ;\">[00:10:51]<\/a> &#8211; Hugo<\/b><\/p>\n\n\n\n<p>Il en a encore plus parce qu&#8217;il y avait aussi les \u00e9preuves de nage par \u00e9quipe et je crois qu&#8217;il a eu d&#8217;autres m\u00e9dailles en nage par \u00e9quipe. Mais effectivement, L\u00e9on Marchand, un jeune nageur qui a battu plein de records du monde, qui a remport\u00e9 un grand nombre de m\u00e9dailles. Et c&#8217;est lui qui a \u00e9t\u00e9 choisi lors de la c\u00e9r\u00e9monie de cl\u00f4ture des Jeux olympiques, la c\u00e9r\u00e9monie de fin des Jeux olympiques. Il a \u00e9t\u00e9 choisi pour r\u00e9cup\u00e9rer la flamme olympique et \u00e9teindre la vasque. Donc voil\u00e0, c&#8217;\u00e9tait tout un symbole. Mais je pense qu&#8217;on n&#8217;aurait pas pu choisir un autre athl\u00e8te que lui pour cl\u00f4turer ces Jeux olympiques.<\/p>\n\n\n\n<p><b>&nbsp;<a id=\"sonaar_ts-6927cc2c2fb0b\" class=\"srmp3_sonaar_ts_shortcode\"  style=\"\" href=\"javascript:sonaar_ts_shortcode({ trackid:'0', time:'00:11:33', ts_id:'6927cc2c2fb0b', play_icon:'' }) ;\">[00:11:33]<\/a> &#8211; Ingrid<\/b><\/p>\n\n\n\n<p>Et donc, ce record de m\u00e9dailles et ces bonnes performances des Fran\u00e7ais pendant les Jeux, \u00e7a a eu une r\u00e9percussion qui est assez importante pour la population fran\u00e7aise, c&#8217;est que les Fran\u00e7ais, \u00e7a les a motiv\u00e9s \u00e0 faire du sport \u00e0 leur tour. Selon une enqu\u00eate, un sondage, 25% des Fran\u00e7ais ont d\u00e9clar\u00e9 qu&#8217;ils feront plus de gr\u00e2ce aux Jeux olympiques. Et tout au long des Jeux, il y a eu en g\u00e9n\u00e9ral une augmentation des nouveaux licenci\u00e9s dans les clubs. Alors, qu&#8217;est-ce que c&#8217;est un licenci\u00e9, tu peux expliquer ?<\/p>\n\n\n\n<p><b>&nbsp;<a id=\"sonaar_ts-6927cc2c2fb0f\" class=\"srmp3_sonaar_ts_shortcode\"  style=\"\" href=\"javascript:sonaar_ts_shortcode({ trackid:'0', time:'00:12:12', ts_id:'6927cc2c2fb0f', play_icon:'' }) ;\">[00:12:12]<\/a> &#8211; Hugo<\/b><\/p>\n\n\n\n<p>Ouais, en France, souvent, on fait du sport en club ou en association et pour s&#8217;inscrire, on doit obtenir ce qu&#8217;on appelle une licence. Donc, quand on est licenci\u00e9 dans un club, \u00e7a veut dire qu&#8217;on est membre d&#8217;un club, un club de basket, un club de foot. Et qu&#8217;on participe aux entra\u00eenements et qu&#8217;on fait partie de l&#8217;\u00e9quipe. Donc, voil\u00e0, on parle en g\u00e9n\u00e9ral, quand on parle de la pratique sportive en France, on compte le nombre de licenci\u00e9s, les personnes qui ont une licence dans un club sportif.<\/p>\n\n\n\n<p><b>&nbsp;<a id=\"sonaar_ts-6927cc2c2fb14\" class=\"srmp3_sonaar_ts_shortcode\"  style=\"\" href=\"javascript:sonaar_ts_shortcode({ trackid:'0', time:'00:12:44', ts_id:'6927cc2c2fb14', play_icon:'' }) ;\">[00:12:44]<\/a> &#8211; Ingrid<\/b><\/p>\n\n\n\n<p>Et c&#8217;est \u00e7a qui permet de rep\u00e9rer les futurs athl\u00e8tes des Jeux olympiques. Chaque athl\u00e8te fait partie de la f\u00e9d\u00e9ration de son sport, athl\u00e9tisme, football, etc. Et alors, il y a un exemple qui est vraiment parlant, c&#8217;est que le club de natation, l\u00e0 o\u00f9 L\u00e9on Marchand a commenc\u00e9, donc le club de L\u00e9on Marchand a enregistr\u00e9 un bond de 20 \u00e0 30% des inscriptions par rapport \u00e0 l&#8217;an dernier.<\/p>\n\n\n\n<p><b>&nbsp;<a id=\"sonaar_ts-6927cc2c2fb19\" class=\"srmp3_sonaar_ts_shortcode\"  style=\"\" href=\"javascript:sonaar_ts_shortcode({ trackid:'0', time:'00:13:15', ts_id:'6927cc2c2fb19', play_icon:'' }) ;\">[00:13:15]<\/a> &#8211; Hugo<\/b><\/p>\n\n\n\n<p>Ouais, donc \u00ab un bond \u00bb, \u00e7a veut dire une forte augmentation. \u00c7a vient du verbe \u00ab bondir \u00bb, qui veut dire sauter. Donc un bond de 20 \u00e0 30%. \u00c7a, c&#8217;est vraiment l&#8217;effet L\u00e9on Marchand dans son club, mais je pense que m\u00eame en g\u00e9n\u00e9ral, si on regarde la pratique de la natation en France, il va y avoir beaucoup de nouveaux nageurs l\u00e0 \u00e0 la rentr\u00e9e. Et \u00e7a, donc c&#8217;est positif de mani\u00e8re g\u00e9n\u00e9rale pour la France et les Fran\u00e7ais, parce que comme vous le savez, faire de l&#8217;exercice, faire du sport, c&#8217;est bon pour la sant\u00e9. Et \u00e7a va permettre aussi \u00e0 la France de faire des \u00e9conomies parce que si les gens sont en bonne sant\u00e9, eh bien, ils auront moins de d\u00e9penses pour se soigner, pour aller \u00e0 l&#8217;h\u00f4pital, etc. Donc \u00e7a, \u00e7a va permettre de r\u00e9duire le d\u00e9ficit de la s\u00e9curit\u00e9 sociale en France. Voil\u00e0, c&#8217;est un effet secondaire, on peut dire, des Jeux olympiques, mais qui peut avoir son importance.<\/p>\n\n\n\n<p><b>&nbsp;<a id=\"sonaar_ts-6927cc2c2fb1d\" class=\"srmp3_sonaar_ts_shortcode\"  style=\"\" href=\"javascript:sonaar_ts_shortcode({ trackid:'0', time:'00:14:14', ts_id:'6927cc2c2fb1d', play_icon:'' }) ;\">[00:14:14]<\/a> &#8211; Ingrid<\/b><\/p>\n\n\n\n<p>Et puisqu&#8217;on parle d&#8217;\u00e9conomie, on peut peut-\u00eatre passer \u00e0 la deuxi\u00e8me partie, assez importante, c&#8217;est les retomb\u00e9es \u00e9conomiques des JO.<\/p>\n\n\n\n<p><b>&nbsp;<a id=\"sonaar_ts-6927cc2c2fb26\" class=\"srmp3_sonaar_ts_shortcode\"  style=\"\" href=\"javascript:sonaar_ts_shortcode({ trackid:'0', time:'00:14:31', ts_id:'6927cc2c2fb26', play_icon:'' }) ;\">[00:14:31]<\/a> &#8211; Hugo<\/b><\/p>\n\n\n\n<p>Alors, vous vous en doutez, organiser un \u00e9v\u00e9nement comme les Jeux olympiques, \u00e7a co\u00fbte cher, m\u00eame tr\u00e8s cher. L\u00e0, on estime que les Jeux olympiques de Paris ont co\u00fbt\u00e9 9 milliards d&#8217;euros, donc 9 milliards de co\u00fbts directs. Et si on s&#8217;int\u00e9resse \u00e0 la fa\u00e7on dont ils ont \u00e9t\u00e9 financ\u00e9s, on peut voir que l&#8217;\u00c9tat a investi environ 2,3 milliards d&#8217;euros. Donc, \u00e7a fait quasiment 25% des jeux financ\u00e9s par l&#8217;\u00c9tat.<\/p>\n\n\n\n<p><b>&nbsp;<a id=\"sonaar_ts-6927cc2c2fb2a\" class=\"srmp3_sonaar_ts_shortcode\"  style=\"\" href=\"javascript:sonaar_ts_shortcode({ trackid:'0', time:'00:15:09', ts_id:'6927cc2c2fb2a', play_icon:'' }) ;\">[00:15:09]<\/a> &#8211; Ingrid<\/b><\/p>\n\n\n\n<p>Et apr\u00e8s, les financements, le reste, c&#8217;est soit priv\u00e9, soit le comit\u00e9 d&#8217;organisation des JO, etc. Mais en tout cas, le chiffre que tu viens de donner, c&#8217;\u00e9tait le premier chiffre qui \u00e9tait \u00e9valu\u00e9, mais au fur et \u00e0 mesure, il y a eu des co\u00fbts indirects suppl\u00e9mentaires, donc c&#8217;est-\u00e0-dire bah les primes exceptionnelles vers\u00e9es aux travailleurs, les heures suppl\u00e9mentaires, la s\u00e9curit\u00e9 qu&#8217;il a fallu renforcer et puis plein d&#8217;impr\u00e9vus. Ce qui fait que les derniers chiffres qu&#8217;on a vus, c&#8217;est 11 milliards, dont 4,6 milliards de fonds publics, mais \u00e7a risque d&#8217;augmenter encore quand on va faire les calculs et on saura \u00e7a un peu plus tard. En tout cas, c&#8217;est plus de 10 milliards, \u00e7a, c&#8217;est s\u00fbr.<\/p>\n\n\n\n<p><b>&nbsp;<a id=\"sonaar_ts-6927cc2c2fb2f\" class=\"srmp3_sonaar_ts_shortcode\"  style=\"\" href=\"javascript:sonaar_ts_shortcode({ trackid:'0', time:'00:15:57', ts_id:'6927cc2c2fb2f', play_icon:'' }) ;\">[00:15:57]<\/a> &#8211; Hugo<\/b><\/p>\n\n\n\n<p>Donc, finalement, les fonds publics olympique, c&#8217;est pr\u00e8s de 5 milliards, il me semble. Donc, un peu plus de 40% financ\u00e9s par l&#8217;\u00c9tat. Mais il y avait une autre source de financement assez importante, et \u00e7a, c&#8217;est dans tous les \u00e9v\u00e9nements sportifs. Ce sont bien s\u00fbr les sponsors dont pour la France, ici, pour ces Jeux olympiques, LVMH, le groupe Louis Vuitton Mo\u00ebt Hennessy, le groupe qui appartient \u00e0 Bernard Arnault. C&#8217;\u00e9tait ce qu&#8217;on appelle un partenaire &#8220;premium&#8221;, donc un sponsor qui avait \u00e9norm\u00e9ment de visibilit\u00e9 pendant ces Jeux olympiques. Et on estime que LVMH a vers\u00e9 environ 150 millions d&#8217;euros pour pouvoir \u00eatre ce partenaire premium. Je ne sais pas si toi, tu as fait attention, mais c&#8217;est vrai qu&#8217;on voyait les marques du groupe un peu partout pendant ces Jeux olympiques.<\/p>\n\n\n\n<p><b>&nbsp;<a id=\"sonaar_ts-6927cc2c2fb33\" class=\"srmp3_sonaar_ts_shortcode\"  style=\"\" href=\"javascript:sonaar_ts_shortcode({ trackid:'0', time:'00:16:53', ts_id:'6927cc2c2fb33', play_icon:'' }) ;\">[00:16:53]<\/a> &#8211; Ingrid<\/b><\/p>\n\n\n\n<p>Ce qui est int\u00e9ressant, c&#8217;est que c&#8217;\u00e9tait, entre guillemets, \u00ab subtil \u00bb. \u00c7a d\u00e9pend ce qu&#8217;on consid\u00e8re comme subtil, mais en tout cas, ce n&#8217;\u00e9tait pas des gros spots, ce n&#8217;\u00e9tait pas des publicit\u00e9s vraiment criardes. \u00ab Criardes \u00bb, c&#8217;est quelque chose qu&#8217;on voit et qui est un peu vulgaire. Non, c&#8217;\u00e9tait au contraire, par exemple, dans l&#8217;habillement des stars pour la c\u00e9r\u00e9monie qui n&#8217;\u00e9tait peut-\u00eatre pas toute, mais en tout cas, les plus importantes en Dior. On a aussi vu les ateliers Vuitton pendant le parcours de la flamme olympique. Et puis, il y a eu surtout, et c&#8217;est \u00e7a qui a peut-\u00eatre le plus marqu\u00e9 les esprits, les m\u00e9dailles. Alors, non seulement elles ont \u00e9t\u00e9 dessin\u00e9es par un joailler du groupe LVMH, Chaumet, mais en plus, elles ont \u00e9t\u00e9 transport\u00e9es dans des malles Louis Vuitton pendant la c\u00e9r\u00e9monie d&#8217;ouverture. Et puis, m\u00eame quand elles \u00e9taient remises, les personnes qui remettaient les m\u00e9dailles \u00e9taient habill\u00e9es avec des v\u00eatements Louis Vuitton, il me semble, des v\u00eatements du groupe en tout cas. Donc, c&#8217;\u00e9tait vraiment une publicit\u00e9 \u00e0 travers des d\u00e9tails, les tenues, etc.<\/p>\n\n\n\n<p><b>&nbsp;<a id=\"sonaar_ts-6927cc2c2fb38\" class=\"srmp3_sonaar_ts_shortcode\"  style=\"\" href=\"javascript:sonaar_ts_shortcode({ trackid:'0', time:'00:18:09', ts_id:'6927cc2c2fb38', play_icon:'' }) ;\">[00:18:09]<\/a> &#8211; Hugo<\/b><\/p>\n\n\n\n<p>Alors, on a parl\u00e9 du financement et maintenant, on va s&#8217;int\u00e9resser aux revenus. Combien d&#8217;argent est-ce que les Jeux olympiques ont rapport\u00e9 \u00e0 la France ? Une des principales sources de revenus pour cet \u00e9v\u00e9nement, c&#8217;est bien entendu la vente de billets, les billets qu&#8217;on ach\u00e8te pour pouvoir assister aux matchs, \u00e0 ces comp\u00e9titions, aux diff\u00e9rents \u00e9v\u00e9nements sportifs. Alors, on estime que 9,5 millions de billets ont \u00e9t\u00e9 vendus \u00e0 des spectateurs qui venaient du monde entier. Mais les Fran\u00e7ais repr\u00e9sentaient la grande majorit\u00e9, 62% des acheteurs. Et l\u00e0 aussi, un record a \u00e9t\u00e9 battu, le record des Jeux olympiques d&#8217;Atlanta o\u00f9 8,3 millions de billets avaient \u00e9t\u00e9 vendus. Maintenant, c&#8217;est assez difficile de savoir pour le moment exactement combien \u00e7a a rapport\u00e9 d&#8217;argent, concr\u00e8tement, parce que \u00e7a d\u00e9pend du prix de chaque billet, de l&#8217;endroit o\u00f9 on l&#8217;a achet\u00e9, etc.<\/p>\n\n\n\n<p><b>&nbsp;<a id=\"sonaar_ts-6927cc2c2fb40\" class=\"srmp3_sonaar_ts_shortcode\"  style=\"\" href=\"javascript:sonaar_ts_shortcode({ trackid:'0', time:'00:19:12', ts_id:'6927cc2c2fb40', play_icon:'' }) ;\">[00:19:12]<\/a> &#8211; Ingrid<\/b><\/p>\n\n\n\n<p>Mais en tout cas, \u00e7a va s\u00fbrement \u00eatre beaucoup. C&#8217;est un bon r\u00e9sultat. Et de la m\u00eame mani\u00e8re, on a plut\u00f4t un bon r\u00e9sultat en ce qui concerne le taux d&#8217;occupation des h\u00f4tels parisiens. Il a atteint 84% pendant les deux semaines qu&#8217;ont dur\u00e9 les Jeux olympiques. Donc, c&#8217;est 10 points de plus que si on compare avec l&#8217;an pass\u00e9. Et en g\u00e9n\u00e9ral, les h\u00f4tels ont pu augmenter leur prix par rapport \u00e0 d&#8217;habitude. Alors pas autant que ce qui \u00e9tait pr\u00e9vu, parce que quand les Jeux olympiques avaient \u00e9t\u00e9 annonc\u00e9s, les h\u00f4teliers \u00e9taient devenus un peu fous. Ils voulaient mettre les chambres, je ne sais pas combien, \u00e0 des prix exorbitants, donc tr\u00e8s chers, mais ils ont quand m\u00eame pu augmenter de 118% les prix par rapport \u00e0 d&#8217;habitude. Donc, le r\u00e9sultat devrait \u00eatre pas mal au final.<\/p>\n\n\n\n<p><b>&nbsp;<a id=\"sonaar_ts-6927cc2c2fb45\" class=\"srmp3_sonaar_ts_shortcode\"  style=\"\" href=\"javascript:sonaar_ts_shortcode({ trackid:'0', time:'00:20:14', ts_id:'6927cc2c2fb45', play_icon:'' }) ;\">[00:20:14]<\/a> &#8211; Hugo<\/b><\/p>\n\n\n\n<p>Alors, c&#8217;est vrai que pour les h\u00f4tels, le bilan a \u00e9t\u00e9 plut\u00f4t positif. Je crois que pour les Airbnbs, c&#8217;\u00e9tait un peu moins bien. Je sais qu&#8217;il y a beaucoup de Parisiens qui voulaient mettre leur appartement sur Airbnb pour des tarifs l\u00e0 aussi compl\u00e8tement exorbitants. Et puis, finalement, ils n&#8217;ont pas trouv\u00e9 de pigeon, on peut dire. Donc, \u00ab un pigeon \u00bb, c&#8217;est quelqu&#8217;un qui est assez na\u00eff et on utilise sa na\u00efvet\u00e9 contre lui. Donc voil\u00e0, il n&#8217;y a pas eu de pigeon pour louer des studios de 20 m\u00e8tres carr\u00e9s \u00e0 10 000 euros la semaine pendant les Jeux olympiques. Et il y a d&#8217;autres professionnels du tourisme qui ont eu un bilan un peu mitig\u00e9. Donc, un bilan ni vraiment positif ni vraiment n\u00e9gatif. Ce sont, par exemple, les restaurateurs. Alors, c&#8217;est vrai qu&#8217;ils ont eu moins de couverts. Donc, \u00ab un couvert \u00bb pour un restaurant, quand on parle de couverts&#8230; En g\u00e9n\u00e9ral, les couverts, ce sont les fourchettes, couteaux, l&#8217;assiette, etc., tout ce qu&#8217;on utilise pour manger. Et les restaurateurs parlent en nombre de couverts, autrement dit, le nombre de clients qui le servent chaque jour. Donc, il y a eu moins de fr\u00e9quentation, moins de couverts dans les restaurants, notamment \u00e0 cause de ce que certains professionnels appellent \u00ab le tourisme sac \u00e0 dos \u00bb. Donc l\u00e0, pendant les JO, c&#8217;\u00e9tait les gens qui venaient juste pour voir les \u00e9v\u00e9nements et qui se pr\u00e9paraient des sandwichs le matin, mais qui n&#8217;allaient pas d\u00e9jeuner ou d\u00eener dans les restaurants.<\/p>\n\n\n\n<p><b>&nbsp;<a id=\"sonaar_ts-6927cc2c2fb49\" class=\"srmp3_sonaar_ts_shortcode\"  style=\"\" href=\"javascript:sonaar_ts_shortcode({ trackid:'0', time:'00:21:51', ts_id:'6927cc2c2fb49', play_icon:'' }) ;\">[00:21:51]<\/a> &#8211; Ingrid<\/b><\/p>\n\n\n\n<p>Et les m\u00eames personnes aussi ont fait que la fr\u00e9quentation de tous les autres endroits touristiques a aussi beaucoup baiss\u00e9, puisque c&#8217;est vrai que Paris, c&#8217;est une ville touristique en g\u00e9n\u00e9ral avec beaucoup d&#8217;attractions. Et l\u00e0, finalement, par exemple, les mus\u00e9es ont eu une baisse de fr\u00e9quentation de 20 \u00e0 30%. Donc, voil\u00e0, finalement, on ne sait pas trop si le bilan va \u00eatre positif ou pas, parce que d\u00e9j\u00e0 en juin et juillet, il y avait eu une baisse de fr\u00e9quentation importante des restaurants, et en g\u00e9n\u00e9ral, de tout ce qui est touristique \u00e0 Paris. Et m\u00eame pendant la p\u00e9riode des JO, \u00e0 part les h\u00f4tels, le reste a plut\u00f4t moins bien fonctionn\u00e9 que d&#8217;habitude.<\/p>\n\n\n\n<p><b>&nbsp;<a id=\"sonaar_ts-6927cc2c2fb52\" class=\"srmp3_sonaar_ts_shortcode\"  style=\"\" href=\"javascript:sonaar_ts_shortcode({ trackid:'0', time:'00:22:42', ts_id:'6927cc2c2fb52', play_icon:'' }) ;\">[00:22:42]<\/a> &#8211; Hugo<\/b><\/p>\n\n\n\n<p>Ouais, mais les membres du gouvernement essaient de voir le verre \u00e0 moiti\u00e9 plein plut\u00f4t qu&#8217;\u00e0 moiti\u00e9 vide. Notamment Olivia Gr\u00e9goire, qui est la ministre charg\u00e9e des entreprises, du tourisme et de la consommation. Elle, elle dit qu&#8217;il faut compter sur les retomb\u00e9es \u00e0 moyen terme. Autrement dit, il ne faut pas regarder le bilan l\u00e0, tout de suite, maintenant, mais selon elle, d&#8217;ici 15 ans, on devrait rentrer dans nos frais. Alors \u00ab rentrer dans ses frais \u00bb, c&#8217;est une expression. Est-ce que tu veux l&#8217;expliquer, Ingrid ?<\/p>\n\n\n\n<p><b>&nbsp;<a id=\"sonaar_ts-6927cc2c2fb56\" class=\"srmp3_sonaar_ts_shortcode\"  style=\"\" href=\"javascript:sonaar_ts_shortcode({ trackid:'0', time:'00:23:17', ts_id:'6927cc2c2fb56', play_icon:'' }) ;\">[00:23:17]<\/a> &#8211; Ingrid<\/b><\/p>\n\n\n\n<p>\u00ab Les frais \u00bb, c&#8217;est les d\u00e9penses. Et donc, rentrer dans ses frais, c&#8217;est-\u00e0-dire avoir des revenus sur le long terme ou le moyen terme qui permettent de compenser les d\u00e9penses effectu\u00e9es \u00e0 un instant T.<\/p>\n\n\n\n<p><b>&nbsp;<a id=\"sonaar_ts-6927cc2c2fb5a\" class=\"srmp3_sonaar_ts_shortcode\"  style=\"\" href=\"javascript:sonaar_ts_shortcode({ trackid:'0', time:'00:23:36', ts_id:'6927cc2c2fb5a', play_icon:'' }) ;\">[00:23:36]<\/a> &#8211; Hugo<\/b><\/p>\n\n\n\n<p>C&#8217;est \u00e7a, on arrive \u00e0 l&#8217;\u00e9quilibre, on peut rentrer dans nos frais. Donc, d&#8217;apr\u00e8s cette ministre, on va rentrer dans nos frais d&#8217;ici 15 ans. Donc, il faut \u00eatre un petit peu patient.<\/p>\n\n\n\n<p><b>&nbsp;<a id=\"sonaar_ts-6927cc2c2fb5f\" class=\"srmp3_sonaar_ts_shortcode\"  style=\"\" href=\"javascript:sonaar_ts_shortcode({ trackid:'0', time:'00:23:46', ts_id:'6927cc2c2fb5f', play_icon:'' }) ;\">[00:23:46]<\/a> &#8211; Ingrid<\/b><\/p>\n\n\n\n<p>Alors, bah \u00e7a fait une bonne transition pour une derni\u00e8re partie pour parler justement des retomb\u00e9es sur le long terme, donc les retomb\u00e9es en termes d&#8217;images sur la France et sur Paris en particulier.<\/p>\n\n\n\n<p><b>&nbsp;<a id=\"sonaar_ts-6927cc2c2fb64\" class=\"srmp3_sonaar_ts_shortcode\"  style=\"\" href=\"javascript:sonaar_ts_shortcode({ trackid:'0', time:'00:24:07', ts_id:'6927cc2c2fb64', play_icon:'' }) ;\">[00:24:07]<\/a> &#8211; Hugo<\/b><\/p>\n\n\n\n<p>Alors, on a parl\u00e9 des retomb\u00e9es sportives, des retomb\u00e9es \u00e9conomiques, mais les Jeux olympiques, c&#8217;est aussi une \u00e9norme op\u00e9ration de communication pour renforcer l&#8217;image du pays organisateur. Et ces JO, pour la France, ils avaient une importance symbolique parce que comme on vous l&#8217;avait dit dans le premier \u00e9pisode qu&#8217;on avait consacr\u00e9 \u00e0 ce sujet, ils ont eu lieu exactement un si\u00e8cle apr\u00e8s les pr\u00e9c\u00e9dents Jeux olympiques qui avaient \u00e9t\u00e9 organis\u00e9s \u00e0 Paris. Paris. Donc, si vous suivez, ces Jeux olympiques \u00e9taient en 1924. C&#8217;est pour \u00e7a que pour la maire de Paris, Anne Hidalgo, ces Jeux olympiques, c&#8217;\u00e9tait un moment crucial, un moment qu&#8217;on pr\u00e9parait depuis longtemps. Mais d&#8217;un autre c\u00f4t\u00e9, on entendait aussi quelques critiques dont on vous avez parl\u00e9 aussi dans cet \u00e9pisode.<\/p>\n\n\n\n<p><b>&nbsp;<a id=\"sonaar_ts-6927cc2c2fb72\" class=\"srmp3_sonaar_ts_shortcode\"  style=\"\" href=\"javascript:sonaar_ts_shortcode({ trackid:'0', time:'00:25:10', ts_id:'6927cc2c2fb72', play_icon:'' }) ;\">[00:25:10]<\/a> &#8211; Ingrid<\/b><\/p>\n\n\n\n<p>Oui, les Fran\u00e7ais, en g\u00e9n\u00e9ral, vous savez, on aime bien se plaindre. Donc, les Fran\u00e7ais avaient tendance \u00e0 pr\u00e9voir le pire, \u00e0 dire que \u00e7a allait pas bien se passer. On s&#8217;imaginait qu&#8217;il y allait y avoir des gr\u00e8ves, qu&#8217;il y allait y avoir pas assez de transport, que les gymnases n&#8217;allaient pas \u00eatre pr\u00eats, etc. Et finalement, la maire de Paris a tenu bon, le gouvernement aussi. Ils continuaient \u00e0 dire : \u00ab non, \u00e7a va \u00eatre super, vous allez voir \u00bb. Et on a vu une interview d&#8217;Anne Hidalgo, donc la maire, qui a d\u00e9clar\u00e9 apr\u00e8s la fin des jeux : \u00ab que les Fran\u00e7ais soient retomb\u00e9s amoureux de Paris, \u00e7a me fait plaisir apr\u00e8s dix ans de bashing, nous disant que \u00e7a allait \u00eatre l&#8217;enfer \u00bb. Et voil\u00e0, j&#8217;ai bien aim\u00e9 cette phrase parce qu&#8217;il faut avouer qu&#8217;elle a raison. Les Fran\u00e7ais sont retomb\u00e9s amoureux de Paris.<\/p>\n\n\n\n<p><b>&nbsp;<a id=\"sonaar_ts-6927cc2c2fb78\" class=\"srmp3_sonaar_ts_shortcode\"  style=\"\" href=\"javascript:sonaar_ts_shortcode({ trackid:'0', time:'00:26:08', ts_id:'6927cc2c2fb78', play_icon:'' }) ;\">[00:26:08]<\/a> &#8211; Hugo<\/b><\/p>\n\n\n\n<p>C&#8217;est vrai qu&#8217;on s&#8217;attendait \u00e0 un fiasco. Et pas seulement en France. Je pense aussi que vu depuis l&#8217;\u00e9tranger, il y avait certaines craintes, notamment comme tu l&#8217;as dit en ce qui concerne les gr\u00e8ves. Mais finalement, les jeux se sont tr\u00e8s bien pass\u00e9s et \u00e7a a permis \u00e0 l&#8217;int\u00e9rieur du pays de renforcer la coh\u00e9sion sociale dans une p\u00e9riode qui \u00e9tait, on peut un peu morose. Il y avait eu ces \u00e9lections l\u00e9gislatives dont on vous avait parl\u00e9, les \u00e9lections europ\u00e9ennes avant. Donc voil\u00e0, le contexte \u00e9tait un peu tendu et les Jeux olympiques ont permis de faire une tr\u00eave, autrement dit de faire une sorte de pause, ce qu&#8217;on a appel\u00e9 la tr\u00eave olympique, et de mettre du baume au c\u0153ur \u00e0 tous les Fran\u00e7ais. Quand on dit que quelque chose nous met du baume au c\u0153ur, \u00e7a veut dire que \u00e7a nous fait tr\u00e8s plaisir. Ce n&#8217;est pas juste \u00e7a le sens..<\/p>\n\n\n\n<p><b>&nbsp;<a id=\"sonaar_ts-6927cc2c2fb7d\" class=\"srmp3_sonaar_ts_shortcode\"  style=\"\" href=\"javascript:sonaar_ts_shortcode({ trackid:'0', time:'00:27:05', ts_id:'6927cc2c2fb7d', play_icon:'' }) ;\">[00:27:05]<\/a> &#8211; Ingrid<\/b><\/p>\n\n\n\n<p>C&#8217;est du r\u00e9confort.<\/p>\n\n\n\n<p><b>&nbsp;<a id=\"sonaar_ts-6927cc2c2fb81\" class=\"srmp3_sonaar_ts_shortcode\"  style=\"\" href=\"javascript:sonaar_ts_shortcode({ trackid:'0', time:'00:27:06', ts_id:'6927cc2c2fb81', play_icon:'' }) ;\">[00:27:06]<\/a> &#8211; Hugo<\/b><\/p>\n\n\n\n<p>C&#8217;est du r\u00e9confort, exactement.<\/p>\n\n\n\n<p><b>&nbsp;<a id=\"sonaar_ts-6927cc2c2fb86\" class=\"srmp3_sonaar_ts_shortcode\"  style=\"\" href=\"javascript:sonaar_ts_shortcode({ trackid:'0', time:'00:27:08', ts_id:'6927cc2c2fb86', play_icon:'' }) ;\">[00:27:08]<\/a> &#8211; Ingrid<\/b><\/p>\n\n\n\n<p>\u00c7a nous r\u00e9conforte dans une p\u00e9riode ou dans un contexte un peu compliqu\u00e9. Donc, c&#8217;est vrai que l\u00e0, \u00e7a nous a mis du baume au c\u0153ur. On \u00e9tait un peu tous d\u00e9prim\u00e9s, angoiss\u00e9s apr\u00e8s les \u00e9lections. Et bon, m\u00eame si cette histoire n&#8217;est pas termin\u00e9e, on a eu une petite parenth\u00e8se o\u00f9 les Fran\u00e7ais ont quand m\u00eame appr\u00e9ci\u00e9, \u00e9taient heureux et ils ont \u00e9t\u00e9 ensemble, surtout.&nbsp;<\/p>\n\n\n\n<p><b>&nbsp;<a id=\"sonaar_ts-6927cc2c2fb8e\" class=\"srmp3_sonaar_ts_shortcode\"  style=\"\" href=\"javascript:sonaar_ts_shortcode({ trackid:'0', time:'00:27:35', ts_id:'6927cc2c2fb8e', play_icon:'' }) ;\">[00:27:35]<\/a> &#8211; Hugo<\/b><\/p>\n\n\n\n<p>C&#8217;est vrai. Donc, je vous ai dit que c&#8217;\u00e9tait une \u00e9norme op\u00e9ration de communication et un des arguments que le gouvernement a essay\u00e9 de mettre en avant pour ces Jeux olympiques, c&#8217;\u00e9tait que les Jeux olympiques de Paris seraient les JO les plus \u00e9cologiques de l&#8217;histoire, les plus verts de l&#8217;histoire. On voulait vraiment \u00eatre exemplaire sur le plan environnemental, mais au fur et \u00e0 mesure qu&#8217;on avan\u00e7ait dans l&#8217;organisation, on a d\u00fb faire quelques compromis. Par exemple, au d\u00e9but, on avait annonc\u00e9 que ces JO seraient neutres en carbone. Et puis, finalement, \u00e7a n&#8217;a pas \u00e9t\u00e9 le cas.<\/p>\n\n\n\n<p><b>&nbsp;<a id=\"sonaar_ts-6927cc2c2fb93\" class=\"srmp3_sonaar_ts_shortcode\"  style=\"\" href=\"javascript:sonaar_ts_shortcode({ trackid:'0', time:'00:28:14', ts_id:'6927cc2c2fb93', play_icon:'' }) ;\">[00:28:14]<\/a> &#8211; Ingrid<\/b><\/p>\n\n\n\n<p>Oui, finalement, \u00e7a a \u00e9t\u00e9 abandonn\u00e9 et remplac\u00e9 par un objectif en millions de tonnes, qui \u00e9tait quand m\u00eame un objectif assez haut par rapport aux autres \u00e9ditions. Et il y a eu quand m\u00eame des choses positives. D\u00e9j\u00e0, la majorit\u00e9 des infrastructures \u00e9taient d\u00e9j\u00e0 existantes ou alors, elles ont \u00e9t\u00e9 faites de mani\u00e8re temporaire, donc on n&#8217;a pas eu vraiment de grosses constructions expr\u00e8s pour les JO.<\/p>\n\n\n\n<p><b>&nbsp;<a id=\"sonaar_ts-6927cc2c2fb97\" class=\"srmp3_sonaar_ts_shortcode\"  style=\"\" href=\"javascript:sonaar_ts_shortcode({ trackid:'0', time:'00:28:44', ts_id:'6927cc2c2fb97', play_icon:'' }) ;\">[00:28:44]<\/a> &#8211; Hugo<\/b><\/p>\n\n\n\n<p>De toute fa\u00e7on, \u00e0 Paris, \u00e7a aurait \u00e9t\u00e9 tr\u00e8s compliqu\u00e9 de construire un nouveau stade quelque part, je pense.<\/p>\n\n\n\n<p><b>&nbsp;<a id=\"sonaar_ts-6927cc2c2fb9c\" class=\"srmp3_sonaar_ts_shortcode\"  style=\"\" href=\"javascript:sonaar_ts_shortcode({ trackid:'0', time:'00:28:52', ts_id:'6927cc2c2fb9c', play_icon:'' }) ;\">[00:28:52]<\/a> &#8211; Ingrid<\/b><\/p>\n\n\n\n<p>Oui, c&#8217;est clair. Et bah d&#8217;ailleurs, justement, il y a eu cette volont\u00e9 qui a \u00e9t\u00e9 respect\u00e9e de tout faire ou en tout cas, le maximum tr\u00e8s proche du village olympique, donc dans Paris ou en banlieue proche. 85% des infrastructures \u00e9taient \u00e0 moins de 10 km du village olympique. \u00c7a, \u00e7a permet de pas avoir \u00e0 trop se d\u00e9placer. Et en plus, pour se d\u00e9placer, il y avait quand m\u00eame un bon r\u00e9seau de transports en commun. Donc finalement, sur place, c&#8217;\u00e9tait plut\u00f4t \u00e9colo, on va dire.<\/p>\n\n\n\n<p><b>&nbsp;<a id=\"sonaar_ts-6927cc2c2fba0\" class=\"srmp3_sonaar_ts_shortcode\"  style=\"\" href=\"javascript:sonaar_ts_shortcode({ trackid:'0', time:'00:29:29', ts_id:'6927cc2c2fba0', play_icon:'' }) ;\">[00:29:29]<\/a> &#8211; Hugo<\/b><\/p>\n\n\n\n<p>Ouais. \u00c7a, c&#8217;\u00e9tait l&#8217;avantage de l&#8217;organiser \u00e0 Paris, c&#8217;est qu&#8217;effectivement, il y a un tr\u00e8s bon r\u00e9seau de transports, quand il fonctionne, en tout cas. Et l\u00e0, \u00e7a a permis, il me semble, de se rendre aux \u00e9v\u00e9nements sportifs sans trop de difficult\u00e9. Mais malgr\u00e9 toutes ces promesses et cette volont\u00e9, quand on organise ce genre d&#8217;\u00e9v\u00e9nement international, un \u00e9v\u00e9nement avec une telle ampleur, c&#8217;est forc\u00e9ment quelque chose qui est tr\u00e8s polluant, notamment \u00e0 cause de tous les spectateurs qui viennent dans le pays pour assister \u00e0 l&#8217;\u00e9v\u00e9nement, qui viennent souvent en avion. Donc voil\u00e0, c&#8217;est pour \u00e7a que c&#8217;\u00e9tait impossible d&#8217;avoir des jeux neutres en carbone.<\/p>\n\n\n\n<p><b>&nbsp;<a id=\"sonaar_ts-6927cc2c2fba5\" class=\"srmp3_sonaar_ts_shortcode\"  style=\"\" href=\"javascript:sonaar_ts_shortcode({ trackid:'0', time:'00:30:12', ts_id:'6927cc2c2fba5', play_icon:'' }) ;\">[00:30:12]<\/a> &#8211; Ingrid<\/b><\/p>\n\n\n\n<p>Le seul moyen d&#8217;avoir des jeux olympiques \u00e9colos, c&#8217;est de ne pas les faire.<\/p>\n\n\n\n<p><b>&nbsp;<a id=\"sonaar_ts-6927cc2c2fbad\" class=\"srmp3_sonaar_ts_shortcode\"  style=\"\" href=\"javascript:sonaar_ts_shortcode({ trackid:'0', time:'00:30:17', ts_id:'6927cc2c2fbad', play_icon:'' }) ;\">[00:30:17]<\/a> &#8211; Hugo<\/b><\/p>\n\n\n\n<p>Exactement.<\/p>\n\n\n\n<p><b>&nbsp;<a id=\"sonaar_ts-6927cc2c2fbb1\" class=\"srmp3_sonaar_ts_shortcode\"  style=\"\" href=\"javascript:sonaar_ts_shortcode({ trackid:'0', time:'00:30:18', ts_id:'6927cc2c2fbb1', play_icon:'' }) ;\">[00:30:18]<\/a> &#8211; Ingrid<\/b><\/p>\n\n\n\n<p>Donc, on peut dire que les JO de Paris ont fait mieux que les autres, mais dans tous les cas, \u00e7a ne pourra jamais \u00eatre un \u00e9v\u00e9nement vraiment \u00e9colo.<\/p>\n\n\n\n<p><b>&nbsp;<a id=\"sonaar_ts-6927cc2c2fbb5\" class=\"srmp3_sonaar_ts_shortcode\"  style=\"\" href=\"javascript:sonaar_ts_shortcode({ trackid:'0', time:'00:30:26', ts_id:'6927cc2c2fbb5', play_icon:'' }) ;\">[00:30:26]<\/a> &#8211; Hugo<\/b><\/p>\n\n\n\n<p>Et une des promesses qui, \u00e0 laquelle pas grand monde en France ne croyait, surtout \u00e0 Paris, c&#8217;\u00e9tait qu&#8217;on allait rendre la Seine baignable. La Seine, ce fleuve qui traverse Paris, dans lequel on ne se baigne jamais parce que c&#8217;est un fleuve qui est tr\u00e8s pollu\u00e9, eh bien la maire de Paris et les membres du comit\u00e9 international avaient annonc\u00e9 que certaines \u00e9preuves auraient lieu dans la Seine. Les \u00e9preuves de natation, de triathlon, il me semble. Et voil\u00e0, \u00e0 Paris, personne n&#8217;y croyait, mais finalement, ils ont r\u00e9ussi. Bon il y a, il me semble, une athl\u00e8te qui est tomb\u00e9e malade apr\u00e8s son \u00e9preuve. Mais officiellement, on peut se baigner dans la Seine. Alors, pendant les \u00e9preuves, mais les Parisiens pourront le faire seulement l&#8217;ann\u00e9e prochaine, il me semble, en 2025.<\/p>\n\n\n\n<p><b>&nbsp;<a id=\"sonaar_ts-6927cc2c2fbba\" class=\"srmp3_sonaar_ts_shortcode\"  style=\"\" href=\"javascript:sonaar_ts_shortcode({ trackid:'0', time:'00:31:21', ts_id:'6927cc2c2fbba', play_icon:'' }) ;\">[00:31:21]<\/a> &#8211; Ingrid<\/b><\/p>\n\n\n\n<p>Ouais, c&#8217;est ce qui est pr\u00e9vu, en tout cas. Personnellement, je suis assez sceptique. Je ne sais pas ce que tu en penses. Est-ce que toi, tu irais te baigner dans la Seine, l\u00e0 ?<\/p>\n\n\n\n<p><b>&nbsp;<a id=\"sonaar_ts-6927cc2c2fbbe\" class=\"srmp3_sonaar_ts_shortcode\"  style=\"\" href=\"javascript:sonaar_ts_shortcode({ trackid:'0', time:'00:31:32', ts_id:'6927cc2c2fbbe', play_icon:'' }) ;\">[00:31:32]<\/a> &#8211; Hugo<\/b><\/p>\n\n\n\n<p>Ouais, je pense. Franchement, pour l&#8217;exp\u00e9rience, je pense que je le ferais. Bon maintenant, je suis habitu\u00e9 \u00e0 la M\u00e9diterran\u00e9e, donc voil\u00e0.<\/p>\n\n\n\n<p><b>&nbsp;<a id=\"sonaar_ts-6927cc2c2fbc3\" class=\"srmp3_sonaar_ts_shortcode\"  style=\"\" href=\"javascript:sonaar_ts_shortcode({ trackid:'0', time:'00:32:41', ts_id:'6927cc2c2fbc3', play_icon:'' }) ;\">[00:31:41]<\/a> &#8211; Ingrid<\/b><\/p>\n\n\n\n<p>Ah Monsieur, le Marseillais.<\/p>\n\n\n\n<p><b>&nbsp;<a id=\"sonaar_ts-6927cc2c2fbc7\" class=\"srmp3_sonaar_ts_shortcode\"  style=\"\" href=\"javascript:sonaar_ts_shortcode({ trackid:'0', time:'00:31:42', ts_id:'6927cc2c2fbc7', play_icon:'' }) ;\">[00:31:42]<\/a> &#8211; Hugo<\/b><\/p>\n\n\n\n<p>Mais bon quand m\u00eame, pour me dire, je me suis baign\u00e9 dans la Seine, je pense que je le ferais. Je n&#8217;y resterai pas des heures, mais oui, j&#8217;aimerais bien essayer.<\/p>\n\n\n\n<p><b>&nbsp;<a id=\"sonaar_ts-6927cc2c2fbcc\" class=\"srmp3_sonaar_ts_shortcode\"  style=\"\" href=\"javascript:sonaar_ts_shortcode({ trackid:'0', time:'00:31:52', ts_id:'6927cc2c2fbcc', play_icon:'' }) ;\">[00:31:52]<\/a> &#8211; Ingrid<\/b><\/p>\n\n\n\n<p>Ok. Bon en tout cas, il y a d&#8217;autres choses qui ont marqu\u00e9 les esprits et on peut dire que la c\u00e9r\u00e9monie d&#8217;ouverture est pour beaucoup sur les retomb\u00e9es positives en termes d&#8217;images pour la France, puisque d\u00e9j\u00e0, \u00e7a a \u00e9t\u00e9 un grand succ\u00e8s. \u00c7a a \u00e9t\u00e9 un record de t\u00e9l\u00e9spectateurs en France et elle a \u00e9t\u00e9 largement regard\u00e9e \u00e0 l&#8217;\u00e9tranger aussi. Et c&#8217;est vrai que la mise en sc\u00e8ne mettait beaucoup en avant des symboles qui repr\u00e9sentent tout ce qu&#8217;on aime dans la France. Donc, Paris \u00e9tait tout de bleu, blanc, rouge. Il y avait des danseuses de French Cancan. Il y avait Marie-Antoinette avec la t\u00eate coup\u00e9e qui chantait. Voil\u00e0, il y avait plein de choses.<\/p>\n\n\n\n<p><b>&nbsp;<a id=\"sonaar_ts-6927cc2c2fbd0\" class=\"srmp3_sonaar_ts_shortcode\"  style=\"\" href=\"javascript:sonaar_ts_shortcode({ trackid:'0', time:'00:32:42', ts_id:'6927cc2c2fbd0', play_icon:'' }) ;\">[00:32:42]<\/a> &#8211; Hugo<\/b><\/p>\n\n\n\n<p>C&#8217;est vrai. Et puis, il faut souligner que c&#8217;\u00e9tait la premi\u00e8re c\u00e9r\u00e9monie d&#8217;ouverture qui n&#8217;avait pas lieu dans un stade. Donc, au niveau de l&#8217;organisation, c&#8217;\u00e9tait vraiment un \u00e9norme d\u00e9fi logistique. Et en plus, il a plu pendant toute la c\u00e9r\u00e9monie, ce qui a encore compliqu\u00e9 les choses. Mais moi, je trouve que \u00e7a a aussi ajout\u00e9 un petit c\u00f4t\u00e9 un peu dramatique qui \u00e9tait vraiment pas mal. Et personnellement, avant les Jeux olympiques, j&#8217;\u00e9tais un peu dans le camp des sceptiques et \u00e0 dire que \u00e7a allait \u00eatre un fiasco, etc. Et puis l\u00e0, apr\u00e8s avoir vu cette magnifique c\u00e9r\u00e9monie d&#8217;ouverture, j&#8217;\u00e9tais vraiment fier d&#8217;\u00eatre fran\u00e7ais. Donc, voil\u00e0, on peut dire que le d\u00e9fi a \u00e9t\u00e9 r\u00e9ussi.<\/p>\n\n\n\n<p><b>&nbsp;<a id=\"sonaar_ts-6927cc2c2fbd8\" class=\"srmp3_sonaar_ts_shortcode\"  style=\"\" href=\"javascript:sonaar_ts_shortcode({ trackid:'0', time:'00:33:27', ts_id:'6927cc2c2fbd8', play_icon:'' }) ;\">[00:33:27]<\/a> &#8211; Ingrid<\/b><\/p>\n\n\n\n<p>Ouais, moi aussi, pareil. Alors, je n&#8217;ai pas beaucoup suivi les \u00e9preuves sportives, m\u00eame pas du tout, mais il y a un moment que j&#8217;ai regard\u00e9 en boucle, c&#8217;\u00e9tait la prestation d&#8217;Aya Nakamura pendant la c\u00e9r\u00e9monie d&#8217;ouverture. Et je pense que c&#8217;\u00e9tait un symbole magnifique pour repr\u00e9senter la France, puisque Aya Nakamura, c&#8217;est cette chanteuse moderne d&#8217;origine malienne qui est tr\u00e8s critiqu\u00e9e par un peu la vieille \u00e9cole fran\u00e7aise. Et l\u00e0, elle a fait un pied de nez aux critiques. Donc, \u00ab faire un pied de nez \u00bb, c&#8217;est faire un&#8230; Comment on pourrait dire ?<\/p>\n\n\n\n<p><b>&nbsp;<a id=\"sonaar_ts-6927cc2c2fbdd\" class=\"srmp3_sonaar_ts_shortcode\"  style=\"\" href=\"javascript:sonaar_ts_shortcode({ trackid:'0', time:'00:34:10', ts_id:'6927cc2c2fbdd', play_icon:'' }) ;\">[00:34:10]<\/a> &#8211; Hugo<\/b><\/p>\n\n\n\n<p>\u00ab Faire un pied de nez \u00bb, c&#8217;est, on peut dire, peut-\u00eatre r\u00e9pondre avec beaucoup de style \u00e0 ces critiques, non ? Quelque chose comme \u00e7a ?<\/p>\n\n\n\n<p><b>&nbsp;<a id=\"sonaar_ts-6927cc2c2fbe1\" class=\"srmp3_sonaar_ts_shortcode\"  style=\"\" href=\"javascript:sonaar_ts_shortcode({ trackid:'0', time:'00:34:19', ts_id:'6927cc2c2fbe1', play_icon:'' }) ;\">[00:34:19]<\/a> &#8211; Ingrid<\/b><\/p>\n\n\n\n<p>Ouais, c&#8217;est vrai. Et elle a fait \u00e7a en sortant de l&#8217;Acad\u00e9mie fran\u00e7aise dont Hugo vous a parl\u00e9 d\u00e9j\u00e0 dans une vid\u00e9o, je crois. Vous savez bien ce que c&#8217;est. Une institution vieille qui critique beaucoup les nouveaut\u00e9s dans la langue fran\u00e7aise. Et elle est sortie de l\u00e0 en dansant avec la garde r\u00e9publicaine. Donc c&#8217;\u00e9tait vraiment tr\u00e8s cool. Et en plus, elle a chant\u00e9, voil\u00e0, sur du Charles Aznavour. C&#8217;\u00e9tait un super moment, j&#8217;ai trouv\u00e9. Et symboliquement, je pense que \u00e7a, \u00e7a fait rayonner la France parce que tout le monde a ador\u00e9.<\/p>\n\n\n\n<p><b>&nbsp;<a id=\"sonaar_ts-6927cc2c2fbe6\" class=\"srmp3_sonaar_ts_shortcode\"  style=\"\" href=\"javascript:sonaar_ts_shortcode({ trackid:'0', time:'00:34:56', ts_id:'6927cc2c2fbe6', play_icon:'' }) ;\">[00:34:56]<\/a> &#8211; Hugo<\/b><\/p>\n\n\n\n<p>C&#8217;est vrai, effectivement. Ce n&#8217;\u00e9tait pas une image de la France poussi\u00e9reuse, une image de seulement, voil\u00e0, la France des ann\u00e9es 60, m\u00eame si la c\u00e9r\u00e9monie a \u00e9t\u00e9 conclue par C\u00e9line Dion qui chantait du \u00c9dith Piaf. Mais bon, c&#8217;\u00e9tait une tr\u00e8s belle prestation. Mais voil\u00e0, pendant toute la c\u00e9r\u00e9monie, il y avait \u00e0 la fois des clins d&#8217;\u0153il historiques et puis plein de r\u00e9f\u00e9rences plus modernes, des valeurs aussi de tol\u00e9rance, beaucoup, notamment pour la communaut\u00e9 LGBTQ+. Donc vous nous connaissez,&nbsp; \u00e9videmment, c&#8217;est une c\u00e9r\u00e9monie qui nous a beaucoup plu. J&#8217;ai envie de dire que \u00e7a a fait l&#8217;unanimit\u00e9 parmi les Fran\u00e7ais, bon ce n&#8217;est pas le cas, il y en a \u00e0 qui \u00e7a n&#8217;a pas plu, qui ont \u00e9t\u00e9 choqu\u00e9s par certaines sc\u00e8nes, mais globalement, le sentiment \u00e9tait quand m\u00eame assez positif. Et \u00e0 l&#8217;\u00e9tranger aussi, les m\u00e9dias qui en ont parl\u00e9 ont trouv\u00e9 que c&#8217;\u00e9tait une c\u00e9r\u00e9monie d&#8217;ouverture qui \u00e9tait totalement diff\u00e9rente de ce qu&#8217;on avait vu jusque-l\u00e0.<\/p>\n\n\n\n<p><b>&nbsp;<a id=\"sonaar_ts-6927cc2c2fbea\" class=\"srmp3_sonaar_ts_shortcode\"  style=\"\" href=\"javascript:sonaar_ts_shortcode({ trackid:'0', time:'00:35:53', ts_id:'6927cc2c2fbea', play_icon:'' }) ;\">[00:35:53]<\/a> &#8211; Ingrid<\/b><\/p>\n\n\n\n<p>Donc, finalement, Paris garde son image de capitale mondiale du tourisme. C&#8217;est vrai que, bon, on peut dire que Paris n&#8217;avait pas vraiment besoin de publicit\u00e9 pour attirer des touristes. Donc, on ne sait pas forc\u00e9ment si \u00e7a va faire augmenter le taux de fr\u00e9quentation. C&#8217;\u00e9tait arriv\u00e9 pour Barcelone, il me semble, et pour Salt Lake City. Donc, en g\u00e9n\u00e9ral, les JO, ce n&#8217;est pas non plus le truc pour faire grimper le tourisme, mais pour Paris, en tout cas, \u00e7a confirme que c&#8217;est une ville tr\u00e8s attractive et je pense que les gens vont continuer de vouloir y aller, de trouver que c&#8217;est une ville vraiment tr\u00e8s, tr\u00e8s, tr\u00e8s int\u00e9ressante.<\/p>\n\n\n\n<p><b>&nbsp;<a id=\"sonaar_ts-6927cc2c2fbf3\" class=\"srmp3_sonaar_ts_shortcode\"  style=\"\" href=\"javascript:sonaar_ts_shortcode({ trackid:'0', time:'00:36:38', ts_id:'6927cc2c2fbf3', play_icon:'' }) ;\">[00:36:38]<\/a> &#8211; Hugo<\/b><\/p>\n\n\n\n<p>Alors, pour conclure, vous avez entendu que pour une fois, on \u00e9tait tr\u00e8s positifs dans cet \u00e9pisode. On n&#8217;avait pas grand-chose \u00e0 critiquer. M\u00eame si on n&#8217;est pas des grands fans de sport, nous aussi, on a beaucoup appr\u00e9ci\u00e9 ces jeux. Bon Ingrid, tu dis que tu n&#8217;as pas trop regard\u00e9 les \u00e9preuves sportives, mais au moins la c\u00e9r\u00e9monie d&#8217;ouverture.<\/p>\n\n\n\n<p><b>&nbsp;<a id=\"sonaar_ts-6927cc2c2fbf7\" class=\"srmp3_sonaar_ts_shortcode\"  style=\"\" href=\"javascript:sonaar_ts_shortcode({ trackid:'0', time:'00:36:58', ts_id:'6927cc2c2fbf7', play_icon:'' }) ;\">[00:36:58]<\/a> &#8211; Ingrid<\/b><\/p>\n\n\n\n<p>Non, mais m\u00eame en g\u00e9n\u00e9ral, j&#8217;ai trouv\u00e9 quand je regardais sur les r\u00e9seaux sociaux, dans les m\u00e9dias, etc, que c&#8217;\u00e9tait un moment qui avait l&#8217;air de f\u00e9d\u00e9rer, les gens avaient l&#8217;air heureux. Et donc, j&#8217;ai beaucoup aim\u00e9 quand m\u00eame que \u00e7a se passe comme \u00e7a et que l&#8217;organisation, finalement, se passe bien. Je ne me disais pas : \u00ab oh j&#8217;esp\u00e8re que \u00e7a va mal se passer \u00bb. Donc, je trouve que c&#8217;est plut\u00f4t positif pour le pays. Et d&#8217;ailleurs, en parlant de l&#8217;organisation, on a quelqu&#8217;un qui voudrait partager comment \u00e7a s&#8217;est pass\u00e9. Hugo, je crois qu&#8217;on a re\u00e7u un t\u00e9moignage.<\/p>\n\n\n\n<p><b>&nbsp;<a id=\"sonaar_ts-6927cc2c2fbfc\" class=\"srmp3_sonaar_ts_shortcode\"  style=\"\" href=\"javascript:sonaar_ts_shortcode({ trackid:'0', time:'00:37:38', ts_id:'6927cc2c2fbfc', play_icon:'' }) ;\">[00:37:38]<\/a> &#8211; Hugo<\/b><\/p>\n\n\n\n<p>Oui, on a re\u00e7u un t\u00e9moignage d&#8217;un auditeur du podcast br\u00e9silien qui s&#8217;appelle Elias et qui a pu \u00eatre volontaire \u00e0 ces Jeux olympiques de Paris. Il nous a envoy\u00e9 son t\u00e9moignage, donc on vous propose de l&#8217;\u00e9couter pour conclure cet \u00e9pisode.<\/p>\n\n\n\n<p><b>&nbsp;<a id=\"sonaar_ts-6927cc2c2fc00\" class=\"srmp3_sonaar_ts_shortcode\"  style=\"\" href=\"javascript:sonaar_ts_shortcode({ trackid:'0', time:'00:38:01', ts_id:'6927cc2c2fc00', play_icon:'' }) ;\">[00:38:01]<\/a> &#8211; Elias<\/b><\/p>\n\n\n\n<p>Salut, je suis Elias, je suis Br\u00e9silien, j&#8217;habite \u00e0 Toronto, au Canada, et je viens d&#8217;\u00eatre b\u00e9n\u00e9vole aux Jeux olympiques de Paris 2024. J&#8217;ai toujours une fascination pour les Jeux olympiques. Quand j&#8217;\u00e9tais petit, j&#8217;ai \u00e9crit un devoir pour l&#8217;\u00e9cole o\u00f9 je disais que mon r\u00eave \u00e9tait de participer aux Jeux olympiques. Et c&#8217;est un peu rigolo parce que j&#8217;ai m\u00eame dit dans cette composition que peu importe comment j&#8217;y participerais, je voulais juste y aller. Alors, je n&#8217;ai jamais r\u00e9ussi comme athl\u00e8te, ni en natation, ni en basket. Je suis tellement nul au volley-ball. Mais j&#8217;adore les sports en tant que spectateurs. Et Paris \u00e9tait juste l&#8217;opportunit\u00e9 parfaite pour finalement r\u00e9aliser mon r\u00eave olympique comme volontaire. Les conditions \u00e9taient bien align\u00e9es. En premi\u00e8re, les plus important, c&#8217;\u00e9tait le logement. Ma femme et moi, nous avons des membres de notre famille qui habitent en r\u00e9gion parisienne. Et \u00e7a a \u00e9t\u00e9 la condition qui a rendu cette exp\u00e9rience vraiment possible d&#8217;\u00eatre h\u00e9berg\u00e9 chez eux.<\/p>\n\n\n\n<p><b>&nbsp;<a id=\"sonaar_ts-6927cc2c2fc08\" class=\"srmp3_sonaar_ts_shortcode\"  style=\"\" href=\"javascript:sonaar_ts_shortcode({ trackid:'0', time:'00:39:39', ts_id:'6927cc2c2fc08', play_icon:'' }) ;\">[00:39:39]<\/a> &#8211; Elias<\/b><\/p>\n\n\n\n<p>La deuxi\u00e8me, c&#8217;est la langue. J&#8217;ai appris le fran\u00e7ais en 2019 pour \u00e9lever mes chances d&#8217;immigrer au Canada. Comme c&#8217;est un pays bilingue, si vous parlez les deux langues officielles, il est plus probable que vous serez invit\u00e9s en tant que r\u00e9sident. Et je l&#8217;ai appris tr\u00e8s rapidement en sept mois. En fait, Hugo, le podcast InnerFrench, a eu un r\u00f4le marquant dans ma trajectoire d&#8217;apprentissage, mais on laisse cette histoire une autre fois.<\/p>\n\n\n\n<p><b>&nbsp;<a id=\"sonaar_ts-6927cc2c2fc0d\" class=\"srmp3_sonaar_ts_shortcode\"  style=\"\" href=\"javascript:sonaar_ts_shortcode({ trackid:'0', time:'00:40:21', ts_id:'6927cc2c2fc0d', play_icon:'' }) ;\">[00:40:21]<\/a> &#8211; Elias<\/b><\/p>\n\n\n\n<p>Paris 2024 \u00e9tait une chance incroyable de pratiquer le fran\u00e7ais en situation r\u00e9elle. En tant que volontaire pour les Jeux olympiques, vous devez parler soit le fran\u00e7ais, soit l&#8217;anglais. Et comme je parle les deux langues, je crois que \u00e7a a aid\u00e9 ma candidature. Aux Jeux olympiques de Paris, mon travail en tant que b\u00e9n\u00e9vole \u00e9tait au centre d&#8217;accr\u00e9ditation pour le &#8220;workforce&#8221;. \u00c7a veut dire que nous avons distribu\u00e9 les accr\u00e9ditations \u00e0 presque tous les salari\u00e9s qui ont travaill\u00e9 aux Jeux olympiques, aux danseurs et danseuses, aux juges des matchs, aux gens qui travaillaient la restauration, aux nombreux agents de s\u00e9curit\u00e9 et aussi aux volontaires. On a v\u00e9rifi\u00e9 les pi\u00e8ces d&#8217;identit\u00e9 de nos clients, on a r\u00e9gl\u00e9 des probl\u00e8mes, s&#8217;il y en avait. Et finalement, on a imprim\u00e9 et plastifi\u00e9 les cr\u00e9dits. Les cr\u00e9dits est une version courte de nos accr\u00e9ditations que j&#8217;ai utilis\u00e9es tout le temps avec les coll\u00e8gues. Nous avons distribu\u00e9 un total de 165 000 accr\u00e9ditations. Et afin de vous donner une id\u00e9e les plus concr\u00e8te, le Stade de France, o\u00f9 nous avons les comp\u00e9titions d&#8217;athl\u00e9tisme, pour accueillir presque 82 000 personnes. Donc, moi et mes coll\u00e8gues, on a rempli le Stade de France deux fois avec le nombre d&#8217;accr\u00e9ditations qu&#8217;on a distribu\u00e9es.<\/p>\n\n\n\n<p><b>&nbsp;<a id=\"sonaar_ts-6927cc2c2fc11\" class=\"srmp3_sonaar_ts_shortcode\"  style=\"\" href=\"javascript:sonaar_ts_shortcode({ trackid:'0', time:'00:42:22', ts_id:'6927cc2c2fc11', play_icon:'' }) ;\">[00:42:22]<\/a> &#8211; Elias<\/b><\/p>\n\n\n\n<p>Lorsque vous \u00eates volontaires aux Jeux olympiques, vous ne pouvez pas choisir votre mission. Mission, c&#8217;est les mots utilis\u00e9s par les comit\u00e9s olympiques pour le travail que vous allez faire, votre t\u00e2che et votre r\u00f4le en tant que b\u00e9n\u00e9vole. Donc, au d\u00e9but, j&#8217;\u00e9tais ravi d&#8217;avoir \u00e9t\u00e9 offert ma mission au Centre d&#8217;Accr\u00e9ditation, mais aussi un peu d\u00e9\u00e7u parce qu&#8217;elle ne s&#8217;agissait pas d&#8217;une mission li\u00e9e \u00e0 un sport. Je vous dis qu&#8217;apr\u00e8s mon premier jour, je me suis d\u00e9j\u00e0 consid\u00e9r\u00e9 tellement chanceux d&#8217;\u00eatre invit\u00e9 au Centre d&#8217;Accr\u00e9ditation. C&#8217;\u00e9tait ma troisi\u00e8me fois \u00e0 Paris. Et la partie la plus marquante, c&#8217;est que j&#8217;ai vu une ville que je n&#8217;ai jamais vue auparavant. Une ville qui est alg\u00e9rienne, marocaine, romaine, polonaise, irlandaise, camerounaise, s\u00e9n\u00e9galaise, portugaise et aussi bien s\u00fbr fran\u00e7aise, mais provenant de tous les pays. Un Paris, repr\u00e9sent\u00e9 par des milliers de migrants qui font de la France leur pays, et qui ont tous les droits de les faire parce que ce sont vraiment eux qui ont rendu le Jeux olympiques possible. M\u00eame apr\u00e8s avoir fait la queue pendant deux heures, les clients en g\u00e9n\u00e9ral \u00e9tait reconnaissants de notre travail.<\/p>\n\n\n\n<p><b>&nbsp;<a id=\"sonaar_ts-6927cc2c2fc16\" class=\"srmp3_sonaar_ts_shortcode\"  style=\"\" href=\"javascript:sonaar_ts_shortcode({ trackid:'0', time:'00:44:06', ts_id:'6927cc2c2fc16', play_icon:'' }) ;\">[00:44:06]<\/a> &#8211; Elias<\/b><\/p>\n\n\n\n<p>Je suis fier de mes coll\u00e8gues b\u00e9n\u00e9voles au centre d&#8217;accr\u00e9ditation. Je suis fier aussi du service que nous avons fourni. C&#8217;\u00e9tait un vrai privil\u00e8ge d&#8217;\u00eatre l\u00e0 en tant que volontaire, de r\u00e9aliser mon r\u00eave, mais aussi de servir ce Paris de travailleurs et travailleuses.<\/p>\n\n\n\n<p><b>&nbsp;<a id=\"sonaar_ts-6927cc2c2fc1e\" class=\"srmp3_sonaar_ts_shortcode\"  style=\"\" href=\"javascript:sonaar_ts_shortcode({ trackid:'0', time:'00:44:32', ts_id:'6927cc2c2fc1e', play_icon:'' }) ;\">[00:44:32]<\/a> &#8211; Hugo<\/b><\/p>\n\n\n\n<p>Voil\u00e0, c&#8217;est tout pour ce bilan des Jeux olympiques. Merci \u00e0 toutes et \u00e0 tous de nous avoir \u00e9cout\u00e9s et on se dit rendez-vous dans deux semaines.<\/p>\n\n\n\n<p><b>&nbsp;<a id=\"sonaar_ts-6927cc2c2fc22\" class=\"srmp3_sonaar_ts_shortcode\"  style=\"\" href=\"javascript:sonaar_ts_shortcode({ trackid:'0', time:'00:44:41', ts_id:'6927cc2c2fc22', play_icon:'' }) ;\">[00:44:41]<\/a> &#8211; Ingrid<\/b><\/p>\n\n\n\n<p>Et merci Elias pour le t\u00e9moignage. \u00c0 bient\u00f4t tout le monde.<\/p>\n","protected":false},"excerpt":{"rendered":"<p>&nbsp; &#8211; Hugo Les Jeux olympiques, une victoire pour la France ? &nbsp; &#8211; Hugo Salut \u00e0 toutes et \u00e0 tous. Je suis tr\u00e8s content de vous retrouver pour cet \u00e9pisode de rentr\u00e9e. Et je suis comme d&#8217;habitude en compagnie d&#8217;Ingrid. &nbsp; &#8211; Ingrid Salut tout le monde. Moi aussi, je suis tr\u00e8s contente. J&#8217;esp\u00e8re&#8230;<\/p>\n","protected":false},"author":17473,"featured_media":289703,"comment_status":"open","ping_status":"open","sticky":false,"template":"","format":[191],"meta":{"_acf_changed":false,"_kad_blocks_custom_css":"","_kad_blocks_head_custom_js":"","_kad_blocks_body_custom_js":"","_kad_blocks_footer_custom_js":"","_kad_post_transparent":"","_kad_post_title":"","_kad_post_layout":"","_kad_post_sidebar_id":"","_kad_post_content_style":"","_kad_post_vertical_padding":"","_kad_post_feature":"","_kad_post_feature_position":"","_kad_post_header":false,"_kad_post_footer":false,"_kad_post_classname":"","footnotes":""},"categories":[168],"tags":[179,175,172,184],"class_list":["post-289593","post","type-post","status-publish","format-standard","has-post-thumbnail","hentry","category-podcast","tag-economie","tag-france","tag-societe","tag-sport","format-duo-hugo-ingrid"],"acf":[],"taxonomy_info":{"category":[{"value":168,"label":"Podcast"}],"post_tag":[{"value":179,"label":"Economie"},{"value":175,"label":"France"},{"value":172,"label":"Soci\u00e9t\u00e9"},{"value":184,"label":"Sport"}],"format":[{"value":191,"label":"Duo Hugo &amp; Ingrid"}]},"featured_image_src_large":["https:\/\/innerfrench.com\/wp-content\/uploads\/2024\/09\/JO-750x406.jpg",750,406,true],"author_info":{"display_name":"Hugo &amp; Ingrid","author_link":"https:\/\/innerfrench.com\/author\/hugo_ingrid\/"},"comment_info":10,"category_info":[{"term_id":168,"name":"Podcast","slug":"podcast","term_group":0,"term_taxonomy_id":168,"taxonomy":"category","description":"","parent":0,"count":185,"filter":"raw","cat_ID":168,"category_count":185,"category_description":"","cat_name":"Podcast","category_nicename":"podcast","category_parent":0}],"tag_info":[{"term_id":179,"name":"Economie","slug":"economie","term_group":0,"term_taxonomy_id":179,"taxonomy":"post_tag","description":"","parent":0,"count":8,"filter":"raw"},{"term_id":175,"name":"France","slug":"france","term_group":0,"term_taxonomy_id":175,"taxonomy":"post_tag","description":"","parent":0,"count":100,"filter":"raw"},{"term_id":172,"name":"Soci\u00e9t\u00e9","slug":"societe","term_group":0,"term_taxonomy_id":172,"taxonomy":"post_tag","description":"","parent":0,"count":94,"filter":"raw"},{"term_id":184,"name":"Sport","slug":"sport","term_group":0,"term_taxonomy_id":184,"taxonomy":"post_tag","description":"","parent":0,"count":5,"filter":"raw"}],"_links":{"self":[{"href":"https:\/\/innerfrench.com\/wp-json\/wp\/v2\/posts\/289593","targetHints":{"allow":["GET"]}}],"collection":[{"href":"https:\/\/innerfrench.com\/wp-json\/wp\/v2\/posts"}],"about":[{"href":"https:\/\/innerfrench.com\/wp-json\/wp\/v2\/types\/post"}],"author":[{"embeddable":true,"href":"https:\/\/innerfrench.com\/wp-json\/wp\/v2\/users\/17473"}],"replies":[{"embeddable":true,"href":"https:\/\/innerfrench.com\/wp-json\/wp\/v2\/comments?post=289593"}],"version-history":[{"count":2,"href":"https:\/\/innerfrench.com\/wp-json\/wp\/v2\/posts\/289593\/revisions"}],"predecessor-version":[{"id":292799,"href":"https:\/\/innerfrench.com\/wp-json\/wp\/v2\/posts\/289593\/revisions\/292799"}],"wp:featuredmedia":[{"embeddable":true,"href":"https:\/\/innerfrench.com\/wp-json\/wp\/v2\/media\/289703"}],"wp:attachment":[{"href":"https:\/\/innerfrench.com\/wp-json\/wp\/v2\/media?parent=289593"}],"wp:term":[{"taxonomy":"category","embeddable":true,"href":"https:\/\/innerfrench.com\/wp-json\/wp\/v2\/categories?post=289593"},{"taxonomy":"post_tag","embeddable":true,"href":"https:\/\/innerfrench.com\/wp-json\/wp\/v2\/tags?post=289593"},{"taxonomy":"format","embeddable":true,"href":"https:\/\/innerfrench.com\/wp-json\/wp\/v2\/format?post=289593"}],"curies":[{"name":"wp","href":"https:\/\/api.w.org\/{rel}","templated":true}]}}