{"id":289595,"date":"2024-10-09T14:11:32","date_gmt":"2024-10-09T12:11:32","guid":{"rendered":"https:\/\/innerfrench.com\/?p=207100"},"modified":"2025-09-25T08:50:27","modified_gmt":"2025-09-25T06:50:27","slug":"e155-transfuges-de-classe-les-nouveaux-heros-francais","status":"publish","type":"post","link":"https:\/\/innerfrench.com\/e155-transfuges-de-classe-les-nouveaux-heros-francais\/","title":{"rendered":"#155 Transfuges de classe\u00a0:\u00a0les nouveaux h\u00e9ros fran\u00e7ais ?"},"content":{"rendered":"\n<p><a id=\"sonaar_ts-6927cb11be0fc\" class=\"srmp3_sonaar_ts_shortcode\"  style=\"\" href=\"javascript:sonaar_ts_shortcode({ trackid:'0', time:'00:00:04', ts_id:'6927cb11be0fc', play_icon:'' }) ;\">[00:00:04]<\/a> &#8211; Hugo<\/p>\n\n\n\n<p>Transfuges de classe, les nouveaux h\u00e9ros fran\u00e7ais ?<\/p>\n\n\n\n<p><a id=\"sonaar_ts-6927cb11be109\" class=\"srmp3_sonaar_ts_shortcode\"  style=\"\" href=\"javascript:sonaar_ts_shortcode({ trackid:'0', time:'00:00:10', ts_id:'6927cb11be109', play_icon:'' }) ;\">[00:00:10]<\/a> &#8211; Hugo<\/p>\n\n\n\n<p>Salut \u00e0 toutes et \u00e0 tous. Salut Ingrid.<\/p>\n\n\n\n<p><a id=\"sonaar_ts-6927cb11be110\" class=\"srmp3_sonaar_ts_shortcode\"  style=\"\" href=\"javascript:sonaar_ts_shortcode({ trackid:'0', time:'00:00:13', ts_id:'6927cb11be110', play_icon:'' }) ;\">[00:00:13]<\/a> &#8211; Ingrid<\/p>\n\n\n\n<p>Salut Hugo.<\/p>\n\n\n\n<p><a id=\"sonaar_ts-6927cb11be115\" class=\"srmp3_sonaar_ts_shortcode\"  style=\"\" href=\"javascript:sonaar_ts_shortcode({ trackid:'0', time:'00:00:14', ts_id:'6927cb11be115', play_icon:'' }) ;\">[00:00:14]<\/a> &#8211; Hugo<\/p>\n\n\n\n<p>Comment \u00e7a va ?<\/p>\n\n\n\n<p><a id=\"sonaar_ts-6927cb11be11a\" class=\"srmp3_sonaar_ts_shortcode\"  style=\"\" href=\"javascript:sonaar_ts_shortcode({ trackid:'0', time:'00:00:15', ts_id:'6927cb11be11a', play_icon:'' }) ;\">[00:00:15]<\/a> &#8211; Ingrid<\/p>\n\n\n\n<p>\u00c7a va bien et toi ?<\/p>\n\n\n\n<p><a id=\"sonaar_ts-6927cb11be11f\" class=\"srmp3_sonaar_ts_shortcode\"  style=\"\" href=\"javascript:sonaar_ts_shortcode({ trackid:'0', time:'00:00:17', ts_id:'6927cb11be11f', play_icon:'' }) ;\">[00:00:17]<\/a> &#8211; Hugo<\/p>\n\n\n\n<p>\u00c7a va, \u00e7a va. Je suis tr\u00e8s content de faire cet \u00e9pisode parce que je trouve que c&#8217;est un sujet passionnant et c&#8217;est quelque chose dont on entend parler de plus en plus souvent dans les m\u00e9dias fran\u00e7ais depuis une dizaine d&#8217;ann\u00e9es. Donc, j&#8217;imagine que certains d&#8217;entre vous, nos chers auditeurs, avaient d\u00e9j\u00e0 entendu ou lu cette expression, \u00ab transfuge de classe \u00bb et peut-\u00eatre que vous vous demandez \u00e0 quoi \u00e7a fait r\u00e9f\u00e9rence. Donc, on va essayer de vous expliquer tout \u00e7a avec Ingrid aujourd&#8217;hui.<\/p>\n\n\n\n<p><a id=\"sonaar_ts-6927cb11be123\" class=\"srmp3_sonaar_ts_shortcode\"  style=\"\" href=\"javascript:sonaar_ts_shortcode({ trackid:'0', time:'00:00:50', ts_id:'6927cb11be123', play_icon:'' }) ;\">[00:00:50]<\/a> &#8211; Ingrid<\/p>\n\n\n\n<p>Oui, alors pour expliquer tr\u00e8s rapidement, avant de revenir dessus pendant tout l&#8217;\u00e9pisode, un transfuge de classe, c&#8217;est quelqu&#8217;un qui met en avant le fait d&#8217;avoir grandi dans un milieu social modeste avant de r\u00e9ussir \u00e0 rejoindre la classe bourgeoise. Les personnes qui se d\u00e9finissent ainsi peuvent raconter leur vie \u00e0 travers un r\u00e9cit tr\u00e8s romanesque qui les rend m\u00e9diatiquement int\u00e9ressantes. C&#8217;est vrai qu&#8217;on a plein de choses \u00e0 raconter quand on vient d&#8217;un milieu pauvre et puis on a eu plein de difficult\u00e9s, on a rencontr\u00e9 des obstacles et puis il y a des personnes qui nous ont sauv\u00e9, etc. Alors du coup, les m\u00e9dias adorent ce genre de r\u00e9cit.<\/p>\n\n\n\n<p><a id=\"sonaar_ts-6927cb11be128\" class=\"srmp3_sonaar_ts_shortcode\"  style=\"\" href=\"javascript:sonaar_ts_shortcode({ trackid:'0', time:'00:01:37', ts_id:'6927cb11be128', play_icon:'' }) ;\">[00:01:37]<\/a> &#8211; Hugo<\/p>\n\n\n\n<p>Oui, d&#8217;ailleurs, il faut pr\u00e9ciser qu&#8217;en France, on fait souvent r\u00e9f\u00e9rence aux \u00ab classes sociales \u00bb. Nous, \u00e7a nous semble tellement naturel que voil\u00e0, on n&#8217;y pense pas forc\u00e9ment, mais peut-\u00eatre que vous, dans votre pays, ce n&#8217;est pas une lecture sociologique qui est tr\u00e8s r\u00e9pandue. Donc, c&#8217;est vrai que dans le podcast, on parle souvent des classes sociales, les classes sociales, les classes sociales populaires, la classe moyenne, la classe bourgeoise ou la classe dominante. Donc l\u00e0, vraiment, ce concept de transfuge de classe, il repose \u00e9videmment sur cette lecture de la soci\u00e9t\u00e9 comme une soci\u00e9t\u00e9 divis\u00e9 en diff\u00e9rentes classes sociales. Et le transfuge, comme tu l&#8217;as dit, Ingrid, c&#8217;est celui qui vient, qui na\u00eet dans la classe sociale, dans les milieux populaires et qui r\u00e9ussit, d&#8217;une mani\u00e8re ou d&#8217;une autre, \u00e0 la classe dominante, la classe bourgeoise.<\/p>\n\n\n\n<p><a id=\"sonaar_ts-6927cb11be12c\" class=\"srmp3_sonaar_ts_shortcode\"  style=\"\" href=\"javascript:sonaar_ts_shortcode({ trackid:'0', time:'00:02:33', ts_id:'6927cb11be12c', play_icon:'' }) ;\">[00:02:33]<\/a> &#8211; Ingrid<\/p>\n\n\n\n<p>Et c&#8217;est vrai que sur les plateaux de t\u00e9l\u00e9, \u00e0 la radio, dans les journaux et m\u00eame dans les livres, eh bah, les journalistes ou les \u00e9crivains, les artistes aiment bien parler de ces parcours-l\u00e0 parce que \u00e7a permet de faire ce qu&#8217;on peut appeler des analyses sociologiques de comptoir. Quand on dit qu&#8217;on fait des analyses \u00ab de comptoir \u00bb, c&#8217;est une r\u00e9f\u00e9rence au comptoir de bar et donc \u00e0 ce que font les gens qui ne sont pas du tout professionnels, qui n&#8217;ont pas vraiment de connaissances sur un sujet, mais qui vont avec une logique assez simpliste, faire des analyses comme si c&#8217;\u00e9taient des grands chercheurs.<\/p>\n\n\n\n<p><a id=\"sonaar_ts-6927cb11be131\" class=\"srmp3_sonaar_ts_shortcode\"  style=\"\" href=\"javascript:sonaar_ts_shortcode({ trackid:'0', time:'00:03:19', ts_id:'6927cb11be131', play_icon:'' }) ;\">[00:03:19]<\/a> &#8211; Hugo<\/p>\n\n\n\n<p>D&#8217;ailleurs, \u00e7a fonctionne avec diff\u00e9rents domaines. On dit faire de la psychologie de comptoir, faire de l&#8217;\u00e9conomie de comptoir. Donc, quand vous parlez d&#8217;un sujet comme si vous \u00e9tiez expert, alors qu&#8217;en fait, vous avez le niveau de quelqu&#8217;un qui est dans un bar et qui discute de \u00e7a avec ses amis. Et donc, comme on l&#8217;a dit, ces r\u00e9cits de transfuges de classe, ils sont de plus en plus populaires en France et ils sont devenus tellement populaires que deux chercheuses, La\u00e9lia V\u00e9ron et Karine Abiven, ont d\u00e9cid\u00e9 de publier un livre, un essai, qui s&#8217;intitule <em>Trahir et venger, paradoxe des r\u00e9cits de transfuges de classe<\/em>, pour essayer de mieux comprendre ce ph\u00e9nom\u00e8ne. Et dans leur livre, elles se sont demand\u00e9es : est-ce que ces r\u00e9cits litt\u00e9raires de transfuges de classe correspondent \u00e0 la r\u00e9alit\u00e9 de la mobilit\u00e9 sociale en France ?<\/p>\n\n\n\n<p><a id=\"sonaar_ts-6927cb11be135\" class=\"srmp3_sonaar_ts_shortcode\"  style=\"\" href=\"javascript:sonaar_ts_shortcode({ trackid:'0', time:'00:04:17', ts_id:'6927cb11be135', play_icon:'' }) ;\">[00:04:17]<\/a> &#8211; Ingrid<\/p>\n\n\n\n<p>Et nous, on avait envie de vous parler de ce livre parce que chez InnerFrench, donc tous les deux, on adore La\u00e9lia V\u00e9ron. C&#8217;est une chercheuse qui a un point de vue \u00e0 la fois sociologique, mais aussi linguistique et qui d\u00e9cortique, qui analyse \u00e9norm\u00e9ment la langue fran\u00e7aise. Et nous, on avait beaucoup aim\u00e9 d\u00e9j\u00e0 son premier livre, &#8220;Le fran\u00e7ais est \u00e0 nous&#8221;. Et on avait aussi tous les deux \u00e9cout\u00e9 et appr\u00e9ci\u00e9 son podcast, &#8220;Parler comme jamais&#8221;. C&#8217;est vrai que souvent, on discute m\u00eame de ce qu&#8217;on a entendu. Elle fait des chroniques sur France Inter qui sont toujours int\u00e9ressantes. Et sans que vous le sachiez d&#8217;ailleurs, on utilise souvent dans nos explications des choses que nous-m\u00eames, on a appris \u00e0 travers elle. Donc, voil\u00e0,,c&#8217;est vraiment un exemple pour nous et on sait que si elle va parler d&#8217;un sujet, c&#8217;est que le sujet est int\u00e9ressant.<\/p>\n\n\n\n<p><a id=\"sonaar_ts-6927cb11be13b\" class=\"srmp3_sonaar_ts_shortcode\"  style=\"\" href=\"javascript:sonaar_ts_shortcode({ trackid:'0', time:'00:05:1', ts_id:'6927cb11be13b', play_icon:'' }) ;\">[00:05:17]<\/a> &#8211; Hugo<\/p>\n\n\n\n<p>C&#8217;est vrai, c&#8217;est un peu notre Rockstar, comme Stephen Krashen, d&#8217;ailleurs. Il faudrait peut-\u00eatre qu&#8217;on essaie de l&#8217;interviewer un jour dans le podcast, La\u00e9lia V\u00e9ron. Je pense que ce serait tr\u00e8s int\u00e9ressant que vous l&#8217;entendiez, mais vous pouvez facilement trouver ses interviews sur Internet. Elle est souvent \u00e0 la radio. Et nous, avec cet \u00e9pisode, on va essayer de vous donner les cl\u00e9s pour que vous puissiez comprendre ce dont elle parle dans ce nouveau livre, dans ce livre sur les transfuges de classe.<\/p>\n\n\n\n<p><a id=\"sonaar_ts-6927cb11be140\" class=\"srmp3_sonaar_ts_shortcode\"  style=\"\" href=\"javascript:sonaar_ts_shortcode({ trackid:'0', time:'00:05:48', ts_id:'6927cb11be140', play_icon:'' }) ;\">[00:05:48]<\/a> &#8211; Ingrid<\/p>\n\n\n\n<p>Oui, parce que c&#8217;est vrai que c&#8217;est un sujet assez compliqu\u00e9. Donc, dans cet \u00e9pisode, on va survoler certaines notions. On va expliquer les bases pour qu&#8217;ensuite, vous puissiez faire votre propre recherche. Alors, dans un premier temps, on va faire un petit point vocabulaire. Ensuite, on va pr\u00e9senter quelques grandes figures de transfuges de classes. Et enfin, on expliquera un peu plus les diff\u00e9rentes utilisations politiques, personnelles, voil\u00e0, en quoi ces r\u00e9cits peuvent servir dans un discours.<\/p>\n\n\n\n<p><a id=\"sonaar_ts-6927cb11be144\" class=\"srmp3_sonaar_ts_shortcode\"  style=\"\" href=\"javascript:sonaar_ts_shortcode({ trackid:'0', time:'00:06:35', ts_id:'6927cb11be144', play_icon:'' }) ;\">[00:06:35]<\/a> &#8211; Hugo<\/p>\n\n\n\n<p>Alors, pour commencer, un petit point de vocabulaire. Quelles sont les expressions importantes \u00e0 conna\u00eetre pour mieux comprendre ce d\u00e9bat autour des transfuges de classe ? D&#8217;abord, il y a la notion d&#8217;\u00e9galit\u00e9 des chances. \u00c7a, c&#8217;est quelque chose qu&#8217;on entend souvent dans les m\u00e9dias et aussi dans les discours politiques. L&#8217;\u00e9galit\u00e9 des chances. Je pense que vous savez d\u00e9j\u00e0 plus ou moins ce que \u00e7a veut dire. C&#8217;est cette id\u00e9e selon laquelle tout le monde doit avoir les m\u00eames opportunit\u00e9s de r\u00e9ussir, peu importe ses origines sociales, sa couleur de peau, sa religion, etc. Le r\u00f4le d&#8217;un gouvernement, c&#8217;est d&#8217;assurer \u00e0 tout le monde d&#8217;avoir les m\u00eames chances de r\u00e9ussir pour que le jeu soit juste.<\/p>\n\n\n\n<p><a id=\"sonaar_ts-6927cb11be149\" class=\"srmp3_sonaar_ts_shortcode\"  style=\"\" href=\"javascript:sonaar_ts_shortcode({ trackid:'0', time:'00:07:29', ts_id:'6927cb11be149', play_icon:'' }) ;\">[00:07:29]<\/a> &#8211; Ingrid<\/p>\n\n\n\n<p>Ensuite, comme notion importante, on peut parler de la mobilit\u00e9 sociale ou encore de l&#8217;ascenseur social. Ascenseur, c&#8217;est l&#8217;image de l&#8217;ascenseur, vous savez ce que c&#8217;est, mais appliqu\u00e9e aux classes sociales. Donc, avec cette notion, on part du principe que oui, il y a des classes sociales, mais par contre qu&#8217;il est possible de passer de l&#8217;une \u00e0 l&#8217;autre, de bouger d&#8217;une classe sociale vers une autre, de naviguer. Et notamment, il y a une phrase qui est bien connue, qui est : \u00ab L&#8217;ascenseur social est en panne. J&#8217;ai pris les escaliers \u00bb. \u00c7a, c&#8217;\u00e9tait le titre d&#8217;un livre en 2005 d&#8217;un entrepreneur qui s&#8217;appelait Aziz S\u00e9ni. Et de mani\u00e8re g\u00e9n\u00e9rale, c&#8217;est une phrase qu&#8217;on a beaucoup entendue ou une m\u00e9taphore qu&#8217;on a beaucoup entendue, que ce soit dans la bouche des politiques, mais aussi des artistes. Il y a beaucoup de rappeurs aussi qui ont repris cette notion d&#8217;ascenseur social. Donc, pour montrer que quand on est pauvre, par exemple, ou quand on est d&#8217;un milieu modeste, on peut esp\u00e9rer prendre cet ascenseur et monter vers une autre classe.<\/p>\n\n\n\n<p><a id=\"sonaar_ts-6927cb11be14d\" class=\"srmp3_sonaar_ts_shortcode\"  style=\"\" href=\"javascript:sonaar_ts_shortcode({ trackid:'0', time:'00:08:48', ts_id:'6927cb11be14d', play_icon:'' }) ;\">[00:08:48]<\/a> &#8211; Hugo<\/p>\n\n\n\n<p>Oui, parce que c&#8217;est vrai qu&#8217;avec l&#8217;ascenseur, il y a cette id\u00e9e de facilit\u00e9. Finalement, c&#8217;est facile de prendre l&#8217;ascenseur, on appuie sur un bouton pour monter les \u00e9tages, mais dans la r\u00e9alit\u00e9, c&#8217;est beaucoup plus difficile, justement, de s&#8217;\u00e9lever dans la hi\u00e9rarchie sociale, entre guillemets. C&#8217;est pour \u00e7a qu&#8217;on me dit parfois : l&#8217;ascenseur social est en panne, il ne fonctionne pas, il n&#8217;y a pas de mobilit\u00e9 sociale. Donc, la seule solution qui reste, c&#8217;est de prendre les escaliers. L\u00e0, \u00e7a prend beaucoup plus de temps, c&#8217;est plus difficile, etc. Ensuite, qu&#8217;est-ce qu&#8217;on a d&#8217;autres comme expression ? Oui, donc transfuge de classe. On dit aussi parfois transclasse. \u00c7a, on vous a expliqu\u00e9 dans l&#8217;introduction ce que \u00e7a veut dire. Et il faut savoir que quand on regarde sur Google Trends, on peut voir qu&#8217;en France, cette expression est devenue tr\u00e8s populaire \u00e0 partir de 2016. Enfin, on a commenc\u00e9 \u00e0 la voir de plus en plus \u00e0 partir de 2016 et depuis 2021, l\u00e0, elle a vraiment explos\u00e9. Donc, on la retrouve tr\u00e8s r\u00e9guli\u00e8rement dans les articles, on l&#8217;entend \u00e0 la t\u00e9l\u00e9vision, \u00e0 la radio etc.<\/p>\n\n\n\n<p><a id=\"sonaar_ts-6927cb11be158\" class=\"srmp3_sonaar_ts_shortcode\"  style=\"\" href=\"javascript:sonaar_ts_shortcode({ trackid:'0', time:'00:10:00', ts_id:'6927cb11be158', play_icon:'' }) ;\">[00:10:00]<\/a> &#8211; Ingrid<\/p>\n\n\n\n<p>Avec les mots comme \u00e7a utilis\u00e9s pour d\u00e9crire les r\u00e9alit\u00e9s, il y a un peu des modes. Quand nous, on \u00e9tait jeunes, ados, on parlait beaucoup d&#8217;ascenseur social et maintenant, on parle beaucoup de transclasses ou transfuge de classe. Et ce qui change un peu, c&#8217;est qu&#8217;avec cette nouvelle notion, on insiste beaucoup sur la personne. On ne parle pas de la mobilit\u00e9, mais on parle de la personne elle-m\u00eame qui bouge. Et \u00e7a, \u00e7a permet de cr\u00e9er un storytelling. \u00c7a permet d&#8217;insister sur le parcours individuel. Et c&#8217;est \u00e7a la grosse tendance du moment.<\/p>\n\n\n\n<p><a id=\"sonaar_ts-6927cb11be15d\" class=\"srmp3_sonaar_ts_shortcode\"  style=\"\" href=\"javascript:sonaar_ts_shortcode({ trackid:'0', time:'00:10:39', ts_id:'6927cb11be15d', play_icon:'' }) ;\">[00:10:39]<\/a> &#8211; Hugo<\/p>\n\n\n\n<p>Oui, et c&#8217;est pour \u00e7a qu&#8217;on a choisi le titre de cet \u00e9pisode, de dire que les transfuges de classe sont les nouveaux h\u00e9ros fran\u00e7ais, parce que dans ces histoires, on retrouve&#8230; Enfin, en tout cas, moi, \u00e7a m&#8217;a fait penser \u00e0 ce livre de Joseph Campbell, dont je vous parlais dans un \u00e9pisode il y a tr\u00e8s longtemps, un des premiers \u00e9pisodes du podcast, sur comment construire le h\u00e9ros parfait. Donc, pour vous rafra\u00eechir la m\u00e9moire, Joseph Campbell, c&#8217;est quelqu&#8217;un qui a analys\u00e9 les mythes et les histoires les plus populaires pour essayer de trouver des \u00e9l\u00e9ments communs. Et il a vu que dans ces histoires, il y avait une structure avec diff\u00e9rentes \u00e9tapes qui \u00e9taient tr\u00e8s souvent utilis\u00e9es. Et \u00e7a, depuis les mythes de l&#8217;Antiquit\u00e9 grecque, notamment l&#8217;histoire d&#8217;Ulysse. Donc souvent, le h\u00e9ros, au d\u00e9part, il vit dans un monde qui est un peu m\u00e9diocre, on va dire. Et puis, \u00e0 un moment, il re\u00e7oit un appel \u00e0 l&#8217;aventure. Alors, \u00e7a peut prendre diff\u00e9rentes formes.<\/p>\n\n\n\n<p><a id=\"sonaar_ts-6927cb11be162\" class=\"srmp3_sonaar_ts_shortcode\"  style=\"\" href=\"javascript:sonaar_ts_shortcode({ trackid:'0', time:'00:11:42', ts_id:'6927cb11be162', play_icon:'' }) ;\">[00:11:42]<\/a> &#8211; Hugo<\/p>\n\n\n\n<p>On peut prendre, par exemple, l&#8217;histoire de Harry Potter pour illustrer \u00e7a. Donc, Harry, il est dans son monde de moldus. Il est assez malheureux. Et puis, il re\u00e7oit une lettre qui lui dit qu&#8217;il est inscrit \u00e0 l&#8217;\u00c9cole de sorciers, \u00e0 Poudlard, la version fran\u00e7aise. Et donc l\u00e0, c&#8217;est cet appel \u00e0 l&#8217;aventure. Et en g\u00e9n\u00e9ral, au d\u00e9but, le h\u00e9ros, cet appel \u00e0 l&#8217;aventure lui fait peur. Il a peur de franchir le pas. Donc, il est un peu h\u00e9sitant, un peu r\u00e9fractaire. Et l\u00e0, il va faire la rencontre d&#8217;un mentor qui va l&#8217;encourager \u00e0 commencer cette aventure et \u00e0 passer dans ce nouveau monde. Donc, ce mentor, \u00e7a peut \u00eatre Hagrid, par exemple, dans Harry Potter. Et on retrouve souvent cette structure en fait dans les transfuges de classes. Donc, ils sont au d\u00e9part dans ce monde de la classe populaire qui n&#8217;est pas tr\u00e8s joyeux, o\u00f9 il y a \u00e9norm\u00e9ment de difficult\u00e9s. Et puis, un jour, \u00e0 l&#8217;\u00e9cole, souvent, ils rencontrent un professeur qui va les encourager et qui va leur permettre de s&#8217;\u00e9lever socialement en faisant de bonnes \u00e9tudes, etc. Donc, voil\u00e0, dans ces r\u00e9cits de transfuges de classe, il y a aussi quelques \u00e9l\u00e9ments de ces r\u00e9cits h\u00e9ro\u00efques qui avaient \u00e9t\u00e9 mis en \u00e9vidence par Joseph Campbell.<\/p>\n\n\n\n<p><a id=\"sonaar_ts-6927cb11be167\" class=\"srmp3_sonaar_ts_shortcode\"  style=\"\" href=\"javascript:sonaar_ts_shortcode({ trackid:'0', time:'00:13:04', ts_id:'6927cb11be167', play_icon:'' }) ;\">[00:13:04]<\/a> &#8211; Ingrid<\/p>\n\n\n\n<p>Et alors, quand m\u00eame, un d\u00e9tail important que j&#8217;ai appris moi-m\u00eame en pr\u00e9parant ce podcast, c&#8217;est qu&#8217;\u00e0 l&#8217;origine, le mot transfuge, c&#8217;est un mot qui est tr\u00e8s n\u00e9gatif puisque donc &#8220;trans&#8221;, c&#8217;est le passage d&#8217;un \u00e9tat \u00e0 un autre et &#8220;fuge&#8221;, \u00e7a vient de la fuite quand on essaye d&#8217;\u00e9chapper \u00e0 quelque chose. Et donc, un transfuge, c&#8217;\u00e9tait historiquement un militaire qui passait dans le camp ennemi. Donc, on a quand m\u00eame cette id\u00e9e de tra\u00eetre, de \u00ab vendu \u00bb, on dit en langage populaire en fran\u00e7ais. Donc, c&#8217;est l&#8217;id\u00e9e que quand m\u00eame, les transfuges de classes, quand ils quittent leur milieu social d&#8217;origine, ils font une forme de trahison envers leur propre famille, envers leur propre entourage.<\/p>\n\n\n\n<p><a id=\"sonaar_ts-6927cb11be16b\" class=\"srmp3_sonaar_ts_shortcode\"  style=\"\" href=\"javascript:sonaar_ts_shortcode({ trackid:'0', time:'00:13:58', ts_id:'6927cb11be16b', play_icon:'' }) ;\">[00:13:58]<\/a> &#8211; Hugo<\/p>\n\n\n\n<p>Oui. Et ensuite, souvent, ils doivent venger cette trahison d&#8217;une mani\u00e8re ou d&#8217;une autre, par exemple, soit en faisant une critique de la nouvelle classe sociale dans laquelle ils sont arriv\u00e9s, la bourgeoisie, ou alors en essayant de donner une meilleure image de leur classe sociale d&#8217;origine et de montrer toutes les difficult\u00e9s auxquelles ces personnes sont confront\u00e9es.<\/p>\n\n\n\n<p><a id=\"sonaar_ts-6927cb11be170\" class=\"srmp3_sonaar_ts_shortcode\"  style=\"\" href=\"javascript:sonaar_ts_shortcode({ trackid:'0', time:'00:14:22', ts_id:'6927cb11be170', play_icon:'' }) ;\">[00:14:22]<\/a> &#8211; Ingrid<\/p>\n\n\n\n<p>Oui, souvent, quand quelqu&#8217;un dit de lui-m\u00eame qu&#8217;il est transfuge de classe, il a tendance \u00e0 aussi exprimer une sorte de honte, honte d&#8217;avoir quitt\u00e9 son milieu. Et en \u00e7a, on peut dire qu&#8217;il y a quand m\u00eame une grosse diff\u00e9rence avec le \u00ab self-made man \u00bb am\u00e9ricain, qui est une notion tr\u00e8s connue, internationale de celui qui r\u00e9ussit \u00e0 gravir les \u00e9chelons, \u00e0 devenir riche, etc. Je pense que vous le connaissez tous et peut-\u00eatre que vous y avez pens\u00e9 en nous \u00e9coutant. Mais voil\u00e0, la grosse diff\u00e9rence, c&#8217;est cette cette id\u00e9e de tra\u00eetrise et de vengeance.<\/p>\n\n\n\n<p><a id=\"sonaar_ts-6927cb11be174\" class=\"srmp3_sonaar_ts_shortcode\"  style=\"\" href=\"javascript:sonaar_ts_shortcode({ trackid:'0', time:'00:15:03', ts_id:'6927cb11be174', play_icon:'' }) ;\">[00:15:03]<\/a> &#8211; Hugo<\/p>\n\n\n\n<p>C&#8217;est vrai. Et une autre diff\u00e9rence, c&#8217;est qu&#8217;en France, dans ces r\u00e9cits de transfuges de classe, souvent, on insiste plus sur la r\u00e9ussite d&#8217;un point de vue intellectuel que sur la r\u00e9ussite purement mat\u00e9rielle, purement financi\u00e8re. Donc, ces r\u00e9cits de transfuges de classe, ce sont souvent des \u00e9crivains qui appartiennent maintenant \u00e0 l&#8217;\u00e9lite intellectuelle. Ils ne sont pas forc\u00e9ment millionnaires, ils ne vivent pas dans des palaces, mais ils appartiennent \u00e0 cette \u00e9lite culturelle et m\u00e9diatique. Donc, on insiste plut\u00f4t sur \u00e7a, alors que c&#8217;est vrai que dans l&#8217;id\u00e9e du self-made man, on le juge souvent avec des crit\u00e8res plut\u00f4t financiers. Alors que l\u00e0, en France, ces transfuges de classe, tr\u00e8s souvent, c&#8217;est plut\u00f4t la dimension intellectuelle.<\/p>\n\n\n\n<p><a id=\"sonaar_ts-6927cb11be179\" class=\"srmp3_sonaar_ts_shortcode\"  style=\"\" href=\"javascript:sonaar_ts_shortcode({ trackid:'0', time:'00:15:51', ts_id:'6927cb11be179', play_icon:'' }) ;\">[00:15:51]<\/a> &#8211; Ingrid<\/p>\n\n\n\n<p>Et d&#8217;ailleurs, on les retrouve beaucoup dans la litt\u00e9rature et \u00e7a va \u00eatre donc notre deuxi\u00e8me partie. On va essayer de donner quelques exemples de transfuges de classe dans les livres.<\/p>\n\n\n\n<p><a id=\"sonaar_ts-6927cb11be17e\" class=\"srmp3_sonaar_ts_shortcode\"  style=\"\" href=\"javascript:sonaar_ts_shortcode({ trackid:'0', time:'00:16:08', ts_id:'6927cb11be17e', play_icon:'' }) ;\">[00:16:08]<\/a> &#8211; Hugo<\/p>\n\n\n\n<p>Alors, on vous a dit que cette notion de transfuge de classe, elle est tr\u00e8s populaire depuis une dizaine d&#8217;ann\u00e9es. Mais en r\u00e9alit\u00e9, quand on s&#8217;int\u00e9resse \u00e0 la litt\u00e9rature, on peut voir qu&#8217;elle est bien plus ancienne, parce que notamment au XIX\u1d49 si\u00e8cle, les figures de transfuges \u00e9taient assez pr\u00e9sentes dans les romans. Et \u00e0 l&#8217;\u00e9cole, maintenant, en France, c&#8217;est vrai qu&#8217;on lit souvent ces romans qui sont devenus des classiques dans lesquels on retrouve des histoires de transfuges de classe. Alors toi, Ingrid, est-ce qu&#8217;il y en a un qui te vient en t\u00eate comme \u00e7a ?<\/p>\n\n\n\n<p><a id=\"sonaar_ts-6927cb11be183\" class=\"srmp3_sonaar_ts_shortcode\"  style=\"\" href=\"javascript:sonaar_ts_shortcode({ trackid:'0', time:'00:16:47', ts_id:'6927cb11be183', play_icon:'' }) ;\">[00:16:47]<\/a> &#8211; Ingrid<\/p>\n\n\n\n<p>Alors comme \u00e7a, oui. Celui qui me vient en t\u00eate le premier, c&#8217;est Julien Sorel, dans <em>Le Rouge et le Noir,<\/em> de Stendhal. Alors moi, il faut savoir que j&#8217;ai fait des \u00e9tudes de litt\u00e9rature apr\u00e8s le lyc\u00e9e. Donc, j&#8217;ai \u00e9tudi\u00e9 <em>Le Rouge et le Noir<\/em> beaucoup, beaucoup de fois. Je pense que je l&#8217;ai lu une quinzaine de fois parce que c&#8217;est vraiment un livre de r\u00e9f\u00e9rence quand on \u00e9tudie la litt\u00e9rature fran\u00e7aise. C&#8217;est vrai qu&#8217;il est long, il a beaucoup de figures de style qui sont repr\u00e9sentatives et surtout, c&#8217;est un peu une repr\u00e9sentation de la soci\u00e9t\u00e9 fran\u00e7aise. Et donc, c&#8217;est l&#8217;histoire de ce jeune homme, Julien, qui est issu d&#8217;un milieu modeste. Il est fils de charpentier et lui, vraiment, son r\u00eave, c&#8217;est d&#8217;avoir une ascension sociale. Il r\u00eave de gloire, il r\u00eave de devenir riche, mais surtout d&#8217;avoir un statut social important. Et son mod\u00e8le, notamment, c&#8217;est Napol\u00e9on, puisque Napol\u00e9on est parti de rien. Il ne parlait m\u00eame pas fran\u00e7ais couramment, napol\u00e9on, il parlait juste Corse. Et pourtant, il est devenu ce grand personnage que nous connaissons, dont on vous a d\u00e9j\u00e0 parl\u00e9 dans ce podcast. Et donc, Julien, il est ambitieux, il est rus\u00e9 et il va utiliser ses contacts \u00e0 l&#8217;\u00c9glise, mais aussi les femmes qu&#8217;il va fr\u00e9quenter, des femmes influentes, pour r\u00e9ussir \u00e0 grimper l&#8217;\u00e9chelle sociale. Et voil\u00e0, \u00e7a, c&#8217;est quelque chose que tous les Fran\u00e7ais \u00e9tudient d\u00e8s le lyc\u00e9e et qui est un mod\u00e8le pour nous d\u00e8s qu&#8217;on est, d\u00e8s tr\u00e8s jeune, un mod\u00e8le, un exemple plut\u00f4t de la soci\u00e9t\u00e9 fran\u00e7aise.<\/p>\n\n\n\n<p><a id=\"sonaar_ts-6927cb11be188\" class=\"srmp3_sonaar_ts_shortcode\"  style=\"\" href=\"javascript:sonaar_ts_shortcode({ trackid:'0', time:'00:18:34', ts_id:'6927cb11be188', play_icon:'' }) ;\">[00:18:34]<\/a> &#8211; Hugo<\/p>\n\n\n\n<p>Oui, moi aussi, j&#8217;ai lu <em>Le Rouge et le Noir<\/em> au lyc\u00e9e. Donc \u00e7a m&#8217;avait marqu\u00e9 l&#8217;histoire de Julien Sorel. Un autre auteur fran\u00e7ais qui aimait bien ces figures de transfuges de classe, c&#8217;est Honor\u00e9 de Balzac. Et ce qui est int\u00e9ressant, c&#8217;est qu&#8217;il y a souvent aussi, d&#8217;ailleurs avec Julien Sorel, le transfuge de classe, c&#8217;est un provincial. Donc c&#8217;est quelqu&#8217;un qui vient de province et qui va aller \u00e0 Paris pour r\u00e9ussir son ascension sociale. Et \u00e7a, c&#8217;est quelque chose qui \u00e9tait vrai au XIXe si\u00e8cle et qui est toujours vrai aujourd&#8217;hui. Alors, les deux transfuges de classe les plus connus chez Balzac, c&#8217;est Lucien Chardon, un personnage des <em>Illusions Perdues<\/em>. Et lui, donc, c&#8217;\u00e9tait un jeune provincial ambitieux qui, comme Julien Sorel r\u00eavait de gloire, en particulier, lui, dans le domaine de la litt\u00e9rature, mais pas de la religion, comme Julien Sorel. C&#8217;est quelqu&#8217;un qui \u00e9tait n\u00e9 dans un milieu modeste. Et pour r\u00e9ussir, il a essay\u00e9 de changer son nom pour avoir un nom qui soit plus aristocratique. Donc, il a adopt\u00e9 le nom de Rubembr\u00e9 et il a essay\u00e9 de s&#8217;int\u00e9grer \u00e0 cette haute soci\u00e9t\u00e9 parisienne. Si vous ne l&#8217;avez pas lu, on ne va pas vous faire de spoiler pour savoir s&#8217;il a r\u00e9ussi ou non.<\/p>\n\n\n\n<p><a id=\"sonaar_ts-6927cb11be19a\" class=\"srmp3_sonaar_ts_shortcode\"  style=\"\" href=\"javascript:sonaar_ts_shortcode({ trackid:'0', time:'00:19:56', ts_id:'6927cb11be19a', play_icon:'' }) ;\">[00:19:56]<\/a> &#8211; Hugo<\/p>\n\n\n\n<p>Mais il y en a un autre dont tu veux peut-\u00eatre de parler, un autre h\u00e9ros balzacien ?<\/p>\n\n\n\n<p><a id=\"sonaar_ts-6927cb11be1a3\" class=\"srmp3_sonaar_ts_shortcode\"  style=\"\" href=\"javascript:sonaar_ts_shortcode({ trackid:'0', time:'00:20:02', ts_id:'6927cb11be1a3', play_icon:'' }) ;\">[00:20:02]<\/a> &#8211; Ingrid<\/p>\n\n\n\n<p>Que j&#8217;ai \u00e9tudi\u00e9 aussi au lyc\u00e9e, je m&#8217;en rappelle. Eug\u00e8ne de Rastignac. Et je pense que tout le monde a \u00e9tudi\u00e9 son histoire, qui est aussi un provincial issu d&#8217;une famille modeste. Il arrive \u00e0 Paris pour ses \u00e9tudes et il d\u00e9couvre la soci\u00e9t\u00e9 parisienne. Il a vraiment envie de s&#8217;\u00e9lever socialement et il va vraiment faire beaucoup d&#8217;intrigues. Il va&#8230; Comment on peut dire ?<\/p>\n\n\n\n<p><a id=\"sonaar_ts-6927cb11be1a8\" class=\"srmp3_sonaar_ts_shortcode\"  style=\"\" href=\"javascript:sonaar_ts_shortcode({ trackid:'0', time:'00:20:32', ts_id:'6927cb11be1a8', play_icon:'' }) ;\">[00:20:32]<\/a> &#8211; Hugo<\/p>\n\n\n\n<p>Des manipulations, des combines.<\/p>\n\n\n\n<p><a id=\"sonaar_ts-6927cb11be1ae\" class=\"srmp3_sonaar_ts_shortcode\"  style=\"\" href=\"javascript:sonaar_ts_shortcode({ trackid:'0', time:'00:20:35', ts_id:'6927cb11be1ae', play_icon:'' }) ;\">[00:20:35]<\/a> &#8211; Ingrid<\/p>\n\n\n\n<p>Et tout le livre raconte \u00e7a. Donc voil\u00e0, c&#8217;est vraiment un sujet que Balzac appr\u00e9ciait et voulait analyser.<\/p>\n\n\n\n<p><a id=\"sonaar_ts-6927cb11be1b2\" class=\"srmp3_sonaar_ts_shortcode\"  style=\"\" href=\"javascript:sonaar_ts_shortcode({ trackid:'0', time:'00:20:44', ts_id:'6927cb11be1b2', play_icon:'' }) ;\">[00:20:44]<\/a> &#8211; Hugo<\/p>\n\n\n\n<p>D&#8217;ailleurs, j&#8217;ai Je parle un peu de lui dans Raconte ton histoire, parce qu&#8217;une des interviews avec un de mes amis, avec Timoth\u00e9e, je ne sais pas si tu t&#8217;en souviens, mais il fait r\u00e9f\u00e9rence \u00e0 Rastignac, avec cette id\u00e9e d&#8217;aller \u00e0 Paris pour r\u00e9ussir. Donc, j&#8217;avais fait un petit le point culture dans Raconte ton histoire. Voil\u00e0, donc \u00e7a, c&#8217;est un peu les trois transfuges de classe de les plus connus de la litt\u00e9rature classique fran\u00e7aise : Julien Sorel, Lucien Chardon et Eug\u00e8ne de Rastignac.<\/p>\n\n\n\n<p><a id=\"sonaar_ts-6927cb11be1b7\" class=\"srmp3_sonaar_ts_shortcode\"  style=\"\" href=\"javascript:sonaar_ts_shortcode({ trackid:'0', time:'00:21:15', ts_id:'6927cb11be1b7', play_icon:'' }) ;\">[00:21:15]<\/a> &#8211; Ingrid<\/p>\n\n\n\n<p>Il y en a plein.<\/p>\n\n\n\n<p><a id=\"sonaar_ts-6927cb11be1bc\" class=\"srmp3_sonaar_ts_shortcode\"  style=\"\" href=\"javascript:sonaar_ts_shortcode({ trackid:'0', time:'00:21:16', ts_id:'6927cb11be1bc', play_icon:'' }) ;\">[00:21:16]<\/a> &#8211; Hugo<\/p>\n\n\n\n<p>Il y en a plein d&#8217;autres.<\/p>\n\n\n\n<p><a id=\"sonaar_ts-6927cb11be1c1\" class=\"srmp3_sonaar_ts_shortcode\"  style=\"\" href=\"javascript:sonaar_ts_shortcode({ trackid:'0', time:'00:21:17', ts_id:'6927cb11be1c1', play_icon:'' }) ;\">[00:21:17]<\/a> &#8211; Ingrid<\/p>\n\n\n\n<p>Pour pr\u00e9ciser qu&#8217;on a d\u00fb en choisir, mais en r\u00e9alit\u00e9, moi, quand je pense \u00e0 ce qu&#8217;on a pu \u00e9tudier en litt\u00e9rature classique, je pense que c&#8217;est la grande majorit\u00e9 des h\u00e9ros, c&#8217;est \u00e7a.<\/p>\n\n\n\n<p><a id=\"sonaar_ts-6927cb11be1c6\" class=\"srmp3_sonaar_ts_shortcode\"  style=\"\" href=\"javascript:sonaar_ts_shortcode({ trackid:'0', time:'00:21:29', ts_id:'6927cb11be1c6', play_icon:'' }) ;\">[00:21:29]<\/a> &#8211; Hugo<\/p>\n\n\n\n<p>Et d&#8217;ailleurs, on a not\u00e9 leur point commun, ils viennent souvent de provinces. Et un autre point commun, c&#8217;est que la plupart du temps, ce sont des hommes.<\/p>\n\n\n\n<p><a id=\"sonaar_ts-6927cb11be1cd\" class=\"srmp3_sonaar_ts_shortcode\"  style=\"\" href=\"javascript:sonaar_ts_shortcode({ trackid:'0', time:'0', ts_id:'6927cb11be1cd', play_icon:'' }) ;\">[00:21:38]<\/a> &#8211; Ingrid<\/p>\n\n\n\n<p>Oui, \u00e9crits par des hommes.<\/p>\n\n\n\n<p><a id=\"sonaar_ts-6927cb11be1d8\" class=\"srmp3_sonaar_ts_shortcode\"  style=\"\" href=\"javascript:sonaar_ts_shortcode({ trackid:'0', time:'00:21:41', ts_id:'6927cb11be1d8', play_icon:'' }) ;\">[00:21:41]<\/a> &#8211; Hugo<\/p>\n\n\n\n<p>Alors maintenant, on va peut-\u00eatre citer des exemples de la litt\u00e9rature contemporaine. Alors l\u00e0, c&#8217;est un peu diff\u00e9rent, parce que souvent, ce sont des r\u00e9cits autobiographiques. Donc, ce sont des auteurs qui parlent de leur propre histoire pour raconter l&#8217;histoire d&#8217;un transfuge de classe. Donc, la plus connue en France, c&#8217;est Annie Ernaux. Elle a gagn\u00e9 le Prix Nobel de litt\u00e9rature en 2022 et elle est consid\u00e9r\u00e9e comme la voix (voix, V-O-I-X), la voix des transfuges de classe, car Dans la plupart de ses romans, elle en a \u00e9crit pas mal, il est question de cette mobilit\u00e9 sociale parce qu&#8217;elle, elle vient d&#8217;un milieu assez modeste. Ses parents \u00e9taient des petits commer\u00e7ants en province et elle a r\u00e9ussi \u00e0 rejoindre le panth\u00e9on des auteurs fran\u00e7ais et \u00e0 gagner le Prix Nobel de litt\u00e9rature en 2022.<\/p>\n\n\n\n<p><a id=\"sonaar_ts-6927cb11be1dd\" class=\"srmp3_sonaar_ts_shortcode\"  style=\"\" href=\"javascript:sonaar_ts_shortcode({ trackid:'0', time:'00:22:4', ts_id:'6927cb11be1dd', play_icon:'' }) ;\">[00:22:40]<\/a> &#8211; Ingrid<\/p>\n\n\n\n<p>Un autre repr\u00e9sentant des transfuges de classe qui est tr\u00e8s connu, c&#8217;est \u00c9douard Louis. Donc, \u00c9douard Louis, c&#8217;est un \u00e9crivain qui vient du Nord, du d\u00e9partement du Nord, il me semble, et qui vient d&#8217;un milieu tr\u00e8s populaire. Et il a \u00e9t\u00e9 connu notamment pour son premier livre, ou en tout cas, son premier livre tr\u00e8s connu, c&#8217;est <em>Pour en finir avec Eddy Bellegueule<\/em>, dans lequel il raconte comment il est sorti de son milieu, son milieu social dans lequel il \u00e9tait maltrait\u00e9 \u00e0 cause de son homosexualit\u00e9. Il a v\u00e9cu beaucoup de violences et il ne se sentait pas du tout \u00e0 sa place. Et donc il a \u00e9t\u00e9 un peu motiv\u00e9 par cette violence pour lui se d\u00e9velopper autrement, et notamment \u00e0 travers la litt\u00e9rature, la po\u00e9sie. C&#8217;est \u00e7a qui lui a permis de bien r\u00e9ussir dans ses \u00e9tudes, de rejoindre l&#8217;\u00c9cole Normale Sup\u00e9rieure et de d\u00e9couvrir tout un autre monde. Il s&#8217;est fait des amis qui sont aujourd&#8217;hui connus comme lui dans les milieux intellectuels. Et lui, en fait, sa particularit\u00e9, c&#8217;est que comme Annie Ernaux en fait, il parle beaucoup de cette ascension sociale, mais il le fait beaucoup pour quand m\u00eame d\u00e9fendre son milieu d&#8217;origine. Il explique que lui, s&#8217;il a r\u00e9ussi \u00e0 partir, c&#8217;est parce qu&#8217;il en avait besoin, parce qu&#8217;il n&#8217;aurait pas surv\u00e9cu \u00e0 cause de son homosexualit\u00e9 s&#8217;il \u00e9tait rest\u00e9 dans son milieu d&#8217;origine.<\/p>\n\n\n\n<p><a id=\"sonaar_ts-6927cb11be1e2\" class=\"srmp3_sonaar_ts_shortcode\"  style=\"\" href=\"javascript:sonaar_ts_shortcode({ trackid:'0', time:'00:24:26', ts_id:'6927cb11be1e2', play_icon:'' }) ;\">[00:24:26]<\/a> &#8211; Hugo<\/p>\n\n\n\n<p>Oui, moi, c&#8217;est un auteur que j&#8217;aime beaucoup, \u00c9douard Louis. D&#8217;ailleurs, \u00c9douard Louis, ce n&#8217;est pas son vrai nom, c&#8217;est le nom qu&#8217;il a adopt\u00e9 justement pour sortir aussi de son milieu social. C&#8217;est pour \u00e7a que son premier roman s&#8217;intitule <em>Pour en finir avec Eddy Bellegueule<\/em>. Eddy Bellegeule, donc E-D-D-Y, le pr\u00e9nom, et Bellegueule, le nom de famille. C&#8217;\u00e9tait son nom de naissance. Et ce n&#8217;est pas quelque chose qui&#8230; Quand on l&#8217;entend, \u00e7a sonne vraiment. On voit que c&#8217;est un nom qui fait partie des classes populaires et donc il a d\u00fb ou il a choisi d&#8217;en changer pour rejoindre cette \u00e9lite intellectuelle, litt\u00e9raire fran\u00e7aise.<\/p>\n\n\n\n<p><a id=\"sonaar_ts-6927cb11be1e7\" class=\"srmp3_sonaar_ts_shortcode\"  style=\"\" href=\"javascript:sonaar_ts_shortcode({ trackid:'0', time:'00:25:08', ts_id:'6927cb11be1e7', play_icon:'' }) ;\">[00:25:08]<\/a> &#8211; Ingrid<\/p>\n\n\n\n<p>Bon \u00e7a, c&#8217;est pour quelques exemples dans la litt\u00e9rature actuelle. Et sinon, bien s\u00fbr, on entend aussi beaucoup de discours de transfuges de classes. Par exemple, dans la politique, \u00e7a, les exemples sont interminables. Moi, je voudrais juste citer, par exemple, G\u00e9rald Darmanin, notre ex ministre de l&#8217;Int\u00e9rieur, qui r\u00e9p\u00e8te \u00e9norm\u00e9ment, \u00e9norm\u00e9ment dans plein d&#8217;interviews que sa m\u00e8re \u00e9tait femme de m\u00e9nage. Donc voil\u00e0, \u00e7a fait partie de son r\u00e9cit, de l&#8217;histoire qu&#8217;il veut mettre en avant. Tout comme Jordan Bardella, dont on vous avait parl\u00e9 dans notre \u00e9pisode sur les \u00e9lections europ\u00e9ennes, qui aussi fait ce storytelling en disant : &#8220;Moi, je viens d&#8217;un milieu populaire&#8221;. Donc, en politique, on n&#8217;entend pratiquement que \u00e7a.<\/p>\n\n\n\n<p><a id=\"sonaar_ts-6927cb11be1f2\" class=\"srmp3_sonaar_ts_shortcode\"  style=\"\" href=\"javascript:sonaar_ts_shortcode({ trackid:'0', time:'00:26:04', ts_id:'6927cb11be1f2', play_icon:'' }) ;\">[00:26:04]<\/a> &#8211; Hugo<\/p>\n\n\n\n<p>Oui, parce que \u00e7a permet aux politiciens de donner l&#8217;impression qu&#8217;ils sont plus proches des Fran\u00e7ais, ou en tout cas d&#8217;une partie des Fran\u00e7ais, des milieux populaires, surtout depuis qu&#8217;il y a cette d\u00e9fiance vis-\u00e0-vis des \u00e9lites. C&#8217;est vrai que les Fran\u00e7ais font de moins en moins confiance \u00e0 la classe politique, aux politiciens, parce qu&#8217;ils ont l&#8217;impression qu&#8217;ils sont totalement d\u00e9connect\u00e9s de la r\u00e9alit\u00e9, qu&#8217;ils vivent dans leur petit monde parisien fait de privil\u00e8ges. Donc, en tant que politicien, dire qu&#8217;on vient d&#8217;un milieu modeste, \u00e7a permet de se rapprocher des \u00e9lecteurs et d&#8217;augmenter son capital sympathie.<\/p>\n\n\n\n<p><a id=\"sonaar_ts-6927cb11be1f7\" class=\"srmp3_sonaar_ts_shortcode\"  style=\"\" href=\"javascript:sonaar_ts_shortcode({ trackid:'0', time:'00:26:45', ts_id:'6927cb11be1f7', play_icon:'' }) ;\">[00:26:45]<\/a> &#8211; Ingrid<\/p>\n\n\n\n<p>Et ce sera d&#8217;ailleurs notre prochaine partie. On va se demander pourquoi cette mode, pourquoi vraiment on raconte ces r\u00e9cits de cette mani\u00e8re.<\/p>\n\n\n\n<p><a id=\"sonaar_ts-6927cb11be1fd\" class=\"srmp3_sonaar_ts_shortcode\"  style=\"\" href=\"javascript:sonaar_ts_shortcode({ trackid:'0', time:'00:27:01', ts_id:'6927cb11be1fd', play_icon:'' }) ;\">[00:27:01]<\/a> &#8211; Hugo<\/p>\n\n\n\n<p>Dans le livre qu&#8217;elle vient de publier, La\u00e9lia V\u00e9ron parle du \u00ab m\u00e9ta-discours \u00bb. \u00c7a, c&#8217;est une notion importante aussi pour comprendre les enjeux autour du concept de transfuge de classe. Le m\u00e9tadiscours, c&#8217;est ce qu&#8217;on dit de son propre discours. En gros, quand un \u00e9crivain \u00e9crit son roman et qu&#8217;il dit : \u00ab voil\u00e0 pourquoi j&#8217;ai \u00e9crit ce roman. Voil\u00e0 le message que j&#8217;essaie de faire passer \u00bb. Et dans ces r\u00e9cits de transfuges de classe, souvent, on a l&#8217;impression que ce n&#8217;est pas juste pour raconter une histoire, mais c&#8217;est pour essayer de dire quelque chose sur la soci\u00e9t\u00e9 fran\u00e7aise.<\/p>\n\n\n\n<p><a id=\"sonaar_ts-6927cb11be201\" class=\"srmp3_sonaar_ts_shortcode\"  style=\"\" href=\"javascript:sonaar_ts_shortcode({ trackid:'0', time:'00:27:46', ts_id:'6927cb11be201', play_icon:'' }) ;\">[00:27:46]<\/a> &#8211; Ingrid<\/p>\n\n\n\n<p>Alors, qu&#8217;est-ce qu&#8217;on peut vouloir dire sur la soci\u00e9t\u00e9 fran\u00e7aise ? Eh bah en fait, il y a plusieurs discours qui peuvent \u00eatre contradictoires. D&#8217;un c\u00f4t\u00e9, on a un discours plut\u00f4t de gauche, un discours qui qui veut dire que nous sommes l&#8217;exception qui confirme la r\u00e8gle. \u00ab L&#8217;exception qui confirme la r\u00e8gle \u00bb, c&#8217;est une phrase qui est beaucoup utilis\u00e9e en grammaire d&#8217;habitude, qui dit que souvent, il y a quelque chose qui est r\u00e9p\u00e9titif, mais il faut toujours qu&#8217;il y ait quelques exceptions pour que \u00e7a fonctionne. Et donc l\u00e0, c&#8217;est l&#8217;id\u00e9e qu&#8217;il y a un d\u00e9terminisme social, que l&#8217;ascenseur social est donc en panne, que les pauvres ont tendance \u00e0 rester pauvres et que la classe bourgeoise a tendance \u00e0 se reproduire. Et les transfuges de classes sont alors des exceptions qui peuvent \u00eatre des t\u00e9moins et qui peuvent \u00eatre des porte-paroles de leur milieu social d&#8217;origine et qui vont se d\u00e9soler que leurs parents, leurs fr\u00e8res et s\u0153urs, leurs amis d&#8217;enfance, eux, n&#8217;ont pas eu la m\u00eame chance qu&#8217;eux.<\/p>\n\n\n\n<p><a id=\"sonaar_ts-6927cb11be206\" class=\"srmp3_sonaar_ts_shortcode\"  style=\"\" href=\"javascript:sonaar_ts_shortcode({ trackid:'0', time:'00:29:01', ts_id:'6927cb11be206', play_icon:'' }) ;\">[00:29:01]<\/a> &#8211; Hugo<\/p>\n\n\n\n<p>Oui. Et donc ces transfuges de classe qui, dans une vision de gauche, sont des exceptions, \u00e0 travers leur r\u00e9cit, ils peuvent montrer tous les obstacles qui existent et qui emp\u00eachent qui bloque cette mobilit\u00e9 sociale, ainsi que la violence, la violence symbolique, souvent, qui est subie par les milieux populaires. Et \u00e7a, \u00e7a peut \u00eatre une vertu du r\u00e9cit de transfuges de classes, parce que ces romans, bien souvent, sont lus en grande partie par des bourgeois. Et en lisant \u00e7a, en lisant, par exemple, les romans d&#8217;\u00c9douard Louis, ils peuvent se rendre compte de la r\u00e9alit\u00e9 quotidienne des classes populaires et de toute cette violence symbolique qu&#8217;ils subissent.<\/p>\n\n\n\n<p><a id=\"sonaar_ts-6927cb11be20e\" class=\"srmp3_sonaar_ts_shortcode\"  style=\"\" href=\"javascript:sonaar_ts_shortcode({ trackid:'0', time:'00:29:48', ts_id:'6927cb11be20e', play_icon:'' }) ;\">[00:29:48]<\/a> &#8211; Ingrid<\/p>\n\n\n\n<p>Mais du coup, il y a quand m\u00eame un paradoxe. C&#8217;est vrai que l\u00e0, tu reparles d&#8217;\u00c9douard Louis et j&#8217;avais vu que lui disait qu&#8217;il voulait aussi donner de la force \u00e0 ceux qui viennent des classes populaires pour montrer que c&#8217;est possible. Et donc, bah c&#8217;est un peu, on ne sait pas trop o\u00f9 va le discours. Est-ce que l&#8217;objectif, c&#8217;est de d\u00e9noncer ces diff\u00e9rences pour faire en sorte qu&#8217;elles n&#8217;existent plus ou de donner de la motivation aux rares personnes qui pourraient avoir le m\u00eame parcours que lui ? Et l\u00e0, on en vient au fait que ces r\u00e9cits, ils servent aussi une id\u00e9e plut\u00f4t \u00e0 droite et qui est compl\u00e8tement contradictoire.<\/p>\n\n\n\n<p><a id=\"sonaar_ts-6927cb11be213\" class=\"srmp3_sonaar_ts_shortcode\"  style=\"\" href=\"javascript:sonaar_ts_shortcode({ trackid:'0', time:'00:30:30', ts_id:'6927cb11be213', play_icon:'' }) ;\">[00:30:30]<\/a> &#8211; Hugo<\/p>\n\n\n\n<p>Oui, une vision plus lib\u00e9rale qui est tr\u00e8s simple, c&#8217;est l&#8217;id\u00e9e que quand on veut, on peut. \u00c7a, c&#8217;est quelque chose qu&#8217;on entend souvent les politiciens dire. \u00ab Quand on veut, on peut \u00bb. Ou alors, il suffit de vouloir. Donc, ces discours, en fait, ils justifient l&#8217;existence d&#8217;une m\u00e9ritocratie. Ceux qui r\u00e9ussissent, ce sont ceux qui ont travaill\u00e9 le plus dur. Et le transfuge de classe, c&#8217;est bien la preuve que c&#8217;est possible, que pour r\u00e9ussir, il suffit de travailler dur \u00e0 l&#8217;\u00e9cole, par exemple, de faire de bonnes \u00e9tudes et on va devenir un auteur \u00e0 succ\u00e8s. Et les lib\u00e9raux aiment bien cette figure du transfuge de classe parce qu&#8217;elle a le m\u00e9rite de ne pas remettre en question les classes sociales. Contrairement, par exemple, \u00e0 une vision plus marxiste o\u00f9 les r\u00e9volutionnaires marxistes, ce qu&#8217;ils veulent, c&#8217;est abolir totalement les classes sociales. Alors qu&#8217;avec le transfuge, je vois Ingrid qui brandit le poing. Attention, parce que l\u00e0, on va se faire insulter de marxistes-communistes dans les commentaires.<\/p>\n\n\n\n<p><a id=\"sonaar_ts-6927cb11be217\" class=\"srmp3_sonaar_ts_shortcode\"  style=\"\" href=\"javascript:sonaar_ts_shortcode({ trackid:'0', time:'00:31:44', ts_id:'6927cb11be217', play_icon:'' }) ;\">[00:31:44]<\/a> &#8211; Ingrid<\/p>\n\n\n\n<p>J&#8217;ai rien dit.<\/p>\n\n\n\n<p><a id=\"sonaar_ts-6927cb11be21c\" class=\"srmp3_sonaar_ts_shortcode\"  style=\"\" href=\"javascript:sonaar_ts_shortcode({ trackid:'0', time:'00:31:47', ts_id:'6927cb11be21c', play_icon:'' }) ;\">[00:31:47]<\/a> &#8211; Hugo<\/p>\n\n\n\n<p>Donc voil\u00e0, pour les lib\u00e9raux, le transfuge de classe, c&#8217;est une tr\u00e8s bonne figure parce que \u00e7a permet de dire: Si vous ne r\u00e9ussissez pas, c&#8217;est tout simplement parce que vous \u00eates paresseux, vous n&#8217;avez pas assez travaill\u00e9. Il n&#8217;y a aucun probl\u00e8me dans la structure de la soci\u00e9t\u00e9, dans la structure des classes sociales. C&#8217;est simplement une histoire de trajectoire individuelle.<\/p>\n\n\n\n<p><a id=\"sonaar_ts-6927cb11be225\" class=\"srmp3_sonaar_ts_shortcode\"  style=\"\" href=\"javascript:sonaar_ts_shortcode({ trackid:'0', time:'00:32:08', ts_id:'6927cb11be225', play_icon:'' }) ;\">[00:32:08]<\/a> &#8211; Ingrid<\/p>\n\n\n\n<p>Bon et pour terminer, on peut quand m\u00eame admettre que pour beaucoup, c&#8217;est aussi une mani\u00e8re de se mettre en avant. On l&#8217;a dit au d\u00e9but, c&#8217;est tr\u00e8s romanesque de se pr\u00e9senter comme un transfuge de classe. \u00c7a permet de montrer qu&#8217;on a une vie hyper int\u00e9ressante. \u00c7a permet d&#8217;\u00eatre invit\u00e9s sur les plateaux t\u00e9l\u00e9. C&#8217;est pour \u00e7a qu&#8217;il y en a beaucoup, m\u00eame, qui exag\u00e8rent carr\u00e9ment et qui font comme s&#8217;ils \u00e9taient transfuges de classe, alors que quand on creuse, ils ne le sont pas vraiment. Donc voil\u00e0, il y a aussi une histoire de mise en avant personnelle, tout simplement.<\/p>\n\n\n\n<p><a id=\"sonaar_ts-6927cb11be229\" class=\"srmp3_sonaar_ts_shortcode\"  style=\"\" href=\"javascript:sonaar_ts_shortcode({ trackid:'0', time:'00:32:47', ts_id:'6927cb11be229', play_icon:'' }) ;\">[00:32:47]<\/a> &#8211; Hugo<\/p>\n\n\n\n<p>Oui, et c&#8217;est int\u00e9ressant parce que \u00e7a, on le retrouve m\u00eame \u00e0 gauche chez, finalement, ces personnes qui disent : \u00ab voil\u00e0, moi, je suis une exception. J&#8217;ai r\u00e9ussi, mais tout simplement parce que j&#8217;ai eu un peu de chance et puis aussi j&#8217;ai tr\u00e8s bien travaill\u00e9 \u00e0 l&#8217;\u00e9cole, mais pour tous les autres, c&#8217;est impossible de faire la m\u00eame chose que moi \u00bb. Donc voil\u00e0, c&#8217;est un peu une forme de fausse modestie, on pourrait dire, quand on fait semblant d&#8217;\u00eatre humble, mais que derri\u00e8re, on essaye de se faire mousser. C&#8217;est une bonne expression. \u00ab Se faire mousser \u00bb, c&#8217;est se vanter de quelque chose, donner une bonne image de soi. Voil\u00e0. Qu&#8217;est-ce que tu en penses ? On s&#8217;arr\u00eate l\u00e0 ?<\/p>\n\n\n\n<p><a id=\"sonaar_ts-6927cb11be22e\" class=\"srmp3_sonaar_ts_shortcode\"  style=\"\" href=\"javascript:sonaar_ts_shortcode({ trackid:'0', time:'00:33:34', ts_id:'6927cb11be22e', play_icon:'' }) ;\">[00:33:34]<\/a> &#8211; Ingrid<\/p>\n\n\n\n<p>Ouais, je trouve qu&#8217;on a bien balay\u00e9 le sujet. Maintenant, c&#8217;est \u00e0 eux de lire le livre de La\u00e9lia V\u00e9ron.<\/p>\n\n\n\n<p><a id=\"sonaar_ts-6927cb11be232\" class=\"srmp3_sonaar_ts_shortcode\"  style=\"\" href=\"javascript:sonaar_ts_shortcode({ trackid:'0', time:'00:33:41', ts_id:'6927cb11be232', play_icon:'' }) ;\">[00:33:41]<\/a> &#8211; Hugo<\/p>\n\n\n\n<p>Ouais, et on va mettre comme d&#8217;habitude les sources sur la page de l&#8217;\u00e9pisode, si vous voulez en savoir plus, si c&#8217;est un sujet qui vous pla\u00eet. On vous invite aussi, comme d&#8217;habitude \u00e0 \u00e9crire un petit commentaire. N&#8217;h\u00e9sitez pas \u00e0 d\u00e9battre avec les autres auditeurs du podcast. Et on se retrouve dans deux semaines pour un nouvel \u00e9pisode.<\/p>\n\n\n\n<p><a id=\"sonaar_ts-6927cb11be237\" class=\"srmp3_sonaar_ts_shortcode\"  style=\"\" href=\"javascript:sonaar_ts_shortcode({ trackid:'0', time:'00:34:02', ts_id:'6927cb11be237', play_icon:'' }) ;\">[00:34:02]<\/a> &#8211; Ingrid<\/p>\n\n\n\n<p>\u00c0 dans deux semaines. Salut.<\/p>\n\n\n\n<p><a id=\"sonaar_ts-6927cb11be23b\" class=\"srmp3_sonaar_ts_shortcode\"  style=\"\" href=\"javascript:sonaar_ts_shortcode({ trackid:'0', time:'00:34:04', ts_id:'6927cb11be23b', play_icon:'' }) ;\">[00:34:04]<\/a> &#8211; Hugo<\/p>\n\n\n\n<p>Ciao.<\/p>\n","protected":false},"excerpt":{"rendered":"<p>&#8211; Hugo Transfuges de classe, les nouveaux h\u00e9ros fran\u00e7ais ? &#8211; Hugo Salut \u00e0 toutes et \u00e0 tous. Salut Ingrid. &#8211; Ingrid Salut Hugo. &#8211; Hugo Comment \u00e7a va ? &#8211; Ingrid \u00c7a va bien et toi ? &#8211; Hugo \u00c7a va, \u00e7a va. Je suis tr\u00e8s content de faire cet \u00e9pisode parce que je&#8230;<\/p>\n","protected":false},"author":17473,"featured_media":289705,"comment_status":"open","ping_status":"open","sticky":false,"template":"","format":[191],"meta":{"_acf_changed":false,"_kad_blocks_custom_css":"","_kad_blocks_head_custom_js":"","_kad_blocks_body_custom_js":"","_kad_blocks_footer_custom_js":"","_kad_post_transparent":"","_kad_post_title":"","_kad_post_layout":"","_kad_post_sidebar_id":"","_kad_post_content_style":"","_kad_post_vertical_padding":"","_kad_post_feature":"","_kad_post_feature_position":"","_kad_post_header":false,"_kad_post_footer":false,"_kad_post_classname":"","footnotes":""},"categories":[168],"tags":[177,179,172],"class_list":["post-289595","post","type-post","status-publish","format-standard","has-post-thumbnail","hentry","category-podcast","tag-culture","tag-economie","tag-societe","format-duo-hugo-ingrid"],"acf":[],"taxonomy_info":{"category":[{"value":168,"label":"Podcast"}],"post_tag":[{"value":177,"label":"Culture"},{"value":179,"label":"Economie"},{"value":172,"label":"Soci\u00e9t\u00e9"}],"format":[{"value":191,"label":"Duo Hugo &amp; Ingrid"}]},"featured_image_src_large":["https:\/\/innerfrench.com\/wp-content\/uploads\/2024\/10\/transfuge-de-classe-750x406.jpg",750,406,true],"author_info":{"display_name":"Hugo &amp; Ingrid","author_link":"https:\/\/innerfrench.com\/author\/hugo_ingrid\/"},"comment_info":33,"category_info":[{"term_id":168,"name":"Podcast","slug":"podcast","term_group":0,"term_taxonomy_id":168,"taxonomy":"category","description":"","parent":0,"count":185,"filter":"raw","cat_ID":168,"category_count":185,"category_description":"","cat_name":"Podcast","category_nicename":"podcast","category_parent":0}],"tag_info":[{"term_id":177,"name":"Culture","slug":"culture","term_group":0,"term_taxonomy_id":177,"taxonomy":"post_tag","description":"","parent":0,"count":44,"filter":"raw"},{"term_id":179,"name":"Economie","slug":"economie","term_group":0,"term_taxonomy_id":179,"taxonomy":"post_tag","description":"","parent":0,"count":8,"filter":"raw"},{"term_id":172,"name":"Soci\u00e9t\u00e9","slug":"societe","term_group":0,"term_taxonomy_id":172,"taxonomy":"post_tag","description":"","parent":0,"count":94,"filter":"raw"}],"_links":{"self":[{"href":"https:\/\/innerfrench.com\/wp-json\/wp\/v2\/posts\/289595","targetHints":{"allow":["GET"]}}],"collection":[{"href":"https:\/\/innerfrench.com\/wp-json\/wp\/v2\/posts"}],"about":[{"href":"https:\/\/innerfrench.com\/wp-json\/wp\/v2\/types\/post"}],"author":[{"embeddable":true,"href":"https:\/\/innerfrench.com\/wp-json\/wp\/v2\/users\/17473"}],"replies":[{"embeddable":true,"href":"https:\/\/innerfrench.com\/wp-json\/wp\/v2\/comments?post=289595"}],"version-history":[{"count":2,"href":"https:\/\/innerfrench.com\/wp-json\/wp\/v2\/posts\/289595\/revisions"}],"predecessor-version":[{"id":292797,"href":"https:\/\/innerfrench.com\/wp-json\/wp\/v2\/posts\/289595\/revisions\/292797"}],"wp:featuredmedia":[{"embeddable":true,"href":"https:\/\/innerfrench.com\/wp-json\/wp\/v2\/media\/289705"}],"wp:attachment":[{"href":"https:\/\/innerfrench.com\/wp-json\/wp\/v2\/media?parent=289595"}],"wp:term":[{"taxonomy":"category","embeddable":true,"href":"https:\/\/innerfrench.com\/wp-json\/wp\/v2\/categories?post=289595"},{"taxonomy":"post_tag","embeddable":true,"href":"https:\/\/innerfrench.com\/wp-json\/wp\/v2\/tags?post=289595"},{"taxonomy":"format","embeddable":true,"href":"https:\/\/innerfrench.com\/wp-json\/wp\/v2\/format?post=289595"}],"curies":[{"name":"wp","href":"https:\/\/api.w.org\/{rel}","templated":true}]}}