{"id":289596,"date":"2024-10-23T14:02:48","date_gmt":"2024-10-23T12:02:48","guid":{"rendered":"https:\/\/innerfrench.com\/?p=207167"},"modified":"2025-09-25T08:53:56","modified_gmt":"2025-09-25T06:53:56","slug":"e156-pourquoi-je-me-suis-installe-a-marseille","status":"publish","type":"post","link":"https:\/\/innerfrench.com\/e156-pourquoi-je-me-suis-installe-a-marseille\/","title":{"rendered":"#156 Pourquoi Hugo s&#8217;est install\u00e9 \u00e0 Marseille\u00a0?"},"content":{"rendered":"<a id=\"sonaar_ts-6927caf2a01fe\" class=\"srmp3_sonaar_ts_shortcode\"  style=\"\" href=\"javascript:sonaar_ts_shortcode({ trackid:'0', time:'00:00:03', ts_id:'6927caf2a01fe', play_icon:'' }) ;\">[00:00:03]<\/a>\n\n\n\n<p>Pourquoi je me suis install\u00e9 \u00e0 Marseille ?<\/p>\n\n\n<a id=\"sonaar_ts-6927caf2a020c\" class=\"srmp3_sonaar_ts_shortcode\"  style=\"\" href=\"javascript:sonaar_ts_shortcode({ trackid:'0', time:'00:00:09', ts_id:'6927caf2a020c', play_icon:'' }) ;\">[00:00:09]<\/a>\n\n\n\n<p>Salut \u00e0 toutes et \u00e0 tous. J&#8217;esp\u00e8re que vous allez bien. Moi, je suis ravi de vous retrouver pour un petit \u00e9pisode en solo. \u00c7a ne va pas \u00eatre un \u00e9pisode tr\u00e8s s\u00e9rieux. Je vais tout simplement vous raconter ma vie, ce qui s&#8217;est pass\u00e9 dans ma vie pendant ces derniers mois, parce que je sais que \u00e7a en int\u00e9resse certains d&#8217;entre vous. Et puis, on ne va pas se le cacher, c&#8217;est le genre d&#8217;\u00e9pisode qui est plus facile \u00e0 faire que quand on doit traiter un sujet politique, sociologique ou historique. Mais je vais quand m\u00eame essayer de placer quelques expressions utiles et des informations sur la France. Donc, si vous avez le courage de m&#8217;\u00e9couter jusqu&#8217;au bout, je pense que vous allez quand m\u00eame pouvoir apprendre deux ou trois trucs. Comme vous le savez s\u00fbrement, je suis rentr\u00e9 en France il y a d\u00e9j\u00e0 quelques mois. \u00c7a va faire bient\u00f4t un an. Non, d&#8217;ailleurs, \u00e7a fait un an. \u00c7a fait d\u00e9j\u00e0 un an que je suis rentr\u00e9 en France et je me suis install\u00e9 \u00e0 Marseille. Alors, si on m&#8217;avait dit \u00e7a il y a quelques ann\u00e9es, si on m&#8217;avait dit que je vivrais un jour dans cette ville, je n&#8217;y aurais jamais cru.<\/p>\n\n\n<a id=\"sonaar_ts-6927caf2a0213\" class=\"srmp3_sonaar_ts_shortcode\"  style=\"\" href=\"javascript:sonaar_ts_shortcode({ trackid:'0', time:'00:01:26', ts_id:'6927caf2a0213', play_icon:'' }) ;\">[00:01:26]<\/a>\n\n\n\n<p>D&#8217;ailleurs, j&#8217;avais fait une vid\u00e9o sur la cha\u00eene YouTube, une vid\u00e9o pour vous expliquer ce que les Fran\u00e7ais pensent de Marseille. Et j&#8217;\u00e9tais pas super positif dans cette vid\u00e9o, m\u00eame si quand je fais ces vid\u00e9os sur les villes fran\u00e7aises, j&#8217;essaye d&#8217;\u00eatre assez \u00e9quilibr\u00e9, de parler \u00e0 la fois des c\u00f4t\u00e9s positifs et n\u00e9gatifs. Mais l\u00e0, sur Marseille, je pense que j&#8217;avais une vision assez biais\u00e9e, comme beaucoup de mes compatriotes d&#8217;ailleurs. Vous le savez peut-\u00eatre, mais Marseille, c&#8217;est une ville sur laquelle les Fran\u00e7ais ont beaucoup d&#8217;a priori n\u00e9gatifs. Tout \u00e7a pour vous dire que dans cet \u00e9pisode, je vais vous expliquer pourquoi j&#8217;ai quitt\u00e9 la Pologne et ce qui m&#8217;a convaincu de poser mes valises \u00e0 Marseille.<\/p>\n\n\n<a id=\"sonaar_ts-6927caf2a0219\" class=\"srmp3_sonaar_ts_shortcode\"  style=\"\" href=\"javascript:sonaar_ts_shortcode({ trackid:'0', time:'00:02:24', ts_id:'6927caf2a0219', play_icon:'' }) ;\">[00:02:24]<\/a>\n\n\n\n<p>Quand j&#8217;ai d\u00e9m\u00e9nag\u00e9 en Pologne, il y a 10 ans, quand j&#8217;ai quitt\u00e9 Paris pour m&#8217;installer \u00e0 Varsovie, je ne m&#8217;\u00e9tais pas vraiment demand\u00e9 pour combien de temps ce serait. Je n&#8217;imaginais pas forc\u00e9ment passer toute ma vie en Pologne, mais je ne m&#8217;\u00e9tais pas fix\u00e9 de date limite. Je ne m&#8217;\u00e9tais pas dit que dans cinq ans, je rentrerai en France. J&#8217;\u00e9tais simplement parti avec mon meilleur ami, une valise, pour commencer un nouveau chapitre de ma vie en Pologne.<\/p>\n\n\n<a id=\"sonaar_ts-6927caf2a021e\" class=\"srmp3_sonaar_ts_shortcode\"  style=\"\" href=\"javascript:sonaar_ts_shortcode({ trackid:'0', time:'00:02:59', ts_id:'6927caf2a021e', play_icon:'' }) ;\">[00:02:59]<\/a>\n\n\n\n<p>Et l\u00e0-bas, j&#8217;ai rencontr\u00e9 assez rapidement ma copine, Weronika, qui m&#8217;a dit, assez t\u00f4t dans notre relation, qu&#8217;elle avait envie de conna\u00eetre autre chose en termes de ville, qu&#8217;elle, elle \u00e9tait n\u00e9e, elle avait grandi \u00e0 Varsovie et qu&#8217;elle n&#8217;avait pas envie de passer toute sa vie l\u00e0-bas. Donc moi, j&#8217;avais toujours \u00e7a dans un coin de la t\u00eate. J&#8217;y pensais toujours un peu. Je me disais que cette vie en Pologne, ce n&#8217;\u00e9tait pas pour toujours et qu&#8217;\u00e0 un moment, on allait partir, Weronika et moi. Mais les ann\u00e9es qui ont suivi, il y a beaucoup de choses qui se sont pass\u00e9es, comme c&#8217;est souvent le cas \u00e0 cet \u00e2ge-l\u00e0. Moi, j&#8217;avais ma vingtaine et j&#8217;arrivais sur ma trentaine. Et donc, c&#8217;est \u00e0 ce moment-l\u00e0, notamment, que j&#8217;ai commenc\u00e9 ma nouvelle carri\u00e8re de professeur \u00e0 l&#8217;Institut fran\u00e7ais. Ensuite, vous le savez, j&#8217;ai lanc\u00e9 InnerFrench avec ce podcast, les cours, la cha\u00eene YouTube. Donc, il y avait plein de choses qui se passaient en m\u00eame temps. Et puis, Weronika, elle aussi, a lanc\u00e9 son entreprise. Donc, on \u00e9tait tous les deux tr\u00e8s occup\u00e9s et on n&#8217;avait pas vraiment l&#8217;espace mental pour envisager de partir.<\/p>\n\n\n<a id=\"sonaar_ts-6927caf2a0223\" class=\"srmp3_sonaar_ts_shortcode\"  style=\"\" href=\"javascript:sonaar_ts_shortcode({ trackid:'0', time:'00:04:23', ts_id:'6927caf2a0223', play_icon:'' }) ;\">[00:04:23]<\/a>\n\n\n\n<p>Et puis, on se sentait plut\u00f4t bien \u00e0 Varsovie. C&#8217;est vrai que c&#8217;est une ville qui est assez qui se d\u00e9veloppe, qui est sur une bonne dynamique. Moi, j&#8217;ai vraiment vu le changement entre l&#8217;ann\u00e9e o\u00f9 je suis arriv\u00e9 et l&#8217;ann\u00e9e o\u00f9 je suis parti. En l&#8217;espace de dix ans, c&#8217;est une ville qui a beaucoup chang\u00e9 et plut\u00f4t dans la bonne direction. Donc c&#8217;\u00e9tait assez sympa de vivre \u00e7a de l&#8217;int\u00e9rieur. C&#8217;est vrai que je comparais souvent avec Paris et Paris, c&#8217;est une ville qui me semblait un peu plus fig\u00e9e. C&#8217;est une ville o\u00f9 il est difficile de construire de nouveaux b\u00e2timents, par exemple, parce qu&#8217;il y a peu d&#8217;espace et que beaucoup de quartiers de b\u00e2timents sont prot\u00e9g\u00e9s. M\u00eame si c&#8217;est vrai que ces derni\u00e8res ann\u00e9es, Paris aussi a beaucoup chang\u00e9, sous l&#8217;impulsion de la Maire Anne Hidalgo. Bref, \u00e7a, c&#8217;est une parenth\u00e8se. Mais \u00e7a explique que, voil\u00e0, nous, on se d\u00e9veloppait au niveau professionnel avec nos entreprises. On \u00e9tait dans un endroit qui se d\u00e9veloppait aussi. Donc, on avait l&#8217;impression d&#8217;\u00eatre de mettre sur une bonne dynamique et on n&#8217;avait pas forc\u00e9ment envie de partir. Et puis, c&#8217;est un peu ce qu&#8217;on appelle \u00ab la force d&#8217;inertie \u00bb. Inertie, I-N-E-R-T-I-E. C&#8217;est quelque chose qui vous retient. Quand vous avez beaucoup d&#8217;obligations qui se mettent en place, \u00e7a devient de plus en plus difficile d&#8217;imaginer partir. Donc nous, on avait nos obligations professionnelles, mais \u00e9galement des cercles d&#8217;amis, des activit\u00e9s, etc. Je n&#8217;ai pas besoin de vous expliquer. Vous savez comment \u00e7a se passe.<\/p>\n\n\n<a id=\"sonaar_ts-6927caf2a0228\" class=\"srmp3_sonaar_ts_shortcode\"  style=\"\" href=\"javascript:sonaar_ts_shortcode({ trackid:'0', time:'00:06:03', ts_id:'6927caf2a0228', play_icon:'' }) ;\">[00:06:03]<\/a>\n\n\n\n<p>Donc, voil\u00e0, tout \u00e7a pour dire que les ann\u00e9es sont pass\u00e9es tr\u00e8s vite. D&#8217;autant plus qu&#8217;il y a eu le Covid entre temps, qui nous a vol\u00e9 quasiment trois ann\u00e9es de notre vie, comme vous le savez. Et puis, au moment du Covid, comme beaucoup de personnes, on a eu besoin de trouver un peu de s\u00e9curit\u00e9. Et c&#8217;est \u00e0 ce moment-l\u00e0 qu&#8217;on est tomb\u00e9 dans le pi\u00e8ge des annonces immobili\u00e8re. \u00ab Une annonce immobili\u00e8re \u00bb, c&#8217;est une annonce pour acheter ou louer un appartement ou une maison, un bien immobilier. Donc une annonce immobili\u00e8re. On a commenc\u00e9 \u00e0 regarder ces annonces en cherchant un appartement. Au d\u00e9but, moi, je le faisais simplement par curiosit\u00e9 pour m&#8217;amuser. C&#8217;est pour \u00e7a que je dis que c&#8217;est un pi\u00e8ge. Parce que assez souvent, quand on commence \u00e0 regarder les annonces immobili\u00e8res, on essaye de se convaincre en se disant qu&#8217;on fait \u00e7a seulement pour s&#8217;amuser. Et puis, \u00e0 force de s&#8217;amuser, on commence \u00e0 prendre le jeu au s\u00e9rieux, \u00e0 faire quelques visites et l\u00e0, la machine est lanc\u00e9e.<\/p>\n\n\n<a id=\"sonaar_ts-6927caf2a022d\" class=\"srmp3_sonaar_ts_shortcode\"  style=\"\" href=\"javascript:sonaar_ts_shortcode({ trackid:'0', time:'00:07:11', ts_id:'6927caf2a022d', play_icon:'' }) ;\">[00:07:11]<\/a>\n\n\n\n<p>Donc pour nous, c&#8217;est ce qui s&#8217;est pass\u00e9. On a commenc\u00e9 \u00e0 visiter quelques appartements et puis, assez rapidement, on en a trouv\u00e9 un qui nous plaisait. Et l\u00e0, en plein Covid, on a d\u00e9cid\u00e9 d&#8217;acheter cet appartement et on a pass\u00e9 quasiment deux ans \u00e0 le r\u00e9nover. Et l\u00e0, une fois que l&#8217;appartement \u00e9tait pr\u00eat, on a emm\u00e9nag\u00e9 dedans. Et puis, l&#8217;automne est arriv\u00e9. Et c&#8217;est vrai qu&#8217;\u00e0 chaque fois, \u00e0 cette saison, quand l&#8217;automne arrivait \u00e0 Varsovie, Weronika et moi, on se disait que c&#8217;\u00e9tait la derni\u00e8re fois qu&#8217;on passait un hiver dans cette ville. Parce que c&#8217;est vrai qu&#8217;\u00e0 partir d&#8217;octobre, et puis apr\u00e8s, surtout novembre, d\u00e9cembre, l&#8217;hiver en Pologne, ce n&#8217;est pas la saison la plus sympa. Les jours sont tr\u00e8s courts, il fait froid, il pleut, etc. Et c&#8217;est vrai qu&#8217;\u00e0 chaque fois, chaque automne, chaque hiver, on se disait : \u00ab bon c&#8217;est la derni\u00e8re fois, ensuite, il faut qu&#8217;on parte \u00bb. Et l\u00e0, m\u00eame si on avait notre appartement, on se sentait bien, on s&#8217;est dit que non, \u00e7a devait \u00eatre le dernier hiver.<\/p>\n\n\n<a id=\"sonaar_ts-6927caf2a0233\" class=\"srmp3_sonaar_ts_shortcode\"  style=\"\" href=\"javascript:sonaar_ts_shortcode({ trackid:'0', time:'00:08:35', ts_id:'6927caf2a0233', play_icon:'' }) ;\">[00:08:35]<\/a>\n\n\n\n<p>Apr\u00e8s avoir enfin pris la d\u00e9cision de partir, la grande question, c&#8217;\u00e9tait : oui, mais o\u00f9 ? \u00c7a faisait quasiment 10 ans que je vivais \u00e0 l&#8217;\u00e9tranger et je me suis rendu compte que j&#8217;avais le mal du pays.<\/p>\n\n\n<a id=\"sonaar_ts-6927caf2a0238\" class=\"srmp3_sonaar_ts_shortcode\"  style=\"\" href=\"javascript:sonaar_ts_shortcode({ trackid:'0', time:'00:08:41', ts_id:'6927caf2a0238', play_icon:'' }) ;\">[00:08:41]<\/a>\n\n\n\n<p>\u00ab Avoir le mal du pays \u00bb, ce n&#8217;est pas comme avoir le mal de mer. Avoir le mal de mer, c&#8217;est quand on est sur un bateau et qu&#8217;on se sent mal, on a mal au ventre, on a envie de vomir. \u00c7a, c&#8217;est le mal de mer. Ou quand on a un mal de t\u00eate ou des maux de t\u00eate, parce que souvent, on utilise le pluriel, \u00e7a veut dire que notre t\u00eate nous fait souffrir, on ressent des douleurs \u00e0 la t\u00eate. Mais avoir le mal du pays, c&#8217;est quelque chose qui est plus positif, on pourrait dire. C&#8217;est un sentiment de nostalgie quand vous \u00eates loin de votre pays et qu&#8217;il vous manque. Moi, m\u00eame si je rentrais r\u00e9guli\u00e8rement en France, \u00e7a faisait quasiment 10 ans que je n&#8217;y vivais plus et j&#8217;ai senti que la France me manquait. J&#8217;avais envie d&#8217;\u00eatre plus proche de ma famille, de mes amis. Et c&#8217;est comme \u00e7a qu&#8217;on a pris la d\u00e9cision avec Weronika, d&#8217;aller s&#8217;installer en France.<\/p>\n\n\n<a id=\"sonaar_ts-6927caf2a023d\" class=\"srmp3_sonaar_ts_shortcode\"  style=\"\" href=\"javascript:sonaar_ts_shortcode({ trackid:'0', time:'00:09:48', ts_id:'6927caf2a023d', play_icon:'' }) ;\">[00:09:48]<\/a>\n\n\n\n<p>Mais comme vous le savez, la France, c&#8217;est un pays assez grand ou relativement grand. \u00c7a d\u00e9pend de l\u00e0 o\u00f9 vous vivez. C&#8217;est s\u00fbr que si vous vivez en Russie, en Chine ou aux \u00c9tats-Unis, la France peut vous sembler assez petite, mais il y a quand m\u00eame pas mal de choix. Et nous, c&#8217;est un peu la mal\u00e9diction qu&#8217;on avait avec ma copine, la mal\u00e9diction du t\u00e9l\u00e9travail. Comme on \u00e9tait tous les deux mobiles, on pouvait tous les deux emmener notre entreprise dans notre valise, eh bien, en th\u00e9orie, on pouvait s&#8217;installer n&#8217;importe o\u00f9 en France. Alors \u00e9videmment, on a envisag\u00e9 Paris parce que c&#8217;est une ville qu&#8217;on aime bien tous les deux. Moi, j&#8217;y ai v\u00e9cu pendant plusieurs ann\u00e9es, mais je me suis dit que ce chapitre-l\u00e0 \u00e9tait termin\u00e9. Je n&#8217;avais pas envie de retourner y vivre apr\u00e8s 10 ans, m\u00eame si j&#8217;ai encore plein d&#8217;amis et une partie de ma vie l\u00e0-bas. Voil\u00e0, j&#8217;ai senti que j&#8217;avais envie de quelque chose de diff\u00e9rent, notamment, et \u00e7a, c&#8217;\u00e9tait le cas aussi pour Weronika, on voulait avoir une m\u00e9t\u00e9o plus cl\u00e9mente, autrement dit avoir plus de soleil. Plus de soleil qu&#8217;\u00e0 Varsovie, mais aussi plus de soleil qu&#8217;\u00e0 Paris, parce que Paris, c&#8217;est une ville assez pluvieuse. Donc, on regardait plut\u00f4t vers le sud de la France.<\/p>\n\n\n<a id=\"sonaar_ts-6927caf2a0247\" class=\"srmp3_sonaar_ts_shortcode\"  style=\"\" href=\"javascript:sonaar_ts_shortcode({ trackid:'0', time:'00:11:02', ts_id:'6927caf2a0247', play_icon:'' }) ;\">[00:11:02]<\/a>\n\n\n\n<p>Et puis, quand on a fait un peu la liste de nos crit\u00e8res, on s&#8217;est rendu compte qu&#8217;on avait aussi envie d&#8217;essayer de vivre \u00e0 la campagne. Alors \u00e7a, c&#8217;\u00e9tait le cas, je sais, pour beaucoup de personnes, pendant ou apr\u00e8s le Covid. Tout le monde avait cette envie d&#8217;avoir une maison avec un jardin, un potager, etc. Et nous, on est tomb\u00e9 compl\u00e8tement dans ce clich\u00e9. Donc, on s&#8217;est dit qu&#8217;au lieu d&#8217;aller s&#8217;installer encore dans une grande ville, eh bien, cette fois, on pourrait essayer de chercher un petit village \u00e0 la campagne. Et l\u00e0, je me suis rendu compte que je connaissais tr\u00e8s mal la France parce que je n&#8217;avais aucune id\u00e9e des villages dans lesquels on pourrait s&#8217;installer dans le sud de la France. Alors, paradoxalement, dans notre cours interm\u00e9diaire, Build a Strong Core, il y a un quiz pour aider les \u00e9l\u00e8ves \u00e0 trouver leur ville id\u00e9ale en France en fonction de diff\u00e9rents crit\u00e8res, de questions qu&#8217;on leur pose. Mais moi, je connaissais d\u00e9j\u00e0 toutes les villes qui \u00e9taient dans ce quiz et il n&#8217;y en avait aucune qui me faisait vraiment r\u00eaver. Je me disais que je pourrais trouver un un petit village secret avec plein de charme et qui r\u00e9pondrait \u00e0 tous nos crit\u00e8res. Donc, je suis parti en qu\u00eate de ce village parfait. Alors, pour trouver l&#8217;inspiration, j&#8217;ai \u00e9cout\u00e9 des podcasts qui sont faits pour les Parisiens qui souhaitent quitter Paris ou des Parisiens qui ont quitt\u00e9 Paris et qui t\u00e9moignent, qui racontent leur vie dans leur nouvelle ville d&#8217;adoption.<\/p>\n\n\n<a id=\"sonaar_ts-6927caf2a024d\" class=\"srmp3_sonaar_ts_shortcode\"  style=\"\" href=\"javascript:sonaar_ts_shortcode({ trackid:'0', time:'00:12:58', ts_id:'6927caf2a024d', play_icon:'' }) ;\">[00:12:58]<\/a>\n\n\n\n<p>Et j&#8217;ai \u00e9cout\u00e9 ces podcasts parce que c&#8217;est un peu l&#8217;\u00e9tat d&#8217;esprit dans lequel je me sentais. On venait de vivre dans une tr\u00e8s grande ville, dans une capitale. Bon, m\u00eame si ce n&#8217;\u00e9tait pas Paris, en l&#8217;occurrence, c&#8217;\u00e9tait Varsovie. Et on avait envie de quelque chose de diff\u00e9rent. Donc, il y a deux podcasts que j&#8217;ai \u00e9cout\u00e9s. Le premier, il s&#8217;appelle &#8220;Ciao Paris&#8221; et le deuxi\u00e8me, &#8220;Paris, je te quitte&#8221;. \u00c7a peut \u00eatre une bonne id\u00e9e pour vous de les \u00e9couter parce que, comme je vous l&#8217;ai dit, ce sont des t\u00e9moignages, des personnes qui parlent de leur vie quotidienne, de leurs d\u00e9cisions. Donc, il y a beaucoup de vocabulaire du quotidien. Et puis, \u00e7a permet aussi de d\u00e9couvrir de nouvelles villes, de nouveaux horizons. Donc voil\u00e0, \u00e7a peut \u00eatre une bonne id\u00e9e, peut-\u00eatre pour trouver votre prochaine destination de vacances. Je ne sais pas.<\/p>\n\n\n<a id=\"sonaar_ts-6927caf2a0252\" class=\"srmp3_sonaar_ts_shortcode\"  style=\"\" href=\"javascript:sonaar_ts_shortcode({ trackid:'0', time:'00:13:51', ts_id:'6927caf2a0252', play_icon:'' }) ;\">[00:13:51]<\/a>\n\n\n\n<p>Bref, dans ces podcasts, il y avait une r\u00e9gion qui revenait souvent, qui \u00e9tait souvent \u00e9voqu\u00e9e, c&#8217;\u00e9tait la r\u00e9gion de Toulouse. Alors moi, je me suis dit: Pourquoi pas Toulouse ? D&#8217;autant plus que comme vous le savez, Ingrid a v\u00e9cu l\u00e0-bas aussi et elle adore cette ville. Donc, on s&#8217;est dit qu&#8217;on allait peut-\u00eatre chercher dans cette r\u00e9gion, pas forc\u00e9ment \u00e0 Toulouse, mais dans la r\u00e9gion toulousaine. Et en parall\u00e8le, pour trouver ce village id\u00e9al, j&#8217;ai commenc\u00e9 \u00e0 chercher toutes les informations possibles sur les petits villages de cette r\u00e9gion. Et l\u00e0, je me suis rendu compte qu&#8217;en France, on a vraiment une quantit\u00e9 \u00e9norme de statistiques.<\/p>\n\n\n<a id=\"sonaar_ts-6927caf2a0257\" class=\"srmp3_sonaar_ts_shortcode\"  style=\"\" href=\"javascript:sonaar_ts_shortcode({ trackid:'0', time:'00:14:42', ts_id:'6927caf2a0257', play_icon:'' }) ;\">[00:14:42]<\/a>\n\n\n\n<p>Alors, je ne sais pas si c&#8217;est la m\u00eame chose dans d&#8217;autres pays, mais en France, il y a des sites sur lesquels on peut trouver pour chaque village, chaque ville, \u00e9videmment, l&#8217;\u00e2ge moyen des habitants, la r\u00e9partition par \u00e2ge, la part de la population active, autrement dit, la part de personnes qui travaillent versus celles qui sont \u00e0 la retraite ou qui sont des enfants, les revenus moyens, les cat\u00e9gories socioprofessionnelles, la r\u00e9partition par niveau de dipl\u00f4me, la situation des m\u00e9nages, autrement dit, la part de personnes qui sont mari\u00e9es ou c\u00e9libataires ou veufs, je crois, les r\u00e9sultats aux derni\u00e8res \u00e9lections, les chiffres sur la d\u00e9linquance, etc. Donc, en fait, sur ces sites, par exemple, un site qui s&#8217;appelle Ville Id\u00e9ale, on peut avoir le portrait d&#8217;une ville avec une \u00e9norme quantit\u00e9 de statistiques pour essayer de se faire une id\u00e9e sur ses habitants. Alors \u00e9videmment, c&#8217;est assez r\u00e9ducteur. Les statistiques ne disent pas tout, mais \u00e7a permet quand m\u00eame de se faire une id\u00e9e.<\/p>\n\n\n<a id=\"sonaar_ts-6927caf2a025c\" class=\"srmp3_sonaar_ts_shortcode\"  style=\"\" href=\"javascript:sonaar_ts_shortcode({ trackid:'0', time:'00:15:52', ts_id:'6927caf2a025c', play_icon:'' }) ;\">[00:15:52]<\/a>\n\n\n\n<p>Par exemple, nous, on avait plut\u00f4t envie d&#8217;un village avec une population assez jeune, assez dynamique. Donc pour \u00e7a, je suis all\u00e9 voir aussi sur le site des mairies des villages. La mairie, c&#8217;est l&#8217;institution qui dirige une ville ou un village. Donc, sur le site des mairies, on peut voir en g\u00e9n\u00e9ral s&#8217;il y a des associations, par exemple, des associations culturelles ou sportives, les infrastructures qu&#8217;il y a pour pratiquer ces activit\u00e9s. Est-ce qu&#8217;il y a une biblioth\u00e8que ? Est-ce qu&#8217;il y a un cin\u00e9ma ? Est-ce qu&#8217;il y a des \u00e9v\u00e9nements qui sont organis\u00e9s ? \u00c7a, \u00e7a permet aussi de se faire une id\u00e9e pour savoir si c&#8217;est plut\u00f4t un village qui se d\u00e9veloppe, qui est sur une bonne dynamique ou au contraire, un village qui est plut\u00f4t en train de mourir. Parce que malheureusement, c&#8217;est le cas de beaucoup de villages en France.<\/p>\n\n\n<a id=\"sonaar_ts-6927caf2a0261\" class=\"srmp3_sonaar_ts_shortcode\"  style=\"\" href=\"javascript:sonaar_ts_shortcode({ trackid:'0', time:'00:16:44', ts_id:'6927caf2a0261', play_icon:'' }) ;\">[00:16:44]<\/a>\n\n\n\n<p>Et puis, une derni\u00e8re source d&#8217;information que j&#8217;ai utilis\u00e9e, c&#8217;\u00e9tait les groupes Facebook des habitants. Parce que souvent, en tapant le nom d&#8217;un village sur Facebook, on peut trouver des groupes. Ils ne sont pas toujours publics, parfois ils sont priv\u00e9s, mais sur lesquelles les habitants partagent des informations, parlent des diff\u00e9rents \u00e9v\u00e9nements, etc. Et l\u00e0 aussi, \u00e7a permet de se faire une id\u00e9e de la mentalit\u00e9 des gens qui habitent l\u00e0-bas.<\/p>\n\n\n<a id=\"sonaar_ts-6927caf2a0266\" class=\"srmp3_sonaar_ts_shortcode\"  style=\"\" href=\"javascript:sonaar_ts_shortcode({ trackid:'0', time:'00:17:14', ts_id:'6927caf2a0266', play_icon:'' }) ;\">[00:17:14]<\/a>\n\n\n\n<p>Donc, j&#8217;ai pris toutes ces informations et j&#8217;ai cr\u00e9\u00e9 un tableur Excel g\u00e9ant, un esp\u00e8ce de monstre qui \u00e9tait digne d&#8217;un consultant d&#8217;un cabinet de conseil. Donc voil\u00e0, j&#8217;avais cet \u00e9norme tableur avec toutes les informations, avec des filtres, etc, pour comparer ces villages. Et puis, en fonction de \u00e7a, on a fait une petite s\u00e9lection et j&#8217;ai commenc\u00e9 \u00e0 regarder, encore une fois, les annonces immobili\u00e8res dans ces villages. L\u00e0, c&#8217;est vrai que \u00e7a fait r\u00eaver quand on compare \u00e7a aux annonces immobili\u00e8res dans une grande ville, parce que pour le m\u00eame prix qu&#8217;un petit appartement \u00e0 Paris, on peut avoir une grande maison avec une piscine, avec un \u00e9norme jardin, etc. Donc voil\u00e0, \u00e7a donnait envie d&#8217;aller s&#8217;installer.<\/p>\n\n\n<a id=\"sonaar_ts-6927caf2a026c\" class=\"srmp3_sonaar_ts_shortcode\"  style=\"\" href=\"javascript:sonaar_ts_shortcode({ trackid:'0', time:'00:18:32', ts_id:'6927caf2a026c', play_icon:'' }) ;\">[00:18:32]<\/a>\n\n\n\n<p>Pendant que j&#8217;\u00e9tais en train de chercher mon village id\u00e9al dans ce tableur Excel, la vie en a d\u00e9cid\u00e9 autrement. Comme c&#8217;est souvent le cas, la vie a boulevers\u00e9 nos plans. Il y a eu un \u00e9v\u00e9nement dans ma famille qui a pr\u00e9cipit\u00e9 notre retour en France, qui a acc\u00e9l\u00e9r\u00e9 notre retour en France. Et donc, on s&#8217;est install\u00e9 temporairement \u00e0 Ch\u00e2teauroux, dans ma ville natale, pour g\u00e9rer cet \u00e9v\u00e9nement. Et en m\u00eame temps, on a mis notre appartement \u00e0 Varsovie en vente. Donc voil\u00e0, je n&#8217;ai pas eu le temps de me poser beaucoup plus de questions, ce qui \u00e9tait s\u00fbrement une bonne chose. On a fait nos valises et on s&#8217;est install\u00e9 \u00e0 Ch\u00e2teauroux.<\/p>\n\n\n<a id=\"sonaar_ts-6927caf2a0278\" class=\"srmp3_sonaar_ts_shortcode\"  style=\"\" href=\"javascript:sonaar_ts_shortcode({ trackid:'0', time:'00:18:59', ts_id:'6927caf2a0278', play_icon:'' }) ;\">[00:18:59]<\/a>\n\n\n\n<p>Donc \u00e7a, \u00e7a a permis \u00e0 Weronika de d\u00e9couvrir la vie dans une petite ville fran\u00e7aise et on peut dire que \u00e7a ne lui a pas vraiment plu. Alors, en plus de tout \u00e7a, on a eu un hiver pourri. Autrement dit, le temps \u00e9tait catastrophique, pire qu&#8217;\u00e0 Varsovie. On avait de la pluie tous les jours, il faisait froid. Enfin, c&#8217;\u00e9tait vraiment un hiver pourri. Et \u00e0 force d&#8217;en discuter ensemble, on s&#8217;est aussi rendu compte que ce serait peut-\u00eatre plus difficile pour elle de s&#8217;int\u00e9grer dans ce genre de ville, voire m\u00eame de village, et que peut-\u00eatre, on allait se sentir un peu isol\u00e9. Je sais que ce n&#8217;est pas toujours vrai. Il y en a certains parmi vous qui se sont install\u00e9s dans un village en France et qui se sont fait plein d&#8217;amis. C&#8217;est vrai que parfois, c&#8217;est plus facile de rencontrer les gens dans des villages parce qu&#8217;ils ont plus de temps, ils sont un peu moins occup\u00e9s. Mais Il ne faut pas se tromper sur le village qu&#8217;on choisit.<\/p>\n\n\n<a id=\"sonaar_ts-6927caf2a0280\" class=\"srmp3_sonaar_ts_shortcode\"  style=\"\" href=\"javascript:sonaar_ts_shortcode({ trackid:'0', time:'00:20:0', ts_id:'6927caf2a0280', play_icon:'' }) ;\">[00:20:03]<\/a>\n\n\n\n<p>Nous, apr\u00e8s en avoir discut\u00e9 un peu plus, on s&#8217;est rendu compte que c&#8217;\u00e9tait peut-\u00eatre un changement trop drastique de passer d&#8217;une capitale de plusieurs millions d&#8217;habitants \u00e0 un petit village de la campagne fran\u00e7aise. Donc, on a d\u00e9cid\u00e9 de faire les choses progressivement et de s&#8217;installer d&#8217;abord dans une ville, dans une ville, si possible, assez grande. Et puis, on s&#8217;est souvenu qu&#8217;une nos envies, c&#8217;\u00e9tait de vivre au bord de la mer. Et on avait un peu abandonn\u00e9 cette id\u00e9e avec la r\u00e9gion toulousaine, mais on a recommenc\u00e9 \u00e0 en parler et on s&#8217;est dit qu&#8217;on n&#8217;avait pas envie de faire de compromis l\u00e0-dessus, qu&#8217;on voulait vraiment vivre au bord de la mer. Ce qui tombe bien parce qu&#8217;en France, on a de la chance, on a \u00e0 la fois la c\u00f4te atlantique et la M\u00e9diterran\u00e9e. Donc, il y a beaucoup de villes qui se trouvent au bord de la mer. Sur la c\u00f4te atlantique, il y a une r\u00e9gion qui est tr\u00e8s \u00e0 la mode depuis quelques ann\u00e9es, c&#8217;est le Pays Basque. Donc cette r\u00e9gion qui est vraiment au Sud-Ouest, \u00e0 la fronti\u00e8re avec l&#8217;Espagne, et dans laquelle on trouve des villes comme Biarritz et Bayonne. J&#8217;avais fait une vid\u00e9o sur Biarritz, peut-\u00eatre que vous l&#8217;aviez vue.<\/p>\n\n\n<a id=\"sonaar_ts-6927caf2a0293\" class=\"srmp3_sonaar_ts_shortcode\"  style=\"\" href=\"javascript:sonaar_ts_shortcode({ trackid:'0', time:'00:21:20', ts_id:'6927caf2a0293', play_icon:'' }) ;\">[00:21:20]<\/a>\n\n\n\n<p>Et en faisant cette vid\u00e9o, je me suis dit que \u00e7a avait l&#8217;air d&#8217;\u00eatre une ville tr\u00e8s sympa, avec la nature qui est tout autour. Il y a \u00e0 la fois la mer et les montagnes, avec les Pyr\u00e9n\u00e9es. Il y a le Pays Basque qui est une r\u00e9gion tr\u00e8s riche culturellement. Il y a, comme je vous le disais, juste \u00e0 c\u00f4t\u00e9, deux autres villes, la ville de Bayonne, qui est plus grande, qui est plut\u00f4t une ville \u00e9tudiante qui est assez dynamique. Et puis la ville d&#8217;Anglet, qui est plut\u00f4t r\u00e9sidentielle. Et voil\u00e0, c&#8217;est un peu la capitale du&#8230; Biarritz, c&#8217;est la capitale du surf en France. Et donc moi, je m&#8217;imaginais d\u00e9j\u00e0 aller surfer le matin avant de travailler. C&#8217;est une ville, voil\u00e0, que j&#8217;avais un peu dans un coin de la t\u00eate et \u00e0 ce moment-l\u00e0, je me suis dit : \u00ab eh ben peut-\u00eatre qu&#8217;on devrait s&#8217;installer \u00e0 Biarritz \u00bb.<\/p>\n\n\n<a id=\"sonaar_ts-6927caf2a0299\" class=\"srmp3_sonaar_ts_shortcode\"  style=\"\" href=\"javascript:sonaar_ts_shortcode({ trackid:'0', time:'00:22:11', ts_id:'6927caf2a0299', play_icon:'' }) ;\">[00:22:11]<\/a>\n\n\n\n<p>D&#8217;un autre c\u00f4t\u00e9, j&#8217;avais entendu des \u00e9chos un peu n\u00e9gatifs qui disaient que Biarritz, comme beaucoup de stations baln\u00e9aires, autrement dit comme beaucoup de villes qui sont au bord de la mer, eh bien, en dehors de la haute saison, de la saison touristique, il ne se passe pas grand grand-chose. C&#8217;est des villes qui sont un peu mortes. Et aussi que Biarritz, c&#8217;est une ville qui est tr\u00e8s ch\u00e8re et o\u00f9 on trouve surtout des habitants qui sont plut\u00f4t \u00e2g\u00e9s, parce que c&#8217;est les seuls qui ont les moyens de vivre l\u00e0-bas. Donc, qu&#8217;il n&#8217;y a pas beaucoup de jeunes.<\/p>\n\n\n<a id=\"sonaar_ts-6927caf2a02a2\" class=\"srmp3_sonaar_ts_shortcode\"  style=\"\" href=\"javascript:sonaar_ts_shortcode({ trackid:'0', time:'00:22:47', ts_id:'6927caf2a02a2', play_icon:'' }) ;\">[00:22:47]<\/a>\n\n\n\n<p>On a d\u00e9cid\u00e9 de se faire notre propre id\u00e9e et on est all\u00e9 y passer cinq jours. Et on a trouv\u00e9 que c&#8217;\u00e9tait une ville qui avait beaucoup de charme. C&#8217;est une ville qui est tr\u00e8s belle au niveau architectural. Le centre-ville est vraiment mignon. Et puis, c&#8217;est assez facile d&#8217;aller \u00e0 la plage. Et l\u00e0, sur la plage, il y a des \u00e9normes rochers, des vagues spectaculaires. On a vu des couchers de soleil magnifiques aussi. Je pense, certains des couchers de soleil les plus beaux de notre vie. Donc voil\u00e0, c&#8217;est vrai que c&#8217;est une ville qui fait assez r\u00eaver. Mais malgr\u00e9 tout \u00e7a, au bout de trois jours, on avait d\u00e9j\u00e0 l&#8217;impression d&#8217;avoir fait le tour. \u00ab Avoir fait le tour \u00bb, \u00e7a signifie qu&#8217;on a d\u00e9j\u00e0 vu tout ce qu&#8217;il y avait \u00e0 voir. Donc, ce n&#8217;est pas faire une visite, mais c&#8217;est se dire : \u00ab voil\u00e0 j&#8217;ai fait le tour \u00bb. On peut avoir fait le tour d&#8217;un sujet. \u00c7a veut dire que vous connaissez tout sur ce sujet et vous n&#8217;avez plus rien \u00e0 apprendre.<\/p>\n\n\n<a id=\"sonaar_ts-6927caf2a02a7\" class=\"srmp3_sonaar_ts_shortcode\"  style=\"\" href=\"javascript:sonaar_ts_shortcode({ trackid:'0', time:'00:23:45', ts_id:'6927caf2a02a7', play_icon:'' }) ;\">[00:23:45]<\/a>\n\n\n\n<p>Nous, au bout de trois jours, bon c&#8217;\u00e9tait peut-\u00eatre un peu exag\u00e9r\u00e9, mais on avait l&#8217;impression d&#8217;avoir d\u00e9j\u00e0 vu toutes les choses les plus importantes qu&#8217;on pouvait voir \u00e0 Biarritz. Il faut savoir aussi qu&#8217;\u00e0 Biarritz, les activit\u00e9s principales, c&#8217;est le surf, le shopping et les restaurants. Et moi, bon le shopping, \u00e7a nous int\u00e9resse plus trop. Les restaurants, comme il y en a peu qui sont v\u00e9gan, c&#8217;est pareil, c&#8217;est assez limit\u00e9. Donc finalement, il est rest\u00e9 le surf et je me suis dit que tout miser sur le surf, un sport que je n&#8217;ai jamais pratiqu\u00e9, c&#8217;est un peu risqu\u00e9. Ah oui, \u00ab miser sur quelque chose \u00bb, \u00e7a veut dire parier sur quelque chose. Par exemple, on peut&#8230; Sur quoi on peut miser ? Sur un match de basket, on peut parier, miser de l&#8217;argent en fonction du r\u00e9sultat et gagner ou perdre de l&#8217;argent. Donc l\u00e0, je vous ai dit que c&#8217;\u00e9tait un peu risqu\u00e9 de tout miser sur le surf, autrement dit de compter sur le surf en se disant que \u00e7a, \u00e7a rendrait ma vie incroyable.<\/p>\n\n\n<a id=\"sonaar_ts-6927caf2a02ad\" class=\"srmp3_sonaar_ts_shortcode\"  style=\"\" href=\"javascript:sonaar_ts_shortcode({ trackid:'0', time:'00:24:22', ts_id:'6927caf2a02ad', play_icon:'' }) ;\">[00:24:22]<\/a>\n\n\n\n<p>Donc, on a abandonn\u00e9 l&#8217;id\u00e9e de Biarritz et on est retourn\u00e9 \u00e0 la case d\u00e9part. \u00c7a aussi, c&#8217;est une expression. \u00ab Retourner \u00e0 la case d\u00e9part \u00bb, je crois que \u00e7a vient du Monopoly. \u00c7a veut dire retourner \u00e0 son point d&#8217;origine et reprendre un peu les choses \u00e0 z\u00e9ro. Donc l\u00e0, \u00e7a a \u00e9t\u00e9 un retour \u00e0 la case d\u00e9part. Donc, apr\u00e8s cette d\u00e9ception, on se sent un peu perdus. On ne sait pas du tout o\u00f9 on va pouvoir s&#8217;installer, mais notre vie continue, notre petite vie \u00e0 Ch\u00e2teauroux. Les vacances de No\u00ebl arrivent et je d\u00e9jeune avec des amis d&#8217;enfance, dont un que je n&#8217;ai pas vu depuis 15 ans. Et il me raconte qu&#8217;il a v\u00e9cu quelques ann\u00e9es en Irlande et qu&#8217;ensuite, quand il est rentr\u00e9 en France, il s&#8217;est install\u00e9 \u00e0 Marseille avec sa femme. Et l\u00e0, on commence \u00e0 parler ensemble de cette ville. Moi, forc\u00e9ment, je lui parle de tous les clich\u00e9s que j&#8217;ai sur Marseille. Il me dit que c&#8217;\u00e9tait la m\u00eame chose pour lui, qu&#8217;il avait beaucoup d&#8217;a priori n\u00e9gatifs, mais que finalement, il a d\u00e9couvert \u00e0 quel point c&#8217;\u00e9tait une ville g\u00e9niale. Il me parle des week-ends au bord de la mer, de la petite maison qu&#8217;il a achet\u00e9e dans un quartier de p\u00eacheurs. Et voil\u00e0, moi, \u00e7a commence un peu \u00e0 changer l&#8217;image que j&#8217;ai de Marseille.<\/p>\n\n\n<a id=\"sonaar_ts-6927caf2a02b6\" class=\"srmp3_sonaar_ts_shortcode\"  style=\"\" href=\"javascript:sonaar_ts_shortcode({ trackid:'0', time:'00:26:21', ts_id:'6927caf2a02b6', play_icon:'' }) ;\">[00:26:21]<\/a>\n\n\n\n<p>Je commence \u00e0 avoir \u00e7a dans un coin de la t\u00eate. Et puis, comme par hasard, quelques jours plus tard, dans un des podcasts que j&#8217;\u00e9coute sur les Parisiens qui quittent Paris, j&#8217;entends le t\u00e9moignage d&#8217;un couple de n\u00e9omarseillais, donc des Parisiens qui se sont install\u00e9s \u00e0 Marseille. Et eux aussi, ils sont dithyrambiques. Autrement dit, ils sont tr\u00e8s enthousiastes \u00e0 propos de leur ville d&#8217;adoption et beaucoup de choses qu&#8217;ils racontent rejoignent ce que mon ami m&#8217;avait dit. Donc l\u00e0, je commence \u00e0 penser que, eh bah, Marseille, pourquoi pas ? \u00c7a pourrait \u00eatre un endroit int\u00e9ressant. Je commence \u00e0 faire mes petites recherches et je trouve des articles qui disent que Marseille est le nouveau hotspot en France, la ville \u00e0 la mode qui attire de plus en plus de touristes. Il y a la marque Chanel qui a organis\u00e9 son d\u00e9fil\u00e9 l\u00e0-bas et de plus en plus de Parisiens qui s&#8217;y installent. Et c&#8217;est vrai que souvent, dans tous les pays, il y a des modes avec les villes, des villes qui deviennent soudainement \u00e0 la mode sans qu&#8217;on sache forc\u00e9ment pourquoi. En France, \u00e7a avait \u00e9t\u00e9 le cas il y a une quinzaine d&#8217;ann\u00e9es avec Bordeaux. Et l\u00e0, depuis quelque temps, j&#8217;ai l&#8217;impression que la ville \u00e0 la mode, c&#8217;est Marseille.<\/p>\n\n\n<a id=\"sonaar_ts-6927caf2a02bb\" class=\"srmp3_sonaar_ts_shortcode\"  style=\"\" href=\"javascript:sonaar_ts_shortcode({ trackid:'0', time:'00:27:46', ts_id:'6927caf2a02bb', play_icon:'' }) ;\">[00:27:46]<\/a>\n\n\n\n<p>Et moi, comme je suis un bobo influen\u00e7able, il ne m&#8217;en faut pas plus pour me dire : \u00ab eh bah on va aller voir comment \u00e7a se passe \u00e0 Marseille \u00bb. Donc, on part y passer quelques jours avec avec ma copine. Et l\u00e0, c&#8217;est le coup de c\u0153ur imm\u00e9diat. Alors, c&#8217;est assez difficile d&#8217;expliquer pourquoi. Ce n&#8217;est pas forc\u00e9ment des choses rationnelles, mais au bout de quelques heures, on a vu qu&#8217;on se sentait bien dans cette ville. Il y a l&#8217;ambiance d&#8217;une grande ville parce que c&#8217;est la deuxi\u00e8me plus grande ville fran\u00e7aise. Donc on sent que c&#8217;est tr\u00e8s dynamique, qu&#8217;il se passe plein de choses. Il y a \u00e9norm\u00e9ment de bars, de restaurants, de personnes qui sont en terrasse un peu toute l&#8217;ann\u00e9e parce que c&#8217;est une ville o\u00f9 il fait beau toute l&#8217;ann\u00e9e. C&#8217;est une des villes les plus ensoleill\u00e9es de France. Je crois qu&#8217;il y a 300 jours de soleil par an et \u00e7a, forc\u00e9ment, \u00e7a affecte notre humeur. Et puis, on a vu qu&#8217;il y avait plein de jeunes couples un peu comme nous, que c&#8217;\u00e9tait une ville aussi tr\u00e8s multiculturelle. Donc, on voit qu&#8217;il y a des gens qui viennent d&#8217;un peu partout. Et \u00e7a, apr\u00e8s avoir v\u00e9cu 10 ans en Pologne, c&#8217;\u00e9tait assez rafra\u00eechissant. Moi, forc\u00e9ment, \u00e7a m&#8217;a rappel\u00e9 mes ann\u00e9es parisiennes.<\/p>\n\n\n<a id=\"sonaar_ts-6927caf2a02c0\" class=\"srmp3_sonaar_ts_shortcode\"  style=\"\" href=\"javascript:sonaar_ts_shortcode({ trackid:'0', time:'00:29:06', ts_id:'6927caf2a02c0', play_icon:'' }) ;\">[00:29:06]<\/a>\n\n\n\n<p>Donc, on a tout de suite eu un tr\u00e8s bon sentiment avec cette ville. Et ce qui l&#8217;a encore plus renforc\u00e9, c&#8217;est le quartier dans lequel on a pris notre Airbnb. C&#8217;est un quartier qui s&#8217;appelle Endoume, qui est au bord de la mer et qui a vraiment \u00e9norm\u00e9ment de charme. Il y a plein de petits caf\u00e9s, il y a plein de commerces de bouche. Alors, moi, je ne connaissais pas cette expression avant d&#8217;emm\u00e9nager \u00e0 Marseille. Je pense qu&#8217;elle est utilis\u00e9e un peu dans toute la France, mais je ne sais pas pourquoi. Avant, je ne l&#8217;avais jamais entendu, mais les commerces de bouche, ce sont tous les endroits dans lesquels on peut acheter de la nourriture, que ce soit le fromager, le primeur pour les fruits et l\u00e9gumes, etc. Donc c&#8217;est vrai qu&#8217;\u00e0 Endoume, on peut tout acheter. Vraiment, il y a plein de petits commerces de proximit\u00e9 avec des ingr\u00e9dients de tr\u00e8s, tr\u00e8s bonne qualit\u00e9. Et l\u00e0-bas, j&#8217;avais un peu l&#8217;impression de me retrouver dans le 10\u00e8me ou le 11\u00e8me arrondissement parisien o\u00f9 j&#8217;avais v\u00e9cu avant, des arrondissements que j&#8217;aimais beaucoup, mais avec le soleil, la mer et moins de monde.<\/p>\n\n\n<a id=\"sonaar_ts-6927caf2a02c9\" class=\"srmp3_sonaar_ts_shortcode\"  style=\"\" href=\"javascript:sonaar_ts_shortcode({ trackid:'0', time:'00:30:16', ts_id:'6927caf2a02c9', play_icon:'' }) ;\">[00:30:16]<\/a>\n\n\n\n<p>Et en fait, ce n&#8217;est pas \u00e9tonnant parce que comme Endoume est un quartier qui est tr\u00e8s \u00e0 la mode, il a \u00e9t\u00e9 colonis\u00e9 par les bobos parisiens. Donc forc\u00e9ment, dans la rue, on voit \u00e0 peu pr\u00e8s les m\u00eames personnes que dans ces arrondissements de la capitale. Mais quand m\u00eame, je trouve que Marseille garde un c\u00f4t\u00e9 encore authentique et que c&#8217;est une ville qui a beaucoup de charme. Ce qui est int\u00e9ressant aussi, c&#8217;est que c&#8217;est une ville qui a du relief. Donc elle est construite sur des collines, donc \u00e7a monte, \u00e7a descend et parfois, au coin d&#8217;une rue, gr\u00e2ce \u00e0 la perspective, eh bien, on voit une vue qui va jusqu&#8217;\u00e0 \u00e0 la mer et qui est magnifique. Et voil\u00e0, \u00e7a, c&#8217;est gr\u00e2ce \u00e0 la topographie de la ville, le fait qu&#8217;il y a beaucoup de relief dans la ville.<\/p>\n\n\n<a id=\"sonaar_ts-6927caf2a02cf\" class=\"srmp3_sonaar_ts_shortcode\"  style=\"\" href=\"javascript:sonaar_ts_shortcode({ trackid:'0', time:'00:31:09', ts_id:'6927caf2a02cf', play_icon:'' }) ;\">[00:31:09]<\/a>\n\n\n\n<p>Donc imm\u00e9diatement, on s&#8217;est senti bien \u00e0 Marseille et m\u00eame s&#8217;il a plu, la moiti\u00e9 du s\u00e9jour, on \u00e9tait l\u00e0-bas, il pleuvait et le mistral soufflait tr\u00e8s fort. Donc le mistral, c&#8217;est le vent qui souffle sur le sud-est de la France et qui a la r\u00e9putation de rendre les gens fous. Parce que c&#8217;est vrai qu&#8217;il Il est assez fort. Et nous, on a trouv\u00e9 que \u00e7a faisait partie du charme de la ville. Alors peut-\u00eatre que dans quelques ann\u00e9es, j&#8217;aurais chang\u00e9 d&#8217;avis et que le mistral m&#8217;aura rendu fou. Mais en attendant, je trouve que \u00e7a fait partie du charme de la ville et \u00e7a ne nous a pas d\u00e9courag\u00e9s. Donc, on a d\u00e9cid\u00e9 assez rapidement, en l&#8217;espace de deux, trois jours, de s&#8217;installer \u00e0 Marseille.<\/p>\n\n\n<a id=\"sonaar_ts-6927caf2a02d5\" class=\"srmp3_sonaar_ts_shortcode\"  style=\"\" href=\"javascript:sonaar_ts_shortcode({ trackid:'0', time:'00:32:04', ts_id:'6927caf2a02d5', play_icon:'' }) ;\">[00:32:04]<\/a>\n\n\n\n<p>Voil\u00e0, je me rends compte que finalement, je vous ai parl\u00e9 assez peu de Marseille dans cet \u00e9pisode. Peut-\u00eatre que vous \u00eates rest\u00e9 sur votre faim. \u00ab Rester sur sa faim \u00bb, \u00e7a veut dire qu&#8217;on en veut plus, on en veut encore, on a encore faim. Donc peut-\u00eatre que je vous ai d\u00e9\u00e7u par rapport \u00e0 \u00e7a, mais je vais essayer de faire un autre \u00e9pisode, ou peut-\u00eatre une vid\u00e9o, si je reprends les vid\u00e9os un jour, pour vous parler de la ville \u00e0 Marseille&#8230; De la vie \u00e0 Marseille, pardon. Parce que c&#8217;est une ville qui est passionnante, qui est fascinante, avec une riche histoire. Il y a \u00e9norm\u00e9ment de choses que j&#8217;aimerais vous raconter sur Marseille. Donc, je pense que j&#8217;y consacrerai un autre \u00e9pisode. L\u00e0, je voulais plut\u00f4t vous parler du processus, des d\u00e9cisions qui ont conduit \u00e0 ce choix assez inattendu, \u00e0 ce d\u00e9m\u00e9nagement dans une ville dans laquelle je n&#8217;avais vraiment jamais envisag\u00e9 de vivre.<\/p>\n\n\n<a id=\"sonaar_ts-6927caf2a02de\" class=\"srmp3_sonaar_ts_shortcode\"  style=\"\" href=\"javascript:sonaar_ts_shortcode({ trackid:'0', time:'00:33:02', ts_id:'6927caf2a02de', play_icon:'' }) ;\">[00:33:02]<\/a>\n\n\n\n<p>Pour le moment, je ne regrette pas du tout cette d\u00e9cision. Les premiers mois qu&#8217;on a pass\u00e9s \u00e0 Marseille ont vraiment \u00e9t\u00e9 super. On a pass\u00e9 un \u00e9t\u00e9 magnifique. J&#8217;ai l&#8217;impression qu&#8217;on est toujours en pleine lune de miel. La lune de miel, c&#8217;est ce voyage qu&#8217;on fait en g\u00e9n\u00e9ral apr\u00e8s s&#8217;\u00eatre mari\u00e9. L\u00e0, on est un peu en lune de miel avec Marseille. Peut-\u00eatre que \u00e7a va changer. Forc\u00e9ment, \u00e7a va changer. On va s&#8217;habituer et on va d\u00e9couvrir d&#8217;autres probl\u00e8mes qu&#8217;on n&#8217;avait pas avant. Je m&#8217;y pr\u00e9pare, mais voil\u00e0, en attendant, on est toujours sous le charme de la ville et \u00e7a me donne envie de vous en parler plus. Donc c&#8217;est ce que j&#8217;essaierai de faire un peu plus tard. Voil\u00e0, merci \u00e0 toutes et \u00e0 tous. N&#8217;h\u00e9sitez pas \u00e0 laisser un commentaire, comme d&#8217;habitude, pour me dire ce que vous avez pens\u00e9 de cet \u00e9pisode. Si jamais vous voulez plus d&#8217;\u00e9pisodes personnels dans ce genre, ou au contraire pas du tout, si vous voulez qu&#8217;on arr\u00eate de raconter notre vie dans le podcast, eh bien, n&#8217;h\u00e9sitez pas \u00e0 nous le dire. Je vous remercie et on se dit \u00e0 tr\u00e8s bient\u00f4t. Ciao !<\/p>\n","protected":false},"excerpt":{"rendered":"<p>Pourquoi je me suis install\u00e9 \u00e0 Marseille ? Salut \u00e0 toutes et \u00e0 tous. J&#8217;esp\u00e8re que vous allez bien. Moi, je suis ravi de vous retrouver pour un petit \u00e9pisode en solo. \u00c7a ne va pas \u00eatre un \u00e9pisode tr\u00e8s s\u00e9rieux. Je vais tout simplement vous raconter ma vie, ce qui s&#8217;est pass\u00e9 dans ma&#8230;<\/p>\n","protected":false},"author":1,"featured_media":289706,"comment_status":"open","ping_status":"open","sticky":false,"template":"","format":[189],"meta":{"_acf_changed":false,"_kad_blocks_custom_css":"","_kad_blocks_head_custom_js":"","_kad_blocks_body_custom_js":"","_kad_blocks_footer_custom_js":"","_kad_post_transparent":"","_kad_post_title":"","_kad_post_layout":"","_kad_post_sidebar_id":"","_kad_post_content_style":"","_kad_post_vertical_padding":"","_kad_post_feature":"","_kad_post_feature_position":"","_kad_post_header":false,"_kad_post_footer":false,"_kad_post_classname":"","footnotes":""},"categories":[168],"tags":[177,175,172],"class_list":["post-289596","post","type-post","status-publish","format-standard","has-post-thumbnail","hentry","category-podcast","tag-culture","tag-france","tag-societe","format-solo-hugo"],"acf":[],"taxonomy_info":{"category":[{"value":168,"label":"Podcast"}],"post_tag":[{"value":177,"label":"Culture"},{"value":175,"label":"France"},{"value":172,"label":"Soci\u00e9t\u00e9"}],"format":[{"value":189,"label":"Solo Hugo"}]},"featured_image_src_large":["https:\/\/innerfrench.com\/wp-content\/uploads\/2024\/10\/E156-Pourquoi-Marseille-750x406.jpg",750,406,true],"author_info":{"display_name":"Hugo","author_link":"https:\/\/innerfrench.com\/author\/innerfrench-2-2-2-2-2-2-2-2-2-2-2-2-2-2-2-2-2-2-2\/"},"comment_info":57,"category_info":[{"term_id":168,"name":"Podcast","slug":"podcast","term_group":0,"term_taxonomy_id":168,"taxonomy":"category","description":"","parent":0,"count":185,"filter":"raw","cat_ID":168,"category_count":185,"category_description":"","cat_name":"Podcast","category_nicename":"podcast","category_parent":0}],"tag_info":[{"term_id":177,"name":"Culture","slug":"culture","term_group":0,"term_taxonomy_id":177,"taxonomy":"post_tag","description":"","parent":0,"count":44,"filter":"raw"},{"term_id":175,"name":"France","slug":"france","term_group":0,"term_taxonomy_id":175,"taxonomy":"post_tag","description":"","parent":0,"count":100,"filter":"raw"},{"term_id":172,"name":"Soci\u00e9t\u00e9","slug":"societe","term_group":0,"term_taxonomy_id":172,"taxonomy":"post_tag","description":"","parent":0,"count":94,"filter":"raw"}],"_links":{"self":[{"href":"https:\/\/innerfrench.com\/wp-json\/wp\/v2\/posts\/289596","targetHints":{"allow":["GET"]}}],"collection":[{"href":"https:\/\/innerfrench.com\/wp-json\/wp\/v2\/posts"}],"about":[{"href":"https:\/\/innerfrench.com\/wp-json\/wp\/v2\/types\/post"}],"author":[{"embeddable":true,"href":"https:\/\/innerfrench.com\/wp-json\/wp\/v2\/users\/1"}],"replies":[{"embeddable":true,"href":"https:\/\/innerfrench.com\/wp-json\/wp\/v2\/comments?post=289596"}],"version-history":[{"count":2,"href":"https:\/\/innerfrench.com\/wp-json\/wp\/v2\/posts\/289596\/revisions"}],"predecessor-version":[{"id":292796,"href":"https:\/\/innerfrench.com\/wp-json\/wp\/v2\/posts\/289596\/revisions\/292796"}],"wp:featuredmedia":[{"embeddable":true,"href":"https:\/\/innerfrench.com\/wp-json\/wp\/v2\/media\/289706"}],"wp:attachment":[{"href":"https:\/\/innerfrench.com\/wp-json\/wp\/v2\/media?parent=289596"}],"wp:term":[{"taxonomy":"category","embeddable":true,"href":"https:\/\/innerfrench.com\/wp-json\/wp\/v2\/categories?post=289596"},{"taxonomy":"post_tag","embeddable":true,"href":"https:\/\/innerfrench.com\/wp-json\/wp\/v2\/tags?post=289596"},{"taxonomy":"format","embeddable":true,"href":"https:\/\/innerfrench.com\/wp-json\/wp\/v2\/format?post=289596"}],"curies":[{"name":"wp","href":"https:\/\/api.w.org\/{rel}","templated":true}]}}