{"id":289597,"date":"2024-11-06T13:57:07","date_gmt":"2024-11-06T12:57:07","guid":{"rendered":"https:\/\/innerfrench.com\/?p=207198"},"modified":"2025-09-25T08:50:26","modified_gmt":"2025-09-25T06:50:26","slug":"e157-les-francais-sont-ils-vraiment-si-sales","status":"publish","type":"post","link":"https:\/\/innerfrench.com\/e157-les-francais-sont-ils-vraiment-si-sales\/","title":{"rendered":"#157 Les Fran\u00e7ais sont-ils vraiment si sales\u00a0?"},"content":{"rendered":"\n<p><b><a id=\"sonaar_ts-6927ca1681ee9\" class=\"srmp3_sonaar_ts_shortcode\"  style=\"\" href=\"javascript:sonaar_ts_shortcode({ trackid:'0', time:'00:00:01', ts_id:'6927ca1681ee9', play_icon:'' }) ;\">[00:00:01]<\/a> &#8211; Hugo<\/b><\/p>\n\n\n\n<p>Les Fran\u00e7ais sont-ils vraiment si sales ?<\/p>\n\n\n\n<p><b><a id=\"sonaar_ts-6927ca1681ef6\" class=\"srmp3_sonaar_ts_shortcode\"  style=\"\" href=\"javascript:sonaar_ts_shortcode({ trackid:'0', time:'00:00:12', ts_id:'6927ca1681ef6', play_icon:'' }) ;\">[00:00:12]<\/a> &#8211; Hugo<\/b><\/p>\n\n\n\n<p>Salut \u00e0 toutes et \u00e0 tous. Salut Ingrid.<\/p>\n\n\n\n<p><b><a id=\"sonaar_ts-6927ca1681efc\" class=\"srmp3_sonaar_ts_shortcode\"  style=\"\" href=\"javascript:sonaar_ts_shortcode({ trackid:'0', time:'00:00:15', ts_id:'6927ca1681efc', play_icon:'' }) ;\">[00:00:15]<\/a> &#8211; Ingrid<\/b><\/p>\n\n\n\n<p>Salut Hugo. Comment tu vas ?<\/p>\n\n\n\n<p><b><a id=\"sonaar_ts-6927ca1681f01\" class=\"srmp3_sonaar_ts_shortcode\"  style=\"\" href=\"javascript:sonaar_ts_shortcode({ trackid:'0', time:'00:00:18', ts_id:'6927ca1681f01', play_icon:'' }) ;\">[00:00:18]<\/a> &#8211; Hugo<\/b><\/p>\n\n\n\n<p>\u00c7a va. Et toi ?<\/p>\n\n\n\n<p><b><a id=\"sonaar_ts-6927ca1681f06\" class=\"srmp3_sonaar_ts_shortcode\"  style=\"\" href=\"javascript:sonaar_ts_shortcode({ trackid:'0', time:'00:00:20', ts_id:'6927ca1681f06', play_icon:'' }) ;\">[00:00:20]<\/a> &#8211; Ingrid<\/b><\/p>\n\n\n\n<p>\u00c7a va.<\/p>\n\n\n\n<p><b><a id=\"sonaar_ts-6927ca1681f0b\" class=\"srmp3_sonaar_ts_shortcode\"  style=\"\" href=\"javascript:sonaar_ts_shortcode({ trackid:'0', time:'00:00:22', ts_id:'6927ca1681f0b', play_icon:'' }) ;\">[00:00:22]<\/a> &#8211; Hugo<\/b><\/p>\n\n\n\n<p>Alors, est-ce que tu as pris une douche aujourd&#8217;hui ?<\/p>\n\n\n\n<p><b><a id=\"sonaar_ts-6927ca1681f0f\" class=\"srmp3_sonaar_ts_shortcode\"  style=\"\" href=\"javascript:sonaar_ts_shortcode({ trackid:'0', time:'00:00:24', ts_id:'6927ca1681f0f', play_icon:'' }) ;\">[00:00:24]<\/a> &#8211; Ingrid<\/b><\/p>\n\n\n\n<p>Oui. Et toi ?<\/p>\n\n\n\n<p><b><a id=\"sonaar_ts-6927ca1681f13\" class=\"srmp3_sonaar_ts_shortcode\"  style=\"\" href=\"javascript:sonaar_ts_shortcode({ trackid:'0', time:'00:00:28', ts_id:'6927ca1681f13', play_icon:'' }) ;\">[00:00:28]<\/a> &#8211; Hugo<\/b><\/p>\n\n\n\n<p>Oui, oui, oui, oui. Donc, on fait partie des Fran\u00e7ais qui prennent leur douche. Bon, on ne sait pas si c&#8217;est tous les jours, mais en tout cas, aujourd&#8217;hui, oui. Toi, tu es plut\u00f4t douche le matin ou le soir ?<\/p>\n\n\n\n<p><b><a id=\"sonaar_ts-6927ca1681f18\" class=\"srmp3_sonaar_ts_shortcode\"  style=\"\" href=\"javascript:sonaar_ts_shortcode({ trackid:'0', time:'00:00:40', ts_id:'6927ca1681f18', play_icon:'' }) ;\">[00:00:40]<\/a> &#8211; Ingrid<\/b><\/p>\n\n\n\n<p>\u00c7a d\u00e9pend, mais avec le t\u00e9l\u00e9travail, parfois, c&#8217;est douche au milieu de la matin\u00e9e apr\u00e8s avoir travaill\u00e9 un peu en pyjama d&#8217;abord.<\/p>\n\n\n\n<p><b><a id=\"sonaar_ts-6927ca1681f1d\" class=\"srmp3_sonaar_ts_shortcode\"  style=\"\" href=\"javascript:sonaar_ts_shortcode({ trackid:'0', time:'00:00:49', ts_id:'6927ca1681f1d', play_icon:'' }) ;\">[00:00:49]<\/a> &#8211; Hugo<\/b><\/p>\n\n\n\n<p>Tu fais partie de la team pyjama, matin\u00e9e en pyjama.<\/p>\n\n\n\n<p><b><a id=\"sonaar_ts-6927ca1681f21\" class=\"srmp3_sonaar_ts_shortcode\"  style=\"\" href=\"javascript:sonaar_ts_shortcode({ trackid:'0', time:'00:00:54', ts_id:'6927ca1681f21', play_icon:'' }) ;\">[00:00:54]<\/a> &#8211; Ingrid<\/b><\/p>\n\n\n\n<p>Et toi ?<\/p>\n\n\n\n<p><b><a id=\"sonaar_ts-6927ca1681f26\" class=\"srmp3_sonaar_ts_shortcode\"  style=\"\" href=\"javascript:sonaar_ts_shortcode({ trackid:'0', time:'00:00:55', ts_id:'6927ca1681f26', play_icon:'' }) ;\">[00:00:55]<\/a> &#8211; Hugo<\/b><\/p>\n\n\n\n<p>Moi, \u00e7a d\u00e9pend plus du sport. Donc en g\u00e9n\u00e9ral, c&#8217;est&#8230; Parfois, je vais courir le matin en me levant avant le petit-d\u00e9jeuner. Donc l\u00e0, je prends ma douche apr\u00e8s. Parfois, je fais mon sport aussi comme toi, plut\u00f4t en fin de matin\u00e9e, donc l\u00e0, je prends ma douche en fin de matin\u00e9e. Mais je suis plut\u00f4t du matin en ce qui concerne les douches.<\/p>\n\n\n\n<p><b><a id=\"sonaar_ts-6927ca1681f2a\" class=\"srmp3_sonaar_ts_shortcode\"  style=\"\" href=\"javascript:sonaar_ts_shortcode({ trackid:'0', time:'00:01:16', ts_id:'6927ca1681f2a', play_icon:'' }) ;\">[00:01:16]<\/a> &#8211; Ingrid<\/b><\/p>\n\n\n\n<p>Tr\u00e8s bien. Alors, pourquoi on parle de \u00e7a aujourd&#8217;hui ? Un peu bizarre ?<\/p>\n\n\n\n<p><b><a id=\"sonaar_ts-6927ca1681f34\" class=\"srmp3_sonaar_ts_shortcode\"  style=\"\" href=\"javascript:sonaar_ts_shortcode({ trackid:'0', time:'00:01:19', ts_id:'6927ca1681f34', play_icon:'' }) ;\">[00:01:19]<\/a> &#8211; Hugo<\/b><\/p>\n\n\n\n<p>Oui, c&#8217;est vrai. Bon bah vous avez s\u00fbrement compris avec ce titre qu&#8217;on va parler d&#8217;hygi\u00e8ne aujourd&#8217;hui et en particulier de l&#8217;hygi\u00e8ne de nos compatriotes. Alors, on a h\u00e9sit\u00e9 sur le titre. On avait aussi pens\u00e9 \u00e0 \u00ab Pourquoi les Fran\u00e7ais puent ? \u00bb \u00ab Puent \u00bb, le verbe \u00ab puer \u00bb qui veut dire sentir mauvais, avoir une mauvaise odeur. Et d&#8217;ailleurs, on voulait vous expliquer une petite diff\u00e9rence entre deux \u00ab sentir mauvais \u00bb et \u00ab se sentir mal \u00bb. Alors, Ingrid, est-ce que tu peux expliquer la diff\u00e9rence ?<\/p>\n\n\n\n<p><b><a id=\"sonaar_ts-6927ca1681f3a\" class=\"srmp3_sonaar_ts_shortcode\"  style=\"\" href=\"javascript:sonaar_ts_shortcode({ trackid:'0', time:'00:01:58', ts_id:'6927ca1681f3a', play_icon:'' }) ;\">[00:01:58]<\/a> &#8211; Ingrid<\/b><\/p>\n\n\n\n<p>Alors, c&#8217;est deux expressions qui ne veulent pas du tout dire la m\u00eame chose et il faut donc \u00e9viter de les confondre. Quand on sent mauvais, \u00e7a veut dire qu&#8217;on d\u00e9gage une mauvaise odeur, que les autres autour de nous se bouchent le nez, n&#8217;ont pas envie de respirer par le nez quand ils sont \u00e0 c\u00f4t\u00e9 de nous, alors que se sentir mal, \u00e7a veut dire \u00eatre dans un \u00e9tat o\u00f9, soit physiquement, on se sent un peu faible ou malade ou alors psychologiquement, on se sent triste ou en tout cas qu&#8217;on a des sentiments n\u00e9gatifs.<\/p>\n\n\n\n<p><b><a id=\"sonaar_ts-6927ca1681f3f\" class=\"srmp3_sonaar_ts_shortcode\"  style=\"\" href=\"javascript:sonaar_ts_shortcode({ trackid:'0', time:'00:02:37', ts_id:'6927ca1681f3f', play_icon:'' }) ;\">[00:02:37]<\/a> &#8211; Hugo<\/b><\/p>\n\n\n\n<p>Exactement. Et l&#8217;inverse est aussi valable. \u00ab Sentir bon \u00bb, l&#8217;adjectif \u00ab bon \u00bb, \u00e7a veut dire qu&#8217;on a une bonne odeur. Par exemple, si on a mis du parfum ou si on vient de prendre une douche, on sent bon. Alors que se sentir bien, \u00e7a d\u00e9signe plut\u00f4t un \u00e9tat. Et comme tu l&#8217;as dit, on peut se sentir bien physiquement, on se sent bien dans son corps ou se sentir bien mentalement. Bon et souvent, l&#8217;un va avec l&#8217;autre. Donc, voil\u00e0. Essayez de faire attention \u00e0 cette distinction. Donc nous, aujourd&#8217;hui, on va plut\u00f4t parler de sentir mauvais et plus g\u00e9n\u00e9ralement de l&#8217;hygi\u00e8ne des Fran\u00e7ais. Alors, pourquoi on a choisi ce sujet ?<\/p>\n\n\n\n<p><b><a id=\"sonaar_ts-6927ca1681f43\" class=\"srmp3_sonaar_ts_shortcode\"  style=\"\" href=\"javascript:sonaar_ts_shortcode({ trackid:'0', time:'00:03:21', ts_id:'6927ca1681f43', play_icon:'' }) ;\">[00:03:21]<\/a> &#8211; Ingrid<\/b><\/p>\n\n\n\n<p>Eh bien parce que les Fran\u00e7ais ont plut\u00f4t tr\u00e8s mauvaise r\u00e9putation par rapport \u00e0 \u00e7a. Je pense qu&#8217;on ne vous apprend rien puisque vous \u00eates des \u00e9trangers qui, normalement, s&#8217;int\u00e9ressent \u00e0 la France et aux Fran\u00e7ais et je suis s\u00fbre que vous avez d\u00e9j\u00e0 entendu \u00e7a. Peut-\u00eatre que vous l&#8217;avez m\u00eame pens\u00e9. Il y a ce st\u00e9r\u00e9otype comme quoi les Fran\u00e7ais ne prennent pas de douches ou qu&#8217;ils ne sont pas propres, qu&#8217;ils ne sentent pas bon. On peut trouver ce st\u00e9r\u00e9otype, que ce soit dans des sondages. L&#8217;id\u00e9e est assez r\u00e9pandue, par exemple aux \u00c9tats-Unis, au Japon et m\u00eame un peu partout dans le monde. Mais on peut aussi trouver ce st\u00e9r\u00e9otype o\u00f9 ?<\/p>\n\n\n\n<p><b><a id=\"sonaar_ts-6927ca1681f47\" class=\"srmp3_sonaar_ts_shortcode\"  style=\"\" href=\"javascript:sonaar_ts_shortcode({ trackid:'0', time:'00:04:09', ts_id:'6927ca1681f47', play_icon:'' }) ;\">[00:04:09]<\/a> &#8211; Hugo<\/b><\/p>\n\n\n\n<p>Bah quand on fait une recherche Google, c&#8217;est un bon test en g\u00e9n\u00e9ral. Quand on \u00e9crit \u00ab Do French people&#8230; \u00bb, et l\u00e0, en g\u00e9n\u00e9ral, les suggestions, bonon va les faire en fran\u00e7ais, mais c&#8217;est \u00ab Pourquoi les Fran\u00e7ais ne prennent pas de douche ? \u00bb, \u00ab Les Fran\u00e7ais se sentent-ils mauvais ? \u00bb, \u00ab Pourquoi les Fran\u00e7ais ne mettent pas de d\u00e9odorant ? \u00bb. Voil\u00e0, des questions qui concernent l&#8217;hygi\u00e8ne des Fran\u00e7ais. C&#8217;est un sujet qui semble passionner Internet.<\/p>\n\n\n\n<p><b><a id=\"sonaar_ts-6927ca1681f4c\" class=\"srmp3_sonaar_ts_shortcode\"  style=\"\" href=\"javascript:sonaar_ts_shortcode({ trackid:'0', time:'00:04:36', ts_id:'6927ca1681f4c', play_icon:'' }) ;\">[00:04:36]<\/a> &#8211; Ingrid<\/b><\/p>\n\n\n\n<p>Oui, on retrouve beaucoup ce sujet sur les forums, par exemple sur Reddit, sur les blogs de voyage, dans les vid\u00e9os d&#8217;expatri\u00e9s qui s&#8217;installent en France, avec toujours ce questionnement : est-ce que c&#8217;est vrai ? Est-ce que ce n&#8217;est pas vrai ? Et notamment, beaucoup de personnes pensent que les Fran\u00e7ais, au lieu de prendre des douches, se parfument, mettent du parfum et que donc le parfum, \u00e7a sert \u00e0 masquer les mauvaises odeurs.<\/p>\n\n\n\n<p><b><a id=\"sonaar_ts-6927ca1681f50\" class=\"srmp3_sonaar_ts_shortcode\"  style=\"\" href=\"javascript:sonaar_ts_shortcode({ trackid:'0', time:'00:05:05', ts_id:'6927ca1681f50', play_icon:'' }) ;\">[00:05:05]<\/a> &#8211; Hugo<\/b><\/p>\n\n\n\n<p>Oui, c&#8217;est vrai, la France est connue pour \u00eatre le pays du parfum et plus g\u00e9n\u00e9ralement des produits cosm\u00e9tiques. On a de tr\u00e8s grands groupes industriels qui produisent et vendent des produits cosm\u00e9tiques dans le monde entier. Bon on ne va pas forc\u00e9ment les citer dans cet \u00e9pisode, mais vous voyez \u00e0 qui je pense. Et \u00e7a, \u00e7a rend ce st\u00e9r\u00e9otype encore plus \u00e9trange. Ce contraste entre la r\u00e9putation des Fran\u00e7ais qui auraient une mauvaise odeur et plus g\u00e9n\u00e9ralement une mauvaise hygi\u00e8ne, et de l&#8217;autre c\u00f4t\u00e9, la France comme pays du raffinement. \u00c7a veut dire&#8230; Le raffinement, c&#8217;est une sorte de sophistication, d&#8217;\u00e9l\u00e9gance. Donc, la France paye du raffinement, du parfum, de la mode et du luxe.<\/p>\n\n\n\n<p><b><a id=\"sonaar_ts-6927ca1681f55\" class=\"srmp3_sonaar_ts_shortcode\"  style=\"\" href=\"javascript:sonaar_ts_shortcode({ trackid:'0', time:'00:05:54', ts_id:'6927ca1681f55', play_icon:'' }) ;\">[00:05:54]<\/a> &#8211; Ingrid<\/b><\/p>\n\n\n\n<p>Mais voil\u00e0, il y a cette id\u00e9e que si on s&#8217;y conna\u00eet aussi bien, c&#8217;est parce qu&#8217;on veut \u00e9viter la douche.<\/p>\n\n\n\n<p><b><a id=\"sonaar_ts-6927ca1681f59\" class=\"srmp3_sonaar_ts_shortcode\"  style=\"\" href=\"javascript:sonaar_ts_shortcode({ trackid:'0', time:'00:06:02', ts_id:'6927ca1681f59', play_icon:'' }) ;\">[00:06:02]<\/a> &#8211; Hugo<\/b><\/p>\n\n\n\n<p>Exactement. On met du&#8230; Pourtant, c&#8217;est plus cher, je pense, de s&#8217;asperger de parfum que de prendre une douche.<\/p>\n\n\n\n<p><b><a id=\"sonaar_ts-6927ca1681f5e\" class=\"srmp3_sonaar_ts_shortcode\"  style=\"\" href=\"javascript:sonaar_ts_shortcode({ trackid:'0', time:'00:06:08', ts_id:'6927ca1681f5e', play_icon:'' }) ;\">[00:06:08]<\/a> &#8211; Ingrid<\/b><\/p>\n\n\n\n<p>Ah bah c&#8217;est s\u00fbr, mais \u00e7a prend moins de temps.<\/p>\n\n\n\n<p><b><a id=\"sonaar_ts-6927ca1681f62\" class=\"srmp3_sonaar_ts_shortcode\"  style=\"\" href=\"javascript:sonaar_ts_shortcode({ trackid:'0', time:'00:06:11', ts_id:'6927ca1681f62', play_icon:'' }) ;\">[00:06:11]<\/a> &#8211; Hugo<\/b><\/p>\n\n\n\n<p>C&#8217;est vrai, effectivement, \u00e7a prend moins de temps. Toi, est-ce que, comme tu as beaucoup voyag\u00e9, est-ce que lors de tes voyages, tu as rencontr\u00e9 des personnes qui, peut-\u00eatre, t&#8217;ont pos\u00e9 des questions \u00e0 ce sujet ou qui avaient ce st\u00e9r\u00e9otype vis-\u00e0-vis des Fran\u00e7ais ?<\/p>\n\n\n\n<p><b><a id=\"sonaar_ts-6927ca1681f66\" class=\"srmp3_sonaar_ts_shortcode\"  style=\"\" href=\"javascript:sonaar_ts_shortcode({ trackid:'0', time:'00:06:27', ts_id:'6927ca1681f66', play_icon:'' }) ;\">[00:06:27]<\/a> &#8211; Ingrid<\/b><\/p>\n\n\n\n<p>Oui, malheureusement, \u00e9norm\u00e9ment. J&#8217;ai beaucoup entendu \u00e7a. Donc quand j&#8217;ai voyag\u00e9, notamment en Am\u00e9rique du Sud, c&#8217;est l\u00e0 o\u00f9 j&#8217;ai pass\u00e9 le plus de temps, les gens me posaient des questions, par exemple, sur l&#8217;acc\u00e8s \u00e0 l&#8217;eau. On m&#8217;a beaucoup dit qu&#8217;apparemment, en France, l&#8217;eau, \u00e7a co\u00fbte tr\u00e8s cher, donc vous devez limiter les douches, ce qui fait qu&#8217;il y a beaucoup de personnes qui se douchent seulement une fois tous les deux jours ou une fois par semaine. Voil\u00e0, il y avait cette id\u00e9e. J&#8217;ai beaucoup entendu de st\u00e9r\u00e9otypes par rapport aux odeurs, des personnes qui avaient voyag\u00e9 et qui trouvaient qu&#8217;effectivement, il y avait des odeurs corporelles en France. Qu&#8217;est-ce qu&#8217;on m&#8217;a dit d&#8217;autre ?<\/p>\n\n\n\n<p><b><a id=\"sonaar_ts-6927ca1681f6b\" class=\"srmp3_sonaar_ts_shortcode\"  style=\"\" href=\"javascript:sonaar_ts_shortcode({ trackid:'0', time:'00:07:12', ts_id:'6927ca1681f6b', play_icon:'' }) ;\">[00:07:12]<\/a> &#8211; Hugo<\/b><\/p>\n\n\n\n<p>Comme odeur corporelle, on peut citer l\u00e0 encore un mot de vocabulaire important : la transpiration. Donc, la transpiration, cette odeur corporelle que notre corps produit en g\u00e9n\u00e9ral quand on fait un effort physique ou alors quand on est tr\u00e8s stress\u00e9, eh bien on transpire. C&#8217;est une odeur qui, en g\u00e9n\u00e9ral, est assez d\u00e9sagr\u00e9able, bien que \u00e7a d\u00e9pende beaucoup des personnes.<\/p>\n\n\n\n<p><b><a id=\"sonaar_ts-6927ca1681f6f\" class=\"srmp3_sonaar_ts_shortcode\"  style=\"\" href=\"javascript:sonaar_ts_shortcode({ trackid:'0', time:'00:07:37', ts_id:'6927ca1681f6f', play_icon:'' }) ;\">[00:07:37]<\/a> &#8211; Ingrid<\/b><\/p>\n\n\n\n<p>Et on peut dire \u00ab sueur \u00bb aussi. \u00ab Suer \u00bb.<\/p>\n\n\n\n<p><b><a id=\"sonaar_ts-6927ca1681f73\" class=\"srmp3_sonaar_ts_shortcode\"  style=\"\" href=\"javascript:sonaar_ts_shortcode({ trackid:'0', time:'00:07:41', ts_id:'6927ca1681f73', play_icon:'' }) ;\">[00:07:41]<\/a> &#8211; Hugo<\/b><\/p>\n\n\n\n<p>La sueur, c&#8217;est vrai.<\/p>\n\n\n\n<p><b><a id=\"sonaar_ts-6927ca1681f78\" class=\"srmp3_sonaar_ts_shortcode\"  style=\"\" href=\"javascript:sonaar_ts_shortcode({ trackid:'0', time:'00:07:42', ts_id:'6927ca1681f78', play_icon:'' }) ;\">[00:07:42]<\/a> &#8211; Ingrid<\/b><\/p>\n\n\n\n<p>Et c&#8217;est vrai que concernant la transpiration. J&#8217;ai par exemple entendu dire par des Sud-am\u00e9ricains en Europe que les d\u00e9odorants, chez nous, n&#8217;\u00e9taient pas assez efficaces. Et l\u00e0, je pense que je peux souligner une diff\u00e9rence que j&#8217;ai remarqu\u00e9e, c&#8217;est qu&#8217;on n&#8217;a pas forc\u00e9ment les m\u00eames crit\u00e8res de ce qui est consid\u00e9r\u00e9 comme sale ou pas. Si c&#8217;est naturel et que ce n&#8217;est pas horriblement d\u00e9sagr\u00e9able, peut-\u00eatre que c&#8217;est un peu plus tol\u00e9r\u00e9, alors qu&#8217;en Am\u00e9rique du Sud, les gens prennent plusieurs douches par jour pour \u00e9viter d&#8217;avoir la moindre odeur et peut-\u00eatre mettre un peu moins de parfum, effectivement. Et aussi, je voulais raconter une petite anecdote. Peut-\u00eatre qu&#8217;on en reparlera un peu apr\u00e8s, mais aussi en Asie, j&#8217;ai d\u00e9couvert que certaines personnes en Asie, notamment, il me semble, beaucoup en Chine, en Cor\u00e9e, il y a pas mal de personnes, voil\u00e0, en Asie du Sud-Est qui ont une diff\u00e9rence g\u00e9n\u00e9tique par rapport \u00e0 nous et qui ne sentent pas du tout. Leurs transpirations ne sentent pas. J&#8217;ai rencontr\u00e9 une fille qui m&#8217;a dit qu&#8217;on pouvait mettre le nez dans sa chaussure, m\u00eame si elle allait courir ou qu&#8217;elle passait toute la journ\u00e9e ou des mois \u00e0 mettre ses chaussures, jamais il n&#8217;y aurait d&#8217;odeur. Donc, bon l\u00e0, on ne peut pas rivaliser avec \u00e7a, c&#8217;est s\u00fbr.<\/p>\n\n\n\n<p><b><a id=\"sonaar_ts-6927ca1681f7d\" class=\"srmp3_sonaar_ts_shortcode\"  style=\"\" href=\"javascript:sonaar_ts_shortcode({ trackid:'0', time:'00:09:11', ts_id:'6927ca1681f7d', play_icon:'' }) ;\">[00:09:11]<\/a> &#8211; Hugo<\/b><\/p>\n\n\n\n<p>C&#8217;est vrai. Donc \u00e7a, il n&#8217;y a pas de g\u00e8ne fran\u00e7ais ou en tout cas, si il existe, on ne l&#8217;a pas encore d\u00e9couvert, mais c&#8217;est vrai qu&#8217;il y a des diff\u00e9rences g\u00e9n\u00e9tiques en fonction des diff\u00e9rentes parties du monde. Donc nous, malheureusement, en France, on a ce g\u00e8ne qui fait que notre sueur, notre transpiration, ne sent pas toujours tr\u00e8s bon.<\/p>\n\n\n\n<p><b><a id=\"sonaar_ts-6927ca1681f81\" class=\"srmp3_sonaar_ts_shortcode\"  style=\"\" href=\"javascript:sonaar_ts_shortcode({ trackid:'0', time:'00:09:35', ts_id:'6927ca1681f81', play_icon:'' }) ;\">[00:09:35]<\/a> &#8211; Ingrid<\/b><\/p>\n\n\n\n<p>Mais ce n&#8217;est pas sp\u00e9cifique aux Fran\u00e7ais. Et tu vois, en Am\u00e9rique du Sud, je pense que s&#8217;il ne faisait pas autant attention, ce serait la m\u00eame chose. C&#8217;est vrai. Toi, tu as entendu des choses quand tu \u00e9tais \u00e0 l&#8217;\u00e9tranger ou quand tu as rencontr\u00e9 des \u00e9trangers ?<\/p>\n\n\n\n<p><b><a id=\"sonaar_ts-6927ca1681f86\" class=\"srmp3_sonaar_ts_shortcode\"  style=\"\" href=\"javascript:sonaar_ts_shortcode({ trackid:'0', time:'00:09:50', ts_id:'6927ca1681f86', play_icon:'' }) ;\">[00:09:50]<\/a> &#8211; Hugo<\/b><\/p>\n\n\n\n<p>Oui, mais moi, peut-\u00eatre par politesse, les gens me parlaient plut\u00f4t de l&#8217;odeur dans les villes, notamment \u00e0 Paris. \u00c7a, on va en reparler un peu plus tard dans l&#8217;\u00e9pisode, mais c&#8217;est vrai que j&#8217;ai souvent entendu dire que Paris est une ville qui pue, que \u00e7a sent mauvais, en particulier dans le m\u00e9tro. Et l\u00e0-dessus, c&#8217;est vrai que c&#8217;est difficile \u00e0 nier. Les Fran\u00e7ais et les Parisiens sont les premiers \u00e0 s&#8217;en plaindre. Mais on va voir que ce n&#8217;est peut-\u00eatre pas forc\u00e9ment compl\u00e8tement li\u00e9 \u00e0 une question d&#8217;hygi\u00e8ne personnelle.<\/p>\n\n\n\n<p><b><a id=\"sonaar_ts-6927ca1681f8a\" class=\"srmp3_sonaar_ts_shortcode\"  style=\"\" href=\"javascript:sonaar_ts_shortcode({ trackid:'0', time:'00:10:25', ts_id:'6927ca1681f8a', play_icon:'' }) ;\">[00:10:25]<\/a> &#8211; Ingrid<\/b><\/p>\n\n\n\n<p>Oui, puisque ce st\u00e9r\u00e9otype, il n&#8217;est pas r\u00e9cent. En fait, il a une longue histoire et on va voir que c&#8217;est plut\u00f4t cette histoire qui fait qu&#8217;aujourd&#8217;hui, il y a encore ce clich\u00e9 sur les Fran\u00e7ais.<\/p>\n\n\n\n<p><b><a id=\"sonaar_ts-6927ca1681f8e\" class=\"srmp3_sonaar_ts_shortcode\"  style=\"\" href=\"javascript:sonaar_ts_shortcode({ trackid:'0', time:'00:10:45', ts_id:'6927ca1681f8e', play_icon:'' }) ;\">[00:10:45]<\/a> &#8211; Hugo<\/b><\/p>\n\n\n\n<p>Alors, pour commencer ce petit voyage historique, je vous propose de nous int\u00e9resser \u00e0 la question de l&#8217;eau, parce qu&#8217;\u00e9videmment, l&#8217;eau et son utilisation, c&#8217;est li\u00e9 \u00e0 la question de l&#8217;hygi\u00e8ne. Alors, \u00e7a tombe bien parce qu&#8217;en France, on a un historien qui s&#8217;appelle Georges Vigarello, qui a beaucoup \u00e9tudi\u00e9 l&#8217;histoire de l&#8217;hygi\u00e8ne, notamment depuis le Moyen \u00c2ge. Donc il a \u00e9crit un livre assez c\u00e9l\u00e8bre, en tout cas parmi les historiens, qui s&#8217;appelle <i>Le propre et le sale.<\/i> <i>L&#8217;hygi\u00e8ne du corps depuis le Moyen \u00c2ge<\/i>. Et cet historien explique que Le souci de propret\u00e9 a toujours exist\u00e9. On a toujours cherch\u00e9 \u00e0 \u00eatre propre, mais pas toujours en utilisant les m\u00eames m\u00e9thodes. \u00c7a changeait d&#8217;une \u00e9poque \u00e0 l&#8217;autre. Et en particulier, pendant longtemps, \u00eatre propre, \u00e7a voulait dire changer de v\u00eatement. Et en fait, ce qui comptait, c&#8217;\u00e9tait seulement ce qui \u00e9tait visible, les parties qui \u00e9taient visibles. Donc, si on avait des v\u00eatements propres qui n&#8217;avaient pas de taches et pas de trous, \u00e7a signifiait qu&#8217;on \u00e9tait propres soi-m\u00eame.<\/p>\n\n\n\n<p><b><a id=\"sonaar_ts-6927ca1681f93\" class=\"srmp3_sonaar_ts_shortcode\"  style=\"\" href=\"javascript:sonaar_ts_shortcode({ trackid:'0', time:'00:12:03', ts_id:'6927ca1681f93', play_icon:'' }) ;\">[00:12:03]<\/a> &#8211; Ingrid<\/b><\/p>\n\n\n\n<p>Alors qu&#8217;au contraire, l&#8217;eau, qui aujourd&#8217;hui est consid\u00e9r\u00e9e comme la base de l&#8217;hygi\u00e8ne, pendant longtemps, c&#8217;\u00e9tait consid\u00e9r\u00e9 plut\u00f4t comme une source de loisirs. Il y avait bien des bains publics, donc des endroits o\u00f9 les personnes pouvaient aller pour se baigner, mais l&#8217;objectif, c&#8217;\u00e9tait avant tout de se d\u00e9tendre, de se retrouver. Et c&#8217;\u00e9tait m\u00eame un peu des lieux de d\u00e9bauche. \u00c7a virait un peu m\u00eame \u00e0 des lieux de prostitution \u00e0 certains moments. Donc, voil\u00e0, c&#8217;\u00e9tait tr\u00e8s, tr\u00e8s loin d&#8217;\u00eatre des lieux d&#8217;hygi\u00e8ne. C&#8217;\u00e9tait mixte, donc avec des hommes et des femmes m\u00e9lang\u00e9s. Et vous pouvez bien imaginer ce qu&#8217;il pouvait s&#8217;y passer. Alors, progressivement, \u00e7a a m\u00eame \u00e9t\u00e9 interdit.<\/p>\n\n\n\n<p><b><a id=\"sonaar_ts-6927ca1681f97\" class=\"srmp3_sonaar_ts_shortcode\"  style=\"\" href=\"javascript:sonaar_ts_shortcode({ trackid:'0', time:'00:12:52', ts_id:'6927ca1681f97', play_icon:'' }) ;\">[00:12:52]<\/a> &#8211; Hugo<\/b><\/p>\n\n\n\n<p>Oui, et puis, ce qui a contribu\u00e9 \u00e0 la mauvaise r\u00e9putation de l&#8217;eau aussi au Moyen \u00c2ge, c&#8217;est une une maladie qui s&#8217;appelle la peste. Donc, au Moyen \u00c2ge, les populations europ\u00e9ennes ont \u00e9t\u00e9 d\u00e9cim\u00e9es \u00e0 cause de la peste. Et \u00e0 cette \u00e9poque, on croyait que la peste se transmettait \u00e0 travers l&#8217;eau, parce qu&#8217;il y avait des organismes qui \u00e9taient pr\u00e9sents dans l&#8217;eau et qui transmettaient cette maladie. Et puis aussi parce que quand on prend un bain chaud, les pores de notre peau s&#8217;ouvrent. Donc \u00ab les pores \u00bb, P-O-R-E-S, \u00e0 ne pas confondre avec \u00ab porc \u00bb, l&#8217;animal, P-O-R-C, les pores s&#8217;ouvrent, donc on pensait qu&#8217;on \u00e9tait plus vuln\u00e9rables \u00e0 ces maladies quand on prenait des bains chauds, que c&#8217;\u00e9tait plus facile pour la maladie de p\u00e9n\u00e9trer dans notre peau et dans notre corps.<\/p>\n\n\n\n<p><b><a id=\"sonaar_ts-6927ca1681f9c\" class=\"srmp3_sonaar_ts_shortcode\"  style=\"\" href=\"javascript:sonaar_ts_shortcode({ trackid:'0', time:'00:13:51', ts_id:'6927ca1681f9c', play_icon:'' }) ;\">[00:13:51]<\/a> &#8211; Ingrid<\/b><\/p>\n\n\n\n<p>Ce qui fait qu&#8217;apr\u00e8s cette \u00e9pid\u00e9mie de peste, les personnes ont commenc\u00e9 \u00e0 se nettoyer seulement avec un linge, seulement avec un bout de tissu avec lequel ils se frottaient le corps plut\u00f4t que de s&#8217;immerger, plut\u00f4t que de se plonger compl\u00e8tement dans l&#8217;eau.<\/p>\n\n\n\n<p><b><a id=\"sonaar_ts-6927ca1681fa0\" class=\"srmp3_sonaar_ts_shortcode\"  style=\"\" href=\"javascript:sonaar_ts_shortcode({ trackid:'0', time:'00:14:12', ts_id:'6927ca1681fa0', play_icon:'' }) ;\">[00:14:12]<\/a> &#8211; Hugo<\/b><\/p>\n\n\n\n<p>Oui, par exemple, quand un b\u00e9b\u00e9 naissait, on l&#8217;immergeait, mais de mani\u00e8re tr\u00e8s rapide, donc on lui donnait un bain et vraiment express. Et apr\u00e8s \u00e7a, on ne le baignait plus jusqu&#8217;\u00e0 l&#8217;\u00e2ge de sept ans. Donc, entre sa naissance et l&#8217;\u00e2ge de sept ans, le b\u00e9b\u00e9 n&#8217;\u00e9tait pas baign\u00e9.<\/p>\n\n\n\n<p><b><a id=\"sonaar_ts-6927ca1681fa5\" class=\"srmp3_sonaar_ts_shortcode\"  style=\"\" href=\"javascript:sonaar_ts_shortcode({ trackid:'0', time:'00:14:35', ts_id:'6927ca1681fa5', play_icon:'' }) ;\">[00:14:35]<\/a> &#8211; Ingrid<\/b><\/p>\n\n\n\n<p>C&#8217;est \u00e9c\u0153urant.<\/p>\n\n\n\n<p><b><a id=\"sonaar_ts-6927ca1681fa9\" class=\"srmp3_sonaar_ts_shortcode\"  style=\"\" href=\"javascript:sonaar_ts_shortcode({ trackid:'0', time:'00:14:38', ts_id:'6927ca1681fa9', play_icon:'' }) ;\">[00:14:38]<\/a> &#8211; Hugo<\/b><\/p>\n\n\n\n<p>Mais \u00e7a&#8230; Alors, Georges Vigarello, lui, il a \u00e9tudi\u00e9 l&#8217;histoire de l&#8217;hygi\u00e8ne plut\u00f4t au niveau europ\u00e9en. Donc, dans tout ce qu&#8217;on vient de raconter, il n&#8217;y avait pas forc\u00e9ment beaucoup de diff\u00e9rences d&#8217;un pays \u00e0 l&#8217;autre. D&#8217;ailleurs, les pays n&#8217;existaient pas encore, c&#8217;\u00e9tait plut\u00f4t des royaumes. Mais voil\u00e0, \u00e7a, c&#8217;\u00e9tait plut\u00f4t ce qui concerne les pratiques hygi\u00e9niques au Moyen \u00c2ge et jusqu&#8217;\u00e0 la Renaissance.<\/p>\n\n\n\n<p><b><a id=\"sonaar_ts-6927ca1681fae\" class=\"srmp3_sonaar_ts_shortcode\"  style=\"\" href=\"javascript:sonaar_ts_shortcode({ trackid:'0', time:'00:15:0', ts_id:'6927ca1681fae', play_icon:'' }) ;\">[00:15:02]<\/a> &#8211; Ingrid<\/b><\/p>\n\n\n\n<p>Donc, on l&#8217;a dit, \u00e0 partir de la Renaissance, on commence \u00e0 se frotter avec un linge pour se laver et on commence \u00e0 estimer aussi que la propret\u00e9 se d\u00e9finit plut\u00f4t par la mode, par les convenances, donc par la mani\u00e8re dont on va s&#8217;afficher. On montre qu&#8217;on est propres avec ses cols de chemises ou en se badigeonnant le corps de parfum. Et l\u00e0, on arrive \u00e0 la r\u00e9putation plut\u00f4t fran\u00e7aise, puisque tr\u00e8s vite, il y a une personne centrale en Europe qui va faire les modes et cette personne, c&#8217;est Louis XIV, le grand Louis XIV, le Roi-Soleil, celui du ch\u00e2teau de Versailles, c&#8217;est un peu lui qui va lancer la tendance de s&#8217;asperger, se badigeonner, se mettre du parfum pour masquer les odeurs.<\/p>\n\n\n\n<p><b><a id=\"sonaar_ts-6927ca1681fb3\" class=\"srmp3_sonaar_ts_shortcode\"  style=\"\" href=\"javascript:sonaar_ts_shortcode({ trackid:'0', time:'00:15:58', ts_id:'6927ca1681fb3', play_icon:'' }) ;\">[00:15:58]<\/a> &#8211; Hugo<\/b><\/p>\n\n\n\n<p>Oui, donc c&#8217;est vrai que Louis XIV, \u00e0 cette \u00e9poque, c&#8217;\u00e9tait l&#8217;influenceur num\u00e9ro un en Europe, celui qui dictait toutes les tendances. Mais donc il y a eu beaucoup d&#8217;histoires li\u00e9es \u00e0 Louis XIV, notamment cette histoire de parfum. Mais il faut savoir que Louis XIV adorait aussi prendre des bains, sauf qu&#8217;il avait plut\u00f4t tendance \u00e0 prendre des bains dans des rivi\u00e8res et pas forc\u00e9ment dans des baignoires. D&#8217;ailleurs, il y a aussi beaucoup d&#8217;histoires qui concernent le ch\u00e2teau de Versailles. Et c&#8217;est vrai qu&#8217;\u00e0 Versailles, l&#8217;eau \u00e9tait surtout utilis\u00e9e comme ornement ext\u00e9rieur, donc plut\u00f4t dans un but de divertissement avec les grandes fontaines dans le jardin du ch\u00e2teau de Versailles, mais pas n\u00e9cessairement pour le corps, pas pour se laver. Et on entend aussi souvent dire qu&#8217;il n&#8217;y avait pas de toilettes au ch\u00e2teau de Versailles et que \u00e7a sentait tr\u00e8s mauvais dans ce ch\u00e2teau. On entend, par exemple, que les nobles urinaient ou d\u00e9f\u00e9quaient dans tous les coins du ch\u00e2teau. Donc \u00ab uriner \u00bb, \u00e7a veut dire faire pipi et d\u00e9f\u00e9quer faire caca. Voil\u00e0, beaucoup de vocabulaire important.<\/p>\n\n\n\n<p><b><a id=\"sonaar_ts-6927ca1681fb7\" class=\"srmp3_sonaar_ts_shortcode\"  style=\"\" href=\"javascript:sonaar_ts_shortcode({ trackid:'0', time:'00:17:16', ts_id:'6927ca1681fb7', play_icon:'' }) ;\">[00:17:16]<\/a> &#8211; Ingrid<\/b><\/p>\n\n\n\n<p>On ne pensait pas dire \u00e7a dans le podcast un jour, non ? Entendre Hugo dire \u00ab faire caca \u00bb. Le jour est arriv\u00e9.<\/p>\n\n\n\n<p><b><a id=\"sonaar_ts-6927ca1681fbc\" class=\"srmp3_sonaar_ts_shortcode\"  style=\"\" href=\"javascript:sonaar_ts_shortcode({ trackid:'0', time:'00:17:21', ts_id:'6927ca1681fbc', play_icon:'' }) ;\">[00:17:21]<\/a> &#8211; Hugo<\/b><\/p>\n\n\n\n<p>Voil\u00e0, voil\u00e0. Mais bon, il faut que vous appreniez aussi ces expressions. Donc \u00ab uriner \u00bb et \u00ab d\u00e9f\u00e9quer \u00bb, \u00e7a, c&#8217;est les verbes on va dire, plus formels. Donc voil\u00e0, il y avait toutes ces histoires et on imagine que \u00e7a devait sentir tr\u00e8s mauvais au ch\u00e2teau de Versailles, mais les historiens ont r\u00e9tabli la v\u00e9rit\u00e9. En fait, il y avait bien des toilettes publiques au ch\u00e2teau de Versailles, m\u00eame si c&#8217;est vrai qu&#8217;il n&#8217;y en avait pas \u00e9norm\u00e9ment, compte tenu de la taille du b\u00e2timent. Et il existait aussi ce qu&#8217;on appelle des chaises de&#8230; J&#8217;ai perdu le terme.<\/p>\n\n\n\n<p><b><a id=\"sonaar_ts-6927ca1681fc0\" class=\"srmp3_sonaar_ts_shortcode\"  style=\"\" href=\"javascript:sonaar_ts_shortcode({ trackid:'0', time:'00:17:57', ts_id:'6927ca1681fc0', play_icon:'' }) ;\">[00:17:57]<\/a> &#8211; Ingrid<\/b><\/p>\n\n\n\n<p>Je sais pas. Je croyais que c&#8217;\u00e9tait des chaises perc\u00e9es, mais tu dis que c&#8217;est chaises de&#8230;<\/p>\n\n\n\n<p><b><a id=\"sonaar_ts-6927ca1681fc4\" class=\"srmp3_sonaar_ts_shortcode\"  style=\"\" href=\"javascript:sonaar_ts_shortcode({ trackid:'0', time:'00:18:01', ts_id:'6927ca1681fc4', play_icon:'' }) ;\">[00:18:01]<\/a> &#8211; Hugo<\/b><\/p>\n\n\n\n<p>Oui, des chaises perc\u00e9es, c&#8217;est \u00e7a. Donc perc\u00e9es, \u00e7a veut dire avec un trou, des chaises perc\u00e9es qui \u00e9taient l&#8217;anc\u00eatre des water closets, des toilettes. Mais on les appelait aussi des chaises de propret\u00e9. Donc \u00e7a, il y en avait dans les chambres pour que les nobles puissent les utiliser. Et pour finir sur cette partie, ces histoires, elles ont principalement \u00e9t\u00e9 invent\u00e9es apr\u00e8s la R\u00e9volution pour discr\u00e9diter l&#8217;Ancien R\u00e9gime et se moquer des nobles de l&#8217;Ancien R\u00e9gime.<\/p>\n\n\n\n<p><b><a id=\"sonaar_ts-6927ca1681fc9\" class=\"srmp3_sonaar_ts_shortcode\"  style=\"\" href=\"javascript:sonaar_ts_shortcode({ trackid:'0', time:'00:18:33', ts_id:'6927ca1681fc9', play_icon:'' }) ;\">[00:18:33]<\/a> &#8211; Ingrid<\/b><\/p>\n\n\n\n<p>Et c&#8217;\u00e9tait bien m\u00e9rit\u00e9 puisque pendant longtemps, les nobles avaient tendance \u00e0 consid\u00e9rer que les plus pauvres \u00e9taient sales parce qu&#8217;ils n&#8217;avaient pas ces parures dont on parlait, parce qu&#8217;ils ne pouvaient pas avoir les cols de chemises, ils ne pouvaient pas avoir les parfums, alors que finalement, ils \u00e9taient tous aussi sales les uns que les autres.<\/p>\n\n\n\n<p><b><a id=\"sonaar_ts-6927ca1681fcd\" class=\"srmp3_sonaar_ts_shortcode\"  style=\"\" href=\"javascript:sonaar_ts_shortcode({ trackid:'0', time:'00:18:56', ts_id:'6927ca1681fcd', play_icon:'' }) ;\">[00:18:55]<\/a> &#8211; Hugo<\/b><\/p>\n\n\n\n<p>Alors, on avance un peu dans notre voyage historique pour arriver au XIX\u1d49 si\u00e8cle. Et l\u00e0, c&#8217;est vrai qu&#8217;on assiste \u00e0 un tournant, \u00e0 un grand changement. Alors, qu&#8217;est-ce qui se passe, Ingrid, au XIX\u1d49 si\u00e8cle ?<\/p>\n\n\n\n<p><b><a id=\"sonaar_ts-6927ca1681fd2\" class=\"srmp3_sonaar_ts_shortcode\"  style=\"\" href=\"javascript:sonaar_ts_shortcode({ trackid:'0', time:'00:19:10', ts_id:'6927ca1681fd2', play_icon:'' }) ;\">[00:19:10]<\/a> &#8211; Ingrid<\/b><\/p>\n\n\n\n<p>Eh bien, on a un personnage qui s&#8217;appelle Louis Pasteur, qui fait son apparition et avec ses travaux, il y a un v\u00e9ritable renversement. Louis Pasteur, c&#8217;est un scientifique fran\u00e7ais, chimiste et physicien, qui est notamment connu pour avoir mis au point un vaccin contre la rage. Et de mani\u00e8re plus g\u00e9n\u00e9rale, il va faire beaucoup de recherches par rapport aux maladies et il va prouver qu&#8217;il y a des germes, des bact\u00e9ries, des microbes, en clair, des organismes microscopiques qui nous rendent malades. Et \u00e7a, \u00e7a va vraiment changer la la mani\u00e8re dont on consid\u00e8re l&#8217;hygi\u00e8ne.<\/p>\n\n\n\n<p><b><a id=\"sonaar_ts-6927ca1681fd6\" class=\"srmp3_sonaar_ts_shortcode\"  style=\"\" href=\"javascript:sonaar_ts_shortcode({ trackid:'0', time:'0', ts_id:'6927ca1681fd6', play_icon:'' }) ;\">[00:19:56]<\/a> &#8211; Hugo<\/b><\/p>\n\n\n\n<p>Oui, parce qu&#8217;il a la bonne id\u00e9e de nommer ces germes les \u00ab monstres invisibles \u00bb. Et \u00e7a, \u00e7a permet de faire passer l&#8217;id\u00e9e selon laquelle, m\u00eame quand on a l&#8217;air propre, m\u00eame quand on semble propre, on peut avoir des maladies sur soi, des germes qui sont invisibles, qu&#8217;on ne peut pas voir \u00e0 l&#8217;\u0153il nu.<\/p>\n\n\n\n<p><b><a id=\"sonaar_ts-6927ca1681fdb\" class=\"srmp3_sonaar_ts_shortcode\"  style=\"\" href=\"javascript:sonaar_ts_shortcode({ trackid:'0', time:'0', ts_id:'6927ca1681fdb', play_icon:'' }) ;\">[00:20:19]<\/a> &#8211; Ingrid<\/b><\/p>\n\n\n\n<p>Et en parall\u00e8le, \u00e0 la m\u00eame \u00e9poque, en France, il y le d\u00e9veloppement de l&#8217;\u00e9cole publique. Et donc, Louis Pasteur va donner les instructions sur l&#8217;hygi\u00e8ne basique, par exemple qu&#8217;il faut prendre un bain, bon, une fois par semaine \u00e0 l&#8217;\u00e9poque c&#8217;\u00e9tait, suivant les moyens de ce qui \u00e9tait possible ; se laver les mains et les pieds quotidiennement. Et voil\u00e0, on commence \u00e0 avoir l&#8217;id\u00e9e que quand on fait certains travaux, on doit se laver les mains r\u00e9guli\u00e8rement, qu&#8217;il faut se laver les mains avant de manger, des choses comme \u00e7a. Et \u00e0 l&#8217;\u00e9cole, les instituteurs peuvent transmettre \u00e7a aux enfants.<\/p>\n\n\n\n<p><b><a id=\"sonaar_ts-6927ca1681fe0\" class=\"srmp3_sonaar_ts_shortcode\"  style=\"\" href=\"javascript:sonaar_ts_shortcode({ trackid:'0', time:'0', ts_id:'6927ca1681fe0', play_icon:'' }) ;\">[00:20:59]<\/a> &#8211; Hugo<\/b><\/p>\n\n\n\n<p>Oui, \u00e0 l&#8217;\u00e9cole et aussi \u00e0 l&#8217;arm\u00e9e. Donc l&#8217;\u00c9tat, l&#8217;\u00c9tat fran\u00e7ais, fait passer ces nouvelles consignes, ces nouvelles r\u00e8gles pour inciter les \u00e9l\u00e8ves et les soldats \u00e0 adopter ces nouvelles habitudes d&#8217;hygi\u00e8ne. Le probl\u00e8me, c&#8217;est que quand ils rentrent chez eux, eh bien, ils n&#8217;ont pas forc\u00e9ment les \u00e9quipements pour le faire, parce qu&#8217;\u00e0 cette \u00e9poque, \u00e0 la fin du XIX\u1d49 si\u00e8cle, il y a encore beaucoup de logements en France qui ne sont pas \u00e9quip\u00e9s de l&#8217;eau courante. Il y a beaucoup de maisons anciennes dans lesquelles c&#8217;est difficile d&#8217;installer des canalisations pour faire venir l&#8217;eau dans la salle de bain. Donc, \u00e0 cette \u00e9poque aussi, on commence \u00e0 cr\u00e9er ces syst\u00e8mes de canalisation et de plomberie, mais \u00e7a prend \u00e9norm\u00e9ment de temps \u00e0 cause de l&#8217;anciennet\u00e9 du parc immobilier fran\u00e7ais.<\/p>\n\n\n\n<p><b><a id=\"sonaar_ts-6927ca1681fe4\" class=\"srmp3_sonaar_ts_shortcode\"  style=\"\" href=\"javascript:sonaar_ts_shortcode({ trackid:'0', time:'0', ts_id:'6927ca1681fe4', play_icon:'' }) ;\">[00:21:57]<\/a> &#8211; Ingrid<\/b><\/p>\n\n\n\n<p>Donc, il va y avoir, \u00e0 partir de ce moment-l\u00e0, des diff\u00e9rences suivant les pays, puisque c&#8217;est l&#8217;\u00e9poque o\u00f9 tous les pays commencent \u00e0 entreprendre des grands travaux et \u00e0 faire passer des messages sur l&#8217;hygi\u00e8ne. Mais forc\u00e9ment, pour certains, c&#8217;est un peu plus long que pour d&#8217;autres, sans compter qu&#8217;on n&#8217;a pas les m\u00eames organisations politiques. Par exemple, la France a toujours \u00e9t\u00e9 tr\u00e8s centralis\u00e9e, donc c&#8217;est plus difficile de faire des travaux dans chaque r\u00e9gion. Et puis, bien s\u00fbr, on n&#8217;a pas tous \u00e9t\u00e9 touch\u00e9s par les m\u00eames guerres, on n&#8217;a pas tous \u00e9t\u00e9 attaqu\u00e9s sur le territoire de la m\u00eame mani\u00e8re, ce qui fait que la France, pendant un certain temps, a \u00e9t\u00e9 assez \u00e0 la tra\u00eene, en retard par rapport \u00e0 d&#8217;autres pays. Par exemple la Suisse, qui ne fait pas la guerre, tout le monde le sait, bah a pu avoir des bonnes canalisations.<\/p>\n\n\n\n<p><b><a id=\"sonaar_ts-6927ca1681fe8\" class=\"srmp3_sonaar_ts_shortcode\"  style=\"\" href=\"javascript:sonaar_ts_shortcode({ trackid:'0', time:'0', ts_id:'6927ca1681fe8', play_icon:'' }) ;\">[00:22:55]<\/a> &#8211; Hugo<\/b><\/p>\n\n\n\n<p>Allez, un petit tacle pour les Suisses.<\/p>\n\n\n\n<p><b><a id=\"sonaar_ts-6927ca1681fec\" class=\"srmp3_sonaar_ts_shortcode\"  style=\"\" href=\"javascript:sonaar_ts_shortcode({ trackid:'0', time:'0', ts_id:'6927ca1681fec', play_icon:'' }) ;\">[00:22:57]<\/a> &#8211; Ingrid<\/b><\/p>\n\n\n\n<p>Bah non mais tant mieux pour eux, c&#8217;est tr\u00e8s bien. Ils sont riches et en paix, donc forc\u00e9ment, ils peuvent avoir des bonnes infrastructures. Je sais aussi qu&#8217;au Royaume-Uni, du fait d&#8217;\u00eatre une \u00eele, en Angleterre, il y a eu aussi des choses qui ont \u00e9t\u00e9 mises en place un peu plus vite, ce qui fait que m\u00eame si, au Moyen \u00c2ge, \u00e0 la Renaissance, on \u00e9tait un peu tous \u00ab log\u00e9s \u00e0 la m\u00eame enseigne \u00bb, c&#8217;est-\u00e0-dire on \u00e9tait tous au m\u00eame niveau, apr\u00e8s, il a commenc\u00e9 \u00e0 y avoir des disparit\u00e9s. Pour la France, ce n&#8217;\u00e9tait pas top, pour l&#8217;Espagne et l&#8217;Italie non plus&#8230;<\/p>\n\n\n\n<p><b><a id=\"sonaar_ts-6927ca1681ff0\" class=\"srmp3_sonaar_ts_shortcode\"  style=\"\" href=\"javascript:sonaar_ts_shortcode({ trackid:'0', time:'0', ts_id:'6927ca1681ff0', play_icon:'' }) ;\">[00:23:34]<\/a> &#8211; Hugo<\/b><\/p>\n\n\n\n<p>C&#8217;est vrai, mais comme tu l&#8217;as dit, dans les chiffres qu&#8217;on a trouv\u00e9s, au niveau des installations, des canalisations, des salles de bain, on \u00e9tait un peu plus avanc\u00e9 que l&#8217;Espagne et l&#8217;Italie, mais loin derri\u00e8re la Suisse, l&#8217;Allemagne, le Royaume-Uni et aussi les \u00c9tats-Unis. Donc, la situation s&#8217;est progressivement am\u00e9lior\u00e9e pendant la seconde moiti\u00e9 du XX\u1d49 si\u00e8cle gr\u00e2ce \u00e0 la reconstruction du pays apr\u00e8s la guerre, \u00e0 la construction de nouveaux logements et en particulier des logements sociaux, donc des logements accessibles pour les milieux populaires.<\/p>\n\n\n\n<p><b><a id=\"sonaar_ts-6927ca1681ff5\" class=\"srmp3_sonaar_ts_shortcode\"  style=\"\" href=\"javascript:sonaar_ts_shortcode({ trackid:'0', time:'00:24:23', ts_id:'6927ca1681ff5', play_icon:'' }) ;\">[00:24:23]<\/a> &#8211; Ingrid<\/b><\/p>\n\n\n\n<p>Alors, aujourd&#8217;hui, est-ce que ce clich\u00e9 est seulement un clich\u00e9 ou est-ce qu&#8217;on dire qu&#8217;il y a quand m\u00eame une v\u00e9rit\u00e9 derri\u00e8re ?<\/p>\n\n\n\n<p><b><a id=\"sonaar_ts-6927ca1681ff9\" class=\"srmp3_sonaar_ts_shortcode\"  style=\"\" href=\"javascript:sonaar_ts_shortcode({ trackid:'0', time:'00:24:32', ts_id:'6927ca1681ff9', play_icon:'' }) ;\">[00:24:32]<\/a> &#8211; Hugo<\/b><\/p>\n\n\n\n<p>Comme on l&#8217;a vu, il y a des facteurs historiques qui expliquent le retard que les Fran\u00e7ais ont pris dans les pratiques hygi\u00e9niques. Mais il faut savoir que ce st\u00e9r\u00e9otype est aussi li\u00e9 \u00e0 une gu\u00e9guerre culturelle qu&#8217;on a eue pendant longtemps avec le Royaume-Uni, puis plus r\u00e9cemment avec les \u00c9tats-Unis. Quand on dit une gu\u00e9guerre, \u00e7a veut dire une guerre qui n&#8217;est pas tr\u00e8s s\u00e9rieuse, une petite guerre, une guerre qui est un peu ridicule, une gu\u00e9guerre.<\/p>\n\n\n\n<p><b><a id=\"sonaar_ts-6927ca1681ffd\" class=\"srmp3_sonaar_ts_shortcode\"  style=\"\" href=\"javascript:sonaar_ts_shortcode({ trackid:'0', time:'00:25:07', ts_id:'6927ca1681ffd', play_icon:'' }) ;\">[00:25:07]<\/a> &#8211; Ingrid<\/b><\/p>\n\n\n\n<p>La France a eu pendant tr\u00e8s longtemps une gu\u00e9guerre avec l&#8217;Angleterre, m\u00eame s&#8217;il y a eu aussi des vraies guerres entre les deux pays. Il y a toujours eu un petit peu de la moquerie, des clich\u00e9s les uns sur les autres, des blagues qui sont faites aux d\u00e9pens des autres. Et donc, au XIX\u1d49 si\u00e8cle, les visiteurs nobles anglais qui se rendaient en France \u00e9taient choqu\u00e9s par l&#8217;absence de r\u00e9seaux d&#8217;eau courante dans les maisons. Comme je vous l&#8217;ai dit, ils ont \u00e9t\u00e9 un petit peu en avance sur nous et donc, eh bah, ils en ont profit\u00e9 pour inventer un clich\u00e9 qui perdure jusqu&#8217;\u00e0 aujourd&#8217;hui. Parce qu&#8217;il y avait un vrai contraste. \u00c7a n&#8217;a pas dur\u00e9 longtemps, mais vraiment, quand les Anglais venaient en France, les Fran\u00e7ais avaient l&#8217;air tr\u00e8s sales, ils n&#8217;\u00e9taient pas aussi raffin\u00e9s. Tu as d\u00e9j\u00e0 expliqu\u00e9 tout \u00e0 l&#8217;heure, \u00e9l\u00e9gants, propres sur eux, finalement, que ce que les Anglais pouvaient croire en se fiant \u00e0 la mode, aux parfums, aux arts, etc.<\/p>\n\n\n\n<p><b><a id=\"sonaar_ts-6927ca1682002\" class=\"srmp3_sonaar_ts_shortcode\"  style=\"\" href=\"javascript:sonaar_ts_shortcode({ trackid:'0', time:'00:26:12', ts_id:'6927ca1682002', play_icon:'' }) ;\">[00:26:12]<\/a> &#8211; Hugo<\/b><\/p>\n\n\n\n<p>Oui, c&#8217;est vrai que \u00e7a fait un st\u00e9r\u00e9otype vraiment int\u00e9ressant quand on s&#8217;int\u00e9resse \u00e0 ce contraste entre les parfums parisiens d&#8217;un c\u00f4t\u00e9 et l&#8217;hygi\u00e8ne des Fran\u00e7ais de l&#8217;autre. C&#8217;est vrai que \u00e7a fait une bonne histoire. Donc, ce n&#8217;est pas \u00e9tonnant qu&#8217;elle soit devenue populaire. Mais on peut dire qu&#8217;elle a \u00e9t\u00e9 encore renforc\u00e9e un peu plus tard, au XX\u1d49 si\u00e8cle, \u00e0 cause des soldats am\u00e9ricains. Pendant la Premi\u00e8re Guerre mondiale, beaucoup de soldats am\u00e9ricains ont d\u00e9barqu\u00e9 en France et souvent, ils \u00e9taient stationn\u00e9s, ils \u00e9taient log\u00e9s \u00e0 la campagne dans des fermes. Autrement dit, l\u00e0 o\u00f9 les pratiques hygi\u00e9niques \u00e9taient les moins avanc\u00e9es et les moins r\u00e9pandues. Beaucoup de ces soldats am\u00e9ricains vivaient en ville aux \u00c9tats-Unis et l\u00e0, ils se retrouvaient dans la campagne fran\u00e7aise. Donc forc\u00e9ment, ils \u00e9taient un peu surpris ou d\u00e9\u00e7us par la qualit\u00e9 des infrastructures, on pourrait dire, et souvent par, bah, l&#8217;absence, tout simplement, de salle de bain. Et une autre explication, c&#8217;est qu&#8217;autour d&#8217;eux, ils avaient l&#8217;impression que les Fran\u00e7ais qu&#8217;ils c\u00f4toyaient, les Fran\u00e7ais avec qui ils avaient des interactions, eh bien, ils essayaient de profiter d&#8217;eux, de les arnaquer, de leur vendre des choses plus ch\u00e8res qu&#8217;elles ne valaient, etc. Donc voil\u00e0, ils \u00e9taient&#8230; En plus, la plupart des soldats am\u00e9ricains \u00e9taient l\u00e0 contre leur gr\u00e9. Ils n&#8217;avaient pas sp\u00e9cialement envie d&#8217;\u00eatre dans la campagne fran\u00e7aise, dans la boue, sous la pluie. Donc, tout \u00e7a a contribu\u00e9 \u00e0 cette mauvaise image qu&#8217;ils avaient des Fran\u00e7ais et de leur hygi\u00e8ne.<\/p>\n\n\n\n<p><b><a id=\"sonaar_ts-6927ca1682006\" class=\"srmp3_sonaar_ts_shortcode\"  style=\"\" href=\"javascript:sonaar_ts_shortcode({ trackid:'0', time:'00:27:58', ts_id:'6927ca1682006', play_icon:'' }) ;\">[00:27:58]<\/a> &#8211; Ingrid<\/b><\/p>\n\n\n\n<p>Surtout qu&#8217;au contraire, ceux qui \u00e9taient stationn\u00e9s en Allemagne apparemment avaient des bien meilleures conditions de vie. \u00c7a, \u00e7a peut s&#8217;expliquer par plein de facteurs, en termes de d\u00e9veloppement \u00e9conomique, mais aussi en termes culturels. On n&#8217;avait pas forc\u00e9ment, voil\u00e0, la m\u00eame histoire, la m\u00eame religion. Il y avait beaucoup de diff\u00e9rences entre la France et l&#8217;Allemagne, qui est un pays tr\u00e8s, tr\u00e8s peu centralis\u00e9 o\u00f9 les travaux se beaucoup plus rapidement. Donc, voil\u00e0, ce serait int\u00e9ressant de se pencher dans un podcast pour apprendre l&#8217;allemand sur comment les Allemands ont r\u00e9ussi \u00e0 d\u00e9velopper d&#8217;aussi bonnes infrastructures. Mais c&#8217;est s\u00fbr qu&#8217;il y avait un contraste entre la France et l&#8217;Allemagne pour les soldats am\u00e9ricains.<\/p>\n\n\n\n<p><b><a id=\"sonaar_ts-6927ca168200f\" class=\"srmp3_sonaar_ts_shortcode\"  style=\"\" href=\"javascript:sonaar_ts_shortcode({ trackid:'0', time:'00:28:50', ts_id:'6927ca168200f', play_icon:'' }) ;\">[00:28:50]<\/a> &#8211; Hugo<\/b><\/p>\n\n\n\n<p>Oui, et ce sc\u00e9nario s&#8217;est r\u00e9p\u00e9t\u00e9 pendant la Seconde Guerre mondiale. Encore une fois, \u00e0 partir de 1944, il y a eu beaucoup de GI am\u00e9ricains Am\u00e9ricains stationn\u00e9s en France, \u00e0 la campagne. Et l\u00e0 aussi, ils trouvaient encore une fois que les Fran\u00e7ais \u00e9taient en retard en mati\u00e8re d&#8217;hygi\u00e8ne sur les \u00c9tats-Unis. Pour \u00e7a, on peut vous renvoyer aussi \u00e0 notre vid\u00e9o sur le French bashing, que j&#8217;ai publi\u00e9 sur YouTube il y a quelques ann\u00e9es maintenant. Parce que c&#8217;est vrai que ce st\u00e9r\u00e9otype, il fait partie des armes du French bashing. Il y a l&#8217;exemple de Pepe le Pew, Pepe le Putois en fran\u00e7ais. Et j&#8217;ai appris que \u00ab pew \u00bb, ce serait un jeu de mots en r\u00e9f\u00e9rence \u00e0 pu, le verbe puer en fran\u00e7ais. On vous l&#8217;a dit sentir mauvais. Donc, ce serait Pepe le Pue, Pepe le Pew, le putois qui sent mauvais.<\/p>\n\n\n\n<p><b><a id=\"sonaar_ts-6927ca1682014\" class=\"srmp3_sonaar_ts_shortcode\"  style=\"\" href=\"javascript:sonaar_ts_shortcode({ trackid:'0', time:'00:29:52', ts_id:'6927ca1682014', play_icon:'' }) ;\">[00:29:52]<\/a> &#8211; Ingrid<\/b><\/p>\n\n\n\n<p>Ah d&#8217;accord. \u00c7a veut rien dire en anglais, \u00ab pew \u00bb, comme \u00e7a ?<\/p>\n\n\n\n<p><b><a id=\"sonaar_ts-6927ca1682018\" class=\"srmp3_sonaar_ts_shortcode\"  style=\"\" href=\"javascript:sonaar_ts_shortcode({ trackid:'0', time:'00:29:58', ts_id:'6927ca1682018', play_icon:'' }) ;\">[00:29:58]<\/a> &#8211; Hugo<\/b><\/p>\n\n\n\n<p>Peut-\u00eatre que c&#8217;est&#8230; Il me semble aussi que c&#8217;est une fa\u00e7on de dire que quelque chose sent mauvais, qu&#8217;on dit : \u00ab pew \u00bb, non ? Comme onomatop\u00e9e ? Je ne sais pas. En polonais, je sais qu&#8217;on dit \u00e7a, qu&#8217;on quelque chose sent mauvais. Du coup, je confonds peut-\u00eatre avec l&#8217;anglais. Mais bref.<\/p>\n\n\n\n<p><b><a id=\"sonaar_ts-6927ca168201c\" class=\"srmp3_sonaar_ts_shortcode\"  style=\"\" href=\"javascript:sonaar_ts_shortcode({ trackid:'0', time:'00:30:14', ts_id:'6927ca168201c', play_icon:'' }) ;\">[00:30:14]<\/a> &#8211; Ingrid<\/b><\/p>\n\n\n\n<p>Ah ouais ? Bah dites-nous en commentaire.<\/p>\n\n\n\n<p><b><a id=\"sonaar_ts-6927ca1682021\" class=\"srmp3_sonaar_ts_shortcode\"  style=\"\" href=\"javascript:sonaar_ts_shortcode({ trackid:'0', time:'00:30:16', ts_id:'6927ca1682021', play_icon:'' }) ;\">[00:30:16]<\/a> &#8211; Hugo<\/b><\/p>\n\n\n\n<p>Ouais. Vous connaissez s\u00fbrement ce personnage de cartoon, de dessin anim\u00e9, qui est un putois pr\u00e9dateur sexuel. Et il faut savoir qu&#8217;il a \u00e9t\u00e9 invent\u00e9 en 1945, donc juste apr\u00e8s la Seconde Guerre mondiale. Et pour les Am\u00e9ricains, il est fran\u00e7ais, alors que pour nous, en France, P\u00e9p\u00e9 le Putois est italien. Il parle dans les dessins anim\u00e9s avec un accent italien.<\/p>\n\n\n\n<p><b><a id=\"sonaar_ts-6927ca1682025\" class=\"srmp3_sonaar_ts_shortcode\"  style=\"\" href=\"javascript:sonaar_ts_shortcode({ trackid:'0', time:'00:30:40', ts_id:'6927ca1682025', play_icon:'' }) ;\">[00:30:40]<\/a> &#8211; Ingrid<\/b><\/p>\n\n\n\n<p>Alors \u00e7a, c&#8217;est pour les explications historiques sur comment le clich\u00e9, on va dire, s&#8217;est construit \u00e0 partir de r\u00e9alit\u00e9s et aussi de gu\u00e9guerre. Mais qu&#8217;en est-il aujourd&#8217;hui ? Alors c&#8217;est un peu difficile \u00e0 dire, mais on a quand m\u00eame quelques sondages qui permettent de savoir comment est l&#8217;hygi\u00e8ne des Fran\u00e7ais. Moi, j&#8217;avoue qu&#8217;en voyant les sondages, je suis assez surprise parce que, bah, ce n&#8217;est pas top top quoi.<\/p>\n\n\n\n<p><b><a id=\"sonaar_ts-6927ca1682029\" class=\"srmp3_sonaar_ts_shortcode\"  style=\"\" href=\"javascript:sonaar_ts_shortcode({ trackid:'0', time:'00:31:14', ts_id:'6927ca1682029', play_icon:'' }) ;\">[00:31:14]<\/a> &#8211; Hugo<\/b><\/p>\n\n\n\n<p>Ouais, moi, je ne sais pas. Je m&#8217;attendais \u00e0 pire, je crois. Donc j&#8217;\u00e9tais plut\u00f4t, ouais, positivement surpris. Mais c&#8217;est vrai qu&#8217;au moment du Covid, il y a eu plusieurs sondages qui ont \u00e9t\u00e9 faits sur l&#8217;hygi\u00e8ne parce que forc\u00e9ment, quand il y a ce genre d&#8217;\u00e9pid\u00e9mie, la question de l&#8217;hygi\u00e8ne revient au centre du d\u00e9bat. Donc, un des sondages qu&#8217;on a trouv\u00e9s dit que quasiment neuf Fran\u00e7ais sur dix ont acc\u00e8s \u00e0 une douche dans leur r\u00e9sidence principale. Donc c&#8217;est vrai que \u00e7a fait quand m\u00eame 10, 12% des Fran\u00e7ais qui n&#8217;ont pas de douche chez eux, mais ils sont moins de deux sur trois \u00e0 prendre une douche quotidiennement. Seulement 63% des Fran\u00e7ais prennent une douche douches tous les jours. \u00c7a, c&#8217;est la faute des hommes, non ?<\/p>\n\n\n\n<p><b><a id=\"sonaar_ts-6927ca168202e\" class=\"srmp3_sonaar_ts_shortcode\"  style=\"\" href=\"javascript:sonaar_ts_shortcode({ trackid:'0', time:'00:32:03', ts_id:'6927ca168202e', play_icon:'' }) ;\">[00:32:03]<\/a> &#8211; Ingrid<\/b><\/p>\n\n\n\n<p>Oui, c&#8217;est \u00e7a. C&#8217;est ce que j&#8217;essayais de trouver comme autre chiffre, effectivement, c&#8217;est surtout les hommes. Et en particulier les hommes de 65 ans et plus ne sont que 36% \u00e0 prendre une douche quotidiennement, contre, par exemple, 46% des femmes du m\u00eame \u00e2ge. Donc, en fait, c&#8217;est la faute des hommes et, d\u00e9sol\u00e9e, des personnes \u00e2g\u00e9es aussi. Peut-\u00eatre qu&#8217;elles font moins d&#8217;activit\u00e9s aussi. On peut leur donner \u00e7a. Ou peut-\u00eatre qu&#8217;elles ont connu d&#8217;autres \u00e9poques avec moins de douches. Elles doivent se laver autrement.<\/p>\n\n\n\n<p><b><a id=\"sonaar_ts-6927ca1682032\" class=\"srmp3_sonaar_ts_shortcode\"  style=\"\" href=\"javascript:sonaar_ts_shortcode({ trackid:'0', time:'00:32:38', ts_id:'6927ca1682032', play_icon:'' }) ;\">[00:32:38]<\/a> &#8211; Hugo<\/b><\/p>\n\n\n\n<p>Non, c&#8217;est \u00e7a. Je pense que, par exemple, dans la g\u00e9n\u00e9ration de mes grands-parents, \u00e7a arrivait assez souvent qu&#8217;au lieu de prendre une douche, qu&#8217;on fasse une toilette. \u00ab Faire sa toilette \u00bb, \u00e7a veut dire prendre un gant humide du savon et puis se laver pr\u00e8s du lavabo avec un gant du savon et puis ensuite et ensuite se rincer. C&#8217;est moins agr\u00e9able qu&#8217;une douche, mais je pense que c&#8217;est tout aussi efficace et \u00e7a consomme moins d&#8217;eau. Donc, en fait, on aurait peut-\u00eatre&#8230; Non, tu n&#8217;es pas d&#8217;accord ?<\/p>\n\n\n\n<p><b><a id=\"sonaar_ts-6927ca1682037\" class=\"srmp3_sonaar_ts_shortcode\"  style=\"\" href=\"javascript:sonaar_ts_shortcode({ trackid:'0', time:'00:33:12', ts_id:'6927ca1682037', play_icon:'' }) ;\">[00:33:12]<\/a> &#8211; Ingrid<\/b><\/p>\n\n\n\n<p>Que ce soit aussi efficace, je ne sais pas, mais&#8230;<\/p>\n\n\n\n<p><b><a id=\"sonaar_ts-6927ca168203b\" class=\"srmp3_sonaar_ts_shortcode\"  style=\"\" href=\"javascript:sonaar_ts_shortcode({ trackid:'0', time:'00:33:15', ts_id:'6927ca168203b', play_icon:'' }) ;\">[00:33:15]<\/a> &#8211; Hugo<\/b><\/p>\n\n\n\n<p>Si on rase bien, non ?<\/p>\n\n\n\n<p><b><a id=\"sonaar_ts-6927ca168203f\" class=\"srmp3_sonaar_ts_shortcode\"  style=\"\" href=\"javascript:sonaar_ts_shortcode({ trackid:'0', time:'00:33:17', ts_id:'6927ca168203f', play_icon:'' }) ;\">[00:33:17]<\/a> &#8211; Ingrid<\/b><\/p>\n\n\n\n<p>Oui, je ne sais pas. Bah je sais qu&#8217;il y a cette expression \u00ab la toilette de chat \u00bb qui se dit beaucoup. Et \u00e7a, moi, j&#8217;ai l&#8217;impression que c&#8217;est quelque chose de tr\u00e8s superficiel. Apr\u00e8s, je me dis qu&#8217;\u00e0 d&#8217;autres \u00e9poques, ils avaient des salles de bain un peu plus adapt\u00e9es. Par exemple, ils avaient des bidets. Les bidets, je crois que c&#8217;est assez connu et c&#8217;est un truc aussi tr\u00e8s clich\u00e9 que les \u00e9trangers pensent trouver en France, mais dans les maisons modernes, on n&#8217;a plus \u00e7a. Et on n&#8217;a pas vraiment des lavabos qui sont faits pour pouvoir se faire une toilette correctement. Mais bon je ne sais pas. Il faudrait demander \u00e0 faire une \u00e9tude scientifique sur comment \u00e7a&#8230;<\/p>\n\n\n\n<p><b><a id=\"sonaar_ts-6927ca1682044\" class=\"srmp3_sonaar_ts_shortcode\"  style=\"\" href=\"javascript:sonaar_ts_shortcode({ trackid:'0', time:'00:34:01', ts_id:'6927ca1682044', play_icon:'' }) ;\">[00:34:01]<\/a> &#8211; Hugo<\/b><\/p>\n\n\n\n<p>L&#8217;efficacit\u00e9 de la toilette.<\/p>\n\n\n\n<p><b><a id=\"sonaar_ts-6927ca1682048\" class=\"srmp3_sonaar_ts_shortcode\"  style=\"\" href=\"javascript:sonaar_ts_shortcode({ trackid:'0', time:'00:34:03', ts_id:'6927ca1682048', play_icon:'' }) ;\">[00:34:03]<\/a> &#8211; Ingrid<\/b><\/p>\n\n\n\n<p>Oui, c&#8217;est \u00e7a.<\/p>\n\n\n\n<p><b><a id=\"sonaar_ts-6927ca168204d\" class=\"srmp3_sonaar_ts_shortcode\"  style=\"\" href=\"javascript:sonaar_ts_shortcode({ trackid:'0', time:'00:34:04', ts_id:'6927ca168204d', play_icon:'' }) ;\">[00:34:04]<\/a> &#8211; Hugo<\/b><\/p>\n\n\n\n<p>Oui, d&#8217;autant plus que la pr\u00e9occupation \u00e9cologique est de plus en plus pr\u00e9sente parmi les Fran\u00e7ais. On essaye de prendre des douches qui durent moins longtemps, peut-\u00eatre d&#8217;en prendre moins, d&#8217;utiliser moins de produits cosm\u00e9tiques, des d\u00e9odorants plus naturels qui, donc, peut-\u00eatre, n&#8217;ont pas autant de parfums et qui ne sont pas aussi efficaces. Et \u00e7a, \u00e7a peut aussi contribuer \u00e0 peut-\u00eatre des odeurs qui ne sont pas toujours tr\u00e8s agr\u00e9ables.<\/p>\n\n\n\n<p><b><a id=\"sonaar_ts-6927ca1682051\" class=\"srmp3_sonaar_ts_shortcode\"  style=\"\" href=\"javascript:sonaar_ts_shortcode({ trackid:'0', time:'00:34:43', ts_id:'6927ca1682051', play_icon:'' }) ;\">[00:34:43]<\/a> &#8211; Ingrid<\/b><\/p>\n\n\n\n<p>Finalement, \u00e7a d\u00e9pend du point de vue et c&#8217;est vrai que \u00e7a d\u00e9pend surtout avec qui on se compare. Quand on regarde les sondages et l&#8217;\u00e9volution historique en Europe, m\u00eame s&#8217;il y a des petites diff\u00e9rences, on est un peu sur le m\u00eame niveau partout. Par contre, il y a des vraies diff\u00e9rences d&#8217;un continent \u00e0 l&#8217;autre. On a vu les st\u00e9r\u00e9otypes. Aujourd&#8217;hui, ils viennent souvent des \u00c9tats-Unis, mais aussi les Fran\u00e7ais et les Europ\u00e9ens en g\u00e9n\u00e9ral ont cette r\u00e9putation en Asie, en Am\u00e9rique du Sud. Voil\u00e0, c&#8217;est quelque chose qui touche plut\u00f4t tout le continent. Et l\u00e0, c&#8217;est peut-\u00eatre un peu subjectif, mais moi, je pense qu&#8217;il y a certaines diff\u00e9rences culturelles, effectivement, qui peuvent venir du climat. Dans certains pays, ils ont besoin de se laver deux fois par jour \u00e0 cause de l&#8217;humidit\u00e9, \u00e0 cause de la chaleur. Donc forc\u00e9ment, ils donnent l&#8217;impression d&#8217;\u00eatre plus propres si on prend un chiffre comme \u00e7a, brut, il y a aussi des diff\u00e9rences \u00e0 cause du du climat aussi. Mais par exemple, en France, en hiver, il faut utiliser beaucoup d&#8217;eau chaude et bah \u00e7a donne froid de prendre une douche, donc peut-\u00eatre qu&#8217;il y en a qui Ils le font moins pour ces raisons.<\/p>\n\n\n\n<p><b><a id=\"sonaar_ts-6927ca1682055\" class=\"srmp3_sonaar_ts_shortcode\"  style=\"\" href=\"javascript:sonaar_ts_shortcode({ trackid:'0', time:'00:36:01', ts_id:'6927ca1682055', play_icon:'' }) ;\">[00:36:01]<\/a> &#8211; Ingrid<\/b><\/p>\n\n\n\n<p>Voil\u00e0, je pense qu&#8217;il y a beaucoup de choses aussi de tol\u00e9rance, comme je disais au d\u00e9but, aux odeurs o\u00f9 finalement, en France et en Europe, on va accepter que quelqu&#8217;un sente la transpiration parce qu&#8217;il utilise un d\u00e9odorant naturel, alors que dans d&#8217;autres pays, ce serait malpoli. Donc, voil\u00e0, je pense qu&#8217;il y a quand m\u00eame une diff\u00e9rence Europe contre les autres continents.<\/p>\n\n\n\n<p><b><a id=\"sonaar_ts-6927ca168205a\" class=\"srmp3_sonaar_ts_shortcode\"  style=\"\" href=\"javascript:sonaar_ts_shortcode({ trackid:'0', time:'00:36:25', ts_id:'6927ca168205a', play_icon:'' }) ;\">[00:36:25]<\/a> &#8211; Hugo<\/b><\/p>\n\n\n\n<p>Oui. Et puis, encore une fois, je pense que Paris joue un r\u00f4le sur cette question, parce que comme vous le savez, c&#8217;est une des villes les plus visit\u00e9es du monde, une des villes qui attire le plus de touristes. Et comme c&#8217;est une ville qui est assez petite, tr\u00e8s dense, et que souvent, on prend les transports en commun pour s&#8217;y d\u00e9placer, forc\u00e9ment, on est en contact avec \u00e9norm\u00e9ment de personnes et on peut avoir de mauvaises exp\u00e9riences dans le m\u00e9tro. Je me souviens tr\u00e8s bien quand j&#8217;\u00e9tais en stage \u00e0 Paris l&#8217;\u00e9t\u00e9, d&#8217;avoir pass\u00e9 des matin\u00e9es dans le m\u00e9tro pas super agr\u00e9ables. Et voil\u00e0, c&#8217;est vrai que si on prend un scooter ou sa voiture, on n&#8217;est pas expos\u00e9 \u00e0 ces odeurs d\u00e8s le matin en allant au travail. Donc voil\u00e0, \u00e7a c&#8217;est&#8230; Et encore une fois, c&#8217;est le fait que Paris est tellement visit\u00e9 que forc\u00e9ment, il y a plus de personnes qui sont expos\u00e9es \u00e0 ce genre de situation et qui peuvent en parler une fois qu&#8217;elles rentrent chez elles.<\/p>\n\n\n\n<p><b><a id=\"sonaar_ts-6927ca168205e\" class=\"srmp3_sonaar_ts_shortcode\"  style=\"\" href=\"javascript:sonaar_ts_shortcode({ trackid:'0', time:'00:37:31', ts_id:'6927ca168205e', play_icon:'' }) ;\">[00:37:31]<\/a> &#8211; Ingrid<\/b><\/p>\n\n\n\n<p>C&#8217;est s\u00fbr qu&#8217;aux \u00c9tats-Unis, il y a beaucoup plus de personnes qui prennent leur voiture et qui ont en plus la clim, l&#8217;air climatis\u00e9 partout. Donc, ils ont moins ce probl\u00e8me d&#8217;endroits confin\u00e9s o\u00f9 on sent les odeurs de tout le monde autour de soi.<\/p>\n\n\n\n<p><b><a id=\"sonaar_ts-6927ca1682063\" class=\"srmp3_sonaar_ts_shortcode\"  style=\"\" href=\"javascript:sonaar_ts_shortcode({ trackid:'0', time:'00:37:48', ts_id:'6927ca1682063', play_icon:'' }) ;\">[00:37:48]<\/a> &#8211; Hugo<\/b><\/p>\n\n\n\n<p>Alors, on va essayer peut-\u00eatre de synth\u00e9tiser tout \u00e7a pour conclure. Donc, c&#8217;est vrai que ce st\u00e9r\u00e9otype du fran\u00e7ais qui sent mauvais n&#8217;est pas forc\u00e9ment totalement un st\u00e9r\u00e9otype, parce que tout comme d&#8217;autres pays europ\u00e9ens, la France a pendant longtemps eu des normes d&#8217;hygi\u00e8ne qui \u00e9taient plut\u00f4t inefficaces ou plut\u00f4t laxistes.<\/p>\n\n\n\n<p><b><a id=\"sonaar_ts-6927ca1682067\" class=\"srmp3_sonaar_ts_shortcode\"  style=\"\" href=\"javascript:sonaar_ts_shortcode({ trackid:'0', time:'00:38:13', ts_id:'6927ca1682067', play_icon:'' }) ;\">[00:38:13]<\/a> &#8211; Ingrid<\/b><\/p>\n\n\n\n<p>Et malgr\u00e9 la volont\u00e9, on peut dire, &#8220;hygi\u00e9niste&#8221; de l&#8217;\u00c9tat fran\u00e7ais, les habitudes ont mis du temps \u00e0 changer, notamment \u00e0 cause d&#8217;un manque d&#8217;infrastructure. Et jusqu&#8217;\u00e0 la seconde partie du XX\u1d49 si\u00e8cle, jusqu&#8217;\u00e0 ce que des logements soient modernis\u00e9s et \u00e9quip\u00e9s d&#8217;une plomberie correcte, de salles de bains, de toilettes int\u00e9rieures avec chasse d&#8217;eau, eh bien l&#8217;hygi\u00e8ne \u00e9tait toujours un probl\u00e8me.<\/p>\n\n\n\n<p><b><a id=\"sonaar_ts-6927ca168206b\" class=\"srmp3_sonaar_ts_shortcode\"  style=\"\" href=\"javascript:sonaar_ts_shortcode({ trackid:'0', time:'00:38:43', ts_id:'6927ca168206b', play_icon:'' }) ;\">[00:38:43]<\/a> &#8211; Hugo<\/b><\/p>\n\n\n\n<p>Mais la popularit\u00e9 de ce st\u00e9r\u00e9otype s&#8217;explique aussi par la popularit\u00e9 de la France, \u00e0 la fois par ceux qui l&#8217;ont visit\u00e9, donc les touristes, mais aussi par les soldats am\u00e9ricains qui y ont pass\u00e9 un peu de temps pendant la Premi\u00e8re et la Seconde Guerre mondiale et qui ont rapport\u00e9 leurs mauvaises exp\u00e9riences chez eux pour en parler \u00e0 la maison.<\/p>\n\n\n\n<p><b><a id=\"sonaar_ts-6927ca1682070\" class=\"srmp3_sonaar_ts_shortcode\"  style=\"\" href=\"javascript:sonaar_ts_shortcode({ trackid:'0', time:'00:39:12', ts_id:'6927ca1682070', play_icon:'' }) ;\">[00:39:12]<\/a> &#8211; Ingrid<\/b><\/p>\n\n\n\n<p>Et donc cette r\u00e9putation, finalement, perdure jusqu&#8217;\u00e0 aujourd&#8217;hui, m\u00eame si dans les faits, il n&#8217;y a pas forc\u00e9ment une diff\u00e9rence \u00e9norme en mati\u00e8re d&#8217;hygi\u00e8ne avec les autres pays europ\u00e9ens. Voil\u00e0, \u00e7a, c&#8217;est notre petite&#8230; C&#8217;est un bon r\u00e9sum\u00e9 ?<\/p>\n\n\n\n<p><b><a id=\"sonaar_ts-6927ca1682074\" class=\"srmp3_sonaar_ts_shortcode\"  style=\"\" href=\"javascript:sonaar_ts_shortcode({ trackid:'0', time:'00:39:30', ts_id:'6927ca1682074', play_icon:'' }) ;\">[00:39:30]<\/a> &#8211; Hugo<\/b><\/p>\n\n\n\n<p>Ouais, j&#8217;esp\u00e8re qu&#8217;on n&#8217;a pas \u00e9t\u00e9 trop dans le d\u00e9ni. Peut-\u00eatre parce qu&#8217;on est fran\u00e7ais, on a voulu prot\u00e9ger nos compatriotes.<\/p>\n\n\n\n<p><b><a id=\"sonaar_ts-6927ca1682079\" class=\"srmp3_sonaar_ts_shortcode\"  style=\"\" href=\"javascript:sonaar_ts_shortcode({ trackid:'0', time:'00:39:39', ts_id:'6927ca1682079', play_icon:'' }) ;\">[00:39:39]<\/a> &#8211; Ingrid<\/b><\/p>\n\n\n\n<p>On a quand m\u00eame dit que c&#8217;\u00e9tait un peu vrai.<\/p>\n\n\n\n<p><b><a id=\"sonaar_ts-6927ca168207d\" class=\"srmp3_sonaar_ts_shortcode\"  style=\"\" href=\"javascript:sonaar_ts_shortcode({ trackid:'0', time:'00:39:41', ts_id:'6927ca168207d', play_icon:'' }) ;\">[00:39:41]<\/a> &#8211; Hugo<\/b><\/p>\n\n\n\n<p>On a dit que c&#8217;\u00e9tait un peu vrai. Bon en tout cas, si vous Si vous \u00eates historien ou si vous \u00eates des sp\u00e9cialistes de l&#8217;hygi\u00e8ne et que vous voulez contribuer \u00e0 la conversation, apportez votre pierre \u00e0 l&#8217;\u00e9difice. Comme d&#8217;habitude, on vous invite \u00e0 \u00e9crire vos commentaires sur la page de l&#8217;\u00e9pisode. On est toujours tr\u00e8s agr\u00e9ablement surpris par la qualit\u00e9 des commentaires que vous postez. On les lit avec grand plaisir, m\u00eame si c&#8217;est vrai qu&#8217;on n&#8217;a pas toujours le temps d&#8217;y r\u00e9pondre. Mais voil\u00e0, continuez \u00e0 le faire.<\/p>\n\n\n\n<p><b><a id=\"sonaar_ts-6927ca1682081\" class=\"srmp3_sonaar_ts_shortcode\"  style=\"\" href=\"javascript:sonaar_ts_shortcode({ trackid:'0', time:'00:40:12', ts_id:'6927ca1682081', play_icon:'' }) ;\">[00:40:12]<\/a> &#8211; Ingrid<\/b><\/p>\n\n\n\n<p>Merci beaucoup \u00e0 tous.<\/p>\n\n\n\n<p><b><a id=\"sonaar_ts-6927ca1682085\" class=\"srmp3_sonaar_ts_shortcode\"  style=\"\" href=\"javascript:sonaar_ts_shortcode({ trackid:'0', time:'00:40:14', ts_id:'6927ca1682085', play_icon:'' }) ;\">[00:40:14]<\/a> &#8211; Hugo<\/b><\/p>\n\n\n\n<p>Merci, \u00e0 bient\u00f4t.<\/p>\n\n\n\n<p><b><a id=\"sonaar_ts-6927ca168208a\" class=\"srmp3_sonaar_ts_shortcode\"  style=\"\" href=\"javascript:sonaar_ts_shortcode({ trackid:'0', time:'00:40:15', ts_id:'6927ca168208a', play_icon:'' }) ;\">[00:40:15]<\/a> &#8211; Ingrid<\/b><\/p>\n\n\n\n<p>\u00c0 bient\u00f4t.<\/p>\n","protected":false},"excerpt":{"rendered":"<p>&#8211; Hugo Les Fran\u00e7ais sont-ils vraiment si sales ? &#8211; Hugo Salut \u00e0 toutes et \u00e0 tous. Salut Ingrid. &#8211; Ingrid Salut Hugo. Comment tu vas ? &#8211; Hugo \u00c7a va. Et toi ? &#8211; Ingrid \u00c7a va. &#8211; Hugo Alors, est-ce que tu as pris une douche aujourd&#8217;hui ? &#8211; Ingrid Oui. Et toi&#8230;<\/p>\n","protected":false},"author":17473,"featured_media":289707,"comment_status":"open","ping_status":"open","sticky":false,"template":"","format":[191],"meta":{"_acf_changed":false,"_kad_blocks_custom_css":"","_kad_blocks_head_custom_js":"","_kad_blocks_body_custom_js":"","_kad_blocks_footer_custom_js":"","_kad_post_transparent":"","_kad_post_title":"","_kad_post_layout":"","_kad_post_sidebar_id":"","_kad_post_content_style":"","_kad_post_vertical_padding":"","_kad_post_feature":"","_kad_post_feature_position":"","_kad_post_header":false,"_kad_post_footer":false,"_kad_post_classname":"","footnotes":""},"categories":[168],"tags":[177,175,180,172],"class_list":["post-289597","post","type-post","status-publish","format-standard","has-post-thumbnail","hentry","category-podcast","tag-culture","tag-france","tag-histoire","tag-societe","format-duo-hugo-ingrid"],"acf":[],"taxonomy_info":{"category":[{"value":168,"label":"Podcast"}],"post_tag":[{"value":177,"label":"Culture"},{"value":175,"label":"France"},{"value":180,"label":"Histoire"},{"value":172,"label":"Soci\u00e9t\u00e9"}],"format":[{"value":191,"label":"Duo Hugo &amp; Ingrid"}]},"featured_image_src_large":["https:\/\/innerfrench.com\/wp-content\/uploads\/2024\/11\/hygiene-750x406.jpg",750,406,true],"author_info":{"display_name":"Hugo &amp; Ingrid","author_link":"https:\/\/innerfrench.com\/author\/hugo_ingrid\/"},"comment_info":46,"category_info":[{"term_id":168,"name":"Podcast","slug":"podcast","term_group":0,"term_taxonomy_id":168,"taxonomy":"category","description":"","parent":0,"count":185,"filter":"raw","cat_ID":168,"category_count":185,"category_description":"","cat_name":"Podcast","category_nicename":"podcast","category_parent":0}],"tag_info":[{"term_id":177,"name":"Culture","slug":"culture","term_group":0,"term_taxonomy_id":177,"taxonomy":"post_tag","description":"","parent":0,"count":44,"filter":"raw"},{"term_id":175,"name":"France","slug":"france","term_group":0,"term_taxonomy_id":175,"taxonomy":"post_tag","description":"","parent":0,"count":100,"filter":"raw"},{"term_id":180,"name":"Histoire","slug":"histoire","term_group":0,"term_taxonomy_id":180,"taxonomy":"post_tag","description":"","parent":0,"count":35,"filter":"raw"},{"term_id":172,"name":"Soci\u00e9t\u00e9","slug":"societe","term_group":0,"term_taxonomy_id":172,"taxonomy":"post_tag","description":"","parent":0,"count":94,"filter":"raw"}],"_links":{"self":[{"href":"https:\/\/innerfrench.com\/wp-json\/wp\/v2\/posts\/289597","targetHints":{"allow":["GET"]}}],"collection":[{"href":"https:\/\/innerfrench.com\/wp-json\/wp\/v2\/posts"}],"about":[{"href":"https:\/\/innerfrench.com\/wp-json\/wp\/v2\/types\/post"}],"author":[{"embeddable":true,"href":"https:\/\/innerfrench.com\/wp-json\/wp\/v2\/users\/17473"}],"replies":[{"embeddable":true,"href":"https:\/\/innerfrench.com\/wp-json\/wp\/v2\/comments?post=289597"}],"version-history":[{"count":2,"href":"https:\/\/innerfrench.com\/wp-json\/wp\/v2\/posts\/289597\/revisions"}],"predecessor-version":[{"id":292772,"href":"https:\/\/innerfrench.com\/wp-json\/wp\/v2\/posts\/289597\/revisions\/292772"}],"wp:featuredmedia":[{"embeddable":true,"href":"https:\/\/innerfrench.com\/wp-json\/wp\/v2\/media\/289707"}],"wp:attachment":[{"href":"https:\/\/innerfrench.com\/wp-json\/wp\/v2\/media?parent=289597"}],"wp:term":[{"taxonomy":"category","embeddable":true,"href":"https:\/\/innerfrench.com\/wp-json\/wp\/v2\/categories?post=289597"},{"taxonomy":"post_tag","embeddable":true,"href":"https:\/\/innerfrench.com\/wp-json\/wp\/v2\/tags?post=289597"},{"taxonomy":"format","embeddable":true,"href":"https:\/\/innerfrench.com\/wp-json\/wp\/v2\/format?post=289597"}],"curies":[{"name":"wp","href":"https:\/\/api.w.org\/{rel}","templated":true}]}}