{"id":289600,"date":"2024-12-18T12:50:18","date_gmt":"2024-12-18T11:50:18","guid":{"rendered":"https:\/\/innerfrench.com\/?p=207349"},"modified":"2025-09-25T08:55:14","modified_gmt":"2025-09-25T06:55:14","slug":"e160-vous-faites-quoi-pour-noel","status":"publish","type":"post","link":"https:\/\/innerfrench.com\/e160-vous-faites-quoi-pour-noel\/","title":{"rendered":"#160 Vous faites quoi pour No\u00ebl ?"},"content":{"rendered":"\n<p><a id=\"sonaar_ts-6927cad2c6820\" class=\"srmp3_sonaar_ts_shortcode\"  style=\"\" href=\"javascript:sonaar_ts_shortcode({ trackid:'0', time:'00:00:03', ts_id:'6927cad2c6820', play_icon:'' }) ;\">[00:00:03]<\/a> &#8211; Hugo<\/p>\n\n\n\n<p>Vous faites quoi pour No\u00ebl ?<\/p>\n\n\n\n<p><a id=\"sonaar_ts-6927cad2c682f\" class=\"srmp3_sonaar_ts_shortcode\"  style=\"\" href=\"javascript:sonaar_ts_shortcode({ trackid:'0', time:'00:00:05', ts_id:'6927cad2c682f', play_icon:'' }) ;\">[00:00:05]<\/a> &#8211; Hugo<\/p>\n\n\n\n<p>Salut \u00e0 toutes et \u00e0 tous. J&#8217;esp\u00e8re que vous allez bien. Comme promis, aujourd&#8217;hui, pour ce dernier \u00e9pisode de l&#8217;ann\u00e9e, toute l&#8217;\u00e9quipe d&#8217;InnerFrench est au complet. Je suis avec Ania et Ingrid.<\/p>\n\n\n\n<p><a id=\"sonaar_ts-6927cad2c6836\" class=\"srmp3_sonaar_ts_shortcode\"  style=\"\" href=\"javascript:sonaar_ts_shortcode({ trackid:'0', time:'00:00:19', ts_id:'6927cad2c6836', play_icon:'' }) ;\">[00:00:19]<\/a> &#8211; Ingrid<\/p>\n\n\n\n<p>Salut.<\/p>\n\n\n\n<p><a id=\"sonaar_ts-6927cad2c683c\" class=\"srmp3_sonaar_ts_shortcode\"  style=\"\" href=\"javascript:sonaar_ts_shortcode({ trackid:'0', time:'00:00:20', ts_id:'6927cad2c683c', play_icon:'' }) ;\">[00:00:20]<\/a> &#8211; Hugo<\/p>\n\n\n\n<p>Salut.<\/p>\n\n\n\n<p><a id=\"sonaar_ts-6927cad2c6841\" class=\"srmp3_sonaar_ts_shortcode\"  style=\"\" href=\"javascript:sonaar_ts_shortcode({ trackid:'0', time:'00:00:21', ts_id:'6927cad2c6841', play_icon:'' }) ;\">[00:00:21]<\/a> &#8211; Hugo<\/p>\n\n\n\n<p>Ania, toi, tu es un petit peu malade en ce moment, donc on esp\u00e8re que tu vas r\u00e9ussir \u00e0 tenir tout l&#8217;\u00e9pisode. Oui, moi aussi.<\/p>\n\n\n\n<p><a id=\"sonaar_ts-6927cad2c6846\" class=\"srmp3_sonaar_ts_shortcode\"  style=\"\" href=\"javascript:sonaar_ts_shortcode({ trackid:'0', time:'00:00:28', ts_id:'6927cad2c6846', play_icon:'' }) ;\">[00:00:28]<\/a> &#8211; Ania<\/p>\n\n\n\n<p>D\u00e9sol\u00e9e pour ma voix aujourd&#8217;hui. C&#8217;est vrai, j&#8217;ai un petit rhume, mais je tiens. Je pense que \u00e7a va aller jusqu&#8217;\u00e0 la fin de l&#8217;\u00e9pisode.<\/p>\n\n\n\n<p><a id=\"sonaar_ts-6927cad2c684a\" class=\"srmp3_sonaar_ts_shortcode\"  style=\"\" href=\"javascript:sonaar_ts_shortcode({ trackid:'0', time:'00:00:38', ts_id:'6927cad2c684a', play_icon:'' }) ;\">[00:00:38]<\/a> &#8211; Hugo<\/p>\n\n\n\n<p>Merci. Et toi, Ingrid, \u00e7a va ? Moi, \u00e7a va.<\/p>\n\n\n\n<p><a id=\"sonaar_ts-6927cad2c684f\" class=\"srmp3_sonaar_ts_shortcode\"  style=\"\" href=\"javascript:sonaar_ts_shortcode({ trackid:'0', time:'00:00:41', ts_id:'6927cad2c684f', play_icon:'' }) ;\">[00:00:41]<\/a> &#8211; Ingrid<\/p>\n\n\n\n<p>En forme.<\/p>\n\n\n\n<p><a id=\"sonaar_ts-6927cad2c6854\" class=\"srmp3_sonaar_ts_shortcode\"  style=\"\" href=\"javascript:sonaar_ts_shortcode({ trackid:'0', time:'00:00:41', ts_id:'6927cad2c6854', play_icon:'' }) ;\">[00:00:41]<\/a> &#8211; Hugo<\/p>\n\n\n\n<p>Ok.<\/p>\n\n\n\n<p><a id=\"sonaar_ts-6927cad2c6858\" class=\"srmp3_sonaar_ts_shortcode\"  style=\"\" href=\"javascript:sonaar_ts_shortcode({ trackid:'0', time:'00:00:41', ts_id:'6927cad2c6858', play_icon:'' }) ;\">[00:00:41]<\/a> &#8211; Ingrid<\/p>\n\n\n\n<p>Pas de probl\u00e8me.<\/p>\n\n\n\n<p><a id=\"sonaar_ts-6927cad2c685d\" class=\"srmp3_sonaar_ts_shortcode\"  style=\"\" href=\"javascript:sonaar_ts_shortcode({ trackid:'0', time:'00:00:43', ts_id:'6927cad2c685d', play_icon:'' }) ;\">[00:00:43]<\/a> &#8211; Hugo<\/p>\n\n\n\n<p>Pour ce dernier \u00e9pisode, comme vous l&#8217;avez entendu, on va parler de No\u00ebl. C&#8217;est le sujet classique en cette fin d&#8217;ann\u00e9e, m\u00eame si on est bien conscient que tous les auditeurs et toutes les auditrices ne f\u00eatent pas n\u00e9cessairement No\u00ebl. En g\u00e9n\u00e9ral, la fin de l&#8217;ann\u00e9e, c&#8217;est quand m\u00eame une p\u00e9riode dans laquelle il y a diff\u00e9rentes c\u00e9l\u00e9brations. Et nous, on va vous parler de comment \u00e7a se passe chez nous, \u00e0 la fois en France et puis aussi avec le point de vue d&#8217;Ania, on pourra comparer un petit peu avec la Pologne.<\/p>\n\n\n\n<p><a id=\"sonaar_ts-6927cad2c6862\" class=\"srmp3_sonaar_ts_shortcode\"  style=\"\" href=\"javascript:sonaar_ts_shortcode({ trackid:'0', time:'00:01:1', ts_id:'6927cad2c6862', play_icon:'' }) ;\">[00:01:19]<\/a> &#8211; Ingrid<\/p>\n\n\n\n<p>Oui, la fin d&#8217;ann\u00e9e, peu importe o\u00f9 on est dans le monde, il y a souvent des c\u00e9l\u00e9brations, des vacances. C&#8217;est aussi des moments o\u00f9 on fait un peu le point ou dans une partie du globe, c&#8217;est l&#8217;hiver, donc \u00e7a pr\u00eate \u00e0 se r\u00e9unir en famille. De l&#8217;autre c\u00f4t\u00e9, \u00e7a peut \u00eatre les vacances d&#8217;\u00e9t\u00e9 qui commencent pour certains. Dans tous les cas, il y a beaucoup d&#8217;\u00e9v\u00e9nements et c&#8217;est un moment assez festif.<\/p>\n\n\n\n<p><a id=\"sonaar_ts-6927cad2c6868\" class=\"srmp3_sonaar_ts_shortcode\"  style=\"\" href=\"javascript:sonaar_ts_shortcode({ trackid:'0', time:'00:01:46', ts_id:'6927cad2c6868', play_icon:'' }) ;\">[00:01:46]<\/a> &#8211; Hugo<\/p>\n\n\n\n<p>Et vous, en g\u00e9n\u00e9ral, c&#8217;est une p\u00e9riode que vous aimez bien, No\u00ebl, ou pas vraiment ?<\/p>\n\n\n\n<p><a id=\"sonaar_ts-6927cad2c686c\" class=\"srmp3_sonaar_ts_shortcode\"  style=\"\" href=\"javascript:sonaar_ts_shortcode({ trackid:'0', time:'00:01:5', ts_id:'6927cad2c686c', play_icon:'' }) ;\">[00:01:51]<\/a> &#8211; Ania<\/p>\n\n\n\n<p>Oui, pour moi, c&#8217;est une p\u00e9riode que j&#8217;aime bien. C&#8217;est vrai que c&#8217;est une des f\u00eates les plus importantes en Pologne, mais je crois aussi que dans d&#8217;autres pays, une f\u00eate tr\u00e8s familiale qu&#8217;on passe avec les personnes qu&#8217;on aime. Donc oui, c&#8217;est une p\u00e9riode, pour moi, qui est tr\u00e8s sympa et tr\u00e8s chaleureuse.<\/p>\n\n\n\n<p><a id=\"sonaar_ts-6927cad2c6872\" class=\"srmp3_sonaar_ts_shortcode\"  style=\"\" href=\"javascript:sonaar_ts_shortcode({ trackid:'0', time:'00:02:12', ts_id:'6927cad2c6872', play_icon:'' }) ;\">[00:02:12]<\/a> &#8211; Hugo<\/p>\n\n\n\n<p>Et toi, Ingrid, tu es tr\u00e8s famille aussi, non ? Donc j&#8217;imagine que tu aimes bien No\u00ebl.<\/p>\n\n\n\n<p><a id=\"sonaar_ts-6927cad2c6876\" class=\"srmp3_sonaar_ts_shortcode\"  style=\"\" href=\"javascript:sonaar_ts_shortcode({ trackid:'0', time:'00:02:17', ts_id:'6927cad2c6876', play_icon:'' }) ;\">[00:02:17]<\/a> &#8211; Ingrid<\/p>\n\n\n\n<p>Oui, j&#8217;aime beaucoup No\u00ebl et puis je suis aussi assez&#8230; M\u00eame si je voyage beaucoup, je suis assez casani\u00e8re, finalement. Casani\u00e8re, c&#8217;est quand on aime bien rester \u00e0 l&#8217;int\u00e9rieur. Donc c&#8217;est vrai que l&#8217;hiver, No\u00ebl, puis en plus, il y a mon anniversaire juste avant. C&#8217;est des p\u00e9riodes que j&#8217;aime bien parce qu&#8217;on peut se r\u00e9unir, on a des excuses pour rester \u00e0 la maison avec des bougies et du chocolat. Donc, j&#8217;adore.<\/p>\n\n\n\n<p><a id=\"sonaar_ts-6927cad2c687b\" class=\"srmp3_sonaar_ts_shortcode\"  style=\"\" href=\"javascript:sonaar_ts_shortcode({ trackid:'0', time:'00:02:45', ts_id:'6927cad2c687b', play_icon:'' }) ;\">[00:02:45]<\/a> &#8211; Hugo<\/p>\n\n\n\n<p>L&#8217;anniversaire en d\u00e9cembre, c&#8217;est toujours&#8230;<\/p>\n\n\n\n<p><a id=\"sonaar_ts-6927cad2c6880\" class=\"srmp3_sonaar_ts_shortcode\"  style=\"\" href=\"javascript:sonaar_ts_shortcode({ trackid:'0', time:'00:02:49', ts_id:'6927cad2c6880', play_icon:'' }) ;\">[00:02:49]<\/a> &#8211; Ania<\/p>\n\n\n\n<p>C&#8217;est \u00e0 double tranchant, on va dire.<\/p>\n\n\n\n<p><a id=\"sonaar_ts-6927cad2c6884\" class=\"srmp3_sonaar_ts_shortcode\"  style=\"\" href=\"javascript:sonaar_ts_shortcode({ trackid:'0', time:'00:02:51', ts_id:'6927cad2c6884', play_icon:'' }) ;\">[00:02:51]<\/a> &#8211; Hugo<\/p>\n\n\n\n<p>C&#8217;est \u00e0 double tranchant, exactement. Est-ce que tu as deux fois plus de cadeaux ou au contraire, tu as l&#8217;impression de te faire un peu arnaquer ?<\/p>\n\n\n\n<p><a id=\"sonaar_ts-6927cad2c6889\" class=\"srmp3_sonaar_ts_shortcode\"  style=\"\" href=\"javascript:sonaar_ts_shortcode({ trackid:'0', time:'00:02:59', ts_id:'6927cad2c6889', play_icon:'' }) ;\">[00:02:59]<\/a> &#8211; Ingrid<\/p>\n\n\n\n<p>Non, pas du tout. Mon anniversaire, il est pass\u00e9, c&#8217;\u00e9tait le 30 novembre.<\/p>\n\n\n\n<p><a id=\"sonaar_ts-6927cad2c688d\" class=\"srmp3_sonaar_ts_shortcode\"  style=\"\" href=\"javascript:sonaar_ts_shortcode({ trackid:'0', time:'00:03:05', ts_id:'6927cad2c688d', play_icon:'' }) ;\">[00:03:05]<\/a> &#8211; Hugo<\/p>\n\n\n\n<p>Ah mince !<\/p>\n\n\n\n<p><a id=\"sonaar_ts-6927cad2c6891\" class=\"srmp3_sonaar_ts_shortcode\"  style=\"\" href=\"javascript:sonaar_ts_shortcode({ trackid:'0', time:'00:03:06', ts_id:'6927cad2c6891', play_icon:'' }) ;\">[00:03:06]<\/a> &#8211; Ingrid<\/p>\n\n\n\n<p>C&#8217;est vraiment&#8230;<\/p>\n\n\n\n<p><a id=\"sonaar_ts-6927cad2c6896\" class=\"srmp3_sonaar_ts_shortcode\"  style=\"\" href=\"javascript:sonaar_ts_shortcode({ trackid:'0', time:'00:03:06', ts_id:'6927cad2c6896', play_icon:'' }) ;\">[00:03:06]<\/a> &#8211; Hugo<\/p>\n\n\n\n<p>Bon anniversaire.<\/p>\n\n\n\n<p><a id=\"sonaar_ts-6927cad2c689b\" class=\"srmp3_sonaar_ts_shortcode\"  style=\"\" href=\"javascript:sonaar_ts_shortcode({ trackid:'0', time:'00:03:08', ts_id:'6927cad2c689b', play_icon:'' }) ;\">[00:03:08]<\/a> &#8211; Ingrid<\/p>\n\n\n\n<p>Merci. C&#8217;est le tout dernier jour de novembre. Donc moi, c&#8217;est vrai que j&#8217;ai un peu ce calendrier en t\u00eate. Novembre, j&#8217;attends mon anniversaire. D\u00e8s que c&#8217;est pass\u00e9, c&#8217;est le d\u00e9but du calendrier de l&#8217;Avent. Donc, ce fameux calendrier o\u00f9 on compte les jours jusqu&#8217;\u00e0 No\u00ebl. Puis apr\u00e8s, c&#8217;est le jour de l&#8217;An et donc c&#8217;est vraiment une p\u00e9riode o\u00f9 tout s&#8217;encha\u00eene, donc j&#8217;aime bien. Apr\u00e8s, les cadeaux, en g\u00e9n\u00e9ral, j&#8217;ai quelque chose de symbolique pour les deux et ce n&#8217;est pas forc\u00e9ment ce qui m&#8217;int\u00e9resse le plus dans ces f\u00eates, donc \u00e7a va, je ne me sens pas l\u00e9s\u00e9e.<\/p>\n\n\n\n<p><a id=\"sonaar_ts-6927cad2c68a0\" class=\"srmp3_sonaar_ts_shortcode\"  style=\"\" href=\"javascript:sonaar_ts_shortcode({ trackid:'0', time:'00:03:42', ts_id:'6927cad2c68a0', play_icon:'' }) ;\">[00:03:42]<\/a> &#8211; Hugo<\/p>\n\n\n\n<p>Ok, mais quand tu \u00e9tais enfant ?<\/p>\n\n\n\n<p><a id=\"sonaar_ts-6927cad2c68a4\" class=\"srmp3_sonaar_ts_shortcode\"  style=\"\" href=\"javascript:sonaar_ts_shortcode({ trackid:'0', time:'00:03:45', ts_id:'6927cad2c68a4', play_icon:'' }) ;\">[00:03:45]<\/a> &#8211; Ingrid<\/p>\n\n\n\n<p>Pareil.<\/p>\n\n\n\n<p><a id=\"sonaar_ts-6927cad2c68a9\" class=\"srmp3_sonaar_ts_shortcode\"  style=\"\" href=\"javascript:sonaar_ts_shortcode({ trackid:'0', time:'00:03:47', ts_id:'6927cad2c68a9', play_icon:'' }) ;\">[00:03:47]<\/a> &#8211; Ania<\/p>\n\n\n\n<p>Arr\u00eate. Les cadeaux, \u00e7a ne t&#8217;int\u00e9ressait pas ?<\/p>\n\n\n\n<p><a id=\"sonaar_ts-6927cad2c68ad\" class=\"srmp3_sonaar_ts_shortcode\"  style=\"\" href=\"javascript:sonaar_ts_shortcode({ trackid:'0', time:'00:03:50', ts_id:'6927cad2c68ad', play_icon:'' }) ;\">[00:03:50]<\/a> &#8211; Ingrid<\/p>\n\n\n\n<p>Peut-\u00eatre, c&#8217;est parce que j&#8217;ai toujours eu assez de cadeaux. On ne m&#8217;a jamais fait le coup de dire : \u00ab ah non, tu as d\u00e9j\u00e0 eu quelque chose pour ton anniversaire, donc tu n&#8217;auras rien pour No\u00ebl \u00bb. \u00c7a, c&#8217;est vraiment pas quelque chose que j&#8217;ai subi dans ma vie.<\/p>\n\n\n\n<p><a id=\"sonaar_ts-6927cad2c68b2\" class=\"srmp3_sonaar_ts_shortcode\"  style=\"\" href=\"javascript:sonaar_ts_shortcode({ trackid:'0', time:'00:04:03', ts_id:'6927cad2c68b2', play_icon:'' }) ;\">[00:04:03]<\/a> &#8211; Hugo<\/p>\n\n\n\n<p>C&#8217;est vrai qu&#8217;il y a quasiment un mois entre les deux, mais je connais des gens qui ont eu leur b\u00e9b\u00e9 un 25 d\u00e9cembre. Pour le moment, c&#8217;est encore un b\u00e9b\u00e9, donc il se rend pas compte. Mais peut-\u00eatre que dans quelques ann\u00e9es, il va se dire : \u00ab ah c&#8217;est vraiment un mauvais timing \u00bb.<\/p>\n\n\n\n<p><a id=\"sonaar_ts-6927cad2c68b6\" class=\"srmp3_sonaar_ts_shortcode\"  style=\"\" href=\"javascript:sonaar_ts_shortcode({ trackid:'0', time:'00:04:21', ts_id:'6927cad2c68b6', play_icon:'' }) ;\">[00:04:21]<\/a> &#8211; Ingrid<\/p>\n\n\n\n<p>Peut-\u00eatre. On verra.<\/p>\n\n\n\n<p><a id=\"sonaar_ts-6927cad2c68bb\" class=\"srmp3_sonaar_ts_shortcode\"  style=\"\" href=\"javascript:sonaar_ts_shortcode({ trackid:'0', time:'00:04:24', ts_id:'6927cad2c68bb', play_icon:'' }) ;\">[00:04:24]<\/a> &#8211; Hugo<\/p>\n\n\n\n<p>Tu as mentionn\u00e9 le calendrier de l&#8217;avant. C&#8217;est quelque chose qui existe dans plusieurs plusieurs pays. Je pense dans tous les pays, \u00e0 mon avis, o\u00f9 on c\u00e9l\u00e8bre No\u00ebl, je pense qu&#8217;il y a un calendrier de l&#8217;Avent. En Pologne aussi, non ? Ania, vous en avez ?<\/p>\n\n\n\n<p><a id=\"sonaar_ts-6927cad2c68c0\" class=\"srmp3_sonaar_ts_shortcode\"  style=\"\" href=\"javascript:sonaar_ts_shortcode({ trackid:'0', time:'00:04:38', ts_id:'6927cad2c68c0', play_icon:'' }) ;\">[00:04:38]<\/a> &#8211; Ania<\/p>\n\n\n\n<p>Oui, bien s\u00fbr. Le plus souvent, c&#8217;est un joli calendrier avec des petits chocolats. Je pense que pour les enfants, c&#8217;est \u00e7a la premi\u00e8re association \u00e0 l&#8217;Avent. Mais oui, bien s\u00fbr, \u00e7a existe aussi en Pologne.<\/p>\n\n\n\n<p><a id=\"sonaar_ts-6927cad2c68c4\" class=\"srmp3_sonaar_ts_shortcode\"  style=\"\" href=\"javascript:sonaar_ts_shortcode({ trackid:'0', time:'00:04:50', ts_id:'6927cad2c68c4', play_icon:'' }) ;\">[00:04:50]<\/a> &#8211; Hugo<\/p>\n\n\n\n<p>C&#8217;est vrai. Moi, c&#8217;est aussi un bon souvenir d&#8217;enfance, les calendriers de l&#8217;Avent. Maintenant, je n&#8217;en ach\u00e8te plus, mais cette ann\u00e9e, pour la premi\u00e8re fois, j&#8217;en ai trouv\u00e9 un pour mes chattes. Donc, on leur a achet\u00e9 chacune un calendrier de l&#8217;avant. Parce que oui, maintenant, ils en font aussi pour les animaux de compagnie, avec des petites friandises, des petits bonbons pour chats. Et j&#8217;\u00e9tais surpris parce qu&#8217;elles ont tr\u00e8s vite compris comment \u00e7a fonctionnait. L\u00e0, maintenant, quasiment tous les matins, apr\u00e8s avoir pris leur petit-d\u00e9jeuner, elles vont se mettre \u00e0 c\u00f4t\u00e9 du calendrier. Elles attendent de recevoir leurs friandises. \u00c7a marche tr\u00e8s, tr\u00e8s bien. Mais je pense qu&#8217;elles ne vont pas comprendre apr\u00e8s le 26 d\u00e9cembre, elles ne vont pas comprendre pourquoi les friandises sont finies.<\/p>\n\n\n\n<p><a id=\"sonaar_ts-6927cad2c68c9\" class=\"srmp3_sonaar_ts_shortcode\"  style=\"\" href=\"javascript:sonaar_ts_shortcode({ trackid:'0', time:'00:05:35', ts_id:'6927cad2c68c9', play_icon:'' }) ;\">[00:05:35]<\/a> &#8211; Ania<\/p>\n\n\n\n<p>Tu vas avoir des ennuis, c&#8217;est s\u00fbr, avec les chats apr\u00e8s.<\/p>\n\n\n\n<p><a id=\"sonaar_ts-6927cad2c68ce\" class=\"srmp3_sonaar_ts_shortcode\"  style=\"\" href=\"javascript:sonaar_ts_shortcode({ trackid:'0', time:'00:05:37', ts_id:'6927cad2c68ce', play_icon:'' }) ;\">[00:05:37]<\/a> &#8211; Ingrid<\/p>\n\n\n\n<p>Il va falloir continuer toute l&#8217;ann\u00e9e.<\/p>\n\n\n\n<p><a id=\"sonaar_ts-6927cad2c68d2\" class=\"srmp3_sonaar_ts_shortcode\"  style=\"\" href=\"javascript:sonaar_ts_shortcode({ trackid:'0', time:'00:05:42', ts_id:'6927cad2c68d2', play_icon:'' }) ;\">[00:05:42]<\/a> &#8211; Hugo<\/p>\n\n\n\n<p>J&#8217;appr\u00e9hende un petit peu, mais tr\u00e8s, tr\u00e8s bonne technique marketing, parce que maintenant, je vais \u00eatre oblig\u00e9 d&#8217;acheter des friandises tout le temps. Donc, \u00e7a marche bien.<\/p>\n\n\n\n<p><a id=\"sonaar_ts-6927cad2c68d7\" class=\"srmp3_sonaar_ts_shortcode\"  style=\"\" href=\"javascript:sonaar_ts_shortcode({ trackid:'0', time:'00:05:52', ts_id:'6927cad2c68d7', play_icon:'' }) ;\">[00:05:52]<\/a> &#8211; Ingrid<\/p>\n\n\n\n<p>Tu t&#8217;es fait avoir. C&#8217;est vrai que tu parles de marketing et effectivement, maintenant, on a beaucoup de calendriers de l&#8217;avent avec plein de sortes de produits. Je sais que je vois des publicit\u00e9s pour tout en version calendrier de l&#8217;avant. Donc, a priori, \u00e7a fonctionne bien.<\/p>\n\n\n\n<p><a id=\"sonaar_ts-6927cad2c68db\" class=\"srmp3_sonaar_ts_shortcode\"  style=\"\" href=\"javascript:sonaar_ts_shortcode({ trackid:'0', time:'00:06:12', ts_id:'6927cad2c68db', play_icon:'' }) ;\">[00:06:12]<\/a> &#8211; Ania<\/p>\n\n\n\n<p>C&#8217;est vrai.<\/p>\n\n\n\n<p><a id=\"sonaar_ts-6927cad2c68e0\" class=\"srmp3_sonaar_ts_shortcode\"  style=\"\" href=\"javascript:sonaar_ts_shortcode({ trackid:'0', time:'00:06:12', ts_id:'6927cad2c68e0', play_icon:'' }) ;\">[00:06:12]<\/a> &#8211; Hugo<\/p>\n\n\n\n<p>Ils ont trouv\u00e9 le filon, comme on dit. Une expression, \u00ab trouver le filon \u00bb. Je crois que \u00e7a fait r\u00e9f\u00e9rence aux chercheurs d&#8217;or. Non, il me semble ?<\/p>\n\n\n\n<p><a id=\"sonaar_ts-6927cad2c68e4\" class=\"srmp3_sonaar_ts_shortcode\"  style=\"\" href=\"javascript:sonaar_ts_shortcode({ trackid:'0', time:'00:06:22', ts_id:'6927cad2c68e4', play_icon:'' }) ;\">[00:06:22]<\/a> &#8211; Ingrid<\/p>\n\n\n\n<p>Oula. Je sais pas du tout<\/p>\n\n\n\n<p><a id=\"sonaar_ts-6927cad2c68e9\" class=\"srmp3_sonaar_ts_shortcode\"  style=\"\" href=\"javascript:sonaar_ts_shortcode({ trackid:'0', time:'00:06:22', ts_id:'6927cad2c68e9', play_icon:'' }) ;\">[00:06:22]<\/a> &#8211; Hugo<\/p>\n\n\n\n<p>Je ne suis pas s\u00fbr. \u00c0 v\u00e9rifier. Mais je pense que les chercheurs d&#8217;or, quand ils commen\u00e7aient \u00e0 trouver un petit peu d&#8217;or, donc ce m\u00e9tal pr\u00e9cieux, ils disaient que c&#8217;\u00e9tait un filon. Donc ensuite, ils avaient tendance \u00e0 chercher plut\u00f4t dans cette zone en se disant qu&#8217;ils allaient pouvoir en trouver plus. Et en g\u00e9n\u00e9ral, quand on dit \u00ab trouver le filon \u00bb, \u00e7a veut dire qu&#8217;on a trouv\u00e9 une bonne&#8230; Comment dire ? Une bonne strat\u00e9gie ou quelque chose qui fonctionne bien et qui va nous \u00eatre profitable. Trouver le filon.<\/p>\n\n\n\n<p><a id=\"sonaar_ts-6927cad2c68ed\" class=\"srmp3_sonaar_ts_shortcode\"  style=\"\" href=\"javascript:sonaar_ts_shortcode({ trackid:'0', time:'00:06:54', ts_id:'6927cad2c68ed', play_icon:'' }) ;\">[00:06:54]<\/a> &#8211; Ingrid<\/p>\n\n\n\n<p>Ok, donc filon, \u00e7a vient de fil. C&#8217;est quoi ? C&#8217;est un petit fil, un truc comme \u00e7a ?<\/p>\n\n\n\n<p><a id=\"sonaar_ts-6927cad2c68f2\" class=\"srmp3_sonaar_ts_shortcode\"  style=\"\" href=\"javascript:sonaar_ts_shortcode({ trackid:'0', time:'00:06:59', ts_id:'6927cad2c68f2', play_icon:'' }) ;\">[00:06:59]<\/a> &#8211; Hugo<\/p>\n\n\n\n<p>Oui, un petit fil.<\/p>\n\n\n\n<p><a id=\"sonaar_ts-6927cad2c68f6\" class=\"srmp3_sonaar_ts_shortcode\"  style=\"\" href=\"javascript:sonaar_ts_shortcode({ trackid:'0', time:'00:07:00', ts_id:'6927cad2c68f6', play_icon:'' }) ;\">[00:07:00]<\/a> &#8211; Ingrid<\/p>\n\n\n\n<p>Je ne savais pas.<\/p>\n\n\n\n<p><a id=\"sonaar_ts-6927cad2c68fb\" class=\"srmp3_sonaar_ts_shortcode\"  style=\"\" href=\"javascript:sonaar_ts_shortcode({ trackid:'0', time:'00:07:01', ts_id:'6927cad2c68fb', play_icon:'' }) ;\">[00:07:01]<\/a> &#8211; Hugo<\/p>\n\n\n\n<p>Peut-\u00eatre qu&#8217;un petit fil comme un petit fil d&#8217;or, je ne sais pas.<\/p>\n\n\n\n<p><a id=\"sonaar_ts-6927cad2c68ff\" class=\"srmp3_sonaar_ts_shortcode\"  style=\"\" href=\"javascript:sonaar_ts_shortcode({ trackid:'0', time:'00:07:06', ts_id:'6927cad2c68ff', play_icon:'' }) ;\">[00:07:06]<\/a> &#8211; Ingrid<\/p>\n\n\n\n<p>Oui, \u00e7a a du sens.<\/p>\n\n\n\n<p><a id=\"sonaar_ts-6927cad2c6904\" class=\"srmp3_sonaar_ts_shortcode\"  style=\"\" href=\"javascript:sonaar_ts_shortcode({ trackid:'0', time:'00:07:0', ts_id:'6927cad2c6904', play_icon:'' }) ;\">[00:07:07]<\/a> &#8211; Ania<\/p>\n\n\n\n<p>\u00c7a a du sens, oui.<\/p>\n\n\n\n<p><a id=\"sonaar_ts-6927cad2c6909\" class=\"srmp3_sonaar_ts_shortcode\"  style=\"\" href=\"javascript:sonaar_ts_shortcode({ trackid:'0', time:'00:07:09', ts_id:'6927cad2c6909', play_icon:'' }) ;\">[00:07:09]<\/a> &#8211; Hugo<\/p>\n\n\n\n<p>\u00c0 v\u00e9rifier, demandez \u00e0 ChatGPT. Vous cherchez sur Internet.<\/p>\n\n\n\n<p><a id=\"sonaar_ts-6927cad2c690e\" class=\"srmp3_sonaar_ts_shortcode\"  style=\"\" href=\"javascript:sonaar_ts_shortcode({ trackid:'0', time:'00:07:14', ts_id:'6927cad2c690e', play_icon:'' }) ;\">[00:07:14]<\/a> &#8211; Ingrid<\/p>\n\n\n\n<p>Je ne sais pas si c&#8217;est la meilleure source.<\/p>\n\n\n\n<p><a id=\"sonaar_ts-6927cad2c6913\" class=\"srmp3_sonaar_ts_shortcode\"  style=\"\" href=\"javascript:sonaar_ts_shortcode({ trackid:'0', time:'00:07:16', ts_id:'6927cad2c6913', play_icon:'' }) ;\">[00:07:16]<\/a> &#8211; Hugo<\/p>\n\n\n\n<p>Ou pas.<\/p>\n\n\n\n<p><a id=\"sonaar_ts-6927cad2c6917\" class=\"srmp3_sonaar_ts_shortcode\"  style=\"\" href=\"javascript:sonaar_ts_shortcode({ trackid:'0', time:'00:07:18', ts_id:'6927cad2c6917', play_icon:'' }) ;\">[00:07:18]<\/a> &#8211; Ania<\/p>\n\n\n\n<p>Il faut quand m\u00eame v\u00e9rifier vos sources apr\u00e8s.<\/p>\n\n\n\n<p><a id=\"sonaar_ts-6927cad2c691c\" class=\"srmp3_sonaar_ts_shortcode\"  style=\"\" href=\"javascript:sonaar_ts_shortcode({ trackid:'0', time:'00:07:22', ts_id:'6927cad2c691c', play_icon:'' }) ;\">[00:07:22]<\/a> &#8211; Hugo<\/p>\n\n\n\n<p>Sinon, oui, je voulais dire un petit mot rapidement sur ce sur quoi on travaille depuis quelques mois. Et ce qui nous occupe beaucoup en ce moment. On a commenc\u00e9 \u00e0 travailler sur un nouveau cours qu&#8217;on va sortir en janvier, si tout se passe bien. C&#8217;est un cours qui va \u00eatre un compl\u00e9ment \u00e0 notre cours interm\u00e9diaire, Build a Strong encore, pour les gens qui ont besoin de plus de pratiques. Et le sujet de ce cours, c&#8217;est les personnalit\u00e9s m\u00e9diatiques fran\u00e7aises. Parce qu&#8217;on s&#8217;est rendu compte que souvent, on a des r\u00e9f\u00e9rences, on fait r\u00e9f\u00e9rence \u00e0 diff\u00e9rentes personnalit\u00e9s dans les \u00e9pisodes du podcast. Et nous, \u00e7a nous semble \u00e9vident parce que c&#8217;est des gens qu&#8217;on voit tous les jours dans les m\u00e9dias, mais en dehors de France, c&#8217;est des personnes qui ne sont pas toujours tr\u00e8s connues ou alors on ne sait pas pourquoi elles sont connues. Dans ce cours, \u00e7a va \u00eatre 20 portraits de 20 personnalit\u00e9s m\u00e9diatiques pour vous expliquer leur parcours, comment ces personnes sont per\u00e7ues en France, etc. Avec des exercices de compr\u00e9hension pour travailler votre compr\u00e9hension. On a pas mal travaill\u00e9 sur \u00e7a ces derniers temps et on va essayer de le publier en janvier.<\/p>\n\n\n\n<p><a id=\"sonaar_ts-6927cad2c6920\" class=\"srmp3_sonaar_ts_shortcode\"  style=\"\" href=\"javascript:sonaar_ts_shortcode({ trackid:'0', time:'00:08:39', ts_id:'6927cad2c6920', play_icon:'' }) ;\">[00:08:39]<\/a> &#8211; Hugo<\/p>\n\n\n\n<p>Et puis, on a une autre actualit\u00e9. Je ne sais pas si une de vous deux veut en parler.<\/p>\n\n\n\n<p><a id=\"sonaar_ts-6927cad2c6925\" class=\"srmp3_sonaar_ts_shortcode\"  style=\"\" href=\"javascript:sonaar_ts_shortcode({ trackid:'0', time:'00:08:45', ts_id:'6927cad2c6925', play_icon:'' }) ;\">[00:08:45]<\/a> &#8211; Ingrid<\/p>\n\n\n\n<p>L&#8217;autre actualit\u00e9, c&#8217;est qu&#8217;on va vous proposer des nouvelles le\u00e7ons sur le cours Les visages de Paris. \u00c7a va \u00eatre cinq nouvelles interviews. Avec Hugo, on est all\u00e9 film\u00e9 \u00e7a, l\u00e0, il n&#8217;y a pas longtemps. En ce moment, on travaille tous les trois \u00e0 vous cr\u00e9er des quiz \u00e0 partir de ces interviews. Elles seront int\u00e9gr\u00e9es au cours. Ceux qui ont d\u00e9j\u00e0 le cours, vous pourrez en profiter gratuitement. Et ceux qui n&#8217;ont pas encore \u00e9t\u00e9 inscrits aux cours, vous pourrez profiter de ces le\u00e7ons en m\u00eame temps que celles qui existent d\u00e9j\u00e0.<\/p>\n\n\n\n<p><a id=\"sonaar_ts-6927cad2c6929\" class=\"srmp3_sonaar_ts_shortcode\"  style=\"\" href=\"javascript:sonaar_ts_shortcode({ trackid:'0', time:'00:09:26', ts_id:'6927cad2c6929', play_icon:'' }) ;\">[00:09:26]<\/a> &#8211; Hugo<\/p>\n\n\n\n<p>On n&#8217;en dit pas plus, mais c&#8217;est des interviews vraiment passionnantes.<\/p>\n\n\n\n<p><a id=\"sonaar_ts-6927cad2c692e\" class=\"srmp3_sonaar_ts_shortcode\"  style=\"\" href=\"javascript:sonaar_ts_shortcode({ trackid:'0', time:'00:09:31', ts_id:'6927cad2c692e', play_icon:'' }) ;\">[00:09:31]<\/a> &#8211; Ingrid<\/p>\n\n\n\n<p>Ouais.<\/p>\n\n\n\n<p><a id=\"sonaar_ts-6927cad2c6933\" class=\"srmp3_sonaar_ts_shortcode\"  style=\"\" href=\"javascript:sonaar_ts_shortcode({ trackid:'0', time:'00:09:31', ts_id:'6927cad2c6933', play_icon:'' }) ;\">[00:09:31]<\/a> &#8211; Hugo<\/p>\n\n\n\n<p>Je pense qu&#8217;on a trouv\u00e9 les bonnes personnes. C&#8217;est pas mal de boulot. On a bien travaill\u00e9 ces derni\u00e8res semaines et il nous reste encore un petit peu de travail, mais on ne va pas oublier de prendre du temps pour nous en cette fin d&#8217;ann\u00e9e. Justement, maintenant, on va vous parler de nos projets personnels.<\/p>\n\n\n\n<p><a id=\"sonaar_ts-6927cad2c6937\" class=\"srmp3_sonaar_ts_shortcode\"  style=\"\" href=\"javascript:sonaar_ts_shortcode({ trackid:'0', time:'00:09:58', ts_id:'6927cad2c6937', play_icon:'' }) ;\">[00:09:58]<\/a> &#8211; Hugo<\/p>\n\n\n\n<p>Alors, les filles, qu&#8217;est-ce que vous que vous allez faire pour No\u00ebl ?<\/p>\n\n\n\n<p><a id=\"sonaar_ts-6927cad2c693c\" class=\"srmp3_sonaar_ts_shortcode\"  style=\"\" href=\"javascript:sonaar_ts_shortcode({ trackid:'0', time:'00:10:03', ts_id:'6927cad2c693c', play_icon:'' }) ;\">[00:10:03]<\/a> &#8211; Ania<\/p>\n\n\n\n<p>Moi, cette ann\u00e9e, je vais f\u00eater No\u00ebl et les f\u00eates de fin d&#8217;ann\u00e9e ici, \u00e0 Cracovie, dans ma ville natale. Je dis cette ann\u00e9e parce que l&#8217;ann\u00e9e derni\u00e8re, j&#8217;ai pass\u00e9 les f\u00eates \u00e0 Lisbonne, au Portugal. Je n&#8217;\u00e9tais pas seule. L\u00e0-bas, j&#8217;\u00e9tais avec mon mari, \u00e9videmment, et mes amis. Mais cette ann\u00e9e, je retrouve ma famille ici. Donc, je pense que \u00e7a va \u00eatre des f\u00eates tr\u00e8s traditionnelles. Mais je suis tr\u00e8s contente. Et vous ?<\/p>\n\n\n\n<p><a id=\"sonaar_ts-6927cad2c6940\" class=\"srmp3_sonaar_ts_shortcode\"  style=\"\" href=\"javascript:sonaar_ts_shortcode({ trackid:'0', time:'00:10:31', ts_id:'6927cad2c6940', play_icon:'' }) ;\">[00:10:31]<\/a> &#8211; Hugo<\/p>\n\n\n\n<p>C&#8217;\u00e9tait comment de f\u00eater No\u00ebl \u00e0 Lisbonne, d&#8217;\u00eatre loin de ta famille ?<\/p>\n\n\n\n<p><a id=\"sonaar_ts-6927cad2c6945\" class=\"srmp3_sonaar_ts_shortcode\"  style=\"\" href=\"javascript:sonaar_ts_shortcode({ trackid:'0', time:'00:10:36', ts_id:'6927cad2c6945', play_icon:'' }) ;\">[00:10:36]<\/a> &#8211; Ania<\/p>\n\n\n\n<p>C&#8217;\u00e9tait vraiment cool. C&#8217;\u00e9tait vraiment une exp\u00e9rience tr\u00e8s cool. Quelle partie ! Je suis contente que ma famille ne comprenne pas le fran\u00e7ais. Mais non, je dis que c&#8217;est cool parce qu&#8217;on n&#8217;\u00e9tait pas seuls, on \u00e9tait avec nos amis, on \u00e9tait six. Donc c&#8217;est pourquoi je dis que c&#8217;\u00e9tait cool parce qu&#8217;on se sentait pas seuls. Je ne sais pas, peut-\u00eatre que si on \u00e9tait vraiment seulement moi et mon mari, \u00e7a aurait \u00e9t\u00e9 diff\u00e9rent. J&#8217;en suis m\u00eame persuad\u00e9e. Mais passer, par exemple, une ann\u00e9e No\u00ebl ailleurs que dans notre ville natale, dans notre pays, c&#8217;est un changement qui est tr\u00e8s rafra\u00eechissant et que \u00e7a permet aussi de voir qu&#8217;est-ce qui nous manque exactement. Pendant No\u00ebl, est-ce que cette f\u00eate est vraiment importante pour nous ? Parce que \u00e7a a \u00e9t\u00e9 aussi le cas pour nous. Toute cette exp\u00e9rience de vivre \u00e0 l&#8217;\u00e9tranger, de vivre qu&#8217;est-ce qui nous manque en Pologne. Donc oui, c&#8217;\u00e9tait bien, mais quand m\u00eame, il y avait des traditions qui me manquaient parce qu&#8217;il y en a \u00e9norm\u00e9ment en Pologne. Mais \u00e7a, on va en parler un peu plus tard, je pense. Et vous, Ingrid ?<\/p>\n\n\n\n<p><a id=\"sonaar_ts-6927cad2c694a\" class=\"srmp3_sonaar_ts_shortcode\"  style=\"\" href=\"javascript:sonaar_ts_shortcode({ trackid:'0', time:'00:11:44', ts_id:'6927cad2c694a', play_icon:'' }) ;\">[00:11:44]<\/a> &#8211; Ingrid<\/p>\n\n\n\n<p>Moi, cette ann\u00e9e, je vais en Savoie. La Savoie, c&#8217;est un d\u00e9partement dans les Alpes, en France, o\u00f9 j&#8217;ai toute ma famille, ma famille \u00e9largie, donc mes grands-parents, mes oncles et tantes, mes cousins et cousines etc. Et donc, je vais l\u00e0-bas pour No\u00ebl et le jour de l&#8217;An. Je vais y rester deux semaines et toute ma famille se r\u00e9unit l\u00e0-bas. Donc mes parents viennent de r\u00e9gion parisienne, ma grande s\u0153ur vient de Lyon et ma petite s\u0153ur vient du V\u00e9n\u00e9zu\u00e9la o\u00f9 elle est en mission humanitaire. Donc \u00e7a va \u00eatre chouette. On va vraiment tous se retrouver et on va pouvoir voir toutes les familles pendant toute cette p\u00e9riode.<\/p>\n\n\n\n<p><a id=\"sonaar_ts-6927cad2c694e\" class=\"srmp3_sonaar_ts_shortcode\"  style=\"\" href=\"javascript:sonaar_ts_shortcode({ trackid:'0', time:'00:12:27', ts_id:'6927cad2c694e', play_icon:'' }) ;\">[00:12:27]<\/a> &#8211; Hugo<\/p>\n\n\n\n<p>Vous serez combien \u00e0 peu pr\u00e8s ?<\/p>\n\n\n\n<p><a id=\"sonaar_ts-6927cad2c6953\" class=\"srmp3_sonaar_ts_shortcode\"  style=\"\" href=\"javascript:sonaar_ts_shortcode({ trackid:'0', time:'00:12:30', ts_id:'6927cad2c6953', play_icon:'' }) ;\">[00:12:30]<\/a> &#8211; Ingrid<\/p>\n\n\n\n<p>Oula, je ne sais pas. Pour le jour de No\u00ebl, on n&#8217;a pas encore trop cal\u00e9 ce qu&#8217;on allait faire, donc on sera peut-\u00eatre, je ne sais pas, huit, neuf, mais en tout, on est peut-\u00eatre une vingtaine. On va se r\u00e9unir en petit groupe o\u00f9 peut-\u00eatre qu&#8217;on aura l&#8217;occasion de se voir \u00e0 une vingtaine ou trentaine tous ensemble. Mais j&#8217;ai vraiment toute ma famille l\u00e0-bas.<\/p>\n\n\n\n<p><a id=\"sonaar_ts-6927cad2c6957\" class=\"srmp3_sonaar_ts_shortcode\"  style=\"\" href=\"javascript:sonaar_ts_shortcode({ trackid:'0', time:'00:12:53', ts_id:'6927cad2c6957', play_icon:'' }) ;\">[00:12:53]<\/a> &#8211; Hugo<\/p>\n\n\n\n<p>C&#8217;est un grand No\u00ebl.<\/p>\n\n\n\n<p><a id=\"sonaar_ts-6927cad2c6964\" class=\"srmp3_sonaar_ts_shortcode\"  style=\"\" href=\"javascript:sonaar_ts_shortcode({ trackid:'0', time:'00:12:56', ts_id:'6927cad2c6964', play_icon:'' }) ;\">[00:12:56]<\/a> &#8211; Ingrid<\/p>\n\n\n\n<p>Ouais. Et toi Hugo ?<\/p>\n\n\n\n<p><a id=\"sonaar_ts-6927cad2c696a\" class=\"srmp3_sonaar_ts_shortcode\"  style=\"\" href=\"javascript:sonaar_ts_shortcode({ trackid:'0', time:'00:12:59', ts_id:'6927cad2c696a', play_icon:'' }) ;\">[00:12:59]<\/a> &#8211; Hugo<\/p>\n\n\n\n<p>Moi, Comme d&#8217;habitude, je vais rentrer aussi pour f\u00eater No\u00ebl avec ma famille. Cette ann\u00e9e, pour la premi\u00e8re fois, Weronika sera avec moi, donc elle va d\u00e9couvrir les joies du No\u00ebl fran\u00e7ais. C&#8217;est vrai que moi, c&#8217;est un peu particulier, c&#8217;est le cas de beaucoup de Fran\u00e7ais, mais comme mes parents sont divorc\u00e9s, on fait souvent deux No\u00ebls, un plut\u00f4t du c\u00f4t\u00e9 de mon p\u00e8re avec ma famille paternelle et l&#8217;autre du c\u00f4t\u00e9 de ma m\u00e8re avec ma famille maternelle. Donc, \u00e0 chaque fois, c&#8217;est un petit peu d&#8217;organisation, m\u00eame s&#8217;ils vivent tous \u00e0 peu pr\u00e8s dans le m\u00eame coin. Il faut s&#8217;organiser et puis on essaye d&#8217;alterner. Donc une ann\u00e9e, on f\u00eate le 25 d&#8217;un c\u00f4t\u00e9 et l&#8217;autre ann\u00e9e, on le f\u00eate de l&#8217;autre. Parce que c&#8217;est vrai qu&#8217;il y a diff\u00e9rentes dates pour No\u00ebl, ou en tout cas, les gens le f\u00eatent plut\u00f4t un certain jour ou un autre. Donc, en France, c&#8217;est soit le 24 pour le r\u00e9veillon, soit plut\u00f4t le 25. Donc toi, Ingrid, vous le f\u00eatez quel jour ?<\/p>\n\n\n\n<p><a id=\"sonaar_ts-6927cad2c696f\" class=\"srmp3_sonaar_ts_shortcode\"  style=\"\" href=\"javascript:sonaar_ts_shortcode({ trackid:'0', time:'00:14:10', ts_id:'6927cad2c696f', play_icon:'' }) ;\">[00:14:10]<\/a> &#8211; Ingrid<\/p>\n\n\n\n<p>En g\u00e9n\u00e9ral, on fait un d\u00eener le 24. On ouvre les cadeaux \u00e0 minuit et le 25, on fait encore un autre repas peut-\u00eatre un peu moins important, mais en g\u00e9n\u00e9ral, de toute fa\u00e7on, il y a de quoi faire au moins trois repas diff\u00e9rents, donc \u00e7a dure assez longtemps. Par contre, le 26, non. En g\u00e9n\u00e9ral, le 26, c&#8217;est les restes, on se repose, on a pris des vacances, mais \u00e7a ne fait pas partie des jours compt\u00e9s comme No\u00ebl. Toi, Ania, il me semble que tu as un jour f\u00e9ri\u00e9, non, le 26 ?<\/p>\n\n\n\n<p><a id=\"sonaar_ts-6927cad2c6974\" class=\"srmp3_sonaar_ts_shortcode\"  style=\"\" href=\"javascript:sonaar_ts_shortcode({ trackid:'0', time:'00:14:50', ts_id:'6927cad2c6974', play_icon:'' }) ;\">[00:14:50]<\/a> &#8211; Ania<\/p>\n\n\n\n<p>Oui, justement, en Pologne, le 26, c&#8217;est un peu comme toi Ingrid, tu as dit, c&#8217;est un jour plut\u00f4t normal, mais c&#8217;est en m\u00eame temps un jour qui est f\u00e9ri\u00e9. Donc, c&#8217;est vrai que c&#8217;est le jour o\u00f9 on se remet \u00e0 bouger un peu et \u00e0 dig\u00e9rer tout ce qu&#8217;on avait mang\u00e9 pendant No\u00ebl. Oui, on retrouve toujours notre famille, nos amis, on se fait des rendez-vous, mais sinon, il n&#8217;y a pas de tradition, il n&#8217;y a pas de repas qu&#8217;on mange ensemble. Pour le r\u00e9veillon, en Pologne, c&#8217;est toujours le 24. Et c&#8217;est \u00e7a le jour le plus important, le plus solennel, on va dire. Et en m\u00eame temps, le repas le plus copieux. Chez nous, c&#8217;est un peu bizarre parce que un repas entre un d\u00e9jeuner et un d\u00eener, \u00e7a d\u00e9pend vraiment de la maison parce que la tradition veut qu&#8217;on se mette \u00e0 table quand la premi\u00e8re \u00e9toile appara\u00eet dans le ciel. C&#8217;est \u00e7a la tradition. Mais comme si c&#8217;est un jour o\u00f9 il y a pas mal de personnes qui travaillent encore, ils pr\u00e9f\u00e8rent commencer un peu plus t\u00f4t pour avoir le temps de pr\u00e9parer le repas. Donc, c&#8217;est soit un d\u00e9jeuner tardif, soit un d\u00eener qu&#8217;on commence, je ne sais pas, vers 6h00, par exemple. Et apr\u00e8s le 25, donc le premier jour de No\u00ebl, on d\u00e9jeune ensemble aussi avec la famille. Mais oui, c&#8217;est un repas un peu moins solennel, on va dire.<\/p>\n\n\n\n<p><a id=\"sonaar_ts-6927cad2c6978\" class=\"srmp3_sonaar_ts_shortcode\"  style=\"\" href=\"javascript:sonaar_ts_shortcode({ trackid:'0', time:'00:16:28', ts_id:'6927cad2c6978', play_icon:'' }) ;\">[00:16:28]<\/a> &#8211; Hugo<\/p>\n\n\n\n<p>D&#8217;accord. Et les cadeaux, vous les offrez aussi le 24 au soir ?<\/p>\n\n\n\n<p><a id=\"sonaar_ts-6927cad2c697d\" class=\"srmp3_sonaar_ts_shortcode\"  style=\"\" href=\"javascript:sonaar_ts_shortcode({ trackid:'0', time:'00:16:33', ts_id:'6927cad2c697d', play_icon:'' }) ;\">[00:16:33]<\/a> &#8211; Ania<\/p>\n\n\n\n<p>Oui, toujours le 24. Normalement, apr\u00e8s le d\u00e9jeuner\/le d\u00eener, apr\u00e8s le r\u00e9veillon. Dans ma famille, c&#8217;\u00e9tait toujours apr\u00e8s le r\u00e9veillon ou apr\u00e8s avoir chant\u00e9 tous les cantiques possibles, parce que chez nous, c&#8217;\u00e9tait une tradition absolument obligatoire. Et je me souviens quand j&#8217;\u00e9tais plus jeune, quand j&#8217;\u00e9tais enfant, avec mes cousins et cousines, on chantait le plus vite possible et pas du tout au rythme qu&#8217;il fallait parce qu&#8217;on voulait tellement finir tr\u00e8s vite pour pouvoir ouvrir nos cadeaux, que \u00e7a se passait comme \u00e7a. Donc oui, c&#8217;est le 24 pour les cadeaux.<\/p>\n\n\n\n<p><a id=\"sonaar_ts-6927cad2c6982\" class=\"srmp3_sonaar_ts_shortcode\"  style=\"\" href=\"javascript:sonaar_ts_shortcode({ trackid:'0', time:'00:17:09', ts_id:'6927cad2c6982', play_icon:'' }) ;\">[00:17:09]<\/a> &#8211; Hugo<\/p>\n\n\n\n<p>D&#8217;accord. Moi, dans ma famille, c&#8217;est plut\u00f4t le 25. Donc les cadeaux, on les ouvre le matin en se r\u00e9veillant. Du coup, c&#8217;est vrai que c&#8217;est assez difficile de s&#8217;endormir le 24 parce qu&#8217;on est tr\u00e8s impatient d&#8217;\u00eatre le matin, de pouvoir ouvrir tout \u00e7a. Et apr\u00e8s, on fait un gros d\u00e9jeuner le 25, alors qu&#8217;en g\u00e9n\u00e9ral, c&#8217;est vrai que le d\u00eener du 24, chez nous, c&#8217;est plut\u00f4t&#8230; On fait un petit truc un peu sp\u00e9cial, mais l&#8217;\u00e9v\u00e9nement principal, chez nous, c&#8217;est plut\u00f4t le 25. Et \u00e7a, j&#8217;ai l&#8217;impression que \u00e7a d\u00e9pend vraiment des familles. Je ne sais pas si c&#8217;est en fonction des traditions familiales ou alors simplement des rythmes des uns et des autres. Si on pr\u00e9f\u00e8re beaucoup manger le soir ou alors beaucoup manger pour le d\u00e9jeuner, je ne sais pas. Mais oui, chez nous, c&#8217;est plut\u00f4t comme \u00e7a. Et chez nous, on a seulement le 25 qui est f\u00e9ri\u00e9. Le 24, c&#8217;est comme en Pologne, les gens travaillent. Et le 25 est f\u00e9ri\u00e9 et le 26, on travaille \u00e0 nouveau.<\/p>\n\n\n\n<p><a id=\"sonaar_ts-6927cad2c6987\" class=\"srmp3_sonaar_ts_shortcode\"  style=\"\" href=\"javascript:sonaar_ts_shortcode({ trackid:'0', time:'00:18:08', ts_id:'6927cad2c6987', play_icon:'' }) ;\">[00:18:08]<\/a> &#8211; Ania<\/p>\n\n\n\n<p>\u00c0 partir de l&#8217;ann\u00e9e prochaine, \u00e7a sera aussi le 24 qui sera f\u00e9ri\u00e9. Ils ont vot\u00e9 \u00e7a au gouvernement cette ann\u00e9e. Donc oui, je vais vous dire au revoir le 23, d\u00e9j\u00e0, la semaine prochaine, l&#8217;ann\u00e9e prochaine.<\/p>\n\n\n\n<p><a id=\"sonaar_ts-6927cad2c698c\" class=\"srmp3_sonaar_ts_shortcode\"  style=\"\" href=\"javascript:sonaar_ts_shortcode({ trackid:'0', time:'00:18:22', ts_id:'6927cad2c698c', play_icon:'' }) ;\">[00:18:22]<\/a> &#8211; Hugo<\/p>\n\n\n\n<p>Trois jours f\u00e9ri\u00e9. Ok, c&#8217;est cool. Donc oui, pour vous, c&#8217;est vraiment une f\u00eate importante.<\/p>\n\n\n\n<p><a id=\"sonaar_ts-6927cad2c6991\" class=\"srmp3_sonaar_ts_shortcode\"  style=\"\" href=\"javascript:sonaar_ts_shortcode({ trackid:'0', time:'00:18:28', ts_id:'6927cad2c6991', play_icon:'' }) ;\">[00:18:28]<\/a> &#8211; Ania<\/p>\n\n\n\n<p>Oui, oui.<\/p>\n\n\n\n<p><a id=\"sonaar_ts-6927cad2c6996\" class=\"srmp3_sonaar_ts_shortcode\"  style=\"\" href=\"javascript:sonaar_ts_shortcode({ trackid:'0', time:'00:18:2', ts_id:'6927cad2c6996', play_icon:'' }) ;\">[00:18:29]<\/a> &#8211; Ingrid<\/p>\n\n\n\n<p>C&#8217;est vrai que nous, on a seulement le 25, mais on a quand m\u00eame beaucoup de vacances \u00e0 prendre. Donc, en g\u00e9n\u00e9ral, on s&#8217;arrange quand m\u00eame pour avoir une semaine libre. Moi, par exemple, j&#8217;ai pos\u00e9 des jours l\u00e0 pour avoir toute la semaine tranquille avec ma famille.<\/p>\n\n\n\n<p><a id=\"sonaar_ts-6927cad2c699b\" class=\"srmp3_sonaar_ts_shortcode\"  style=\"\" href=\"javascript:sonaar_ts_shortcode({ trackid:'0', time:'00:18:48', ts_id:'6927cad2c699b', play_icon:'' }) ;\">[00:18:48]<\/a> &#8211; Hugo<\/p>\n\n\n\n<p>Oui, c&#8217;est vrai qu&#8217;entre le 24 d\u00e9cembre et le 2 janvier, les gens sont souvent en vacances. Donc, en France, le pays tourne un peu au ralenti. Ils ne passe pas grand-chose.<\/p>\n\n\n\n<p><a id=\"sonaar_ts-6927cad2c69a0\" class=\"srmp3_sonaar_ts_shortcode\"  style=\"\" href=\"javascript:sonaar_ts_shortcode({ trackid:'0', time:'00:19:01', ts_id:'6927cad2c69a0', play_icon:'' }) ;\">[00:19:01]<\/a> &#8211; Ingrid<\/p>\n\n\n\n<p>Et c&#8217;est s\u00fbr qu&#8217;il faut quand m\u00eame quelques jours libres pour pouvoir se remettre de toute la nourriture qu&#8217;on d\u00e9vore pendant les f\u00eates. \u00c7a, c&#8217;est quelque chose qui est assez important, je pense, dans beaucoup de pays, mais en France, moi, j&#8217;ai d\u00e9j\u00e0 f\u00eat\u00e9 No\u00ebl au P\u00e9rou aussi. \u00c0 chaque fois, ce qui est central, c&#8217;est le repas traditionnel. Je me demandais, toi, Ania, qu&#8217;est-ce que vous mangez en Pologne pour No\u00ebl ?<\/p>\n\n\n\n<p><a id=\"sonaar_ts-6927cad2c69a5\" class=\"srmp3_sonaar_ts_shortcode\"  style=\"\" href=\"javascript:sonaar_ts_shortcode({ trackid:'0', time:'00:19:33', ts_id:'6927cad2c69a5', play_icon:'' }) ;\">[00:19:33]<\/a> &#8211; Ania<\/p>\n\n\n\n<p>Je vais commencer peut-\u00eatre par le 25, parce que pour le 25, il n&#8217;y a pas vraiment de plats sp\u00e9ciaux. Il n&#8217;y a pas beaucoup de tradition autour. Par contre, pour le 24, il y en a beaucoup, je veux dire des plats traditionnels et des plats classiques. Apr\u00e8s, \u00e7a va d\u00e9pendre aussi beaucoup de la r\u00e9gion. Mais il y a quelques plats qui se r\u00e9p\u00e8tent un peu dans toutes les r\u00e9gions, qu&#8217;on pourrait trouver un peu sur toutes les tables. C&#8217;est par exemple la soupe aux betteraves, aux raviolis fourr\u00e9s aux champignons. Je demande pardon \u00e0 toutes les Italiennes et Italiens d&#8217;avoir utilis\u00e9 le mot ravioli, mais c&#8217;est juste pour vous dessiner un peu une image \u00e0 quoi \u00e7a ressemble.<\/p>\n\n\n\n<p><a id=\"sonaar_ts-6927cad2c69aa\" class=\"srmp3_sonaar_ts_shortcode\"  style=\"\" href=\"javascript:sonaar_ts_shortcode({ trackid:'0', time:'00:20:15', ts_id:'6927cad2c69aa', play_icon:'' }) ;\">[00:20:15]<\/a> &#8211; Hugo<\/p>\n\n\n\n<p>En fait, c&#8217;est des pierogis.<\/p>\n\n\n\n<p><a id=\"sonaar_ts-6927cad2c69af\" class=\"srmp3_sonaar_ts_shortcode\"  style=\"\" href=\"javascript:sonaar_ts_shortcode({ trackid:'0', time:'00:20:17', ts_id:'6927cad2c69af', play_icon:'' }) ;\">[00:20:17]<\/a> &#8211; Ania<\/p>\n\n\n\n<p>C&#8217;est des petits pierogis, donc \u00e7a s&#8217;appelle usczka. Et usczka, on peut traduire \u00e7a comme petites oreilles, mais \u00e7a ne ressemble pas du tout \u00e0 \u00e7a. Apr\u00e8s, on mange aussi la choucroute aux pois et aux champignons. Donc en gros, on mange beaucoup de champignons. Pierogi aussi, oui. Apr\u00e8s, comme poisson, par exemple, parce que pendant le r\u00e9veillon, on ne mange pas de viande, mais on mange du poisson. Et comme poisson, c&#8217;est la carpe, c&#8217;est le poisson, le le plus traditionnel. Apr\u00e8s, par exemple, comme boisson, on boit du&#8230; \u00c7a s&#8217;appelle compote en polonais, mais \u00e7a ne ressemble pas du tout aux compotes fran\u00e7ais. C&#8217;est plut\u00f4t un jus, simplement, c&#8217;est un jus de fruit sec. Tr\u00e8s souvent avec des prunes fum\u00e9es. Donc \u00e7a donne ce go\u00fbt tr\u00e8s fum\u00e9 qu&#8217;il y a des gens qui adorent \u00e7a absolument et puis il y a des gens qui d\u00e9testent, donc \u00e7a d\u00e9pend. Moi, j&#8217;ai chang\u00e9 de camp. Quand j&#8217;\u00e9tais jeune&#8230;<\/p>\n\n\n\n<p><a id=\"sonaar_ts-6927cad2c69b3\" class=\"srmp3_sonaar_ts_shortcode\"  style=\"\" href=\"javascript:sonaar_ts_shortcode({ trackid:'0', time:'00:21:13', ts_id:'6927cad2c69b3', play_icon:'' }) ;\">[00:21:13]<\/a> &#8211; Hugo<\/p>\n\n\n\n<p>C&#8217;est assez particulier.<\/p>\n\n\n\n<p><a id=\"sonaar_ts-6927cad2c69b8\" class=\"srmp3_sonaar_ts_shortcode\"  style=\"\" href=\"javascript:sonaar_ts_shortcode({ trackid:'0', time:'00:21:14', ts_id:'6927cad2c69b8', play_icon:'' }) ;\">[00:21:14]<\/a> &#8211; Ania<\/p>\n\n\n\n<p>C&#8217;est tr\u00e8s particulier. Tu en as d\u00e9j\u00e0 go\u00fbt\u00e9, Hugo ?<\/p>\n\n\n\n<p><a id=\"sonaar_ts-6927cad2c69bd\" class=\"srmp3_sonaar_ts_shortcode\"  style=\"\" href=\"javascript:sonaar_ts_shortcode({ trackid:'0', time:'00:21:18', ts_id:'6927cad2c69bd', play_icon:'' }) ;\">[00:21:18]<\/a> &#8211; Hugo<\/p>\n\n\n\n<p>Oui, oui, oui, bien s\u00fbr, bien s\u00fbr. Oui, moi, j&#8217;aime bien. C&#8217;est vrai que pour les occasions, un peu comme \u00e7a, \u00e0 No\u00ebl, j&#8217;ai test\u00e9. De temps en temps aussi, parce qu&#8217;en Pologne, il y a ces restaurants, ces anciens restaurants communistes, les bars \u00e0 lait. Dedans, c&#8217;est vrai qu&#8217;ils ont souvent de la compote. De temps en temps, j&#8217;aime bien. Je n&#8217;en boirais pas tous les jours, mais de temps en temps, c&#8217;est bon. C&#8217;est un peu entre le jus de fruit et le vin chaud. Il n&#8217;y a pas d&#8217;alcool dedans, mais ouais.<\/p>\n\n\n\n<p><a id=\"sonaar_ts-6927cad2c69c2\" class=\"srmp3_sonaar_ts_shortcode\"  style=\"\" href=\"javascript:sonaar_ts_shortcode({ trackid:'0', time:'00:21:44', ts_id:'6927cad2c69c2', play_icon:'' }) ;\">[00:21:44]<\/a> &#8211; Ania<\/p>\n\n\n\n<p>Tu as raison. Et comme dessert, le plus souvent, c&#8217;est le g\u00e2teau au go\u00fbt lait au pavot. Pour nous, le pavot, c&#8217;est aussi ce go\u00fbt tr\u00e8s caract\u00e9ristique pour No\u00ebl. Il y a encore un truc \u00e0 propos des plats que je ne vous ai pas dit, c&#8217;est que selon la tradition, normalement, pendant le r\u00e9veillon, il devrait y avoir douze plats. Mais \u00e7a, c&#8217;est en th\u00e9orie, normalement, il y en a, je dirais, six ou sept, parce que sinon, \u00e7a serait vraiment impossible de tout manger. Mais c&#8217;est vrai que m\u00eame si tu n&#8217;es pas capable de tout manger, il faut au moins go\u00fbter un peu chaque plat. Et \u00e7a, c&#8217;est obligatoire, c&#8217;est vraiment tr\u00e8s mal vu. Et \u00e7a peut cr\u00e9er toute une discussion une tradition autour de \u00ab ah pourquoi tu n&#8217;as pas encore go\u00fbt\u00e9 les pierogis ? \u00bb Donc, \u00e7a ne passe pas, si on ne go\u00fbte pas tous les plats, \u00e7a ne passe pas.<\/p>\n\n\n\n<p><a id=\"sonaar_ts-6927cad2c69c7\" class=\"srmp3_sonaar_ts_shortcode\"  style=\"\" href=\"javascript:sonaar_ts_shortcode({ trackid:'0', time:'00:22:39', ts_id:'6927cad2c69c7', play_icon:'' }) ;\">[00:22:39]<\/a> &#8211; Hugo<\/p>\n\n\n\n<p>Et il faut que tous les plats soient sur la table en m\u00eame temps ?<\/p>\n\n\n\n<p><a id=\"sonaar_ts-6927cad2c69cc\" class=\"srmp3_sonaar_ts_shortcode\"  style=\"\" href=\"javascript:sonaar_ts_shortcode({ trackid:'0', time:'00:22:43', ts_id:'6927cad2c69cc', play_icon:'' }) ;\">[00:22:43]<\/a> &#8211; Ania<\/p>\n\n\n\n<p>Non, non. Chez moi, par exemple, non. Mais c&#8217;est vrai que la plupart des plats, oui, ils sont sur la table depuis le d\u00e9but. Apr\u00e8s, il y a encore une tradition que moi, j&#8217;aime bien et c&#8217;est aussi autour du r\u00e9veillon, c&#8217;est le qu&#8217;on laisse toujours un couvert libre \u00e0 table pour quelqu&#8217;un. On dit que c&#8217;est pour un autre inattendu. Il y a aussi des personnes qui disent que c&#8217;est pour quelqu&#8217;un qui cherche un abri et qui frappe \u00e0 notre porte ou pour quelqu&#8217;un qui faim. Je vous en parle parce que c&#8217;est une de mes traditions pr\u00e9f\u00e9r\u00e9es et c&#8217;est tr\u00e8s \u00e9mouvant de faire \u00e7a, je pense, de rester comme \u00e7a avec des c\u0153urs ouverts.<\/p>\n\n\n\n<p><a id=\"sonaar_ts-6927cad2c69ee\" class=\"srmp3_sonaar_ts_shortcode\"  style=\"\" href=\"javascript:sonaar_ts_shortcode({ trackid:'0', time:'00:23:27', ts_id:'6927cad2c69ee', play_icon:'' }) ;\">[00:23:27]<\/a> &#8211; Hugo<\/p>\n\n\n\n<p>Est-ce qu&#8217;il y a d\u00e9j\u00e0 quelqu&#8217;un qui a frapp\u00e9 chez vous pour \u00eatre l\u00e0 ?<\/p>\n\n\n\n<p><a id=\"sonaar_ts-6927cad2c69f3\" class=\"srmp3_sonaar_ts_shortcode\"  style=\"\" href=\"javascript:sonaar_ts_shortcode({ trackid:'0', time:'00:23:31', ts_id:'6927cad2c69f3', play_icon:'' }) ;\">[00:23:31]<\/a> &#8211; Ania<\/p>\n\n\n\n<p>Une fois et c&#8217;\u00e9tait le voisin, mais c&#8217;\u00e9tait juste pour&#8230; Je ne me souviens plus, mais non, c&#8217;\u00e9tait juste pour un petit truc. Il avait besoin de quelque chose juste avant son r\u00e9veillon. Comment \u00e7a se passe en France, les repas ? Ingrid, vous mangez quoi ?<\/p>\n\n\n\n<p><a id=\"sonaar_ts-6927cad2c69f8\" class=\"srmp3_sonaar_ts_shortcode\"  style=\"\" href=\"javascript:sonaar_ts_shortcode({ trackid:'0', time:'00:23:51', ts_id:'6927cad2c69f8', play_icon:'' }) ;\">[00:23:51]<\/a> &#8211; Ingrid<\/p>\n\n\n\n<p>\u00c7a ne va pas \u00eatre tr\u00e8s v\u00e9gan parce que c&#8217;est vrai qu&#8217;en France, c&#8217;est peut-\u00eatre m\u00eame mieux que ce soit moi qui raconte.<\/p>\n\n\n\n<p><a id=\"sonaar_ts-6927cad2c69fd\" class=\"srmp3_sonaar_ts_shortcode\"  style=\"\" href=\"javascript:sonaar_ts_shortcode({ trackid:'0', time:'00:23:59', ts_id:'6927cad2c69fd', play_icon:'' }) ;\">[00:23:59]<\/a> &#8211; Hugo<\/p>\n\n\n\n<p>Je te laisse. Je te laisse raconter.<\/p>\n\n\n\n<p><a id=\"sonaar_ts-6927cad2c6a06\" class=\"srmp3_sonaar_ts_shortcode\"  style=\"\" href=\"javascript:sonaar_ts_shortcode({ trackid:'0', time:'00:24:00', ts_id:'6927cad2c6a06', play_icon:'' }) ;\">[00:24:00]<\/a> &#8211; Ania<\/p>\n\n\n\n<p>Pauvre Hugo.<\/p>\n\n\n\n<p><a id=\"sonaar_ts-6927cad2c6a0b\" class=\"srmp3_sonaar_ts_shortcode\"  style=\"\" href=\"javascript:sonaar_ts_shortcode({ trackid:'0', time:'00:24:01', ts_id:'6927cad2c6a0b', play_icon:'' }) ;\">[00:24:01]<\/a> &#8211; Ingrid<\/p>\n\n\n\n<p>Parce que ouais, d\u00e9j\u00e0, en entr\u00e9e, on a beaucoup des toasts, des toasts avec du foie gras. Donc, je pense que tout le monde sait ce qu&#8217;est le foie gras et c&#8217;est \u00e0 base d&#8217;oie.<\/p>\n\n\n\n<p><a id=\"sonaar_ts-6927cad2c6a11\" class=\"srmp3_sonaar_ts_shortcode\"  style=\"\" href=\"javascript:sonaar_ts_shortcode({ trackid:'0', time:'00:24:16', ts_id:'6927cad2c6a11', play_icon:'' }) ;\">[00:24:16]<\/a> &#8211; Hugo<\/p>\n\n\n\n<p>M\u00eame si, je me permets une petite remarque sur le foie gras, parce que j&#8217;ai vu passer \u00e7a il n&#8217;y a pas longtemps, mais il y a de plus en plus de mairies en France, dans des grandes villes, dans lesquelles le foie gras est interdit maintenant aux r\u00e9ceptions officielles. Donc c&#8217;est en train de changer. Les consciences sont en train de changer par rapport \u00e0 \u00e7a, parce que c&#8217;est vrai que les m\u00e9thodes de production, c&#8217;est particuli\u00e8rement cruel. Il y a plusieurs pays aussi, je sais, notamment en Europe, o\u00f9 le foie gras est interdit. Donc l&#8217;heure du foie gras a peut-\u00eatre sonn\u00e9. Je ne sais pas si \u00e7a va rester un plat traditionnel pour encore longtemps, mais c&#8217;est vrai que les Fran\u00e7ais sont quand m\u00eame tr\u00e8s attach\u00e9s \u00e0 leur foie gras.<\/p>\n\n\n\n<p><a id=\"sonaar_ts-6927cad2c6a16\" class=\"srmp3_sonaar_ts_shortcode\"  style=\"\" href=\"javascript:sonaar_ts_shortcode({ trackid:'0', time:'00:24:58', ts_id:'6927cad2c6a16', play_icon:'' }) ;\">[00:24:58]<\/a> &#8211; Ingrid<\/p>\n\n\n\n<p>Ouais, en tout cas \u00e0 Toulouse, je peux vous dire que ce n&#8217;est pas du tout en train de changer puisque c&#8217;est la r\u00e9gion, le Sud-Ouest, du foie gras et du canard. Donc on en a beaucoup et parmi les meilleurs, donc voil\u00e0. Mais apr\u00e8s, c&#8217;est vrai qu&#8217;il y a de plus en plus de recettes de ce qu&#8217;on appelle le faux gras. C&#8217;est une tartinade, mais qui a une texture et un go\u00fbt assez similaire au foie gras, donc faux, F-A-U-X. Tout comme on a des faux fromages, c&#8217;est-\u00e0-dire du fromage \u00e0 base de lait v\u00e9g\u00e9tal, maintenant, on essaye de reproduire avec des aliments v\u00e9g\u00e9taux des textures et des saveurs qui ressemblent \u00e0 ce qu&#8217;on peut manger animal d&#8217;une mani\u00e8re de production un peu cruelle pour garder la tradition. Et c&#8217;est vrai que \u00e7a, je trouve que c&#8217;est assez sympa puisque les toasts au foie les toasts aussi au saumon fum\u00e9. \u00c7a fait partie des traditions de No\u00ebl et quand on ne mange pas ces choses-l\u00e0, c&#8217;est vrai qu&#8217;on peut un peu moins partager. Moi, j&#8217;en ai fait l&#8217;exp\u00e9rience puisque pendant un court moment de ma vie, je n&#8217;ai pas mang\u00e9 de viande \u00e0 No\u00ebl du tout.<\/p>\n\n\n\n<p><a id=\"sonaar_ts-6927cad2c6a1a\" class=\"srmp3_sonaar_ts_shortcode\"  style=\"\" href=\"javascript:sonaar_ts_shortcode({ trackid:'0', time:'00:26:20', ts_id:'6927cad2c6a1a', play_icon:'' }) ;\">[00:26:20]<\/a> &#8211; Hugo<\/p>\n\n\n\n<p>On se sent un peu exclus.<\/p>\n\n\n\n<p><a id=\"sonaar_ts-6927cad2c6a1f\" class=\"srmp3_sonaar_ts_shortcode\"  style=\"\" href=\"javascript:sonaar_ts_shortcode({ trackid:'0', time:'00:26:22', ts_id:'6927cad2c6a1f', play_icon:'' }) ;\">[00:26:22]<\/a> &#8211; Ingrid<\/p>\n\n\n\n<p>Ouais, c&#8217;est un peu compliqu\u00e9. Apr\u00e8s, \u00e0 quoi je pense, on mange aussi souvent du chapon. Du chapon, c&#8217;est&#8230; Je ne sais pas exactement, je pense que c&#8217;est un jeune coq, quelque chose comme \u00e7a. En tout cas, c&#8217;est de la volaille farcie avec \u00e0 l&#8217;int\u00e9rieur un m\u00e9lange souvent \u00e0 base de marron, de ch\u00e2taignes. Donc voil\u00e0, une farce avec de la viande et de la ch\u00e2taigne qu&#8217;on met \u00e0 l&#8217;int\u00e9rieur de la volaille qui s&#8217;appelle le chapon. Et c&#8217;est souvent accompagn\u00e9 de diverses l\u00e9gumes. \u00c7a, je ne sais pas si c&#8217;est dans toutes les familles, mais souvent, moi, dans ma famille, ma grand-m\u00e8re, ma tante, ma m\u00e8re, \u00e0 No\u00ebl, elles nous ressortent des l\u00e9gumes de l&#8217;\u00e9poque de la guerre, c&#8217;est-\u00e0-dire des l\u00e9gumes qu&#8217;on ne voit absolument jamais en dehors de cette p\u00e9riode de l&#8217;ann\u00e9e.<\/p>\n\n\n\n<p><a id=\"sonaar_ts-6927cad2c6a23\" class=\"srmp3_sonaar_ts_shortcode\"  style=\"\" href=\"javascript:sonaar_ts_shortcode({ trackid:'0', time:'00:27:19', ts_id:'6927cad2c6a23', play_icon:'' }) ;\">[00:27:19]<\/a> &#8211; Hugo<\/p>\n\n\n\n<p>Des topinambours.<\/p>\n\n\n\n<p><a id=\"sonaar_ts-6927cad2c6a2b\" class=\"srmp3_sonaar_ts_shortcode\"  style=\"\" href=\"javascript:sonaar_ts_shortcode({ trackid:'0', time:'00:27:21', ts_id:'6927cad2c6a2b', play_icon:'' }) ;\">[00:27:21]<\/a> &#8211; Ingrid<\/p>\n\n\n\n<p>Voil\u00e0, des topinambours. L\u00e0, j&#8217;aurais d\u00fb faire mes recherches avant, mais de toute fa\u00e7on, \u00e7a ne va pas vous parler.<\/p>\n\n\n\n<p><a id=\"sonaar_ts-6927cad2c6a30\" class=\"srmp3_sonaar_ts_shortcode\"  style=\"\" href=\"javascript:sonaar_ts_shortcode({ trackid:'0', time:'00:27:27', ts_id:'6927cad2c6a30', play_icon:'' }) ;\">[00:27:27]<\/a> &#8211; Hugo<\/p>\n\n\n\n<p>C&#8217;est ce qu&#8217;on appelle les l\u00e9gumes anciens, je crois, non ?<\/p>\n\n\n\n<p><a id=\"sonaar_ts-6927cad2c6a34\" class=\"srmp3_sonaar_ts_shortcode\"  style=\"\" href=\"javascript:sonaar_ts_shortcode({ trackid:'0', time:'00:27:30', ts_id:'6927cad2c6a34', play_icon:'' }) ;\">[00:27:30]<\/a> &#8211; Ingrid<\/p>\n\n\n\n<p>C&#8217;est \u00e7a, c&#8217;est les l\u00e9gumes anciens.<\/p>\n\n\n\n<p><a id=\"sonaar_ts-6927cad2c6a39\" class=\"srmp3_sonaar_ts_shortcode\"  style=\"\" href=\"javascript:sonaar_ts_shortcode({ trackid:'0', time:'00:27:30', ts_id:'6927cad2c6a39', play_icon:'' }) ;\">[00:27:30]<\/a> &#8211; Hugo<\/p>\n\n\n\n<p>C&#8217;est beaucoup des racines, des choses comme \u00e7a.<\/p>\n\n\n\n<p><a id=\"sonaar_ts-6927cad2c6a3d\" class=\"srmp3_sonaar_ts_shortcode\"  style=\"\" href=\"javascript:sonaar_ts_shortcode({ trackid:'0', time:'00:27:33', ts_id:'6927cad2c6a3d', play_icon:'' }) ;\">[00:27:33]<\/a> &#8211; Ingrid<\/p>\n\n\n\n<p>Donc qui, pendant la guerre, \u00e9taient en abondance alors qu&#8217;ils n&#8217;avaient plus, justement, de viande, de produits laitiers, de l\u00e9gumes frais. Mais tout ce qui est l\u00e9gumes \u00e0 base de racines, \u00e7a, il y en avait. Donc c&#8217;est vrai que j&#8217;ai beaucoup entendu mon grand-p\u00e8re dire : \u00ab oh l\u00e0 l\u00e0 ! Mais \u00e7a, c&#8217;est ce qu&#8217;on avait pendant la guerre \u00bb. Mais \u00e7a n&#8217;emp\u00eache que c&#8217;est vachement bon, je trouve. \u00c7a a un go\u00fbt un peu de ch\u00e2taignes. Et puis&#8230; Peut-\u00eatre que tu peux nous parler du dessert, Hugo. C&#8217;est moins risqu\u00e9. Qu&#8217;est-ce qu&#8217;on mange en France \u00e0 No\u00ebl ?<\/p>\n\n\n\n<p><a id=\"sonaar_ts-6927cad2c6a42\" class=\"srmp3_sonaar_ts_shortcode\"  style=\"\" href=\"javascript:sonaar_ts_shortcode({ trackid:'0', time:'00:28:07', ts_id:'6927cad2c6a42', play_icon:'' }) ;\">[00:28:07]<\/a> &#8211; Hugo<\/p>\n\n\n\n<p>Oui, en g\u00e9n\u00e9ral, on mange ce qu&#8217;on appelle une b\u00fbche glac\u00e9e. Donc, un peu comme vous en Pologne, avec le g\u00e2teau roul\u00e9 sauf que nous, c&#8217;est entour\u00e9 de glace. En fait, c&#8217;est une glace. On coupe \u00e7a en tranches et on mange une tranche de b\u00fbche glac\u00e9e. Il y a aussi certains fruits qu&#8217;on aime bien manger \u00e0 No\u00ebl, des litchis, par exemple. Je ne sais pas si vous aussi, Ingrid, dans votre famille, non ?<\/p>\n\n\n\n<p><a id=\"sonaar_ts-6927cad2c6a47\" class=\"srmp3_sonaar_ts_shortcode\"  style=\"\" href=\"javascript:sonaar_ts_shortcode({ trackid:'0', time:'00:28:34', ts_id:'6927cad2c6a47', play_icon:'' }) ;\">[00:28:34]<\/a> &#8211; Ingrid<\/p>\n\n\n\n<p>Non, \u00e7a me rappelle pas No\u00ebl, en particulier.<\/p>\n\n\n\n<p><a id=\"sonaar_ts-6927cad2c6a4b\" class=\"srmp3_sonaar_ts_shortcode\"  style=\"\" href=\"javascript:sonaar_ts_shortcode({ trackid:'0', time:'00:28:36', ts_id:'6927cad2c6a4b', play_icon:'' }) ;\">[00:28:36]<\/a> &#8211; Ania<\/p>\n\n\n\n<p>Des l\u00e9gumes anciens et des fruits exotiques. J&#8217;aime bien.<\/p>\n\n\n\n<p><a id=\"sonaar_ts-6927cad2c6a50\" class=\"srmp3_sonaar_ts_shortcode\"  style=\"\" href=\"javascript:sonaar_ts_shortcode({ trackid:'0', time:'00:28:41', ts_id:'6927cad2c6a50', play_icon:'' }) ;\">[00:28:41]<\/a> &#8211; Hugo<\/p>\n\n\n\n<p>Exactement. Des choses qu&#8217;on mange pas forc\u00e9ment le reste de l&#8217;ann\u00e9e, mais nous, c&#8217;est vrai qu&#8217;on a de temps en temps aussi des litchis en dessert. Mais comme tu l&#8217;as dit, Ingrid, c&#8217;est vrai que maintenant, il y a de plus en plus d&#8217;alternatives v\u00e9g\u00e9tales \u00e0 ces plats-l\u00e0, donc \u00e7a devient un peu plus facile et on se sent moins exclus aux repas de No\u00ebl. Notamment, j&#8217;ai test\u00e9 plusieurs faux gras qui \u00e9taient assez convaincants. Apr\u00e8s, \u00e7a fait plusieurs ann\u00e9es que je n&#8217;ai pas mang\u00e9 de vrai foies gras, donc peut-\u00eatre que je ne me souviens pas exactement le go\u00fbt que \u00e7a avait, mais \u00e7a devient un peu plus facile maintenant. On va parler des cadeaux, peut-\u00eatre, pour terminer.<\/p>\n\n\n\n<p><a id=\"sonaar_ts-6927cad2c6a58\" class=\"srmp3_sonaar_ts_shortcode\"  style=\"\" href=\"javascript:sonaar_ts_shortcode({ trackid:'0', time:'00:29:22', ts_id:'6927cad2c6a58', play_icon:'' }) ;\">[00:29:22]<\/a> &#8211; Ania<\/p>\n\n\n\n<p>La partie la plus importante, allez.<\/p>\n\n\n\n<p><a id=\"sonaar_ts-6927cad2c6a5c\" class=\"srmp3_sonaar_ts_shortcode\"  style=\"\" href=\"javascript:sonaar_ts_shortcode({ trackid:'0', time:'00:29:24', ts_id:'6927cad2c6a5c', play_icon:'' }) ;\">[00:29:24]<\/a> &#8211; Hugo<\/p>\n\n\n\n<p>Exactement.<\/p>\n\n\n\n<p><a id=\"sonaar_ts-6927cad2c6a61\" class=\"srmp3_sonaar_ts_shortcode\"  style=\"\" href=\"javascript:sonaar_ts_shortcode({ trackid:'0', time:'00:29:29', ts_id:'6927cad2c6a61', play_icon:'' }) ;\">[00:29:29]<\/a> &#8211; Ingrid<\/p>\n\n\n\n<p>Alors, c&#8217;est quoi votre tradition, d\u00e9j\u00e0, par rapport aux cadeaux ? Est-ce que vous en faites \u00e0 tout le monde ? Est-ce que c&#8217;est une seule personne qui offre \u00e0 une seule personne ?<\/p>\n\n\n\n<p><a id=\"sonaar_ts-6927cad2c6a65\" class=\"srmp3_sonaar_ts_shortcode\"  style=\"\" href=\"javascript:sonaar_ts_shortcode({ trackid:'0', time:'00:29:45', ts_id:'6927cad2c6a65', play_icon:'' }) ;\">[00:29:45]<\/a> &#8211; Ania<\/p>\n\n\n\n<p>Moi, dans ma famille, on se fait des cadeaux. Chacun ach\u00e8te un petit cadeau pour chacun, mais dans ma belle famille, par contre, parce qu&#8217;on est tr\u00e8s nombreux, on fait un tirage au sort. Donc, on ach\u00e8te seulement un cadeau pour une personne et apr\u00e8s le r\u00e9veillon, on distribue les cadeaux. Normalement, dans ma famille, c&#8217;\u00e9tait toujours la personne la plus jeune. Mais je ne sais pas, cette tradition s&#8217;est perdue un peu et l\u00e0, je pense que c&#8217;est un peu plus random. Et chez vous ?<\/p>\n\n\n\n<p><a id=\"sonaar_ts-6927cad2c6a6a\" class=\"srmp3_sonaar_ts_shortcode\"  style=\"\" href=\"javascript:sonaar_ts_shortcode({ trackid:'0', time:'00:30:19', ts_id:'6927cad2c6a6a', play_icon:'' }) ;\">[00:30:19]<\/a> &#8211; Hugo<\/p>\n\n\n\n<p>Vous faites une sorte de Secret Santa ?<\/p>\n\n\n\n<p><a id=\"sonaar_ts-6927cad2c6a6e\" class=\"srmp3_sonaar_ts_shortcode\"  style=\"\" href=\"javascript:sonaar_ts_shortcode({ trackid:'0', time:'00:30:21', ts_id:'6927cad2c6a6e', play_icon:'' }) ;\">[00:30:21]<\/a> &#8211; Ania<\/p>\n\n\n\n<p>Oui, c&#8217;est \u00e7a. Yes.<\/p>\n\n\n\n<p><a id=\"sonaar_ts-6927cad2c6a73\" class=\"srmp3_sonaar_ts_shortcode\"  style=\"\" href=\"javascript:sonaar_ts_shortcode({ trackid:'0', time:'00:30:23', ts_id:'6927cad2c6a73', play_icon:'' }) ;\">[00:30:23]<\/a> &#8211; Hugo<\/p>\n\n\n\n<p>Ah non, parce que vous savez qui offre un cadeau \u00e0 qui ou pas ?<\/p>\n\n\n\n<p><a id=\"sonaar_ts-6927cad2c6a78\" class=\"srmp3_sonaar_ts_shortcode\"  style=\"\" href=\"javascript:sonaar_ts_shortcode({ trackid:'0', time:'00:30:28', ts_id:'6927cad2c6a78', play_icon:'' }) ;\">[00:30:28]<\/a> &#8211; Ania<\/p>\n\n\n\n<p>Attends, Secret Santa, c&#8217;est quand&#8230;<\/p>\n\n\n\n<p><a id=\"sonaar_ts-6927cad2c6a7c\" class=\"srmp3_sonaar_ts_shortcode\"  style=\"\" href=\"javascript:sonaar_ts_shortcode({ trackid:'0', time:'00:30:31', ts_id:'6927cad2c6a7c', play_icon:'' }) ;\">[00:30:31]<\/a> &#8211; Hugo<\/p>\n\n\n\n<p>Vous savez de qui vous allez&#8230; Quand vous recevez un cadeau, vous savez qui l&#8217;a achet\u00e9 ou pas ?<\/p>\n\n\n\n<p><a id=\"sonaar_ts-6927cad2c6a81\" class=\"srmp3_sonaar_ts_shortcode\"  style=\"\" href=\"javascript:sonaar_ts_shortcode({ trackid:'0', time:'00:30:37', ts_id:'6927cad2c6a81', play_icon:'' }) ;\">[00:30:37]<\/a> &#8211; Ania<\/p>\n\n\n\n<p>Non. D&#8217;accord, c&#8217;est \u00e7a, un Secret Santa. Ok.<\/p>\n\n\n\n<p><a id=\"sonaar_ts-6927cad2c6a89\" class=\"srmp3_sonaar_ts_shortcode\"  style=\"\" href=\"javascript:sonaar_ts_shortcode({ trackid:'0', time:'00:30:41', ts_id:'6927cad2c6a89', play_icon:'' }) ;\">[00:30:41]<\/a> &#8211; Ingrid<\/p>\n\n\n\n<p>Moi, j&#8217;ai fait un Secret Santa une seule fois avec ma famille, juste les adultes. Les enfants n&#8217;\u00e9taient pas concern\u00e9s, bien s\u00fbr, ils recevaient leurs cadeaux normalement. Les enfants recevaient des cadeaux illimit\u00e9s de la part de tout le monde. Ils n&#8217;avaient pas besoin d&#8217;en offrir aux autres. Mais par contre, il y a une ann\u00e9e o\u00f9 on s&#8217;est organis\u00e9 pour faire No\u00ebl avec plusieurs&#8230; Vraiment, on \u00e9tait assez nombreux avec mes s\u0153urs, mes cousines, ma tante. On trouvait que c&#8217;\u00e9tait un peu trop lourd de r\u00e9ussir \u00e0 trouver un cadeau pour chaque personne. Donc, on s&#8217;est dit un cadeau chacun avec tirage au sort et \u00e7a avait plut\u00f4t bien fonctionn\u00e9. Donc, \u00e0 recommencer peut-\u00eatre.<\/p>\n\n\n\n<p><a id=\"sonaar_ts-6927cad2c6a8e\" class=\"srmp3_sonaar_ts_shortcode\"  style=\"\" href=\"javascript:sonaar_ts_shortcode({ trackid:'0', time:'00:31:25', ts_id:'6927cad2c6a8e', play_icon:'' }) ;\">[00:31:25]<\/a> &#8211; Hugo<\/p>\n\n\n\n<p>Oui, et puis c&#8217;est vrai que \u00e7a permet de limiter aussi le nombre de cadeaux parce qu&#8217;on sait bien qu&#8217;apr\u00e8s No\u00ebl, il y a beaucoup de cadeaux qui se retrouvent sur les sites de petites annonces. Parce que souvent, quand c&#8217;est des personnes qu&#8217;on ne voit pas r\u00e9guli\u00e8rement, on ne sait pas forc\u00e9ment ce qui leur fera plaisir. Donc voil\u00e0, on leur ach\u00e8te encore une ceinture ou une \u00e9charpe et ce n&#8217;est pas quelque chose qui va plaire forc\u00e9ment \u00e0 la personne. Alors qu&#8217;avec le Secret Santa, on peut passer plus de temps, peut-\u00eatre se renseigner, poser des questions aux proches \u00e0 droite, \u00e0 gauche pour vraiment trouver un cadeau qui va plaire. Alors que bon, quand on a 20 cadeaux \u00e0 acheter, c&#8217;est vrai que c&#8217;est difficile de vraiment trouver le temps et de bien faire les recherches pour chacun.<\/p>\n\n\n\n<p><a id=\"sonaar_ts-6927cad2c6a93\" class=\"srmp3_sonaar_ts_shortcode\"  style=\"\" href=\"javascript:sonaar_ts_shortcode({ trackid:'0', time:'00:32:12', ts_id:'6927cad2c6a93', play_icon:'' }) ;\">[00:32:12]<\/a> &#8211; Ingrid<\/p>\n\n\n\n<p>Toi, cette ann\u00e9e, tu vas faire des cadeaux \u00e0 du coup, \u00e0 tous ceux avec qui tu vas \u00eatre ?<\/p>\n\n\n\n<p><a id=\"sonaar_ts-6927cad2c6a97\" class=\"srmp3_sonaar_ts_shortcode\"  style=\"\" href=\"javascript:sonaar_ts_shortcode({ trackid:'0', time:'00:32:17', ts_id:'6927cad2c6a97', play_icon:'' }) ;\">[00:32:17]<\/a> &#8211; Hugo<\/p>\n\n\n\n<p>Ouais, nous, on n&#8217;a jamais fait le Secret Santa, mais peut-\u00eatre, justement, je devrais en parler dans ma famille, \u00e7a pourrait \u00eatre une id\u00e9e. Mais non, nous, on fait des cadeaux \u00e0 tout le monde. Mais maintenant, c&#8217;est vrai qu&#8217;il y a un peu la question, comme la famille s&#8217;agrandit avec les conjointes, les compagnes. Maintenant, on se demande : \u00ab est-ce qu&#8217;on fait un cadeau pour le couple ou est-ce qu&#8217;on fait un cadeau pour le cousin et sa copine ? \u00bb Donc, la liste de cadeaux s&#8217;allonge et on va peut-\u00eatre devoir trouver une fa\u00e7on de mieux g\u00e9rer tout \u00e7a. Je ne sais pas.<\/p>\n\n\n\n<p><a id=\"sonaar_ts-6927cad2c6a9c\" class=\"srmp3_sonaar_ts_shortcode\"  style=\"\" href=\"javascript:sonaar_ts_shortcode({ trackid:'0', time:'00:32:51', ts_id:'6927cad2c6a9c', play_icon:'' }) ;\">[00:32:51]<\/a> &#8211; Ingrid<\/p>\n\n\n\n<p>Et puis apr\u00e8s, il y a des enfants qui arrivent, donc on les privil\u00e9gie.<\/p>\n\n\n\n<p><a id=\"sonaar_ts-6927cad2c6aa0\" class=\"srmp3_sonaar_ts_shortcode\"  style=\"\" href=\"javascript:sonaar_ts_shortcode({ trackid:'0', time:'00:32:56', ts_id:'6927cad2c6aa0', play_icon:'' }) ;\">[00:32:56]<\/a> &#8211; Hugo<\/p>\n\n\n\n<p>Ouais, exactement. Et plus de cadeaux pour parents.<\/p>\n\n\n\n<p><a id=\"sonaar_ts-6927cad2c6aa9\" class=\"srmp3_sonaar_ts_shortcode\"  style=\"\" href=\"javascript:sonaar_ts_shortcode({ trackid:'0', time:'00:33:01', ts_id:'6927cad2c6aa9', play_icon:'' }) ;\">[00:33:01]<\/a> &#8211; Ingrid<\/p>\n\n\n\n<p>Voil\u00e0.<\/p>\n\n\n\n<p><a id=\"sonaar_ts-6927cad2c6aae\" class=\"srmp3_sonaar_ts_shortcode\"  style=\"\" href=\"javascript:sonaar_ts_shortcode({ trackid:'0', time:'00:33:01', ts_id:'6927cad2c6aae', play_icon:'' }) ;\">[00:33:01]<\/a> &#8211; Hugo<\/p>\n\n\n\n<p>Et peut-\u00eatre pour terminer l&#8217;\u00e9pisode, on pourrait conseiller quelques cadeaux \u00e0 vous qui apprenez le fran\u00e7ais ou si vous avez des amis qui apprennent le fran\u00e7ais. Est-ce que vous avez quelques recommandations ?<\/p>\n\n\n\n<p><a id=\"sonaar_ts-6927cad2c6ab3\" class=\"srmp3_sonaar_ts_shortcode\"  style=\"\" href=\"javascript:sonaar_ts_shortcode({ trackid:'0', time:'00:33:15', ts_id:'6927cad2c6ab3', play_icon:'' }) ;\">[00:33:15]<\/a> &#8211; Ania<\/p>\n\n\n\n<p>Alors oui, moi, j&#8217;aurais une recommandation d&#8217;un cadeau qui est un livre que moi-m\u00eame, j&#8217;ai re\u00e7u comme cadeau de la part de ma belle-m\u00e8re. C&#8217;est le livre intitul\u00e9 Changer de point de m\u00e9thode. Pour moi, c&#8217;est un livre qui est tr\u00e8s fort, tr\u00e8s intime aussi. C&#8217;est l&#8217;histoire d&#8217;un enfant qui veut prendre une vengeance sur son enfance humili\u00e9e, cass\u00e9e et qui devient justement un transfuge de classe. Et donc, pour devenir ce transfuge de classe, il fait un changement total, c&#8217;est-\u00e0-dire il change de nom, de voix, il change sa mani\u00e8re de parler et il change aussi son visage, son style vestimentaire, habitude, vraiment tout, tout, tout, pour devenir un peu, au final, quelqu&#8217;un d&#8217;autre. Ce livre raconte \u00e7a en gros. Si cette histoire ne vous parle pas trop, je vous recommande en g\u00e9n\u00e9ral cet auteur, donc tout le reste de ses livres. Mais c&#8217;est vrai que c&#8217;est un peu son sujet de pr\u00e9dilection, c&#8217;est-\u00e0-dire qu&#8217;il parle beaucoup de son milieu, de son histoire, de son enfance, aussi de ses parents. Il me semble qu&#8217;il vient de sortir un nouveau livre. C&#8217;est un livre sur sa m\u00e8re, Monique s&#8217;\u00e9vade. Je ne l&#8217;ai pas encore lu, mais je pense que \u00e7a peut \u00eatre aussi tr\u00e8s int\u00e9ressant. Donc, voil\u00e0, \u00e7a serait ma recommandation.<\/p>\n\n\n\n<p><a id=\"sonaar_ts-6927cad2c6ab8\" class=\"srmp3_sonaar_ts_shortcode\"  style=\"\" href=\"javascript:sonaar_ts_shortcode({ trackid:'0', time:'00:34:37', ts_id:'6927cad2c6ab8', play_icon:'' }) ;\">[00:34:37]<\/a> &#8211; Ingrid<\/p>\n\n\n\n<p>Super.<\/p>\n\n\n\n<p><a id=\"sonaar_ts-6927cad2c6abd\" class=\"srmp3_sonaar_ts_shortcode\"  style=\"\" href=\"javascript:sonaar_ts_shortcode({ trackid:'0', time:'00:34:37', ts_id:'6927cad2c6abd', play_icon:'' }) ;\">[00:34:37]<\/a> &#8211; Hugo<\/p>\n\n\n\n<p>Ok, super. Moi, j&#8217;ai lu son premier roman. C&#8217;\u00e9tait en finir avec Eddy Bellegeule, qui \u00e9tait son vrai nom, Eddy Bellegeule, avant qu&#8217;il ne devienne \u00c9douard Louis. Et j&#8217;avais beaucoup aim\u00e9 aussi. C&#8217;est vrai que c&#8217;est un tr\u00e8s bon auteur. Il \u00e9crit \u00e0 la premi\u00e8re personne aussi, donc parfois, c&#8217;est plus facile \u00e0 comprendre, je trouve, les romans \u00e0 la premi\u00e8re personne. Surtout les romans un peu&#8230; Les autobiographies comme \u00e7a, c&#8217;est vrai que c&#8217;est plus facile \u00e0 suivre. Toi, Ingrid, qu&#8217;est-ce que tu recommandes ?<\/p>\n\n\n\n<p><a id=\"sonaar_ts-6927cad2c6ac2\" class=\"srmp3_sonaar_ts_shortcode\"  style=\"\" href=\"javascript:sonaar_ts_shortcode({ trackid:'0', time:'00:35:11', ts_id:'6927cad2c6ac2', play_icon:'' }) ;\">[00:35:11]<\/a> &#8211; Ingrid<\/p>\n\n\n\n<p>Moi, j&#8217;avais pens\u00e9 \u00e0 deux choses. La premi\u00e8re, c&#8217;est le cadeau que je voulais faire \u00e0 mon p\u00e8re, mais apparemment ma s\u0153ur lui a d\u00e9j\u00e0 fait. C&#8217;est une BD qui s&#8217;appelle Madeleine R\u00e9sistante et c&#8217;est la biographie de Madeleine Riffaud, qui \u00e9tait, comme le nom l&#8217;indique, une r\u00e9sistante fran\u00e7aise. En fait, c&#8217;est une dame qui a racont\u00e9 toute son histoire et il y a un auteur qui l&#8217;a mis en BD et c&#8217;est tr\u00e8s bien fait, les images sont tr\u00e8s jolies, l&#8217;histoire est poignante. Il y a quatre tomes. Le quatri\u00e8me va sortir bient\u00f4t. Et j&#8217;en ai entendu parler il n&#8217;y a pas longtemps parce qu&#8217;en novembre, cette femme est d\u00e9c\u00e9d\u00e9e \u00e0 l&#8217;\u00e2ge de 100 ans. Et c&#8217;est assez marquant qu&#8217;elle ait pu raconter son histoire, que celle-ci ait pu \u00eatre mise en BD, qui est un format assez facile. Donc, je le recommande pour toutes les personnes qui apprennent le fran\u00e7ais, parce que c&#8217;est vrai que la BD, c&#8217;est un bon moyen d&#8217;entrer dans la langue sans trop se fatiguer.<\/p>\n\n\n\n<p><a id=\"sonaar_ts-6927cad2c6ac7\" class=\"srmp3_sonaar_ts_shortcode\"  style=\"\" href=\"javascript:sonaar_ts_shortcode({ trackid:'0', time:'00:36:29', ts_id:'6927cad2c6ac7', play_icon:'' }) ;\">[00:36:29]<\/a> &#8211; Hugo<\/p>\n\n\n\n<p>Exactement. Je suis bien d&#8217;accord parce que moi aussi, je vais recommander une BD. C&#8217;est vrai que dans l&#8217;\u00e9pisode de l&#8217;ann\u00e9e derni\u00e8re, on avait plut\u00f4t recommand\u00e9 des romans. Donc l\u00e0, \u00e7a change un petit peu. J&#8217;en ai d\u00e9j\u00e0 parl\u00e9 dans l&#8217;\u00e9pisode qu&#8217;on avait fait avec H\u00e9l\u00e8ne de EasyFrench, mais c&#8217;est un auteur que j&#8217;ai d\u00e9couvert l&#8217;ann\u00e9e derni\u00e8re et cette ann\u00e9e, j&#8217;ai vraiment lu quasiment toutes ses BD. Il s&#8217;appelle Riad Sattouf. Et donc, la BD que je recommande, c&#8217;est celle qui s&#8217;appelle L&#8217;arabe du futur. L\u00e0 aussi, c&#8217;est totalement m\u00eame autobiographique. En fait, il raconte son enfance entre la France, parce que sa m\u00e8re est fran\u00e7aise, et la Syrie, parce que son P\u00e8re est syrien. On a un peu ce double regard avec ces deux mondes qui sont totalement diff\u00e9rents. Et lui, sa vision d&#8217;enfant, qui va grandir dans ce contexte tr\u00e8s particulier. C&#8217;est une BD qui est tr\u00e8s touchante, tr\u00e8s dr\u00f4le. Il a vraiment beaucoup d&#8217;humour. Il y a plusieurs tomes, je crois qu&#8217;il y en a cinq ou six. Donc maintenant, il a fini cette s\u00e9rie, donc je crois qu&#8217;on peut acheter le coffret avec tous les tomes. Mais si vous voulez juste tester, vous pouvez acheter le tome 1. Voil\u00e0, c&#8217;est vraiment mon coup de c\u0153ur de cette ann\u00e9e. Malheureusement, en France, presque tout le monde a d\u00e9j\u00e0 lu L&#8217;arabe du futur, donc ce n&#8217;est pas forc\u00e9ment une bonne id\u00e9e de cadeau. Mais pour vous qui apprenez le fran\u00e7ais, je pense que \u00e7a peut pas mal.<\/p>\n\n\n\n<p><a id=\"sonaar_ts-6927cad2c6acf\" class=\"srmp3_sonaar_ts_shortcode\"  style=\"\" href=\"javascript:sonaar_ts_shortcode({ trackid:'0', time:'00:38:01', ts_id:'6927cad2c6acf', play_icon:'' }) ;\">[00:38:01]<\/a> &#8211; Ingrid<\/p>\n\n\n\n<p>Ouais, effectivement, je suis d&#8217;accord.<\/p>\n\n\n\n<p><a id=\"sonaar_ts-6927cad2c6ad5\" class=\"srmp3_sonaar_ts_shortcode\"  style=\"\" href=\"javascript:sonaar_ts_shortcode({ trackid:'0', time:'00:38:03', ts_id:'6927cad2c6ad5', play_icon:'' }) ;\">[00:38:03]<\/a> &#8211; Hugo<\/p>\n\n\n\n<p>Ok. Je pense qu&#8217;on a fait le tour sur cet \u00e9pisode.<\/p>\n\n\n\n<p><a id=\"sonaar_ts-6927cad2c6ada\" class=\"srmp3_sonaar_ts_shortcode\"  style=\"\" href=\"javascript:sonaar_ts_shortcode({ trackid:'0', time:'00:38:08', ts_id:'6927cad2c6ada', play_icon:'' }) ;\">[00:38:08]<\/a> &#8211; Ingrid<\/p>\n\n\n\n<p>Oui, on peut s&#8217;arr\u00eater l\u00e0, je pense.<\/p>\n\n\n\n<p><a id=\"sonaar_ts-6927cad2c6adf\" class=\"srmp3_sonaar_ts_shortcode\"  style=\"\" href=\"javascript:sonaar_ts_shortcode({ trackid:'0', time:'00:38:1', ts_id:'6927cad2c6adf', play_icon:'' }) ;\">[00:38:11]<\/a> &#8211; Hugo<\/p>\n\n\n\n<p>Tr\u00e8s bien. On vous souhaite \u00e0 toutes et \u00e0 tous de bonnes f\u00eate de fin d&#8217;ann\u00e9e. Reposez-vous bien, passez du temps avec vos proches ou pas. Si vous n&#8217;avez pas envie de voir votre famille, il n&#8217;y a pas de probl\u00e8me. En tout cas, prenez du temps pour vous, pour vous reposer et pour reprendre le fran\u00e7ais l&#8217;ann\u00e9e prochaine en notre compagnie. On aura un \u00e9pisode qui arrivera d\u00e8s le d\u00e9but d&#8217;ann\u00e9e. Donc voil\u00e0. Merci \u00e0 toutes et \u00e0 tous.<\/p>\n\n\n\n<p><a id=\"sonaar_ts-6927cad2c6ae4\" class=\"srmp3_sonaar_ts_shortcode\"  style=\"\" href=\"javascript:sonaar_ts_shortcode({ trackid:'0', time:'00:38:3', ts_id:'6927cad2c6ae4', play_icon:'' }) ;\">[00:38:39]<\/a> &#8211; Ingrid<\/p>\n\n\n\n<p>Merci \u00e0 tous. Et bonne fin d&#8217;ann\u00e9e.<\/p>\n\n\n\n<p><a id=\"sonaar_ts-6927cad2c6aed\" class=\"srmp3_sonaar_ts_shortcode\"  style=\"\" href=\"javascript:sonaar_ts_shortcode({ trackid:'0', time:'00:38:41', ts_id:'6927cad2c6aed', play_icon:'' }) ;\">[00:38:41]<\/a> &#8211; Ania<\/p>\n\n\n\n<p>Merci. Bonnes f\u00eates.<\/p>\n","protected":false},"excerpt":{"rendered":"<p>&#8211; Hugo Vous faites quoi pour No\u00ebl ? &#8211; Hugo Salut \u00e0 toutes et \u00e0 tous. J&#8217;esp\u00e8re que vous allez bien. Comme promis, aujourd&#8217;hui, pour ce dernier \u00e9pisode de l&#8217;ann\u00e9e, toute l&#8217;\u00e9quipe d&#8217;InnerFrench est au complet. Je suis avec Ania et Ingrid. &#8211; Ingrid Salut. &#8211; Hugo Salut. &#8211; Hugo Ania, toi, tu es un&#8230;<\/p>\n","protected":false},"author":17608,"featured_media":289710,"comment_status":"open","ping_status":"open","sticky":false,"template":"","format":[194],"meta":{"_acf_changed":false,"_kad_blocks_custom_css":"","_kad_blocks_head_custom_js":"","_kad_blocks_body_custom_js":"","_kad_blocks_footer_custom_js":"","_kad_post_transparent":"","_kad_post_title":"","_kad_post_layout":"","_kad_post_sidebar_id":"","_kad_post_content_style":"","_kad_post_vertical_padding":"","_kad_post_feature":"","_kad_post_feature_position":"","_kad_post_header":false,"_kad_post_footer":false,"_kad_post_classname":"","footnotes":""},"categories":[168],"tags":[177,175,172],"class_list":["post-289600","post","type-post","status-publish","format-standard","has-post-thumbnail","hentry","category-podcast","tag-culture","tag-france","tag-societe","format-equipe"],"acf":[],"taxonomy_info":{"category":[{"value":168,"label":"Podcast"}],"post_tag":[{"value":177,"label":"Culture"},{"value":175,"label":"France"},{"value":172,"label":"Soci\u00e9t\u00e9"}],"format":[{"value":194,"label":"\u00c9quipe"}]},"featured_image_src_large":["https:\/\/innerfrench.com\/wp-content\/uploads\/2024\/12\/E160-Noel-illustration-750x406.jpg",750,406,true],"author_info":{"display_name":"Ingrid","author_link":"https:\/\/innerfrench.com\/author\/ingrid_temp\/"},"comment_info":11,"category_info":[{"term_id":168,"name":"Podcast","slug":"podcast","term_group":0,"term_taxonomy_id":168,"taxonomy":"category","description":"","parent":0,"count":185,"filter":"raw","cat_ID":168,"category_count":185,"category_description":"","cat_name":"Podcast","category_nicename":"podcast","category_parent":0}],"tag_info":[{"term_id":177,"name":"Culture","slug":"culture","term_group":0,"term_taxonomy_id":177,"taxonomy":"post_tag","description":"","parent":0,"count":44,"filter":"raw"},{"term_id":175,"name":"France","slug":"france","term_group":0,"term_taxonomy_id":175,"taxonomy":"post_tag","description":"","parent":0,"count":100,"filter":"raw"},{"term_id":172,"name":"Soci\u00e9t\u00e9","slug":"societe","term_group":0,"term_taxonomy_id":172,"taxonomy":"post_tag","description":"","parent":0,"count":94,"filter":"raw"}],"_links":{"self":[{"href":"https:\/\/innerfrench.com\/wp-json\/wp\/v2\/posts\/289600","targetHints":{"allow":["GET"]}}],"collection":[{"href":"https:\/\/innerfrench.com\/wp-json\/wp\/v2\/posts"}],"about":[{"href":"https:\/\/innerfrench.com\/wp-json\/wp\/v2\/types\/post"}],"author":[{"embeddable":true,"href":"https:\/\/innerfrench.com\/wp-json\/wp\/v2\/users\/17608"}],"replies":[{"embeddable":true,"href":"https:\/\/innerfrench.com\/wp-json\/wp\/v2\/comments?post=289600"}],"version-history":[{"count":2,"href":"https:\/\/innerfrench.com\/wp-json\/wp\/v2\/posts\/289600\/revisions"}],"predecessor-version":[{"id":292773,"href":"https:\/\/innerfrench.com\/wp-json\/wp\/v2\/posts\/289600\/revisions\/292773"}],"wp:featuredmedia":[{"embeddable":true,"href":"https:\/\/innerfrench.com\/wp-json\/wp\/v2\/media\/289710"}],"wp:attachment":[{"href":"https:\/\/innerfrench.com\/wp-json\/wp\/v2\/media?parent=289600"}],"wp:term":[{"taxonomy":"category","embeddable":true,"href":"https:\/\/innerfrench.com\/wp-json\/wp\/v2\/categories?post=289600"},{"taxonomy":"post_tag","embeddable":true,"href":"https:\/\/innerfrench.com\/wp-json\/wp\/v2\/tags?post=289600"},{"taxonomy":"format","embeddable":true,"href":"https:\/\/innerfrench.com\/wp-json\/wp\/v2\/format?post=289600"}],"curies":[{"name":"wp","href":"https:\/\/api.w.org\/{rel}","templated":true}]}}