{"id":289603,"date":"2025-01-29T14:20:45","date_gmt":"2025-01-29T13:20:45","guid":{"rendered":"https:\/\/innerfrench.com\/?p=207441"},"modified":"2025-09-25T08:53:54","modified_gmt":"2025-09-25T06:53:54","slug":"e163-les-francais-travaillent-ils-moins-que-les-autres","status":"publish","type":"post","link":"https:\/\/innerfrench.com\/e163-les-francais-travaillent-ils-moins-que-les-autres\/","title":{"rendered":"#163 Les Fran\u00e7ais travaillent-ils moins que les autres ?"},"content":{"rendered":"\n<p>Les Fran\u00e7ais travaillent-ils moins que les autres ?<\/p>\n\n\n\n<p><b><a id=\"sonaar_ts-6927cbad7b99f\" class=\"srmp3_sonaar_ts_shortcode\"  style=\"\" href=\"javascript:sonaar_ts_shortcode({ trackid:'0', time:'00:00:10', ts_id:'6927cbad7b99f', play_icon:'' }) ;\">[00:00:10]<\/a>&nbsp;<\/b><br>Salut \u00e0 toutes et \u00e0 tous. J&#8217;esp\u00e8re que vous allez bien. J&#8217;esp\u00e8re que vous n&#8217;\u00eates pas malades. J&#8217;ai l&#8217;impression que tout le monde est malade en ce moment. Tout le monde a la grippe, en tout cas en France. Je ne sais pas si c&#8217;est la m\u00eame chose dans votre pays. Moi, pour le moment, je suis pass\u00e9 \u00e0 travers les gouttes. Passer \u00e0 travers les gouttes, il me semble que j&#8217;ai d\u00e9j\u00e0 utilis\u00e9 cette expression dans un \u00e9pisode. \u00c7a veut dire &#8220;\u00e9viter un danger, \u00e9viter un probl\u00e8me&#8221;. Un peu comme quand il pleut et qu&#8217;on arrive \u00e0 passer \u00e0 travers les gouttes de pluie pour ne pas \u00eatre mouill\u00e9. Donc moi, je touche du bois parce que je ne suis pas tomb\u00e9 malade pour le moment et j&#8217;esp\u00e8re que \u00e7a va continuer comme \u00e7a. J&#8217;esp\u00e8re que vous aussi, vous \u00eates en bonne sant\u00e9.<\/p>\n\n\n\n<p><b><a id=\"sonaar_ts-6927cbad7b9ae\" class=\"srmp3_sonaar_ts_shortcode\"  style=\"\" href=\"javascript:sonaar_ts_shortcode({ trackid:'0', time:'00:01:00', ts_id:'6927cbad7b9ae', play_icon:'' }) ;\">[00:01:00]<\/a>&nbsp;<\/b><br>Aujourd&#8217;hui, c&#8217;est un \u00e9pisode en solo dans lequel on va parler de travail. Oui, parce que l&#8217;ann\u00e9e a commenc\u00e9, 2025 a commenc\u00e9 et maintenant, tout le monde doit retourner au travail. C&#8217;est un sujet qui concerne aussi la vie quotidienne en France, parce que le travail occupe une grande place de notre vie, m\u00eame pour nous, les Fran\u00e7ais. Je sais que ce n&#8217;est pas toujours la r\u00e9putation qu&#8217;on a. Mais vous allez voir dans cet \u00e9pisode que m\u00eame pour les Fran\u00e7ais, le travail est important.<\/p>\n\n\n\n<p><b><a id=\"sonaar_ts-6927cbad7b9b5\" class=\"srmp3_sonaar_ts_shortcode\"  style=\"\" href=\"javascript:sonaar_ts_shortcode({ trackid:'0', time:'00:01:34', ts_id:'6927cbad7b9b5', play_icon:'' }) ;\">[00:01:34]<\/a>&nbsp;<\/b><br>D&#8217;ailleurs, avant de commencer, je voulais revenir un peu sur le sondage que je vous avais propos\u00e9 en d\u00e9but d&#8217;ann\u00e9e. Un sondage dans lequel je vous demandais de nous aider \u00e0 choisir les th\u00e8mes pour les \u00e9pisodes de 2025. Alors, je sais que c&#8217;\u00e9tait un peu difficile de r\u00e9pondre parce que je vous demandais de choisir une seule r\u00e9ponse. Donc, beaucoup d&#8217;entre vous se sont plaints qu&#8217;ils voulaient choisir plusieurs r\u00e9ponses ou que tous les sujets les int\u00e9ressaient. Et voil\u00e0, moi, je voulais vraiment qu&#8217;on puisse hi\u00e9rarchiser, on va dire, les th\u00e8mes des \u00e9pisodes. Donc voil\u00e0, je vous ai forc\u00e9s \u00e0 choisir une seule r\u00e9ponse.<\/p>\n\n\n\n<p><b><a id=\"sonaar_ts-6927cbad7b9bb\" class=\"srmp3_sonaar_ts_shortcode\"  style=\"\" href=\"javascript:sonaar_ts_shortcode({ trackid:'0', time:'00:02:16', ts_id:'6927cbad7b9bb', play_icon:'' }) ;\">[00:02:16]<\/a>&nbsp;<\/b><br>Et pour vous donner une petite id\u00e9e des r\u00e9sultats, le th\u00e8me qui est arriv\u00e9 en premi\u00e8re position, et de loin, c&#8217;est la vie en France, la soci\u00e9t\u00e9, les habitudes des Fran\u00e7ais. Et \u00e7a, on le savait d\u00e9j\u00e0. C&#8217;est vrai que c&#8217;est souvent les \u00e9pisodes qui marchent bien, qui sont assez populaires.<\/p>\n\n\n\n<p><b><a id=\"sonaar_ts-6927cbad7b9c0\" class=\"srmp3_sonaar_ts_shortcode\"  style=\"\" href=\"javascript:sonaar_ts_shortcode({ trackid:'0', time:'00:02:36', ts_id:'6927cbad7b9c0', play_icon:'' }) ;\">[00:02:36]<\/a>&nbsp;<\/b><br>Ensuite, le th\u00e8me qui est arriv\u00e9 en deuxi\u00e8me position, c&#8217;est la culture fran\u00e7aise, la musique, le cin\u00e9ma, l&#8217;art. Alors \u00e7a, c&#8217;est vrai qu&#8217;on en parle moins souvent dans le podcast parce que typiquement, pour les films, c&#8217;est un peu difficile, je trouve, de vous parler d&#8217;un film que vous n&#8217;avez peut-\u00eatre pas vu, parce que si on vous raconte l&#8217;histoire, \u00e7a va faire des spoilers, donc \u00e7a ne va pas \u00eatre tr\u00e8s int\u00e9ressant. Si on vous dit ce qu&#8217;on a pens\u00e9 de ce film, \u00e7a peut vous donner envie de le voir, mais \u00e7a aussi, \u00e7a peut \u00eatre un peu difficile \u00e0 suivre si vous ne l&#8217;avez jamais vu. Et puis, \u00e7a peut \u00eatre frustrant si dans votre pays, ce film n&#8217;est pas disponible. Pareil pour les livres, etc. Mais quand m\u00eame, c&#8217;est quelque chose qu&#8217;on aime bien faire aussi chez InnerFrench avec Ingrid. Donc, on va essayer cette ann\u00e9e de faire un un peu plus d&#8217;\u00e9pisodes sur la culture fran\u00e7aise et de partager des recommandations avec vous.<\/p>\n\n\n\n<p><b><a id=\"sonaar_ts-6927cbad7b9c5\" class=\"srmp3_sonaar_ts_shortcode\"  style=\"\" href=\"javascript:sonaar_ts_shortcode({ trackid:'0', time:'00:03:35', ts_id:'6927cbad7b9c5', play_icon:'' }) ;\">[00:03:35]<\/a>&nbsp;<\/b><br>Ensuite, quasiment \u00e0 \u00e9galit\u00e9, vous avez dit que vous aimiez bien les \u00e9pisodes sur l&#8217;actualit\u00e9 fran\u00e7aise, la politique. \u00c7a, on en a fait beaucoup l&#8217;ann\u00e9e derni\u00e8re, donc on va en faire un peu moins, je pense cette ann\u00e9e. Apr\u00e8s, l&#8217;histoire de France, les anecdotes personnelles et en dernier, les interviews avec des invit\u00e9s.<\/p>\n\n\n\n<p><b><a id=\"sonaar_ts-6927cbad7b9c9\" class=\"srmp3_sonaar_ts_shortcode\"  style=\"\" href=\"javascript:sonaar_ts_shortcode({ trackid:'0', time:'00:03:57', ts_id:'6927cbad7b9c9', play_icon:'' }) ;\">[00:03:57]<\/a>&nbsp;<\/b><br>Alors, je comprends, c&#8217;est vrai que les interviews avec des invit\u00e9s sont plus difficiles \u00e0 comprendre. \u00c7a d\u00e9pend aussi beaucoup des invit\u00e9s et nous, on ne sait pas toujours comment la personne va parler avant de faire l&#8217;entretien. Donc, voil\u00e0, \u00e7a peut vous poser quelques probl\u00e8mes de compr\u00e9hension. Et c&#8217;est vrai que des podcasts avec des interviews en fran\u00e7ais, il y en a d\u00e9j\u00e0 plein. Donc, ce n&#8217;est peut-\u00eatre pas l\u00e0 qu&#8217;on a le plus de valeur ajout\u00e9e. Mais de temps en temps, quand on trouve une personne qui nous semble int\u00e9ressante, eh bien, voil\u00e0, on ne se prive pas de faire encore peut-\u00eatre des interviews de temps en temps. Et les interviews, c&#8217;est aussi surtout dans nos cours. Donc notamment dans notre cours avanc\u00e9, le cours C1, Les visages de Paris. L\u00e0, c&#8217;est uniquement des interviews. Donc si c&#8217;est un format qui vous pla\u00eet, je vous encourage \u00e0 aller voir ce cours-l\u00e0.<\/p>\n\n\n\n<p><b><a id=\"sonaar_ts-6927cbad7b9ce\" class=\"srmp3_sonaar_ts_shortcode\"  style=\"\" href=\"javascript:sonaar_ts_shortcode({ trackid:'0', time:'00:04:53', ts_id:'6927cbad7b9ce', play_icon:'' }) ;\">[00:04:53]<\/a>&nbsp;<\/b><br>Dans tous les cas, les r\u00e9sultats de ce sondage me confortent dans l&#8217;id\u00e9e qu&#8217;il faut varier les sujets, varier les th\u00e8mes. C&#8217;est \u00e7a aussi qui fait la force de ce podcast, je pense. Et puis, je vous remercie pour toutes vos suggestions, tous vos encouragements. \u00c7a nous fait toujours plaisir aussi dans les commentaires que vous laissez sur les \u00e9pisodes, que ce soit sur le site ou sur Spotify. On n&#8217;a pas le temps d&#8217;y r\u00e9pondre, mais on les lit tous. Et l\u00e0, on a re\u00e7u une bonne dose de motivation pour continuer le podcast cette ann\u00e9e.<\/p>\n\n\n\n<p><b><a id=\"sonaar_ts-6927cbad7b9d8\" class=\"srmp3_sonaar_ts_shortcode\"  style=\"\" href=\"javascript:sonaar_ts_shortcode({ trackid:'0', time:'00:05:29', ts_id:'6927cbad7b9d8', play_icon:'' }) ;\">[00:05:29]<\/a>&nbsp;<\/b><br>Alors, je vous disais que dans cet \u00e9pisode, on va parler de travail. Pardon, j&#8217;ai l&#8217;impression de parler un peu vite, peut-\u00eatre aujourd&#8217;hui. Je ne sais pas, j&#8217;ai bu trop de caf\u00e9. Je ne sais pas si je dois ralentir. Bon, en tout cas, vous savez que vous avez toujours la possibilit\u00e9 de changer la vitesse sur le player du podcast. Donc, je vais continuer sur ma lanc\u00e9e.<\/p>\n\n\n\n<p><b><a id=\"sonaar_ts-6927cbad7b9dd\" class=\"srmp3_sonaar_ts_shortcode\"  style=\"\" href=\"javascript:sonaar_ts_shortcode({ trackid:'0', time:'00:05:51', ts_id:'6927cbad7b9dd', play_icon:'' }) ;\">[00:05:51]<\/a>&nbsp;<\/b><br>Je vous disais qu&#8217;aujourd&#8217;hui, on va parler du travail qui repr\u00e9sente une part importante de la vie en France, m\u00eame si je sais on ne dirait pas comme \u00e7a ! Vous connaissez s\u00fbrement ce st\u00e9r\u00e9otype qui existe \u00e0 propos des Fran\u00e7ais, ce st\u00e9r\u00e9otype qui dit que les Fran\u00e7ais sont plut\u00f4t paresseux, c&#8217;est-\u00e0-dire qu&#8217;ils n&#8217;aiment pas faire trop d&#8217;efforts et qu&#8217;il passe plus de temps \u00e0 la terrasse des caf\u00e9s qu&#8217;au bureau. C&#8217;est un st\u00e9r\u00e9otype qui ne concerne pas seulement les Fran\u00e7ais. On le retrouve aussi pour d&#8217;autres pays latins comme l&#8217;Espagne ou l&#8217;Italie. Mais \u00e9videmment, le podcast s&#8217;appelle InnerFrench, donc moi, je vais plut\u00f4t vous parler de la France.<\/p>\n\n\n\n<p><b><a id=\"sonaar_ts-6927cbad7b9e1\" class=\"srmp3_sonaar_ts_shortcode\"  style=\"\" href=\"javascript:sonaar_ts_shortcode({ trackid:'0', time:'00:06:36', ts_id:'6927cbad7b9e1', play_icon:'' }) ;\">[00:06:36]<\/a><\/b><br>On a d\u00e9j\u00e0 fait un \u00e9pisode un peu sur ce sujet. C&#8217;\u00e9tait l&#8217;\u00e9pisode 103 avec Ania, dans lequel on discutait des habitudes des Fran\u00e7ais au bureau. Comment \u00e7a se passe quand on travaille avec des Fran\u00e7ais. Et c&#8217;\u00e9tait int\u00e9ressant parce qu&#8217;on avait le point de vue d&#8217;une \u00e9trang\u00e8re, donc d&#8217;Ania, qui est polonaise. Et elle nous a de son exp\u00e9rience \u00e0 elle quand elle travaillait avec des Fran\u00e7ais. Mais aujourd&#8217;hui, on va essayer d&#8217;avoir une vision un peu plus macro. On va prendre du recul pour analyser la soci\u00e9t\u00e9 fran\u00e7aise dans son ensemble. En tout cas, c&#8217;est ce que je vais essayer de faire.<\/p>\n\n\n\n<p><b><a id=\"sonaar_ts-6927cbad7b9e5\" class=\"srmp3_sonaar_ts_shortcode\"  style=\"\" href=\"javascript:sonaar_ts_shortcode({ trackid:'0', time:'00:07:17', ts_id:'6927cbad7b9e5', play_icon:'' }) ;\">[00:07:17]<\/a><\/b><br>D&#8217;abord, on va parler des origines de ce st\u00e9r\u00e9otype, de cette r\u00e9putation. Pourquoi est-ce que les Fran\u00e7ais ont cette image ? Ensuite, on verra combien de temps les Fran\u00e7ais passent r\u00e9ellement au travail. Et on va essayer de comparer \u00e7a avec les travailleurs d&#8217;autres pays. Et puis, pour finir, dans une derni\u00e8re partie, on verra si les Fran\u00e7ais sont productifs ou pas. Quand on les compare, l\u00e0 aussi, \u00e0 d&#8217;autres travailleurs, les Fran\u00e7ais sont-ils plus ou moins productifs que les autres ? Voil\u00e0, vous connaissez le programme de cet \u00e9pisode. Donc maintenant, c&#8217;est parti !<\/p>\n\n\n\n<p><b><a id=\"sonaar_ts-6927cbad7b9ea\" class=\"srmp3_sonaar_ts_shortcode\"  style=\"\" href=\"javascript:sonaar_ts_shortcode({ trackid:'0', time:'00:08:03', ts_id:'6927cbad7b9ea', play_icon:'' }) ;\">[00:08:03]<\/a><\/b><br>Si les Fran\u00e7ais ont la r\u00e9putation de travailler moins que les autres, c&#8217;est en grande partie li\u00e9 \u00e0 la protection sociale. C&#8217;est vrai que les travailleurs fran\u00e7ais sont tr\u00e8s prot\u00e9g\u00e9s. Ils ont beaucoup d&#8217;avantages, surtout quand on compare leur situation \u00e0 celle des travailleurs d&#8217;autres pays, par exemple les pays anglo-saxons comme les \u00c9tats-Unis, le Royaume-Uni, qui ont des mod\u00e8les plus lib\u00e9raux dans lesquels les travailleurs sont moins prot\u00e9g\u00e9s.<\/p>\n\n\n\n<p><b><a id=\"sonaar_ts-6927cbad7b9ef\" class=\"srmp3_sonaar_ts_shortcode\"  style=\"\" href=\"javascript:sonaar_ts_shortcode({ trackid:'0', time:'00:08:37', ts_id:'6927cbad7b9ef', play_icon:'' }) ;\">[00:08:37]<\/a><\/b><br>Et donc, quand on voit \u00e0 quel point les salari\u00e9s fran\u00e7ais sont prot\u00e9g\u00e9s, eh bien on peut avoir l&#8217;impression qu&#8217;ils sont plus int\u00e9ress\u00e9s par leurs vacances que par le temps qu&#8217;ils passent au travail. Alors pour commencer, on va parler directement des cong\u00e9s pay\u00e9s, des vacances. Est-ce que les Fran\u00e7ais ont plus de vacances que les autres ?<\/p>\n\n\n\n<p><b><a id=\"sonaar_ts-6927cbad7b9f3\" class=\"srmp3_sonaar_ts_shortcode\"  style=\"\" href=\"javascript:sonaar_ts_shortcode({ trackid:'0', time:'00:09:00', ts_id:'6927cbad7b9f3', play_icon:'' }) ;\">[00:09:00]<\/a><\/b><br>Je vous en avais d\u00e9j\u00e0 parl\u00e9 dans l&#8217;\u00e9pisode 46 \u00e0 propos des vacances. Je vous avais fait toute l&#8217;histoire des cong\u00e9s pay\u00e9s. Donc je ne vais pas la refaire maintenant. Simplement, il faut savoir que depuis les ann\u00e9es 80, les Fran\u00e7ais, les salari\u00e9s fran\u00e7ais, ont droit \u00e0 cinq semaines de cong\u00e9s pay\u00e9s. Concr\u00e8tement, ils ont 25 jours de cong\u00e9s pay\u00e9s. Et si on ajoute les week-ends, \u00e7a fait cinq semaines.<\/p>\n\n\n\n<p><b><a id=\"sonaar_ts-6927cbad7b9f8\" class=\"srmp3_sonaar_ts_shortcode\"  style=\"\" href=\"javascript:sonaar_ts_shortcode({ trackid:'0', time:'00:09:28', ts_id:'6927cbad7b9f8', play_icon:'' }) ;\">[00:09:28]<\/a><\/b><br>Mais \u00e7a, c&#8217;est le le droit g\u00e9n\u00e9ral et ensuite, il faut aussi prendre en compte ce qu&#8217;on appelle &#8220;les conventions collectives&#8221;. Les conventions collectives, ce sont des accords qui d\u00e9pendent plut\u00f4t de secteurs. Donc, il y a le Code du travail qui d\u00e9finit le droit g\u00e9n\u00e9ral pour le travail en entreprise. Et par-dessus \u00e7a, en plus de \u00e7a, il peut y avoir des r\u00e8gles suppl\u00e9mentaires qui sont dans les conventions collectives. Et en g\u00e9n\u00e9ral, ces conventions collectives, elles permettent d&#8217;obtenir des conditions qui sont encore meilleures que dans le droit g\u00e9n\u00e9ral, dans le Code du travail.<\/p>\n\n\n\n<p><b><a id=\"sonaar_ts-6927cbad7b9fd\" class=\"srmp3_sonaar_ts_shortcode\"  style=\"\" href=\"javascript:sonaar_ts_shortcode({ trackid:'0', time:'00:10:10', ts_id:'6927cbad7b9fd', play_icon:'' }) ;\">[00:10:10]<\/a><\/b><br>Par exemple, nous, chez InnerFrench, notre convention collective, c&#8217;est la convention collective de ce qu&#8217;on appelle &#8220;l&#8217;enseignement priv\u00e9 \u00e0 distance&#8221;. Et gr\u00e2ce \u00e0 cette convention collective, Ingrid et Ania ont droit \u00e0 cinq jours de cong\u00e9s pay\u00e9s en plus chaque ann\u00e9e. Donc, elles n&#8217;ont pas 25 jours de cong\u00e9s pay\u00e9s, mais 30 jours. C&#8217;est pas mal ! Parce que oui, m\u00eame si Ania travaille en Pologne, j&#8217;ai d\u00e9cid\u00e9 de lui donner le m\u00eame nombre de jours de cong\u00e9s qu&#8217;Ingrid pour qu&#8217;il n&#8217;y ait pas de jaloux !<\/p>\n\n\n\n<p><b><a id=\"sonaar_ts-6927cbad7ba0b\" class=\"srmp3_sonaar_ts_shortcode\"  style=\"\" href=\"javascript:sonaar_ts_shortcode({ trackid:'0', time:'00:10:45', ts_id:'6927cbad7ba0b', play_icon:'' }) ;\">[00:10:45]<\/a><\/b><br>Donc \u00e7a, ce sont les cong\u00e9s pay\u00e9s, les vacances. Et en plus de \u00e7a, il y a \u00e9videmment les jours f\u00e9ri\u00e9s. Et en France, on a 10 jours f\u00e9ri\u00e9s, 10 jours o\u00f9 personne ne travaille. Ce qui fait un total de 35 jours. Et selon les conventions collectives, comme pour nous, \u00e7a peut monter \u00e0 40 jours de vacances dans l&#8217;ann\u00e9e.<\/p>\n\n\n\n<p><b><a id=\"sonaar_ts-6927cbad7ba10\" class=\"srmp3_sonaar_ts_shortcode\"  style=\"\" href=\"javascript:sonaar_ts_shortcode({ trackid:'0', time:'00:11:09', ts_id:'6927cbad7ba10', play_icon:'' }) ;\">[00:11:09]<\/a><\/b><br>Donc \u00e7a, c&#8217;est l\u00e9g\u00e8rement au-dessus de la moyenne europ\u00e9enne. La moyenne europ\u00e9enne, elle est plut\u00f4t entre 30 et 32 jours. Mais dans des pays comme l&#8217;Allemagne, par exemple, bah l\u00e0 aussi, il y a 35 jours (cong\u00e9s pay\u00e9s plus jours f\u00e9ri\u00e9s). Et la championne d&#8217;Europe, ce n&#8217;est pas la France, mais c&#8217;est l&#8217;Espagne. En Espagne, il y a 30 jours de cong\u00e9s pay\u00e9s plus 14 jours f\u00e9ri\u00e9s, ce qui donne un total de 44 jours. (C&#8217;est pas mal cet \u00e9pisode parce que \u00e7a va vous permettre de r\u00e9viser les nombres aussi ! M\u00eame si je vais essayer de pas vous donner non plus trop de chiffres dans cet \u00e9pisode.) Mais voil\u00e0, l&#8217;Espagne est championne d&#8217;Europe. La France est \u00e0 peu pr\u00e8s au m\u00eame niveau que l&#8217;Allemagne. Mais il y a aussi beaucoup de pays europ\u00e9ens o\u00f9 on a plut\u00f4t entre 20 et 25 jours de cong\u00e9s pay\u00e9s et jours f\u00e9ri\u00e9s par an. Donc, la France est plut\u00f4t dans les pays europ\u00e9ens qui ont le plus de jours de vacances.<\/p>\n\n\n\n<p><b><a id=\"sonaar_ts-6927cbad7ba16\" class=\"srmp3_sonaar_ts_shortcode\"  style=\"\" href=\"javascript:sonaar_ts_shortcode({ trackid:'0', time:'00:12:14', ts_id:'6927cbad7ba16', play_icon:'' }) ;\">[00:12:14]<\/a><\/b><br>Et quand on d\u00e9zoome, quand on recule encore pour regarder au niveau mondial, on se rend compte que les pays europ\u00e9ens sont plut\u00f4t bien lotis compar\u00e9s au reste du monde. &#8220;\u00catre bien loti&#8221;, \u00e7a veut dire qu&#8217;on a une situation plut\u00f4t positive, qu&#8217;on a de la chance, qu&#8217;on est chanceux. On dit &#8220;\u00eatre bien loti&#8221; ou &#8220;\u00eatre mal loti&#8221;. &#8220;\u00catre bien loti&#8221;, \u00eatre dans une situation favorable et &#8220;\u00eatre mal loti&#8221;, au contraire, quand on n&#8217;a pas de chance et on est dans une situation plut\u00f4t d\u00e9favorable.<\/p>\n\n\n\n<p><b><a id=\"sonaar_ts-6927cbad7ba1b\" class=\"srmp3_sonaar_ts_shortcode\"  style=\"\" href=\"javascript:sonaar_ts_shortcode({ trackid:'0', time:'00:12:52', ts_id:'6927cbad7ba1b', play_icon:'' }) ;\">[00:12:52]<\/a><\/b><br>Donc, je disais que les pays europ\u00e9ens sont plut\u00f4t bien lotis parce que quand on compare au reste du monde, c&#8217;est vrai qu&#8217;en g\u00e9n\u00e9ral, les travailleurs ont moins de vacances. Il y a m\u00eame des pays dans lesquels il n&#8217;y a pas de minimum de vacances, comme aux \u00c9tats-Unis, par exemple, au niveau f\u00e9d\u00e9ral, il n&#8217;y a pas de nombre de jours minimum de vacances. Donc, \u00e7a d\u00e9pend de chaque entreprise et les salari\u00e9s doivent un peu se battre, j&#8217;ai l&#8217;impression, pour obtenir des vacances. Et puis, dans les pays o\u00f9 il y a des cong\u00e9s pay\u00e9s, assez souvent, c&#8217;est plut\u00f4t moins que ce qu&#8217;on a en Europe.<\/p>\n\n\n\n<p><b><a id=\"sonaar_ts-6927cbad7ba23\" class=\"srmp3_sonaar_ts_shortcode\"  style=\"\" href=\"javascript:sonaar_ts_shortcode({ trackid:'0', time:'00:13:37', ts_id:'6927cbad7ba23', play_icon:'' }) ;\">[00:13:37]<\/a><\/b><br>Donc, pour r\u00e9sumer, c&#8217;est vrai que les Fran\u00e7ais sont bien lotis au niveau mondial. Quand on compare la France aux autres pays, c&#8217;est vrai qu&#8217;on a plus de vacances en France, mais notre situation est assez comparable \u00e0 celle d&#8217;autres pays europ\u00e9ens qui ont plus ou moins le m\u00eame niveau de richesse que la France.<\/p>\n\n\n\n<p><b><a id=\"sonaar_ts-6927cbad7ba28\" class=\"srmp3_sonaar_ts_shortcode\"  style=\"\" href=\"javascript:sonaar_ts_shortcode({ trackid:'0', time:'00:14:00', ts_id:'6927cbad7ba28', play_icon:'' }) ;\">[00:14:00]<\/a><\/b><br>La diff\u00e9rence qui existe, peut-\u00eatre \u00e0 mon avis, c&#8217;est qu&#8217;en France, on n&#8217;h\u00e9site pas \u00e0 prendre deux ou trois semaines de vacances d&#8217;un coup, notamment l&#8217;\u00e9t\u00e9. C&#8217;est tr\u00e8s commun pour les salari\u00e9s fran\u00e7ais de partir deux ou trois semaines en juillet ou en ao\u00fbt. Et \u00e7a, c&#8217;est quelque chose qui est totalement accept\u00e9 par les entreprises, alors que dans d&#8217;autres pays, \u00e7a peut \u00eatre plus difficile de faire une pause aussi longue, de prendre autant de vacances d&#8217;affil\u00e9e.<\/p>\n\n\n\n<p><b><a id=\"sonaar_ts-6927cbad7ba2d\" class=\"srmp3_sonaar_ts_shortcode\"  style=\"\" href=\"javascript:sonaar_ts_shortcode({ trackid:'0', time:'00:14:30', ts_id:'6927cbad7ba2d', play_icon:'' }) ;\">[00:14:30]<\/a><\/b><br>Et puis l&#8217;autre diff\u00e9rence aussi, on va en reparler un peu plus tard, c&#8217;est qu&#8217;en France, il existe une autre fa\u00e7on d&#8217;obtenir des jours de cong\u00e9 suppl\u00e9mentaires, ce qui fait qu&#8217;on peut avoir beaucoup plus que ces cinq semaines de cong\u00e9 pay\u00e9s. \u00c7a, je vais vous en reparler juste apr\u00e8s.<\/p>\n\n\n\n<p><b><a id=\"sonaar_ts-6927cbad7ba31\" class=\"srmp3_sonaar_ts_shortcode\"  style=\"\" href=\"javascript:sonaar_ts_shortcode({ trackid:'0', time:'00:14:49', ts_id:'6927cbad7ba31', play_icon:'' }) ;\">[00:14:49]<\/a><\/b><br>Ensuite, il y a bien s\u00fbr la question de la gr\u00e8ve. C&#8217;est vrai qu&#8217;on plaisante souvent en disant que la gr\u00e8ve, c&#8217;est le sport national en France et par d\u00e9finition, quand on est en gr\u00e8ve, on n&#8217;est pas au travail. Alors, c&#8217;est vrai que la France a une longue histoire et une longue tradition de contestation sociale. On a eu dans notre histoire des gr\u00e8ves assez spectaculaires qui ont \u00e9t\u00e9 tr\u00e8s m\u00e9diatis\u00e9es, m\u00eame \u00e0 l&#8217;international. Donc, \u00e7a donne un peu l&#8217;impression que la France est un pays o\u00f9 les travailleurs sont r\u00e9guli\u00e8rement dans la rue au lieu d&#8217;\u00eatre au bureau.<\/p>\n\n\n\n<p><b><a id=\"sonaar_ts-6927cbad7ba37\" class=\"srmp3_sonaar_ts_shortcode\"  style=\"\" href=\"javascript:sonaar_ts_shortcode({ trackid:'0', time:'00:15:30', ts_id:'6927cbad7ba37', play_icon:'' }) ;\">[00:15:30]<\/a><\/b><br>Alors, il faut savoir qu&#8217;en France, notre tradition, c&#8217;est plut\u00f4t la contestation sociale et non pas la n\u00e9gociation. Ce qui est un peu diff\u00e9rent, par exemple, de la situation en Allemagne. Parce qu&#8217;en Allemagne, d&#8217;apr\u00e8s ce que je sais, la tradition, c&#8217;est plut\u00f4t d&#8217;avoir un dialogue social entre les syndicats, les repr\u00e9sentants des salari\u00e9s et les entreprises. Donc, ces repr\u00e9sentants de salari\u00e9s, ces syndicats, ils participent directement aux d\u00e9cisions de l&#8217;entreprise. Il y a davantage de n\u00e9gociations et de compromis, ce qui fait que les salari\u00e9s allemands ont peut-\u00eatre moins besoin de faire des gr\u00e8ves, de manifester pour obtenir ce qu&#8217;ils veulent.<\/p>\n\n\n\n<p><b><a id=\"sonaar_ts-6927cbad7ba47\" class=\"srmp3_sonaar_ts_shortcode\"  style=\"\" href=\"javascript:sonaar_ts_shortcode({ trackid:'0', time:'00:16:16', ts_id:'6927cbad7ba47', play_icon:'' }) ;\">[00:16:16]<\/a><\/b><br>Alors, je ne vais pas tourner autour du pot : c&#8217;est vrai que les Fran\u00e7ais sont les champions du monde de la gr\u00e8ve. Quand on regarde le nombre de jours de gr\u00e8ve par salari\u00e9, tr\u00e8s souvent, c&#8217;est la France qui arrive en t\u00eate du classement. Mais pour nuancer un peu cette affirmation, il faut dire que \u00e7a d\u00e9pend des ann\u00e9es. Et surtout, \u00e7a d\u00e9pend des gouvernements. Il y a des ann\u00e9es o\u00f9 \u00e7a se passe relativement bien au niveau politique et les salari\u00e9s ne sont pas en gr\u00e8ve, ne manifestent pas. Et au contraire, d&#8217;autres ann\u00e9es avec des r\u00e9formes, par exemple, la r\u00e9forme des retraites en 2010 et en 2023, des r\u00e9formes qui ne plaisaient pas du tout aux travailleurs fran\u00e7ais et qui ont provoqu\u00e9 d&#8217;\u00e9normes gr\u00e8ves et d&#8217;\u00e9normes manifestations.<\/p>\n\n\n\n<p><b><a id=\"sonaar_ts-6927cbad7ba4e\" class=\"srmp3_sonaar_ts_shortcode\"  style=\"\" href=\"javascript:sonaar_ts_shortcode({ trackid:'0', time:'00:17:013', ts_id:'6927cbad7ba4e', play_icon:'' }) ;\">[00:17:13]<\/a><\/b><br>Mais globalement, notamment quand on compare avec les autres pays europ\u00e9ens, la France est toujours premi\u00e8re ou parfois deuxi\u00e8me du classement avec l&#8217;Espagne, encore une fois, qui nous passe devant. L&#8217;Espagne, on est en comp\u00e9tition avec eux \u00e0 la fois sur le football et sur les gr\u00e8ves, il faut croire !<\/p>\n\n\n\n<p><b><a id=\"sonaar_ts-6927cbad7ba53\" class=\"srmp3_sonaar_ts_shortcode\"  style=\"\" href=\"javascript:sonaar_ts_shortcode({ trackid:'0', time:'00:17:32', ts_id:'6927cbad7ba53', play_icon:'' }) ;\">[00:17:32]<\/a><\/b><br>Mais il faut dire aussi que les gr\u00e8ves en France sont souvent tr\u00e8s visibles parce qu&#8217;elles touchent notamment le secteur public comme les transports, l&#8217;\u00e9ducation. Et \u00e7a, eh bien \u00e7a affecte beaucoup de monde, \u00e7a affecte beaucoup de personnes. Et puis, les gr\u00e8ves en France, elles sont souvent nationales au lieu d&#8217;\u00eatre localis\u00e9es. Ce qui donne lieu aussi \u00e0 de grandes manifestations, des manifestations assez spectaculaires que les m\u00e9dias aiment bien relayer parce que \u00e7a donne l&#8217;impression qu&#8217;il y a des \u00e9meutes en France ou un chaos total, alors que non, c&#8217;est juste, voil\u00e0, une manifestation avec des salari\u00e9s fran\u00e7ais.<\/p>\n\n\n\n<p><b><a id=\"sonaar_ts-6927cbad7ba58\" class=\"srmp3_sonaar_ts_shortcode\"  style=\"\" href=\"javascript:sonaar_ts_shortcode({ trackid:'0', time:'00:18:13', ts_id:'6927cbad7ba58', play_icon:'' }) ;\">[00:18:13]<\/a><\/b><br>Et puis, c&#8217;est aussi li\u00e9 \u00e0 une sorte de biais cognitif. Parce que comme il y a ce st\u00e9r\u00e9otype sur les Fran\u00e7ais qui font toujours la gr\u00e8ve, quand il y a une gr\u00e8ve en France, elle est tr\u00e8s m\u00e9diatis\u00e9e. On se dit : &#8220;Ah, regardez les Fran\u00e7ais, ils sont encore en train de faire la gr\u00e8ve au lieu de travailler !&#8221; Et c&#8217;est vrai que m\u00eame nous, chez InnerFrench, on aime bien plaisanter avec \u00e7a et dire qu&#8217;on fait souvent la gr\u00e8ve. Donc \u00e7a renforce cette image. Mais par exemple, j&#8217;ai d\u00e9couvert qu&#8217;entre 2000 et 2009, le Danemark \u00e9tait le troisi\u00e8me pays le plus en gr\u00e8ve en Europe. Et moi, je n&#8217;en avais pas du tout entendu parler. C&#8217;est vrai que quand on pense au Danemark, ou en tout cas moi, quand j&#8217;y pense, je n&#8217;imagine pas que c&#8217;est un avec une forte contestation sociale. Eh bien, au d\u00e9but des ann\u00e9es 2000, si. Apparemment, il y a eu beaucoup de gr\u00e8ves au Danemark. Et \u00e7a, j&#8217;imagine que les m\u00e9dias en ont un peu moins parl\u00e9 parce qu&#8217;il n&#8217;y a pas forc\u00e9ment ce st\u00e9r\u00e9otype sur les Danois qui font la gr\u00e8ve.<\/p>\n\n\n\n<p><b><a id=\"sonaar_ts-6927cbad7ba5d\" class=\"srmp3_sonaar_ts_shortcode\"  style=\"\" href=\"javascript:sonaar_ts_shortcode({ trackid:'0', time:'00:19:19', ts_id:'6927cbad7ba5d', play_icon:'' }) ;\">[00:19:19]<\/a><\/b><br>Mais quand on prend du recul par rapport \u00e0 \u00e7a, on peut voir que la tendance de fond dans les pays riches, c&#8217;est que les gens font de moins en moins gr\u00e8ve. Et \u00e7a, c&#8217;est vrai aussi en France. Il y a une baisse du nombre de jours de gr\u00e8ve. C&#8217;est tr\u00e8s clair quand on regarde l&#8217;\u00e9volution sur ces 30 derni\u00e8res ann\u00e9es : les Fran\u00e7ais font de moins en moins souvent gr\u00e8ve.<\/p>\n\n\n\n<p><b><a id=\"sonaar_ts-6927cbad7ba66\" class=\"srmp3_sonaar_ts_shortcode\"  style=\"\" href=\"javascript:sonaar_ts_shortcode({ trackid:'0', time:'00:19:45', ts_id:'6927cbad7ba66', play_icon:'' }) ;\">[00:19:45]<\/a><\/b><br>Maintenant, on passe \u00e0 un autre grand pilier de la protection sociale des travailleurs : la retraite. Oui, parce que plus on peut partir \u00e0 la on retraite t\u00f4t, moins on travaille. C&#8217;est logique. Alors, jusqu&#8217;en 2010, en France, l&#8217;\u00e2ge de d\u00e9part \u00e0 la retraite, c&#8217;\u00e9tait 60 ans. \u00c0 60 ans, on pouvait prendre sa retraite si, bien s\u00fbr, on avait travaill\u00e9 assez d&#8217;ann\u00e9es avant \u00e7a. Ensuite, en 2010, \u00e7a a \u00e9t\u00e9 augment\u00e9 \u00e0 62 ans. Et l\u00e0, il y a deux ans, en 2023, l&#8217;\u00e2ge de d\u00e9part \u00e0 la retraite a encore \u00e9t\u00e9 augment\u00e9. Aujourd&#8217;hui, il est de 64 ans. \u00c7a, c&#8217;est une r\u00e9forme qui a \u00e9t\u00e9 adopt\u00e9e par Emmanuel Macron et son gouvernement. Une r\u00e9forme qui n&#8217;a pas du tout plu aux Fran\u00e7ais. Il y a eu beaucoup de manifestations, de gr\u00e8ves. Je pense qu&#8217;Ingrid avait fait un \u00e9pisode \u00e0 ce sujet, il me semble.<\/p>\n\n\n\n<p><b><a id=\"sonaar_ts-6927cbad7ba6b\" class=\"srmp3_sonaar_ts_shortcode\"  style=\"\" href=\"javascript:sonaar_ts_shortcode({ trackid:'0', time:'00:20:49', ts_id:'6927cbad7ba6b', play_icon:'' }) ;\">[00:20:49]<\/a><\/b><br>Donc voil\u00e0, aujourd&#8217;hui, en France, on peut prendre sa retraite quand on a 64 ans. Et ce chiffre est tr\u00e8s proche de la moyenne europ\u00e9enne, parce que l&#8217;\u00e2ge moyen de d\u00e9part \u00e0 la retraite dans l&#8217;Union europ\u00e9enne, c&#8217;est 65 ans. Donc seulement un an de plus qu&#8217;en France.<\/p>\n\n\n\n<p><b><a id=\"sonaar_ts-6927cbad7ba70\" class=\"srmp3_sonaar_ts_shortcode\"  style=\"\" href=\"javascript:sonaar_ts_shortcode({ trackid:'0', time:'00:21:07', ts_id:'6927cbad7ba70', play_icon:'' }) ;\">[00:21:07]<\/a><\/b><br>Le vrai avantage de la retraite pour les Fran\u00e7ais, c&#8217;est ce qu&#8217;on appelle le taux de remplacement. Autrement dit, c&#8217;est la part du revenu que vous allez percevoir quand vous serez \u00e0 la retraite par rapport au salaire que vous aviez quand vous travailliez. Et c&#8217;est vrai que le taux de remplacement pour les retrait\u00e9s fran\u00e7ais il est plut\u00f4t g\u00e9n\u00e9reux, surtout quand on compare \u00e0 d&#8217;autres pays. Parce qu&#8217;un retrait\u00e9 fran\u00e7ais, en moyenne, va toucher les trois quarts du salaire qu&#8217;il avait avant de prendre sa retraite. 74% pour d&#8217;autres pr\u00e9cis. Alors que dans les autres pays riches, on est plut\u00f4t autour de 60%.<\/p>\n\n\n\n<p><b><a id=\"sonaar_ts-6927cbad7ba75\" class=\"srmp3_sonaar_ts_shortcode\"  style=\"\" href=\"javascript:sonaar_ts_shortcode({ trackid:'0', time:'00:21:52', ts_id:'6927cbad7ba75', play_icon:'' }) ;\">[00:21:52]<\/a><\/b><br>Et la grande diff\u00e9rence, c&#8217;est que cette pension de retraite, elle est garantie par l&#8217;\u00c9tat. Ce n&#8217;est pas comme d&#8217;autres pays dans lesquels la retraite se fait par capitalisation. Non, l\u00e0, c&#8217;est l&#8217;\u00c9tat fran\u00e7ais qui vous paie votre retraite, qui vous paie les trois quarts du salaire que vous aviez quand vous \u00e9tiez en activit\u00e9. Bon, je vous laisse juger ce qui vous semble le plus s\u00fbr. Soit, ce sont les march\u00e9s financiers qui paient votre retraite ou les assurances priv\u00e9es, soit, c&#8217;est l&#8217;\u00c9tat. Mais en France, on a d\u00e9cid\u00e9 que ce serait l&#8217;\u00c9tat, m\u00eame s&#8217;il y a de plus en plus de politiciens qui aimeraient qu&#8217;on passe \u00e0 un mod\u00e8le de retraite par capitalisation. Mais bon, \u00e7a, \u00e7a va \u00eatre difficile de le faire accepter aux Fran\u00e7ais.<\/p>\n\n\n\n<p><b><a id=\"sonaar_ts-6927cbad7ba7a\" class=\"srmp3_sonaar_ts_shortcode\"  style=\"\" href=\"javascript:sonaar_ts_shortcode({ trackid:'0', time:'00:22:43', ts_id:'6927cbad7ba7a', play_icon:'' }) ;\">[00:22:43]<\/a><\/b><br>Alors, en r\u00e9sum\u00e9, c&#8217;est vrai qu&#8217;avant 2023, la France avait les retrait\u00e9s les plus jeunes du monde. Les gens pouvaient prendre leur retraite \u00e0 60 ans. Mais depuis l&#8217;arriv\u00e9e au pouvoir d&#8217;Emmanuel Macron, c&#8217;est de moins en moins vrai. Aujourd&#8217;hui, il faut avoir 64 ans pour pouvoir prendre sa retraite en France.<\/p>\n\n\n\n<p><b><a id=\"sonaar_ts-6927cbad7ba83\" class=\"srmp3_sonaar_ts_shortcode\"  style=\"\" href=\"javascript:sonaar_ts_shortcode({ trackid:'0', time:'00:23:05', ts_id:'6927cbad7ba83', play_icon:'' }) ;\">[00:23:05]<\/a><\/b><br>Et puis, pour comprendre les origines de cette r\u00e9putation, j&#8217;aimerais parler d&#8217;un dernier point qui ne concerne pas vraiment la protection sociale, mais un point plut\u00f4t culturel, celui de l&#8217;\u00e9quilibre entre la vie professionnelle et la vie personnelle. C&#8217;est vrai qu&#8217;on en parle un peu partout maintenant, mais en France, \u00e7a fait assez longtemps, il me semble, qu&#8217;on s&#8217;int\u00e9resse \u00e0 cette question. Et c&#8217;est quelque chose de tr\u00e8s important pour nous, peut-\u00eatre plus que dans les pays anglo-saxons, par exemple, qui privil\u00e9gient une approche plus intensive du travail. En France, on consid\u00e8re que le travail, c&#8217;est important, mais la vie personnelle est tr\u00e8s importante aussi.<\/p>\n\n\n\n<p><b><a id=\"sonaar_ts-6927cbad7ba88\" class=\"srmp3_sonaar_ts_shortcode\"  style=\"\" href=\"javascript:sonaar_ts_shortcode({ trackid:'0', time:'00:23:48', ts_id:'6927cbad7ba88', play_icon:'' }) ;\">[00:23:48]<\/a><\/b><br>Par exemple, vous savez qu&#8217;on a ce qu&#8217;on appelle &#8220;la pause d\u00e9j&#8221;, la pause d\u00e9jeuner. Donc quand on travaille le midi, on fait une pause pour aller manger. Et \u00e7a, c&#8217;est quelque chose qui est institutionnalis\u00e9. C&#8217;est quelque chose qui est grav\u00e9 dans le marbre. Par exemple, quand on travaille dans une entreprise fran\u00e7aise, c&#8217;est quasiment interdit d&#8217;organiser une r\u00e9union entre 13 et 14 heures parce que c&#8217;est le moment de la pause d\u00e9jeuner. Parce que oui, travailler, c&#8217;est important, mais bien manger, \u00e7a aussi, c&#8217;est quelque chose de tr\u00e8s important. Donc, il est hors de question de sacrifier la pause d\u00e9jeuner&nbsp;!<\/p>\n\n\n\n<p><b><a id=\"sonaar_ts-6927cbad7ba8c\" class=\"srmp3_sonaar_ts_shortcode\"  style=\"\" href=\"javascript:sonaar_ts_shortcode({ trackid:'0', time:'00:24:30', ts_id:'6927cbad7ba8c', play_icon:'' }) ;\">[00:24:30]<\/a><\/b><br>Et depuis 2017, l&#8217;\u00e9quilibre entre vie professionnelle et vie personnelle est m\u00eame garanti par la loi, gr\u00e2ce \u00e0 une loi qui s&#8217;appelle &#8220;le droit \u00e0 la d\u00e9connexion&#8221;. Concr\u00e8tement, les entreprises ne peuvent pas exiger que leurs salari\u00e9s r\u00e9pondent \u00e0 leurs emails ou r\u00e9pondent au t\u00e9l\u00e9phone en dehors des heures de travail. Donc en g\u00e9n\u00e9ral, le soir et le week-end. \u00c7a aussi, c&#8217;est pour vraiment prot\u00e9ger cet \u00e9quilibre, pour dire qu&#8217;il y a un temps pour le travail et le reste du temps, les salari\u00e9s doivent avoir la possibilit\u00e9 de totalement d\u00e9connecter, d&#8217;oublier leur travail.<\/p>\n\n\n\n<p><b><a id=\"sonaar_ts-6927cbad7ba91\" class=\"srmp3_sonaar_ts_shortcode\"  style=\"\" href=\"javascript:sonaar_ts_shortcode({ trackid:'0', time:'00:25:13', ts_id:'6927cbad7ba91', play_icon:'' }) ;\">[00:25:13]<\/a><\/b><br>Bon, dans la r\u00e9alit\u00e9, je ne sais pas si ce droit \u00e0 la d\u00e9connexion est tr\u00e8s respect\u00e9 parce que c&#8217;est les entreprises qui sont en charge de faire respecter cette r\u00e8gle et \u00e7a va un peu \u00e0 l&#8217;encontre de leur int\u00e9r\u00eat parce qu&#8217;\u00e9videmment, les entreprises veulent que leurs salari\u00e9s travaillent le plus possible. Donc voil\u00e0, je ne sais pas si c&#8217;est tr\u00e8s efficace, mais en tout cas, ce droit existe. Et il est d&#8217;autant plus important que depuis le Covid, vous le savez, avec l&#8217;essor du t\u00e9l\u00e9travail, c&#8217;est devenu encore plus difficile de s\u00e9parer vie professionnelle et vie personnelle. On a tendance \u00e0 continuer de travailler quand on est \u00e0 la maison, m\u00eame le soir, m\u00eame en dehors de nos horaires de travail. Voil\u00e0, la fronti\u00e8re entre les deux est devenue plus poreuse. Donc, en France, on a ce droit \u00e0 la d\u00e9connexion pour encourager les salari\u00e9s \u00e0 vraiment s\u00e9parer les deux.<\/p>\n\n\n\n<p><b><a id=\"sonaar_ts-6927cbad7ba96\" class=\"srmp3_sonaar_ts_shortcode\"  style=\"\" href=\"javascript:sonaar_ts_shortcode({ trackid:'0', time:'00:26:16', ts_id:'6927cbad7ba96', play_icon:'' }) ;\">[00:26:16]<\/a><\/b><br>Voil\u00e0, maintenant qu&#8217;on a un peu mieux compris d&#8217;o\u00f9 vient ce st\u00e9r\u00e9otype et en quoi il est en grande partie vrai, on va s&#8217;int\u00e9resser au nerf de la guerre. On va entrer dans le vif du sujet. Autrement dit, on va essayer de voir combien de temps les Fran\u00e7ais passent r\u00e9ellement au bureau.<\/p>\n\n\n\n<p><b><a id=\"sonaar_ts-6927cbad7ba9f\" class=\"srmp3_sonaar_ts_shortcode\"  style=\"\" href=\"javascript:sonaar_ts_shortcode({ trackid:'0', time:'00:26:41', ts_id:'6927cbad7ba9f', play_icon:'' }) ;\">[00:26:41]<\/a><\/b><br>Vous avez peut-\u00eatre d\u00e9j\u00e0 lu ou entendu que la dur\u00e9e l\u00e9gale du travail en France, c&#8217;est 35 heures par semaine. Alors, effectivement, c&#8217;est vrai depuis le 1\u1d49\u02b3 janvier 2000, gr\u00e2ce \u00e0 une loi qui a r\u00e9duit la dur\u00e9e l\u00e9gale du travail de 39 \u00e0 35 heures par semaine. Donc, vous vous dites que les Fran\u00e7ais ont de la chance parce que dans beaucoup d&#8217;autres pays, la norme se situe plut\u00f4t autour de 40 heures par semaine.<\/p>\n\n\n\n<p><b><a id=\"sonaar_ts-6927cbad7baa4\" class=\"srmp3_sonaar_ts_shortcode\"  style=\"\" href=\"javascript:sonaar_ts_shortcode({ trackid:'0', time:'00:27:13', ts_id:'6927cbad7baa4', play_icon:'' }) ;\">[00:27:13]<\/a><\/b><br>Mais attention, &#8220;dur\u00e9e l\u00e9gale&#8221;, \u00e7a ne veut pas dire que les salari\u00e9s fran\u00e7ais n&#8217;ont pas le droit de travailler plus de 35 heures par semaine. \u00c7a veut dire que si un salari\u00e9 travaille plus de 35 heures, ces heures doivent \u00eatre compt\u00e9es comme des heures suppl\u00e9mentaires. Autrement dit, des heures qui doivent \u00eatre mieux r\u00e9mun\u00e9r\u00e9es. Quand un salari\u00e9 travaille 35 heures ou plus, on dit qu&#8217;il est &#8220;\u00e0 temps plein&#8221; ou &#8220;\u00e0 temps complet&#8221;. Au contraire, s&#8217;il travaille moins de 35 heures, il est &#8220;\u00e0 temps partiel&#8221;. Retenez bien ces deux expressions si vous ne les connaissez pas, elles sont importantes : temps plein et temps partiel.<\/p>\n\n\n\n<p><b><a id=\"sonaar_ts-6927cbad7baa9\" class=\"srmp3_sonaar_ts_shortcode\"  style=\"\" href=\"javascript:sonaar_ts_shortcode({ trackid:'0', time:'00:27:56', ts_id:'6927cbad7baa9', play_icon:'' }) ;\">[00:27:56]<\/a><\/b><br>D&#8217;ailleurs, il y a une autre expression li\u00e9e aux 35 heures qu&#8217;il faut conna\u00eetre : RTT, r\u00e9duction du temps de travail. Si vous travaillez dans une entreprise fran\u00e7aise, je suis s\u00fbr que vous l&#8217;avez d\u00e9j\u00e0 entendue. Un jour de RTT, c&#8217;est un jour de cong\u00e9, un jour de repos. Quand quelqu&#8217;un dit : &#8220;je prends un RTT vendredi&#8221; ou &#8220;je pose un RTT vendredi&#8221;. \u00c7a veut dire qu&#8217;il ne travaillera pas vendredi. Concr\u00e8tement, les RTT sont une solution pour faire travailler les salari\u00e9s plus de 35 heures sans devoir les payer plus. Au lieu de leur payer ces heures suppl\u00e9mentaires, leur entreprise leur offre des jours de RTT. Par exemple, un salari\u00e9 qui travaille 37 heures par semaine re\u00e7oit un jour de RTT par mois ou deux jours pour un salari\u00e9 qui travaille 39 heures. Autrement dit, chaque mois, il peut prendre un ou deux jours de RTT, ou deux jours o\u00f9 il ne travaille pas. Comme \u00e7a, quand on calcule la moyenne des heures travaill\u00e9es dans le mois en prenant en compte les jours de RTT, le salari\u00e9 a bien une moyenne de 35 heures par semaine.<\/p>\n\n\n\n<p><b><a id=\"sonaar_ts-6927cbad7baae\" class=\"srmp3_sonaar_ts_shortcode\"  style=\"\" href=\"javascript:sonaar_ts_shortcode({ trackid:'0', time:'00:29:15', ts_id:'6927cbad7baae', play_icon:'' }) ;\">[00:29:15]<\/a><\/b><br>C&#8217;est pour \u00e7a que je vous disais qu&#8217;il n&#8217;y a pas seulement les cong\u00e9s pay\u00e9s, il y a aussi les RTT. Un salari\u00e9 fran\u00e7ais qui travaille 39 heures par semaine a cinq semaines de cong\u00e9s pay\u00e9s plus une vingtaine de jours de RTT. Donc, quasiment quatre semaines en plus. \u00c9videmment, \u00e7a concerne pas tous les salari\u00e9s. Mais quand on prend en compte les RTT, l\u00e0, oui, les Fran\u00e7ais ont beaucoup plus de vacances.<\/p>\n\n\n\n<p><b><a id=\"sonaar_ts-6927cbad7bab7\" class=\"srmp3_sonaar_ts_shortcode\"  style=\"\" href=\"javascript:sonaar_ts_shortcode({ trackid:'0', time:'00:29:42', ts_id:'6927cbad7bab7', play_icon:'' }) ;\">[00:29:42]<\/a><\/b><br>D\u00e9sol\u00e9, je sais que c&#8217;est un peu technique tout \u00e7a. Mais depuis qu&#8217;on a adopt\u00e9 la loi des 35 heures, les RTT font vraiment partie de la culture fran\u00e7aise. Donc, je voulais vous aider \u00e0 mieux comprendre ce que c&#8217;est. C&#8217;est simplement des jours de vacances suppl\u00e9mentaires pour les salari\u00e9s qui travaillent plus plus de 35 heures par semaine.<\/p>\n\n\n\n<p><b><a id=\"sonaar_ts-6927cbad7babb\" class=\"srmp3_sonaar_ts_shortcode\"  style=\"\" href=\"javascript:sonaar_ts_shortcode({ trackid:'0', time:'00:30:02', ts_id:'6927cbad7babb', play_icon:'' }) ;\">[00:30:02]<\/a><\/b><br>Une autre chose \u00e0 savoir, c&#8217;est que les 35 heures ne s&#8217;appliquent pas \u00e0 tout le monde. Bien s\u00fbr, elles ne s&#8217;appliquent pas aux travailleurs ind\u00e9pendants, aux agriculteurs, aux chefs d&#8217;entreprises, bref, \u00e0 tous ceux qui ne sont pas salari\u00e9s. Ils peuvent travailler autant d&#8217;heures qu&#8217;ils veulent. Les 35 heures ne s&#8217;appliquent pas non plus aux cadres. Cadre, c&#8217;est un statut particulier dans une entreprise. Pour simplifier, on peut dire qu&#8217;un cadre, c&#8217;est un manager. Un salari\u00e9 qui a une certaine expertise, beaucoup de responsabilit\u00e9s et souvent une \u00e9quipe \u00e0 g\u00e9rer.<\/p>\n\n\n\n<p><b><a id=\"sonaar_ts-6927cbad7bac0\" class=\"srmp3_sonaar_ts_shortcode\"  style=\"\" href=\"javascript:sonaar_ts_shortcode({ trackid:'0', time:'00:30:38', ts_id:'6927cbad7bac0', play_icon:'' }) ;\">[00:30:38]<\/a><\/b><br>Je vous disais donc que les 35 heures ne s&#8217;appliquent pas aux cadres. Les cadres sont r\u00e9mun\u00e9r\u00e9s en fonction du nombre de jours. S&#8217;ils travaillent 4, 8 ou 12 heures ce jour-l\u00e0, \u00e7a ne change rien \u00e0 leur salaire. En g\u00e9n\u00e9ral, les cadres travaillent bien plus de 35 heures par semaine. D&#8217;ailleurs, quand on compare les cadres fran\u00e7ais \u00e0 leurs homologues europ\u00e9ens, ce sont eux qui font les plus longues heures. Pareil pour les chefs d&#8217;entreprises. Les chefs d&#8217;entreprises fran\u00e7ais passent plus de temps au travail que leurs homologues europ\u00e9ens.<\/p>\n\n\n\n<p><b><a id=\"sonaar_ts-6927cbad7bac5\" class=\"srmp3_sonaar_ts_shortcode\"  style=\"\" href=\"javascript:sonaar_ts_shortcode({ trackid:'0', time:'00:31:14', ts_id:'6927cbad7bac5', play_icon:'' }) ;\">[00:31:14]<\/a><\/b><br>Il faut dire aussi que comme dans tous les pays, en France non plus, le Code du travail n&#8217;est pas toujours respect\u00e9. Dans certains secteurs ou certaines entreprises, les salari\u00e9s fran\u00e7ais sont tr\u00e8s prot\u00e9g\u00e9s. Mais il y en a d&#8217;autres o\u00f9 ils sont plus ou moins forc\u00e9s d&#8217;accepter des conditions qui sont en dehors de la loi.<\/p>\n\n\n\n<p><b><a id=\"sonaar_ts-6927cbad7baca\" class=\"srmp3_sonaar_ts_shortcode\"  style=\"\" href=\"javascript:sonaar_ts_shortcode({ trackid:'0', time:'00:31:35', ts_id:'6927cbad7baca', play_icon:'' }) ;\">[00:31:35]<\/a><\/b><br>Je vous dis \u00e7a en connaissance de cause, je l&#8217;ai v\u00e9cu moi-m\u00eame. Vous savez peut-\u00eatre que j&#8217;ai travaill\u00e9 dans une agence de publicit\u00e9 \u00e0 Paris, dans plusieurs agences d&#8217;ailleurs, parce que j&#8217;ai aussi fait des stages. Et je peux vous dire que dans ce milieu, dans le monde de la publicit\u00e9, personne ne s&#8217;occupe du Code du travail. Au contraire, il y a une certaine fiert\u00e9 \u00e0 ne pas compter ses heures, \u00e0 faire des grosses journ\u00e9es. On reste tard au bureau pour montrer qu&#8217;on est bosseur, qu&#8217;on est travailleur et qu&#8217;on m\u00e9rite une promotion. Moi, quand je travaillais en agence de publicit\u00e9, j&#8217;\u00e9tais jeune et ambitieux, donc je bossais souvent plus de neuf heures par jour. Ah oui, &#8220;bosser&#8221;, si vous ne le savez pas, c&#8217;est un verbe familier pour dire &#8220;travailler&#8221;. Je bosse, je travaille. \u00c7a s&#8217;\u00e9crit B-O-S-S-E-R. Donc moi, en agence de publicit\u00e9, je bossais souvent plus de neuf heures par jour. \u00c7a faisait donc des semaines de travail d&#8217;environ 45 heures. Et pourtant, je n&#8217;\u00e9tais m\u00eame pas cadre. Mais comme je voulais monter les \u00e9chelons, progresser dans la hi\u00e9rarchie, je ne me plaignais pas que le Code du travail n&#8217;\u00e9tait pas respect\u00e9. $<\/p>\n\n\n\n<p><b><a id=\"sonaar_ts-6927cbad7bacf\" class=\"srmp3_sonaar_ts_shortcode\"  style=\"\" href=\"javascript:sonaar_ts_shortcode({ trackid:'0', time:'00:32:49', ts_id:'6927cbad7bacf', play_icon:'' }) ;\">[00:32:49]<\/a><\/b><br>Et les agences de publicit\u00e9 ne sont pas la seule exception. Il y a plein d&#8217;autres secteurs dans lesquels les salari\u00e9s ne comptent pas leurs heures, souvent les secteurs qui sont tr\u00e8s concurrentiels.<\/p>\n\n\n\n<p><b><a id=\"sonaar_ts-6927cbad7bad8\" class=\"srmp3_sonaar_ts_shortcode\"  style=\"\" href=\"javascript:sonaar_ts_shortcode({ trackid:'0', time:'00:33:01', ts_id:'6927cbad7bad8', play_icon:'' }) ;\">[00:33:01]<\/a><\/b><br>Bref, vous avez compris que m\u00eame si la dur\u00e9e l\u00e9gale du travail est de 35 heures, beaucoup de Fran\u00e7ais travaillent plus que \u00e7a, soit parce qu&#8217;ils sont ind\u00e9pendants, chefs d&#8217;entreprises, cadres ou \u00e0 cause de leur secteur d&#8217;activit\u00e9. D&#8217;ailleurs, quand on demande aux Fran\u00e7ais qui sont \u00e0 temps complet combien de temps ils travaillent, la moyenne est plut\u00f4t de 40 heures par semaine.<\/p>\n\n\n\n<p><b><a id=\"sonaar_ts-6927cbad7badd\" class=\"srmp3_sonaar_ts_shortcode\"  style=\"\" href=\"javascript:sonaar_ts_shortcode({ trackid:'0', time:'00:33:27', ts_id:'6927cbad7badd', play_icon:'' }) ;\">[00:33:27]<\/a><\/b><br>Maintenant, qu&#8217;est-ce que \u00e7a donne quand on compare \u00e7a aux autres pays ? Eh bien, je me suis rendu compte que c&#8217;est assez difficile de trouver une r\u00e9ponse claire parce que tous les pays ne mesurent pas cette donn\u00e9e de la m\u00eame mani\u00e8re. Par exemple, est-ce qu&#8217;ils prennent en compte seulement les salari\u00e9s ou aussi les ind\u00e9pendants&nbsp;? Seulement les salari\u00e9s \u00e0 temps complet ou aussi ceux \u00e0 temps partiel&nbsp;? Est-ce qu&#8217;ils comptabilisent les cong\u00e9s pay\u00e9s ou non ? Bref, vous comprenez que c&#8217;est un sacr\u00e9 casse-t\u00eate&nbsp;! Donc, j&#8217;ai d\u00e9cid\u00e9 de ne pas vous assommer de chiffres. &#8220;Assommer&#8221;, \u00e7a signifie &#8220;frapper quelqu&#8217;un sur la t\u00eate si fort qu&#8217;il perd connaissance&#8221;, mais \u00e7a veut aussi dire &#8220;ennuyer fortement quelqu&#8217;un&#8221;. Moi, je ne veux pas vous ennuyer avec des chiffres, donc je vais simplifier les choses, encore une fois. Et si vous voulez creuser le sujet, si vous voulez en savoir plus, il y aura les liens des \u00e9tudes que j&#8217;ai utilis\u00e9es sur la page de l&#8217;\u00e9pisode.<\/p>\n\n\n\n<p><b><a id=\"sonaar_ts-6927cbad7bae2\" class=\"srmp3_sonaar_ts_shortcode\"  style=\"\" href=\"javascript:sonaar_ts_shortcode({ trackid:'0', time:'00:34:26', ts_id:'6927cbad7bae2', play_icon:'' }) ;\">[00:34:26]<\/a><\/b><br>Au niveau europ\u00e9en, on peut dire que la France est dans la moyenne de ses voisins. Les Grecs, les Portugais et les Europ\u00e9ens de l&#8217;Est travaillent deux ou trois heures de plus par semaine. Au contraire, les Allemands, les Autrichiens, les N\u00e9erlandais, les Norv\u00e9giens ou encore les Luxembourgeois, travaillent une ou deux heures de moins. Eh oui, malgr\u00e9 ce qu&#8217;on entend souvent, les Allemands bossent moins que les Fran\u00e7ais. Et quand on regarde seulement les travailleurs ind\u00e9pendants, les Fran\u00e7ais font partie de ceux qui passent le plus de temps au travail. Et c&#8217;est pareil pour les salari\u00e9s \u00e0 temps partiel. En moyenne, ils travaillent plus d&#8217;heures que leurs coll\u00e8gues europ\u00e9ens.<\/p>\n\n\n\n<p><b><a id=\"sonaar_ts-6927cbad7bae7\" class=\"srmp3_sonaar_ts_shortcode\"  style=\"\" href=\"javascript:sonaar_ts_shortcode({ trackid:'0', time:'00:35:10', ts_id:'6927cbad7bae7', play_icon:'' }) ;\">[00:35:10]<\/a><\/b><br>Bref, vous avez compris qu&#8217;il n&#8217;y a pas de gros \u00e9cart, de grosses diff\u00e9rences entre les pays europ\u00e9ens. Mais on peut quand m\u00eame observer qu&#8217;en g\u00e9n\u00e9ral, plus un pays est riche, moins ses habitants passent de temps au bureau. Et cette tendance, on la retrouve au niveau mondial. \u00c9videmment, il y a des exceptions comme les \u00c9tats-Unis ou la Cor\u00e9e du Sud, des pays o\u00f9 la culture du travail est tr\u00e8s forte. Mais sinon, la tendance va plut\u00f4t dans le sens d&#8217;une r\u00e9duction du temps de travail au fur et \u00e0 mesure qu&#8217;un pays s&#8217;enrichit. Et pour une fois, la France ne fait pas exception.<\/p>\n\n\n\n<p><b><a id=\"sonaar_ts-6927cbad7baf0\" class=\"srmp3_sonaar_ts_shortcode\"  style=\"\" href=\"javascript:sonaar_ts_shortcode({ trackid:'0', time:'00:35:48', ts_id:'6927cbad7baf0', play_icon:'' }) ;\">[00:35:48]<\/a><\/b><br>Maintenant qu&#8217;on a parl\u00e9 du temps que les Fran\u00e7ais passent au travail, on va voir s&#8217;ils sont productifs ou pas.<\/p>\n\n\n\n<p><b><a id=\"sonaar_ts-6927cbad7baf4\" class=\"srmp3_sonaar_ts_shortcode\"  style=\"\" href=\"javascript:sonaar_ts_shortcode({ trackid:'0', time:'00:36:00', ts_id:'6927cbad7baf4', play_icon:'' }) ;\">[00:36:00]<\/a><\/b><br>Un discours qu&#8217;on entend souvent chez les politiciens de gauche en France et aussi dans les m\u00e9dias de gauche, c&#8217;est que oui, les Fran\u00e7ais travaillent moins, mais ils compensent en \u00e9tant plus productifs. On dit m\u00eame parfois que s&#8217;il y a du ch\u00f4mage en France, c&#8217;est parce que les Fran\u00e7ais sont trop productifs. Comme ils arrivent \u00e0 faire le travail de deux personnes \u00e0 la fois, eh bien les entreprises ont moins besoin de recruter.<\/p>\n\n\n\n<p><b><a id=\"sonaar_ts-6927cbad7baf9\" class=\"srmp3_sonaar_ts_shortcode\"  style=\"\" href=\"javascript:sonaar_ts_shortcode({ trackid:'0', time:'00:36:30', ts_id:'6927cbad7baf9', play_icon:'' }) ;\">[00:36:30]<\/a><\/b><br>Pour savoir si les Fran\u00e7ais sont vraiment aussi productifs qu&#8217;on le dit, il faut d&#8217;abord comprendre ce qu&#8217;est la productivit\u00e9. La productivit\u00e9, c&#8217;est le rapport entre une production (un bien ou un service produit) et les ressources utilis\u00e9es pour l&#8217;obtenir (comme le temps de travail, les mati\u00e8res premi\u00e8res, l&#8217;\u00e9nergie, etc.). Par exemple, si une usine produit 100 voiture avec 10 ouvriers, la productivit\u00e9 du travail est de 10 voitures par ouvrier.<\/p>\n\n\n\n<p><b><a id=\"sonaar_ts-6927cbad7bafe\" class=\"srmp3_sonaar_ts_shortcode\"  style=\"\" href=\"javascript:sonaar_ts_shortcode({ trackid:'0', time:'00:37:06', ts_id:'6927cbad7bafe', play_icon:'' }) ;\">[00:37:06]<\/a><\/b><br>En g\u00e9n\u00e9ral, pour comparer la productivit\u00e9 entre les pays, on mesure les richesses produites en fonction du nombre d&#8217;heures travaill\u00e9es. Bon, cet indicateur, il a plein de limites. Par exemple, il prend pas en compte d&#8217;autres facteurs comme le capital. Par exemple, oui, un ouvrier a produit 10 voitures, mais combien de machines il y avait dans l&#8217;usine ? Peut-\u00eatre que \u00e7a aussi, c&#8217;est important de le prendre en compte si on veut comparer la productivit\u00e9 entre plusieurs usines. Donc voil\u00e0, cet indicateur, il a des limites.<\/p>\n\n\n\n<p><b><a id=\"sonaar_ts-6927cbad7bb04\" class=\"srmp3_sonaar_ts_shortcode\"  style=\"\" href=\"javascript:sonaar_ts_shortcode({ trackid:'0', time:'00:37:43', ts_id:'6927cbad7bb04', play_icon:'' }) ;\">[00:37:43]<\/a><\/b><br>Mais c&#8217;est l&#8217;indicateur qui est utilis\u00e9 par l&#8217;OCDE pour faire son classement. L&#8217;OCDE, c&#8217;est une organisation qui regroupe plein de pays, plut\u00f4t des pays riches, des pays europ\u00e9ens, aussi les \u00c9tats-Unis, Canada, quelques pays asiatiques comme le Japon et la Cor\u00e9e du Sud. Donc, bon, \u00e7a nous permet vraiment de comparer la productivit\u00e9 avec des pays qui ont une \u00e9conomie qui est plus ou moins au m\u00eame niveau. Et c&#8217;est vrai que quand on regarde ce classement, \u00e0 partir de la fin des ann\u00e9es 80 jusqu&#8217;au d\u00e9but des ann\u00e9es 2000, la France \u00e9tait souvent num\u00e9ro un. La France \u00e9tait championne du monde de la productivit\u00e9, cocorico&nbsp;!<\/p>\n\n\n\n<p><b><a id=\"sonaar_ts-6927cbad7bb09\" class=\"srmp3_sonaar_ts_shortcode\"  style=\"\" href=\"javascript:sonaar_ts_shortcode({ trackid:'0', time:'00:38:25', ts_id:'6927cbad7bb09', play_icon:'' }) ;\">[00:38:25]<\/a><\/b><br>Mais ce n&#8217;est plus le cas aujourd&#8217;hui. Aujourd&#8217;hui, dans ce classement, on est plut\u00f4t plut\u00f4t aux alentours de la dixi\u00e8me place. Mais on est quand m\u00eame \u00e0 \u00e9galit\u00e9 de pays comme l&#8217;Allemagne. Et c&#8217;est vrai qu&#8217;on se compare souvent \u00e0 l&#8217;Allemagne parce que c&#8217;est une \u00e9conomie qui est tr\u00e8s productive. Donc souvent, on se dit : &#8220;ah, il faudrait qu&#8217;on fasse comme les Allemands.&#8221; Mais quand on regarde la productivit\u00e9, eh bien on est \u00e0 peu pr\u00e8s au m\u00eame niveau. Par contre, on est moins productifs maintenant que les travailleurs aux \u00c9tats-Unis. Mais on reste quand m\u00eame plus productifs que les travailleurs au Royaume-Uni, en Australie, au Canada et m\u00eame au Japon.<\/p>\n\n\n\n<p><b><a id=\"sonaar_ts-6927cbad7bb11\" class=\"srmp3_sonaar_ts_shortcode\"  style=\"\" href=\"javascript:sonaar_ts_shortcode({ trackid:'0', time:'00:39:07', ts_id:'6927cbad7bb11', play_icon:'' }) ;\">[00:39:07]<\/a><\/b><br>Donc l&#8217;information \u00e0 retenir ici, c&#8217;est que oui, les Fran\u00e7ais ont \u00e9t\u00e9 champions de la productivit\u00e9 mondiale pendant plusieurs d\u00e9cennies, mais ce n&#8217;est plus le cas aujourd&#8217;hui. On ne peut plus dire que les Fran\u00e7ais travaillent moins, mais qu&#8217;ils sont plus productifs, m\u00eame s&#8217;ils restent quand m\u00eame dans le haut du classement en termes de productivit\u00e9.<\/p>\n\n\n\n<p><b><a id=\"sonaar_ts-6927cbad7bb16\" class=\"srmp3_sonaar_ts_shortcode\"  style=\"\" href=\"javascript:sonaar_ts_shortcode({ trackid:'0', time:'00:39:30', ts_id:'6927cbad7bb16', play_icon:'' }) ;\">[00:39:30]<\/a><\/b><br>Bon, je vous ai donn\u00e9 beaucoup d&#8217;informations dans cet \u00e9pisode. C&#8217;\u00e9tait un \u00e9pisode assez dense, donc je vais essayer de reprendre les points les plus importants, faire un petit r\u00e9sum\u00e9. Dites-moi dans les commentaires si c&#8217;est quelque chose d&#8217;utile ou pas, je ne sais pas.<\/p>\n\n\n\n<p><b><a id=\"sonaar_ts-6927cbad7bb1b\" class=\"srmp3_sonaar_ts_shortcode\"  style=\"\" href=\"javascript:sonaar_ts_shortcode({ trackid:'0', time:'00:39:45', ts_id:'6927cbad7bb1b', play_icon:'' }) ;\">[00:39:45]<\/a><\/b><br>Alors, c&#8217;est vrai que les salari\u00e9s fran\u00e7ais b\u00e9n\u00e9ficient de beaucoup d&#8217;avantages sociaux. Il y a les cinq semaines de cong\u00e9s pay\u00e9s (les cinq semaines de vacances), les 35 heures, les fameuses RTT, r\u00e9duction du temps de travail. Mais quand on regarde les chiffres, on se rend compte que beaucoup de Fran\u00e7ais travaillent bien plus que 35 heures par semaine, notamment les ind\u00e9pendants, les cadres, les chefs d&#8217;entreprise. Et puis, ces avantages sociaux, ils sont de plus en plus remis en cause par les gouvernements de ces derni\u00e8res ann\u00e9es. Donc, ce n&#8217;est pas s\u00fbr que les Fran\u00e7ais aient encore de tels avantages dans les ann\u00e9es \u00e0 venir.<\/p>\n\n\n\n<p><b><a id=\"sonaar_ts-6927cbad7bb20\" class=\"srmp3_sonaar_ts_shortcode\"  style=\"\" href=\"javascript:sonaar_ts_shortcode({ trackid:'0', time:'00:40:29', ts_id:'6927cbad7bb20', play_icon:'' }) ;\">[00:40:29]<\/a><\/b><br>C&#8217;est vrai aussi que les Fran\u00e7ais ont pendant longtemps compens\u00e9 une dur\u00e9e du travail plus faible par une meilleure productivit\u00e9. Mais \u00e7a aussi, c&#8217;est un peu moins vrai depuis quelques ann\u00e9es. Les Fran\u00e7ais restent tr\u00e8s productifs, mais ils ont \u00e9t\u00e9 rattrap\u00e9s par d&#8217;autres pays. Donc, on ne peut plus dire que les Fran\u00e7ais sont les champions du monde de la productivit\u00e9.<\/p>\n\n\n\n<p><b><a id=\"sonaar_ts-6927cbad7bb25\" class=\"srmp3_sonaar_ts_shortcode\"  style=\"\" href=\"javascript:sonaar_ts_shortcode({ trackid:'0', time:'00:40:56', ts_id:'6927cbad7bb25', play_icon:'' }) ;\">[00:40:56]<\/a><\/b><br>Finalement, une autre question que je n&#8217;ai pas eu le temps d&#8217;aborder dans cet \u00e9pisode, mais qui est assez int\u00e9ressante, c&#8217;est : est-ce que les Fran\u00e7ais aiment leur travail ? Est-ce qu&#8217;ils aiment travailler ? Il y a un sondage de r\u00e9f\u00e9rence sur cette question. Je le mettrai aussi sur la page de l&#8217;\u00e9pisode. Et ce sondage montre qu&#8217;environ les trois quarts des travailleurs fran\u00e7ais se d\u00e9clarent satisfaits de leur travail. Et notamment les ind\u00e9pendants qui se d\u00e9clarent m\u00eame tr\u00e8s satisfaits. Donc, on voit que les Fran\u00e7ais ne sont pas anti-travail. En g\u00e9n\u00e9ral, les les Fran\u00e7ais sont satisfaits de leur travail.<\/p>\n\n\n\n<p><b><a id=\"sonaar_ts-6927cbad7bb2e\" class=\"srmp3_sonaar_ts_shortcode\"  style=\"\" href=\"javascript:sonaar_ts_shortcode({ trackid:'0', time:'00:41:34', ts_id:'6927cbad7bb2e', play_icon:'' }) ;\">[00:41:34]<\/a><\/b><br>Et dans un autre sondage de r\u00e9f\u00e9rence qui compare les valeurs entre les Europ\u00e9ens, on voit aussi que les Fran\u00e7ais d\u00e9clarent plus souvent que leur travail a une place importante dans leur vie que leurs voisins europ\u00e9ens. Autrement dit, pour les Fran\u00e7ais, la place du travail semble plus importante, proportionnellement, que dans d&#8217;autres pays europ\u00e9ens. En tout cas, ils sont au-dessus de la moyenne europ\u00e9enne.<\/p>\n\n\n\n<p><b><a id=\"sonaar_ts-6927cbad7bb33\" class=\"srmp3_sonaar_ts_shortcode\"  style=\"\" href=\"javascript:sonaar_ts_shortcode({ trackid:'0', time:'00:42:00', ts_id:'6927cbad7bb33', play_icon:'' }) ;\">[00:42:00]<\/a><\/b><br>Voil\u00e0, c&#8217;est tout pour aujourd&#8217;hui. Merci d&#8217;avoir \u00e9cout\u00e9 l&#8217;\u00e9pisode jusqu&#8217;au bout et bravo parce que c&#8217;\u00e9tait assez dense ! J&#8217;esp\u00e8re que vous avez les id\u00e9es un peu plus claires en ce qui concerne la relation des Fran\u00e7ais \u00e0 leur travail. Merci pour votre attention et on se retrouve tr\u00e8s bient\u00f4t. Ciao.<\/p>\n","protected":false},"excerpt":{"rendered":"<p>Les Fran\u00e7ais travaillent-ils moins que les autres ? &nbsp;Salut \u00e0 toutes et \u00e0 tous. J&#8217;esp\u00e8re que vous allez bien. J&#8217;esp\u00e8re que vous n&#8217;\u00eates pas malades. J&#8217;ai l&#8217;impression que tout le monde est malade en ce moment. Tout le monde a la grippe, en tout cas en France. Je ne sais pas si c&#8217;est la m\u00eame&#8230;<\/p>\n","protected":false},"author":1,"featured_media":289713,"comment_status":"open","ping_status":"open","sticky":false,"template":"","format":[189],"meta":{"_acf_changed":false,"_kad_blocks_custom_css":"","_kad_blocks_head_custom_js":"","_kad_blocks_body_custom_js":"","_kad_blocks_footer_custom_js":"","_kad_post_transparent":"","_kad_post_title":"","_kad_post_layout":"","_kad_post_sidebar_id":"","_kad_post_content_style":"","_kad_post_vertical_padding":"","_kad_post_feature":"","_kad_post_feature_position":"","_kad_post_header":false,"_kad_post_footer":false,"_kad_post_classname":"","footnotes":""},"categories":[168],"tags":[175,172],"class_list":["post-289603","post","type-post","status-publish","format-standard","has-post-thumbnail","hentry","category-podcast","tag-france","tag-societe","format-solo-hugo"],"acf":[],"taxonomy_info":{"category":[{"value":168,"label":"Podcast"}],"post_tag":[{"value":175,"label":"France"},{"value":172,"label":"Soci\u00e9t\u00e9"}],"format":[{"value":189,"label":"Solo Hugo"}]},"featured_image_src_large":["https:\/\/innerfrench.com\/wp-content\/uploads\/2025\/01\/E163-Les-Francais-travaillent-ils-moins-que-les-autres-750x406.jpg",750,406,true],"author_info":{"display_name":"Hugo","author_link":"https:\/\/innerfrench.com\/author\/innerfrench-2-2-2-2-2-2-2-2-2-2-2-2-2-2-2-2-2-2-2\/"},"comment_info":36,"category_info":[{"term_id":168,"name":"Podcast","slug":"podcast","term_group":0,"term_taxonomy_id":168,"taxonomy":"category","description":"","parent":0,"count":185,"filter":"raw","cat_ID":168,"category_count":185,"category_description":"","cat_name":"Podcast","category_nicename":"podcast","category_parent":0}],"tag_info":[{"term_id":175,"name":"France","slug":"france","term_group":0,"term_taxonomy_id":175,"taxonomy":"post_tag","description":"","parent":0,"count":100,"filter":"raw"},{"term_id":172,"name":"Soci\u00e9t\u00e9","slug":"societe","term_group":0,"term_taxonomy_id":172,"taxonomy":"post_tag","description":"","parent":0,"count":94,"filter":"raw"}],"_links":{"self":[{"href":"https:\/\/innerfrench.com\/wp-json\/wp\/v2\/posts\/289603","targetHints":{"allow":["GET"]}}],"collection":[{"href":"https:\/\/innerfrench.com\/wp-json\/wp\/v2\/posts"}],"about":[{"href":"https:\/\/innerfrench.com\/wp-json\/wp\/v2\/types\/post"}],"author":[{"embeddable":true,"href":"https:\/\/innerfrench.com\/wp-json\/wp\/v2\/users\/1"}],"replies":[{"embeddable":true,"href":"https:\/\/innerfrench.com\/wp-json\/wp\/v2\/comments?post=289603"}],"version-history":[{"count":2,"href":"https:\/\/innerfrench.com\/wp-json\/wp\/v2\/posts\/289603\/revisions"}],"predecessor-version":[{"id":292775,"href":"https:\/\/innerfrench.com\/wp-json\/wp\/v2\/posts\/289603\/revisions\/292775"}],"wp:featuredmedia":[{"embeddable":true,"href":"https:\/\/innerfrench.com\/wp-json\/wp\/v2\/media\/289713"}],"wp:attachment":[{"href":"https:\/\/innerfrench.com\/wp-json\/wp\/v2\/media?parent=289603"}],"wp:term":[{"taxonomy":"category","embeddable":true,"href":"https:\/\/innerfrench.com\/wp-json\/wp\/v2\/categories?post=289603"},{"taxonomy":"post_tag","embeddable":true,"href":"https:\/\/innerfrench.com\/wp-json\/wp\/v2\/tags?post=289603"},{"taxonomy":"format","embeddable":true,"href":"https:\/\/innerfrench.com\/wp-json\/wp\/v2\/format?post=289603"}],"curies":[{"name":"wp","href":"https:\/\/api.w.org\/{rel}","templated":true}]}}