{"id":289604,"date":"2025-02-12T14:57:20","date_gmt":"2025-02-12T13:57:20","guid":{"rendered":"https:\/\/innerfrench.com\/?p=207535"},"modified":"2025-09-25T08:52:24","modified_gmt":"2025-09-25T06:52:24","slug":"e164-etre-hospitalisee-en-france","status":"publish","type":"post","link":"https:\/\/innerfrench.com\/e164-etre-hospitalisee-en-france\/","title":{"rendered":"#164 \u00catre hospitalis\u00e9e en France"},"content":{"rendered":"<a id=\"sonaar_ts-6927c8621f39c\" class=\"srmp3_sonaar_ts_shortcode\"  style=\"\" href=\"javascript:sonaar_ts_shortcode({ trackid:'0', time:'00:00:03', ts_id:'6927c8621f39c', play_icon:'' }) ;\">[00:00:03]<\/a>\n\n\n\n<p>\u00catre hospitalis\u00e9e en France.<\/p>\n\n\n<a id=\"sonaar_ts-6927c8621f3ac\" class=\"srmp3_sonaar_ts_shortcode\"  style=\"\" href=\"javascript:sonaar_ts_shortcode({ trackid:'0', time:'00:00:11', ts_id:'6927c8621f3ac', play_icon:'' }) ;\">[00:00:11]<\/a>\n\n\n\n<p>Bonjour tout le monde et bienvenue dans ce nouvel \u00e9pisode. Aujourd&#8217;hui, je vous retrouve pour un \u00e9pisode en solo dans lequel je vais vous parler de l&#8217;h\u00f4pital fran\u00e7ais. Les plus observateurs d&#8217;entre vous ont probablement remarqu\u00e9 un d\u00e9tail important dans le titre, c&#8217;est que j&#8217;ai \u00e9crit le mot \u00ab hospitalis\u00e9e \u00bb au f\u00e9minin. Alors, pourquoi \u00e7a ? Parce qu&#8217;aujourd&#8217;hui, je vais vous parler de moi, de mon exp\u00e9rience personnelle, et je vais utiliser cette exp\u00e9rience r\u00e9cente de l&#8217;h\u00f4pital pour vous partager \u00e0 la fois du vocabulaire sp\u00e9cifique et aussi quelques cl\u00e9s de compr\u00e9hension politique et \u00e9conomique pour mieux comprendre le syst\u00e8me hospitalier et plus g\u00e9n\u00e9ralement, le syst\u00e8me de sant\u00e9 en France. Dans une premi\u00e8re partie, je vous raconterai mes mes aventures, les \u00e9v\u00e9nements qui me sont arriv\u00e9s. Ce sera donc vraiment un t\u00e9moignage pur avec \u00e0 l&#8217;int\u00e9rieur du vocabulaire et quelques explications tr\u00e8s simples. Ensuite, dans une deuxi\u00e8me partie, j&#8217;\u00e9largirai un peu pour vous donner plus de cl\u00e9s, plus d&#8217;\u00e9l\u00e9ments d&#8217;information, par exemple, sur comment j&#8217;aurais pu \u00eatre prise en charge diff\u00e9remment, comment sont financ\u00e9es les Quels sont les diff\u00e9rents secteurs, quels sont les diff\u00e9rents acteurs qui existent, etc. Et enfin, dans une troisi\u00e8me partie, on fera un petit point sur les changements survenus \u00e0 l&#8217;h\u00f4pital ces derni\u00e8res ann\u00e9es et les d\u00e9fis \u00e0 pr\u00e9voir pour les prochaines ann\u00e9es.<\/p>\n\n\n<a id=\"sonaar_ts-6927c8621f3b3\" class=\"srmp3_sonaar_ts_shortcode\"  style=\"\" href=\"javascript:sonaar_ts_shortcode({ trackid:'0', time:'00:02:04', ts_id:'6927c8621f3b3', play_icon:'' }) ;\">[00:02:04]<\/a>\n\n\n\n<p>Vous commencez \u00e0 me conna\u00eetre. J&#8217;ai un peu de mal \u00e0 parler d&#8217;un sujet en partageant seulement mon exp\u00e9rience personnelle ou seulement les grandes lignes sans parler un peu des d\u00e9bats politiques, \u00e9conomiques qu&#8217;il y a derri\u00e8re.<\/p>\n\n\n<a id=\"sonaar_ts-6927c8621f3b9\" class=\"srmp3_sonaar_ts_shortcode\"  style=\"\" href=\"javascript:sonaar_ts_shortcode({ trackid:'0', time:'00:02:26', ts_id:'6927c8621f3b9', play_icon:'' }) ;\">[00:02:26]<\/a>\n\n\n\n<p>\u00c0 la mi janvier, j&#8217;ai donc \u00e9t\u00e9 hospitalis\u00e9e. Je vous rassure, je vais bien. Je vais m\u00eame tr\u00e8s bien, puisque cette hospitalisation avait pour objectif de retirer le mat\u00e9riel en m\u00e9tal qui \u00e9tait dans ma jambe gauche depuis un an et demi. Rappelez-vous, il y a un peu plus d&#8217;un an, je vous avais dit que j&#8217;avais eu un accident de la route et qu&#8217;\u00e0 la suite de cet accident, j&#8217;avais d\u00fb \u00eatre op\u00e9r\u00e9e d&#8217;urgence. Les chirurgiens avaient alors plac\u00e9 un clou et des vis au niveau de mon tibia, un os qui va de la cheville au genou. Je vous avais racont\u00e9 tout \u00e7a dans l&#8217;\u00e9pisode 133 intitul\u00e9 &#8220;Du m\u00e9tal dans la jambe&#8221;. Oh l\u00e0 l\u00e0 ! \u00c7a me para\u00eet tellement loin. J&#8217;avais enregistr\u00e9 cet \u00e9pisode en Inde \u00e0 un moment o\u00f9 j&#8217;avais encore tr\u00e8s mal et je boitais. &#8220;Boiter&#8221;, \u00e7a veut dire qu&#8217;on ne marche pas correctement. Et l\u00e0, maintenant, \u00e0 l&#8217;heure o\u00f9 je vous parle, \u00e7a y est, je suis remise.<\/p>\n\n\n<a id=\"sonaar_ts-6927c8621f3be\" class=\"srmp3_sonaar_ts_shortcode\"  style=\"\" href=\"javascript:sonaar_ts_shortcode({ trackid:'0', time:'00:03:34', ts_id:'6927c8621f3be', play_icon:'' }) ;\">[00:03:34]<\/a>\n\n\n\n<p>Bon, j&#8217;ai encore un peu mal, il me reste un peu de r\u00e9\u00e9ducation \u00e0 faire, mais en g\u00e9n\u00e9ral, mon os s&#8217;est consolid\u00e9. Alors, qu&#8217;est-ce qui s&#8217;est pass\u00e9 exactement ? Je vais vous raconter non pas les d\u00e9tails de l&#8217;accident, mais cette fois-ci, les d\u00e9tails plut\u00f4t m\u00e9dicaux. Alors, on va commencer avec la premi\u00e8re hospitalisation, il y a un an et demi. Et d\u00e9j\u00e0, on va faire un petit point de vocabulaire autour du mot \u00ab h\u00f4pital \u00bb. L&#8217;h\u00f4pital, avec un accent circonflexe, vous savez, le petit chapeau sur le O, c&#8217;est un lieu. Sachez que tr\u00e8s souvent, quand il y a un accent comme \u00e7a dans un mot fran\u00e7ais, il sert \u00e0 remplacer un ancien S dans le mot d&#8217;origine. Si vous parlez d&#8217;autres langues avec des origines latines, vous pouvez parfois retrouver ce S en traduisant le mot. Pour h\u00f4pital, c&#8217;est facile. Le mot \u00ab hospital \u00bb existe dans plein d&#8217;autres langues comme l&#8217;anglais ou l&#8217;espagnol, par exemple. On peut trouver le m\u00eame ph\u00e9nom\u00e8ne avec le mot \u00ab for\u00eat \u00bb o\u00f9 l&#8217;accent est sur le E et qu&#8217;on peut traduire \u00ab forest \u00bb en anglais. Ou encore, on peut mettre face \u00e0 face l&#8217;accent du E sur le verbe \u00ab \u00eatre \u00bb, avec le S qu&#8217;on retrouve dans le verbe \u00ab estar \u00bb en espagnol.<\/p>\n\n\n<a id=\"sonaar_ts-6927c8621f3c3\" class=\"srmp3_sonaar_ts_shortcode\"  style=\"\" href=\"javascript:sonaar_ts_shortcode({ trackid:'0', time:'00:05:09', ts_id:'6927c8621f3c3', play_icon:'' }) ;\">[00:05:09]<\/a>\n\n\n\n<p>Alors, \u00e7a ne fonctionne pas sur tous les mots avec un accent circonflexe, mais \u00e7a fonctionne souvent. Donc, c&#8217;est plut\u00f4t un bon moyen mn\u00e9motechnique si vous parlez d&#8217;autres langues. Et puis, ce qui est int\u00e9ressant en plus et qui peut aider, c&#8217;est que certains mots ayant la m\u00eame racine prendront parfois un accent et d&#8217;autres fois garderont le S. C&#8217;est le cas pour les d\u00e9riv\u00e9s de \u00ab h\u00f4pital \u00bb. Le lieu, on l&#8217;a dit, c&#8217;est \u00ab h\u00f4pital \u00bb avec un accent, mais l&#8217;adjectif, par exemple, pour les personnes qui travaillent l\u00e0-bas, c&#8217;est \u00ab hospitalier \u00bb. L&#8217;action d&#8217;\u00eatre soign\u00e9 dans ce lieu, c&#8217;est \u00ab hospitalisation \u00bb. Et l&#8217;adjectif pour la personne qui est soign\u00e9e dans ce lieu, c&#8217;est \u00ab hospitalis\u00e9 \u00bb. Donc, en r\u00e9sum\u00e9, moi, j&#8217;ai \u00e9t\u00e9 hospitalis\u00e9 deux fois \u00e0 cause de cet accident de la route. Ma premi\u00e8re hospitalisation a \u00e9t\u00e9 en septembre 2023 et la deuxi\u00e8me en janvier 2025.<\/p>\n\n\n<a id=\"sonaar_ts-6927c8621f3c9\" class=\"srmp3_sonaar_ts_shortcode\"  style=\"\" href=\"javascript:sonaar_ts_shortcode({ trackid:'0', time:'00:06:19', ts_id:'6927c8621f3c9', play_icon:'' }) ;\">[00:06:19]<\/a>\n\n\n\n<p>Donc, pour ma premi\u00e8re hospitalisation, j&#8217;ai \u00e9t\u00e9 amen\u00e9e aux urgences par les pompiers. Il faut dire que j&#8217;avais eu un un accident assez grave qui s&#8217;est pass\u00e9 au milieu de la rue. Je pouvais pas me d\u00e9placer, alors les passants, les personnes qui passaient par l\u00e0 et qui avaient \u00e9t\u00e9 t\u00e9moins de l&#8217;accident, ont appel\u00e9 les pompiers. Je crois que la police \u00e9tait dans les parages, qu&#8217;ils \u00e9taient pas tr\u00e8s loin, parce que plusieurs agents sont arriv\u00e9s tr\u00e8s vite.<\/p>\n\n\n<a id=\"sonaar_ts-6927c8621f3ce\" class=\"srmp3_sonaar_ts_shortcode\"  style=\"\" href=\"javascript:sonaar_ts_shortcode({ trackid:'0', time:'00:06:54', ts_id:'6927c8621f3ce', play_icon:'' }) ;\">[00:06:54]<\/a>\n\n\n\n<p>Ils m&#8217;ont demand\u00e9 mon identit\u00e9, mon nom, ma date de naissance, mon adresse, et ils ont embarqu\u00e9 la personne qui m&#8217;avait percut\u00e9e. \u00ab Embarquer \u00bb, c&#8217;est le mot qu&#8217;on utilise pour dire que la police force quelqu&#8217;un \u00e0 entrer dans son v\u00e9hicule, dans sa voiture, afin de l&#8217;emmener au poste pour l&#8217;interroger.<\/p>\n\n\n<a id=\"sonaar_ts-6927c8621f3d3\" class=\"srmp3_sonaar_ts_shortcode\"  style=\"\" href=\"javascript:sonaar_ts_shortcode({ trackid:'0', time:'00:07:17', ts_id:'6927c8621f3d3', play_icon:'' }) ;\">[00:07:17]<\/a>\n\n\n\n<p>Ensuite, ce dont je me souviens, c&#8217;est que les pompiers sont arriv\u00e9s assez vite. Ils ont \u00e9t\u00e9 hyper efficaces. Chacun d&#8217;entre eux avait un r\u00f4le bien d\u00e9fini et ils ont tr\u00e8s bien g\u00e9rer pour me d\u00e9placer sans trop me faire mal, mais aussi pour me rassurer. Il y en a un, il s&#8217;appelait Guy. Il avait pour r\u00f4le de m&#8217;expliquer ce qu&#8217;il se passait au fur et \u00e0 mesure, de m&#8217;expliquer ce qui allait se passer et de r\u00e9pondre \u00e0 mes questions. Il me disait : \u00ab l\u00e0, Ingrid, mes coll\u00e8gues, ils vont soulever ta jambe de cette mani\u00e8re. Ensuite, on va t&#8217;emmener de cette mani\u00e8re, tu vas aller \u00e0 tel h\u00f4pital, etc \u00bb.<\/p>\n\n\n<a id=\"sonaar_ts-6927c8621f3d8\" class=\"srmp3_sonaar_ts_shortcode\"  style=\"\" href=\"javascript:sonaar_ts_shortcode({ trackid:'0', time:'00:08:03', ts_id:'6927c8621f3d8', play_icon:'' }) ;\">[00:08:03]<\/a>\n\n\n\n<p>Alors, \u00e0 ce moment-l\u00e0, j&#8217;avoue, j&#8217;\u00e9tais sous le choc et tout ce qui m&#8217;importait, c&#8217;\u00e9tait de savoir si j&#8217;allais pouvoir partir en voyage comme pr\u00e9vu deux mois plus tard. Quand j&#8217;y repense, je ris parce que j&#8217;\u00e9tais \u00e0 l&#8217;agonie, enfin, je sentais bien que ma jambe \u00e9tait cass\u00e9e, j&#8217;avais mal. Et tout ce que je pouvais dire, c&#8217;\u00e9tait : \u00ab Guy, est-ce que tu crois que dans deux mois, j&#8217;irai bien ? Est-ce que tu crois que je pourrais partir parce que j&#8217;ai un voyage de pr\u00e9vu ? \u00bb Voil\u00e0, c&#8217;\u00e9tait assez ridicule quand j&#8217;y repense, mais c&#8217;est l\u00e0 qu&#8217;on comprend que l&#8217;adr\u00e9naline, cette hormone que produit naturellement le corps apr\u00e8s un choc, est une drogue assez puissante et que quand on vit un traumatisme physique comme \u00e7a, on peut sur le moment avoir des propos qui ne sont pas forc\u00e9ment les plus intelligents et on n&#8217;est pas forc\u00e9ment inquiet pour sa sant\u00e9 \u00e0 ce moment-l\u00e0. En tout cas, moi, \u00e7a a \u00e9t\u00e9 mon cas. Je m&#8217;inqui\u00e9tais plus pour mon voyage que pour ma sant\u00e9.<\/p>\n\n\n<a id=\"sonaar_ts-6927c8621f3de\" class=\"srmp3_sonaar_ts_shortcode\"  style=\"\" href=\"javascript:sonaar_ts_shortcode({ trackid:'0', time:'00:09:15', ts_id:'6927c8621f3de', play_icon:'' }) ;\">[00:09:15]<\/a>\n\n\n\n<p>Enfin bref, les pompiers se sont tr\u00e8s bien occup\u00e9s de moi. Ils m&#8217;ont mis sur un genre de mini brancard. \u00ab Un brancard \u00bb, c&#8217;est un esp\u00e8ce de&#8230; Comment dire ? Un lit mobile sur lequel on met les patients. On utilise ce mot dans le cadre des interventions d&#8217;urgence sur la route, mais c&#8217;est aussi le m\u00eame mot pour d\u00e9signer le lit. Ce n&#8217;est pas un lit tr\u00e8s confortable, c&#8217;est un lit qui permet de d\u00e9placer les patients, par exemple, \u00e0 l&#8217;int\u00e9rieur de l&#8217;h\u00f4pital. Donc, ils m&#8217;ont mis sur cette esp\u00e8ce de mini brancard, voil\u00e0, o\u00f9 ils m&#8217;ont expliqu\u00e9 comment ils allaient faire. \u00ab Un, deux, trois, on y va \u00bb. Et ensuite, dans leur camion avec l&#8217;alarme. \u00ab Pin Pon Pin Pon \u00bb. Et ils m&#8217;ont expliqu\u00e9 qu&#8217;ils m&#8217;amenaient \u00e0 l&#8217;h\u00f4pital le plus proche, qui \u00e9tait le CHU de Purepand, \u00e0 Toulouse. Maintenant que j&#8217;y pense, ce n&#8217;\u00e9tait peut-\u00eatre pas le plus proche, mais en tout cas, c&#8217;\u00e9tait l&#8217;h\u00f4pital qui avait \u00e9t\u00e9 d\u00e9sign\u00e9 pour m&#8217;accueillir.<\/p>\n\n\n<a id=\"sonaar_ts-6927c8621f3e3\" class=\"srmp3_sonaar_ts_shortcode\"  style=\"\" href=\"javascript:sonaar_ts_shortcode({ trackid:'0', time:'00:10:21', ts_id:'6927c8621f3e3', play_icon:'' }) ;\">[00:10:21]<\/a>\n\n\n\n<p>C&#8217;est donc \u00e0 ce moment-l\u00e0 que je suis arriv\u00e9e avec eux aux urgences. Les urgences, je pense que c&#8217;est pas tr\u00e8s difficile \u00e0 comprendre, c&#8217;est le service \u00e0 l&#8217;h\u00f4pital o\u00f9 les m\u00e9decins trient les personnes qui doivent \u00eatre soign\u00e9es le plus vite possible. Alors, d\u00e8s que je suis arriv\u00e9e, la premi\u00e8re chose qui s&#8217;est pass\u00e9e, c&#8217;est qu&#8217;on m&#8217;a donn\u00e9 beaucoup de calmants, de tranquillisants, d&#8217;antalgiques, bref, de substances qui permettent de contr\u00f4ler la douleur. Je me rappelle plus exactement du terme qui a \u00e9t\u00e9 utilis\u00e9 \u00e0 ce moment-l\u00e0 parce que j&#8217;\u00e9tais dans les vapes. J&#8217;\u00e9tais un peu dans un \u00e9tat seconde \u00e0 cause de la douleur, donc ma m\u00e9moire n&#8217;est pas si exacte. Et les pompiers, eux, ils avaient pas l&#8217;autorit\u00e9 de me donner quelconque substance chimique, donc, jusqu&#8217;\u00e0 mon arriv\u00e9e \u00e0 l&#8217;h\u00f4pital, c&#8217;\u00e9tait seulement l&#8217;adr\u00e9naline produite naturellement qui me permettait de tenir. Alors, d\u00e8s qu&#8217;on est arriv\u00e9 aux urgences, Guy, qui avait tr\u00e8s bien suivi mon \u00e9volution, a demand\u00e9 aux infirmi\u00e8res et aux m\u00e9decins de me donner quelque chose de puissant. Je crois qu&#8217;on m&#8217;a donn\u00e9 de la morphine et on m&#8217;a fait respirer du gaz hilarant. Donc apr\u00e8s \u00e7a, je planais, voil\u00e0, je me rappelle que j&#8217;ai dit au revoir aux pompiers d&#8217;une mani\u00e8re tr\u00e8s amicale en criant : \u00ab merci les gars ! \u00bb Donc voil\u00e0, c&#8217;\u00e9tait assez rigolo malgr\u00e9 la douleur.<\/p>\n\n\n<a id=\"sonaar_ts-6927c8621f3ee\" class=\"srmp3_sonaar_ts_shortcode\"  style=\"\" href=\"javascript:sonaar_ts_shortcode({ trackid:'0', time:'00:11:58', ts_id:'6927c8621f3ee', play_icon:'' }) ;\">[00:11:58]<\/a>\n\n\n\n<p>Donc l\u00e0, il \u00e9tait tard le soir puisque l&#8217;accidsent avait eu lieu \u00e0 20h30 et on m&#8217;a fait passer par diff\u00e9rents services, diff\u00e9rents sp\u00e9cialistes pour me faire des examens. Je ne sais plus si c&#8217;\u00e9tait des radio, radiographies qu&#8217;on m&#8217;a fait ou peut-\u00eatre que c&#8217;\u00e9tait plut\u00f4t une IRM, Imagerie, Radiographie. Enfin, dans tous les cas, on m&#8217;a fait des examens pour voir comment \u00e9taient mes os, mais aussi s&#8217;il n&#8217;y avait pas d&#8217;autres probl\u00e8mes comme un un traumatisme cr\u00e2nien, un probl\u00e8me au niveau des organes, mais non, il y avait, entre guillemets, seulement mon os au niveau du tibia qui \u00e9tait vraiment ab\u00eem\u00e9. Alors, on a fini, apr\u00e8s les examens par m&#8217;emmener \u00e0 l&#8217;unit\u00e9 de traumatologie. L\u00e0-bas, j&#8217;ai pass\u00e9 la nuit dans une chambre individuelle compl\u00e8tement shoot\u00e9e \u00e0 la morphine et on m&#8217;a programm\u00e9 une op\u00e9ration pour le demain matin. Une fois l&#8217;op\u00e9ration pass\u00e9e, je suis rest\u00e9e une nuit de plus en chambre individuelle, puis je suis rentr\u00e9e chez moi et l\u00e0, j&#8217;ai eu deux mois de r\u00e9cup\u00e9ration.<\/p>\n\n\n<a id=\"sonaar_ts-6927c8621f3fc\" class=\"srmp3_sonaar_ts_shortcode\"  style=\"\" href=\"javascript:sonaar_ts_shortcode({ trackid:'0', time:'00:13:13', ts_id:'6927c8621f3fc', play_icon:'' }) ;\">[00:13:13]<\/a>\n\n\n\n<p>C&#8217;\u00e9tait deux mois pendant lesquelles j&#8217;\u00e9tais en arr\u00eat de travail et pendant lesquelles je recevais des soins \u00e0 domicile. Donc, j&#8217;avais une infirmi\u00e8re qui passait trois fois par semaine pour changer mes pansements et me faire des piq\u00fbres. Et J&#8217;avais aussi un kin\u00e9, un kin\u00e9sith\u00e9rapeute qui passait deux fois par semaine. Le kin\u00e9sith\u00e9rapeute, c&#8217;est un soignant qui accompagne dans la r\u00e9\u00e9ducation pour r\u00e9apprendre \u00e0 bouger, pour se refaire les muscles. Apr\u00e8s deux mois, je pouvais marcher sans b\u00e9quilles et je suis donc partie en voyage, \u00e7a, vous le savez, ma r\u00e9\u00e9ducation \u00e9tait loin d&#8217;\u00eatre finie, mais j&#8217;ai continu\u00e9 par moi-m\u00eame et je pense que je vous en ai d\u00e9j\u00e0 parl\u00e9.<\/p>\n\n\n<a id=\"sonaar_ts-6927c8621f402\" class=\"srmp3_sonaar_ts_shortcode\"  style=\"\" href=\"javascript:sonaar_ts_shortcode({ trackid:'0', time:'00:14:03', ts_id:'6927c8621f402', play_icon:'' }) ;\">[00:14:03]<\/a>\n\n\n\n<p>Donc \u00e7a, c&#8217;\u00e9tait pour la premi\u00e8re hospitalisation pour laquelle je suis pass\u00e9e par le service des urgences. Pour ma deuxi\u00e8me hospitalisation, en janvier, c&#8217;\u00e9tait tr\u00e8s diff\u00e9rent pour plusieurs raisons. La premi\u00e8re, c&#8217;est que c&#8217;\u00e9tait une op\u00e9ration qui \u00e9tait pr\u00e9vue. J&#8217;avais donc un rendez-vous et je suis venu par mes propres moyens. J&#8217;aurais pu demander \u00e0 \u00eatre emmen\u00e9e par un taxi sp\u00e9cialis\u00e9 qui aurait \u00e9t\u00e9 rembours\u00e9 par la S\u00e9curit\u00e9 sociale, mais j&#8217;ai pr\u00e9f\u00e9r\u00e9 demander \u00e0 ma s\u0153ur de m&#8217;accompagner puisqu&#8217;elle \u00e9tait venue \u00e0 Toulouse expr\u00e8s pour \u00eatre avec moi pendant ma r\u00e9cup\u00e9ration.<\/p>\n\n\n<a id=\"sonaar_ts-6927c8621f407\" class=\"srmp3_sonaar_ts_shortcode\"  style=\"\" href=\"javascript:sonaar_ts_shortcode({ trackid:'0', time:'00:14:46', ts_id:'6927c8621f407', play_icon:'' }) ;\">[00:14:46]<\/a>\n\n\n\n<p>Alors ensuite, la deuxi\u00e8me grosse diff\u00e9rence entre ma premi\u00e8re et ma deuxi\u00e8me op\u00e9ration, c&#8217;est que la deuxi\u00e8me fois, c&#8217;\u00e9tait une chirurgie en ambulatoire. \u00ab L&#8217;ambulatoire \u00bb, c&#8217;est le service qui s&#8217;occupe d&#8217;accueillir les patients qui se font op\u00e9rer pendant la journ\u00e9e et qui ne restent pas dormir \u00e0 l&#8217;h\u00f4pital. Ce mot, \u00ab ambulatoire a la m\u00eame racine que le nom \u00ab ambulance \u00bb, qui d\u00e9signe un v\u00e9hicule qui transporte des patients et dont je vous parlerai plus dans la deuxi\u00e8me partie. Cette racine vient du latin et fait r\u00e9f\u00e9rence \u00e0 la mobilit\u00e9, au d\u00e9placement. Il y a d&#8217;autres mots qui font partie de la m\u00eame famille, comme l&#8217;adjectif \u00ab ambulant \u00bb qui d\u00e9signe quelque chose qui bouge, on peut dire par exemple \u00ab un vendeur ambulant \u00bb ou m\u00eame dans le verbe \u00ab d\u00e9ambuler \u00bb, qui veut dire marcher sans but pr\u00e9cis. Bref, quand on entre en chirurgie ambulatoire, \u00e7a veut dire qu&#8217;on va rester \u00e0 l&#8217;h\u00f4pital moins de 12 heures, car on sera capable de bouger assez rapidement.<\/p>\n\n\n<a id=\"sonaar_ts-6927c8621f40d\" class=\"srmp3_sonaar_ts_shortcode\"  style=\"\" href=\"javascript:sonaar_ts_shortcode({ trackid:'0', time:'00:16:02', ts_id:'6927c8621f40d', play_icon:'' }) ;\">[00:16:02]<\/a>\n\n\n\n<p>Alors, \u00e7a, c&#8217;est ce qui \u00e9tait pr\u00e9vu, parce qu&#8217;il s&#8217;agissait d&#8217;une op\u00e9ration assez simple, avec peu de complications normalement et une r\u00e9cup\u00e9ration rapide. Alors, la veille, j&#8217;ai re\u00e7u un appel du secr\u00e9tariat qui m&#8217;a dit qu&#8217;il fallait que je vienne \u00e0 14h00. Et quelques jours avant, j&#8217;avais d\u00e9j\u00e0 eu un rendez-vous en visio, en t\u00e9l\u00e9conf\u00e9rence, avec l&#8217;anesth\u00e9siste qui est la personne qui s&#8217;occupe de faire en sorte qu&#8217;on n&#8217;ait pas de douleur pendant l&#8217;op\u00e9ration. Donc, on a un rendez-vous avec lui avant pour pouvoir savoir si on n&#8217;a pas d&#8217;allergie, pour qu&#8217;il puisse nous prescrire des m\u00e9dicaments, pour qu&#8217;on puisse poser des questions, etc. Donc, jusqu&#8217;ici, plut\u00f4t bien organis\u00e9.<\/p>\n\n\n<a id=\"sonaar_ts-6927c8621f412\" class=\"srmp3_sonaar_ts_shortcode\"  style=\"\" href=\"javascript:sonaar_ts_shortcode({ trackid:'0', time:'00:16:56', ts_id:'6927c8621f412', play_icon:'' }) ;\">[00:16:56]<\/a>\n\n\n\n<p>Alors, le jour de l&#8217;op\u00e9ration, je suis arriv\u00e9 comme pr\u00e9vu \u00e0 14h00 au service ambulatoire et l\u00e0, les choses ont commenc\u00e9 \u00e0 se compliquer. J&#8217;ai attendu assez longtemps dans une salle d&#8217;attente. Je ne sais pas combien de temps \u00e7a a dur\u00e9, mais c&#8217;\u00e9tait assez long et puis ensuite, on m&#8217;a emmen\u00e9 dans une chambre partag\u00e9e, donc une chambre tr\u00e8s simple, petite, o\u00f9 il y avait une autre patiente qui \u00e9tait l\u00e0. Et l\u00e0, on m&#8217;a encore fait attendre. \u00c7a a dur\u00e9 plusieurs heures. Ensuite, on m&#8217;a emmen\u00e9e. On m&#8217;a encore fait attendre avant de rentrer dans le bloc. Et finalement, j&#8217;ai \u00e9t\u00e9 op\u00e9r\u00e9e, je pense, \u00e0 17h30, quelque chose comme \u00e7a. En tout cas, j&#8217;\u00e9tais en salle de r\u00e9veil puisque j&#8217;avais eu une anesth\u00e9sie g\u00e9n\u00e9rale. L&#8217;anesth\u00e9sie g\u00e9n\u00e9rale, \u00e7a veut dire qu&#8217;on est compl\u00e8tement endormi pendant l&#8217;op\u00e9ration. Et il \u00e9tait quand m\u00eame tard quand je suis arriv\u00e9e en salle de r\u00e9veil. Et le probl\u00e8me, c&#8217;est que le service ambulatoire, et bah il ferme \u00e0 la fin de la journ\u00e9e.<\/p>\n\n\n<a id=\"sonaar_ts-6927c8621f417\" class=\"srmp3_sonaar_ts_shortcode\"  style=\"\" href=\"javascript:sonaar_ts_shortcode({ trackid:'0', time:'00:18:04', ts_id:'6927c8621f417', play_icon:'' }) ;\">[00:18:04]<\/a>\n\n\n\n<p>Donc, le probl\u00e8me, \u00e7a a \u00e9t\u00e9 que quand je me suis r\u00e9veill\u00e9e, j&#8217;avais quand m\u00eame assez mal, il me fallait quelques heures pour r\u00e9cup\u00e9rer avant de pouvoir m&#8217;habiller et rentrer chez moi. Donc, on a \u00e9t\u00e9 oblig\u00e9, finalement, de me laisser passer une nuit \u00e0 l&#8217;h\u00f4pital en me changeant de service. Donc voil\u00e0, je suis all\u00e9e au service traumatologie. Et c&#8217;\u00e9tait plut\u00f4t bien, finalement, parce que m\u00eame si au d\u00e9but, j&#8217;avais envie de rentrer chez moi, en fait, c&#8217;\u00e9tait bien d&#8217;avoir du personnel param\u00e9dical, donc des infirmier\u00b7es, et des aides-soignant\u00b7es pour m&#8217;aider. Les infirmier\u00b7es, c&#8217;est ceux qui administrent les m\u00e9dicaments et les aides-soignant\u00b7es, c&#8217;est ceux qui vont donner \u00e0 manger, aider \u00e0 prendre la douche, des choses comme \u00e7a. Et finalement, m\u00eame si c&#8217;\u00e9tait une petite op\u00e9ration et que je me suis remise assez vite, j&#8217;avais quand m\u00eame besoin d&#8217;assistance au d\u00e9but. Donc, voil\u00e0, pendant une nuit, j&#8217;ai eu de l&#8217;assistance professionnelle. Et ensuite, heureusement, il y avait ma s\u0153ur qui \u00e9tait chez moi et pendant \u00e0 peu pr\u00e8s deux semaines, elle m&#8217;a aid\u00e9e, elle a pr\u00e9par\u00e9 les repas, elle m&#8217;apportait des choses, etc. Et voil\u00e0. Apr\u00e8s, je me suis remise. Maintenant, j&#8217;ai encore des s\u00e9ances de kin\u00e9 et je dois faire attention \u00e0 mes cicatrices, mais globalement, trois, quatre semaines apr\u00e8s, \u00e7a va beaucoup mieux et je peux reprendre le sport petit \u00e0 petit.<\/p>\n\n\n<a id=\"sonaar_ts-6927c8621f41c\" class=\"srmp3_sonaar_ts_shortcode\"  style=\"\" href=\"javascript:sonaar_ts_shortcode({ trackid:'0', time:'00:19:50', ts_id:'6927c8621f41c', play_icon:'' }) ;\">[00:19:50]<\/a>\n\n\n\n<p>Maintenant que je vous ai parl\u00e9 de mon exp\u00e9rience r\u00e9cente avec l&#8217;h\u00f4pital, on va revenir sur certains points que j&#8217;ai \u00e9voqu\u00e9s afin de g\u00e9n\u00e9raliser et de vous expliquer mieux comment \u00e7a fonctionne. Alors commen\u00e7ons par l&#8217;h\u00f4pital. Je vous ai dit que j&#8217;avais \u00e9t\u00e9 emmen\u00e9e au CHU de Purpan \u00e0 Toulouse. CHU, ce sont les initiales de Centre Hospitalier Universitaire. C&#8217;est un \u00e9tablissement qui est en lien avec une universit\u00e9 de m\u00e9decine. On y est soign\u00e9 par des m\u00e9decins titulaires qui sont accompagn\u00e9s par des m\u00e9decins en formation. C&#8217;est un \u00e9tablissement public qui est financ\u00e9 en grande partie par l&#8217;\u00c9tat. Je pr\u00e9cise que pour tous les soins dont je vous ai parl\u00e9, les pompiers, les urgences, les op\u00e9rations, etc, je n&#8217;ai pas pay\u00e9 un seul centime. La majorit\u00e9 de ces soins ont \u00e9t\u00e9 pay\u00e9s par l&#8217;Assurance Maladie, la S\u00e9curit\u00e9 Sociale, et ce qu&#8217;elle ne payait pas, c&#8217;est la Mutuelle qui a pay\u00e9. Quand je parle d&#8217;Assurance maladie ou de S\u00e9cu, S\u00e9curit\u00e9 Sociale, je fais r\u00e9f\u00e9rence \u00e0 la m\u00eame chose : c&#8217;est le syst\u00e8me de financement de la sant\u00e9 qui est assur\u00e9 par l&#8217;\u00c9tat. Et si vous voulez plus d&#8217;informations sur \u00e7a et aussi sur ce qu&#8217;est la mutuelle, vous pouvez r\u00e9\u00e9couter l&#8217;\u00e9pisode 79 que Hugo avait fait il y a quelques ann\u00e9es. \u00c7a n&#8217;a pas chang\u00e9, changer globalement. Peut-\u00eatre qu&#8217;il y a quelques choses, quelques petits d\u00e9tails qui ont chang\u00e9, mais le syst\u00e8me est quand m\u00eame rest\u00e9 \u00e0 peu pr\u00e8s le m\u00eame.<\/p>\n\n\n<a id=\"sonaar_ts-6927c8621f421\" class=\"srmp3_sonaar_ts_shortcode\"  style=\"\" href=\"javascript:sonaar_ts_shortcode({ trackid:'0', time:'00:21:38', ts_id:'6927c8621f421', play_icon:'' }) ;\">[00:21:38]<\/a>\n\n\n\n<p>Revenons-en \u00e0 nos moutons. J&#8217;ai donc \u00e9t\u00e9 hospitalis\u00e9e dans un h\u00f4pital public, plus pr\u00e9cis\u00e9ment un centre universitaire. J&#8217;aurais aussi pu \u00eatre soign\u00e9e dans un h\u00f4pital public basique qui n&#8217;a pas de convention avec une universit\u00e9 ou encore une autre option aurait \u00e9t\u00e9 un h\u00f4pital priv\u00e9. Plus commun\u00e9ment appel\u00e9 une clinique. En g\u00e9n\u00e9ral, en effet, dans le langage courant, si on dit juste \u00ab h\u00f4pital \u00bb, on pense plut\u00f4t au public, alors que pour le priv\u00e9, on a tendance \u00e0 dire \u00ab clinique \u00bb. Les cliniques, c&#8217;est des \u00e9tablissements \u00e0 but lucratif dont l&#8217;objectif est de gagner de l&#8217;argent, mais \u00e7a reste un endroit qui est conventionn\u00e9 avec l&#8217;\u00c9tat, donc o\u00f9 certains frais sont assur\u00e9s par l&#8217;assurance maladie, mais o\u00f9 \u00e7a d\u00e9passe souvent le plafond. Donc, quand on va dans une clinique, il faut soit avoir une assurance priv\u00e9e en plus, soit avoir de l&#8217;argent personnel pour payer des choses en plus. Mais en m\u00eame temps, souvent dans les cliniques, les soins sont un peu&#8230; Comment dire ? Il y a plus de personnel, on peut avoir des m\u00e9decins plus r\u00e9put\u00e9s, on peut avoir des chambres plus spacieuses, etc.<\/p>\n\n\n<a id=\"sonaar_ts-6927c8621f438\" class=\"srmp3_sonaar_ts_shortcode\"  style=\"\" href=\"javascript:sonaar_ts_shortcode({ trackid:'0', time:'00:23:02', ts_id:'6927c8621f438', play_icon:'' }) ;\">[00:23:02]<\/a>\n\n\n\n<p>Apr\u00e8s, beaucoup de cliniques n&#8217;ont pas de services d&#8217;urgence et en g\u00e9n\u00e9ral, quand elles ont un service d&#8217;urgence, c&#8217;est plafonn\u00e9. Enfin, bon, dans tous les cas, pour moi, il n&#8217;y avait aucune raison d&#8217;aller dans une clinique. L&#8217;h\u00f4pital public m&#8217;allait tr\u00e8s bien et c&#8217;est donc l\u00e0 o\u00f9 les pompiers m&#8217;ont conduit.<\/p>\n\n\n<a id=\"sonaar_ts-6927c8621f441\" class=\"srmp3_sonaar_ts_shortcode\"  style=\"\" href=\"javascript:sonaar_ts_shortcode({ trackid:'0', time:'00:23:23', ts_id:'6927c8621f441', play_icon:'' }) ;\">[00:23:23]<\/a>\n\n\n\n<p>Ensuite, justement, en parlant des pompiers, un petit point sur les services publics qui se d\u00e9placent quand on a un probl\u00e8me. En France, il y a trois num\u00e9ros d&#8217;urgence qu&#8217;on nous fait apprendre par c\u0153ur quand on est petit. Pour le SAMU, il faut composer le 15, pour la police, il faut composer le 17 et pour les pompiers, il faut composer le 18. Les pompiers, on les appelle quand il y a une situation d&#8217;urgence vitale. Par exemple, s&#8217;il y a un feu ou si quelqu&#8217;un est tomb\u00e9 et qu&#8217;il a l&#8217;air d&#8217;aller vraiment tr\u00e8s mal, ou encore pour les accidents de la route. Quand il y a un accident et qu&#8217;il y a des personnes qui sont bless\u00e9es au milieu de la voie publique, l\u00e0, c&#8217;est s\u00fbr, il faut appeler les pompiers. Quand il y a une situation d&#8217;urgence, mais o\u00f9 on n&#8217;a pas l&#8217;impression que c&#8217;est une urgence vitale, par exemple quand on est tomb\u00e9 chez soi, quand on est malade et qu&#8217;on se tort de douleur chez soi, mais qu&#8217;il n&#8217;y a pas de saignement, mais qu&#8217;en m\u00eame temps, on ne peut pas aller chez le g\u00e9n\u00e9raliste. L\u00e0, on appelle le SAMU.<\/p>\n\n\n<a id=\"sonaar_ts-6927c8621f447\" class=\"srmp3_sonaar_ts_shortcode\"  style=\"\" href=\"javascript:sonaar_ts_shortcode({ trackid:'0', time:'00:24:43', ts_id:'6927c8621f447', play_icon:'' }) ;\">[00:24:43]<\/a>\n\n\n\n<p>Le g\u00e9n\u00e9raliste, c&#8217;est le m\u00e9decin g\u00e9n\u00e9raliste, c&#8217;est le docteur qui a un cabinet en ville ou alors celui qui se d\u00e9place dans la semaine, dans la journ\u00e9e, pour aller voir ses patients \u00e0 la campagne. En g\u00e9n\u00e9ral, on va voir son g\u00e9n\u00e9raliste quand on est malade, mais parfois, on est tellement mal ou alors on ne peut tellement pas se d\u00e9placer que l\u00e0, on appelle le SAMU. Le SAMU et les pompiers, ce sont les deux num\u00e9ros qui permettent d&#8217;avoir des soins tr\u00e8s rapidement et qui peuvent vous emmener aux urgences. Je vous avais dit qu&#8217;on parlerait de nouveau de l&#8217;ambulance. C&#8217;est \u00e7a. Le SAMU, ils peuvent envoyer une ambulance qui ensuite nous am\u00e8ne aux urgences.<\/p>\n\n\n<a id=\"sonaar_ts-6927c8621f44c\" class=\"srmp3_sonaar_ts_shortcode\"  style=\"\" href=\"javascript:sonaar_ts_shortcode({ trackid:'0', time:'00:25:36', ts_id:'6927c8621f44c', play_icon:'' }) ;\">[00:25:36]<\/a>\n\n\n\n<p>Et enfin, une derni\u00e8re possibilit\u00e9 pour aller aux urgences, c&#8217;est d&#8217;y aller par soi-m\u00eame. Et je vais vous raconter un petit truc. C&#8217;est que j&#8217;ai eu un accident de la route quand j&#8217;avais six ans. Oui, un autre accident. Je n&#8217;ai pas beaucoup de chance. C&#8217;est mon voisin qui m&#8217;a roul\u00e9 dessus avec sa voiture alors que je jouais devant chez moi. Bref. Et \u00e0 ce moment-l\u00e0, mes parents, ils n&#8217;ont pas appel\u00e9 les pompiers, mais ils m&#8217;ont install\u00e9e, allong\u00e9e dans la voiture et ils m&#8217;ont emmen\u00e9e eux-m\u00eames aux urgences parce qu&#8217;on habitait \u00e0 moins de 10 minutes en voiture de l&#8217;h\u00f4pital et que comme j&#8217;\u00e9tais une enfant, c&#8217;\u00e9tait tr\u00e8s facile de me soulever pour me d\u00e9placer.<\/p>\n\n\n<a id=\"sonaar_ts-6927c8621f453\" class=\"srmp3_sonaar_ts_shortcode\"  style=\"\" href=\"javascript:sonaar_ts_shortcode({ trackid:'0', time:'00:26:24', ts_id:'6927c8621f453', play_icon:'' }) ;\">[00:26:24]<\/a>\n\n\n\n<p>Donc, voil\u00e0, je pense qu&#8217;on a fait un point assez large, m\u00eame s&#8217;il y aurait toujours plein d&#8217;autres trucs \u00e0 dire. Vous savez maintenant qu&#8217;il y a plusieurs sortes d&#8217;h\u00f4pitaux. Vous savez ce que c&#8217;est qu&#8217;une clinique. Vous savez \u00e0 quoi servent les pompiers, \u00e0 quoi sert le SAMU. Donc, on va passer \u00e0 la derni\u00e8re partie qui est de d\u00e9crire un peu plus quels sont les d\u00e9fis pour tout ce syst\u00e8me dans les ann\u00e9es \u00e0 venir.<\/p>\n\n\n<a id=\"sonaar_ts-6927c8621f457\" class=\"srmp3_sonaar_ts_shortcode\"  style=\"\" href=\"javascript:sonaar_ts_shortcode({ trackid:'0', time:'00:27:02', ts_id:'6927c8621f457', play_icon:'' }) ;\">[00:27:02]<\/a>\n\n\n\n<p>Alors, j&#8217;ai fait des parties qui ne sont pas tr\u00e8s \u00e9quilibr\u00e9es. Je vous avoue que \u00e7a m&#8217;a un peu amus\u00e9e de vous raconter mon t\u00e9moignage et je pense que \u00e7a pouvait \u00eatre int\u00e9ressant que vous ayez du vocabulaire et des informations \u00e0 travers mon exp\u00e9rience. Donc, je vais aller assez rapidement sur la derni\u00e8re partie. C&#8217;est vraiment une ouverture peut-\u00eatre sur un futur sujet. Donc n&#8217;h\u00e9sitez pas en commentaire \u00e0 nous dire si vous voulez qu&#8217;on fasse un sujet plus d\u00e9taill\u00e9 et plus creus\u00e9 sur les d\u00e9fis politiques et \u00e9conomiques du syst\u00e8me de sant\u00e9 en France. Mais en gros, les choses que je voulais vous dire, c&#8217;\u00e9tait que d\u00e9j\u00e0, ce sur quoi j&#8217;ai termin\u00e9 \u00e0 la fin, l\u00e0, sur les urgences, ce n&#8217;est pas tout \u00e0 fait vrai, parce que quand j&#8217;ai eu mon accident, quand j&#8217;\u00e9tais petite, c&#8217;\u00e9tait il y a 25 ans.<\/p>\n\n\n<a id=\"sonaar_ts-6927c8621f460\" class=\"srmp3_sonaar_ts_shortcode\"  style=\"\" href=\"javascript:sonaar_ts_shortcode({ trackid:'0', time:'00:28:07', ts_id:'6927c8621f460', play_icon:'' }) ;\">[00:28:07]<\/a>\n\n\n\n<p>Depuis, les urgences sont compl\u00e8tement engorg\u00e9es, elles sont satur\u00e9es. Quand on y va, on peut attendre pendant plus de 10 heures avant qu&#8217;on s&#8217;occupe de nous. Et donc, il y a beaucoup de recommandations qui demandent d&#8217;\u00e9viter le plus possible d&#8217;aller aux urgences. Alors, comment on \u00e9vite le plus possible d&#8217;aller aux urgences ? Premi\u00e8rement, on essaye d&#8217;aller voir son m\u00e9decin g\u00e9n\u00e9raliste. Le probl\u00e8me, c&#8217;est qu&#8217;on manque cruellement de m\u00e9decins g\u00e9n\u00e9ralistes en France. Il y a ce qu&#8217;on appelle une p\u00e9nurie \u00e0 cause de la mani\u00e8re dont les m\u00e9decins ont \u00e9t\u00e9 form\u00e9s pendant longtemps. Pendant longtemps, il y avait ce qu&#8217;on appelait le numerus clausus, qui faisait qu&#8217;il y seulement un nombre limit\u00e9 de m\u00e9decins qui \u00e9taient form\u00e9s en France. Le probl\u00e8me, c&#8217;est que les besoins en sant\u00e9 ont \u00e9t\u00e9 mal pronostiqu\u00e9s et que l\u00e0, on est dans une situation o\u00f9, comme la population est vieillissante et qu&#8217;il y a aussi plein d&#8217;autres facteurs, on a beaucoup plus besoin de soins m\u00e9dicaux. Donc maintenant, on n&#8217;a plus assez de m\u00e9decins. Il y a des endroits en France, notamment, qu&#8217;on appelle les d\u00e9serts m\u00e9dicaux, qui sont des endroits o\u00f9 les gens ne peuvent pas se faire soigner. Ils ne peuvent pas avoir de g\u00e9n\u00e9ralistes, mais ils ont aussi extr\u00eamement de mal \u00e0 voir des sp\u00e9cialistes. \u00c7a peut prendre des mois d&#8217;avoir un rendez-vous. Et donc, quand il y a eu une urgence, en g\u00e9n\u00e9ral, on ne peut pas r\u00e9ussir \u00e0 voir un m\u00e9decin de ville comme \u00e7a.<\/p>\n\n\n<a id=\"sonaar_ts-6927c8621f465\" class=\"srmp3_sonaar_ts_shortcode\"  style=\"\" href=\"javascript:sonaar_ts_shortcode({ trackid:'0', time:'00:29:57', ts_id:'6927c8621f465', play_icon:'' }) ;\">[00:29:57]<\/a>\n\n\n\n<p>La deuxi\u00e8me chose qu&#8217;on nous demande de faire pour \u00e9viter de surcharger les urgences, c&#8217;est de toujours appeler le SAMU avant d&#8217;aller aux urgences par soi-m\u00eame. Voil\u00e0. C&#8217;est toujours possible d&#8217;aller aux urgences par soi-m\u00eame, mais il est fortement recommand\u00e9 de ne pas le faire. Donc, on doit d&#8217;abord appeler le SAMU pour expliquer ce qu&#8217;on a et ensuite, ils vont nous dire d&#8217;aller aux urgences ou pas. Le probl\u00e8me, c&#8217;est que le SAMU est tellement surcharg\u00e9 et les agents qui re\u00e7oivent les appels sont tellement peu form\u00e9s et le m\u00e9tier est tellement stressant qu&#8217;ils restent tellement peu longtemps, qu&#8217;il y a malheureusement beaucoup, beaucoup de faits divers qui sont tr\u00e8s malheureux, dans lesquels on apprend que des personnes qui \u00e9taient en situation vitale n&#8217;ont pas bien \u00e9t\u00e9 pris en charge. Et donc, le SAMU n&#8217;a pas voulu leur envoyer d&#8217;ambulances ou m\u00eame, il y a des histoires de patients qui finissent par aller aux urgences par eux-m\u00eames et qui ne sont quand m\u00eame pas pris en charge aux urgences. L\u00e0, quand je faisais mes recherches, juste pour v\u00e9rifier quelques informations sur les chiffres, sur le fonctionnement, je suis tomb\u00e9e sur beaucoup d&#8217;informations sur des cas particuliers de personnes qui \u00e9taient mortes \u00e0 cause d&#8217;un probl\u00e8me avec soit le SAMU, soit qui sont rest\u00e9es dans un couloir aux urgences pendant longtemps.<\/p>\n\n\n<a id=\"sonaar_ts-6927c8621f46a\" class=\"srmp3_sonaar_ts_shortcode\"  style=\"\" href=\"javascript:sonaar_ts_shortcode({ trackid:'0', time:'00:31:36', ts_id:'6927c8621f46a', play_icon:'' }) ;\">[00:31:36]<\/a>\n\n\n\n<p>Donc voil\u00e0, c&#8217;est un peu la situation actuelle et les d\u00e9fis qui attendent la France aujourd&#8217;hui, c&#8217;est celui du financement du service hospitalier. Il y a un probl\u00e8me parce qu&#8217;on manque beaucoup d&#8217;argent au niveau de la S\u00e9curit\u00e9 Sociale et que l&#8217;\u00c9tat a mis en un syst\u00e8me de management qui est inspir\u00e9 des \u00c9tats-Unis et qui a tendance, d&#8217;un c\u00f4t\u00e9, \u00e0 donner une impression de meilleur management avec la possibilit\u00e9 de faire des \u00e9conomies, mais d&#8217;un autre c\u00f4t\u00e9 qui surcharge le personnel, et ce qui fait qu&#8217;il manque de personnel pour pouvoir assurer les soins. Et notamment, je terminerai par \u00e7a, en 2019, il y avait eu des grosses manifestations et gr\u00e8ves de personnel hospitalier qui avaient alert\u00e9 sur la fermeture de certains services, sur aussi la suppression de certains lits, notamment parce que l&#8217;\u00c9tat essaye de multiplier le plus possible les services ambulatoires. Et il n&#8217;y avait pas eu beaucoup de r\u00e9actions de la part du gouvernement. Ce qui fait qu&#8217;apr\u00e8s, quand on a eu le Covid, \u00e7a a \u00e9t\u00e9 assez compliqu\u00e9. Il y a des dysfonctionnements du syst\u00e8me qui ont \u00e9t\u00e9 mis en lumi\u00e8re.<\/p>\n\n\n<a id=\"sonaar_ts-6927c8621f473\" class=\"srmp3_sonaar_ts_shortcode\"  style=\"\" href=\"javascript:sonaar_ts_shortcode({ trackid:'0', time:'00:33:12', ts_id:'6927c8621f473', play_icon:'' }) ;\">[00:33:12]<\/a>\n\n\n\n<p>Mais j&#8217;ai survol\u00e9 cette derni\u00e8re partie assez vite. Dites-nous si \u00e7a vous int\u00e9resserait d&#8217;en savoir plus avec plus de d\u00e9tails. Pour cela, il faudrait qu&#8217;on fasse des super grosses recherches parce que c&#8217;est tr\u00e8s compliqu\u00e9, mais c&#8217;est s\u00fbr que c&#8217;est un un sujet qui est int\u00e9ressant et qui revient tr\u00e8s souvent dans l&#8217;actualit\u00e9 et o\u00f9, pour le coup, c&#8217;est assez difficile de se forger une opinion sur ce qui est bien, ce qui n&#8217;est pas bien, puisque c&#8217;est s\u00fbr qu&#8217;il y a un probl\u00e8me \u00e9conomique, qu&#8217;il faut faire des \u00e9conomies, mais c&#8217;est aussi s\u00fbr qu&#8217;il y a un probl\u00e8me au niveau de la prise en charge et que le niveau de soins a tendance \u00e0 se d\u00e9grader. Alors, bien s\u00fbr, comme souvent, si on se compare \u00e0 des pays qui sont, entre guillemets, moins d\u00e9velopp\u00e9s, on peut se dire qu&#8217;en France, on est plut\u00f4t bien lotis, mais les m\u00e9decins tirent la sonnette d&#8217;alarme. Et voil\u00e0, quand on se retrouve \u00e0 l&#8217;h\u00f4pital, on se rend vite compte de certains dysfonctionnements. Notamment, je sais que si j&#8217;ai attendu longtemps, c&#8217;est parce qu&#8217;il n&#8217;y avait pas assez de personnel. Ensuite, certains de mes soins qui auraient d\u00fb \u00eatre faits \u00e0 h\u00f4pital, on me les a faits \u00e0 la maison. Heureusement qu&#8217;il y avait ma s\u0153ur pour moi. Et moi, je suis jeune, je suis en bonne sant\u00e9, ce n&#8217;\u00e9tait pas trop grave compar\u00e9 \u00e0 d&#8217;autres. Mais voil\u00e0, parfois, \u00e7a peut \u00eatre compliqu\u00e9.<\/p>\n\n\n<a id=\"sonaar_ts-6927c8621f478\" class=\"srmp3_sonaar_ts_shortcode\"  style=\"\" href=\"javascript:sonaar_ts_shortcode({ trackid:'0', time:'00:34:42', ts_id:'6927c8621f478', play_icon:'' }) ;\">[00:34:42]<\/a>\n\n\n\n<p>Alors, voil\u00e0, je m&#8217;arr\u00eate sur cette note pas tr\u00e8s gaie, mais j&#8217;esp\u00e8re que vous avez appris des choses pendant cet \u00e9pisode et n&#8217;h\u00e9sitez pas \u00e0 me dire en commentaire si \u00e7a vous a plu, si vous avez aim\u00e9 ce format dans auquel j&#8217;ai essay\u00e9 de m\u00e9langer information sur la soci\u00e9t\u00e9 fran\u00e7aise et exp\u00e9rience personnelle. Et surtout, dites-moi si la vitesse \u00e9tait mieux, parce que vous m&#8217;avez dit la derni\u00e8re fois que j&#8217;avais parl\u00e9 trop lentement. Donc l\u00e0, j&#8217;essaye le plus possible de trouver un rythme de croisi\u00e8re. Mais voil\u00e0, tenez-moi au courant. Je vous dis \u00e0 tr\u00e8s bient\u00f4t et encore merci pour votre \u00e9coute. Bye bye.<\/p>\n","protected":false},"excerpt":{"rendered":"<p>\u00catre hospitalis\u00e9e en France. Bonjour tout le monde et bienvenue dans ce nouvel \u00e9pisode. Aujourd&#8217;hui, je vous retrouve pour un \u00e9pisode en solo dans lequel je vais vous parler de l&#8217;h\u00f4pital fran\u00e7ais. Les plus observateurs d&#8217;entre vous ont probablement remarqu\u00e9 un d\u00e9tail important dans le titre, c&#8217;est que j&#8217;ai \u00e9crit le mot \u00ab hospitalis\u00e9e \u00bb&#8230;<\/p>\n","protected":false},"author":17608,"featured_media":289714,"comment_status":"open","ping_status":"open","sticky":false,"template":"","format":[190],"meta":{"_acf_changed":false,"_kad_blocks_custom_css":"","_kad_blocks_head_custom_js":"","_kad_blocks_body_custom_js":"","_kad_blocks_footer_custom_js":"","_kad_post_transparent":"","_kad_post_title":"","_kad_post_layout":"","_kad_post_sidebar_id":"","_kad_post_content_style":"","_kad_post_vertical_padding":"","_kad_post_feature":"","_kad_post_feature_position":"","_kad_post_header":false,"_kad_post_footer":false,"_kad_post_classname":"","footnotes":""},"categories":[168],"tags":[175,172],"class_list":["post-289604","post","type-post","status-publish","format-standard","has-post-thumbnail","hentry","category-podcast","tag-france","tag-societe","format-solo-ingrid"],"acf":[],"taxonomy_info":{"category":[{"value":168,"label":"Podcast"}],"post_tag":[{"value":175,"label":"France"},{"value":172,"label":"Soci\u00e9t\u00e9"}],"format":[{"value":190,"label":"Solo Ingrid"}]},"featured_image_src_large":["https:\/\/innerfrench.com\/wp-content\/uploads\/2025\/02\/hopital-750x406.jpg",750,406,true],"author_info":{"display_name":"Ingrid","author_link":"https:\/\/innerfrench.com\/author\/ingrid_temp\/"},"comment_info":48,"category_info":[{"term_id":168,"name":"Podcast","slug":"podcast","term_group":0,"term_taxonomy_id":168,"taxonomy":"category","description":"","parent":0,"count":185,"filter":"raw","cat_ID":168,"category_count":185,"category_description":"","cat_name":"Podcast","category_nicename":"podcast","category_parent":0}],"tag_info":[{"term_id":175,"name":"France","slug":"france","term_group":0,"term_taxonomy_id":175,"taxonomy":"post_tag","description":"","parent":0,"count":100,"filter":"raw"},{"term_id":172,"name":"Soci\u00e9t\u00e9","slug":"societe","term_group":0,"term_taxonomy_id":172,"taxonomy":"post_tag","description":"","parent":0,"count":94,"filter":"raw"}],"_links":{"self":[{"href":"https:\/\/innerfrench.com\/wp-json\/wp\/v2\/posts\/289604","targetHints":{"allow":["GET"]}}],"collection":[{"href":"https:\/\/innerfrench.com\/wp-json\/wp\/v2\/posts"}],"about":[{"href":"https:\/\/innerfrench.com\/wp-json\/wp\/v2\/types\/post"}],"author":[{"embeddable":true,"href":"https:\/\/innerfrench.com\/wp-json\/wp\/v2\/users\/17608"}],"replies":[{"embeddable":true,"href":"https:\/\/innerfrench.com\/wp-json\/wp\/v2\/comments?post=289604"}],"version-history":[{"count":3,"href":"https:\/\/innerfrench.com\/wp-json\/wp\/v2\/posts\/289604\/revisions"}],"predecessor-version":[{"id":292791,"href":"https:\/\/innerfrench.com\/wp-json\/wp\/v2\/posts\/289604\/revisions\/292791"}],"wp:featuredmedia":[{"embeddable":true,"href":"https:\/\/innerfrench.com\/wp-json\/wp\/v2\/media\/289714"}],"wp:attachment":[{"href":"https:\/\/innerfrench.com\/wp-json\/wp\/v2\/media?parent=289604"}],"wp:term":[{"taxonomy":"category","embeddable":true,"href":"https:\/\/innerfrench.com\/wp-json\/wp\/v2\/categories?post=289604"},{"taxonomy":"post_tag","embeddable":true,"href":"https:\/\/innerfrench.com\/wp-json\/wp\/v2\/tags?post=289604"},{"taxonomy":"format","embeddable":true,"href":"https:\/\/innerfrench.com\/wp-json\/wp\/v2\/format?post=289604"}],"curies":[{"name":"wp","href":"https:\/\/api.w.org\/{rel}","templated":true}]}}