{"id":289610,"date":"2025-05-21T14:16:15","date_gmt":"2025-05-21T12:16:15","guid":{"rendered":"https:\/\/innerfrench.com\/?p=208492"},"modified":"2025-09-25T08:50:23","modified_gmt":"2025-09-25T06:50:23","slug":"e171-les-etudes-superieures-en-france","status":"publish","type":"post","link":"https:\/\/innerfrench.com\/e171-les-etudes-superieures-en-france\/","title":{"rendered":"#171 Les \u00e9tudes sup\u00e9rieures en France"},"content":{"rendered":"\n<p><a id=\"sonaar_ts-6927c80927c87\" class=\"srmp3_sonaar_ts_shortcode\"  style=\"\" href=\"javascript:sonaar_ts_shortcode({ trackid:'0', time:'00:00:03', ts_id:'6927c80927c87', play_icon:'' }) ;\">[00:00:03]<\/a>&nbsp; &#8211; Hugo<\/p>\n\n\n\n<p>Les \u00e9tudes sup\u00e9rieures en France.<\/p>\n\n\n\n<p><a id=\"sonaar_ts-6927c80927c97\" class=\"srmp3_sonaar_ts_shortcode\"  style=\"\" href=\"javascript:sonaar_ts_shortcode({ trackid:'0', time:'00:00:06', ts_id:'6927c80927c97', play_icon:'' }) ;\">[00:00:06]<\/a>&nbsp; &#8211; Hugo<\/p>\n\n\n\n<p>Salut \u00e0 toutes et \u00e0 tous. Salut Ingrid.<\/p>\n\n\n\n<p><a id=\"sonaar_ts-6927c80927c9f\" class=\"srmp3_sonaar_ts_shortcode\"  style=\"\" href=\"javascript:sonaar_ts_shortcode({ trackid:'0', time:'00:00:12', ts_id:'6927c80927c9f', play_icon:'' }) ;\">[00:00:12]<\/a>&nbsp; &#8211; Ingrid<\/p>\n\n\n\n<p>Salut Hugo. Tu vas bien ?<\/p>\n\n\n\n<p><a id=\"sonaar_ts-6927c80927ca5\" class=\"srmp3_sonaar_ts_shortcode\"  style=\"\" href=\"javascript:sonaar_ts_shortcode({ trackid:'0', time:'00:00:14', ts_id:'6927c80927ca5', play_icon:'' }) ;\">[00:00:14]<\/a>&nbsp; &#8211; Hugo<\/p>\n\n\n\n<p>Ouais, \u00e7a va et toi ?<\/p>\n\n\n\n<p><a id=\"sonaar_ts-6927c80927cb2\" class=\"srmp3_sonaar_ts_shortcode\"  style=\"\" href=\"javascript:sonaar_ts_shortcode({ trackid:'0', time:'00:00:16', ts_id:'6927c80927cb2', play_icon:'' }) ;\">[00:00:16]<\/a>&nbsp; &#8211; Ingrid<\/p>\n\n\n\n<p>\u00c7a va bien.<\/p>\n\n\n\n<p><a id=\"sonaar_ts-6927c80927cb9\" class=\"srmp3_sonaar_ts_shortcode\"  style=\"\" href=\"javascript:sonaar_ts_shortcode({ trackid:'0', time:'00:00:18', ts_id:'6927c80927cb9', play_icon:'' }) ;\">[00:00:18]<\/a>&nbsp; &#8211; Hugo<\/p>\n\n\n\n<p>\u00c7a se passe bien \u00e0 Toulouse ? Tu reprends tes marques ?<\/p>\n\n\n\n<p><a id=\"sonaar_ts-6927c80927cbe\" class=\"srmp3_sonaar_ts_shortcode\"  style=\"\" href=\"javascript:sonaar_ts_shortcode({ trackid:'0', time:'00:00:21', ts_id:'6927c80927cbe', play_icon:'' }) ;\">[00:00:21]<\/a>&nbsp; &#8211; Ingrid<\/p>\n\n\n\n<p>Oui, petit \u00e0 petit, je commence \u00e0 me r\u00e9installer, reprendre une routine, reprendre des habitudes. Ce qui est cool, c&#8217;est qu&#8217;il fait beau d\u00e9j\u00e0. Donc l&#8217;hiver est pass\u00e9 assez rapidement. C&#8217;est vrai que c&#8217;est un peu ce qui m&#8217;inqui\u00e9tait dans le retour en France, la d\u00e9prime hivernale. Mais l\u00e0, on est plut\u00f4t bien. Je ne sais pas si c&#8217;est le cas \u00e0 Marseille aussi.<\/p>\n\n\n\n<p><a id=\"sonaar_ts-6927c80927cc4\" class=\"srmp3_sonaar_ts_shortcode\"  style=\"\" href=\"javascript:sonaar_ts_shortcode({ trackid:'0', time:'00:00:48', ts_id:'6927c80927cc4', play_icon:'' }) ;\">[00:00:48]<\/a>&nbsp; &#8211; Hugo<\/p>\n\n\n\n<p>Oui, nous, le printemps est vraiment arriv\u00e9 d&#8217;un seul coup. Mais j&#8217;ai vu un article passer, un article qui disait que c&#8217;\u00e9tait l&#8217;hiver le moins ensoleill\u00e9 dans la r\u00e9gion de Marseille, donc la r\u00e9gion Provence-Alpes-C\u00f4te d&#8217;Azur, depuis 15 ans, quelque chose comme \u00e7a.<\/p>\n\n\n\n<p><a id=\"sonaar_ts-6927c80927cc9\" class=\"srmp3_sonaar_ts_shortcode\"  style=\"\" href=\"javascript:sonaar_ts_shortcode({ trackid:'0', time:'00:01:06', ts_id:'6927c80927cc9', play_icon:'' }) ;\">[00:01:06]<\/a>&nbsp; &#8211; Ingrid<\/p>\n\n\n\n<p>Ah c&#8217;est ta faute.<\/p>\n\n\n\n<p><a id=\"sonaar_ts-6927c80927ccf\" class=\"srmp3_sonaar_ts_shortcode\"  style=\"\" href=\"javascript:sonaar_ts_shortcode({ trackid:'0', time:'00:01:08', ts_id:'6927c80927ccf', play_icon:'' }) ;\">[00:01:08]<\/a>&nbsp; &#8211; Hugo<\/p>\n\n\n\n<p>Ouais. On a ramen\u00e9 le mauvais temps de Varsovie. Mais franchement, moi, les hivers comme \u00e7a, j&#8217;ach\u00e8te, il n&#8217;y a pas de probl\u00e8me. C&#8217;est vrai que compar\u00e9 \u00e0 la vie, l\u2019hiver, la m\u00e9t\u00e9o en Pologne, c&#8217;est quand m\u00eame beaucoup plus sympa dans le sud de la France.<\/p>\n\n\n\n<p><a id=\"sonaar_ts-6927c80927cd4\" class=\"srmp3_sonaar_ts_shortcode\"  style=\"\" href=\"javascript:sonaar_ts_shortcode({ trackid:'0', time:'00:01:22', ts_id:'6927c80927cd4', play_icon:'' }) ;\">[00:01:22]<\/a>&nbsp; &#8211; Ingrid<\/p>\n\n\n\n<p>Oui, c&#8217;est d\u00e9j\u00e0 bien pour toi. Tu n&#8217;as pas \u00e0 te plaindre.<\/p>\n\n\n\n<p><a id=\"sonaar_ts-6927c80927cd9\" class=\"srmp3_sonaar_ts_shortcode\"  style=\"\" href=\"javascript:sonaar_ts_shortcode({ trackid:'0', time:'00:01:26', ts_id:'6927c80927cd9', play_icon:'' }) ;\">[00:01:26]<\/a>&nbsp; &#8211; Hugo<\/p>\n\n\n\n<p>Exactement. Bonne expression. Je n&#8217;ai pas \u00e0 me plaindre. Tr\u00e8s bien. Alors aujourd&#8217;hui, on va parler des \u00e9tudes en France, de faire ces \u00e9tudes en France. Pourquoi on a choisi ce sujet ?<\/p>\n\n\n\n<p><a id=\"sonaar_ts-6927c80927cde\" class=\"srmp3_sonaar_ts_shortcode\"  style=\"\" href=\"javascript:sonaar_ts_shortcode({ trackid:'0', time:'00:01:38', ts_id:'6927c80927cde', play_icon:'' }) ;\">[00:01:38]<\/a>&nbsp; &#8211; Ingrid<\/p>\n\n\n\n<p>Parce qu&#8217;on a fait un sondage en d\u00e9but d&#8217;ann\u00e9e et on vous a demand\u00e9 un petit peu quels \u00e9taient les sujets qui vous int\u00e9ressaient. Et parmi les r\u00e9ponses, on a eu des personnes qui nous ont demand\u00e9 de faire un petit topo, une petite pr\u00e9sentation de ce que c&#8217;est qu&#8217;\u00e9tudier en France. Et c&#8217;est vrai qu&#8217;en g\u00e9n\u00e9ral, vous nous avez aussi dit que vous aimiez les sujets dans lesquels on parle de la vie pratique en France et de nos vies perso. Donc, on s&#8217;est dit que \u00e7a pouvait \u00eatre un bon sujet pour mixer un peu tout \u00e7a.<\/p>\n\n\n\n<p><a id=\"sonaar_ts-6927c80927ce3\" class=\"srmp3_sonaar_ts_shortcode\"  style=\"\" href=\"javascript:sonaar_ts_shortcode({ trackid:'0', time:'00:02:16', ts_id:'6927c80927ce3', play_icon:'' }) ;\">[00:02:16]<\/a>&nbsp; &#8211; Hugo<\/p>\n\n\n\n<p>Oui, on a d\u00e9j\u00e0 fait un \u00e9pisode sur l&#8217;\u00e9cole en France, un autre sur le lyc\u00e9e en France, la r\u00e9forme du lyc\u00e9e. Donc l\u00e0, c&#8217;\u00e9tait logique de faire la suite, de parler de ce qui se passe apr\u00e8s le lyc\u00e9e, autrement dit les \u00e9tudes sup\u00e9rieures. Et comme tu l&#8217;as dit, on va essayer de croiser ces informations avec nos parcours personnels, m\u00eame si \u00e7a fait d\u00e9j\u00e0 un certain temps qu&#8217;on a termin\u00e9 nos \u00e9tudes, on n&#8217;est plus si jeunes, mais d&#8217;apr\u00e8s les recherches qu&#8217;on a faites, toi et moi, on s&#8217;est rendu compte qu&#8217;il n&#8217;y a pas eu d&#8217;\u00e9volution majeure depuis l&#8217;\u00e9poque o\u00f9 on \u00e9tait sur les bancs de l&#8217;universit\u00e9.<\/p>\n\n\n\n<p><a id=\"sonaar_ts-6927c80927ce9\" class=\"srmp3_sonaar_ts_shortcode\"  style=\"\" href=\"javascript:sonaar_ts_shortcode({ trackid:'0', time:'00:02:55', ts_id:'6927c80927ce9', play_icon:'' }) ;\">[00:02:55]<\/a>&nbsp; &#8211; Ingrid<\/p>\n\n\n\n<p>Oui, donc pour cet \u00e9pisode, on a d\u00e9cid\u00e9 d&#8217;y aller un peu plus freestyle, un peu plus au naturel que pour certains \u00e9pisodes compliqu\u00e9s.<\/p>\n\n\n\n<p><a id=\"sonaar_ts-6927c80927cee\" class=\"srmp3_sonaar_ts_shortcode\"  style=\"\" href=\"javascript:sonaar_ts_shortcode({ trackid:'0', time:'00:03:08', ts_id:'6927c80927cee', play_icon:'' }) ;\">[00:03:08]<\/a>&nbsp; &#8211; Hugo<\/p>\n\n\n\n<p>Exactement. C&#8217;est parti.<\/p>\n\n\n\n<p><a id=\"sonaar_ts-6927c80927cf3\" class=\"srmp3_sonaar_ts_shortcode\"  style=\"\" href=\"javascript:sonaar_ts_shortcode({ trackid:'0', time:'00:03:16', ts_id:'6927c80927cf3', play_icon:'' }) ;\">[00:03:16]<\/a>&nbsp; &#8211; Hugo<\/p>\n\n\n\n<p>Pour commencer, on va peut-\u00eatre parler de l&#8217;organisation des \u00e9tudes en France, comment \u00e7a se passe. Donc, les \u00e9tudes, comme on l&#8217;a rappel\u00e9 en introduction, c&#8217;est ce qui commence apr\u00e8s le lyc\u00e9e. Pour faire des \u00e9tudes, la condition sine qua non, c&#8217;est d&#8217;avoir son bac.<\/p>\n\n\n\n<p><a id=\"sonaar_ts-6927c80927cf8\" class=\"srmp3_sonaar_ts_shortcode\"  style=\"\" href=\"javascript:sonaar_ts_shortcode({ trackid:'0', time:'00:03:35', ts_id:'6927c80927cf8', play_icon:'' }) ;\">[00:03:35]<\/a>&nbsp; &#8211; Ingrid<\/p>\n\n\n\n<p>Oh, belle expression, \u00e7a. La condition sine qua non.<\/p>\n\n\n\n<p><a id=\"sonaar_ts-6927c80927cfd\" class=\"srmp3_sonaar_ts_shortcode\"  style=\"\" href=\"javascript:sonaar_ts_shortcode({ trackid:'0', time:'00:03:39', ts_id:'6927c80927cfd', play_icon:'' }) ;\">[00:03:39]<\/a>&nbsp; &#8211; Hugo<\/p>\n\n\n\n<p>Exactement. La condition sine qua non, autrement dit, la condition obligatoire pour pouvoir faire ses \u00e9tudes sup\u00e9rieures, c&#8217;est de r\u00e9ussir l&#8217;examen \u00e0 la fin du lyc\u00e9e, autrement dit, le baccalaur\u00e9at, le bac. J&#8217;ai bien dit \u00ab r\u00e9ussir \u00bb et pas \u00ab passer \u00bb. Je crois qu&#8217;on l&#8217;a d\u00e9j\u00e0 expliqu\u00e9, mais peut-\u00eatre que tu peux encore une fois expliquer la diff\u00e9rence entre passer un examen et r\u00e9ussir un examen, surtout pour nos amis anglophones.<\/p>\n\n\n\n<p><a id=\"sonaar_ts-6927c80927d01\" class=\"srmp3_sonaar_ts_shortcode\"  style=\"\" href=\"javascript:sonaar_ts_shortcode({ trackid:'0', time:'00:04:05', ts_id:'6927c80927d01', play_icon:'' }) ;\">[00:04:05]<\/a>&nbsp; &#8211; Ingrid<\/p>\n\n\n\n<p>Oui, c&#8217;est toujours bien de r\u00e9p\u00e9ter parce que c&#8217;est un mot qui est un faux ami, o\u00f9 on croit qu&#8217;on a directement la traduction, mais en fait, il y a une petite diff\u00e9rence entre les deux langues. Il me semble donc qu&#8217;en anglais, \u00ab pass an exam \u00bb, c&#8217;est avoir le dipl\u00f4me, c&#8217;est bon, tout va bien. Alors qu&#8217;en fran\u00e7ais, quand on passe un examen, \u00e7a veut juste dire qu&#8217;on se rend le jour de l&#8217;examen, on fait l&#8217;exercice, mais on n&#8217;a toujours pas le r\u00e9sultat. Alors que quand on a un bon r\u00e9sultat, un r\u00e9sultat positif, l\u00e0, on dit qu&#8217;on a r\u00e9ussi. Donc, on peut aussi dire tout simplement qu&#8217;on a le bac, le verbe avoir. Donc, c&#8217;est vrai qu&#8217;il faut avoir le bac, r\u00e9ussir le bac pour pouvoir ensuite s&#8217;inscrire dans les \u00e9tudes sup\u00e9rieures.<\/p>\n\n\n\n<p><a id=\"sonaar_ts-6927c80927d06\" class=\"srmp3_sonaar_ts_shortcode\"  style=\"\" href=\"javascript:sonaar_ts_shortcode({ trackid:'0', time:'00:05:00', ts_id:'6927c80927d06', play_icon:'' }) ;\">[00:05:00]<\/a>&nbsp; &#8211; Hugo<\/p>\n\n\n\n<p>C&#8217;est \u00e7a, r\u00e9ussir. Et l&#8217;inverse, dans la langue informelle, on dit \u00ab rater un examen \u00bb ou, de mani\u00e8re plus formelle, \u00ab \u00e9chouer \u00e0 un examen \u00bb. \u00c9chouer, le verbe \u00e9chouer, le nom \u00e9chec. Toi, quand tu \u00e9tais au lyc\u00e9e, est-ce que tu avais d\u00e9j\u00e0 une id\u00e9e des \u00e9tudes que tu voulais faire ?<\/p>\n\n\n\n<p><a id=\"sonaar_ts-6927c80927d0c\" class=\"srmp3_sonaar_ts_shortcode\"  style=\"\" href=\"javascript:sonaar_ts_shortcode({ trackid:'0', time:'00:05:19', ts_id:'6927c80927d0c', play_icon:'' }) ;\">[00:05:19]<\/a>&nbsp; &#8211; Ingrid<\/p>\n\n\n\n<p>Oui, je savais que je voulais \u00e9tudier le journalisme. Et le journalisme, il n&#8217;y a pas trop de formations post-bac. C&#8217;est-\u00e0-dire qu&#8217;il faut d&#8217;abord faire autre chose, quelque chose de plus g\u00e9n\u00e9ral. Il y en a qui font du droit, il y en a qui font de la litt\u00e9rature, de l&#8217;\u00e9conomie, etc., pour ensuite, au bout de trois ans, s&#8217;inscrire \u00e0 des concours pour faire une \u00e9cole de journalisme. Moi, j&#8217;avais d\u00e9j\u00e0 cet objectif et c&#8217;est pour \u00e7a que tr\u00e8s t\u00f4t, je me suis dit que comme j&#8217;aimais la litt\u00e9rature, j&#8217;allais faire de la litt\u00e9rature qui soit un peu en lien avec l&#8217;exercice journalistique.<\/p>\n\n\n\n<p><a id=\"sonaar_ts-6927c80927d10\" class=\"srmp3_sonaar_ts_shortcode\"  style=\"\" href=\"javascript:sonaar_ts_shortcode({ trackid:'0', time:'00:06:02', ts_id:'6927c80927d10', play_icon:'' }) ;\">[00:06:02]<\/a>&nbsp; &#8211; Hugo<\/p>\n\n\n\n<p>D&#8217;accord. Il me semble que tu me l&#8217;avais dit, mais j&#8217;imagine que tu as fait un bac L, un bac litt\u00e9raire ?<\/p>\n\n\n\n<p><a id=\"sonaar_ts-6927c80927d16\" class=\"srmp3_sonaar_ts_shortcode\"  style=\"\" href=\"javascript:sonaar_ts_shortcode({ trackid:'0', time:'00:06:08', ts_id:'6927c80927d16', play_icon:'' }) ;\">[00:06:08]<\/a>&nbsp; &#8211; Ingrid<\/p>\n\n\n\n<p>Oui. \u00c7a, c&#8217;\u00e9tait quelque chose que j&#8217;ai toujours voulu faire. J&#8217;avais, entre guillemets, les capacit\u00e9s de faire les autres bacs, donc S, scientifique, SES, sciences \u00e9conomiques et sociales, mais je savais depuis tr\u00e8s longtemps que je voulais aller en litt\u00e9rature et langues.<\/p>\n\n\n\n<p><a id=\"sonaar_ts-6927c80927d1a\" class=\"srmp3_sonaar_ts_shortcode\"  style=\"\" href=\"javascript:sonaar_ts_shortcode({ trackid:'0', time:'00:06:29', ts_id:'6927c80927d1a', play_icon:'' }) ;\">[00:06:29]<\/a>&nbsp; &#8211; Hugo<\/p>\n\n\n\n<p>Ok. Donc toi, tu n&#8217;avais pas ce probl\u00e8me qu&#8217;ont beaucoup de lyc\u00e9ens, le probl\u00e8me de l&#8217;orientation, de savoir justement quelles \u00e9tudes on va choisir apr\u00e8s le bac. C&#8217;est vrai que moi, c&#8217;est un probl\u00e8me que j&#8217;ai eu personnellement. Je ne savais pas trop ce que je voulais faire. J&#8217;\u00e9tais assez ind\u00e9cis et dans ma famille, personne n&#8217;avait vraiment fait d&#8217;\u00e9tudes. Mon p\u00e8re avait fait des \u00e9tudes d&#8217;\u00e9co, mais il avait arr\u00eat\u00e9 en premi\u00e8re ann\u00e9e. Donc c&#8217;\u00e9tait \u00e0 peu pr\u00e8s la seule exp\u00e9rience qu&#8217;on avait. Donc, je n&#8217;avais pas les id\u00e9es tr\u00e8s claires. Et au d\u00e9but, comme j&#8217;aimais bien les sciences sociales, j&#8217;avais envie de faire Sciences-Po. Et donc, j&#8217;ai commenc\u00e9 \u00e0 me renseigner un peu tout seul au CDI. Alors, le CDI, c&#8217;est la biblioth\u00e8que de l&#8217;\u00e9cole. Je crois que c&#8217;est Centre de documentation et d&#8217;information, c&#8217;est \u00e7a ?<\/p>\n\n\n\n<p><a id=\"sonaar_ts-6927c80927d1f\" class=\"srmp3_sonaar_ts_shortcode\"  style=\"\" href=\"javascript:sonaar_ts_shortcode({ trackid:'0', time:'00:07:18', ts_id:'6927c80927d1f', play_icon:'' }) ;\">[00:07:18]<\/a>&nbsp; &#8211; Ingrid<\/p>\n\n\n\n<p>Oui, c&#8217;est \u00e7a.<\/p>\n\n\n\n<p><a id=\"sonaar_ts-6927c80927d24\" class=\"srmp3_sonaar_ts_shortcode\"  style=\"\" href=\"javascript:sonaar_ts_shortcode({ trackid:'0', time:'00:07:20', ts_id:'6927c80927d24', play_icon:'' }) ;\">[00:07:20]<\/a>&nbsp; &#8211; Hugo<\/p>\n\n\n\n<p>Dans chaque coll\u00e8ge et lyc\u00e9e en France, on a un CDI o\u00f9 on peut aller&#8230; Surtout \u00e0 l&#8217;\u00e9poque, on n&#8217;avait pas de smartphone, on pouvait aller sur Internet, c&#8217;\u00e9tait g\u00e9nial. On pouvait faire des recherches, faire ses devoirs, etc. Donc, j&#8217;allais au CDI et j&#8217;essayais de regarder un peu comment faire pour int\u00e9grer Sciences Po. Et en fait, Sciences Po, c&#8217;est une \u00e9cole qui est tr\u00e8s s\u00e9lective. Alors, il y en a plusieurs en France. On appelle \u00e7a des Instituts d&#8217;\u00e9tudes politiques. Et la plus prestigieuse et la plus s\u00e9lective, \u00e9videmment, elle est \u00e0 Paris. Donc souvent, quand on dit Sciences Po sans pr\u00e9ciser, \u00e7a veut dire qu&#8217;on fait r\u00e9f\u00e9rence \u00e0 Sciences Po Paris. Et j&#8217;ai vu qu&#8217;il y avait un concours directement apr\u00e8s le bac ou \u00e0 peu pr\u00e8s \u00e0 la m\u00eame p\u00e9riode que le bac. Et j&#8217;ai regard\u00e9 un peu des annales de ce concours et \u00e7a m&#8217;a sembl\u00e9 vraiment super difficile. Et je me suis dit : \u00ab bon, j&#8217;ai d\u00e9j\u00e0 le bac \u00e0 pr\u00e9parer. Je ne sais pas comment je pourrais me pr\u00e9parer pour cet examen. Du coup, j&#8217;ai abandonn\u00e9 l&#8217;id\u00e9e assez rapidement \u00bb. Et apr\u00e8s \u00e7a, je ne savais pas quoi faire. Et toi, tu te souviens justement de ce qu&#8217;on peut faire au lyc\u00e9e quand on n&#8217;a pas trop d&#8217;id\u00e9es par rapport \u00e0 nos \u00e9tudes sup\u00e9rieures ?<\/p>\n\n\n\n<p><a id=\"sonaar_ts-6927c80927d28\" class=\"srmp3_sonaar_ts_shortcode\"  style=\"\" href=\"javascript:sonaar_ts_shortcode({ trackid:'0', time:'00:08:27', ts_id:'6927c80927d28', play_icon:'' }) ;\">[00:08:27]<\/a>&nbsp; &#8211; Ingrid<\/p>\n\n\n\n<p>On va voir le conseiller d&#8217;orientation, c&#8217;est \u00e7a ?<\/p>\n\n\n\n<p><a id=\"sonaar_ts-6927c80927d2d\" class=\"srmp3_sonaar_ts_shortcode\"  style=\"\" href=\"javascript:sonaar_ts_shortcode({ trackid:'0', time:'00:08:30', ts_id:'6927c80927d2d', play_icon:'' }) ;\">[00:08:30]<\/a> &#8211; Hugo<\/p>\n\n\n\n<p>Exactement. On prend un rendez-vous avec le conseiller d&#8217;orientation ou la conseill\u00e8re d&#8217;orientation, si c&#8217;est une femme. C&#8217;est assez difficile d&#8217;obtenir un rendez-vous parce que souvent, il y en a un seul dans le lyc\u00e9e pour tous les \u00e9l\u00e8ves, donc il n&#8217;y a pas beaucoup de disponibilit\u00e9s. Et moi, ce n&#8217;\u00e9tait pas possible de prendre un rendez-vous dans le lyc\u00e9e, donc j&#8217;en avais vu une \u00e0 l&#8217;ext\u00e9rieur du lyc\u00e9e. Et elle avait regard\u00e9 mes bulletins de notes. \u00c7a, on va en reparler. Autrement dit, les r\u00e9sultats que j&#8217;avais au lyc\u00e9e. Et elle m&#8217;avait conseill\u00e9 de faire un IUT de logistique. Voil\u00e0.&nbsp;<\/p>\n\n\n\n<p><a id=\"sonaar_ts-6927c80927d32\" class=\"srmp3_sonaar_ts_shortcode\"  style=\"\" href=\"javascript:sonaar_ts_shortcode({ trackid:'0', time:'00:09:03', ts_id:'6927c80927d32', play_icon:'' }) ;\">[00:09:03]<\/a>&nbsp; &#8211; Ingrid<\/p>\n\n\n\n<p>Ah ouais.<\/p>\n\n\n\n<p><a id=\"sonaar_ts-6927c80927d37\" class=\"srmp3_sonaar_ts_shortcode\"  style=\"\" href=\"javascript:sonaar_ts_shortcode({ trackid:'0', time:'00:09:05', ts_id:'6927c80927d37', play_icon:'' }) ;\">[00:09:05]<\/a>&nbsp; &#8211; Hugo<\/p>\n\n\n\n<p>\u00c7a aussi, on va vous expliquer ce que c&#8217;est, mais ce n&#8217;\u00e9tait pas du tout mon r\u00eave de travailler dans la logistique. Je ne sais pas pourquoi elle m&#8217;avait conseill\u00e9 \u00e7a. Je pense que c&#8217;\u00e9tait parce qu&#8217;il y avait beaucoup de d\u00e9bouch\u00e9s, autrement dit, beaucoup de demandes pour des dipl\u00f4m\u00e9s dans ce domaine. C&#8217;\u00e9tait assez de trouver du travail. Elle m&#8217;avait dit : \u00ab voil\u00e0, bah vous devriez faire un unit\u00e9 de logistique \u00bb. Et moi, comme je n&#8217;avais pas du tout d&#8217;id\u00e9e sur ce qui se passait apr\u00e8s le lyc\u00e9e, j&#8217;ai failli m&#8217;orienter dans cette direction. Et quand j&#8217;en ai parl\u00e9 \u00e0 mon prof principal, il m&#8217;a dit : \u00ab non, Hugo, toi, ce n&#8217;est pas possible, tu ne vas pas faire un unit\u00e9 de logistique. Il faut que tu fasses une pr\u00e9pa \u00bb. \u00c7a aussi, on va en parler un peu plus tard.<\/p>\n\n\n\n<p><a id=\"sonaar_ts-6927c80927d3b\" class=\"srmp3_sonaar_ts_shortcode\"  style=\"\" href=\"javascript:sonaar_ts_shortcode({ trackid:'0', time:'00:09:45', ts_id:'6927c80927d3b', play_icon:'' }) ;\">[00:09:45]<\/a>&nbsp; &#8211; Hugo<\/p>\n\n\n\n<p>Mais si je raconte cette anecdote, c&#8217;est parce que c&#8217;est un gros probl\u00e8me qu&#8217;il y a avec les \u00e9tudes sup\u00e9rieures en France. Pour tous les \u00e9l\u00e8ves dont les parents n&#8217;ont pas forc\u00e9ment fait d&#8217;\u00e9tudes, c&#8217;est assez difficile de s&#8217;orienter. On a du mal \u00e0 trouver la formation qui va vraiment nous convenir. On n&#8217;a pas le mode d&#8217;emploi pour \u00e7a et il y a beaucoup d&#8217;\u00e9l\u00e8ves qui se retrouvent compl\u00e8tement perdus dans leur choix d&#8217;\u00e9tudes et qui, apr\u00e8s, choisissent des \u00e9tudes qui ne leur correspondent pas du tout et se retrouvent en situation d&#8217;\u00e9chec. Donc oui, il y a un gros probl\u00e8me l\u00e0-dessus.<\/p>\n\n\n\n<p><a id=\"sonaar_ts-6927c80927d40\" class=\"srmp3_sonaar_ts_shortcode\"  style=\"\" href=\"javascript:sonaar_ts_shortcode({ trackid:'0', time:'00:10:20', ts_id:'6927c80927d40', play_icon:'' }) ;\">[00:10:20]<\/a>&nbsp; &#8211; Ingrid<\/p>\n\n\n\n<p>Oui, et d&#8217;ailleurs, je me souviens qu&#8217;\u00e0 notre \u00e9poque, pour l&#8217;orientation, il y avait un gros stress. Je ne sais pas si ton \u00e9poque, c&#8217;\u00e9tait la m\u00eame chose parce qu&#8217;on n&#8217;a pas exactement le m\u00eame \u00e2ge, mais moi, je me souviens d&#8217;avoir d\u00fb remplir des v\u0153ux, donc des choix d&#8217;orientation sur une plateforme qui s&#8217;appelait APB, Admission Post-Bac. On devait donc remplir en disant : \u00ab je voudrais aller \u00e0 telle universit\u00e9 dans telle fili\u00e8re, je voudrais aller dans telle pr\u00e9pa \u00bb. Et on pouvait mettre un certain nombre de v\u0153ux, une dizaine, je crois, et on devait les classer dans l&#8217;ordre de pr\u00e9f\u00e9rence. Ce qui fait qu&#8217;apr\u00e8s, peut-\u00eatre c&#8217;\u00e9tait le mois qui suivait le bac ou peut-\u00eatre aussi avant le bac, on avait les affectations qui tombaient. Donc, par exemple, on voyait tel endroit nous a refus\u00e9, tel endroit nous a accept\u00e9. Parfois, c&#8217;\u00e9tait liste d&#8217;attente. Et alors, il y avait des formations pour lesquelles on \u00e9tait s\u00fbr de pouvoir rentrer et d&#8217;autres pour lesquelles c&#8217;\u00e9tait plus s\u00e9lectif.<\/p>\n\n\n\n<p><a id=\"sonaar_ts-6927c80927d45\" class=\"srmp3_sonaar_ts_shortcode\"  style=\"\" href=\"javascript:sonaar_ts_shortcode({ trackid:'0', time:'00:11:28', ts_id:'6927c80927d45', play_icon:'' }) ;\">[00:11:28]<\/a>&nbsp; &#8211; Ingrid<\/p>\n\n\n\n<p>Pour moi, la petite anecdote, c&#8217;est qu&#8217;avant d&#8217;aller en licence de lettres, qui est ce que je voulais faire, j&#8217;ai fait une ann\u00e9e de pr\u00e9pa parce qu&#8217;au dernier moment, on m&#8217;a parl\u00e9 de la pr\u00e9pa, je savais pas vraiment ce que c&#8217;\u00e9tait. Et comme c&#8217;\u00e9tait s\u00e9lectif, je l&#8217;ai mis comme v\u0153u num\u00e9ro un et je me suis retrouv\u00e9e \u00e0 \u00eatre accept\u00e9e en pr\u00e9pa. Et j&#8217;ai fait mon ann\u00e9e de et pendant que j&#8217;\u00e9tais l\u00e0-bas, je me suis dit : \u00ab mais non, en fait, j&#8217;aurais d\u00fb faire ce que je voulais faire \u00e0 la base avant qu&#8217;on me conseille autre chose \u00bb. Donc voil\u00e0, m\u00eame moi qui savais d\u00e9j\u00e0 ce que je voulais faire, j&#8217;ai eu ce stress et qui, \u00e0 cause de cette plateforme de s\u00e9lection, m&#8217;a embrouill\u00e9 l&#8217;esprit et je me suis retrouv\u00e9e \u00e0 faire quelque chose que je ne voulais pas. Et il me semble que \u00e7a, \u00e7a arrive souvent. Au-del\u00e0 du fait de ne pas savoir quoi faire, on a aussi parfois des mauvais conseils ou des h\u00e9sitations \u00e0 cause de la s\u00e9lectivit\u00e9. Et on se retrouve \u00e0 mettre sur la plateforme un peu tout et n&#8217;importe quoi et \u00e0 la fin, \u00e0 se dire : \u00ab oh, oh, dans quelle situation je me suis mise ? \u00bb<\/p>\n\n\n\n<p><a id=\"sonaar_ts-6927c80927d49\" class=\"srmp3_sonaar_ts_shortcode\"  style=\"\" href=\"javascript:sonaar_ts_shortcode({ trackid:'0', time:'00:12:38', ts_id:'6927c80927d49', play_icon:'' }) ;\">[00:12:38]<\/a>&nbsp; &#8211; Hugo<\/p>\n\n\n\n<p>C&#8217;est vrai, si on est mal conseill\u00e9 ou si on fait \u00e7a tout seul sans demander de recommandation, on peut se retrouver dans des situations qui ne sont pas optimales. Je ne sais pas dans quelle mesure c&#8217;est une sp\u00e9cificit\u00e9 fran\u00e7aise cette plateforme, mais c&#8217;est vrai qu&#8217;on a cette plateforme qui centralise tous les v\u0153ux, toutes les demandes des lyc\u00e9ens et qui ensuite permet d&#8217;attribuer les lyc\u00e9ens aux diff\u00e9rentes formations. Donc maintenant, elle porte un nouveau nom. Elle s&#8217;appelle Parcoursup. Et un peu comme \u00e0 notre \u00e9poque, avec APB, il y a beaucoup de critiques \u00e0 propos de cette plateforme, qui ne sont pas toujours justifi\u00e9es. Moi aussi, j&#8217;\u00e9tais un peu&#8230; Ce que j&#8217;avais entendu, les \u00e9chos que j&#8217;avais eus de cette cette plateforme, j&#8217;en avais une vision assez n\u00e9gative. Et puis l\u00e0, en faisant les recherches, j&#8217;ai l&#8217;impression que ce n&#8217;est pas si mal que \u00e7a. En tout cas, il y a eu pas mal d&#8217;am\u00e9liorations par rapport \u00e0 notre \u00e9poque, parce qu&#8217;en fait, ce n&#8217;est pas la plateforme qui fait la s\u00e9lection, c&#8217;est chaque formation, donc chaque universit\u00e9, chaque \u00e9cole qui d\u00e9finit ses crit\u00e8res d&#8217;admission. Et ensuite, en fonction de ses crit\u00e8res, elle dit : \u00ab bon bah voil\u00e0, tel \u00e9l\u00e8ve, il a les bonnes notes, les bons r\u00e9sultats, on va l&#8217;accepter. Tel \u00e9l\u00e8ve, par contre, non \u00bb.<\/p>\n\n\n\n<p><a id=\"sonaar_ts-6927c80927d4e\" class=\"srmp3_sonaar_ts_shortcode\"  style=\"\" href=\"javascript:sonaar_ts_shortcode({ trackid:'0', time:'00:13:43', ts_id:'6927c80927d4e', play_icon:'' }) ;\">[00:13:43]<\/a>&nbsp; &#8211; Hugo<\/p>\n\n\n\n<p>Et ensuite, la plateforme, elle s&#8217;occupe simplement de r\u00e9partir les \u00e9l\u00e8ves en fonction un peu de leur ordre, le classement des v\u0153ux. Mais ceux qui font la s\u00e9lection, vraiment, c&#8217;est les \u00e9coles. Et simplement, le r\u00f4le de la plateforme, c&#8217;est de dispatcher pour que tout le monde ait quelque chose \u00e0 la fin. Mais comme c&#8217;est assez opaque, donc ce n&#8217;est pas tr\u00e8s transparent, les crit\u00e8res, notamment des \u00e9coles, les parents d&#8217;\u00e9l\u00e8ves et les \u00e9l\u00e8ves ne comprennent pas toujours pourquoi ils se sont retrouv\u00e9s dans telle universit\u00e9 alors que c&#8217;\u00e9tait leur dernier v\u0153u. Autrement dit, c&#8217;\u00e9tait l&#8217;universit\u00e9 qu&#8217;ils voulaient la moins et qu&#8217;ils ont des meilleures notes qu&#8217;un de leurs camarades qui, lui, a obtenu l&#8217;universit\u00e9 qu&#8217;il voulait. Comme tu l&#8217;as dit, \u00e7a cause pas mal de stress, mais c&#8217;est un syst\u00e8me qui a le m\u00e9rite d&#8217;essayer de donner une formation au plus grand nombre d&#8217;\u00e9l\u00e8ves possible.<\/p>\n\n\n\n<p><a id=\"sonaar_ts-6927c80927d62\" class=\"srmp3_sonaar_ts_shortcode\"  style=\"\" href=\"javascript:sonaar_ts_shortcode({ trackid:'0', time:'00:14:52', ts_id:'6927c80927d62', play_icon:'' }) ;\">[00:14:52]<\/a>&nbsp; &#8211; Ingrid<\/p>\n\n\n\n<p>Oui, \u00e7a, c&#8217;est pour \u00e7a qu&#8217;il y a un taux d&#8217;abandon en premi\u00e8re ann\u00e9e qui est quand m\u00eame toujours tr\u00e8s important, parce que les gens ne savent pas vraiment quoi faire. Je ne suis pas s\u00fbre qu&#8217;il y a une solution \u00e0 \u00e7a. \u00c7a fait partie aussi de la jeunesse et de de la d\u00e9couverte de la vie adulte, de devoir faire des choix et de stresser pour ce qui va se passer apr\u00e8s, en se rendant compte apr\u00e8s qu&#8217;au final, chaque d\u00e9cision n&#8217;est pas non plus une d\u00e9cision pour la vie. On peut toujours retomber sur ses pattes quoi qu&#8217;on fasse.<\/p>\n\n\n\n<p><a id=\"sonaar_ts-6927c80927d67\" class=\"srmp3_sonaar_ts_shortcode\"  style=\"\" href=\"javascript:sonaar_ts_shortcode({ trackid:'0', time:'00:15:23', ts_id:'6927c80927d67', play_icon:'' }) ;\">[00:15:23]<\/a>&nbsp; &#8211; Hugo<\/p>\n\n\n\n<p>Bonne expression comme les chats qui retombent toujours sur leurs pattes. C&#8217;est vrai qu&#8217;on essaye d&#8217;optimiser au maximum, mais on ne peut pas toujours tout pr\u00e9voir. Et puis, les d\u00e9cisions ne sont pas forc\u00e9ment irr\u00e9versibles. On peut bifurquer, on peut trouver des alternatives. Moi, \u00e0 aucun moment, je pensais devenir professeur de fran\u00e7ais langue \u00e9trang\u00e8re et finalement, j&#8217;ai d\u00e9couvert que c&#8217;\u00e9tait \u00e7a ma vocation.<\/p>\n\n\n\n<p><a id=\"sonaar_ts-6927c80927d6f\" class=\"srmp3_sonaar_ts_shortcode\"  style=\"\" href=\"javascript:sonaar_ts_shortcode({ trackid:'0', time:'00:15:49', ts_id:'6927c80927d6f', play_icon:'' }) ;\">[00:15:49]<\/a>&nbsp; &#8211; Ingrid<\/p>\n\n\n\n<p>On est deux bons exemples du fait qu&#8217;on ne peut pas savoir \u00e0 l&#8217;avance ce qu&#8217;on va faire. Je pense qu&#8217;aucun de nous deux, il y a 10 ans, aurait dit : \u00ab ah oui moi, dans 10 ans, je serai en train d&#8217;enregistrer un podcast pour des apprenants de fran\u00e7ais \u00bb. Donc&#8230;<\/p>\n\n\n\n<p><a id=\"sonaar_ts-6927c80927d74\" class=\"srmp3_sonaar_ts_shortcode\"  style=\"\" href=\"javascript:sonaar_ts_shortcode({ trackid:'0', time:'00:16:07', ts_id:'6927c80927d74', play_icon:'' }) ;\">[00:16:07]<\/a>&nbsp; &#8211; Hugo<\/p>\n\n\n\n<p>Clairement. D&#8217;ailleurs, quand on \u00e9tait au lyc\u00e9e, il me semble que les podcasts n&#8217;existaient pas encore. C&#8217;\u00e9tait vraiment tr\u00e8s, tr\u00e8s niche. On n&#8217;aurait pas pu imaginer \u00e7a, effectivement.<\/p>\n\n\n\n<p><a id=\"sonaar_ts-6927c80927d79\" class=\"srmp3_sonaar_ts_shortcode\"  style=\"\" href=\"javascript:sonaar_ts_shortcode({ trackid:'0', time:'00:16:16', ts_id:'6927c80927d79', play_icon:'' }) ;\">[00:16:16]<\/a>&nbsp; &#8211; Ingrid<\/p>\n\n\n\n<p>C&#8217;est clair.<\/p>\n\n\n\n<p><a id=\"sonaar_ts-6927c80927d7e\" class=\"srmp3_sonaar_ts_shortcode\"  style=\"\" href=\"javascript:sonaar_ts_shortcode({ trackid:'0', time:'00:16:24', ts_id:'6927c80927d7e', play_icon:'' }) ;\">[00:16:24]<\/a>&nbsp; &#8211; Hugo<\/p>\n\n\n\n<p>Alors, maintenant on va essayer de faire un petit panorama des types d&#8217;\u00e9tudes qui existent en France. Peut-\u00eatre qu&#8217;on peut \u00e9voquer un peu les ECTS, non ? ECTS, c&#8217;est European Credit Transfer System, c&#8217;est \u00e7a ?<\/p>\n\n\n\n<p><a id=\"sonaar_ts-6927c80927d82\" class=\"srmp3_sonaar_ts_shortcode\"  style=\"\" href=\"javascript:sonaar_ts_shortcode({ trackid:'0', time:'00:16:40', ts_id:'6927c80927d82', play_icon:'' }) ;\">[00:16:40]<\/a>&nbsp; &#8211; Ingrid<\/p>\n\n\n\n<p>Ouais, c&#8217;est \u00e7a. En fait, en France, mais dans toute l&#8217;Europe, on a un syst\u00e8me harmonis\u00e9 qui permet de savoir \u00e0 quel niveau de dipl\u00f4me on est, m\u00eame si on n&#8217;est pas du tout dans la m\u00eame formation. C&#8217;est-\u00e0-dire que quelqu&#8217;un qui est en \u00e9tudes scientifiques, quelqu&#8217;un qui est en \u00e9tudes techniques ou litt\u00e9raires, va pouvoir avoir une r\u00e9f\u00e9rence commune avec tous les autres. Et \u00e7a, \u00e7a se base sur des cr\u00e9dits. Donc, \u00e0 chaque fois qu&#8217;on passe un examen et qu&#8217;on r\u00e9ussit un examen ou \u00e0 chaque fois qu&#8217;on assiste \u00e0 certains cours et qu&#8217;on valide son ann\u00e9e, on re\u00e7oit des cr\u00e9dits. Et il faut un certain nombre de cr\u00e9dits pour obtenir tel niveau de dipl\u00f4me, puis ensuite passer dans le niveau sup\u00e9rieur, etc. Et en gros, il y a trois paliers qui sont importants. Il y a la licence qui est le premier gros dipl\u00f4me qu&#8217;on peut avoir, qui en g\u00e9n\u00e9ral se fait sur 3 ans, mais apr\u00e8s, \u00e7a peut \u00eatre, par exemple, beaucoup plus longtemps si on travaille \u00e0 c\u00f4t\u00e9 et qu&#8217;on prend que la moiti\u00e9 des cours chaque ann\u00e9e, mais la moyenne, la normalit\u00e9, on va dire, c&#8217;est 3 ans. Ensuite, il y a le master qui se fait en g\u00e9n\u00e9ral sur 2 ans. Et ensuite, pour ceux qui font des \u00e9tudes tr\u00e8s longues, il y a le doctorat qui dure 3 ans, je crois, de base, mais en g\u00e9n\u00e9ral, ceux qui font des doctorats, ils y restent parfois\u2026<\/p>\n\n\n\n<p><a id=\"sonaar_ts-6927c80927d87\" class=\"srmp3_sonaar_ts_shortcode\"  style=\"\" href=\"javascript:sonaar_ts_shortcode({ trackid:'0', time:'00:18:11', ts_id:'6927c80927d87', play_icon:'' }) ;\">[00:18:11]<\/a>&nbsp; &#8211; Hugo<\/p>\n\n\n\n<p>Toute leur vie.<\/p>\n\n\n\n<p><a id=\"sonaar_ts-6927c80927d91\" class=\"srmp3_sonaar_ts_shortcode\"  style=\"\" href=\"javascript:sonaar_ts_shortcode({ trackid:'0', time:'00:18:12', ts_id:'6927c80927d91', play_icon:'' }) ;\">[00:18:12]<\/a>&nbsp; &#8211; Ingrid<\/p>\n\n\n\n<p>C&#8217;est \u00e7a, ils ne s&#8217;arr\u00eatent jamais dans leurs recherches.<\/p>\n\n\n\n<p><a id=\"sonaar_ts-6927c80927d96\" class=\"srmp3_sonaar_ts_shortcode\"  style=\"\" href=\"javascript:sonaar_ts_shortcode({ trackid:'0', time:'00:18:15', ts_id:'6927c80927d96', play_icon:'' }) ;\">[00:18:15]<\/a>&nbsp; &#8211; Hugo<\/p>\n\n\n\n<p>Exactement. Donc, 3 ans, vous avez une licence, +2, un master et encore +3, un doctorat. \u00c7a, c&#8217;est assez universel, en tout cas en Europe, et c&#8217;est l&#8217;avantage des ECTS, c&#8217;est qu&#8217;on peut avoir des \u00e9quivalences en France pour passer d&#8217;une formation \u00e0 l&#8217;autre \u00e9ventuellement. On n&#8217;est pas oblig\u00e9 de tout recommencer \u00e0 z\u00e9ro parce qu&#8217;on a d\u00e9j\u00e0 valid\u00e9 un certain nombre de cr\u00e9dits. C&#8217;est un syst\u00e8me qui offre de la flexibilit\u00e9, mais aussi en Europe, on peut faire une ann\u00e9e dans une universit\u00e9, valider un certain nombre de cr\u00e9dits et ces cr\u00e9dits nous donnent acc\u00e8s \u00e0 la deuxi\u00e8me ann\u00e9e dans une universit\u00e9 \u00e0 l&#8217;\u00e9tranger, par exemple. Donc, c&#8217;est un syst\u00e8me qui est assez contraignant parfois, mais qui offre quand m\u00eame pas mal de flexibilit\u00e9 et qui, il me semble, est assez appr\u00e9ci\u00e9 des \u00e9tudiants.<\/p>\n\n\n\n<p><a id=\"sonaar_ts-6927c80927d9b\" class=\"srmp3_sonaar_ts_shortcode\"  style=\"\" href=\"javascript:sonaar_ts_shortcode({ trackid:'0', time:'00:19:06', ts_id:'6927c80927d9b', play_icon:'' }) ;\">[00:19:06]<\/a>&nbsp; &#8211; Ingrid<\/p>\n\n\n\n<p>Oui, c&#8217;est bien. \u00c7a permet beaucoup plus de flexibilit\u00e9 et de passerelle, donc de pont, entre les diff\u00e9rentes formations qu&#8217;on veuille changer de ville, changer de pays, changer d&#8217;orientation. Voil\u00e0, on n&#8217;est pas oblig\u00e9 de recommencer \u00e0 z\u00e9ro \u00e0 chaque fois.<\/p>\n\n\n\n<p><a id=\"sonaar_ts-6927c80927d9f\" class=\"srmp3_sonaar_ts_shortcode\"  style=\"\" href=\"javascript:sonaar_ts_shortcode({ trackid:'0', time:'00:19:24', ts_id:'6927c80927d9f', play_icon:'' }) ;\">[00:19:24]<\/a>&nbsp; &#8211; Hugo<\/p>\n\n\n\n<p>La question, c&#8217;est : quel type d&#8217;\u00e9tudes ? Et on dit parfois, une des critiques qu&#8217;on fait au syst\u00e8me fran\u00e7ais, c&#8217;est que c&#8217;est un syst\u00e8me \u00e0 deux vitesses. Alors, ce n&#8217;est pas forc\u00e9ment une sp\u00e9cificit\u00e9 fran\u00e7aise. C&#8217;est quelque chose qu&#8217;on retrouve, je pense, dans beaucoup de pays. Autrement dit, le fait que toutes les formations ne se valent pas, il y a des \u00e9coles qui sont plus s\u00e9lectives que les autres et qui donnent acc\u00e8s \u00e0 beaucoup plus d&#8217;opportunit\u00e9s que les autres. Mais la sp\u00e9cificit\u00e9 en France, c&#8217;est qu&#8217;en g\u00e9n\u00e9ral, ces formations s\u00e9lectives, ce n&#8217;est pas forc\u00e9ment les universit\u00e9s. Parce que c&#8217;est vrai que quand on pense \u00e0 \u00c9tudes Sup\u00e9rieures, la premi\u00e8re chose \u00e0 laquelle on pense, c&#8217;est l&#8217;universit\u00e9.<\/p>\n\n\n\n<p><a id=\"sonaar_ts-6927c80927da3\" class=\"srmp3_sonaar_ts_shortcode\"  style=\"\" href=\"javascript:sonaar_ts_shortcode({ trackid:'0', time:'00:20:07', ts_id:'6927c80927da3', play_icon:'' }) ;\">[00:20:07]<\/a>&nbsp; &#8211; Ingrid<\/p>\n\n\n\n<p>Oui, parce que je pense que dans beaucoup de pays, c&#8217;est la formation principale, m\u00eame peut-\u00eatre parfois la seule, alors qu&#8217;en France, seuls 60% des \u00e9tudiants sont inscrits \u00e0 l&#8217;universit\u00e9. Le reste, ils vont \u00e9tudier, par exemple, dans des lyc\u00e9es, puisqu&#8217;il y a des lyc\u00e9es qui, apr\u00e8s le bac, ont encore quelques ann\u00e9es de formation en \u00e9tudes sup\u00e9rieures ou dans des grandes \u00e9coles, dans des \u00e9coles sp\u00e9cialis\u00e9es sur certaines formations bien sp\u00e9cifiques. Donc l&#8217;universit\u00e9, \u00e7a reste la majorit\u00e9, mais ce n&#8217;est quand m\u00eame pas la seule possibilit\u00e9.<\/p>\n\n\n\n<p><a id=\"sonaar_ts-6927c80927da8\" class=\"srmp3_sonaar_ts_shortcode\"  style=\"\" href=\"javascript:sonaar_ts_shortcode({ trackid:'0', time:'00:20:47', ts_id:'6927c80927da8', play_icon:'' }) ;\">[00:20:47]<\/a>&nbsp; &#8211; Hugo<\/p>\n\n\n\n<p>Exactement. C&#8217;est pour \u00e7a que moi, j&#8217;\u00e9tais assez surpris quand j&#8217;ai commenc\u00e9 \u00e0 donner des cours en Pologne, parce que pour mes \u00e9l\u00e8ves, il y en avait beaucoup qui pensaient que l&#8217;universit\u00e9 la plus prestigieuse en France, c&#8217;\u00e9tait la Sorbonne. C&#8217;est vrai que \u00e7a fait partie de l&#8217;imaginaire collectif. Souvent, dans les films, on voit un peu ces \u00e9tudiants litt\u00e9raires \u00e0 la Sorbonne qui fument des cigarettes en terrasse des caf\u00e9s. On a l&#8217;impression que c&#8217;est le top du top en France.<\/p>\n\n\n\n<p><a id=\"sonaar_ts-6927c80927db1\" class=\"srmp3_sonaar_ts_shortcode\"  style=\"\" href=\"javascript:sonaar_ts_shortcode({ trackid:'0', time:'00:21:19', ts_id:'6927c80927db1', play_icon:'' }) ;\">[00:21:19]<\/a>&nbsp; &#8211; Ingrid<\/p>\n\n\n\n<p>Je me sens vis\u00e9e.<\/p>\n\n\n\n<p><a id=\"sonaar_ts-6927c80927db5\" class=\"srmp3_sonaar_ts_shortcode\"  style=\"\" href=\"javascript:sonaar_ts_shortcode({ trackid:'0', time:'00:21:22', ts_id:'6927c80927db5', play_icon:'' }) ;\">[00:21:22]<\/a>&nbsp; &#8211; Hugo<\/p>\n\n\n\n<p>Mais en r\u00e9alit\u00e9, c&#8217;est une tr\u00e8s bonne universit\u00e9, bien s\u00fbr, mais ce n&#8217;est pas la plus s\u00e9lective en France. Les cursus, les \u00e9tudes sup\u00e9rieures les plus s\u00e9lectives en France sont les grandes \u00e9coles. On va en reparler, mais peut-\u00eatre que&#8230; J&#8217;ai fait tout dans le d\u00e9sordre, mais on va peut-\u00eatre commencer par les formations les plus courtes, celles qui se font sur deux ou trois ans. Autrement dit, les BTS et les DUT. J&#8217;en ai parl\u00e9 d\u00e9j\u00e0 un peu tout \u00e0 l&#8217;heure.<\/p>\n\n\n\n<p><a id=\"sonaar_ts-6927c80927dba\" class=\"srmp3_sonaar_ts_shortcode\"  style=\"\" href=\"javascript:sonaar_ts_shortcode({ trackid:'0', time:'00:21:50', ts_id:'6927c80927dba', play_icon:'' }) ;\">[00:21:50]<\/a>&nbsp; &#8211; Ingrid<\/p>\n\n\n\n<p>BTS, DUT, Il me semble que \u00e7a a chang\u00e9 de nom. Maintenant, c&#8217;est B-U-T, mais peu importe. En gros, c&#8217;est tout ce qu&#8217;il y a, le T dedans, c&#8217;est technologique. Quand on passe le bac, on peut passer soit le bac g\u00e9n\u00e9ral, tout ce qui est scientifique, litt\u00e9raire, comme on en a parl\u00e9 dans le podcast sur le lyc\u00e9e, ou on peut passer un bac plut\u00f4t technologique qui va \u00eatre plus sp\u00e9cifique, un peu plus pratique sur certains sujets. Ce bac technologique, en g\u00e9n\u00e9ral, nous permet d&#8217;acc\u00e9der \u00e0 une formation courte, qui est donc soit un BTS ou un BUT, qui est en deux ans et qui se passe dans un lyc\u00e9e, un lyc\u00e9e technologique.<\/p>\n\n\n\n<p><a id=\"sonaar_ts-6927c80927dbf\" class=\"srmp3_sonaar_ts_shortcode\"  style=\"\" href=\"javascript:sonaar_ts_shortcode({ trackid:'0', time:'00:22:36', ts_id:'6927c80927dbf', play_icon:'' }) ;\">[00:22:36]<\/a>&nbsp; &#8211; Hugo<\/p>\n\n\n\n<p>Ou dans un IUT, il me semble. Institut Universitaire Technologique, donc aussi un type d&#8217;universit\u00e9. Donc oui, \u00e7a, c&#8217;est plut\u00f4t les formations courtes avec une dimension assez pratique. Il y a pas mal de stages, par exemple. Et l&#8217;id\u00e9e, c&#8217;est que vous faites un BTS en 2 ans, vous vous faites un BUT en trois ans et vous pouvez commencer \u00e0 travailler tout de suite. Donc c&#8217;est dans diff\u00e9rents domaines. \u00c7a peut \u00eatre le domaine commercial. Moi, j&#8217;ai un fr\u00e8re qui a fait un DUT dans l&#8217;animation aussi, l&#8217;animation sociale, pour aller travailler dans les associations, etc. Voil\u00e0, l&#8217;id\u00e9e, c&#8217;est d&#8217;avoir une formation assez courte et de pouvoir commencer \u00e0 travailler tout de suite. La petite diff\u00e9rence entre le BTS et le BUT, \u00e7a, c&#8217;est si vous voulez faire des \u00e9tudes en France ou si vous avez des enfants qui font des \u00e9tudes en France, c&#8217;est qu&#8217;en g\u00e9n\u00e9ral, la vocation du BTS, c&#8217;est de commencer \u00e0 travailler tout de suite apr\u00e8s, apr\u00e8s les deux ans, alors qu&#8217;avec un BUT, vous avez la possibilit\u00e9 de continuer des \u00e9tudes \u00e0 l&#8217;universit\u00e9 si vous n&#8217;avez pas envie de travailler imm\u00e9diatement. C&#8217;est un peu la diff\u00e9rence entre les deux. Et ce n&#8217;est pas des formations qui sont forc\u00e9ment dans les m\u00eames domaines. Donc, en fonction du domaine d&#8217;activit\u00e9 qui vous int\u00e9resse, vous allez faire plut\u00f4t un BTS ou plut\u00f4t un BUT. Ensuite, il y a l&#8217;universit\u00e9. \u00c7a, je pense que tu peux en parler mieux que moi.<\/p>\n\n\n\n<p><a id=\"sonaar_ts-6927c80927dc3\" class=\"srmp3_sonaar_ts_shortcode\"  style=\"\" href=\"javascript:sonaar_ts_shortcode({ trackid:'0', time:'00:24:03', ts_id:'6927c80927dc3', play_icon:'' }) ;\">[00:24:03]<\/a>&nbsp; &#8211; Ingrid<\/p>\n\n\n\n<p>L&#8217;universit\u00e9, c&#8217;est quand m\u00eame ce qui est le plus facile \u00e0 imaginer. \u00c7a ressemble un peu aux autres universit\u00e9s \u00e0 l&#8217;\u00e9chelle internationale. Il faut savoir qu&#8217;en France, pour s&#8217;appeler universit\u00e9, il faut \u00eatre un \u00e9tablissement public. Les \u00e9coles priv\u00e9es n&#8217;ont pas le droit de s&#8217;appeler universit\u00e9, donc les frais de scolarit\u00e9 sont vraiment peu \u00e9lev\u00e9s, voire inexistants. En g\u00e9n\u00e9ral, quand on s&#8217;inscrit \u00e0 l&#8217;universit\u00e9, on est oblig\u00e9 de payer pour avoir la mutuelle, donc la s\u00e9curit\u00e9 sociale. Mais sinon, apr\u00e8s, les frais sont pratiquement \u00e9gaux \u00e0 z\u00e9ro. Moi, il me semble que m\u00eame comme j&#8217;\u00e9tais boursi\u00e8re, je ne payais m\u00eame pas pour la s\u00e9curit\u00e9 sociale, donc c&#8217;\u00e9tait vraiment gratuit.<\/p>\n\n\n\n<p><a id=\"sonaar_ts-6927c80927dcc\" class=\"srmp3_sonaar_ts_shortcode\"  style=\"\" href=\"javascript:sonaar_ts_shortcode({ trackid:'0', time:'00:24:49', ts_id:'6927c80927dcc', play_icon:'' }) ;\">[00:24:49]<\/a>&nbsp; &#8211; Hugo<\/p>\n\n\n\n<p>Boursi\u00e8re, tu peux expliquer peut-\u00eatre ?<\/p>\n\n\n\n<p><a id=\"sonaar_ts-6927c80927dd1\" class=\"srmp3_sonaar_ts_shortcode\"  style=\"\" href=\"javascript:sonaar_ts_shortcode({ trackid:'0', time:'00:24:51', ts_id:'6927c80927dd1', play_icon:'' }) ;\">[00:24:51]<\/a>&nbsp; &#8211; Ingrid<\/p>\n\n\n\n<p>Donc, en fait, boursier, c&#8217;est quand, par rapport au revenu de nos parents, on est consid\u00e9r\u00e9 comme des \u00e9tudiants ayant besoin d&#8217;aide financi\u00e8re de la part de l&#8217;\u00c9tat. Et il y a plusieurs \u00e9chelons. \u00c0 l&#8217;\u00e9poque, il y en avait 8. \u00c7a veut dire que si on est \u00e9chelon 8, on va recevoir de l&#8217;argent tous les mois, une somme la plus \u00e9lev\u00e9e qui soit dans les possibilit\u00e9s. Si on est \u00e9chelon 1, on ne re\u00e7oit pas grand-chose. Si on est \u00e9chelon z\u00e9ro, qui \u00e9tait mon cas, on ne re\u00e7oit pas d&#8217;argent, mais par contre, on a beaucoup d&#8217;avantages. On a le droit de s&#8217;inscrire \u00e0 certains programmes d&#8217;aide, on a le droit \u00e0 avoir les frais de scolarit\u00e9 compl\u00e8tement r\u00e9duits. Et voil\u00e0, donc quand m\u00eame, l&#8217;universit\u00e9, \u00e7a reste un lieu public o\u00f9 l&#8217;objectif est d&#8217;accueillir tout le monde et de permettre \u00e0 tout le monde de poursuivre ses \u00e9tudes, m\u00eame quand on a peu de moyens. Et donc normalement, \u00e0 l&#8217;universit\u00e9, on peut s&#8217;inscrire dans plein de formations diff\u00e9rentes, en sachant que c&#8217;est des formations qui restent quand m\u00eame assez th\u00e9oriques. Apr\u00e8s, les \u00e9tudiants peuvent d&#8217;eux-m\u00eames, avec l&#8217;universit\u00e9, demander des stages en plus, demander \u00e0 faire un petit boulot \u00e0 c\u00f4t\u00e9 qui peut \u00eatre en lien avec leurs \u00e9tudes, puisque l&#8217;universit\u00e9, \u00e7a laisse quand m\u00eame beaucoup de temps libre.<\/p>\n\n\n\n<p><a id=\"sonaar_ts-6927c80927dd5\" class=\"srmp3_sonaar_ts_shortcode\"  style=\"\" href=\"javascript:sonaar_ts_shortcode({ trackid:'0', time:'00:26:15', ts_id:'6927c80927dd5', play_icon:'' }) ;\">[00:26:15]<\/a>&nbsp; &#8211; Ingrid<\/p>\n\n\n\n<p>Moi, je sais que c&#8217;est quand j&#8217;ai \u00e9tudi\u00e9 \u00e0 l&#8217;universit\u00e9 que j&#8217;ai pu par moi-m\u00eame avoir beaucoup d&#8217;exp\u00e9riences professionnelles \u00e0 c\u00f4t\u00e9, cr\u00e9er un journal \u00e9tudiant, faire un documentaire juste comme \u00e7a avec mon amie o\u00f9 on a demand\u00e9 des subventions, faire des stages dans des journaux. Donc, voil\u00e0, \u00e7a laisse assez de libert\u00e9 l&#8217;universit\u00e9, ce qui fait que c&#8217;est un super endroit d&#8217;apprentissage, mais par contre, o\u00f9 il faut \u00eatre assez autonome et o\u00f9 le taux d&#8217;\u00e9chec est assez \u00e9lev\u00e9 parce qu&#8217;on peut se retrouver dans des amphith\u00e9\u00e2tres, c&#8217;est-\u00e0-dire des lieux \u00e9normes o\u00f9 on peut \u00eatre 400 \u00e9l\u00e8ves. Parfois, on est tellement nombreux \u00e0 la rentr\u00e9e qu&#8217;il faut s&#8217;asseoir par terre parce qu&#8217;il n&#8217;y a pas assez de place pour tout le monde. Et si on n&#8217;a pas de discipline et un int\u00e9r\u00eat personnel tr\u00e8s important pour les mati\u00e8res qu&#8217;on \u00e9tudie, c&#8217;est tr\u00e8s facile d&#8217;abandonner. Personne ne nous surveille, aucun prof ne va aller nous chercher, il n&#8217;y a pas de suivi individuel. Donc voil\u00e0, c&#8217;est \u00e0 \u00e0 la fois super et en m\u00eame temps tr\u00e8s discriminant par rapport au niveau de maturit\u00e9 et d&#8217;accompagnement des \u00e9l\u00e8ves.<\/p>\n\n\n\n<p><a id=\"sonaar_ts-6927c80927dde\" class=\"srmp3_sonaar_ts_shortcode\"  style=\"\" href=\"javascript:sonaar_ts_shortcode({ trackid:'0', time:'00:27:30', ts_id:'6927c80927dde', play_icon:'' }) ;\">[00:27:30]<\/a>&nbsp; &#8211; Hugo<\/p>\n\n\n\n<p>Oui, c&#8217;est pour \u00e7a qu&#8217;il y a un gros taux d&#8217;\u00e9chec en premi\u00e8re ann\u00e9e \u00e0 l&#8217;universit\u00e9. Il y a beaucoup d&#8217;\u00e9tudiants qui ne passent pas en deuxi\u00e8me ann\u00e9e parce qu&#8217;ils ne sont pas assez autonomes, ils n&#8217;arrivent pas \u00e0 s&#8217;organiser. Et voil\u00e0, c&#8217;est un peu le revers de la m\u00e9daille. D&#8217;un c\u00f4t\u00e9, les universit\u00e9s sont tr\u00e8s accessibles et assez d\u00e9mocratiques parce que les frais de scolarit\u00e9 sont quasiment gratuits, mais de l&#8217;autre c\u00f4t\u00e9, si on n&#8217;arrive pas \u00e0 \u00eatre disciplin\u00e9, \u00e0 s&#8217;organiser soi-m\u00eame, c&#8217;est assez compliqu\u00e9 d&#8217;aller jusqu&#8217;au bout de son cursus. Donc, on peut dire que l&#8217;oppos\u00e9, pas forc\u00e9ment l&#8217;oppos\u00e9, mais&#8230; Comment dire \u00e7a ? Si, peut-\u00eatre, le reflet oppos\u00e9 des universit\u00e9s, c&#8217;est les pr\u00e9pas, les classes pr\u00e9paratoires. On a commenc\u00e9 \u00e0 en parler tout \u00e0 l&#8217;heure. Donc en fait, c&#8217;est deux ans d&#8217;\u00e9tudes juste apr\u00e8s le bac, uniquement dans l&#8217;optique de se pr\u00e9parer \u00e0 r\u00e9ussir un concours pour acc\u00e9der \u00e0 une grande \u00e9cole. Alors, les grandes \u00e9coles, il y en a diff\u00e9rentes cat\u00e9gories. Les grandes \u00e9coles d&#8217;ing\u00e9nieurs, les grandes \u00e9coles de commerce. Et ensuite, il me semble qu&#8217;il y en a d&#8217;autres. Oui, les grandes \u00e9coles pour aller dans l&#8217;administration, par exemple, les postes \u00e0 haute responsabilit\u00e9.<\/p>\n\n\n\n<p><a id=\"sonaar_ts-6927c80927de2\" class=\"srmp3_sonaar_ts_shortcode\"  style=\"\" href=\"javascript:sonaar_ts_shortcode({ trackid:'0', time:'00:28:50', ts_id:'6927c80927de2', play_icon:'' }) ;\">[00:28:50]<\/a>&nbsp; &#8211; Hugo<\/p>\n\n\n\n<p>Donc, en fait, je dis que c&#8217;est l&#8217;inverse de l&#8217;universit\u00e9 parce que dans les classes pr\u00e9paratoires, en g\u00e9n\u00e9ral, il y a une trentaine d&#8217;\u00e9l\u00e8ves. C&#8217;est un peu comme quand on \u00e9tait au lyc\u00e9e. Sauf que c&#8217;est extr\u00eamement exigeant et que les profs sont constamment sur le dos des \u00e9l\u00e8ves. Donc, non seulement on a une trentaine d&#8217;heures de cours par semaine, mais en plus, on a ce qu&#8217;on appelle des colles, o\u00f9 en fait, ce sont des examens oraux. On en a deux ou trois par semaine o\u00f9 on passe seul face au professeur et on doit pr\u00e9senter quelque chose par rapport \u00e0 une le\u00e7on. Le professeur nous interroge, donc on est constamment \u00e9valu\u00e9s. On a aussi, je me souviens, quasiment chaque semaine, un examen de trois ou quatre heures dans diff\u00e9rentes mati\u00e8res. Moi, je me souviens, c&#8217;\u00e9tait le vendredi apr\u00e8s-midi juste avant de partir en week-end, on avait quatre heures d&#8217;exam de maths. C&#8217;\u00e9tait vraiment les bons souvenirs. On \u00e9tait content quand c&#8217;\u00e9tait termin\u00e9. L\u00e0, les \u00e9l\u00e8ves sont vraiment tr\u00e8s encadr\u00e9s. On a un programme tr\u00e8s strict. Il faut \u00e9norm\u00e9ment travailler. On n&#8217;a pas du tout de place pour des projets annexes. On doit vraiment mettre sa vie personnelle entre parenth\u00e8ses. Donc, on ne fait pas la f\u00eate, on ne fait que travailler si on veut r\u00e9ussir.<\/p>\n\n\n\n<p><a id=\"sonaar_ts-6927c80927de7\" class=\"srmp3_sonaar_ts_shortcode\"  style=\"\" href=\"javascript:sonaar_ts_shortcode({ trackid:'0', time:'00:30:06', ts_id:'6927c80927de7', play_icon:'' }) ;\">[00:30:06]<\/a>&nbsp; &#8211; Ingrid<\/p>\n\n\n\n<p>Parce que moi, j&#8217;ai beaucoup fait la f\u00eate en pr\u00e9pa et j&#8217;ai compl\u00e8tement rat\u00e9.<\/p>\n\n\n\n<p><a id=\"sonaar_ts-6927c80927def\" class=\"srmp3_sonaar_ts_shortcode\"  style=\"\" href=\"javascript:sonaar_ts_shortcode({ trackid:'0', time:'00:30:10', ts_id:'6927c80927def', play_icon:'' }) ;\">[00:30:10]<\/a>&nbsp; &#8211; Hugo<\/p>\n\n\n\n<p>On n&#8217;a pas tous les m\u00eames exp\u00e9riences. C&#8217;est le prix \u00e0 payer. C&#8217;est pour \u00e7a que je&#8230;<\/p>\n\n\n\n<p><a id=\"sonaar_ts-6927c80927df4\" class=\"srmp3_sonaar_ts_shortcode\"  style=\"\" href=\"javascript:sonaar_ts_shortcode({ trackid:'0', time:'00:30:14', ts_id:'6927c80927df4', play_icon:'' }) ;\">[00:30:14]<\/a>&nbsp; &#8211; Ingrid<\/p>\n\n\n\n<p>C&#8217;est \u00e7a. Il faut choisir. Je n&#8217;ai pas choisi la r\u00e9ussite.<\/p>\n\n\n\n<p><a id=\"sonaar_ts-6927c80927df9\" class=\"srmp3_sonaar_ts_shortcode\"  style=\"\" href=\"javascript:sonaar_ts_shortcode({ trackid:'0', time:'00:30:16', ts_id:'6927c80927df9', play_icon:'' }) ;\">[00:30:16]<\/a>&nbsp; &#8211; Hugo<\/p>\n\n\n\n<p>C&#8217;est un peu tra\u00eetre parce que c&#8217;est les ann\u00e9es 18, 19, 20 ans. On a vraiment envie d&#8217;en profiter ou on quitte le domicile familial, on veut \u00eatre autonome. Et en fait, quand on est en pr\u00e9pa, non. La seule chose qu&#8217;on peut faire apr\u00e8s les cours, c&#8217;est de rentrer et faire trois ou quatre heures de devoirs, de choses qu&#8217;on a \u00e0 pr\u00e9parer pour le lendemain et basta. Moi, j&#8217;\u00e9tais en internat dans ce lyc\u00e9e, donc il n&#8217;y avait pas trop de distractions. C&#8217;\u00e9tait assez facile de rester concentr\u00e9. Mais en fait, c&#8217;est tellement exigeant parce qu&#8217;on sait qu&#8217;\u00e0 la fin, il va y avoir un concours et que pour aller dans les meilleures \u00e9coles, on va \u00eatre en comp\u00e9tition avec les meilleurs \u00e9l\u00e8ves. Il faut \u00eatre le mieux class\u00e9 possible. Donc, on se dit toujours qu&#8217;il y a d&#8217;autres&#8230; En tout cas, moi, je me disais : il y a d&#8217;autres \u00e9l\u00e8ves qui bossent plus que moi, qui vont mieux r\u00e9ussir. C&#8217;est tr\u00e8s, tr\u00e8s concurrentiel comme il y a vraiment cet esprit de comp\u00e9tition. On fait ces deux ans de pr\u00e9pa. Ensuite, si tout se passe bien, on r\u00e9ussit son concours et on arrive dans une grande \u00e9cole dans laquelle on fait trois ans d&#8217;\u00e9tudes et \u00e0 la fin, on a un master. Et en g\u00e9n\u00e9ral, quand on est dipl\u00f4m\u00e9 d&#8217;une grande \u00e9cole, \u00e7a ouvre \u00e9norm\u00e9ment de portes. C&#8217;est un peu l&#8217;\u00e9quivalent de la Ivy League aux \u00c9tats-Unis, quand on fait une grande \u00e9cole en France, c&#8217;est vraiment ce qu&#8217;on appelle aussi la voie royale pour ensuite faire une bonne carri\u00e8re.<\/p>\n\n\n\n<p><a id=\"sonaar_ts-6927c80927dfd\" class=\"srmp3_sonaar_ts_shortcode\"  style=\"\" href=\"javascript:sonaar_ts_shortcode({ trackid:'0', time:'00:31:52', ts_id:'6927c80927dfd', play_icon:'' }) ;\">[00:31:52]<\/a>&nbsp; &#8211; Ingrid<\/p>\n\n\n\n<p>Et enfin, pour terminer, il y a certaines formations dans certains domaines qui ne se font ni \u00e0 l&#8217;universit\u00e9 ni dans des grandes \u00e9coles. Il y a aussi des \u00e9coles sp\u00e9cialis\u00e9es. Je ne sais pas si c&#8217;est des \u00e9coles priv\u00e9es tout le temps. Je pense qu&#8217;il y a aussi des \u00e9coles publiques pour certains domaines. Par exemple, peut-\u00eatre les \u00e9coles d&#8217;infirmiers, les \u00e9coles dans certains domaines&#8230;<\/p>\n\n\n\n<p><a id=\"sonaar_ts-6927c80927e02\" class=\"srmp3_sonaar_ts_shortcode\"  style=\"\" href=\"javascript:sonaar_ts_shortcode({ trackid:'0', time:'00:32:18', ts_id:'6927c80927e02', play_icon:'' }) ;\">[00:32:18]<\/a>&nbsp; &#8211; Hugo<\/p>\n\n\n\n<p>L&#8217;architecture, l&#8217;art.<\/p>\n\n\n\n<p><a id=\"sonaar_ts-6927c80927e0e\" class=\"srmp3_sonaar_ts_shortcode\"  style=\"\" href=\"javascript:sonaar_ts_shortcode({ trackid:'0', time:'00:32:19', ts_id:'6927c80927e0e', play_icon:'' }) ;\">[00:32:19]<\/a>&nbsp; &#8211; Ingrid<\/p>\n\n\n\n<p>L&#8217;architecture, les ost\u00e9os, le journalisme. Moi, par exemple, il n&#8217;y avait pas de pr\u00e9pa pour pr\u00e9parer les \u00e9coles de journalisme. Il fallait le faire par soi-m\u00eame ou via des associations, tout en \u00e9tudiant autre chose. Donc, il y a l\u00e0 tout un ensemble. Je ne sais pas si \u00e7a repr\u00e9sente beaucoup de personnes, mais pour certains m\u00e9tiers tr\u00e8s sp\u00e9cifiques, quand on sait ce qu&#8217;on veut faire, on pr\u00e9pare un concours et on rentre dans ces \u00e9coles sp\u00e9cialis\u00e9es.<\/p>\n\n\n\n<p><a id=\"sonaar_ts-6927c80927e14\" class=\"srmp3_sonaar_ts_shortcode\"  style=\"\" href=\"javascript:sonaar_ts_shortcode({ trackid:'0', time:'00:32:47', ts_id:'6927c80927e14', play_icon:'' }) ;\">[00:32:47]<\/a>&nbsp; &#8211; Hugo<\/p>\n\n\n\n<p>Exactement. Et peut-\u00eatre un dernier point sur les formations priv\u00e9es, parce que c&#8217;est un sujet aussi dont on parle de plus en plus.<\/p>\n\n\n\n<p><a id=\"sonaar_ts-6927c80927e18\" class=\"srmp3_sonaar_ts_shortcode\"  style=\"\" href=\"javascript:sonaar_ts_shortcode({ trackid:'0', time:'00:32:54', ts_id:'6927c80927e18', play_icon:'' }) ;\">[00:32:54]<\/a>&nbsp; &#8211; Ingrid<\/p>\n\n\n\n<p>Les formations non reconnues par l&#8217;\u00c9tat, tu veux dire, peut-\u00eatre ?<\/p>\n\n\n\n<p><a id=\"sonaar_ts-6927c80927e1d\" class=\"srmp3_sonaar_ts_shortcode\"  style=\"\" href=\"javascript:sonaar_ts_shortcode({ trackid:'0', time:'00:32:57', ts_id:'6927c80927e1d', play_icon:'' }) ;\">[00:32:57]<\/a>&nbsp; &#8211; Hugo<\/p>\n\n\n\n<p>C&#8217;est \u00e7a. Non reconnues. Oui, c&#8217;est vrai qu&#8217;il y a la distinction. Par exemple, les grandes \u00e9coles, en particulier les grandes \u00e9coles de commerce, ce sont majoritairement des \u00e9coles priv\u00e9es. Donc non seulement il faut r\u00e9ussir le concours, mais en plus, apr\u00e8s, il faut payer chaque ann\u00e9e. \u00c7a co\u00fbte assez cher. \u00c7a fait partie des formations les plus ch\u00e8res en France. Les \u00e9coles d&#8217;ing\u00e9nieurs, c&#8217;est diff\u00e9rent. Il y en a beaucoup qui sont publiques. Mais \u00e0 c\u00f4t\u00e9 de \u00e7a, il y a aussi de plus en plus d&#8217;\u00e9coles priv\u00e9es, de formations priv\u00e9es qui ne sont pas reconnues par l&#8217;\u00c9tat. Donc c&#8217;est un peu un probl\u00e8me. Par rapport \u00e0 ce qu&#8217;on vous a expliqu\u00e9 avec Parcoursup, il y a pas mal d&#8217;\u00e9l\u00e8ves qui se retrouvent sans \u00e9tudes sup\u00e9rieures apr\u00e8s le bac, qui ne savent pas quoi faire. Et donc, pour les recruter, il y a des formations priv\u00e9es qui se cr\u00e9ent et qui leur disent : \u00ab bon voil\u00e0, vous allez payer quelques milliers d&#8217;euros par an et vous allez quand m\u00eame avoir un dipl\u00f4me \u00e0 la fin \u00bb avec un marketing bien rod\u00e9. Mais en r\u00e9alit\u00e9, ces dipl\u00f4mes n&#8217;ont aucune valeur parce qu&#8217;ils ne sont pas reconnus par l&#8217;\u00c9tat. Et les entreprises non plus, en g\u00e9n\u00e9ral, ne ne laissent pas forc\u00e9ment ces dipl\u00f4mes. Donc, c&#8217;est un probl\u00e8me parce qu&#8217;il y a de plus en plus d&#8217;\u00e9l\u00e8ves qui s&#8217;inscrivent dans ces formations-l\u00e0, qui d\u00e9pensent beaucoup d&#8217;argent et qui obtiennent un dipl\u00f4me qui ne vaut rien.<\/p>\n\n\n\n<p><a id=\"sonaar_ts-6927c80927e21\" class=\"srmp3_sonaar_ts_shortcode\"  style=\"\" href=\"javascript:sonaar_ts_shortcode({ trackid:'0', time:'00:34:18', ts_id:'6927c80927e21', play_icon:'' }) ;\">[00:34:18]<\/a>&nbsp; &#8211; Ingrid<\/p>\n\n\n\n<p>Oui, qui typiquement ne leur donnent aucun cr\u00e9dit. Les cr\u00e9dits qu&#8217;on \u00e9voquait \u00e0 l&#8217;origine. Donc, \u00e7a peut permettre d&#8217;aller nulle part apr\u00e8s. Et c&#8217;est dommage parce qu&#8217;on perd beaucoup d&#8217;argent pour gagner pas grand-chose en termes de possibilit\u00e9 de travailler ou de continuer ses \u00e9tudes apr\u00e8s.<\/p>\n\n\n\n<p><a id=\"sonaar_ts-6927c80927e26\" class=\"srmp3_sonaar_ts_shortcode\"  style=\"\" href=\"javascript:sonaar_ts_shortcode({ trackid:'0', time:'00:34:39', ts_id:'6927c80927e26', play_icon:'' }) ;\">[00:34:39]<\/a>&nbsp; &#8211; Hugo<\/p>\n\n\n\n<p>Exactement. On avait pr\u00e9vu de parler aussi des conditions de vie des \u00e9tudiants, mais je pense que l\u00e0, l&#8217;\u00e9pisode va durer une heure.<\/p>\n\n\n\n<p><a id=\"sonaar_ts-6927c80927e2e\" class=\"srmp3_sonaar_ts_shortcode\"  style=\"\" href=\"javascript:sonaar_ts_shortcode({ trackid:'0', time:'00:39:41', ts_id:'6927c80927e2e', play_icon:'' }) ;\">[00:39:41]<\/a>&nbsp; &#8211; Ingrid<\/p>\n\n\n\n<p>On peut faire un \u00e9pisode que sur \u00e7a, peut-\u00eatre.<\/p>\n\n\n\n<p><a id=\"sonaar_ts-6927c80927e32\" class=\"srmp3_sonaar_ts_shortcode\"  style=\"\" href=\"javascript:sonaar_ts_shortcode({ trackid:'0', time:'00:34:51', ts_id:'6927c80927e32', play_icon:'' }) ;\">[00:34:51]<\/a>&nbsp; &#8211; Hugo<\/p>\n\n\n\n<p>Je pense qu&#8217;on consacrera un autre \u00e9pisode \u00e0 ce sujet, d&#8217;autant plus qu&#8217;on a plein de choses int\u00e9ressantes \u00e0 dire, parce que quand on a pr\u00e9par\u00e9 les nouvelles interviews pour le cours Les visages de Paris, on a interview\u00e9 la pr\u00e9sidente du principal syndicat \u00e9tudiant en France. Elle nous a appris plein de trucs sur la vie quotidienne des \u00e9tudiants, leurs contraintes, les questions de budget, etc. Plein de choses passionnantes. Peut-\u00eatre qu&#8217;on fera un autre \u00e9pisode dessus. Qu&#8217;est-ce que tu en penses ?<\/p>\n\n\n\n<p><a id=\"sonaar_ts-6927c80927e37\" class=\"srmp3_sonaar_ts_shortcode\"  style=\"\" href=\"javascript:sonaar_ts_shortcode({ trackid:'0', time:'00:35:20', ts_id:'6927c80927e37', play_icon:'' }) ;\">[00:35:20]<\/a>&nbsp; &#8211; Ingrid<\/p>\n\n\n\n<p>Oui, je pense que \u00e7a peut \u00eatre int\u00e9ressant de pr\u00e9parer \u00e7a. Vous nous dites dans les commentaires.<\/p>\n\n\n\n<p><a id=\"sonaar_ts-6927c80927e3b\" class=\"srmp3_sonaar_ts_shortcode\"  style=\"\" href=\"javascript:sonaar_ts_shortcode({ trackid:'0', time:'00:35:25', ts_id:'6927c80927e3b', play_icon:'' }) ;\">[00:35:25]<\/a>&nbsp; &#8211; Hugo<\/p>\n\n\n\n<p>On esp\u00e8re en tout cas que vous avez mieux compris maintenant l&#8217;\u00e9cosyst\u00e8me des \u00e9tudes en France, comment \u00e7a se passe pour faire des \u00e9tudes sup\u00e9rieures en France. S&#8217;il y a des points qui n&#8217;ont pas \u00e9t\u00e9 clairs, n&#8217;h\u00e9sitez pas \u00e0 poser vos questions. Si vous avez \u00e9tudi\u00e9 en France ou vous connaissez des personnes qui ont \u00e9tudi\u00e9 en France, vous pouvez aussi partager vos exp\u00e9riences dans les commentaires. N&#8217;h\u00e9sitez pas \u00e0 nourrir la discussion. Merci pour votre attention et on se retrouve tr\u00e8s bient\u00f4t.<\/p>\n\n\n\n<p><a id=\"sonaar_ts-6927c80927e40\" class=\"srmp3_sonaar_ts_shortcode\"  style=\"\" href=\"javascript:sonaar_ts_shortcode({ trackid:'0', time:'00:35:53', ts_id:'6927c80927e40', play_icon:'' }) ;\">[00:35:53]<\/a>&nbsp; &#8211; Ingrid<\/p>\n\n\n\n<p>\u00c0 bient\u00f4t.<\/p>\n","protected":false},"excerpt":{"rendered":"<p>&nbsp; &#8211; Hugo Les \u00e9tudes sup\u00e9rieures en France. &nbsp; &#8211; Hugo Salut \u00e0 toutes et \u00e0 tous. Salut Ingrid. &nbsp; &#8211; Ingrid Salut Hugo. Tu vas bien ? &nbsp; &#8211; Hugo Ouais, \u00e7a va et toi ? &nbsp; &#8211; Ingrid \u00c7a va bien. &nbsp; &#8211; Hugo \u00c7a se passe bien \u00e0 Toulouse ? Tu reprends&#8230;<\/p>\n","protected":false},"author":17473,"featured_media":208526,"comment_status":"open","ping_status":"open","sticky":false,"template":"","format":[191],"meta":{"_acf_changed":false,"_kad_blocks_custom_css":"","_kad_blocks_head_custom_js":"","_kad_blocks_body_custom_js":"","_kad_blocks_footer_custom_js":"","_kad_post_transparent":"","_kad_post_title":"","_kad_post_layout":"","_kad_post_sidebar_id":"","_kad_post_content_style":"","_kad_post_vertical_padding":"","_kad_post_feature":"","_kad_post_feature_position":"","_kad_post_header":false,"_kad_post_footer":false,"_kad_post_classname":"","footnotes":""},"categories":[168],"tags":[169,175,172],"class_list":["post-289610","post","type-post","status-publish","format-standard","has-post-thumbnail","hentry","category-podcast","tag-apprentissage","tag-france","tag-societe","format-duo-hugo-ingrid"],"acf":[],"taxonomy_info":{"category":[{"value":168,"label":"Podcast"}],"post_tag":[{"value":169,"label":"Apprentissage"},{"value":175,"label":"France"},{"value":172,"label":"Soci\u00e9t\u00e9"}],"format":[{"value":191,"label":"Duo Hugo &amp; Ingrid"}]},"featured_image_src_large":["https:\/\/innerfrench.com\/wp-content\/uploads\/2025\/05\/etudes-photo-750x406.jpg",750,406,true],"author_info":{"display_name":"Hugo &amp; Ingrid","author_link":"https:\/\/innerfrench.com\/author\/hugo_ingrid\/"},"comment_info":13,"category_info":[{"term_id":168,"name":"Podcast","slug":"podcast","term_group":0,"term_taxonomy_id":168,"taxonomy":"category","description":"","parent":0,"count":185,"filter":"raw","cat_ID":168,"category_count":185,"category_description":"","cat_name":"Podcast","category_nicename":"podcast","category_parent":0}],"tag_info":[{"term_id":169,"name":"Apprentissage","slug":"apprentissage","term_group":0,"term_taxonomy_id":169,"taxonomy":"post_tag","description":"","parent":0,"count":31,"filter":"raw"},{"term_id":175,"name":"France","slug":"france","term_group":0,"term_taxonomy_id":175,"taxonomy":"post_tag","description":"","parent":0,"count":100,"filter":"raw"},{"term_id":172,"name":"Soci\u00e9t\u00e9","slug":"societe","term_group":0,"term_taxonomy_id":172,"taxonomy":"post_tag","description":"","parent":0,"count":94,"filter":"raw"}],"_links":{"self":[{"href":"https:\/\/innerfrench.com\/wp-json\/wp\/v2\/posts\/289610","targetHints":{"allow":["GET"]}}],"collection":[{"href":"https:\/\/innerfrench.com\/wp-json\/wp\/v2\/posts"}],"about":[{"href":"https:\/\/innerfrench.com\/wp-json\/wp\/v2\/types\/post"}],"author":[{"embeddable":true,"href":"https:\/\/innerfrench.com\/wp-json\/wp\/v2\/users\/17473"}],"replies":[{"embeddable":true,"href":"https:\/\/innerfrench.com\/wp-json\/wp\/v2\/comments?post=289610"}],"version-history":[{"count":2,"href":"https:\/\/innerfrench.com\/wp-json\/wp\/v2\/posts\/289610\/revisions"}],"predecessor-version":[{"id":292786,"href":"https:\/\/innerfrench.com\/wp-json\/wp\/v2\/posts\/289610\/revisions\/292786"}],"wp:featuredmedia":[{"embeddable":true,"href":"https:\/\/innerfrench.com\/wp-json\/wp\/v2\/media\/208526"}],"wp:attachment":[{"href":"https:\/\/innerfrench.com\/wp-json\/wp\/v2\/media?parent=289610"}],"wp:term":[{"taxonomy":"category","embeddable":true,"href":"https:\/\/innerfrench.com\/wp-json\/wp\/v2\/categories?post=289610"},{"taxonomy":"post_tag","embeddable":true,"href":"https:\/\/innerfrench.com\/wp-json\/wp\/v2\/tags?post=289610"},{"taxonomy":"format","embeddable":true,"href":"https:\/\/innerfrench.com\/wp-json\/wp\/v2\/format?post=289610"}],"curies":[{"name":"wp","href":"https:\/\/api.w.org\/{rel}","templated":true}]}}