{"id":289613,"date":"2025-06-18T15:53:00","date_gmt":"2025-06-18T13:53:00","guid":{"rendered":"https:\/\/innerfrench.com\/?p=208602"},"modified":"2025-09-25T08:50:22","modified_gmt":"2025-09-25T06:50:22","slug":"e173-la-france-sous-loccupation","status":"publish","type":"post","link":"https:\/\/innerfrench.com\/e173-la-france-sous-loccupation\/","title":{"rendered":"#173 La France sous l&#8217;Occupation"},"content":{"rendered":"\n<p><b><a id=\"sonaar_ts-6927c6c822d5e\" class=\"srmp3_sonaar_ts_shortcode\"  style=\"\" href=\"javascript:sonaar_ts_shortcode({ trackid:'0', time:'00:00:01', ts_id:'6927c6c822d5e', play_icon:'' }) ;\">[00:00:01]<\/a> &#8211; Hugo<\/b><\/p>\n\n\n\n<p>La France sous l&#8217;occupation.<\/p>\n\n\n\n<p><b><a id=\"sonaar_ts-6927c6c822d6c\" class=\"srmp3_sonaar_ts_shortcode\"  style=\"\" href=\"javascript:sonaar_ts_shortcode({ trackid:'0', time:'00:00:07', ts_id:'6927c6c822d6c', play_icon:'' }) ;\">[00:00:07]<\/a> &#8211; Hugo<\/b><\/p>\n\n\n\n<p>Salut \u00e0 toutes et \u00e0 tous. Salut Ingrid.<\/p>\n\n\n\n<p><b><a id=\"sonaar_ts-6927c6c822d74\" class=\"srmp3_sonaar_ts_shortcode\"  style=\"\" href=\"javascript:sonaar_ts_shortcode({ trackid:'0', time:'00:00:09', ts_id:'6927c6c822d74', play_icon:'' }) ;\">[00:00:09]<\/a> &#8211; Hugo<\/b><\/p>\n\n\n\n<p>Salut Hugo.<\/p>\n\n\n\n<p><b><a id=\"sonaar_ts-6927c6c822d79\" class=\"srmp3_sonaar_ts_shortcode\"  style=\"\" href=\"javascript:sonaar_ts_shortcode({ trackid:'0', time:'00:00:10', ts_id:'6927c6c822d79', play_icon:'' }) ;\">[00:00:10]<\/a> &#8211; Hugo<\/b><\/p>\n\n\n\n<p>Aujourd&#8217;hui, ou plut\u00f4t au moment o\u00f9 on publie cet \u00e9pisode, on est le 18 juin. Et le 18 juin, c&#8217;est une date importante dans l&#8217;histoire des Fran\u00e7ais, puisque c&#8217;est l&#8217;appel du g\u00e9n\u00e9ral de Gaulle. Donc, on va vous expliquer un peu plus tard dans cet \u00e9pisode de quoi il s&#8217;agit, mais ce qu&#8217;il faut savoir, ce que vous avez besoin de savoir maintenant, c&#8217;est que dans cet \u00e9pisode, on va parler de la France pendant la Seconde Guerre mondiale et en particulier la France sous l&#8217;Occupation.<\/p>\n\n\n\n<p><b><a id=\"sonaar_ts-6927c6c822d7e\" class=\"srmp3_sonaar_ts_shortcode\"  style=\"\" href=\"javascript:sonaar_ts_shortcode({ trackid:'0', time:'00:00:43', ts_id:'6927c6c822d7e', play_icon:'' }) ;\">[00:00:43]<\/a> &#8211; Ingrid<\/b><\/p>\n\n\n\n<p>Oui, parce qu&#8217;entre 1940 et 1944, comme vous le savez s\u00fbrement, la France a \u00e9t\u00e9 occup\u00e9e par l&#8217;Allemagne nazie. Et aujourd&#8217;hui, dans la m\u00e9moire collective fran\u00e7aise, on a tendance \u00e0 c\u00e9l\u00e9brer beaucoup ceux qui r\u00e9sistaient contre ces occupants. Et le g\u00e9n\u00e9ral de Gaulle est une figure importante de cette r\u00e9sistance. Donc, dans les informations aujourd&#8217;hui, aujourd&#8217;hui, en tout cas au moment o\u00f9 vous \u00e9coutez cet \u00e9pisode, vous verrez peut-\u00eatre beaucoup de choses sur l&#8217;appel du g\u00e9n\u00e9ral de Gaulle, sur cette figure tr\u00e8s importante. Et nous, dans cet \u00e9pisode, on avait envie de donner une image un peu plus, comment dire, compl\u00e8te, nuanc\u00e9e de ce qui s&#8217;est pass\u00e9 r\u00e9ellement en France \u00e0 ce moment-l\u00e0.<\/p>\n\n\n\n<p><b><a id=\"sonaar_ts-6927c6c822d83\" class=\"srmp3_sonaar_ts_shortcode\"  style=\"\" href=\"javascript:sonaar_ts_shortcode({ trackid:'0', time:'00:01:39', ts_id:'6927c6c822d83', play_icon:'' }) ;\">[00:01:39]<\/a> &#8211; Hugo<\/b><\/p>\n\n\n\n<p>Oui, parce que c&#8217;est vrai que dans les pays anglo-saxons, notamment, on entend beaucoup l&#8217;inverse. On entend que les Fran\u00e7ais ont collabor\u00e9, qu&#8217;il n&#8217;y a quasiment pas eu de r\u00e9sistance. Donc, on a un peu ces deux sons de cloche. Son de cloche, c&#8217;est une expression pour dire deux opinions diff\u00e9rentes, deux avis diff\u00e9rents. Avec, en France, on c\u00e9l\u00e8bre nos r\u00e9sistants. Et puis, dans certains pays, notamment les pays anglo-saxons, on entend plut\u00f4t que les Fran\u00e7ais ne se sont pas beaucoup d\u00e9fendus pendant cette Seconde Guerre mondiale. Donc, vous, vous demandez peut-\u00eatre comment c&#8217;\u00e9tait concr\u00e8tement la vie en France \u00e0 cette p\u00e9riode-l\u00e0. C&#8217;est ce qu&#8217;on va essayer de vous expliquer dans cet \u00e9pisode.<\/p>\n\n\n\n<p><b><a id=\"sonaar_ts-6927c6c822d88\" class=\"srmp3_sonaar_ts_shortcode\"  style=\"\" href=\"javascript:sonaar_ts_shortcode({ trackid:'0', time:'00:02:30', ts_id:'6927c6c822d88', play_icon:'' }) ;\">[00:02:30]<\/a> &#8211; Ingrid<\/b><\/p>\n\n\n\n<p>Pour commencer, on va faire le point sur ce qu&#8217;il s&#8217;est pass\u00e9 au tout d\u00e9but de l&#8217;occupation, c&#8217;est-\u00e0-dire comment est-ce qu&#8217;on en est arriv\u00e9 l\u00e0. Alors, en septembre 1939, Hitler a envahi la Pologne et \u00e0 la suite de \u00e7a, la France et le Royaume-Uni ont d\u00e9clar\u00e9 la guerre \u00e0 l&#8217;Allemagne. Mais ensuite, il s&#8217;est pass\u00e9 quelque chose d&#8217;un peu bizarre, ce qu&#8217;on appelle la dr\u00f4le de guerre. Alors, \u00ab dr\u00f4le de \u00bb, Hugo, tu peux nous expliquer cette expression ?<\/p>\n\n\n\n<p><b><a id=\"sonaar_ts-6927c6c822d8c\" class=\"srmp3_sonaar_ts_shortcode\"  style=\"\" href=\"javascript:sonaar_ts_shortcode({ trackid:'0', time:'00:03:05', ts_id:'6927c6c822d8c', play_icon:'' }) ;\">[00:03:05]<\/a> &#8211; Hugo<\/b><\/p>\n\n\n\n<p>Oui, vous savez qu&#8217;il y a certains adjectifs dont le sens change en fonction de leur position. S&#8217;ils sont plac\u00e9s avant ou apr\u00e8s le nom. Donc, c&#8217;est le cas avec l&#8217;adjectif \u00ab dr\u00f4le \u00bb. Quand dr\u00f4le est plac\u00e9 avant le non, il n&#8217;a pas le sens de amusant, de rigolo, mais plut\u00f4t le sens de bizarre, \u00e9trange. Donc, quand on dit la dr\u00f4le de guerre, \u00e7a ne veut pas dire que c&#8217;\u00e9tait une guerre amusante. Par d\u00e9finition, il n&#8217;y a pas vraiment de guerre amusante, mais c&#8217;\u00e9tait plut\u00f4t une guerre bizarre. Pourquoi cette guerre \u00e9tait bizarre ? Eh bien, parce que les soldats fran\u00e7ais \u00e9taient mobilis\u00e9s. Ils \u00e9taient pr\u00e9par\u00e9s \u00e0 combattre, des millions de soldats.<\/p>\n\n\n\n<p><b><a id=\"sonaar_ts-6927c6c822d91\" class=\"srmp3_sonaar_ts_shortcode\"  style=\"\" href=\"javascript:sonaar_ts_shortcode({ trackid:'0', time:'00:03:48', ts_id:'6927c6c822d91', play_icon:'' }) ;\">[00:03:48]<\/a> &#8211; Hugo<\/b><\/p>\n\n\n\n<p>D&#8217;ailleurs, \u00e7a faisait des ann\u00e9es que les Fran\u00e7ais se pr\u00e9paraient \u00e0 une nouvelle guerre avec l&#8217;Allemagne. Ils savaient que \u00e7a allait arriver. Et pour \u00e7a, ils avaient d\u00e9cid\u00e9 de construire la ligne Maginot. Alors \u00e7a, par contre, c&#8217;est quelque chose d&#8217;assez dr\u00f4le, maintenant, quand on en parle, parce que \u00e7a n&#8217;a pas du tout fonctionn\u00e9. Mais en fait, la ligne Maginot, c&#8217;\u00e9tait une ligne de fortification qui \u00e9tait construite sur les fronti\u00e8res est de la France pour les prot\u00e9ger en cas d&#8217;invasion. \u00c7a, on avait commenc\u00e9 \u00e0 construire cette ligne en 1928, donc bien avant le d\u00e9but de cette guerre, et on pensait que gr\u00e2ce \u00e0 cette protection, gr\u00e2ce \u00e0 la ligne Maginot, l&#8217;Allemagne ne pourrait pas \u00e0 nouveau nous envahir, qu&#8217;on serait tranquilles. Les Fran\u00e7ais \u00e9taient vraiment rassur\u00e9s par cette ligne Maginot, mais Hitler a trouv\u00e9 le moyen de passer par un autre endroit o\u00f9 la ligne n&#8217;\u00e9tait pas encore totalement construite. Donc finalement, cette ligne Maginot a \u00e9t\u00e9 totalement inefficace.<\/p>\n\n\n\n<p><b><a id=\"sonaar_ts-6927c6c822d96\" class=\"srmp3_sonaar_ts_shortcode\"  style=\"\" href=\"javascript:sonaar_ts_shortcode({ trackid:'0', time:'00:04:51', ts_id:'6927c6c822d96', play_icon:'' }) ;\">[00:04:51]<\/a> &#8211; Ingrid<\/b><\/p>\n\n\n\n<p>Oui, il est pass\u00e9 par des montagnes que les Fran\u00e7ais pensaient infranchissables. Et finalement, les Allemands ont r\u00e9ussi \u00e0 passer. Et donc, en mai-juin 1940, comme \u00e7a, d&#8217;un coup, de mani\u00e8re totalement surprenante, les Allemands entrent en France et ils arrivent \u00e0 Paris. Ce qui fait que dans la population fran\u00e7aise, il y a une panique. Il y a beaucoup de Fran\u00e7ais qui fuient vers le sud. On appelle \u00e7a l&#8217;\u00c9xode. 8 \u00e0 10 millions de civils qui s&#8217;en vont, qui se d\u00e9placent et qui vont \u00eatre des r\u00e9fugi\u00e9s dans leur propre pays. Le gouvernement aussi s&#8217;enfuit. Il va \u00e0 Bordeaux et celui qui est le chef du gouvernement, on appelle \u00e7a un pr\u00e9sident du conseil \u00e0 l&#8217;\u00e9poque, il d\u00e9cide de d\u00e9missionner et de confier le pouvoir \u00e0 un militaire, le mar\u00e9chal P\u00e9tain. Et donc, face \u00e0 cette situation, alors que tous les civils sont paniqu\u00e9s, les hommes politiques ont deux positions qu&#8217;on va vous expliquer.<\/p>\n\n\n\n<p><b><a id=\"sonaar_ts-6927c6c822da0\" class=\"srmp3_sonaar_ts_shortcode\"  style=\"\" href=\"javascript:sonaar_ts_shortcode({ trackid:'0', time:'00:06:00', ts_id:'6927c6c822da0', play_icon:'' }) ;\">[00:06:00]<\/a> &#8211; Hugo<\/b><\/p>\n\n\n\n<p>Oui, deux positions qui sont incarn\u00e9es par deux hommes aux profils totalement diff\u00e9rents, \u00e0 part qu&#8217;ils sont tous les deux militaires. Donc, le premier, c&#8217;est le mar\u00e9chal Philippe P\u00e9tain, qui a 84 ans et c&#8217;est un h\u00e9ros national, un h\u00e9ros de la Premi\u00e8re Guerre mondiale. Il s&#8217;est notamment illustr\u00e9 pendant la c\u00e9l\u00e8bre bataille de Verdun et c&#8217;est quelqu&#8217;un qui est tr\u00e8s populaire en France. Alors lui, le Philippe P\u00e9tain, il veut que les Fran\u00e7ais gardent un commandement en France, qu&#8217;ils gardent le contr\u00f4le de la France. Et pour garder ce contr\u00f4le, il est pr\u00eat \u00e0 cohabiter avec les nazis.<\/p>\n\n\n\n<p><b><a id=\"sonaar_ts-6927c6c822da5\" class=\"srmp3_sonaar_ts_shortcode\"  style=\"\" href=\"javascript:sonaar_ts_shortcode({ trackid:'0', time:'00:06:44', ts_id:'6927c6c822da5', play_icon:'' }) ;\">[00:06:44]<\/a> &#8211; Hugo<\/b><\/p>\n\n\n\n<p>Tr\u00e8s vite, il se rend compte que, ou en tout cas, lui, il pense que l&#8217;Arm\u00e9e fran\u00e7aise n&#8217;a aucune chance de r\u00e9sister \u00e0 l&#8217;Arm\u00e9e allemande. Donc, dans un discours, le discours du 17 juin, un jour avant le g\u00e9n\u00e9ral de Gaulle, lui, il invite les Fran\u00e7ais, les soldats fran\u00e7ais, \u00e0 cesser le combat. Parce que m\u00eame si l&#8217;Arm\u00e9e allemande est arriv\u00e9e jusqu&#8217;\u00e0 Paris, il y a encore plus d&#8217;un million de soldats fran\u00e7ais qui sont mobilis\u00e9s, qui ont leurs armes, etc, qui attendent les ordres, mais P\u00e9tain les invite, ou plut\u00f4t les encourage, \u00e0 arr\u00eater le combat. Et quelques jours plus tard, le 22 juin, il signe l&#8217;armistice avec Hitler.<\/p>\n\n\n\n<p><b><a id=\"sonaar_ts-6927c6c822daa\" class=\"srmp3_sonaar_ts_shortcode\"  style=\"\" href=\"javascript:sonaar_ts_shortcode({ trackid:'0', time:'00:07:28', ts_id:'6927c6c822daa', play_icon:'' }) ;\">[00:07:28]<\/a> &#8211; Le Mar\u00e9chal P\u00e9tain<\/b><\/p>\n\n\n\n<p>C&#8217;est le c\u0153ur serr\u00e9 que je vous dise aujourd&#8217;hui qu&#8217;il faut cesser le combat. Je me suis adress\u00e9 cette nuit \u00e0 l&#8217;adversaire pour lui demander s&#8217;il est pr\u00eat \u00e0 rechercher avec moi, entre soldats, apr\u00e8s la lutte et dans l&#8217;honneur, les moyens de mettre un terme aux hostilit\u00e9s.<\/p>\n\n\n\n<p><b><a id=\"sonaar_ts-6927c6c822dae\" class=\"srmp3_sonaar_ts_shortcode\"  style=\"\" href=\"javascript:sonaar_ts_shortcode({ trackid:'0', time:'00:07:47', ts_id:'6927c6c822dae', play_icon:'' }) ;\">[00:07:47]<\/a> &#8211; Ingrid<\/b><\/p>\n\n\n\n<p>Et les conditions de l&#8217;armistice font que la France est d\u00e9coup\u00e9e en deux. Il y a une zone occup\u00e9e dans le Nord, donc Paris, Lyon, par exemple, se retrouvent dans la zone occup\u00e9e, l\u00e0 o\u00f9 il y aura des militaires allemands pour contr\u00f4ler la s\u00e9curit\u00e9 dans la rue. Et puis, il y a une zone libre, une zone qui a une police fran\u00e7aise qui gardent les panneaux de circulation en fran\u00e7ais, etc.<\/p>\n\n\n\n<p><b><a id=\"sonaar_ts-6927c6c822db2\" class=\"srmp3_sonaar_ts_shortcode\"  style=\"\" href=\"javascript:sonaar_ts_shortcode({ trackid:'0', time:'00:08:19', ts_id:'6927c6c822db2', play_icon:'' }) ;\">[00:08:19]<\/a> &#8211; Ingrid<\/b><\/p>\n\n\n\n<p>Et le mar\u00e9chal P\u00e9tain, lui, il installe un gouvernement \u00e0 Vichy, une ville qui se retrouve exactement au milieu entre les deux zones. Parce qu&#8217;il faut savoir, et \u00e7a, c&#8217;est quelque chose que moi-m\u00eame, avant de pr\u00e9parer l&#8217;\u00e9pisode, je ne savais pas, que le mar\u00e9chal P\u00e9tain va \u00eatre le dirigeant de toute la France administrativement. Donc, m\u00eame s&#8217;il y a une zone occup\u00e9e avec des soldats allemands dans le Nord, reste que l&#8217;administration, en g\u00e9n\u00e9ral, de toute la France des deux zones, est sous le commandement du mar\u00e9chal P\u00e9tain.<\/p>\n\n\n\n<p><b><a id=\"sonaar_ts-6927c6c822db7\" class=\"srmp3_sonaar_ts_shortcode\"  style=\"\" href=\"javascript:sonaar_ts_shortcode({ trackid:'0', time:'00:09:01', ts_id:'6927c6c822db7', play_icon:'' }) ;\">[00:09:01]<\/a> &#8211; Hugo<\/b><\/p>\n\n\n\n<p>Exactement. Et c&#8217;est pour \u00e7a qu&#8217;on appelle ce gouvernement le r\u00e9gime de Vichy. Et globalement, c&#8217;est souvent le terme qu&#8217;on utilise pour parler de la France sous l&#8217;occupation. La France, pendant la Deuxi\u00e8me Guerre mondiale, \u00e9tait dirig\u00e9e par le r\u00e9gime de Vichy. C&#8217;est le nom de cette petite ville qui se trouvait entre les deux zones. Alors, vous vous demandez peut-\u00eatre pourquoi Hitler a d\u00e9cid\u00e9 ce d\u00e9coupage entre d&#8217;un c\u00f4t\u00e9, la zone occup\u00e9e et de l&#8217;autre c\u00f4t\u00e9 la zone libre. Pourquoi il a d\u00e9cid\u00e9 de laisser une zone libre aux Fran\u00e7ais ? Eh bien, parce qu&#8217;Hitler avait besoin des ressources \u00e9conomiques de la France. Il avait besoin que les Fran\u00e7ais continuent \u00e0 travailler \u00e0 payer, cultiver les champs pour avoir de la nourriture, \u00e0 produire dans les usines pour avoir des armes. Et donc, il a d\u00e9cid\u00e9 que la meilleure strat\u00e9gie pour \u00e7a, c&#8217;\u00e9tait de laisser aux Fran\u00e7ais l&#8217;illusion d&#8217;avoir d&#8217;avoir un gouvernement et d&#8217;avoir cette zone libre, m\u00eame si, \u00e9videmment, ce gouvernement de P\u00e9tain \u00e9tait tr\u00e8s&#8230; Comment dire ? Il n&#8217;\u00e9tait pas compl\u00e8tement libre parce qu&#8217;il devait r\u00e9pondre au r\u00e9gime nazi.<\/p>\n\n\n\n<p><b><a id=\"sonaar_ts-6927c6c822dbc\" class=\"srmp3_sonaar_ts_shortcode\"  style=\"\" href=\"javascript:sonaar_ts_shortcode({ trackid:'0', time:'00:10:16', ts_id:'6927c6c822dbc', play_icon:'' }) ;\">[00:10:16]<\/a> &#8211; Ingrid<\/b><\/p>\n\n\n\n<p>Oui, et c&#8217;est pour \u00e7a d&#8217;ailleurs que les nazis ont d\u00e9cid\u00e9 de s\u00e9parer la France en deux et de contr\u00f4ler seulement une partie, puisque le Nord, c&#8217;\u00e9tait la partie qui \u00e9tait la plus int\u00e9ressante militairement et \u00e9conomiquement. Ils se sont dit que s&#8217;ils contr\u00f4laient le Nord, les ports, les grandes villes, etc, ce serait bon pour leur gouvernance et que si les Fran\u00e7ais avaient un esp\u00e8ce de semblant de libert\u00e9 dans une autre zone, ce serait aussi bon pour \u00e9viter la r\u00e9bellion.<\/p>\n\n\n\n<p><b><a id=\"sonaar_ts-6927c6c822dc0\" class=\"srmp3_sonaar_ts_shortcode\"  style=\"\" href=\"javascript:sonaar_ts_shortcode({ trackid:'0', time:'00:10:51', ts_id:'6927c6c822dc0', play_icon:'' }) ;\">[00:10:51]<\/a> &#8211; Hugo<\/b><\/p>\n\n\n\n<p>Oui, parce que comme vous le savez, l&#8217;arm\u00e9e allemande se battait sur plusieurs fronts en m\u00eame temps, \u00e0 l&#8217;ouest, \u00e0 l&#8217;est, etc. Ils avaient besoin de beaucoup d&#8217;hommes, donc, Hitler ne pouvait pas se permettre de laisser des centaines de milliers de soldats pour contr\u00f4ler le territoire fran\u00e7ais. Donc, ce d\u00e9coupage en deux zones, c&#8217;\u00e9tait quelque chose qui l&#8217;arrangeait, quelque chose qui \u00e9tait plut\u00f4t dans son int\u00e9r\u00eat.<\/p>\n\n\n\n<p><b><a id=\"sonaar_ts-6927c6c822dce\" class=\"srmp3_sonaar_ts_shortcode\"  style=\"\" href=\"javascript:sonaar_ts_shortcode({ trackid:'0', time:'00:11:14', ts_id:'6927c6c822dce', play_icon:'' }) ;\">[00:11:14]<\/a> &#8211; Ingrid<\/b><\/p>\n\n\n\n<p>Et donc, on vous avait dit qu&#8217;il y avait un deuxi\u00e8me homme. \u00c9videmment, c&#8217;est le g\u00e9n\u00e9ral de Gaulle. Alors l\u00e0, on est sur un tout autre profil. De Gaulle, \u00e0 l&#8217;\u00e9poque, a 50 ans. C&#8217;est un militaire qui n&#8217;est pas tr\u00e8s connu. Il vient juste d&#8217;\u00eatre nomm\u00e9 sous-secr\u00e9taire d&#8217;\u00c9tat \u00e0 la D\u00e9fense et il avait un r\u00f4le de n\u00e9gociation avec le Royaume-Uni, c&#8217;est-\u00e0-dire qu&#8217;il faisait beaucoup d&#8217;allers-retours entre Londres et la France pour organiser la guerre. Donc, face \u00e0 la nomination de P\u00e9tain comme pr\u00e9sident du Conseil, puis face au discours de P\u00e9tain qui annonce la arr\u00eat des combats, le g\u00e9n\u00e9ral de Gaulle d\u00e9cide de fuir \u00e0 Londres. Il a d\u00e9j\u00e0 des contacts, donc il trouve un bateau et hop, il va \u00e0 Londres. Et l\u00e0, il va commencer \u00e0 installer un gouvernement de r\u00e9sistance. Et ce gouvernement de r\u00e9sistance, il commence avec le fameux appel du 18 juin.<\/p>\n\n\n\n<p><b><a id=\"sonaar_ts-6927c6c822dd3\" class=\"srmp3_sonaar_ts_shortcode\"  style=\"\" href=\"javascript:sonaar_ts_shortcode({ trackid:'0', time:'00:12:22', ts_id:'6927c6c822dd3', play_icon:'' }) ;\">[00:12:22]<\/a> &#8211; G\u00e9n\u00e9ral de Gaulle<\/b><\/p>\n\n\n\n<p>L&#8217;honneur, le bon sens, l&#8217;int\u00e9r\u00eat sup\u00e9rieur de la patrie commande \u00e0 tous les Fran\u00e7ais libres de continuer le combat l\u00e0 o\u00f9 ils seront et comme ils pourront.<\/p>\n\n\n\n<p><b><a id=\"sonaar_ts-6927c6c822dd7\" class=\"srmp3_sonaar_ts_shortcode\"  style=\"\" href=\"javascript:sonaar_ts_shortcode({ trackid:'0', time:'00:12:39', ts_id:'6927c6c822dd7', play_icon:'' }) ;\">[00:12:39]<\/a> &#8211; Ingrid<\/b><\/p>\n\n\n\n<p>Rappelez-vous, le 17 juin, c&#8217;est le moment o\u00f9 P\u00e9tain d\u00e9cide d&#8217;arr\u00eater les combats, le lendemain, en r\u00e9action, le g\u00e9n\u00e9ral de Gaulle lance un appel. Cet appel, aujourd&#8217;hui, il est hyper connu. Les Fran\u00e7ais parlent au fran\u00e7ais, etc. On a vraiment tous cette audio en t\u00eate, mais \u00e0 l&#8217;\u00e9poque, \u00e9videmment, il n&#8217;est pas beaucoup entendu. De Gaulle, il est vu un peu comme marginal, ill\u00e9gitime, il est un peu seul contre tous. Mais tout de m\u00eame, au fur et \u00e0 mesure des mois qui vont passer, son appel va \u00eatre rediffus\u00e9 et \u00e7a va lancer donc le mouvement de r\u00e9sistance qui va s&#8217;appeler \u00ab la France libre \u00bb.<\/p>\n\n\n\n<p><b><a id=\"sonaar_ts-6927c6c822ddf\" class=\"srmp3_sonaar_ts_shortcode\"  style=\"\" href=\"javascript:sonaar_ts_shortcode({ trackid:'0', time:'00:13:27', ts_id:'6927c6c822ddf', play_icon:'' }) ;\">[00:13:27]<\/a> &#8211; Hugo<\/b><\/p>\n\n\n\n<p>D&#8217;ailleurs, il ne faut pas confondre avec la zone libre, dont on vous a parl\u00e9 juste avant, qui \u00e9tait en France. Non, la France libre, c&#8217;est ce mouvement g\u00e9r\u00e9 par de Gaulle depuis le Royaume-Uni. Et donc, de Gaulle se d\u00e9clare chef d&#8217;un gouvernement en exil. Et ce gouvernement, \u00e9videmment, il n&#8217;est pas reconnu par le r\u00e9gime de Vichy, mais par contre, il est reconnu par les Britanniques. Et on a parl\u00e9 de ce fameux appel. Vous vous demandez peut-\u00eatre comment il a \u00e9t\u00e9 diffus\u00e9. En fait, il \u00e9tait diffus\u00e9 depuis Londres via la BBC et une station qui s&#8217;appelait la Station Radio Londres, qui \u00e9tait \u00e9mise \u00e0 Londres, mais en fran\u00e7ais, \u00e0 destination des Fran\u00e7ais, avec un programme, une \u00e9mission que tu as mentionn\u00e9 Ingrid, qui s&#8217;appelait Les Fran\u00e7ais parlent au fran\u00e7ais, qui n&#8217;\u00e9tait pas beaucoup \u00e9cout\u00e9 au d\u00e9but de la Seconde Guerre mondiale, mais au fur et \u00e0 mesure du conflit, de plus en plus de Fran\u00e7ais ont commenc\u00e9 \u00e0 l&#8217;\u00e9couter en cachette, en secret, parce qu&#8217;\u00e9videmment, c&#8217;\u00e9tait interdit par les autorit\u00e9s fran\u00e7aises.<\/p>\n\n\n\n<p><b><a id=\"sonaar_ts-6927c6c822de4\" class=\"srmp3_sonaar_ts_shortcode\"  style=\"\" href=\"javascript:sonaar_ts_shortcode({ trackid:'0', time:'00:14:45', ts_id:'6927c6c822de4', play_icon:'' }) ;\">[00:14:45]<\/a> &#8211; Ingrid<\/b><\/p>\n\n\n\n<p>La France se retrouve donc sous le r\u00e9gime de Vichy, un r\u00e9gime qu&#8217;on appelle aussi l&#8217;\u00c9tat fran\u00e7ais, puisque le mar\u00e9chal P\u00e9tain, \u00e0 qui donc sont confi\u00e9s les pleins pouvoirs, d\u00e9cide de supprimer la notion de R\u00e9publique fran\u00e7aise et de la remplacer par l&#8217;\u00c9tat fran\u00e7ais. D&#8217;ailleurs, je fais un petit clin d&#8217;\u0153il \u00e0 un de nos auditeurs qui m&#8217;a \u00e9crit une fois dans les commentaires qu&#8217;il trouvait \u00e7a bizarre qu&#8217;on dise l&#8217;\u00c9tat fran\u00e7ais, parfois, pour parler de la situation actuelle, parce que \u00e7a lui faisait penser \u00e0 l&#8217;\u00e9poque de P\u00e9tain. Et c&#8217;est vrai que maintenant, j&#8217;arrive \u00e0 comprendre cette confusion. Et donc, le mar\u00e9chal P\u00e9tain instaure dans toute la France un r\u00e9gime qui est bien diff\u00e9rent du r\u00e9gime qui existait avant.<\/p>\n\n\n\n<p><b><a id=\"sonaar_ts-6927c6c822de9\" class=\"srmp3_sonaar_ts_shortcode\"  style=\"\" href=\"javascript:sonaar_ts_shortcode({ trackid:'0', time:'00:15:43', ts_id:'6927c6c822de9', play_icon:'' }) ;\">[00:15:43]<\/a> &#8211; Ingrid<\/b><\/p>\n\n\n\n<p>C&#8217;est-\u00e0-dire que d\u00e9j\u00e0, c&#8217;est un r\u00e9gime autoritaire. Il va s&#8217;opposer \u00e0 la R\u00e9publique, s&#8217;opposer au parlementarisme et s&#8217;opposer \u00e0 la d\u00e9mocratie. Au contraire, il pr\u00f4ne ce qu&#8217;il appelle une r\u00e9volution nationale. Il concentre tous les pouvoirs, ex\u00e9cutifs, l\u00e9gislatifs, judiciaires, et il gouverne sans assembl\u00e9e. Et puis, il y a un culte de la personnalit\u00e9. P\u00e9tain est omnipr\u00e9sent. On le voit sur les affiches dans la rue, on le voit dans les journaux, les petits enfants apprennent des chansons \u00e0 sa gloire, etc. Et il est montr\u00e9 comme une figure paternelle, autoritaire.<\/p>\n\n\n\n<p><b><a id=\"sonaar_ts-6927c6c822ded\" class=\"srmp3_sonaar_ts_shortcode\"  style=\"\" href=\"javascript:sonaar_ts_shortcode({ trackid:'0', time:'00:16:31', ts_id:'6927c6c822ded', play_icon:'' }) ;\">[00:16:31]<\/a> &#8211; Hugo<\/b><\/p>\n\n\n\n<p>Oui, c&#8217;est vraiment un retour \u00e0 un r\u00e9gime tr\u00e8s conservateur. Et il y a P\u00e9tain qui est cette figure d&#8217;autorit\u00e9 ultime. Et puis apr\u00e8s, \u00e0 tous les niveaux de la soci\u00e9t\u00e9, d&#8217;autres figures d&#8217;autorit\u00e9 qui sont cens\u00e9es assurer le contr\u00f4le de l&#8217;opinion publique et de l&#8217;ordre social. Donc, il y a un retour aux traditions, un retour \u00e0 l&#8217;\u00c9glise qui sont remises, on peut dire, au centre du discours national. Et le symbole le plus visible de tout \u00e7a, c&#8217;est que la devise fran\u00e7aise est chang\u00e9e. Ce n&#8217;est plus libert\u00e9, \u00e9galit\u00e9, fraternit\u00e9, mais maintenant, c&#8217;est travail, famille, patrie.<\/p>\n\n\n\n<p><b><a id=\"sonaar_ts-6927c6c822df6\" class=\"srmp3_sonaar_ts_shortcode\"  style=\"\" href=\"javascript:sonaar_ts_shortcode({ trackid:'0', time:'00:17:17', ts_id:'6927c6c822df6', play_icon:'' }) ;\">[00:17:17]<\/a> &#8211; Hugo<\/b><\/p>\n\n\n\n<p>Le travail, parce qu&#8217;il y a une valorisation du monde paysan et des artisans. Donc, on pr\u00e9f\u00e8re les paysans plut\u00f4t que les ouvriers des usines, parce que les ouvriers \u00e9taient politiquement plut\u00f4t du c\u00f4t\u00e9 socialiste, voire communiste. Donc \u00e7a, \u00e9videmment, \u00e7a ne plaisait pas du tout \u00e0 P\u00e9tain. Au contraire, dans les discours, dans la propagande, c&#8217;est vraiment la figure du paysan qui est valoris\u00e9e. On se m\u00e9fie aussi des grandes villes, de la modernit\u00e9 urbaine. Au contraire, on dit le top du top \u00e0 cette \u00e9poque, le mieux, c&#8217;est vraiment la vie rurale.<\/p>\n\n\n\n<p><b><a id=\"sonaar_ts-6927c6c822dfa\" class=\"srmp3_sonaar_ts_shortcode\"  style=\"\" href=\"javascript:sonaar_ts_shortcode({ trackid:'0', time:'00:17:56', ts_id:'6927c6c822dfa', play_icon:'' }) ;\">[00:17:56]<\/a> &#8211; Hugo<\/b><\/p>\n\n\n\n<p>On remet aussi la famille au centre des valeurs avec le r\u00f4le traditionnel de la femme. Donc, la femme, sous le r\u00e9gime de Vichy, a un seul r\u00f4le, c&#8217;est celui d&#8217;\u00eatre une bonne m\u00e8re. Elle ne doit surtout pas travailler, elle doit rester au foyer, rester \u00e0 la maison. Il y a aussi une politique nataliste. Donc on encourage les Fran\u00e7ais \u00e0 faire des enfants parce qu&#8217;il y a besoin, \u00e9videmment, de renouveler la population. Et puis, la derni\u00e8re valeur, patrie. Donc, c&#8217;est le patriotisme, un fort nationalisme. Mais ce qui est un peu paradoxal, c&#8217;est que que ce nationalisme encourage une collaboration avec l&#8217;Allemagne plut\u00f4t qu&#8217;une r\u00e9sistance.<\/p>\n\n\n\n<p><b><a id=\"sonaar_ts-6927c6c822dff\" class=\"srmp3_sonaar_ts_shortcode\"  style=\"\" href=\"javascript:sonaar_ts_shortcode({ trackid:'0', time:'00:18:38', ts_id:'6927c6c822dff', play_icon:'' }) ;\">[00:18:38]<\/a> &#8211; Ingrid<\/b><\/p>\n\n\n\n<p>Et ces trois institutions, le travail, la famille, la patrie, sont trois lieux o\u00f9 il y a beaucoup de hi\u00e9rarchie, o\u00f9 il y a beaucoup d&#8217;autorit\u00e9s, avec les patrons et les employ\u00e9s, le p\u00e8re, la m\u00e8re, les enfants, le pr\u00e9sident avec les citoyens. Voil\u00e0, une question de dirigeants qui peuvent avoir du pouvoir sur ceux qui sont en-dessous. Et \u00e7a, c&#8217;est vraiment une organisation qui est tr\u00e8s importante pour le r\u00e9gime de Vichy. Et d&#8217;ailleurs, m\u00eame \u00e0 l&#8217;\u00e9cole, on retrouve cette hi\u00e9rarchie avec beaucoup d&#8217;autorit\u00e9 des ma\u00eetres, des instituteurs sur les enfants, avec les enfants qui doivent ob\u00e9ir, qui doivent avoir une discipline tr\u00e8s stricte.<\/p>\n\n\n\n<p><b><a id=\"sonaar_ts-6927c6c822e0b\" class=\"srmp3_sonaar_ts_shortcode\"  style=\"\" href=\"javascript:sonaar_ts_shortcode({ trackid:'0', time:'00:19:28', ts_id:'6927c6c822e0b', play_icon:'' }) ;\">[00:19:28]<\/a> &#8211; Ingrid<\/b><\/p>\n\n\n\n<p>Et tout \u00e7a, bien s\u00fbr, est promu dans les m\u00e9dias avec un fort contr\u00f4le de la presse, de la radio, du cin\u00e9ma, o\u00f9 on met en avant ces valeurs et les citoyens doivent ob\u00e9ir. Ils ont d&#8217;ailleurs beaucoup d&#8217;interdictions, ils ont un couvre-feu, ils ne peuvent pas circuler comme ils veulent et ils doivent eux-m\u00eames respecter la hi\u00e9rarchie des soldats ou de la police qui sont dans les rues.<\/p>\n\n\n\n<p><b><a id=\"sonaar_ts-6927c6c822e10\" class=\"srmp3_sonaar_ts_shortcode\"  style=\"\" href=\"javascript:sonaar_ts_shortcode({ trackid:'0', time:'00:19:58', ts_id:'6927c6c822e10', play_icon:'' }) ;\">[00:19:58]<\/a> &#8211; Hugo<\/b><\/p>\n\n\n\n<p>Oui, parce que comme on l&#8217;a dit un peu avant, en zone occup\u00e9e, il y a des soldats allemands qui contr\u00f4lent, qui assurent aussi le contr\u00f4le de la population un peu partout. Et en zone libre, c&#8217;est la police qui s&#8217;occupe de faire respecter les lois de ce nouveau r\u00e9gime autoritaire.<\/p>\n\n\n\n<p><b><a id=\"sonaar_ts-6927c6c822e19\" class=\"srmp3_sonaar_ts_shortcode\"  style=\"\" href=\"javascript:sonaar_ts_shortcode({ trackid:'0', time:'00:20:18', ts_id:'6927c6c822e19', play_icon:'' }) ;\">[00:20:18]<\/a> &#8211; Ingrid<\/b><\/p>\n\n\n\n<p>Alors, ensuite, quelque chose de tr\u00e8s important concernant le r\u00e9gime de Vichy et ses valeurs, c&#8217;est que c&#8217;est un r\u00e9gime qui est tr\u00e8s excluant, c&#8217;est-\u00e0-dire qui va exclure de la soci\u00e9t\u00e9 civile certaines communaut\u00e9s, notamment les communistes, les \u00e9trangers (\u00e0 l&#8217;\u00e9poque, il y avait par exemple, beaucoup d&#8217;immigration italienne), les homosexuels, les tziganes, etc. Et bien entendu, vous imaginez les Juifs, puisque d\u00e8s le d\u00e9but, le r\u00e9gime de Vichy est antis\u00e9mite. En fait, plus globalement, la France de l&#8217;\u00e9poque est tr\u00e8s antis\u00e9mite, et ce, depuis longtemps. On avait, par exemple, eu l&#8217;affaire tr\u00e8s importante et m\u00e9diatis\u00e9e Dreyfus en 1899, qui avait montr\u00e9 \u00e7a. Et Hugo, tu avais fait un \u00e9pisode sur le sujet de l&#8217;antis\u00e9mitisme, non ?<\/p>\n\n\n\n<p><b><a id=\"sonaar_ts-6927c6c822e1d\" class=\"srmp3_sonaar_ts_shortcode\"  style=\"\" href=\"javascript:sonaar_ts_shortcode({ trackid:'0', time:'00:21:21', ts_id:'6927c6c822e1d', play_icon:'' }) ;\">[00:21:21]<\/a> &#8211; Hugo<\/b><\/p>\n\n\n\n<p>Oui, j&#8217;en avais parl\u00e9. J&#8217;ai regard\u00e9 avant, c&#8217;\u00e9tait dans l&#8217;\u00e9pisode 61. On ne va pas vous refaire toute l&#8217;affaire Dreyfus ici parce que c&#8217;est un peu long, mais si \u00e7a vous int\u00e9resse ou si vous voulez vous rafra\u00eechir la m\u00e9moire, j&#8217;en parle dans l&#8217;\u00e9pisode 61. Oui, comme tu l&#8217;as dit, la France n&#8217;a pas attendu d&#8217;\u00eatre envahie par l&#8217;Allemagne pour devenir antis\u00e9mite. C&#8217;est quelque chose qui existait beaucoup en France d\u00e8s le XIXe si\u00e8cle. Il y a aussi une illustration de \u00e7a. C&#8217;est un groupe qui \u00e9tait assez influent, un groupe d&#8217;extr\u00eame droite qui s&#8217;appelait l&#8217;Action fran\u00e7aise. Et m\u00eame avant la Seconde Guerre mondiale, l&#8217;Action fran\u00e7aise rejetait le r\u00e9gime de la Troisi\u00e8me R\u00e9publique et r\u00e9clamait un \u00c9tat qui exclut les Juifs.<\/p>\n\n\n\n<p><b><a id=\"sonaar_ts-6927c6c822e22\" class=\"srmp3_sonaar_ts_shortcode\"  style=\"\" href=\"javascript:sonaar_ts_shortcode({ trackid:'0', time:'00:22:08', ts_id:'6927c6c822e22', play_icon:'' }) ;\">[00:22:08]<\/a> &#8211; Ingrid<\/b><\/p>\n\n\n\n<p>Et je pr\u00e9cise que l&#8217;Action fran\u00e7aise existe encore aujourd&#8217;hui et a encore des membres actifs aujourd&#8217;hui. Et donc, c&#8217;est dans ce contexte que le mar\u00e9chal P\u00e9tain arrive au pouvoir et tr\u00e8s vite, il met en place carr\u00e9ment des lois et une administration qui rejette les Juifs. Il le fait sans pression de la part des Allemands. \u00c7a, c&#8217;est quelque chose qui est important, qu&#8217;on oublie parfois, en tout cas en France, dans notre m\u00e9moire collective. D\u00e8s octobre 1940, il y a une promulgation d&#8217;un statut des Juifs. Les Juifs se retrouvent recens\u00e9s, fich\u00e9s, ils n&#8217;ont plus le droit d&#8217;exercer certaines professions. Les enfants Juifs ne peuvent plus aller \u00e0 l&#8217;\u00e9cole publique. Les familles sont souvent expuls\u00e9es de leur logement. On les spolie. Donc, \u00ab spolie \u00bb, \u00e7a veut dire qu&#8217;on leur vole des choses, notamment des \u0153uvres d&#8217;art, par exemple, qu&#8217;ils pouvaient poss\u00e9der. Et bien s\u00fbr, dans les m\u00e9dias, il y a une propagande antis\u00e9mite qui est massive.<\/p>\n\n\n\n<p><b><a id=\"sonaar_ts-6927c6c822e27\" class=\"srmp3_sonaar_ts_shortcode\"  style=\"\" href=\"javascript:sonaar_ts_shortcode({ trackid:'0', time:'00:23:20', ts_id:'6927c6c822e27', play_icon:'' }) ;\">[00:23:20]<\/a> &#8211; Hugo<\/b><\/p>\n\n\n\n<p>Ouais, et \u00e7a, c&#8217;est vraiment important de le souligner, le fait que ce ne sont pas les nazis qui ont impos\u00e9 ces lois antis\u00e9mites en France, en tout cas pas d\u00e8s le d\u00e9but, le r\u00e9gime de Vichy a vraiment \u00e9t\u00e9 proactif en la mati\u00e8re et ils ont commenc\u00e9 \u00e0 adopter des lois dans ce sens d\u00e8s qu&#8217;ils ont eu le pouvoir, avant m\u00eame, comme tu l&#8217;as dit, que les nazis leur demandent d&#8217;impl\u00e9menter ce genre de loi.<\/p>\n\n\n\n<p><b><a id=\"sonaar_ts-6927c6c822e2f\" class=\"srmp3_sonaar_ts_shortcode\"  style=\"\" href=\"javascript:sonaar_ts_shortcode({ trackid:'0', time:'00:23:49', ts_id:'6927c6c822e2f', play_icon:'' }) ;\">[00:23:49]<\/a> &#8211; Ingrid<\/b><\/p>\n\n\n\n<p>Et \u00e7a va plus loin puisqu&#8217;ils participent carr\u00e9ment \u00e0 la solution finale. Donc, la solution finale, je pense que peut-\u00eatre tout le monde sait ce que c&#8217;est, mais c&#8217;est l&#8217;id\u00e9ologie d&#8217;extermination de la population juive. Et on sait qu&#8217;il y avait des camps d&#8217;extermination en Allemagne. Ce qu&#8217;on sait moins, ou peut-\u00eatre qu&#8217;on raconte moins en France en tout cas, c&#8217;est qu&#8217;en France, il y avait un syst\u00e8me pour attraper les Juifs. Il y avait des camps de transit, notamment le camp de Drancy, qui est assez connu et qui sont des endroits o\u00f9 on enfermait, o\u00f9 on internait les Juifs avant de les envoyer en train vers Auschwitz et d&#8217;autres camps de la mort en Allemagne.<\/p>\n\n\n\n<p><b><a id=\"sonaar_ts-6927c6c822e33\" class=\"srmp3_sonaar_ts_shortcode\"  style=\"\" href=\"javascript:sonaar_ts_shortcode({ trackid:'0', time:'00:24:38', ts_id:'6927c6c822e33', play_icon:'' }) ;\">[00:24:38]<\/a> &#8211; Hugo<\/b><\/p>\n\n\n\n<p>Ouais. Le r\u00e9gime de Vichy a organis\u00e9 ce genre d&#8217;op\u00e9rations qu&#8217;on appelait des rafles. \u00ab Une rafle \u00bb, c&#8217;est une arrestation massive et qui on arr\u00eatait pendant ces rafles ? \u00c9videmment, les Juifs. Ces op\u00e9rations avaient lieu en collaboration avec les nazis afin d&#8217;envoyer les Juifs dans les camps \u00e0 l&#8217;Est. \u00c7a, c&#8217;est un sujet un peu d\u00e9licat. On en a reparl\u00e9 r\u00e9cemment dans les m\u00e9dias, mais il y avait certains historiens, politiciens qui ont dit par la suite que le mar\u00e9chal P\u00e9tain discriminait seulement les Juifs \u00e9trangers et non pas les Juifs fran\u00e7ais. En fait, \u00e7a a \u00e9t\u00e9 d\u00e9menti par la suite. Notamment dans une rafle qui a marqu\u00e9 l&#8217;histoire, la c\u00e9l\u00e8bre rafle du Vel d&#8217;hiv. Le Vel d&#8217;hiv, c&#8217;est l&#8217;abr\u00e9viation pour le v\u00e9lodrome d&#8217;hiver. C&#8217;\u00e9tait comme une sorte de stade avec des courses de v\u00e9lo qui se situait \u00e0 Paris. Donc cette rafle du Vel d&#8217;hiv, elle a eu lieu les 16 et 17 juillet 1942. C&#8217;est les Allemands, cette fois, qui ont exig\u00e9 des autorit\u00e9s fran\u00e7aises l&#8217;arrestation de 40 000 Juifs fran\u00e7ais. L&#8217;\u00e9tat fran\u00e7ais n&#8217;a pas r\u00e9ussi \u00e0 remplir cet objectif, mais ils ont quand m\u00eame arr\u00eat\u00e9 13 000 Juifs, dont beaucoup qui \u00e9taient fran\u00e7ais et surtout dont 4 000 enfants. Alors que les nazis avaient demand\u00e9 \u00e0 arr\u00eater seulement les personnes de 16 ans et plus. Mais encore une fois, le r\u00e9gime de Vichy a fait du z\u00e8le. Le r\u00e9gime de Vichy en a fait plus que ce qui \u00e9tait attendu de lui puisqu&#8217;il a arr\u00eat\u00e9 4 000 enfants.<\/p>\n\n\n\n<p><b><a id=\"sonaar_ts-6927c6c822e38\" class=\"srmp3_sonaar_ts_shortcode\"  style=\"\" href=\"javascript:sonaar_ts_shortcode({ trackid:'0', time:'00:26:24', ts_id:'6927c6c822e38', play_icon:'' }) ;\">[00:26:24]<\/a> &#8211; Ingrid<\/b><\/p>\n\n\n\n<p>Et c&#8217;est finalement la plus grande rafle de toute l&#8217;histoire occidentale. Elle a \u00e9t\u00e9 faite avec des trains de la SNCF. Et \u00e7a, c&#8217;est quand m\u00eame assez fort. La SNCF, c&#8217;est encore la soci\u00e9t\u00e9 qu&#8217;on utilise aujourd&#8217;hui pour les trains, donc symboliquement, c&#8217;est un peu dingue. Et il y a eu moins de 100 survivants, uniquement des adultes, notamment ces 4 000 enfants que l&#8217;\u00c9tat fran\u00e7ais a d\u00e9cid\u00e9 de livrer, ils sont tous morts. Et pour la petite anecdote, moi, j&#8217;ai su il n&#8217;y a pas longtemps que mon grand-p\u00e8re, qui lui-m\u00eame \u00e9tait un enfant \u00e0 Paris \u00e0 cette \u00e9poque, avait vu, il ne savait pas ce qui se passait, mais il m&#8217;a dit : \u00ab ah oui, je suis pass\u00e9 en v\u00e9lo et j&#8217;ai vu toutes ces personnes qui attendaient devant le v\u00e9lodrome. Et apr\u00e8s, on a su que c&#8217;\u00e9tait une rafle de Juifs \u00bb. Et donc, waouh, quand il m&#8217;a dit \u00e7a, c&#8217;\u00e9tait&#8230;<\/p>\n\n\n\n<p><b><a id=\"sonaar_ts-6927c6c822e3c\" class=\"srmp3_sonaar_ts_shortcode\"  style=\"\" href=\"javascript:sonaar_ts_shortcode({ trackid:'0', time:'00:27:21', ts_id:'6927c6c822e3c', play_icon:'' }) ;\">[00:27:21]<\/a> &#8211; Hugo<\/b><\/p>\n\n\n\n<p>\u00c7a fait quelque chose.<\/p>\n\n\n\n<p><b><a id=\"sonaar_ts-6927c6c822e45\" class=\"srmp3_sonaar_ts_shortcode\"  style=\"\" href=\"javascript:sonaar_ts_shortcode({ trackid:'0', time:'00:27:22', ts_id:'6927c6c822e45', play_icon:'' }) ;\">[00:27:22]<\/a> &#8211; Ingrid<\/b><\/p>\n\n\n\n<p>Ouais ouais.<\/p>\n\n\n\n<p><b><a id=\"sonaar_ts-6927c6c822e4a\" class=\"srmp3_sonaar_ts_shortcode\"  style=\"\" href=\"javascript:sonaar_ts_shortcode({ trackid:'0', time:'00:27:23', ts_id:'6927c6c822e4a', play_icon:'' }) ;\">[00:27:23]<\/a> &#8211; Hugo<\/b><\/p>\n\n\n\n<p>Oui, d&#8217;ailleurs, on n&#8217;a pas expliqu\u00e9 exactement quel est le rapport entre le v\u00e9lodrome d&#8217;hiver et cette op\u00e9ration. Donc, en fait, ces 13 000 Juifs ont \u00e9t\u00e9 arr\u00eat\u00e9s, un peu dans tout Paris. Ensuite, ils ont \u00e9t\u00e9 parqu\u00e9s, ils ont \u00e9t\u00e9 enferm\u00e9s dans ce le v\u00e9lodrome d&#8217;hiver pendant deux jours, sans eau, sans nourriture, dans une chaleur atroce, parce qu&#8217;on \u00e9tait en juillet. Et apr\u00e8s \u00e7a, ils ont \u00e9t\u00e9 mis dans des trains et ils ont \u00e9t\u00e9 exp\u00e9di\u00e9s vers les camps de la mort. Et c&#8217;est vrai que c&#8217;est int\u00e9ressant ce que tu dis avec ton grand-p\u00e8re, parce que c&#8217;est un peu \u00e0 cette \u00e9poque, en 1942, que l&#8217;opinion publique commence \u00e0 changer de camp, on pourrait dire, parce que jusque-l\u00e0, beaucoup de Fran\u00e7ais avaient confiance dans le mar\u00e9chal P\u00e9tain. Ils pensaient que le mar\u00e9chal P\u00e9tain avait pour objectif de sauver la France en collaborant avec les nazis. Et l\u00e0, l&#8217;opinion publique commence \u00e0 se rendre compte de ces rafles, de ces exterminations, et commence \u00e0 perdre un peu la confiance qu&#8217;elle avait dans le mar\u00e9chal P\u00e9tain.<\/p>\n\n\n\n<p><b><a id=\"sonaar_ts-6927c6c822e4f\" class=\"srmp3_sonaar_ts_shortcode\"  style=\"\" href=\"javascript:sonaar_ts_shortcode({ trackid:'0', time:'00:28:25', ts_id:'6927c6c822e4f', play_icon:'' }) ;\">[00:28:25]<\/a> &#8211; Ingrid<\/b><\/p>\n\n\n\n<p>Oui, parce que m\u00eame si la France \u00e9tait tr\u00e8s antis\u00e9mite, il y a quand m\u00eame un pas \u00e9norme entre vouloir exclure de l&#8217;administration les Juifs et participer carr\u00e9ment au camp d&#8217;extermination. Et avant 1942, beaucoup ne savaient pas vraiment ce qu&#8217;il se passait. Ils ne pensaient pas forc\u00e9ment qu&#8217;il y avait toute cette organisation d&#8217;extermination. Et si vous \u00eates int\u00e9ress\u00e9s, il y a un film qui s&#8217;appelle <i>La Rafle<\/i>, qui est assez r\u00e9cent, qui doit dater d&#8217;une dizaine d&#8217;ann\u00e9es peut-\u00eatre, m\u00eame pas, et qui raconte sp\u00e9cifiquement la rafle du Veldiv.<\/p>\n\n\n\n<p><b><a id=\"sonaar_ts-6927c6c822e54\" class=\"srmp3_sonaar_ts_shortcode\"  style=\"\" href=\"javascript:sonaar_ts_shortcode({ trackid:'0', time:'00:29:06', ts_id:'6927c6c822e54', play_icon:'' }) ;\">[00:29:06]<\/a> &#8211; Hugo<\/b><\/p>\n\n\n\n<p>Donc oui, l&#8217;opinion publique commence un peu \u00e0 tourner, \u00e0 changer en 1942, mais le r\u00e9gime de Vichy aussi, il commence \u00e0 se durcir parce qu&#8217;\u00e0 partir de 1942, la zone libre dispara\u00eet. Donc, toute la France commence \u00e0 \u00eatre occup\u00e9e et le r\u00e9gime de Vichy d\u00e9cide d&#8217;approfondir encore sa collaboration avec les autorit\u00e9s nazis. Et pas seulement le mar\u00e9chal P\u00e9tain, mais aussi tous les politiciens qui travaillent avec lui, notamment le tristement c\u00e9l\u00e8bre Pierre Laval.<\/p>\n\n\n\n<p><b><a id=\"sonaar_ts-6927c6c822e59\" class=\"srmp3_sonaar_ts_shortcode\"  style=\"\" href=\"javascript:sonaar_ts_shortcode({ trackid:'0', time:'00:29:43', ts_id:'6927c6c822e59', play_icon:'' }) ;\">[00:29:43]<\/a> &#8211; Ingrid<\/b><\/p>\n\n\n\n<p>Oui, Pierre Laval, on voulait absolument citer son nom, m\u00eame si on n&#8217;a pas le temps d&#8217;en parler beaucoup, parce que d\u00e8s le d\u00e9but, c&#8217;\u00e9tait un homme politique qui \u00e9tait en faveur de l&#8217;alliance avec les nazis. Et c&#8217;est lui qui \u00e9tait le chef du gouvernement \u00e0 partir de 42, justement au moment o\u00f9 les choses se sont durcies. \u00c0 partir de 1942, c&#8217;est la Gestapo, donc la milice hitl\u00e9rienne nazie, qui contr\u00f4le les citoyens dans les rues, dans le Nord comme dans le Sud. Il y a un climat de m\u00e9fiance et les citoyens sont \u00e0 la d\u00e9lation. Ils sont encourag\u00e9s \u00e0 espionner leurs voisins, leurs amis et \u00e0 les d\u00e9noncer \u00e0 la police. Donc, \u00e7a devient tr\u00e8s pesant.<\/p>\n\n\n\n<p><b><a id=\"sonaar_ts-6927c6c822e62\" class=\"srmp3_sonaar_ts_shortcode\"  style=\"\" href=\"javascript:sonaar_ts_shortcode({ trackid:'0', time:'00:30:34', ts_id:'6927c6c822e62', play_icon:'' }) ;\">[00:30:34]<\/a> &#8211; Hugo<\/b><\/p>\n\n\n\n<p>Oui, de dire, par exemple : \u00ab ah je pense que mes voisins cachent des Juifs. Je pense que mes voisins \u00e9coutent cette \u00e9mission de radio de la R\u00e9sistance \u00bb. Donc voil\u00e0, ces op\u00e9rations de d\u00e9lation qui \u00e9taient encourag\u00e9es par les nazis. Mais j&#8217;ai entendu dans une \u00e9mission de radio qu&#8217;il y avait tellement de d\u00e9lations que les autorit\u00e9s nazis \u00e9taient d\u00e9bord\u00e9es. Elles avaient trop de travail, elles n&#8217;arrivaient pas \u00e0 traiter toutes ces d\u00e9lations tellement il y en avait. Parce que pour certains Fran\u00e7ais, c&#8217;\u00e9tait aussi un moyen de r\u00e9gler leur compte avec leurs voisins avec qui ils ne s&#8217;entendaient pas, avec des coll\u00e8gues de travail dont ils \u00e9taient jaloux. Certains ont utilis\u00e9 cette d\u00e9lation pour r\u00e9gler leur compte. Malheureusement, c&#8217;est un peu triste.<\/p>\n\n\n\n<p><b><a id=\"sonaar_ts-6927c6c822e67\" class=\"srmp3_sonaar_ts_shortcode\"  style=\"\" href=\"javascript:sonaar_ts_shortcode({ trackid:'0', time:'00:31:32', ts_id:'6927c6c822e67', play_icon:'' }) ;\">[00:31:32]<\/a> &#8211; Ingrid<\/b><\/p>\n\n\n\n<p>Et justement, dans une troisi\u00e8me partie, on va faire un peu le point sur la population, comment \u00e9tait la population \u00e0 cette \u00e9poque et quels ont \u00e9t\u00e9 les diff\u00e9rents grands groupes qui ont exist\u00e9 ?<\/p>\n\n\n\n<p><b><a id=\"sonaar_ts-6927c6c822e6c\" class=\"srmp3_sonaar_ts_shortcode\"  style=\"\" href=\"javascript:sonaar_ts_shortcode({ trackid:'0', time:'00:31:40', ts_id:'6927c6c822e6c', play_icon:'' }) ;\">[00:31:40]<\/a> &#8211; Hugo<\/b><\/p>\n\n\n\n<p>Alors, d\u2019abord, on va parler de la collaboration. Qui \u00e9taient les Fran\u00e7ais qui collaboraient avec les autorit\u00e9s nazis ? Donc, comme on l&#8217;a \u00e9voqu\u00e9 avant, il y avait une collaboration politique, m\u00eame plus qu&#8217;une collaboration. On peut dire que c&#8217;\u00e9tait une subordination du r\u00e9gime de Vichy aux autorit\u00e9s nazies. Mais il y avait aussi une collaboration \u00e9conomique, des grands groupes industriels qui \u00e9taient oblig\u00e9s de produire pour les Allemands, mais qui profitaient aussi quand m\u00eame de cette nouvelle r\u00e9alit\u00e9 \u00e9conomique. En fait, il faut essayer de se remettre dans le contexte de l&#8217;\u00e9poque. Une grande partie des hommes d&#8217;affaires pensaient que l&#8217;Allemagne allait gagner cette Seconde Guerre mondiale et que c&#8217;\u00e9tait la nouvelle r\u00e9alit\u00e9 dans laquelle on vivait. Et donc eux, ils se demandaient : \u00ab comment je vais pouvoir profiter de cette nouvelle situation ? \u00bb Et c&#8217;est pour \u00e7a que certains grands industriels ont d\u00e9cid\u00e9 de collaborer totalement avec les autorit\u00e9s nazies. Par exemple, pour ne pas les citer, les marques Renault, Michelin, des grandes banques aussi qui ont financ\u00e9 l&#8217;arm\u00e9e allemande. Il y avait d&#8217;abord tout un pan de collaboration \u00e9conomique.<\/p>\n\n\n\n<p><b><a id=\"sonaar_ts-6927c6c822e71\" class=\"srmp3_sonaar_ts_shortcode\"  style=\"\" href=\"javascript:sonaar_ts_shortcode({ trackid:'0', time:'00:32:58', ts_id:'6927c6c822e71', play_icon:'' }) ;\">[00:32:58]<\/a> &#8211; Ingrid<\/b><\/p>\n\n\n\n<p>Et puis, il y avait aussi des personnes qui \u00e9taient convaincues par le r\u00e9gime, qui avaient des id\u00e9es qui s&#8217;approchaient beaucoup des id\u00e9es nazis et donc qui ont collabor\u00e9 de fa\u00e7on intellectuelle. Il y a eu des \u00e9crivains, des journalistes, des artistes. On a vu beaucoup de journaux antis\u00e9mites, on l&#8217;a d\u00e9j\u00e0 dit, mais ce n&#8217;\u00e9tait pas forc\u00e9ment des journaux qui \u00e9taient impos\u00e9s par le gouvernement. Il y avait des personnes qui produisaient des \u00e9crits vraiment sinc\u00e8res pour faire la promotion de ce type de r\u00e9gime et pour faire la promotion des valeurs du r\u00e9gime, donc travail, famille, patrie, rejets des \u00e9trangers, etc.<\/p>\n\n\n\n<p><b><a id=\"sonaar_ts-6927c6c822e7a\" class=\"srmp3_sonaar_ts_shortcode\"  style=\"\" href=\"javascript:sonaar_ts_shortcode({ trackid:'0', time:'00:33:43', ts_id:'6927c6c822e7a', play_icon:'' }) ;\">[00:33:43]<\/a> &#8211; Hugo<\/b><\/p>\n\n\n\n<p>Ensuite, il y avait \u00e9videmment une collaboration administrative. Les personnes qui \u00e9taient fonctionnaires de la Troisi\u00e8me R\u00e9publique et qui ensuite ont continu\u00e9 de travailler sous le r\u00e9gime de Vichy, encore une fois en \u00e9tant plus ou moins proactifs, avec parfois la volont\u00e9 de gravir les \u00e9chelons, de monter dans la hi\u00e9rarchie, quitte \u00e0, pour \u00e7a, d\u00e9noncer encore une fois des Juifs ou en faire plus que les objectifs assign\u00e9s.<\/p>\n\n\n\n<p><b><a id=\"sonaar_ts-6927c6c822e7f\" class=\"srmp3_sonaar_ts_shortcode\"  style=\"\" href=\"javascript:sonaar_ts_shortcode({ trackid:'0', time:'00:34:10', ts_id:'6927c6c822e7f', play_icon:'' }) ;\">[00:34:10]<\/a> &#8211; Ingrid<\/b><\/p>\n\n\n\n<p>Oui, et j&#8217;ai vu que dans l&#8217;administration, il y avait beaucoup de personnes, des fonctionnaires, donc \u00e0 tous les grades, qui se consid\u00e9raient ni comme r\u00e9sistants, ni comme collabos, mais tout comme des fonctionnaires qui font leur travail. Si le gouvernement change de bord, ils ex\u00e9cutent ce qu&#8217;on leur demande et c&#8217;est tout.<\/p>\n\n\n\n<p><b><a id=\"sonaar_ts-6927c6c822e84\" class=\"srmp3_sonaar_ts_shortcode\"  style=\"\" href=\"javascript:sonaar_ts_shortcode({ trackid:'0', time:'00:34:34', ts_id:'6927c6c822e84', play_icon:'' }) ;\">[00:34:34]<\/a> &#8211; Hugo<\/b><\/p>\n\n\n\n<p>Oui, j&#8217;avais parl\u00e9 un peu de \u00e7a dans mon \u00e9pisode sur l&#8217;exp\u00e9rience de Milgram, qui expliquait justement tout ce processus de soumission \u00e0 l&#8217;autorit\u00e9, qui expliquait en partie ce qui s&#8217;\u00e9tait pass\u00e9 en Allemagne nazie, mais \u00e7a concerne aussi la partie des fonctionnaires et de l&#8217;administration fran\u00e7aise \u00e9videmment. Qui on trouvait d&#8217;autres du c\u00f4t\u00e9 des collaborationnistes ?<\/p>\n\n\n\n<p><b><a id=\"sonaar_ts-6927c6c822e8f\" class=\"srmp3_sonaar_ts_shortcode\"  style=\"\" href=\"javascript:sonaar_ts_shortcode({ trackid:'0', time:'00:34:59', ts_id:'6927c6c822e8f', play_icon:'' }) ;\">[00:34:59]<\/a> &#8211; Ingrid<\/b><\/p>\n\n\n\n<p>En g\u00e9n\u00e9ral, il y avait aussi des personnes, m\u00eame si elles ne repr\u00e9sentaient pas la majorit\u00e9, mais dans la population qui \u00e9tait fascin\u00e9es par l&#8217;ordre nazi, qui avaient des id\u00e9es d&#8217;autoritarisme. Et notamment chez les jeunes et les jeunes gar\u00e7ons, on avait des pro nazis, des pro-Vichy qui avaient envie ce r\u00e9gime s&#8217;installe sur la dur\u00e9e.<\/p>\n\n\n\n<p><b><a id=\"sonaar_ts-6927c6c822e96\" class=\"srmp3_sonaar_ts_shortcode\"  style=\"\" href=\"javascript:sonaar_ts_shortcode({ trackid:'0', time:'00:35:26', ts_id:'6927c6c822e96', play_icon:'' }) ;\">[00:35:26]<\/a> &#8211; Hugo<\/b><\/p>\n\n\n\n<p>Maintenant, on va parler d&#8217;un autre groupe un peu plus glorieux, les r\u00e9sistants. Alors, apr\u00e8s la Seconde Guerre mondiale, le discours officiel, notamment, pouss\u00e9 par le g\u00e9n\u00e9ral de Gaulle, c&#8217;\u00e9tait de dire que tous les Fran\u00e7ais avaient particip\u00e9 d&#8217;une mani\u00e8re ou d&#8217;une autre \u00e0 la r\u00e9sistance, \u00e0 part quelques exceptions. Mais en r\u00e9alit\u00e9, les historiens ont montr\u00e9 par la suite que \u00e7a repr\u00e9sentait seulement 1% des Fran\u00e7ais, et plut\u00f4t vers la fin du conflit, qu&#8217;au d\u00e9but du conflit, pendant les premi\u00e8res ann\u00e9es, c&#8217;\u00e9tait seulement 0,2 \u00e0 0,3% de la population fran\u00e7aise qui participait \u00e0 la r\u00e9sistance. Alors, en quoi \u00e7a consistait cette r\u00e9sistance ? Eh bien, ils faisaient des op\u00e9rations d&#8217;espionnage, de sabotage contre les nazis. Ils \u00e9taient en contact avec les alli\u00e9s \u00e0 l&#8217;ext\u00e9rieur, notamment avec le r\u00e9gime du g\u00e9n\u00e9ral de Gaulle, au Royaume-Uni. Ils distribuaient des tracts, autrement dit des petits papiers, des flyers, avec des informations pour d\u00e9mentir la propagande officielle du r\u00e9gime de Vichy. Ils essayaient de publier des journaux clandestins, etc. C&#8217;\u00e9tait des op\u00e9rations d&#8217;information, principalement, et aussi des op\u00e9rations d&#8217;espionnage.<\/p>\n\n\n\n<p><b><a id=\"sonaar_ts-6927c6c822e9b\" class=\"srmp3_sonaar_ts_shortcode\"  style=\"\" href=\"javascript:sonaar_ts_shortcode({ trackid:'0', time:'00:36:47', ts_id:'6927c6c822e9b', play_icon:'' }) ;\">[00:36:47]<\/a> &#8211; Ingrid<\/b><\/p>\n\n\n\n<p>Oui, c&#8217;\u00e9tait une organisation secr\u00e8te qui \u00e9tait tr\u00e8s bien organis\u00e9e, avec plusieurs meilleurs groupes qui \u00e9taient en contact. Quand on \u00e9coute des extraits de l&#8217;\u00e9mission du G\u00e9n\u00e9ral de Gaulle, Les Fran\u00e7ais parlent au fran\u00e7ais, on peut entendre des messages cod\u00e9s. Par exemple, on dit souvent : \u00ab les carottes sont cuites \u00bb, des choses comme \u00e7a. Et en fait, c&#8217;\u00e9tait des messages pour les r\u00e9sistants qui, comme tu l&#8217;as dit, faisaient de l&#8217;espionnage, du sabotage, etc.<\/p>\n\n\n\n<p><b><a id=\"sonaar_ts-6927c6c822ea5\" class=\"srmp3_sonaar_ts_shortcode\"  style=\"\" href=\"javascript:sonaar_ts_shortcode({ trackid:'0', time:'00:37:18', ts_id:'6927c6c822ea5', play_icon:'' }) ;\">[00:37:18]<\/a> &#8211; Radio Londres<\/b><\/p>\n\n\n\n<p>Ici Londres. Veuillez \u00e9couter tout d\u2019abord quelques messages personnels. Gabriel garde l\u2019anonyme. Le manchot la serre dans ses bras. Nous disons : le manchot la serre dans ses bras deux fois. Le fant\u00f4me n\u2019est pas bavard.<\/p>\n\n\n\n<p><b><a id=\"sonaar_ts-6927c6c822eaa\" class=\"srmp3_sonaar_ts_shortcode\"  style=\"\" href=\"javascript:sonaar_ts_shortcode({ trackid:'0', time:'00:37:38', ts_id:'6927c6c822eaa', play_icon:'' }) ;\">[00:37:38]<\/a> &#8211; Ingrid<\/b><\/p>\n\n\n\n<p>Il y en avait quelques-uns aussi qui combattaient physiquement, mais c&#8217;est vrai que ce n&#8217;\u00e9tait pas la majorit\u00e9 puisqu&#8217;on n&#8217;\u00e9tait pas dans un combat militaire frontal. Et donc ces r\u00e9sistants, qui repr\u00e9sentent une petite partie de la population, ont commenc\u00e9 \u00e0 partir de 42, \u00e0 partir de la fameuse rafle du Vel d&#8217;hiv et de l&#8217;occupation totale des Allemands, \u00e0 avoir un peu plus d&#8217;aide de la population. Ce n&#8217;est pas massif non plus, mais on avait quand m\u00eame un peu de collaboration entre les r\u00e9sistants et ceux qu&#8217;on appelle les Justes. Les Justes, ce sont les Fran\u00e7ais qui ont fait des petits actes de r\u00e9sistance sans faire partie des r\u00e9seaux. Par exemple, ceux qui cachaient leur voisin juif dans leur cave ou ceux qui utilisaient leur mat\u00e9riel professionnel pour faire passer des messages aux r\u00e9sistants. Voil\u00e0, des choses comme \u00e7a.<\/p>\n\n\n\n<p><b><a id=\"sonaar_ts-6927c6c822eaf\" class=\"srmp3_sonaar_ts_shortcode\"  style=\"\" href=\"javascript:sonaar_ts_shortcode({ trackid:'0', time:'00:38:43', ts_id:'6927c6c822eaf', play_icon:'' }) ;\">[00:38:43]<\/a> &#8211; Hugo<\/b><\/p>\n\n\n\n<p>Oui, et donc, apr\u00e8s la Seconde Guerre mondiale, on a beaucoup c\u00e9l\u00e9br\u00e9 \u00e0 la fois les r\u00e9sistants et les justes. Et maintenant, avec le recul, c&#8217;est facile de critiquer les Fran\u00e7ais de l&#8217;\u00e9poque et de dire pourquoi il n&#8217;y a pas eu plus de r\u00e9sistances. Mais \u00e9videmment, il faut savoir que c&#8217;\u00e9tait une activit\u00e9 tr\u00e8s dangereuse, tr\u00e8s risqu\u00e9e. Beaucoup de R\u00e9sistants ou m\u00eame de personnes qui \u00e9taient soup\u00e7onn\u00e9es d&#8217;\u00eatre r\u00e9sistantes, mais qui ne l&#8217;\u00e9taient pas, \u00e9taient arr\u00eat\u00e9s, tortur\u00e9s, ex\u00e9cut\u00e9s. Les gens avaient aussi tr\u00e8s peur des cons\u00e9quences pour leurs proches. C&#8217;est pour \u00e7a que parmi les r\u00e9sistances, c&#8217;\u00e9tait souvent des jeunes hommes, notamment des jeunes hommes qui avaient perdu le reste de leur famille, qui n&#8217;avaient pas peur de prendre des risques pour participer \u00e0 ces op\u00e9rations.<\/p>\n\n\n\n<p><b><a id=\"sonaar_ts-6927c6c822eb4\" class=\"srmp3_sonaar_ts_shortcode\"  style=\"\" href=\"javascript:sonaar_ts_shortcode({ trackid:'0', time:'00:39:31', ts_id:'6927c6c822eb4', play_icon:'' }) ;\">[00:39:31]<\/a> &#8211; Ingrid<\/b><\/p>\n\n\n\n<p>Alors oui, il y avait des hommes jeunes c\u00e9libataires dans le r\u00e9seau de r\u00e9sistance, mais ce n&#8217;\u00e9tait pas la seule sociologie. En fait, justement, ce qui est dans ce r\u00e9seau, c&#8217;est qu&#8217;il y avait \u00e9norm\u00e9ment de femmes qui d&#8217;ailleurs ont \u00e9t\u00e9 sous-estim\u00e9es \u00e0 la fin de la guerre, parce qu&#8217;on ne comptait pas forc\u00e9ment toutes les personnes qui participaient au r\u00e9seau, notamment qui faisaient passer les messages, qui s&#8217;occupaient de l&#8217;intendance, qui fournissaient des lieux, qui faisaient de la surveillance, etc. Il y avait aussi des enfants, il y avait aussi des vieillards. On peut citer, par exemple, \u00e0 Toulouse, il y en a une qui est assez connue, c&#8217;\u00e9tait une vieille dame qui avait son atelier de couture et qui faisait passer des messages \u00e0 travers \u00e7a. Juste pour pr\u00e9ciser, c&#8217;\u00e9tait loin d&#8217;\u00eatre seulement des jeunes hommes qui allaient au combat. C&#8217;\u00e9tait au contraire toute une organisation sociale, des tous petits enfants aux adolescents, en passant par les femmes, les vieillards, les vieilles femmes, etc. D&#8217;ailleurs, c&#8217;est un sujet qui, m\u00eame s&#8217;il concerne une minorit\u00e9 de Fran\u00e7ais de l&#8217;\u00e9poque qui reste un sujet hyper int\u00e9ressant \u00e0 mettre en sc\u00e8ne dans les livres, dans les films, etc, parce qu&#8217;il y a beaucoup d&#8217;\u00e9l\u00e9ments et c&#8217;est un bon sujet \u00e0 explorer.<\/p>\n\n\n\n<p><b><a id=\"sonaar_ts-6927c6c822ebe\" class=\"srmp3_sonaar_ts_shortcode\"  style=\"\" href=\"javascript:sonaar_ts_shortcode({ trackid:'0', time:'00:40:55', ts_id:'6927c6c822ebe', play_icon:'' }) ;\">[00:40:55]<\/a> &#8211; Hugo<\/b><\/p>\n\n\n\n<p>Juste pour me d\u00e9fendre, j&#8217;ai cit\u00e9 les jeunes hommes plut\u00f4t pour dire que c&#8217;\u00e9taient des personnes qui n&#8217;avaient plus grand-chose \u00e0 perdre, qui avaient peut-\u00eatre d\u00e9j\u00e0 perdu le reste de leur famille. Mais j&#8217;imagine que c&#8217;\u00e9tait le cas aussi pour certaines jeunes femmes qui avaient peut-\u00eatre perdu leurs parents, qui n&#8217;avaient pas encore d&#8217;enfant. Et qui donc \u00e9taient pr\u00eates \u00e0 prendre des risques, \u00e0 risquer leur vie, parce qu&#8217;elles savaient qu&#8217;elles ne risquaient pas la vie de leurs enfants ou de leurs proches.<\/p>\n\n\n\n<p><b><a id=\"sonaar_ts-6927c6c822ec3\" class=\"srmp3_sonaar_ts_shortcode\"  style=\"\" href=\"javascript:sonaar_ts_shortcode({ trackid:'0', time:'00:41:20', ts_id:'6927c6c822ec3', play_icon:'' }) ;\">[00:41:20]<\/a> &#8211; Ingrid<\/b><\/p>\n\n\n\n<p>Mais la majorit\u00e9 de la population, c&#8217;\u00e9tait quand m\u00eame une majorit\u00e9 qu&#8217;on appelle attentistes, c&#8217;est-\u00e0-dire des personnes qui n&#8217;\u00e9taient ni collaborationnistes ou pro-vichy, pro-nazis, ni des r\u00e9sistants, ni des justes, mais en fait, des personnes qui simplement qui essayaient de survivre, qui avaient peur, qui ne savaient pas vraiment comment r\u00e9agir et qui ont laiss\u00e9 un peu le temps passer. Parce que c&#8217;est vrai que la vie dans la France occup\u00e9e, elle n&#8217;\u00e9tait pas facile.<\/p>\n\n\n\n<p><b><a id=\"sonaar_ts-6927c6c822ec8\" class=\"srmp3_sonaar_ts_shortcode\"  style=\"\" href=\"javascript:sonaar_ts_shortcode({ trackid:'0', time:'00:41:55', ts_id:'6927c6c822ec8', play_icon:'' }) ;\">[00:41:55]<\/a> &#8211; Hugo<\/b><\/p>\n\n\n\n<p>Oui, effectivement, il y avait des p\u00e9nuries de nourriture parce que la grande majorit\u00e9 des productions des r\u00e9coltes \u00e9taient utilis\u00e9es pour nourrir l&#8217;arm\u00e9e nazie. Il y avait des p\u00e9nuries de nourriture. Il y avait la police un peu partout, que que ce soit la Gestapo ou la milice fran\u00e7aise. Les maisons \u00e9taient r\u00e9guli\u00e8rement fouill\u00e9es pour voir si les habitants ne cachaient pas des Juifs ou ne faisaient pas partie de la r\u00e9sistance. Et il y avait ce climat de peur aussi \u00e0 cause de la d\u00e9lation. On avait toujours peur que nos voisins nous d\u00e9noncent ou que nos coll\u00e8gues nous d\u00e9noncent et on ne savait pas vraiment \u00e0 qui on pouvait faire confiance.<\/p>\n\n\n\n<p><b><a id=\"sonaar_ts-6927c6c822ece\" class=\"srmp3_sonaar_ts_shortcode\"  style=\"\" href=\"javascript:sonaar_ts_shortcode({ trackid:'0', time:'00:42:38', ts_id:'6927c6c822ece', play_icon:'' }) ;\">[00:42:38]<\/a> &#8211; Ingrid<\/b><\/p>\n\n\n\n<p>Voil\u00e0, on va s&#8217;arr\u00eater l\u00e0. Je pense qu&#8217;on a fait un bon r\u00e9sum\u00e9 de ce \u00e0 quoi ressemblait la France entre 1940 et 1945. Au-del\u00e0 de ce qu&#8217;on peut imaginer, au-del\u00e0 des histoires qu&#8217;on se raconte, il y a une r\u00e9alit\u00e9 qui est beaucoup plus nuanc\u00e9e. Et du coup, moi, je me demandais, apr\u00e8s notre introduction, dans vos pays, dans votre \u00e9ducation, que vous soyez des \u00e9trangers qui habitent en France ou que vous soyez seulement des francophiles qui habitent \u00e0 l&#8217;\u00e9tranger, qu&#8217;est-ce que vous savez sur cette p\u00e9riode ? Qu&#8217;est-ce que vous aviez appris ? Est-ce que vous aussi, comme les Fran\u00e7ais, vous aviez cette id\u00e9e qu&#8217;il y avait beaucoup de r\u00e9sistance ? Ou est-ce que vous \u00e9tiez plut\u00f4t comme les Anglo-saxons, vous pensiez que les Fran\u00e7ais n&#8217;avaient pas du tout combattu et \u00e9taient simplement des collaborationnistes ? Qu&#8217;est-ce que vous saviez de \u00e7a ?<\/p>\n\n\n\n<p><b><a id=\"sonaar_ts-6927c6c822ed6\" class=\"srmp3_sonaar_ts_shortcode\"  style=\"\" href=\"javascript:sonaar_ts_shortcode({ trackid:'0', time:'00:43:42', ts_id:'6927c6c822ed6', play_icon:'' }) ;\">[00:43:42]<\/a> &#8211; Hugo<\/b><\/p>\n\n\n\n<p>Dites-nous tout \u00e7a dans les commentaires. On est tr\u00e8s curieux de vous lire. Merci de nous avoir \u00e9cout\u00e9 jusqu&#8217;au bout et on se retrouve dans deux semaines.<\/p>\n\n\n\n<p><b><a id=\"sonaar_ts-6927c6c822edb\" class=\"srmp3_sonaar_ts_shortcode\"  style=\"\" href=\"javascript:sonaar_ts_shortcode({ trackid:'0', time:'00:43:50', ts_id:'6927c6c822edb', play_icon:'' }) ;\">[00:43:50]<\/a> &#8211; Ingrid<\/b><\/p>\n\n\n\n<p>Salut.<\/p>\n","protected":false},"excerpt":{"rendered":"<p>&#8211; Hugo La France sous l&#8217;occupation. &#8211; Hugo Salut \u00e0 toutes et \u00e0 tous. Salut Ingrid. &#8211; Hugo Salut Hugo. &#8211; Hugo Aujourd&#8217;hui, ou plut\u00f4t au moment o\u00f9 on publie cet \u00e9pisode, on est le 18 juin. Et le 18 juin, c&#8217;est une date importante dans l&#8217;histoire des Fran\u00e7ais, puisque c&#8217;est l&#8217;appel du g\u00e9n\u00e9ral de&#8230;<\/p>\n","protected":false},"author":17473,"featured_media":289722,"comment_status":"open","ping_status":"open","sticky":false,"template":"","format":[191],"meta":{"_acf_changed":false,"_kad_blocks_custom_css":"","_kad_blocks_head_custom_js":"","_kad_blocks_body_custom_js":"","_kad_blocks_footer_custom_js":"","_kad_post_transparent":"","_kad_post_title":"","_kad_post_layout":"","_kad_post_sidebar_id":"","_kad_post_content_style":"","_kad_post_vertical_padding":"","_kad_post_feature":"","_kad_post_feature_position":"","_kad_post_header":false,"_kad_post_footer":false,"_kad_post_classname":"","footnotes":""},"categories":[168],"tags":[175,180,176],"class_list":["post-289613","post","type-post","status-publish","format-standard","has-post-thumbnail","hentry","category-podcast","tag-france","tag-histoire","tag-politique","format-duo-hugo-ingrid"],"acf":[],"taxonomy_info":{"category":[{"value":168,"label":"Podcast"}],"post_tag":[{"value":175,"label":"France"},{"value":180,"label":"Histoire"},{"value":176,"label":"Politique"}],"format":[{"value":191,"label":"Duo Hugo &amp; Ingrid"}]},"featured_image_src_large":["https:\/\/innerfrench.com\/wp-content\/uploads\/2025\/06\/E173-La-France-sous-lOccupation-750x406.jpg",750,406,true],"author_info":{"display_name":"Hugo &amp; Ingrid","author_link":"https:\/\/innerfrench.com\/author\/hugo_ingrid\/"},"comment_info":34,"category_info":[{"term_id":168,"name":"Podcast","slug":"podcast","term_group":0,"term_taxonomy_id":168,"taxonomy":"category","description":"","parent":0,"count":185,"filter":"raw","cat_ID":168,"category_count":185,"category_description":"","cat_name":"Podcast","category_nicename":"podcast","category_parent":0}],"tag_info":[{"term_id":175,"name":"France","slug":"france","term_group":0,"term_taxonomy_id":175,"taxonomy":"post_tag","description":"","parent":0,"count":100,"filter":"raw"},{"term_id":180,"name":"Histoire","slug":"histoire","term_group":0,"term_taxonomy_id":180,"taxonomy":"post_tag","description":"","parent":0,"count":35,"filter":"raw"},{"term_id":176,"name":"Politique","slug":"politique","term_group":0,"term_taxonomy_id":176,"taxonomy":"post_tag","description":"","parent":0,"count":20,"filter":"raw"}],"_links":{"self":[{"href":"https:\/\/innerfrench.com\/wp-json\/wp\/v2\/posts\/289613","targetHints":{"allow":["GET"]}}],"collection":[{"href":"https:\/\/innerfrench.com\/wp-json\/wp\/v2\/posts"}],"about":[{"href":"https:\/\/innerfrench.com\/wp-json\/wp\/v2\/types\/post"}],"author":[{"embeddable":true,"href":"https:\/\/innerfrench.com\/wp-json\/wp\/v2\/users\/17473"}],"replies":[{"embeddable":true,"href":"https:\/\/innerfrench.com\/wp-json\/wp\/v2\/comments?post=289613"}],"version-history":[{"count":3,"href":"https:\/\/innerfrench.com\/wp-json\/wp\/v2\/posts\/289613\/revisions"}],"predecessor-version":[{"id":292785,"href":"https:\/\/innerfrench.com\/wp-json\/wp\/v2\/posts\/289613\/revisions\/292785"}],"wp:featuredmedia":[{"embeddable":true,"href":"https:\/\/innerfrench.com\/wp-json\/wp\/v2\/media\/289722"}],"wp:attachment":[{"href":"https:\/\/innerfrench.com\/wp-json\/wp\/v2\/media?parent=289613"}],"wp:term":[{"taxonomy":"category","embeddable":true,"href":"https:\/\/innerfrench.com\/wp-json\/wp\/v2\/categories?post=289613"},{"taxonomy":"post_tag","embeddable":true,"href":"https:\/\/innerfrench.com\/wp-json\/wp\/v2\/tags?post=289613"},{"taxonomy":"format","embeddable":true,"href":"https:\/\/innerfrench.com\/wp-json\/wp\/v2\/format?post=289613"}],"curies":[{"name":"wp","href":"https:\/\/api.w.org\/{rel}","templated":true}]}}