{"id":289614,"date":"2025-07-16T17:14:37","date_gmt":"2025-07-16T15:14:37","guid":{"rendered":"https:\/\/innerfrench.com\/?p=208640"},"modified":"2025-09-25T08:50:20","modified_gmt":"2025-09-25T06:50:20","slug":"e175-laide-medicale-a-mourir-bientot-possible-en-france","status":"publish","type":"post","link":"https:\/\/innerfrench.com\/e175-laide-medicale-a-mourir-bientot-possible-en-france\/","title":{"rendered":"#175 L&#8217;aide m\u00e9dicale \u00e0 mourir, bient\u00f4t possible en France ?"},"content":{"rendered":"\n<p><b><a id=\"sonaar_ts-6927c51d27214\" class=\"srmp3_sonaar_ts_shortcode\"  style=\"\" href=\"javascript:sonaar_ts_shortcode({ trackid:'0', time:'00:00:00', ts_id:'6927c51d27214', play_icon:'' }) ;\">[00:00:00]<\/a> &#8211; Hugo<\/b><\/p>\n\n\n\n<p>L&#8217;aide m\u00e9dicale \u00e0 mourir, bient\u00f4t possible en France ?<\/p>\n\n\n\n<p><b><a id=\"sonaar_ts-6927c51d27221\" class=\"srmp3_sonaar_ts_shortcode\"  style=\"\" href=\"javascript:sonaar_ts_shortcode({ trackid:'0', time:'00:00:13', ts_id:'6927c51d27221', play_icon:'' }) ;\">[00:00:13]<\/a> &#8211; Hugo<\/b><\/p>\n\n\n\n<p>Salut \u00e0 toutes et \u00e0 tous. Salut Ingrid.<\/p>\n\n\n\n<p><b><a id=\"sonaar_ts-6927c51d27228\" class=\"srmp3_sonaar_ts_shortcode\"  style=\"\" href=\"javascript:sonaar_ts_shortcode({ trackid:'0', time:'00:00:15', ts_id:'6927c51d27228', play_icon:'' }) ;\">[00:00:15]<\/a> &#8211; Ingrid<\/b><\/p>\n\n\n\n<p>Salut Hugo. Comment tu vas aujourd&#8217;hui ?<\/p>\n\n\n\n<p><b><a id=\"sonaar_ts-6927c51d2722e\" class=\"srmp3_sonaar_ts_shortcode\"  style=\"\" href=\"javascript:sonaar_ts_shortcode({ trackid:'0', time:'00:00:17', ts_id:'6927c51d2722e', play_icon:'' }) ;\">[00:00:17]<\/a> &#8211; Hugo<\/b><\/p>\n\n\n\n<p>\u00c7a va, \u00e7a va, m\u00eame si on a un sujet assez compliqu\u00e9, un sujet qui n&#8217;est pas du tout estival, parce que peut-\u00eatre que l\u00e0, vous nous \u00e9coutez en vacances, \u00e0 la plage. Vous avez envie d&#8217;\u00e9couter quelques quelque chose de l\u00e9ger, mais non, comme vous l&#8217;avez entendu, on va parler de mort dans cet \u00e9pisode et plus sp\u00e9cifiquement de ce qu&#8217;on appelle le droit \u00e0 l&#8217;aide \u00e0 mourir. Alors, qu&#8217;est-ce que c&#8217;est ce droit \u00e0 mourir ?<\/p>\n\n\n\n<p><b><a id=\"sonaar_ts-6927c51d27233\" class=\"srmp3_sonaar_ts_shortcode\"  style=\"\" href=\"javascript:sonaar_ts_shortcode({ trackid:'0', time:'00:00:44', ts_id:'6927c51d27233', play_icon:'' }) ;\">[00:00:44]<\/a> &#8211; Ingrid<\/b><\/p>\n\n\n\n<p>Le droit \u00e0 mourir, c&#8217;est le fait d&#8217;avoir la possibilit\u00e9, pour une personne qui est malade, d&#8217;avoir de l&#8217;aide m\u00e9dicale pour terminer sa vie. C&#8217;est l&#8217;id\u00e9e qu&#8217;on a tous le droit de mourir dans la dignit\u00e9 et donc d&#8217;avoir des conditions de vie jusqu&#8217;au dernier moment saines dans des bonnes conditions. Et donc, au moment o\u00f9 la maladie commence \u00e0 \u00eatre trop difficile, de pouvoir avoir le choix de demander \u00e0 des m\u00e9decins d&#8217;en terminer.<\/p>\n\n\n\n<p><b><a id=\"sonaar_ts-6927c51d27238\" class=\"srmp3_sonaar_ts_shortcode\"  style=\"\" href=\"javascript:sonaar_ts_shortcode({ trackid:'0', time:'00:01:20', ts_id:'6927c51d27238', play_icon:'' }) ;\">[00:01:20]<\/a> &#8211; Hugo<\/b><\/p>\n\n\n\n<p>Oui. Donc l\u00e0, ce n&#8217;est pas vraiment la question du suicide en g\u00e9n\u00e9ral. Par exemple, une personne qui veut se suicider \u00e0 cause de raisons purement psychologiques, non, l\u00e0, ce n&#8217;est pas de \u00e7a dont il s&#8217;agit. En tout cas, pour le moment. Comme tu l&#8217;as dit, c&#8217;est vraiment quelque chose qui est dans le contexte de la maladie et qui doit permettre de soulager la souffrance de personnes qui sont tr\u00e8s malades et qui n&#8217;ont aucune perspective de gu\u00e9rison, aucune perspective de gu\u00e9rir. Alors cette aide \u00e0 mourir, concr\u00e8tement, elle peut se passer de diff\u00e9rentes mani\u00e8res. Il y a d&#8217;abord ce que tout le monde conna\u00eet, l&#8217;euthanasie. C&#8217;est quasiment le m\u00eame mot en anglais, en espagnol aussi, on a v\u00e9rifi\u00e9. Donc l&#8217;euthanasie, c&#8217;est un acte m\u00e9dical pour provoquer d\u00e9lib\u00e9r\u00e9ment la mort d&#8217;un patient afin de mettre fin \u00e0 ses souffrances. C&#8217;est aussi le cas chez le v\u00e9t\u00e9rinaire. Vous savez, quand on a un chien, un chat, un animal de compagnie qui est tr\u00e8s \u00e2g\u00e9 ou alors qui est tr\u00e8s malade, pour lui \u00e9viter de souffrir, on peut d\u00e9cider de l&#8217;euthanasier.<\/p>\n\n\n\n<p><b><a id=\"sonaar_ts-6927c51d2723d\" class=\"srmp3_sonaar_ts_shortcode\"  style=\"\" href=\"javascript:sonaar_ts_shortcode({ trackid:'0', time:'00:02:29', ts_id:'6927c51d2723d', play_icon:'' }) ;\">[00:02:29]<\/a> &#8211; Ingrid<\/b><\/p>\n\n\n\n<p>Et alors pourquoi on parle de \u00e7a maintenant, alors que vous \u00eates en vacances sur la plage, en train normalement d&#8217;essayer de vous relaxer ? C&#8217;est parce qu&#8217;en France, les d\u00e9put\u00e9s viennent d&#8217;adopter une loi donnant des nouvelles conditions pour ce droit \u00e0 l&#8217;euthanasie. Plus exactement, c&#8217;\u00e9tait le 27 mai qu&#8217;ils ont vot\u00e9 cette loi et juste avant, il y avait eu pas mal de d\u00e9bats sur le sujet donc nous, on a voulu prendre le temps de se renseigner sur la question, de r\u00e9fl\u00e9chir au sujet pour pouvoir vous faire un petit r\u00e9sum\u00e9 de cette loi, des nouvelles conditions et de comment \u00e7a se passe en France \u00e0 partir de maintenant.<\/p>\n\n\n\n<p><b><a id=\"sonaar_ts-6927c51d27242\" class=\"srmp3_sonaar_ts_shortcode\"  style=\"\" href=\"javascript:sonaar_ts_shortcode({ trackid:'0', time:'00:03:16', ts_id:'6927c51d27242', play_icon:'' }) ;\">[00:03:16]<\/a> &#8211; Hugo<\/b><\/p>\n\n\n\n<p>Il faut savoir que la loi n&#8217;est pas encore promulgu\u00e9e parce qu&#8217;elle doit \u00eatre d\u00e9battue au S\u00e9nat \u00e0 la rentr\u00e9e et ensuite, elle va revenir \u00e0 l&#8217;Assembl\u00e9e. Mais il y a de grandes chances que cette loi soit promulgu\u00e9e et en tout cas, elle a donn\u00e9 lieu \u00e0 des d\u00e9bats passionnants. C&#8217;est pour \u00e7a qu&#8217;on a voulu vous en parler dans le podcast. C&#8217;est vrai que ce droit \u00e0 mourir, c&#8217;\u00e9tait une \u00e9volution de soci\u00e9t\u00e9 qui \u00e9tait tr\u00e8s attendue, en tout cas par certaines personnes et dont on parle d\u00e9j\u00e0 depuis de nombreuses ann\u00e9es. Mais on peut dire que cette loi et plus g\u00e9n\u00e9ralement la notion de droit \u00e0 mourir, il suscite de nombreuses critiques, notamment parmi le corps m\u00e9dical. On a beaucoup entendu dans les m\u00e9dias derni\u00e8rement des m\u00e9decins dire que leur r\u00f4le n&#8217;\u00e9tait pas d&#8217;aider les personnes \u00e0 mourir, mais au contraire de tout faire pour les soigner. Et d&#8217;un autre c\u00f4t\u00e9, il y a d&#8217;autres critiques qui disent que cette loi ne va pas assez loin, qu&#8217;elle est trop restrictive et que finalement, elle n&#8217;a pas de substance. \u00c7a, on va en reparler aussi dans l&#8217;\u00e9pisode.<\/p>\n\n\n\n<p><b><a id=\"sonaar_ts-6927c51d27247\" class=\"srmp3_sonaar_ts_shortcode\"  style=\"\" href=\"javascript:sonaar_ts_shortcode({ trackid:'0', time:'00:04:17', ts_id:'6927c51d27247', play_icon:'' }) ;\">[00:04:17]<\/a> &#8211; Ingrid<\/b><\/p>\n\n\n\n<p>Oui, donc c&#8217;est un d\u00e9bat qui est \u00e9thique, voire philosophique. On se pose la question de savoir si cette aide \u00e0 mourir est un progr\u00e8s civilisationnel ou au contraire une r\u00e9gression.<\/p>\n\n\n\n<p><b><a id=\"sonaar_ts-6927c51d27252\" class=\"srmp3_sonaar_ts_shortcode\"  style=\"\" href=\"javascript:sonaar_ts_shortcode({ trackid:'0', time:'00:04:31', ts_id:'6927c51d27252', play_icon:'' }) ;\">[00:04:31]<\/a> &#8211; Hugo<\/b><\/p>\n\n\n\n<p>Voil\u00e0. Donc, pour essayer de vous expliquer tout \u00e7a, on va vous dire comment cette loi a vu le jour. Ensuite, on va parler concr\u00e8tement de quoi il s&#8217;agit, ce qui est pr\u00e9vu dans cette loi pour l&#8217;aide \u00e0 mourir. Et puis enfin, on \u00e9voquera les points qui font d\u00e9bat, les critiques et les possibles \u00e9volutions de cette loi.<\/p>\n\n\n\n<p><b><a id=\"sonaar_ts-6927c51d27257\" class=\"srmp3_sonaar_ts_shortcode\"  style=\"\" href=\"javascript:sonaar_ts_shortcode({ trackid:'0', time:'00:04:56', ts_id:'6927c51d27257', play_icon:'' }) ;\">[00:04:56]<\/a> &#8211; Ingrid<\/b><\/p>\n\n\n\n<p>Allez, on y va.<\/p>\n\n\n\n<p><b><a id=\"sonaar_ts-6927c51d2725b\" class=\"srmp3_sonaar_ts_shortcode\"  style=\"\" href=\"javascript:sonaar_ts_shortcode({ trackid:'0', time:'00:05:02', ts_id:'6927c51d2725b', play_icon:'' }) ;\">[00:05:02]<\/a> &#8211; Ingrid<\/b><\/p>\n\n\n\n<p>En France, si les d\u00e9put\u00e9s ont \u00e9tudi\u00e9 un texte de loi pour ouvrir l&#8217;aide m\u00e9dicale \u00e0 mourir, c&#8217;est parce qu&#8217;on \u00e9tait dans un contexte social qui favorisait ce d\u00e9bat. \u00c7a faisait d\u00e9j\u00e0 des ann\u00e9es qu&#8217;on en parlait et que la loi \u00e9voluait petit \u00e0 petit. Et en 2024-2025, on \u00e9tait arriv\u00e9 \u00e0 une situation o\u00f9 d&#8217;un c\u00f4t\u00e9, les pays voisins avaient, pour certains d&#8217;entre eux, ouvert leur l\u00e9gislation de mani\u00e8re beaucoup plus progressiste ou de mani\u00e8re beaucoup plus favorable \u00e0 l&#8217;aide \u00e0 mourir qu&#8217;en France, et donc, \u00e7a cr\u00e9ait de la comp\u00e9tition entre les pays, avec certains Fran\u00e7ais qui se rendaient \u00e0 l&#8217;\u00e9tranger pour demander de l&#8217;aide \u00e0 mourir. Et puis, d&#8217;un autre c\u00f4t\u00e9, on avait une population qui est plus vieillissante et o\u00f9 il y a des progr\u00e8s de la m\u00e9decine qui font qu&#8217;il y a de plus en plus de personnes qui se retrouvent dans une situation de mort lente, puisque les m\u00e9decins sont capables de maintenir en vie des personnes \u00e2g\u00e9es pendant tr\u00e8s longtemps et aussi des personnes tr\u00e8s malades sans que la maladie ne les emporte.<\/p>\n\n\n\n<p><b><a id=\"sonaar_ts-6927c51d27260\" class=\"srmp3_sonaar_ts_shortcode\"  style=\"\" href=\"javascript:sonaar_ts_shortcode({ trackid:'0', time:'00:06:24', ts_id:'6927c51d27260', play_icon:'' }) ;\">[00:06:24]<\/a> &#8211; Ingrid<\/b><\/p>\n\n\n\n<p>Et donc on \u00e9tait dans cette situation qui fait qu&#8217;il y avait une urgence \u00e0 l\u00e9gif\u00e9rer sur la question, d&#8217;autant plus que dans l&#8217;actualit\u00e9, ann\u00e9e apr\u00e8s ann\u00e9e, on a eu des cas sp\u00e9cifiques de personnes qui allaient devant les journalistes pour exprimer leur situation personnelle et le fait qu&#8217;ils avaient besoin d&#8217;une nouvelle loi. Donc voil\u00e0, on \u00e9tait dans un contexte quand m\u00eame qui faisait que les d\u00e9put\u00e9s presque \u00e9taient oblig\u00e9s de r\u00e9fl\u00e9chir \u00e0 cette question.<\/p>\n\n\n\n<p><b><a id=\"sonaar_ts-6927c51d27265\" class=\"srmp3_sonaar_ts_shortcode\"  style=\"\" href=\"javascript:sonaar_ts_shortcode({ trackid:'0', time:'00:06:58', ts_id:'6927c51d27265', play_icon:'' }) ;\">[00:06:58]<\/a> &#8211; Hugo<\/b><\/p>\n\n\n\n<p>Oui, et tous les sondages montraient que dans l&#8217;opinion publique, une \u00e9norme majorit\u00e9 des Fran\u00e7ais \u00e9tait favorable \u00e0 cette aide \u00e0 mourir. \u00c7a d\u00e9pendait un peu de comment la question \u00e9tait formul\u00e9e, mais en tout cas, il y avait une vraie demande, on pourrait dire, de la part des citoyens. Il y avait d\u00e9j\u00e0 eu plusieurs lois vot\u00e9es dans ce sens. La premi\u00e8re, c&#8217;\u00e9tait une loi de 2005, la loi Leonetti, qui avait permis de limiter l&#8217;acharnement th\u00e9rapeutique. Alors, qu&#8217;est-ce que c&#8217;est que l&#8217;acharnement th\u00e9rapeutique, c&#8217;est quand on fait tout pour soigner quelqu&#8217;un, soigner un malade, qu&#8217;on lui donne \u00e9norm\u00e9ment de m\u00e9dicaments, alors qu&#8217;on sait que cette personne ne va pas pouvoir gu\u00e9rir, que cette personne va mourir, mais on fait tout ce qui est possible pour maintenir cette personne en vie.<\/p>\n\n\n\n<p><b><a id=\"sonaar_ts-6927c51d2726a\" class=\"srmp3_sonaar_ts_shortcode\"  style=\"\" href=\"javascript:sonaar_ts_shortcode({ trackid:'0', time:'00:07:51', ts_id:'6927c51d2726a', play_icon:'' }) ;\">[00:07:51]<\/a> &#8211; Hugo<\/b><\/p>\n\n\n\n<p>Et il faut savoir que le verbe \u00ab s&#8217;acharner \u00bb, \u00e7a a une connotation assez n\u00e9gative. On peut s&#8217;acharner contre quelqu&#8217;un. \u00c7a veut dire attaquer une personne sans rel\u00e2che, sans s&#8217;arr\u00eater. Parfois, on parle d&#8217;acharnement m\u00e9diatique. Quand il y a une forme d&#8217;hostilit\u00e9 contre quelqu&#8217;un dans les m\u00e9dias, une hostilit\u00e9 qui continue, qui ne s&#8217;arr\u00eate pas. Et on peut aussi dire, plus g\u00e9n\u00e9ralement, s&#8217;acharner, \u00e7a veut dire continuer quelque chose encore et encore sans jamais abandonner. Par exemple, peut-\u00eatre que vous, vous vous acharnez \u00e0 apprendre le fran\u00e7ais. Et l\u00e0, si vous dites \u00e7a, \u00ab je m&#8217;acharne \u00e0 apprendre le fran\u00e7ais \u00bb, on comprend que c&#8217;est quelque chose de tr\u00e8s difficile pour vous, mais que vous n&#8217;abandonnez pas, vous continuez. Donc cette loi de 2005 a permis d&#8217;arr\u00eater l&#8217;acharnement th\u00e9rapeutique et d&#8217;autoriser la s\u00e9dation. Ensuite, il y a eu une deuxi\u00e8me loi en 2016 ?<\/p>\n\n\n\n<p><b><a id=\"sonaar_ts-6927c51d2726e\" class=\"srmp3_sonaar_ts_shortcode\"  style=\"\" href=\"javascript:sonaar_ts_shortcode({ trackid:'0', time:'00:08:48', ts_id:'6927c51d2726e', play_icon:'' }) ;\">[00:08:48]<\/a> &#8211; Ingrid<\/b><\/p>\n\n\n\n<p>Oui, la loi Clays-Leonetti, qui \u00e9tait une loi, en gros, qui venait compl\u00e9ter la premi\u00e8re loi pour permettre encore plus de facilit\u00e9s, encore plus de confort aux personnes malades. Notamment, les personnes malades pouvaient r\u00e9diger des directives anticip\u00e9es, c&#8217;est-\u00e0-dire avant que la maladie ne devienne trop handicapante pour pouvoir s&#8217;exprimer, les personnes pouvaient signer une d\u00e9claration pour dire qu&#8217;elles ne souhaitaient pas d&#8217;acharnement th\u00e9rapeutique. Et il a aussi \u00e9t\u00e9 mis en place le concept de s\u00e9dation profonde donc finalement, la possibilit\u00e9 d&#8217;\u00eatre mise dans un coma ou dans un \u00e9tat de repos tr\u00e8s intense, de sommeil profond et donc de mourir comme \u00e7a, de fa\u00e7on certes lente, mais sans se rendre compte de rien, puisque les docteurs, tout simplement, pouvaient, \u00e0 partir de 2016, endormir compl\u00e8tement les patients, arr\u00eater les traitements contre la maladie et attendre que la maladie emporte les patients.<\/p>\n\n\n\n<p><b><a id=\"sonaar_ts-6927c51d27273\" class=\"srmp3_sonaar_ts_shortcode\"  style=\"\" href=\"javascript:sonaar_ts_shortcode({ trackid:'0', time:'00:10:01', ts_id:'6927c51d27273', play_icon:'' }) ;\">[00:10:01]<\/a> &#8211; Hugo<\/b><\/p>\n\n\n\n<p>Mais certains trouvaient que ces deux lois n&#8217;\u00e9taient pas suffisantes et qu&#8217;il fallait aller plus loin pour permettre une aide active \u00e0 mourir. Donc, le d\u00e9bat a \u00e9t\u00e9 relanc\u00e9 \u00e0 partir de 2022. En 2023, il y a eu une convention citoyenne. Donc concr\u00e8tement, 184 citoyens fran\u00e7ais ont \u00e9t\u00e9 tir\u00e9s au sort, des citoyens qui repr\u00e9sentent l&#8217;ensemble de la soci\u00e9t\u00e9 fran\u00e7aise, pour r\u00e9fl\u00e9chir \u00e0 cette question, la question de l&#8217;aide active \u00e0 mourir. Ils ont rencontr\u00e9 des experts, ils ont assist\u00e9 \u00e0 des cours, des conf\u00e9rences, etc, pour r\u00e9fl\u00e9chir \u00e0 cette question, ils ont d\u00e9battu. Et \u00e0 la fin, les trois quarts d&#8217;entre eux, 76%, se sont dits favorables \u00e0 une aide active \u00e0 mourir, mais \u00e0 condition que cette aide respecte des crit\u00e8res stricts et qu&#8217;elle soit bien encadr\u00e9e.<\/p>\n\n\n\n<p><b><a id=\"sonaar_ts-6927c51d27278\" class=\"srmp3_sonaar_ts_shortcode\"  style=\"\" href=\"javascript:sonaar_ts_shortcode({ trackid:'0', time:'00:10:57', ts_id:'6927c51d27278', play_icon:'' }) ;\">[00:10:57]<\/a> &#8211; Ingrid<\/b><\/p>\n\n\n\n<p>Et donc, c&#8217;est dans ces conditions, avec ce contexte social, toute cette histoire de r\u00e9flexion sur l&#8217;aide \u00e0 mourir et les pr\u00e9conisations, c&#8217;est-\u00e0-dire les conseils donn\u00e9s par cette convention citoyenne, les d\u00e9put\u00e9s ont pu r\u00e9fl\u00e9chir \u00e0 cette question avec d\u00e9j\u00e0 tous ces d\u00e9bats en t\u00eate.<\/p>\n\n\n\n<p><b><a id=\"sonaar_ts-6927c51d2727c\" class=\"srmp3_sonaar_ts_shortcode\"  style=\"\" href=\"javascript:sonaar_ts_shortcode({ trackid:'0', time:'00:11:22', ts_id:'6927c51d2727c', play_icon:'' }) ;\">[00:11:22]<\/a> &#8211; Hugo<\/b><\/p>\n\n\n\n<p>Alors, concr\u00e8tement, que dit cette nouvelle loi ? Ce projet de loi, parce que comme on l&#8217;a rappel\u00e9, elle n&#8217;a pas encore \u00e9t\u00e9 promulgu\u00e9e \u00e7a peut encore changer avec les d\u00e9bats au S\u00e9nat. Mais pour le moment, elle accorde le droit \u00e0 l&#8217;aide \u00e0 mourir, \u00e0 condition de respecter cinq crit\u00e8res pr\u00e9cis. Le premier, c&#8217;est d&#8217;\u00eatre majeur. En France, vous le savez, la majorit\u00e9, c&#8217;est \u00e0 18 ans. D&#8217;\u00eatre de nationalit\u00e9 fran\u00e7aise ou de r\u00e9sider en France. Donc, vous ne pouvez pas, comme certains Fran\u00e7ais le faisaient avant, en allant en Suisse, par exemple, pour \u00eatre euthanasi\u00e9. Vous ne pouvez pas venir en France pour un week-end pour vous faire euthanasier. Non, il faut \u00eatre soit fran\u00e7ais, soit r\u00e9sider en France de mani\u00e8re stable. Ensuite, il faut \u00eatre capable de manifester sa volont\u00e9 de fa\u00e7on libre et \u00e9clair\u00e9e. Autrement dit, il ne faut pas que quelqu&#8217;un vous ait mis la pression de quelque mani\u00e8re que ce soit. Il faut que vous soyez atteint d&#8217;une maladie grave et incurable, une maladie qu&#8217;on ne peut pas gu\u00e9rir, et que que votre pronostic vital soit engag\u00e9 et que la maladie soit dans une phase avanc\u00e9e ou \u00e0 un stade terminal. Et pour finir, le cinqui\u00e8me crit\u00e8re, c&#8217;est d&#8217;avoir une souffrance physique ou psychologique qui est jug\u00e9e insupportable.<\/p>\n\n\n\n<p><b><a id=\"sonaar_ts-6927c51d27281\" class=\"srmp3_sonaar_ts_shortcode\"  style=\"\" href=\"javascript:sonaar_ts_shortcode({ trackid:'0', time:'00:12:45', ts_id:'6927c51d27281', play_icon:'' }) ;\">[00:12:45]<\/a> &#8211; Ingrid<\/b><\/p>\n\n\n\n<p>Exactement. Et en parall\u00e8le, au m\u00eame moment, les d\u00e9put\u00e9s ont vot\u00e9 une deuxi\u00e8me loi, une loi sur les soins palliatifs. Donc les soins palliatifs, c&#8217;est tout ce que les \u00e9quipes que le type m\u00e9dical apporte aux patients \u00e0 la fin de leur vie pour que la fin de vie soit confortable. Souvent, \u00e7a se passe dans des unit\u00e9s sp\u00e9cialis\u00e9es dans les h\u00f4pitaux ou m\u00eame dans des centres m\u00e9dicaux sp\u00e9cialis\u00e9s o\u00f9 on va avoir des soins pour soulager la douleur, parfois m\u00eame des activit\u00e9s pour permettre de partir en \u00e9tant en paix psychologiquement.<\/p>\n\n\n\n<p><b><a id=\"sonaar_ts-6927c51d27286\" class=\"srmp3_sonaar_ts_shortcode\"  style=\"\" href=\"javascript:sonaar_ts_shortcode({ trackid:'0', time:'00:13:29', ts_id:'6927c51d27286', play_icon:'' }) ;\">[00:13:29]<\/a> &#8211; Ingrid<\/b><\/p>\n\n\n\n<p>Voil\u00e0, il y a beaucoup de choses. C&#8217;est une sp\u00e9cialisation m\u00e9dicale qui est vraiment tr\u00e8s sp\u00e9cifique. Les m\u00e9decins qui font des soins palliatifs souvent le font avec beaucoup de passion. Et justement, on n&#8217;a pas beaucoup de moyens qui sont mis sur les soins palliatifs. Donc, les d\u00e9put\u00e9s ont vot\u00e9 une loi pour justement am\u00e9liorer ces services, pour inscrire dans la loi que tout le monde a le droit \u00e0 ces des soins et que l&#8217;\u00c9tat doit s&#8217;engager \u00e0 fournir, \u00e0 travers un plan national, assez de centres sp\u00e9cialis\u00e9s pour que toutes les personnes qui sont dans une situation de maladie incurable, avec beaucoup de souffrance, puissent avoir acc\u00e8s \u00e0 ces m\u00e9decins sp\u00e9cialis\u00e9s, et pas que les m\u00e9decins, les soignants en g\u00e9n\u00e9ral, des infirmiers sp\u00e9cialis\u00e9s, des aides-soignants sp\u00e9cialis\u00e9es, du mat\u00e9riel sp\u00e9cifique, pour que la fin de vie soit confortable. Et il faut savoir que cette loi sur les soins palliatifs a fait l&#8217;unanimit\u00e9 parmi les parlementaires, puisqu&#8217;on n&#8217;a eu aucun d\u00e9put\u00e9 qui a vot\u00e9 contre. C&#8217;\u00e9tait vraiment un besoin sur lequel tout le monde \u00e9tait d&#8217;accord.<\/p>\n\n\n\n<p><b><a id=\"sonaar_ts-6927c51d2728b\" class=\"srmp3_sonaar_ts_shortcode\"  style=\"\" href=\"javascript:sonaar_ts_shortcode({ trackid:'0', time:'00:14:51', ts_id:'6927c51d2728b', play_icon:'' }) ;\">[00:14:51]<\/a> &#8211; Hugo<\/b><\/p>\n\n\n\n<p>Oui, et c&#8217;\u00e9tait important que ces deux lois soient vot\u00e9es en m\u00eame temps, celles sur l&#8217;aide \u00e0 mourir et celles sur les soins palliatifs, parce qu&#8217;il y avait des craintes que l&#8217;aide \u00e0 mourir devienne la solution par d\u00e9faut, en absence de soins palliatifs accessibles partout. Mais bon, \u00e7a, on va en reparler un peu dans la troisi\u00e8me partie de l&#8217;\u00e9pisode. Au niveau de la sc\u00e8ne politique, on peut dire qu&#8217;il y avait trois grands groupes, comme d&#8217;habitude. Donc la majorit\u00e9 pr\u00e9sidentielle, le camp d&#8217;Emmanuel Macron, qui \u00e9tait plut\u00f4t pour cette loi sur l&#8217;aide \u00e0 mourir. Ensuite, les partis politiques de gauche, qui eux aussi \u00e9taient pour, \u00e0 l&#8217;exception notable du Parti communiste, et les partis de droite et d&#8217;extr\u00eame droite qui, eux, \u00e9taient globalement contre.<\/p>\n\n\n\n<p><b><a id=\"sonaar_ts-6927c51d2728f\" class=\"srmp3_sonaar_ts_shortcode\"  style=\"\" href=\"javascript:sonaar_ts_shortcode({ trackid:'0', time:'00:15:36', ts_id:'6927c51d2728f', play_icon:'' }) ;\">[00:15:36]<\/a> &#8211; Ingrid<\/b><\/p>\n\n\n\n<p>Apr\u00e8s, il faut quand m\u00eame noter, et c&#8217;est quelque chose qui m&#8217;a plut\u00f4t marqu\u00e9e quand j&#8217;ai fait les recherches pour voir qui avait vot\u00e9 pour, qui avait des vot\u00e9s contre, que dans beaucoup de groupes, c&#8217;est m\u00e9lang\u00e9. Il y a des parlementaires qui sont dans des groupes qui sont cens\u00e9s \u00eatre contre, mais il y en a quand m\u00eame qui ont vot\u00e9 pour. Donc, \u00e7a montre bien \u00e0 quel point cette question est complexe et elle est tr\u00e8s individuelle. Parfois, au-del\u00e0 des positions politiques de principes, les personnes ont v\u00e9cu certaines exp\u00e9riences personnelles qui font qu&#8217;elles ne vont pas \u00eatre dans la ligne de leur parti. Et c&#8217;est particuli\u00e8rement int\u00e9ressant parce que \u00e7a montre \u00e0 quel point c&#8217;est un d\u00e9bat de soci\u00e9t\u00e9 vraiment complexe.<\/p>\n\n\n\n<p><b><a id=\"sonaar_ts-6927c51d27294\" class=\"srmp3_sonaar_ts_shortcode\"  style=\"\" href=\"javascript:sonaar_ts_shortcode({ trackid:'0', time:'00:16:28', ts_id:'6927c51d27294', play_icon:'' }) ;\">[00:16:28]<\/a> &#8211; Hugo<\/b><\/p>\n\n\n\n<p>Alors maintenant, on va voir concr\u00e8tement ce que cette nouvelle loi va changer si elle est adopt\u00e9e. Alors d&#8217;abord, on va revenir un peu sur les conditions m\u00e9dicales pr\u00e9cises pour pouvoir b\u00e9n\u00e9ficier de ce droit \u00e0 mourir. La premi\u00e8re, la plus importante, hormis le fait d&#8217;\u00eatre majeur et de r\u00e9sider en France, comme je l&#8217;ai \u00e9voqu\u00e9, c&#8217;est que la personne doit \u00eatre atteinte d&#8217;une affection grave et incurable, d&#8217;une maladie grave, quelle qu&#8217;en soit la cause, et que cette maladie, elle, engage le pronostic vital.<\/p>\n\n\n\n<p><b><a id=\"sonaar_ts-6927c51d27298\" class=\"srmp3_sonaar_ts_shortcode\"  style=\"\" href=\"javascript:sonaar_ts_shortcode({ trackid:'0', time:'00:17:03', ts_id:'6927c51d27298', play_icon:'' }) ;\">[00:17:03]<\/a> &#8211; Ingrid<\/b><\/p>\n\n\n\n<p>Il faut aussi que la maladie soit dans une phase avanc\u00e9e, c&#8217;est-\u00e0-dire qu&#8217;elle soit d\u00e9j\u00e0 entr\u00e9e dans un processus irr\u00e9versible. Donc c&#8217;est impossible de revenir en arri\u00e8re. Il y a un peu cette id\u00e9e que peu importe le temps que \u00e7a va prendre, on est dans une \u00e9tape o\u00f9, quoi qu&#8217;il arrive, l&#8217;\u00e9tat de sant\u00e9 de la personne malade va s&#8217;aggraver et va affecter de plus en plus sa qualit\u00e9 de vie.<\/p>\n\n\n\n<p><b><a id=\"sonaar_ts-6927c51d2729d\" class=\"srmp3_sonaar_ts_shortcode\"  style=\"\" href=\"javascript:sonaar_ts_shortcode({ trackid:'0', time:'00:17:34', ts_id:'6927c51d2729d', play_icon:'' }) ;\">[00:17:34]<\/a> &#8211; Hugo<\/b><\/p>\n\n\n\n<p>Oui, et il y avait eu beaucoup de d\u00e9bats sur la question du pronostic vital parce que, comme vous le savez, souvent, les m\u00e9decins donnent une estimation du temps qu&#8217;il vous reste \u00e0 vivre en fonction de l&#8217;avancement de la maladie. Et dans une version pr\u00e9c\u00e9dente du texte de cette loi, il \u00e9tait question que le pronostic vital soit engag\u00e9 \u00e0 court ou moyen terme. Autrement dit, qu&#8217;un m\u00e9decin vous ait inform\u00e9 qu&#8217;il vous que quelques jours ou semaines \u00e0 vivre. Il y a eu beaucoup de d\u00e9bats l\u00e0-dessus parce que, comme vous le savez aussi, les m\u00e9decins se trompent souvent sur la dur\u00e9e de ce pronostic vital. C&#8217;est quelque chose qui est tr\u00e8s difficile \u00e0 estimer. Donc finalement, on a enlev\u00e9 cette notion de court ou moyen terme du texte de loi.<\/p>\n\n\n\n<p><b><a id=\"sonaar_ts-6927c51d272a2\" class=\"srmp3_sonaar_ts_shortcode\"  style=\"\" href=\"javascript:sonaar_ts_shortcode({ trackid:'0', time:'00:18:21', ts_id:'6927c51d272a2', play_icon:'' }) ;\">[00:18:21]<\/a> &#8211; Ingrid<\/b><\/p>\n\n\n\n<p>Oui, et maintenant, la loi pr\u00e9cise seulement qu&#8217;il faut qu&#8217;il y ait un \u00e9tat r\u00e9el de d\u00e9gradation. C&#8217;est vrai qu&#8217;en tout, il y a eu 2 600 amendements, donc 2 600 petites modifications \u00e9ventuelles \u00e9tudi\u00e9es par les parlementaires. \u00c7a montre \u00e0 quel point chaque petit mot est important parce qu&#8217;\u00e0 chaque fois, on va parler de possibilit\u00e9s d&#8217;application \u00e0 certaines personnes et \u00e0 pas d&#8217;autres. Dans le cas de ce d\u00e9bat sur la dur\u00e9e, il y a certaines maladies qu&#8217;on peut \u00e0 avoir pendant tr\u00e8s, tr\u00e8s, tr\u00e8s longtemps et dont l&#8217;\u00e9volution peut s&#8217;acc\u00e9l\u00e9rer tr\u00e8s vite ou au contraire tr\u00e8s lentement. C&#8217;est le cas de la maladie de Charcot, qui a \u00e9t\u00e9 beaucoup cit\u00e9e. On a vu pas mal de personnes atteintes de cette maladie dans les m\u00e9dias expliquer \u00e0 quel point leur vie \u00e9tait difficile, \u00e0 quel point leur maladie leur causait des souffrances insupportables et que les docteurs n&#8217;\u00e9taient pas capables de dire combien de temps \u00e7a allait pour que cette maladie finisse finalement par les tuer. Donc, c&#8217;est pour \u00e7a qu&#8217;ils ont fini par garder cette d\u00e9finition beaucoup plus \u00e9largie.<\/p>\n\n\n\n<p><b><a id=\"sonaar_ts-6927c51d272a6\" class=\"srmp3_sonaar_ts_shortcode\"  style=\"\" href=\"javascript:sonaar_ts_shortcode({ trackid:'0', time:'00:19:41', ts_id:'6927c51d272a6', play_icon:'' }) ;\">[00:19:41]<\/a> &#8211; Hugo<\/b><\/p>\n\n\n\n<p>Il faut aussi que cette maladie provoque des souffrances physiques insupportables, tr\u00e8s grande souffrance physique, \u00e9ventuellement associ\u00e9e \u00e0 des souffrances psychologiques, mais il faut savoir que les souffrances psychologiques seules ne suffisent pas \u00e0 avoir ce droit \u00e0 mourir. Il faut vraiment que ce soit une maladie maladie qui provoque des souffrances physiques.<\/p>\n\n\n\n<p><b><a id=\"sonaar_ts-6927c51d272ab\" class=\"srmp3_sonaar_ts_shortcode\"  style=\"\" href=\"javascript:sonaar_ts_shortcode({ trackid:'0', time:'00:20:02', ts_id:'6927c51d272ab', play_icon:'' }) ;\">[00:20:02]<\/a> &#8211; Ingrid<\/b><\/p>\n\n\n\n<p>Donc voil\u00e0, \u00e7a, c&#8217;est pour les conditions m\u00e9dicales, vraiment, pour quel type de maladie, pour quel type de diagnostic ce droit \u00e0 mourir est autoris\u00e9. Mais on vous a dit tout \u00e0 l&#8217;heure qu&#8217;il y avait aussi d&#8217;autres conditions et notamment cette condition de pouvoir donner son consentement libre, \u00e9clair\u00e9 et r\u00e9p\u00e9t\u00e9. Qu&#8217;est-ce que \u00e7a veut dire, \u00e7a ? \u00c7a veut dire que la loi exclut certaines personnes qui ont des maladies psychiatriques ou qui ont des d\u00e9g\u00e9n\u00e9rescences mentales. Par exemple, les personnes qui sont atteintes de la maladie d&#8217;Alzheimer ne peuvent pas \u00eatre concern\u00e9es puisqu&#8217;on consid\u00e8re qu&#8217;elles ne sont pas capables de dire vraiment sans influence si elles veulent mourir ou pas.<\/p>\n\n\n\n<p><b><a id=\"sonaar_ts-6927c51d272af\" class=\"srmp3_sonaar_ts_shortcode\"  style=\"\" href=\"javascript:sonaar_ts_shortcode({ trackid:'0', time:'00:20:55', ts_id:'6927c51d272af', play_icon:'' }) ;\">[00:20:55]<\/a> &#8211; Hugo<\/b><\/p>\n\n\n\n<p>Ouais. Et comme on l&#8217;a pr\u00e9cis\u00e9 un peu avant, si la personne \u00e0 un stade moins avanc\u00e9 de sa maladie a \u00e9crit des directives, des directives anticip\u00e9es sur les conditions qu&#8217;elle souhaite pour sa fin de vie et son traitement, elles peuvent \u00eatre prises en compte.<\/p>\n\n\n\n<p><b><a id=\"sonaar_ts-6927c51d272b4\" class=\"srmp3_sonaar_ts_shortcode\"  style=\"\" href=\"javascript:sonaar_ts_shortcode({ trackid:'0', time:'00:21:13', ts_id:'6927c51d272b4', play_icon:'' }) ;\">[00:21:13]<\/a> &#8211; Ingrid<\/b><\/p>\n\n\n\n<p>Et d&#8217;ailleurs, on peut aussi d\u00e9signer dans ces directives anticip\u00e9es une personne de confiance qui peut prendre des d\u00e9cisions \u00e0 notre place. \u00c7a, \u00e7a r\u00e9pond vraiment \u00e0 un probl\u00e8me qui a d\u00e9j\u00e0 \u00e9t\u00e9 soulev\u00e9 par des cas particuliers de proches de la famille d&#8217;une personne tr\u00e8s malade dans un coma, par exemple, ou dans un \u00e9tat avanc\u00e9 de maladie qui faisait qu&#8217;il n&#8217;\u00e9tait plus capable de donner son consentement. On a vu des parents et des conjoints, par exemple, se d\u00e9chirer devant la justice, certains estimant qu&#8217;il fallait s&#8217;acharner de fa\u00e7on th\u00e9rapeutique, d&#8217;autres estimant qu&#8217;au contraire, il fallait abr\u00e9ger les souffrances de la personne. Donc voil\u00e0, avec ces directives anticip\u00e9es, on peut dire : \u00ab voil\u00e0 ce que je souhaite. Et si jamais la situation est trop compliqu\u00e9e, voil\u00e0 la personne qui peut d\u00e9cider pour moi parce qu&#8217;elle me conna\u00eet mieux. \u00bb<\/p>\n\n\n\n<p><b><a id=\"sonaar_ts-6927c51d272cb\" class=\"srmp3_sonaar_ts_shortcode\"  style=\"\" href=\"javascript:sonaar_ts_shortcode({ trackid:'0', time:'00:22:12', ts_id:'6927c51d272cb', play_icon:'' }) ;\">[00:22:12]<\/a> &#8211; Hugo<\/b><\/p>\n\n\n\n<p>Voil\u00e0, la fameuse personne de confiance. Et concr\u00e8tement, si cette loi est adopt\u00e9e, comment \u00e7a va se passer pour les personnes qui veulent utiliser leur droit \u00e0 mourir ? D&#8217;abord, le malade va devoir formuler sa demande aupr\u00e8s d&#8217;un m\u00e9decin. Elle va devoir dire \u00e0 un m\u00e9decin : \u00ab je souffre trop, je suis en trop grande souffrance physique et je souhaite mettre fin \u00e0 mes jours \u00bb.<\/p>\n\n\n\n<p><b><a id=\"sonaar_ts-6927c51d272cf\" class=\"srmp3_sonaar_ts_shortcode\"  style=\"\" href=\"javascript:sonaar_ts_shortcode({ trackid:'0', time:'00:22:38', ts_id:'6927c51d272cf', play_icon:'' }) ;\">[00:22:38]<\/a> &#8211; Ingrid<\/b><\/p>\n\n\n\n<p>Ensuite, il doit y avoir au moins deux m\u00e9decins ind\u00e9pendants, dont un sp\u00e9cialiste, qui doivent v\u00e9rifier que toutes les conditions sont remplies.<\/p>\n\n\n\n<p><b><a id=\"sonaar_ts-6927c51d272d8\" class=\"srmp3_sonaar_ts_shortcode\"  style=\"\" href=\"javascript:sonaar_ts_shortcode({ trackid:'0', time:'00:22:48', ts_id:'6927c51d272d8', play_icon:'' }) ;\">[00:22:48]<\/a> &#8211; Hugo<\/b><\/p>\n\n\n\n<p>Donc, ils vont contr\u00f4ler la maladie, les souffrances et le consentement de la personne. Ils vont s&#8217;assurer que cette personne a pris cette d\u00e9cision de mani\u00e8re libre et \u00e9clair\u00e9e. Mais il y a une critique par rapport \u00e0 \u00e7a, c&#8217;est que comme c&#8217;est aux m\u00e9decins d&#8217;\u00e9valuer la souffrance du malade et que les m\u00e9decins vont s\u00fbrement faire preuve de beaucoup de prudence, certaines personnes pensent que cette loi va \u00eatre totalement inefficace. Parce que les m\u00e9decins pourraient, en th\u00e9orie, dire : \u00ab moi, j&#8217;estime que non, les souffrances de cette personne ne justifient pas d&#8217;utiliser ce droit \u00e0 mourir \u00bb. Et c&#8217;est vrai qu&#8217;il n&#8217;y a pas d&#8217;outil d&#8217;\u00e9valuation scientifique de la souffrance, donc \u00e7a va \u00eatre laiss\u00e9 au jugement des m\u00e9decins. Et du coup, \u00e0 cause de \u00e7a, on peut se demander si ce droit \u00e0 mourir va vraiment \u00eatre appliqu\u00e9.<\/p>\n\n\n\n<p><b><a id=\"sonaar_ts-6927c51d272dd\" class=\"srmp3_sonaar_ts_shortcode\"  style=\"\" href=\"javascript:sonaar_ts_shortcode({ trackid:'0', time:'00:23:39', ts_id:'6927c51d272dd', play_icon:'' }) ;\">[00:23:39]<\/a> &#8211; Ingrid<\/b><\/p>\n\n\n\n<p>Oui, surtout que du coup, \u00e7a fait une proc\u00e9dure qui est tr\u00e8s lente puisqu&#8217;elle est tr\u00e8s encadr\u00e9e, parce que d&#8217;abord, il y a ces deux m\u00e9decins qui doivent prendre une d\u00e9cision, mais ensuite, le dossier va \u00eatre soumis \u00e0 un comit\u00e9 d&#8217;\u00e9thique ou en tout cas \u00e0 une instance de contr\u00f4le pour garantir la transparence, pour \u00e9viter les abus, ce qui fait qu&#8217;au final, \u00e7a prend \u00e9norm\u00e9ment de temps et pour des situations o\u00f9 parfois, les patients ont besoin que \u00e7a aille vite.<\/p>\n\n\n\n<p><b><a id=\"sonaar_ts-6927c51d272e1\" class=\"srmp3_sonaar_ts_shortcode\"  style=\"\" href=\"javascript:sonaar_ts_shortcode({ trackid:'0', time:'00:24:12', ts_id:'6927c51d272e1', play_icon:'' }) ;\">[00:24:12]<\/a> &#8211; Hugo<\/b><\/p>\n\n\n\n<p>D&#8217;autant plus que les m\u00e9decins, dans cette loi, ont le droit \u00e0 ce qu&#8217;on appelle une clause de conscience. Ils ont le droit de refuser de se prononcer sur ce droit \u00e0 mourir et de dire : \u00ab moi, je ne veux pas m&#8217;engager. Je ne veux pas prendre cette d\u00e9cision. Je ne veux pas m&#8217;engager dans ce processus. Donc, il faut trouver des des m\u00e9decins qui seront d&#8217;accord pour analyser notre dossier \u00bb. Si notre dossier est accept\u00e9, entre guillemets, le malade ensuite va devoir s&#8217;auto-administrer la substance l\u00e9tale, donc concr\u00e8tement le poison ou s&#8217;il n&#8217;en est pas capable physiquement, il va \u00eatre aid\u00e9 par un m\u00e9decin ou un infirmier pour prendre le m\u00e9dicament qui y mettra fin \u00e0 ses jours.<\/p>\n\n\n\n<p><b><a id=\"sonaar_ts-6927c51d272e6\" class=\"srmp3_sonaar_ts_shortcode\"  style=\"\" href=\"javascript:sonaar_ts_shortcode({ trackid:'0', time:'00:25:02', ts_id:'6927c51d272e6', play_icon:'' }) ;\">[00:25:02]<\/a> &#8211; Ingrid<\/b><\/p>\n\n\n\n<p>Donc on vient d&#8217;expliquer en quoi consiste la nouvelle loi qui vient d&#8217;\u00eatre vot\u00e9e pour \u00e9largir le droit \u00e0 l&#8217;aide m\u00e9dicale \u00e0 mourir en France. Et il faut savoir que, comme c&#8217;est souvent le cas avec les lois qui touchent \u00e0 des sujets sensibles, certaines personnes s&#8217;inqui\u00e8tent des possibles d\u00e9rives. Qu&#8217;est-ce que c&#8217;est qu&#8217;une d\u00e9rive ? Il faut comprendre l&#8217;image qu&#8217;il y a derri\u00e8re. Vraiment, par exemple, un bateau qui d\u00e9rive, c&#8217;est un bateau qui perd son cap, qui perd sa direction et qui, petit \u00e0 petit, va aller dans une mauvaise direction, qui va, par exemple, s&#8217;\u00e9chouer sur la c\u00f4te. C&#8217;est vraiment cette image quand on parle de d\u00e9rive par rapport aux lois sur les sujets sociaux, c&#8217;est les peurs qu&#8217;\u00e0 partir d&#8217;un certain cadre, on puisse, petit \u00e0 petit, ajouter d&#8217;autres \u00e9volutions ou interpr\u00e9ter la loi d&#8217;une mani\u00e8re qui n&#8217;\u00e9tait pas pr\u00e9vue au d\u00e9part et donc cr\u00e9er des v\u00e9ritables changements de soci\u00e9t\u00e9 qui n&#8217;\u00e9taient pas souhait\u00e9s au d\u00e9part quand on a fait la premi\u00e8re loi.<\/p>\n\n\n\n<p><b><a id=\"sonaar_ts-6927c51d272eb\" class=\"srmp3_sonaar_ts_shortcode\"  style=\"\" href=\"javascript:sonaar_ts_shortcode({ trackid:'0', time:'00:26:17', ts_id:'6927c51d272eb', play_icon:'' }) ;\">[00:26:17]<\/a> &#8211; Hugo<\/b><\/p>\n\n\n\n<p>Autrement dit, on peut avoir peur que la loi aille trop loin ou que l&#8217;application de la loi d\u00e9passe ce qui \u00e9tait pr\u00e9vu au d\u00e9part dans cette loi. On a beaucoup parl\u00e9 de possibles d\u00e9rives au moment de la loi sur l&#8217;IVG, l&#8217;interruption volontaire de grossesse, o\u00f9 on avait peur qu&#8217;il y ait des avortements \u00e0 des \u00e2ges tr\u00e8s avanc\u00e9s du f\u0153tus et aussi au moment du mariage pour tous, donc le mariage homosexuel, o\u00f9 l\u00e0 aussi, beaucoup de personnes avaient peur des d\u00e9rives d&#8217;une telle loi. Alors, dans le cas de cette aide \u00e0 mourir, quelles sont les d\u00e9rives dont certains s&#8217;inqui\u00e8tent ?<\/p>\n\n\n\n<p><b><a id=\"sonaar_ts-6927c51d272f4\" class=\"srmp3_sonaar_ts_shortcode\"  style=\"\" href=\"javascript:sonaar_ts_shortcode({ trackid:'0', time:'00:26:58', ts_id:'6927c51d272f4', play_icon:'' }) ;\">[00:26:58]<\/a> &#8211; Ingrid<\/b><\/p>\n\n\n\n<p>Alors, la premi\u00e8re chose qui est plut\u00f4t commun\u00e9ment admise, sur laquelle il n&#8217;y a pas trop de d\u00e9bats, c&#8217;est la peur que l&#8217;euthanasie devienne une solution de facilit\u00e9 pour des personnes qui n&#8217;ont pas acc\u00e8s \u00e0 des conditions de vie dignes ou \u00e0 des soins dont ils ont besoin. \u00c7a, c&#8217;est par exemple les personnes \u00e2g\u00e9es qui sont en EHPAD. Les EHPAD, c&#8217;est les maisons de retraite, les endroits o\u00f9 souvent on envoie, o\u00f9 on fait vivre les papis, mamies, quand ils ne sont plus capables de vivre tout seuls. Et malheureusement, ces EPAD sont souvent mal financ\u00e9s. Les personnes \u00e2g\u00e9es, parfois, vivent dans des mauvaises conditions, mal accompagn\u00e9es, maltrait\u00e9es. Et donc, c&#8217;est une premi\u00e8re cat\u00e9gorie de personnes qui pourraient d\u00e9cider de demander une aide m\u00e9dicale \u00e0 mourir, par exemple, s&#8217;ils sont atteints d&#8217;une maladie qui rentre dans les cases juste parce qu&#8217;ils ne se sentent pas bien consid\u00e9r\u00e9s, pas bien trait\u00e9s dans leur EHPAD. Apr\u00e8s, on a quoi d&#8217;autres comme cat\u00e9gories ?<\/p>\n\n\n\n<p><b><a id=\"sonaar_ts-6927c51d272f8\" class=\"srmp3_sonaar_ts_shortcode\"  style=\"\" href=\"javascript:sonaar_ts_shortcode({ trackid:'0', time:'00:28:11', ts_id:'6927c51d272f8', play_icon:'' }) ;\">[00:28:11]<\/a> &#8211; Hugo<\/b><\/p>\n\n\n\n<p>Il y a aussi la question des personnes en situation de handicap qui ont aussi des conditions de vie assez compliqu\u00e9es et qui n&#8217;ont pas toujours acc\u00e8s \u00e0 des soins adapt\u00e9s et \u00e0 une vie sociale digne. Donc, l\u00e0 aussi, on pourrait consid\u00e9rer qu&#8217;avec cette loi, certaines de ces personnes vont faire appel \u00e0 ce droit \u00e0 mourir alors que si elles \u00e9taient mieux trait\u00e9es, mieux prises en charge, elles n&#8217;exprimeraient pas cette volont\u00e9.<\/p>\n\n\n\n<p><b><a id=\"sonaar_ts-6927c51d272fd\" class=\"srmp3_sonaar_ts_shortcode\"  style=\"\" href=\"javascript:sonaar_ts_shortcode({ trackid:'0', time:'00:28:41', ts_id:'6927c51d272fd', play_icon:'' }) ;\">[00:28:41]<\/a> &#8211; Ingrid<\/b><\/p>\n\n\n\n<p>Et enfin, on a aussi tout simplement les personnes gravement malades qui n&#8217;ont pas acc\u00e8s aux soins palliatifs. Donc, il y a des personnes malades qui entrent dans les conditions qu&#8217;on a d\u00e9crites avant pour demander l&#8217;aide m\u00e9dicale \u00e0 mourir, mais qui pourtant n&#8217;ont pas envie de b\u00e9n\u00e9ficier de cette aide, qui voudraient tout simplement avoir acc\u00e8s \u00e0 des soins palliatifs. Sauf que les centres de soins palliatifs ne sont pas pr\u00e9sents dans toutes les r\u00e9gions, que parfois, pour pouvoir \u00eatre admis dans un centre, il faut attendre tr\u00e8s longtemps. Les structures qui existent sont d\u00e9bord\u00e9es. Et donc il y a certaines personnes, par exemple, qui r\u00e9clamaient de d&#8217;abord faire la loi sur les soins palliatifs, qui a mis tout le monde d&#8217;accord, et puis ensuite, dans un deuxi\u00e8me en m\u00eame temps, apr\u00e8s qu&#8217;on ait financ\u00e9 les soins palliatifs et que ceux-ci fonctionnent bien, on aurait pu introduire une ouverture plus grande de l&#8217;aide m\u00e9dicale \u00e0 mourir.<\/p>\n\n\n\n<p><b><a id=\"sonaar_ts-6927c51d27301\" class=\"srmp3_sonaar_ts_shortcode\"  style=\"\" href=\"javascript:sonaar_ts_shortcode({ trackid:'0', time:'00:29:42', ts_id:'6927c51d27301', play_icon:'' }) ;\">[00:29:42]<\/a> &#8211; Hugo<\/b><\/p>\n\n\n\n<p>Dans tous les cas, la principale d\u00e9rive, ce dont on a peur, c&#8217;est que des personnes qui, dans d&#8217;autres contextes, si elles \u00e9taient mieux aid\u00e9es, mieux accompagn\u00e9es, n&#8217;auraient pas envie de mourir, ici, fassent appel \u00e0 ce droit \u00e0 mourir, tout simplement parce qu&#8217;il n&#8217;y a pas d&#8217;autres solutions adapt\u00e9es. Et l\u00e0, c&#8217;est un \u00e9chec \u00e0 la fois de l&#8217;\u00c9tat, du gouvernement et du corps m\u00e9dical. Il y avait aussi d&#8217;autres questions qui concernaient la possibilit\u00e9 d&#8217;inclure d&#8217;autres cat\u00e9gories dans ce droit \u00e0 mourir.<\/p>\n\n\n\n<p><b><a id=\"sonaar_ts-6927c51d2730b\" class=\"srmp3_sonaar_ts_shortcode\"  style=\"\" href=\"javascript:sonaar_ts_shortcode({ trackid:'0', time:'00:30:13', ts_id:'6927c51d2730b', play_icon:'' }) ;\">[00:30:13]<\/a> &#8211; Ingrid<\/b><\/p>\n\n\n\n<p>Oui, et l\u00e0, on ne va pas trop se prononcer parce qu&#8217;en fait, il y a des d\u00e9bats sur certains sujets. Certaines personnes pensent qu&#8217;il faut faire \u00e9voluer la loi dans le futur parce qu&#8217;il serait un progr\u00e8s d&#8217;inclure certaines cat\u00e9gories, alors que pour d&#8217;autres, ce serait une d\u00e9rive. Donc, par exemple, est-ce qu&#8217;on inclue les personnes qui ont certains handicaps ? Il y a certains handicaps, on ne sait pas si c&#8217;est consid\u00e9r\u00e9 comme des maladies incurables ou si on peut vivre dignement, correctement avec ce handicap, m\u00eame si la vie est difficile. Donc, on peut se demander : est-ce qu&#8217;inclure ces personnes-l\u00e0 serait une d\u00e9rive et presque de l&#8217;eug\u00e9nisme ? L&#8217;eug\u00e9nisme, c&#8217;est la s\u00e9lection des personnes en fonction de leurs capacit\u00e9s. C&#8217;est quelque chose qui est tr\u00e8s d\u00e9battu en \u00e9thique. Ou est-ce qu&#8217;au contraire, ce serait une mani\u00e8re de laisser le libre arbitre aux personnes handicap\u00e9es ? Et de la m\u00eame mani\u00e8re, on peut parler aussi des personnes qui sont atteintes de troubles psychiatriques. Certains pensent que ce serait une d\u00e9rive que d&#8217;inclure, par exemple, de donner la possibilit\u00e9 aux personnes bipolaires de demander l&#8217;aide \u00e0 mourir alors qu&#8217;elles ne sont pas en totale capacit\u00e9 de mesurer ce que \u00e7a veut dire, alors qu&#8217;au contraire, certaines personnes qui sont atteintes de ces troubles souhaiteraient pouvoir \u00eatre incluses et consid\u00e9r\u00e9es comme des personnes \u00e0 part enti\u00e8re. Donc voil\u00e0, il y a des vrais gros d\u00e9bats sur lesquels on ne peut pas r\u00e9pondre, nous, mais de possibilit\u00e9s d&#8217;ouverture, d&#8217;\u00e9largissement de la loi. En fait, on ne sait pas dans 10 ans, dans 20 ans, quelles seront les conditions pour acc\u00e9der \u00e0 l&#8217;aide \u00e0 mourir ?<\/p>\n\n\n\n<p><b><a id=\"sonaar_ts-6927c51d2730f\" class=\"srmp3_sonaar_ts_shortcode\"  style=\"\" href=\"javascript:sonaar_ts_shortcode({ trackid:'0', time:'00:32:04', ts_id:'6927c51d2730f', play_icon:'' }) ;\">[00:32:04]<\/a> &#8211; Hugo<\/b><\/p>\n\n\n\n<p>Voil\u00e0. Je pense qu&#8217;on a fait le tour de la question, en tout cas dans le temps qui nous \u00e9tait imparti. C&#8217;est quelque chose dont on pourrait d\u00e9battre pendant des ann\u00e9es, cette question du droit \u00e0 mourir. Est-ce que c&#8217;est un progr\u00e8s ? Au contraire, est-ce que c&#8217;est une r\u00e9gression ? Si vous allez voir diff\u00e9rents articles sur Internet \u00e0 propos de ce sujet, je vous invite \u00e0 lire les commentaires des Fran\u00e7ais. Vous allez voir \u00e0 quel point c&#8217;est une question qui suscite des passions. Et c&#8217;est bien normal, parce que c&#8217;est quelque chose qui touche \u00e0 la vie humaine. Si vous voulez partager votre avis, comme d&#8217;habitude, vous pouvez laisser un commentaire sur la page de l&#8217;\u00e9pisode. Comme c&#8217;est un sujet assez sensible, essayez d&#8217;y mettre les formes, parce que \u00e7a peut heurter certaines sensibilit\u00e9s. En tout cas, on esp\u00e8re que \u00e7a vous aura donn\u00e9 mati\u00e8re \u00e0 r\u00e9flexion. Merci de nous avoir \u00e9cout\u00e9s jusqu&#8217;au bout et on se retrouve dans deux semaines.<\/p>\n\n\n\n<p><b><a id=\"sonaar_ts-6927c51d27314\" class=\"srmp3_sonaar_ts_shortcode\"  style=\"\" href=\"javascript:sonaar_ts_shortcode({ trackid:'0', time:'00:32:59', ts_id:'6927c51d27314', play_icon:'' }) ;\">[00:32:59]<\/a> &#8211; Ingrid<\/b><\/p>\n\n\n\n<p>Et promis dans deux semaines avec un sujet beaucoup plus l\u00e9ger que vous pourrez \u00e9couter \u00e0 la plage.<\/p>\n\n\n\n<p><b><a id=\"sonaar_ts-6927c51d2731c\" class=\"srmp3_sonaar_ts_shortcode\"  style=\"\" href=\"javascript:sonaar_ts_shortcode({ trackid:'0', time:'00:33:05', ts_id:'6927c51d2731c', play_icon:'' }) ;\">[00:33:05]<\/a> &#8211; Hugo<\/b><\/p>\n\n\n\n<p>Exactement. Merci \u00e0 toutes et \u00e0 tous. Ciao.<\/p>\n\n\n\n<p><b><a id=\"sonaar_ts-6927c51d27321\" class=\"srmp3_sonaar_ts_shortcode\"  style=\"\" href=\"javascript:sonaar_ts_shortcode({ trackid:'0', time:'00:33:08', ts_id:'6927c51d27321', play_icon:'' }) ;\">[00:33:08]<\/a> &#8211; Ingrid<\/b><\/p>\n\n\n\n<p>Salut.<\/p>\n","protected":false},"excerpt":{"rendered":"<p>&#8211; Hugo L&#8217;aide m\u00e9dicale \u00e0 mourir, bient\u00f4t possible en France ? &#8211; Hugo Salut \u00e0 toutes et \u00e0 tous. Salut Ingrid. &#8211; Ingrid Salut Hugo. Comment tu vas aujourd&#8217;hui ? &#8211; Hugo \u00c7a va, \u00e7a va, m\u00eame si on a un sujet assez compliqu\u00e9, un sujet qui n&#8217;est pas du tout estival, parce que peut-\u00eatre&#8230;<\/p>\n","protected":false},"author":17473,"featured_media":289724,"comment_status":"open","ping_status":"open","sticky":false,"template":"","format":[191],"meta":{"_acf_changed":false,"_kad_blocks_custom_css":"","_kad_blocks_head_custom_js":"","_kad_blocks_body_custom_js":"","_kad_blocks_footer_custom_js":"","_kad_post_transparent":"","_kad_post_title":"","_kad_post_layout":"","_kad_post_sidebar_id":"","_kad_post_content_style":"","_kad_post_vertical_padding":"","_kad_post_feature":"","_kad_post_feature_position":"","_kad_post_header":false,"_kad_post_footer":false,"_kad_post_classname":"","footnotes":""},"categories":[168],"tags":[175,171,172],"class_list":["post-289614","post","type-post","status-publish","format-standard","has-post-thumbnail","hentry","category-podcast","tag-france","tag-sciences-technologie","tag-societe","format-duo-hugo-ingrid"],"acf":[],"taxonomy_info":{"category":[{"value":168,"label":"Podcast"}],"post_tag":[{"value":175,"label":"France"},{"value":171,"label":"Sciences &amp; technologies"},{"value":172,"label":"Soci\u00e9t\u00e9"}],"format":[{"value":191,"label":"Duo Hugo &amp; Ingrid"}]},"featured_image_src_large":["https:\/\/innerfrench.com\/wp-content\/uploads\/2025\/07\/curated-lifestyle-8U0G2BcKbxY-unsplash-750x406.jpg",750,406,true],"author_info":{"display_name":"Hugo &amp; Ingrid","author_link":"https:\/\/innerfrench.com\/author\/hugo_ingrid\/"},"comment_info":8,"category_info":[{"term_id":168,"name":"Podcast","slug":"podcast","term_group":0,"term_taxonomy_id":168,"taxonomy":"category","description":"","parent":0,"count":185,"filter":"raw","cat_ID":168,"category_count":185,"category_description":"","cat_name":"Podcast","category_nicename":"podcast","category_parent":0}],"tag_info":[{"term_id":175,"name":"France","slug":"france","term_group":0,"term_taxonomy_id":175,"taxonomy":"post_tag","description":"","parent":0,"count":100,"filter":"raw"},{"term_id":171,"name":"Sciences &amp; technologies","slug":"sciences-technologie","term_group":0,"term_taxonomy_id":171,"taxonomy":"post_tag","description":"","parent":0,"count":17,"filter":"raw"},{"term_id":172,"name":"Soci\u00e9t\u00e9","slug":"societe","term_group":0,"term_taxonomy_id":172,"taxonomy":"post_tag","description":"","parent":0,"count":94,"filter":"raw"}],"_links":{"self":[{"href":"https:\/\/innerfrench.com\/wp-json\/wp\/v2\/posts\/289614","targetHints":{"allow":["GET"]}}],"collection":[{"href":"https:\/\/innerfrench.com\/wp-json\/wp\/v2\/posts"}],"about":[{"href":"https:\/\/innerfrench.com\/wp-json\/wp\/v2\/types\/post"}],"author":[{"embeddable":true,"href":"https:\/\/innerfrench.com\/wp-json\/wp\/v2\/users\/17473"}],"replies":[{"embeddable":true,"href":"https:\/\/innerfrench.com\/wp-json\/wp\/v2\/comments?post=289614"}],"version-history":[{"count":4,"href":"https:\/\/innerfrench.com\/wp-json\/wp\/v2\/posts\/289614\/revisions"}],"predecessor-version":[{"id":292783,"href":"https:\/\/innerfrench.com\/wp-json\/wp\/v2\/posts\/289614\/revisions\/292783"}],"wp:featuredmedia":[{"embeddable":true,"href":"https:\/\/innerfrench.com\/wp-json\/wp\/v2\/media\/289724"}],"wp:attachment":[{"href":"https:\/\/innerfrench.com\/wp-json\/wp\/v2\/media?parent=289614"}],"wp:term":[{"taxonomy":"category","embeddable":true,"href":"https:\/\/innerfrench.com\/wp-json\/wp\/v2\/categories?post=289614"},{"taxonomy":"post_tag","embeddable":true,"href":"https:\/\/innerfrench.com\/wp-json\/wp\/v2\/tags?post=289614"},{"taxonomy":"format","embeddable":true,"href":"https:\/\/innerfrench.com\/wp-json\/wp\/v2\/format?post=289614"}],"curies":[{"name":"wp","href":"https:\/\/api.w.org\/{rel}","templated":true}]}}