{"id":289615,"date":"2025-07-30T14:22:43","date_gmt":"2025-07-30T12:22:43","guid":{"rendered":"https:\/\/innerfrench.com\/?p=208687"},"modified":"2025-09-26T13:03:48","modified_gmt":"2025-09-26T11:03:48","slug":"e176-a-la-decouverte-des-cotes-normandes-et-bretonnes","status":"publish","type":"post","link":"https:\/\/innerfrench.com\/e176-a-la-decouverte-des-cotes-normandes-et-bretonnes\/","title":{"rendered":"#176 \u00c0 la d\u00e9couverte des c\u00f4tes normandes et bretonnes"},"content":{"rendered":"\n<p><a id=\"sonaar_ts-6927c509949ee\" class=\"srmp3_sonaar_ts_shortcode\"  style=\"\" href=\"javascript:sonaar_ts_shortcode({ trackid:'0', time:'00:00:05', ts_id:'6927c509949ee', play_icon:'' }) ;\">[00:00:05]<\/a> Bonjour tout le monde et bienvenue dans cet \u00e9pisode. Comme promis il y a deux semaines, aujourd\u2019hui on part sur un th\u00e8me estival. Vous pouvez m\u2019\u00e9couter tout en vous relaxant sur la plage car je vais vous d\u00e9crire des paysages que je trouve tr\u00e8s sympas.<\/p>\n\n\n\n<p><a id=\"sonaar_ts-6927c509949fd\" class=\"srmp3_sonaar_ts_shortcode\"  style=\"\" href=\"javascript:sonaar_ts_shortcode({ trackid:'0', time:'00:00:30', ts_id:'6927c509949fd', play_icon:'' }) ;\">[00:00:30]<\/a> Il y a quelques ann\u00e9es, je suis rentr\u00e9e en France apr\u00e8s un long moment. Le Covid \u00e9tait pass\u00e9 par l\u00e0 et j\u2019avais eu le mal du pays. \u00c0 mon retour, j\u2019avais envie de mieux conna\u00eetre les r\u00e9gions fran\u00e7aises. J\u2019ai fait pas mal de petits s\u00e9jours aux quatre coins de l\u2019Hexagone et \u00e0 l\u2019\u00e9t\u00e9 2022, j\u2019ai d\u00e9cid\u00e9 de faire un roadtrip le long des c\u00f4tes normandes et bretonnes.<\/p>\n\n\n\n<p><a id=\"sonaar_ts-6927c50994a04\" class=\"srmp3_sonaar_ts_shortcode\"  style=\"\" href=\"javascript:sonaar_ts_shortcode({ trackid:'0', time:'00:00:59', ts_id:'6927c50994a04', play_icon:'' }) ;\">[00:00:59]<\/a> J\u2019ai demand\u00e9 \u00e0 une copine de me pr\u00eater une tente et un matelas gonflable, j\u2019ai achet\u00e9 un peu de mat\u00e9riel \u00e0 D\u00e9cathlon, tout mis dans ma petite Fiat, et on est partis avec mon mari \u00e0 la d\u00e9couverte de ces r\u00e9gions.<\/p>\n\n\n\n<p><a id=\"sonaar_ts-6927c50994a0a\" class=\"srmp3_sonaar_ts_shortcode\"  style=\"\" href=\"javascript:sonaar_ts_shortcode({ trackid:'0', time:'00:01:25', ts_id:'6927c50994a0a', play_icon:'' }) ;\">[00:01:25]<\/a> Dans cet \u00e9pisode, je vais m\u2019inspirer de ma propre exp\u00e9rience pour vous proposer un itin\u00e9raire qui s\u2019\u00e9tend des falaises d\u2019\u00c9tretat en Normandie au Golfe du Morbihan dans le Sud de la Bretagne. Je vais essayer de ne pas juste vous faire une liste de lieux mais vous expliquer plut\u00f4t quel est l\u2019int\u00e9r\u00eat de chaque pan de la route. Dans une premi\u00e8re partie, on parlera de la Normandie. Dans la deuxi\u00e8me partie, de la Bretagne, et en troisi\u00e8me partie, je vous donnerai quelques conseils pratiques. Alors, c\u2019est parti !<\/p>\n\n\n\n<p><a id=\"sonaar_ts-6927c50994a0f\" class=\"srmp3_sonaar_ts_shortcode\"  style=\"\" href=\"javascript:sonaar_ts_shortcode({ trackid:'0', time:'00:01:55', ts_id:'6927c50994a0f', play_icon:'' }) ;\">[00:01:55]<\/a> Commen\u00e7ons notre itin\u00e9raire par les paysages les plus embl\u00e9matiques de la Normandie. Il faut l\u2019avouer, quand on voyage, on a envie de retrouver des images qu\u2019on a d\u00e9j\u00e0 vues en photo, en tableau, ou m\u00eame dans des films et s\u00e9ries. Eh bien, quand on pense \u00e0 la Normandie, on pense forc\u00e9ment aux falaises, aux petites villes portuaires, et aux plages de sable jaune. C\u2019est tout ce qu\u2019on retrouve quand on sillonne les 100 kms qui s\u00e9parent \u00c9tretat de Cabourg.<\/p>\n\n\n\n<p><a id=\"sonaar_ts-6927c50994a14\" class=\"srmp3_sonaar_ts_shortcode\"  style=\"\" href=\"javascript:sonaar_ts_shortcode({ trackid:'0', time:'00:02:31', ts_id:'6927c50994a14', play_icon:'' }) ;\">[00:02:31]<\/a> Quand j\u2019ai fait mon roadtrip, je me rappelle que je venais de voir la s\u00e9rie Lupin sur Netflix, et un des \u00e9pisodes se passe \u00e0 \u00c9tretat. C\u2019est peut-\u00eatre pour \u00e7a que j\u2019ai commenc\u00e9 le voyage l\u00e0-bas. \u00c9tretat, c\u2019est un petit village de bord de mer qui est surtout connu pour ses falaises de craies blanches qui forment naturellement des arches. Mais si, vous savez, quand on regarde l\u2019horizon, les falaises s\u2019avancent dans la mer en formant des sortes d\u2019aiguilles.<\/p>\n\n\n\n<p><a id=\"sonaar_ts-6927c50994a18\" class=\"srmp3_sonaar_ts_shortcode\"  style=\"\" href=\"javascript:sonaar_ts_shortcode({ trackid:'0', time:'00:03:04', ts_id:'6927c50994a18', play_icon:'' }) ;\">[00:03:04]<\/a> C\u2019est l\u2019attraction principale du village, o\u00f9 je vous conseille d\u2019aller passer un apr\u00e8s-midi, et d\u2019attendre le coucher du soleil et de pique-niquer face \u00e0 la mer, sur la plage ou sur la colline, en regardant vers l\u2019aiguille. Quand j\u2019y suis all\u00e9e, j\u2019ai eu l\u2019impression d\u2019\u00eatre en train d\u2019admirer une peinture en mouvement. Les couleurs que prennent le ciel et la mer au cours de la journ\u00e9e sont fascinantes.<\/p>\n\n\n\n<p><a id=\"sonaar_ts-6927c50994a1d\" class=\"srmp3_sonaar_ts_shortcode\"  style=\"\" href=\"javascript:sonaar_ts_shortcode({ trackid:'0', time:'00:03:33', ts_id:'6927c50994a1d', play_icon:'' }) ;\">[00:03:33]<\/a> J\u2019ai alors compris pourquoi ce paysage a autant inspir\u00e9 les peintres, et notamment le c\u00e9l\u00e8bre peintre impressionniste Claude Monet, qui a pass\u00e9 une grande partie de sa vie en Normandie.<\/p>\n\n\n\n<p><a id=\"sonaar_ts-6927c50994a22\" class=\"srmp3_sonaar_ts_shortcode\"  style=\"\" href=\"javascript:sonaar_ts_shortcode({ trackid:'0', time:'00:03:49', ts_id:'6927c50994a22', play_icon:'' }) ;\">[00:03:49]<\/a> D\u2019ailleurs, en parlant de Claude Monet, en continuant plus \u00e0 l\u2019ouest apr\u00e8s \u00c9tretat, vous trouverez plusieurs villes portuaires, comme le Havre ou Honfleur, qui sont parmi les berceaux, les lieux d\u2019origine, du courant impressionniste.<\/p>\n\n\n\n<p><a id=\"sonaar_ts-6927c50994a27\" class=\"srmp3_sonaar_ts_shortcode\"  style=\"\" href=\"javascript:sonaar_ts_shortcode({ trackid:'0', time:'00:04:06', ts_id:'6927c50994a27', play_icon:'' }) ;\">[00:04:06]<\/a> Les impressionnistes avaient pour particularit\u00e9 de peindre des paysages en essayant de repr\u00e9senter au mieux le mouvement des couleurs et des formes. Et les villes portuaires normandes, avec leur lumi\u00e8re forte et changeante qui transperce derri\u00e8re les bateaux \u00e0 voile, \u00e9taient de tr\u00e8s bons mod\u00e8les.<\/p>\n\n\n\n<p><a id=\"sonaar_ts-6927c50994a2b\" class=\"srmp3_sonaar_ts_shortcode\"  style=\"\" href=\"javascript:sonaar_ts_shortcode({ trackid:'0', time:'00:04:30', ts_id:'6927c50994a2b', play_icon:'' }) ;\">[00:04:30]<\/a> Je vous conseille plus particuli\u00e8rement de vous arr\u00eater \u00e0 Honfleur, qui est une ville plus petite que Le Havre et qui a gard\u00e9 son charme de l\u2019\u00e9poque des impressionnistes. C\u2019est un endroit tr\u00e8s agr\u00e9able o\u00f9 fl\u00e2ner dans les ruelles, manger au restaurant au bord du Vieux Bassin, et visiter les galeries d\u2019art. On peut y rester quelques heures comme quelques jours, selon l\u2019inspiration.<\/p>\n\n\n\n<p><a id=\"sonaar_ts-6927c50994a30\" class=\"srmp3_sonaar_ts_shortcode\"  style=\"\" href=\"javascript:sonaar_ts_shortcode({ trackid:'0', time:'00:04:59', ts_id:'6927c50994a30', play_icon:'' }) ;\">[00:04:59]<\/a> Alors, parmi vous, peut-\u00eatre que certains connaissent d\u00e9j\u00e0 bien la peinture impressionniste. Peut-\u00eatre m\u00eame que quand je vous parle du bord de mer normand, vous avez en t\u00eate des tableaux c\u00e9l\u00e8bres qui repr\u00e9sentent une plage de sable jaune, avec une promenade faite de planches de bois et des petites cabanes de couleur tout le long du littoral.<\/p>\n\n\n\n<p><a id=\"sonaar_ts-6927c50994a34\" class=\"srmp3_sonaar_ts_shortcode\"  style=\"\" href=\"javascript:sonaar_ts_shortcode({ trackid:'0', time:'00:05:20', ts_id:'6927c50994a34', play_icon:'' }) ;\">[00:05:20]<\/a> H\u00e9 bien, ce genre de paysage on le retrouve, juste apr\u00e8s. En continuant environ 10 kilom\u00e8tres \u00e0 l\u2019ouest apr\u00e8s Honfleur, on tombe sur Trouville, Deauville, et puis Cabourg.<\/p>\n\n\n\n<p><a id=\"sonaar_ts-6927c50994a39\" class=\"srmp3_sonaar_ts_shortcode\"  style=\"\" href=\"javascript:sonaar_ts_shortcode({ trackid:'0', time:'00:05:35', ts_id:'6927c50994a39', play_icon:'' }) ;\">[00:05:35]<\/a> Ces villes forment le trio des stations baln\u00e9aires pr\u00e9f\u00e9r\u00e9es des Parisiens. \u00ab Station baln\u00e9aire \u00bb,&nbsp; c\u2019est l\u2019expression qu\u2019on utilise pour parler d\u2019un lieu avec un point d\u2019eau, par exemple la mer ou un lac, et bien am\u00e9nag\u00e9 pour accueillir les vacanciers. Ce sont des plages accessibles par des routes faciles, avec des commerces \u00e0 c\u00f4t\u00e9, des h\u00f4tels, etc\u2026<\/p>\n\n\n\n<p><a id=\"sonaar_ts-6927c50994a3e\" class=\"srmp3_sonaar_ts_shortcode\"  style=\"\" href=\"javascript:sonaar_ts_shortcode({ trackid:'0', time:'00:06:03', ts_id:'6927c50994a3e', play_icon:'' }) ;\">[00:06:03]<\/a> Et donc, Trouville, Deauville et Cabourg sont des lieux o\u00f9 les Parisiens ont l\u2019habitude d\u2019aller en vacances. Moi personnellement, je connaissais d\u00e9j\u00e0 depuis longtemps ces villes pour y avoir pass\u00e9 plusieurs fois des week-ends entre copains.<\/p>\n\n\n\n<p><a id=\"sonaar_ts-6927c50994a4c\" class=\"srmp3_sonaar_ts_shortcode\"  style=\"\" href=\"javascript:sonaar_ts_shortcode({ trackid:'0', time:'00:05:21', ts_id:'6927c50994a4c', play_icon:'' }) ;\">[00:05:21]<\/a> Il faut dire que ce sont les plages les plus accessibles depuis Paris, \u00e0 moins de 3 heures en voiture ou en train. D\u2019ailleurs, leur popularit\u00e9 n\u2019est pas r\u00e9cente : d\u00e9j\u00e0 dans les ann\u00e9es 1900, \u00e0 la Belle-\u00c9poque, les classes privil\u00e9gi\u00e9es parisiennes allaient se ressourcer l\u00e0-bas ! On peut par exemple citer Coco Chanel, la c\u00e9l\u00e8bre cr\u00e9atrice de mode, qui avait choisi en 1912 Deauville pour ouvrir sa deuxi\u00e8me boutique (juste apr\u00e8s Paris bien s\u00fbr).<\/p>\n\n\n\n<p><a id=\"sonaar_ts-6927c50994a51\" class=\"srmp3_sonaar_ts_shortcode\"  style=\"\" href=\"javascript:sonaar_ts_shortcode({ trackid:'0', time:'00:06:55', ts_id:'6927c50994a51', play_icon:'' }) ;\">[00:06:55]<\/a> Aujourd\u2019hui, on trouve toujours sur les plages normandes des commerces de luxe, des restaurants chics, des Casinos, mais aussi des lieux plus simples et accessibles. C\u2019est un endroit sympa o\u00f9 passer quelques jours \u00e0 se pr\u00e9lasser sur la plage, \u00e0 lire et \u00e0 manger des glaces.<\/p>\n\n\n\n<p><a id=\"sonaar_ts-6927c50994a55\" class=\"srmp3_sonaar_ts_shortcode\"  style=\"\" href=\"javascript:sonaar_ts_shortcode({ trackid:'0', time:'00:07:16', ts_id:'6927c50994a55', play_icon:'' }) ;\">[00:07:16]<\/a> Et avec \u00e7a, on finit le premier morceau de notre itin\u00e9raire normand, celui des paysages embl\u00e9matiques peints par les impressionnistes, et on peut passer \u00e0 notre deuxi\u00e8me morceau de route !<\/p>\n\n\n\n<p><a id=\"sonaar_ts-6927c50994a5a\" class=\"srmp3_sonaar_ts_shortcode\"  style=\"\" href=\"javascript:sonaar_ts_shortcode({ trackid:'0', time:'00:07:29', ts_id:'6927c50994a5a', play_icon:'' }) ;\">[00:07:29]<\/a> Alors, quand je vous parle de la Normandie, vous pensez peut-\u00eatre \u00e0 la Seconde Guerre Mondiale ! Et c\u2019est justement dans cette histoire-l\u00e0 qu\u2019on peut se plonger si on continue la route vers l\u2019ouest : on tombera sur les plages du D\u00e9barquement.<\/p>\n\n\n\n<p><a id=\"sonaar_ts-6927c50994a5f\" class=\"srmp3_sonaar_ts_shortcode\"  style=\"\" href=\"javascript:sonaar_ts_shortcode({ trackid:'0', time:'00:07:50', ts_id:'6927c50994a5f', play_icon:'' }) ;\">[00:07:50]<\/a> Le D\u00e9barquement en Normandie, c\u2019est cette mission militaire historique o\u00f9 des soldats, principalement britanniques, \u00e9tats-uniens et canadiens, ont r\u00e9ussi \u00e0 entrer sur le territoire fran\u00e7ais occup\u00e9 par l\u2019Allemagne nazie, en arrivant par surprise sur des plages.<\/p>\n\n\n\n<p><a id=\"sonaar_ts-6927c50994a64\" class=\"srmp3_sonaar_ts_shortcode\"  style=\"\" href=\"javascript:sonaar_ts_shortcode({ trackid:'0', time:'00:08:11', ts_id:'6927c50994a64', play_icon:'' }) ;\">[00:08:11]<\/a> Dans le mot \u00ab d\u00e9barquer \u00bb, on trouve le mot \u00ab barque \u00bb qui est le nom d\u2019un petit bateau, le genre de petit bateau qu\u2019on utilise sur des lacs et qu\u2019on fait avancer avec des rames. Et donc \u00ab d\u00e9barquer \u00bb c\u2019est donc sortir de sa barque et par extension, on utilise ce mot pour une personne qui sort de n\u2019importe quel navire, et m\u00eame des gros bateaux.<\/p>\n\n\n\n<p><a id=\"sonaar_ts-6927c50994a68\" class=\"srmp3_sonaar_ts_shortcode\"  style=\"\" href=\"javascript:sonaar_ts_shortcode({ trackid:'0', time:'00:08:35', ts_id:'6927c50994a68', play_icon:'' }) ;\">[00:08:35]<\/a> Mais \u00ab d\u00e9barquer \u00bb, \u00e7a s\u2019utilise aussi au sens figur\u00e9 d\u2019arriver quelque part \u00e0 l\u2019improviste. On peut dire par exemple \u00ab Il a d\u00e9barqu\u00e9 chez moi, comme \u00e7a, \u00e0 3h du mat \u00bb. Alors, le mot \u00ab d\u00e9barquement \u00bb se pr\u00eate vraiment bien \u00e0 ce qu\u2019il s\u2019est pass\u00e9 en juin 1944 quand 150 000 soldats sont sortis de leur bateau par surprise sur des plages normandes.<\/p>\n\n\n\n<p><a id=\"sonaar_ts-6927c50994a6d\" class=\"srmp3_sonaar_ts_shortcode\"  style=\"\" href=\"javascript:sonaar_ts_shortcode({ trackid:'0', time:'00:09:06', ts_id:'6927c50994a6d', play_icon:'' }) ;\">[00:09:06]<\/a> C\u2019est en grande partie gr\u00e2ce \u00e0 ce d\u00e9barquement que la France a ensuite \u00e9t\u00e9 lib\u00e9r\u00e9e et puis plus tard, que la guerre a pris fin.<\/p>\n\n\n\n<p><a id=\"sonaar_ts-6927c50994a71\" class=\"srmp3_sonaar_ts_shortcode\"  style=\"\" href=\"javascript:sonaar_ts_shortcode({ trackid:'0', time:'00:09:15', ts_id:'6927c50994a71', play_icon:'' }) ;\">[00:09:15]<\/a> Plus exactement, les soldats ont d\u00e9barqu\u00e9 sur 5 plages, qui portent encore aujourd\u2019hui les noms de code qui leur avaient \u00e9t\u00e9 donn\u00e9s pour pr\u00e9parer la mission : Utah, Omaha, Gold, Sword et Juno.<\/p>\n\n\n\n<p><a id=\"sonaar_ts-6927c50994a76\" class=\"srmp3_sonaar_ts_shortcode\"  style=\"\" href=\"javascript:sonaar_ts_shortcode({ trackid:'0', time:'00:09:35', ts_id:'6927c50994a76', play_icon:'' }) ;\">[00:09:35]<\/a> Quand j\u2019ai fait mon roadtrip en Normandie, je pensais passer rapidement sur ces plages, prendre quelques photos, me recueillir quelques minutes sur les monuments en hommage aux soldats. Et finalement, je suis rest\u00e9e beaucoup plus longtemps que pr\u00e9vu \u2013 deux jours complets, je crois \u2013 tant il y avait \u00e0 voir.<\/p>\n\n\n\n<p><a id=\"sonaar_ts-6927c50994a7b\" class=\"srmp3_sonaar_ts_shortcode\"  style=\"\" href=\"javascript:sonaar_ts_shortcode({ trackid:'0', time:'00:09:54', ts_id:'6927c50994a7b', play_icon:'' }) ;\">[00:09:54]<\/a> En fait, quand on se rend sur les plages du D\u00e9barquement, il y a de nombreuses infrastructures qui ont \u00e9t\u00e9 install\u00e9es l\u00e0 pour faire le travail de m\u00e9moire. Il y a des plaques explicatives, il y a des sc\u00e8nes de reproduction, des mus\u00e9es, etc\u2026&nbsp;<\/p>\n\n\n\n<p><a id=\"sonaar_ts-6927c50994a80\" class=\"srmp3_sonaar_ts_shortcode\"  style=\"\" href=\"javascript:sonaar_ts_shortcode({ trackid:'0', time:'00:10:09', ts_id:'6927c50994a80', play_icon:'' }) ;\">[00:10:09]<\/a> Un des sites les plus notables est le cimeti\u00e8re am\u00e9ricain de Colleville, avec ses alignements de croix blanches qui surplombent Omaha Beach. Il repose l\u00e0-bas les corps de plus de 9000 personnes mortes le jour du d\u00e9barquement. Quand on visite ce cimeti\u00e8re, on peut acc\u00e9der \u00e0 un m\u00e9morial, une chapelle, un jardin du souvenir, etc etc\u2026 Bref, c\u2019est un bel endroit o\u00f9 se reccueillir.<\/p>\n\n\n\n<p><a id=\"sonaar_ts-6927c50994a84\" class=\"srmp3_sonaar_ts_shortcode\"  style=\"\" href=\"javascript:sonaar_ts_shortcode({ trackid:'0', time:'00:10:39', ts_id:'6927c50994a84', play_icon:'' }) ;\">[00:10:39]<\/a> Comme je vous l\u2019ai dit, pour visiter l\u2019ensemble des plages et des lieux de m\u00e9moire qui les entourent, \u00e7a m\u2019a pris environ deux jours. Cependant, j\u2019ai vu qu\u2019il existe des parcours recommand\u00e9s de 4 jours. C\u2019est vrai que je suis pass\u00e9e un peu vite sur certains lieux. Alors, perso, j\u2019ai trouv\u00e9 que c\u2019\u00e9tait suffisant, mais suivant votre int\u00e9r\u00eat pour cette histoire vous pouvez pr\u00e9voir entre une seule journ\u00e9e et quatre jours.<\/p>\n\n\n\n<p><a id=\"sonaar_ts-6927c50994a88\" class=\"srmp3_sonaar_ts_shortcode\"  style=\"\" href=\"javascript:sonaar_ts_shortcode({ trackid:'0', time:'00:11:07', ts_id:'6927c50994a88', play_icon:'' }) ;\">[00:11:07]<\/a> Alors, voil\u00e0, \u00e7a, c\u2019\u00e9tait pour la partie historique de la Normandie. Pour le dernier pan avant d\u2019arriver en Bretagne, il faut que je vous parle du d\u00e9partement de la Manche. C\u2019est la zone qui forme une pointe s\u2019avan\u00e7ant dans la mer qui s\u00e9pare le Royaume-Uni de la France. Cette mer s\u2019appelle la Manche, d\u2019o\u00f9 le nom du d\u00e9partement.<\/p>\n\n\n\n<p><a id=\"sonaar_ts-6927c50994a8d\" class=\"srmp3_sonaar_ts_shortcode\"  style=\"\" href=\"javascript:sonaar_ts_shortcode({ trackid:'0', time:'00:11:31', ts_id:'6927c50994a8d', play_icon:'' }) ;\">[00:11:31]<\/a> Quand on sillonne la Manche, on trouve un paysage beaucoup plus sauvage que quand on se trouve dans les lieux que je vous ai cit\u00e9s avant. C\u2019est un territoire principalement rural, o\u00f9 on ne trouve pas de grandes villes.<\/p>\n\n\n\n<p><a id=\"sonaar_ts-6927c50994a91\" class=\"srmp3_sonaar_ts_shortcode\"  style=\"\" href=\"javascript:sonaar_ts_shortcode({ trackid:'0', time:'00:11:44', ts_id:'6927c50994a91', play_icon:'' }) ;\">[00:11:44]<\/a> Le bout de la pointe s\u2019appelle le Cotentin et c\u2019est une destination pris\u00e9e, appr\u00e9ci\u00e9e, des amateurs de tourisme respectueux de l\u2019environnement. On peut y faire des ballades au milieu d\u2019une nature verdoyante et dans le calme.<\/p>\n\n\n\n<p><a id=\"sonaar_ts-6927c50994aa0\" class=\"srmp3_sonaar_ts_shortcode\"  style=\"\" href=\"javascript:sonaar_ts_shortcode({ trackid:'0', time:'00:12:00', ts_id:'6927c50994aa0', play_icon:'' }) ;\">[00:12:00]<\/a> Et puis, en redescendant et en se dirigeant vers la Bretagne, on tombe sur\u2026 le Mont Saint-Michel. C\u2019est une petite \u00eele rocheuse, au milieu d\u2019une baie de sable, sur laquelle a \u00e9t\u00e9 construite une abbaye m\u00e9di\u00e9vale.<\/p>\n\n\n\n<p><a id=\"sonaar_ts-6927c50994aaa\" class=\"srmp3_sonaar_ts_shortcode\"  style=\"\" href=\"javascript:sonaar_ts_shortcode({ trackid:'0', time:'00:12:17', ts_id:'6927c50994aaa', play_icon:'' }) ;\">[00:12:17]<\/a> \u00c0 mar\u00e9e haute, c\u2019est vraiment une \u00eele, accessible seulement depuis un pont. Mais \u00e0 mar\u00e9e basse, c\u2019est-\u00e0-dire quand la mer descend et est moins profonde, on peut acc\u00e9der \u00e0 ce lieu \u00e0 pieds en passant sur le sable. Attention quand m\u00eame, pour passer pied, il faut \u00eatre accompagn\u00e9 par un guide parce qu\u2019il y a du sable mouvant, c\u2019est-\u00e0-dire qu\u2019on peut s\u2019enfoncer dedans et rester bloqu\u00e9.<\/p>\n\n\n\n<p><a id=\"sonaar_ts-6927c50994aaf\" class=\"srmp3_sonaar_ts_shortcode\"  style=\"\" href=\"javascript:sonaar_ts_shortcode({ trackid:'0', time:'00:12:43', ts_id:'6927c50994aaf', play_icon:'' }) ;\">[00:12:43]<\/a> Le Mont Saint-Michel est class\u00e9 au patrimoine mondial de l\u2019UNESCO et il attire des millions de visiteurs chaque ann\u00e9e. Du coup, quand on y va, il faut se pr\u00e9parer \u00e0 se retrouver sur un lieu avec beaucoup de monde et beaucoup de choses payantes.<\/p>\n\n\n\n<p><a id=\"sonaar_ts-6927c50994ab4\" class=\"srmp3_sonaar_ts_shortcode\"  style=\"\" href=\"javascript:sonaar_ts_shortcode({ trackid:'0', time:'00:12:58', ts_id:'6927c50994ab4', play_icon:'' }) ;\">[00:12:58]<\/a> Mais malgr\u00e9 tout, \u00e7a reste un lieu magique, qui vaut largement le coup d\u2019\u00eatre visit\u00e9. Personnellement, j\u2019y suis all\u00e9e en fin de journ\u00e9e, quand les groupes de touristes commen\u00e7aint \u00e0 partir. J\u2019ai ador\u00e9 me balader dans les ruelles du village, gravir les marches jusqu\u2019\u00e0 l\u2019abbaye, admirer la vue sur la baie\u2026 et puis, redescendre tranquillement en observant les reflets du soleil couchant sur la mer.<\/p>\n\n\n\n<p><a id=\"sonaar_ts-6927c50994ab9\" class=\"srmp3_sonaar_ts_shortcode\"  style=\"\" href=\"javascript:sonaar_ts_shortcode({ trackid:'0', time:'00:13:24', ts_id:'6927c50994ab9', play_icon:'' }) ;\">[00:13:24]<\/a> Pour finir, avant que vous alliez au Mont Saint-Michel, je dois vous pr\u00e9venir : il y a une petite rivalit\u00e9 bien connue entre la Bretagne et la Normandie, chaque r\u00e9gion revendiquant ce bout de terre.&nbsp;<\/p>\n\n\n\n<p><a id=\"sonaar_ts-6927c50994abe\" class=\"srmp3_sonaar_ts_shortcode\"  style=\"\" href=\"javascript:sonaar_ts_shortcode({ trackid:'0', time:'00:13:40', ts_id:'6927c50994abe', play_icon:'' }) ;\">[00:13:40]<\/a> Officiellement, il se situe bien en Normandie, dans le d\u00e9partement de la Manche. Mais historiquement, il a aussi \u00e9t\u00e9 rattach\u00e9 \u00e0 la Bretagne, et il reste tr\u00e8s pr\u00e9sent dans l\u2019imaginaire breton. Cette petite querelle entre les deux r\u00e9gions est devenue presque une blague locale.<\/p>\n\n\n\n<p><a id=\"sonaar_ts-6927c50994ac3\" class=\"srmp3_sonaar_ts_shortcode\"  style=\"\" href=\"javascript:sonaar_ts_shortcode({ trackid:'0', time:'00:13:59', ts_id:'6927c50994ac3', play_icon:'' }) ;\">[00:13:59]<\/a> Si vous regardez sur la carte, cette dispute est compr\u00e9hensible, car la petite \u00eele est vraiment situ\u00e9 pile \u00e0 la limite. Et c\u2019est bien pour \u00e7a que ce sera notre dernier point, et qu\u2019apr\u00e8s cette visite, on part en Bretagne\u2026<\/p>\n\n\n\n<p><a id=\"sonaar_ts-6927c50994ac9\" class=\"srmp3_sonaar_ts_shortcode\"  style=\"\" href=\"javascript:sonaar_ts_shortcode({ trackid:'0', time:'00:14:22', ts_id:'6927c50994ac9', play_icon:'' }) ;\">[00:14:22]<\/a> On commence notre d\u00e9couverte de la Bretagne avec l\u2019une de ses villes les plus embl\u00e9matiques : Saint-Malo, surnomm\u00e9e la &#8220;cit\u00e9 corsaire&#8221;. Les corsaires, c\u2019\u00e9taient des marins qui avaient re\u00e7u de l\u2019\u00c9tat l\u2019autorisation d\u2019attaquer les navires ennemis pour leur voler leur cargaison. C\u2019\u00e9tait, en quelque sorte, des pirates\u2026 mais l\u00e9gaux.<\/p>\n\n\n\n<p><a id=\"sonaar_ts-6927c50994ace\" class=\"srmp3_sonaar_ts_shortcode\"  style=\"\" href=\"javascript:sonaar_ts_shortcode({ trackid:'0', time:'00:14:44', ts_id:'6927c50994ace', play_icon:'' }) ;\">[00:14:44]<\/a> Il y avait \u00e0 Saint-Malo beaucoup de corsaires, car cette ville de bord de mer \u00e9tait strat\u00e9gique pour la d\u00e9fense maritime fran\u00e7aise. Et puis, plus tard, au moment des grandes explorations et du commerce triangulaire, la ville a vu na\u00eetre de nombreux navigateurs et explorateurs, dont le c\u00e9l\u00e8bre Jacques Cartier.<\/p>\n\n\n\n<p><a id=\"sonaar_ts-6927c50994ad7\" class=\"srmp3_sonaar_ts_shortcode\"  style=\"\" href=\"javascript:sonaar_ts_shortcode({ trackid:'0', time:'00:15:05', ts_id:'6927c50994ad7', play_icon:'' }) ;\">[00:15:05]<\/a> Encore aujourd\u2019hui, cette histoire se ressent dans l\u2019architecture massive de la ville fortifi\u00e9e, avec ses grands remparts en granit qui entourent le centre de la vieille ville. On peut d\u2019ailleurs se promener sur ces remparts pour admirer la vue sur la mer, les plages et les \u00eelots voisins.<\/p>\n\n\n\n<p><a id=\"sonaar_ts-6927c50994aea\" class=\"srmp3_sonaar_ts_shortcode\"  style=\"\" href=\"javascript:sonaar_ts_shortcode({ trackid:'0', time:'00:15:24', ts_id:'6927c50994aea', play_icon:'' }) ;\">[00:15:24]<\/a> En une journ\u00e9e, on peut faire une belle visite du centre-ville : observer les mar\u00e9es, se promener dans les ruelles pav\u00e9es, visiter la cath\u00e9drale, etc. Et surtout : manger une cr\u00eape ou une galette dans une des nombreuses cr\u00eaperies traditionnelles. Eh oui, impossible de pas manger cette sp\u00e9cialit\u00e9 d\u00e8s son premier jour en Bretagne !<\/p>\n\n\n\n<p><a id=\"sonaar_ts-6927c50994af3\" class=\"srmp3_sonaar_ts_shortcode\"  style=\"\" href=\"javascript:sonaar_ts_shortcode({ trackid:'0', time:'00:15:4', ts_id:'6927c50994af3', play_icon:'' }) ;\">[00:15:48]<\/a> Apr\u00e8s, si vous restez un peu plus longtemps, vous pouvez explorer la c\u00f4te d\u2019\u00c9meraude tout autour, o\u00f9 l\u2019eau prend parfois une teinte vert intense, surtout quand le soleil perce \u00e0 travers les nuages. Il y a plein de belles plages, mais aussi des sentiers c\u00f4tiers accessibles, parfaits pour faire de belles randonn\u00e9es.<\/p>\n\n\n\n<p><a id=\"sonaar_ts-6927c50994af9\" class=\"srmp3_sonaar_ts_shortcode\"  style=\"\" href=\"javascript:sonaar_ts_shortcode({ trackid:'0', time:'00:16:08', ts_id:'6927c50994af9', play_icon:'' }) ;\">[00:16:08]<\/a> En fait, tout le littoral breton est parcouru par un long chemin de randonn\u00e9e qui s\u2019appelle le sentier des douaniers. Il commence au Mont Saint-Michel, puis il arrive \u00e0 la c\u00f4te d\u2019\u00c9meraude et il continue le long de la c\u00f4te de granit rose.<\/p>\n\n\n\n<p><a id=\"sonaar_ts-6927c50994afe\" class=\"srmp3_sonaar_ts_shortcode\"  style=\"\" href=\"javascript:sonaar_ts_shortcode({ trackid:'0', time:'00:16:26', ts_id:'6927c50994afe', play_icon:'' }) ;\">[00:16:26]<\/a> Ce qu\u2019on appelle la c\u00f4te de granit rose, c\u2019est environ 10 km de c\u00f4te autour de la ville de Perros-Guirec, caract\u00e9ris\u00e9 par la couleur ros\u00e9e des rochers, sculpt\u00e9s par le vent et les vagues. C\u2019est un coin sympa pour prendre des photos et se ballader, mais aussi pour faire du surf !<\/p>\n\n\n\n<p><a id=\"sonaar_ts-6927c50994b03\" class=\"srmp3_sonaar_ts_shortcode\"  style=\"\" href=\"javascript:sonaar_ts_shortcode({ trackid:'0', time:'00:16:45', ts_id:'6927c50994b03', play_icon:'' }) ;\">[00:16:45]<\/a> Et quand se termine la c\u00f4te de granit rose, apr\u00e8s le petit village de Locquirec, on passe \u00e0 la prochaine \u00e9tape de notre itin\u00e9raire, en entrant dans un d\u00e9partement qui porte bien son nom : le Finist\u00e8re, la fin de la terre.<\/p>\n\n\n\n<p><a id=\"sonaar_ts-6927c50994b09\" class=\"srmp3_sonaar_ts_shortcode\"  style=\"\" href=\"javascript:sonaar_ts_shortcode({ trackid:'0', time:'00:17:00', ts_id:'6927c50994b09', play_icon:'' }) ;\">[00:17:00]<\/a> C\u2019est le d\u00e9partement le plus \u00e0 l\u2019ouest de la France, et on y ressent vraiment une atmosph\u00e8re de bout du monde. Les villages sont parfois minuscules, les routes tournent beaucoup, mais \u00e0 chaque d\u00e9tour, on d\u00e9couvre une crique, un phare. Et on est plong\u00e9 dans une nature sauvage.<\/p>\n\n\n\n<p><a id=\"sonaar_ts-6927c50994b0e\" class=\"srmp3_sonaar_ts_shortcode\"  style=\"\" href=\"javascript:sonaar_ts_shortcode({ trackid:'0', time:'00:17:21', ts_id:'6927c50994b0e', play_icon:'' }) ;\">[00:17:21]<\/a> Ce que j\u2019ai pr\u00e9f\u00e9r\u00e9 dans le Finist\u00e8re, c\u2019est la presqu\u2019\u00eele de Crozon. On appelle \u00ab presqu\u2019\u00eele \u00bb un bout de terre qui est reli\u00e9 au territoire principal par un morceau de terre plus fin\u2026 Je ne sais pas si c\u2019est tr\u00e8s clair, mais j\u2019avoue que c\u2019est difficile \u00e0 d\u00e9finir avec des mots simples !<\/p>\n\n\n\n<p><a id=\"sonaar_ts-6927c50994b17\" class=\"srmp3_sonaar_ts_shortcode\"  style=\"\" href=\"javascript:sonaar_ts_shortcode({ trackid:'0', time:'00:17:39', ts_id:'6927c50994b17', play_icon:'' }) ;\">[00:17:39]<\/a> Bref, en tout cas, l\u2019exploration de la presqu\u2019\u00eele de Crozon a \u00e9t\u00e9 pour moi LE moment o\u00f9 j\u2019ai compris pourquoi les Bretons adoraient tant leur r\u00e9gion. J\u2019avoue que pendant des ann\u00e9es, je n\u2019avais pas tr\u00e8s envie d\u2019aller en Bretagne car je pensais qu\u2019il y avait beaucoup de pluie et de vent.<\/p>\n\n\n\n<p><a id=\"sonaar_ts-6927c50994b1c\" class=\"srmp3_sonaar_ts_shortcode\"  style=\"\" href=\"javascript:sonaar_ts_shortcode({ trackid:'0', time:'00:17:59', ts_id:'6927c50994b1c', play_icon:'' }) ;\">[00:17:59]<\/a> Mais quand j\u2019\u00e9tais en haut des falaises de la presqu\u2019\u00eele de Crozon, \u00e0 admirer la mer d\u2019un bleu profond, je me suis dit que \u00e7a valait vraiment la peine d\u2019affronter un peu de vent ! C\u2019\u00e9tait vraiment \u00e0 couper le souffle.&nbsp;<\/p>\n\n\n\n<p><a id=\"sonaar_ts-6927c50994b21\" class=\"srmp3_sonaar_ts_shortcode\"  style=\"\" href=\"javascript:sonaar_ts_shortcode({ trackid:'0', time:'00:18:14', ts_id:'6927c50994b21', play_icon:'' }) ;\">[00:18:14]<\/a> \u00ab Un paysage \u00e0 couper le souffle \u00bb, je vous l\u2019ai d\u00e9j\u00e0 expliqu\u00e9 dans un autre \u00e9pisode, c\u2019est un paysage qui est tellement impressionnant qu\u2019on dit de mani\u00e8re figur\u00e9 qu\u2019on arr\u00eate de respirer en le voyant. C\u2019est cet effet-l\u00e0 que produit la pointe du Finist\u00e8re.<\/p>\n\n\n\n<p><a id=\"sonaar_ts-6927c50994b26\" class=\"srmp3_sonaar_ts_shortcode\"  style=\"\" href=\"javascript:sonaar_ts_shortcode({ trackid:'0', time:'00:18:33', ts_id:'6927c50994b26', play_icon:'' }) ;\">[00:18:33]<\/a> Alors apr\u00e8s \u00e7a, on est pr\u00eat \u00e0 terminer le voyage avec une ambiance plus relax. Tant mieux, puisque c\u2019est dans le sud de la Bretagne qu\u2019on trouve les meilleures stations baln\u00e9aires de la r\u00e9gion.<\/p>\n\n\n\n<p><a id=\"sonaar_ts-6927c50994b2b\" class=\"srmp3_sonaar_ts_shortcode\"  style=\"\" href=\"javascript:sonaar_ts_shortcode({ trackid:'0', time:'00:18:47', ts_id:'6927c50994b2b', play_icon:'' }) ;\">[00:18:47]<\/a> En longeant la c\u00f4te sud du Finist\u00e8re, puis le d\u00e9partement du Morbihan, on remarque que les paysages changent petit \u00e0 petit. Les falaises laissent place \u00e0 de longues plages de sable blanc, \u00e0 des petits ports tranquilles, et \u00e0 des villages touristiques.<\/p>\n\n\n\n<p><a id=\"sonaar_ts-6927c50994b31\" class=\"srmp3_sonaar_ts_shortcode\"  style=\"\" href=\"javascript:sonaar_ts_shortcode({ trackid:'0', time:'00:19:03', ts_id:'6927c50994b31', play_icon:'' }) ;\">[00:19:03]<\/a> C\u2019est une zone plus douce, o\u00f9 il fait souvent un peu plus chaud l\u2019\u00e9t\u00e9, et o\u00f9 il est agr\u00e9able de se baigner. Bien s\u00fbr, l\u2019eau est plus fra\u00eeche qu\u2019en M\u00e9diterran\u00e9e, mais franchement, moi, je m\u2019y suis sentie tr\u00e8s bien.<\/p>\n\n\n\n<p><a id=\"sonaar_ts-6927c50994b36\" class=\"srmp3_sonaar_ts_shortcode\"  style=\"\" href=\"javascript:sonaar_ts_shortcode({ trackid:'0', time:'00:19:18', ts_id:'6927c50994b36', play_icon:'' }) ;\">[00:19:18]<\/a> Sur cette c\u00f4te, il y a un petit coin vraiment \u00e0 part : le golfe du Morbihan. C\u2019est comme une petite mer int\u00e9rieure dans laquelle il y a plusieurs petites \u00eeles o\u00f9 on peut aller passer la journ\u00e9e, louer des v\u00e9los et des paddles, faire des balades, puis rentrer sur le continent en bateau.<\/p>\n\n\n\n<p><a id=\"sonaar_ts-6927c50994b3c\" class=\"srmp3_sonaar_ts_shortcode\"  style=\"\" href=\"javascript:sonaar_ts_shortcode({ trackid:'0', time:'00:19:37', ts_id:'6927c50994b3c', play_icon:'' }) ;\">[00:19:37]<\/a> Et puis, en arrivant vers l\u2019est, on sent que le voyage touche \u00e0 sa fin. Les paysages deviennent plus plats, un peu plus urbains\u2026 et on boucle cette grande boucle autour de la Bretagne avec, pourquoi pas, un dernier coucher de soleil sur l\u2019oc\u00e9an.<\/p>\n\n\n\n<p><a id=\"sonaar_ts-6927c50994b40\" class=\"srmp3_sonaar_ts_shortcode\"  style=\"\" href=\"javascript:sonaar_ts_shortcode({ trackid:'0', time:'00:19:54', ts_id:'6927c50994b40', play_icon:'' }) ;\">[00:19:54]<\/a> Ce que je retiens de ce roadtrip, c\u2019est \u00e0 quel point la Normandie et la Bretagne sont vari\u00e9es. En quelques jours, on passe de falaises sauvages \u00e0 des plages tranquilles, de villes fortifi\u00e9es \u00e0 des petits ports. Et c\u2019est en prenant son temps, en avan\u00e7ant petit \u00e0 petit, qu\u2019on profite vraiment de toute cette richesse.<\/p>\n\n\n\n<p><a id=\"sonaar_ts-6927c50994b4a\" class=\"srmp3_sonaar_ts_shortcode\"  style=\"\" href=\"javascript:sonaar_ts_shortcode({ trackid:'0', time:'00:20:16', ts_id:'6927c50994b4a', play_icon:'' }) ;\">[00:20:16]<\/a> Alors si \u00e7a vous donne envie de partir, je vais maintenant vous donner quelques conseils pratiques : sur le logement, la m\u00e9t\u00e9o, les moyens de transport\u2026 pour vous aider \u00e0 organiser votre propre voyage sans stress.<\/p>\n\n\n\n<p><a id=\"sonaar_ts-6927c50994b4e\" class=\"srmp3_sonaar_ts_shortcode\"  style=\"\" href=\"javascript:sonaar_ts_shortcode({ trackid:'0', time:'00:20:40', ts_id:'6927c50994b4e', play_icon:'' }) ;\">[00:20:40]<\/a> Pour terminer, je voudrais vous donner quelques conseils pratiques, en r\u00e9pondant \u00e0 quatre questions simples :<br>Quand partir ? Quoi emporter ? O\u00f9 loger ? Et comment se d\u00e9placer ?<\/p>\n\n\n\n<p><a id=\"sonaar_ts-6927c50994b53\" class=\"srmp3_sonaar_ts_shortcode\"  style=\"\" href=\"javascript:sonaar_ts_shortcode({ trackid:'0', time:'00:20:52', ts_id:'6927c50994b53', play_icon:'' }) ;\">[00:20:52]<\/a> Alors, premi\u00e8re question : quand partir ?<br>Sans surprise, je vous recommande de voyager en \u00e9t\u00e9. C\u2019est \u00e0 ce moment-l\u00e0 qu\u2019on a le plus de chances d\u2019avoir du beau temps, ce qui est vraiment agr\u00e9able pour d\u00e9couvrir la c\u00f4te. La Normandie et la Bretagne sont connues pour leur pluie et leur vent, et ce n\u2019est pas une l\u00e9gende ! Mais en \u00e9t\u00e9, on peut aussi avoir de superbes journ\u00e9es, avec un ciel bleu et une temp\u00e9rature parfaite.<\/p>\n\n\n\n<p><a id=\"sonaar_ts-6927c50994b58\" class=\"srmp3_sonaar_ts_shortcode\"  style=\"\" href=\"javascript:sonaar_ts_shortcode({ trackid:'0', time:'00:21:20', ts_id:'6927c50994b58', play_icon:'' }) ;\">[00:21:20]<\/a> Pour vous donner une id\u00e9e, moi j\u2019y suis all\u00e9e pendant une canicule. Dans le reste de la France, il faisait beaucoup trop chaud pour visiter ou randonner, mais sur la c\u00f4te bretonne, c\u2019\u00e9tait juste parfait.<\/p>\n\n\n\n<p><a id=\"sonaar_ts-6927c50994b5e\" class=\"srmp3_sonaar_ts_shortcode\"  style=\"\" href=\"javascript:sonaar_ts_shortcode({ trackid:'0', time:'00:21:32', ts_id:'6927c50994b5e', play_icon:'' }) ;\">[00:21:32]<\/a> Cela dit, m\u00eame en \u00e9t\u00e9, il peut y avoir des perturbations. Par exemple, au moment o\u00f9 j\u2019enregistre ce podcast, il y a une grosse \u00ab d\u00e9pression \u00bb (c\u2019est comme \u00e7a qu\u2019on dit dans le langage de la m\u00e9t\u00e9o) au-dessus de la Normandie, avec des pluies tr\u00e8s intenses. Donc si vous le pouvez, essayez de garder un peu de flexibilit\u00e9 : regardez la m\u00e9t\u00e9o quelques jours avant de partir, \u00e7a peut \u00e9viter pas mal de d\u00e9ceptions.<\/p>\n\n\n\n<p><a id=\"sonaar_ts-6927c50994b62\" class=\"srmp3_sonaar_ts_shortcode\"  style=\"\" href=\"javascript:sonaar_ts_shortcode({ trackid:'0', time:'00:22:01', ts_id:'6927c50994b62', play_icon:'' }) ;\">[00:22:01]<\/a> Mais bon, m\u00eame quand il fait beau, il faut s\u2019attendre \u00e0 quelques averses, m\u00eame si c\u2019est passager. En Bretagne, on dit souvent qu\u2019il pleut tous les jours, plusieurs fois par jour, mais que \u00e7a ne dure jamais tr\u00e8s longtemps. Il faut juste s\u2019adapter. Parfois, on attend dix minutes dans la voiture ou sous un arbre, et le soleil revient !<\/p>\n\n\n\n<p><a id=\"sonaar_ts-6927c50994b67\" class=\"srmp3_sonaar_ts_shortcode\"  style=\"\" href=\"javascript:sonaar_ts_shortcode({ trackid:'0', time:'00:22:23', ts_id:'6927c50994b67', play_icon:'' }) ;\">[00:22:23]<\/a> Alors, \u00e7a l\u00e0 qu\u2019on en vient \u00e0 ma deuxi\u00e8me question : quoi emporter ? Eh bah, vous l\u2019aurez compris\u2026 un peu de tout !<br>C\u2019est un peu le secret pour voyager dans ces r\u00e9gions. Il vous faut des v\u00eatements l\u00e9gers pour les journ\u00e9es ensoleill\u00e9es, un maillot de bain si vous voulez vous baigner, un chapeau, de la cr\u00e8me solaire\u2026 mais aussi un pull, un coupe-vent, et surtout un imperm\u00e9able ou une veste de pluie. M\u00eame en \u00e9t\u00e9, on peut avoir un peu de fra\u00eecheur ou une brume qui vient de l\u2019oc\u00e9an.<\/p>\n\n\n\n<p><a id=\"sonaar_ts-6927c50994b6c\" class=\"srmp3_sonaar_ts_shortcode\"  style=\"\" href=\"javascript:sonaar_ts_shortcode({ trackid:'0', time:'00:22:53', ts_id:'6927c50994b6c', play_icon:'' }) ;\">[00:22:53]<\/a> Et surtout : n\u2019oubliez pas de prendre des bonnes chaussures !<br>Pas besoin d\u2019\u00eatre un grand randonneur ou une grande randonneuse, mais vous allez forc\u00e9ment avoir envie de marcher un peu : un sentier sur une falaise, un chemin entre deux villages, une balade sur la plage\u2026 On marche plus qu\u2019on ne le pense.<\/p>\n\n\n\n<p><a id=\"sonaar_ts-6927c50994b75\" class=\"srmp3_sonaar_ts_shortcode\"  style=\"\" href=\"javascript:sonaar_ts_shortcode({ trackid:'0', time:'00:23:11', ts_id:'6927c50994b75', play_icon:'' }) ;\">[00:23:11]<\/a> Troisi\u00e8me question : o\u00f9 loger ?<br>Si vous aimez changer de lieu r\u00e9guli\u00e8rement, je vous conseille le camping. C\u2019est une solution simple, \u00e9conomique et tr\u00e8s flexible.<\/p>\n\n\n\n<p><a id=\"sonaar_ts-6927c50994b7a\" class=\"srmp3_sonaar_ts_shortcode\"  style=\"\" href=\"javascript:sonaar_ts_shortcode({ trackid:'0', time:'00:23:25', ts_id:'6927c50994b7a', play_icon:'' }) ;\">[00:23:25]<\/a> En France, on trouve des campings un peu partout, m\u00eame dans les zones tr\u00e8s rurales. Les campings municipaux sont souvent les moins chers, autour de 8 \u00e0 12 euros la nuit, avec des \u00e9quipements simples : douche, toilettes, parfois un coin cuisine. Il y a d\u2019autres campings qui sont un peu plus chers et qui sont plus confortables, avec parfois une piscine, un petit magasin, une salle commune, et m\u00eame la possibilit\u00e9 de louer un logement d\u00e9j\u00e0 install\u00e9, genre un mobile-home ou un petit chalet.<\/p>\n\n\n\n<p><a id=\"sonaar_ts-6927c50994b7f\" class=\"srmp3_sonaar_ts_shortcode\"  style=\"\" href=\"javascript:sonaar_ts_shortcode({ trackid:'0', time:'00:23:58', ts_id:'6927c50994b7f', play_icon:'' }) ;\">[00:23:58]<\/a> Un \u00ab mobile-home \u00bb, c\u2019est un logement en dur qui peut en th\u00e9orie se d\u00e9faire mais que les campings laissent en g\u00e9n\u00e9ral \u00e0 l\u2019ann\u00e9e et o\u00f9 on a au moins une chambre, une petite cuisine, une salle de bain, etc<\/p>\n\n\n\n<p><a id=\"sonaar_ts-6927c50994b84\" class=\"srmp3_sonaar_ts_shortcode\"  style=\"\" href=\"javascript:sonaar_ts_shortcode({ trackid:'0', time:'00:23:14', ts_id:'6927c50994b84', play_icon:'' }) ;\">[00:23:14]<\/a> Quand j\u2019ai fait mon roadtrip, je ne r\u00e9servais jamais en avance. En d\u00e9but d\u2019apr\u00e8s-midi, j\u2019appelais les campings dans la zone o\u00f9 je pensais m\u2019arr\u00eater le soir, et je demandais s\u2019ils avaient de la place. \u00c7a fonctionnait tr\u00e8s bien.<\/p>\n\n\n\n<p><a id=\"sonaar_ts-6927c50994b89\" class=\"srmp3_sonaar_ts_shortcode\"  style=\"\" href=\"javascript:sonaar_ts_shortcode({ trackid:'0', time:'00:24:28', ts_id:'6927c50994b89', play_icon:'' }) ;\">[00:24:28]<\/a> Et ce que j\u2019aime beaucoup avec le camping, c\u2019est qu\u2019on croise des gens tr\u00e8s diff\u00e9rents : des familles fran\u00e7aises avec des enfants, des couples de trentenaires, des randonneurs, des retrait\u00e9s allemands ou n\u00e9erlandais en camping-car\u2026 Bref, c\u2019est un m\u00e9lange joyeux, et parfois, on se fait des petites discussions sympas entre voisins de tente.<\/p>\n\n\n\n<p><a id=\"sonaar_ts-6927c50994b8e\" class=\"srmp3_sonaar_ts_shortcode\"  style=\"\" href=\"javascript:sonaar_ts_shortcode({ trackid:'0', time:'00:24:50', ts_id:'6927c50994b8e', play_icon:'' }) ;\">[00:24:50]<\/a> Et enfin, derni\u00e8re question : comment se d\u00e9placer ?<br>Alors, moi, j\u2019avais une petite voiture, avec une tente et tout le mat\u00e9riel de camping dans le coffre. C\u2019\u00e9tait tr\u00e8s pratique : \u00e7a me permettait de rouler sur des petites routes, de changer facilement d\u2019endroit tous les jours, et d\u2019avoir tout \u00e0 port\u00e9e de main.<\/p>\n\n\n\n<p><a id=\"sonaar_ts-6927c50994b93\" class=\"srmp3_sonaar_ts_shortcode\"  style=\"\" href=\"javascript:sonaar_ts_shortcode({ trackid:'0', time:'00:25:13', ts_id:'6927c50994b93', play_icon:'' }) ;\">[00:25:13]<\/a> Mais cet itin\u00e9raire peut aussi se faire en camping-car, \u00e0 v\u00e9lo, ou m\u00eame \u00e0 pieds. \u00c0 pieds, la F\u00e9d\u00e9ration fran\u00e7aise de randonn\u00e9e propose plein d\u2019options de randonn\u00e9es, de sentiers, qui sont num\u00e9rot\u00e9s et qui s\u2019appellent des GR, pourgrande randonn\u00e9e.<\/p>\n\n\n\n<p><a id=\"sonaar_ts-6927c50994b9c\" class=\"srmp3_sonaar_ts_shortcode\"  style=\"\" href=\"javascript:sonaar_ts_shortcode({ trackid:'0', time:'00:25:38', ts_id:'6927c50994b9c', play_icon:'' }) ;\">[00:25:38]<\/a> Alors, en Bretagne, ce que j\u2019ai appel\u00e9 tout \u00e0 l\u2019heure le \u00ab sentier des douaniers \u00bb, si vous regardez sur la carte de la FFR, \u00e7a correspond au GR num\u00e9ro 34, qui longe toute la c\u00f4te bretonne. Et on a un sentier un peu similaire aussi du c\u00f4t\u00e9 de la Normandie. Il y a le GR223. Et puis, entre \u00c9tretat et La Havre, c\u2019est encore un autre, mais vous pouvez voir \u00e7a sur internet.<\/p>\n\n\n\n<p><a id=\"sonaar_ts-6927c50994ba1\" class=\"srmp3_sonaar_ts_shortcode\"  style=\"\" href=\"javascript:sonaar_ts_shortcode({ trackid:'0', time:'00:26:08', ts_id:'6927c50994ba1', play_icon:'' }) ;\">[00:26:08]<\/a> C\u2019est des sentiers donc qui sont balis\u00e9s, qui sont entretenus, et qui sont marqu\u00e9s pour qu\u2019on ne puisse pas se perdre, et avec expr\u00e8s des points de vue super beaux, des endroits o\u00f9 dormir sur la route, etc. Donc si vous aimez marcher, c\u2019est vraiment une super option. magnifiques. Bien \u00e9videmment, vous ne pourrez pas faire tout l\u2019itin\u00e9raire que j\u2019ai d\u00e9crit, il faudra forc\u00e9ment choisir certaines portions.<\/p>\n\n\n\n<p><a id=\"sonaar_ts-6927c50994ba6\" class=\"srmp3_sonaar_ts_shortcode\"  style=\"\" href=\"javascript:sonaar_ts_shortcode({ trackid:'0', time:'00:26:38', ts_id:'6927c50994ba6', play_icon:'' }) ;\">[00:26:38]<\/a> C\u2019est la m\u00eame chose si vous d\u00e9cidez de prendre le v\u00e9lo, vous pourrez faire certaines portions et en cyclisme, on peut suivre les itin\u00e9raires de France V\u00e9lo Tourisme. Il y a par exemple la V\u00e9lomaritime, plut\u00f4t le long de la Manche, et il y a une route qui s\u2019appelle la Littorale, qui descend plut\u00f4t de l\u2019ouest au sud breton.<\/p>\n\n\n\n<p><a id=\"sonaar_ts-6927c50994bab\" class=\"srmp3_sonaar_ts_shortcode\"  style=\"\" href=\"javascript:sonaar_ts_shortcode({ trackid:'0', time:'00:27:05', ts_id:'6927c50994bab', play_icon:'' }) ;\">[00:27:05]<\/a> C\u2019est des parcours adapt\u00e9s, qui sont s\u00e9curis\u00e9s, avec certains pans sur la route principale, d\u2019autres pans dans des petites routes, parfois \u00e7a va longer par exemple des anciens rails, des choses comme \u00e7a. Et c\u2019est assez sympa.<\/p>\n\n\n\n<p><a id=\"sonaar_ts-6927c50994bb0\" class=\"srmp3_sonaar_ts_shortcode\"  style=\"\" href=\"javascript:sonaar_ts_shortcode({ trackid:'0', time:'00:27:22', ts_id:'6927c50994bb0', play_icon:'' }) ;\">[00:27:22]<\/a> Alors, moi, je ne suis pas sp\u00e9cialiste de ces modes de voyage, mais si \u00e7a vous int\u00e9resse, je pourrais demander \u00e0 des amis qui font toutes leurs vacances \u00e0 v\u00e9lo ou en randonn\u00e9e, et proposer un autre \u00e9pisode avec leurs bons plans !<\/p>\n\n\n\n<p><a id=\"sonaar_ts-6927c50994bb4\" class=\"srmp3_sonaar_ts_shortcode\"  style=\"\" href=\"javascript:sonaar_ts_shortcode({ trackid:'0', time:'00:27:38', ts_id:'6927c50994bb4', play_icon:'' }) ;\">[00:27:38]<\/a> Voil\u00e0, je pense vous avoir donn\u00e9 les informations essentielles pour organiser un roadtrip en Normandie et en Bretagne. Ces deux r\u00e9gions sont id\u00e9ales pour voyager lentement, pour profiter des paysages, de l\u2019air marin, des villages, des cr\u00eapes bien s\u00fbr et des couchers de soleil.<\/p>\n\n\n\n<p><a id=\"sonaar_ts-6927c50994bb9\" class=\"srmp3_sonaar_ts_shortcode\"  style=\"\" href=\"javascript:sonaar_ts_shortcode({ trackid:'0', time:'00:27:57', ts_id:'6927c50994bb9', play_icon:'' }) ;\">[00:27:57]<\/a> J\u2019ai essay\u00e9 de vous proposer un itin\u00e9raire vari\u00e9, en vous expliquant bien quel \u00e9tait l\u2019int\u00e9r\u00eat de chaque endroit parce que je trouve que c\u2019est plus sympa de voyager en suivant un peu des th\u00e8mes plut\u00f4t que juste une progression de lieux sans vraiment comprendre l\u2019atomsph\u00e8re.<\/p>\n\n\n\n<p><a id=\"sonaar_ts-6927c50994bbe\" class=\"srmp3_sonaar_ts_shortcode\"  style=\"\" href=\"javascript:sonaar_ts_shortcode({ trackid:'0', time:'00:28:16', ts_id:'6927c50994bbe', play_icon:'' }) ;\">[00:28:16]<\/a> Et n\u2019h\u00e9sitez pas \u00e0 me dire dans le scommentaires ce que vous avez pens\u00e9 de cet \u00e9pisode. Je serai ravie de vous lire si vous avez d\u00e9j\u00e0 des exp\u00e9riences de voyage dans ces r\u00e9gions. Et bien s\u00fbr, si vous d\u00e9cidez de faire un voyage prochainement, cette ann\u00e9e ou l\u2019ann\u00e9e prochaine, \u00e0 partir de ce que j\u2019ai dit dans cet \u00e9pisode, l\u00e0 je serais carr\u00e9ment ravie de le savoir et d\u2019\u00e9changer avec vous.<\/p>\n\n\n\n<p><a id=\"sonaar_ts-6927c50994bc7\" class=\"srmp3_sonaar_ts_shortcode\"  style=\"\" href=\"javascript:sonaar_ts_shortcode({ trackid:'0', time:'00:28:44', ts_id:'6927c50994bc7', play_icon:'' }) ;\">[00:28:44]<\/a> Je vous souhaite un bel \u00e9t\u00e9 et je vous dis \u00e0 tr\u00e8s bient\u00f4t dans un prochain \u00e9pisode. Salut !<\/p>\n\n\n\n<h2 class=\"wp-block-heading\">Ces \u00e9pisodes pourraient vous int\u00e9resser aussi<\/h2>\n","protected":false},"excerpt":{"rendered":"<p>Bonjour tout le monde et bienvenue dans cet \u00e9pisode. Comme promis il y a deux semaines, aujourd\u2019hui on part sur un th\u00e8me estival. Vous pouvez m\u2019\u00e9couter tout en vous relaxant sur la plage car je vais vous d\u00e9crire des paysages que je trouve tr\u00e8s sympas. Il y a quelques ann\u00e9es, je suis rentr\u00e9e en France&#8230;<\/p>\n","protected":false},"author":17608,"featured_media":208689,"comment_status":"open","ping_status":"open","sticky":false,"template":"","format":[190],"meta":{"_acf_changed":false,"_kad_blocks_custom_css":"","_kad_blocks_head_custom_js":"","_kad_blocks_body_custom_js":"","_kad_blocks_footer_custom_js":"","_kad_post_transparent":"","_kad_post_title":"","_kad_post_layout":"","_kad_post_sidebar_id":"","_kad_post_content_style":"","_kad_post_vertical_padding":"","_kad_post_feature":"","_kad_post_feature_position":"","_kad_post_header":false,"_kad_post_footer":false,"_kad_post_classname":"","footnotes":""},"categories":[168],"tags":[175,187],"class_list":["post-289615","post","type-post","status-publish","format-standard","has-post-thumbnail","hentry","category-podcast","tag-france","tag-voyage","format-solo-ingrid"],"acf":[],"taxonomy_info":{"category":[{"value":168,"label":"Podcast"}],"post_tag":[{"value":175,"label":"France"},{"value":187,"label":"Voyage"}],"format":[{"value":190,"label":"Solo Ingrid"}]},"featured_image_src_large":["https:\/\/innerfrench.com\/wp-content\/uploads\/2025\/07\/E177-A-la-decouverte-des-cotes-normandes-et-bretonnes-750x406.jpg",750,406,true],"author_info":{"display_name":"Ingrid","author_link":"https:\/\/innerfrench.com\/author\/ingrid_temp\/"},"comment_info":15,"category_info":[{"term_id":168,"name":"Podcast","slug":"podcast","term_group":0,"term_taxonomy_id":168,"taxonomy":"category","description":"","parent":0,"count":185,"filter":"raw","cat_ID":168,"category_count":185,"category_description":"","cat_name":"Podcast","category_nicename":"podcast","category_parent":0}],"tag_info":[{"term_id":175,"name":"France","slug":"france","term_group":0,"term_taxonomy_id":175,"taxonomy":"post_tag","description":"","parent":0,"count":100,"filter":"raw"},{"term_id":187,"name":"Voyage","slug":"voyage","term_group":0,"term_taxonomy_id":187,"taxonomy":"post_tag","description":"","parent":0,"count":6,"filter":"raw"}],"_links":{"self":[{"href":"https:\/\/innerfrench.com\/wp-json\/wp\/v2\/posts\/289615","targetHints":{"allow":["GET"]}}],"collection":[{"href":"https:\/\/innerfrench.com\/wp-json\/wp\/v2\/posts"}],"about":[{"href":"https:\/\/innerfrench.com\/wp-json\/wp\/v2\/types\/post"}],"author":[{"embeddable":true,"href":"https:\/\/innerfrench.com\/wp-json\/wp\/v2\/users\/17608"}],"replies":[{"embeddable":true,"href":"https:\/\/innerfrench.com\/wp-json\/wp\/v2\/comments?post=289615"}],"version-history":[{"count":4,"href":"https:\/\/innerfrench.com\/wp-json\/wp\/v2\/posts\/289615\/revisions"}],"predecessor-version":[{"id":293440,"href":"https:\/\/innerfrench.com\/wp-json\/wp\/v2\/posts\/289615\/revisions\/293440"}],"wp:featuredmedia":[{"embeddable":true,"href":"https:\/\/innerfrench.com\/wp-json\/wp\/v2\/media\/208689"}],"wp:attachment":[{"href":"https:\/\/innerfrench.com\/wp-json\/wp\/v2\/media?parent=289615"}],"wp:term":[{"taxonomy":"category","embeddable":true,"href":"https:\/\/innerfrench.com\/wp-json\/wp\/v2\/categories?post=289615"},{"taxonomy":"post_tag","embeddable":true,"href":"https:\/\/innerfrench.com\/wp-json\/wp\/v2\/tags?post=289615"},{"taxonomy":"format","embeddable":true,"href":"https:\/\/innerfrench.com\/wp-json\/wp\/v2\/format?post=289615"}],"curies":[{"name":"wp","href":"https:\/\/api.w.org\/{rel}","templated":true}]}}