{"id":289616,"date":"2025-08-13T15:40:07","date_gmt":"2025-08-13T13:40:07","guid":{"rendered":"https:\/\/innerfrench.com\/?p=208770"},"modified":"2025-09-25T08:50:18","modified_gmt":"2025-09-25T06:50:18","slug":"e177-les-festivals-une-passion-francaise","status":"publish","type":"post","link":"https:\/\/innerfrench.com\/e177-les-festivals-une-passion-francaise\/","title":{"rendered":"#177 Les festivals, une passion fran\u00e7aise ?"},"content":{"rendered":"\n<p><a id=\"sonaar_ts-6927c4fb6219c\" class=\"srmp3_sonaar_ts_shortcode\"  style=\"\" href=\"javascript:sonaar_ts_shortcode({ trackid:'0', time:'00:00:03', ts_id:'6927c4fb6219c', play_icon:'' }) ;\">[00:00:03]<\/a> &#8211; Hugo<\/p>\n\n\n\n<p>Les festivals, une passion fran\u00e7aise ?<\/p>\n\n\n\n<p><a id=\"sonaar_ts-6927c4fb621aa\" class=\"srmp3_sonaar_ts_shortcode\"  style=\"\" href=\"javascript:sonaar_ts_shortcode({ trackid:'0', time:'00:00:07', ts_id:'6927c4fb621aa', play_icon:'' }) ;\">[00:00:07]<\/a> &#8211; Hugo<\/p>\n\n\n\n<p>Salut \u00e0 toutes et \u00e0 tous. Salut Ingrid.<\/p>\n\n\n\n<p><a id=\"sonaar_ts-6927c4fb621b1\" class=\"srmp3_sonaar_ts_shortcode\"  style=\"\" href=\"javascript:sonaar_ts_shortcode({ trackid:'0', time:'00:00:10', ts_id:'6927c4fb621b1', play_icon:'' }) ;\">[00:00:10]<\/a> &#8211; Ingrid<\/p>\n\n\n\n<p>Salut Hugo, \u00e7a va bien ?<\/p>\n\n\n\n<p><a id=\"sonaar_ts-6927c4fb621b6\" class=\"srmp3_sonaar_ts_shortcode\"  style=\"\" href=\"javascript:sonaar_ts_shortcode({ trackid:'0', time:'00:00:12', ts_id:'6927c4fb621b6', play_icon:'' }) ;\">[00:00:12]<\/a> &#8211; Hugo<\/p>\n\n\n\n<p>Ouais \u00e7a va et toi ?<\/p>\n\n\n\n<p><a id=\"sonaar_ts-6927c4fb621ba\" class=\"srmp3_sonaar_ts_shortcode\"  style=\"\" href=\"javascript:sonaar_ts_shortcode({ trackid:'0', time:'00:00:13', ts_id:'6927c4fb621ba', play_icon:'' }) ;\">[00:00:13]<\/a> &#8211; Ingrid<\/p>\n\n\n\n<p>\u00c7a va, \u00e7a va.<\/p>\n\n\n\n<p><a id=\"sonaar_ts-6927c4fb621bf\" class=\"srmp3_sonaar_ts_shortcode\"  style=\"\" href=\"javascript:sonaar_ts_shortcode({ trackid:'0', time:'00:00:15', ts_id:'6927c4fb621bf', play_icon:'' }) ;\">[00:00:15]<\/a> &#8211; Hugo<\/p>\n\n\n\n<p>Bon, tu as une super id\u00e9e pour cet \u00e9pisode qui t&#8217;a \u00e9t\u00e9 inspir\u00e9e par tes aventures r\u00e9centes, il me semble.<\/p>\n\n\n\n<p><a id=\"sonaar_ts-6927c4fb621c3\" class=\"srmp3_sonaar_ts_shortcode\"  style=\"\" href=\"javascript:sonaar_ts_shortcode({ trackid:'0', time:'00:00:22', ts_id:'6927c4fb621c3', play_icon:'' }) ;\">[00:00:22]<\/a> &#8211; Ingrid<\/p>\n\n\n\n<p>Oui, tout \u00e0 fait. Donc aujourd&#8217;hui, on va parler des festivals. Il y en a beaucoup en France. Et moi justement, cet \u00e9t\u00e9, j&#8217;ai eu l&#8217;occasion d&#8217;aller \u00e0 plusieurs festivals et notamment l\u00e0, l\u00e0, tr\u00e8s r\u00e9cemment, au moment o\u00f9 on enregistre, c&#8217;\u00e9tait la semaine derni\u00e8re, il me semble que je suis all\u00e9e \u00e0 Muzillac, \u00e0 Aix-les-Bains, donc dans les Alpes. Et \u00e7a m&#8217;a inspir\u00e9 parce que je me suis quand m\u00eame dit que les festivals, c&#8217;est quelque chose qu&#8217;on fait beaucoup en France, que tous les Fran\u00e7ais connaissent et que ce serait sympa d&#8217;en parler \u00e0 nos auditeurs.<\/p>\n\n\n\n<p><a id=\"sonaar_ts-6927c4fb621c8\" class=\"srmp3_sonaar_ts_shortcode\"  style=\"\" href=\"javascript:sonaar_ts_shortcode({ trackid:'0', time:'00:01:02', ts_id:'6927c4fb621c8', play_icon:'' }) ;\">[00:01:02]<\/a> &#8211; Hugo<\/p>\n\n\n\n<p>Oui, c&#8217;est vrai, moi j&#8217;en ai fait quelques uns pendant ma jeunesse. Je n&#8217;\u00e9tais pas non plus un grand amateur de festivals. C&#8217;est vrai que moi j&#8217;\u00e9coutais plut\u00f4t de la musique en club, la musique \u00e9lectronique, c&#8217;est vrai que maintenant on en voit de plus en plus pendant les festivals, on voit de plus en plus de DJ. Oui, \u00e0 mon \u00e9poque, un peu moins. Et moi je suis un peu un puriste. J&#8217;ai plut\u00f4t tendance \u00e0 dire que la musique \u00e9lectronique, c&#8217;est fait pour les clubs et je trouve que en festival, c&#8217;est pas c&#8217;est pas la m\u00eame chose pour moi, c&#8217;est pas la bonne ambiance, mais j&#8217;ai quand m\u00eame fait quelques festivals sympas quand j&#8217;\u00e9tais plus jeune donc on pourrait en parler.<\/p>\n\n\n\n<p><a id=\"sonaar_ts-6927c4fb621cc\" class=\"srmp3_sonaar_ts_shortcode\"  style=\"\" href=\"javascript:sonaar_ts_shortcode({ trackid:'0', time:'00:01:36', ts_id:'6927c4fb621cc', play_icon:'' }) ;\">[00:01:36]<\/a> &#8211; Ingrid<\/p>\n\n\n\n<p>C&#8217;est vrai que moi non plus je ne suis pas fan de festivals, je ne suis pas une grande repr\u00e9sentante des festivaliers, des gens qui vont \u00e0 des festivals tout le temps. Mais c&#8217;est tellement commun en France qu&#8217;on peut dire que c&#8217;est quasi un passage oblig\u00e9 d&#8217;\u00eatre invit\u00e9 \u00e0 un moment ou \u00e0 un festival comme \u00e7a, parce que des copains y vont. Parce qu&#8217;on va rendre visite \u00e0 quelqu&#8217;un. Et \u00e0 ce moment l\u00e0, il y a un festival dans sa ville. Et c&#8217;est tellement vrai que en France, on est une personne sur deux \u00e0 avoir d\u00e9j\u00e0 assist\u00e9 \u00e0 un festival. Alors oui, c&#8217;est pas 100 % mais c&#8217;est quand m\u00eame pas mal. Et donc nous on a innerfrench. Du coup \u00e7a veut dire que c&#8217;est 100 %, on est au dessus de la moyenne, mais \u00e7a reste quand m\u00eame quelque chose de tr\u00e8s commun. Et en plus, on a pour cet \u00e9pisode fait des recherches et c&#8217;est vrai qu&#8217;il y a une offre tr\u00e8s tr\u00e8s tr\u00e8s importante, ce qui fait qu&#8217;il peut y en avoir pour tout le monde quoi.<\/p>\n\n\n\n<p><a id=\"sonaar_ts-6927c4fb621d1\" class=\"srmp3_sonaar_ts_shortcode\"  style=\"\" href=\"javascript:sonaar_ts_shortcode({ trackid:'0', time:'00:02:36', ts_id:'6927c4fb621d1', play_icon:'' }) ;\">[00:02:36]<\/a> &#8211; Hugo<\/p>\n\n\n\n<p>Oui, c&#8217;est vrai, quand on pense au festival, on imagine le concert de rock, la pinte de bi\u00e8re et on a l&#8217;impression que c&#8217;est seulement un truc de jeunes. Mais en fait non, Il y a vraiment des festivals pour tous les publics. Donc on va en parler dans cet \u00e9pisode. On ne va pas seulement parler des festivals de musique pour les jeunes, \u00e7a va peut \u00eatre vous donner des id\u00e9es, notamment si vous avez envie d&#8217;aller en France, \u00e7a peut \u00eatre une bonne occasion d&#8217;y aller dans le contexte d&#8217;un festival par exemple, parce que c&#8217;est aussi un excellent endroit pour rencontrer des gens. C&#8217;est vrai que les gens sont souvent plus ouverts dans les festivals que le reste du temps. Donc voil\u00e0, \u00e7a va peut \u00eatre vous donner quelques id\u00e9es.<\/p>\n\n\n\n<p><a id=\"sonaar_ts-6927c4fb621d6\" class=\"srmp3_sonaar_ts_shortcode\"  style=\"\" href=\"javascript:sonaar_ts_shortcode({ trackid:'0', time:'00:03:16', ts_id:'6927c4fb621d6', play_icon:'' }) ;\">[00:03:16]<\/a> &#8211; Ingrid<\/p>\n\n\n\n<p>C&#8217;est parti, on y va alors ?<\/p>\n\n\n\n<p><a id=\"sonaar_ts-6927c4fb621db\" class=\"srmp3_sonaar_ts_shortcode\"  style=\"\" href=\"javascript:sonaar_ts_shortcode({ trackid:'0', time:'00:03:17', ts_id:'6927c4fb621db', play_icon:'' }) ;\">[00:03:17]<\/a> &#8211; Hugo<\/p>\n\n\n\n<p>On y va. Let&#8217;s go !<\/p>\n\n\n\n<p><a id=\"sonaar_ts-6927c4fb621e0\" class=\"srmp3_sonaar_ts_shortcode\"  style=\"\" href=\"javascript:sonaar_ts_shortcode({ trackid:'0', time:'00:03:26', ts_id:'6927c4fb621e0', play_icon:'' }) ;\">[00:03:26]<\/a> &#8211; Ingrid<\/p>\n\n\n\n<p>Pour commencer, on va se demander : qu&#8217;est ce qu&#8217;un festival ? Alors, un festival, c&#8217;est un \u00e9v\u00e9nement culturel qui dure pendant plusieurs jours, sur un seul site, donc dans un seul endroit, avec plusieurs petits \u00e9v\u00e9nements \u00e0 l&#8217;int\u00e9rieur. Donc quand c&#8217;est un festival de musique, bien s\u00fbr, c&#8217;est un \u00e9v\u00e9nement avec plusieurs concerts qui se d\u00e9roulent sur plusieurs jours, mais \u00e7a peut \u00eatre aussi autre chose que de la musique. \u00c7a peut \u00eatre par exemple un festival de th\u00e9\u00e2tre et ce sera des repr\u00e9sentations th\u00e9\u00e2trales, \u00e7a peut \u00eatre des d\u00e9bats, des expositions, vraiment on peut imaginer plein, plein de formats. En tout cas, il faut que \u00e7a r\u00e9unisse beaucoup de monde et que \u00e7a propose plusieurs petits \u00e9v\u00e9nements. Alors, d&#8217;o\u00f9 \u00e7a vient le mot festival ?<\/p>\n\n\n\n<p><a id=\"sonaar_ts-6927c4fb621e4\" class=\"srmp3_sonaar_ts_shortcode\"  style=\"\" href=\"javascript:sonaar_ts_shortcode({ trackid:'0', time:'00:04:18', ts_id:'6927c4fb621e4', play_icon:'' }) ;\">[00:04:18]<\/a> &#8211; Hugo<\/p>\n\n\n\n<p>Oui, donc dans &#8220;festival&#8221;, on entend le mot &#8220;festif&#8221;. &#8220;Festif&#8221;, \u00e7a veut dire quelque chose qui est li\u00e9 \u00e0 la f\u00eate. C&#8217;est vrai que voil\u00e0, il y a vraiment cette dimension d&#8217;\u00e9v\u00e9nements, mais c&#8217;est pas forc\u00e9ment quelque chose de tr\u00e8s s\u00e9rieux. On y va plut\u00f4t pour passer du bon temps, pour s&#8217;amuser. Les personnes qui participent \u00e0 un festival, on les appelle les festivaliers festivali\u00e8res au f\u00e9minin. Et une petite exception qu&#8217;il est int\u00e9ressant de noter ici. Tu as dit en introduction il me semble. J&#8217;ai particip\u00e9 \u00e0 plusieurs festivals et il faut savoir que c&#8217;est un pluriel irr\u00e9gulier, parce que normalement, vous savez s\u00fbrement que les noms masculins qui se terminent par &#8220;-al&#8221; au pluriel, c&#8217;est un pluriel irr\u00e9gulier, c&#8217;est &#8220;A.U.X&#8221;. L&#8217;exemple classique : &#8220;un cheval, des chevaux&#8221;. Mais avec festival, c&#8217;est irr\u00e9gulier, donc on dit &#8220;un festival, des festivals&#8221;. Il y a d&#8217;autres exceptions, on ne va pas toutes les citer, mais par exemple carnaval aussi, &#8220;un carnaval, des carnavals&#8221;, &#8220;un bal, des bals&#8221;, etc.<\/p>\n\n\n\n<p><a id=\"sonaar_ts-6927c4fb621e8\" class=\"srmp3_sonaar_ts_shortcode\"  style=\"\" href=\"javascript:sonaar_ts_shortcode({ trackid:'0', time:'00:05:25', ts_id:'6927c4fb621e8', play_icon:'' }) ;\">[00:05:25]<\/a> &#8211; Hugo<\/p>\n\n\n\n<p>Et ce qui est dr\u00f4le, c&#8217;est que souvent les festivals, j&#8217;ai envie de dire les festivals maintenant, je ne sais pas pourquoi, c&#8217;est comment on appelle \u00e7a quand on se corrige plus que la&#8230;<\/p>\n\n\n\n<p><a id=\"sonaar_ts-6927c4fb621ed\" class=\"srmp3_sonaar_ts_shortcode\"  style=\"\" href=\"javascript:sonaar_ts_shortcode({ trackid:'0', time:'00:05:37', ts_id:'6927c4fb621ed', play_icon:'' }) ;\">[00:05:37]<\/a> &#8211; Ingrid<\/p>\n\n\n\n<p>Ah ! La surcorrection.<\/p>\n\n\n\n<p><a id=\"sonaar_ts-6927c4fb621f2\" class=\"srmp3_sonaar_ts_shortcode\"  style=\"\" href=\"javascript:sonaar_ts_shortcode({ trackid:'0', time:'00:05:38', ts_id:'6927c4fb621f2', play_icon:'' }) ;\">[00:05:38]<\/a> &#8211; Hugo<\/p>\n\n\n\n<p>La surcorrection. Voil\u00e0, on se on se corrige tellement qu&#8217;en fait \u00e7a en devient une erreur. Donc les festivals souvent ont lieu en \u00e9t\u00e9 et on a un adjectif pour d\u00e9crire les choses qui sont relatives \u00e0 l&#8217;\u00e9t\u00e9. C&#8217;est l&#8217;adjectif &#8220;estival&#8221;, E.S.T.I.V.A.L. Par exemple, on peut dire &#8220;un \u00e9v\u00e9nement estival&#8221;, c&#8217;est un \u00e9v\u00e9nement qui a lieu en \u00e9t\u00e9. &#8220;Une station estivale&#8221;, c&#8217;est une station baln\u00e9aire, une ville, un endroit o\u00f9 on va plut\u00f4t en \u00e9t\u00e9. Donc en fait, au pluriel, \u00e7a donne &#8220;des festivals estivaux&#8221;. Donc c&#8217;est un peu bizarre parce que l&#8217;adjectif est r\u00e9gulier, mais le nom festival ne l&#8217;est pas. Voil\u00e0.<\/p>\n\n\n\n<p><a id=\"sonaar_ts-6927c4fb621f6\" class=\"srmp3_sonaar_ts_shortcode\"  style=\"\" href=\"javascript:sonaar_ts_shortcode({ trackid:'0', time:'00:06:20', ts_id:'6927c4fb621f6', play_icon:'' }) ;\">[00:06:20]<\/a> &#8211; Ingrid<\/p>\n\n\n\n<p>C&#8217;est dr\u00f4le. Au singulier, ce serait un festival estival.<\/p>\n\n\n\n<p><a id=\"sonaar_ts-6927c4fb621fa\" class=\"srmp3_sonaar_ts_shortcode\"  style=\"\" href=\"javascript:sonaar_ts_shortcode({ trackid:'0', time:'00:06:24', ts_id:'6927c4fb621fa', play_icon:'' }) ;\">[00:06:24]<\/a> &#8211; Hugo<\/p>\n\n\n\n<p>C&#8217;est un festival estival, des festivals estivaux. Voil\u00e0 toute la beaut\u00e9 du fran\u00e7ais r\u00e9sum\u00e9e dans cette phrase.<\/p>\n\n\n\n<p><a id=\"sonaar_ts-6927c4fb62200\" class=\"srmp3_sonaar_ts_shortcode\"  style=\"\" href=\"javascript:sonaar_ts_shortcode({ trackid:'0', time:'00:06:31', ts_id:'6927c4fb62200', play_icon:'' }) ;\">[00:06:31]<\/a> &#8211; Ingrid<\/p>\n\n\n\n<p>Et comme on parle de festival estival, j&#8217;en profite pour faire une pr\u00e9cision c&#8217;est que, en France, et m\u00eame en g\u00e9n\u00e9ral, je pense dans le monde, on a un peu plus de festivals au moment de l&#8217;\u00e9t\u00e9 parce que \u00e7a permet de les faire en plein air. Donc &#8220;en plein air&#8221;, \u00e7a veut dire &#8220;dehors, \u00e0 l&#8217;air libre&#8221;. Alors c&#8217;est pas que \u00e7a, les festivals. Il y en a parfois qui sont \u00e0 l&#8217;int\u00e9rieur, dans des palais des congr\u00e8s, dans des grandes salles, pour des s\u00e9minaires, etc. Mais souvent, en tout cas, c&#8217;est plus sympa, -n les a en plein air, dehors, sur des grandes pelouses, parfois au bord d&#8217;un lac, comme c&#8217;est le cas dans le dernier o\u00f9 je suis all\u00e9, et c&#8217;est pour \u00e7a qu&#8217;il y en a plus \u00e0 cette p\u00e9riode l\u00e0 de l&#8217;ann\u00e9e.<\/p>\n\n\n\n<p><a id=\"sonaar_ts-6927c4fb62205\" class=\"srmp3_sonaar_ts_shortcode\"  style=\"\" href=\"javascript:sonaar_ts_shortcode({ trackid:'0', time:'00:07:21', ts_id:'6927c4fb62205', play_icon:'' }) ;\">[00:07:21]<\/a> &#8211; Hugo<\/p>\n\n\n\n<p>Et un dernier point qui concerne le vocabulaire, on a parl\u00e9 de la grammaire avant, un petit point de vocabulaire maintenant, c&#8217;est il y a une expression avec le mot festival. On dit parfois &#8220;c&#8217;est le festival de&#8221;. Et c&#8217;est une mani\u00e8re un peu sarcastique de critiquer ou de se moquer de quelqu&#8217;un ou de quelque chose. Par exemple, qu&#8217;est-ce qu&#8217;on pourrait dire.<\/p>\n\n\n\n<p><a id=\"sonaar_ts-6927c4fb6220b\" class=\"srmp3_sonaar_ts_shortcode\"  style=\"\" href=\"javascript:sonaar_ts_shortcode({ trackid:'0', time:'00:07:44', ts_id:'6927c4fb6220b', play_icon:'' }) ;\">[00:07:44]<\/a> &#8211; Ingrid<\/p>\n\n\n\n<p>Par exemple, en politique, comme j&#8217;aime bien la politique, on peut dire c&#8217;est le festival des propositions d\u00e9magogiques. Quand des hommes et femmes politiques essayent toujours d&#8217;aller plus loin pour \u00eatre celui ou celle qui se fait le plus entendre. Et donc on a une accumulation comme \u00e7a, avec plein de personnes qui disent un peu des choses similaires, et \u00e7a donne le m\u00eame effet que quand on est dans un festival, et on a plein de mini \u00e9v\u00e8nements, par exemple plein de petits concerts, plein de petites repr\u00e9sentations. Donc voil\u00e0, c&#8217;est cette c&#8217;est cette image qui est reprise et souvent c&#8217;est pour critiquer. Ou alors on s&#8217;occupe d&#8217;enfants et ils sont vraiment tr\u00e8s \u00e9nerv\u00e9s et on dit &#8220;c&#8217;est le festival des b\u00eatises aujourd&#8217;hui&#8221;.<\/p>\n\n\n\n<p><a id=\"sonaar_ts-6927c4fb62210\" class=\"srmp3_sonaar_ts_shortcode\"  style=\"\" href=\"javascript:sonaar_ts_shortcode({ trackid:'0', time:'00:08:33', ts_id:'6927c4fb62210', play_icon:'' }) ;\">[00:08:33]<\/a> &#8211; Hugo<\/p>\n\n\n\n<p>C&#8217;est vrai, c&#8217;est vrai. Bon exemple.<\/p>\n\n\n\n<p><a id=\"sonaar_ts-6927c4fb62215\" class=\"srmp3_sonaar_ts_shortcode\"  style=\"\" href=\"javascript:sonaar_ts_shortcode({ trackid:'0', time:'00:08:43', ts_id:'6927c4fb62215', play_icon:'' }) ;\">[00:08:43]<\/a> &#8211; Hugo<\/p>\n\n\n\n<p>Alors, on vous disait que les festivals font vraiment partie de la culture fran\u00e7aise. Et nous, on s&#8217;est demand\u00e9 un peu pourquoi. On a fait quelques recherches. Alors, il faut savoir que, apr\u00e8s la Seconde Guerre mondiale, quand on a reconstruit le pays, il y avait une vraie volont\u00e9 politique de cr\u00e9er des sortes de p\u00f4les dans les r\u00e9gions, de d\u00e9velopper les r\u00e9gions au niveau \u00e9conomique et culturel. Donc, \u00e0 partir de ce moment l\u00e0, il y avait une politique assez active et les r\u00e9gions ont re\u00e7u des financements, des subventions pour pouvoir organiser leurs propres \u00e9v\u00e9nements, notamment les festivals. Les festivals, c&#8217;est une bonne mani\u00e8re pour les r\u00e9gions de se construire ou de renforcer leur image sur la sc\u00e8ne nationale.<\/p>\n\n\n\n<p><a id=\"sonaar_ts-6927c4fb6221b\" class=\"srmp3_sonaar_ts_shortcode\"  style=\"\" href=\"javascript:sonaar_ts_shortcode({ trackid:'0', time:'00:09:32', ts_id:'6927c4fb6221b', play_icon:'' }) ;\">[00:09:32]<\/a> &#8211; Hugo<\/p>\n\n\n\n<p>Et puis aussi, dans les ann\u00e9es 80 et 90, on a fait ce qu&#8217;on a appel\u00e9 la d\u00e9centralisation. Donc, c&#8217;est un peu le m\u00eame processus. Vous savez que la France est un pays tr\u00e8s centralis\u00e9. Tous les pouvoirs sont concentr\u00e9s \u00e0 Paris. Pouvoir \u00e9conomique, pouvoir politique et culturel. Mais dans les ann\u00e9es 80-90, on a essay\u00e9 d&#8217;att\u00e9nuer un petit peu \u00e7a avec une politique de d\u00e9centralisation, donc donner plus d&#8217;autonomie aux r\u00e9gions. Bon, bien s\u00fbr, toujours de mani\u00e8re assez encadr\u00e9e, une autonomie, on peut dire, relative. Et donc, l\u00e0 aussi, l&#8217;Etat a donn\u00e9 des financements \u00e0 ce qu&#8217;on appelle les collectivit\u00e9s locales pour qu&#8217;elles puissent organiser leurs propres \u00e9v\u00e9nements, notamment les festivals.<\/p>\n\n\n\n<p><a id=\"sonaar_ts-6927c4fb62220\" class=\"srmp3_sonaar_ts_shortcode\"  style=\"\" href=\"javascript:sonaar_ts_shortcode({ trackid:'0', time:'00:10:19', ts_id:'6927c4fb62220', play_icon:'' }) ;\">[00:10:19]<\/a> &#8211; Ingrid<\/p>\n\n\n\n<p>Et \u00e7a a tellement bien march\u00e9 que, aujourd&#8217;hui, il y a \u00e0 peu pr\u00e8s 7300 festivals en France. En tout cas, c&#8217;est ce que dit une \u00e9tude tr\u00e8s s\u00e9rieuse qui a \u00e9t\u00e9 r\u00e9alis\u00e9e en 2019. Les chercheurs ont pris des crit\u00e8res objectifs pour d\u00e9finir ce qu&#8217;est un festival, il me semble qu&#8217;il fallait que \u00e7a ait durer au moins sur deux jours, qu&#8217;il y ait au moins cinq \u00e9v\u00e9nements type concert ou autre \u00e0 l&#8217;int\u00e9rieur et je ne sais plus, peut-\u00eatre un autre crit\u00e8re&#8230; Qu&#8217;il y ait plus d&#8217;une \u00e9dition. Donc voil\u00e0, \u00e7a on n&#8217;a pas pr\u00e9cis\u00e9, mais un festival c&#8217;est quelque chose qui revient souvent, tous les ans ou deux fois par an ou tous les deux ans. Bon voil\u00e0, souvent c&#8217;est annuel et donc on en a d\u00e9compt\u00e9 7300. C&#8217;est quand m\u00eame, c&#8217;est quand m\u00eame beaucoup. Apr\u00e8s, il peut y en avoir m\u00eame plus si jamais on inclut d&#8217;autres crit\u00e8res pour des plus petits festivals, mais \u00e7a, on ne peut pas trop savoir parce qu&#8217;il y a eu le Covid entre temps. Et puis en m\u00eame temps, il y en a tous les ans des nouveaux, mais d&#8217;autres qui sont ferm\u00e9s. Mais bon, en g\u00e9n\u00e9ral, d\u00e9j\u00e0 plus de 7000, c&#8217;est beaucoup, on peut dire.<\/p>\n\n\n\n<p><a id=\"sonaar_ts-6927c4fb62226\" class=\"srmp3_sonaar_ts_shortcode\"  style=\"\" href=\"javascript:sonaar_ts_shortcode({ trackid:'0', time:'00:11:36', ts_id:'6927c4fb62226', play_icon:'' }) ;\">[00:11:36]<\/a> &#8211; Hugo<\/p>\n\n\n\n<p>\u00c7a fait beaucoup. Oui, effectivement. Apparemment \u00e7a a vraiment explos\u00e9 dans les ann\u00e9es 2010. La cr\u00e9ation de festivals, ce qui fait que la majorit\u00e9 des festivals qui \u00e9taient dans cette \u00e9tude, c&#8217;\u00e9tait plut\u00f4t des festivals cr\u00e9\u00e9s apr\u00e8s 2010, parce que c&#8217;est assez difficile de faire tenir, de faire durer un festival sur plusieurs ann\u00e9es. Donc voil\u00e0, les festivals dont je vous parlais avant, dans les ann\u00e9es 80-90, il y en a beaucoup qui ont disparu, qui ont \u00e9t\u00e9 remplac\u00e9s par d&#8217;autres plus tard, mais il y a des exceptions, des festivals qui existent depuis tr\u00e8s longtemps, notamment un des plus connus en France qui s&#8217;appelle La F\u00eate de l&#8217;Humanit\u00e9, ou plut\u00f4t la F\u00eate de l&#8217;Huma. L&#8217;Humanit\u00e9, c&#8217;est le nom d&#8217;un grand journal d&#8217;extr\u00eame gauche et ils organisent un festival depuis 1930. Donc voil\u00e0, il y a des concerts, mais aussi des beaucoup de d\u00e9bats. d\u00e9bat. C&#8217;est \u00e0 Paris, il me semble, le festival de l&#8217;Huma.<\/p>\n\n\n\n<p><a id=\"sonaar_ts-6927c4fb6222b\" class=\"srmp3_sonaar_ts_shortcode\"  style=\"\" href=\"javascript:sonaar_ts_shortcode({ trackid:'0', time:'00:12:38', ts_id:'6927c4fb6222b', play_icon:'' }) ;\">[00:12:38]<\/a> &#8211; Ingrid<\/p>\n\n\n\n<p>\u00c0 Paris. Et il y a un mini \u00e0 Toulouse.<\/p>\n\n\n\n<p><a id=\"sonaar_ts-6927c4fb62230\" class=\"srmp3_sonaar_ts_shortcode\"  style=\"\" href=\"javascript:sonaar_ts_shortcode({ trackid:'0', time:'00:12:41', ts_id:'6927c4fb62230', play_icon:'' }) ;\">[00:12:41]<\/a> &#8211; Hugo<\/p>\n\n\n\n<p>Ah ok, ils ont fait, ils ont d\u00e9localis\u00e9 juste pour toi.<\/p>\n\n\n\n<p><a id=\"sonaar_ts-6927c4fb62236\" class=\"srmp3_sonaar_ts_shortcode\"  style=\"\" href=\"javascript:sonaar_ts_shortcode({ trackid:'0', time:'00:12:44', ts_id:'6927c4fb62236', play_icon:'' }) ;\">[00:12:44]<\/a> &#8211; Ingrid<\/p>\n\n\n\n<p>Ouais, juste pour moi. Mais le vrai, l&#8217;original, oui, c&#8217;est \u00e0 Paris tous les ans depuis 1930, organis\u00e9 par ce journal qui avant \u00e9tait financ\u00e9 par le Parti communiste. Donc c&#8217;\u00e9tait \u00e0 l&#8217;origine un \u00e9v\u00e9nement plut\u00f4t communiste. Et maintenant, comme tu l&#8217;as dit, c&#8217;est d&#8217;extr\u00eame gauche ou de gauche radicale un peu plus g\u00e9n\u00e9ral, sans que ce soit directement affili\u00e9 \u00e0 un seul parti.<\/p>\n\n\n\n<p><a id=\"sonaar_ts-6927c4fb6223b\" class=\"srmp3_sonaar_ts_shortcode\"  style=\"\" href=\"javascript:sonaar_ts_shortcode({ trackid:'0', time:'00:13:14', ts_id:'6927c4fb6223b', play_icon:'' }) ;\">[00:13:14]<\/a> &#8211; Hugo<\/p>\n\n\n\n<p>Oui, c&#8217;est vraiment une institution. La F\u00eate de l&#8217;Huma, tout le monde en a d\u00e9j\u00e0 entendu parler. Et il y en a une autre, un autre festival qui est tr\u00e8s connu, les Solidays. Et lui, il existe depuis 1999. Il me semble que tu as une petite anecdote \u00e0 ce sujet.<\/p>\n\n\n\n<p><a id=\"sonaar_ts-6927c4fb6224a\" class=\"srmp3_sonaar_ts_shortcode\"  style=\"\" href=\"javascript:sonaar_ts_shortcode({ trackid:'0', time:'00:13:29', ts_id:'6927c4fb6224a', play_icon:'' }) ;\">[00:13:29]<\/a> &#8211; Ingrid<\/p>\n\n\n\n<p>Bah les Solidays, c&#8217;est le festival qui est organis\u00e9 par une association, Sidaction, contre le sida, donc de lutte contre le virus du sida. Et c&#8217;est un gros festival, on peut dire mainstream, &#8220;mainstream&#8221; comme on dit en fran\u00e7ais. C&#8217;est un mot qui est rentr\u00e9 dans dans le langage fran\u00e7ais, qui donc est accessible \u00e0 tout ce que tout le monde conna\u00eet. Et moi, comme je vous le disais en introduction, je ne suis pas une m\u00e9ga fan de musique ou une tr\u00e8s fine connaisseuse des festivals. Et justement, le tout premier o\u00f9 je suis all\u00e9e, c&#8217;\u00e9tait les Solidays, parce que j&#8217;\u00e9tais \u00e9tudiante \u00e0 Paris \u00e0 ce moment l\u00e0 et que c&#8217;\u00e9tait presque un passage oblig\u00e9. J&#8217;y suis all\u00e9e sans m\u00eame me renseigner, sans savoir quels artistes allaient \u00eatre l\u00e0 bas, sans savoir quel autre \u00e9v\u00e9nement \u00e0 part la musique. \u00c7a contenait et et voil\u00e0. Donc c&#8217;est pour bien montrer que souvent les festivals, \u00e7a peut \u00eatre juste un gros truc o\u00f9 tout le monde va et on y va comme les autres et on s&#8217;amuse sans pour autant le sacraliser.<\/p>\n\n\n\n<p><a id=\"sonaar_ts-6927c4fb62255\" class=\"srmp3_sonaar_ts_shortcode\"  style=\"\" href=\"javascript:sonaar_ts_shortcode({ trackid:'0', time:'00:14:42', ts_id:'6927c4fb62255', play_icon:'' }) ;\">[00:14:42]<\/a> &#8211; Hugo<\/p>\n\n\n\n<p>Ouais, nous dans la r\u00e9gion Centre, on a un grand festival qui est connu dans toute la France. C&#8217;est le Printemps de Bourges qui est organis\u00e9 dans la ville de Bourges. Moi c&#8217;\u00e9tait \u00e7a mon premier festival quand j&#8217;avais 19 ans je crois. Et il est un peu sp\u00e9cial parce que c&#8217;est celui qui lance la saison des festivals, on peut dire, parce qu&#8217;il commence \u00e0 la fin du mois d&#8217;avril je crois. Et voil\u00e0, c&#8217;est plut\u00f4t un festival de musique avec plein de concerts dans toute la ville et j&#8217;en garde de tr\u00e8s bons souvenirs. Donc c&#8217;est vrai que c&#8217;est quasiment, comme tu le disais, un rite de passage maintenant pour les jeunes. Bon, pas pour tous, on va le voir un peu plus tard, mais voil\u00e0, quand on est au lyc\u00e9e ou un peu plus tard, souvent on a des amis qui nous invitent \u00e0 aller \u00e0 un festival et ce qui est bien, c&#8217;est qu&#8217;on n&#8217;est pas oblig\u00e9 d&#8217;aller syst\u00e9matiquement \u00e0 Paris vu que dans beaucoup de r\u00e9gions maintenant, il y a de grands festivals avec des supers concerts.<\/p>\n\n\n\n<p><a id=\"sonaar_ts-6927c4fb6225d\" class=\"srmp3_sonaar_ts_shortcode\"  style=\"\" href=\"javascript:sonaar_ts_shortcode({ trackid:'0', time:'00:15:43', ts_id:'6927c4fb6225d', play_icon:'' }) ;\">[00:15:43]<\/a> &#8211; Ingrid<\/p>\n\n\n\n<p>Oui c&#8217;est vrai, tu disais pas tous les jeunes. Et effectivement, il ne faut pas non plus qu&#8217;on donne une image fausse de la r\u00e9alit\u00e9. Certes, c&#8217;est quelque chose qui est tr\u00e8s r\u00e9pandu et o\u00f9 de nombreux fran\u00e7ais sont d\u00e9j\u00e0 all\u00e9s, mais d\u00e9j\u00e0 \u00e7a reste quelque chose de nouveau, donc forc\u00e9ment les retrait\u00e9s sont sous repr\u00e9sent\u00e9s, on en voit parfois, il y a des personnes \u00e2g\u00e9es, mais comme c&#8217;est quelque chose qu&#8217;ils et elles n&#8217;ont pas forc\u00e9ment connu dans leur jeunesse, leur vie active, ils ont moins le r\u00e9flexe d&#8217;aller \u00e0 ce genre d&#8217;\u00e9v\u00e9nement. Ensuite, c&#8217;est un \u00e9v\u00e9nement qui est quand m\u00eame plut\u00f4t connu et facilit\u00e9 pour les personnes qui ont un capital \u00e9conomique et social. Donc ce qu&#8217;on appelle les cat\u00e9gories socio-professionnelles sup\u00e9rieures, plut\u00f4t les cadres, les citadins, les personnes qui ont du temps et de l&#8217;argent \u00e0 d\u00e9penser et encore une fois qui osent, qui sont au courant m\u00eame de ce genre d&#8217;\u00e9v\u00e9nement. C&#8217;est les m\u00eames personnes que ceux qui vont au mus\u00e9e, qui partent en vacances, des choses comme \u00e7a. Et pour les jeunes plus sp\u00e9cifiquement, tu avais vu quelque chose par rapport aux diff\u00e9rentes cat\u00e9gories ?<\/p>\n\n\n\n<p><a id=\"sonaar_ts-6927c4fb62263\" class=\"srmp3_sonaar_ts_shortcode\"  style=\"\" href=\"javascript:sonaar_ts_shortcode({ trackid:'0', time:'00:17:06', ts_id:'6927c4fb62263', play_icon:'' }) ;\">[00:17:06]<\/a> &#8211; Hugo<\/p>\n\n\n\n<p>Oui, j&#8217;avais lu un article sur&#8230; Qui interviewait des jeunes de banlieue, et beaucoup d&#8217;entre eux disaient que dans les festivals, ils se sentaient pas \u00e0 leur place, que pour eux c&#8217;\u00e9tait, je cite &#8220;un truc de blancs&#8221;. Donc ils se sentaient pas l\u00e9gitime \u00e0 aller \u00e0 des festivals, m\u00eame si dans les programmations des festivals de musique, il y a de plus en plus de rappeurs, donc en grande partie sans tomber dans les clich\u00e9s, mais voil\u00e0, une musique qui est tr\u00e8s populaire dans les banlieues. Mais voil\u00e0, les jeunes n&#8217;ont pas ce r\u00e9flexe, ils n&#8217;ont pas cette&#8230; Ils n&#8217;ont pas re\u00e7u cette pratique culturelle d&#8217;aller dans les festivals. Donc voil\u00e0, c&#8217;est pas quelque chose qu&#8217;ils font. D&#8217;autant plus que les billets pour ce qu&#8217;on appelle aussi les pass, un pass journ\u00e9e pour assister \u00e0 une journ\u00e9e de festival, c&#8217;est de plus en plus cher, c&#8217;est pas accessible \u00e0 tout le monde. J&#8217;ai lu que les prix ont augment\u00e9 de 60 % en dix ans et maintenant. Bon, je sais pas toi combien tu as pay\u00e9 pour tes pass sur les festivals auxquels tu as assist\u00e9 r\u00e9cemment, mais en moyenne c&#8217;est entre 70 et 100 \u20ac le pass journ\u00e9e, ce qui reste moins cher que dans les autres pays \u00e0 l&#8217;\u00e9tranger, souvent c&#8217;est beaucoup plus cher. En France, il y a quand m\u00eame une volont\u00e9 de maintenir les tarifs \u00e0 des niveaux assez accessibles.<\/p>\n\n\n\n<p><a id=\"sonaar_ts-6927c4fb6227c\" class=\"srmp3_sonaar_ts_shortcode\"  style=\"\" href=\"javascript:sonaar_ts_shortcode({ trackid:'0', time:'00:18:27', ts_id:'6927c4fb6227c', play_icon:'' }) ;\">[00:18:27]<\/a> &#8211; Ingrid<\/p>\n\n\n\n<p>Oui. Oui oui non mais c&#8217;est vrai que \u00e7a d\u00e9pend du point de vue, mais en tout cas \u00e7a reste cher pour une personne qui a pas forc\u00e9ment un gros budget pour la culture et le divertissement tous les mois. Moi c&#8217;est vrai que par exemple, bon, cette ann\u00e9e je suis all\u00e9 \u00e0 un \u00e0 Toulouse qui est un petit festival local vraiment pas cher, c&#8217;est 10 \u20ac la journ\u00e9e, 10 ou 15 suivant quand on prend le billet. Mais par contre ma s\u0153ur m&#8217;a propos\u00e9 donc Muzillac \u00e0 Aix les Bains et j&#8217;avais pas regard\u00e9 le prix avant d&#8217;accepter. C&#8217;est elle qui a pay\u00e9 mais on a du la rembourser avec mon autre s\u0153ur. Et c&#8217;est vrai qu&#8217;avec mon autre s\u0153ur on s&#8217;est dit &#8220;hey mais t&#8217;as vu le prix, c&#8217;est cher quand m\u00eame, elle pourrait nous inviter&#8221;. Bon on peut se le payer mais c&#8217;est vrai que on se disait &#8220;ah oui quand m\u00eame, c&#8217;est pas un petit une petite d\u00e9pense comme \u00e7a \u00e0 laquelle il ne faut pas r\u00e9fl\u00e9chir&#8221;. Donc je comprends que quelqu&#8217;un qui vient d&#8217;un milieu plus populaire et qui a plein d&#8217;autres d\u00e9penses, c&#8217;est pas \u00e7a la priorit\u00e9, quoi.<\/p>\n\n\n\n<p><a id=\"sonaar_ts-6927c4fb62282\" class=\"srmp3_sonaar_ts_shortcode\"  style=\"\" href=\"javascript:sonaar_ts_shortcode({ trackid:'0', time:'00:19:34', ts_id:'6927c4fb62282', play_icon:'' }) ;\">[00:19:34]<\/a> &#8211; Hugo<\/p>\n\n\n\n<p>Oui, d&#8217;autant plus que si c&#8217;est un festival qui est pas juste \u00e0 c\u00f4t\u00e9 de chez nous, il faut payer le transport, le billet de train ou l&#8217;essence pour aller l\u00e0-bas, ensuite le logement pour dormir sur place ou m\u00eame si on dort au camping. Donc voil\u00e0, \u00e7a fait un budget quand m\u00eame qui n&#8217;est pas accessible \u00e0 tous.<\/p>\n\n\n\n<p><a id=\"sonaar_ts-6927c4fb62288\" class=\"srmp3_sonaar_ts_shortcode\"  style=\"\" href=\"javascript:sonaar_ts_shortcode({ trackid:'0', time:'00:19:58', ts_id:'6927c4fb62288', play_icon:'' }) ;\">[00:19:58]<\/a> &#8211; Ingrid<\/p>\n\n\n\n<p>Bon, on a balay\u00e9 du coup le c\u00f4t\u00e9 vraiment d\u00e9finition et \u00e9conomie globale, on va dire. Mais maintenant, pour vous donner plus des conseils et puis peut \u00eatre pour vous donner envie d&#8217;aller dans les festivals fran\u00e7ais, on va donner plus de d\u00e9tails sur ce \u00e0 quoi \u00e7a peut ressembler en termes de programmation.<\/p>\n\n\n\n<p><a id=\"sonaar_ts-6927c4fb62291\" class=\"srmp3_sonaar_ts_shortcode\"  style=\"\" href=\"javascript:sonaar_ts_shortcode({ trackid:'0', time:'00:20:19', ts_id:'6927c4fb62291', play_icon:'' }) ;\">[00:20:19]<\/a> &#8211; Hugo<\/p>\n\n\n\n<p>Alors qu&#8217;est ce qu&#8217;on trouve comme festival en France ? On l&#8217;a d\u00e9j\u00e0 dit, une grande partie des festivals sont plut\u00f4t des festivals de musique, sans surprise. On estime qu&#8217;environ quatre festivals sur dix en France sont des festivals de musique. Ce qui est int\u00e9ressant, c&#8217;est qu&#8217;on en trouve \u00e0 toutes les \u00e9chelles, donc des tout petits festivals dans un village avec des artistes pas tr\u00e8s connus ou au contraire des mastodontes, des festivals \u00e9normes qui sont connus dans toute la France et m\u00eame \u00e0 l&#8217;\u00e9tranger, comme les Vieilles Charrues qui est un des festivals les plus connus qui a lieu en Bretagne ou le Hellfest. Au Hellfest comme on dit en France o\u00f9 l\u00e0 c&#8217;est principalement des artistes de metal, heavy metal, etc. Tous les styles sont repr\u00e9sent\u00e9s, peu importe ce que vous aimez \u00e9couter comme type de musique, vous \u00eates s\u00fbr de pouvoir trouver un festival qui correspond \u00e0 vos go\u00fbts. En g\u00e9n\u00e9ral, les gros festivals varient justement les styles, les genres pour attirer un public le plus large possible. Mais les festivals auxquels tu as assist\u00e9, c&#8217;\u00e9tait quoi comme type d&#8217;artistes ?<\/p>\n\n\n\n<p><a id=\"sonaar_ts-6927c4fb62297\" class=\"srmp3_sonaar_ts_shortcode\"  style=\"\" href=\"javascript:sonaar_ts_shortcode({ trackid:'0', time:'00:21:32', ts_id:'6927c4fb62297', play_icon:'' }) ;\">[00:21:32]<\/a> &#8211; Ingrid<\/p>\n\n\n\n<p>Et bah \u00e0 Toulouse donc le Rio Loco qui a lieu tous les ans et c&#8217;est un festival assez ancien, d&#8217;ailleurs j&#8217;ai vu, il est vraiment top top top. Je le conseille. C&#8217;est que des artistes internationaux avec des musiques qui sont un peu des fusions de plusieurs styles. \u00c0 chaque fois que j&#8217;y suis all\u00e9, je ne connaissais aucun artiste. Apr\u00e8s, j&#8217;ai des amis qui sont tr\u00e8s fans de musique, qui connaissent un peu mieux, mais voil\u00e0, c&#8217;est vraiment purement pour moi des d\u00e9couvertes avec des m\u00e9langes entre je ne sais pas, cumbia et \u00e9lectro, jazz et reggaeton, enfin des trucs un peu&#8230; J&#8217;invente l\u00e0, mais voil\u00e0, c&#8217;est souvent des m\u00e9langes assez sympa et au contraire \u00e0 Muzillac, c&#8217;\u00e9tait des gros gros gros artistes fran\u00e7ais tr\u00e8s connus donc par exemple Julien Dor\u00e9, Ad\u00e8le Castillon, DJ Snake. Et il y avait aussi, et \u00e7a j&#8217;ai ador\u00e9 le show, c&#8217;\u00e9tait Philippe Katerine. Vous l&#8217;avez peut-\u00eatre vu au moment des Jeux Olympiques, puisqu&#8217;il a fait une performance au moment de la c\u00e9r\u00e9monie d&#8217;ouverture. Et c&#8217;est un chanteur, mais qui, plus qu&#8217;un chanteur, est plut\u00f4t un artiste qui fait des performances un peu rigolotes de&#8230; En fait, il critique la soci\u00e9t\u00e9, mais en se rendant lui m\u00eame ridicule, avec des textes qui sont ben ouais, qui sont dr\u00f4les, mais il est assez difficile \u00e0 cerner&#8230;<\/p>\n\n\n\n<p><a id=\"sonaar_ts-6927c4fb6229d\" class=\"srmp3_sonaar_ts_shortcode\"  style=\"\" href=\"javascript:sonaar_ts_shortcode({ trackid:'0', time:'00:23:03', ts_id:'6927c4fb6229d', play_icon:'' }) ;\">[00:23:03]<\/a> &#8211; Hugo<\/p>\n\n\n\n<p>Subversif.<\/p>\n\n\n\n<p><a id=\"sonaar_ts-6927c4fb622a2\" class=\"srmp3_sonaar_ts_shortcode\"  style=\"\" href=\"javascript:sonaar_ts_shortcode({ trackid:'0', time:'00:23:04', ts_id:'6927c4fb622a2', play_icon:'' }) ;\">[00:23:04]<\/a> &#8211; Ingrid<\/p>\n\n\n\n<p>Ouais, c&#8217;est \u00e7a, Il y en a qui le d\u00e9testent, qui se disent mais c&#8217;est qui ce mec ? C&#8217;est vraiment n&#8217;importe quoi, il est ridicule, mais quand on comprend sa d\u00e9marche. Moi je le trouve vraiment g\u00e9nial. J&#8217;ai pass\u00e9 un moment incroyable et typiquement, je ne serai pas all\u00e9e \u00e0 un concert de Philippe Katerine si \u00e7a n&#8217;avait pas \u00e9t\u00e9 dans un festival. Et l\u00e0, avec une de mes s\u0153urs, puisque l&#8217;autre est partie. Mais on est deux \u00e0 \u00eatre rest\u00e9es et \u00e0 vraiment avoir ador\u00e9. On a rigol\u00e9 ensemble et apr\u00e8s on en reparlait pendant les jours qui ont suivi.<\/p>\n\n\n\n<p><a id=\"sonaar_ts-6927c4fb622a6\" class=\"srmp3_sonaar_ts_shortcode\"  style=\"\" href=\"javascript:sonaar_ts_shortcode({ trackid:'0', time:'00:23:39', ts_id:'6927c4fb622a6', play_icon:'' }) ;\">[00:23:39]<\/a> &#8211; Hugo<\/p>\n\n\n\n<p>Oui, c&#8217;est un des bons c\u00f4t\u00e9s des festivals, on peut souvent y faire des d\u00e9couvertes. C&#8217;est pas comme un concert o\u00f9 on ne va pas \u00e0 un concert par hasard. En g\u00e9n\u00e9ral, c&#8217;est parce qu&#8217;on veut vraiment voir cet artiste. L\u00e0, un festival, on y va souvent pour la t\u00eate d&#8217;affiche. La t\u00eate d&#8217;affiche, c&#8217;est l&#8217;artiste le plus connu, l&#8217;artiste qui a la plus grande notori\u00e9t\u00e9, qui est donc en haut de l&#8217;affiche, la t\u00eate d&#8217;affiche. Mais les programmateurs des festivals essayent souvent aussi de d\u00e9nicher de nouveaux talents. &#8220;D\u00e9nicher&#8221;. Donc, trouvez quelque chose qui \u00e9tait cach\u00e9. D\u00e9nicher de nouveaux talents pour les faire conna\u00eetre au grand public. Bon, m\u00eame si Philippe Katerine c&#8217;est d\u00e9j\u00e0 quelqu&#8217;un de tr\u00e8s connu, mais comme tu dis, tu serais peut \u00eatre pas all\u00e9 \u00e0 un concert avec Philippe Katerine. Et l\u00e0 dans le cadre d&#8217;un festival, tu as pu en profiter.<\/p>\n\n\n\n<p><a id=\"sonaar_ts-6927c4fb622b0\" class=\"srmp3_sonaar_ts_shortcode\"  style=\"\" href=\"javascript:sonaar_ts_shortcode({ trackid:'0', time:'00:24:28', ts_id:'6927c4fb622b0', play_icon:'' }) ;\">[00:24:28]<\/a> &#8211; Ingrid<\/p>\n\n\n\n<p>Oui c&#8217;est vrai. Et du coup parfois on peut aller dans des festivals tr\u00e8s sp\u00e9cialis\u00e9s parce qu&#8217;on adore un type de musique. Je pense aux personnes qui vont au Hellfest. Pas du tout mon truc, mais j&#8217;imagine que quand ils y vont, ils d\u00e9couvrent des nouveaux artistes. Et au contraire, quand on est comme moi, qu&#8217;on n&#8217;a pas trop un style de musique dont on est fan, on aime bien aller dans des trucs plus plus g\u00e9n\u00e9ralistes.<\/p>\n\n\n\n<p><a id=\"sonaar_ts-6927c4fb622b5\" class=\"srmp3_sonaar_ts_shortcode\"  style=\"\" href=\"javascript:sonaar_ts_shortcode({ trackid:'0', time:'00:24:54', ts_id:'6927c4fb622b5', play_icon:'' }) ;\">[00:24:54]<\/a> &#8211; Hugo<\/p>\n\n\n\n<p>Ouais, moi j&#8217;avais fait un festival, il y a un grand festival de musique \u00e9lectronique en France qui est \u00e0 Lyon, \u00e7a s&#8217;appelle Les Nuits Sonores et je le recommande. C&#8217;est toujours tr\u00e8s bien organis\u00e9, il y a une super programmation. Bon, je dis \u00e7a, je sais pas si \u00e7a existe encore, parce que quand j&#8217;y suis all\u00e9 il y a une dizaine d&#8217;ann\u00e9es, il faudrait v\u00e9rifier. Et il y en a un autre. Celui l\u00e0, je suis s\u00fbr qu&#8217;il existe encore, qui est un peu plus g\u00e9n\u00e9raliste, qui s&#8217;appelle &#8220;We Love Green&#8221; et qui a lieu \u00e0 Paris. Et lui, c&#8217;est int\u00e9ressant parce qu&#8217;il a aussi une dimension un peu \u00e9cologique, environnement, sensibilisation \u00e0 toutes ces questions l\u00e0, donc ils essayent de r\u00e9duire leur impact environnemental au maximum en organisant ces \u00e9v\u00e8nements. Ils ont toujours une tr\u00e8s bonne programmation aussi.<\/p>\n\n\n\n<p><a id=\"sonaar_ts-6927c4fb622b9\" class=\"srmp3_sonaar_ts_shortcode\"  style=\"\" href=\"javascript:sonaar_ts_shortcode({ trackid:'0', time:'00:25:36', ts_id:'6927c4fb622b9', play_icon:'' }) ;\">[00:25:36]<\/a> &#8211; Ingrid<\/p>\n\n\n\n<p>Tr\u00e8s bien. Alors apr\u00e8s, \u00e0 part la musique, on vous l&#8217;a dit, m\u00eame si les festivals de musique repr\u00e9sentent environ quatre festivals organis\u00e9s sur dix, on a quand m\u00eame six sur dix qui sont autre chose. Alors on peut avoir beaucoup de disciplines repr\u00e9sent\u00e9es, par exemple le th\u00e9\u00e2tre, le cin\u00e9ma, les arts visuels comme la danse, la BD. Il peut y avoir vraiment beaucoup de choses et on va vous citer quelques festivals tr\u00e8s connus. Il y a par exemple le festival d&#8217;Avignon qui est LE festival du th\u00e9\u00e2tre en France. Alors personnellement, j&#8217;y suis jamais all\u00e9, mais j&#8217;aimerais bien un jour. Mais quand je pense \u00e0 ce festival, je me rappelle de l&#8217;\u00e9t\u00e9 o\u00f9 j&#8217;ai travaill\u00e9 au Dauphin\u00e9 Lib\u00e9r\u00e9, qui est un journal de presse quotidienne r\u00e9gionale et qui notamment a une \u00e9dition Vaucluse qui est donc le d\u00e9partement dans lequel se trouve Avignon. Et je me souviens que tout l&#8217;\u00e9t\u00e9, ou en tous cas la dur\u00e9e du festival, c&#8217;\u00e9tait vraiment un \u00e9v\u00e9nement important. Il fallait absolument qu&#8217;il y ait dans le journal les petites informations sur le festival d&#8217;Avignon, les grosses pi\u00e8ces qui \u00e9taient jou\u00e9es, les les critiques qui avaient \u00e9t\u00e9 faites, etc. Et c&#8217;est vrai que les gros festivals comme \u00e7a, ils font vivre des villes et ils font la fiert\u00e9 des habitants. Et les journalistes locaux les connaissent tr\u00e8s tr\u00e8s bien.<\/p>\n\n\n\n<p><a id=\"sonaar_ts-6927c4fb622be\" class=\"srmp3_sonaar_ts_shortcode\"  style=\"\" href=\"javascript:sonaar_ts_shortcode({ trackid:'0', time:'00:27:13', ts_id:'6927c4fb622be', play_icon:'' }) ;\">[00:27:13]<\/a> &#8211; Hugo<\/p>\n\n\n\n<p>C&#8217;est vrai, parce qu&#8217;ils attirent des festivaliers de la France enti\u00e8re, donc \u00e7a permet vraiment de renforcer l&#8217;image de la ville. Pour le cin\u00e9ma, bon, il y a bien s\u00fbr Cannes que vous connaissez toutes et tous, mais aussi le festival d&#8217;Annecy qui lui est d\u00e9di\u00e9 \u00e0 l&#8217;animation. C&#8217;est aussi un des plus grands festivals d&#8217;animation, il me semble, du monde. Un peu moins connu, le festival de Deauville, qui lui est d\u00e9di\u00e9 au cin\u00e9ma am\u00e9ricain et le festival de Clermont-Ferrand pour les courts m\u00e9trages. Donc \u00e7a veut dire pour les films courts.<\/p>\n\n\n\n<p><a id=\"sonaar_ts-6927c4fb622c7\" class=\"srmp3_sonaar_ts_shortcode\"  style=\"\" href=\"javascript:sonaar_ts_shortcode({ trackid:'0', time:'00:27:49', ts_id:'6927c4fb622c7', play_icon:'' }) ;\">[00:27:49]<\/a> &#8211; Ingrid<\/p>\n\n\n\n<p>Deauville dont je vous ai parl\u00e9 dans le dernier \u00e9pisode en Normandie. Donc si jamais vous voulez et suivre les recommandations du dernier \u00e9pisode et aller voir un festival, \u00e7a peut \u00eatre une bonne id\u00e9e.<\/p>\n\n\n\n<p><a id=\"sonaar_ts-6927c4fb622cc\" class=\"srmp3_sonaar_ts_shortcode\"  style=\"\" href=\"javascript:sonaar_ts_shortcode({ trackid:'0', time:'00:28:03', ts_id:'6927c4fb622cc', play_icon:'' }) ;\">[00:28:03]<\/a> &#8211; Hugo<\/p>\n\n\n\n<p>Ensuite, il y a aussi des festivals, comme tu le disais, pour les arts visuels notamment, pas loin de chez moi \u00e0 Marseille, le festival de la photographie qui a lieu dans la ville d&#8217;Arles, Arles, Arles et qui est tr\u00e8s connu, le festival d&#8217;Angoul\u00eame pour la bande dessin\u00e9e. L\u00e0 aussi, un festival avec une grosse notori\u00e9t\u00e9. Ou encore pour la danse, le festival de Montpellier, Montpellier danse, tout simplement.<\/p>\n\n\n\n<p><a id=\"sonaar_ts-6927c4fb622d1\" class=\"srmp3_sonaar_ts_shortcode\"  style=\"\" href=\"javascript:sonaar_ts_shortcode({ trackid:'0', time:'00:28:32', ts_id:'6927c4fb622d1', play_icon:'' }) ;\">[00:28:32]<\/a> &#8211; Ingrid<\/p>\n\n\n\n<p>Oui, il y en a beaucoup comme \u00e7a. Et c&#8217;est vrai que, en creusant le sujet, on s&#8217;est rendu compte qu&#8217;il y en a certains qu&#8217;on oublie. Et par exemple, moi je suis d\u00e9j\u00e0 all\u00e9 \u00e0 la f\u00eate des Lumi\u00e8res \u00e0 Lyon et c&#8217;est un \u00e9v\u00e9nement qui se passe tous les ans en d\u00e9cembre. C&#8217;est hyper important pour les Lyonnais. Et en fait, dans toute la ville, il y a des installations son et lumi\u00e8re, donc c&#8217;est vraiment des installations techniques faites par des artistes ing\u00e9nieurs et on va voir par exemple des lumi\u00e8res qui font des formes sur les murs avec de la musique. Mais c&#8217;est des projections sur les fa\u00e7ades des cath\u00e9drales, sur les bords du Rh\u00f4ne. C&#8217;est hyper impressionnant. Il y a toujours beaucoup de monde et c&#8217;est tr\u00e8s tr\u00e8s sympa. Et donc \u00e7a montre bien que un festival, \u00e7a peut \u00eatre tr\u00e8s divers.<\/p>\n\n\n\n<p><a id=\"sonaar_ts-6927c4fb622d6\" class=\"srmp3_sonaar_ts_shortcode\"  style=\"\" href=\"javascript:sonaar_ts_shortcode({ trackid:'0', time:'00:29:32', ts_id:'6927c4fb622d6', play_icon:'' }) ;\">[00:29:32]<\/a> &#8211; Hugo<\/p>\n\n\n\n<p>C&#8217;est vrai. Donc on a la chance en France d&#8217;avoir cette diversit\u00e9 de festival, que ce soit diversit\u00e9 au niveau des th\u00e9matiques, des formats, des programmations. Mais apparemment, c&#8217;est de plus en plus difficile pour ces festivals de survivre parce que c&#8217;est difficile de les financer. Ils se financent principalement gr\u00e2ce \u00e0 la billetterie, la vente des billets aussi gr\u00e2ce \u00e0 ce que les gens ach\u00e8tent sur place ce qu&#8217;ils consomment, les boissons, la nourriture, etc. Et en partie avec les subventions publiques dont on vous parlait, les r\u00e9gions qui donnent de l&#8217;argent pour financer ces festivals et aussi forc\u00e9ment les sponsors.<\/p>\n\n\n\n<p><a id=\"sonaar_ts-6927c4fb622df\" class=\"srmp3_sonaar_ts_shortcode\"  style=\"\" href=\"javascript:sonaar_ts_shortcode({ trackid:'0', time:'00:30:14', ts_id:'6927c4fb622df', play_icon:'' }) ;\">[00:30:14]<\/a> &#8211; Hugo<\/p>\n\n\n\n<p>Donc moi pour la petite histoire, j&#8217;ai fait mon apprentissage quand j&#8217;\u00e9tais en \u00e9cole de commerce dans une grande entreprise de t\u00e9l\u00e9communications qui \u00e9tait partenaire de tous les grands festivals en France, les grands festivals de musique. Bon, je ne vais pas citer la marque, mais je regrette un peu parce que gr\u00e2ce \u00e0 \u00e7a, on avait des billets gratuits, donc en th\u00e9orie, j&#8217;aurais pu assister \u00e0 tous les festivals gratuitement cet \u00e9t\u00e9 l\u00e0, mais je ne sais pas pourquoi, je n&#8217;avais pas envie de partir de Paris, donc j&#8217;en ai fait seulement un. Un festival qui s&#8217;appelle Rock en Seine qui est juste aux portes de Paris. L\u00e0 aussi, c&#8217;est un festival assez gros, assez connu. Il n&#8217;y a pas seulement du rock, contrairement \u00e0 ce que le nom peut laisser penser. Mais bon, il y avait une super ambiance, c&#8217;est un super festival. Pourquoi on parlait de \u00e7a ? Oui, pour parler de l&#8217;\u00e9quilibre financier qui est difficile \u00e0 trouver. Notamment, on a l&#8217;exemple d&#8217;un autre tr\u00e8s grand festival, peut \u00eatre le plus grand en France, les Vieilles Charrues en Bretagne, qu&#8217;on a d\u00e9j\u00e0 mentionn\u00e9. Apparemment l&#8217;ann\u00e9e derni\u00e8re, ils ont fait un d\u00e9ficit d&#8217;1 million d&#8217;euros, donc ils ont perdu 1 million d&#8217;euros en organisant ce festival, m\u00eame s&#8217;ils ont eu un tr\u00e8s bon taux de remplissage, \u00e7a veut dire qu&#8217;ils ont vendu quasiment la totalit\u00e9 des billets. Malgr\u00e9 \u00e7a, ils ont r\u00e9alis\u00e9 un d\u00e9ficit d&#8217;un million d&#8217;euros. Ils ont perdu de l&#8217;argent.<\/p>\n\n\n\n<p><a id=\"sonaar_ts-6927c4fb622e4\" class=\"srmp3_sonaar_ts_shortcode\"  style=\"\" href=\"javascript:sonaar_ts_shortcode({ trackid:'0', time:'00:31:35', ts_id:'6927c4fb622e4', play_icon:'' }) ;\">[00:31:35]<\/a> &#8211; Ingrid<\/p>\n\n\n\n<p>Oui, et \u00e7a, c&#8217;est parce que \u00e7a co\u00fbte cher d&#8217;organiser un festival. Et effectivement, m\u00eame si les billets sont de plus en plus chers, en fait \u00e7a ne couvre pas les frais malgr\u00e9 les subventions, etc. Il faut quand m\u00eame r\u00e9mun\u00e9rer les artistes, donc qui ont des cachets. &#8220;Les cachets&#8221;, c&#8217;est comme \u00e7a qu&#8217;on appelle la paye des artistes. C&#8217;est de plus en plus \u00e9lev\u00e9. Les festivals ont souvent des grosses t\u00eates d&#8217;affiche qui peuvent \u00eatre connus internationalement, qui ont toute une \u00e9quipe qui se d\u00e9place avec elle et eux, qui parfois ont leur propre ing\u00e9nieur du son, etc. Et donc \u00e7a co\u00fbte cher de les faire venir. Et puis je pense que le public est de plus en plus exigeant. Donc s&#8217;il n&#8217;y a pas ces grosses t\u00eates d&#8217;affiche, et bah il va y avoir moins de monde qui va vouloir venir et finalement \u00e7a co\u00fbte cher. Surtout que aujourd&#8217;hui, l&#8217;\u00e9conomie des musiciens fonctionne beaucoup gr\u00e2ce aux festivals et aux concerts, vu qu&#8217;on ne vend plus d&#8217;albums, les CD \u00e0 l&#8217;ancienne \u00e7a n&#8217;existe plus et les plateformes de streaming c&#8217;est pas tr\u00e8s r\u00e9mun\u00e9rateur. Donc voil\u00e0, il faudrait finalement peut \u00eatre que les billets co\u00fbtent plus cher pour que les festivals puissent continuer \u00e0 fonctionner.<\/p>\n\n\n\n<p><a id=\"sonaar_ts-6927c4fb622e9\" class=\"srmp3_sonaar_ts_shortcode\"  style=\"\" href=\"javascript:sonaar_ts_shortcode({ trackid:'0', time:'00:32:56', ts_id:'6927c4fb622e9', play_icon:'' }) ;\">[00:32:56]<\/a> &#8211; Hugo<\/p>\n\n\n\n<p>Oui, et en plus des cachets des artistes qui ont explos\u00e9, il y a aussi le co\u00fbt des assurances. Parce qu&#8217;\u00e0 cause du r\u00e9chauffement climatique, il y a de plus en plus d&#8217;al\u00e9as climatiques et il faut s&#8217;assurer contre \u00e7a si jamais le festival doit \u00eatre annul\u00e9 \u00e0 cause d&#8217;un \u00e9v\u00e9nement climatique. Donc, voil\u00e0, tout \u00e7a, \u00e7a co\u00fbte de plus en plus cher. Et \u00e0 c\u00f4t\u00e9 de cette question des co\u00fbts, il y a aussi la question de la concurrence. C&#8217;est de plus en plus concurrentiel, le secteur des festivals, notamment au niveau europ\u00e9en, vu que bon, en Europe, on se d\u00e9place assez facilement d&#8217;un pays \u00e0 l&#8217;autre. Quand il y a un artiste qu&#8217;on veut vraiment aller voir. Et les festivals en France, ils ont un peu ce d\u00e9savantage de ne pas pouvoir \u00eatre sponsoris\u00e9 par une marque d&#8217;alcool ou de tabac, qui sont souvent dans les autres pays, les principaux sponsors de ces grands \u00e9v\u00e9nements. Donc en France, les festivals doivent trouver d&#8217;autres moyens de se financer et de payer ces t\u00eates d&#8217;affiche. Donc voil\u00e0, tout \u00e7a c&#8217;est assez assez compliqu\u00e9.<\/p>\n\n\n\n<p><a id=\"sonaar_ts-6927c4fb622f2\" class=\"srmp3_sonaar_ts_shortcode\"  style=\"\" href=\"javascript:sonaar_ts_shortcode({ trackid:'0', time:'00:34:04', ts_id:'6927c4fb622f2', play_icon:'' }) ;\">[00:34:04]<\/a> &#8211; Ingrid<\/p>\n\n\n\n<p>Effectivement, donc \u00e7a peut \u00eatre quand m\u00eame compliqu\u00e9 d&#8217;organiser un festival en France. Et c&#8217;est vrai que c&#8217;est dommage parce que les festivals c&#8217;est vraiment sympa. Au del\u00e0 de tout ce qu&#8217;on a dit de la musique, les repr\u00e9sentations, etc. C&#8217;est vraiment un lieu collectif de rencontres, de d\u00e9tente o\u00f9 il y a souvent beaucoup plus que des spectacles. Mais il y a aussi de quoi manger, boire, se faire des petits tatouages, du maquillage, il y a des librairies, etc etc. Donc c&#8217;est s\u00fbrement tr\u00e8s compliqu\u00e9 \u00e0 organiser mais tr\u00e8s sympa, surtout aujourd&#8217;hui dans un monde o\u00f9 parfois on est tr\u00e8s isol\u00e9s, o\u00f9 il y a beaucoup de personnes qui souffrent de d\u00e9pression, qui ont moins de lieux o\u00f9 se rencontrer, de lieux de communaut\u00e9. Donc je pense que, au-del\u00e0 de l&#8217;aspect \u00e9conomique, c&#8217;est important de trouver un moyen de maintenir ces moments et peut \u00eatre m\u00eame de les rendre plus accessibles \u00e0 tous et \u00e0 toutes.<\/p>\n\n\n\n<p><a id=\"sonaar_ts-6927c4fb622f7\" class=\"srmp3_sonaar_ts_shortcode\"  style=\"\" href=\"javascript:sonaar_ts_shortcode({ trackid:'0', time:'00:35:12', ts_id:'6927c4fb622f7', play_icon:'' }) ;\">[00:35:12]<\/a> &#8211; Hugo<\/p>\n\n\n\n<p>Voil\u00e0, Super ! Je trouve que c&#8217;est une conclusion g\u00e9niale, tr\u00e8s optimiste. On esp\u00e8re que \u00e7a va vous donner envie \u00e9ventuellement d&#8217;assister \u00e0 un festival en France. Si jamais vous l&#8217;avez d\u00e9j\u00e0 fait et que vous avez des recommandations, partagez-les dans les commentaires de l&#8217;\u00e9pisode, \u00e7a pourra inspirer certains d&#8217;entre vous. Merci \u00e0 toutes et \u00e0 tous, On vous souhaite une belle fin d&#8217;\u00e9t\u00e9 et on se retrouve tr\u00e8s bient\u00f4t.<\/p>\n\n\n\n<p><a id=\"sonaar_ts-6927c4fb622fc\" class=\"srmp3_sonaar_ts_shortcode\"  style=\"\" href=\"javascript:sonaar_ts_shortcode({ trackid:'0', time:'00:35:42', ts_id:'6927c4fb622fc', play_icon:'' }) ;\">[00:35:42]<\/a> &#8211; Ingrid<\/p>\n\n\n\n<p>\u00c0 tr\u00e8s bient\u00f4t !<\/p>\n","protected":false},"excerpt":{"rendered":"<p>&#8211; Hugo Les festivals, une passion fran\u00e7aise ? &#8211; Hugo Salut \u00e0 toutes et \u00e0 tous. Salut Ingrid. &#8211; Ingrid Salut Hugo, \u00e7a va bien ? &#8211; Hugo Ouais \u00e7a va et toi ? &#8211; Ingrid \u00c7a va, \u00e7a va. &#8211; Hugo Bon, tu as une super id\u00e9e pour cet \u00e9pisode qui t&#8217;a \u00e9t\u00e9 inspir\u00e9e&#8230;<\/p>\n","protected":false},"author":17473,"featured_media":289725,"comment_status":"open","ping_status":"open","sticky":false,"template":"","format":[191],"meta":{"_acf_changed":false,"_kad_blocks_custom_css":"","_kad_blocks_head_custom_js":"","_kad_blocks_body_custom_js":"","_kad_blocks_footer_custom_js":"","_kad_post_transparent":"","_kad_post_title":"","_kad_post_layout":"","_kad_post_sidebar_id":"","_kad_post_content_style":"","_kad_post_vertical_padding":"","_kad_post_feature":"","_kad_post_feature_position":"","_kad_post_header":false,"_kad_post_footer":false,"_kad_post_classname":"","footnotes":""},"categories":[168],"tags":[177,175],"class_list":["post-289616","post","type-post","status-publish","format-standard","has-post-thumbnail","hentry","category-podcast","tag-culture","tag-france","format-duo-hugo-ingrid"],"acf":[],"taxonomy_info":{"category":[{"value":168,"label":"Podcast"}],"post_tag":[{"value":177,"label":"Culture"},{"value":175,"label":"France"}],"format":[{"value":191,"label":"Duo Hugo &amp; Ingrid"}]},"featured_image_src_large":["https:\/\/innerfrench.com\/wp-content\/uploads\/2025\/08\/E177-Festival-750x406.jpg",750,406,true],"author_info":{"display_name":"Hugo &amp; Ingrid","author_link":"https:\/\/innerfrench.com\/author\/hugo_ingrid\/"},"comment_info":7,"category_info":[{"term_id":168,"name":"Podcast","slug":"podcast","term_group":0,"term_taxonomy_id":168,"taxonomy":"category","description":"","parent":0,"count":185,"filter":"raw","cat_ID":168,"category_count":185,"category_description":"","cat_name":"Podcast","category_nicename":"podcast","category_parent":0}],"tag_info":[{"term_id":177,"name":"Culture","slug":"culture","term_group":0,"term_taxonomy_id":177,"taxonomy":"post_tag","description":"","parent":0,"count":44,"filter":"raw"},{"term_id":175,"name":"France","slug":"france","term_group":0,"term_taxonomy_id":175,"taxonomy":"post_tag","description":"","parent":0,"count":100,"filter":"raw"}],"_links":{"self":[{"href":"https:\/\/innerfrench.com\/wp-json\/wp\/v2\/posts\/289616","targetHints":{"allow":["GET"]}}],"collection":[{"href":"https:\/\/innerfrench.com\/wp-json\/wp\/v2\/posts"}],"about":[{"href":"https:\/\/innerfrench.com\/wp-json\/wp\/v2\/types\/post"}],"author":[{"embeddable":true,"href":"https:\/\/innerfrench.com\/wp-json\/wp\/v2\/users\/17473"}],"replies":[{"embeddable":true,"href":"https:\/\/innerfrench.com\/wp-json\/wp\/v2\/comments?post=289616"}],"version-history":[{"count":5,"href":"https:\/\/innerfrench.com\/wp-json\/wp\/v2\/posts\/289616\/revisions"}],"predecessor-version":[{"id":292779,"href":"https:\/\/innerfrench.com\/wp-json\/wp\/v2\/posts\/289616\/revisions\/292779"}],"wp:featuredmedia":[{"embeddable":true,"href":"https:\/\/innerfrench.com\/wp-json\/wp\/v2\/media\/289725"}],"wp:attachment":[{"href":"https:\/\/innerfrench.com\/wp-json\/wp\/v2\/media?parent=289616"}],"wp:term":[{"taxonomy":"category","embeddable":true,"href":"https:\/\/innerfrench.com\/wp-json\/wp\/v2\/categories?post=289616"},{"taxonomy":"post_tag","embeddable":true,"href":"https:\/\/innerfrench.com\/wp-json\/wp\/v2\/tags?post=289616"},{"taxonomy":"format","embeddable":true,"href":"https:\/\/innerfrench.com\/wp-json\/wp\/v2\/format?post=289616"}],"curies":[{"name":"wp","href":"https:\/\/api.w.org\/{rel}","templated":true}]}}