{"id":296744,"date":"2025-09-24T16:41:47","date_gmt":"2025-09-24T14:41:47","guid":{"rendered":"https:\/\/innerfrench.com\/?p=208916"},"modified":"2025-11-03T11:25:04","modified_gmt":"2025-11-03T10:25:04","slug":"180-une-ecole-francaise-sur-un-autre-continent","status":"publish","type":"post","link":"https:\/\/innerfrench.com\/180-une-ecole-francaise-sur-un-autre-continent\/","title":{"rendered":"#180 Une \u00e9cole fran\u00e7aise sur un autre continent"},"content":{"rendered":"\n<p><b><a id=\"sonaar_ts-6927c4b9ee137\" class=\"srmp3_sonaar_ts_shortcode\"  style=\"\" href=\"javascript:sonaar_ts_shortcode({ trackid:'0', time:'00:00:04', ts_id:'6927c4b9ee137', play_icon:'' }) ;\">[00:00:04]<\/a> &#8211; Ingrid<\/b><\/p>\n\n\n\n<p>Une \u00e9cole fran\u00e7aise sur un autre continent.<\/p>\n\n\n\n<p><b><a id=\"sonaar_ts-6927c4b9ee145\" class=\"srmp3_sonaar_ts_shortcode\"  style=\"\" href=\"javascript:sonaar_ts_shortcode({ trackid:'0', time:'00:00:10', ts_id:'6927c4b9ee145', play_icon:'' }) ;\">[00:00:10]<\/a> &#8211; Ingrid<\/b><\/p>\n\n\n\n<p>Bonjour \u00e0 toutes et \u00e0 tous et bienvenue dans ce nouvel \u00e9pisode. Aujourd&#8217;hui, on va parler du r\u00e9seau des \u00e9coles fran\u00e7aises \u00e0 l&#8217;\u00e9tranger et on va le faire \u00e0 travers l&#8217;exemple de l&#8217;\u00e9cole franco-s\u00e9n\u00e9galaise \u00e0 Dakar. Comme vous le savez, il n&#8217;y a pas longtemps, j&#8217;ai eu l&#8217;occasion d&#8217;aller au S\u00e9n\u00e9gal et en fait, j&#8217;y suis all\u00e9e pour accompagner mon amie Marina, qui est institutrice et qui commence une nouvelle ann\u00e9e scolaire \u00e0 Dakar, o\u00f9 elle vient de s&#8217;installer. Et alors, j&#8217;ai eu la chance de pouvoir rencontrer sa directrice, C\u00e9cile, qui m&#8217;a accord\u00e9 une interview et qui nous raconte un peu comment \u00e7a se passe : qu&#8217;est-ce que c&#8217;est exactement une \u00e9cole fran\u00e7aise \u00e0 l&#8217;\u00e9tranger ? Quelles sont les particularit\u00e9s de l&#8217;\u00e9cole franco-s\u00e9n\u00e9galaise ? Quelles peuvent \u00eatre les difficult\u00e9s d&#8217;adaptation, les particularit\u00e9s ? Voil\u00e0 , vous saurez tout \u00e0 travers cet exemple sur le r\u00e9seau des \u00e9coles fran\u00e7aises \u00e0 l&#8217;\u00e9tranger. Et comme je sais que beaucoup d&#8217;entre vous vivent en dehors de France, mais veulent quand m\u00eame donner une \u00e9ducation fran\u00e7aise \u00e0 leurs enfants, je pense que \u00e7a pourrait vous int\u00e9resser. Alors, je ne parle pas plus et je vous laisse \u00e9couter l&#8217;interview.<\/p>\n\n\n\n<p><b><a id=\"sonaar_ts-6927c4b9ee14c\" class=\"srmp3_sonaar_ts_shortcode\"  style=\"\" href=\"javascript:sonaar_ts_shortcode({ trackid:'0', time:'00:01:38', ts_id:'6927c4b9ee14c', play_icon:'' }) ;\">[00:01:38]<\/a> &#8211; Ingrid<\/b><\/p>\n\n\n\n<p>Bonjour C\u00e9cile. Bonjour Ingrid. Merci de bien vouloir nous r\u00e9pondre sur le podcast. Alors toi, tu es directrice d&#8217;une \u00e9cole fran\u00e7aise au S\u00e9n\u00e9gal.<\/p>\n\n\n\n<p><b><a id=\"sonaar_ts-6927c4b9ee151\" class=\"srmp3_sonaar_ts_shortcode\"  style=\"\" href=\"javascript:sonaar_ts_shortcode({ trackid:'0', time:'00:01:53', ts_id:'6927c4b9ee151', play_icon:'' }) ;\">[00:01:53]<\/a> &#8211; Ingrid<\/b><\/p>\n\n\n\n<p>C&#8217;est \u00e7a.<\/p>\n\n\n\n<p><b><a id=\"sonaar_ts-6927c4b9ee156\" class=\"srmp3_sonaar_ts_shortcode\"  style=\"\" href=\"javascript:sonaar_ts_shortcode({ trackid:'0', time:'00:01:54', ts_id:'6927c4b9ee156', play_icon:'' }) ;\">[00:01:54]<\/a> &#8211; Ingrid<\/b><\/p>\n\n\n\n<p>Corrige-moi si je me trompe. Est-ce que tu peux nous dire un petit peu quel est ton parcours et ce que tu fais exactement ? Qu&#8217;est-ce que c&#8217;est que cette \u00e9cole ?<\/p>\n\n\n\n<p><b><a id=\"sonaar_ts-6927c4b9ee15b\" class=\"srmp3_sonaar_ts_shortcode\"  style=\"\" href=\"javascript:sonaar_ts_shortcode({ trackid:'0', time:'00:02:02', ts_id:'6927c4b9ee15b', play_icon:'' }) ;\">[00:02:02]<\/a> &#8211; C\u00e9cile<\/b><\/p>\n\n\n\n<p>Je suis la directrice de l&#8217;\u00c9cole franco-s\u00e9n\u00e9galaise, qui est une \u00e9cole de coop\u00e9ration entre la France et le S\u00e9n\u00e9gal, qui se situe \u00e0 Dakar et qui appartient au r\u00e9seau AEFE, l&#8217;Agence pour l&#8217;enseignement fran\u00e7ais \u00e0 l&#8217;\u00e9tranger. Donc moi, je suis directrice ici pour la troisi\u00e8me ann\u00e9e. Avant \u00e7a, j&#8217;ai \u00e9t\u00e9 directrice aux \u00c9mirats arabes unis \u00e0 Duba\u00ef, et avant \u00e7a, j&#8217;\u00e9tais en France. Donc, mon parcours, je suis arriv\u00e9e dans l&#8217;enseignement, puisque je me suis reconvertie pour des raisons familiales. De formation, j&#8217;\u00e9tais biologiste marine et j&#8217;ai pass\u00e9 le concours il y a 14 ans maintenant. Donc, j&#8217;ai en fran\u00e7ais \u00e0 enseigner en Bretagne. J&#8217;ai rapidement pris des directions d&#8217;\u00e9coles puisque c&#8217;est quelque chose qui m&#8217;int\u00e9ressait. Et puis apr\u00e8s, on avait un projet familial de d\u00e9part \u00e0 l&#8217;\u00e9tranger. Donc, j&#8217;ai aussi pass\u00e9 des qualifications de formation d&#8217;enseignant et j&#8217;ai obtenu un poste en 2023.. 2022, c&#8217;est \u00e7a, le premier poste. Voil\u00e0. Donc, apr\u00e8s, les \u00e9coles fran\u00e7aises \u00e0 l&#8217;\u00e9tranger, donc, la sp\u00e9cificit\u00e9 un petit peu du r\u00e9seau fran\u00e7ais, c&#8217;est qu&#8217;on a ce qu&#8217;on appelle des crit\u00e8res d&#8217;homologation. C&#8217;est comme un audit de qualit\u00e9 qui garantit aux familles que l&#8217;enseignement dispens\u00e9 correspond bien au programme fran\u00e7ais. Et l&#8217;avantage, c&#8217;est que les familles qui changent r\u00e9guli\u00e8rement de pays ou qui font des allers-retours entre la France et un pays en particulier, ils vont pouvoir avoir cette assurance d&#8217;avoir la continuit\u00e9 p\u00e9dagogique parce que les syst\u00e8mes fonctionnent pareil en France et \u00e0 l&#8217;\u00e9tranger. Donc, en \u00e7a, c&#8217;est assez rassurant, je pense, pour les familles.<\/p>\n\n\n\n<p><b><a id=\"sonaar_ts-6927c4b9ee15f\" class=\"srmp3_sonaar_ts_shortcode\"  style=\"\" href=\"javascript:sonaar_ts_shortcode({ trackid:'0', time:'00:03:44', ts_id:'6927c4b9ee15f', play_icon:'' }) ;\">[00:03:44]<\/a> &#8211; C\u00e9cile<\/b><\/p>\n\n\n\n<p>Ensuite, nous, on a une sp\u00e9cificit\u00e9 puisqu&#8217;on est une \u00e9cole de coop\u00e9ration. Donc, on est aussi sous tutelle du minist\u00e8re de l&#8217;\u00c9ducation nationale s\u00e9n\u00e9galaise. De ce fait, \u00e0 l&#8217;\u00e9cole, on a une proportion d&#8217;enseignants et de personnels qui sont s\u00e9n\u00e9galais, qui est assez importante. Et c&#8217;est, je trouve, aussi pour \u00e7a que c&#8217;est un endroit tr\u00e8s int\u00e9ressant o\u00f9 il y a beaucoup d&#8217;\u00e9changes culturels, que ce soit vraiment dans les relations humaines, mais aussi dans la mani\u00e8re d&#8217;enseigner, la mani\u00e8re de travailler avec les enfants. Et on est une \u00e9cole de formation, donc tous les ans, on a des enseignants qui prennent une disponibilit\u00e9 du minist\u00e8re s\u00e9n\u00e9galais et qui viennent passer quatre ans chez nous pour se former au syst\u00e8me fran\u00e7ais. C&#8217;est leur choix, c&#8217;est un investissement. C&#8217;est un investissement courageux puisqu&#8217;ils changent de syst\u00e8me \u00e9ducatif. Et du coup, on vient un peu bousculer leurs rep\u00e8res professionnels pour en cr\u00e9er des nouveaux. Et je les admire beaucoup parce que dans l&#8217;autre sens, moi, si on me mettait dans leurs conditions de travail avec des classes \u00e0 70 \u00e9l\u00e8ves avec des conditions mat\u00e9rielles qui ne sont pas forc\u00e9ment celles qu&#8217;on a l&#8217;habitude, je ne suis pas s\u00fbre que je ferais preuve de la m\u00eame adaptabilit\u00e9 qu&#8217;eux peuvent montrer au quotidien. Donc vraiment, c&#8217;est une d\u00e9marche qui est courageuse et sur laquelle on les accompagne pendant quatre ans. \u00c0 l&#8217;issue de ces quatre ans, soit ils r\u00e9int\u00e8grent le minist\u00e8re public, soit il y en a qui continuent dans d&#8217;autres \u00e9coles fran\u00e7aises \u00e0 l&#8217;\u00e9tranger. Mais du coup, c&#8217;est une partie importante de notre travail ici, c&#8217;est qu&#8217;on est beaucoup dans la formation des enseignants.<\/p>\n\n\n\n<p><b><a id=\"sonaar_ts-6927c4b9ee16a\" class=\"srmp3_sonaar_ts_shortcode\"  style=\"\" href=\"javascript:sonaar_ts_shortcode({ trackid:'0', time:'00:05:15', ts_id:'6927c4b9ee16a', play_icon:'' }) ;\">[00:05:15]<\/a> &#8211; Ingrid<\/b><\/p>\n\n\n\n<p>D&#8217;accord. Et les enseignants qui font ce choix, est-ce que tu sais pourquoi ils le font ? Quel est leur int\u00e9r\u00eat \u00e0 faire \u00e7a ? Est-ce que c&#8217;est plus pour personnellement d\u00e9couvrir autre chose ou c&#8217;est pour des perspectives de carri\u00e8re qui vont \u00eatre meilleures pour eux ?<\/p>\n\n\n\n<p><b><a id=\"sonaar_ts-6927c4b9ee16f\" class=\"srmp3_sonaar_ts_shortcode\"  style=\"\" href=\"javascript:sonaar_ts_shortcode({ trackid:'0', time:'00:05:32', ts_id:'6927c4b9ee16f', play_icon:'' }) ;\">[00:05:32]<\/a> &#8211; C\u00e9cile<\/b><\/p>\n\n\n\n<p>Il y a un peu les deux. Souvent, ils veulent enrichir leurs pratiques et d\u00e9couvrir d&#8217;autres choses. Donc c&#8217;est quand m\u00eame g\u00e9n\u00e9ralement des gens qui sont assez curieux et qui aiment un peu le challenge. Pour certains, ils sont tr\u00e8s contents apr\u00e8s de pouvoir repartager ce qu&#8217;ils ont appris au sein de leur syst\u00e8me, leur syst\u00e8me \u00e9ducatif public. Et puis, pour d&#8217;autres, c&#8217;est aussi une occasion de pouvoir avoir acc\u00e8s \u00e0 des postes dans le r\u00e9seau fran\u00e7ais \u00e0 l&#8217;\u00e9tranger, qui va aussi rimer avec un d\u00e9placement, avec des voyages pour la famille, etc. Donc, \u00e7a ouvre d&#8217;autres opportunit\u00e9s. C&#8217;est vrai que nous, dans les enseignants de l&#8217;\u00e9cole, on a plusieurs, par exemple, qui ont pass\u00e9 quatre ans en franco-s\u00e9n\u00e9galaise, qui sont en Louisiane maintenant. Et puis, il y en a dans pas mal d&#8217;autres \u00e9coles du r\u00e9seau, \u00e0 Dakar et dans le r\u00e9seau d&#8217;Afrique de l&#8217;Ouest.<\/p>\n\n\n\n<p><b><a id=\"sonaar_ts-6927c4b9ee173\" class=\"srmp3_sonaar_ts_shortcode\"  style=\"\" href=\"javascript:sonaar_ts_shortcode({ trackid:'0', time:'00:06:18', ts_id:'6927c4b9ee173', play_icon:'' }) ;\">[00:06:18]<\/a> &#8211; Ingrid<\/b><\/p>\n\n\n\n<p>Ok. Et m\u00eame question, mais plut\u00f4t c\u00f4t\u00e9 \u00e9l\u00e8ves, ou plut\u00f4t parents d&#8217;\u00e9l\u00e8ves, quels sont leurs profils et quels sont leur int\u00e9r\u00eat \u00e0 \u00e9tudier dans cette \u00e9cole plut\u00f4t qu&#8217;une \u00e9cole s\u00e9n\u00e9galaise sans programme fran\u00e7ais ?<\/p>\n\n\n\n<p><b><a id=\"sonaar_ts-6927c4b9ee178\" class=\"srmp3_sonaar_ts_shortcode\"  style=\"\" href=\"javascript:sonaar_ts_shortcode({ trackid:'0', time:'00:06:35', ts_id:'6927c4b9ee178', play_icon:'' }) ;\">[00:06:35]<\/a> &#8211; C\u00e9cile<\/b><\/p>\n\n\n\n<p>On a des profils assez vari\u00e9s. Historiquement, l&#8217;\u00e9cole franco-s\u00e9n\u00e9galaise, elle est ancienne. On accueille des classes depuis les ann\u00e9es 60. D\u00e9j\u00e0, \u00e0 cette \u00e9poque, il n&#8217;y avait pas beaucoup d&#8217;\u00e9coles \u00e0 programmes fran\u00e7ais et c&#8217;\u00e9tait une \u00e9cole qui \u00e9tait assez r\u00e9put\u00e9e pour le niveau scolaire des \u00e9l\u00e8ves. Avant, il y avait une section \u00e0 programmes fran\u00e7ais, une section \u00e0 programmes s\u00e9n\u00e9galais. Au fur et \u00e0 mesure des ann\u00e9es, \u00e7a a \u00e9volu\u00e9 et donc maintenant, on a une classe qui s&#8217;appelle la classe hybride. Et en fait, on a travaill\u00e9 avec le minist\u00e8re s\u00e9n\u00e9galais sur l&#8217;hybridation des deux programmes. Donc les enfants qui sont dans ces sections-l\u00e0, ils suivent l&#8217;int\u00e9gralit\u00e9 du programme fran\u00e7ais et on on va dire, la majeure partie du programme s\u00e9n\u00e9galais sur le temps scolaire classique. Et apr\u00e8s, ils ont deux heures de classe en plus pour \u00e9tudier les parties du programme s\u00e9n\u00e9galais qui n&#8217;avaient pas vraiment de correspondance dans le programme fran\u00e7ais, qui \u00e9taient vraiment sp\u00e9cifiques. Et \u00e7a les pr\u00e9pare au certificat de fin d&#8217;\u00e9tudes \u00e9l\u00e9mentaires, puisque le S\u00e9n\u00e9gal, \u00e7a va peut-\u00eatre changer, mais en tout cas, pour le moment, le CFE, c&#8217;est encore en vigueur. Donc, c&#8217;est un examen qui sanctionne le passage en sixi\u00e8me. Et donc nos \u00e9l\u00e8ves&#8230; Alors, on a pas mal de familles binationales qui ont les deux cultures et qui souhaitent aussi avoir une \u00e9ducation qui va vraiment int\u00e9grer les deux.<\/p>\n\n\n\n<p><b><a id=\"sonaar_ts-6927c4b9ee17c\" class=\"srmp3_sonaar_ts_shortcode\"  style=\"\" href=\"javascript:sonaar_ts_shortcode({ trackid:'0', time:'00:07:53', ts_id:'6927c4b9ee17c', play_icon:'' }) ;\">[00:07:53]<\/a> &#8211; C\u00e9cile<\/b><\/p>\n\n\n\n<p>On va dire que dans toutes les \u00e9coles fran\u00e7aises \u00e0 l&#8217;\u00e9tranger, on essaye de contextualiser un maximum les enseignements, notamment en histoire et en g\u00e9ographie. On ne va pas traiter uniquement de l&#8217;histoire et de la g\u00e9ographie fran\u00e7aise. On va utiliser les comp\u00e9tences du programme fran\u00e7ais, mais on va les appliquer au contexte local. Et c&#8217;est vrai que l&#8217;\u00e9cole franco-s\u00e9n\u00e9galaise, elle est particuli\u00e8rement \u00e0 l&#8217;aise l\u00e0-dessus parce que nos enseignants, ils connaissent tr\u00e8s bien l&#8217;histoire et la g\u00e9ographie s\u00e9n\u00e9galaise. Donc, tout le travail d&#8217;hybridation, on a vraiment creus\u00e9 sur l&#8217;enseignement contextualis\u00e9 des programmes. Donc \u00e7a, c&#8217;est quelque chose qui est mis en place dans toutes les classes, qu&#8217;elles soient \u00e0 section g\u00e9n\u00e9rale ou hybride. Et puis, en cursus hybride, on donne aussi aux parents l&#8217;assurance que les enfants vont valider les deux programmes. \u00c7a veut dire qu&#8217;\u00e0 la fin du CM2, ils peuvent aussi bien aller en sixi\u00e8me dans un coll\u00e8ge \u00e0 programme fran\u00e7ais qu&#8217;en sixi\u00e8me dans un coll\u00e8ge \u00e0 programme s\u00e9n\u00e9galais. On va dire que \u00e7a permet d&#8217;avoir un peu plus d&#8217;opportunit\u00e9s. Pour certaines familles, c&#8217;est une tradition aussi. On a beaucoup de familles qui fr\u00e9quentent l&#8217;\u00e9cole de g\u00e9n\u00e9ration en g\u00e9n\u00e9ration. Pour qui c&#8217;est important d&#8217;y revenir. Et moi, j&#8217;ai toujours plaisir \u00e0 croiser des anciens \u00e9l\u00e8ves qui ont une trentaine, voil\u00e0 35 ans, qui me disent que l\u00e0, ils sont \u00e0 l&#8217;\u00e9tranger, mais que s&#8217;ils reviennent au S\u00e9n\u00e9gal, ils mettront leurs enfants dans cette \u00e9cole, parce que c&#8217;est important pour eux, c&#8217;est un lieu qui a beaucoup compt\u00e9 et ils souhaitent vraiment que leurs enfants puissent conna\u00eetre le m\u00eame lieu.<\/p>\n\n\n\n<p><b><a id=\"sonaar_ts-6927c4b9ee188\" class=\"srmp3_sonaar_ts_shortcode\"  style=\"\" href=\"javascript:sonaar_ts_shortcode({ trackid:'0', time:'00:09:10', ts_id:'6927c4b9ee188', play_icon:'' }) ;\">[00:09:10]<\/a> &#8211; Ingrid<\/b><\/p>\n\n\n\n<p>D&#8217;accord, c&#8217;est un lieu qui est appr\u00e9ci\u00e9 et quasi un peu familial avec une tradition, etc. C&#8217;est tr\u00e8s int\u00e9ressant \u00e7a. Tu as parl\u00e9 des profs s\u00e9n\u00e9galais. Il y a aussi des profs fran\u00e7ais ?<\/p>\n\n\n\n<p><b><a id=\"sonaar_ts-6927c4b9ee192\" class=\"srmp3_sonaar_ts_shortcode\"  style=\"\" href=\"javascript:sonaar_ts_shortcode({ trackid:'0', time:'00:09:28', ts_id:'6927c4b9ee192', play_icon:'' }) ;\">[00:09:28]<\/a> &#8211; C\u00e9cile<\/b><\/p>\n\n\n\n<p>Oui.<\/p>\n\n\n\n<p><b><a id=\"sonaar_ts-6927c4b9ee197\" class=\"srmp3_sonaar_ts_shortcode\"  style=\"\" href=\"javascript:sonaar_ts_shortcode({ trackid:'0', time:'00:09:29', ts_id:'6927c4b9ee197', play_icon:'' }) ;\">[00:09:29]<\/a> &#8211; Ingrid<\/b><\/p>\n\n\n\n<p>Est-ce que pour eux, c&#8217;est particulier comme enseignement ? Tu parlais des programmes d&#8217;histoire-g\u00e9o. J&#8217;imagine que pour eux aussi, il y a un apprentissage \u00e9norme de pouvoir adapter \u00e0 la culture, peut-\u00eatre des enfants, \u00e0 cette culture mixte, des programmes qu&#8217;ils ont l&#8217;habitude de faire plut\u00f4t en France.<\/p>\n\n\n\n<p><b><a id=\"sonaar_ts-6927c4b9ee19b\" class=\"srmp3_sonaar_ts_shortcode\"  style=\"\" href=\"javascript:sonaar_ts_shortcode({ trackid:'0', time:'00:09:47', ts_id:'6927c4b9ee19b', play_icon:'' }) ;\">[00:09:47]<\/a> &#8211; C\u00e9cile<\/b><\/p>\n\n\n\n<p>Oui.<\/p>\n\n\n\n<p><b><a id=\"sonaar_ts-6927c4b9ee1a0\" class=\"srmp3_sonaar_ts_shortcode\"  style=\"\" href=\"javascript:sonaar_ts_shortcode({ trackid:'0', time:'00:09:47', ts_id:'6927c4b9ee1a0', play_icon:'' }) ;\">[00:09:47]<\/a> &#8211; Ingrid<\/b><\/p>\n\n\n\n<p>\u00c7a, c&#8217;est quelque chose que vous accompagnez au sein de l&#8217;\u00e9cole ?<\/p>\n\n\n\n<p><b><a id=\"sonaar_ts-6927c4b9ee1a4\" class=\"srmp3_sonaar_ts_shortcode\"  style=\"\" href=\"javascript:sonaar_ts_shortcode({ trackid:'0', time:'00:09:51', ts_id:'6927c4b9ee1a4', play_icon:'' }) ;\">[00:09:51]<\/a> &#8211; C\u00e9cile<\/b><\/p>\n\n\n\n<p>C&#8217;est quelque chose qu&#8217;on pr\u00e9pare. C&#8217;est-\u00e0-dire que quand on pr\u00e9pare la rentr\u00e9e \u00e0 l&#8217;\u00e9cole, nous, on a une semaine o\u00f9 moi, je suis disponible pour&#8230; enfin, je fais des stages de de formation pour les nouveaux enseignants, pour qu&#8217;ils cernent bien le profil de l&#8217;\u00e9cole, comment elle fonctionne, parce qu&#8217;il y a quand m\u00eame pas mal de sp\u00e9cificit\u00e9s, et puis qu&#8217;ils cernent bien aussi peut-\u00eatre un peu les pi\u00e8ges aussi qu&#8217;il peut y avoir, parce qu&#8217;on vient soit du syst\u00e8me \u00e9ducatif fran\u00e7ais ou du syst\u00e8me \u00e9ducatif s\u00e9n\u00e9galais, ou il y a aussi des enseignants qui ont des exp\u00e9riences dans d&#8217;autres syst\u00e8mes. On a eu des enseignants qui venaient du syst\u00e8me belge, par exemple. Il y a beaucoup de points communs dans chacun de ces syst\u00e8mes \u00e9ducatifs, mais il y a aussi des diff\u00e9rences et notamment des mots qu&#8217;on utilise. Ce sont les m\u00eames mots, mais ils ne veulent pas forc\u00e9ment dire la m\u00eame chose. Donc c&#8217;est vrai que mettre \u00e0 plat un peu toutes ces diff\u00e9rences-l\u00e0 avant la rentr\u00e9e, \u00e7a permet que la communication dans l&#8217;\u00e9quipe, elle soit fluide et que tout le monde un peu se m\u00e9fie des \u00e9vidences. On a dans d&#8217;autres cultures professionnelles des choses qui sont un peu automatis\u00e9es, qu&#8217;on ne questionne pas forc\u00e9ment et qui paraissent \u00e9videntes pour tous, sauf pour quelqu&#8217;un qui arrive. Donc \u00e7a, c&#8217;est un exercice qu&#8217;il faut faire \u00e0 chaque d\u00e9but d&#8217;ann\u00e9e de bien r\u00e9expliquer tout \u00e7a.<\/p>\n\n\n\n<p><b><a id=\"sonaar_ts-6927c4b9ee1a9\" class=\"srmp3_sonaar_ts_shortcode\"  style=\"\" href=\"javascript:sonaar_ts_shortcode({ trackid:'0', time:'00:10:55', ts_id:'6927c4b9ee1a9', play_icon:'' }) ;\">[00:10:55]<\/a> &#8211; C\u00e9cile<\/b><\/p>\n\n\n\n<p>Et donc le syst\u00e8me fonctionne avec&#8230; On a trois niveaux trois classes dans chaque niveau. Et sur chaque niveau, on a un enseignant qui est titulaire fran\u00e7ais, qui accompagne les deux enseignants s\u00e9n\u00e9galais qui partagent le m\u00eame niveau pour justement les aider \u00e0 s&#8217;approprier les sp\u00e9cificit\u00e9s du syst\u00e8me \u00e9ducatif fran\u00e7ais. Et dans l&#8217;autre sens, tous les apports, justement, o\u00f9 on a besoin des apports culturels, historiques, etc. \u00c7a, c&#8217;est des enseignants s\u00e9n\u00e9galais qui nous aident, justement. Et c&#8217;est chouette que ce soit vraiment un \u00e9change bilat\u00e9ral, puisqu&#8217;il y a vraiment des choses tr\u00e8s int\u00e9ressantes dans les qui changent d&#8217;un c\u00f4t\u00e9 comme de l&#8217;autre.<\/p>\n\n\n\n<p><b><a id=\"sonaar_ts-6927c4b9ee1b1\" class=\"srmp3_sonaar_ts_shortcode\"  style=\"\" href=\"javascript:sonaar_ts_shortcode({ trackid:'0', time:'00:11:31', ts_id:'6927c4b9ee1b1', play_icon:'' }) ;\">[00:11:31]<\/a> &#8211; Ingrid<\/b><\/p>\n\n\n\n<p>Oui, j&#8217;imagine. \u00c7a doit \u00eatre vraiment int\u00e9ressant pour les deux c\u00f4t\u00e9s. Et tu parlais tout \u00e0 l&#8217;heure de quelques diff\u00e9rences qui peuvent y avoir entre&#8230; Par exemple, tu parlais du nombre d&#8217;\u00e9l\u00e8ves dans les classes. Qu&#8217;est-ce qu&#8217;il y a d&#8217;autre comme \u00e7a, comme petit exemple que tu pourrais citer d&#8217;incompr\u00e9hensions ou d&#8217;\u00e9vidences, de diff\u00e9rences entre les deux syst\u00e8mes ou les habitudes ?<\/p>\n\n\n\n<p><b><a id=\"sonaar_ts-6927c4b9ee1b6\" class=\"srmp3_sonaar_ts_shortcode\"  style=\"\" href=\"javascript:sonaar_ts_shortcode({ trackid:'0', time:'00:11:52', ts_id:'6927c4b9ee1b6', play_icon:'' }) ;\">[00:11:52]<\/a> &#8211; C\u00e9cile<\/b><\/p>\n\n\n\n<p>La mani\u00e8re de g\u00e9rer la classe. \u00c7a, \u00e7a va \u00eatre&#8230; Apr\u00e8s, les effectifs, c&#8217;est la chose la plus criante comme diff\u00e9rence. C&#8217;est vrai que la mani\u00e8re de g\u00e9rer la classe dans les \u00e9coles s\u00e9n\u00e9galaises, et de par le nombre d&#8217;\u00e9l\u00e8ves, c&#8217;est une \u00e9ducation qui peut para\u00eetre peut-\u00eatre un peu stricte vu de l&#8217;ext\u00e9rieur ou d&#8217;un point de vue d&#8217;un enseignant ou d&#8217;un \u00e9l\u00e8ve fran\u00e7ais, ou qui vient du syst\u00e8me \u00e9ducatif fran\u00e7ais. Donc, la mani\u00e8re de poser les r\u00e8gles dans une \u00e9cole fran\u00e7aise va \u00eatre pas plus laxiste, mais faite de mani\u00e8re peut-\u00eatre un peu moins frontale et avec un peu plus de douceur. Donc, c&#8217;est vrai que \u00e7a, c&#8217;est quelque chose sur lequel on travaille, puisque dans les les mots qu&#8217;on utilise ou la mani\u00e8re de communiquer avec les \u00e9l\u00e8ves, il y a quand m\u00eame des petites diff\u00e9rences. Et c&#8217;est un pas culturel \u00e0 faire pour les enseignants, mais aussi pour les \u00e9l\u00e8ves. Donc, on fait en sorte que tout le monde trouve ses rep\u00e8res d\u00e8s le d\u00e9but de l&#8217;ann\u00e9e. Dans l&#8217;\u00e9valuation, on a des pratiques diff\u00e9rentes. Dans les \u00e9coles s\u00e9n\u00e9galaises, les \u00e9l\u00e8ves sont class\u00e9s par ordre de r\u00e9ussite, donc sur le bulletin, on fait appara\u00eetre des notes chiffr\u00e9es. Je le vois d\u00e8s la maternelle dans certaines \u00e9coles, mais souvent, \u00e7a commence en CI, avec des appr\u00e9ciations qui sont souvent tr\u00e8s courtes. En fait, c&#8217;est quelques mots, donc on peut avoir \u00ab excellent \u00bb, \u00ab tr\u00e8s bien \u00bb, \u00ab passable \u00bb, \u00ab m\u00e9diocre \u00bb. Donc des choses peut-\u00eatre qu&#8217;on a eu l&#8217;habitude de voir, nous, dans le syst\u00e8me fran\u00e7ais, mais qu&#8217;on ne voit plus. Donc c&#8217;est vrai qu&#8217;on travaille aussi avec les enseignants sur la formulation des commentaires pour qu&#8217;ils expriment le message qu&#8217;ils veulent faire passer, mais de mani\u00e8re \u00e0 ce que ce soit re\u00e7u par les familles de la bonne mani\u00e8re. Et effectivement, nous, on travaille sur le fait de ne pas utiliser de notes chiffr\u00e9es avec les \u00e9l\u00e8ves, de ne pas classer les \u00e9l\u00e8ves les uns par rapport aux autres. Donc, \u00e7a peut \u00eatre des petites choses qui vont transpara\u00eetre dans le langage, mais on ne va pas identifier, nous, qui est le meilleur de la classe. Alors que c&#8217;est vrai que dans une classe s\u00e9n\u00e9galaise, syst\u00e9matiquement, et les \u00e9l\u00e8ves et l&#8217;enseignant savent qui est le meilleur, qui est le num\u00e9ro deux, qui est le num\u00e9ro 3. Bon voil\u00e0, c&#8217;est des diff\u00e9rences culturelles et puis des diff\u00e9rences aussi d&#8217;\u00e9volution du syst\u00e8me \u00e9ducatif. Parce que quand on regarde le syst\u00e8me \u00e9ducatif fran\u00e7ais d&#8217;il y a quelques ann\u00e9es, il y avait aussi beaucoup de points communs avec ce qu&#8217;on trouve l\u00e0.<\/p>\n\n\n\n<p><b><a id=\"sonaar_ts-6927c4b9ee1bb\" class=\"srmp3_sonaar_ts_shortcode\"  style=\"\" href=\"javascript:sonaar_ts_shortcode({ trackid:'0', time:'00:13:56', ts_id:'6927c4b9ee1bb', play_icon:'' }) ;\">[00:13:56]<\/a> &#8211; Ingrid<\/b><\/p>\n\n\n\n<p>Oui, c&#8217;est vrai que ce que tu dis, c&#8217;est des choses qu&#8217;on peut retrouver dans les t\u00e9moignages, par exemple, d&#8217;autres g\u00e9n\u00e9rations ou m\u00eame le syst\u00e8me chiffr\u00e9, \u00e7a existe encore dans des classes sup\u00e9rieures, mais c&#8217;est vrai que maintenant, en France, on a beaucoup ce discours de ne pas trop noter les \u00e9l\u00e8ves, les comparer, etc. J&#8217;imagine que c&#8217;est des choses qui peuvent se partager assez facilement, se comprendre, s&#8217;expliquer.<\/p>\n\n\n\n<p><b><a id=\"sonaar_ts-6927c4b9ee1c3\" class=\"srmp3_sonaar_ts_shortcode\"  style=\"\" href=\"javascript:sonaar_ts_shortcode({ trackid:'0', time:'00:14:18', ts_id:'6927c4b9ee1c3', play_icon:'' }) ;\">[00:14:18]<\/a> &#8211; C\u00e9cile<\/b><\/p>\n\n\n\n<p>Apr\u00e8s, c&#8217;est quand m\u00eame des rep\u00e8res \u00e0 reconstruire pour eux parce qu&#8217;effectivement, on \u00e9value, mais pas tout \u00e0 fait de la m\u00eame mani\u00e8re. Donc \u00e7a, c&#8217;est quelque chose qu&#8217;on accompagne, dont on discute. Et puis, Il y a le rapport aux familles qui n&#8217;est pas tout \u00e0 fait le m\u00eame non plus. C&#8217;est vrai que dans la culture professionnelle fran\u00e7aise, on essaye de scinder un peu le c\u00f4t\u00e9 priv\u00e9 et le c\u00f4t\u00e9 professionnel, alors qu&#8217;au S\u00e9n\u00e9gal, c&#8217;est tout \u00e0 fait normal d&#8217;avoir le WhatsApp de d&#8217;un enseignant, de pouvoir l&#8217;appeler le soir, etc. L\u00e0 aussi, il y a une attente des familles qui n&#8217;est pas toujours tout \u00e0 fait celle \u00e0 laquelle on souhaite r\u00e9pondre. Il faut qu&#8217;on explique les r\u00e8gles de fonctionnement \u00e0 tout le monde.<\/p>\n\n\n\n<p><b><a id=\"sonaar_ts-6927c4b9ee1c8\" class=\"srmp3_sonaar_ts_shortcode\"  style=\"\" href=\"javascript:sonaar_ts_shortcode({ trackid:'0', time:'00:14:59', ts_id:'6927c4b9ee1c8', play_icon:'' }) ;\">[00:14:59]<\/a> &#8211; Ingrid<\/b><\/p>\n\n\n\n<p>D&#8217;accord, donc m\u00eame l\u00e0, \u00e7a va \u00eatre plut\u00f4t les enseignants fran\u00e7ais qui vont expliquer comment \u00e7a fonctionne plut\u00f4t que s&#8217;adapter et&#8230; J&#8217;imagine, je me mets \u00e0 leur place et je me dis : \u00c7a doit \u00eatre difficile de r\u00e9ussir \u00e0 mettre ses limites quand on a des parents qui sont sympa, qui veulent \u00eatre un peu familiers. Mais si \u00e7a fonctionne&#8230;<\/p>\n\n\n\n<p><b><a id=\"sonaar_ts-6927c4b9ee1cc\" class=\"srmp3_sonaar_ts_shortcode\"  style=\"\" href=\"javascript:sonaar_ts_shortcode({ trackid:'0', time:'00:15:18', ts_id:'6927c4b9ee1cc', play_icon:'' }) ;\">[00:15:18]<\/a> &#8211; C\u00e9cile<\/b><\/p>\n\n\n\n<p>En fait, c&#8217;est des r\u00e8gles que moi, je pose en tant que directrice. Je le dis aux parents que c&#8217;est la direction qui interdit.<\/p>\n\n\n\n<p><b><a id=\"sonaar_ts-6927c4b9ee1d1\" class=\"srmp3_sonaar_ts_shortcode\"  style=\"\" href=\"javascript:sonaar_ts_shortcode({ trackid:'0', time:'00:15:23', ts_id:'6927c4b9ee1d1', play_icon:'' }) ;\">[00:15:23]<\/a> &#8211; Ingrid<\/b><\/p>\n\n\n\n<p>Ok.<\/p>\n\n\n\n<p><b><a id=\"sonaar_ts-6927c4b9ee1d5\" class=\"srmp3_sonaar_ts_shortcode\"  style=\"\" href=\"javascript:sonaar_ts_shortcode({ trackid:'0', time:'00:15:24', ts_id:'6927c4b9ee1d5', play_icon:'' }) ;\">[00:15:24]<\/a> &#8211; C\u00e9cile<\/b><\/p>\n\n\n\n<p>Comme \u00e7a, ce n&#8217;est pas aux enseignants de porter ce poids-l\u00e0. Et \u00e7a&nbsp; fonctionne plut\u00f4t bien. Bien s\u00fbr, il y a des m\u00e9thodes de communication, il y a des applications pour communiquer, etc. Mais le r\u00f4le d&#8217;\u00e9ducateur que peut avoir l&#8217;enseignant, notamment dans les villages s\u00e9n\u00e9galais, o\u00f9 il va \u00eatre \u00e9ducateur tout le temps, voil\u00e0 s&#8217;il croise un enfant dans le village, il va avoir aussi cette proximit\u00e9, cette posture-l\u00e0&#8230; Chose que les enseignants, peut-\u00eatre fran\u00e7ais, regrettent parce que \u00e7a existait avant. Eux, c&#8217;est quelque chose qui est encore tr\u00e8s pr\u00e9sent dans les valeurs et qui se sent aussi dans la mani\u00e8re les familles peuvent vouloir interagir avec l&#8217;enseignant.<\/p>\n\n\n\n<p><b><a id=\"sonaar_ts-6927c4b9ee1de\" class=\"srmp3_sonaar_ts_shortcode\"  style=\"\" href=\"javascript:sonaar_ts_shortcode({ trackid:'0', time:'00:16:09', ts_id:'6927c4b9ee1de', play_icon:'' }) ;\">[00:16:09]<\/a> &#8211; Ingrid<\/b><\/p>\n\n\n\n<p>Tu as \u00e9t\u00e9 directrice avant dans un autre pays qui n&#8217;a pas les m\u00eames sp\u00e9cificit\u00e9s que le S\u00e9n\u00e9gal. Qu&#8217;est-ce que tu vois comme sp\u00e9cificit\u00e9 dans un pays qui a le fran\u00e7ais comme langue officielle, qui a \u00e9t\u00e9 une colonie fran\u00e7aise, qui a des liens tr\u00e8s \u00e9troits avec la France ? Est-ce que tu penses qu&#8217;il y a des choses qui se retrouvent, qui ne se retrouveraient pas, par exemple, si tu \u00e9tais directrice, je ne sais pas, en Am\u00e9rique du Sud, o\u00f9 ils parlent l&#8217;espagnol, o\u00f9 ils ont moins de liens avec la France ou avec m\u00eame peut-\u00eatre des pays africains, mais plut\u00f4t anglophones ?<\/p>\n\n\n\n<p><b><a id=\"sonaar_ts-6927c4b9ee1e3\" class=\"srmp3_sonaar_ts_shortcode\"  style=\"\" href=\"javascript:sonaar_ts_shortcode({ trackid:'0', time:'00:16:45', ts_id:'6927c4b9ee1e3', play_icon:'' }) ;\">[00:16:45]<\/a> &#8211; C\u00e9cile<\/b><\/p>\n\n\n\n<p>Il y a plusieurs points. D\u00e9j\u00e0, le S\u00e9n\u00e9gal, la langue de scolarisation, c&#8217;est le fran\u00e7ais, mais ils travaillent aussi de plus en plus sur la prise en compte des dialectes, pour que le wolof ou le diola soient aussi appris et utilis\u00e9s \u00e0 l&#8217;\u00e9cole. Et donc la plupart du temps, pour des \u00e9l\u00e8ves s\u00e9n\u00e9galais, quand ils arrivent \u00e0 l&#8217;\u00e9cole, ils ne parlent pas forc\u00e9ment fran\u00e7ais, selon les familles. Et d&#8217;ailleurs, moi, j&#8217;ai \u00e9t\u00e9 \u00e9tonn\u00e9e et tr\u00e8s admirative. Les enseignants, quand ils sont nomm\u00e9s, ils peuvent \u00eatre nomm\u00e9s dans le pays et envoy\u00e9s dans des r\u00e9gions qui ont un dialecte diff\u00e9rent du leur et ls peuvent se retrouver \u00e0 enseigner en diola alors qu&#8217;ils sont d&#8217;origine peul, par exemple, ou d&#8217;autres inversions comme \u00e7a. Donc d&#8217;enseigner \u00e0 des \u00e9l\u00e8ves qui ne parlent pas la m\u00eame langue qu&#8217;eux. Moi, je suis tr\u00e8s admirative, je ne sais pas comment je me d\u00e9brouillerais \u00e0 leur place. Et donc ils ont quand m\u00eame cette flexibilit\u00e9 vis-\u00e0-vis de la langue. Et dans les apprentissages, au S\u00e9n\u00e9gal, \u00e0 chaque fois, la premi\u00e8re s\u00e9ance, c&#8217;est une s\u00e9ance de langage, parce que l\u00e0, on va apprendre le vocabulaire sp\u00e9cifique \u00e0 la notion qu&#8217;on va avoir, partant du principe qu&#8217;il y a plein d&#8217;\u00e9l\u00e8ves qui ne connaissent pas les mots, puisqu&#8217;ils ne sont pas forc\u00e9ment francophones \u00e0 l&#8217;origine.<\/p>\n\n\n\n<p><b><a id=\"sonaar_ts-6927c4b9ee1e7\" class=\"srmp3_sonaar_ts_shortcode\"  style=\"\" href=\"javascript:sonaar_ts_shortcode({ trackid:'0', time:'00:17:47', ts_id:'6927c4b9ee1e7', play_icon:'' }) ;\">[00:17:47]<\/a> &#8211; C\u00e9cile<\/b><\/p>\n\n\n\n<p>Et \u00e7a, c&#8217;est quelque chose que nous, on ne fait pas en France. Mais malgr\u00e9 tout, il y a plein de familles qui ne sont pas forc\u00e9ment francophones \u00e0 la maison, qui fr\u00e9quentent les \u00e9coles fran\u00e7aises. Et puis on a des enfants qui ont des niveaux de langage aussi assez diff\u00e9rents. Donc finalement, je pense que c&#8217;est une bonne habitude qu&#8217;on pourrait leur piquer de bien reposer \u00e0 chaque fois le langage, le vocabulaire, etc, avant de d\u00e9marrer une nouvelle notion. Ce que je note aussi, c&#8217;est que les S\u00e9n\u00e9galais qui ont fait des \u00e9tudes \u00e0 l&#8217;Universit\u00e9, etc, ils ont un niveau de fran\u00e7ais dans la mani\u00e8re de formuler les phrases, etc, qui est extr\u00eamement soutenu et souvent beaucoup plus travaill\u00e9 que quelqu&#8217;un qui est francophone de naissance.<\/p>\n\n\n\n<p><b><a id=\"sonaar_ts-6927c4b9ee1ec\" class=\"srmp3_sonaar_ts_shortcode\"  style=\"\" href=\"javascript:sonaar_ts_shortcode({ trackid:'0', time:'00:18:21', ts_id:'6927c4b9ee1ec', play_icon:'' }) ;\">[00:19:02]<\/a> &#8211; Ingrid<\/b><\/p>\n\n\n\n<p>Je me suis rendu compte aussi en parlant \u00e0 des gens ici, que parfois, ils ont du vocabulaire bien plus avanc\u00e9 que nous et pr\u00e9cis.<\/p>\n\n\n\n<p><b><a id=\"sonaar_ts-6927c4b9ee1f4\" class=\"srmp3_sonaar_ts_shortcode\"  style=\"\" href=\"javascript:sonaar_ts_shortcode({ trackid:'0', time:'00:18:32', ts_id:'6927c4b9ee1f4', play_icon:'' }) ;\">[00:19:11]<\/a> &#8211; C\u00e9cile<\/b><\/p>\n\n\n\n<p>Donc, il y a quand m\u00eame, on sent sur certains points, la richesse aussi qu&#8217;il y a derri\u00e8re tout \u00e7a.<\/p>\n\n\n\n<p><b><a id=\"sonaar_ts-6927c4b9ee1f8\" class=\"srmp3_sonaar_ts_shortcode\"  style=\"\" href=\"javascript:sonaar_ts_shortcode({ trackid:'0', time:'00:18:36', ts_id:'6927c4b9ee1f8', play_icon:'' }) ;\">[00:18:08]<\/a> &#8211; Ingrid<\/b><\/p>\n\n\n\n<p>D&#8217;accord.<\/p>\n\n\n\n<p><b><a id=\"sonaar_ts-6927c4b9ee1fd\" class=\"srmp3_sonaar_ts_shortcode\"  style=\"\" href=\"javascript:sonaar_ts_shortcode({ trackid:'0', time:'00:18:37', ts_id:'6927c4b9ee1fd', play_icon:'' }) ;\">[00:18:09]<\/a> &#8211; C\u00e9cile<\/b><\/p>\n\n\n\n<p>L&#8217;autre point, c&#8217;est&#8230; Je pense aussi \u00e0 l&#8217;actualit\u00e9, parce que l\u00e0, il y a eu les l&#8217;anniversaire du d\u00e9barquement, etc. On a quand m\u00eame pas mal parl\u00e9 de la m\u00e9moire des tirailleurs s\u00e9n\u00e9galais pendant la guerre. Il y a eu l&#8217;anniversaire du massacre de Thairoye, c&#8217;\u00e9tait un point aussi important. Donc \u00e7a, c&#8217;est des choses qu&#8217;on travaille et qu&#8217;on discute beaucoup ici. Nos \u00e9l\u00e8ves, ils ont eu la chance de pouvoir rencontrer un ancien tirailleur s\u00e9n\u00e9galais qui a donn\u00e9 une conf\u00e9rence et qui parlait justement de sa relation \u00e0 la France. Je pense que selon les g\u00e9n\u00e9rations, ils n&#8217;ont pas tout \u00e0 fait la m\u00eame perception de la France et de ce qu&#8217;a pu apporter la France au S\u00e9n\u00e9gal. Il y a des histoires tr\u00e8s touchantes, tr\u00e8s fortes. Que je note aussi, c&#8217;est que les S\u00e9n\u00e9galais qui ont fait des \u00e9tudes \u00e0 l&#8217;Universit\u00e9, etc, ils ont un niveau de fran\u00e7ais dans la mani\u00e8re de formuler les phrases, etc, qui est extr\u00eamement soutenu et souvent beaucoup plus travaill\u00e9 que quelqu&#8217;un qui est francophone de naissance.<\/p>\n\n\n\n<p><b><a id=\"sonaar_ts-6927c4b9ee201\" class=\"srmp3_sonaar_ts_shortcode\"  style=\"\" href=\"javascript:sonaar_ts_shortcode({ trackid:'0', time:'00:19:15', ts_id:'6927c4b9ee201', play_icon:'' }) ;\">[00:19:16]<\/a> &#8211; Ingrid<\/b><\/p>\n\n\n\n<p>D&#8217;accord. Parce que je me posais la question, vu que dans l&#8217;actualit\u00e9, en ce moment, il y a quand m\u00eame une volont\u00e9 de la part des pays africains francophones, et notamment le S\u00e9n\u00e9gal, de se distancier avec la France, notamment au niveau militaire. Et on sait que l&#8217;enseignement, la langue, c&#8217;est un peu du soft power qui permet de garder des relations, mais sans \u00eatre dans l&#8217;invasion, la domination militaire, etc. Et donc, je me demandais si \u00e7a, \u00e7a se ressentait et que peut-\u00eatre, il pouvait y avoir des familles qui avaient cette volont\u00e9 de garder un lien avec la France ou au contraire d&#8217;autres qui pouvaient avoir une r\u00e9ticence aujourd&#8217;hui \u00e0 \u00eatre trop dans le syst\u00e8me fran\u00e7ais et avoir un rejet aujourd&#8217;hui.<\/p>\n\n\n\n<p><b><a id=\"sonaar_ts-6927c4b9ee206\" class=\"srmp3_sonaar_ts_shortcode\"  style=\"\" href=\"javascript:sonaar_ts_shortcode({ trackid:'0', time:'00:20:02', ts_id:'6927c4b9ee206', play_icon:'' }) ;\">[00:20:03]<\/a> &#8211; C\u00e9cile<\/b><\/p>\n\n\n\n<p>Dans les familles qui fr\u00e9quentent l&#8217;\u00e9cole, on n&#8217;a pas ce ph\u00e9nom\u00e8ne de rejet. Je pense que les familles qui la fr\u00e9quentent, justement, c&#8217;est parce qu&#8217;ils font le choix aussi de venir chercher ce m\u00e9lange culturel. Donc \u00e7a, on ne le sent pas. Et apr\u00e8s, comme on est dans la coop\u00e9ration, nous, on vient avec un certain nombre d&#8217;institutions s\u00e9n\u00e9galaises avec lesquelles on travaille et avec lesquelles les relations sont bonnes. Les \u00e9changes se passent bien, les dossiers sont travaill\u00e9s en commun. Et moi, j&#8217;ai vraiment, \u00e0 chaque fois, beaucoup de plaisir \u00e0 rencontrer les membres, que ce soit de l&#8217;inspection d&#8217;acad\u00e9mie ou l&#8217;inspection de Dakar Plateau dont on d\u00e9pend, ou les membres de la direction de l&#8217;enseignement \u00e9l\u00e9mentaire, parce qu&#8217;on peut travailler sur des sujets p\u00e9dagogiques assez pointu quand on est sur l&#8217;hybridation des programmes. C&#8217;est tr\u00e8s int\u00e9ressant intellectuellement pour les deux parties, parce que nous aussi, on apprend beaucoup dans la mani\u00e8re de concevoir les apprentissages, de les pr\u00e9senter. Et ce que je per\u00e7ois aussi chaque ann\u00e9e, quand on recrute des enseignants qui viennent du minist\u00e8re public s\u00e9n\u00e9galais, il y a un travail de formation des enseignants qui est assez cons\u00e9quent. Ils ont lanc\u00e9 un nouveau programme en math\u00e9matiques.<\/p>\n\n\n\n<p><b><a id=\"sonaar_ts-6927c4b9ee20b\" class=\"srmp3_sonaar_ts_shortcode\"  style=\"\" href=\"javascript:sonaar_ts_shortcode({ trackid:'0', time:'00:21:02', ts_id:'6927c4b9ee20b', play_icon:'' }) ;\">[00:21:12]<\/a> &#8211; C\u00e9cile<\/b><\/p>\n\n\n\n<p>Ils ont aussi lanc\u00e9 l&#8217;enseignement de l&#8217;anglais en \u00e9l\u00e9mentaire. \u00c7a, c&#8217;est des choses qui sont relativement nouvelles. Et l\u00e0, chaque ann\u00e9e, je sens que les enseignants sont de plus en plus au fait de ces choses-l\u00e0. Ils les ont v\u00e9cues en formation, ils ont commenc\u00e9 \u00e0 les mettre en place. Donc, je vois aussi un effet des d\u00e9cisions de formation sur la masse des enseignants qu&#8217;ils ont \u00e0 former qui est assez impressionnant.<\/p>\n\n\n\n<p><b><a id=\"sonaar_ts-6927c4b9ee213\" class=\"srmp3_sonaar_ts_shortcode\"  style=\"\" href=\"javascript:sonaar_ts_shortcode({ trackid:'0', time:'00:21:36', ts_id:'6927c4b9ee213', play_icon:'' }) ;\">[00:21:36]<\/a> &#8211; Ingrid<\/b><\/p>\n\n\n\n<p>Oui, c&#8217;est bien, c&#8217;est int\u00e9ressant. C&#8217;est vrai que le S\u00e9n\u00e9gal est en ce moment dans une p\u00e9riode un peu d&#8217;\u00e9volution tr\u00e8s rapide sur beaucoup de sujets.<\/p>\n\n\n\n<p><b><a id=\"sonaar_ts-6927c4b9ee217\" class=\"srmp3_sonaar_ts_shortcode\"  style=\"\" href=\"javascript:sonaar_ts_shortcode({ trackid:'0', time:'00:21:43', ts_id:'6927c4b9ee217', play_icon:'' }) ;\">[00:21:43]<\/a> &#8211; C\u00e9cile<\/b><\/p>\n\n\n\n<p>Oui.<\/p>\n\n\n\n<p><b><a id=\"sonaar_ts-6927c4b9ee21c\" class=\"srmp3_sonaar_ts_shortcode\"  style=\"\" href=\"javascript:sonaar_ts_shortcode({ trackid:'0', time:'00:21:52', ts_id:'6927c4b9ee21c', play_icon:'' }) ;\">[00:21:52]<\/a> &#8211; Ingrid<\/b><\/p>\n\n\n\n<p>L\u00e0, j&#8217;aurais une question un peu plus personnelle par rapport au fait qu&#8217;on parle beaucoup de la sp\u00e9cificit\u00e9 du S\u00e9n\u00e9gal. C&#8217;est vrai qu&#8217;en en t&#8217;entendant, on sent vraiment, je ne sais pas si on peut dire un amour, mais un int\u00e9r\u00eat pour ce pays, que tu as vraiment un lien qui s&#8217;est construit avec ce pays. Est-ce que dans tes perspectives, l&#8217;id\u00e9e, c&#8217;est de rester ici ou tu as quand m\u00eame un int\u00e9r\u00eat pour aller voir comment \u00e7a se passe encore ailleurs, peut-\u00eatre sur d&#8217;autres continents, d&#8217;autres syst\u00e8mes, etc.<\/p>\n\n\n\n<p><b><a id=\"sonaar_ts-6927c4b9ee220\" class=\"srmp3_sonaar_ts_shortcode\"  style=\"\" href=\"javascript:sonaar_ts_shortcode({ trackid:'0', time:'00:22:22', ts_id:'6927c4b9ee220', play_icon:'' }) ;\">[00:22:22]<\/a> &#8211; C\u00e9cile<\/b><\/p>\n\n\n\n<p>Moi, je me plais beaucoup ici, effectivement. J&#8217;aime particuli\u00e8rement l&#8217;\u00e9tablissement dans lequel je travaille, parce que la dimension, justement, de coop\u00e9ration, c&#8217;est quelque chose que j&#8217;ai d\u00e9couvert dans cet \u00e9tablissement et que j&#8217;ai \u00e9norm\u00e9ment appr\u00e9ci\u00e9. Dans beaucoup d&#8217;autres \u00e9coles fran\u00e7aises \u00e0 l&#8217;\u00e9tranger, notamment les lyc\u00e9es fran\u00e7ais, on a une culture professionnelle qui est beaucoup plus proche d&#8217;une culture fran\u00e7aise. C&#8217;est tr\u00e8s agr\u00e9able et tr\u00e8s confortable aussi, mais l\u00e0, j&#8217;appr\u00e9cie vraiment ce travail qu&#8217;on fait au quotidien de m\u00e9langes culturels et d&#8217;appropriation de la part des uns et des autres. Donc, c&#8217;est vraiment une dimension importante pour moi dans mon exp\u00e9rience au S\u00e9n\u00e9gal. Apr\u00e8s, notre projet familial, c&#8217;\u00e9tait et surtout de pouvoir d\u00e9couvrir diff\u00e9rents pays, diff\u00e9rentes cultures. Et de mani\u00e8re g\u00e9n\u00e9rale, on n&#8217;aime pas, m\u00eame en vacances, retourner \u00e0 un endroit qu&#8217;on conna\u00eet d\u00e9j\u00e0. On essaye de d\u00e9couvrir des nouveaux endroits. Donc, notre projet \u00e0 plus long terme, effectivement, c&#8217;est plut\u00f4t de partir sur une autre mission. Au niveau de l&#8217;AEFE, les missions des directions, elles durent entre trois et cinq ans. On peut avoir deux missions qui s&#8217;encha\u00eenent avant de retourner en France. Il y a un retour en France qui est toujours pr\u00e9vu au bout de deux missions pour pouvoir aussi se remettre \u00e0 jour pour se rafra\u00eechir un petit peu avant de repartir. L\u00e0, normalement, quand on quitte le S\u00e9n\u00e9gal, on demandera \u00e0 aller dans un autre pays, on ne sait pas o\u00f9. Et puis apr\u00e8s, ce sera un retour en France pour quelques ann\u00e9es.<\/p>\n\n\n\n<p><b><a id=\"sonaar_ts-6927c4b9ee225\" class=\"srmp3_sonaar_ts_shortcode\"  style=\"\" href=\"javascript:sonaar_ts_shortcode({ trackid:'0', time:'00:23:43', ts_id:'6927c4b9ee225', play_icon:'' }) ;\">[00:23:43]<\/a> &#8211; Ingrid<\/b><\/p>\n\n\n\n<p>Ok, c&#8217;est super int\u00e9ressant. En tout cas, \u00e7a a l&#8217;air d&#8217;\u00eatre passionnant comme mode de vie, de d\u00e9couvrir des pays comme \u00e7a. Et puis, gr\u00e2ce \u00e0 ce travail, tu peux avoir beaucoup d&#8217;opportunit\u00e9s. Juste, je reviens peut-\u00eatre \u00e0 quelque chose de plus technique parce que tu as parl\u00e9 des lyc\u00e9es fran\u00e7ais. \u00c7a, c&#8217;est quelque chose que je sais parce que j&#8217;ai cherch\u00e9, puis j&#8217;en ai parl\u00e9 avec Marina, qui est mon amie qui travaille ici. Mais il y a une sp\u00e9cificit\u00e9 entre ce qu&#8217;on appelle les lyc\u00e9es fran\u00e7ais, qui sont un peu les lyc\u00e9es officiels, quelque chose comme \u00e7a, et d&#8217;autres types d&#8217;\u00e9tablissements. Je dis que je le sais, mais en fait, j&#8217;ai eu du mal \u00e0 comprendre. Je suis all\u00e9e sur le site de l&#8217;AEFE, mais peut-\u00eatre que pour nos auditeurs, \u00e7a peut \u00eatre int\u00e9ressant de comprendre s&#8217;ils ont des des enfants qui veulent mettre&#8230;<\/p>\n\n\n\n<p><b><a id=\"sonaar_ts-6927c4b9ee22d\" class=\"srmp3_sonaar_ts_shortcode\"  style=\"\" href=\"javascript:sonaar_ts_shortcode({ trackid:'0', time:'00:24:31', ts_id:'6927c4b9ee22d', play_icon:'' }) ;\">[00:24:31]<\/a> &#8211; C\u00e9cile<\/b><\/p>\n\n\n\n<p>En fait, il y a trois types d&#8217;\u00e9tablissements qui travaillent en lien avec l&#8217;AEFE et la diff\u00e9rence ne va pas se jouer dans le nom. C&#8217;est-\u00e0-dire que le nom \u00ab Lyc\u00e9e Fran\u00e7ais \u00bb, il y a plein d&#8217;\u00e9tablissements qui ont ce nom-l\u00e0 et qui peuvent l&#8217;avoir \u00e0 partir du moment o\u00f9 ils appliquent les programmes fran\u00e7ais. Par contre, \u00e7a va \u00eatre, notamment sur le site de l&#8217;AEFE, c&#8217;est indiqu\u00e9 o\u00f9 \u00e0 l&#8217;entr\u00e9e de l&#8217;\u00e9tablissement, on a des \u00e9tablissements qui sont en gestion directe. \u00c7a veut dire que l&#8217;\u00e9tablissement appartient \u00e0 l&#8217;AEFE, que tous les personnels sont embauch\u00e9s et r\u00e9mun\u00e9r\u00e9s int\u00e9gr\u00e9s par l&#8217;AEFE, par la France. C&#8217;est le cas notamment du lyc\u00e9e Jean Mermoz \u00e0 Dakar. Et ensuite, on a deux autres niveaux de partenariat. Il y a des \u00e9tablissements qui sont conventionn\u00e9s. Quand ils sont conventionn\u00e9s, il y a une partie du personnel, souvent, c&#8217;est l&#8217;\u00e9quipe de direction, les formateurs et une partie du personnel enseignant qui est envoy\u00e9e par l&#8217;AEFE. Ce sont des titulaires fran\u00e7ais qui sont en d\u00e9tachement et le reste du personnel qui est employ\u00e9 en local. L&#8217;\u00e9tablissement, soit c&#8217;est une entreprise, soit c&#8217;est une association. \u00c7a peut \u00eatre une association parentale qui va \u00eatre g\u00e9r\u00e9e en accord avec la convention sign\u00e9e avec l&#8217;AEFE.<\/p>\n\n\n\n<p><b><a id=\"sonaar_ts-6927c4b9ee231\" class=\"srmp3_sonaar_ts_shortcode\"  style=\"\" href=\"javascript:sonaar_ts_shortcode({ trackid:'0', time:'00:25:37', ts_id:'6927c4b9ee231', play_icon:'' }) ;\">[00:25:37]<\/a> &#8211; C\u00e9cile<\/b><\/p>\n\n\n\n<p>Et le dernier niveau, c&#8217;est les \u00e9tablissements partenaires. C&#8217;est ceux qui sont le plus nombreux \u00e0 l&#8217;heure actuelle. Quand on est partenaire de l&#8217;AEFE, tous les personnels sont embauch\u00e9s en local, donc sont employ\u00e9s par l&#8217;entreprise ou par l&#8217;association qui g\u00e8re l&#8217;\u00e9tablissement. Et le partenariat avec l&#8217;AEFE garantit le respect des programmes fran\u00e7ais. \u00c7a, c&#8217;est l&#8217;homologation, c&#8217;est dans tous les \u00e9tablissements et je pense que \u00e7a, c&#8217;est le point le plus important. Et garantit aussi l&#8217;acc\u00e8s \u00e0 la formation. \u00c7a aussi, c&#8217;est un point tr\u00e8s important pour les \u00e9coles et pour la qualit\u00e9 de l&#8217;enseignement. C&#8217;est-\u00e0-dire que nous, dans l&#8217;accord de partenariat, on verse une r\u00e9tribution sur un certain pourcentage \u00e0 l&#8217;AEFE et on peut envoyer nos enseignants en formation. Et donc, l&#8217;AEFE est notamment connu pour \u00eatre un membre actif de la formation des enseignants. Et pour des enseignants comme Marina qui viennent de France, ils d\u00e9couvrent que les opportunit\u00e9s de formation quand on est enseignant \u00e0 l&#8217;\u00e9tranger, elles sont \u00e9normes. En fait, il y en a \u00e9norm\u00e9ment. Et \u00e7a ressemble \u00e0 ce qu&#8217;on avait en France il y a quelques ann\u00e9es qui a malheureusement tendance \u00e0 dispara\u00eetre. Donc c&#8217;est des points qui sont importants pour la qualit\u00e9 de l&#8217;enseignement.<\/p>\n\n\n\n<p><b><a id=\"sonaar_ts-6927c4b9ee23a\" class=\"srmp3_sonaar_ts_shortcode\"  style=\"\" href=\"javascript:sonaar_ts_shortcode({ trackid:'0', time:'00:26:47', ts_id:'6927c4b9ee23a', play_icon:'' }) ;\">[00:26:47]<\/a> &#8211; C\u00e9cile<\/b><\/p>\n\n\n\n<p>Mais dans tous les \u00e9tablissements, l&#8217;homologation est pr\u00e9sente et l&#8217;acc\u00e8s \u00e0 la formation est pr\u00e9sente. Apr\u00e8s, c&#8217;est vraiment une relation de proximit\u00e9 avec le minist\u00e8re de l&#8217;\u00c9ducation nationale qui va \u00eatre plus ou moins proportionn\u00e9 dans l&#8217;\u00e9tablissement.<\/p>\n\n\n\n<p><b><a id=\"sonaar_ts-6927c4b9ee23e\" class=\"srmp3_sonaar_ts_shortcode\"  style=\"\" href=\"javascript:sonaar_ts_shortcode({ trackid:'0', time:'00:27:00', ts_id:'6927c4b9ee23e', play_icon:'' }) ;\">[00:27:00]<\/a> &#8211; Ingrid<\/b><\/p>\n\n\n\n<p>D&#8217;accord. Pour les parents, \u00e7a ne change pas grand-chose. Le programme sera le m\u00eame, la qualit\u00e9 de l&#8217;enseignement sera la m\u00eame.<\/p>\n\n\n\n<p><b><a id=\"sonaar_ts-6927c4b9ee243\" class=\"srmp3_sonaar_ts_shortcode\"  style=\"\" href=\"javascript:sonaar_ts_shortcode({ trackid:'0', time:'00:27:08', ts_id:'6927c4b9ee243', play_icon:'' }) ;\">[00:27:08]<\/a> &#8211; C\u00e9cile<\/b><\/p>\n\n\n\n<p>Oui<\/p>\n\n\n\n<p><b><a id=\"sonaar_ts-6927c4b9ee247\" class=\"srmp3_sonaar_ts_shortcode\"  style=\"\" href=\"javascript:sonaar_ts_shortcode({ trackid:'0', time:'00:27:09', ts_id:'6927c4b9ee247', play_icon:'' }) ;\">[00:27:09]<\/a> &#8211; Ingrid<\/b><\/p>\n\n\n\n<p>Donc que pas de panique, on va dire, si on trouve des \u00e9tablissements qui sont plus ou moins, qui sont \u00e0 certains niveaux, \u00e7a ne change de rien en termes d&#8217;\u00e9ducation pour les enfants.<\/p>\n\n\n\n<p><b><a id=\"sonaar_ts-6927c4b9ee24b\" class=\"srmp3_sonaar_ts_shortcode\"  style=\"\" href=\"javascript:sonaar_ts_shortcode({ trackid:'0', time:'00:27:21', ts_id:'6927c4b9ee24b', play_icon:'' }) ;\">[00:27:21]<\/a> &#8211; C\u00e9cile<\/b><\/p>\n\n\n\n<p>Le crit\u00e8re de qualit\u00e9, l&#8217;audit d&#8217;homologation, c&#8217;est vraiment un audit qui est assez coriace \u00e0 pr\u00e9parer. C&#8217;est renouvel\u00e9 tous les cinq ans, donc c&#8217;est quand m\u00eame aussi revu r\u00e9guli\u00e8rement. C&#8217;est vraiment une garantie de qualit\u00e9 qui fait aussi la sp\u00e9cificit\u00e9 du r\u00e9seau fran\u00e7ais. C&#8217;est-\u00e0-dire que, par exemple si on prend les \u00e9coles am\u00e9ricaines ou britanniques \u00e0 l&#8217;\u00e9tranger, il n&#8217;y a pas une homologation par un r\u00e9seau et il n&#8217;y a pas une validation de l&#8217;appellation en fait. Donc \u00e7a, c&#8217;est quand m\u00eame un point fort. Et puis, je pense que c&#8217;est s\u00e9curisant quand on est parent, parce qu&#8217;on sait qu&#8217;il y a un certain cadre qui est garanti, que ce soit sur la s\u00e9curit\u00e9 des \u00e9l\u00e8ves, les infrastructures et sur les enseignements, le fait que les programmes soient respect\u00e9s. Apr\u00e8s, quand on est \u00e0 l&#8217;\u00e9tranger, il y a quand m\u00eame pas mal d&#8217;\u00e9tablissements qui ont diff\u00e9rentes fili\u00e8res et qui peuvent avoir des fili\u00e8res homologu\u00e9es, des fili\u00e8res non homologu\u00e9es. \u00c7a, \u00e7a existe, donc voil\u00e0 il faut juste v\u00e9rifier. Souvent, on peut avoir des sections internationales \u00e0 parit\u00e9 horaire, par exemple, qui ne vont pas forc\u00e9ment \u00eatre homologu\u00e9es, et puis une section un peu plus fran\u00e7aise qui va \u00eatre homologu\u00e9e. Donc l\u00e0, Tout d\u00e9pend aussi du projet des familles. C&#8217;est vrai que moi, je suis enseignante de la fonction publique fran\u00e7aise, donc c&#8217;est vrai que j&#8217;y attache une importance, et je trouve \u00e7a rassurant aussi en tant que maman que mes enfants, ils suivent un programme qui est homologu\u00e9, parce que je sais que si on est amen\u00e9 \u00e0 retourner en France, ils n&#8217;auront pas une perte de rep\u00e8re trop importante. Et comme on les a d\u00e9j\u00e0 mobilis\u00e9s un petit peu en les changeant de pays plusieurs fois, on ne veut pas en demander davantage.<\/p>\n\n\n\n<p><b><a id=\"sonaar_ts-6927c4b9ee250\" class=\"srmp3_sonaar_ts_shortcode\"  style=\"\" href=\"javascript:sonaar_ts_shortcode({ trackid:'0', time:'00:28:53', ts_id:'6927c4b9ee250', play_icon:'' }) ;\">[00:28:53]<\/a> &#8211; Ingrid<\/b><\/p>\n\n\n\n<p>Oui, c&#8217;est totalement compr\u00e9hensible. Et juste pour finir, ces \u00e9tablissements, par contre, ils sont tous priv\u00e9s. Il n&#8217;y a pas la France qui a des \u00e9tablissements publics \u00e0 l&#8217;\u00e9tranger, compl\u00e8tement gratuits pour les \u00e9l\u00e8ves fran\u00e7ais ?<\/p>\n\n\n\n<p><b><a id=\"sonaar_ts-6927c4b9ee258\" class=\"srmp3_sonaar_ts_shortcode\"  style=\"\" href=\"javascript:sonaar_ts_shortcode({ trackid:'0', time:'00:29:07', ts_id:'6927c4b9ee258', play_icon:'' }) ;\">[00:29:07]<\/a> &#8211; C\u00e9cile<\/b><\/p>\n\n\n\n<p>Non.<\/p>\n\n\n\n<p><b><a id=\"sonaar_ts-6927c4b9ee25d\" class=\"srmp3_sonaar_ts_shortcode\"  style=\"\" href=\"javascript:sonaar_ts_shortcode({ trackid:'0', time:'00:29:08', ts_id:'6927c4b9ee25d', play_icon:'' }) ;\">[00:29:08]<\/a> &#8211; Ingrid<\/b><\/p>\n\n\n\n<p>\u00c7a n&#8217;existe pas ?<\/p>\n\n\n\n<p><b><a id=\"sonaar_ts-6927c4b9ee261\" class=\"srmp3_sonaar_ts_shortcode\"  style=\"\" href=\"javascript:sonaar_ts_shortcode({ trackid:'0', time:'00:29:08', ts_id:'6927c4b9ee261', play_icon:'' }) ;\">[00:29:08]<\/a> &#8211; C\u00e9cile<\/b><\/p>\n\n\n\n<p>En fait, l&#8217;AEFE, c&#8217;est une agence, un organisme public qui organise les \u00e9coles. Et les \u00e9coles, ce sont des organismes priv\u00e9s qui rendent une mission de service public. C&#8217;est-\u00e0-dire qu&#8217;on fonctionne comme une \u00e9cole publique sur plein de points, mais effectivement, il y a des frais d&#8217;inscription, des frais de scolarisation que les familles doivent payer. Alors apr\u00e8s, pour les enfants qui sont de nationalit\u00e9 fran\u00e7aise, il peut y avoir des bourses. Donc c&#8217;est-\u00e0-dire qu&#8217;on peut avoir des familles qui sont boursaires \u00e0 100% et qui ont la scolarit\u00e9 prise en charge par l&#8217;\u00c9tat fran\u00e7ais.<\/p>\n\n\n\n<p><b><a id=\"sonaar_ts-6927c4b9ee265\" class=\"srmp3_sonaar_ts_shortcode\"  style=\"\" href=\"javascript:sonaar_ts_shortcode({ trackid:'0', time:'00:29:37', ts_id:'6927c4b9ee265', play_icon:'' }) ;\">[00:29:37]<\/a> &#8211; Ingrid<\/b><\/p>\n\n\n\n<p>D&#8217;accord. C&#8217;est int\u00e9ressant parce que parmi nos auditeurs, il y a des personnes qui ne sont pas fran\u00e7aises, mais qui ont leurs enfants qui ont deux nationalit\u00e9s. Donc, \u00e7a peut \u00eatre int\u00e9ressant de s&#8217;int\u00e9resser justement \u00e0 ce syst\u00e8me, \u00e0 la possibilit\u00e9 des bourses, etc. Je suis s\u00fbre qu&#8217;ils vont \u00eatre tr\u00e8s contents d&#8217;avoir ces informations et puis ces analyses de l&#8217;int\u00e9rieur. C&#8217;\u00e9tait super int\u00e9ressant. Je ne sais pas si tu voulais ajouter quelque chose avant de terminer, mais sinon, en tout cas, tu nous as racont\u00e9 plein de choses int\u00e9ressantes. C&#8217;\u00e9tait super.<\/p>\n\n\n\n<p><b><a id=\"sonaar_ts-6927c4b9ee26a\" class=\"srmp3_sonaar_ts_shortcode\"  style=\"\" href=\"javascript:sonaar_ts_shortcode({ trackid:'0', time:'00:30:08', ts_id:'6927c4b9ee26a', play_icon:'' }) ;\">[00:30:08]<\/a> &#8211; C\u00e9cile<\/b><\/p>\n\n\n\n<p>Non, je pense que oui, j&#8217;ai dit tout ce qui me paraissait important sur l&#8217;\u00e9cole.<\/p>\n\n\n\n<p><b><a id=\"sonaar_ts-6927c4b9ee272\" class=\"srmp3_sonaar_ts_shortcode\"  style=\"\" href=\"javascript:sonaar_ts_shortcode({ trackid:'0', time:'00:30:14', ts_id:'6927c4b9ee272', play_icon:'' }) ;\">[00:30:14]<\/a> &#8211; Ingrid<\/b><\/p>\n\n\n\n<p>Ok. Merci Merci beaucoup, avec plaisir.<\/p>\n\n\n\n<p><b><a id=\"sonaar_ts-6927c4b9ee277\" class=\"srmp3_sonaar_ts_shortcode\"  style=\"\" href=\"javascript:sonaar_ts_shortcode({ trackid:'0', time:'00:30:16', ts_id:'6927c4b9ee277', play_icon:'' }) ;\">[00:30:16]<\/a> &#8211; Ingrid<\/b><\/p>\n\n\n\n<p>Et voil\u00e0 pour cet \u00e9pisode. J&#8217;esp\u00e8re que \u00e7a vous a plu. N&#8217;h\u00e9sitez pas, comme d&#8217;habitude, \u00e0 laisser des commentaires, \u00e0 nous poser des questions, \u00e0 nous faire part de vos propres exp\u00e9riences. En tout cas, dans deux semaines, je ferai un nouvel \u00e9pisode solo pour pouvoir vous raconter plus de choses sur le S\u00e9n\u00e9gal. J&#8217;ai observ\u00e9 pas mal de choses int\u00e9ressantes, notamment concernant les relations entre la France et le S\u00e9n\u00e9gal. Donc, je vous en dirai plus la prochaine fois. En attendant, je vous souhaite une bonne fin de semaine et \u00e0 tr\u00e8s bient\u00f4t.<\/p>\n","protected":false},"excerpt":{"rendered":"<p>&#8211; Ingrid Une \u00e9cole fran\u00e7aise sur un autre continent. &#8211; Ingrid Bonjour \u00e0 toutes et \u00e0 tous et bienvenue dans ce nouvel \u00e9pisode. Aujourd&#8217;hui, on va parler du r\u00e9seau des \u00e9coles fran\u00e7aises \u00e0 l&#8217;\u00e9tranger et on va le faire \u00e0 travers l&#8217;exemple de l&#8217;\u00e9cole franco-s\u00e9n\u00e9galaise \u00e0 Dakar. Comme vous le savez, il n&#8217;y a pas&#8230;<\/p>\n","protected":false},"author":17608,"featured_media":293283,"comment_status":"open","ping_status":"open","sticky":false,"template":"","format":[193],"meta":{"_acf_changed":false,"_kad_blocks_custom_css":"","_kad_blocks_head_custom_js":"","_kad_blocks_body_custom_js":"","_kad_blocks_footer_custom_js":"","_kad_post_transparent":"","_kad_post_title":"","_kad_post_layout":"","_kad_post_sidebar_id":"","_kad_post_content_style":"","_kad_post_vertical_padding":"","_kad_post_feature":"","_kad_post_feature_position":"","_kad_post_header":false,"_kad_post_footer":false,"_kad_post_classname":"","footnotes":""},"categories":[168],"tags":[169,172],"class_list":["post-296744","post","type-post","status-publish","format-standard","has-post-thumbnail","hentry","category-podcast","tag-apprentissage","tag-societe","format-itw-ingrid"],"acf":[],"taxonomy_info":{"category":[{"value":168,"label":"Podcast"}],"post_tag":[{"value":169,"label":"Apprentissage"},{"value":172,"label":"Soci\u00e9t\u00e9"}],"format":[{"value":193,"label":"Interview Ingrid"}]},"featured_image_src_large":["https:\/\/innerfrench.com\/wp-content\/uploads\/2025\/09\/E180-750x406.jpg",750,406,true],"author_info":{"display_name":"Ingrid","author_link":"https:\/\/innerfrench.com\/author\/ingrid_temp\/"},"comment_info":10,"category_info":[{"term_id":168,"name":"Podcast","slug":"podcast","term_group":0,"term_taxonomy_id":168,"taxonomy":"category","description":"","parent":0,"count":185,"filter":"raw","cat_ID":168,"category_count":185,"category_description":"","cat_name":"Podcast","category_nicename":"podcast","category_parent":0}],"tag_info":[{"term_id":169,"name":"Apprentissage","slug":"apprentissage","term_group":0,"term_taxonomy_id":169,"taxonomy":"post_tag","description":"","parent":0,"count":31,"filter":"raw"},{"term_id":172,"name":"Soci\u00e9t\u00e9","slug":"societe","term_group":0,"term_taxonomy_id":172,"taxonomy":"post_tag","description":"","parent":0,"count":94,"filter":"raw"}],"_links":{"self":[{"href":"https:\/\/innerfrench.com\/wp-json\/wp\/v2\/posts\/296744","targetHints":{"allow":["GET"]}}],"collection":[{"href":"https:\/\/innerfrench.com\/wp-json\/wp\/v2\/posts"}],"about":[{"href":"https:\/\/innerfrench.com\/wp-json\/wp\/v2\/types\/post"}],"author":[{"embeddable":true,"href":"https:\/\/innerfrench.com\/wp-json\/wp\/v2\/users\/17608"}],"replies":[{"embeddable":true,"href":"https:\/\/innerfrench.com\/wp-json\/wp\/v2\/comments?post=296744"}],"version-history":[{"count":4,"href":"https:\/\/innerfrench.com\/wp-json\/wp\/v2\/posts\/296744\/revisions"}],"predecessor-version":[{"id":297537,"href":"https:\/\/innerfrench.com\/wp-json\/wp\/v2\/posts\/296744\/revisions\/297537"}],"wp:featuredmedia":[{"embeddable":true,"href":"https:\/\/innerfrench.com\/wp-json\/wp\/v2\/media\/293283"}],"wp:attachment":[{"href":"https:\/\/innerfrench.com\/wp-json\/wp\/v2\/media?parent=296744"}],"wp:term":[{"taxonomy":"category","embeddable":true,"href":"https:\/\/innerfrench.com\/wp-json\/wp\/v2\/categories?post=296744"},{"taxonomy":"post_tag","embeddable":true,"href":"https:\/\/innerfrench.com\/wp-json\/wp\/v2\/tags?post=296744"},{"taxonomy":"format","embeddable":true,"href":"https:\/\/innerfrench.com\/wp-json\/wp\/v2\/format?post=296744"}],"curies":[{"name":"wp","href":"https:\/\/api.w.org\/{rel}","templated":true}]}}