{"id":297576,"date":"2025-11-05T15:39:12","date_gmt":"2025-11-05T14:39:12","guid":{"rendered":"https:\/\/innerfrench.com\/?p=297576"},"modified":"2025-11-05T15:50:47","modified_gmt":"2025-11-05T14:50:47","slug":"183-la-france-taxe-t-elle-trop-les-riches","status":"publish","type":"post","link":"https:\/\/innerfrench.com\/183-la-france-taxe-t-elle-trop-les-riches\/","title":{"rendered":"#183 La France taxe-t-elle trop les riches ?"},"content":{"rendered":"\n<p><a id=\"sonaar_ts-6927c485a1762\" class=\"srmp3_sonaar_ts_shortcode\"  style=\"\" href=\"javascript:sonaar_ts_shortcode({ trackid:'0', time:'00:00:02', ts_id:'6927c485a1762', play_icon:'' }) ;\">[00:00:02]<\/a> &#8211; Hugo<\/p>\n\n\n\n<p>La France taxe-t-ellle trop les riches ?<\/p>\n\n\n\n<p><a id=\"sonaar_ts-6927c485a176f\" class=\"srmp3_sonaar_ts_shortcode\"  style=\"\" href=\"javascript:sonaar_ts_shortcode({ trackid:'0', time:'00:00:11', ts_id:'6927c485a176f', play_icon:'' }) ;\">[00:00:11]<\/a> &#8211; Hugo<\/p>\n\n\n\n<p>Salut \u00e0 toutes et \u00e0 tous. Salut Ingrid.<\/p>\n\n\n\n<p><a id=\"sonaar_ts-6927c485a1775\" class=\"srmp3_sonaar_ts_shortcode\"  style=\"\" href=\"javascript:sonaar_ts_shortcode({ trackid:'0', time:'00:00:13', ts_id:'6927c485a1775', play_icon:'' }) ;\">[00:00:13]<\/a> &#8211; Ingrid<\/p>\n\n\n\n<p>Salut Hugo. Comment \u00e7a va ?<\/p>\n\n\n\n<p><a id=\"sonaar_ts-6927c485a177a\" class=\"srmp3_sonaar_ts_shortcode\"  style=\"\" href=\"javascript:sonaar_ts_shortcode({ trackid:'0', time:'00:00:16', ts_id:'6927c485a177a', play_icon:'' }) ;\">[00:00:16]<\/a> &#8211; Hugo<\/p>\n\n\n\n<p>\u00c7a va, \u00e7a va. J&#8217;ai l&#8217;impression que \u00e7a fait longtemps qu&#8217;on n&#8217;a pas enregistr\u00e9 un petit \u00e9pisode ensemble.<\/p>\n\n\n\n<p><a id=\"sonaar_ts-6927c485a177f\" class=\"srmp3_sonaar_ts_shortcode\"  style=\"\" href=\"javascript:sonaar_ts_shortcode({ trackid:'0', time:'00:00:21', ts_id:'6927c485a177f', play_icon:'' }) ;\">[00:00:21]<\/a> &#8211; Ingrid<\/p>\n\n\n\n<p>Oui, c&#8217;est vrai, on a fait pas mal d&#8217;\u00e9pisodes solo, d&#8217;interviews et au final, \u00e7a fait longtemps. On se parle en dehors des \u00e9pisodes, mais \u00e7a fait longtemps qu&#8217;on ne s&#8217;est pas parl\u00e9 face au micro.<\/p>\n\n\n\n<p><a id=\"sonaar_ts-6927c485a1783\" class=\"srmp3_sonaar_ts_shortcode\"  style=\"\" href=\"javascript:sonaar_ts_shortcode({ trackid:'0', time:'00:00:32', ts_id:'6927c485a1783', play_icon:'' }) ;\">[00:00:32]<\/a> &#8211; Hugo<\/p>\n\n\n\n<p>Ouais, mais l\u00e0, c&#8217;est vrai qu&#8217;avec la situation politique en France, on s&#8217;est dit qu&#8217;il fallait faire un \u00e9pisode un peu plus d&#8217;actualit\u00e9, mais en m\u00eame temps, on n&#8217;avait pas forc\u00e9ment envie de parler encore une fois de politique, surtout que la situation n&#8217;a pas trop \u00e9volu\u00e9 par rapport \u00e0 l&#8217;ann\u00e9e derni\u00e8re. Disons que c&#8217;est toujours autant le bazar et que les choses changent tr\u00e8s vite. Donc, on ne veut pas faire un \u00e9pisode qui va se p\u00e9rimer dans une semaine. Mais par contre, il y a un d\u00e9bat assez int\u00e9ressant dans le contexte actuel qui, lui, \u00e0 mon avis, va rester. Donc, c&#8217;est \u00e7a dont on a d\u00e9cid\u00e9 de vous parler aujourd&#8217;hui.<\/p>\n\n\n\n<p><a id=\"sonaar_ts-6927c485a1788\" class=\"srmp3_sonaar_ts_shortcode\"  style=\"\" href=\"javascript:sonaar_ts_shortcode({ trackid:'0', time:'00:01:11', ts_id:'6927c485a1788', play_icon:'' }) ;\">[00:01:11]<\/a> &#8211; Ingrid<\/p>\n\n\n\n<p>Oui, parce que la situation politique fait qu&#8217;il y a des cons\u00e9quences sur les r\u00e9flexions, sur les d\u00e9bats qu&#8217;il y a dans la soci\u00e9t\u00e9 fran\u00e7aise aujourd&#8217;hui et notamment par rapport \u00e0 l&#8217;\u00e9conomie. Puisque, vous le savez, on vous en a d\u00e9j\u00e0 parl\u00e9, en France, en ce moment, il y a trois grandes forces politiques : la gauche, l&#8217;extr\u00eame droite et au milieu, on va dire la droite \/ centre-droit. Et ces forces politiques s&#8217;opposent tellement et font tellement de blocage qu&#8217;il y a des grands d\u00e9bats sur vraiment comment r\u00e9former l&#8217;\u00e9conomie, comment organiser la soci\u00e9t\u00e9, etc. Et notamment sur cette question de : est-ce qu&#8217;on taxe trop ou pas assez les des riches ?<\/p>\n\n\n\n<p><a id=\"sonaar_ts-6927c485a178d\" class=\"srmp3_sonaar_ts_shortcode\"  style=\"\" href=\"javascript:sonaar_ts_shortcode({ trackid:'0', time:'00:02:00', ts_id:'6927c485a178d', play_icon:'' }) ;\">[00:02:00]<\/a> &#8211; Hugo<\/p>\n\n\n\n<p>Oui, parce qu&#8217;aucun de ces blocs n&#8217;a une majorit\u00e9 suffisante pour gouverner \u00e0 l&#8217;Assembl\u00e9e, donc ils sont oblig\u00e9s de d\u00e9battre de toutes ces questions. Et voil\u00e0, c&#8217;est vrai que la question de l&#8217;\u00e9conomie et de cette taxation des riches, on en parle beaucoup, beaucoup depuis quelques mois et on va essayer de vous aider \u00e0 y voir plus clair. C&#8217;est une question qui est d&#8217;autant plus importante pour les Fran\u00e7ais que, comme vous l&#8217;avez peut-\u00eatre entendu, la France est tr\u00e8s endett\u00e9e. On a beaucoup de dettes et donc il faut trouver une solution pour remplir les caisses. Alors \u00e7a, c&#8217;est une expression, \u00ab remplir les caisses de l&#8217;\u00c9tat \u00bb. On dit souvent \u00e7a. \u00c7a veut dire trouver de l&#8217;argent, tout simplement, pour pouvoir financer la dette. Autrement dit, il faut r\u00e9ussir \u00e0 \u00e9quilibrer les d\u00e9penses et les recettes. Les d\u00e9penses, vous savez ce que c&#8217;est quand on d\u00e9pense de l&#8217;argent. L&#8217;\u00e9tat d\u00e9pense de l&#8217;argent pour plein de choses, pour payer les professeurs, pour financer le syst\u00e8me de sant\u00e9, les retraites, etc. Et les recettes, on peut dire que ce sont les revenus de l&#8217;\u00c9tat, que l&#8217;\u00c9tat gagne, principalement \u00e0 travers l&#8217;imp\u00f4t et les taxes.<\/p>\n\n\n\n<p><a id=\"sonaar_ts-6927c485a1791\" class=\"srmp3_sonaar_ts_shortcode\"  style=\"\" href=\"javascript:sonaar_ts_shortcode({ trackid:'0', time:'00:03:12', ts_id:'6927c485a1791', play_icon:'' }) ;\">[00:03:12]<\/a> &#8211; Ingrid<\/p>\n\n\n\n<p>Et justement, c&#8217;est \u00e7a qui oppose les parties. D&#8217;un c\u00f4t\u00e9, on a la droite, le centre-droit, qui souhaite plut\u00f4t couper les d\u00e9penses, c&#8217;est-\u00e0-dire en baissant le nombre de fonctionnaires, par exemple, en baissant certaines aides, allocations. Voil\u00e0, il y a plein de moyens pour faire baisser les d\u00e9penses d&#8217;un \u00c9tat. Et au contraire, la gauche est vraiment concentr\u00e9e sur l&#8217;id\u00e9e d&#8217;augmenter les recettes. Donc, pour augmenter les recettes, il faut augmenter les imp\u00f4ts. Et \u00e0 gauche, il y a une id\u00e9e qui fait son bonhomme de chemin. \u00c7a, c&#8217;est une expression pour dire, qui commence \u00e0 \u00eatre de plus en plus pr\u00e9sent dans le d\u00e9bat public, qu&#8217;on commence \u00e0 int\u00e9grer. C&#8217;est l&#8217;id\u00e9e de mettre en place ce qu&#8217;on appelle la &#8220;taxe Zucman&#8221;, qui est une taxe sur les ultra-riches, donc sur les personnes qui sont tr\u00e8s, tr\u00e8s riches. Et dans cet \u00e9pisode, on va parler de cette taxe, mais pas seulement. Ce sera plut\u00f4t quelque chose qu&#8217;on vous expliquera en derni\u00e8re partie. Mais avant, on voulait vous parler un peu des taxes en g\u00e9n\u00e9ral pour que vous puissiez comprendre o\u00f9 on en est en France.<\/p>\n\n\n\n<p><a id=\"sonaar_ts-6927c485a1795\" class=\"srmp3_sonaar_ts_shortcode\"  style=\"\" href=\"javascript:sonaar_ts_shortcode({ trackid:'0', time:'00:04:33', ts_id:'6927c485a1795', play_icon:'' }) ;\">[00:04:33]<\/a> &#8211; Hugo<\/p>\n\n\n\n<p>Alors d&#8217;abord, on va essayer de comprendre un peu mieux comment la richesse est r\u00e9partie en France, qui sont les riches, qui sont les pauvres et dans quelles proportions. Il faut savoir qu&#8217;en France, comme dans une grande partie des pays riches, la richesse est tr\u00e8s concentr\u00e9e. Selon la fondation Jean Jaur\u00e8s, qui est vraiment une fondation qui publie des \u00e9tudes de r\u00e9f\u00e9rence dans ce domaine, les 10% les plus riches, les 10% des Fran\u00e7ais les plus riches, poss\u00e8dent 55% du patrimoine national. Les 10% des plus riches poss\u00e8dent plus de la moiti\u00e9 du patrimoine national. Le mot patrimoine, il faut qu&#8217;on le d\u00e9finisse. Le patrimoine, c&#8217;est ce que l&#8217;on poss\u00e8de. \u00c7a peut \u00eatre bien s\u00fbr de l&#8217;immobilier, des maisons, des appartements, mais \u00e7a peut \u00eatre aussi, je ne sais pas, des \u0153uvres d&#8217;art, des entreprises, etc. C&#8217;est tout ce que l&#8217;on poss\u00e8de.<\/p>\n\n\n\n<p><a id=\"sonaar_ts-6927c485a179a\" class=\"srmp3_sonaar_ts_shortcode\"  style=\"\" href=\"javascript:sonaar_ts_shortcode({ trackid:'0', time:'00:05:33', ts_id:'6927c485a179a', play_icon:'' }) ;\">[00:05:33]<\/a> &#8211; Ingrid<\/p>\n\n\n\n<p>Alors que pendant ce temps, les 50% les moins riches, poss\u00e8dent seulement 8% du patrimoine, sachant qu&#8217;en plus, la grande majorit\u00e9 ne poss\u00e8de rien du tout. Il y a beaucoup de Fran\u00e7ais qui n&#8217;ont pas de maisons, bien s\u00fbr pas d&#8217;\u0153uvres d&#8217;art, pas de voitures de collection et qui vivent tout simplement au jour le jour en ayant un salaire et puis en le d\u00e9pensant. Et chaque mois, \u00e7a se r\u00e9p\u00e8te.<\/p>\n\n\n\n<p><a id=\"sonaar_ts-6927c485a179f\" class=\"srmp3_sonaar_ts_shortcode\"  style=\"\" href=\"javascript:sonaar_ts_shortcode({ trackid:'0', time:'00:05:58', ts_id:'6927c485a179f', play_icon:'' }) ;\">[00:05:58]<\/a> &#8211; Hugo<\/p>\n\n\n\n<p>Oui. Alors, vous vous demandez peut-\u00eatre combien d&#8217;argent il faut pour faire partie des 10% les plus riches en France. Quel patrimoine il faut ? Il faut poss\u00e9der plus de 716 000 \u20ac de patrimoine. Donc bon, selon votre patrimoine \u00e0 vous, \u00e7a peut vous para\u00eetre \u00e9norme ou au contraire, rien du tout. Et si vous voulez faire partie du top 1%, du 1% des Fran\u00e7ais les plus riches, l\u00e0, il faut avoir un patrimoine de plus de 2,2 millions d&#8217;euros. Donc voil\u00e0. Maintenant, vous savez si vous faites partie des 10 ou des 1% les plus riches en France.<\/p>\n\n\n\n<p><a id=\"sonaar_ts-6927c485a17a3\" class=\"srmp3_sonaar_ts_shortcode\"  style=\"\" href=\"javascript:sonaar_ts_shortcode({ trackid:'0', time:'00:06:38', ts_id:'6927c485a17a3', play_icon:'' }) ;\">[00:06:38]<\/a> &#8211; Ingrid<\/p>\n\n\n\n<p>Dans quelle cat\u00e9gorie je suis ? Ce qui est int\u00e9ressant, c&#8217;est de voir que la courbe de la richesse, elle n&#8217;est pas r\u00e9guli\u00e8re. \u00c0 la fin, elle monte tr\u00e8s, tr\u00e8s vite, tr\u00e8s, tr\u00e8s haut. Et c&#8217;est pour \u00e7a qu&#8217;il faut faire attention quand on parle de personnes riches ou ultra-riches. Parfois, on peut croire qu&#8217;on parle des 50% les plus riches, mais en fait, si on prend vraiment le sommet de la pyramide, c&#8217;est sans commune mesure avec ceux qui sont un peu ais\u00e9s, qui sont des cadres, qui vivent bien. Et parce que au sommet, sommet de la pyramide, on a 145 personnes qui sont milliardaires, l\u00e0, qui carr\u00e9ment ont plus d&#8217;un milliard d&#8217;euros de patrimoine.<\/p>\n\n\n\n<p><a id=\"sonaar_ts-6927c485a17a8\" class=\"srmp3_sonaar_ts_shortcode\"  style=\"\" href=\"javascript:sonaar_ts_shortcode({ trackid:'0', time:'00:07:30', ts_id:'6927c485a17a8', play_icon:'' }) ;\">[00:07:30]<\/a> &#8211; Hugo<\/p>\n\n\n\n<p>Oui, on a d\u00e9j\u00e0 parl\u00e9 de certaines de ces personnes, notamment le plus connu, Bernard Arnault, le patron de l&#8217;entreprise de luxe LVMH. J&#8217;avais fait un \u00e9pisode sur lui, l&#8217;\u00e9pisode 126. Ils ont une fortune qui est estim\u00e9e \u00e0 environ 180 milliards de dollars. Alors cette fortune varie beaucoup d&#8217;un jour \u00e0 l&#8217;autre, parce qu&#8217;en fait, elle est principalement constitu\u00e9e d&#8217;actions de parts de l&#8217;entreprise. Autrement dit, c&#8217;est le fait de poss\u00e9der cette entreprise. Ces actions, elles d\u00e9pendent du cours de la Bourse, donc elles changent beaucoup d&#8217;un jour \u00e0 l&#8217;autre. C&#8217;est pour \u00e7a qu&#8217;un jour, c&#8217;est Elon Musk qui est l&#8217;homme le plus riche du monde et puis, le lendemain, c&#8217;est Bernard Arnault, en fonction des fluctuations des cours de Bourse. Qui il y a d&#8217;autres qui le connaissent peut-\u00eatre dans ces milliardaires ?<\/p>\n\n\n\n<p><a id=\"sonaar_ts-6927c485a17ad\" class=\"srmp3_sonaar_ts_shortcode\"  style=\"\" href=\"javascript:sonaar_ts_shortcode({ trackid:'0', time:'00:08:20', ts_id:'6927c485a17ad', play_icon:'' }) ;\">[00:08:20]<\/a> &#8211; Ingrid<\/p>\n\n\n\n<p>Ils connaissent Vincent Bollor\u00e9, puisque j&#8217;en avais parl\u00e9 dans l&#8217;\u00e9pisode 111. Et d&#8217;ailleurs, j&#8217;en ai aussi parl\u00e9 dans mon dernier \u00e9pisode sur le S\u00e9n\u00e9gal, puisqu&#8217;il poss\u00e8de beaucoup d&#8217;industries en Afrique et il poss\u00e8de aussi beaucoup de m\u00e9dias en France. C&#8217;est pour \u00e7a que j&#8217;en avais parl\u00e9 dans mon autre \u00e9pisode. Apr\u00e8s, on a d&#8217;autres familles dont on conna\u00eet tr\u00e8s bien les noms. Par exemple, pour la haute couture, il y a Herm\u00e8s. Apr\u00e8s, il y a la famille Betancourt qui poss\u00e8de L&#8217;Or\u00e9al. Il me semble que dans un des cours qui sont sur notre site, on parle de Lilliane Betancourt \u00e0 un moment. Il y a aussi Dassault pour l&#8217;armement. Vous en avez peut-\u00eatre d\u00e9j\u00e0 entendu parler quand on parle de vente d&#8217;armes ou d&#8217;avions, par exemple, le Rafale, c&#8217;est Dassault Armement.<\/p>\n\n\n\n<p><a id=\"sonaar_ts-6927c485a17b1\" class=\"srmp3_sonaar_ts_shortcode\"  style=\"\" href=\"javascript:sonaar_ts_shortcode({ trackid:'0', time:'00:09:12', ts_id:'6927c485a17b1', play_icon:'' }) ;\">[00:09:12]<\/a> &#8211; Hugo<\/p>\n\n\n\n<p>Donc, il y a la question de la r\u00e9partition des richesses, mais aussi celles de leur origine. D&#8217;o\u00f9 vient cet argent ? Donc, en fait, pour 90% des Fran\u00e7ais, pour quasiment tous les Fran\u00e7ais, la richesse vient principalement du travail. Autrement dit, ce sont les salaires. C&#8217;est nos salaires qui nous permettent de vivre. Mais plus on monte dans l&#8217;\u00e9chelle des richesses, plus le capital prend le dessus sur le travail. Autrement dit, ce sont les revenus qui viennent de notre patrimoine qui sont les plus importants et pas n\u00e9cessairement les revenus qui viennent de notre travail. Il ne faut pas croire que Bernard Arnault se paye un salaire de plusieurs milliards chaque ann\u00e9e. \u00c7a ne serait pas du tout rentable pour lui de faire \u00e7a. Donc, il a d&#8217;autres fa\u00e7ons de transf\u00e9rer l&#8217;argent de son entreprise vers ses comptes personnels et \u00e7a ne passe pas par le salaire.<\/p>\n\n\n\n<p><a id=\"sonaar_ts-6927c485a17b5\" class=\"srmp3_sonaar_ts_shortcode\"  style=\"\" href=\"javascript:sonaar_ts_shortcode({ trackid:'0', time:'00:10:11', ts_id:'6927c485a17b5', play_icon:'' }) ;\">[00:10:11]<\/a> &#8211; Ingrid<\/p>\n\n\n\n<p>Et c&#8217;est probl\u00e9matique, justement, parce que, comme tu l&#8217;as dit, les taxes ne sont pas les m\u00eames. Donc, quand on est pay\u00e9 en salaire, il y a une grosse partie de ce qui nous est vers\u00e9, de ce qui est d\u00e9pens\u00e9 par l&#8217;entreprise qui va dans les caisses de l&#8217;\u00c9tat, qui sert \u00e0 am\u00e9liorer le syst\u00e8me social fran\u00e7ais. Alors que quand on est pay\u00e9 en dividendes ou quand on re\u00e7oit de l&#8217;argent, des loyers d&#8217;une maison, etc, c&#8217;est tax\u00e9, bien s\u00fbr. Mais en g\u00e9n\u00e9ral, il y a des m\u00e9canismes qui font que c&#8217;est moins tax\u00e9.<\/p>\n\n\n\n<p><a id=\"sonaar_ts-6927c485a17c6\" class=\"srmp3_sonaar_ts_shortcode\"  style=\"\" href=\"javascript:sonaar_ts_shortcode({ trackid:'0', time:'00:10:46', ts_id:'6927c485a17c6', play_icon:'' }) ;\">[00:10:46]<\/a> &#8211; Hugo<\/p>\n\n\n\n<p>Apr\u00e8s, pour me faire l&#8217;avocat du diable, parce que moi aussi, je suis chef d&#8217;entreprise et je me verse des dividendes de temps en temps, l&#8217;inconv\u00e9nient des dividendes, c&#8217;est que \u00e7a ne donne aucun droit. \u00c7a ne donne pas droit \u00e0 la retraite ni de droit \u00e0 l&#8217;assurance maladie. C&#8217;est juste un imp\u00f4t qu&#8217;on paie, mais contrairement au salaire, \u00e7a n&#8217;ouvre pas de droits sociaux. Mais c&#8217;est s\u00fbr que c&#8217;est moins tax\u00e9 que les salaires.<\/p>\n\n\n\n<p><a id=\"sonaar_ts-6927c485a17cb\" class=\"srmp3_sonaar_ts_shortcode\"  style=\"\" href=\"javascript:sonaar_ts_shortcode({ trackid:'0', time:'00:11:10', ts_id:'6927c485a17cb', play_icon:'' }) ;\">[00:11:10]<\/a> &#8211; Ingrid<\/p>\n\n\n\n<p>Et surtout, ton cas, c&#8217;est un cas tr\u00e8s peu courant, finalement, dans la masse de la population. Les chefs d&#8217;entreprises, de petites entreprises ou par exemple les artisans, ils repr\u00e9sentent tr\u00e8s peu dans la population parce qu&#8217;ils sont souvent cit\u00e9s comme exemple. Mais finalement, il faudrait plut\u00f4t avoir des lois d&#8217;exception pour vous plut\u00f4t que penser que \u00e7a fait partie&#8230; Dans les statistiques, \u00e7a p\u00e8se presque rien, on va dire, malheureusement.<\/p>\n\n\n\n<p><a id=\"sonaar_ts-6927c485a17cf\" class=\"srmp3_sonaar_ts_shortcode\"  style=\"\" href=\"javascript:sonaar_ts_shortcode({ trackid:'0', time:'00:11:43', ts_id:'6927c485a17cf', play_icon:'' }) ;\">[00:11:43]<\/a> &#8211; Hugo<\/p>\n\n\n\n<p>Je pense qu&#8217;il faudrait arr\u00eater de taxer les chefs de petites entreprises, tout simplement.<\/p>\n\n\n\n<p><a id=\"sonaar_ts-6927c485a17d3\" class=\"srmp3_sonaar_ts_shortcode\"  style=\"\" href=\"javascript:sonaar_ts_shortcode({ trackid:'0', time:'00:11:47', ts_id:'6927c485a17d3', play_icon:'' }) ;\">[00:11:47]<\/a> &#8211; Ingrid<\/p>\n\n\n\n<p>Je suis d&#8217;accord. En tout cas, il ne faudrait clairement pas les taxer de la m\u00eame mani\u00e8re que les grandes entreprises. \u00c7a devrait \u00eatre une cat\u00e9gorie r\u00e9fl\u00e9chie \u00e0 part. Je fais juste cette parenth\u00e8se, mais souvent, les petites entreprises sont utilis\u00e9es comme excuse pour justifier des cadeaux faits aux tr\u00e8s grandes entreprises. Elles servent un peu de bouclier, finalement.<\/p>\n\n\n\n<p><a id=\"sonaar_ts-6927c485a17d8\" class=\"srmp3_sonaar_ts_shortcode\"  style=\"\" href=\"javascript:sonaar_ts_shortcode({ trackid:'0', time:'00:12:15', ts_id:'6927c485a17d8', play_icon:'' }) ;\">[00:12:15]<\/a> &#8211; Hugo<\/p>\n\n\n\n<p>Oui, c&#8217;est s\u00fbr que chez InnerFrench, on n&#8217;a pas les m\u00eames moyens que chez LVMH, malheureusement.<\/p>\n\n\n\n<p><a id=\"sonaar_ts-6927c485a17e1\" class=\"srmp3_sonaar_ts_shortcode\"  style=\"\" href=\"javascript:sonaar_ts_shortcode({ trackid:'0', time:'00:12:21', ts_id:'6927c485a17e1', play_icon:'' }) ;\">[00:12:21]<\/a> &#8211; Ingrid<\/p>\n\n\n\n<p>C&#8217;est s\u00fbr.<\/p>\n\n\n\n<p><a id=\"sonaar_ts-6927c485a17e5\" class=\"srmp3_sonaar_ts_shortcode\"  style=\"\" href=\"javascript:sonaar_ts_shortcode({ trackid:'0', time:'00:12:22', ts_id:'6927c485a17e5', play_icon:'' }) ;\">[00:12:22]<\/a> &#8211; Hugo<\/p>\n\n\n\n<p>Mais pour revenir \u00e0 ce qu&#8217;on disait, quand on s&#8217;int\u00e9resse au top 0,1%, donc vraiment, les ultra, ceux qu&#8217;on qu&#8217;on appelle les ultra-riches en France, en fait, 60 \u00e0 70% de leurs revenus viennent du capital et pas du travail. Et comme tu l&#8217;as d\u00e9j\u00e0 \u00e9voqu\u00e9, ces revenus du capital, qu&#8217;on appelle parfois les actifs professionnels, ils sont tr\u00e8s peu tax\u00e9s parce que certains politiciens consid\u00e8rent qu&#8217;ils sont productifs, donc il faut \u00e9viter de trop les taxer.<\/p>\n\n\n\n<p><a id=\"sonaar_ts-6927c485a17ea\" class=\"srmp3_sonaar_ts_shortcode\"  style=\"\" href=\"javascript:sonaar_ts_shortcode({ trackid:'0', time:'00:12:55', ts_id:'6927c485a17ea', play_icon:'' }) ;\">[00:12:55]<\/a> &#8211; Ingrid<\/p>\n\n\n\n<p>Et pour terminer sur cette question de la r\u00e9partition des richesses et des in\u00e9galit\u00e9s. Il faut savoir qu&#8217;\u00e9videmment, c&#8217;est quelque chose qui est ancien. Il y a toujours eu des in\u00e9galit\u00e9s, mais ces derni\u00e8res ann\u00e9es, ces 20 derni\u00e8res ann\u00e9es, \u00e7a a beaucoup augment\u00e9. Les riches sont de plus en plus riches et leur richesse augmente tr\u00e8s vite. Chaque ann\u00e9e, on a des nouveaux chiffres qui font tourner la t\u00eate et au contraire, on a de plus en plus de pauvres en France. Suivant le seuil qu&#8217;on choisit de garder, on peut dire qu&#8217;il y a entre 5 et 10 millions de pauvres en France. Donc, \u00e7a va jusqu&#8217;\u00e0 15% de la population. Et \u00e7a, c&#8217;est un chiffre qui est en augmentation notamment depuis 2017, depuis l&#8217;\u00e9lection d&#8217;Emmanuel Macron. Il y a plus de millionnaires, mais il y a aussi plus de pauvres. Et \u00e7a, c&#8217;est quelque chose qui est d\u00fb \u00e0 beaucoup de facteurs, les taxes, mais aussi l&#8217;h\u00e9ritage. Et Le Monde, en 2025, a fait un dossier qui \u00e9tait tr\u00e8s int\u00e9ressant, je vous le conseille, sur l&#8217;h\u00e9ritage. Et ils affirmaient que le niveau des in\u00e9galit\u00e9s d&#8217;aujourd&#8217;hui, \u00e7a revient au m\u00eame que celui de la France du XIX\u1d49 si\u00e8cle.<\/p>\n\n\n\n<p><a id=\"sonaar_ts-6927c485a17ef\" class=\"srmp3_sonaar_ts_shortcode\"  style=\"\" href=\"javascript:sonaar_ts_shortcode({ trackid:'0', time:'00:14:20', ts_id:'6927c485a17ef', play_icon:'' }) ;\">[00:14:20]<\/a> &#8211; Ingrid<\/p>\n\n\n\n<p>Donc, on est un peu revenu \u00e0 un niveau d&#8217;in\u00e9galit\u00e9 d&#8217;une \u00e9poque o\u00f9 il y avait des grandes familles qui poss\u00e9daient beaucoup et d&#8217;autres qui ne poss\u00e9daient rien.<\/p>\n\n\n\n<p><a id=\"sonaar_ts-6927c485a17f3\" class=\"srmp3_sonaar_ts_shortcode\"  style=\"\" href=\"javascript:sonaar_ts_shortcode({ trackid:'0', time:'00:14:33', ts_id:'6927c485a17f3', play_icon:'' }) ;\">[00:14:33]<\/a> &#8211; Hugo<\/p>\n\n\n\n<p>Juste un chiffre int\u00e9ressant \u00e0 avoir en t\u00eate, c&#8217;est que la France est le troisi\u00e8me pays au monde en termes de millionnaires. Le pays qui a le plus de millionnaires dans le monde, c&#8217;est \u00e9videmment les \u00c9tats-Unis. Derri\u00e8re, il y a la Chine et en troisi\u00e8me position, il y a la France. Alors qu&#8217;en termes de richesse nationale, quand on regarde toute la richesse produite dans le pays, je crois que la France est sept ou huiti\u00e8me, quelque chose comme \u00e7a. Derri\u00e8re l&#8217;Allemagne, le Royaume-Uni, il y a d&#8217;autres pays. Je crois que l&#8217;Inde est pass\u00e9 devant aussi. Bref, et \u00e7a, \u00e7a montre bien justement qu&#8217;il y a une concentration des richesses en France entre les mains de quelques personnes, ceux qu&#8217;on appelle les ultra-riches.<\/p>\n\n\n\n<p><a id=\"sonaar_ts-6927c485a17f7\" class=\"srmp3_sonaar_ts_shortcode\"  style=\"\" href=\"javascript:sonaar_ts_shortcode({ trackid:'0', time:'00:15:14', ts_id:'6927c485a17f7', play_icon:'' }) ;\">[00:15:14]<\/a> &#8211; Ingrid<\/p>\n\n\n\n<p>Alors, maintenant qu&#8217;on a vu la r\u00e9partition des richesses, on va se demander exactement quels sont les types d&#8217;imp\u00f4ts et de taxes qui existent en France. Comme \u00e7a, vous pourrez plus facilement vous faire une id\u00e9e, vous, sur cette question : la France taxe-t-elle trop les riches ? Alors, il faut savoir d\u00e9j\u00e0 qu&#8217;il y a un imp\u00f4t qui est tr\u00e8s connu, c&#8217;est l&#8217;imp\u00f4t sur le revenu et que celui-ci est progressif. \u00c7a veut dire que plus on gagne, plus le taux augmente, donc on paye un pourcentage plus \u00e9lev\u00e9. Mais attention, il faut savoir aussi que c&#8217;est est aussi un imp\u00f4t par tranche. Alors, qu&#8217;est-ce que \u00e7a veut dire l&#8217;imp\u00f4t par tranche ? Moi, je me souviens que quand j&#8217;\u00e9tais jeune, je n&#8217;avais pas du tout compris le principe et j&#8217;ai compris assez tard quand ma s\u0153ur m&#8217;a demand\u00e9 de l&#8217;aider \u00e0 v\u00e9rifier sa fiche d&#8217;imposition. Et l\u00e0, j&#8217;ai fait les calculs et j&#8217;ai compris que les personnes qui doivent payer 45% d&#8217;imp\u00f4t ne doivent pas payer 45% sur l&#8217;ensemble de leur salaire. En fait, c&#8217;est des tranches et on paye tous 0% jusqu&#8217;\u00e0 un certain salaire. Ensuite, on paye tous, je ne sais plus, 11% sur ce qui est au-dessus, etc.<\/p>\n\n\n\n<p><a id=\"sonaar_ts-6927c485a1805\" class=\"srmp3_sonaar_ts_shortcode\"  style=\"\" href=\"javascript:sonaar_ts_shortcode({ trackid:'0', time:'00:16:42', ts_id:'6927c485a1805', play_icon:'' }) ;\">[00:16:42]<\/a> &#8211; Ingrid<\/p>\n\n\n\n<p>Donc, \u00e7a va de 0% jusqu&#8217;\u00e0 45%. \u00c9videmment, si on ne gagne pas assez, on n&#8217;atteint pas la tranche de 45%, mais c&#8217;est donc progressif et par tranche. Je pense qu&#8217;il y a beaucoup de pays qui font comme \u00e7a. En tout cas, j&#8217;ai cherch\u00e9 et je n&#8217;ai pas trouv\u00e9 beaucoup d&#8217;infos, donc si vous voulez nous dire en commentaire comment \u00e7a fonctionne chez vous, je serais tr\u00e8s int\u00e9ress\u00e9e de savoir \u00e7a.<\/p>\n\n\n\n<p><a id=\"sonaar_ts-6927c485a180a\" class=\"srmp3_sonaar_ts_shortcode\"  style=\"\" href=\"javascript:sonaar_ts_shortcode({ trackid:'0', time:'00:17:07', ts_id:'6927c485a180a', play_icon:'' }) ;\">[00:17:07]<\/a> &#8211; Hugo<\/p>\n\n\n\n<p>Oui, c&#8217;est vrai que c&#8217;est un imp\u00f4t qui est tr\u00e8s progressif. Pour vous donner un exemple concret, quelqu&#8217;un qui gagne 50 000 \u20ac en France, qui a un salaire de 50 000 \u20ac net, il paie 13% d&#8217;imp\u00f4t sur le total de ses revenus. Donc l&#8217;imp\u00f4t sur les revenus, \u00e7a repr\u00e9sente 13% pour quelqu&#8217;un qui gagne 50 000 \u20ac. Et il faut savoir aussi que quasiment la moiti\u00e9 des Fran\u00e7ais ne paient pas d&#8217;imp\u00f4t sur le revenu, car leurs revenus sont trop faibles. Et \u00e0 l&#8217;inverse, les 10% des Fran\u00e7ais les plus riches paient 70% du total de l&#8217;imp\u00f4t sur le revenu. Donc, on voit que les tr\u00e8s riches contribuent beaucoup en ce qui concerne l&#8217;imp\u00f4t sur le revenu. Mais bon, encore une fois, l\u00e0, les 10%, c&#8217;est quand on parle des riches et pas des ultra-riches qui, eux, sont les z\u00e9ro 0,1 ou 0,01% et qui vont \u00eatre concern\u00e9s par la taxe Zucman, dont on va parler apr\u00e8s. Donc, a priori, ce syst\u00e8me d&#8217;imposition, il semble plut\u00f4t juste, plut\u00f4t \u00e9quitable.<\/p>\n\n\n\n<p><a id=\"sonaar_ts-6927c485a180f\" class=\"srmp3_sonaar_ts_shortcode\"  style=\"\" href=\"javascript:sonaar_ts_shortcode({ trackid:'0', time:'00:18:14', ts_id:'6927c485a180f', play_icon:'' }) ;\">[00:18:14]<\/a> &#8211; Ingrid<\/p>\n\n\n\n<p>Mais attention, l&#8217;imp\u00f4t sur le revenu, \u00e7a repr\u00e9sente que 7% de l&#8217;ensemble des imp\u00f4ts et taxes pay\u00e9s par les Fran\u00e7ais. Il y en a plein d&#8217;autres. Donc, \u00e7a veut dire que m\u00eame si cet imp\u00f4t-l\u00e0, qui est le plus connu, est progressif et \u00e9quitable, ce n&#8217;est pas forc\u00e9ment le cas pour la majorit\u00e9 des taxes. Par exemple&#8230;<\/p>\n\n\n\n<p><a id=\"sonaar_ts-6927c485a1816\" class=\"srmp3_sonaar_ts_shortcode\"  style=\"\" href=\"javascript:sonaar_ts_shortcode({ trackid:'0', time:'00:18:36', ts_id:'6927c485a1816', play_icon:'' }) ;\">[00:18:36]<\/a> &#8211; Hugo<\/p>\n\n\n\n<p>Je te coupe. C&#8217;est le plus connu parce que c&#8217;est celui dont on se rend compte le plus facilement, parce que chaque ann\u00e9e, on doit faire notre d\u00e9claration d&#8217;imp\u00f4t et si on a des imp\u00f4ts \u00e0 payer, les imp\u00f4ts font un pr\u00e9l\u00e8vement sur notre compte o\u00f9 nous, on doit faire un virement avec le montant d&#8217;imp\u00f4t. Donc, on voit vraiment tr\u00e8s concr\u00e8tement combien on paie d&#8217;imp\u00f4ts alors que les autres imp\u00f4ts dont tu vas parler, je pense, sont un peu moins visibles.<\/p>\n\n\n\n<p><a id=\"sonaar_ts-6927c485a181b\" class=\"srmp3_sonaar_ts_shortcode\"  style=\"\" href=\"javascript:sonaar_ts_shortcode({ trackid:'0', time:'00:19:05', ts_id:'6927c485a181b', play_icon:'' }) ;\">[00:19:05]<\/a> &#8211; Ingrid<\/p>\n\n\n\n<p>Oui, tout \u00e0 fait. J&#8217;allais parler justement de la TVA, la Taxe sur la Valeur Ajout\u00e9e, qui existe, je pense, dans tous les pays. Il me semble qu&#8217;il y a des pays qui font ressortir beaucoup plus la TVA qu&#8217;en France. On le voit vraiment. Par exemple, si je me trompe pas, aux \u00c9tats-Unis, il y a beaucoup de magasins o\u00f9 on a le prix hors taxes et puis on va \u00e0 la caisse et hop, on nous la taxe. Donc, on le sent. Alors qu&#8217;en France, les taxes, elles sont int\u00e9gr\u00e9es au prix qui est affich\u00e9 dans les magasins. Donc, \u00e7a peut aller de 20% pour certains produits, m\u00eame peut-\u00eatre plus pour des produits surtax\u00e9s, je ne sais pas.<\/p>\n\n\n\n<p><a id=\"sonaar_ts-6927c485a181f\" class=\"srmp3_sonaar_ts_shortcode\"  style=\"\" href=\"javascript:sonaar_ts_shortcode({ trackid:'0', time:'00:19:45', ts_id:'6927c485a181f', play_icon:'' }) ;\">[00:19:45]<\/a> &#8211; Hugo<\/p>\n\n\n\n<p>C&#8217;est le taux standard, 20%.<\/p>\n\n\n\n<p><a id=\"sonaar_ts-6927c485a1824\" class=\"srmp3_sonaar_ts_shortcode\"  style=\"\" href=\"javascript:sonaar_ts_shortcode({ trackid:'0', time:'00:19:47', ts_id:'6927c485a1824', play_icon:'' }) ;\">[00:19:47]<\/a> &#8211; Ingrid<\/p>\n\n\n\n<p>Il y a certains produits qui sont \u00e0 5,5% parce que c&#8217;est des produits plus de n\u00e9cessit\u00e9. Et donc, c&#8217;est une taxe qu&#8217;on paye sans s&#8217;en rendre compte et tout le monde paye la m\u00eame. Ce n&#8217;est pas parce qu&#8217;on est pauvre qu&#8217;on va payer moins de TVA, ce qui fait que forc\u00e9ment, \u00e0 la fin du mois, en pourcentage de leur revenu, les pauvres payent beaucoup plus de TVA. Parce que quand on n&#8217;a pas beaucoup d&#8217;argent, d\u00e9j\u00e0, on d\u00e9pense pratiquement tout ce qu&#8217;on a dans des choses qui sont essentielles comme la nourriture, les v\u00eatements pour avoir chaud l&#8217;hiver, etc. Et sur tout \u00e7a, on va payer une TVA. Alors que pour les personnes les plus riches, d\u00e9j\u00e0, il va y avoir moins de d\u00e9penses essentielles dans le budget. Et puis, il va y avoir beaucoup plus d&#8217;argent qui est mis sur soit des comptes, des livrets pour \u00e9conomiser, soit dans du patrimoine, etc. Et donc l\u00e0, il ne va pas y avoir autant de d\u00e9penses en TVA. C&#8217;est pour \u00e7a que la gauche appelle \u00e7a la TVA sociale.<\/p>\n\n\n\n<p><a id=\"sonaar_ts-6927c485a1828\" class=\"srmp3_sonaar_ts_shortcode\"  style=\"\" href=\"javascript:sonaar_ts_shortcode({ trackid:'0', time:'00:20:58', ts_id:'6927c485a1828', play_icon:'' }) ;\">[00:20:58]<\/a> &#8211; Hugo<\/p>\n\n\n\n<p>Oui, donc la TVA c&#8217;est un des imp\u00f4ts qui rapporte le plus. \u00c7a rapporte bien plus que l&#8217;imp\u00f4t sur le revenu. Quand je dis \u00e7a rapporte, \u00e7a veut dire que \u00e7a repr\u00e9sente des recettes plus importantes pour l&#8217;\u00c9tat. On ne va pas citer toutes les taxes qui existent. Il y en a beaucoup en France. Je pense que les fiscalistes fran\u00e7ais sont parmi les meilleurs du monde pour inventer de nouvelles taxes, parfois assez exotiques. Mais \u00e0 c\u00f4t\u00e9 de tout \u00e7a, des taxes et des imp\u00f4ts, il y a une autre grande cat\u00e9gorie qui s&#8217;appelle les cotisations sociales. Les cotisations sociales, on les paie directement sur notre salaire quand on est salari\u00e9, et \u00e7a permet de financer la s\u00e9curit\u00e9 sociale, le ch\u00f4mage, la retraite, Tout ce qui concerne la protection sociale. Et si vous travaillez en France, vous savez qu&#8217;il y a toujours une grosse diff\u00e9rence entre le salaire brut et le salaire net. Et cette diff\u00e9rence, c&#8217;est en grande partie les cotisations sociales.<\/p>\n\n\n\n<p><a id=\"sonaar_ts-6927c485a182c\" class=\"srmp3_sonaar_ts_shortcode\"  style=\"\" href=\"javascript:sonaar_ts_shortcode({ trackid:'0', time:'00:22:01', ts_id:'6927c485a182c', play_icon:'' }) ;\">[00:22:01]<\/a> &#8211; Ingrid<\/p>\n\n\n\n<p>Et les cotisations sociales, elles sont pay\u00e9es par les personnes, donc les salari\u00e9s. Mais attention, elles sont aussi pay\u00e9es en grande partie par l&#8217;entreprise. Donc, par exemple, Hugo, quand tu me verses mon salaire, moi, je vois sur ma fiche de paye que je paye pour la s\u00e9cu, le ch\u00f4mage et la retraite. Mais toi, avant, tu as d\u00e9j\u00e0 donn\u00e9 quelque chose pour moi avec&#8230; C&#8217;est l&#8217;entreprise, ce n&#8217;est pas toi, mais InnerFrench, c&#8217;est toi, donc voil\u00e0. Il faut quand m\u00eame souligner \u00e7a, le fait que les entreprises elles-m\u00eames payent aussi beaucoup de taxes. Et \u00e7a, a priori, c&#8217;est quelque chose, on peut se dire que c&#8217;est assez juste et qu&#8217;il ne faut pas non plus penser que tout p\u00e8se sur les personnes. D&#8217;ailleurs, tu vas peut-\u00eatre pouvoir nous dire quelles sont les autres taxes qui sont pay\u00e9es par les entreprises. Comment \u00e7a se passe, \u00e0 part les contributions sur les salaires ?<\/p>\n\n\n\n<p><a id=\"sonaar_ts-6927c485a1834\" class=\"srmp3_sonaar_ts_shortcode\"  style=\"\" href=\"javascript:sonaar_ts_shortcode({ trackid:'0', time:'00:23:00', ts_id:'6927c485a1834', play_icon:'' }) ;\">[00:23:00]<\/a> &#8211; Hugo<\/p>\n\n\n\n<p>Il y en a un sacr\u00e9 paquet, surtout compar\u00e9 \u00e0 la Pologne. Franchement, l\u00e0, en rentrant en France, je me rendais pas compte de toutes les taxes que j&#8217;allais devoir payer \u00e0 travers l&#8217;entreprise. Mais la plus connue, c&#8217;est l&#8217;imp\u00f4t sur les soci\u00e9t\u00e9s. Donc \u00e7a, c&#8217;est aussi une taxe qui existe dans tous les pays. C&#8217;est tout simplement la taxe sur les b\u00e9n\u00e9fices, sur les profits. En France, elle est fix\u00e9e \u00e0 25%. Donc, mettons qu&#8217;une entreprise fait 10 000 \u20ac de profit, elle va devoir payer 2 500 \u20ac d&#8217;imp\u00f4t sur les soci\u00e9t\u00e9s. Avant, c&#8217;\u00e9tait un peu plus. Avant Macron, c&#8217;\u00e9tait \u00e0 33%, mais Macron a baiss\u00e9 cet imp\u00f4t sur les soci\u00e9t\u00e9s pour rendre les entreprises fran\u00e7aises plus comp\u00e9titives. \u00c7a, c&#8217;\u00e9tait la raison officielle. Et \u00e0 c\u00f4t\u00e9 de \u00e7a, il y a plein de petites taxes, des taxes locales, des taxes pour la formation, etc. Moi, franchement, sur le compte de l&#8217;entreprise, parfois, je vois les imp\u00f4ts, un petit pr\u00e9l\u00e8vement de 500 \u20ac par l\u00e0, un autre pr\u00e9l\u00e8vement de 300 \u20ac. Je sais pas vraiment pourquoi c&#8217;est, mais j&#8217;ai l&#8217;impression, parfois, que le compte bancaire de l&#8217;entreprise, c&#8217;est open bar pour les imp\u00f4ts fran\u00e7ais. Ils prennent un peu d&#8217;argent quand ils en ont besoin.<\/p>\n\n\n\n<p><a id=\"sonaar_ts-6927c485a1839\" class=\"srmp3_sonaar_ts_shortcode\"  style=\"\" href=\"javascript:sonaar_ts_shortcode({ trackid:'0', time:'00:24:19', ts_id:'6927c485a1839', play_icon:'' }) ;\">[00:24:19]<\/a> &#8211; Ingrid<\/p>\n\n\n\n<p>Et en plus, je parie que tu n&#8217;as pas une armada, un grand groupe de comptables qui t&#8217;aident \u00e0 b\u00e9n\u00e9ficier de toutes les aides et les exon\u00e9rations possibles, parce que les entreprises, en g\u00e9n\u00e9ral, encore une fois, en mettant toutes les entreprises dans le m\u00eame sac, ont b\u00e9n\u00e9fici\u00e9 en 2023 de 211 milliards d&#8217;euros d&#8217;aides. C&#8217;est des aides vraiment tr\u00e8s diverses. Vous avez peut-\u00eatre vu dans les news cette histoire de commissions au S\u00e9nat. Il y a des s\u00e9nateurs de droite et de gauche ensemble qui ont fait une commission pour \u00e9tudier quelles \u00e9taient les aides qui \u00e9taient donn\u00e9es aux entreprises en France. Ils se sont rendus compte qu&#8217;il y en a \u00e9norm\u00e9ment et que celles-ci ne sont pas vraiment r\u00e9pertori\u00e9es correctement, qu&#8217;on ne demande pas de contrepartie aux entreprises. Donc, ils ont soulign\u00e9 le fait qu&#8217;il y a un probl\u00e8me. Ce qui est particuli\u00e8rement int\u00e9ressant, l\u00e0, qui me fait rire, mais en vrai, ce n&#8217;est pas dr\u00f4le, c&#8217;est que ceux qui touchent le plus ces aides, c&#8217;est justement les grosses entreprises qui, en plus, n&#8217;h\u00e9sitent pas \u00e0 quand m\u00eame licencier, \u00e0 quand m\u00eame maltraiter leurs salari\u00e9s dans certains cas, alors que les petites entreprises qui peuvent b\u00e9n\u00e9ficier aussi d&#8217;aides, parfois, elles ne savent m\u00eame pas comment les demander et donc, finalement, elles se retrouvent \u00e0 \u00eatre moins avantag\u00e9es.<\/p>\n\n\n\n<p><a id=\"sonaar_ts-6927c485a183e\" class=\"srmp3_sonaar_ts_shortcode\"  style=\"\" href=\"javascript:sonaar_ts_shortcode({ trackid:'0', time:'00:25:52', ts_id:'6927c485a183e', play_icon:'' }) ;\">[00:25:52]<\/a> &#8211; Hugo<\/p>\n\n\n\n<p>Oui, clairement, nous, on touche z\u00e9ro euro d&#8217;aides chez InnerFrench. Peut-\u00eatre qu&#8217;on aurait le droit \u00e0 quelque chose, mais on sait beaucoup de de paperasse, beaucoup d&#8217;administratif et je n&#8217;ai ni le temps ni les ressources pour me mettre sur ce sujet. Nous, on paie des imp\u00f4ts chez InnerFrench, mais pour le moment, on n&#8217;a pas de contrepartie. On ne touche pas d&#8217;aide. On a parl\u00e9 des imp\u00f4ts sur les particuliers, sur les individus, les imp\u00f4ts sur les soci\u00e9t\u00e9s. Et maintenant, on va s&#8217;int\u00e9resser plus sp\u00e9cifiquement aux imp\u00f4ts que paient les hauts patrimoines, donc les fameux ultra-riches. Comme on vous l&#8217;a dit, les ultra-riches ne se r\u00e9mun\u00e8rent pas \u00e0 travers des salaires, mais plut\u00f4t \u00e0 travers des revenus du capital, principalement des dividendes. Vous savez, quand on poss\u00e8de des actions, des parts d&#8217;une entreprise, chaque ann\u00e9e ou chaque trimestre, l&#8217;entreprise peut nous verser des dividendes, peut nous r\u00e9mun\u00e9rer, parce qu&#8217;on est propri\u00e9taire de cette entreprise. Donc, avant, l&#8217;imp\u00f4t sur les dividendes \u00e9tait progressif, un peu comme l&#8217;imp\u00f4t sur les revenus, mais Macron a d\u00e9cid\u00e9 de cr\u00e9er une flat tax, autrement dit un taux fixe de 30 %. Donc, quand on se verse des dividendes, on paie 30 %, peu importe le montant qu&#8217;on se verse. Donc, par exemple, si InnerFrench commence \u00e0 vendre des milliers de cours et qu&#8217;on a plein d&#8217;argent et que je veux me verser un million d&#8217;euros de dividendes, je ne paierai que 30% sur ces 1 million. On a le droit de r\u00eaver.<\/p>\n\n\n\n<p><a id=\"sonaar_ts-6927c485a1846\" class=\"srmp3_sonaar_ts_shortcode\"  style=\"\" href=\"javascript:sonaar_ts_shortcode({ trackid:'0', time:'00:27:29', ts_id:'6927c485a1846', play_icon:'' }) ;\">[00:27:29]<\/a> &#8211; Ingrid<\/p>\n\n\n\n<p>L\u00e0, je te demanderais une augmentation.<\/p>\n\n\n\n<p><a id=\"sonaar_ts-6927c485a184a\" class=\"srmp3_sonaar_ts_shortcode\"  style=\"\" href=\"javascript:sonaar_ts_shortcode({ trackid:'0', time:'00:27:31', ts_id:'6927c485a184a', play_icon:'' }) ;\">[00:27:31]<\/a> &#8211; Hugo<\/p>\n\n\n\n<p>Oui, effectivement, je commence par donner une augmentation \u00e0 Ania et Ingrid. De toute fa\u00e7on, les dividendes, c&#8217;est toujours sur les profits, c&#8217;est sur ce qu&#8217;il reste apr\u00e8s avoir pay\u00e9 les salari\u00e9s tous les coups de l&#8217;entreprise. Bref, je paierais 300 000 \u20ac de flat tax sur ces 1 million et apr\u00e8s, je ne paierai pas d&#8217;imp\u00f4t sur le revenu en plus. Donc je serais acquitt\u00e9, je pourrais d\u00e9penser ces 700 000 \u20ac qui me restent pour m&#8217;acheter une maison \u00e0 Marseille. \u00c7a fait r\u00eaver. \u00c7a fait r\u00eaver.<\/p>\n\n\n\n<p><a id=\"sonaar_ts-6927c485a184f\" class=\"srmp3_sonaar_ts_shortcode\"  style=\"\" href=\"javascript:sonaar_ts_shortcode({ trackid:'0', time:'00:28:06', ts_id:'6927c485a184f', play_icon:'' }) ;\">[00:28:06]<\/a> &#8211; Ingrid<\/p>\n\n\n\n<p>Donc en gros, une entreprise qui gagne beaucoup d&#8217;argent peut verser des dividendes \u00e0 ses patrons, mais aussi \u00e0 ses actionnaires, parce que certaines entreprises, non seulement ont comme actionnaire le chef d&#8217;entreprise, mais aussi plein d&#8217;autres personnes qui ont juste mis de l&#8217;argent dedans. Et donc, plus le revenu est important, plus en proportion&#8230; Ce n&#8217;est pas comme les imp\u00f4ts sur le revenu. Finalement, \u00e7a ne repr\u00e9sente pas grand-chose. Et quand on a d\u00e9j\u00e0 beaucoup d&#8217;argent, on s&#8217;en fiche, par exemple, comme tu disais, de ne pas cotiser, de ne pas avoir le droit au ch\u00f4mage, parce que ces personnes-l\u00e0 ont des tas de m\u00e9canismes priv\u00e9s pour pouvoir se prot\u00e9ger. Ce n&#8217;est pas des personnes qui vont se retrouver au ch\u00f4mage ou qui vont avoir des probl\u00e8mes pendant la retraite. Donc, C&#8217;est plut\u00f4t avantageux pour les grands patrons de pouvoir se payer en dividendes avec seulement 30% de taxes.<\/p>\n\n\n\n<p><a id=\"sonaar_ts-6927c485a1857\" class=\"srmp3_sonaar_ts_shortcode\"  style=\"\" href=\"javascript:sonaar_ts_shortcode({ trackid:'0', time:'00:29:07', ts_id:'6927c485a1857', play_icon:'' }) ;\">[00:29:07]<\/a> &#8211; Hugo<\/p>\n\n\n\n<p>Oui, il y a quelque chose qui est encore mieux, c&#8217;est de cr\u00e9er ce qu&#8217;on appelle une holding. L\u00e0, c&#8217;est un peu technique, on ne va pas en parler trop longtemps, mais une holding, c&#8217;est une entreprise qui poss\u00e8de d&#8217;autres entreprises. Donc en fait, souvent, ce que les chefs d&#8217;entreprises font quand leurs entreprises commencent \u00e0 g\u00e9n\u00e9rer beaucoup de profit, c&#8217;est qu&#8217;ils cr\u00e9ent une holding et cette holding est propri\u00e9taire de leur entreprise. Et ensuite, les chefs d&#8217;entreprises paient des dividendes \u00e0 cette holding. Donc les dividendes qui vont dans la holding ne sont pas tax\u00e9s. Ils sont tax\u00e9s seulement, je crois, \u00e0 1%. Donc ensuite, tout l&#8217;argent, tous les profits sont dans cette holding. Ils n&#8217;ont quasiment pas \u00e9t\u00e9 tax\u00e9s. Et avec cette holding, ils peuvent investir dans d&#8217;autres choses, dans de l&#8217;immobilier, acheter d&#8217;autres entreprises, etc. Donc \u00e7a, c&#8217;est un m\u00e9canisme d&#8217;optimisation fiscale qui est tr\u00e8s connu en France, qui est tout \u00e0 fait l\u00e9gal et qui permet aux chefs d&#8217;entreprises qui ont une entreprise qui marche tr\u00e8s bien de ne quasiment pas payer d&#8217;imp\u00f4t sur les profits qu&#8217;ils r\u00e9alisent.<\/p>\n\n\n\n<p><a id=\"sonaar_ts-6927c485a185c\" class=\"srmp3_sonaar_ts_shortcode\"  style=\"\" href=\"javascript:sonaar_ts_shortcode({ trackid:'0', time:'00:30:16', ts_id:'6927c485a185c', play_icon:'' }) ;\">[00:30:16]<\/a> &#8211; Ingrid<\/p>\n\n\n\n<p>Et en plus, ces personnes peuvent utiliser leurs entreprises pour payer des choses pour leur usage personnel. Ils peuvent aussi faire des d\u00e9penses en faisant des pr\u00eats bancaires, en mettant leur entreprise en gage. Donc, finalement, il y a beaucoup de m\u00e9canismes qui font que les personnes les plus riches, \u00e0 travers leur entreprise, ne payent, ne d\u00e9pensent pas beaucoup personnellement. Et en plus, \u00e0 la fin, Le calcul a \u00e9t\u00e9 fait, les milliardaires payent moins de 1% d&#8217;imp\u00f4t sur leur patrimoine.<\/p>\n\n\n\n<p><a id=\"sonaar_ts-6927c485a1860\" class=\"srmp3_sonaar_ts_shortcode\"  style=\"\" href=\"javascript:sonaar_ts_shortcode({ trackid:'0', time:'00:30:51', ts_id:'6927c485a1860', play_icon:'' }) ;\">[00:30:51]<\/a> &#8211; Hugo<\/p>\n\n\n\n<p>Oui, pour donner des exemples un peu concrets. Typiquement, quand on va au restaurant, c&#8217;est l&#8217;entreprise qui paye. On peut, si l&#8217;entreprise marche tr\u00e8s, tr\u00e8s bien, s&#8217;acheter un yacht. C&#8217;est officiellement l&#8217;entreprise qui est propri\u00e9taire du yacht, mais forc\u00e9ment, le chef d&#8217;entreprise peut l&#8217;utiliser quand il le veut. Le reste du temps, il loue ce yacht. Comme \u00e7a, \u00e7a justifie que ce n&#8217;est pas seulement \u00e0 usage personnel. Et voil\u00e0, c&#8217;est pour \u00e7a qu&#8217;en fait, la fronti\u00e8re entre le patrimoine professionnel et le patrimoine personnel n&#8217;est pas toujours tr\u00e8s claire. Elle est assez floue. Et c&#8217;est \u00e7a qui permet aux ultra-riches de payer tr\u00e8s peu d&#8217;imp\u00f4ts, compar\u00e9 aux personnes normales, aux personnes lambda, qui, elles, n&#8217;ont pas de holding et qui payent directement les imp\u00f4ts sur leur salaire.<\/p>\n\n\n\n<p><a id=\"sonaar_ts-6927c485a1864\" class=\"srmp3_sonaar_ts_shortcode\"  style=\"\" href=\"javascript:sonaar_ts_shortcode({ trackid:'0', time:'00:31:45', ts_id:'6927c485a1864', play_icon:'' }) ;\">[00:31:45]<\/a> &#8211; Ingrid<\/p>\n\n\n\n<p>Alors on vous a parl\u00e9 en introduction de la taxe Zucman. On va voir tr\u00e8s rapidement ce que c&#8217;est comme \u00e7a, quand vous en entendrez parler dans les m\u00e9dias, vous aurez quand m\u00eame une r\u00e9f\u00e9rence. D\u00e9j\u00e0, qui est Zucman ? Zucman, c&#8217;est Gabriel Zucman, un \u00e9conomiste<\/p>\n\n\n\n<p><a id=\"sonaar_ts-6927c485a186c\" class=\"srmp3_sonaar_ts_shortcode\"  style=\"\" href=\"javascript:sonaar_ts_shortcode({ trackid:'0', time:'00:32:07', ts_id:'6927c485a186c', play_icon:'' }) ;\">[00:32:07]<\/a> &#8211; Hugo<\/p>\n\n\n\n<p>Ce n&#8217;est pas un super h\u00e9ros.<\/p>\n\n\n\n<p><a id=\"sonaar_ts-6927c485a1870\" class=\"srmp3_sonaar_ts_shortcode\"  style=\"\" href=\"javascript:sonaar_ts_shortcode({ trackid:'0', time:'00:32:09', ts_id:'6927c485a1870', play_icon:'' }) ;\">[00:32:09]<\/a> &#8211; Ingrid<\/p>\n\n\n\n<p>Certains le pensent, mais c&#8217;est un \u00e9conomiste. Il est fran\u00e7ais, il a fait son post-doctorat \u00e0 Berkeley en Californie et aujourd\u2019hui il enseigne \u00e0 l\u2019\u00c9cole Normale Sup\u00e9rieure en France. Ses travaux de recherches portent particuli\u00e8rement sur les in\u00e9galit\u00e9s. Et pour faire face aux in\u00e9galit\u00e9s, lui, il propose un imp\u00f4t plancher de 2% pour les personnes qui poss\u00e8dent plus de 100 millions d\u2019euros de patrimoine. Et cet imp\u00f4t plancher serait calcul\u00e9 non pas sur les revenus mais sur l\u2019ensemble du patrimoine dont on vient de parler, en comptant les actions dans les entreprises, leurs \u0153uvres d&#8217;art, etc. Alors attention, j\u2019ai bien dit un \u201cimp\u00f4t plancher\u201d. Donc le plancher, c\u2019est le sol dans une maison, dans un b\u00e2timent et donc \u00e7a veut dire un imp\u00f4t minimum, un imp\u00f4t en dessous duquel on ne peut pas aller. Ca veut dire que les centi-millionnaires qui paient d\u00e9j\u00e0 2% de leur patrimoine en imp\u00f4ts sur le revenu, ils ne seraient pas concern\u00e9s ; alors qu\u2019au contraire, les centi-millionnaires qui ne se versent pratiquement aucun revenu et qui donc ne paient pratiquement aucun imp\u00f4t, eux, ils devraient payer la diff\u00e9rence. Voil\u00e0, donc par exemple si Bernard Arnault paie seulement 1% de son patrimoine en diverses taxes, il devra payer 1% de plus.<\/p>\n\n\n\n<p><a id=\"sonaar_ts-6927c485a1875\" class=\"srmp3_sonaar_ts_shortcode\"  style=\"\" href=\"javascript:sonaar_ts_shortcode({ trackid:'0', time:'00:33:57', ts_id:'6927c485a1875', play_icon:'' }) ;\">[00:33:57v]<\/a> &#8211; Hugo<\/p>\n\n\n\n<p>Et cet \u00e9conomiste, Gabriel Zuckmann, a estim\u00e9, a calcul\u00e9 que cette taxe rapporterait entre entre 15 et 20 milliards d&#8217;euros. D&#8217;autres \u00e9conomistes ne sont pas d&#8217;accord. Ils pensent que \u00e7a rapporterait moins. Tout simplement parce qu&#8217;encore une fois, c&#8217;est difficile d&#8217;\u00e9valuer le patrimoine professionnel. C&#8217;est m\u00e9caniquement, techniquement assez compliqu\u00e9. Et en fait, pourquoi Gabriel Zucman a propos\u00e9 cette taxe ? Eh bien, parce que d&#8217;apr\u00e8s lui et d&#8217;apr\u00e8s de nombreuses sources, de nombreuses institutions qui ont fait des \u00e9tudes sur le sujet, les milliardaires paient moins de 0,5% d&#8217;imp\u00f4t sur leur patrimoine r\u00e9el. Donc en fait, c&#8217;est l&#8217;exemple classique de dire que le chef d&#8217;entreprise, proportionnellement, paie moins d&#8217;imp\u00f4t que sa secr\u00e9taire. Et \u00e7a, c&#8217;est pas consid\u00e9r\u00e9 comme quelque chose d&#8217;\u00e9quitable. On a l&#8217;impression que la justice fiscale, ici, n&#8217;est pas respect\u00e9e. C&#8217;est pour \u00e7a que la taxe Zucman est massivement accept\u00e9e dans la soci\u00e9t\u00e9 fran\u00e7aise. 80% des Fran\u00e7ais l&#8217;approuvent. C&#8217;est suffisamment rare pour le dire parce qu&#8217;on dit tout le temps: Les Fran\u00e7ais sont divis\u00e9s, les Fran\u00e7ais sont divis\u00e9s. L\u00e0, sur ce sujet, ils sont assez unanimes.<\/p>\n\n\n\n<p><a id=\"sonaar_ts-6927c485a187a\" class=\"srmp3_sonaar_ts_shortcode\"  style=\"\" href=\"javascript:sonaar_ts_shortcode({ trackid:'0', time:'00:35:13', ts_id:'6927c485a187a', play_icon:'' }) ;\">[00:35:13]<\/a> &#8211; Ingrid<\/p>\n\n\n\n<p>Alors, au niveau des \u00e9conomistes, ce n&#8217;est pas tout \u00e0 fait unanime. Il y en a quand m\u00eame pas mal qui sont derri\u00e8re Gabriel Zucman. De fa\u00e7on \u00e9tonnante, il y a m\u00eame des \u00e9conomistes lib\u00e9raux qui pensent que c&#8217;est une bonne id\u00e9e, notamment un \u00e9conomiste qui a fait partie&#8230; qui a \u00e9t\u00e9 le directeur de programme de Macron en 2017. Donc, ce n&#8217;est pas que les \u00e9conomistes de gauche qui pensent que c&#8217;est important et que c&#8217;est possible, mais il y en a quand m\u00eame qui se posent des questions et qui disent que \u00e7a ne va pas \u00eatre possible \u00e0 mettre en place. Donc, quelles sont les critiques qui sont faites ?<\/p>\n\n\n\n<p><a id=\"sonaar_ts-6927c485a1882\" class=\"srmp3_sonaar_ts_shortcode\"  style=\"\" href=\"javascript:sonaar_ts_shortcode({ trackid:'0', time:'00:35:56', ts_id:'6927c485a1882', play_icon:'' }) ;\">[00:35:56]<\/a> &#8211; Hugo<\/p>\n\n\n\n<p>La premi\u00e8re critique concerne la valorisation de ce patrimoine, notamment le patrimoine professionnel, comme je l&#8217;ai d\u00e9j\u00e0 \u00e9voqu\u00e9. Comment on fait pour \u00e9valuer un yacht ou une entreprise non cot\u00e9e ? Certains&#8230; Non cot\u00e9e, \u00e7a veut dire une entreprise dont les actions ne sont pas vendues en Bourse. Par exemple, nous, si on d\u00e9cidait d&#8217;\u00e9valuer combien vaut InnerFrench, ce serait pas \u00e9vident. Et pourtant, on est une petite entreprise. \u00c0 \u00e7a, Gabriel Zucman r\u00e9pond que le Br\u00e9sil a d\u00e9j\u00e0 mis en place un imp\u00f4t similaire en 2024, sans catastrophe, \u00e7a s&#8217;est bien pass\u00e9, et que quotidiennement, les comptables dans les entreprises font ces valorisations d&#8217;actifs. Elles valorisent combien vaut, je ne sais pas, tel achat de machines, tous les investissements qui sont r\u00e9alis\u00e9s.<\/p>\n\n\n\n<p><a id=\"sonaar_ts-6927c485a1886\" class=\"srmp3_sonaar_ts_shortcode\"  style=\"\" href=\"javascript:sonaar_ts_shortcode({ trackid:'0', time:'00:36:46', ts_id:'6927c485a1886', play_icon:'' }) ;\">[00:36:46]<\/a> &#8211; Ingrid<\/p>\n\n\n\n<p>L&#8217;autre critique, c&#8217;est que les entreprises sont r\u00e9parties en actions et donc les actions, ce n&#8217;est pas du liquide, ce n&#8217;est pas de l&#8217;argent, concr\u00e8tement. Et certaines entreprises, qu&#8217;on appelle les &#8220;licornes&#8221;, sont des entreprises qui sont tr\u00e8s tr\u00e8s valoris\u00e9es, donc qui, sur le march\u00e9 de la Bourse, sont des grosses entreprises qui valent beaucoup. Mais concr\u00e8tement, comme elles sont encore assez jeunes, les patrons n&#8217;ont pas d&#8217;argent entre leurs mains qu&#8217;ils pourraient donner \u00e0 l&#8217;\u00c9tat sous forme d&#8217;imp\u00f4t. \u00c7a concerne pas beaucoup de personnes, mais par contre, c&#8217;est un v\u00e9ritable probl\u00e8me pour les quelques personnes qui sont concern\u00e9es, qui se retrouveraient \u00e0 devoir vendre compl\u00e8tement leur entreprise pour payer un imp\u00f4t. Donc, ce serait absurde. Mais Gabriel Zucman, lui, donne une r\u00e9ponse \u00e0 cette critique. C&#8217;est d&#8217;ailleurs quelque chose qui n&#8217;\u00e9tait pas pr\u00e9vu, il me semble, dans sa loi \u00e0 la base et qu&#8217;il a rajout\u00e9 apr\u00e8s en disant que ces entreprises pourraient directement verser des actions \u00e0 l&#8217;\u00c9tat. \u00c7a veut dire que chaque ann\u00e9e, l&#8217;\u00c9tat r\u00e9cup\u00e9rerait une petite partie des actions d&#8217;une entreprise montante et pourrait soit donner ces actions ou les vendre aux salari\u00e9s, soit les garder dans un fonds sp\u00e9cial, avec l&#8217;id\u00e9e, bien s\u00fbr, de ne pas les vendre \u00e0 des entreprises \u00e9trang\u00e8res. Et le gros exemple d&#8217;entreprise qui est concern\u00e9e, par exemple, c&#8217;est mistral, qui est une intelligence artificielle fran\u00e7aise qui est en train de monter, qui est tr\u00e8s bien valoris\u00e9e, mais pour l&#8217;instant, qui n&#8217;a encore rien rapport\u00e9 de tr\u00e8s concret \u00e0 ses cr\u00e9ateurs.<\/p>\n\n\n\n<p><a id=\"sonaar_ts-6927c485a188b\" class=\"srmp3_sonaar_ts_shortcode\"  style=\"\" href=\"javascript:sonaar_ts_shortcode({ trackid:'0', time:'00:38:32', ts_id:'6927c485a188b', play_icon:'' }) ;\">[00:38:32]<\/a> &#8211; Hugo<\/p>\n\n\n\n<p>Et enfin, il y a une derni\u00e8re critique, c&#8217;est qu&#8217;une telle taxe risquerait de faire fuir les riches, que les riches quitteraient la France, tout simplement, pour ne pas payer la taxe Zucman, parce qu&#8217;ils consid\u00e8rent qu&#8217;ils paient d\u00e9j\u00e0 trop d&#8217;imp\u00f4ts en France. Et \u00e7a, m\u00e9caniquement, \u00e7a ferait moins de recettes pour l&#8217;\u00c9tat, mais aussi moins d&#8217;entreprises, moins d&#8217;emplois. Donc \u00e7a serait un cercle vicieux qui aurait les effets oppos\u00e9s \u00e0 ce qu&#8217;on esp\u00e8re r\u00e9aliser r\u00e9alis\u00e9 gr\u00e2ce \u00e0 cette taxe. Mais quand on regarde concr\u00e8tement les chiffres, c&#8217;est quelque chose qui se passe assez rarement. On a d\u00e9j\u00e0 fait des \u00e9tudes quand on a cr\u00e9\u00e9 une autre taxe sur les grandes fortunes, l&#8217;ISF en France. Et en fait, on voit qu&#8217;il y a eu seulement 600 d\u00e9parts sur 350 000 personnes concern\u00e9es, 0,17%, tout simplement parce que ce n&#8217;est pas si simple de quitter un pays, surtout quand on a toutes nos activit\u00e9s professionnelles, nos relations, etc. Bon, parfois, on pr\u00e9f\u00e8re payer 2% d&#8217;imp\u00f4t en plus et ne pas forc\u00e9ment aller s&#8217;exiler juste pour faire quelques \u00e9conomies, surtout quand on a d\u00e9j\u00e0 plusieurs millions sur son compte en banque.<\/p>\n\n\n\n<p><a id=\"sonaar_ts-6927c485a1893\" class=\"srmp3_sonaar_ts_shortcode\"  style=\"\" href=\"javascript:sonaar_ts_shortcode({ trackid:'0', time:'00:39:49', ts_id:'6927c485a1893', play_icon:'' }) ;\">[00:39:49]<\/a> &#8211; Ingrid<\/p>\n\n\n\n<p>Et en plus, Gabriel Zucman, pour terminer, propose une exit tax, donc propose de continuer \u00e0 taxer les personnes qui se seraient exil\u00e9es fiscalement. Pendant quelques ann\u00e9es, ces personnes devraient continuer \u00e0 payer un imp\u00f4t en France en d\u00e9duisant bien s\u00fbr l&#8217;imp\u00f4t qu&#8217;ils payent d\u00e9j\u00e0 dans leur pays d&#8217;accueil. C&#8217;est ce que font les \u00c9tats-Unis, et les \u00c9tats-Unis, c&#8217;est pour toute la vie. Donc, c&#8217;est quelque chose qui n&#8217;existe pas en Europe, il me semble, et la France pourraient mettre en place ceux-l\u00e0, justement, pour compenser les \u00e9ventuels d\u00e9parts.<\/p>\n\n\n\n<p><a id=\"sonaar_ts-6927c485a1897\" class=\"srmp3_sonaar_ts_shortcode\"  style=\"\" href=\"javascript:sonaar_ts_shortcode({ trackid:'0', time:'00:40:24', ts_id:'6927c485a1897', play_icon:'' }) ;\">[00:40:24]<\/a> &#8211; Hugo<\/p>\n\n\n\n<p>Voil\u00e0. En conclusion, c&#8217;est un d\u00e9bat intellectuel int\u00e9ressant, mais concr\u00e8tement, il y a peu de chances que cette loi soit adopt\u00e9e dans le contexte actuel, parce que comme on vous l&#8217;a dit, la France a beaucoup de mal \u00e0 voter un budget \u00e0 cause des forces politiques qui n&#8217;ont pas de majorit\u00e9 claire \u00e0 l&#8217;Assembl\u00e9e. Donc, si le budget n&#8217;est pas adopt\u00e9, on ne peut pas faire passer de nouvelles lois fiscales comme cette loi Zucman. Mais en tout cas, \u00e7a a permis de relancer le d\u00e9bat sur la taxation des ultra-riches. Et en fait, ce que Gabriel Zucman veut, c&#8217;est que la France soit un leader mondial dans ce domaine et qu&#8217;ensuite cette taxe soit adopt\u00e9e \u00e0 l&#8217;\u00e9chelle mondiale pour \u00e9viter justement les exits fiscaux, etc. Donc voil\u00e0, c&#8217;est s\u00fbrement quelque chose dont on va reparler plus tard. On esp\u00e8re en tout cas que \u00e7a vous a permis de mieux comprendre ce d\u00e9bat. N&#8217;h\u00e9sitez pas \u00e0 nous dire ce que vous en pensez dans les commentaires et on se retrouve dans deux semaines.<\/p>\n\n\n\n<p><a id=\"sonaar_ts-6927c485a189c\" class=\"srmp3_sonaar_ts_shortcode\"  style=\"\" href=\"javascript:sonaar_ts_shortcode({ trackid:'0', time:'00:41:25', ts_id:'6927c485a189c', play_icon:'' }) ;\">[00:41:25]<\/a> &#8211; Ingrid<\/p>\n\n\n\n<p>\u00c0 dans deux semaines. Salut, salut.<\/p>\n","protected":false},"excerpt":{"rendered":"<p>&#8211; Hugo La France taxe-t-ellle trop les riches ? &#8211; Hugo Salut \u00e0 toutes et \u00e0 tous. Salut Ingrid. &#8211; Ingrid Salut Hugo. Comment \u00e7a va ? &#8211; Hugo \u00c7a va, \u00e7a va. J&#8217;ai l&#8217;impression que \u00e7a fait longtemps qu&#8217;on n&#8217;a pas enregistr\u00e9 un petit \u00e9pisode ensemble. &#8211; Ingrid Oui, c&#8217;est vrai, on a fait&#8230;<\/p>\n","protected":false},"author":17473,"featured_media":297749,"comment_status":"open","ping_status":"open","sticky":false,"template":"","format":[191],"meta":{"_acf_changed":false,"_kad_blocks_custom_css":"","_kad_blocks_head_custom_js":"","_kad_blocks_body_custom_js":"","_kad_blocks_footer_custom_js":"","_kad_post_transparent":"","_kad_post_title":"","_kad_post_layout":"","_kad_post_sidebar_id":"","_kad_post_content_style":"","_kad_post_vertical_padding":"","_kad_post_feature":"","_kad_post_feature_position":"","_kad_post_header":false,"_kad_post_footer":false,"_kad_post_classname":"","footnotes":""},"categories":[168],"tags":[175,176,172],"class_list":["post-297576","post","type-post","status-publish","format-standard","has-post-thumbnail","hentry","category-podcast","tag-france","tag-politique","tag-societe","format-duo-hugo-ingrid"],"acf":[],"taxonomy_info":{"category":[{"value":168,"label":"Podcast"}],"post_tag":[{"value":175,"label":"France"},{"value":176,"label":"Politique"},{"value":172,"label":"Soci\u00e9t\u00e9"}],"format":[{"value":191,"label":"Duo Hugo &amp; Ingrid"}]},"featured_image_src_large":["https:\/\/innerfrench.com\/wp-content\/uploads\/2025\/11\/Taxer-les-riches-750x406.jpg",750,406,true],"author_info":{"display_name":"Hugo &amp; Ingrid","author_link":"https:\/\/innerfrench.com\/author\/hugo_ingrid\/"},"comment_info":19,"category_info":[{"term_id":168,"name":"Podcast","slug":"podcast","term_group":0,"term_taxonomy_id":168,"taxonomy":"category","description":"","parent":0,"count":185,"filter":"raw","cat_ID":168,"category_count":185,"category_description":"","cat_name":"Podcast","category_nicename":"podcast","category_parent":0}],"tag_info":[{"term_id":175,"name":"France","slug":"france","term_group":0,"term_taxonomy_id":175,"taxonomy":"post_tag","description":"","parent":0,"count":100,"filter":"raw"},{"term_id":176,"name":"Politique","slug":"politique","term_group":0,"term_taxonomy_id":176,"taxonomy":"post_tag","description":"","parent":0,"count":20,"filter":"raw"},{"term_id":172,"name":"Soci\u00e9t\u00e9","slug":"societe","term_group":0,"term_taxonomy_id":172,"taxonomy":"post_tag","description":"","parent":0,"count":94,"filter":"raw"}],"_links":{"self":[{"href":"https:\/\/innerfrench.com\/wp-json\/wp\/v2\/posts\/297576","targetHints":{"allow":["GET"]}}],"collection":[{"href":"https:\/\/innerfrench.com\/wp-json\/wp\/v2\/posts"}],"about":[{"href":"https:\/\/innerfrench.com\/wp-json\/wp\/v2\/types\/post"}],"author":[{"embeddable":true,"href":"https:\/\/innerfrench.com\/wp-json\/wp\/v2\/users\/17473"}],"replies":[{"embeddable":true,"href":"https:\/\/innerfrench.com\/wp-json\/wp\/v2\/comments?post=297576"}],"version-history":[{"count":4,"href":"https:\/\/innerfrench.com\/wp-json\/wp\/v2\/posts\/297576\/revisions"}],"predecessor-version":[{"id":297904,"href":"https:\/\/innerfrench.com\/wp-json\/wp\/v2\/posts\/297576\/revisions\/297904"}],"wp:featuredmedia":[{"embeddable":true,"href":"https:\/\/innerfrench.com\/wp-json\/wp\/v2\/media\/297749"}],"wp:attachment":[{"href":"https:\/\/innerfrench.com\/wp-json\/wp\/v2\/media?parent=297576"}],"wp:term":[{"taxonomy":"category","embeddable":true,"href":"https:\/\/innerfrench.com\/wp-json\/wp\/v2\/categories?post=297576"},{"taxonomy":"post_tag","embeddable":true,"href":"https:\/\/innerfrench.com\/wp-json\/wp\/v2\/tags?post=297576"},{"taxonomy":"format","embeddable":true,"href":"https:\/\/innerfrench.com\/wp-json\/wp\/v2\/format?post=297576"}],"curies":[{"name":"wp","href":"https:\/\/api.w.org\/{rel}","templated":true}]}}